{"id":53296,"date":"2023-11-15T08:18:22","date_gmt":"2023-11-15T07:18:22","guid":{"rendered":"http:\/\/somos.vicencianos.org\/blog\/2011\/11\/el-mensaje-de-rue-du-bac-ix-la-conversion-instantanea-de-alfonso-ratisbona\/"},"modified":"2023-08-02T18:14:41","modified_gmt":"2023-08-02T16:14:41","slug":"el-mensaje-de-rue-du-bac-ix-la-conversion-instantanea-de-alfonso-ratisbona","status":"publish","type":"post","link":"https:\/\/vincentians.com\/es\/el-mensaje-de-rue-du-bac-ix-la-conversion-instantanea-de-alfonso-ratisbona\/","title":{"rendered":"El mensaje de Rue du Bac (IX. La conversi\u00f3n instant\u00e1nea de Alfonso Ratisbona)"},"content":{"rendered":"<p>La conversi\u00f3n de Alfonso Tobie Ratisbona es el hecho m\u00e1s re\u00adlevante en la historia de la Medalla, no s\u00f3lo porque puso el men\u00adsaje de Par\u00eds en conocimiento del mundo no cat\u00f3lico, sino tam\u00adbi\u00e9n porque dio como resultado el reconocimiento oficial de las apariciones de <em>Rue du Bac <\/em>por la Santa Sede.<\/p>\n<p>El hecho ocurri\u00f3 en Roma, en 1842. Ese mismo a\u00f1o, en Par\u00eds, el P. Aladel publicaba la octava edici\u00f3n de su <em>Notice, y <\/em>como \u00fal\u00adtima de las se\u00f1ales de protecci\u00f3n de la Medalla inclu\u00eda la con\u00adversi\u00f3n de Alfonso, dedic\u00e1ndole nada menos que sesenta p\u00e1ginas. Seg\u00fan el P. Aladel, los informes para su narraci\u00f3n los hab\u00eda to\u00admado de las charlas tenidas con Alfonso en su reciente estancia en Par\u00eds, de la correspondencia de \u00e9ste con su hermano, el Abate Ratisbona, y de las noticias abundantes y extensas publicadas a toda plana en la Prensa. Hab\u00eda sido un acontecimiento sensacional. Don Bosco le\u00eda estos comentarios a sus chicos antes de irse a dormir. Lo instant\u00e1neo y radical de la conversi\u00f3n hab\u00eda sorpren\u00addido al mismo Papa. Parec\u00eda como si ros predicadores se hubieran puesto de acuerdo para aludir al triunfo de la verdad cat\u00f3lica, en esta conversi\u00f3n.<\/p>\n<p>Nosotros, sin tanta conmoci\u00f3n, pero con m\u00e1s informes, pode\u00admos enjuiciar mejor el influjo y valor de este milagro, el m\u00e1s c\u00e9\u00adlebre y el m\u00e1s aut\u00e9ntico. A. Figaro, impresor de Su Majestad el Rey de Espa\u00f1a, public\u00f3 en Gerona, en 1842, la siguiente obra, <em>Conversi\u00f3n milagrosa del jud\u00edo Alfonso Ratisbona y ceremonia ce\u00adlebrada en este grandioso acto, traducida del franc\u00e9s y dedicada a todas las almas piadosas. <\/em>Decimos que ahora es el momento M\u00e1s oportuno para un enjuiciamiento imparcial y exacto porque con\u00adtamos con la declaraci\u00f3n oficial pontificia del milagro, cuya narraci\u00f3n ha sido, adem\u00e1s, incluida en una de las lecciones del Ofi\u00adcio de la Manifestaci\u00f3n de la Medalla.<\/p>\n<h2><strong>Por equivocaci\u00f3n en Roma<\/strong><\/h2>\n<p>A la edad de veintiocho arios, Alfonso, abogado y banquero de profesi\u00f3n, estaba desposado con Flora, una joven de diecisie\u00adte a\u00f1os que pertenec\u00eda a la aristocracia jud\u00eda. Alfonso era her\u00admoso y ten\u00eda un gran sentido del humor, pero guardaba en su coraz\u00f3n un fuerte odio a los cat\u00f3licos, sobre todo desde que su hermano Teodoro se hab\u00eda convertido y ordenado sacerdote en la Iglesia Cat\u00f3lica. Teodoro hab\u00eda unido sus fuerzas a las del Abate Desgenettes para la dif\u00edcil labor en Nuestra Se\u00f1ora de las Victorias, y desde entonces la Archicofrad\u00eda del Santo e Inmacu\u00adlado Coraz\u00f3n de Mar\u00eda ten\u00eda como uno de sus fines espec\u00edficos la conversi\u00f3n de los jud\u00edos, tarea ardua, pero retadora.<\/p>\n<p>En 1841, Alfonso decidi\u00f3 hacer un viaje a la isla de Malta. Por apremio de tiempo cambi\u00f3 su ruta, siguiendo el camino de Palermo, y, por equivocaci\u00f3n, subi\u00f3 a un tren con direcci\u00f3n a Roma, donde lleg\u00f3 el 6 de enero de 1842. En Roma, como cual\u00adquier turista hubiera hecho, se dedic\u00f3 a visitar los monumen\u00adtos que \u00e9l juzgaba m\u00e1s interesantes. All\u00ed se encontr\u00f3 con un amigo, el Bar\u00f3n Teodoro Bussi\u00e9re, quien hizo grandes esfuerzos para convertirle.<\/p>\n<p>Las circunstancias de su planeado matrimonio invitaban a pen\u00adsar m\u00e1s en un viaje de novios que a discutir cosas de religi\u00f3n; y, sin embargo, aquellas eran las circustancias escogidas por la Divina Providencia. El se\u00f1or de Bussi\u00e9re le invit\u00f3 a cenar en su casa. All\u00ed le ret\u00f3 a demostrar su hombr\u00eda y Alfonso acept\u00f3 el reto; recibi\u00f3 una medalla que le colg\u00f3 del cuello una hija de Bussi\u00e9re y prometi\u00f3 rezar la oraci\u00f3n del <em>Memorare, <\/em>de San Ber\u00adnardo. Desde luego, Alfonso nunca pensaba que aquello pudiera significar nada, excepto el objeto de una apuesta.<\/p>\n<p>Al d\u00eda siguiente, por la tarde, Alfonso hac\u00eda los \u00faltimos pre\u00adparativos de despedida, como el \u00fanico medio de desechar la idea que le asediaba constantemente. Durante la noche del 19 al 20 se hab\u00eda enfrentado con la visi\u00f3n de una cruz, limpia y desnuda, que le atormentaba en el coraz\u00f3n. Alfonso encontr\u00f3 en la calle al se\u00f1or de Bussi\u00e9re. Este se dirig\u00eda a la iglesia de Sant&#8217;Andrea della Fratte, para hacer los preparativos del funeral por su amigo el Conde de Laferronays. Alfonso, que hab\u00eda convenido en acom\u00adpa\u00f1arle, se qued\u00f3 curioseando eT art\u00e9 de la iglesia mientras el se\u00f1or Bussi\u00e9re penetraba en la sacrist\u00eda. De s\u00fabito, un enorme perro negro sali\u00f3 sin saberse de d\u00f3nde y comenz\u00f3 a husmear delante de Alfonso. El perro desapareci\u00f3 de repente, lo mismo que hab\u00eda aparecido; pero Alfonso se sinti\u00f3 atraido hacia la Ca\u00adpilla de los Angeles Guardianes, de donde sal\u00eda un caudal ofus\u00adcante de luz.<\/p>\n<p>Al llegar levant\u00f3 sus ojos y contempl\u00f3 a Nuestra Se\u00f1ora que se le aparec\u00eda en la misma actitud en que estab\u00e1 represenf\u00e1da en la Medalla. S\u00f3lo pudo verla por un momento; era tanta su ra\u00addiante hermosura que apenas pudo levantar los ojos a la altura de sus manos. Hincado de rodillas, con l\u00e1grimas en los ojos, Al\u00adfonso defin\u00eda las manos de la Virgen como \u00abla expresi\u00f3n m\u00e1s viva de todos los secretos de la divina bondad\u00bb. A\u00f1ad\u00eda, adem\u00e1s, que la Virgen Mar\u00eda no le hab\u00eda hablado cosa alguna, pero que \u00e9l \u00abhab\u00eda entendido todo\u00bb. Comprendi\u00f3 que su conversi\u00f3n la de\u00adb\u00eda a la Medalla, a las oraciones de la Cofrad\u00eda del Inmaculado Coraz\u00f3n de Mar\u00eda y al se\u00f1or Conde de Ferronays que, antes de morir, hab\u00eda dicho m\u00e1s de 20 <em>Memorares <\/em>por \u00e9l. As\u00ed ocurri\u00f3 el hecho de su conversi\u00f3n.<\/p>\n<h2><strong>En plena libertad<\/strong><\/h2>\n<p>El se\u00f1or Bussi\u00e9re condujo en seguida a Ratisbona a casa de la familia de Laferronays. El suceso m\u00e1s importante de su vida estaba \u00edntimamente relacionado con la presente desgracia de la casa. Alfonso crey\u00f3 un deber suyo el endulzar las l\u00e1grimas de la familia con su reconocimiento, y esto es lo que pretend\u00eda con su visita. Inmediatamente despu\u00e9s del funeral, Alfonso comenz\u00f3 un per\u00edodo de diez d\u00edas con los Jesu\u00edtas para instruirse en la fe. El Padre Villeforte, su instructor, le llev\u00f3 a visitar al Papa, Gre\u00adgorio XVI, que, extremando su paternidad, les introdujo en su dormitorio privado y all\u00ed les ense\u00f1\u00f3 una imagen de la Virgen de la Medalla, ante la cual \u00e9l rezaba.<\/p>\n<p>Su ingreso en la Iglesia ten\u00eda un car\u00e1cter internacional. El Cardenal Patrizi, Vicario de Roma, escuch\u00f3 la abjuraci\u00f3n de sus errores, le bautiz\u00f3, le confirm\u00f3 y le dio la primera comuni\u00f3n. Las noticias de la \u00abMadonna\u00bb y Ratisbona invadieron Europa entera, particularmente los c\u00edrculos pol\u00edticos y financieros, don\u00adde los nombres de Ratisbona, Bussier y Laferronays eran muy conocidos. La Medalla no era un regalo tan s\u00f3lo para los ca\u00adt\u00f3licos.<\/p>\n<p>Alfonso escribi\u00f3 a sus familiares y a Flora, su novia, a quien invitaba a continuar con el planeado matrimonio si se hac\u00eda ca\u00adt\u00f3lica. Las respuestas llegaron pronto: todos le dejaban en plena libertad.<\/p>\n<p>Mientras tanto, el Vaticano segu\u00eda una investigaci\u00f3n oficial so\u00adbre el Milagro de la conversi\u00f3n. El Cardenal Patrizi presidi\u00f3 las veinticinco sesiones que se celebraron del 17 de febrero al 3 de junio de 1842. La decisi\u00f3n del tribunal fue afirmativa, la conver\u00adsi\u00f3n de Alfonso hab\u00eda sido un milagro obtenido por mediaci\u00f3n de Mar\u00eda.<\/p>\n<p>Los interrogatorios terminaron. Alfonso ingres\u00f3 en la Compa\u00ad\u00f1\u00eda de los Jesu\u00edtas y con ellos permaneci\u00f3 diez a\u00f1os, siendo or\u00addenado sacerdote. Sin embargo, una voz persistente le dec\u00eda que deb\u00eda marcharse y dedicarse a la conversi\u00f3n de los jud\u00edos. Con los debidos permisos dej\u00f3 la Compa\u00f1\u00eda para unirse a su herma\u00adno Teodoro en las fundaciones de \u00abNuestra Se\u00f1ora del Monte Si\u00f3n\u00bb y la \u00abCongregaci\u00f3n de Sacerdotes de San Pedro\u00bb, para la conversi\u00f3n de los jud\u00edos. En Madrid estuvo el 24 de mayo de 1857 para dar a conocer la obra de Nuestra Se\u00f1ora.<\/p>\n<p>Miguel Guti\u00e9rrez nos escribe algunas de las actividades del Pa\u00addre Alfonso y algunos ejemplos de su comportamiento: inaugura la misi\u00f3n de Tierra Santa, rescatando el viejo y derruido preto\u00adrio de Pilatos; levanta all\u00ed el primer monasterio de Mas de Si\u00f3n; y el arco bajo el cual Pilatos present\u00f3 a Jes\u00fas, azotado y hecho rey de burlas, lo adosa a la nueva capilla, celebrando en ella la primera misa, el d\u00eda 20 de enero de 1858, aniversario de su con\u00adversi\u00f3n.<\/p>\n<h2><strong>De vuelta en Roma<\/strong><\/h2>\n<p>El d\u00eda 25 de enero de 1878, Alfonso volvi\u00f3 a Roma a hincar sus rodillas delante del altar donde la Virgen Mar\u00eda le hab\u00eda mos\u00adtrado su hermosura y bondad. All\u00ed, nuevamente, derram\u00f3 l\u00e1gri\u00admas de emoci\u00f3n. Nadie le hab\u00eda conocido los primeros d\u00edas; pero al ir a celebrar misa en la iglesia donde tuvo lugar su bautismo, el prefecto, sacerdote joven, le dice leyendo su tarjeta: \u00abEstos son los nombres del se\u00f1or Ratisbona de Sant&#8217;Andrea.\u00bb \u00abCierto \u2014le contest\u00f3 Alfonso\u2014; los mismos nombres. Y yo soy paisano suyo.\u00bb Y en esto qued\u00f3 todo.<\/p>\n<p>Contaron a P\u00edo IX lo ocurrido y el venerable Pont\u00edfice, grave\u00admente enfermo, se alegr\u00f3 mucho. El d\u00eda primero de febrero, ani\u00adversario del d\u00eda en que fue presentado a Gregorio XVI, el Padre Alfonso era recibido por P\u00edo IX. Al salir de la audiencia, el Papa exclam\u00f3 delante de los Cardenales: \u00ab\u00a1Oh, qu\u00e9 amable!\u00bb<\/p>\n<p>Alfonso regres\u00f3 a Palestina lleno de gozo. Seis a\u00f1os despu\u00e9s, el 30 de abril de 1884, llegaba a la residencia de San Juan para dar apertura al mes de Mar\u00eda. Al celebrar&#8217; la misa, un dolor le hace abandonar su deseo; aquella pulmon\u00eda era la preparaci\u00f3n a la muerte. \u00abEn mis horas postreras \u2014dec\u00eda Alfonso\u2014 no me sugi\u00adr\u00e1is otra jaculatoria que el dulce nombre de Mar\u00eda: esta palabra bajar\u00e1 a lo m\u00e1s \u00edntimo de mi coraz\u00f3n. Si el 20 de enero vi a Mar\u00eda y la cruz, ahora veo la cruz con Mar\u00eda; mas muy pronto ya desaparecer\u00e1 la cruz y estar\u00e9 con Mar\u00eda.\u00bb<\/p>\n<p>Alfonso fue un sacerdote ejemplar, activo y ferviente. En su aposento hab\u00eda entronizado la imagen de Nuestra Se\u00f1ora. Mu\u00adri\u00f3 el 6 de mayo de 1884. Sus amigos levantaron una estatua a la Virgen de la Medalla sobre su tumba para que vigile sobre \u00e9l y sirva de recuerdo a los pasajeros. Mar\u00eda es el camino hacia Jes\u00fas.<\/p>\n<p>Un deseo se llev\u00f3 consigo insatisfecho. Despu\u00e9s de su conver\u00adsi\u00f3n fue a Par\u00eds a ver a la vidente de la Medalla. Pudo entonces hablar con el P. Aladel. Pero, lo mismo que Mons. de Quelen, que quiso verla aunque fuese cubierta con un velo; lo mismo que Gre\u00adgorio XVI, que manifest\u00f3 su inter\u00e9s, hubo de mortificar su cu\u00adriosidad en aras del secreto. Si el Papa hubiera insistido, hubi\u00e9\u00adramos asistido a unos acontecimientos interesantes.<\/p>\n<p>La conversi\u00f3n repentina de Tobi Ratisbona despej\u00f3 la incog\u00adnita que se cern\u00eda sobre la vidente de las apariciones. El se so\u00admet\u00eda a todo interrogatorio, ella viv\u00eda piadosamente oculta. Eran un complemento y un contraste en el mensaje de <em>Rue du Bac. <\/em>Ella pertenec\u00eda a la clase rural, sencilla, profundamente religiosa; \u00e9l proced\u00eda de la clase aristocr\u00e1tica, economista, intelectual y m\u00e1s bien indiferente a las cosas de fe. Ella satisfac\u00eda los anhelos de piedad ordinarios, creyente sin disquisiciones; \u00e9l asombraba y convenc\u00eda a te\u00f3logos y juristas, a los elegantes de la Banca y a los entendidos del Vaticano. El y ella fueron necesarios al men\u00adsaje: sin \u00e9l, el entusiasmo del primer decenio se hubiera extin\u00adguido paulatinamente; sin ella, \u00bfc\u00f3mo se podr\u00eda haber puesto en marcha aquel entusiasmo popular de devoci\u00f3n a la inmacula\u00adda? A partir de 1842, los libros que se escriben en torno al men\u00adsaje de Rue du Bac cuentan la vida y conversi\u00f3n de Ratisbona, en sustituci\u00f3n de la <em>Notice <\/em>sobre el origen de la Medalla, que, sor\u00adprendentemente, deja de editarse hasta 1878. En esta fecha se pu\u00adblica, por primera vez, el nombre de la vidente; y desde enton\u00adces sus biograf\u00edas vuelven a coger el relevo en la difusi\u00f3n del mensaje. Sor Catalina hab\u00eda comenzado a adquirir un nombre cos\u00admopolita: ya no era la aldeana de Fain-les-Moutiers ni la silen\u00adciosa novicia de Par\u00eds; era una Santa de la Iglesia Universal. Aho\u00adra se apagaban los comentarios del fabuloso converso. cuyo nom\u00adbre corri\u00f3 de boca en boca durante muchos a\u00f1os con asombro. Hoy los historiadores inexpertos cuentan su conversi\u00f3n como una m\u00e1s en una lista interminable. El silencio del mensaje ha llegado a Ratisbona. Es su turno. Hay una equidistancia entre la aparici\u00f3n de la Virgen a Sor Catalina y la conversi\u00f3n de Ratisbona; y en\u00adtre \u00e9sta y la definici\u00f3n del dogma, no s\u00f3lo en tiempo, sino tam\u00adbi\u00e9n en significado. De 1830 a 1842 hay doce a\u00f1os, los mismos que de 1842 a 1854.<\/p>\n<p><strong>Bibliograf\u00eda:<\/strong><\/p>\n<p><strong>BUSSIERE, <\/strong>Theodor: <em>Conversi\u00f3n de Marie APphonse Ratis\u00adbone, <\/em>Par\u00eds, 1842; Le T. R.: <em>Theodore Ratisbonne, <\/em>vol. I, p\u00e1g. 183-85, 196\u00ad215, 249, 277-292 et passim, Par\u00eds, 1905; <strong>GUTI\u00c9RREZ, <\/strong>Miguel: <em>El valor apo\u00adlog\u00e9tico de la Medalla, <\/em>p\u00e1gs. 44-83, Madrid, 1934; <strong>HERRERA, <\/strong>Jos\u00e9: <em>Nuestra Se\u00f1ora de Si\u00f3n, en <\/em>\u00abLa Milagrosa\u00bb: (1962) 9-13, Madrid; <strong>EGLEBERT, <\/strong>Omer: <em>Catherine Labour\u00e9 and the modem apparitions of Our Lady, <\/em>p\u00e1gs. 62\u00ad106 (trad. Alastair Guinan, del original franc\u00e9s) New York, 1959; <strong>ALADEL, <\/strong>Jean-Marie: <em>Notice&#8230;, 8\u00aa <\/em>edic., p\u00e1gs. 391-450; Diltvim, Joseph: o. c., p\u00e1ginas 166-171; <strong>ADRIANO, <\/strong>Francesco: <em>II grande messaggio Mariano <\/em>del 1830, volumen I, p\u00e1gs. 230-248, Casalmonferrato, 1952; <em>Conversi\u00f3n milagrosa del jud\u00edo Alfonso Ratisbona y ceremonia celebrada en este grandioso acto, traducida del franc\u00e9s y dedicada a todas las almas piadosas, <\/em>Gerona, 1842; <em>Anales de la c\u00e9lebre y prodigiosa Archicofrad\u00eda del Sant\u00edsimo e Inmaculado Coraz\u00f3n de Mar\u00eda para la conversi\u00f3n de los pecadores, que publica en Par\u00eds Mr. l&#8217;Abb\u00e9 Defriche-Desgenettes y traducidos al espa\u00f1ol por dos eclesi\u00e1sticos, <\/em>p\u00e1gs. 127-196, Bilbao, 1845; <em>Historia de la milagrosa conver\u00adsi\u00f3n del juda\u00edsmo ala religi\u00f3n cat\u00f3lica de Mr. Mar\u00eda Alfonso Ratisbona, ahora sacerdote de la Congregaci\u00f3n de Nuestra Se\u00f1ora de Si\u00f3n <\/em>(tradu\u00adcida por don Juan Manuel Barrioz\u00e1bal) 3.* edic, Madrid, 1857.<\/p>\n","protected":false},"excerpt":{"rendered":"<p>La conversi\u00f3n de Alfonso Tobie Ratisbona es el hecho m\u00e1s re\u00adlevante en la historia de la Medalla, no s\u00f3lo porque puso el men\u00adsaje de Par\u00eds en conocimiento del mundo no cat\u00f3lico, sino tam\u00adbi\u00e9n porque dio &#8230; <a href=\"https:\/\/vincentians.com\/es\/el-mensaje-de-rue-du-bac-ix-la-conversion-instantanea-de-alfonso-ratisbona\/\" class=\"more-link\">Read More<\/a><\/p>\n","protected":false},"author":4,"featured_media":404259,"comment_status":"open","ping_status":"open","sticky":false,"template":"","format":"standard","meta":{"jetpack_post_was_ever_published":false,"_jetpack_newsletter_access":"","_jetpack_dont_email_post_to_subs":false,"_jetpack_newsletter_tier_id":0,"_jetpack_memberships_contains_paywalled_content":false,"_jetpack_memberships_contains_paid_content":false,"footnotes":"","jetpack_publicize_message":"","jetpack_publicize_feature_enabled":true,"jetpack_social_post_already_shared":true,"jetpack_social_options":{"image_generator_settings":{"template":"highway","default_image_id":0,"font":"","enabled":false},"version":2}},"categories":[8],"tags":[182,190],"class_list":["post-53296","post","type-post","status-publish","format-standard","has-post-thumbnail","hentry","category-virgen-maria","tag-ratisbona","tag-rue-du-bac"],"yoast_head":"<!-- This site is optimized with the Yoast SEO plugin v26.3 - https:\/\/yoast.com\/wordpress\/plugins\/seo\/ -->\n<title>El mensaje de Rue du Bac (IX. La conversi\u00f3n instant\u00e1nea de Alfonso Ratisbona) - Somos Vicencianos<\/title>\n<meta name=\"robots\" content=\"index, follow, max-snippet:-1, max-image-preview:large, max-video-preview:-1\" \/>\n<link rel=\"canonical\" href=\"https:\/\/vincentians.com\/es\/el-mensaje-de-rue-du-bac-ix-la-conversion-instantanea-de-alfonso-ratisbona\/\" \/>\n<meta property=\"og:locale\" content=\"es_ES\" \/>\n<meta property=\"og:type\" content=\"article\" \/>\n<meta property=\"og:title\" content=\"El mensaje de Rue du Bac (IX. La conversi\u00f3n instant\u00e1nea de Alfonso Ratisbona) - Somos Vicencianos\" \/>\n<meta property=\"og:description\" content=\"La conversi\u00f3n de Alfonso Tobie Ratisbona es el hecho m\u00e1s re\u00adlevante en la historia de la Medalla, no s\u00f3lo porque puso el men\u00adsaje de Par\u00eds en conocimiento del mundo no cat\u00f3lico, sino tam\u00adbi\u00e9n porque dio ... Read More\" \/>\n<meta property=\"og:url\" content=\"https:\/\/vincentians.com\/es\/el-mensaje-de-rue-du-bac-ix-la-conversion-instantanea-de-alfonso-ratisbona\/\" \/>\n<meta property=\"og:site_name\" content=\"Somos Vicencianos\" \/>\n<meta property=\"article:publisher\" content=\"https:\/\/www.facebook.com\/WeAreVincentians\/\" \/>\n<meta property=\"article:author\" content=\"https:\/\/www.facebook.com\/JavierChento\" \/>\n<meta property=\"article:published_time\" content=\"2023-11-15T07:18:22+00:00\" \/>\n<meta property=\"og:image\" content=\"https:\/\/i0.wp.com\/vincentians.com\/es\/wp-content\/uploads\/sites\/11\/2022\/08\/imagen-1-2.jpg?fit=350%2C349&ssl=1\" \/>\n\t<meta property=\"og:image:width\" content=\"350\" \/>\n\t<meta property=\"og:image:height\" content=\"349\" \/>\n\t<meta property=\"og:image:type\" content=\"image\/jpeg\" \/>\n<meta name=\"author\" content=\"Francisco Javier Fern\u00e1ndez Chento\" \/>\n<meta name=\"twitter:card\" content=\"summary_large_image\" \/>\n<meta name=\"twitter:creator\" content=\"@https:\/\/twitter.com\/javierchento\" \/>\n<meta name=\"twitter:site\" content=\"@WeVincentians\" \/>\n<meta name=\"twitter:label1\" content=\"Escrito por\" \/>\n\t<meta name=\"twitter:data1\" content=\"Francisco Javier Fern\u00e1ndez Chento\" \/>\n\t<meta name=\"twitter:label2\" content=\"Tiempo de lectura\" \/>\n\t<meta name=\"twitter:data2\" content=\"11 minutos\" \/>\n<script type=\"application\/ld+json\" class=\"yoast-schema-graph\">{\"@context\":\"https:\/\/schema.org\",\"@graph\":[{\"@type\":\"Article\",\"@id\":\"https:\/\/vincentians.com\/es\/el-mensaje-de-rue-du-bac-ix-la-conversion-instantanea-de-alfonso-ratisbona\/#article\",\"isPartOf\":{\"@id\":\"https:\/\/vincentians.com\/es\/el-mensaje-de-rue-du-bac-ix-la-conversion-instantanea-de-alfonso-ratisbona\/\"},\"author\":{\"name\":\"Francisco Javier Fern\u00e1ndez Chento\",\"@id\":\"http:\/\/vincentians.com\/es\/#\/schema\/person\/9623ef4d9aa3b2dfb8c061f1499288f2\"},\"headline\":\"El mensaje de Rue du Bac (IX. La conversi\u00f3n instant\u00e1nea de Alfonso Ratisbona)\",\"datePublished\":\"2023-11-15T07:18:22+00:00\",\"mainEntityOfPage\":{\"@id\":\"https:\/\/vincentians.com\/es\/el-mensaje-de-rue-du-bac-ix-la-conversion-instantanea-de-alfonso-ratisbona\/\"},\"wordCount\":2526,\"commentCount\":1,\"publisher\":{\"@id\":\"http:\/\/vincentians.com\/es\/#organization\"},\"image\":{\"@id\":\"https:\/\/vincentians.com\/es\/el-mensaje-de-rue-du-bac-ix-la-conversion-instantanea-de-alfonso-ratisbona\/#primaryimage\"},\"thumbnailUrl\":\"https:\/\/i0.wp.com\/vincentians.com\/es\/wp-content\/uploads\/sites\/11\/2022\/08\/imagen-1-2.jpg?fit=350%2C349&ssl=1\",\"keywords\":[\"Ratisbona\",\"Rue du Bac\"],\"articleSection\":[\"Virgen Mar\u00eda\"],\"inLanguage\":\"es\",\"potentialAction\":[{\"@type\":\"CommentAction\",\"name\":\"Comment\",\"target\":[\"https:\/\/vincentians.com\/es\/el-mensaje-de-rue-du-bac-ix-la-conversion-instantanea-de-alfonso-ratisbona\/#respond\"]}]},{\"@type\":\"WebPage\",\"@id\":\"https:\/\/vincentians.com\/es\/el-mensaje-de-rue-du-bac-ix-la-conversion-instantanea-de-alfonso-ratisbona\/\",\"url\":\"https:\/\/vincentians.com\/es\/el-mensaje-de-rue-du-bac-ix-la-conversion-instantanea-de-alfonso-ratisbona\/\",\"name\":\"El mensaje de Rue du Bac (IX. La conversi\u00f3n instant\u00e1nea de Alfonso Ratisbona) - Somos Vicencianos\",\"isPartOf\":{\"@id\":\"http:\/\/vincentians.com\/es\/#website\"},\"primaryImageOfPage\":{\"@id\":\"https:\/\/vincentians.com\/es\/el-mensaje-de-rue-du-bac-ix-la-conversion-instantanea-de-alfonso-ratisbona\/#primaryimage\"},\"image\":{\"@id\":\"https:\/\/vincentians.com\/es\/el-mensaje-de-rue-du-bac-ix-la-conversion-instantanea-de-alfonso-ratisbona\/#primaryimage\"},\"thumbnailUrl\":\"https:\/\/i0.wp.com\/vincentians.com\/es\/wp-content\/uploads\/sites\/11\/2022\/08\/imagen-1-2.jpg?fit=350%2C349&ssl=1\",\"datePublished\":\"2023-11-15T07:18:22+00:00\",\"breadcrumb\":{\"@id\":\"https:\/\/vincentians.com\/es\/el-mensaje-de-rue-du-bac-ix-la-conversion-instantanea-de-alfonso-ratisbona\/#breadcrumb\"},\"inLanguage\":\"es\",\"potentialAction\":[{\"@type\":\"ReadAction\",\"target\":[\"https:\/\/vincentians.com\/es\/el-mensaje-de-rue-du-bac-ix-la-conversion-instantanea-de-alfonso-ratisbona\/\"]}]},{\"@type\":\"ImageObject\",\"inLanguage\":\"es\",\"@id\":\"https:\/\/vincentians.com\/es\/el-mensaje-de-rue-du-bac-ix-la-conversion-instantanea-de-alfonso-ratisbona\/#primaryimage\",\"url\":\"https:\/\/i0.wp.com\/vincentians.com\/es\/wp-content\/uploads\/sites\/11\/2022\/08\/imagen-1-2.jpg?fit=350%2C349&ssl=1\",\"contentUrl\":\"https:\/\/i0.wp.com\/vincentians.com\/es\/wp-content\/uploads\/sites\/11\/2022\/08\/imagen-1-2.jpg?fit=350%2C349&ssl=1\",\"width\":350,\"height\":349},{\"@type\":\"BreadcrumbList\",\"@id\":\"https:\/\/vincentians.com\/es\/el-mensaje-de-rue-du-bac-ix-la-conversion-instantanea-de-alfonso-ratisbona\/#breadcrumb\",\"itemListElement\":[{\"@type\":\"ListItem\",\"position\":1,\"name\":\"Portada\",\"item\":\"http:\/\/vincentians.com\/es\/\"},{\"@type\":\"ListItem\",\"position\":2,\"name\":\"El mensaje de Rue du Bac (IX. La conversi\u00f3n instant\u00e1nea de Alfonso Ratisbona)\"}]},{\"@type\":\"WebSite\",\"@id\":\"http:\/\/vincentians.com\/es\/#website\",\"url\":\"http:\/\/vincentians.com\/es\/\",\"name\":\"Somos Vicencianos\",\"description\":\"Know more to serve more\",\"publisher\":{\"@id\":\"http:\/\/vincentians.com\/es\/#organization\"},\"potentialAction\":[{\"@type\":\"SearchAction\",\"target\":{\"@type\":\"EntryPoint\",\"urlTemplate\":\"http:\/\/vincentians.com\/es\/?s={search_term_string}\"},\"query-input\":{\"@type\":\"PropertyValueSpecification\",\"valueRequired\":true,\"valueName\":\"search_term_string\"}}],\"inLanguage\":\"es\"},{\"@type\":\"Organization\",\"@id\":\"http:\/\/vincentians.com\/es\/#organization\",\"name\":\"The Vincentian Network\",\"url\":\"http:\/\/vincentians.com\/es\/\",\"logo\":{\"@type\":\"ImageObject\",\"inLanguage\":\"es\",\"@id\":\"http:\/\/vincentians.com\/es\/#\/schema\/logo\/image\/\",\"url\":\"https:\/\/i1.wp.com\/vincentians.com\/es\/wp-content\/uploads\/sites\/11\/2016\/06\/Vincentian-Network-logo-big.png?fit=778%2C778\",\"contentUrl\":\"https:\/\/i1.wp.com\/vincentians.com\/es\/wp-content\/uploads\/sites\/11\/2016\/06\/Vincentian-Network-logo-big.png?fit=778%2C778\",\"width\":778,\"height\":778,\"caption\":\"The Vincentian Network\"},\"image\":{\"@id\":\"http:\/\/vincentians.com\/es\/#\/schema\/logo\/image\/\"},\"sameAs\":[\"https:\/\/www.facebook.com\/WeAreVincentians\/\",\"https:\/\/x.com\/WeVincentians\"]},{\"@type\":\"Person\",\"@id\":\"http:\/\/vincentians.com\/es\/#\/schema\/person\/9623ef4d9aa3b2dfb8c061f1499288f2\",\"name\":\"Francisco Javier Fern\u00e1ndez Chento\",\"image\":{\"@type\":\"ImageObject\",\"inLanguage\":\"es\",\"@id\":\"http:\/\/vincentians.com\/es\/#\/schema\/person\/image\/\",\"url\":\"https:\/\/secure.gravatar.com\/avatar\/497d5cde87b4c3d097d0315953521681ba2cd523ee66e5077c3711f7021e65de?s=96&d=mm&r=g\",\"contentUrl\":\"https:\/\/secure.gravatar.com\/avatar\/497d5cde87b4c3d097d0315953521681ba2cd523ee66e5077c3711f7021e65de?s=96&d=mm&r=g\",\"caption\":\"Francisco Javier Fern\u00e1ndez Chento\"},\"description\":\"Director General y cofundador de La Red de Formaci\u00f3n Vicenciana. Javier es laico vicenciano, afiliado a la Congregaci\u00f3n de la Misi\u00f3n y miembro del Equipo de Misiones Populares de la provincia can\u00f3nica de Zaragoza (Espa\u00f1a) de la Congregaci\u00f3n de la Misi\u00f3n. Graduado en la Universidad Oberta de Catalunya con cuatro grados (Asistente de direcci\u00f3n, Gesti\u00f3n Administrativa, Recursos Humanos y Contabilidad Avanzada). Bil\u00edng\u00fce Espa\u00f1ol\/Ingl\u00e9s. gestiona y mantiene varias p\u00e1ginas web cristianas y vicencianas, incluida including La Red de Formaci\u00f3n Vicenciana, de la que es cofundador. Actualmente es responsable del \u00e1rea de Espa\u00f1ol de .famvin, la Red de Noticias de la Familia Vicenciana. Tambi\u00e9n es m\u00fasico cat\u00f3lico y ha editado varios discos. Es Director General y cofundador de Trovador, una reconocida compa\u00f1\u00eda discogr\u00e1fica critiana de Espa\u00f1a. Trabaja en las Tecnolog\u00edas de la Informaci\u00f3n, ofreciendo servicios de alojamiento, dise\u00f1o y mantenimiento Web, as\u00ed como asesoramiento, formaci\u00f3n y soluciones inform\u00e1ticas, gesti\u00f3n documental y digitalizaci\u00f3n de textos, edici\u00f3n y maquetaci\u00f3n de libros, revistas, flyers, etc.\",\"sameAs\":[\"http:\/\/chento.org\",\"https:\/\/www.facebook.com\/JavierChento\",\"https:\/\/x.com\/https:\/\/twitter.com\/javierchento\"],\"url\":\"https:\/\/vincentians.com\/es\/author\/chento\/\"}]}<\/script>\n<!-- \/ Yoast SEO plugin. -->","yoast_head_json":{"title":"El mensaje de Rue du Bac (IX. La conversi\u00f3n instant\u00e1nea de Alfonso Ratisbona) - Somos Vicencianos","robots":{"index":"index","follow":"follow","max-snippet":"max-snippet:-1","max-image-preview":"max-image-preview:large","max-video-preview":"max-video-preview:-1"},"canonical":"https:\/\/vincentians.com\/es\/el-mensaje-de-rue-du-bac-ix-la-conversion-instantanea-de-alfonso-ratisbona\/","og_locale":"es_ES","og_type":"article","og_title":"El mensaje de Rue du Bac (IX. La conversi\u00f3n instant\u00e1nea de Alfonso Ratisbona) - Somos Vicencianos","og_description":"La conversi\u00f3n de Alfonso Tobie Ratisbona es el hecho m\u00e1s re\u00adlevante en la historia de la Medalla, no s\u00f3lo porque puso el men\u00adsaje de Par\u00eds en conocimiento del mundo no cat\u00f3lico, sino tam\u00adbi\u00e9n porque dio ... Read More","og_url":"https:\/\/vincentians.com\/es\/el-mensaje-de-rue-du-bac-ix-la-conversion-instantanea-de-alfonso-ratisbona\/","og_site_name":"Somos Vicencianos","article_publisher":"https:\/\/www.facebook.com\/WeAreVincentians\/","article_author":"https:\/\/www.facebook.com\/JavierChento","article_published_time":"2023-11-15T07:18:22+00:00","og_image":[{"width":350,"height":349,"url":"https:\/\/i0.wp.com\/vincentians.com\/es\/wp-content\/uploads\/sites\/11\/2022\/08\/imagen-1-2.jpg?fit=350%2C349&ssl=1","type":"image\/jpeg"}],"author":"Francisco Javier Fern\u00e1ndez Chento","twitter_card":"summary_large_image","twitter_creator":"@https:\/\/twitter.com\/javierchento","twitter_site":"@WeVincentians","twitter_misc":{"Escrito por":"Francisco Javier Fern\u00e1ndez Chento","Tiempo de lectura":"11 minutos"},"schema":{"@context":"https:\/\/schema.org","@graph":[{"@type":"Article","@id":"https:\/\/vincentians.com\/es\/el-mensaje-de-rue-du-bac-ix-la-conversion-instantanea-de-alfonso-ratisbona\/#article","isPartOf":{"@id":"https:\/\/vincentians.com\/es\/el-mensaje-de-rue-du-bac-ix-la-conversion-instantanea-de-alfonso-ratisbona\/"},"author":{"name":"Francisco Javier Fern\u00e1ndez Chento","@id":"http:\/\/vincentians.com\/es\/#\/schema\/person\/9623ef4d9aa3b2dfb8c061f1499288f2"},"headline":"El mensaje de Rue du Bac (IX. La conversi\u00f3n instant\u00e1nea de Alfonso Ratisbona)","datePublished":"2023-11-15T07:18:22+00:00","mainEntityOfPage":{"@id":"https:\/\/vincentians.com\/es\/el-mensaje-de-rue-du-bac-ix-la-conversion-instantanea-de-alfonso-ratisbona\/"},"wordCount":2526,"commentCount":1,"publisher":{"@id":"http:\/\/vincentians.com\/es\/#organization"},"image":{"@id":"https:\/\/vincentians.com\/es\/el-mensaje-de-rue-du-bac-ix-la-conversion-instantanea-de-alfonso-ratisbona\/#primaryimage"},"thumbnailUrl":"https:\/\/i0.wp.com\/vincentians.com\/es\/wp-content\/uploads\/sites\/11\/2022\/08\/imagen-1-2.jpg?fit=350%2C349&ssl=1","keywords":["Ratisbona","Rue du Bac"],"articleSection":["Virgen Mar\u00eda"],"inLanguage":"es","potentialAction":[{"@type":"CommentAction","name":"Comment","target":["https:\/\/vincentians.com\/es\/el-mensaje-de-rue-du-bac-ix-la-conversion-instantanea-de-alfonso-ratisbona\/#respond"]}]},{"@type":"WebPage","@id":"https:\/\/vincentians.com\/es\/el-mensaje-de-rue-du-bac-ix-la-conversion-instantanea-de-alfonso-ratisbona\/","url":"https:\/\/vincentians.com\/es\/el-mensaje-de-rue-du-bac-ix-la-conversion-instantanea-de-alfonso-ratisbona\/","name":"El mensaje de Rue du Bac (IX. La conversi\u00f3n instant\u00e1nea de Alfonso Ratisbona) - Somos Vicencianos","isPartOf":{"@id":"http:\/\/vincentians.com\/es\/#website"},"primaryImageOfPage":{"@id":"https:\/\/vincentians.com\/es\/el-mensaje-de-rue-du-bac-ix-la-conversion-instantanea-de-alfonso-ratisbona\/#primaryimage"},"image":{"@id":"https:\/\/vincentians.com\/es\/el-mensaje-de-rue-du-bac-ix-la-conversion-instantanea-de-alfonso-ratisbona\/#primaryimage"},"thumbnailUrl":"https:\/\/i0.wp.com\/vincentians.com\/es\/wp-content\/uploads\/sites\/11\/2022\/08\/imagen-1-2.jpg?fit=350%2C349&ssl=1","datePublished":"2023-11-15T07:18:22+00:00","breadcrumb":{"@id":"https:\/\/vincentians.com\/es\/el-mensaje-de-rue-du-bac-ix-la-conversion-instantanea-de-alfonso-ratisbona\/#breadcrumb"},"inLanguage":"es","potentialAction":[{"@type":"ReadAction","target":["https:\/\/vincentians.com\/es\/el-mensaje-de-rue-du-bac-ix-la-conversion-instantanea-de-alfonso-ratisbona\/"]}]},{"@type":"ImageObject","inLanguage":"es","@id":"https:\/\/vincentians.com\/es\/el-mensaje-de-rue-du-bac-ix-la-conversion-instantanea-de-alfonso-ratisbona\/#primaryimage","url":"https:\/\/i0.wp.com\/vincentians.com\/es\/wp-content\/uploads\/sites\/11\/2022\/08\/imagen-1-2.jpg?fit=350%2C349&ssl=1","contentUrl":"https:\/\/i0.wp.com\/vincentians.com\/es\/wp-content\/uploads\/sites\/11\/2022\/08\/imagen-1-2.jpg?fit=350%2C349&ssl=1","width":350,"height":349},{"@type":"BreadcrumbList","@id":"https:\/\/vincentians.com\/es\/el-mensaje-de-rue-du-bac-ix-la-conversion-instantanea-de-alfonso-ratisbona\/#breadcrumb","itemListElement":[{"@type":"ListItem","position":1,"name":"Portada","item":"http:\/\/vincentians.com\/es\/"},{"@type":"ListItem","position":2,"name":"El mensaje de Rue du Bac (IX. La conversi\u00f3n instant\u00e1nea de Alfonso Ratisbona)"}]},{"@type":"WebSite","@id":"http:\/\/vincentians.com\/es\/#website","url":"http:\/\/vincentians.com\/es\/","name":"Somos Vicencianos","description":"Know more to serve more","publisher":{"@id":"http:\/\/vincentians.com\/es\/#organization"},"potentialAction":[{"@type":"SearchAction","target":{"@type":"EntryPoint","urlTemplate":"http:\/\/vincentians.com\/es\/?s={search_term_string}"},"query-input":{"@type":"PropertyValueSpecification","valueRequired":true,"valueName":"search_term_string"}}],"inLanguage":"es"},{"@type":"Organization","@id":"http:\/\/vincentians.com\/es\/#organization","name":"The Vincentian Network","url":"http:\/\/vincentians.com\/es\/","logo":{"@type":"ImageObject","inLanguage":"es","@id":"http:\/\/vincentians.com\/es\/#\/schema\/logo\/image\/","url":"https:\/\/i1.wp.com\/vincentians.com\/es\/wp-content\/uploads\/sites\/11\/2016\/06\/Vincentian-Network-logo-big.png?fit=778%2C778","contentUrl":"https:\/\/i1.wp.com\/vincentians.com\/es\/wp-content\/uploads\/sites\/11\/2016\/06\/Vincentian-Network-logo-big.png?fit=778%2C778","width":778,"height":778,"caption":"The Vincentian Network"},"image":{"@id":"http:\/\/vincentians.com\/es\/#\/schema\/logo\/image\/"},"sameAs":["https:\/\/www.facebook.com\/WeAreVincentians\/","https:\/\/x.com\/WeVincentians"]},{"@type":"Person","@id":"http:\/\/vincentians.com\/es\/#\/schema\/person\/9623ef4d9aa3b2dfb8c061f1499288f2","name":"Francisco Javier Fern\u00e1ndez Chento","image":{"@type":"ImageObject","inLanguage":"es","@id":"http:\/\/vincentians.com\/es\/#\/schema\/person\/image\/","url":"https:\/\/secure.gravatar.com\/avatar\/497d5cde87b4c3d097d0315953521681ba2cd523ee66e5077c3711f7021e65de?s=96&d=mm&r=g","contentUrl":"https:\/\/secure.gravatar.com\/avatar\/497d5cde87b4c3d097d0315953521681ba2cd523ee66e5077c3711f7021e65de?s=96&d=mm&r=g","caption":"Francisco Javier Fern\u00e1ndez Chento"},"description":"Director General y cofundador de La Red de Formaci\u00f3n Vicenciana. Javier es laico vicenciano, afiliado a la Congregaci\u00f3n de la Misi\u00f3n y miembro del Equipo de Misiones Populares de la provincia can\u00f3nica de Zaragoza (Espa\u00f1a) de la Congregaci\u00f3n de la Misi\u00f3n. Graduado en la Universidad Oberta de Catalunya con cuatro grados (Asistente de direcci\u00f3n, Gesti\u00f3n Administrativa, Recursos Humanos y Contabilidad Avanzada). Bil\u00edng\u00fce Espa\u00f1ol\/Ingl\u00e9s. gestiona y mantiene varias p\u00e1ginas web cristianas y vicencianas, incluida including La Red de Formaci\u00f3n Vicenciana, de la que es cofundador. Actualmente es responsable del \u00e1rea de Espa\u00f1ol de .famvin, la Red de Noticias de la Familia Vicenciana. Tambi\u00e9n es m\u00fasico cat\u00f3lico y ha editado varios discos. Es Director General y cofundador de Trovador, una reconocida compa\u00f1\u00eda discogr\u00e1fica critiana de Espa\u00f1a. Trabaja en las Tecnolog\u00edas de la Informaci\u00f3n, ofreciendo servicios de alojamiento, dise\u00f1o y mantenimiento Web, as\u00ed como asesoramiento, formaci\u00f3n y soluciones inform\u00e1ticas, gesti\u00f3n documental y digitalizaci\u00f3n de textos, edici\u00f3n y maquetaci\u00f3n de libros, revistas, flyers, etc.","sameAs":["http:\/\/chento.org","https:\/\/www.facebook.com\/JavierChento","https:\/\/x.com\/https:\/\/twitter.com\/javierchento"],"url":"https:\/\/vincentians.com\/es\/author\/chento\/"}]}},"jetpack_publicize_connections":[],"jetpack_featured_media_url":"https:\/\/i0.wp.com\/vincentians.com\/es\/wp-content\/uploads\/sites\/11\/2022\/08\/imagen-1-2.jpg?fit=350%2C349&ssl=1","jetpack_sharing_enabled":true,"jetpack_shortlink":"https:\/\/wp.me\/p7ETMF-dRC","jetpack-related-posts":[{"id":53272,"url":"https:\/\/vincentians.com\/es\/el-mensaje-de-rue-du-bac-introduccion\/","url_meta":{"origin":53296,"position":0},"title":"El mensaje de Rue du Bac (Introducci\u00f3n)","author":"Francisco Javier Fern\u00e1ndez Chento","date":"27\/10\/2023","format":false,"excerpt":"Es dif\u00edcil precisar el significado y mensaje de las apariciones de la Virgen Mar\u00eda a Santa Catalina Labour\u00e9. Aunque fueron las primeras de todas las mariofan\u00edas modernas no han tenido a\u00fan ni un historiador ni un te\u00f3logo que las haya estudiado en profun\u00addidad. Cierto que las biograf\u00edas de la vidente\u2026","rel":"","context":"En \u00abVirgen Mar\u00eda\u00bb","block_context":{"text":"Virgen Mar\u00eda","link":"https:\/\/vincentians.com\/es\/category\/espiritualidad\/virgen-maria\/"},"img":{"alt_text":"","src":"https:\/\/i0.wp.com\/vincentians.com\/es\/wp-content\/uploads\/sites\/11\/2022\/08\/imagen-1-2.jpg?fit=350%2C349&ssl=1&resize=350%2C200","width":350,"height":200},"classes":[]},{"id":53389,"url":"https:\/\/vincentians.com\/es\/virgen-de-la-medalla-milagrosa\/","url_meta":{"origin":53296,"position":1},"title":"Virgen de la Medalla Milagrosa","author":"Francisco Javier Fern\u00e1ndez Chento","date":"24\/11\/2011","format":false,"excerpt":"Se aparece a Catalina Labour\u00e9, hermana de la Caridad, en el convento de la calle Du Bac de Par\u00eds, el 18 de julio de 1830. Ella cuenta que a las 11:30 de la noche, se despert\u00f3, porque alguien la llamaba. Descorre las cortinas de su cama y ve a un\u2026","rel":"","context":"En \u00abVirgen Mar\u00eda\u00bb","block_context":{"text":"Virgen Mar\u00eda","link":"https:\/\/vincentians.com\/es\/category\/espiritualidad\/virgen-maria\/"},"img":{"alt_text":"","src":"https:\/\/i0.wp.com\/vicencianos.org\/wp-content\/2010\/06\/medalla_milagrosa_2corazones-204x300.jpg?resize=350%2C200","width":350,"height":200},"classes":[]},{"id":53283,"url":"https:\/\/vincentians.com\/es\/el-mensaje-de-rue-du-bac-iv-palabras-de-la-virgen\/","url_meta":{"origin":53296,"position":2},"title":"El mensaje de Rue du Bac (IV. Palabras de la Virgen)","author":"Francisco Javier Fern\u00e1ndez Chento","date":"05\/11\/2023","format":false,"excerpt":"En M\u00edstica se habla de un lenguaje divino, de locuciones so\u00adbrenaturales, con el cual Dios manifiesta su pensamiento inefable a un alma. Esta comunicaci\u00f3n sobrenatural puede hacerse a tra\u00adv\u00e9s del o\u00eddo o de la imaginaci\u00f3n (fantas\u00eda), o por impresiones di\u00adrectas en el entendimiento. As\u00ed surge la cl\u00e1sica divisi\u00f3n de locu\u00adciones\u2026","rel":"","context":"En \u00abVirgen Mar\u00eda\u00bb","block_context":{"text":"Virgen Mar\u00eda","link":"https:\/\/vincentians.com\/es\/category\/espiritualidad\/virgen-maria\/"},"img":{"alt_text":"","src":"https:\/\/i0.wp.com\/vincentians.com\/es\/wp-content\/uploads\/sites\/11\/2022\/08\/imagen-1-2.jpg?fit=350%2C349&ssl=1&resize=350%2C200","width":350,"height":200},"classes":[]},{"id":53381,"url":"https:\/\/vincentians.com\/es\/la-medalla-milagrosa\/","url_meta":{"origin":53296,"position":3},"title":"La Medalla Milagrosa","author":"Francisco Javier Fern\u00e1ndez Chento","date":"27\/11\/2019","format":false,"excerpt":"Nuestra Madre la Virgen se apareci\u00f3 el 18 de julio de 1830 a Sor Catalina Labour\u00e9, y volvi\u00f3 a aparec\u00e9rsele el 27 de noviembre del mismo a\u00f1o con las manos extendidas, irradiando mucha luz y con una serpiente a sus pies, teniendo a su alrededor escritas las palabras: Oh Mar\u00eda,\u2026","rel":"","context":"En \u00abVirgen Mar\u00eda\u00bb","block_context":{"text":"Virgen Mar\u00eda","link":"https:\/\/vincentians.com\/es\/category\/espiritualidad\/virgen-maria\/"},"img":{"alt_text":"","src":"https:\/\/i0.wp.com\/vincentians.com\/es\/wp-content\/uploads\/sites\/11\/2016\/11\/La-Milagrosa5.jpg?fit=1200%2C630&ssl=1&resize=350%2C200","width":350,"height":200,"srcset":"https:\/\/i0.wp.com\/vincentians.com\/es\/wp-content\/uploads\/sites\/11\/2016\/11\/La-Milagrosa5.jpg?fit=1200%2C630&ssl=1&resize=350%2C200 1x, https:\/\/i0.wp.com\/vincentians.com\/es\/wp-content\/uploads\/sites\/11\/2016\/11\/La-Milagrosa5.jpg?fit=1200%2C630&ssl=1&resize=525%2C300 1.5x, https:\/\/i0.wp.com\/vincentians.com\/es\/wp-content\/uploads\/sites\/11\/2016\/11\/La-Milagrosa5.jpg?fit=1200%2C630&ssl=1&resize=700%2C400 2x, https:\/\/i0.wp.com\/vincentians.com\/es\/wp-content\/uploads\/sites\/11\/2016\/11\/La-Milagrosa5.jpg?fit=1200%2C630&ssl=1&resize=1050%2C600 3x"},"classes":[]},{"id":53277,"url":"https:\/\/vincentians.com\/es\/el-mensaje-de-rue-du-bac-i-nota-sobre-la-vidente\/","url_meta":{"origin":53296,"position":4},"title":"El mensaje de Rue du Bac (I. Nota sobre la vidente)","author":"Francisco Javier Fern\u00e1ndez Chento","date":"29\/10\/2023","format":false,"excerpt":"Zo\u00e9 Catalina, hija de Pedro Labour\u00e9 y Magdalena Gontard, na\u00adci\u00f3 el 2 de mayo de 1806 en Fain-les-Moutiers, de 200 habitantes, en la Costa de Oro francesa, di\u00f3cesis de Dijon. Su padre, ex-se\u00adminarista, y su madre, ex-maestra, cultivaban una extensa labran\u00adza, con doce jornaleros, al mismo tiempo que procuraban una\u2026","rel":"","context":"En \u00abVirgen Mar\u00eda\u00bb","block_context":{"text":"Virgen Mar\u00eda","link":"https:\/\/vincentians.com\/es\/category\/espiritualidad\/virgen-maria\/"},"img":{"alt_text":"","src":"https:\/\/i0.wp.com\/vincentians.com\/es\/wp-content\/uploads\/sites\/11\/2022\/08\/imagen-1-2.jpg?fit=350%2C349&ssl=1&resize=350%2C200","width":350,"height":200},"classes":[]},{"id":53290,"url":"https:\/\/vincentians.com\/es\/el-mensaje-de-rue-du-bac-vii-la-manifestacion-y-la-revelacion\/","url_meta":{"origin":53296,"position":5},"title":"El mensaje de Rue du Bac (VII. La manifestaci\u00f3n y la revelaci\u00f3n)","author":"Francisco Javier Fern\u00e1ndez Chento","date":"11\/11\/2023","format":false,"excerpt":"La existencia de las revelaciones privadas no puede ponerse en duda. La Sagrada Escritura, la Tradici\u00f3n y la Historia de la Iglesia cuentan casos claros de revelaciones privadas. Fue en el siglo xv cuando los te\u00f3logos, ante el problema de la canonizaci\u00f3n de los santos, sintieron la necesidad de elaborar\u2026","rel":"","context":"En \u00abVirgen Mar\u00eda\u00bb","block_context":{"text":"Virgen Mar\u00eda","link":"https:\/\/vincentians.com\/es\/category\/espiritualidad\/virgen-maria\/"},"img":{"alt_text":"","src":"https:\/\/i0.wp.com\/vincentians.com\/es\/wp-content\/uploads\/sites\/11\/2022\/08\/imagen-1-2.jpg?fit=350%2C349&ssl=1&resize=350%2C200","width":350,"height":200},"classes":[]}],"_links":{"self":[{"href":"https:\/\/vincentians.com\/es\/wp-json\/wp\/v2\/posts\/53296","targetHints":{"allow":["GET"]}}],"collection":[{"href":"https:\/\/vincentians.com\/es\/wp-json\/wp\/v2\/posts"}],"about":[{"href":"https:\/\/vincentians.com\/es\/wp-json\/wp\/v2\/types\/post"}],"author":[{"embeddable":true,"href":"https:\/\/vincentians.com\/es\/wp-json\/wp\/v2\/users\/4"}],"replies":[{"embeddable":true,"href":"https:\/\/vincentians.com\/es\/wp-json\/wp\/v2\/comments?post=53296"}],"version-history":[{"count":1,"href":"https:\/\/vincentians.com\/es\/wp-json\/wp\/v2\/posts\/53296\/revisions"}],"predecessor-version":[{"id":404893,"href":"https:\/\/vincentians.com\/es\/wp-json\/wp\/v2\/posts\/53296\/revisions\/404893"}],"wp:featuredmedia":[{"embeddable":true,"href":"https:\/\/vincentians.com\/es\/wp-json\/wp\/v2\/media\/404259"}],"wp:attachment":[{"href":"https:\/\/vincentians.com\/es\/wp-json\/wp\/v2\/media?parent=53296"}],"wp:term":[{"taxonomy":"category","embeddable":true,"href":"https:\/\/vincentians.com\/es\/wp-json\/wp\/v2\/categories?post=53296"},{"taxonomy":"post_tag","embeddable":true,"href":"https:\/\/vincentians.com\/es\/wp-json\/wp\/v2\/tags?post=53296"}],"curies":[{"name":"wp","href":"https:\/\/api.w.org\/{rel}","templated":true}]}}