{"id":53287,"date":"2023-11-09T08:12:22","date_gmt":"2023-11-09T07:12:22","guid":{"rendered":"http:\/\/somos.vicencianos.org\/blog\/2011\/11\/el-mensaje-de-rue-du-bac-vi-el-simbolismo-de-la-vision\/"},"modified":"2023-08-02T18:10:57","modified_gmt":"2023-08-02T16:10:57","slug":"el-mensaje-de-rue-du-bac-vi-el-simbolismo-de-la-vision","status":"publish","type":"post","link":"https:\/\/vincentians.com\/es\/el-mensaje-de-rue-du-bac-vi-el-simbolismo-de-la-vision\/","title":{"rendered":"El mensaje de Rue du Bac (VI. El simbolismo de la visi\u00f3n)"},"content":{"rendered":"<p>Por los escritos de Sor Catalina y los relatos del P. Aladel co\u00adnocemos lo fundamental de la visi\u00f3n.<\/p>\n<p>Todo ocurre como en \u00e9xtasis y comprende tres fases funda\u00admentales. Las novicias que est\u00e1n a su lado no sospechan nada.<\/p>\n<p>La Sant\u00edsima Virgen se aparece en pie, a la altura del cuadro que preside San Jos\u00e9; su estatura es mediana. Viste de blanco aurora, y un velo largo, que desciende hasta los pies, cubre su cabela; resplandece de belleza, sus pies descansan sobre media esfera blanca y holla la cabeza de una serpiente verdusca con pin\u00adtas amarillas. Sus manos alzan otra esfera, que corona una cruz, y que es s\u00edmbolo del mundo. Al pronto su mirada se torna supli\u00adcante; sus dedos se adornan con anillos engarzados de piedras preciosas, de las que escapan rayos de luz. Luego, sus brazos, libres del s\u00edmbolo que sosten\u00edan, pero siempre irradiando luz, se dejan caer, iluminando la esfera interior, en la que puede leerse la palabra \u00abFrancia\u00bb. Mar\u00eda hace comprender a la Hermana que esta segunda esfera representa el mundo entero y a cada alma en particular; que de los rayos de luz que parten de sus dedos figuran las gracias que con generosidad y alegr\u00eda derrama sobre quienes la invocan.<\/p>\n<p>Despu\u00e9s, despacio, muy lentamente, se va dibujando una l\u00ednea oval, que enmarca la visi\u00f3n, y, comenzando a la altura de las ma\u00adnos, en letras de oro, se graba en semic\u00edrculo la invocaci\u00f3n: <em>\u00ab\u00a1Oh Mar\u00eda, sin pecado concebida, rogad por nosotros, que recurrimos a Vos.\u00bb <\/em>En aquel instante la vidente oye una voz interior, que le dice: \u00abHaz grabar una medalla seg\u00fan este modelo. Todos los que la lleven al cuello, impuesta con confianza, recibir\u00e1n muchas gracias.\u00bb<\/p>\n<p>Poco despu\u00e9s el \u00f3valo se vuelve, y la Hermana contempla el reverso de la Medalla que debe hacer grabar. Ve dos corazones: el de la izquierda, coronado de espinas; el de la derecha, traspa\u00adsado por una espada, y sobre ellos una M may\u00fascula, rematada por una cruz. Doce estrellas rodean el conjunto. Por una voz in\u00adterior comprende la vidente que no hay que escribir m\u00e1s, pues esto ya es bastante elocuente.<\/p>\n<h2><strong>S\u00edmbolos b\u00edblicos y naturales<\/strong><\/h2>\n<p>La descripci\u00f3n de la visi\u00f3n no puede ser m\u00e1s sencilla, precisa y clara. Apenas puede indicarse un vocablo que sobre. Pero lo admirable de la visi\u00f3n es que los signos y las im\u00e1genes en ella expresados se compenetran perfectamente, de forma que, simb\u00f3\u00adlicamente, dan una idea exacta de la Historia de Mar\u00eda en el plan salv\u00edfico de Dios. Es una visi\u00f3n global, din\u00e1mica, en la que las transformaciones se hacen tan insensibles que \u00fanicamente el arte cinematogr\u00e1fico podr\u00eda reproducir.<\/p>\n<p>El arte cristiano, el lenguaje de las catacumbas y de las cere\u00admonias lit\u00fargicas, habla por figuras que, mostr\u00e1ndonos una cosa, nos invita a ver otra. La Medalla, en este sentido, y prescindiendo de su origen, es un caso particular dentro de la numism\u00e1tica cristiana.<\/p>\n<p>Emilio Cid ley\u00f3 en el Congreso Mariano Nacional de Zaragoza, en 1954, una ponente titulada <em>La Medalla Milagrosa, expresi\u00f3n gr\u00e1fica de la mariolog\u00eda. <\/em>En ella, m\u00e1s que la interpretaci\u00f3n doc\u00adtrinal de los s\u00edmbolos, nos interesa su agrupaci\u00f3n en s\u00edmbolos b\u00edblicos y naturales.<\/p>\n<p>S\u00edmbolos b\u00edblicos son las estrellas, que recuerdan eliexto del Apocalipsis: <em>\u00abY en su cabeza, una corona de doce estrellas\u00bb <\/em>(Apoc., 12,1). El color del vestido, que alude al mismo vers\u00edculo: <em>\u00abUna mujer vestida de sol.\u00bb <\/em>Los corazones, que traen a la memo\u00adria la profec\u00eda de Sime\u00f3n: <em>\u00abY una espada atravesar\u00e1 tu atma\u00bb <\/em>(Luc., 2,35), al igual que la presencia de Mar\u00eda en el Calvario (In., 19, 25). La serpiente a los pies de Mar\u00eda, que evoca al Proto\u00ad evangelio: <em>\u00abPondr\u00e9 enemistades entre ti y la mujer, entre tu des\u00adcendencia y la suya, y habr\u00e1 en su descendencia quien quebrante tu cabeza\u00bb <\/em>(G\u00e9n., 3, 15).<\/p>\n<p>S\u00edmbolos naturales son: los rayos de luz, <em>\u00abque simbolizan las<\/em><em>&#8216; <\/em><em>gracias que la Virgen derrama\u00bb. <\/em>Las esferas, que <em>\u00abrepresentan al mundo entero y a cada alma en particular\u00bb. <\/em>La actitud orante de la Virgen y la actitud de distribuir gracias, que nos recuerdan su intercesi\u00f3n y mediaci\u00f3n.<\/p>\n<p>Hay otros s\u00edmbolos que han sido convencionalmente usados por los cristianos para el uso cultual y devocional, y que pueden aludir, m\u00e1s o menos remotamente, a textos b\u00edblicos. Entre estos s\u00edmbolos est\u00e1n: la Cruz, s\u00edmbolo del Cristianismo, y m\u00e1s en con\u00adcreto de Cristo y del modo doloroso con que nos redimi\u00f3. La M, que significa el nombre de Mar\u00eda y su persona, es decir, su Ma\u00adternidad. La M y la Cruz entrelazadas, que recuerdan la estrecha colaboraci\u00f3n de Cristo y Mar\u00eda en la obra redentora. La jaculato\u00adria <em>\u00abOh Mar\u00eda, sin pecado concebida, rogad por nosotros, que re\u00adcurrimos a Vos\u00bb, <\/em>que, evidentemente, expresa la creencia en el privilegio de la Inmaculada Concepci\u00f3n de Mar\u00eda.<\/p>\n<p>Todos estos s\u00edmbolos tienen un significado global primario <em>y <\/em>principal, al que todos tienden a dar realce. Por eso no importan ni las incoherencias ni el desorden en que est\u00e1n colocados: es igual que las estrellas aparezcan en el reverso <em>y <\/em>no coronando a la Virgen y que en un momento dado se vean dos esferas, que re\u00adpresentan el mundo a la vez. El simbolismo central, el que asu\u00adme el tema de la visi\u00f3n, es la mujer, \u00abbella en su total belleza\u00bb, la madre de vivientes hijos de Dios. Los dem\u00e1s s\u00edmbolos, con ser importantes, son como engalanaduras de \u00e9ste.<\/p>\n<h2><strong>Interpretaciones marginales<\/strong><\/h2>\n<p>Al margen de esta simbolog\u00eda perenne, b\u00edblico-cristiana, entra\u00ad\u00f1able y clara, se han elaborado otras interpretaciones superficia\u00adles, a veces infundadas y a veces de valor pasajero, con intencio\u00adnes m\u00e1s o menos asc\u00e9tico-teol\u00f3gicas. As\u00ed, Miguel Guti\u00e9rrez escri\u00adbi\u00f3 <em>Valor apolog\u00e9tico de la Medalla <\/em>y <em>La Medada y el credo, <\/em>que demuestran una superficialidad pasmosa. Lo mismo le suce\u00addi\u00f3 a Celestino Moso, que dedic\u00f3 muchas p\u00e1ginas a explicar el simbolismo de una aureola que no existi\u00f3 en las apariciones. Otros, como Filippo Trucco, Julio S\u00e1nchez y Angelo Campanale, expu\u00adsieron sus teor\u00edas doctrinales sobre la mediaci\u00f3n de la Virgen y la Inmaculada Concepci\u00f3n sirvi\u00e9ndose de los s\u00edmbolos de la Me\u00addalla, como si \u00e9stos garantizaran sus ideas, que pronto pasaron.<\/p>\n<p>Dentro de estas interpretaciones marginales los dominicos han .considerado que la Virgen apareci\u00f3 con el rosario en la mano, pues en cada uno de sus dedos llevaba tres anillos con diez per\u00adlas, de las que brotaban los haces de luz. El Padre Pradet, en su obra <em>Le renouveau au XIX si\u00e9cle, <\/em>y el Padre Gasnier, en su tra\u00adbajo <em>Le Chapelet dans les apparitions de la M\u00e9daille Miraculeuse, <\/em>son los mejores exponentes de esta teor\u00eda piadosa, pero no muy fundada.<\/p>\n<p>En esta misma l\u00ednea asc\u00e9tica y pastoral, el P. Antonio Fiat de-.c\u00eda en su <em>Circular del 2 de febrero de 1880 a la Congregaci\u00f3n de la Misi\u00f3n:<\/em><\/p>\n<p>\u00ab\u00bfQu\u00e9 significan los dos corazones grabados en el reverso de la Medalla?&#8230; Sin duda, que, atendiendo a las palabras de Sor Ca\u00adtalina Labour\u00e9, son un <em>signo prof\u00e9tico del <\/em>desarrollo que debe to\u00admar en la Iglesia la devoci\u00f3n a los Sagrados Corazones de Jes\u00fas y de Mar\u00eda&#8230; Para nosotros esto significa adem\u00e1s una invitaci\u00f3n a honrarlos y a hacerlos honrar&#8230;\u00bb<\/p>\n<p>\u00abLa postura humilde de los corazones en lugar secundario es el <em>s\u00edmbolo de nuestra vida cristianas <\/em>as\u00ed como una fuente, oculta en la monta\u00f1a, produce el surtidor, o as\u00ed como las ra\u00edces ocultas producen el tallo y se hunden tanto m\u00e1s cuanto m\u00e1s alto ha de ser aqu\u00e9l, as\u00ed debe ser nuestra vida cristiana: oculta, sin hacer ostentaci\u00f3n de nosotros mismos, estando siempre unidos a los Corazones de Jes\u00fas y de Mar\u00eda para la exaltaci\u00f3n de la Santa -Cruz, que es la se\u00f1al del verdadero cristiano&#8230;\u00bb<\/p>\n<p>M\u00e1s curiosas y abundantes han sido las interpretaciones de las esferas. El piadoso y trabajador Edmond Crapez considera que la esfera dorada en las manos de la Virgen significa su Coraz\u00f3n. As\u00ed lo intenta demostrar en su libro <em>Le m essage du Coeur <\/em><em>de Ma\u00ad<\/em><em>_He a Sainte Catherine Labour\u00e9. <\/em>El Padre Aladel, hablando a las Hijas de Mar\u00eda, hab\u00eda asegurado que esa esfera \u00abrepresentaba los corazones juveniles que le eran consagrados, y que honraban de un modo particular a su Inmaculada Concepci\u00f3n\u00bb. Joachin D\u00e9sir\u00e9e lo consigna en el <em>Registre de l&#8217;Association des Enfants de Marie en l&#8217;honneur de l&#8217;Immacul\u00e9e Conception, \u00e9tablie dans l&#8217;ouvroir de la paroisse Sainte Pierre du Gros-Gaillou k Paris, <\/em>a 8 de sep\u00adtiembre de 1848. En el Congreso Mariano celebrado en Roma en 1904 Marie-Edouard Mott expuso una nueva teor\u00eda: la esfera en las manos de la Virgen significa la ciudad de Dios; por eso est\u00e1 rematada por una cruz; la esfera bajo sus pies, la ciudad del mundo; por eso se halla atada por la serpiente. Mar\u00eda ofrece la ciudad de sus manos a Dios, que, al ser aceptada, vuelve a reha\u00adcerse con las almas iluminadas por los rayos de luz. Es como una intercesi\u00f3n circular. Como una reacci\u00f3n contra esta teor\u00eda, el ita\u00adliano Filippo Trucco y el espa\u00f1ol Julio S\u00e1nchez manifestaron que ambas esferas simbolizan la humanidad entera en su relaci\u00f3n es\u00adpiritual con Mar\u00eda, pero bajo dos aspectos diversos, que se com\u00adpleta ne integran. El te\u00f3logo dominico Garrigou Lagrange, prolo\u00adgando una obra de Gaetano di Sales, ampli\u00f3 esta opini\u00f3n con una nueva modalidad: el globo en las manos de la Virgen es un s\u00edmbo\u00adlo transparente de <em>la mediaci\u00f3n ascendente, <\/em>mientras que el de las plantas indica la <em>mediaci\u00f3n descendente. <\/em>Ultimamente, hay quien considera que la esfera, a las plantas, es la luna, pues, se\u00adg\u00fan la vidente, era media, y era blanca.<\/p>\n<p>Otros apuntes de interpretaci\u00f3n de la esfera de las manos nos los sugieren Tom\u00e1s Crespo y Rafael Ortega. El primero, en su obra in\u00e9dita <em>La Asociaci\u00f3n de Hijas de Mar\u00eda Inmaculada de la Medalla, <\/em>se\u00f1ala: \u00abSi la Iglesia es liturgia comunitaria, en la que todos los fieles han de participar, Mar\u00eda se manifiesta como ha\u00adciendo un acto lit\u00fargico: ofreciendo a Dios el mundo y derramando sobre \u00e9l sus gracias, conseguidas por la oraci\u00f3n. El segundo, Or\u00adtega, cree ver en la postura orante de la Virgen la figura compa\u00adsiva de la Mar\u00eda en Cana\u00e1n (Jn., 2, 1-11), cuando intercede por los novios, al igual que ve la actitud administradora en la Cruz y en Pentecost\u00e9s (Jn., 19, 25 y 34; Act., 1, 14).<\/p>\n<p>Todas estas interpretaciones, curiosas por dem\u00e1s, son margi\u00adnales. En cierto aspecto recuerdan la carga de significaci\u00f3n que rebosan las estatuas de los dioses paganos. Dichos dioses no han existido ni existen<sup>&#8211;<\/sup>,<sup>&#8211;<\/sup> pero las fuerzas ps\u00edquicas, las preferencias devocionales, las pasiones y la idea que los artistas y los contempor\u00e1neos se forjan de ellos, hacen que tomen figura. Es una rea\u00adlidad m\u00edstica con aspiraciones a tomar cuerpo. Algo parecido (pues estas interpretaciones marginales ni duran tanto ni tienen tantos adeptos y volumen) ocurre en el caso de la Medalla: esos s\u00edmbo\u00adlos marginales no existen, pero hay una base en la Medalla para construir teor\u00edas.<\/p>\n<h2><strong>Valor del s\u00edmbolo<\/strong><\/h2>\n<p>Las ventajas del simbolismo para transmitir verdades son ob\u00advias. Los s\u00edmbolos representan ideas o cosas que no cambian. Por eso los comentarios o explicaciones de esos s\u00edmbolos nunca nos satisfacen del todo, porque son apreciaciones o juicios del escri\u00adtor, que var\u00edan con el tiempo, las personas y los lugares. Pero los s\u00edmbolos permanecen, porque representan esencias de ideas y de cosas, Si a Santa Catalina la Virgen la hubiera mandado escribir un tratado sobre su belleza, hoy la Virgen ten\u00eda que mandar que se escribiese un nuevo tratado para describir esa misma belleza. Pero como la Virgen le entreg\u00f3 la Medalla, en la cual todo es s\u00edmbolo, lo \u00fanico que hay que hacer hoy es dar una interpreta\u00adci\u00f3n de esos s\u00edmbolos, para los que vivimos ahora. La Medalla de la Virgen ser\u00e1 siempre la misma, y su significado b\u00e1sico, el mismo. Las interpretaciaones se ir\u00e1n perfeccionando.<\/p>\n<p>J. C. Brouselle ha escrito: \u00abEl arte cristiano no ha descono\u00adcido esta clase de im\u00e1genes donde estuvieron reunidos, como en una vista panor\u00e1mica, todas las prerrogativas de la Virgen Inma\u00adculada. Son ellas las im\u00e1genes&#8230; de simbolismo m\u00faltiple.\u00bb Y Ed\u00admond Crapez aplica el pensamiento: \u00abLa Manifestaci\u00f3n del 27 de noviembre presenta un simbolismo m\u00faltiple y, no obstante ello, \u00fanico, por el cual aparece la Virgen Inmaculada bajo un aspecto enteramente nuevo, con belleza trascendental y sobrenatural y, en fin, como dec\u00eda Sor Catalina Labour\u00e9, \u00abbella en su mayor be\u00adlleza\u00bb.<\/p>\n<p>El simbolismo est\u00e1 siempre ah\u00ed, muchas veces adormecido. Bastar\u00e1 un accidente, el encuentro de un alma sensibilizada por alguna carga inconsciente para que se establezca el contacto con lo simbolizado: Ese despertar fulgurante puede marcar inolvida\u00adblemente a un alma. Podr\u00e1 ser suficiente unll consideraci\u00f3n de la Medalla para trasladar a uno a la visi\u00f3n del misterio mariano. Alfonso Ratisbona dec\u00eda: \u00abLa Virgen no me dijo nada, pero yo lo comprend\u00ed todo\u00bb. Y es que la Medalla, bien llevada, debe re\u00adcordarnos, como todo retrato, a Nuestra Madre.<\/p>\n<p>La Manifestaci\u00f3n de la Medalla, m\u00e1s que como un hecho, hay que considerarla como un signo. Por eso nos complace transcri\u00adbir, como conclusi\u00f3n, unas frases de Rafael Ortega, en su obrita <em>Mar\u00eda-Iglesia: <\/em>\u00abAs\u00ed la revelaci\u00f3n privada de la Medalla Milagrosa nos ha remitido, con sus s\u00edmbolos, a la mayor parte de los textos b\u00edblico-marianos. Ella confirma, una vez m\u00e1s, aunque no hubiera sido revelada por Dios, sino acu\u00f1ada por los mari\u00f3logos del siglo rix, que la Medalla Milagrosa continuar\u00eda siendo la mejor s\u00edntesis pl\u00e1stica de la Mariolog\u00eda y el mejor catecismo de Mar\u00eda.\u00bb<\/p>\n<p>\u00abY es que nos da la lecci\u00f3n que pretenden todas las revelacio\u00adnes privadas: ser la ocasi\u00f3n para llevarnos a comprender y vivir la revelaci\u00f3n p\u00fablica, el Dogma y el Evangelio&#8230;\u00bb<\/p>\n<p>Y el te\u00f3logo cordimariano Narciso Garc\u00eda Garc\u00e9s hace la si\u00adguiente advertencia respecto a estos <em>signo-llamada: <\/em>\u00abPensemos que las apariciones de la Virgen, reconocidas y aprobadas por la Iglesia, a partir de 1830 con la Medalla Milagrosa, han sido como las grandes llamadas de Dios que quiere salvar al mundo sir\u00advi\u00e9ndose de su Madre, come por Ella se nos dio en la Encar\u00adnaci\u00f3n&#8230;\u00bb<\/p>\n<p><strong>Bibliograf\u00eda:<\/strong><\/p>\n<p>Cm, Emilio: <em>La Medalla Milagrosa, expresi\u00f3n gr\u00e1fica de la Mariolog\u00eda, <\/em>publicado en \u00abMemoria del Congreso Mariano Nacional de Zaragoza-1954\u00bb, p\u00e1gs. 926-945, Zaragoza, 1956; <strong>CRAPEZ, <\/strong>Edmond: <em>Le mes\u00adsage du Coeur de Marie a Sainte Catherine Labour\u00e9, <\/em>p\u00e1gs. 41-52, Par\u00eds, 1947; <strong>GUTI\u00c9RREZ, <\/strong>Miguel: <em>La Medalla y el Credo, <\/em>p\u00e1gs. 203-244, Madrid, 1926; <strong>GASNIER, <\/strong>Michel, <em>Le chapelet dans les apparitions de la M\u00e9daille Mi\u00adraculeuse, en vLa Medaille Miraculeuse\u00bb: <\/em>30 (1962) 4-5, Par\u00eds; \u00eddem: <em>La M\u00e9daille Miraculeuse et la royant\u00e9 de Marie, <\/em>p\u00e1g. 18, Par\u00eds, 1955; <strong>HERRERA, <\/strong>Jos\u00e9: <em>Lourdes y la Milagrbsa, <\/em>publicado en \u00abLa Milagrosa\u00bb: (1958) 425\u00ad426, Madrid; <strong>FRANCO, <\/strong>Vicente: <em>Pedrer\u00eda ciega, <\/em>en \u00abLa Milagrosa\u00bb: (1951) 227-230, Madrid; <strong>ORTEGA, <\/strong>Rafael: <em>Maria-Iglesia, <\/em>p\u00e1gs. 151-152, Madrid, 1965; <strong>BROUSOLLE, <\/strong>J. <em>C.:Etudes sur la Sainte Vierge: De la conception immacu\u00adl\u00e9e d l&#8217;annonciation ang\u00e9liique, <\/em>p\u00e1gs. 101-106, Par\u00eds, 1908; M oso, Celestino: <em>Simbolismo de las apariciones y de las doce estrellas de la M. M., <\/em>en \u00abLa Milagrosa\u00bb: (1926) 43, 73, 113, 153, 241, 281, 321, 361, 393; (1927) 8, 49, 89, 129, 217 257, 385, Madrid; <strong>MOTT, <\/strong>Marie-Eduard: <em>Manifestation de la<\/em><\/p>\n<p>&nbsp;<\/p>\n<p>94\u00a0\u00a0\u00a0\u00a0\u00a0\u00a0\u00a0\u00a0\u00a0\u00a0\u00a0\u00a0\u00a0\u00a0\u00a0\u00a0\u00a0\u00a0\u00a0\u00a0\u00a0\u00a0\u00a0\u00a0\u00a0\u00a0\u00a0\u00a0\u00a0\u00a0\u00a0\u00a0\u00a0\u00a0\u00a0\u00a0\u00a0 MENSAJE DE RUE DU BAC<\/p>\n<p><em>Vierge Immacul\u00e9e en <\/em>1830. <em>Sese consequences religieux et sociales, <\/em>p\u00e1gi\u00adnas 25-29, Par\u00eds, 1906; TRUCO, Filipo: <em>La Medaglia Miracolosa, <\/em>p\u00e1gs. 84-8k; Casale, 1916; S\u00c1NCHEZ, Julio: <em>La mediaci\u00f3n de Mar\u00eda y la Medalla Mila\u00adgrosa, <\/em>p\u00e1gs. 222-227, Madrid, 1922; Di SALES, Gaetano: o. C., p\u00e1gs. 7-8; DEL-ano, Jos\u00e9: <em>Mariolog\u00eda en s\u00edmbolos, <\/em>p\u00e1gs. 25-34; 79-88, 117-157, Madrid, 1965; BAETEMANN, Joseph: <em>La M\u00e9daille Miraculeuse, <\/em>p\u00e1gs. 46-49, Par\u00eds, 1941; ANGELI, Jean-Marie: <em>Les rayons de la M\u00e9daille Miraculeuse, <\/em>2.a ediC., Cra-<\/p>\n<p>Covia, 1929.<\/p>\n","protected":false},"excerpt":{"rendered":"<p>Por los escritos de Sor Catalina y los relatos del P. Aladel co\u00adnocemos lo fundamental de la visi\u00f3n. Todo ocurre como en \u00e9xtasis y comprende tres fases funda\u00admentales. Las novicias que est\u00e1n a su lado &#8230; <a href=\"https:\/\/vincentians.com\/es\/el-mensaje-de-rue-du-bac-vi-el-simbolismo-de-la-vision\/\" class=\"more-link\">Read More<\/a><\/p>\n","protected":false},"author":4,"featured_media":404259,"comment_status":"open","ping_status":"open","sticky":false,"template":"","format":"standard","meta":{"jetpack_post_was_ever_published":false,"_jetpack_newsletter_access":"","_jetpack_dont_email_post_to_subs":false,"_jetpack_newsletter_tier_id":0,"_jetpack_memberships_contains_paywalled_content":false,"_jetpack_memberships_contains_paid_content":false,"footnotes":"","jetpack_publicize_message":"","jetpack_publicize_feature_enabled":true,"jetpack_social_post_already_shared":true,"jetpack_social_options":{"image_generator_settings":{"template":"highway","default_image_id":0,"font":"","enabled":false},"version":2}},"categories":[8],"tags":[182,190],"class_list":["post-53287","post","type-post","status-publish","format-standard","has-post-thumbnail","hentry","category-virgen-maria","tag-ratisbona","tag-rue-du-bac"],"yoast_head":"<!-- This site is optimized with the Yoast SEO plugin v26.3 - https:\/\/yoast.com\/wordpress\/plugins\/seo\/ -->\n<title>El mensaje de Rue du Bac (VI. El simbolismo de la visi\u00f3n) - Somos Vicencianos<\/title>\n<meta name=\"robots\" content=\"index, follow, max-snippet:-1, max-image-preview:large, max-video-preview:-1\" \/>\n<link rel=\"canonical\" href=\"https:\/\/vincentians.com\/es\/el-mensaje-de-rue-du-bac-vi-el-simbolismo-de-la-vision\/\" \/>\n<meta property=\"og:locale\" content=\"es_ES\" \/>\n<meta property=\"og:type\" content=\"article\" \/>\n<meta property=\"og:title\" content=\"El mensaje de Rue du Bac (VI. El simbolismo de la visi\u00f3n) - Somos Vicencianos\" \/>\n<meta property=\"og:description\" content=\"Por los escritos de Sor Catalina y los relatos del P. Aladel co\u00adnocemos lo fundamental de la visi\u00f3n. Todo ocurre como en \u00e9xtasis y comprende tres fases funda\u00admentales. Las novicias que est\u00e1n a su lado ... Read More\" \/>\n<meta property=\"og:url\" content=\"https:\/\/vincentians.com\/es\/el-mensaje-de-rue-du-bac-vi-el-simbolismo-de-la-vision\/\" \/>\n<meta property=\"og:site_name\" content=\"Somos Vicencianos\" \/>\n<meta property=\"article:publisher\" content=\"https:\/\/www.facebook.com\/WeAreVincentians\/\" \/>\n<meta property=\"article:author\" content=\"https:\/\/www.facebook.com\/JavierChento\" \/>\n<meta property=\"article:published_time\" content=\"2023-11-09T07:12:22+00:00\" \/>\n<meta property=\"og:image\" content=\"https:\/\/i0.wp.com\/vincentians.com\/es\/wp-content\/uploads\/sites\/11\/2022\/08\/imagen-1-2.jpg?fit=350%2C349&ssl=1\" \/>\n\t<meta property=\"og:image:width\" content=\"350\" \/>\n\t<meta property=\"og:image:height\" content=\"349\" \/>\n\t<meta property=\"og:image:type\" content=\"image\/jpeg\" \/>\n<meta name=\"author\" content=\"Francisco Javier Fern\u00e1ndez Chento\" \/>\n<meta name=\"twitter:card\" content=\"summary_large_image\" \/>\n<meta name=\"twitter:creator\" content=\"@https:\/\/twitter.com\/javierchento\" \/>\n<meta name=\"twitter:site\" content=\"@WeVincentians\" \/>\n<meta name=\"twitter:label1\" content=\"Escrito por\" \/>\n\t<meta name=\"twitter:data1\" content=\"Francisco Javier Fern\u00e1ndez Chento\" \/>\n\t<meta name=\"twitter:label2\" content=\"Tiempo de lectura\" \/>\n\t<meta name=\"twitter:data2\" content=\"12 minutos\" \/>\n<script type=\"application\/ld+json\" class=\"yoast-schema-graph\">{\"@context\":\"https:\/\/schema.org\",\"@graph\":[{\"@type\":\"Article\",\"@id\":\"https:\/\/vincentians.com\/es\/el-mensaje-de-rue-du-bac-vi-el-simbolismo-de-la-vision\/#article\",\"isPartOf\":{\"@id\":\"https:\/\/vincentians.com\/es\/el-mensaje-de-rue-du-bac-vi-el-simbolismo-de-la-vision\/\"},\"author\":{\"name\":\"Francisco Javier Fern\u00e1ndez Chento\",\"@id\":\"http:\/\/vincentians.com\/es\/#\/schema\/person\/9623ef4d9aa3b2dfb8c061f1499288f2\"},\"headline\":\"El mensaje de Rue du Bac (VI. El simbolismo de la visi\u00f3n)\",\"datePublished\":\"2023-11-09T07:12:22+00:00\",\"mainEntityOfPage\":{\"@id\":\"https:\/\/vincentians.com\/es\/el-mensaje-de-rue-du-bac-vi-el-simbolismo-de-la-vision\/\"},\"wordCount\":2806,\"commentCount\":0,\"publisher\":{\"@id\":\"http:\/\/vincentians.com\/es\/#organization\"},\"image\":{\"@id\":\"https:\/\/vincentians.com\/es\/el-mensaje-de-rue-du-bac-vi-el-simbolismo-de-la-vision\/#primaryimage\"},\"thumbnailUrl\":\"https:\/\/i0.wp.com\/vincentians.com\/es\/wp-content\/uploads\/sites\/11\/2022\/08\/imagen-1-2.jpg?fit=350%2C349&ssl=1\",\"keywords\":[\"Ratisbona\",\"Rue du Bac\"],\"articleSection\":[\"Virgen Mar\u00eda\"],\"inLanguage\":\"es\",\"potentialAction\":[{\"@type\":\"CommentAction\",\"name\":\"Comment\",\"target\":[\"https:\/\/vincentians.com\/es\/el-mensaje-de-rue-du-bac-vi-el-simbolismo-de-la-vision\/#respond\"]}]},{\"@type\":\"WebPage\",\"@id\":\"https:\/\/vincentians.com\/es\/el-mensaje-de-rue-du-bac-vi-el-simbolismo-de-la-vision\/\",\"url\":\"https:\/\/vincentians.com\/es\/el-mensaje-de-rue-du-bac-vi-el-simbolismo-de-la-vision\/\",\"name\":\"El mensaje de Rue du Bac (VI. El simbolismo de la visi\u00f3n) - Somos Vicencianos\",\"isPartOf\":{\"@id\":\"http:\/\/vincentians.com\/es\/#website\"},\"primaryImageOfPage\":{\"@id\":\"https:\/\/vincentians.com\/es\/el-mensaje-de-rue-du-bac-vi-el-simbolismo-de-la-vision\/#primaryimage\"},\"image\":{\"@id\":\"https:\/\/vincentians.com\/es\/el-mensaje-de-rue-du-bac-vi-el-simbolismo-de-la-vision\/#primaryimage\"},\"thumbnailUrl\":\"https:\/\/i0.wp.com\/vincentians.com\/es\/wp-content\/uploads\/sites\/11\/2022\/08\/imagen-1-2.jpg?fit=350%2C349&ssl=1\",\"datePublished\":\"2023-11-09T07:12:22+00:00\",\"breadcrumb\":{\"@id\":\"https:\/\/vincentians.com\/es\/el-mensaje-de-rue-du-bac-vi-el-simbolismo-de-la-vision\/#breadcrumb\"},\"inLanguage\":\"es\",\"potentialAction\":[{\"@type\":\"ReadAction\",\"target\":[\"https:\/\/vincentians.com\/es\/el-mensaje-de-rue-du-bac-vi-el-simbolismo-de-la-vision\/\"]}]},{\"@type\":\"ImageObject\",\"inLanguage\":\"es\",\"@id\":\"https:\/\/vincentians.com\/es\/el-mensaje-de-rue-du-bac-vi-el-simbolismo-de-la-vision\/#primaryimage\",\"url\":\"https:\/\/i0.wp.com\/vincentians.com\/es\/wp-content\/uploads\/sites\/11\/2022\/08\/imagen-1-2.jpg?fit=350%2C349&ssl=1\",\"contentUrl\":\"https:\/\/i0.wp.com\/vincentians.com\/es\/wp-content\/uploads\/sites\/11\/2022\/08\/imagen-1-2.jpg?fit=350%2C349&ssl=1\",\"width\":350,\"height\":349},{\"@type\":\"BreadcrumbList\",\"@id\":\"https:\/\/vincentians.com\/es\/el-mensaje-de-rue-du-bac-vi-el-simbolismo-de-la-vision\/#breadcrumb\",\"itemListElement\":[{\"@type\":\"ListItem\",\"position\":1,\"name\":\"Portada\",\"item\":\"http:\/\/vincentians.com\/es\/\"},{\"@type\":\"ListItem\",\"position\":2,\"name\":\"El mensaje de Rue du Bac (VI. El simbolismo de la visi\u00f3n)\"}]},{\"@type\":\"WebSite\",\"@id\":\"http:\/\/vincentians.com\/es\/#website\",\"url\":\"http:\/\/vincentians.com\/es\/\",\"name\":\"Somos Vicencianos\",\"description\":\"Know more to serve more\",\"publisher\":{\"@id\":\"http:\/\/vincentians.com\/es\/#organization\"},\"potentialAction\":[{\"@type\":\"SearchAction\",\"target\":{\"@type\":\"EntryPoint\",\"urlTemplate\":\"http:\/\/vincentians.com\/es\/?s={search_term_string}\"},\"query-input\":{\"@type\":\"PropertyValueSpecification\",\"valueRequired\":true,\"valueName\":\"search_term_string\"}}],\"inLanguage\":\"es\"},{\"@type\":\"Organization\",\"@id\":\"http:\/\/vincentians.com\/es\/#organization\",\"name\":\"The Vincentian Network\",\"url\":\"http:\/\/vincentians.com\/es\/\",\"logo\":{\"@type\":\"ImageObject\",\"inLanguage\":\"es\",\"@id\":\"http:\/\/vincentians.com\/es\/#\/schema\/logo\/image\/\",\"url\":\"https:\/\/i1.wp.com\/vincentians.com\/es\/wp-content\/uploads\/sites\/11\/2016\/06\/Vincentian-Network-logo-big.png?fit=778%2C778\",\"contentUrl\":\"https:\/\/i1.wp.com\/vincentians.com\/es\/wp-content\/uploads\/sites\/11\/2016\/06\/Vincentian-Network-logo-big.png?fit=778%2C778\",\"width\":778,\"height\":778,\"caption\":\"The Vincentian Network\"},\"image\":{\"@id\":\"http:\/\/vincentians.com\/es\/#\/schema\/logo\/image\/\"},\"sameAs\":[\"https:\/\/www.facebook.com\/WeAreVincentians\/\",\"https:\/\/x.com\/WeVincentians\"]},{\"@type\":\"Person\",\"@id\":\"http:\/\/vincentians.com\/es\/#\/schema\/person\/9623ef4d9aa3b2dfb8c061f1499288f2\",\"name\":\"Francisco Javier Fern\u00e1ndez Chento\",\"image\":{\"@type\":\"ImageObject\",\"inLanguage\":\"es\",\"@id\":\"http:\/\/vincentians.com\/es\/#\/schema\/person\/image\/\",\"url\":\"https:\/\/secure.gravatar.com\/avatar\/497d5cde87b4c3d097d0315953521681ba2cd523ee66e5077c3711f7021e65de?s=96&d=mm&r=g\",\"contentUrl\":\"https:\/\/secure.gravatar.com\/avatar\/497d5cde87b4c3d097d0315953521681ba2cd523ee66e5077c3711f7021e65de?s=96&d=mm&r=g\",\"caption\":\"Francisco Javier Fern\u00e1ndez Chento\"},\"description\":\"Director General y cofundador de La Red de Formaci\u00f3n Vicenciana. Javier es laico vicenciano, afiliado a la Congregaci\u00f3n de la Misi\u00f3n y miembro del Equipo de Misiones Populares de la provincia can\u00f3nica de Zaragoza (Espa\u00f1a) de la Congregaci\u00f3n de la Misi\u00f3n. Graduado en la Universidad Oberta de Catalunya con cuatro grados (Asistente de direcci\u00f3n, Gesti\u00f3n Administrativa, Recursos Humanos y Contabilidad Avanzada). Bil\u00edng\u00fce Espa\u00f1ol\/Ingl\u00e9s. gestiona y mantiene varias p\u00e1ginas web cristianas y vicencianas, incluida including La Red de Formaci\u00f3n Vicenciana, de la que es cofundador. Actualmente es responsable del \u00e1rea de Espa\u00f1ol de .famvin, la Red de Noticias de la Familia Vicenciana. Tambi\u00e9n es m\u00fasico cat\u00f3lico y ha editado varios discos. Es Director General y cofundador de Trovador, una reconocida compa\u00f1\u00eda discogr\u00e1fica critiana de Espa\u00f1a. Trabaja en las Tecnolog\u00edas de la Informaci\u00f3n, ofreciendo servicios de alojamiento, dise\u00f1o y mantenimiento Web, as\u00ed como asesoramiento, formaci\u00f3n y soluciones inform\u00e1ticas, gesti\u00f3n documental y digitalizaci\u00f3n de textos, edici\u00f3n y maquetaci\u00f3n de libros, revistas, flyers, etc.\",\"sameAs\":[\"http:\/\/chento.org\",\"https:\/\/www.facebook.com\/JavierChento\",\"https:\/\/x.com\/https:\/\/twitter.com\/javierchento\"],\"url\":\"https:\/\/vincentians.com\/es\/author\/chento\/\"}]}<\/script>\n<!-- \/ Yoast SEO plugin. -->","yoast_head_json":{"title":"El mensaje de Rue du Bac (VI. El simbolismo de la visi\u00f3n) - Somos Vicencianos","robots":{"index":"index","follow":"follow","max-snippet":"max-snippet:-1","max-image-preview":"max-image-preview:large","max-video-preview":"max-video-preview:-1"},"canonical":"https:\/\/vincentians.com\/es\/el-mensaje-de-rue-du-bac-vi-el-simbolismo-de-la-vision\/","og_locale":"es_ES","og_type":"article","og_title":"El mensaje de Rue du Bac (VI. El simbolismo de la visi\u00f3n) - Somos Vicencianos","og_description":"Por los escritos de Sor Catalina y los relatos del P. Aladel co\u00adnocemos lo fundamental de la visi\u00f3n. Todo ocurre como en \u00e9xtasis y comprende tres fases funda\u00admentales. Las novicias que est\u00e1n a su lado ... Read More","og_url":"https:\/\/vincentians.com\/es\/el-mensaje-de-rue-du-bac-vi-el-simbolismo-de-la-vision\/","og_site_name":"Somos Vicencianos","article_publisher":"https:\/\/www.facebook.com\/WeAreVincentians\/","article_author":"https:\/\/www.facebook.com\/JavierChento","article_published_time":"2023-11-09T07:12:22+00:00","og_image":[{"width":350,"height":349,"url":"https:\/\/i0.wp.com\/vincentians.com\/es\/wp-content\/uploads\/sites\/11\/2022\/08\/imagen-1-2.jpg?fit=350%2C349&ssl=1","type":"image\/jpeg"}],"author":"Francisco Javier Fern\u00e1ndez Chento","twitter_card":"summary_large_image","twitter_creator":"@https:\/\/twitter.com\/javierchento","twitter_site":"@WeVincentians","twitter_misc":{"Escrito por":"Francisco Javier Fern\u00e1ndez Chento","Tiempo de lectura":"12 minutos"},"schema":{"@context":"https:\/\/schema.org","@graph":[{"@type":"Article","@id":"https:\/\/vincentians.com\/es\/el-mensaje-de-rue-du-bac-vi-el-simbolismo-de-la-vision\/#article","isPartOf":{"@id":"https:\/\/vincentians.com\/es\/el-mensaje-de-rue-du-bac-vi-el-simbolismo-de-la-vision\/"},"author":{"name":"Francisco Javier Fern\u00e1ndez Chento","@id":"http:\/\/vincentians.com\/es\/#\/schema\/person\/9623ef4d9aa3b2dfb8c061f1499288f2"},"headline":"El mensaje de Rue du Bac (VI. El simbolismo de la visi\u00f3n)","datePublished":"2023-11-09T07:12:22+00:00","mainEntityOfPage":{"@id":"https:\/\/vincentians.com\/es\/el-mensaje-de-rue-du-bac-vi-el-simbolismo-de-la-vision\/"},"wordCount":2806,"commentCount":0,"publisher":{"@id":"http:\/\/vincentians.com\/es\/#organization"},"image":{"@id":"https:\/\/vincentians.com\/es\/el-mensaje-de-rue-du-bac-vi-el-simbolismo-de-la-vision\/#primaryimage"},"thumbnailUrl":"https:\/\/i0.wp.com\/vincentians.com\/es\/wp-content\/uploads\/sites\/11\/2022\/08\/imagen-1-2.jpg?fit=350%2C349&ssl=1","keywords":["Ratisbona","Rue du Bac"],"articleSection":["Virgen Mar\u00eda"],"inLanguage":"es","potentialAction":[{"@type":"CommentAction","name":"Comment","target":["https:\/\/vincentians.com\/es\/el-mensaje-de-rue-du-bac-vi-el-simbolismo-de-la-vision\/#respond"]}]},{"@type":"WebPage","@id":"https:\/\/vincentians.com\/es\/el-mensaje-de-rue-du-bac-vi-el-simbolismo-de-la-vision\/","url":"https:\/\/vincentians.com\/es\/el-mensaje-de-rue-du-bac-vi-el-simbolismo-de-la-vision\/","name":"El mensaje de Rue du Bac (VI. El simbolismo de la visi\u00f3n) - Somos Vicencianos","isPartOf":{"@id":"http:\/\/vincentians.com\/es\/#website"},"primaryImageOfPage":{"@id":"https:\/\/vincentians.com\/es\/el-mensaje-de-rue-du-bac-vi-el-simbolismo-de-la-vision\/#primaryimage"},"image":{"@id":"https:\/\/vincentians.com\/es\/el-mensaje-de-rue-du-bac-vi-el-simbolismo-de-la-vision\/#primaryimage"},"thumbnailUrl":"https:\/\/i0.wp.com\/vincentians.com\/es\/wp-content\/uploads\/sites\/11\/2022\/08\/imagen-1-2.jpg?fit=350%2C349&ssl=1","datePublished":"2023-11-09T07:12:22+00:00","breadcrumb":{"@id":"https:\/\/vincentians.com\/es\/el-mensaje-de-rue-du-bac-vi-el-simbolismo-de-la-vision\/#breadcrumb"},"inLanguage":"es","potentialAction":[{"@type":"ReadAction","target":["https:\/\/vincentians.com\/es\/el-mensaje-de-rue-du-bac-vi-el-simbolismo-de-la-vision\/"]}]},{"@type":"ImageObject","inLanguage":"es","@id":"https:\/\/vincentians.com\/es\/el-mensaje-de-rue-du-bac-vi-el-simbolismo-de-la-vision\/#primaryimage","url":"https:\/\/i0.wp.com\/vincentians.com\/es\/wp-content\/uploads\/sites\/11\/2022\/08\/imagen-1-2.jpg?fit=350%2C349&ssl=1","contentUrl":"https:\/\/i0.wp.com\/vincentians.com\/es\/wp-content\/uploads\/sites\/11\/2022\/08\/imagen-1-2.jpg?fit=350%2C349&ssl=1","width":350,"height":349},{"@type":"BreadcrumbList","@id":"https:\/\/vincentians.com\/es\/el-mensaje-de-rue-du-bac-vi-el-simbolismo-de-la-vision\/#breadcrumb","itemListElement":[{"@type":"ListItem","position":1,"name":"Portada","item":"http:\/\/vincentians.com\/es\/"},{"@type":"ListItem","position":2,"name":"El mensaje de Rue du Bac (VI. El simbolismo de la visi\u00f3n)"}]},{"@type":"WebSite","@id":"http:\/\/vincentians.com\/es\/#website","url":"http:\/\/vincentians.com\/es\/","name":"Somos Vicencianos","description":"Know more to serve more","publisher":{"@id":"http:\/\/vincentians.com\/es\/#organization"},"potentialAction":[{"@type":"SearchAction","target":{"@type":"EntryPoint","urlTemplate":"http:\/\/vincentians.com\/es\/?s={search_term_string}"},"query-input":{"@type":"PropertyValueSpecification","valueRequired":true,"valueName":"search_term_string"}}],"inLanguage":"es"},{"@type":"Organization","@id":"http:\/\/vincentians.com\/es\/#organization","name":"The Vincentian Network","url":"http:\/\/vincentians.com\/es\/","logo":{"@type":"ImageObject","inLanguage":"es","@id":"http:\/\/vincentians.com\/es\/#\/schema\/logo\/image\/","url":"https:\/\/i1.wp.com\/vincentians.com\/es\/wp-content\/uploads\/sites\/11\/2016\/06\/Vincentian-Network-logo-big.png?fit=778%2C778","contentUrl":"https:\/\/i1.wp.com\/vincentians.com\/es\/wp-content\/uploads\/sites\/11\/2016\/06\/Vincentian-Network-logo-big.png?fit=778%2C778","width":778,"height":778,"caption":"The Vincentian Network"},"image":{"@id":"http:\/\/vincentians.com\/es\/#\/schema\/logo\/image\/"},"sameAs":["https:\/\/www.facebook.com\/WeAreVincentians\/","https:\/\/x.com\/WeVincentians"]},{"@type":"Person","@id":"http:\/\/vincentians.com\/es\/#\/schema\/person\/9623ef4d9aa3b2dfb8c061f1499288f2","name":"Francisco Javier Fern\u00e1ndez Chento","image":{"@type":"ImageObject","inLanguage":"es","@id":"http:\/\/vincentians.com\/es\/#\/schema\/person\/image\/","url":"https:\/\/secure.gravatar.com\/avatar\/497d5cde87b4c3d097d0315953521681ba2cd523ee66e5077c3711f7021e65de?s=96&d=mm&r=g","contentUrl":"https:\/\/secure.gravatar.com\/avatar\/497d5cde87b4c3d097d0315953521681ba2cd523ee66e5077c3711f7021e65de?s=96&d=mm&r=g","caption":"Francisco Javier Fern\u00e1ndez Chento"},"description":"Director General y cofundador de La Red de Formaci\u00f3n Vicenciana. Javier es laico vicenciano, afiliado a la Congregaci\u00f3n de la Misi\u00f3n y miembro del Equipo de Misiones Populares de la provincia can\u00f3nica de Zaragoza (Espa\u00f1a) de la Congregaci\u00f3n de la Misi\u00f3n. Graduado en la Universidad Oberta de Catalunya con cuatro grados (Asistente de direcci\u00f3n, Gesti\u00f3n Administrativa, Recursos Humanos y Contabilidad Avanzada). Bil\u00edng\u00fce Espa\u00f1ol\/Ingl\u00e9s. gestiona y mantiene varias p\u00e1ginas web cristianas y vicencianas, incluida including La Red de Formaci\u00f3n Vicenciana, de la que es cofundador. Actualmente es responsable del \u00e1rea de Espa\u00f1ol de .famvin, la Red de Noticias de la Familia Vicenciana. Tambi\u00e9n es m\u00fasico cat\u00f3lico y ha editado varios discos. Es Director General y cofundador de Trovador, una reconocida compa\u00f1\u00eda discogr\u00e1fica critiana de Espa\u00f1a. Trabaja en las Tecnolog\u00edas de la Informaci\u00f3n, ofreciendo servicios de alojamiento, dise\u00f1o y mantenimiento Web, as\u00ed como asesoramiento, formaci\u00f3n y soluciones inform\u00e1ticas, gesti\u00f3n documental y digitalizaci\u00f3n de textos, edici\u00f3n y maquetaci\u00f3n de libros, revistas, flyers, etc.","sameAs":["http:\/\/chento.org","https:\/\/www.facebook.com\/JavierChento","https:\/\/x.com\/https:\/\/twitter.com\/javierchento"],"url":"https:\/\/vincentians.com\/es\/author\/chento\/"}]}},"jetpack_publicize_connections":[],"jetpack_featured_media_url":"https:\/\/i0.wp.com\/vincentians.com\/es\/wp-content\/uploads\/sites\/11\/2022\/08\/imagen-1-2.jpg?fit=350%2C349&ssl=1","jetpack_sharing_enabled":true,"jetpack_shortlink":"https:\/\/wp.me\/p7ETMF-dRt","jetpack-related-posts":[{"id":2522,"url":"https:\/\/vincentians.com\/es\/una-relectura-del-mensaje-de-la-rue-du-bac-para-nuestro-tiempo\/","url_meta":{"origin":53287,"position":0},"title":"Una relectura del mensaje de la Rue du Bac para nuestro tiempo","author":"Francisco Javier Fern\u00e1ndez Chento","date":"23\/12\/2023","format":false,"excerpt":"Introducci\u00f3n No es \u00e9sta la primera vez que se pide a alguien tratar este tema. \u00bfC\u00f3mo actualizar el mensaje de la Rue du Bac?. La preocupaci\u00f3n por este enfoque surgi\u00f3 especialmente a partir de la celebraci\u00f3n del 150 aniversario de las apariciones de la Virgen a Santa Catalina y desde\u2026","rel":"","context":"En \u00abVirgen Mar\u00eda\u00bb","block_context":{"text":"Virgen Mar\u00eda","link":"https:\/\/vincentians.com\/es\/category\/espiritualidad\/virgen-maria\/"},"img":{"alt_text":"","src":"https:\/\/i0.wp.com\/vincentians.com\/es\/wp-content\/uploads\/sites\/11\/2013\/05\/La-milagrosa3.jpg?fit=670%2C430&ssl=1&resize=350%2C200","width":350,"height":200,"srcset":"https:\/\/i0.wp.com\/vincentians.com\/es\/wp-content\/uploads\/sites\/11\/2013\/05\/La-milagrosa3.jpg?fit=670%2C430&ssl=1&resize=350%2C200 1x, https:\/\/i0.wp.com\/vincentians.com\/es\/wp-content\/uploads\/sites\/11\/2013\/05\/La-milagrosa3.jpg?fit=670%2C430&ssl=1&resize=525%2C300 1.5x"},"classes":[]},{"id":53285,"url":"https:\/\/vincentians.com\/es\/el-mensaje-de-rue-du-bac-v-la-vision\/","url_meta":{"origin":53287,"position":1},"title":"El mensaje de Rue du Bac (V. La visi\u00f3n)","author":"Francisco Javier Fern\u00e1ndez Chento","date":"07\/11\/2023","format":false,"excerpt":"En los documentos primeros m\u00e1s autorizados se describen las revelaciones de la Virgen a Santa Catalina usando la palabra \"vi\u00adsi\u00f3n\" con preferencia a \"aparici\u00f3n\". Tanto el Padre Aladel como los Padres Etienne y Lamboley tienen frases como \u00e9stas: \"vio\", \"crey\u00f3 haber visto\", \"tuvo otra visi\u00f3n\", etc. As\u00ed puede leerse en\u2026","rel":"","context":"En \u00abVirgen Mar\u00eda\u00bb","block_context":{"text":"Virgen Mar\u00eda","link":"https:\/\/vincentians.com\/es\/category\/espiritualidad\/virgen-maria\/"},"img":{"alt_text":"","src":"https:\/\/i0.wp.com\/vincentians.com\/es\/wp-content\/uploads\/sites\/11\/2022\/08\/imagen-1-2.jpg?fit=350%2C349&ssl=1&resize=350%2C200","width":350,"height":200},"classes":[]},{"id":53283,"url":"https:\/\/vincentians.com\/es\/el-mensaje-de-rue-du-bac-iv-palabras-de-la-virgen\/","url_meta":{"origin":53287,"position":2},"title":"El mensaje de Rue du Bac (IV. Palabras de la Virgen)","author":"Francisco Javier Fern\u00e1ndez Chento","date":"05\/11\/2023","format":false,"excerpt":"En M\u00edstica se habla de un lenguaje divino, de locuciones so\u00adbrenaturales, con el cual Dios manifiesta su pensamiento inefable a un alma. Esta comunicaci\u00f3n sobrenatural puede hacerse a tra\u00adv\u00e9s del o\u00eddo o de la imaginaci\u00f3n (fantas\u00eda), o por impresiones di\u00adrectas en el entendimiento. As\u00ed surge la cl\u00e1sica divisi\u00f3n de locu\u00adciones\u2026","rel":"","context":"En \u00abVirgen Mar\u00eda\u00bb","block_context":{"text":"Virgen Mar\u00eda","link":"https:\/\/vincentians.com\/es\/category\/espiritualidad\/virgen-maria\/"},"img":{"alt_text":"","src":"https:\/\/i0.wp.com\/vincentians.com\/es\/wp-content\/uploads\/sites\/11\/2022\/08\/imagen-1-2.jpg?fit=350%2C349&ssl=1&resize=350%2C200","width":350,"height":200},"classes":[]},{"id":53272,"url":"https:\/\/vincentians.com\/es\/el-mensaje-de-rue-du-bac-introduccion\/","url_meta":{"origin":53287,"position":3},"title":"El mensaje de Rue du Bac (Introducci\u00f3n)","author":"Francisco Javier Fern\u00e1ndez Chento","date":"27\/10\/2023","format":false,"excerpt":"Es dif\u00edcil precisar el significado y mensaje de las apariciones de la Virgen Mar\u00eda a Santa Catalina Labour\u00e9. Aunque fueron las primeras de todas las mariofan\u00edas modernas no han tenido a\u00fan ni un historiador ni un te\u00f3logo que las haya estudiado en profun\u00addidad. Cierto que las biograf\u00edas de la vidente\u2026","rel":"","context":"En \u00abVirgen Mar\u00eda\u00bb","block_context":{"text":"Virgen Mar\u00eda","link":"https:\/\/vincentians.com\/es\/category\/espiritualidad\/virgen-maria\/"},"img":{"alt_text":"","src":"https:\/\/i0.wp.com\/vincentians.com\/es\/wp-content\/uploads\/sites\/11\/2022\/08\/imagen-1-2.jpg?fit=350%2C349&ssl=1&resize=350%2C200","width":350,"height":200},"classes":[]},{"id":53279,"url":"https:\/\/vincentians.com\/es\/el-mensaje-de-rue-du-bac-ii-carta-del-p-aladel-al-abate-le-guillou\/","url_meta":{"origin":53287,"position":4},"title":"El mensaje de Rue du Bac (II. Carta del P. Aladel al Abate Le Guillou)","author":"Francisco Javier Fern\u00e1ndez Chento","date":"01\/11\/2023","format":false,"excerpt":"Par\u00eds, 17 de marzo de 1834. \"... Hacia finales del a\u00f1o 1830, Sor N..., novicia en una Co\u00admunidad de Par\u00eds consagrada al servicio de los pobres, hab\u00eda cre\u00eddo ver, durante la oraci\u00f3n, como en un cuadro, a la Sant\u00ed\u00adsima Virgen, tal como se la representa de ordinario bajo el t\u00ed\u00adtulo\u2026","rel":"","context":"En \u00abVirgen Mar\u00eda\u00bb","block_context":{"text":"Virgen Mar\u00eda","link":"https:\/\/vincentians.com\/es\/category\/espiritualidad\/virgen-maria\/"},"img":{"alt_text":"","src":"https:\/\/i0.wp.com\/vincentians.com\/es\/wp-content\/uploads\/sites\/11\/2022\/08\/imagen-1-2.jpg?fit=350%2C349&ssl=1&resize=350%2C200","width":350,"height":200},"classes":[]},{"id":28941,"url":"https:\/\/vincentians.com\/es\/la-supersticion-superada-rue-du-bac-3-la-primera-vision\/","url_meta":{"origin":53287,"position":5},"title":"La superstici\u00f3n superada. Rue du Bac. 3. La primera visi\u00f3n","author":"Francisco Javier Fern\u00e1ndez Chento","date":"21\/11\/2013","format":false,"excerpt":"3.\u00a0La primera visi\u00f3n Nos encontramos en la primavera del a\u00f1o 1830, antes de las famosas jornadas de julio, entonces tan imprevisibles. En la comunidad s\u00f3lo se habla de un acontecimiento, de una fiesta, fijada para el domingo 25 de abril, es decir, cuatro d\u00edas despu\u00e9s de la llegada de Zo\u00e9.\u2026","rel":"","context":"En \u00abCatalina Labour\u00e9\u00bb","block_context":{"text":"Catalina Labour\u00e9","link":"https:\/\/vincentians.com\/es\/category\/la-familia-vicenciana\/la-familia-vicenciana-en-los-altares\/santos\/catalina-laboure\/"},"img":{"alt_text":"","src":"https:\/\/i0.wp.com\/vicencianos.org\/wp-content\/2009\/11\/Guatemala-casa-madre_JPG1-300x225.jpg?resize=350%2C200","width":350,"height":200},"classes":[]}],"_links":{"self":[{"href":"https:\/\/vincentians.com\/es\/wp-json\/wp\/v2\/posts\/53287","targetHints":{"allow":["GET"]}}],"collection":[{"href":"https:\/\/vincentians.com\/es\/wp-json\/wp\/v2\/posts"}],"about":[{"href":"https:\/\/vincentians.com\/es\/wp-json\/wp\/v2\/types\/post"}],"author":[{"embeddable":true,"href":"https:\/\/vincentians.com\/es\/wp-json\/wp\/v2\/users\/4"}],"replies":[{"embeddable":true,"href":"https:\/\/vincentians.com\/es\/wp-json\/wp\/v2\/comments?post=53287"}],"version-history":[{"count":1,"href":"https:\/\/vincentians.com\/es\/wp-json\/wp\/v2\/posts\/53287\/revisions"}],"predecessor-version":[{"id":404889,"href":"https:\/\/vincentians.com\/es\/wp-json\/wp\/v2\/posts\/53287\/revisions\/404889"}],"wp:featuredmedia":[{"embeddable":true,"href":"https:\/\/vincentians.com\/es\/wp-json\/wp\/v2\/media\/404259"}],"wp:attachment":[{"href":"https:\/\/vincentians.com\/es\/wp-json\/wp\/v2\/media?parent=53287"}],"wp:term":[{"taxonomy":"category","embeddable":true,"href":"https:\/\/vincentians.com\/es\/wp-json\/wp\/v2\/categories?post=53287"},{"taxonomy":"post_tag","embeddable":true,"href":"https:\/\/vincentians.com\/es\/wp-json\/wp\/v2\/tags?post=53287"}],"curies":[{"name":"wp","href":"https:\/\/api.w.org\/{rel}","templated":true}]}}