{"id":53254,"date":"2018-12-21T08:30:37","date_gmt":"2018-12-21T07:30:37","guid":{"rendered":"http:\/\/somos.vicencianos.org\/blog\/2011\/11\/vida-apostolica-de-la-asociacion-de-la-medalla-milagrosa\/"},"modified":"2018-11-30T13:05:08","modified_gmt":"2018-11-30T12:05:08","slug":"vida-apostolica-de-la-asociacion-de-la-medalla-milagrosa","status":"publish","type":"post","link":"https:\/\/vincentians.com\/es\/vida-apostolica-de-la-asociacion-de-la-medalla-milagrosa\/","title":{"rendered":"Vida apost\u00f3lica de la Asociaci\u00f3n de la Medalla Milagrosa"},"content":{"rendered":"<p>El term\u00f3metro de la temperatura de una buena vida espiritual, te\u00adma catequ\u00e9tico tratado en el Bo\u00adlet\u00edn pasado, lo marca la entrega, el compromiso, el servicio a los dem\u00e1s, la vida apost\u00f3lica. El com\u00adpromiso de la fe, la vida de ap\u00f3s\u00adtol en el mundo, es misi\u00f3n de to\u00addo creyente. \u00abLas asociaciones no se establecen para s\u00ed mismas, sino que debe servir a la misi\u00f3n que la Iglesia tiene que realizar en el mundo\u00bb. (art. 16.1)<\/p>\n<p>La Iglesia es \u00absacramento univer\u00adsal de salvaci\u00f3n\u00bb. Lo es por la predicaci\u00f3n de la Palabra de Dios, la administraci\u00f3n de los sa\u00adcramentos, y la vida de sus fieles, llamados a contribuir, cada uno seg\u00fan su condici\u00f3n, a extender el mensaje evang\u00e9lico y hacer presente a Cristo en todos los ambientes.<\/p>\n<p>Todo laico, por estar incorporado a la Iglesia por el Bautismo, parti\u00adcipa de la triple condici\u00f3n de Cris\u00adto: Sacerdote, Profeta y Rey. La vocaci\u00f3n cristiana es servicio he\u00adcho misi\u00f3n, un servicio que revele al hombre el amor que Dios le tie\u00adne. <em>\u00abEl apostolado de los laicos es participaci\u00f3n en la misma misi\u00f3n salv\u00edfica de la Iglesia, apostolado al que todos est\u00e1n destinados por el mismo Se\u00f1or, en virtud del Bau\u00adtismo y de la Confirmaci\u00f3n\u00bb <\/em>(LG 33). Idea que recogen los Estatu\u00adtos de la A.M.M., en el art. 16.2, casi al pie de la letra.<\/p>\n<p>El Papa Juan Pablo II, en la Exhor\u00adtaci\u00f3n \u00ablos fieles laicos\u00bb, explicit\u00f3 los campos concretos de mayor importancia en que los laicos tie\u00adnen que vivir la misi\u00f3n de su vo\u00adcaci\u00f3n en el mundo (36-44). Enu\u00admero algunos de los m\u00e1s signifi\u00adcativos para los miembros de la A.M.M.: la defensa del derecho de la vida, la dignidad de la per\u00adsona, la familia, la solidaridad, la justicia. Es ah\u00ed donde hay que vi\u00advir \u00abla restauraci\u00f3n del orden temporal y, conducidos en ello por la luz del Evangelio y por las ense\u00f1anzas de la Iglesia y movi\u00addos por la caridad cristiana, obren directamente y de forma concre\u00adta, cooperando unos con otros\u00bb(art. 16.3).<\/p>\n<p>La A.M.M. adem\u00e1s de eclesial es vicenciana. La misi\u00f3n pertenece al n\u00facleo de la espiritualidad y actividad de San Vicente de Pa\u00fal. El laico vicenciano tiene que ser, en todo lo que es y hace, <em>\u00abrevelador del amor de Dios a todos los hom<\/em><em>bres, especialmente a los pobres\u00bb. <\/em>El carisma vicenciano es evangelizar a los pobres haciendo cre\u00edble el evangelio por la practica de la caridad: \u00abEvangelizar <strong>de pala<\/strong><strong>bras y con obras <\/strong>es una exigencia de nuestro carisma\u00bb (art. 16.4). Siempre el testimonio de las obras ha sido necesario para ser cre\u00edble en la evangelizaci\u00f3n, pero, en esta cultura de mentiras de nuestra sociedad de hoy, la palabra para gozar de credibilidad tiene que ir avalada, respaldada por las obras. \u00abLa caridad de las obras corrobora la caridad de las palabras\u00bb (NMI 50). Ya antes Pablo VI hab\u00eda escri\u00adto que <em>\u00abel hombre de hoy da m\u00e1s cr\u00e9dito a los testigos que <\/em><em>a los ma\u00adestros\u00bb <\/em>(EN. 15, 20).<\/p>\n<p>Los os pobres son la encomienda que Dios nos ha hecho a los se\u00adguidores de Cristo evangelizador de los pobres. Por eso, ellos de\u00adben tener siempre preferencia en lo que somos y hacemos, en nues\u00adtro servicio evangelizador (art. 16.5). No olvidemos que todo ser\u00advicio que le prestemos a los po\u00adbres, para que sea vicenciano, tie\u00adne que revelar siempre el \u00abamor de Dios\u00bb. Las obras de justicia, so\u00adlidaridad, misericordia y compa\u00adsi\u00f3n, al estilo del buen samarita\u00adno, deben acompa\u00f1ar siempre a nuestras palabras, si queremos que nos crean aquellos a los que\u00adremos evangelizar.<\/p>\n<p>Ser cristiano hoy, vivir la fe es dif\u00ed\u00adcil En el pasado bastaba dejarse llevar por los dem\u00e1s. En el presen\u00adte quien se deje llevar, precisa\u00admente por eso, dejar\u00e1 de ser cris\u00adtiano. Es muy dif\u00edcil mantener la fe en un clima generalizado de in-creencia, de indiferencia religiosa o de un cristianismo aburguesado sin apoyo de los dem\u00e1s creyentes. Por eso, para los cristianos del si\u00adglo XXI, tendr\u00e1 una importancia decisiva el hecho de estar integra\u00addos en peque\u00f1as comunidades cristianas donde se viva y se comparta juntos la fe y sus experien\u00adcias. Por algo el P. General nos pi\u00adde que hagamos de cada uno de los Centros de la A.M.M. \u00abLugares de apoyo mutuo en la fe\u00bb. Y, Car\u00advajal, en Cristianos para el Siglo XXI, nos pide ser <em>\u00abcomunidades de Contraste en la cultura de la in-creencia\u00bb.<\/em><\/p>\n<p>Muchos de nosotros convivimos o tenemos contacto con familiares y amigos que se han ido distancian\u00addo de la fe. \u00bfPor qu\u00e9 les hemos de ocultar tanto nuestra experiencia creyente, nuestras convicciones y las motivaciones que animan nuestra fe? \u00bfPor qu\u00e9 hemos de si\u00adlenciar los creyentes nuestra visi\u00f3n cristiana de la vida, cuando otros manifiestan p\u00fablicamente su acti\u00adtud increyente? Este testimonio a trav\u00e9s del contacto personal es de gran importancia, pues, en el fon\u00addo, \u00ab\u00bfhay otra forma de comuni\u00adcar el evangelio que no sea la de transmitir a otro la propia expe\u00adriencia de fe?\u00bb (E.N. 46). \u00abEsta pa\u00adsi\u00f3n suscitar\u00e1 en la Iglesia una nueva acci\u00f3n misionera, que no podr\u00e1 ser delegada a unos pocos <strong>\u00abespecialistas\u00bb, <\/strong>sino que acabar\u00e1 por implicar la responsabilidad de todos los miembros del Pueblc de Dios\u00bb (NMI 40)<\/p>\n<p>El modelo y ejemplo al que todc miembro de la A.M.M. debe mirar e imitar, para vivir su vocaci\u00f3n mi\u00adsionera de servicio a los pobres, de anunciar y testimoniar su fe, e! a Mar\u00eda (art. 16.6). Ella acoge Cristo -Anunciaci\u00f3n-, lo lleva y cl\u00bf -Visitaci\u00f3n- Tener a Cristo, llevarle y sentir la necesidad de comuni carlo, de darlo sirviendo, es la ex periencia imprescindible para po der evangelizar.<\/p>\n<p>La Visita domiciliaria, medio prin cipal del apostolado junto con e servicio a los pobres, est\u00e1 inspira da en estas escenas b\u00edblicas y la actitudes de Mar\u00eda que nos narre el Evangelio (Lc 1,1-56) deben se las que dinamicen estos medios d( apostolado (art. 16.5).<\/p>\n","protected":false},"excerpt":{"rendered":"<p>El term\u00f3metro de la temperatura de una buena vida espiritual, te\u00adma catequ\u00e9tico tratado en el Bo\u00adlet\u00edn pasado, lo marca la entrega, el compromiso, el servicio a los dem\u00e1s, la vida apost\u00f3lica. El com\u00adpromiso de la &#8230; <a href=\"https:\/\/vincentians.com\/es\/vida-apostolica-de-la-asociacion-de-la-medalla-milagrosa\/\" class=\"more-link\">Read More<\/a><\/p>\n","protected":false},"author":4,"featured_media":400001,"comment_status":"open","ping_status":"open","sticky":false,"template":"","format":"standard","meta":{"jetpack_post_was_ever_published":false,"_jetpack_newsletter_access":"","_jetpack_dont_email_post_to_subs":false,"_jetpack_newsletter_tier_id":0,"_jetpack_memberships_contains_paywalled_content":false,"_jetpack_memberships_contains_paid_content":false,"footnotes":"","jetpack_publicize_message":"","jetpack_publicize_feature_enabled":true,"jetpack_social_post_already_shared":true,"jetpack_social_options":{"image_generator_settings":{"template":"highway","default_image_id":0,"font":"","enabled":false},"version":2}},"categories":[380,8],"tags":[],"class_list":["post-53254","post","type-post","status-publish","format-standard","has-post-thumbnail","hentry","category-asociacion-de-la-medalla-milagrosa","category-virgen-maria"],"yoast_head":"<!-- This site is optimized with the Yoast SEO plugin v26.3 - https:\/\/yoast.com\/wordpress\/plugins\/seo\/ -->\n<title>Vida apost\u00f3lica de la Asociaci\u00f3n de la Medalla Milagrosa - Somos Vicencianos<\/title>\n<meta name=\"robots\" content=\"index, follow, max-snippet:-1, max-image-preview:large, max-video-preview:-1\" \/>\n<link rel=\"canonical\" href=\"https:\/\/vincentians.com\/es\/vida-apostolica-de-la-asociacion-de-la-medalla-milagrosa\/\" \/>\n<meta property=\"og:locale\" content=\"es_ES\" \/>\n<meta property=\"og:type\" content=\"article\" \/>\n<meta property=\"og:title\" content=\"Vida apost\u00f3lica de la Asociaci\u00f3n de la Medalla Milagrosa - Somos Vicencianos\" \/>\n<meta property=\"og:description\" content=\"El term\u00f3metro de la temperatura de una buena vida espiritual, te\u00adma catequ\u00e9tico tratado en el Bo\u00adlet\u00edn pasado, lo marca la entrega, el compromiso, el servicio a los dem\u00e1s, la vida apost\u00f3lica. El com\u00adpromiso de la ... Read More\" \/>\n<meta property=\"og:url\" content=\"https:\/\/vincentians.com\/es\/vida-apostolica-de-la-asociacion-de-la-medalla-milagrosa\/\" \/>\n<meta property=\"og:site_name\" content=\"Somos Vicencianos\" \/>\n<meta property=\"article:publisher\" content=\"https:\/\/www.facebook.com\/WeAreVincentians\/\" \/>\n<meta property=\"article:author\" content=\"https:\/\/www.facebook.com\/JavierChento\" \/>\n<meta property=\"article:published_time\" content=\"2018-12-21T07:30:37+00:00\" \/>\n<meta property=\"og:image\" content=\"https:\/\/i0.wp.com\/vincentians.com\/es\/wp-content\/uploads\/sites\/11\/2016\/09\/revolucion-francesa.jpg?fit=1600%2C840&ssl=1\" \/>\n\t<meta property=\"og:image:width\" content=\"1600\" \/>\n\t<meta property=\"og:image:height\" content=\"840\" \/>\n\t<meta property=\"og:image:type\" content=\"image\/jpeg\" \/>\n<meta name=\"author\" content=\"Francisco Javier Fern\u00e1ndez Chento\" \/>\n<meta name=\"twitter:card\" content=\"summary_large_image\" \/>\n<meta name=\"twitter:creator\" content=\"@https:\/\/twitter.com\/javierchento\" \/>\n<meta name=\"twitter:site\" content=\"@WeVincentians\" \/>\n<meta name=\"twitter:label1\" content=\"Escrito por\" \/>\n\t<meta name=\"twitter:data1\" content=\"Francisco Javier Fern\u00e1ndez Chento\" \/>\n\t<meta name=\"twitter:label2\" content=\"Tiempo de lectura\" \/>\n\t<meta name=\"twitter:data2\" content=\"5 minutos\" \/>\n<script type=\"application\/ld+json\" class=\"yoast-schema-graph\">{\"@context\":\"https:\/\/schema.org\",\"@graph\":[{\"@type\":\"Article\",\"@id\":\"https:\/\/vincentians.com\/es\/vida-apostolica-de-la-asociacion-de-la-medalla-milagrosa\/#article\",\"isPartOf\":{\"@id\":\"https:\/\/vincentians.com\/es\/vida-apostolica-de-la-asociacion-de-la-medalla-milagrosa\/\"},\"author\":{\"name\":\"Francisco Javier Fern\u00e1ndez Chento\",\"@id\":\"http:\/\/vincentians.com\/es\/#\/schema\/person\/9623ef4d9aa3b2dfb8c061f1499288f2\"},\"headline\":\"Vida apost\u00f3lica de la Asociaci\u00f3n de la Medalla Milagrosa\",\"datePublished\":\"2018-12-21T07:30:37+00:00\",\"mainEntityOfPage\":{\"@id\":\"https:\/\/vincentians.com\/es\/vida-apostolica-de-la-asociacion-de-la-medalla-milagrosa\/\"},\"wordCount\":1072,\"commentCount\":1,\"publisher\":{\"@id\":\"http:\/\/vincentians.com\/es\/#organization\"},\"image\":{\"@id\":\"https:\/\/vincentians.com\/es\/vida-apostolica-de-la-asociacion-de-la-medalla-milagrosa\/#primaryimage\"},\"thumbnailUrl\":\"https:\/\/i0.wp.com\/vincentians.com\/es\/wp-content\/uploads\/sites\/11\/2016\/09\/revolucion-francesa.jpg?fit=1600%2C840&ssl=1\",\"articleSection\":[\"Asociaci\u00f3n de la Medalla Milagrosa\",\"Virgen Mar\u00eda\"],\"inLanguage\":\"es\",\"potentialAction\":[{\"@type\":\"CommentAction\",\"name\":\"Comment\",\"target\":[\"https:\/\/vincentians.com\/es\/vida-apostolica-de-la-asociacion-de-la-medalla-milagrosa\/#respond\"]}]},{\"@type\":\"WebPage\",\"@id\":\"https:\/\/vincentians.com\/es\/vida-apostolica-de-la-asociacion-de-la-medalla-milagrosa\/\",\"url\":\"https:\/\/vincentians.com\/es\/vida-apostolica-de-la-asociacion-de-la-medalla-milagrosa\/\",\"name\":\"Vida apost\u00f3lica de la Asociaci\u00f3n de la Medalla Milagrosa - Somos Vicencianos\",\"isPartOf\":{\"@id\":\"http:\/\/vincentians.com\/es\/#website\"},\"primaryImageOfPage\":{\"@id\":\"https:\/\/vincentians.com\/es\/vida-apostolica-de-la-asociacion-de-la-medalla-milagrosa\/#primaryimage\"},\"image\":{\"@id\":\"https:\/\/vincentians.com\/es\/vida-apostolica-de-la-asociacion-de-la-medalla-milagrosa\/#primaryimage\"},\"thumbnailUrl\":\"https:\/\/i0.wp.com\/vincentians.com\/es\/wp-content\/uploads\/sites\/11\/2016\/09\/revolucion-francesa.jpg?fit=1600%2C840&ssl=1\",\"datePublished\":\"2018-12-21T07:30:37+00:00\",\"breadcrumb\":{\"@id\":\"https:\/\/vincentians.com\/es\/vida-apostolica-de-la-asociacion-de-la-medalla-milagrosa\/#breadcrumb\"},\"inLanguage\":\"es\",\"potentialAction\":[{\"@type\":\"ReadAction\",\"target\":[\"https:\/\/vincentians.com\/es\/vida-apostolica-de-la-asociacion-de-la-medalla-milagrosa\/\"]}]},{\"@type\":\"ImageObject\",\"inLanguage\":\"es\",\"@id\":\"https:\/\/vincentians.com\/es\/vida-apostolica-de-la-asociacion-de-la-medalla-milagrosa\/#primaryimage\",\"url\":\"https:\/\/i0.wp.com\/vincentians.com\/es\/wp-content\/uploads\/sites\/11\/2016\/09\/revolucion-francesa.jpg?fit=1600%2C840&ssl=1\",\"contentUrl\":\"https:\/\/i0.wp.com\/vincentians.com\/es\/wp-content\/uploads\/sites\/11\/2016\/09\/revolucion-francesa.jpg?fit=1600%2C840&ssl=1\",\"width\":1600,\"height\":840},{\"@type\":\"BreadcrumbList\",\"@id\":\"https:\/\/vincentians.com\/es\/vida-apostolica-de-la-asociacion-de-la-medalla-milagrosa\/#breadcrumb\",\"itemListElement\":[{\"@type\":\"ListItem\",\"position\":1,\"name\":\"Portada\",\"item\":\"http:\/\/vincentians.com\/es\/\"},{\"@type\":\"ListItem\",\"position\":2,\"name\":\"Vida apost\u00f3lica de la Asociaci\u00f3n de la Medalla Milagrosa\"}]},{\"@type\":\"WebSite\",\"@id\":\"http:\/\/vincentians.com\/es\/#website\",\"url\":\"http:\/\/vincentians.com\/es\/\",\"name\":\"Somos Vicencianos\",\"description\":\"Know more to serve more\",\"publisher\":{\"@id\":\"http:\/\/vincentians.com\/es\/#organization\"},\"potentialAction\":[{\"@type\":\"SearchAction\",\"target\":{\"@type\":\"EntryPoint\",\"urlTemplate\":\"http:\/\/vincentians.com\/es\/?s={search_term_string}\"},\"query-input\":{\"@type\":\"PropertyValueSpecification\",\"valueRequired\":true,\"valueName\":\"search_term_string\"}}],\"inLanguage\":\"es\"},{\"@type\":\"Organization\",\"@id\":\"http:\/\/vincentians.com\/es\/#organization\",\"name\":\"The Vincentian Network\",\"url\":\"http:\/\/vincentians.com\/es\/\",\"logo\":{\"@type\":\"ImageObject\",\"inLanguage\":\"es\",\"@id\":\"http:\/\/vincentians.com\/es\/#\/schema\/logo\/image\/\",\"url\":\"https:\/\/i1.wp.com\/vincentians.com\/es\/wp-content\/uploads\/sites\/11\/2016\/06\/Vincentian-Network-logo-big.png?fit=778%2C778\",\"contentUrl\":\"https:\/\/i1.wp.com\/vincentians.com\/es\/wp-content\/uploads\/sites\/11\/2016\/06\/Vincentian-Network-logo-big.png?fit=778%2C778\",\"width\":778,\"height\":778,\"caption\":\"The Vincentian Network\"},\"image\":{\"@id\":\"http:\/\/vincentians.com\/es\/#\/schema\/logo\/image\/\"},\"sameAs\":[\"https:\/\/www.facebook.com\/WeAreVincentians\/\",\"https:\/\/x.com\/WeVincentians\"]},{\"@type\":\"Person\",\"@id\":\"http:\/\/vincentians.com\/es\/#\/schema\/person\/9623ef4d9aa3b2dfb8c061f1499288f2\",\"name\":\"Francisco Javier Fern\u00e1ndez Chento\",\"image\":{\"@type\":\"ImageObject\",\"inLanguage\":\"es\",\"@id\":\"http:\/\/vincentians.com\/es\/#\/schema\/person\/image\/\",\"url\":\"https:\/\/secure.gravatar.com\/avatar\/497d5cde87b4c3d097d0315953521681ba2cd523ee66e5077c3711f7021e65de?s=96&d=mm&r=g\",\"contentUrl\":\"https:\/\/secure.gravatar.com\/avatar\/497d5cde87b4c3d097d0315953521681ba2cd523ee66e5077c3711f7021e65de?s=96&d=mm&r=g\",\"caption\":\"Francisco Javier Fern\u00e1ndez Chento\"},\"description\":\"Director General y cofundador de La Red de Formaci\u00f3n Vicenciana. Javier es laico vicenciano, afiliado a la Congregaci\u00f3n de la Misi\u00f3n y miembro del Equipo de Misiones Populares de la provincia can\u00f3nica de Zaragoza (Espa\u00f1a) de la Congregaci\u00f3n de la Misi\u00f3n. Graduado en la Universidad Oberta de Catalunya con cuatro grados (Asistente de direcci\u00f3n, Gesti\u00f3n Administrativa, Recursos Humanos y Contabilidad Avanzada). Bil\u00edng\u00fce Espa\u00f1ol\/Ingl\u00e9s. gestiona y mantiene varias p\u00e1ginas web cristianas y vicencianas, incluida including La Red de Formaci\u00f3n Vicenciana, de la que es cofundador. Actualmente es responsable del \u00e1rea de Espa\u00f1ol de .famvin, la Red de Noticias de la Familia Vicenciana. Tambi\u00e9n es m\u00fasico cat\u00f3lico y ha editado varios discos. Es Director General y cofundador de Trovador, una reconocida compa\u00f1\u00eda discogr\u00e1fica critiana de Espa\u00f1a. Trabaja en las Tecnolog\u00edas de la Informaci\u00f3n, ofreciendo servicios de alojamiento, dise\u00f1o y mantenimiento Web, as\u00ed como asesoramiento, formaci\u00f3n y soluciones inform\u00e1ticas, gesti\u00f3n documental y digitalizaci\u00f3n de textos, edici\u00f3n y maquetaci\u00f3n de libros, revistas, flyers, etc.\",\"sameAs\":[\"http:\/\/chento.org\",\"https:\/\/www.facebook.com\/JavierChento\",\"https:\/\/x.com\/https:\/\/twitter.com\/javierchento\"],\"url\":\"https:\/\/vincentians.com\/es\/author\/chento\/\"}]}<\/script>\n<!-- \/ Yoast SEO plugin. -->","yoast_head_json":{"title":"Vida apost\u00f3lica de la Asociaci\u00f3n de la Medalla Milagrosa - Somos Vicencianos","robots":{"index":"index","follow":"follow","max-snippet":"max-snippet:-1","max-image-preview":"max-image-preview:large","max-video-preview":"max-video-preview:-1"},"canonical":"https:\/\/vincentians.com\/es\/vida-apostolica-de-la-asociacion-de-la-medalla-milagrosa\/","og_locale":"es_ES","og_type":"article","og_title":"Vida apost\u00f3lica de la Asociaci\u00f3n de la Medalla Milagrosa - Somos Vicencianos","og_description":"El term\u00f3metro de la temperatura de una buena vida espiritual, te\u00adma catequ\u00e9tico tratado en el Bo\u00adlet\u00edn pasado, lo marca la entrega, el compromiso, el servicio a los dem\u00e1s, la vida apost\u00f3lica. El com\u00adpromiso de la ... Read More","og_url":"https:\/\/vincentians.com\/es\/vida-apostolica-de-la-asociacion-de-la-medalla-milagrosa\/","og_site_name":"Somos Vicencianos","article_publisher":"https:\/\/www.facebook.com\/WeAreVincentians\/","article_author":"https:\/\/www.facebook.com\/JavierChento","article_published_time":"2018-12-21T07:30:37+00:00","og_image":[{"width":1600,"height":840,"url":"https:\/\/i0.wp.com\/vincentians.com\/es\/wp-content\/uploads\/sites\/11\/2016\/09\/revolucion-francesa.jpg?fit=1600%2C840&ssl=1","type":"image\/jpeg"}],"author":"Francisco Javier Fern\u00e1ndez Chento","twitter_card":"summary_large_image","twitter_creator":"@https:\/\/twitter.com\/javierchento","twitter_site":"@WeVincentians","twitter_misc":{"Escrito por":"Francisco Javier Fern\u00e1ndez Chento","Tiempo de lectura":"5 minutos"},"schema":{"@context":"https:\/\/schema.org","@graph":[{"@type":"Article","@id":"https:\/\/vincentians.com\/es\/vida-apostolica-de-la-asociacion-de-la-medalla-milagrosa\/#article","isPartOf":{"@id":"https:\/\/vincentians.com\/es\/vida-apostolica-de-la-asociacion-de-la-medalla-milagrosa\/"},"author":{"name":"Francisco Javier Fern\u00e1ndez Chento","@id":"http:\/\/vincentians.com\/es\/#\/schema\/person\/9623ef4d9aa3b2dfb8c061f1499288f2"},"headline":"Vida apost\u00f3lica de la Asociaci\u00f3n de la Medalla Milagrosa","datePublished":"2018-12-21T07:30:37+00:00","mainEntityOfPage":{"@id":"https:\/\/vincentians.com\/es\/vida-apostolica-de-la-asociacion-de-la-medalla-milagrosa\/"},"wordCount":1072,"commentCount":1,"publisher":{"@id":"http:\/\/vincentians.com\/es\/#organization"},"image":{"@id":"https:\/\/vincentians.com\/es\/vida-apostolica-de-la-asociacion-de-la-medalla-milagrosa\/#primaryimage"},"thumbnailUrl":"https:\/\/i0.wp.com\/vincentians.com\/es\/wp-content\/uploads\/sites\/11\/2016\/09\/revolucion-francesa.jpg?fit=1600%2C840&ssl=1","articleSection":["Asociaci\u00f3n de la Medalla Milagrosa","Virgen Mar\u00eda"],"inLanguage":"es","potentialAction":[{"@type":"CommentAction","name":"Comment","target":["https:\/\/vincentians.com\/es\/vida-apostolica-de-la-asociacion-de-la-medalla-milagrosa\/#respond"]}]},{"@type":"WebPage","@id":"https:\/\/vincentians.com\/es\/vida-apostolica-de-la-asociacion-de-la-medalla-milagrosa\/","url":"https:\/\/vincentians.com\/es\/vida-apostolica-de-la-asociacion-de-la-medalla-milagrosa\/","name":"Vida apost\u00f3lica de la Asociaci\u00f3n de la Medalla Milagrosa - Somos Vicencianos","isPartOf":{"@id":"http:\/\/vincentians.com\/es\/#website"},"primaryImageOfPage":{"@id":"https:\/\/vincentians.com\/es\/vida-apostolica-de-la-asociacion-de-la-medalla-milagrosa\/#primaryimage"},"image":{"@id":"https:\/\/vincentians.com\/es\/vida-apostolica-de-la-asociacion-de-la-medalla-milagrosa\/#primaryimage"},"thumbnailUrl":"https:\/\/i0.wp.com\/vincentians.com\/es\/wp-content\/uploads\/sites\/11\/2016\/09\/revolucion-francesa.jpg?fit=1600%2C840&ssl=1","datePublished":"2018-12-21T07:30:37+00:00","breadcrumb":{"@id":"https:\/\/vincentians.com\/es\/vida-apostolica-de-la-asociacion-de-la-medalla-milagrosa\/#breadcrumb"},"inLanguage":"es","potentialAction":[{"@type":"ReadAction","target":["https:\/\/vincentians.com\/es\/vida-apostolica-de-la-asociacion-de-la-medalla-milagrosa\/"]}]},{"@type":"ImageObject","inLanguage":"es","@id":"https:\/\/vincentians.com\/es\/vida-apostolica-de-la-asociacion-de-la-medalla-milagrosa\/#primaryimage","url":"https:\/\/i0.wp.com\/vincentians.com\/es\/wp-content\/uploads\/sites\/11\/2016\/09\/revolucion-francesa.jpg?fit=1600%2C840&ssl=1","contentUrl":"https:\/\/i0.wp.com\/vincentians.com\/es\/wp-content\/uploads\/sites\/11\/2016\/09\/revolucion-francesa.jpg?fit=1600%2C840&ssl=1","width":1600,"height":840},{"@type":"BreadcrumbList","@id":"https:\/\/vincentians.com\/es\/vida-apostolica-de-la-asociacion-de-la-medalla-milagrosa\/#breadcrumb","itemListElement":[{"@type":"ListItem","position":1,"name":"Portada","item":"http:\/\/vincentians.com\/es\/"},{"@type":"ListItem","position":2,"name":"Vida apost\u00f3lica de la Asociaci\u00f3n de la Medalla Milagrosa"}]},{"@type":"WebSite","@id":"http:\/\/vincentians.com\/es\/#website","url":"http:\/\/vincentians.com\/es\/","name":"Somos Vicencianos","description":"Know more to serve more","publisher":{"@id":"http:\/\/vincentians.com\/es\/#organization"},"potentialAction":[{"@type":"SearchAction","target":{"@type":"EntryPoint","urlTemplate":"http:\/\/vincentians.com\/es\/?s={search_term_string}"},"query-input":{"@type":"PropertyValueSpecification","valueRequired":true,"valueName":"search_term_string"}}],"inLanguage":"es"},{"@type":"Organization","@id":"http:\/\/vincentians.com\/es\/#organization","name":"The Vincentian Network","url":"http:\/\/vincentians.com\/es\/","logo":{"@type":"ImageObject","inLanguage":"es","@id":"http:\/\/vincentians.com\/es\/#\/schema\/logo\/image\/","url":"https:\/\/i1.wp.com\/vincentians.com\/es\/wp-content\/uploads\/sites\/11\/2016\/06\/Vincentian-Network-logo-big.png?fit=778%2C778","contentUrl":"https:\/\/i1.wp.com\/vincentians.com\/es\/wp-content\/uploads\/sites\/11\/2016\/06\/Vincentian-Network-logo-big.png?fit=778%2C778","width":778,"height":778,"caption":"The Vincentian Network"},"image":{"@id":"http:\/\/vincentians.com\/es\/#\/schema\/logo\/image\/"},"sameAs":["https:\/\/www.facebook.com\/WeAreVincentians\/","https:\/\/x.com\/WeVincentians"]},{"@type":"Person","@id":"http:\/\/vincentians.com\/es\/#\/schema\/person\/9623ef4d9aa3b2dfb8c061f1499288f2","name":"Francisco Javier Fern\u00e1ndez Chento","image":{"@type":"ImageObject","inLanguage":"es","@id":"http:\/\/vincentians.com\/es\/#\/schema\/person\/image\/","url":"https:\/\/secure.gravatar.com\/avatar\/497d5cde87b4c3d097d0315953521681ba2cd523ee66e5077c3711f7021e65de?s=96&d=mm&r=g","contentUrl":"https:\/\/secure.gravatar.com\/avatar\/497d5cde87b4c3d097d0315953521681ba2cd523ee66e5077c3711f7021e65de?s=96&d=mm&r=g","caption":"Francisco Javier Fern\u00e1ndez Chento"},"description":"Director General y cofundador de La Red de Formaci\u00f3n Vicenciana. Javier es laico vicenciano, afiliado a la Congregaci\u00f3n de la Misi\u00f3n y miembro del Equipo de Misiones Populares de la provincia can\u00f3nica de Zaragoza (Espa\u00f1a) de la Congregaci\u00f3n de la Misi\u00f3n. Graduado en la Universidad Oberta de Catalunya con cuatro grados (Asistente de direcci\u00f3n, Gesti\u00f3n Administrativa, Recursos Humanos y Contabilidad Avanzada). Bil\u00edng\u00fce Espa\u00f1ol\/Ingl\u00e9s. gestiona y mantiene varias p\u00e1ginas web cristianas y vicencianas, incluida including La Red de Formaci\u00f3n Vicenciana, de la que es cofundador. Actualmente es responsable del \u00e1rea de Espa\u00f1ol de .famvin, la Red de Noticias de la Familia Vicenciana. Tambi\u00e9n es m\u00fasico cat\u00f3lico y ha editado varios discos. Es Director General y cofundador de Trovador, una reconocida compa\u00f1\u00eda discogr\u00e1fica critiana de Espa\u00f1a. Trabaja en las Tecnolog\u00edas de la Informaci\u00f3n, ofreciendo servicios de alojamiento, dise\u00f1o y mantenimiento Web, as\u00ed como asesoramiento, formaci\u00f3n y soluciones inform\u00e1ticas, gesti\u00f3n documental y digitalizaci\u00f3n de textos, edici\u00f3n y maquetaci\u00f3n de libros, revistas, flyers, etc.","sameAs":["http:\/\/chento.org","https:\/\/www.facebook.com\/JavierChento","https:\/\/x.com\/https:\/\/twitter.com\/javierchento"],"url":"https:\/\/vincentians.com\/es\/author\/chento\/"}]}},"jetpack_publicize_connections":[],"jetpack_featured_media_url":"https:\/\/i0.wp.com\/vincentians.com\/es\/wp-content\/uploads\/sites\/11\/2016\/09\/revolucion-francesa.jpg?fit=1600%2C840&ssl=1","jetpack_sharing_enabled":true,"jetpack_shortlink":"https:\/\/wp.me\/p7ETMF-dQW","jetpack-related-posts":[{"id":117065,"url":"https:\/\/vincentians.com\/es\/la-basilica-de-la-milagrosa-madrid-tiene-larga-historia\/","url_meta":{"origin":53254,"position":0},"title":"La Bas\u00edlica de La Milagrosa en Madrid tiene larga historia","author":"Mitxel Olabu\u00e9naga","date":"03\/08\/2021","format":false,"excerpt":"Con motivo de sus Bodas de Oro vocacionales, el P. Eladio Ar\u00adn\u00e1iz hizo un viaje a Roma, y durante su estancia en la ciudad, el Papa P\u00edo X le recibi\u00f3 en audiencia. Luego, a su regreso a Espa\u00f1a, como Director de las Hijas de la Caridad de la entonces enorme\u2026","rel":"","context":"En \u00abHistoria de la Congregaci\u00f3n de la Misi\u00f3n en Espa\u00f1a\u00bb","block_context":{"text":"Historia de la Congregaci\u00f3n de la Misi\u00f3n en Espa\u00f1a","link":"https:\/\/vincentians.com\/es\/category\/historia-de-la-familia-vicenciana\/historia-de-la-congregacion-de-la-mision-en-espana\/"},"img":{"alt_text":"","src":"https:\/\/i0.wp.com\/vincentians.com\/es\/wp-content\/uploads\/sites\/11\/2016\/09\/enviados-evangelizar-pobres.jpg?fit=1200%2C630&ssl=1&resize=350%2C200","width":350,"height":200,"srcset":"https:\/\/i0.wp.com\/vincentians.com\/es\/wp-content\/uploads\/sites\/11\/2016\/09\/enviados-evangelizar-pobres.jpg?fit=1200%2C630&ssl=1&resize=350%2C200 1x, https:\/\/i0.wp.com\/vincentians.com\/es\/wp-content\/uploads\/sites\/11\/2016\/09\/enviados-evangelizar-pobres.jpg?fit=1200%2C630&ssl=1&resize=525%2C300 1.5x, https:\/\/i0.wp.com\/vincentians.com\/es\/wp-content\/uploads\/sites\/11\/2016\/09\/enviados-evangelizar-pobres.jpg?fit=1200%2C630&ssl=1&resize=700%2C400 2x, https:\/\/i0.wp.com\/vincentians.com\/es\/wp-content\/uploads\/sites\/11\/2016\/09\/enviados-evangelizar-pobres.jpg?fit=1200%2C630&ssl=1&resize=1050%2C600 3x"},"classes":[]},{"id":53243,"url":"https:\/\/vincentians.com\/es\/fines-de-la-asociacion-de-la-medalla-milagrosa\/","url_meta":{"origin":53254,"position":1},"title":"Fines de la Asociaci\u00f3n de la Medalla Milagrosa","author":"Francisco Javier Fern\u00e1ndez Chento","date":"26\/02\/2015","format":false,"excerpt":"Fieles a la planificaci\u00f3n hecha por el Di\u00adrector Nacional con la finalidad de cono\u00adcer mejor la naturaleza y fines de la Aso\u00adciaci\u00f3n, toca ahora el que hablemos de los fines que se derivan del ser y de las notas caracter\u00edsticas de la Asociaci\u00f3n, co\u00admo dejamos dicho en el comentario al\u2026","rel":"","context":"En \u00abAsociaci\u00f3n de la Medalla Milagrosa\u00bb","block_context":{"text":"Asociaci\u00f3n de la Medalla Milagrosa","link":"https:\/\/vincentians.com\/es\/category\/la-familia-vicenciana\/ramas\/asociacion-de-la-medalla-milagrosa\/"},"img":{"alt_text":"medalla_milagrosa","src":"https:\/\/i0.wp.com\/vicencianos.org\/wp-content\/2015\/02\/medalla_milagrosa1-300x213.jpg?resize=350%2C200","width":350,"height":200},"classes":[]},{"id":115978,"url":"https:\/\/vincentians.com\/es\/familia-vicenciana-y-medalla-milagrosa\/","url_meta":{"origin":53254,"position":2},"title":"Familia Vicenciana y Medalla Milagrosa","author":"Francisco Javier Fern\u00e1ndez Chento","date":"27\/11\/2022","format":false,"excerpt":"Lo que ha sido este legado desde 1830 El testimonio de la Historia nos dice que, si bien la Virgen se aparece a Santa Catalina Labour\u00e9, \u00e9sta, cumpliendo los deseos manifestados por la Madre de Dios, permanece oculta, desconocida, en el silencio m\u00e1s incomprensible; un silencio que a veces se\u2026","rel":"","context":"En \u00abVirgen Mar\u00eda\u00bb","block_context":{"text":"Virgen Mar\u00eda","link":"https:\/\/vincentians.com\/es\/category\/espiritualidad\/virgen-maria\/"},"img":{"alt_text":"","src":"https:\/\/i0.wp.com\/vincentians.com\/es\/wp-content\/uploads\/sites\/11\/2016\/08\/hijas-caridad.jpg?fit=1200%2C630&ssl=1&resize=350%2C200","width":350,"height":200,"srcset":"https:\/\/i0.wp.com\/vincentians.com\/es\/wp-content\/uploads\/sites\/11\/2016\/08\/hijas-caridad.jpg?fit=1200%2C630&ssl=1&resize=350%2C200 1x, https:\/\/i0.wp.com\/vincentians.com\/es\/wp-content\/uploads\/sites\/11\/2016\/08\/hijas-caridad.jpg?fit=1200%2C630&ssl=1&resize=525%2C300 1.5x, https:\/\/i0.wp.com\/vincentians.com\/es\/wp-content\/uploads\/sites\/11\/2016\/08\/hijas-caridad.jpg?fit=1200%2C630&ssl=1&resize=700%2C400 2x, https:\/\/i0.wp.com\/vincentians.com\/es\/wp-content\/uploads\/sites\/11\/2016\/08\/hijas-caridad.jpg?fit=1200%2C630&ssl=1&resize=1050%2C600 3x"},"classes":[]},{"id":14546,"url":"https:\/\/vincentians.com\/es\/caridad-y-mision-en-la-experiencia-de-la-asociacion-de-la-medalla-milagrosa-audio\/","url_meta":{"origin":53254,"position":3},"title":"Caridad y Misi\u00f3n en la experiencia de la Asociaci\u00f3n de la Medalla Milagrosa (audio)","author":"Francisco Javier Fern\u00e1ndez Chento","date":"17\/09\/2023","format":false,"excerpt":"Presentan el panel: Mar\u00eda Angeles Esteban, vocal nacional y representante de la Asociaci\u00f3n de la Medalla Milagrosa de la Coordinadora Nacional de Familia Vicenciana. Mar\u00eda Antonia Egea Garc\u00eda, secretaria nacional de AMM. Presentan el pasado, presente y futuro de AMM. Es una Asociaci\u00f3n de fieles, p\u00fablica, de la Iglesia Cat\u00f3lica,\u2026","rel":"","context":"En \u00abAsociaci\u00f3n de la Medalla Milagrosa\u00bb","block_context":{"text":"Asociaci\u00f3n de la Medalla Milagrosa","link":"https:\/\/vincentians.com\/es\/category\/la-familia-vicenciana\/ramas\/asociacion-de-la-medalla-milagrosa\/"},"img":{"alt_text":"","src":"https:\/\/i0.wp.com\/vincentians.com\/es\/wp-content\/uploads\/sites\/11\/2013\/04\/f-8-scaled.jpg?fit=1200%2C570&ssl=1&resize=350%2C200","width":350,"height":200,"srcset":"https:\/\/i0.wp.com\/vincentians.com\/es\/wp-content\/uploads\/sites\/11\/2013\/04\/f-8-scaled.jpg?fit=1200%2C570&ssl=1&resize=350%2C200 1x, https:\/\/i0.wp.com\/vincentians.com\/es\/wp-content\/uploads\/sites\/11\/2013\/04\/f-8-scaled.jpg?fit=1200%2C570&ssl=1&resize=525%2C300 1.5x, https:\/\/i0.wp.com\/vincentians.com\/es\/wp-content\/uploads\/sites\/11\/2013\/04\/f-8-scaled.jpg?fit=1200%2C570&ssl=1&resize=700%2C400 2x, https:\/\/i0.wp.com\/vincentians.com\/es\/wp-content\/uploads\/sites\/11\/2013\/04\/f-8-scaled.jpg?fit=1200%2C570&ssl=1&resize=1050%2C600 3x"},"classes":[]},{"id":53073,"url":"https:\/\/vincentians.com\/es\/novena-a-la-medalla-milagrosa-dia-8-la-familia-de-la-medalla-milagrosa\/","url_meta":{"origin":53254,"position":4},"title":"Novena a la Medalla Milagrosa: D\u00eda 8, La familia de la Medalla Milagrosa","author":"Francisco Javier Fern\u00e1ndez Chento","date":"26\/11\/2011","format":false,"excerpt":"Introducci\u00f3n Canto: Oh Mar\u00eda, sin pecado concebida, ruega por nosotros que recurrimos a ti. Saludo: Hijos m\u00edos, mostraos celadores de la ley y dad la vida por la Alianza de vuestros mayores. Acordaos de las haza\u00f1as de vuestros padres en sus d\u00edas y alcanzar\u00e9is gran gloria y nombre eterno (1\u2026","rel":"","context":"En \u00abVirgen Mar\u00eda\u00bb","block_context":{"text":"Virgen Mar\u00eda","link":"https:\/\/vincentians.com\/es\/category\/espiritualidad\/virgen-maria\/"},"img":{"alt_text":"","src":"","width":0,"height":0},"classes":[]},{"id":93271,"url":"https:\/\/vincentians.com\/es\/estatutos-generales-de-la-asociacion-medalla-milagrosa\/","url_meta":{"origin":53254,"position":5},"title":"Estatutos generales de la Asociaci\u00f3n Medalla Milagrosa","author":"Francisco Javier Fern\u00e1ndez Chento","date":"27\/11\/2018","format":false,"excerpt":"Roma, 31 de mayo de 2010 Fiesta de la Visitaci\u00f3n de la Virgen Mar\u00eda A todos los miembros de la Asociaci\u00f3n de la Medalla Milagrosa: \u00a1La gracia y la paz de Nuestro Se\u00f1or Jesucristo llenen sus corazones ahora y siempre! La Sant\u00edsima Virgen Mar\u00eda, en las apariciones a Santa Catalina\u2026","rel":"","context":"En \u00abDocumentos de la Asociaci\u00f3n de la Medalla Milagrosa\u00bb","block_context":{"text":"Documentos de la Asociaci\u00f3n de la Medalla Milagrosa","link":"https:\/\/vincentians.com\/es\/category\/formacion-vicenciana\/documentos-oficiales-de-la-familia-vicenciana\/documentos-de-la-asociacion-de-la-medalla-milagrosa\/"},"img":{"alt_text":"","src":"https:\/\/i0.wp.com\/vicencianos.org\/wp-content\/2010\/03\/amm.jpg?resize=350%2C200","width":350,"height":200},"classes":[]}],"_links":{"self":[{"href":"https:\/\/vincentians.com\/es\/wp-json\/wp\/v2\/posts\/53254","targetHints":{"allow":["GET"]}}],"collection":[{"href":"https:\/\/vincentians.com\/es\/wp-json\/wp\/v2\/posts"}],"about":[{"href":"https:\/\/vincentians.com\/es\/wp-json\/wp\/v2\/types\/post"}],"author":[{"embeddable":true,"href":"https:\/\/vincentians.com\/es\/wp-json\/wp\/v2\/users\/4"}],"replies":[{"embeddable":true,"href":"https:\/\/vincentians.com\/es\/wp-json\/wp\/v2\/comments?post=53254"}],"version-history":[{"count":3,"href":"https:\/\/vincentians.com\/es\/wp-json\/wp\/v2\/posts\/53254\/revisions"}],"predecessor-version":[{"id":402039,"href":"https:\/\/vincentians.com\/es\/wp-json\/wp\/v2\/posts\/53254\/revisions\/402039"}],"wp:featuredmedia":[{"embeddable":true,"href":"https:\/\/vincentians.com\/es\/wp-json\/wp\/v2\/media\/400001"}],"wp:attachment":[{"href":"https:\/\/vincentians.com\/es\/wp-json\/wp\/v2\/media?parent=53254"}],"wp:term":[{"taxonomy":"category","embeddable":true,"href":"https:\/\/vincentians.com\/es\/wp-json\/wp\/v2\/categories?post=53254"},{"taxonomy":"post_tag","embeddable":true,"href":"https:\/\/vincentians.com\/es\/wp-json\/wp\/v2\/tags?post=53254"}],"curies":[{"name":"wp","href":"https:\/\/api.w.org\/{rel}","templated":true}]}}