{"id":53251,"date":"2018-11-27T11:00:37","date_gmt":"2018-11-27T10:00:37","guid":{"rendered":"http:\/\/somos.vicencianos.org\/blog\/2011\/11\/vida-espiritual-de-la-asociacion-de-la-medalla-milagrosa\/"},"modified":"2018-11-05T11:46:07","modified_gmt":"2018-11-05T10:46:07","slug":"vida-espiritual-de-la-asociacion-de-la-medalla-milagrosa","status":"publish","type":"post","link":"https:\/\/vincentians.com\/es\/vida-espiritual-de-la-asociacion-de-la-medalla-milagrosa\/","title":{"rendered":"Vida espiritual de la Asociaci\u00f3n de la Medalla Milagrosa"},"content":{"rendered":"<p>Decir esp\u00edritu es decir principio de vida espiritual, lazo de uni\u00f3n entre los miembros de un grupo, norma que gu\u00eda la actividad de la persona, signo y garant\u00eda de autenticidad de que se act\u00faa conforme a los fines de la Asociaci\u00f3n, es un estilo de vivir el sinton\u00eda con valores determinantes de la vida.<\/p>\n<h2><strong>El Esp\u00edritu es el que da la vida<br \/>\n<\/strong><\/h2>\n<p>Cuando los Estatutos en el art\u00edculo 15.1 tratan de la vida espiritual alude a la uni\u00f3n vital con Cristo que se nutre de los auxilios espirituales. Al decir vi\u00adda espiritual, se quiere decir que se vi\u00adve en conformidad a un esp\u00edritu deter\u00adminado y propio. En la Asociaci\u00f3n de la Medalla Milagrosa, se trata de vivir el esp\u00edritu propio de la Asociaci\u00f3n. La Asociaci\u00f3n de la Medalla Milagrosa es un ser vivo, tiene un esp\u00edritu que da valor especial, no s\u00f3lo a lo que se hace como Asociaci\u00f3n, sino a la vida espiri\u00adtual de cada uno de los miembros.<\/p>\n<h3><em>Lo que entendemos por esp\u00edritu<\/em><\/h3>\n<p>El t\u00e9rmino esp\u00edritu es complejo. No es necesario meternos en esa compleji\u00addad, sino captar lo que es esencial al t\u00e9rmino. Esp\u00edritu es, principio de vida espiritual, lazo de uni\u00f3n entre los miembros de un grupo, norma que gu\u00eda la actividad de la persona, signo y garant\u00eda de autenticidad de que se ac\u00adt\u00faa conforme a los fines de la Aso\u00adciaci\u00f3n, es un estilo de vivir en sinton\u00eda con valores determinantes de la vida.<\/p>\n<p>Trat\u00e1ndose de una Asociaci\u00f3n Maria\u00adna, vivir seg\u00fan los valores vividos por la Virgen Mar\u00eda deben ser los inspira\u00addores del comportamiento espiritual de sus miembros, teniendo en cuenta la situaci\u00f3n de las personas: casadas, solteras, consagradas o simplemente cristianas. La apreciaci\u00f3n que se ten\u00adga de la Virgen Mar\u00eda puede cambiar en los matices. Mar\u00eda es modelo de toda la Iglesia y en la Iglesia los esta\u00addos de vida son diferentes. Esta dife\u00adrencia no quita el valor universal de Mar\u00eda. Hija del Padre, Madre del Hijo y Esposa del Esp\u00edritu Santo, sino que la enriquece y se puede adaptar a las virtudes de la que tambi\u00e9n es Madre de la Iglesia.<\/p>\n<h3><em>Mar\u00eda, <\/em><em>la <\/em><em>primera cristiana<\/em><\/h3>\n<p>Antes de que Jes\u00fas se encarnara en el seno de Mar\u00eda de la cual oportuna\u00admente naci\u00f3, ya fue madre al aceptar el designio de Dios manifestado por el \u00c1ngel. San Agust\u00edn lo expres\u00f3 con aquella frase lapidaria: <em>M\u00e1s bienaven\u00adturada es Mar\u00eda al recibir a Cristo por la fe que al concebir en su seno la car\u00adne de Cristo.<\/em><\/p>\n<p>Para no falsificar el valor cristiano de la Virgen, el Concilio Vaticano II ha in\u00adsistido en la centralidad de Cristo para su Madre Mar\u00eda que se consagr\u00f3 como esclava a la persona y obra de su Hijo, sirviendo con diligencia al misterio de la redenci\u00f3n con \u00c9l y bajo \u00c9l. No fue Mar\u00eda un instrumento meramente pa\u00adsivo en las manos de Dios sino que cooper\u00f3 a la salvaci\u00f3n de los hombres con fe y obediencia libres, como dice san Ireneo: <em>obedeciendo se convirti\u00f3 en causa de salvaci\u00f3n para s\u00ed misma y para todo el g\u00e9nero humano. <\/em>Pablo Vl, en la Exhortaci\u00f3n Culto Mariano afirma que la devoci\u00f3n a la Virgen corresponde eminentemente al culto cristiano.<\/p>\n<p>Si nos fijamos en la Medalla Milagrosa, la mayor parte de sus s\u00edmbolos est\u00e1n relacionados con los misterios de la sal\u00advaci\u00f3n llevada a cabo por Cristo.<\/p>\n<p>Todo lo dicho anteriormente nos lleva a una conclusi\u00f3n: si la vida de Mar\u00eda fue toda para Cristo, la vida de todo miembro de la Asociaci\u00f3n debe ser para Cristo y para que el designio de Dios, manifestado en Cristo, sea llevado a buen t\u00e9rmino con la partici\u00adpaci\u00f3n de todo cristiano. Cuanto un miembro de la Asociaci\u00f3n de la Meda\u00adlla Milagrosa est\u00e9 m\u00e1s unido a Mar\u00eda, m\u00e1s empe\u00f1o deber\u00e1 tener por ser mejor cristiano. Fue el Beato Juan XXIII quien dijo que la devoci\u00f3n a Mar\u00eda ten\u00eda como meta ser buen cristiano. Este es el sentido fundamental de toda aso\u00adciaci\u00f3n eclesial y, por lo tanto, es el fin que la Asociaci\u00f3n de la Medalla Mila\u00adgrosa y sus miembros deben tener muy presente, so pena de caer en una de\u00advoci\u00f3n est\u00e9ril y falsa y no vivir lo que es fundamental en su vida espiritual.<\/p>\n<p>El art\u00edculo 15.1 de los Estatutos es un buen resumen de lo antes expuesto: <em>La fecundidad del apostolado <\/em>(de la vida espiritual de los miembros de la Asociaci\u00f3n de la Medalla Milagrosa) <em>depende de la uni\u00f3n vital con Cristo que se nutre con los auxilios espiri\u00adtuales.<\/em><\/p>\n<h3><em>Vida espiritual teologal<\/em><\/h3>\n<p>Otra caracter\u00edstica de la vida espiri\u00adtual de los miembros de la Asociaci\u00f3n es que sea eclesial, como se afirma en el art\u00edculo 1 de los Estatutos y al esta\u00adblecer los fines de la Asociaci\u00f3n en ca\u00adp\u00edtulo II de los mismos. La Virgen, por el don de la maternidad divina y por sus gracias y dones singulares, est\u00e1 unida a todos los miembros de la Igle\u00adsia. San Ambrosio ense\u00f1\u00f3 que la Ma\u00addre de Dios es tipo de la Iglesia en el orden de la fe, de la caridad y de la uni\u00f3n perfecta con Cristo. Es modelo en la fe porque crey\u00f3 y no dud\u00f3 ante el mensaje del \u00c1ngel en la Anun\u00adciaci\u00f3n; es modelo de esperanza por\u00adque, como dice el Concilio, <em>antecede con su luz al pueblo de Dios como sig\u00adno de esperanza cierta y de consuelo hasta que llegue el d\u00eda del Se\u00f1or; <\/em>es modelo de caridad porque am\u00f3 a su Hijo hasta el momento culminante de la pasi\u00f3n y porque en su c\u00e1ntico de alabanza, el Magn\u00edficat, aboga por los pobres.<\/p>\n<p>San Vicente resume en pocas pala\u00adbras el esp\u00edritu teologal de Mar\u00eda cuando dijo que <em>nadie hab\u00eda acepta\u00addo tan plenamente el mensaje de su Hijo, Jes\u00fas, y nadie como ella lo hab\u00eda practicado.<\/em><\/p>\n<p>En el ambiente mundano en el que actualmente toca vivir, las virtudes teologales de la fe, de la esperanza y de la caridad son esenciales para vivir como cristianos e imitar a Ma\u00adr\u00eda. La vida espiritual de los miem\u00adbros de la Asociaci\u00f3n de la Medalla Milagrosa o son personas que sostie\u00adnen su vida espiritual en los valores teol\u00f3gicos fundamentales, o corren el riesgo de caer en un marianismo superficial.<\/p>\n<h3><em>El poder intercesor de Mar\u00eda<\/em><\/h3>\n<p>La vida espiritual de los asociados a la Asociaci\u00f3n de la Medalla Milagrosa debe alimentarse tambi\u00e9n de las otras virtudes que aparecen en los s\u00edmbolos de la Medalla Milagrosa co\u00admo son, adem\u00e1s de la relaci\u00f3n con Cristo y la participaci\u00f3n en el dolor corredentor del mismo, la confianza en la intercesi\u00f3n de Mar\u00eda, mediado\u00adra universal de todas las gracias. La vida espiritual de los miembros de la Asociaci\u00f3n de la Medalla Milagrosa debe ser una vida espiritual llena de confianza en el poder intercesor de Mar\u00eda<em>.<\/em><\/p>\n<h3><em>Compasi\u00f3n y ayuda al pobre<\/em><\/h3>\n<p>Porque la Asociaci\u00f3n de la Medalla Mi\u00adlagrosa es cristiana y adem\u00e1s vicencia\u00adna, el servicio a Cristo en el pobre no puede ser ajeno a la vida espiritual de los miembros de la Asociaci\u00f3n. De Ma\u00adr\u00eda no es mucho lo que sabemos de su servicio a los pobres, pero san Lucas nos ha transmitido en el canto del Magn\u00edficat un sentimiento del coraz\u00f3n de Mar\u00eda cuando ella proclama que a <em>los hambrientos colm\u00f3 de bienes y despidi\u00f3 a los ricos sin nada. <\/em>La vida espiritual de los que integran la Aso\u00adciaci\u00f3n de la Medalla Milagrosa debe ser una expresi\u00f3n de su vicencianismo.<\/p>\n<h3><em>Medios para cultivar la vida espiritual<\/em><\/h3>\n<p>El articulo 15.2 de los Estatutos es muy abundante en indicar los medios para cultivar la vida espiritual. El primero de todos es la celebraci\u00f3n lit\u00fargica que es el modo habitual de alimentar la vida espiritual de todo cristiano, por la que se alaba a Dios, se le agradece sus do\u00adnes, se le pide perd\u00f3n y queda uno ilu\u00adminado con la Palabra de Dios. Merece tener en cuenta las celebraciones lit\u00far\u00adgicas marianas y la pr\u00e1ctica sacramen\u00adtal de la Comuni\u00f3n y Reconciliaci\u00f3n. Pablo VI dedic\u00f3 toda la Exhortaci\u00f3n sobre el Culto mariano a las celebra\u00adciones lit\u00fargicas centradas en los mis\u00adterios en los que de una manera espe\u00adcial interviene la Virgen.<\/p>\n<p>De menor relieve, pero nada despre\u00adciables, son las celebraciones extrali\u00adt\u00fargicas por las que el Pueblo de Dios manifiesta su amor a la Virgen, la re\u00adcuerda y proclama sus grandezas de Madre de Dios. Tales son el rezo del santo Rosario y el \u00c1ngelus, devociones tan recomendadas por los Romanos Pont\u00edfices y tan arraigadas en las fami\u00adlias verdaderamente cristianas y tan relacionadas con los misterios de la vi\u00adda de Jes\u00fas y de Mar\u00eda.<\/p>\n<p>La vida espiritual sufre desgastes, pue\u00adde perder vigor. De aqu\u00ed que se hayan introducido pr\u00e1cticas de fortalecimien\u00adto espiritual, como son los Ejercicios es\u00adpirituales y los Retiros ocasionales, que conducen a una mayor uni\u00f3n con Dios, con Jes\u00fas su enviado y con el Esp\u00edritu Santo dador de vida y a la aceptaci\u00f3n de la voluntad divina en los aconteci\u00admientos favorables o adversos.<\/p>\n<p>En el \u00e1mbito m\u00e1s propio de la Aso\u00adciaci\u00f3n, los Estatutos se\u00f1alan la cele\u00adbraci\u00f3n del triduo o de la Novena a la Virgen Milagrosa, la propagaci\u00f3n de la Medalla, la Visita domiciliaria, tan estimada como misionera, como consuelo para los enfermos de las familias y co\u00admo momento adecuando de reflexi\u00f3n cristiana y de oraci\u00f3n mariana.<\/p>\n<p>Finalmente, otra ayuda es socorrer a los necesitados corporales y espiritua\u00adles, como es visitar a los enfermos, a las personas que viven en soledad. En una palabra: practicar una de las fun\u00adciones de la Virgen: <em>La de ser Consola\u00addora de los afligidos.<\/em><\/p>\n<h2>Lee, reflexiona y comparte<\/h2>\n<ul>\n<li>\u00bfOras como Mar\u00eda, con Mar\u00eda y a Ma\u00adr\u00eda confiando en su poder intercesor?<\/li>\n<li>\u00bfCreces en fe, esperanza y caridad pa\u00adra ser un buen cristiano e imitar as\u00ed a Mar\u00eda?<\/li>\n<li>\u00bfSabes que una buena oraci\u00f3n com\u00adpromete siempre en la entrega a los dem\u00e1s, especialmente a los pobres, en\u00adcomienda del Se\u00f1or a la Asociaci\u00f3n?<\/li>\n<li>\u00bfParticipas con frecuencia en la cele\u00adbraci\u00f3n de los sacramentos de la Euca\u00adrist\u00eda y la Reconciliaci\u00f3n y en las cele\u00adbraciones centradas en los misterios de la vida de Mar\u00eda?<\/li>\n<\/ul>\n","protected":false},"excerpt":{"rendered":"<p>Decir esp\u00edritu es decir principio de vida espiritual, lazo de uni\u00f3n entre los miembros de un grupo, norma que gu\u00eda la actividad de la persona, signo y garant\u00eda de autenticidad de que se act\u00faa conforme &#8230; <a href=\"https:\/\/vincentians.com\/es\/vida-espiritual-de-la-asociacion-de-la-medalla-milagrosa\/\" class=\"more-link\">Read More<\/a><\/p>\n","protected":false},"author":4,"featured_media":400140,"comment_status":"open","ping_status":"open","sticky":false,"template":"","format":"standard","meta":{"jetpack_post_was_ever_published":false,"_jetpack_newsletter_access":"","_jetpack_dont_email_post_to_subs":false,"_jetpack_newsletter_tier_id":0,"_jetpack_memberships_contains_paywalled_content":false,"_jetpack_memberships_contains_paid_content":false,"footnotes":"","jetpack_publicize_message":"","jetpack_publicize_feature_enabled":true,"jetpack_social_post_already_shared":true,"jetpack_social_options":{"image_generator_settings":{"template":"highway","default_image_id":0,"font":"","enabled":false},"version":2}},"categories":[380,8],"tags":[],"class_list":["post-53251","post","type-post","status-publish","format-standard","has-post-thumbnail","hentry","category-asociacion-de-la-medalla-milagrosa","category-virgen-maria"],"yoast_head":"<!-- This site is optimized with the Yoast SEO plugin v26.3 - https:\/\/yoast.com\/wordpress\/plugins\/seo\/ -->\n<title>Vida espiritual de la Asociaci\u00f3n de la Medalla Milagrosa - Somos Vicencianos<\/title>\n<meta name=\"robots\" content=\"index, follow, max-snippet:-1, max-image-preview:large, max-video-preview:-1\" \/>\n<link rel=\"canonical\" href=\"https:\/\/vincentians.com\/es\/vida-espiritual-de-la-asociacion-de-la-medalla-milagrosa\/\" \/>\n<meta property=\"og:locale\" content=\"es_ES\" \/>\n<meta property=\"og:type\" content=\"article\" \/>\n<meta property=\"og:title\" content=\"Vida espiritual de la Asociaci\u00f3n de la Medalla Milagrosa - Somos Vicencianos\" \/>\n<meta property=\"og:description\" content=\"Decir esp\u00edritu es decir principio de vida espiritual, lazo de uni\u00f3n entre los miembros de un grupo, norma que gu\u00eda la actividad de la persona, signo y garant\u00eda de autenticidad de que se act\u00faa conforme ... Read More\" \/>\n<meta property=\"og:url\" content=\"https:\/\/vincentians.com\/es\/vida-espiritual-de-la-asociacion-de-la-medalla-milagrosa\/\" \/>\n<meta property=\"og:site_name\" content=\"Somos Vicencianos\" \/>\n<meta property=\"article:publisher\" content=\"https:\/\/www.facebook.com\/WeAreVincentians\/\" \/>\n<meta property=\"article:author\" content=\"https:\/\/www.facebook.com\/JavierChento\" \/>\n<meta property=\"article:published_time\" content=\"2018-11-27T10:00:37+00:00\" \/>\n<meta property=\"og:image\" content=\"https:\/\/i0.wp.com\/vincentians.com\/es\/wp-content\/uploads\/sites\/11\/2011\/11\/HIjas-Caridad.jpg?fit=1771%2C886&ssl=1\" \/>\n\t<meta property=\"og:image:width\" content=\"1771\" \/>\n\t<meta property=\"og:image:height\" content=\"886\" \/>\n\t<meta property=\"og:image:type\" content=\"image\/jpeg\" \/>\n<meta name=\"author\" content=\"Francisco Javier Fern\u00e1ndez Chento\" \/>\n<meta name=\"twitter:card\" content=\"summary_large_image\" \/>\n<meta name=\"twitter:creator\" content=\"@https:\/\/twitter.com\/javierchento\" \/>\n<meta name=\"twitter:site\" content=\"@WeVincentians\" \/>\n<meta name=\"twitter:label1\" content=\"Escrito por\" \/>\n\t<meta name=\"twitter:data1\" content=\"Francisco Javier Fern\u00e1ndez Chento\" \/>\n\t<meta name=\"twitter:label2\" content=\"Tiempo de lectura\" \/>\n\t<meta name=\"twitter:data2\" content=\"9 minutos\" \/>\n<script type=\"application\/ld+json\" class=\"yoast-schema-graph\">{\"@context\":\"https:\/\/schema.org\",\"@graph\":[{\"@type\":\"Article\",\"@id\":\"https:\/\/vincentians.com\/es\/vida-espiritual-de-la-asociacion-de-la-medalla-milagrosa\/#article\",\"isPartOf\":{\"@id\":\"https:\/\/vincentians.com\/es\/vida-espiritual-de-la-asociacion-de-la-medalla-milagrosa\/\"},\"author\":{\"name\":\"Francisco Javier Fern\u00e1ndez Chento\",\"@id\":\"http:\/\/vincentians.com\/es\/#\/schema\/person\/9623ef4d9aa3b2dfb8c061f1499288f2\"},\"headline\":\"Vida espiritual de la Asociaci\u00f3n de la Medalla Milagrosa\",\"datePublished\":\"2018-11-27T10:00:37+00:00\",\"mainEntityOfPage\":{\"@id\":\"https:\/\/vincentians.com\/es\/vida-espiritual-de-la-asociacion-de-la-medalla-milagrosa\/\"},\"wordCount\":1873,\"commentCount\":0,\"publisher\":{\"@id\":\"http:\/\/vincentians.com\/es\/#organization\"},\"image\":{\"@id\":\"https:\/\/vincentians.com\/es\/vida-espiritual-de-la-asociacion-de-la-medalla-milagrosa\/#primaryimage\"},\"thumbnailUrl\":\"https:\/\/i0.wp.com\/vincentians.com\/es\/wp-content\/uploads\/sites\/11\/2011\/11\/HIjas-Caridad.jpg?fit=1771%2C886&ssl=1\",\"articleSection\":[\"Asociaci\u00f3n de la Medalla Milagrosa\",\"Virgen Mar\u00eda\"],\"inLanguage\":\"es\",\"potentialAction\":[{\"@type\":\"CommentAction\",\"name\":\"Comment\",\"target\":[\"https:\/\/vincentians.com\/es\/vida-espiritual-de-la-asociacion-de-la-medalla-milagrosa\/#respond\"]}]},{\"@type\":\"WebPage\",\"@id\":\"https:\/\/vincentians.com\/es\/vida-espiritual-de-la-asociacion-de-la-medalla-milagrosa\/\",\"url\":\"https:\/\/vincentians.com\/es\/vida-espiritual-de-la-asociacion-de-la-medalla-milagrosa\/\",\"name\":\"Vida espiritual de la Asociaci\u00f3n de la Medalla Milagrosa - Somos Vicencianos\",\"isPartOf\":{\"@id\":\"http:\/\/vincentians.com\/es\/#website\"},\"primaryImageOfPage\":{\"@id\":\"https:\/\/vincentians.com\/es\/vida-espiritual-de-la-asociacion-de-la-medalla-milagrosa\/#primaryimage\"},\"image\":{\"@id\":\"https:\/\/vincentians.com\/es\/vida-espiritual-de-la-asociacion-de-la-medalla-milagrosa\/#primaryimage\"},\"thumbnailUrl\":\"https:\/\/i0.wp.com\/vincentians.com\/es\/wp-content\/uploads\/sites\/11\/2011\/11\/HIjas-Caridad.jpg?fit=1771%2C886&ssl=1\",\"datePublished\":\"2018-11-27T10:00:37+00:00\",\"breadcrumb\":{\"@id\":\"https:\/\/vincentians.com\/es\/vida-espiritual-de-la-asociacion-de-la-medalla-milagrosa\/#breadcrumb\"},\"inLanguage\":\"es\",\"potentialAction\":[{\"@type\":\"ReadAction\",\"target\":[\"https:\/\/vincentians.com\/es\/vida-espiritual-de-la-asociacion-de-la-medalla-milagrosa\/\"]}]},{\"@type\":\"ImageObject\",\"inLanguage\":\"es\",\"@id\":\"https:\/\/vincentians.com\/es\/vida-espiritual-de-la-asociacion-de-la-medalla-milagrosa\/#primaryimage\",\"url\":\"https:\/\/i0.wp.com\/vincentians.com\/es\/wp-content\/uploads\/sites\/11\/2011\/11\/HIjas-Caridad.jpg?fit=1771%2C886&ssl=1\",\"contentUrl\":\"https:\/\/i0.wp.com\/vincentians.com\/es\/wp-content\/uploads\/sites\/11\/2011\/11\/HIjas-Caridad.jpg?fit=1771%2C886&ssl=1\",\"width\":1771,\"height\":886},{\"@type\":\"BreadcrumbList\",\"@id\":\"https:\/\/vincentians.com\/es\/vida-espiritual-de-la-asociacion-de-la-medalla-milagrosa\/#breadcrumb\",\"itemListElement\":[{\"@type\":\"ListItem\",\"position\":1,\"name\":\"Portada\",\"item\":\"http:\/\/vincentians.com\/es\/\"},{\"@type\":\"ListItem\",\"position\":2,\"name\":\"Vida espiritual de la Asociaci\u00f3n de la Medalla Milagrosa\"}]},{\"@type\":\"WebSite\",\"@id\":\"http:\/\/vincentians.com\/es\/#website\",\"url\":\"http:\/\/vincentians.com\/es\/\",\"name\":\"Somos Vicencianos\",\"description\":\"Know more to serve more\",\"publisher\":{\"@id\":\"http:\/\/vincentians.com\/es\/#organization\"},\"potentialAction\":[{\"@type\":\"SearchAction\",\"target\":{\"@type\":\"EntryPoint\",\"urlTemplate\":\"http:\/\/vincentians.com\/es\/?s={search_term_string}\"},\"query-input\":{\"@type\":\"PropertyValueSpecification\",\"valueRequired\":true,\"valueName\":\"search_term_string\"}}],\"inLanguage\":\"es\"},{\"@type\":\"Organization\",\"@id\":\"http:\/\/vincentians.com\/es\/#organization\",\"name\":\"The Vincentian Network\",\"url\":\"http:\/\/vincentians.com\/es\/\",\"logo\":{\"@type\":\"ImageObject\",\"inLanguage\":\"es\",\"@id\":\"http:\/\/vincentians.com\/es\/#\/schema\/logo\/image\/\",\"url\":\"https:\/\/i1.wp.com\/vincentians.com\/es\/wp-content\/uploads\/sites\/11\/2016\/06\/Vincentian-Network-logo-big.png?fit=778%2C778\",\"contentUrl\":\"https:\/\/i1.wp.com\/vincentians.com\/es\/wp-content\/uploads\/sites\/11\/2016\/06\/Vincentian-Network-logo-big.png?fit=778%2C778\",\"width\":778,\"height\":778,\"caption\":\"The Vincentian Network\"},\"image\":{\"@id\":\"http:\/\/vincentians.com\/es\/#\/schema\/logo\/image\/\"},\"sameAs\":[\"https:\/\/www.facebook.com\/WeAreVincentians\/\",\"https:\/\/x.com\/WeVincentians\"]},{\"@type\":\"Person\",\"@id\":\"http:\/\/vincentians.com\/es\/#\/schema\/person\/9623ef4d9aa3b2dfb8c061f1499288f2\",\"name\":\"Francisco Javier Fern\u00e1ndez Chento\",\"image\":{\"@type\":\"ImageObject\",\"inLanguage\":\"es\",\"@id\":\"http:\/\/vincentians.com\/es\/#\/schema\/person\/image\/\",\"url\":\"https:\/\/secure.gravatar.com\/avatar\/497d5cde87b4c3d097d0315953521681ba2cd523ee66e5077c3711f7021e65de?s=96&d=mm&r=g\",\"contentUrl\":\"https:\/\/secure.gravatar.com\/avatar\/497d5cde87b4c3d097d0315953521681ba2cd523ee66e5077c3711f7021e65de?s=96&d=mm&r=g\",\"caption\":\"Francisco Javier Fern\u00e1ndez Chento\"},\"description\":\"Director General y cofundador de La Red de Formaci\u00f3n Vicenciana. Javier es laico vicenciano, afiliado a la Congregaci\u00f3n de la Misi\u00f3n y miembro del Equipo de Misiones Populares de la provincia can\u00f3nica de Zaragoza (Espa\u00f1a) de la Congregaci\u00f3n de la Misi\u00f3n. Graduado en la Universidad Oberta de Catalunya con cuatro grados (Asistente de direcci\u00f3n, Gesti\u00f3n Administrativa, Recursos Humanos y Contabilidad Avanzada). Bil\u00edng\u00fce Espa\u00f1ol\/Ingl\u00e9s. gestiona y mantiene varias p\u00e1ginas web cristianas y vicencianas, incluida including La Red de Formaci\u00f3n Vicenciana, de la que es cofundador. Actualmente es responsable del \u00e1rea de Espa\u00f1ol de .famvin, la Red de Noticias de la Familia Vicenciana. Tambi\u00e9n es m\u00fasico cat\u00f3lico y ha editado varios discos. Es Director General y cofundador de Trovador, una reconocida compa\u00f1\u00eda discogr\u00e1fica critiana de Espa\u00f1a. Trabaja en las Tecnolog\u00edas de la Informaci\u00f3n, ofreciendo servicios de alojamiento, dise\u00f1o y mantenimiento Web, as\u00ed como asesoramiento, formaci\u00f3n y soluciones inform\u00e1ticas, gesti\u00f3n documental y digitalizaci\u00f3n de textos, edici\u00f3n y maquetaci\u00f3n de libros, revistas, flyers, etc.\",\"sameAs\":[\"http:\/\/chento.org\",\"https:\/\/www.facebook.com\/JavierChento\",\"https:\/\/x.com\/https:\/\/twitter.com\/javierchento\"],\"url\":\"https:\/\/vincentians.com\/es\/author\/chento\/\"}]}<\/script>\n<!-- \/ Yoast SEO plugin. -->","yoast_head_json":{"title":"Vida espiritual de la Asociaci\u00f3n de la Medalla Milagrosa - Somos Vicencianos","robots":{"index":"index","follow":"follow","max-snippet":"max-snippet:-1","max-image-preview":"max-image-preview:large","max-video-preview":"max-video-preview:-1"},"canonical":"https:\/\/vincentians.com\/es\/vida-espiritual-de-la-asociacion-de-la-medalla-milagrosa\/","og_locale":"es_ES","og_type":"article","og_title":"Vida espiritual de la Asociaci\u00f3n de la Medalla Milagrosa - Somos Vicencianos","og_description":"Decir esp\u00edritu es decir principio de vida espiritual, lazo de uni\u00f3n entre los miembros de un grupo, norma que gu\u00eda la actividad de la persona, signo y garant\u00eda de autenticidad de que se act\u00faa conforme ... Read More","og_url":"https:\/\/vincentians.com\/es\/vida-espiritual-de-la-asociacion-de-la-medalla-milagrosa\/","og_site_name":"Somos Vicencianos","article_publisher":"https:\/\/www.facebook.com\/WeAreVincentians\/","article_author":"https:\/\/www.facebook.com\/JavierChento","article_published_time":"2018-11-27T10:00:37+00:00","og_image":[{"width":1771,"height":886,"url":"https:\/\/i0.wp.com\/vincentians.com\/es\/wp-content\/uploads\/sites\/11\/2011\/11\/HIjas-Caridad.jpg?fit=1771%2C886&ssl=1","type":"image\/jpeg"}],"author":"Francisco Javier Fern\u00e1ndez Chento","twitter_card":"summary_large_image","twitter_creator":"@https:\/\/twitter.com\/javierchento","twitter_site":"@WeVincentians","twitter_misc":{"Escrito por":"Francisco Javier Fern\u00e1ndez Chento","Tiempo de lectura":"9 minutos"},"schema":{"@context":"https:\/\/schema.org","@graph":[{"@type":"Article","@id":"https:\/\/vincentians.com\/es\/vida-espiritual-de-la-asociacion-de-la-medalla-milagrosa\/#article","isPartOf":{"@id":"https:\/\/vincentians.com\/es\/vida-espiritual-de-la-asociacion-de-la-medalla-milagrosa\/"},"author":{"name":"Francisco Javier Fern\u00e1ndez Chento","@id":"http:\/\/vincentians.com\/es\/#\/schema\/person\/9623ef4d9aa3b2dfb8c061f1499288f2"},"headline":"Vida espiritual de la Asociaci\u00f3n de la Medalla Milagrosa","datePublished":"2018-11-27T10:00:37+00:00","mainEntityOfPage":{"@id":"https:\/\/vincentians.com\/es\/vida-espiritual-de-la-asociacion-de-la-medalla-milagrosa\/"},"wordCount":1873,"commentCount":0,"publisher":{"@id":"http:\/\/vincentians.com\/es\/#organization"},"image":{"@id":"https:\/\/vincentians.com\/es\/vida-espiritual-de-la-asociacion-de-la-medalla-milagrosa\/#primaryimage"},"thumbnailUrl":"https:\/\/i0.wp.com\/vincentians.com\/es\/wp-content\/uploads\/sites\/11\/2011\/11\/HIjas-Caridad.jpg?fit=1771%2C886&ssl=1","articleSection":["Asociaci\u00f3n de la Medalla Milagrosa","Virgen Mar\u00eda"],"inLanguage":"es","potentialAction":[{"@type":"CommentAction","name":"Comment","target":["https:\/\/vincentians.com\/es\/vida-espiritual-de-la-asociacion-de-la-medalla-milagrosa\/#respond"]}]},{"@type":"WebPage","@id":"https:\/\/vincentians.com\/es\/vida-espiritual-de-la-asociacion-de-la-medalla-milagrosa\/","url":"https:\/\/vincentians.com\/es\/vida-espiritual-de-la-asociacion-de-la-medalla-milagrosa\/","name":"Vida espiritual de la Asociaci\u00f3n de la Medalla Milagrosa - Somos Vicencianos","isPartOf":{"@id":"http:\/\/vincentians.com\/es\/#website"},"primaryImageOfPage":{"@id":"https:\/\/vincentians.com\/es\/vida-espiritual-de-la-asociacion-de-la-medalla-milagrosa\/#primaryimage"},"image":{"@id":"https:\/\/vincentians.com\/es\/vida-espiritual-de-la-asociacion-de-la-medalla-milagrosa\/#primaryimage"},"thumbnailUrl":"https:\/\/i0.wp.com\/vincentians.com\/es\/wp-content\/uploads\/sites\/11\/2011\/11\/HIjas-Caridad.jpg?fit=1771%2C886&ssl=1","datePublished":"2018-11-27T10:00:37+00:00","breadcrumb":{"@id":"https:\/\/vincentians.com\/es\/vida-espiritual-de-la-asociacion-de-la-medalla-milagrosa\/#breadcrumb"},"inLanguage":"es","potentialAction":[{"@type":"ReadAction","target":["https:\/\/vincentians.com\/es\/vida-espiritual-de-la-asociacion-de-la-medalla-milagrosa\/"]}]},{"@type":"ImageObject","inLanguage":"es","@id":"https:\/\/vincentians.com\/es\/vida-espiritual-de-la-asociacion-de-la-medalla-milagrosa\/#primaryimage","url":"https:\/\/i0.wp.com\/vincentians.com\/es\/wp-content\/uploads\/sites\/11\/2011\/11\/HIjas-Caridad.jpg?fit=1771%2C886&ssl=1","contentUrl":"https:\/\/i0.wp.com\/vincentians.com\/es\/wp-content\/uploads\/sites\/11\/2011\/11\/HIjas-Caridad.jpg?fit=1771%2C886&ssl=1","width":1771,"height":886},{"@type":"BreadcrumbList","@id":"https:\/\/vincentians.com\/es\/vida-espiritual-de-la-asociacion-de-la-medalla-milagrosa\/#breadcrumb","itemListElement":[{"@type":"ListItem","position":1,"name":"Portada","item":"http:\/\/vincentians.com\/es\/"},{"@type":"ListItem","position":2,"name":"Vida espiritual de la Asociaci\u00f3n de la Medalla Milagrosa"}]},{"@type":"WebSite","@id":"http:\/\/vincentians.com\/es\/#website","url":"http:\/\/vincentians.com\/es\/","name":"Somos Vicencianos","description":"Know more to serve more","publisher":{"@id":"http:\/\/vincentians.com\/es\/#organization"},"potentialAction":[{"@type":"SearchAction","target":{"@type":"EntryPoint","urlTemplate":"http:\/\/vincentians.com\/es\/?s={search_term_string}"},"query-input":{"@type":"PropertyValueSpecification","valueRequired":true,"valueName":"search_term_string"}}],"inLanguage":"es"},{"@type":"Organization","@id":"http:\/\/vincentians.com\/es\/#organization","name":"The Vincentian Network","url":"http:\/\/vincentians.com\/es\/","logo":{"@type":"ImageObject","inLanguage":"es","@id":"http:\/\/vincentians.com\/es\/#\/schema\/logo\/image\/","url":"https:\/\/i1.wp.com\/vincentians.com\/es\/wp-content\/uploads\/sites\/11\/2016\/06\/Vincentian-Network-logo-big.png?fit=778%2C778","contentUrl":"https:\/\/i1.wp.com\/vincentians.com\/es\/wp-content\/uploads\/sites\/11\/2016\/06\/Vincentian-Network-logo-big.png?fit=778%2C778","width":778,"height":778,"caption":"The Vincentian Network"},"image":{"@id":"http:\/\/vincentians.com\/es\/#\/schema\/logo\/image\/"},"sameAs":["https:\/\/www.facebook.com\/WeAreVincentians\/","https:\/\/x.com\/WeVincentians"]},{"@type":"Person","@id":"http:\/\/vincentians.com\/es\/#\/schema\/person\/9623ef4d9aa3b2dfb8c061f1499288f2","name":"Francisco Javier Fern\u00e1ndez Chento","image":{"@type":"ImageObject","inLanguage":"es","@id":"http:\/\/vincentians.com\/es\/#\/schema\/person\/image\/","url":"https:\/\/secure.gravatar.com\/avatar\/497d5cde87b4c3d097d0315953521681ba2cd523ee66e5077c3711f7021e65de?s=96&d=mm&r=g","contentUrl":"https:\/\/secure.gravatar.com\/avatar\/497d5cde87b4c3d097d0315953521681ba2cd523ee66e5077c3711f7021e65de?s=96&d=mm&r=g","caption":"Francisco Javier Fern\u00e1ndez Chento"},"description":"Director General y cofundador de La Red de Formaci\u00f3n Vicenciana. Javier es laico vicenciano, afiliado a la Congregaci\u00f3n de la Misi\u00f3n y miembro del Equipo de Misiones Populares de la provincia can\u00f3nica de Zaragoza (Espa\u00f1a) de la Congregaci\u00f3n de la Misi\u00f3n. Graduado en la Universidad Oberta de Catalunya con cuatro grados (Asistente de direcci\u00f3n, Gesti\u00f3n Administrativa, Recursos Humanos y Contabilidad Avanzada). Bil\u00edng\u00fce Espa\u00f1ol\/Ingl\u00e9s. gestiona y mantiene varias p\u00e1ginas web cristianas y vicencianas, incluida including La Red de Formaci\u00f3n Vicenciana, de la que es cofundador. Actualmente es responsable del \u00e1rea de Espa\u00f1ol de .famvin, la Red de Noticias de la Familia Vicenciana. Tambi\u00e9n es m\u00fasico cat\u00f3lico y ha editado varios discos. Es Director General y cofundador de Trovador, una reconocida compa\u00f1\u00eda discogr\u00e1fica critiana de Espa\u00f1a. Trabaja en las Tecnolog\u00edas de la Informaci\u00f3n, ofreciendo servicios de alojamiento, dise\u00f1o y mantenimiento Web, as\u00ed como asesoramiento, formaci\u00f3n y soluciones inform\u00e1ticas, gesti\u00f3n documental y digitalizaci\u00f3n de textos, edici\u00f3n y maquetaci\u00f3n de libros, revistas, flyers, etc.","sameAs":["http:\/\/chento.org","https:\/\/www.facebook.com\/JavierChento","https:\/\/x.com\/https:\/\/twitter.com\/javierchento"],"url":"https:\/\/vincentians.com\/es\/author\/chento\/"}]}},"jetpack_publicize_connections":[],"jetpack_featured_media_url":"https:\/\/i0.wp.com\/vincentians.com\/es\/wp-content\/uploads\/sites\/11\/2011\/11\/HIjas-Caridad.jpg?fit=1771%2C886&ssl=1","jetpack_sharing_enabled":true,"jetpack_shortlink":"https:\/\/wp.me\/p7ETMF-dQT","jetpack-related-posts":[{"id":125932,"url":"https:\/\/vincentians.com\/es\/la-medalla-milagrosa-un-signo-para-nuestro-tiempo\/","url_meta":{"origin":53251,"position":0},"title":"La Medalla Milagrosa, un signo para nuestro tiempo","author":"Francisco Javier Fern\u00e1ndez Chento","date":"27\/11\/2020","format":false,"excerpt":"El hombre y los signos Desde siempre el hombre se ha enfrentado a su propia limitaci\u00f3n de expresi\u00f3n. Siente, en lo m\u00e1s \u00edntimo de su ser, la necesidad imperiosa de relacionarse, de comunicarse con una especie de lenguaje universal que haga comprensible a los dem\u00e1s sus m\u00e1s hondos sentimientos\u2026; y\u2026","rel":"","context":"En \u00abVirgen Mar\u00eda\u00bb","block_context":{"text":"Virgen Mar\u00eda","link":"https:\/\/vincentians.com\/es\/category\/espiritualidad\/virgen-maria\/"},"img":{"alt_text":"","src":"","width":0,"height":0},"classes":[]},{"id":52972,"url":"https:\/\/vincentians.com\/es\/asociaciones-eclesiales-relativas-a-la-medalla-milagrosa\/","url_meta":{"origin":53251,"position":1},"title":"Asociaciones eclesiales relativas a la Medalla Milagrosa","author":"Francisco Javier Fern\u00e1ndez Chento","date":"15\/02\/2019","format":false,"excerpt":"Dos son las Asociaciones eclesiales relativas a la Medalla Milagrosa: las Hijas e Hijos de Mar\u00eda y la Asociaci\u00f3n de la Inmaculada Concepci\u00f3n de la Sagrada Medalla. Hijas e Hijos de Mar\u00eda Las Hijas e Hijos de Mar\u00eda han dado origen u ocasi\u00f3n a las Juventudes Marianas o Juventudes Marianas\u2026","rel":"","context":"En \u00abVirgen Mar\u00eda\u00bb","block_context":{"text":"Virgen Mar\u00eda","link":"https:\/\/vincentians.com\/es\/category\/espiritualidad\/virgen-maria\/"},"img":{"alt_text":"","src":"https:\/\/i0.wp.com\/vincentians.com\/es\/wp-content\/uploads\/sites\/11\/2011\/11\/HIjas-Caridad.jpg?fit=1200%2C600&ssl=1&resize=350%2C200","width":350,"height":200,"srcset":"https:\/\/i0.wp.com\/vincentians.com\/es\/wp-content\/uploads\/sites\/11\/2011\/11\/HIjas-Caridad.jpg?fit=1200%2C600&ssl=1&resize=350%2C200 1x, https:\/\/i0.wp.com\/vincentians.com\/es\/wp-content\/uploads\/sites\/11\/2011\/11\/HIjas-Caridad.jpg?fit=1200%2C600&ssl=1&resize=525%2C300 1.5x, https:\/\/i0.wp.com\/vincentians.com\/es\/wp-content\/uploads\/sites\/11\/2011\/11\/HIjas-Caridad.jpg?fit=1200%2C600&ssl=1&resize=700%2C400 2x, https:\/\/i0.wp.com\/vincentians.com\/es\/wp-content\/uploads\/sites\/11\/2011\/11\/HIjas-Caridad.jpg?fit=1200%2C600&ssl=1&resize=1050%2C600 3x"},"classes":[]},{"id":109333,"url":"https:\/\/vincentians.com\/es\/mision-historica-de-la-milagrosa\/","url_meta":{"origin":53251,"position":2},"title":"Misi\u00f3n hist\u00f3rica de La Milagrosa","author":"Francisco Javier Fern\u00e1ndez Chento","date":"27\/11\/2022","format":false,"excerpt":"Amadas Hermanas, se\u00f1ores y amados sacerdotes: El t\u00edtulo de la conferencia quiz\u00e1 pueda parecer a algunos ex\u00adcesivamente ambicioso: LA MISION HISTORICA DE LA MILA\u00adGROSA. En realidad a m\u00ed tambi\u00e9n me lo parece, sobre todo una vez que lo vi estampado en letras de molde; porque mi prop\u00f3sito es muy sencillo.\u2026","rel":"","context":"En \u00abVirgen Mar\u00eda\u00bb","block_context":{"text":"Virgen Mar\u00eda","link":"https:\/\/vincentians.com\/es\/category\/espiritualidad\/virgen-maria\/"},"img":{"alt_text":"","src":"https:\/\/i0.wp.com\/vincentians.com\/es\/wp-content\/uploads\/sites\/11\/2018\/11\/La-milagrosa3.jpg?fit=670%2C430&ssl=1&resize=350%2C200","width":350,"height":200,"srcset":"https:\/\/i0.wp.com\/vincentians.com\/es\/wp-content\/uploads\/sites\/11\/2018\/11\/La-milagrosa3.jpg?fit=670%2C430&ssl=1&resize=350%2C200 1x, https:\/\/i0.wp.com\/vincentians.com\/es\/wp-content\/uploads\/sites\/11\/2018\/11\/La-milagrosa3.jpg?fit=670%2C430&ssl=1&resize=525%2C300 1.5x"},"classes":[]},{"id":53073,"url":"https:\/\/vincentians.com\/es\/novena-a-la-medalla-milagrosa-dia-8-la-familia-de-la-medalla-milagrosa\/","url_meta":{"origin":53251,"position":3},"title":"Novena a la Medalla Milagrosa: D\u00eda 8, La familia de la Medalla Milagrosa","author":"Francisco Javier Fern\u00e1ndez Chento","date":"26\/11\/2011","format":false,"excerpt":"Introducci\u00f3n Canto: Oh Mar\u00eda, sin pecado concebida, ruega por nosotros que recurrimos a ti. Saludo: Hijos m\u00edos, mostraos celadores de la ley y dad la vida por la Alianza de vuestros mayores. Acordaos de las haza\u00f1as de vuestros padres en sus d\u00edas y alcanzar\u00e9is gran gloria y nombre eterno (1\u2026","rel":"","context":"En \u00abVirgen Mar\u00eda\u00bb","block_context":{"text":"Virgen Mar\u00eda","link":"https:\/\/vincentians.com\/es\/category\/espiritualidad\/virgen-maria\/"},"img":{"alt_text":"","src":"","width":0,"height":0},"classes":[]},{"id":134037,"url":"https:\/\/vincentians.com\/es\/primera-asamblea-general-de-la-asociacion-de-la-medalla-milagrosa\/","url_meta":{"origin":53251,"position":4},"title":"Primera Asamblea General de la Asociaci\u00f3n de la Medalla Milagrosa","author":"Francisco Javier Fern\u00e1ndez Chento","date":"28\/12\/2014","format":false,"excerpt":"Fruto de tres Encuentros o Congresos Internacionales (2001-2009), que dieron a la Asociaci\u00f3n de la Medalla Milagrosa (AMM) unos Estatutos operativos y una organizaci\u00f3n internacional, ha sido esta 1\u00aa Asamblea General, celebrada en la Casa Mar\u00eda Inmacolata, via Ezio, Roma, y en el mes de La Milagrosa: del 3 al\u2026","rel":"","context":"En \u00abAsociaci\u00f3n de la Medalla Milagrosa\u00bb","block_context":{"text":"Asociaci\u00f3n de la Medalla Milagrosa","link":"https:\/\/vincentians.com\/es\/category\/la-familia-vicenciana\/ramas\/asociacion-de-la-medalla-milagrosa\/"},"img":{"alt_text":"asamblea_amm_1","src":"https:\/\/i0.wp.com\/vicencianos.org\/wp-content\/2014\/12\/asamblea_amm_1-300x200.jpg?resize=350%2C200","width":350,"height":200},"classes":[]},{"id":53243,"url":"https:\/\/vincentians.com\/es\/fines-de-la-asociacion-de-la-medalla-milagrosa\/","url_meta":{"origin":53251,"position":5},"title":"Fines de la Asociaci\u00f3n de la Medalla Milagrosa","author":"Francisco Javier Fern\u00e1ndez Chento","date":"26\/02\/2015","format":false,"excerpt":"Fieles a la planificaci\u00f3n hecha por el Di\u00adrector Nacional con la finalidad de cono\u00adcer mejor la naturaleza y fines de la Aso\u00adciaci\u00f3n, toca ahora el que hablemos de los fines que se derivan del ser y de las notas caracter\u00edsticas de la Asociaci\u00f3n, co\u00admo dejamos dicho en el comentario al\u2026","rel":"","context":"En \u00abAsociaci\u00f3n de la Medalla Milagrosa\u00bb","block_context":{"text":"Asociaci\u00f3n de la Medalla Milagrosa","link":"https:\/\/vincentians.com\/es\/category\/la-familia-vicenciana\/ramas\/asociacion-de-la-medalla-milagrosa\/"},"img":{"alt_text":"medalla_milagrosa","src":"https:\/\/i0.wp.com\/vicencianos.org\/wp-content\/2015\/02\/medalla_milagrosa1-300x213.jpg?resize=350%2C200","width":350,"height":200},"classes":[]}],"_links":{"self":[{"href":"https:\/\/vincentians.com\/es\/wp-json\/wp\/v2\/posts\/53251","targetHints":{"allow":["GET"]}}],"collection":[{"href":"https:\/\/vincentians.com\/es\/wp-json\/wp\/v2\/posts"}],"about":[{"href":"https:\/\/vincentians.com\/es\/wp-json\/wp\/v2\/types\/post"}],"author":[{"embeddable":true,"href":"https:\/\/vincentians.com\/es\/wp-json\/wp\/v2\/users\/4"}],"replies":[{"embeddable":true,"href":"https:\/\/vincentians.com\/es\/wp-json\/wp\/v2\/comments?post=53251"}],"version-history":[{"count":1,"href":"https:\/\/vincentians.com\/es\/wp-json\/wp\/v2\/posts\/53251\/revisions"}],"predecessor-version":[{"id":402005,"href":"https:\/\/vincentians.com\/es\/wp-json\/wp\/v2\/posts\/53251\/revisions\/402005"}],"wp:featuredmedia":[{"embeddable":true,"href":"https:\/\/vincentians.com\/es\/wp-json\/wp\/v2\/media\/400140"}],"wp:attachment":[{"href":"https:\/\/vincentians.com\/es\/wp-json\/wp\/v2\/media?parent=53251"}],"wp:term":[{"taxonomy":"category","embeddable":true,"href":"https:\/\/vincentians.com\/es\/wp-json\/wp\/v2\/categories?post=53251"},{"taxonomy":"post_tag","embeddable":true,"href":"https:\/\/vincentians.com\/es\/wp-json\/wp\/v2\/tags?post=53251"}],"curies":[{"name":"wp","href":"https:\/\/api.w.org\/{rel}","templated":true}]}}