{"id":53248,"date":"2015-02-27T08:54:37","date_gmt":"2015-02-27T07:54:37","guid":{"rendered":"http:\/\/somos.vicencianos.org\/blog\/2011\/11\/vida-de-la-asociacion-de-la-medalla-milagrosa\/"},"modified":"2016-07-26T17:29:04","modified_gmt":"2016-07-26T15:29:04","slug":"vida-de-la-asociacion-de-la-medalla-milagrosa","status":"publish","type":"post","link":"https:\/\/vincentians.com\/es\/vida-de-la-asociacion-de-la-medalla-milagrosa\/","title":{"rendered":"Vida de la Asociaci\u00f3n de la Medalla Milagrosa"},"content":{"rendered":"<h2><strong>La formaci\u00f3n<\/strong><\/h2>\n<p><a href=\"https:\/\/i0.wp.com\/vicencianos.org\/wp-content\/2010\/03\/amm.jpg\"><img data-recalc-dims=\"1\" loading=\"lazy\" decoding=\"async\" class=\"alignright size-full wp-image-53451\" title=\"amm\" src=\"https:\/\/i0.wp.com\/vicencianos.org\/wp-content\/2010\/03\/amm.jpg?resize=177%2C253\" alt=\"\" width=\"177\" height=\"253\" \/><\/a>Apuntalando el edificio de la Asociaci\u00f3n en los primeros cuatro cap\u00edtulos de los Estatutos, pasan a exponer los elementos necesarios para que dentro del edificio haya vida, la vida propia de la Asocia\u00adci\u00f3n. El cap\u00edtulo quinto aborda los aspectos vitales, como son el de la formaci\u00f3n, el de la vida espiritual y el del compromiso apost\u00f3lico de sus miembros.<\/p>\n<p>Hoy voy a ofrecer algunas reflexiones sobre la formaci\u00f3n a la luz del cap\u00edtulo quinto, art\u00edculo 14, de los Estatutos.<\/p>\n<p>Los miembros de la Asociaci\u00f3n, como cristianos, deben dar raz\u00f3n de su fe. Es evidente que el cristiano es consciente de los profundos y r\u00e1pidos cambios que se est\u00e1n dando en todos los sectores de la vida. No pueden ser meros espectadores de lo que acontece, sino contribuir acti\u00advamente en la instauraci\u00f3n del Reino de Dios.<\/p>\n<p>Causa admiraci\u00f3n la confianza que la Iglesia ha puesto en la vida y en el actuar de todo cristiano considerado, bien como persona particular o asociada y la impor\u00adtancia que da a la formaci\u00f3n de los mis\u00admos. Entre las muchas recomendaciones que da la Iglesia, recojo una, hecha ley universal en el canon 229: Para que pue\u00addan vivir seg\u00fan la doctrina cristiana, pro\u00adclamarla, defenderla cuando sea necesa\u00adrio y ejercer la parte que le corresponde en el apostolado, los laicos tienen el de\u00adber y el derecho de adquirir conocimien\u00adtos de esa doctrina, de acuerdo con la ca\u00adpacidad y condici\u00f3n de cada uno.<\/p>\n<p>No se trata de que los miembros de la Asociaci\u00f3n sean especialistas, pero s\u00ed sufi\u00adcientemente ilustrados de lo que evange\u00adlio ense\u00f1a y de lo que ense\u00f1a el magiste\u00adrio de la Iglesia, para no caer en la igno\u00adrancia, ni en la confusi\u00f3n y saber distin\u00adguir entre el trigo y la ciza\u00f1a, de lo que es pura informaci\u00f3n, de lo que es infor\u00admaci\u00f3n tendenciosa y no dejarnos em\u00adbaucar por los medios de comunicaci\u00f3n social o por revistas y libros tendenciosos. Si, como dije antes, los cambios r\u00e1pidos y profundos exigen la formaci\u00f3n b\u00e1sica y continua o permanente, para el cristiano o miembro de la Asociaci\u00f3n la formaci\u00f3n es necesaria para ser coherentes y fieles a lo que, como cristianos y miembros de la Iglesia creemos, profesamos y vivimos.<\/p>\n<p>La formaci\u00f3n es un gran medio para afrontar al misterio de iniquidad que de mil maneras intenta apoderarse, de las personas y de las Instituciones, de tal ma\u00adnera que venza la injusticia, la increencia y la fobia contra la Iglesia y sus ministros.<\/p>\n<p>La Iglesia, como la fe cristiana, no est\u00e1 fuera de la cr\u00edtica, pero es necesario que esta sea razonable y se haga desde el amor.<\/p>\n<p>Siguiendo la exhortaci\u00f3n del Santo Pa\u00addre, la formaci\u00f3n de los fieles laicos de\u00adben armonizar los siguientes sectores:<\/p>\n<ul>\n<li>La formaci\u00f3n doctrinal. Todo cristia\u00adno debe hacer crecer su vida de fe y saber situarse ante los acontecimien\u00adtos, preguntas, interrogaciones que surgen cada d\u00eda, Este requiere, no s\u00f3\u00adlo estar al tanto de lo que se dice y sucede, sino tambi\u00e9n la actualizaci\u00f3n de la formaci\u00f3n para discernir lo que se dice, se ve, o se escribe.<\/li>\n<li>La formaci\u00f3n doctrinal social de la Iglesia. Esta formaci\u00f3n es necesaria para todo cristiano que debe dar tes\u00adtimonio en el mundo. No puede prac\u00adticarse la caridad sin practicar las exi\u00adgencias de la justicia. No puede ha\u00adber paz y convivencia humana si no se da a cada uno sus derechos y se le trata como exige su dignidad de hombre creado a semejanza de Dios.<\/li>\n<li>Para que los laicos puedan realizar activamente el prop\u00f3sito de hacer re\u00adconocer y estimar los valores huma\u00adnos, no bastan las exhortaciones, sino que es necesario ofrecerles la debida formaci\u00f3n de la conciencia social, es\u00adpecialmente en la doctrina social de la Iglesia, la cual contiene principios de reflexi\u00f3n, criterios de juicio y di\u00adrectrices pr\u00e1cticas.<\/li>\n<li>El tercer campo de la formaci\u00f3n con\u00adcierne a los valores humanos, necesa\u00adrios para la convivencia y para cum\u00adplir con los fines de su trabajo y pro\u00adfesi\u00f3n por muy humilde que esta sea. En el Vaticano II, en el decreto sobre la Actividad apost\u00f3lica se afirma: Los laicos tengan tambi\u00e9n en cuenta la competencia profesional, el sentido de la familia, el sentido del compor\u00adtamiento c\u00edvico y todas aquellas vir\u00adtudes relativas a las relaciones socia\u00adles, es decir, la probidad, la cortes\u00eda, la sinceridad, la fortaleza de \u00e1nimo, sin las cuales la vida humana ser\u00eda pobre y ciertamente no habr\u00eda vida cristiana.<\/li>\n<\/ul>\n<p>La Asociaci\u00f3n de la Medalla Milagrosa dispone de algunos medios que bien uti\u00adlizados contribuyen a la formaci\u00f3n y a imitar a Cristo. Los Estatutos, en el art\u00edcu\u00adlo 14, indican algunos:<\/p>\n<ul>\n<li>La lectura de la Palabra de Dios. La Catequesis de adultos, teniendo siempre presente las directrices del magisterio de la Iglesia.<\/li>\n<li>La lectura del Bolet\u00edn de la Asocia\u00adci\u00f3n cuando trata temas de inter\u00e9s humano, cristiano, eclesial, mariano, social y vicenciano.<\/li>\n<li>Asistir a los encuentros programados, donde se puede captar las preocupaciones de los asociados.<\/li>\n<\/ul>\n<p>Sin embargo el compromiso personal en la formaci\u00f3n es imprescindible. De nada servir\u00edan los medios si la persona no tu\u00adviera ilusi\u00f3n y hambre de aprender. El que ans\u00eda saber, se aprovecha de los me\u00addios que tiene o busca otros. Para for\u00admarse es necesario antes, hacer nacer en uno mismo la ilusi\u00f3n de saber y ser per\u00adsona cristiana siempre dispuesta a dar ra\u00adz\u00f3n de lo que cree y vive.<\/p>\n<h2><strong>Lee, reflexiona y comparte<br \/>\n<\/strong><\/h2>\n<ul>\n<li>\u00bfEres consciente de que la Forma\u00adci\u00f3n de adultos es \u00abnuestra asigna\u00adtura pendiente\u00bb?<\/li>\n<li>\u00bfSabes dar raz\u00f3n de lo que crees y vives?<\/li>\n<li>\u00bfTe aprovechas de los medios que la Asociaci\u00f3n de la Medalla Milagrosa te ofrece para formarte: Lectura de la Palabra de Dios, Catequesis, Bolet\u00edn y los Encuentros de formaci\u00f3n programados? (Est. 14.1)<\/li>\n<li>\u00bfTe esfuerzas por estar al d\u00eda en te\u00admas marianos?<\/li>\n<\/ul>\n","protected":false},"excerpt":{"rendered":"<p>La formaci\u00f3n Apuntalando el edificio de la Asociaci\u00f3n en los primeros cuatro cap\u00edtulos de los Estatutos, pasan a exponer los elementos necesarios para que dentro del edificio haya vida, la vida propia de la Asocia\u00adci\u00f3n. &#8230; <a href=\"https:\/\/vincentians.com\/es\/vida-de-la-asociacion-de-la-medalla-milagrosa\/\" class=\"more-link\">Read More<\/a><\/p>\n","protected":false},"author":4,"featured_media":88800,"comment_status":"open","ping_status":"open","sticky":false,"template":"","format":"standard","meta":{"jetpack_post_was_ever_published":false,"_jetpack_newsletter_access":"","_jetpack_dont_email_post_to_subs":false,"_jetpack_newsletter_tier_id":0,"_jetpack_memberships_contains_paywalled_content":false,"_jetpack_memberships_contains_paid_content":false,"footnotes":"","jetpack_publicize_message":"","jetpack_publicize_feature_enabled":true,"jetpack_social_post_already_shared":true,"jetpack_social_options":{"image_generator_settings":{"template":"highway","default_image_id":0,"font":"","enabled":false},"version":2}},"categories":[380,8],"tags":[],"class_list":["post-53248","post","type-post","status-publish","format-standard","has-post-thumbnail","hentry","category-asociacion-de-la-medalla-milagrosa","category-virgen-maria"],"yoast_head":"<!-- This site is optimized with the Yoast SEO plugin v26.3 - https:\/\/yoast.com\/wordpress\/plugins\/seo\/ -->\n<title>Vida de la Asociaci\u00f3n de la Medalla Milagrosa - Somos Vicencianos<\/title>\n<meta name=\"robots\" content=\"index, follow, max-snippet:-1, max-image-preview:large, max-video-preview:-1\" \/>\n<link rel=\"canonical\" href=\"https:\/\/vincentians.com\/es\/vida-de-la-asociacion-de-la-medalla-milagrosa\/\" \/>\n<meta property=\"og:locale\" content=\"es_ES\" \/>\n<meta property=\"og:type\" content=\"article\" \/>\n<meta property=\"og:title\" content=\"Vida de la Asociaci\u00f3n de la Medalla Milagrosa - Somos Vicencianos\" \/>\n<meta property=\"og:description\" content=\"La formaci\u00f3n Apuntalando el edificio de la Asociaci\u00f3n en los primeros cuatro cap\u00edtulos de los Estatutos, pasan a exponer los elementos necesarios para que dentro del edificio haya vida, la vida propia de la Asocia\u00adci\u00f3n. ... Read More\" \/>\n<meta property=\"og:url\" content=\"https:\/\/vincentians.com\/es\/vida-de-la-asociacion-de-la-medalla-milagrosa\/\" \/>\n<meta property=\"og:site_name\" content=\"Somos Vicencianos\" \/>\n<meta property=\"article:publisher\" content=\"https:\/\/www.facebook.com\/WeAreVincentians\/\" \/>\n<meta property=\"article:author\" content=\"https:\/\/www.facebook.com\/JavierChento\" \/>\n<meta property=\"article:published_time\" content=\"2015-02-27T07:54:37+00:00\" \/>\n<meta property=\"article:modified_time\" content=\"2016-07-26T15:29:04+00:00\" \/>\n<meta name=\"author\" content=\"Francisco Javier Fern\u00e1ndez Chento\" \/>\n<meta name=\"twitter:card\" content=\"summary_large_image\" \/>\n<meta name=\"twitter:creator\" content=\"@https:\/\/twitter.com\/javierchento\" \/>\n<meta name=\"twitter:site\" content=\"@WeVincentians\" \/>\n<meta name=\"twitter:label1\" content=\"Escrito por\" \/>\n\t<meta name=\"twitter:data1\" content=\"Francisco Javier Fern\u00e1ndez Chento\" \/>\n\t<meta name=\"twitter:label2\" content=\"Tiempo de lectura\" \/>\n\t<meta name=\"twitter:data2\" content=\"5 minutos\" \/>\n<script type=\"application\/ld+json\" class=\"yoast-schema-graph\">{\"@context\":\"https:\/\/schema.org\",\"@graph\":[{\"@type\":\"Article\",\"@id\":\"https:\/\/vincentians.com\/es\/vida-de-la-asociacion-de-la-medalla-milagrosa\/#article\",\"isPartOf\":{\"@id\":\"https:\/\/vincentians.com\/es\/vida-de-la-asociacion-de-la-medalla-milagrosa\/\"},\"author\":{\"name\":\"Francisco Javier Fern\u00e1ndez Chento\",\"@id\":\"http:\/\/vincentians.com\/es\/#\/schema\/person\/9623ef4d9aa3b2dfb8c061f1499288f2\"},\"headline\":\"Vida de la Asociaci\u00f3n de la Medalla Milagrosa\",\"datePublished\":\"2015-02-27T07:54:37+00:00\",\"dateModified\":\"2016-07-26T15:29:04+00:00\",\"mainEntityOfPage\":{\"@id\":\"https:\/\/vincentians.com\/es\/vida-de-la-asociacion-de-la-medalla-milagrosa\/\"},\"wordCount\":1066,\"commentCount\":0,\"publisher\":{\"@id\":\"http:\/\/vincentians.com\/es\/#organization\"},\"image\":{\"@id\":\"https:\/\/vincentians.com\/es\/vida-de-la-asociacion-de-la-medalla-milagrosa\/#primaryimage\"},\"thumbnailUrl\":\"\",\"articleSection\":[\"Asociaci\u00f3n de la Medalla Milagrosa\",\"Virgen Mar\u00eda\"],\"inLanguage\":\"es\",\"potentialAction\":[{\"@type\":\"CommentAction\",\"name\":\"Comment\",\"target\":[\"https:\/\/vincentians.com\/es\/vida-de-la-asociacion-de-la-medalla-milagrosa\/#respond\"]}]},{\"@type\":\"WebPage\",\"@id\":\"https:\/\/vincentians.com\/es\/vida-de-la-asociacion-de-la-medalla-milagrosa\/\",\"url\":\"https:\/\/vincentians.com\/es\/vida-de-la-asociacion-de-la-medalla-milagrosa\/\",\"name\":\"Vida de la Asociaci\u00f3n de la Medalla Milagrosa - Somos Vicencianos\",\"isPartOf\":{\"@id\":\"http:\/\/vincentians.com\/es\/#website\"},\"primaryImageOfPage\":{\"@id\":\"https:\/\/vincentians.com\/es\/vida-de-la-asociacion-de-la-medalla-milagrosa\/#primaryimage\"},\"image\":{\"@id\":\"https:\/\/vincentians.com\/es\/vida-de-la-asociacion-de-la-medalla-milagrosa\/#primaryimage\"},\"thumbnailUrl\":\"\",\"datePublished\":\"2015-02-27T07:54:37+00:00\",\"dateModified\":\"2016-07-26T15:29:04+00:00\",\"breadcrumb\":{\"@id\":\"https:\/\/vincentians.com\/es\/vida-de-la-asociacion-de-la-medalla-milagrosa\/#breadcrumb\"},\"inLanguage\":\"es\",\"potentialAction\":[{\"@type\":\"ReadAction\",\"target\":[\"https:\/\/vincentians.com\/es\/vida-de-la-asociacion-de-la-medalla-milagrosa\/\"]}]},{\"@type\":\"ImageObject\",\"inLanguage\":\"es\",\"@id\":\"https:\/\/vincentians.com\/es\/vida-de-la-asociacion-de-la-medalla-milagrosa\/#primaryimage\",\"url\":\"\",\"contentUrl\":\"\"},{\"@type\":\"BreadcrumbList\",\"@id\":\"https:\/\/vincentians.com\/es\/vida-de-la-asociacion-de-la-medalla-milagrosa\/#breadcrumb\",\"itemListElement\":[{\"@type\":\"ListItem\",\"position\":1,\"name\":\"Portada\",\"item\":\"http:\/\/vincentians.com\/es\/\"},{\"@type\":\"ListItem\",\"position\":2,\"name\":\"Vida de la Asociaci\u00f3n de la Medalla Milagrosa\"}]},{\"@type\":\"WebSite\",\"@id\":\"http:\/\/vincentians.com\/es\/#website\",\"url\":\"http:\/\/vincentians.com\/es\/\",\"name\":\"Somos Vicencianos\",\"description\":\"Know more to serve more\",\"publisher\":{\"@id\":\"http:\/\/vincentians.com\/es\/#organization\"},\"potentialAction\":[{\"@type\":\"SearchAction\",\"target\":{\"@type\":\"EntryPoint\",\"urlTemplate\":\"http:\/\/vincentians.com\/es\/?s={search_term_string}\"},\"query-input\":{\"@type\":\"PropertyValueSpecification\",\"valueRequired\":true,\"valueName\":\"search_term_string\"}}],\"inLanguage\":\"es\"},{\"@type\":\"Organization\",\"@id\":\"http:\/\/vincentians.com\/es\/#organization\",\"name\":\"The Vincentian Network\",\"url\":\"http:\/\/vincentians.com\/es\/\",\"logo\":{\"@type\":\"ImageObject\",\"inLanguage\":\"es\",\"@id\":\"http:\/\/vincentians.com\/es\/#\/schema\/logo\/image\/\",\"url\":\"https:\/\/i1.wp.com\/vincentians.com\/es\/wp-content\/uploads\/sites\/11\/2016\/06\/Vincentian-Network-logo-big.png?fit=778%2C778\",\"contentUrl\":\"https:\/\/i1.wp.com\/vincentians.com\/es\/wp-content\/uploads\/sites\/11\/2016\/06\/Vincentian-Network-logo-big.png?fit=778%2C778\",\"width\":778,\"height\":778,\"caption\":\"The Vincentian Network\"},\"image\":{\"@id\":\"http:\/\/vincentians.com\/es\/#\/schema\/logo\/image\/\"},\"sameAs\":[\"https:\/\/www.facebook.com\/WeAreVincentians\/\",\"https:\/\/x.com\/WeVincentians\"]},{\"@type\":\"Person\",\"@id\":\"http:\/\/vincentians.com\/es\/#\/schema\/person\/9623ef4d9aa3b2dfb8c061f1499288f2\",\"name\":\"Francisco Javier Fern\u00e1ndez Chento\",\"image\":{\"@type\":\"ImageObject\",\"inLanguage\":\"es\",\"@id\":\"http:\/\/vincentians.com\/es\/#\/schema\/person\/image\/\",\"url\":\"https:\/\/secure.gravatar.com\/avatar\/497d5cde87b4c3d097d0315953521681ba2cd523ee66e5077c3711f7021e65de?s=96&d=mm&r=g\",\"contentUrl\":\"https:\/\/secure.gravatar.com\/avatar\/497d5cde87b4c3d097d0315953521681ba2cd523ee66e5077c3711f7021e65de?s=96&d=mm&r=g\",\"caption\":\"Francisco Javier Fern\u00e1ndez Chento\"},\"description\":\"Director General y cofundador de La Red de Formaci\u00f3n Vicenciana. Javier es laico vicenciano, afiliado a la Congregaci\u00f3n de la Misi\u00f3n y miembro del Equipo de Misiones Populares de la provincia can\u00f3nica de Zaragoza (Espa\u00f1a) de la Congregaci\u00f3n de la Misi\u00f3n. Graduado en la Universidad Oberta de Catalunya con cuatro grados (Asistente de direcci\u00f3n, Gesti\u00f3n Administrativa, Recursos Humanos y Contabilidad Avanzada). Bil\u00edng\u00fce Espa\u00f1ol\/Ingl\u00e9s. gestiona y mantiene varias p\u00e1ginas web cristianas y vicencianas, incluida including La Red de Formaci\u00f3n Vicenciana, de la que es cofundador. Actualmente es responsable del \u00e1rea de Espa\u00f1ol de .famvin, la Red de Noticias de la Familia Vicenciana. Tambi\u00e9n es m\u00fasico cat\u00f3lico y ha editado varios discos. Es Director General y cofundador de Trovador, una reconocida compa\u00f1\u00eda discogr\u00e1fica critiana de Espa\u00f1a. Trabaja en las Tecnolog\u00edas de la Informaci\u00f3n, ofreciendo servicios de alojamiento, dise\u00f1o y mantenimiento Web, as\u00ed como asesoramiento, formaci\u00f3n y soluciones inform\u00e1ticas, gesti\u00f3n documental y digitalizaci\u00f3n de textos, edici\u00f3n y maquetaci\u00f3n de libros, revistas, flyers, etc.\",\"sameAs\":[\"http:\/\/chento.org\",\"https:\/\/www.facebook.com\/JavierChento\",\"https:\/\/x.com\/https:\/\/twitter.com\/javierchento\"],\"url\":\"https:\/\/vincentians.com\/es\/author\/chento\/\"}]}<\/script>\n<!-- \/ Yoast SEO plugin. -->","yoast_head_json":{"title":"Vida de la Asociaci\u00f3n de la Medalla Milagrosa - Somos Vicencianos","robots":{"index":"index","follow":"follow","max-snippet":"max-snippet:-1","max-image-preview":"max-image-preview:large","max-video-preview":"max-video-preview:-1"},"canonical":"https:\/\/vincentians.com\/es\/vida-de-la-asociacion-de-la-medalla-milagrosa\/","og_locale":"es_ES","og_type":"article","og_title":"Vida de la Asociaci\u00f3n de la Medalla Milagrosa - Somos Vicencianos","og_description":"La formaci\u00f3n Apuntalando el edificio de la Asociaci\u00f3n en los primeros cuatro cap\u00edtulos de los Estatutos, pasan a exponer los elementos necesarios para que dentro del edificio haya vida, la vida propia de la Asocia\u00adci\u00f3n. ... Read More","og_url":"https:\/\/vincentians.com\/es\/vida-de-la-asociacion-de-la-medalla-milagrosa\/","og_site_name":"Somos Vicencianos","article_publisher":"https:\/\/www.facebook.com\/WeAreVincentians\/","article_author":"https:\/\/www.facebook.com\/JavierChento","article_published_time":"2015-02-27T07:54:37+00:00","article_modified_time":"2016-07-26T15:29:04+00:00","author":"Francisco Javier Fern\u00e1ndez Chento","twitter_card":"summary_large_image","twitter_creator":"@https:\/\/twitter.com\/javierchento","twitter_site":"@WeVincentians","twitter_misc":{"Escrito por":"Francisco Javier Fern\u00e1ndez Chento","Tiempo de lectura":"5 minutos"},"schema":{"@context":"https:\/\/schema.org","@graph":[{"@type":"Article","@id":"https:\/\/vincentians.com\/es\/vida-de-la-asociacion-de-la-medalla-milagrosa\/#article","isPartOf":{"@id":"https:\/\/vincentians.com\/es\/vida-de-la-asociacion-de-la-medalla-milagrosa\/"},"author":{"name":"Francisco Javier Fern\u00e1ndez Chento","@id":"http:\/\/vincentians.com\/es\/#\/schema\/person\/9623ef4d9aa3b2dfb8c061f1499288f2"},"headline":"Vida de la Asociaci\u00f3n de la Medalla Milagrosa","datePublished":"2015-02-27T07:54:37+00:00","dateModified":"2016-07-26T15:29:04+00:00","mainEntityOfPage":{"@id":"https:\/\/vincentians.com\/es\/vida-de-la-asociacion-de-la-medalla-milagrosa\/"},"wordCount":1066,"commentCount":0,"publisher":{"@id":"http:\/\/vincentians.com\/es\/#organization"},"image":{"@id":"https:\/\/vincentians.com\/es\/vida-de-la-asociacion-de-la-medalla-milagrosa\/#primaryimage"},"thumbnailUrl":"","articleSection":["Asociaci\u00f3n de la Medalla Milagrosa","Virgen Mar\u00eda"],"inLanguage":"es","potentialAction":[{"@type":"CommentAction","name":"Comment","target":["https:\/\/vincentians.com\/es\/vida-de-la-asociacion-de-la-medalla-milagrosa\/#respond"]}]},{"@type":"WebPage","@id":"https:\/\/vincentians.com\/es\/vida-de-la-asociacion-de-la-medalla-milagrosa\/","url":"https:\/\/vincentians.com\/es\/vida-de-la-asociacion-de-la-medalla-milagrosa\/","name":"Vida de la Asociaci\u00f3n de la Medalla Milagrosa - Somos Vicencianos","isPartOf":{"@id":"http:\/\/vincentians.com\/es\/#website"},"primaryImageOfPage":{"@id":"https:\/\/vincentians.com\/es\/vida-de-la-asociacion-de-la-medalla-milagrosa\/#primaryimage"},"image":{"@id":"https:\/\/vincentians.com\/es\/vida-de-la-asociacion-de-la-medalla-milagrosa\/#primaryimage"},"thumbnailUrl":"","datePublished":"2015-02-27T07:54:37+00:00","dateModified":"2016-07-26T15:29:04+00:00","breadcrumb":{"@id":"https:\/\/vincentians.com\/es\/vida-de-la-asociacion-de-la-medalla-milagrosa\/#breadcrumb"},"inLanguage":"es","potentialAction":[{"@type":"ReadAction","target":["https:\/\/vincentians.com\/es\/vida-de-la-asociacion-de-la-medalla-milagrosa\/"]}]},{"@type":"ImageObject","inLanguage":"es","@id":"https:\/\/vincentians.com\/es\/vida-de-la-asociacion-de-la-medalla-milagrosa\/#primaryimage","url":"","contentUrl":""},{"@type":"BreadcrumbList","@id":"https:\/\/vincentians.com\/es\/vida-de-la-asociacion-de-la-medalla-milagrosa\/#breadcrumb","itemListElement":[{"@type":"ListItem","position":1,"name":"Portada","item":"http:\/\/vincentians.com\/es\/"},{"@type":"ListItem","position":2,"name":"Vida de la Asociaci\u00f3n de la Medalla Milagrosa"}]},{"@type":"WebSite","@id":"http:\/\/vincentians.com\/es\/#website","url":"http:\/\/vincentians.com\/es\/","name":"Somos Vicencianos","description":"Know more to serve more","publisher":{"@id":"http:\/\/vincentians.com\/es\/#organization"},"potentialAction":[{"@type":"SearchAction","target":{"@type":"EntryPoint","urlTemplate":"http:\/\/vincentians.com\/es\/?s={search_term_string}"},"query-input":{"@type":"PropertyValueSpecification","valueRequired":true,"valueName":"search_term_string"}}],"inLanguage":"es"},{"@type":"Organization","@id":"http:\/\/vincentians.com\/es\/#organization","name":"The Vincentian Network","url":"http:\/\/vincentians.com\/es\/","logo":{"@type":"ImageObject","inLanguage":"es","@id":"http:\/\/vincentians.com\/es\/#\/schema\/logo\/image\/","url":"https:\/\/i1.wp.com\/vincentians.com\/es\/wp-content\/uploads\/sites\/11\/2016\/06\/Vincentian-Network-logo-big.png?fit=778%2C778","contentUrl":"https:\/\/i1.wp.com\/vincentians.com\/es\/wp-content\/uploads\/sites\/11\/2016\/06\/Vincentian-Network-logo-big.png?fit=778%2C778","width":778,"height":778,"caption":"The Vincentian Network"},"image":{"@id":"http:\/\/vincentians.com\/es\/#\/schema\/logo\/image\/"},"sameAs":["https:\/\/www.facebook.com\/WeAreVincentians\/","https:\/\/x.com\/WeVincentians"]},{"@type":"Person","@id":"http:\/\/vincentians.com\/es\/#\/schema\/person\/9623ef4d9aa3b2dfb8c061f1499288f2","name":"Francisco Javier Fern\u00e1ndez Chento","image":{"@type":"ImageObject","inLanguage":"es","@id":"http:\/\/vincentians.com\/es\/#\/schema\/person\/image\/","url":"https:\/\/secure.gravatar.com\/avatar\/497d5cde87b4c3d097d0315953521681ba2cd523ee66e5077c3711f7021e65de?s=96&d=mm&r=g","contentUrl":"https:\/\/secure.gravatar.com\/avatar\/497d5cde87b4c3d097d0315953521681ba2cd523ee66e5077c3711f7021e65de?s=96&d=mm&r=g","caption":"Francisco Javier Fern\u00e1ndez Chento"},"description":"Director General y cofundador de La Red de Formaci\u00f3n Vicenciana. Javier es laico vicenciano, afiliado a la Congregaci\u00f3n de la Misi\u00f3n y miembro del Equipo de Misiones Populares de la provincia can\u00f3nica de Zaragoza (Espa\u00f1a) de la Congregaci\u00f3n de la Misi\u00f3n. Graduado en la Universidad Oberta de Catalunya con cuatro grados (Asistente de direcci\u00f3n, Gesti\u00f3n Administrativa, Recursos Humanos y Contabilidad Avanzada). Bil\u00edng\u00fce Espa\u00f1ol\/Ingl\u00e9s. gestiona y mantiene varias p\u00e1ginas web cristianas y vicencianas, incluida including La Red de Formaci\u00f3n Vicenciana, de la que es cofundador. Actualmente es responsable del \u00e1rea de Espa\u00f1ol de .famvin, la Red de Noticias de la Familia Vicenciana. Tambi\u00e9n es m\u00fasico cat\u00f3lico y ha editado varios discos. Es Director General y cofundador de Trovador, una reconocida compa\u00f1\u00eda discogr\u00e1fica critiana de Espa\u00f1a. Trabaja en las Tecnolog\u00edas de la Informaci\u00f3n, ofreciendo servicios de alojamiento, dise\u00f1o y mantenimiento Web, as\u00ed como asesoramiento, formaci\u00f3n y soluciones inform\u00e1ticas, gesti\u00f3n documental y digitalizaci\u00f3n de textos, edici\u00f3n y maquetaci\u00f3n de libros, revistas, flyers, etc.","sameAs":["http:\/\/chento.org","https:\/\/www.facebook.com\/JavierChento","https:\/\/x.com\/https:\/\/twitter.com\/javierchento"],"url":"https:\/\/vincentians.com\/es\/author\/chento\/"}]}},"jetpack_publicize_connections":[],"jetpack_featured_media_url":"","jetpack_sharing_enabled":true,"jetpack_shortlink":"https:\/\/wp.me\/p7ETMF-dQQ","jetpack-related-posts":[{"id":122918,"url":"https:\/\/vincentians.com\/es\/animacion-de-la-formacion\/","url_meta":{"origin":53248,"position":0},"title":"Animaci\u00f3n de la formaci\u00f3n","author":"Francisco Javier Fern\u00e1ndez Chento","date":"21\/09\/2022","format":false,"excerpt":"1. Introducci\u00f3n Cuando se me encomend\u00f3 presentar esta Comunicaci\u00f3n se me dijo que lo hiciera desde mi experiencia pastoral en el campo de la Familia Vicenciana. Lo voy a intentar. Quiero empezar afir\u00admando que considero una gracia muy grande el haber podido trabajar como Consiliario o Asesor o simplemente como\u2026","rel":"","context":"En \u00abFormaci\u00f3n Cristiana\u00bb","block_context":{"text":"Formaci\u00f3n Cristiana","link":"https:\/\/vincentians.com\/es\/category\/formacion-cristiana\/"},"img":{"alt_text":"","src":"https:\/\/i0.wp.com\/vincentians.com\/es\/wp-content\/uploads\/sites\/11\/2013\/04\/formacion_permanente.jpg?fit=303%2C303&ssl=1&resize=350%2C200","width":350,"height":200},"classes":[]},{"id":53243,"url":"https:\/\/vincentians.com\/es\/fines-de-la-asociacion-de-la-medalla-milagrosa\/","url_meta":{"origin":53248,"position":1},"title":"Fines de la Asociaci\u00f3n de la Medalla Milagrosa","author":"Francisco Javier Fern\u00e1ndez Chento","date":"26\/02\/2015","format":false,"excerpt":"Fieles a la planificaci\u00f3n hecha por el Di\u00adrector Nacional con la finalidad de cono\u00adcer mejor la naturaleza y fines de la Aso\u00adciaci\u00f3n, toca ahora el que hablemos de los fines que se derivan del ser y de las notas caracter\u00edsticas de la Asociaci\u00f3n, co\u00admo dejamos dicho en el comentario al\u2026","rel":"","context":"En \u00abAsociaci\u00f3n de la Medalla Milagrosa\u00bb","block_context":{"text":"Asociaci\u00f3n de la Medalla Milagrosa","link":"https:\/\/vincentians.com\/es\/category\/la-familia-vicenciana\/ramas\/asociacion-de-la-medalla-milagrosa\/"},"img":{"alt_text":"medalla_milagrosa","src":"https:\/\/i0.wp.com\/vicencianos.org\/wp-content\/2015\/02\/medalla_milagrosa1-300x213.jpg?resize=350%2C200","width":350,"height":200},"classes":[]},{"id":53251,"url":"https:\/\/vincentians.com\/es\/vida-espiritual-de-la-asociacion-de-la-medalla-milagrosa\/","url_meta":{"origin":53248,"position":2},"title":"Vida espiritual de la Asociaci\u00f3n de la Medalla Milagrosa","author":"Francisco Javier Fern\u00e1ndez Chento","date":"27\/11\/2018","format":false,"excerpt":"Decir esp\u00edritu es decir principio de vida espiritual, lazo de uni\u00f3n entre los miembros de un grupo, norma que gu\u00eda la actividad de la persona, signo y garant\u00eda de autenticidad de que se act\u00faa conforme a los fines de la Asociaci\u00f3n, es un estilo de vivir el sinton\u00eda con valores\u2026","rel":"","context":"En \u00abAsociaci\u00f3n de la Medalla Milagrosa\u00bb","block_context":{"text":"Asociaci\u00f3n de la Medalla Milagrosa","link":"https:\/\/vincentians.com\/es\/category\/la-familia-vicenciana\/ramas\/asociacion-de-la-medalla-milagrosa\/"},"img":{"alt_text":"","src":"https:\/\/i0.wp.com\/vincentians.com\/es\/wp-content\/uploads\/sites\/11\/2011\/11\/HIjas-Caridad.jpg?fit=1200%2C600&ssl=1&resize=350%2C200","width":350,"height":200,"srcset":"https:\/\/i0.wp.com\/vincentians.com\/es\/wp-content\/uploads\/sites\/11\/2011\/11\/HIjas-Caridad.jpg?fit=1200%2C600&ssl=1&resize=350%2C200 1x, https:\/\/i0.wp.com\/vincentians.com\/es\/wp-content\/uploads\/sites\/11\/2011\/11\/HIjas-Caridad.jpg?fit=1200%2C600&ssl=1&resize=525%2C300 1.5x, https:\/\/i0.wp.com\/vincentians.com\/es\/wp-content\/uploads\/sites\/11\/2011\/11\/HIjas-Caridad.jpg?fit=1200%2C600&ssl=1&resize=700%2C400 2x, https:\/\/i0.wp.com\/vincentians.com\/es\/wp-content\/uploads\/sites\/11\/2011\/11\/HIjas-Caridad.jpg?fit=1200%2C600&ssl=1&resize=1050%2C600 3x"},"classes":[]},{"id":93271,"url":"https:\/\/vincentians.com\/es\/estatutos-generales-de-la-asociacion-medalla-milagrosa\/","url_meta":{"origin":53248,"position":3},"title":"Estatutos generales de la Asociaci\u00f3n Medalla Milagrosa","author":"Francisco Javier Fern\u00e1ndez Chento","date":"27\/11\/2018","format":false,"excerpt":"Roma, 31 de mayo de 2010 Fiesta de la Visitaci\u00f3n de la Virgen Mar\u00eda A todos los miembros de la Asociaci\u00f3n de la Medalla Milagrosa: \u00a1La gracia y la paz de Nuestro Se\u00f1or Jesucristo llenen sus corazones ahora y siempre! La Sant\u00edsima Virgen Mar\u00eda, en las apariciones a Santa Catalina\u2026","rel":"","context":"En \u00abDocumentos de la Asociaci\u00f3n de la Medalla Milagrosa\u00bb","block_context":{"text":"Documentos de la Asociaci\u00f3n de la Medalla Milagrosa","link":"https:\/\/vincentians.com\/es\/category\/formacion-vicenciana\/documentos-oficiales-de-la-familia-vicenciana\/documentos-de-la-asociacion-de-la-medalla-milagrosa\/"},"img":{"alt_text":"","src":"https:\/\/i0.wp.com\/vicencianos.org\/wp-content\/2010\/03\/amm.jpg?resize=350%2C200","width":350,"height":200},"classes":[]},{"id":53238,"url":"https:\/\/vincentians.com\/es\/la-medalla-milagrosa-memorial-vivo-y-perpetuo-de-las-apariciones-a-santa-catalina\/","url_meta":{"origin":53248,"position":4},"title":"La Medalla Milagrosa, memorial vivo y perpetuo de las apariciones a Santa Catalina","author":"Francisco Javier Fern\u00e1ndez Chento","date":"17\/11\/2019","format":false,"excerpt":"Con muy buen acuerdo los responsables de la Asociaci\u00f3n han decidido estudiar durante el a\u00f1o 2001 los Estatutos de la Asociaci\u00f3n como uno de los temas de formaci\u00f3n con la finalidad de conocer bien qui\u00e9nes somos como Asociaci\u00f3n, qu\u00e9 pretendemos y c\u00f3mo nos gobernamos entendiendo por gobernar saber condu\u00adcir a\u2026","rel":"","context":"En \u00abAsociaci\u00f3n de la Medalla Milagrosa\u00bb","block_context":{"text":"Asociaci\u00f3n de la Medalla Milagrosa","link":"https:\/\/vincentians.com\/es\/category\/la-familia-vicenciana\/ramas\/asociacion-de-la-medalla-milagrosa\/"},"img":{"alt_text":"","src":"https:\/\/i0.wp.com\/vincentians.com\/es\/wp-content\/uploads\/sites\/11\/2013\/11\/La-milagrosa.jpg?fit=620%2C310&ssl=1&resize=350%2C200","width":350,"height":200,"srcset":"https:\/\/i0.wp.com\/vincentians.com\/es\/wp-content\/uploads\/sites\/11\/2013\/11\/La-milagrosa.jpg?fit=620%2C310&ssl=1&resize=350%2C200 1x, https:\/\/i0.wp.com\/vincentians.com\/es\/wp-content\/uploads\/sites\/11\/2013\/11\/La-milagrosa.jpg?fit=620%2C310&ssl=1&resize=525%2C300 1.5x"},"classes":[]},{"id":115218,"url":"https:\/\/vincentians.com\/es\/carta-de-gregory-gay-superior-general-de-la-c-m-con-motivo-de-la-fiesta-de-la-medalla-milagrosa-2012\/","url_meta":{"origin":53248,"position":5},"title":"Carta de Gregory Gay, Superior General de la C.M., con motivo de la fiesta de la Medalla Milagrosa 2012","author":"Francisco Javier Fern\u00e1ndez Chento","date":"26\/11\/2012","format":false,"excerpt":"Llamada a la Familia Vicenciana a una mayor devoci\u00f3n a Nuestra Se\u00f1ora de la Medalla Milagrosa. \u00a1La gracia de Nuestro Se\u00f1or Jesucristo est\u00e9 siempre con nosotros! Me da mucha alegr\u00eda dirigirme a Ustedes especialmente en este mes en el que celebramos, dentro del A\u00f1o de la Fe, a la Virgen\u2026","rel":"","context":"En \u00abVirgen Mar\u00eda\u00bb","block_context":{"text":"Virgen Mar\u00eda","link":"https:\/\/vincentians.com\/es\/category\/espiritualidad\/virgen-maria\/"},"img":{"alt_text":"P. Gregory Gay, C.M.","src":"https:\/\/i0.wp.com\/vicencianos.org\/wp-content\/2009\/12\/gregory_felicita_la_navidad11-300x300.jpg?resize=350%2C200","width":350,"height":200},"classes":[]}],"_links":{"self":[{"href":"https:\/\/vincentians.com\/es\/wp-json\/wp\/v2\/posts\/53248","targetHints":{"allow":["GET"]}}],"collection":[{"href":"https:\/\/vincentians.com\/es\/wp-json\/wp\/v2\/posts"}],"about":[{"href":"https:\/\/vincentians.com\/es\/wp-json\/wp\/v2\/types\/post"}],"author":[{"embeddable":true,"href":"https:\/\/vincentians.com\/es\/wp-json\/wp\/v2\/users\/4"}],"replies":[{"embeddable":true,"href":"https:\/\/vincentians.com\/es\/wp-json\/wp\/v2\/comments?post=53248"}],"version-history":[{"count":0,"href":"https:\/\/vincentians.com\/es\/wp-json\/wp\/v2\/posts\/53248\/revisions"}],"wp:featuredmedia":[{"embeddable":true,"href":"https:\/\/vincentians.com\/es\/wp-json\/"}],"wp:attachment":[{"href":"https:\/\/vincentians.com\/es\/wp-json\/wp\/v2\/media?parent=53248"}],"wp:term":[{"taxonomy":"category","embeddable":true,"href":"https:\/\/vincentians.com\/es\/wp-json\/wp\/v2\/categories?post=53248"},{"taxonomy":"post_tag","embeddable":true,"href":"https:\/\/vincentians.com\/es\/wp-json\/wp\/v2\/tags?post=53248"}],"curies":[{"name":"wp","href":"https:\/\/api.w.org\/{rel}","templated":true}]}}