{"id":53243,"date":"2015-02-26T04:54:37","date_gmt":"2015-02-26T03:54:37","guid":{"rendered":"http:\/\/somos.vicencianos.org\/blog\/2011\/11\/fines-de-la-asociacion-de-la-medalla-milagrosa\/"},"modified":"2016-07-26T17:29:04","modified_gmt":"2016-07-26T15:29:04","slug":"fines-de-la-asociacion-de-la-medalla-milagrosa","status":"publish","type":"post","link":"https:\/\/vincentians.com\/es\/fines-de-la-asociacion-de-la-medalla-milagrosa\/","title":{"rendered":"Fines de la Asociaci\u00f3n de la Medalla Milagrosa"},"content":{"rendered":"<p><a href=\"https:\/\/i0.wp.com\/vicencianos.org\/wp-content\/2015\/02\/medalla_milagrosa1.jpg\"><img data-recalc-dims=\"1\" loading=\"lazy\" decoding=\"async\" class=\"alignright size-medium wp-image-140922\" src=\"https:\/\/i0.wp.com\/vicencianos.org\/wp-content\/2015\/02\/medalla_milagrosa1-300x213.jpg?resize=300%2C213\" alt=\"medalla_milagrosa\" width=\"300\" height=\"213\" \/><\/a>Fieles a la planificaci\u00f3n hecha por el Di\u00adrector Nacional con la finalidad de cono\u00adcer mejor la naturaleza y fines de la Aso\u00adciaci\u00f3n, toca ahora el que hablemos de los fines que se derivan del ser y de las notas caracter\u00edsticas de la Asociaci\u00f3n, co\u00admo dejamos dicho en el comentario al cap\u00edtulo primero que trata de la natura\u00adleza y del nombre oficial de la Asocia\u00adci\u00f3n.<\/p>\n<p>El cap\u00edtulo segundo de los Estatutos ver\u00adsa sobre los fines, es decir, lo que se pre\u00adtende como miembro de la Asociaci\u00f3n y lo que pretende la Asociaci\u00f3n en cuanto tal.<\/p>\n<h2><strong>Fomentar la devoci\u00f3n a la Virgen Mar\u00eda<\/strong> (Art\u00edculo 3)<\/h2>\n<p>El art\u00edculo tercero de los Estatutos es muy rico en contenido y muy propio de todo cristiano y en consonancia con lo que la Virgen pretendi\u00f3 con las aparicio\u00adnes a Santa Catalina: Fomentar la devo\u00adci\u00f3n a la Virgen Mar\u00eda. Fomentar es au\u00admentar la actividad o intensidad de la devoci\u00f3n, es decir, venerar; sentir, tener hacia la Virgen Mar\u00eda sentimientos de admiraci\u00f3n, de respeto y amor, particu\u00adlarmente rendir culto interior o exterior a la Virgen Mar\u00eda.<\/p>\n<p>En el mismo art\u00edculo se indican las razo\u00adnes de fomentar la devoci\u00f3n a la Virgen:<\/p>\n<ul>\n<li>Porque es la Madre de Dios.<\/li>\n<li>Porque fue concebida sin pecado origi\u00adnal.<\/li>\n<li>Porque es modelo de la Iglesia peregri\u00adna, como diciendo, que los fieles cris\u00adtianos, miembros de la Iglesia, siguen caminando hasta conseguir la plenitud de la gloria eterna. Mar\u00eda peregrin\u00f3 mientras vivi\u00f3 hasta el momento de su glorificaci\u00f3n. En este sentido, Mar\u00eda es modelo de la Iglesia y de todos sus miembros que caminan hacia la meta final, donde sentir\u00e1n el gozo de la glo\u00adria eterna. (PABLO VI, El culto maria\u00adno, n. 37)<\/li>\n<\/ul>\n<p>Los miembros de la Asociaci\u00f3n deben te\u00adner clara conciencia que todo lo que di\u00adcen y hacen, como tales, tiene, como \u00fani\u00adca referencia, la gloria y alabanza de Je\u00ad. s\u00fas. La devoci\u00f3n a la Virgen Mar\u00eda no tie\u00adne sentido si no va referida a un mayor conocimiento, amor e imitaci\u00f3n de Jesucristo. Dios Padre adorn\u00f3 a la Virgen de tan hermosas prerrogativas, as\u00ed tambi\u00e9n todos los amantes de la Virgen no pue\u00adden apartar sus ojos del que es el \u00fanico Salvador y Redentor del mundo, Jesucris\u00adto nuestro Se\u00f1or, nacido de una mujer, para liberarnos, seg\u00fan san Pablo, del pe\u00adcado y recibir la adopci\u00f3n divina. (G\u00e1la\u00adtas 4, 5)<\/p>\n<h2><strong>La Medalla Milagrosa, modelo de santificaci\u00f3n y de apostolado.<\/strong> (Art\u00edcu\u00adlo 4)<\/h2>\n<p>La verdadera historia del cristiano es la historia de su santidad y la historia de su compromiso con los dem\u00e1s, es decir, su apostolado. Una de las ideas \u00abma\u00addres\u00bb del Concilio Vaticano II, es la lla\u00admada a la santidad de todos los bauti\u00adzados que ser\u00e1n, mediante su vida san\u00adta, la historia de la Iglesia: En la Iglesia, todos, est\u00e1n llamados a la santidad, se\u00adg\u00fan aquello del Ap\u00f3stol: Esta es la vo\u00adluntad de Dios, vuestra santificaci\u00f3n. Esta santidad de la Iglesia se manifiesta y debe expresarse en los frutos de gra\u00adcia que el Esp\u00edritu Santo produce en los fieles. Aparece de manera multiforme en cada uno de los que, con edificaci\u00f3n de los dem\u00e1s, se acercan a la perfec\u00adci\u00f3n de la caridad en su propio g\u00e9nero de vida&#8230; (VATICANO II, Constituci\u00f3n sobre la Iglesia, n. 39). El canon 210 re\u00adcoge muy bien las ense\u00f1anzas y direc\u00adtrices de la Iglesia desde su origen has\u00adta hoy: Todos los fieles deben esforzar\u00adse, seg\u00fan su propia condici\u00f3n, por lle\u00advar una vida santa, as\u00ed como incrementa, la Iglesia y promover su continua santificaci\u00f3n.<\/p>\n<p>La santidad tiene como elemento negati\u00advo la ausencia de todo pecado que la Medalla Milagrosa nos presenta en la Inscripci\u00f3n de anverso: \u00a1Oh Mar\u00eda sin pe\u00adcado concebida&#8230; !. En su aspecto positi\u00advo, la santidad consiste en la uni\u00f3n en to\u00addo a la voluntad de Dios. Esta uni\u00f3n pro\u00adduce la caridad, que nos incita a orar, a sufrir por amor de Dios y la capacidad de luchar incesantemente contra que es pe\u00adcado. Saber amar, orar, sufrir, combatir al Recado es el secreto de la santidad.<\/p>\n<p>En la Medalla descubrimos el amor mutuo de Jes\u00fas y de Mar\u00eda. En el re\u00adverso de la misma se muestra los dos corazones, el de Jes\u00fas y el de Mar\u00eda.<\/p>\n<p>La Medalla nos invita a orar. En ella, no solamente tenemos la breve jacula\u00adtoria de \u00ab\u00a1Oh Mar\u00eda sin pecado conce\u00adbida, rogad por nosotros que recurri\u00admos a Vos!\u00bb, sino que la historia de la Medalla recuerda la actitud orante de Mar\u00eda, cuando ofrece al Padre y pide por el mundo entero y por cada uno de nosotros.<\/p>\n<p>Nos invita a aceptar el dolor, la enfer\u00admedad, lo que nos es adverso, para testimoniar mediante el dolor nuestro amor. La Medalla nos incita a sufrir mostr\u00e1ndonos los dos corazones su\u00adfrientes. El de Jes\u00fas y el de Mar\u00eda. El uno coronado de espinas y el otro atravesado por una espada.<\/p>\n<p>En fin, la Medalla nos incita a comba\u00adtir el mal representado por la serpiente. Mar\u00eda pisa con su pie la cabeza de la serpiente.<\/p>\n<h2><strong>S\u00f3lida formaci\u00f3n cristiana y mariana <\/strong>(Art\u00edculo 5)<\/h2>\n<p>Ser\u00eda un error, considerar a la Asociaci\u00f3n de la Medalla Milagrosa s\u00f3lo como ex\u00adpresi\u00f3n de la devoci\u00f3n a la Virgen, si no se la considera como medio de apostola\u00addo. El Concilio Vaticano dice que la Vir\u00adgen que ya asunta al cielo, sigue cuidan\u00addo de los hermanos de su Hijo que pere\u00adgrinos se hallan en peligros y angustias hasta que sean conducidos a la patria bienaventurada. Por eso Mar\u00eda es invoca\u00adda como Abogada, Auxiliadora, Socorro y Mediadora (VATICANO II, Constituci\u00f3n sobre la Iglesia, n. 39) t\u00edtulo este que, sin duda, hace referencia a la Medalla Mila\u00adgrosa, cuyo significado principal es el de Mediadora de todas las gracias.<\/p>\n<p>Para llevar a cabo el variado apostolado que inspira la Medalla Milagrosa, hay que tener una s\u00f3lida formaci\u00f3n cristiana en general y en algunos temas de mane\u00adra especial. El n\u00famero quinto de los Esta\u00adtutos se\u00f1ala otro fin de la Asociaci\u00f3n de la Medalla Milagrosa: La formaci\u00f3n cris\u00adtiana de sus miembros para propagar la doctrina de la Iglesia en el ambiente fa\u00admiliar y social, buscando el deber e imi\u00adtando a Mar\u00eda como modelo de vida cris\u00adtiana.<\/p>\n<p>Hay que dar raz\u00f3n de nuestra esperanza dijo san Pedro (1 Pedro 3, 15). Los miem\u00adbros de la Asociaci\u00f3n deben dar respuesta convincente a los muchos problemas que plantea el mundo de hoy.<\/p>\n<p>El Congreso Mariano Nacional aprob\u00f3 la siguiente proposici\u00f3n: Dentro de una sociedad de cambios, r\u00e1pidos y profun\u00addos, las Celadoras de la Asociaci\u00f3n as\u00ed como los miembros de la misma deben comprometerse a la formaci\u00f3n perma\u00adnente y sistem\u00e1tica para la promoci\u00f3n y el servicio en el mundo de la caridad, de la cultura, y de la justicia y as\u00ed reivindi\u00adcar la dignidad de la persona humana, imagen de Dios y sacramento de Jes\u00fas, intentando de este modo proyectar nuestra fe bautismal.<\/p>\n<p>La formaci\u00f3n de los miembros de la Aso\u00adciaci\u00f3n de la Medalla Milagrosa abarca distintos campos:<\/p>\n<p>El campo espiritual para crecer en la vida teologal. Para conseguir la forma\u00adci\u00f3n espiritual viva se requiere seguir el ritmo espiritual de la Iglesia y, si hay oportunidad para ello, la lectura de li\u00adbros que versen sobre temas espiritua\u00adles y la meditaci\u00f3n continua y honda de la Palabra de Dios.<\/p>\n<p>El campo doctrinal de la Iglesia. La la\u00adbor doctrinal de la Iglesia en general y de las particulares es inmensa. El Papa, las Congregaciones romanas, las Con\u00adferencias episcopales procuran de me\u00addios suficientes para que los fieles cris\u00adtianos est\u00e9n al d\u00eda y bien informados sobre las cuestiones que ata\u00f1en a la Iglesia y al mundo en su cariz teol\u00f3gi\u00adco y moral. La Congregaci\u00f3n romana para la doctrina y la fe dec\u00eda: Para que los laicos puedan realizar activamente la noble tarea de hacer reconocer y es\u00adtimar los valores humanos y cristianos, no bastan las exhortaciones, sino que es necesario ofrecerles la debida for\u00admaci\u00f3n de la conciencia social, espe\u00adcialmente la doctrina social de la Igle\u00adsia, la cual contiene principios de refle\u00adxi\u00f3n, criterios de juicio y directrices pr\u00e1cticas. (CONGREGACI\u00d3N PARA LA DOCTRINA DE LA FE; Instrucci\u00f3n sobre la libertad cristiana y la liberaci\u00f3n. n. 72)<\/p>\n<h2><strong>Espiritualidad Vicenciana <\/strong>(Art\u00edculo 6)<\/h2>\n<p>La nota o cualidad vicenciana de la Aso\u00adciaci\u00f3n obliga a \u00e9sta a formarse en el ca\u00adrisma vicenciano que tiene, a mi modo de ver, dos vertientes y que, seg\u00fan el ca\u00adp\u00edtulo sexto debe lograr alcanzar todo miembro de la Asociaci\u00f3n de la Medalla Milagrosa:<\/p>\n<ul>\n<li>la del esp\u00edritu<\/li>\n<li>y la del apostolado<\/li>\n<\/ul>\n<p>La espiritualidad que san Vicente ofre\u00adce a sus seguidores consiste en la reve\u00adrencia y adoraci\u00f3n del Padre, ser imita\u00addores de Jesucristo y d\u00f3ciles al Esp\u00edritu Santo. Esta visi\u00f3n teol\u00f3gico de la Sant\u00edsima Trinidad lleva consigo tres virtu\u00addes fundamentales: la sencillez o amor a la verdad; la humildad o dependencia de Dios y la caridad con variables ros\u00adtros: la compasi\u00f3n, la misericordia y la eficacia.<\/p>\n<p>Por lo que se refiere a la vertiente apos\u00adt\u00f3lica, la predilecci\u00f3n por los pobres, sa\u00adcramento de Cristo, su evangelizaci\u00f3n y servicio. La misi\u00f3n de todo Vicenciano es plasmar, no s\u00f3lo la figura del buen Samaritano, sino tambi\u00e9n lo que el mis\u00admo Jes\u00fas manifest\u00f3 como los hechos que indicaban que el Salvador hab\u00eda ya llegado (Lc. 4, 18-19; 11, 4; Mt. 11, 4) o en la proclamaci\u00f3n de las Bienaventu\u00adranzas (Mt. 5, 3-12) o en los criterios con los que juzgar\u00e1 Dios a las naciones (Mt. 25, 34-46).<\/p>\n<p>El n\u00famero de pobres, seg\u00fan los informes, es cada d\u00eda creciente. La pobreza va ad\u00adquiriendo mil rostros nuevos. El II Con\u00adgreso Mariano Nacional dedujo esta con\u00adclusi\u00f3n a que la mayor\u00eda de las limosnas, de las donaciones que puede recibir, se\u00adr\u00e1n canalizadas para paliar las carencias de los necesitados que genera esta socie\u00addad sin distinci\u00f3n de raza, sexo, ideolo\u00adg\u00eda o religi\u00f3n, as\u00ed como en su promoci\u00f3n. (II CONGRESO MARIANO NACIONAL, P\u00e1g. 229)<\/p>\n<p>La Asociaci\u00f3n de la Medalla Milagrosa pertenece a la gran Familia Vicenciana y no puede hablarse de Familia Vicencia\u00adna sin tener presente el carisma Vicen\u00adciano de evangelizaci\u00f3n y de servicio a los pobres.<\/p>\n<h2>Lee, reflexiona comparte<\/h2>\n<ul>\n<li>\u00bfPuedes probarte a ti mismo que fomentas la devoci\u00f3n a la Virgen Mar\u00eda? Analiza lo que haces en este sentido o lo que puedes hacer.<\/li>\n<li>\u00bfTe ha preocupado tu propia salvaci\u00f3n? \u00bfC\u00f3mo entiendes la santidad en la situaci\u00f3n en la que te encuentras o en los trabajos que llevas a cabo?<\/li>\n<li>Las publicaciones: libros, revistas y las informaciones que recibimos llenan nuestra cabeza de ideas, de teor\u00edas sobre varios campos: la Iglesia y la sociedad \u00bfsabes situarte anta tanta informaci\u00f3n cristianamente? \u00bfSabes discernir entre lo bueno cristianamente y lo malo?<\/li>\n<li>\u00bfQu\u00e9 virtudes de la Virgen consideras m\u00e1s importantes para tu modo y forma de vivir como persona humana y cristiana?<\/li>\n<li>Casi seguro que estas enterado de las pobrezas que existen en el mundo y m\u00e1s en concreto donde tu habitas y trabajas. \u00bfPuedes contar en tu haber obras de caridad? \u00bfTe conmueve la presencia de un pobre?<\/li>\n<\/ul>\n","protected":false},"excerpt":{"rendered":"<p>Fieles a la planificaci\u00f3n hecha por el Di\u00adrector Nacional con la finalidad de cono\u00adcer mejor la naturaleza y fines de la Aso\u00adciaci\u00f3n, toca ahora el que hablemos de los fines que se derivan del ser &#8230; <a href=\"https:\/\/vincentians.com\/es\/fines-de-la-asociacion-de-la-medalla-milagrosa\/\" class=\"more-link\">Read More<\/a><\/p>\n","protected":false},"author":4,"featured_media":140922,"comment_status":"open","ping_status":"open","sticky":false,"template":"","format":"standard","meta":{"jetpack_post_was_ever_published":false,"_jetpack_newsletter_access":"","_jetpack_dont_email_post_to_subs":false,"_jetpack_newsletter_tier_id":0,"_jetpack_memberships_contains_paywalled_content":false,"_jetpack_memberships_contains_paid_content":false,"footnotes":"","jetpack_publicize_message":"","jetpack_publicize_feature_enabled":true,"jetpack_social_post_already_shared":true,"jetpack_social_options":{"image_generator_settings":{"template":"highway","default_image_id":0,"font":"","enabled":false},"version":2}},"categories":[380,8],"tags":[172],"class_list":["post-53243","post","type-post","status-publish","format-standard","has-post-thumbnail","hentry","category-asociacion-de-la-medalla-milagrosa","category-virgen-maria","tag-pobreza"],"yoast_head":"<!-- This site is optimized with the Yoast SEO plugin v26.3 - https:\/\/yoast.com\/wordpress\/plugins\/seo\/ -->\n<title>Fines de la Asociaci\u00f3n de la Medalla Milagrosa - Somos Vicencianos<\/title>\n<meta name=\"robots\" content=\"index, follow, max-snippet:-1, max-image-preview:large, max-video-preview:-1\" \/>\n<link rel=\"canonical\" href=\"https:\/\/vincentians.com\/es\/fines-de-la-asociacion-de-la-medalla-milagrosa\/\" \/>\n<meta property=\"og:locale\" content=\"es_ES\" \/>\n<meta property=\"og:type\" content=\"article\" \/>\n<meta property=\"og:title\" content=\"Fines de la Asociaci\u00f3n de la Medalla Milagrosa - Somos Vicencianos\" \/>\n<meta property=\"og:description\" content=\"Fieles a la planificaci\u00f3n hecha por el Di\u00adrector Nacional con la finalidad de cono\u00adcer mejor la naturaleza y fines de la Aso\u00adciaci\u00f3n, toca ahora el que hablemos de los fines que se derivan del ser ... Read More\" \/>\n<meta property=\"og:url\" content=\"https:\/\/vincentians.com\/es\/fines-de-la-asociacion-de-la-medalla-milagrosa\/\" \/>\n<meta property=\"og:site_name\" content=\"Somos Vicencianos\" \/>\n<meta property=\"article:publisher\" content=\"https:\/\/www.facebook.com\/WeAreVincentians\/\" \/>\n<meta property=\"article:author\" content=\"https:\/\/www.facebook.com\/JavierChento\" \/>\n<meta property=\"article:published_time\" content=\"2015-02-26T03:54:37+00:00\" \/>\n<meta property=\"article:modified_time\" content=\"2016-07-26T15:29:04+00:00\" \/>\n<meta name=\"author\" content=\"Francisco Javier Fern\u00e1ndez Chento\" \/>\n<meta name=\"twitter:card\" content=\"summary_large_image\" \/>\n<meta name=\"twitter:creator\" content=\"@https:\/\/twitter.com\/javierchento\" \/>\n<meta name=\"twitter:site\" content=\"@WeVincentians\" \/>\n<meta name=\"twitter:label1\" content=\"Escrito por\" \/>\n\t<meta name=\"twitter:data1\" content=\"Francisco Javier Fern\u00e1ndez Chento\" \/>\n\t<meta name=\"twitter:label2\" content=\"Tiempo de lectura\" \/>\n\t<meta name=\"twitter:data2\" content=\"10 minutos\" \/>\n<script type=\"application\/ld+json\" class=\"yoast-schema-graph\">{\"@context\":\"https:\/\/schema.org\",\"@graph\":[{\"@type\":\"Article\",\"@id\":\"https:\/\/vincentians.com\/es\/fines-de-la-asociacion-de-la-medalla-milagrosa\/#article\",\"isPartOf\":{\"@id\":\"https:\/\/vincentians.com\/es\/fines-de-la-asociacion-de-la-medalla-milagrosa\/\"},\"author\":{\"name\":\"Francisco Javier Fern\u00e1ndez Chento\",\"@id\":\"http:\/\/vincentians.com\/es\/#\/schema\/person\/9623ef4d9aa3b2dfb8c061f1499288f2\"},\"headline\":\"Fines de la Asociaci\u00f3n de la Medalla Milagrosa\",\"datePublished\":\"2015-02-26T03:54:37+00:00\",\"dateModified\":\"2016-07-26T15:29:04+00:00\",\"mainEntityOfPage\":{\"@id\":\"https:\/\/vincentians.com\/es\/fines-de-la-asociacion-de-la-medalla-milagrosa\/\"},\"wordCount\":2027,\"commentCount\":0,\"publisher\":{\"@id\":\"http:\/\/vincentians.com\/es\/#organization\"},\"image\":{\"@id\":\"https:\/\/vincentians.com\/es\/fines-de-la-asociacion-de-la-medalla-milagrosa\/#primaryimage\"},\"thumbnailUrl\":\"\",\"keywords\":[\"Pobreza\"],\"articleSection\":[\"Asociaci\u00f3n de la Medalla Milagrosa\",\"Virgen Mar\u00eda\"],\"inLanguage\":\"es\",\"potentialAction\":[{\"@type\":\"CommentAction\",\"name\":\"Comment\",\"target\":[\"https:\/\/vincentians.com\/es\/fines-de-la-asociacion-de-la-medalla-milagrosa\/#respond\"]}]},{\"@type\":\"WebPage\",\"@id\":\"https:\/\/vincentians.com\/es\/fines-de-la-asociacion-de-la-medalla-milagrosa\/\",\"url\":\"https:\/\/vincentians.com\/es\/fines-de-la-asociacion-de-la-medalla-milagrosa\/\",\"name\":\"Fines de la Asociaci\u00f3n de la Medalla Milagrosa - Somos Vicencianos\",\"isPartOf\":{\"@id\":\"http:\/\/vincentians.com\/es\/#website\"},\"primaryImageOfPage\":{\"@id\":\"https:\/\/vincentians.com\/es\/fines-de-la-asociacion-de-la-medalla-milagrosa\/#primaryimage\"},\"image\":{\"@id\":\"https:\/\/vincentians.com\/es\/fines-de-la-asociacion-de-la-medalla-milagrosa\/#primaryimage\"},\"thumbnailUrl\":\"\",\"datePublished\":\"2015-02-26T03:54:37+00:00\",\"dateModified\":\"2016-07-26T15:29:04+00:00\",\"breadcrumb\":{\"@id\":\"https:\/\/vincentians.com\/es\/fines-de-la-asociacion-de-la-medalla-milagrosa\/#breadcrumb\"},\"inLanguage\":\"es\",\"potentialAction\":[{\"@type\":\"ReadAction\",\"target\":[\"https:\/\/vincentians.com\/es\/fines-de-la-asociacion-de-la-medalla-milagrosa\/\"]}]},{\"@type\":\"ImageObject\",\"inLanguage\":\"es\",\"@id\":\"https:\/\/vincentians.com\/es\/fines-de-la-asociacion-de-la-medalla-milagrosa\/#primaryimage\",\"url\":\"\",\"contentUrl\":\"\"},{\"@type\":\"BreadcrumbList\",\"@id\":\"https:\/\/vincentians.com\/es\/fines-de-la-asociacion-de-la-medalla-milagrosa\/#breadcrumb\",\"itemListElement\":[{\"@type\":\"ListItem\",\"position\":1,\"name\":\"Portada\",\"item\":\"http:\/\/vincentians.com\/es\/\"},{\"@type\":\"ListItem\",\"position\":2,\"name\":\"Fines de la Asociaci\u00f3n de la Medalla Milagrosa\"}]},{\"@type\":\"WebSite\",\"@id\":\"http:\/\/vincentians.com\/es\/#website\",\"url\":\"http:\/\/vincentians.com\/es\/\",\"name\":\"Somos Vicencianos\",\"description\":\"Know more to serve more\",\"publisher\":{\"@id\":\"http:\/\/vincentians.com\/es\/#organization\"},\"potentialAction\":[{\"@type\":\"SearchAction\",\"target\":{\"@type\":\"EntryPoint\",\"urlTemplate\":\"http:\/\/vincentians.com\/es\/?s={search_term_string}\"},\"query-input\":{\"@type\":\"PropertyValueSpecification\",\"valueRequired\":true,\"valueName\":\"search_term_string\"}}],\"inLanguage\":\"es\"},{\"@type\":\"Organization\",\"@id\":\"http:\/\/vincentians.com\/es\/#organization\",\"name\":\"The Vincentian Network\",\"url\":\"http:\/\/vincentians.com\/es\/\",\"logo\":{\"@type\":\"ImageObject\",\"inLanguage\":\"es\",\"@id\":\"http:\/\/vincentians.com\/es\/#\/schema\/logo\/image\/\",\"url\":\"https:\/\/i1.wp.com\/vincentians.com\/es\/wp-content\/uploads\/sites\/11\/2016\/06\/Vincentian-Network-logo-big.png?fit=778%2C778\",\"contentUrl\":\"https:\/\/i1.wp.com\/vincentians.com\/es\/wp-content\/uploads\/sites\/11\/2016\/06\/Vincentian-Network-logo-big.png?fit=778%2C778\",\"width\":778,\"height\":778,\"caption\":\"The Vincentian Network\"},\"image\":{\"@id\":\"http:\/\/vincentians.com\/es\/#\/schema\/logo\/image\/\"},\"sameAs\":[\"https:\/\/www.facebook.com\/WeAreVincentians\/\",\"https:\/\/x.com\/WeVincentians\"]},{\"@type\":\"Person\",\"@id\":\"http:\/\/vincentians.com\/es\/#\/schema\/person\/9623ef4d9aa3b2dfb8c061f1499288f2\",\"name\":\"Francisco Javier Fern\u00e1ndez Chento\",\"image\":{\"@type\":\"ImageObject\",\"inLanguage\":\"es\",\"@id\":\"http:\/\/vincentians.com\/es\/#\/schema\/person\/image\/\",\"url\":\"https:\/\/secure.gravatar.com\/avatar\/497d5cde87b4c3d097d0315953521681ba2cd523ee66e5077c3711f7021e65de?s=96&d=mm&r=g\",\"contentUrl\":\"https:\/\/secure.gravatar.com\/avatar\/497d5cde87b4c3d097d0315953521681ba2cd523ee66e5077c3711f7021e65de?s=96&d=mm&r=g\",\"caption\":\"Francisco Javier Fern\u00e1ndez Chento\"},\"description\":\"Director General y cofundador de La Red de Formaci\u00f3n Vicenciana. Javier es laico vicenciano, afiliado a la Congregaci\u00f3n de la Misi\u00f3n y miembro del Equipo de Misiones Populares de la provincia can\u00f3nica de Zaragoza (Espa\u00f1a) de la Congregaci\u00f3n de la Misi\u00f3n. Graduado en la Universidad Oberta de Catalunya con cuatro grados (Asistente de direcci\u00f3n, Gesti\u00f3n Administrativa, Recursos Humanos y Contabilidad Avanzada). Bil\u00edng\u00fce Espa\u00f1ol\/Ingl\u00e9s. gestiona y mantiene varias p\u00e1ginas web cristianas y vicencianas, incluida including La Red de Formaci\u00f3n Vicenciana, de la que es cofundador. Actualmente es responsable del \u00e1rea de Espa\u00f1ol de .famvin, la Red de Noticias de la Familia Vicenciana. Tambi\u00e9n es m\u00fasico cat\u00f3lico y ha editado varios discos. Es Director General y cofundador de Trovador, una reconocida compa\u00f1\u00eda discogr\u00e1fica critiana de Espa\u00f1a. Trabaja en las Tecnolog\u00edas de la Informaci\u00f3n, ofreciendo servicios de alojamiento, dise\u00f1o y mantenimiento Web, as\u00ed como asesoramiento, formaci\u00f3n y soluciones inform\u00e1ticas, gesti\u00f3n documental y digitalizaci\u00f3n de textos, edici\u00f3n y maquetaci\u00f3n de libros, revistas, flyers, etc.\",\"sameAs\":[\"http:\/\/chento.org\",\"https:\/\/www.facebook.com\/JavierChento\",\"https:\/\/x.com\/https:\/\/twitter.com\/javierchento\"],\"url\":\"https:\/\/vincentians.com\/es\/author\/chento\/\"}]}<\/script>\n<!-- \/ Yoast SEO plugin. -->","yoast_head_json":{"title":"Fines de la Asociaci\u00f3n de la Medalla Milagrosa - Somos Vicencianos","robots":{"index":"index","follow":"follow","max-snippet":"max-snippet:-1","max-image-preview":"max-image-preview:large","max-video-preview":"max-video-preview:-1"},"canonical":"https:\/\/vincentians.com\/es\/fines-de-la-asociacion-de-la-medalla-milagrosa\/","og_locale":"es_ES","og_type":"article","og_title":"Fines de la Asociaci\u00f3n de la Medalla Milagrosa - Somos Vicencianos","og_description":"Fieles a la planificaci\u00f3n hecha por el Di\u00adrector Nacional con la finalidad de cono\u00adcer mejor la naturaleza y fines de la Aso\u00adciaci\u00f3n, toca ahora el que hablemos de los fines que se derivan del ser ... Read More","og_url":"https:\/\/vincentians.com\/es\/fines-de-la-asociacion-de-la-medalla-milagrosa\/","og_site_name":"Somos Vicencianos","article_publisher":"https:\/\/www.facebook.com\/WeAreVincentians\/","article_author":"https:\/\/www.facebook.com\/JavierChento","article_published_time":"2015-02-26T03:54:37+00:00","article_modified_time":"2016-07-26T15:29:04+00:00","author":"Francisco Javier Fern\u00e1ndez Chento","twitter_card":"summary_large_image","twitter_creator":"@https:\/\/twitter.com\/javierchento","twitter_site":"@WeVincentians","twitter_misc":{"Escrito por":"Francisco Javier Fern\u00e1ndez Chento","Tiempo de lectura":"10 minutos"},"schema":{"@context":"https:\/\/schema.org","@graph":[{"@type":"Article","@id":"https:\/\/vincentians.com\/es\/fines-de-la-asociacion-de-la-medalla-milagrosa\/#article","isPartOf":{"@id":"https:\/\/vincentians.com\/es\/fines-de-la-asociacion-de-la-medalla-milagrosa\/"},"author":{"name":"Francisco Javier Fern\u00e1ndez Chento","@id":"http:\/\/vincentians.com\/es\/#\/schema\/person\/9623ef4d9aa3b2dfb8c061f1499288f2"},"headline":"Fines de la Asociaci\u00f3n de la Medalla Milagrosa","datePublished":"2015-02-26T03:54:37+00:00","dateModified":"2016-07-26T15:29:04+00:00","mainEntityOfPage":{"@id":"https:\/\/vincentians.com\/es\/fines-de-la-asociacion-de-la-medalla-milagrosa\/"},"wordCount":2027,"commentCount":0,"publisher":{"@id":"http:\/\/vincentians.com\/es\/#organization"},"image":{"@id":"https:\/\/vincentians.com\/es\/fines-de-la-asociacion-de-la-medalla-milagrosa\/#primaryimage"},"thumbnailUrl":"","keywords":["Pobreza"],"articleSection":["Asociaci\u00f3n de la Medalla Milagrosa","Virgen Mar\u00eda"],"inLanguage":"es","potentialAction":[{"@type":"CommentAction","name":"Comment","target":["https:\/\/vincentians.com\/es\/fines-de-la-asociacion-de-la-medalla-milagrosa\/#respond"]}]},{"@type":"WebPage","@id":"https:\/\/vincentians.com\/es\/fines-de-la-asociacion-de-la-medalla-milagrosa\/","url":"https:\/\/vincentians.com\/es\/fines-de-la-asociacion-de-la-medalla-milagrosa\/","name":"Fines de la Asociaci\u00f3n de la Medalla Milagrosa - Somos Vicencianos","isPartOf":{"@id":"http:\/\/vincentians.com\/es\/#website"},"primaryImageOfPage":{"@id":"https:\/\/vincentians.com\/es\/fines-de-la-asociacion-de-la-medalla-milagrosa\/#primaryimage"},"image":{"@id":"https:\/\/vincentians.com\/es\/fines-de-la-asociacion-de-la-medalla-milagrosa\/#primaryimage"},"thumbnailUrl":"","datePublished":"2015-02-26T03:54:37+00:00","dateModified":"2016-07-26T15:29:04+00:00","breadcrumb":{"@id":"https:\/\/vincentians.com\/es\/fines-de-la-asociacion-de-la-medalla-milagrosa\/#breadcrumb"},"inLanguage":"es","potentialAction":[{"@type":"ReadAction","target":["https:\/\/vincentians.com\/es\/fines-de-la-asociacion-de-la-medalla-milagrosa\/"]}]},{"@type":"ImageObject","inLanguage":"es","@id":"https:\/\/vincentians.com\/es\/fines-de-la-asociacion-de-la-medalla-milagrosa\/#primaryimage","url":"","contentUrl":""},{"@type":"BreadcrumbList","@id":"https:\/\/vincentians.com\/es\/fines-de-la-asociacion-de-la-medalla-milagrosa\/#breadcrumb","itemListElement":[{"@type":"ListItem","position":1,"name":"Portada","item":"http:\/\/vincentians.com\/es\/"},{"@type":"ListItem","position":2,"name":"Fines de la Asociaci\u00f3n de la Medalla Milagrosa"}]},{"@type":"WebSite","@id":"http:\/\/vincentians.com\/es\/#website","url":"http:\/\/vincentians.com\/es\/","name":"Somos Vicencianos","description":"Know more to serve more","publisher":{"@id":"http:\/\/vincentians.com\/es\/#organization"},"potentialAction":[{"@type":"SearchAction","target":{"@type":"EntryPoint","urlTemplate":"http:\/\/vincentians.com\/es\/?s={search_term_string}"},"query-input":{"@type":"PropertyValueSpecification","valueRequired":true,"valueName":"search_term_string"}}],"inLanguage":"es"},{"@type":"Organization","@id":"http:\/\/vincentians.com\/es\/#organization","name":"The Vincentian Network","url":"http:\/\/vincentians.com\/es\/","logo":{"@type":"ImageObject","inLanguage":"es","@id":"http:\/\/vincentians.com\/es\/#\/schema\/logo\/image\/","url":"https:\/\/i1.wp.com\/vincentians.com\/es\/wp-content\/uploads\/sites\/11\/2016\/06\/Vincentian-Network-logo-big.png?fit=778%2C778","contentUrl":"https:\/\/i1.wp.com\/vincentians.com\/es\/wp-content\/uploads\/sites\/11\/2016\/06\/Vincentian-Network-logo-big.png?fit=778%2C778","width":778,"height":778,"caption":"The Vincentian Network"},"image":{"@id":"http:\/\/vincentians.com\/es\/#\/schema\/logo\/image\/"},"sameAs":["https:\/\/www.facebook.com\/WeAreVincentians\/","https:\/\/x.com\/WeVincentians"]},{"@type":"Person","@id":"http:\/\/vincentians.com\/es\/#\/schema\/person\/9623ef4d9aa3b2dfb8c061f1499288f2","name":"Francisco Javier Fern\u00e1ndez Chento","image":{"@type":"ImageObject","inLanguage":"es","@id":"http:\/\/vincentians.com\/es\/#\/schema\/person\/image\/","url":"https:\/\/secure.gravatar.com\/avatar\/497d5cde87b4c3d097d0315953521681ba2cd523ee66e5077c3711f7021e65de?s=96&d=mm&r=g","contentUrl":"https:\/\/secure.gravatar.com\/avatar\/497d5cde87b4c3d097d0315953521681ba2cd523ee66e5077c3711f7021e65de?s=96&d=mm&r=g","caption":"Francisco Javier Fern\u00e1ndez Chento"},"description":"Director General y cofundador de La Red de Formaci\u00f3n Vicenciana. Javier es laico vicenciano, afiliado a la Congregaci\u00f3n de la Misi\u00f3n y miembro del Equipo de Misiones Populares de la provincia can\u00f3nica de Zaragoza (Espa\u00f1a) de la Congregaci\u00f3n de la Misi\u00f3n. Graduado en la Universidad Oberta de Catalunya con cuatro grados (Asistente de direcci\u00f3n, Gesti\u00f3n Administrativa, Recursos Humanos y Contabilidad Avanzada). Bil\u00edng\u00fce Espa\u00f1ol\/Ingl\u00e9s. gestiona y mantiene varias p\u00e1ginas web cristianas y vicencianas, incluida including La Red de Formaci\u00f3n Vicenciana, de la que es cofundador. Actualmente es responsable del \u00e1rea de Espa\u00f1ol de .famvin, la Red de Noticias de la Familia Vicenciana. Tambi\u00e9n es m\u00fasico cat\u00f3lico y ha editado varios discos. Es Director General y cofundador de Trovador, una reconocida compa\u00f1\u00eda discogr\u00e1fica critiana de Espa\u00f1a. Trabaja en las Tecnolog\u00edas de la Informaci\u00f3n, ofreciendo servicios de alojamiento, dise\u00f1o y mantenimiento Web, as\u00ed como asesoramiento, formaci\u00f3n y soluciones inform\u00e1ticas, gesti\u00f3n documental y digitalizaci\u00f3n de textos, edici\u00f3n y maquetaci\u00f3n de libros, revistas, flyers, etc.","sameAs":["http:\/\/chento.org","https:\/\/www.facebook.com\/JavierChento","https:\/\/x.com\/https:\/\/twitter.com\/javierchento"],"url":"https:\/\/vincentians.com\/es\/author\/chento\/"}]}},"jetpack_publicize_connections":[],"jetpack_featured_media_url":"","jetpack_sharing_enabled":true,"jetpack_shortlink":"https:\/\/wp.me\/p7ETMF-dQL","jetpack-related-posts":[{"id":53238,"url":"https:\/\/vincentians.com\/es\/la-medalla-milagrosa-memorial-vivo-y-perpetuo-de-las-apariciones-a-santa-catalina\/","url_meta":{"origin":53243,"position":0},"title":"La Medalla Milagrosa, memorial vivo y perpetuo de las apariciones a Santa Catalina","author":"Francisco Javier Fern\u00e1ndez Chento","date":"17\/11\/2019","format":false,"excerpt":"Con muy buen acuerdo los responsables de la Asociaci\u00f3n han decidido estudiar durante el a\u00f1o 2001 los Estatutos de la Asociaci\u00f3n como uno de los temas de formaci\u00f3n con la finalidad de conocer bien qui\u00e9nes somos como Asociaci\u00f3n, qu\u00e9 pretendemos y c\u00f3mo nos gobernamos entendiendo por gobernar saber condu\u00adcir a\u2026","rel":"","context":"En \u00abAsociaci\u00f3n de la Medalla Milagrosa\u00bb","block_context":{"text":"Asociaci\u00f3n de la Medalla Milagrosa","link":"https:\/\/vincentians.com\/es\/category\/la-familia-vicenciana\/ramas\/asociacion-de-la-medalla-milagrosa\/"},"img":{"alt_text":"","src":"https:\/\/i0.wp.com\/vincentians.com\/es\/wp-content\/uploads\/sites\/11\/2013\/11\/La-milagrosa.jpg?fit=620%2C310&ssl=1&resize=350%2C200","width":350,"height":200,"srcset":"https:\/\/i0.wp.com\/vincentians.com\/es\/wp-content\/uploads\/sites\/11\/2013\/11\/La-milagrosa.jpg?fit=620%2C310&ssl=1&resize=350%2C200 1x, https:\/\/i0.wp.com\/vincentians.com\/es\/wp-content\/uploads\/sites\/11\/2013\/11\/La-milagrosa.jpg?fit=620%2C310&ssl=1&resize=525%2C300 1.5x"},"classes":[]},{"id":53251,"url":"https:\/\/vincentians.com\/es\/vida-espiritual-de-la-asociacion-de-la-medalla-milagrosa\/","url_meta":{"origin":53243,"position":1},"title":"Vida espiritual de la Asociaci\u00f3n de la Medalla Milagrosa","author":"Francisco Javier Fern\u00e1ndez Chento","date":"27\/11\/2018","format":false,"excerpt":"Decir esp\u00edritu es decir principio de vida espiritual, lazo de uni\u00f3n entre los miembros de un grupo, norma que gu\u00eda la actividad de la persona, signo y garant\u00eda de autenticidad de que se act\u00faa conforme a los fines de la Asociaci\u00f3n, es un estilo de vivir el sinton\u00eda con valores\u2026","rel":"","context":"En \u00abAsociaci\u00f3n de la Medalla Milagrosa\u00bb","block_context":{"text":"Asociaci\u00f3n de la Medalla Milagrosa","link":"https:\/\/vincentians.com\/es\/category\/la-familia-vicenciana\/ramas\/asociacion-de-la-medalla-milagrosa\/"},"img":{"alt_text":"","src":"https:\/\/i0.wp.com\/vincentians.com\/es\/wp-content\/uploads\/sites\/11\/2011\/11\/HIjas-Caridad.jpg?fit=1200%2C600&ssl=1&resize=350%2C200","width":350,"height":200,"srcset":"https:\/\/i0.wp.com\/vincentians.com\/es\/wp-content\/uploads\/sites\/11\/2011\/11\/HIjas-Caridad.jpg?fit=1200%2C600&ssl=1&resize=350%2C200 1x, https:\/\/i0.wp.com\/vincentians.com\/es\/wp-content\/uploads\/sites\/11\/2011\/11\/HIjas-Caridad.jpg?fit=1200%2C600&ssl=1&resize=525%2C300 1.5x, https:\/\/i0.wp.com\/vincentians.com\/es\/wp-content\/uploads\/sites\/11\/2011\/11\/HIjas-Caridad.jpg?fit=1200%2C600&ssl=1&resize=700%2C400 2x, https:\/\/i0.wp.com\/vincentians.com\/es\/wp-content\/uploads\/sites\/11\/2011\/11\/HIjas-Caridad.jpg?fit=1200%2C600&ssl=1&resize=1050%2C600 3x"},"classes":[]},{"id":115218,"url":"https:\/\/vincentians.com\/es\/carta-de-gregory-gay-superior-general-de-la-c-m-con-motivo-de-la-fiesta-de-la-medalla-milagrosa-2012\/","url_meta":{"origin":53243,"position":2},"title":"Carta de Gregory Gay, Superior General de la C.M., con motivo de la fiesta de la Medalla Milagrosa 2012","author":"Francisco Javier Fern\u00e1ndez Chento","date":"26\/11\/2012","format":false,"excerpt":"Llamada a la Familia Vicenciana a una mayor devoci\u00f3n a Nuestra Se\u00f1ora de la Medalla Milagrosa. \u00a1La gracia de Nuestro Se\u00f1or Jesucristo est\u00e9 siempre con nosotros! Me da mucha alegr\u00eda dirigirme a Ustedes especialmente en este mes en el que celebramos, dentro del A\u00f1o de la Fe, a la Virgen\u2026","rel":"","context":"En \u00abVirgen Mar\u00eda\u00bb","block_context":{"text":"Virgen Mar\u00eda","link":"https:\/\/vincentians.com\/es\/category\/espiritualidad\/virgen-maria\/"},"img":{"alt_text":"P. Gregory Gay, C.M.","src":"https:\/\/i0.wp.com\/vicencianos.org\/wp-content\/2009\/12\/gregory_felicita_la_navidad11-300x300.jpg?resize=350%2C200","width":350,"height":200},"classes":[]},{"id":14546,"url":"https:\/\/vincentians.com\/es\/caridad-y-mision-en-la-experiencia-de-la-asociacion-de-la-medalla-milagrosa-audio\/","url_meta":{"origin":53243,"position":3},"title":"Caridad y Misi\u00f3n en la experiencia de la Asociaci\u00f3n de la Medalla Milagrosa (audio)","author":"Francisco Javier Fern\u00e1ndez Chento","date":"17\/09\/2023","format":false,"excerpt":"Presentan el panel: Mar\u00eda Angeles Esteban, vocal nacional y representante de la Asociaci\u00f3n de la Medalla Milagrosa de la Coordinadora Nacional de Familia Vicenciana. Mar\u00eda Antonia Egea Garc\u00eda, secretaria nacional de AMM. Presentan el pasado, presente y futuro de AMM. Es una Asociaci\u00f3n de fieles, p\u00fablica, de la Iglesia Cat\u00f3lica,\u2026","rel":"","context":"En \u00abAsociaci\u00f3n de la Medalla Milagrosa\u00bb","block_context":{"text":"Asociaci\u00f3n de la Medalla Milagrosa","link":"https:\/\/vincentians.com\/es\/category\/la-familia-vicenciana\/ramas\/asociacion-de-la-medalla-milagrosa\/"},"img":{"alt_text":"","src":"https:\/\/i0.wp.com\/vincentians.com\/es\/wp-content\/uploads\/sites\/11\/2013\/04\/f-8-scaled.jpg?fit=1200%2C570&ssl=1&resize=350%2C200","width":350,"height":200,"srcset":"https:\/\/i0.wp.com\/vincentians.com\/es\/wp-content\/uploads\/sites\/11\/2013\/04\/f-8-scaled.jpg?fit=1200%2C570&ssl=1&resize=350%2C200 1x, https:\/\/i0.wp.com\/vincentians.com\/es\/wp-content\/uploads\/sites\/11\/2013\/04\/f-8-scaled.jpg?fit=1200%2C570&ssl=1&resize=525%2C300 1.5x, https:\/\/i0.wp.com\/vincentians.com\/es\/wp-content\/uploads\/sites\/11\/2013\/04\/f-8-scaled.jpg?fit=1200%2C570&ssl=1&resize=700%2C400 2x, https:\/\/i0.wp.com\/vincentians.com\/es\/wp-content\/uploads\/sites\/11\/2013\/04\/f-8-scaled.jpg?fit=1200%2C570&ssl=1&resize=1050%2C600 3x"},"classes":[]},{"id":115978,"url":"https:\/\/vincentians.com\/es\/familia-vicenciana-y-medalla-milagrosa\/","url_meta":{"origin":53243,"position":4},"title":"Familia Vicenciana y Medalla Milagrosa","author":"Francisco Javier Fern\u00e1ndez Chento","date":"27\/11\/2022","format":false,"excerpt":"Lo que ha sido este legado desde 1830 El testimonio de la Historia nos dice que, si bien la Virgen se aparece a Santa Catalina Labour\u00e9, \u00e9sta, cumpliendo los deseos manifestados por la Madre de Dios, permanece oculta, desconocida, en el silencio m\u00e1s incomprensible; un silencio que a veces se\u2026","rel":"","context":"En \u00abVirgen Mar\u00eda\u00bb","block_context":{"text":"Virgen Mar\u00eda","link":"https:\/\/vincentians.com\/es\/category\/espiritualidad\/virgen-maria\/"},"img":{"alt_text":"","src":"https:\/\/i0.wp.com\/vincentians.com\/es\/wp-content\/uploads\/sites\/11\/2016\/08\/hijas-caridad.jpg?fit=1200%2C630&ssl=1&resize=350%2C200","width":350,"height":200,"srcset":"https:\/\/i0.wp.com\/vincentians.com\/es\/wp-content\/uploads\/sites\/11\/2016\/08\/hijas-caridad.jpg?fit=1200%2C630&ssl=1&resize=350%2C200 1x, https:\/\/i0.wp.com\/vincentians.com\/es\/wp-content\/uploads\/sites\/11\/2016\/08\/hijas-caridad.jpg?fit=1200%2C630&ssl=1&resize=525%2C300 1.5x, https:\/\/i0.wp.com\/vincentians.com\/es\/wp-content\/uploads\/sites\/11\/2016\/08\/hijas-caridad.jpg?fit=1200%2C630&ssl=1&resize=700%2C400 2x, https:\/\/i0.wp.com\/vincentians.com\/es\/wp-content\/uploads\/sites\/11\/2016\/08\/hijas-caridad.jpg?fit=1200%2C630&ssl=1&resize=1050%2C600 3x"},"classes":[]},{"id":93271,"url":"https:\/\/vincentians.com\/es\/estatutos-generales-de-la-asociacion-medalla-milagrosa\/","url_meta":{"origin":53243,"position":5},"title":"Estatutos generales de la Asociaci\u00f3n Medalla Milagrosa","author":"Francisco Javier Fern\u00e1ndez Chento","date":"27\/11\/2018","format":false,"excerpt":"Roma, 31 de mayo de 2010 Fiesta de la Visitaci\u00f3n de la Virgen Mar\u00eda A todos los miembros de la Asociaci\u00f3n de la Medalla Milagrosa: \u00a1La gracia y la paz de Nuestro Se\u00f1or Jesucristo llenen sus corazones ahora y siempre! La Sant\u00edsima Virgen Mar\u00eda, en las apariciones a Santa Catalina\u2026","rel":"","context":"En \u00abDocumentos de la Asociaci\u00f3n de la Medalla Milagrosa\u00bb","block_context":{"text":"Documentos de la Asociaci\u00f3n de la Medalla Milagrosa","link":"https:\/\/vincentians.com\/es\/category\/formacion-vicenciana\/documentos-oficiales-de-la-familia-vicenciana\/documentos-de-la-asociacion-de-la-medalla-milagrosa\/"},"img":{"alt_text":"","src":"https:\/\/i0.wp.com\/vicencianos.org\/wp-content\/2010\/03\/amm.jpg?resize=350%2C200","width":350,"height":200},"classes":[]}],"_links":{"self":[{"href":"https:\/\/vincentians.com\/es\/wp-json\/wp\/v2\/posts\/53243","targetHints":{"allow":["GET"]}}],"collection":[{"href":"https:\/\/vincentians.com\/es\/wp-json\/wp\/v2\/posts"}],"about":[{"href":"https:\/\/vincentians.com\/es\/wp-json\/wp\/v2\/types\/post"}],"author":[{"embeddable":true,"href":"https:\/\/vincentians.com\/es\/wp-json\/wp\/v2\/users\/4"}],"replies":[{"embeddable":true,"href":"https:\/\/vincentians.com\/es\/wp-json\/wp\/v2\/comments?post=53243"}],"version-history":[{"count":0,"href":"https:\/\/vincentians.com\/es\/wp-json\/wp\/v2\/posts\/53243\/revisions"}],"wp:featuredmedia":[{"embeddable":true,"href":"https:\/\/vincentians.com\/es\/wp-json\/"}],"wp:attachment":[{"href":"https:\/\/vincentians.com\/es\/wp-json\/wp\/v2\/media?parent=53243"}],"wp:term":[{"taxonomy":"category","embeddable":true,"href":"https:\/\/vincentians.com\/es\/wp-json\/wp\/v2\/categories?post=53243"},{"taxonomy":"post_tag","embeddable":true,"href":"https:\/\/vincentians.com\/es\/wp-json\/wp\/v2\/tags?post=53243"}],"curies":[{"name":"wp","href":"https:\/\/api.w.org\/{rel}","templated":true}]}}