{"id":53238,"date":"2019-11-17T08:00:37","date_gmt":"2019-11-17T07:00:37","guid":{"rendered":"http:\/\/somos.vicencianos.org\/?p=53238"},"modified":"2019-09-09T10:01:09","modified_gmt":"2019-09-09T08:01:09","slug":"la-medalla-milagrosa-memorial-vivo-y-perpetuo-de-las-apariciones-a-santa-catalina","status":"publish","type":"post","link":"https:\/\/vincentians.com\/es\/la-medalla-milagrosa-memorial-vivo-y-perpetuo-de-las-apariciones-a-santa-catalina\/","title":{"rendered":"La Medalla Milagrosa, memorial vivo y perpetuo de las apariciones a Santa Catalina"},"content":{"rendered":"<p>Con muy buen acuerdo los responsables de la Asociaci\u00f3n han decidido estudiar durante el a\u00f1o 2001 los Estatutos de la Asociaci\u00f3n como uno de los temas de formaci\u00f3n con la finalidad de conocer bien qui\u00e9nes somos como Asociaci\u00f3n, qu\u00e9 pretendemos y c\u00f3mo nos gobernamos entendiendo por gobernar saber condu\u00adcir a la Asociaci\u00f3n y a sus miembros a las metas por la que fue constituida, por las que optaron a hacerse miembros de la Asociaci\u00f3n.<\/p>\n<p>Por Asociaci\u00f3n entendemos, en sentido amplio, cualquier grupo formado volun\u00adtariamente para conseguir finalidades determinadas, mediante una organizaci\u00f3n reconocida por la autoridad com\u00adpetente, como en el caso de la Asociaci\u00f3n de la Medalla Milagrosa es el Superior General de los Pa\u00fales y de las Hijas de la Caridad. En toda Asociaci\u00f3n hay ele\u00admentos esenciales, de tal manera que si fallan no ser\u00eda, propiamente hablando, una Asociaci\u00f3n, como son la finalidad, la existencia de miembros y el soporte organizativo.<\/p>\n<p>Los Estatutos que intentamos comentar son los que de una manera concreta de\u00adterminan las disposiciones que de una manera general se han establecido en las leyes generales de la Iglesia para las Asociaciones.<\/p>\n<p>Uno de los elementos esenciales de toda asociaci\u00f3n es que sus miembros sean cris\u00adtianos, que toman parte, a su modo de la funci\u00f3n sacerdotal, prof\u00e9tica y real de Cris\u00adto, cada uno seg\u00fan su propia condici\u00f3n. Todos est\u00e1n llamados a llevar a cabo la misi\u00f3n de la Iglesia que no es otra que ser continuadora de la misi\u00f3n salvadora de Cristo Jes\u00fas. Las asociaciones no se cre\u00adan si no es para realizar unos fines que sir\u00advan a la misi\u00f3n de la Iglesia. Con raz\u00f3n di\u00adjo el Concilio Vaticano II que si la devoci\u00f3n a la Virgen Mar\u00eda no nos hace m\u00e1s cris\u00adtianos, tal devoci\u00f3n es vana. <em>Toda devo\u00adci\u00f3n mariana tiende a que Jesucristo sea mejor conocido, amado y glorificado y que, a la vez sean mejor cumplidos los mandamientos <\/em>(LG. 66). Y en otro lugar, el mismo Concilio exhorta a que se <em>expli\u00adquen rectamente los oficios y privilegios de la Sant\u00edsima Virgen, que siempre tie\u00adnen como fin a Cristo, origen de toda ver\u00addad, santidad y piedad <\/em>(LG. 67). Y una \u00fal\u00adtima exhortaci\u00f3n es que los fieles tengamos en cuenta que <em>la verdadera de\u00advoci\u00f3n no consiste ni en un sentimiento est\u00e9ril y transitorio, ni en una vana cre\u00addulidad, sino que procede de la fe au\u00adt\u00e9ntica, que nos induce a reconocer la ex\u00adcelencia de la Madre de Dios, que nos impulsa a un amor filial hacia nuestra Ma\u00addre y a la imitaci\u00f3n de sus virtudes <\/em>(LG. 67).<\/p>\n<p>Teniendo muy presente lo anteriormen\u00adte expuesto, pasamos a estudiar los Es\u00adtatutos de la Asociaci\u00f3n porque, seg\u00fan lo establecido en las normas comunes de la Iglesia, no se admiten a ninguna aso\u00adciaci\u00f3n que no tengas sus normas particulares o Estatutos. Efectivamente, el ca\u00adnon 304 \u00a7 1 establece: <em>Todas las Asocia\u00adciones de fieles, tanto p\u00fablicas como pri\u00advadas, cualquiera que sea su nombre o t\u00edtulo, deben tener sus estatutos propios, en los que se determine el fin u objeti\u00advo social de la Asociaci\u00f3n, su sede, el go\u00adbierno y las condiciones que se requie\u00adren para formar parte de ellas y se se\u00f1ale tambi\u00e9n su modo de actuar, teniendo en cuenta la necesidad o conveniencia del tiempo y del lugar.<\/em><\/p>\n<h2><strong>Origen de la Asociaci\u00f3n de la Medalla Milagrosa<\/strong><\/h2>\n<p>La Asociaci\u00f3n se entronca en la Medalla Milagrosa. La devoci\u00f3n a la Medalla Mi\u00adlagrosa fue la raz\u00f3n de que, primero, en Polonia, los obispos, viendo que los fieles se reun\u00edan, no s\u00f3lo para honrar a la Vir\u00adgen de la Medalla Milagrosa y extender su devoci\u00f3n, sino para ejercer el aposto\u00adlado, pidieron a la Santa Sede que apro\u00adbara dichas reuniones a modo de Asocia\u00adci\u00f3n eclesial y la concediera numerosas indulgencias y privilegios. El Papa P\u00edo X respondi\u00f3 afirmativamente con un res\u00adcripto el 3 de Junio de 1905. (Circulaires del P. Fiat aux Missionaires, p\u00e1g. 764)<\/p>\n<p>Este hecho suscit\u00f3 la conciencia mariana del Superior General de los Padres Pa\u00fa\u00adles y de las Hijas de la Caridad y le pare\u00adci\u00f3 conveniente no mantenerse ajeno a este modo de honrar a la Virgen de la Medalla Milagrosa, por la sencilla raz\u00f3n de que todo se hab\u00eda originado dentro de la Comunidad de las Hijas de la Caridad en la que santa Catalina se estaba pre\u00adparando en el noviciado (seminario lo lla\u00adman ellas) para ser buena Hija de la Ca\u00adridad, servidora de Cristo en los pobres.<\/p>\n<p>La respuesta de P\u00edo X, con fecha del 16 de diciembre de 1908 tenia un todav\u00eda un sentido local. La respuesta del Papa al P. Fiat, el 8 de julio de 1909 fue, como se pidi\u00f3, es decir, que la Asociaci\u00f3n tuviera car\u00e1cter universal y adem\u00e1s que fuera una Asociaci\u00f3n organizada consideran\u00addo a la Medalla Milagrosa <em>como un me\u00admorial vivo y perpetuo de las aparicio\u00adnes de la Virgen a la sencilla y humilde novicia, Catalina Labour\u00e9. Dotando a lo Asociaci\u00f3n de los Estatutos oportunos <\/em>(Circulaires, o.c. p\u00e1g. 765), que han ido renov\u00e1ndose al correr de los tiempos, co\u00admo ha sucedido con los actuales apro\u00adbados por el Director General, P. R. Ma\u00adloney el 11 de diciembre de 1999.<\/p>\n<p>Para evitar la confusi\u00f3n que se podr\u00eda en\u00adgendrar con la Asociaci\u00f3n de las Hijas de Mar\u00eda (hoy Juventudes Marianas Vicen\u00adcianas), el P. Fiat se apresur\u00f3 a escribir el 12 de febrero de 1909, una circular a las Hijas de Mar\u00eda anunci\u00e1ndolas una gran noticia: <em>la creaci\u00f3n de una Asociaci\u00f3n de la que la Medalla ser\u00eda la insignia y que ser\u00eda llamada Asociaci\u00f3n de la Medalla Milagrosa. <\/em>Era la respuesta que san P\u00edo X dio al Superior General de la Congrega\u00adci\u00f3n de la Misi\u00f3n y de las Hijas de la Ca\u00adridad: <em>Nuestro querido hijo Fiat A.., nos ha informado que en muchas di\u00f3cesis del mundo cat\u00f3lico existe una piadosa Asociaci\u00f3n de la Medalla en honor de la In\u00admaculada Concepci\u00f3n, ordinariamente llamada Asociaci\u00f3n de la Medalla Mila\u00adgrosa (<\/em>Circulaires, o.c. p\u00e1g. 765).<\/p>\n<h2><strong>Naturaleza de la Asociaci\u00f3n<\/strong> (Cap\u00edtulo 1\u00b0, Art. 1\u00b0)<\/h2>\n<p>El estudio atento de los Estatutos ac\u00adtuales, actualizaci\u00f3n de los aprobados por san P\u00edo X, nos permiten conocer la raz\u00f3n de la Asociaci\u00f3n, los fines que pre\u00adtende, su organizaci\u00f3n y el esp\u00edritu que la debe animar, las condiciones requeri\u00addas para ser miembro de la Asociaci\u00f3n, la exhortaci\u00f3n a celebrar lo mejor posi\u00adble la fiesta lit\u00fargica de la Milagrosa el 27 de noviembre o en otras fecha que relacionada con la Medalla resulte m\u00e1s oportuno. Los Estatutos dan base para llevar a cabo otra pr\u00e1cticas en honor de la Virgen o de apostolado misionero y de servicio a los pobres, personal o aso\u00adciativamente.<\/p>\n<p>El primer cap\u00edtulo de los Estatutos des\u00adcribe la naturaleza eclesial de la Asocia\u00adci\u00f3n. Expone los elementos esenciales:<\/p>\n<ul>\n<li>Es una Asociaci\u00f3n a la que pueden per\u00adtenecer toda clase de fieles con tal de que <em>no rechacen p\u00fablicamente la fe o se apartara de la comuni\u00f3n eclesi\u00e1sti\u00adca, o se encuentren incursos en una ex\u00adcomuni\u00f3n impuesta o declarada. <\/em>(ca\u00adnon 316 \u00a7 1)<\/li>\n<li>Es una Asociaci\u00f3n \u00abp\u00fablica\u00bb. El t\u00e9rmino \u00abpublico\u00bb es un t\u00e9rmino t\u00e9cnico en el Derecho eclesial y definido en el canon 301 \u00a7 3: <em>Las Asociaciones de fieles erigidas por la autoridad ecle\u00adsi\u00e1stica competente se llaman Asocia\u00adciones \u00abp\u00fablicas\u00bb. <\/em>El que sea Asociaci\u00f3n p\u00fablica, lleva consigo el que est\u00e1 obli\u00adgada a las normas eclesiales dadas para las Asociaciones en general (c\u00e1nones 298\u00ad311) y las propias de las Asociaciones \u00abp\u00fablicas\u00bb (c\u00e1nones 312-320; 327-329). La palabra \u00abp\u00fablica\u00bb no se toma aqu\u00ed en un sentido general como una cosa vista por todos y conocida por todos.<\/li>\n<li>La aprobaci\u00f3n pontificia por la que la Asociaci\u00f3n toma, no s\u00f3lo el car\u00e1cter ecle\u00adsial en el aspecto jur\u00eddico, sino que el Papa la inserta en el misi\u00f3n santificado\u00adra de la Iglesia y la hace un medio mo\u00addesto y humilde de ser continuadora de la misi\u00f3n de Cristo. El Concilio Vaticano II ense\u00f1a <em>que la funci\u00f3n maternal de Ma\u00adr\u00eda, despu\u00e9s del consentimiento de la Anunciaci\u00f3n no tiene ya fin&#8230; Virgen y Madre, Mar\u00eda es figura de la Iglesia y, despu\u00e9s de haber dado a luz a su pri\u00admog\u00e9nito cooper\u00f3 a la regeneraci\u00f3n a los innumerables hermanos de Cristo, esto es, de los fieles <\/em>(LG. 62-63). Debido a la \u00edntima y profunda relaci\u00f3n de Mar\u00eda con la Iglesia, la Asociaci\u00f3n de la Medalla lle\u00adva la nota de <strong>Eclesial.<\/strong><\/li>\n<li>Por raz\u00f3n de su origen, de su aproba\u00adci\u00f3n eclesial, su finalidad y contenido asume la nota de ser una Asociaci\u00f3n <strong>Mariana. <\/strong>Tampoco se trata \u00fanicamen\u00adte de una nota externa y social. Al ase\u00adgurar que la Asociaci\u00f3n es <strong>Mariana,<\/strong> compromete a sus miembros a profun\u00addizar no s\u00f3lo en la acci\u00f3n de Mar\u00eda en las personas que la honran y veneran, sino en ahondar en el designio de Dios de la misi\u00f3n de Mar\u00eda, escogida entre todas las mujeres para ser la Madre de Dios, el que Dios se haga hombre co\u00admo nosotros, sea nuestro redentor y nos abra las puertas de la salvaci\u00f3n eterna y desempe\u00f1ar otras funciones mater\u00adnales en los hombres, llamados todos a la felicidad que esperamos gozar al fin de nuestra peregrinaci\u00f3n en la tierra.<\/li>\n<li>La tercera nota que caracteriza a la Aso\u00adciaci\u00f3n es la de <strong>Vicenciana. <\/strong>Tambi\u00e9n en esta nota no ser\u00eda suficiente verla porque el origen de la Medalla surgi\u00f3 dentro de la Familia Vicenciana y han sido los hijos e hijas de san Vicente sus principales propagadores, ni porque hoy el Director General de la Asociaci\u00f3n sea el sucesor de san Vicente. El mejor le\u00adgado que ha dejado san Vicente es la visi\u00f3n de Cristo en los pobres , los pre\u00addilectos del Se\u00f1or. El que forma parte de la Asociaci\u00f3n debe meterse, desde su situaci\u00f3n en la din\u00e1mica de la espi\u00adritualidad vicenciana. La Virgen Mar\u00eda, Madre de Dios, Madre de misericordia y Madre de Esperanza de los pobres. Carecemos en el Evangelio de pasajes que nos pongan a Mar\u00eda cercana a los pobres. Ella, sin embargo se une a los prodigios de su Hijo dirigidos casi siempre a los pobres. El pueblo cristiano, la ha dado el titulo de Madre de la Mise\u00adricordia. Ella es la Madre de Misericor\u00addia atenta siempre a los ruegos de sus hijos. Ella es la Madre clemente, que habiendo experimentado la misericor\u00addia de Dios de una manera singular, pro\u00adyecta su misericordia sobres los hom\u00adbres necesitados; a los hambrientos colm\u00f3 de bienes y a los ricos les dej\u00f3 vac\u00edos. Juan Pablo II, en su enc\u00edclica \u00abRi\u00adco en misericordia\u00bb refiri\u00e9ndose a Je\u00adsucristo, afirma <em>que Mar\u00eda conoci\u00f3 la misericordia divina como nadie, de una manera singular y extraordinaria <\/em>(Rico en Misericordia, 9). No en vano la in\u00advocamos como refugio de los pecado\u00adres, consuelo de los afligidos y salud de los enfermos.<\/li>\n<\/ul>\n<h2><strong>Nombre de la Asociaci\u00f3n (<\/strong>Cap\u00edtulo 1\u00b0, Art. 2\u00b0)<\/h2>\n<p>Es obvio que cada Asociaci\u00f3n tenga un nombre o titulo que la identifique y dis\u00adtinga de las dem\u00e1s. Est\u00e1 plenamente jus\u00adtificada la nota puesta al final del capi\u00adtulo primero, articulo primero porque en un principio se llam\u00f3 Asociaci\u00f3n de la In\u00admaculada Concepci\u00f3n de la Sagrada Me\u00addalla o Asociaci\u00f3n de la Santa Medalla en honor de la Inmaculada Concepci\u00f3n. La traducci\u00f3n literal del articulo primero aprobado por su santidad reza as\u00ed: <em>\u00abLa Asociaci\u00f3n de la Sagrada Medalla en ho\u00adnor es como un monumento vivo y pe\u00adrenne de la aparici\u00f3n de la Inmaculada Virgen Mar\u00eda del a\u00f1o de 1830, cuya fies\u00adta anual se celebra el 27 de noviembre,<\/em> <em>y en la cual la Sant\u00edsima Virgen mostr\u00f3 el ejemplar de la Medalla que, difundi\u00adda luego por todo el mundo, es llamada por el pueblo milagrosa, a causa de los continuos prodigios que se creen divi\u00adnamente realizados por su mediaci\u00f3n\u00bb <\/em>(Circulaires, o.c., 965). La alusi\u00f3n del pri\u00admer nombre a la Inmaculada Concepci\u00f3n fue debido, como dice un historiador de las Asociaciones eclesiales Garc\u00eda A. , al ambiente inmaculista que existi\u00f3 en el siglo pasado acerca del dogma de la In\u00admaculada de la Virgen Mar\u00eda que, como sabemos, fue definido dogm\u00e1ticamente por el Papa, P\u00edo IX, hoy beato, el d\u00eda 8 de diciembre de 1854. Hoy, como dice la nota al articulo segundo, en algunas par\u00adtes todav\u00eda se la sigue llamando Asocia\u00adci\u00f3n de la Inmaculada Concepci\u00f3n, pero es m\u00e1s popular, al menos en Espa\u00f1a, lla\u00admarla Asociaci\u00f3n de la Medalla Milagrosa, siendo \u00e9ste el nombre oficial.<\/p>\n<h2>Lee, reflexiona y comparte<\/h2>\n<ol>\n<li>\u00bfTienes conciencia de que ser Igle\u00adsia es ser miembro vivo y compro\u00admetido con lo que la Iglesia es y con lo que la Iglesia hace?<\/li>\n<li>\u00bfC\u00f3mo es tu devoci\u00f3n a Mar\u00eda? \u00bfTra\u00adtas de imitarla en tu vida?<\/li>\n<li>\u00bfQu\u00e9 actitudes adoptas ante los po\u00adbres? Imitas al buen samaritano o pasas de largo ante ellos como el sacerdote y el levita de la Par\u00e1bola? (Lc 10, 29-38)<\/li>\n<\/ol>\n","protected":false},"excerpt":{"rendered":"<p>Con muy buen acuerdo los responsables de la Asociaci\u00f3n han decidido estudiar durante el a\u00f1o 2001 los Estatutos de la Asociaci\u00f3n como uno de los temas de formaci\u00f3n con la finalidad de conocer bien qui\u00e9nes &#8230; <a href=\"https:\/\/vincentians.com\/es\/la-medalla-milagrosa-memorial-vivo-y-perpetuo-de-las-apariciones-a-santa-catalina\/\" class=\"more-link\">Read More<\/a><\/p>\n","protected":false},"author":4,"featured_media":402651,"comment_status":"open","ping_status":"open","sticky":false,"template":"","format":"standard","meta":{"jetpack_post_was_ever_published":false,"_jetpack_newsletter_access":"","_jetpack_dont_email_post_to_subs":false,"_jetpack_newsletter_tier_id":0,"_jetpack_memberships_contains_paywalled_content":false,"_jetpack_memberships_contains_paid_content":false,"footnotes":"","jetpack_publicize_message":"","jetpack_publicize_feature_enabled":true,"jetpack_social_post_already_shared":true,"jetpack_social_options":{"image_generator_settings":{"template":"highway","default_image_id":0,"font":"","enabled":false},"version":2}},"categories":[380,8],"tags":[],"class_list":["post-53238","post","type-post","status-publish","format-standard","has-post-thumbnail","hentry","category-asociacion-de-la-medalla-milagrosa","category-virgen-maria"],"yoast_head":"<!-- This site is optimized with the Yoast SEO plugin v26.3 - https:\/\/yoast.com\/wordpress\/plugins\/seo\/ -->\n<title>La Medalla Milagrosa, memorial vivo y perpetuo de las apariciones a Santa Catalina - Somos Vicencianos<\/title>\n<meta name=\"robots\" content=\"index, follow, max-snippet:-1, max-image-preview:large, max-video-preview:-1\" \/>\n<link rel=\"canonical\" href=\"https:\/\/vincentians.com\/es\/la-medalla-milagrosa-memorial-vivo-y-perpetuo-de-las-apariciones-a-santa-catalina\/\" \/>\n<meta property=\"og:locale\" content=\"es_ES\" \/>\n<meta property=\"og:type\" content=\"article\" \/>\n<meta property=\"og:title\" content=\"La Medalla Milagrosa, memorial vivo y perpetuo de las apariciones a Santa Catalina - Somos Vicencianos\" \/>\n<meta property=\"og:description\" content=\"Con muy buen acuerdo los responsables de la Asociaci\u00f3n han decidido estudiar durante el a\u00f1o 2001 los Estatutos de la Asociaci\u00f3n como uno de los temas de formaci\u00f3n con la finalidad de conocer bien qui\u00e9nes ... Read More\" \/>\n<meta property=\"og:url\" content=\"https:\/\/vincentians.com\/es\/la-medalla-milagrosa-memorial-vivo-y-perpetuo-de-las-apariciones-a-santa-catalina\/\" \/>\n<meta property=\"og:site_name\" content=\"Somos Vicencianos\" \/>\n<meta property=\"article:publisher\" content=\"https:\/\/www.facebook.com\/WeAreVincentians\/\" \/>\n<meta property=\"article:author\" content=\"https:\/\/www.facebook.com\/JavierChento\" \/>\n<meta property=\"article:published_time\" content=\"2019-11-17T07:00:37+00:00\" \/>\n<meta property=\"og:image\" content=\"https:\/\/i0.wp.com\/vincentians.com\/es\/wp-content\/uploads\/sites\/11\/2013\/11\/La-milagrosa.jpg?fit=620%2C310&ssl=1\" \/>\n\t<meta property=\"og:image:width\" content=\"620\" \/>\n\t<meta property=\"og:image:height\" content=\"310\" \/>\n\t<meta property=\"og:image:type\" content=\"image\/jpeg\" \/>\n<meta name=\"author\" content=\"Francisco Javier Fern\u00e1ndez Chento\" \/>\n<meta name=\"twitter:card\" content=\"summary_large_image\" \/>\n<meta name=\"twitter:creator\" content=\"@https:\/\/twitter.com\/javierchento\" \/>\n<meta name=\"twitter:site\" content=\"@WeVincentians\" \/>\n<meta name=\"twitter:label1\" content=\"Escrito por\" \/>\n\t<meta name=\"twitter:data1\" content=\"Francisco Javier Fern\u00e1ndez Chento\" \/>\n\t<meta name=\"twitter:label2\" content=\"Tiempo de lectura\" \/>\n\t<meta name=\"twitter:data2\" content=\"12 minutos\" \/>\n<script type=\"application\/ld+json\" class=\"yoast-schema-graph\">{\"@context\":\"https:\/\/schema.org\",\"@graph\":[{\"@type\":\"Article\",\"@id\":\"https:\/\/vincentians.com\/es\/la-medalla-milagrosa-memorial-vivo-y-perpetuo-de-las-apariciones-a-santa-catalina\/#article\",\"isPartOf\":{\"@id\":\"https:\/\/vincentians.com\/es\/la-medalla-milagrosa-memorial-vivo-y-perpetuo-de-las-apariciones-a-santa-catalina\/\"},\"author\":{\"name\":\"Francisco Javier Fern\u00e1ndez Chento\",\"@id\":\"http:\/\/vincentians.com\/es\/#\/schema\/person\/9623ef4d9aa3b2dfb8c061f1499288f2\"},\"headline\":\"La Medalla Milagrosa, memorial vivo y perpetuo de las apariciones a Santa Catalina\",\"datePublished\":\"2019-11-17T07:00:37+00:00\",\"mainEntityOfPage\":{\"@id\":\"https:\/\/vincentians.com\/es\/la-medalla-milagrosa-memorial-vivo-y-perpetuo-de-las-apariciones-a-santa-catalina\/\"},\"wordCount\":2353,\"commentCount\":1,\"publisher\":{\"@id\":\"http:\/\/vincentians.com\/es\/#organization\"},\"image\":{\"@id\":\"https:\/\/vincentians.com\/es\/la-medalla-milagrosa-memorial-vivo-y-perpetuo-de-las-apariciones-a-santa-catalina\/#primaryimage\"},\"thumbnailUrl\":\"https:\/\/i0.wp.com\/vincentians.com\/es\/wp-content\/uploads\/sites\/11\/2013\/11\/La-milagrosa.jpg?fit=620%2C310&ssl=1\",\"articleSection\":[\"Asociaci\u00f3n de la Medalla Milagrosa\",\"Virgen Mar\u00eda\"],\"inLanguage\":\"es\",\"potentialAction\":[{\"@type\":\"CommentAction\",\"name\":\"Comment\",\"target\":[\"https:\/\/vincentians.com\/es\/la-medalla-milagrosa-memorial-vivo-y-perpetuo-de-las-apariciones-a-santa-catalina\/#respond\"]}]},{\"@type\":\"WebPage\",\"@id\":\"https:\/\/vincentians.com\/es\/la-medalla-milagrosa-memorial-vivo-y-perpetuo-de-las-apariciones-a-santa-catalina\/\",\"url\":\"https:\/\/vincentians.com\/es\/la-medalla-milagrosa-memorial-vivo-y-perpetuo-de-las-apariciones-a-santa-catalina\/\",\"name\":\"La Medalla Milagrosa, memorial vivo y perpetuo de las apariciones a Santa Catalina - Somos Vicencianos\",\"isPartOf\":{\"@id\":\"http:\/\/vincentians.com\/es\/#website\"},\"primaryImageOfPage\":{\"@id\":\"https:\/\/vincentians.com\/es\/la-medalla-milagrosa-memorial-vivo-y-perpetuo-de-las-apariciones-a-santa-catalina\/#primaryimage\"},\"image\":{\"@id\":\"https:\/\/vincentians.com\/es\/la-medalla-milagrosa-memorial-vivo-y-perpetuo-de-las-apariciones-a-santa-catalina\/#primaryimage\"},\"thumbnailUrl\":\"https:\/\/i0.wp.com\/vincentians.com\/es\/wp-content\/uploads\/sites\/11\/2013\/11\/La-milagrosa.jpg?fit=620%2C310&ssl=1\",\"datePublished\":\"2019-11-17T07:00:37+00:00\",\"breadcrumb\":{\"@id\":\"https:\/\/vincentians.com\/es\/la-medalla-milagrosa-memorial-vivo-y-perpetuo-de-las-apariciones-a-santa-catalina\/#breadcrumb\"},\"inLanguage\":\"es\",\"potentialAction\":[{\"@type\":\"ReadAction\",\"target\":[\"https:\/\/vincentians.com\/es\/la-medalla-milagrosa-memorial-vivo-y-perpetuo-de-las-apariciones-a-santa-catalina\/\"]}]},{\"@type\":\"ImageObject\",\"inLanguage\":\"es\",\"@id\":\"https:\/\/vincentians.com\/es\/la-medalla-milagrosa-memorial-vivo-y-perpetuo-de-las-apariciones-a-santa-catalina\/#primaryimage\",\"url\":\"https:\/\/i0.wp.com\/vincentians.com\/es\/wp-content\/uploads\/sites\/11\/2013\/11\/La-milagrosa.jpg?fit=620%2C310&ssl=1\",\"contentUrl\":\"https:\/\/i0.wp.com\/vincentians.com\/es\/wp-content\/uploads\/sites\/11\/2013\/11\/La-milagrosa.jpg?fit=620%2C310&ssl=1\",\"width\":620,\"height\":310},{\"@type\":\"BreadcrumbList\",\"@id\":\"https:\/\/vincentians.com\/es\/la-medalla-milagrosa-memorial-vivo-y-perpetuo-de-las-apariciones-a-santa-catalina\/#breadcrumb\",\"itemListElement\":[{\"@type\":\"ListItem\",\"position\":1,\"name\":\"Portada\",\"item\":\"http:\/\/vincentians.com\/es\/\"},{\"@type\":\"ListItem\",\"position\":2,\"name\":\"La Medalla Milagrosa, memorial vivo y perpetuo de las apariciones a Santa Catalina\"}]},{\"@type\":\"WebSite\",\"@id\":\"http:\/\/vincentians.com\/es\/#website\",\"url\":\"http:\/\/vincentians.com\/es\/\",\"name\":\"Somos Vicencianos\",\"description\":\"Know more to serve more\",\"publisher\":{\"@id\":\"http:\/\/vincentians.com\/es\/#organization\"},\"potentialAction\":[{\"@type\":\"SearchAction\",\"target\":{\"@type\":\"EntryPoint\",\"urlTemplate\":\"http:\/\/vincentians.com\/es\/?s={search_term_string}\"},\"query-input\":{\"@type\":\"PropertyValueSpecification\",\"valueRequired\":true,\"valueName\":\"search_term_string\"}}],\"inLanguage\":\"es\"},{\"@type\":\"Organization\",\"@id\":\"http:\/\/vincentians.com\/es\/#organization\",\"name\":\"The Vincentian Network\",\"url\":\"http:\/\/vincentians.com\/es\/\",\"logo\":{\"@type\":\"ImageObject\",\"inLanguage\":\"es\",\"@id\":\"http:\/\/vincentians.com\/es\/#\/schema\/logo\/image\/\",\"url\":\"https:\/\/i1.wp.com\/vincentians.com\/es\/wp-content\/uploads\/sites\/11\/2016\/06\/Vincentian-Network-logo-big.png?fit=778%2C778\",\"contentUrl\":\"https:\/\/i1.wp.com\/vincentians.com\/es\/wp-content\/uploads\/sites\/11\/2016\/06\/Vincentian-Network-logo-big.png?fit=778%2C778\",\"width\":778,\"height\":778,\"caption\":\"The Vincentian Network\"},\"image\":{\"@id\":\"http:\/\/vincentians.com\/es\/#\/schema\/logo\/image\/\"},\"sameAs\":[\"https:\/\/www.facebook.com\/WeAreVincentians\/\",\"https:\/\/x.com\/WeVincentians\"]},{\"@type\":\"Person\",\"@id\":\"http:\/\/vincentians.com\/es\/#\/schema\/person\/9623ef4d9aa3b2dfb8c061f1499288f2\",\"name\":\"Francisco Javier Fern\u00e1ndez Chento\",\"image\":{\"@type\":\"ImageObject\",\"inLanguage\":\"es\",\"@id\":\"http:\/\/vincentians.com\/es\/#\/schema\/person\/image\/\",\"url\":\"https:\/\/secure.gravatar.com\/avatar\/497d5cde87b4c3d097d0315953521681ba2cd523ee66e5077c3711f7021e65de?s=96&d=mm&r=g\",\"contentUrl\":\"https:\/\/secure.gravatar.com\/avatar\/497d5cde87b4c3d097d0315953521681ba2cd523ee66e5077c3711f7021e65de?s=96&d=mm&r=g\",\"caption\":\"Francisco Javier Fern\u00e1ndez Chento\"},\"description\":\"Director General y cofundador de La Red de Formaci\u00f3n Vicenciana. Javier es laico vicenciano, afiliado a la Congregaci\u00f3n de la Misi\u00f3n y miembro del Equipo de Misiones Populares de la provincia can\u00f3nica de Zaragoza (Espa\u00f1a) de la Congregaci\u00f3n de la Misi\u00f3n. Graduado en la Universidad Oberta de Catalunya con cuatro grados (Asistente de direcci\u00f3n, Gesti\u00f3n Administrativa, Recursos Humanos y Contabilidad Avanzada). Bil\u00edng\u00fce Espa\u00f1ol\/Ingl\u00e9s. gestiona y mantiene varias p\u00e1ginas web cristianas y vicencianas, incluida including La Red de Formaci\u00f3n Vicenciana, de la que es cofundador. Actualmente es responsable del \u00e1rea de Espa\u00f1ol de .famvin, la Red de Noticias de la Familia Vicenciana. Tambi\u00e9n es m\u00fasico cat\u00f3lico y ha editado varios discos. Es Director General y cofundador de Trovador, una reconocida compa\u00f1\u00eda discogr\u00e1fica critiana de Espa\u00f1a. Trabaja en las Tecnolog\u00edas de la Informaci\u00f3n, ofreciendo servicios de alojamiento, dise\u00f1o y mantenimiento Web, as\u00ed como asesoramiento, formaci\u00f3n y soluciones inform\u00e1ticas, gesti\u00f3n documental y digitalizaci\u00f3n de textos, edici\u00f3n y maquetaci\u00f3n de libros, revistas, flyers, etc.\",\"sameAs\":[\"http:\/\/chento.org\",\"https:\/\/www.facebook.com\/JavierChento\",\"https:\/\/x.com\/https:\/\/twitter.com\/javierchento\"],\"url\":\"https:\/\/vincentians.com\/es\/author\/chento\/\"}]}<\/script>\n<!-- \/ Yoast SEO plugin. -->","yoast_head_json":{"title":"La Medalla Milagrosa, memorial vivo y perpetuo de las apariciones a Santa Catalina - Somos Vicencianos","robots":{"index":"index","follow":"follow","max-snippet":"max-snippet:-1","max-image-preview":"max-image-preview:large","max-video-preview":"max-video-preview:-1"},"canonical":"https:\/\/vincentians.com\/es\/la-medalla-milagrosa-memorial-vivo-y-perpetuo-de-las-apariciones-a-santa-catalina\/","og_locale":"es_ES","og_type":"article","og_title":"La Medalla Milagrosa, memorial vivo y perpetuo de las apariciones a Santa Catalina - Somos Vicencianos","og_description":"Con muy buen acuerdo los responsables de la Asociaci\u00f3n han decidido estudiar durante el a\u00f1o 2001 los Estatutos de la Asociaci\u00f3n como uno de los temas de formaci\u00f3n con la finalidad de conocer bien qui\u00e9nes ... Read More","og_url":"https:\/\/vincentians.com\/es\/la-medalla-milagrosa-memorial-vivo-y-perpetuo-de-las-apariciones-a-santa-catalina\/","og_site_name":"Somos Vicencianos","article_publisher":"https:\/\/www.facebook.com\/WeAreVincentians\/","article_author":"https:\/\/www.facebook.com\/JavierChento","article_published_time":"2019-11-17T07:00:37+00:00","og_image":[{"width":620,"height":310,"url":"https:\/\/i0.wp.com\/vincentians.com\/es\/wp-content\/uploads\/sites\/11\/2013\/11\/La-milagrosa.jpg?fit=620%2C310&ssl=1","type":"image\/jpeg"}],"author":"Francisco Javier Fern\u00e1ndez Chento","twitter_card":"summary_large_image","twitter_creator":"@https:\/\/twitter.com\/javierchento","twitter_site":"@WeVincentians","twitter_misc":{"Escrito por":"Francisco Javier Fern\u00e1ndez Chento","Tiempo de lectura":"12 minutos"},"schema":{"@context":"https:\/\/schema.org","@graph":[{"@type":"Article","@id":"https:\/\/vincentians.com\/es\/la-medalla-milagrosa-memorial-vivo-y-perpetuo-de-las-apariciones-a-santa-catalina\/#article","isPartOf":{"@id":"https:\/\/vincentians.com\/es\/la-medalla-milagrosa-memorial-vivo-y-perpetuo-de-las-apariciones-a-santa-catalina\/"},"author":{"name":"Francisco Javier Fern\u00e1ndez Chento","@id":"http:\/\/vincentians.com\/es\/#\/schema\/person\/9623ef4d9aa3b2dfb8c061f1499288f2"},"headline":"La Medalla Milagrosa, memorial vivo y perpetuo de las apariciones a Santa Catalina","datePublished":"2019-11-17T07:00:37+00:00","mainEntityOfPage":{"@id":"https:\/\/vincentians.com\/es\/la-medalla-milagrosa-memorial-vivo-y-perpetuo-de-las-apariciones-a-santa-catalina\/"},"wordCount":2353,"commentCount":1,"publisher":{"@id":"http:\/\/vincentians.com\/es\/#organization"},"image":{"@id":"https:\/\/vincentians.com\/es\/la-medalla-milagrosa-memorial-vivo-y-perpetuo-de-las-apariciones-a-santa-catalina\/#primaryimage"},"thumbnailUrl":"https:\/\/i0.wp.com\/vincentians.com\/es\/wp-content\/uploads\/sites\/11\/2013\/11\/La-milagrosa.jpg?fit=620%2C310&ssl=1","articleSection":["Asociaci\u00f3n de la Medalla Milagrosa","Virgen Mar\u00eda"],"inLanguage":"es","potentialAction":[{"@type":"CommentAction","name":"Comment","target":["https:\/\/vincentians.com\/es\/la-medalla-milagrosa-memorial-vivo-y-perpetuo-de-las-apariciones-a-santa-catalina\/#respond"]}]},{"@type":"WebPage","@id":"https:\/\/vincentians.com\/es\/la-medalla-milagrosa-memorial-vivo-y-perpetuo-de-las-apariciones-a-santa-catalina\/","url":"https:\/\/vincentians.com\/es\/la-medalla-milagrosa-memorial-vivo-y-perpetuo-de-las-apariciones-a-santa-catalina\/","name":"La Medalla Milagrosa, memorial vivo y perpetuo de las apariciones a Santa Catalina - Somos Vicencianos","isPartOf":{"@id":"http:\/\/vincentians.com\/es\/#website"},"primaryImageOfPage":{"@id":"https:\/\/vincentians.com\/es\/la-medalla-milagrosa-memorial-vivo-y-perpetuo-de-las-apariciones-a-santa-catalina\/#primaryimage"},"image":{"@id":"https:\/\/vincentians.com\/es\/la-medalla-milagrosa-memorial-vivo-y-perpetuo-de-las-apariciones-a-santa-catalina\/#primaryimage"},"thumbnailUrl":"https:\/\/i0.wp.com\/vincentians.com\/es\/wp-content\/uploads\/sites\/11\/2013\/11\/La-milagrosa.jpg?fit=620%2C310&ssl=1","datePublished":"2019-11-17T07:00:37+00:00","breadcrumb":{"@id":"https:\/\/vincentians.com\/es\/la-medalla-milagrosa-memorial-vivo-y-perpetuo-de-las-apariciones-a-santa-catalina\/#breadcrumb"},"inLanguage":"es","potentialAction":[{"@type":"ReadAction","target":["https:\/\/vincentians.com\/es\/la-medalla-milagrosa-memorial-vivo-y-perpetuo-de-las-apariciones-a-santa-catalina\/"]}]},{"@type":"ImageObject","inLanguage":"es","@id":"https:\/\/vincentians.com\/es\/la-medalla-milagrosa-memorial-vivo-y-perpetuo-de-las-apariciones-a-santa-catalina\/#primaryimage","url":"https:\/\/i0.wp.com\/vincentians.com\/es\/wp-content\/uploads\/sites\/11\/2013\/11\/La-milagrosa.jpg?fit=620%2C310&ssl=1","contentUrl":"https:\/\/i0.wp.com\/vincentians.com\/es\/wp-content\/uploads\/sites\/11\/2013\/11\/La-milagrosa.jpg?fit=620%2C310&ssl=1","width":620,"height":310},{"@type":"BreadcrumbList","@id":"https:\/\/vincentians.com\/es\/la-medalla-milagrosa-memorial-vivo-y-perpetuo-de-las-apariciones-a-santa-catalina\/#breadcrumb","itemListElement":[{"@type":"ListItem","position":1,"name":"Portada","item":"http:\/\/vincentians.com\/es\/"},{"@type":"ListItem","position":2,"name":"La Medalla Milagrosa, memorial vivo y perpetuo de las apariciones a Santa Catalina"}]},{"@type":"WebSite","@id":"http:\/\/vincentians.com\/es\/#website","url":"http:\/\/vincentians.com\/es\/","name":"Somos Vicencianos","description":"Know more to serve more","publisher":{"@id":"http:\/\/vincentians.com\/es\/#organization"},"potentialAction":[{"@type":"SearchAction","target":{"@type":"EntryPoint","urlTemplate":"http:\/\/vincentians.com\/es\/?s={search_term_string}"},"query-input":{"@type":"PropertyValueSpecification","valueRequired":true,"valueName":"search_term_string"}}],"inLanguage":"es"},{"@type":"Organization","@id":"http:\/\/vincentians.com\/es\/#organization","name":"The Vincentian Network","url":"http:\/\/vincentians.com\/es\/","logo":{"@type":"ImageObject","inLanguage":"es","@id":"http:\/\/vincentians.com\/es\/#\/schema\/logo\/image\/","url":"https:\/\/i1.wp.com\/vincentians.com\/es\/wp-content\/uploads\/sites\/11\/2016\/06\/Vincentian-Network-logo-big.png?fit=778%2C778","contentUrl":"https:\/\/i1.wp.com\/vincentians.com\/es\/wp-content\/uploads\/sites\/11\/2016\/06\/Vincentian-Network-logo-big.png?fit=778%2C778","width":778,"height":778,"caption":"The Vincentian Network"},"image":{"@id":"http:\/\/vincentians.com\/es\/#\/schema\/logo\/image\/"},"sameAs":["https:\/\/www.facebook.com\/WeAreVincentians\/","https:\/\/x.com\/WeVincentians"]},{"@type":"Person","@id":"http:\/\/vincentians.com\/es\/#\/schema\/person\/9623ef4d9aa3b2dfb8c061f1499288f2","name":"Francisco Javier Fern\u00e1ndez Chento","image":{"@type":"ImageObject","inLanguage":"es","@id":"http:\/\/vincentians.com\/es\/#\/schema\/person\/image\/","url":"https:\/\/secure.gravatar.com\/avatar\/497d5cde87b4c3d097d0315953521681ba2cd523ee66e5077c3711f7021e65de?s=96&d=mm&r=g","contentUrl":"https:\/\/secure.gravatar.com\/avatar\/497d5cde87b4c3d097d0315953521681ba2cd523ee66e5077c3711f7021e65de?s=96&d=mm&r=g","caption":"Francisco Javier Fern\u00e1ndez Chento"},"description":"Director General y cofundador de La Red de Formaci\u00f3n Vicenciana. Javier es laico vicenciano, afiliado a la Congregaci\u00f3n de la Misi\u00f3n y miembro del Equipo de Misiones Populares de la provincia can\u00f3nica de Zaragoza (Espa\u00f1a) de la Congregaci\u00f3n de la Misi\u00f3n. Graduado en la Universidad Oberta de Catalunya con cuatro grados (Asistente de direcci\u00f3n, Gesti\u00f3n Administrativa, Recursos Humanos y Contabilidad Avanzada). Bil\u00edng\u00fce Espa\u00f1ol\/Ingl\u00e9s. gestiona y mantiene varias p\u00e1ginas web cristianas y vicencianas, incluida including La Red de Formaci\u00f3n Vicenciana, de la que es cofundador. Actualmente es responsable del \u00e1rea de Espa\u00f1ol de .famvin, la Red de Noticias de la Familia Vicenciana. Tambi\u00e9n es m\u00fasico cat\u00f3lico y ha editado varios discos. Es Director General y cofundador de Trovador, una reconocida compa\u00f1\u00eda discogr\u00e1fica critiana de Espa\u00f1a. Trabaja en las Tecnolog\u00edas de la Informaci\u00f3n, ofreciendo servicios de alojamiento, dise\u00f1o y mantenimiento Web, as\u00ed como asesoramiento, formaci\u00f3n y soluciones inform\u00e1ticas, gesti\u00f3n documental y digitalizaci\u00f3n de textos, edici\u00f3n y maquetaci\u00f3n de libros, revistas, flyers, etc.","sameAs":["http:\/\/chento.org","https:\/\/www.facebook.com\/JavierChento","https:\/\/x.com\/https:\/\/twitter.com\/javierchento"],"url":"https:\/\/vincentians.com\/es\/author\/chento\/"}]}},"jetpack_publicize_connections":[],"jetpack_featured_media_url":"https:\/\/i0.wp.com\/vincentians.com\/es\/wp-content\/uploads\/sites\/11\/2013\/11\/La-milagrosa.jpg?fit=620%2C310&ssl=1","jetpack_sharing_enabled":true,"jetpack_shortlink":"https:\/\/wp.me\/p7ETMF-dQG","jetpack-related-posts":[{"id":134037,"url":"https:\/\/vincentians.com\/es\/primera-asamblea-general-de-la-asociacion-de-la-medalla-milagrosa\/","url_meta":{"origin":53238,"position":0},"title":"Primera Asamblea General de la Asociaci\u00f3n de la Medalla Milagrosa","author":"Francisco Javier Fern\u00e1ndez Chento","date":"28\/12\/2014","format":false,"excerpt":"Fruto de tres Encuentros o Congresos Internacionales (2001-2009), que dieron a la Asociaci\u00f3n de la Medalla Milagrosa (AMM) unos Estatutos operativos y una organizaci\u00f3n internacional, ha sido esta 1\u00aa Asamblea General, celebrada en la Casa Mar\u00eda Inmacolata, via Ezio, Roma, y en el mes de La Milagrosa: del 3 al\u2026","rel":"","context":"En \u00abAsociaci\u00f3n de la Medalla Milagrosa\u00bb","block_context":{"text":"Asociaci\u00f3n de la Medalla Milagrosa","link":"https:\/\/vincentians.com\/es\/category\/la-familia-vicenciana\/ramas\/asociacion-de-la-medalla-milagrosa\/"},"img":{"alt_text":"asamblea_amm_1","src":"https:\/\/i0.wp.com\/vicencianos.org\/wp-content\/2014\/12\/asamblea_amm_1-300x200.jpg?resize=350%2C200","width":350,"height":200},"classes":[]},{"id":115218,"url":"https:\/\/vincentians.com\/es\/carta-de-gregory-gay-superior-general-de-la-c-m-con-motivo-de-la-fiesta-de-la-medalla-milagrosa-2012\/","url_meta":{"origin":53238,"position":1},"title":"Carta de Gregory Gay, Superior General de la C.M., con motivo de la fiesta de la Medalla Milagrosa 2012","author":"Francisco Javier Fern\u00e1ndez Chento","date":"26\/11\/2012","format":false,"excerpt":"Llamada a la Familia Vicenciana a una mayor devoci\u00f3n a Nuestra Se\u00f1ora de la Medalla Milagrosa. \u00a1La gracia de Nuestro Se\u00f1or Jesucristo est\u00e9 siempre con nosotros! Me da mucha alegr\u00eda dirigirme a Ustedes especialmente en este mes en el que celebramos, dentro del A\u00f1o de la Fe, a la Virgen\u2026","rel":"","context":"En \u00abVirgen Mar\u00eda\u00bb","block_context":{"text":"Virgen Mar\u00eda","link":"https:\/\/vincentians.com\/es\/category\/espiritualidad\/virgen-maria\/"},"img":{"alt_text":"P. Gregory Gay, C.M.","src":"https:\/\/i0.wp.com\/vicencianos.org\/wp-content\/2009\/12\/gregory_felicita_la_navidad11-300x300.jpg?resize=350%2C200","width":350,"height":200},"classes":[]},{"id":115978,"url":"https:\/\/vincentians.com\/es\/familia-vicenciana-y-medalla-milagrosa\/","url_meta":{"origin":53238,"position":2},"title":"Familia Vicenciana y Medalla Milagrosa","author":"Francisco Javier Fern\u00e1ndez Chento","date":"27\/11\/2022","format":false,"excerpt":"Lo que ha sido este legado desde 1830 El testimonio de la Historia nos dice que, si bien la Virgen se aparece a Santa Catalina Labour\u00e9, \u00e9sta, cumpliendo los deseos manifestados por la Madre de Dios, permanece oculta, desconocida, en el silencio m\u00e1s incomprensible; un silencio que a veces se\u2026","rel":"","context":"En \u00abVirgen Mar\u00eda\u00bb","block_context":{"text":"Virgen Mar\u00eda","link":"https:\/\/vincentians.com\/es\/category\/espiritualidad\/virgen-maria\/"},"img":{"alt_text":"","src":"https:\/\/i0.wp.com\/vincentians.com\/es\/wp-content\/uploads\/sites\/11\/2016\/08\/hijas-caridad.jpg?fit=1200%2C630&ssl=1&resize=350%2C200","width":350,"height":200,"srcset":"https:\/\/i0.wp.com\/vincentians.com\/es\/wp-content\/uploads\/sites\/11\/2016\/08\/hijas-caridad.jpg?fit=1200%2C630&ssl=1&resize=350%2C200 1x, https:\/\/i0.wp.com\/vincentians.com\/es\/wp-content\/uploads\/sites\/11\/2016\/08\/hijas-caridad.jpg?fit=1200%2C630&ssl=1&resize=525%2C300 1.5x, https:\/\/i0.wp.com\/vincentians.com\/es\/wp-content\/uploads\/sites\/11\/2016\/08\/hijas-caridad.jpg?fit=1200%2C630&ssl=1&resize=700%2C400 2x, https:\/\/i0.wp.com\/vincentians.com\/es\/wp-content\/uploads\/sites\/11\/2016\/08\/hijas-caridad.jpg?fit=1200%2C630&ssl=1&resize=1050%2C600 3x"},"classes":[]},{"id":53251,"url":"https:\/\/vincentians.com\/es\/vida-espiritual-de-la-asociacion-de-la-medalla-milagrosa\/","url_meta":{"origin":53238,"position":3},"title":"Vida espiritual de la Asociaci\u00f3n de la Medalla Milagrosa","author":"Francisco Javier Fern\u00e1ndez Chento","date":"27\/11\/2018","format":false,"excerpt":"Decir esp\u00edritu es decir principio de vida espiritual, lazo de uni\u00f3n entre los miembros de un grupo, norma que gu\u00eda la actividad de la persona, signo y garant\u00eda de autenticidad de que se act\u00faa conforme a los fines de la Asociaci\u00f3n, es un estilo de vivir el sinton\u00eda con valores\u2026","rel":"","context":"En \u00abAsociaci\u00f3n de la Medalla Milagrosa\u00bb","block_context":{"text":"Asociaci\u00f3n de la Medalla Milagrosa","link":"https:\/\/vincentians.com\/es\/category\/la-familia-vicenciana\/ramas\/asociacion-de-la-medalla-milagrosa\/"},"img":{"alt_text":"","src":"https:\/\/i0.wp.com\/vincentians.com\/es\/wp-content\/uploads\/sites\/11\/2011\/11\/HIjas-Caridad.jpg?fit=1200%2C600&ssl=1&resize=350%2C200","width":350,"height":200,"srcset":"https:\/\/i0.wp.com\/vincentians.com\/es\/wp-content\/uploads\/sites\/11\/2011\/11\/HIjas-Caridad.jpg?fit=1200%2C600&ssl=1&resize=350%2C200 1x, https:\/\/i0.wp.com\/vincentians.com\/es\/wp-content\/uploads\/sites\/11\/2011\/11\/HIjas-Caridad.jpg?fit=1200%2C600&ssl=1&resize=525%2C300 1.5x, https:\/\/i0.wp.com\/vincentians.com\/es\/wp-content\/uploads\/sites\/11\/2011\/11\/HIjas-Caridad.jpg?fit=1200%2C600&ssl=1&resize=700%2C400 2x, https:\/\/i0.wp.com\/vincentians.com\/es\/wp-content\/uploads\/sites\/11\/2011\/11\/HIjas-Caridad.jpg?fit=1200%2C600&ssl=1&resize=1050%2C600 3x"},"classes":[]},{"id":14546,"url":"https:\/\/vincentians.com\/es\/caridad-y-mision-en-la-experiencia-de-la-asociacion-de-la-medalla-milagrosa-audio\/","url_meta":{"origin":53238,"position":4},"title":"Caridad y Misi\u00f3n en la experiencia de la Asociaci\u00f3n de la Medalla Milagrosa (audio)","author":"Francisco Javier Fern\u00e1ndez Chento","date":"17\/09\/2023","format":false,"excerpt":"Presentan el panel: Mar\u00eda Angeles Esteban, vocal nacional y representante de la Asociaci\u00f3n de la Medalla Milagrosa de la Coordinadora Nacional de Familia Vicenciana. Mar\u00eda Antonia Egea Garc\u00eda, secretaria nacional de AMM. Presentan el pasado, presente y futuro de AMM. Es una Asociaci\u00f3n de fieles, p\u00fablica, de la Iglesia Cat\u00f3lica,\u2026","rel":"","context":"En \u00abAsociaci\u00f3n de la Medalla Milagrosa\u00bb","block_context":{"text":"Asociaci\u00f3n de la Medalla Milagrosa","link":"https:\/\/vincentians.com\/es\/category\/la-familia-vicenciana\/ramas\/asociacion-de-la-medalla-milagrosa\/"},"img":{"alt_text":"","src":"https:\/\/i0.wp.com\/vincentians.com\/es\/wp-content\/uploads\/sites\/11\/2013\/04\/f-8-scaled.jpg?fit=1200%2C570&ssl=1&resize=350%2C200","width":350,"height":200,"srcset":"https:\/\/i0.wp.com\/vincentians.com\/es\/wp-content\/uploads\/sites\/11\/2013\/04\/f-8-scaled.jpg?fit=1200%2C570&ssl=1&resize=350%2C200 1x, https:\/\/i0.wp.com\/vincentians.com\/es\/wp-content\/uploads\/sites\/11\/2013\/04\/f-8-scaled.jpg?fit=1200%2C570&ssl=1&resize=525%2C300 1.5x, https:\/\/i0.wp.com\/vincentians.com\/es\/wp-content\/uploads\/sites\/11\/2013\/04\/f-8-scaled.jpg?fit=1200%2C570&ssl=1&resize=700%2C400 2x, https:\/\/i0.wp.com\/vincentians.com\/es\/wp-content\/uploads\/sites\/11\/2013\/04\/f-8-scaled.jpg?fit=1200%2C570&ssl=1&resize=1050%2C600 3x"},"classes":[]},{"id":93271,"url":"https:\/\/vincentians.com\/es\/estatutos-generales-de-la-asociacion-medalla-milagrosa\/","url_meta":{"origin":53238,"position":5},"title":"Estatutos generales de la Asociaci\u00f3n Medalla Milagrosa","author":"Francisco Javier Fern\u00e1ndez Chento","date":"27\/11\/2018","format":false,"excerpt":"Roma, 31 de mayo de 2010 Fiesta de la Visitaci\u00f3n de la Virgen Mar\u00eda A todos los miembros de la Asociaci\u00f3n de la Medalla Milagrosa: \u00a1La gracia y la paz de Nuestro Se\u00f1or Jesucristo llenen sus corazones ahora y siempre! La Sant\u00edsima Virgen Mar\u00eda, en las apariciones a Santa Catalina\u2026","rel":"","context":"En \u00abDocumentos de la Asociaci\u00f3n de la Medalla Milagrosa\u00bb","block_context":{"text":"Documentos de la Asociaci\u00f3n de la Medalla Milagrosa","link":"https:\/\/vincentians.com\/es\/category\/formacion-vicenciana\/documentos-oficiales-de-la-familia-vicenciana\/documentos-de-la-asociacion-de-la-medalla-milagrosa\/"},"img":{"alt_text":"","src":"https:\/\/i0.wp.com\/vicencianos.org\/wp-content\/2010\/03\/amm.jpg?resize=350%2C200","width":350,"height":200},"classes":[]}],"_links":{"self":[{"href":"https:\/\/vincentians.com\/es\/wp-json\/wp\/v2\/posts\/53238","targetHints":{"allow":["GET"]}}],"collection":[{"href":"https:\/\/vincentians.com\/es\/wp-json\/wp\/v2\/posts"}],"about":[{"href":"https:\/\/vincentians.com\/es\/wp-json\/wp\/v2\/types\/post"}],"author":[{"embeddable":true,"href":"https:\/\/vincentians.com\/es\/wp-json\/wp\/v2\/users\/4"}],"replies":[{"embeddable":true,"href":"https:\/\/vincentians.com\/es\/wp-json\/wp\/v2\/comments?post=53238"}],"version-history":[{"count":2,"href":"https:\/\/vincentians.com\/es\/wp-json\/wp\/v2\/posts\/53238\/revisions"}],"predecessor-version":[{"id":402652,"href":"https:\/\/vincentians.com\/es\/wp-json\/wp\/v2\/posts\/53238\/revisions\/402652"}],"wp:featuredmedia":[{"embeddable":true,"href":"https:\/\/vincentians.com\/es\/wp-json\/wp\/v2\/media\/402651"}],"wp:attachment":[{"href":"https:\/\/vincentians.com\/es\/wp-json\/wp\/v2\/media?parent=53238"}],"wp:term":[{"taxonomy":"category","embeddable":true,"href":"https:\/\/vincentians.com\/es\/wp-json\/wp\/v2\/categories?post=53238"},{"taxonomy":"post_tag","embeddable":true,"href":"https:\/\/vincentians.com\/es\/wp-json\/wp\/v2\/tags?post=53238"}],"curies":[{"name":"wp","href":"https:\/\/api.w.org\/{rel}","templated":true}]}}