{"id":53074,"date":"2011-11-27T04:01:57","date_gmt":"2011-11-27T03:01:57","guid":{"rendered":"http:\/\/somos.vicencianos.org\/blog\/2011\/11\/novena-a-la-medalla-milagrosa-dia-9-devocion-y-culto-a-maria\/"},"modified":"2016-07-26T17:29:18","modified_gmt":"2016-07-26T15:29:18","slug":"novena-a-la-medalla-milagrosa-dia-9-devocion-y-culto-a-maria","status":"publish","type":"post","link":"https:\/\/vincentians.com\/es\/novena-a-la-medalla-milagrosa-dia-9-devocion-y-culto-a-maria\/","title":{"rendered":"Novena a la Medalla Milagrosa: D\u00eda 9, Devoci\u00f3n y culto a Mar\u00eda"},"content":{"rendered":"<h2><strong>Introducci\u00f3n<\/strong><\/h2>\n<p><strong>Canto:<\/strong><\/p>\n<p>Oh Mar\u00eda, sin pecado concebida,<br \/>\nruega por nosotros que recurrimos a ti.<\/p>\n<p><strong>Saludo:<\/strong><\/p>\n<p>El Dios de la paz os santifique cumplidamente y que todo vuestro ser, el esp\u00edritu, el alma y el cuerpo, se conserve sin mancha hasta la Venida de nuestro Se\u00f1or Jesucristo (1 Tes 5, 23).<\/p>\n<p><strong>Monici\u00f3n introductoria:<\/strong><\/p>\n<p>Hermanos: Hoy es el \u00faltimo d\u00eda de la Novena de Celebracio\u00adnes que hemos venido ofreciendo en honor de la Sant\u00edsima Virgen Mar\u00eda. M\u00faltiples sentimientos y resoluciones llenar\u00e1n sin duda nuestro coraz\u00f3n. Debemos concretarlas en algo verda\u00addero que agrade a nuestra Madre del cielo y en una mayor decisi\u00f3n de amarla y servirla seg\u00fan la voluntad de su Hijo y de la Iglesia.<\/p>\n<p>A ello nos ayudar\u00e1n las consideraciones de hoy, a saber: los prodigios obrados por la santa Medalla y el culto mariano que ella urgi\u00f3 en todo el mundo. Podemos decir que la Medalla Milagrosa fue la semilla de Lourdes, de F\u00e1tima y del avivamien\u00adto de la devoci\u00f3n a Mar\u00eda en la Iglesia, no s\u00f3lo en su difusi\u00f3n popular sino sobre todo en su precisi\u00f3n teol\u00f3gica.<\/p>\n<p>\u00abLevantemos el coraz\u00f3n\u00bb, hoy de manera especial. Alegr\u00e9\u00admonos y bendigamos al Se\u00f1or.<\/p>\n<p><strong>Lectura ambiental:<\/strong><\/p>\n<p><em>Monici\u00f3n: <\/em>Escuchemos el relato de la expansi\u00f3n de la Meda\u00adlla y de una notable conversi\u00f3n, que fue el comienzo de otros muchos prodigios que dieron a la Medalla el nombre de Mila\u00adgrosa.<\/p>\n<p><em>Lectura del Proceso Can\u00f3nico<br \/>\nsobre la conversi\u00f3n de Alfonso Ratisbona:<\/em><\/p>\n<p>Apenas la Medalla comenz\u00f3 a divulgarse, comenz\u00f3 tam\u00adbi\u00e9n, inmediatamente, a ser venerada por los fieles como pr\u00e1cti\u00adca muy agradable a la Madre Sant\u00edsima, primero en Francia, y despu\u00e9s, con la aprobaci\u00f3n de los obispos, en toda la tierra.<\/p>\n<p>Y la causa de esta reverencia y confianza siempre en aumento, fueron los muchos prodigios que se realizaban bajo los auspicios de la Virgen, tanto en curar las enfermedades corporales, como en librar a las almas del pecado.<\/p>\n<p>Entre \u00e9stos, el m\u00e1s digno de ser recordado es el que aconte\u00adci\u00f3 a Alfonso Ratisbona el a\u00f1o 1842, comprobado por leg\u00edtimo testimonio de la autoridad eclesi\u00e1stica.<\/p>\n<p>Nacido de padres jud\u00edos en Estrasburgo, Alfonso, en viaje hacia Oriente, se hab\u00eda detenido en Roma. Y all\u00ed se hizo amigo de un hombre de la nobleza, convertido de la herej\u00eda al catoli\u00adcismo. Este, compadecido del joven jud\u00edo, hizo lo que pudo por convertirle a la verdadera religi\u00f3n de Cristo; y no consiguiendo nada con sus palabras, le pidi\u00f3 que por lo menos llevase la Santa Medalla de la Madre de Dios pendiente del cuello.<\/p>\n<p>Mientras tanto, se ofrec\u00edan oraciones por \u00e9l a la Sant\u00edsima Virgen. Esta no quiso retrasar mucho su ayuda, pues, habiendo entrado fortuitamente Alfonso en el templo de San Andr\u00e9s, llamado vulgarmente \u00abdelle Fratte\u00bb, de repente comenz\u00f3 a oscurecerse ante su mirada todo el templo, excepto la capilla de San Miguel Arc\u00e1ngel, de donde proven\u00eda una luz mucho m\u00e1s refulgente. Y cuando, sobrecogido de miedo, trata de apartar la vista, he aqu\u00ed que la Virgen Mar\u00eda se le aparece, con suave semblante, y con el mismo vestido que lleva en su Medalla.<\/p>\n<p>El se apart\u00f3 entonces del juda\u00edsmo, confes\u00f3 como verdadera la religi\u00f3n cat\u00f3lica, que poco antes detestaba, y la abraz\u00f3 de todo coraz\u00f3n.<\/p>\n<p><em>Oraci\u00f3n: <\/em>Oh Dios, que por misterioso designio de tu Provi\u00addencia, quisiste que la bienaventurada Virgen Mar\u00eda llevara al Autor de la gracia y la asociaste al misterio de la Redenci\u00f3n humana: te rogamos que ella nos obtenga, con sus s\u00faplicas, abundancia de gracias y nos conduzca a la salvaci\u00f3n eterna. Por Jesucristo nuestro Se\u00f1or. Am\u00e9n.<\/p>\n<h2><strong>Liturgia de la Palabra<br \/>\n<\/strong><\/h2>\n<p><strong>Primera lectura:<\/strong><\/p>\n<p><em>Monici\u00f3n: <\/em>Los Hechos de los Ap\u00f3stoles nos cuentan los milagros y prodigios que \u00e9stos realizaban en la Iglesia primiti\u00adva. Y que no han terminado para los que tienen fe, como lo atestigua la Medalla Milagrosa.<\/p>\n<p><em>Lectura del libro de los Hechos de los Ap\u00f3stoles: <\/em>5, 12-16<\/p>\n<p><strong>Salmo responsorial <\/strong>(cantado o proclamado):<\/p>\n<p>SE\u00d1ORA, PIDE UN MILAGRO A CRISTO,<br \/>\nCOMO EN CANA.<br \/>\nLOS POBRES SON YA MAS POBRES;<br \/>\nSON MUCHOS, NO TIENEN PAN.<\/p>\n<ul>\n<li>Por Cristo, Virgen Mar\u00eda, sin culpa fuiste a nacer;<br \/>\nsin Cristo hay injusticias, se oprime, no existe fe.<\/li>\n<li>Con Cristo son muchas gracias que al hombre le quieres dar,<br \/>\nsin Cristo hay muchas manos abiertas sin alcanzar.<\/li>\n<li>Estrellas son mundo nuevo, con Cristo pronto vendr\u00e1;<br \/>\nsin Cristo el mundo es viejo, se odia y no hay paz.<\/li>\n<li>Mar\u00eda, unida a Cristo, ofreces liberaci\u00f3n.<br \/>\nLos pobres alzan sus voces, te piden resurrecci\u00f3n.<\/li>\n<\/ul>\n<p><strong>Aclamaci\u00f3n antes del Evangelio:<\/strong><\/p>\n<p>ALELUYA, ALELUYA. Ellos salieron a predicar por todas partes, colaborando el Se\u00f1or con ellos y confirmando la Pala\u00adbra con las se\u00f1ales que la acompa\u00f1aban. ALELUYA, ALELUYA.<\/p>\n<p><strong>Evangelio:<\/strong><\/p>\n<p><em>Lectura del santo Evangelio seg\u00fan San Marcos: <\/em>16, 14-20<\/p>\n<p><strong>Homil\u00eda:<\/strong><\/p>\n<ul>\n<li>A partir de las lecturas de este d\u00eda se puede tratar directamente el tema de los milagros, y menos directa\u00admente, pero tambi\u00e9n, el tema del verdadero culto y devoci\u00f3n a la Virgen Mar\u00eda.<\/li>\n<li>Sobre los <em>milagros:<\/em><\/li>\n<ul>\n<li>su posibilidad y existencia&#8230;<\/li>\n<li>su condici\u00f3n de \u00absigno\u00bb, de \u00abse\u00f1al\u00bb: su contenido y finalidad.<\/li>\n<\/ul>\n<li>Sobre el <em>culto:<\/em><\/li>\n<ul>\n<li><em>ver sobre todo la \u00abMarialis Cultus\u00bb <\/em>de Pablo VI:<\/li>\n<ul>\n<li>a) Introducci\u00f3n<\/li>\n<li>b) El culto a la Virgen Mar\u00eda en la Liturgia<\/li>\n<li>c) Para una adecuada renovaci\u00f3n de la devoci\u00f3n mariana:<\/li>\n<ul>\n<li>dimensi\u00f3n trinitaria, cristol\u00f3gica y eclesial del culto a Mar\u00eda<\/li>\n<li>cuatro orientaciones en ese culto: b\u00edblica, lit\u00fargica, ecum\u00e9nica y antropol\u00f3gica.<\/li>\n<\/ul>\n<li>d) Dos ejercicios piadosos: el Rosario y el Angelus.<\/li>\n<li>e) Valor teol\u00f3gico y pastoral del culto a la Virgen.<\/li>\n<\/ul>\n<li>Ver tambi\u00e9n <em>la Constituci\u00f3n sobre la Sagrada Liturgia <\/em>(n. 103: razones cristol\u00f3gica y eclesiol\u00f3gica del culto lit\u00fargico a Mar\u00eda) y la <em>Lumen Gentium, <\/em>(particular\u00admente los nn. 66-67&#8230;).<\/li>\n<\/ul>\n<li>Sobre maximalismos y minimalismos (sit venia verbis): \u00abEs verdad que la devoci\u00f3n popular tiende a corromper\u00adse. Pero la <em>pureza <\/em>de la antidevoci\u00f3n puede corromperse tambi\u00e9n y m\u00e1s sutilmente&#8230; Existe una superstici\u00f3n fina e insidiosa que toma la pureza por objeto&#8230; Puede existir un triunfalismo del publicano, un triunfalismo del no triunfalismo&#8230; Esto nos viene a decir una vez m\u00e1s que es supersticioso todo aquello que no est\u00e1 superado\u00bb (Jean Guitton, \u00abLa superstici\u00f3n superada -Rue du Bac\u00bb, Ed. Ceme, Salamanca 1973, p. 126).<\/li>\n<li>Sobre la religiosidad popular:<\/li>\n<ul>\n<li><em>Religiosidad <\/em>es el impulso de la persona o grupo humano hacia el Creador, es un intento del hombre por tomar contacto con Dios. Esto no es malo. Criti\u00adcamos f\u00e1cilmente las velas, mandas, peregrinacio\u00adnes, etc., pero conviene ahondar m\u00e1s. Los gestos exteriores son expresi\u00f3n de algo m\u00e1s profundo, de la explicaci\u00f3n que el hombre busca seg\u00fan sus alcances de su origen, destino, sentido (\u00abla dimensi\u00f3n del hombre frente a la ultimidad\u00bb: Fries)&#8230; La religiosi\u00addad tiene mucho que ver con la fe, es por lo menos su preparaci\u00f3n, su \u00abinicio\u00bb. Es un error contraponer\u00adlas en vez de relacionarlas&#8230;<\/li>\n<li><em>Popular. <\/em>Se refiere al pueblo cristiano sencillo y po\u00adbre, que carece de oportunidades de graduarse en teolog\u00eda, pero que no obstante tiene \u00absu\u00bb cultura. Oscar Lewis define la \u00abcultura de la pobreza\u00bb no como una subcultura de una cultura superior, sino como una cultura propia, con su propio sistema de valores y de actitudes frente a la vida, de estilos de vida y de maneras de comprender el mundo. La antropolog\u00eda nos dice, por ejemplo, que las leyendas y los mitos son formulaciones de lo que el alma popular siente, pero no sabe expresar con conceptos o con palabras. Esas representaciones \u2014referidas a la Virgen Mar\u00eda\u2014 pueden ocasionar alguna desfigu\u00adraci\u00f3n de su personalidad genuina, pero suprimirlas en lugar de perfeccionarlas ser\u00eda atentar in\u00fatilmente contra las leyes mismas del conocimiento humano. Aparte de que, para desquitar la posible dosis de desfiguraci\u00f3n, el pueblo intuye y atina lo esencial y m\u00e1s valioso quiz\u00e1 mejor que un especialista en el tema. Acaso Mar\u00eda es un mito del pueblo, pero un mito que expresa deslumbrantemente lo que el pue\u00adblo pide y da a Dios, lo mejor de s\u00ed mismo visto o entrevisto en una persona que pertenece a ese pue\u00adblo; una mujer del pueblo, llena de gracia por la sola gracia de Dios, que proclama que en definitiva el Se\u00f1or colma de bienes a los hambrientos y despide vac\u00edos a los ricos, una mujer que se alegra en el Se\u00f1or.<\/li>\n<\/ul>\n<li>Pistas para una \u00abevangelizaci\u00f3n mariana\u00bb:<\/li>\n<ul>\n<li>punto de partida: reflexi\u00f3n profunda sobre los datos b\u00edblicos<\/li>\n<li>factor de esclarecimiento: la tradici\u00f3n del magisterio (antigua, reciente)<\/li>\n<li>instrumento adicional: la Medalla Milagrosa, cate\u00adcismo mariamo<\/li>\n<li>incidencia final: la religiosidad popular: interilumi\u00adnaci\u00f3n e interacci\u00f3n<\/li>\n<li>la verdadera devoci\u00f3n, eso s\u00ed, \u00abno consiste ni en un afecto est\u00e9ril y transitorio ni en una vana creduli\u00addad, sino que procede de la <em>fe <\/em>verdadera, por la que somos llevados a <em>conocer <\/em>la excelencia de la Madre de Dios y somos excitados a un <em>amor <\/em>filial hacia nuestra Madre y a la <em>imitaci\u00f3n <\/em>de sus virtudes\u00bb (LG 67); y, entre \u00e9stas, las que m\u00e1s de relieve ponen los Evange\u00adlios: las del Magn\u00edficat&#8230;<\/li>\n<\/ul>\n<\/ul>\n<h2><strong>Oraci\u00f3n<\/strong><\/h2>\n<p><strong>Oraci\u00f3n personal:<\/strong><\/p>\n<p><em>Monici\u00f3n: <\/em>Con fervor y en silencio pongamos en manos de Mar\u00eda los buenos prop\u00f3sitos que hemos formulado durante este Novenario; d\u00e9mosle gracias por habernos permitido vivir estos d\u00edas ocupados en alabarla; dig\u00e1mosle que vele por los seres que m\u00e1s queremos y por aquellos a quienes hayamos causado alg\u00fan da\u00f1o. Recemos unos por otros los que hemos participado un\u00e1nimes en estas celebraciones. Pidamos, finalmente, por las personas que han colaborado de manera especial en lo material de estos cultos&#8230;<\/p>\n<p><em>Oraci\u00f3n en silencio&#8230;<\/em><\/p>\n<p><strong>Oraci\u00f3n universal:<\/strong><em><\/em><\/p>\n<p><em>Monici\u00f3n: <\/em>ensalcemos fervorosamente a la Virgen Mar\u00eda en su manifestaci\u00f3n de la Medalla Milagrosa. Escuchemos el salmo de la Medalla y respondamos a cada verso: Ruega por nosotros que recurrimos a Ti.<\/p>\n<p><em>Alabanzas y preces:<\/em><\/p>\n<ul>\n<li>ALABEMOS la Medalla Milagrosa, porque es moneda del cielo acu\u00f1ada en la tierra, valor estimable as\u00ed en la tierra como en el cielo. Oh Mar\u00eda sin pecado concebida&#8230; CONTEMPLEMOS la Medalla Milagrosa, porque es el \u00faltimo retrato de Mar\u00eda hecho seg\u00fan el gusto de su propio modelo. Oh Mar\u00eda sin pecado concebida&#8230;<\/li>\n<li>CELEBREMOS la Medalla Milagrosa, porque es un salte\u00adrio abreviado donde las manos de Mar\u00eda pulsan el arpa de luz de sus innumerables gracias. Oh Mar\u00eda sin pecado concebida&#8230;<\/li>\n<li>DESCIFREMOS la Medalla Milagrosa, porque es una p\u00e1gina del Libro de la Vida, descubierta y se\u00f1alada por el dedo de la Virgen. Oh Mar\u00eda sin pecado concebida&#8230; CUSTODIEMOS la Medalla Milagrosa, porque es un mo\u00adnumento sin par al dulc\u00edsimo Coraz\u00f3n de Mar\u00eda. Oh Mar\u00eda sin pecado concebida&#8230;<\/li>\n<li>BESEMOS la Medalla Milagrosa, porque es un regalo de las manos de Mar\u00eda, fabricado por ella misma. Oh Mar\u00eda sin pecado concebida&#8230;<\/li>\n<li>ADMIREMOS la Medalla Milagrosa, porque es un espejo que lleva en s\u00ed mismo la Luz y la Imagen. Oh Mar\u00eda sin pecado concebida&#8230;<\/li>\n<li>LLEVEMOS la Medalla Milagrosa, porque es un escudo peque\u00f1o que embota los dardos de las tentaciones m\u00e1s grandes. Oh Mar\u00eda sin pecado concebida&#8230;<\/li>\n<li>AMEMOS la Medalla Milagrosa, porque es la Forma Consagrada por la Virgen como nuevo memorial y estupendo sacramento de sus gracias. Oh Mar\u00eda sin pecado concebida&#8230;<\/li>\n<li>PREDIQUEMOS la Medalla Milagrosa, porque es el Evangelio de Mar\u00eda. Oh Mar\u00eda sin pecado concebida&#8230; BENDIGAMOS la Medalla Milagrosa, porque es estrella de paz en la noche de toda tribulaci\u00f3n. Oh Mar\u00eda sin pecado concebida&#8230;<\/li>\n<li>IMPONGAMOS la Medalla Milagrosa, porque es prenda y garant\u00eda de salvaci\u00f3n. Oh Mar\u00eda sin pecado concebi\u00adda&#8230;<\/li>\n<li>PROPAGUEMOS la Medalla Milagrosa, porque es heren\u00adcia inexhausta de la Iglesia ahora y siempre, por los siglos de los siglos. Oh Mar\u00eda sin pecado concebida&#8230;<\/li>\n<\/ul>\n<p><em>Oraci\u00f3n: <\/em>Se\u00f1or Dios nuestro, que por la Inmaculada Virgen Mar\u00eda, asociada a tu Hijo de modo inefable, nos das alegrarnos con la abundancia de tu bondad: conc\u00e9denos propicio que, sostenidos por su maternal auxilio, nunca nos veamos privados de tu providente piedad, y que, con fe libre, nos sometamos al misterio de tu redenci\u00f3n. Por nuestro Se\u00f1or Jesucristo. Am\u00e9n.<\/p>\n<h2>Conclusi\u00f3n<strong><\/strong><\/h2>\n<p><strong>Monici\u00f3n final&#8230;<\/strong><\/p>\n<p><strong>Bendici\u00f3n:<\/strong><\/p>\n<ul>\n<li>Que el Dios del amor os conceda la gracia de amarlo y colme vuestros deseos de amar y ser amados. Am\u00e9n.<\/li>\n<li>Que la protecci\u00f3n de la Sant\u00edsima Virgen Milagrosa os acompa\u00f1e siempre. Am\u00e9n.<\/li>\n<li>La bendici\u00f3n de Dios todopoderoso, Padre, Hijo y Esp\u00edri\u00adtu santo, descienda sobre vosotros. Am\u00e9n.<\/li>\n<\/ul>\n<p><strong>Canto final<\/strong><\/p>\n","protected":false},"excerpt":{"rendered":"<p>Introducci\u00f3n Canto: Oh Mar\u00eda, sin pecado concebida, ruega por nosotros que recurrimos a ti. Saludo: El Dios de la paz os santifique cumplidamente y que todo vuestro ser, el esp\u00edritu, el alma y el cuerpo, &#8230; <a href=\"https:\/\/vincentians.com\/es\/novena-a-la-medalla-milagrosa-dia-9-devocion-y-culto-a-maria\/\" class=\"more-link\">Read More<\/a><\/p>\n","protected":false},"author":4,"featured_media":37524,"comment_status":"open","ping_status":"open","sticky":false,"template":"","format":"standard","meta":{"jetpack_post_was_ever_published":false,"_jetpack_newsletter_access":"","_jetpack_dont_email_post_to_subs":false,"_jetpack_newsletter_tier_id":0,"_jetpack_memberships_contains_paywalled_content":false,"_jetpack_memberships_contains_paid_content":false,"footnotes":"","jetpack_publicize_message":"","jetpack_publicize_feature_enabled":true,"jetpack_social_post_already_shared":true,"jetpack_social_options":{"image_generator_settings":{"template":"highway","default_image_id":0,"font":"","enabled":false},"version":2}},"categories":[8],"tags":[261,160,182,190],"class_list":["post-53074","post","type-post","status-publish","format-standard","has-post-thumbnail","hentry","category-virgen-maria","tag-jean-guitton","tag-nimes","tag-ratisbona","tag-rue-du-bac"],"yoast_head":"<!-- This site is optimized with the Yoast SEO plugin v26.3 - https:\/\/yoast.com\/wordpress\/plugins\/seo\/ -->\n<title>Novena a la Medalla Milagrosa: D\u00eda 9, Devoci\u00f3n y culto a Mar\u00eda - Somos Vicencianos<\/title>\n<meta name=\"robots\" content=\"index, follow, max-snippet:-1, max-image-preview:large, max-video-preview:-1\" \/>\n<link rel=\"canonical\" href=\"https:\/\/vincentians.com\/es\/novena-a-la-medalla-milagrosa-dia-9-devocion-y-culto-a-maria\/\" \/>\n<meta property=\"og:locale\" content=\"es_ES\" \/>\n<meta property=\"og:type\" content=\"article\" \/>\n<meta property=\"og:title\" content=\"Novena a la Medalla Milagrosa: D\u00eda 9, Devoci\u00f3n y culto a Mar\u00eda - Somos Vicencianos\" \/>\n<meta property=\"og:description\" content=\"Introducci\u00f3n Canto: Oh Mar\u00eda, sin pecado concebida, ruega por nosotros que recurrimos a ti. Saludo: El Dios de la paz os santifique cumplidamente y que todo vuestro ser, el esp\u00edritu, el alma y el cuerpo, ... Read More\" \/>\n<meta property=\"og:url\" content=\"https:\/\/vincentians.com\/es\/novena-a-la-medalla-milagrosa-dia-9-devocion-y-culto-a-maria\/\" \/>\n<meta property=\"og:site_name\" content=\"Somos Vicencianos\" \/>\n<meta property=\"article:publisher\" content=\"https:\/\/www.facebook.com\/WeAreVincentians\/\" \/>\n<meta property=\"article:author\" content=\"https:\/\/www.facebook.com\/JavierChento\" \/>\n<meta property=\"article:published_time\" content=\"2011-11-27T03:01:57+00:00\" \/>\n<meta property=\"article:modified_time\" content=\"2016-07-26T15:29:18+00:00\" \/>\n<meta name=\"author\" content=\"Francisco Javier Fern\u00e1ndez Chento\" \/>\n<meta name=\"twitter:card\" content=\"summary_large_image\" \/>\n<meta name=\"twitter:creator\" content=\"@https:\/\/twitter.com\/javierchento\" \/>\n<meta name=\"twitter:site\" content=\"@WeVincentians\" \/>\n<meta name=\"twitter:label1\" content=\"Escrito por\" \/>\n\t<meta name=\"twitter:data1\" content=\"Francisco Javier Fern\u00e1ndez Chento\" \/>\n\t<meta name=\"twitter:label2\" content=\"Tiempo de lectura\" \/>\n\t<meta name=\"twitter:data2\" content=\"11 minutos\" \/>\n<script type=\"application\/ld+json\" class=\"yoast-schema-graph\">{\"@context\":\"https:\/\/schema.org\",\"@graph\":[{\"@type\":\"Article\",\"@id\":\"https:\/\/vincentians.com\/es\/novena-a-la-medalla-milagrosa-dia-9-devocion-y-culto-a-maria\/#article\",\"isPartOf\":{\"@id\":\"https:\/\/vincentians.com\/es\/novena-a-la-medalla-milagrosa-dia-9-devocion-y-culto-a-maria\/\"},\"author\":{\"name\":\"Francisco Javier Fern\u00e1ndez Chento\",\"@id\":\"http:\/\/vincentians.com\/es\/#\/schema\/person\/9623ef4d9aa3b2dfb8c061f1499288f2\"},\"headline\":\"Novena a la Medalla Milagrosa: D\u00eda 9, Devoci\u00f3n y culto a Mar\u00eda\",\"datePublished\":\"2011-11-27T03:01:57+00:00\",\"dateModified\":\"2016-07-26T15:29:18+00:00\",\"mainEntityOfPage\":{\"@id\":\"https:\/\/vincentians.com\/es\/novena-a-la-medalla-milagrosa-dia-9-devocion-y-culto-a-maria\/\"},\"wordCount\":2213,\"commentCount\":0,\"publisher\":{\"@id\":\"http:\/\/vincentians.com\/es\/#organization\"},\"image\":{\"@id\":\"https:\/\/vincentians.com\/es\/novena-a-la-medalla-milagrosa-dia-9-devocion-y-culto-a-maria\/#primaryimage\"},\"thumbnailUrl\":\"\",\"keywords\":[\"Jean Guitton\",\"Nimes\",\"Ratisbona\",\"Rue du Bac\"],\"articleSection\":[\"Virgen Mar\u00eda\"],\"inLanguage\":\"es\",\"potentialAction\":[{\"@type\":\"CommentAction\",\"name\":\"Comment\",\"target\":[\"https:\/\/vincentians.com\/es\/novena-a-la-medalla-milagrosa-dia-9-devocion-y-culto-a-maria\/#respond\"]}]},{\"@type\":\"WebPage\",\"@id\":\"https:\/\/vincentians.com\/es\/novena-a-la-medalla-milagrosa-dia-9-devocion-y-culto-a-maria\/\",\"url\":\"https:\/\/vincentians.com\/es\/novena-a-la-medalla-milagrosa-dia-9-devocion-y-culto-a-maria\/\",\"name\":\"Novena a la Medalla Milagrosa: D\u00eda 9, Devoci\u00f3n y culto a Mar\u00eda - Somos Vicencianos\",\"isPartOf\":{\"@id\":\"http:\/\/vincentians.com\/es\/#website\"},\"primaryImageOfPage\":{\"@id\":\"https:\/\/vincentians.com\/es\/novena-a-la-medalla-milagrosa-dia-9-devocion-y-culto-a-maria\/#primaryimage\"},\"image\":{\"@id\":\"https:\/\/vincentians.com\/es\/novena-a-la-medalla-milagrosa-dia-9-devocion-y-culto-a-maria\/#primaryimage\"},\"thumbnailUrl\":\"\",\"datePublished\":\"2011-11-27T03:01:57+00:00\",\"dateModified\":\"2016-07-26T15:29:18+00:00\",\"breadcrumb\":{\"@id\":\"https:\/\/vincentians.com\/es\/novena-a-la-medalla-milagrosa-dia-9-devocion-y-culto-a-maria\/#breadcrumb\"},\"inLanguage\":\"es\",\"potentialAction\":[{\"@type\":\"ReadAction\",\"target\":[\"https:\/\/vincentians.com\/es\/novena-a-la-medalla-milagrosa-dia-9-devocion-y-culto-a-maria\/\"]}]},{\"@type\":\"ImageObject\",\"inLanguage\":\"es\",\"@id\":\"https:\/\/vincentians.com\/es\/novena-a-la-medalla-milagrosa-dia-9-devocion-y-culto-a-maria\/#primaryimage\",\"url\":\"\",\"contentUrl\":\"\"},{\"@type\":\"BreadcrumbList\",\"@id\":\"https:\/\/vincentians.com\/es\/novena-a-la-medalla-milagrosa-dia-9-devocion-y-culto-a-maria\/#breadcrumb\",\"itemListElement\":[{\"@type\":\"ListItem\",\"position\":1,\"name\":\"Portada\",\"item\":\"http:\/\/vincentians.com\/es\/\"},{\"@type\":\"ListItem\",\"position\":2,\"name\":\"Novena a la Medalla Milagrosa: D\u00eda 9, Devoci\u00f3n y culto a Mar\u00eda\"}]},{\"@type\":\"WebSite\",\"@id\":\"http:\/\/vincentians.com\/es\/#website\",\"url\":\"http:\/\/vincentians.com\/es\/\",\"name\":\"Somos Vicencianos\",\"description\":\"Know more to serve more\",\"publisher\":{\"@id\":\"http:\/\/vincentians.com\/es\/#organization\"},\"potentialAction\":[{\"@type\":\"SearchAction\",\"target\":{\"@type\":\"EntryPoint\",\"urlTemplate\":\"http:\/\/vincentians.com\/es\/?s={search_term_string}\"},\"query-input\":{\"@type\":\"PropertyValueSpecification\",\"valueRequired\":true,\"valueName\":\"search_term_string\"}}],\"inLanguage\":\"es\"},{\"@type\":\"Organization\",\"@id\":\"http:\/\/vincentians.com\/es\/#organization\",\"name\":\"The Vincentian Network\",\"url\":\"http:\/\/vincentians.com\/es\/\",\"logo\":{\"@type\":\"ImageObject\",\"inLanguage\":\"es\",\"@id\":\"http:\/\/vincentians.com\/es\/#\/schema\/logo\/image\/\",\"url\":\"https:\/\/i1.wp.com\/vincentians.com\/es\/wp-content\/uploads\/sites\/11\/2016\/06\/Vincentian-Network-logo-big.png?fit=778%2C778\",\"contentUrl\":\"https:\/\/i1.wp.com\/vincentians.com\/es\/wp-content\/uploads\/sites\/11\/2016\/06\/Vincentian-Network-logo-big.png?fit=778%2C778\",\"width\":778,\"height\":778,\"caption\":\"The Vincentian Network\"},\"image\":{\"@id\":\"http:\/\/vincentians.com\/es\/#\/schema\/logo\/image\/\"},\"sameAs\":[\"https:\/\/www.facebook.com\/WeAreVincentians\/\",\"https:\/\/x.com\/WeVincentians\"]},{\"@type\":\"Person\",\"@id\":\"http:\/\/vincentians.com\/es\/#\/schema\/person\/9623ef4d9aa3b2dfb8c061f1499288f2\",\"name\":\"Francisco Javier Fern\u00e1ndez Chento\",\"image\":{\"@type\":\"ImageObject\",\"inLanguage\":\"es\",\"@id\":\"http:\/\/vincentians.com\/es\/#\/schema\/person\/image\/\",\"url\":\"https:\/\/secure.gravatar.com\/avatar\/497d5cde87b4c3d097d0315953521681ba2cd523ee66e5077c3711f7021e65de?s=96&d=mm&r=g\",\"contentUrl\":\"https:\/\/secure.gravatar.com\/avatar\/497d5cde87b4c3d097d0315953521681ba2cd523ee66e5077c3711f7021e65de?s=96&d=mm&r=g\",\"caption\":\"Francisco Javier Fern\u00e1ndez Chento\"},\"description\":\"Director General y cofundador de La Red de Formaci\u00f3n Vicenciana. Javier es laico vicenciano, afiliado a la Congregaci\u00f3n de la Misi\u00f3n y miembro del Equipo de Misiones Populares de la provincia can\u00f3nica de Zaragoza (Espa\u00f1a) de la Congregaci\u00f3n de la Misi\u00f3n. Graduado en la Universidad Oberta de Catalunya con cuatro grados (Asistente de direcci\u00f3n, Gesti\u00f3n Administrativa, Recursos Humanos y Contabilidad Avanzada). Bil\u00edng\u00fce Espa\u00f1ol\/Ingl\u00e9s. gestiona y mantiene varias p\u00e1ginas web cristianas y vicencianas, incluida including La Red de Formaci\u00f3n Vicenciana, de la que es cofundador. Actualmente es responsable del \u00e1rea de Espa\u00f1ol de .famvin, la Red de Noticias de la Familia Vicenciana. Tambi\u00e9n es m\u00fasico cat\u00f3lico y ha editado varios discos. Es Director General y cofundador de Trovador, una reconocida compa\u00f1\u00eda discogr\u00e1fica critiana de Espa\u00f1a. Trabaja en las Tecnolog\u00edas de la Informaci\u00f3n, ofreciendo servicios de alojamiento, dise\u00f1o y mantenimiento Web, as\u00ed como asesoramiento, formaci\u00f3n y soluciones inform\u00e1ticas, gesti\u00f3n documental y digitalizaci\u00f3n de textos, edici\u00f3n y maquetaci\u00f3n de libros, revistas, flyers, etc.\",\"sameAs\":[\"http:\/\/chento.org\",\"https:\/\/www.facebook.com\/JavierChento\",\"https:\/\/x.com\/https:\/\/twitter.com\/javierchento\"],\"url\":\"https:\/\/vincentians.com\/es\/author\/chento\/\"}]}<\/script>\n<!-- \/ Yoast SEO plugin. -->","yoast_head_json":{"title":"Novena a la Medalla Milagrosa: D\u00eda 9, Devoci\u00f3n y culto a Mar\u00eda - Somos Vicencianos","robots":{"index":"index","follow":"follow","max-snippet":"max-snippet:-1","max-image-preview":"max-image-preview:large","max-video-preview":"max-video-preview:-1"},"canonical":"https:\/\/vincentians.com\/es\/novena-a-la-medalla-milagrosa-dia-9-devocion-y-culto-a-maria\/","og_locale":"es_ES","og_type":"article","og_title":"Novena a la Medalla Milagrosa: D\u00eda 9, Devoci\u00f3n y culto a Mar\u00eda - Somos Vicencianos","og_description":"Introducci\u00f3n Canto: Oh Mar\u00eda, sin pecado concebida, ruega por nosotros que recurrimos a ti. Saludo: El Dios de la paz os santifique cumplidamente y que todo vuestro ser, el esp\u00edritu, el alma y el cuerpo, ... Read More","og_url":"https:\/\/vincentians.com\/es\/novena-a-la-medalla-milagrosa-dia-9-devocion-y-culto-a-maria\/","og_site_name":"Somos Vicencianos","article_publisher":"https:\/\/www.facebook.com\/WeAreVincentians\/","article_author":"https:\/\/www.facebook.com\/JavierChento","article_published_time":"2011-11-27T03:01:57+00:00","article_modified_time":"2016-07-26T15:29:18+00:00","author":"Francisco Javier Fern\u00e1ndez Chento","twitter_card":"summary_large_image","twitter_creator":"@https:\/\/twitter.com\/javierchento","twitter_site":"@WeVincentians","twitter_misc":{"Escrito por":"Francisco Javier Fern\u00e1ndez Chento","Tiempo de lectura":"11 minutos"},"schema":{"@context":"https:\/\/schema.org","@graph":[{"@type":"Article","@id":"https:\/\/vincentians.com\/es\/novena-a-la-medalla-milagrosa-dia-9-devocion-y-culto-a-maria\/#article","isPartOf":{"@id":"https:\/\/vincentians.com\/es\/novena-a-la-medalla-milagrosa-dia-9-devocion-y-culto-a-maria\/"},"author":{"name":"Francisco Javier Fern\u00e1ndez Chento","@id":"http:\/\/vincentians.com\/es\/#\/schema\/person\/9623ef4d9aa3b2dfb8c061f1499288f2"},"headline":"Novena a la Medalla Milagrosa: D\u00eda 9, Devoci\u00f3n y culto a Mar\u00eda","datePublished":"2011-11-27T03:01:57+00:00","dateModified":"2016-07-26T15:29:18+00:00","mainEntityOfPage":{"@id":"https:\/\/vincentians.com\/es\/novena-a-la-medalla-milagrosa-dia-9-devocion-y-culto-a-maria\/"},"wordCount":2213,"commentCount":0,"publisher":{"@id":"http:\/\/vincentians.com\/es\/#organization"},"image":{"@id":"https:\/\/vincentians.com\/es\/novena-a-la-medalla-milagrosa-dia-9-devocion-y-culto-a-maria\/#primaryimage"},"thumbnailUrl":"","keywords":["Jean Guitton","Nimes","Ratisbona","Rue du Bac"],"articleSection":["Virgen Mar\u00eda"],"inLanguage":"es","potentialAction":[{"@type":"CommentAction","name":"Comment","target":["https:\/\/vincentians.com\/es\/novena-a-la-medalla-milagrosa-dia-9-devocion-y-culto-a-maria\/#respond"]}]},{"@type":"WebPage","@id":"https:\/\/vincentians.com\/es\/novena-a-la-medalla-milagrosa-dia-9-devocion-y-culto-a-maria\/","url":"https:\/\/vincentians.com\/es\/novena-a-la-medalla-milagrosa-dia-9-devocion-y-culto-a-maria\/","name":"Novena a la Medalla Milagrosa: D\u00eda 9, Devoci\u00f3n y culto a Mar\u00eda - Somos Vicencianos","isPartOf":{"@id":"http:\/\/vincentians.com\/es\/#website"},"primaryImageOfPage":{"@id":"https:\/\/vincentians.com\/es\/novena-a-la-medalla-milagrosa-dia-9-devocion-y-culto-a-maria\/#primaryimage"},"image":{"@id":"https:\/\/vincentians.com\/es\/novena-a-la-medalla-milagrosa-dia-9-devocion-y-culto-a-maria\/#primaryimage"},"thumbnailUrl":"","datePublished":"2011-11-27T03:01:57+00:00","dateModified":"2016-07-26T15:29:18+00:00","breadcrumb":{"@id":"https:\/\/vincentians.com\/es\/novena-a-la-medalla-milagrosa-dia-9-devocion-y-culto-a-maria\/#breadcrumb"},"inLanguage":"es","potentialAction":[{"@type":"ReadAction","target":["https:\/\/vincentians.com\/es\/novena-a-la-medalla-milagrosa-dia-9-devocion-y-culto-a-maria\/"]}]},{"@type":"ImageObject","inLanguage":"es","@id":"https:\/\/vincentians.com\/es\/novena-a-la-medalla-milagrosa-dia-9-devocion-y-culto-a-maria\/#primaryimage","url":"","contentUrl":""},{"@type":"BreadcrumbList","@id":"https:\/\/vincentians.com\/es\/novena-a-la-medalla-milagrosa-dia-9-devocion-y-culto-a-maria\/#breadcrumb","itemListElement":[{"@type":"ListItem","position":1,"name":"Portada","item":"http:\/\/vincentians.com\/es\/"},{"@type":"ListItem","position":2,"name":"Novena a la Medalla Milagrosa: D\u00eda 9, Devoci\u00f3n y culto a Mar\u00eda"}]},{"@type":"WebSite","@id":"http:\/\/vincentians.com\/es\/#website","url":"http:\/\/vincentians.com\/es\/","name":"Somos Vicencianos","description":"Know more to serve more","publisher":{"@id":"http:\/\/vincentians.com\/es\/#organization"},"potentialAction":[{"@type":"SearchAction","target":{"@type":"EntryPoint","urlTemplate":"http:\/\/vincentians.com\/es\/?s={search_term_string}"},"query-input":{"@type":"PropertyValueSpecification","valueRequired":true,"valueName":"search_term_string"}}],"inLanguage":"es"},{"@type":"Organization","@id":"http:\/\/vincentians.com\/es\/#organization","name":"The Vincentian Network","url":"http:\/\/vincentians.com\/es\/","logo":{"@type":"ImageObject","inLanguage":"es","@id":"http:\/\/vincentians.com\/es\/#\/schema\/logo\/image\/","url":"https:\/\/i1.wp.com\/vincentians.com\/es\/wp-content\/uploads\/sites\/11\/2016\/06\/Vincentian-Network-logo-big.png?fit=778%2C778","contentUrl":"https:\/\/i1.wp.com\/vincentians.com\/es\/wp-content\/uploads\/sites\/11\/2016\/06\/Vincentian-Network-logo-big.png?fit=778%2C778","width":778,"height":778,"caption":"The Vincentian Network"},"image":{"@id":"http:\/\/vincentians.com\/es\/#\/schema\/logo\/image\/"},"sameAs":["https:\/\/www.facebook.com\/WeAreVincentians\/","https:\/\/x.com\/WeVincentians"]},{"@type":"Person","@id":"http:\/\/vincentians.com\/es\/#\/schema\/person\/9623ef4d9aa3b2dfb8c061f1499288f2","name":"Francisco Javier Fern\u00e1ndez Chento","image":{"@type":"ImageObject","inLanguage":"es","@id":"http:\/\/vincentians.com\/es\/#\/schema\/person\/image\/","url":"https:\/\/secure.gravatar.com\/avatar\/497d5cde87b4c3d097d0315953521681ba2cd523ee66e5077c3711f7021e65de?s=96&d=mm&r=g","contentUrl":"https:\/\/secure.gravatar.com\/avatar\/497d5cde87b4c3d097d0315953521681ba2cd523ee66e5077c3711f7021e65de?s=96&d=mm&r=g","caption":"Francisco Javier Fern\u00e1ndez Chento"},"description":"Director General y cofundador de La Red de Formaci\u00f3n Vicenciana. Javier es laico vicenciano, afiliado a la Congregaci\u00f3n de la Misi\u00f3n y miembro del Equipo de Misiones Populares de la provincia can\u00f3nica de Zaragoza (Espa\u00f1a) de la Congregaci\u00f3n de la Misi\u00f3n. Graduado en la Universidad Oberta de Catalunya con cuatro grados (Asistente de direcci\u00f3n, Gesti\u00f3n Administrativa, Recursos Humanos y Contabilidad Avanzada). Bil\u00edng\u00fce Espa\u00f1ol\/Ingl\u00e9s. gestiona y mantiene varias p\u00e1ginas web cristianas y vicencianas, incluida including La Red de Formaci\u00f3n Vicenciana, de la que es cofundador. Actualmente es responsable del \u00e1rea de Espa\u00f1ol de .famvin, la Red de Noticias de la Familia Vicenciana. Tambi\u00e9n es m\u00fasico cat\u00f3lico y ha editado varios discos. Es Director General y cofundador de Trovador, una reconocida compa\u00f1\u00eda discogr\u00e1fica critiana de Espa\u00f1a. Trabaja en las Tecnolog\u00edas de la Informaci\u00f3n, ofreciendo servicios de alojamiento, dise\u00f1o y mantenimiento Web, as\u00ed como asesoramiento, formaci\u00f3n y soluciones inform\u00e1ticas, gesti\u00f3n documental y digitalizaci\u00f3n de textos, edici\u00f3n y maquetaci\u00f3n de libros, revistas, flyers, etc.","sameAs":["http:\/\/chento.org","https:\/\/www.facebook.com\/JavierChento","https:\/\/x.com\/https:\/\/twitter.com\/javierchento"],"url":"https:\/\/vincentians.com\/es\/author\/chento\/"}]}},"jetpack_publicize_connections":[],"jetpack_featured_media_url":"","jetpack_sharing_enabled":true,"jetpack_shortlink":"https:\/\/wp.me\/p7ETMF-dO2","jetpack-related-posts":[{"id":124912,"url":"https:\/\/vincentians.com\/es\/novena-a-la-virgen-milagrosa-2013\/","url_meta":{"origin":53074,"position":0},"title":"Novena a la Virgen Milagrosa 2013","author":"Francisco Javier Fern\u00e1ndez Chento","date":"09\/11\/2013","format":false,"excerpt":"Seguimos la entra\u00f1able y participativa tradici\u00f3n de honrar a la Virgen Mar\u00eda, la Inmaculada de la Medalla Milagrosa, con la celebraci\u00f3n de la novena en la iglesia a ella dedicada y conocida en Pamplona como \"iglesia de La Milagrosa\". Seguimos la arraigada tradici\u00f3n de preparar con esmero, y con la\u2026","rel":"","context":"En \u00abVirgen Mar\u00eda\u00bb","block_context":{"text":"Virgen Mar\u00eda","link":"https:\/\/vincentians.com\/es\/category\/espiritualidad\/virgen-maria\/"},"img":{"alt_text":"","src":"https:\/\/i0.wp.com\/vicencianos.org\/wp-content\/2012\/11\/Milagrosa_Pamplona_2013-201x300.jpg?resize=350%2C200","width":350,"height":200},"classes":[]},{"id":114703,"url":"https:\/\/vincentians.com\/es\/novena-a-la-virgen-milagrosa-2012-dia-1o-9\/","url_meta":{"origin":53074,"position":1},"title":"Novena a la Virgen Milagrosa 2012: D\u00eda 9\u00ba","author":"Francisco Javier Fern\u00e1ndez Chento","date":"27\/11\/2012","format":false,"excerpt":"La peque\u00f1a m\u00e1s grande MONICI\u00d3N DE ENTRADA Bienvenidos en este d\u00eda de la fiesta de la Inmaculada de la Medalla Milagrosa. Todo es gracia, seg\u00fan san Pablo, y as\u00ed lo repiten santa Teresa de Lisieux y el protagonista del \"Diario de un cura rural\" de Bernanos. Gracias es una de\u2026","rel":"","context":"En \u00abVirgen Mar\u00eda\u00bb","block_context":{"text":"Virgen Mar\u00eda","link":"https:\/\/vincentians.com\/es\/category\/espiritualidad\/virgen-maria\/"},"img":{"alt_text":"","src":"https:\/\/i0.wp.com\/vicencianos.org\/wp-content\/2012\/11\/novena_milagrosa_2012_portada-211x300.jpg?resize=350%2C200","width":350,"height":200},"classes":[]},{"id":125544,"url":"https:\/\/vincentians.com\/es\/novena-a-la-virgen-milagrosa-2013-dia-noveno\/","url_meta":{"origin":53074,"position":2},"title":"Novena a la Virgen Milagrosa 2013: D\u00eda noveno","author":"Francisco Javier Fern\u00e1ndez Chento","date":"27\/11\/2013","format":false,"excerpt":"Y que esta luz de la fe CREZCA CONTINUAMENTE EN NOSOTROS, hasta que llegue el d\u00eda sin ocaso, que es el mismo Cristo, tu Hijo, nuestro Se\u00f1or. MONICI\u00d3N DE ENTRADA Bienvenidos. Llegamos al d\u00eda de la fiesta. Nuestra fe ha ido clarific\u00e1ndose y creciendo a lo largo de estos d\u00edas.\u2026","rel":"","context":"En \u00abVirgen Mar\u00eda\u00bb","block_context":{"text":"Virgen Mar\u00eda","link":"https:\/\/vincentians.com\/es\/category\/espiritualidad\/virgen-maria\/"},"img":{"alt_text":"Milagrosa_Pamplona_2013","src":"https:\/\/i0.wp.com\/vicencianos.org\/wp-content\/2012\/11\/Milagrosa_Pamplona_2013-201x300.jpg?resize=350%2C200","width":350,"height":200},"classes":[]},{"id":114676,"url":"https:\/\/vincentians.com\/es\/novena-a-la-virgen-milagrosa-2012\/","url_meta":{"origin":53074,"position":3},"title":"Novena a la Virgen Milagrosa 2012","author":"Francisco Javier Fern\u00e1ndez Chento","date":"02\/11\/2012","format":false,"excerpt":"La Virgen Milagrosa un a\u00f1o m\u00e1s nos convoca en torno al altar de la Eucarist\u00eda y en torno a la mesa de la Palabra. Un a\u00f1o m\u00e1s la comunidad de \"La Milagrosa\" de los Misioneros Pa\u00fales de Pamplona presenta con humildad estos materiales para ayudarnos y ayudar a quienes deseen\u2026","rel":"","context":"En \u00abVirgen Mar\u00eda\u00bb","block_context":{"text":"Virgen Mar\u00eda","link":"https:\/\/vincentians.com\/es\/category\/espiritualidad\/virgen-maria\/"},"img":{"alt_text":"","src":"https:\/\/i0.wp.com\/vicencianos.org\/wp-content\/2012\/11\/novena_milagrosa_2012_portada-211x300.jpg?resize=350%2C200","width":350,"height":200},"classes":[]},{"id":115978,"url":"https:\/\/vincentians.com\/es\/familia-vicenciana-y-medalla-milagrosa\/","url_meta":{"origin":53074,"position":4},"title":"Familia Vicenciana y Medalla Milagrosa","author":"Francisco Javier Fern\u00e1ndez Chento","date":"27\/11\/2022","format":false,"excerpt":"Lo que ha sido este legado desde 1830 El testimonio de la Historia nos dice que, si bien la Virgen se aparece a Santa Catalina Labour\u00e9, \u00e9sta, cumpliendo los deseos manifestados por la Madre de Dios, permanece oculta, desconocida, en el silencio m\u00e1s incomprensible; un silencio que a veces se\u2026","rel":"","context":"En \u00abVirgen Mar\u00eda\u00bb","block_context":{"text":"Virgen Mar\u00eda","link":"https:\/\/vincentians.com\/es\/category\/espiritualidad\/virgen-maria\/"},"img":{"alt_text":"","src":"https:\/\/i0.wp.com\/vincentians.com\/es\/wp-content\/uploads\/sites\/11\/2016\/08\/hijas-caridad.jpg?fit=1200%2C630&ssl=1&resize=350%2C200","width":350,"height":200,"srcset":"https:\/\/i0.wp.com\/vincentians.com\/es\/wp-content\/uploads\/sites\/11\/2016\/08\/hijas-caridad.jpg?fit=1200%2C630&ssl=1&resize=350%2C200 1x, https:\/\/i0.wp.com\/vincentians.com\/es\/wp-content\/uploads\/sites\/11\/2016\/08\/hijas-caridad.jpg?fit=1200%2C630&ssl=1&resize=525%2C300 1.5x, https:\/\/i0.wp.com\/vincentians.com\/es\/wp-content\/uploads\/sites\/11\/2016\/08\/hijas-caridad.jpg?fit=1200%2C630&ssl=1&resize=700%2C400 2x, https:\/\/i0.wp.com\/vincentians.com\/es\/wp-content\/uploads\/sites\/11\/2016\/08\/hijas-caridad.jpg?fit=1200%2C630&ssl=1&resize=1050%2C600 3x"},"classes":[]},{"id":131790,"url":"https:\/\/vincentians.com\/es\/novena-a-la-virgen-milagrosa-2014\/","url_meta":{"origin":53074,"position":5},"title":"Novena a la Virgen Milagrosa 2014","author":"Francisco Javier Fern\u00e1ndez Chento","date":"08\/11\/2014","format":false,"excerpt":"Un a\u00f1o m\u00e1s, siguiendo una venerable tradici\u00f3n, queremos honrar a la Virgen Mar\u00eda, Inmaculada de la Medalla Milagrosa, celebrando su Novena en la iglesia a ella dedicada y conocida en Pamplona como \"iglesia de La Milagrosa\". Esta es su casa, y desde ella llegamos a otros rincones, donde tambi\u00e9n se\u2026","rel":"","context":"En \u00abVirgen Mar\u00eda\u00bb","block_context":{"text":"Virgen Mar\u00eda","link":"https:\/\/vincentians.com\/es\/category\/espiritualidad\/virgen-maria\/"},"img":{"alt_text":"Pulsa sobre esta imagen para descargar el folleto completo","src":"https:\/\/i0.wp.com\/vicencianos.org\/wp-content\/2013\/11\/Novena_Milagrosa_2014-portada-203x300.jpg?resize=350%2C200","width":350,"height":200},"classes":[]}],"_links":{"self":[{"href":"https:\/\/vincentians.com\/es\/wp-json\/wp\/v2\/posts\/53074","targetHints":{"allow":["GET"]}}],"collection":[{"href":"https:\/\/vincentians.com\/es\/wp-json\/wp\/v2\/posts"}],"about":[{"href":"https:\/\/vincentians.com\/es\/wp-json\/wp\/v2\/types\/post"}],"author":[{"embeddable":true,"href":"https:\/\/vincentians.com\/es\/wp-json\/wp\/v2\/users\/4"}],"replies":[{"embeddable":true,"href":"https:\/\/vincentians.com\/es\/wp-json\/wp\/v2\/comments?post=53074"}],"version-history":[{"count":0,"href":"https:\/\/vincentians.com\/es\/wp-json\/wp\/v2\/posts\/53074\/revisions"}],"wp:featuredmedia":[{"embeddable":true,"href":"https:\/\/vincentians.com\/es\/wp-json\/"}],"wp:attachment":[{"href":"https:\/\/vincentians.com\/es\/wp-json\/wp\/v2\/media?parent=53074"}],"wp:term":[{"taxonomy":"category","embeddable":true,"href":"https:\/\/vincentians.com\/es\/wp-json\/wp\/v2\/categories?post=53074"},{"taxonomy":"post_tag","embeddable":true,"href":"https:\/\/vincentians.com\/es\/wp-json\/wp\/v2\/tags?post=53074"}],"curies":[{"name":"wp","href":"https:\/\/api.w.org\/{rel}","templated":true}]}}