{"id":53048,"date":"2011-11-20T04:01:57","date_gmt":"2011-11-20T03:01:57","guid":{"rendered":"http:\/\/somos.vicencianos.org\/blog\/2011\/11\/novena-a-la-medalla-milagrosa-dia-2-madre-buena\/"},"modified":"2016-07-26T17:29:20","modified_gmt":"2016-07-26T15:29:20","slug":"novena-a-la-medalla-milagrosa-dia-2-madre-buena","status":"publish","type":"post","link":"https:\/\/vincentians.com\/es\/novena-a-la-medalla-milagrosa-dia-2-madre-buena\/","title":{"rendered":"Novena a la Medalla Milagrosa: D\u00eda 2, Madre buena"},"content":{"rendered":"<h2>Introducci\u00f3n<\/h2>\n<p>Canto:<\/p>\n<p style=\"padding-left: 30px\">Oh Mar\u00eda, sin pecado concebida,<br \/>\nruega por nosotros que recurrimos a ti.<\/p>\n<p><strong>Saludo:<\/strong><\/p>\n<p>Hermanos: Llenaos del Esp\u00edritu, recitad entre vosotros salmos, himnos y c\u00e1nticos inspirados; cantad y salmodiad en vuestro coraz\u00f3n al Se\u00f1or, dando gracias continuamente y por todo a Dios Padre, en nombre de nuestro Se\u00f1or Jesucristo (Ef 5, 19- 2 0).<\/p>\n<p>Saludo:<\/p>\n<p>Hermanos: Ya no sois extra\u00f1os ni forasteros, sino conciuda\u00addanos de los santos y familiares de Dios, edificados sobre el cimiento de los ap\u00f3stoles y profetas, siendo la piedra angular Cristo mismo (Ef 2, 19-20).<\/p>\n<p><strong>Monici\u00f3n:<\/strong><\/p>\n<p>La Iglesia quiere que disfrutemos alabando a la Virgen Mar\u00eda. \u00abGoc\u00e9monos en el Se\u00f1or \u2014nos invita\u2014 al celebrar las solemnidades en honor de la bienaventurada Virgen Mar\u00eda, de las cuales se alegran los \u00e1ngeles y por las cuales alaban juntos al Hijo de Dios\u00bb.<\/p>\n<p>Unidos todos por este gozo en el Se\u00f1or, fijaremos hoy nuestra atenci\u00f3n en la primera de las apariciones de la Virgen a Santa Catalina Labour\u00e9. Y la veremos, sobre todo, como madre buena, que sigue nuestros pasos, que se alegra con los dichososy sufre con los tristes, que nos visita de cont\u00ednuo, sobre todo cuando m\u00e1s lo necesitamos.<\/p>\n<p>Aprovechemos esta celebraci\u00f3n y agradezcamos al Se\u00f1or el habernos dado por Madre a aquella, en la que, por ser Madre suya, hizo sus mejores maravillas.<\/p>\n<p><strong>Lectura ambiental:<\/strong><\/p>\n<p><em>Monici\u00f3n: <\/em>Escuchemos con qu\u00e9 emoci\u00f3n describe Santa Catalina su primera entrevista con la Sant\u00edsima Virgen, y c\u00f3mo \u00e9sta se manifiesta como Madre buena y desvelada por los hombres.<\/p>\n<p><em>Lectura de los escritos de Santa Catalina Labour\u00e9:<\/em><\/p>\n<p>Lleg\u00f3 la fiesta de San Vicente, en cuya v\u00edspera nuestra Madre Marta nos dio una conferencia sobre la devoci\u00f3n a los santos y en particular a la Sant\u00edsima Virgen, lo que me dio tal deseo de verla que me acost\u00e9 con el pensamiento de que esa misma noche ver\u00eda a mi buena Madre, \u00a1hac\u00eda tanto tiempo que lo deseaba!, al cabo me dorm\u00ed&#8230;<\/p>\n<p>A las once y media d\u00e9 la noche, o\u00ed que me llamaban por mi nombre:<\/p>\n<p>\u2014Hermana, Hermana, Hermana.<\/p>\n<p>Me despert\u00e9 y mir\u00e9 al lado donde escuchaba la voz, que era el Fado del pasillo; descorr\u00ed la cortina y vi a un ni\u00f1o, vestid6 de blanco, como de cuatro o cinco a\u00f1os, que me dec\u00eda:<\/p>\n<p>\u2014Venga a la capilla, lev\u00e1ntese pronto y venga a la capilla, la Sant\u00edsima Virgen la espera. Enseguida me vino el pensamiento:<\/p>\n<p>\u2014Pero me van a o\u00edr. El ni\u00f1o me respondi\u00f3:<\/p>\n<p>\u2014Est\u00e9 tranquila, son las once y media, todos est\u00e1n bien dormidos, venga, la aguardo.<\/p>\n<p>Me apresur\u00e9 a vestirme y me dirig\u00ed a donde el ni\u00f1o, que hab\u00eda permanecido sin moverse&#8230; Me sigui\u00f3, o mejor, yo le segu\u00ed, \u00e9l siempre a mi izquierda, llevando rayos de claridad pordonde pasaba; por dondequiera que pas\u00e1bamos las luces esta\u00adban encendidas, lo que me extra\u00f1\u00f3 mucho; pero qued\u00e9 m\u00e1s sorprendida al entrar en la capilla, cuando se abri\u00f3 la puerta apenas tocarla el ni\u00f1o con la punta del dedo; y mi sorpresa fue m\u00e1s completa todav\u00eda cuando vi encendidas todas las velas y todos los cirios, lo que me hac\u00eda recordar la Misa de Mediano\u00adche.<\/p>\n<p>Sin embargo, yo no ve\u00eda a la Virgen. El ni\u00f1o me condujo al presbiterio, junto al sill\u00f3n destinado al Director. Alli me puse de rodillas y el ni\u00f1o se qued\u00f3 de pie todo el tiempo. Como la espera se me hac\u00eda larga, miraba por si pasaban las vigilantes por la tribuna.<\/p>\n<p>Lleg\u00f3 por fin la hora. El ni\u00f1o me previno dici\u00e9ndome:<\/p>\n<p>\u2014Ah\u00ed est\u00e1 la Virgen, ah\u00ed est\u00e1.<\/p>\n<p>Escuch\u00e9 como un rumor, como el roce de un vestido de seda que salia del lado de la tribuna, cerca del cuadro de San Jos\u00e9, y ven\u00eda a sentarse en un sill\u00f3n parecido al de Santa Ana, sobre las gradas del altar al lado del Evangelio, la Sant\u00edsima Virgen solamente; no era la misma figura de Santa Ana y yo dudaba si era la Sant\u00edsima Virgen, pero el ni\u00f1o, que segu\u00eda alli, me dijo:<\/p>\n<p>\u2014Es la Virgen.<\/p>\n<p>Me ser\u00eda imposible decir lo que experimentaba en aquel instante, lo que pasaba dentro de m\u00ed, me parec\u00eda que no ve\u00eda a la Sant\u00edsima Virgen. Entonces el ni\u00f1o me habl\u00f3 no como ni\u00f1o, sino como el hombre m\u00e1s en\u00e9rgico y con las palabras m\u00e1s en\u00e9rgicas. Mirando a la Sant\u00edsima Virgen, me puse de un salto a su lado, arrodillada sobre las gradas del altar, con las manos apoyadas en sus rodillas.<\/p>\n<p>All\u00ed pas\u00e9 el momento m\u00e1s dulce de mi vida, me ser\u00eda imposible decir todo lo que sent\u00ed. Ella me dijo c\u00f3mo deb\u00eda comportarme con mi Director y otras cosas que no debo decir sobre la manera de conducirme en mis penas, de venir (me lo mostraba con la mano izquierda) al pie del altar: me arrojar\u00e9 al pie del altar y ah\u00ed expansionar\u00e9 mi coraz\u00f3n, ah\u00ed recibir\u00e9 todos los consuelos de que tenga necesidad&#8230; Entonces le pregunt\u00e9 el significado de todas las cosas que hab\u00eda visto y ella me lo explicaba todo&#8230;<\/p>\n<p>\u00abHija m\u00eda, el Buen Dios quiere confiarte una misi\u00f3n. Sufri\u00adr\u00e1s mucho, pero lo sobrellevar\u00e1s pensando que lo haces por la gloria del Buen Dios, conocer\u00e1s lo que es el Buen Dios. Te sentir\u00e1s atormentada hasta que lo hayas dicho a quien est\u00e1 encargado de guiarte. Te contrariar\u00e1n. Pero tendr\u00e1s la gracia, no temas, dilo con toda confianza y sencillez. Ver\u00e1s ciertas cosas, da cuenta de ellas, ser\u00e1s inspirada en tus oraciones.<\/p>\n<p>\u00abLos tiempos son muy malos, van a caer desgracias sobre Francia, el trono ser\u00e1 derribado, todo el mundo se ver\u00e1 sacudi\u00addo por toda clase de calamidades (la Sant\u00edsima Virgen ten\u00eda la expresi\u00f3n muy apenada al decir esto), pero venid al pie de este altar, donde se derramar\u00e1n gracias sobre todos los que las pidan con confianza, grandes y peque\u00f1os. Se derramar\u00e1n parti\u00adcularmente las gracias sobre las personas que las pidan&#8230;\u00bb.<\/p>\n<p><em>Oraci\u00f3n: <\/em>Te rogamos, Se\u00f1or, que venga en nuestra ayuda la intercesi\u00f3n poderosa de la Virgen Mar\u00eda, para que nos veamos libres de todo peligro y podamos alegrarnos de vivir en paz contigo. Por nuestro Se\u00f1or Jesucristo. Am\u00e9n.<\/p>\n<h2>Liturgia de la Palabra<\/h2>\n<p><strong>Primera lectura:<\/strong><\/p>\n<p><em>Monici\u00f3n: <\/em>La Iglesia aplica las palabras que vamos a o\u00edr \u2014y que directamente se refieren a la Sabidur\u00eda divina\u2014 a la Sant\u00edsima Virgen. Nos describen su belleza, y la Virgen nos invita con ellas, maternalmente, a que vayamos a su encuentro para escucharla y servirla.<\/p>\n<p><em>Lectura del Libro del Eclesi\u00e1stico, <\/em>24, 13-22<\/p>\n<p><strong>Canto responsorial <\/strong>(cantado o proclamado):<\/p>\n<p>DIOS TE SALVE, MARIA, COMPRENSIVA POR SER MUJER Y MADRE, ERES VIDA, DULZURA Y ESPERANZA. DIOS TE SALVE.<\/p>\n<ul>\n<li>Entre muerte y dolores desterrados, los hombres te llamamos. En el valle de l\u00e1grimas perdidos, te buscamos.<\/li>\n<li>Abogada del mundo, esos ojos de paz al hombre vuelve. Mu\u00e9stranos a Jes\u00fas, fruto bendito de tu vientre.<\/li>\n<li>Clement\u00edsima Madre, compa\u00f1era en el \u00e1spero camino, ruega a Dios que alcancemos las promesas de tu Hijo.<\/li>\n<\/ul>\n<p><strong>Aclamaci\u00f3n antes del Evangelio:<\/strong><\/p>\n<p>ALELUYA, ALELUYA.<\/p>\n<p>Dichosa t\u00fa, que has cre\u00eddo, porque lo que te ha dicho el Se\u00f1or se cumplir\u00e1. ALELUYA, ALELUYA.<\/p>\n<p><strong>Evangelio:<\/strong><\/p>\n<p><em>Lectura del santo Evangelio seg\u00fan San Lucas: <\/em>1, 39-45<\/p>\n<p><strong>Homil\u00eda <\/strong>(Orientaciones):<\/p>\n<ul>\n<li>Dios \u00abpuso su tienda\u00bb entre nosotros (In 1, 11)&#8230; Tambi\u00e9n Mar\u00eda, \u00abmorada de Dios\u00bb entre los hombres: su oficio de \u00abvisitadora\u00bb, visit\u00f3 a Isabel, nos visit\u00f3 y visita a nosotros&#8230;<\/li>\n<li>Su maternidad espiritual:<\/li>\n<ul>\n<li>se manifiesta en su bondad (Madre buena):<\/li>\n<li>acogi\u00f3 a Santa Catalina en sus brazos,<br \/>\nla aconsej\u00f3,<br \/>\nle aconsej\u00f3 la oraci\u00f3n all\u00ed (capilla de la rue du Bac),<br \/>\nle aconsej\u00f3 la oraci\u00f3n ante el altar (eucarist\u00eda, litur\u00adgia)<br \/>\nle prometi\u00f3 prodigar gracias a \u00abtodos\u00bb (oraci\u00f3n ecu\u00adm\u00e9nica)<br \/>\nle confi\u00f3 una misi\u00f3n, que supondr\u00eda sufrimientos, pero le asegur\u00f3 su ayuda (todos tenemos una mi\u00adsi\u00f3n&#8230;)<\/li>\n<li>se manifiesta en su intercesi\u00f3n (d\u00edas sucesivos).<\/li>\n<\/ul>\n<li>Devoci\u00f3n confiada a la Virgen Madre (la oraci\u00f3n: rela\u00adci\u00f3n filial con Dios y con Mar\u00eda&#8230;).<\/li>\n<li>Todos somos \u00abhijos de Mar\u00eda\u00bb y por tanto hermanos: \u00abdarnos\u00bb; caridad, justicia.<\/li>\n<\/ul>\n<h2><strong>Oraci\u00f3n<\/strong><\/h2>\n<p><strong>Oraci\u00f3n personal:<\/strong><\/p>\n<p><em>Monici\u00f3n: <\/em>Pidamos en silencio, por la maternal intercesi\u00f3n de la Virgen Mar\u00eda, las gracias que necesitamos. Oremos unos por otros, los que aqu\u00ed nos sentimos unidos por el mismo amor y la misma confianza en tan buena Madre.<\/p>\n<p><em>Oraci\u00f3n en silencio&#8230;<\/em><\/p>\n<p><strong>Oraci\u00f3n universal:<\/strong><em><\/em><\/p>\n<p><em>Monici\u00f3n: <\/em>La letan\u00eda que a continuaci\u00f3n vamos a dirigir a nuestra Madre del cielo est\u00e1 formada por invocaciones con que los Papas la han honrado en sus escritos y discursos. Conteste\u00admos a cada una de ellas \u00abRuega por nosotros\u00bb.<\/p>\n<p><em>Preces:<\/em><\/p>\n<ul>\n<li>Mar\u00eda, fuente limpia de fe<\/li>\n<li>Predilecta de Dios<\/li>\n<li>Triunfadora del mal y de la muerte<\/li>\n<li>Madre dulc\u00edsima<\/li>\n<li>Vencedora en todas las batallas de Dios<\/li>\n<li>Reina de los dolores<\/li>\n<li>Fuerza y consuelo de nuestra vida mortal<\/li>\n<li>Coraz\u00f3n que salta de ternura<\/li>\n<li>Ojos de pupila misericordiosa<\/li>\n<li>Poseedora del coraz\u00f3n de Dios<\/li>\n<li>Ojos que conocen el llanto<\/li>\n<li>La m\u00e1s inocente de las criaturas<\/li>\n<li>Madre del eterno sacerdote<\/li>\n<li>Criatura la m\u00e1s bella de todas<\/li>\n<li>Calor vivificante<\/li>\n<li>Vencedora del demonio<\/li>\n<li>Delicia del cielo<\/li>\n<li>Reina del mundo<\/li>\n<\/ul>\n<p><em>Oremos: <\/em>Virgen santa, en los esplendores de tu gloria no olvidas las tristezas de la tierra. Echa una mirada bondadosa sobre los que sufren, luchan contra las dificultades y no cesan de apurar en esta vida el c\u00e1liz de la amargura. Ten piedad de los que se amaban y han sido separados. Ten piedad de la debilidad de nuestra fe. Ten piedad de los objetos de nuestra ternura. Ten piedad de los que lloran, de los que ruegan, de los que tiemblan. Da a todos la esperanza y la paz. Am\u00e9n.<\/p>\n<p><em>Oh Mar\u00eda, sin pecado concebida&#8230;<\/em><\/p>\n<p><em>Padre nuestro&#8230;<\/em><\/p>\n<h2><strong>Conclusi\u00f3n<\/strong><\/h2>\n<p><strong>Monici\u00f3n final:<\/strong><\/p>\n<p><em>(El objeto de esta monici\u00f3n es proyectar la celebraci\u00f3n a la vida&#8230;).<\/em><\/p>\n<p>Bendici\u00f3n:<\/p>\n<ul>\n<li>Que el Dios de todo consuelo disponga vuestros d\u00edas en su paz. Am\u00e9n.<\/li>\n<li>Que \u00e9l os libre de toda perturbaci\u00f3n y afiance vuestros corazones en su amor. Am\u00e9n.<\/li>\n<li>Que, enriquecidos por los dones de la fe, la esperanza y la caridad, abund\u00e9is en esta vida en buenas obras y alcanc\u00e9is sus frutos en la eterna. Am\u00e9n.<\/li>\n<\/ul>\n<p>Canto final<\/p>\n","protected":false},"excerpt":{"rendered":"<p>Introducci\u00f3n Canto: Oh Mar\u00eda, sin pecado concebida, ruega por nosotros que recurrimos a ti. Saludo: Hermanos: Llenaos del Esp\u00edritu, recitad entre vosotros salmos, himnos y c\u00e1nticos inspirados; cantad y salmodiad en vuestro coraz\u00f3n al Se\u00f1or, &#8230; <a href=\"https:\/\/vincentians.com\/es\/novena-a-la-medalla-milagrosa-dia-2-madre-buena\/\" class=\"more-link\">Read More<\/a><\/p>\n","protected":false},"author":4,"featured_media":37524,"comment_status":"open","ping_status":"open","sticky":false,"template":"","format":"standard","meta":{"jetpack_post_was_ever_published":false,"_jetpack_newsletter_access":"","_jetpack_dont_email_post_to_subs":false,"_jetpack_newsletter_tier_id":0,"_jetpack_memberships_contains_paywalled_content":false,"_jetpack_memberships_contains_paid_content":false,"footnotes":"","jetpack_publicize_message":"","jetpack_publicize_feature_enabled":true,"jetpack_social_post_already_shared":true,"jetpack_social_options":{"image_generator_settings":{"template":"highway","default_image_id":0,"font":"","enabled":false},"version":2}},"categories":[8],"tags":[190],"class_list":["post-53048","post","type-post","status-publish","format-standard","has-post-thumbnail","hentry","category-virgen-maria","tag-rue-du-bac"],"yoast_head":"<!-- This site is optimized with the Yoast SEO plugin v26.3 - https:\/\/yoast.com\/wordpress\/plugins\/seo\/ -->\n<title>Novena a la Medalla Milagrosa: D\u00eda 2, Madre buena - Somos Vicencianos<\/title>\n<meta name=\"robots\" content=\"index, follow, max-snippet:-1, max-image-preview:large, max-video-preview:-1\" \/>\n<link rel=\"canonical\" href=\"https:\/\/vincentians.com\/es\/novena-a-la-medalla-milagrosa-dia-2-madre-buena\/\" \/>\n<meta property=\"og:locale\" content=\"es_ES\" \/>\n<meta property=\"og:type\" content=\"article\" \/>\n<meta property=\"og:title\" content=\"Novena a la Medalla Milagrosa: D\u00eda 2, Madre buena - Somos Vicencianos\" \/>\n<meta property=\"og:description\" content=\"Introducci\u00f3n Canto: Oh Mar\u00eda, sin pecado concebida, ruega por nosotros que recurrimos a ti. Saludo: Hermanos: Llenaos del Esp\u00edritu, recitad entre vosotros salmos, himnos y c\u00e1nticos inspirados; cantad y salmodiad en vuestro coraz\u00f3n al Se\u00f1or, ... Read More\" \/>\n<meta property=\"og:url\" content=\"https:\/\/vincentians.com\/es\/novena-a-la-medalla-milagrosa-dia-2-madre-buena\/\" \/>\n<meta property=\"og:site_name\" content=\"Somos Vicencianos\" \/>\n<meta property=\"article:publisher\" content=\"https:\/\/www.facebook.com\/WeAreVincentians\/\" \/>\n<meta property=\"article:author\" content=\"https:\/\/www.facebook.com\/JavierChento\" \/>\n<meta property=\"article:published_time\" content=\"2011-11-20T03:01:57+00:00\" \/>\n<meta property=\"article:modified_time\" content=\"2016-07-26T15:29:20+00:00\" \/>\n<meta name=\"author\" content=\"Francisco Javier Fern\u00e1ndez Chento\" \/>\n<meta name=\"twitter:card\" content=\"summary_large_image\" \/>\n<meta name=\"twitter:creator\" content=\"@https:\/\/twitter.com\/javierchento\" \/>\n<meta name=\"twitter:site\" content=\"@WeVincentians\" \/>\n<meta name=\"twitter:label1\" content=\"Escrito por\" \/>\n\t<meta name=\"twitter:data1\" content=\"Francisco Javier Fern\u00e1ndez Chento\" \/>\n\t<meta name=\"twitter:label2\" content=\"Tiempo de lectura\" \/>\n\t<meta name=\"twitter:data2\" content=\"9 minutos\" \/>\n<script type=\"application\/ld+json\" class=\"yoast-schema-graph\">{\"@context\":\"https:\/\/schema.org\",\"@graph\":[{\"@type\":\"Article\",\"@id\":\"https:\/\/vincentians.com\/es\/novena-a-la-medalla-milagrosa-dia-2-madre-buena\/#article\",\"isPartOf\":{\"@id\":\"https:\/\/vincentians.com\/es\/novena-a-la-medalla-milagrosa-dia-2-madre-buena\/\"},\"author\":{\"name\":\"Francisco Javier Fern\u00e1ndez Chento\",\"@id\":\"http:\/\/vincentians.com\/es\/#\/schema\/person\/9623ef4d9aa3b2dfb8c061f1499288f2\"},\"headline\":\"Novena a la Medalla Milagrosa: D\u00eda 2, Madre buena\",\"datePublished\":\"2011-11-20T03:01:57+00:00\",\"dateModified\":\"2016-07-26T15:29:20+00:00\",\"mainEntityOfPage\":{\"@id\":\"https:\/\/vincentians.com\/es\/novena-a-la-medalla-milagrosa-dia-2-madre-buena\/\"},\"wordCount\":1804,\"commentCount\":0,\"publisher\":{\"@id\":\"http:\/\/vincentians.com\/es\/#organization\"},\"image\":{\"@id\":\"https:\/\/vincentians.com\/es\/novena-a-la-medalla-milagrosa-dia-2-madre-buena\/#primaryimage\"},\"thumbnailUrl\":\"\",\"keywords\":[\"Rue du Bac\"],\"articleSection\":[\"Virgen Mar\u00eda\"],\"inLanguage\":\"es\",\"potentialAction\":[{\"@type\":\"CommentAction\",\"name\":\"Comment\",\"target\":[\"https:\/\/vincentians.com\/es\/novena-a-la-medalla-milagrosa-dia-2-madre-buena\/#respond\"]}]},{\"@type\":\"WebPage\",\"@id\":\"https:\/\/vincentians.com\/es\/novena-a-la-medalla-milagrosa-dia-2-madre-buena\/\",\"url\":\"https:\/\/vincentians.com\/es\/novena-a-la-medalla-milagrosa-dia-2-madre-buena\/\",\"name\":\"Novena a la Medalla Milagrosa: D\u00eda 2, Madre buena - Somos Vicencianos\",\"isPartOf\":{\"@id\":\"http:\/\/vincentians.com\/es\/#website\"},\"primaryImageOfPage\":{\"@id\":\"https:\/\/vincentians.com\/es\/novena-a-la-medalla-milagrosa-dia-2-madre-buena\/#primaryimage\"},\"image\":{\"@id\":\"https:\/\/vincentians.com\/es\/novena-a-la-medalla-milagrosa-dia-2-madre-buena\/#primaryimage\"},\"thumbnailUrl\":\"\",\"datePublished\":\"2011-11-20T03:01:57+00:00\",\"dateModified\":\"2016-07-26T15:29:20+00:00\",\"breadcrumb\":{\"@id\":\"https:\/\/vincentians.com\/es\/novena-a-la-medalla-milagrosa-dia-2-madre-buena\/#breadcrumb\"},\"inLanguage\":\"es\",\"potentialAction\":[{\"@type\":\"ReadAction\",\"target\":[\"https:\/\/vincentians.com\/es\/novena-a-la-medalla-milagrosa-dia-2-madre-buena\/\"]}]},{\"@type\":\"ImageObject\",\"inLanguage\":\"es\",\"@id\":\"https:\/\/vincentians.com\/es\/novena-a-la-medalla-milagrosa-dia-2-madre-buena\/#primaryimage\",\"url\":\"\",\"contentUrl\":\"\"},{\"@type\":\"BreadcrumbList\",\"@id\":\"https:\/\/vincentians.com\/es\/novena-a-la-medalla-milagrosa-dia-2-madre-buena\/#breadcrumb\",\"itemListElement\":[{\"@type\":\"ListItem\",\"position\":1,\"name\":\"Portada\",\"item\":\"http:\/\/vincentians.com\/es\/\"},{\"@type\":\"ListItem\",\"position\":2,\"name\":\"Novena a la Medalla Milagrosa: D\u00eda 2, Madre buena\"}]},{\"@type\":\"WebSite\",\"@id\":\"http:\/\/vincentians.com\/es\/#website\",\"url\":\"http:\/\/vincentians.com\/es\/\",\"name\":\"Somos Vicencianos\",\"description\":\"Know more to serve more\",\"publisher\":{\"@id\":\"http:\/\/vincentians.com\/es\/#organization\"},\"potentialAction\":[{\"@type\":\"SearchAction\",\"target\":{\"@type\":\"EntryPoint\",\"urlTemplate\":\"http:\/\/vincentians.com\/es\/?s={search_term_string}\"},\"query-input\":{\"@type\":\"PropertyValueSpecification\",\"valueRequired\":true,\"valueName\":\"search_term_string\"}}],\"inLanguage\":\"es\"},{\"@type\":\"Organization\",\"@id\":\"http:\/\/vincentians.com\/es\/#organization\",\"name\":\"The Vincentian Network\",\"url\":\"http:\/\/vincentians.com\/es\/\",\"logo\":{\"@type\":\"ImageObject\",\"inLanguage\":\"es\",\"@id\":\"http:\/\/vincentians.com\/es\/#\/schema\/logo\/image\/\",\"url\":\"https:\/\/i1.wp.com\/vincentians.com\/es\/wp-content\/uploads\/sites\/11\/2016\/06\/Vincentian-Network-logo-big.png?fit=778%2C778\",\"contentUrl\":\"https:\/\/i1.wp.com\/vincentians.com\/es\/wp-content\/uploads\/sites\/11\/2016\/06\/Vincentian-Network-logo-big.png?fit=778%2C778\",\"width\":778,\"height\":778,\"caption\":\"The Vincentian Network\"},\"image\":{\"@id\":\"http:\/\/vincentians.com\/es\/#\/schema\/logo\/image\/\"},\"sameAs\":[\"https:\/\/www.facebook.com\/WeAreVincentians\/\",\"https:\/\/x.com\/WeVincentians\"]},{\"@type\":\"Person\",\"@id\":\"http:\/\/vincentians.com\/es\/#\/schema\/person\/9623ef4d9aa3b2dfb8c061f1499288f2\",\"name\":\"Francisco Javier Fern\u00e1ndez Chento\",\"image\":{\"@type\":\"ImageObject\",\"inLanguage\":\"es\",\"@id\":\"http:\/\/vincentians.com\/es\/#\/schema\/person\/image\/\",\"url\":\"https:\/\/secure.gravatar.com\/avatar\/497d5cde87b4c3d097d0315953521681ba2cd523ee66e5077c3711f7021e65de?s=96&d=mm&r=g\",\"contentUrl\":\"https:\/\/secure.gravatar.com\/avatar\/497d5cde87b4c3d097d0315953521681ba2cd523ee66e5077c3711f7021e65de?s=96&d=mm&r=g\",\"caption\":\"Francisco Javier Fern\u00e1ndez Chento\"},\"description\":\"Director General y cofundador de La Red de Formaci\u00f3n Vicenciana. Javier es laico vicenciano, afiliado a la Congregaci\u00f3n de la Misi\u00f3n y miembro del Equipo de Misiones Populares de la provincia can\u00f3nica de Zaragoza (Espa\u00f1a) de la Congregaci\u00f3n de la Misi\u00f3n. Graduado en la Universidad Oberta de Catalunya con cuatro grados (Asistente de direcci\u00f3n, Gesti\u00f3n Administrativa, Recursos Humanos y Contabilidad Avanzada). Bil\u00edng\u00fce Espa\u00f1ol\/Ingl\u00e9s. gestiona y mantiene varias p\u00e1ginas web cristianas y vicencianas, incluida including La Red de Formaci\u00f3n Vicenciana, de la que es cofundador. Actualmente es responsable del \u00e1rea de Espa\u00f1ol de .famvin, la Red de Noticias de la Familia Vicenciana. Tambi\u00e9n es m\u00fasico cat\u00f3lico y ha editado varios discos. Es Director General y cofundador de Trovador, una reconocida compa\u00f1\u00eda discogr\u00e1fica critiana de Espa\u00f1a. Trabaja en las Tecnolog\u00edas de la Informaci\u00f3n, ofreciendo servicios de alojamiento, dise\u00f1o y mantenimiento Web, as\u00ed como asesoramiento, formaci\u00f3n y soluciones inform\u00e1ticas, gesti\u00f3n documental y digitalizaci\u00f3n de textos, edici\u00f3n y maquetaci\u00f3n de libros, revistas, flyers, etc.\",\"sameAs\":[\"http:\/\/chento.org\",\"https:\/\/www.facebook.com\/JavierChento\",\"https:\/\/x.com\/https:\/\/twitter.com\/javierchento\"],\"url\":\"https:\/\/vincentians.com\/es\/author\/chento\/\"}]}<\/script>\n<!-- \/ Yoast SEO plugin. -->","yoast_head_json":{"title":"Novena a la Medalla Milagrosa: D\u00eda 2, Madre buena - Somos Vicencianos","robots":{"index":"index","follow":"follow","max-snippet":"max-snippet:-1","max-image-preview":"max-image-preview:large","max-video-preview":"max-video-preview:-1"},"canonical":"https:\/\/vincentians.com\/es\/novena-a-la-medalla-milagrosa-dia-2-madre-buena\/","og_locale":"es_ES","og_type":"article","og_title":"Novena a la Medalla Milagrosa: D\u00eda 2, Madre buena - Somos Vicencianos","og_description":"Introducci\u00f3n Canto: Oh Mar\u00eda, sin pecado concebida, ruega por nosotros que recurrimos a ti. Saludo: Hermanos: Llenaos del Esp\u00edritu, recitad entre vosotros salmos, himnos y c\u00e1nticos inspirados; cantad y salmodiad en vuestro coraz\u00f3n al Se\u00f1or, ... Read More","og_url":"https:\/\/vincentians.com\/es\/novena-a-la-medalla-milagrosa-dia-2-madre-buena\/","og_site_name":"Somos Vicencianos","article_publisher":"https:\/\/www.facebook.com\/WeAreVincentians\/","article_author":"https:\/\/www.facebook.com\/JavierChento","article_published_time":"2011-11-20T03:01:57+00:00","article_modified_time":"2016-07-26T15:29:20+00:00","author":"Francisco Javier Fern\u00e1ndez Chento","twitter_card":"summary_large_image","twitter_creator":"@https:\/\/twitter.com\/javierchento","twitter_site":"@WeVincentians","twitter_misc":{"Escrito por":"Francisco Javier Fern\u00e1ndez Chento","Tiempo de lectura":"9 minutos"},"schema":{"@context":"https:\/\/schema.org","@graph":[{"@type":"Article","@id":"https:\/\/vincentians.com\/es\/novena-a-la-medalla-milagrosa-dia-2-madre-buena\/#article","isPartOf":{"@id":"https:\/\/vincentians.com\/es\/novena-a-la-medalla-milagrosa-dia-2-madre-buena\/"},"author":{"name":"Francisco Javier Fern\u00e1ndez Chento","@id":"http:\/\/vincentians.com\/es\/#\/schema\/person\/9623ef4d9aa3b2dfb8c061f1499288f2"},"headline":"Novena a la Medalla Milagrosa: D\u00eda 2, Madre buena","datePublished":"2011-11-20T03:01:57+00:00","dateModified":"2016-07-26T15:29:20+00:00","mainEntityOfPage":{"@id":"https:\/\/vincentians.com\/es\/novena-a-la-medalla-milagrosa-dia-2-madre-buena\/"},"wordCount":1804,"commentCount":0,"publisher":{"@id":"http:\/\/vincentians.com\/es\/#organization"},"image":{"@id":"https:\/\/vincentians.com\/es\/novena-a-la-medalla-milagrosa-dia-2-madre-buena\/#primaryimage"},"thumbnailUrl":"","keywords":["Rue du Bac"],"articleSection":["Virgen Mar\u00eda"],"inLanguage":"es","potentialAction":[{"@type":"CommentAction","name":"Comment","target":["https:\/\/vincentians.com\/es\/novena-a-la-medalla-milagrosa-dia-2-madre-buena\/#respond"]}]},{"@type":"WebPage","@id":"https:\/\/vincentians.com\/es\/novena-a-la-medalla-milagrosa-dia-2-madre-buena\/","url":"https:\/\/vincentians.com\/es\/novena-a-la-medalla-milagrosa-dia-2-madre-buena\/","name":"Novena a la Medalla Milagrosa: D\u00eda 2, Madre buena - Somos Vicencianos","isPartOf":{"@id":"http:\/\/vincentians.com\/es\/#website"},"primaryImageOfPage":{"@id":"https:\/\/vincentians.com\/es\/novena-a-la-medalla-milagrosa-dia-2-madre-buena\/#primaryimage"},"image":{"@id":"https:\/\/vincentians.com\/es\/novena-a-la-medalla-milagrosa-dia-2-madre-buena\/#primaryimage"},"thumbnailUrl":"","datePublished":"2011-11-20T03:01:57+00:00","dateModified":"2016-07-26T15:29:20+00:00","breadcrumb":{"@id":"https:\/\/vincentians.com\/es\/novena-a-la-medalla-milagrosa-dia-2-madre-buena\/#breadcrumb"},"inLanguage":"es","potentialAction":[{"@type":"ReadAction","target":["https:\/\/vincentians.com\/es\/novena-a-la-medalla-milagrosa-dia-2-madre-buena\/"]}]},{"@type":"ImageObject","inLanguage":"es","@id":"https:\/\/vincentians.com\/es\/novena-a-la-medalla-milagrosa-dia-2-madre-buena\/#primaryimage","url":"","contentUrl":""},{"@type":"BreadcrumbList","@id":"https:\/\/vincentians.com\/es\/novena-a-la-medalla-milagrosa-dia-2-madre-buena\/#breadcrumb","itemListElement":[{"@type":"ListItem","position":1,"name":"Portada","item":"http:\/\/vincentians.com\/es\/"},{"@type":"ListItem","position":2,"name":"Novena a la Medalla Milagrosa: D\u00eda 2, Madre buena"}]},{"@type":"WebSite","@id":"http:\/\/vincentians.com\/es\/#website","url":"http:\/\/vincentians.com\/es\/","name":"Somos Vicencianos","description":"Know more to serve more","publisher":{"@id":"http:\/\/vincentians.com\/es\/#organization"},"potentialAction":[{"@type":"SearchAction","target":{"@type":"EntryPoint","urlTemplate":"http:\/\/vincentians.com\/es\/?s={search_term_string}"},"query-input":{"@type":"PropertyValueSpecification","valueRequired":true,"valueName":"search_term_string"}}],"inLanguage":"es"},{"@type":"Organization","@id":"http:\/\/vincentians.com\/es\/#organization","name":"The Vincentian Network","url":"http:\/\/vincentians.com\/es\/","logo":{"@type":"ImageObject","inLanguage":"es","@id":"http:\/\/vincentians.com\/es\/#\/schema\/logo\/image\/","url":"https:\/\/i1.wp.com\/vincentians.com\/es\/wp-content\/uploads\/sites\/11\/2016\/06\/Vincentian-Network-logo-big.png?fit=778%2C778","contentUrl":"https:\/\/i1.wp.com\/vincentians.com\/es\/wp-content\/uploads\/sites\/11\/2016\/06\/Vincentian-Network-logo-big.png?fit=778%2C778","width":778,"height":778,"caption":"The Vincentian Network"},"image":{"@id":"http:\/\/vincentians.com\/es\/#\/schema\/logo\/image\/"},"sameAs":["https:\/\/www.facebook.com\/WeAreVincentians\/","https:\/\/x.com\/WeVincentians"]},{"@type":"Person","@id":"http:\/\/vincentians.com\/es\/#\/schema\/person\/9623ef4d9aa3b2dfb8c061f1499288f2","name":"Francisco Javier Fern\u00e1ndez Chento","image":{"@type":"ImageObject","inLanguage":"es","@id":"http:\/\/vincentians.com\/es\/#\/schema\/person\/image\/","url":"https:\/\/secure.gravatar.com\/avatar\/497d5cde87b4c3d097d0315953521681ba2cd523ee66e5077c3711f7021e65de?s=96&d=mm&r=g","contentUrl":"https:\/\/secure.gravatar.com\/avatar\/497d5cde87b4c3d097d0315953521681ba2cd523ee66e5077c3711f7021e65de?s=96&d=mm&r=g","caption":"Francisco Javier Fern\u00e1ndez Chento"},"description":"Director General y cofundador de La Red de Formaci\u00f3n Vicenciana. Javier es laico vicenciano, afiliado a la Congregaci\u00f3n de la Misi\u00f3n y miembro del Equipo de Misiones Populares de la provincia can\u00f3nica de Zaragoza (Espa\u00f1a) de la Congregaci\u00f3n de la Misi\u00f3n. Graduado en la Universidad Oberta de Catalunya con cuatro grados (Asistente de direcci\u00f3n, Gesti\u00f3n Administrativa, Recursos Humanos y Contabilidad Avanzada). Bil\u00edng\u00fce Espa\u00f1ol\/Ingl\u00e9s. gestiona y mantiene varias p\u00e1ginas web cristianas y vicencianas, incluida including La Red de Formaci\u00f3n Vicenciana, de la que es cofundador. Actualmente es responsable del \u00e1rea de Espa\u00f1ol de .famvin, la Red de Noticias de la Familia Vicenciana. Tambi\u00e9n es m\u00fasico cat\u00f3lico y ha editado varios discos. Es Director General y cofundador de Trovador, una reconocida compa\u00f1\u00eda discogr\u00e1fica critiana de Espa\u00f1a. Trabaja en las Tecnolog\u00edas de la Informaci\u00f3n, ofreciendo servicios de alojamiento, dise\u00f1o y mantenimiento Web, as\u00ed como asesoramiento, formaci\u00f3n y soluciones inform\u00e1ticas, gesti\u00f3n documental y digitalizaci\u00f3n de textos, edici\u00f3n y maquetaci\u00f3n de libros, revistas, flyers, etc.","sameAs":["http:\/\/chento.org","https:\/\/www.facebook.com\/JavierChento","https:\/\/x.com\/https:\/\/twitter.com\/javierchento"],"url":"https:\/\/vincentians.com\/es\/author\/chento\/"}]}},"jetpack_publicize_connections":[],"jetpack_featured_media_url":"","jetpack_sharing_enabled":true,"jetpack_shortlink":"https:\/\/wp.me\/p7ETMF-dNC","jetpack-related-posts":[{"id":125229,"url":"https:\/\/vincentians.com\/es\/novena-a-la-virgen-milagrosa-2013-dia-cuarto\/","url_meta":{"origin":53048,"position":0},"title":"Novena a la Virgen Milagrosa 2013: D\u00eda cuarto","author":"Francisco Javier Fern\u00e1ndez Chento","date":"22\/11\/2013","format":false,"excerpt":"Ay\u00fadanos a DEJARNOS TOCAR por el amor de Jes\u00fas, para que podamos tocarlo en la fe. (Las visiones y apariciones a Santa Catalina) MONICI\u00d3N DE ENTRADA En este cuarto d\u00eda de la Novena, contemplaremos, siguiendo la carta del Papa Francisco, c\u00f3mo el amor de Dios toca nuestras vidas. La fe,\u2026","rel":"","context":"En \u00abVirgen Mar\u00eda\u00bb","block_context":{"text":"Virgen Mar\u00eda","link":"https:\/\/vincentians.com\/es\/category\/espiritualidad\/virgen-maria\/"},"img":{"alt_text":"Milagrosa_Pamplona_2013","src":"https:\/\/i0.wp.com\/vicencianos.org\/wp-content\/2012\/11\/Milagrosa_Pamplona_2013-201x300.jpg?resize=350%2C200","width":350,"height":200},"classes":[]},{"id":125224,"url":"https:\/\/vincentians.com\/es\/novena-a-la-virgen-milagrosa-2013-dia-tercero\/","url_meta":{"origin":53048,"position":1},"title":"Novena a la Virgen Milagrosa 2013: D\u00eda tercero","author":"Francisco Javier Fern\u00e1ndez Chento","date":"21\/11\/2013","format":false,"excerpt":"Aviva en nosotros el deseo de SEGUIR LOS PASOS DE JES\u00daS, saliendo de nuestra tierra y confiando en su promesa. (Dificultades para seguir la vocaci\u00f3n) MONICI\u00d3N DE ENTRADA Bienvenidos al pie de este altar. Si ayer la oraci\u00f3n del Papa nos llevaba a escuchar la Palabra y la Llamada, hoy\u2026","rel":"","context":"En \u00abVirgen Mar\u00eda\u00bb","block_context":{"text":"Virgen Mar\u00eda","link":"https:\/\/vincentians.com\/es\/category\/espiritualidad\/virgen-maria\/"},"img":{"alt_text":"Milagrosa_Pamplona_2013","src":"https:\/\/i0.wp.com\/vicencianos.org\/wp-content\/2012\/11\/Milagrosa_Pamplona_2013-201x300.jpg?resize=350%2C200","width":350,"height":200},"classes":[]},{"id":125542,"url":"https:\/\/vincentians.com\/es\/novena-a-la-virgen-milagrosa-2013-dia-septimo\/","url_meta":{"origin":53048,"position":2},"title":"Novena a la Virgen Milagrosa 2013: D\u00eda s\u00e9ptimo","author":"Francisco Javier Fern\u00e1ndez Chento","date":"25\/11\/2013","format":false,"excerpt":"Recu\u00e9rdanos que quien cree no est\u00e1 nunca solo. (La comunidad y la Iglesia) MONICI\u00d3N DE ENTRADA Bienvenidos a la celebraci\u00f3n de este s\u00e9ptimo d\u00eda de la novena, en el que meditaremos sobre nuestra fe en comunidad, en la Iglesia. No podemos vivir la fe en solitario, en la intimidad de\u2026","rel":"","context":"En \u00abVirgen Mar\u00eda\u00bb","block_context":{"text":"Virgen Mar\u00eda","link":"https:\/\/vincentians.com\/es\/category\/espiritualidad\/virgen-maria\/"},"img":{"alt_text":"Milagrosa_Pamplona_2013","src":"https:\/\/i0.wp.com\/vicencianos.org\/wp-content\/2012\/11\/Milagrosa_Pamplona_2013-201x300.jpg?resize=350%2C200","width":350,"height":200},"classes":[]},{"id":125218,"url":"https:\/\/vincentians.com\/es\/novena-a-la-milagrosa-2013-dia-primero\/","url_meta":{"origin":53048,"position":3},"title":"Novena a la Virgen Milagrosa 2013: D\u00eda primero","author":"Francisco Javier Fern\u00e1ndez Chento","date":"19\/11\/2013","format":false,"excerpt":"MADRE de la Iglesia y de nuestra fe\u2026: \u00a1Ayuda nuestra fe! MONICI\u00d3N DE ENTRADA Bienvenidos a esta celebraci\u00f3n. Como todos los a\u00f1os comenzamos hoy, martes 19 de noviembre de 2013, las celebraciones en honor a la Virgen Milagrosa. Durante nueve d\u00edas, a la luz de la palabra de Dios, de\u2026","rel":"","context":"En \u00abVirgen Mar\u00eda\u00bb","block_context":{"text":"Virgen Mar\u00eda","link":"https:\/\/vincentians.com\/es\/category\/espiritualidad\/virgen-maria\/"},"img":{"alt_text":"Milagrosa_Pamplona_2013","src":"https:\/\/i0.wp.com\/vicencianos.org\/wp-content\/2012\/11\/Milagrosa_Pamplona_2013-201x300.jpg?resize=350%2C200","width":350,"height":200},"classes":[]},{"id":134890,"url":"https:\/\/vincentians.com\/es\/2o-domingo-de-navidad-reflexion-de-jose-cervantes-gabarron\/","url_meta":{"origin":53048,"position":4},"title":"2\u00ba Domingo de Navidad (reflexi\u00f3n de Jos\u00e9 Cervantes Gabarr\u00f3n)","author":"Francisco Javier Fern\u00e1ndez Chento","date":"03\/01\/2015","format":false,"excerpt":"Felicidades: Seguimos en Navidad Seguimos en Navidad y por eso el mundo cristiano marca el comienzo del\u00a0a\u00f1o nuevo con el nacimiento de Jes\u00fas.\u00a0No es s\u00f3lo que Jes\u00fas naciera en estas fechas del a\u00f1o, sino que, porque \u00c9l naci\u00f3, vino con \u00e9l el tiempo de la gracia y del Esp\u00edritu, el\u2026","rel":"","context":"En \u00abHomil\u00edas y reflexiones, A\u00f1o B\u00bb","block_context":{"text":"Homil\u00edas y reflexiones, A\u00f1o B","link":"https:\/\/vincentians.com\/es\/category\/homilias-y-reflexiones-a-la-palabra-de-dios\/homilias-y-reflexiones-ano-b\/"},"img":{"alt_text":"","src":"https:\/\/i0.wp.com\/vincentians.com\/es\/wp-content\/uploads\/sites\/11\/2016\/07\/reflexiones-palabra-de-dios.jpg?fit=1200%2C630&ssl=1&resize=350%2C200","width":350,"height":200,"srcset":"https:\/\/i0.wp.com\/vincentians.com\/es\/wp-content\/uploads\/sites\/11\/2016\/07\/reflexiones-palabra-de-dios.jpg?fit=1200%2C630&ssl=1&resize=350%2C200 1x, https:\/\/i0.wp.com\/vincentians.com\/es\/wp-content\/uploads\/sites\/11\/2016\/07\/reflexiones-palabra-de-dios.jpg?fit=1200%2C630&ssl=1&resize=525%2C300 1.5x, https:\/\/i0.wp.com\/vincentians.com\/es\/wp-content\/uploads\/sites\/11\/2016\/07\/reflexiones-palabra-de-dios.jpg?fit=1200%2C630&ssl=1&resize=700%2C400 2x, https:\/\/i0.wp.com\/vincentians.com\/es\/wp-content\/uploads\/sites\/11\/2016\/07\/reflexiones-palabra-de-dios.jpg?fit=1200%2C630&ssl=1&resize=1050%2C600 3x"},"classes":[]},{"id":114696,"url":"https:\/\/vincentians.com\/es\/novena-a-la-virgen-milagrosa-2012-dia-2o\/","url_meta":{"origin":53048,"position":5},"title":"Novena a la Virgen Milagrosa 2012: D\u00eda 2\u00ba","author":"Francisco Javier Fern\u00e1ndez Chento","date":"20\/11\/2012","format":false,"excerpt":"A vino nuevo, odres nuevos MONICI\u00d3N DE ENTRADA Bienvenidos al encuentro con la Palabra, a partir el pan de la Eucarist\u00eda y a celebrar la fe en comunidad de hermanos. Nadie ha nacido con las Matem\u00e1ticas aprendidas, ni nadie nace con una Fe desarrollada. La Fe tambi\u00e9n se educa y\u2026","rel":"","context":"En \u00abVirgen Mar\u00eda\u00bb","block_context":{"text":"Virgen Mar\u00eda","link":"https:\/\/vincentians.com\/es\/category\/espiritualidad\/virgen-maria\/"},"img":{"alt_text":"","src":"https:\/\/i0.wp.com\/vicencianos.org\/wp-content\/2012\/11\/novena_milagrosa_2012_portada-211x300.jpg?resize=350%2C200","width":350,"height":200},"classes":[]}],"_links":{"self":[{"href":"https:\/\/vincentians.com\/es\/wp-json\/wp\/v2\/posts\/53048","targetHints":{"allow":["GET"]}}],"collection":[{"href":"https:\/\/vincentians.com\/es\/wp-json\/wp\/v2\/posts"}],"about":[{"href":"https:\/\/vincentians.com\/es\/wp-json\/wp\/v2\/types\/post"}],"author":[{"embeddable":true,"href":"https:\/\/vincentians.com\/es\/wp-json\/wp\/v2\/users\/4"}],"replies":[{"embeddable":true,"href":"https:\/\/vincentians.com\/es\/wp-json\/wp\/v2\/comments?post=53048"}],"version-history":[{"count":0,"href":"https:\/\/vincentians.com\/es\/wp-json\/wp\/v2\/posts\/53048\/revisions"}],"wp:featuredmedia":[{"embeddable":true,"href":"https:\/\/vincentians.com\/es\/wp-json\/"}],"wp:attachment":[{"href":"https:\/\/vincentians.com\/es\/wp-json\/wp\/v2\/media?parent=53048"}],"wp:term":[{"taxonomy":"category","embeddable":true,"href":"https:\/\/vincentians.com\/es\/wp-json\/wp\/v2\/categories?post=53048"},{"taxonomy":"post_tag","embeddable":true,"href":"https:\/\/vincentians.com\/es\/wp-json\/wp\/v2\/tags?post=53048"}],"curies":[{"name":"wp","href":"https:\/\/api.w.org\/{rel}","templated":true}]}}