{"id":52965,"date":"2013-11-15T04:01:57","date_gmt":"2013-11-15T03:01:57","guid":{"rendered":"http:\/\/somos.vicencianos.org\/blog\/2011\/11\/una-medalla-y-ademas-%c2%abmilagrosa%c2%bb\/"},"modified":"2016-07-26T17:29:11","modified_gmt":"2016-07-26T15:29:11","slug":"una-medalla-y-ademas-milagrosa","status":"publish","type":"post","link":"https:\/\/vincentians.com\/es\/una-medalla-y-ademas-milagrosa\/","title":{"rendered":"Una Medalla y adem\u00e1s \u00abMilagrosa\u00bb"},"content":{"rendered":"<h2><strong>1. \u00abDios se ha quedado como mudo y no tiene m\u00e1s que hablar\u00bb<\/strong><\/h2>\n<p><a href=\"http:\/\/vicencianos.org\/blog\/2012\/11\/14\/una-medalla-y-ademas-%c2%abmilagrosa%c2%bb\/medalla_milagrosa_anverso\/\" rel=\"attachment wp-att-115027\"><img data-recalc-dims=\"1\" loading=\"lazy\" decoding=\"async\" class=\"alignright size-medium wp-image-115027\" title=\"medalla_milagrosa_anverso\" alt=\"\" src=\"https:\/\/i0.wp.com\/vicencianos.org\/wp-content\/2012\/11\/medalla_milagrosa_anverso-213x300.jpg?resize=213%2C300\" width=\"213\" height=\"300\" \/><\/a>San Juan de la Cruz, un gran m\u00edstico, se pone a meditar en la primera frase de la carta de San Pablo a los hebreos: \u00abEn m\u00faltiples ocasiones y de muchas maneras habl\u00f3 Dios antigua\u00admente a nuestros padres por los profetas, pero ahora, en esta etapa final, nos ha hablado por medio del Hijo, a quien hizo heredero de todo\u00bb. Y nos suelta este comentario, insuperable por lo expresivo: \u00abEn lo cual da a entender San Pablo que Dios ha quedado como mudo y no tiene m\u00e1s que hablar, porque lo que hablaba antes en parte por los profetas, ya lo ha hablado en \u00e9l todo, d\u00e1ndonos el Todo que es su Hijo\u00bb (Subida al Monte Carmelo, 1.2, XXII, 4). Menos gr\u00e1ficamente dicen lo mismo los te\u00f3logos cuando afirman que la revelaci\u00f3n <em>p\u00fablica <\/em>de Dios al mundo se cerr\u00f3 con el \u00faltimo de los ap\u00f3stoles, es decir, con la \u00faltima p\u00e1gina del Nuevo Testamento. En realidad Cristo es la Palabra de Dios y Cristo, que es el mismo \u00abayer, hoy y siempre\u00bb (Heb 13, 8[\/note] se basta solo para ense\u00f1arnos el camino desde el principio hasta el fm. Pero&#8230;<strong><\/strong><\/p>\n<h2><strong>2. <\/strong><strong>\u00abLas revelaciones privadas aut\u00e9nticas, pueden constituir la base de una misi\u00f3n prof\u00e9tica del particular en orden a la Iglesia\u00bb<\/strong><\/h2>\n<p>Esta frase la he tomado de un Diccionario Teol\u00f3gico con autoridad (Rahner-Vorgrimler, Herder) y con ella se da por supuesto que existe la revelaci\u00f3n <em>p\u00fablica <\/em>(Sagrada Escritura) y las revelaciones privadas. Y entonces se le puede decir a San Juan de la Cruz, quien por otra parte admite desde luego estas revelaciones privadas, que Dios no se ha quedado tan mudo y tiene mucho que hablar, aunque s\u00f3lo sea repetir lo dicho para que acabemos de entenderlo y sobre todo de aplicarlo. \u00abEl vidente, en este sentido (supongamos a Catalina Labour\u00e9, la vidente de la Medalla Milagrosa) viene a hacer una lectura de la Palabra que Dios habla a trav\u00e9s de los signos de los tiempos. Esa lectura se expresa en la experiencia de la oraci\u00f3n, en la comunicaci\u00f3n personal que contiene, en el mensaje que la acompa\u00f1a y en la misma vida de la vidente\u00bb (Valoraci\u00f3n prof\u00e9tica de las apariciones en la Iglesia, por Joaqu\u00edn Losada, Ceme 1981). Lo que sobre todo quiero decir en este apartado es que la Iglesia cat\u00f3lica, no s\u00f3lo el pueblo sino la jerarqu\u00eda (un tanto hura\u00f1a en este particular), ha admitido siempre la posibi\u00adlidad de las revelaciones privadas, es decir, que por m\u00e1s que al esp\u00edritu cient\u00edfico y experimental le cueste aceptarlo, nada se puede objetar contra el hecho de que \u00abel Cristo que vive y los que viven en Cristo\u00bb, sobre todo su madre la Virgen Mar\u00eda, puedan relacionarse con una persona de este mundo, para el bien de esta persona y de todas las que se presten a ello. Basta un poco de fe para admitir esto sin problemas.<strong><\/strong><\/p>\n<h2><strong>3. <\/strong><strong>\u00abUn tanto hura\u00f1a en este particular\u00bb<\/strong><\/h2>\n<p>He aplicado esta calificaci\u00f3n a la Jerarqu\u00eda eclesi\u00e1stica por su actitud ante las revelaciones privadas. Por poner un ejem\u00adplo, que hay muchos, el papa Benedicto XIV (1740-1758) sentenci\u00f3 as\u00ed: \u00abEs preciso saber que tal aprobaci\u00f3n (de las apariciones y revelaciones privadas) no significa otra cosa que el permiso para que, despu\u00e9s de un examen maduro, se publi\u00adquen para instrucci\u00f3n y utilidad de los fieles, ya que a estas revelaciones, aprobadas de esta manera, aunque no se les debe ni se les puede otorgar un asentimiento de la fe cat\u00f3lica, se les debe, sin embargo, un asentimiento de la fe humana, conforme a las reglas de la prudencia, de acuerdo con las cuales tales revelaciones son probables y piadosamente cre\u00edbles\u00bb (De servo\u00adrum Dei beatificatione, et Beatorum canonizatione 2, 32, 11). Benedicto XIV, resumiendo, dice tres cosas: 1) Que las revela\u00adciones privadas no son objeto de \u00abfe cat\u00f3lica\u00bb, lo que no quiere decir \u00abla fe de los cat\u00f3licos\u00bb, cuidado, sino \u00abla fe que se presta a Dios y a su Palabra revelada\u00bb. 2) Que, sin embargo, pueden ser objeto de fe humana, es decir, la fe que se le presta al hombre cuando se muestra fidedigno. 3) Que se puede no creer en tales apariciones y revelaciones \u00abcon tal que se haga \u2014a\u00f1ade el papa Benedicto\u2014 con la modestia debida, razonablemente y sin llegar al desprecio\u00bb. \u00bfQui\u00e9n puede dudar que los papas, los Concilios, las congregaciones romanas, los te\u00f3logos, los obis\u00adpos&#8230; tienen motivos para tanto recelo? Lo tienen. \u00a1Hay tantos neur\u00f3ticos de lo maravilloso, prestidigitadores de milagros, visionarios de espantos, sobre todo si no comen bien o si con ello se imaginan al fin un poco importantes! \u00a1Y hay tantos vividores a costa de eso! \u00bfCu\u00e1ntas de tantas pretendidas apari\u00adciones y revelaciones pueden ofrecer un m\u00ednimo de credibili\u00addad? Las menos sin duda. As\u00ed que es de alabar ese prudente proceder de las autoridades. Pero tambi\u00e9n puede haber, all\u00e1 en lo oscuro, otras motivaciones menos encomiables, como vienen a insinuar te\u00f3logos tan importantes como Karl Rahner e Ives Congar cuando defienden las apariciones en el sentido de que valoran a las personas y su relaci\u00f3n directa con Dios y no lo limitan todo al magisterio eclesi\u00e1stico y a la obediencia incon\u00addicional de sus fieles s\u00fabditos.<\/p>\n<h2><strong>4. \u00abToda inspiraci\u00f3n que confiesa que Jes\u00fas es el Mes\u00edas, procede de Dios\u00bb<\/strong><\/h2>\n<p>Los recelos contra las apariciones y revelaciones privadas han ido perdiendo \u00faltimamente mucho terreno. Los \u00faltimos papas, de P\u00edo XII a Juan Pablo II, se han proclamado devotos, por ejemplo, de la Virgen de Lourdes, de F\u00e1tima, de Guadalupe. Juan Pablo II visit\u00f3 las Capillas de las Apariciones de la Medalla Milagrosa en 1980, cuando se cumpl\u00edan los 150 a\u00f1os de las mismas. Te\u00f3logos como los dos citados ponen en tela de juicio el rigor eclesi\u00e1stico tradicional en este asunto, por demasiado unilateral y restrictivo. El pueblo cristiano, aun sinti\u00e9ndose muchas veces en soledad y contradicho en sus sentimientos e intuiciones, ha seguido adelante con sus advocaciones, fiestas y santuarios marianos, retomando el hilo de su devoci\u00f3n siempre que se le ha presentado la oportunidad de hacerlo, especial\u00admente cuando ocurrieron las apariciones de la Medalla Mila\u00adgrosa, como m\u00e1s adelante detallaremos. Un conferenciante del Congreso de Mariolog\u00eda celebrado en Roma en mayo de 1975, dijo: \u00abHace 25 a\u00f1os se profetizaba que hoy los santuarios marianos ser\u00edan museos; pero siguen teniendo m\u00e1s vitalidad que nunca\u00bb. Tampoco es caso de hacer una defensa indiscrimi\u00adnada y menos absoluta de las apariciones y revelaciones priva\u00addas: <em>no indiscriminada, <\/em>porque, como queda dicho, muchas son invenciones calenturientas y no lo merecen; y <em>no absoluta, <\/em>porque todas ellas son relativas a la Revelaci\u00f3n p\u00fablica realiza\u00adda definitivamente en Jesucristo y no pueden a\u00f1adir nada sustancial; s\u00f3lo hacen m\u00e1s expl\u00edcito y actual su contenido en ciertos aspectos que Dios quiere destacar seg\u00fan las circunstan\u00adcias ocurrentes en ese momento de la historia de la Iglesia y de la salvaci\u00f3n. La verdadera referencia es Cristo. San Juan lo dice con toda claridad en su primera carta, 4, 1-3: \u00abAmigos m\u00edos, no deis fe a toda inspiraci\u00f3n; sometedlas a prueba para ver si vienen de Dios, pues han salido en el mundo muchos falsos profetas. Para saber si una inspiraci\u00f3n viene de Dios, seguid esta norma: toda inspiraci\u00f3n que confiesa que Jes\u00fas es el Mes\u00edas venido en carne mortal procede de Dios, y toda inspiraci\u00f3n que no confiesa a ese Jes\u00fas, no procede de Dios\u00bb. Una aparici\u00f3n es verdadera cuando coincide con el misterio de Cristo. Seg\u00fan esto, \u00bfson verdaderas, son aut\u00e9nticas, las apariciones de la Virgen Milagrosa a Santa Catalina Labour\u00e9? Adentr\u00e9monos a continuaci\u00f3n en este mundo maravilloso, pero sin prisas, pasi\u00adto a paso.<\/p>\n<h2><strong>5. \u00abFuerte, de talla media, sabe leer y escribir, su car\u00e1cter parece bueno, el esp\u00edritu y el juicio no son brillantes, es piadosa y trabaja en la virtud\u00bb<\/strong><\/h2>\n<p>As\u00ed describe su ficha de novicia a Catalina Labour\u00e9, precisa\u00admente por el tiempo en que se vio metida en ese acontecimiento sobrenatural de las apariciones. \u00abFuerte y de talla media\u00bb son datos f\u00edsicos: nos la podemos imaginar. \u00abSabe leer y escribir, y el esp\u00edritu y el juicio no son brillantes\u00bb son datos intelectuales: hab\u00eda aprendido a escribir a los 18 a\u00f1os y su torpe estilo literario no se parec\u00eda nada al de Honor\u00e9 de Balzac, por ejem\u00adplo, que s\u00f3lo le llevaba siete a\u00f1os. \u00abSu car\u00e1cter parece bueno, es piadosa y trabaja en la virtud\u00bb son datos psicol\u00f3gicos y morales que acreditan solidez a su persona. El estudio de su vida nos dir\u00e1, efectivamente, que fue brillante en nada pero s\u00f3lida en todo. Y esto es importante a la hora de intentar un juicio sobre la verdad de las revelaciones que tuvo.<\/p>\n<p>Existe otra ficha de Catalina, expedida un a\u00f1o antes, m\u00e1s o menos, el 14 de enero de 1830, su ficha de postulantado, que es el paso previo al noviciado que tiene que dar una joven que aspira a la vida religiosa: \u00abLa se\u00f1orita Labour\u00e9 tiene 23 a\u00f1os, buena devoci\u00f3n, buen car\u00e1cter, temperamento fuerte, amor al trabajo y es muy alegre. Comulga regularmente todos los d\u00edas. Su familia es intachable por sus costumbres y probidad, pero de poca fortuna\u00bb. Las dos fichas coinciden, si bien la segunda a\u00f1ade al menos dos datos interesantes: uno se refiere a su alegr\u00eda \u2014\u00bbes muy alegre\u00bb\u2014 y el otro es el \u00abpero\u00bb final, el pero de la poca fortuna. Probablemente se refer\u00eda la ficha a que su padre no hab\u00eda entregado la dote acostumbrada al entrar una joven en religi\u00f3n. Pero no hab\u00eda sido por su poca fortuna, sino por su mucho enojo al no poder impedir que por segunda vez una hija suya, esta vez Catalina, la fuerte y pr\u00e1ctica, se le fuera al convento. La dote, aunque no completa, la aport\u00f3 una cu\u00f1ada suya, Juana Gontard, la casada con su hermano Hu\u00adberto.<\/p>\n<h2><strong>6. \u00abEntre las dos haremos que la casa marche\u00bb<\/strong><\/h2>\n<p><a href=\"http:\/\/vicencianos.org\/blog\/2012\/11\/14\/una-medalla-y-ademas-%c2%abmilagrosa%c2%bb\/medalla_milagrosa_reverso\/\" rel=\"attachment wp-att-115028\"><img data-recalc-dims=\"1\" loading=\"lazy\" decoding=\"async\" class=\"alignright size-medium wp-image-115028\" title=\"medalla_milagrosa_reverso\" alt=\"\" src=\"https:\/\/i0.wp.com\/vicencianos.org\/wp-content\/2012\/11\/medalla_milagrosa_reverso-209x300.jpg?resize=209%2C300\" width=\"209\" height=\"300\" \/><\/a>Catalina nace en un pueblito del centro de Francia llamado Fain-les-Moutiers. Nace el 2 de mayo de 1806. Sus padres son Pedro Labour\u00e9, que hab\u00eda sido seminarista, y Luisa Magdalena Gontard, que hab\u00eda sido maestra. Consta por testimonios escri\u00adtos que eran \u00abmuy cristianos\u00bb y seguramente supieron educar bien a sus hijos. Cuando nace Catalina viven dedicados a las labores del campo: son peque\u00f1os propietarios y tienen lo sufi\u00adciente. Catalina es el octavo de los diez hijos que les viven, de los cuales s\u00f3lo tres son mujeres: Mar\u00eda Luisa, Catalina y Toni\u00adna.<\/p>\n<p>En la vida de cada ser humano hay hechos definitivos. Uno puede ser la muerte de la madre. Luisa Magdalena Gontard muere el 9 de octubre de 1815 y Catalina, a los nueve a\u00f1os y medio, sufre profundamente su orfandad pero no se resigna: la ven subirse a una silla, abrazar la estatua familiar de la Virgen y decirle: \u00abAhora t\u00fa ser\u00e1s mi \u00fanica madre\u00bb. Su hermana mayor, Mar\u00eda Luisa, se hace cargo de las faenas dom\u00e9sticas, pero s\u00f3lo por tres a\u00f1os: el 22 de junio de 1818 entra en el Instituto de las Hijas de la Caridad de San Vicente de Pa\u00fal. Catalina tiene s\u00f3lo doce a\u00f1os, pero tampoco esta vez se arredra. Llama a su hermana Tonina y le dice: \u00abEntre las dos haremos que la casa marche\u00bb.<\/p>\n<p>\u00a1Y qu\u00e9 casa para hacerla marchar! La decisi\u00f3n de Catalina parece una presunci\u00f3n infantil, pero funciona. En un libro titulado \u00abLa Milagrosa\u00bb, escrib\u00ed: \u00abLa tarea es m\u00e1s que dura. Son muchos hermanos en casa, en verano se a\u00f1aden hasta 14 temporeros, hay una granja con muchos animales. Es preciso cocinar, lavar, coser, llevar la comida a los trabajadores, a las gallinas, a los setecientos u ochocientos pichones. Siempre se destaca esta an\u00e9cdota de las palomas del palomar de los Labou\u00adr\u00e9 revoloteando alrededor de Catalina. Poca poes\u00eda para tanto trabajo\u00bb.<\/p>\n<p>Los inicios de una vida marcan a la persona que la vive y anticipan casi infaliblemente su car\u00e1cter. Precisar el car\u00e1cter es necesario cuando hablamos de una persona que, en un mo\u00admento determinado de su vida, se va a ver \u00abasaltada\u00bb por m\u00faltiples visiones y revelaciones. Resulta f\u00e1cil hacerse una idea, s\u00f3lida y pr\u00e1ctica. Sentimos la seguridad de que lo mismo le hubiera dado ser vidente que no serlo. Pero, si hab\u00eda de serlo, \u00a1manos a la obra!<\/p>\n<h2>7. <strong>\u00abCon una experiencia y dedicaci\u00f3n propias de m\u00e1s edad\u00bb<\/strong><\/h2>\n<p>As\u00ed dice de ella un testimonio de sus paisanos. A los doce a\u00f1os la vemos haciendo que la casa marche y la vemos&#8230; haciendo penitencia y oraci\u00f3n. Ayuna viernes y s\u00e1bados. Todos los d\u00edas va a la iglesia y reza de rodillas sobre el h\u00famedo piso. Lo hace preferentemente ante el cuadro de la Inmaculada Concep\u00adci\u00f3n que est\u00e1 en una capilla restaurada precisamente a expen\u00adsas de su familia. Alguien dir\u00e1 m\u00e1s tarde que de este cuadro sac\u00f3 la idea del anverso de la Medalla Milagrosa, pero ya veremos que no. Iba a misa con su familia a un pueblo cercano, Moutiers St. Jean, porque en su pueblo no hab\u00eda sacerdote de planta. E iba tambi\u00e9n, como las dem\u00e1s jovencitas, y con toda naturalidad, a las fiestas de los pueblos vecinos.<\/p>\n<p>Pasan seis a\u00f1os y, cuando tiene 18, Catalina experimenta un sue\u00f1o al que de momento no le da mayor importancia: ve a un sacerdote que la llama. Olvida el sue\u00f1o hasta cinco a\u00f1os despu\u00e9s, cuando , al entrar en una casa de Hijas de la Caridad, ve un cuadro sobre la pared y se sobresalta, porque reconoce en \u00e9l al sacerdote del sue\u00f1o. Se trata de San Vicente de Pa\u00fal, el fundador en las Hijas de la Caridad y de los sacerdotes de la Misi\u00f3n. Catalina confirma su prop\u00f3sito, ya tomado anteriormente, de ser Hija de la Caridad, es decir, de \u00abentregarse a Dios para el servicio de los pobres\u00bb.<\/p>\n<p>No iba a ser f\u00e1cil. Su padre se opone<span id='easy-footnote-1-52965' class='easy-footnote-margin-adjust'><\/span><span class='easy-footnote'><a href='https:\/\/vincentians.com\/es\/una-medalla-y-ademas-milagrosa\/#easy-footnote-bottom-1-52965' title=''><sup>1<\/sup><\/a><\/span>ya era suficiente que se le hubiera ido la hija mayor!) y la manda a Par\u00eds a trabajar en el peque\u00f1o restaurante para obreros que administra Carlos, otro hijo suyo. Catalina va sin ascos, trabaja sin problemas, dirige el servicio, mantiene su decisi\u00f3n y su padre tiene que ceder. Antes de ir al Noviciado pasa por un internado que dirige su cu\u00f1ada Juana Gontard, la que luego le pagar\u00eda la dote, para aprender a leer y escribir. Por fm, el 21 de abril de 1830 llega en coche de caballos al Noviciado de las Hijas de la Caridad de Par\u00eds.<\/p>\n<h2><strong>8. \u00abEra humilde, peque\u00f1a y pobre y por eso pudo elegirla el Se\u00f1or\u00bb<\/strong><\/h2>\n<p>Cualquier cristiano tiene una idea de lo que hace principal\u00admente una joven en el noviciado de una congregaci\u00f3n religio\u00adsa: trabaja, reza y estudia por partes m\u00e1s o menos iguales. Y tiene bastante tiempo para todo. La mayor parte de esas j\u00f3ve\u00adnes pueden pasar por experiencias religiosas profundas, pero no suelen experimentar \u00abfen\u00f3menos m\u00edsticos extraordinarios\u00bb, por ejemplo, apariciones y revelaciones. \u00bfPor qu\u00e9 los tuvo Catalina Labour\u00e9 y no otras de sus compa\u00f1eras? Pregunta in\u00fatil si las hay, pues la respuesta s\u00f3lo la sabe Dios, cuyas elecciones no suelen coincidir con las de los hombres. En cualquier caso, sabemos por el Magnificat que Dios \u00abpone los ojos en la humildad, en la peque\u00f1ez, en la pobreza\u00bb, que de todas estas maneras se traduce a Lucas 1, 48. Al modo de la Virgen Mar\u00eda, Catalina era humilde, peque\u00f1a y pobre, y por eso pudo elegirla el Se\u00f1or.<\/p>\n<p>Fuera del sue\u00f1o que tuvo a los 18 a\u00f1os y de la visi\u00f3n de la Cruz en 1848, todas sus dem\u00e1s visiones y revelaciones ocurrie\u00adron en el tiempo de su Noviciado o Seminario, que dur\u00f3 del 21 de abril de 1830 al 31 de enero de 1831 y, m\u00e1s concretamente, ocurrieron de abril a diciembre de 1830. Santa Catalina ten\u00eda entonces 24 a\u00f1os.<\/p>\n<p>En primer lugar vio el coraz\u00f3n de San Vicente de Pa\u00fal, \u00abtres veces diferentes durante tres d\u00edas seguidos\u00bb, dentro de la Octa\u00adva que sigui\u00f3 a la solemne traslaci\u00f3n de las reliquias del santo desde la catedral de Notre Dame a la iglesia de San L\u00e1zaro. Esta iglesia est\u00e1 en la calle de Sevres, muy cerca de la calle del Bac, lugar del Noviciado de las Hijas de la Caridad. Despu\u00e9s del traslado de las reliquias hubo una novena de oraciones en San L\u00e1zaro a la que asistieron las novicias. Cuando regresaba de all\u00ed a la capilla de su casa en la calle del Bac era cuando ve\u00eda el coraz\u00f3n de San Vicente.<\/p>\n<p>En segundo lugar vio a Cristo en la Eucarist\u00eda: \u00ablo vi \u2014nos dice\u2014 todo el tiempo de mi seminario, excepto cuando duda\u00adba&#8230;\u00bb. Lo vio especialmente el 6 de junio, fiesta de la Sant\u00edsima Trinidad, y vio ese d\u00eda c\u00f3mo \u00abNuestro Se\u00f1or era despojado de sus vestiduras y todo era derribado a tierra\u00bb. Lo vio como un s\u00edmbolo prof\u00e9tico de la revoluci\u00f3n de julio de 1830 y de la deposici\u00f3n del rey Carlos X.<\/p>\n<p>En tercer lugar ocurri\u00f3 la primera aparici\u00f3n de la Virgen a Catalina Labour\u00e9. Fue en la noche del 18 al 19 de julio, fiesta de San Vicente. La Virgen se le aparece sentada en un sill\u00f3n y la novicia \u00abse arrodilla sobre las gradas del altar, con las manos apoyadas en las rodillas de la Virgen\u00bb y escucha de sus labios una larga confidencia. Una confidencia maternal e \u00edntima, que le revela a Catalina, justo una semana antes de la revoluci\u00f3n de julio, las perturbaciones y desgracias que van a ocurrir y la protecci\u00f3n que Dios y su Madre van a otorgar a la doble familia de San Vicente: las Hijas de la Caridad y los misioneros vicenti\u00adnos.<\/p>\n<p>Por fin, los ojos asombrados de Catalina pueden presenciar la segunda aparici\u00f3n que la Virgen le concede, es decir, la aparici\u00f3n de la Medalla Milagrosa.<\/p>\n<h2><strong>9. \u00abEl 27 de noviembre, que ca\u00eda el s\u00e1bado antes del primer domingo de adviento\u00bb<\/strong><\/h2>\n<p>As\u00ed comienza Santa Catalina uno de sus relatos de las apariciones de la Medalla Milagrosa. Ese d\u00eda vio a la Sant\u00edsima Virgen y la oy\u00f3 hablar. Fue una visi\u00f3n como en dos dimensio\u00adnes, plana, al modo de un cuadro; una visi\u00f3n que \u00abdio la vuelta\u00bb a fin de que la vidente pudiera hacerse una idea de las dos caras, anverso y reverso, y entender el prop\u00f3sito de la Virgen de traducir la visi\u00f3n a una medalla que deber\u00eda ser acu\u00f1ada.<\/p>\n<p>\u00bfQu\u00e9 vio Santa Catalina <em>en el anverso <\/em>de ese cuadro o medalla? Seg\u00fan sus escritos, la Sant\u00edsima virgen:<\/p>\n<ul>\n<li>llevaba \u00abun vestido liso de seda blanco-aurora sin costu\u00adra\u00bb; \u00abun velo blanco que le cubr\u00eda la cabeza y le descend\u00eda por ambos lados hasta los pies\u00bb; y, \u00absobre su cabello liso, una especie de pa\u00f1oleta terminada en un peque\u00f1o encaje aproxi\u00admadamente de dos dedos de ancho\u00bb;<\/li>\n<li>ten\u00eda \u00abel rostro bastante descubierto y sus ojos tan pronto se elevaban al cielo como miraban a la tierra; su rostro era bell\u00edsimo\u00bb;<\/li>\n<li>en sus manos, \u00abelevadas a la altura del est\u00f3mago de una manera muy natural\u00bb, llevaba \u00abuna esfera o globo, con una crucecita de oro encima, que representaba al mundo, ofrecido por ella a Nuestro Se\u00f1or\u00bb; y \u00absus pies se apoyaban en la mitad de otro globo\u00bb;<\/li>\n<li>de pronto, los dedos de aquellas manos que sosten\u00edan y ofrec\u00edan al mundo \u00abse llenaron de anillos y piedras preciosas, de las que salian rayos de luz, siempre extendi\u00e9ndose hasta llenar la parte baja, de modo que ya no se pod\u00edan ver sus pies\u00bb;<\/li>\n<li>\u00aben lo alto del cuadro, un poco ovalado, hab\u00eda estas palabras: Oh Mar\u00eda sin pecado concebida, ruega por nosostros que recurrimos a Ti\u00bb.<\/li>\n<li>Esto es lo que vio la Santa en el anverso de la Medalla. Pero a la vez escuchaba lo que la Virgen le dec\u00eda:<\/li>\n<li>\u00abEste globo que ves representa al mundo entero y a cada persona en particular\u00bb.<\/li>\n<li>\u00abEstos rayos de luz son el s\u00edmbolo de las gracias que distribuyo a las personas que me las piden\u00bb.<\/li>\n<\/ul>\n<h2><strong>10. \u00abUna traducci\u00f3n pl\u00e1stica popular de una aparici\u00f3n inefable\u00bb<\/strong><\/h2>\n<p>Todo el mundo cristiano conoce la Medalla Milagrosa, la medalla m\u00e1s extendida, con mucho, entre todas las existentes. Y despu\u00e9s de leer, contado por ella misma, lo que vio Santa Catalina, nos asalta la pregunta: \u00bfD\u00f3nde est\u00e1, en el anverso de la medalla, el globo en las manos de la Virgen? \u00bfD\u00f3nde est\u00e1n, en el relato de Santa Catalina, las manos de la Virgen extendi\u00addas hasta el suelo? Algunos estudiosos dicen que hubo dos momentos o fases en la visi\u00f3n del anverso, que fue una visi\u00f3n \u00aben movimiento\u00bb al modo de una pelicula: la Virgen del Globo fue dando paso insensiblemente a la Virgen de las manos extendidas. Pero la vidente no dice nada de estas cosas.<\/p>\n<p>\u00bfQu\u00e9 fue entonces lo que ocurri\u00f3 con el anverso de la medalla? Ocurri\u00f3 lo que dice el t\u00edtulo de este apartado: \u00abuna traducci\u00f3n pl\u00e1stica popular de una aparici\u00f3n inefable\u00bb. Ocurri\u00f3 lo que dice el mejor conocedor de las apariciones de la Medalla Milagrosa, Ren\u00e9 Laurentin: Que el P. Juan Mar\u00eda Aladel, confe\u00adsor de la vidente y responsable de la acu\u00f1aci\u00f3n de la medalla, \u00abten\u00eda que <em>traducir <\/em>la visi\u00f3n y el programa de Santa Catalina a una medalla conforme a la vez al sentido y consignas del Arzobispo de Par\u00eds, a las reglas de la Iglesia y, por fin, a la capacidad del pueblo de Dios\u00bb. Y las tres cosas: el deseo del se\u00f1or Arzobispo, un hombre entusiasmado por la Inmaculada Concepci\u00f3n; las estrictas consignas de la Iglesia contra las novedades en im\u00e1genes y medallas; y la posible extra\u00f1eza del pueblo de Dios ante una representaci\u00f3n desusada de la Virgen como era la Virgen del Globo, obligaron al P. Aladel a cambiar algunos detalles conservando lo esencial.<\/p>\n<p>Supo efectivamente conservar lo esencial, lo que la Virgen quer\u00eda. Se trataba ante todo de una medalla de la Inmaculada y ah\u00ed estaban la jaculatoria \u00abOh Mar\u00eda sin pecado concebida\u00bb y los pies de la Se\u00f1ora aplastando la cabeza de la serpiente (no por escrito, sino de viva voz, dijo Santa Catalina que \u00abhab\u00eda una serpiente de color verdoso con manchas amarillas\u00bb). Ade\u00adm\u00e1s el P. Aladel conserv\u00f3 los rayos de luz que sal\u00edan de las manos de la Virgen y que eran el rasgo m\u00e1s novedoso de la medalla.<\/p>\n<p>Por eso Catalina, aunque hubiera preferido un anverso como ella lo vio, no quiso que se cambiara. S\u00f3lo pidi\u00f3, y con mucha inisistencia, que se esculpiera una imagen de la Virgen del Globo y se le levantara un altar en el mismo lugar donde ella se hab\u00eda aparecido. Los devotos de la Medalla no pueden olvidar esta imagen tan significativa.<\/p>\n<h2><strong>11. \u00abBastante dicen la letra M y los sagrados corazones\u00bb<\/strong><\/h2>\n<p>Despu\u00e9s el cuadro dio la vuelta y Catalina vio <em>el reverso <\/em>de la Medalla. Dice que vio el reverso de la Medalla pero no lo describe; s\u00f3lo refiere que \u00abinquieta por no saber lo que hab\u00eda que poner en el reverso de la Medalla, un d\u00eda, en la meditaci\u00f3n, me pareci\u00f3 o\u00edr una voz que me dec\u00eda: La letra M y los dos corazones dicen bastante\u00bb. Quien as\u00ed lo describe es su confesor: \u00abEn el reverso vio la letra M con una cruz encima, y debajo los sagrados corazones de Jes\u00fas y de Mar\u00eda\u00bb. A\u00f1adir\u00e1 m\u00e1s tarde el P. Aladel que \u00abuno de los corazones estaba rodeado por una corona de espinas y el otro traspasado por una espada\u00bb. Apare\u00adcen tambi\u00e9n las llamas saliendo de los corazones, una barra que separa la cruz y la letra M de los corazones (iniciativa \u00e9sta debida \u00fanicamente al primer fabricante de la medalla) y apare\u00adcen, sobre todo, las Doce Estrellas.<\/p>\n<p>Las Doce Estrellas no las menciona Santa Catalina en sus escritos aut\u00f3grafos. Pero existe una \u00abhoja instructiva\u00bb dedicada al pintor Letaille, quien iba a pintar el primer cuadro de las apariciones. Y en esa hoja, que al parecer contiene las instruc\u00adciones de la vidente, se dice que hay que poner \u00abdoce estrellas en torno a la cabeza de la Virgen\u00bb. Adem\u00e1s, la imagen de la Milagrosa en el anverso de la Medalla es sin duda una evoca\u00adci\u00f3n de la Mujer del Apocalipsis (12, 1), \u00abenvuelta en el sol, con la luna bajo sus pies y en la cabeza una corona de doce estrellas\u00bb. Parece ser que el primer orfebre de la Medalla se tom\u00f3 la libertad de pasar las doce estrellas desde el anverso al reverso para darles mayor tama\u00f1o y visibilidad.<\/p>\n<p>De esta manera nos encontramos con todos los elementos del reverso de la Medalla Milagrosa, que forman un conjunto impresionante por su sobriedad y profundidad. Arriba el signo m\u00e1s importante, la Cruz, como naciendo de la letra M e \u00edntimamente entrelazado con ella. Debajo los dos Corazones, unidos por los signos \u2014espinas, espada y llamas\u2014 del mismo amor. Y en torno las Doce Estrellas del Apocalipsis.<\/p>\n<p>La Medalla Milagrosa se le aparece a Santa Catalina dos veces: una el 27 de noviembre de 1830 \u00abjunto al altar de San Jos\u00e9\u00bb, es decir, a la derecha seg\u00fan se mira al presbiterio de la Capilla; y otra seguramente en el mes de diciembre, esta vez \u00abjunto al tabern\u00e1culo, por detr\u00e1s\u00bb, es decir, en el centro y al fondo del altar. El P. Aladel supone una tercera aparici\u00f3n en marzo de 1831 y una cuarta en septiembre del mismo a\u00f1o, pero parece ser que atribuye las visitas que le hace su penitente al hecho de haber tenido nuevas apariciones, lo que no era cierto. Lo m\u00e1s seguro es el n\u00famero de solo dos apariciones de la Medalla Milagrosa a Catalina Labour\u00e9.<\/p>\n<h2><strong>12. \u00abEl misterio mariano queda incre\u00edblemente plasmado en la Medalla Milagrosa\u00bb<\/strong><\/h2>\n<p>En el anverso de la Medalla Milagrosa vemos claramente grabados dos momentos b\u00edblico-marianos: el G\u00e9nesis (3, 15) y el Apocalipsis (12, 1), el principio y el fin de la Biblia, el principio y el fin de la historia de la salvaci\u00f3n. En ambos interviene Mar\u00eda.<\/p>\n<p>En el reverso de la Medalla Milagrosa vemos con la misma claridad dos momentos evang\u00e9licos: la profec\u00eda mariana de Sime\u00f3n (Lc 2, 35) y la entrega de su Madre que nos hace Cristo exaltado en la Cruz (In 19, 27).<\/p>\n<p>En el reverso podemos ver la Navidad: al Hijo de Dios naciendo del seno virginal de Mar\u00eda como la cruz nace de la letra M. Y podemos ver la Pasi\u00f3n: la pasi\u00f3n diaria de dos corazones unidos por el amor y el sufrimiento (llamas, espinas, espada) y la pasi\u00f3n final de Jes\u00fas en la Cruz y de Mar\u00eda al pie de la Cruz. Todo como un resumen de la vida terrena de Jes\u00fas y Mar\u00eda desde el principio hasta el fin.<\/p>\n<p>En el anverso descubrimos a Mar\u00eda en la Visitaci\u00f3n, aten\u00addi\u00e9ndonos como a Isabel y proclamando el magnificat de la predilecci\u00f3n de Dios por los humildes del mundo que tiene en sus manos. Y podemos descubrirla en las bodas de Can\u00e1, intercediendo ante las carencias humanas necesitadas del vino abundante de los bienes del Se\u00f1or. Todo como un resumen <em>de <\/em>su actividad de criatura glorificada la primera despu\u00e9s de Cristo, \u00abel primer fruto de los que duermen\u00bb (1 Co 15, 30).<\/p>\n<p>Porque Mar\u00eda aparece tambi\u00e9n en la Medalla como asunta al cielo y \u00abtipo\u00bb o modelo de la Iglesia: revestida de sol, irradiando al \u00abSol de Justicia\u00bb que es Cristo, coronada de Estrellas y anticipando as\u00ed \u00abla gloria y el orgullo de nuestra raza\u00bb. En mi libro \u00abLa Milagrosa\u00bb escrib\u00ed: \u00abEl misterio mariano queda increiblemente plasmado en la Medalla. Vemos en el anverso su mediaci\u00f3n, su realeza, su inmaculada concepci\u00f3n. Vemos en el reverso su maternidad divina, su \u00edntima uni\u00f3n con el Hijo, su cooperaci\u00f3n a la redenci\u00f3n, su maternidad espiri\u00adtual, su calidad de miembro-modelo-madre de la Iglesia, su asunci\u00f3n&#8230; Todo ello inserto bien a los ojos en las dos grandes dimensiones que garantizan la autenticidad de la devoci\u00f3n mariana: Mar\u00eda en el misterio de Cristo y en el Misterio de la Iglesia. En la Medalla Milagrosa se condensan de igual modo los fundamentos b\u00edblicos de la mariolog\u00eda y los pasajes maria\u00adnos del evangelio. Desde el G\u00e9nesis al Apocalipsis desfila el entramado de la historia de la salvaci\u00f3n, donde un coraz\u00f3n humano, traspasado por una espada ardiente y dolorosa, se mantiene unido a un coraz\u00f3n divino, punzado de espinas y henchido de llamas\u00bb.<\/p>\n<p>Por todo ello la Medalla Milagrosa no \u00abpasa\u00bb. Es la traduc\u00adci\u00f3n de una realidad de fe. Es una Biblia ilustrada, una Biblia de pobres. Es una iniciativa que contiene toda la mariolog\u00eda, que concentra lo m\u00e1ximo en lo m\u00ednimo, que es un s\u00edmbolo de todo. Es el Evangelio de Mar\u00eda. Es un inapreciable regalo que nos dio el Se\u00f1or.<\/p>\n<h2><strong>12. \u00abLa Medalla Milagrosa es un signo auxiliar de la contemplaci\u00f3n y del compromiso\u00bb<\/strong><\/h2>\n<p>Rene Laurentin, hablando de la Medalla Milagrosa, hace una disquisici\u00f3n muy interesante sobre <em>monedas y medallas, <\/em>palabras que tienen el mismo origen.<\/p>\n<p>Las medallas, cuando se inventaron, eran discos de metal con la imagen de un dios. Enseguida los reyes y emperadores se creyeron dioses y pusieron su cara en las medallas. Y adem\u00e1s la medalla se comercializ\u00f3 haci\u00e9ndose moneda, instrumento de intercambio comercial. De una medalla que <em>ligaba <\/em>a Dios (reli\u00adgi\u00f3n viene de \u00abligare\u00bb o vincular a Dios), se pas\u00f3 a una moneda que <em>liga <\/em>al dinero (la \u00abreligi\u00f3n\u00bb del dinero, el servicio a las riquezas). F\u00e1cilmente recordamos el dicho de Cristo: \u00abNo se puede servir a Dios y a las riquezas\u00bb.<\/p>\n<p>La medalla, as\u00ed, pas\u00f3 a ser, ya en el siglo XII, la moneda m\u00e1s <em>peque\u00f1a, <\/em>casi sin valor. Y tambi\u00e9n la moneda <em>gratuita, <\/em>la no comerciable, al estilo de las ol\u00edmpicas y honor\u00edficas.<\/p>\n<p>La medalla, tan devaluada de esta forma a los ojos de los comerciantes (lo cual no quiere decir que algunos no comer\u00adcien con ella), conserva por lo mismo muchos valores religio\u00adsos. En el caso de los cat\u00f3licos, nos <em>recuerda <\/em>a Cristo o a su Madre o a los santos, uni\u00e9ndonos a ellos por la oraci\u00f3n y la esperanza; nos garantiza su <em>presencia, <\/em>la perennidad de Cristo y la comuni\u00f3n de los santos; nos vale de <em>insignia, <\/em>de se\u00f1al de identidad por una parte y por otra de proclamaci\u00f3n de preferen\u00adcias en los detalles del amor. Todo ello es perfectamente leg\u00edti\u00admo y humano.<\/p>\n<p>Pero, sobre todo, la Medalla Milagrosa, lo mismo que un retrato, significa <em>compromiso <\/em>con la persona del retrato o de la medalla: compromiso de confianza y de servicio. Quien quiere llevar bien la Medalla Milagrosa se compromete a la oraci\u00f3n, como la Virgen la pidi\u00f3, y se compromete al servicio, como Dios lo pide. Un servicio que comienza, ineludiblemente, por la opci\u00f3n entre Dios y el dinero, s\u00edmbolo de todas las idolatr\u00edas. La Medalla no es solo un signo de Dios, sino que lo es en oposici\u00f3n a la \u00abmoneda\u00bb, al signo claro de lo que en este mundo tiene m\u00e1s capacidad de provocar la injusticia entre los hombres y la apostas\u00eda de Dios.<\/p>\n<h2><strong>13. \u00abRazones para la alegr\u00eda y el humor, aun en medio de una vida tan dura\u00bb<\/strong><\/h2>\n<p>Un bi\u00f3grafo de Santa Catalina, Julio Chevalier, que la conoci\u00f3 y habl\u00f3 con ella bastante al final de su vida, escribe: \u00abLa aparici\u00f3n de 1830 se\u00f1al\u00f3 el fin de un per\u00edodo desastroso para la Iglesia de Francia. Fue el comienzo de una nueva era de misericordia y esperanza\u00bb.<\/p>\n<p>Parece una frase exagerada para una cosa tan peque\u00f1a como una medalla. Hay que recordar, sin embargo, que aquella \u00e9poca fue la epoca racionalista m\u00e1s fuerte de la humanidad, la \u00e9poca de la Ilustraci\u00f3n, el \u00absiglo de las luces\u00bb, el tiempo de la \u00abEnciclopedia\u00bb, etc. La raz\u00f3n era la diosa de aquellos sabios y, como dice un art\u00edculo de aquel \u00abdiccionario razonado\u00bb que era la Enciclopedia, \u00abla ignorancia y la barbarie introducen la superstici\u00f3n, la hipocres\u00eda la nutre con vanas creencias, el falso celo la extiende y el inter\u00e9s la perpet\u00faa\u00bb. Asi que el pueblo pobre cristiano del siglo de las luces, asido a sus im\u00e1genes, medallas o rosarios, es calificado de ignorante, b\u00e1rbaro, supers\u00adticioso, hip\u00f3crita, ceremoniero, fan\u00e1tico y, adem\u00e1s, interesado.<\/p>\n<p>Jos\u00e9 Mar\u00eda Rom\u00e1n estudi\u00f3 hace algunos a\u00f1os la \u00abMisi\u00f3n hist\u00f3rica de la Milagrosa\u00bb en una ponencia l\u00facida (cf. Anales, tomo 81, n\u00famero 10, noviembre-diciembre 1973). Veamos un resumen libre de algunos de sus puntos, los que se refieren a las circunstancias hist\u00f3ricas de aquel momento:<\/p>\n<p>El mundo est\u00e1 <em>en plena \u00e9poca revolucionaria. <\/em>La revoluci\u00f3n francesa de 1789 ha sido derrotada pol\u00edtica y militarmente, pero sus ideas perviven y socavan la restauraci\u00f3n mon\u00e1rquica de Luis XVIII y Carlos X. Carlos X es el rey que visita en la Iglesia de San L\u00e1zaro las reliquias de San vicente de Pa\u00fal que acaban de ser trasladadas a ella desde Notre Dame. La fecha del traslado es el 25 de abril de 1830. Catalina Labour\u00e9 acaba de ingresar al Noviciado exactamente cuatro d\u00edas antes, el mi\u00e9rcoles 21 de abril. En la procesi\u00f3n que escoltaba las reliquias participaron ochocientas Hijas de la Caridad, entre ellas Catali\u00adna Labour\u00e9. Cuando Carlos X va a San L\u00e1zaro, es recibido con todos los honores por el Superior General de la Congregaci\u00f3n de la Misi\u00f3n y las Hijas de la Caridad. Seguramente nadie sospechaba aquel d\u00eda que s\u00f3lo le quedaban tres meses de vida al Antiguo R\u00e9gimen. El gobierno de Carlos X, por excesivamente reaccionario, provoca las iras del pueblo y se producen, el 27, el 28 y el 29 de julio las llamadas Tres Jornadas Gloriosas, que ponen fin al reinado de Carlos X y proclaman rey de Francia, el 8 de agosto, a Luis Felipe de Orleans. La revoluci\u00f3n de 1830 fue mucho menos violenta y antieclesi\u00e1stica que la de 1789, pero va a ser irreversible. La ola revolucionaria no s\u00f3lo va a inundar a Francia, sino a todo el mundo.<\/p>\n<p><em>Los cat\u00f3licos est\u00e1n atemorizados. <\/em>Desde 1789 han vivido muchos d\u00edas de terror y de impiedad y han presenciado un proceso creciente de descristianizaci\u00f3n. La Ilustraci\u00f3n, el Positi\u00advismo, el Racionalismo se han ense\u00f1oreado con prepotencia y alarde del campo de las manifestaciones p\u00fablicas. Las \u00f3rdenes religiosas, expulsadas de Francia desde 1780, han sido restau\u00adradas, pero todav\u00eda est\u00e1n lejos de su antiguo vigor. Catalina Labour\u00e9 tambi\u00e9n vive asustada. Acaba de llegar de su aldea, su familia es campesina y venera al rey, su padre es mon\u00e1rquico convencido y su hermano mayor, Huberto, pertenece a la escolta real. Su familia religiosa lo mismo, por lo que se acierta a entender a prop\u00f3sito de la visita de Carlos X a San L\u00e1zaro. Estos sentimientos de la vidente explican el clima de la primera aparici\u00f3n de la Virgen Mar\u00eda la noche del 18 al 19 de julio de 1830, a seis d\u00edas de la Primera Jornada Gloriosa. Era completa\u00admente natural esta situaci\u00f3n de los cat\u00f3licos en aquel momen\u00adto, pues no pod\u00edan adivinar que de todos aquellos aconteci\u00admientos iba a surgir un mundo nuevo, \u00aben el que la Iglesia y el cristianismo hallar\u00edan una nueva primavera y otra manera de estar en el mundo\u00bb. La Iglesia se alzar\u00e1 pronto sobre nuevas bases: la aceptaci\u00f3n del hecho del nuevo orden pol\u00edtico-social; el nuevo pensamiento cat\u00f3lico (Newman en Inglaterra, Lacor\u00addaire en Francia); la expansi\u00f3n misionera por Africa, China, la India; el catolicismo social, iniciado por Federico Ozanam, disc\u00edpulo de Vicente de Pa\u00fal; la unidad en torno al papa, etc.<\/p>\n<p><em>La doble familia espiritual de Catalina Labour\u00e9 <\/em>\u2014Hijas de la Caridad y Congregaci\u00f3n de la Misi\u00f3n\u2014 <em>pasa por un momento extremadamente dif\u00edcil. <\/em>Las dos congregaciones fueron pr\u00e1ctica\u00admente destruidas por la revoluci\u00f3n francesa, sus miembros tuvieron que dispersarse, bastantes de ellos (cuarenta misione\u00adros y casi el mismo n\u00famero de Hijas de la Caridad) sufrieron martirio. Bajo el r\u00e9gimen de Napole\u00f3n intentaron reunirse, sin haberlo conseguido del todo a\u00fan en 1830. Desde 1800 a 1827 viven realmente divididos. Poco antes de las apariciones, el 16 de noviembre de 1827, tiene que intervenir el papa Le\u00f3n XII para nombrar por procedimiento extraordinario a un Superior General de la doble familia. Y por fin, el 18 de mayo de 1829, puede ser elegido un nuevo superior General en la persona del P. Salhorgne. Un a\u00f1o despu\u00e9s habr\u00e1 ocurrido el hecho trascen\u00addental de la traslaci\u00f3n de las reliquias del santo fundador y estar\u00e1n a punto de iniciarse las manifestaciones de la medalla Milagrosa.<\/p>\n<p>Surgi\u00f3 entonces <em>el renacimiento de las dos congregaciones, <\/em>el inicio de su reconstrucci\u00f3n constitucional, espiritual y apost\u00f3li\u00adca; fue, verdaderamente, un nuevo nacimiento (cf. Philipe Roche, \u00abLa influencia de la Medalla Milagrosa en la familia vicenciana\u00bb, en \u00abLas apariciones de la Virgen Mar\u00eda a Catalina Labour\u00e9\u00bb, Ed. Ceme, 1981). Pero no fue \u00e9sta la \u00fanica misi\u00f3n, ni la m\u00e1s importante, cumplida por la medalla Milagrosa. Ade\u00adm\u00e1s, <em>reanim\u00f3 el movimiento mariano de la Iglesia, <\/em>en su contenido y por el movimiento que desencaden\u00f3 en favor de la proclama\u00adci\u00f3n del dogma de la Inmaculada. Y <em>suscit\u00f3, en parte, un proceso de recuperaci\u00f3n de la Iglesia, <\/em>de nuevas bases para un cristianis\u00admo de <em>nuestro tiempo.<\/em><\/p>\n<p>Y es que Dios siempre ha tornado el partido del pueblo pobre.<\/p>\n<p>Una vez dijo Jes\u00fas a sus disc\u00edpulos, ninguno de los cuales iba a escribir en la Enciclopedia: \u00abA vosostros se os ha concedi\u00addo entender los secretos del Reino de Dios y, en cambio, no se les ha concedido a los sabios de este mundo&#8230; Por eso les hablo en par\u00e1bolas, porque miran sin ver y escuchan sin o\u00edr ni entender\u00bb. Y entonces, en medio de aquel siglo de las luces de la raz\u00f3n, env\u00eda a la Sant\u00edsima Virgen para que le diga al mundo una par\u00e1bola. Y la Virgen le dice la par\u00e1bola de la Medalla milagrosa.<\/p>\n<p>\u00bfQui\u00e9nes la entendieron? Pues s\u00f3lo quien pod\u00eda entenderla: el pueblo sencillo abierto a Dios. Este pueblo, retraido ante el alarde de tanto racionalismo, conecta inmediatamente con el mensaje de la Medalla y sale a la calle jubilosamente, sanamen\u00adte revolucionado en aquel siglo de revoluciones e inicia el renacimiento de lo que hoy llamamos la religiosidad popular o la piedad popular. \u00abLa religiosidad del pueblo, en su n\u00facleo, es un acervo de valores que responde con sabidur\u00eda cristiana a los grandes interrogantes de la existencia. La sapiencia popular cat\u00f3lica tiene una capacidad de s\u00edntesis vital; as\u00ed, conlleva creadoramente lo divino y lo humano, Cristo y Mar\u00eda, esp\u00edritu y cuerpo, comuni\u00f3n e instituci\u00f3n, persona y comunidad, fe y patria, inteligencia y afecto. Esa sabidur\u00eda es un humanismo cristiano que afirma radicalmente la dignidad de toda persona como hijo de Dios, establece una fraternidad fundamental, ense\u00f1a a encontrar la naturaleza y a comprender el trabajo, y proporciona las razones para la alegr\u00eda y el humor en medio de una vida tan dura\u00bb.<\/p>\n<p>As\u00ed dice el n\u00famero 448 del mensaje de los Obispos reunidos en Puebla y en eso le hace abundar la Medalla Milagrosa al pueblo cristiano. La Medalla Milagrosa le ayuda a encontrar lo que \u00e9l necesita y busca: un conocimiento a su medida de los misterios cristianos, un instrumento de oraci\u00f3n, un signo de predilecci\u00f3n y protecci\u00f3n, un incentivo de servicio y, por tanto, \u00abrazones para la alegr\u00eda y el humor a\u00fan en medio de una vida tan dura\u00bb.<\/p>\n<h2><strong>14. \u00abSe siente uno inclinado a pensar que este acontecimiento manifiesta alg\u00fan secreto designio de Dios para mayor gloria de la madre de su Hijo\u00bb<\/strong><\/h2>\n<p>As\u00ed reza una de las conclusiones de la \u00abEncuesta-Quentin\u00bb. Pedro Quentin era el nombre del Can\u00f3nigo, vicario General y Promotor de la Arquidi\u00f3cesis, a quien el Arzobispo de Par\u00eds puso al frente de una Comisi\u00f3n, constituida el 12 de febrero de 1836 y encargada de investigar el origen, proceso y autentici\u00addad de la Medalla Milagrosa.<\/p>\n<p>El informe que rinde el Can\u00f3nigo Quentin trata de tres cosas que le parecen humanamente inexplicables y que, a su juicio, garantizan la autenticidad del acontecimiento. Las tres cosas son: la fabricaci\u00f3n y venta de la Medalla, la publicaci\u00f3n y difusi\u00f3n de una Rese\u00f1a o escrito sobre la misma, y los benefi\u00adcios que la Medalla ha dispensado. Veamos algo sobre cada una de estas tres cosas sorprendentes.<\/p>\n<p><em>Primera: <\/em>El Sr. Vachette, primer fabricante de la Medalla, atestigua a la Encuesta Quentin que, entre junio de 1832 y febrero de 1836 se hab\u00edan acu\u00f1ado 2.047,238 medallas en sus propios talleres, 8 millones en los talleres de cuatro fabricantes de Lyon, 2.200.000 entre once fabricantes de Par\u00eds cuyos nombres da. Asegura, adem\u00e1s, que la medalla se ha acu\u00f1ado en Toulousse, Marsella, Vannes y Burdeos. Y tambi\u00e9n en el extranjero: Bruselas, Lieja, Coutray, Ginebra, Tur\u00edn, M\u00f3dena, Bolonia, Roma, N\u00e1poles y hasta en Londres. No tiene idea de su n\u00famero. Cuenta el se\u00f1or Vachette que al principio hab\u00eda tenido fuertes discusiones con algunos fabricantes \u00abpiratas\u00bb de la Medalla, pero que pronto lo hab\u00eda dejado, porque no daban abasto entre todos. Aparte del testimonio del se\u00f1or Vachette, se sabe ciertamente que, antes de la muerte de Santa Catalina el 31 de diciembre de 1876, se hab\u00edan distribuido por todo el mundo <em>m\u00e1s de mil millones <\/em>de medallas. Con raz\u00f3n concluye el Can\u00f3nigo Quentin que \u00absin miedo a que se nos contradiga podemos afirmar que la fabricaci\u00f3n y venta de la Medalla constituye un hecho extraordinario\u00bb.<\/p>\n<p><em>Segunda: <\/em>La \u00abRese\u00f1a hist\u00f3rica sobre el origen y efectos de la Nueva Medalla\u00bb la public\u00f3 el P. Aladel, en su primera edici\u00f3n, en agosto de 1834. Para 1842 hab\u00edan salido ocho ediciones. No consta el n\u00famero de ejemplares de las dos \u00faltimas, pero las seis primeras totalizaron 123 mil ejemplares \u00absin contar las traducciones italiana, inglesa, flamenca, espa\u00f1ola, alemana, griega y china\u00bb. Tambi\u00e9n el Can\u00f3nigo Quentin se siente obliga\u00addo a calificar esta difusi\u00f3n como \u00abun hecho verdaderamente sorprendente y extraordinario\u00bb.<\/p>\n<p><em>Tercera: <\/em>En el Archivo de los misioneros de San Vicente de Pa\u00fal en Par\u00eds existe todo un dep\u00f3sito de cartas procedentes de muchas partes del mundo que atestiguan la protecci\u00f3n prodi\u00adgiosa de la Medalla en los primeros a\u00f1os, desde 1834 a 1860. El responsable del Archivo lo resumi\u00f3 as\u00ed: \u00abA esta Medalla parece que <em>ninguna enfermedad <\/em>se le resiste: a su contacto, s\u00fabitamente o despu\u00e9s de una novena, vemos desaparecer la locura, la lepra, el escorbuto, la tuberculosis, los tumores, la hidropes\u00eda, la epilepsia, las hernias, la par\u00e1lisis, la fiebre tifoidea y las dem\u00e1s fiebres, el c\u00e1ncer, las fracturas, las escr\u00f3fulas, las taquicardias, el c\u00f3lera&#8230; <em>En el orden espiritual <\/em>y con la misma variedad: conversi\u00f3n de pecadores endurecidos, protestantes, jud\u00edos, ap\u00f3statas, incr\u00e9dulos, francmasones, malhechores, c\u00f3\u00admicas&#8230; <em>Una tercera categor\u00eda <\/em>comprende los hechos de protec\u00adci\u00f3n y preservaci\u00f3n con que la Medalla Milagrosa ha limitado los efectos desastrosos de la guerra, naufragios, accidentes, duelos&#8230;\u00bb. No existen comprobantes cient\u00edficos de la mayor parte de estos casos y seguramente muchos no ser\u00edan milagro\u00adsos. Como dice un autor, quienes dan testimonio de las curacio\u00adnes y conversiones obradas en ellos, s\u00f3lo repiten lo del ciego de nacimiento: \u00abLo \u00fanico que s\u00e9 es que antes era ciego y que ahora veo\u00bb (Jn 9, 26). <em>Y <\/em>esto fue suficiente para que el pueblo pusiera \u00e1 aquella Medalla el nombre de \u00abMilagrosa\u00bb. El Can\u00f3ni\u00adgo Quentin termina as\u00ed su informe: \u00abLos favores sorprendentes, las gracias singulares que la confianza de los fieles ha consegui\u00addo se nos presentan como otros tantos medios con los que el Cielo parece haber confirmado la realidad de la visi\u00f3n y la verdad del relato\u00bb.<strong><\/strong><\/p>\n<h2><strong>15. <\/strong><strong>\u00abLa autenticidad de su vida confirma la de las apariciones\u00bb<\/strong><\/h2>\n<p>Nada de <em>exhibicionismo <\/em>en la vidente de las apariciones de la Medalla Milagrosa. Se las cont\u00f3 por necesidad a su confesor, pero le exigi\u00f3 que jam\u00e1s se supiera su nombre. Y su confesor no se lo dijo a nadie. S\u00f3lo al final de su vida lo supieron otros dos confesores de Santa Catalina y la superiora de su comunidad, Sor Juana Duf\u00e9s.<\/p>\n<p>Nada de <em>neurosis. <\/em>Era una campesina realista y eficaz, no mezclaba las apariciones con su actividad diaria, llevaba una vida perfectamente organizada, la llamaban la \u00abHermana Re\u00adgular\u00bb.<\/p>\n<p>Nada de <em>tibieza. <\/em>Es una santa canonizada. Pero antes de serlo fue una verdadera Hija de la Caridad, una cristiana con \u00abgusto por los pobres\u00bb, con amor comprobado. Su \u00fanico desti\u00adno, desde que sali\u00f3 del Noviciado hasta su muerte, fue la Residencia de Ancianos de Enghien, en la que, durante 45 a\u00f1os, estuvo a su servicio en la cocina, la lavander\u00eda, la vaquer\u00eda, el gallinero, el palomar y en toda la casa. Su equili\u00adbrio de esp\u00edritu, su estabilidad en el trabajo y su caridad plena asombran al espectador de su vida y garantizan la verdad de su relaci\u00f3n con Dios.<\/p>\n<p>Ren\u00e9 Laurentin afirma: \u00abUn buen uso de la cr\u00edtica hist\u00f3rica (con la simpat\u00eda y la sensibilidad hacia las realidades de la fe y la experiencia cristiana, sin las que nada en la historia se comprende, especialmente en la historia religiosa) <em>establece los hechos de las apariciones de la Medalla Milagrosa de manera seria y convincente, con derechos id\u00e9nticos a los de los hechos hist\u00f3ricos que todos admiten\u00bb.<\/em><strong><\/strong><\/p>\n<h2><strong>16. <\/strong><strong>\u00abLa verdad simb\u00f3lica de Mar\u00eda y la Medalla Milagrosa\u00bb<\/strong><\/h2>\n<p>Lo que creemos de la Virgen Mar\u00eda tiene que ser verdadero. Pero no exclusivamente con verdad <em>hist\u00f3rica: <\/em>la que se apoya en hechos que se pueden verificar; ni exclusivamente con verdad <em>teol\u00f3gica: <\/em>la que se atiene a los datos de la revelaci\u00f3n; sino tambi\u00e9n con verdad <em>simb\u00f3lica: la <\/em>que, contando con los hechos hist\u00f3ricos y los datos de la revelaci\u00f3n, nace de la experiencia humana.<\/p>\n<p>Para la experiencia humana del pueblo cristiano, la Virgen Mar\u00eda es un gran s\u00edmbolo en el que todo lo cristiano se condensa, en el que lo mejor del alma cristiana de todos los tiempos y lugares se ha realizado, en el que encuentra su cauce el ideal de superaci\u00f3n de la humanidad, en el que se da la integraci\u00f3n m\u00e1s perfecta de todo lo humano con Dios, en el que la Iglesia real ve su ideal cumplimiento. As\u00ed lo viene a decir el Concilio Vaticano II (LG 52, 63), as\u00ed el papa Pablo VI en su exhortaci\u00f3n sobre el Culto a Mar\u00eda (35-37), as\u00ed muchos te\u00f3lo\u00adgos excelentes.<\/p>\n<p>Se ha dicho que \u00abla historia del pensamiento ha dado preponderancia a la raz\u00f3n sobre el s\u00edmbolo: <em>el s\u00edmbolo <\/em>era la noche o la caverna y <em>la <\/em>raz\u00f3n la luz\u00bb. De nuevo tropezamos con el racionalismo y con sus \u00abluces\u00bb. Pero tambi\u00e9n el pensamiento del pueblo es historia del pensamiento, aunque menos contada. Y el pueblo piensa con s\u00edmbolos y habla con poes\u00eda y por eso descubre, adem\u00e1s y m\u00e1s que la verdad razonada, otra verdad acaso m\u00e1s profunda que responde a su propia esperanza y llena su vida de gozoso sentido.<\/p>\n<p>La medalla Milagrosa es n\u00facleo de s\u00edmbolos y matriz de poes\u00eda. Aparentemente se reduce a un conjunto de trazos escuetos como si se tratara de concentrar en dibujos infantiles unos cuantos pasajes b\u00edblicos. Pero como en los dibujos escola\u00adres, cuando cordialmente se la observa brotan de seguido el encanto, la profundidad y el misterio: el encanto de la madre, la profundidad de su misterio cristiano y eclesial, la sugerencia de horizontes que desde la ra\u00edz de la tierra se desplazan hasta el coraz\u00f3n del cielo. La Medalla Milagrosa es un regalo de Dios por medio de la Madre de Dios. Un regalo para la oraci\u00f3n, el conocimiento, la esperanza, la superaci\u00f3n, el compromiso, el amor. Un regalo para todos, especialmente para los pobres de que habla el Evangelio. Es una Buena Noticia para los pobres (Lc 4, 18).<\/p>\n","protected":false},"excerpt":{"rendered":"<p>1. \u00abDios se ha quedado como mudo y no tiene m\u00e1s que hablar\u00bb San Juan de la Cruz, un gran m\u00edstico, se pone a meditar en la primera frase de la carta de San Pablo &#8230; <a href=\"https:\/\/vincentians.com\/es\/una-medalla-y-ademas-milagrosa\/\" class=\"more-link\">Read More<\/a><\/p>\n","protected":false},"author":4,"featured_media":115027,"comment_status":"open","ping_status":"open","sticky":false,"template":"","format":"standard","meta":{"jetpack_post_was_ever_published":false,"_jetpack_newsletter_access":"","_jetpack_dont_email_post_to_subs":false,"_jetpack_newsletter_tier_id":0,"_jetpack_memberships_contains_paywalled_content":false,"_jetpack_memberships_contains_paid_content":false,"footnotes":"","jetpack_publicize_message":"","jetpack_publicize_feature_enabled":true,"jetpack_social_post_already_shared":true,"jetpack_social_options":{"image_generator_settings":{"template":"highway","default_image_id":0,"font":"","enabled":false},"version":2}},"categories":[8],"tags":[280,143],"class_list":["post-52965","post","type-post","status-publish","format-standard","has-post-thumbnail","hentry","category-virgen-maria","tag-san-juan-de-la-cruz","tag-san-lazaro"],"yoast_head":"<!-- This site is optimized with the Yoast SEO plugin v26.3 - https:\/\/yoast.com\/wordpress\/plugins\/seo\/ -->\n<title>Una Medalla y adem\u00e1s \u00abMilagrosa\u00bb - Somos Vicencianos<\/title>\n<meta name=\"robots\" content=\"index, follow, max-snippet:-1, max-image-preview:large, max-video-preview:-1\" \/>\n<link rel=\"canonical\" href=\"https:\/\/vincentians.com\/es\/una-medalla-y-ademas-milagrosa\/\" \/>\n<meta property=\"og:locale\" content=\"es_ES\" \/>\n<meta property=\"og:type\" content=\"article\" \/>\n<meta property=\"og:title\" content=\"Una Medalla y adem\u00e1s \u00abMilagrosa\u00bb - Somos Vicencianos\" \/>\n<meta property=\"og:description\" content=\"1. \u00abDios se ha quedado como mudo y no tiene m\u00e1s que hablar\u00bb San Juan de la Cruz, un gran m\u00edstico, se pone a meditar en la primera frase de la carta de San Pablo ... Read More\" \/>\n<meta property=\"og:url\" content=\"https:\/\/vincentians.com\/es\/una-medalla-y-ademas-milagrosa\/\" \/>\n<meta property=\"og:site_name\" content=\"Somos Vicencianos\" \/>\n<meta property=\"article:publisher\" content=\"https:\/\/www.facebook.com\/WeAreVincentians\/\" \/>\n<meta property=\"article:author\" content=\"https:\/\/www.facebook.com\/JavierChento\" \/>\n<meta property=\"article:published_time\" content=\"2013-11-15T03:01:57+00:00\" \/>\n<meta property=\"article:modified_time\" content=\"2016-07-26T15:29:11+00:00\" \/>\n<meta name=\"author\" content=\"Francisco Javier Fern\u00e1ndez Chento\" \/>\n<meta name=\"twitter:card\" content=\"summary_large_image\" \/>\n<meta name=\"twitter:creator\" content=\"@https:\/\/twitter.com\/javierchento\" \/>\n<meta name=\"twitter:site\" content=\"@WeVincentians\" \/>\n<meta name=\"twitter:label1\" content=\"Escrito por\" \/>\n\t<meta name=\"twitter:data1\" content=\"Francisco Javier Fern\u00e1ndez Chento\" \/>\n\t<meta name=\"twitter:label2\" content=\"Tiempo de lectura\" \/>\n\t<meta name=\"twitter:data2\" content=\"42 minutos\" \/>\n<script type=\"application\/ld+json\" class=\"yoast-schema-graph\">{\"@context\":\"https:\/\/schema.org\",\"@graph\":[{\"@type\":\"Article\",\"@id\":\"https:\/\/vincentians.com\/es\/una-medalla-y-ademas-milagrosa\/#article\",\"isPartOf\":{\"@id\":\"https:\/\/vincentians.com\/es\/una-medalla-y-ademas-milagrosa\/\"},\"author\":{\"name\":\"Francisco Javier Fern\u00e1ndez Chento\",\"@id\":\"http:\/\/vincentians.com\/es\/#\/schema\/person\/9623ef4d9aa3b2dfb8c061f1499288f2\"},\"headline\":\"Una Medalla y adem\u00e1s \u00abMilagrosa\u00bb\",\"datePublished\":\"2013-11-15T03:01:57+00:00\",\"dateModified\":\"2016-07-26T15:29:11+00:00\",\"mainEntityOfPage\":{\"@id\":\"https:\/\/vincentians.com\/es\/una-medalla-y-ademas-milagrosa\/\"},\"wordCount\":8367,\"commentCount\":0,\"publisher\":{\"@id\":\"http:\/\/vincentians.com\/es\/#organization\"},\"image\":{\"@id\":\"https:\/\/vincentians.com\/es\/una-medalla-y-ademas-milagrosa\/#primaryimage\"},\"thumbnailUrl\":\"\",\"keywords\":[\"San Juan de la Cruz\",\"San L\u00e1zaro\"],\"articleSection\":[\"Virgen Mar\u00eda\"],\"inLanguage\":\"es\",\"potentialAction\":[{\"@type\":\"CommentAction\",\"name\":\"Comment\",\"target\":[\"https:\/\/vincentians.com\/es\/una-medalla-y-ademas-milagrosa\/#respond\"]}]},{\"@type\":\"WebPage\",\"@id\":\"https:\/\/vincentians.com\/es\/una-medalla-y-ademas-milagrosa\/\",\"url\":\"https:\/\/vincentians.com\/es\/una-medalla-y-ademas-milagrosa\/\",\"name\":\"Una Medalla y adem\u00e1s \u00abMilagrosa\u00bb - Somos Vicencianos\",\"isPartOf\":{\"@id\":\"http:\/\/vincentians.com\/es\/#website\"},\"primaryImageOfPage\":{\"@id\":\"https:\/\/vincentians.com\/es\/una-medalla-y-ademas-milagrosa\/#primaryimage\"},\"image\":{\"@id\":\"https:\/\/vincentians.com\/es\/una-medalla-y-ademas-milagrosa\/#primaryimage\"},\"thumbnailUrl\":\"\",\"datePublished\":\"2013-11-15T03:01:57+00:00\",\"dateModified\":\"2016-07-26T15:29:11+00:00\",\"breadcrumb\":{\"@id\":\"https:\/\/vincentians.com\/es\/una-medalla-y-ademas-milagrosa\/#breadcrumb\"},\"inLanguage\":\"es\",\"potentialAction\":[{\"@type\":\"ReadAction\",\"target\":[\"https:\/\/vincentians.com\/es\/una-medalla-y-ademas-milagrosa\/\"]}]},{\"@type\":\"ImageObject\",\"inLanguage\":\"es\",\"@id\":\"https:\/\/vincentians.com\/es\/una-medalla-y-ademas-milagrosa\/#primaryimage\",\"url\":\"\",\"contentUrl\":\"\"},{\"@type\":\"BreadcrumbList\",\"@id\":\"https:\/\/vincentians.com\/es\/una-medalla-y-ademas-milagrosa\/#breadcrumb\",\"itemListElement\":[{\"@type\":\"ListItem\",\"position\":1,\"name\":\"Portada\",\"item\":\"http:\/\/vincentians.com\/es\/\"},{\"@type\":\"ListItem\",\"position\":2,\"name\":\"Una Medalla y adem\u00e1s \u00abMilagrosa\u00bb\"}]},{\"@type\":\"WebSite\",\"@id\":\"http:\/\/vincentians.com\/es\/#website\",\"url\":\"http:\/\/vincentians.com\/es\/\",\"name\":\"Somos Vicencianos\",\"description\":\"Know more to serve more\",\"publisher\":{\"@id\":\"http:\/\/vincentians.com\/es\/#organization\"},\"potentialAction\":[{\"@type\":\"SearchAction\",\"target\":{\"@type\":\"EntryPoint\",\"urlTemplate\":\"http:\/\/vincentians.com\/es\/?s={search_term_string}\"},\"query-input\":{\"@type\":\"PropertyValueSpecification\",\"valueRequired\":true,\"valueName\":\"search_term_string\"}}],\"inLanguage\":\"es\"},{\"@type\":\"Organization\",\"@id\":\"http:\/\/vincentians.com\/es\/#organization\",\"name\":\"The Vincentian Network\",\"url\":\"http:\/\/vincentians.com\/es\/\",\"logo\":{\"@type\":\"ImageObject\",\"inLanguage\":\"es\",\"@id\":\"http:\/\/vincentians.com\/es\/#\/schema\/logo\/image\/\",\"url\":\"https:\/\/i1.wp.com\/vincentians.com\/es\/wp-content\/uploads\/sites\/11\/2016\/06\/Vincentian-Network-logo-big.png?fit=778%2C778\",\"contentUrl\":\"https:\/\/i1.wp.com\/vincentians.com\/es\/wp-content\/uploads\/sites\/11\/2016\/06\/Vincentian-Network-logo-big.png?fit=778%2C778\",\"width\":778,\"height\":778,\"caption\":\"The Vincentian Network\"},\"image\":{\"@id\":\"http:\/\/vincentians.com\/es\/#\/schema\/logo\/image\/\"},\"sameAs\":[\"https:\/\/www.facebook.com\/WeAreVincentians\/\",\"https:\/\/x.com\/WeVincentians\"]},{\"@type\":\"Person\",\"@id\":\"http:\/\/vincentians.com\/es\/#\/schema\/person\/9623ef4d9aa3b2dfb8c061f1499288f2\",\"name\":\"Francisco Javier Fern\u00e1ndez Chento\",\"image\":{\"@type\":\"ImageObject\",\"inLanguage\":\"es\",\"@id\":\"http:\/\/vincentians.com\/es\/#\/schema\/person\/image\/\",\"url\":\"https:\/\/secure.gravatar.com\/avatar\/497d5cde87b4c3d097d0315953521681ba2cd523ee66e5077c3711f7021e65de?s=96&d=mm&r=g\",\"contentUrl\":\"https:\/\/secure.gravatar.com\/avatar\/497d5cde87b4c3d097d0315953521681ba2cd523ee66e5077c3711f7021e65de?s=96&d=mm&r=g\",\"caption\":\"Francisco Javier Fern\u00e1ndez Chento\"},\"description\":\"Director General y cofundador de La Red de Formaci\u00f3n Vicenciana. Javier es laico vicenciano, afiliado a la Congregaci\u00f3n de la Misi\u00f3n y miembro del Equipo de Misiones Populares de la provincia can\u00f3nica de Zaragoza (Espa\u00f1a) de la Congregaci\u00f3n de la Misi\u00f3n. Graduado en la Universidad Oberta de Catalunya con cuatro grados (Asistente de direcci\u00f3n, Gesti\u00f3n Administrativa, Recursos Humanos y Contabilidad Avanzada). Bil\u00edng\u00fce Espa\u00f1ol\/Ingl\u00e9s. gestiona y mantiene varias p\u00e1ginas web cristianas y vicencianas, incluida including La Red de Formaci\u00f3n Vicenciana, de la que es cofundador. Actualmente es responsable del \u00e1rea de Espa\u00f1ol de .famvin, la Red de Noticias de la Familia Vicenciana. Tambi\u00e9n es m\u00fasico cat\u00f3lico y ha editado varios discos. Es Director General y cofundador de Trovador, una reconocida compa\u00f1\u00eda discogr\u00e1fica critiana de Espa\u00f1a. Trabaja en las Tecnolog\u00edas de la Informaci\u00f3n, ofreciendo servicios de alojamiento, dise\u00f1o y mantenimiento Web, as\u00ed como asesoramiento, formaci\u00f3n y soluciones inform\u00e1ticas, gesti\u00f3n documental y digitalizaci\u00f3n de textos, edici\u00f3n y maquetaci\u00f3n de libros, revistas, flyers, etc.\",\"sameAs\":[\"http:\/\/chento.org\",\"https:\/\/www.facebook.com\/JavierChento\",\"https:\/\/x.com\/https:\/\/twitter.com\/javierchento\"],\"url\":\"https:\/\/vincentians.com\/es\/author\/chento\/\"}]}<\/script>\n<!-- \/ Yoast SEO plugin. -->","yoast_head_json":{"title":"Una Medalla y adem\u00e1s \u00abMilagrosa\u00bb - Somos Vicencianos","robots":{"index":"index","follow":"follow","max-snippet":"max-snippet:-1","max-image-preview":"max-image-preview:large","max-video-preview":"max-video-preview:-1"},"canonical":"https:\/\/vincentians.com\/es\/una-medalla-y-ademas-milagrosa\/","og_locale":"es_ES","og_type":"article","og_title":"Una Medalla y adem\u00e1s \u00abMilagrosa\u00bb - Somos Vicencianos","og_description":"1. \u00abDios se ha quedado como mudo y no tiene m\u00e1s que hablar\u00bb San Juan de la Cruz, un gran m\u00edstico, se pone a meditar en la primera frase de la carta de San Pablo ... Read More","og_url":"https:\/\/vincentians.com\/es\/una-medalla-y-ademas-milagrosa\/","og_site_name":"Somos Vicencianos","article_publisher":"https:\/\/www.facebook.com\/WeAreVincentians\/","article_author":"https:\/\/www.facebook.com\/JavierChento","article_published_time":"2013-11-15T03:01:57+00:00","article_modified_time":"2016-07-26T15:29:11+00:00","author":"Francisco Javier Fern\u00e1ndez Chento","twitter_card":"summary_large_image","twitter_creator":"@https:\/\/twitter.com\/javierchento","twitter_site":"@WeVincentians","twitter_misc":{"Escrito por":"Francisco Javier Fern\u00e1ndez Chento","Tiempo de lectura":"42 minutos"},"schema":{"@context":"https:\/\/schema.org","@graph":[{"@type":"Article","@id":"https:\/\/vincentians.com\/es\/una-medalla-y-ademas-milagrosa\/#article","isPartOf":{"@id":"https:\/\/vincentians.com\/es\/una-medalla-y-ademas-milagrosa\/"},"author":{"name":"Francisco Javier Fern\u00e1ndez Chento","@id":"http:\/\/vincentians.com\/es\/#\/schema\/person\/9623ef4d9aa3b2dfb8c061f1499288f2"},"headline":"Una Medalla y adem\u00e1s \u00abMilagrosa\u00bb","datePublished":"2013-11-15T03:01:57+00:00","dateModified":"2016-07-26T15:29:11+00:00","mainEntityOfPage":{"@id":"https:\/\/vincentians.com\/es\/una-medalla-y-ademas-milagrosa\/"},"wordCount":8367,"commentCount":0,"publisher":{"@id":"http:\/\/vincentians.com\/es\/#organization"},"image":{"@id":"https:\/\/vincentians.com\/es\/una-medalla-y-ademas-milagrosa\/#primaryimage"},"thumbnailUrl":"","keywords":["San Juan de la Cruz","San L\u00e1zaro"],"articleSection":["Virgen Mar\u00eda"],"inLanguage":"es","potentialAction":[{"@type":"CommentAction","name":"Comment","target":["https:\/\/vincentians.com\/es\/una-medalla-y-ademas-milagrosa\/#respond"]}]},{"@type":"WebPage","@id":"https:\/\/vincentians.com\/es\/una-medalla-y-ademas-milagrosa\/","url":"https:\/\/vincentians.com\/es\/una-medalla-y-ademas-milagrosa\/","name":"Una Medalla y adem\u00e1s \u00abMilagrosa\u00bb - Somos Vicencianos","isPartOf":{"@id":"http:\/\/vincentians.com\/es\/#website"},"primaryImageOfPage":{"@id":"https:\/\/vincentians.com\/es\/una-medalla-y-ademas-milagrosa\/#primaryimage"},"image":{"@id":"https:\/\/vincentians.com\/es\/una-medalla-y-ademas-milagrosa\/#primaryimage"},"thumbnailUrl":"","datePublished":"2013-11-15T03:01:57+00:00","dateModified":"2016-07-26T15:29:11+00:00","breadcrumb":{"@id":"https:\/\/vincentians.com\/es\/una-medalla-y-ademas-milagrosa\/#breadcrumb"},"inLanguage":"es","potentialAction":[{"@type":"ReadAction","target":["https:\/\/vincentians.com\/es\/una-medalla-y-ademas-milagrosa\/"]}]},{"@type":"ImageObject","inLanguage":"es","@id":"https:\/\/vincentians.com\/es\/una-medalla-y-ademas-milagrosa\/#primaryimage","url":"","contentUrl":""},{"@type":"BreadcrumbList","@id":"https:\/\/vincentians.com\/es\/una-medalla-y-ademas-milagrosa\/#breadcrumb","itemListElement":[{"@type":"ListItem","position":1,"name":"Portada","item":"http:\/\/vincentians.com\/es\/"},{"@type":"ListItem","position":2,"name":"Una Medalla y adem\u00e1s \u00abMilagrosa\u00bb"}]},{"@type":"WebSite","@id":"http:\/\/vincentians.com\/es\/#website","url":"http:\/\/vincentians.com\/es\/","name":"Somos Vicencianos","description":"Know more to serve more","publisher":{"@id":"http:\/\/vincentians.com\/es\/#organization"},"potentialAction":[{"@type":"SearchAction","target":{"@type":"EntryPoint","urlTemplate":"http:\/\/vincentians.com\/es\/?s={search_term_string}"},"query-input":{"@type":"PropertyValueSpecification","valueRequired":true,"valueName":"search_term_string"}}],"inLanguage":"es"},{"@type":"Organization","@id":"http:\/\/vincentians.com\/es\/#organization","name":"The Vincentian Network","url":"http:\/\/vincentians.com\/es\/","logo":{"@type":"ImageObject","inLanguage":"es","@id":"http:\/\/vincentians.com\/es\/#\/schema\/logo\/image\/","url":"https:\/\/i1.wp.com\/vincentians.com\/es\/wp-content\/uploads\/sites\/11\/2016\/06\/Vincentian-Network-logo-big.png?fit=778%2C778","contentUrl":"https:\/\/i1.wp.com\/vincentians.com\/es\/wp-content\/uploads\/sites\/11\/2016\/06\/Vincentian-Network-logo-big.png?fit=778%2C778","width":778,"height":778,"caption":"The Vincentian Network"},"image":{"@id":"http:\/\/vincentians.com\/es\/#\/schema\/logo\/image\/"},"sameAs":["https:\/\/www.facebook.com\/WeAreVincentians\/","https:\/\/x.com\/WeVincentians"]},{"@type":"Person","@id":"http:\/\/vincentians.com\/es\/#\/schema\/person\/9623ef4d9aa3b2dfb8c061f1499288f2","name":"Francisco Javier Fern\u00e1ndez Chento","image":{"@type":"ImageObject","inLanguage":"es","@id":"http:\/\/vincentians.com\/es\/#\/schema\/person\/image\/","url":"https:\/\/secure.gravatar.com\/avatar\/497d5cde87b4c3d097d0315953521681ba2cd523ee66e5077c3711f7021e65de?s=96&d=mm&r=g","contentUrl":"https:\/\/secure.gravatar.com\/avatar\/497d5cde87b4c3d097d0315953521681ba2cd523ee66e5077c3711f7021e65de?s=96&d=mm&r=g","caption":"Francisco Javier Fern\u00e1ndez Chento"},"description":"Director General y cofundador de La Red de Formaci\u00f3n Vicenciana. Javier es laico vicenciano, afiliado a la Congregaci\u00f3n de la Misi\u00f3n y miembro del Equipo de Misiones Populares de la provincia can\u00f3nica de Zaragoza (Espa\u00f1a) de la Congregaci\u00f3n de la Misi\u00f3n. Graduado en la Universidad Oberta de Catalunya con cuatro grados (Asistente de direcci\u00f3n, Gesti\u00f3n Administrativa, Recursos Humanos y Contabilidad Avanzada). Bil\u00edng\u00fce Espa\u00f1ol\/Ingl\u00e9s. gestiona y mantiene varias p\u00e1ginas web cristianas y vicencianas, incluida including La Red de Formaci\u00f3n Vicenciana, de la que es cofundador. Actualmente es responsable del \u00e1rea de Espa\u00f1ol de .famvin, la Red de Noticias de la Familia Vicenciana. Tambi\u00e9n es m\u00fasico cat\u00f3lico y ha editado varios discos. Es Director General y cofundador de Trovador, una reconocida compa\u00f1\u00eda discogr\u00e1fica critiana de Espa\u00f1a. Trabaja en las Tecnolog\u00edas de la Informaci\u00f3n, ofreciendo servicios de alojamiento, dise\u00f1o y mantenimiento Web, as\u00ed como asesoramiento, formaci\u00f3n y soluciones inform\u00e1ticas, gesti\u00f3n documental y digitalizaci\u00f3n de textos, edici\u00f3n y maquetaci\u00f3n de libros, revistas, flyers, etc.","sameAs":["http:\/\/chento.org","https:\/\/www.facebook.com\/JavierChento","https:\/\/x.com\/https:\/\/twitter.com\/javierchento"],"url":"https:\/\/vincentians.com\/es\/author\/chento\/"}]}},"jetpack_publicize_connections":[],"jetpack_featured_media_url":"","jetpack_sharing_enabled":true,"jetpack_shortlink":"https:\/\/wp.me\/p7ETMF-dMh","jetpack-related-posts":[{"id":137396,"url":"https:\/\/vincentians.com\/es\/4o-domingo-de-t-o-reflexion-de-la-s-s-v-p-en-espana\/","url_meta":{"origin":52965,"position":0},"title":"4\u00ba Domingo de T.O. (reflexi\u00f3n de la S.S.V.P. en Espa\u00f1a)","author":"Francisco Javier Fern\u00e1ndez Chento","date":"30\/01\/2015","format":false,"excerpt":"\u00abSe trata de extender el reino de Cristo, de ampliarlo, de pensar y vivir el Evangelio en el mundo entero\u00bb (Beato Federico Ozanam) El pasaje de la primera Lectura figura en la secci\u00f3n que dedica el Deuteronomio a las instituciones y los ministerios del pueblo elegido. Despu\u00e9s de haber hablado\u2026","rel":"","context":"En \u00abHomil\u00edas y reflexiones, A\u00f1o B\u00bb","block_context":{"text":"Homil\u00edas y reflexiones, A\u00f1o B","link":"https:\/\/vincentians.com\/es\/category\/homilias-y-reflexiones-a-la-palabra-de-dios\/homilias-y-reflexiones-ano-b\/"},"img":{"alt_text":"","src":"https:\/\/i0.wp.com\/vincentians.com\/es\/wp-content\/uploads\/sites\/11\/2016\/07\/reflexiones-palabra-de-dios.jpg?fit=1200%2C630&ssl=1&resize=350%2C200","width":350,"height":200,"srcset":"https:\/\/i0.wp.com\/vincentians.com\/es\/wp-content\/uploads\/sites\/11\/2016\/07\/reflexiones-palabra-de-dios.jpg?fit=1200%2C630&ssl=1&resize=350%2C200 1x, https:\/\/i0.wp.com\/vincentians.com\/es\/wp-content\/uploads\/sites\/11\/2016\/07\/reflexiones-palabra-de-dios.jpg?fit=1200%2C630&ssl=1&resize=525%2C300 1.5x, https:\/\/i0.wp.com\/vincentians.com\/es\/wp-content\/uploads\/sites\/11\/2016\/07\/reflexiones-palabra-de-dios.jpg?fit=1200%2C630&ssl=1&resize=700%2C400 2x, https:\/\/i0.wp.com\/vincentians.com\/es\/wp-content\/uploads\/sites\/11\/2016\/07\/reflexiones-palabra-de-dios.jpg?fit=1200%2C630&ssl=1&resize=1050%2C600 3x"},"classes":[]},{"id":137704,"url":"https:\/\/vincentians.com\/es\/4o-domingo-de-t-o-reflexion-de-julio-cesar-villalobos-c-m-2\/","url_meta":{"origin":52965,"position":1},"title":"4\u00ba Domingo de T.O. (reflexi\u00f3n de Julio C\u00e9sar Villalobos, C.M.)","author":"Francisco Javier Fern\u00e1ndez Chento","date":"31\/01\/2015","format":false,"excerpt":"Escuchemos a Dios que viene con autoridad \u00bfSabes Jes\u00fas? Muchas veces nos hablas y no te hacemos caso, insistes en permanecer siempre al lado de nosotros, pero no queremos verte, nos corriges con amor y nos gana la soberbia de no querer cambiar, vienes a trav\u00e9s de tus profetas y\u2026","rel":"","context":"En \u00abHomil\u00edas y reflexiones, A\u00f1o B\u00bb","block_context":{"text":"Homil\u00edas y reflexiones, A\u00f1o B","link":"https:\/\/vincentians.com\/es\/category\/homilias-y-reflexiones-a-la-palabra-de-dios\/homilias-y-reflexiones-ano-b\/"},"img":{"alt_text":"","src":"https:\/\/i0.wp.com\/vincentians.com\/es\/wp-content\/uploads\/sites\/11\/2016\/07\/reflexiones-palabra-de-dios.jpg?fit=1200%2C630&ssl=1&resize=350%2C200","width":350,"height":200,"srcset":"https:\/\/i0.wp.com\/vincentians.com\/es\/wp-content\/uploads\/sites\/11\/2016\/07\/reflexiones-palabra-de-dios.jpg?fit=1200%2C630&ssl=1&resize=350%2C200 1x, https:\/\/i0.wp.com\/vincentians.com\/es\/wp-content\/uploads\/sites\/11\/2016\/07\/reflexiones-palabra-de-dios.jpg?fit=1200%2C630&ssl=1&resize=525%2C300 1.5x, https:\/\/i0.wp.com\/vincentians.com\/es\/wp-content\/uploads\/sites\/11\/2016\/07\/reflexiones-palabra-de-dios.jpg?fit=1200%2C630&ssl=1&resize=700%2C400 2x, https:\/\/i0.wp.com\/vincentians.com\/es\/wp-content\/uploads\/sites\/11\/2016\/07\/reflexiones-palabra-de-dios.jpg?fit=1200%2C630&ssl=1&resize=1050%2C600 3x"},"classes":[]},{"id":125543,"url":"https:\/\/vincentians.com\/es\/novena-a-la-virgen-milagrosa-2013-dia-octavo\/","url_meta":{"origin":52965,"position":2},"title":"Novena a la Virgen Milagrosa 2013: D\u00eda octavo","author":"Francisco Javier Fern\u00e1ndez Chento","date":"26\/11\/2013","format":false,"excerpt":"Ens\u00e9\u00f1anos a MIRAR CON LOS OJOS DE JES\u00daS, para que \u00c9l sea luz en nuestro camino. (La mirada de fe, dad vuelta a la medalla) MONICI\u00d3N DE ENTRADA Bienvenidos un d\u00eda m\u00e1s. Estamos llegando al final de la Novena y al final de la oraci\u00f3n que nos han sugerido los\u2026","rel":"","context":"En \u00abVirgen Mar\u00eda\u00bb","block_context":{"text":"Virgen Mar\u00eda","link":"https:\/\/vincentians.com\/es\/category\/espiritualidad\/virgen-maria\/"},"img":{"alt_text":"Milagrosa_Pamplona_2013","src":"https:\/\/i0.wp.com\/vicencianos.org\/wp-content\/2012\/11\/Milagrosa_Pamplona_2013-201x300.jpg?resize=350%2C200","width":350,"height":200},"classes":[]},{"id":125776,"url":"https:\/\/vincentians.com\/es\/la-cruz-en-la-espiritualidad-vicenciana\/","url_meta":{"origin":52965,"position":3},"title":"La cruz en la espiritualidad vicenciana","author":"Francisco Javier Fern\u00e1ndez Chento","date":"09\/02\/2015","format":false,"excerpt":"Posiblemente, no exista libro alguno de espiritualidad que haya sido m\u00e1s ampliamente difundido que la \"Imitaci\u00f3n de Cristo\". A lo largo de los siglos, millones de sacerdotes, de hermanos, de hermanas, de seglares \u2014hombres y mujeres\u2014, lo han le\u00eddo y meditado. San Vicente y santa Luisa lo recomendaron con frecuencia\u2026","rel":"","context":"En \u00abEspiritualidad vicenciana\u00bb","block_context":{"text":"Espiritualidad vicenciana","link":"https:\/\/vincentians.com\/es\/category\/espiritualidad\/espiritualidad-vicenciana\/"},"img":{"alt_text":"La_Cruz","src":"https:\/\/i0.wp.com\/vicencianos.org\/wp-content\/2013\/12\/La_Cruz-300x264.jpg?resize=350%2C200","width":350,"height":200},"classes":[]},{"id":95626,"url":"https:\/\/vincentians.com\/es\/santa-luisa-de-marillac-profeta\/","url_meta":{"origin":52965,"position":4},"title":"Santa Luisa de Marillac, profeta","author":"Francisco Javier Fern\u00e1ndez Chento","date":"15\/03\/2014","format":false,"excerpt":"Pienso que Santa Luisa de Marillac fue una mujer profeta \u2014me gusta m\u00e1s que profetisa\u2014 en el sentido b\u00ed\u00adblico. La palabra \"profeta\", en la Bi\u00adblia hebrea, tiene dos sentidos: \"el que clama\", \"el predicador\", o bien: \"el vidente\". La Biblia griega la tra\u00adduce por \"el que habla\": aquel que en\u2026","rel":"","context":"En \u00abLuisa de Marillac\u00bb","block_context":{"text":"Luisa de Marillac","link":"https:\/\/vincentians.com\/es\/category\/la-familia-vicenciana\/fundadores\/luisa-de-marillac\/"},"img":{"alt_text":"","src":"https:\/\/i0.wp.com\/vicencianos.org\/wp-content\/2012\/07\/cartel4.jpg?resize=350%2C200","width":350,"height":200},"classes":[]},{"id":132597,"url":"https:\/\/vincentians.com\/es\/domingo-3o-de-adviento-reflexion-de-pedro-guillen-goni-c-m\/","url_meta":{"origin":52965,"position":5},"title":"Domingo 3\u00ba de Adviento (reflexi\u00f3n de Pedro Guill\u00e9n Go\u00f1i, C.M.)","author":"Francisco Javier Fern\u00e1ndez Chento","date":"12\/12\/2014","format":false,"excerpt":"Juan Bautista nos invita a la conversi\u00f3n en el texto del evangelio de San Lucas en el d\u00eda de hoy. No puede existir una preparaci\u00f3n adecuada ante la venida del Se\u00f1or si, previamente, no hacemos una evaluaci\u00f3n de nuestra vida y, con sinceridad y transparencia de coraz\u00f3n, tratamos de analizar\u2026","rel":"","context":"En \u00abHomil\u00edas y reflexiones, A\u00f1o B\u00bb","block_context":{"text":"Homil\u00edas y reflexiones, A\u00f1o B","link":"https:\/\/vincentians.com\/es\/category\/homilias-y-reflexiones-a-la-palabra-de-dios\/homilias-y-reflexiones-ano-b\/"},"img":{"alt_text":"","src":"https:\/\/i0.wp.com\/vincentians.com\/es\/wp-content\/uploads\/sites\/11\/2016\/07\/reflexiones-palabra-de-dios.jpg?fit=1200%2C630&ssl=1&resize=350%2C200","width":350,"height":200,"srcset":"https:\/\/i0.wp.com\/vincentians.com\/es\/wp-content\/uploads\/sites\/11\/2016\/07\/reflexiones-palabra-de-dios.jpg?fit=1200%2C630&ssl=1&resize=350%2C200 1x, https:\/\/i0.wp.com\/vincentians.com\/es\/wp-content\/uploads\/sites\/11\/2016\/07\/reflexiones-palabra-de-dios.jpg?fit=1200%2C630&ssl=1&resize=525%2C300 1.5x, https:\/\/i0.wp.com\/vincentians.com\/es\/wp-content\/uploads\/sites\/11\/2016\/07\/reflexiones-palabra-de-dios.jpg?fit=1200%2C630&ssl=1&resize=700%2C400 2x, https:\/\/i0.wp.com\/vincentians.com\/es\/wp-content\/uploads\/sites\/11\/2016\/07\/reflexiones-palabra-de-dios.jpg?fit=1200%2C630&ssl=1&resize=1050%2C600 3x"},"classes":[]}],"_links":{"self":[{"href":"https:\/\/vincentians.com\/es\/wp-json\/wp\/v2\/posts\/52965","targetHints":{"allow":["GET"]}}],"collection":[{"href":"https:\/\/vincentians.com\/es\/wp-json\/wp\/v2\/posts"}],"about":[{"href":"https:\/\/vincentians.com\/es\/wp-json\/wp\/v2\/types\/post"}],"author":[{"embeddable":true,"href":"https:\/\/vincentians.com\/es\/wp-json\/wp\/v2\/users\/4"}],"replies":[{"embeddable":true,"href":"https:\/\/vincentians.com\/es\/wp-json\/wp\/v2\/comments?post=52965"}],"version-history":[{"count":0,"href":"https:\/\/vincentians.com\/es\/wp-json\/wp\/v2\/posts\/52965\/revisions"}],"wp:featuredmedia":[{"embeddable":true,"href":"https:\/\/vincentians.com\/es\/wp-json\/"}],"wp:attachment":[{"href":"https:\/\/vincentians.com\/es\/wp-json\/wp\/v2\/media?parent=52965"}],"wp:term":[{"taxonomy":"category","embeddable":true,"href":"https:\/\/vincentians.com\/es\/wp-json\/wp\/v2\/categories?post=52965"},{"taxonomy":"post_tag","embeddable":true,"href":"https:\/\/vincentians.com\/es\/wp-json\/wp\/v2\/tags?post=52965"}],"curies":[{"name":"wp","href":"https:\/\/api.w.org\/{rel}","templated":true}]}}