{"id":52795,"date":"2015-02-06T02:15:40","date_gmt":"2015-02-06T01:15:40","guid":{"rendered":"http:\/\/somos.vicencianos.org\/blog\/2011\/10\/estatutos-de-la-conferencia-nacional-de-visitadores-de-estados-unidos\/"},"modified":"2015-02-06T02:15:40","modified_gmt":"2015-02-06T01:15:40","slug":"estatutos-de-la-conferencia-nacional-de-visitadores-de-estados-unidos","status":"publish","type":"post","link":"https:\/\/vincentians.com\/es\/estatutos-de-la-conferencia-nacional-de-visitadores-de-estados-unidos\/","title":{"rendered":"Estatutos de la Conferencia Nacional de Visitadores de Estados Unidos"},"content":{"rendered":"<h2>I. Introducci\u00f3n<\/h2>\n<p><a href=\"https:\/\/i0.wp.com\/vicencianos.org\/wp-content\/2011\/12\/logocm.png\"><img data-recalc-dims=\"1\" loading=\"lazy\" decoding=\"async\" class=\"alignright wp-image-57594 size-medium\" src=\"https:\/\/i0.wp.com\/vicencianos.org\/wp-content\/2011\/12\/logocm-245x300.png?resize=245%2C300\" alt=\"logocm\" width=\"245\" height=\"300\" \/><\/a>Mediado diciembre de 1973, el M. R. P. James Richardson, C.M., Superior General de la Congregaci\u00f3n de la Misi\u00f3n, se reuni\u00f3 con los Visitadores de EEUU y solicit\u00f3 una nueva y moderna traducci\u00f3n de todas las Obras de san Vicente que subsisten, al ingl\u00e9s hablado en Norteam\u00e9rica. Las Provincias norteamericanas de las Hijas de la Caridad fueron de inmediato invitadas a participar en este trabajo, designado \u00abProyecto Vicenciano de Traducci\u00f3n\u00bb.<\/p>\n<p>Tras esta reuni\u00f3n con el Superior General, comenz\u00f3 a reunirse anualmente el grupo de los Visitadores de EEUU, con objeto de tratar el progreso del Proyecto Vicenciano de Traducci\u00f3n. Andando el tiempo, este encuentro regular fue convirti\u00e9ndose para los Visitadores en una conferencia nacional.<\/p>\n<p>En mayo de 2002, el M. R. P. Robert Maloney, C.M., Superior General de la Congregaci\u00f3n de la Misi\u00f3n, consultados los Visitadores de EEUU as\u00ed como su propio Consejo, estableci\u00f3 la Conferencia Nacional de Visitadores de EEUU, como entidad sucesora de la Conferencia de Visitadores de EEUU. Esta acci\u00f3n fue emprendida en respuesta a la consulta por \u00e9l efectuada a las Provincias de EEUU durante la discusi\u00f3n relativa a la reconfiguraci\u00f3n de las provincias.<\/p>\n<h2>II. Nombre, fines, naturaleza, derechos<\/h2>\n<ol>\n<li><strong>Nombre:<\/strong> El nombre de la conferencia es \u00abConferencia Nacional de Visitadores de EEUU\u00bb. Su sigla es NCV.<\/li>\n<li><strong>Fines: <\/strong>Los fines de la NCV son:\n<ol>\n<li>Desarrollar la cooperaci\u00f3n interprovincial con miras a una posible reconfiguraci\u00f3n.<\/li>\n<li>Fomentar la colaboraci\u00f3n con las Hijas de la Caridad y con la Familia Vicenciana.<\/li>\n<li>Tratar otros temas de alcance nacional.<\/li>\n<li>Darse los Visitadores asistencia mutua.<\/li>\n<\/ol>\n<\/li>\n<li><strong>Naturaleza: <\/strong>La NCV es una organizaci\u00f3n creada por el Superior General para conseguir los fines arriba formulados (Cfr. <strong>B. Fines<\/strong>). La NCV respeta la independencia jur\u00eddica de cada provincia y la autoridad de cada Visitador.<\/li>\n<li><strong>Derechos: <\/strong>Siguiendo los procedimientos ordinarios para los traslados, y a la luz del plan misional global, la NCV tiene, delegados por el Superior General, derecho a, y autoridad para, destinar a los misioneros, del apostolado en una provincia, a un apostolado en otra provincia.<\/li>\n<\/ol>\n<h2>III. Miembros<\/h2>\n<ol>\n<li><strong>Miembros:<\/strong> Son miembros de la NCV los Visitadores de las Provincias de EEUU.<\/li>\n<li><strong>Derechos de los miembros: <\/strong>Los miembros tienen derecho a:\n<ol>\n<li>Estar presentes a todas las reuniones.<\/li>\n<li>La oportunidad de presentar, antes de cada reuni\u00f3n, temas de discusi\u00f3n.<\/li>\n<li>Aprobar con antelaci\u00f3n la presencia en la reuni\u00f3n de asistentes invitados.<\/li>\n<li>Recibir el programa y los materiales al menos una semana antes de la reuni\u00f3n.<\/li>\n<li>Tomar decisiones en cuanto a la actividad de la Conferencia.<\/li>\n<li>Ser consultados e informados, entre una y otra reuni\u00f3n, en punto a materias importantes.<\/li>\n<\/ol>\n<\/li>\n<li><strong>Obligaciones de los miembros<\/strong>\n<ol>\n<li>Asistir a, preparar y tomar parte activa, en las reuniones.<\/li>\n<li>Ejecutar las decisiones y tareas convenidas en las reuniones.<\/li>\n<li>Contribuir a la financiaci\u00f3n de la Conferencia y sus actividades.<\/li>\n<li>Distribuir el material enviado por el Secretario Ejecutivo para el personal de la provincia.<\/li>\n<li>Cumplir con los estatutos.<\/li>\n<\/ol>\n<\/li>\n<\/ol>\n<h2>IV. Reuniones<\/h2>\n<p><strong> Reuniones ordinarias: <\/strong>La NCV tendr\u00e1 por lo menos tres reuniones anuales. De manera regular est\u00e1 invitado a la reuni\u00f3n de octubre el Superior General o un delegado suyo.<\/p>\n<ol>\n<li><strong>\u00a0<\/strong><strong>Reuniones especiales: <\/strong>Si es necesario, la NCV tendr\u00e1 reuniones especiales, al objeto de despachar asuntos urgentes.<\/li>\n<\/ol>\n<ol>\n<li><strong>Reuniones nacionales:<\/strong>Despu\u00e9s de cada reuni\u00f3n ordinaria, los miembros asisten, los dos d\u00edas siguientes, a dos reuniones nacionales:\n<ol>\n<li>Reuni\u00f3n de los Visitadores de la Congregaci\u00f3n de la Misi\u00f3n en EEUU y de las Visitadoras de las Hijas de la Caridad en EEUU (Junta de Gobierno del Instituto de Estudios Vicencianos).<\/li>\n<li>Reuni\u00f3n con el mando nacional de la Familia Vicenciana en EEUU.<\/li>\n<\/ol>\n<\/li>\n<\/ol>\n<h2>V. Decisiones<\/h2>\n<ol>\n<li><strong>Decisiones: <\/strong>En la toma de decisiones, procuren los Visitadores alcanzar el consenso; pero una votaci\u00f3n de 4-1 basta para cualquier decisi\u00f3n. Para la votaci\u00f3n se requiere la presencia de cada Visitador o de su delegado.<\/li>\n<\/ol>\n<h2><strong>VI. <\/strong><strong>Proyectos<\/strong><\/h2>\n<ol>\n<li><strong>\u00a0<\/strong><strong>Proyectos: <\/strong>La NCV patrocina varios proyectos a corto y a largo plazo para alcanzar los fines de la Conferencia.<\/li>\n<\/ol>\n<h2><strong>VII. <\/strong><strong>Finanzas<\/strong><\/h2>\n<ol>\n<li><strong>Finanzas: <\/strong>Las provincias se reparten todos los costos de la Conferencia. Los proyectos se aprueban s\u00f3lo tras haberse presentado un plan y un presupuesto. Los costos de proyectos cuyo presupuesto sea de $10.000 o menos, se reparten por igual entre las provincias; los costos superiores a $10.000 se dividen proporcionalmente entre las provincias &#8211; en raz\u00f3n del n\u00famero total de misioneros incorporados a cada provincia de EEUU.<\/li>\n<\/ol>\n<h2>VIII. Presidente de la NCV<\/h2>\n<ol>\n<li><strong>Selecci\u00f3n: <\/strong>El presidente ser\u00e1 escogido por la Conferencia Nacional de entre sus miembros, y nombrado por el Superior General con el consentimiento de su Consejo.<\/li>\n<li><strong>Plazo: <\/strong>El nombramiento ser\u00e1 para un per\u00edodo inicial de tres a\u00f1os, siendo posible su prolongaci\u00f3n.<\/li>\n<li><strong>Cometidos: <\/strong>Son cometidos del presidente:\n<ol>\n<li><strong>Reuniones de la NCV<\/strong>\n<ol>\n<li>Presidir las reuniones.<\/li>\n<li>Con el Secretario Ejecutivo, preparar la agenda y el material para las reuniones.<\/li>\n<li>Disponer la rotaci\u00f3n de las reuniones por las provincias.<\/li>\n<li>Despu\u00e9s de cada reuni\u00f3n de la Conferencia, y con la ayuda del Secretario Ejecutivo, efectuar la labor de prosecuci\u00f3n.<\/li>\n<li>Convocar reuniones especiales y encuentros de la Conferencia, si es necesario.<\/li>\n<li>Tener informado al Superior General sobre la labor de la Conferencia y el progreso de los proyectos.<\/li>\n<\/ol>\n<\/li>\n<li><strong>Asuntos de la Conferencia<\/strong>\n<ol>\n<li>Entre reuni\u00f3n y reuni\u00f3n, despachar los asuntos ordinarios de la Conferencia.<\/li>\n<li>Consultar e informar a los dem\u00e1s Visitadores en materias importantes, y llevar la correspondencia.<\/li>\n<\/ol>\n<\/li>\n<li><strong>Bolet\u00edn de la Conferencia<\/strong>\n<ol>\n<li>Hacer la revisi\u00f3n final del bolet\u00edn para su publicaci\u00f3n.<\/li>\n<li>Escribir una breve carta para cada n\u00famero del bolet\u00edn.<\/li>\n<\/ol>\n<\/li>\n<li><strong>Secretario Ejecutivo de la NCV<\/strong>\n<ol>\n<li>Actuar como supervisor del Secretario Ejecutivo.<\/li>\n<\/ol>\n<\/li>\n<\/ol>\n<\/li>\n<\/ol>\n<h2>IX. Secretario Ejecutivo de la NCV<\/h2>\n<ol>\n<li><strong>A. <\/strong><strong>Selecci\u00f3n: <\/strong>Seleccionan al Secretario Ejecutivo de la NCV los Visitadores.<\/li>\n<li><strong>B. <\/strong><strong>Tiempo, cometidos, plazo: <\/strong>El Secretario Ejecutivo forma parte, si bien no permanente, de la direcci\u00f3n; su designaci\u00f3n, renovable, es para un trienio.<\/li>\n<li><strong>C. <\/strong><strong>Supervisor:<\/strong> El presidente de la NCV es el supervisor del Secretario Ejecutivo.<\/li>\n<li><strong>D. <\/strong><strong>Cometidos:<\/strong>Los cometidos del Secretario Ejecutivo son:\n<ol>\n<li><strong>Reuniones de la NCV<\/strong>\n<ol>\n<li>Antes de la reuni\u00f3n, enviar copia de agenda y horario para que la revisen y comenten los Visitadores.<\/li>\n<li>Ayudar al presidente en la preparaci\u00f3n de la agenda y del material para las reuniones de la Conferencia.<\/li>\n<li>Mandar por correo a los Visitadores agenda y material al menos una semana antes de cada reuni\u00f3n.<\/li>\n<li>Asistir y estar presente, en todo y en parte, a las reuniones de la Conferencia, en calidad de relator y como directivo, exceptuada aquella sesi\u00f3n en la que los Visitadores intercambian informaci\u00f3n sobre sus provincias.<\/li>\n<li>Aderezar informes y recomendaciones para los Visitadores.<\/li>\n<li>Despu\u00e9s de cada reuni\u00f3n de la Conferencia, mandar por correo a los Visitadores la copia final de las minutas de la reuni\u00f3n anterior, y la copia previa de las minutas para la reuni\u00f3n inmediata.<\/li>\n<li>Despu\u00e9s de las reuniones, dar asistencia administrativa al presidente de la NCV en la prosecuci\u00f3n del trabajo.<\/li>\n<\/ol>\n<\/li>\n<li><strong>Reuniones nacionales<\/strong>\n<ol>\n<li>Asistir a la reuni\u00f3n anual de los Visitadores de la Congregaci\u00f3n de la Misi\u00f3n y de las Visitadoras de las Hijas de la Caridad \u2013 se entiende de EEUU \u2013 (Junta de Gobierno del Instituto de Estudios Vicencianos) y, en calidad de observador, a la del mando nacional de la Familia Vicenciana en EEUU.<\/li>\n<li>Dar apoyo administrativo, p. ej., preparando la agenda, enviando el material de la reuni\u00f3n a los participantes, y prestando servicios secretariales de relator, etc., a los Visitadores que presidan estas reuniones nacionales.<\/li>\n<\/ol>\n<\/li>\n<li><strong>Presidente de la NCV<\/strong>\n<ol>\n<li>Con el presidente de la NCV (supervisor), revisar de manera regular el trabajo del secretariado.<\/li>\n<li>Ayudar al presidente de la NCV en cualquier tarea administrativa.<\/li>\n<\/ol>\n<\/li>\n<li><strong>Nuevos Visitadores<\/strong>\n<ol>\n<li>Antes de que vayan por primera vez a una reuni\u00f3n de la Conferencia, orientar a Visitadores recientemente elegidos en el trabajo de la NCV.<\/li>\n<\/ol>\n<\/li>\n<li><strong>Bolet\u00edn de la Conferencia<\/strong>\n<ol>\n<li>Aderezar un bolet\u00edn, para que se publique dos veces al a\u00f1o.<\/li>\n<li>Presentar, para la revisi\u00f3n final previa a la publicaci\u00f3n, copia del bolet\u00edn al presidente de la NCV.<\/li>\n<li>Enviar, para su distribuci\u00f3n entre los misioneros, ejemplares del bolet\u00edn a las curias provinciales.<\/li>\n<li>Enviar ejemplares del bolet\u00edn al Superior General, al Secretario General, a los representantes de otras conferencias regionales en la Congregaci\u00f3n de la Misi\u00f3n, a las Visitadoras de las Hijas de la Caridad de Norteam\u00e9rica, al mando nacional de la Familia Vicenciana en EEUU, al editor en jefe del Proyecto Vicenciano de Traducci\u00f3n, y al director del Instituto de Estudios Vicencianos.<\/li>\n<\/ol>\n<\/li>\n<li><strong>Aprestar proyectos interprovinciales<\/strong>\n<ol>\n<li>Asistir a los Visitadores en cuanto a definir, planear y cumplimentar proyectos que promuevan la cooperaci\u00f3n interprovincial en EEUU.<\/li>\n<\/ol>\n<\/li>\n<li><strong>Secretariado de la NCV<\/strong>\n<ol>\n<li>Administrar las finanzas del Secretariado de la Conferencia de Visitadores de EEUU.<\/li>\n<li>Preparar un informe financiero de final de a\u00f1o, y el presupuesto anual del Secretariado para su revisi\u00f3n y aprobaci\u00f3n por los Visitadores en la reuni\u00f3n de octubre.<\/li>\n<li>Mantener a punto los archivos del Secretariado.<\/li>\n<\/ol>\n<\/li>\n<\/ol>\n<\/li>\n<\/ol>\n<h2><strong>X. <\/strong><strong>Enmiendas a los estatutos<\/strong><\/h2>\n<ol>\n<li><strong>Enmiendas: <\/strong>Los estatutos de la NCV pueden enmendarse en todo momento, preferiblemente por consenso de los miembros; sin embargo, un resultado de 4-1 votos basta para la enmienda.<\/li>\n<\/ol>\n","protected":false},"excerpt":{"rendered":"<p>I. Introducci\u00f3n Mediado diciembre de 1973, el M. R. P. James Richardson, C.M., Superior General de la Congregaci\u00f3n de la Misi\u00f3n, se reuni\u00f3 con los Visitadores de EEUU y solicit\u00f3 una nueva y moderna traducci\u00f3n &#8230; <a href=\"https:\/\/vincentians.com\/es\/estatutos-de-la-conferencia-nacional-de-visitadores-de-estados-unidos\/\" class=\"more-link\">Read More<\/a><\/p>\n","protected":false},"author":4,"featured_media":57594,"comment_status":"open","ping_status":"open","sticky":false,"template":"","format":"standard","meta":{"jetpack_post_was_ever_published":false,"_jetpack_newsletter_access":"","_jetpack_dont_email_post_to_subs":false,"_jetpack_newsletter_tier_id":0,"_jetpack_memberships_contains_paywalled_content":false,"_jetpack_memberships_contains_paid_content":false,"footnotes":"","jetpack_publicize_message":"","jetpack_publicize_feature_enabled":true,"jetpack_social_post_already_shared":true,"jetpack_social_options":{"image_generator_settings":{"template":"highway","default_image_id":0,"font":"","enabled":false},"version":2}},"categories":[170],"tags":[],"class_list":["post-52795","post","type-post","status-publish","format-standard","has-post-thumbnail","hentry","category-documentos-de-la-congregacion-de-la-mision"],"yoast_head":"<!-- This site is optimized with the Yoast SEO plugin v26.3 - https:\/\/yoast.com\/wordpress\/plugins\/seo\/ -->\n<title>Estatutos de la Conferencia Nacional de Visitadores de Estados Unidos - Somos Vicencianos<\/title>\n<meta name=\"robots\" content=\"index, follow, max-snippet:-1, max-image-preview:large, max-video-preview:-1\" \/>\n<link rel=\"canonical\" href=\"http:\/\/vincentians.com\/es\/estatutos-de-la-conferencia-nacional-de-visitadores-de-estados-unidos\/\" \/>\n<meta property=\"og:locale\" content=\"es_ES\" \/>\n<meta property=\"og:type\" content=\"article\" \/>\n<meta property=\"og:title\" content=\"Estatutos de la Conferencia Nacional de Visitadores de Estados Unidos - Somos Vicencianos\" \/>\n<meta property=\"og:description\" content=\"I. Introducci\u00f3n Mediado diciembre de 1973, el M. R. P. James Richardson, C.M., Superior General de la Congregaci\u00f3n de la Misi\u00f3n, se reuni\u00f3 con los Visitadores de EEUU y solicit\u00f3 una nueva y moderna traducci\u00f3n ... Read More\" \/>\n<meta property=\"og:url\" content=\"http:\/\/vincentians.com\/es\/estatutos-de-la-conferencia-nacional-de-visitadores-de-estados-unidos\/\" \/>\n<meta property=\"og:site_name\" content=\"Somos Vicencianos\" \/>\n<meta property=\"article:publisher\" content=\"https:\/\/www.facebook.com\/WeAreVincentians\/\" \/>\n<meta property=\"article:author\" content=\"https:\/\/www.facebook.com\/JavierChento\" \/>\n<meta property=\"article:published_time\" content=\"2015-02-06T01:15:40+00:00\" \/>\n<meta name=\"author\" content=\"Francisco Javier Fern\u00e1ndez Chento\" \/>\n<meta name=\"twitter:card\" content=\"summary_large_image\" \/>\n<meta name=\"twitter:creator\" content=\"@https:\/\/twitter.com\/javierchento\" \/>\n<meta name=\"twitter:site\" content=\"@WeVincentians\" \/>\n<meta name=\"twitter:label1\" content=\"Escrito por\" \/>\n\t<meta name=\"twitter:data1\" content=\"Francisco Javier Fern\u00e1ndez Chento\" \/>\n\t<meta name=\"twitter:label2\" content=\"Tiempo de lectura\" \/>\n\t<meta name=\"twitter:data2\" content=\"8 minutos\" \/>\n<script type=\"application\/ld+json\" class=\"yoast-schema-graph\">{\"@context\":\"https:\/\/schema.org\",\"@graph\":[{\"@type\":\"Article\",\"@id\":\"http:\/\/vincentians.com\/es\/estatutos-de-la-conferencia-nacional-de-visitadores-de-estados-unidos\/#article\",\"isPartOf\":{\"@id\":\"http:\/\/vincentians.com\/es\/estatutos-de-la-conferencia-nacional-de-visitadores-de-estados-unidos\/\"},\"author\":{\"name\":\"Francisco Javier Fern\u00e1ndez Chento\",\"@id\":\"http:\/\/vincentians.com\/es\/#\/schema\/person\/9623ef4d9aa3b2dfb8c061f1499288f2\"},\"headline\":\"Estatutos de la Conferencia Nacional de Visitadores de Estados Unidos\",\"datePublished\":\"2015-02-06T01:15:40+00:00\",\"mainEntityOfPage\":{\"@id\":\"http:\/\/vincentians.com\/es\/estatutos-de-la-conferencia-nacional-de-visitadores-de-estados-unidos\/\"},\"wordCount\":1562,\"commentCount\":0,\"publisher\":{\"@id\":\"http:\/\/vincentians.com\/es\/#organization\"},\"image\":{\"@id\":\"http:\/\/vincentians.com\/es\/estatutos-de-la-conferencia-nacional-de-visitadores-de-estados-unidos\/#primaryimage\"},\"thumbnailUrl\":\"\",\"articleSection\":[\"Documentos de la Congregaci\u00f3n de la Misi\u00f3n\"],\"inLanguage\":\"es\",\"potentialAction\":[{\"@type\":\"CommentAction\",\"name\":\"Comment\",\"target\":[\"http:\/\/vincentians.com\/es\/estatutos-de-la-conferencia-nacional-de-visitadores-de-estados-unidos\/#respond\"]}]},{\"@type\":\"WebPage\",\"@id\":\"http:\/\/vincentians.com\/es\/estatutos-de-la-conferencia-nacional-de-visitadores-de-estados-unidos\/\",\"url\":\"http:\/\/vincentians.com\/es\/estatutos-de-la-conferencia-nacional-de-visitadores-de-estados-unidos\/\",\"name\":\"Estatutos de la Conferencia Nacional de Visitadores de Estados Unidos - Somos Vicencianos\",\"isPartOf\":{\"@id\":\"http:\/\/vincentians.com\/es\/#website\"},\"primaryImageOfPage\":{\"@id\":\"http:\/\/vincentians.com\/es\/estatutos-de-la-conferencia-nacional-de-visitadores-de-estados-unidos\/#primaryimage\"},\"image\":{\"@id\":\"http:\/\/vincentians.com\/es\/estatutos-de-la-conferencia-nacional-de-visitadores-de-estados-unidos\/#primaryimage\"},\"thumbnailUrl\":\"\",\"datePublished\":\"2015-02-06T01:15:40+00:00\",\"breadcrumb\":{\"@id\":\"http:\/\/vincentians.com\/es\/estatutos-de-la-conferencia-nacional-de-visitadores-de-estados-unidos\/#breadcrumb\"},\"inLanguage\":\"es\",\"potentialAction\":[{\"@type\":\"ReadAction\",\"target\":[\"http:\/\/vincentians.com\/es\/estatutos-de-la-conferencia-nacional-de-visitadores-de-estados-unidos\/\"]}]},{\"@type\":\"ImageObject\",\"inLanguage\":\"es\",\"@id\":\"http:\/\/vincentians.com\/es\/estatutos-de-la-conferencia-nacional-de-visitadores-de-estados-unidos\/#primaryimage\",\"url\":\"\",\"contentUrl\":\"\"},{\"@type\":\"BreadcrumbList\",\"@id\":\"http:\/\/vincentians.com\/es\/estatutos-de-la-conferencia-nacional-de-visitadores-de-estados-unidos\/#breadcrumb\",\"itemListElement\":[{\"@type\":\"ListItem\",\"position\":1,\"name\":\"Portada\",\"item\":\"http:\/\/vincentians.com\/es\/\"},{\"@type\":\"ListItem\",\"position\":2,\"name\":\"Estatutos de la Conferencia Nacional de Visitadores de Estados Unidos\"}]},{\"@type\":\"WebSite\",\"@id\":\"http:\/\/vincentians.com\/es\/#website\",\"url\":\"http:\/\/vincentians.com\/es\/\",\"name\":\"Somos Vicencianos\",\"description\":\"Know more to serve more\",\"publisher\":{\"@id\":\"http:\/\/vincentians.com\/es\/#organization\"},\"potentialAction\":[{\"@type\":\"SearchAction\",\"target\":{\"@type\":\"EntryPoint\",\"urlTemplate\":\"http:\/\/vincentians.com\/es\/?s={search_term_string}\"},\"query-input\":{\"@type\":\"PropertyValueSpecification\",\"valueRequired\":true,\"valueName\":\"search_term_string\"}}],\"inLanguage\":\"es\"},{\"@type\":\"Organization\",\"@id\":\"http:\/\/vincentians.com\/es\/#organization\",\"name\":\"The Vincentian Network\",\"url\":\"http:\/\/vincentians.com\/es\/\",\"logo\":{\"@type\":\"ImageObject\",\"inLanguage\":\"es\",\"@id\":\"http:\/\/vincentians.com\/es\/#\/schema\/logo\/image\/\",\"url\":\"https:\/\/i1.wp.com\/vincentians.com\/es\/wp-content\/uploads\/sites\/11\/2016\/06\/Vincentian-Network-logo-big.png?fit=778%2C778\",\"contentUrl\":\"https:\/\/i1.wp.com\/vincentians.com\/es\/wp-content\/uploads\/sites\/11\/2016\/06\/Vincentian-Network-logo-big.png?fit=778%2C778\",\"width\":778,\"height\":778,\"caption\":\"The Vincentian Network\"},\"image\":{\"@id\":\"http:\/\/vincentians.com\/es\/#\/schema\/logo\/image\/\"},\"sameAs\":[\"https:\/\/www.facebook.com\/WeAreVincentians\/\",\"https:\/\/x.com\/WeVincentians\"]},{\"@type\":\"Person\",\"@id\":\"http:\/\/vincentians.com\/es\/#\/schema\/person\/9623ef4d9aa3b2dfb8c061f1499288f2\",\"name\":\"Francisco Javier Fern\u00e1ndez Chento\",\"image\":{\"@type\":\"ImageObject\",\"inLanguage\":\"es\",\"@id\":\"http:\/\/vincentians.com\/es\/#\/schema\/person\/image\/\",\"url\":\"https:\/\/secure.gravatar.com\/avatar\/497d5cde87b4c3d097d0315953521681ba2cd523ee66e5077c3711f7021e65de?s=96&d=mm&r=g\",\"contentUrl\":\"https:\/\/secure.gravatar.com\/avatar\/497d5cde87b4c3d097d0315953521681ba2cd523ee66e5077c3711f7021e65de?s=96&d=mm&r=g\",\"caption\":\"Francisco Javier Fern\u00e1ndez Chento\"},\"description\":\"Director General y cofundador de La Red de Formaci\u00f3n Vicenciana. Javier es laico vicenciano, afiliado a la Congregaci\u00f3n de la Misi\u00f3n y miembro del Equipo de Misiones Populares de la provincia can\u00f3nica de Zaragoza (Espa\u00f1a) de la Congregaci\u00f3n de la Misi\u00f3n. Graduado en la Universidad Oberta de Catalunya con cuatro grados (Asistente de direcci\u00f3n, Gesti\u00f3n Administrativa, Recursos Humanos y Contabilidad Avanzada). Bil\u00edng\u00fce Espa\u00f1ol\/Ingl\u00e9s. gestiona y mantiene varias p\u00e1ginas web cristianas y vicencianas, incluida including La Red de Formaci\u00f3n Vicenciana, de la que es cofundador. Actualmente es responsable del \u00e1rea de Espa\u00f1ol de .famvin, la Red de Noticias de la Familia Vicenciana. Tambi\u00e9n es m\u00fasico cat\u00f3lico y ha editado varios discos. Es Director General y cofundador de Trovador, una reconocida compa\u00f1\u00eda discogr\u00e1fica critiana de Espa\u00f1a. Trabaja en las Tecnolog\u00edas de la Informaci\u00f3n, ofreciendo servicios de alojamiento, dise\u00f1o y mantenimiento Web, as\u00ed como asesoramiento, formaci\u00f3n y soluciones inform\u00e1ticas, gesti\u00f3n documental y digitalizaci\u00f3n de textos, edici\u00f3n y maquetaci\u00f3n de libros, revistas, flyers, etc.\",\"sameAs\":[\"http:\/\/chento.org\",\"https:\/\/www.facebook.com\/JavierChento\",\"https:\/\/x.com\/https:\/\/twitter.com\/javierchento\"],\"url\":\"https:\/\/vincentians.com\/es\/author\/chento\/\"}]}<\/script>\n<!-- \/ Yoast SEO plugin. -->","yoast_head_json":{"title":"Estatutos de la Conferencia Nacional de Visitadores de Estados Unidos - Somos Vicencianos","robots":{"index":"index","follow":"follow","max-snippet":"max-snippet:-1","max-image-preview":"max-image-preview:large","max-video-preview":"max-video-preview:-1"},"canonical":"http:\/\/vincentians.com\/es\/estatutos-de-la-conferencia-nacional-de-visitadores-de-estados-unidos\/","og_locale":"es_ES","og_type":"article","og_title":"Estatutos de la Conferencia Nacional de Visitadores de Estados Unidos - Somos Vicencianos","og_description":"I. Introducci\u00f3n Mediado diciembre de 1973, el M. R. P. James Richardson, C.M., Superior General de la Congregaci\u00f3n de la Misi\u00f3n, se reuni\u00f3 con los Visitadores de EEUU y solicit\u00f3 una nueva y moderna traducci\u00f3n ... Read More","og_url":"http:\/\/vincentians.com\/es\/estatutos-de-la-conferencia-nacional-de-visitadores-de-estados-unidos\/","og_site_name":"Somos Vicencianos","article_publisher":"https:\/\/www.facebook.com\/WeAreVincentians\/","article_author":"https:\/\/www.facebook.com\/JavierChento","article_published_time":"2015-02-06T01:15:40+00:00","author":"Francisco Javier Fern\u00e1ndez Chento","twitter_card":"summary_large_image","twitter_creator":"@https:\/\/twitter.com\/javierchento","twitter_site":"@WeVincentians","twitter_misc":{"Escrito por":"Francisco Javier Fern\u00e1ndez Chento","Tiempo de lectura":"8 minutos"},"schema":{"@context":"https:\/\/schema.org","@graph":[{"@type":"Article","@id":"http:\/\/vincentians.com\/es\/estatutos-de-la-conferencia-nacional-de-visitadores-de-estados-unidos\/#article","isPartOf":{"@id":"http:\/\/vincentians.com\/es\/estatutos-de-la-conferencia-nacional-de-visitadores-de-estados-unidos\/"},"author":{"name":"Francisco Javier Fern\u00e1ndez Chento","@id":"http:\/\/vincentians.com\/es\/#\/schema\/person\/9623ef4d9aa3b2dfb8c061f1499288f2"},"headline":"Estatutos de la Conferencia Nacional de Visitadores de Estados Unidos","datePublished":"2015-02-06T01:15:40+00:00","mainEntityOfPage":{"@id":"http:\/\/vincentians.com\/es\/estatutos-de-la-conferencia-nacional-de-visitadores-de-estados-unidos\/"},"wordCount":1562,"commentCount":0,"publisher":{"@id":"http:\/\/vincentians.com\/es\/#organization"},"image":{"@id":"http:\/\/vincentians.com\/es\/estatutos-de-la-conferencia-nacional-de-visitadores-de-estados-unidos\/#primaryimage"},"thumbnailUrl":"","articleSection":["Documentos de la Congregaci\u00f3n de la Misi\u00f3n"],"inLanguage":"es","potentialAction":[{"@type":"CommentAction","name":"Comment","target":["http:\/\/vincentians.com\/es\/estatutos-de-la-conferencia-nacional-de-visitadores-de-estados-unidos\/#respond"]}]},{"@type":"WebPage","@id":"http:\/\/vincentians.com\/es\/estatutos-de-la-conferencia-nacional-de-visitadores-de-estados-unidos\/","url":"http:\/\/vincentians.com\/es\/estatutos-de-la-conferencia-nacional-de-visitadores-de-estados-unidos\/","name":"Estatutos de la Conferencia Nacional de Visitadores de Estados Unidos - Somos Vicencianos","isPartOf":{"@id":"http:\/\/vincentians.com\/es\/#website"},"primaryImageOfPage":{"@id":"http:\/\/vincentians.com\/es\/estatutos-de-la-conferencia-nacional-de-visitadores-de-estados-unidos\/#primaryimage"},"image":{"@id":"http:\/\/vincentians.com\/es\/estatutos-de-la-conferencia-nacional-de-visitadores-de-estados-unidos\/#primaryimage"},"thumbnailUrl":"","datePublished":"2015-02-06T01:15:40+00:00","breadcrumb":{"@id":"http:\/\/vincentians.com\/es\/estatutos-de-la-conferencia-nacional-de-visitadores-de-estados-unidos\/#breadcrumb"},"inLanguage":"es","potentialAction":[{"@type":"ReadAction","target":["http:\/\/vincentians.com\/es\/estatutos-de-la-conferencia-nacional-de-visitadores-de-estados-unidos\/"]}]},{"@type":"ImageObject","inLanguage":"es","@id":"http:\/\/vincentians.com\/es\/estatutos-de-la-conferencia-nacional-de-visitadores-de-estados-unidos\/#primaryimage","url":"","contentUrl":""},{"@type":"BreadcrumbList","@id":"http:\/\/vincentians.com\/es\/estatutos-de-la-conferencia-nacional-de-visitadores-de-estados-unidos\/#breadcrumb","itemListElement":[{"@type":"ListItem","position":1,"name":"Portada","item":"http:\/\/vincentians.com\/es\/"},{"@type":"ListItem","position":2,"name":"Estatutos de la Conferencia Nacional de Visitadores de Estados Unidos"}]},{"@type":"WebSite","@id":"http:\/\/vincentians.com\/es\/#website","url":"http:\/\/vincentians.com\/es\/","name":"Somos Vicencianos","description":"Know more to serve more","publisher":{"@id":"http:\/\/vincentians.com\/es\/#organization"},"potentialAction":[{"@type":"SearchAction","target":{"@type":"EntryPoint","urlTemplate":"http:\/\/vincentians.com\/es\/?s={search_term_string}"},"query-input":{"@type":"PropertyValueSpecification","valueRequired":true,"valueName":"search_term_string"}}],"inLanguage":"es"},{"@type":"Organization","@id":"http:\/\/vincentians.com\/es\/#organization","name":"The Vincentian Network","url":"http:\/\/vincentians.com\/es\/","logo":{"@type":"ImageObject","inLanguage":"es","@id":"http:\/\/vincentians.com\/es\/#\/schema\/logo\/image\/","url":"https:\/\/i1.wp.com\/vincentians.com\/es\/wp-content\/uploads\/sites\/11\/2016\/06\/Vincentian-Network-logo-big.png?fit=778%2C778","contentUrl":"https:\/\/i1.wp.com\/vincentians.com\/es\/wp-content\/uploads\/sites\/11\/2016\/06\/Vincentian-Network-logo-big.png?fit=778%2C778","width":778,"height":778,"caption":"The Vincentian Network"},"image":{"@id":"http:\/\/vincentians.com\/es\/#\/schema\/logo\/image\/"},"sameAs":["https:\/\/www.facebook.com\/WeAreVincentians\/","https:\/\/x.com\/WeVincentians"]},{"@type":"Person","@id":"http:\/\/vincentians.com\/es\/#\/schema\/person\/9623ef4d9aa3b2dfb8c061f1499288f2","name":"Francisco Javier Fern\u00e1ndez Chento","image":{"@type":"ImageObject","inLanguage":"es","@id":"http:\/\/vincentians.com\/es\/#\/schema\/person\/image\/","url":"https:\/\/secure.gravatar.com\/avatar\/497d5cde87b4c3d097d0315953521681ba2cd523ee66e5077c3711f7021e65de?s=96&d=mm&r=g","contentUrl":"https:\/\/secure.gravatar.com\/avatar\/497d5cde87b4c3d097d0315953521681ba2cd523ee66e5077c3711f7021e65de?s=96&d=mm&r=g","caption":"Francisco Javier Fern\u00e1ndez Chento"},"description":"Director General y cofundador de La Red de Formaci\u00f3n Vicenciana. Javier es laico vicenciano, afiliado a la Congregaci\u00f3n de la Misi\u00f3n y miembro del Equipo de Misiones Populares de la provincia can\u00f3nica de Zaragoza (Espa\u00f1a) de la Congregaci\u00f3n de la Misi\u00f3n. Graduado en la Universidad Oberta de Catalunya con cuatro grados (Asistente de direcci\u00f3n, Gesti\u00f3n Administrativa, Recursos Humanos y Contabilidad Avanzada). Bil\u00edng\u00fce Espa\u00f1ol\/Ingl\u00e9s. gestiona y mantiene varias p\u00e1ginas web cristianas y vicencianas, incluida including La Red de Formaci\u00f3n Vicenciana, de la que es cofundador. Actualmente es responsable del \u00e1rea de Espa\u00f1ol de .famvin, la Red de Noticias de la Familia Vicenciana. Tambi\u00e9n es m\u00fasico cat\u00f3lico y ha editado varios discos. Es Director General y cofundador de Trovador, una reconocida compa\u00f1\u00eda discogr\u00e1fica critiana de Espa\u00f1a. Trabaja en las Tecnolog\u00edas de la Informaci\u00f3n, ofreciendo servicios de alojamiento, dise\u00f1o y mantenimiento Web, as\u00ed como asesoramiento, formaci\u00f3n y soluciones inform\u00e1ticas, gesti\u00f3n documental y digitalizaci\u00f3n de textos, edici\u00f3n y maquetaci\u00f3n de libros, revistas, flyers, etc.","sameAs":["http:\/\/chento.org","https:\/\/www.facebook.com\/JavierChento","https:\/\/x.com\/https:\/\/twitter.com\/javierchento"],"url":"https:\/\/vincentians.com\/es\/author\/chento\/"}]}},"jetpack_publicize_connections":[],"jetpack_featured_media_url":"","jetpack_sharing_enabled":true,"jetpack_shortlink":"https:\/\/wp.me\/p7ETMF-dJx","jetpack-related-posts":[{"id":109351,"url":"https:\/\/vincentians.com\/es\/origenes-italianos-de-la-consagracion-de-la-mision-en-espana\/","url_meta":{"origin":52795,"position":0},"title":"Or\u00edgenes italianos de la Congregaci\u00f3n de la Misi\u00f3n en Espa\u00f1a","author":"Mitxel Olabu\u00e9naga","date":"10\/06\/2021","format":false,"excerpt":"En una PRIMERA PARTE del presente estudio es nuestro deber se\u00f1alar con toda claridad las diversas etapas que integran el primer per\u00edodo de la historia vicenciana de Espa\u00f1a, el per\u00edodo de la fundaci\u00f3n y de sus primeros setenta a\u00f1os, en que dependi\u00f3 del tronco vicenciano italiano, del cual proced\u00eda. ETAPA\u2026","rel":"","context":"En \u00abHistoria de la Congregaci\u00f3n de la Misi\u00f3n\u00bb","block_context":{"text":"Historia de la Congregaci\u00f3n de la Misi\u00f3n","link":"https:\/\/vincentians.com\/es\/category\/historia-de-la-familia-vicenciana\/historia-de-la-congregacion-de-la-mision\/"},"img":{"alt_text":"","src":"https:\/\/i0.wp.com\/vincentians.com\/es\/wp-content\/uploads\/sites\/11\/2016\/09\/espiritu-de-jesus.jpg?fit=1200%2C630&ssl=1&resize=350%2C200","width":350,"height":200,"srcset":"https:\/\/i0.wp.com\/vincentians.com\/es\/wp-content\/uploads\/sites\/11\/2016\/09\/espiritu-de-jesus.jpg?fit=1200%2C630&ssl=1&resize=350%2C200 1x, https:\/\/i0.wp.com\/vincentians.com\/es\/wp-content\/uploads\/sites\/11\/2016\/09\/espiritu-de-jesus.jpg?fit=1200%2C630&ssl=1&resize=525%2C300 1.5x, https:\/\/i0.wp.com\/vincentians.com\/es\/wp-content\/uploads\/sites\/11\/2016\/09\/espiritu-de-jesus.jpg?fit=1200%2C630&ssl=1&resize=700%2C400 2x, https:\/\/i0.wp.com\/vincentians.com\/es\/wp-content\/uploads\/sites\/11\/2016\/09\/espiritu-de-jesus.jpg?fit=1200%2C630&ssl=1&resize=1050%2C600 3x"},"classes":[]},{"id":115592,"url":"https:\/\/vincentians.com\/es\/venida-a-espana-del-superior-general-1969-iii\/","url_meta":{"origin":52795,"position":1},"title":"Venida a Espa\u00f1a del Superior General. 1969. (III)","author":"Mitxel Olabu\u00e9naga","date":"13\/12\/2012","format":false,"excerpt":"ESTATUTOS ANEJOS AL DECRETO DE ERECCION DE LAS NUEVAS PROVINCIAS QUE SE FORMAN DE LA DE MADRID 1. El principio \"Suprema lex, salus animarum\" de tal manera ha de regir toda la vida de la Provincia, que sus miembros de ninguna manera han de permitir que las obras dirigidas a\u2026","rel":"","context":"En \u00abHistoria de la Congregaci\u00f3n de la Misi\u00f3n en Espa\u00f1a\u00bb","block_context":{"text":"Historia de la Congregaci\u00f3n de la Misi\u00f3n en Espa\u00f1a","link":"https:\/\/vincentians.com\/es\/category\/historia-de-la-familia-vicenciana\/historia-de-la-congregacion-de-la-mision-en-espana\/"},"img":{"alt_text":"ESCUDOCM","src":"https:\/\/i0.wp.com\/vicencianos.org\/wp-content\/2012\/12\/ESCUDOCM5-237x300.jpg?resize=350%2C200","width":350,"height":200},"classes":[]},{"id":116899,"url":"https:\/\/vincentians.com\/es\/anales-celebra-sus-bodas-de-brillantes-1968\/","url_meta":{"origin":52795,"position":2},"title":"\u00abAnales\u00bb celebra sus bodas de brillantes (1968)","author":"Francisco Javier Fern\u00e1ndez Chento","date":"16\/01\/2013","format":false,"excerpt":"Siempre hab\u00eda yo cre\u00eddo que al cumplir los setenta y cinco a\u00f1os de un suceso, principalmente de un matrimo\u00adnio, se celebraban las Bodas de Diamante, pero que. como es tan dif\u00edcil llegar a esta fecha, la costumbre hab\u00eda admi\u00adtido adelantarlas a los sesenta a\u00f1os. Pero consultando aho\u00adra un buen diccionario\u2026","rel":"","context":"En \u00abDocumentos de la Congregaci\u00f3n de la Misi\u00f3n\u00bb","block_context":{"text":"Documentos de la Congregaci\u00f3n de la Misi\u00f3n","link":"https:\/\/vincentians.com\/es\/category\/formacion-vicenciana\/documentos-oficiales-de-la-familia-vicenciana\/documentos-de-la-congregacion-de-la-mision\/"},"img":{"alt_text":"anales","src":"https:\/\/i0.wp.com\/vicencianos.org\/wp-content\/2012\/12\/anales.jpg?resize=350%2C200","width":350,"height":200},"classes":[]},{"id":131838,"url":"https:\/\/vincentians.com\/es\/francois-watel-c-m-1651-1710-superior-general\/","url_meta":{"origin":52795,"position":3},"title":"Fran\u00e7ois Watel, C.M. (1651-1710) (Superior General)","author":"Mitxel Olabu\u00e9naga","date":"14\/12\/2014","format":false,"excerpt":"Fran\u00e7ois Watel sucedi\u00f3 al P. Nicolas Pierron en el gobierno de la CM despu\u00e9s de una asamblea general que sufri\u00f3 un retraso de tres d\u00edas debido a las tensiones nacionalistas entre italianos y franceses. Watel sali\u00f3 elegido a pesar de no estar entre la lista de los favoritos. Nace en\u2026","rel":"","context":"En \u00abBiograf\u00edas de Misioneros Pa\u00fales\u00bb","block_context":{"text":"Biograf\u00edas de Misioneros Pa\u00fales","link":"https:\/\/vincentians.com\/es\/category\/la-familia-vicenciana\/biografias-vicencianas\/biografias-de-misioneros-paules\/"},"img":{"alt_text":"","src":"https:\/\/i0.wp.com\/vincentians.com\/es\/wp-content\/uploads\/sites\/11\/2016\/07\/bio-cm.jpg?fit=1200%2C630&ssl=1&resize=350%2C200","width":350,"height":200,"srcset":"https:\/\/i0.wp.com\/vincentians.com\/es\/wp-content\/uploads\/sites\/11\/2016\/07\/bio-cm.jpg?fit=1200%2C630&ssl=1&resize=350%2C200 1x, https:\/\/i0.wp.com\/vincentians.com\/es\/wp-content\/uploads\/sites\/11\/2016\/07\/bio-cm.jpg?fit=1200%2C630&ssl=1&resize=525%2C300 1.5x, https:\/\/i0.wp.com\/vincentians.com\/es\/wp-content\/uploads\/sites\/11\/2016\/07\/bio-cm.jpg?fit=1200%2C630&ssl=1&resize=700%2C400 2x, https:\/\/i0.wp.com\/vincentians.com\/es\/wp-content\/uploads\/sites\/11\/2016\/07\/bio-cm.jpg?fit=1200%2C630&ssl=1&resize=1050%2C600 3x"},"classes":[]},{"id":21558,"url":"https:\/\/vincentians.com\/es\/la-conferencia-nacional-de-visitadores-de-ee-uu\/","url_meta":{"origin":52795,"position":4},"title":"La Conferencia Nacional de Visitadores de EE.UU.","author":"Mitxel Olabu\u00e9naga","date":"26\/06\/2013","format":false,"excerpt":"En diciembre de 1973, el P. James Richardson, CM, Superior General, se reuni\u00f3 con los Provinciales vicentinos de los EE.UU. y expres\u00f3 el deseo de que se responsabilizaran de la traducci\u00f3n al ingl\u00e9s de los 14 vol\u00famenes de la Correspondencia, Conferencias, Documentos de San Vicente. Para todos los efectos esta\u2026","rel":"","context":"En \u00abCongregaci\u00f3n de la Misi\u00f3n\u00bb","block_context":{"text":"Congregaci\u00f3n de la Misi\u00f3n","link":"https:\/\/vincentians.com\/es\/category\/la-familia-vicenciana\/ramas\/congregacion-de-la-mision\/"},"img":{"alt_text":"","src":"https:\/\/i0.wp.com\/vicencianos.org\/vicencianos\/files\/2010\/06\/usapib-300x196.jpg?resize=350%2C200","width":350,"height":200},"classes":[]},{"id":115584,"url":"https:\/\/vincentians.com\/es\/venida-a-espana-del-padre-general-1969-i\/","url_meta":{"origin":52795,"position":5},"title":"Venida a Espa\u00f1a del Padre General. 1969. (I)","author":"Mitxel Olabu\u00e9naga","date":"11\/12\/2012","format":false,"excerpt":"La primera noticia oficial de la venida del P. General la transmiti\u00f3 a la Provincia el R. P. Visitador por medio de una peque\u00f1a circular, fe\u00adchada el 3 de octubre, en que se dec\u00eda: \"Notifico a todos ustedes por la presente que, seg\u00fan me ha comunicado el Revdmo. P. Superior\u2026","rel":"","context":"En \u00abHistoria de la Congregaci\u00f3n de la Misi\u00f3n en Espa\u00f1a\u00bb","block_context":{"text":"Historia de la Congregaci\u00f3n de la Misi\u00f3n en Espa\u00f1a","link":"https:\/\/vincentians.com\/es\/category\/historia-de-la-familia-vicenciana\/historia-de-la-congregacion-de-la-mision-en-espana\/"},"img":{"alt_text":"ESCUDOCM","src":"https:\/\/i0.wp.com\/vicencianos.org\/wp-content\/2012\/12\/ESCUDOCM5-237x300.jpg?resize=350%2C200","width":350,"height":200},"classes":[]}],"_links":{"self":[{"href":"https:\/\/vincentians.com\/es\/wp-json\/wp\/v2\/posts\/52795","targetHints":{"allow":["GET"]}}],"collection":[{"href":"https:\/\/vincentians.com\/es\/wp-json\/wp\/v2\/posts"}],"about":[{"href":"https:\/\/vincentians.com\/es\/wp-json\/wp\/v2\/types\/post"}],"author":[{"embeddable":true,"href":"https:\/\/vincentians.com\/es\/wp-json\/wp\/v2\/users\/4"}],"replies":[{"embeddable":true,"href":"https:\/\/vincentians.com\/es\/wp-json\/wp\/v2\/comments?post=52795"}],"version-history":[{"count":0,"href":"https:\/\/vincentians.com\/es\/wp-json\/wp\/v2\/posts\/52795\/revisions"}],"wp:featuredmedia":[{"embeddable":true,"href":"https:\/\/vincentians.com\/es\/wp-json\/"}],"wp:attachment":[{"href":"https:\/\/vincentians.com\/es\/wp-json\/wp\/v2\/media?parent=52795"}],"wp:term":[{"taxonomy":"category","embeddable":true,"href":"https:\/\/vincentians.com\/es\/wp-json\/wp\/v2\/categories?post=52795"},{"taxonomy":"post_tag","embeddable":true,"href":"https:\/\/vincentians.com\/es\/wp-json\/wp\/v2\/tags?post=52795"}],"curies":[{"name":"wp","href":"https:\/\/api.w.org\/{rel}","templated":true}]}}