{"id":52724,"date":"2015-10-10T08:15:35","date_gmt":"2015-10-10T06:15:35","guid":{"rendered":"http:\/\/somos.vicencianos.org\/?p=52724"},"modified":"2015-10-10T08:15:35","modified_gmt":"2015-10-10T06:15:35","slug":"beata-maria-angela-truszkowska","status":"publish","type":"post","link":"https:\/\/vincentians.com\/es\/beata-maria-angela-truszkowska\/","title":{"rendered":"Beata Mar\u00eda \u00c1ngela Truszkowska"},"content":{"rendered":"<p><a href=\"https:\/\/i0.wp.com\/vicencianos.org\/wp-content\/uploads\/2015\/10\/beatification-Truszkowska.jpg\" rel=\"attachment wp-att-386791\"><img data-recalc-dims=\"1\" loading=\"lazy\" decoding=\"async\" class=\"aligncenter size-full wp-image-386791\" src=\"https:\/\/i0.wp.com\/vicencianos.org\/wp-content\/uploads\/2015\/10\/beatification-Truszkowska.jpg?resize=846%2C258\" alt=\"beatification Truszkowska\" width=\"846\" height=\"258\" \/><\/a><\/p>\n<p><strong>Beata Mar\u00eda \u00c1ngela Truszkowska (Sof\u00eda Camila) (1825 &#8211; 1899). Beatificada por Juan Pablo II el 18 de abril de 1993.<\/strong><\/p>\n<p>Nacida el 16 de mayo de 1825, en Kalisz, Polonia, de padres nobles y acomodados, piadosos cristianos y patriotas. Nacida prematuramente, era de salud fr\u00e1gil. Su familia se traslad\u00f3 a Varsovia en 1837, y all\u00ed ella continu\u00f3 sus estudios en la Academia de Madame Gu\u00e9rin, donde bajo la influencia del poeta Estanislao Jachowicz creci\u00f3 su preocupaci\u00f3n por los pobres. A los diecis\u00e9is a\u00f1os sufri\u00f3 de tuberculosis y debi\u00f3 ir a Suiza para curarse. All\u00ed se despert\u00f3 m\u00e1s profundamente su amor a Dios y aprendi\u00f3 a orar, seg\u00fan ella misma reconoci\u00f3. Aprovechando la biblioteca de su padre estudi\u00f3 detenidamente los problemas sociales de la \u00e9poca, sus causas y efectos, aprendizaje que completaba con las informaciones que le daba su padre, juez del tribunal juvenil.<\/p>\n<p>Muy dada a las pr\u00e1cticas de piedad, pens\u00f3 en ingresar a la Orden de la Visitaci\u00f3n, pero su confesor le recomend\u00f3 seguir asistiendo a su padre enfermo. Viajando por Alemania con su padre, en Colonia sinti\u00f3 una iluminaci\u00f3n del Se\u00f1or que le hizo entender que su destino estaba entre los pobres. Ingres\u00f3 a la <strong>Sociedad de san Vicente de Pa\u00fal<\/strong> y repart\u00eda su tiempo entre el servicio a los pobres, y la oraci\u00f3n para confiarse a la voluntad de Dios. Finalmente, a los 29 a\u00f1os de edad tuvo una visi\u00f3n clara de su misi\u00f3n y comenz\u00f3 a buscar y ayudar a los ni\u00f1os abandonados de los barrios pobres de Varsovia y a los ancianos sin casa. Con la ayuda financiera de su padre y el apoyo de su prima Clotilde se hizo cargo permanentemente de 6 ni\u00f1os, y este centro comenz\u00f3 a conocerse como el Instituto de la Se\u00f1orita Truskowska. La habilidad de Sof\u00eda y su dedicaci\u00f3n atrajeron muchas voluntarias y devotos amigos influyentes, de modo que la obra del Instituto floreci\u00f3.<\/p>\n<p>En respuesta al consejo del P. Honorato Kozminski, su confesor y director espiritual, se hizo Terciaria Franciscana y tom\u00f3 el nombre de Angela; el 21 de noviembre de 1855 ante la imagen de Mar\u00eda, ella y su prima se consagraron a hacer la voluntad de Dios. As\u00ed comenz\u00f3 la comunidad de las Hermanas Felicianas.<\/p>\n<p>La Madre Angela fue una mujer de una gran visi\u00f3n de futuro, que supo responder a las necesidades nacientes de su tiempo y tuvo un gran sentido social unido a una profunda oraci\u00f3n; es la primera Comunidad activa\u2022contemplativa en la Iglesia. Al ser suprimidas las comunidades religiosas en Polonia, ella logr\u00f3 mantener en secreto su comunidad; al quedar Polonia bajo el control de Austria, pudo reunir a sus religiosas y enviarlas de nuevo por el mundo. Acarici\u00f3 y logr\u00f3 realizar el proyecto del env\u00edo a Am\u00e9rica, donde se difundieron ampliamente, a partir de 1874, cuando envi\u00f3 y bendijo personalmente a las primeras 5 hermanas. A los 44 a\u00f1os, siendo Superiora General por tercera vez, entreg\u00f3 el gobierno de la Congregaci\u00f3n, a causa de la sordera y la enfermedad. Pero no se desentendi\u00f3 de ellas, sino que sigui\u00f3 alent\u00e1ndolas con sus escritos y encuentros.<\/p>\n<p>Literalmente devorada por el c\u00e1ncer, muri\u00f3 el 10 de octubre de 1899. Pero los \u00faltimos treinta a\u00f1os de su vida, que podr\u00edan haber hecho que fuera olvidada, realmente fueron vida oculta que fecund\u00f3 su obra en forma admirable.<\/p>\n<div class=\"x-resp-embed x-is-video x-is-youtube\"><iframe loading=\"lazy\" title=\"Beata \u00c1ngela Mar\u00eda Truszkowska, fund\u00f3 la Comunidad de las Religiosas Felicianas\" width=\"846\" height=\"476\" src=\"https:\/\/www.youtube.com\/embed\/vRnOkwtFXb8?feature=oembed\" frameborder=\"0\" allow=\"accelerometer; autoplay; clipboard-write; encrypted-media; gyroscope; picture-in-picture; web-share\" referrerpolicy=\"strict-origin-when-cross-origin\" allowfullscreen><\/iframe><\/div>\n","protected":false},"excerpt":{"rendered":"<p>Beata Mar\u00eda \u00c1ngela Truszkowska (Sof\u00eda Camila) (1825 &#8211; 1899). Beatificada por Juan Pablo II el 18 de abril de 1993. Nacida el 16 de mayo de 1825, en Kalisz, Polonia, de padres nobles y acomodados, &#8230; <a href=\"https:\/\/vincentians.com\/es\/beata-maria-angela-truszkowska\/\" class=\"more-link\">Read More<\/a><\/p>\n","protected":false},"author":4,"featured_media":386791,"comment_status":"open","ping_status":"open","sticky":false,"template":"","format":"standard","meta":{"jetpack_post_was_ever_published":false,"_jetpack_newsletter_access":"","_jetpack_dont_email_post_to_subs":false,"_jetpack_newsletter_tier_id":0,"_jetpack_memberships_contains_paywalled_content":false,"_jetpack_memberships_contains_paid_content":false,"footnotes":"","jetpack_publicize_message":"","jetpack_publicize_feature_enabled":true,"jetpack_social_post_already_shared":true,"jetpack_social_options":{"image_generator_settings":{"template":"highway","default_image_id":0,"font":"","enabled":false},"version":2}},"categories":[367,250],"tags":[],"class_list":["post-52724","post","type-post","status-publish","format-standard","has-post-thumbnail","hentry","category-maria-angela-truszkowska","category-sociedad-de-san-vicente-de-paul"],"yoast_head":"<!-- This site is optimized with the Yoast SEO plugin v26.3 - https:\/\/yoast.com\/wordpress\/plugins\/seo\/ -->\n<title>Beata Mar\u00eda \u00c1ngela Truszkowska - Somos Vicencianos<\/title>\n<meta name=\"robots\" content=\"index, follow, max-snippet:-1, max-image-preview:large, max-video-preview:-1\" \/>\n<link rel=\"canonical\" href=\"https:\/\/vincentians.com\/es\/beata-maria-angela-truszkowska\/\" \/>\n<meta property=\"og:locale\" content=\"es_ES\" \/>\n<meta property=\"og:type\" content=\"article\" \/>\n<meta property=\"og:title\" content=\"Beata Mar\u00eda \u00c1ngela Truszkowska - Somos Vicencianos\" \/>\n<meta property=\"og:description\" content=\"Beata Mar\u00eda \u00c1ngela Truszkowska (Sof\u00eda Camila) (1825 &#8211; 1899). Beatificada por Juan Pablo II el 18 de abril de 1993. Nacida el 16 de mayo de 1825, en Kalisz, Polonia, de padres nobles y acomodados, ... Read More\" \/>\n<meta property=\"og:url\" content=\"https:\/\/vincentians.com\/es\/beata-maria-angela-truszkowska\/\" \/>\n<meta property=\"og:site_name\" content=\"Somos Vicencianos\" \/>\n<meta property=\"article:publisher\" content=\"https:\/\/www.facebook.com\/WeAreVincentians\/\" \/>\n<meta property=\"article:author\" content=\"https:\/\/www.facebook.com\/JavierChento\" \/>\n<meta property=\"article:published_time\" content=\"2015-10-10T06:15:35+00:00\" \/>\n<meta name=\"author\" content=\"Francisco Javier Fern\u00e1ndez Chento\" \/>\n<meta name=\"twitter:card\" content=\"summary_large_image\" \/>\n<meta name=\"twitter:creator\" content=\"@https:\/\/twitter.com\/javierchento\" \/>\n<meta name=\"twitter:site\" content=\"@WeVincentians\" \/>\n<meta name=\"twitter:label1\" content=\"Escrito por\" \/>\n\t<meta name=\"twitter:data1\" content=\"Francisco Javier Fern\u00e1ndez Chento\" \/>\n\t<meta name=\"twitter:label2\" content=\"Tiempo de lectura\" \/>\n\t<meta name=\"twitter:data2\" content=\"3 minutos\" \/>\n<script type=\"application\/ld+json\" class=\"yoast-schema-graph\">{\"@context\":\"https:\/\/schema.org\",\"@graph\":[{\"@type\":\"Article\",\"@id\":\"https:\/\/vincentians.com\/es\/beata-maria-angela-truszkowska\/#article\",\"isPartOf\":{\"@id\":\"https:\/\/vincentians.com\/es\/beata-maria-angela-truszkowska\/\"},\"author\":{\"name\":\"Francisco Javier Fern\u00e1ndez Chento\",\"@id\":\"http:\/\/vincentians.com\/es\/#\/schema\/person\/9623ef4d9aa3b2dfb8c061f1499288f2\"},\"headline\":\"Beata Mar\u00eda \u00c1ngela Truszkowska\",\"datePublished\":\"2015-10-10T06:15:35+00:00\",\"mainEntityOfPage\":{\"@id\":\"https:\/\/vincentians.com\/es\/beata-maria-angela-truszkowska\/\"},\"wordCount\":582,\"commentCount\":0,\"publisher\":{\"@id\":\"http:\/\/vincentians.com\/es\/#organization\"},\"image\":{\"@id\":\"https:\/\/vincentians.com\/es\/beata-maria-angela-truszkowska\/#primaryimage\"},\"thumbnailUrl\":\"\",\"articleSection\":[\"Mar\u00eda \u00c1ngela Truszkowska\",\"Sociedad de San Vicente de Pa\u00fal\"],\"inLanguage\":\"es\",\"potentialAction\":[{\"@type\":\"CommentAction\",\"name\":\"Comment\",\"target\":[\"https:\/\/vincentians.com\/es\/beata-maria-angela-truszkowska\/#respond\"]}]},{\"@type\":\"WebPage\",\"@id\":\"https:\/\/vincentians.com\/es\/beata-maria-angela-truszkowska\/\",\"url\":\"https:\/\/vincentians.com\/es\/beata-maria-angela-truszkowska\/\",\"name\":\"Beata Mar\u00eda \u00c1ngela Truszkowska - Somos Vicencianos\",\"isPartOf\":{\"@id\":\"http:\/\/vincentians.com\/es\/#website\"},\"primaryImageOfPage\":{\"@id\":\"https:\/\/vincentians.com\/es\/beata-maria-angela-truszkowska\/#primaryimage\"},\"image\":{\"@id\":\"https:\/\/vincentians.com\/es\/beata-maria-angela-truszkowska\/#primaryimage\"},\"thumbnailUrl\":\"\",\"datePublished\":\"2015-10-10T06:15:35+00:00\",\"breadcrumb\":{\"@id\":\"https:\/\/vincentians.com\/es\/beata-maria-angela-truszkowska\/#breadcrumb\"},\"inLanguage\":\"es\",\"potentialAction\":[{\"@type\":\"ReadAction\",\"target\":[\"https:\/\/vincentians.com\/es\/beata-maria-angela-truszkowska\/\"]}]},{\"@type\":\"ImageObject\",\"inLanguage\":\"es\",\"@id\":\"https:\/\/vincentians.com\/es\/beata-maria-angela-truszkowska\/#primaryimage\",\"url\":\"\",\"contentUrl\":\"\"},{\"@type\":\"BreadcrumbList\",\"@id\":\"https:\/\/vincentians.com\/es\/beata-maria-angela-truszkowska\/#breadcrumb\",\"itemListElement\":[{\"@type\":\"ListItem\",\"position\":1,\"name\":\"Portada\",\"item\":\"http:\/\/vincentians.com\/es\/\"},{\"@type\":\"ListItem\",\"position\":2,\"name\":\"Beata Mar\u00eda \u00c1ngela Truszkowska\"}]},{\"@type\":\"WebSite\",\"@id\":\"http:\/\/vincentians.com\/es\/#website\",\"url\":\"http:\/\/vincentians.com\/es\/\",\"name\":\"Somos Vicencianos\",\"description\":\"Know more to serve more\",\"publisher\":{\"@id\":\"http:\/\/vincentians.com\/es\/#organization\"},\"potentialAction\":[{\"@type\":\"SearchAction\",\"target\":{\"@type\":\"EntryPoint\",\"urlTemplate\":\"http:\/\/vincentians.com\/es\/?s={search_term_string}\"},\"query-input\":{\"@type\":\"PropertyValueSpecification\",\"valueRequired\":true,\"valueName\":\"search_term_string\"}}],\"inLanguage\":\"es\"},{\"@type\":\"Organization\",\"@id\":\"http:\/\/vincentians.com\/es\/#organization\",\"name\":\"The Vincentian Network\",\"url\":\"http:\/\/vincentians.com\/es\/\",\"logo\":{\"@type\":\"ImageObject\",\"inLanguage\":\"es\",\"@id\":\"http:\/\/vincentians.com\/es\/#\/schema\/logo\/image\/\",\"url\":\"https:\/\/i1.wp.com\/vincentians.com\/es\/wp-content\/uploads\/sites\/11\/2016\/06\/Vincentian-Network-logo-big.png?fit=778%2C778\",\"contentUrl\":\"https:\/\/i1.wp.com\/vincentians.com\/es\/wp-content\/uploads\/sites\/11\/2016\/06\/Vincentian-Network-logo-big.png?fit=778%2C778\",\"width\":778,\"height\":778,\"caption\":\"The Vincentian Network\"},\"image\":{\"@id\":\"http:\/\/vincentians.com\/es\/#\/schema\/logo\/image\/\"},\"sameAs\":[\"https:\/\/www.facebook.com\/WeAreVincentians\/\",\"https:\/\/x.com\/WeVincentians\"]},{\"@type\":\"Person\",\"@id\":\"http:\/\/vincentians.com\/es\/#\/schema\/person\/9623ef4d9aa3b2dfb8c061f1499288f2\",\"name\":\"Francisco Javier Fern\u00e1ndez Chento\",\"image\":{\"@type\":\"ImageObject\",\"inLanguage\":\"es\",\"@id\":\"http:\/\/vincentians.com\/es\/#\/schema\/person\/image\/\",\"url\":\"https:\/\/secure.gravatar.com\/avatar\/497d5cde87b4c3d097d0315953521681ba2cd523ee66e5077c3711f7021e65de?s=96&d=mm&r=g\",\"contentUrl\":\"https:\/\/secure.gravatar.com\/avatar\/497d5cde87b4c3d097d0315953521681ba2cd523ee66e5077c3711f7021e65de?s=96&d=mm&r=g\",\"caption\":\"Francisco Javier Fern\u00e1ndez Chento\"},\"description\":\"Director General y cofundador de La Red de Formaci\u00f3n Vicenciana. Javier es laico vicenciano, afiliado a la Congregaci\u00f3n de la Misi\u00f3n y miembro del Equipo de Misiones Populares de la provincia can\u00f3nica de Zaragoza (Espa\u00f1a) de la Congregaci\u00f3n de la Misi\u00f3n. Graduado en la Universidad Oberta de Catalunya con cuatro grados (Asistente de direcci\u00f3n, Gesti\u00f3n Administrativa, Recursos Humanos y Contabilidad Avanzada). Bil\u00edng\u00fce Espa\u00f1ol\/Ingl\u00e9s. gestiona y mantiene varias p\u00e1ginas web cristianas y vicencianas, incluida including La Red de Formaci\u00f3n Vicenciana, de la que es cofundador. Actualmente es responsable del \u00e1rea de Espa\u00f1ol de .famvin, la Red de Noticias de la Familia Vicenciana. Tambi\u00e9n es m\u00fasico cat\u00f3lico y ha editado varios discos. Es Director General y cofundador de Trovador, una reconocida compa\u00f1\u00eda discogr\u00e1fica critiana de Espa\u00f1a. Trabaja en las Tecnolog\u00edas de la Informaci\u00f3n, ofreciendo servicios de alojamiento, dise\u00f1o y mantenimiento Web, as\u00ed como asesoramiento, formaci\u00f3n y soluciones inform\u00e1ticas, gesti\u00f3n documental y digitalizaci\u00f3n de textos, edici\u00f3n y maquetaci\u00f3n de libros, revistas, flyers, etc.\",\"sameAs\":[\"http:\/\/chento.org\",\"https:\/\/www.facebook.com\/JavierChento\",\"https:\/\/x.com\/https:\/\/twitter.com\/javierchento\"],\"url\":\"https:\/\/vincentians.com\/es\/author\/chento\/\"}]}<\/script>\n<!-- \/ Yoast SEO plugin. -->","yoast_head_json":{"title":"Beata Mar\u00eda \u00c1ngela Truszkowska - Somos Vicencianos","robots":{"index":"index","follow":"follow","max-snippet":"max-snippet:-1","max-image-preview":"max-image-preview:large","max-video-preview":"max-video-preview:-1"},"canonical":"https:\/\/vincentians.com\/es\/beata-maria-angela-truszkowska\/","og_locale":"es_ES","og_type":"article","og_title":"Beata Mar\u00eda \u00c1ngela Truszkowska - Somos Vicencianos","og_description":"Beata Mar\u00eda \u00c1ngela Truszkowska (Sof\u00eda Camila) (1825 &#8211; 1899). Beatificada por Juan Pablo II el 18 de abril de 1993. Nacida el 16 de mayo de 1825, en Kalisz, Polonia, de padres nobles y acomodados, ... Read More","og_url":"https:\/\/vincentians.com\/es\/beata-maria-angela-truszkowska\/","og_site_name":"Somos Vicencianos","article_publisher":"https:\/\/www.facebook.com\/WeAreVincentians\/","article_author":"https:\/\/www.facebook.com\/JavierChento","article_published_time":"2015-10-10T06:15:35+00:00","author":"Francisco Javier Fern\u00e1ndez Chento","twitter_card":"summary_large_image","twitter_creator":"@https:\/\/twitter.com\/javierchento","twitter_site":"@WeVincentians","twitter_misc":{"Escrito por":"Francisco Javier Fern\u00e1ndez Chento","Tiempo de lectura":"3 minutos"},"schema":{"@context":"https:\/\/schema.org","@graph":[{"@type":"Article","@id":"https:\/\/vincentians.com\/es\/beata-maria-angela-truszkowska\/#article","isPartOf":{"@id":"https:\/\/vincentians.com\/es\/beata-maria-angela-truszkowska\/"},"author":{"name":"Francisco Javier Fern\u00e1ndez Chento","@id":"http:\/\/vincentians.com\/es\/#\/schema\/person\/9623ef4d9aa3b2dfb8c061f1499288f2"},"headline":"Beata Mar\u00eda \u00c1ngela Truszkowska","datePublished":"2015-10-10T06:15:35+00:00","mainEntityOfPage":{"@id":"https:\/\/vincentians.com\/es\/beata-maria-angela-truszkowska\/"},"wordCount":582,"commentCount":0,"publisher":{"@id":"http:\/\/vincentians.com\/es\/#organization"},"image":{"@id":"https:\/\/vincentians.com\/es\/beata-maria-angela-truszkowska\/#primaryimage"},"thumbnailUrl":"","articleSection":["Mar\u00eda \u00c1ngela Truszkowska","Sociedad de San Vicente de Pa\u00fal"],"inLanguage":"es","potentialAction":[{"@type":"CommentAction","name":"Comment","target":["https:\/\/vincentians.com\/es\/beata-maria-angela-truszkowska\/#respond"]}]},{"@type":"WebPage","@id":"https:\/\/vincentians.com\/es\/beata-maria-angela-truszkowska\/","url":"https:\/\/vincentians.com\/es\/beata-maria-angela-truszkowska\/","name":"Beata Mar\u00eda \u00c1ngela Truszkowska - Somos Vicencianos","isPartOf":{"@id":"http:\/\/vincentians.com\/es\/#website"},"primaryImageOfPage":{"@id":"https:\/\/vincentians.com\/es\/beata-maria-angela-truszkowska\/#primaryimage"},"image":{"@id":"https:\/\/vincentians.com\/es\/beata-maria-angela-truszkowska\/#primaryimage"},"thumbnailUrl":"","datePublished":"2015-10-10T06:15:35+00:00","breadcrumb":{"@id":"https:\/\/vincentians.com\/es\/beata-maria-angela-truszkowska\/#breadcrumb"},"inLanguage":"es","potentialAction":[{"@type":"ReadAction","target":["https:\/\/vincentians.com\/es\/beata-maria-angela-truszkowska\/"]}]},{"@type":"ImageObject","inLanguage":"es","@id":"https:\/\/vincentians.com\/es\/beata-maria-angela-truszkowska\/#primaryimage","url":"","contentUrl":""},{"@type":"BreadcrumbList","@id":"https:\/\/vincentians.com\/es\/beata-maria-angela-truszkowska\/#breadcrumb","itemListElement":[{"@type":"ListItem","position":1,"name":"Portada","item":"http:\/\/vincentians.com\/es\/"},{"@type":"ListItem","position":2,"name":"Beata Mar\u00eda \u00c1ngela Truszkowska"}]},{"@type":"WebSite","@id":"http:\/\/vincentians.com\/es\/#website","url":"http:\/\/vincentians.com\/es\/","name":"Somos Vicencianos","description":"Know more to serve more","publisher":{"@id":"http:\/\/vincentians.com\/es\/#organization"},"potentialAction":[{"@type":"SearchAction","target":{"@type":"EntryPoint","urlTemplate":"http:\/\/vincentians.com\/es\/?s={search_term_string}"},"query-input":{"@type":"PropertyValueSpecification","valueRequired":true,"valueName":"search_term_string"}}],"inLanguage":"es"},{"@type":"Organization","@id":"http:\/\/vincentians.com\/es\/#organization","name":"The Vincentian Network","url":"http:\/\/vincentians.com\/es\/","logo":{"@type":"ImageObject","inLanguage":"es","@id":"http:\/\/vincentians.com\/es\/#\/schema\/logo\/image\/","url":"https:\/\/i1.wp.com\/vincentians.com\/es\/wp-content\/uploads\/sites\/11\/2016\/06\/Vincentian-Network-logo-big.png?fit=778%2C778","contentUrl":"https:\/\/i1.wp.com\/vincentians.com\/es\/wp-content\/uploads\/sites\/11\/2016\/06\/Vincentian-Network-logo-big.png?fit=778%2C778","width":778,"height":778,"caption":"The Vincentian Network"},"image":{"@id":"http:\/\/vincentians.com\/es\/#\/schema\/logo\/image\/"},"sameAs":["https:\/\/www.facebook.com\/WeAreVincentians\/","https:\/\/x.com\/WeVincentians"]},{"@type":"Person","@id":"http:\/\/vincentians.com\/es\/#\/schema\/person\/9623ef4d9aa3b2dfb8c061f1499288f2","name":"Francisco Javier Fern\u00e1ndez Chento","image":{"@type":"ImageObject","inLanguage":"es","@id":"http:\/\/vincentians.com\/es\/#\/schema\/person\/image\/","url":"https:\/\/secure.gravatar.com\/avatar\/497d5cde87b4c3d097d0315953521681ba2cd523ee66e5077c3711f7021e65de?s=96&d=mm&r=g","contentUrl":"https:\/\/secure.gravatar.com\/avatar\/497d5cde87b4c3d097d0315953521681ba2cd523ee66e5077c3711f7021e65de?s=96&d=mm&r=g","caption":"Francisco Javier Fern\u00e1ndez Chento"},"description":"Director General y cofundador de La Red de Formaci\u00f3n Vicenciana. Javier es laico vicenciano, afiliado a la Congregaci\u00f3n de la Misi\u00f3n y miembro del Equipo de Misiones Populares de la provincia can\u00f3nica de Zaragoza (Espa\u00f1a) de la Congregaci\u00f3n de la Misi\u00f3n. Graduado en la Universidad Oberta de Catalunya con cuatro grados (Asistente de direcci\u00f3n, Gesti\u00f3n Administrativa, Recursos Humanos y Contabilidad Avanzada). Bil\u00edng\u00fce Espa\u00f1ol\/Ingl\u00e9s. gestiona y mantiene varias p\u00e1ginas web cristianas y vicencianas, incluida including La Red de Formaci\u00f3n Vicenciana, de la que es cofundador. Actualmente es responsable del \u00e1rea de Espa\u00f1ol de .famvin, la Red de Noticias de la Familia Vicenciana. Tambi\u00e9n es m\u00fasico cat\u00f3lico y ha editado varios discos. Es Director General y cofundador de Trovador, una reconocida compa\u00f1\u00eda discogr\u00e1fica critiana de Espa\u00f1a. Trabaja en las Tecnolog\u00edas de la Informaci\u00f3n, ofreciendo servicios de alojamiento, dise\u00f1o y mantenimiento Web, as\u00ed como asesoramiento, formaci\u00f3n y soluciones inform\u00e1ticas, gesti\u00f3n documental y digitalizaci\u00f3n de textos, edici\u00f3n y maquetaci\u00f3n de libros, revistas, flyers, etc.","sameAs":["http:\/\/chento.org","https:\/\/www.facebook.com\/JavierChento","https:\/\/x.com\/https:\/\/twitter.com\/javierchento"],"url":"https:\/\/vincentians.com\/es\/author\/chento\/"}]}},"jetpack_publicize_connections":[],"jetpack_featured_media_url":"","jetpack_sharing_enabled":true,"jetpack_shortlink":"https:\/\/wp.me\/p7ETMF-dIo","jetpack-related-posts":[{"id":104276,"url":"https:\/\/vincentians.com\/es\/novena-biblica-en-honor-al-beato-federico-ozanam-introduccion\/","url_meta":{"origin":52724,"position":0},"title":"Novena b\u00edblica en honor al beato Federico Ozanam: Introducci\u00f3n.","author":"Francisco Javier Fern\u00e1ndez Chento","date":"31\/08\/2012","format":false,"excerpt":"\u00bfQui\u00e9n fue Federico Ozanam? Federico Ozanam , naci\u00f3 en Milan -Italia- (en ese momento pertenec\u00eda a Francia) el 23 de abril de 1813, 24 a\u00f1os desp\u00faes de la Revoluci\u00f3n Francesa; Sus padres fueron el m\u00e9dico Juan Antonio Francisco Ozanam y Mar\u00eda Nantas. De 14 hijos solo sobrevivieron tres: Alfonso, sacerdote;\u2026","rel":"","context":"En \u00abFederico Ozanam\u00bb","block_context":{"text":"Federico Ozanam","link":"https:\/\/vincentians.com\/es\/category\/la-familia-vicenciana\/fundadores\/federico-ozanam\/"},"img":{"alt_text":"","src":"https:\/\/i0.wp.com\/vicencianos.org\/wp-content\/2012\/09\/beato_ozanam_pobre-225x300.jpg?resize=350%2C200","width":350,"height":200},"classes":[]},{"id":119574,"url":"https:\/\/vincentians.com\/es\/origenes-del-beato-federico-ozanam\/","url_meta":{"origin":52724,"position":1},"title":"Or\u00edgenes del Beato Federico Ozanam","author":"Francisco Javier Fern\u00e1ndez Chento","date":"02\/06\/2015","format":false,"excerpt":"Tal palo, tal astilla, dice el adagio. Este dicho se puede aplicar perfectamente a los padres del beato Ozanam, de los cuales querr\u00eda enunciar algo de sus vidas porque ellos son la fuente m\u00e1s genuina de la que bebi\u00f3 Ozanam. Juan Antonio Ozanam y Mar\u00eda Nantas, habiendo emigrado de Lyon\u2026","rel":"","context":"En \u00abFederico Ozanam\u00bb","block_context":{"text":"Federico Ozanam","link":"https:\/\/vincentians.com\/es\/category\/la-familia-vicenciana\/fundadores\/federico-ozanam\/"},"img":{"alt_text":"Frederico_Ozanam","src":"https:\/\/i0.wp.com\/vicencianos.org\/wp-content\/2013\/04\/Frederico_Ozanam-225x300.jpg?resize=350%2C200","width":350,"height":200},"classes":[]},{"id":119509,"url":"https:\/\/vincentians.com\/es\/el-p-silvestre-ojea\/","url_meta":{"origin":52724,"position":2},"title":"El P. Silvestre Ojea","author":"Mitxel Olabu\u00e9naga","date":"08\/05\/2013","format":false,"excerpt":"Esta es la noticia escueta del hecho que ocurri\u00f3 en la ma\u00addrugada del 3 de septiembre pasarlo. Pero esta noticia es como un prisma, que se descompone en otras muchas, que entre todas componen su semblanza, que, si bien incomple\u00adta, tratar\u00e9 de esbozar aqu\u00ed. Su curriculum vitae es as\u00ed: Naci\u00f3\u2026","rel":"","context":"En \u00abBiograf\u00edas de Misioneros Pa\u00fales\u00bb","block_context":{"text":"Biograf\u00edas de Misioneros Pa\u00fales","link":"https:\/\/vincentians.com\/es\/category\/la-familia-vicenciana\/biografias-vicencianas\/biografias-de-misioneros-paules\/"},"img":{"alt_text":"","src":"https:\/\/i0.wp.com\/vincentians.com\/es\/wp-content\/uploads\/sites\/11\/2016\/07\/bio-cm.jpg?fit=1200%2C630&ssl=1&resize=350%2C200","width":350,"height":200,"srcset":"https:\/\/i0.wp.com\/vincentians.com\/es\/wp-content\/uploads\/sites\/11\/2016\/07\/bio-cm.jpg?fit=1200%2C630&ssl=1&resize=350%2C200 1x, https:\/\/i0.wp.com\/vincentians.com\/es\/wp-content\/uploads\/sites\/11\/2016\/07\/bio-cm.jpg?fit=1200%2C630&ssl=1&resize=525%2C300 1.5x, https:\/\/i0.wp.com\/vincentians.com\/es\/wp-content\/uploads\/sites\/11\/2016\/07\/bio-cm.jpg?fit=1200%2C630&ssl=1&resize=700%2C400 2x, https:\/\/i0.wp.com\/vincentians.com\/es\/wp-content\/uploads\/sites\/11\/2016\/07\/bio-cm.jpg?fit=1200%2C630&ssl=1&resize=1050%2C600 3x"},"classes":[]},{"id":126560,"url":"https:\/\/vincentians.com\/es\/manuel-herranz-vaquero-1922-2004\/","url_meta":{"origin":52724,"position":3},"title":"Manuel Herranz Vaquero (1922\u20132004)","author":"Mitxel Olabu\u00e9naga","date":"23\/12\/2013","format":false,"excerpt":"Naci\u00f3 el 2 de julio de 1922 en Courtiery, Francia. Sus padres fueron D. Pedro y Do\u00f1a Fermina. Curs\u00f3 sus primeros estudios en nuestro seminario menor de Teruel. Los Estudios de Eclesi\u00e1sticos los realiza en Hortaleza (\"Filosof\u00eda\") y en Cuenca (\"Teolog\u00eda\"). Hab\u00eda ingresado en la \"Congregaci\u00f3n de la Misi\u00f3n\" el\u2026","rel":"","context":"En \u00abBiograf\u00edas de Misioneros Pa\u00fales\u00bb","block_context":{"text":"Biograf\u00edas de Misioneros Pa\u00fales","link":"https:\/\/vincentians.com\/es\/category\/la-familia-vicenciana\/biografias-vicencianas\/biografias-de-misioneros-paules\/"},"img":{"alt_text":"","src":"https:\/\/i0.wp.com\/vincentians.com\/es\/wp-content\/uploads\/sites\/11\/2016\/07\/bio-cm.jpg?fit=1200%2C630&ssl=1&resize=350%2C200","width":350,"height":200,"srcset":"https:\/\/i0.wp.com\/vincentians.com\/es\/wp-content\/uploads\/sites\/11\/2016\/07\/bio-cm.jpg?fit=1200%2C630&ssl=1&resize=350%2C200 1x, https:\/\/i0.wp.com\/vincentians.com\/es\/wp-content\/uploads\/sites\/11\/2016\/07\/bio-cm.jpg?fit=1200%2C630&ssl=1&resize=525%2C300 1.5x, https:\/\/i0.wp.com\/vincentians.com\/es\/wp-content\/uploads\/sites\/11\/2016\/07\/bio-cm.jpg?fit=1200%2C630&ssl=1&resize=700%2C400 2x, https:\/\/i0.wp.com\/vincentians.com\/es\/wp-content\/uploads\/sites\/11\/2016\/07\/bio-cm.jpg?fit=1200%2C630&ssl=1&resize=1050%2C600 3x"},"classes":[]},{"id":104286,"url":"https:\/\/vincentians.com\/es\/novena-biblica-en-honor-al-beato-federico-ozanam-dia-segundo\/","url_meta":{"origin":52724,"position":4},"title":"Novena b\u00edblica en honor al beato Federico Ozanam: D\u00eda segundo","author":"Francisco Javier Fern\u00e1ndez Chento","date":"02\/09\/2012","format":false,"excerpt":"Oraci\u00f3n Oh Dios de Caridad infinita, que no dejas de compadecerte de nosotros y contin\u00faas la obra misericordiosa de tu Divino Hijo Jesucristo en la historia de cada hombre. Te damos infinitas gracias por el amor que se hace manifiesto por medio de la gracia bautismal en todos y cada\u2026","rel":"","context":"En \u00abFederico Ozanam\u00bb","block_context":{"text":"Federico Ozanam","link":"https:\/\/vincentians.com\/es\/category\/la-familia-vicenciana\/fundadores\/federico-ozanam\/"},"img":{"alt_text":"","src":"https:\/\/i0.wp.com\/vicencianos.org\/wp-content\/2012\/09\/beato_ozanam_pobre-225x300.jpg?resize=350%2C200","width":350,"height":200},"classes":[]},{"id":131033,"url":"https:\/\/vincentians.com\/es\/francisco-camprodon-1817-1825-visitador\/","url_meta":{"origin":52724,"position":5},"title":"Francisco Camprod\u00f3n (1817-1825) (Visitador)","author":"Mitxel Olabu\u00e9naga","date":"15\/08\/2014","format":false,"excerpt":"Naci\u00f3 en Taradell (Barcelona) el 27 de septiembre de 1753, ingresando en la Congregaci\u00f3n en 1771. Recibidas las \u00f3rdenes se dedic\u00f3 a las Misiones en las casas de Barcelona, Mallorca y Reus. Fue superior de Guisona en 1796. Fue a la fundaci\u00f3n de Badajoz en 1802 aunque all\u00ed s\u00f3lo estuvo\u2026","rel":"","context":"En \u00abBiograf\u00edas de Misioneros Pa\u00fales\u00bb","block_context":{"text":"Biograf\u00edas de Misioneros Pa\u00fales","link":"https:\/\/vincentians.com\/es\/category\/la-familia-vicenciana\/biografias-vicencianas\/biografias-de-misioneros-paules\/"},"img":{"alt_text":"","src":"https:\/\/i0.wp.com\/vincentians.com\/es\/wp-content\/uploads\/sites\/11\/2016\/07\/bio-cm.jpg?fit=1200%2C630&ssl=1&resize=350%2C200","width":350,"height":200,"srcset":"https:\/\/i0.wp.com\/vincentians.com\/es\/wp-content\/uploads\/sites\/11\/2016\/07\/bio-cm.jpg?fit=1200%2C630&ssl=1&resize=350%2C200 1x, https:\/\/i0.wp.com\/vincentians.com\/es\/wp-content\/uploads\/sites\/11\/2016\/07\/bio-cm.jpg?fit=1200%2C630&ssl=1&resize=525%2C300 1.5x, https:\/\/i0.wp.com\/vincentians.com\/es\/wp-content\/uploads\/sites\/11\/2016\/07\/bio-cm.jpg?fit=1200%2C630&ssl=1&resize=700%2C400 2x, https:\/\/i0.wp.com\/vincentians.com\/es\/wp-content\/uploads\/sites\/11\/2016\/07\/bio-cm.jpg?fit=1200%2C630&ssl=1&resize=1050%2C600 3x"},"classes":[]}],"_links":{"self":[{"href":"https:\/\/vincentians.com\/es\/wp-json\/wp\/v2\/posts\/52724","targetHints":{"allow":["GET"]}}],"collection":[{"href":"https:\/\/vincentians.com\/es\/wp-json\/wp\/v2\/posts"}],"about":[{"href":"https:\/\/vincentians.com\/es\/wp-json\/wp\/v2\/types\/post"}],"author":[{"embeddable":true,"href":"https:\/\/vincentians.com\/es\/wp-json\/wp\/v2\/users\/4"}],"replies":[{"embeddable":true,"href":"https:\/\/vincentians.com\/es\/wp-json\/wp\/v2\/comments?post=52724"}],"version-history":[{"count":0,"href":"https:\/\/vincentians.com\/es\/wp-json\/wp\/v2\/posts\/52724\/revisions"}],"wp:featuredmedia":[{"embeddable":true,"href":"https:\/\/vincentians.com\/es\/wp-json\/"}],"wp:attachment":[{"href":"https:\/\/vincentians.com\/es\/wp-json\/wp\/v2\/media?parent=52724"}],"wp:term":[{"taxonomy":"category","embeddable":true,"href":"https:\/\/vincentians.com\/es\/wp-json\/wp\/v2\/categories?post=52724"},{"taxonomy":"post_tag","embeddable":true,"href":"https:\/\/vincentians.com\/es\/wp-json\/wp\/v2\/tags?post=52724"}],"curies":[{"name":"wp","href":"https:\/\/api.w.org\/{rel}","templated":true}]}}