{"id":52690,"date":"2015-02-13T03:00:27","date_gmt":"2015-02-13T02:00:27","guid":{"rendered":"http:\/\/somos.vicencianos.org\/blog\/2011\/10\/estatutos-comentados-de-la-sociedad-de-san-vicente-de-paul-5-de-la-seccion-permanenteconsejo-de-administracion\/"},"modified":"2015-02-13T03:00:27","modified_gmt":"2015-02-13T02:00:27","slug":"estatutos-comentados-de-la-ssvp-5-de-la-seccion-permanenteconsejo-de-administracion","status":"publish","type":"post","link":"https:\/\/vincentians.com\/es\/estatutos-comentados-de-la-ssvp-5-de-la-seccion-permanenteconsejo-de-administracion\/","title":{"rendered":"Estatutos comentados de la SSVP (5. De la Secci\u00f3n Permanente\/Consejo de Administraci\u00f3n)"},"content":{"rendered":"<h2><strong>5. De la Secci\u00f3n Permanente\/Consejo de Administraci\u00f3n<\/strong><\/h2>\n<h3><strong>5.1 De su sede y convocatoria<\/strong><\/h3>\n<p><a href=\"https:\/\/i0.wp.com\/vicencianos.org\/wp-content\/2011\/10\/logo_ssvp.jpg\"><img data-recalc-dims=\"1\" loading=\"lazy\" decoding=\"async\" class=\"alignright size-full wp-image-52683\" title=\"logo_ssvp\" src=\"https:\/\/i0.wp.com\/vicencianos.org\/wp-content\/2011\/10\/logo_ssvp.jpg?resize=224%2C282\" alt=\"\" width=\"224\" height=\"282\" \/><\/a>En la sede del Consejo General de la Confederaci\u00f3n Internacional, estar\u00e1 constituida una Secci\u00f3n Permanente bajo la Presidencia del Presidente General. Puede ser convocada en cualquier lugar del mundo, si las circunstancias lo aconsejan a juicio del Presidente General.<\/p>\n<p><strong>5.1.1 De la misi\u00f3n de la Secci\u00f3n Permanente<\/strong><\/p>\n<p>Su misi\u00f3n, es el seguimiento y tutela cercana de la actividad de la Sociedad de San Vicente en el mundo, ayudando al Presidente General a lograr un mejor servicio internacional a los consocios y a los pobres. Toma las decisiones que estima necesarias, dentro del marco de la Regla, de la Tradici\u00f3n de la Sociedad, as\u00ed como con especial respeto y atenci\u00f3n a las decisiones de las Asambleas del Consejo General y las recomendaciones del Comit\u00e9 Ejecutivo Internacional.<\/p>\n<p>La Secci\u00f3n Permanente, har\u00e1 un especial seguimiento de los acuerdos emanados de la \u00faltima Asamblea del Consejo General o del Comit\u00e9 Ejecutivo Internacional, y su grado de puesta en pr\u00e1ctica en los distintos Consejos Superiores, Asimilados o Asociados y por el propio Consejo General en lo que le corresponda.<\/p>\n<p><strong>5.1.2 De la misi\u00f3n de la Secci\u00f3n Permanente como Consejo de Administraci\u00f3n de la Confederaci\u00f3n.<\/strong><\/p>\n<p>A la Secci\u00f3n Permanente, cuando sea necesario y al menos una vez al a\u00f1o, le corresponde la misi\u00f3n que para los Consejos de Administraci\u00f3n, establece el ordenamiento jur\u00eddico franc\u00e9s para las Asociaciones sin \u00e1nimo de lucro.<\/p>\n<p>Para estas ocasiones, la Secci\u00f3n Permanente ser\u00e1 convocada con un orden del d\u00eda especial, en el que se haga constar la circunstancia de actuar como Consejo de Administraci\u00f3n de la Confederaci\u00f3n.<\/p>\n<p style=\"padding-left: 30px\"><em>Comentario.- La Secci\u00f3n Permanente es con el propio Consejo General, los dos \u00f3rganos m\u00e1s antiguos de nuestra Estructura Internacional. Le corresponde la toma de decisiones en el d\u00eda a d\u00eda de la Sociedad.<\/em><\/p>\n<h3><strong>5.2 De los miembros de la Secci\u00f3n Permanente<\/strong><\/h3>\n<p>En raz\u00f3n del servicio que prestan, son vocales de esta Secci\u00f3n Permanente los miembros de la Mesa del Consejo General, los Vicepresidentes Territoriales y los Corresponsales.<\/p>\n<p><strong>5.2.1 De la votaci\u00f3n<\/strong><\/p>\n<p>Salvo en las ocasiones en que la Secci\u00f3n Permanente est\u00e9 reunida como Consejo de Administraci\u00f3n de la Confederaci\u00f3n, que prev\u00e9 el art\u00edculo 5.1.2 de estos Estatutos Internacionales, cualquier Presidente de Consejo Superior, Asimilado o Asociado, que asista a una reuni\u00f3n de la Secci\u00f3n Permanente, tendr\u00e1 derecho a voz y voto como si fuera un vocal nato.<\/p>\n<p style=\"padding-left: 30px\"><em>Comentario.- Salvo en las circunstancias en las que de acuerdo al ordenamiento jur\u00eddico no fuera posible, la Sociedad se complace siempre en otorgar el derecho de voz y voto a los miembros del Consejo General que se encuentren presentes.<\/em><\/p>\n<h3><strong>5.3 De los Enlaces T\u00e9cnicos Territoriales<\/strong><\/h3>\n<p>Son miembros de la Secci\u00f3n, estos profesionales que ser\u00e1n reclutados, cuando ello sea posible, con preferencia entre consocios de diferentes zonas geogr\u00e1ficas del mundo. Su misi\u00f3n es confiada por el Presidente General, para un periodo concreto que puede ser renovado. Tienen derecho a voz pero no a voto.<\/p>\n<p><strong>5.3.1 De la misi\u00f3n de los Enlaces T\u00e9cnicos Territoriales<\/strong><\/p>\n<p>Cada Enlace, en el centro operativo que se determine, de acuerdo a lo que prev\u00e9 el art\u00edculo 1.3.1 de estos Estatutos Internacionales, es auxiliar de los Vicepresidentes Territoriales y de los Coordinadores de la zona geogr\u00e1fica que tenga asignada.<\/p>\n<p>En ocasiones, otros Enlaces T\u00e9cnicos, carentes de territorialidad o con ella, pueden ser encargados de misiones especiales bajo dependencia directa del Secretario General o del propio Presidente General.<\/p>\n<p style=\"padding-left: 30px\"><em>Comentario.- Los servicios de Enlace T\u00e9cnico Territorial estar\u00e1n habitualmente ocupados por empleados cuyo servicio refleja la naturaleza internacional de la Sociedad. Estar\u00e1n ubicados en los centros de trabajo del Consejo General m\u00e1s apropiados, en cualquier lugar del mundo<\/em><em>.<\/em><\/p>\n<p><strong>5.3.2 Exclusi\u00f3n<\/strong><\/p>\n<p>Estos miembros de la Secci\u00f3n Permanente, no formar\u00e1n parte de ella, cuando \u00e9sta est\u00e9 reunida como Consejo de Administraci\u00f3n de la Confederaci\u00f3n, de acuerdo a lo que dispone el Art\u00edculo 5.1.2 de estos Estatutos Internacionales.<\/p>\n<p style=\"padding-left: 30px\"><em>Comentario.- Una nueva cauci\u00f3n buscando que los m\u00e1ximos responsables en el servicio a la Sociedad, sean siempre voluntarios y asegurar que las Conferencias, no pierdan nunca ese esp\u00edritu y car\u00e1cter.<\/em><\/p>\n<h3><strong>5.4 De los Vocales Corresponsales y otros<\/strong><\/h3>\n<p>Tambi\u00e9n forman parte de esta Secci\u00f3n, los consocios tradicionalmente llamados Corresponsales Territoriales que son nombrados por el Presidente General para un periodo concreto que puede ser renovado as\u00ed como otros consocios con encargos determinados.<\/p>\n<p style=\"padding-left: 30px\"><em>Comentario.- Desde nuestra fundaci\u00f3n y hasta hoy, en la sede del Consejo General, decenas de consocios han asegurado la atenci\u00f3n y el seguimiento a las Conferencias que iban naciendo en todo el mundo. Si estos consocios han sido fundamentalmente parisinos desde entonces, hoy se unen a ellos consocios de diferentes lugares de Europa y del mundo.<\/em><\/p>\n<p style=\"padding-left: 30px\"><em>\u2018<\/em><em>periodo espec\u00edfico renovable\u2019 \u2013 ver Comentario sobre 3.16<\/em><\/p>\n<p><strong>5.4.1 De la misi\u00f3n de los Corresponsales Territoriales<\/strong><\/p>\n<p>Los Corresponsales Territoriales, tienen a su cargo la misi\u00f3n de estar en relaci\u00f3n constante y en colaboraci\u00f3n eficaz, con los distintos Enlaces T\u00e9cnicos Territoriales que depender\u00e1n de los primeros. Ser\u00e1n representantes cercanos y fraternos, ante la estructura internacional, de los Consejos Superiores, Asimilados o Asociados, cuyo servicio tengan asignado.<\/p>\n<p style=\"padding-left: 30px\"><em>Comentario.- Con su servicio, facilitan lo necesario del Consejo General, a todas las Conferencias y Consejos.<\/em><\/p>\n<h3><strong>5.5 De los invitados permanentes<\/strong><\/h3>\n<p>Especialmente se encuentran siempre invitados a las reuniones de la Secci\u00f3n Permanente, los Presidentes de los Consejos Superiores o Asimilados, a su paso por la sede social.<\/p>\n<p style=\"padding-left: 30px\"><em>Comentario.- Redunda este art\u00edculo, en lo que se\u00f1alado por el 5..2.1 de estos Estatutos. Es sin duda, una invitaci\u00f3n a la responsabilidad de los miembros de derecho y asimilados del Consejo General.<\/em><\/p>\n<p><strong>5.6 Del Secretario de la Secci\u00f3n Permanente<\/strong><\/p>\n<p>Como previene el art\u00edculo 3.19 de estos Estatutos Internacionales, el Secretario General de la Sociedad, lo es tambi\u00e9n de la Secci\u00f3n Permanente.<\/p>\n","protected":false},"excerpt":{"rendered":"<p>5. De la Secci\u00f3n Permanente\/Consejo de Administraci\u00f3n 5.1 De su sede y convocatoria En la sede del Consejo General de la Confederaci\u00f3n Internacional, estar\u00e1 constituida una Secci\u00f3n Permanente bajo la Presidencia del Presidente General. Puede &#8230; <a href=\"https:\/\/vincentians.com\/es\/estatutos-comentados-de-la-ssvp-5-de-la-seccion-permanenteconsejo-de-administracion\/\" class=\"more-link\">Read More<\/a><\/p>\n","protected":false},"author":4,"featured_media":133533,"comment_status":"open","ping_status":"open","sticky":false,"template":"","format":"standard","meta":{"jetpack_post_was_ever_published":false,"_jetpack_newsletter_access":"","_jetpack_dont_email_post_to_subs":false,"_jetpack_newsletter_tier_id":0,"_jetpack_memberships_contains_paywalled_content":false,"_jetpack_memberships_contains_paid_content":false,"footnotes":"","jetpack_publicize_message":"","jetpack_publicize_feature_enabled":true,"jetpack_social_post_already_shared":true,"jetpack_social_options":{"image_generator_settings":{"template":"highway","default_image_id":0,"font":"","enabled":false},"version":2}},"categories":[357],"tags":[],"class_list":["post-52690","post","type-post","status-publish","format-standard","has-post-thumbnail","hentry","category-documentos-de-la-sociedad-de-san-vicente-de-paul"],"yoast_head":"<!-- This site is optimized with the Yoast SEO plugin v26.3 - https:\/\/yoast.com\/wordpress\/plugins\/seo\/ -->\n<title>Estatutos comentados de la SSVP (5. De la Secci\u00f3n Permanente\/Consejo de Administraci\u00f3n) - Somos Vicencianos<\/title>\n<meta name=\"robots\" content=\"index, follow, max-snippet:-1, max-image-preview:large, max-video-preview:-1\" \/>\n<link rel=\"canonical\" href=\"https:\/\/vincentians.com\/es\/estatutos-comentados-de-la-ssvp-5-de-la-seccion-permanenteconsejo-de-administracion\/\" \/>\n<meta property=\"og:locale\" content=\"es_ES\" \/>\n<meta property=\"og:type\" content=\"article\" \/>\n<meta property=\"og:title\" content=\"Estatutos comentados de la SSVP (5. De la Secci\u00f3n Permanente\/Consejo de Administraci\u00f3n) - Somos Vicencianos\" \/>\n<meta property=\"og:description\" content=\"5. De la Secci\u00f3n Permanente\/Consejo de Administraci\u00f3n 5.1 De su sede y convocatoria En la sede del Consejo General de la Confederaci\u00f3n Internacional, estar\u00e1 constituida una Secci\u00f3n Permanente bajo la Presidencia del Presidente General. Puede ... Read More\" \/>\n<meta property=\"og:url\" content=\"https:\/\/vincentians.com\/es\/estatutos-comentados-de-la-ssvp-5-de-la-seccion-permanenteconsejo-de-administracion\/\" \/>\n<meta property=\"og:site_name\" content=\"Somos Vicencianos\" \/>\n<meta property=\"article:publisher\" content=\"https:\/\/www.facebook.com\/WeAreVincentians\/\" \/>\n<meta property=\"article:author\" content=\"https:\/\/www.facebook.com\/JavierChento\" \/>\n<meta property=\"article:published_time\" content=\"2015-02-13T02:00:27+00:00\" \/>\n<meta name=\"author\" content=\"Francisco Javier Fern\u00e1ndez Chento\" \/>\n<meta name=\"twitter:card\" content=\"summary_large_image\" \/>\n<meta name=\"twitter:creator\" content=\"@https:\/\/twitter.com\/javierchento\" \/>\n<meta name=\"twitter:site\" content=\"@WeVincentians\" \/>\n<meta name=\"twitter:label1\" content=\"Escrito por\" \/>\n\t<meta name=\"twitter:data1\" content=\"Francisco Javier Fern\u00e1ndez Chento\" \/>\n\t<meta name=\"twitter:label2\" content=\"Tiempo de lectura\" \/>\n\t<meta name=\"twitter:data2\" content=\"5 minutos\" \/>\n<script type=\"application\/ld+json\" class=\"yoast-schema-graph\">{\"@context\":\"https:\/\/schema.org\",\"@graph\":[{\"@type\":\"Article\",\"@id\":\"https:\/\/vincentians.com\/es\/estatutos-comentados-de-la-ssvp-5-de-la-seccion-permanenteconsejo-de-administracion\/#article\",\"isPartOf\":{\"@id\":\"https:\/\/vincentians.com\/es\/estatutos-comentados-de-la-ssvp-5-de-la-seccion-permanenteconsejo-de-administracion\/\"},\"author\":{\"name\":\"Francisco Javier Fern\u00e1ndez Chento\",\"@id\":\"http:\/\/vincentians.com\/es\/#\/schema\/person\/9623ef4d9aa3b2dfb8c061f1499288f2\"},\"headline\":\"Estatutos comentados de la SSVP (5. De la Secci\u00f3n Permanente\/Consejo de Administraci\u00f3n)\",\"datePublished\":\"2015-02-13T02:00:27+00:00\",\"mainEntityOfPage\":{\"@id\":\"https:\/\/vincentians.com\/es\/estatutos-comentados-de-la-ssvp-5-de-la-seccion-permanenteconsejo-de-administracion\/\"},\"wordCount\":1027,\"commentCount\":0,\"publisher\":{\"@id\":\"http:\/\/vincentians.com\/es\/#organization\"},\"image\":{\"@id\":\"https:\/\/vincentians.com\/es\/estatutos-comentados-de-la-ssvp-5-de-la-seccion-permanenteconsejo-de-administracion\/#primaryimage\"},\"thumbnailUrl\":\"\",\"articleSection\":[\"Documentos de la Sociedad de San Vicente de Pa\u00fal\"],\"inLanguage\":\"es\",\"potentialAction\":[{\"@type\":\"CommentAction\",\"name\":\"Comment\",\"target\":[\"https:\/\/vincentians.com\/es\/estatutos-comentados-de-la-ssvp-5-de-la-seccion-permanenteconsejo-de-administracion\/#respond\"]}]},{\"@type\":\"WebPage\",\"@id\":\"https:\/\/vincentians.com\/es\/estatutos-comentados-de-la-ssvp-5-de-la-seccion-permanenteconsejo-de-administracion\/\",\"url\":\"https:\/\/vincentians.com\/es\/estatutos-comentados-de-la-ssvp-5-de-la-seccion-permanenteconsejo-de-administracion\/\",\"name\":\"Estatutos comentados de la SSVP (5. De la Secci\u00f3n Permanente\/Consejo de Administraci\u00f3n) - Somos Vicencianos\",\"isPartOf\":{\"@id\":\"http:\/\/vincentians.com\/es\/#website\"},\"primaryImageOfPage\":{\"@id\":\"https:\/\/vincentians.com\/es\/estatutos-comentados-de-la-ssvp-5-de-la-seccion-permanenteconsejo-de-administracion\/#primaryimage\"},\"image\":{\"@id\":\"https:\/\/vincentians.com\/es\/estatutos-comentados-de-la-ssvp-5-de-la-seccion-permanenteconsejo-de-administracion\/#primaryimage\"},\"thumbnailUrl\":\"\",\"datePublished\":\"2015-02-13T02:00:27+00:00\",\"breadcrumb\":{\"@id\":\"https:\/\/vincentians.com\/es\/estatutos-comentados-de-la-ssvp-5-de-la-seccion-permanenteconsejo-de-administracion\/#breadcrumb\"},\"inLanguage\":\"es\",\"potentialAction\":[{\"@type\":\"ReadAction\",\"target\":[\"https:\/\/vincentians.com\/es\/estatutos-comentados-de-la-ssvp-5-de-la-seccion-permanenteconsejo-de-administracion\/\"]}]},{\"@type\":\"ImageObject\",\"inLanguage\":\"es\",\"@id\":\"https:\/\/vincentians.com\/es\/estatutos-comentados-de-la-ssvp-5-de-la-seccion-permanenteconsejo-de-administracion\/#primaryimage\",\"url\":\"\",\"contentUrl\":\"\"},{\"@type\":\"BreadcrumbList\",\"@id\":\"https:\/\/vincentians.com\/es\/estatutos-comentados-de-la-ssvp-5-de-la-seccion-permanenteconsejo-de-administracion\/#breadcrumb\",\"itemListElement\":[{\"@type\":\"ListItem\",\"position\":1,\"name\":\"Portada\",\"item\":\"http:\/\/vincentians.com\/es\/\"},{\"@type\":\"ListItem\",\"position\":2,\"name\":\"Estatutos comentados de la SSVP (5. De la Secci\u00f3n Permanente\/Consejo de Administraci\u00f3n)\"}]},{\"@type\":\"WebSite\",\"@id\":\"http:\/\/vincentians.com\/es\/#website\",\"url\":\"http:\/\/vincentians.com\/es\/\",\"name\":\"Somos Vicencianos\",\"description\":\"Know more to serve more\",\"publisher\":{\"@id\":\"http:\/\/vincentians.com\/es\/#organization\"},\"potentialAction\":[{\"@type\":\"SearchAction\",\"target\":{\"@type\":\"EntryPoint\",\"urlTemplate\":\"http:\/\/vincentians.com\/es\/?s={search_term_string}\"},\"query-input\":{\"@type\":\"PropertyValueSpecification\",\"valueRequired\":true,\"valueName\":\"search_term_string\"}}],\"inLanguage\":\"es\"},{\"@type\":\"Organization\",\"@id\":\"http:\/\/vincentians.com\/es\/#organization\",\"name\":\"The Vincentian Network\",\"url\":\"http:\/\/vincentians.com\/es\/\",\"logo\":{\"@type\":\"ImageObject\",\"inLanguage\":\"es\",\"@id\":\"http:\/\/vincentians.com\/es\/#\/schema\/logo\/image\/\",\"url\":\"https:\/\/i1.wp.com\/vincentians.com\/es\/wp-content\/uploads\/sites\/11\/2016\/06\/Vincentian-Network-logo-big.png?fit=778%2C778\",\"contentUrl\":\"https:\/\/i1.wp.com\/vincentians.com\/es\/wp-content\/uploads\/sites\/11\/2016\/06\/Vincentian-Network-logo-big.png?fit=778%2C778\",\"width\":778,\"height\":778,\"caption\":\"The Vincentian Network\"},\"image\":{\"@id\":\"http:\/\/vincentians.com\/es\/#\/schema\/logo\/image\/\"},\"sameAs\":[\"https:\/\/www.facebook.com\/WeAreVincentians\/\",\"https:\/\/x.com\/WeVincentians\"]},{\"@type\":\"Person\",\"@id\":\"http:\/\/vincentians.com\/es\/#\/schema\/person\/9623ef4d9aa3b2dfb8c061f1499288f2\",\"name\":\"Francisco Javier Fern\u00e1ndez Chento\",\"image\":{\"@type\":\"ImageObject\",\"inLanguage\":\"es\",\"@id\":\"http:\/\/vincentians.com\/es\/#\/schema\/person\/image\/\",\"url\":\"https:\/\/secure.gravatar.com\/avatar\/497d5cde87b4c3d097d0315953521681ba2cd523ee66e5077c3711f7021e65de?s=96&d=mm&r=g\",\"contentUrl\":\"https:\/\/secure.gravatar.com\/avatar\/497d5cde87b4c3d097d0315953521681ba2cd523ee66e5077c3711f7021e65de?s=96&d=mm&r=g\",\"caption\":\"Francisco Javier Fern\u00e1ndez Chento\"},\"description\":\"Director General y cofundador de La Red de Formaci\u00f3n Vicenciana. Javier es laico vicenciano, afiliado a la Congregaci\u00f3n de la Misi\u00f3n y miembro del Equipo de Misiones Populares de la provincia can\u00f3nica de Zaragoza (Espa\u00f1a) de la Congregaci\u00f3n de la Misi\u00f3n. Graduado en la Universidad Oberta de Catalunya con cuatro grados (Asistente de direcci\u00f3n, Gesti\u00f3n Administrativa, Recursos Humanos y Contabilidad Avanzada). Bil\u00edng\u00fce Espa\u00f1ol\/Ingl\u00e9s. gestiona y mantiene varias p\u00e1ginas web cristianas y vicencianas, incluida including La Red de Formaci\u00f3n Vicenciana, de la que es cofundador. Actualmente es responsable del \u00e1rea de Espa\u00f1ol de .famvin, la Red de Noticias de la Familia Vicenciana. Tambi\u00e9n es m\u00fasico cat\u00f3lico y ha editado varios discos. Es Director General y cofundador de Trovador, una reconocida compa\u00f1\u00eda discogr\u00e1fica critiana de Espa\u00f1a. Trabaja en las Tecnolog\u00edas de la Informaci\u00f3n, ofreciendo servicios de alojamiento, dise\u00f1o y mantenimiento Web, as\u00ed como asesoramiento, formaci\u00f3n y soluciones inform\u00e1ticas, gesti\u00f3n documental y digitalizaci\u00f3n de textos, edici\u00f3n y maquetaci\u00f3n de libros, revistas, flyers, etc.\",\"sameAs\":[\"http:\/\/chento.org\",\"https:\/\/www.facebook.com\/JavierChento\",\"https:\/\/x.com\/https:\/\/twitter.com\/javierchento\"],\"url\":\"https:\/\/vincentians.com\/es\/author\/chento\/\"}]}<\/script>\n<!-- \/ Yoast SEO plugin. -->","yoast_head_json":{"title":"Estatutos comentados de la SSVP (5. De la Secci\u00f3n Permanente\/Consejo de Administraci\u00f3n) - Somos Vicencianos","robots":{"index":"index","follow":"follow","max-snippet":"max-snippet:-1","max-image-preview":"max-image-preview:large","max-video-preview":"max-video-preview:-1"},"canonical":"https:\/\/vincentians.com\/es\/estatutos-comentados-de-la-ssvp-5-de-la-seccion-permanenteconsejo-de-administracion\/","og_locale":"es_ES","og_type":"article","og_title":"Estatutos comentados de la SSVP (5. De la Secci\u00f3n Permanente\/Consejo de Administraci\u00f3n) - Somos Vicencianos","og_description":"5. De la Secci\u00f3n Permanente\/Consejo de Administraci\u00f3n 5.1 De su sede y convocatoria En la sede del Consejo General de la Confederaci\u00f3n Internacional, estar\u00e1 constituida una Secci\u00f3n Permanente bajo la Presidencia del Presidente General. Puede ... Read More","og_url":"https:\/\/vincentians.com\/es\/estatutos-comentados-de-la-ssvp-5-de-la-seccion-permanenteconsejo-de-administracion\/","og_site_name":"Somos Vicencianos","article_publisher":"https:\/\/www.facebook.com\/WeAreVincentians\/","article_author":"https:\/\/www.facebook.com\/JavierChento","article_published_time":"2015-02-13T02:00:27+00:00","author":"Francisco Javier Fern\u00e1ndez Chento","twitter_card":"summary_large_image","twitter_creator":"@https:\/\/twitter.com\/javierchento","twitter_site":"@WeVincentians","twitter_misc":{"Escrito por":"Francisco Javier Fern\u00e1ndez Chento","Tiempo de lectura":"5 minutos"},"schema":{"@context":"https:\/\/schema.org","@graph":[{"@type":"Article","@id":"https:\/\/vincentians.com\/es\/estatutos-comentados-de-la-ssvp-5-de-la-seccion-permanenteconsejo-de-administracion\/#article","isPartOf":{"@id":"https:\/\/vincentians.com\/es\/estatutos-comentados-de-la-ssvp-5-de-la-seccion-permanenteconsejo-de-administracion\/"},"author":{"name":"Francisco Javier Fern\u00e1ndez Chento","@id":"http:\/\/vincentians.com\/es\/#\/schema\/person\/9623ef4d9aa3b2dfb8c061f1499288f2"},"headline":"Estatutos comentados de la SSVP (5. De la Secci\u00f3n Permanente\/Consejo de Administraci\u00f3n)","datePublished":"2015-02-13T02:00:27+00:00","mainEntityOfPage":{"@id":"https:\/\/vincentians.com\/es\/estatutos-comentados-de-la-ssvp-5-de-la-seccion-permanenteconsejo-de-administracion\/"},"wordCount":1027,"commentCount":0,"publisher":{"@id":"http:\/\/vincentians.com\/es\/#organization"},"image":{"@id":"https:\/\/vincentians.com\/es\/estatutos-comentados-de-la-ssvp-5-de-la-seccion-permanenteconsejo-de-administracion\/#primaryimage"},"thumbnailUrl":"","articleSection":["Documentos de la Sociedad de San Vicente de Pa\u00fal"],"inLanguage":"es","potentialAction":[{"@type":"CommentAction","name":"Comment","target":["https:\/\/vincentians.com\/es\/estatutos-comentados-de-la-ssvp-5-de-la-seccion-permanenteconsejo-de-administracion\/#respond"]}]},{"@type":"WebPage","@id":"https:\/\/vincentians.com\/es\/estatutos-comentados-de-la-ssvp-5-de-la-seccion-permanenteconsejo-de-administracion\/","url":"https:\/\/vincentians.com\/es\/estatutos-comentados-de-la-ssvp-5-de-la-seccion-permanenteconsejo-de-administracion\/","name":"Estatutos comentados de la SSVP (5. De la Secci\u00f3n Permanente\/Consejo de Administraci\u00f3n) - Somos Vicencianos","isPartOf":{"@id":"http:\/\/vincentians.com\/es\/#website"},"primaryImageOfPage":{"@id":"https:\/\/vincentians.com\/es\/estatutos-comentados-de-la-ssvp-5-de-la-seccion-permanenteconsejo-de-administracion\/#primaryimage"},"image":{"@id":"https:\/\/vincentians.com\/es\/estatutos-comentados-de-la-ssvp-5-de-la-seccion-permanenteconsejo-de-administracion\/#primaryimage"},"thumbnailUrl":"","datePublished":"2015-02-13T02:00:27+00:00","breadcrumb":{"@id":"https:\/\/vincentians.com\/es\/estatutos-comentados-de-la-ssvp-5-de-la-seccion-permanenteconsejo-de-administracion\/#breadcrumb"},"inLanguage":"es","potentialAction":[{"@type":"ReadAction","target":["https:\/\/vincentians.com\/es\/estatutos-comentados-de-la-ssvp-5-de-la-seccion-permanenteconsejo-de-administracion\/"]}]},{"@type":"ImageObject","inLanguage":"es","@id":"https:\/\/vincentians.com\/es\/estatutos-comentados-de-la-ssvp-5-de-la-seccion-permanenteconsejo-de-administracion\/#primaryimage","url":"","contentUrl":""},{"@type":"BreadcrumbList","@id":"https:\/\/vincentians.com\/es\/estatutos-comentados-de-la-ssvp-5-de-la-seccion-permanenteconsejo-de-administracion\/#breadcrumb","itemListElement":[{"@type":"ListItem","position":1,"name":"Portada","item":"http:\/\/vincentians.com\/es\/"},{"@type":"ListItem","position":2,"name":"Estatutos comentados de la SSVP (5. De la Secci\u00f3n Permanente\/Consejo de Administraci\u00f3n)"}]},{"@type":"WebSite","@id":"http:\/\/vincentians.com\/es\/#website","url":"http:\/\/vincentians.com\/es\/","name":"Somos Vicencianos","description":"Know more to serve more","publisher":{"@id":"http:\/\/vincentians.com\/es\/#organization"},"potentialAction":[{"@type":"SearchAction","target":{"@type":"EntryPoint","urlTemplate":"http:\/\/vincentians.com\/es\/?s={search_term_string}"},"query-input":{"@type":"PropertyValueSpecification","valueRequired":true,"valueName":"search_term_string"}}],"inLanguage":"es"},{"@type":"Organization","@id":"http:\/\/vincentians.com\/es\/#organization","name":"The Vincentian Network","url":"http:\/\/vincentians.com\/es\/","logo":{"@type":"ImageObject","inLanguage":"es","@id":"http:\/\/vincentians.com\/es\/#\/schema\/logo\/image\/","url":"https:\/\/i1.wp.com\/vincentians.com\/es\/wp-content\/uploads\/sites\/11\/2016\/06\/Vincentian-Network-logo-big.png?fit=778%2C778","contentUrl":"https:\/\/i1.wp.com\/vincentians.com\/es\/wp-content\/uploads\/sites\/11\/2016\/06\/Vincentian-Network-logo-big.png?fit=778%2C778","width":778,"height":778,"caption":"The Vincentian Network"},"image":{"@id":"http:\/\/vincentians.com\/es\/#\/schema\/logo\/image\/"},"sameAs":["https:\/\/www.facebook.com\/WeAreVincentians\/","https:\/\/x.com\/WeVincentians"]},{"@type":"Person","@id":"http:\/\/vincentians.com\/es\/#\/schema\/person\/9623ef4d9aa3b2dfb8c061f1499288f2","name":"Francisco Javier Fern\u00e1ndez Chento","image":{"@type":"ImageObject","inLanguage":"es","@id":"http:\/\/vincentians.com\/es\/#\/schema\/person\/image\/","url":"https:\/\/secure.gravatar.com\/avatar\/497d5cde87b4c3d097d0315953521681ba2cd523ee66e5077c3711f7021e65de?s=96&d=mm&r=g","contentUrl":"https:\/\/secure.gravatar.com\/avatar\/497d5cde87b4c3d097d0315953521681ba2cd523ee66e5077c3711f7021e65de?s=96&d=mm&r=g","caption":"Francisco Javier Fern\u00e1ndez Chento"},"description":"Director General y cofundador de La Red de Formaci\u00f3n Vicenciana. Javier es laico vicenciano, afiliado a la Congregaci\u00f3n de la Misi\u00f3n y miembro del Equipo de Misiones Populares de la provincia can\u00f3nica de Zaragoza (Espa\u00f1a) de la Congregaci\u00f3n de la Misi\u00f3n. Graduado en la Universidad Oberta de Catalunya con cuatro grados (Asistente de direcci\u00f3n, Gesti\u00f3n Administrativa, Recursos Humanos y Contabilidad Avanzada). Bil\u00edng\u00fce Espa\u00f1ol\/Ingl\u00e9s. gestiona y mantiene varias p\u00e1ginas web cristianas y vicencianas, incluida including La Red de Formaci\u00f3n Vicenciana, de la que es cofundador. Actualmente es responsable del \u00e1rea de Espa\u00f1ol de .famvin, la Red de Noticias de la Familia Vicenciana. Tambi\u00e9n es m\u00fasico cat\u00f3lico y ha editado varios discos. Es Director General y cofundador de Trovador, una reconocida compa\u00f1\u00eda discogr\u00e1fica critiana de Espa\u00f1a. Trabaja en las Tecnolog\u00edas de la Informaci\u00f3n, ofreciendo servicios de alojamiento, dise\u00f1o y mantenimiento Web, as\u00ed como asesoramiento, formaci\u00f3n y soluciones inform\u00e1ticas, gesti\u00f3n documental y digitalizaci\u00f3n de textos, edici\u00f3n y maquetaci\u00f3n de libros, revistas, flyers, etc.","sameAs":["http:\/\/chento.org","https:\/\/www.facebook.com\/JavierChento","https:\/\/x.com\/https:\/\/twitter.com\/javierchento"],"url":"https:\/\/vincentians.com\/es\/author\/chento\/"}]}},"jetpack_publicize_connections":[],"jetpack_featured_media_url":"","jetpack_sharing_enabled":true,"jetpack_shortlink":"https:\/\/wp.me\/p7ETMF-dHQ","jetpack-related-posts":[{"id":52691,"url":"https:\/\/vincentians.com\/es\/estatutos-comentados-de-la-ssvp-6-de-las-instituciones-agregaciones-y-disoluciones\/","url_meta":{"origin":52690,"position":0},"title":"Estatutos comentados de la SSVP (6. De las Instituciones, Agregaciones y disoluciones)","author":"Francisco Javier Fern\u00e1ndez Chento","date":"15\/02\/2015","format":false,"excerpt":"6. De las Instituciones, Agregaciones y disoluciones 6.1 De la capacidad para agregar e instituir S\u00f3lo el Consejo General tiene facultad, despu\u00e9s de consultar a los Consejos Superiores, Asimilados o Asociados, para Instituir nuevos Consejos y para Agregar nuevas Conferencias a la Sociedad. Comentario.- Tradicionalmente, la plenitud jur\u00eddica de pertenencia\u2026","rel":"","context":"En \u00abDocumentos de la Sociedad de San Vicente de Pa\u00fal\u00bb","block_context":{"text":"Documentos de la Sociedad de San Vicente de Pa\u00fal","link":"https:\/\/vincentians.com\/es\/category\/formacion-vicenciana\/documentos-oficiales-de-la-familia-vicenciana\/documentos-de-la-sociedad-de-san-vicente-de-paul\/"},"img":{"alt_text":"","src":"https:\/\/i0.wp.com\/vicencianos.org\/wp-content\/2011\/10\/logo_ssvp.jpg?resize=350%2C200","width":350,"height":200},"classes":[]},{"id":52681,"url":"https:\/\/vincentians.com\/es\/estatutos-comentados-de-la-ssvp-1-de-la-confederacion-sede-y-miembros\/","url_meta":{"origin":52690,"position":1},"title":"Estatutos comentados de la SSVP (1. De la Confederaci\u00f3n, sede y miembros)","author":"Francisco Javier Fern\u00e1ndez Chento","date":"09\/02\/2015","format":false,"excerpt":"1. De la Confederaci\u00f3n, sede y miembros 1.1 De la Confederaci\u00f3n A nivel internacional, la Sociedad de San Vicente de Pa\u00fal, se une en su espiritualidad y en su gesti\u00f3n a trav\u00e9s de una Confederaci\u00f3n Internacional de la Sociedad de San Vicente de Pa\u00fal, (de ahora en adelante referida como\u2026","rel":"","context":"En \u00abDocumentos de la Sociedad de San Vicente de Pa\u00fal\u00bb","block_context":{"text":"Documentos de la Sociedad de San Vicente de Pa\u00fal","link":"https:\/\/vincentians.com\/es\/category\/formacion-vicenciana\/documentos-oficiales-de-la-familia-vicenciana\/documentos-de-la-sociedad-de-san-vicente-de-paul\/"},"img":{"alt_text":"","src":"https:\/\/i0.wp.com\/vicencianos.org\/wp-content\/2011\/10\/logo_ssvp.jpg?resize=350%2C200","width":350,"height":200},"classes":[]},{"id":52688,"url":"https:\/\/vincentians.com\/es\/estatutos-comentados-de-la-ssvp-3-del-presidente-general-de-la-mesa-del-consejo-general-y-estructura-de-servicio-internacional\/","url_meta":{"origin":52690,"position":2},"title":"Estatutos comentados de la SSVP (3. Del Presidente General, de la Mesa del Consejo General y Estructura de servicio internacional)","author":"Francisco Javier Fern\u00e1ndez Chento","date":"11\/02\/2015","format":false,"excerpt":"3. Del Presidente General, de la Mesa del Consejo General y Estructura de servicio internacional 3.1 Del Presidente General El Presidente de la Confederaci\u00f3n de la Sociedad de San Vicente de Pa\u00fal y de su Consejo General, representa a la Sociedad ante la Santa Sede y ante todos los organismos\u2026","rel":"","context":"En \u00abDocumentos de la Sociedad de San Vicente de Pa\u00fal\u00bb","block_context":{"text":"Documentos de la Sociedad de San Vicente de Pa\u00fal","link":"https:\/\/vincentians.com\/es\/category\/formacion-vicenciana\/documentos-oficiales-de-la-familia-vicenciana\/documentos-de-la-sociedad-de-san-vicente-de-paul\/"},"img":{"alt_text":"","src":"https:\/\/i0.wp.com\/vicencianos.org\/wp-content\/2011\/10\/logo_ssvp.jpg?resize=350%2C200","width":350,"height":200},"classes":[]},{"id":124169,"url":"https:\/\/vincentians.com\/es\/reflexiones-sobre-la-ssvdp\/","url_meta":{"origin":52690,"position":3},"title":"Reflexiones sobre la SSVdP","author":"Francisco Javier Fern\u00e1ndez Chento","date":"19\/02\/2023","format":false,"excerpt":"\u00bfFundador? \u00bfFundadores? \u00bfEtapa Fundacional cole\u00adgiada? En 1.856, tres a\u00f1os despu\u00e9s de la muerte de Federico Oza\u00adnam, primero que fallece de entre los miembros reconoci\u00addos como Fundadores, se inicia una discusi\u00f3n que, a pesar del tiempo transcurrido, contin\u00faa vigente en nuestros d\u00edas aunque con mucha menor intensidad: es la duda en\u2026","rel":"","context":"En \u00abHistoria de la Sociedad de san Vicente de Pa\u00fal\u00bb","block_context":{"text":"Historia de la Sociedad de san Vicente de Pa\u00fal","link":"https:\/\/vincentians.com\/es\/category\/historia-de-la-familia-vicenciana\/historia-de-la-sociedad-de-san-vicente-de-paul\/"},"img":{"alt_text":"","src":"https:\/\/i0.wp.com\/vincentians.com\/es\/wp-content\/uploads\/sites\/11\/2021\/11\/Masarnau-4.jpg?fit=1200%2C630&ssl=1&resize=350%2C200","width":350,"height":200,"srcset":"https:\/\/i0.wp.com\/vincentians.com\/es\/wp-content\/uploads\/sites\/11\/2021\/11\/Masarnau-4.jpg?fit=1200%2C630&ssl=1&resize=350%2C200 1x, https:\/\/i0.wp.com\/vincentians.com\/es\/wp-content\/uploads\/sites\/11\/2021\/11\/Masarnau-4.jpg?fit=1200%2C630&ssl=1&resize=525%2C300 1.5x, https:\/\/i0.wp.com\/vincentians.com\/es\/wp-content\/uploads\/sites\/11\/2021\/11\/Masarnau-4.jpg?fit=1200%2C630&ssl=1&resize=700%2C400 2x, https:\/\/i0.wp.com\/vincentians.com\/es\/wp-content\/uploads\/sites\/11\/2021\/11\/Masarnau-4.jpg?fit=1200%2C630&ssl=1&resize=1050%2C600 3x"},"classes":[]},{"id":52689,"url":"https:\/\/vincentians.com\/es\/estatutos-comentados-de-la-ssvp-4-del-comite-ejecutivo-internacional\/","url_meta":{"origin":52690,"position":4},"title":"Estatutos comentados de la SSVP (4. Del Comit\u00e9 Ejecutivo Internacional)","author":"Francisco Javier Fern\u00e1ndez Chento","date":"12\/02\/2015","format":false,"excerpt":"4. Del Comit\u00e9 Ejecutivo Internacional 4.1 De la misi\u00f3n del Comit\u00e9 El Comit\u00e9 Ejecutivo Internacional de la Confederaci\u00f3n, (en adelante el Comit\u00e9), tendr\u00e1 la misi\u00f3n de coordinar la estrategia internacional de la Sociedad en los espacios temporales existentes entre las reuniones de las Asambleas del Consejo General con especial atenci\u00f3n\u2026","rel":"","context":"En \u00abDocumentos de la Sociedad de San Vicente de Pa\u00fal\u00bb","block_context":{"text":"Documentos de la Sociedad de San Vicente de Pa\u00fal","link":"https:\/\/vincentians.com\/es\/category\/formacion-vicenciana\/documentos-oficiales-de-la-familia-vicenciana\/documentos-de-la-sociedad-de-san-vicente-de-paul\/"},"img":{"alt_text":"","src":"https:\/\/i0.wp.com\/vicencianos.org\/wp-content\/2011\/10\/logo_ssvp.jpg?resize=350%2C200","width":350,"height":200},"classes":[]},{"id":398637,"url":"https:\/\/vincentians.com\/es\/aportacion-del-carisma-vicenciano-la-mision-la-iglesia-1\/","url_meta":{"origin":52690,"position":5},"title":"Aportaci\u00f3n del carisma vicenciano a la Misi\u00f3n de la Iglesia (1)","author":"Francisco Javier Fern\u00e1ndez Chento","date":"04\/08\/2016","format":false,"excerpt":"Introducci\u00f3n: Al reflexionar sobre la aportaci\u00f3n del carisma vicenciano a la Misi\u00f3n de la Iglesia, me parece necesario formular previamente algunas precisiones. 1.- Cuando hablamos de carisma vicenciano, nos referimos al don del Esp\u00edritu suscitado por Dios en su Iglesia en las personas de Vicente de Pa\u00fal y de Luisa\u2026","rel":"","context":"En \u00abFormaci\u00f3n Vicenciana\u00bb","block_context":{"text":"Formaci\u00f3n Vicenciana","link":"https:\/\/vincentians.com\/es\/category\/formacion-vicenciana\/"},"img":{"alt_text":"","src":"https:\/\/i0.wp.com\/vincentians.com\/es\/wp-content\/uploads\/sites\/11\/2016\/06\/contributions-charism.jpg?fit=1200%2C630&ssl=1&resize=350%2C200","width":350,"height":200,"srcset":"https:\/\/i0.wp.com\/vincentians.com\/es\/wp-content\/uploads\/sites\/11\/2016\/06\/contributions-charism.jpg?fit=1200%2C630&ssl=1&resize=350%2C200 1x, https:\/\/i0.wp.com\/vincentians.com\/es\/wp-content\/uploads\/sites\/11\/2016\/06\/contributions-charism.jpg?fit=1200%2C630&ssl=1&resize=525%2C300 1.5x, https:\/\/i0.wp.com\/vincentians.com\/es\/wp-content\/uploads\/sites\/11\/2016\/06\/contributions-charism.jpg?fit=1200%2C630&ssl=1&resize=700%2C400 2x, https:\/\/i0.wp.com\/vincentians.com\/es\/wp-content\/uploads\/sites\/11\/2016\/06\/contributions-charism.jpg?fit=1200%2C630&ssl=1&resize=1050%2C600 3x"},"classes":[]}],"_links":{"self":[{"href":"https:\/\/vincentians.com\/es\/wp-json\/wp\/v2\/posts\/52690","targetHints":{"allow":["GET"]}}],"collection":[{"href":"https:\/\/vincentians.com\/es\/wp-json\/wp\/v2\/posts"}],"about":[{"href":"https:\/\/vincentians.com\/es\/wp-json\/wp\/v2\/types\/post"}],"author":[{"embeddable":true,"href":"https:\/\/vincentians.com\/es\/wp-json\/wp\/v2\/users\/4"}],"replies":[{"embeddable":true,"href":"https:\/\/vincentians.com\/es\/wp-json\/wp\/v2\/comments?post=52690"}],"version-history":[{"count":0,"href":"https:\/\/vincentians.com\/es\/wp-json\/wp\/v2\/posts\/52690\/revisions"}],"wp:featuredmedia":[{"embeddable":true,"href":"https:\/\/vincentians.com\/es\/wp-json\/"}],"wp:attachment":[{"href":"https:\/\/vincentians.com\/es\/wp-json\/wp\/v2\/media?parent=52690"}],"wp:term":[{"taxonomy":"category","embeddable":true,"href":"https:\/\/vincentians.com\/es\/wp-json\/wp\/v2\/categories?post=52690"},{"taxonomy":"post_tag","embeddable":true,"href":"https:\/\/vincentians.com\/es\/wp-json\/wp\/v2\/tags?post=52690"}],"curies":[{"name":"wp","href":"https:\/\/api.w.org\/{rel}","templated":true}]}}