{"id":52687,"date":"2015-02-10T02:30:27","date_gmt":"2015-02-10T01:30:27","guid":{"rendered":"http:\/\/somos.vicencianos.org\/blog\/2011\/10\/estatutos-comentados-de-la-sociedad-de-san-vicente-de-paul-2-de-la-asamblea-del-consejo-general\/"},"modified":"2015-02-10T02:30:27","modified_gmt":"2015-02-10T01:30:27","slug":"estatutos-comentados-de-la-ssvp-2-de-la-asamblea-del-consejo-general","status":"publish","type":"post","link":"https:\/\/vincentians.com\/es\/estatutos-comentados-de-la-ssvp-2-de-la-asamblea-del-consejo-general\/","title":{"rendered":"Estatutos comentados de la SSVP (2. De la Asamblea del Consejo General)"},"content":{"rendered":"<h2><strong>2. De la Asamblea del Consejo General<\/strong><\/h2>\n<h3><strong>2.1 De la Asamblea Gral. de la Confederaci\u00f3n<\/strong><\/h3>\n<p><a href=\"https:\/\/i0.wp.com\/vicencianos.org\/wp-content\/2011\/10\/logo_ssvp.jpg\"><img data-recalc-dims=\"1\" loading=\"lazy\" decoding=\"async\" class=\"alignright size-full wp-image-52683\" title=\"logo_ssvp\" src=\"https:\/\/i0.wp.com\/vicencianos.org\/wp-content\/2011\/10\/logo_ssvp.jpg?resize=224%2C282\" alt=\"\" width=\"224\" height=\"282\" \/><\/a>El m\u00e1ximo \u00f3rgano de la Confederaci\u00f3n es el Consejo General que se re\u00fane en Asamblea General de acuerdo a lo previsto en el art. 1.5 de estos Estatutos Internacionales.<\/p>\n<p>Cada Consejo Superior o Asimilado, miembro de derecho, representa un voto al igual que el Presidente General cuyo voto, en caso necesario, se considerar\u00e1 siempre de calidad.<\/p>\n<p style=\"padding-left: 30px\"><em>Comentario.- \u2018si se diera el caso\u2019 se refiere a una situaci\u00f3n de igualdad de votos a favor y en contra, en cuyo caso el voto del Presidente General determinar\u00e1 el resultado.<\/em><\/p>\n<p><strong>2.1.1 Qu\u00f3rum y votaci\u00f3n<\/strong><\/p>\n<p>Para que la Asamblea General pueda tomar v\u00e1lidamente los acuerdos, deber\u00e1n estar presentes o representados al menos el 30% de sus miembros de derecho. En caso de necesitar una segunda convocatoria, que se reunir\u00e1 al menos 24 horas m\u00e1s tarde, ser\u00e1 considerada v\u00e1lidamente reunida con cualquier porcentaje de los miembros presentes y representados. Para que una resoluci\u00f3n este v\u00e1lidamente tomada, se necesitar\u00e1 siempre la mayor\u00eda simple.<\/p>\n<p style=\"padding-left: 30px\"><em>Comentario.- \u00abMiembros de pleno derecho\u00bb son los \u2018miembros legales\u2019 a los que se refiere 1.6.<\/em><\/p>\n<p style=\"padding-left: 30px\"><em>\u00abal menos 30%\u00bb El esp\u00edritu fraterno y democr\u00e1tico de la Sociedad, nos llama a no ahorrar esfuerzos para animar y hacer financieramente posible que mucho m\u00e1s del<\/em><\/p>\n<p style=\"padding-left: 30px\"><em>30% de los miembros de pleno derecho asistan. Incluso los Presidentes de Consejos Asociados (sin voto). Siempre se har\u00e1 una llamada a los Consejos de los pa\u00edses m\u00e1s ricos para que sean generosos y suministren los fondos necesarios para asegurar la presencia de los m\u00e1s pobres.<\/em><\/p>\n<p style=\"padding-left: 30px\"><em>\u00absegunda convocatoria\u00bb \u2013 esta disposici\u00f3n excepcional elimina la posibilidad de una reuni\u00f3n costosa que no sea capaz de tomar decisiones.<\/em><\/p>\n<p style=\"padding-left: 30px\"><em>\u00abResoluciones\u00bb \u2013 las \u00fanicas resoluciones que requieren m\u00e1s de una mayor\u00eda simple son aquellas que se refieren a los cambios en la Regla y los Estatutos (ver art\u00edculo 7.3) y aquellas otras que puedan tratar sobre el cambio de la Sede Central internacional (ver art\u00edculo 1.3). Se recuerda que el art\u00edculo 1.11 establece aquellos con derecho a voz pero no a voto.<\/em><\/p>\n<h3><strong>2.2 De la periodicidad de las reuniones asamblearias<\/strong><\/h3>\n<p>El Consejo General constituido en Asamblea, se re\u00fane cada seis a\u00f1os ordinariamente.<\/p>\n<p><strong>2.2.1 De las Asambleas generales extraordinarias<\/strong><\/p>\n<p>El Presidente General, puede convocar Asambleas generales extraordinarias del Consejo General, cuando las circunstancias lo aconsejen.<\/p>\n<p>Tendr\u00e1 que convocarse una Asamblea General Extraordinaria cuando lo soliciten m\u00e1s del 50% de los miembros de derecho del Consejo General.<\/p>\n<p style=\"padding-left: 30px\"><em>Comentario.- Cualquier organizaci\u00f3n democr\u00e1tica debe prever la posibilidad de la convocatoria de una Asamblea Extraordinaria y el porcentaje necesario para poder hacerlo validamente.. Se debe considerar la inclusi\u00f3n de tal disposici\u00f3n, en los Estatutos Internos para Consejos Superiores, Asimilados o Asociados.<\/em><\/p>\n<h3><strong>2.3 De los Asistentes<\/strong><\/h3>\n<p>Tendr\u00e1n derecho a asistir a estas Asambleas, los representantes de los Consejos se\u00f1alados en el Art. 1.6 y los tambi\u00e9n se\u00f1alados en los art\u00edculos 1.10.1. y 1.10.2. y 1.10.3 de estos Estatutos Internacionales, cada uno con la capacidad que aquellos les otorgan.<\/p>\n<p style=\"padding-left: 30px\"><em>Comentario.- Los asistentes representan a los Consejos Superiores, Asimilados y Asociados, con la asistencia a\u00f1adida de los Consejeros Temporales y Misionales.<\/em><\/p>\n<h3><strong>2.4 Del orden del d\u00eda<\/strong><\/h3>\n<p>El orden del d\u00eda de la reuni\u00f3n y la convocatoria, los establece el Secretario General de acuerdo con el Presidente y teniendo en cuenta las posibles sugerencias de los miembros del Consejo a los que se remitir\u00e1.<\/p>\n<p style=\"padding-left: 30px\"><em>Comentario.- La gran extensi\u00f3n de las Conferencias a trav\u00e9s del mundo y la variedad de la problem\u00e1tica con la que se encuentra, debe tener presencia en sus temas m\u00e1s importantes, en cada Asamblea General para que sea real expresi\u00f3n de las preocupaciones de toda la Sociedad. Por ello, la necesidad de que el Secretario General de la Sociedad, escuche las sugerencias de los Consejos cara a la confecci\u00f3n del oportuno orden del d\u00eda.<\/em><\/p>\n<h3><strong>2.5 De las oraciones y meditaci\u00f3n<\/strong><\/h3>\n<p>Seg\u00fan la tradici\u00f3n, la reuni\u00f3n empieza y termina con una oraci\u00f3n. Una lectura espiritual o una meditaci\u00f3n, que puede dar lugar a un breve intercambio de opiniones, es presentada por el Asesor Religioso Internacional. Siempre se realiza la correspondiente colecta secreta entre los consocios asistentes.<\/p>\n<p style=\"padding-left: 30px\"><em>Comentario.- La Asamblea General del Consejo General, en su filosof\u00eda y actuaci\u00f3n, no difiere de la de cualquier Conferencia. Los miembros del Consejo se re\u00fanen como un grupo de amigos queridos que, viniendo de diferentes partes del mundo, forman un fraterno grupo que dedica espacios amplios de su reuni\u00f3n, a orar y meditar juntos. Son y forman parte de una gran Conferencia internacional y como en cualquier otra, la oraci\u00f3n es fundamental y la colecta signo de reparto y participaci\u00f3n.<\/em><\/p>\n","protected":false},"excerpt":{"rendered":"<p>2. De la Asamblea del Consejo General 2.1 De la Asamblea Gral. de la Confederaci\u00f3n El m\u00e1ximo \u00f3rgano de la Confederaci\u00f3n es el Consejo General que se re\u00fane en Asamblea General de acuerdo a lo &#8230; <a href=\"https:\/\/vincentians.com\/es\/estatutos-comentados-de-la-ssvp-2-de-la-asamblea-del-consejo-general\/\" class=\"more-link\">Read More<\/a><\/p>\n","protected":false},"author":4,"featured_media":133533,"comment_status":"open","ping_status":"open","sticky":false,"template":"","format":"standard","meta":{"jetpack_post_was_ever_published":false,"_jetpack_newsletter_access":"","_jetpack_dont_email_post_to_subs":false,"_jetpack_newsletter_tier_id":0,"_jetpack_memberships_contains_paywalled_content":false,"_jetpack_memberships_contains_paid_content":false,"footnotes":"","jetpack_publicize_message":"","jetpack_publicize_feature_enabled":true,"jetpack_social_post_already_shared":true,"jetpack_social_options":{"image_generator_settings":{"template":"highway","default_image_id":0,"font":"","enabled":false},"version":2}},"categories":[357],"tags":[],"class_list":["post-52687","post","type-post","status-publish","format-standard","has-post-thumbnail","hentry","category-documentos-de-la-sociedad-de-san-vicente-de-paul"],"yoast_head":"<!-- This site is optimized with the Yoast SEO plugin v26.3 - https:\/\/yoast.com\/wordpress\/plugins\/seo\/ -->\n<title>Estatutos comentados de la SSVP (2. De la Asamblea del Consejo General) - Somos Vicencianos<\/title>\n<meta name=\"robots\" content=\"index, follow, max-snippet:-1, max-image-preview:large, max-video-preview:-1\" \/>\n<link rel=\"canonical\" href=\"http:\/\/vincentians.com\/es\/estatutos-comentados-de-la-ssvp-2-de-la-asamblea-del-consejo-general\/\" \/>\n<meta property=\"og:locale\" content=\"es_ES\" \/>\n<meta property=\"og:type\" content=\"article\" \/>\n<meta property=\"og:title\" content=\"Estatutos comentados de la SSVP (2. De la Asamblea del Consejo General) - Somos Vicencianos\" \/>\n<meta property=\"og:description\" content=\"2. De la Asamblea del Consejo General 2.1 De la Asamblea Gral. de la Confederaci\u00f3n El m\u00e1ximo \u00f3rgano de la Confederaci\u00f3n es el Consejo General que se re\u00fane en Asamblea General de acuerdo a lo ... Read More\" \/>\n<meta property=\"og:url\" content=\"http:\/\/vincentians.com\/es\/estatutos-comentados-de-la-ssvp-2-de-la-asamblea-del-consejo-general\/\" \/>\n<meta property=\"og:site_name\" content=\"Somos Vicencianos\" \/>\n<meta property=\"article:publisher\" content=\"https:\/\/www.facebook.com\/WeAreVincentians\/\" \/>\n<meta property=\"article:author\" content=\"https:\/\/www.facebook.com\/JavierChento\" \/>\n<meta property=\"article:published_time\" content=\"2015-02-10T01:30:27+00:00\" \/>\n<meta name=\"author\" content=\"Francisco Javier Fern\u00e1ndez Chento\" \/>\n<meta name=\"twitter:card\" content=\"summary_large_image\" \/>\n<meta name=\"twitter:creator\" content=\"@https:\/\/twitter.com\/javierchento\" \/>\n<meta name=\"twitter:site\" content=\"@WeVincentians\" \/>\n<meta name=\"twitter:label1\" content=\"Escrito por\" \/>\n\t<meta name=\"twitter:data1\" content=\"Francisco Javier Fern\u00e1ndez Chento\" \/>\n\t<meta name=\"twitter:label2\" content=\"Tiempo de lectura\" \/>\n\t<meta name=\"twitter:data2\" content=\"4 minutos\" \/>\n<script type=\"application\/ld+json\" class=\"yoast-schema-graph\">{\"@context\":\"https:\/\/schema.org\",\"@graph\":[{\"@type\":\"Article\",\"@id\":\"http:\/\/vincentians.com\/es\/estatutos-comentados-de-la-ssvp-2-de-la-asamblea-del-consejo-general\/#article\",\"isPartOf\":{\"@id\":\"http:\/\/vincentians.com\/es\/estatutos-comentados-de-la-ssvp-2-de-la-asamblea-del-consejo-general\/\"},\"author\":{\"name\":\"Francisco Javier Fern\u00e1ndez Chento\",\"@id\":\"http:\/\/vincentians.com\/es\/#\/schema\/person\/9623ef4d9aa3b2dfb8c061f1499288f2\"},\"headline\":\"Estatutos comentados de la SSVP (2. De la Asamblea del Consejo General)\",\"datePublished\":\"2015-02-10T01:30:27+00:00\",\"mainEntityOfPage\":{\"@id\":\"http:\/\/vincentians.com\/es\/estatutos-comentados-de-la-ssvp-2-de-la-asamblea-del-consejo-general\/\"},\"wordCount\":814,\"commentCount\":0,\"publisher\":{\"@id\":\"http:\/\/vincentians.com\/es\/#organization\"},\"image\":{\"@id\":\"http:\/\/vincentians.com\/es\/estatutos-comentados-de-la-ssvp-2-de-la-asamblea-del-consejo-general\/#primaryimage\"},\"thumbnailUrl\":\"\",\"articleSection\":[\"Documentos de la Sociedad de San Vicente de Pa\u00fal\"],\"inLanguage\":\"es\",\"potentialAction\":[{\"@type\":\"CommentAction\",\"name\":\"Comment\",\"target\":[\"http:\/\/vincentians.com\/es\/estatutos-comentados-de-la-ssvp-2-de-la-asamblea-del-consejo-general\/#respond\"]}]},{\"@type\":\"WebPage\",\"@id\":\"http:\/\/vincentians.com\/es\/estatutos-comentados-de-la-ssvp-2-de-la-asamblea-del-consejo-general\/\",\"url\":\"http:\/\/vincentians.com\/es\/estatutos-comentados-de-la-ssvp-2-de-la-asamblea-del-consejo-general\/\",\"name\":\"Estatutos comentados de la SSVP (2. De la Asamblea del Consejo General) - Somos Vicencianos\",\"isPartOf\":{\"@id\":\"http:\/\/vincentians.com\/es\/#website\"},\"primaryImageOfPage\":{\"@id\":\"http:\/\/vincentians.com\/es\/estatutos-comentados-de-la-ssvp-2-de-la-asamblea-del-consejo-general\/#primaryimage\"},\"image\":{\"@id\":\"http:\/\/vincentians.com\/es\/estatutos-comentados-de-la-ssvp-2-de-la-asamblea-del-consejo-general\/#primaryimage\"},\"thumbnailUrl\":\"\",\"datePublished\":\"2015-02-10T01:30:27+00:00\",\"breadcrumb\":{\"@id\":\"http:\/\/vincentians.com\/es\/estatutos-comentados-de-la-ssvp-2-de-la-asamblea-del-consejo-general\/#breadcrumb\"},\"inLanguage\":\"es\",\"potentialAction\":[{\"@type\":\"ReadAction\",\"target\":[\"http:\/\/vincentians.com\/es\/estatutos-comentados-de-la-ssvp-2-de-la-asamblea-del-consejo-general\/\"]}]},{\"@type\":\"ImageObject\",\"inLanguage\":\"es\",\"@id\":\"http:\/\/vincentians.com\/es\/estatutos-comentados-de-la-ssvp-2-de-la-asamblea-del-consejo-general\/#primaryimage\",\"url\":\"\",\"contentUrl\":\"\"},{\"@type\":\"BreadcrumbList\",\"@id\":\"http:\/\/vincentians.com\/es\/estatutos-comentados-de-la-ssvp-2-de-la-asamblea-del-consejo-general\/#breadcrumb\",\"itemListElement\":[{\"@type\":\"ListItem\",\"position\":1,\"name\":\"Portada\",\"item\":\"http:\/\/vincentians.com\/es\/\"},{\"@type\":\"ListItem\",\"position\":2,\"name\":\"Estatutos comentados de la SSVP (2. De la Asamblea del Consejo General)\"}]},{\"@type\":\"WebSite\",\"@id\":\"http:\/\/vincentians.com\/es\/#website\",\"url\":\"http:\/\/vincentians.com\/es\/\",\"name\":\"Somos Vicencianos\",\"description\":\"Know more to serve more\",\"publisher\":{\"@id\":\"http:\/\/vincentians.com\/es\/#organization\"},\"potentialAction\":[{\"@type\":\"SearchAction\",\"target\":{\"@type\":\"EntryPoint\",\"urlTemplate\":\"http:\/\/vincentians.com\/es\/?s={search_term_string}\"},\"query-input\":{\"@type\":\"PropertyValueSpecification\",\"valueRequired\":true,\"valueName\":\"search_term_string\"}}],\"inLanguage\":\"es\"},{\"@type\":\"Organization\",\"@id\":\"http:\/\/vincentians.com\/es\/#organization\",\"name\":\"The Vincentian Network\",\"url\":\"http:\/\/vincentians.com\/es\/\",\"logo\":{\"@type\":\"ImageObject\",\"inLanguage\":\"es\",\"@id\":\"http:\/\/vincentians.com\/es\/#\/schema\/logo\/image\/\",\"url\":\"https:\/\/i1.wp.com\/vincentians.com\/es\/wp-content\/uploads\/sites\/11\/2016\/06\/Vincentian-Network-logo-big.png?fit=778%2C778\",\"contentUrl\":\"https:\/\/i1.wp.com\/vincentians.com\/es\/wp-content\/uploads\/sites\/11\/2016\/06\/Vincentian-Network-logo-big.png?fit=778%2C778\",\"width\":778,\"height\":778,\"caption\":\"The Vincentian Network\"},\"image\":{\"@id\":\"http:\/\/vincentians.com\/es\/#\/schema\/logo\/image\/\"},\"sameAs\":[\"https:\/\/www.facebook.com\/WeAreVincentians\/\",\"https:\/\/x.com\/WeVincentians\"]},{\"@type\":\"Person\",\"@id\":\"http:\/\/vincentians.com\/es\/#\/schema\/person\/9623ef4d9aa3b2dfb8c061f1499288f2\",\"name\":\"Francisco Javier Fern\u00e1ndez Chento\",\"image\":{\"@type\":\"ImageObject\",\"inLanguage\":\"es\",\"@id\":\"http:\/\/vincentians.com\/es\/#\/schema\/person\/image\/\",\"url\":\"https:\/\/secure.gravatar.com\/avatar\/497d5cde87b4c3d097d0315953521681ba2cd523ee66e5077c3711f7021e65de?s=96&d=mm&r=g\",\"contentUrl\":\"https:\/\/secure.gravatar.com\/avatar\/497d5cde87b4c3d097d0315953521681ba2cd523ee66e5077c3711f7021e65de?s=96&d=mm&r=g\",\"caption\":\"Francisco Javier Fern\u00e1ndez Chento\"},\"description\":\"Director General y cofundador de La Red de Formaci\u00f3n Vicenciana. Javier es laico vicenciano, afiliado a la Congregaci\u00f3n de la Misi\u00f3n y miembro del Equipo de Misiones Populares de la provincia can\u00f3nica de Zaragoza (Espa\u00f1a) de la Congregaci\u00f3n de la Misi\u00f3n. Graduado en la Universidad Oberta de Catalunya con cuatro grados (Asistente de direcci\u00f3n, Gesti\u00f3n Administrativa, Recursos Humanos y Contabilidad Avanzada). Bil\u00edng\u00fce Espa\u00f1ol\/Ingl\u00e9s. gestiona y mantiene varias p\u00e1ginas web cristianas y vicencianas, incluida including La Red de Formaci\u00f3n Vicenciana, de la que es cofundador. Actualmente es responsable del \u00e1rea de Espa\u00f1ol de .famvin, la Red de Noticias de la Familia Vicenciana. Tambi\u00e9n es m\u00fasico cat\u00f3lico y ha editado varios discos. Es Director General y cofundador de Trovador, una reconocida compa\u00f1\u00eda discogr\u00e1fica critiana de Espa\u00f1a. Trabaja en las Tecnolog\u00edas de la Informaci\u00f3n, ofreciendo servicios de alojamiento, dise\u00f1o y mantenimiento Web, as\u00ed como asesoramiento, formaci\u00f3n y soluciones inform\u00e1ticas, gesti\u00f3n documental y digitalizaci\u00f3n de textos, edici\u00f3n y maquetaci\u00f3n de libros, revistas, flyers, etc.\",\"sameAs\":[\"http:\/\/chento.org\",\"https:\/\/www.facebook.com\/JavierChento\",\"https:\/\/x.com\/https:\/\/twitter.com\/javierchento\"],\"url\":\"https:\/\/vincentians.com\/es\/author\/chento\/\"}]}<\/script>\n<!-- \/ Yoast SEO plugin. -->","yoast_head_json":{"title":"Estatutos comentados de la SSVP (2. De la Asamblea del Consejo General) - Somos Vicencianos","robots":{"index":"index","follow":"follow","max-snippet":"max-snippet:-1","max-image-preview":"max-image-preview:large","max-video-preview":"max-video-preview:-1"},"canonical":"http:\/\/vincentians.com\/es\/estatutos-comentados-de-la-ssvp-2-de-la-asamblea-del-consejo-general\/","og_locale":"es_ES","og_type":"article","og_title":"Estatutos comentados de la SSVP (2. De la Asamblea del Consejo General) - Somos Vicencianos","og_description":"2. De la Asamblea del Consejo General 2.1 De la Asamblea Gral. de la Confederaci\u00f3n El m\u00e1ximo \u00f3rgano de la Confederaci\u00f3n es el Consejo General que se re\u00fane en Asamblea General de acuerdo a lo ... Read More","og_url":"http:\/\/vincentians.com\/es\/estatutos-comentados-de-la-ssvp-2-de-la-asamblea-del-consejo-general\/","og_site_name":"Somos Vicencianos","article_publisher":"https:\/\/www.facebook.com\/WeAreVincentians\/","article_author":"https:\/\/www.facebook.com\/JavierChento","article_published_time":"2015-02-10T01:30:27+00:00","author":"Francisco Javier Fern\u00e1ndez Chento","twitter_card":"summary_large_image","twitter_creator":"@https:\/\/twitter.com\/javierchento","twitter_site":"@WeVincentians","twitter_misc":{"Escrito por":"Francisco Javier Fern\u00e1ndez Chento","Tiempo de lectura":"4 minutos"},"schema":{"@context":"https:\/\/schema.org","@graph":[{"@type":"Article","@id":"http:\/\/vincentians.com\/es\/estatutos-comentados-de-la-ssvp-2-de-la-asamblea-del-consejo-general\/#article","isPartOf":{"@id":"http:\/\/vincentians.com\/es\/estatutos-comentados-de-la-ssvp-2-de-la-asamblea-del-consejo-general\/"},"author":{"name":"Francisco Javier Fern\u00e1ndez Chento","@id":"http:\/\/vincentians.com\/es\/#\/schema\/person\/9623ef4d9aa3b2dfb8c061f1499288f2"},"headline":"Estatutos comentados de la SSVP (2. De la Asamblea del Consejo General)","datePublished":"2015-02-10T01:30:27+00:00","mainEntityOfPage":{"@id":"http:\/\/vincentians.com\/es\/estatutos-comentados-de-la-ssvp-2-de-la-asamblea-del-consejo-general\/"},"wordCount":814,"commentCount":0,"publisher":{"@id":"http:\/\/vincentians.com\/es\/#organization"},"image":{"@id":"http:\/\/vincentians.com\/es\/estatutos-comentados-de-la-ssvp-2-de-la-asamblea-del-consejo-general\/#primaryimage"},"thumbnailUrl":"","articleSection":["Documentos de la Sociedad de San Vicente de Pa\u00fal"],"inLanguage":"es","potentialAction":[{"@type":"CommentAction","name":"Comment","target":["http:\/\/vincentians.com\/es\/estatutos-comentados-de-la-ssvp-2-de-la-asamblea-del-consejo-general\/#respond"]}]},{"@type":"WebPage","@id":"http:\/\/vincentians.com\/es\/estatutos-comentados-de-la-ssvp-2-de-la-asamblea-del-consejo-general\/","url":"http:\/\/vincentians.com\/es\/estatutos-comentados-de-la-ssvp-2-de-la-asamblea-del-consejo-general\/","name":"Estatutos comentados de la SSVP (2. De la Asamblea del Consejo General) - Somos Vicencianos","isPartOf":{"@id":"http:\/\/vincentians.com\/es\/#website"},"primaryImageOfPage":{"@id":"http:\/\/vincentians.com\/es\/estatutos-comentados-de-la-ssvp-2-de-la-asamblea-del-consejo-general\/#primaryimage"},"image":{"@id":"http:\/\/vincentians.com\/es\/estatutos-comentados-de-la-ssvp-2-de-la-asamblea-del-consejo-general\/#primaryimage"},"thumbnailUrl":"","datePublished":"2015-02-10T01:30:27+00:00","breadcrumb":{"@id":"http:\/\/vincentians.com\/es\/estatutos-comentados-de-la-ssvp-2-de-la-asamblea-del-consejo-general\/#breadcrumb"},"inLanguage":"es","potentialAction":[{"@type":"ReadAction","target":["http:\/\/vincentians.com\/es\/estatutos-comentados-de-la-ssvp-2-de-la-asamblea-del-consejo-general\/"]}]},{"@type":"ImageObject","inLanguage":"es","@id":"http:\/\/vincentians.com\/es\/estatutos-comentados-de-la-ssvp-2-de-la-asamblea-del-consejo-general\/#primaryimage","url":"","contentUrl":""},{"@type":"BreadcrumbList","@id":"http:\/\/vincentians.com\/es\/estatutos-comentados-de-la-ssvp-2-de-la-asamblea-del-consejo-general\/#breadcrumb","itemListElement":[{"@type":"ListItem","position":1,"name":"Portada","item":"http:\/\/vincentians.com\/es\/"},{"@type":"ListItem","position":2,"name":"Estatutos comentados de la SSVP (2. De la Asamblea del Consejo General)"}]},{"@type":"WebSite","@id":"http:\/\/vincentians.com\/es\/#website","url":"http:\/\/vincentians.com\/es\/","name":"Somos Vicencianos","description":"Know more to serve more","publisher":{"@id":"http:\/\/vincentians.com\/es\/#organization"},"potentialAction":[{"@type":"SearchAction","target":{"@type":"EntryPoint","urlTemplate":"http:\/\/vincentians.com\/es\/?s={search_term_string}"},"query-input":{"@type":"PropertyValueSpecification","valueRequired":true,"valueName":"search_term_string"}}],"inLanguage":"es"},{"@type":"Organization","@id":"http:\/\/vincentians.com\/es\/#organization","name":"The Vincentian Network","url":"http:\/\/vincentians.com\/es\/","logo":{"@type":"ImageObject","inLanguage":"es","@id":"http:\/\/vincentians.com\/es\/#\/schema\/logo\/image\/","url":"https:\/\/i1.wp.com\/vincentians.com\/es\/wp-content\/uploads\/sites\/11\/2016\/06\/Vincentian-Network-logo-big.png?fit=778%2C778","contentUrl":"https:\/\/i1.wp.com\/vincentians.com\/es\/wp-content\/uploads\/sites\/11\/2016\/06\/Vincentian-Network-logo-big.png?fit=778%2C778","width":778,"height":778,"caption":"The Vincentian Network"},"image":{"@id":"http:\/\/vincentians.com\/es\/#\/schema\/logo\/image\/"},"sameAs":["https:\/\/www.facebook.com\/WeAreVincentians\/","https:\/\/x.com\/WeVincentians"]},{"@type":"Person","@id":"http:\/\/vincentians.com\/es\/#\/schema\/person\/9623ef4d9aa3b2dfb8c061f1499288f2","name":"Francisco Javier Fern\u00e1ndez Chento","image":{"@type":"ImageObject","inLanguage":"es","@id":"http:\/\/vincentians.com\/es\/#\/schema\/person\/image\/","url":"https:\/\/secure.gravatar.com\/avatar\/497d5cde87b4c3d097d0315953521681ba2cd523ee66e5077c3711f7021e65de?s=96&d=mm&r=g","contentUrl":"https:\/\/secure.gravatar.com\/avatar\/497d5cde87b4c3d097d0315953521681ba2cd523ee66e5077c3711f7021e65de?s=96&d=mm&r=g","caption":"Francisco Javier Fern\u00e1ndez Chento"},"description":"Director General y cofundador de La Red de Formaci\u00f3n Vicenciana. Javier es laico vicenciano, afiliado a la Congregaci\u00f3n de la Misi\u00f3n y miembro del Equipo de Misiones Populares de la provincia can\u00f3nica de Zaragoza (Espa\u00f1a) de la Congregaci\u00f3n de la Misi\u00f3n. Graduado en la Universidad Oberta de Catalunya con cuatro grados (Asistente de direcci\u00f3n, Gesti\u00f3n Administrativa, Recursos Humanos y Contabilidad Avanzada). Bil\u00edng\u00fce Espa\u00f1ol\/Ingl\u00e9s. gestiona y mantiene varias p\u00e1ginas web cristianas y vicencianas, incluida including La Red de Formaci\u00f3n Vicenciana, de la que es cofundador. Actualmente es responsable del \u00e1rea de Espa\u00f1ol de .famvin, la Red de Noticias de la Familia Vicenciana. Tambi\u00e9n es m\u00fasico cat\u00f3lico y ha editado varios discos. Es Director General y cofundador de Trovador, una reconocida compa\u00f1\u00eda discogr\u00e1fica critiana de Espa\u00f1a. Trabaja en las Tecnolog\u00edas de la Informaci\u00f3n, ofreciendo servicios de alojamiento, dise\u00f1o y mantenimiento Web, as\u00ed como asesoramiento, formaci\u00f3n y soluciones inform\u00e1ticas, gesti\u00f3n documental y digitalizaci\u00f3n de textos, edici\u00f3n y maquetaci\u00f3n de libros, revistas, flyers, etc.","sameAs":["http:\/\/chento.org","https:\/\/www.facebook.com\/JavierChento","https:\/\/x.com\/https:\/\/twitter.com\/javierchento"],"url":"https:\/\/vincentians.com\/es\/author\/chento\/"}]}},"jetpack_publicize_connections":[],"jetpack_featured_media_url":"","jetpack_sharing_enabled":true,"jetpack_shortlink":"https:\/\/wp.me\/p7ETMF-dHN","jetpack-related-posts":[{"id":52689,"url":"https:\/\/vincentians.com\/es\/estatutos-comentados-de-la-ssvp-4-del-comite-ejecutivo-internacional\/","url_meta":{"origin":52687,"position":0},"title":"Estatutos comentados de la SSVP (4. Del Comit\u00e9 Ejecutivo Internacional)","author":"Francisco Javier Fern\u00e1ndez Chento","date":"12\/02\/2015","format":false,"excerpt":"4. Del Comit\u00e9 Ejecutivo Internacional 4.1 De la misi\u00f3n del Comit\u00e9 El Comit\u00e9 Ejecutivo Internacional de la Confederaci\u00f3n, (en adelante el Comit\u00e9), tendr\u00e1 la misi\u00f3n de coordinar la estrategia internacional de la Sociedad en los espacios temporales existentes entre las reuniones de las Asambleas del Consejo General con especial atenci\u00f3n\u2026","rel":"","context":"En \u00abDocumentos de la Sociedad de San Vicente de Pa\u00fal\u00bb","block_context":{"text":"Documentos de la Sociedad de San Vicente de Pa\u00fal","link":"https:\/\/vincentians.com\/es\/category\/formacion-vicenciana\/documentos-oficiales-de-la-familia-vicenciana\/documentos-de-la-sociedad-de-san-vicente-de-paul\/"},"img":{"alt_text":"","src":"https:\/\/i0.wp.com\/vicencianos.org\/wp-content\/2011\/10\/logo_ssvp.jpg?resize=350%2C200","width":350,"height":200},"classes":[]},{"id":52681,"url":"https:\/\/vincentians.com\/es\/estatutos-comentados-de-la-ssvp-1-de-la-confederacion-sede-y-miembros\/","url_meta":{"origin":52687,"position":1},"title":"Estatutos comentados de la SSVP (1. De la Confederaci\u00f3n, sede y miembros)","author":"Francisco Javier Fern\u00e1ndez Chento","date":"09\/02\/2015","format":false,"excerpt":"1. De la Confederaci\u00f3n, sede y miembros 1.1 De la Confederaci\u00f3n A nivel internacional, la Sociedad de San Vicente de Pa\u00fal, se une en su espiritualidad y en su gesti\u00f3n a trav\u00e9s de una Confederaci\u00f3n Internacional de la Sociedad de San Vicente de Pa\u00fal, (de ahora en adelante referida como\u2026","rel":"","context":"En \u00abDocumentos de la Sociedad de San Vicente de Pa\u00fal\u00bb","block_context":{"text":"Documentos de la Sociedad de San Vicente de Pa\u00fal","link":"https:\/\/vincentians.com\/es\/category\/formacion-vicenciana\/documentos-oficiales-de-la-familia-vicenciana\/documentos-de-la-sociedad-de-san-vicente-de-paul\/"},"img":{"alt_text":"","src":"https:\/\/i0.wp.com\/vicencianos.org\/wp-content\/2011\/10\/logo_ssvp.jpg?resize=350%2C200","width":350,"height":200},"classes":[]},{"id":137107,"url":"https:\/\/vincentians.com\/es\/estatutos-de-aic-en-colombia\/","url_meta":{"origin":52687,"position":2},"title":"Estatutos de AIC en Colombia","author":"Francisco Javier Fern\u00e1ndez Chento","date":"01\/02\/2015","format":false,"excerpt":"CAPITULO I: NOMBRE, NATURALEZA, OBJETO, PATRIMONIO, DURACI\u00d3N Y DOMICILIO Art\u00edculo 1: NOMBRE. Organismo Nacional de Asociaciones Voluntarias Vicentinas de la Caridad que en adelante llevar\u00e1 el nombre de: FEDERACI\u00d3N NACIONAL DE VOLUNTARIADOS VICENTINOS DE LA CARIDAD A.I.C. COLOMBIA, se regir\u00e1 por estos estatutos y en lo no dispuesto en \u00e9l,\u2026","rel":"","context":"En \u00abDocumentos de Asociaci\u00f3n Internacional de Caridades\u00bb","block_context":{"text":"Documentos de Asociaci\u00f3n Internacional de Caridades","link":"https:\/\/vincentians.com\/es\/category\/formacion-vicenciana\/documentos-oficiales-de-la-familia-vicenciana\/documentos-de-asociacion-internacional-de-caridades\/"},"img":{"alt_text":"aic_colombia","src":"https:\/\/i0.wp.com\/vicencianos.org\/wp-content\/2014\/12\/aic_colombia-300x300.jpg?resize=350%2C200","width":350,"height":200},"classes":[]},{"id":52690,"url":"https:\/\/vincentians.com\/es\/estatutos-comentados-de-la-ssvp-5-de-la-seccion-permanenteconsejo-de-administracion\/","url_meta":{"origin":52687,"position":3},"title":"Estatutos comentados de la SSVP (5. De la Secci\u00f3n Permanente\/Consejo de Administraci\u00f3n)","author":"Francisco Javier Fern\u00e1ndez Chento","date":"13\/02\/2015","format":false,"excerpt":"5. De la Secci\u00f3n Permanente\/Consejo de Administraci\u00f3n 5.1 De su sede y convocatoria En la sede del Consejo General de la Confederaci\u00f3n Internacional, estar\u00e1 constituida una Secci\u00f3n Permanente bajo la Presidencia del Presidente General. Puede ser convocada en cualquier lugar del mundo, si las circunstancias lo aconsejan a juicio del\u2026","rel":"","context":"En \u00abDocumentos de la Sociedad de San Vicente de Pa\u00fal\u00bb","block_context":{"text":"Documentos de la Sociedad de San Vicente de Pa\u00fal","link":"https:\/\/vincentians.com\/es\/category\/formacion-vicenciana\/documentos-oficiales-de-la-familia-vicenciana\/documentos-de-la-sociedad-de-san-vicente-de-paul\/"},"img":{"alt_text":"","src":"https:\/\/i0.wp.com\/vicencianos.org\/wp-content\/2011\/10\/logo_ssvp.jpg?resize=350%2C200","width":350,"height":200},"classes":[]},{"id":52692,"url":"https:\/\/vincentians.com\/es\/estatutos-comentados-de-la-ssvp-7-de-las-enmiendas-e-interpretacion-de-la-regla-y-de-los-estatutos\/","url_meta":{"origin":52687,"position":4},"title":"Estatutos comentados de la SSVP (7. De las Enmiendas e interpretaci\u00f3n de la Regla y de los Estatutos)","author":"Francisco Javier Fern\u00e1ndez Chento","date":"16\/02\/2015","format":false,"excerpt":"7. De las Enmiendas e interpretaci\u00f3n de la Regla y de los Estatutos 7.1 De los procedimientos de reforma de la Regla y de los Estatutos Esta Regla y estos Estatutos, en sus tres Partes, podr\u00e1n ser modificados a trav\u00e9s de dos procedimientos. 7.1.1 Reforma general En primer lugar, de\u2026","rel":"","context":"En \u00abDocumentos de la Sociedad de San Vicente de Pa\u00fal\u00bb","block_context":{"text":"Documentos de la Sociedad de San Vicente de Pa\u00fal","link":"https:\/\/vincentians.com\/es\/category\/formacion-vicenciana\/documentos-oficiales-de-la-familia-vicenciana\/documentos-de-la-sociedad-de-san-vicente-de-paul\/"},"img":{"alt_text":"","src":"https:\/\/i0.wp.com\/vicencianos.org\/wp-content\/2011\/10\/logo_ssvp.jpg?resize=350%2C200","width":350,"height":200},"classes":[]},{"id":52688,"url":"https:\/\/vincentians.com\/es\/estatutos-comentados-de-la-ssvp-3-del-presidente-general-de-la-mesa-del-consejo-general-y-estructura-de-servicio-internacional\/","url_meta":{"origin":52687,"position":5},"title":"Estatutos comentados de la SSVP (3. Del Presidente General, de la Mesa del Consejo General y Estructura de servicio internacional)","author":"Francisco Javier Fern\u00e1ndez Chento","date":"11\/02\/2015","format":false,"excerpt":"3. Del Presidente General, de la Mesa del Consejo General y Estructura de servicio internacional 3.1 Del Presidente General El Presidente de la Confederaci\u00f3n de la Sociedad de San Vicente de Pa\u00fal y de su Consejo General, representa a la Sociedad ante la Santa Sede y ante todos los organismos\u2026","rel":"","context":"En \u00abDocumentos de la Sociedad de San Vicente de Pa\u00fal\u00bb","block_context":{"text":"Documentos de la Sociedad de San Vicente de Pa\u00fal","link":"https:\/\/vincentians.com\/es\/category\/formacion-vicenciana\/documentos-oficiales-de-la-familia-vicenciana\/documentos-de-la-sociedad-de-san-vicente-de-paul\/"},"img":{"alt_text":"","src":"https:\/\/i0.wp.com\/vicencianos.org\/wp-content\/2011\/10\/logo_ssvp.jpg?resize=350%2C200","width":350,"height":200},"classes":[]}],"_links":{"self":[{"href":"https:\/\/vincentians.com\/es\/wp-json\/wp\/v2\/posts\/52687","targetHints":{"allow":["GET"]}}],"collection":[{"href":"https:\/\/vincentians.com\/es\/wp-json\/wp\/v2\/posts"}],"about":[{"href":"https:\/\/vincentians.com\/es\/wp-json\/wp\/v2\/types\/post"}],"author":[{"embeddable":true,"href":"https:\/\/vincentians.com\/es\/wp-json\/wp\/v2\/users\/4"}],"replies":[{"embeddable":true,"href":"https:\/\/vincentians.com\/es\/wp-json\/wp\/v2\/comments?post=52687"}],"version-history":[{"count":0,"href":"https:\/\/vincentians.com\/es\/wp-json\/wp\/v2\/posts\/52687\/revisions"}],"wp:featuredmedia":[{"embeddable":true,"href":"https:\/\/vincentians.com\/es\/wp-json\/"}],"wp:attachment":[{"href":"https:\/\/vincentians.com\/es\/wp-json\/wp\/v2\/media?parent=52687"}],"wp:term":[{"taxonomy":"category","embeddable":true,"href":"https:\/\/vincentians.com\/es\/wp-json\/wp\/v2\/categories?post=52687"},{"taxonomy":"post_tag","embeddable":true,"href":"https:\/\/vincentians.com\/es\/wp-json\/wp\/v2\/tags?post=52687"}],"curies":[{"name":"wp","href":"https:\/\/api.w.org\/{rel}","templated":true}]}}