{"id":52681,"date":"2015-02-09T05:45:27","date_gmt":"2015-02-09T04:45:27","guid":{"rendered":"http:\/\/somos.vicencianos.org\/blog\/2011\/10\/estatutos-comentados-de-la-sociedad-de-san-vicente-de-paul-1-de-la-confederacion-sede-y-miembros\/"},"modified":"2015-02-09T05:45:27","modified_gmt":"2015-02-09T04:45:27","slug":"estatutos-comentados-de-la-ssvp-1-de-la-confederacion-sede-y-miembros","status":"publish","type":"post","link":"https:\/\/vincentians.com\/es\/estatutos-comentados-de-la-ssvp-1-de-la-confederacion-sede-y-miembros\/","title":{"rendered":"Estatutos comentados de la SSVP (1. De la Confederaci\u00f3n, sede y miembros)"},"content":{"rendered":"<h2><strong>1. De la Confederaci\u00f3n, sede y miembros<\/strong><\/h2>\n<h3><strong>1.1 De la Confederaci\u00f3n<\/strong><\/h3>\n<p><a href=\"https:\/\/i0.wp.com\/vicencianos.org\/wp-content\/2011\/10\/logo_ssvp.jpg\"><img data-recalc-dims=\"1\" loading=\"lazy\" decoding=\"async\" class=\"alignright size-full wp-image-52683\" title=\"logo_ssvp\" src=\"https:\/\/i0.wp.com\/vicencianos.org\/wp-content\/2011\/10\/logo_ssvp.jpg?resize=224%2C282\" alt=\"\" width=\"224\" height=\"282\" \/><\/a>A nivel internacional, la Sociedad de San Vicente de Pa\u00fal, se une en su espiritualidad y en su gesti\u00f3n a trav\u00e9s de una Confederaci\u00f3n Internacional de la Sociedad de San Vicente de Pa\u00fal, (de ahora en adelante referida como la Confederaci\u00f3n) y presidida por el Presidente General.<\/p>\n<p style=\"padding-left: 30px\"><em>Comentario.- Para que la Sociedad pueda establecer v\u00ednculos oficiales m\u00e1s efectivos con otras organizaciones y agencias nacionales e internacionales, incluidas las Naciones Unidas, la Sociedad se constituye legalmente al amparo del Derecho franc\u00e9s, en una Confederaci\u00f3n Internacional, cuyos miembros de derecho quedan definidos en el art\u00edculo 1.6 de estos Estatutos<\/em>.<span id='easy-footnote-1-52681' class='easy-footnote-margin-adjust'><\/span><span class='easy-footnote'><a href='https:\/\/vincentians.com\/es\/estatutos-comentados-de-la-ssvp-1-de-la-confederacion-sede-y-miembros\/#easy-footnote-bottom-1-52681' title='n\u00ba de registro: -1911.'><sup>1<\/sup><\/a><\/span><em> Es una Organizaci\u00f3n No Gubernamental (ONG).<\/em><\/p>\n<p style=\"padding-left: 30px\"><em>Aunque seg\u00fan lo indicado legalmente adoptamos la figura jur\u00eddica de la Confederaci\u00f3n Internacional, la Sociedad de San Vicente de Pa\u00fal sigue siendo en esencia, como lo ha sido siempre, una \u00fanica comunidad cristiana en todo el mundo, una familia espiritual. Por tanto, la frase \u00abSociedad de San Vicente de Pa\u00fal\u00bb debe ser normalmente utilizada en los comunicados de la Sociedad, a no ser que por necesidades de precisi\u00f3n legal sea necesario emplear el t\u00e9rmino de \u00abConfederaci\u00f3n Internacional\u00bb..<\/em><\/p>\n<h3><strong>1.2 Del nombre de la Sociedad<\/strong><\/h3>\n<p>La Confederaci\u00f3n Internacional de la Sociedad de San Vicente de Pa\u00fal es la \u00fanica propietaria del nombre de la Sociedad. \u00danicamente el Consejo General, en nombre de la Confederaci\u00f3n, puede autorizar o prohibir su uso.<\/p>\n<h3><strong>1.3 De la sede social internacional<\/strong><\/h3>\n<p>La Confederaci\u00f3n, tiene su sede social en Par\u00eds, Francia, ciudad en la que fue fundada la primera Conferencia.<\/p>\n<p>La sede social, puede ser transferida a cualquier otro lugar del mundo, por decisi\u00f3n de la Asamblea del Consejo General que resolver\u00e1 por mayor\u00eda de los votos de las dos terceras partes de los miembros presentes y representados.<\/p>\n<p>Para que tal decisi\u00f3n pueda ser v\u00e1lidamente tomada por la Asamblea, el punto deber\u00e1 contemplarse en el orden del d\u00eda previamente confeccionado y enviado a los miembros del Consejo General.<\/p>\n<p style=\"padding-left: 30px\"><em>Comentario.- En la anterior Regla, se admiti\u00f3 la posibilidad de trasladar la Sede Internacional a otro lugar. <\/em><em>Se necesitaba entonces como en el presente art\u00edculo, tambi\u00e9n una mayor\u00eda cualificada de dos tercios para que tal decisi\u00f3n de la Asamblea fuera v\u00e1lida. Esta previsi\u00f3n, reconoce que somos una Sociedad internacional y que un cambio de ubicaci\u00f3n de la administraci\u00f3n central pudiera ser deseable o necesario en un momento dado, bien a Roma o incluso a otro Continente. Bien entendido que la propuesta para realizar tal cambio se notificar\u00e1 a la Asamblea con varios meses de antelaci\u00f3n, junto con los detalles del coste implicado y de los beneficios previstos que justifiquen tal traslado.<\/em><\/p>\n<p style=\"padding-left: 30px\"><em>Sin embargo, Par\u00eds ser\u00e1 siempre reconocido como el principal punto de peregrinaci\u00f3n para los miembros de la Sociedad, con sus muchos lugares sagrados que tienen su sitio en la historia vicentina, y que incluyen los lugares donde tienen su descanso eterno el Beato Federico, San Vicente, Santa Luisa de Marillac y la Beata Rosalie Rendu, entre otros.<\/em><\/p>\n<p><strong>1.3.1 De otros Centros internacionales de la Confederaci\u00f3n<\/strong><\/p>\n<p>Podr\u00e1n establecerse otros Centros de trabajo en distintas ciudades del mundo.<\/p>\n<p style=\"padding-left: 30px\"><em>Comentario.- La enorme extensi\u00f3n y difusi\u00f3n de la Sociedad puede hacer necesaria la creaci\u00f3n de otras oficinas, dependiente del Consejo General, en cualquier lugar del mundo. <\/em><em>Tambi\u00e9n es probable que alg\u00fan Presidente General residente fuera de Paris, necesite de alg\u00fan personal auxiliar en su lugar de origen.<\/em><\/p>\n<h3><strong>1.4. Del idioma oficial<\/strong><\/h3>\n<p>En reconocimiento al nacimiento de la primera Conferencia de San Vicente de Pa\u00fal en Francia, el idioma oficial de la Confederaci\u00f3n es el franc\u00e9s. En esta lengua, estar\u00e1n redactados todos los documentos oficiales de la Confederaci\u00f3n.<\/p>\n<p style=\"padding-left: 30px\"><em>Comentario.- No implica que el primer borrador de un documento oficial deba ser en franc\u00e9s, puesto que es probable que se redacte en la lengua de la persona que comienza el proceso, que luego ser\u00e1 traducido al franc\u00e9s en caso de oficializarse<\/em><\/p>\n<p><strong>1.4.1 De otros idiomas co-oficiales<\/strong><\/p>\n<p>Ser\u00e1n considerados idiomas co-oficiales de la Confederaci\u00f3n el ingl\u00e9s, el espa\u00f1ol, el portugu\u00e9s y el chino. La Confederaci\u00f3n, asume el compromiso de mantener en todas las lenguas co-oficiales, la mayor\u00eda de los documentos de la misma.<\/p>\n<p style=\"padding-left: 30px\"><em>Comentario.- La publicaci\u00f3n en diversas lenguas, de documentos clave tales como la Regla y los Estatutos con los comentarios, abre interesantes posibilidades para la Sociedad.<\/em><\/p>\n<h3><strong>1.5 De la Asamblea del Consejo General<\/strong><\/h3>\n<p>El \u00f3rgano supremo democr\u00e1tico de la Confederaci\u00f3n, es el Consejo General reunido en Asamblea ordinaria o extraordinaria y presidida por el Presidente General.<\/p>\n<p style=\"padding-left: 30px\"><em>Comentario.- La Asamblea General ha desempe\u00f1ado esta funci\u00f3n desde los primeros d\u00edas de la Sociedad.<\/em><\/p>\n<h3><strong>1.6 De los miembros de derecho<\/strong><\/h3>\n<p>Cada Consejo Superior o Asimilado que se una regularmente a la Confederaci\u00f3n y reciba la correspondiente Instituci\u00f3n, ser\u00e1 miembro de derecho del Consejo General de la Confederaci\u00f3n.<\/p>\n<p>Deben estar regularmente constituidos al amparo de sus legislaciones nacionales, como Entidades civiles sin \u00e1nimo de lucro o similar y debidamente Instituidos por el Consejo General.<\/p>\n<p>A pesar de que en conformidad con nuestra tradici\u00f3n se prefiera la denominaci\u00f3n de Consejos Superiores que figura utilizada a todo lo largo del texto de los Estatutos, circunstancias especiales de legislaci\u00f3n o de otro tipo, podr\u00e1n hacer posible la utilizaci\u00f3n de la denominaci\u00f3n de Consejos Nacionales.<\/p>\n<p style=\"padding-left: 30px\"><em>Comentario.- La identificaci\u00f3n de los miembros de derecho definida, fue una condici\u00f3n necesaria para el establecimiento de la Sociedad como una entidad legal de Derecho franc\u00e9s, de manera que su estatuto legal fuera reconocido internacionalmente.<\/em><\/p>\n<p style=\"padding-left: 30px\"><em>Los Estatutos recuperan con el t\u00e9rmino Superior como denominaci\u00f3n, una antigua y venerable tradici\u00f3n. Efectivamente, desde los or\u00edgenes de la Sociedad, esta ha sido la denominaci\u00f3n utilizada para el Consejo de mayor representaci\u00f3n a nivel de cada pa\u00eds. Significa, como es natural, \u00abSuperior\u00bb en el servicio a cada uno de los Consocios, Conferencias y Consejos que tutele. Es por lo tanto, el obligado a un mayor servicio vicentino en cada naci\u00f3n.<\/em><\/p>\n<p style=\"padding-left: 30px\"><em>Su recuperaci\u00f3n, (la recuperaci\u00f3n del nombre de \u00abSuperior\u00bb), ha estado motivada por dos razones. La primera, es la posibilidad misma que facilita los Estatutos, que este tipo de Consejo, coordine Conferencias de m\u00e1s de un pa\u00eds. Sea, por ejemplo, dos regiones lim\u00edtrofes de dos naciones diferentes unidas por fuertes lazos de colaboraci\u00f3n entre ambas, y que se unan bajo un mismo Consejo para servir mejor a los pobres.<\/em><\/p>\n<p style=\"padding-left: 30px\"><em>(ver art. 1.8. de estos Estatutos Internacionales).<\/em><\/p>\n<p style=\"padding-left: 30px\"><em>La segunda raz\u00f3n, es el auge empobrecedor y limitativo de los nacionalismos, defecto del que la Sociedad quiere huir hasta en el nombre. Nos unimos en Jesucristo cuyo nombre nos convoca en el servicio personal y comunitario a los pobres.<\/em><\/p>\n<p style=\"padding-left: 30px\"><em>No obstante, si se prefiere el t\u00e9rmino \u00abConsejo Nacional\u00bb, todos los documentos impresos de la Sociedad en el pa\u00eds pueden utilizar este t\u00e9rmino en lugar del t\u00e9rmino \u00abConsejo Superior\u00bb.<\/em><\/p>\n<p><strong>1.6.1 De los representantes en el Consejo<\/strong><\/p>\n<p>El Consejo General, est\u00e1 formado por los Presidentes regularmente elegidos de los Consejos Superiores o Asimilados de la Sociedad, a los que representan, establecidos en los diferentes pa\u00edses y regiones del mundo claramente delimitadas.<\/p>\n<p style=\"padding-left: 30px\"><em>Comentario.- \u2018debidamente elegido\u2019 \u2013 por voto secreto y de acuerdo a los requisitos de R.B.11 de los Requisitos B\u00e1sicos para el Borrador de los Estatutos Internos para los Consejos Superiores, Asimilados o Asociados.<\/em><\/p>\n<p style=\"padding-left: 30px\"><em>\u2018<\/em><em>regiones claramente definidas\u2019 \u2013 ver Comentario sobre 1.8<\/em><\/p>\n<p><strong>1.6.2 De la definici\u00f3n de los Consejos Asimilados<\/strong><\/p>\n<p>Se conocen como Asimilados, los Consejos que han sido Instituidos o las Conferencias que han sido Agregadas, que legalmente establecidos al amparo de sus legislaciones nacionales como Entidades civiles sin \u00e1nimo de lucro, representen un pa\u00eds o regi\u00f3n, en el que un Consejo Superior, a\u00fan no ha sido Instituido.<\/p>\n<p style=\"padding-left: 30px\"><em>Comentario.- No se pretende que los Consejos Asimilados se mantengan en esa situaci\u00f3n, sino que desarrollen la afiliaci\u00f3n de sus miembros y la red de Conferencias y Consejos de manera continuada, hasta que sea sensato y posible establecer un Consejo Superior. <\/em><em>Siempre es objetivo de la Sociedad a trav\u00e9s del Consejo General, poder proporcionar alguna ayuda pr\u00e1ctica para facilitar este desarrollo.<\/em><\/p>\n<p style=\"padding-left: 30px\"><em>Es una hermosa tradici\u00f3n de la Sociedad el que cada pa\u00eds pueda estar representado en el Consejo General y tener capacidad de voto incluso cuando el Consejo Superior o Asimilado s\u00f3lo tenga unos pocos consocios reunidos en una o m\u00e1s Conferencias, siempre que est\u00e9n legalmente constituidas tal y como se define m\u00e1s arriba. Si es peque\u00f1o el n\u00famero, \u00a1puede, sin embargo, ser grande en esp\u00edritu!<\/em><\/p>\n<p style=\"padding-left: 30px\"><em>Los Consejos Asociados, no constituidos legalmente, pueden ser tambi\u00e9n representados con derecho a voz pero no a voto (ver 1.10.1, 1.11de los E.I). Sin embargo, tienen voto en la elecci\u00f3n del Presidente General (ver 3.3 E.I.), y voto en la Secci\u00f3n Permanente si \u00e9sta no se encuentra reunida en su calidad de Consejo de Administraci\u00f3n de la Confederaci\u00f3n (ver 5.2.1E.I.).<\/em><\/p>\n<h3><strong>1.7 De la adhesi\u00f3n a la Confederaci\u00f3n<\/strong><\/h3>\n<p>Cada Consejo Superior, Asimilado o Asociado (tal y como est\u00e1 definido en el Art. 1.10.1 de estos Estatutos Internacionales), de la Sociedad en el mundo que desee unirse a la Confederaci\u00f3n, deber\u00e1 solicitarlo por escrito dirigido al Presidente General de la Confederaci\u00f3n.<\/p>\n<p style=\"padding-left: 30px\"><em>Comentario.- Existe en el Consejo General en sus oficinas centrales, un modelo de carta-tipo para facilitar esta petici\u00f3n por parte de los nuevos miembros de la Confederaci\u00f3n.<\/em><\/p>\n<p><strong>1.7.1 De los requisitos para la adhesi\u00f3n<\/strong><\/p>\n<p>En tal escrito de solicitud de adhesi\u00f3n a la Confederaci\u00f3n, deber\u00e1 hacer constar que cumple de acuerdo a su legislaci\u00f3n nacional, cuanto previene el art\u00edculo 1.6 de los Estatutos Internacionales de la Sociedad de San Vicente de Pa\u00fal e indicar la territorialidad de la que se ocupa.<\/p>\n<p>Igualmente, aceptar\u00e1 expresamente, la totalidad de la Regla y de los Estatutos de la Sociedad de San Vicente de Pa\u00fal, que se compone de tres partes: La Regla de la Sociedad de San Vicente de Pa\u00fal; los Estatutos de la Confederaci\u00f3n Internacional de la Sociedad de San Vicente de Pa\u00fal; y los Requisitos B\u00e1sicos para la redacci\u00f3n de los Estatutos Internos de los Consejos Superiores, Asimilados o Asociados.<\/p>\n<p style=\"padding-left: 30px\"><em>Comentario.- Es muy importante la adhesi\u00f3n y aceptaci\u00f3n de los principios de la Regla y Estatutos Internacionales de la Sociedad. <\/em><em>Ambos (Regla y Estatutos Internacionales), aseguran la pertenencia a una \u00fanica Sociedad de San Vicente, que se extiende por el mundo con unos mismos valores.<\/em><\/p>\n<p><strong>1.7.2 De las responsabilidades legales<\/strong><\/p>\n<p>En ning\u00fan caso en virtud de esta adhesi\u00f3n, podr\u00e1 ser responsable la Confederaci\u00f3n ni ninguno de sus miembros directivos, de hechos acaecidos sin su conocimiento pleno y fehaciente. Los Consejos Superiores, Asimilados y Asociados, ser\u00e1n a todos los efectos legales, los m\u00e1ximos y \u00faltimos responsables ante cualquier tipo de jurisdicci\u00f3n nacional o internacional, de los hechos ocurridos en el territorio de su demarcaci\u00f3n.<\/p>\n<p style=\"padding-left: 30px\"><em>Comentario.- Este art\u00edculo, que ha sido incluido por necesidad legal, tiene su equivalente en R.B.18 de los Requisitos B\u00e1sicos para el Borrador de los Estatutos Internos para Consejos Superiores, Asimilados o Asociados. <\/em><em>Se trata de evitar que el Consejo General, se vea implicado innecesaria e injustamente, en litigios que son verdadera responsabilidad de otros Consejos.<\/em><\/p>\n<h3><strong>1.8 De la Instituci\u00f3n de los Consejos Superiores<\/strong><\/h3>\n<p>Para lograr un mejor servicio a los consocios y a los pobres, en un mismo pa\u00eds, pueden instituirse dos o m\u00e1s Consejos Superiores de acuerdo a lo que previene el Art\u00edculo 1.9 de estos Estatutos.<\/p>\n<p style=\"padding-left: 30px\"><em>Comentario.- \u00abmejor servicio para los miembros y los pobres\u00bb \u2013 ambas condiciones, relacionadas con nuestra vocaci\u00f3n, son lo verdaderamente esencial. <\/em><em>Los Estatutos y las estructuras organizativas deben estar al servicio de nuestra vocaci\u00f3n y nunca limitarla.<\/em><\/p>\n<p style=\"padding-left: 30px\"><em>Las opciones para la existencia de los Consejos Superiores, son totalmente flexibles. Es posible tener:<\/em><\/p>\n<p style=\"padding-left: 30px\"><em>a) Un solo Consejo Superior en un pa\u00eds.<\/em><\/p>\n<p style=\"padding-left: 30px\"><em>b) Un solo Consejo Superior en un estado que abarque mas de un pa\u00eds, Un<\/em><\/p>\n<p style=\"padding-left: 30px\"><em>Consejo Superior que cruce fronteras estatales (ver 1.9.2).<\/em><\/p>\n<p style=\"padding-left: 30px\"><em>M\u00e1s de un Consejo Superior en un mismo pa\u00eds con un alto n\u00famero de consocios y Conferencias. S\u00f3lo se puede recurrir a esta opci\u00f3n si el Consejo Superior existente lo solicita o si este no existe. La unidad de nuestra Sociedad y la armon\u00eda entre sus Consejos es esencial, por tanto el Consejo General tendr\u00e1 que asegurarse de que los posibles peligros de discordia hayan sido eliminados. Habr\u00e1 que plantearse tambi\u00e9n las dificultades potenciales entre dos l\u00edneas estrat\u00e9gicas y de representaci\u00f3n ante una \u00fanica jerarqu\u00eda de Estado o Iglesia, antes de que dos Consejos Superiores sean instituidos en un mismo pa\u00eds.<\/em><\/p>\n<p><strong>1.8.1 De las condiciones<\/strong><\/p>\n<p>Las circunstancias que revelen tal necesidad, ser\u00e1n:<\/p>\n<p>a) Excesiva extensi\u00f3n territorial.<\/p>\n<p>b) Dificultades de comunicaci\u00f3n<\/p>\n<p>c) Alto n\u00famero de Conferencias y Consejos<\/p>\n<p>d) Alto n\u00famero de consocios y obras<\/p>\n<h3><strong>1.9 De los procedimientos para la Instituci\u00f3n de un nuevo<\/strong><\/h3>\n<p><strong>Consejo Superior<\/strong><\/p>\n<p>Para que pueda ser instituido un nuevo Consejo Superior en un pa\u00eds donde ya exista uno, deber\u00e1n darse las siguientes circunstancias:<\/p>\n<p><strong>1.9.1 Instituci\u00f3n a instancia de un Consejo Superior<\/strong><\/p>\n<p>a) Existencia de m\u00e1s de 3.000 Conferencias trabajando, en el pa\u00eds o Consejo Superior o Asimilado solicitante.<\/p>\n<p>b) Que el nuevo Consejo que se pretenda crear, cuente con un n\u00famero superior a las 1.000 Conferencias.<\/p>\n<p>c) Solicitud por parte del Consejo Superior existente y que presta su autorizaci\u00f3n.<\/p>\n<p>d) Posibilidad legal de establecerse en el pa\u00eds dos Consejos Superiores, con distinta demarcaci\u00f3n.<\/p>\n<p>e) Informe favorable del Vicepresidente Territorial Internacional.<\/p>\n<p>f) Autorizaci\u00f3n expresa del Consejo General a trav\u00e9s de su Secci\u00f3n Permanente.<\/p>\n<p><strong>1.9.2 Instituci\u00f3n a instancia de oficio<\/strong><\/p>\n<p>El Consejo General, de oficio, a trav\u00e9s de su Secci\u00f3n Permanente, podr\u00e1 instituir Consejos Superiores o Asimilados, para regiones determinadas del mundo, al margen de las fronteras de los pa\u00edses, cuando razones socio-pol\u00edticas, geogr\u00e1ficas o de servicio, lo hagan necesario.<\/p>\n<p>Cuando estas Instituciones afecten a Consejos Superiores Instituidos, y regularmente unidos a la Confederaci\u00f3n de acuerdo a lo que prev\u00e9 el art\u00edculo 1.6 de estos Estatutos Internacionales, ser\u00e1 necesaria la consulta previa a dicho Consejo. Esta consulta ser\u00e1 vinculante para la Secci\u00f3n Permanente del Consejo General.<\/p>\n<p style=\"padding-left: 30px\"><em>Comentario.- El Estatuto Internacional busca estar abierto a todas las posibilidades que puedan asegurar un mejor servicio a los pobres y a los propios consocios. <\/em><em>Pero no olvida establecer las cauciones necesarias que impidan decisiones perjudiciales y que aseguren la seriedad de las que se tomen.<\/em><\/p>\n<h3><strong>1.10. De otros miembros del Consejo General<\/strong><\/h3>\n<p>En virtud a distintas circunstancias, pueden existir otros miembros del Consejo General de acuerdo a la siguiente clasificaci\u00f3n:<\/p>\n<p><strong>1.10.1 Consejos Asociados<\/strong>: Son aquellos Consejos que, en virtud de limitaciones de su legislaci\u00f3n nacional o por ampararse en otros instrumentos jur\u00eddicos que aquellos establecidos en el Art\u00edculo 1.6 de estos Estatutos Internacionales para los miembros de derecho, no pudieran alcanzar tal plenitud de miembro de pleno derecho.<\/p>\n<p style=\"padding-left: 30px\"><em>Comentario.- Hay pa\u00edses en lo que la Sociedad debe realizar su trabajo de caridad en silencio. <\/em><em>Lugares en los cuales, puede ser hasta muy peligrosa la pertenencia a las Conferencias. Para estas circunstancias, est\u00e1 prevista esta situaci\u00f3n de \u00abAsociados\u00bb. Tambi\u00e9n, en ocasiones, las Conferencias disfrutan de un reconocimiento eclesial pero no civil. En fin, ante la variedad de situaciones, el Estatuto Internacional establece diversidad de opciones.<\/em><\/p>\n<p><strong>1.10.2 Miembros Temporales<\/strong>: Son consocios nombrados por el Presidente General, en pa\u00edses o regiones donde la Sociedad no exista y hasta que fuera posible la constituci\u00f3n del correspondiente Consejo Superior o Asimilado.<\/p>\n<p>Tambi\u00e9n lo ser\u00e1n, los Presidentes de los Consejos Superiores provisionales instituidos por el Consejo General, de acuerdo a lo establecido en el art\u00edculo 6.5 de estos Estatutos Internacionales.<\/p>\n<p style=\"padding-left: 30px\"><em>Comentario.- Este art\u00edculo refleja la simpat\u00eda y el respeto hacia los miembros de pa\u00edses donde la Sociedad est\u00e1 esforz\u00e1ndose en establecerse y crecer (ver el Comentario sobre 1.6.2).<\/em><\/p>\n<p style=\"padding-left: 30px\"><em>Es un instrumento que se deja a disposici\u00f3n del Presidente General, y que puede ayudar a la extensi\u00f3n de las Conferencias.<\/em><\/p>\n<p><strong>1.10.3 Miembros Misionales<\/strong>: Ser\u00edan aquellos consocios nombrados por el Presidente General, para cometidos y servicios determinados. Entre \u00e9stos, estar\u00e1n siempre aquellos consocios que hayan servido como Presidentes Generales.<\/p>\n<p style=\"padding-left: 30px\"><em>Comentario.- \u00abMisionales\u00bb \u2013 porque llevan a cabo misiones espec\u00edficas.<\/em><\/p>\n<p style=\"padding-left: 30px\"><em>\u00abPresidentes Generales Internacionales\u00bb \u2013 habr\u00e1n adquirido una inmensa experiencia durante el tiempo en que tuvieron el privilegio de servir a la Sociedad en calidad de Presidente General. Est\u00e1 de acuerdo con la costumbre vicentina y con nuestro esp\u00edritu, invitarles a asistir a la Asamblea General con derecho a voz, de forma que esta experiencia permita a los miembros con voto tomar mejores decisiones.<\/em><\/p>\n<p style=\"padding-left: 30px\"><em>Hay grandes ventajas en la democracia y en los mandatos restringidos, para que se den la energ\u00eda y la apertura a nuevas posibilidades que permitan a la Sociedad adaptarse a las necesidades cambiantes. Existe, sin embargo, el riesgo de dejar de lado una experiencia vital, con el peligro de \u00abvolver a inventar la rueda\u00bb o dejar de ver lo evidente. Este art\u00edculo intenta asegurar que esto no suceda a nivel de la Asamblea General. Se recomienda que, a otros niveles de Consejo, se considere en los Estatutos Internos la posibilidad de que cada Presidente, invite y nombre a uno o varios de sus predecesores, y \/ o a uno o dos miembros respetados y con cualidades excepcionales, a fin de que est\u00e9n disponibles en caso de consulta.<\/em><\/p>\n<p style=\"padding-left: 30px\"><em>Para estos Consejeros Misionales aporten beneficios concretos a la Sociedad, tales consultas tienen que poder ser efectuadas con rapidez, de forma que no se retrasen las decisiones. Los Consultores necesitar\u00edan tener ciertas cualidades adem\u00e1s de la experiencia \u2013 la sabidur\u00eda que emana de una vida de oraci\u00f3n, humildad (estar satisfechos de contribuir y animar al Presidente elegido a realizar su aportaci\u00f3n personal y diferente), disposici\u00f3n a abrirse a nuevas ideas y m\u00e9todos, y evidentemente lealtad. La lealtad implica que est\u00e9n dispuestos a explicar a otros, las razones positivas de las decisiones tomadas, incluso cuando \u00e9stas no fueran las que ellos hubieran tomado.<\/em><\/p>\n<p style=\"padding-left: 30px\"><em>Con el nombramiento de unos pocos Consejeros Misionales, verdaderos consultores, se puede lograr un sabio y productivo equilibrio entre una direcci\u00f3n din\u00e1mica (a menudo miembros m\u00e1s j\u00f3venes) y la experiencia (a menudo miembros m\u00e1s mayores). Todo ello, se refleja en la Regla (art\u00edculo 3.11) con el ideal de que el Presidente, que es siempre un dirigente servidor, identifica los \u00abtalentos naturales y el carisma espiritual\u00bb de los miembros, que podr\u00e1n ser entonces \u00abpuestos al servicio de los pobres y de la Sociedad\u00bb.<\/em><\/p>\n<h3><strong>1.11 Derecho a voz y no voto<\/strong><\/h3>\n<p>Todos los miembros del Consejo General: Asociados, Temporales o Misionales, tendr\u00e1n derecho a voz pero no a voto, en las Asambleas del Consejo General.<\/p>\n<p style=\"padding-left: 30px\"><em>Comentario.- Ver las excepciones que se indican en el Comentario al art\u00edculo 1.6.2.<\/em><\/p>\n<h3><strong>1.12 De las obras afines<\/strong><\/h3>\n<p>Se considerar\u00e1n obras afines a la Sociedad, con la posibilidad de usar el s\u00edmbolo de la Sociedad en los lugares y circunstancias que se estimen necesarios, aquellas obras participadas por la Sociedad de San Vicente a cualquier nivel de la organizaci\u00f3n, de manera que dicha participaci\u00f3n suponga el efectivo, mayoritario y real control por consocios Vicentinos, de la obra de que se trate.<\/p>\n<p style=\"padding-left: 30px\"><em>Comentario.- El \u00abcontrol\u00bb exigido significa que la mayor\u00eda de los miembros con derecho a voto del comit\u00e9 de gesti\u00f3n o Conferencia que dir\u00eda la Obra Especial de que se trate, sean vicentinos activos. <\/em><em>Hay otras obras donde, como muestra de nuestro deseo de cooperar en proyectos con otras organizaciones, los vicentinos participan en el comit\u00e9 de gesti\u00f3n pero no tienen un completo control de voto. Tales obras no son Obras Especiales, pero pueden ser calificadas como Actividades Especiales y, aunque no llevar\u00e1n el \u00ablogo\u00bb de la Sociedad, pueden ser ayudadas financieramente, siempre de acuerdo al esp\u00edritu de lo indicado en la Regla en su art\u00edculo 3.14.<\/em><\/p>\n<p><strong>1.12.1 De uso de los s\u00edmbolos sociales<\/strong><\/p>\n<p>Cada Consejo Superior o Asimilado, autorizar\u00e1 en su demarcaci\u00f3n, el uso de los s\u00edmbolos sociales de acuerdo a cuanto previene el p\u00e1rrafo anterior.<\/p>\n<p style=\"padding-left: 30px\"><em>Comentario.- Se debe ser especialmente cauto, a la hora de utilizar esta prerrogativa por parte de los Consejos Superiores o Asimilados.<\/em><\/p>\n<p><strong>1.12.2 De los empleados asalariados<\/strong><\/p>\n<p>Los empleados de estas obras y en general los de la Confederaci\u00f3n, no podr\u00e1n ostentar cargos de servicio en los Consejos de la Sociedad, al margen del t\u00e9cnico que les corresponda en la Obra o Consejo en el que presten sus servicios.<\/p>\n<p style=\"padding-left: 30px\"><em>Comentario.- Es esta es una sabia y tradicional disposici\u00f3n, para mantener el car\u00e1cter voluntario de la Sociedad e incluso evitar conflictos de intereses.<\/em><\/p>\n<p style=\"padding-left: 30px\"><em>\u00abcon la excepci\u00f3n\u00bb \u2013 los empleados pueden, cuando se les invite, asistir a las reuniones del Consejo del que dependen, y participar en discusiones pertinentes a su funci\u00f3n sin derecho a voto (ver tambi\u00e9n R.B. 12 de los Requisitos B\u00e1sicos para el Borrador de los Estatutos Internos para Consejos Superiores, Asimilados o Asociados).<\/em><\/p>\n","protected":false},"excerpt":{"rendered":"<p>1. De la Confederaci\u00f3n, sede y miembros 1.1 De la Confederaci\u00f3n A nivel internacional, la Sociedad de San Vicente de Pa\u00fal, se une en su espiritualidad y en su gesti\u00f3n a trav\u00e9s de una Confederaci\u00f3n &#8230; <a href=\"https:\/\/vincentians.com\/es\/estatutos-comentados-de-la-ssvp-1-de-la-confederacion-sede-y-miembros\/\" class=\"more-link\">Read More<\/a><\/p>\n","protected":false},"author":4,"featured_media":133533,"comment_status":"open","ping_status":"open","sticky":false,"template":"","format":"standard","meta":{"jetpack_post_was_ever_published":false,"_jetpack_newsletter_access":"","_jetpack_dont_email_post_to_subs":false,"_jetpack_newsletter_tier_id":0,"_jetpack_memberships_contains_paywalled_content":false,"_jetpack_memberships_contains_paid_content":false,"footnotes":"","jetpack_publicize_message":"","jetpack_publicize_feature_enabled":true,"jetpack_social_post_already_shared":true,"jetpack_social_options":{"image_generator_settings":{"template":"highway","default_image_id":0,"font":"","enabled":false},"version":2}},"categories":[357],"tags":[],"class_list":["post-52681","post","type-post","status-publish","format-standard","has-post-thumbnail","hentry","category-documentos-de-la-sociedad-de-san-vicente-de-paul"],"yoast_head":"<!-- This site is optimized with the Yoast SEO plugin v26.3 - https:\/\/yoast.com\/wordpress\/plugins\/seo\/ -->\n<title>Estatutos comentados de la SSVP (1. De la Confederaci\u00f3n, sede y miembros) - Somos Vicencianos<\/title>\n<meta name=\"robots\" content=\"index, follow, max-snippet:-1, max-image-preview:large, max-video-preview:-1\" \/>\n<link rel=\"canonical\" href=\"https:\/\/vincentians.com\/es\/estatutos-comentados-de-la-ssvp-1-de-la-confederacion-sede-y-miembros\/\" \/>\n<meta property=\"og:locale\" content=\"es_ES\" \/>\n<meta property=\"og:type\" content=\"article\" \/>\n<meta property=\"og:title\" content=\"Estatutos comentados de la SSVP (1. De la Confederaci\u00f3n, sede y miembros) - Somos Vicencianos\" \/>\n<meta property=\"og:description\" content=\"1. De la Confederaci\u00f3n, sede y miembros 1.1 De la Confederaci\u00f3n A nivel internacional, la Sociedad de San Vicente de Pa\u00fal, se une en su espiritualidad y en su gesti\u00f3n a trav\u00e9s de una Confederaci\u00f3n ... Read More\" \/>\n<meta property=\"og:url\" content=\"https:\/\/vincentians.com\/es\/estatutos-comentados-de-la-ssvp-1-de-la-confederacion-sede-y-miembros\/\" \/>\n<meta property=\"og:site_name\" content=\"Somos Vicencianos\" \/>\n<meta property=\"article:publisher\" content=\"https:\/\/www.facebook.com\/WeAreVincentians\/\" \/>\n<meta property=\"article:author\" content=\"https:\/\/www.facebook.com\/JavierChento\" \/>\n<meta property=\"article:published_time\" content=\"2015-02-09T04:45:27+00:00\" \/>\n<meta name=\"author\" content=\"Francisco Javier Fern\u00e1ndez Chento\" \/>\n<meta name=\"twitter:card\" content=\"summary_large_image\" \/>\n<meta name=\"twitter:creator\" content=\"@https:\/\/twitter.com\/javierchento\" \/>\n<meta name=\"twitter:site\" content=\"@WeVincentians\" \/>\n<meta name=\"twitter:label1\" content=\"Escrito por\" \/>\n\t<meta name=\"twitter:data1\" content=\"Francisco Javier Fern\u00e1ndez Chento\" \/>\n\t<meta name=\"twitter:label2\" content=\"Tiempo de lectura\" \/>\n\t<meta name=\"twitter:data2\" content=\"18 minutos\" \/>\n<script type=\"application\/ld+json\" class=\"yoast-schema-graph\">{\"@context\":\"https:\/\/schema.org\",\"@graph\":[{\"@type\":\"Article\",\"@id\":\"https:\/\/vincentians.com\/es\/estatutos-comentados-de-la-ssvp-1-de-la-confederacion-sede-y-miembros\/#article\",\"isPartOf\":{\"@id\":\"https:\/\/vincentians.com\/es\/estatutos-comentados-de-la-ssvp-1-de-la-confederacion-sede-y-miembros\/\"},\"author\":{\"name\":\"Francisco Javier Fern\u00e1ndez Chento\",\"@id\":\"http:\/\/vincentians.com\/es\/#\/schema\/person\/9623ef4d9aa3b2dfb8c061f1499288f2\"},\"headline\":\"Estatutos comentados de la SSVP (1. De la Confederaci\u00f3n, sede y miembros)\",\"datePublished\":\"2015-02-09T04:45:27+00:00\",\"mainEntityOfPage\":{\"@id\":\"https:\/\/vincentians.com\/es\/estatutos-comentados-de-la-ssvp-1-de-la-confederacion-sede-y-miembros\/\"},\"wordCount\":3628,\"commentCount\":1,\"publisher\":{\"@id\":\"http:\/\/vincentians.com\/es\/#organization\"},\"image\":{\"@id\":\"https:\/\/vincentians.com\/es\/estatutos-comentados-de-la-ssvp-1-de-la-confederacion-sede-y-miembros\/#primaryimage\"},\"thumbnailUrl\":\"\",\"articleSection\":[\"Documentos de la Sociedad de San Vicente de Pa\u00fal\"],\"inLanguage\":\"es\",\"potentialAction\":[{\"@type\":\"CommentAction\",\"name\":\"Comment\",\"target\":[\"https:\/\/vincentians.com\/es\/estatutos-comentados-de-la-ssvp-1-de-la-confederacion-sede-y-miembros\/#respond\"]}]},{\"@type\":\"WebPage\",\"@id\":\"https:\/\/vincentians.com\/es\/estatutos-comentados-de-la-ssvp-1-de-la-confederacion-sede-y-miembros\/\",\"url\":\"https:\/\/vincentians.com\/es\/estatutos-comentados-de-la-ssvp-1-de-la-confederacion-sede-y-miembros\/\",\"name\":\"Estatutos comentados de la SSVP (1. De la Confederaci\u00f3n, sede y miembros) - Somos Vicencianos\",\"isPartOf\":{\"@id\":\"http:\/\/vincentians.com\/es\/#website\"},\"primaryImageOfPage\":{\"@id\":\"https:\/\/vincentians.com\/es\/estatutos-comentados-de-la-ssvp-1-de-la-confederacion-sede-y-miembros\/#primaryimage\"},\"image\":{\"@id\":\"https:\/\/vincentians.com\/es\/estatutos-comentados-de-la-ssvp-1-de-la-confederacion-sede-y-miembros\/#primaryimage\"},\"thumbnailUrl\":\"\",\"datePublished\":\"2015-02-09T04:45:27+00:00\",\"breadcrumb\":{\"@id\":\"https:\/\/vincentians.com\/es\/estatutos-comentados-de-la-ssvp-1-de-la-confederacion-sede-y-miembros\/#breadcrumb\"},\"inLanguage\":\"es\",\"potentialAction\":[{\"@type\":\"ReadAction\",\"target\":[\"https:\/\/vincentians.com\/es\/estatutos-comentados-de-la-ssvp-1-de-la-confederacion-sede-y-miembros\/\"]}]},{\"@type\":\"ImageObject\",\"inLanguage\":\"es\",\"@id\":\"https:\/\/vincentians.com\/es\/estatutos-comentados-de-la-ssvp-1-de-la-confederacion-sede-y-miembros\/#primaryimage\",\"url\":\"\",\"contentUrl\":\"\"},{\"@type\":\"BreadcrumbList\",\"@id\":\"https:\/\/vincentians.com\/es\/estatutos-comentados-de-la-ssvp-1-de-la-confederacion-sede-y-miembros\/#breadcrumb\",\"itemListElement\":[{\"@type\":\"ListItem\",\"position\":1,\"name\":\"Portada\",\"item\":\"http:\/\/vincentians.com\/es\/\"},{\"@type\":\"ListItem\",\"position\":2,\"name\":\"Estatutos comentados de la SSVP (1. De la Confederaci\u00f3n, sede y miembros)\"}]},{\"@type\":\"WebSite\",\"@id\":\"http:\/\/vincentians.com\/es\/#website\",\"url\":\"http:\/\/vincentians.com\/es\/\",\"name\":\"Somos Vicencianos\",\"description\":\"Know more to serve more\",\"publisher\":{\"@id\":\"http:\/\/vincentians.com\/es\/#organization\"},\"potentialAction\":[{\"@type\":\"SearchAction\",\"target\":{\"@type\":\"EntryPoint\",\"urlTemplate\":\"http:\/\/vincentians.com\/es\/?s={search_term_string}\"},\"query-input\":{\"@type\":\"PropertyValueSpecification\",\"valueRequired\":true,\"valueName\":\"search_term_string\"}}],\"inLanguage\":\"es\"},{\"@type\":\"Organization\",\"@id\":\"http:\/\/vincentians.com\/es\/#organization\",\"name\":\"The Vincentian Network\",\"url\":\"http:\/\/vincentians.com\/es\/\",\"logo\":{\"@type\":\"ImageObject\",\"inLanguage\":\"es\",\"@id\":\"http:\/\/vincentians.com\/es\/#\/schema\/logo\/image\/\",\"url\":\"https:\/\/i1.wp.com\/vincentians.com\/es\/wp-content\/uploads\/sites\/11\/2016\/06\/Vincentian-Network-logo-big.png?fit=778%2C778\",\"contentUrl\":\"https:\/\/i1.wp.com\/vincentians.com\/es\/wp-content\/uploads\/sites\/11\/2016\/06\/Vincentian-Network-logo-big.png?fit=778%2C778\",\"width\":778,\"height\":778,\"caption\":\"The Vincentian Network\"},\"image\":{\"@id\":\"http:\/\/vincentians.com\/es\/#\/schema\/logo\/image\/\"},\"sameAs\":[\"https:\/\/www.facebook.com\/WeAreVincentians\/\",\"https:\/\/x.com\/WeVincentians\"]},{\"@type\":\"Person\",\"@id\":\"http:\/\/vincentians.com\/es\/#\/schema\/person\/9623ef4d9aa3b2dfb8c061f1499288f2\",\"name\":\"Francisco Javier Fern\u00e1ndez Chento\",\"image\":{\"@type\":\"ImageObject\",\"inLanguage\":\"es\",\"@id\":\"http:\/\/vincentians.com\/es\/#\/schema\/person\/image\/\",\"url\":\"https:\/\/secure.gravatar.com\/avatar\/497d5cde87b4c3d097d0315953521681ba2cd523ee66e5077c3711f7021e65de?s=96&d=mm&r=g\",\"contentUrl\":\"https:\/\/secure.gravatar.com\/avatar\/497d5cde87b4c3d097d0315953521681ba2cd523ee66e5077c3711f7021e65de?s=96&d=mm&r=g\",\"caption\":\"Francisco Javier Fern\u00e1ndez Chento\"},\"description\":\"Director General y cofundador de La Red de Formaci\u00f3n Vicenciana. Javier es laico vicenciano, afiliado a la Congregaci\u00f3n de la Misi\u00f3n y miembro del Equipo de Misiones Populares de la provincia can\u00f3nica de Zaragoza (Espa\u00f1a) de la Congregaci\u00f3n de la Misi\u00f3n. Graduado en la Universidad Oberta de Catalunya con cuatro grados (Asistente de direcci\u00f3n, Gesti\u00f3n Administrativa, Recursos Humanos y Contabilidad Avanzada). Bil\u00edng\u00fce Espa\u00f1ol\/Ingl\u00e9s. gestiona y mantiene varias p\u00e1ginas web cristianas y vicencianas, incluida including La Red de Formaci\u00f3n Vicenciana, de la que es cofundador. Actualmente es responsable del \u00e1rea de Espa\u00f1ol de .famvin, la Red de Noticias de la Familia Vicenciana. Tambi\u00e9n es m\u00fasico cat\u00f3lico y ha editado varios discos. Es Director General y cofundador de Trovador, una reconocida compa\u00f1\u00eda discogr\u00e1fica critiana de Espa\u00f1a. Trabaja en las Tecnolog\u00edas de la Informaci\u00f3n, ofreciendo servicios de alojamiento, dise\u00f1o y mantenimiento Web, as\u00ed como asesoramiento, formaci\u00f3n y soluciones inform\u00e1ticas, gesti\u00f3n documental y digitalizaci\u00f3n de textos, edici\u00f3n y maquetaci\u00f3n de libros, revistas, flyers, etc.\",\"sameAs\":[\"http:\/\/chento.org\",\"https:\/\/www.facebook.com\/JavierChento\",\"https:\/\/x.com\/https:\/\/twitter.com\/javierchento\"],\"url\":\"https:\/\/vincentians.com\/es\/author\/chento\/\"}]}<\/script>\n<!-- \/ Yoast SEO plugin. -->","yoast_head_json":{"title":"Estatutos comentados de la SSVP (1. De la Confederaci\u00f3n, sede y miembros) - Somos Vicencianos","robots":{"index":"index","follow":"follow","max-snippet":"max-snippet:-1","max-image-preview":"max-image-preview:large","max-video-preview":"max-video-preview:-1"},"canonical":"https:\/\/vincentians.com\/es\/estatutos-comentados-de-la-ssvp-1-de-la-confederacion-sede-y-miembros\/","og_locale":"es_ES","og_type":"article","og_title":"Estatutos comentados de la SSVP (1. De la Confederaci\u00f3n, sede y miembros) - Somos Vicencianos","og_description":"1. De la Confederaci\u00f3n, sede y miembros 1.1 De la Confederaci\u00f3n A nivel internacional, la Sociedad de San Vicente de Pa\u00fal, se une en su espiritualidad y en su gesti\u00f3n a trav\u00e9s de una Confederaci\u00f3n ... Read More","og_url":"https:\/\/vincentians.com\/es\/estatutos-comentados-de-la-ssvp-1-de-la-confederacion-sede-y-miembros\/","og_site_name":"Somos Vicencianos","article_publisher":"https:\/\/www.facebook.com\/WeAreVincentians\/","article_author":"https:\/\/www.facebook.com\/JavierChento","article_published_time":"2015-02-09T04:45:27+00:00","author":"Francisco Javier Fern\u00e1ndez Chento","twitter_card":"summary_large_image","twitter_creator":"@https:\/\/twitter.com\/javierchento","twitter_site":"@WeVincentians","twitter_misc":{"Escrito por":"Francisco Javier Fern\u00e1ndez Chento","Tiempo de lectura":"18 minutos"},"schema":{"@context":"https:\/\/schema.org","@graph":[{"@type":"Article","@id":"https:\/\/vincentians.com\/es\/estatutos-comentados-de-la-ssvp-1-de-la-confederacion-sede-y-miembros\/#article","isPartOf":{"@id":"https:\/\/vincentians.com\/es\/estatutos-comentados-de-la-ssvp-1-de-la-confederacion-sede-y-miembros\/"},"author":{"name":"Francisco Javier Fern\u00e1ndez Chento","@id":"http:\/\/vincentians.com\/es\/#\/schema\/person\/9623ef4d9aa3b2dfb8c061f1499288f2"},"headline":"Estatutos comentados de la SSVP (1. De la Confederaci\u00f3n, sede y miembros)","datePublished":"2015-02-09T04:45:27+00:00","mainEntityOfPage":{"@id":"https:\/\/vincentians.com\/es\/estatutos-comentados-de-la-ssvp-1-de-la-confederacion-sede-y-miembros\/"},"wordCount":3628,"commentCount":1,"publisher":{"@id":"http:\/\/vincentians.com\/es\/#organization"},"image":{"@id":"https:\/\/vincentians.com\/es\/estatutos-comentados-de-la-ssvp-1-de-la-confederacion-sede-y-miembros\/#primaryimage"},"thumbnailUrl":"","articleSection":["Documentos de la Sociedad de San Vicente de Pa\u00fal"],"inLanguage":"es","potentialAction":[{"@type":"CommentAction","name":"Comment","target":["https:\/\/vincentians.com\/es\/estatutos-comentados-de-la-ssvp-1-de-la-confederacion-sede-y-miembros\/#respond"]}]},{"@type":"WebPage","@id":"https:\/\/vincentians.com\/es\/estatutos-comentados-de-la-ssvp-1-de-la-confederacion-sede-y-miembros\/","url":"https:\/\/vincentians.com\/es\/estatutos-comentados-de-la-ssvp-1-de-la-confederacion-sede-y-miembros\/","name":"Estatutos comentados de la SSVP (1. De la Confederaci\u00f3n, sede y miembros) - Somos Vicencianos","isPartOf":{"@id":"http:\/\/vincentians.com\/es\/#website"},"primaryImageOfPage":{"@id":"https:\/\/vincentians.com\/es\/estatutos-comentados-de-la-ssvp-1-de-la-confederacion-sede-y-miembros\/#primaryimage"},"image":{"@id":"https:\/\/vincentians.com\/es\/estatutos-comentados-de-la-ssvp-1-de-la-confederacion-sede-y-miembros\/#primaryimage"},"thumbnailUrl":"","datePublished":"2015-02-09T04:45:27+00:00","breadcrumb":{"@id":"https:\/\/vincentians.com\/es\/estatutos-comentados-de-la-ssvp-1-de-la-confederacion-sede-y-miembros\/#breadcrumb"},"inLanguage":"es","potentialAction":[{"@type":"ReadAction","target":["https:\/\/vincentians.com\/es\/estatutos-comentados-de-la-ssvp-1-de-la-confederacion-sede-y-miembros\/"]}]},{"@type":"ImageObject","inLanguage":"es","@id":"https:\/\/vincentians.com\/es\/estatutos-comentados-de-la-ssvp-1-de-la-confederacion-sede-y-miembros\/#primaryimage","url":"","contentUrl":""},{"@type":"BreadcrumbList","@id":"https:\/\/vincentians.com\/es\/estatutos-comentados-de-la-ssvp-1-de-la-confederacion-sede-y-miembros\/#breadcrumb","itemListElement":[{"@type":"ListItem","position":1,"name":"Portada","item":"http:\/\/vincentians.com\/es\/"},{"@type":"ListItem","position":2,"name":"Estatutos comentados de la SSVP (1. De la Confederaci\u00f3n, sede y miembros)"}]},{"@type":"WebSite","@id":"http:\/\/vincentians.com\/es\/#website","url":"http:\/\/vincentians.com\/es\/","name":"Somos Vicencianos","description":"Know more to serve more","publisher":{"@id":"http:\/\/vincentians.com\/es\/#organization"},"potentialAction":[{"@type":"SearchAction","target":{"@type":"EntryPoint","urlTemplate":"http:\/\/vincentians.com\/es\/?s={search_term_string}"},"query-input":{"@type":"PropertyValueSpecification","valueRequired":true,"valueName":"search_term_string"}}],"inLanguage":"es"},{"@type":"Organization","@id":"http:\/\/vincentians.com\/es\/#organization","name":"The Vincentian Network","url":"http:\/\/vincentians.com\/es\/","logo":{"@type":"ImageObject","inLanguage":"es","@id":"http:\/\/vincentians.com\/es\/#\/schema\/logo\/image\/","url":"https:\/\/i1.wp.com\/vincentians.com\/es\/wp-content\/uploads\/sites\/11\/2016\/06\/Vincentian-Network-logo-big.png?fit=778%2C778","contentUrl":"https:\/\/i1.wp.com\/vincentians.com\/es\/wp-content\/uploads\/sites\/11\/2016\/06\/Vincentian-Network-logo-big.png?fit=778%2C778","width":778,"height":778,"caption":"The Vincentian Network"},"image":{"@id":"http:\/\/vincentians.com\/es\/#\/schema\/logo\/image\/"},"sameAs":["https:\/\/www.facebook.com\/WeAreVincentians\/","https:\/\/x.com\/WeVincentians"]},{"@type":"Person","@id":"http:\/\/vincentians.com\/es\/#\/schema\/person\/9623ef4d9aa3b2dfb8c061f1499288f2","name":"Francisco Javier Fern\u00e1ndez Chento","image":{"@type":"ImageObject","inLanguage":"es","@id":"http:\/\/vincentians.com\/es\/#\/schema\/person\/image\/","url":"https:\/\/secure.gravatar.com\/avatar\/497d5cde87b4c3d097d0315953521681ba2cd523ee66e5077c3711f7021e65de?s=96&d=mm&r=g","contentUrl":"https:\/\/secure.gravatar.com\/avatar\/497d5cde87b4c3d097d0315953521681ba2cd523ee66e5077c3711f7021e65de?s=96&d=mm&r=g","caption":"Francisco Javier Fern\u00e1ndez Chento"},"description":"Director General y cofundador de La Red de Formaci\u00f3n Vicenciana. Javier es laico vicenciano, afiliado a la Congregaci\u00f3n de la Misi\u00f3n y miembro del Equipo de Misiones Populares de la provincia can\u00f3nica de Zaragoza (Espa\u00f1a) de la Congregaci\u00f3n de la Misi\u00f3n. Graduado en la Universidad Oberta de Catalunya con cuatro grados (Asistente de direcci\u00f3n, Gesti\u00f3n Administrativa, Recursos Humanos y Contabilidad Avanzada). Bil\u00edng\u00fce Espa\u00f1ol\/Ingl\u00e9s. gestiona y mantiene varias p\u00e1ginas web cristianas y vicencianas, incluida including La Red de Formaci\u00f3n Vicenciana, de la que es cofundador. Actualmente es responsable del \u00e1rea de Espa\u00f1ol de .famvin, la Red de Noticias de la Familia Vicenciana. Tambi\u00e9n es m\u00fasico cat\u00f3lico y ha editado varios discos. Es Director General y cofundador de Trovador, una reconocida compa\u00f1\u00eda discogr\u00e1fica critiana de Espa\u00f1a. Trabaja en las Tecnolog\u00edas de la Informaci\u00f3n, ofreciendo servicios de alojamiento, dise\u00f1o y mantenimiento Web, as\u00ed como asesoramiento, formaci\u00f3n y soluciones inform\u00e1ticas, gesti\u00f3n documental y digitalizaci\u00f3n de textos, edici\u00f3n y maquetaci\u00f3n de libros, revistas, flyers, etc.","sameAs":["http:\/\/chento.org","https:\/\/www.facebook.com\/JavierChento","https:\/\/x.com\/https:\/\/twitter.com\/javierchento"],"url":"https:\/\/vincentians.com\/es\/author\/chento\/"}]}},"jetpack_publicize_connections":[],"jetpack_featured_media_url":"","jetpack_sharing_enabled":true,"jetpack_shortlink":"https:\/\/wp.me\/p7ETMF-dHH","jetpack-related-posts":[{"id":52690,"url":"https:\/\/vincentians.com\/es\/estatutos-comentados-de-la-ssvp-5-de-la-seccion-permanenteconsejo-de-administracion\/","url_meta":{"origin":52681,"position":0},"title":"Estatutos comentados de la SSVP (5. De la Secci\u00f3n Permanente\/Consejo de Administraci\u00f3n)","author":"Francisco Javier Fern\u00e1ndez Chento","date":"13\/02\/2015","format":false,"excerpt":"5. De la Secci\u00f3n Permanente\/Consejo de Administraci\u00f3n 5.1 De su sede y convocatoria En la sede del Consejo General de la Confederaci\u00f3n Internacional, estar\u00e1 constituida una Secci\u00f3n Permanente bajo la Presidencia del Presidente General. Puede ser convocada en cualquier lugar del mundo, si las circunstancias lo aconsejan a juicio del\u2026","rel":"","context":"En \u00abDocumentos de la Sociedad de San Vicente de Pa\u00fal\u00bb","block_context":{"text":"Documentos de la Sociedad de San Vicente de Pa\u00fal","link":"https:\/\/vincentians.com\/es\/category\/formacion-vicenciana\/documentos-oficiales-de-la-familia-vicenciana\/documentos-de-la-sociedad-de-san-vicente-de-paul\/"},"img":{"alt_text":"","src":"https:\/\/i0.wp.com\/vicencianos.org\/wp-content\/2011\/10\/logo_ssvp.jpg?resize=350%2C200","width":350,"height":200},"classes":[]},{"id":52692,"url":"https:\/\/vincentians.com\/es\/estatutos-comentados-de-la-ssvp-7-de-las-enmiendas-e-interpretacion-de-la-regla-y-de-los-estatutos\/","url_meta":{"origin":52681,"position":1},"title":"Estatutos comentados de la SSVP (7. De las Enmiendas e interpretaci\u00f3n de la Regla y de los Estatutos)","author":"Francisco Javier Fern\u00e1ndez Chento","date":"16\/02\/2015","format":false,"excerpt":"7. De las Enmiendas e interpretaci\u00f3n de la Regla y de los Estatutos 7.1 De los procedimientos de reforma de la Regla y de los Estatutos Esta Regla y estos Estatutos, en sus tres Partes, podr\u00e1n ser modificados a trav\u00e9s de dos procedimientos. 7.1.1 Reforma general En primer lugar, de\u2026","rel":"","context":"En \u00abDocumentos de la Sociedad de San Vicente de Pa\u00fal\u00bb","block_context":{"text":"Documentos de la Sociedad de San Vicente de Pa\u00fal","link":"https:\/\/vincentians.com\/es\/category\/formacion-vicenciana\/documentos-oficiales-de-la-familia-vicenciana\/documentos-de-la-sociedad-de-san-vicente-de-paul\/"},"img":{"alt_text":"","src":"https:\/\/i0.wp.com\/vicencianos.org\/wp-content\/2011\/10\/logo_ssvp.jpg?resize=350%2C200","width":350,"height":200},"classes":[]},{"id":52687,"url":"https:\/\/vincentians.com\/es\/estatutos-comentados-de-la-ssvp-2-de-la-asamblea-del-consejo-general\/","url_meta":{"origin":52681,"position":2},"title":"Estatutos comentados de la SSVP (2. De la Asamblea del Consejo General)","author":"Francisco Javier Fern\u00e1ndez Chento","date":"10\/02\/2015","format":false,"excerpt":"2. De la Asamblea del Consejo General 2.1 De la Asamblea Gral. de la Confederaci\u00f3n El m\u00e1ximo \u00f3rgano de la Confederaci\u00f3n es el Consejo General que se re\u00fane en Asamblea General de acuerdo a lo previsto en el art. 1.5 de estos Estatutos Internacionales. Cada Consejo Superior o Asimilado, miembro\u2026","rel":"","context":"En \u00abDocumentos de la Sociedad de San Vicente de Pa\u00fal\u00bb","block_context":{"text":"Documentos de la Sociedad de San Vicente de Pa\u00fal","link":"https:\/\/vincentians.com\/es\/category\/formacion-vicenciana\/documentos-oficiales-de-la-familia-vicenciana\/documentos-de-la-sociedad-de-san-vicente-de-paul\/"},"img":{"alt_text":"","src":"https:\/\/i0.wp.com\/vicencianos.org\/wp-content\/2011\/10\/logo_ssvp.jpg?resize=350%2C200","width":350,"height":200},"classes":[]},{"id":52689,"url":"https:\/\/vincentians.com\/es\/estatutos-comentados-de-la-ssvp-4-del-comite-ejecutivo-internacional\/","url_meta":{"origin":52681,"position":3},"title":"Estatutos comentados de la SSVP (4. Del Comit\u00e9 Ejecutivo Internacional)","author":"Francisco Javier Fern\u00e1ndez Chento","date":"12\/02\/2015","format":false,"excerpt":"4. Del Comit\u00e9 Ejecutivo Internacional 4.1 De la misi\u00f3n del Comit\u00e9 El Comit\u00e9 Ejecutivo Internacional de la Confederaci\u00f3n, (en adelante el Comit\u00e9), tendr\u00e1 la misi\u00f3n de coordinar la estrategia internacional de la Sociedad en los espacios temporales existentes entre las reuniones de las Asambleas del Consejo General con especial atenci\u00f3n\u2026","rel":"","context":"En \u00abDocumentos de la Sociedad de San Vicente de Pa\u00fal\u00bb","block_context":{"text":"Documentos de la Sociedad de San Vicente de Pa\u00fal","link":"https:\/\/vincentians.com\/es\/category\/formacion-vicenciana\/documentos-oficiales-de-la-familia-vicenciana\/documentos-de-la-sociedad-de-san-vicente-de-paul\/"},"img":{"alt_text":"","src":"https:\/\/i0.wp.com\/vicencianos.org\/wp-content\/2011\/10\/logo_ssvp.jpg?resize=350%2C200","width":350,"height":200},"classes":[]},{"id":52691,"url":"https:\/\/vincentians.com\/es\/estatutos-comentados-de-la-ssvp-6-de-las-instituciones-agregaciones-y-disoluciones\/","url_meta":{"origin":52681,"position":4},"title":"Estatutos comentados de la SSVP (6. De las Instituciones, Agregaciones y disoluciones)","author":"Francisco Javier Fern\u00e1ndez Chento","date":"15\/02\/2015","format":false,"excerpt":"6. De las Instituciones, Agregaciones y disoluciones 6.1 De la capacidad para agregar e instituir S\u00f3lo el Consejo General tiene facultad, despu\u00e9s de consultar a los Consejos Superiores, Asimilados o Asociados, para Instituir nuevos Consejos y para Agregar nuevas Conferencias a la Sociedad. Comentario.- Tradicionalmente, la plenitud jur\u00eddica de pertenencia\u2026","rel":"","context":"En \u00abDocumentos de la Sociedad de San Vicente de Pa\u00fal\u00bb","block_context":{"text":"Documentos de la Sociedad de San Vicente de Pa\u00fal","link":"https:\/\/vincentians.com\/es\/category\/formacion-vicenciana\/documentos-oficiales-de-la-familia-vicenciana\/documentos-de-la-sociedad-de-san-vicente-de-paul\/"},"img":{"alt_text":"","src":"https:\/\/i0.wp.com\/vicencianos.org\/wp-content\/2011\/10\/logo_ssvp.jpg?resize=350%2C200","width":350,"height":200},"classes":[]},{"id":51128,"url":"https:\/\/vincentians.com\/es\/regla-comentada-de-la-ssvp-presentacion\/","url_meta":{"origin":52681,"position":5},"title":"Regla comentada de la SSVP (Presentaci\u00f3n)","author":"Francisco Javier Fern\u00e1ndez Chento","date":"01\/02\/2015","format":false,"excerpt":"Presentaci\u00f3n La presentaci\u00f3n de la Regla de la Confederaci\u00f3n de la So\u00adciedad de San Vicente de Pa\u00fal en el mundo, acompa\u00f1ada de sus Estatutos internacionales de funcionamiento en ver\u00adsi\u00f3n comentada que siguen a estas l\u00edneas, aprobada en la Asamblea General extraordinaria de Roma en el mes de octubre del 2.003,\u2026","rel":"","context":"En \u00abDocumentos de la Sociedad de San Vicente de Pa\u00fal\u00bb","block_context":{"text":"Documentos de la Sociedad de San Vicente de Pa\u00fal","link":"https:\/\/vincentians.com\/es\/category\/formacion-vicenciana\/documentos-oficiales-de-la-familia-vicenciana\/documentos-de-la-sociedad-de-san-vicente-de-paul\/"},"img":{"alt_text":"","src":"https:\/\/i0.wp.com\/vicencianos.org\/wp-content\/2011\/10\/regla_ssvp_comentada-158x300.jpg?resize=350%2C200","width":350,"height":200},"classes":[]}],"_links":{"self":[{"href":"https:\/\/vincentians.com\/es\/wp-json\/wp\/v2\/posts\/52681","targetHints":{"allow":["GET"]}}],"collection":[{"href":"https:\/\/vincentians.com\/es\/wp-json\/wp\/v2\/posts"}],"about":[{"href":"https:\/\/vincentians.com\/es\/wp-json\/wp\/v2\/types\/post"}],"author":[{"embeddable":true,"href":"https:\/\/vincentians.com\/es\/wp-json\/wp\/v2\/users\/4"}],"replies":[{"embeddable":true,"href":"https:\/\/vincentians.com\/es\/wp-json\/wp\/v2\/comments?post=52681"}],"version-history":[{"count":0,"href":"https:\/\/vincentians.com\/es\/wp-json\/wp\/v2\/posts\/52681\/revisions"}],"wp:featuredmedia":[{"embeddable":true,"href":"https:\/\/vincentians.com\/es\/wp-json\/"}],"wp:attachment":[{"href":"https:\/\/vincentians.com\/es\/wp-json\/wp\/v2\/media?parent=52681"}],"wp:term":[{"taxonomy":"category","embeddable":true,"href":"https:\/\/vincentians.com\/es\/wp-json\/wp\/v2\/categories?post=52681"},{"taxonomy":"post_tag","embeddable":true,"href":"https:\/\/vincentians.com\/es\/wp-json\/wp\/v2\/tags?post=52681"}],"curies":[{"name":"wp","href":"https:\/\/api.w.org\/{rel}","templated":true}]}}