{"id":52646,"date":"2019-03-28T08:41:06","date_gmt":"2019-03-28T07:41:06","guid":{"rendered":"http:\/\/somos.vicencianos.org\/?p=52646"},"modified":"2019-03-15T08:29:18","modified_gmt":"2019-03-15T07:29:18","slug":"perfil-del-visitador-de-la-congregacion-de-la-mision-como-lider","status":"publish","type":"post","link":"https:\/\/vincentians.com\/es\/perfil-del-visitador-de-la-congregacion-de-la-mision-como-lider\/","title":{"rendered":"Perfil del visitador de la Congregaci\u00f3n de la Misi\u00f3n como l\u00edder"},"content":{"rendered":"<h2><strong>Pr\u00f3logo<\/strong><\/h2>\n<p>Antes de nada, desear\u00eda decir unas palabras sobre el tema o t\u00e9rmino liderazgo. (He tomado varias ideas de escritores contempor\u00e1neos que centran su atencion en \u00abla Vida Religiosa Hoy\u00bb; ofrecer\u00e9 tambi\u00e9n una bibliograf\u00eda al final de mi segunda presentaci\u00f3n)<\/p>\n<p>En la \u00faltima reuni\u00f3n de Visitadores en Rio en el a\u00f1o 1989, el P. Alejandro Rigazio desarroll\u00f3 un tema excelente titulado \u00abLa Funci\u00f3n del Visitador\u00bb. Les invito a que obtengan de la Curia Generalicia una copia de esta ponencia. Mucho de lo que el P. Rigazio expuso all\u00ed tratar\u00e9 de reflejar yo aqu\u00ed; su ponencia presentaba las funciones del Visitador bajo los t\u00edtulos de <em>Ense\u00f1anza, Santificaci\u00f3n y Gobierno.<\/em><\/p>\n<p>Yo tomo algunos comentarios introductorios de la ponencia del P. Rogazio; son unas observaciones muy perspicaces al empezar este tema de \u00abel Visitador como Lider\u00bb.<\/p>\n<p>\u00abEs digno de notar que durante el tiempo de San Vicente de Pa\u00fal, el concepto de Provinicias no correspond\u00eda a nuestras definiciones de hoy; m\u00e1s bien exist\u00edan en estado de embri\u00f3n. Algo deber\u00eda haber, ya que la Asamblea del 1651 hablaba de Asambleas Provinciales seg\u00fan menciona el P. Lucas en sus notas, \u00abSe decidi\u00f3 que deberiamos trabajar en las reglas de la Congregaci\u00f3n Provincial, en las que se deja notar que se ha de corregir todo\u00bb. Hab\u00eda Visitadores cuya \u00fanica funci\u00f3n era el visitar las casas a las que San Vicente les enviaba con poderes especiales\u00bb.<span id='easy-footnote-1-52646' class='easy-footnote-margin-adjust'><\/span><span class='easy-footnote'><a href='https:\/\/vincentians.com\/es\/perfil-del-visitador-de-la-congregacion-de-la-mision-como-lider\/#easy-footnote-bottom-1-52646' title='Pierre Coste, \u00c9diteur, Correspondance, entretiens, documents (Paris: Gabalda, 1920-25), Vol. XIII: pp. 293, 295-296, 326-327, 348, Vol. II: pp. 208-209.'><sup>1<\/sup><\/a><\/span>\n<p>Escojo dos declaraciones sobre l\u00edderes famosos para ilustrar la importancia del liderazgo en el mundo actual:<\/p>\n<p>1. \u00ab<em>Lideres famosos se interesan mucho en ejercer el poder y la influencia para obtener los fines congregacionales y apenas si se interesan en supervisar y aconsejar a los miembros individuales<\/em>..\u00bb Por el contrario, \u00abla carencia entre los l\u00edderes de las \u00f3rdenes religiosas que m\u00e1s llama la atenci\u00f3n es su <em>incapacidad de formular estrategias<\/em> para alcanzar los objetivos o misi\u00f3n\u00bb.<span id='easy-footnote-2-52646' class='easy-footnote-margin-adjust'><\/span><span class='easy-footnote'><a href='https:\/\/vincentians.com\/es\/perfil-del-visitador-de-la-congregacion-de-la-mision-como-lider\/#easy-footnote-bottom-2-52646' title='David J. Nygren y Miriam D. Ukeritis, The Future of Religious Orders in the United States: Transformation and Commitment (Westport CT: Praeger, 1993), pp. 59, 94.'><sup>2<\/sup><\/a><\/span>\n<p>Como sabemos bien, \u00ab<em>los objetivos congregacionales<\/em>\u00bb son parte de una visi\u00f3n m\u00e1s amplia; esto est\u00e1 contrastado con estrategias que centran la atenci\u00f3n en los detalles de \u00abqu\u00e9, cuando, c\u00f3mo, y por qui\u00e9n\u00bb se ha de hacer algo.<\/p>\n<p>2. Un Banco de Ideas sobre la Viabilidad de los Institutos Religiosos en los Estados Unidos en oto\u00f1o de 1994, y el equipo de direcci\u00f3n de ese <em>estudio averigu\u00f3 que el \u00fanico factor <strong>m\u00e1s importante<\/strong> en la viabilidad de un instituto<\/em><span id='easy-footnote-3-52646' class='easy-footnote-margin-adjust'><\/span><span class='easy-footnote'><a href='https:\/\/vincentians.com\/es\/perfil-del-visitador-de-la-congregacion-de-la-mision-como-lider\/#easy-footnote-bottom-3-52646' title='Sr. Andr\u00e9e Fries, CPPS, Transformative Leadership &amp;#8211; Key to Viability (Joint Assembly of CMSM\/LCWR, 1995), p. 3.'><sup>3<\/sup><\/a><\/span> <em>es la calidad de direcci\u00f3n.<\/em><\/p>\n<p>\u00a1Liderazgo es importante, y liderazgo destacado y notalle es algo esencial en la actualidad!.<\/p>\n<p>Que esta historia que voy a compartir con vosotros sea una imagen viva que permanezca en vosotros durante todo el tiempo de mi presentacion o ponencia.<\/p>\n<p>\u00abEn cierta ocasi\u00f3n, la historia relata, Abba Lot fue a visitar a Abba Joseph y le dijo, \u00abAbba, en cuanto me es posible sigo una regla de vida muy modesta: todos los peque\u00f1os ayunos, alguna oraci\u00f3n y meditaci\u00f3n, guardo silencio, y en cuanto puedo mantengo mis pensamientos limpios. \u00bfQu\u00e9 m\u00e1s debo hacer?. Entonces el monje anciano se puso de pie, extendi\u00f3 sus manos al cielo, y sus dedos parec\u00edan diez antorchas encencidas. Y dijo, \u00bf\u00bbpor qu\u00e9 no convertirse totalmente en fuego\u00bb?\u00bb<span id='easy-footnote-4-52646' class='easy-footnote-margin-adjust'><\/span><span class='easy-footnote'><a href='https:\/\/vincentians.com\/es\/perfil-del-visitador-de-la-congregacion-de-la-mision-como-lider\/#easy-footnote-bottom-4-52646' title='Joan Chittister, OSB, The Fire in these Ashes: A Spirituality of Contemporary Religious Life (Kansas City: Sheed and Ward, 1995), p. 52.'><sup>4<\/sup><\/a><\/span>\n<p>San Vicente nos habl\u00f3 tambi\u00e9n sobre el fuego cuando hablaba de llevar a lo largo y a lo ancho el amor de Dios, y de inflamar las naciones con fuego. Si esto es nuestro fin y nuestro deseo, entonces tambi\u00e9n nosotros hemos de arder ahora en fuego divino, hermanos mios. \u00bfPor qu\u00e9 no transformarno totalmente in fuego?.<\/p>\n<h2><strong>Introducci\u00f3n<\/strong><\/h2>\n<p>Empezar\u00e9 exponiendo algunas ideas fundacionales importantes que forman parte de lo que debe alimentar el fuego y pasi\u00f3n que uno necesita como lider\/visitador notable hoy:<\/p>\n<ol>\n<li>Refundaci\u00f3n de la Comunidad<\/li>\n<li>Carisma<\/li>\n<li>Visi\u00f3n<\/li>\n<li>Misi\u00f3n\/fin<\/li>\n<\/ol>\n<p>Explicar\u00e9 un poquito cada uno de estos conceptos porque encierran unas ideas tan consistentes y robustas que son las que abren el paso por entre la bibliograf\u00eda sobre la vida religiosa actual.<\/p>\n<h3><strong>1. Refundaci\u00f3n de la comunidad<\/strong><\/h3>\n<p>Gerald Arbuckle, S.M. es un autor que escribe mucho sobre este concepto. Usa estos t\u00e9rminos en vez de renacimiento o renovaci\u00f3n, porque, seg\u00fan \u00e9l, expresan mucho mejor el desaf\u00edo fundamental que hace frente a la Iglesia para dirigir el movimiento responsable de adaptar el mensaje evang\u00e9lico a una sociedad en constante proceso de cambio sin perder continuidad con el pasado, donde se encuentran las raices de nuestra identidad.<span id='easy-footnote-5-52646' class='easy-footnote-margin-adjust'><\/span><span class='easy-footnote'><a href='https:\/\/vincentians.com\/es\/perfil-del-visitador-de-la-congregacion-de-la-mision-como-lider\/#easy-footnote-bottom-5-52646' title='Gerald A. Arbuckle, C.M. Refounding the Church: Dissent for Leadership (Maryknoll NY: Orbis Books, 1993), p. 4.'><sup>5<\/sup><\/a><\/span>\n<p>Un Refundador debe hacer dos cosas, primero redescubrir el poder de Cristo dentro de uno mismo, fruto de una conversi\u00f3n, y segundo descubrir con vitalidad renovada e identificarse con, el poder del mito fundacional de la congregacion misma, y verse a si mismo, como el fundador, como algo que tiene que acomodarse a las necesidades pastorales aqu\u00ed y ahora.<span id='easy-footnote-6-52646' class='easy-footnote-margin-adjust'><\/span><span class='easy-footnote'><a href='https:\/\/vincentians.com\/es\/perfil-del-visitador-de-la-congregacion-de-la-mision-como-lider\/#easy-footnote-bottom-6-52646' title='Ibid. , p. 148.'><sup>6<\/sup><\/a><\/span>\n<p>Mois\u00e9s fue un refundador, y en palabras de Arbuckle, un administrador organizativo con mucho \u00e9xito. Mois\u00e9s pudo tambi\u00e9n dirigir su comunidad a trav\u00e9s del desierto, libr\u00f3 a su propio pueblo de las plagas haciendo lo que Yavh\u00e9 le orden\u00f3, y reconoci\u00f3, como todo buen administrador de hoy d\u00eda, que para obtener una comunidad renovada, los buenos elementos del pasado han de traspasarse al presente, para que lo nuevo se levante sobre unos fundamentos s\u00f3lidos.<span id='easy-footnote-7-52646' class='easy-footnote-margin-adjust'><\/span><span class='easy-footnote'><a href='https:\/\/vincentians.com\/es\/perfil-del-visitador-de-la-congregacion-de-la-mision-como-lider\/#easy-footnote-bottom-7-52646' title='Gerald A. Arbuckle, C.M., Change, Grief, Renewal in the Church: The Spirituality for a New Era (Westminster MD: Christian Classics, Inc., 1991), p. 151.'><sup>7<\/sup><\/a><\/span>\n<p>Las comunidades religiosas est\u00e1n experimentando muchos cambios hoy. Tenemos que eliminar actividades del pasado, trabajos que eran fundamentales para nuestras Provincias, como es el caso de los seminarios, y la gente se lamenta por causa de todos estos cambios tan significativos; Ahora tienen que prepararse para los nuevos cambios y planear nuevas actividades, nuevas formas de servir a los pobres. Todo esto puede decirse hoy tambi\u00e9n de la Iglesia en general, puede decirse de nuestras propias Provincias y de nuestros trabajos espec\u00edficos y de nuestras casas. Nosotros, Vicentinos, tenemos que hacer nuestra refundaci\u00f3n en todo el mundo.<\/p>\n<p style=\"padding-left: 30px\"><strong>C.2: Supuesto este fin, la Congregaci\u00f3n de la Misi\u00f3n, atendiendo siempre al Evangelio, a los signos de los tiempos y a las peticiones m\u00e1s urgentes de la Iglesia, procurar\u00e1 abrir nuevos caminos y aplicar medios adaptados a las circunstancias de tiempo y lugar, se esforzar\u00e1 adem\u00e1s por enjuiciar y ordenar las obras y minsterios, permaneciendo as\u00ed en estado de renovaci\u00f3n cont\u00ednua.<\/strong><\/p>\n<p>Efect\u00edvamente, muchos de nosotros aqu\u00ed presentes sentimos en nuestro interior m\u00e1s profundo ese continuado estado de renovaci\u00f3n, y le damos la bien venida como algo def\u00edcil de llevar a cabo, pero lo aceptamos como una bendici\u00f3n de Dios que nos guia a algo nuevo.<\/p>\n<h3><strong>2. Carisma<\/strong><\/h3>\n<p>Nuestro carisma es una gracia particular por la que oimos, o meditamos o llegamos a ser Cristo en manera particular y limitada; As\u00ed podemos ofrecer servicio en un contexto espec\u00edfico en una parte determinada del mundo de la misma manera que Cristo mismo (Lineamenta 17 del Sinodo sobre la Vida Consagrada)&#8230;un Carisma implica un estilo de vida espiritual espec\u00edfico y concreto, una forma determinada de apostolado, una experiencia espec\u00edfica de vida comunitaria, un envolvimiento particupar en el mundo (Lineamenta 16 y 8)- El Carisma de una Comunidad es la contribucion o el don espec\u00edfico que una congregaci\u00f3n ofrece a la Iglesia.<span id='easy-footnote-8-52646' class='easy-footnote-margin-adjust'><\/span><span class='easy-footnote'><a href='https:\/\/vincentians.com\/es\/perfil-del-visitador-de-la-congregacion-de-la-mision-como-lider\/#easy-footnote-bottom-8-52646' title='David J. Nygren and Miriam D. Ukeritis, FORUS (Westport CT: Praeger, 1993), p. 8.'><sup>8<\/sup><\/a><\/span>\n<p>En C:101, se nos dice que nuestro Superior General a una con toda la Congregaci\u00f3n debe de continuar la misi\u00f3n de nuestro Santo Fundador, adaptada a las diversas circunstancias. As\u00ed pues, deber\u00e1 gobernar la Congregaci\u00f3n con tal desvelo que el carisma de San Vicente permanezca vivo siempre en la Iglesia.<\/p>\n<p>Nosotros, como San Vicente, tenemos que seguir a Cristo evangelizador de los pobres, etc. (C:1).<\/p>\n<p style=\"padding-left: 30px\"><strong>C:10: La Congregaci\u00f3n de la Misi\u00f3n, desde los tiempos de su Fundador y por inspiraci\u00f3n suya, se reconoce llamada por Dios a llevar a cabo la obra de la evangelizaci\u00f3n de los pobres. <\/strong><\/p>\n<p style=\"padding-left: 30px\"><strong>Puede afirmar de s\u00ed misma, como la iglesia toda, pero de un modo peculiar<\/strong>, <strong>que la misi\u00f3n de evangelizar constituye su gracia y vocaci\u00f3n propia y expresa su verdadera naturaleza (cf. EN 14).<\/strong><\/p>\n<p style=\"padding-left: 30px\"><strong>M\u00e1s a\u00fan, todos y cada uno de sus miembros se atreven a decir con Jesus: \u00abTengo que anunciarles el reino de Dios; para eso me han enviado\u00bb <\/strong>(Lc. 4.43).<\/p>\n<h3><strong>3. Visi\u00f3n<\/strong><\/h3>\n<p>Visualizar implica meditar en los mensajes de la Escritura y en los mensajes de una comunidad, con el fin de que uno pueda ver el futuro tan claramente como, en sentido figurado, otros pueden verlo, tocarlo y gustarlo.<\/p>\n<p>Visi\u00f3n es el esp\u00edritu detr\u00e1s de una organizaci\u00f3n. Define el estado futuro deseado que motiva a un grupo a la vocaci\u00f3n de la acci\u00f3n. Una visi\u00f3n interroga donde est\u00e1 el lugar donde queremos ir. \u00bfQu\u00e9 es lo que deseamos conseguir?. No se ha de confundir visi\u00f3n con la misi\u00f3n del grupo, que se centra en el por qu\u00e9 una organizaci\u00f3n existe y describe su funci\u00f3n en detalle.<\/p>\n<p>Podemos ver nuestra Visi\u00f3n descrita claramente en nuestras Constituciones:<\/p>\n<p style=\"padding-left: 30px\"><strong>C:5: El esp\u00edritu de l Congregaci\u00f3n es una participaci\u00f3n del esp\u00edritu del mismo Cristo, como lo propone San Vicente: \u00abMe ha enviado a evangelizar a los pobres\u00bb (Lc. 4,18). Por eso \u00abJesucristo es la regla de la Misi\u00f3n\u00bb y ha de ser considerado como centro de su vida y actividad (SV XII, 130; E.S. XI, 429).<\/strong><\/p>\n<p style=\"padding-left: 30px\"><strong>C:6: El esp\u00edritu de la Congregaci\u00f3n comprende, por consiguiente, aquellas \u00edntimas disposiciones del alma de Cristo que el Fundador recomendaba, ya desde el principio, a sus compa\u00f1eros: amor y reverencia al Padre, caridad compasiva y eficaz con los pobres, docilidad a la Divina Providencia.<\/strong><\/p>\n<p style=\"padding-left: 30px\"><strong>C:7: La Congregaci\u00f3n intenta expresar su esp\u00edritu tambi\u00e9n con las cinco virtudes sacadas de su peculiar visi\u00f3n de Cristo, a saber: la sencillez, la humildad, la mansedumbre, la mortificaci\u00f3n yel celo por almas, de las cuales dijo San Vicente: \u00abEn el cultivo y la pr\u00e1ctica de estas virtudes la Congregaci\u00f3n ha de empe\u00f1arse muy cuidadosamente, pues estas cinco virtudes son como ls potencias del alma de la Congregaci\u00f3n entera y deben animar las acciones de todos nosotros\u00bb (RC II. 14).<\/strong><\/p>\n<h3><strong>4. Misi\u00f3n \/ fin<\/strong><\/h3>\n<p>La misi\u00f3n de cada Instituto Religioso es un reflejo de la misi\u00f3n de Cristo, una manera de meter el evangelio dentro de la vida de la Congregaci\u00f3n. La pasi\u00f3n (amor) por la misi\u00f3n es una chispa que enciende nuestra Compa\u00f1\u00eda; si esa pasi\u00f3n se amortigua o se extingue, la Congregaci\u00f3n pierde su fin.<\/p>\n<p>La misi\u00f3n del Instituto Religioso es el punto central para todo el planing. La elecci\u00f3n de los objetivos y de la direcci\u00f3n por parte del grupo depende de esta misi\u00f3n. \u00bfQu\u00e9 podr\u00e1 realzar y promover la misi\u00f3n de Jesus en nuestra Comunidad, Provincia?.<\/p>\n<p>Nuestra misi\u00f3n nos proporciona una respuesta muy concreta:<\/p>\n<p style=\"padding-left: 30px\"><strong>C:1: El fin de la Congregaci\u00f3n de la Misi\u00f3n es seguir a Cristo evangelizador de los pobres. Este fin se logra cuando sus miembros y comunidades, fieles a San Vicente:<\/strong><\/p>\n<p style=\"padding-left: 30px\"><strong>1\u00ba procuran con todas sus fuerzas revestirse del esp\u00edritu del mismo Cristo (RC I,3), para adquirir la perfecci\u00f3n correspondiente a su vocaci\u00f3n (RC XII, 13);<\/strong><\/p>\n<p style=\"padding-left: 30px\"><strong>2\u00ba se dedican a evangelizar a los pobres, sobre todo a los m\u00e1s abandonados;<\/strong><\/p>\n<p style=\"padding-left: 30px\"><strong>3\u00ba ayudan en su formaci\u00f3n a cl\u00e9rigos y laicos y los llevan a una participaci\u00f3n m\u00e1s plena en la evangelizaci\u00f3n de los pobres.<\/strong><\/p>\n<p>Parte central de la Buena Nueva de Jes\u00fas is la prioridad de misi\u00f3n sobre mantenimiento (conservaci\u00f3n). Misi\u00f3n pone la mirada en lo que es el bien perdurable que deseamos conseguir el cual nos proporcionar\u00e1 la paz, la justicia y el amor establecidos por Jes\u00fas y predicado por la iglesia primitiva.<\/p>\n<p>Misi\u00f3n mira a los desaf\u00edos inciales que inspiraron a nuestros fundadores a arriesgar sus vidas, reputaci\u00f3n y energias para traer a la Iglesia y al mundo un nuevo m\u00e9todo de vivir el evangelio. Misi\u00f3n interroga por qu\u00e9 dirigimos una escuela, hospital, parroquia o centro social y c\u00f3mo podemos continuar (mantener) cada una de los trabajos \u00fanicamentte en cuanto promueven los valores genuinos de nuestro carisma y satisfacen las necesidades m\u00e1s esenciales de nuestro tiempo. Por consiguiente, mantenimiento es una parte de misi\u00f3n pero nunca es un substituto.<span id='easy-footnote-9-52646' class='easy-footnote-margin-adjust'><\/span><span class='easy-footnote'><a href='https:\/\/vincentians.com\/es\/perfil-del-visitador-de-la-congregacion-de-la-mision-como-lider\/#easy-footnote-bottom-9-52646' title='Howard J. Gray, S.J., Challenge to Religious Leadership: Maintenance or Mission (Address to National Assembly of Conference of Major Superiors of Men, 1985). [Found reproduced in Philibert OP, Paul J. \u00abLiving in the Meantime: Concerning the Transformation of Religious Life\u00bb (Mahwah NJ: Paulist Press, 1994), pp. 50-51.].'><sup>9<\/sup><\/a><\/span>\n<p>Hermanos mios, una exhortaci\u00f3n personal basada en estos conceptos fundacionales:<\/p>\n<p>Hermanos: refundad la Congregaci\u00f3n en vuestras propias Provincias por medio de una renovaci\u00f3n que transforme vuestros cohermanos y vuestras obras; que vuestra propia conversi\u00f3n y vitalidad os anime a poner todo vuestro empe\u00f1o en vuestra Vision de evangelizar al pobre. Que Jes\u00fas, el Evangelizador de los Pobres, sea vuestra regla de vida, encendiendoos con nuestro carisma. Sed lideres misioneros humildes y celosos y desarrollad con precisi\u00f3n todo lo que promueva la misi\u00f3n de Jes\u00fas en vuestras Provincias!. Si, \u00bf por qu\u00e9 no transfomarse totalmente en fuego?.<\/p>\n<h2><strong>Perfil del visitador de la C.M. como l\u00edder<\/strong><\/h2>\n<p><strong>I. Visitador como lider<\/strong>: Hay dos p\u00e1rrafos en nuestras Constituciones que son muy \u00fatiles para entender el rol del Visitador como Lider, C:97 y C:123<\/p>\n<p>A. C:97,&amp;1 usa la imagen del evangelio del \u00abBuen Pastor\u00bb y el t\u00edtulo de \u00absiervo de la comunidad\u00bb. Estas dos im\u00e1genes son sumamente importantes para San Vicente cuando considera a los L\u00edderes en el Gobierno de nuestra Congregaci\u00f3n.<\/p>\n<p style=\"padding-left: 30px\"><strong>C:97, &amp;1: Los que en la Congregaci\u00f3n ejercen la autoridad , que procede de Dios, y los que de cualquier modo participan en su ejercicio, incluso en las Asambleas y Consejos, tengan presente el ejemplo del Buen Pastor, que no vino a ser sevido sino a servir. Por ello, conscientes de su responsabilidad ante Dios, t\u00e9nganse por servidores de la comunidad, para promover el fin propio de la misma seg\u00fan el esp\u00edritu de San Vicente, en una verdadera comuni\u00f3n de apostolado y vida.<\/strong><\/p>\n<p>Henri Nouwen nos ofrece una percepci\u00f3n interior de la naturaleza de esta imagen del \u00abBuen Pastor\u00bb, una figura gramatical que no es tan popular en nuestra cultura de hoy, pero que sin embargo simboliza perfectamente la funci\u00f3n de Cristo como l\u00edder siervo:<\/p>\n<p>Jes\u00fas dice: \u00abYo soy el Buen Pastor. Yo cnozco mis ovejas y mis ovejas me conocen a m\u00ed, as\u00ed como el Padre me conoce y yo conozco al Padre; y doy mi vida por mis ovejas\u00bb (John 10:14-15).<\/p>\n<p>De la misma manera que Jes\u00fas sirve as\u00ed el quiere que nosotros sirvamos. El manda a Pedro que alimente a sus ovejas y que las cuide, no al estilo de ejecutivos profesionales que conocen los problemas de sus clientes y se preocupan por ellos, sino m\u00e1s b\u00eden como hermanos vulnerables que conocen y son conocidos, que se interesen y son objeto de inter\u00e9s, que perdonan y son perdonados, que aman y son amados.<\/p>\n<p>\u00abEl mando (direcci\u00f3n) al que Jes\u00fas se refiere es radicalmente distinto del mando que el mundo ofrece. Es un mando servil en el que el l\u00edder es un siervo vulnerable que necesita a la gente tanto como la gente le necesita a \u00e9l\u00bb.<span id='easy-footnote-10-52646' class='easy-footnote-margin-adjust'><\/span><span class='easy-footnote'><a href='https:\/\/vincentians.com\/es\/perfil-del-visitador-de-la-congregacion-de-la-mision-como-lider\/#easy-footnote-bottom-10-52646' title='Henri Nouwen and Bill Van Buren, In the Name of Jesus (New York: Crossroad, 1989), pp. 42-43.'><sup>10<\/sup><\/a><\/span>\n<p>\u00abEl mayor de entre vosotros debe portarse como si fuera el m\u00e1s peque\u00f1o, el maestro como si fuera el que sirve. Por que \u00bfqui\u00e9n es mayor&#8230;. el que se sienta a la mesa o el que sirve?. Ciertamente el que se sienta a la mesa. Sim embargo, aqu\u00ed estoy yo entre vosotros como el que sirve\u00bb.<\/p>\n<h2><strong>Un siervo l\u00edder &#8211; Historia (relato)<\/strong><\/h2>\n<p>\u00abVemos en este relato una banda de hombres en un viaje m\u00edtico. La figura central en la historia es Leo, el cual desempe\u00f1a en el grupo el papel de criadillo encargado de los quehaceres m\u00e1s bajos, pero que tambi\u00e9n les anima con sus buenas disposiciones y su canto. Es una persona de una gran utilidad. Todo va bien hasta que Leo desaparece. Entonces el grupo cae en un desorden total y el viaje se interrumpe. No pueden continuarlo sin el siervo Leo. El narrador, uno del grupo, despues de muchos a\u00f1os de vagabundo, encuentra a Leo y le recoge en la Orden que hab\u00eda patrozinado el viaje. All\u00ed descubre que Leo, al que hab\u00eda conocido primeramente como criado, era en realidad el superior mayor de la Orden, su esp\u00edritu viviente y un l\u00edder grande y noble.\u00bb<span id='easy-footnote-11-52646' class='easy-footnote-margin-adjust'><\/span><span class='easy-footnote'><a href='https:\/\/vincentians.com\/es\/perfil-del-visitador-de-la-congregacion-de-la-mision-como-lider\/#easy-footnote-bottom-11-52646' title='Robert K. Greenleaf, Servant Leadership: A Journey Into the Nature of Legitimate Power and Greatness (New York: Paulist Press, 1977), p. 7.'><sup>11<\/sup><\/a><\/span>\n<p>La idea de Robert Greenleaf para su libro, \u00abLiderazgo Servil\u00bb, fue producto de su lectura de \u00abViaje al Este\u00bb de Herman Hesse. La historia fue importante para Greeleaf porque relata con toda claridad que al gran l\u00edder se le ve ante todo como siervo (criado), y ese simple hecho es la llave de toda su grandeza. En relidad, el l\u00edder es ante todo y sobre todo siervo, y es as\u00ed porque en su interior se sent\u00eda sumamente bajo y humilde. Se confiri\u00f3 mando a un hombre que por naturaleza era siervo.<\/p>\n<p>B. C:123,&amp;2 da la siguiente descripcion de las responsabilidades del Visitador como l\u00edder. \u00abEl Visitador,<\/p>\n<ol>\n<li>celoso por la activa participci\u00f3n de todos en la vida y apostolado de la Provincia<\/li>\n<li>debe dedicar los misioneros y bienes al servicio de la Iglesia seg\u00fan el fin de la Congregaci\u00f3n,<\/li>\n<li>debe fomentar los ministerios de las casas<\/li>\n<li>debe mostrarse sol\u00edcito del progreso personal y actividades de cada uno,<\/li>\n<li>y as\u00ed procurar una viva uni\u00f3n entre todos\u00bb<\/li>\n<\/ol>\n<h2><strong>II. Responsabilidades del visitador como lider<\/strong><\/h2>\n<h3><strong>A. \u00abEl Visitador, celoso por la activa participaci\u00f3n de todos en la vida y apostolado de la Provincia&#8230;.\u00bb<\/strong><\/h3>\n<p><strong>1. Asamblea provincial<\/strong><\/p>\n<p><strong>C:143: \u00abCorresponde a la Asamblea Provincial, por ser la \u00abreun\u00f3n de misioneros\u00bb que en calidad de diputados \u00abrepresentan a la Provincia\u00bb: 2\u00ba \u00abtratar, como \u00f3rgano consultivo del Visitdor, de los asuntos que puden servir al bien de la Provincia\u00bb.<\/strong><\/p>\n<p>La Asamablea Provincial ofrece a los miembros una participaci\u00f3n activa en el gobierno de la Provincia. La Asamblea Provincial puede asesorar al Visitador en asuntos que pueden promover el bien de la Provincia. Si las asambleas est\u00e1n bien preparadas y si se las proporcionan buenos facilitadores profesionales,(especialmente compa\u00f1eros religiosos), tanto la direcci\u00f3n como los miembros obtendr\u00e1n un gran provecho. Es uno de los grandes momentos en la vida, y aun posiblemente ocasi\u00f3n de un santo furor y fuego para la vida de la Provincia.<\/p>\n<p><strong>2. Consejo provincial<\/strong><\/p>\n<p><strong>C:127: \u00abLos Consejeros, que forman el consejo del Visitador le ayudan y asesoran en el gobierno de la Provincia\u00bb, en orden a promover la unidad y vigor de la misma, poner en pr\u00e1ctica las Constituciones y las decisiones de la Asamblea Provincial y hacer que todas las Casas y sus miembros colaboren en la promoci\u00f3n de las obras. <\/strong><\/p>\n<p>El Visitador debe colaborar en uni\u00f3n \u00edntima con sus consejeros los cuales le ayudan con su trabajo y asesoramiento en el gobierno de la Provincia. Esta colaboracion \u00edntima exige reuniones regulares del consejo y sesiones de planificaci\u00f3n. En algunas ocasiones se originan ciertas tensiones cuando no se les dice nada a los miembros del consejo antes de tener la reunion para pedir consejo, v.g. \u00bfqu\u00e9 clase de participaci\u00f3n se les pide?, \u00bfes simplemente una consulta o consenso o una votaci\u00f3n deliverativa?<span id='easy-footnote-12-52646' class='easy-footnote-margin-adjust'><\/span><span class='easy-footnote'><a href='https:\/\/vincentians.com\/es\/perfil-del-visitador-de-la-congregacion-de-la-mision-como-lider\/#easy-footnote-bottom-12-52646' title='Loughland Sofield, ST and Donald H. Kuhn, \u00abThe Collaborative Leader: Listening to the Wisdom of God&amp;#8217;s People\u00bb (Notre Dame IN: Ave Maria Press, 1995), p. 207.'><sup>12<\/sup><\/a><\/span>\n<p>Sofield\/Kuhn nos ofrece alg\u00fan otro consejo para nuestro equipo de direcci\u00f3n (gobierno) (Visitador y Consejeros):<\/p>\n<ul>\n<li><em>Clarificar funciones y usar delegaci\u00f3n, subsidiaridad<\/em><\/li>\n<li>Todo lo que puedan hacer los miembros del equipo por ellos mismos no se les debe de quitar de su competencia para confiarselo a otros (e.g. visitador).<\/li>\n<li><em>Fomentar habilidades \u00fatiles para el trabajo en equipo<\/em><\/li>\n<li>\u00bfSon comunicativos entre ellos?.<\/li>\n<li>\u00bfDe que habilidades disponen los miembros para el trabajo que tienen que desempe\u00f1ar?<\/li>\n<li>\u00bfQu\u00e9 especialidades se deben traer de fuera para subsanar la carencia de las cualidades necesarias del grupo?.<\/li>\n<li><em>Utilizar asesores y facilitadores<\/em><\/li>\n<li><em>Apoyar conferencias de Superiores Religiosos Mayores<\/em><\/li>\n<li>Los Visitadores deben verse a si mismos como parte de una voz nacional para la vida religiosa; normalmente las conferencias nacionales proporcionan a los Visitadores un apoyo en maneras muy adecuadas y profesionales.<\/li>\n<li><em>Alimentar la vida de vuestro grupo humana y espiritualmente<\/em><\/li>\n<li><em>orar juntos<\/em><\/li>\n<li><em>compartir alguna comida juntos<\/em><\/li>\n<li><em>divertirse juntos<\/em><\/li>\n<li><em>Hacer frente a vuestra propia impotencia y necesidad de la ayuda de Dios. <\/em>Unicamente por una fe compartida en el Cristo Resucitado los miembros est\u00e1n en posici\u00f3n de aprender&#8230;.\u00bba disculpar sin l\u00edmites, a confiar sin l\u00edmites, a esperar sin l\u00edmites y a soportar sin l\u00edmites.\u00bb (I Cor. 13.7).<span id='easy-footnote-13-52646' class='easy-footnote-margin-adjust'><\/span><span class='easy-footnote'><a href='https:\/\/vincentians.com\/es\/perfil-del-visitador-de-la-congregacion-de-la-mision-como-lider\/#easy-footnote-bottom-13-52646' title='Ibid., pp. 207-216.'><sup>13<\/sup><\/a><\/span><\/li>\n<\/ul>\n<p><strong>3<\/strong>. <strong>Participaci\u00f3n activa<\/strong><\/p>\n<p>C:96 nos dice con toda claridad que el dialogo es totalmente necesario si queremos ser coresponsables:<\/p>\n<p style=\"padding-left: 30px\"><strong>\u00abTodos los miembros de la Congregaci\u00f3n, habiendo sido llamados a trabajar en la continuaci\u00f3n de la misi\u00f3n de Cristo, tienen el \u00abderecho y la obligaci\u00f3n\u00bb tanto de \u00abcolaborar\u00bb al bien de la comunidad apost\u00f3lica, como de \u00abparticipar en el gobierno de la misma\u00bb, seg\u00fan nuestro derecho propio. Por tanto, todos han de cooperar activa y responsablemente en el \u00abdesempe\u00f1o de los oficios, en la aceptaci\u00f3n de las tareas apost\u00f3licas y en el cumplimiento de los mandatos\u00bb.<\/strong>\u00ab<\/p>\n<p>El Visitador y su consejo deben trabajar en conjunto para crear nuevas formas de realzar la participaci\u00f3n activa de los cohermanos en la vida y apostolado de la Provincia, e.g. encuentros, reuniones de superiores, cuestionarios, etc&#8230;&#8230;<\/p>\n<p><strong>4. Di\u00e1logo<\/strong><\/p>\n<p style=\"padding-left: 30px\"><strong>C:97, &amp;2: Ellos (aquellos en la Congregaci\u00f3n con autoridad de gobierno) deben entablar, pues,\u00bb el di\u00e1logo con los compa\u00f1eros\u00bb, quedando, no obstante, a salvo su autoridad de decidir y mandar lo que se ha de hacer.<\/strong><\/p>\n<p style=\"padding-left: 30px\"><strong>C:37.&amp;1: La participaci\u00f3n en este misterio de Crito obediente requiere que todos, comunitariamente, busquemos la voluntad del Padre, mediante la mutua comunicaci\u00f3n de experiencias y el di\u00e1logo abierto y responsable. En \u00e9ste concurren las diversas edades y temperamentos, de modo que a partir de \u00e9l van madurando las tendencias coincidentes y surgen las que nos llevan a la toma de decisiones.<\/strong><\/p>\n<p>El Visitador debe dialogar con los cohermanos a la hora de hacer decisiones. La consulta es una parte necesaria en el proceso de toma de decisiones. Si el Visitador y su Consejo son los \u00fanicos responsables del cambio, entonces ah\u00ed tienes la receta para el fracaso. La participaci\u00f3n habilita la visi\u00f3n.<span id='easy-footnote-14-52646' class='easy-footnote-margin-adjust'><\/span><span class='easy-footnote'><a href='https:\/\/vincentians.com\/es\/perfil-del-visitador-de-la-congregacion-de-la-mision-como-lider\/#easy-footnote-bottom-14-52646' title='Gerald A. Arbuckle, SM, Refounding the Church: Dissent for Leadership (Maryknoll NY: Orbis Books, 1993), pp. 203-204.'><sup>14<\/sup><\/a><\/span> Este proceso en algunas ocasiones puede llegar a ser un tanto engorroso, pero normamlmente algo anda mal cuando no hay desacuerdos antes de tomar decisiones importantes. Debemos prestar oido atento a lo que los cohermanos comentan a cerca de las nuevas necesidades pastorales. Una direcci\u00f3n eficaz permanece siendo eficaz \u00fanicamente si aprendemos el arte de escuchar y dialogar.<span id='easy-footnote-15-52646' class='easy-footnote-margin-adjust'><\/span><span class='easy-footnote'><a href='https:\/\/vincentians.com\/es\/perfil-del-visitador-de-la-congregacion-de-la-mision-como-lider\/#easy-footnote-bottom-15-52646' title='Joan Chittister, OSB, The Fire in the Ashes: A Spirituality of Contemporary Religious Life (Kansas City: Sheed and Ward, 1995), pp. 36, 37.'><sup>15<\/sup><\/a><\/span>\n<p>El Centro Nacional de Direcci\u00f3n Pastoral en Annapolis, MD, despu\u00e9s de haber consultado a m\u00e1s de 500 l\u00edderes religiosos, desarroll\u00f3 una \u00abVisi\u00f3n Pastoral para el Ministerio en el siglo XXI\u00bb. Como resultado de su estudio, los l\u00edderes se preguntaron tambi\u00e9n sobre lo que \u00abno funciona hoy en la Iglesia\u00bb. Se di\u00f3 como respuesta que hab\u00eda en la Iglesia carencia de colaboraci\u00f3n y di\u00e1logo.<\/p>\n<p>Los participantes se\u00f1alaron, sin dudar, esta carencia como el obst\u00e1culo principal para el mejoramiento del Ministerio en la Iglesia.<\/p>\n<h3><strong>B. \u00abEl Visitador&#8230;. debe dedicar los misioneros bienes de la Congregaci\u00f3n al servicio de la Iglesia seg\u00fan el fin de la Congregaci\u00f3n&#8230;.(C:123 &amp;2).<\/strong><\/h3>\n<p><strong>1. Misi\u00f3n y plan apost\u00f3lico<\/strong><\/p>\n<p style=\"padding-left: 30px\"><strong>C:2: Supuesto este fin, la Congregaci\u00f3n de la Misi\u00f3n, atendiendo siempre al Evanagelio,\u00bb a los signos de los tiempos\u00bb y a las peticiones m\u00e1s urgentes de la Iglesia, \u00abprocurar\u00e1 abrir nuevos caminos y aplicar medios\u00bb adaptados a las circunstancias de tiempo y lugar, se esforzar\u00e1 adem\u00e1s \u00abpor enjuiciar y ordenar las obras y ministerios, permaneciendo as\u00ed en estado de renovaci\u00f3n cont\u00ednua\u00bb.<\/strong><\/p>\n<p style=\"padding-left: 30px\"><strong>C:13:\u00bb Las Provincias, por su parte, juzgar\u00e1n sobre las formas de apostolado que han de asumir\u00bb, de suerte que, fieles al esp\u00edritu y ejemplo de San Vicente, integren su actividad apost\u00f3lica en la acci\u00f3n pastoral de la Iglesia local, seg\u00fan las ense\u00f1anzas e instrucciones demanadas de la Santa Sede, de las Conferencias Episcopales y de los Obispos diocesanos.<\/strong><\/p>\n<p>Seg\u00fan las Constituciones y Estatutos, nuestra misi\u00f3n puede realizarse por medio de una variedad de diferentes trabajos apost\u00f3licos, e.g. misiones populares, misiones ad gentes, seminarios, ministerio de las Hijas de la Caridad, parroquias, universidades,etc. Sin embargo, pertenece a cada provincia el determinar las formas de apostolado que pueden realizarse teniendo presentes la limitaci\u00f3n de personal y los recursos materiales de que dispone. Por lo tanto, es necesario evaluar y planificar nuestros trabajos y ministerios para poder estar en un estado constante de renovaci\u00f3n para la misi\u00f3n. Es funci\u00f3n del Visistador como l\u00edder fomentar este proceso de evaluaci\u00f3n y de planificaci\u00f3n de los trabajos.<\/p>\n<p>Pensando en C:2 y C:13 me viene a la mente una pr\u00e1ctica que seg\u00fan me han dicho est\u00e1 en uso en Irlanda:<\/p>\n<p><em>Grieshog: Muerte\/Nueva Vida<\/em><\/p>\n<p>\u00abLos Irlandeses tienen una palabra \u00abgrieshog\u00bb y los gaelic parlantes nos dicen que significa el proceso de enterrar por la noche las cenizas de las ascuas de carb\u00f3n para preservar el fuego para la ma\u00f1ana fria del d\u00eda siguiente. En vez de limpiar el hogar de carb\u00f3n, la gente conservaba durante la noche el carb\u00f3n incasdescente del d\u00eda anterior bajo capas de cenizas con el fin de tener un fuego nuevo r\u00e1pido al d\u00eda siguiente. Este proceso es sumamente importante. De lo contrario, si el carb\u00f3n se consume, hay que preparar y encender un nuevo fuego por la ma\u00f1anita, un trabajo que lleva tiempo y que retrasa otro quehacer m\u00e1s importante del nuevo d\u00eda. As\u00ed, el inter\u00e9s principal era no permitir que el fuego del d\u00eda anterior se consumiese completamente al final del d\u00eda. Por el contrario, el carb\u00f3n escondido bajo montones de cenizas durante la larga y orcura noche era atendido con cuidado para que el fuego pudiese saltar de nuevo a la vida a la primera luz del alba. El fuego viejo no muri\u00f3: conserv\u00f3 su calor con el fin de poder encender el fuego nuevo.<span id='easy-footnote-16-52646' class='easy-footnote-margin-adjust'><\/span><span class='easy-footnote'><a href='https:\/\/vincentians.com\/es\/perfil-del-visitador-de-la-congregacion-de-la-mision-como-lider\/#easy-footnote-bottom-16-52646' title='Ibid., p. 54.'><sup>16<\/sup><\/a><\/span>\n<p>Cuando nosotros, misioneros, evaluamos y planeamos nuestros trabajos, sucede como si enterrasemos ascuas de carb\u00f3n en capas de cenizas, i.e., estamos evaluando lo que se ha de hacer al d\u00eda siguiente, qu\u00e9 cambios hay que realizar, qu\u00e9 renovaciones se han de hacer. Nuestra costumbre de \u00abGrieshog\u00bb nos permite cambiar del pasado al presente y, m\u00e1s importante todav\u00eda, al futuro. No podemos permitir que aquellos carbones de evaluaciones, planes y relaciones del pasado desparezcan o nos arriesgaremos a no saber el lugar donde pisamos o como podemos movernos hacia una nuevo d\u00eda, hacia el futuro, con luz y claridad.<\/p>\n<p>Y un vez que el fuego esta prendido, debemos de trabajar con paciencia y con constancia para mantenerlo en ascuas. Lo que se pide es una fidelidad creativa. Y de nuevo podemos preguntarnos: \u00bfpor qu\u00e9 no nos transformamos totalmente en fuego?.<\/p>\n<p><strong>2. plan provincial<\/strong><\/p>\n<p style=\"padding-left: 30px\"><strong>S.69: Corresponde al Visitador:1\u00ba: \u00abhacer el proyecto provincial\u00bb seg\u00fan las Normas Provinciales y con el consentimiento de su Consejo<\/strong><\/p>\n<p>Esto requiere siempre un gran esfurzo de colaboraci\u00f3n de parte de los cohermanos de la Provincia. El plan es para todos nosotros y, por lo tanto, debe de ser preparado por todos nosotros. Adem\u00e1s, la planificaci\u00f3n del apostolado debe de formar tambi\u00e9n parte del plan provincial<\/p>\n<p><strong>3. Destinos de personas<\/strong><\/p>\n<p style=\"padding-left: 30px\"><strong>C:96: Todos los miembros de la Congregaci\u00f3n, habiendo sido llamados a trabajar en la continuaci\u00f3n de la misi\u00f3n de Cristo, tienen el derecho y la obligaci\u00f3n tanto de colaborar al bien de la comunidad apost\u00f3lica , como de participar en el gobierno de la misma, seg\u00fan nuestro derecho propio. Por tanto, \u00abtodos han de cooperar activa y responsablemente en el desempe\u00f1o de los oficios,\u00bb en la aceptaci\u00f3n de las tareas apost\u00f3licas y en el cumplimiento de los mandatos.<\/strong><\/p>\n<p>Una de las decisiones m\u00e1s importantes que tiene que hacer el Visitador es el asignar a las personas a las distintas actividades de la Provincia. Al hacer los destinos el Visitador debe de tener siempre presente \u00abla misi\u00f3n\u00bb. Es tambi\u00e9n obligaci\u00f3n suyA el conocer las cualidades especiales y las necesidades de cada cohermano.<\/p>\n<p><strong>Otros recursos<\/strong><\/p>\n<p style=\"padding-left: 30px\"><strong>C:148, &amp;1: La Congregaci\u00f3n de la Misi\u00f3n \u00abposee bienes temporales por exigencias pastorales y comunitarias; se sirve de ellos como de recursos para el servicio de Dios y de los pobres\u00bb, seg\u00fan el esp\u00edritu y la pr\u00e1ctica del Fundador, y los administra, como patrimonio de los pobres, con solicitud, pero sin af\u00e1n de atesorar.<\/strong><\/p>\n<p>Las decisiones Provinciales sobre bienes y propiedades temporales deben tener siempre como principal objetivo el servicio de la \u00abmisi\u00f3n\u00bb. El Visitador y el Procurador deben siempre trabajar juntos en di\u00e1logo muy abierto, compartiendo siempre informaci\u00f3n importante dentro y fuera de las reuniones del consejo.<\/p>\n<h3><strong>C. \u00abEl Visitador.. debe fomentar los ministerios de las casas\u00bb.<\/strong><\/h3>\n<p><strong>1. Proyecto comunitario<\/strong><\/p>\n<p style=\"padding-left: 30px\"><strong>C:27: Cada comunidad se esforzar\u00e1 por elaborar \u00absu proyecto com\u00fan\u00bb seg\u00fan las Constituciones, los Estatutos y las Normas Provinciales. Este proyecto se tendr\u00e1 presente en la \u00abordenaci\u00f3n de la vida y del trabajo\u00bb, en la celebraci\u00f3n de los consejos y en la evalucaci\u00f3n peri\u00f3dica de nuestra vida y actividad.<\/strong><\/p>\n<p style=\"padding-left: 30px\"><strong>S16: El proyecto comunitario que cada comunidad confecciona<\/strong> <strong>en cuanto es factible, al comienzo del a\u00f1o de trabajo, ha de abarcar: la actividad apost\u00f3lica, la oraci\u00f3n, el uso de bienes, el testimonio cristiano en el lugar de trabajo, la formaci\u00f3n permanente, los tiempos de reflexi\u00f3n comunitaria, el tiempo necesario de esparcimiento y de estudio y el \u00f3rden del d\u00eda. Todo esto se revisar\u00e1 peri\u00f3dicamente. <\/strong><\/p>\n<p style=\"padding-left: 30px\"><strong>S:69.5: Es funci\u00f3n del<\/strong> <strong>Visitador &#8230;.. \u00abaprobar el Proyecto comunitario de las casas preparado por el superior local con su comunidad.<\/strong><\/p>\n<p>El proyecto comunitario es la herramientA fundamental de planificaci\u00f3n que orienta la vida ordinario de los cohermanos en una comunidad local. El Visitador debe poner inter\u00e9s especial en estos proyectos comunitarios que deben hacerlos todos los miembros de la comunidad local. Cada cohermano debe tener tambi\u00e9n su propio proyecto personal. Los siguientes elementos deben constituir parte de ese proyecto: conversi\u00f3n personal, fidelidad al Se\u00f1or, compromiso de evangelizaci\u00f3n, vida de comunidad, oraci\u00f3n, votos, formaci\u00f3n permanente, desarrollo f\u00edsico y cultural. El cohermano debe de compartir su proyecto personal con su Superior.<\/p>\n<p><strong>2. Visitas a las casas<\/strong><\/p>\n<p style=\"padding-left: 30px\"><strong>C:125.6\u00ba: Es funci\u00f3n del Visitador.. \u00abhacer visitas frecuentes\u00bb a las Casas y a los misioneros, \u00ablo que har\u00e1 por oficio al menos cada dios a\u00f1os.<\/strong>\u00ab<\/p>\n<p style=\"padding-left: 30px\"><strong>S:69.6\u00ba: Es funci\u00f3n del Visitador&#8230; enviar al Superior General informes sobre los asuntos de la Provincia y sobre las visitas de oficio hechas a las Casas.<\/strong><\/p>\n<p>La visita a las casas ofrece al Visitador una buena oportunidad para ver los ministerios de la casa \u00abin situ\u00bb. Durante la visita, el Visitador tiene, adem\u00e1s, la oportunidad de hablar individualmente con cada uno de los miembros en particular y deber\u00eda encontrar la ocasi\u00f3n de poder hablar a todos los miembros de la casa en comunidad.<\/p>\n<p><strong>3. nombramiento de superiores<\/strong><\/p>\n<p style=\"padding-left: 30px\"><strong>C:125.4\u00ba: Es funci\u00f3n del visitador&#8230;.. con el consentimiento de su Consejo y despu\u00e9s del haber consultado a los miembros de la comunidad, nombrar los superiores de las Casas e informar del nombrammiento al Superior General<\/strong>.<\/p>\n<p>El Visitador debe tomar muy en serio el nombramiento del superior local porque \u00e9l es el \u00abcentro de unidad y el animador de la vida de la comunidad local\u00bb (cnf. C:129,&amp;1). En cierto sentido el Visitador da destino a la direcci\u00f3n local de la provincia.. La vida y esp\u00edritu de la Congregaci\u00f3n deber\u00eda crecer en cada casa como en un microcosmo.<\/p>\n<p>El Visitador puede ayudar en gran manera al Superior en la \u00abanimaci\u00f3n\u00bb de las comunidades. Los Visitadores en Rio 1989 lo detallaron as\u00ed:<\/p>\n<ul>\n<li>esforz\u00e1ndose en acercarse a los cohermanos e interes\u00e1ndose en sus vidas y trabajos.<\/li>\n<li>escribiendoles cartas de animaci\u00f3n<\/li>\n<li>fomentando dias de retiro espiritual para toda la Provincia o por regiones<\/li>\n<li>asignando el \u00abD\u00eda de la Provincia\u00bb y preparando su celebraci\u00f3n, compartiendo informaci\u00f3n, etc.<\/li>\n<li>teniendos reuniones regulares con los Superiores (por lo menos una vez al a\u00f1o).<\/li>\n<li>ofreciendo atenci\u00f3n a los cohermanos j\u00f3venes y mostrando mucho inter\u00e9s en sus trabajos<\/li>\n<li>animando a compartir la fe, y favoreciendo la oraci\u00f3n comunitaria, las reuniones regulares, las comidas en comunidad, sencillez en el uso de los bienes materiales, actos de penitencia comunitaria y tiempos de recreo juntos.<\/li>\n<\/ul>\n<h3><strong>D. \u00abEl visitador&#8230;. debe preocuparse del desarrollo personal y de la actividad de cada cohermano&#8230;\u00bb<\/strong><\/h3>\n<p><strong>1. Formaci\u00f3n permanente<\/strong><\/p>\n<p style=\"padding-left: 30px\"><strong>C:81: La formaci\u00f3n de los nuestros ha de\u00bb prolonqarse y renovarse todo el tiempo de la vida\u00bb.<\/strong><\/p>\n<p style=\"padding-left: 30px\"><strong>S:42: Con la ayuda de la Comisi\u00f3n de Formaci\u00f3n cada una de las Provincias procure organizar y fomentar la formaci\u00f3n permanente tanto comunitaria como individual.<\/strong><\/p>\n<p>El Visitador debe proveer oportunidades provinciales para la formaci\u00f3n permanente de los miembros de la provincia. Algunas ideas adicionales sobre lo que se debe hacer en este respecto fueron indicadas por los Visitadores en Rio (1989):<\/p>\n<p>Practicas para la formacion permanente (de la reuni\u00f3n de Visitadores en Rio, 1989):<\/p>\n<ul>\n<li>Cursos profesionales para ponerse al d\u00eda<\/li>\n<li>Nombrar un director que pueda estudiar cuestiones y preparar programas.<\/li>\n<li>Organizar dias de formaci\u00f3n para toda la Provincia y repetirlo varias veces.<\/li>\n<li>Adquirir libros y revistas para mantenerse al d\u00eda.<\/li>\n<li>Presentaciones breves en alg\u00fan d\u00eda se\u00f1alado.<\/li>\n<li>Se\u00f1alar varias semanas de formaci\u00f3n todos los a\u00f1os, con car\u00e1cter obligario, sobre temas de teolog\u00eda, sociolog\u00eda, moral, liturg\u00eda y Escritura.<\/li>\n<li>Semanas de estudio y otros cursos anuales.<\/li>\n<li>Ofrecer a los cohermanos a\u00f1os sab\u00e1ticos bien planificados<\/li>\n<li>Boletines y revistas de formaci\u00f3n e informaci\u00f3n.<\/li>\n<li>Lectura y reflexi\u00f3n comunitaria sobre documentos vicencianos.<\/li>\n<li>Sesiones de estudio de espiritualidad vicenciana.<\/li>\n<li>Tomar parte en meses o semanas vicencianas, o en sesiones de estudio.<\/li>\n<li>Preparar una biblioteca vicenciana para la Provincia.<\/li>\n<li>Participaci\u00f3n obligatoria en retiros comunitarios.<\/li>\n<\/ul>\n<p>Quiero a\u00f1adir aqu\u00ed algunas reflexiones sobres la \u00abpromoci\u00f3n de vocaciones y sobre la formaci\u00f3n inicial\u00bb en vista de la relaci\u00f3n tan \u00edntima que tienen con el tema de \u00abformaci\u00f3n permanente\u00bb.<\/p>\n<p>San Juan Chittister dijo algo que merece nuestra reflexi\u00f3n:<\/p>\n<p>Para buscar hoy vocaciones, para trabajar hoy en la formaci\u00f3n de la vida religiosa, para crear hoy una vida religiosa con car\u00e1cter prof\u00e9tico, debemos dirigir la formaci\u00f3n hacia un concentrarse resuelto (firme)&#8230;Debemos dar formaci\u00f3n para un preocuparse desenfrenado&#8230; Debemos formar para arriesgarse&#8230; Debemos formar para entablar una cr\u00edtica social, para levantar ampollas, para quemar concentraciones de sistemas que hacen a los pobres,m\u00e1s pobres, y mantienen al pobre, igualmente pobre. Debemos dirigir la formaci\u00f3n hacia la comunidad, construyendo m\u00e1s all\u00e1 de nosotros mismos hacia la configuraci\u00f3n de la comunidad de extra\u00f1os en un mundo universal. Debemoos formar para la suficiencia, no para una pobreza que se funda en licencias (permisos)&#8230;Debemos educar para langostas y para miel en un mundo lleno de trajes (uniformes). Debemos de formar para una marginaci\u00f3n voluntaria, para separarse del sistema antes que para beneficiarse en \u00e9l. Debemos de formar para un proceder prof\u00e9tico mejor que para un proceder sumiso y obediente, para lo pastoral antes que para lo propiamente eclesiastico. Debemos formar para una presencia prof\u00e9tica&#8230;. \u00abNo sufrimos crisis de vocaciones\u00bb. Tenemos crisis de espiritualidad. Ning\u00fan programa de promoci\u00f3n vocacional puede sustituir a estos\u00bb.<span id='easy-footnote-17-52646' class='easy-footnote-margin-adjust'><\/span><span class='easy-footnote'><a href='https:\/\/vincentians.com\/es\/perfil-del-visitador-de-la-congregacion-de-la-mision-como-lider\/#easy-footnote-bottom-17-52646' title='Ibid., p. 178.'><sup>17<\/sup><\/a><\/span>\n<p>Yo admiro a Chittister y a los que escriben a cerca del \u00abrecrutamiento de vocaciones\u00bb, o mejor, de proporcionar nuevos miembros a la Congregaci\u00f3n, cuando centran todo el inter\u00e9s en la \u00abcalidad de nuestra vida\u00bb como misioneros prof\u00e9ticos y compasivos. Para algunos provincias, debemos poner en pr\u00e1ctica lo de \u00abGrieshog\u00bb cuando planificamos la promoci\u00f3n vocacional y traemos nuevos miembros a nuestra \u00abPeque\u00f1a Compa\u00f1ia\u00bb.<\/p>\n<p>\u00abDebemos enterrar los carbones, llevarlos a nuevos lugares para que puedan arder de nuevo&#8230; Amontonar y enterrar carbones son, sencillamente, partes distintas de un mismo proceso llamado Vida de Dios, llamado tambi\u00e9n crecimiento en compromiso, en espiritualidad, en santidad, en sabidur\u00eda, en edad y en gracia&#8230;La cuestion es&#8230;acaso nuestra generaci\u00f3n tiene el calor espiritual suficiente, reservadado para \u00abGrieshog\u00bb&#8230;.. No somos la primera generaci\u00f3n para la que \u00e9ste es el contenido de nuestras vidas, pero si no lo hacemos de todo coraz\u00f3n, otras generaciones posteriores tal vez no tengan la oportunidad de hacer lo mismo, calentarse en el mismo fuego, poner el mundo en llamas con los carbones de sus vidas.<span id='easy-footnote-18-52646' class='easy-footnote-margin-adjust'><\/span><span class='easy-footnote'><a href='https:\/\/vincentians.com\/es\/perfil-del-visitador-de-la-congregacion-de-la-mision-como-lider\/#easy-footnote-bottom-18-52646' title='Robert P. Maloney, C.M., Vendre les calices, in Vincentiana, n\u00b0 3, 1996, p 191.'><sup>18<\/sup><\/a><\/span>\n<p>Deseo a\u00f1adir aqu\u00ed tambi\u00e9n algunos puntos valiosos que se desarrollaron en la Reuni\u00f3n de Visitadores en Rio de Janeiro, Julio 3-17, 1989 referente al VISITADOR Y ANIMACION DE FORMACION:<\/p>\n<ul>\n<li>Debe tener un contacto cualitativo con el personal de formaci\u00f3n y con los j\u00f3venes;<\/li>\n<li>Debe fomentar algunos factores esenciales para la formaci\u00f3n, como son la identificaci\u00f3n con Cristo y la voluntad de seguirle;<\/li>\n<li>Un estudio serio, profundo,y permanente y una apreciaci\u00f3n de la vida, del carisma y de las intuiciones de San Vicente;<\/li>\n<li>Contacto con los pobres y con los ministerios de servicio al clero y al laicado;<\/li>\n<li>Los novicios en el Seminario Interno deben vivir por alg\u00fan tiempo en las comunidades locales, y los que vivan en estas comunidades deben compartir con los novicios la responsabilidad de dar la formaci\u00f3n espiritual vicenciana misionera a los que se les han enviado.<\/li>\n<li>Los del equipo de formaci\u00f3n deben preocuparse de que los candidatos aprendan lenguas, y se familiaricen con distintas culturas y mentalidades con el fin de que puedan prepararse para el contexto universal de nuestra misi\u00f3n.<\/li>\n<li>Nuestra vocaci\u00f3n misionera y nuestras actividades exigen una formaci\u00f3n espec\u00edfica para que podamos asumir (manejar) los cambios del mundo, los problemas particulares en nuestros apostolados, las necesidades de distintos grupos y las inovaciones en el conocimiento religioso y profano.<\/li>\n<\/ul>\n<p><strong>2. Cohermanos enfermos y ancianos<\/strong><\/p>\n<p style=\"padding-left: 30px\"><strong>C:26.&amp;1: Los misioneros enfermos, los delicados de salud y los ancianos nos ser\u00e1n entra\u00f1ablemente queridos y estimaremos su presencia como una bendici\u00f3n para nuestras casas. Por eso, adem\u00e1s de procurar los cuidados m\u00e9dicos y aliviarles en su vida, les reservaremos una participaci\u00f3n adecuada en la vida familiar y en nuestro apostolado.<\/strong><\/p>\n<p style=\"padding-left: 30px\"><strong>S 13: Los misioneros enfermos y los ancianos, como est\u00e1n unidos a Cristo paciente de manera especial, cooperan con nosotros en la evangelizaci\u00f3n del mundo. Los acogemos con gusto en la casa que se benefici\u00f3 de su trabajo. Pero el Visitador, atentamente considerado todo, proveer\u00e1 lo que sea mejor para ellos.<\/strong><\/p>\n<p>El Visitador se interesar\u00e1 de que los cohermanos enfermos y ancianos reciban un cuidado esmerado, vendiendo los c\u00e1lices si fuese preciso por atenderlos debidamente, como nos dice el P. Maloney, citando las palabras de San Vicente.<span id='easy-footnote-19-52646' class='easy-footnote-margin-adjust'><\/span><span class='easy-footnote'><a href='https:\/\/vincentians.com\/es\/perfil-del-visitador-de-la-congregacion-de-la-mision-como-lider\/#easy-footnote-bottom-19-52646' title='David J. Nygren and Miriam D. Ukeritis, FORUS (Westport CT: Praeger, 1993), pp. 246-247.'><sup>19<\/sup><\/a><\/span>\n<p><strong>3. Cohermanos afectados con alguna dificultad<\/strong><\/p>\n<p style=\"padding-left: 30px\"><strong>C:123. &amp;2: El visitador&#8230; debe mostrarse sol\u00edcito del progreso personal y actividades de cada cohermano&#8230;..<\/strong><\/p>\n<p style=\"padding-left: 30px\"><strong>S:14, &amp;2: Procuraremos ayudar fraternalmente y a tiempo a los compa\u00f1eros que pasan por dificultades.<\/strong><\/p>\n<p>El Visitador no debe escatimar los recursos que sean necesarios para ayudar a los cohermanos que est\u00e9n afectados con dificultades, e.g. direcci\u00f3n espiritual, tratamiento psicol\u00f3gico, descanso, etc.. Es ideal que el Visitador muestre su atenci\u00f3n y dedique alg\u00fan tiempo en estos casos, como llamadas telef\u00f3nicas, visitas. Se entiende que esto no debe de ocupar al Visitador la mayor parte de su tiempo; debe siempre equilibrar misi\u00f3n y mantenimiento.<\/p>\n<h3><strong>E. \u00ab&#8230;.procurando una viva uni\u00f3n entre todos.<\/strong><\/h3>\n<p><strong>1. Uni\u00f3n en la provincia<\/strong><\/p>\n<p style=\"padding-left: 30px\"><strong>C:123. &amp;2: El Visitador, celoso por la activa participaci\u00f3n de todos en la vida y apostolado de la Provincia, dedique los misioneros y bienes de la misma al servicio de la Iglesia seg\u00fan el fin de la Congregaci\u00f3n, fomente los ministerios de las Casas y mu\u00e9strese sol\u00edcito del progreso personal y actividades de cada uno, \u00abprocurando una viva uni\u00f3n entre todos\u00bb.<\/strong><\/p>\n<p>El resultado final de una buena direcci\u00f3n provincial ser\u00e1 un sentido de viva uni\u00f3n y misi\u00f3n corporativa en la Provincia. Al contrario, si la direcci\u00f3n provincial no es buena, la moral de la Provincia se deteriorar\u00e1 y se dejar\u00e1 sentir inmediatamente por todos. La llave de esta frase es \u00abviva\u00bb ! Qu\u00e9 desaf\u00edo tan grande para un Visitador el asegurar no s\u00f3lo uni\u00f3n, sino \u00abuni\u00f3n viva\u00bb para toda la Provincia.<\/p>\n<p>Al final de mi ponencia, desear\u00eda centrar la atenci\u00f3n a la \u00abdirecci\u00f3n\u00bb, muy especialmente a las cualidades de direcci\u00f3n. Deseo ofrecer el siguiente material como una ayuda, unas lineas de direcci\u00f3n para que los Visitadores puedan reflexionar sobre sus propias cualidades de liderazgo.<\/p>\n<h2>Herramienta de autoevaluacion para examinar las cualidades propias de liderazgo<\/h2>\n<ul>\n<li>Acl\u00e1rate y Rel\u00e1jate. No seas violento<\/li>\n<li>Aprende a confiar en la gente con la que trabajas<\/li>\n<li>No tengas miedo a la gente, a las relaciones y a la intimidad.<\/li>\n<li>No tengas miedo a luchar con el aferramiento de la gente<\/li>\n<li>No te aisles de la gente ni de sus problemas<\/li>\n<li>Abrete emocionalmente<\/li>\n<li>No tengas miedo en exponer tus propias ansiedades, tu propia vulnerabilidad, y tu propia humanidad<\/li>\n<li>S\u00e9 asequible y disponible<\/li>\n<li>No huyas de los problemas y de las situaciones de la gente a quienes pretendes sevir.<\/li>\n<li>Rezuma vida y energ\u00eda<\/li>\n<li>Conserva tu idealismo y frescura<\/li>\n<li>Proyecta un sentido de esperanza<\/li>\n<li>Arriesgate y act\u00faa para crear una nuva vida en una nueva direcci\u00f3n<\/li>\n<li>No te desanimes<\/li>\n<li>Evita sentirte seguro y perezoso<\/li>\n<li>Alterna con la gente y haz que ellos te cambien<\/li>\n<li>Ampl\u00eda tu experiencia de la vida<\/li>\n<li>No seas tan inflexible, abre y ensancha tus horizontes<\/li>\n<\/ul>\n<h2><strong>Lideres sobresalientes<\/strong><\/h2>\n<p>Perm\u00edtanme compartir con Uds. algunas de las conclusiones sacadas por Nygren-Ukeritis en su estudio FORUS, especialmente en cuanto al liderazgo.<\/p>\n<p>\u00abLa investigaci\u00f3n presenta un p\u00e9rfil de los l\u00edderes sobresalientes de las \u00f3rdenes religiosas. Son hombres y mujeres enra\u00eczados profundamente en la fe, capaces de reconocer la centralidad de Dios en sus vidas. Se sienten personalmente la necesidad de realizar mucho y reconocen claramente el impacto que podr\u00eda tener la congregaci\u00f3n. Se caracterizan, sin embargo, por la objetividad y la compasi\u00f3n. Con todos estos atributos, l\u00edderes sobresalientes no tienen tanto necesidad en s\u00ed de pertenecer al grupo que intentan dirigir, pero al mismo tiempo s\u00ed encuentran sentido precisamente en este contexto de fe, membres\u00eda e impacto. El lider sobresaliente tiene una clara visi\u00f3n del futuro y exitosamente emplea las decisiones del grupo.<\/p>\n<p>Por otro lado, l\u00edderes eficaces est\u00e1n enraizados en el reconocimiento que ellos actuan con, y en el nombre de, Dios. Tratan a los miembros como si fueran iqualmente responsables por la vida de la congregaci\u00f3n sin perder, sin embargo, la claridad de su papel como l\u00edderes. Los l\u00edderes eficaces saben posicionar su congregaci\u00f3n estrat\u00e9gicamente para responder a las necesidades humanas, y generalmente su autoridad es reconocida por los miembros. En congregaciones apost\u00f3licas, mendicantes, mon\u00e1sticas o enclautradas, l\u00edderes comprenden la importancia de un enfoque y una identidad clara para poder guardar optimismo y productividad entre los miembros.<span id='easy-footnote-20-52646' class='easy-footnote-margin-adjust'><\/span><span class='easy-footnote'><a href='https:\/\/vincentians.com\/es\/perfil-del-visitador-de-la-congregacion-de-la-mision-como-lider\/#easy-footnote-bottom-20-52646' title='Robert P. Maloney, C.M., He Hears the Cry of the Poor: On the Spirituality of St. Vincent de Paul(Hyde Park, NY: New City Press, 1995), pp. 22-26, 27-29.'><sup>20<\/sup><\/a><\/span> Los impulsos hacia extremos de reformismos o reaccionismos se pueden controlar enfocando crear competencias m\u00e1s que ideolog\u00edas.<\/p>\n<h2>Lista de cualidades notables en la bibliografia utilizada para esta ponencia<\/h2>\n<p>La cualidad que debe ocupar el primer lugar, por ser muy fundamental, es el deseo y la aptitud del Visitador para \u00abescuchar\u00bb, la base de todo ministerio. Expresa el deseo del oyente para aprender y crecer por el conocimiento y la sabiduria que otros ofrecen.<\/p>\n<p>Bob Maloney, en su libro \u00abEL OYE EL GEMIDO DEL POBRE\u00bb: sobre la espiritualidad de Vicente de Paul, ha indicado que \u00abel escuchar\u00bb es la base para la espiritualidad. Habla de las cualidades que caracterizan a los \u00abbuenos oyentes\u00bb: \u00abhumildad\u00bb, reconociendo que todo es un don o regalo; \u00aboraci\u00f3n y meditaci\u00f3n\u00bb, \u00fanicamente cuando se medita lo que se oye se llega a entender todo su significado; respeto hacia lo que oimos de la gente, como en el caso de San Vicente, que lleg\u00f3 a convencerse poco a poco de que \u00ablos pobres son los que poseen la verdadera religi\u00f3n\u00bb y de que debemos ser evangelizados por ellos; y \u00abcortes\u00eda\u00bb, uno de los signos m\u00e1s importantes de respeto hacia la persona humana. En nuestra vida de comunidad, y especialmente en las reuniones, encontramos m\u00faltiples ocasiones para \u00abprestar atenci\u00f3n viva, humilde y fraternalmente a las opiniones y necesidades de cada cohermano. (C.24.3\u00ba)<\/p>\n<p><em>2. El coraz\u00f3n y esencia de toda direcci\u00f3n se basa en la capacidad de uno para ser \u00abcompasivo\u00bb<\/em>.<\/p>\n<p>La compasi\u00f3n empieza en nuestros corazones, que debemos abrir \u00abpara que lleguen a sensibilizarse a los sufrimientos y miserias del vecino. Debemos orar a Dios para que nos d\u00e9 un esp\u00edritu de misericordia, que es en verdad el esp\u00edritu de Dios. La Iglesia dice que Dios por naturaleza es compasivo y que El nos otorga este esp\u00edritu\u00bb.<span id='easy-footnote-21-52646' class='easy-footnote-margin-adjust'><\/span><span class='easy-footnote'><a href='https:\/\/vincentians.com\/es\/perfil-del-visitador-de-la-congregacion-de-la-mision-como-lider\/#easy-footnote-bottom-21-52646' title='Louis Abelly, The Life of the Venerable Servant of God Vincent de Paul (Three Volumes), (New Rochelle NY: New City Press 1993), translated and edited from the Premartin Edition of 1891, p. 118.'><sup>21<\/sup><\/a><\/span>\n<p>Nuestra conducta exterior, dice Vicente, debe ser reflejo de nuestra actitud interior, como la de Jes\u00fas, por ejemplo, que llor\u00f3 por la suerte que amenazaba a Jerusalem. O refiriendose al vecino: \u00abNosotros debemos usar un lenguaje compasivo con el fin de hacer saber a nuestro pr\u00f3jimo que estamos sumamente interesados por ellos y que sufrimos por sus penas. Finalmewnte, hay que actuar,\u00bben cuanto est\u00e9 de nuestra parte tenemos que hacer lo posible por dar fin a sus sufrimientos, pues la mano ha de ir dirigida, en cuanto sea posible, por el coraz\u00f3n.\u00bb El biografo de Vicente, Louis Abelly, observ\u00f3 este lenguaje vivo en el Santo: \u00abCuando la gente le hablaba sobre alguna pena o necesidad particular del pobre, el daba un suspiro, cerraba sus ojos, y encorbaba sus hombres como una persona abatida por los sufrimientos. Su cara manifestaba el sufrimiento profundo por el que compart\u00eda en las desgracias del pobre\u00bb.<span id='easy-footnote-22-52646' class='easy-footnote-margin-adjust'><\/span><span class='easy-footnote'><a href='https:\/\/vincentians.com\/es\/perfil-del-visitador-de-la-congregacion-de-la-mision-como-lider\/#easy-footnote-bottom-22-52646' title='Ibid.'><sup>22<\/sup><\/a><\/span>\n<p>Vicente continuaba, animando a sus misioneros a que vistiesen la insignia de reconocimiento: \u00abPedid esta gracia a Dios, que nos d\u00e9 este esp\u00edritu de compasi\u00f3n y de clemencia, y que nos llene de \u00e9l de tal manera que al ver nosotros a un misionero al momento pensemos: ah\u00ed va una persona llena de compasi\u00f3n.\u00bb (Abelly, III, p.118). Nadie puede sentirse satisfecho de haber hecho lo suficiente. A\u00fan San Vicente se lamentaba en su propio caso: \u00bb \u00a1Ay de mi!, los setente y seis a\u00f1os de mi vida me parecen un corto sue\u00f1o. Lo que queda ahora \u00fanicamente es el pesar de haber usado este tiempo tan miserablemente. Pensad en la tristeza que tendremos a la hora de nuestra muerte si no hemos usado este breve tiempo de nuestras vidas para mostrar clemencia hacia otros.\u00bb La lecci\u00f3n, el advirti\u00f3 a sus hermanos, es \u00abnunca encontrarse con el pobre sin tratar de consolarle, o con una persona ignorante sin tratar de ayudarle a entender, en pocas palabras, lo que tiene que creer y hacer para asegurar su salvaci\u00f3n. Oh Salvador (el oraba).. no retires de este Compa\u00f1\u00eda el esp\u00edritu de compasi\u00f3n.\u00bb<span id='easy-footnote-23-52646' class='easy-footnote-margin-adjust'><\/span><span class='easy-footnote'><a href='https:\/\/vincentians.com\/es\/perfil-del-visitador-de-la-congregacion-de-la-mision-como-lider\/#easy-footnote-bottom-23-52646' title='Ibid., p. 119.'><sup>23<\/sup><\/a><\/span>\n<p>Una palabra importante en el pensamiento de Vicente es \u00abcoraz\u00f3n\u00bb. Nuestro coraz\u00f3n conoce primero la miseria de los otros. Es nuestro coraz\u00f3n el que es impulsado a la acci\u00f3n, especialmente cuando nos damos cuenta que es Dios el que nos ha amado primero y nos ha tocado nuestros corazones. Es el coraz\u00f3n el que siente las necesidades de otros y mantiene viva la caridad de Cristo.<\/p>\n<p>\u00ab<em>Los Misioneros antes que todos los dem\u00e1s sacerdotes deber\u00edan llenarse del esp\u00edritu de compasi\u00f3n<\/em>\u00ab.<span id='easy-footnote-24-52646' class='easy-footnote-margin-adjust'><\/span><span class='easy-footnote'><a href='https:\/\/vincentians.com\/es\/perfil-del-visitador-de-la-congregacion-de-la-mision-como-lider\/#easy-footnote-bottom-24-52646' title='Ibid.'><sup>24<\/sup><\/a><\/span>\n<p>C:6 nos recuerda que el Esp\u00edritu de la Congregaci\u00f3n debe tener aquellas actitudes \u00edntimas y personales de Cristo que nuestro fundador recomend\u00f3 a los cohermanos desde el principio: amor y reverencia hacia el Padre, amor compasivo y efectivo hacia el pobre, y docilidad hacia la Divina Provicencia. (C:6).<\/p>\n<p>Verdaderamente, hace tiempo que deber\u00edamos habernos transformado en fuego, hermanos mios.<\/p>\n<p><em>3. Desarrollar y compartir vuestra <strong>espiritualidad vicenciana<\/strong><\/em><strong>.<\/strong><\/p>\n<p><em>4. Comunicad <strong>esperanza y alegria<\/strong> para que pod\u00e1is realizar el deseo de Cristo, \u00abYo vine para que pudi\u00e9seis tener vida y vida m\u00e1s abundante.<\/em>\u00bb (The New American Bible, John 10:10)<\/p>\n<p><em>5.<\/em> <strong><em>Ser desinteresados y humildes (C:7)<\/em><\/strong><\/p>\n<p><strong><em>6. Perdonar y pedir perdon a otros<\/em><\/strong><\/p>\n<p><em>7. Ser una persona de <strong>oracion<\/strong>, teniendo a Dios como centro de nuestra vida (C:41. Dadme un hombre de oraci\u00f3n y ser\u00e1 capaz de todo (Coste, XI, 83). Nygren en su estudio pone \u00e9nfasis en la importancia de la vida espiritual, la dependencia radical de Dios, y la necesidad absolut de la oraci\u00f3n para L\u00edderes importantes,(notables).<\/em><span id='easy-footnote-25-52646' class='easy-footnote-margin-adjust'><\/span><span class='easy-footnote'><a href='https:\/\/vincentians.com\/es\/perfil-del-visitador-de-la-congregacion-de-la-mision-como-lider\/#easy-footnote-bottom-25-52646' title='David J. Nygren and Miriam D. Ukeritis, FORUS (Westport CT: Preager, 1993), pp. 91, 245.'><sup>25<\/sup><\/a><\/span>\n<p><em>8. Ser <strong>equilibrado<\/strong><\/em><\/p>\n<p><em>9. Ser <strong>abiertos al cambio<\/strong> y capaces de crecer cuando se tenga que afrontar nuevas situaciones.<\/em><\/p>\n<p><em>10. Estar dotados de <strong>esperiencia pastoral<\/strong><\/em><\/p>\n<p><em>11. <strong>Planificar fines comunes <\/strong>con otros, desafiando a los otros a ver sus fines y objetivos a la luz de necesidades y metas corporales m\u00e1s amplias<\/em><\/p>\n<p><em>12. poder <strong>habilitar<\/strong> personas y grupos a actuar<\/em><\/p>\n<p><em>13. Convertir vuestra admininistraci\u00f3n en un <strong>equipo directivo<\/strong>, permaneciendo siempre abiertos a la creatividad y a la innovaci\u00f3n pastoral, especialmente de parte de cohermanos de vuestra Provincia; el visitador debe invitarles y animarles a que sean creativos e inventivos.<\/em><\/p>\n<p><em>14. Ser un <strong>aprendiz<\/strong><\/em><\/p>\n<p><strong><em>15. Ser un buen <\/em><\/strong><em>comunicador<\/em><\/p>\n<p><em>16. Ser un <strong>centro de union<\/strong>, como un director de una orquesta sinf\u00f3nica que saca art\u00edsticamente la m\u00fasica de cada una de las personas, da el tono, guarda el ritmo, y orquestea los \u00abcrescendos y diminuendos\u00bb<\/em><\/p>\n<p><em>17. <strong>Arriesgarse<\/strong> por causa de la misi\u00f3n<\/em><\/p>\n<p><em>18. <strong>ENTUSIASMARSE <\/strong>por el ministerio de liderazgo durante este tiempo de transformaci\u00f3n con el fin de animar a otros a que se ofrezcan para la direcci\u00f3n.<\/em><\/p>\n<p><em>19. Tener una <strong>VISION<\/strong> clara del futuro<\/em><\/p>\n<p><em>20. Ser capaces por si propio o por otros de concretar estrategias de <strong>VUESTRA VISION<\/strong> en planes reales de acci\u00f3n <\/em><\/p>\n<p><em>21. Considerar a los miembros <strong>IGUALMENTE RESPONSABLES<\/strong> de la vida de la Congregaci\u00f3n.<\/em><\/p>\n<p><em>22. <strong>ESPERAR<\/strong> m\u00e1s mejor que menos de vuestros miembros y ofrecedles la pauta para una expansi\u00f3n constante de la \u00abmisi\u00f3n\u00bb<\/em><\/p>\n<p><em>23. ser capaces de tener <strong>INTIMIDAD<\/strong> con otros<\/em><\/p>\n<p><em>24. Facilitar <strong>LA OBTENCION DE VOCACIONES<\/strong> y traer candidatos a la Comunidad<\/em><\/p>\n<p><em>25, <strong>SER PREVISORES<\/strong> e.g., calcular qu\u00e9 va suceder y cu\u00e1ndo (no \u00fanicamente reaccionar a lo sucedido). El P. Pedro Arrupe, con ocasi\u00f3n de sus Bodas de Oro en la Compa\u00f1\u00eda de Je\u00fas, (Enero 15, 1977) di\u00f3 la suguiente respuesta cuando se le pregunt\u00f3 \u00bfhacia donde va la Compa\u00f1\u00eda? \u00abA donde Dios la guie\u00bb. En diferentes palabras, \u00abno lo s\u00e9\u00bb.<\/em><\/p>\n<p><em>26. Ser un <strong>CURANDERO<\/strong> en el sentido de hacer todo por ayudar a otros a tener una vision m\u00e1s amplia y m\u00e1s noble que la que podr\u00edan haber obtenido por ellos mismos; se necesita tambi\u00e9n curar discordias y heridas del pasado.<\/em><\/p>\n<p><em>27. Ser un <strong>LIDER Y GERENTE (<\/strong>misi\u00f3n y mantenimiento); o, como dir\u00edan otros, el Visitador tiene la Visi\u00f3n y otros deben ser elegidos por \u00e9l para ser el administrador, el art\u00edfice de los planes y el ejecutador de los detalles.<\/em><\/p>\n<p><em>28. <strong>Saber<\/strong> que algunas personas quieren poner obst\u00e1culos a la cretividad y al cambio y uno tiene que saber como act\u00faar con ellos \u00abfortiter et suaviter\u00bb.<\/em><\/p>\n<p><em>29. Estar muy <strong>bien informado sobre el personal y los recuersos materiales<\/strong> de la Provincia.<\/em><\/p>\n<p><em>30. Desarrollar las <strong>habilidades<\/strong> necesarias para <strong>la animacion de la provincia<\/strong><\/em><\/p>\n<p><em>31. Tener la <strong>aptitud de trabajar con gente<\/strong><\/em><\/p>\n<p><em>32. Ser un <strong>innovador<\/strong>, para lo que se requiere paciencia, habilidad y apertura.<\/em><\/p>\n<p><em>33. <strong>Aceptar a la gente como es<\/strong><\/em><\/p>\n<p><em>34. Ser muy <strong>sensible a la dignidad de las personas<\/strong><\/em><\/p>\n<p><em>35. <strong>Respetar el potencial de la gente<\/strong> para ser agentes de su propio desarrollo (y para ayudar a algunos de sus cohermanos a ser futuros l\u00edderes de la Provincia).<\/em><\/p>\n<p><em>36. Ser <strong>Agradecido y agraciado<\/strong><\/em><\/p>\n<p><em>37. Estar seguro de tener el <strong>respaldo adecuad<\/strong>o para la <strong>direccion espiritual<\/strong> (Considera algunos de estas recomendaciones dadas por el Provincial de los Sulpicianos de USA, P. Gerald Brown, en la Conferencia de Superiores Mayores de Hombres, 1995) <\/em><\/p>\n<ul>\n<li>Lee y conoce mejor a nuestro mundo, m\u00e1s unido a los sufrimientos de la gente, m\u00e1s despierto a la verdad y m\u00e1s vivo.<\/li>\n<li>Conserva un contacto cercano con los amigos<\/li>\n<li>Busca direcci\u00f3n espiritul y asesoramiento<\/li>\n<li>Busca apoyo de los compa\u00f1eros, especialmente entre grupos profesionales y grupos de apoyo, como por ejemplo, miembros de las Conferencias de los Superiores Religiosos, Organizaciones de Paz y Justicia, Grupos de Apoyo Regional para Sacerdotes, Programas Emaus, etc.<\/li>\n<\/ul>\n<p>Mis queridos cohermanos, Hermanos Visitadores, Desear\u00eda terminar con esta afirmaci\u00f3n que un cohermano ofreci\u00f3 como su est\u00edmulo a los Visitadores; es un dicho admirable y lleno de esperanza; deber\u00eda, en verdad, ayudarnos a llegar a transformarnos en fuego en nuestros vidas como Visitadores:<\/p>\n<p>\u00abJes\u00fas no vino a ser servido sino a servir. Y el sirve dando su vida. Jes\u00fas recuerda esto repetidas veces a sus ap\u00f3stoles. \u00abQue los primeros entre vosotros sean los \u00faltimos y siervos de todos\u00bb (Mt. 10:43). La noche antes de su muerte, El lava los pies de sus ap\u00f3stoles y les dice: \u00ab\u00bfEntend\u00e9is lo que yo he hecho?. Vosotros me llamais maestro. Y dec\u00eds bien. Pero yo os he dado ejmplo, para que lo que yo he hecho, lo hag\u00e1is tambi\u00e9n vosotros\u00bb. (Juan 13:13-15).<\/p>\n<p>\u00abSan Vicente comprendi\u00f3 perfectamente esta verdad del Evangelio. Nos dice que los pobres son nuestros se\u00f1ores y maestros, y que nosotros somos sus siervos. En cierto sentido, el vio, como Jes\u00fas, el mundo patas arriba. Sol\u00eda decir a sus seguidores: \u00abEn el reino de Dios, muchas cosas son contrarias a la manera en que las vemos en la vida de cada d\u00eda. Son diferentes las categor\u00edas, las medidas, los premios. En el Reino de Dios, todo es al rev\u00e9s: los verdaderos reyes y reinas son los hombres y las mujeres pobres a los que vosotros llev\u00e1is comida y vestido. \u00a1C\u00f3mo se entusiasma la gente, \u00e9l les dir\u00eda, cuando ven al rey o, aun m\u00e1s todav\u00eda, cuando le visitan. Y nosotros tenemos esa oportunidad siempre que visitamos al pobre!.\u00bb Hermanos mios, San Vicente vio las cosas como son en realidad. El sab\u00eda perfectamente lo que es el Reino de Dios. El sab\u00eda tambien que en el nivel mas serio de las cosas el pobre est\u00e1 en el mismo centro, y que nos acercamos a Dios cuando nos acercamos al pobre. Ellos son los maestros, nosotros somos los siervos.\u00bb<\/p>\n<p>Permitidme animaros a ser fieles siervos, as\u00ed como tambi\u00e9n que os sugiera dos medios para llegar a serlo:<\/p>\n<ol>\n<li>Como l\u00edderes que sois en vuestras Provincias, aseguraros de que vuestro servicio a los cohermanos es competente. Si necesitan aprender una lengua para servir al pobre, permitidles que lo aprendan. Si necesitan aprender el manejo de ordenadores para realizar su trabajo, facilitadles que lo aprendan bien. Si necesitan curso de reciclaje en teolog\u00eda, liturg\u00eda, pastoral, etc. ayudadles a que lo hagan. No dud\u00e9is proporcionar tiempo libre a los cohermanos para su formaci\u00f3n permanente. Merece la pena. Unos meses dedicados al estudio, a la reflexi\u00f3n , etc. pueden traer como fruto a\u00f1os de trabajo muy eficaz por hombres revitalizados. Una semilla que se plante ahora puede producir un roble robusto m\u00e1s tarde. Que la formaci\u00f3n permanente de nuestros cohermanos llegue a ser una de nuestras prioridades. Ayudadles a que sean competentes.<\/li>\n<li>Aseguraros de que vuestro servicio es creativo. Os animo que reflexioneis sobre los valores b\u00e1sicos en ese respecto: nuestro servicio, nuestra vid comunitaria, nuestra oraci\u00f3n:\n<ol>\n<li>Tratad de encontrar medios eficaces de servir a los m\u00e1s abandonados de vuestros pa\u00edses. Algunos de los viejos m\u00e9todos son todav\u00eda v\u00e1lidos, pero buscad nuevas formas tambi\u00e9n, y hacedlo con coraje.<\/li>\n<li>Tratad de encontrar formas creativas de producir gozo, hermandad y comunicaci\u00f3n en nuestras casas. Algunos de los m\u00e9todos del pasado son todav\u00eda v\u00e1lidos, pero sed tambi\u00e9n atrevidos en buscar nuevas formas.<\/li>\n<li>Tratad de encontrar nuevas formas para hacer que nuestras oraciones sean algo bello, bello para Dios y atractivo para aquellos que oran con nosotros. Que los j\u00f3venes que vienen a nuestras casas digan: \u00abLos Vicentinos saben. en verdad, c\u00f3mo orar!\u00bb<\/li>\n<\/ol>\n<\/li>\n<\/ol>\n<p>Basta, hermanos mios. Que nuestro servicio sea competente y creativo. Si es as\u00ed, el Esp\u00edritu de San Vicente continuar\u00e1 viviendo en nosotros y la Congregaci\u00f3n de la Misi\u00f3n crecer\u00e1.<\/p>\n","protected":false},"excerpt":{"rendered":"<p>Pr\u00f3logo Antes de nada, desear\u00eda decir unas palabras sobre el tema o t\u00e9rmino liderazgo. (He tomado varias ideas de escritores contempor\u00e1neos que centran su atencion en \u00abla Vida Religiosa Hoy\u00bb; ofrecer\u00e9 tambi\u00e9n una bibliograf\u00eda al &#8230; <a href=\"https:\/\/vincentians.com\/es\/perfil-del-visitador-de-la-congregacion-de-la-mision-como-lider\/\" class=\"more-link\">Read More<\/a><\/p>\n","protected":false},"author":4,"featured_media":400013,"comment_status":"open","ping_status":"open","sticky":false,"template":"","format":"standard","meta":{"jetpack_post_was_ever_published":false,"_jetpack_newsletter_access":"","_jetpack_dont_email_post_to_subs":false,"_jetpack_newsletter_tier_id":0,"_jetpack_memberships_contains_paywalled_content":false,"_jetpack_memberships_contains_paid_content":false,"footnotes":"","jetpack_publicize_message":"","jetpack_publicize_feature_enabled":true,"jetpack_social_post_already_shared":true,"jetpack_social_options":{"image_generator_settings":{"template":"highway","default_image_id":0,"font":"","enabled":false},"version":2}},"categories":[16],"tags":[218,174,176,160],"class_list":["post-52646","post","type-post","status-publish","format-standard","has-post-thumbnail","hentry","category-congregacion-de-la-mision","tag-abelly","tag-durando","tag-misiones-populares","tag-nimes"],"yoast_head":"<!-- This site is optimized with the Yoast SEO plugin v26.3 - https:\/\/yoast.com\/wordpress\/plugins\/seo\/ -->\n<title>Perfil del visitador de la Congregaci\u00f3n de la Misi\u00f3n como l\u00edder - Somos Vicencianos<\/title>\n<meta name=\"robots\" content=\"index, follow, max-snippet:-1, max-image-preview:large, max-video-preview:-1\" \/>\n<link rel=\"canonical\" href=\"https:\/\/vincentians.com\/es\/perfil-del-visitador-de-la-congregacion-de-la-mision-como-lider\/\" \/>\n<meta property=\"og:locale\" content=\"es_ES\" \/>\n<meta property=\"og:type\" content=\"article\" \/>\n<meta property=\"og:title\" content=\"Perfil del visitador de la Congregaci\u00f3n de la Misi\u00f3n como l\u00edder - Somos Vicencianos\" \/>\n<meta property=\"og:description\" content=\"Pr\u00f3logo Antes de nada, desear\u00eda decir unas palabras sobre el tema o t\u00e9rmino liderazgo. (He tomado varias ideas de escritores contempor\u00e1neos que centran su atencion en \u00abla Vida Religiosa Hoy\u00bb; ofrecer\u00e9 tambi\u00e9n una bibliograf\u00eda al ... Read More\" \/>\n<meta property=\"og:url\" content=\"https:\/\/vincentians.com\/es\/perfil-del-visitador-de-la-congregacion-de-la-mision-como-lider\/\" \/>\n<meta property=\"og:site_name\" content=\"Somos Vicencianos\" \/>\n<meta property=\"article:publisher\" content=\"https:\/\/www.facebook.com\/WeAreVincentians\/\" \/>\n<meta property=\"article:author\" content=\"https:\/\/www.facebook.com\/JavierChento\" \/>\n<meta property=\"article:published_time\" content=\"2019-03-28T07:41:06+00:00\" \/>\n<meta property=\"og:image\" content=\"https:\/\/i0.wp.com\/vincentians.com\/es\/wp-content\/uploads\/sites\/11\/2015\/04\/tres-descubrimientos-de-Vicente-de-Paul.jpg?fit=1200%2C630&ssl=1\" \/>\n\t<meta property=\"og:image:width\" content=\"1200\" \/>\n\t<meta property=\"og:image:height\" content=\"630\" \/>\n\t<meta property=\"og:image:type\" content=\"image\/jpeg\" \/>\n<meta name=\"author\" content=\"Francisco Javier Fern\u00e1ndez Chento\" \/>\n<meta name=\"twitter:card\" content=\"summary_large_image\" \/>\n<meta name=\"twitter:creator\" content=\"@https:\/\/twitter.com\/javierchento\" \/>\n<meta name=\"twitter:site\" content=\"@WeVincentians\" \/>\n<meta name=\"twitter:label1\" content=\"Escrito por\" \/>\n\t<meta name=\"twitter:data1\" content=\"Francisco Javier Fern\u00e1ndez Chento\" \/>\n\t<meta name=\"twitter:label2\" content=\"Tiempo de lectura\" \/>\n\t<meta name=\"twitter:data2\" content=\"50 minutos\" \/>\n<script type=\"application\/ld+json\" class=\"yoast-schema-graph\">{\"@context\":\"https:\/\/schema.org\",\"@graph\":[{\"@type\":\"Article\",\"@id\":\"https:\/\/vincentians.com\/es\/perfil-del-visitador-de-la-congregacion-de-la-mision-como-lider\/#article\",\"isPartOf\":{\"@id\":\"https:\/\/vincentians.com\/es\/perfil-del-visitador-de-la-congregacion-de-la-mision-como-lider\/\"},\"author\":{\"name\":\"Francisco Javier Fern\u00e1ndez Chento\",\"@id\":\"http:\/\/vincentians.com\/es\/#\/schema\/person\/9623ef4d9aa3b2dfb8c061f1499288f2\"},\"headline\":\"Perfil del visitador de la Congregaci\u00f3n de la Misi\u00f3n como l\u00edder\",\"datePublished\":\"2019-03-28T07:41:06+00:00\",\"mainEntityOfPage\":{\"@id\":\"https:\/\/vincentians.com\/es\/perfil-del-visitador-de-la-congregacion-de-la-mision-como-lider\/\"},\"wordCount\":9985,\"commentCount\":0,\"publisher\":{\"@id\":\"http:\/\/vincentians.com\/es\/#organization\"},\"image\":{\"@id\":\"https:\/\/vincentians.com\/es\/perfil-del-visitador-de-la-congregacion-de-la-mision-como-lider\/#primaryimage\"},\"thumbnailUrl\":\"https:\/\/i0.wp.com\/vincentians.com\/es\/wp-content\/uploads\/sites\/11\/2015\/04\/tres-descubrimientos-de-Vicente-de-Paul.jpg?fit=1200%2C630&ssl=1\",\"keywords\":[\"Abelly\",\"Durando\",\"Misiones Populares\",\"Nimes\"],\"articleSection\":[\"Congregaci\u00f3n de la Misi\u00f3n\"],\"inLanguage\":\"es\",\"potentialAction\":[{\"@type\":\"CommentAction\",\"name\":\"Comment\",\"target\":[\"https:\/\/vincentians.com\/es\/perfil-del-visitador-de-la-congregacion-de-la-mision-como-lider\/#respond\"]}]},{\"@type\":\"WebPage\",\"@id\":\"https:\/\/vincentians.com\/es\/perfil-del-visitador-de-la-congregacion-de-la-mision-como-lider\/\",\"url\":\"https:\/\/vincentians.com\/es\/perfil-del-visitador-de-la-congregacion-de-la-mision-como-lider\/\",\"name\":\"Perfil del visitador de la Congregaci\u00f3n de la Misi\u00f3n como l\u00edder - Somos Vicencianos\",\"isPartOf\":{\"@id\":\"http:\/\/vincentians.com\/es\/#website\"},\"primaryImageOfPage\":{\"@id\":\"https:\/\/vincentians.com\/es\/perfil-del-visitador-de-la-congregacion-de-la-mision-como-lider\/#primaryimage\"},\"image\":{\"@id\":\"https:\/\/vincentians.com\/es\/perfil-del-visitador-de-la-congregacion-de-la-mision-como-lider\/#primaryimage\"},\"thumbnailUrl\":\"https:\/\/i0.wp.com\/vincentians.com\/es\/wp-content\/uploads\/sites\/11\/2015\/04\/tres-descubrimientos-de-Vicente-de-Paul.jpg?fit=1200%2C630&ssl=1\",\"datePublished\":\"2019-03-28T07:41:06+00:00\",\"breadcrumb\":{\"@id\":\"https:\/\/vincentians.com\/es\/perfil-del-visitador-de-la-congregacion-de-la-mision-como-lider\/#breadcrumb\"},\"inLanguage\":\"es\",\"potentialAction\":[{\"@type\":\"ReadAction\",\"target\":[\"https:\/\/vincentians.com\/es\/perfil-del-visitador-de-la-congregacion-de-la-mision-como-lider\/\"]}]},{\"@type\":\"ImageObject\",\"inLanguage\":\"es\",\"@id\":\"https:\/\/vincentians.com\/es\/perfil-del-visitador-de-la-congregacion-de-la-mision-como-lider\/#primaryimage\",\"url\":\"https:\/\/i0.wp.com\/vincentians.com\/es\/wp-content\/uploads\/sites\/11\/2015\/04\/tres-descubrimientos-de-Vicente-de-Paul.jpg?fit=1200%2C630&ssl=1\",\"contentUrl\":\"https:\/\/i0.wp.com\/vincentians.com\/es\/wp-content\/uploads\/sites\/11\/2015\/04\/tres-descubrimientos-de-Vicente-de-Paul.jpg?fit=1200%2C630&ssl=1\",\"width\":1200,\"height\":630},{\"@type\":\"BreadcrumbList\",\"@id\":\"https:\/\/vincentians.com\/es\/perfil-del-visitador-de-la-congregacion-de-la-mision-como-lider\/#breadcrumb\",\"itemListElement\":[{\"@type\":\"ListItem\",\"position\":1,\"name\":\"Portada\",\"item\":\"http:\/\/vincentians.com\/es\/\"},{\"@type\":\"ListItem\",\"position\":2,\"name\":\"Perfil del visitador de la Congregaci\u00f3n de la Misi\u00f3n como l\u00edder\"}]},{\"@type\":\"WebSite\",\"@id\":\"http:\/\/vincentians.com\/es\/#website\",\"url\":\"http:\/\/vincentians.com\/es\/\",\"name\":\"Somos Vicencianos\",\"description\":\"Know more to serve more\",\"publisher\":{\"@id\":\"http:\/\/vincentians.com\/es\/#organization\"},\"potentialAction\":[{\"@type\":\"SearchAction\",\"target\":{\"@type\":\"EntryPoint\",\"urlTemplate\":\"http:\/\/vincentians.com\/es\/?s={search_term_string}\"},\"query-input\":{\"@type\":\"PropertyValueSpecification\",\"valueRequired\":true,\"valueName\":\"search_term_string\"}}],\"inLanguage\":\"es\"},{\"@type\":\"Organization\",\"@id\":\"http:\/\/vincentians.com\/es\/#organization\",\"name\":\"The Vincentian Network\",\"url\":\"http:\/\/vincentians.com\/es\/\",\"logo\":{\"@type\":\"ImageObject\",\"inLanguage\":\"es\",\"@id\":\"http:\/\/vincentians.com\/es\/#\/schema\/logo\/image\/\",\"url\":\"https:\/\/i1.wp.com\/vincentians.com\/es\/wp-content\/uploads\/sites\/11\/2016\/06\/Vincentian-Network-logo-big.png?fit=778%2C778\",\"contentUrl\":\"https:\/\/i1.wp.com\/vincentians.com\/es\/wp-content\/uploads\/sites\/11\/2016\/06\/Vincentian-Network-logo-big.png?fit=778%2C778\",\"width\":778,\"height\":778,\"caption\":\"The Vincentian Network\"},\"image\":{\"@id\":\"http:\/\/vincentians.com\/es\/#\/schema\/logo\/image\/\"},\"sameAs\":[\"https:\/\/www.facebook.com\/WeAreVincentians\/\",\"https:\/\/x.com\/WeVincentians\"]},{\"@type\":\"Person\",\"@id\":\"http:\/\/vincentians.com\/es\/#\/schema\/person\/9623ef4d9aa3b2dfb8c061f1499288f2\",\"name\":\"Francisco Javier Fern\u00e1ndez Chento\",\"image\":{\"@type\":\"ImageObject\",\"inLanguage\":\"es\",\"@id\":\"http:\/\/vincentians.com\/es\/#\/schema\/person\/image\/\",\"url\":\"https:\/\/secure.gravatar.com\/avatar\/497d5cde87b4c3d097d0315953521681ba2cd523ee66e5077c3711f7021e65de?s=96&d=mm&r=g\",\"contentUrl\":\"https:\/\/secure.gravatar.com\/avatar\/497d5cde87b4c3d097d0315953521681ba2cd523ee66e5077c3711f7021e65de?s=96&d=mm&r=g\",\"caption\":\"Francisco Javier Fern\u00e1ndez Chento\"},\"description\":\"Director General y cofundador de La Red de Formaci\u00f3n Vicenciana. Javier es laico vicenciano, afiliado a la Congregaci\u00f3n de la Misi\u00f3n y miembro del Equipo de Misiones Populares de la provincia can\u00f3nica de Zaragoza (Espa\u00f1a) de la Congregaci\u00f3n de la Misi\u00f3n. Graduado en la Universidad Oberta de Catalunya con cuatro grados (Asistente de direcci\u00f3n, Gesti\u00f3n Administrativa, Recursos Humanos y Contabilidad Avanzada). Bil\u00edng\u00fce Espa\u00f1ol\/Ingl\u00e9s. gestiona y mantiene varias p\u00e1ginas web cristianas y vicencianas, incluida including La Red de Formaci\u00f3n Vicenciana, de la que es cofundador. Actualmente es responsable del \u00e1rea de Espa\u00f1ol de .famvin, la Red de Noticias de la Familia Vicenciana. Tambi\u00e9n es m\u00fasico cat\u00f3lico y ha editado varios discos. Es Director General y cofundador de Trovador, una reconocida compa\u00f1\u00eda discogr\u00e1fica critiana de Espa\u00f1a. Trabaja en las Tecnolog\u00edas de la Informaci\u00f3n, ofreciendo servicios de alojamiento, dise\u00f1o y mantenimiento Web, as\u00ed como asesoramiento, formaci\u00f3n y soluciones inform\u00e1ticas, gesti\u00f3n documental y digitalizaci\u00f3n de textos, edici\u00f3n y maquetaci\u00f3n de libros, revistas, flyers, etc.\",\"sameAs\":[\"http:\/\/chento.org\",\"https:\/\/www.facebook.com\/JavierChento\",\"https:\/\/x.com\/https:\/\/twitter.com\/javierchento\"],\"url\":\"https:\/\/vincentians.com\/es\/author\/chento\/\"}]}<\/script>\n<!-- \/ Yoast SEO plugin. -->","yoast_head_json":{"title":"Perfil del visitador de la Congregaci\u00f3n de la Misi\u00f3n como l\u00edder - Somos Vicencianos","robots":{"index":"index","follow":"follow","max-snippet":"max-snippet:-1","max-image-preview":"max-image-preview:large","max-video-preview":"max-video-preview:-1"},"canonical":"https:\/\/vincentians.com\/es\/perfil-del-visitador-de-la-congregacion-de-la-mision-como-lider\/","og_locale":"es_ES","og_type":"article","og_title":"Perfil del visitador de la Congregaci\u00f3n de la Misi\u00f3n como l\u00edder - Somos Vicencianos","og_description":"Pr\u00f3logo Antes de nada, desear\u00eda decir unas palabras sobre el tema o t\u00e9rmino liderazgo. (He tomado varias ideas de escritores contempor\u00e1neos que centran su atencion en \u00abla Vida Religiosa Hoy\u00bb; ofrecer\u00e9 tambi\u00e9n una bibliograf\u00eda al ... Read More","og_url":"https:\/\/vincentians.com\/es\/perfil-del-visitador-de-la-congregacion-de-la-mision-como-lider\/","og_site_name":"Somos Vicencianos","article_publisher":"https:\/\/www.facebook.com\/WeAreVincentians\/","article_author":"https:\/\/www.facebook.com\/JavierChento","article_published_time":"2019-03-28T07:41:06+00:00","og_image":[{"width":1200,"height":630,"url":"https:\/\/i0.wp.com\/vincentians.com\/es\/wp-content\/uploads\/sites\/11\/2015\/04\/tres-descubrimientos-de-Vicente-de-Paul.jpg?fit=1200%2C630&ssl=1","type":"image\/jpeg"}],"author":"Francisco Javier Fern\u00e1ndez Chento","twitter_card":"summary_large_image","twitter_creator":"@https:\/\/twitter.com\/javierchento","twitter_site":"@WeVincentians","twitter_misc":{"Escrito por":"Francisco Javier Fern\u00e1ndez Chento","Tiempo de lectura":"50 minutos"},"schema":{"@context":"https:\/\/schema.org","@graph":[{"@type":"Article","@id":"https:\/\/vincentians.com\/es\/perfil-del-visitador-de-la-congregacion-de-la-mision-como-lider\/#article","isPartOf":{"@id":"https:\/\/vincentians.com\/es\/perfil-del-visitador-de-la-congregacion-de-la-mision-como-lider\/"},"author":{"name":"Francisco Javier Fern\u00e1ndez Chento","@id":"http:\/\/vincentians.com\/es\/#\/schema\/person\/9623ef4d9aa3b2dfb8c061f1499288f2"},"headline":"Perfil del visitador de la Congregaci\u00f3n de la Misi\u00f3n como l\u00edder","datePublished":"2019-03-28T07:41:06+00:00","mainEntityOfPage":{"@id":"https:\/\/vincentians.com\/es\/perfil-del-visitador-de-la-congregacion-de-la-mision-como-lider\/"},"wordCount":9985,"commentCount":0,"publisher":{"@id":"http:\/\/vincentians.com\/es\/#organization"},"image":{"@id":"https:\/\/vincentians.com\/es\/perfil-del-visitador-de-la-congregacion-de-la-mision-como-lider\/#primaryimage"},"thumbnailUrl":"https:\/\/i0.wp.com\/vincentians.com\/es\/wp-content\/uploads\/sites\/11\/2015\/04\/tres-descubrimientos-de-Vicente-de-Paul.jpg?fit=1200%2C630&ssl=1","keywords":["Abelly","Durando","Misiones Populares","Nimes"],"articleSection":["Congregaci\u00f3n de la Misi\u00f3n"],"inLanguage":"es","potentialAction":[{"@type":"CommentAction","name":"Comment","target":["https:\/\/vincentians.com\/es\/perfil-del-visitador-de-la-congregacion-de-la-mision-como-lider\/#respond"]}]},{"@type":"WebPage","@id":"https:\/\/vincentians.com\/es\/perfil-del-visitador-de-la-congregacion-de-la-mision-como-lider\/","url":"https:\/\/vincentians.com\/es\/perfil-del-visitador-de-la-congregacion-de-la-mision-como-lider\/","name":"Perfil del visitador de la Congregaci\u00f3n de la Misi\u00f3n como l\u00edder - Somos Vicencianos","isPartOf":{"@id":"http:\/\/vincentians.com\/es\/#website"},"primaryImageOfPage":{"@id":"https:\/\/vincentians.com\/es\/perfil-del-visitador-de-la-congregacion-de-la-mision-como-lider\/#primaryimage"},"image":{"@id":"https:\/\/vincentians.com\/es\/perfil-del-visitador-de-la-congregacion-de-la-mision-como-lider\/#primaryimage"},"thumbnailUrl":"https:\/\/i0.wp.com\/vincentians.com\/es\/wp-content\/uploads\/sites\/11\/2015\/04\/tres-descubrimientos-de-Vicente-de-Paul.jpg?fit=1200%2C630&ssl=1","datePublished":"2019-03-28T07:41:06+00:00","breadcrumb":{"@id":"https:\/\/vincentians.com\/es\/perfil-del-visitador-de-la-congregacion-de-la-mision-como-lider\/#breadcrumb"},"inLanguage":"es","potentialAction":[{"@type":"ReadAction","target":["https:\/\/vincentians.com\/es\/perfil-del-visitador-de-la-congregacion-de-la-mision-como-lider\/"]}]},{"@type":"ImageObject","inLanguage":"es","@id":"https:\/\/vincentians.com\/es\/perfil-del-visitador-de-la-congregacion-de-la-mision-como-lider\/#primaryimage","url":"https:\/\/i0.wp.com\/vincentians.com\/es\/wp-content\/uploads\/sites\/11\/2015\/04\/tres-descubrimientos-de-Vicente-de-Paul.jpg?fit=1200%2C630&ssl=1","contentUrl":"https:\/\/i0.wp.com\/vincentians.com\/es\/wp-content\/uploads\/sites\/11\/2015\/04\/tres-descubrimientos-de-Vicente-de-Paul.jpg?fit=1200%2C630&ssl=1","width":1200,"height":630},{"@type":"BreadcrumbList","@id":"https:\/\/vincentians.com\/es\/perfil-del-visitador-de-la-congregacion-de-la-mision-como-lider\/#breadcrumb","itemListElement":[{"@type":"ListItem","position":1,"name":"Portada","item":"http:\/\/vincentians.com\/es\/"},{"@type":"ListItem","position":2,"name":"Perfil del visitador de la Congregaci\u00f3n de la Misi\u00f3n como l\u00edder"}]},{"@type":"WebSite","@id":"http:\/\/vincentians.com\/es\/#website","url":"http:\/\/vincentians.com\/es\/","name":"Somos Vicencianos","description":"Know more to serve more","publisher":{"@id":"http:\/\/vincentians.com\/es\/#organization"},"potentialAction":[{"@type":"SearchAction","target":{"@type":"EntryPoint","urlTemplate":"http:\/\/vincentians.com\/es\/?s={search_term_string}"},"query-input":{"@type":"PropertyValueSpecification","valueRequired":true,"valueName":"search_term_string"}}],"inLanguage":"es"},{"@type":"Organization","@id":"http:\/\/vincentians.com\/es\/#organization","name":"The Vincentian Network","url":"http:\/\/vincentians.com\/es\/","logo":{"@type":"ImageObject","inLanguage":"es","@id":"http:\/\/vincentians.com\/es\/#\/schema\/logo\/image\/","url":"https:\/\/i1.wp.com\/vincentians.com\/es\/wp-content\/uploads\/sites\/11\/2016\/06\/Vincentian-Network-logo-big.png?fit=778%2C778","contentUrl":"https:\/\/i1.wp.com\/vincentians.com\/es\/wp-content\/uploads\/sites\/11\/2016\/06\/Vincentian-Network-logo-big.png?fit=778%2C778","width":778,"height":778,"caption":"The Vincentian Network"},"image":{"@id":"http:\/\/vincentians.com\/es\/#\/schema\/logo\/image\/"},"sameAs":["https:\/\/www.facebook.com\/WeAreVincentians\/","https:\/\/x.com\/WeVincentians"]},{"@type":"Person","@id":"http:\/\/vincentians.com\/es\/#\/schema\/person\/9623ef4d9aa3b2dfb8c061f1499288f2","name":"Francisco Javier Fern\u00e1ndez Chento","image":{"@type":"ImageObject","inLanguage":"es","@id":"http:\/\/vincentians.com\/es\/#\/schema\/person\/image\/","url":"https:\/\/secure.gravatar.com\/avatar\/497d5cde87b4c3d097d0315953521681ba2cd523ee66e5077c3711f7021e65de?s=96&d=mm&r=g","contentUrl":"https:\/\/secure.gravatar.com\/avatar\/497d5cde87b4c3d097d0315953521681ba2cd523ee66e5077c3711f7021e65de?s=96&d=mm&r=g","caption":"Francisco Javier Fern\u00e1ndez Chento"},"description":"Director General y cofundador de La Red de Formaci\u00f3n Vicenciana. Javier es laico vicenciano, afiliado a la Congregaci\u00f3n de la Misi\u00f3n y miembro del Equipo de Misiones Populares de la provincia can\u00f3nica de Zaragoza (Espa\u00f1a) de la Congregaci\u00f3n de la Misi\u00f3n. Graduado en la Universidad Oberta de Catalunya con cuatro grados (Asistente de direcci\u00f3n, Gesti\u00f3n Administrativa, Recursos Humanos y Contabilidad Avanzada). Bil\u00edng\u00fce Espa\u00f1ol\/Ingl\u00e9s. gestiona y mantiene varias p\u00e1ginas web cristianas y vicencianas, incluida including La Red de Formaci\u00f3n Vicenciana, de la que es cofundador. Actualmente es responsable del \u00e1rea de Espa\u00f1ol de .famvin, la Red de Noticias de la Familia Vicenciana. Tambi\u00e9n es m\u00fasico cat\u00f3lico y ha editado varios discos. Es Director General y cofundador de Trovador, una reconocida compa\u00f1\u00eda discogr\u00e1fica critiana de Espa\u00f1a. Trabaja en las Tecnolog\u00edas de la Informaci\u00f3n, ofreciendo servicios de alojamiento, dise\u00f1o y mantenimiento Web, as\u00ed como asesoramiento, formaci\u00f3n y soluciones inform\u00e1ticas, gesti\u00f3n documental y digitalizaci\u00f3n de textos, edici\u00f3n y maquetaci\u00f3n de libros, revistas, flyers, etc.","sameAs":["http:\/\/chento.org","https:\/\/www.facebook.com\/JavierChento","https:\/\/x.com\/https:\/\/twitter.com\/javierchento"],"url":"https:\/\/vincentians.com\/es\/author\/chento\/"}]}},"jetpack_publicize_connections":[],"jetpack_featured_media_url":"https:\/\/i0.wp.com\/vincentians.com\/es\/wp-content\/uploads\/sites\/11\/2015\/04\/tres-descubrimientos-de-Vicente-de-Paul.jpg?fit=1200%2C630&ssl=1","jetpack_sharing_enabled":true,"jetpack_shortlink":"https:\/\/wp.me\/p7ETMF-dH8","jetpack-related-posts":[{"id":116006,"url":"https:\/\/vincentians.com\/es\/provincia-de-madrid-circular-numero-1\/","url_meta":{"origin":52646,"position":0},"title":"Provincia de Madrid: Circular n\u00famero 1 (1970)","author":"Mitxel Olabu\u00e9naga","date":"23\/07\/2021","format":false,"excerpt":"Madrid, 2 de abril de 1970. Estimando la informaci\u00f3n como un derecho y un deber de la, corresponsablidad que a todos nos ata\u00f1e en la buena marcha de la Provincia \u2014am\u00e9n de los contactos personales, amplios y fre\u00adcuentes, que el P. Visitador se propone mantener con todas las Casas\u2014, es\u2026","rel":"","context":"En \u00abHistoria de la Congregaci\u00f3n de la Misi\u00f3n en Espa\u00f1a\u00bb","block_context":{"text":"Historia de la Congregaci\u00f3n de la Misi\u00f3n en Espa\u00f1a","link":"https:\/\/vincentians.com\/es\/category\/historia-de-la-familia-vicenciana\/historia-de-la-congregacion-de-la-mision-en-espana\/"},"img":{"alt_text":"","src":"https:\/\/i0.wp.com\/vincentians.com\/es\/wp-content\/uploads\/sites\/11\/2016\/09\/identidad.jpg?fit=1200%2C630&ssl=1&resize=350%2C200","width":350,"height":200,"srcset":"https:\/\/i0.wp.com\/vincentians.com\/es\/wp-content\/uploads\/sites\/11\/2016\/09\/identidad.jpg?fit=1200%2C630&ssl=1&resize=350%2C200 1x, https:\/\/i0.wp.com\/vincentians.com\/es\/wp-content\/uploads\/sites\/11\/2016\/09\/identidad.jpg?fit=1200%2C630&ssl=1&resize=525%2C300 1.5x, https:\/\/i0.wp.com\/vincentians.com\/es\/wp-content\/uploads\/sites\/11\/2016\/09\/identidad.jpg?fit=1200%2C630&ssl=1&resize=700%2C400 2x, https:\/\/i0.wp.com\/vincentians.com\/es\/wp-content\/uploads\/sites\/11\/2016\/09\/identidad.jpg?fit=1200%2C630&ssl=1&resize=1050%2C600 3x"},"classes":[]},{"id":117065,"url":"https:\/\/vincentians.com\/es\/la-basilica-de-la-milagrosa-madrid-tiene-larga-historia\/","url_meta":{"origin":52646,"position":1},"title":"La Bas\u00edlica de La Milagrosa en Madrid tiene larga historia","author":"Mitxel Olabu\u00e9naga","date":"03\/08\/2021","format":false,"excerpt":"Con motivo de sus Bodas de Oro vocacionales, el P. Eladio Ar\u00adn\u00e1iz hizo un viaje a Roma, y durante su estancia en la ciudad, el Papa P\u00edo X le recibi\u00f3 en audiencia. Luego, a su regreso a Espa\u00f1a, como Director de las Hijas de la Caridad de la entonces enorme\u2026","rel":"","context":"En \u00abHistoria de la Congregaci\u00f3n de la Misi\u00f3n en Espa\u00f1a\u00bb","block_context":{"text":"Historia de la Congregaci\u00f3n de la Misi\u00f3n en Espa\u00f1a","link":"https:\/\/vincentians.com\/es\/category\/historia-de-la-familia-vicenciana\/historia-de-la-congregacion-de-la-mision-en-espana\/"},"img":{"alt_text":"","src":"https:\/\/i0.wp.com\/vincentians.com\/es\/wp-content\/uploads\/sites\/11\/2016\/09\/enviados-evangelizar-pobres.jpg?fit=1200%2C630&ssl=1&resize=350%2C200","width":350,"height":200,"srcset":"https:\/\/i0.wp.com\/vincentians.com\/es\/wp-content\/uploads\/sites\/11\/2016\/09\/enviados-evangelizar-pobres.jpg?fit=1200%2C630&ssl=1&resize=350%2C200 1x, https:\/\/i0.wp.com\/vincentians.com\/es\/wp-content\/uploads\/sites\/11\/2016\/09\/enviados-evangelizar-pobres.jpg?fit=1200%2C630&ssl=1&resize=525%2C300 1.5x, https:\/\/i0.wp.com\/vincentians.com\/es\/wp-content\/uploads\/sites\/11\/2016\/09\/enviados-evangelizar-pobres.jpg?fit=1200%2C630&ssl=1&resize=700%2C400 2x, https:\/\/i0.wp.com\/vincentians.com\/es\/wp-content\/uploads\/sites\/11\/2016\/09\/enviados-evangelizar-pobres.jpg?fit=1200%2C630&ssl=1&resize=1050%2C600 3x"},"classes":[]},{"id":109351,"url":"https:\/\/vincentians.com\/es\/origenes-italianos-de-la-consagracion-de-la-mision-en-espana\/","url_meta":{"origin":52646,"position":2},"title":"Or\u00edgenes italianos de la Congregaci\u00f3n de la Misi\u00f3n en Espa\u00f1a","author":"Mitxel Olabu\u00e9naga","date":"10\/06\/2021","format":false,"excerpt":"En una PRIMERA PARTE del presente estudio es nuestro deber se\u00f1alar con toda claridad las diversas etapas que integran el primer per\u00edodo de la historia vicenciana de Espa\u00f1a, el per\u00edodo de la fundaci\u00f3n y de sus primeros setenta a\u00f1os, en que dependi\u00f3 del tronco vicenciano italiano, del cual proced\u00eda. ETAPA\u2026","rel":"","context":"En \u00abHistoria de la Congregaci\u00f3n de la Misi\u00f3n\u00bb","block_context":{"text":"Historia de la Congregaci\u00f3n de la Misi\u00f3n","link":"https:\/\/vincentians.com\/es\/category\/historia-de-la-familia-vicenciana\/historia-de-la-congregacion-de-la-mision\/"},"img":{"alt_text":"","src":"https:\/\/i0.wp.com\/vincentians.com\/es\/wp-content\/uploads\/sites\/11\/2016\/09\/espiritu-de-jesus.jpg?fit=1200%2C630&ssl=1&resize=350%2C200","width":350,"height":200,"srcset":"https:\/\/i0.wp.com\/vincentians.com\/es\/wp-content\/uploads\/sites\/11\/2016\/09\/espiritu-de-jesus.jpg?fit=1200%2C630&ssl=1&resize=350%2C200 1x, https:\/\/i0.wp.com\/vincentians.com\/es\/wp-content\/uploads\/sites\/11\/2016\/09\/espiritu-de-jesus.jpg?fit=1200%2C630&ssl=1&resize=525%2C300 1.5x, https:\/\/i0.wp.com\/vincentians.com\/es\/wp-content\/uploads\/sites\/11\/2016\/09\/espiritu-de-jesus.jpg?fit=1200%2C630&ssl=1&resize=700%2C400 2x, https:\/\/i0.wp.com\/vincentians.com\/es\/wp-content\/uploads\/sites\/11\/2016\/09\/espiritu-de-jesus.jpg?fit=1200%2C630&ssl=1&resize=1050%2C600 3x"},"classes":[]},{"id":387427,"url":"https:\/\/vincentians.com\/es\/la-provincia-espanola-de-las-hijas-de-la-caridad-xiii\/","url_meta":{"origin":52646,"position":3},"title":"La Provincia espa\u00f1ola de las Hijas de la Caridad (XIII)","author":"Mitxel Olabu\u00e9naga","date":"01\/06\/2016","format":false,"excerpt":"Fundaci\u00f3n del Real Noviciado. Continuaci\u00f3n. Cuando el P. Murillo, por primera vez, habl\u00f3 al Ministro Ceballos del modo de extender el ben\u00e9fico Instituto de las Hijas de la Caridad le represent\u00e9, dice \u00e9l mismo, era preciso para esto fundar un noviciado en Espa\u00f1a, como lo estaba en Par\u00eds para toda\u2026","rel":"","context":"En \u00abHistoria de las Hijas de la Caridad\u00bb","block_context":{"text":"Historia de las Hijas de la Caridad","link":"https:\/\/vincentians.com\/es\/category\/historia-de-la-familia-vicenciana\/historia-de-las-hijas-de-la-caridad\/"},"img":{"alt_text":"","src":"https:\/\/i0.wp.com\/vincentians.com\/es\/wp-content\/uploads\/sites\/11\/2016\/07\/hijas-caridad-espanya.jpg?fit=1200%2C630&ssl=1&resize=350%2C200","width":350,"height":200,"srcset":"https:\/\/i0.wp.com\/vincentians.com\/es\/wp-content\/uploads\/sites\/11\/2016\/07\/hijas-caridad-espanya.jpg?fit=1200%2C630&ssl=1&resize=350%2C200 1x, https:\/\/i0.wp.com\/vincentians.com\/es\/wp-content\/uploads\/sites\/11\/2016\/07\/hijas-caridad-espanya.jpg?fit=1200%2C630&ssl=1&resize=525%2C300 1.5x, https:\/\/i0.wp.com\/vincentians.com\/es\/wp-content\/uploads\/sites\/11\/2016\/07\/hijas-caridad-espanya.jpg?fit=1200%2C630&ssl=1&resize=700%2C400 2x, https:\/\/i0.wp.com\/vincentians.com\/es\/wp-content\/uploads\/sites\/11\/2016\/07\/hijas-caridad-espanya.jpg?fit=1200%2C630&ssl=1&resize=1050%2C600 3x"},"classes":[]},{"id":118951,"url":"https:\/\/vincentians.com\/es\/historia-de-los-paules-en-cuba-capitulo-iv-b\/","url_meta":{"origin":52646,"position":4},"title":"Historia de los Pa\u00fales en Cuba (Cap\u00edtulo IV B)","author":"Mitxel Olabu\u00e9naga","date":"01\/01\/2022","format":false,"excerpt":"\u00a02. Los Pa\u00fales asumen, por fin, la direcci\u00f3n del Seminario San Carlos y San Ambrosio. 1879-1890. \u00c9xitos y dificultades. El Seminario de San Carlos y San Ambrosio de San Crist\u00f3bal de La Habana es el heredero y sucesor de varias instituciones anteriores: el Seminario Tridentino fundado por el Obispo Juan\u2026","rel":"","context":"En \u00abHistoria de la Congregaci\u00f3n de la Misi\u00f3n\u00bb","block_context":{"text":"Historia de la Congregaci\u00f3n de la Misi\u00f3n","link":"https:\/\/vincentians.com\/es\/category\/historia-de-la-familia-vicenciana\/historia-de-la-congregacion-de-la-mision\/"},"img":{"alt_text":"","src":"https:\/\/i0.wp.com\/vincentians.com\/es\/wp-content\/uploads\/sites\/11\/2016\/10\/ranquines.jpg?fit=1200%2C630&ssl=1&resize=350%2C200","width":350,"height":200,"srcset":"https:\/\/i0.wp.com\/vincentians.com\/es\/wp-content\/uploads\/sites\/11\/2016\/10\/ranquines.jpg?fit=1200%2C630&ssl=1&resize=350%2C200 1x, https:\/\/i0.wp.com\/vincentians.com\/es\/wp-content\/uploads\/sites\/11\/2016\/10\/ranquines.jpg?fit=1200%2C630&ssl=1&resize=525%2C300 1.5x, https:\/\/i0.wp.com\/vincentians.com\/es\/wp-content\/uploads\/sites\/11\/2016\/10\/ranquines.jpg?fit=1200%2C630&ssl=1&resize=700%2C400 2x, https:\/\/i0.wp.com\/vincentians.com\/es\/wp-content\/uploads\/sites\/11\/2016\/10\/ranquines.jpg?fit=1200%2C630&ssl=1&resize=1050%2C600 3x"},"classes":[]},{"id":116019,"url":"https:\/\/vincentians.com\/es\/provincia-de-salamanca-circular-numero-1\/","url_meta":{"origin":52646,"position":5},"title":"Provincia de Salamanca: Circular n\u00famero 1 (1970)","author":"Mitxel Olabu\u00e9naga","date":"25\/07\/2021","format":false,"excerpt":"Salamanca, 3 de abril de 1970. La gracia del Se\u00f1or sea con vosotros. Queridos Padres y Hermanos: En la reuni\u00f3n del Consejo Provincial, Salamanca, 1 al 3 de- abril, se ha pensado en la conveniencia de una reuni\u00f3n inme\u00addiata con nuestras comunidades de la Zona Norte: Salamanca, Villafranca del Bierzo,\u2026","rel":"","context":"En \u00abHistoria de la Congregaci\u00f3n de la Misi\u00f3n en Espa\u00f1a\u00bb","block_context":{"text":"Historia de la Congregaci\u00f3n de la Misi\u00f3n en Espa\u00f1a","link":"https:\/\/vincentians.com\/es\/category\/historia-de-la-familia-vicenciana\/historia-de-la-congregacion-de-la-mision-en-espana\/"},"img":{"alt_text":"","src":"https:\/\/i0.wp.com\/vincentians.com\/es\/wp-content\/uploads\/sites\/11\/2016\/09\/espiritu-de-jesus.jpg?fit=1200%2C630&ssl=1&resize=350%2C200","width":350,"height":200,"srcset":"https:\/\/i0.wp.com\/vincentians.com\/es\/wp-content\/uploads\/sites\/11\/2016\/09\/espiritu-de-jesus.jpg?fit=1200%2C630&ssl=1&resize=350%2C200 1x, https:\/\/i0.wp.com\/vincentians.com\/es\/wp-content\/uploads\/sites\/11\/2016\/09\/espiritu-de-jesus.jpg?fit=1200%2C630&ssl=1&resize=525%2C300 1.5x, https:\/\/i0.wp.com\/vincentians.com\/es\/wp-content\/uploads\/sites\/11\/2016\/09\/espiritu-de-jesus.jpg?fit=1200%2C630&ssl=1&resize=700%2C400 2x, https:\/\/i0.wp.com\/vincentians.com\/es\/wp-content\/uploads\/sites\/11\/2016\/09\/espiritu-de-jesus.jpg?fit=1200%2C630&ssl=1&resize=1050%2C600 3x"},"classes":[]}],"_links":{"self":[{"href":"https:\/\/vincentians.com\/es\/wp-json\/wp\/v2\/posts\/52646","targetHints":{"allow":["GET"]}}],"collection":[{"href":"https:\/\/vincentians.com\/es\/wp-json\/wp\/v2\/posts"}],"about":[{"href":"https:\/\/vincentians.com\/es\/wp-json\/wp\/v2\/types\/post"}],"author":[{"embeddable":true,"href":"https:\/\/vincentians.com\/es\/wp-json\/wp\/v2\/users\/4"}],"replies":[{"embeddable":true,"href":"https:\/\/vincentians.com\/es\/wp-json\/wp\/v2\/comments?post=52646"}],"version-history":[{"count":1,"href":"https:\/\/vincentians.com\/es\/wp-json\/wp\/v2\/posts\/52646\/revisions"}],"predecessor-version":[{"id":402160,"href":"https:\/\/vincentians.com\/es\/wp-json\/wp\/v2\/posts\/52646\/revisions\/402160"}],"wp:featuredmedia":[{"embeddable":true,"href":"https:\/\/vincentians.com\/es\/wp-json\/wp\/v2\/media\/400013"}],"wp:attachment":[{"href":"https:\/\/vincentians.com\/es\/wp-json\/wp\/v2\/media?parent=52646"}],"wp:term":[{"taxonomy":"category","embeddable":true,"href":"https:\/\/vincentians.com\/es\/wp-json\/wp\/v2\/categories?post=52646"},{"taxonomy":"post_tag","embeddable":true,"href":"https:\/\/vincentians.com\/es\/wp-json\/wp\/v2\/tags?post=52646"}],"curies":[{"name":"wp","href":"https:\/\/api.w.org\/{rel}","templated":true}]}}