{"id":52549,"date":"2011-10-29T01:00:29","date_gmt":"2011-10-28T23:00:29","guid":{"rendered":"http:\/\/somos.vicencianos.org\/blog\/2011\/10\/luisa-de-marillac-carta-0443-al-senor-vicente\/"},"modified":"2016-07-26T11:06:07","modified_gmt":"2016-07-26T09:06:07","slug":"luisa-de-marillac-carta-0443-al-senor-vicente","status":"publish","type":"post","link":"https:\/\/vincentians.com\/es\/luisa-de-marillac-carta-0443-al-senor-vicente\/","title":{"rendered":"Luisa de Marillac, Carta 0443: Al se\u00f1or Vicente"},"content":{"rendered":"<p>Hoy, lunes [octubre 1653]<span id='easy-footnote-1-52549' class='easy-footnote-margin-adjust'><\/span><span class='easy-footnote'><a href='https:\/\/vincentians.com\/es\/luisa-de-marillac-carta-0443-al-senor-vicente\/#easy-footnote-bottom-1-52549' title='C. 443 Rc 2 lt 379. Carta aut\u00f3grafa.'><sup>1<\/sup><\/a><\/span>\n<p>Mi muy Honorable Padre:<\/p>\n<p>Nuestra buena se\u00f1ora me ha dicho que fuese ma\u00f1ana a verla a la una de la tarde, quiz\u00e1 quiere saber lo que hay que hacer para suscribir un contrato; en el caso de que quisiera se hiciese sin nombr\u00e1rsela, suplico a su caridad haga el favor de decirme qu\u00e9 soluci\u00f3n le damos, quiz\u00e1 se pudiera rogar a algunas personas que obrasen por ella y en su lugar.<\/p>\n<p>He recibido otra carta del se\u00f1or Cura de Nanteuil en la que me dice que la Sor Judith est\u00e1 en Toquain-en-Brie, parroquia del se\u00f1or Gallais,<span id='easy-footnote-2-52549' class='easy-footnote-margin-adjust'><\/span><span class='easy-footnote'><a href='https:\/\/vincentians.com\/es\/luisa-de-marillac-carta-0443-al-senor-vicente\/#easy-footnote-bottom-2-52549' title='Se\u00f1or Gallais (ver C. 117 n. 2); acaba de dejar la Congregaci\u00f3n de la Misi\u00f3n.'><sup>2<\/sup><\/a><\/span> que est\u00e1 muy arrepentida de lo que ha hecho y manifiesta que estar\u00eda dispuesta a regresar si el se\u00f1or Cura de Nanteuil le da seguridad de por vida. \u00bfQu\u00e9 le digo a este buen se\u00f1or?<span id='easy-footnote-3-52549' class='easy-footnote-margin-adjust'><\/span><span class='easy-footnote'><a href='https:\/\/vincentians.com\/es\/luisa-de-marillac-carta-0443-al-senor-vicente\/#easy-footnote-bottom-3-52549' title='En su respuesta (SVP, V, 35; S\u00edg. V, 36), el Se\u00f1or Vicente propone el despido de Judith: \u00abes inadmisible\u00bb, dice.'><sup>3<\/sup><\/a><\/span>\n<p>No s\u00e9 si el Hermano Ducourneau le habr\u00e1 comunicado una proposici\u00f3n, para ponerse de acuerdo con los obreros sin perjudicar a la casa, que es la de rogar a la persona que fabrica las telas nos diga cu\u00e1nto paga a los bataneros de su zona por enfurtir una pieza de sarga; qu\u00e9 cantidad de tejido representa; cu\u00e1nto se paga por peinar y cardar la lana, al ciento; por hilarla ya en el torno grande, ya en el peque\u00f1o. Esto facilitar\u00eda la cuenta que podr\u00eda hacerse con los obreros, porque el precio de Par\u00eds es muy alto, cosa que se comprende por estar todo aqu\u00ed m\u00e1s caro.<span id='easy-footnote-4-52549' class='easy-footnote-margin-adjust'><\/span><span class='easy-footnote'><a href='https:\/\/vincentians.com\/es\/luisa-de-marillac-carta-0443-al-senor-vicente\/#easy-footnote-bottom-4-52549' title='Se trata del trabajo efectuado en el Asilo del Nombre de Jes\u00fas, para el que se contrataba obreros que orientasen a los ancianos.'><sup>4<\/sup><\/a><\/span> Perdone mis importunidades y h\u00e1game el honor de creerme, mi muy Honorable Padre, su muy humilde hija y servidora.<\/p>\n","protected":false},"excerpt":{"rendered":"<p>Hoy, lunes [octubre 1653] Mi muy Honorable Padre: Nuestra buena se\u00f1ora me ha dicho que fuese ma\u00f1ana a verla a la una de la tarde, quiz\u00e1 quiere saber lo que hay que hacer para suscribir &#8230; <a href=\"https:\/\/vincentians.com\/es\/luisa-de-marillac-carta-0443-al-senor-vicente\/\" class=\"more-link\">Read More<\/a><\/p>\n","protected":false},"author":4,"featured_media":393751,"comment_status":"open","ping_status":"open","sticky":false,"template":"","format":"standard","meta":{"jetpack_post_was_ever_published":false,"_jetpack_newsletter_access":"","_jetpack_dont_email_post_to_subs":false,"_jetpack_newsletter_tier_id":0,"_jetpack_memberships_contains_paywalled_content":false,"_jetpack_memberships_contains_paid_content":false,"footnotes":"","jetpack_publicize_message":"","jetpack_publicize_feature_enabled":true,"jetpack_social_post_already_shared":true,"jetpack_social_options":{"image_generator_settings":{"template":"highway","default_image_id":0,"font":"","enabled":false},"version":2}},"categories":[67],"tags":[220],"class_list":["post-52549","post","type-post","status-publish","format-standard","has-post-thumbnail","hentry","category-escritos-de-luisa-de-marillac","tag-ducourneau"],"yoast_head":"<!-- This site is optimized with the Yoast SEO plugin v26.3 - https:\/\/yoast.com\/wordpress\/plugins\/seo\/ -->\n<title>Luisa de Marillac, Carta 0443: Al se\u00f1or Vicente - Somos Vicencianos<\/title>\n<meta name=\"robots\" content=\"index, follow, max-snippet:-1, max-image-preview:large, max-video-preview:-1\" \/>\n<link rel=\"canonical\" href=\"https:\/\/vincentians.com\/es\/luisa-de-marillac-carta-0443-al-senor-vicente\/\" \/>\n<meta property=\"og:locale\" content=\"es_ES\" \/>\n<meta property=\"og:type\" content=\"article\" \/>\n<meta property=\"og:title\" content=\"Luisa de Marillac, Carta 0443: Al se\u00f1or Vicente - Somos Vicencianos\" \/>\n<meta property=\"og:description\" content=\"Hoy, lunes [octubre 1653] Mi muy Honorable Padre: Nuestra buena se\u00f1ora me ha dicho que fuese ma\u00f1ana a verla a la una de la tarde, quiz\u00e1 quiere saber lo que hay que hacer para suscribir ... Read More\" \/>\n<meta property=\"og:url\" content=\"https:\/\/vincentians.com\/es\/luisa-de-marillac-carta-0443-al-senor-vicente\/\" \/>\n<meta property=\"og:site_name\" content=\"Somos Vicencianos\" \/>\n<meta property=\"article:publisher\" content=\"https:\/\/www.facebook.com\/WeAreVincentians\/\" \/>\n<meta property=\"article:author\" content=\"https:\/\/www.facebook.com\/JavierChento\" \/>\n<meta property=\"article:published_time\" content=\"2011-10-28T23:00:29+00:00\" \/>\n<meta property=\"article:modified_time\" content=\"2016-07-26T09:06:07+00:00\" \/>\n<meta property=\"og:image\" content=\"https:\/\/i0.wp.com\/vincentians.com\/es\/wp-content\/uploads\/sites\/11\/2016\/07\/escritos-luisa-de-marillac.jpg?fit=1200%2C630&ssl=1\" \/>\n\t<meta property=\"og:image:width\" content=\"1200\" \/>\n\t<meta property=\"og:image:height\" content=\"630\" \/>\n\t<meta property=\"og:image:type\" content=\"image\/jpeg\" \/>\n<meta name=\"author\" content=\"Francisco Javier Fern\u00e1ndez Chento\" \/>\n<meta name=\"twitter:card\" content=\"summary_large_image\" \/>\n<meta name=\"twitter:creator\" content=\"@https:\/\/twitter.com\/javierchento\" \/>\n<meta name=\"twitter:site\" content=\"@WeVincentians\" \/>\n<meta name=\"twitter:label1\" content=\"Escrito por\" \/>\n\t<meta name=\"twitter:data1\" content=\"Francisco Javier Fern\u00e1ndez Chento\" \/>\n\t<meta name=\"twitter:label2\" content=\"Tiempo de lectura\" \/>\n\t<meta name=\"twitter:data2\" content=\"2 minutos\" \/>\n<script type=\"application\/ld+json\" class=\"yoast-schema-graph\">{\"@context\":\"https:\/\/schema.org\",\"@graph\":[{\"@type\":\"Article\",\"@id\":\"https:\/\/vincentians.com\/es\/luisa-de-marillac-carta-0443-al-senor-vicente\/#article\",\"isPartOf\":{\"@id\":\"https:\/\/vincentians.com\/es\/luisa-de-marillac-carta-0443-al-senor-vicente\/\"},\"author\":{\"name\":\"Francisco Javier Fern\u00e1ndez Chento\",\"@id\":\"http:\/\/vincentians.com\/es\/#\/schema\/person\/9623ef4d9aa3b2dfb8c061f1499288f2\"},\"headline\":\"Luisa de Marillac, Carta 0443: Al se\u00f1or Vicente\",\"datePublished\":\"2011-10-28T23:00:29+00:00\",\"dateModified\":\"2016-07-26T09:06:07+00:00\",\"mainEntityOfPage\":{\"@id\":\"https:\/\/vincentians.com\/es\/luisa-de-marillac-carta-0443-al-senor-vicente\/\"},\"wordCount\":359,\"commentCount\":0,\"publisher\":{\"@id\":\"http:\/\/vincentians.com\/es\/#organization\"},\"image\":{\"@id\":\"https:\/\/vincentians.com\/es\/luisa-de-marillac-carta-0443-al-senor-vicente\/#primaryimage\"},\"thumbnailUrl\":\"https:\/\/i0.wp.com\/vincentians.com\/es\/wp-content\/uploads\/sites\/11\/2016\/07\/escritos-luisa-de-marillac.jpg?fit=1200%2C630&ssl=1\",\"keywords\":[\"Ducourneau\"],\"articleSection\":[\"Escritos de Luisa de Marillac\"],\"inLanguage\":\"es\",\"potentialAction\":[{\"@type\":\"CommentAction\",\"name\":\"Comment\",\"target\":[\"https:\/\/vincentians.com\/es\/luisa-de-marillac-carta-0443-al-senor-vicente\/#respond\"]}]},{\"@type\":\"WebPage\",\"@id\":\"https:\/\/vincentians.com\/es\/luisa-de-marillac-carta-0443-al-senor-vicente\/\",\"url\":\"https:\/\/vincentians.com\/es\/luisa-de-marillac-carta-0443-al-senor-vicente\/\",\"name\":\"Luisa de Marillac, Carta 0443: Al se\u00f1or Vicente - Somos Vicencianos\",\"isPartOf\":{\"@id\":\"http:\/\/vincentians.com\/es\/#website\"},\"primaryImageOfPage\":{\"@id\":\"https:\/\/vincentians.com\/es\/luisa-de-marillac-carta-0443-al-senor-vicente\/#primaryimage\"},\"image\":{\"@id\":\"https:\/\/vincentians.com\/es\/luisa-de-marillac-carta-0443-al-senor-vicente\/#primaryimage\"},\"thumbnailUrl\":\"https:\/\/i0.wp.com\/vincentians.com\/es\/wp-content\/uploads\/sites\/11\/2016\/07\/escritos-luisa-de-marillac.jpg?fit=1200%2C630&ssl=1\",\"datePublished\":\"2011-10-28T23:00:29+00:00\",\"dateModified\":\"2016-07-26T09:06:07+00:00\",\"breadcrumb\":{\"@id\":\"https:\/\/vincentians.com\/es\/luisa-de-marillac-carta-0443-al-senor-vicente\/#breadcrumb\"},\"inLanguage\":\"es\",\"potentialAction\":[{\"@type\":\"ReadAction\",\"target\":[\"https:\/\/vincentians.com\/es\/luisa-de-marillac-carta-0443-al-senor-vicente\/\"]}]},{\"@type\":\"ImageObject\",\"inLanguage\":\"es\",\"@id\":\"https:\/\/vincentians.com\/es\/luisa-de-marillac-carta-0443-al-senor-vicente\/#primaryimage\",\"url\":\"https:\/\/i0.wp.com\/vincentians.com\/es\/wp-content\/uploads\/sites\/11\/2016\/07\/escritos-luisa-de-marillac.jpg?fit=1200%2C630&ssl=1\",\"contentUrl\":\"https:\/\/i0.wp.com\/vincentians.com\/es\/wp-content\/uploads\/sites\/11\/2016\/07\/escritos-luisa-de-marillac.jpg?fit=1200%2C630&ssl=1\",\"width\":1200,\"height\":630},{\"@type\":\"BreadcrumbList\",\"@id\":\"https:\/\/vincentians.com\/es\/luisa-de-marillac-carta-0443-al-senor-vicente\/#breadcrumb\",\"itemListElement\":[{\"@type\":\"ListItem\",\"position\":1,\"name\":\"Portada\",\"item\":\"http:\/\/vincentians.com\/es\/\"},{\"@type\":\"ListItem\",\"position\":2,\"name\":\"Luisa de Marillac, Carta 0443: Al se\u00f1or Vicente\"}]},{\"@type\":\"WebSite\",\"@id\":\"http:\/\/vincentians.com\/es\/#website\",\"url\":\"http:\/\/vincentians.com\/es\/\",\"name\":\"Somos Vicencianos\",\"description\":\"Know more to serve more\",\"publisher\":{\"@id\":\"http:\/\/vincentians.com\/es\/#organization\"},\"potentialAction\":[{\"@type\":\"SearchAction\",\"target\":{\"@type\":\"EntryPoint\",\"urlTemplate\":\"http:\/\/vincentians.com\/es\/?s={search_term_string}\"},\"query-input\":{\"@type\":\"PropertyValueSpecification\",\"valueRequired\":true,\"valueName\":\"search_term_string\"}}],\"inLanguage\":\"es\"},{\"@type\":\"Organization\",\"@id\":\"http:\/\/vincentians.com\/es\/#organization\",\"name\":\"The Vincentian Network\",\"url\":\"http:\/\/vincentians.com\/es\/\",\"logo\":{\"@type\":\"ImageObject\",\"inLanguage\":\"es\",\"@id\":\"http:\/\/vincentians.com\/es\/#\/schema\/logo\/image\/\",\"url\":\"https:\/\/i1.wp.com\/vincentians.com\/es\/wp-content\/uploads\/sites\/11\/2016\/06\/Vincentian-Network-logo-big.png?fit=778%2C778\",\"contentUrl\":\"https:\/\/i1.wp.com\/vincentians.com\/es\/wp-content\/uploads\/sites\/11\/2016\/06\/Vincentian-Network-logo-big.png?fit=778%2C778\",\"width\":778,\"height\":778,\"caption\":\"The Vincentian Network\"},\"image\":{\"@id\":\"http:\/\/vincentians.com\/es\/#\/schema\/logo\/image\/\"},\"sameAs\":[\"https:\/\/www.facebook.com\/WeAreVincentians\/\",\"https:\/\/x.com\/WeVincentians\"]},{\"@type\":\"Person\",\"@id\":\"http:\/\/vincentians.com\/es\/#\/schema\/person\/9623ef4d9aa3b2dfb8c061f1499288f2\",\"name\":\"Francisco Javier Fern\u00e1ndez Chento\",\"image\":{\"@type\":\"ImageObject\",\"inLanguage\":\"es\",\"@id\":\"http:\/\/vincentians.com\/es\/#\/schema\/person\/image\/\",\"url\":\"https:\/\/secure.gravatar.com\/avatar\/497d5cde87b4c3d097d0315953521681ba2cd523ee66e5077c3711f7021e65de?s=96&d=mm&r=g\",\"contentUrl\":\"https:\/\/secure.gravatar.com\/avatar\/497d5cde87b4c3d097d0315953521681ba2cd523ee66e5077c3711f7021e65de?s=96&d=mm&r=g\",\"caption\":\"Francisco Javier Fern\u00e1ndez Chento\"},\"description\":\"Director General y cofundador de La Red de Formaci\u00f3n Vicenciana. Javier es laico vicenciano, afiliado a la Congregaci\u00f3n de la Misi\u00f3n y miembro del Equipo de Misiones Populares de la provincia can\u00f3nica de Zaragoza (Espa\u00f1a) de la Congregaci\u00f3n de la Misi\u00f3n. Graduado en la Universidad Oberta de Catalunya con cuatro grados (Asistente de direcci\u00f3n, Gesti\u00f3n Administrativa, Recursos Humanos y Contabilidad Avanzada). Bil\u00edng\u00fce Espa\u00f1ol\/Ingl\u00e9s. gestiona y mantiene varias p\u00e1ginas web cristianas y vicencianas, incluida including La Red de Formaci\u00f3n Vicenciana, de la que es cofundador. Actualmente es responsable del \u00e1rea de Espa\u00f1ol de .famvin, la Red de Noticias de la Familia Vicenciana. Tambi\u00e9n es m\u00fasico cat\u00f3lico y ha editado varios discos. Es Director General y cofundador de Trovador, una reconocida compa\u00f1\u00eda discogr\u00e1fica critiana de Espa\u00f1a. Trabaja en las Tecnolog\u00edas de la Informaci\u00f3n, ofreciendo servicios de alojamiento, dise\u00f1o y mantenimiento Web, as\u00ed como asesoramiento, formaci\u00f3n y soluciones inform\u00e1ticas, gesti\u00f3n documental y digitalizaci\u00f3n de textos, edici\u00f3n y maquetaci\u00f3n de libros, revistas, flyers, etc.\",\"sameAs\":[\"http:\/\/chento.org\",\"https:\/\/www.facebook.com\/JavierChento\",\"https:\/\/x.com\/https:\/\/twitter.com\/javierchento\"],\"url\":\"https:\/\/vincentians.com\/es\/author\/chento\/\"}]}<\/script>\n<!-- \/ Yoast SEO plugin. -->","yoast_head_json":{"title":"Luisa de Marillac, Carta 0443: Al se\u00f1or Vicente - Somos Vicencianos","robots":{"index":"index","follow":"follow","max-snippet":"max-snippet:-1","max-image-preview":"max-image-preview:large","max-video-preview":"max-video-preview:-1"},"canonical":"https:\/\/vincentians.com\/es\/luisa-de-marillac-carta-0443-al-senor-vicente\/","og_locale":"es_ES","og_type":"article","og_title":"Luisa de Marillac, Carta 0443: Al se\u00f1or Vicente - Somos Vicencianos","og_description":"Hoy, lunes [octubre 1653] Mi muy Honorable Padre: Nuestra buena se\u00f1ora me ha dicho que fuese ma\u00f1ana a verla a la una de la tarde, quiz\u00e1 quiere saber lo que hay que hacer para suscribir ... Read More","og_url":"https:\/\/vincentians.com\/es\/luisa-de-marillac-carta-0443-al-senor-vicente\/","og_site_name":"Somos Vicencianos","article_publisher":"https:\/\/www.facebook.com\/WeAreVincentians\/","article_author":"https:\/\/www.facebook.com\/JavierChento","article_published_time":"2011-10-28T23:00:29+00:00","article_modified_time":"2016-07-26T09:06:07+00:00","og_image":[{"width":1200,"height":630,"url":"https:\/\/i0.wp.com\/vincentians.com\/es\/wp-content\/uploads\/sites\/11\/2016\/07\/escritos-luisa-de-marillac.jpg?fit=1200%2C630&ssl=1","type":"image\/jpeg"}],"author":"Francisco Javier Fern\u00e1ndez Chento","twitter_card":"summary_large_image","twitter_creator":"@https:\/\/twitter.com\/javierchento","twitter_site":"@WeVincentians","twitter_misc":{"Escrito por":"Francisco Javier Fern\u00e1ndez Chento","Tiempo de lectura":"2 minutos"},"schema":{"@context":"https:\/\/schema.org","@graph":[{"@type":"Article","@id":"https:\/\/vincentians.com\/es\/luisa-de-marillac-carta-0443-al-senor-vicente\/#article","isPartOf":{"@id":"https:\/\/vincentians.com\/es\/luisa-de-marillac-carta-0443-al-senor-vicente\/"},"author":{"name":"Francisco Javier Fern\u00e1ndez Chento","@id":"http:\/\/vincentians.com\/es\/#\/schema\/person\/9623ef4d9aa3b2dfb8c061f1499288f2"},"headline":"Luisa de Marillac, Carta 0443: Al se\u00f1or Vicente","datePublished":"2011-10-28T23:00:29+00:00","dateModified":"2016-07-26T09:06:07+00:00","mainEntityOfPage":{"@id":"https:\/\/vincentians.com\/es\/luisa-de-marillac-carta-0443-al-senor-vicente\/"},"wordCount":359,"commentCount":0,"publisher":{"@id":"http:\/\/vincentians.com\/es\/#organization"},"image":{"@id":"https:\/\/vincentians.com\/es\/luisa-de-marillac-carta-0443-al-senor-vicente\/#primaryimage"},"thumbnailUrl":"https:\/\/i0.wp.com\/vincentians.com\/es\/wp-content\/uploads\/sites\/11\/2016\/07\/escritos-luisa-de-marillac.jpg?fit=1200%2C630&ssl=1","keywords":["Ducourneau"],"articleSection":["Escritos de Luisa de Marillac"],"inLanguage":"es","potentialAction":[{"@type":"CommentAction","name":"Comment","target":["https:\/\/vincentians.com\/es\/luisa-de-marillac-carta-0443-al-senor-vicente\/#respond"]}]},{"@type":"WebPage","@id":"https:\/\/vincentians.com\/es\/luisa-de-marillac-carta-0443-al-senor-vicente\/","url":"https:\/\/vincentians.com\/es\/luisa-de-marillac-carta-0443-al-senor-vicente\/","name":"Luisa de Marillac, Carta 0443: Al se\u00f1or Vicente - Somos Vicencianos","isPartOf":{"@id":"http:\/\/vincentians.com\/es\/#website"},"primaryImageOfPage":{"@id":"https:\/\/vincentians.com\/es\/luisa-de-marillac-carta-0443-al-senor-vicente\/#primaryimage"},"image":{"@id":"https:\/\/vincentians.com\/es\/luisa-de-marillac-carta-0443-al-senor-vicente\/#primaryimage"},"thumbnailUrl":"https:\/\/i0.wp.com\/vincentians.com\/es\/wp-content\/uploads\/sites\/11\/2016\/07\/escritos-luisa-de-marillac.jpg?fit=1200%2C630&ssl=1","datePublished":"2011-10-28T23:00:29+00:00","dateModified":"2016-07-26T09:06:07+00:00","breadcrumb":{"@id":"https:\/\/vincentians.com\/es\/luisa-de-marillac-carta-0443-al-senor-vicente\/#breadcrumb"},"inLanguage":"es","potentialAction":[{"@type":"ReadAction","target":["https:\/\/vincentians.com\/es\/luisa-de-marillac-carta-0443-al-senor-vicente\/"]}]},{"@type":"ImageObject","inLanguage":"es","@id":"https:\/\/vincentians.com\/es\/luisa-de-marillac-carta-0443-al-senor-vicente\/#primaryimage","url":"https:\/\/i0.wp.com\/vincentians.com\/es\/wp-content\/uploads\/sites\/11\/2016\/07\/escritos-luisa-de-marillac.jpg?fit=1200%2C630&ssl=1","contentUrl":"https:\/\/i0.wp.com\/vincentians.com\/es\/wp-content\/uploads\/sites\/11\/2016\/07\/escritos-luisa-de-marillac.jpg?fit=1200%2C630&ssl=1","width":1200,"height":630},{"@type":"BreadcrumbList","@id":"https:\/\/vincentians.com\/es\/luisa-de-marillac-carta-0443-al-senor-vicente\/#breadcrumb","itemListElement":[{"@type":"ListItem","position":1,"name":"Portada","item":"http:\/\/vincentians.com\/es\/"},{"@type":"ListItem","position":2,"name":"Luisa de Marillac, Carta 0443: Al se\u00f1or Vicente"}]},{"@type":"WebSite","@id":"http:\/\/vincentians.com\/es\/#website","url":"http:\/\/vincentians.com\/es\/","name":"Somos Vicencianos","description":"Know more to serve more","publisher":{"@id":"http:\/\/vincentians.com\/es\/#organization"},"potentialAction":[{"@type":"SearchAction","target":{"@type":"EntryPoint","urlTemplate":"http:\/\/vincentians.com\/es\/?s={search_term_string}"},"query-input":{"@type":"PropertyValueSpecification","valueRequired":true,"valueName":"search_term_string"}}],"inLanguage":"es"},{"@type":"Organization","@id":"http:\/\/vincentians.com\/es\/#organization","name":"The Vincentian Network","url":"http:\/\/vincentians.com\/es\/","logo":{"@type":"ImageObject","inLanguage":"es","@id":"http:\/\/vincentians.com\/es\/#\/schema\/logo\/image\/","url":"https:\/\/i1.wp.com\/vincentians.com\/es\/wp-content\/uploads\/sites\/11\/2016\/06\/Vincentian-Network-logo-big.png?fit=778%2C778","contentUrl":"https:\/\/i1.wp.com\/vincentians.com\/es\/wp-content\/uploads\/sites\/11\/2016\/06\/Vincentian-Network-logo-big.png?fit=778%2C778","width":778,"height":778,"caption":"The Vincentian Network"},"image":{"@id":"http:\/\/vincentians.com\/es\/#\/schema\/logo\/image\/"},"sameAs":["https:\/\/www.facebook.com\/WeAreVincentians\/","https:\/\/x.com\/WeVincentians"]},{"@type":"Person","@id":"http:\/\/vincentians.com\/es\/#\/schema\/person\/9623ef4d9aa3b2dfb8c061f1499288f2","name":"Francisco Javier Fern\u00e1ndez Chento","image":{"@type":"ImageObject","inLanguage":"es","@id":"http:\/\/vincentians.com\/es\/#\/schema\/person\/image\/","url":"https:\/\/secure.gravatar.com\/avatar\/497d5cde87b4c3d097d0315953521681ba2cd523ee66e5077c3711f7021e65de?s=96&d=mm&r=g","contentUrl":"https:\/\/secure.gravatar.com\/avatar\/497d5cde87b4c3d097d0315953521681ba2cd523ee66e5077c3711f7021e65de?s=96&d=mm&r=g","caption":"Francisco Javier Fern\u00e1ndez Chento"},"description":"Director General y cofundador de La Red de Formaci\u00f3n Vicenciana. Javier es laico vicenciano, afiliado a la Congregaci\u00f3n de la Misi\u00f3n y miembro del Equipo de Misiones Populares de la provincia can\u00f3nica de Zaragoza (Espa\u00f1a) de la Congregaci\u00f3n de la Misi\u00f3n. Graduado en la Universidad Oberta de Catalunya con cuatro grados (Asistente de direcci\u00f3n, Gesti\u00f3n Administrativa, Recursos Humanos y Contabilidad Avanzada). Bil\u00edng\u00fce Espa\u00f1ol\/Ingl\u00e9s. gestiona y mantiene varias p\u00e1ginas web cristianas y vicencianas, incluida including La Red de Formaci\u00f3n Vicenciana, de la que es cofundador. Actualmente es responsable del \u00e1rea de Espa\u00f1ol de .famvin, la Red de Noticias de la Familia Vicenciana. Tambi\u00e9n es m\u00fasico cat\u00f3lico y ha editado varios discos. Es Director General y cofundador de Trovador, una reconocida compa\u00f1\u00eda discogr\u00e1fica critiana de Espa\u00f1a. Trabaja en las Tecnolog\u00edas de la Informaci\u00f3n, ofreciendo servicios de alojamiento, dise\u00f1o y mantenimiento Web, as\u00ed como asesoramiento, formaci\u00f3n y soluciones inform\u00e1ticas, gesti\u00f3n documental y digitalizaci\u00f3n de textos, edici\u00f3n y maquetaci\u00f3n de libros, revistas, flyers, etc.","sameAs":["http:\/\/chento.org","https:\/\/www.facebook.com\/JavierChento","https:\/\/x.com\/https:\/\/twitter.com\/javierchento"],"url":"https:\/\/vincentians.com\/es\/author\/chento\/"}]}},"jetpack_publicize_connections":[],"jetpack_featured_media_url":"https:\/\/i0.wp.com\/vincentians.com\/es\/wp-content\/uploads\/sites\/11\/2016\/07\/escritos-luisa-de-marillac.jpg?fit=1200%2C630&ssl=1","jetpack_sharing_enabled":true,"jetpack_shortlink":"https:\/\/wp.me\/p7ETMF-dFz","jetpack-related-posts":[{"id":117535,"url":"https:\/\/vincentians.com\/es\/luisa-de-marillac-carta-0677-a-mi-querida-sor-nicolasa-georget\/","url_meta":{"origin":52549,"position":0},"title":"Luisa de Marillac, Carta 0677: A mi querida Sor Nicolasa Georget","author":"Francisco Javier Fern\u00e1ndez Chento","date":"18\/01\/2013","format":false,"excerpt":"Hija de la Caridad\u00a0 Sierva de los Pobres Enfermos (Nanteuil) Hoy, 28 de marzo de 1659 Mi querida hermana: Mucho he sentido su pena por los diferentes motivos que me comunica, aunque no debemos extra\u00f1arnos por todas las murmuraciones que, mintiendo, quieran decir de nosotras, puesto que somos cristianas y,\u2026","rel":"","context":"En \u00abEscritos de Luisa de Marillac\u00bb","block_context":{"text":"Escritos de Luisa de Marillac","link":"https:\/\/vincentians.com\/es\/category\/escritos\/escritos-de-luisa-de-marillac\/"},"img":{"alt_text":"","src":"https:\/\/i0.wp.com\/vincentians.com\/es\/wp-content\/uploads\/sites\/11\/2016\/07\/escritos-luisa-de-marillac.jpg?fit=1200%2C630&ssl=1&resize=350%2C200","width":350,"height":200,"srcset":"https:\/\/i0.wp.com\/vincentians.com\/es\/wp-content\/uploads\/sites\/11\/2016\/07\/escritos-luisa-de-marillac.jpg?fit=1200%2C630&ssl=1&resize=350%2C200 1x, https:\/\/i0.wp.com\/vincentians.com\/es\/wp-content\/uploads\/sites\/11\/2016\/07\/escritos-luisa-de-marillac.jpg?fit=1200%2C630&ssl=1&resize=525%2C300 1.5x, https:\/\/i0.wp.com\/vincentians.com\/es\/wp-content\/uploads\/sites\/11\/2016\/07\/escritos-luisa-de-marillac.jpg?fit=1200%2C630&ssl=1&resize=700%2C400 2x, https:\/\/i0.wp.com\/vincentians.com\/es\/wp-content\/uploads\/sites\/11\/2016\/07\/escritos-luisa-de-marillac.jpg?fit=1200%2C630&ssl=1&resize=1050%2C600 3x"},"classes":[]},{"id":119449,"url":"https:\/\/vincentians.com\/es\/luisa-de-marillac-carta-0689-al-senor-vicente\/","url_meta":{"origin":52549,"position":1},"title":"Luisa de Marillac, Carta 0689: Al se\u00f1or Vicente","author":"Francisco Javier Fern\u00e1ndez Chento","date":"14\/04\/2013","format":false,"excerpt":"Hoy, 24 de agosto [1659] Nuestras dos Hermanas, mi muy Honorable Padre, que le han pedido permiso a su caridad para hacer los votos, est\u00e1n en el quinto a\u00f1o de su entrado en la Compa\u00f1\u00eda. Una se llama Petronila y no ignora el aprecio que debe hacer de tal acto\u2026","rel":"","context":"En \u00abEscritos de Luisa de Marillac\u00bb","block_context":{"text":"Escritos de Luisa de Marillac","link":"https:\/\/vincentians.com\/es\/category\/escritos\/escritos-de-luisa-de-marillac\/"},"img":{"alt_text":"","src":"https:\/\/i0.wp.com\/vincentians.com\/es\/wp-content\/uploads\/sites\/11\/2016\/07\/escritos-luisa-de-marillac.jpg?fit=1200%2C630&ssl=1&resize=350%2C200","width":350,"height":200,"srcset":"https:\/\/i0.wp.com\/vincentians.com\/es\/wp-content\/uploads\/sites\/11\/2016\/07\/escritos-luisa-de-marillac.jpg?fit=1200%2C630&ssl=1&resize=350%2C200 1x, https:\/\/i0.wp.com\/vincentians.com\/es\/wp-content\/uploads\/sites\/11\/2016\/07\/escritos-luisa-de-marillac.jpg?fit=1200%2C630&ssl=1&resize=525%2C300 1.5x, https:\/\/i0.wp.com\/vincentians.com\/es\/wp-content\/uploads\/sites\/11\/2016\/07\/escritos-luisa-de-marillac.jpg?fit=1200%2C630&ssl=1&resize=700%2C400 2x, https:\/\/i0.wp.com\/vincentians.com\/es\/wp-content\/uploads\/sites\/11\/2016\/07\/escritos-luisa-de-marillac.jpg?fit=1200%2C630&ssl=1&resize=1050%2C600 3x"},"classes":[]},{"id":119452,"url":"https:\/\/vincentians.com\/es\/luisa-de-marillac-carta-0686-a-sor-lorenza-dubois\/","url_meta":{"origin":52549,"position":2},"title":"Luisa de Marillac, Carta 0686: A Sor Lorenza Dubois","author":"Francisco Javier Fern\u00e1ndez Chento","date":"11\/04\/2013","format":false,"excerpt":"Bernay Hoy, 23 de julio de 1659 Mi querida Hermana: Aun cuando me acusara usted de olvido o de demasiada negligencia no quiero excusarme, si bien podr\u00eda decirle que desde Pascua he estado casi de continuo cayendo y levant\u00e1ndome de mis enfermedades, y as\u00ed sigo al presente, como quiz\u00e1 le\u2026","rel":"","context":"En \u00abEscritos de Luisa de Marillac\u00bb","block_context":{"text":"Escritos de Luisa de Marillac","link":"https:\/\/vincentians.com\/es\/category\/escritos\/escritos-de-luisa-de-marillac\/"},"img":{"alt_text":"","src":"https:\/\/i0.wp.com\/vincentians.com\/es\/wp-content\/uploads\/sites\/11\/2016\/07\/escritos-luisa-de-marillac.jpg?fit=1200%2C630&ssl=1&resize=350%2C200","width":350,"height":200,"srcset":"https:\/\/i0.wp.com\/vincentians.com\/es\/wp-content\/uploads\/sites\/11\/2016\/07\/escritos-luisa-de-marillac.jpg?fit=1200%2C630&ssl=1&resize=350%2C200 1x, https:\/\/i0.wp.com\/vincentians.com\/es\/wp-content\/uploads\/sites\/11\/2016\/07\/escritos-luisa-de-marillac.jpg?fit=1200%2C630&ssl=1&resize=525%2C300 1.5x, https:\/\/i0.wp.com\/vincentians.com\/es\/wp-content\/uploads\/sites\/11\/2016\/07\/escritos-luisa-de-marillac.jpg?fit=1200%2C630&ssl=1&resize=700%2C400 2x, https:\/\/i0.wp.com\/vincentians.com\/es\/wp-content\/uploads\/sites\/11\/2016\/07\/escritos-luisa-de-marillac.jpg?fit=1200%2C630&ssl=1&resize=1050%2C600 3x"},"classes":[]},{"id":102587,"url":"https:\/\/vincentians.com\/es\/luisa-de-marillac-carta-0631-al-senor-vicente\/","url_meta":{"origin":52549,"position":3},"title":"Luisa de Marillac, Carta 0631: Al se\u00f1or Vicente","author":"Francisco Javier Fern\u00e1ndez Chento","date":"07\/09\/2012","format":false,"excerpt":"[mayo 1658] No sab\u00eda yo, mi muy Honorable Padre, que estuviera usted enfermo; por amor de Dios, \u00a1cu\u00eddese! Lo que me urge saber de su caridad es si le parecer\u00eda bien que di\u00e9ramos a Sor Ana, para hacer el viaje con la se\u00f1ora Duquesa de Ventadour, a la Hermanita que\u2026","rel":"","context":"En \u00abEscritos de Luisa de Marillac\u00bb","block_context":{"text":"Escritos de Luisa de Marillac","link":"https:\/\/vincentians.com\/es\/category\/escritos\/escritos-de-luisa-de-marillac\/"},"img":{"alt_text":"","src":"https:\/\/i0.wp.com\/vincentians.com\/es\/wp-content\/uploads\/sites\/11\/2016\/07\/escritos-luisa-de-marillac.jpg?fit=1200%2C630&ssl=1&resize=350%2C200","width":350,"height":200,"srcset":"https:\/\/i0.wp.com\/vincentians.com\/es\/wp-content\/uploads\/sites\/11\/2016\/07\/escritos-luisa-de-marillac.jpg?fit=1200%2C630&ssl=1&resize=350%2C200 1x, https:\/\/i0.wp.com\/vincentians.com\/es\/wp-content\/uploads\/sites\/11\/2016\/07\/escritos-luisa-de-marillac.jpg?fit=1200%2C630&ssl=1&resize=525%2C300 1.5x, https:\/\/i0.wp.com\/vincentians.com\/es\/wp-content\/uploads\/sites\/11\/2016\/07\/escritos-luisa-de-marillac.jpg?fit=1200%2C630&ssl=1&resize=700%2C400 2x, https:\/\/i0.wp.com\/vincentians.com\/es\/wp-content\/uploads\/sites\/11\/2016\/07\/escritos-luisa-de-marillac.jpg?fit=1200%2C630&ssl=1&resize=1050%2C600 3x"},"classes":[]},{"id":101834,"url":"https:\/\/vincentians.com\/es\/luisa-de-marillac-carta-0625-al-senor-abad-de-vaux\/","url_meta":{"origin":52549,"position":4},"title":"Luisa de Marillac, Carta 0625: Al se\u00f1or Abad de Vaux","author":"Francisco Javier Fern\u00e1ndez Chento","date":"01\/09\/2012","format":false,"excerpt":"(hacia marzo de 1658) Se\u00f1or: Hace alg\u00fan tiempo que, habiendo sabido por su caridad que dos buenas j\u00f3venes deseaban ser de nuestra Compa\u00f1\u00eda, despu\u00e9s de haber usted probado su vocaci\u00f3n, como tuvo la bondad de dec\u00edrnoslo, el se\u00f1or Vicente me orden\u00f3 le suplicara humildemente, se\u00f1or, nos las enviara si las\u2026","rel":"","context":"En \u00abEscritos de Luisa de Marillac\u00bb","block_context":{"text":"Escritos de Luisa de Marillac","link":"https:\/\/vincentians.com\/es\/category\/escritos\/escritos-de-luisa-de-marillac\/"},"img":{"alt_text":"","src":"https:\/\/i0.wp.com\/vincentians.com\/es\/wp-content\/uploads\/sites\/11\/2016\/07\/escritos-luisa-de-marillac.jpg?fit=1200%2C630&ssl=1&resize=350%2C200","width":350,"height":200,"srcset":"https:\/\/i0.wp.com\/vincentians.com\/es\/wp-content\/uploads\/sites\/11\/2016\/07\/escritos-luisa-de-marillac.jpg?fit=1200%2C630&ssl=1&resize=350%2C200 1x, https:\/\/i0.wp.com\/vincentians.com\/es\/wp-content\/uploads\/sites\/11\/2016\/07\/escritos-luisa-de-marillac.jpg?fit=1200%2C630&ssl=1&resize=525%2C300 1.5x, https:\/\/i0.wp.com\/vincentians.com\/es\/wp-content\/uploads\/sites\/11\/2016\/07\/escritos-luisa-de-marillac.jpg?fit=1200%2C630&ssl=1&resize=700%2C400 2x, https:\/\/i0.wp.com\/vincentians.com\/es\/wp-content\/uploads\/sites\/11\/2016\/07\/escritos-luisa-de-marillac.jpg?fit=1200%2C630&ssl=1&resize=1050%2C600 3x"},"classes":[]},{"id":103913,"url":"https:\/\/vincentians.com\/es\/luisa-de-marillac-carta-0645-a-mi-querida-sor-genoveva\/","url_meta":{"origin":52549,"position":5},"title":"Luisa de Marillac, Carta 0645: A mi querida Sor Genoveva","author":"Francisco Javier Fern\u00e1ndez Chento","date":"21\/09\/2012","format":false,"excerpt":"Hija de la Caridad Sierva de los Pobres Enfermos Chantilly Hoy, 12 de septiembre de 165 Mi querida Hermana: No puedo por menos de manifestarle mi dolor por saber no tiene ya con usted una lectora que le lea mis cartas, dada la necesidad, y obligaci\u00f3n por parte de nuestras\u2026","rel":"","context":"En \u00abEscritos de Luisa de Marillac\u00bb","block_context":{"text":"Escritos de Luisa de Marillac","link":"https:\/\/vincentians.com\/es\/category\/escritos\/escritos-de-luisa-de-marillac\/"},"img":{"alt_text":"","src":"https:\/\/i0.wp.com\/vincentians.com\/es\/wp-content\/uploads\/sites\/11\/2016\/07\/escritos-luisa-de-marillac.jpg?fit=1200%2C630&ssl=1&resize=350%2C200","width":350,"height":200,"srcset":"https:\/\/i0.wp.com\/vincentians.com\/es\/wp-content\/uploads\/sites\/11\/2016\/07\/escritos-luisa-de-marillac.jpg?fit=1200%2C630&ssl=1&resize=350%2C200 1x, https:\/\/i0.wp.com\/vincentians.com\/es\/wp-content\/uploads\/sites\/11\/2016\/07\/escritos-luisa-de-marillac.jpg?fit=1200%2C630&ssl=1&resize=525%2C300 1.5x, https:\/\/i0.wp.com\/vincentians.com\/es\/wp-content\/uploads\/sites\/11\/2016\/07\/escritos-luisa-de-marillac.jpg?fit=1200%2C630&ssl=1&resize=700%2C400 2x, https:\/\/i0.wp.com\/vincentians.com\/es\/wp-content\/uploads\/sites\/11\/2016\/07\/escritos-luisa-de-marillac.jpg?fit=1200%2C630&ssl=1&resize=1050%2C600 3x"},"classes":[]}],"_links":{"self":[{"href":"https:\/\/vincentians.com\/es\/wp-json\/wp\/v2\/posts\/52549","targetHints":{"allow":["GET"]}}],"collection":[{"href":"https:\/\/vincentians.com\/es\/wp-json\/wp\/v2\/posts"}],"about":[{"href":"https:\/\/vincentians.com\/es\/wp-json\/wp\/v2\/types\/post"}],"author":[{"embeddable":true,"href":"https:\/\/vincentians.com\/es\/wp-json\/wp\/v2\/users\/4"}],"replies":[{"embeddable":true,"href":"https:\/\/vincentians.com\/es\/wp-json\/wp\/v2\/comments?post=52549"}],"version-history":[{"count":0,"href":"https:\/\/vincentians.com\/es\/wp-json\/wp\/v2\/posts\/52549\/revisions"}],"wp:featuredmedia":[{"embeddable":true,"href":"https:\/\/vincentians.com\/es\/wp-json\/wp\/v2\/media\/393751"}],"wp:attachment":[{"href":"https:\/\/vincentians.com\/es\/wp-json\/wp\/v2\/media?parent=52549"}],"wp:term":[{"taxonomy":"category","embeddable":true,"href":"https:\/\/vincentians.com\/es\/wp-json\/wp\/v2\/categories?post=52549"},{"taxonomy":"post_tag","embeddable":true,"href":"https:\/\/vincentians.com\/es\/wp-json\/wp\/v2\/tags?post=52549"}],"curies":[{"name":"wp","href":"https:\/\/api.w.org\/{rel}","templated":true}]}}