{"id":52424,"date":"2011-10-06T07:26:12","date_gmt":"2011-10-06T05:26:12","guid":{"rendered":"http:\/\/somos.vicencianos.org\/?p=52424"},"modified":"2016-07-26T19:24:50","modified_gmt":"2016-07-26T17:24:50","slug":"para-estar-con-los-pobres-hay-que-estar-contra-las-pobrezas","status":"publish","type":"post","link":"https:\/\/vincentians.com\/es\/para-estar-con-los-pobres-hay-que-estar-contra-las-pobrezas\/","title":{"rendered":"Para estar con los pobres hay que estar contra las pobrezas"},"content":{"rendered":"<p><a href=\"https:\/\/i0.wp.com\/vicencianos.org\/wp-content\/2011\/10\/contra_las_pobrezas.jpg\"><img data-recalc-dims=\"1\" loading=\"lazy\" decoding=\"async\" class=\"alignright size-medium wp-image-52425\" title=\"contra_las_pobrezas\" src=\"https:\/\/i0.wp.com\/vicencianos.org\/wp-content\/2011\/10\/contra_las_pobrezas-214x300.jpg?resize=214%2C300\" alt=\"\" width=\"214\" height=\"300\" \/><\/a>En nuestro mundo hay dos clases de hombres. Los obispos latinoamericanos lo dijeron claramente: \u00abPocos tienen mucho (cul\u00adtura, riqueza, poder, prestigio) mientras muchos tienen poco\u00bb<span id='easy-footnote-1-52424' class='easy-footnote-margin-adjust'><\/span><span class='easy-footnote'><a href='https:\/\/vincentians.com\/es\/para-estar-con-los-pobres-hay-que-estar-contra-las-pobrezas\/#easy-footnote-bottom-1-52424' title='II Conferencia General del Episcopado Latinoamericano: &lt;em&gt;Los Documentos de Medell\u00edn, \u00abPaz\u00bb, &lt;\/em&gt;n.\u00b0 3, Nova Terra, Barcelona, 1969, p\u00e1g. 68.'><sup>1<\/sup><\/a><\/span>.<\/p>\n<p>En un mundo as\u00ed, cualquier hombre concientizado, para saber si debe o no escuchar a la Iglesia, le preguntar\u00e1: \u00bfcon qui\u00e9n est\u00e1 tu Dios?<\/p>\n<p>\u00bfCon qui\u00e9n est\u00e1 tu Dios? He aqu\u00ed una respuesta \u2014desde luego no teol\u00f3gica\u2014 tomada de una canci\u00f3n que tararean los j\u00f3venes de cualquier lugar del mundo:<\/p>\n<p style=\"padding-left: 30px\"><em>Un d\u00eda yo pregunt\u00e9: Abuelo, \u00bfd\u00f3nde est\u00e1 Dios?<\/em><br \/>\n<em> M\u00ed abuelo se puso triste y nada me respondi\u00f3.<\/em><br \/>\n<em> Mi abuelo muri\u00f3 en los campos sin rezo ni confesi\u00f3n,<\/em><br \/>\n<em> y lo enterraron los indios,<\/em><br \/>\n<em> flauta de ca\u00f1a y tambor.<\/em><br \/>\n<em> Al tiempo yo pregunt\u00e9: Padre, \u00bfqu\u00e9 sabes de Dios?<\/em><br \/>\n<em> Mi padre se puso serio y nada me respondi\u00f3.<\/em><br \/>\n<em> Mi padre muri\u00f3 en la mina,<\/em><br \/>\n<em> sin doctor ni protecci\u00f3n.<\/em><br \/>\n<em> Color de sangre minera tiene el oro del patr\u00f3n.<\/em><br \/>\n<em> Mi hermano vive en los montes<\/em><br \/>\n<em> y no conoce una flor.<\/em><br \/>\n<em> Sudor, malaria y serpientes,<\/em><br \/>\n<em> la vida del le\u00f1ador.<\/em><br \/>\n<em> Y que \u00abnaide\u00bb le pregunte<\/em><br \/>\n<em> si sabe d\u00f3nde est\u00e1 Dios:<\/em><br \/>\n<em> Por su casa no ha pasado tan importante se\u00f1or.<\/em><br \/>\n<em> Yo canto por los caminos<\/em><br \/>\n<em> y cuando estoy en prisi\u00f3n<\/em><br \/>\n<em> oigo las voces del pueblo<\/em><br \/>\n<em> que canta mejor que yo:<\/em><br \/>\n<em> Hay un asunto en la tierra<\/em><br \/>\n<em> m\u00e1s importante que Dios,<\/em><br \/>\n<em> y es que \u2039\u2039naide\u00bb escupa sangre<\/em><br \/>\n<em> \u00abpa\u203a<sup>,<\/sup> que otro viva mejor.<\/em><br \/>\n<em> \u00bfQue Dios vela por los hombres?<\/em><br \/>\n<em> Tal vez s\u00ed y tal vez no&#8230;<br \/>\nPero es seguro que almuerza en la mesa del patr\u00f3n<\/em><em><\/em><strong><em>.<\/em><\/strong><span id='easy-footnote-2-52424' class='easy-footnote-margin-adjust'><\/span><span class='easy-footnote'><a href='https:\/\/vincentians.com\/es\/para-estar-con-los-pobres-hay-que-estar-contra-las-pobrezas\/#easy-footnote-bottom-2-52424' title='Atahualpa Yupanqui: &lt;em&gt;Preguntas sobre Dios, &lt;\/em&gt;Hispavox HCS 41-05 (LS).'><sup>2<\/sup><\/a><\/span>\n<p>Quede aqu\u00ed esta canci\u00f3n como aldabonazo a las conciencias cristianas e intentemos responder desde la teolog\u00eda a la pregunta de con qui\u00e9n est\u00e1 Dios.<\/p>\n<p>Para ello dirigiremos nuestra mirada a Jes\u00fas de Nazaret; sabe\u00admos que quien le ve a \u00e9l ve al Padre (Jn 14,9).<\/p>\n<h2><strong>Jes\u00fas prefiere a los pobres<\/strong><\/h2>\n<p>Joachim Jeremias ha publicado un magistral \u00abEstudio econ\u00f3\u00admico y social del Nuevo Testamento\u00bb y gracias a \u00e9l sabemos que tambi\u00e9n en tiempos de Jes\u00fas hab\u00eda dos clases de hombres: Jerusa\u00adl\u00e9n era un centro de mendicidad y, en las \u00e9pocas de hambre, mu\u00adchos mor\u00edan de inanici\u00f3n. Incluso algunos ten\u00edan que recurrir a venderse a s\u00ed mismos como esclavos para sobrevivir. Contrastando con esa pobreza, las minor\u00edas privilegiadas viv\u00edan en medio de un lujo ofensivo: el servicio del palacio de Herodes el Grande consta\u00adba de 500 personas y Eleazar ben Jarson hered\u00f3 de su padre mil aldeas y mil naves, y ten\u00eda tantos esclavos que a la mayor\u00eda no los hab\u00eda visto nunca<span id='easy-footnote-3-52424' class='easy-footnote-margin-adjust'><\/span><span class='easy-footnote'><a href='https:\/\/vincentians.com\/es\/para-estar-con-los-pobres-hay-que-estar-contra-las-pobrezas\/#easy-footnote-bottom-3-52424' title='Joachim Jeremias: &lt;em&gt;Jerusal\u00e9n en tiempos de Jes\u00fas, &lt;\/em&gt;Cristiandad, Madrid, 1977, p\u00e1gs. 105, 117, 136, 148, 324, 325.'><sup>3<\/sup><\/a><\/span>.<\/p>\n<p>Es interesante se\u00f1alar que no solamente en los tiempos de Je\u00ads\u00fas y en los nuestros se dan esas desigualdades escandalosas, sino tambi\u00e9n en el tiempo de san Vicente, que ser\u00e1 nuestro tercer punto de referencia. Baste este testimonio de uno de sus misioneros:<\/p>\n<p style=\"padding-left: 30px\"><em>\u00abEl hambre es tan grande que vemos a hombres comer tierra, masticar la hierba, arrancar la corteza de los \u00e1rboles, desgarrar los miserables harapos de que est\u00e1n cubiertos para trag\u00e1rselos. Pero lo que no nos atrever\u00edamos a decir si no lo hubi\u00e9ramos visto es que da horror ver c\u00f3mo se comen sus brazos y sus manos y mueren as\u00ed en esa desesperaci\u00f3n\u00bb <\/em>(IV, 288-289).<span id='easy-footnote-4-52424' class='easy-footnote-margin-adjust'><\/span><span class='easy-footnote'><a href='https:\/\/vincentians.com\/es\/para-estar-con-los-pobres-hay-que-estar-contra-las-pobrezas\/#easy-footnote-bottom-4-52424' title='Citar\u00e9 siempre a san Vicente seg\u00fan la versi\u00f3n castellana de sus &lt;em&gt;Obras Completas &lt;\/em&gt;y publicada por S\u00edgueme (Salamanca) a partir de 1972. El n\u00famero ro\u00admano se refiere al tomo y el ar\u00e1bigo indica la p\u00e1gina.'><sup>4<\/sup><\/a><\/span><em><\/em><\/p>\n<p>Pues bien, en aquella sociedad Jes\u00fas se coloc\u00f3 claramente al lado de los pobres. Afirma que el Esp\u00edritu del Se\u00f1or le ha ungido <em>\u00abpara anunciar a los pobres la Buena Noticia\u00bb <\/em>(Lc 4,18), e incluso hace de la opci\u00f3n por los pobres el distintivo de su misi\u00f3n:<\/p>\n<p style=\"padding-left: 30px\"><em>\u00abId a contar a Juan lo que <\/em><em>o\u00eds y veis: los ciegos ven, los cojos andan, los leprosos quedan limpios y los sordos oyen, los muertos resucitan y se anuncia a los pobres la Buena Noticia\u00bb (Mt <\/em>11,4-5),<em><\/em><\/p>\n<p>responde a quienes le preguntan de parte del Bautista si \u00e9l era el Mes\u00edas.<\/p>\n<p>Tanto es as\u00ed que Joachim Jeremias llega a afirmar:<\/p>\n<p style=\"padding-left: 30px\"><em>\u00abEn sentido aut\u00e9ntico, no dice solamente: el tiempo de la salva\u00adci\u00f3n ha llegado, el nuevo mundo est\u00e1 ah\u00ed, el salvador ha llegado, sino: \u00a1La salvaci\u00f3n ha llegado a los pobres!\u00bb <\/em><span id='easy-footnote-5-52424' class='easy-footnote-margin-adjust'><\/span><span class='easy-footnote'><a href='https:\/\/vincentians.com\/es\/para-estar-con-los-pobres-hay-que-estar-contra-las-pobrezas\/#easy-footnote-bottom-5-52424' title='Joachim Jeremias: &lt;em&gt;Las par\u00e1bolas de Jes\u00fas, &lt;\/em&gt;Verbo Divino, Estella, 1970, p\u00e1gs. 153-154.'><sup>5<\/sup><\/a><\/span>.<em><\/em><\/p>\n<p>V\u00e9ase la semejanza, incluso formal, con san Vicente cuando afirma que el objetivo de la misi\u00f3n es <em>\u00abdar a conocer a Dios a los pobres, anunciarles a Jesucristo, decirles que est\u00e1 cerca el reino de los cielos y que este reino es para los pobres\u00bb <\/em>(XI, 387).<\/p>\n<p>Al fin y al cabo se afirma en la primera bienaventuranza: <em>Bien\u00adaventurados los pobres, porque vuestro es el Reino de Dios <\/em>(Lu\u00adcas 6,20).<\/p>\n<p>Y Joachim Jeremias, despu\u00e9s de justificar que la formulaci\u00f3n de Lucas (bienaventurados los \u00abpobres\u00bb) y no la de Mateo (bienaventurados los \u00abpobres de esp\u00edritu\u00bb) es la original<span id='easy-footnote-6-52424' class='easy-footnote-margin-adjust'><\/span><span class='easy-footnote'><a href='https:\/\/vincentians.com\/es\/para-estar-con-los-pobres-hay-que-estar-contra-las-pobrezas\/#easy-footnote-bottom-6-52424' title='Joachim Jeremias: &lt;em&gt;Teolog\u00eda del Nuevo Testamento, &lt;\/em&gt;S\u00edgueme, Salamanca, 1977, p\u00e1g. 137.'><sup>6<\/sup><\/a><\/span>, va m\u00e1s lejos a\u00fan y afirma:<\/p>\n<p style=\"padding-left: 30px\"><em>\u00abEl reino pertenece \u00fanicamente a los pobres. Las lenguas sem\u00edti\u00adcas omiten con frecuencia el adverbio restrictivo \u00ab\u00fanicamente\u00bb, aun en casos en los que, para nuestra sensibilidad ling\u00fc\u00edstica, no podr\u00eda omitirse. Y por tanto con bastante frecuencia habr\u00e1 que suplirlo en la traducci\u00f3n. As\u00ed ocurre aqu\u00ed tambi\u00e9n. La primera bienaventuran\u00adza afirma: la salvaci\u00f3n est\u00e1 destinada \u00fanicamente a los mendigos y a los pecadores\u00bb <\/em><span id='easy-footnote-7-52424' class='easy-footnote-margin-adjust'><\/span><span class='easy-footnote'><a href='https:\/\/vincentians.com\/es\/para-estar-con-los-pobres-hay-que-estar-contra-las-pobrezas\/#easy-footnote-bottom-7-52424' title='Joachim Jeremias: &lt;em&gt;Teolog\u00eda del Nuevo Testamento, &lt;\/em&gt;p\u00e1g. 142.'><sup>7<\/sup><\/a><\/span>.<\/p>\n<p>Seg\u00fan este especialista en Nuevo Testamento, los pobres debe\u00admos considerar que son <em>\u00ablos oprimidos en sentido ampl\u00edsimo, los desesperados, los que no tienen salvaci\u00f3n\u00bb, <\/em>en definitiva, los des\u00adheredados de la vida.<\/p>\n<p>Decimos que Jes\u00fas es el Hijo de Dios. Pues bien, la opci\u00f3n de Cristo por los pobres nos manifiesta claramente que no es el Hi\u00adjo&#8230; de alg\u00fan Dios falso (por ejemplo, del dios fenicio Moloch, que exig\u00eda sacrificios humanos), sino del Dios que hab\u00eda aparecido constantemente en el Antiguo Testamento prefiriendo a los pobres:<\/p>\n<p style=\"padding-left: 30px\"><em>\u00abNo porque se\u00e1is el m\u00e1s numeroso de los pueblos se ha prenda\u00addo Yahveh de vosotros y os ha elegido, pues sois el menos nume\u00adroso de todos los pueblos\u00bb <\/em>(Dt <em>7,7).<\/em><\/p>\n<p>En Juan 5,19 <em>(\u00abEl hijo no puede hacer nada por su cuenta sino lo que ve hacer al padre\u00bb) <\/em>ha descubierto Dodd una par\u00e1bola oculta. Seg\u00fan las costumbres de la \u00e9poca, los padres iniciaban a sus hijos en su oficio, de tal manera que basta ver c\u00f3mo trabaja un individuo para saber de qui\u00e9n es hijo: el hijo del herrero, el hijo del carpintero, etc.<span id='easy-footnote-8-52424' class='easy-footnote-margin-adjust'><\/span><span class='easy-footnote'><a href='https:\/\/vincentians.com\/es\/para-estar-con-los-pobres-hay-que-estar-contra-las-pobrezas\/#easy-footnote-bottom-8-52424' title='C. H. Dodd: &lt;em&gt;Une parabole cachee dans le Quatrieme Evanffik, \u00abRevue &lt;\/em&gt;d&amp;#8217;Histoire et de Philosophie Religieuse\u00bb, 42, 107-115.'><sup>8<\/sup><\/a><\/span>. Pues bien, basta ver la preferencia de Cristo por los pobres para saber que es el hijo de Yahveh Dios y no de alguno de esos dioses falsos \u00abque almuerzan en la mesa del patr\u00f3n\u00bb.<\/p>\n<p>Podr\u00edamos preguntarnos por qu\u00e9 Jes\u00fas prefiere a los pobres, qu\u00e9 cualidades habr\u00e1 encontrado en ellos que justifiquen su predi\u00adlecci\u00f3n. De hecho, su conducta contrastaba llamativamente con la de los hombres \u00abbien pensantes\u00bb de entonces (y de ahora). He aqu\u00ed algunos testimonios de la literatura del juda\u00edsmo de su tiempo:<\/p>\n<p style=\"padding-left: 30px\"><em>\u00abNo permanezcas junto a un ignorante aunque sea piadoso, por\u00adque los ignorantes son detestables y sus mujeres sabandijas, y de sus hijos est\u00e1 escrito: maldito ser\u00e1 el que se ayunte con cualquier bestia\u00bb<\/em><span id='easy-footnote-9-52424' class='easy-footnote-margin-adjust'><\/span><span class='easy-footnote'><a href='https:\/\/vincentians.com\/es\/para-estar-con-los-pobres-hay-que-estar-contra-las-pobrezas\/#easy-footnote-bottom-9-52424' title='David Romano: &lt;em&gt;Talmud Babil\u00f3nico, &lt;\/em&gt;Planeta, Barcelona, 1975, p\u00e1g. 276.'><sup>9<\/sup><\/a><\/span>.<\/p>\n<p style=\"padding-left: 30px\"><em>\u00abLos cojos, los mancos, los tuertos, los ciegos, los sordos, los mudos, los que tengan alg\u00fan defecto que les deforme la figura, o simplemente los demasiado viejos&#8230; Ninguno de \u00e9stos debe tomar asiento en el Consejo de la comunidad (de Qumram) porque los \u00e1ngeles de santidad est\u00e1n en cada uno de sus lugares\u00bb<\/em><span id='easy-footnote-10-52424' class='easy-footnote-margin-adjust'><\/span><span class='easy-footnote'><a href='https:\/\/vincentians.com\/es\/para-estar-con-los-pobres-hay-que-estar-contra-las-pobrezas\/#easy-footnote-bottom-10-52424' title='\u00abDocumento de las dos columnas\u00bb, II, 5-9, en M. Jim\u00e9nez, &lt;em&gt;F. Bonhom\u00adme, &lt;\/em&gt;Cristiandad, Madrid, 1976, p\u00e1g. 87.'><sup>10<\/sup><\/a><\/span>.<\/p>\n<p>Pues bien, Jes\u00fas no se dign\u00f3 se\u00f1alar ninguna cualidad especial de los pobres que justificara su preferencia por ellos, a pesar de que era consciente de que una conducta as\u00ed le enfrentaba con la religi\u00f3n de los rabinos. Tambi\u00e9n aqu\u00ed se vio que:<\/p>\n<p style=\"padding-left: 30px\"><em>\u00abEnse\u00f1aba como quien tiene autoridad y no como los escribas\u00bb (Mt <\/em>7,29).<\/p>\n<p>De hecho, como vamos a mostrar a continuaci\u00f3n, Jes\u00fas no ne\u00adcesita otra raz\u00f3n para amar a los pobres que la de saber que son pobres:<\/p>\n<p>Prefiere a la oveja perdida entre las 99 restantes, e incluso la prefiere ante todas las dem\u00e1s juntas, <strong>s\u00f3lo porque estaba perdida (Lc 15,4-6).<\/strong><\/p>\n<p>Favorece al obrero que hab\u00eda estado parado frente a todos los dem\u00e1s, y <strong>s\u00f3lo porque hab\u00eda estado parado (Mt <\/strong>20,1-16).<\/p>\n<p>L\u00e1zaro, por \u00faltimo, no parec\u00eda tener otro m\u00e9rito frente a Epu\u00adl\u00f3n que el de ser pobre (Lc 16,19-31).<\/p>\n<p>Lo dicho se ve claramente por el contraste con narraciones muy similares extrab\u00edblicas, en las que sistem\u00e1ticamente se recalca la existencia de alguna cualidad oculta en el pobre preferido.<\/p>\n<p>El evangelio ap\u00f3crifo de Tom\u00e1s narra as\u00ed la par\u00e1bola de la oveja perdida:<\/p>\n<p style=\"padding-left: 30px\"><em><em>\u00ab<\/em>Se perdi\u00f3 una de ellas, <\/em><strong><em>que era la m\u00e1s gorda. <\/em><\/strong><em>El dej\u00f3 las otras 99 y busc\u00f3 a esta sola hasta encontrarla. Tras esta fatiga, le dijo: Te amo m\u00e1s que a las 99&#8243;<\/em><span id='easy-footnote-11-52424' class='easy-footnote-margin-adjust'><\/span><span class='easy-footnote'><a href='https:\/\/vincentians.com\/es\/para-estar-con-los-pobres-hay-que-estar-contra-las-pobrezas\/#easy-footnote-bottom-11-52424' title='An\u00f3nimo: &lt;em&gt;El Evangelio de Tom\u00e1s, &lt;\/em&gt;P.U.F., Par\u00eds, 1959, p\u00e1gs. 53-55.'><sup>11<\/sup><\/a><\/span>.<\/p>\n<p>El Talmud de Jerusal\u00e9n cuenta la par\u00e1bola de los vi\u00f1adores con t\u00e9rminos muy similares a los que nosotros conocemos, pero haciendo notar que el amo se fija en que el \u00faltimo en llegar traba\u00adja con tal diligencia que <strong>en dos horas realiza el mismo trabajo que sus compa\u00f1eros en todo el d\u00eda; <\/strong>cuando \u00e9stos critican al amo por haber remunerado a todos igual, puede responder: <em>\u00abCon esto no hago ninguna injusticia; este trabajador ha realizado en dos horas m\u00e1s que vosotros en todo el d\u00eda\u00bb <\/em><span id='easy-footnote-12-52424' class='easy-footnote-margin-adjust'><\/span><span class='easy-footnote'><a href='https:\/\/vincentians.com\/es\/para-estar-con-los-pobres-hay-que-estar-contra-las-pobrezas\/#easy-footnote-bottom-12-52424' title='J. Ber. 2,3c (par Midr. Ecl. 5,11, Midr. Cant. 6,2).'><sup>12<\/sup><\/a><\/span>.<\/p>\n<p>Algo parecido ocurre con la par\u00e1bola de Epul\u00f3n y L\u00e1zaro. En el Talmud se precisa que el rico era un <strong>glot\u00f3n imp\u00edo <\/strong>y el pobre un <strong>escriba piadoso <\/strong><span id='easy-footnote-13-52424' class='easy-footnote-margin-adjust'><\/span><span class='easy-footnote'><a href='https:\/\/vincentians.com\/es\/para-estar-con-los-pobres-hay-que-estar-contra-las-pobrezas\/#easy-footnote-bottom-13-52424' title='J. Sanh. 6,23c (par J. Hag. 2,77d).'><sup>13<\/sup><\/a><\/span>.<\/p>\n<p>El contraste entre estos textos extrab\u00edblicos y nuestros Evange\u00adlios can\u00f3nicos no puede ser m\u00e1s elocuente: si \u00e9stos omiten sistem\u00e1\u00adticamente cualquier cualidad o m\u00e9rito personal de los pobres que pudiera justificar las preferencias de Jes\u00fas es sencillamente porque no exist\u00eda. La predilecci\u00f3n de Jes\u00fas por los pobres no tiene otra raz\u00f3n de ser que la misma pobreza de \u00e9stos. Como afirmaba la Conferencia Episcopal Latinoamericana de Puebla: <em>\u00abLos pobres merecen una atenci\u00f3n preferencial, <strong>cualquiera que sea la situaci\u00f3n moral o personal en que se encuentren\u00bb<\/strong> <\/em><span id='easy-footnote-14-52424' class='easy-footnote-margin-adjust'><\/span><span class='easy-footnote'><a href='https:\/\/vincentians.com\/es\/para-estar-con-los-pobres-hay-que-estar-contra-las-pobrezas\/#easy-footnote-bottom-14-52424' title='III Conf. Gener. Episc. Lat.amer.: &lt;em&gt;Puebla. La evangelizaci\u00f3n en el presen\u00adte y en el futuro de Am\u00e9r. Lat., &lt;\/em&gt;BAC, 1142, p\u00e1g. 346.'><sup>14<\/sup><\/a><\/span>.<\/p>\n<h2><strong>Tambi\u00e9n la Iglesia debe preferir a los pobres<\/strong><\/h2>\n<p>Jes\u00fas no s\u00f3lo vivi\u00f3 personalmente su opci\u00f3n por los pobres, sino que quiso inculc\u00e1rsela a los suyos. Tras la par\u00e1bola del buen samaritano dice: \u00ab<em>Vete y haz t\u00fa lo mismo\u00bb <\/em>(Lc 10,37).<\/p>\n<p>Y en otra ocasi\u00f3n:<\/p>\n<p style=\"padding-left: 30px\"><em>\u00abCuando des una comida o una cena, no llames a tus amigos ni a tus hermanos, ni a tus parientes, ni a tus vecinos ricos (&#8230;). Lla\u00adma a los pobres, a los lisiados, a los cojos, a los ciegos, y ser\u00e1s dichoso porque no te pueden corresponden\u2022 <\/em>(Lc 14,12-14).<\/p>\n<p>Pero es la par\u00e1bola del juicio final (Mt 25,31-36) el texto que invita m\u00e1s claramente a optar por el pobre a los seguidores de Cristo.<\/p>\n<p>En esta par\u00e1bola afirma que \u00e9l sigue presente en el rostro de todos los crucificados de la tierra, de todos aquellos ante los cuales \u00abse vuelve el rostro\u00bb como ante el siervo de Yahveh (Is 53,3). Por eso los obispos latinoamericanos se han atrevido a llamar a estos rostros, \u00abrostros de Cristo\u00bb: rostros de ni\u00f1os golpeados por la po\u00adbreza antes de nacer, rostros de ind\u00edgenas, de campesinos, de obre\u00adros explotados, de desempleados, de ancianos marginados&#8230;<span id='easy-footnote-15-52424' class='easy-footnote-margin-adjust'><\/span><span class='easy-footnote'><a href='https:\/\/vincentians.com\/es\/para-estar-con-los-pobres-hay-que-estar-contra-las-pobrezas\/#easy-footnote-bottom-15-52424' title='III Conf. Gener. del Episc. Lat.amer., &lt;em&gt;o.c., &lt;\/em&gt;n.\u00b0 32-39, p\u00e1g. 80.'><sup>15<\/sup><\/a><\/span>.<\/p>\n<p>Por eso Juan XXIII proclam\u00f3 que la Iglesia, \u00abque es la Iglesia de todos, quiere ser particularmente LA IGLESIA DE LOS PO\u00adBRES\u00bb<span id='easy-footnote-16-52424' class='easy-footnote-margin-adjust'><\/span><span class='easy-footnote'><a href='https:\/\/vincentians.com\/es\/para-estar-con-los-pobres-hay-que-estar-contra-las-pobrezas\/#easy-footnote-bottom-16-52424' title='Juan XXIII: &lt;em&gt;Radiomensaje del 11-11-62, &lt;\/em&gt;en Galindo, \u00abColecci\u00f3n de Enc\u00ed\u00adclicas y Doc. Pont.\u00bb, A.E.C., Madrid, 7&amp;#8242; ed., 1967, t. III, p\u00e1g. 2.493.'><sup>16<\/sup><\/a><\/span>.<\/p>\n<p>Y sin embargo, P\u00edo XI se vio obligado a reconocer en una conversaci\u00f3n con el cardenal Cardijn: \u00abHEMOS PERDIDO A LA CLASE TRABAJADORA\u00bb<span id='easy-footnote-17-52424' class='easy-footnote-margin-adjust'><\/span><span class='easy-footnote'><a href='https:\/\/vincentians.com\/es\/para-estar-con-los-pobres-hay-que-estar-contra-las-pobrezas\/#easy-footnote-bottom-17-52424' title='V\u00edctor Manuel Arbeloa: &lt;em&gt;J\u00f3venes rebeldes (la JOC), &lt;\/em&gt;PPC, Madrid, 1965, p\u00e1gina 6.'><sup>17<\/sup><\/a><\/span>.<\/p>\n<p>Esta conclusi\u00f3n de P\u00edo XI plantea a la Iglesia nada menos que un <strong>problema de identidad. <\/strong>\u00bfPuede ser la Iglesia de Jesucristo una Iglesia que haya perdido precisamente a los pobres? Recordemo\u00a7 que durante una misi\u00f3n en Montmirail (a\u00f1o 1620), un protestante sostuvo ante san Vicente que la Iglesia de Roma no est\u00e1 conduci\u00adda por el Esp\u00edritu Santo porque abandona a los pobres (XI, 727).<\/p>\n<p>San Vicente, en vez de discutir teol\u00f3gicamente esta espinosa cuesti\u00f3n, decidi\u00f3 contestar con obras, y dice a la Congregaci\u00f3n de la Misi\u00f3n que, mediante su dedicaci\u00f3n a los pobres, tiene que ha\u00adcer comprobar a todos que <em>\u00abel Esp\u00edritu Santo gu\u00eda a la Iglesia ro\u00admana\u00bb <\/em>(XI, 730). <em>\u00abPor eso todo el mundo piensa que esta Com\u00adpa\u00f1\u00eda es de Dios, porque se ve que acude a las necesidades m\u00e1s apremiantes y m\u00e1s abandonadas\u00bb <\/em>(XI, 396).<\/p>\n<p>De modo que para san Vicente estaba claro que precisamente por la dedicaci\u00f3n preferente a los pobres se estaba demostrando que \u00e9sa segu\u00eda siendo la Iglesia de Dios.<\/p>\n<p>Pero no est\u00e1 dicho todo con afirmar que la Iglesia debe estar con los pobres. Debemos preguntarnos inmediatamente por la ac\u00adtitud a adoptar ante los pobres y la pobreza. \u00bfQu\u00e9 pensar del he\u00adcho mismo de que haya pobres y ricos?<\/p>\n<p>La respuesta a esta pregunta no es en modo alguno evidente. Mientras un fil\u00f3sofo \u2014Nietzsche\u2014 dice: <em>\u00abMi noci\u00f3n de la justicia es \u00e9sta: los hombres no son iguales. \u00a1Y no deben serlo tampoco en el futuro!\u00bb <\/em><span id='easy-footnote-18-52424' class='easy-footnote-margin-adjust'><\/span><span class='easy-footnote'><a href='https:\/\/vincentians.com\/es\/para-estar-con-los-pobres-hay-que-estar-contra-las-pobrezas\/#easy-footnote-bottom-18-52424' title='F. Nietzsche: &lt;em&gt;As\u00ed habl\u00f3 Zaratustra, en &lt;\/em&gt;sus \u00abObras compl.\u00bb, Prestigio, Buenos Aires, 1970, t. 3, p\u00e1g. 430.'><sup>18<\/sup><\/a><\/span>, otro fil\u00f3sofo \u2014Rousseau\u2014 escribe: \u00ab<em>Va manifies\u00adtamente contra la ley de la naturaleza (..) que un pu\u00f1ado de gen\u00adtes rebose de cosas superfluas mientras la multitud hambrienta ca\u00adrece de lo necesario\u00bb <\/em><span id='easy-footnote-19-52424' class='easy-footnote-margin-adjust'><\/span><span class='easy-footnote'><a href='https:\/\/vincentians.com\/es\/para-estar-con-los-pobres-hay-que-estar-contra-las-pobrezas\/#easy-footnote-bottom-19-52424' title='J. J. Rousseau: &lt;em&gt;Discurso sobre el origen de la desigualdad de los hom\u00adbres, &lt;\/em&gt;Castellete, Madrid, 1972, p\u00e1g. 117.'><sup>19<\/sup><\/a><\/span>.<\/p>\n<p>Para elegir entre estas dos opiniones encontradas nos acerca\u00adremos a la Biblia, y en ella vemos que la pobreza de unos hombres respecto a otros aparece siempre como contraria al plan de Dios.<\/p>\n<p>Israel conoci\u00f3 a Yahveh como el Dios que les liber\u00f3 de la es\u00adclavitud a la que les ten\u00edan sometidos los egipcios, les condujo a una tierra \u00abque mana leche y miel\u00bb (Ex 3,8) y all\u00ed les dot\u00f3 de unas normas para la convivencia que apuntaban a un fin muy claro: <em>\u00abAs\u00ed no habr\u00e1 pobres junto a ti\u00bb <\/em>(Dt 15,4). Por eso se distribuy\u00f3 la tierra equitativamente (N\u00fam 34,13-15) y se arbitraron leyes que garantizaran esa igualdad inicial frente al ego\u00edsmo que hace f\u00e1cil presa en el coraz\u00f3n humano. Cada siete a\u00f1os deb\u00eda celebrarse un <strong>a\u00f1o sab\u00e1tico en el que <\/strong>se liberaba a los esclavos (Ex 21,2) y se per\u00addonaban las deudas (Dt 15,1-4), y cada cincuenta a\u00f1os un <strong>a\u00f1o jubi\u00adlar en el que <\/strong>se redistribu\u00edan las tierras entre todos (Lev 25,8-17), lo que, en t\u00e9rminos actuales, se podr\u00eda llamar muy bien \u00abreforma agraria de Yahveh\u00bb.<\/p>\n<p>Cuando trece siglos m\u00e1s tarde explicit\u00f3 Jes\u00fas el proyecto \u00falti\u00admo que Dios ten\u00eda para el mundo y para la historia \u2014el Reino de Dios\u2014, se vio m\u00e1s claramente todav\u00eda que las desigualdades que hoy existen entre los hombres est\u00e1n llamadas a desaparecer, por\u00adque pertenecen al viejo mundo del pecado. Y porque est\u00e1n llama\u00addas a desaparecer, tienen que ir desapareciendo ya aqu\u00ed (cfr. Lc 11, 20; 17,21) y deben verse aqu\u00ed ya sus primicias (Mt 11,4-5).<\/p>\n<p>Por eso ya el mismo Precursor anunciaba: <em>\u00abConvert\u00edos, porque ha llegado a vosotros el reino de Dios\u00bb <\/em>(Mt 3,2) cuando le pre\u00adguntaban: <em>\u00abPues, \u00bfqu\u00e9 debemos hacer?\u00bb, <\/em>contesta: <em>\u00abEl que tenga dos t\u00fanicas, que las reparta con el que no tiene; el que tenga para comer que haga lo mismo\u00bb <\/em>(Lc 3,10-14).<\/p>\n<p>Ya se ve ad\u00f3nde conduce una praxis as\u00ed: a la igualdad. San Pablo lo afirmaba claramente:<\/p>\n<p style=\"padding-left: 30px\"><em>\u2039N<\/em><em>o se trata de que pas\u00e9is apuros para que otros tengan abun\u00addancia, sino de que se llegue a la igualdad. Hoy vuestra abundan\u00adcia remedia la necesidad de los otros, para que la abundancia de ellos pueda remediar tambi\u00e9n vuestra necesidad y reine la igualdad. Como dice la Escritura: el que mucho recogi\u00f3 no tuvo de m\u00e1s; el que poco no tuvo de menos\u00bb <\/em>(2 Cor 8,13-15).<\/p>\n<p>San Vicente dice tambi\u00e9n claramente: <em>\u00abTendr\u00edamos que ven\u00addernos a nosotros mismos para sacar a nuestros hermanos de la miseria\u00bb <\/em>(IX, 451). <strong>Es decir, que no se comparte sin aceptar empo\u00adbrecemos.<\/strong><\/p>\n<h2><strong>Limosna y justicia social<\/strong><\/h2>\n<p>Quiz\u00e1s la comunicaci\u00f3n de bienes presentada hasta aqu\u00ed des\u00adborda con creces el concepto habitual de \u00ablimosna\u00bb, pero es por\u00adque esta palabra ha perdido su significado original y requiere ser rescatada.<\/p>\n<p>Con frecuencia una palabra de un texto antiguo, que para el receptor de entonces significaba una cosa determinada, traducida en pura equivalencia ling\u00fc\u00edstica expresa hoy otra idea diferente, porque el lenguaje est\u00e1 sometido a cambios (\u00a1y a veces muy im\u00adportantes!) con el correr de los a\u00f1os.<\/p>\n<p>Cuando ocurre tal cosa debe recurrirse a nuevas expresiones o palabras que tengan hoy la misma capacidad expresiva que tuvieron las otras. No se dar\u00e1 en tal caso una equivalencia ling\u00fc\u00edstica formal, pero s\u00ed una <strong>equivalencia din\u00e1mica.<\/strong><\/p>\n<p>Este es el caso de la palabra griega <strong>elemosyne <\/strong>(limosna), que en los LXX suele traducir el hebreo <strong>sedaqa <\/strong>(justicia), y con esa acep\u00adci\u00f3n se utiliza en el Nuevo Testamento<span id='easy-footnote-20-52424' class='easy-footnote-margin-adjust'><\/span><span class='easy-footnote'><a href='https:\/\/vincentians.com\/es\/para-estar-con-los-pobres-hay-que-estar-contra-las-pobrezas\/#easy-footnote-bottom-20-52424' title='Cfr. Jos\u00e9 Alonso D\u00edaz: &lt;em&gt;T\u00e9rminos b\u00edblicos de justicia social y traducci\u00f3n de equivalencia din\u00e1mica, &lt;\/em&gt;PPC, Madrid, 1978.'><sup>20<\/sup><\/a><\/span>.<\/p>\n<p>Limosna era algo as\u00ed como <strong>hacer justicia en nombre de Dios <\/strong>a aquellos a quienes no se la hac\u00edan los hombres<span id='easy-footnote-21-52424' class='easy-footnote-margin-adjust'><\/span><span class='easy-footnote'><a href='https:\/\/vincentians.com\/es\/para-estar-con-los-pobres-hay-que-estar-contra-las-pobrezas\/#easy-footnote-bottom-21-52424' title='Joachim Jeremias: &lt;em&gt;Teolog\u00eda del Nuevo Testamento.&lt;\/em&gt;'><sup>21<\/sup><\/a><\/span>.<\/p>\n<p>La limosna, pues, lejos de sustituir las reformas estructurales, las exige a gritos y en nombre de Dios, porque est\u00e1 anunciando que la justicia de Dios no coincide con la justicia de los hombres y hay que hacerlas coincidir.<\/p>\n<p>As\u00ed debemos entender la afirmaci\u00f3n vicenciana de que soco\u00adrriendo a los necesitados \u00ab\u00a1estamos haciendo justicia y no miseri\u00adcordia!\u00bb <strong>(VII, <\/strong>90).<\/p>\n<p>Por tanto, una asociaci\u00f3n de caridad nunca agotar\u00e1 su finali\u00addad realizando tareas asistenciales, por numerosas que \u00e9stas sean, ni siquiera ser\u00e1n suficientes las tareas de promoci\u00f3n humana, sino que deber\u00e1 plantearse la reforma de estructuras injustas.<\/p>\n<h3><strong>1. Acciones asistenciales<\/strong><\/h3>\n<p>Quiz\u00e1s sea \u00e9sta la parcela en que las acciones caritativas se mueven todav\u00eda hoy con m\u00e1s soltura. Es desde luego un campo que no se puede abandonar, pero que tampoco puede hacerse de cualquier manera. Deben exigirse dos condiciones m\u00ednimas:<\/p>\n<p>a) <strong>Eficacia<\/strong><\/p>\n<p>Precisamente el se\u00f1or Vicente fund\u00f3 el primer grupo de la \u00abAsociaci\u00f3n de Caridad\u00bb en Ch\u00e1tillon-les-Dombes al constatar que lo que faltaban no eran tanto personas caritativas como organiza\u00adci\u00f3n eficaz de la caridad (IX, 232-234).<\/p>\n<p>Hoy parece dificil lograr esa eficacia sin una colaboraci\u00f3n entre el voluntariado y el trabajador social profesional.<\/p>\n<p>b) <strong>Actitud cr\u00edtica<\/strong><\/p>\n<p>Un personaje de Sartre rechaza una limosna con estas pala\u00adbras: <em>aGu\u00e1rdalo todo, me robaste mi bolsa, pero no me dar\u00e1s li\u00admosna con mi dinero\u00bb <\/em><span id='easy-footnote-22-52424' class='easy-footnote-margin-adjust'><\/span><span class='easy-footnote'><a href='https:\/\/vincentians.com\/es\/para-estar-con-los-pobres-hay-que-estar-contra-las-pobrezas\/#easy-footnote-bottom-22-52424' title='J. P. Sartre: \u00abLe diable et le bon Dieu\u00bb, en sus &lt;em&gt;Obras completas, &lt;\/em&gt;Aguilar, Madrid, t. 1, 1974, p\u00e1g. 512.'><sup>22<\/sup><\/a><\/span>.<\/p>\n<p>Y es que entre nuestros contempor\u00e1neos se va generalizando la convicci\u00f3n de que frecuentemente la opresi\u00f3n ha precedido a la li\u00admosna. El mismo Pablo VI daba por buena dicha idea cuando afirmaba, refiri\u00e9ndose a ciertas ayudas que prestan los pa\u00edses des\u00adarrollados a los subdesarrollados, que a estos \u00faltimos les causa la impresi\u00f3n de que \u00abuna mano les quita lo que la otra les da\u00bb<span id='easy-footnote-23-52424' class='easy-footnote-margin-adjust'><\/span><span class='easy-footnote'><a href='https:\/\/vincentians.com\/es\/para-estar-con-los-pobres-hay-que-estar-contra-las-pobrezas\/#easy-footnote-bottom-23-52424' title='Pablo VI: &lt;em&gt;Populorum progressio, &lt;\/em&gt;56.'><sup>23<\/sup><\/a><\/span>. Y esto que es v\u00e1lido a nivel de relaciones internacionales, puede ser igualmente v\u00e1lido si lo referimos a las \u00abayudas\u00bb que un hom\u00adbre da a otro dentro del mismo pa\u00eds.<\/p>\n<p>Las organizaciones de caridad deben tener una actitud de vigi\u00adlancia permanente sobre sus ingresos para que nunca se les pueda aplicar aquella coplilla de un famoso poeta sat\u00edrico espa\u00f1ol a pro\u00adp\u00f3sito del hospital edificado por el riqu\u00edsimo se\u00f1or don Juan de Pones:<\/p>\n<p style=\"padding-left: 30px\"><em>\u00abEl Se\u00f1or Don Juan de Pon<sup>&#8211;<\/sup>es de caridad sin igual<br \/>\npor amor hacia los pobres construy\u00f3 este hospital.<br \/>\n&#8230; Pero antes hizo a los pobres.\u00bb<\/em><\/p>\n<p>Una de las p\u00e1ginas m\u00e1s bellas de san Vicente de Pa\u00fal es aque\u00adlla en la que dice a los misioneros: <em>\u00abDe los religiosos se dice que est\u00e1n en estado de perfecci\u00f3n; nosotros no somos religiosos, pero podemos decir que estamos en un estado de caridad\u00bb <\/em>(XI, 564).<\/p>\n<p>Es decir, que no se trata de hacer caridad \u00aba ratos\u00bb, sino de vivir en \u00abestado de caridad\u00bb \u2014quien, cuando trabaja, trabaja con caridad; cuando negocia, negocia con caridad, etc.\u2014 puede luego dar limosna con caridad. Por el contrario, el dinero de aquel que ha parcelado su vida \u2014\u00bblos negocios son los negocios\u00bb, la \u00abbenefi\u00adcencia\u00bb vendr\u00e1 despu\u00e9s\u2014 ser\u00e1 siempre un <strong>dinero sucio <\/strong>para cual\u00adquier asociaci\u00f3n de caridad.<\/p>\n<p>Esto empalma con la mejor tradici\u00f3n de la Iglesia: en la \u00e9poca de los Santos Padres no se aceptaban las limosnas de los injustos y de los pecadores, de los que se enumeraba una larga lista:<\/p>\n<p><em>\u00abLos ricos que guardan hombres en prisi\u00f3n o que abusan de sus esclavos, que tratan mal a sus mujeres y que oprimen a los pobres,<\/em><\/p>\n<ul>\n<li><em>aquellos que viven de profesiones bajas o que deshonran su cuer\u00adpo, o los malhechores, o aquellos que cambian los precios, o los que entablan una acci\u00f3n judicial o acusan injustamente, o los jue\u00adces que hacen acepci\u00f3n de personas o aquellos que hacen cuadros<\/em><\/li>\n<li><em>representaciones de \u00eddolos, o los artesanos de oro, plata o bronce que roban, o los preceptores injustos, o aquellos que simulan haber tenido visiones, o los que cambian los pesos y alteran las medidas,<\/em><\/li>\n<li><em>los posaderos que aguan el vino, o los soldados que se conducen injustamente, o los homicidas, o aquellos que esperan condenas o todo magistrado del Imperio romano que se ha manchado de san\u00adgre en las guerras y ha derramado sangre inocente, aquellos que pervierten los juicios, que se asocian p\u00e9rfidamente o deshonesta\u00admente para robar con los paganos y miserables, o aquellos que re\u00adciben usura de las rentas y excedentes&#8230;\u00bb<\/em><span id='easy-footnote-24-52424' class='easy-footnote-margin-adjust'><\/span><span class='easy-footnote'><a href='https:\/\/vincentians.com\/es\/para-estar-con-los-pobres-hay-que-estar-contra-las-pobrezas\/#easy-footnote-bottom-24-52424' title='&lt;em&gt;Constituciones Apost\u00f3licas, &lt;\/em&gt;IV, 6, 1-5, Ed. Funk, 1805, p\u00e1g. 224.'><sup>24<\/sup><\/a><\/span>.<\/li>\n<\/ul>\n<p>Y en la \u00abDidascalia\u00bb (primera mitad del siglo III) se llega a afirmar que si en alg\u00fan caso las Iglesias son tan pobres que en ellas no hay otro remedio para alimentar a los necesitados que aceptar el dinero que dan los ricos que cometen injusticias, <em>\u00abes preferible morirse de hambre que recibir nada de los malva\u00addos\u00bb <\/em><span id='easy-footnote-25-52424' class='easy-footnote-margin-adjust'><\/span><span class='easy-footnote'><a href='https:\/\/vincentians.com\/es\/para-estar-con-los-pobres-hay-que-estar-contra-las-pobrezas\/#easy-footnote-bottom-25-52424' title='&lt;em&gt;Didascalia, &lt;\/em&gt;IV, 8, 2, Funk, p\u00e1g. 228.'><sup>25<\/sup><\/a><\/span>.<\/p>\n<p>Las fuentes de financiaci\u00f3n de una obra social apost\u00f3lica tie\u00adnen que ser unas fuentes muy limpias y muy claras para que no se nos pueda nunca acusar \u2014como hac\u00eda Lenin\u2014 de vender muy ba\u00adratos los billetes de entrada en el cielo:<\/p>\n<p><em>\u00abLa religi\u00f3n predica la humildad y la resignaci\u00f3n a aquellos que pasan toda su vida en el trabajo y en la miseria, consol\u00e1ndoles con la esperanza de una recompensa celestial. Por el contrario, a los que viven del trabajo ajeno, la religi\u00f3n les ense\u00f1a la beneficencia en este mundo, ofreciendo as\u00ed una f\u00e1cil justificaci\u00f3n a su existencia de explotadores y vendi\u00e9ndoles bien baratos los billetes de entrada en la bienaventuranza celestial\u00bb <\/em><span id='easy-footnote-26-52424' class='easy-footnote-margin-adjust'><\/span><span class='easy-footnote'><a href='https:\/\/vincentians.com\/es\/para-estar-con-los-pobres-hay-que-estar-contra-las-pobrezas\/#easy-footnote-bottom-26-52424' title='Lenin: &lt;em&gt;Sulla religione, &lt;\/em&gt;Rinascita, Roma, p\u00e1g. 13.'><sup>26<\/sup><\/a><\/span>.<em><\/em><\/p>\n<h3>2. Acciones de promoci\u00f3n humana<\/h3>\n<p>Casi todas las asociaciones de caridad han aceptado ya \u2014al menos a nivel de las ideas, quiz\u00e1 no tanto en la pr\u00e1ctica\u2014 que las tareas asistenciales deben completarse con obras de promoci\u00f3n humana, y se cita como un lugar com\u00fan aquello de: <em>(Si le das un pez a uno que tiene hambre, le has quitado el hambre de ese d\u00eda; pero si le ense\u00f1as a pescar le has quitado el hambre de toda la vida.\u00bb<\/em><\/p>\n<p>San Vicente preferir\u00e1 siempre el trabajo a la limosna, que envi\u00adlece, y ah\u00ed est\u00e1n sus experiencias de M\u00e1con, hospicio del \u00abNombre de Jes\u00fas\u00bb, etc.<span id='easy-footnote-27-52424' class='easy-footnote-margin-adjust'><\/span><span class='easy-footnote'><a href='https:\/\/vincentians.com\/es\/para-estar-con-los-pobres-hay-que-estar-contra-las-pobrezas\/#easy-footnote-bottom-27-52424' title='J. M. Ib\u00e1\u00f1ez: &lt;em&gt;Vicente de Pa\u00fal &lt;\/em&gt;y &lt;em&gt;los pobres de su tiempo, &lt;\/em&gt;S\u00edgueme, Sala\u00admanca, 1977.'><sup>27<\/sup><\/a><\/span>.<\/p>\n<p>\u00c9l dec\u00eda:<\/p>\n<p style=\"padding-left: 30px\"><em>Se trata de \u00abno asistir m\u00e1s que a aquellos que no pueden traba\u00adjar ni buscar su sustento, y que estar\u00edan en peligro de morir de hambre si no se les socorre. En efecto, apenas tenga uno fuerzas para trabajar, habr\u00e1 que comprarle algunos utensilios conformes a su profesi\u00f3n, pero sin darle nada m\u00e1s. Seg\u00fan esto, las limosnas no son para los que pueden trabajar en las fortificaciones o hacer otras cosas, sino para los pobres enfermos, los hu\u00e9rfanos o los an\u00adcianos\u00bb <\/em>(IV, 180).<\/p>\n<h3>3. Reforma de estructuras injustas<\/h3>\n<p>Como se puede constatar f\u00e1cilmente, el proverbio anteriormen\u00adte citado queda incompleto. No por ense\u00f1ar a pescar al que tiene hambre se le ha quitado necesariamente el hambre de toda la vida. Hace falta tambi\u00e9n conseguir que le dejen pescar, y que no le ex\u00adploten cuando vaya a vender los peces, y que no le arrinconen como si fuera un trasto viejo cuando ya no sirva para pescar. Es decir: hace falta acabar con las estructuras injustas en la sociedad. Entramos as\u00ed, naturalmente, en la esfera de lo pol\u00edtico, esfera que, una vez m\u00e1s, no dud\u00f3 en invadir san Vicente de Pa\u00fal: recordemos sus intentos de que cesara el bloqueo de Par\u00eds en una dura conver\u00adsaci\u00f3n con la reina en Saint Germain-en-Laye tras la muerte de Luis XIV o sus gestiones ante Luis XIV para que fuera alejado del Gobierno el cardenal Mazarino (III, 368; IV, 397-398 y 440-444).<\/p>\n<p>Evidentemente, cuando san Vicente abordaba tales empresas lo hac\u00eda plenamente convencido de que era una exigencia m\u00e1s de la caridad. Tres siglos despu\u00e9s P\u00edo XI dir\u00eda a la Federaci\u00f3n Universi\u00adtaria Cat\u00f3lica Italiana:<\/p>\n<p><em>\u2039\u2039El campo pol\u00edtico abarca los intereses de la sociedad entera; y, en este sentido, es el campo de la m\u00e1s vasta caridad, de la caridad pol\u00edtica, de la caridad de la sociedad\u00bb <\/em><span id='easy-footnote-28-52424' class='easy-footnote-margin-adjust'><\/span><span class='easy-footnote'><a href='https:\/\/vincentians.com\/es\/para-estar-con-los-pobres-hay-que-estar-contra-las-pobrezas\/#easy-footnote-bottom-28-52424' title='P\u00edo XI: &lt;em&gt;Discurso a la Federaci\u00f3n Cat\u00f3lica Universitaria Italiana, &lt;\/em&gt;18 de diciembre de 1927.'><sup>28<\/sup><\/a><\/span>.<\/p>\n<p>Un aspecto de la lucha por reformar las estructuras, que no deber\u00eda eludir ninguna asociaci\u00f3n de caridad, es la denuncia prof\u00e9\u00adtica de las injusticias. San Vicente se complac\u00eda en poner como ejemplo a sor Juana Dalmagne, quien, <em>\u00abal saber que algunas per\u00adsonas ricas se hab\u00edan eximido de tributo para sobrecargar a los pobres, les dijo libremente que era contra la justicia y que Dios les juzgar\u00eda por esos abusos\u00bb <\/em>(IX, 188).<\/p>\n<h2>Conclusi\u00f3n<\/h2>\n<p>Con esto llegamos al final de nuestro recorrido. Dado que este cuarto centenario del nacimiento de san Vicente de Pa\u00fal debe ser un <em>\u00abKair\u00f3s\u00bb, <\/em>es decir, un tiempo de gracia para toda la familia vi\u00adcenciana, me gustar\u00eda que de mi ponencia haya quedado muy cla\u00adra la conclusi\u00f3n: <em>quien est\u00e9 con el se\u00f1or Vicente est\u00e1 con los tiem\u00adpos de hoy.<\/em><\/p>\n<h2>Puntos para el trabajo por grupos<\/h2>\n<p>1.\u00b0 <strong>Jes\u00fas hace la opci\u00f3n por los pobres<\/strong><\/p>\n<p>Pues afirma que el Esp\u00edritu del Se\u00f1or le ha ungido \u00abpara anunciar la Buena Noticia a los pobres\u00bb (Lc 4,18).<\/p>\n<p>2.\u00b0 <strong>El distintivo de la misi\u00f3n de Jes\u00fas es la opci\u00f3n por los pobres<\/strong><\/p>\n<p>\u00abId y contad a Juan lo que o\u00eds y veis: los ciegos ven, los cojos andan, los leprosos quedan limpios y los sordos oyen, los muertos resucitan y se anuncia a los pobres la Buena Noticia\u00bb (Mt 11,4-5), responde a quienes le preguntaban de parte del Bautista si \u00e9l era el Mes\u00edas.<\/p>\n<p>3.\u00b0 <strong>La Iglesia ha hecho tambi\u00e9n la opci\u00f3n por los pobres<\/strong><\/p>\n<p>Jes\u00fas no s\u00f3lo vivi\u00f3 personalmente su opci\u00f3n por los po\u00adbres, sino que quiso inculcarla a los suyos. El Papa Juan Pa\u00adblo II y el S\u00ednodo Extraordinario de Obispos, celebrado en Roma (1985), ha hecho tambi\u00e9n esta opci\u00f3n por los pobres. Por eso Juan XXIII proclam\u00f3 solemnemente que \u00abla Iglesia, que es de todos, quiere ser especialmente de los pobres\u00bb, porque est\u00e1n m\u00e1s necesitados.<\/p>\n<p>Es una opci\u00f3n preferencial, no exclusiva.<\/p>\n<p>4.\u00b0 <strong>Para estar con los pobres hay que estar contra la pobreza<\/strong><\/p>\n<p>No est\u00e1 dicho todo con afirmar que la Iglesia debe estar con los pobres. Es preciso luchar contra las distintas formas de pobreza para que haya menos desigualdades. Esta idea la expresa muy bien el ap\u00f3stol san Pablo cuando dice: \u00abNo se trata de que pas\u00e9is apuros para que otros tengan abundan\u00adcia, sino de que se llegue a la igualdad. Hoy vuestra abun\u00addancia remedia la necesidad de los otros, para que la abun\u00addancia de ellos pueda remediar tambi\u00e9n vuestra necesidad y reine la igualdad. Como dice la Sagrada Escritura: el que mucho recogi\u00f3, no tuvo de m\u00e1s, y el que poco, no tuvo de menos\u00bb (2 Cor 8,13-15).<\/p>\n<p>5.\u00b0 <strong>Recuperar el sentido primitivo de la \u00ablimosna\u00bb<\/strong><\/p>\n<p>Consiste en hacer justicia en nombre de Dios a aquellos a quienes no se la hacen los hombres.<\/p>\n<p>As\u00ed debemos entender la afirmaci\u00f3n vicenciana de que so\u00adcorriendo a los necesitados \u00abpracticamos la justicia, no la misericordia\u00bb.<\/p>\n<p>La limosna, pues, lejos de sustituir las reformas estructura\u00adles, las exige a gritos.<\/p>\n<h2>Preguntas para la reflexi\u00f3n personal o comunitaria<\/h2>\n<ol>\n<li>\u00bfHe hecho, de verdad, mi opci\u00f3n por los pobres como la hizo un d\u00eda Jes\u00fas de Nazaret y Vicente de Pa\u00fal?<\/li>\n<li>\u00bfTrabajo por la reforma de las estructuras injustas que est\u00e1n a mi alrededor?<\/li>\n<li>\u00bfQu\u00e9 sentido tiene para m\u00ed la limosna?<\/li>\n<li>\u00bfMe contento con \u00abhacer caridad a ratos\u00bb o me esfuerzo por \u00abvivir en estado de caridad\u00bb?<\/li>\n<\/ol>\n","protected":false},"excerpt":{"rendered":"<p>En nuestro mundo hay dos clases de hombres. Los obispos latinoamericanos lo dijeron claramente: \u00abPocos tienen mucho (cul\u00adtura, riqueza, poder, prestigio) mientras muchos tienen poco\u00bb. En un mundo as\u00ed, cualquier hombre concientizado, para saber si &#8230; <a href=\"https:\/\/vincentians.com\/es\/para-estar-con-los-pobres-hay-que-estar-contra-las-pobrezas\/\" class=\"more-link\">Read More<\/a><\/p>\n","protected":false},"author":4,"featured_media":52425,"comment_status":"open","ping_status":"open","sticky":false,"template":"","format":"standard","meta":{"jetpack_post_was_ever_published":false,"_jetpack_newsletter_access":"","_jetpack_dont_email_post_to_subs":false,"_jetpack_newsletter_tier_id":0,"_jetpack_memberships_contains_paywalled_content":false,"_jetpack_memberships_contains_paid_content":false,"footnotes":"","jetpack_publicize_message":"","jetpack_publicize_feature_enabled":true,"jetpack_social_post_already_shared":true,"jetpack_social_options":{"image_generator_settings":{"template":"highway","default_image_id":0,"font":"","enabled":false},"version":2}},"categories":[28],"tags":[131],"class_list":["post-52424","post","type-post","status-publish","format-standard","has-post-thumbnail","hentry","category-formacion-vicenciana","tag-montmirail"],"yoast_head":"<!-- This site is optimized with the Yoast SEO plugin v26.3 - https:\/\/yoast.com\/wordpress\/plugins\/seo\/ -->\n<title>Para estar con los pobres hay que estar contra las pobrezas - Somos Vicencianos<\/title>\n<meta name=\"robots\" content=\"index, follow, max-snippet:-1, max-image-preview:large, max-video-preview:-1\" \/>\n<link rel=\"canonical\" href=\"https:\/\/vincentians.com\/es\/para-estar-con-los-pobres-hay-que-estar-contra-las-pobrezas\/\" \/>\n<meta property=\"og:locale\" content=\"es_ES\" \/>\n<meta property=\"og:type\" content=\"article\" \/>\n<meta property=\"og:title\" content=\"Para estar con los pobres hay que estar contra las pobrezas - Somos Vicencianos\" \/>\n<meta property=\"og:description\" content=\"En nuestro mundo hay dos clases de hombres. Los obispos latinoamericanos lo dijeron claramente: \u00abPocos tienen mucho (cul\u00adtura, riqueza, poder, prestigio) mientras muchos tienen poco\u00bb. En un mundo as\u00ed, cualquier hombre concientizado, para saber si ... Read More\" \/>\n<meta property=\"og:url\" content=\"https:\/\/vincentians.com\/es\/para-estar-con-los-pobres-hay-que-estar-contra-las-pobrezas\/\" \/>\n<meta property=\"og:site_name\" content=\"Somos Vicencianos\" \/>\n<meta property=\"article:publisher\" content=\"https:\/\/www.facebook.com\/WeAreVincentians\/\" \/>\n<meta property=\"article:author\" content=\"https:\/\/www.facebook.com\/JavierChento\" \/>\n<meta property=\"article:published_time\" content=\"2011-10-06T05:26:12+00:00\" \/>\n<meta property=\"article:modified_time\" content=\"2016-07-26T17:24:50+00:00\" \/>\n<meta name=\"author\" content=\"Francisco Javier Fern\u00e1ndez Chento\" \/>\n<meta name=\"twitter:card\" content=\"summary_large_image\" \/>\n<meta name=\"twitter:creator\" content=\"@https:\/\/twitter.com\/javierchento\" \/>\n<meta name=\"twitter:site\" content=\"@WeVincentians\" \/>\n<meta name=\"twitter:label1\" content=\"Escrito por\" \/>\n\t<meta name=\"twitter:data1\" content=\"Francisco Javier Fern\u00e1ndez Chento\" \/>\n\t<meta name=\"twitter:label2\" content=\"Tiempo de lectura\" \/>\n\t<meta name=\"twitter:data2\" content=\"27 minutos\" \/>\n<script type=\"application\/ld+json\" class=\"yoast-schema-graph\">{\"@context\":\"https:\/\/schema.org\",\"@graph\":[{\"@type\":\"Article\",\"@id\":\"https:\/\/vincentians.com\/es\/para-estar-con-los-pobres-hay-que-estar-contra-las-pobrezas\/#article\",\"isPartOf\":{\"@id\":\"https:\/\/vincentians.com\/es\/para-estar-con-los-pobres-hay-que-estar-contra-las-pobrezas\/\"},\"author\":{\"name\":\"Francisco Javier Fern\u00e1ndez Chento\",\"@id\":\"http:\/\/vincentians.com\/es\/#\/schema\/person\/9623ef4d9aa3b2dfb8c061f1499288f2\"},\"headline\":\"Para estar con los pobres hay que estar contra las pobrezas\",\"datePublished\":\"2011-10-06T05:26:12+00:00\",\"dateModified\":\"2016-07-26T17:24:50+00:00\",\"mainEntityOfPage\":{\"@id\":\"https:\/\/vincentians.com\/es\/para-estar-con-los-pobres-hay-que-estar-contra-las-pobrezas\/\"},\"wordCount\":5369,\"commentCount\":0,\"publisher\":{\"@id\":\"http:\/\/vincentians.com\/es\/#organization\"},\"image\":{\"@id\":\"https:\/\/vincentians.com\/es\/para-estar-con-los-pobres-hay-que-estar-contra-las-pobrezas\/#primaryimage\"},\"thumbnailUrl\":\"\",\"keywords\":[\"Montmirail\"],\"articleSection\":[\"Formaci\u00f3n Vicenciana\"],\"inLanguage\":\"es\",\"potentialAction\":[{\"@type\":\"CommentAction\",\"name\":\"Comment\",\"target\":[\"https:\/\/vincentians.com\/es\/para-estar-con-los-pobres-hay-que-estar-contra-las-pobrezas\/#respond\"]}]},{\"@type\":\"WebPage\",\"@id\":\"https:\/\/vincentians.com\/es\/para-estar-con-los-pobres-hay-que-estar-contra-las-pobrezas\/\",\"url\":\"https:\/\/vincentians.com\/es\/para-estar-con-los-pobres-hay-que-estar-contra-las-pobrezas\/\",\"name\":\"Para estar con los pobres hay que estar contra las pobrezas - Somos Vicencianos\",\"isPartOf\":{\"@id\":\"http:\/\/vincentians.com\/es\/#website\"},\"primaryImageOfPage\":{\"@id\":\"https:\/\/vincentians.com\/es\/para-estar-con-los-pobres-hay-que-estar-contra-las-pobrezas\/#primaryimage\"},\"image\":{\"@id\":\"https:\/\/vincentians.com\/es\/para-estar-con-los-pobres-hay-que-estar-contra-las-pobrezas\/#primaryimage\"},\"thumbnailUrl\":\"\",\"datePublished\":\"2011-10-06T05:26:12+00:00\",\"dateModified\":\"2016-07-26T17:24:50+00:00\",\"breadcrumb\":{\"@id\":\"https:\/\/vincentians.com\/es\/para-estar-con-los-pobres-hay-que-estar-contra-las-pobrezas\/#breadcrumb\"},\"inLanguage\":\"es\",\"potentialAction\":[{\"@type\":\"ReadAction\",\"target\":[\"https:\/\/vincentians.com\/es\/para-estar-con-los-pobres-hay-que-estar-contra-las-pobrezas\/\"]}]},{\"@type\":\"ImageObject\",\"inLanguage\":\"es\",\"@id\":\"https:\/\/vincentians.com\/es\/para-estar-con-los-pobres-hay-que-estar-contra-las-pobrezas\/#primaryimage\",\"url\":\"\",\"contentUrl\":\"\"},{\"@type\":\"BreadcrumbList\",\"@id\":\"https:\/\/vincentians.com\/es\/para-estar-con-los-pobres-hay-que-estar-contra-las-pobrezas\/#breadcrumb\",\"itemListElement\":[{\"@type\":\"ListItem\",\"position\":1,\"name\":\"Portada\",\"item\":\"http:\/\/vincentians.com\/es\/\"},{\"@type\":\"ListItem\",\"position\":2,\"name\":\"Para estar con los pobres hay que estar contra las pobrezas\"}]},{\"@type\":\"WebSite\",\"@id\":\"http:\/\/vincentians.com\/es\/#website\",\"url\":\"http:\/\/vincentians.com\/es\/\",\"name\":\"Somos Vicencianos\",\"description\":\"Know more to serve more\",\"publisher\":{\"@id\":\"http:\/\/vincentians.com\/es\/#organization\"},\"potentialAction\":[{\"@type\":\"SearchAction\",\"target\":{\"@type\":\"EntryPoint\",\"urlTemplate\":\"http:\/\/vincentians.com\/es\/?s={search_term_string}\"},\"query-input\":{\"@type\":\"PropertyValueSpecification\",\"valueRequired\":true,\"valueName\":\"search_term_string\"}}],\"inLanguage\":\"es\"},{\"@type\":\"Organization\",\"@id\":\"http:\/\/vincentians.com\/es\/#organization\",\"name\":\"The Vincentian Network\",\"url\":\"http:\/\/vincentians.com\/es\/\",\"logo\":{\"@type\":\"ImageObject\",\"inLanguage\":\"es\",\"@id\":\"http:\/\/vincentians.com\/es\/#\/schema\/logo\/image\/\",\"url\":\"https:\/\/i1.wp.com\/vincentians.com\/es\/wp-content\/uploads\/sites\/11\/2016\/06\/Vincentian-Network-logo-big.png?fit=778%2C778\",\"contentUrl\":\"https:\/\/i1.wp.com\/vincentians.com\/es\/wp-content\/uploads\/sites\/11\/2016\/06\/Vincentian-Network-logo-big.png?fit=778%2C778\",\"width\":778,\"height\":778,\"caption\":\"The Vincentian Network\"},\"image\":{\"@id\":\"http:\/\/vincentians.com\/es\/#\/schema\/logo\/image\/\"},\"sameAs\":[\"https:\/\/www.facebook.com\/WeAreVincentians\/\",\"https:\/\/x.com\/WeVincentians\"]},{\"@type\":\"Person\",\"@id\":\"http:\/\/vincentians.com\/es\/#\/schema\/person\/9623ef4d9aa3b2dfb8c061f1499288f2\",\"name\":\"Francisco Javier Fern\u00e1ndez Chento\",\"image\":{\"@type\":\"ImageObject\",\"inLanguage\":\"es\",\"@id\":\"http:\/\/vincentians.com\/es\/#\/schema\/person\/image\/\",\"url\":\"https:\/\/secure.gravatar.com\/avatar\/497d5cde87b4c3d097d0315953521681ba2cd523ee66e5077c3711f7021e65de?s=96&d=mm&r=g\",\"contentUrl\":\"https:\/\/secure.gravatar.com\/avatar\/497d5cde87b4c3d097d0315953521681ba2cd523ee66e5077c3711f7021e65de?s=96&d=mm&r=g\",\"caption\":\"Francisco Javier Fern\u00e1ndez Chento\"},\"description\":\"Director General y cofundador de La Red de Formaci\u00f3n Vicenciana. Javier es laico vicenciano, afiliado a la Congregaci\u00f3n de la Misi\u00f3n y miembro del Equipo de Misiones Populares de la provincia can\u00f3nica de Zaragoza (Espa\u00f1a) de la Congregaci\u00f3n de la Misi\u00f3n. Graduado en la Universidad Oberta de Catalunya con cuatro grados (Asistente de direcci\u00f3n, Gesti\u00f3n Administrativa, Recursos Humanos y Contabilidad Avanzada). Bil\u00edng\u00fce Espa\u00f1ol\/Ingl\u00e9s. gestiona y mantiene varias p\u00e1ginas web cristianas y vicencianas, incluida including La Red de Formaci\u00f3n Vicenciana, de la que es cofundador. Actualmente es responsable del \u00e1rea de Espa\u00f1ol de .famvin, la Red de Noticias de la Familia Vicenciana. Tambi\u00e9n es m\u00fasico cat\u00f3lico y ha editado varios discos. Es Director General y cofundador de Trovador, una reconocida compa\u00f1\u00eda discogr\u00e1fica critiana de Espa\u00f1a. Trabaja en las Tecnolog\u00edas de la Informaci\u00f3n, ofreciendo servicios de alojamiento, dise\u00f1o y mantenimiento Web, as\u00ed como asesoramiento, formaci\u00f3n y soluciones inform\u00e1ticas, gesti\u00f3n documental y digitalizaci\u00f3n de textos, edici\u00f3n y maquetaci\u00f3n de libros, revistas, flyers, etc.\",\"sameAs\":[\"http:\/\/chento.org\",\"https:\/\/www.facebook.com\/JavierChento\",\"https:\/\/x.com\/https:\/\/twitter.com\/javierchento\"],\"url\":\"https:\/\/vincentians.com\/es\/author\/chento\/\"}]}<\/script>\n<!-- \/ Yoast SEO plugin. -->","yoast_head_json":{"title":"Para estar con los pobres hay que estar contra las pobrezas - Somos Vicencianos","robots":{"index":"index","follow":"follow","max-snippet":"max-snippet:-1","max-image-preview":"max-image-preview:large","max-video-preview":"max-video-preview:-1"},"canonical":"https:\/\/vincentians.com\/es\/para-estar-con-los-pobres-hay-que-estar-contra-las-pobrezas\/","og_locale":"es_ES","og_type":"article","og_title":"Para estar con los pobres hay que estar contra las pobrezas - Somos Vicencianos","og_description":"En nuestro mundo hay dos clases de hombres. Los obispos latinoamericanos lo dijeron claramente: \u00abPocos tienen mucho (cul\u00adtura, riqueza, poder, prestigio) mientras muchos tienen poco\u00bb. En un mundo as\u00ed, cualquier hombre concientizado, para saber si ... Read More","og_url":"https:\/\/vincentians.com\/es\/para-estar-con-los-pobres-hay-que-estar-contra-las-pobrezas\/","og_site_name":"Somos Vicencianos","article_publisher":"https:\/\/www.facebook.com\/WeAreVincentians\/","article_author":"https:\/\/www.facebook.com\/JavierChento","article_published_time":"2011-10-06T05:26:12+00:00","article_modified_time":"2016-07-26T17:24:50+00:00","author":"Francisco Javier Fern\u00e1ndez Chento","twitter_card":"summary_large_image","twitter_creator":"@https:\/\/twitter.com\/javierchento","twitter_site":"@WeVincentians","twitter_misc":{"Escrito por":"Francisco Javier Fern\u00e1ndez Chento","Tiempo de lectura":"27 minutos"},"schema":{"@context":"https:\/\/schema.org","@graph":[{"@type":"Article","@id":"https:\/\/vincentians.com\/es\/para-estar-con-los-pobres-hay-que-estar-contra-las-pobrezas\/#article","isPartOf":{"@id":"https:\/\/vincentians.com\/es\/para-estar-con-los-pobres-hay-que-estar-contra-las-pobrezas\/"},"author":{"name":"Francisco Javier Fern\u00e1ndez Chento","@id":"http:\/\/vincentians.com\/es\/#\/schema\/person\/9623ef4d9aa3b2dfb8c061f1499288f2"},"headline":"Para estar con los pobres hay que estar contra las pobrezas","datePublished":"2011-10-06T05:26:12+00:00","dateModified":"2016-07-26T17:24:50+00:00","mainEntityOfPage":{"@id":"https:\/\/vincentians.com\/es\/para-estar-con-los-pobres-hay-que-estar-contra-las-pobrezas\/"},"wordCount":5369,"commentCount":0,"publisher":{"@id":"http:\/\/vincentians.com\/es\/#organization"},"image":{"@id":"https:\/\/vincentians.com\/es\/para-estar-con-los-pobres-hay-que-estar-contra-las-pobrezas\/#primaryimage"},"thumbnailUrl":"","keywords":["Montmirail"],"articleSection":["Formaci\u00f3n Vicenciana"],"inLanguage":"es","potentialAction":[{"@type":"CommentAction","name":"Comment","target":["https:\/\/vincentians.com\/es\/para-estar-con-los-pobres-hay-que-estar-contra-las-pobrezas\/#respond"]}]},{"@type":"WebPage","@id":"https:\/\/vincentians.com\/es\/para-estar-con-los-pobres-hay-que-estar-contra-las-pobrezas\/","url":"https:\/\/vincentians.com\/es\/para-estar-con-los-pobres-hay-que-estar-contra-las-pobrezas\/","name":"Para estar con los pobres hay que estar contra las pobrezas - Somos Vicencianos","isPartOf":{"@id":"http:\/\/vincentians.com\/es\/#website"},"primaryImageOfPage":{"@id":"https:\/\/vincentians.com\/es\/para-estar-con-los-pobres-hay-que-estar-contra-las-pobrezas\/#primaryimage"},"image":{"@id":"https:\/\/vincentians.com\/es\/para-estar-con-los-pobres-hay-que-estar-contra-las-pobrezas\/#primaryimage"},"thumbnailUrl":"","datePublished":"2011-10-06T05:26:12+00:00","dateModified":"2016-07-26T17:24:50+00:00","breadcrumb":{"@id":"https:\/\/vincentians.com\/es\/para-estar-con-los-pobres-hay-que-estar-contra-las-pobrezas\/#breadcrumb"},"inLanguage":"es","potentialAction":[{"@type":"ReadAction","target":["https:\/\/vincentians.com\/es\/para-estar-con-los-pobres-hay-que-estar-contra-las-pobrezas\/"]}]},{"@type":"ImageObject","inLanguage":"es","@id":"https:\/\/vincentians.com\/es\/para-estar-con-los-pobres-hay-que-estar-contra-las-pobrezas\/#primaryimage","url":"","contentUrl":""},{"@type":"BreadcrumbList","@id":"https:\/\/vincentians.com\/es\/para-estar-con-los-pobres-hay-que-estar-contra-las-pobrezas\/#breadcrumb","itemListElement":[{"@type":"ListItem","position":1,"name":"Portada","item":"http:\/\/vincentians.com\/es\/"},{"@type":"ListItem","position":2,"name":"Para estar con los pobres hay que estar contra las pobrezas"}]},{"@type":"WebSite","@id":"http:\/\/vincentians.com\/es\/#website","url":"http:\/\/vincentians.com\/es\/","name":"Somos Vicencianos","description":"Know more to serve more","publisher":{"@id":"http:\/\/vincentians.com\/es\/#organization"},"potentialAction":[{"@type":"SearchAction","target":{"@type":"EntryPoint","urlTemplate":"http:\/\/vincentians.com\/es\/?s={search_term_string}"},"query-input":{"@type":"PropertyValueSpecification","valueRequired":true,"valueName":"search_term_string"}}],"inLanguage":"es"},{"@type":"Organization","@id":"http:\/\/vincentians.com\/es\/#organization","name":"The Vincentian Network","url":"http:\/\/vincentians.com\/es\/","logo":{"@type":"ImageObject","inLanguage":"es","@id":"http:\/\/vincentians.com\/es\/#\/schema\/logo\/image\/","url":"https:\/\/i1.wp.com\/vincentians.com\/es\/wp-content\/uploads\/sites\/11\/2016\/06\/Vincentian-Network-logo-big.png?fit=778%2C778","contentUrl":"https:\/\/i1.wp.com\/vincentians.com\/es\/wp-content\/uploads\/sites\/11\/2016\/06\/Vincentian-Network-logo-big.png?fit=778%2C778","width":778,"height":778,"caption":"The Vincentian Network"},"image":{"@id":"http:\/\/vincentians.com\/es\/#\/schema\/logo\/image\/"},"sameAs":["https:\/\/www.facebook.com\/WeAreVincentians\/","https:\/\/x.com\/WeVincentians"]},{"@type":"Person","@id":"http:\/\/vincentians.com\/es\/#\/schema\/person\/9623ef4d9aa3b2dfb8c061f1499288f2","name":"Francisco Javier Fern\u00e1ndez Chento","image":{"@type":"ImageObject","inLanguage":"es","@id":"http:\/\/vincentians.com\/es\/#\/schema\/person\/image\/","url":"https:\/\/secure.gravatar.com\/avatar\/497d5cde87b4c3d097d0315953521681ba2cd523ee66e5077c3711f7021e65de?s=96&d=mm&r=g","contentUrl":"https:\/\/secure.gravatar.com\/avatar\/497d5cde87b4c3d097d0315953521681ba2cd523ee66e5077c3711f7021e65de?s=96&d=mm&r=g","caption":"Francisco Javier Fern\u00e1ndez Chento"},"description":"Director General y cofundador de La Red de Formaci\u00f3n Vicenciana. Javier es laico vicenciano, afiliado a la Congregaci\u00f3n de la Misi\u00f3n y miembro del Equipo de Misiones Populares de la provincia can\u00f3nica de Zaragoza (Espa\u00f1a) de la Congregaci\u00f3n de la Misi\u00f3n. Graduado en la Universidad Oberta de Catalunya con cuatro grados (Asistente de direcci\u00f3n, Gesti\u00f3n Administrativa, Recursos Humanos y Contabilidad Avanzada). Bil\u00edng\u00fce Espa\u00f1ol\/Ingl\u00e9s. gestiona y mantiene varias p\u00e1ginas web cristianas y vicencianas, incluida including La Red de Formaci\u00f3n Vicenciana, de la que es cofundador. Actualmente es responsable del \u00e1rea de Espa\u00f1ol de .famvin, la Red de Noticias de la Familia Vicenciana. Tambi\u00e9n es m\u00fasico cat\u00f3lico y ha editado varios discos. Es Director General y cofundador de Trovador, una reconocida compa\u00f1\u00eda discogr\u00e1fica critiana de Espa\u00f1a. Trabaja en las Tecnolog\u00edas de la Informaci\u00f3n, ofreciendo servicios de alojamiento, dise\u00f1o y mantenimiento Web, as\u00ed como asesoramiento, formaci\u00f3n y soluciones inform\u00e1ticas, gesti\u00f3n documental y digitalizaci\u00f3n de textos, edici\u00f3n y maquetaci\u00f3n de libros, revistas, flyers, etc.","sameAs":["http:\/\/chento.org","https:\/\/www.facebook.com\/JavierChento","https:\/\/x.com\/https:\/\/twitter.com\/javierchento"],"url":"https:\/\/vincentians.com\/es\/author\/chento\/"}]}},"jetpack_publicize_connections":[],"jetpack_featured_media_url":"","jetpack_sharing_enabled":true,"jetpack_shortlink":"https:\/\/wp.me\/p7ETMF-dDy","jetpack-related-posts":[{"id":23841,"url":"https:\/\/vincentians.com\/es\/luisa-de-marillac-carta-0146\/","url_meta":{"origin":52424,"position":0},"title":"Luisa de Marillac, Carta 0146","author":"Francisco Javier Fern\u00e1ndez Chento","date":"07\/12\/2010","format":false,"excerpt":"(jueves, 3 de mayo de 1646) Dios mediante, no dejaremos de enviar a nuestras Hermanas si les es posible ma\u00f1ana; las de Santiago recibir\u00e1n la bendici\u00f3n del se\u00f1or Vicente, a quien habr\u00e1 que preguntar, por favor, si ser\u00eda conveniente que el se\u00f1or de Marillac escribiese a algunas de las personas\u2026","rel":"","context":"En \u00abEscritos de Luisa de Marillac\u00bb","block_context":{"text":"Escritos de Luisa de Marillac","link":"https:\/\/vincentians.com\/es\/category\/escritos\/escritos-de-luisa-de-marillac\/"},"img":{"alt_text":"","src":"https:\/\/i0.wp.com\/vincentians.com\/es\/wp-content\/uploads\/sites\/11\/2016\/07\/escritos-luisa-de-marillac.jpg?fit=1200%2C630&ssl=1&resize=350%2C200","width":350,"height":200,"srcset":"https:\/\/i0.wp.com\/vincentians.com\/es\/wp-content\/uploads\/sites\/11\/2016\/07\/escritos-luisa-de-marillac.jpg?fit=1200%2C630&ssl=1&resize=350%2C200 1x, https:\/\/i0.wp.com\/vincentians.com\/es\/wp-content\/uploads\/sites\/11\/2016\/07\/escritos-luisa-de-marillac.jpg?fit=1200%2C630&ssl=1&resize=525%2C300 1.5x, https:\/\/i0.wp.com\/vincentians.com\/es\/wp-content\/uploads\/sites\/11\/2016\/07\/escritos-luisa-de-marillac.jpg?fit=1200%2C630&ssl=1&resize=700%2C400 2x, https:\/\/i0.wp.com\/vincentians.com\/es\/wp-content\/uploads\/sites\/11\/2016\/07\/escritos-luisa-de-marillac.jpg?fit=1200%2C630&ssl=1&resize=1050%2C600 3x"},"classes":[]},{"id":14158,"url":"https:\/\/vincentians.com\/es\/el-reino-de-dios-en-la-teologia\/","url_meta":{"origin":52424,"position":1},"title":"El Reino de Dios en la Teolog\u00eda","author":"Francisco Javier Fern\u00e1ndez Chento","date":"21\/10\/2019","format":false,"excerpt":"\"Lo mismo que Jes\u00fas vino a anunciar y realizar, esto es, el reino de Dios, es lo que debe constituirse en el objeto unificador de toda la teolog\u00eda cristiana, as\u00ed como de la moral y de la pastoral cristianas: la mayor realizaci\u00f3n posible del reino de Dios en la historia\u2026","rel":"","context":"En \u00abFormaci\u00f3n Cristiana\u00bb","block_context":{"text":"Formaci\u00f3n Cristiana","link":"https:\/\/vincentians.com\/es\/category\/formacion-cristiana\/"},"img":{"alt_text":"","src":"https:\/\/i0.wp.com\/vincentians.com\/es\/wp-content\/uploads\/sites\/11\/2016\/08\/providencia.jpg?fit=1200%2C630&ssl=1&resize=350%2C200","width":350,"height":200,"srcset":"https:\/\/i0.wp.com\/vincentians.com\/es\/wp-content\/uploads\/sites\/11\/2016\/08\/providencia.jpg?fit=1200%2C630&ssl=1&resize=350%2C200 1x, https:\/\/i0.wp.com\/vincentians.com\/es\/wp-content\/uploads\/sites\/11\/2016\/08\/providencia.jpg?fit=1200%2C630&ssl=1&resize=525%2C300 1.5x, https:\/\/i0.wp.com\/vincentians.com\/es\/wp-content\/uploads\/sites\/11\/2016\/08\/providencia.jpg?fit=1200%2C630&ssl=1&resize=700%2C400 2x, https:\/\/i0.wp.com\/vincentians.com\/es\/wp-content\/uploads\/sites\/11\/2016\/08\/providencia.jpg?fit=1200%2C630&ssl=1&resize=1050%2C600 3x"},"classes":[]},{"id":120612,"url":"https:\/\/vincentians.com\/es\/la-santidad-en-san-vicente-de-paul\/","url_meta":{"origin":52424,"position":2},"title":"La santidad en san Vicente de Pa\u00fal","author":"Francisco Javier Fern\u00e1ndez Chento","date":"19\/08\/2022","format":false,"excerpt":"Acepto con gusto el t\u00edtulo de la charla: \"La santidad en san Vicente de Pa\u00fal\", primero, porque al poner en san Vicente me da libertad para hablar, bien de su santidad personal bien de las ideas que ten\u00eda sobre la santidad, soslayando el peligro de separar persona, vida y pensamiento;\u2026","rel":"","context":"En \u00abVicente de Pa\u00fal\u00bb","block_context":{"text":"Vicente de Pa\u00fal","link":"https:\/\/vincentians.com\/es\/category\/la-familia-vicenciana\/fundadores\/vicente-de-paul\/"},"img":{"alt_text":"","src":"https:\/\/i0.wp.com\/vincentians.com\/es\/wp-content\/uploads\/sites\/11\/2013\/04\/f-8-scaled.jpg?fit=1200%2C570&ssl=1&resize=350%2C200","width":350,"height":200,"srcset":"https:\/\/i0.wp.com\/vincentians.com\/es\/wp-content\/uploads\/sites\/11\/2013\/04\/f-8-scaled.jpg?fit=1200%2C570&ssl=1&resize=350%2C200 1x, https:\/\/i0.wp.com\/vincentians.com\/es\/wp-content\/uploads\/sites\/11\/2013\/04\/f-8-scaled.jpg?fit=1200%2C570&ssl=1&resize=525%2C300 1.5x, https:\/\/i0.wp.com\/vincentians.com\/es\/wp-content\/uploads\/sites\/11\/2013\/04\/f-8-scaled.jpg?fit=1200%2C570&ssl=1&resize=700%2C400 2x, https:\/\/i0.wp.com\/vincentians.com\/es\/wp-content\/uploads\/sites\/11\/2013\/04\/f-8-scaled.jpg?fit=1200%2C570&ssl=1&resize=1050%2C600 3x"},"classes":[]},{"id":15520,"url":"https:\/\/vincentians.com\/es\/los-nadies-iii-a-manera-de-conclusion\/","url_meta":{"origin":52424,"position":3},"title":"Los nadies: III. A manera de conclusi\u00f3n","author":"Francisco Javier Fern\u00e1ndez Chento","date":"26\/03\/2019","format":false,"excerpt":"El pueblo crucificado: los nadies, principio de salvaci\u00f3n universal Esta realidad de Exclusi\u00f3n, que a mi juicio es un pecado madre, atenta contra todos los mandamientos de nuestra fe cristiana. Es incre\u00edble la variedad de maneras en que la Exclusi\u00f3n niega el amor a Dios y el amor las personas.\u2026","rel":"","context":"En \u00abFormaci\u00f3n Cristiana\u00bb","block_context":{"text":"Formaci\u00f3n Cristiana","link":"https:\/\/vincentians.com\/es\/category\/formacion-cristiana\/"},"img":{"alt_text":"","src":"https:\/\/i0.wp.com\/vincentians.com\/es\/wp-content\/uploads\/sites\/11\/2016\/09\/enviados-evangelizar-pobres.jpg?fit=1200%2C630&ssl=1&resize=350%2C200","width":350,"height":200,"srcset":"https:\/\/i0.wp.com\/vincentians.com\/es\/wp-content\/uploads\/sites\/11\/2016\/09\/enviados-evangelizar-pobres.jpg?fit=1200%2C630&ssl=1&resize=350%2C200 1x, https:\/\/i0.wp.com\/vincentians.com\/es\/wp-content\/uploads\/sites\/11\/2016\/09\/enviados-evangelizar-pobres.jpg?fit=1200%2C630&ssl=1&resize=525%2C300 1.5x, https:\/\/i0.wp.com\/vincentians.com\/es\/wp-content\/uploads\/sites\/11\/2016\/09\/enviados-evangelizar-pobres.jpg?fit=1200%2C630&ssl=1&resize=700%2C400 2x, https:\/\/i0.wp.com\/vincentians.com\/es\/wp-content\/uploads\/sites\/11\/2016\/09\/enviados-evangelizar-pobres.jpg?fit=1200%2C630&ssl=1&resize=1050%2C600 3x"},"classes":[]},{"id":15517,"url":"https:\/\/vincentians.com\/es\/los-nadies-ii-el-pecado-de-la-exclusion\/","url_meta":{"origin":52424,"position":4},"title":"Los nadies: II. El pecado de la exclusi\u00f3n","author":"Francisco Javier Fern\u00e1ndez Chento","date":"20\/03\/2019","format":false,"excerpt":"II.1 Conceptualizaci\u00f3n II.1.A. El pecado personal y social En la ra\u00edz de todas las contradicciones personales y sociales, que ofenden en modo diverso el valor y la dignidad de la persona humana, se halla una herida en lo m\u00e1s \u00edntimo del ser humano. Nosotros, a la luz de la fe,\u2026","rel":"","context":"En \u00abFormaci\u00f3n Cristiana\u00bb","block_context":{"text":"Formaci\u00f3n Cristiana","link":"https:\/\/vincentians.com\/es\/category\/formacion-cristiana\/"},"img":{"alt_text":"","src":"https:\/\/i0.wp.com\/vincentians.com\/es\/wp-content\/uploads\/sites\/11\/2016\/08\/cofradias-de-caridad.jpg?fit=1200%2C630&ssl=1&resize=350%2C200","width":350,"height":200,"srcset":"https:\/\/i0.wp.com\/vincentians.com\/es\/wp-content\/uploads\/sites\/11\/2016\/08\/cofradias-de-caridad.jpg?fit=1200%2C630&ssl=1&resize=350%2C200 1x, https:\/\/i0.wp.com\/vincentians.com\/es\/wp-content\/uploads\/sites\/11\/2016\/08\/cofradias-de-caridad.jpg?fit=1200%2C630&ssl=1&resize=525%2C300 1.5x, https:\/\/i0.wp.com\/vincentians.com\/es\/wp-content\/uploads\/sites\/11\/2016\/08\/cofradias-de-caridad.jpg?fit=1200%2C630&ssl=1&resize=700%2C400 2x, https:\/\/i0.wp.com\/vincentians.com\/es\/wp-content\/uploads\/sites\/11\/2016\/08\/cofradias-de-caridad.jpg?fit=1200%2C630&ssl=1&resize=1050%2C600 3x"},"classes":[]},{"id":38009,"url":"https:\/\/vincentians.com\/es\/susana-guillemin-vivir-en-la-verdad\/","url_meta":{"origin":52424,"position":5},"title":"Susana Guillemin: Vivir en la verdad","author":"Francisco Javier Fern\u00e1ndez Chento","date":"16\/09\/2020","format":false,"excerpt":"Ejercicios espirituales a Hermanas Sirvientes. Instrucciones. Ascensi\u00f3n-Pentecost\u00e9s, 1967 Hemos hablado ya bastantes veces, en estas instrucciones de la ma\u00f1ana, de la Verdad, de la necesidad que tenemos de vivir en la Verdad. Quisiera, sin embargo, insistir un poco en ello, antes de pasar a otra cosa, ya que se trata\u2026","rel":"","context":"En \u00abEscritos de Susana Guillemin\u00bb","block_context":{"text":"Escritos de Susana Guillemin","link":"https:\/\/vincentians.com\/es\/category\/escritos\/escritos-de-susana-guillemin\/"},"img":{"alt_text":"","src":"https:\/\/i0.wp.com\/vincentians.com\/es\/wp-content\/uploads\/sites\/11\/2016\/07\/escritos-guillemin.jpg?fit=1200%2C630&ssl=1&resize=350%2C200","width":350,"height":200,"srcset":"https:\/\/i0.wp.com\/vincentians.com\/es\/wp-content\/uploads\/sites\/11\/2016\/07\/escritos-guillemin.jpg?fit=1200%2C630&ssl=1&resize=350%2C200 1x, https:\/\/i0.wp.com\/vincentians.com\/es\/wp-content\/uploads\/sites\/11\/2016\/07\/escritos-guillemin.jpg?fit=1200%2C630&ssl=1&resize=525%2C300 1.5x, https:\/\/i0.wp.com\/vincentians.com\/es\/wp-content\/uploads\/sites\/11\/2016\/07\/escritos-guillemin.jpg?fit=1200%2C630&ssl=1&resize=700%2C400 2x, https:\/\/i0.wp.com\/vincentians.com\/es\/wp-content\/uploads\/sites\/11\/2016\/07\/escritos-guillemin.jpg?fit=1200%2C630&ssl=1&resize=1050%2C600 3x"},"classes":[]}],"_links":{"self":[{"href":"https:\/\/vincentians.com\/es\/wp-json\/wp\/v2\/posts\/52424","targetHints":{"allow":["GET"]}}],"collection":[{"href":"https:\/\/vincentians.com\/es\/wp-json\/wp\/v2\/posts"}],"about":[{"href":"https:\/\/vincentians.com\/es\/wp-json\/wp\/v2\/types\/post"}],"author":[{"embeddable":true,"href":"https:\/\/vincentians.com\/es\/wp-json\/wp\/v2\/users\/4"}],"replies":[{"embeddable":true,"href":"https:\/\/vincentians.com\/es\/wp-json\/wp\/v2\/comments?post=52424"}],"version-history":[{"count":0,"href":"https:\/\/vincentians.com\/es\/wp-json\/wp\/v2\/posts\/52424\/revisions"}],"wp:featuredmedia":[{"embeddable":true,"href":"https:\/\/vincentians.com\/es\/wp-json\/"}],"wp:attachment":[{"href":"https:\/\/vincentians.com\/es\/wp-json\/wp\/v2\/media?parent=52424"}],"wp:term":[{"taxonomy":"category","embeddable":true,"href":"https:\/\/vincentians.com\/es\/wp-json\/wp\/v2\/categories?post=52424"},{"taxonomy":"post_tag","embeddable":true,"href":"https:\/\/vincentians.com\/es\/wp-json\/wp\/v2\/tags?post=52424"}],"curies":[{"name":"wp","href":"https:\/\/api.w.org\/{rel}","templated":true}]}}