{"id":52240,"date":"2011-10-03T08:03:56","date_gmt":"2011-10-03T06:03:56","guid":{"rendered":"http:\/\/somos.vicencianos.org\/?p=52240"},"modified":"2011-10-03T08:03:56","modified_gmt":"2011-10-03T06:03:56","slug":"las-hijas-de-la-caridad-en-la-iglesia","status":"publish","type":"post","link":"https:\/\/vincentians.com\/es\/las-hijas-de-la-caridad-en-la-iglesia\/","title":{"rendered":"Las Hijas de la Caridad en la Iglesia"},"content":{"rendered":"<h2>Dos convicciones inseparables<\/h2>\n<p><a href=\"https:\/\/i0.wp.com\/vicencianos.org\/wp-content\/2011\/10\/Hijas2.gif\"><img data-recalc-dims=\"1\" loading=\"lazy\" decoding=\"async\" class=\"size-full wp-image-52241 alignright\" src=\"https:\/\/i0.wp.com\/vicencianos.org\/wp-content\/2011\/10\/Hijas2.gif?resize=161%2C212\" alt=\"\" width=\"161\" height=\"212\" \/><\/a>Una vez m\u00e1s, vamos a ponernos a escuchar especialmente a Santa Luisa de Marillac. La \u00abRenovaci\u00f3n\u00bb, como la misma palabra lo indica, debe alcan\u00adzar en cada Hija de la Caridad hasta la ra\u00edz de su ser para renovarlo en pro\u00adfundidad:<\/p>\n<p style=\"padding-left: 30px\">\u00bfNo piensan ustedes, queridas Hermanas, escribe la Fundadora a las Hermanas Carlota y Francisca, de Richelieu, el 17 de marzo de 1651, que ser\u00e1 muy agradable a Nuestro Se\u00f1or, puesto que habiendo recobrado al cabo del a\u00f1o toda su libertad, <em>pueden hacer de ella un nuevo sacrificio?\u00bb,<\/em><\/p>\n<p>y el 9 de junio del mismo a\u00f1o, les repite:<\/p>\n<p style=\"padding-left: 30px\">\u00abCreo que el se\u00f1or Lamberto, antes de marchar, les habr\u00e1 dado el consue\u00adlo que deseaban ustedes, no por toda su vida sino por un a\u00f1o solamente, por\u00adque el se\u00f1or Vicente lo concede siempre as\u00ed a quien quiera que sea; y <em>esto es <\/em><em>m\u00e1s agradable a Dios que otra cosa, porque teniendo libre su voluntad al <\/em><em>cabo del a\u00f1o, pueden d\u00e1rsela de nuevo a Dios como si fuera la primera vez.<\/em><\/p>\n<p>Por lo tanto, la Hija de la Caridad tiene que repetir ese \u00abS\u00ed\u00bb desde lo m\u00e1s \u00edntimo de s\u00ed misma \u2014all\u00e1 donde nace su ser y su libertad\u2014, uni\u00e9ndose as\u00ed al designio que Dios tiene sobre ella y sobre la Compa\u00f1\u00eda.<\/p>\n<p>Por el hecho mismo, <em>se unifica <\/em>cada vez m\u00e1s <em>y unifica su vida <\/em>en torno al eje fundamental que es <em>el don total para el servicio a los Pobres y a trav\u00e9s <\/em><em>de ese servicio. <\/em>Ni verticalismo que pudiera comprometer la dimensi\u00f3n esen\u00adcial de encarnaci\u00f3n, ni horizontalismo que traicionara a Dios en vez de ser\u00advirle al servir al hombre, tomando pretexto para hacerlo de este mismo servicio:<\/p>\n<p style=\"padding-left: 30px\">\u00abAl servir a los pobres, <em>se sirve a Jesucristo. <\/em>\u00a1Ah, hijas m\u00edas! \u00a1qu\u00e9 verdad es esto! <em>Serv\u00eds a Jesucristo en la persona de los pobres, <\/em>y esto es tan cierto corno que estamos aqu\u00ed. Una Hermana ir\u00e1 diez veces al d\u00eda a ver a los en\u00adfermos y diez veces al d\u00eda <em>encontrar\u00e1 all\u00ed a Dios. <\/em>Id a ver a pobres forzados, en la cadena, y <em>encontrar\u00e9is a Dios; <\/em>servid a esos pobres ni\u00f1os, y <em>encontrar\u00e9is a Dios. <\/em>\u00a1Ah, hijas m\u00edas! \u00a1A cu\u00e1nto nos obliga esto! Vais a pobres casas, pero <em>all\u00ed encontr\u00e1is a Dios. <\/em>\u00a1Ah, hijas m\u00edas!, una vez m\u00e1s, \u00a1a cu\u00e1nta gratitud nos obliga esto!\u00bb (San Vicente, 13-2-1646).<\/p>\n<p>Y la misma l\u00f3gica\u00bb evang\u00e9lica le hac\u00eda decir, ya el 31 de julio de 1634:<\/p>\n<p style=\"padding-left: 30px\">\u00abSabed, hijas m\u00edas, que aunque dejarais la oraci\u00f3n y la Santa Misa por el servicio de los pobres, no <em>perder\u00edais nada, porque servir a los pobres es <\/em><em>ir a Dios; y deb\u00e9is mirar a Dios en sus personas\u00bb.<\/em><\/p>\n<p>Estarnos quiz\u00e1 demasiado habituados a estos textos, y por eso, quiz\u00e1 tam\u00adbi\u00e9n no percibamos bastante la rigurosa (en toda la amplitud de significado de la palabra) unidad de vida a la que llaman a la Hija de la Caridad, y la que le va a permitir estar totalmente dedicada a Dios y a los pobres, ser toda de Dios y toda de los pobres, consumi\u00e9ndose por Dios en el servicio a los pobres.<\/p>\n<p>Hemos podido admirar hasta qu\u00e9 punto entr\u00f3 Santa Luisa en esta \u00abl\u00f3gica\u00bb.<\/p>\n<p>Fue as\u00ed como lleg\u00f3 a una extraordinaria unidad de vida que fue afianz\u00e1ndose y ahond\u00e1ndose cada vez m\u00e1s, comunicando a sus hijas las dos convicciones que inesperablemente forman su trama.<\/p>\n<h2><strong>1. Una entrega total de Hijas de la Caridad<\/strong><\/h2>\n<p>Su <em>estatuto original hace vivir a las Hijas de la Caridad la <\/em><em>radicalidad <\/em><em>del <\/em><em>don de ellas mismas de una manera que les es peculiar. Como <\/em>es natural, San Vicente no dejaba de record\u00e1rselo por activa y por pasiva. Cuando por primera vez falleci\u00f3 una Hija de la Caridad (no puede tratarse de Margarita Naseau, puesto que la cosa ocurr\u00eda entre 1634 y 1636), San Vicente escribi\u00f3 a Santa Luisa estas palabras que no debieron impresionarla menos que el propio acontecimiento:<\/p>\n<p style=\"padding-left: 30px\">\u00abTenemos ya la primera v\u00edctima que Nuestro Se\u00f1or ha querido tomarse entre <strong>sus Hijas <\/strong>de la Caridad. \u00a1Bendito sea por siempre! Espero, Se\u00f1orita, que ahora esta Hermana ser\u00e1 muy feliz porque ha muerto <em>en el ejercicio de <\/em><strong><em>una virtud con <\/em><\/strong><em>la que no es posible haya perdici\u00f3n; ha muerto en el ejercicio d<\/em><em>el divino amor, ya que ha muerto en el de la Caridad. <\/em>Ruego a Nuestro Se\u00f1or que en este trance<strong><em> <\/em><\/strong>sea El su consuelo y el de nuestras queridas Hermanas\u00bb (Coste, I, p. 248, \u00abSig.\u00bb <strong>1, <\/strong>p. 283).<\/p>\n<p>Vivir y morir en el estado y el ejercicio de la Caridad, vivir y morir al servicio de cristo en los pobres, ofrecerse y consumirse enteramente por ello y en ello en la Compa\u00f1\u00eda, tal es la forma del todo peculiar hasta la que las Hijas de la caridad deben llevar las exigencias de su bautismo, en su plenitud y en su radicalidad. Ese es esencialmente el \u00ablugar\u00bb de su consagraci\u00f3n.<\/p>\n<p>Santa Luisa lo expresa con vigor:<\/p>\n<p style=\"padding-left: 30px\">\u00abAunque lodos los cristianos est\u00e1n obligados a servir Dios y a hacer el bien a su pr\u00f3jimo, tienen (dios empleos que les distraen de \u00e9ste. Pero por lo que se refiere a ustedes, la bondad de Dios ha sido tan grande, que las ha llamado <em>a rola profesi\u00f3n en la que no tienen otra cosa que hacer.<\/em><\/p>\n<p style=\"padding-left: 30px\"><strong>\u00abY <\/strong>aunque sean unas pobres muchachas que por ustedes mismas no tie\u00adnen medio alguno para hacer el bien, sin embargo, hacen ese bien y pueden hacerlo incomparablemente m\u00e1s que las m\u00e1s grandes se\u00f1oras del mundo, ya <strong>que <\/strong><em>no es nada dar sus bienes en comparaci\u00f3n con darse una misma y em\u00adplear todos los momentos de su vida, exponerla inclusive al peligro por amor de Dios sirviendo a los pobres. <\/em>Tomen, pues, en consideraci\u00f3n la gracia que les ha asignado tan santo empleo\u00bb (Escritos, ed. fr. p. 840, \u00abEstima de la vocaci\u00f3n\u00bb).<\/p>\n<p>Habr\u00e1n ustedes observado, una vez m\u00e1s, la palabra \u00abprofesi\u00f3n\u00bb que no carece ciertamente de sugerencias pr\u00e1cticas (tanto m\u00e1s cuanto que se trata de un servicio, y un servicio humilde), pero tampoco de sugerencias o reso\u00adnancias espirituales: vivir la entrega total, la \u00abconsagraci\u00f3n\u00bb en y por el ser\u00advicio, encontrar a Jesucristo en ese servicio, ofrecerle enteramente a El a trav\u00e9s del mismo servicio:<\/p>\n<p style=\"padding-left: 30px\">\u00ab\u00bfAman su g\u00e9nero de vida? \u2014escribe Santa Luisa a las Hermanas de Ri\u00adchelieu, en 1653\u2014 \u00bfLo tienen <em>por m\u00e1s excelente para ustedes que todos los <\/em><em>monasterios y religiones, <\/em>puesto que Dios las ha llamado a \u00e9l? \u00bfSe conside\u00adran unidas entre ustedes por un secreto designio de la Divina Providencia para su santificaci\u00f3n? \u00bfRecuerdan con frecuencia la advertencia que Nuestro Muy Honorable Padre nos hizo en una conferencia, de que <em>nosotras ten\u00edamos <\/em><em>un claustro lo mismo que las religiosas <\/em>y que a las almas fieles a Dios les es tan dif\u00edcil salir de \u00e9l como a las religiosas del suyo, <em>aunque no se trata de <\/em><em>muros de piedra, sino de la santa obediencia que debe ser la regla de nues\u00adtros deseos y acciones?<\/em><\/p>\n<p style=\"padding-left: 30px\">\u00abSuplico a Nuestro Se\u00f1or, cuyo ejemplo nos ha encerrado en este santo claustro, que nos haga la gracia de no quebrantarlo nunca\u00bb (Esc. id., p. 495).<\/p>\n<p>Esta alusi\u00f3n al \u00abclaustro de la obediencia\u00bb hace pensar indudablemente<strong> <\/strong>en el c\u00e9lebre p\u00e1rrafo del Reglamento de las Hermanas de las Parroquias, que el Padre Almeras hab\u00eda de introducir en las Reglas comunes. Cit\u00e9moslo una vez m\u00e1s porque nada como \u00e9l puede ilustrar lo que estamos diciendo:<\/p>\n<p style=\"padding-left: 30px\">\u00abSin embargo, teniendo en cuenta que est\u00e1n m\u00e1s expuestas a las ocasiones del pecado que las religiosas obligadas a guardar la clausura, ya que no tie\u00adnen por monasterio m\u00e1s que las casas de los enfermos y aquella en la que reside la Superiora, por celda un cuarto de alquiler, por capilla la iglesia de la parroquia, por claustro las calles de la ciudad, por clausura la obedien\u00adcia, no debiendo salir m\u00e1s que para ver a los enfermos o a los lugares nece\u00adsarios para su servicio, por rejas el temor de Dios, por velo la santa modestia,<\/p>\n<p style=\"padding-left: 30px\">\u00aby <em>no haciendo otra profesi\u00f3n para asegurar su vocaci\u00f3n, <\/em>y por esa con\u00adfianza continua que tienen en la Divina Providencia y <em>la ofrenda que le hacen <\/em><em>de todo lo que son y de su servicio en la persona de los pobres,<\/em><\/p>\n<p style=\"padding-left: 30px\">\u00abpor todas esas consideraciones deben tener tanta o m\u00e1s virtud que si fueran profesas en una orden religiosa,<\/p>\n<p style=\"padding-left: 30px\">\u00abpor lo que tratar\u00e1n de portarse en todos esos lugares al menos con tanta modestia, recogimiento y edificaci\u00f3n como las religiosas en su convento\u00bb (texto original, art. 2, C. X., p. 661. \u00abSig.\u00bb IX-2, p. 1178).<\/p>\n<p>Tenemos aqu\u00ed m\u00e1s que una simple espiritualidad de la vida consagrada activa. Tenemos \u2014y ah\u00ed reside la originalidad de la consagraci\u00f3n vicenciana\u00ad la expresi\u00f3n de <em>una total y radical disponibilidad hacia Jesucristo en la per\u00ad<\/em><em>sona de los pobres, en una no menos total y radical dependencia de la Pro\u00advidencia divina que provee a todo, y de la Compa\u00f1\u00eda que env\u00eda.<\/em><\/p>\n<p>Todo el reglamento que sigue a este art\u00edculo va presentado como un medio para realizar tal programa de vida y adquirir las disposiciones espi\u00adrituales que constituir\u00e1n la verdadera Hija de la Caridad. El mismo caso es el de las reglas comunes, como igualmente fue el del primer reglamento: el orden del d\u00eda estaba concebido de forma que pudiera expresar y favorecer lo m\u00e1s posible un aut\u00e9ntico servicio a los pobres dentro del esp\u00edritu de la Compa\u00f1\u00eda; todos los dem\u00e1s avisos y recomendaciones que se a\u00f1aden van exacta y \u00fanicamente en el mismo sentido: oraci\u00f3n, comunicaci\u00f3n o intercam\u00adbios, ocupaci\u00f3n del tiempo libre:<\/p>\n<p style=\"padding-left: 30px\">\u00abEl tiempo que os quede libre despu\u00e9s del servicio de los enfermos \u2014co\u00admenta, por ejemplo, San Vicente el 31 de julio de 1634\u2014 deb\u00e9is emplearlo bien. No est\u00e9is nunca sin hacer nada. Ved la forma de aprender a leer, <em>no <\/em><em>para vuestra utilidad particular, sino para estar en condiciones de que se os pueda enviar a lugares en que teng\u00e1is que ense\u00f1ar. <\/em>\u00bfSab\u00e9is lo que la <em>Divina <\/em><em>Providencia <\/em>quiere hacer de vosotras? Estad siempre en disposici\u00f3n de mar\u00adchar cuando la <em>santa obediencia <\/em>os env\u00ede\u00bb.<\/p>\n<p>No hay duda alguna de que todos estos principios est\u00e1n muy presentes en el coraz\u00f3n y el pensamiento de Santa Luisa. <em>Si la Hija de la Caridad ha de santificarse, ser\u00e1 esencialmente en el servicio, por el servicio y para el ser\u00advicio:<\/em><\/p>\n<p style=\"padding-left: 30px\">\u00abQueridas Hermanas \u2014escribe en 1652\u2014 \u00a1cu\u00e1nto consuelo me parece ver que tienen en medio de tantas fatigas! \u00a1Animo! Trabajen en su perfecci\u00f3n en tantas ocasiones como tienen de sufrir, de ejercitar la dulzura, la pacien\u00adcia, soportar los rechazos y superar todas las contradicciones con que tro\u00adpiezan. Tengan un coraz\u00f3n grande, que no encuentre nada dif\u00edcil por el santo amor de Dios&#8230; y de su Hijo crucificado\u00bb (Esc. id., p. 451).<\/p>\n<p>Una vez m\u00e1s, como siempre, la referencia a Jesucristo y m\u00e1s exactamente a Jesucristo crucificado, a Jes\u00fas Servidor y Testigo del Amor humillado, a Jesucristo portador de la Buena Noticia a los pobres, seg\u00fan la voluntad de su Padre:<\/p>\n<p style=\"padding-left: 30px\">\u00abYa saben \u2014dice Santa Luisa a Sor Juana Delacroix en la \u00faltima de sus cartas que ha llegado hasta nosotros\u2014 que las acciones exteriores, aunque sean para el servicio de los pobres, no pueden agradar mucho a Dios ni Mere\u00adcernos recompensa, si no est\u00e1n unidas a las de <em>Nuestro Se\u00f1or que trabaja <\/em><em>siempre con la mira puesta en Dios su Padre\u00bb <\/em>(Escr., id., p. 795-2-2, 1660).<\/p>\n<p>En esa l\u00ednea es como se inscribe y debe comprenderse la insistencia sobre la disponibilidad, la indiferencia, la regularidad&#8230;, etc. Son expresiones \u2014a la vez que criterios\u2014 de una aut\u00e9ntica \u00abconsagraci\u00f3n-servicio\u00bb o de un aut\u00e9ntico \u00abservicio-consagraci\u00f3n\u00bb.<\/p>\n<p>As\u00ed es c\u00f3mo en la carta antes citada de 1653, a las Hermanas de Richelieu, santa Luisa les asegura que conocer\u00e1n su amor por la vocaci\u00f3n a trav\u00e9s del amor a la regla \u00aben tanto el servicio a los pobres se lo permita\u00bb.<\/p>\n<p>Y citando una vez m\u00e1s a San Vicente, dar\u00e1 las razones del porqu\u00e9 amar la regla a las\u00a0 Hermanas de Ussel, el 20 de septiembre de 1658:<\/p>\n<p style=\"padding-left: 30px\">\u00abCreo que recordar\u00e1n ustedes la promesa que nuestro muy honorable Padre I los hizo a este respecto cuando en una conferencia nos dijo que <em>si guarda\u00ad<\/em><em>mos nuestras reglas, las reglas nos guardar\u00e1n.<\/em><\/p>\n<p style=\"padding-left: 30px\">\u00abEs mucho decir, porque tenemos gran necesidad de ser guardadas en varias cosas. Ya ven, pues, el poder, que tenemos en nuestra mano\u00bb (Esc. id. p. 720).<\/p>\n<p>A trav\u00e9s de estas frases, se trasluce toda una vida con sus duras exigen\u00adcias, como le dice al Abad de Vaux, el 29 de junio de 1656, a prop\u00f3sito de las que no perseveran en la vocaci\u00f3n:<\/p>\n<p style=\"padding-left: 30px\">\u00abHay que tener gran \u00e1nimo y mucha firmeza para perseverar, ya que <em>s\u00f3lo la obediencia nos sostiene y que a menudo estamos expuestas al peligro <\/em><em>del desaliento por varios motivos\u00bb <\/em>(Esc., id. p. 481).<\/p>\n<p>A sus ojos es muy importante no s\u00f3lo que las Hermanas trabajen y se esfuercen en el servicio a los pobres, sino sobre todo que comprendan bien el sentido de ese servicio. A prop\u00f3sito de las que trabajan en Bic\u00e9tre con los Ni\u00f1os Exp\u00f3sitos, escribe a San Vicente el 15 de enero de 1648 (III, p. 239, \u00abSig.\u00bb):<\/p>\n<p style=\"padding-left: 30px\">\u00abEl trabajo de nuestras pobres Hermanas de aqu\u00ed no es casi cre\u00edble, no s\u00f3lo por lo duro y agobiante que es, sino por las repugnancias que natural\u00admente inspira. Por eso, es muy justo ayudarlas, alentarlas, dar a conocer lo que hacen, representarles lo que significa ante Dios y acompa\u00f1arlas tambi\u00e9n con oraciones\u00bb.<\/p>\n<h2><strong>2. Una vida polarizada por ese don total<\/strong><\/h2>\n<p>El 4 de julio de 1658, Santa Luisa escribe al Abad de Vaux, a Angers:<\/p>\n<p style=\"padding-left: 30px\">\u00abEl Se\u00f1or Vicente le ruega humildemente que si ve usted a nuestra Sor Claudia en disposici\u00f3n de renovar sus votos, le haga esa caridad, s\u00f3lo por un a\u00f1o, que es como acostumbramos de ordinario. <em>Es muy importante que sepa <\/em><em>cu\u00e1les son las obligaciones que implica tan santa acci\u00f3n y la estima que debe <\/em><em>tener por ella, <\/em>aunque no se trate m\u00e1s que de votos simples; la ignorancia ha perjudicado mucho a otras, o por mejor decir, el no haber cre\u00eddo lo que era debido a ellos (a los votos)\u00bb (Esc. id. p. 708).<\/p>\n<p>Vemos de nuevo a la Fundadora con la inquietud de que las Hermanas ten\u00adgan ideas claras acerca de lo que tienen que vivir, de aquello a que se com\u00adprometen y subte todo de que asuman bien todas las exigencias, toda la radi\u00adcalidad de su consagraci\u00f3n en la Compa\u00f1\u00eda.<\/p>\n<p>Las palabras de Santa Luisa que acabamos de leer deben interpelarnos en la v\u00edspera de la Renovaci\u00f3n, de tal manera que la vida de ustedes quede cada vez m\u00e1s polarizada en torno al don total tal y como el Se\u00f1or lo espera <strong>y <\/strong>al mismo tiempo lo suscita. En m\u00e1s de una ocasi\u00f3n hemos visto c\u00f3mo los Fundadores afirmaban que la vocaci\u00f3n de las Hijas de la Caridad, lejos de minimizar esa radicalidad, la urge, d\u00e1ndole a la vez su matiz propio, su acento peculiar.<\/p>\n<p>Santa Luisa llama sencillamente a esto \u00abser verdaderamente de Dios\u00bb y da de ello algunas se\u00f1ales concretas:<\/p>\n<p style=\"padding-left: 30px\">\u00abLo conocer\u00e1n si con gusto renuncian a su propia voluntad, se guardan de toda particularidad, tienen gran sumisi\u00f3n a sus superiores, cortan todo apego, si acaso tuvieren alguno, no admiten en su pensamiento ning\u00fan deseo de esto o aquello si no es de agradar a Dios en todas sus acciones\u00bb (\u00edd., \u00edd., p. 499).<\/p>\n<p>Bien se echa de ver que toda la vida de la Hija de la Caridad queda as\u00ed asumida y penetrada por esa nota de radicalidad que la unifica con miras al don total y a partir de \u00e9l, para el servicio a los pobres. Quiz\u00e1 lo exprese to\u00addav\u00eda mejor Santa Luisa cuando dice:<\/p>\n<p style=\"padding-left: 30px\">\u00abDeseo que nuestras queridas Hermanas <em>est\u00e9n llenas de un amor fuerte <\/em><em>que las ocupe en Dios tan suavemente y en el servicio de los pobres tan cari\u00ad<\/em><em>tativamente, <\/em>que su coraz\u00f3n no pueda ya admitir pensamientos nocivos para su perseverancia. \u00a1Animo, pues Hermanas! no pensemos sino en agradar a Dios y en practicar exactamente sus mandamientos y consejos evang\u00e9licos puesto que la bondad de Dios se ha dignado llamarnos a seguirlos; a ello nos ayudar\u00e1 la exacta observancia de nuestras reglas, pero alegre y diligente\u00admente\u00bb (\u00edd., \u00edd., p. 556 &#8211; 1655, a Sor Cecilia, Angers).<\/p>\n<p>Otra expresi\u00f3n de los Fundadores muy adecuada a las Hijas de la Caridad es la de \u00abformarse y formar a los dem\u00e1s en las <em>s\u00f3lidas virtudes\u00bb. <\/em>San Vicente no se queda corto cuando, escribiendo a Santa Luisa acerca de las primeras j\u00f3venes reunidas en su casa, las que humana y espiritualmente hablando no presentan sino un terreno bastante inculto, le recomienda:<\/p>\n<p style=\"padding-left: 30px\">\u00abBueno ser\u00e1 que les diga usted en qu\u00e9 consisten las s\u00f3lidas virtudes, espe\u00adcialmente la mortificaci\u00f3n interior y exterior de nuestro juicio, de nuestra voluntad, de los recuerdos y a\u00f1oranzas, de la vista, del o\u00eddo, de la lengua y dem\u00e1s sentidos, de los afectos que tenemos a las cosas malas, in\u00fatiles y a\u00fan a las buenas, por amor de Nuestro Se\u00f1or que lo hizo as\u00ed; <em>habr\u00e1 que afian\u00ad<\/em><em>zarlas mucho en eso, sobre todo en la virtud de la obediencia y en la de la indiferencia. <\/em>Bueno ser\u00e1 tambi\u00e9n que les diga que es preciso se las ayude a adquirir esa virtud de la mortificaci\u00f3n y se las ejercite en ella; yo tambi\u00e9n se lo dir\u00e9 para que est\u00e9n dispuestas a ello\u00bb (Coste, I, 278, entre 1634 y 1638. \u00abSig.\u00bb, p. 304).<\/p>\n<p>Y Santa Luisa repet\u00eda por su cuenta las mismas o semejantes expresiones:<\/p>\n<p style=\"padding-left: 30px\">\u00abNo es bastante ser Hija de la Caridad de noche \u2014escribe el 27 de junio del 1645 a las Hermanas de Angers\u2014; no es bastante estar al servicio de los pobres en un hospital, aunque esto es un bien que nunca sabr\u00e1n ustedes apre\u00adciar suficientemente; es necesario <em>tener las verdaderas y s\u00f3lidas virtudes <\/em>que les hacen falta para hacer la obra en la que son tan felices de estar empleadas; sin ello, Hermanas, su trabajo ser\u00eda casi del todo in\u00fatil para ustedes\u00bb (\u00edd., \u00edd., p. <strong>152).<\/strong><\/p>\n<p>Salir de uno mismo, descentrarse de s\u00ed, \u00abno escucharnos demasiado\u00bb como suele decirse, es una de las aplicaciones m\u00e1s concretas e importantes de esa robustez espiritual:<\/p>\n<p style=\"padding-left: 30px\">\u00abRuego a nuestras Hermanas \u2014se trata aqu\u00ed la tambi\u00e9n de las de Angers \u00adque renueven con frecuencia el deseo de hacer todas sus acciones en pre\u00adsencia de Dios y por amor suyo, y que piensen en la gracia tan grande que su bondad les ha concedido llam\u00e1ndolas a tan santo empleo, al que tantas personas cualificadas se dedican y ejercitan con tanto fervor, que <em>no tienen <\/em><em>tiempo de hacer demasiadas reflexiones sobre ellas mismas ni de buscar su propia satisfacci\u00f3n\u00bb <\/em>(\u00edd., \u00edd., p. 181. 23-5-1646).<\/p>\n<p>La misma recomendaci\u00f3n dirige a las Hermanas de Nantes el 8 de mayo de 1547, con motivo de la visita de Sor Juana Lepintre, en un momento que hab\u00eda surgido la \u00abciza\u00f1a\u00bb:<\/p>\n<p style=\"padding-left: 30px\">\u00abPueden, pues, hablar con toda confianza a nuestra Hermana, la que a su regreso nos referir\u00e1 fielmente cuanto le hayan ustedes comunicado. Porque, en definitiva, Hermanas, tenemos que ser de Dios, completamente suyas, y para serlo <em>preciso es que nos arranquemos de nosotras mismas. El amor a <\/em><em>nosotras es nuestro mayor enemigo y la causa de que encontremos tantos <\/em><em>motivos de queja de los dem\u00e1s, de que deseemos tanto vernos satisfechas en <\/em><em>todo\u00bb <\/em>(\u00edd., \u00edd., p. 241).<\/p>\n<p>In\u00fatil decir que la pobreza, en todo el alcance de la palabra, ocupa en todo esto un lugar important\u00edsimo: \u00bfC\u00f3mo darse a los pobres sin ser pobre? En la v\u00edspera de la Renovaci\u00f3n, es sin duda \u00e9sta una de las principales pregun\u00adtas que hay que hacerse. En todo caso, esta pobreza esmalta, por decirlo as\u00ed, la vida toda de los Fundadores.<\/p>\n<p>A Sor Luisa de Richelieu, escribe Santa Luisa el 26 de octubre de 1639:<\/p>\n<p style=\"padding-left: 30px\">\u00abMe parece que no reflexiona usted nunca en su condici\u00f3n puesto que hace tantas cosas que son incompatibles con ella. \u00bfNo le doler\u00eda a usted per\u00adderla por tan mezquinos contentos? Creo que lo que es la causa de la mayo\u00adr\u00eda de las faltas que comete usted (se me est\u00e1 ocurriendo en este momento) <em>es que tiene usted dinero <\/em>y <em>que siempre le ha gustado tenerlo. <\/em>Si quiere creer\u00adme, desh\u00e1gase de esa afici\u00f3n; p\u00f3ngalo todo en manos de Sor B\u00e1rbara; no quiera tener m\u00e1s que lo que a ella le parezca oportuno y exc\u00edtese al amor de la po\u00adbreza para honrar la del Hijo de Dios; por ese medio conseguir\u00e1 usted <em>lo que necesita para ser Hija de la Caridad. <\/em>De otro modo, dudo mucho de su per\u00adseverancia\u00bb (\u00edd., \u00edd., p. 19).<\/p>\n<p>Casi veinte a\u00f1os despu\u00e9s, encontramos el eco de esas mismas palabras, dichas a Sor Luisa Cristina, de Montmirail:<\/p>\n<p style=\"padding-left: 30px\">\u00abSi ahorran algo, que sea para su sostenimiento; bien s\u00e9 que no quiere usted atesorar, por la gracia de Dios. Ama usted demasiado <em>la santa pobreza <\/em><em>y la confianza en Dios, que son los dos puntales de la Compa\u00f1\u00eda de las Hijas <\/em><em>de la Caridad\u00bb <\/em>(\u00edd., \u00edd., p. 605).<\/p>\n<p>La confianza en Dios, en efecto, es una de las principales manifestacio\u00adnes de la pobreza de coraz\u00f3n, como se lo dice Santa Luisa a Sor Lorenza Dubois, de Bernay, el 7 de agosto de 1657:<\/p>\n<p style=\"padding-left: 30px\">\u00abAhora, querida Hermana, es cuando entra de veras en el ejercicio de las aut\u00e9nticas Hijas de la Caridad, al verse privada por alg\u00fan tiempo de toda direcci\u00f3n y consuelo.<\/p>\n<p style=\"padding-left: 30px\">\u00abAhora es cuando tiene que renovar su confianza en Dios abandon\u00e1ndose a su direcci\u00f3n. Y si contin\u00faa, como lo hace, en la pr\u00e1ctica de las Reglas, no tiene que dudar que recibir\u00e1 su ayuda en todas sus necesidades\u00bb (\u00edd., \u00edd., p. 658).<\/p>\n<p>Unas semanas antes de su muerte, temiendo que las Hermanas tomasen pretexto de los desprecios a que a veces estaban expuestas para desalentarse o bien refugiarse en otro estilo de vida, Santa Luisa escribe a San Vicente:<\/p>\n<p style=\"padding-left: 30px\">\u00abEsto me ha hecho pensar, mi muy honorable Padre, en la necesidad de que las Reglas obliguen siempre a una vida pobre, sencilla y humilde, para evitar que llegaran a establecerse en una forma de vida que requerir\u00eda mayor gasto y pr\u00e1cticas que llevar\u00edan a la ostentaci\u00f3n y la clausura en parte, lo que obli\u00adgar\u00eda a buscar los medios de subsistir en tal forma, como ser\u00eda constituir un cuerpo interior no activo, tener alojamiento separado de las que salieran a la calle, mal vestidas, a causa \u2014dicen algunas\u2014 de esa cofia y de ese nom\u00adbre de \u00abhermana\u00bb que no dan autoridad, sino atraen desprecio. Y yo s\u00e9 que no s\u00f3lo las Hermanas, sino otras personas que deber\u00edan sentirse obligadas a honrar el designio de Dios acerca del servicio corporal y espiritual de los pobres enfermos, tienen gran inclinaci\u00f3n a esa forma de vida tan peligrosa para la continuaci\u00f3n de la obra de Dios, la cual, muy Honorable Padre, su caridad ha sostenido con tanta firmeza contra todas las oposiciones\u00bb (\u00edd., \u00edd., p. 794 \u2014enero 1660\u2014 \u00abSig.\u00bb VIII, 214).<\/p>\n<p>Habr\u00eda que se\u00f1alar tambi\u00e9n las incidencias y las expresiones de la radi\u00adcalidad en la vida comunitaria de las Hijas de la Caridad. Santa Luisa da criterios claros y concretos acerca de este tema sobre el que insiste a me\u00adnudo:<\/p>\n<p style=\"padding-left: 30px\">\u00abLa dulzura, la cordialidad, la tolerancia \u2014escribe, por ejemplo, a las Hermanas de Richelieu en 1653\u2014 debe ser el ejercicio de las Hijas de la Caridad, del mismo modo que la humildad, la sencillez y el amor a la Huma\u00adnidad santa de Jesucristo, que es la perfecta Caridad, constituyen su esp\u00edritu\u00bb (\u00edd., \u00edd., p. 494).<\/p>\n<p>En esta frase, tan sumamente rica, vemos:<\/p>\n<ul>\n<li>por una parte, el esp\u00edritu de la Compa\u00f1\u00eda presentado como una parti\u00adcipaci\u00f3n en el Esp\u00edritu de Cristo, Hijo de Dios encarnado, y sobre todo en su amor,<\/li>\n<li>por otra, el esp\u00edritu de la Compa\u00f1\u00eda traducido concretamente por la dulzura, cordialidad y tolerancia que deben caracterizar las relaciones de la Hija de la Caridad con los dem\u00e1s.<\/li>\n<\/ul>\n<p>Se comprende f\u00e1cilmente que tenga que ser as\u00ed por lo que se refiere a las siervas de Jesucristo en los pobres. Todo ello entra y forma parte coherente en la unidad de su vida.<\/p>\n<p>Y terminamos as\u00ed por donde hemos empezado: una vida radicalmente unificada en el don total para el servicio a los pobres, y, siempre en torno a ese don total para el servicio, en la Compa\u00f1\u00eda y seg\u00fan su esp\u00edritu. Esto es lo que la Renovaci\u00f3n va a reavivar en su coraz\u00f3n y en su vida, al mismo tiempo que confirma sus compromisos de Hijas de la Caridad, poni\u00e9ndolos bajo el signo de un amor que no se reserva absolutamente nada.<\/p>\n","protected":false},"excerpt":{"rendered":"<p>Dos convicciones inseparables Una vez m\u00e1s, vamos a ponernos a escuchar especialmente a Santa Luisa de Marillac. La \u00abRenovaci\u00f3n\u00bb, como la misma palabra lo indica, debe alcan\u00adzar en cada Hija de la Caridad hasta la &#8230; <a href=\"https:\/\/vincentians.com\/es\/las-hijas-de-la-caridad-en-la-iglesia\/\" class=\"more-link\">Read More<\/a><\/p>\n","protected":false},"author":4,"featured_media":52241,"comment_status":"open","ping_status":"open","sticky":false,"template":"","format":"standard","meta":{"jetpack_post_was_ever_published":false,"_jetpack_newsletter_access":"","_jetpack_dont_email_post_to_subs":false,"_jetpack_newsletter_tier_id":0,"_jetpack_memberships_contains_paywalled_content":false,"_jetpack_memberships_contains_paid_content":false,"footnotes":"","jetpack_publicize_message":"","jetpack_publicize_feature_enabled":true,"jetpack_social_post_already_shared":true,"jetpack_social_options":{"image_generator_settings":{"template":"highway","default_image_id":0,"font":"","enabled":false},"version":2}},"categories":[199],"tags":[157,144,131],"class_list":["post-52240","post","type-post","status-publish","format-standard","has-post-thumbnail","hentry","category-hijas-de-la-caridad","tag-abad-de-vaux","tag-lambert","tag-montmirail"],"yoast_head":"<!-- This site is optimized with the Yoast SEO plugin v26.3 - https:\/\/yoast.com\/wordpress\/plugins\/seo\/ -->\n<title>Las Hijas de la Caridad en la Iglesia - Somos Vicencianos<\/title>\n<meta name=\"robots\" content=\"index, follow, max-snippet:-1, max-image-preview:large, max-video-preview:-1\" \/>\n<link rel=\"canonical\" href=\"http:\/\/vincentians.com\/es\/las-hijas-de-la-caridad-en-la-iglesia\/\" \/>\n<meta property=\"og:locale\" content=\"es_ES\" \/>\n<meta property=\"og:type\" content=\"article\" \/>\n<meta property=\"og:title\" content=\"Las Hijas de la Caridad en la Iglesia - Somos Vicencianos\" \/>\n<meta property=\"og:description\" content=\"Dos convicciones inseparables Una vez m\u00e1s, vamos a ponernos a escuchar especialmente a Santa Luisa de Marillac. La \u00abRenovaci\u00f3n\u00bb, como la misma palabra lo indica, debe alcan\u00adzar en cada Hija de la Caridad hasta la ... Read More\" \/>\n<meta property=\"og:url\" content=\"http:\/\/vincentians.com\/es\/las-hijas-de-la-caridad-en-la-iglesia\/\" \/>\n<meta property=\"og:site_name\" content=\"Somos Vicencianos\" \/>\n<meta property=\"article:publisher\" content=\"https:\/\/www.facebook.com\/WeAreVincentians\/\" \/>\n<meta property=\"article:author\" content=\"https:\/\/www.facebook.com\/JavierChento\" \/>\n<meta property=\"article:published_time\" content=\"2011-10-03T06:03:56+00:00\" \/>\n<meta name=\"author\" content=\"Francisco Javier Fern\u00e1ndez Chento\" \/>\n<meta name=\"twitter:card\" content=\"summary_large_image\" \/>\n<meta name=\"twitter:creator\" content=\"@https:\/\/twitter.com\/javierchento\" \/>\n<meta name=\"twitter:site\" content=\"@WeVincentians\" \/>\n<meta name=\"twitter:label1\" content=\"Escrito por\" \/>\n\t<meta name=\"twitter:data1\" content=\"Francisco Javier Fern\u00e1ndez Chento\" \/>\n\t<meta name=\"twitter:label2\" content=\"Tiempo de lectura\" \/>\n\t<meta name=\"twitter:data2\" content=\"22 minutos\" \/>\n<script type=\"application\/ld+json\" class=\"yoast-schema-graph\">{\"@context\":\"https:\/\/schema.org\",\"@graph\":[{\"@type\":\"Article\",\"@id\":\"http:\/\/vincentians.com\/es\/las-hijas-de-la-caridad-en-la-iglesia\/#article\",\"isPartOf\":{\"@id\":\"http:\/\/vincentians.com\/es\/las-hijas-de-la-caridad-en-la-iglesia\/\"},\"author\":{\"name\":\"Francisco Javier Fern\u00e1ndez Chento\",\"@id\":\"http:\/\/vincentians.com\/es\/#\/schema\/person\/9623ef4d9aa3b2dfb8c061f1499288f2\"},\"headline\":\"Las Hijas de la Caridad en la Iglesia\",\"datePublished\":\"2011-10-03T06:03:56+00:00\",\"mainEntityOfPage\":{\"@id\":\"http:\/\/vincentians.com\/es\/las-hijas-de-la-caridad-en-la-iglesia\/\"},\"wordCount\":4324,\"commentCount\":0,\"publisher\":{\"@id\":\"http:\/\/vincentians.com\/es\/#organization\"},\"image\":{\"@id\":\"http:\/\/vincentians.com\/es\/las-hijas-de-la-caridad-en-la-iglesia\/#primaryimage\"},\"thumbnailUrl\":\"\",\"keywords\":[\"Abad de Vaux\",\"Lambert\",\"Montmirail\"],\"articleSection\":[\"Hijas de la Caridad\"],\"inLanguage\":\"es\",\"potentialAction\":[{\"@type\":\"CommentAction\",\"name\":\"Comment\",\"target\":[\"http:\/\/vincentians.com\/es\/las-hijas-de-la-caridad-en-la-iglesia\/#respond\"]}]},{\"@type\":\"WebPage\",\"@id\":\"http:\/\/vincentians.com\/es\/las-hijas-de-la-caridad-en-la-iglesia\/\",\"url\":\"http:\/\/vincentians.com\/es\/las-hijas-de-la-caridad-en-la-iglesia\/\",\"name\":\"Las Hijas de la Caridad en la Iglesia - Somos Vicencianos\",\"isPartOf\":{\"@id\":\"http:\/\/vincentians.com\/es\/#website\"},\"primaryImageOfPage\":{\"@id\":\"http:\/\/vincentians.com\/es\/las-hijas-de-la-caridad-en-la-iglesia\/#primaryimage\"},\"image\":{\"@id\":\"http:\/\/vincentians.com\/es\/las-hijas-de-la-caridad-en-la-iglesia\/#primaryimage\"},\"thumbnailUrl\":\"\",\"datePublished\":\"2011-10-03T06:03:56+00:00\",\"breadcrumb\":{\"@id\":\"http:\/\/vincentians.com\/es\/las-hijas-de-la-caridad-en-la-iglesia\/#breadcrumb\"},\"inLanguage\":\"es\",\"potentialAction\":[{\"@type\":\"ReadAction\",\"target\":[\"http:\/\/vincentians.com\/es\/las-hijas-de-la-caridad-en-la-iglesia\/\"]}]},{\"@type\":\"ImageObject\",\"inLanguage\":\"es\",\"@id\":\"http:\/\/vincentians.com\/es\/las-hijas-de-la-caridad-en-la-iglesia\/#primaryimage\",\"url\":\"\",\"contentUrl\":\"\"},{\"@type\":\"BreadcrumbList\",\"@id\":\"http:\/\/vincentians.com\/es\/las-hijas-de-la-caridad-en-la-iglesia\/#breadcrumb\",\"itemListElement\":[{\"@type\":\"ListItem\",\"position\":1,\"name\":\"Portada\",\"item\":\"http:\/\/vincentians.com\/es\/\"},{\"@type\":\"ListItem\",\"position\":2,\"name\":\"Las Hijas de la Caridad en la Iglesia\"}]},{\"@type\":\"WebSite\",\"@id\":\"http:\/\/vincentians.com\/es\/#website\",\"url\":\"http:\/\/vincentians.com\/es\/\",\"name\":\"Somos Vicencianos\",\"description\":\"Know more to serve more\",\"publisher\":{\"@id\":\"http:\/\/vincentians.com\/es\/#organization\"},\"potentialAction\":[{\"@type\":\"SearchAction\",\"target\":{\"@type\":\"EntryPoint\",\"urlTemplate\":\"http:\/\/vincentians.com\/es\/?s={search_term_string}\"},\"query-input\":{\"@type\":\"PropertyValueSpecification\",\"valueRequired\":true,\"valueName\":\"search_term_string\"}}],\"inLanguage\":\"es\"},{\"@type\":\"Organization\",\"@id\":\"http:\/\/vincentians.com\/es\/#organization\",\"name\":\"The Vincentian Network\",\"url\":\"http:\/\/vincentians.com\/es\/\",\"logo\":{\"@type\":\"ImageObject\",\"inLanguage\":\"es\",\"@id\":\"http:\/\/vincentians.com\/es\/#\/schema\/logo\/image\/\",\"url\":\"https:\/\/i1.wp.com\/vincentians.com\/es\/wp-content\/uploads\/sites\/11\/2016\/06\/Vincentian-Network-logo-big.png?fit=778%2C778\",\"contentUrl\":\"https:\/\/i1.wp.com\/vincentians.com\/es\/wp-content\/uploads\/sites\/11\/2016\/06\/Vincentian-Network-logo-big.png?fit=778%2C778\",\"width\":778,\"height\":778,\"caption\":\"The Vincentian Network\"},\"image\":{\"@id\":\"http:\/\/vincentians.com\/es\/#\/schema\/logo\/image\/\"},\"sameAs\":[\"https:\/\/www.facebook.com\/WeAreVincentians\/\",\"https:\/\/x.com\/WeVincentians\"]},{\"@type\":\"Person\",\"@id\":\"http:\/\/vincentians.com\/es\/#\/schema\/person\/9623ef4d9aa3b2dfb8c061f1499288f2\",\"name\":\"Francisco Javier Fern\u00e1ndez Chento\",\"image\":{\"@type\":\"ImageObject\",\"inLanguage\":\"es\",\"@id\":\"http:\/\/vincentians.com\/es\/#\/schema\/person\/image\/\",\"url\":\"https:\/\/secure.gravatar.com\/avatar\/497d5cde87b4c3d097d0315953521681ba2cd523ee66e5077c3711f7021e65de?s=96&d=mm&r=g\",\"contentUrl\":\"https:\/\/secure.gravatar.com\/avatar\/497d5cde87b4c3d097d0315953521681ba2cd523ee66e5077c3711f7021e65de?s=96&d=mm&r=g\",\"caption\":\"Francisco Javier Fern\u00e1ndez Chento\"},\"description\":\"Director General y cofundador de La Red de Formaci\u00f3n Vicenciana. Javier es laico vicenciano, afiliado a la Congregaci\u00f3n de la Misi\u00f3n y miembro del Equipo de Misiones Populares de la provincia can\u00f3nica de Zaragoza (Espa\u00f1a) de la Congregaci\u00f3n de la Misi\u00f3n. Graduado en la Universidad Oberta de Catalunya con cuatro grados (Asistente de direcci\u00f3n, Gesti\u00f3n Administrativa, Recursos Humanos y Contabilidad Avanzada). Bil\u00edng\u00fce Espa\u00f1ol\/Ingl\u00e9s. gestiona y mantiene varias p\u00e1ginas web cristianas y vicencianas, incluida including La Red de Formaci\u00f3n Vicenciana, de la que es cofundador. Actualmente es responsable del \u00e1rea de Espa\u00f1ol de .famvin, la Red de Noticias de la Familia Vicenciana. Tambi\u00e9n es m\u00fasico cat\u00f3lico y ha editado varios discos. Es Director General y cofundador de Trovador, una reconocida compa\u00f1\u00eda discogr\u00e1fica critiana de Espa\u00f1a. Trabaja en las Tecnolog\u00edas de la Informaci\u00f3n, ofreciendo servicios de alojamiento, dise\u00f1o y mantenimiento Web, as\u00ed como asesoramiento, formaci\u00f3n y soluciones inform\u00e1ticas, gesti\u00f3n documental y digitalizaci\u00f3n de textos, edici\u00f3n y maquetaci\u00f3n de libros, revistas, flyers, etc.\",\"sameAs\":[\"http:\/\/chento.org\",\"https:\/\/www.facebook.com\/JavierChento\",\"https:\/\/x.com\/https:\/\/twitter.com\/javierchento\"],\"url\":\"https:\/\/vincentians.com\/es\/author\/chento\/\"}]}<\/script>\n<!-- \/ Yoast SEO plugin. -->","yoast_head_json":{"title":"Las Hijas de la Caridad en la Iglesia - Somos Vicencianos","robots":{"index":"index","follow":"follow","max-snippet":"max-snippet:-1","max-image-preview":"max-image-preview:large","max-video-preview":"max-video-preview:-1"},"canonical":"http:\/\/vincentians.com\/es\/las-hijas-de-la-caridad-en-la-iglesia\/","og_locale":"es_ES","og_type":"article","og_title":"Las Hijas de la Caridad en la Iglesia - Somos Vicencianos","og_description":"Dos convicciones inseparables Una vez m\u00e1s, vamos a ponernos a escuchar especialmente a Santa Luisa de Marillac. La \u00abRenovaci\u00f3n\u00bb, como la misma palabra lo indica, debe alcan\u00adzar en cada Hija de la Caridad hasta la ... Read More","og_url":"http:\/\/vincentians.com\/es\/las-hijas-de-la-caridad-en-la-iglesia\/","og_site_name":"Somos Vicencianos","article_publisher":"https:\/\/www.facebook.com\/WeAreVincentians\/","article_author":"https:\/\/www.facebook.com\/JavierChento","article_published_time":"2011-10-03T06:03:56+00:00","author":"Francisco Javier Fern\u00e1ndez Chento","twitter_card":"summary_large_image","twitter_creator":"@https:\/\/twitter.com\/javierchento","twitter_site":"@WeVincentians","twitter_misc":{"Escrito por":"Francisco Javier Fern\u00e1ndez Chento","Tiempo de lectura":"22 minutos"},"schema":{"@context":"https:\/\/schema.org","@graph":[{"@type":"Article","@id":"http:\/\/vincentians.com\/es\/las-hijas-de-la-caridad-en-la-iglesia\/#article","isPartOf":{"@id":"http:\/\/vincentians.com\/es\/las-hijas-de-la-caridad-en-la-iglesia\/"},"author":{"name":"Francisco Javier Fern\u00e1ndez Chento","@id":"http:\/\/vincentians.com\/es\/#\/schema\/person\/9623ef4d9aa3b2dfb8c061f1499288f2"},"headline":"Las Hijas de la Caridad en la Iglesia","datePublished":"2011-10-03T06:03:56+00:00","mainEntityOfPage":{"@id":"http:\/\/vincentians.com\/es\/las-hijas-de-la-caridad-en-la-iglesia\/"},"wordCount":4324,"commentCount":0,"publisher":{"@id":"http:\/\/vincentians.com\/es\/#organization"},"image":{"@id":"http:\/\/vincentians.com\/es\/las-hijas-de-la-caridad-en-la-iglesia\/#primaryimage"},"thumbnailUrl":"","keywords":["Abad de Vaux","Lambert","Montmirail"],"articleSection":["Hijas de la Caridad"],"inLanguage":"es","potentialAction":[{"@type":"CommentAction","name":"Comment","target":["http:\/\/vincentians.com\/es\/las-hijas-de-la-caridad-en-la-iglesia\/#respond"]}]},{"@type":"WebPage","@id":"http:\/\/vincentians.com\/es\/las-hijas-de-la-caridad-en-la-iglesia\/","url":"http:\/\/vincentians.com\/es\/las-hijas-de-la-caridad-en-la-iglesia\/","name":"Las Hijas de la Caridad en la Iglesia - Somos Vicencianos","isPartOf":{"@id":"http:\/\/vincentians.com\/es\/#website"},"primaryImageOfPage":{"@id":"http:\/\/vincentians.com\/es\/las-hijas-de-la-caridad-en-la-iglesia\/#primaryimage"},"image":{"@id":"http:\/\/vincentians.com\/es\/las-hijas-de-la-caridad-en-la-iglesia\/#primaryimage"},"thumbnailUrl":"","datePublished":"2011-10-03T06:03:56+00:00","breadcrumb":{"@id":"http:\/\/vincentians.com\/es\/las-hijas-de-la-caridad-en-la-iglesia\/#breadcrumb"},"inLanguage":"es","potentialAction":[{"@type":"ReadAction","target":["http:\/\/vincentians.com\/es\/las-hijas-de-la-caridad-en-la-iglesia\/"]}]},{"@type":"ImageObject","inLanguage":"es","@id":"http:\/\/vincentians.com\/es\/las-hijas-de-la-caridad-en-la-iglesia\/#primaryimage","url":"","contentUrl":""},{"@type":"BreadcrumbList","@id":"http:\/\/vincentians.com\/es\/las-hijas-de-la-caridad-en-la-iglesia\/#breadcrumb","itemListElement":[{"@type":"ListItem","position":1,"name":"Portada","item":"http:\/\/vincentians.com\/es\/"},{"@type":"ListItem","position":2,"name":"Las Hijas de la Caridad en la Iglesia"}]},{"@type":"WebSite","@id":"http:\/\/vincentians.com\/es\/#website","url":"http:\/\/vincentians.com\/es\/","name":"Somos Vicencianos","description":"Know more to serve more","publisher":{"@id":"http:\/\/vincentians.com\/es\/#organization"},"potentialAction":[{"@type":"SearchAction","target":{"@type":"EntryPoint","urlTemplate":"http:\/\/vincentians.com\/es\/?s={search_term_string}"},"query-input":{"@type":"PropertyValueSpecification","valueRequired":true,"valueName":"search_term_string"}}],"inLanguage":"es"},{"@type":"Organization","@id":"http:\/\/vincentians.com\/es\/#organization","name":"The Vincentian Network","url":"http:\/\/vincentians.com\/es\/","logo":{"@type":"ImageObject","inLanguage":"es","@id":"http:\/\/vincentians.com\/es\/#\/schema\/logo\/image\/","url":"https:\/\/i1.wp.com\/vincentians.com\/es\/wp-content\/uploads\/sites\/11\/2016\/06\/Vincentian-Network-logo-big.png?fit=778%2C778","contentUrl":"https:\/\/i1.wp.com\/vincentians.com\/es\/wp-content\/uploads\/sites\/11\/2016\/06\/Vincentian-Network-logo-big.png?fit=778%2C778","width":778,"height":778,"caption":"The Vincentian Network"},"image":{"@id":"http:\/\/vincentians.com\/es\/#\/schema\/logo\/image\/"},"sameAs":["https:\/\/www.facebook.com\/WeAreVincentians\/","https:\/\/x.com\/WeVincentians"]},{"@type":"Person","@id":"http:\/\/vincentians.com\/es\/#\/schema\/person\/9623ef4d9aa3b2dfb8c061f1499288f2","name":"Francisco Javier Fern\u00e1ndez Chento","image":{"@type":"ImageObject","inLanguage":"es","@id":"http:\/\/vincentians.com\/es\/#\/schema\/person\/image\/","url":"https:\/\/secure.gravatar.com\/avatar\/497d5cde87b4c3d097d0315953521681ba2cd523ee66e5077c3711f7021e65de?s=96&d=mm&r=g","contentUrl":"https:\/\/secure.gravatar.com\/avatar\/497d5cde87b4c3d097d0315953521681ba2cd523ee66e5077c3711f7021e65de?s=96&d=mm&r=g","caption":"Francisco Javier Fern\u00e1ndez Chento"},"description":"Director General y cofundador de La Red de Formaci\u00f3n Vicenciana. Javier es laico vicenciano, afiliado a la Congregaci\u00f3n de la Misi\u00f3n y miembro del Equipo de Misiones Populares de la provincia can\u00f3nica de Zaragoza (Espa\u00f1a) de la Congregaci\u00f3n de la Misi\u00f3n. Graduado en la Universidad Oberta de Catalunya con cuatro grados (Asistente de direcci\u00f3n, Gesti\u00f3n Administrativa, Recursos Humanos y Contabilidad Avanzada). Bil\u00edng\u00fce Espa\u00f1ol\/Ingl\u00e9s. gestiona y mantiene varias p\u00e1ginas web cristianas y vicencianas, incluida including La Red de Formaci\u00f3n Vicenciana, de la que es cofundador. Actualmente es responsable del \u00e1rea de Espa\u00f1ol de .famvin, la Red de Noticias de la Familia Vicenciana. Tambi\u00e9n es m\u00fasico cat\u00f3lico y ha editado varios discos. Es Director General y cofundador de Trovador, una reconocida compa\u00f1\u00eda discogr\u00e1fica critiana de Espa\u00f1a. Trabaja en las Tecnolog\u00edas de la Informaci\u00f3n, ofreciendo servicios de alojamiento, dise\u00f1o y mantenimiento Web, as\u00ed como asesoramiento, formaci\u00f3n y soluciones inform\u00e1ticas, gesti\u00f3n documental y digitalizaci\u00f3n de textos, edici\u00f3n y maquetaci\u00f3n de libros, revistas, flyers, etc.","sameAs":["http:\/\/chento.org","https:\/\/www.facebook.com\/JavierChento","https:\/\/x.com\/https:\/\/twitter.com\/javierchento"],"url":"https:\/\/vincentians.com\/es\/author\/chento\/"}]}},"jetpack_publicize_connections":[],"jetpack_featured_media_url":"","jetpack_sharing_enabled":true,"jetpack_shortlink":"https:\/\/wp.me\/p7ETMF-dAA","jetpack-related-posts":[{"id":125085,"url":"https:\/\/vincentians.com\/es\/vicente-de-paul-carta-1155-a-luisa-de-marillac\/","url_meta":{"origin":52240,"position":0},"title":"Vicente de Pa\u00fal, Carta 1155: A Luisa De Marillac","author":"Francisco Javier Fern\u00e1ndez Chento","date":"11\/11\/2013","format":false,"excerpt":"Richelieu, d\u00eda siguiente de la Ascensi\u00f3n [1649] Se\u00f1orita: La gracia de Nuestro Se\u00f1or sea siempre con nosotros. El padre Lamberto le habr\u00e1 podido comunicar mi llegada a este lugar. Las visitas que tuve al d\u00eda siguiente de llegar por la ma\u00f1ana me impidieron escribirle a tiempo para que llegara la\u2026","rel":"","context":"En \u00abEscritos de Vicente de Pa\u00fal\u00bb","block_context":{"text":"Escritos de Vicente de Pa\u00fal","link":"https:\/\/vincentians.com\/es\/category\/escritos\/escritos-de-vicente-de-paul\/"},"img":{"alt_text":"","src":"https:\/\/i0.wp.com\/vincentians.com\/es\/wp-content\/uploads\/sites\/11\/2016\/07\/escritos-vicente-de-paul.jpg?fit=1200%2C630&ssl=1&resize=350%2C200","width":350,"height":200,"srcset":"https:\/\/i0.wp.com\/vincentians.com\/es\/wp-content\/uploads\/sites\/11\/2016\/07\/escritos-vicente-de-paul.jpg?fit=1200%2C630&ssl=1&resize=350%2C200 1x, https:\/\/i0.wp.com\/vincentians.com\/es\/wp-content\/uploads\/sites\/11\/2016\/07\/escritos-vicente-de-paul.jpg?fit=1200%2C630&ssl=1&resize=525%2C300 1.5x, https:\/\/i0.wp.com\/vincentians.com\/es\/wp-content\/uploads\/sites\/11\/2016\/07\/escritos-vicente-de-paul.jpg?fit=1200%2C630&ssl=1&resize=700%2C400 2x, https:\/\/i0.wp.com\/vincentians.com\/es\/wp-content\/uploads\/sites\/11\/2016\/07\/escritos-vicente-de-paul.jpg?fit=1200%2C630&ssl=1&resize=1050%2C600 3x"},"classes":[]},{"id":387671,"url":"https:\/\/vincentians.com\/es\/la-direccion-de-la-compania-2\/","url_meta":{"origin":52240,"position":1},"title":"La direcci\u00f3n de la Compa\u00f1\u00eda","author":"Mitxel Olabu\u00e9naga","date":"20\/04\/2016","format":false,"excerpt":"De nuevo, en Par\u00eds El 24 de febrero, Luisa se puso en camino hacia Par\u00eds. Trayecto pesado y largo de va\u00adrios d\u00edas. El se\u00f1or Abad de Vaux le prest\u00f3 su carroza; Luisa estaba d\u00e9bil y quer\u00eda seguir los consejos que le hab\u00eda dado el se\u00f1or Vicente de no volver por\u2026","rel":"","context":"En \u00abHistoria de las Hijas de la Caridad\u00bb","block_context":{"text":"Historia de las Hijas de la Caridad","link":"https:\/\/vincentians.com\/es\/category\/historia-de-la-familia-vicenciana\/historia-de-las-hijas-de-la-caridad\/"},"img":{"alt_text":"Hijas de la Caridad","src":"https:\/\/i0.wp.com\/vicencianos.org\/wp-content\/uploads\/2016\/04\/Hijas-de-la-Caridad-300x225.jpg?resize=350%2C200","width":350,"height":200},"classes":[]},{"id":128969,"url":"https:\/\/vincentians.com\/es\/momentos-de-descanso-ii\/","url_meta":{"origin":52240,"position":2},"title":"Momentos de descanso (II)","author":"Francisco Javier Fern\u00e1ndez Chento","date":"13\/06\/2025","format":false,"excerpt":"Saint-Denis \u00a0Nantes y los Consejos Luisa pronto se olvid\u00f3 de Le Mans. En mayo de 1646, cuando tem\u00eda su fracaso, los administradores del Gran Hospital de Nantes pidieron Hijas de la Caridad. Hab\u00edan o\u00eddo c\u00f3mo en poco tiempo hab\u00edan reorganizado el Gran Hospital de Angers, hab\u00edan le\u00eddo el re\u00adglamento de\u2026","rel":"","context":"En \u00abFormaci\u00f3n Vicenciana\u00bb","block_context":{"text":"Formaci\u00f3n Vicenciana","link":"https:\/\/vincentians.com\/es\/category\/formacion-vicenciana\/"},"img":{"alt_text":"","src":"https:\/\/i0.wp.com\/vincentians.com\/es\/wp-content\/uploads\/sites\/11\/2023\/08\/aa.jpeg?fit=1152%2C648&ssl=1&resize=350%2C200","width":350,"height":200,"srcset":"https:\/\/i0.wp.com\/vincentians.com\/es\/wp-content\/uploads\/sites\/11\/2023\/08\/aa.jpeg?fit=1152%2C648&ssl=1&resize=350%2C200 1x, https:\/\/i0.wp.com\/vincentians.com\/es\/wp-content\/uploads\/sites\/11\/2023\/08\/aa.jpeg?fit=1152%2C648&ssl=1&resize=525%2C300 1.5x, https:\/\/i0.wp.com\/vincentians.com\/es\/wp-content\/uploads\/sites\/11\/2023\/08\/aa.jpeg?fit=1152%2C648&ssl=1&resize=700%2C400 2x, https:\/\/i0.wp.com\/vincentians.com\/es\/wp-content\/uploads\/sites\/11\/2023\/08\/aa.jpeg?fit=1152%2C648&ssl=1&resize=1050%2C600 3x"},"classes":[]},{"id":127029,"url":"https:\/\/vincentians.com\/es\/la-direccion-de-la-compania\/","url_meta":{"origin":52240,"position":3},"title":"La direcci\u00f3n de la Compa\u00f1\u00eda","author":"Mitxel Olabu\u00e9naga","date":"12\/01\/2024","format":false,"excerpt":"De nuevo, en Par\u00eds El 24 de febrero, Luisa se puso en camino hacia Par\u00eds. Trayecto pesado y largo de va\u00adrios d\u00edas. El se\u00f1or Abad de Vaux le prest\u00f3 su carroza; Luisa estaba d\u00e9bil y quer\u00eda seguir los consejos que le hab\u00eda dado el se\u00f1or Vicente de no volver por\u2026","rel":"","context":"En \u00abHistoria de las Hijas de la Caridad\u00bb","block_context":{"text":"Historia de las Hijas de la Caridad","link":"https:\/\/vincentians.com\/es\/category\/historia-de-la-familia-vicenciana\/historia-de-las-hijas-de-la-caridad\/"},"img":{"alt_text":"","src":"https:\/\/i0.wp.com\/vincentians.com\/es\/wp-content\/uploads\/sites\/11\/2013\/04\/hijas-caridaqd.jpg?fit=1200%2C675&ssl=1&resize=350%2C200","width":350,"height":200,"srcset":"https:\/\/i0.wp.com\/vincentians.com\/es\/wp-content\/uploads\/sites\/11\/2013\/04\/hijas-caridaqd.jpg?fit=1200%2C675&ssl=1&resize=350%2C200 1x, https:\/\/i0.wp.com\/vincentians.com\/es\/wp-content\/uploads\/sites\/11\/2013\/04\/hijas-caridaqd.jpg?fit=1200%2C675&ssl=1&resize=525%2C300 1.5x, https:\/\/i0.wp.com\/vincentians.com\/es\/wp-content\/uploads\/sites\/11\/2013\/04\/hijas-caridaqd.jpg?fit=1200%2C675&ssl=1&resize=700%2C400 2x, https:\/\/i0.wp.com\/vincentians.com\/es\/wp-content\/uploads\/sites\/11\/2013\/04\/hijas-caridaqd.jpg?fit=1200%2C675&ssl=1&resize=1050%2C600 3x"},"classes":[]},{"id":114848,"url":"https:\/\/vincentians.com\/es\/vicente-de-paul-carta-1014-lamberto-aux-couteaux-a-san-vicente\/","url_meta":{"origin":52240,"position":4},"title":"Vicente de Pa\u00fal, Carta 1014: Lamberto Aux Couteaux A San Vicente","author":"Francisco Javier Fern\u00e1ndez Chento","date":"25\/11\/2012","format":false,"excerpt":"Nantes, 26 julio 1647. Padre: \u00a1Su bendici\u00f3n, por favor! Estamos a punto de partir de Nantes, despu\u00e9s de haber hecho todas las cosas que le voy a explicar. Puedo asegurarle que nuestras hermanas han estado muy agitadas; ciertamente, si han cometido algunas faltillas, la Providencia de Dios las ha puesto\u2026","rel":"","context":"En \u00abEscritos de Vicente de Pa\u00fal\u00bb","block_context":{"text":"Escritos de Vicente de Pa\u00fal","link":"https:\/\/vincentians.com\/es\/category\/escritos\/escritos-de-vicente-de-paul\/"},"img":{"alt_text":"","src":"https:\/\/i0.wp.com\/vincentians.com\/es\/wp-content\/uploads\/sites\/11\/2016\/07\/escritos-vicente-de-paul.jpg?fit=1200%2C630&ssl=1&resize=350%2C200","width":350,"height":200,"srcset":"https:\/\/i0.wp.com\/vincentians.com\/es\/wp-content\/uploads\/sites\/11\/2016\/07\/escritos-vicente-de-paul.jpg?fit=1200%2C630&ssl=1&resize=350%2C200 1x, https:\/\/i0.wp.com\/vincentians.com\/es\/wp-content\/uploads\/sites\/11\/2016\/07\/escritos-vicente-de-paul.jpg?fit=1200%2C630&ssl=1&resize=525%2C300 1.5x, https:\/\/i0.wp.com\/vincentians.com\/es\/wp-content\/uploads\/sites\/11\/2016\/07\/escritos-vicente-de-paul.jpg?fit=1200%2C630&ssl=1&resize=700%2C400 2x, https:\/\/i0.wp.com\/vincentians.com\/es\/wp-content\/uploads\/sites\/11\/2016\/07\/escritos-vicente-de-paul.jpg?fit=1200%2C630&ssl=1&resize=1050%2C600 3x"},"classes":[]},{"id":128959,"url":"https:\/\/vincentians.com\/es\/el-gran-hospital-de-angers\/","url_meta":{"origin":52240,"position":5},"title":"El gran hospital de Angers","author":"Francisco Javier Fern\u00e1ndez Chento","date":"13\/05\/2025","format":false,"excerpt":"Males de la comunidad Entre 1640 y 1644, Luisa sinti\u00f3 miedo por la comunidad de Angers que con tanta ilu\u00adsi\u00f3n hab\u00eda ido a fundar ella misma. Le llegaban noticias desalentadoras. A veces, eran de\u00adcisiones de los administradores que tanto ellos como la gente consideraban insignifican\u00adtes, pero que a Luisa la\u2026","rel":"","context":"En \u00abFormaci\u00f3n Vicenciana\u00bb","block_context":{"text":"Formaci\u00f3n Vicenciana","link":"https:\/\/vincentians.com\/es\/category\/formacion-vicenciana\/"},"img":{"alt_text":"","src":"https:\/\/i0.wp.com\/vincentians.com\/es\/wp-content\/uploads\/sites\/11\/2013\/04\/Cuba4.png?fit=1200%2C715&ssl=1&resize=350%2C200","width":350,"height":200,"srcset":"https:\/\/i0.wp.com\/vincentians.com\/es\/wp-content\/uploads\/sites\/11\/2013\/04\/Cuba4.png?fit=1200%2C715&ssl=1&resize=350%2C200 1x, https:\/\/i0.wp.com\/vincentians.com\/es\/wp-content\/uploads\/sites\/11\/2013\/04\/Cuba4.png?fit=1200%2C715&ssl=1&resize=525%2C300 1.5x, https:\/\/i0.wp.com\/vincentians.com\/es\/wp-content\/uploads\/sites\/11\/2013\/04\/Cuba4.png?fit=1200%2C715&ssl=1&resize=700%2C400 2x, https:\/\/i0.wp.com\/vincentians.com\/es\/wp-content\/uploads\/sites\/11\/2013\/04\/Cuba4.png?fit=1200%2C715&ssl=1&resize=1050%2C600 3x"},"classes":[]}],"_links":{"self":[{"href":"https:\/\/vincentians.com\/es\/wp-json\/wp\/v2\/posts\/52240","targetHints":{"allow":["GET"]}}],"collection":[{"href":"https:\/\/vincentians.com\/es\/wp-json\/wp\/v2\/posts"}],"about":[{"href":"https:\/\/vincentians.com\/es\/wp-json\/wp\/v2\/types\/post"}],"author":[{"embeddable":true,"href":"https:\/\/vincentians.com\/es\/wp-json\/wp\/v2\/users\/4"}],"replies":[{"embeddable":true,"href":"https:\/\/vincentians.com\/es\/wp-json\/wp\/v2\/comments?post=52240"}],"version-history":[{"count":0,"href":"https:\/\/vincentians.com\/es\/wp-json\/wp\/v2\/posts\/52240\/revisions"}],"wp:featuredmedia":[{"embeddable":true,"href":"https:\/\/vincentians.com\/es\/wp-json\/"}],"wp:attachment":[{"href":"https:\/\/vincentians.com\/es\/wp-json\/wp\/v2\/media?parent=52240"}],"wp:term":[{"taxonomy":"category","embeddable":true,"href":"https:\/\/vincentians.com\/es\/wp-json\/wp\/v2\/categories?post=52240"},{"taxonomy":"post_tag","embeddable":true,"href":"https:\/\/vincentians.com\/es\/wp-json\/wp\/v2\/tags?post=52240"}],"curies":[{"name":"wp","href":"https:\/\/api.w.org\/{rel}","templated":true}]}}