{"id":51277,"date":"2019-10-17T08:51:29","date_gmt":"2019-10-17T06:51:29","guid":{"rendered":"http:\/\/somos.vicencianos.org\/blog\/2011\/10\/formacion-musical-de-vicente-de-paul\/"},"modified":"2019-09-09T09:27:57","modified_gmt":"2019-09-09T07:27:57","slug":"formacion-musical-de-vicente-de-paul","status":"publish","type":"post","link":"https:\/\/vincentians.com\/es\/formacion-musical-de-vicente-de-paul\/","title":{"rendered":"Formaci\u00f3n musical de Vicente de Pa\u00fal"},"content":{"rendered":"<p>En la vida de Vicente encontramos hechos que ponen de manifiesto su formaci\u00f3n en el canto lit\u00fargico: canta tan de\u00advotamente que suscita la conversi\u00f3n, y ense\u00f1a el canto para que la asamblea participe en los Oficios lit\u00fargicos. He aqu\u00ed el primer relato del mismo Vicente en la versi\u00f3n castellana que presenta el P. I\u00f1igo:<\/p>\n<p>\u00abExiste en la vida de Vicente un episodio con aire de aven\u00adtura. Es la cautividad del Santo en Berber\u00eda. Vicente, cautivo de los turcos, es llevado a Berber\u00eda y vendido a un pescador para despu\u00e9s pasar a manos de un viejo \u00abm\u00e9dico espag\u00edrico, soberano quintaesencista que hab\u00eda trabajado cincuenta a\u00f1os buscando la piedra filosofal\u00bb. Un sobrino suyo lo vendi\u00f3 \u00falti\u00admamente a un renegado de Niza. Ten\u00eda este renegado tres mu\u00adjeres y una de ellas fue el instrumento de que Dios se vali\u00f3 para volver al renegado al buen camino y darle a \u00e9l la libertad. As\u00ed lo cuenta el Santo: \u00abTen\u00eda esta mujer curiosidad por cono\u00adcer nuestra manera de vivir y ven\u00eda a verme todos los d\u00edas a los campos donde yo trabajaba haciendo zanjas y me rog\u00f3 por \u00faltimo que cantara las alabanzas de Dios. El recuerdo del &#8216;Quomodo cantabimus in terra aliena&#8217;, de los hijos de Israel, cautivos en Babilonia, me oblig\u00f3 a entonar con l\u00e1grimas en los ojos el salmo &#8216;Super fl\u00famina Babylonis&#8217; y despu\u00e9s la &#8216;Salve Regina&#8217; y muchas otras cosas m\u00e1s\u00bb.<span id='easy-footnote-1-51277' class='easy-footnote-margin-adjust'><\/span><span class='easy-footnote'><a href='https:\/\/vincentians.com\/es\/formacion-musical-de-vicente-de-paul\/#easy-footnote-bottom-1-51277' title='COSTE, I, 1-17. I\u00d1IGO, &lt;em&gt;S. Vicente de Pa\u00fal y la M\u00fasica Sagrada, &lt;\/em&gt;en Tesoro Sacro Musical, julio-agosto 1962, 69.'><sup>1<\/sup><\/a><\/span>\n<p>En el curato de Clichy Vicente celebraba los Oficios lit\u00far\u00adgicos con gran solemnidad y numerosa asistencia de fieles. En su vejez recordaba emocionado lo bien que salmodiaban las \u00abv\u00edsperas\u00bb sus feligreses: \u00abCuando yo me vi en mi parroquia, no sab\u00eda c\u00f3mo arregl\u00e1rmelas para cantar, mientras que con admiraci\u00f3n o\u00eda c\u00f3mo aquellos campesinos entonaban los sal\u00admos sin fallar una nota. Y yo me dec\u00eda: t\u00fa que eres su padre espiritual no sabes hacerlo y me aflig\u00eda\u00bb.<span id='easy-footnote-2-51277' class='easy-footnote-margin-adjust'><\/span><span class='easy-footnote'><a href='https:\/\/vincentians.com\/es\/formacion-musical-de-vicente-de-paul\/#easy-footnote-bottom-2-51277' title='COSTE, XII, 332.'><sup>2<\/sup><\/a><\/span> Vicente, pese a este acto de humildad, supo mantener el esplendor del culto y del canto. La entrega apost\u00f3lica en Clichy le fue provechosa: al m\u00e9rito de saber continuar la l\u00ednea de sus predecesores, se en\u00adriqueci\u00f3 con el magisterio de su d\u00f3cil feligres\u00eda, que le des\u00adcubri\u00f3 la fuerza del canto como oraci\u00f3n y como apostolado.<\/p>\n<p>Ser\u00eda pretencioso por estos sencillos datos querer afirmar las dotes de Vicente para el canto como singulares. S\u00f3lo indi\u00adcan un buen natural y si se quiere una vivencia, que presupone un aprendizaje ya asimilado del canto lit\u00fargico, y quiz\u00e1s unas buenas aptitudes como pedagogo.<\/p>\n<p>Sus escritos probar\u00e1n en el cap\u00edtulo d\u00e9cimo sus dotes de un gran ANIMADOR del canto lit\u00fargico, sea en la comunidad, sea en la ense\u00f1anza en los seminarios, retiros a Ordenandos&#8230; Por otra parte tenemos el testimonio de sus misioneros que afirman el bien salmodiar y cantar de Vicente en los Oficios y en la Misa cantada, a quienes dejaba admirados.<span id='easy-footnote-3-51277' class='easy-footnote-margin-adjust'><\/span><span class='easy-footnote'><a href='https:\/\/vincentians.com\/es\/formacion-musical-de-vicente-de-paul\/#easy-footnote-bottom-3-51277' title='Ibid., 326-27.'><sup>3<\/sup><\/a><\/span>\n<p>\u00bfD\u00f3nde aprendi\u00f3 Vicente el canto lit\u00fargico, el llamado Gregoriano?<\/p>\n<p>Desde luego la falta de datos precisos nos obliga a suponer los momentos y los lugares o ambientes donde pudo aprender y gustar el canto. Los bi\u00f3grafos colorean los primeros a\u00f1os de la vida de Vicente con canciones dirigidas a Nuestra Se\u00f1ora de la Buglosa. Se supone que de labios de su madre, Beltrana de Moras, aprender\u00eda las primeras oraciones y las primeras notas de la \u00abSalve\u00bb. Estas afirmaciones pueden se\u00f1alar las iniciales aptitudes hacia el canto, nada m\u00e1s. En los internados, m\u00e1xime bajo la tutela de los PP. Franciscanos, se instru\u00eda a los cole\u00adgiales en esta disciplina. Es posible que durante la estancia con los PP. Franciscanos llegara a saborear no s\u00f3lo las sencillas melod\u00edas del Kyrial y las ant\u00edfonas marianas, sino tambi\u00e9n la salmodia de las V\u00edsperas. Sobre qu\u00e9 materias estudiaba Vi\u00adcente en su estancia en Dax no nos dan noticias los bi\u00f3grafos, ni siquiera Coste, que es el m\u00e1s documentado. El P. Herrera habla del <em>Trivium <\/em>y el <em>Quadrivium, <\/em>que inclu\u00eda el aprendi\u00adzaje de la m\u00fasica. De los a\u00f1os pasados en la Universidad nada nos puede orientar en orden a una formaci\u00f3n especial sobre esta disciplina. En casi todas las universidades se ense\u00f1aba m\u00fasica, \u00bfpero en qu\u00e9 facultad?: en Artes.<span id='easy-footnote-4-51277' class='easy-footnote-margin-adjust'><\/span><span class='easy-footnote'><a href='https:\/\/vincentians.com\/es\/formacion-musical-de-vicente-de-paul\/#easy-footnote-bottom-4-51277' title='Cf. HERRERA, op. cit., cap. II.'><sup>4<\/sup><\/a><\/span>\n<p>El primer contacto serio con el canto lit\u00fargico y las gran\u00addes celebraciones lo tiene en el ambiente del Oratorio. En este ambiente hay que situar, no tanto el aprendizaje, cuanto el gusto y el entusiasmo por la entera liturgia bien realizada. La marcha a Clichy se realiza despu\u00e9s de haber gustado el retiro con Pedro B\u00e9rulle. Desde 1608 en que Vicente se acerca a Par\u00eds, frecuenta el grupo que dirige B\u00e9rulle, al principio como miembro asiduo, luego se ir\u00e1 alejando por las exigencias de la propia misi\u00f3n, pero nunca abandona la amistad y el inter\u00adcambio pastoral y espiritual entre los miembros de las futuras congregaciones.<span id='easy-footnote-5-51277' class='easy-footnote-margin-adjust'><\/span><span class='easy-footnote'><a href='https:\/\/vincentians.com\/es\/formacion-musical-de-vicente-de-paul\/#easy-footnote-bottom-5-51277' title='HOUSSAYE, &lt;em&gt;Pierre de B\u00e9rulle, &lt;\/em&gt;II, 21 ss.'><sup>5<\/sup><\/a><\/span>\n<p>En el Oratorio surgi\u00f3 un coro, amaestrado por un can\u00f3nigo de P\u00e9ronne, antiguo primer maestro de m\u00fasica del rey. A \u00e9ste se le agreg\u00f3 muy pronto el P. Bourgoing, hom\u00f3nimo de aquel a quien sustituy\u00f3 Vicente en Clichy y que ser\u00eda tercer superior general del Oratorio. A sugerimiento de B\u00e9rulle el can\u00f3nigo pu\u00adso m\u00fasica a diversas partes del Oficio: v\u00edsperas, completas, as\u00ed como a las letan\u00edas del Se\u00f1or y de la Virgen y a textos para-lit\u00fargicos. Se quer\u00eda copiar el ambiente del Oratorio romano de Felipe Neri. El coro creado por el can\u00f3nigo de P\u00e9ronne lo formaban voces masculinas, hombres y ni\u00f1os, m\u00e1s una pe\u00adque\u00f1a orquesta de bajos y violas. La \u00abcantor\u00eda ya en simple gregoriano, ya alternando \u00e9ste con la polifon\u00eda, se un\u00edan a la asamblea, formada \u00e9sta a su vez por los miembros del Orato\u00adrio y la feligres\u00eda. La capilla real y la del duque de Nevers, con\u00adsideradas las mejores de Par\u00eds y del Reino, acud\u00edan a la Igle\u00adsia del Oratorio e interven\u00edan en los Oficios y celebraciones lit\u00fargicas. Se hizo popular en Par\u00eds el llamar a los disc\u00edpulos de Pedro B\u00e9rulle \u00ablos padres del buen canto\u00bb.<span id='easy-footnote-6-51277' class='easy-footnote-margin-adjust'><\/span><span class='easy-footnote'><a href='https:\/\/vincentians.com\/es\/formacion-musical-de-vicente-de-paul\/#easy-footnote-bottom-6-51277' title='Idem., op. cit., 133-34.'><sup>6<\/sup><\/a><\/span>\n<p>\u00bfQu\u00e9 canto lit\u00fargico se interpretaba en el Oratorio? El his\u00adtoriador J. Combarieu se\u00f1ala que en el siglo xvII el cardenal B\u00e9rulle y en general los Oratorianos favorecieron el canto-llano, suprimiendo \u00abla superficialidad de los largos melismas y abandonando el principio de la igualdad de las notas\u00bb.<span id='easy-footnote-7-51277' class='easy-footnote-margin-adjust'><\/span><span class='easy-footnote'><a href='https:\/\/vincentians.com\/es\/formacion-musical-de-vicente-de-paul\/#easy-footnote-bottom-7-51277' title='COMBARIEU, &lt;em&gt;Histoire de la musique, des origines au d\u00e9but du XX si\u00e9cle, &lt;\/em&gt;I, 538.'><sup>7<\/sup><\/a><\/span> En la mutilaci\u00f3n de los melismas no hac\u00edan otra cosa que conti\u00adnuar el camino se\u00f1alado por la desdichada edici\u00f3n \u00abMedicea\u00bb.<\/p>\n<p>Se sabe que el P. Bourgoing estamp\u00f3 en Par\u00eds, en 1634, su <em>Brevis psalmodiae ratio ad usum presbyterorum congregatio\u00adnis Oratorii. <\/em>Presenta melod\u00edas mutiladas y libres de todo me\u00adlisma superficial. El P. Ernetti dice que tales melod\u00edas fueron reducidas hasta tal punto de no reconocerse si se las confronta con los originales.<span id='easy-footnote-8-51277' class='easy-footnote-margin-adjust'><\/span><span class='easy-footnote'><a href='https:\/\/vincentians.com\/es\/formacion-musical-de-vicente-de-paul\/#easy-footnote-bottom-8-51277' title='ERNETTI, Il &lt;em&gt;Canto Gregoriano, &lt;\/em&gt;211.'><sup>8<\/sup><\/a><\/span> No creamos, por otra parte, que tal pr\u00e1c\u00adtica era privativa del Oratorio: toda la Iglesia adolec\u00eda de este grave mal. Baste citar el decreto de la Congregaci\u00f3n de Ritos en tiempos del Papa Urbano VIII, o la constituci\u00f3n <em>Piae solli\u00adcitudinis studio <\/em>de Alejandro VII.<span id='easy-footnote-9-51277' class='easy-footnote-margin-adjust'><\/span><span class='easy-footnote'><a href='https:\/\/vincentians.com\/es\/formacion-musical-de-vicente-de-paul\/#easy-footnote-bottom-9-51277' title='ROMITA, op. cit., 77 ss.'><sup>9<\/sup><\/a><\/span>\n<p>Vicente acepta el canto lit\u00fargico tal como lo encuentra en el ambiente en el que vive: con aquel car\u00e1cter popular que la polifon\u00eda le hab\u00eda dado. Entre el canto lit\u00fargico que presentaba la edici\u00f3n \u00abMedicea\u00bb y el que se cantaba en el Oratorio habr\u00eda poca diferencia: ambos llevaban las huellas de la decadencia y la mutilaci\u00f3n. \u00bfQu\u00e9 norma adoptar\u00eda Vicente al ense\u00f1ar el canto en su curato de Clichy, en las misiones, en los semina\u00adrios&#8230;? Sin duda es deudor a la ense\u00f1anza de los primeros estudios, pero principalmente a la irradiada por el Oratorio y, en particular, a la pr\u00e1ctica seguida por el P. Bourgoing, a quien sin duda Vicente conoc\u00eda.<\/p>\n<p>El P. Bourgoing, en el pr\u00f3logo a su <em>Cantoral <\/em>arriba cita\u00addo, daba las normas para una cantilaci\u00f3n devota y correcta, al mismo tiempo se\u00f1alaba la pr\u00e1ctica de mutilaci\u00f3n y saqueo que \u00e9l mismo hab\u00eda realizado, siguiendo la costumbre de la \u00e9poca. No es finalidad de este trabajo juzgar ni la pureza del canto lit\u00fargico utilizado ni su forma de interpretaci\u00f3n: problemas a\u00fan no resueltos.<\/p>\n<p>As\u00ed nos cuenta el P. Bourgoing, en la presentaci\u00f3n de su <em>Cantoral, <\/em>la pr\u00e1ctica seguida por \u00e9l cuando estaba al frente del coro del Oratorio: \u00abSeguimos en el canto una manera particular de cantar, sencilla, exacta y breve, omitiendo los largos melismas. No es el canto, en otro tiempo estimado por nosotros, que se ha adue\u00f1ado de las catedrales y parroquias.<\/p>\n<p>Por amor a la brevedad lo hemos sometido a medida en cuanto era posible, acomodando el texto seg\u00fan los acentos, y lo hemos hecho para que la mente de los que oyen y cantan tributen un verdadero culto a Dios\u00bb.<span id='easy-footnote-10-51277' class='easy-footnote-margin-adjust'><\/span><span class='easy-footnote'><a href='https:\/\/vincentians.com\/es\/formacion-musical-de-vicente-de-paul\/#easy-footnote-bottom-10-51277' title='ERNETTI, op. cit., 211, en nota: \u00abIn cantu morem nostrum can\u00adtandi simplicem exactum et brevem secuti sumus, omissa illa notarum multiplicitate; non cantus in ecclesiis, tum cathedralibus tum parochiali\u00adbus usurpari soliti fastidiosi contemptores effecti (illum quippe imprimis veneramur) sed brevitatis amatores ab omnibus desiderari audimus, commensurabimus quantum fieri potest textum cantui, syllabasque notis quantitate adaequavimus, ut unum alteri sufragetur et utrumque cons\u00adpirent ad colligendos in Dei cultura tum auditorum tum cantantium ani\u00admos\u00bb.'><sup>10<\/sup><\/a><\/span>\n<p>El texto es muy interesante para la historia del gregoriano: c\u00f3mo se lo mutilaba en el deseo de abreviarlo, se lo somet\u00eda a la \u00abmedida\u00bb \u2014comp\u00e1s\u2014, se adaptaba al texto por exigencias del acento de las s\u00edlabas. Se hace la distinci\u00f3n entre el canto de las catedrales, donde se alternaba el simple gregoriano con la polifon\u00eda, y el sencillo que adopta en el \u00abcantoral\u00bb. El eco del Concilio resuena en las \u00faltimas palabras: \u00abque el canto sus\u00adcite en los que lo escuchan o lo interpretan el culto a Dios\u00bb.<\/p>\n<p>Es de suponer que Vicente adoptar\u00eda el \u00abcantoral\u00bb para los seminarios. La suposici\u00f3n se puede fundamentar en este hecho: que la edici\u00f3n aparece cuando se pone en marcha la obra de los seminarios, y no hab\u00eda otra cosa m\u00e1s a mano. Como dice el mismo pr\u00f3logo del \u00abcantoral\u00bb ahora se prefiere el canto sen\u00adcillo, buscando la brevedad, pero que al mismo tiempo mueva al que lo escucha y lo canta a un verdadero culto a Dios. Es de notar c\u00f3mo este pensamiento es familiar a Vicente: en una \u00e9poca en la que no se sent\u00eda, como esencial, la participaci\u00f3n ex\u00adterna de la asamblea por la respuesta o por el canto, conven\u00eda que el rito se hiciera con tal uniformidad, y solemnidad que despertara el sentido de lo divino. Vicente era consciente del silencio de la asamblea, y por esto exigir\u00e1 la gravedad del cul\u00adto a trav\u00e9s de la uniformidad de las ceremonias y de la prepa\u00adraci\u00f3n del canto.<\/p>\n<p>Vicente cuando habla del canto lit\u00fargico se refiere al grego\u00adriano y as\u00ed lo cita en la Reglas (c. X, art. 5). En aquella \u00e9poca al gregoriano se lo llamaba \u00abcanto-llano\u00bb, sometido al sistema mensuralista, que no era otro que aquel que se cantaba en las parroquias rurales y peque\u00f1as abad\u00edas y monasterios, libera\u00addos, m\u00e1s por necesidad que por deseo, de la polifon\u00eda. Vicente conoc\u00eda el canto de estos centros: en 1610 obtuvo el beneficio de Abad comendador de S. Leonardo, en la di\u00f3cesis de Saintes; al tomar posesi\u00f3n del priorato de San L\u00e1zaro acud\u00eda a coro con los can\u00f3nigos.<span id='easy-footnote-11-51277' class='easy-footnote-margin-adjust'><\/span><span class='easy-footnote'><a href='https:\/\/vincentians.com\/es\/formacion-musical-de-vicente-de-paul\/#easy-footnote-bottom-11-51277' title='Cf. HERRERA, op. cit., 72 y 161-68.'><sup>11<\/sup><\/a><\/span>\n<p>De la conferencia del 26 de septiembre de 1659 se puede concretar que Vicente recibi\u00f3 un impacto al escuchar la sal\u00admodio de sus feligreses de Clichy. \u00bfQui\u00e9n los amaestr\u00f3? Dir\u00e1 que la \u00abgracia y desenvoltura de aquellos feligreses en saber cantar tan bien se debi\u00f3 a que tuvieron buenos maestros\u00bb (XII, 339).<\/p>\n","protected":false},"excerpt":{"rendered":"<p>En la vida de Vicente encontramos hechos que ponen de manifiesto su formaci\u00f3n en el canto lit\u00fargico: canta tan de\u00advotamente que suscita la conversi\u00f3n, y ense\u00f1a el canto para que la asamblea participe en los &#8230; <a href=\"https:\/\/vincentians.com\/es\/formacion-musical-de-vicente-de-paul\/\" class=\"more-link\">Read More<\/a><\/p>\n","protected":false},"author":4,"featured_media":401291,"comment_status":"open","ping_status":"open","sticky":false,"template":"","format":"standard","meta":{"jetpack_post_was_ever_published":false,"_jetpack_newsletter_access":"","_jetpack_dont_email_post_to_subs":false,"_jetpack_newsletter_tier_id":0,"_jetpack_memberships_contains_paywalled_content":false,"_jetpack_memberships_contains_paid_content":false,"footnotes":"","jetpack_publicize_message":"","jetpack_publicize_feature_enabled":true,"jetpack_social_post_already_shared":true,"jetpack_social_options":{"image_generator_settings":{"template":"highway","default_image_id":0,"font":"","enabled":false},"version":2}},"categories":[5],"tags":[148,143,129],"class_list":["post-51277","post","type-post","status-publish","format-standard","has-post-thumbnail","hentry","category-vicente-de-paul","tag-clichy","tag-san-lazaro","tag-urbano-viii"],"yoast_head":"<!-- This site is optimized with the Yoast SEO plugin v26.3 - https:\/\/yoast.com\/wordpress\/plugins\/seo\/ -->\n<title>Formaci\u00f3n musical de Vicente de Pa\u00fal - Somos Vicencianos<\/title>\n<meta name=\"robots\" content=\"index, follow, max-snippet:-1, max-image-preview:large, max-video-preview:-1\" \/>\n<link rel=\"canonical\" href=\"https:\/\/vincentians.com\/es\/formacion-musical-de-vicente-de-paul\/\" \/>\n<meta property=\"og:locale\" content=\"es_ES\" \/>\n<meta property=\"og:type\" content=\"article\" \/>\n<meta property=\"og:title\" content=\"Formaci\u00f3n musical de Vicente de Pa\u00fal - Somos Vicencianos\" \/>\n<meta property=\"og:description\" content=\"En la vida de Vicente encontramos hechos que ponen de manifiesto su formaci\u00f3n en el canto lit\u00fargico: canta tan de\u00advotamente que suscita la conversi\u00f3n, y ense\u00f1a el canto para que la asamblea participe en los ... Read More\" \/>\n<meta property=\"og:url\" content=\"https:\/\/vincentians.com\/es\/formacion-musical-de-vicente-de-paul\/\" \/>\n<meta property=\"og:site_name\" content=\"Somos Vicencianos\" \/>\n<meta property=\"article:publisher\" content=\"https:\/\/www.facebook.com\/WeAreVincentians\/\" \/>\n<meta property=\"article:author\" content=\"https:\/\/www.facebook.com\/JavierChento\" \/>\n<meta property=\"article:published_time\" content=\"2019-10-17T06:51:29+00:00\" \/>\n<meta property=\"og:image\" content=\"https:\/\/i0.wp.com\/vincentians.com\/es\/wp-content\/uploads\/sites\/11\/2017\/09\/San-Vicente-11.jpg?fit=900%2C500&ssl=1\" \/>\n\t<meta property=\"og:image:width\" content=\"900\" \/>\n\t<meta property=\"og:image:height\" content=\"500\" \/>\n\t<meta property=\"og:image:type\" content=\"image\/jpeg\" \/>\n<meta name=\"author\" content=\"Francisco Javier Fern\u00e1ndez Chento\" \/>\n<meta name=\"twitter:card\" content=\"summary_large_image\" \/>\n<meta name=\"twitter:creator\" content=\"@https:\/\/twitter.com\/javierchento\" \/>\n<meta name=\"twitter:site\" content=\"@WeVincentians\" \/>\n<meta name=\"twitter:label1\" content=\"Escrito por\" \/>\n\t<meta name=\"twitter:data1\" content=\"Francisco Javier Fern\u00e1ndez Chento\" \/>\n\t<meta name=\"twitter:label2\" content=\"Tiempo de lectura\" \/>\n\t<meta name=\"twitter:data2\" content=\"11 minutos\" \/>\n<script type=\"application\/ld+json\" class=\"yoast-schema-graph\">{\"@context\":\"https:\/\/schema.org\",\"@graph\":[{\"@type\":\"Article\",\"@id\":\"https:\/\/vincentians.com\/es\/formacion-musical-de-vicente-de-paul\/#article\",\"isPartOf\":{\"@id\":\"https:\/\/vincentians.com\/es\/formacion-musical-de-vicente-de-paul\/\"},\"author\":{\"name\":\"Francisco Javier Fern\u00e1ndez Chento\",\"@id\":\"http:\/\/vincentians.com\/es\/#\/schema\/person\/9623ef4d9aa3b2dfb8c061f1499288f2\"},\"headline\":\"Formaci\u00f3n musical de Vicente de Pa\u00fal\",\"datePublished\":\"2019-10-17T06:51:29+00:00\",\"mainEntityOfPage\":{\"@id\":\"https:\/\/vincentians.com\/es\/formacion-musical-de-vicente-de-paul\/\"},\"wordCount\":2184,\"commentCount\":0,\"publisher\":{\"@id\":\"http:\/\/vincentians.com\/es\/#organization\"},\"image\":{\"@id\":\"https:\/\/vincentians.com\/es\/formacion-musical-de-vicente-de-paul\/#primaryimage\"},\"thumbnailUrl\":\"https:\/\/i0.wp.com\/vincentians.com\/es\/wp-content\/uploads\/sites\/11\/2017\/09\/San-Vicente-11.jpg?fit=900%2C500&ssl=1\",\"keywords\":[\"Clichy\",\"San L\u00e1zaro\",\"Urbano VIII\"],\"articleSection\":[\"Vicente de Pa\u00fal\"],\"inLanguage\":\"es\",\"potentialAction\":[{\"@type\":\"CommentAction\",\"name\":\"Comment\",\"target\":[\"https:\/\/vincentians.com\/es\/formacion-musical-de-vicente-de-paul\/#respond\"]}]},{\"@type\":\"WebPage\",\"@id\":\"https:\/\/vincentians.com\/es\/formacion-musical-de-vicente-de-paul\/\",\"url\":\"https:\/\/vincentians.com\/es\/formacion-musical-de-vicente-de-paul\/\",\"name\":\"Formaci\u00f3n musical de Vicente de Pa\u00fal - Somos Vicencianos\",\"isPartOf\":{\"@id\":\"http:\/\/vincentians.com\/es\/#website\"},\"primaryImageOfPage\":{\"@id\":\"https:\/\/vincentians.com\/es\/formacion-musical-de-vicente-de-paul\/#primaryimage\"},\"image\":{\"@id\":\"https:\/\/vincentians.com\/es\/formacion-musical-de-vicente-de-paul\/#primaryimage\"},\"thumbnailUrl\":\"https:\/\/i0.wp.com\/vincentians.com\/es\/wp-content\/uploads\/sites\/11\/2017\/09\/San-Vicente-11.jpg?fit=900%2C500&ssl=1\",\"datePublished\":\"2019-10-17T06:51:29+00:00\",\"breadcrumb\":{\"@id\":\"https:\/\/vincentians.com\/es\/formacion-musical-de-vicente-de-paul\/#breadcrumb\"},\"inLanguage\":\"es\",\"potentialAction\":[{\"@type\":\"ReadAction\",\"target\":[\"https:\/\/vincentians.com\/es\/formacion-musical-de-vicente-de-paul\/\"]}]},{\"@type\":\"ImageObject\",\"inLanguage\":\"es\",\"@id\":\"https:\/\/vincentians.com\/es\/formacion-musical-de-vicente-de-paul\/#primaryimage\",\"url\":\"https:\/\/i0.wp.com\/vincentians.com\/es\/wp-content\/uploads\/sites\/11\/2017\/09\/San-Vicente-11.jpg?fit=900%2C500&ssl=1\",\"contentUrl\":\"https:\/\/i0.wp.com\/vincentians.com\/es\/wp-content\/uploads\/sites\/11\/2017\/09\/San-Vicente-11.jpg?fit=900%2C500&ssl=1\",\"width\":900,\"height\":500},{\"@type\":\"BreadcrumbList\",\"@id\":\"https:\/\/vincentians.com\/es\/formacion-musical-de-vicente-de-paul\/#breadcrumb\",\"itemListElement\":[{\"@type\":\"ListItem\",\"position\":1,\"name\":\"Portada\",\"item\":\"http:\/\/vincentians.com\/es\/\"},{\"@type\":\"ListItem\",\"position\":2,\"name\":\"Formaci\u00f3n musical de Vicente de Pa\u00fal\"}]},{\"@type\":\"WebSite\",\"@id\":\"http:\/\/vincentians.com\/es\/#website\",\"url\":\"http:\/\/vincentians.com\/es\/\",\"name\":\"Somos Vicencianos\",\"description\":\"Know more to serve more\",\"publisher\":{\"@id\":\"http:\/\/vincentians.com\/es\/#organization\"},\"potentialAction\":[{\"@type\":\"SearchAction\",\"target\":{\"@type\":\"EntryPoint\",\"urlTemplate\":\"http:\/\/vincentians.com\/es\/?s={search_term_string}\"},\"query-input\":{\"@type\":\"PropertyValueSpecification\",\"valueRequired\":true,\"valueName\":\"search_term_string\"}}],\"inLanguage\":\"es\"},{\"@type\":\"Organization\",\"@id\":\"http:\/\/vincentians.com\/es\/#organization\",\"name\":\"The Vincentian Network\",\"url\":\"http:\/\/vincentians.com\/es\/\",\"logo\":{\"@type\":\"ImageObject\",\"inLanguage\":\"es\",\"@id\":\"http:\/\/vincentians.com\/es\/#\/schema\/logo\/image\/\",\"url\":\"https:\/\/i1.wp.com\/vincentians.com\/es\/wp-content\/uploads\/sites\/11\/2016\/06\/Vincentian-Network-logo-big.png?fit=778%2C778\",\"contentUrl\":\"https:\/\/i1.wp.com\/vincentians.com\/es\/wp-content\/uploads\/sites\/11\/2016\/06\/Vincentian-Network-logo-big.png?fit=778%2C778\",\"width\":778,\"height\":778,\"caption\":\"The Vincentian Network\"},\"image\":{\"@id\":\"http:\/\/vincentians.com\/es\/#\/schema\/logo\/image\/\"},\"sameAs\":[\"https:\/\/www.facebook.com\/WeAreVincentians\/\",\"https:\/\/x.com\/WeVincentians\"]},{\"@type\":\"Person\",\"@id\":\"http:\/\/vincentians.com\/es\/#\/schema\/person\/9623ef4d9aa3b2dfb8c061f1499288f2\",\"name\":\"Francisco Javier Fern\u00e1ndez Chento\",\"image\":{\"@type\":\"ImageObject\",\"inLanguage\":\"es\",\"@id\":\"http:\/\/vincentians.com\/es\/#\/schema\/person\/image\/\",\"url\":\"https:\/\/secure.gravatar.com\/avatar\/497d5cde87b4c3d097d0315953521681ba2cd523ee66e5077c3711f7021e65de?s=96&d=mm&r=g\",\"contentUrl\":\"https:\/\/secure.gravatar.com\/avatar\/497d5cde87b4c3d097d0315953521681ba2cd523ee66e5077c3711f7021e65de?s=96&d=mm&r=g\",\"caption\":\"Francisco Javier Fern\u00e1ndez Chento\"},\"description\":\"Director General y cofundador de La Red de Formaci\u00f3n Vicenciana. Javier es laico vicenciano, afiliado a la Congregaci\u00f3n de la Misi\u00f3n y miembro del Equipo de Misiones Populares de la provincia can\u00f3nica de Zaragoza (Espa\u00f1a) de la Congregaci\u00f3n de la Misi\u00f3n. Graduado en la Universidad Oberta de Catalunya con cuatro grados (Asistente de direcci\u00f3n, Gesti\u00f3n Administrativa, Recursos Humanos y Contabilidad Avanzada). Bil\u00edng\u00fce Espa\u00f1ol\/Ingl\u00e9s. gestiona y mantiene varias p\u00e1ginas web cristianas y vicencianas, incluida including La Red de Formaci\u00f3n Vicenciana, de la que es cofundador. Actualmente es responsable del \u00e1rea de Espa\u00f1ol de .famvin, la Red de Noticias de la Familia Vicenciana. Tambi\u00e9n es m\u00fasico cat\u00f3lico y ha editado varios discos. Es Director General y cofundador de Trovador, una reconocida compa\u00f1\u00eda discogr\u00e1fica critiana de Espa\u00f1a. Trabaja en las Tecnolog\u00edas de la Informaci\u00f3n, ofreciendo servicios de alojamiento, dise\u00f1o y mantenimiento Web, as\u00ed como asesoramiento, formaci\u00f3n y soluciones inform\u00e1ticas, gesti\u00f3n documental y digitalizaci\u00f3n de textos, edici\u00f3n y maquetaci\u00f3n de libros, revistas, flyers, etc.\",\"sameAs\":[\"http:\/\/chento.org\",\"https:\/\/www.facebook.com\/JavierChento\",\"https:\/\/x.com\/https:\/\/twitter.com\/javierchento\"],\"url\":\"https:\/\/vincentians.com\/es\/author\/chento\/\"}]}<\/script>\n<!-- \/ Yoast SEO plugin. -->","yoast_head_json":{"title":"Formaci\u00f3n musical de Vicente de Pa\u00fal - Somos Vicencianos","robots":{"index":"index","follow":"follow","max-snippet":"max-snippet:-1","max-image-preview":"max-image-preview:large","max-video-preview":"max-video-preview:-1"},"canonical":"https:\/\/vincentians.com\/es\/formacion-musical-de-vicente-de-paul\/","og_locale":"es_ES","og_type":"article","og_title":"Formaci\u00f3n musical de Vicente de Pa\u00fal - Somos Vicencianos","og_description":"En la vida de Vicente encontramos hechos que ponen de manifiesto su formaci\u00f3n en el canto lit\u00fargico: canta tan de\u00advotamente que suscita la conversi\u00f3n, y ense\u00f1a el canto para que la asamblea participe en los ... Read More","og_url":"https:\/\/vincentians.com\/es\/formacion-musical-de-vicente-de-paul\/","og_site_name":"Somos Vicencianos","article_publisher":"https:\/\/www.facebook.com\/WeAreVincentians\/","article_author":"https:\/\/www.facebook.com\/JavierChento","article_published_time":"2019-10-17T06:51:29+00:00","og_image":[{"width":900,"height":500,"url":"https:\/\/i0.wp.com\/vincentians.com\/es\/wp-content\/uploads\/sites\/11\/2017\/09\/San-Vicente-11.jpg?fit=900%2C500&ssl=1","type":"image\/jpeg"}],"author":"Francisco Javier Fern\u00e1ndez Chento","twitter_card":"summary_large_image","twitter_creator":"@https:\/\/twitter.com\/javierchento","twitter_site":"@WeVincentians","twitter_misc":{"Escrito por":"Francisco Javier Fern\u00e1ndez Chento","Tiempo de lectura":"11 minutos"},"schema":{"@context":"https:\/\/schema.org","@graph":[{"@type":"Article","@id":"https:\/\/vincentians.com\/es\/formacion-musical-de-vicente-de-paul\/#article","isPartOf":{"@id":"https:\/\/vincentians.com\/es\/formacion-musical-de-vicente-de-paul\/"},"author":{"name":"Francisco Javier Fern\u00e1ndez Chento","@id":"http:\/\/vincentians.com\/es\/#\/schema\/person\/9623ef4d9aa3b2dfb8c061f1499288f2"},"headline":"Formaci\u00f3n musical de Vicente de Pa\u00fal","datePublished":"2019-10-17T06:51:29+00:00","mainEntityOfPage":{"@id":"https:\/\/vincentians.com\/es\/formacion-musical-de-vicente-de-paul\/"},"wordCount":2184,"commentCount":0,"publisher":{"@id":"http:\/\/vincentians.com\/es\/#organization"},"image":{"@id":"https:\/\/vincentians.com\/es\/formacion-musical-de-vicente-de-paul\/#primaryimage"},"thumbnailUrl":"https:\/\/i0.wp.com\/vincentians.com\/es\/wp-content\/uploads\/sites\/11\/2017\/09\/San-Vicente-11.jpg?fit=900%2C500&ssl=1","keywords":["Clichy","San L\u00e1zaro","Urbano VIII"],"articleSection":["Vicente de Pa\u00fal"],"inLanguage":"es","potentialAction":[{"@type":"CommentAction","name":"Comment","target":["https:\/\/vincentians.com\/es\/formacion-musical-de-vicente-de-paul\/#respond"]}]},{"@type":"WebPage","@id":"https:\/\/vincentians.com\/es\/formacion-musical-de-vicente-de-paul\/","url":"https:\/\/vincentians.com\/es\/formacion-musical-de-vicente-de-paul\/","name":"Formaci\u00f3n musical de Vicente de Pa\u00fal - Somos Vicencianos","isPartOf":{"@id":"http:\/\/vincentians.com\/es\/#website"},"primaryImageOfPage":{"@id":"https:\/\/vincentians.com\/es\/formacion-musical-de-vicente-de-paul\/#primaryimage"},"image":{"@id":"https:\/\/vincentians.com\/es\/formacion-musical-de-vicente-de-paul\/#primaryimage"},"thumbnailUrl":"https:\/\/i0.wp.com\/vincentians.com\/es\/wp-content\/uploads\/sites\/11\/2017\/09\/San-Vicente-11.jpg?fit=900%2C500&ssl=1","datePublished":"2019-10-17T06:51:29+00:00","breadcrumb":{"@id":"https:\/\/vincentians.com\/es\/formacion-musical-de-vicente-de-paul\/#breadcrumb"},"inLanguage":"es","potentialAction":[{"@type":"ReadAction","target":["https:\/\/vincentians.com\/es\/formacion-musical-de-vicente-de-paul\/"]}]},{"@type":"ImageObject","inLanguage":"es","@id":"https:\/\/vincentians.com\/es\/formacion-musical-de-vicente-de-paul\/#primaryimage","url":"https:\/\/i0.wp.com\/vincentians.com\/es\/wp-content\/uploads\/sites\/11\/2017\/09\/San-Vicente-11.jpg?fit=900%2C500&ssl=1","contentUrl":"https:\/\/i0.wp.com\/vincentians.com\/es\/wp-content\/uploads\/sites\/11\/2017\/09\/San-Vicente-11.jpg?fit=900%2C500&ssl=1","width":900,"height":500},{"@type":"BreadcrumbList","@id":"https:\/\/vincentians.com\/es\/formacion-musical-de-vicente-de-paul\/#breadcrumb","itemListElement":[{"@type":"ListItem","position":1,"name":"Portada","item":"http:\/\/vincentians.com\/es\/"},{"@type":"ListItem","position":2,"name":"Formaci\u00f3n musical de Vicente de Pa\u00fal"}]},{"@type":"WebSite","@id":"http:\/\/vincentians.com\/es\/#website","url":"http:\/\/vincentians.com\/es\/","name":"Somos Vicencianos","description":"Know more to serve more","publisher":{"@id":"http:\/\/vincentians.com\/es\/#organization"},"potentialAction":[{"@type":"SearchAction","target":{"@type":"EntryPoint","urlTemplate":"http:\/\/vincentians.com\/es\/?s={search_term_string}"},"query-input":{"@type":"PropertyValueSpecification","valueRequired":true,"valueName":"search_term_string"}}],"inLanguage":"es"},{"@type":"Organization","@id":"http:\/\/vincentians.com\/es\/#organization","name":"The Vincentian Network","url":"http:\/\/vincentians.com\/es\/","logo":{"@type":"ImageObject","inLanguage":"es","@id":"http:\/\/vincentians.com\/es\/#\/schema\/logo\/image\/","url":"https:\/\/i1.wp.com\/vincentians.com\/es\/wp-content\/uploads\/sites\/11\/2016\/06\/Vincentian-Network-logo-big.png?fit=778%2C778","contentUrl":"https:\/\/i1.wp.com\/vincentians.com\/es\/wp-content\/uploads\/sites\/11\/2016\/06\/Vincentian-Network-logo-big.png?fit=778%2C778","width":778,"height":778,"caption":"The Vincentian Network"},"image":{"@id":"http:\/\/vincentians.com\/es\/#\/schema\/logo\/image\/"},"sameAs":["https:\/\/www.facebook.com\/WeAreVincentians\/","https:\/\/x.com\/WeVincentians"]},{"@type":"Person","@id":"http:\/\/vincentians.com\/es\/#\/schema\/person\/9623ef4d9aa3b2dfb8c061f1499288f2","name":"Francisco Javier Fern\u00e1ndez Chento","image":{"@type":"ImageObject","inLanguage":"es","@id":"http:\/\/vincentians.com\/es\/#\/schema\/person\/image\/","url":"https:\/\/secure.gravatar.com\/avatar\/497d5cde87b4c3d097d0315953521681ba2cd523ee66e5077c3711f7021e65de?s=96&d=mm&r=g","contentUrl":"https:\/\/secure.gravatar.com\/avatar\/497d5cde87b4c3d097d0315953521681ba2cd523ee66e5077c3711f7021e65de?s=96&d=mm&r=g","caption":"Francisco Javier Fern\u00e1ndez Chento"},"description":"Director General y cofundador de La Red de Formaci\u00f3n Vicenciana. Javier es laico vicenciano, afiliado a la Congregaci\u00f3n de la Misi\u00f3n y miembro del Equipo de Misiones Populares de la provincia can\u00f3nica de Zaragoza (Espa\u00f1a) de la Congregaci\u00f3n de la Misi\u00f3n. Graduado en la Universidad Oberta de Catalunya con cuatro grados (Asistente de direcci\u00f3n, Gesti\u00f3n Administrativa, Recursos Humanos y Contabilidad Avanzada). Bil\u00edng\u00fce Espa\u00f1ol\/Ingl\u00e9s. gestiona y mantiene varias p\u00e1ginas web cristianas y vicencianas, incluida including La Red de Formaci\u00f3n Vicenciana, de la que es cofundador. Actualmente es responsable del \u00e1rea de Espa\u00f1ol de .famvin, la Red de Noticias de la Familia Vicenciana. Tambi\u00e9n es m\u00fasico cat\u00f3lico y ha editado varios discos. Es Director General y cofundador de Trovador, una reconocida compa\u00f1\u00eda discogr\u00e1fica critiana de Espa\u00f1a. Trabaja en las Tecnolog\u00edas de la Informaci\u00f3n, ofreciendo servicios de alojamiento, dise\u00f1o y mantenimiento Web, as\u00ed como asesoramiento, formaci\u00f3n y soluciones inform\u00e1ticas, gesti\u00f3n documental y digitalizaci\u00f3n de textos, edici\u00f3n y maquetaci\u00f3n de libros, revistas, flyers, etc.","sameAs":["http:\/\/chento.org","https:\/\/www.facebook.com\/JavierChento","https:\/\/x.com\/https:\/\/twitter.com\/javierchento"],"url":"https:\/\/vincentians.com\/es\/author\/chento\/"}]}},"jetpack_publicize_connections":[],"jetpack_featured_media_url":"https:\/\/i0.wp.com\/vincentians.com\/es\/wp-content\/uploads\/sites\/11\/2017\/09\/San-Vicente-11.jpg?fit=900%2C500&ssl=1","jetpack_sharing_enabled":true,"jetpack_shortlink":"https:\/\/wp.me\/p7ETMF-dl3","jetpack-related-posts":[{"id":46154,"url":"https:\/\/vincentians.com\/es\/vida-de-san-vicente-de-paul-de-fray-juan-del-santisimo-sacramento-libro-primero-capitulo-03\/","url_meta":{"origin":51277,"position":0},"title":"Vida de San Vicente de Pa\u00fal, de Fray Juan del Sant\u00edsimo Sacramento. Libro primero, cap\u00edtulo 03","author":"Francisco Javier Fern\u00e1ndez Chento","date":"18\/07\/2011","format":false,"excerpt":"Cap\u00edtulo III. Cautivan los Moros a Vicente, y ll\u00e9vanle a Berber\u00eda. En el curso de sus estudios dio Vicente tantas pruebas de vir\u00adtud y prudencia, que era aclamado aun de la misma envidia: ninguno le trat\u00f3 sin cobrarle grande afici\u00f3n, pues la excelencia y nobleza de costumbres es el m\u00e1s\u2026","rel":"","context":"En \u00abVicente de Pa\u00fal\u00bb","block_context":{"text":"Vicente de Pa\u00fal","link":"https:\/\/vincentians.com\/es\/category\/la-familia-vicenciana\/fundadores\/vicente-de-paul\/"},"img":{"alt_text":"","src":"https:\/\/i0.wp.com\/vincentians.com\/es\/wp-content\/uploads\/sites\/11\/2016\/07\/san-vicente-de-fray-juan-del-santisimo-sacramento.jpg?fit=1200%2C630&ssl=1&resize=350%2C200","width":350,"height":200,"srcset":"https:\/\/i0.wp.com\/vincentians.com\/es\/wp-content\/uploads\/sites\/11\/2016\/07\/san-vicente-de-fray-juan-del-santisimo-sacramento.jpg?fit=1200%2C630&ssl=1&resize=350%2C200 1x, https:\/\/i0.wp.com\/vincentians.com\/es\/wp-content\/uploads\/sites\/11\/2016\/07\/san-vicente-de-fray-juan-del-santisimo-sacramento.jpg?fit=1200%2C630&ssl=1&resize=525%2C300 1.5x, https:\/\/i0.wp.com\/vincentians.com\/es\/wp-content\/uploads\/sites\/11\/2016\/07\/san-vicente-de-fray-juan-del-santisimo-sacramento.jpg?fit=1200%2C630&ssl=1&resize=700%2C400 2x, https:\/\/i0.wp.com\/vincentians.com\/es\/wp-content\/uploads\/sites\/11\/2016\/07\/san-vicente-de-fray-juan-del-santisimo-sacramento.jpg?fit=1200%2C630&ssl=1&resize=1050%2C600 3x"},"classes":[]},{"id":25913,"url":"https:\/\/vincentians.com\/es\/san-vicente-de-paul-la-esclavitud-en-tunez-iv\/","url_meta":{"origin":51277,"position":1},"title":"San Vicente de Pa\u00fal (la esclavitud en T\u00fanez) (IV)","author":"Francisco Javier Fern\u00e1ndez Chento","date":"21\/05\/2018","format":false,"excerpt":"VII. En casa del sobrino antropomorfita Vicente, seg\u00fan su propio testimonio, estuvo con el m\u00e9dico espag\u00edrico desde el mes de septiembre de 1605 al mes de agosto de 1606. En este momento se produjo un acontecimiento inesperado para el anciano que fue la causa de su muerte. Sus b\u00fasquedas de\u2026","rel":"","context":"En \u00abEn tiempos de Vicente de Pa\u00fal\u00bb","block_context":{"text":"En tiempos de Vicente de Pa\u00fal","link":"https:\/\/vincentians.com\/es\/category\/historia-de-la-familia-vicenciana\/en-tiempos-de-vicente-de-paul\/"},"img":{"alt_text":"","src":"https:\/\/i0.wp.com\/vincentians.com\/es\/wp-content\/uploads\/sites\/11\/2016\/09\/ojos-jesucristo.jpg?fit=1200%2C630&ssl=1&resize=350%2C200","width":350,"height":200,"srcset":"https:\/\/i0.wp.com\/vincentians.com\/es\/wp-content\/uploads\/sites\/11\/2016\/09\/ojos-jesucristo.jpg?fit=1200%2C630&ssl=1&resize=350%2C200 1x, https:\/\/i0.wp.com\/vincentians.com\/es\/wp-content\/uploads\/sites\/11\/2016\/09\/ojos-jesucristo.jpg?fit=1200%2C630&ssl=1&resize=525%2C300 1.5x, https:\/\/i0.wp.com\/vincentians.com\/es\/wp-content\/uploads\/sites\/11\/2016\/09\/ojos-jesucristo.jpg?fit=1200%2C630&ssl=1&resize=700%2C400 2x, https:\/\/i0.wp.com\/vincentians.com\/es\/wp-content\/uploads\/sites\/11\/2016\/09\/ojos-jesucristo.jpg?fit=1200%2C630&ssl=1&resize=1050%2C600 3x"},"classes":[]},{"id":387848,"url":"https:\/\/vincentians.com\/es\/san-vicente-amigo-de-los-pobres-anos-de-peregrinaje-1601-1616\/","url_meta":{"origin":51277,"position":2},"title":"San Vicente: Amigo de los pobres: a\u00f1os de peregrinaje (1601-1616)","author":"Mitxel Olabu\u00e9naga","date":"10\/10\/2016","format":false,"excerpt":"P\u00e1rroco rural Casi inmediatamente despu\u00e9s de su ordenaci\u00f3n, el vi\u00adcario de Dax otorga al joven sacerdote, Vicente de Pa\u00fal, la parro\u00adquia de Tilh. Un campo. Apetecible lugar. Apropiado para un sa\u00adcerdote reci\u00e9n ordenado. El hecho es que Vicente de Pa\u00fal nunca tom\u00f3 posesi\u00f3n. Prime\u00adro, deseaba seguir los estudios en Toulouse.\u2026","rel":"","context":"En \u00abFormaci\u00f3n Vicenciana\u00bb","block_context":{"text":"Formaci\u00f3n Vicenciana","link":"https:\/\/vincentians.com\/es\/category\/formacion-vicenciana\/"},"img":{"alt_text":"","src":"https:\/\/i0.wp.com\/vincentians.com\/es\/wp-content\/uploads\/sites\/11\/2016\/07\/st-vincent-de-paul.jpg?fit=1200%2C630&ssl=1&resize=350%2C200","width":350,"height":200,"srcset":"https:\/\/i0.wp.com\/vincentians.com\/es\/wp-content\/uploads\/sites\/11\/2016\/07\/st-vincent-de-paul.jpg?fit=1200%2C630&ssl=1&resize=350%2C200 1x, https:\/\/i0.wp.com\/vincentians.com\/es\/wp-content\/uploads\/sites\/11\/2016\/07\/st-vincent-de-paul.jpg?fit=1200%2C630&ssl=1&resize=525%2C300 1.5x, https:\/\/i0.wp.com\/vincentians.com\/es\/wp-content\/uploads\/sites\/11\/2016\/07\/st-vincent-de-paul.jpg?fit=1200%2C630&ssl=1&resize=700%2C400 2x, https:\/\/i0.wp.com\/vincentians.com\/es\/wp-content\/uploads\/sites\/11\/2016\/07\/st-vincent-de-paul.jpg?fit=1200%2C630&ssl=1&resize=1050%2C600 3x"},"classes":[]},{"id":404720,"url":"https:\/\/vincentians.com\/es\/san-vicente-y-la-obra-de-los-galeotes-vi\/","url_meta":{"origin":51277,"position":3},"title":"San Vicente y la obra de los galeotes (VI)","author":"Mitxel Olabu\u00e9naga","date":"02\/07\/2023","format":false,"excerpt":"INMERSI\u00d3N EN CALABOZOS DONDE LOS HA VISTO TRATADOS COMO BESTIAS A lo largo de este estudio hemos visto como entr\u00f3 Vicente de Pa\u00fal en contacto con los galeotes: visit\u00e1ndoles en sus prisiones y calabozos. M\u00e1s tarde llegar\u00e1 a las galeras de Marsella y Burde\u00ados. Puede decir con verdad: \"los he\u2026","rel":"","context":"En \u00abFormaci\u00f3n Vicenciana\u00bb","block_context":{"text":"Formaci\u00f3n Vicenciana","link":"https:\/\/vincentians.com\/es\/category\/formacion-vicenciana\/"},"img":{"alt_text":"","src":"https:\/\/i0.wp.com\/vincentians.com\/es\/wp-content\/uploads\/sites\/11\/2013\/04\/n-2.jpg?fit=1200%2C675&ssl=1&resize=350%2C200","width":350,"height":200,"srcset":"https:\/\/i0.wp.com\/vincentians.com\/es\/wp-content\/uploads\/sites\/11\/2013\/04\/n-2.jpg?fit=1200%2C675&ssl=1&resize=350%2C200 1x, https:\/\/i0.wp.com\/vincentians.com\/es\/wp-content\/uploads\/sites\/11\/2013\/04\/n-2.jpg?fit=1200%2C675&ssl=1&resize=525%2C300 1.5x, https:\/\/i0.wp.com\/vincentians.com\/es\/wp-content\/uploads\/sites\/11\/2013\/04\/n-2.jpg?fit=1200%2C675&ssl=1&resize=700%2C400 2x, https:\/\/i0.wp.com\/vincentians.com\/es\/wp-content\/uploads\/sites\/11\/2013\/04\/n-2.jpg?fit=1200%2C675&ssl=1&resize=1050%2C600 3x"},"classes":[]},{"id":125083,"url":"https:\/\/vincentians.com\/es\/vicente-de-paul-carta-1159-un-sacerdote-de-la-mision-de-berberia-a-san-vicente\/","url_meta":{"origin":51277,"position":4},"title":"Vicente de Pa\u00fal, Carta 1159: Un Sacerdote De La Misi\u00f3n De Berber\u00eda A San Vicente","author":"Francisco Javier Fern\u00e1ndez Chento","date":"15\/11\/2013","format":false,"excerpt":"[Entre 1645 y 1660]. Nuestro Se\u00f1or nos ha concedido la gracia de volver a encontrar dos de nuestras piedras preciosas que estaban perdidas; son de un precio muy alto y su esplendor es muy celestial. He recibido por ello una gran alegr\u00eda.","rel":"","context":"En \u00abEscritos de Vicente de Pa\u00fal\u00bb","block_context":{"text":"Escritos de Vicente de Pa\u00fal","link":"https:\/\/vincentians.com\/es\/category\/escritos\/escritos-de-vicente-de-paul\/"},"img":{"alt_text":"","src":"https:\/\/i0.wp.com\/vincentians.com\/es\/wp-content\/uploads\/sites\/11\/2016\/07\/escritos-vicente-de-paul.jpg?fit=1200%2C630&ssl=1&resize=350%2C200","width":350,"height":200,"srcset":"https:\/\/i0.wp.com\/vincentians.com\/es\/wp-content\/uploads\/sites\/11\/2016\/07\/escritos-vicente-de-paul.jpg?fit=1200%2C630&ssl=1&resize=350%2C200 1x, https:\/\/i0.wp.com\/vincentians.com\/es\/wp-content\/uploads\/sites\/11\/2016\/07\/escritos-vicente-de-paul.jpg?fit=1200%2C630&ssl=1&resize=525%2C300 1.5x, https:\/\/i0.wp.com\/vincentians.com\/es\/wp-content\/uploads\/sites\/11\/2016\/07\/escritos-vicente-de-paul.jpg?fit=1200%2C630&ssl=1&resize=700%2C400 2x, https:\/\/i0.wp.com\/vincentians.com\/es\/wp-content\/uploads\/sites\/11\/2016\/07\/escritos-vicente-de-paul.jpg?fit=1200%2C630&ssl=1&resize=1050%2C600 3x"},"classes":[]},{"id":129647,"url":"https:\/\/vincentians.com\/es\/san-vicente-de-paul-su-vida-su-tiempo-sus-obras-su-influencia-libro-3-capitulo-2-b\/","url_meta":{"origin":51277,"position":5},"title":"San Vicente de Pa\u00fal. Su vida, su tiempo; sus obras, su influencia. Libro 3, cap\u00edtulo 2 (b)","author":"Francisco Javier Fern\u00e1ndez Chento","date":"07\/01\/2015","format":false,"excerpt":"Cap\u00edtulo II: Berber\u00eda (cont.) Art\u00edculo II. La Obra de san Vicente de Pa\u00fal I.Misi\u00f3n de T\u00fanez. \u2013C\u00f3nsules y Misioneros. \u2013Luis Gu\u00e9rin. \u00c9se era el pasado de Berber\u00eda, \u00e9sa su constituci\u00f3n presente, en su doble punto de vista pol\u00edtico y religioso, y en sus relaciones con la Iglesia y los gobiernos,\u2026","rel":"","context":"En \u00abVicente de Pa\u00fal\u00bb","block_context":{"text":"Vicente de Pa\u00fal","link":"https:\/\/vincentians.com\/es\/category\/la-familia-vicenciana\/fundadores\/vicente-de-paul\/"},"img":{"alt_text":"","src":"","width":0,"height":0},"classes":[]}],"_links":{"self":[{"href":"https:\/\/vincentians.com\/es\/wp-json\/wp\/v2\/posts\/51277","targetHints":{"allow":["GET"]}}],"collection":[{"href":"https:\/\/vincentians.com\/es\/wp-json\/wp\/v2\/posts"}],"about":[{"href":"https:\/\/vincentians.com\/es\/wp-json\/wp\/v2\/types\/post"}],"author":[{"embeddable":true,"href":"https:\/\/vincentians.com\/es\/wp-json\/wp\/v2\/users\/4"}],"replies":[{"embeddable":true,"href":"https:\/\/vincentians.com\/es\/wp-json\/wp\/v2\/comments?post=51277"}],"version-history":[{"count":1,"href":"https:\/\/vincentians.com\/es\/wp-json\/wp\/v2\/posts\/51277\/revisions"}],"predecessor-version":[{"id":402633,"href":"https:\/\/vincentians.com\/es\/wp-json\/wp\/v2\/posts\/51277\/revisions\/402633"}],"wp:featuredmedia":[{"embeddable":true,"href":"https:\/\/vincentians.com\/es\/wp-json\/wp\/v2\/media\/401291"}],"wp:attachment":[{"href":"https:\/\/vincentians.com\/es\/wp-json\/wp\/v2\/media?parent=51277"}],"wp:term":[{"taxonomy":"category","embeddable":true,"href":"https:\/\/vincentians.com\/es\/wp-json\/wp\/v2\/categories?post=51277"},{"taxonomy":"post_tag","embeddable":true,"href":"https:\/\/vincentians.com\/es\/wp-json\/wp\/v2\/tags?post=51277"}],"curies":[{"name":"wp","href":"https:\/\/api.w.org\/{rel}","templated":true}]}}