{"id":51220,"date":"2019-09-15T08:51:29","date_gmt":"2019-09-15T06:51:29","guid":{"rendered":"http:\/\/somos.vicencianos.org\/?p=51220"},"modified":"2019-09-09T09:04:29","modified_gmt":"2019-09-09T07:04:29","slug":"doctrina-espiritual-de-vicente-de-paul","status":"publish","type":"post","link":"https:\/\/vincentians.com\/es\/doctrina-espiritual-de-vicente-de-paul\/","title":{"rendered":"Doctrina espiritual de Vicente de Pa\u00fal"},"content":{"rendered":"<p>Tres corrientes de espiritualidad afluyen al esp\u00edritu asimi\u00adlador de Vicente, dando como resultado un caudal inagotable, rico de vitalidad, sumamente original, a donde decenas de gru\u00adpos religiosos, con el c\u00e1ntaro de la inquietud espiritual, van a recoger su carisma evang\u00e9lico. As\u00ed es de abundante su esp\u00edritu.<\/p>\n<p>Pedro B\u00e9rulle le adentra por los senderos de la contempla\u00adci\u00f3n del Verbo Encarnado; Francisco de Sales le cautiva con su dulzura y mansedumbre; Benito Canfield le orienta en el dominio de la voluntad humana. La m\u00edstica y asc\u00e9tica espa\u00f1ola y renano-flamenca, con Teresa de Jes\u00fas, Luis de Granada, To\u00adm\u00e1s de Kempis, le dan aquel temple de asceta, de hombre ro\u00adbusto, indomable ante la falsa actitud o baja pol\u00edtica, obediente a la voluntad de la Iglesia y observador fino de los signos de los tiempos.<span id='easy-footnote-1-51220' class='easy-footnote-margin-adjust'><\/span><span class='easy-footnote'><a href='https:\/\/vincentians.com\/es\/doctrina-espiritual-de-vicente-de-paul\/#easy-footnote-bottom-1-51220' title='Cf. &lt;em&gt;Mission et charit\u00e9, &lt;\/em&gt;n. 29-30, dedicado a la espiritualidad de la \u00abescuela francesa del siglo XVII\u00bb.'><sup>1<\/sup><\/a><\/span>\n<h2><em>1. Influencia del Oratorio.<\/em><\/h2>\n<p>Reci\u00e9n llegado Vicente a Par\u00eds se pone bajo la direcci\u00f3n espiritual de Pedro B\u00e9rulle, \u00abuno de los hombres m\u00e1s santos que he conocido\u00bb, dir\u00e1 m\u00e1s tarde.<span id='easy-footnote-2-51220' class='easy-footnote-margin-adjust'><\/span><span class='easy-footnote'><a href='https:\/\/vincentians.com\/es\/doctrina-espiritual-de-vicente-de-paul\/#easy-footnote-bottom-2-51220' title='COSTE, XI, 128.'><sup>2<\/sup><\/a><\/span> Eran aquellos, a\u00f1os duros para la Francia cat\u00f3lica, envuelta en lucha religiosa con los hugonotes. En 1611, tras el asesinato de Enrique IV y con el nuevo rey en el trono, se esboza la restauraci\u00f3n de la paz pol\u00ed\u00adtica y, lentamente, la religiosa. La reforma de la Iglesia no sur\u00adge ni por decreto real ni por la Asamblea del clero, opuestos por el momento a llevar a la pr\u00e1ctica las prescripciones del concilio de Trento. La presi\u00f3n reformatoria viene de aquellos hombres que est\u00e1n bajo la tutela espiritual de B\u00e9rulle. \u00abEl retiro ha terminado, aquellos hombres se deciden a poner en pr\u00e1ctica las doctrinas estudiadas. B\u00e9rulle cree que, para sal\u00advar a Francia, es necesario una congregaci\u00f3n de sacerdotes, los cuales, imbu\u00eddos en el estudio de la vida cristiana, sean fermento del pueblo: nace el Oratorio. Bourdoise juzga, que primero, conviene reformar el clero, haci\u00e9ndolo vivir en pe\u00adque\u00f1as comunidades, y en \u00e9stas, formar a los futuros sacer\u00addotes. Vicente afirma la necesidad de organizar una sociedad de ap\u00f3stoles que evangelicen a la pobre gente del campo: nace la Misi\u00f3n\u00bb.<span id='easy-footnote-3-51220' class='easy-footnote-margin-adjust'><\/span><span class='easy-footnote'><a href='https:\/\/vincentians.com\/es\/doctrina-espiritual-de-vicente-de-paul\/#easy-footnote-bottom-3-51220' title='CALVET, &lt;em&gt;S. Vicente de Pa\u00fal, &lt;\/em&gt;64-65.'><sup>3<\/sup><\/a><\/span> Tres estilos para una misma empresa: salvar la Iglesia de Francia.<\/p>\n<p>Si Vicente acept\u00f3 el curato de Clichy y la entrada en el c\u00edrculo de la familia de los Gond\u00ed, lo hizo por consejo de B\u00e9ru\u00adlle.<span id='easy-footnote-4-51220' class='easy-footnote-margin-adjust'><\/span><span class='easy-footnote'><a href='https:\/\/vincentians.com\/es\/doctrina-espiritual-de-vicente-de-paul\/#easy-footnote-bottom-4-51220' title='COSTE, S. V. P., III, 231-233.'><sup>4<\/sup><\/a><\/span> La relaci\u00f3n de amistad y apostolado entre Vicente y la Misi\u00f3n con el Oratorio fue larga y admirablemente sentida. Vicente sustituye al Bourgoing en el curato de Clichy; de Con\u00addren dir\u00e1 en la oraci\u00f3n f\u00fanebre que \u00abno se puede encontrar un hombre semejante a \u00e9l\u00bb.<span id='easy-footnote-5-51220' class='easy-footnote-margin-adjust'><\/span><span class='easy-footnote'><a href='https:\/\/vincentians.com\/es\/doctrina-espiritual-de-vicente-de-paul\/#easy-footnote-bottom-5-51220' title='Ibid., 218.'><sup>5<\/sup><\/a><\/span>\n<p>Pedro B\u00e9rulle lo inicia en la contemplaci\u00f3n de la vida inte\u00adrior del Verbo-Encarnado: es preciso, en la oraci\u00f3n, penetrar la oblaci\u00f3n sacerdotal, la filiaci\u00f3n divina y humana del Verbo. Es Cristo el centro de la contemplaci\u00f3n y de la irradiaci\u00f3n: de Cristo se desliza todo y a El converge. He aqu\u00ed el \u00abcristocen\u00adtrismo\u00bb como m\u00e9dula de la espiritualidad.<span id='easy-footnote-6-51220' class='easy-footnote-margin-adjust'><\/span><span class='easy-footnote'><a href='https:\/\/vincentians.com\/es\/doctrina-espiritual-de-vicente-de-paul\/#easy-footnote-bottom-6-51220' title='Cf. HOUSSAYE, &lt;em&gt;M. de S\u00e9llale, &lt;\/em&gt;II, 22 ss. COSTE, S. V. P., I, 295. Idem. XII, 80-85.'><sup>6<\/sup><\/a><\/span>\n<p>Si las c\u00e9dulas madres de la espiritualidad son ofrecidas por esta visi\u00f3n \u00abberullana\u00bb, ellas ser\u00e1n recreadas con originalidad por el genio pr\u00e1ctico y realista de Vicente: saldr\u00e1 una espiri\u00adtualidad en esta l\u00ednea, pero menos metaf\u00edsica y m\u00e1s orientada a la acci\u00f3n: el Verbo-Encarnado se encarna a su vez en el hombre pobre.<span id='easy-footnote-7-51220' class='easy-footnote-margin-adjust'><\/span><span class='easy-footnote'><a href='https:\/\/vincentians.com\/es\/doctrina-espiritual-de-vicente-de-paul\/#easy-footnote-bottom-7-51220' title='CALVET, 1. cit., 57.'><sup>7<\/sup><\/a><\/span>\n<p>El gran m\u00e9rito de la \u00abescuela berullana\u00bb fue el haber dado a la Iglesia grandes figuras, que aparte los de la propia casa, puede contar a Bourdoise, Juan Eudes, Olier&#8230; y Vicente de Pa\u00fal, el m\u00e1s grande de todos, que ha superado con creces la robusta personalidad del maestro.<span id='easy-footnote-8-51220' class='easy-footnote-margin-adjust'><\/span><span class='easy-footnote'><a href='https:\/\/vincentians.com\/es\/doctrina-espiritual-de-vicente-de-paul\/#easy-footnote-bottom-8-51220' title='MAYNAR, op. cit., 76. Cf. DODIN, &lt;em&gt;Missi\u00f3n et Charit\u00e9, &lt;\/em&gt;n. 29-30 (1968). MART\u00cdN, M.-M., &lt;em&gt;St. V. P. et les Grands, &lt;\/em&gt;94 ss.'><sup>8<\/sup><\/a><\/span>\n<p>As\u00ed habla Vicente de Pa\u00fal del Verbo Encarnado:<\/p>\n<p style=\"padding-left: 30px\">\u00abCuando el Hijo de Dios se encarn\u00f3, escogi\u00f3 tomar una vida com\u00fan para conformarse a los hombres y de esta suerte llevar\u00adlos m\u00e1s f\u00e1cilmente al Padre. Y no s\u00f3lo tom\u00f3 nuestras maneras naturales, sino en cierta manera las morales&#8230; Tambi\u00e9n adopt\u00f3 la misma manera de obrar. Para mejor insinuarse en nosotros, se hizo semejante a nosotros; y como la semejanza engendra el amor, quiso aparecer y obrar como nosotros, para arrastrarnos a su amor; quiso injertarse en nuestra naturaleza para unirnos a El, y se hizo hombre para ense\u00f1arnos con su manera de vida c\u00f3mo debemos de vivir. El era la imagen de su Padre; y como si esto no bastara, quiso unir a esta imagen adorable la unifor\u00admidad con los hombres, para ganarlos a todos\u00bb (XII, 250-251).<\/p>\n<p style=\"padding-left: 30px\">\u00abVivimos en Jesucristo por la muerte de Jesucristo, y de\u00adbemos morir en Jesucristo por la vida de Jesucristo, y nuestra vida debe estar oculta en Jesucristo y llena de Jesucristo y para morir como Jesucristo hay que vivir como Jesucristo\u00bb (I, 295).<\/p>\n<p style=\"padding-left: 30px\">\u00abRuego a Nuestro Se\u00f1or que El sea la vida en nuestros co\u00adrazones y que El me haga digno de la gracia que he recibido de su divina misericordia. Ruego a Nuestro Se\u00f1or que sea la vida de nuestra vida y la \u00fanica aspiraci\u00f3n de nuestros corazones\u00bb (III, 355).<\/p>\n<p style=\"padding-left: 30px\">\u00abRuego a Nuestro Se\u00f1or que podamos morir a nosotros mismos para resucitar con El; que \u00e9l sea la alegr\u00eda de vuestro coraz\u00f3n, el fin y el alma de vuestras acciones y vuestra gloria en el cielo. As\u00ed ser\u00e1, si desde ahora nos humillamos como El se humill\u00f3, si renunciamos a nuestras propias satisfacciones para seguirle, llevando nuestras peque\u00f1as cruces, y si damos gustosamente nuestra vida como El ha dado la suya por nues\u00adtro pr\u00f3jimo, que El ama tanto y que El quiere que le amemos como a nosotros mismos\u00bb (III, 629: a un sacerdote, 27 marzo 1650).<\/p>\n<p style=\"padding-left: 30px\">\u00abNuestro Se\u00f1or ser\u00e1 nuestro gu\u00eda y conducta en todos los negocios\u00bb (III, 427: a Luisa de Marillac, 9 abril 1648).<\/p>\n<p style=\"padding-left: 30px\">\u00abTengamos m\u00e1s cuidado de extender el imperio de Jesu\u00adcristo que el que nosotros poseemos. Hagamos sus negocios; El har\u00e1 los nuestros\u00bb (III, 552).<\/p>\n<h2>2. <em>Influencia de Francisco de Sales.<\/em><\/h2>\n<p>En dos ocasiones, 1618 y 1619, tuvo Vicente la oportunidad de encontrarse con el autor de la \u00abIntroducci\u00f3n a la vida de\u00advota\u00bb, de quien dir\u00e1 m\u00e1s tarde \u00abera la imagen sensible de la Bondad de Dios\u00bb. De \u00e9l aprende la bondad, delicadeza, manse\u00addumbre, afabilidad de trato. Vicente le\u00eda con l\u00e1grimas los es\u00adcritos del obispo de Ginebra. La estima se hizo mutua: Fran\u00adcisco encomienda a Vicente la direcci\u00f3n espiritual de la madre Chantal y de su monasterio de la Visitaci\u00f3n; \u00e9ste a su vez, asi\u00admilando la doctrina y virtudes del maestro, lo propone como \u00abmodelo y maestro\u00bb a sus misioneros. No hay apenas p\u00e1gina en que no se cite su doctrina, su m\u00e9todo de oraci\u00f3n, sus vir\u00adtudes, su amor a los ni\u00f1os&#8230;<\/p>\n<p>En aquellos encuentros se habl\u00f3 de la integraci\u00f3n de la vi\u00adda religiosa en el mundo, de la santificaci\u00f3n de los laicos, de la reforma del clero, de la sencillez en la predicaci\u00f3n&#8230;, de tan\u00adtos otros problemas, como s\u00f3lo lo saben hacer los santos.<span id='easy-footnote-9-51220' class='easy-footnote-margin-adjust'><\/span><span class='easy-footnote'><a href='https:\/\/vincentians.com\/es\/doctrina-espiritual-de-vicente-de-paul\/#easy-footnote-bottom-9-51220' title='Todos los bi\u00f3grafos comentan estos encuentros. Cf. LAJEUNIE, E., &lt;em&gt;St. Francois de Sales, &lt;\/em&gt;133 ss. DODIN, &lt;em&gt;St. Vincent de Paul et la Charit\u00e9, &lt;\/em&gt;26.'><sup>9<\/sup><\/a><\/span>\n<p>He aqu\u00ed el eco del obispo de Ginebra que se escucha en el pensamiento doctrinal de Vicente:<\/p>\n<p style=\"padding-left: 30px\">\u00abSi el amor de Dios es un fuego, el celo es su llama, y si el amor de Dios es un sol, el celo es su rayo. El celo es lo que hay de m\u00e1s puro en el amor de Dios\u00bb.<\/p>\n<p style=\"padding-left: 30px\">\u00abLa caridad y la devoci\u00f3n no son muy diversas la una de la otra, como sucede entre la llama y el fuego\u00bb.<span id='easy-footnote-10-51220' class='easy-footnote-margin-adjust'><\/span><span class='easy-footnote'><a href='https:\/\/vincentians.com\/es\/doctrina-espiritual-de-vicente-de-paul\/#easy-footnote-bottom-10-51220' title='Idem. &lt;em&gt;Annales de la Cong. de la Missi\u00f3n, &lt;\/em&gt;106-7 (1941-1942), 239-48.'><sup>10<\/sup><\/a><\/span>\n<p>El m\u00e9todo de oraci\u00f3n mental fluye de la \u00abIntroducci\u00f3n a la vida devota\u00bb. En este particular Vicente le es deudor, as\u00ed como en la doctrina del amor a Dios, la relaci\u00f3n hacia su fami\u00adlia y parientes, deriva del \u00abTratado del amor de Dios\u00bb.<span id='easy-footnote-11-51220' class='easy-footnote-margin-adjust'><\/span><span class='easy-footnote'><a href='https:\/\/vincentians.com\/es\/doctrina-espiritual-de-vicente-de-paul\/#easy-footnote-bottom-11-51220' title='Cf. DODIN, &lt;em&gt;Annales, &lt;\/em&gt;110-11 (1945-46), 447-64; 112-13 (1947-48); 479-97.'><sup>11<\/sup><\/a><\/span>\n<p>Textos de Vicente de Pa\u00fal sobre el Amor de Dios;<\/p>\n<p style=\"padding-left: 30px\">\u00abAmor es querer bien a alguien, desearle un bien, que to\u00addos conozcan su m\u00e9rito, que lo estimen, que le procuren el ho\u00adnor y el contento que de ellos dependa&#8230; Y cuando el amor es m\u00e1s perfecto, m\u00e1s sublime y elevado es el bien que se quiere para la persona amada. No habiendo nadie m\u00e1s perfecto que Dios, se sigue que el amor que se le tiene haya de ser santo y tender\u00e1 a desear su mayor gloria y todo aquello que pueda re\u00addundar en su honor&#8230;\u00bb (IX, 43).<\/p>\n<h3><em>Amor afectivo.<\/em><\/h3>\n<p style=\"padding-left: 30px\">\u00abEl amor afectivo procede del coraz\u00f3n. La persona que ama est\u00e1 llena de ternura y de gusto, ve a Dios continuamente presente, encuentra satisfacci\u00f3n en pensar en El y pasa insen\u00adsiblemente su vida en esta contemplaci\u00f3n. Gracias a este amor cumple sin dificultad, y a\u00fan con gusto, las acciones m\u00e1s dif\u00edci\u00adles y se hace cuidadosa y diligente en todo lo que la puede ha\u00adcer agradable a Dios. Por fin se ba\u00f1a en este divino amor, hasta el punto de no encontrar gusto en cualquier otro pensamien\u00adto. El amor afectivo es como una efusi\u00f3n de la persona amante en la persona amada&#8230; Tambi\u00e9n se puede decir que es la ter\u00adnura en el amor. Tenemos que amar a Nuestro Se\u00f1or tierna y afectuosamente. A la manera que un ni\u00f1o no puede sufrir la ausencia de su madre y la llama, as\u00ed un coraz\u00f3n que ama a Nuestro Se\u00f1or no puede sufrir su ausencia, tendiendo a abra\u00adzarse con El por medio del amor afectivo. Este amor es causa del amor efectivo. No basta el primero, los dos son necesarios. Estos dos amores son como el alma de la vida cristiana y con ellos se ama a Jesucristo tierna y constantemente: alegr\u00e1ndo\u00adnos cuando se habla de El, se piensa en El y se sue\u00f1a en El, quedando el alma llena de consuelo cuando se saborea el ha\u00adber sido llamada para servir a Dios en la persona de los po\u00adbres\u00bb (XI, 43).<\/p>\n<h3><em>Amor efectivo.<\/em><\/h3>\n<p style=\"padding-left: 30px\">\u00abEl amor efectivo consiste en hacer las cosas que manda o desea la persona amada, y de esta clase de amor habla Nuestro Se\u00f1or: \u00abSi alguien me ama, cumplir\u00e1 mi palabra\u00bb. Hay amor efectivo cuando se obra por Dios sin sentir sus delicias. No es perceptible al alma, ni lo siente; sin embargo, no por esto deja de producir su efecto ni cumplir su acto. El bienaventurado obispo de Ginebra lo aclara con una comparaci\u00f3n; un padre tiene dos hijos, uno de ellos es peque\u00f1o. El padre acaricia al peque\u00f1o, se divierte al verle jugar, se complace en oirle balbucir, piensa en \u00e9l cuando no lo ve&#8230; El otro hijo es todo un hombre de veinticinco o treinta a\u00f1os, due\u00f1o de sus actos; va donde quiere y vuelve cuando quiere; lleva los negocios de la casa; parece que el padre no le ama, no le da muestras de ca\u00adri\u00f1o&#8230; Mas cuando se trata de repartir los bienes, ser\u00e1 el hijo mayor el beneficiario de la mayor parte de los bienes. Con este ejemplo queda claro c\u00f3mo, aunque el padre tenga para el pe\u00adque\u00f1o un amor m\u00e1s sensible, para el mayor lo tiene m\u00e1s efec\u00adtivo. Hay quienes aman mucho a Dios, sienten mucho gusto en la oraci\u00f3n, gran suavidad en todos los ejercicios y mucho con\u00adsuelo en recibir los sacramentos. Hay otras almas que no sien\u00adten a Dios, nunca saben qu\u00e9 es tener gusto en la oraci\u00f3n. Con todo, no dejan de hacer la oraci\u00f3n, ni de trabajar incansable\u00admente. \u00bfDejan por esto de amar a Dios? De ninguna manera, porque ellas hacen todo lo que practican las dem\u00e1s y ello con un amor tanto m\u00e1s fuerte cuanto menos lo experimentan. Este es el amor efectivo, aunque no se deje ver\u00bb (IX, 475-478).<\/p>\n<p style=\"padding-left: 30px\">\u00abEs cierto que la caridad, cuando habita en el alma, ocupa enteramente todas sus potencias. No deja descanso, es un fue\u00adgo que se agita sin cesar; tiene siempre en movimiento y ac\u00adci\u00f3n a la persona a quien abrasa. \u00a1Oh, Salvador! La memoria no quiere acordarse sino de Dios; detesta todos los otros re\u00adcuerdos y los tiene por importunos; los desecha; s\u00f3lo le pue\u00adden agradar aquellos que le representan a su Amado. Necesita hacerse familiar su presencia, a\u00fan al precio que sea; hay que conseguir que tal presencia sea continua\u00bb (XI, 215-216).<\/p>\n<p style=\"padding-left: 30px\">\u00abDios conoce nuestras miserias y por su misericordia suple nuestros defectos; hay que tratar con El buenamente, no apu\u00adrarnos tanto: su Bondad y Misericordia nos dar\u00e1n lo que ne\u00adcesitamos. Me acuerdo de unas palabras de Monse\u00f1or de Gi\u00adnebra, palabras divinas y dignas de tan gran hombre: \u00abNo que\u00adrr\u00eda ir a Dios, si Dios no viniese a m\u00ed\u00bb. \u00a1Palabras admirables! No querr\u00eda \u00e9l ir a Dios, si Dios no fuese primeramente a \u00e9l. \u00a1Oh, esas palabras salen de un coraz\u00f3n perfectamente saturado de la ciencia del amor! Siendo esto as\u00ed, un coraz\u00f3n verdadera\u00admente movido de la caridad, que entiende lo que es amar a Dios, no querr\u00eda ir a Dios, si Dios no se le adelantase y no le atra\u00adjese con su gracia. Dios cuando quiere comunicarse, lo hace sin esfuerzo, de una manera sensible, suave, dulce, amorosa.<\/p>\n<p style=\"padding-left: 30px\">Pid\u00e1mosle el don de la oraci\u00f3n; Dios, por su parte, no quiere otra cosa\u00bb (XI, 220-221).<\/p>\n<h2>3. <em>Influencia de la \u00abRegla de la Perfecci\u00f3n\u00bb de Benoit Canfield.<\/em><\/h2>\n<p>Hay un cerebro gris en el renacer de la espiritualidad fran\u00adcesa del Gran Siglo. Los estudios de estos \u00faltimos a\u00f1os ponen en evidencia el influjo que ejerci\u00f3 la \u00abRegla de la Perfecci\u00f3n\u00bb en los hombres claves del despertar religioso de Francia. Be\u00adnoit Canfield era un converso anglicano que se refugi\u00f3 en Fran\u00adcia donde vestir\u00eda las libreas de capuchino, llegando a ser un famoso director de conciencias. Su experiencia espiritual que\u00add\u00f3 sellada en la \u00abRegla de la Perfecci\u00f3n\u00bb \u2014camino breve y se\u00adguro\u2014, donde fija la voluntad humana en la voluntad divina, mediante el ejercicio del amor puro. El hacer todo, \u00abporque tal es la voluntad de Dios\u00bb, pod\u00eda conducir a las almas no ya a la contemplaci\u00f3n, sino a aquella morada \u2014tercer c\u00edrculo del ana\u00adgrama\u2014 en la que el alma ser\u00e1 totalmente de Dios, como si fuera absorbida por la Divinidad. Esta doctrina del capuchino ingl\u00e9s orient\u00f3 toda la asc\u00e9tica del dominio de la voluntad hu\u00admana en relaci\u00f3n con la divina. En ella bebieron Pedro B\u00e9rulle y los suyos, Vicente de Pa\u00fal y los c\u00edrculos inquietos de Par\u00eds. La pr\u00e1ctica exagerada de algunas de las ideas de la \u00abRegla de la Perfecci\u00f3n\u00bb por los jansenistas pusieron en entredicho la obra, hasta el punto de ser introducida en el Indice. Hoy nadie duda de la ortodoxia de Benoit Canfield.<span id='easy-footnote-12-51220' class='easy-footnote-margin-adjust'><\/span><span class='easy-footnote'><a href='https:\/\/vincentians.com\/es\/doctrina-espiritual-de-vicente-de-paul\/#easy-footnote-bottom-12-51220' title='BENOIT CANFIELD, as\u00ed conocido para la historia de la espiritualidad, es el nombre religioso de William Fitch, lord Canfield, del condado de Essex. Nacido en 1562, de religi\u00f3n anglicana y converso al catolicismo tras haber estudiado Derecho en Londres. Era el a\u00f1o 1585. Al poco tiempo, des\u00adpu\u00e9s de probar las c\u00e1rceles de Isabel I, hu\u00eda al continente, recibiendo hospitalidad en Francia. En Par\u00eds vest\u00eda el h\u00e1bito de los PP. Capuchinos. En Venecia conoci\u00f3 a Lorenzo de Brindis, y a estos a\u00f1os se remonta la elaboraci\u00f3n de la &lt;em&gt;\u00abRegla de la Perfecci\u00f3n\u00bb, &lt;\/em&gt;que, m\u00e1s tarde, en 1609, pu\u00adblicar\u00eda en Par\u00eds. Par\u00eds se convierte en el centro de irradiaci\u00f3n de su doc\u00adtrina espiritual. Par\u00eds estaba en ebullici\u00f3n espiritual, necesitaba de orien\u00adtaci\u00f3n, de ah\u00ed se explica la gran influencia que obtuvo la &lt;em&gt;\u00abRegla de la Perfecci\u00f3n\u00bb. &lt;\/em&gt;Los primeros en aprovecharse fueron los hombres del Orato\u00adrio de B\u00e9rulle, entre los que se hallaba Vicente de Pa\u00fal. Br\u00e9mond afirma en su &lt;em&gt;\u00abHistoria del sentimiento religioso en Francia\u00bb &lt;\/em&gt;que \u00abCanfield es con su &amp;#8216;R\u00e9gula perfectionis&amp;#8217; el que ha modelado y configurado la oraci\u00f3n del siglo XVII\u00bb (VIII, 226). Canfield mor\u00eda en 1610 en Par\u00eds. Gozaba del carisma de la direcci\u00f3n de esp\u00edritus.'><sup>12<\/sup><\/a><\/span>\n<p>He aqu\u00ed algunos pensamientos de Vicente de Pa\u00fal sobre el ejercicio de la voluntad humana en orden a la santificaci\u00f3n y su semejanza con el pensamiento de la \u00abRegla de la perfec\u00adci\u00f3n\u00bb, que se expone en nota.<span id='easy-footnote-13-51220' class='easy-footnote-margin-adjust'><\/span><span class='easy-footnote'><a href='https:\/\/vincentians.com\/es\/doctrina-espiritual-de-vicente-de-paul\/#easy-footnote-bottom-13-51220' title='Algunos puntos de la &lt;em&gt;\u00abRegla de la Perfecci\u00f3n\u00bb:&lt;\/em&gt;&lt;\/p&gt;\n&lt;p&gt;Toda la perfecci\u00f3n de la vida espiritual consiste en hacer la voluntad de Dios. \u00abRealizo esto o aquello porque tal es la voluntad de Dios\u00bb (c. I).&lt;\/p&gt;\n&lt;p&gt;La aceptaci\u00f3n de la voluntad de Dios es la disposici\u00f3n perfecta para aceptar gustosamente cuanto la misma disponga (c. II).&lt;\/p&gt;\n&lt;p&gt;Hacer toda obra por sola la voluntad de Dios y para agradarle s\u00f3lo a El. La voluntad de Dios contiene toda perfecci\u00f3n, haciendo nuestras ac\u00adciones m\u00e1s perfectas, meritorias y gratas delante de Dios. No hay ning\u00fan fin m\u00e1s alto que el de la voluntad de Dios, de lo que se deduce que no hay obra m\u00e1s excelente que aquella que se realiza por ese fin. Y tanto ser\u00e1 m\u00e1s sublime una obra cuanto m\u00e1s pura sea la intenci\u00f3n de conformarla a la voluntad de Dios (c. III).&lt;\/p&gt;\n&lt;p&gt;La voluntad de Dios ser\u00e1 conocida por la Ley y por la raz\u00f3n. \u00abLa vo\u00adluntad de Dios es la norma de toda nuestra voluntad (c. V).&lt;\/p&gt;\n&lt;p&gt;En cuanto a las acciones que son indiferentes el comportamiento de\u00adber\u00e1 ser:&lt;\/p&gt;\n&lt;p&gt;Si la acci\u00f3n es agradable a los sentidos la \u00abperfecci\u00f3n de la voluntad de Dios\u00bb pide que se rechace y se renuncie.&lt;\/p&gt;\n&lt;p&gt;Si desagrada a los sentidos, exije la aceptaci\u00f3n.&lt;\/p&gt;\n&lt;p&gt;Si la acci\u00f3n es totalmente indiferente, se debe obrar con prontitud y con la sola intenci\u00f3n de hacer la voluntad de Dios. La bondad o malicia de la acci\u00f3n est\u00e1 condicionada a la intenci\u00f3n (c. VI).&lt;\/p&gt;\n&lt;p&gt;La voluntad de Dios abarca grados de perfecci\u00f3n:&lt;\/p&gt;\n&lt;p&gt;Acordarse acto por acto de la voluntad de Dios.&lt;\/p&gt;\n&lt;p&gt;Excluir otro fin que no sea la voluntad de Dios.&lt;\/p&gt;\n&lt;p&gt;Se ha de obrar con agrado, paz y tranquilidad (cc. VIII, IX, X).&lt;\/p&gt;\n&lt;p&gt;Creer con firmeza que lo que se obra es voluntad de Dios, y lo ser\u00e1 si la acci\u00f3n est\u00e1 prescrita por la ley, y que la intenci\u00f3n est\u00e9 ordenada a cumplir la voluntad de Dios (c. XI).&lt;\/p&gt;\n&lt;p&gt;La intenci\u00f3n debe considerar la acci\u00f3n no en s\u00ed misma, sino como voluntad de Dios (c. XII).&lt;\/p&gt;\n&lt;p&gt;Considerar la acci\u00f3n no como propia, sino como de Dios (c. XIV).&lt;\/p&gt;\n&lt;p&gt;La pr\u00e1ctica de la voluntad de Dios contiene el ejercicio de toda virtud y mortificaci\u00f3n y la verdadera imitaci\u00f3n de la vida y pasi\u00f3n de&lt;\/p&gt;\n&lt;p&gt;Jesucristo (c. XVI).&lt;\/p&gt;\n&lt;p&gt;Cuatro formas de hacer la oraci\u00f3n:&lt;\/p&gt;\n&lt;p&gt;Oraci\u00f3n vocal,&lt;\/p&gt;\n&lt;p&gt;oraci\u00f3n mental,&lt;\/p&gt;\n&lt;p&gt;oraci\u00f3n de \u00abaspiraciones\u00bb,&lt;\/p&gt;\n&lt;p&gt;oraci\u00f3n que se hace en la sola voluntad de Dios, mediante la adhesi\u00f3n a la misma. Se basa en el puro amor y caridad de Dios (c. XIX).&lt;\/p&gt;\n&lt;p&gt;Este es el camino m\u00e1s breve y r\u00e1pido para llegar a la uni\u00f3n total de Dios.&lt;\/p&gt;\n&lt;p&gt;Cf. BENOIT CANFIELD, &lt;em&gt;Regola di Perfezione, &lt;\/em&gt;ed. dell&amp;#8217;INA, vol. XVIII, Roma 1972. DE VEGHEL, O., &lt;em&gt;Benoit de Canfield, sa vie, sa doctrine et son influence, &lt;\/em&gt;Roma 1949.'><sup>13<\/sup><\/a><\/span>\n<p style=\"padding-left: 30px\">\u00abY porque la santa pr\u00e1ctica de hacer siempre y en todas las cosas la voluntad de Dios es un medio seguro de adquirir en poco tiempo la perfecci\u00f3n cristiana, cada uno procurar\u00e1, en cuanto le sea posible, el familiarizarse con ella, cumpliendo es\u00adtas cuatro cosas:<\/p>\n<p style=\"padding-left: 30px\">Primero: ejecutando como es debido las cosas que nos son mandadas, y huyendo cuidadosamente de las que nos son prohibidas, y eso siempre que nos conste que tal mandato o prohi\u00adbici\u00f3n viene de Dios, de la Iglesia, de nuestros superiores o de nuestras Reglas o Constituciones.<\/p>\n<p style=\"padding-left: 30px\">Segundo: escogiendo entre las cosas indiferentes aquellas que repugnan a nuestra naturaleza m\u00e1s que las que aquellas que la satisfacen, a no ser que \u00e9stas sean necesarias, pues en este caso hay que preferirlas a las otras, pero consider\u00e1ndolas siempre en cuanto son m\u00e1s gratas a Dios y no en cuanto de\u00adleitan a los sentidos. Si se presentan varias cosas indiferentes por naturaleza, entonces conviene elegir indiferentemente lo que uno quiera, como venido de la Divina Providencia.<\/p>\n<p style=\"padding-left: 30px\">Tercero: recibiendo con igualdad de \u00e1nimo las cosas que nos suceden inopinadamente, como las aflicciones o consuelos, sean corporales o espirituales, por venir de la mano paternal de Nuestro Se\u00f1or.<\/p>\n<p style=\"padding-left: 30px\">Cuarto: haciendo todas las cosas, porque tal es el benepl\u00e1\u00adcito divino y por imitar en ello en cuanto nos sea posible, a Nuestro Se\u00f1or Jesucristo&#8230;<\/p>\n<p>A\u00f1ade la Regla que el cumplimiento de la voluntad de Dios en todas las cosas es un ejercicio que nos ayuda a adquirir la perfecci\u00f3n propia de un cristiano y de un misionero. Es de notar \u00abque los maestros de esp\u00edritu proponen diversos ejerci\u00adcios, que ellos practicaron de diversas maneras. Unos se pro\u00adpusieron (Francisco de Sales) la indiferencia en todo, siendo de parecer que la perfecci\u00f3n consiste en no rehusar ni desear nada de cuanto Dios env\u00eda. Ejercicio santo el de querer lo que Dios quiere sin querer nada en particular.<\/p>\n<p>Otros se propon\u00edan obrar con pureza de intenci\u00f3n, mirando a Dios en las cosas que suceden. El ejercicio de hacer siempre la voluntad de Dios es m\u00e1s excelente que todo esto: compren\u00adde la indiferencia y la pureza de intenci\u00f3n y los dem\u00e1s modos que han practicado y aconsejado&#8230; Se ver\u00e1 que Dios es m\u00e1s glorificado con la pr\u00e1ctica de la uni\u00f3n a su voluntad que con todos los otros medios de santificaci\u00f3n, y que no hay nadie que m\u00e1s honre a Dios que aquel que se dedica a esta santa pr\u00e1ctica\u00bb. (Reglas Comunes, c. II, 3; XI, 319).<\/p>\n<p style=\"padding-left: 30px\">\u00abSabemos tambi\u00e9n, Se\u00f1ores, que nuestras obras no tienen valor alguno, si no est\u00e1n animadas de la intenci\u00f3n de agradar a Dios. El Evangelio nos aconseja que hagamos todo por com\u00adplacer a su Divina Majestad\u00bb.<\/p>\n<p>Norma pr\u00e1ctica para adherirnos a la voluntad de Dios.<\/p>\n<p style=\"padding-left: 30px\">\u00abAntes de obrar, preguntarnos: \u00bfEsto que voy a hacer es conforme a las m\u00e1ximas del Hijo de Dios? Si es as\u00ed, hacerlo, y si no, decir: No lo har\u00e9. O bien: Se\u00f1or, si estuvieras en mi lu\u00adgar, \u00bfqu\u00e9 har\u00edas en esta ocasi\u00f3n? \u00bfC\u00f3mo instruir\u00edas a tu pue\u00adblo? \u00bfC\u00f3mo consolar\u00edas a este enfermo de alma o de cuerpo?\u00bb (XI, 348).<\/p>\n<p>Examinando m\u00e1s detalladamente esta adhesi\u00f3n de la vo\u00adluntad humana a la voluntad de Dios, encontramos un matiz peculiar, intenso y delicado: es la comuni\u00f3n en los mismos sentimientos de Jesucristo; actuar con el mismo estado de \u00e1ni\u00admo con el que \u00e9l mismo act\u00faa; y con su mismo sentir, no el nuestro, dirigirnos al Padre y a los hombres.<\/p>\n<p>Escribiendo a Francisco Dufestel, el 26 de agosto de 1642, tras comunicarle el profundo dolor que siente por el abandono de la Misi\u00f3n de varios misioneros, le dice: \u00abDespu\u00e9s de la sa\u00adlida del padre Louistre, me puse a rezar el oficio con ese sufri\u00admiento; pero Dios quiso consolarme con el recuerdo que tuve de que, cuando llegaba la hora del combate, \u00e9l mandaba pro\u00adclamar al son de la trompeta que todos los que tuviesen mie\u00addo, los que se hubieran casado, o plantado una vi\u00f1a, o cons\u00adtru\u00eddo una casa aquel a\u00f1o, se retirasen, por creer que esa clase de hombres hac\u00edan m\u00e1s da\u00f1o que provecho a la hora de com\u00adbatir. Y en seguida pens\u00e9 que, lo mismo que algunos hab\u00edan fallado en su vocaci\u00f3n por culpa de uno solo que ten\u00eda ese mal, as\u00ed ellos no har\u00e1n tanto mal a la compa\u00f1\u00eda como si hubiesen permanecido en ella toda su vida; de este modo Dios me quiso consolar extraordinariamente. En el nombre del Se\u00f1or, hay que honrar la inmensa multitud y el peque\u00f1o n\u00famero de los que siguieron y perseveraron al lado de nuestro Se\u00f1or; quiero de\u00adcir que DEBEMOS HONRAR EL ESTADO DE SU ESPIRITU EN AQUELLAS OCASIONES\u00bb. (II, 287).<\/p>\n<p>Escribiendo Vicente al superior de la casa de la Misi\u00f3n de Roma, Bernardo Codoing, tras comunicarle las primicias de la asamblea celebrada en san L\u00e1zaro, le dice: \u00abHAGA EL FAVOR DE HONRAR EN ESTO EL SILENCIO DE NUESTRO SE\u00ad\u00d1OR\u00bb. (II, 308).<\/p>\n<h2>4. <em>Otras influencias.<\/em><\/h2>\n<p>Vicente profes\u00f3 veneraci\u00f3n a la asc\u00e9tica y m\u00edstica espa\u00ad\u00f1olas. Conoc\u00eda la vida y obra de Teresa de Jes\u00fas, reformadora del Carmelo, a la que llama la \u00abGran maestra de la vida espi\u00adritual\u00bb (IV, 577); San Vicente Ferrer, cuyos escritos ten\u00eda a la cabecera de la cama; el P. Granada, recomendado insisten\u00adtemente para los d\u00edas de ejercicios y d\u00edas de retiro. A la Com\u00adpa\u00f1\u00eda de Jes\u00fas se la llamaba en familia la \u00abGran Compa\u00f1\u00eda\u00bb en oposici\u00f3n a la Misi\u00f3n, la \u00abpeque\u00f1a\u00bb. Vicente conoc\u00eda la vi\u00adda y obra de Ignacio de Loyola, las reglas de su Compa\u00f1\u00eda, sus votos, su predicaci\u00f3n, los ejercicios, el m\u00e9todo de ense\u00f1anza. La doctrina espiritual de la \u00abGran Compa\u00f1\u00eda\u00bb es presentada por Vicente a los misioneros como modelo a seguir. En San L\u00e1zaro y en las casas de la Misi\u00f3n se hac\u00eda la lectura del co\u00admedor en los escritos del P. Rodr\u00edguez, pr\u00e1ctica que ha sobre\u00advivido hasta nuestros d\u00edas. Ignacio, Francisco de Javier, los Jesuitas de Francia&#8230;, son citados y comentados en los escri\u00adtos del santo.<span id='easy-footnote-14-51220' class='easy-footnote-margin-adjust'><\/span><span class='easy-footnote'><a href='https:\/\/vincentians.com\/es\/doctrina-espiritual-de-vicente-de-paul\/#easy-footnote-bottom-14-51220' title='COSTE, XIV, 284-286, ver &lt;em&gt;Jesuites.&lt;\/em&gt;'><sup>14<\/sup><\/a><\/span>\n<p>Hay otras influencias espirituales, llam\u00e9moslas menores, que han enriquecido el esp\u00edritu de Vicente: la <em>Imitaci\u00f3n de Cristo, <\/em>la asc\u00e9tica y m\u00edstica flamenco-renana, el <em>Libro de me\u00additaciones <\/em>del P. Bus\u00e9e, jesuita; sin olvidar el influjo de su director espiritual, el \u00absanto y sabio\u00bb te\u00f3logo M. Duval.<span id='easy-footnote-15-51220' class='easy-footnote-margin-adjust'><\/span><span class='easy-footnote'><a href='https:\/\/vincentians.com\/es\/doctrina-espiritual-de-vicente-de-paul\/#easy-footnote-bottom-15-51220' title='Ibid. ver: &lt;em&gt;Imitation de J\u00e9sus-Christi, Duval, Bus\u00e9e.&lt;\/em&gt;'><sup>15<\/sup><\/a><\/span>\n<p>Todas estas corrientes de espiritualidad le descubr\u00edan la \u00abGran Figura\u00bb del Verbo Encarnado, que est\u00e1 presente ante el Padre como v\u00edctima, y ante los humanos como misericordia. Le iluminaban con sus rayos los distintos momentos del Cris\u00adto hist\u00f3rico: Cristo pobre y para los pobres, que sufre y es calumniado en ellos; Cristo compasivo, misericordioso y lleno de dulzura para ellos. Le impulsaban a conectar su vida con la voluntad de Dios, siempre buscada, con la divina Providencia, pues \u00e9sta, en definitiva, dirige el acontecer del mundo.<\/p>\n<p style=\"padding-left: 30px\">\u00ab\u00bfQu\u00e9 hacer en este momento? Aquello que har\u00eda Cristo. He aqu\u00ed la sabidur\u00eda vicenciana ofrecida a los suyos (XI, 53).<\/p>\n<p>\u00abJesucristo es la regla de la Misi\u00f3n\u00bb. La inspiraci\u00f3n evan\u00adg\u00e9lica de la doctrina vicenciana es total. Las Reglas son tan s\u00f3lo el compendio del Evangelio m\u00e1s acomodado a los misio\u00adneros.<span id='easy-footnote-16-51220' class='easy-footnote-margin-adjust'><\/span><span class='easy-footnote'><a href='https:\/\/vincentians.com\/es\/doctrina-espiritual-de-vicente-de-paul\/#easy-footnote-bottom-16-51220' title='Cf. DODIN, &lt;em&gt;V. &lt;\/em&gt;&lt;em&gt;de P., pervivencia de un fundador, &lt;\/em&gt;33-86.&lt;\/p&gt;\n&lt;p&gt;Refiri\u00e9ndose a los ejercitantes Vicente de Pa\u00fal recomienda para la lec\u00adtura espiritual los siguientes autores: \u00abLos que sepan leer, leer\u00e1n todos los d\u00edas pausada y atentamente un cap\u00edtulo del libro del venerable Fran\u00adcisco de Sales &lt;em&gt;\u00abIntroducci\u00f3n a la vida devota\u00bb&amp;#8230; &lt;\/em&gt;(XIII, 435). \u00abLa lectura espiritual podr\u00e1 ser en la &lt;em&gt;\u00abImitaci\u00f3n de Cristo\u00bb, &lt;\/em&gt;de Tom\u00e1s de Kempis, co\u00admo tambi\u00e9n en Granada, relacionada con el asunto de la meditaci\u00f3n. El d\u00eda de la confesi\u00f3n general la oraci\u00f3n ser\u00e1 en el &lt;em&gt;\u00abMemorial\u00bb &lt;\/em&gt;del Padre Grana\u00adda, muy bueno para excitar la contricci\u00f3n\u00bb. \u00abLeed el &lt;em&gt;&amp;#8216;Libro del amor de Dios&amp;#8217;, &lt;\/em&gt;escribiendo a Luisa de Marillac, sobre todo lo que se refiere a la voluntad de Dios y a la indiferencia\u00bb (I, 86).'><sup>16<\/sup><\/a><\/span>\n<h2>5. <em>S\u00edntesis doctrinal.<\/em><\/h2>\n<p>He aqu\u00ed los elementos b\u00e1sicos de la espiritualidad de Vi\u00adcente:<\/p>\n<ol>\n<li>Apoyarse en Dios y no en s\u00ed mismo.<\/li>\n<li>Establecer el reino de Dios primero en s\u00ed mismo, des\u00adpu\u00e9s en los dem\u00e1s.<\/li>\n<li>Uno mismo es el amor al pr\u00f3jimo y el amor a Dios.<\/li>\n<li>Unir el amor afectivo al amor pr\u00e1ctico.<\/li>\n<\/ol>\n<p>De tal reflexi\u00f3n evang\u00e9lica se deduce:<\/p>\n<ol>\n<li>Que el pensamiento se orienta a la acci\u00f3n: \u00abLa caridad es un fuego que ilumina, inflama y consume\u00bb.<\/li>\n<li>Que se debe unir a los hombres entre s\u00ed y a \u00e9stos, a su vez, unirlos a Dios: \u00abDebemos unirnos al pr\u00f3jimo por caridad para unirnos a Dios por Jesucristo\u00bb. Debemos honrar los sentimientos de Jesucristo y con ellos diri\u00adgirnos al Padre.<\/li>\n<\/ol>\n<p>Vicente extrae su fuerza y carisma del Evangelio: \u00abPonerse al servicio de Dios en y por el servicio del hombre\u00bb.<\/p>\n<p>Paradoja: \u00abEs necesario dejar a Dios por Dios\u00bb.<\/p>\n<p>As\u00ed habla Vicente, \u00abhombre de Dios y hermano de los hom\u00adbres\u00bb.<\/p>\n<p>As\u00ed habla Vicente, \u00abmaestro de la vida espiritual\u00bb.<span id='easy-footnote-17-51220' class='easy-footnote-margin-adjust'><\/span><span class='easy-footnote'><a href='https:\/\/vincentians.com\/es\/doctrina-espiritual-de-vicente-de-paul\/#easy-footnote-bottom-17-51220' title='Cf. IB\u00c1\u00d1EZ BURGOS: COSTE, I, 9-45, ed. cast., Salamanca (1972). HESBERT, M., &lt;em&gt;Vincent, maitre de Vie spirituelle, &lt;\/em&gt;Par\u00eds, 1960. HESBERT et BERTAUD, &lt;em&gt;Spiritualit\u00e9 de l&amp;#8217;Action, &lt;\/em&gt;Par\u00eds, 1960. IB\u00c1\u00d1EZ BURGOS, &lt;em&gt;Saint Vin\u00adcent et l&amp;#8217;Evangelisation des Pauvres, &lt;\/em&gt;Par\u00eds, 1971, 3.a parte, 278-341.'><sup>17<\/sup><\/a><\/span>\n","protected":false},"excerpt":{"rendered":"<p>Tres corrientes de espiritualidad afluyen al esp\u00edritu asimi\u00adlador de Vicente, dando como resultado un caudal inagotable, rico de vitalidad, sumamente original, a donde decenas de gru\u00adpos religiosos, con el c\u00e1ntaro de la inquietud espiritual, van &#8230; <a href=\"https:\/\/vincentians.com\/es\/doctrina-espiritual-de-vicente-de-paul\/\" class=\"more-link\">Read More<\/a><\/p>\n","protected":false},"author":4,"featured_media":400152,"comment_status":"open","ping_status":"open","sticky":false,"template":"","format":"standard","meta":{"jetpack_post_was_ever_published":false,"_jetpack_newsletter_access":"","_jetpack_dont_email_post_to_subs":false,"_jetpack_newsletter_tier_id":0,"_jetpack_memberships_contains_paywalled_content":false,"_jetpack_memberships_contains_paid_content":false,"footnotes":"","jetpack_publicize_message":"","jetpack_publicize_feature_enabled":true,"jetpack_social_post_already_shared":true,"jetpack_social_options":{"image_generator_settings":{"template":"highway","default_image_id":0,"font":"","enabled":false},"version":2}},"categories":[5],"tags":[228,148,256,143],"class_list":["post-51220","post","type-post","status-publish","format-standard","has-post-thumbnail","hentry","category-vicente-de-paul","tag-calvet","tag-clichy","tag-madre-chantal","tag-san-lazaro"],"yoast_head":"<!-- This site is optimized with the Yoast SEO plugin v26.3 - https:\/\/yoast.com\/wordpress\/plugins\/seo\/ -->\n<title>Doctrina espiritual de Vicente de Pa\u00fal - Somos Vicencianos<\/title>\n<meta name=\"robots\" content=\"index, follow, max-snippet:-1, max-image-preview:large, max-video-preview:-1\" \/>\n<link rel=\"canonical\" href=\"https:\/\/vincentians.com\/es\/doctrina-espiritual-de-vicente-de-paul\/\" \/>\n<meta property=\"og:locale\" content=\"es_ES\" \/>\n<meta property=\"og:type\" content=\"article\" \/>\n<meta property=\"og:title\" content=\"Doctrina espiritual de Vicente de Pa\u00fal - Somos Vicencianos\" \/>\n<meta property=\"og:description\" content=\"Tres corrientes de espiritualidad afluyen al esp\u00edritu asimi\u00adlador de Vicente, dando como resultado un caudal inagotable, rico de vitalidad, sumamente original, a donde decenas de gru\u00adpos religiosos, con el c\u00e1ntaro de la inquietud espiritual, van ... Read More\" \/>\n<meta property=\"og:url\" content=\"https:\/\/vincentians.com\/es\/doctrina-espiritual-de-vicente-de-paul\/\" \/>\n<meta property=\"og:site_name\" content=\"Somos Vicencianos\" \/>\n<meta property=\"article:publisher\" content=\"https:\/\/www.facebook.com\/WeAreVincentians\/\" \/>\n<meta property=\"article:author\" content=\"https:\/\/www.facebook.com\/JavierChento\" \/>\n<meta property=\"article:published_time\" content=\"2019-09-15T06:51:29+00:00\" \/>\n<meta property=\"og:image\" content=\"https:\/\/i0.wp.com\/vincentians.com\/es\/wp-content\/uploads\/sites\/11\/2016\/10\/ranquines.jpg?fit=1200%2C630&ssl=1\" \/>\n\t<meta property=\"og:image:width\" content=\"1200\" \/>\n\t<meta property=\"og:image:height\" content=\"630\" \/>\n\t<meta property=\"og:image:type\" content=\"image\/jpeg\" \/>\n<meta name=\"author\" content=\"Francisco Javier Fern\u00e1ndez Chento\" \/>\n<meta name=\"twitter:card\" content=\"summary_large_image\" \/>\n<meta name=\"twitter:creator\" content=\"@https:\/\/twitter.com\/javierchento\" \/>\n<meta name=\"twitter:site\" content=\"@WeVincentians\" \/>\n<meta name=\"twitter:label1\" content=\"Escrito por\" \/>\n\t<meta name=\"twitter:data1\" content=\"Francisco Javier Fern\u00e1ndez Chento\" \/>\n\t<meta name=\"twitter:label2\" content=\"Tiempo de lectura\" \/>\n\t<meta name=\"twitter:data2\" content=\"26 minutos\" \/>\n<script type=\"application\/ld+json\" class=\"yoast-schema-graph\">{\"@context\":\"https:\/\/schema.org\",\"@graph\":[{\"@type\":\"Article\",\"@id\":\"https:\/\/vincentians.com\/es\/doctrina-espiritual-de-vicente-de-paul\/#article\",\"isPartOf\":{\"@id\":\"https:\/\/vincentians.com\/es\/doctrina-espiritual-de-vicente-de-paul\/\"},\"author\":{\"name\":\"Francisco Javier Fern\u00e1ndez Chento\",\"@id\":\"http:\/\/vincentians.com\/es\/#\/schema\/person\/9623ef4d9aa3b2dfb8c061f1499288f2\"},\"headline\":\"Doctrina espiritual de Vicente de Pa\u00fal\",\"datePublished\":\"2019-09-15T06:51:29+00:00\",\"mainEntityOfPage\":{\"@id\":\"https:\/\/vincentians.com\/es\/doctrina-espiritual-de-vicente-de-paul\/\"},\"wordCount\":5145,\"commentCount\":0,\"publisher\":{\"@id\":\"http:\/\/vincentians.com\/es\/#organization\"},\"image\":{\"@id\":\"https:\/\/vincentians.com\/es\/doctrina-espiritual-de-vicente-de-paul\/#primaryimage\"},\"thumbnailUrl\":\"https:\/\/i0.wp.com\/vincentians.com\/es\/wp-content\/uploads\/sites\/11\/2016\/10\/ranquines.jpg?fit=1200%2C630&ssl=1\",\"keywords\":[\"Calvet\",\"Clichy\",\"Madre Chantal\",\"San L\u00e1zaro\"],\"articleSection\":[\"Vicente de Pa\u00fal\"],\"inLanguage\":\"es\",\"potentialAction\":[{\"@type\":\"CommentAction\",\"name\":\"Comment\",\"target\":[\"https:\/\/vincentians.com\/es\/doctrina-espiritual-de-vicente-de-paul\/#respond\"]}]},{\"@type\":\"WebPage\",\"@id\":\"https:\/\/vincentians.com\/es\/doctrina-espiritual-de-vicente-de-paul\/\",\"url\":\"https:\/\/vincentians.com\/es\/doctrina-espiritual-de-vicente-de-paul\/\",\"name\":\"Doctrina espiritual de Vicente de Pa\u00fal - Somos Vicencianos\",\"isPartOf\":{\"@id\":\"http:\/\/vincentians.com\/es\/#website\"},\"primaryImageOfPage\":{\"@id\":\"https:\/\/vincentians.com\/es\/doctrina-espiritual-de-vicente-de-paul\/#primaryimage\"},\"image\":{\"@id\":\"https:\/\/vincentians.com\/es\/doctrina-espiritual-de-vicente-de-paul\/#primaryimage\"},\"thumbnailUrl\":\"https:\/\/i0.wp.com\/vincentians.com\/es\/wp-content\/uploads\/sites\/11\/2016\/10\/ranquines.jpg?fit=1200%2C630&ssl=1\",\"datePublished\":\"2019-09-15T06:51:29+00:00\",\"breadcrumb\":{\"@id\":\"https:\/\/vincentians.com\/es\/doctrina-espiritual-de-vicente-de-paul\/#breadcrumb\"},\"inLanguage\":\"es\",\"potentialAction\":[{\"@type\":\"ReadAction\",\"target\":[\"https:\/\/vincentians.com\/es\/doctrina-espiritual-de-vicente-de-paul\/\"]}]},{\"@type\":\"ImageObject\",\"inLanguage\":\"es\",\"@id\":\"https:\/\/vincentians.com\/es\/doctrina-espiritual-de-vicente-de-paul\/#primaryimage\",\"url\":\"https:\/\/i0.wp.com\/vincentians.com\/es\/wp-content\/uploads\/sites\/11\/2016\/10\/ranquines.jpg?fit=1200%2C630&ssl=1\",\"contentUrl\":\"https:\/\/i0.wp.com\/vincentians.com\/es\/wp-content\/uploads\/sites\/11\/2016\/10\/ranquines.jpg?fit=1200%2C630&ssl=1\",\"width\":1200,\"height\":630},{\"@type\":\"BreadcrumbList\",\"@id\":\"https:\/\/vincentians.com\/es\/doctrina-espiritual-de-vicente-de-paul\/#breadcrumb\",\"itemListElement\":[{\"@type\":\"ListItem\",\"position\":1,\"name\":\"Portada\",\"item\":\"http:\/\/vincentians.com\/es\/\"},{\"@type\":\"ListItem\",\"position\":2,\"name\":\"Doctrina espiritual de Vicente de Pa\u00fal\"}]},{\"@type\":\"WebSite\",\"@id\":\"http:\/\/vincentians.com\/es\/#website\",\"url\":\"http:\/\/vincentians.com\/es\/\",\"name\":\"Somos Vicencianos\",\"description\":\"Know more to serve more\",\"publisher\":{\"@id\":\"http:\/\/vincentians.com\/es\/#organization\"},\"potentialAction\":[{\"@type\":\"SearchAction\",\"target\":{\"@type\":\"EntryPoint\",\"urlTemplate\":\"http:\/\/vincentians.com\/es\/?s={search_term_string}\"},\"query-input\":{\"@type\":\"PropertyValueSpecification\",\"valueRequired\":true,\"valueName\":\"search_term_string\"}}],\"inLanguage\":\"es\"},{\"@type\":\"Organization\",\"@id\":\"http:\/\/vincentians.com\/es\/#organization\",\"name\":\"The Vincentian Network\",\"url\":\"http:\/\/vincentians.com\/es\/\",\"logo\":{\"@type\":\"ImageObject\",\"inLanguage\":\"es\",\"@id\":\"http:\/\/vincentians.com\/es\/#\/schema\/logo\/image\/\",\"url\":\"https:\/\/i1.wp.com\/vincentians.com\/es\/wp-content\/uploads\/sites\/11\/2016\/06\/Vincentian-Network-logo-big.png?fit=778%2C778\",\"contentUrl\":\"https:\/\/i1.wp.com\/vincentians.com\/es\/wp-content\/uploads\/sites\/11\/2016\/06\/Vincentian-Network-logo-big.png?fit=778%2C778\",\"width\":778,\"height\":778,\"caption\":\"The Vincentian Network\"},\"image\":{\"@id\":\"http:\/\/vincentians.com\/es\/#\/schema\/logo\/image\/\"},\"sameAs\":[\"https:\/\/www.facebook.com\/WeAreVincentians\/\",\"https:\/\/x.com\/WeVincentians\"]},{\"@type\":\"Person\",\"@id\":\"http:\/\/vincentians.com\/es\/#\/schema\/person\/9623ef4d9aa3b2dfb8c061f1499288f2\",\"name\":\"Francisco Javier Fern\u00e1ndez Chento\",\"image\":{\"@type\":\"ImageObject\",\"inLanguage\":\"es\",\"@id\":\"http:\/\/vincentians.com\/es\/#\/schema\/person\/image\/\",\"url\":\"https:\/\/secure.gravatar.com\/avatar\/497d5cde87b4c3d097d0315953521681ba2cd523ee66e5077c3711f7021e65de?s=96&d=mm&r=g\",\"contentUrl\":\"https:\/\/secure.gravatar.com\/avatar\/497d5cde87b4c3d097d0315953521681ba2cd523ee66e5077c3711f7021e65de?s=96&d=mm&r=g\",\"caption\":\"Francisco Javier Fern\u00e1ndez Chento\"},\"description\":\"Director General y cofundador de La Red de Formaci\u00f3n Vicenciana. Javier es laico vicenciano, afiliado a la Congregaci\u00f3n de la Misi\u00f3n y miembro del Equipo de Misiones Populares de la provincia can\u00f3nica de Zaragoza (Espa\u00f1a) de la Congregaci\u00f3n de la Misi\u00f3n. Graduado en la Universidad Oberta de Catalunya con cuatro grados (Asistente de direcci\u00f3n, Gesti\u00f3n Administrativa, Recursos Humanos y Contabilidad Avanzada). Bil\u00edng\u00fce Espa\u00f1ol\/Ingl\u00e9s. gestiona y mantiene varias p\u00e1ginas web cristianas y vicencianas, incluida including La Red de Formaci\u00f3n Vicenciana, de la que es cofundador. Actualmente es responsable del \u00e1rea de Espa\u00f1ol de .famvin, la Red de Noticias de la Familia Vicenciana. Tambi\u00e9n es m\u00fasico cat\u00f3lico y ha editado varios discos. Es Director General y cofundador de Trovador, una reconocida compa\u00f1\u00eda discogr\u00e1fica critiana de Espa\u00f1a. Trabaja en las Tecnolog\u00edas de la Informaci\u00f3n, ofreciendo servicios de alojamiento, dise\u00f1o y mantenimiento Web, as\u00ed como asesoramiento, formaci\u00f3n y soluciones inform\u00e1ticas, gesti\u00f3n documental y digitalizaci\u00f3n de textos, edici\u00f3n y maquetaci\u00f3n de libros, revistas, flyers, etc.\",\"sameAs\":[\"http:\/\/chento.org\",\"https:\/\/www.facebook.com\/JavierChento\",\"https:\/\/x.com\/https:\/\/twitter.com\/javierchento\"],\"url\":\"https:\/\/vincentians.com\/es\/author\/chento\/\"}]}<\/script>\n<!-- \/ Yoast SEO plugin. -->","yoast_head_json":{"title":"Doctrina espiritual de Vicente de Pa\u00fal - Somos Vicencianos","robots":{"index":"index","follow":"follow","max-snippet":"max-snippet:-1","max-image-preview":"max-image-preview:large","max-video-preview":"max-video-preview:-1"},"canonical":"https:\/\/vincentians.com\/es\/doctrina-espiritual-de-vicente-de-paul\/","og_locale":"es_ES","og_type":"article","og_title":"Doctrina espiritual de Vicente de Pa\u00fal - Somos Vicencianos","og_description":"Tres corrientes de espiritualidad afluyen al esp\u00edritu asimi\u00adlador de Vicente, dando como resultado un caudal inagotable, rico de vitalidad, sumamente original, a donde decenas de gru\u00adpos religiosos, con el c\u00e1ntaro de la inquietud espiritual, van ... Read More","og_url":"https:\/\/vincentians.com\/es\/doctrina-espiritual-de-vicente-de-paul\/","og_site_name":"Somos Vicencianos","article_publisher":"https:\/\/www.facebook.com\/WeAreVincentians\/","article_author":"https:\/\/www.facebook.com\/JavierChento","article_published_time":"2019-09-15T06:51:29+00:00","og_image":[{"width":1200,"height":630,"url":"https:\/\/i0.wp.com\/vincentians.com\/es\/wp-content\/uploads\/sites\/11\/2016\/10\/ranquines.jpg?fit=1200%2C630&ssl=1","type":"image\/jpeg"}],"author":"Francisco Javier Fern\u00e1ndez Chento","twitter_card":"summary_large_image","twitter_creator":"@https:\/\/twitter.com\/javierchento","twitter_site":"@WeVincentians","twitter_misc":{"Escrito por":"Francisco Javier Fern\u00e1ndez Chento","Tiempo de lectura":"26 minutos"},"schema":{"@context":"https:\/\/schema.org","@graph":[{"@type":"Article","@id":"https:\/\/vincentians.com\/es\/doctrina-espiritual-de-vicente-de-paul\/#article","isPartOf":{"@id":"https:\/\/vincentians.com\/es\/doctrina-espiritual-de-vicente-de-paul\/"},"author":{"name":"Francisco Javier Fern\u00e1ndez Chento","@id":"http:\/\/vincentians.com\/es\/#\/schema\/person\/9623ef4d9aa3b2dfb8c061f1499288f2"},"headline":"Doctrina espiritual de Vicente de Pa\u00fal","datePublished":"2019-09-15T06:51:29+00:00","mainEntityOfPage":{"@id":"https:\/\/vincentians.com\/es\/doctrina-espiritual-de-vicente-de-paul\/"},"wordCount":5145,"commentCount":0,"publisher":{"@id":"http:\/\/vincentians.com\/es\/#organization"},"image":{"@id":"https:\/\/vincentians.com\/es\/doctrina-espiritual-de-vicente-de-paul\/#primaryimage"},"thumbnailUrl":"https:\/\/i0.wp.com\/vincentians.com\/es\/wp-content\/uploads\/sites\/11\/2016\/10\/ranquines.jpg?fit=1200%2C630&ssl=1","keywords":["Calvet","Clichy","Madre Chantal","San L\u00e1zaro"],"articleSection":["Vicente de Pa\u00fal"],"inLanguage":"es","potentialAction":[{"@type":"CommentAction","name":"Comment","target":["https:\/\/vincentians.com\/es\/doctrina-espiritual-de-vicente-de-paul\/#respond"]}]},{"@type":"WebPage","@id":"https:\/\/vincentians.com\/es\/doctrina-espiritual-de-vicente-de-paul\/","url":"https:\/\/vincentians.com\/es\/doctrina-espiritual-de-vicente-de-paul\/","name":"Doctrina espiritual de Vicente de Pa\u00fal - Somos Vicencianos","isPartOf":{"@id":"http:\/\/vincentians.com\/es\/#website"},"primaryImageOfPage":{"@id":"https:\/\/vincentians.com\/es\/doctrina-espiritual-de-vicente-de-paul\/#primaryimage"},"image":{"@id":"https:\/\/vincentians.com\/es\/doctrina-espiritual-de-vicente-de-paul\/#primaryimage"},"thumbnailUrl":"https:\/\/i0.wp.com\/vincentians.com\/es\/wp-content\/uploads\/sites\/11\/2016\/10\/ranquines.jpg?fit=1200%2C630&ssl=1","datePublished":"2019-09-15T06:51:29+00:00","breadcrumb":{"@id":"https:\/\/vincentians.com\/es\/doctrina-espiritual-de-vicente-de-paul\/#breadcrumb"},"inLanguage":"es","potentialAction":[{"@type":"ReadAction","target":["https:\/\/vincentians.com\/es\/doctrina-espiritual-de-vicente-de-paul\/"]}]},{"@type":"ImageObject","inLanguage":"es","@id":"https:\/\/vincentians.com\/es\/doctrina-espiritual-de-vicente-de-paul\/#primaryimage","url":"https:\/\/i0.wp.com\/vincentians.com\/es\/wp-content\/uploads\/sites\/11\/2016\/10\/ranquines.jpg?fit=1200%2C630&ssl=1","contentUrl":"https:\/\/i0.wp.com\/vincentians.com\/es\/wp-content\/uploads\/sites\/11\/2016\/10\/ranquines.jpg?fit=1200%2C630&ssl=1","width":1200,"height":630},{"@type":"BreadcrumbList","@id":"https:\/\/vincentians.com\/es\/doctrina-espiritual-de-vicente-de-paul\/#breadcrumb","itemListElement":[{"@type":"ListItem","position":1,"name":"Portada","item":"http:\/\/vincentians.com\/es\/"},{"@type":"ListItem","position":2,"name":"Doctrina espiritual de Vicente de Pa\u00fal"}]},{"@type":"WebSite","@id":"http:\/\/vincentians.com\/es\/#website","url":"http:\/\/vincentians.com\/es\/","name":"Somos Vicencianos","description":"Know more to serve more","publisher":{"@id":"http:\/\/vincentians.com\/es\/#organization"},"potentialAction":[{"@type":"SearchAction","target":{"@type":"EntryPoint","urlTemplate":"http:\/\/vincentians.com\/es\/?s={search_term_string}"},"query-input":{"@type":"PropertyValueSpecification","valueRequired":true,"valueName":"search_term_string"}}],"inLanguage":"es"},{"@type":"Organization","@id":"http:\/\/vincentians.com\/es\/#organization","name":"The Vincentian Network","url":"http:\/\/vincentians.com\/es\/","logo":{"@type":"ImageObject","inLanguage":"es","@id":"http:\/\/vincentians.com\/es\/#\/schema\/logo\/image\/","url":"https:\/\/i1.wp.com\/vincentians.com\/es\/wp-content\/uploads\/sites\/11\/2016\/06\/Vincentian-Network-logo-big.png?fit=778%2C778","contentUrl":"https:\/\/i1.wp.com\/vincentians.com\/es\/wp-content\/uploads\/sites\/11\/2016\/06\/Vincentian-Network-logo-big.png?fit=778%2C778","width":778,"height":778,"caption":"The Vincentian Network"},"image":{"@id":"http:\/\/vincentians.com\/es\/#\/schema\/logo\/image\/"},"sameAs":["https:\/\/www.facebook.com\/WeAreVincentians\/","https:\/\/x.com\/WeVincentians"]},{"@type":"Person","@id":"http:\/\/vincentians.com\/es\/#\/schema\/person\/9623ef4d9aa3b2dfb8c061f1499288f2","name":"Francisco Javier Fern\u00e1ndez Chento","image":{"@type":"ImageObject","inLanguage":"es","@id":"http:\/\/vincentians.com\/es\/#\/schema\/person\/image\/","url":"https:\/\/secure.gravatar.com\/avatar\/497d5cde87b4c3d097d0315953521681ba2cd523ee66e5077c3711f7021e65de?s=96&d=mm&r=g","contentUrl":"https:\/\/secure.gravatar.com\/avatar\/497d5cde87b4c3d097d0315953521681ba2cd523ee66e5077c3711f7021e65de?s=96&d=mm&r=g","caption":"Francisco Javier Fern\u00e1ndez Chento"},"description":"Director General y cofundador de La Red de Formaci\u00f3n Vicenciana. Javier es laico vicenciano, afiliado a la Congregaci\u00f3n de la Misi\u00f3n y miembro del Equipo de Misiones Populares de la provincia can\u00f3nica de Zaragoza (Espa\u00f1a) de la Congregaci\u00f3n de la Misi\u00f3n. Graduado en la Universidad Oberta de Catalunya con cuatro grados (Asistente de direcci\u00f3n, Gesti\u00f3n Administrativa, Recursos Humanos y Contabilidad Avanzada). Bil\u00edng\u00fce Espa\u00f1ol\/Ingl\u00e9s. gestiona y mantiene varias p\u00e1ginas web cristianas y vicencianas, incluida including La Red de Formaci\u00f3n Vicenciana, de la que es cofundador. Actualmente es responsable del \u00e1rea de Espa\u00f1ol de .famvin, la Red de Noticias de la Familia Vicenciana. Tambi\u00e9n es m\u00fasico cat\u00f3lico y ha editado varios discos. Es Director General y cofundador de Trovador, una reconocida compa\u00f1\u00eda discogr\u00e1fica critiana de Espa\u00f1a. Trabaja en las Tecnolog\u00edas de la Informaci\u00f3n, ofreciendo servicios de alojamiento, dise\u00f1o y mantenimiento Web, as\u00ed como asesoramiento, formaci\u00f3n y soluciones inform\u00e1ticas, gesti\u00f3n documental y digitalizaci\u00f3n de textos, edici\u00f3n y maquetaci\u00f3n de libros, revistas, flyers, etc.","sameAs":["http:\/\/chento.org","https:\/\/www.facebook.com\/JavierChento","https:\/\/x.com\/https:\/\/twitter.com\/javierchento"],"url":"https:\/\/vincentians.com\/es\/author\/chento\/"}]}},"jetpack_publicize_connections":[],"jetpack_featured_media_url":"https:\/\/i0.wp.com\/vincentians.com\/es\/wp-content\/uploads\/sites\/11\/2016\/10\/ranquines.jpg?fit=1200%2C630&ssl=1","jetpack_sharing_enabled":true,"jetpack_shortlink":"https:\/\/wp.me\/p7ETMF-dk8","jetpack-related-posts":[{"id":119558,"url":"https:\/\/vincentians.com\/es\/san-vicente-de-paul-y-su-entronque-hispanico-vii\/","url_meta":{"origin":51220,"position":0},"title":"San Vicente de Pa\u00fal y su entronque hisp\u00e1nico (VII)","author":"Francisco Javier Fern\u00e1ndez Chento","date":"21\/08\/2022","format":false,"excerpt":"Art\u00edculo II: Emparentamiento teol\u00f3gico y asc\u00e9tico. No s\u00f3lo depende su formaci\u00f3n teol\u00f3gica, en gran parte, de la Universidad de Zaragoza, en la que bebi\u00f3 aquella doctrina 's\u00f3lida y sana\", que no s\u00f3lo le dio el sentido de la ortodoxia cat\u00f3lica, que le libr\u00f3 y con la que combati\u00f3 victoriosamente las\u2026","rel":"","context":"En \u00abVicente de Pa\u00fal\u00bb","block_context":{"text":"Vicente de Pa\u00fal","link":"https:\/\/vincentians.com\/es\/category\/la-familia-vicenciana\/fundadores\/vicente-de-paul\/"},"img":{"alt_text":"","src":"https:\/\/i0.wp.com\/vincentians.com\/es\/wp-content\/uploads\/sites\/11\/2013\/04\/msoF811D.jpg?fit=612%2C490&ssl=1&resize=350%2C200","width":350,"height":200,"srcset":"https:\/\/i0.wp.com\/vincentians.com\/es\/wp-content\/uploads\/sites\/11\/2013\/04\/msoF811D.jpg?fit=612%2C490&ssl=1&resize=350%2C200 1x, https:\/\/i0.wp.com\/vincentians.com\/es\/wp-content\/uploads\/sites\/11\/2013\/04\/msoF811D.jpg?fit=612%2C490&ssl=1&resize=525%2C300 1.5x"},"classes":[]},{"id":116383,"url":"https:\/\/vincentians.com\/es\/bibliografia-vicenciana-1960-1970-en-torno-a-la-espiritualidad-de-san-vicente\/","url_meta":{"origin":51220,"position":1},"title":"Bibliograf\u00eda Vicenciana 1960-1970 en torno a la espiritualidad de San Vicente","author":"Francisco Javier Fern\u00e1ndez Chento","date":"29\/07\/2021","format":false,"excerpt":"Lo que antes se llamaba Asc\u00e9tica y M\u00edstica, hoy se llama com\u00fanmen\u00adte Espiritualidad. Es una palabra tra\u00edda de Francia, como tantas otras, que tambi\u00e9n han hecho fortuna, m\u00e1s por moda que por convencimiento. As\u00ed se bautizan los tratados de Historia, desde Pourrat (1926) hasta Bouyer-Vandenbroucke (1963). El recomendar tan insistentemente\u2026","rel":"","context":"En \u00abFormaci\u00f3n Vicenciana\u00bb","block_context":{"text":"Formaci\u00f3n Vicenciana","link":"https:\/\/vincentians.com\/es\/category\/formacion-vicenciana\/"},"img":{"alt_text":"","src":"https:\/\/i0.wp.com\/vincentians.com\/es\/wp-content\/uploads\/sites\/11\/2015\/02\/St_Vincent_De_Paul_-bible-1.jpg?fit=1200%2C630&ssl=1&resize=350%2C200","width":350,"height":200,"srcset":"https:\/\/i0.wp.com\/vincentians.com\/es\/wp-content\/uploads\/sites\/11\/2015\/02\/St_Vincent_De_Paul_-bible-1.jpg?fit=1200%2C630&ssl=1&resize=350%2C200 1x, https:\/\/i0.wp.com\/vincentians.com\/es\/wp-content\/uploads\/sites\/11\/2015\/02\/St_Vincent_De_Paul_-bible-1.jpg?fit=1200%2C630&ssl=1&resize=525%2C300 1.5x, https:\/\/i0.wp.com\/vincentians.com\/es\/wp-content\/uploads\/sites\/11\/2015\/02\/St_Vincent_De_Paul_-bible-1.jpg?fit=1200%2C630&ssl=1&resize=700%2C400 2x, https:\/\/i0.wp.com\/vincentians.com\/es\/wp-content\/uploads\/sites\/11\/2015\/02\/St_Vincent_De_Paul_-bible-1.jpg?fit=1200%2C630&ssl=1&resize=1050%2C600 3x"},"classes":[]},{"id":116979,"url":"https:\/\/vincentians.com\/es\/espiritualidad-vicenciana-y-renovacion-conciliar\/","url_meta":{"origin":51220,"position":2},"title":"Espiritualidad vicenciana y renovaci\u00f3n conciliar","author":"Francisco Javier Fern\u00e1ndez Chento","date":"19\/03\/2015","format":false,"excerpt":"En la Iglesia posconciliar se necesita un estudio s\u00f3lido y diverso de la espiritualidad cristiana b\u00e1sica y de las \"espiritualidades\" que han aplicado la Espiritualidad evang\u00e9lica a distintas situa\u00adciones hist\u00f3ricas y a familias religiosas y apost\u00f3licas, para reali\u00adzar la \"adecuada renovaci\u00f3n\" de estas espiritualidades a la au\u00adt\u00e9ntica espiritualidad Cristoc\u00e9ntrica y\u2026","rel":"","context":"En \u00abEspiritualidad vicenciana\u00bb","block_context":{"text":"Espiritualidad vicenciana","link":"https:\/\/vincentians.com\/es\/category\/espiritualidad\/espiritualidad-vicenciana\/"},"img":{"alt_text":"concilio1","src":"https:\/\/i0.wp.com\/vicencianos.org\/wp-content\/2013\/01\/concilio1-300x113.jpg?resize=350%2C200","width":350,"height":200},"classes":[]},{"id":387692,"url":"https:\/\/vincentians.com\/es\/fuentes-de-doctrina-vicenciana-y-criterios-de-lectura\/","url_meta":{"origin":51220,"position":3},"title":"Fuentes de doctrina vicenciana y criterios de lectura","author":"Mitxel Olabu\u00e9naga","date":"14\/08\/2016","format":false,"excerpt":"La vocaci\u00f3n del cristiano consiste en seguir a Jes\u00fas. Cristianos, precisamente, llamaron por primera vez en Antioqu\u00eda a los disc\u00edpulos del Se\u00f1or (cf. Hch 11,26). Desde entonces los seguidores de Cristo expresan su fe viviendo el ideal de la Buena Nueva encarnada y predicada por Jes\u00fas de Nazaret, el Cristo\u2026","rel":"","context":"En \u00abEspiritualidad\u00bb","block_context":{"text":"Espiritualidad","link":"https:\/\/vincentians.com\/es\/category\/espiritualidad\/"},"img":{"alt_text":"","src":"https:\/\/i0.wp.com\/vincentians.com\/es\/wp-content\/uploads\/sites\/11\/2016\/08\/Fuentes-de-doctrina-vicenciana.jpg?fit=1199%2C630&ssl=1&resize=350%2C200","width":350,"height":200,"srcset":"https:\/\/i0.wp.com\/vincentians.com\/es\/wp-content\/uploads\/sites\/11\/2016\/08\/Fuentes-de-doctrina-vicenciana.jpg?fit=1199%2C630&ssl=1&resize=350%2C200 1x, https:\/\/i0.wp.com\/vincentians.com\/es\/wp-content\/uploads\/sites\/11\/2016\/08\/Fuentes-de-doctrina-vicenciana.jpg?fit=1199%2C630&ssl=1&resize=525%2C300 1.5x, https:\/\/i0.wp.com\/vincentians.com\/es\/wp-content\/uploads\/sites\/11\/2016\/08\/Fuentes-de-doctrina-vicenciana.jpg?fit=1199%2C630&ssl=1&resize=700%2C400 2x, https:\/\/i0.wp.com\/vincentians.com\/es\/wp-content\/uploads\/sites\/11\/2016\/08\/Fuentes-de-doctrina-vicenciana.jpg?fit=1199%2C630&ssl=1&resize=1050%2C600 3x"},"classes":[]},{"id":121258,"url":"https:\/\/vincentians.com\/es\/el-signo-de-estos-tiempos-tesis-1a-la-base-personal-la-opcion-preferencial-por-los-pobres\/","url_meta":{"origin":51220,"position":4},"title":"El signo de estos tiempos. Tesis 1\u00aa: La base personal: la opci\u00f3n (preferencial) por los pobres","author":"Francisco Javier Fern\u00e1ndez Chento","date":"28\/06\/2015","format":false,"excerpt":"II. Diez tesis para una teolog\u00eda vicenciana de la liberaci\u00f3n Tesis 1\u00aa: La base personal: la opci\u00f3n (preferencial) por los pobres La dedicaci\u00f3n a la liberaci\u00f3n de los pobres exige una conversi\u00f3n: de la preocupaci\u00f3n por el bienestar personal, incluso de la preocupaci\u00f3n por la salvaci\u00f3n propia, a la preocupaci\u00f3n\u2026","rel":"","context":"En \u00abFormaci\u00f3n Vicenciana\u00bb","block_context":{"text":"Formaci\u00f3n Vicenciana","link":"https:\/\/vincentians.com\/es\/category\/formacion-vicenciana\/"},"img":{"alt_text":"","src":"","width":0,"height":0},"classes":[]},{"id":387712,"url":"https:\/\/vincentians.com\/es\/jesus-hace-siempre-la-voluntad-del-padre\/","url_meta":{"origin":51220,"position":5},"title":"Jes\u00fas hace siempre la voluntad del Padre","author":"Mitxel Olabu\u00e9naga","date":"03\/09\/2016","format":false,"excerpt":"La docilidad a la Providencia y el cumplimiento de la voluntad de Dios, aunque encierran consejos evang\u00e9licos distintos, se confunden muchas veces en la pr\u00e1ctica. El que sigue el plan de Dios, descubierto en la oraci\u00f3n y en el quehacer diario, \u00e9se practica la voluntad del Padre; pero quien no\u2026","rel":"","context":"En \u00abEspiritualidad\u00bb","block_context":{"text":"Espiritualidad","link":"https:\/\/vincentians.com\/es\/category\/espiritualidad\/"},"img":{"alt_text":"","src":"https:\/\/i0.wp.com\/vincentians.com\/es\/wp-content\/uploads\/sites\/11\/2016\/09\/voluntad-del-padre.jpg?fit=1200%2C630&ssl=1&resize=350%2C200","width":350,"height":200,"srcset":"https:\/\/i0.wp.com\/vincentians.com\/es\/wp-content\/uploads\/sites\/11\/2016\/09\/voluntad-del-padre.jpg?fit=1200%2C630&ssl=1&resize=350%2C200 1x, https:\/\/i0.wp.com\/vincentians.com\/es\/wp-content\/uploads\/sites\/11\/2016\/09\/voluntad-del-padre.jpg?fit=1200%2C630&ssl=1&resize=525%2C300 1.5x, https:\/\/i0.wp.com\/vincentians.com\/es\/wp-content\/uploads\/sites\/11\/2016\/09\/voluntad-del-padre.jpg?fit=1200%2C630&ssl=1&resize=700%2C400 2x, https:\/\/i0.wp.com\/vincentians.com\/es\/wp-content\/uploads\/sites\/11\/2016\/09\/voluntad-del-padre.jpg?fit=1200%2C630&ssl=1&resize=1050%2C600 3x"},"classes":[]}],"_links":{"self":[{"href":"https:\/\/vincentians.com\/es\/wp-json\/wp\/v2\/posts\/51220","targetHints":{"allow":["GET"]}}],"collection":[{"href":"https:\/\/vincentians.com\/es\/wp-json\/wp\/v2\/posts"}],"about":[{"href":"https:\/\/vincentians.com\/es\/wp-json\/wp\/v2\/types\/post"}],"author":[{"embeddable":true,"href":"https:\/\/vincentians.com\/es\/wp-json\/wp\/v2\/users\/4"}],"replies":[{"embeddable":true,"href":"https:\/\/vincentians.com\/es\/wp-json\/wp\/v2\/comments?post=51220"}],"version-history":[{"count":1,"href":"https:\/\/vincentians.com\/es\/wp-json\/wp\/v2\/posts\/51220\/revisions"}],"predecessor-version":[{"id":402607,"href":"https:\/\/vincentians.com\/es\/wp-json\/wp\/v2\/posts\/51220\/revisions\/402607"}],"wp:featuredmedia":[{"embeddable":true,"href":"https:\/\/vincentians.com\/es\/wp-json\/wp\/v2\/media\/400152"}],"wp:attachment":[{"href":"https:\/\/vincentians.com\/es\/wp-json\/wp\/v2\/media?parent=51220"}],"wp:term":[{"taxonomy":"category","embeddable":true,"href":"https:\/\/vincentians.com\/es\/wp-json\/wp\/v2\/categories?post=51220"},{"taxonomy":"post_tag","embeddable":true,"href":"https:\/\/vincentians.com\/es\/wp-json\/wp\/v2\/tags?post=51220"}],"curies":[{"name":"wp","href":"https:\/\/api.w.org\/{rel}","templated":true}]}}