{"id":51128,"date":"2015-02-01T07:57:27","date_gmt":"2015-02-01T06:57:27","guid":{"rendered":"http:\/\/somos.vicencianos.org\/blog\/2011\/10\/regla-comentada-de-la-sociedad-de-san-vicente-de-paul-presentacion\/"},"modified":"2015-02-01T07:57:27","modified_gmt":"2015-02-01T06:57:27","slug":"regla-comentada-de-la-ssvp-presentacion","status":"publish","type":"post","link":"https:\/\/vincentians.com\/es\/regla-comentada-de-la-ssvp-presentacion\/","title":{"rendered":"Regla comentada de la SSVP (Presentaci\u00f3n)"},"content":{"rendered":"<h2><strong>Presentaci\u00f3n<\/strong><\/h2>\n<p><a href=\"https:\/\/i0.wp.com\/vicencianos.org\/wp-content\/2011\/10\/regla_ssvp_comentada.jpg\"><img data-recalc-dims=\"1\" loading=\"lazy\" decoding=\"async\" class=\"alignright size-medium wp-image-51123\" title=\"regla_ssvp_comentada\" src=\"https:\/\/i0.wp.com\/vicencianos.org\/wp-content\/2011\/10\/regla_ssvp_comentada-158x300.jpg?resize=158%2C300\" alt=\"\" width=\"158\" height=\"300\" \/><\/a>La presentaci\u00f3n de la Regla de la Confederaci\u00f3n de la So\u00adciedad de San Vicente de Pa\u00fal en el mundo, acompa\u00f1ada de sus Estatutos internacionales de funcionamiento en ver\u00adsi\u00f3n comentada que siguen a estas l\u00edneas, aprobada en la Asamblea General extraordinaria de Roma en el mes de octubre del 2.003, es un momento singular en la vida de las Conferencias.<\/p>\n<p>A lo largo de los ciento setenta a\u00f1os de existencia de la So\u00adciedad, \u00fanicamente ha contado con tres textos fundamen\u00adtales incluido el presente. Dos de ellos, por lo tanto, han tenido una duraci\u00f3n extraordinariamente larga.<\/p>\n<p>Para una Instituci\u00f3n de nuestras caracter\u00edsticas, la Regla es siempre importante. Lo es tanto m\u00e1s cuando \u00fanicamente obliga en conciencia a los miembros de la Sociedad de San Vicente de Pa\u00fal, que solamente est\u00e1n obligados a seguirla, mientras permanezcan en la fraternal comunidad que se extiende por el mundo.<\/p>\n<p>Efectivamente, una organizaci\u00f3n tan profundamente cris\u00adtiana y cat\u00f3lica, vocacionalmente entregada a los pobres, a los marginados, a aquellos que sufren y cuyo servicio al mismo Dios nos se\u00f1ala como meta para alcanzar la vida eterna \u00ab&#8230;.y pondr\u00e1 a las ovejas a su derecha..\u00bb (Mt. 25, 31-46), obliga \u00fanicamente en conciencia. Obliga a aque\u00adllos que deseamos unirnos desde hace m\u00e1s de ciento se\u00adtenta a\u00f1os, con el objetivo de servirnos entre nosotros, servir a los pobres y extender el Reino.<\/p>\n<p>Hay quiz\u00e1s en ella, en la Regla, cinco aspectos que mere\u00adcen ser destacados por encima de cualesquiera otros: la ne\u00adcesidad de oraci\u00f3n, individual y comunitaria; la entrega personal en la acci\u00f3n; la fraternidad en la que debemos vivir; la universalidad de nuestra entrega al servicio de los pobres y nuestra vocaci\u00f3n eclesial.<\/p>\n<p>Sin oraci\u00f3n, es imposible entender la propia existencia de la Sociedad de San Vicente de Pa\u00fal, de las Conferencias. Efectivamente, la primera Conferencia, surge de la oraci\u00f3n conjunta de unos cuantos j\u00f3venes en el Paris de comienzos del siglo XIX, que quieren convertir su oraci\u00f3n en acci\u00f3n. Aquellos j\u00f3venes que est\u00e1n acostumbrados a una vida de oraci\u00f3n en com\u00fan, desean prolongarla en la entrega a los m\u00e1s pobres. Entregarse a aquellos m\u00e1s necesitados. Pero lo hacen, sin olvidar potenciar la necesidad de la oraci\u00f3n previa a cualquier acci\u00f3n concreta a favor de los otros: de los que sufren.<\/p>\n<p>Tampoco es f\u00e1cil entender el servicio en las Conferencias, si no se acepta la necesidad de realizarlo personalmente, en contacto con aquel que nos necesita y en su ambiente: En el sitio en el que se siente m\u00e1s seguro y c\u00f3modo. Desde or\u00edgenes, las Conferencias \u00abhan ido\u00bb a los pobres sin es\u00adperar que estos vinieran a ellas. Esto es y as\u00ed lo destaca la Regla, los vicentinos buscan la ayuda a los m\u00e1s necesita\u00addos, precisamente en el lugar en que ellos se encuentren mas seguros. M\u00e1s seguros incluso sicol\u00f3gicamente. Tanto ha buscado la Sociedad de San Vicente ese contacto en el lugar del otro, del pobre, que se ha convertido en un cl\u00e1\u00adsico entre nosotros, el concepto de la \u00abvisita\u00bb como expresi\u00f3n casi de lo m\u00e1s \u00edntimo de nuestra entrega. La \u00abvisita\u00bb al pobre en su casa. La \u00abvisita\u00bb como expresi\u00f3n de un en\u00adcuentro siempre personal e \u00edntimo entre los miembros de la Sociedad y aquellos a los que quieren servir.<\/p>\n<p>Para conseguirlo, para alcanzar esa \u00edntima entrega y en\u00adcuentro con los m\u00e1s pobres, es necesaria una previa y fuerte comunidad fraterna en el seno de cada una de nues\u00adtras Conferencias. Si la Regla, como queda se\u00f1alado, nos llama a un profundo encuentro en y con la oraci\u00f3n indivi\u00addual y comunitaria, no lo hace de forma menos determi\u00adnante para se\u00f1alarnos la necesidad de una relaci\u00f3n entre los consocios vicentinos radicalmente fraterna. \u00bfC\u00f3mo puede ser posible amar a los dem\u00e1s, a los que no conoce\u00admos, sin amarnos entre nosotros?. La Regla nos llama a potenciar esa fraternidad que ha presidido siempre la ac\u00adtuaci\u00f3n y la propia existencia de las Conferencias de San Vicente de Pa\u00fal.<\/p>\n<p>En un mundo cada d\u00eda m\u00e1s abierto a la comunicaci\u00f3n y a la cercan\u00eda que nos regalan los nuevos medios de comuni\u00adcaci\u00f3n, la pobreza no puede ser ya sentida \u00fanicamente en las manifestaciones que tenemos m\u00e1s pr\u00f3ximas. Por el contrario, el fen\u00f3meno que conocemos como \u00abglobaliza\u00adci\u00f3n\u00bb, debe hacernos sentir responsables de cualquier po\u00adbreza a lo largo y ancho del mundo. Estamos llamados, somos y debemos sentirnos responsables, de la atenci\u00f3n a la lucha contra cualquier clase de pobreza de la que tenga\u00admos conocimiento. Est\u00e9 donde este. Afecte a quien afecte. Por alejada que se encuentre. En definitiva, nos recuerda la Regla, que debemos sentirnos llamados a la atenci\u00f3n en la lucha contra el sufrimiento y que la labor de nuestros consocios en otras latitudes, es tambi\u00e9n nuestra labor.<\/p>\n<p>Finalmente, somos Iglesia y a ella nos unimos en cualquier lugar para realizar nuestro apostolado. Entendemos, nos recuerda la Regla, que cuando nos acercamos a cualquiera que sufre, cuando ayudamos a disminuir ese sufrimiento, cuando ponemos unas gotas de b\u00e1lsamo en la herida del que se encuentra herido por la vida, no pretendemos otra cosa sino llevar el mensaje de Amor de Cristo y de su Igle\u00adsia. Somos conscientes de la extraordinaria exigencia de esa representaci\u00f3n y de nuestra responsabilidad de hacer visible una imagen cercana, comprometida, amable de la Santa Iglesia. Somos conscientes de que en m\u00faltiples lu\u00adgares, \u00fanicamente a trav\u00e9s de la Sociedad, de cada Confe\u00adrencia, puede ser percibida la Iglesia en su conjunto y entrega a los m\u00e1s pobres.<\/p>\n<p>Al presentar esta edici\u00f3n comentada de la Regla y los Es\u00adtatutos Internacionales, el Consejo General hace una lla\u00admada a todos los responsables del servicio vicentino, para que la hagan conocer lo m\u00e1s r\u00e1pidamente posible y la pon\u00adgan al alcance de cada uno de los miembros de la Socie\u00addad.<\/p>\n<p>El propio Consejo General se siente llamado a esta divul\u00adgaci\u00f3n y por ello, y al igual que ya lo hizo con la primera Regla que nos dimos a comienzos del siglo XIX, ha pre\u00adparado esta edici\u00f3n comentada de la Regla y de los Esta\u00adtutos que ahora presentamos con ocasi\u00f3n de nuestra Asamblea General en Salamanca (Espa\u00f1a). Cada art\u00edculo, lleva un peque\u00f1o comentario que nos ayudar\u00e1 a la comprensi\u00f3n del mismo y facilitar\u00e1 la asunci\u00f3n de las aspira\u00adciones que presente.<\/p>\n<p>Que el Buen Dios haga \u00fatil para la Sociedad cada uno de estos comentarios.<\/p>\n<p>Jos\u00e9 Ram\u00f3n D\u00edaz-Torremocha XIV Presidente General<\/p>\n<p>Par\u00eds, junio 2005<\/p>\n<h2><strong>Pr\u00f3logo a la edici\u00f3n de 2.004<\/strong><\/h2>\n<p>La presentaci\u00f3n de la Regla de la Confederaci\u00f3n de la So\u00adciedad de San Vicente de Pa\u00fal en el mundo, acompa\u00f1ada de sus Estatutos internacionales de funcionamiento que si\u00adguen a estas l\u00edneas, aprobada recientemente en la Asam\u00adblea General extraordinaria de Roma en el pasado mes de octubre del 2.003, es un momento singular en la vida de las Conferencias.<\/p>\n<p>A lo largo de los ciento setenta a\u00f1os de existencia de la So\u00adciedad, \u00fanicamente ha contado con tres textos fundamen\u00adtales incluido el presente. Dos de ellos, por lo tanto, han tenido una duraci\u00f3n extraordinariamente larga.<\/p>\n<p>Para una Instituci\u00f3n de nuestras caracter\u00edsticas, la Regla es siempre importante. Lo es tanto m\u00e1s cuando \u00fanicamente obliga en conciencia a los miembros de la Sociedad de San Vicente de Pa\u00fal, que solamente est\u00e1n obligados a seguirla, mientras permanezcan en la fraternal comunidad que se extiende por el mundo.<\/p>\n<p>Efectivamente, una organizaci\u00f3n tan profundamente cris\u00adtiana y cat\u00f3lica, vocacionalmente entregada a los pobres, a los marginados, a aquellos que sufren y cuyo servicio el mismo Dios nos se\u00f1ala como meta para alcanzar la vida eterna \u00ab\u00bb&#8230;.y pondr\u00e1 a las ovejas a su derecha..\u00bb (Mt. 25, 31-46), obliga \u00fanicamente en conciencia. Obliga a aque\u00adllos que deseamos unirnos desde hace m\u00e1s de ciento se\u00adtenta a\u00f1os, con el objetivo de servirnos entre nosotros, servir a los pobres y extender el Reino.<\/p>\n<p>Hay quiz\u00e1s en ella, en la Regla, cinco aspectos que mere\u00adcen ser destacados por encima de cualesquiera otros: la ne\u00adcesidad de oraci\u00f3n, individual y comunitaria; la entrega personal en la acci\u00f3n; la fraternidad en la que debemos vivir; la universalidad de nuestra entrega al servicio de los pobres y nuestra vocaci\u00f3n eclesial.<\/p>\n<p>Sin oraci\u00f3n, es imposible entender la propia existencia de la Sociedad de San Vicente de Pa\u00fal, de las Conferencias. Efec\u00adtivamente, la primera Conferencia, surge de la oraci\u00f3n con\u00adjunta de unos cuantos j\u00f3venes en el Paris de comienzos del siglo XIX, que quieren convertir su oraci\u00f3n en acci\u00f3n. Aque\u00adllos j\u00f3venes que est\u00e1n acostumbrados a una vida de oraci\u00f3n en com\u00fan, desean prolongarla en la entrega a los m\u00e1s pobres. Entregarse a aquellos m\u00e1s necesitados. Pero lo hacen, sin ol\u00advidar potenciar la necesidad de la oraci\u00f3n previa a cualquier acci\u00f3n concreta a favor de los otros: de los que sufren.<\/p>\n<p>Tampoco es f\u00e1cil entender el servicio en las Conferencias, si no se acepta la necesidad de realizarlo personalmente, en contacto con aquel que nos necesita y en su ambiente: En el sitio en el que se siente m\u00e1s seguro y c\u00f3modo. Desde or\u00edgenes, las Conferencias \u00abhan ido\u00bb a los pobres sin es\u00adperar que estos vinieran a ellas. Esto es y as\u00ed lo destaca la Regla, los vicentinos buscan la ayuda a los m\u00e1s necesita\u00addos, precisamente en el lugar en que ellos se encuentren mas seguros. M\u00e1s seguros incluso sicol\u00f3gicamente. Tanto ha buscado la Sociedad de San Vicente ese contacto en el lugar del otro, del pobre, que se ha convertido en un cl\u00e1sico entre nosotros, el concepto de la \u00abvisita\u00bb como expre\u00adsi\u00f3n casi de lo m\u00e1s \u00edntimo de nuestra entrega. La \u00abvisita\u00bb al pobre en su casa. La \u00abvisita\u00bb como expresi\u00f3n de un en\u00adcuentro siempre personal e \u00edntimo entre los miembros de la Sociedad y aquellos a los que quieren servir.<\/p>\n<p>Para conseguirlo, para alcanzar esa \u00edntima entrega y encuen\u00adtro con los m\u00e1s pobres, es necesaria una previa y fuerte co\u00admunidad fraterna en el seno de cada una de nuestras Conferencias. Si la Regla, como queda se\u00f1alado, nos llama a un profundo encuentro en y con la oraci\u00f3n individual y comunitaria, no lo hace de forma menos determinante para se\u00f1alarnos la necesidad de una relaci\u00f3n entre los consocios vicentinos radicalmente fraterna. \u00bfC\u00f3mo puede ser posible amar a los dem\u00e1s, a los que no conocemos, sin amarnos entre nosotros?. La Regla nos llama a potenciar esa frater\u00adnidad que ha presidido siempre la actuaci\u00f3n y la propia exis\u00adtencia de las Conferencias de San Vicente de Pa\u00fal.<\/p>\n<p>En un mundo cada d\u00eda m\u00e1s abierto a la comunicaci\u00f3n y a la cercan\u00eda que nos regalan los nuevos medios de comuni\u00adcaci\u00f3n, la pobreza no puede ser ya sentida \u00fanicamente en las manifestaciones que tenemos m\u00e1s pr\u00f3ximas. Por el contrario, el fen\u00f3meno que conocemos como \u00abglobaliza\u00adci\u00f3n\u00bb, debe hacernos sentir responsables de cualquier po\u00adbreza a lo largo y ancho del mundo. Estamos llamados, somos y debemos sentirnos responsables, de la atenci\u00f3n a la lucha contra cualquier clase de pobreza de la que tenga\u00admos conocimiento. Est\u00e9 donde este. Afecte a quien afecte. Por alejada que se encuentre. En definitiva, nos recuerda la Regla, que debemos sentirnos llamados a la atenci\u00f3n en la lucha contra el sufrimiento y que la labor de nuestros consocios en otras latitudes, es tambi\u00e9n nuestra labor.<\/p>\n<p>Finalmente, somos Iglesia y a ella nos unimos en cualquier lugar para realizar nuestro apostolado. Entendemos, nos recuerda la Regla, que cuando nos acercamos a cualquiera que sufre, cuando ayudamos a disminuir ese sufrimiento, cuando ponemos unas gotas de b\u00e1lsamo en la herida del que se encuentra herido por la vida, no pretendemos otra cosa sino llevar el mensaje de Amor de Cristo y de su Igle\u00adsia. Somos conscientes de la extraordinaria exigencia de esa representaci\u00f3n y de nuestra responsabilidad de hacer visible una imagen cercana, comprometida, amable de la Santa Iglesia. Somos conscientes de que en m\u00faltiples lu\u00adgares, \u00fanicamente a trav\u00e9s de la Sociedad, de cada Confe\u00adrencia, puede ser percibida la Iglesia en su conjunto y entrega a los m\u00e1s pobres.<\/p>\n<p>Al presentar el nuevo articulado de la Regla, de los Esta\u00adtutos Internacionales y de los Requisitos B\u00e1sicos para los Estatutos internos de cada Consejo Superior o pa\u00eds, el Con\u00adsejo General hace una llamada a todos los responsables del servicio vicentino, para que lo hagan conocer lo m\u00e1s r\u00e1pi\u00addamente posible y lo pongan al alcance de cada uno de los miembros de la Sociedad.<\/p>\n<p>Jos\u00e9 Ram\u00f3n D\u00edaz-Torremocha XIV Presidente General<\/p>\n<p>Par\u00eds, abril 2004<\/p>\n","protected":false},"excerpt":{"rendered":"<p>Presentaci\u00f3n La presentaci\u00f3n de la Regla de la Confederaci\u00f3n de la So\u00adciedad de San Vicente de Pa\u00fal en el mundo, acompa\u00f1ada de sus Estatutos internacionales de funcionamiento en ver\u00adsi\u00f3n comentada que siguen a estas l\u00edneas, &#8230; <a href=\"https:\/\/vincentians.com\/es\/regla-comentada-de-la-ssvp-presentacion\/\" class=\"more-link\">Read More<\/a><\/p>\n","protected":false},"author":4,"featured_media":51123,"comment_status":"open","ping_status":"open","sticky":false,"template":"","format":"standard","meta":{"jetpack_post_was_ever_published":false,"_jetpack_newsletter_access":"","_jetpack_dont_email_post_to_subs":false,"_jetpack_newsletter_tier_id":0,"_jetpack_memberships_contains_paywalled_content":false,"_jetpack_memberships_contains_paid_content":false,"footnotes":"","jetpack_publicize_message":"","jetpack_publicize_feature_enabled":true,"jetpack_social_post_already_shared":true,"jetpack_social_options":{"image_generator_settings":{"template":"highway","default_image_id":0,"font":"","enabled":false},"version":2}},"categories":[357],"tags":[172],"class_list":["post-51128","post","type-post","status-publish","format-standard","has-post-thumbnail","hentry","category-documentos-de-la-sociedad-de-san-vicente-de-paul","tag-pobreza"],"yoast_head":"<!-- This site is optimized with the Yoast SEO plugin v26.3 - https:\/\/yoast.com\/wordpress\/plugins\/seo\/ -->\n<title>Regla comentada de la SSVP (Presentaci\u00f3n) - Somos Vicencianos<\/title>\n<meta name=\"robots\" content=\"index, follow, max-snippet:-1, max-image-preview:large, max-video-preview:-1\" \/>\n<link rel=\"canonical\" href=\"https:\/\/vincentians.com\/es\/regla-comentada-de-la-ssvp-presentacion\/\" \/>\n<meta property=\"og:locale\" content=\"es_ES\" \/>\n<meta property=\"og:type\" content=\"article\" \/>\n<meta property=\"og:title\" content=\"Regla comentada de la SSVP (Presentaci\u00f3n) - Somos Vicencianos\" \/>\n<meta property=\"og:description\" content=\"Presentaci\u00f3n La presentaci\u00f3n de la Regla de la Confederaci\u00f3n de la So\u00adciedad de San Vicente de Pa\u00fal en el mundo, acompa\u00f1ada de sus Estatutos internacionales de funcionamiento en ver\u00adsi\u00f3n comentada que siguen a estas l\u00edneas, ... Read More\" \/>\n<meta property=\"og:url\" content=\"https:\/\/vincentians.com\/es\/regla-comentada-de-la-ssvp-presentacion\/\" \/>\n<meta property=\"og:site_name\" content=\"Somos Vicencianos\" \/>\n<meta property=\"article:publisher\" content=\"https:\/\/www.facebook.com\/WeAreVincentians\/\" \/>\n<meta property=\"article:author\" content=\"https:\/\/www.facebook.com\/JavierChento\" \/>\n<meta property=\"article:published_time\" content=\"2015-02-01T06:57:27+00:00\" \/>\n<meta name=\"author\" content=\"Francisco Javier Fern\u00e1ndez Chento\" \/>\n<meta name=\"twitter:card\" content=\"summary_large_image\" \/>\n<meta name=\"twitter:creator\" content=\"@https:\/\/twitter.com\/javierchento\" \/>\n<meta name=\"twitter:site\" content=\"@WeVincentians\" \/>\n<meta name=\"twitter:label1\" content=\"Escrito por\" \/>\n\t<meta name=\"twitter:data1\" content=\"Francisco Javier Fern\u00e1ndez Chento\" \/>\n\t<meta name=\"twitter:label2\" content=\"Tiempo de lectura\" \/>\n\t<meta name=\"twitter:data2\" content=\"11 minutos\" \/>\n<script type=\"application\/ld+json\" class=\"yoast-schema-graph\">{\"@context\":\"https:\/\/schema.org\",\"@graph\":[{\"@type\":\"Article\",\"@id\":\"https:\/\/vincentians.com\/es\/regla-comentada-de-la-ssvp-presentacion\/#article\",\"isPartOf\":{\"@id\":\"https:\/\/vincentians.com\/es\/regla-comentada-de-la-ssvp-presentacion\/\"},\"author\":{\"name\":\"Francisco Javier Fern\u00e1ndez Chento\",\"@id\":\"http:\/\/vincentians.com\/es\/#\/schema\/person\/9623ef4d9aa3b2dfb8c061f1499288f2\"},\"headline\":\"Regla comentada de la SSVP (Presentaci\u00f3n)\",\"datePublished\":\"2015-02-01T06:57:27+00:00\",\"mainEntityOfPage\":{\"@id\":\"https:\/\/vincentians.com\/es\/regla-comentada-de-la-ssvp-presentacion\/\"},\"wordCount\":2252,\"commentCount\":0,\"publisher\":{\"@id\":\"http:\/\/vincentians.com\/es\/#organization\"},\"image\":{\"@id\":\"https:\/\/vincentians.com\/es\/regla-comentada-de-la-ssvp-presentacion\/#primaryimage\"},\"thumbnailUrl\":\"\",\"keywords\":[\"Pobreza\"],\"articleSection\":[\"Documentos de la Sociedad de San Vicente de Pa\u00fal\"],\"inLanguage\":\"es\",\"potentialAction\":[{\"@type\":\"CommentAction\",\"name\":\"Comment\",\"target\":[\"https:\/\/vincentians.com\/es\/regla-comentada-de-la-ssvp-presentacion\/#respond\"]}]},{\"@type\":\"WebPage\",\"@id\":\"https:\/\/vincentians.com\/es\/regla-comentada-de-la-ssvp-presentacion\/\",\"url\":\"https:\/\/vincentians.com\/es\/regla-comentada-de-la-ssvp-presentacion\/\",\"name\":\"Regla comentada de la SSVP (Presentaci\u00f3n) - Somos Vicencianos\",\"isPartOf\":{\"@id\":\"http:\/\/vincentians.com\/es\/#website\"},\"primaryImageOfPage\":{\"@id\":\"https:\/\/vincentians.com\/es\/regla-comentada-de-la-ssvp-presentacion\/#primaryimage\"},\"image\":{\"@id\":\"https:\/\/vincentians.com\/es\/regla-comentada-de-la-ssvp-presentacion\/#primaryimage\"},\"thumbnailUrl\":\"\",\"datePublished\":\"2015-02-01T06:57:27+00:00\",\"breadcrumb\":{\"@id\":\"https:\/\/vincentians.com\/es\/regla-comentada-de-la-ssvp-presentacion\/#breadcrumb\"},\"inLanguage\":\"es\",\"potentialAction\":[{\"@type\":\"ReadAction\",\"target\":[\"https:\/\/vincentians.com\/es\/regla-comentada-de-la-ssvp-presentacion\/\"]}]},{\"@type\":\"ImageObject\",\"inLanguage\":\"es\",\"@id\":\"https:\/\/vincentians.com\/es\/regla-comentada-de-la-ssvp-presentacion\/#primaryimage\",\"url\":\"\",\"contentUrl\":\"\"},{\"@type\":\"BreadcrumbList\",\"@id\":\"https:\/\/vincentians.com\/es\/regla-comentada-de-la-ssvp-presentacion\/#breadcrumb\",\"itemListElement\":[{\"@type\":\"ListItem\",\"position\":1,\"name\":\"Portada\",\"item\":\"http:\/\/vincentians.com\/es\/\"},{\"@type\":\"ListItem\",\"position\":2,\"name\":\"Regla comentada de la SSVP (Presentaci\u00f3n)\"}]},{\"@type\":\"WebSite\",\"@id\":\"http:\/\/vincentians.com\/es\/#website\",\"url\":\"http:\/\/vincentians.com\/es\/\",\"name\":\"Somos Vicencianos\",\"description\":\"Know more to serve more\",\"publisher\":{\"@id\":\"http:\/\/vincentians.com\/es\/#organization\"},\"potentialAction\":[{\"@type\":\"SearchAction\",\"target\":{\"@type\":\"EntryPoint\",\"urlTemplate\":\"http:\/\/vincentians.com\/es\/?s={search_term_string}\"},\"query-input\":{\"@type\":\"PropertyValueSpecification\",\"valueRequired\":true,\"valueName\":\"search_term_string\"}}],\"inLanguage\":\"es\"},{\"@type\":\"Organization\",\"@id\":\"http:\/\/vincentians.com\/es\/#organization\",\"name\":\"The Vincentian Network\",\"url\":\"http:\/\/vincentians.com\/es\/\",\"logo\":{\"@type\":\"ImageObject\",\"inLanguage\":\"es\",\"@id\":\"http:\/\/vincentians.com\/es\/#\/schema\/logo\/image\/\",\"url\":\"https:\/\/i1.wp.com\/vincentians.com\/es\/wp-content\/uploads\/sites\/11\/2016\/06\/Vincentian-Network-logo-big.png?fit=778%2C778\",\"contentUrl\":\"https:\/\/i1.wp.com\/vincentians.com\/es\/wp-content\/uploads\/sites\/11\/2016\/06\/Vincentian-Network-logo-big.png?fit=778%2C778\",\"width\":778,\"height\":778,\"caption\":\"The Vincentian Network\"},\"image\":{\"@id\":\"http:\/\/vincentians.com\/es\/#\/schema\/logo\/image\/\"},\"sameAs\":[\"https:\/\/www.facebook.com\/WeAreVincentians\/\",\"https:\/\/x.com\/WeVincentians\"]},{\"@type\":\"Person\",\"@id\":\"http:\/\/vincentians.com\/es\/#\/schema\/person\/9623ef4d9aa3b2dfb8c061f1499288f2\",\"name\":\"Francisco Javier Fern\u00e1ndez Chento\",\"image\":{\"@type\":\"ImageObject\",\"inLanguage\":\"es\",\"@id\":\"http:\/\/vincentians.com\/es\/#\/schema\/person\/image\/\",\"url\":\"https:\/\/secure.gravatar.com\/avatar\/497d5cde87b4c3d097d0315953521681ba2cd523ee66e5077c3711f7021e65de?s=96&d=mm&r=g\",\"contentUrl\":\"https:\/\/secure.gravatar.com\/avatar\/497d5cde87b4c3d097d0315953521681ba2cd523ee66e5077c3711f7021e65de?s=96&d=mm&r=g\",\"caption\":\"Francisco Javier Fern\u00e1ndez Chento\"},\"description\":\"Director General y cofundador de La Red de Formaci\u00f3n Vicenciana. Javier es laico vicenciano, afiliado a la Congregaci\u00f3n de la Misi\u00f3n y miembro del Equipo de Misiones Populares de la provincia can\u00f3nica de Zaragoza (Espa\u00f1a) de la Congregaci\u00f3n de la Misi\u00f3n. Graduado en la Universidad Oberta de Catalunya con cuatro grados (Asistente de direcci\u00f3n, Gesti\u00f3n Administrativa, Recursos Humanos y Contabilidad Avanzada). Bil\u00edng\u00fce Espa\u00f1ol\/Ingl\u00e9s. gestiona y mantiene varias p\u00e1ginas web cristianas y vicencianas, incluida including La Red de Formaci\u00f3n Vicenciana, de la que es cofundador. Actualmente es responsable del \u00e1rea de Espa\u00f1ol de .famvin, la Red de Noticias de la Familia Vicenciana. Tambi\u00e9n es m\u00fasico cat\u00f3lico y ha editado varios discos. Es Director General y cofundador de Trovador, una reconocida compa\u00f1\u00eda discogr\u00e1fica critiana de Espa\u00f1a. Trabaja en las Tecnolog\u00edas de la Informaci\u00f3n, ofreciendo servicios de alojamiento, dise\u00f1o y mantenimiento Web, as\u00ed como asesoramiento, formaci\u00f3n y soluciones inform\u00e1ticas, gesti\u00f3n documental y digitalizaci\u00f3n de textos, edici\u00f3n y maquetaci\u00f3n de libros, revistas, flyers, etc.\",\"sameAs\":[\"http:\/\/chento.org\",\"https:\/\/www.facebook.com\/JavierChento\",\"https:\/\/x.com\/https:\/\/twitter.com\/javierchento\"],\"url\":\"https:\/\/vincentians.com\/es\/author\/chento\/\"}]}<\/script>\n<!-- \/ Yoast SEO plugin. -->","yoast_head_json":{"title":"Regla comentada de la SSVP (Presentaci\u00f3n) - Somos Vicencianos","robots":{"index":"index","follow":"follow","max-snippet":"max-snippet:-1","max-image-preview":"max-image-preview:large","max-video-preview":"max-video-preview:-1"},"canonical":"https:\/\/vincentians.com\/es\/regla-comentada-de-la-ssvp-presentacion\/","og_locale":"es_ES","og_type":"article","og_title":"Regla comentada de la SSVP (Presentaci\u00f3n) - Somos Vicencianos","og_description":"Presentaci\u00f3n La presentaci\u00f3n de la Regla de la Confederaci\u00f3n de la So\u00adciedad de San Vicente de Pa\u00fal en el mundo, acompa\u00f1ada de sus Estatutos internacionales de funcionamiento en ver\u00adsi\u00f3n comentada que siguen a estas l\u00edneas, ... Read More","og_url":"https:\/\/vincentians.com\/es\/regla-comentada-de-la-ssvp-presentacion\/","og_site_name":"Somos Vicencianos","article_publisher":"https:\/\/www.facebook.com\/WeAreVincentians\/","article_author":"https:\/\/www.facebook.com\/JavierChento","article_published_time":"2015-02-01T06:57:27+00:00","author":"Francisco Javier Fern\u00e1ndez Chento","twitter_card":"summary_large_image","twitter_creator":"@https:\/\/twitter.com\/javierchento","twitter_site":"@WeVincentians","twitter_misc":{"Escrito por":"Francisco Javier Fern\u00e1ndez Chento","Tiempo de lectura":"11 minutos"},"schema":{"@context":"https:\/\/schema.org","@graph":[{"@type":"Article","@id":"https:\/\/vincentians.com\/es\/regla-comentada-de-la-ssvp-presentacion\/#article","isPartOf":{"@id":"https:\/\/vincentians.com\/es\/regla-comentada-de-la-ssvp-presentacion\/"},"author":{"name":"Francisco Javier Fern\u00e1ndez Chento","@id":"http:\/\/vincentians.com\/es\/#\/schema\/person\/9623ef4d9aa3b2dfb8c061f1499288f2"},"headline":"Regla comentada de la SSVP (Presentaci\u00f3n)","datePublished":"2015-02-01T06:57:27+00:00","mainEntityOfPage":{"@id":"https:\/\/vincentians.com\/es\/regla-comentada-de-la-ssvp-presentacion\/"},"wordCount":2252,"commentCount":0,"publisher":{"@id":"http:\/\/vincentians.com\/es\/#organization"},"image":{"@id":"https:\/\/vincentians.com\/es\/regla-comentada-de-la-ssvp-presentacion\/#primaryimage"},"thumbnailUrl":"","keywords":["Pobreza"],"articleSection":["Documentos de la Sociedad de San Vicente de Pa\u00fal"],"inLanguage":"es","potentialAction":[{"@type":"CommentAction","name":"Comment","target":["https:\/\/vincentians.com\/es\/regla-comentada-de-la-ssvp-presentacion\/#respond"]}]},{"@type":"WebPage","@id":"https:\/\/vincentians.com\/es\/regla-comentada-de-la-ssvp-presentacion\/","url":"https:\/\/vincentians.com\/es\/regla-comentada-de-la-ssvp-presentacion\/","name":"Regla comentada de la SSVP (Presentaci\u00f3n) - Somos Vicencianos","isPartOf":{"@id":"http:\/\/vincentians.com\/es\/#website"},"primaryImageOfPage":{"@id":"https:\/\/vincentians.com\/es\/regla-comentada-de-la-ssvp-presentacion\/#primaryimage"},"image":{"@id":"https:\/\/vincentians.com\/es\/regla-comentada-de-la-ssvp-presentacion\/#primaryimage"},"thumbnailUrl":"","datePublished":"2015-02-01T06:57:27+00:00","breadcrumb":{"@id":"https:\/\/vincentians.com\/es\/regla-comentada-de-la-ssvp-presentacion\/#breadcrumb"},"inLanguage":"es","potentialAction":[{"@type":"ReadAction","target":["https:\/\/vincentians.com\/es\/regla-comentada-de-la-ssvp-presentacion\/"]}]},{"@type":"ImageObject","inLanguage":"es","@id":"https:\/\/vincentians.com\/es\/regla-comentada-de-la-ssvp-presentacion\/#primaryimage","url":"","contentUrl":""},{"@type":"BreadcrumbList","@id":"https:\/\/vincentians.com\/es\/regla-comentada-de-la-ssvp-presentacion\/#breadcrumb","itemListElement":[{"@type":"ListItem","position":1,"name":"Portada","item":"http:\/\/vincentians.com\/es\/"},{"@type":"ListItem","position":2,"name":"Regla comentada de la SSVP (Presentaci\u00f3n)"}]},{"@type":"WebSite","@id":"http:\/\/vincentians.com\/es\/#website","url":"http:\/\/vincentians.com\/es\/","name":"Somos Vicencianos","description":"Know more to serve more","publisher":{"@id":"http:\/\/vincentians.com\/es\/#organization"},"potentialAction":[{"@type":"SearchAction","target":{"@type":"EntryPoint","urlTemplate":"http:\/\/vincentians.com\/es\/?s={search_term_string}"},"query-input":{"@type":"PropertyValueSpecification","valueRequired":true,"valueName":"search_term_string"}}],"inLanguage":"es"},{"@type":"Organization","@id":"http:\/\/vincentians.com\/es\/#organization","name":"The Vincentian Network","url":"http:\/\/vincentians.com\/es\/","logo":{"@type":"ImageObject","inLanguage":"es","@id":"http:\/\/vincentians.com\/es\/#\/schema\/logo\/image\/","url":"https:\/\/i1.wp.com\/vincentians.com\/es\/wp-content\/uploads\/sites\/11\/2016\/06\/Vincentian-Network-logo-big.png?fit=778%2C778","contentUrl":"https:\/\/i1.wp.com\/vincentians.com\/es\/wp-content\/uploads\/sites\/11\/2016\/06\/Vincentian-Network-logo-big.png?fit=778%2C778","width":778,"height":778,"caption":"The Vincentian Network"},"image":{"@id":"http:\/\/vincentians.com\/es\/#\/schema\/logo\/image\/"},"sameAs":["https:\/\/www.facebook.com\/WeAreVincentians\/","https:\/\/x.com\/WeVincentians"]},{"@type":"Person","@id":"http:\/\/vincentians.com\/es\/#\/schema\/person\/9623ef4d9aa3b2dfb8c061f1499288f2","name":"Francisco Javier Fern\u00e1ndez Chento","image":{"@type":"ImageObject","inLanguage":"es","@id":"http:\/\/vincentians.com\/es\/#\/schema\/person\/image\/","url":"https:\/\/secure.gravatar.com\/avatar\/497d5cde87b4c3d097d0315953521681ba2cd523ee66e5077c3711f7021e65de?s=96&d=mm&r=g","contentUrl":"https:\/\/secure.gravatar.com\/avatar\/497d5cde87b4c3d097d0315953521681ba2cd523ee66e5077c3711f7021e65de?s=96&d=mm&r=g","caption":"Francisco Javier Fern\u00e1ndez Chento"},"description":"Director General y cofundador de La Red de Formaci\u00f3n Vicenciana. Javier es laico vicenciano, afiliado a la Congregaci\u00f3n de la Misi\u00f3n y miembro del Equipo de Misiones Populares de la provincia can\u00f3nica de Zaragoza (Espa\u00f1a) de la Congregaci\u00f3n de la Misi\u00f3n. Graduado en la Universidad Oberta de Catalunya con cuatro grados (Asistente de direcci\u00f3n, Gesti\u00f3n Administrativa, Recursos Humanos y Contabilidad Avanzada). Bil\u00edng\u00fce Espa\u00f1ol\/Ingl\u00e9s. gestiona y mantiene varias p\u00e1ginas web cristianas y vicencianas, incluida including La Red de Formaci\u00f3n Vicenciana, de la que es cofundador. Actualmente es responsable del \u00e1rea de Espa\u00f1ol de .famvin, la Red de Noticias de la Familia Vicenciana. Tambi\u00e9n es m\u00fasico cat\u00f3lico y ha editado varios discos. Es Director General y cofundador de Trovador, una reconocida compa\u00f1\u00eda discogr\u00e1fica critiana de Espa\u00f1a. Trabaja en las Tecnolog\u00edas de la Informaci\u00f3n, ofreciendo servicios de alojamiento, dise\u00f1o y mantenimiento Web, as\u00ed como asesoramiento, formaci\u00f3n y soluciones inform\u00e1ticas, gesti\u00f3n documental y digitalizaci\u00f3n de textos, edici\u00f3n y maquetaci\u00f3n de libros, revistas, flyers, etc.","sameAs":["http:\/\/chento.org","https:\/\/www.facebook.com\/JavierChento","https:\/\/x.com\/https:\/\/twitter.com\/javierchento"],"url":"https:\/\/vincentians.com\/es\/author\/chento\/"}]}},"jetpack_publicize_connections":[],"jetpack_featured_media_url":"","jetpack_sharing_enabled":true,"jetpack_shortlink":"https:\/\/wp.me\/p7ETMF-diE","jetpack-related-posts":[{"id":145196,"url":"https:\/\/vincentians.com\/es\/la-mision-de-la-sociedad-de-san-vicente-de-paul\/","url_meta":{"origin":51128,"position":0},"title":"La Misi\u00f3n de la Sociedad de San Vicente de Pa\u00fal","author":"Francisco Javier Fern\u00e1ndez Chento","date":"18\/05\/2015","format":false,"excerpt":"De acuerdo al concepto de Misi\u00f3n de cualquier instituci\u00f3n, \u00e9sta se puede definir como el motivo, pro\u00adp\u00f3sito, fin o raz\u00f3n de ser de la exis\u00adtencia de una organizaci\u00f3n. A este respecto, es importante conocer que el Consejo General In\u00adternacional de la Sociedad de San Vicente de Pa\u00fal, con el objetivo\u2026","rel":"","context":"En \u00abSociedad de San Vicente de Pa\u00fal\u00bb","block_context":{"text":"Sociedad de San Vicente de Pa\u00fal","link":"https:\/\/vincentians.com\/es\/category\/la-familia-vicenciana\/ramas\/sociedad-de-san-vicente-de-paul\/"},"img":{"alt_text":"ssvp","src":"https:\/\/i0.wp.com\/vicencianos.org\/wp-content\/2013\/12\/ssvp-300x281.jpg?resize=350%2C200","width":350,"height":200},"classes":[]},{"id":124169,"url":"https:\/\/vincentians.com\/es\/reflexiones-sobre-la-ssvdp\/","url_meta":{"origin":51128,"position":1},"title":"Reflexiones sobre la SSVdP","author":"Francisco Javier Fern\u00e1ndez Chento","date":"19\/02\/2023","format":false,"excerpt":"\u00bfFundador? \u00bfFundadores? \u00bfEtapa Fundacional cole\u00adgiada? En 1.856, tres a\u00f1os despu\u00e9s de la muerte de Federico Oza\u00adnam, primero que fallece de entre los miembros reconoci\u00addos como Fundadores, se inicia una discusi\u00f3n que, a pesar del tiempo transcurrido, contin\u00faa vigente en nuestros d\u00edas aunque con mucha menor intensidad: es la duda en\u2026","rel":"","context":"En \u00abHistoria de la Sociedad de san Vicente de Pa\u00fal\u00bb","block_context":{"text":"Historia de la Sociedad de san Vicente de Pa\u00fal","link":"https:\/\/vincentians.com\/es\/category\/historia-de-la-familia-vicenciana\/historia-de-la-sociedad-de-san-vicente-de-paul\/"},"img":{"alt_text":"","src":"https:\/\/i0.wp.com\/vincentians.com\/es\/wp-content\/uploads\/sites\/11\/2021\/11\/Masarnau-4.jpg?fit=1200%2C630&ssl=1&resize=350%2C200","width":350,"height":200,"srcset":"https:\/\/i0.wp.com\/vincentians.com\/es\/wp-content\/uploads\/sites\/11\/2021\/11\/Masarnau-4.jpg?fit=1200%2C630&ssl=1&resize=350%2C200 1x, https:\/\/i0.wp.com\/vincentians.com\/es\/wp-content\/uploads\/sites\/11\/2021\/11\/Masarnau-4.jpg?fit=1200%2C630&ssl=1&resize=525%2C300 1.5x, https:\/\/i0.wp.com\/vincentians.com\/es\/wp-content\/uploads\/sites\/11\/2021\/11\/Masarnau-4.jpg?fit=1200%2C630&ssl=1&resize=700%2C400 2x, https:\/\/i0.wp.com\/vincentians.com\/es\/wp-content\/uploads\/sites\/11\/2021\/11\/Masarnau-4.jpg?fit=1200%2C630&ssl=1&resize=1050%2C600 3x"},"classes":[]},{"id":387869,"url":"https:\/\/vincentians.com\/es\/amigo-de-los-pobres-anos-de-despedida-1654-1660\/","url_meta":{"origin":51128,"position":2},"title":"San Vicente: Amigo de los pobres: a\u00f1os de despedida (1654-1660)","author":"Mitxel Olabu\u00e9naga","date":"17\/10\/2016","format":false,"excerpt":"La vejez se parece a los atardeceres. Todos los d\u00edas, cuando concluye la tarde las nubes sacan sus vestidos de colores para celebrar la fiesta del sol que ha completado felizmente su jornada. Vicente de Pa\u00fal ha llegado al ocaso de su vida. Va a concluir una feliz jornada. Hab\u00eda\u2026","rel":"","context":"En \u00abFormaci\u00f3n Vicenciana\u00bb","block_context":{"text":"Formaci\u00f3n Vicenciana","link":"https:\/\/vincentians.com\/es\/category\/formacion-vicenciana\/"},"img":{"alt_text":"","src":"https:\/\/i0.wp.com\/vincentians.com\/es\/wp-content\/uploads\/sites\/11\/2016\/07\/st-vincent-de-paul.jpg?fit=1200%2C630&ssl=1&resize=350%2C200","width":350,"height":200,"srcset":"https:\/\/i0.wp.com\/vincentians.com\/es\/wp-content\/uploads\/sites\/11\/2016\/07\/st-vincent-de-paul.jpg?fit=1200%2C630&ssl=1&resize=350%2C200 1x, https:\/\/i0.wp.com\/vincentians.com\/es\/wp-content\/uploads\/sites\/11\/2016\/07\/st-vincent-de-paul.jpg?fit=1200%2C630&ssl=1&resize=525%2C300 1.5x, https:\/\/i0.wp.com\/vincentians.com\/es\/wp-content\/uploads\/sites\/11\/2016\/07\/st-vincent-de-paul.jpg?fit=1200%2C630&ssl=1&resize=700%2C400 2x, https:\/\/i0.wp.com\/vincentians.com\/es\/wp-content\/uploads\/sites\/11\/2016\/07\/st-vincent-de-paul.jpg?fit=1200%2C630&ssl=1&resize=1050%2C600 3x"},"classes":[]},{"id":131334,"url":"https:\/\/vincentians.com\/es\/las-constituciones-medio-para-alcanzar-la-perfeccion\/","url_meta":{"origin":51128,"position":3},"title":"Las Constituciones, medio para alcanzar la perfecci\u00f3n","author":"Francisco Javier Fern\u00e1ndez Chento","date":"23\/05\/2015","format":false,"excerpt":"\"...porque os digo que si vuestra fidelidad no sobrepasa la de los letrados y fari-seos, no entrar\u00e9is en el Reino de Dios\" (Mt 5,20). \"La Congregaci\u00f3n de la Misi\u00f3n es una sociedad clerical de vida apost\u00f3lica y de derecho pontificio. En ella, sus miembros tratan de alcanzar su propio fin\u2026","rel":"","context":"En \u00abEspiritualidad vicenciana\u00bb","block_context":{"text":"Espiritualidad vicenciana","link":"https:\/\/vincentians.com\/es\/category\/espiritualidad\/espiritualidad-vicenciana\/"},"img":{"alt_text":"logo-CM","src":"https:\/\/i0.wp.com\/vicencianos.org\/wp-content\/2015\/03\/logo-CM-300x300.jpg?resize=350%2C200","width":350,"height":200},"classes":[]},{"id":52692,"url":"https:\/\/vincentians.com\/es\/estatutos-comentados-de-la-ssvp-7-de-las-enmiendas-e-interpretacion-de-la-regla-y-de-los-estatutos\/","url_meta":{"origin":51128,"position":4},"title":"Estatutos comentados de la SSVP (7. De las Enmiendas e interpretaci\u00f3n de la Regla y de los Estatutos)","author":"Francisco Javier Fern\u00e1ndez Chento","date":"16\/02\/2015","format":false,"excerpt":"7. De las Enmiendas e interpretaci\u00f3n de la Regla y de los Estatutos 7.1 De los procedimientos de reforma de la Regla y de los Estatutos Esta Regla y estos Estatutos, en sus tres Partes, podr\u00e1n ser modificados a trav\u00e9s de dos procedimientos. 7.1.1 Reforma general En primer lugar, de\u2026","rel":"","context":"En \u00abDocumentos de la Sociedad de San Vicente de Pa\u00fal\u00bb","block_context":{"text":"Documentos de la Sociedad de San Vicente de Pa\u00fal","link":"https:\/\/vincentians.com\/es\/category\/formacion-vicenciana\/documentos-oficiales-de-la-familia-vicenciana\/documentos-de-la-sociedad-de-san-vicente-de-paul\/"},"img":{"alt_text":"","src":"https:\/\/i0.wp.com\/vicencianos.org\/wp-content\/2011\/10\/logo_ssvp.jpg?resize=350%2C200","width":350,"height":200},"classes":[]},{"id":131217,"url":"https:\/\/vincentians.com\/es\/las-conferencias-de-san-vicente-de-paul-cumplen-un-siglo-de-existencia-en-espana-1849-1949\/","url_meta":{"origin":51128,"position":5},"title":"Las Conferencias de San Vicente de Pa\u00fal cumplen un siglo de existencia en Espa\u00f1a 1849-1949","author":"Francisco Javier Fern\u00e1ndez Chento","date":"30\/08\/2014","format":false,"excerpt":"El d\u00eda 11 de noviembre se cumplieron los c\u00eden a\u00f1os del establecimiento de las \"Conferencias de San Vicente de Pa\u00fal\" en Espa\u00f1a. Con este motivo, en la Bas\u00edlica de Santa Mar\u00eda de los Reyes, en Barcelona, celebr\u00f3se una solemne Misa de Comuni\u00f3n general, en la que ofici\u00f3 el Prelado de\u2026","rel":"","context":"En \u00abHistoria de la Sociedad de san Vicente de Pa\u00fal\u00bb","block_context":{"text":"Historia de la Sociedad de san Vicente de Pa\u00fal","link":"https:\/\/vincentians.com\/es\/category\/historia-de-la-familia-vicenciana\/historia-de-la-sociedad-de-san-vicente-de-paul\/"},"img":{"alt_text":"","src":"https:\/\/i0.wp.com\/vincentians.com\/es\/wp-content\/uploads\/sites\/11\/2016\/07\/escritos-vicente-de-paul.jpg?fit=1200%2C630&ssl=1&resize=350%2C200","width":350,"height":200,"srcset":"https:\/\/i0.wp.com\/vincentians.com\/es\/wp-content\/uploads\/sites\/11\/2016\/07\/escritos-vicente-de-paul.jpg?fit=1200%2C630&ssl=1&resize=350%2C200 1x, https:\/\/i0.wp.com\/vincentians.com\/es\/wp-content\/uploads\/sites\/11\/2016\/07\/escritos-vicente-de-paul.jpg?fit=1200%2C630&ssl=1&resize=525%2C300 1.5x, https:\/\/i0.wp.com\/vincentians.com\/es\/wp-content\/uploads\/sites\/11\/2016\/07\/escritos-vicente-de-paul.jpg?fit=1200%2C630&ssl=1&resize=700%2C400 2x, https:\/\/i0.wp.com\/vincentians.com\/es\/wp-content\/uploads\/sites\/11\/2016\/07\/escritos-vicente-de-paul.jpg?fit=1200%2C630&ssl=1&resize=1050%2C600 3x"},"classes":[]}],"_links":{"self":[{"href":"https:\/\/vincentians.com\/es\/wp-json\/wp\/v2\/posts\/51128","targetHints":{"allow":["GET"]}}],"collection":[{"href":"https:\/\/vincentians.com\/es\/wp-json\/wp\/v2\/posts"}],"about":[{"href":"https:\/\/vincentians.com\/es\/wp-json\/wp\/v2\/types\/post"}],"author":[{"embeddable":true,"href":"https:\/\/vincentians.com\/es\/wp-json\/wp\/v2\/users\/4"}],"replies":[{"embeddable":true,"href":"https:\/\/vincentians.com\/es\/wp-json\/wp\/v2\/comments?post=51128"}],"version-history":[{"count":0,"href":"https:\/\/vincentians.com\/es\/wp-json\/wp\/v2\/posts\/51128\/revisions"}],"wp:featuredmedia":[{"embeddable":true,"href":"https:\/\/vincentians.com\/es\/wp-json\/"}],"wp:attachment":[{"href":"https:\/\/vincentians.com\/es\/wp-json\/wp\/v2\/media?parent=51128"}],"wp:term":[{"taxonomy":"category","embeddable":true,"href":"https:\/\/vincentians.com\/es\/wp-json\/wp\/v2\/categories?post=51128"},{"taxonomy":"post_tag","embeddable":true,"href":"https:\/\/vincentians.com\/es\/wp-json\/wp\/v2\/tags?post=51128"}],"curies":[{"name":"wp","href":"https:\/\/api.w.org\/{rel}","templated":true}]}}