{"id":50964,"date":"2015-03-08T00:50:00","date_gmt":"2015-03-07T23:50:00","guid":{"rendered":"http:\/\/somos.vicencianos.org\/blog\/2011\/11\/hijas-de-maria-religiosas-y-santas\/"},"modified":"2016-07-26T10:09:13","modified_gmt":"2016-07-26T08:09:13","slug":"hijas-de-maria-religiosas-y-santas","status":"publish","type":"post","link":"https:\/\/vincentians.com\/es\/hijas-de-maria-religiosas-y-santas\/","title":{"rendered":"Hijas de Mar\u00eda, religiosas y santas"},"content":{"rendered":"<h2 align=\"center\">I: Las vocaciones a la vida religiosa.<\/h2>\n<p><a href=\"https:\/\/i0.wp.com\/vicencianos.org\/wp-content\/2015\/03\/medallamilagrosa.jpg\"><img data-recalc-dims=\"1\" loading=\"lazy\" decoding=\"async\" class=\"alignright size-medium wp-image-141190\" src=\"https:\/\/i0.wp.com\/vicencianos.org\/wp-content\/2015\/03\/medallamilagrosa-300x195.jpg?resize=300%2C195\" alt=\"medallamilagrosa\" width=\"300\" height=\"195\" \/><\/a>La Asociaci\u00f3n, por la fuerza de la vida interior de sus miembros, dio numerosas vocaciones que ingresaron a los m\u00e1s diversos Institutos religiosos. De la Asociaci\u00f3n salieron tambi\u00e9n varias Congregaciones religiosas que reconocen como fundadora a una Hija de Mar\u00eda, la que a su vez arrastr\u00f3 a muchas de sus hermanas. Otras socias siguieron la vocaci\u00f3n al matrimonio.<\/p>\n<p>La primera noticia la debemos al Can\u00f3nigo Juli\u00e1n V\u00e9lez, director diocesano de Morelia. En un informe de 1887, a los 15 a\u00f1os de fundada la Asociaci\u00f3n en Morelia, se\u00f1ala que, del total de socias (554), han entrado 25 con las Hijas de la Caridad, 10 a otros institutos religiosos y 40 se han casado.<\/p>\n<p>En 1925 encontramos otra noticia, esta vez como estad\u00edstica general. De 13 Consejos que informan, han entrado a la vida religiosa 248 socias. 70 en Guadalajara, 34 en Zamora, 33 en Morelia, 31 en Colima, 24 en M\u00e9xico, las di\u00f3cesis con m\u00e1s n\u00famero de socias y con m\u00e1s tradici\u00f3n religiosa.<\/p>\n<p>En 1926 la estad\u00edstica registra tambi\u00e9n los matrimonios: 191 a la vida religiosa y 151 al matrimonio.<\/p>\n<p>De 1939 en adelante disminuye el ingreso a la vida religiosa y se acrecienta el numero de las que se casan.<\/p>\n<p>En 1939, 234 eligen la vida religiosa contra 534 para el matrimonio.<\/p>\n<p>En 1940: 248 la vida religiosa y 723 el matrimonio.<\/p>\n<p>En 1944: 189 la vida religiosa y 407 el matrimonio<\/p>\n<p>En 1953: 365 la vida religiosa y 644 el matrimonio.<\/p>\n<p>En 1962: 337 la vida religiosa y 490 el matrimonio.<\/p>\n<p><strong>2. A las HIJAS DE LA CARIDAD: <\/strong>Ya en este siglo, por los a\u00f1os de la revoluci\u00f3n y persecuci\u00f3n, hay noticias de las primeras Hijas de Mar\u00eda aspirantes a Hijas de la Caridad enviadas a Espa\u00f1a. Otras fueron enviadas a la Habana, al Per\u00fa y a la Am\u00e9rica Central. Se escog\u00eda lo mejor de la Asociaci\u00f3n por su formaci\u00f3n profesional y por su formaci\u00f3n en la Asociaci\u00f3n. Una de las Visitadoras de Am\u00e9rica Central comentaba al P. Santiago Bengoa: \u00abDe esas Hijas de Mar\u00eda de M\u00e9xico, m\u00e1ndeme todas las que quiera\u00bb.<\/p>\n<p><strong>3. <\/strong><strong>Otros <\/strong>Institutos:<\/p>\n<ul>\n<li><strong>\u00abHIJAS DEL SAGRADO CORAZON DE JESUS\u00bb: <\/strong>Fundadas en Guadalajara por la Hija de Mar\u00eda Ma. de Jes\u00fas Venegas, en su congregaci\u00f3n Ma. de Jes\u00fas Sacramentado (hoy Santa Mar\u00eda de Jes\u00fas Sacramentado). Dijo el Papa en la homil\u00eda de su beatificaci\u00f3n, el 22 de noviembre de 1992, que comenz\u00f3 a conocer el dolor de los enfermos en el Hospital del Sagrado Coraz\u00f3n de Guadalajara. Las Voluntarias ten\u00edan en Guadalajara, desde principios de siglo, 4 hospitales y el mejor era el del Sagrado Coraz\u00f3n de Jes\u00fas, con amplias salas y quir\u00f3fano. Es posible que siendo Hija de Mar\u00eda, fuera a ese hospital a ayudar a las Voluntarias como era costumbre en aquel entonces.<\/li>\n<li><strong>\u00abHERMANAS DEL SAGRADO CORAZON DE JESUS\u00bb: <\/strong>Sor Socorro Gasca, H.d.1.C., fue la primera encargada de un Hospitalito en Tacubaya. Pero la comunidad reconoce como fundadora a su hermana. Las religiosas mayores fueron Hijas de Mar\u00eda y recuerdan a padres como De las Heras y Ata\u00fan.<\/li>\n<li><strong>\u00abHIJAS M\u00cdNIMAS DE MARIA INMACULADA\u00bb: <\/strong>Fundadas en Le\u00f3n, Gto., por D. Pablo de Anda a finales del siglo pasado. \u00c9l fue director diocesano muchos a\u00f1os de las Hijas de Mar\u00eda y de las Voluntarias. Enamorado de San Vicente de Pa\u00fal, am\u00f3 mucho a la Congregaci\u00f3n de la Misi\u00f3n y a todas las obras vicentinas.<\/li>\n<li><strong>\u00abHERMANAS JOSEFINAS\u00bb: <\/strong>Fundadas por el P. Jos\u00e9 Mar\u00eda Vilaseca hacia 1877 y por la Madre Ces\u00e1rea Esparza y D\u00e1valos (Aguascalientes 1829-M\u00e9xico 1884). A los 17 anos la Madre Cesarita se entreg\u00f3 a la contemplaci\u00f3n de las cosas divinas inspir\u00e1ndose en San Francisco de Sales. A los 19 hizo voto de castidad consagr\u00e1ndose a Nuestro Se\u00f1or. Al morir su madre vino a M\u00e9xico. En el hospital de San Andr\u00e9s trabajaba una hermana suya, Juliana, quien le consigui\u00f3 hospedaje en el mismo hospital. All\u00ed conoci\u00f3 la Asociaci\u00f3n, en la que se recibi\u00f3 el 4 de junio de 1871 y pronto fue nombrada presidenta de la secci\u00f3n de los Dolores. All\u00ed mismo conoci\u00f3 al P. Vilaseca que la invit\u00f3 para la fundaci\u00f3n de las Hijas de Mar\u00eda de San Jos\u00e9. La Congregaci\u00f3n la conoce como la Madre Ces\u00e1rea de San Jos\u00e9 Esparza y D\u00e1valos.<\/li>\n<li><strong>\u00abMISIONERAS PASIONISTAS MEXICANAS\u00bb: <\/strong>Fundadas por Ma. Dolores Medina Zepeda, quien naci\u00f3 en el D.F. el 3 de abril de 1860. Se recibi\u00f3 de Hija de Mar\u00eda el 12 de diciembre de 1888 en el centro de San Diego, fundado por los Pasionistas en 1885. Guiada por el P. Diego de San Francisco Alberici y con aprobaci\u00f3n del arzobispo Alarc\u00f3n, visti\u00f3 el h\u00e1bito de la Pasi\u00f3n el 2 de febrero de 1896. En 29 a\u00f1os fund\u00f3 las 9 primeras casas de la Congregaci\u00f3n. Muri\u00f3 en olor de santidad el 16 de diciembre de 1925 revestida de su h\u00e1bito religioso y de su cinta de Hija de Mar\u00eda que llev\u00f3 siempre con devoci\u00f3n.<\/li>\n<li><strong>\u00abMISIONERAS EUCARISTICAS DE <\/strong><strong>MARIA\u00bb:<\/strong> Fundadas en Colima en 1948, inspiradas seguramente por el Can\u00f3nigo Sebasti\u00e1n Uribe, por muchos a\u00f1os director diocesano. El grupo mayoritario de las primeras aspirantes pertenec\u00eda al centro local de Colima. La presidenta diocesana Ma. del Carmen Ahumada cedi\u00f3 sus bienes y su casa, Dos religiosas Adoratrices Perpetuas las entrenaron por dos a\u00f1os y luego eligieron como superiora general a la, que de hecho hab\u00eda sido su fundadora, Ma. del Carmen Ahumada Eucarist\u00eda. Su dedicaci\u00f3n especial fueron los colegios.<\/li>\n<li><strong>\u00abM\u00cdNIMAS DE SAN JOSE\u00bb: <\/strong>Ma. de Jes\u00fas Hern\u00e1ndez, 1889-1956, naci\u00f3 en la Hda. de Santa Mar\u00eda, perteneciente a Santa B\u00e1rbara, Gto. En 1909 se recibi\u00f3 de Hija de Mar\u00eda. Fue calumniada y expulsada temporalmente de la Asociaci\u00f3n. En 1931, bajo la direcci\u00f3n de los can\u00f3nigos D. Pedro Benavides y D. Ignacio Rubiel, fund\u00f3 el Instituto de las \u00abM\u00ednimas de San Jos\u00e9\u00bb. Hasta su muerte se dedic\u00f3 a formarlo y a establecer sus obras.<span id='easy-footnote-1-50964' class='easy-footnote-margin-adjust'><\/span><span class='easy-footnote'><a href='https:\/\/vincentians.com\/es\/hijas-de-maria-religiosas-y-santas\/#easy-footnote-bottom-1-50964' title='Fuente: Album del Centenario, 1862-1962&amp;#8243;.'><sup>1<\/sup><\/a><\/span><\/li>\n<\/ul>\n<h2 align=\"center\">II<\/h2>\n<p><strong>1. La maestra normalista: <\/strong>Emilia Velasco Loreto. Autl\u00e1n, 1876.<\/p>\n<p>A los 16 a\u00f1os fue una de las fundadoras de la Asociaci\u00f3n. Muy joven comenz\u00f3 a trabajar como maestra en la escuela parroquial. En Guadalajara asisti\u00f3 a la Escuela Normal mientras trabajaba en el colegio del Sr. Obispo Silva y cumpl\u00eda con su Asociaci\u00f3n. De regreso a Autl\u00e1n sigui\u00f3 dando clases en la escuela parroquial y estudiando ingl\u00e9s, franc\u00e9s y costura.<\/p>\n<p>En 1916 la reclam\u00f3 el obispo Velasco (de Colima) para encargarla del Colegio La Paz de las Adoratrices Perpetuas. Sigui\u00f3 en su Asociacion. Despu\u00e9s de larga docencia y de formar a mas de 50 maestros normalistas, las autoridades cerraron el Colegio cuando la crisis socialista. Regres\u00f3 a sus clases en Autl\u00e1n. Sus exalumnos de Colima obtuvieron una pensi\u00f3n del Gobierno.<\/p>\n<p>Un d\u00eda a causa de una embolia, le vino una amnesia total. Abandon\u00f3 su escuela. Pero ella segu\u00eda dando sus clases a un grupo imaginario de alumnos.<\/p>\n<p><strong>2. <\/strong><strong>La militante cat\u00f3lica: <\/strong>Ma.Guadalupe Flores Morales 1904-1942.<\/p>\n<p>Nacida en Chiapas, desde peque\u00f1a ingres\u00f3 a la Congregaci\u00f3n Mariana y el 10 de mayo de 1919 se recibi\u00f3 en la Asociaci\u00f3n de las Hijas de Mar\u00eda. Sobresali\u00f3 por su amor a los pobres y lo demostr\u00f3 en la catequesis y en la caridad. Se gradu\u00f3 de maestra normalista en M\u00e9xico. En la persecuci\u00f3n trabaj\u00f3 con la Acci\u00f3n Cat\u00f3lica. Repetidas veces entr\u00f3 a las c\u00e1rceles de los prisioneros cristianos y se cuenta que se las ingeni\u00f3 para visitar y proporcionar alguna ayuda al P. Pro. Form\u00f3 parte del grupo fundador de la JCFM nacional.<\/p>\n<p>Realiz\u00f3 una excursi\u00f3n a Europa. Luego trabaj\u00f3 en Roma como maestra e interprete. Pas\u00f3 a Francia y a Londres y aqu\u00ed se vio obligada a ingresar a la Cruz Roja Internacional en la que prest\u00f3 3 a\u00f1os de servicios y muri\u00f3 en Paray. Le Montiel a causa de lo duro del trabajo.<\/p>\n<p><strong>3. <\/strong><strong>Enfermera y alfabetizadora: <\/strong>Luisa Mu\u00f1oz, Le\u00f3n, Gto., +1898<\/p>\n<p>Con un grupo de j\u00f3venes se dedicaba a visitar y atender a los enfermos y a los inv\u00e1lidos. Les daban los alimentos, les ministraban las medicinas y les prodigaban tantos otros cuidados. Adem\u00e1s de sus habilidades de enfermera, sobresal\u00eda en el conocimiento de las letras; por el d\u00eda ense\u00f1aba a los ni\u00f1os que le confiaban y por la noche atend\u00eda a su escuela nocturna para obreros, a los que impart\u00eda las ense\u00f1anzas elementales. Gratuitamente.<\/p>\n<p><strong>4. <\/strong><strong>Servidora de los enfermos: <\/strong>Mar\u00eda Sol\u00eds. Le\u00f3n, Gto.(&#8230;)<\/p>\n<p>A los 6 a\u00f1os ingres\u00f3 a los Santos Angeles. A los 13 recibi\u00f3 la cinta azul de manos de D. Pablo de Anda. Sobresali\u00f3 por su caridad con los enfermos, particularmente con sus hermanas de asociaci\u00f3n. De familia acaudalada, quiso y no lo logr\u00f3 levantar un hospitalito para ellas. Entonces se dedic\u00f3 a visitarlas en sus casas. Madrugaba a las 4 de la ma\u00f1ana y preparaba los alimentos para los enfermos que no ten\u00edan familia ni recursos. Cuando estaban en agon\u00eda, pasaba las noches junto a su lecho. Muri\u00f3 a los 75 a\u00f1os.<\/p>\n<p><strong>5. <\/strong><strong>Misionera de los campesinos:<\/strong><\/p>\n<p>Se desconoce su nombre y la fecha de su nacimiento o de su muerte. Los anales de 1897 s\u00f3lo contaron sus haza\u00f1as apost\u00f3licas. Originaria de San Luis Potos\u00ed, emigr\u00f3 con una hermana y su cu\u00f1ado a Celaya y luego a una Hacienda lejana. Hablando con el administrador, descubri\u00f3 una capillita empolvada de tanto estar cerrada. Se abri\u00f3 la capilla y, bien barrida, toc\u00f3 la campana y acudieron los campesinos. Y rezaron el rosario en octubre. Y ya no se cerr\u00f3 la capillita. Noche a noche, la campana se cerr\u00f3 la capillita. Noche a noche, la campana tocaba para la hora del rosario\/y acud\u00edan todas las familias.<\/p>\n<p>En mayo persuadi\u00f3 a los campesinos a que distribuyeran los d\u00edas. Por las tardes regresaban del campo con los manojos de flores que en el rosario iban a ofrecer sus hijas, descalzas pero vestidas de blanco, y con una corona que la Hija de Mar\u00eda les hab\u00eda dise\u00f1ado y confeccionado. El \u00faltimo d\u00eda de mayo enton\u00f3 los cantos que acostumbran en su Asociaci\u00f3n. En el mes de junio continu\u00f3 la celebraci\u00f3n.<\/p>\n<p><strong>6. <\/strong><strong>Julia Oscos. Tenancingo, M\u00e9x. + 1961<\/strong><\/p>\n<p>Primera presidenta de la Asociaci\u00f3n. En la persecuci\u00f3n, el p\u00e1rroco le confi\u00f3 llevar la eucarist\u00eda a los enfermos. Con tenacillas de oro tomaba las formas y las repart\u00eda. En su casa hosped\u00f3 a sacerdotes y religiosas perseguidos.<\/p>\n<p><strong>7. <\/strong><strong>Loreto Pe\u00f3n. M\u00e9rida.<\/strong><\/p>\n<p>De distinguida familia. Apoyada por su t\u00eda Ana Pe\u00f3n de Regil, sobresali\u00f3 por su caridad. Cuando llegaron las Hermanas (1865), construy\u00f3 a sus expensas el colegio de \u00abLos Sagrados Corazones de Jes\u00fas y de Mar\u00eda\u00bb. Se estableci\u00f3 la Asociaci\u00f3n y fue recibida en ella. La presidi\u00f3 largos a\u00f1os. Inspirada por su probada piedad, dedic\u00f3 sus numerosos bienes a la ense\u00f1anza de ni\u00f1os pobres y al socorro de las familias pobres. Era socia activa de la Conferencia. Cuando enferm\u00f3 todos lo sintieron. Su familia no escatim\u00f3 gastos, pero nada pudo la ciencia m\u00e9dica. Se dice que para implorar su salud se hizo la promesa de levantar un santuario a la Virgen de Lourdes. Esta iglesia se confi\u00f3 a los Padres Pa\u00fales en enero de 1902, poco despu\u00e9s de fallecida la Srta. Pe\u00f3n. Muri\u00f3 siendo muy querida, m\u00e1s que por su dinero, por su gran personalidad y por lo caritativa que fue.<\/p>\n<p><strong>8. <\/strong><strong>Guadalupe Coello. M\u00e9rida + 1961.<\/strong><\/p>\n<p>\u00abHemos convivido con un alma santa\u00bb Alegre, recia, valiente en el bien, misionera con los grandes de las misiones yucatecas, Juli\u00e1n Coello (\u00abpap\u00e1 abuelo\u00bb) y Mauricio Petul. Y catequista empedernida en la capilla del Ni\u00f1o de Atocha.<\/p>\n<p><strong>9. <\/strong><strong>Inocencia Betancun. Zacatecas. + 1942.<\/strong><\/p>\n<p>Chencha. Llevada de su caridad, recogi\u00f3 en su casa a ni\u00f1os hu\u00e9rfanos y a ancianos. \u00abSiquiera para tener que ofrecerle algo a mi Padre Dios\u00bb. Sufri\u00f3 c\u00e1rcel y maltratos de los villistas. Muri\u00f3 en la pobreza.<\/p>\n<p><strong>10. <\/strong><strong>Roberta Izquierdo. Ternascaltepec + 1950.<\/strong><\/p>\n<p>B\u00e1rbaramente asesinada por un acosador no correspondido. Era una de las Hijas de Mar\u00eda m\u00e1s virtuosas, fervorosas y buenas de la Asociaci\u00f3n de Tesmalcatepec\u00bb.<\/p>\n","protected":false},"excerpt":{"rendered":"<p>I: Las vocaciones a la vida religiosa. La Asociaci\u00f3n, por la fuerza de la vida interior de sus miembros, dio numerosas vocaciones que ingresaron a los m\u00e1s diversos Institutos religiosos. De la Asociaci\u00f3n salieron tambi\u00e9n &#8230; <a href=\"https:\/\/vincentians.com\/es\/hijas-de-maria-religiosas-y-santas\/\" class=\"more-link\">Read More<\/a><\/p>\n","protected":false},"author":4,"featured_media":141190,"comment_status":"open","ping_status":"open","sticky":false,"template":"","format":"standard","meta":{"jetpack_post_was_ever_published":false,"_jetpack_newsletter_access":"","_jetpack_dont_email_post_to_subs":false,"_jetpack_newsletter_tier_id":0,"_jetpack_memberships_contains_paywalled_content":false,"_jetpack_memberships_contains_paid_content":false,"footnotes":"","jetpack_publicize_message":"","jetpack_publicize_feature_enabled":true,"jetpack_social_post_already_shared":true,"jetpack_social_options":{"image_generator_settings":{"template":"highway","default_image_id":0,"font":"","enabled":false},"version":2}},"categories":[380],"tags":[176,172],"class_list":["post-50964","post","type-post","status-publish","format-standard","has-post-thumbnail","hentry","category-asociacion-de-la-medalla-milagrosa","tag-misiones-populares","tag-pobreza"],"yoast_head":"<!-- This site is optimized with the Yoast SEO plugin v26.3 - https:\/\/yoast.com\/wordpress\/plugins\/seo\/ -->\n<title>Hijas de Mar\u00eda, religiosas y santas - Somos Vicencianos<\/title>\n<meta name=\"robots\" content=\"index, follow, max-snippet:-1, max-image-preview:large, max-video-preview:-1\" \/>\n<link rel=\"canonical\" href=\"https:\/\/vincentians.com\/es\/hijas-de-maria-religiosas-y-santas\/\" \/>\n<meta property=\"og:locale\" content=\"es_ES\" \/>\n<meta property=\"og:type\" content=\"article\" \/>\n<meta property=\"og:title\" content=\"Hijas de Mar\u00eda, religiosas y santas - Somos Vicencianos\" \/>\n<meta property=\"og:description\" content=\"I: Las vocaciones a la vida religiosa. La Asociaci\u00f3n, por la fuerza de la vida interior de sus miembros, dio numerosas vocaciones que ingresaron a los m\u00e1s diversos Institutos religiosos. De la Asociaci\u00f3n salieron tambi\u00e9n ... Read More\" \/>\n<meta property=\"og:url\" content=\"https:\/\/vincentians.com\/es\/hijas-de-maria-religiosas-y-santas\/\" \/>\n<meta property=\"og:site_name\" content=\"Somos Vicencianos\" \/>\n<meta property=\"article:publisher\" content=\"https:\/\/www.facebook.com\/WeAreVincentians\/\" \/>\n<meta property=\"article:author\" content=\"https:\/\/www.facebook.com\/JavierChento\" \/>\n<meta property=\"article:published_time\" content=\"2015-03-07T23:50:00+00:00\" \/>\n<meta property=\"article:modified_time\" content=\"2016-07-26T08:09:13+00:00\" \/>\n<meta name=\"author\" content=\"Francisco Javier Fern\u00e1ndez Chento\" \/>\n<meta name=\"twitter:card\" content=\"summary_large_image\" \/>\n<meta name=\"twitter:creator\" content=\"@https:\/\/twitter.com\/javierchento\" \/>\n<meta name=\"twitter:site\" content=\"@WeVincentians\" \/>\n<meta name=\"twitter:label1\" content=\"Escrito por\" \/>\n\t<meta name=\"twitter:data1\" content=\"Francisco Javier Fern\u00e1ndez Chento\" \/>\n\t<meta name=\"twitter:label2\" content=\"Tiempo de lectura\" \/>\n\t<meta name=\"twitter:data2\" content=\"10 minutos\" \/>\n<script type=\"application\/ld+json\" class=\"yoast-schema-graph\">{\"@context\":\"https:\/\/schema.org\",\"@graph\":[{\"@type\":\"Article\",\"@id\":\"https:\/\/vincentians.com\/es\/hijas-de-maria-religiosas-y-santas\/#article\",\"isPartOf\":{\"@id\":\"https:\/\/vincentians.com\/es\/hijas-de-maria-religiosas-y-santas\/\"},\"author\":{\"name\":\"Francisco Javier Fern\u00e1ndez Chento\",\"@id\":\"http:\/\/vincentians.com\/es\/#\/schema\/person\/9623ef4d9aa3b2dfb8c061f1499288f2\"},\"headline\":\"Hijas de Mar\u00eda, religiosas y santas\",\"datePublished\":\"2015-03-07T23:50:00+00:00\",\"dateModified\":\"2016-07-26T08:09:13+00:00\",\"mainEntityOfPage\":{\"@id\":\"https:\/\/vincentians.com\/es\/hijas-de-maria-religiosas-y-santas\/\"},\"wordCount\":2083,\"commentCount\":0,\"publisher\":{\"@id\":\"http:\/\/vincentians.com\/es\/#organization\"},\"image\":{\"@id\":\"https:\/\/vincentians.com\/es\/hijas-de-maria-religiosas-y-santas\/#primaryimage\"},\"thumbnailUrl\":\"\",\"keywords\":[\"Misiones Populares\",\"Pobreza\"],\"articleSection\":[\"Asociaci\u00f3n de la Medalla Milagrosa\"],\"inLanguage\":\"es\",\"potentialAction\":[{\"@type\":\"CommentAction\",\"name\":\"Comment\",\"target\":[\"https:\/\/vincentians.com\/es\/hijas-de-maria-religiosas-y-santas\/#respond\"]}]},{\"@type\":\"WebPage\",\"@id\":\"https:\/\/vincentians.com\/es\/hijas-de-maria-religiosas-y-santas\/\",\"url\":\"https:\/\/vincentians.com\/es\/hijas-de-maria-religiosas-y-santas\/\",\"name\":\"Hijas de Mar\u00eda, religiosas y santas - Somos Vicencianos\",\"isPartOf\":{\"@id\":\"http:\/\/vincentians.com\/es\/#website\"},\"primaryImageOfPage\":{\"@id\":\"https:\/\/vincentians.com\/es\/hijas-de-maria-religiosas-y-santas\/#primaryimage\"},\"image\":{\"@id\":\"https:\/\/vincentians.com\/es\/hijas-de-maria-religiosas-y-santas\/#primaryimage\"},\"thumbnailUrl\":\"\",\"datePublished\":\"2015-03-07T23:50:00+00:00\",\"dateModified\":\"2016-07-26T08:09:13+00:00\",\"breadcrumb\":{\"@id\":\"https:\/\/vincentians.com\/es\/hijas-de-maria-religiosas-y-santas\/#breadcrumb\"},\"inLanguage\":\"es\",\"potentialAction\":[{\"@type\":\"ReadAction\",\"target\":[\"https:\/\/vincentians.com\/es\/hijas-de-maria-religiosas-y-santas\/\"]}]},{\"@type\":\"ImageObject\",\"inLanguage\":\"es\",\"@id\":\"https:\/\/vincentians.com\/es\/hijas-de-maria-religiosas-y-santas\/#primaryimage\",\"url\":\"\",\"contentUrl\":\"\"},{\"@type\":\"BreadcrumbList\",\"@id\":\"https:\/\/vincentians.com\/es\/hijas-de-maria-religiosas-y-santas\/#breadcrumb\",\"itemListElement\":[{\"@type\":\"ListItem\",\"position\":1,\"name\":\"Portada\",\"item\":\"http:\/\/vincentians.com\/es\/\"},{\"@type\":\"ListItem\",\"position\":2,\"name\":\"Hijas de Mar\u00eda, religiosas y santas\"}]},{\"@type\":\"WebSite\",\"@id\":\"http:\/\/vincentians.com\/es\/#website\",\"url\":\"http:\/\/vincentians.com\/es\/\",\"name\":\"Somos Vicencianos\",\"description\":\"Know more to serve more\",\"publisher\":{\"@id\":\"http:\/\/vincentians.com\/es\/#organization\"},\"potentialAction\":[{\"@type\":\"SearchAction\",\"target\":{\"@type\":\"EntryPoint\",\"urlTemplate\":\"http:\/\/vincentians.com\/es\/?s={search_term_string}\"},\"query-input\":{\"@type\":\"PropertyValueSpecification\",\"valueRequired\":true,\"valueName\":\"search_term_string\"}}],\"inLanguage\":\"es\"},{\"@type\":\"Organization\",\"@id\":\"http:\/\/vincentians.com\/es\/#organization\",\"name\":\"The Vincentian Network\",\"url\":\"http:\/\/vincentians.com\/es\/\",\"logo\":{\"@type\":\"ImageObject\",\"inLanguage\":\"es\",\"@id\":\"http:\/\/vincentians.com\/es\/#\/schema\/logo\/image\/\",\"url\":\"https:\/\/i1.wp.com\/vincentians.com\/es\/wp-content\/uploads\/sites\/11\/2016\/06\/Vincentian-Network-logo-big.png?fit=778%2C778\",\"contentUrl\":\"https:\/\/i1.wp.com\/vincentians.com\/es\/wp-content\/uploads\/sites\/11\/2016\/06\/Vincentian-Network-logo-big.png?fit=778%2C778\",\"width\":778,\"height\":778,\"caption\":\"The Vincentian Network\"},\"image\":{\"@id\":\"http:\/\/vincentians.com\/es\/#\/schema\/logo\/image\/\"},\"sameAs\":[\"https:\/\/www.facebook.com\/WeAreVincentians\/\",\"https:\/\/x.com\/WeVincentians\"]},{\"@type\":\"Person\",\"@id\":\"http:\/\/vincentians.com\/es\/#\/schema\/person\/9623ef4d9aa3b2dfb8c061f1499288f2\",\"name\":\"Francisco Javier Fern\u00e1ndez Chento\",\"image\":{\"@type\":\"ImageObject\",\"inLanguage\":\"es\",\"@id\":\"http:\/\/vincentians.com\/es\/#\/schema\/person\/image\/\",\"url\":\"https:\/\/secure.gravatar.com\/avatar\/497d5cde87b4c3d097d0315953521681ba2cd523ee66e5077c3711f7021e65de?s=96&d=mm&r=g\",\"contentUrl\":\"https:\/\/secure.gravatar.com\/avatar\/497d5cde87b4c3d097d0315953521681ba2cd523ee66e5077c3711f7021e65de?s=96&d=mm&r=g\",\"caption\":\"Francisco Javier Fern\u00e1ndez Chento\"},\"description\":\"Director General y cofundador de La Red de Formaci\u00f3n Vicenciana. Javier es laico vicenciano, afiliado a la Congregaci\u00f3n de la Misi\u00f3n y miembro del Equipo de Misiones Populares de la provincia can\u00f3nica de Zaragoza (Espa\u00f1a) de la Congregaci\u00f3n de la Misi\u00f3n. Graduado en la Universidad Oberta de Catalunya con cuatro grados (Asistente de direcci\u00f3n, Gesti\u00f3n Administrativa, Recursos Humanos y Contabilidad Avanzada). Bil\u00edng\u00fce Espa\u00f1ol\/Ingl\u00e9s. gestiona y mantiene varias p\u00e1ginas web cristianas y vicencianas, incluida including La Red de Formaci\u00f3n Vicenciana, de la que es cofundador. Actualmente es responsable del \u00e1rea de Espa\u00f1ol de .famvin, la Red de Noticias de la Familia Vicenciana. Tambi\u00e9n es m\u00fasico cat\u00f3lico y ha editado varios discos. Es Director General y cofundador de Trovador, una reconocida compa\u00f1\u00eda discogr\u00e1fica critiana de Espa\u00f1a. Trabaja en las Tecnolog\u00edas de la Informaci\u00f3n, ofreciendo servicios de alojamiento, dise\u00f1o y mantenimiento Web, as\u00ed como asesoramiento, formaci\u00f3n y soluciones inform\u00e1ticas, gesti\u00f3n documental y digitalizaci\u00f3n de textos, edici\u00f3n y maquetaci\u00f3n de libros, revistas, flyers, etc.\",\"sameAs\":[\"http:\/\/chento.org\",\"https:\/\/www.facebook.com\/JavierChento\",\"https:\/\/x.com\/https:\/\/twitter.com\/javierchento\"],\"url\":\"https:\/\/vincentians.com\/es\/author\/chento\/\"}]}<\/script>\n<!-- \/ Yoast SEO plugin. -->","yoast_head_json":{"title":"Hijas de Mar\u00eda, religiosas y santas - Somos Vicencianos","robots":{"index":"index","follow":"follow","max-snippet":"max-snippet:-1","max-image-preview":"max-image-preview:large","max-video-preview":"max-video-preview:-1"},"canonical":"https:\/\/vincentians.com\/es\/hijas-de-maria-religiosas-y-santas\/","og_locale":"es_ES","og_type":"article","og_title":"Hijas de Mar\u00eda, religiosas y santas - Somos Vicencianos","og_description":"I: Las vocaciones a la vida religiosa. La Asociaci\u00f3n, por la fuerza de la vida interior de sus miembros, dio numerosas vocaciones que ingresaron a los m\u00e1s diversos Institutos religiosos. De la Asociaci\u00f3n salieron tambi\u00e9n ... Read More","og_url":"https:\/\/vincentians.com\/es\/hijas-de-maria-religiosas-y-santas\/","og_site_name":"Somos Vicencianos","article_publisher":"https:\/\/www.facebook.com\/WeAreVincentians\/","article_author":"https:\/\/www.facebook.com\/JavierChento","article_published_time":"2015-03-07T23:50:00+00:00","article_modified_time":"2016-07-26T08:09:13+00:00","author":"Francisco Javier Fern\u00e1ndez Chento","twitter_card":"summary_large_image","twitter_creator":"@https:\/\/twitter.com\/javierchento","twitter_site":"@WeVincentians","twitter_misc":{"Escrito por":"Francisco Javier Fern\u00e1ndez Chento","Tiempo de lectura":"10 minutos"},"schema":{"@context":"https:\/\/schema.org","@graph":[{"@type":"Article","@id":"https:\/\/vincentians.com\/es\/hijas-de-maria-religiosas-y-santas\/#article","isPartOf":{"@id":"https:\/\/vincentians.com\/es\/hijas-de-maria-religiosas-y-santas\/"},"author":{"name":"Francisco Javier Fern\u00e1ndez Chento","@id":"http:\/\/vincentians.com\/es\/#\/schema\/person\/9623ef4d9aa3b2dfb8c061f1499288f2"},"headline":"Hijas de Mar\u00eda, religiosas y santas","datePublished":"2015-03-07T23:50:00+00:00","dateModified":"2016-07-26T08:09:13+00:00","mainEntityOfPage":{"@id":"https:\/\/vincentians.com\/es\/hijas-de-maria-religiosas-y-santas\/"},"wordCount":2083,"commentCount":0,"publisher":{"@id":"http:\/\/vincentians.com\/es\/#organization"},"image":{"@id":"https:\/\/vincentians.com\/es\/hijas-de-maria-religiosas-y-santas\/#primaryimage"},"thumbnailUrl":"","keywords":["Misiones Populares","Pobreza"],"articleSection":["Asociaci\u00f3n de la Medalla Milagrosa"],"inLanguage":"es","potentialAction":[{"@type":"CommentAction","name":"Comment","target":["https:\/\/vincentians.com\/es\/hijas-de-maria-religiosas-y-santas\/#respond"]}]},{"@type":"WebPage","@id":"https:\/\/vincentians.com\/es\/hijas-de-maria-religiosas-y-santas\/","url":"https:\/\/vincentians.com\/es\/hijas-de-maria-religiosas-y-santas\/","name":"Hijas de Mar\u00eda, religiosas y santas - Somos Vicencianos","isPartOf":{"@id":"http:\/\/vincentians.com\/es\/#website"},"primaryImageOfPage":{"@id":"https:\/\/vincentians.com\/es\/hijas-de-maria-religiosas-y-santas\/#primaryimage"},"image":{"@id":"https:\/\/vincentians.com\/es\/hijas-de-maria-religiosas-y-santas\/#primaryimage"},"thumbnailUrl":"","datePublished":"2015-03-07T23:50:00+00:00","dateModified":"2016-07-26T08:09:13+00:00","breadcrumb":{"@id":"https:\/\/vincentians.com\/es\/hijas-de-maria-religiosas-y-santas\/#breadcrumb"},"inLanguage":"es","potentialAction":[{"@type":"ReadAction","target":["https:\/\/vincentians.com\/es\/hijas-de-maria-religiosas-y-santas\/"]}]},{"@type":"ImageObject","inLanguage":"es","@id":"https:\/\/vincentians.com\/es\/hijas-de-maria-religiosas-y-santas\/#primaryimage","url":"","contentUrl":""},{"@type":"BreadcrumbList","@id":"https:\/\/vincentians.com\/es\/hijas-de-maria-religiosas-y-santas\/#breadcrumb","itemListElement":[{"@type":"ListItem","position":1,"name":"Portada","item":"http:\/\/vincentians.com\/es\/"},{"@type":"ListItem","position":2,"name":"Hijas de Mar\u00eda, religiosas y santas"}]},{"@type":"WebSite","@id":"http:\/\/vincentians.com\/es\/#website","url":"http:\/\/vincentians.com\/es\/","name":"Somos Vicencianos","description":"Know more to serve more","publisher":{"@id":"http:\/\/vincentians.com\/es\/#organization"},"potentialAction":[{"@type":"SearchAction","target":{"@type":"EntryPoint","urlTemplate":"http:\/\/vincentians.com\/es\/?s={search_term_string}"},"query-input":{"@type":"PropertyValueSpecification","valueRequired":true,"valueName":"search_term_string"}}],"inLanguage":"es"},{"@type":"Organization","@id":"http:\/\/vincentians.com\/es\/#organization","name":"The Vincentian Network","url":"http:\/\/vincentians.com\/es\/","logo":{"@type":"ImageObject","inLanguage":"es","@id":"http:\/\/vincentians.com\/es\/#\/schema\/logo\/image\/","url":"https:\/\/i1.wp.com\/vincentians.com\/es\/wp-content\/uploads\/sites\/11\/2016\/06\/Vincentian-Network-logo-big.png?fit=778%2C778","contentUrl":"https:\/\/i1.wp.com\/vincentians.com\/es\/wp-content\/uploads\/sites\/11\/2016\/06\/Vincentian-Network-logo-big.png?fit=778%2C778","width":778,"height":778,"caption":"The Vincentian Network"},"image":{"@id":"http:\/\/vincentians.com\/es\/#\/schema\/logo\/image\/"},"sameAs":["https:\/\/www.facebook.com\/WeAreVincentians\/","https:\/\/x.com\/WeVincentians"]},{"@type":"Person","@id":"http:\/\/vincentians.com\/es\/#\/schema\/person\/9623ef4d9aa3b2dfb8c061f1499288f2","name":"Francisco Javier Fern\u00e1ndez Chento","image":{"@type":"ImageObject","inLanguage":"es","@id":"http:\/\/vincentians.com\/es\/#\/schema\/person\/image\/","url":"https:\/\/secure.gravatar.com\/avatar\/497d5cde87b4c3d097d0315953521681ba2cd523ee66e5077c3711f7021e65de?s=96&d=mm&r=g","contentUrl":"https:\/\/secure.gravatar.com\/avatar\/497d5cde87b4c3d097d0315953521681ba2cd523ee66e5077c3711f7021e65de?s=96&d=mm&r=g","caption":"Francisco Javier Fern\u00e1ndez Chento"},"description":"Director General y cofundador de La Red de Formaci\u00f3n Vicenciana. Javier es laico vicenciano, afiliado a la Congregaci\u00f3n de la Misi\u00f3n y miembro del Equipo de Misiones Populares de la provincia can\u00f3nica de Zaragoza (Espa\u00f1a) de la Congregaci\u00f3n de la Misi\u00f3n. Graduado en la Universidad Oberta de Catalunya con cuatro grados (Asistente de direcci\u00f3n, Gesti\u00f3n Administrativa, Recursos Humanos y Contabilidad Avanzada). Bil\u00edng\u00fce Espa\u00f1ol\/Ingl\u00e9s. gestiona y mantiene varias p\u00e1ginas web cristianas y vicencianas, incluida including La Red de Formaci\u00f3n Vicenciana, de la que es cofundador. Actualmente es responsable del \u00e1rea de Espa\u00f1ol de .famvin, la Red de Noticias de la Familia Vicenciana. Tambi\u00e9n es m\u00fasico cat\u00f3lico y ha editado varios discos. Es Director General y cofundador de Trovador, una reconocida compa\u00f1\u00eda discogr\u00e1fica critiana de Espa\u00f1a. Trabaja en las Tecnolog\u00edas de la Informaci\u00f3n, ofreciendo servicios de alojamiento, dise\u00f1o y mantenimiento Web, as\u00ed como asesoramiento, formaci\u00f3n y soluciones inform\u00e1ticas, gesti\u00f3n documental y digitalizaci\u00f3n de textos, edici\u00f3n y maquetaci\u00f3n de libros, revistas, flyers, etc.","sameAs":["http:\/\/chento.org","https:\/\/www.facebook.com\/JavierChento","https:\/\/x.com\/https:\/\/twitter.com\/javierchento"],"url":"https:\/\/vincentians.com\/es\/author\/chento\/"}]}},"jetpack_publicize_connections":[],"jetpack_featured_media_url":"","jetpack_sharing_enabled":true,"jetpack_shortlink":"https:\/\/wp.me\/p7ETMF-dg0","jetpack-related-posts":[{"id":134896,"url":"https:\/\/vincentians.com\/es\/por-claustro-las-calles-de-la-ciudad\/","url_meta":{"origin":50964,"position":0},"title":"&#8230;Por claustro las calles de la ciudad","author":"Francisco Javier Fern\u00e1ndez Chento","date":"13\/01\/2015","format":false,"excerpt":"La parte III del Libro II del C\u00f3digo de Derecho Can\u00f3nico de 1983, que lleva el t\u00edtulo \"De los institutos de vida consagrada y de las sociedades de vida apost\u00f3lica\", contiene afirmaciones y distinciones fundamentales importantes. Vale la pena recordar algunas. Se afirma que los consejos evang\u00e9licos son un don\u2026","rel":"","context":"En \u00abHijas de la Caridad\u00bb","block_context":{"text":"Hijas de la Caridad","link":"https:\/\/vincentians.com\/es\/category\/la-familia-vicenciana\/ramas\/hijas-de-la-caridad\/"},"img":{"alt_text":"hijas_caridad","src":"https:\/\/i0.wp.com\/vicencianos.org\/wp-content\/2015\/01\/hijas_caridad-300x225.jpg?resize=350%2C200","width":350,"height":200},"classes":[]},{"id":128712,"url":"https:\/\/vincentians.com\/es\/carta-de-santa-luisa-a-la-superiora-de-las-cistercienses\/","url_meta":{"origin":50964,"position":1},"title":"Carta de santa Luisa a la Superiora de las Cistercienses","author":"Francisco Javier Fern\u00e1ndez Chento","date":"26\/01\/2014","format":false,"excerpt":"La intenci\u00f3n directa que tiene Luisa de Marillac al escribirle una carta a la Madre Superiora de las cistercienses de Argenteuil es la de aclararle que las Hijas de la Caridad, igual que las benedictinas, tienen una vocaci\u00f3n divina que las introduce en una vida consagrada. Pero indirectamente a nosotros\u2026","rel":"","context":"En \u00abFormaci\u00f3n Vicenciana\u00bb","block_context":{"text":"Formaci\u00f3n Vicenciana","link":"https:\/\/vincentians.com\/es\/category\/formacion-vicenciana\/"},"img":{"alt_text":"rostros_luisa_06","src":"https:\/\/i0.wp.com\/vicencianos.org\/wp-content\/2011\/09\/rostros_luisa_06-289x300.jpg?resize=350%2C200","width":350,"height":200},"classes":[]},{"id":113445,"url":"https:\/\/vincentians.com\/es\/las-hijas-de-las-caridad-mujeres-consagradas\/","url_meta":{"origin":50964,"position":2},"title":"Las Hijas de las Caridad, mujeres consagradas","author":"Francisco Javier Fern\u00e1ndez Chento","date":"19\/10\/2012","format":false,"excerpt":"La intenci\u00f3n directa que tiene Luisa de Marillac al escribirle una carta a la Madre Superiora de las cistercienses de Argenteuil es la de aclararle que las Hijas de la Caridad, igual que las benedictinas, tienen una vocaci\u00f3n divina que las introduce en una vida consagrada. Pero indirectamente a nosotros\u2026","rel":"","context":"En \u00abHijas de la Caridad\u00bb","block_context":{"text":"Hijas de la Caridad","link":"https:\/\/vincentians.com\/es\/category\/la-familia-vicenciana\/ramas\/hijas-de-la-caridad\/"},"img":{"alt_text":"","src":"https:\/\/i0.wp.com\/vicencianos.org\/wp-content\/2011\/08\/logohijascaridad.jpg?resize=350%2C200","width":350,"height":200},"classes":[]},{"id":387760,"url":"https:\/\/vincentians.com\/es\/la-provincia-espanola-de-las-hijas-de-la-caridad-xl\/","url_meta":{"origin":50964,"position":3},"title":"La Provincia espa\u00f1ola de las Hijas de la Caridad (XL)","author":"Mitxel Olabu\u00e9naga","date":"19\/08\/2016","format":false,"excerpt":"La Junta Municipal de Beneficencia de Alicante trat\u00f3 de poner Hermanas al frente de aquel Establecimiento y, en 29 de octubre de 1839, Sor Mar\u00eda Pe\u00f1asco, escrib\u00eda desde Madrid haber ya llegado el momento deseado, \"por hallarse este Noviciado dispuesto a acceder a las ben\u00e9ficas miras de V.E. Pues puedo\u2026","rel":"","context":"En \u00abHistoria de las Hijas de la Caridad\u00bb","block_context":{"text":"Historia de las Hijas de la Caridad","link":"https:\/\/vincentians.com\/es\/category\/historia-de-la-familia-vicenciana\/historia-de-las-hijas-de-la-caridad\/"},"img":{"alt_text":"","src":"https:\/\/i0.wp.com\/vincentians.com\/es\/wp-content\/uploads\/sites\/11\/2016\/07\/hijas-caridad-espanya.jpg?fit=1200%2C630&ssl=1&resize=350%2C200","width":350,"height":200,"srcset":"https:\/\/i0.wp.com\/vincentians.com\/es\/wp-content\/uploads\/sites\/11\/2016\/07\/hijas-caridad-espanya.jpg?fit=1200%2C630&ssl=1&resize=350%2C200 1x, https:\/\/i0.wp.com\/vincentians.com\/es\/wp-content\/uploads\/sites\/11\/2016\/07\/hijas-caridad-espanya.jpg?fit=1200%2C630&ssl=1&resize=525%2C300 1.5x, https:\/\/i0.wp.com\/vincentians.com\/es\/wp-content\/uploads\/sites\/11\/2016\/07\/hijas-caridad-espanya.jpg?fit=1200%2C630&ssl=1&resize=700%2C400 2x, https:\/\/i0.wp.com\/vincentians.com\/es\/wp-content\/uploads\/sites\/11\/2016\/07\/hijas-caridad-espanya.jpg?fit=1200%2C630&ssl=1&resize=1050%2C600 3x"},"classes":[]},{"id":139369,"url":"https:\/\/vincentians.com\/es\/servidores-de-las-hijas-de-la-caridad\/","url_meta":{"origin":50964,"position":4},"title":"Servidores de las Hijas de la Caridad","author":"Francisco Javier Fern\u00e1ndez Chento","date":"10\/02\/2015","format":false,"excerpt":"\u00abIba caminando de pueblo en pueblo y de aldea en al\u00addea proclamando la Buena Noticia del Reino de Dios; lo acompa\u00f1aban los Doce y algunas mujeres que \u00e9l hab\u00eda curado de malos esp\u00edritus y enfermedades\u00bb. (Lc 8,1-2). \u00abDado que la Congregaci\u00f3n de la Misi\u00f3n goza de la mis\u00adma herencia que\u2026","rel":"","context":"En \u00abEspiritualidad vicenciana\u00bb","block_context":{"text":"Espiritualidad vicenciana","link":"https:\/\/vincentians.com\/es\/category\/espiritualidad\/espiritualidad-vicenciana\/"},"img":{"alt_text":"maxresdefault","src":"https:\/\/i0.wp.com\/vicencianos.org\/wp-content\/2015\/02\/maxresdefault-300x179.jpg?resize=350%2C200","width":350,"height":200},"classes":[]},{"id":125836,"url":"https:\/\/vincentians.com\/es\/san-vicente-de-paul-siervo-de-los-pobres-07\/","url_meta":{"origin":50964,"position":5},"title":"San Vicente de Pa\u00fal, siervo de los pobres (07)","author":"Francisco Javier Fern\u00e1ndez Chento","date":"02\/12\/2013","format":false,"excerpt":"VII. Las Hijas de la Caridad (1633) Siervas de las siervas de los pobres Si a Vicente le daba pena la enfermedad de Luisa, Luisa no ten\u00eda menores motivos para temer por la salud de Vicente, que precisamente por entonces \u2014en 1631\u2014sufri\u00f3 un ataque m\u00e1s fuerte de aquel mal a\u2026","rel":"","context":"En \u00abVicente de Pa\u00fal\u00bb","block_context":{"text":"Vicente de Pa\u00fal","link":"https:\/\/vincentians.com\/es\/category\/la-familia-vicenciana\/fundadores\/vicente-de-paul\/"},"img":{"alt_text":"","src":"","width":0,"height":0},"classes":[]}],"_links":{"self":[{"href":"https:\/\/vincentians.com\/es\/wp-json\/wp\/v2\/posts\/50964","targetHints":{"allow":["GET"]}}],"collection":[{"href":"https:\/\/vincentians.com\/es\/wp-json\/wp\/v2\/posts"}],"about":[{"href":"https:\/\/vincentians.com\/es\/wp-json\/wp\/v2\/types\/post"}],"author":[{"embeddable":true,"href":"https:\/\/vincentians.com\/es\/wp-json\/wp\/v2\/users\/4"}],"replies":[{"embeddable":true,"href":"https:\/\/vincentians.com\/es\/wp-json\/wp\/v2\/comments?post=50964"}],"version-history":[{"count":0,"href":"https:\/\/vincentians.com\/es\/wp-json\/wp\/v2\/posts\/50964\/revisions"}],"wp:featuredmedia":[{"embeddable":true,"href":"https:\/\/vincentians.com\/es\/wp-json\/"}],"wp:attachment":[{"href":"https:\/\/vincentians.com\/es\/wp-json\/wp\/v2\/media?parent=50964"}],"wp:term":[{"taxonomy":"category","embeddable":true,"href":"https:\/\/vincentians.com\/es\/wp-json\/wp\/v2\/categories?post=50964"},{"taxonomy":"post_tag","embeddable":true,"href":"https:\/\/vincentians.com\/es\/wp-json\/wp\/v2\/tags?post=50964"}],"curies":[{"name":"wp","href":"https:\/\/api.w.org\/{rel}","templated":true}]}}