{"id":50922,"date":"2019-11-18T08:46:44","date_gmt":"2019-11-18T07:46:44","guid":{"rendered":"http:\/\/somos.vicencianos.org\/?p=50922"},"modified":"2019-09-09T10:35:03","modified_gmt":"2019-09-09T08:35:03","slug":"benito-de-canfeld-voluntarismo-mistico-teocentrico","status":"publish","type":"post","link":"https:\/\/vincentians.com\/es\/benito-de-canfeld-voluntarismo-mistico-teocentrico\/","title":{"rendered":"Benito de Canfeld: voluntarismo m\u00edstico-teoc\u00e9ntrico"},"content":{"rendered":"<p>Entre las diversas tendencias llamadas \u00abm\u00edsticas\u00bb, que influ\u00adyen en la renovaci\u00f3n espiritual en Francia durante el siglo XVII,<span id='easy-footnote-1-50922' class='easy-footnote-margin-adjust'><\/span><span class='easy-footnote'><a href='https:\/\/vincentians.com\/es\/benito-de-canfeld-voluntarismo-mistico-teocentrico\/#easy-footnote-bottom-1-50922' title='El comienzo del siglo XVII se caracteriza por la implantaci\u00f3n &lt;em&gt;y &lt;\/em&gt;floraci\u00f3n en Francia de tres corrientes \u00abm\u00edsticas\u00bb o escuelas de espiritua\u00adlidad: La corriente &lt;em&gt;renano-flamenca &lt;\/em&gt;se desarrolla principalmente a trav\u00e9s de la &lt;em&gt;Perle \u00e9vang\u00e9lique &lt;\/em&gt;(an\u00f3nimo), del &lt;em&gt;Ornement des noces spirituelles &lt;\/em&gt;de Ruysbroeck, traducidos respectivamente en 1602 y 1606 por el cartujo dom Beaucousin, y de la &lt;em&gt;Th\u00e9ologie mystique &lt;\/em&gt;de Herp, traducida en 1617 por el jesuita J. B. Machault. Anteriormente a estas traducciones, no se puede olvidar la influencia de la m\u00edstica renano-flamenca a trav\u00e9s de los \u00abtres grandes\u00bb: Tauler, Ruysbroeck, Herp en los espirituales franceses. La publicaci\u00f3n en lat\u00edn, a lo largo del siglo XVI y al comienzo del siglo XVII, de las obras de los m\u00edsticos renano-flamencos por la Cartuja de Colonia \u2014difundidas muy probablemente a trav\u00e9s de la Cartuja de Par\u00eds\u2014posibilita la lectura de estas obras a los maestros espirituales franceses. Acerca de la influencia decisiva de la m\u00edstica renano-flamenca en la for\u00admaci\u00f3n de la espiritualidad francesa del siglo XVII, cf. Dom Huijben, &lt;em&gt;85; J. &lt;\/em&gt;Dagens, 49; M. Dupuy, &lt;em&gt;59; &lt;\/em&gt;J. Orcibal, &lt;em&gt;115.&lt;\/em&gt;&lt;\/p&gt;\n&lt;p&gt;&lt;em&gt;La escuela italiana &lt;\/em&gt;influye especialmente a trav\u00e9s de la traducci\u00f3n del &lt;em&gt;Abr\u00e9g\u00e9 de la perfection chr\u00e9tienne &lt;\/em&gt;de Isabel Bellinzaga, de apellido patro\u00adn\u00edmico Lomazi, publicado en franc\u00e9s en 1596. Acerca del origen, fuentes, contenido e influencia de este libro, cf. M. Viller &amp;#8211; E. Joppin, &lt;em&gt;144, &lt;\/em&gt;381\u00ad402; M. Viller, &lt;em&gt;143, 142; &lt;\/em&gt;L. Cognet, 36, III, 41-47. Junto al libro de la Dama Milanesa, hay que citar el &lt;em&gt;Combat spirituel &lt;\/em&gt;de Scupoli, traducido en 1595 y La &lt;em&gt;Vie et les oeuvres spirituelles &lt;\/em&gt;de Catalina d&amp;#8217;Adornai de G\u00e9nova, traducidas en 1597 por los cartujos de Bourgfontaine (cf. L. Cog\u00adnet, 36, 240; J. Dagens, &lt;em&gt;49, &lt;\/em&gt;137-138).&lt;\/p&gt;\n&lt;p&gt;La corriente espa\u00f1ola se difunde sobre todo a trav\u00e9s de las &lt;em&gt;Obras &lt;\/em&gt;de Teresa de Avila, traducidas en 1601 por el sacerdote J. de Quintanadoine de Bretigny, a trav\u00e9s de las &lt;em&gt;Obras &lt;\/em&gt;de Juan de la Cruz, traducidas en 1621 y 1622 por Renato Gaultier, consejero de estado y amigo del Carmelo, esta\u00adblecido en Par\u00eds en 1604. Los nombres de estos dos grandes maestros de la espiritualidad espa\u00f1ola no pueden hacer olvidar la importancia de la influencia en los espirituales franceses de algunas de las obras de Luis de Granada, traducidas en 1571, de Juan de Avila, Diego de Estella, Alfonso de Madrid, traducidas hacia 1586.'><sup>1<\/sup><\/a><\/span> se encuentra la llamada \u00abescuela abstracta\u00bb: esta denominaci\u00f3n se debe al predominio que ejerce en ella el esp\u00edritu de la m\u00edstica renano-flamenca<span id='easy-footnote-2-50922' class='easy-footnote-margin-adjust'><\/span><span class='easy-footnote'><a href='https:\/\/vincentians.com\/es\/benito-de-canfeld-voluntarismo-mistico-teocentrico\/#easy-footnote-bottom-2-50922' title='Referente a la m\u00edstica renano-flamenca, cf. L. Cognet, 37; J. Orci\u00adbal, &lt;em&gt;116; &lt;\/em&gt;R. L. Oechslin, &lt;em&gt;112.&lt;\/em&gt;'><sup>2<\/sup><\/a><\/span> de tendencia \u00ababstracta\u00bb \u2014en raz\u00f3n de su gusto por la abstracci\u00f3n metaf\u00edsica\u2014 orientada a la \u00abvida sobre-eminente\u00bb y centrada en la aspiraci\u00f3n hacia la uni\u00f3n directa de la voluntad humana con la esencia divina.<\/p>\n<p>Los adeptos a esta \u00abescuela abstracta\u00bb se re\u00fanen en la \u00faltima d\u00e9cada del siglo XVI y al comienzo del siglo XVII en torno a B\u00e1rbara Avrillot (1566-1618), esposa de Pedro Acarie, invocada desde su beatificaci\u00f3n (24 de mayo de 1791) por su nombre de carmelita \u00abconversa\u00bb (1614), Mar\u00eda de la Encarnaci\u00f3n.<span id='easy-footnote-3-50922' class='easy-footnote-margin-adjust'><\/span><span class='easy-footnote'><a href='https:\/\/vincentians.com\/es\/benito-de-canfeld-voluntarismo-mistico-teocentrico\/#easy-footnote-bottom-3-50922' title='Referente a la vida e influencia de Mar\u00eda de la Encarnaci\u00f3n, cf. A. Duval, &lt;em&gt;62; &lt;\/em&gt;D. Herv\u00e9, &lt;em&gt;83; &lt;\/em&gt;J. B. A. Boucher, 21; J. M. Bruno, 23; H. Bremond, &lt;em&gt;22, &lt;\/em&gt;II, 192-262.'><sup>3<\/sup><\/a><\/span>\n<p>La mansi\u00f3n de esta gran est\u00e1tica y estigm\u00e1tica se convierte lentamente <em>en <\/em>centro de acci\u00f3n espiritual, en lugar de reuniones y de conversaciones del m\u00e1s alto nivel intelectual y espiritual. El sal\u00f3n de la residencia Acarie es frecuentado tanto por hom\u00adbres de ciencia teol\u00f3gica y de vida interior de la Sorbona, entre otros Andr\u00e9s Duval, como por grandes maestros espirituales, entre ellos Benito de Canfeld. Junto a \u00e9stos se encuentran piado\u00adsos sacerdotes, como Gallement y Juan de Quintanadoine de Br\u00e9tigny, y laicos pertenecientes al \u00abmedio devoto\u00bb, como Miguel de Marillac y Renato Gaultier. El joven Pedro de B\u00e9rulle acude con frecuencia a la residencia de su prima y Francisco de Sales, durante su viaje a Par\u00eds (1602), visita el centro Acarie. Si el cartujo Dom Beaucousin est\u00e1 ausente de estas reuniones de sal\u00f3n, recibe, por el contrario, en el locutorio de la cartuja de Vauvert y desde \u00e9l ejerce su autoridad y su influencia en todo el grupo.<\/p>\n<p>El c\u00edrculo Acarie especialmente a trav\u00e9s de la autoridad del comentarista de santo Tom\u00e1s y maestro de la vida espiritual, Andr\u00e9s Duval, asegura la difusi\u00f3n de la literatura \u00abm\u00edstica\u00bb, de los libros que \u00abtratan de la vida sobreeminente\u00bb.<span id='easy-footnote-4-50922' class='easy-footnote-margin-adjust'><\/span><span class='easy-footnote'><a href='https:\/\/vincentians.com\/es\/benito-de-canfeld-voluntarismo-mistico-teocentrico\/#easy-footnote-bottom-4-50922' title='En 1595, aprueba los &lt;em&gt;Exercices &lt;\/em&gt;de Eschius y de Herp, traducidos por Soulfour; en 1597, el &lt;em&gt;Bref Discours de l&amp;#8217;abn\u00e9gation int\u00e9rieure &lt;\/em&gt;de P. de B\u00e9rulle; en 1609, la &lt;em&gt;R\u00e9gle de Perfection de B. de Canfeld.&lt;\/em&gt;'><sup>4<\/sup><\/a><\/span> El mismo inter\u00e9s, que le lleva a poner su sentido agudo de rigor teol\u00f3gico al servicio de la precisi\u00f3n en el vocabulario de los espirituales,<span id='easy-footnote-5-50922' class='easy-footnote-margin-adjust'><\/span><span class='easy-footnote'><a href='https:\/\/vincentians.com\/es\/benito-de-canfeld-voluntarismo-mistico-teocentrico\/#easy-footnote-bottom-5-50922' title='A. Duval trat\u00f3 de definir el significado de la palabra \u00abcor\u00bb, utili\u00adzada con frecuencia, aunque sin gran rigor de precisi\u00f3n, por los espirituales. Seg\u00fan la f\u00f3rmula de Duval: \u00abNihilominus cor, id est apex mentis, debet vigilare, aut per cognitionem quamdam supernaturalem, aut per su\u00adblimes aliquos amoris actus\u00bb: A. Duval, 63, II, 452; cf. 447-454; J. Da-gens, 49, 113.'><sup>5<\/sup><\/a><\/span> le conducir\u00e1 m\u00e1s tarde a reaccionar contra los peligros del iluminis\u00admo. Influenciado e inspirado por las afirmaciones contenidas en una carta de Gerson al cartujo Dom Barth\u00e9lemy, referente al libro <em>Ornement des notes spirituelles <\/em>de Ruysbroeck, el decano de la Facultad de teolog\u00eda de la Sorbona, despu\u00e9s de haber sido uno de los iniciadores del movimiento m\u00edstico, se encuentra en el origen de un movimiento de reacci\u00f3n, cuyas consecuencias son funestas para la supervivencia de la influencia de la m\u00edstica rena\u00adno-flamenca en Francia.<span id='easy-footnote-6-50922' class='easy-footnote-margin-adjust'><\/span><span class='easy-footnote'><a href='https:\/\/vincentians.com\/es\/benito-de-canfeld-voluntarismo-mistico-teocentrico\/#easy-footnote-bottom-6-50922' title='Cf. J. Dagens, &lt;em&gt;49, &lt;\/em&gt;113-114. La actitud de A. Duval no es m\u00e1s que el reflejo o la cristalizaci\u00f3n de una de las posiciones en la controversia espiritual durante los siglos XVI y XVII referente a admitir o suprimir en la contemplaci\u00f3n perfecta la humanidad de Jesucristo. Acerca de esta controversia, cf. J. Dagens, &lt;em&gt;49, &lt;\/em&gt;300-321.'><sup>6<\/sup><\/a><\/span>\n<p>El supremo representante de la \u00abescuela abstracta\u00bb es el capuchino Benito de Canfeld (1562-1610) y su obra la <em>R\u00e9gle de perfection contenant un bref et lucide abr\u00e9g\u00e9 de <\/em><em>tbuk la <\/em><em>vie spirituelle r\u00e9duite \u00e1 ce seul point de la volont\u00e9 de Dieu<\/em><span id='easy-footnote-7-50922' class='easy-footnote-margin-adjust'><\/span><span class='easy-footnote'><a href='https:\/\/vincentians.com\/es\/benito-de-canfeld-voluntarismo-mistico-teocentrico\/#easy-footnote-bottom-7-50922' title='Poco despu\u00e9s de ser destinado Benito de Canfeld al convento de Orl\u00e9ans (1592), comienzan a circular las dos primeras partes, en manuscrito, de su &lt;em&gt;Exercice de la Volont\u00e9 de Dieu &lt;\/em&gt;(man. 1819 de la Biblioteca Muni\u00adcipal de Angers, se\u00f1alado por O. Veghel, &lt;em&gt;140, &lt;\/em&gt;179-180; J. Orcibal, &lt;em&gt;117, &lt;\/em&gt;222; L. Cognet, 36, 247, n. 39). La publicaci\u00f3n, en 1608, de las dos pri\u00admeras partes de la &lt;em&gt;R\u00e9gle de Perfection &lt;\/em&gt;presenta un texto ampliamente retocado con relaci\u00f3n al del &lt;em&gt;Exercice. &lt;\/em&gt;El texto que contiene las tres partes fue publicado por primera vez en Rouen, 1609, y de nuevo en Par\u00eds 1610, en \u00abforma muy diferente\u00bb al de 1609 (cf. J. Orcibal, &lt;em&gt;117, &lt;\/em&gt;222). Estas transformaciones del texto se deben, sin duda, a las cr\u00edticas que suscit\u00f3 el texto de 1609 y a las sugerencias y mandato de los superiores de Can\u00adfeld. El texto definitivo corresponde a la edici\u00f3n de 1610 (5.&amp;#8217; edici\u00f3n). Este texto es el que se reproduce en las ediciones posteriores. Acerca del origen de la &lt;em&gt;R\u00e9gle &lt;\/em&gt;y de las diferentes ediciones en vida del autor, cf. O. Veghel, &lt;em&gt;140, &lt;\/em&gt;178.'><sup>7<\/sup><\/a><\/span> es la mejor expresi\u00f3n de esta tendencia m\u00edstica.<span id='easy-footnote-8-50922' class='easy-footnote-margin-adjust'><\/span><span class='easy-footnote'><a href='https:\/\/vincentians.com\/es\/benito-de-canfeld-voluntarismo-mistico-teocentrico\/#easy-footnote-bottom-8-50922' title='Referente a B. de Canfeld, cf, O. Veghel, &lt;em&gt;140; &lt;\/em&gt;P. Renaudin, &lt;em&gt;126&lt;\/em&gt;.'><sup>8<\/sup><\/a><\/span>\n<p>Como los humanistas devotos y Francisco de Sales, Benito de Canfeld es fiel partidario del voluntarismo, pero en \u00e9ste se trata de un <em>voluntarismo \u00abm\u00edstico\u00bb. <\/em>Tambi\u00e9n como Francisco de Sales, Canfeld llega a una visi\u00f3n sint\u00e9tica de la vida cristiana. No obstante esta visi\u00f3n de s\u00edntesis, la perspectiva de ambos es dife\u00adrente: a diferencia del obispo de Ginebra, que pone la <em>caridad <\/em>o el <em>amor <\/em>en el centro de la vida espiritual, el maestro capuchino sit\u00faa este centro en la <em>voluntad, <\/em>en el \u00abejercicio de la voluntad de. Dios\u00bb.<span id='easy-footnote-9-50922' class='easy-footnote-margin-adjust'><\/span><span class='easy-footnote'><a href='https:\/\/vincentians.com\/es\/benito-de-canfeld-voluntarismo-mistico-teocentrico\/#easy-footnote-bottom-9-50922' title='\u00abBien consideradas las v\u00edas y el gran n\u00famero de ejercicios, ideados y practicados por variedad de personas doctas y devotas para alcanzar la perfecci\u00f3n, y comprobando que todos ellos \u2014aunque diferentes.\u2014 tienden a un mismo fin, he deseado, para utilidad de las almas piadosas, compen\u00addiarlos todos y reducirlos a un \u00fanico punto&amp;#8230; A este prop\u00f3sito, nada he encontrado m\u00e1s adecuado que la voluntad de Dios&amp;#8230; A esto se reducen todos los dem\u00e1s ejercicios&amp;#8230; Toda la perfecci\u00f3n de la vida espiritual con\u00adsiste en hacer la voluntad de Dios&amp;#8230;\u00bb: B. de Canfeld, &lt;em&gt;28, &lt;\/em&gt;I, f. lr.-2r.'><sup>9<\/sup><\/a><\/span> Ejercicio que consiste en no tener ninguna otra inten\u00adci\u00f3n, durante la vida y en todas las acciones, m\u00e1s que cumplir la voluntad de Dios.<span id='easy-footnote-10-50922' class='easy-footnote-margin-adjust'><\/span><span class='easy-footnote'><a href='https:\/\/vincentians.com\/es\/benito-de-canfeld-voluntarismo-mistico-teocentrico\/#easy-footnote-bottom-10-50922' title='\u00abSeg\u00fan este ejercicio se aplica, desde el comienzo, la intenci\u00f3n de realizar la voluntad de Dios\u00bb: &lt;em&gt;Ibid., &lt;\/em&gt;I, f. 2v.; cf. f. 3r.'><sup>10<\/sup><\/a><\/span>\n<p>La <em>Regla <\/em>de Benito de Canfeld es una de las manifestaciones m\u00e1s notorias de la renovaci\u00f3n m\u00edstica de finales del siglo XVI y del comienzo del siglo XVII en Francia. El libro, reeditado frecuentemente, ejerce a lo largo del siglo XVII una gran in\u00adfluencia. El \u00e9xito de librer\u00eda (durante el siglo XVII alcanza, al menos, 25 ediciones) y de lectura se debe a la construcci\u00f3n s\u00f3li\u00adda del libro,<span id='easy-footnote-11-50922' class='easy-footnote-margin-adjust'><\/span><span class='easy-footnote'><a href='https:\/\/vincentians.com\/es\/benito-de-canfeld-voluntarismo-mistico-teocentrico\/#easy-footnote-bottom-11-50922' title='La exposici\u00f3n m\u00e1s clara, concisa y profunda de la doctrina de Canfeld es, sin duda, la realizada por J. Orcibal, &lt;em&gt;118.&lt;\/em&gt;'><sup>11<\/sup><\/a><\/span> a \u00abla lucidez maravillosa\u00bb del autor<span id='easy-footnote-12-50922' class='easy-footnote-margin-adjust'><\/span><span class='easy-footnote'><a href='https:\/\/vincentians.com\/es\/benito-de-canfeld-voluntarismo-mistico-teocentrico\/#easy-footnote-bottom-12-50922' title='H. Bremond, &lt;em&gt;22, &lt;\/em&gt;II, 158.'><sup>12<\/sup><\/a><\/span> y, sobre todo, a la intenci\u00f3n expresa y continuamente reiterada de resumir la perfecci\u00f3n a \u00abeste \u00fanico punto de la voluntad de Dios\u00bb.<span id='easy-footnote-13-50922' class='easy-footnote-margin-adjust'><\/span><span class='easy-footnote'><a href='https:\/\/vincentians.com\/es\/benito-de-canfeld-voluntarismo-mistico-teocentrico\/#easy-footnote-bottom-13-50922' title='Esta opci\u00f3n se\u00f1ala la preferencia de Canfeld por la v\u00eda volunta\u00adrista y afectiva para llegar a la uni\u00f3n con Dios. Si esta opci\u00f3n le hace deudor, al menos en parte, de Balma, de Rodolfo de Biberach, del pseudo Tauler, de Alonso de Madrid, autor de &lt;em&gt;Arte para servir a Dios, &lt;\/em&gt;traducido en franc\u00e9s en 1587 por Angel de Joyeuse, capuchino y amigo de Canfeld, es menester a\u00f1adir que \u00e9l \u00abhabla seg\u00fan su experiencia personal, especial\u00admente cuando trata de las m\u00e1s altas cimas de la vida m\u00edstica\u00bb: O. de Veghel, &lt;em&gt;140, &lt;\/em&gt;115; cf. 171-172.'><sup>13<\/sup><\/a><\/span> Todo el problema se cifra, en consecuencia, en llegar a una per\u00adfecta conformidad de la voluntad humana con la divina. Conformidad que culmina en una verdadera absorci\u00f3n de la voluntad humana en la divina. Por eso, no obstante la distinci\u00f3n de las tres v\u00edas o vidas cl\u00e1sicas, que, seg\u00fan los maestros de la vida espiritual,<span id='easy-footnote-14-50922' class='easy-footnote-margin-adjust'><\/span><span class='easy-footnote'><a href='https:\/\/vincentians.com\/es\/benito-de-canfeld-voluntarismo-mistico-teocentrico\/#easy-footnote-bottom-14-50922' title='Canfeld depende de Herp, quien, a su vez, es deudor de Ruys\u00adbroeck en la nomenclatura de las v\u00edas o vidas activa, interior y esencial, cf. O. de Veghel, &lt;em&gt;140, &lt;\/em&gt;362.'><sup>14<\/sup><\/a><\/span> el cristiano debe atravesar para llegar a la perfecci\u00f3n, el maestro capuchino insiste en que no hay m\u00e1s que un solo principio para llegar a conseguirla: la conformidad con la volun\u00adtad de Dios es la regla de la perfecci\u00f3n, de la vida espiritual, de todas las pr\u00e1cticas o ejercicios que conducen a ella.<\/p>\n<h2><em>Contenido de la <\/em>Regla de perfecci\u00f3n<\/h2>\n<p>Para llegar a vivir en conformidad con la voluntad divina, el hombre precisa, con anterioridad, conocerla y realizarla. Para Benito de Canfeld hay tres modos diversos de discernir y de ejecutar esta voluntad de Dios. Cada uno de estos modos per\u00admite al hombre conocer bajo diversos aspectos la misma y \u00fanica realidad suprema y, en consecuencia, realizarla y conformarse a ella.<\/p>\n<p>El primer estadio del conocimiento <em>y <\/em>de la realizaci\u00f3n de la voluntad de Dios, el de la <em>vida activa, <\/em>est\u00e1 constituido por la conformidad a la <em>voluntad exterior de Dios, <\/em>tal y como se mani\u00adfiesta en la revelaci\u00f3n, en la disciplina de la iglesia, en las normas establecidas por la autoridad eclesi\u00e1stica o civil.<\/p>\n<p>El segundo estadio del conocimiento y de la realizaci\u00f3n de la voluntad de Dios, el de la <em>vida interior <\/em>o <em>vida contemplativa, <\/em>est\u00e1 constituido por la conformidad del alma a la <em>voluntad inte\u00adrior de Dios, <\/em>conocida por las luces y movimientos que \u00e9l le otorga.<\/p>\n<p>Finalmente, el tercer estadio del conocimiento y de la reali\u00adzaci\u00f3n de la voluntad de Dios, el de la <em>vida esencial <\/em>o <em>vida sobre-eminente, <\/em>en el que el alma es \u00ababsorbida\u00bb en la <em>voluntad esen\u00adcial de Dios, <\/em>as\u00ed llamada porque es la misma esencia divina.<span id='easy-footnote-15-50922' class='easy-footnote-margin-adjust'><\/span><span class='easy-footnote'><a href='https:\/\/vincentians.com\/es\/benito-de-canfeld-voluntarismo-mistico-teocentrico\/#easy-footnote-bottom-15-50922' title='La influencia de Herp en Canfeld es clara. Se sabe que el t\u00e9rmino &lt;em&gt;\u00absobreeminente\u00bb &lt;\/em&gt;es el que los correctores romanos hab\u00edan sustituido, en 1593, en la Teologia Mystica de Herp al de &lt;em&gt;\u00absobreesencial\u00bb, &lt;\/em&gt;cf. J. Dagens, &lt;em&gt;49, &lt;\/em&gt;114-115.'><sup>15<\/sup><\/a><\/span>\n<p>Esta triple divisi\u00f3n de la voluntad de Dios<span id='easy-footnote-16-50922' class='easy-footnote-margin-adjust'><\/span><span class='easy-footnote'><a href='https:\/\/vincentians.com\/es\/benito-de-canfeld-voluntarismo-mistico-teocentrico\/#easy-footnote-bottom-16-50922' title='Naturalmente Canfeld no admite que haya realmente en Dios tres voluntades. Por medio de esta triple divisi\u00f3n de la voluntad de Dios, in\u00adtenta explicar solamente c\u00f3mo el hombre llega a conocerla distinta y pro\u00adgresivamente a trav\u00e9s de las diversas manifestaciones de la misma y \u00fanica voluntad de Dios, cf. B. de Canfeld, &lt;em&gt;28, Explication de la figure; Ibid., &lt;\/em&gt;I, f. 6r., 34-36; II, f. 152r.; carta al padre J. B. de Blois.'><sup>16<\/sup><\/a><\/span> permite al autor dividir el libro en tres partes:<\/p>\n<p><em>Primera parte: <\/em>\u00abLa voluntad exterior de Dios, que compren\u00adde la vida activa\u00bb. La voluntad de Dios, \u00aben cuanto conocida por la ley y la raz\u00f3n\u00bb y ejecutada como \u00fanica regla y fin de todas las acciones, es para Benito de Canfeld el resumen de toda la vida activa. Vida que se resume, para \u00e9l, en evitar todo pecado, toda imperfecci\u00f3n, practicar todas las virtudes, imitar la vida y pasi\u00f3n de jesucristo a trav\u00e9s de la mortificaci\u00f3n de la voluntad propia, ra\u00edz y origen en el hombre de todo mal. Por eso afirma con insistencia que su <em>\u00abejercicio\u00bb <\/em>es un renunciamien\u00adto continuo a toda pasi\u00f3n, a todo afecto desordenado. A trav\u00e9s de este renunciamiento, exigido para obrar en todo con el \u00fanico fin de realizar la voluntad de Dios, el hombre se ejercita en la purificaci\u00f3n \u00abactiva\u00bb, propia de la vida activa. Canfeld centra el objetivo de esta purificaci\u00f3n en <em>disponer <\/em>al alma a la vida con\u00adtemplativa, en permitir al alma hacerse capaz de <em>percibir la pre\u00adsencia de Dios.<\/em><span id='easy-footnote-17-50922' class='easy-footnote-margin-adjust'><\/span><span class='easy-footnote'><a href='https:\/\/vincentians.com\/es\/benito-de-canfeld-voluntarismo-mistico-teocentrico\/#easy-footnote-bottom-17-50922' title='Cf. &lt;em&gt;Ibid., &lt;\/em&gt;I, f. 73r.; II, f. 155r., 156r., 160r.'><sup>17<\/sup><\/a><\/span>\n<p>Para llegar a percibir la presencia de Dios, no es suficiente que el hombre evite todo pecado, toda imperfecci\u00f3n, es menester que practique todas las virtudes y llegue a la verdadera imita\u00adci\u00f3n de la vida y pasi\u00f3n de Jesucristo.<span id='easy-footnote-18-50922' class='easy-footnote-margin-adjust'><\/span><span class='easy-footnote'><a href='https:\/\/vincentians.com\/es\/benito-de-canfeld-voluntarismo-mistico-teocentrico\/#easy-footnote-bottom-18-50922' title='Cf. &lt;em&gt;Ibid., &lt;\/em&gt;I, f. 10-23, 13v., 114-116.'><sup>18<\/sup><\/a><\/span> Imitar la vida <em>y <\/em>pasi\u00f3n de Jesucristo, equivale, para el maestro capuchino, a sufrir y pa\u00addecer en las persecuciones, sufrimientos y padecimientos de la vida los de nuestro Se\u00f1or. De esta manera el hombre \u00abrenueva en \u00e9l los sufrimientos de Jesucristo y Jesucristo padece en sus miembros\u00bb<span id='easy-footnote-19-50922' class='easy-footnote-margin-adjust'><\/span><span class='easy-footnote'><a href='https:\/\/vincentians.com\/es\/benito-de-canfeld-voluntarismo-mistico-teocentrico\/#easy-footnote-bottom-19-50922' title='&lt;em&gt;Ibid., &lt;\/em&gt;I, f. 118r.; cf. III, f. 146r., 147, 149r.'><sup>19<\/sup><\/a><\/span> y en raz\u00f3n de padecerlos y de sufrirlos el hombre \u00abcon el \u00fanico fin de realizar la voluntad de Dios\u00bb, los padeci\u00admientos \u00abson la voluntad de Dios\u00bb.<span id='easy-footnote-20-50922' class='easy-footnote-margin-adjust'><\/span><span class='easy-footnote'><a href='https:\/\/vincentians.com\/es\/benito-de-canfeld-voluntarismo-mistico-teocentrico\/#easy-footnote-bottom-20-50922' title='Cf. &lt;em&gt;Ibid., &lt;\/em&gt;I, f. 76v., 77r., 78r., 80r., 80v., 81r., 82r.'><sup>20<\/sup><\/a><\/span>\n<p><em>Segunda parte: <\/em>\u00abLa voluntad interior de Dios, que contiene la vida contemplativa\u00bb. La voluntad de Dios, en cuanto conocida de manera experimental, pasivo-activa, \u00abpor las cosas interiores, como son las inspiraciones, elevaciones y atracciones de Dios\u00bb<span id='easy-footnote-21-50922' class='easy-footnote-margin-adjust'><\/span><span class='easy-footnote'><a href='https:\/\/vincentians.com\/es\/benito-de-canfeld-voluntarismo-mistico-teocentrico\/#easy-footnote-bottom-21-50922' title='&lt;em&gt;Ibid., &lt;\/em&gt;II, f. 151v.'><sup>21<\/sup><\/a><\/span> constituye para Canfeld el resumen de la vida contemplativa. Vida que consiste para \u00e9l en el conocimiento experimental<span id='easy-footnote-22-50922' class='easy-footnote-margin-adjust'><\/span><span class='easy-footnote'><a href='https:\/\/vincentians.com\/es\/benito-de-canfeld-voluntarismo-mistico-teocentrico\/#easy-footnote-bottom-22-50922' title='Cf. &lt;em&gt;Ibid., &lt;\/em&gt;II, f. 149r.'><sup>22<\/sup><\/a><\/span> progresivo,<span id='easy-footnote-23-50922' class='easy-footnote-margin-adjust'><\/span><span class='easy-footnote'><a href='https:\/\/vincentians.com\/es\/benito-de-canfeld-voluntarismo-mistico-teocentrico\/#easy-footnote-bottom-23-50922' title='Cf. &lt;em&gt;Ibid., &lt;\/em&gt;II, f. 156v.-157r., 169-170, 178-179, 181, 185r.'><sup>23<\/sup><\/a><\/span> amoroso y gozoso<span id='easy-footnote-24-50922' class='easy-footnote-margin-adjust'><\/span><span class='easy-footnote'><a href='https:\/\/vincentians.com\/es\/benito-de-canfeld-voluntarismo-mistico-teocentrico\/#easy-footnote-bottom-24-50922' title='Cf. &lt;em&gt;Ibid., &lt;\/em&gt;II, f. 158v.-159r., 160, 180, 181, 182, 185r., 188r.'><sup>24<\/sup><\/a><\/span> de la voluntad interior de Dios. Este conocimiento hace experimentar al hombre que \u00abtodo que\u00adrer y movimiento\u00bb, que se realizan en su alma, \u00abno provienen ni son de ella\u00bb sino de Dios, a quien <em>\u00ab\u00fanicamente\u00bb <\/em>siente<span id='easy-footnote-25-50922' class='easy-footnote-margin-adjust'><\/span><span class='easy-footnote'><a href='https:\/\/vincentians.com\/es\/benito-de-canfeld-voluntarismo-mistico-teocentrico\/#easy-footnote-bottom-25-50922' title='\u00abEn esta voluntad interior, el hombre no gusta ni siente ya su propio querer y contento humano, sino solamente el divino, pues el suyo est\u00e1 como absorbido y transformado en el de Dios\u00bb: &lt;em&gt;Ibid., &lt;\/em&gt;II, f. 150; cf. f. 157r., 159-161; I, f. 15-19.'><sup>25<\/sup><\/a><\/span> y de quien goza, a quien ve por y en la voluntad de Dios.<span id='easy-footnote-26-50922' class='easy-footnote-margin-adjust'><\/span><span class='easy-footnote'><a href='https:\/\/vincentians.com\/es\/benito-de-canfeld-voluntarismo-mistico-teocentrico\/#easy-footnote-bottom-26-50922' title='\u00abEl hombre, al reducirse con todo lo dem\u00e1s a nada, ve a Dios en todas las cosas, o m\u00e1s bien ve que todas las cosas son \u00e9l y, en conse\u00adcuencia, no puede ver m\u00e1s que a Dios en todo\u00bb: &lt;em&gt;Ibid., &lt;\/em&gt;II, f. 180r.'><sup>26<\/sup><\/a><\/span>\n<p>El hombre progresa en el conocimiento experimental de la voluntad interior de Dios, en raz\u00f3n de la diversa intensidad con la que <em>Dios se manifiesta al alma <\/em>y en proporci\u00f3n al crecimiento del amor del hombre, correlativo al mayor o menor grado de la <em>purificaci\u00f3n de la pureza de intenci\u00f3n.<\/em><span id='easy-footnote-27-50922' class='easy-footnote-margin-adjust'><\/span><span class='easy-footnote'><a href='https:\/\/vincentians.com\/es\/benito-de-canfeld-voluntarismo-mistico-teocentrico\/#easy-footnote-bottom-27-50922' title='\u00abLa voluntad interior (de Dios) no se manifiesta en nosotros de la misma manera, sino en formas y grados diversos tales como&amp;#8230; la mani\u00adfestaci\u00f3n, admiraci\u00f3n, humillaci\u00f3n, exultaci\u00f3n y elevaci\u00f3n\u00bb &lt;em&gt;(Ibid., &lt;\/em&gt;II, f. 153). Estos cinco grados del conocimiento experimental de la voluntad interior de Dios hay que considerarlos no \u00abtanto como operaciones propias, cuanto como efectos y operaciones del esp\u00edritu divino\u00bb &lt;em&gt;(Ibid., &lt;\/em&gt;II, f. 188v.; cf. f. 183r.). De ah\u00ed surge el conocimiento \u00abpasivo\u00bb de la voluntad interior de Dios.&lt;\/p&gt;\n&lt;p&gt;El conocimiento \u00abactivo\u00bb de la misma voluntad interior de Dios pro\u00adviene del ejercicio de la \u00abaplicaci\u00f3n de intenci\u00f3n\u00bb, requerido en cuanto disposici\u00f3n indispensable y eficaz: \u00abla pureza de intenci\u00f3n descubre a Dios y manifiesta su voluntad y la hace gustar al alma\u00bb &lt;em&gt;(Ibid., &lt;\/em&gt;II, f. 160r.). Por eso a\u00f1ade: \u00abcuanto m\u00e1s posea el alma esta pureza de intenci\u00f3n, tanto m\u00e1s gozar\u00e1 de esta manifestaci\u00f3n\u00bb &lt;em&gt;(Ibid., &lt;\/em&gt;II, f. 161r.) y cuanto mayor sea \u00abesta pureza de intenci\u00f3n, m\u00e1s clara ser\u00e1 tambi\u00e9n la manifestaci\u00f3n\u00bb &lt;em&gt;(Ibid., &lt;\/em&gt;II, f. 161v.).'><sup>27<\/sup><\/a><\/span>\n<p>Este ritmo progresivo del conocimiento de la voluntad inte\u00adrior va desde \u00abel grado de la <em>manifestaci\u00f3n\u00bb, <\/em>en el que el alma <em>comienza <\/em>a \u00absentir\u00bb, \u00abgustar\u00bb <em>y <\/em>\u00abver\u00bb la voluntad de Dios<span id='easy-footnote-28-50922' class='easy-footnote-margin-adjust'><\/span><span class='easy-footnote'><a href='https:\/\/vincentians.com\/es\/benito-de-canfeld-voluntarismo-mistico-teocentrico\/#easy-footnote-bottom-28-50922' title='&lt;em&gt;Ibid., II, &lt;\/em&gt;f. 154r., 178v., 182r., 184v., 185r.'><sup>28<\/sup><\/a><\/span> hasta \u00abel grado de <em>elevaci\u00f3n\u00bb, <\/em>en el que la voluntad de Dios comunica \u00abuna luz tan potente y un resplandor tan brillante que elevan al alma del abismo de las tinieblas hasta la perfecta con\u00adtemplaci\u00f3n de Dios\u00bb.<span id='easy-footnote-29-50922' class='easy-footnote-margin-adjust'><\/span><span class='easy-footnote'><a href='https:\/\/vincentians.com\/es\/benito-de-canfeld-voluntarismo-mistico-teocentrico\/#easy-footnote-bottom-29-50922' title='&lt;em&gt;Ibid., &lt;\/em&gt;II, f. 182v.'><sup>29<\/sup><\/a><\/span> Para llegar a esta <em>\u00abelevaci\u00f3n\u00bb <\/em>o <em>\u00abperfecta contemplaci\u00f3n\u00bb, <\/em>el alma debe atravesar antes el \u00abgrado de la <em>admiraci\u00f3n\u00bb, <\/em>es decir, la <em>\u00abaversi\u00f3n\u00bb <\/em>a las cosas exteriores y la <em>\u00abadhesi\u00f3n\u00bb a <\/em>la voluntad de Dios,<span id='easy-footnote-30-50922' class='easy-footnote-margin-adjust'><\/span><span class='easy-footnote'><a href='https:\/\/vincentians.com\/es\/benito-de-canfeld-voluntarismo-mistico-teocentrico\/#easy-footnote-bottom-30-50922' title='&lt;em&gt;Ibid., &lt;\/em&gt;f. 179v.; cf. II, f. 162v.-164r.'><sup>30<\/sup><\/a><\/span> \u00abel grado de la <em>humillaci\u00f3n\u00bb, <\/em>donde experimenta la \u00abnada\u00bb de su ser y el \u00abtodo de Dios\u00bb,<span id='easy-footnote-31-50922' class='easy-footnote-margin-adjust'><\/span><span class='easy-footnote'><a href='https:\/\/vincentians.com\/es\/benito-de-canfeld-voluntarismo-mistico-teocentrico\/#easy-footnote-bottom-31-50922' title='&lt;em&gt;Ibid., &lt;\/em&gt;II, f. 180r.; cf. II, f. 162v.'><sup>31<\/sup><\/a><\/span><em> y <\/em>\u00abel grado de <em>exultaci\u00f3n\u00bb, <\/em>que une al \u00abalma con Dios\u00bb hasta llegar a experimentar, a \u00abtener un mismo esp\u00edritu con \u00e9l\u00bb.<span id='easy-footnote-32-50922' class='easy-footnote-margin-adjust'><\/span><span class='easy-footnote'><a href='https:\/\/vincentians.com\/es\/benito-de-canfeld-voluntarismo-mistico-teocentrico\/#easy-footnote-bottom-32-50922' title='&lt;em&gt;Ibid., II, &lt;\/em&gt;f. 175v., 176v., 180v.'><sup>32<\/sup><\/a><\/span>\n<p>Toda la actividad del alma en el desarrollo progresivo de este conocimiento, se reduce a secundar con docilidad la opera\u00adci\u00f3n divina, que la conduce a \u00ababismarse\u00bb en la voluntad inte\u00adrior de Dios,<span id='easy-footnote-33-50922' class='easy-footnote-margin-adjust'><\/span><span class='easy-footnote'><a href='https:\/\/vincentians.com\/es\/benito-de-canfeld-voluntarismo-mistico-teocentrico\/#easy-footnote-bottom-33-50922' title='Cf. &lt;em&gt;Ibid., &lt;\/em&gt;II, f. 162v.'><sup>33<\/sup><\/a><\/span> a \u00abadherirse perfectamente\u00bb a ella,<span id='easy-footnote-34-50922' class='easy-footnote-margin-adjust'><\/span><span class='easy-footnote'><a href='https:\/\/vincentians.com\/es\/benito-de-canfeld-voluntarismo-mistico-teocentrico\/#easy-footnote-bottom-34-50922' title='Cf. &lt;em&gt;Ibid., &lt;\/em&gt;II, f. 180v., 182r.'><sup>34<\/sup><\/a><\/span> a \u00abrenun\u00adciarse a s\u00ed misma\u00bb<span id='easy-footnote-35-50922' class='easy-footnote-margin-adjust'><\/span><span class='easy-footnote'><a href='https:\/\/vincentians.com\/es\/benito-de-canfeld-voluntarismo-mistico-teocentrico\/#easy-footnote-bottom-35-50922' title='Cf. &lt;em&gt;Ibid., II, &lt;\/em&gt;f. 187v., 188r.'><sup>35<\/sup><\/a><\/span> hasta llegar a experimentar la \u00abnada\u00bb de las criaturas y el \u00abtodo de Dios\u00bb.<span id='easy-footnote-36-50922' class='easy-footnote-margin-adjust'><\/span><span class='easy-footnote'><a href='https:\/\/vincentians.com\/es\/benito-de-canfeld-voluntarismo-mistico-teocentrico\/#easy-footnote-bottom-36-50922' title='&lt;em&gt;Ibid., &lt;\/em&gt;II, f. 163v:164r.; cf. I, f. 105. Si la parte propiamente contemplativa de la teor\u00eda de Canfeld no nos interesa directamente en nuestra perspectiva, no se puede olvidar que ella se encuentra en el origen de las relaciones existentes entre el moralismo y el misticismo en la vida interior, en el origen de las relaciones entre el esfuerzo humano y la gra\u00adcia en el moralismo, en definitiva, la relaci\u00f3n entre teolog\u00eda y espiritua\u00adlidad.'><sup>36<\/sup><\/a><\/span>\n<p><em>Tercera parte: <\/em>\u00abLa voluntad esencial de Dios, que compren\u00adde la vida sobreeminente\u00bb. La voluntad de Dios, en cuanto que se conoce de manera \u00abpasiva\u00bb, \u00abinmediata\u00bb <em>y <\/em>\u00abcontinua\u00bb y hace ver que es Dios mismo o la esencia divina, constituye para Can\u00adfeld la vida sobreeminente. En ella, el alma no s\u00f3lo llega a ver a Dios como \u00e9l es y a descubrir que la voluntad de Dios no se distingue de la esencia divina, sino que es conducida a la \u00abdeificaci\u00f3n\u00bb o \u00abdivinizaci\u00f3n\u00bb, al ser <em>\u00abtransfigurada\u00bb, \u00ababsorbida\u00bb <\/em>en Dios.<\/p>\n<p>La descripci\u00f3n, que Benito de Canfeld hace de la \u00abdeifica\u00adci\u00f3n\u00bb,<span id='easy-footnote-37-50922' class='easy-footnote-margin-adjust'><\/span><span class='easy-footnote'><a href='https:\/\/vincentians.com\/es\/benito-de-canfeld-voluntarismo-mistico-teocentrico\/#easy-footnote-bottom-37-50922' title='Esta descripci\u00f3n se encuentra sobre todo en los cap\u00edtulos del 3 al 7 de la tercera parte y especialmente en el cap\u00edtulo 5.'><sup>37<\/sup><\/a><\/span> plantea m\u00e1s de un problema. De ellos, el principal con\u00adsiste en descubrir si Canfeld concibe el sentido de esta deifica\u00adci\u00f3n en el orden <em>\u00abontol\u00f3gico\u00bb <\/em>o <em>\u00abexperimental-m\u00edstico\u00bb. <\/em>Sentido que depende, en definitiva, tanto de saber si el modo del conoci\u00admiento o de la visi\u00f3n de la voluntad divina, id\u00e9ntica a su esen\u00adcia, es para \u00e9l inmediata o mediata,<span id='easy-footnote-38-50922' class='easy-footnote-margin-adjust'><\/span><span class='easy-footnote'><a href='https:\/\/vincentians.com\/es\/benito-de-canfeld-voluntarismo-mistico-teocentrico\/#easy-footnote-bottom-38-50922' title='Optat de Veghel opina que los textos, en los que Canfeld habla de la deificaci\u00f3n como de una visi\u00f3n intuitiva, inmediata de la esencia divina, no deben entenderse o ser interpretados en sentido &lt;em&gt;\u00abontol\u00f3gico\u00bb &lt;\/em&gt;sino &lt;em&gt;\u00abexperimental\u00bb &lt;\/em&gt;o &lt;em&gt;\u00abm\u00edstico\u00bb. &lt;\/em&gt;La visi\u00f3n se realizar\u00eda, en realidad, a trav\u00e9s de un medio objetivo creado \u00abin quo\u00bb, el don de la sabidur\u00eda. Pero al ser aprehendido por el alma como un efecto divino, en su relaci\u00f3n transcendental de efecto a causa, puede, sin embargo, pensar, que el alma es favorecida por una visi\u00f3n inmediata de la voluntad de Dios, cf. O. de Veghel, &lt;em&gt;140, &lt;\/em&gt;242-244, 272-274, 286-288, 291, 292-294.&lt;\/p&gt;\n&lt;p&gt;Orcibal, por el contrario, escribe: \u00abEspecialmente para la versi\u00f3n A. de la R\u00e9gle (edici\u00f3n Rouen 1609, Bibl. de Troyes, A 51203), es dudoso concluir que rechace la existencia de todo medio objetivo &lt;em&gt;in quo, &lt;\/em&gt;pero es a\u00fan m\u00e1s dif\u00edcil concluir que lo afirme. La interpretaci\u00f3n m\u00e1s obvia de algunos textos parece, en efecto, favorecer a la primera opini\u00f3n\u00bb. No obstante, afirma, \u00abhay muchos m\u00e1s textos que favorecen a la segunda\u00bb, y de la que \u00e9l es partidario, J. Orcibal, &lt;em&gt;118, &lt;\/em&gt;col. 1447-1448, donde aduce varios textos.'><sup>38<\/sup><\/a><\/span> como de admitir si los textos de Canfeld confirman o no la distinci\u00f3n del doble aspecto <em>\u00abontol\u00f3gico\u00bb y <\/em>\u00abpsicol\u00f3gico\u00bb de la voluntad de Dios.<span id='easy-footnote-39-50922' class='easy-footnote-margin-adjust'><\/span><span class='easy-footnote'><a href='https:\/\/vincentians.com\/es\/benito-de-canfeld-voluntarismo-mistico-teocentrico\/#easy-footnote-bottom-39-50922' title='Optat de Veghel afirma que Canfeld \u00abno siempre distingue per\u00adfectamente entre el orden ontol\u00f3gico y el orden psicol\u00f3gico o del conocimiento, afirmando del uno lo que es solo verdadero del otro\u00bb (O. de Veghel, &lt;em&gt;140, &lt;\/em&gt;293; cf. 273, 243). Seg\u00fan \u00e9l, Canfeld (frecuentemente no habla casi nunca `ontol\u00f3gicamente&amp;#8217; o seg\u00fan la naturaleza de las cosas, sino `experimentalmente&amp;#8217; o seg\u00fan la experiencia que tiene de las cosas en la contemplaci\u00f3n infusa\u00bb: &lt;em&gt;Ibid., &lt;\/em&gt;293.&lt;\/p&gt;\n&lt;p&gt;Para Orcibal, por el contrario, \u00ablos argumentos que utiliza Canfeld para identificar &lt;em&gt;&amp;#8216;voluntad&amp;#8217; y &amp;#8216;esencia divina&amp;#8217; &lt;\/em&gt;(cf. R\u00e9gle, III, f. 7, 13r.) reve\u00adlan un punto de vista ontol\u00f3gico. M\u00e1s a\u00fan, Canfeld hab\u00eda rechazado desde el comienzo esta distinci\u00f3n (ontol\u00f3gicamente y experimentalmente), cuando previene que la &amp;#8216;fe viva&amp;#8230; no mira la obra como alguna cosa creada, sino como la voluntad increada de Dios&#039;\u00bb (R\u00e9gle, I, f. 92r.): J. Orcibal, &lt;em&gt;118, &lt;\/em&gt;col. 1448.'><sup>39<\/sup><\/a><\/span>\n<p>Por encima <em>y <\/em>m\u00e1s all\u00e1 de las diversas interpretaciones de la doctrina de Canfeld, no se puede olvidar que la <em>Regla de perfecci\u00f3n <\/em>es un tratado, especialmente la tercera parte, de la <em>deifica\u00adci\u00f3n. <\/em>Si no se llega a la claridad deseada, cuando se trata de pre\u00adcisar el pensamiento de Canfeld acerca del aspecto <em>\u00abontol\u00f3gico\u00bb <\/em>o \u00abexperimental-m\u00edstico\u00bb de la deificaci\u00f3n y de la visi\u00f3n mediata o inmediata de la voluntad de Dios, es menester admitir que sus \u00abafirmaciones ins\u00f3litas\u00bb van muy lejos. Canfeld repite en varias ocasiones que el alma en la vida sobreeminente \u00abcontem\u00adpla&#8230; la esencia de Dios&#8230; tal <em>y <\/em>como es en realidad\u00bb.<span id='easy-footnote-40-50922' class='easy-footnote-margin-adjust'><\/span><span class='easy-footnote'><a href='https:\/\/vincentians.com\/es\/benito-de-canfeld-voluntarismo-mistico-teocentrico\/#easy-footnote-bottom-40-50922' title='Cf. B. Canfeld, &lt;em&gt;28, &lt;\/em&gt;III, f. 7r., 12, 68v., 69r., 71r., 74r.-75., 77, 79, 173r., 180v., 184r., 185v.; I, f. 130, 131, 132r.'><sup>40<\/sup><\/a><\/span> Los argumentos que utiliza para identificar \u00abvoluntad\u00bb y \u00abesencia divina\u00bb expresan un punto de vista ontol\u00f3gico.<span id='easy-footnote-41-50922' class='easy-footnote-margin-adjust'><\/span><span class='easy-footnote'><a href='https:\/\/vincentians.com\/es\/benito-de-canfeld-voluntarismo-mistico-teocentrico\/#easy-footnote-bottom-41-50922' title='\u00abEsta voluntad es puramente esp\u00edritu y vida&amp;#8230; y no es otra cosa m\u00e1s que el mismo Dios y su esencia. Porque esta voluntad, al estar en Dios, se deduce que sea Dios, pues en Dios no hay m\u00e1s que Dios. Porque si hubiera en \u00e9l otra cosa m\u00e1s que \u00e9l, habr\u00eda alguna imperfecci\u00f3n en \u00e9l, al ser imperfectas todas las cosas que no son \u00e9l; m\u00e1s a\u00fan, si la voluntad fuera algo distinto de su esencia, habr\u00eda en \u00e9l muchas imperfecciones, por\u00adque no ser\u00eda &lt;em&gt;puras actas, &lt;\/em&gt;es decir, simple esencia (como sostienen los doc\u00adtores) mas habr\u00eda composici\u00f3n, que comporta muchas imperfecciones. Por\u00adque de esta manera habr\u00eda alguna cosa en alguna parte de \u00e9l, que no habr\u00eda en otra, y no habr\u00eda todo en cada parte. Habr\u00eda alguna perfecci\u00f3n en una parte, que no estar\u00eda en la otra y as\u00ed no ser\u00eda infinitamente per\u00adfecto en toda perfecci\u00f3n. Incluso no ser\u00eda Dios\u00bb &lt;em&gt;(Ibid., &lt;\/em&gt;III, f. 7v., 8r.). \u00abEsta voluntad \u00abesencial\u00bb nos har\u00e1 ver y ense\u00f1ar\u00e1 que no hay m\u00e1s que ella&amp;#8230; Porque, puesto que ella no es otra cosa m\u00e1s que el mismo Dios, se deduce que no hay nada m\u00e1s que ella\u00bb &lt;em&gt;(Ibid., &lt;\/em&gt;III, f. 56v., 119r.).'><sup>41<\/sup><\/a><\/span> Estas afirma\u00adciones, atrevidas y parad\u00f3jicas, est\u00e1n en consonancia con otros aspectos claves de la doctrina de Canfeld, especialmente cuando escribe: la criatura no es nada, porque \u00absi fuera algo&#8230; el ser de Dios habr\u00eda terminado all\u00ed donde el nuestro comenzar\u00eda\u00bb: pues \u00abtodo lo que hay en la criatura es el mismo Creador\u00bb.<span id='easy-footnote-42-50922' class='easy-footnote-margin-adjust'><\/span><span class='easy-footnote'><a href='https:\/\/vincentians.com\/es\/benito-de-canfeld-voluntarismo-mistico-teocentrico\/#easy-footnote-bottom-42-50922' title='&lt;em&gt;Ibid., &lt;\/em&gt;III, f. 57r., 61r.; cf. f. 61v.-62, 97r.: \u00abDios es todo y la criatura no es nada\u00bb.'><sup>42<\/sup><\/a><\/span> Y lo mismo cuando afirma serena y tenazmente: \u00abla fe viva&#8230; no mira la obra como alguna cosa creada, sino como la voluntad increada de Dios\u00bb.<span id='easy-footnote-43-50922' class='easy-footnote-margin-adjust'><\/span><span class='easy-footnote'><a href='https:\/\/vincentians.com\/es\/benito-de-canfeld-voluntarismo-mistico-teocentrico\/#easy-footnote-bottom-43-50922' title='&lt;em&gt;Ibid., &lt;\/em&gt;I, f. 92r.'><sup>43<\/sup><\/a><\/span> Los diversos pasajes, en los que cita y co\u00admenta con \u00e9nfasis y profundidad el \u00abintimior intimo meo\u00bb de las <em>Confesiones <\/em>de san Agust\u00edn,<span id='easy-footnote-44-50922' class='easy-footnote-margin-adjust'><\/span><span class='easy-footnote'><a href='https:\/\/vincentians.com\/es\/benito-de-canfeld-voluntarismo-mistico-teocentrico\/#easy-footnote-bottom-44-50922' title='Cf. &lt;em&gt;Ibid., &lt;\/em&gt;III, f. 28r., 45v.-47, 74v., 98v., 149r.; II, f. 168v.'><sup>44<\/sup><\/a><\/span> confirman el encuentro real, la uni\u00f3n verdadera del hombre con Dios, aunque, para que el hom\u00adbre <em>encuentre <\/em>a <em>Dios en \u00e9l, <\/em>debe llegar a la continua \u00abp\u00e9rdida y al anonadamiento de s\u00ed mismo\u00bb.<span id='easy-footnote-45-50922' class='easy-footnote-margin-adjust'><\/span><span class='easy-footnote'><a href='https:\/\/vincentians.com\/es\/benito-de-canfeld-voluntarismo-mistico-teocentrico\/#easy-footnote-bottom-45-50922' title='&lt;em&gt;Ibid., III, &lt;\/em&gt;f. 77r.'><sup>45<\/sup><\/a><\/span> Como Herp, y despu\u00e9s de \u00e9l, se\u00f1ala que la transformaci\u00f3n, condici\u00f3n para llegar a la deifica\u00adci\u00f3n, debe estar precedida de la anihilaci\u00f3n.<span id='easy-footnote-46-50922' class='easy-footnote-margin-adjust'><\/span><span class='easy-footnote'><a href='https:\/\/vincentians.com\/es\/benito-de-canfeld-voluntarismo-mistico-teocentrico\/#easy-footnote-bottom-46-50922' title='\u00abPara estar unido a esta voluntad esencial, es menester verla siempre; para verla siempre, se requiere no ver m\u00e1s que a ella; para no ver m\u00e1s que a ella, es necesario saber que no hay nada m\u00e1s que ella y vivir de acuerdo con este saber\u00bb.&lt;\/p&gt;\n&lt;p&gt;\u00abDos puntos son necesarios para ello, a saber, conocer que no hay m\u00e1s que esta voluntad y practicar este conocimiento\u00bb &lt;em&gt;(Ibid., III, &lt;\/em&gt;f. 56).&lt;\/p&gt;\n&lt;p&gt;\u00abEl Creador se atribuye y se apropia la criatura, como una chispa salida de \u00e9l y la trae a s\u00ed como a su centro y origen y en su infinidad la anihila y la reduce a nada&amp;#8230; La criatura es algo considerada aparte, pero nada considerada en la inmensidad de Dios y en su ser infinito, en relaci\u00f3n al cual no es nada. Adem\u00e1s, como aqu\u00ed se trata de encontrar a Dios y a esta esencia infinita, es necesario no considerar a la criatura como algo, sino como absorbida en este Abismo\u00bb &lt;em&gt;(Ibid., III, &lt;\/em&gt;f. 62). \u00abLa cria\u00adtura, para Canfeld, no es m\u00e1s que pura dependencia de Dios\u00bb &lt;em&gt;(Ibid., III, &lt;\/em&gt;f. 60r.) y \u00abdebe referirse totalmente al Creador\u00bb &lt;em&gt;(Ibid.. III, &lt;\/em&gt;f. 60v.).&lt;\/p&gt;\n&lt;p&gt;\u00abTodo deseo y esfuerzo de la criatura por hacer &lt;em&gt;y &lt;\/em&gt;ser algo&amp;#8230; es con\u00adtrario a la &lt;em&gt;anihilaci\u00f3n, sin la cual no se puede obtener la transformaci\u00f3n. &lt;\/em&gt;En consecuencia, se requiere liberarse de todo ejercicio particular, con el fin de que sin ning\u00fan impedimento este gran Todo nos pueda atraer, absorber. anihilar, y as\u00ed transformarnos en \u00e9l\u00bb &lt;em&gt;(Ibid., III, &lt;\/em&gt;f. 69; cf. 71).&lt;\/p&gt;\n&lt;p&gt;\u00abEs necesario unirnos a Dios por una fe viva y amor desnudo. Esto se realiza, infaliblemente, cuando se haya permitido que este ser infinito nos haya reducido a nada. Porque al &lt;em&gt;no ser &lt;\/em&gt;ya nosotros mismos, no nos fiaremos ya de nosotros mismos, sino al ver que Dios es todo &lt;em&gt;y &lt;\/em&gt;est\u00e1 en todo, estaremos unidos perfectamente a \u00e9l\u00bb &lt;em&gt;(Ibid., &lt;\/em&gt;III, f. 74; cf. f. 77r., 80v.).&lt;\/p&gt;\n&lt;p&gt;Para Canfeld no es suficiente que el hombre conozca te\u00f3ricamente la nada y la anihilaci\u00f3n de su ser, debe practicarlo y experimentarlo \u00abcon el fin de jam\u00e1s poder ver algo distinto de Dios, que es el fin de esta anihila\u00adci\u00f3n\u00bb &lt;em&gt;(Ibid., III, &lt;\/em&gt;f. 82r.). \u00abAnihilaci\u00f3n activa y pasiva\u00bb que comprende todo el ser y el quehacer del hombre (cf. &lt;em&gt;Ibid., &lt;\/em&gt;III, f. 83-86).'><sup>46<\/sup><\/a><\/span> A la reducci\u00f3n gradual de la criatura al \u00abno ser\u00bb,<span id='easy-footnote-47-50922' class='easy-footnote-margin-adjust'><\/span><span class='easy-footnote'><a href='https:\/\/vincentians.com\/es\/benito-de-canfeld-voluntarismo-mistico-teocentrico\/#easy-footnote-bottom-47-50922' title='\u00abComo hay muchas imperfecciones (que impiden la presencia de Dios en el hombre y la uni\u00f3n del hombre con Dios), sin embargo se remedian por una \u00fanica perfecci\u00f3n. Porque como todas provienen de una causa, a saber, el Ser, de la misma manera se remedian por una \u00fanica causa contraria, a saber, el no ser, porque como toda imperfecci\u00f3n surge cuando el hombre es algo, del mismo modo toda perfecci\u00f3n nace cuando es anonadado, porque entonces \u00fanicamente Dios vive y reina\u00bb: &lt;em&gt;Ibid., &lt;\/em&gt;III, f. 80.'><sup>47<\/sup><\/a><\/span> corresponde la presencia,<span id='easy-footnote-48-50922' class='easy-footnote-margin-adjust'><\/span><span class='easy-footnote'><a href='https:\/\/vincentians.com\/es\/benito-de-canfeld-voluntarismo-mistico-teocentrico\/#easy-footnote-bottom-48-50922' title='Para que Dios \u00abpueda existir, vivir &lt;em&gt;y &lt;\/em&gt;reinar en nosotros\u00bb, el hom\u00adbre \u00abdebe tender al anonadamiento total de s\u00ed mismo, a fin de que este Todo pueda ser \u00fanicamente\u00bb. S\u00f3lo cuando \u00abel alma permanece de este modo fija en esta Esencia&amp;#8230; la bondad infinita se muestra de tal manera a ella, la posee, vivifica, atrae y la une a ella: hasta el punto que permanece inmersa en el abismo de este ser infinito\u00bb &lt;em&gt;(Ibid., &lt;\/em&gt;III, f. 66; cf. III, f. 188v.; I, f. 27).'><sup>48<\/sup><\/a><\/span> la manifestaci\u00f3n de Dios<span id='easy-footnote-49-50922' class='easy-footnote-margin-adjust'><\/span><span class='easy-footnote'><a href='https:\/\/vincentians.com\/es\/benito-de-canfeld-voluntarismo-mistico-teocentrico\/#easy-footnote-bottom-49-50922' title='Cf. &lt;em&gt;Ibid., &lt;\/em&gt;I, f. 106v.-113; III, f. 115v.-116, 118v., 120v., 121v.'><sup>49<\/sup><\/a><\/span> que \u00abbrillar\u00e1 en el alma\u00bb de quien le ha \u00abdado cabida\u00bb.<span id='easy-footnote-50-50922' class='easy-footnote-margin-adjust'><\/span><span class='easy-footnote'><a href='https:\/\/vincentians.com\/es\/benito-de-canfeld-voluntarismo-mistico-teocentrico\/#easy-footnote-bottom-50-50922' title='&lt;em&gt;Ibid., III, &lt;\/em&gt;f 115v.; cf. III, f. 116; II, f. 178.'><sup>50<\/sup><\/a><\/span>\n<p>Canfeld explica la \u00absuspensi\u00f3n\u00bb y la \u00abalienaci\u00f3n\u00bb de la acti\u00advidad de las potencias del hombre, cuando habla de los \u00abbuenos deseos\u00bb, que \u00abjam\u00e1s producen sus efectos, a saber, la uni\u00f3n y transformaci\u00f3n, sino cuando est\u00e1n consumidos y adormecidos en Dios\u00bb,<span id='easy-footnote-51-50922' class='easy-footnote-margin-adjust'><\/span><span class='easy-footnote'><a href='https:\/\/vincentians.com\/es\/benito-de-canfeld-voluntarismo-mistico-teocentrico\/#easy-footnote-bottom-51-50922' title='&lt;em&gt;Ibid., &lt;\/em&gt;III, f. 29, 30v.'><sup>51<\/sup><\/a><\/span> donde su forma, como el grano en la espiga o el hielo en el agua, desaparece, pero \u00absu esencia se conserva en Dios\u00bb.<span id='easy-footnote-52-50922' class='easy-footnote-margin-adjust'><\/span><span class='easy-footnote'><a href='https:\/\/vincentians.com\/es\/benito-de-canfeld-voluntarismo-mistico-teocentrico\/#easy-footnote-bottom-52-50922' title='&lt;em&gt;Ibid., &lt;\/em&gt;III, f. 39r.'><sup>52<\/sup><\/a><\/span> \u00abEste desvanecimiento de los deseos en Dios&#8230; es la realizaci\u00f3n acabada y perfecta de los deseos en Dios, donde el deseo es absorbido <em>y <\/em>cambiado en posesi\u00f3n\u00bb.<span id='easy-footnote-53-50922' class='easy-footnote-margin-adjust'><\/span><span class='easy-footnote'><a href='https:\/\/vincentians.com\/es\/benito-de-canfeld-voluntarismo-mistico-teocentrico\/#easy-footnote-bottom-53-50922' title='&lt;em&gt;Ibid., III, &lt;\/em&gt;f. 33.'><sup>53<\/sup><\/a><\/span> Por eso \u00aben este desva\u00adnecimiento de deseos (el alma) permanece sumergida en el abis\u00admo de la divinidad\u00bb.<span id='easy-footnote-54-50922' class='easy-footnote-margin-adjust'><\/span><span class='easy-footnote'><a href='https:\/\/vincentians.com\/es\/benito-de-canfeld-voluntarismo-mistico-teocentrico\/#easy-footnote-bottom-54-50922' title='&lt;em&gt;Ibid., III, &lt;\/em&gt;f. 40v.'><sup>54<\/sup><\/a><\/span> Con mayor claridad, a\u00fan, se expresa cuando habla de la \u00abvoluntad interior\u00bb, que el hombre \u00absiente como de Dios, no como de \u00e9l\u00bb; la raz\u00f3n es porque \u00ab\u00e9l&#8230; es trans\u00adformado en Dios&#8230; todas sus potencias son empleadas por Dios&#8230; Por esta deiforme intenci\u00f3n y querer, el alma est\u00e1 tan \u00edntima\u00admente unida a Dios, deificada y de tal manera sumergida en el abismo de la inaccesible luz eterna que no puede sentir ning\u00fan querer o movimiento suyo como suyo, sino solamente como de Dios, se ve y se siente totalmente despojada de ella misma y de toda voluntad propia\u00bb.<span id='easy-footnote-55-50922' class='easy-footnote-margin-adjust'><\/span><span class='easy-footnote'><a href='https:\/\/vincentians.com\/es\/benito-de-canfeld-voluntarismo-mistico-teocentrico\/#easy-footnote-bottom-55-50922' title='&lt;em&gt;Ibid., &lt;\/em&gt;III, f. 51v.-52r., 53r.; cf. I, f. 15v.-16r., 18.'><sup>55<\/sup><\/a><\/span>\n<p>La concepci\u00f3n espiritual de Canfeld lleva a una \u00abencarnaci\u00f3n espiritual\u00bb. Encarnaci\u00f3n por la que \u00abla voluntad de Dios\u00bb, que \u00abes incomprensible en s\u00ed misma, sin embargo, al habitar en nues\u00adtro esp\u00edritu, se vuelve comprensible&#8230; unida a la nuestra se ma\u00adnifiesta\u00bb, de tal manera que la \u00abvoluntad del hombre por seme\u00adjante uni\u00f3n puede decir: yo soy la voluntad de Dios\u00bb.<span id='easy-footnote-56-50922' class='easy-footnote-margin-adjust'><\/span><span class='easy-footnote'><a href='https:\/\/vincentians.com\/es\/benito-de-canfeld-voluntarismo-mistico-teocentrico\/#easy-footnote-bottom-56-50922' title='&lt;em&gt;Ibid., &lt;\/em&gt;I, f. 21r., 21v.-22r. \u00abLa f\u00f3rmula debe venir de &lt;em&gt;la Teolog\u00eda alemana &lt;\/em&gt;y se explica por el doble sentido de la expresi\u00f3n, &lt;em&gt;voluntad de Dios: &lt;\/em&gt;&amp;#8216;esencia divina&amp;#8217; &lt;em&gt;(R\u00e9gle, III, cap. &lt;\/em&gt;1) y &amp;lt;acci\u00f3n buena&amp;#8217;, porque la fe viva no mira la obra como alguna cosa creada, sino como la voluntad increada de Dios\u00bb &lt;em&gt;(R\u00e9gle, &lt;\/em&gt;I, f. 92r.): J. Orcibal, &lt;em&gt;117, &lt;\/em&gt;223.'><sup>56<\/sup><\/a><\/span>\n<h2><em>Objetivo de Canfeld<\/em><\/h2>\n<p>El esquema muy n\u00edtido de la <em>Regla de perfecci\u00f3n <\/em>manifiesta claramente el deseo de Canfeld de presentar la espiritualidad cristiana bajo una forma simplificada y unificada. Por eso insiste desde el comienzo del libro en el car\u00e1cter sucinto, directo y luminoso de su intenci\u00f3n: \u00abEste ejercicio de la voluntad de Dios, es, sin duda, m\u00e1s breve que ning\u00fan otro; pues lo que los dem\u00e1s (ejercicios) realizan mediante una variedad de circuns\u00adtancias y una multiplicidad de cambios y grados, lo realiza este (ejercicio) desde el comienzo por la sola aplicaci\u00f3n de la \u00ednten\u00adci\u00f3n\u00bb.<span id='easy-footnote-57-50922' class='easy-footnote-margin-adjust'><\/span><span class='easy-footnote'><a href='https:\/\/vincentians.com\/es\/benito-de-canfeld-voluntarismo-mistico-teocentrico\/#easy-footnote-bottom-57-50922' title='B. de Canfeld, &lt;em&gt;28, 1, &lt;\/em&gt;f. 2.'><sup>57<\/sup><\/a><\/span>\n<p>Cuando habla de la \u00abexcelencia y utilidad de este ejercicio comparado con los dem\u00e1s\u00bb lo califica as\u00ed: \u00abcompendio de la vida espiritual\u00bb, \u00abbreve\u00bb, \u00abmeritorio\u00bb, \u00abfin\u00bb, \u00abadaptado a toda perso\u00adna\u00bb, \u00absin multiplicidades\u00bb, \u00abexento de enga\u00f1os\u00bb, \u00abmedio y fin\u00bb, \u00abperdurable\u00bb.<span id='easy-footnote-58-50922' class='easy-footnote-margin-adjust'><\/span><span class='easy-footnote'><a href='https:\/\/vincentians.com\/es\/benito-de-canfeld-voluntarismo-mistico-teocentrico\/#easy-footnote-bottom-58-50922' title='Cf. &lt;em&gt;Ibid., &lt;\/em&gt;I, f. lr.-10v.'><sup>58<\/sup><\/a><\/span> El cap\u00edtulo segundo lo titula: \u00abDe la excelencia de este ejercicio en s\u00ed mismo\u00bb, en el que explica c\u00f3mo \u00abencierra en s\u00ed todas las v\u00edas que conducen a la perfecci\u00f3n\u00bb. En concreto llega a enumerar: \u00abRenuncia al yo propio\u00bb, \u00ababandono\u00bb, \u00abpure\u00adza\u00bb o \u00abdominio del coraz\u00f3n\u00bb, \u00abpresencia de Dios\u00bb, \u00abconocimien\u00adto de s\u00ed mismo\u00bb, \u00abconocimiento de Dios\u00bb, \u00abanihilaci\u00f3n\u00bb o \u00abtotal anonadamiento\u00bb, \u00abuni\u00f3n con Dios\u00bb, \u00abperfecci\u00f3n de la contempla\u00adci\u00f3n divina\u00bb, \u00abamor de Dios y caridad\u00bb o \u00abamor perfecto\u00bb, \u00abab\u00adsorci\u00f3n en Dios\u00bb.<span id='easy-footnote-59-50922' class='easy-footnote-margin-adjust'><\/span><span class='easy-footnote'><a href='https:\/\/vincentians.com\/es\/benito-de-canfeld-voluntarismo-mistico-teocentrico\/#easy-footnote-bottom-59-50922' title='Cf. &lt;em&gt;Ibid., &lt;\/em&gt;I, f. 10v.-23.'><sup>59<\/sup><\/a><\/span>\n<p>Con una finalidad claramente pedag\u00f3gica, no exenta de origi\u00adnalidad, un grabado de la primera p\u00e1gina de la Regla, junta. mente con un texto explicativo del mismo, intenta aclarar, con densar el contenido del libro. La parte de abajo del grabad( representa a Jesucristo en el huerto de los olivos y en ella est\u00e1 escrito: \u00abno se haga mi voluntad sino la tuya\u00bb (Luc 22, 42). En la parte superior se encuentra una figura en forma de sol, que representa la voluntad de Dios. Tres c\u00edrculos conc\u00e9ntricos, cuyos espacios est\u00e1n adornados con rostros humanos, im\u00e1genes representativas de las almas, indican los tres grados de la voluntad de Dios, las tres partes del libro.<\/p>\n<p style=\"padding-left: 30px\">El primer grado significa las almas de vida activa, el segundo las de vida contemplativa y el tercero las de vida sobreeminente&#8230; Por eso rodean al primer c\u00edrculo muchas herramientas&#8230; que signi\u00adfican la vida activa. En el interior del tercer c\u00edrculo est\u00e1 escrito el nombre de Yahv\u00e9, para figurar la vida sobreeminente en la voluntad esencial, que es Dios mismo. En el c\u00edrculo del medio no se ha colocado nada, para indicar que en esta forma de vida con\u00adtemplativa \u2014sin ninguna otra especulaci\u00f3n y pr\u00e1cticas\u2014 es menester seguir la atracci\u00f3n de la voluntad de Dios, ya experimentada y sabo\u00adreada en la exterior, sin abandonarla jam\u00e1s&#8230;<\/p>\n<p style=\"padding-left: 30px\">\u00abEl resplandor de la voluntad divina\u00bb \u00abilumina m\u00e1s o menos los rostros seg\u00fan el grado de proximidad en que se encuentran con relaci\u00f3n a esta voluntad divina, ya que \u00ablas almas del primer c\u00edrcu\u00adlo&#8230; viven mucho en s\u00ed mismas y poco en Dios\u00bb, las del segundo \u00abmenos en s\u00ed mismas y m\u00e1s en Dios\u00bb y las del tercero, \u00abnada en s\u00ed mismas y del todo en Dios y absorbidas en la voluntad esen\u00adcial \u00ab\u00bb.<span id='easy-footnote-60-50922' class='easy-footnote-margin-adjust'><\/span><span class='easy-footnote'><a href='https:\/\/vincentians.com\/es\/benito-de-canfeld-voluntarismo-mistico-teocentrico\/#easy-footnote-bottom-60-50922' title='&lt;em&gt;Ibid., Explication de la figure.&lt;\/em&gt;'><sup>60<\/sup><\/a><\/span>\n<p>El objetivo final de Canfeld se cifra en hacer acceder al hombre a \u00abun estado continuo y tranquilo donde se goza, sin que sean suspendidas sus actividades, de la visi\u00f3n habitual de Dios\u00bb.<span id='easy-footnote-61-50922' class='easy-footnote-margin-adjust'><\/span><span class='easy-footnote'><a href='https:\/\/vincentians.com\/es\/benito-de-canfeld-voluntarismo-mistico-teocentrico\/#easy-footnote-bottom-61-50922' title='J. Orcibal, &lt;em&gt;118, &lt;\/em&gt;col. 1450; cf. O. de Veghel, &lt;em&gt;140, &lt;\/em&gt;326-328. \u00abDe aqu\u00ed la verdadadera vida activa y contemplativa, no separadas (como pien\u00adsan algunos) sino unidas al mismo tiempo, por lo que la vida activa de esta persona es tambi\u00e9n contemplativa, sus obras exteriores, interiores, las corporales, espirituales, y las temporales, eternas, haciendo de &lt;em&gt;esta &lt;\/em&gt;manera de dos cosas, una\u00bb, escribe B. de Canfeld, &lt;em&gt;28, &lt;\/em&gt;III, f. 54v.'><sup>61<\/sup><\/a><\/span> Estado en el que se realiza el sumo de la perfecci\u00f3n y donde \u00abel amor pr\u00e1ctico se convierte en amor fruitivo y la vida activa en contemplativa y se goza tanto de Dios seg\u00fan la fe desnuda en la operaci\u00f3n y actividad, como en el descanso y ociosidad\u00bb.<span id='easy-footnote-62-50922' class='easy-footnote-margin-adjust'><\/span><span class='easy-footnote'><a href='https:\/\/vincentians.com\/es\/benito-de-canfeld-voluntarismo-mistico-teocentrico\/#easy-footnote-bottom-62-50922' title='&lt;em&gt;Ibid., &lt;\/em&gt;III, f. 102v.'><sup>62<\/sup><\/a><\/span> Esta \u00abreducci\u00f3n\u00bb de la vida activa y contemplativa a la \u00abvida sobreeminente\u00bb, esta uni\u00f3n de vida activa y contem\u00adplativa se realiza a trav\u00e9s del \u00abanonadamiento activo y pasivo\u00bb, por los que el hombre llega a descubrir y experimentar el \u00abTo\u00addo\u00bb de Dios y la \u00abnada\u00bb de la criatura.<span id='easy-footnote-63-50922' class='easy-footnote-margin-adjust'><\/span><span class='easy-footnote'><a href='https:\/\/vincentians.com\/es\/benito-de-canfeld-voluntarismo-mistico-teocentrico\/#easy-footnote-bottom-63-50922' title='Cf. &lt;em&gt;Ibid., &lt;\/em&gt;III, f. 101v.-114r. El anonadamiento es para Canfeld la experiencia del &lt;em&gt;Todo &lt;\/em&gt;de Dios y de la &lt;em&gt;nada &lt;\/em&gt;de la criatura: \u00abSe siente y experimenta por luz particular este Todo y esta Nada, a saber: que Dios es todo y que la criatura no es nada\u00bb &lt;em&gt;(Ibid., III, &lt;\/em&gt;f. 97r.). Referente al \u00abanodamiento pasivo\u00bb y al \u00abanodamiento activo\u00bb canfeldianos, cf. O. de Veghel, &lt;em&gt;140, &lt;\/em&gt;306-325.'><sup>63<\/sup><\/a><\/span>\n<h2><em>Pureza de intenci\u00f3n<\/em><\/h2>\n<p>Benito de Canfeld insiste en que \u00abla \u00fanica intenci\u00f3n\u00bb de todo quehacer humano \u2014\u00bbpensamientos, palabras, acciones, resisten\u00adcias a las tentaciones, aceptaci\u00f3n de las inspiraciones\u00bb-<span id='easy-footnote-64-50922' class='easy-footnote-margin-adjust'><\/span><span class='easy-footnote'><a href='https:\/\/vincentians.com\/es\/benito-de-canfeld-voluntarismo-mistico-teocentrico\/#easy-footnote-bottom-64-50922' title='B. de Canfeld, &lt;em&gt;28, I, &lt;\/em&gt;f. 24.'><sup>64<\/sup><\/a><\/span> \u00abdebe ser (realizar) la voluntad de Dios\u00bb.<span id='easy-footnote-65-50922' class='easy-footnote-margin-adjust'><\/span><span class='easy-footnote'><a href='https:\/\/vincentians.com\/es\/benito-de-canfeld-voluntarismo-mistico-teocentrico\/#easy-footnote-bottom-65-50922' title='&lt;em&gt;lb\u00edd., &lt;\/em&gt;I, fol. 32v., 44. \u00abEsta intenci\u00f3n, que dice har\u00e9 o sufrir\u00e9 esto o aquello \u00fanicamente por \u00abrealizar la voluntad de Dios\u00bb contiene seis grados o perfecciones, a saber: actual, \u00fanica, voluntaria, cierta, clara y prontamente\u00bb: &lt;em&gt;Ibid., &lt;\/em&gt;I, f. 64v.'><sup>65<\/sup><\/a><\/span> Esta pr\u00e1ctica de hacer todo por la \u00fanica motivaci\u00f3n y con el \u00fanico fin de ejecutar la voluntad de Dios, es el eje sobre el que gira la doctrina de Canfeld, la clave que ayuda a descifrar el sentido <em>y <\/em>el contenido de su espiritualidad, el resorte que dinamiza su esp\u00edritu.<span id='easy-footnote-66-50922' class='easy-footnote-margin-adjust'><\/span><span class='easy-footnote'><a href='https:\/\/vincentians.com\/es\/benito-de-canfeld-voluntarismo-mistico-teocentrico\/#easy-footnote-bottom-66-50922' title='Para Canfeld \u00abes el punto m\u00e1s importante\u00bb de la &lt;em&gt;Regla: Ibid., &lt;\/em&gt;I, f. 112v.).'><sup>66<\/sup><\/a><\/span> Ella nos revela la \u00fanica preocupaci\u00f3n del autor de la <em>Regla: <\/em>hacer reinar la voluntad de Dios, que \u00abes Dios\u00bb, el \u00abtodo\u00bb en el hombre, que es \u00abnada\u00bb. S\u00f3lo a trav\u00e9s de esta pureza de intenci\u00f3n el hombre podr\u00e1 descubrir, experimentar que <em>todas las obras, <\/em>realizadas <em>\u00fanicamente <\/em>para ejecutar la voluntad de Dios,<span id='easy-footnote-67-50922' class='easy-footnote-margin-adjust'><\/span><span class='easy-footnote'><a href='https:\/\/vincentians.com\/es\/benito-de-canfeld-voluntarismo-mistico-teocentrico\/#easy-footnote-bottom-67-50922' title='Cf. &lt;em&gt;Ibid., &lt;\/em&gt;I, f. 70r.-72v.; f. 153v.-154r.'><sup>67<\/sup><\/a><\/span> son <em>esta volun\u00adtad de Dios<\/em><span id='easy-footnote-68-50922' class='easy-footnote-margin-adjust'><\/span><span class='easy-footnote'><a href='https:\/\/vincentians.com\/es\/benito-de-canfeld-voluntarismo-mistico-teocentrico\/#easy-footnote-bottom-68-50922' title='El hombre, \u00abcuando aparta su esp\u00edritu de la obra para proyec\u00adtarlo en la voluntad de Dios, separa dicha obra de esta voluntad divina, como si la obra fuese una cosa y la voluntad otra distinta, las cuales, sin embargo, no son m\u00e1s que una\u00bb &lt;em&gt;(Ibid., &lt;\/em&gt;f. 76v.). \u00abHacer la obra \u00fanicamente por (la voluntad de Dios), que se juzga con seguridad ser la misma volun\u00adtad de Dios\u00bb: &lt;em&gt;Ibid., &lt;\/em&gt;I, f. 82v.'><sup>68<\/sup><\/a><\/span> y deben ser <em>consideradas solamente como esta mis\u00adma voluntad de Dios.<\/em><span id='easy-footnote-69-50922' class='easy-footnote-margin-adjust'><\/span><span class='easy-footnote'><a href='https:\/\/vincentians.com\/es\/benito-de-canfeld-voluntarismo-mistico-teocentrico\/#easy-footnote-bottom-69-50922' title='\u00abEl quinto grado o perfecci\u00f3n de esta intenci\u00f3n es (claramente), es decir, que est\u00e9 acompa\u00f1ado de una fe viva y&amp;#8230; se conozca que la obra realizada de este modo es la voluntad de Dios, y con fe viva, visi\u00f3n clara y mirada fija se la contemple como tal. Es menester, digo, considerar la obra, en esp\u00edritu, no como esta obra, sino como esta voluntad; no consi\u00adderando la obra exterior, sino el agrado divino interior; no como alguna cosa creada sino como la voluntad increada de Dios\u00bb &lt;em&gt;(Ibid., &lt;\/em&gt;I, f. 91v.-92r.;&lt;\/p&gt;\n&lt;p&gt;\u00abTodo lo que permanece en su esp\u00edritu (del hombre), es la voluntad de Dios, el cual lo quiere as\u00ed y por eso debe aceptarla y contemplarla como tal y haciendo esto no ve nada m\u00e1s que la voluntad de Dios\u00bb: &lt;em&gt;Ibid., &lt;\/em&gt;I, f. 93v.-94r.; cf. II, f. 157r.'><sup>69<\/sup><\/a><\/span>\n<p>A trav\u00e9s de la pr\u00e1ctica de esta doctrina, Canfeld intenta con\u00adducir al hombre al <em>puro amor, <\/em>a mirar, buscar, amar solamente la voluntad de Dios, que es Dios, y a excluir todo inter\u00e9s personal \u00abcomo ser\u00eda hacer penitencia, darse disciplina, ayunar para evitar \u00e9l infierno, obtener recompensa o conseguir el cielo y otras cosas semejantes, cuyas intenciones, aunque sean buenas en s\u00ed mismas, sin embargo son imperfectas, si se las compara con el ejercicio de (realizar) \u00fanicamente la voluntad de Dios, que es mucho me\u00adjor, como se ha demostrado\u00bb.<span id='easy-footnote-70-50922' class='easy-footnote-margin-adjust'><\/span><span class='easy-footnote'><a href='https:\/\/vincentians.com\/es\/benito-de-canfeld-voluntarismo-mistico-teocentrico\/#easy-footnote-bottom-70-50922' title='&lt;em&gt;Ibid., &lt;\/em&gt;I, f. 70v. \u00abCasi todos se extrav\u00edan (en el camino de la perfecci\u00f3n) por no querer ajustar sus intenciones de acuerdo con esta re\u00adgla, ni examinar sus acciones a la luz de esta antorcha\u00bb.&lt;\/p&gt;\n&lt;p&gt;\u00abQue la persona devota trabaje, pues, en este punto, que todo su es\u00adfuerzo se centre en \u00e9l; que concentre y emplee todas sus fuerzas en este ejercicio de intenci\u00f3n, pues en \u00e9l se encierra todo el verdadero provecho espiritual. En \u00e9l se encuentra el verdadero fundamento al comienzo, el camino seguro en el progreso y la perfecci\u00f3n de toda la vida activa\u00bb: &lt;em&gt;Ibid., &lt;\/em&gt;I, f. 72v.'><sup>70<\/sup><\/a><\/span>\n<p>No buscar m\u00e1s que a Dios, obrar en todo \u00fanicamente por y para realizar la voluntad de Dios no tiene para Canfeld m\u00e1s que un objetivo: conducir al hombre, a trav\u00e9s de la abnegaci\u00f3n y del anonadamiento de s\u00ed mismo, a la vida contemplativa, donde llega a \u00abgustar la voluntad interior de Dios\u00bb,<span id='easy-footnote-71-50922' class='easy-footnote-margin-adjust'><\/span><span class='easy-footnote'><a href='https:\/\/vincentians.com\/es\/benito-de-canfeld-voluntarismo-mistico-teocentrico\/#easy-footnote-bottom-71-50922' title='&lt;em&gt;Ibid., &lt;\/em&gt;II, f. 153v.-154r.; cf. II, f. 157r.-160r.'><sup>71<\/sup><\/a><\/span> a la vida \u00absobreemi\u00adnente\u00bb o \u00absupereminente\u00bb, donde experimenta continuamente el \u00abTodo\u00bb de Dios y la \u00abnada\u00bb de la criatura. Para acceder a este estado contemplativo, el hombre debe consentir a renunciar a todo conocimiento discursivo o conceptual de Dios<span id='easy-footnote-72-50922' class='easy-footnote-margin-adjust'><\/span><span class='easy-footnote'><a href='https:\/\/vincentians.com\/es\/benito-de-canfeld-voluntarismo-mistico-teocentrico\/#easy-footnote-bottom-72-50922' title='\u00abLa oraci\u00f3n, hecha \u00fanicamente por esta voluntad de Dios, por adhesi\u00f3n a ella, sin meditaci\u00f3n ni oraci\u00f3n vocal, es, para quienes son capaces de ella, la mejor, ya que est\u00e1 fundada y establecida en el puro amor y. caridad de Dios\u00bb &lt;em&gt;(Ibid., &lt;\/em&gt;I, f. 137).&lt;\/p&gt;\n&lt;p&gt;\u00abAhora, pues, habiendo visto qu\u00e9 es esta voluntad (esencial) y su per\u00adfecci\u00f3n y sublimidad, parece necesario que mostremos el medio de llegar a ella. Medio, digo, &lt;em&gt;sin medio. &lt;\/em&gt;Porque tened por seguro que ning\u00fan acto, meditaci\u00f3n, pensamiento, aspiraci\u00f3n u operaci\u00f3n aprovechan aqu\u00ed; ning\u00fan discurso, ejercicio o ense\u00f1anza, ni ning\u00fan medio deben aqu\u00ed mediar entre el alma y esta voluntad o esencia de Dios. Solo este fin, sin medio alguno, nos debe atraer a ella, y elevarnos a su visi\u00f3n feliz y contemplaci\u00f3n&amp;#8230; En este lugar, la especulaci\u00f3n m\u00e1s excelente, incluso la referente a la Tri\u00adnidad, debe ser abandonada, siguiendo el precepto de san Dionisio. No porque ella no sea buena y noble, sino porque hay una m\u00e1s alta capaci\u00addad en el alma, a trav\u00e9s de la cual, solamente, se llega de manera exce\u00adlente, a lo m\u00e1s alto del esp\u00edritu\u00bb: &lt;em&gt;Ibid., III, &lt;\/em&gt;f. 13v.-14r.'><sup>72<\/sup><\/a><\/span> y a olvidarse totalmente de s\u00ed mismo, incluso en el ejercicio de la pr\u00e1c\u00adtica de las virtudes,<span id='easy-footnote-73-50922' class='easy-footnote-margin-adjust'><\/span><span class='easy-footnote'><a href='https:\/\/vincentians.com\/es\/benito-de-canfeld-voluntarismo-mistico-teocentrico\/#easy-footnote-bottom-73-50922' title='\u00abReferente a las virtudes \u00a1qu\u00e9 humildad se requiere para anona\u00addarse de esa manera! \u00a1Qu\u00e9 paciencia para esperar de ese modo! \u00a1Qu\u00e9 constancia para permanecer de esa forma! \u00a1Qu\u00e9 longanimidad para desear profundamente y qu\u00e9 pureza de coraz\u00f3n para simplificarse as\u00ed! Finalmente, \u00a1qu\u00e9 fe es tan viva, qu\u00e9 esperanza tan firme, qu\u00e9 caridad tan ardiente! , como la que se encierra en esta anihilaci\u00f3n u ociosidad, aunque todas las virtudes, al estar absorbidas en la divinidad, se practican en ella esencial\u00admente, como en su origen o fuente, m\u00e1s bien que en acto, como lo afirma el contemplativo y gran doctor Herp\u00bb: &lt;em&gt;Ibid., &lt;\/em&gt;f. 108v.-109r.'><sup>73<\/sup><\/a><\/span> hasta llegar a perderse en la esencia divina por una \u00abespecie de despersonalizaci\u00f3n m\u00edstica\u00bb.<\/p>\n<p>Para expresar la renuncia a toda forma intelectual o con\u00adcepto nocional y el olvido total de s\u00ed mismo, requeridos para llegar a la uni\u00f3n con \u00abla voluntad esencial de Dios\u00bb, Canfeld utiliza los t\u00e9rminos de \u00abanonadamiento\u00bb y \u00abanihilaci\u00f3n\u00bb. Desde el aviso \u00abal lector\u00bb declara que, entre las dos v\u00edas que existen para \u00abentrar en Dios\u00bb, \u00e9l prefiere elegir la de la \u00ababnegaci\u00f3n\u00bb: \u00abAmigo lector, hay dos v\u00edas para entrar a Dios: una la de la especulaci\u00f3n, otra la de la abnegaci\u00f3n. La primera es m\u00e1s agrada\u00adble, la segunda m\u00e1s provechosa; la primera es mucho m\u00e1s com\u00adplaciente, la segunda m\u00e1s s\u00f3lida y segura; la primera no se otorga a todos, aunque se desee, la segunda se ofrece a todos los que tienen buenos deseos. La presente <em>Regla <\/em>ense\u00f1a m\u00e1s bien la segunda que la primera. Por eso no te desanimes, si no en\u00adcuentras en ella brillantes discursos, que con frecuencia deleitan m\u00e1s al o\u00eddo de lo que aprovechan al alma. Trae m\u00e1s bien aqu\u00ed un buen deseo y encontrar\u00e1s en ella el camino abierto al cielo\u00bb.<span id='easy-footnote-74-50922' class='easy-footnote-margin-adjust'><\/span><span class='easy-footnote'><a href='https:\/\/vincentians.com\/es\/benito-de-canfeld-voluntarismo-mistico-teocentrico\/#easy-footnote-bottom-74-50922' title='&lt;em&gt;Ibid., Au lecteur.&lt;\/em&gt;'><sup>74<\/sup><\/a><\/span>\n<p>Canfeld, como otros muchos autores espirituales, busca al\u00adcanzar el nivel del alma, donde se opera la uni\u00f3n con Dios. Nivel donde la \u00abfe pura y desnuda\u00bb reside \u00aben la parte m\u00e1s alta del alma, por ser el lugar m\u00e1s alejado de los sentidos y el m\u00e1s cer\u00adcano a Dios y el l\u00edmite supremo del alma\u00bb.<span id='easy-footnote-75-50922' class='easy-footnote-margin-adjust'><\/span><span class='easy-footnote'><a href='https:\/\/vincentians.com\/es\/benito-de-canfeld-voluntarismo-mistico-teocentrico\/#easy-footnote-bottom-75-50922' title='&lt;em&gt;Ibid., &lt;\/em&gt;III, f. 91v.'><sup>75<\/sup><\/a><\/span>\n<p>Su primer intento es cobrar y hacer cobrar conciencia del sentido espiritual y religioso del hombre. Parte del conocimiento introspectivo de s\u00ed mismo, haciendo caso omiso de lo sensible, e incluso de lo inteligible, de todo lo que pueda caer con claridad en el entendimiento, para llegar al \u00abl\u00edmite supremo del alma\u00bb y en \u00e9l unirse con la voluntad divina, con la esencia divina. Por eso glosa el \u00abcon\u00f3cete a ti mismo\u00bb,<span id='easy-footnote-76-50922' class='easy-footnote-margin-adjust'><\/span><span class='easy-footnote'><a href='https:\/\/vincentians.com\/es\/benito-de-canfeld-voluntarismo-mistico-teocentrico\/#easy-footnote-bottom-76-50922' title='&lt;em&gt;Ibid., &lt;\/em&gt;I, f. 13r.: A trav\u00e9s del conocimiento de \u00abla voluntad de Dios, llegamos al conocimiento perfecto de nosotros mismos\u00bb.'><sup>76<\/sup><\/a><\/span> y a\u00fan m\u00e1s el \u00abcon\u00f3zcame a m\u00ed, con\u00f3zcate a ti, Dios m\u00edo\u00bb de san Agust\u00edn,<span id='easy-footnote-77-50922' class='easy-footnote-margin-adjust'><\/span><span class='easy-footnote'><a href='https:\/\/vincentians.com\/es\/benito-de-canfeld-voluntarismo-mistico-teocentrico\/#easy-footnote-bottom-77-50922' title='San Agust\u00edn, &lt;em&gt;Soliloquios, II, 1, 1.&lt;\/em&gt;'><sup>77<\/sup><\/a><\/span> llegando a invertir los t\u00e9rminos: \u00abconocerte he a ti, Se\u00f1or, para conocer\u00adme\u00bb.<span id='easy-footnote-78-50922' class='easy-footnote-margin-adjust'><\/span><span class='easy-footnote'><a href='https:\/\/vincentians.com\/es\/benito-de-canfeld-voluntarismo-mistico-teocentrico\/#easy-footnote-bottom-78-50922' title='Tan corriente era la expresi\u00f3n en la \u00e9poca que Canfeld, al no saber ya la procedencia de la f\u00f3rmula agustiniana, se la atribuye \u2014como har\u00e1 despu\u00e9s B\u00e9rulle\u2014 a su ser\u00e1fico padre, Francisco de As\u00eds (cf. B. de Canfeld, &lt;em&gt;28, &lt;\/em&gt;I, f. 14v.). El punto de partida de la reflexi\u00f3n agustiniana es la interrogaci\u00f3n sobre s\u00ed mismo. Interrogaci\u00f3n que encuentra respuesta en el conocimiento de Dios. El proceder &lt;em&gt;de &lt;\/em&gt;Canfeld es inverso: el intento inicial, el objetivo final, es el conocimiento de Dios, del que vendr\u00e1, por a\u00f1adidura, el conocimiento de s\u00ed mismo. B\u00e9rulle utilizar\u00e1 m\u00e1s tarde el mismo procedimento que Canfeld.'><sup>78<\/sup><\/a><\/span> Por eso pondera, de m\u00faltiples modos, el \u00abintimior intimo meo\u00bb agustiniano.<span id='easy-footnote-79-50922' class='easy-footnote-margin-adjust'><\/span><span class='easy-footnote'><a href='https:\/\/vincentians.com\/es\/benito-de-canfeld-voluntarismo-mistico-teocentrico\/#easy-footnote-bottom-79-50922' title='Cf. &lt;em&gt;Ibid., &lt;\/em&gt;III, f. 28r., 45v.-47, 74v., 98v., 149r.; II, f. 168v.'><sup>79<\/sup><\/a><\/span>\n<p>Qued\u00e1ndose en la pura desnudez y pobreza de esp\u00edritu, dice Canfeld, como hab\u00eda dicho antes san Juan de la Cruz, luego el alma \u00abencuentra la muerte total y la total victoria, y entrega el esp\u00edritu a Dios, y finalmente el hombre se hace divino, en cuanto que por esta constancia y muerte, Dios vive y reina en el alma, obrando en ella todas sus operaciones\u00bb.<span id='easy-footnote-80-50922' class='easy-footnote-margin-adjust'><\/span><span class='easy-footnote'><a href='https:\/\/vincentians.com\/es\/benito-de-canfeld-voluntarismo-mistico-teocentrico\/#easy-footnote-bottom-80-50922' title='\u00abNo se debe, digo, salir de esta anihilaci\u00f3n pasiva (pobreza de esp\u00edritu) y de ese amor fruitivo que depende de ella, incluso cuando no se tengan esas consolaciones, y cuando este amor fruitivo sea tan desnudo e insensible que no se tenga ning\u00fan sentimiento, (ning\u00fan) consuelo, ni ninguna otra seguridad o satisfacci\u00f3n de este g\u00e9nero, supuesto que se realice su deber por simple recuerdo. Es aqu\u00ed donde est\u00e1 la verdadera y buena ociosidad, donde se encuentra la prueba de la fidelidad, y donde el alma se constituye en la verdadera pobreza y paciencia de esp\u00edritu y perfecta resignaci\u00f3n. Aqu\u00ed es donde se encuentra el \u00faltimo agotamiento de todo lo que hay de humano en el alma; es aqu\u00ed donde se encuentra la muerte total y la total victoria, y donde se entrega el esp\u00edritu a Dios, y, finalmente, donde el hombre se hace divino, en cuanto que por esta constancia y muerte, Dios vive y reina en el alma, obrando en ella todas sus operaciones\u00bb: &lt;em&gt;(Ibid., &lt;\/em&gt;III, f. 107). \u00abEn este texto, Canfeld describe el sumo de la perfecci\u00f3n\u00bb, comenta O. de Veghel, &lt;em&gt;140, &lt;\/em&gt;307, n. 1.\u00bbCuando uno se despoja de la propia voluntad para revestirse de la de Dios, se despoja uno de s\u00ed para revestirse del mismo Dios&amp;#8230; Esta volun\u00adtad celeste y divina, de tal modo llena, posee y colma el coraz\u00f3n, pene\u00adtrando hasta lo \u00edntimo y profundo del alma, de tal modo lo atrae y cau\u00adtiva con una dulzura incre\u00edble, verdadero gusto y perfecto sentimiento de la vida eterna, deliciosa presencia del celestial esposo, y en tal forma funde el alma en su admiraci\u00f3n y amor, que, disueltas y perdidas todas las fuer\u00adzas y languideciendo de amor, queda aquella arrobada, perdida e inmersa en el mar profundo de la alegr\u00eda celeste y de la luz sempiterna\u00bb: B. de Canfeld, &lt;em&gt;28, &lt;\/em&gt;I, f. 18v.-19r.'><sup>80<\/sup><\/a><\/span>\n<p>En la base de la doctrina de Canfeld se halla el hecho, que en realidad es un acto de fe \u2014de la fe pura y desnuda\u2014 de mostrar a los hombres el concepto divino de la manera humana de vivir. Por eso el centro y la unidad de la <em>Regla de perfecci\u00f3n, <\/em>como indica claramente la explicaci\u00f3n del grabado o figura, no se encuentra en Jesucristo, sino en la <em>Esencia divina. <\/em>De ah\u00ed el car\u00e1cter m\u00e1s emanantista y neoplat\u00f3nico que cristol\u00f3gico, m\u00e1s afectivo que intelectual, m\u00e1s abstracto que encarnado de la espi\u00adritualidad vivida y ense\u00f1ada por Canfeld en la <em>Regla de perfecci\u00f3n.<\/em><\/p>\n","protected":false},"excerpt":{"rendered":"<p>Entre las diversas tendencias llamadas \u00abm\u00edsticas\u00bb, que influ\u00adyen en la renovaci\u00f3n espiritual en Francia durante el siglo XVII, se encuentra la llamada \u00abescuela abstracta\u00bb: esta denominaci\u00f3n se debe al predominio que ejerce en ella el &#8230; <a href=\"https:\/\/vincentians.com\/es\/benito-de-canfeld-voluntarismo-mistico-teocentrico\/\" class=\"more-link\">Read More<\/a><\/p>\n","protected":false},"author":4,"featured_media":400152,"comment_status":"open","ping_status":"open","sticky":false,"template":"","format":"standard","meta":{"jetpack_post_was_ever_published":false,"_jetpack_newsletter_access":"","_jetpack_dont_email_post_to_subs":false,"_jetpack_newsletter_tier_id":0,"_jetpack_memberships_contains_paywalled_content":false,"_jetpack_memberships_contains_paid_content":false,"footnotes":"","jetpack_publicize_message":"","jetpack_publicize_feature_enabled":true,"jetpack_social_post_already_shared":true,"jetpack_social_options":{"image_generator_settings":{"template":"highway","default_image_id":0,"font":"","enabled":false},"version":2}},"categories":[29],"tags":[160,280],"class_list":["post-50922","post","type-post","status-publish","format-standard","has-post-thumbnail","hentry","category-formacion-cristiana","tag-nimes","tag-san-juan-de-la-cruz"],"yoast_head":"<!-- This site is optimized with the Yoast SEO plugin v26.3 - https:\/\/yoast.com\/wordpress\/plugins\/seo\/ -->\n<title>Benito de Canfeld: voluntarismo m\u00edstico-teoc\u00e9ntrico - Somos Vicencianos<\/title>\n<meta name=\"robots\" content=\"index, follow, max-snippet:-1, max-image-preview:large, max-video-preview:-1\" \/>\n<link rel=\"canonical\" href=\"https:\/\/vincentians.com\/es\/benito-de-canfeld-voluntarismo-mistico-teocentrico\/\" \/>\n<meta property=\"og:locale\" content=\"es_ES\" \/>\n<meta property=\"og:type\" content=\"article\" \/>\n<meta property=\"og:title\" content=\"Benito de Canfeld: voluntarismo m\u00edstico-teoc\u00e9ntrico - Somos Vicencianos\" \/>\n<meta property=\"og:description\" content=\"Entre las diversas tendencias llamadas \u00abm\u00edsticas\u00bb, que influ\u00adyen en la renovaci\u00f3n espiritual en Francia durante el siglo XVII, se encuentra la llamada \u00abescuela abstracta\u00bb: esta denominaci\u00f3n se debe al predominio que ejerce en ella el ... Read More\" \/>\n<meta property=\"og:url\" content=\"https:\/\/vincentians.com\/es\/benito-de-canfeld-voluntarismo-mistico-teocentrico\/\" \/>\n<meta property=\"og:site_name\" content=\"Somos Vicencianos\" \/>\n<meta property=\"article:publisher\" content=\"https:\/\/www.facebook.com\/WeAreVincentians\/\" \/>\n<meta property=\"article:author\" content=\"https:\/\/www.facebook.com\/JavierChento\" \/>\n<meta property=\"article:published_time\" content=\"2019-11-18T07:46:44+00:00\" \/>\n<meta property=\"og:image\" content=\"https:\/\/i0.wp.com\/vincentians.com\/es\/wp-content\/uploads\/sites\/11\/2016\/10\/ranquines.jpg?fit=1200%2C630&ssl=1\" \/>\n\t<meta property=\"og:image:width\" content=\"1200\" \/>\n\t<meta property=\"og:image:height\" content=\"630\" \/>\n\t<meta property=\"og:image:type\" content=\"image\/jpeg\" \/>\n<meta name=\"author\" content=\"Francisco Javier Fern\u00e1ndez Chento\" \/>\n<meta name=\"twitter:card\" content=\"summary_large_image\" \/>\n<meta name=\"twitter:creator\" content=\"@https:\/\/twitter.com\/javierchento\" \/>\n<meta name=\"twitter:site\" content=\"@WeVincentians\" \/>\n<meta name=\"twitter:label1\" content=\"Escrito por\" \/>\n\t<meta name=\"twitter:data1\" content=\"Francisco Javier Fern\u00e1ndez Chento\" \/>\n\t<meta name=\"twitter:label2\" content=\"Tiempo de lectura\" \/>\n\t<meta name=\"twitter:data2\" content=\"44 minutos\" \/>\n<script type=\"application\/ld+json\" class=\"yoast-schema-graph\">{\"@context\":\"https:\/\/schema.org\",\"@graph\":[{\"@type\":\"Article\",\"@id\":\"https:\/\/vincentians.com\/es\/benito-de-canfeld-voluntarismo-mistico-teocentrico\/#article\",\"isPartOf\":{\"@id\":\"https:\/\/vincentians.com\/es\/benito-de-canfeld-voluntarismo-mistico-teocentrico\/\"},\"author\":{\"name\":\"Francisco Javier Fern\u00e1ndez Chento\",\"@id\":\"http:\/\/vincentians.com\/es\/#\/schema\/person\/9623ef4d9aa3b2dfb8c061f1499288f2\"},\"headline\":\"Benito de Canfeld: voluntarismo m\u00edstico-teoc\u00e9ntrico\",\"datePublished\":\"2019-11-18T07:46:44+00:00\",\"mainEntityOfPage\":{\"@id\":\"https:\/\/vincentians.com\/es\/benito-de-canfeld-voluntarismo-mistico-teocentrico\/\"},\"wordCount\":8815,\"commentCount\":0,\"publisher\":{\"@id\":\"http:\/\/vincentians.com\/es\/#organization\"},\"image\":{\"@id\":\"https:\/\/vincentians.com\/es\/benito-de-canfeld-voluntarismo-mistico-teocentrico\/#primaryimage\"},\"thumbnailUrl\":\"https:\/\/i0.wp.com\/vincentians.com\/es\/wp-content\/uploads\/sites\/11\/2016\/10\/ranquines.jpg?fit=1200%2C630&ssl=1\",\"keywords\":[\"Nimes\",\"San Juan de la Cruz\"],\"articleSection\":[\"Formaci\u00f3n Cristiana\"],\"inLanguage\":\"es\",\"potentialAction\":[{\"@type\":\"CommentAction\",\"name\":\"Comment\",\"target\":[\"https:\/\/vincentians.com\/es\/benito-de-canfeld-voluntarismo-mistico-teocentrico\/#respond\"]}]},{\"@type\":\"WebPage\",\"@id\":\"https:\/\/vincentians.com\/es\/benito-de-canfeld-voluntarismo-mistico-teocentrico\/\",\"url\":\"https:\/\/vincentians.com\/es\/benito-de-canfeld-voluntarismo-mistico-teocentrico\/\",\"name\":\"Benito de Canfeld: voluntarismo m\u00edstico-teoc\u00e9ntrico - Somos Vicencianos\",\"isPartOf\":{\"@id\":\"http:\/\/vincentians.com\/es\/#website\"},\"primaryImageOfPage\":{\"@id\":\"https:\/\/vincentians.com\/es\/benito-de-canfeld-voluntarismo-mistico-teocentrico\/#primaryimage\"},\"image\":{\"@id\":\"https:\/\/vincentians.com\/es\/benito-de-canfeld-voluntarismo-mistico-teocentrico\/#primaryimage\"},\"thumbnailUrl\":\"https:\/\/i0.wp.com\/vincentians.com\/es\/wp-content\/uploads\/sites\/11\/2016\/10\/ranquines.jpg?fit=1200%2C630&ssl=1\",\"datePublished\":\"2019-11-18T07:46:44+00:00\",\"breadcrumb\":{\"@id\":\"https:\/\/vincentians.com\/es\/benito-de-canfeld-voluntarismo-mistico-teocentrico\/#breadcrumb\"},\"inLanguage\":\"es\",\"potentialAction\":[{\"@type\":\"ReadAction\",\"target\":[\"https:\/\/vincentians.com\/es\/benito-de-canfeld-voluntarismo-mistico-teocentrico\/\"]}]},{\"@type\":\"ImageObject\",\"inLanguage\":\"es\",\"@id\":\"https:\/\/vincentians.com\/es\/benito-de-canfeld-voluntarismo-mistico-teocentrico\/#primaryimage\",\"url\":\"https:\/\/i0.wp.com\/vincentians.com\/es\/wp-content\/uploads\/sites\/11\/2016\/10\/ranquines.jpg?fit=1200%2C630&ssl=1\",\"contentUrl\":\"https:\/\/i0.wp.com\/vincentians.com\/es\/wp-content\/uploads\/sites\/11\/2016\/10\/ranquines.jpg?fit=1200%2C630&ssl=1\",\"width\":1200,\"height\":630},{\"@type\":\"BreadcrumbList\",\"@id\":\"https:\/\/vincentians.com\/es\/benito-de-canfeld-voluntarismo-mistico-teocentrico\/#breadcrumb\",\"itemListElement\":[{\"@type\":\"ListItem\",\"position\":1,\"name\":\"Portada\",\"item\":\"http:\/\/vincentians.com\/es\/\"},{\"@type\":\"ListItem\",\"position\":2,\"name\":\"Benito de Canfeld: voluntarismo m\u00edstico-teoc\u00e9ntrico\"}]},{\"@type\":\"WebSite\",\"@id\":\"http:\/\/vincentians.com\/es\/#website\",\"url\":\"http:\/\/vincentians.com\/es\/\",\"name\":\"Somos Vicencianos\",\"description\":\"Know more to serve more\",\"publisher\":{\"@id\":\"http:\/\/vincentians.com\/es\/#organization\"},\"potentialAction\":[{\"@type\":\"SearchAction\",\"target\":{\"@type\":\"EntryPoint\",\"urlTemplate\":\"http:\/\/vincentians.com\/es\/?s={search_term_string}\"},\"query-input\":{\"@type\":\"PropertyValueSpecification\",\"valueRequired\":true,\"valueName\":\"search_term_string\"}}],\"inLanguage\":\"es\"},{\"@type\":\"Organization\",\"@id\":\"http:\/\/vincentians.com\/es\/#organization\",\"name\":\"The Vincentian Network\",\"url\":\"http:\/\/vincentians.com\/es\/\",\"logo\":{\"@type\":\"ImageObject\",\"inLanguage\":\"es\",\"@id\":\"http:\/\/vincentians.com\/es\/#\/schema\/logo\/image\/\",\"url\":\"https:\/\/i1.wp.com\/vincentians.com\/es\/wp-content\/uploads\/sites\/11\/2016\/06\/Vincentian-Network-logo-big.png?fit=778%2C778\",\"contentUrl\":\"https:\/\/i1.wp.com\/vincentians.com\/es\/wp-content\/uploads\/sites\/11\/2016\/06\/Vincentian-Network-logo-big.png?fit=778%2C778\",\"width\":778,\"height\":778,\"caption\":\"The Vincentian Network\"},\"image\":{\"@id\":\"http:\/\/vincentians.com\/es\/#\/schema\/logo\/image\/\"},\"sameAs\":[\"https:\/\/www.facebook.com\/WeAreVincentians\/\",\"https:\/\/x.com\/WeVincentians\"]},{\"@type\":\"Person\",\"@id\":\"http:\/\/vincentians.com\/es\/#\/schema\/person\/9623ef4d9aa3b2dfb8c061f1499288f2\",\"name\":\"Francisco Javier Fern\u00e1ndez Chento\",\"image\":{\"@type\":\"ImageObject\",\"inLanguage\":\"es\",\"@id\":\"http:\/\/vincentians.com\/es\/#\/schema\/person\/image\/\",\"url\":\"https:\/\/secure.gravatar.com\/avatar\/497d5cde87b4c3d097d0315953521681ba2cd523ee66e5077c3711f7021e65de?s=96&d=mm&r=g\",\"contentUrl\":\"https:\/\/secure.gravatar.com\/avatar\/497d5cde87b4c3d097d0315953521681ba2cd523ee66e5077c3711f7021e65de?s=96&d=mm&r=g\",\"caption\":\"Francisco Javier Fern\u00e1ndez Chento\"},\"description\":\"Director General y cofundador de La Red de Formaci\u00f3n Vicenciana. Javier es laico vicenciano, afiliado a la Congregaci\u00f3n de la Misi\u00f3n y miembro del Equipo de Misiones Populares de la provincia can\u00f3nica de Zaragoza (Espa\u00f1a) de la Congregaci\u00f3n de la Misi\u00f3n. Graduado en la Universidad Oberta de Catalunya con cuatro grados (Asistente de direcci\u00f3n, Gesti\u00f3n Administrativa, Recursos Humanos y Contabilidad Avanzada). Bil\u00edng\u00fce Espa\u00f1ol\/Ingl\u00e9s. gestiona y mantiene varias p\u00e1ginas web cristianas y vicencianas, incluida including La Red de Formaci\u00f3n Vicenciana, de la que es cofundador. Actualmente es responsable del \u00e1rea de Espa\u00f1ol de .famvin, la Red de Noticias de la Familia Vicenciana. Tambi\u00e9n es m\u00fasico cat\u00f3lico y ha editado varios discos. Es Director General y cofundador de Trovador, una reconocida compa\u00f1\u00eda discogr\u00e1fica critiana de Espa\u00f1a. Trabaja en las Tecnolog\u00edas de la Informaci\u00f3n, ofreciendo servicios de alojamiento, dise\u00f1o y mantenimiento Web, as\u00ed como asesoramiento, formaci\u00f3n y soluciones inform\u00e1ticas, gesti\u00f3n documental y digitalizaci\u00f3n de textos, edici\u00f3n y maquetaci\u00f3n de libros, revistas, flyers, etc.\",\"sameAs\":[\"http:\/\/chento.org\",\"https:\/\/www.facebook.com\/JavierChento\",\"https:\/\/x.com\/https:\/\/twitter.com\/javierchento\"],\"url\":\"https:\/\/vincentians.com\/es\/author\/chento\/\"}]}<\/script>\n<!-- \/ Yoast SEO plugin. -->","yoast_head_json":{"title":"Benito de Canfeld: voluntarismo m\u00edstico-teoc\u00e9ntrico - Somos Vicencianos","robots":{"index":"index","follow":"follow","max-snippet":"max-snippet:-1","max-image-preview":"max-image-preview:large","max-video-preview":"max-video-preview:-1"},"canonical":"https:\/\/vincentians.com\/es\/benito-de-canfeld-voluntarismo-mistico-teocentrico\/","og_locale":"es_ES","og_type":"article","og_title":"Benito de Canfeld: voluntarismo m\u00edstico-teoc\u00e9ntrico - Somos Vicencianos","og_description":"Entre las diversas tendencias llamadas \u00abm\u00edsticas\u00bb, que influ\u00adyen en la renovaci\u00f3n espiritual en Francia durante el siglo XVII, se encuentra la llamada \u00abescuela abstracta\u00bb: esta denominaci\u00f3n se debe al predominio que ejerce en ella el ... Read More","og_url":"https:\/\/vincentians.com\/es\/benito-de-canfeld-voluntarismo-mistico-teocentrico\/","og_site_name":"Somos Vicencianos","article_publisher":"https:\/\/www.facebook.com\/WeAreVincentians\/","article_author":"https:\/\/www.facebook.com\/JavierChento","article_published_time":"2019-11-18T07:46:44+00:00","og_image":[{"width":1200,"height":630,"url":"https:\/\/i0.wp.com\/vincentians.com\/es\/wp-content\/uploads\/sites\/11\/2016\/10\/ranquines.jpg?fit=1200%2C630&ssl=1","type":"image\/jpeg"}],"author":"Francisco Javier Fern\u00e1ndez Chento","twitter_card":"summary_large_image","twitter_creator":"@https:\/\/twitter.com\/javierchento","twitter_site":"@WeVincentians","twitter_misc":{"Escrito por":"Francisco Javier Fern\u00e1ndez Chento","Tiempo de lectura":"44 minutos"},"schema":{"@context":"https:\/\/schema.org","@graph":[{"@type":"Article","@id":"https:\/\/vincentians.com\/es\/benito-de-canfeld-voluntarismo-mistico-teocentrico\/#article","isPartOf":{"@id":"https:\/\/vincentians.com\/es\/benito-de-canfeld-voluntarismo-mistico-teocentrico\/"},"author":{"name":"Francisco Javier Fern\u00e1ndez Chento","@id":"http:\/\/vincentians.com\/es\/#\/schema\/person\/9623ef4d9aa3b2dfb8c061f1499288f2"},"headline":"Benito de Canfeld: voluntarismo m\u00edstico-teoc\u00e9ntrico","datePublished":"2019-11-18T07:46:44+00:00","mainEntityOfPage":{"@id":"https:\/\/vincentians.com\/es\/benito-de-canfeld-voluntarismo-mistico-teocentrico\/"},"wordCount":8815,"commentCount":0,"publisher":{"@id":"http:\/\/vincentians.com\/es\/#organization"},"image":{"@id":"https:\/\/vincentians.com\/es\/benito-de-canfeld-voluntarismo-mistico-teocentrico\/#primaryimage"},"thumbnailUrl":"https:\/\/i0.wp.com\/vincentians.com\/es\/wp-content\/uploads\/sites\/11\/2016\/10\/ranquines.jpg?fit=1200%2C630&ssl=1","keywords":["Nimes","San Juan de la Cruz"],"articleSection":["Formaci\u00f3n Cristiana"],"inLanguage":"es","potentialAction":[{"@type":"CommentAction","name":"Comment","target":["https:\/\/vincentians.com\/es\/benito-de-canfeld-voluntarismo-mistico-teocentrico\/#respond"]}]},{"@type":"WebPage","@id":"https:\/\/vincentians.com\/es\/benito-de-canfeld-voluntarismo-mistico-teocentrico\/","url":"https:\/\/vincentians.com\/es\/benito-de-canfeld-voluntarismo-mistico-teocentrico\/","name":"Benito de Canfeld: voluntarismo m\u00edstico-teoc\u00e9ntrico - Somos Vicencianos","isPartOf":{"@id":"http:\/\/vincentians.com\/es\/#website"},"primaryImageOfPage":{"@id":"https:\/\/vincentians.com\/es\/benito-de-canfeld-voluntarismo-mistico-teocentrico\/#primaryimage"},"image":{"@id":"https:\/\/vincentians.com\/es\/benito-de-canfeld-voluntarismo-mistico-teocentrico\/#primaryimage"},"thumbnailUrl":"https:\/\/i0.wp.com\/vincentians.com\/es\/wp-content\/uploads\/sites\/11\/2016\/10\/ranquines.jpg?fit=1200%2C630&ssl=1","datePublished":"2019-11-18T07:46:44+00:00","breadcrumb":{"@id":"https:\/\/vincentians.com\/es\/benito-de-canfeld-voluntarismo-mistico-teocentrico\/#breadcrumb"},"inLanguage":"es","potentialAction":[{"@type":"ReadAction","target":["https:\/\/vincentians.com\/es\/benito-de-canfeld-voluntarismo-mistico-teocentrico\/"]}]},{"@type":"ImageObject","inLanguage":"es","@id":"https:\/\/vincentians.com\/es\/benito-de-canfeld-voluntarismo-mistico-teocentrico\/#primaryimage","url":"https:\/\/i0.wp.com\/vincentians.com\/es\/wp-content\/uploads\/sites\/11\/2016\/10\/ranquines.jpg?fit=1200%2C630&ssl=1","contentUrl":"https:\/\/i0.wp.com\/vincentians.com\/es\/wp-content\/uploads\/sites\/11\/2016\/10\/ranquines.jpg?fit=1200%2C630&ssl=1","width":1200,"height":630},{"@type":"BreadcrumbList","@id":"https:\/\/vincentians.com\/es\/benito-de-canfeld-voluntarismo-mistico-teocentrico\/#breadcrumb","itemListElement":[{"@type":"ListItem","position":1,"name":"Portada","item":"http:\/\/vincentians.com\/es\/"},{"@type":"ListItem","position":2,"name":"Benito de Canfeld: voluntarismo m\u00edstico-teoc\u00e9ntrico"}]},{"@type":"WebSite","@id":"http:\/\/vincentians.com\/es\/#website","url":"http:\/\/vincentians.com\/es\/","name":"Somos Vicencianos","description":"Know more to serve more","publisher":{"@id":"http:\/\/vincentians.com\/es\/#organization"},"potentialAction":[{"@type":"SearchAction","target":{"@type":"EntryPoint","urlTemplate":"http:\/\/vincentians.com\/es\/?s={search_term_string}"},"query-input":{"@type":"PropertyValueSpecification","valueRequired":true,"valueName":"search_term_string"}}],"inLanguage":"es"},{"@type":"Organization","@id":"http:\/\/vincentians.com\/es\/#organization","name":"The Vincentian Network","url":"http:\/\/vincentians.com\/es\/","logo":{"@type":"ImageObject","inLanguage":"es","@id":"http:\/\/vincentians.com\/es\/#\/schema\/logo\/image\/","url":"https:\/\/i1.wp.com\/vincentians.com\/es\/wp-content\/uploads\/sites\/11\/2016\/06\/Vincentian-Network-logo-big.png?fit=778%2C778","contentUrl":"https:\/\/i1.wp.com\/vincentians.com\/es\/wp-content\/uploads\/sites\/11\/2016\/06\/Vincentian-Network-logo-big.png?fit=778%2C778","width":778,"height":778,"caption":"The Vincentian Network"},"image":{"@id":"http:\/\/vincentians.com\/es\/#\/schema\/logo\/image\/"},"sameAs":["https:\/\/www.facebook.com\/WeAreVincentians\/","https:\/\/x.com\/WeVincentians"]},{"@type":"Person","@id":"http:\/\/vincentians.com\/es\/#\/schema\/person\/9623ef4d9aa3b2dfb8c061f1499288f2","name":"Francisco Javier Fern\u00e1ndez Chento","image":{"@type":"ImageObject","inLanguage":"es","@id":"http:\/\/vincentians.com\/es\/#\/schema\/person\/image\/","url":"https:\/\/secure.gravatar.com\/avatar\/497d5cde87b4c3d097d0315953521681ba2cd523ee66e5077c3711f7021e65de?s=96&d=mm&r=g","contentUrl":"https:\/\/secure.gravatar.com\/avatar\/497d5cde87b4c3d097d0315953521681ba2cd523ee66e5077c3711f7021e65de?s=96&d=mm&r=g","caption":"Francisco Javier Fern\u00e1ndez Chento"},"description":"Director General y cofundador de La Red de Formaci\u00f3n Vicenciana. Javier es laico vicenciano, afiliado a la Congregaci\u00f3n de la Misi\u00f3n y miembro del Equipo de Misiones Populares de la provincia can\u00f3nica de Zaragoza (Espa\u00f1a) de la Congregaci\u00f3n de la Misi\u00f3n. Graduado en la Universidad Oberta de Catalunya con cuatro grados (Asistente de direcci\u00f3n, Gesti\u00f3n Administrativa, Recursos Humanos y Contabilidad Avanzada). Bil\u00edng\u00fce Espa\u00f1ol\/Ingl\u00e9s. gestiona y mantiene varias p\u00e1ginas web cristianas y vicencianas, incluida including La Red de Formaci\u00f3n Vicenciana, de la que es cofundador. Actualmente es responsable del \u00e1rea de Espa\u00f1ol de .famvin, la Red de Noticias de la Familia Vicenciana. Tambi\u00e9n es m\u00fasico cat\u00f3lico y ha editado varios discos. Es Director General y cofundador de Trovador, una reconocida compa\u00f1\u00eda discogr\u00e1fica critiana de Espa\u00f1a. Trabaja en las Tecnolog\u00edas de la Informaci\u00f3n, ofreciendo servicios de alojamiento, dise\u00f1o y mantenimiento Web, as\u00ed como asesoramiento, formaci\u00f3n y soluciones inform\u00e1ticas, gesti\u00f3n documental y digitalizaci\u00f3n de textos, edici\u00f3n y maquetaci\u00f3n de libros, revistas, flyers, etc.","sameAs":["http:\/\/chento.org","https:\/\/www.facebook.com\/JavierChento","https:\/\/x.com\/https:\/\/twitter.com\/javierchento"],"url":"https:\/\/vincentians.com\/es\/author\/chento\/"}]}},"jetpack_publicize_connections":[],"jetpack_featured_media_url":"https:\/\/i0.wp.com\/vincentians.com\/es\/wp-content\/uploads\/sites\/11\/2016\/10\/ranquines.jpg?fit=1200%2C630&ssl=1","jetpack_sharing_enabled":true,"jetpack_shortlink":"https:\/\/wp.me\/p7ETMF-dfk","jetpack-related-posts":[{"id":41329,"url":"https:\/\/vincentians.com\/es\/las-grandes-corrientes-espirituales-del-siglo-xvii\/","url_meta":{"origin":50922,"position":0},"title":"Las grandes corrientes espirituales del siglo XVII","author":"Francisco Javier Fern\u00e1ndez Chento","date":"22\/05\/2015","format":false,"excerpt":"Querer reducir a una sola lecci\u00f3n, de aproximadamente una hora de lectura, la presentaci\u00f3n y comentario de las principales corrientes espirituales del siglo XVII es tarea dif\u00edcil de realizar, si tenemos en cuenta la complejidad de sus expresiones y la varie\u00addad con que se multiplicaron. Por eso, nuestro trabajo tendr\u00e1\u2026","rel":"","context":"En \u00abEspiritualidad vicenciana\u00bb","block_context":{"text":"Espiritualidad vicenciana","link":"https:\/\/vincentians.com\/es\/category\/espiritualidad\/espiritualidad-vicenciana\/"},"img":{"alt_text":"","src":"https:\/\/i0.wp.com\/vicencianos.org\/wp-content\/2011\/06\/Francis_de_Sales-238x300.jpg?resize=350%2C200","width":350,"height":200},"classes":[]},{"id":149455,"url":"https:\/\/vincentians.com\/es\/corrientes-espirituales-en-francia-del-siglo-xvii\/","url_meta":{"origin":50922,"position":1},"title":"Corrientes Espirituales en Francia del Siglo XVII","author":"Francisco Javier Fern\u00e1ndez Chento","date":"24\/05\/2015","format":false,"excerpt":"En la Francia del siglo XVII las corrientes espirituales reaccionan a las posturas filos\u00f3ficas y espirituales del Renacimiento, las cuales tienden a exaltar a la persona humana. Entre los principales expositores y que influyeron en el pensamiento de San Vicente de Pa\u00fal, se encuentra tres grandes maestros espirituales de la\u2026","rel":"","context":"En \u00abEn tiempos de Vicente de Pa\u00fal\u00bb","block_context":{"text":"En tiempos de Vicente de Pa\u00fal","link":"https:\/\/vincentians.com\/es\/category\/historia-de-la-familia-vicenciana\/en-tiempos-de-vicente-de-paul\/"},"img":{"alt_text":"Francisco_de_Zurbaran","src":"https:\/\/i0.wp.com\/vicencianos.org\/wp-content\/2015\/05\/Francisco_de_Zurbaran-300x242.jpg?resize=350%2C200","width":350,"height":200},"classes":[]},{"id":124799,"url":"https:\/\/vincentians.com\/es\/vida-espiritual-de-la-senorita-le-gras\/","url_meta":{"origin":50922,"position":2},"title":"Vida espiritual de la se\u00f1orita Le Gras","author":"Francisco Javier Fern\u00e1ndez Chento","date":"29\/05\/2015","format":false,"excerpt":"Vida de casada \u00bfC\u00f3mo era la vida espiritual de la se\u00f1orita Le Gras durante los a\u00f1os de matrimonio? En los Archivos de las Hijas de la Caridad, en Par\u00eds, se encuentra una nota muy mal es\u00adcrita, describiendo la vida que llev\u00f3 en estos a\u00f1os. El H\u00b0 Ducourneau, secretario de Vi\u00adcente\u2026","rel":"","context":"En \u00abLuisa de Marillac\u00bb","block_context":{"text":"Luisa de Marillac","link":"https:\/\/vincentians.com\/es\/category\/la-familia-vicenciana\/fundadores\/luisa-de-marillac\/"},"img":{"alt_text":"","src":"","width":0,"height":0},"classes":[]},{"id":142001,"url":"https:\/\/vincentians.com\/es\/santa-lusa-vida-espiritual\/","url_meta":{"origin":50922,"position":3},"title":"Santa Luisa (Vida espiritual)","author":"Francisco Javier Fern\u00e1ndez Chento","date":"07\/04\/2015","format":false,"excerpt":"Vida de casada \u00bfC\u00f3mo era la vida espiritual de la se\u00f1orita Le Gras durante los a\u00f1os de matrimonio? En los Archivos de las Hijas de la Caridad, en Par\u00eds, se encuentra una nota muy mal es\u00adcrita, describiendo la vida que llev\u00f3 en estos a\u00f1os. El H\u00b0 Ducourneau, secretario de Vi\u00adcente\u2026","rel":"","context":"En \u00abLuisa de Marillac\u00bb","block_context":{"text":"Luisa de Marillac","link":"https:\/\/vincentians.com\/es\/category\/la-familia-vicenciana\/fundadores\/luisa-de-marillac\/"},"img":{"alt_text":"cartel","src":"https:\/\/i0.wp.com\/vicencianos.org\/wp-content\/2015\/03\/cartel.jpg?resize=350%2C200","width":350,"height":200},"classes":[]},{"id":32792,"url":"https:\/\/vincentians.com\/es\/san-vicente-de-paul-y-la-corriente-renano-flamenca\/","url_meta":{"origin":50922,"position":4},"title":"San Vicente de Pa\u00fal y la corriente renano-flamenca","author":"Francisco Javier Fern\u00e1ndez Chento","date":"11\/04\/2020","format":false,"excerpt":"Les invito a detenernos en esta corriente \u00e9tico espiritual que sin duda influy\u00f3 en la moral y en la espiritualidad Vicente de Pa\u00fal. Esta corriente no fue s\u00f3lo de espiritualidad, sino que tambi\u00e9n es de \u00e9tica. Esto es as\u00ed, porque ella propone una particular manera hacer presente el proyecto cristiano\u2026","rel":"","context":"En \u00abVicente de Pa\u00fal\u00bb","block_context":{"text":"Vicente de Pa\u00fal","link":"https:\/\/vincentians.com\/es\/category\/la-familia-vicenciana\/fundadores\/vicente-de-paul\/"},"img":{"alt_text":"","src":"https:\/\/i0.wp.com\/vincentians.com\/es\/wp-content\/uploads\/sites\/11\/2017\/09\/San-Vicente-9.jpg?fit=900%2C500&ssl=1&resize=350%2C200","width":350,"height":200,"srcset":"https:\/\/i0.wp.com\/vincentians.com\/es\/wp-content\/uploads\/sites\/11\/2017\/09\/San-Vicente-9.jpg?fit=900%2C500&ssl=1&resize=350%2C200 1x, https:\/\/i0.wp.com\/vincentians.com\/es\/wp-content\/uploads\/sites\/11\/2017\/09\/San-Vicente-9.jpg?fit=900%2C500&ssl=1&resize=525%2C300 1.5x, https:\/\/i0.wp.com\/vincentians.com\/es\/wp-content\/uploads\/sites\/11\/2017\/09\/San-Vicente-9.jpg?fit=900%2C500&ssl=1&resize=700%2C400 2x"},"classes":[]},{"id":149456,"url":"https:\/\/vincentians.com\/es\/las-corrientes-espirituales-del-siglo-xvii-frances\/","url_meta":{"origin":50922,"position":5},"title":"Las corrientes espirituales del siglo XVII franc\u00e9s","author":"Francisco Javier Fern\u00e1ndez Chento","date":"24\/05\/2015","format":false,"excerpt":"I- El contexto espiritual general: de San Agust\u00edn a la Ilustraci\u00f3n Introducci\u00f3n Se trata de presentar el mundo espiritual en el que Juan Bautista De La Salle ha vivido, aclarar sus actitudes y sus opciones, con el fin de comprender mejor lo que nos dice, en particular lo que se\u2026","rel":"","context":"En \u00abEn tiempos de Vicente de Pa\u00fal\u00bb","block_context":{"text":"En tiempos de Vicente de Pa\u00fal","link":"https:\/\/vincentians.com\/es\/category\/historia-de-la-familia-vicenciana\/en-tiempos-de-vicente-de-paul\/"},"img":{"alt_text":"clero_siglo_xvii","src":"https:\/\/i0.wp.com\/vicencianos.org\/wp-content\/2012\/02\/clero_siglo_xvii-300x280.jpg?resize=350%2C200","width":350,"height":200},"classes":[]}],"_links":{"self":[{"href":"https:\/\/vincentians.com\/es\/wp-json\/wp\/v2\/posts\/50922","targetHints":{"allow":["GET"]}}],"collection":[{"href":"https:\/\/vincentians.com\/es\/wp-json\/wp\/v2\/posts"}],"about":[{"href":"https:\/\/vincentians.com\/es\/wp-json\/wp\/v2\/types\/post"}],"author":[{"embeddable":true,"href":"https:\/\/vincentians.com\/es\/wp-json\/wp\/v2\/users\/4"}],"replies":[{"embeddable":true,"href":"https:\/\/vincentians.com\/es\/wp-json\/wp\/v2\/comments?post=50922"}],"version-history":[{"count":1,"href":"https:\/\/vincentians.com\/es\/wp-json\/wp\/v2\/posts\/50922\/revisions"}],"predecessor-version":[{"id":402675,"href":"https:\/\/vincentians.com\/es\/wp-json\/wp\/v2\/posts\/50922\/revisions\/402675"}],"wp:featuredmedia":[{"embeddable":true,"href":"https:\/\/vincentians.com\/es\/wp-json\/wp\/v2\/media\/400152"}],"wp:attachment":[{"href":"https:\/\/vincentians.com\/es\/wp-json\/wp\/v2\/media?parent=50922"}],"wp:term":[{"taxonomy":"category","embeddable":true,"href":"https:\/\/vincentians.com\/es\/wp-json\/wp\/v2\/categories?post=50922"},{"taxonomy":"post_tag","embeddable":true,"href":"https:\/\/vincentians.com\/es\/wp-json\/wp\/v2\/tags?post=50922"}],"curies":[{"name":"wp","href":"https:\/\/api.w.org\/{rel}","templated":true}]}}