{"id":50676,"date":"2016-12-23T12:00:10","date_gmt":"2016-12-23T11:00:10","guid":{"rendered":"http:\/\/somos.vicencianos.org\/blog\/2011\/09\/san-vicente-de-paul-biografia-de-roman-03-proyectos-e-infortunios\/"},"modified":"2016-08-17T09:47:46","modified_gmt":"2016-08-17T07:47:46","slug":"san-vicente-paul-biografia-03-proyectos-e-infortunios","status":"publish","type":"post","link":"https:\/\/vincentians.com\/es\/san-vicente-paul-biografia-03-proyectos-e-infortunios\/","title":{"rendered":"San Vicente de Pa\u00fal, biograf\u00eda: 03 &#8211; Proyectos e infortunios"},"content":{"rendered":"<h2><strong>Segunda parte: <\/strong><strong>Los a\u00f1os de peregrinaci\u00f3n y aprendizaje <\/strong><strong>(1600-1617)<\/strong><\/h2>\n<h2 style=\"text-align: left;\"><strong>Cap\u00edtulo III: Proyectos e infortunios<\/strong><\/h2>\n<h3>El primer proyecto<\/h3>\n<p>Apenas hab\u00eda recibido el sacerdocio, cuando Vicente de Pa\u00fal parec\u00eda conseguir tambi\u00e9n lo que tanto hab\u00eda deseado: un oficio eclesi\u00e1stico remunerado. Era el primer proyecto concreto de los varios que elaborar\u00eda entre 1600 y 1617. Era joven y deb\u00eda planear su vida. Todav\u00eda no se le hab\u00eda ocurrido contar con Dios para saber a qu\u00e9 hab\u00eda sido llamado. Muy poco despu\u00e9s de su ordenaci\u00f3n, tal vez a\u00fan dentro del mismo a\u00f1o 1600, el vicario general de Dax le nombraba p\u00e1rroco de Tilh, una buena parroquia de la di\u00f3cesis. Es extra\u00f1o que el nombramiento fuera obra del vicario general y no del obispo. La sede, en contra de lo que cre\u00eda Abelly, no estaba vacante. Pero tambi\u00e9n las dimisorias para el diaconado y el sacerdocio le hab\u00edan sido otorgadas a Vicente por mandato del vicario en las mismas circunstancias<span id='easy-footnote-1-50676' class='easy-footnote-margin-adjust'><\/span><span class='easy-footnote'><a href='https:\/\/vincentians.com\/es\/san-vicente-paul-biografia-03-proyectos-e-infortunios\/#easy-footnote-bottom-1-50676' title='Abelly (&lt;em&gt;o.c.&lt;\/em&gt;, L.1 c.3 p. 11) dice, en efecto, que fueron los \u00abgrandes vicarios de Dax, sede vacante\u00bb quienes proveyeron a Vicente de la parroquia de Tilh. Coste (M.V., t.1 p. 40), que hab\u00eda detectado el error de Abelly sobre la situaci\u00f3n de la sede, se cree autorizado a interpretar que el nombramiento lo hizo el obispo. No es nada seguro. Las letras dimisorias est\u00e1n dadas por mandato del vicario general, a pesar de estar ocupada la sede (S.V.P. XIII p. 5 y 6). Ese dato fue seguramente el que indujo a error a Abelly, adem\u00e1s de la confusi\u00f3n con las dimisorias para el subdiaconado.'><sup>1<\/sup><\/a><\/span>. A favor de Vicente hab\u00eda jugado una influencia poderosa: la del se\u00f1or de Comet. Por recomendaci\u00f3n suya le hab\u00eda sido concedida la parroquia. \u00bfSe desarrollaba en la sombra una pugna secreta entre la autoridad antigua y la nueva, entre el vicario y el obispo? Lo cierto es que aquel primer nombramiento de Vicente iba a ser tambi\u00e9n su primer fracaso. En contra de su instalaci\u00f3n en Tilh se alzaron dos obst\u00e1culos: de una parte, el hecho de que el flamante p\u00e1rroco, que continuaba estudiando en Toulouse, no pod\u00eda observar la residencia, recientemente urgida a todos los p\u00e1rrocos por el obispo en el s\u00ednodo diocesano; de otra, el que le surgiera un competidor, un tal Sr. Saint-Soub\u00e9, que hab\u00eda obtenido la misma parroquia de la curia romana. Vicente, obligado, si quer\u00eda conservar la parroquia, a emprender un proceso en forma, hubo de renunciar a ella. Los primeros bi\u00f3grafos atribuyen esa renuncia a la repugnancia de Vicente a toda clase de pleitos por razones evang\u00e9licas. Es, sin duda, la proyecci\u00f3n sobre la edad juvenil de las actitudes y m\u00e1ximas de un Vicente mucho m\u00e1s maduro. La explicaci\u00f3n es, probablemente, mucho m\u00e1s prosaica. Ten\u00eda en contra su edad, el peso de la curia romana y, acaso, tambi\u00e9n a su propio obispo, quien no hab\u00eda intervenido ni en su ordenaci\u00f3n ni en su nombramiento. Tal vez entonces se le ocurri\u00f3 por primera vez la reflexi\u00f3n que har\u00eda por escrito a\u00f1os m\u00e1s tarde:<\/p>\n<p style=\"padding-left: 30px;\">\u00abSon desgraciados los que entran en el estado sacerdotal por la ventana de la propia elecci\u00f3n y no por la puerta de una vocaci\u00f3n leg\u00edtima\u00bb<span id='easy-footnote-2-50676' class='easy-footnote-margin-adjust'><\/span><span class='easy-footnote'><a href='https:\/\/vincentians.com\/es\/san-vicente-paul-biografia-03-proyectos-e-infortunios\/#easy-footnote-bottom-2-50676' title='S.V.P. VII p. 463: ES p. 396.'><sup>2<\/sup><\/a><\/span>.<\/p>\n<p>A expensas propias le hab\u00eda tocado vivir un peque\u00f1o episodio de la lucha que por entonces agitaba a la Iglesia de Francia en torno a la implantaci\u00f3n de la reforma tridentina. No lo olvidar\u00eda nunca<span id='easy-footnote-3-50676' class='easy-footnote-margin-adjust'><\/span><span class='easy-footnote'><a href='https:\/\/vincentians.com\/es\/san-vicente-paul-biografia-03-proyectos-e-infortunios\/#easy-footnote-bottom-3-50676' title='Cf. E. Diebold, &lt;em&gt;Saint Vincent de Paul. Sa nomination \u00e0 la cure de Tilh (Dioc\u00e8se de Dax) en 1600&lt;\/em&gt;: Annales (1959) p. 389-397.'><sup>3<\/sup><\/a><\/span>.<\/p>\n<h3>\u00abMe enternec\u00ed hasta las l\u00e1grimas\u00bb en Roma<\/h3>\n<p>Es posible, sin embargo, que Vicente decidiera estudiar sobre el terreno las posibilidades de conseguir la parroquia. El terreno era Roma. All\u00e1 se traslad\u00f3 Vicente en el curso del a\u00f1o 1601.<\/p>\n<p>Nada sab\u00edan los antiguos bi\u00f3grafos de esta primera estancia de Vicente &#8211; la segunda pronto nos saldr\u00e1 al paso &#8211; en la Ciudad Eterna. Nosotros la conocemos porque varias veces el propio Vicente dice que \u00abhab\u00eda tenido el honor de ver\u00bb al papa Clemente VIII<span id='easy-footnote-4-50676' class='easy-footnote-margin-adjust'><\/span><span class='easy-footnote'><a href='https:\/\/vincentians.com\/es\/san-vicente-paul-biografia-03-proyectos-e-infortunios\/#easy-footnote-bottom-4-50676' title='S.V.P. IX p. 316-317 468; X p. 365 593; XII p. 347: ES IX p. 294 426 987 1123; XI p. 623.'><sup>4<\/sup><\/a><\/span>. Ahora bien: Clemente VIII muri\u00f3 en 1605. A precisar m\u00e1s la fecha nos ayuda otra referencia de Vicente. Escribiendo el 20 de julio de 1631 a uno de sus primeros compa\u00f1eros destacado por entonces en Roma, le dice que \u00e9l mismo hab\u00eda estado all\u00ed \u00abhace treinta a\u00f1os\u00bb<span id='easy-footnote-5-50676' class='easy-footnote-margin-adjust'><\/span><span class='easy-footnote'><a href='https:\/\/vincentians.com\/es\/san-vicente-paul-biografia-03-proyectos-e-infortunios\/#easy-footnote-bottom-5-50676' title='S.V.P. 1 p. 114: ES p. 176. Nos parece, en cambio, carente de fundamento la hip\u00f3tesis de que Vicente fuera a Roma para ganar el jubileo del a\u00f1o 1600. Lo m\u00e1s probable es que el viaje se realizara en 1601.'><sup>5<\/sup><\/a><\/span>. Hubo de ser, por tanto, en 1601. Sobre los motivos del viaje carecemos por completo de informaci\u00f3n. \u00bfFue, acaso, para obtener la dispensa de su ordenaci\u00f3n irregular? La conjetura m\u00e1s veros\u00edmil es, como ya insinuamos, que emprendiera el viaje con la esperanza de obtener el disputado curato de Tilh. Pronto se convenci\u00f3 de que no ten\u00eda ninguna posibilidad frente a su competidor.<\/p>\n<p>En cambio, conocemos bastante bien las disposiciones interiores de Vicente durante su estancia en la ciudad cabeza de la cristiandad. Tal conocimiento es preciso para reconstruir su itinerario espiritual. La carta que acabamos de citar descorre por un instante el velo con que Vicente ocult\u00f3 siempre celosamente su mundo interior:<\/p>\n<p style=\"padding-left: 30px;\">\u00abPor fin ha llegado usted a Roma, donde est\u00e1 la cabeza visible de la Iglesia militante, donde est\u00e1n los cuerpos de San Pedro y San Pablo y de otros muchos m\u00e1rtires que en otro tiempo dieron su sangre y emplearon su vida por Jesucristo. \u00a1Cu\u00e1n feliz es, se\u00f1or, por poder caminar sobre la tierra por la que caminaron tantos grandes y santos personajes! Esta consideraci\u00f3n me conmovi\u00f3 tanto cuando estuve en Roma hace treinta a\u00f1os, que, aunque estaba cargado de pecados, no dej\u00e9 de enternecerme incluso con l\u00e1grimas, seg\u00fan me parece\u00bb<span id='easy-footnote-6-50676' class='easy-footnote-margin-adjust'><\/span><span class='easy-footnote'><a href='https:\/\/vincentians.com\/es\/san-vicente-paul-biografia-03-proyectos-e-infortunios\/#easy-footnote-bottom-6-50676' title='S.V.P. 1 p. 114: ES p. 176.'><sup>6<\/sup><\/a><\/span>.<\/p>\n<p>En la Roma de 1601 se despert\u00f3, pues, su devoci\u00f3n al romano pont\u00edfice, personificado entonces en Clemente VIII, papa a quien Vicente tuvo siempre por santo, de quien supo que lloraba al subir la Scala Sancta \u2014\u00bfser\u00eda entonces cuando estall\u00f3 tambi\u00e9n el llanto de Vicente?\u2014, cuyas m\u00e1ximas gustaba de citar y cuya conducta en el espinoso asunto de la absoluci\u00f3n de Enrique IV ponderaba ante los misioneros como modelo de conducta frente a las ilusiones diab\u00f3licas<span id='easy-footnote-7-50676' class='easy-footnote-margin-adjust'><\/span><span class='easy-footnote'><a href='https:\/\/vincentians.com\/es\/san-vicente-paul-biografia-03-proyectos-e-infortunios\/#easy-footnote-bottom-7-50676' title='V\u00e9anse los textos citados en la nota 4 de este cap\u00edtulo.'><sup>7<\/sup><\/a><\/span>. Todos los indicios apuntan en el sentido de que Vicente tuvo en este viaje a Roma su primer encuentro con el misterioso mundo de la santidad; acaso, una primera llamada. Hab\u00edan de pasar bastantes a\u00f1os antes de que Vicente respondiera a ella con la entrega absoluta de su coraz\u00f3n y su persona. Entre tanto era necesario situarse: acabar los estudios, encontrar un nuevo beneficio que compensara la p\u00e9rdida de la parroquia de Tilh, extraer del sacerdocio reci\u00e9n estrenado las ventajas que leg\u00edtimamente ten\u00eda derecho a esperar de \u00e9l. Aunque piadoso, aunque conmovido hasta las l\u00e1grimas, Vicente no era todav\u00eda un santo. Era un joven que se hab\u00eda propuesto hacer carrera. Nadie podr\u00eda ver en ello una actitud reprobable. Eran aspiraciones leg\u00edtimas, muy puestas en raz\u00f3n, para su \u00e9poca&#8230; y para la nuestra. S\u00f3lo que no eran las aspiraciones de un santo.<\/p>\n<h3>Un proyecto \u00abcuya temeridad no me permite nombrar\u00bb<\/h3>\n<p>De regreso en Toulouse, Vicente reanuda su vida anterior al viaje a Roma y a su ordenaci\u00f3n sacerdotal: ense\u00f1a y estudia. De momento, el pensionado le proporciona los recursos que necesita; para el futuro, el estudio le abrir\u00e1 puertas ahora cerradas. Vicente no sinti\u00f3 nunca una vocaci\u00f3n de intelectual puro. Vio en el estudio un medio, no un fin. En 1604, a los veinticuatro a\u00f1os, decide dar por terminada su carrera universitaria. La corona con un triple certificado: el que le acredita siete a\u00f1os de estudios, el de bachiller en teolog\u00eda y el que le autoriza a explicar el segundo libro de las Sentencias de Pedro Lombardo<span id='easy-footnote-8-50676' class='easy-footnote-margin-adjust'><\/span><span class='easy-footnote'><a href='https:\/\/vincentians.com\/es\/san-vicente-paul-biografia-03-proyectos-e-infortunios\/#easy-footnote-bottom-8-50676' title='Abelly, o.c., L.1 c.3 p. 12; Collet, &lt;em&gt;o.c.&lt;\/em&gt; t.1 p. 11.'><sup>8<\/sup><\/a><\/span>. Por fin puede proponerse en serio metas importantes. Cuenta ahora con protectores m\u00e1s poderosos todav\u00eda que Comet: nada menos que el duque de Epernon, quien desde su magn\u00edfico castillo de Cadillac, vecino a Burdeos, ejerc\u00eda sobre la Gascu\u00f1a una autoridad no oficial, pero muy efectiva. Vicente vuelve a so\u00f1ar, y sus sue\u00f1os son cada vez m\u00e1s ambiciosos. No se trata ahora de una parroquia rural, por muy importante que fuese. Vicente aspira a un obispado. Ese parece haber sido el asunto \u00abcuya temeridad no le permite nombrar\u00bb en una carta que examinaremos enseguida con detalle<span id='easy-footnote-9-50676' class='easy-footnote-margin-adjust'><\/span><span class='easy-footnote'><a href='https:\/\/vincentians.com\/es\/san-vicente-paul-biografia-03-proyectos-e-infortunios\/#easy-footnote-bottom-9-50676' title='S.V.P. 1 p. 3: ES p. 76. Cf. Abelly, &lt;em&gt;o.c.&lt;\/em&gt;, L.1 c.4 p. 14; Collet (&lt;em&gt;o.c.&lt;\/em&gt;, t.1 p. 15) considera conjetura el asunto del obispado. Coste (M.V., t.1 p. 37 43) pone en duda el patrocinio del duque de Epernon.'><sup>9<\/sup><\/a><\/span>. Este segundo proyecto suyo se desvanecer\u00e1 con mayor estr\u00e9pito que el primero a impulsos de un violento torbellino de imprevistos sucesos. Se dir\u00eda que una mano invisible se complac\u00eda en demostrarle la inconsistencia de los proyectos puramente humanos.<\/p>\n<h3>\u00abEsa miserable carta\u00bb<\/h3>\n<p>Aqu\u00ed es forzoso abrir un par\u00e9ntesis. Todo lo que sabemos de la vida de Vicente en los tres a\u00f1os que siguen: 1605, 1606 y 1607, lo debemos a dos cartas suyas escritas el 24 de julio de 1607 y el 28 de febrero de 1608, una desde Avi\u00f1\u00f3n y otra desde Roma. El encuentro con esos primeros textos claramente autobiogr\u00e1ficos deber\u00eda hacernos pisar tierra firme en una vida reconstruida en sus primeros tramos gracias a tantos c\u00e1lculos y a tantas conjeturas. Ocurre exactamente lo contrario: desde hace aproximadamente medio siglo, en torno a esas cartas se libra una violenta batalla a la que no podemos sustraernos.<\/p>\n<p>Nunca se ha puesto en duda la autenticidad de las cartas: se conservan los originales, de pu\u00f1o y letra de Vicente, y los eruditos han reconstruido pacientemente la historia de su conservaci\u00f3n. Ambas est\u00e1n dirigidas al se\u00f1or de Comet, hermano del antiguo protector de Vicente y continuador suyo en el mecenazgo del joven sacerdote. Del archivo de Comet pasaron al de su yerno, Luis de Saint Martin, se\u00f1or d&#8217;Ag\u00e8s y abogado en la corte presidial de Dax, casado con Catalina de Comet y hermano del can\u00f3nigo Juan de Saint Martin, a quien ya conocemos. Las hered\u00f3 luego el hijo de Luis y Catalina, C\u00e9sar de Saint Martin d&#8217;Ag\u00e8s<span id='easy-footnote-10-50676' class='easy-footnote-margin-adjust'><\/span><span class='easy-footnote'><a href='https:\/\/vincentians.com\/es\/san-vicente-paul-biografia-03-proyectos-e-infortunios\/#easy-footnote-bottom-10-50676' title='Coste da err\u00f3neamente el mismo nombre de Juan a los dos hermanos Saint Martin, el can\u00f3nigo y el seglar (S.V.P. XIII p. 539 y 540). El testamento de San Vicente de 1630 llama al segundo Luis, y a su hijo, a quien Coste llama simplemente Saint Martin d&amp;#8217;Ag\u00e8s, C\u00e9sar (&lt;em&gt;Annales&lt;\/em&gt; [1936] p. 706).'><sup>10<\/sup><\/a><\/span>. A \u00e9ste se le ocurri\u00f3 un d\u00eda curiosear los viejos papeles de su abuelo Comet y las descubri\u00f3. Esto suced\u00eda en 1658, cuando Vicente de Pa\u00fal era ya un personaje de renombre nacional y fama de santo. El joven Saint Martin tuvo un estremecimiento de emoci\u00f3n: all\u00ed estaba la juventud del gran hombre contada por \u00e9l mismo. \u00a1C\u00f3mo se alegrar\u00eda \u00e9ste de volver a ver los viejos papeles que relataban la aventura m\u00e1s excitante de su larga vida! Sin perder tiempo, se lo comunic\u00f3 a su t\u00edo el can\u00f3nigo. El buen can\u00f3nigo se apresur\u00f3 a escribir, a su vez, al Sr. Vicente d\u00e1ndole cuenta del inesperado hallazgo. Pero la reacci\u00f3n de Vicente fue muy distinta de la esperada: contest\u00f3 enseguida pidi\u00e9ndole los originales con intenci\u00f3n clara de destruirlos.<\/p>\n<p>En ese momento entraron en acci\u00f3n otros personajes. El secretario del Santo puso el asunto en conocimiento de los asistentes del superior general de la Misi\u00f3n. Hubo consejo de guerra: era preciso a toda costa salvar aquellas cartas del inminente peligro de destrucci\u00f3n, y para ello evitar que llegaran a manos de su autor. Dieron instrucciones al secretario para que expusiera la situaci\u00f3n al can\u00f3nigo Saint Martin y le pidieron que remitiese las cartas no al Sr. Vicente, sino a una persona de confianza, el P. Watebled, superior entonces de la primitiva casa de la Misi\u00f3n, fuera del alcance de Vicente. El can\u00f3nigo hizo lo que se le ped\u00eda.<\/p>\n<p>El pobre anciano, entre tanto, se cansaba de esperar. Ve\u00eda aproxim\u00e1rsele la muerte, y aquellas cartas segu\u00edan en manos extra\u00f1as, expuestas a sabe Dios qu\u00e9 peregrinas interpretaciones. Escribi\u00f3 de nuevo &#8211; era el 18 de marzo de 1660 &#8211; al can\u00f3nigo Saint Martin:<\/p>\n<p style=\"padding-left: 30px;\">\u00abPor todas las gracias que Dios le ha querido conceder, le conjuro que haga el favor de enviarme esa miserable carta que hace menci\u00f3n de Turqu\u00eda; hablo de la que el Sr. d&#8217;Ag\u00e8s ha encontrado entre los papeles de su padre. Le ruego expresamente, por las entra\u00f1as de Jesucristo nuestro Se\u00f1or, que me haga cuanto antes el favor que le pido\u00bb<span id='easy-footnote-11-50676' class='easy-footnote-margin-adjust'><\/span><span class='easy-footnote'><a href='https:\/\/vincentians.com\/es\/san-vicente-paul-biografia-03-proyectos-e-infortunios\/#easy-footnote-bottom-11-50676' title='S.V.P. VIII p. 271: ES p. 260. Coste subraya que Collet se equivoc\u00f3 al pensar que fue despu\u00e9s de esta carta cuando Saint Martin envi\u00f3 las de la cautividad al P. Watebled en Bons Enfants. Se equivoca, en efecto, pero s\u00f3lo en cuanto a la fecha de env\u00edo, que fue en 1658, no en cuanto al destinatario.'><sup>11<\/sup><\/a><\/span>.<\/p>\n<p>Conmovedores acentos que no pod\u00edan ya conmover al can\u00f3nigo Saint Martin: las cartas tan ardientemente reclamadas estaban a buen recaudo desde dos a\u00f1os antes en manos del Sr. Almer\u00e1s, primer asistente y luego sucesor del Santo. Vicente morir\u00eda seis meses m\u00e1s tarde sin haber podido echar mano a sus papeles de juventud. Gracias a la piadosa maquinaci\u00f3n del secretario, los asistentes y el can\u00f3nigo se hab\u00edan salvado para la posteridad<span id='easy-footnote-12-50676' class='easy-footnote-margin-adjust'><\/span><span class='easy-footnote'><a href='https:\/\/vincentians.com\/es\/san-vicente-paul-biografia-03-proyectos-e-infortunios\/#easy-footnote-bottom-12-50676' title='La historia de las cartas de la cautividad ha sido contada repetidas veces. V\u00e9anse en particular los relatos de Abelly (&lt;em&gt;o.c.&lt;\/em&gt;, L.1 c.4 p. 17-18) y Collet (&lt;em&gt;o.c.&lt;\/em&gt;, t.1 p. 22-23). La fundamentaci\u00f3n documental se encuentra en S.V.P. I p. 1-2; VIII p. 271 513-515: ES I p. 75-76; VIII p. 260 537-539'><sup>12<\/sup><\/a><\/span>.<\/p>\n","protected":false},"excerpt":{"rendered":"<p>Segunda parte: Los a\u00f1os de peregrinaci\u00f3n y aprendizaje (1600-1617) Cap\u00edtulo III: Proyectos e infortunios El primer proyecto Apenas hab\u00eda recibido el sacerdocio, cuando Vicente de Pa\u00fal parec\u00eda conseguir tambi\u00e9n lo que tanto hab\u00eda deseado: un &#8230; <a href=\"https:\/\/vincentians.com\/es\/san-vicente-paul-biografia-03-proyectos-e-infortunios\/\" class=\"more-link\">Read More<\/a><\/p>\n","protected":false},"author":4,"featured_media":149545,"comment_status":"open","ping_status":"open","sticky":false,"template":"","format":"standard","meta":{"jetpack_post_was_ever_published":false,"_jetpack_newsletter_access":"","_jetpack_dont_email_post_to_subs":false,"_jetpack_newsletter_tier_id":0,"_jetpack_memberships_contains_paywalled_content":false,"_jetpack_memberships_contains_paid_content":false,"footnotes":"","jetpack_publicize_message":"","jetpack_publicize_feature_enabled":true,"jetpack_social_post_already_shared":true,"jetpack_social_options":{"image_generator_settings":{"template":"highway","default_image_id":0,"font":"","enabled":false},"version":2}},"categories":[5],"tags":[218,230,267,115],"class_list":["post-50676","post","type-post","status-publish","format-standard","has-post-thumbnail","hentry","category-vicente-de-paul","tag-abelly","tag-almeras","tag-saint-martin","tag-senor-de-comet"],"yoast_head":"<!-- This site is optimized with the Yoast SEO plugin v26.3 - https:\/\/yoast.com\/wordpress\/plugins\/seo\/ -->\n<title>San Vicente de Pa\u00fal, biograf\u00eda: 03 - Proyectos e infortunios - Somos Vicencianos<\/title>\n<meta name=\"robots\" content=\"index, follow, max-snippet:-1, max-image-preview:large, max-video-preview:-1\" \/>\n<link rel=\"canonical\" href=\"https:\/\/vincentians.com\/es\/san-vicente-paul-biografia-03-proyectos-e-infortunios\/\" \/>\n<meta property=\"og:locale\" content=\"es_ES\" \/>\n<meta property=\"og:type\" content=\"article\" \/>\n<meta property=\"og:title\" content=\"San Vicente de Pa\u00fal, biograf\u00eda: 03 - Proyectos e infortunios - Somos Vicencianos\" \/>\n<meta property=\"og:description\" content=\"Segunda parte: Los a\u00f1os de peregrinaci\u00f3n y aprendizaje (1600-1617) Cap\u00edtulo III: Proyectos e infortunios El primer proyecto Apenas hab\u00eda recibido el sacerdocio, cuando Vicente de Pa\u00fal parec\u00eda conseguir tambi\u00e9n lo que tanto hab\u00eda deseado: un ... Read More\" \/>\n<meta property=\"og:url\" content=\"https:\/\/vincentians.com\/es\/san-vicente-paul-biografia-03-proyectos-e-infortunios\/\" \/>\n<meta property=\"og:site_name\" content=\"Somos Vicencianos\" \/>\n<meta property=\"article:publisher\" content=\"https:\/\/www.facebook.com\/WeAreVincentians\/\" \/>\n<meta property=\"article:author\" content=\"https:\/\/www.facebook.com\/JavierChento\" \/>\n<meta property=\"article:published_time\" content=\"2016-12-23T11:00:10+00:00\" \/>\n<meta property=\"og:image\" content=\"https:\/\/i0.wp.com\/vincentians.com\/es\/wp-content\/uploads\/sites\/11\/2016\/07\/Saint-Vincent-de-Paul-a-biography.jpg?fit=1200%2C630&ssl=1\" \/>\n\t<meta property=\"og:image:width\" content=\"1200\" \/>\n\t<meta property=\"og:image:height\" content=\"630\" \/>\n\t<meta property=\"og:image:type\" content=\"image\/jpeg\" \/>\n<meta name=\"author\" content=\"Francisco Javier Fern\u00e1ndez Chento\" \/>\n<meta name=\"twitter:card\" content=\"summary_large_image\" \/>\n<meta name=\"twitter:creator\" content=\"@https:\/\/twitter.com\/javierchento\" \/>\n<meta name=\"twitter:site\" content=\"@WeVincentians\" \/>\n<meta name=\"twitter:label1\" content=\"Escrito por\" \/>\n\t<meta name=\"twitter:data1\" content=\"Francisco Javier Fern\u00e1ndez Chento\" \/>\n\t<meta name=\"twitter:label2\" content=\"Tiempo de lectura\" \/>\n\t<meta name=\"twitter:data2\" content=\"12 minutos\" \/>\n<script type=\"application\/ld+json\" class=\"yoast-schema-graph\">{\"@context\":\"https:\/\/schema.org\",\"@graph\":[{\"@type\":\"Article\",\"@id\":\"https:\/\/vincentians.com\/es\/san-vicente-paul-biografia-03-proyectos-e-infortunios\/#article\",\"isPartOf\":{\"@id\":\"https:\/\/vincentians.com\/es\/san-vicente-paul-biografia-03-proyectos-e-infortunios\/\"},\"author\":{\"name\":\"Francisco Javier Fern\u00e1ndez Chento\",\"@id\":\"https:\/\/vincentians.com\/es\/#\/schema\/person\/9623ef4d9aa3b2dfb8c061f1499288f2\"},\"headline\":\"San Vicente de Pa\u00fal, biograf\u00eda: 03 &#8211; Proyectos e infortunios\",\"datePublished\":\"2016-12-23T11:00:10+00:00\",\"mainEntityOfPage\":{\"@id\":\"https:\/\/vincentians.com\/es\/san-vicente-paul-biografia-03-proyectos-e-infortunios\/\"},\"wordCount\":2499,\"commentCount\":0,\"publisher\":{\"@id\":\"https:\/\/vincentians.com\/es\/#organization\"},\"image\":{\"@id\":\"https:\/\/vincentians.com\/es\/san-vicente-paul-biografia-03-proyectos-e-infortunios\/#primaryimage\"},\"thumbnailUrl\":\"https:\/\/i0.wp.com\/vincentians.com\/es\/wp-content\/uploads\/sites\/11\/2016\/07\/Saint-Vincent-de-Paul-a-biography.jpg?fit=1200%2C630&ssl=1\",\"keywords\":[\"Abelly\",\"Almer\u00e1s\",\"Saint Martin\",\"Se\u00f1or de Comet\"],\"articleSection\":[\"Vicente de Pa\u00fal\"],\"inLanguage\":\"es\",\"potentialAction\":[{\"@type\":\"CommentAction\",\"name\":\"Comment\",\"target\":[\"https:\/\/vincentians.com\/es\/san-vicente-paul-biografia-03-proyectos-e-infortunios\/#respond\"]}]},{\"@type\":\"WebPage\",\"@id\":\"https:\/\/vincentians.com\/es\/san-vicente-paul-biografia-03-proyectos-e-infortunios\/\",\"url\":\"https:\/\/vincentians.com\/es\/san-vicente-paul-biografia-03-proyectos-e-infortunios\/\",\"name\":\"San Vicente de Pa\u00fal, biograf\u00eda: 03 - Proyectos e infortunios - Somos Vicencianos\",\"isPartOf\":{\"@id\":\"https:\/\/vincentians.com\/es\/#website\"},\"primaryImageOfPage\":{\"@id\":\"https:\/\/vincentians.com\/es\/san-vicente-paul-biografia-03-proyectos-e-infortunios\/#primaryimage\"},\"image\":{\"@id\":\"https:\/\/vincentians.com\/es\/san-vicente-paul-biografia-03-proyectos-e-infortunios\/#primaryimage\"},\"thumbnailUrl\":\"https:\/\/i0.wp.com\/vincentians.com\/es\/wp-content\/uploads\/sites\/11\/2016\/07\/Saint-Vincent-de-Paul-a-biography.jpg?fit=1200%2C630&ssl=1\",\"datePublished\":\"2016-12-23T11:00:10+00:00\",\"breadcrumb\":{\"@id\":\"https:\/\/vincentians.com\/es\/san-vicente-paul-biografia-03-proyectos-e-infortunios\/#breadcrumb\"},\"inLanguage\":\"es\",\"potentialAction\":[{\"@type\":\"ReadAction\",\"target\":[\"https:\/\/vincentians.com\/es\/san-vicente-paul-biografia-03-proyectos-e-infortunios\/\"]}]},{\"@type\":\"ImageObject\",\"inLanguage\":\"es\",\"@id\":\"https:\/\/vincentians.com\/es\/san-vicente-paul-biografia-03-proyectos-e-infortunios\/#primaryimage\",\"url\":\"https:\/\/i0.wp.com\/vincentians.com\/es\/wp-content\/uploads\/sites\/11\/2016\/07\/Saint-Vincent-de-Paul-a-biography.jpg?fit=1200%2C630&ssl=1\",\"contentUrl\":\"https:\/\/i0.wp.com\/vincentians.com\/es\/wp-content\/uploads\/sites\/11\/2016\/07\/Saint-Vincent-de-Paul-a-biography.jpg?fit=1200%2C630&ssl=1\",\"width\":1200,\"height\":630},{\"@type\":\"BreadcrumbList\",\"@id\":\"https:\/\/vincentians.com\/es\/san-vicente-paul-biografia-03-proyectos-e-infortunios\/#breadcrumb\",\"itemListElement\":[{\"@type\":\"ListItem\",\"position\":1,\"name\":\"Portada\",\"item\":\"https:\/\/vincentians.com\/es\/\"},{\"@type\":\"ListItem\",\"position\":2,\"name\":\"San Vicente de Pa\u00fal, biograf\u00eda: 03 &#8211; Proyectos e infortunios\"}]},{\"@type\":\"WebSite\",\"@id\":\"https:\/\/vincentians.com\/es\/#website\",\"url\":\"https:\/\/vincentians.com\/es\/\",\"name\":\"Somos Vicencianos\",\"description\":\"Know more to serve more\",\"publisher\":{\"@id\":\"https:\/\/vincentians.com\/es\/#organization\"},\"potentialAction\":[{\"@type\":\"SearchAction\",\"target\":{\"@type\":\"EntryPoint\",\"urlTemplate\":\"https:\/\/vincentians.com\/es\/?s={search_term_string}\"},\"query-input\":{\"@type\":\"PropertyValueSpecification\",\"valueRequired\":true,\"valueName\":\"search_term_string\"}}],\"inLanguage\":\"es\"},{\"@type\":\"Organization\",\"@id\":\"https:\/\/vincentians.com\/es\/#organization\",\"name\":\"The Vincentian Network\",\"url\":\"https:\/\/vincentians.com\/es\/\",\"logo\":{\"@type\":\"ImageObject\",\"inLanguage\":\"es\",\"@id\":\"https:\/\/vincentians.com\/es\/#\/schema\/logo\/image\/\",\"url\":\"https:\/\/i1.wp.com\/vincentians.com\/es\/wp-content\/uploads\/sites\/11\/2016\/06\/Vincentian-Network-logo-big.png?fit=778%2C778\",\"contentUrl\":\"https:\/\/i1.wp.com\/vincentians.com\/es\/wp-content\/uploads\/sites\/11\/2016\/06\/Vincentian-Network-logo-big.png?fit=778%2C778\",\"width\":778,\"height\":778,\"caption\":\"The Vincentian Network\"},\"image\":{\"@id\":\"https:\/\/vincentians.com\/es\/#\/schema\/logo\/image\/\"},\"sameAs\":[\"https:\/\/www.facebook.com\/WeAreVincentians\/\",\"https:\/\/x.com\/WeVincentians\"]},{\"@type\":\"Person\",\"@id\":\"https:\/\/vincentians.com\/es\/#\/schema\/person\/9623ef4d9aa3b2dfb8c061f1499288f2\",\"name\":\"Francisco Javier Fern\u00e1ndez Chento\",\"image\":{\"@type\":\"ImageObject\",\"inLanguage\":\"es\",\"@id\":\"https:\/\/vincentians.com\/es\/#\/schema\/person\/image\/\",\"url\":\"https:\/\/secure.gravatar.com\/avatar\/497d5cde87b4c3d097d0315953521681ba2cd523ee66e5077c3711f7021e65de?s=96&d=mm&r=g\",\"contentUrl\":\"https:\/\/secure.gravatar.com\/avatar\/497d5cde87b4c3d097d0315953521681ba2cd523ee66e5077c3711f7021e65de?s=96&d=mm&r=g\",\"caption\":\"Francisco Javier Fern\u00e1ndez Chento\"},\"description\":\"Director General y cofundador de La Red de Formaci\u00f3n Vicenciana. Javier es laico vicenciano, afiliado a la Congregaci\u00f3n de la Misi\u00f3n y miembro del Equipo de Misiones Populares de la provincia can\u00f3nica de Zaragoza (Espa\u00f1a) de la Congregaci\u00f3n de la Misi\u00f3n. Graduado en la Universidad Oberta de Catalunya con cuatro grados (Asistente de direcci\u00f3n, Gesti\u00f3n Administrativa, Recursos Humanos y Contabilidad Avanzada). Bil\u00edng\u00fce Espa\u00f1ol\/Ingl\u00e9s. gestiona y mantiene varias p\u00e1ginas web cristianas y vicencianas, incluida including La Red de Formaci\u00f3n Vicenciana, de la que es cofundador. Actualmente es responsable del \u00e1rea de Espa\u00f1ol de .famvin, la Red de Noticias de la Familia Vicenciana. Tambi\u00e9n es m\u00fasico cat\u00f3lico y ha editado varios discos. Es Director General y cofundador de Trovador, una reconocida compa\u00f1\u00eda discogr\u00e1fica critiana de Espa\u00f1a. Trabaja en las Tecnolog\u00edas de la Informaci\u00f3n, ofreciendo servicios de alojamiento, dise\u00f1o y mantenimiento Web, as\u00ed como asesoramiento, formaci\u00f3n y soluciones inform\u00e1ticas, gesti\u00f3n documental y digitalizaci\u00f3n de textos, edici\u00f3n y maquetaci\u00f3n de libros, revistas, flyers, etc.\",\"sameAs\":[\"http:\/\/chento.org\",\"https:\/\/www.facebook.com\/JavierChento\",\"https:\/\/x.com\/https:\/\/twitter.com\/javierchento\"],\"url\":\"https:\/\/vincentians.com\/es\/author\/chento\/\"}]}<\/script>\n<!-- \/ Yoast SEO plugin. -->","yoast_head_json":{"title":"San Vicente de Pa\u00fal, biograf\u00eda: 03 - Proyectos e infortunios - Somos Vicencianos","robots":{"index":"index","follow":"follow","max-snippet":"max-snippet:-1","max-image-preview":"max-image-preview:large","max-video-preview":"max-video-preview:-1"},"canonical":"https:\/\/vincentians.com\/es\/san-vicente-paul-biografia-03-proyectos-e-infortunios\/","og_locale":"es_ES","og_type":"article","og_title":"San Vicente de Pa\u00fal, biograf\u00eda: 03 - Proyectos e infortunios - Somos Vicencianos","og_description":"Segunda parte: Los a\u00f1os de peregrinaci\u00f3n y aprendizaje (1600-1617) Cap\u00edtulo III: Proyectos e infortunios El primer proyecto Apenas hab\u00eda recibido el sacerdocio, cuando Vicente de Pa\u00fal parec\u00eda conseguir tambi\u00e9n lo que tanto hab\u00eda deseado: un ... Read More","og_url":"https:\/\/vincentians.com\/es\/san-vicente-paul-biografia-03-proyectos-e-infortunios\/","og_site_name":"Somos Vicencianos","article_publisher":"https:\/\/www.facebook.com\/WeAreVincentians\/","article_author":"https:\/\/www.facebook.com\/JavierChento","article_published_time":"2016-12-23T11:00:10+00:00","og_image":[{"width":1200,"height":630,"url":"https:\/\/i0.wp.com\/vincentians.com\/es\/wp-content\/uploads\/sites\/11\/2016\/07\/Saint-Vincent-de-Paul-a-biography.jpg?fit=1200%2C630&ssl=1","type":"image\/jpeg"}],"author":"Francisco Javier Fern\u00e1ndez Chento","twitter_card":"summary_large_image","twitter_creator":"@https:\/\/twitter.com\/javierchento","twitter_site":"@WeVincentians","twitter_misc":{"Escrito por":"Francisco Javier Fern\u00e1ndez Chento","Tiempo de lectura":"12 minutos"},"schema":{"@context":"https:\/\/schema.org","@graph":[{"@type":"Article","@id":"https:\/\/vincentians.com\/es\/san-vicente-paul-biografia-03-proyectos-e-infortunios\/#article","isPartOf":{"@id":"https:\/\/vincentians.com\/es\/san-vicente-paul-biografia-03-proyectos-e-infortunios\/"},"author":{"name":"Francisco Javier Fern\u00e1ndez Chento","@id":"https:\/\/vincentians.com\/es\/#\/schema\/person\/9623ef4d9aa3b2dfb8c061f1499288f2"},"headline":"San Vicente de Pa\u00fal, biograf\u00eda: 03 &#8211; Proyectos e infortunios","datePublished":"2016-12-23T11:00:10+00:00","mainEntityOfPage":{"@id":"https:\/\/vincentians.com\/es\/san-vicente-paul-biografia-03-proyectos-e-infortunios\/"},"wordCount":2499,"commentCount":0,"publisher":{"@id":"https:\/\/vincentians.com\/es\/#organization"},"image":{"@id":"https:\/\/vincentians.com\/es\/san-vicente-paul-biografia-03-proyectos-e-infortunios\/#primaryimage"},"thumbnailUrl":"https:\/\/i0.wp.com\/vincentians.com\/es\/wp-content\/uploads\/sites\/11\/2016\/07\/Saint-Vincent-de-Paul-a-biography.jpg?fit=1200%2C630&ssl=1","keywords":["Abelly","Almer\u00e1s","Saint Martin","Se\u00f1or de Comet"],"articleSection":["Vicente de Pa\u00fal"],"inLanguage":"es","potentialAction":[{"@type":"CommentAction","name":"Comment","target":["https:\/\/vincentians.com\/es\/san-vicente-paul-biografia-03-proyectos-e-infortunios\/#respond"]}]},{"@type":"WebPage","@id":"https:\/\/vincentians.com\/es\/san-vicente-paul-biografia-03-proyectos-e-infortunios\/","url":"https:\/\/vincentians.com\/es\/san-vicente-paul-biografia-03-proyectos-e-infortunios\/","name":"San Vicente de Pa\u00fal, biograf\u00eda: 03 - Proyectos e infortunios - Somos Vicencianos","isPartOf":{"@id":"https:\/\/vincentians.com\/es\/#website"},"primaryImageOfPage":{"@id":"https:\/\/vincentians.com\/es\/san-vicente-paul-biografia-03-proyectos-e-infortunios\/#primaryimage"},"image":{"@id":"https:\/\/vincentians.com\/es\/san-vicente-paul-biografia-03-proyectos-e-infortunios\/#primaryimage"},"thumbnailUrl":"https:\/\/i0.wp.com\/vincentians.com\/es\/wp-content\/uploads\/sites\/11\/2016\/07\/Saint-Vincent-de-Paul-a-biography.jpg?fit=1200%2C630&ssl=1","datePublished":"2016-12-23T11:00:10+00:00","breadcrumb":{"@id":"https:\/\/vincentians.com\/es\/san-vicente-paul-biografia-03-proyectos-e-infortunios\/#breadcrumb"},"inLanguage":"es","potentialAction":[{"@type":"ReadAction","target":["https:\/\/vincentians.com\/es\/san-vicente-paul-biografia-03-proyectos-e-infortunios\/"]}]},{"@type":"ImageObject","inLanguage":"es","@id":"https:\/\/vincentians.com\/es\/san-vicente-paul-biografia-03-proyectos-e-infortunios\/#primaryimage","url":"https:\/\/i0.wp.com\/vincentians.com\/es\/wp-content\/uploads\/sites\/11\/2016\/07\/Saint-Vincent-de-Paul-a-biography.jpg?fit=1200%2C630&ssl=1","contentUrl":"https:\/\/i0.wp.com\/vincentians.com\/es\/wp-content\/uploads\/sites\/11\/2016\/07\/Saint-Vincent-de-Paul-a-biography.jpg?fit=1200%2C630&ssl=1","width":1200,"height":630},{"@type":"BreadcrumbList","@id":"https:\/\/vincentians.com\/es\/san-vicente-paul-biografia-03-proyectos-e-infortunios\/#breadcrumb","itemListElement":[{"@type":"ListItem","position":1,"name":"Portada","item":"https:\/\/vincentians.com\/es\/"},{"@type":"ListItem","position":2,"name":"San Vicente de Pa\u00fal, biograf\u00eda: 03 &#8211; Proyectos e infortunios"}]},{"@type":"WebSite","@id":"https:\/\/vincentians.com\/es\/#website","url":"https:\/\/vincentians.com\/es\/","name":"Somos Vicencianos","description":"Know more to serve more","publisher":{"@id":"https:\/\/vincentians.com\/es\/#organization"},"potentialAction":[{"@type":"SearchAction","target":{"@type":"EntryPoint","urlTemplate":"https:\/\/vincentians.com\/es\/?s={search_term_string}"},"query-input":{"@type":"PropertyValueSpecification","valueRequired":true,"valueName":"search_term_string"}}],"inLanguage":"es"},{"@type":"Organization","@id":"https:\/\/vincentians.com\/es\/#organization","name":"The Vincentian Network","url":"https:\/\/vincentians.com\/es\/","logo":{"@type":"ImageObject","inLanguage":"es","@id":"https:\/\/vincentians.com\/es\/#\/schema\/logo\/image\/","url":"https:\/\/i1.wp.com\/vincentians.com\/es\/wp-content\/uploads\/sites\/11\/2016\/06\/Vincentian-Network-logo-big.png?fit=778%2C778","contentUrl":"https:\/\/i1.wp.com\/vincentians.com\/es\/wp-content\/uploads\/sites\/11\/2016\/06\/Vincentian-Network-logo-big.png?fit=778%2C778","width":778,"height":778,"caption":"The Vincentian Network"},"image":{"@id":"https:\/\/vincentians.com\/es\/#\/schema\/logo\/image\/"},"sameAs":["https:\/\/www.facebook.com\/WeAreVincentians\/","https:\/\/x.com\/WeVincentians"]},{"@type":"Person","@id":"https:\/\/vincentians.com\/es\/#\/schema\/person\/9623ef4d9aa3b2dfb8c061f1499288f2","name":"Francisco Javier Fern\u00e1ndez Chento","image":{"@type":"ImageObject","inLanguage":"es","@id":"https:\/\/vincentians.com\/es\/#\/schema\/person\/image\/","url":"https:\/\/secure.gravatar.com\/avatar\/497d5cde87b4c3d097d0315953521681ba2cd523ee66e5077c3711f7021e65de?s=96&d=mm&r=g","contentUrl":"https:\/\/secure.gravatar.com\/avatar\/497d5cde87b4c3d097d0315953521681ba2cd523ee66e5077c3711f7021e65de?s=96&d=mm&r=g","caption":"Francisco Javier Fern\u00e1ndez Chento"},"description":"Director General y cofundador de La Red de Formaci\u00f3n Vicenciana. Javier es laico vicenciano, afiliado a la Congregaci\u00f3n de la Misi\u00f3n y miembro del Equipo de Misiones Populares de la provincia can\u00f3nica de Zaragoza (Espa\u00f1a) de la Congregaci\u00f3n de la Misi\u00f3n. Graduado en la Universidad Oberta de Catalunya con cuatro grados (Asistente de direcci\u00f3n, Gesti\u00f3n Administrativa, Recursos Humanos y Contabilidad Avanzada). Bil\u00edng\u00fce Espa\u00f1ol\/Ingl\u00e9s. gestiona y mantiene varias p\u00e1ginas web cristianas y vicencianas, incluida including La Red de Formaci\u00f3n Vicenciana, de la que es cofundador. Actualmente es responsable del \u00e1rea de Espa\u00f1ol de .famvin, la Red de Noticias de la Familia Vicenciana. Tambi\u00e9n es m\u00fasico cat\u00f3lico y ha editado varios discos. Es Director General y cofundador de Trovador, una reconocida compa\u00f1\u00eda discogr\u00e1fica critiana de Espa\u00f1a. Trabaja en las Tecnolog\u00edas de la Informaci\u00f3n, ofreciendo servicios de alojamiento, dise\u00f1o y mantenimiento Web, as\u00ed como asesoramiento, formaci\u00f3n y soluciones inform\u00e1ticas, gesti\u00f3n documental y digitalizaci\u00f3n de textos, edici\u00f3n y maquetaci\u00f3n de libros, revistas, flyers, etc.","sameAs":["http:\/\/chento.org","https:\/\/www.facebook.com\/JavierChento","https:\/\/x.com\/https:\/\/twitter.com\/javierchento"],"url":"https:\/\/vincentians.com\/es\/author\/chento\/"}]}},"jetpack_publicize_connections":[],"jetpack_featured_media_url":"https:\/\/i0.wp.com\/vincentians.com\/es\/wp-content\/uploads\/sites\/11\/2016\/07\/Saint-Vincent-de-Paul-a-biography.jpg?fit=1200%2C630&ssl=1","jetpack_sharing_enabled":true,"jetpack_shortlink":"https:\/\/wp.me\/p7ETMF-dbm","jetpack-related-posts":[{"id":119687,"url":"https:\/\/vincentians.com\/es\/el-senor-vicente-relee-su-vida-colegial-estudiante-y-sacerdote\/","url_meta":{"origin":50676,"position":0},"title":"El Se\u00f1or Vicente relee su vida: Colegial, estudiante y sacerdote","author":"Francisco Javier Fern\u00e1ndez Chento","date":"19\/01\/2022","format":false,"excerpt":"Hacia 1592, mi padre trat\u00f3 de hacerme estudiar, con la esperanza de poder un d\u00eda obtener alg\u00fan beneficio eclesi\u00e1stico, es decir rentas de alguna abad\u00eda o de una buena parroquia, y as\u00ed aliviar a la familia, como lo hab\u00eda hecho mi t\u00edo, prior de Poymartet. Me puso pues de pensi\u00f3n\u2026","rel":"","context":"En \u00abVicente de Pa\u00fal\u00bb","block_context":{"text":"Vicente de Pa\u00fal","link":"https:\/\/vincentians.com\/es\/category\/la-familia-vicenciana\/fundadores\/vicente-de-paul\/"},"img":{"alt_text":"","src":"https:\/\/i0.wp.com\/vincentians.com\/es\/wp-content\/uploads\/sites\/11\/2013\/04\/g-3.jpg?fit=1170%2C692&ssl=1&resize=350%2C200","width":350,"height":200,"srcset":"https:\/\/i0.wp.com\/vincentians.com\/es\/wp-content\/uploads\/sites\/11\/2013\/04\/g-3.jpg?fit=1170%2C692&ssl=1&resize=350%2C200 1x, https:\/\/i0.wp.com\/vincentians.com\/es\/wp-content\/uploads\/sites\/11\/2013\/04\/g-3.jpg?fit=1170%2C692&ssl=1&resize=525%2C300 1.5x, https:\/\/i0.wp.com\/vincentians.com\/es\/wp-content\/uploads\/sites\/11\/2013\/04\/g-3.jpg?fit=1170%2C692&ssl=1&resize=700%2C400 2x, https:\/\/i0.wp.com\/vincentians.com\/es\/wp-content\/uploads\/sites\/11\/2013\/04\/g-3.jpg?fit=1170%2C692&ssl=1&resize=1050%2C600 3x"},"classes":[]},{"id":119706,"url":"https:\/\/vincentians.com\/es\/el-senor-vicente-relee-su-vida-folleville\/","url_meta":{"origin":50676,"position":1},"title":"El Se\u00f1or Vicente relee su vida: Folleville","author":"Francisco Javier Fern\u00e1ndez Chento","date":"03\/03\/2022","format":false,"excerpt":"Mi celo pastoral aumentaba, yo me ocupaba entonces de los campesinos de los pueblos en las tierras de los Gondi. En efecto, los se\u00f1ores llevaban tambi\u00e9n la responsabilidad espiritual de sus s\u00fabditos. El se\u00f1or de Gondi era consciente de ello. Despu\u00e9s de su entrada solemne en Joigny, para encargarse del\u2026","rel":"","context":"En \u00abVicente de Pa\u00fal\u00bb","block_context":{"text":"Vicente de Pa\u00fal","link":"https:\/\/vincentians.com\/es\/category\/la-familia-vicenciana\/fundadores\/vicente-de-paul\/"},"img":{"alt_text":"","src":"https:\/\/i0.wp.com\/vincentians.com\/es\/wp-content\/uploads\/sites\/11\/2013\/04\/f-4-scaled.jpg?fit=1200%2C570&ssl=1&resize=350%2C200","width":350,"height":200,"srcset":"https:\/\/i0.wp.com\/vincentians.com\/es\/wp-content\/uploads\/sites\/11\/2013\/04\/f-4-scaled.jpg?fit=1200%2C570&ssl=1&resize=350%2C200 1x, https:\/\/i0.wp.com\/vincentians.com\/es\/wp-content\/uploads\/sites\/11\/2013\/04\/f-4-scaled.jpg?fit=1200%2C570&ssl=1&resize=525%2C300 1.5x, https:\/\/i0.wp.com\/vincentians.com\/es\/wp-content\/uploads\/sites\/11\/2013\/04\/f-4-scaled.jpg?fit=1200%2C570&ssl=1&resize=700%2C400 2x, https:\/\/i0.wp.com\/vincentians.com\/es\/wp-content\/uploads\/sites\/11\/2013\/04\/f-4-scaled.jpg?fit=1200%2C570&ssl=1&resize=1050%2C600 3x"},"classes":[]},{"id":124398,"url":"https:\/\/vincentians.com\/es\/el-seguimiento-de-jesus-en-la-vida-de-san-vicente\/","url_meta":{"origin":50676,"position":2},"title":"El seguimiento de Jes\u00fas en la vida de San Vicente","author":"Francisco Javier Fern\u00e1ndez Chento","date":"25\/02\/2015","format":false,"excerpt":"1. Los or\u00edgenes y la llamada al seguimiento (1581-1617) Para el estudio de la trayectoria de vida de Vicente de Pa\u00fal se impone, en primer lugar, la necesidad de establecer una distinci\u00f3n entre dos etapas. La primera, de 1581-1617, comprende todo el per\u00edodo de su infancia y de los diecisiete\u2026","rel":"","context":"En \u00abFormaci\u00f3n Vicenciana\u00bb","block_context":{"text":"Formaci\u00f3n Vicenciana","link":"https:\/\/vincentians.com\/es\/category\/formacion-vicenciana\/"},"img":{"alt_text":"seguimiento3","src":"https:\/\/i0.wp.com\/vicencianos.org\/wp-content\/2013\/07\/seguimiento3-300x240.jpg?resize=350%2C200","width":350,"height":200},"classes":[]},{"id":120461,"url":"https:\/\/vincentians.com\/es\/san-vicente-de-paul-y-su-entronque-hispanico-y-x\/","url_meta":{"origin":50676,"position":3},"title":"San Vicente de Pa\u00fal y su entronque hisp\u00e1nico (y X)","author":"Francisco Javier Fern\u00e1ndez Chento","date":"09\/09\/2022","format":false,"excerpt":"Conclusiones De los estudios precedentes podemos llegar a las siguien\u00adtes conclusiones acerca del \"entronque\" de San Vicente de Pa\u00fal con Espa\u00f1a. Existen argumentos que evidencian con certeza que los padres de San Vicente de Pa\u00fal son aragoneses, proceden\u00adtes de Tamarite de Litera. Que el mismo Santo naciera en Tamarite o\u2026","rel":"","context":"En \u00abVicente de Pa\u00fal\u00bb","block_context":{"text":"Vicente de Pa\u00fal","link":"https:\/\/vincentians.com\/es\/category\/la-familia-vicenciana\/fundadores\/vicente-de-paul\/"},"img":{"alt_text":"","src":"https:\/\/i0.wp.com\/vincentians.com\/es\/wp-content\/uploads\/sites\/11\/2013\/04\/msoF811D.jpg?fit=612%2C490&ssl=1&resize=350%2C200","width":350,"height":200,"srcset":"https:\/\/i0.wp.com\/vincentians.com\/es\/wp-content\/uploads\/sites\/11\/2013\/04\/msoF811D.jpg?fit=612%2C490&ssl=1&resize=350%2C200 1x, https:\/\/i0.wp.com\/vincentians.com\/es\/wp-content\/uploads\/sites\/11\/2013\/04\/msoF811D.jpg?fit=612%2C490&ssl=1&resize=525%2C300 1.5x"},"classes":[]},{"id":387844,"url":"https:\/\/vincentians.com\/es\/san-vicente-amigo-de-los-pobres-anos-sin-historia-1581-1600\/","url_meta":{"origin":50676,"position":4},"title":"San Vicente: Amigo de los pobres: a\u00f1os sin historia (1581-1600)","author":"Mitxel Olabu\u00e9naga","date":"09\/10\/2016","format":false,"excerpt":"Los a\u00f1os de la infancia La etapa menos conocida en la vida de Vicente de Pa\u00fal es, sin duda alguna, la de su infancia. En esto, coincide con casi todos los grandes hombres. A\u00f1os de infancia. A\u00f1os sin historia. Y, en realidad, \u00bfqui\u00e9n po\u00add\u00eda estar interesado en ir consignando, d\u00eda\u2026","rel":"","context":"En \u00abFormaci\u00f3n Vicenciana\u00bb","block_context":{"text":"Formaci\u00f3n Vicenciana","link":"https:\/\/vincentians.com\/es\/category\/formacion-vicenciana\/"},"img":{"alt_text":"","src":"https:\/\/i0.wp.com\/vincentians.com\/es\/wp-content\/uploads\/sites\/11\/2016\/07\/st-vincent-de-paul.jpg?fit=1200%2C630&ssl=1&resize=350%2C200","width":350,"height":200,"srcset":"https:\/\/i0.wp.com\/vincentians.com\/es\/wp-content\/uploads\/sites\/11\/2016\/07\/st-vincent-de-paul.jpg?fit=1200%2C630&ssl=1&resize=350%2C200 1x, https:\/\/i0.wp.com\/vincentians.com\/es\/wp-content\/uploads\/sites\/11\/2016\/07\/st-vincent-de-paul.jpg?fit=1200%2C630&ssl=1&resize=525%2C300 1.5x, https:\/\/i0.wp.com\/vincentians.com\/es\/wp-content\/uploads\/sites\/11\/2016\/07\/st-vincent-de-paul.jpg?fit=1200%2C630&ssl=1&resize=700%2C400 2x, https:\/\/i0.wp.com\/vincentians.com\/es\/wp-content\/uploads\/sites\/11\/2016\/07\/st-vincent-de-paul.jpg?fit=1200%2C630&ssl=1&resize=1050%2C600 3x"},"classes":[]},{"id":116232,"url":"https:\/\/vincentians.com\/es\/la-fe-de-san-vicente\/","url_meta":{"origin":50676,"position":5},"title":"La Fe de san Vicente","author":"Francisco Javier Fern\u00e1ndez Chento","date":"14\/10\/2018","format":false,"excerpt":"I. San Vicente: un creyente Para abordar cualquier tema referente a San Vicente, el m\u00e9todo m\u00e1s seguro siempre es el de volver a la experiencia y al recorrido del Fundador. Por temperamento y por formaci\u00f3n, Vicente de Pa\u00fal fue siem\u00adpre un hombre que concedi\u00f3 gran importancia a la vida, al\u2026","rel":"","context":"En \u00abFormaci\u00f3n Vicenciana\u00bb","block_context":{"text":"Formaci\u00f3n Vicenciana","link":"https:\/\/vincentians.com\/es\/category\/formacion-vicenciana\/"},"img":{"alt_text":"","src":"","width":0,"height":0},"classes":[]}],"_links":{"self":[{"href":"https:\/\/vincentians.com\/es\/wp-json\/wp\/v2\/posts\/50676","targetHints":{"allow":["GET"]}}],"collection":[{"href":"https:\/\/vincentians.com\/es\/wp-json\/wp\/v2\/posts"}],"about":[{"href":"https:\/\/vincentians.com\/es\/wp-json\/wp\/v2\/types\/post"}],"author":[{"embeddable":true,"href":"https:\/\/vincentians.com\/es\/wp-json\/wp\/v2\/users\/4"}],"replies":[{"embeddable":true,"href":"https:\/\/vincentians.com\/es\/wp-json\/wp\/v2\/comments?post=50676"}],"version-history":[{"count":0,"href":"https:\/\/vincentians.com\/es\/wp-json\/wp\/v2\/posts\/50676\/revisions"}],"wp:featuredmedia":[{"embeddable":true,"href":"https:\/\/vincentians.com\/es\/wp-json\/wp\/v2\/media\/149545"}],"wp:attachment":[{"href":"https:\/\/vincentians.com\/es\/wp-json\/wp\/v2\/media?parent=50676"}],"wp:term":[{"taxonomy":"category","embeddable":true,"href":"https:\/\/vincentians.com\/es\/wp-json\/wp\/v2\/categories?post=50676"},{"taxonomy":"post_tag","embeddable":true,"href":"https:\/\/vincentians.com\/es\/wp-json\/wp\/v2\/tags?post=50676"}],"curies":[{"name":"wp","href":"https:\/\/api.w.org\/{rel}","templated":true}]}}