{"id":50671,"date":"2016-12-21T12:00:10","date_gmt":"2016-12-21T11:00:10","guid":{"rendered":"http:\/\/somos.vicencianos.org\/blog\/2011\/09\/san-vicente-de-paul-biografia-de-roman-01-una-infancia-campesina\/"},"modified":"2016-08-15T20:13:43","modified_gmt":"2016-08-15T18:13:43","slug":"san-vicente-paul-biografia-01-una-infancia-campesina","status":"publish","type":"post","link":"https:\/\/vincentians.com\/es\/san-vicente-paul-biografia-01-una-infancia-campesina\/","title":{"rendered":"San Vicente de Pa\u00fal, biograf\u00eda: 01 &#8211; Una infancia campesina"},"content":{"rendered":"<h2><strong>Primera parte: La infancia sin historia <\/strong><strong>(1581-1600)<\/strong><\/h2>\n<h2><strong>Cap\u00edtulo I: <\/strong><strong>Una infancia campesina<\/strong><\/h2>\n<p>La etapa peor conocida de la vida de Vicente de Pa\u00fal es, como la de otros muchos personajes c\u00e9lebres, su infancia. \u00bfQui\u00e9n pod\u00eda tener inter\u00e9s en consignar para la historia las correr\u00edas de un insignificante muchacho pueblerino? \u00bfNo estaba destinado a la misma oscura existencia de generaciones y generaciones de antepasados? \u00bfNo ser\u00eda tambi\u00e9n un an\u00f3nimo campesino extenuado en la agotadora tarea de explotar unas tierras ingratas? D\u00edas llegar\u00edan, sin embargo, en que los ojos de millares de hombres se volver\u00edan con curiosidad hacia el pueblecito franc\u00e9s donde hab\u00eda dado los primeros pasos un hombre cuya fama ha traspasado todas las fronteras y al cabo de cuatro siglos contin\u00faa desafiando el paso del tiempo.<\/p>\n<h3>Una fecha discutida<\/h3>\n<p>Los problemas acerca de la infancia de Vicente de Pa\u00fal comienzan con la fecha misma de su nacimiento. Hasta hace unos sesenta a\u00f1os no exist\u00eda duda alguna de que el Santo hab\u00eda nacido el 24 de abril de 1576, martes de Pascua. As\u00ed lo afirma Luis Abelly, su primer bi\u00f3grafo<span id='easy-footnote-1-50671' class='easy-footnote-margin-adjust'><\/span><span class='easy-footnote'><a href='https:\/\/vincentians.com\/es\/san-vicente-paul-biografia-01-una-infancia-campesina\/#easy-footnote-bottom-1-50671' title='L. Abelly, &lt;em&gt;La vie du V\u00e9n\u00e9rable serviteur de Dieu Vincent de Paul&amp;#8230;&lt;\/em&gt; (Par\u00eds, F. Lambert, 1664) 1.1 c.2 p. 6. N\u00f3tese que Abelly no consigna expresamente el dato del 24 de abril, sino s\u00f3lo los del a\u00f1o y el d\u00eda lit\u00fargico, que en 1576 cay\u00f3, efectivamente, en 24 de abril. Enseguida se ver\u00e1 que esta observaci\u00f3n no es enteramente ociosa.'><sup>1<\/sup><\/a><\/span>. Ya antes, a ra\u00edz de su muerte, se hab\u00eda calculado el a\u00f1o de 1576 como el del nacimiento de Vicente. En la l\u00e1pida sepulcral se hab\u00eda esculpido: \u00abMuri\u00f3 el d\u00eda 27 de septiembre de 1660, octog\u00e9simo quinto de su edad\u00bb<span id='easy-footnote-2-50671' class='easy-footnote-margin-adjust'><\/span><span class='easy-footnote'><a href='https:\/\/vincentians.com\/es\/san-vicente-paul-biografia-01-una-infancia-campesina\/#easy-footnote-bottom-2-50671' title='\u00abObiit die vigesima septima septembris, anno millesimo sexcentesimo, aetatis vero suae octogesimo quinto\u00bb (Abelly, o.c., L.1 c.52 p. 259). El empleo del ordinal indica que los a\u00f1os se dan como incoados, no como cumplidos.'><sup>2<\/sup><\/a><\/span>. Lo mismo repet\u00edan otros documentos contempor\u00e1neos: el semanario <em>La Gazette de France<\/em> y el poeta Jean Loret en su <em>Muze historique<\/em>, ambos de fecha de octubre de 1660<span id='easy-footnote-3-50671' class='easy-footnote-margin-adjust'><\/span><span class='easy-footnote'><a href='https:\/\/vincentians.com\/es\/san-vicente-paul-biografia-01-una-infancia-campesina\/#easy-footnote-bottom-3-50671' title='V\u00e9ase el texto completo de la noticia de &lt;em&gt;La Gazette&lt;\/em&gt; y los versos de Loret en &lt;em&gt;Annales&lt;\/em&gt; (1961) p. 493-494 y (1929) p. 729 respectivamente.'><sup>3<\/sup><\/a><\/span>. A partir de entonces, tanto los bi\u00f3grafos como los documentos eclesi\u00e1sticos oficiales han repetido invariablemente la misma fecha.<\/p>\n<p>En 1922, el P. Pedro Coste publicaba un documentado estudio, sorprendentemente titulado <em>La verdadera fecha del nacimiento de San Vicente de Pa\u00fal<a href=\"#_edn4\" name=\"_ednref4\"><\/a><\/em><span id='easy-footnote-4-50671' class='easy-footnote-margin-adjust'><\/span><span class='easy-footnote'><a href='https:\/\/vincentians.com\/es\/san-vicente-paul-biografia-01-una-infancia-campesina\/#easy-footnote-bottom-4-50671' title='P. Coste, &lt;em&gt;La vraie date de la naissance de Saint Vincent de Paul&lt;\/em&gt;, Separata del Bulletin de la Soci\u00e9t\u00e9 de Borda (Dax 1922) 23 p\u00e1gs.'><sup>4<\/sup><\/a><\/span>. En \u00e9l demostraba que, en contra de la un\u00e1nime creencia tradicional, Vicente de Pa\u00fal no hab\u00eda nacido en 1576, sino cinco a\u00f1os m\u00e1s tarde: en 1581. La argumentaci\u00f3n de Coste era sencilla, pero s\u00f3lida y convincente, pues se basaba en las palabras del mismo biografiado. Podr\u00eda resumirse as\u00ed: existen, espaciados a lo largo de m\u00e1s de treinta a\u00f1os, doce testimonios de Vicente de Pa\u00fal sobre su propia edad. Todos ellos coinciden en remitir a 1581 como fecha de nacimiento. Ahora bien, \u00bfqui\u00e9n pod\u00eda saber mejor que \u00e9l la edad que ten\u00eda?<span id='easy-footnote-5-50671' class='easy-footnote-margin-adjust'><\/span><span class='easy-footnote'><a href='https:\/\/vincentians.com\/es\/san-vicente-paul-biografia-01-una-infancia-campesina\/#easy-footnote-bottom-5-50671' title='He aqu\u00ed, en orden cronol\u00f3gico, la lista de testimonios aducidos por Coste: 1\u00ba 17-4-1628: Testificaci\u00f3n sobre las virtudes de Francisco de Sales: \u00abannos quadraginta octo aut circiter natus\u00bb (S.V.P. XIII p. 19). 2\u00ba 31-3-1639: Declaraci\u00f3n en el proceso del abad Saint Cyran: \u00ab\u00e2g\u00e9 de 59 ans ou environ\u00bb (S.V.P. XIII p. 86). 3\u00ba 12-10-1639: Carta a Luis Lebreton: \u00abJ&amp;#8217;entrerai au mois d&amp;#8217;avril prochain en ma soixanti\u00e8me\u00bb: El mes de abril pr\u00f3ximo entrar\u00e9 en los sesenta (S.V.P. 1 p. 593: ES p. 575). 4\u00ba 25-7-1640: Carta a Pierre Escart: \u00abI&amp;#8217;\u00e2ge de soixante ans que j&amp;#8217;ai\u00bb: los sesenta a\u00f1os que he cumplido (S.V.P. II p. 70: ES p. 61). 5\u00ba 21-11-1642: Carta a Beltr\u00e1n Codoing: \u00abJ&amp;#8217;ai&amp;#8230; des exp\u00e9riences que soixante deux ans&amp;#8230; m&amp;#8217;ont acquis\u00bb: La experiencia que mis sesenta y dos a\u00f1os y mis propios errores me han proporcionado (S.V.P. II p. 314: ES p. 263). 6\u00ba 17-9-1649: Carta a \u00c9tienne Blatiron: \u00able support&amp;#8230; que je le fais exercer despuis 69 ans qu&amp;#8217;il me souffre sur la terre\u00bb: la paciencia que yo le he obligado a tener conmigo durante los sesenta y nueve a\u00f1os que me tolera en esta tierra (S.V.P. III p. 488: ES p. 443). 7\u00ba 27-4-1655 (= 5\u00ba kalendas maii): Carta al papa Alejandro VII: \u00abAnnun ago septuagesimum quintum\u00bb: Tengo setenta y cinco a\u00f1os (S.V.P. V p. 368: ES p. 346). 8\u00ba 3-11-1656: Repetici\u00f3n de oraci\u00f3n con los misioneros: \u00abpour moi, me voil\u00e0 a la 76e ann\u00e9e de ma vie\u00bb: yo ya he cumplido los setenta y seis a\u00f1os (S.V.P. XI p. 364: ES p. 253). 9\u00ba 6-1-1657: Conferencia a las Hijas de la Caridad: \u00abPour moi, cela se va sans dire, ayant soixante et seize ans&amp;#8230;\u00bb: Por lo que a m\u00ed toca, que tengo ya setenta y seis a\u00f1os&amp;#8230; (S.V.P. X p. 252: ES IX p. 851). 10\u00ba 17-6-1657: Conferencia a las Hijas de la Caridad: \u00abEt moi qui, comme vous savez, sois \u00e2g\u00e9 de soixante et dix et sept ans\u00bb: Yo que, como sab\u00e9is, tengo ya setenta y siete a\u00f1os (S.V.P. X p. 283: ES IX p. 796). 11\u00ba 15-7-1659: Carta al cardenal de Retz: \u00ab\u00e9tant \u00e0 pr\u00e9sent dans la 79e de mon \u00e2ge\u00bb: mi vida&amp;#8230;, que ya cuenta setenta y nueve a\u00f1os de edad (S.V.P. VIII p. 26: ES p. 28). 12\u00ba 24-8-1659: Carta a Fran\u00e7ois Feydin: \u00abRessouvenez vous, s&amp;#8217;il vous plait, en vos pri\u00e8res d&amp;#8217;un veillard de 79 ans\u00bb: Acu\u00e9rdese, por favor, en sus oraciones de un viejo de setenta y nueve a\u00f1os (S.V.P. VIII p. 91: ES p. 82).'><sup>5<\/sup><\/a><\/span>.<\/p>\n<p>La tesis de Coste, a pesar de las dificultades que implica, y de modo especial la de la edad del Santo en el momento de su ordenaci\u00f3n sacerdotal, de que m\u00e1s adelante nos ocuparemos, parec\u00eda tan bien fundada, que a partir de su publicaci\u00f3n fue aceptada pr\u00e1cticamente en todas las instancias por historiadores, bi\u00f3grafos y autoridades eclesi\u00e1sticas. El \u00fanico punto d\u00e9bil de la exposici\u00f3n de Coste es el de suponer que, cuando el Santo habla de su edad, cuenta por a\u00f1os incoados en vez de hacerlo por a\u00f1os cumplidos, lo que no parece suficientemente probado. Si se admite la segunda hip\u00f3tesis, los mismos testimonios aducidos por Coste llevan, inevitablemente, al a\u00f1o 1580, que cuenta en su favor con otras razones muy plausibles<span id='easy-footnote-6-50671' class='easy-footnote-margin-adjust'><\/span><span class='easy-footnote'><a href='https:\/\/vincentians.com\/es\/san-vicente-paul-biografia-01-una-infancia-campesina\/#easy-footnote-bottom-6-50671' title='En favor del a\u00f1o 1580 como fecha de nacimiento de San Vicente se han inclinado recientemente A. Pohar en su art\u00edculo &lt;em&gt;Octogenarius ille&lt;\/em&gt;, en Vincentiana (1959) p. 153-155, y F. del Campo, en &lt;em&gt;1580-1980. IV centenario del nacimiento de San Vicente de Pa\u00fal&lt;\/em&gt;: Anales (1977) p. 551-555. El a\u00f1o 1580 cuenta en su favor con el hecho de que el martes de Pascua \u2014que es la \u00fanica fecha concreta que da Abelly\u2014 cay\u00f3 ese a\u00f1o en el d\u00eda 5 de abril, fiesta de San Vicente Ferrer, lo que podr\u00eda explicar que se impusiera al reci\u00e9n nacido el nombre de Vicente. San Vicente de Pa\u00fal profes\u00f3 siempre gran devoci\u00f3n al dominico valenciano y le tuvo por su segundo patrono. Cf. Abelly, o.c., L.3 c.9 p. 94. En favor de 1580 \u00f3 1579 se inclina tambi\u00e9n J. Defos du Rau, &lt;em&gt;La date de naissance de Saint Vincent de Paul&lt;\/em&gt; (Auch, Frederic Cocharaux, 1958). Separata del Bulletin de la Soci\u00e9t\u00e9 de Borda.'><sup>6<\/sup><\/a><\/span>. En todo caso queda definitivamente descartada la vieja fecha de 1576. El error de toda la antigua historiograf\u00eda en favor de la misma se puede explicar perfectamente, sin necesidad de atribuir a los disc\u00edpulos e inmediatos sucesores del Santo ni una mentira piadosa ni una deliberada voluntad de enga\u00f1o, como ha hecho alg\u00fan bi\u00f3grafo apasionado y sugiere el mismo Coste<span id='easy-footnote-7-50671' class='easy-footnote-margin-adjust'><\/span><span class='easy-footnote'><a href='https:\/\/vincentians.com\/es\/san-vicente-paul-biografia-01-una-infancia-campesina\/#easy-footnote-bottom-7-50671' title='A. Redier, o.c.,\u00a0 p. 5-7 16-17. Lo mismo insin\u00faa m\u00e1s cautamente Coste en M.V., t.1 p. 18.'><sup>7<\/sup><\/a><\/span>. El \u00fanico documento fehaciente que obraba en poder de los compa\u00f1eros del Santo para fijar su edad, y, por lo tanto, la fecha de su nacimiento, era el testimonio oficial de su ordenaci\u00f3n sacerdotal, que afirmaba que, en el a\u00f1o 1600, el ordenando Vicente de Pa\u00fal ten\u00eda la edad leg\u00edtima, es decir, veinticuatro a\u00f1os. Bastaba, pues, hacer una sencill\u00edsima resta. Ellos no ten\u00edan a la vista, catalogada y ordenada, la serie de testimonios de Vicente sobre sus a\u00f1os, sino, a lo sumo, recuerdos de declaraciones suyas, imprecisas seguramente en cuanto a la fecha en que fueron pronunciadas o escritas. As\u00ed naci\u00f3 el error y as\u00ed se perpetu\u00f3 hasta las concienzudas comprobaciones de Coste.<\/p>\n<p>Quiz\u00e1 el mismo d\u00eda de su nacimiento, el nuevo v\u00e1stago de la humilde familia de Pa\u00fal recibi\u00f3 las aguas bautismales, y, con ellas, el nombre de Vicente, que \u00e9l habr\u00eda de ostentar toda la vida como su \u00fanico apelativo social. Su patr\u00f3n era el di\u00e1cono de Zaragoza, martirizado en Valencia. En una ocasi\u00f3n rog\u00f3 a un importante personaje que dispon\u00eda de amistades y conocimientos en Espa\u00f1a que pusiera en juego sus influencias para obtener sobre el m\u00e1rtir informes m\u00e1s amplios de los que se encontraban en el compendio de su historia<span id='easy-footnote-8-50671' class='easy-footnote-margin-adjust'><\/span><span class='easy-footnote'><a href='https:\/\/vincentians.com\/es\/san-vicente-paul-biografia-01-una-infancia-campesina\/#easy-footnote-bottom-8-50671' title='Abelly, o.c., L.3 c.9 p. 94. Coste da como patr\u00f3n de Vicente de Pa\u00fal a San Vicente de Xaintes, primer obispo de Dax y patr\u00f3n principal de la di\u00f3cesis, martirizado en Espa\u00f1a, seg\u00fan el martirologio romano. Aparte de contradecir a Abelly, tal hip\u00f3tesis choca con el hecho de que, seg\u00fan la tradici\u00f3n local, San Vicente de Xaintes hab\u00eda sido martirizado en el lugar de su apelativo, muy cercano a Dax. Si Vicente de Pa\u00fal hubiese tenido por patrono a ese San Vicente, no se le habr\u00eda ocurrido pedir a Espa\u00f1a informes sobre su vida. J. Herrera ha argumentado muy convincentemente en favor de San Vicente de Zaragoza. Cf. J. Herrera, &lt;em&gt;El santo Patr\u00f3n de San Vicente&lt;\/em&gt;: Anales (1961) p. 220-223.'><sup>8<\/sup><\/a><\/span>.<\/p>\n<p>Entre 1581 y 1600 se extienden, pues, la infancia y la adolescencia de Vicente. \u00bfQu\u00e9 sabemos de esos diecinueve primeros a\u00f1os, a\u00f1os de descubrimiento del mundo, a\u00f1os clave en la formaci\u00f3n de la personalidad, a\u00f1os b\u00e1sicos, cuyo influjo sobre su destino ning\u00fan hombre consigue sacudir nunca del todo?<\/p>\n<p>Todas nuestras noticias acerca de ellos &#8211; fuera de unos pocos y muy escuetos datos cuasi notariales &#8211; nos llegan por el \u00fanico canal de Luis Abelly. En los primeros cap\u00edtulos de su libro confluyen las escasas fuentes que pudieron, a ochenta a\u00f1os de distancia, arrojar alguna luz sobre la infancia de Vicente de Pa\u00fal. Nosotros no las poseemos ya.<\/p>\n<p>Una de esas fuentes eran los informes de un viejo amigo del Santo, el can\u00f3nigo Juan de Saint Martin, quien se encarg\u00f3 de recoger en la regi\u00f3n natal del Santo recuerdos de familiares y amigos. A pesar de algunos errores en datos f\u00e1cilmente contrastables, como las fechas de ordenaci\u00f3n de Vicente como subdi\u00e1cono y di\u00e1cono, el informe de Saint Martin no carece de autoridad<span id='easy-footnote-9-50671' class='easy-footnote-margin-adjust'><\/span><span class='easy-footnote'><a href='https:\/\/vincentians.com\/es\/san-vicente-paul-biografia-01-una-infancia-campesina\/#easy-footnote-bottom-9-50671' title='En todo caso, juzgo exagerada la tajante afirmaci\u00f3n de Coste: \u00ab&amp;#8230; las memorias del can\u00f3nigo Saint Martin no tienen autoridad ninguna\u00bb (M.V.,, t.1 p. 37 en nota). El juicio se ha repetido sin examen cr\u00edtico.'><sup>9<\/sup><\/a><\/span>. El can\u00f3nigo hab\u00eda pertenecido al c\u00edrculo de los amigos m\u00e1s \u00edntimos de Vicente y, sobre todo, hab\u00eda sido durante muchos a\u00f1os, y para multitud de asuntos, el intermediario habitual de las relaciones del Santo con su propia familia. As\u00ed, por ejemplo, en 1630, dos miembros de la familia Saint Martin aparecen como depositarios de todos los bienes que Vicente lega en su testamento a sus hermanos y sobrinos<span id='easy-footnote-10-50671' class='easy-footnote-margin-adjust'><\/span><span class='easy-footnote'><a href='https:\/\/vincentians.com\/es\/san-vicente-paul-biografia-01-una-infancia-campesina\/#easy-footnote-bottom-10-50671' title='&lt;em&gt;Annales&lt;\/em&gt; (1936) p. 705-706.'><sup>10<\/sup><\/a><\/span> y, en 1656, el mismo can\u00f3nigo Saint Martin ser\u00e1 el encargado de distribuir entre los parientes un donativo de 1.000 libras que Vicente hab\u00eda recibido con este fin de otro amigo suyo, el Sr. Du Fresne<span id='easy-footnote-11-50671' class='easy-footnote-margin-adjust'><\/span><span class='easy-footnote'><a href='https:\/\/vincentians.com\/es\/san-vicente-paul-biografia-01-una-infancia-campesina\/#easy-footnote-bottom-11-50671' title='Abelly o.c., L.3 c.19 p. 292-293.'><sup>11<\/sup><\/a><\/span>.<\/p>\n<p>Por otra parte, a trav\u00e9s del matrimonio de un sobrino suyo, el can\u00f3nigo hab\u00eda emparentado con los Comet, la familia que m\u00e1s datos pod\u00eda poseer sobre la infancia de Vicente, ya que los Comet hab\u00edan sido los primeros protectores del prometedor muchachito. Seg\u00fan se desprende del segundo bi\u00f3grafo, las memorias del can\u00f3nigo Saint Martin se compon\u00edan de varios manuscritos redactados por diversas personas<span id='easy-footnote-12-50671' class='easy-footnote-margin-adjust'><\/span><span class='easy-footnote'><a href='https:\/\/vincentians.com\/es\/san-vicente-paul-biografia-01-una-infancia-campesina\/#easy-footnote-bottom-12-50671' title='P. Collet, &lt;em&gt;La vie de Saint Vincent de Paul&lt;\/em&gt; (Nancy, A. Lescure, 1748) t.1 p. 109.'><sup>12<\/sup><\/a><\/span>. Es l\u00f3gico que el grado de fiabilidad variara de unos testimonios a otros.<\/p>\n<p>Adem\u00e1s de las memorias de Saint Martin, Abelly y Collet dispusieron de otro manuscrito, hoy perdido, sobre la genealog\u00eda del fundador de la Misi\u00f3n, que se conservaba en el archivo de San L\u00e1zaro<span id='easy-footnote-13-50671' class='easy-footnote-margin-adjust'><\/span><span class='easy-footnote'><a href='https:\/\/vincentians.com\/es\/san-vicente-paul-biografia-01-una-infancia-campesina\/#easy-footnote-bottom-13-50671' title='Collet, o.c., t.1 p. 109.'><sup>13<\/sup><\/a><\/span>.<\/p>\n<p>Finalmente, Abelly dispon\u00eda de datos recogidos personalmente. Seg\u00fan \u00e9l mismo dice en el pr\u00f3logo de su obra, hab\u00eda visitado el pueblo natal del Santo y conocido a sus parientes m\u00e1s cercanos en un viaje que realiz\u00f3 hacia 1639. Por eso asegura: buena parte de las cosas narradas en mi libro las \u00abhe visto con mis propios ojos u o\u00eddo con mis propios o\u00eddos\u00bb<span id='easy-footnote-14-50671' class='easy-footnote-margin-adjust'><\/span><span class='easy-footnote'><a href='https:\/\/vincentians.com\/es\/san-vicente-paul-biografia-01-una-infancia-campesina\/#easy-footnote-bottom-14-50671' title='Abelly, o.c., &lt;em&gt;Avis au lecteur&lt;\/em&gt;.'><sup>14<\/sup><\/a><\/span>.<\/p>\n<p>Veamos ya lo que nos dicen esas fuentes.<\/p>\n<h3>Enraizado en el terru\u00f1o<\/h3>\n<p>Vicente de Pa\u00fal era franc\u00e9s, natural de Pouy, pueblecito cercano a Dax, en las landas de Gascu\u00f1a, no lejos de los Pirineos<span id='easy-footnote-15-50671' class='easy-footnote-margin-adjust'><\/span><span class='easy-footnote'><a href='https:\/\/vincentians.com\/es\/san-vicente-paul-biografia-01-una-infancia-campesina\/#easy-footnote-bottom-15-50671' title='El nacimiento de San Vicente de Pa\u00fal en Francia, y concretamente en Pouy, aparte de gozar de la ininterrumpida adhesi\u00f3n de todos los historiadores, bi\u00f3grafos y devotos del Santo, est\u00e1 avalado por una larga serie de documentos, entre los que acaso baste citar el contrato de arriendo de la abad\u00eda de San Leonardo de Chaumes, firmado el 14 de mayo de 1610, en el que Vicente de Pa\u00fal comparece como \u00abnatif de la paroisse de Poy (sic), dioc\u00e8se d&amp;#8217;Aqs\u00bb (sic) (&lt;em&gt;Annales&lt;\/em&gt; [ 1941-1942] p. 261), y el acta notarial de donaci\u00f3n de los bienes patrimoniales del Santo a favor de sus hermanos y sobrinos, que se expresa en los mismos t\u00e9rminos: \u00abnatif de la paroisse de Poy, dioc\u00e8se d&amp;#8217;Aqs, en Gascogne\u00bb (S.V.P. XIII p. 62). La lista completa de documentos en Coste, M.V.,, t.1 p. 19. A fines del siglo XIX se dio publicidad en Espa\u00f1a a la tesis de que Vicente de Pa\u00fal era espa\u00f1ol, nacido en Tamarite de Litera, provincia de Huesca. Dicha tesis pretend\u00eda fundarse en antiguas tradiciones locales y en la abundancia -innegable- de los apellidos Pa\u00fal y Moras en el Alto Arag\u00f3n. El primer defensor p\u00fablico de la espa\u00f1olidad de San Vicente fue el catedr\u00e1tico de Barcelona B. Fel\u00edu y P\u00e9rez en un ap\u00e9ndice a la traducci\u00f3n espa\u00f1ola de la obra de A. Loth: &lt;em&gt;San Vicente de Pa\u00fal y su misi\u00f3n social &lt;\/em&gt;(Barcelona, Jepus, 1887). Por encargo del B. Fel\u00edu y P\u00e9rez, el catedr\u00e1tico de la Universidad de Zaragoza Dr. A. Hern\u00e1ndez y Fajarn\u00e9s asumi\u00f3 la tarea de dar forma cient\u00edfica a la pretensi\u00f3n espa\u00f1ola. Resultado de sus investigaciones fue un libro titulado &lt;em&gt;San Vicente de Pa\u00fal. Su patria. Sus estudios en la Universidad de Zaragoza&lt;\/em&gt; (Zaragoza, impr. La Derecha, 1888, 349 p\u00e1gs.). En &lt;em&gt;San Vicente de Pa\u00fal. Biograf\u00eda y selecci\u00f3n de escritos&lt;\/em&gt;, de J. Herrera y V. Pardo (Madrid, BAC, 1950) p. 35-40, puede verse un resumen de la argumentaci\u00f3n de A. Hern\u00e1ndez y Fajarn\u00e9s, a la que respondi\u00f3 con apasionamiento J. Pemart\u00edn en un folleto titulado &lt;em&gt;Saint Vincent de Paul est n\u00e9 en France&lt;\/em&gt; (hay trad. espa\u00f1ola), y con ir\u00f3nico desd\u00e9n Coste (M.V.,, t. 1 p.\u00a0 19). La endeblez de la posici\u00f3n espa\u00f1olista no ha resistido el paso del tiempo.'><sup>15<\/sup><\/a><\/span>. Pouy, que desde el siglo XIX se llama Saint Vincent de Paul en honor de su m\u00e1s ilustre hijo, es hoy un elegante pueblecito de veraneantes y jubilados, con asfaltadas calles, lindos chal\u00e9s de bien cuidados jardines y modernos y funcionales edificios p\u00fablicos. Hace cuatro siglos era una m\u00edsera aldehuela compuesta de caser\u00edos diseminados, como peque\u00f1os islotes, en medio de los pantanosos terrenos de las landas. En uno de esos caser\u00edos, el de Ranquine, viv\u00eda, a fines del siglo XVI, la familia formada por Juan de Paul y Beltrana de Moras. La casa que hoy se ofrece a los peregrinos en el lugar conocido como \u00able ber\u00e7eau de Saint Vincent\u00bb, a unos dos kil\u00f3metros del n\u00facleo principal del pueblo, tiene muy poco de com\u00fan con la que vio nacer a Vicente de Pa\u00fal. Pero ocupa la misma \u00e1rea, y delante de ella se alza a\u00fan, apuntalada con cemento, una vieja encina, reliquia del peque\u00f1o grupo de \u00e1rboles &#8211; encinas, casta\u00f1os, manzanos &#8211; que en otro tiempo crec\u00edan en el espacio de verdor &#8211; el \u00abairial\u00bb o \u00aberiaou\u00bb &#8211; que se abr\u00eda entre las construcciones correspondientes a la vivienda, el establo, las pocilgas, el gallinero&#8230;<span id='easy-footnote-16-50671' class='easy-footnote-margin-adjust'><\/span><span class='easy-footnote'><a href='https:\/\/vincentians.com\/es\/san-vicente-paul-biografia-01-una-infancia-campesina\/#easy-footnote-bottom-16-50671' title='Coste, M.V.,, t.1 p. 20-21: S. Serpette, &lt;em&gt;Le ber\u00e7eau de Saint Vincent de Paul&lt;\/em&gt; p. 12ss; Coste, &lt;em&gt;Histoire de la maison de Ranquine avant le XIXe si\u00e8cle&lt;\/em&gt;, en el Bulletin de la Soci\u00e9t\u00e9 de Borda (1906) p. 334ss.'><sup>16<\/sup><\/a><\/span>\n<p>El paisaje de las landas ha cambiado mucho desde el siglo XVI. No exist\u00edan entonces ni los profundos pinares ni las verdes plantaciones de ma\u00edz. Junto al r\u00edo se extend\u00eda una estrecha franja de prado comunal; m\u00e1s arriba, la tierra de labor, de dif\u00edcil cultivo a causa de lo arenoso del terreno; y, por fin, una vasta superficie semides\u00e9rtica abundante en charcos de aguas estancadas y traidores barrizales, cubierta por la t\u00edpica vegetaci\u00f3n de landa. Ac\u00e1 y all\u00e1 surg\u00eda, junto a un riachuelo o en el fondo de un vallecito recoleto, un oasis de verdor, efecto del movimiento de colonizaci\u00f3n de la landa, emprendido ya en la Edad Media e intensificado a partir de los siglos XVI y XVII<span id='easy-footnote-17-50671' class='easy-footnote-margin-adjust'><\/span><span class='easy-footnote'><a href='https:\/\/vincentians.com\/es\/san-vicente-paul-biografia-01-una-infancia-campesina\/#easy-footnote-bottom-17-50671' title='R. Cuzaco, &lt;em&gt;G\u00e9ographie historique des Landes, le Pays landais&lt;\/em&gt; (Lacoste 1962); &lt;em&gt;Parc Naturel regional des Landes de Gascogne&lt;\/em&gt; (Par\u00eds, S.E.T.O.).'><sup>17<\/sup><\/a><\/span>.<\/p>\n<p>En Pouy estaba establecido en 1581 \u2014se ignora desde cu\u00e1ndo\u2014 el matrimonio Pa\u00fal-Moras. El marido se llamaba Juan o Guillermo<span id='easy-footnote-18-50671' class='easy-footnote-margin-adjust'><\/span><span class='easy-footnote'><a href='https:\/\/vincentians.com\/es\/san-vicente-paul-biografia-01-una-infancia-campesina\/#easy-footnote-bottom-18-50671' title='Juan, seg\u00fan Abelly (o.c., L.1 c.2 p. 7); Guillermo, seg\u00fan el &lt;em&gt;Ristretto cronologico&amp;#8230;&lt;\/em&gt; p. 1 y Collet (o.c., t.1 p. 5).'><sup>18<\/sup><\/a><\/span>; la esposa, Beltrana. El primer bi\u00f3grafo espa\u00f1ol del Santo, Fr. Juan del Sant\u00edsimo Sacramento, hizo notar, ya en 1701, que los apellidos m\u00e1s bien parecen espa\u00f1oles que franceses, y apunt\u00f3 hacia un posible origen espa\u00f1ol de la familia: \u00abapellido que no corresponde a la lengua francesa y que parece propio espa\u00f1ol; lo que f\u00e1cilmente se puede creer, por ser la aldea donde viv\u00edan estos dichosos casados muy vecina a la raya de Catalu\u00f1a\u00bb<span id='easy-footnote-19-50671' class='easy-footnote-margin-adjust'><\/span><span class='easy-footnote'><a href='https:\/\/vincentians.com\/es\/san-vicente-paul-biografia-01-una-infancia-campesina\/#easy-footnote-bottom-19-50671' title='Juan del Sant\u00edsimo Sacramento, &lt;em&gt;Vida del Venerable Siervo de Dios Vicente de Pa\u00fal&lt;\/em&gt; (N\u00e1poles 1701) p. 2.'><sup>19<\/sup><\/a><\/span>. Evidentemente, las nociones de Fr. Juan sobre la exacta ubicaci\u00f3n de Pouy eran poco precisas, pero ello no resta fuerza a su testimonio. Coste se inclina a pensar que el origen del nombre familiar est\u00e1 en el arroyo de Paul, que a medio camino cruzaba la carretera que va desde la casa natal al santuario de Buglose, o en una casa del mismo nombre existente en Buglose. Pero su apoyo documental en este punto es decididamente escaso<span id='easy-footnote-20-50671' class='easy-footnote-margin-adjust'><\/span><span class='easy-footnote'><a href='https:\/\/vincentians.com\/es\/san-vicente-paul-biografia-01-una-infancia-campesina\/#easy-footnote-bottom-20-50671' title='Coste, M.V.,, t.1 p. 21.'><sup>20<\/sup><\/a><\/span>. La hip\u00f3tesis del origen espa\u00f1ol &#8211; en cuanto independiente del problema, del lugar de nacimiento &#8211; tiene s\u00f3lidas probabilidades<span id='easy-footnote-21-50671' class='easy-footnote-margin-adjust'><\/span><span class='easy-footnote'><a href='https:\/\/vincentians.com\/es\/san-vicente-paul-biografia-01-una-infancia-campesina\/#easy-footnote-bottom-21-50671' title='Las pruebas acumuladas por A. Hern\u00e1ndez y Fajarn\u00e9s e incrementadas hasta 1936 por el p\u00e1rroco de Tamarite D. Jos\u00e9 Merig\u00f3 y el abogado del mismo pueblo D. Joaqu\u00edn de Carpi Zaid\u00edn sobre la difusi\u00f3n de los apellidos de Pa\u00fal y Moras en la comarca de la Litera y, en general, en el Alto Arag\u00f3n son abrumadoras. Cf. A. Hern\u00e1ndez y Fajarn\u00e9s, o.c., p. 99-141.'><sup>21<\/sup><\/a><\/span>, sobre todo si se tiene en cuenta que, precisamente en la \u00e9poca del nacimiento del Santo, la libre circulaci\u00f3n de hombres, reba\u00f1os y mercanc\u00edas de una a otra vertiente de los Pirineos estaba garantizada por una serie de acuerdos llamados de \u00ablies et passerles\u00bb, que aseguraba el derecho de espa\u00f1oles y franceses a comerciar y tratar libremente incluso en tiempo de guerra. La \u00abpasser\u00ede\u00bb acordada en 1513-1514 fue tan importante, que se ha llegado a hablar de un \u00abEstado pirenaico\u00bb, subsistente hasta finales del siglo XVIII<span id='easy-footnote-22-50671' class='easy-footnote-margin-adjust'><\/span><span class='easy-footnote'><a href='https:\/\/vincentians.com\/es\/san-vicente-paul-biografia-01-una-infancia-campesina\/#easy-footnote-bottom-22-50671' title='J. F. Soulet, &lt;em&gt;La vie quotidienne dans les Pyr\u00e9n\u00e9es sous l&amp;#8217;ancient r\u00e9gime du XVIe au XVIIe si\u00e8cles&lt;\/em&gt; (Par\u00eds. Hachette. 1974) p. 1\u00aa c.3'><sup>22<\/sup><\/a><\/span>. En tales circunstancias, la emigraci\u00f3n y establecimiento en Francia de antepasados aragoneses, m\u00e1s o menos inmediatos de Vicente de Pa\u00fal, no resulta nada inveros\u00edmil.<\/p>\n<p>En 1581, la familia Pa\u00fal y Moras contaba ya con dos hijos: Juan y Bernardo. Despu\u00e9s de Vicente, que fue el tercero, nacer\u00edan todav\u00eda otros tres: Domingo, conocido familiarmente por los diminutivos de Gayon y Menion, y dos Mar\u00edas, una que andando el tiempo contraer\u00eda matrimonio con Gregorio Delartigue y otra que se casar\u00eda con Juan Daigrand, llamado tambi\u00e9n de Paillole por la casa en que viv\u00eda. Todos los hermanos, menos el mayor, viv\u00edan todav\u00eda en 1630<span id='easy-footnote-23-50671' class='easy-footnote-margin-adjust'><\/span><span class='easy-footnote'><a href='https:\/\/vincentians.com\/es\/san-vicente-paul-biografia-01-una-infancia-campesina\/#easy-footnote-bottom-23-50671' title='Los nombres de los hermanos y cu\u00f1ados del Santo aparecen, con algunas variantes, en dos actas notariales: la donaci\u00f3n inter vivos, del 4 de septiembre de 1626, publicada por Coste en S.V.P. (XIII p. 61-63) y el testamento, fechado el 7 de septiembre de 1630, publicado en &lt;em&gt;Annales&lt;\/em&gt; (1936) p. 705-706, y que Coste no conoci\u00f3.'><sup>23<\/sup><\/a><\/span>. Seis hijos no constitu\u00edan una familia excesivamente numerosa para las costumbres de la \u00e9poca. Era una s\u00f3lida y patriarcal familia campesina que necesitaba brazos en abundancia para la unidad econ\u00f3mica rural que constitu\u00eda.<\/p>\n<h3>\u00abHonesta y pasablemente seg\u00fan su condici\u00f3n\u00bb<\/h3>\n<p>En su ancianidad de santo, Vicente de Pa\u00fal, empe\u00f1ado en empeque\u00f1ecer cuanto de cerca o de lejos se refer\u00eda a su persona, insistir\u00e1 una y otra vez en sus humildes or\u00edgenes familiares<span id='easy-footnote-24-50671' class='easy-footnote-margin-adjust'><\/span><span class='easy-footnote'><a href='https:\/\/vincentians.com\/es\/san-vicente-paul-biografia-01-una-infancia-campesina\/#easy-footnote-bottom-24-50671' title='S.V.P. II p. 3 y 51; IV p. 215; VIII p. 138; IX p. 15; X p. 681; XII p. 21 270 297: ES II p. 9, 51; IV p. 210; VIII p. 126; IX p. 34 1195; XI p. 337 559 582.'><sup>24<\/sup><\/a><\/span>, en su baja condici\u00f3n social<span id='easy-footnote-25-50671' class='easy-footnote-margin-adjust'><\/span><span class='easy-footnote'><a href='https:\/\/vincentians.com\/es\/san-vicente-paul-biografia-01-una-infancia-campesina\/#easy-footnote-bottom-25-50671' title='Abelly, o.c., L.3 c.13 p. 204.'><sup>25<\/sup><\/a><\/span>, en su pobreza y miseria<span id='easy-footnote-26-50671' class='easy-footnote-margin-adjust'><\/span><span class='easy-footnote'><a href='https:\/\/vincentians.com\/es\/san-vicente-paul-biografia-01-una-infancia-campesina\/#easy-footnote-bottom-26-50671' title='S.V.P.. XII p. 220: ES XI p. 518'><sup>26<\/sup><\/a><\/span>. Si le tom\u00e1ramos al pie de la letra, le creer\u00edamos nacido en una familia de desheredados, casi de pordioseros. No es \u00e9sa la verdad. Eran, s\u00ed, campesinos, y en ese concepto ocupaban los escalones m\u00e1s bajos de la sociedad estamental, r\u00edgidamente jerarquizado, del Antiguo R\u00e9gimen. Pero eran campesinos libres, no simples braceros; ni siquiera arrendatarios o colonos, sino peque\u00f1os propietarios, poseedores de algunos pedazos de tierra, de bosque y de sembradura, con casa, granja y variedad de animales dom\u00e9sticos: ovejas, bueyes y vacas, cerdos<span id='easy-footnote-27-50671' class='easy-footnote-margin-adjust'><\/span><span class='easy-footnote'><a href='https:\/\/vincentians.com\/es\/san-vicente-paul-biografia-01-una-infancia-campesina\/#easy-footnote-bottom-27-50671' title='Abelly, o.c., L.1 c.2 p. 7; Collet, o.c., t. 1 p. 5; S.V.P. II p. 3; IV p. 215; XIII p. 61-63: ES II p. 9; IV p. 210; Annales (1936) p. 705-706.'><sup>27<\/sup><\/a><\/span>: la clase social cuya historia, como se ha escrito, ser\u00eda la verdadera historia de Francia, una Francia donde la aldea constitu\u00eda el encuadramiento social fundamental<span id='easy-footnote-28-50671' class='easy-footnote-margin-adjust'><\/span><span class='easy-footnote'><a href='https:\/\/vincentians.com\/es\/san-vicente-paul-biografia-01-una-infancia-campesina\/#easy-footnote-bottom-28-50671' title='V.-L. Tapi\u00e9, &lt;em&gt;\u00a0La France de Louis XIII et de Richelieu&lt;\/em&gt; p. 34; R. Mandrou, &lt;em&gt;Francia en los siglos XVII y XVIII&lt;\/em&gt; p. 10.'><sup>28<\/sup><\/a><\/span>. Collet asegura incluso que por parte de la madre hab\u00edan logrado el modesto relieve social que en el campo y en las peque\u00f1as ciudades provincianas procura el desempe\u00f1o de ciertos oficios menores. Alg\u00fan miembro de la familia hab\u00eda llegado a ejercer como abogado en el Parlamento de Burdeos<span id='easy-footnote-29-50671' class='easy-footnote-margin-adjust'><\/span><span class='easy-footnote'><a href='https:\/\/vincentians.com\/es\/san-vicente-paul-biografia-01-una-infancia-campesina\/#easy-footnote-bottom-29-50671' title='Collet, o.c. t.1 p. 110.'><sup>29<\/sup><\/a><\/span>, y por el lado paterno contaba con eclesi\u00e1sticos relativamente bien situados: un Esteban de Pa\u00fal, que era prior del hospital de Poymartet<span id='easy-footnote-30-50671' class='easy-footnote-margin-adjust'><\/span><span class='easy-footnote'><a href='https:\/\/vincentians.com\/es\/san-vicente-paul-biografia-01-una-infancia-campesina\/#easy-footnote-bottom-30-50671' title='S. Serpette, o.c., p. 9.'><sup>30<\/sup><\/a><\/span>, y un Domingo Dusin, t\u00edo de Vicente, que en la juventud de \u00e9ste ser\u00eda p\u00e1rroco de Pouy<span id='easy-footnote-31-50671' class='easy-footnote-margin-adjust'><\/span><span class='easy-footnote'><a href='https:\/\/vincentians.com\/es\/san-vicente-paul-biografia-01-una-infancia-campesina\/#easy-footnote-bottom-31-50671' title='S.V.P. IX p. 81: ES IX p. 92.'><sup>31<\/sup><\/a><\/span>.<\/p>\n<p>Familia modesta, pero que, en expresi\u00f3n del propio Vicente, gracias al trabajo, pod\u00eda \u00abvivir honesta y pasablemente seg\u00fan su condici\u00f3n\u00bb y cumplir el mandato divino de \u00abganar el pan con el sudor de su rostro\u00bb<span id='easy-footnote-32-50671' class='easy-footnote-margin-adjust'><\/span><span class='easy-footnote'><a href='https:\/\/vincentians.com\/es\/san-vicente-paul-biografia-01-una-infancia-campesina\/#easy-footnote-bottom-32-50671' title='Abelly, o.c., L.1 c.2 p. 8 y L.3 c.19 p. 291.'><sup>32<\/sup><\/a><\/span>. Necesitaba, como ha sucedido siempre en el campo, de la colaboraci\u00f3n laboriosa de todos sus miembros apenas llegados a la edad de poder realizar alg\u00fan trabajo \u00fatil. Vicente recordar\u00e1 en su ancianidad, con velada ternura, la hacendosa y sacrificada actividad de su madre y de sus hermanas: proponiendo a las Hijas de la Caridad, como modelo, las virtudes de las buenas aldeanas, que \u00abconozco &#8211; dice &#8211; por experiencia y por nacimiento, ya que soy hijo de un pobre labrador y he vivido en el campo hasta la edad de quince a\u00f1os\u00bb<span id='easy-footnote-33-50671' class='easy-footnote-margin-adjust'><\/span><span class='easy-footnote'><a href='https:\/\/vincentians.com\/es\/san-vicente-paul-biografia-01-una-infancia-campesina\/#easy-footnote-bottom-33-50671' title='S.V.P. IX p. 81: ES p. 92.'><sup>33<\/sup><\/a><\/span>, describe una escena que sus ojos de ni\u00f1o habr\u00edan contemplado infinidad de veces:<\/p>\n<p style=\"padding-left: 30px;\">\u00abVuelven fatigadas de su trabajo a casa, para tomar un ligero descanso, cansadas y fatigadas, mojadas y llenas de barro; pero apenas llegan tienen que ponerse de nuevo a trabajar, si hay que hacer algo; y si su padre o su madre les mandan que vuelvan, enseguida vuelven, sin pensar en su cansancio ni en el barro y sin mirar c\u00f3mo est\u00e1n arregladas\u00bb<span id='easy-footnote-34-50671' class='easy-footnote-margin-adjust'><\/span><span class='easy-footnote'><a href='https:\/\/vincentians.com\/es\/san-vicente-paul-biografia-01-una-infancia-campesina\/#easy-footnote-bottom-34-50671' title='S.V.P. IX p. 91: ES p. 101.'><sup>34<\/sup><\/a><\/span>.<\/p>\n<p>Vicente ha evocado tambi\u00e9n la sobriedad de la mesa familiar, con pinceladas que recuerdan los cuadros de tema campesino de los hermanos Le Nain o de Jorge Latour:<\/p>\n<p style=\"padding-left: 30px;\">\u00abEn el pa\u00eds de donde yo procedo se alimentan con un peque\u00f1o grano llamado mijo, que se pone a cocer en un puchero; a la hora de la comida se echa en un plato, y los de la casa se ponen alrededor a tomar su raci\u00f3n y despu\u00e9s se van a trabajar\u00bb. \u00abLa mayor parte se contentan muchas veces con pan y sopa, aunque trabajan incesantemente y en trabajos fatigosos<span id='easy-footnote-35-50671' class='easy-footnote-margin-adjust'><\/span><span class='easy-footnote'><a href='https:\/\/vincentians.com\/es\/san-vicente-paul-biografia-01-una-infancia-campesina\/#easy-footnote-bottom-35-50671' title='S.V.P. IX p. 84: ES p. 94.'><sup>35<\/sup><\/a><\/span>.<\/p>\n<p>Vicente de Pa\u00fal idealiza, sin duda, en un doble sentido: en el de presentar un retrato id\u00edlico de las virtudes aldeanas y en el de exagerar, acaso, la escasez de recursos alimenticios; pero sus sobrios trazos descriptivos concuerdan extra\u00f1amente con los modernos estudios de los historiadores de la econom\u00eda y tiene el valor inestimable de poner ante nuestros ojos el ambiente de su propia infancia.<\/p>\n<h3>\u00abYo he guardado animales\u00bb<\/h3>\n<p>En el seno de una familia modesta y laboriosa, el ni\u00f1o Vicente hubo de empezar a aportar muy pronto su propio esfuerzo. Un trabajo parece estar destinado, por su propia naturaleza, a los hijos de labradores en sus a\u00f1os m\u00e1s tiernos: el cuidado del peque\u00f1o o grande reba\u00f1o familiar. Vicente fue muy pronto pastor. Pastor de ovejas, de vacas y de cerdos<span id='easy-footnote-36-50671' class='easy-footnote-margin-adjust'><\/span><span class='easy-footnote'><a href='https:\/\/vincentians.com\/es\/san-vicente-paul-biografia-01-una-infancia-campesina\/#easy-footnote-bottom-36-50671' title='S.V.P. II p. 3; IV p. 215: ES II p. 9; IV p. 210.'><sup>36<\/sup><\/a><\/span>, aunque \u00e9l, por creerlo m\u00e1s denigrante, haya acentuado con frecuencia este \u00faltimo aspecto. Su contribuci\u00f3n a la econom\u00eda dom\u00e9stica no era despreciable. En la organizaci\u00f3n agropecuaria de la landa, el pastor es figura clave. Debemos imaginarnos al joven hijo de los de Pa\u00fal encaramado en sus altos zancos, que permit\u00edan franquear sin riesgos el pantanoso y embarrado terreno, vestido con gruesa pelliza de cordero, apoyado en el largo bast\u00f3n, cuya horquilla le serv\u00eda de precario asiento durante las interminables paradas impuestas por el lento pastar de las ovejas o el \u00e1vido hozar de los cerdos bajo las encinas. Pendientes de los hombros, el zurr\u00f3n de cuero, con el magro almuerzo, y el cuerno, empu\u00f1ado a la hora de reunir el reba\u00f1o para la vuelta a casa o para dar la alarma cuando se divisaba al lobo. En las manos, la gaita campesina con que entretener la soledad o, acaso, la rueca de hilar, otra industria con que contribuir a la econom\u00eda familiar. As\u00ed es por lo menos como la investigaci\u00f3n sociol\u00f3gica y costumbrista ha logrado en nuestros d\u00edas reconstruir la figura del pastor land\u00e9s de fines del siglo XVI<span id='easy-footnote-37-50671' class='easy-footnote-margin-adjust'><\/span><span class='easy-footnote'><a href='https:\/\/vincentians.com\/es\/san-vicente-paul-biografia-01-una-infancia-campesina\/#easy-footnote-bottom-37-50671' title='&lt;em&gt;Parc Naturel regional des Landes&lt;\/em&gt; p. 22.'><sup>37<\/sup><\/a><\/span>. No siempre regresaba a casa al anochecer. En busca de buen pasto, sus desplazamientos le llevaron a veces hasta Montgaillard, a unos cincuenta kil\u00f3metros de Pouy. Lo sabemos porque as\u00ed se lo dijo \u00e9l un d\u00eda al obispo de Saint Pons, Persin de Montgaillard, creyendo que el castillo que daba nombre a la familia del prelado era el Montgaillard de su tierra: \u00abLo conozco bien; de ni\u00f1o, yo guardaba los animales y los llevaba hacia ese lugar\u00bb<span id='easy-footnote-38-50671' class='easy-footnote-margin-adjust'><\/span><span class='easy-footnote'><a href='https:\/\/vincentians.com\/es\/san-vicente-paul-biografia-01-una-infancia-campesina\/#easy-footnote-bottom-38-50671' title='Collet, o.c., t.2 p. 195.'><sup>38<\/sup><\/a><\/span>. Preciosa equivocaci\u00f3n que nos permite a nosotros seguir sobre el mapa uno de los itinerarios del pastorcillo y hacernos cargo de la importancia relativa del reba\u00f1o confiado a sus cuidados: no se lleva tan lejos un n\u00famero escaso de animales.<\/p>\n<p>\u00bfEra religiosa la familia de Pa\u00fal? Los bi\u00f3grafos primitivos nos desesperan un poco con los habituales t\u00f3picos hagiogr\u00e1ficos: \u00abla piedad, el candor y la inocencia de costumbres reemplazaban ante Dios la fortuna que les faltaba ante los hombres\u00bb, escribe uno de ellos<span id='easy-footnote-39-50671' class='easy-footnote-margin-adjust'><\/span><span class='easy-footnote'><a href='https:\/\/vincentians.com\/es\/san-vicente-paul-biografia-01-una-infancia-campesina\/#easy-footnote-bottom-39-50671' title='Collet, o.c., t.1 p. 5.'><sup>39<\/sup><\/a><\/span>; \u00abpobres de bienes de fortuna, pero ricos de bendiciones del cielo\u00bb, dice otro<span id='easy-footnote-40-50671' class='easy-footnote-margin-adjust'><\/span><span class='easy-footnote'><a href='https:\/\/vincentians.com\/es\/san-vicente-paul-biografia-01-una-infancia-campesina\/#easy-footnote-bottom-40-50671' title='Juan del Sant\u00edsimo Sacramento, o.c., p. 2.'><sup>40<\/sup><\/a><\/span>. Vicente ser\u00e1 m\u00e1s penetrante y menos convencional al retratar la religiosidad campesina sobre el tel\u00f3n de fondo de los recuerdos de su infancia:<\/p>\n<p style=\"padding-left: 30px;\">\u00ab\u00bfHab\u00e9is visto jam\u00e1s a personas m\u00e1s llenas de confianza en Dios que los buenos aldeanos? Siembran sus granos, luego esperan de Dios el beneficio de su cosecha, y si Dios permite que no sea buena, no por eso dejan de tener confianza en \u00e9l para su alimento de todo el a\u00f1o. Tienen a veces p\u00e9rdidas, pero el amor que tienen a su pobreza, por sumisi\u00f3n a Dios, les hace decir: &#8216;\u00a1Dios nos lo hab\u00eda dado, Dios nos lo quita; sea bendito su santo nombre!&#8217; Y con tal que puedan vivir, como esto no les falta nunca, no se preocupan del porvenir\u00bb<span id='easy-footnote-41-50671' class='easy-footnote-margin-adjust'><\/span><span class='easy-footnote'><a href='https:\/\/vincentians.com\/es\/san-vicente-paul-biografia-01-una-infancia-campesina\/#easy-footnote-bottom-41-50671' title='S.V.P. IX p. 88-89: ES p. 99.'><sup>41<\/sup><\/a><\/span>.<\/p>\n<p>Era la fe elemental y robusta de las viejas iglesias europeas, fe que ha dado su solidez a las cristiandades de Occidente y que de cuando en cuando ha hecho abrirse, como un milagro, sobre el a\u00f1oso tronco de ciertas familias campesinas, esas delicadas flores de santidad que pueden llamarse Juana de Arco, Juan de la Cruz, Juan Mar\u00eda Vianney o&#8230; Vicente de Pa\u00fal.<\/p>\n<h3>Florecillas infantiles<\/h3>\n<p>Educado en ese ambiente, nada tiene de extra\u00f1o que el joven Vicente diera pronto muestras de piedad s\u00f3lida e inteligente. Los testigos encuestados por encargo de Abelly recordaban que de ni\u00f1o, cuando iba hacia el molino, abr\u00eda el saco de harina y repart\u00eda pu\u00f1ados de ella a los pobres que encontraba por el camino, lo que su padre, \u00abque era hombre de bien, no llevaba a mal\u00bb. Otras veces les daba parte del pan contenido en su zurroncillo de pastor, y en una ocasi\u00f3n, habiendo logrado ahorrar hasta treinta sueldos \u2014una fortuna para su edad y para un pa\u00eds donde el dinero escaseaba\u2014, se los entreg\u00f3 \u00edntegros a un mendigo que le pareci\u00f3 especialmente necesitado<span id='easy-footnote-42-50671' class='easy-footnote-margin-adjust'><\/span><span class='easy-footnote'><a href='https:\/\/vincentians.com\/es\/san-vicente-paul-biografia-01-una-infancia-campesina\/#easy-footnote-bottom-42-50671' title='Abelly, o.c., L.1 c.2 p. 9; Collet, o.c., t.1 p. 6-7.'><sup>42<\/sup><\/a><\/span>.<\/p>\n<p>Los hagi\u00f3grafos tradicionales antiguos y modernos, sin excluir a Coste, han visto en esos relatos se\u00f1ales inequ\u00edvocas de una santidad precoz, presagiadora ya de los altos destinos del futuro ap\u00f3stol de la caridad. En el extremo opuesto, bi\u00f3grafos supuestamente desmitificadores han pretendido negarles historicidad y desecharlos como fruto de la imaginaci\u00f3n de los buenos paisanos, deseosos de encumbrar a \u00absu\u00bb santo<span id='easy-footnote-43-50671' class='easy-footnote-margin-adjust'><\/span><span class='easy-footnote'><a href='https:\/\/vincentians.com\/es\/san-vicente-paul-biografia-01-una-infancia-campesina\/#easy-footnote-bottom-43-50671' title='A. Redier, &lt;em&gt;La vraie vie de Saint Vincent de Paul&lt;\/em&gt;, (Paris, Grasset, 1947) p. 13.'><sup>43<\/sup><\/a><\/span>. Nada hay en esos humildes relatos que obligue a desconfiar de su veracidad. En el fondo, los actos caritativos atribuidos a Vicente ni\u00f1o no pasan de ser la respuesta d\u00f3cil de un coraz\u00f3n infantil, generoso y bueno, a la educaci\u00f3n recibida en el seno de una familia cristiana. El mismo ambiente explicar\u00eda tambi\u00e9n otros rasgos piadosos atribuidos por la tradici\u00f3n al pastorcillo Vicente: sus frecuentes visitas a las ruinas del viejo santuario de Nuestra Se\u00f1ora de Buglose &#8211; el nuevo no exist\u00eda todav\u00eda &#8211; o la colocaci\u00f3n de una imagen de Mar\u00eda en el hueco de la encina plantada en medio del \u00abairial\u00bb paterno para ofrecerle, ante ese improvisado oratorio, el homenaje de sus plegarias<span id='easy-footnote-44-50671' class='easy-footnote-margin-adjust'><\/span><span class='easy-footnote'><a href='https:\/\/vincentians.com\/es\/san-vicente-paul-biografia-01-una-infancia-campesina\/#easy-footnote-bottom-44-50671' title='U. Maynard, &lt;em&gt;Saint Vincent de Paul &lt;\/em&gt;(Par\u00eds 1886) t.1 p. 5-7. Para los problemas suscitados por la historia del santuario de Buglose, cuya existencia no consta con seguridad sino a partir de 1620, cf. Coste, M.V.., t.1 p. 25-28.'><sup>44<\/sup><\/a><\/span>. Mucho m\u00e1s inciertos que los rasgos caritativos narrados por Abelly, acaso haya que cargar tales actos de piedad en la cuenta de la devota labor de realce que el cari\u00f1o popular gusta de bordar en torno a las figuras que ama.<\/p>\n<p>Lo que sabemos con certeza es que el joven Vicente destacaba entre sus hermanos y compa\u00f1eros por un esp\u00edritu despierto y vivo, por la rapidez y frescor de su inteligencia. El calculador campesino que era su padre vio en ello un capital que deb\u00eda ser explotado. Decidi\u00f3 hacerle estudiar. En la cerrada sociedad estamental, el estudio, sobre todo si conduc\u00eda a las filas del clero, era el \u00fanico camino hacia la promoci\u00f3n social abierto a los miembros del tercer estado. En la vecina ciudad de Dax, los franciscanos regentaban un internado adyacente a un colegio de lo que hoy llamar\u00edamos de segunda ense\u00f1anza. La pensi\u00f3n no era excesivamente elevada: sesenta libras anuales, pero representaba un costoso gravamen para la apretada econom\u00eda del labrador land\u00e9s. Val\u00eda, sin embargo, la pena de hacer el esfuerzo: ante sus propios ojos ten\u00eda Juan de Pa\u00fal el ejemplo de un prior de nivel social parecido al suyo que con las rentas de su beneficio hab\u00eda mejorado sensiblemente la situaci\u00f3n econ\u00f3mica de sus familiares<span id='easy-footnote-45-50671' class='easy-footnote-margin-adjust'><\/span><span class='easy-footnote'><a href='https:\/\/vincentians.com\/es\/san-vicente-paul-biografia-01-una-infancia-campesina\/#easy-footnote-bottom-45-50671' title='Abelly, o.c., L.1 c.2 p. 6-10; Coste, M.V., t.1 p. 29-30.'><sup>45<\/sup><\/a><\/span>. Corr\u00eda el a\u00f1o 1594. Vicente estaba pr\u00f3ximo a los quince a\u00f1os. Ya era hora de tomar una determinaci\u00f3n.<\/p>\n","protected":false},"excerpt":{"rendered":"<p>Primera parte: La infancia sin historia (1581-1600) Cap\u00edtulo I: Una infancia campesina La etapa peor conocida de la vida de Vicente de Pa\u00fal es, como la de otros muchos personajes c\u00e9lebres, su infancia. \u00bfQui\u00e9n pod\u00eda &#8230; <a href=\"https:\/\/vincentians.com\/es\/san-vicente-paul-biografia-01-una-infancia-campesina\/\" class=\"more-link\">Read More<\/a><\/p>\n","protected":false},"author":4,"featured_media":149545,"comment_status":"open","ping_status":"open","sticky":false,"template":"","format":"standard","meta":{"jetpack_post_was_ever_published":false,"_jetpack_newsletter_access":"","_jetpack_dont_email_post_to_subs":false,"_jetpack_newsletter_tier_id":0,"_jetpack_memberships_contains_paywalled_content":false,"_jetpack_memberships_contains_paid_content":false,"footnotes":"","jetpack_publicize_message":"","jetpack_publicize_feature_enabled":true,"jetpack_social_post_already_shared":true,"jetpack_social_options":{"image_generator_settings":{"template":"highway","default_image_id":0,"font":"","enabled":false},"version":2}},"categories":[5],"tags":[218,142,121,172,117,267,143],"class_list":["post-50671","post","type-post","status-publish","format-standard","has-post-thumbnail","hentry","category-vicente-de-paul","tag-abelly","tag-collet","tag-du-fresne","tag-pobreza","tag-pouy","tag-saint-martin","tag-san-lazaro"],"yoast_head":"<!-- This site is optimized with the Yoast SEO plugin v26.3 - https:\/\/yoast.com\/wordpress\/plugins\/seo\/ -->\n<title>San Vicente de Pa\u00fal, biograf\u00eda: 01 - Una infancia campesina - Somos Vicencianos<\/title>\n<meta name=\"robots\" content=\"index, follow, max-snippet:-1, max-image-preview:large, max-video-preview:-1\" \/>\n<link rel=\"canonical\" href=\"https:\/\/vincentians.com\/es\/san-vicente-paul-biografia-01-una-infancia-campesina\/\" \/>\n<meta property=\"og:locale\" content=\"es_ES\" \/>\n<meta property=\"og:type\" content=\"article\" \/>\n<meta property=\"og:title\" content=\"San Vicente de Pa\u00fal, biograf\u00eda: 01 - Una infancia campesina - Somos Vicencianos\" \/>\n<meta property=\"og:description\" content=\"Primera parte: La infancia sin historia (1581-1600) Cap\u00edtulo I: Una infancia campesina La etapa peor conocida de la vida de Vicente de Pa\u00fal es, como la de otros muchos personajes c\u00e9lebres, su infancia. \u00bfQui\u00e9n pod\u00eda ... Read More\" \/>\n<meta property=\"og:url\" content=\"https:\/\/vincentians.com\/es\/san-vicente-paul-biografia-01-una-infancia-campesina\/\" \/>\n<meta property=\"og:site_name\" content=\"Somos Vicencianos\" \/>\n<meta property=\"article:publisher\" content=\"https:\/\/www.facebook.com\/WeAreVincentians\/\" \/>\n<meta property=\"article:author\" content=\"https:\/\/www.facebook.com\/JavierChento\" \/>\n<meta property=\"article:published_time\" content=\"2016-12-21T11:00:10+00:00\" \/>\n<meta property=\"og:image\" content=\"https:\/\/i0.wp.com\/vincentians.com\/es\/wp-content\/uploads\/sites\/11\/2016\/07\/Saint-Vincent-de-Paul-a-biography.jpg?fit=1200%2C630&ssl=1\" \/>\n\t<meta property=\"og:image:width\" content=\"1200\" \/>\n\t<meta property=\"og:image:height\" content=\"630\" \/>\n\t<meta property=\"og:image:type\" content=\"image\/jpeg\" \/>\n<meta name=\"author\" content=\"Francisco Javier Fern\u00e1ndez Chento\" \/>\n<meta name=\"twitter:card\" content=\"summary_large_image\" \/>\n<meta name=\"twitter:creator\" content=\"@https:\/\/twitter.com\/javierchento\" \/>\n<meta name=\"twitter:site\" content=\"@WeVincentians\" \/>\n<meta name=\"twitter:label1\" content=\"Escrito por\" \/>\n\t<meta name=\"twitter:data1\" content=\"Francisco Javier Fern\u00e1ndez Chento\" \/>\n\t<meta name=\"twitter:label2\" content=\"Tiempo de lectura\" \/>\n\t<meta name=\"twitter:data2\" content=\"30 minutos\" \/>\n<script type=\"application\/ld+json\" class=\"yoast-schema-graph\">{\"@context\":\"https:\/\/schema.org\",\"@graph\":[{\"@type\":\"Article\",\"@id\":\"https:\/\/vincentians.com\/es\/san-vicente-paul-biografia-01-una-infancia-campesina\/#article\",\"isPartOf\":{\"@id\":\"https:\/\/vincentians.com\/es\/san-vicente-paul-biografia-01-una-infancia-campesina\/\"},\"author\":{\"name\":\"Francisco Javier Fern\u00e1ndez Chento\",\"@id\":\"https:\/\/vincentians.com\/es\/#\/schema\/person\/9623ef4d9aa3b2dfb8c061f1499288f2\"},\"headline\":\"San Vicente de Pa\u00fal, biograf\u00eda: 01 &#8211; Una infancia campesina\",\"datePublished\":\"2016-12-21T11:00:10+00:00\",\"mainEntityOfPage\":{\"@id\":\"https:\/\/vincentians.com\/es\/san-vicente-paul-biografia-01-una-infancia-campesina\/\"},\"wordCount\":6038,\"commentCount\":0,\"publisher\":{\"@id\":\"https:\/\/vincentians.com\/es\/#organization\"},\"image\":{\"@id\":\"https:\/\/vincentians.com\/es\/san-vicente-paul-biografia-01-una-infancia-campesina\/#primaryimage\"},\"thumbnailUrl\":\"https:\/\/i0.wp.com\/vincentians.com\/es\/wp-content\/uploads\/sites\/11\/2016\/07\/Saint-Vincent-de-Paul-a-biography.jpg?fit=1200%2C630&ssl=1\",\"keywords\":[\"Abelly\",\"Collet\",\"Du Fresne\",\"Pobreza\",\"Pouy\",\"Saint Martin\",\"San L\u00e1zaro\"],\"articleSection\":[\"Vicente de Pa\u00fal\"],\"inLanguage\":\"es\",\"potentialAction\":[{\"@type\":\"CommentAction\",\"name\":\"Comment\",\"target\":[\"https:\/\/vincentians.com\/es\/san-vicente-paul-biografia-01-una-infancia-campesina\/#respond\"]}]},{\"@type\":\"WebPage\",\"@id\":\"https:\/\/vincentians.com\/es\/san-vicente-paul-biografia-01-una-infancia-campesina\/\",\"url\":\"https:\/\/vincentians.com\/es\/san-vicente-paul-biografia-01-una-infancia-campesina\/\",\"name\":\"San Vicente de Pa\u00fal, biograf\u00eda: 01 - Una infancia campesina - Somos Vicencianos\",\"isPartOf\":{\"@id\":\"https:\/\/vincentians.com\/es\/#website\"},\"primaryImageOfPage\":{\"@id\":\"https:\/\/vincentians.com\/es\/san-vicente-paul-biografia-01-una-infancia-campesina\/#primaryimage\"},\"image\":{\"@id\":\"https:\/\/vincentians.com\/es\/san-vicente-paul-biografia-01-una-infancia-campesina\/#primaryimage\"},\"thumbnailUrl\":\"https:\/\/i0.wp.com\/vincentians.com\/es\/wp-content\/uploads\/sites\/11\/2016\/07\/Saint-Vincent-de-Paul-a-biography.jpg?fit=1200%2C630&ssl=1\",\"datePublished\":\"2016-12-21T11:00:10+00:00\",\"breadcrumb\":{\"@id\":\"https:\/\/vincentians.com\/es\/san-vicente-paul-biografia-01-una-infancia-campesina\/#breadcrumb\"},\"inLanguage\":\"es\",\"potentialAction\":[{\"@type\":\"ReadAction\",\"target\":[\"https:\/\/vincentians.com\/es\/san-vicente-paul-biografia-01-una-infancia-campesina\/\"]}]},{\"@type\":\"ImageObject\",\"inLanguage\":\"es\",\"@id\":\"https:\/\/vincentians.com\/es\/san-vicente-paul-biografia-01-una-infancia-campesina\/#primaryimage\",\"url\":\"https:\/\/i0.wp.com\/vincentians.com\/es\/wp-content\/uploads\/sites\/11\/2016\/07\/Saint-Vincent-de-Paul-a-biography.jpg?fit=1200%2C630&ssl=1\",\"contentUrl\":\"https:\/\/i0.wp.com\/vincentians.com\/es\/wp-content\/uploads\/sites\/11\/2016\/07\/Saint-Vincent-de-Paul-a-biography.jpg?fit=1200%2C630&ssl=1\",\"width\":1200,\"height\":630},{\"@type\":\"BreadcrumbList\",\"@id\":\"https:\/\/vincentians.com\/es\/san-vicente-paul-biografia-01-una-infancia-campesina\/#breadcrumb\",\"itemListElement\":[{\"@type\":\"ListItem\",\"position\":1,\"name\":\"Portada\",\"item\":\"https:\/\/vincentians.com\/es\/\"},{\"@type\":\"ListItem\",\"position\":2,\"name\":\"San Vicente de Pa\u00fal, biograf\u00eda: 01 &#8211; Una infancia campesina\"}]},{\"@type\":\"WebSite\",\"@id\":\"https:\/\/vincentians.com\/es\/#website\",\"url\":\"https:\/\/vincentians.com\/es\/\",\"name\":\"Somos Vicencianos\",\"description\":\"Know more to serve more\",\"publisher\":{\"@id\":\"https:\/\/vincentians.com\/es\/#organization\"},\"potentialAction\":[{\"@type\":\"SearchAction\",\"target\":{\"@type\":\"EntryPoint\",\"urlTemplate\":\"https:\/\/vincentians.com\/es\/?s={search_term_string}\"},\"query-input\":{\"@type\":\"PropertyValueSpecification\",\"valueRequired\":true,\"valueName\":\"search_term_string\"}}],\"inLanguage\":\"es\"},{\"@type\":\"Organization\",\"@id\":\"https:\/\/vincentians.com\/es\/#organization\",\"name\":\"The Vincentian Network\",\"url\":\"https:\/\/vincentians.com\/es\/\",\"logo\":{\"@type\":\"ImageObject\",\"inLanguage\":\"es\",\"@id\":\"https:\/\/vincentians.com\/es\/#\/schema\/logo\/image\/\",\"url\":\"https:\/\/i1.wp.com\/vincentians.com\/es\/wp-content\/uploads\/sites\/11\/2016\/06\/Vincentian-Network-logo-big.png?fit=778%2C778\",\"contentUrl\":\"https:\/\/i1.wp.com\/vincentians.com\/es\/wp-content\/uploads\/sites\/11\/2016\/06\/Vincentian-Network-logo-big.png?fit=778%2C778\",\"width\":778,\"height\":778,\"caption\":\"The Vincentian Network\"},\"image\":{\"@id\":\"https:\/\/vincentians.com\/es\/#\/schema\/logo\/image\/\"},\"sameAs\":[\"https:\/\/www.facebook.com\/WeAreVincentians\/\",\"https:\/\/x.com\/WeVincentians\"]},{\"@type\":\"Person\",\"@id\":\"https:\/\/vincentians.com\/es\/#\/schema\/person\/9623ef4d9aa3b2dfb8c061f1499288f2\",\"name\":\"Francisco Javier Fern\u00e1ndez Chento\",\"image\":{\"@type\":\"ImageObject\",\"inLanguage\":\"es\",\"@id\":\"https:\/\/vincentians.com\/es\/#\/schema\/person\/image\/\",\"url\":\"https:\/\/secure.gravatar.com\/avatar\/497d5cde87b4c3d097d0315953521681ba2cd523ee66e5077c3711f7021e65de?s=96&d=mm&r=g\",\"contentUrl\":\"https:\/\/secure.gravatar.com\/avatar\/497d5cde87b4c3d097d0315953521681ba2cd523ee66e5077c3711f7021e65de?s=96&d=mm&r=g\",\"caption\":\"Francisco Javier Fern\u00e1ndez Chento\"},\"description\":\"Director General y cofundador de La Red de Formaci\u00f3n Vicenciana. Javier es laico vicenciano, afiliado a la Congregaci\u00f3n de la Misi\u00f3n y miembro del Equipo de Misiones Populares de la provincia can\u00f3nica de Zaragoza (Espa\u00f1a) de la Congregaci\u00f3n de la Misi\u00f3n. Graduado en la Universidad Oberta de Catalunya con cuatro grados (Asistente de direcci\u00f3n, Gesti\u00f3n Administrativa, Recursos Humanos y Contabilidad Avanzada). Bil\u00edng\u00fce Espa\u00f1ol\/Ingl\u00e9s. gestiona y mantiene varias p\u00e1ginas web cristianas y vicencianas, incluida including La Red de Formaci\u00f3n Vicenciana, de la que es cofundador. Actualmente es responsable del \u00e1rea de Espa\u00f1ol de .famvin, la Red de Noticias de la Familia Vicenciana. Tambi\u00e9n es m\u00fasico cat\u00f3lico y ha editado varios discos. Es Director General y cofundador de Trovador, una reconocida compa\u00f1\u00eda discogr\u00e1fica critiana de Espa\u00f1a. Trabaja en las Tecnolog\u00edas de la Informaci\u00f3n, ofreciendo servicios de alojamiento, dise\u00f1o y mantenimiento Web, as\u00ed como asesoramiento, formaci\u00f3n y soluciones inform\u00e1ticas, gesti\u00f3n documental y digitalizaci\u00f3n de textos, edici\u00f3n y maquetaci\u00f3n de libros, revistas, flyers, etc.\",\"sameAs\":[\"http:\/\/chento.org\",\"https:\/\/www.facebook.com\/JavierChento\",\"https:\/\/x.com\/https:\/\/twitter.com\/javierchento\"],\"url\":\"https:\/\/vincentians.com\/es\/author\/chento\/\"}]}<\/script>\n<!-- \/ Yoast SEO plugin. -->","yoast_head_json":{"title":"San Vicente de Pa\u00fal, biograf\u00eda: 01 - Una infancia campesina - Somos Vicencianos","robots":{"index":"index","follow":"follow","max-snippet":"max-snippet:-1","max-image-preview":"max-image-preview:large","max-video-preview":"max-video-preview:-1"},"canonical":"https:\/\/vincentians.com\/es\/san-vicente-paul-biografia-01-una-infancia-campesina\/","og_locale":"es_ES","og_type":"article","og_title":"San Vicente de Pa\u00fal, biograf\u00eda: 01 - Una infancia campesina - Somos Vicencianos","og_description":"Primera parte: La infancia sin historia (1581-1600) Cap\u00edtulo I: Una infancia campesina La etapa peor conocida de la vida de Vicente de Pa\u00fal es, como la de otros muchos personajes c\u00e9lebres, su infancia. \u00bfQui\u00e9n pod\u00eda ... Read More","og_url":"https:\/\/vincentians.com\/es\/san-vicente-paul-biografia-01-una-infancia-campesina\/","og_site_name":"Somos Vicencianos","article_publisher":"https:\/\/www.facebook.com\/WeAreVincentians\/","article_author":"https:\/\/www.facebook.com\/JavierChento","article_published_time":"2016-12-21T11:00:10+00:00","og_image":[{"width":1200,"height":630,"url":"https:\/\/i0.wp.com\/vincentians.com\/es\/wp-content\/uploads\/sites\/11\/2016\/07\/Saint-Vincent-de-Paul-a-biography.jpg?fit=1200%2C630&ssl=1","type":"image\/jpeg"}],"author":"Francisco Javier Fern\u00e1ndez Chento","twitter_card":"summary_large_image","twitter_creator":"@https:\/\/twitter.com\/javierchento","twitter_site":"@WeVincentians","twitter_misc":{"Escrito por":"Francisco Javier Fern\u00e1ndez Chento","Tiempo de lectura":"30 minutos"},"schema":{"@context":"https:\/\/schema.org","@graph":[{"@type":"Article","@id":"https:\/\/vincentians.com\/es\/san-vicente-paul-biografia-01-una-infancia-campesina\/#article","isPartOf":{"@id":"https:\/\/vincentians.com\/es\/san-vicente-paul-biografia-01-una-infancia-campesina\/"},"author":{"name":"Francisco Javier Fern\u00e1ndez Chento","@id":"https:\/\/vincentians.com\/es\/#\/schema\/person\/9623ef4d9aa3b2dfb8c061f1499288f2"},"headline":"San Vicente de Pa\u00fal, biograf\u00eda: 01 &#8211; Una infancia campesina","datePublished":"2016-12-21T11:00:10+00:00","mainEntityOfPage":{"@id":"https:\/\/vincentians.com\/es\/san-vicente-paul-biografia-01-una-infancia-campesina\/"},"wordCount":6038,"commentCount":0,"publisher":{"@id":"https:\/\/vincentians.com\/es\/#organization"},"image":{"@id":"https:\/\/vincentians.com\/es\/san-vicente-paul-biografia-01-una-infancia-campesina\/#primaryimage"},"thumbnailUrl":"https:\/\/i0.wp.com\/vincentians.com\/es\/wp-content\/uploads\/sites\/11\/2016\/07\/Saint-Vincent-de-Paul-a-biography.jpg?fit=1200%2C630&ssl=1","keywords":["Abelly","Collet","Du Fresne","Pobreza","Pouy","Saint Martin","San L\u00e1zaro"],"articleSection":["Vicente de Pa\u00fal"],"inLanguage":"es","potentialAction":[{"@type":"CommentAction","name":"Comment","target":["https:\/\/vincentians.com\/es\/san-vicente-paul-biografia-01-una-infancia-campesina\/#respond"]}]},{"@type":"WebPage","@id":"https:\/\/vincentians.com\/es\/san-vicente-paul-biografia-01-una-infancia-campesina\/","url":"https:\/\/vincentians.com\/es\/san-vicente-paul-biografia-01-una-infancia-campesina\/","name":"San Vicente de Pa\u00fal, biograf\u00eda: 01 - Una infancia campesina - Somos Vicencianos","isPartOf":{"@id":"https:\/\/vincentians.com\/es\/#website"},"primaryImageOfPage":{"@id":"https:\/\/vincentians.com\/es\/san-vicente-paul-biografia-01-una-infancia-campesina\/#primaryimage"},"image":{"@id":"https:\/\/vincentians.com\/es\/san-vicente-paul-biografia-01-una-infancia-campesina\/#primaryimage"},"thumbnailUrl":"https:\/\/i0.wp.com\/vincentians.com\/es\/wp-content\/uploads\/sites\/11\/2016\/07\/Saint-Vincent-de-Paul-a-biography.jpg?fit=1200%2C630&ssl=1","datePublished":"2016-12-21T11:00:10+00:00","breadcrumb":{"@id":"https:\/\/vincentians.com\/es\/san-vicente-paul-biografia-01-una-infancia-campesina\/#breadcrumb"},"inLanguage":"es","potentialAction":[{"@type":"ReadAction","target":["https:\/\/vincentians.com\/es\/san-vicente-paul-biografia-01-una-infancia-campesina\/"]}]},{"@type":"ImageObject","inLanguage":"es","@id":"https:\/\/vincentians.com\/es\/san-vicente-paul-biografia-01-una-infancia-campesina\/#primaryimage","url":"https:\/\/i0.wp.com\/vincentians.com\/es\/wp-content\/uploads\/sites\/11\/2016\/07\/Saint-Vincent-de-Paul-a-biography.jpg?fit=1200%2C630&ssl=1","contentUrl":"https:\/\/i0.wp.com\/vincentians.com\/es\/wp-content\/uploads\/sites\/11\/2016\/07\/Saint-Vincent-de-Paul-a-biography.jpg?fit=1200%2C630&ssl=1","width":1200,"height":630},{"@type":"BreadcrumbList","@id":"https:\/\/vincentians.com\/es\/san-vicente-paul-biografia-01-una-infancia-campesina\/#breadcrumb","itemListElement":[{"@type":"ListItem","position":1,"name":"Portada","item":"https:\/\/vincentians.com\/es\/"},{"@type":"ListItem","position":2,"name":"San Vicente de Pa\u00fal, biograf\u00eda: 01 &#8211; Una infancia campesina"}]},{"@type":"WebSite","@id":"https:\/\/vincentians.com\/es\/#website","url":"https:\/\/vincentians.com\/es\/","name":"Somos Vicencianos","description":"Know more to serve more","publisher":{"@id":"https:\/\/vincentians.com\/es\/#organization"},"potentialAction":[{"@type":"SearchAction","target":{"@type":"EntryPoint","urlTemplate":"https:\/\/vincentians.com\/es\/?s={search_term_string}"},"query-input":{"@type":"PropertyValueSpecification","valueRequired":true,"valueName":"search_term_string"}}],"inLanguage":"es"},{"@type":"Organization","@id":"https:\/\/vincentians.com\/es\/#organization","name":"The Vincentian Network","url":"https:\/\/vincentians.com\/es\/","logo":{"@type":"ImageObject","inLanguage":"es","@id":"https:\/\/vincentians.com\/es\/#\/schema\/logo\/image\/","url":"https:\/\/i1.wp.com\/vincentians.com\/es\/wp-content\/uploads\/sites\/11\/2016\/06\/Vincentian-Network-logo-big.png?fit=778%2C778","contentUrl":"https:\/\/i1.wp.com\/vincentians.com\/es\/wp-content\/uploads\/sites\/11\/2016\/06\/Vincentian-Network-logo-big.png?fit=778%2C778","width":778,"height":778,"caption":"The Vincentian Network"},"image":{"@id":"https:\/\/vincentians.com\/es\/#\/schema\/logo\/image\/"},"sameAs":["https:\/\/www.facebook.com\/WeAreVincentians\/","https:\/\/x.com\/WeVincentians"]},{"@type":"Person","@id":"https:\/\/vincentians.com\/es\/#\/schema\/person\/9623ef4d9aa3b2dfb8c061f1499288f2","name":"Francisco Javier Fern\u00e1ndez Chento","image":{"@type":"ImageObject","inLanguage":"es","@id":"https:\/\/vincentians.com\/es\/#\/schema\/person\/image\/","url":"https:\/\/secure.gravatar.com\/avatar\/497d5cde87b4c3d097d0315953521681ba2cd523ee66e5077c3711f7021e65de?s=96&d=mm&r=g","contentUrl":"https:\/\/secure.gravatar.com\/avatar\/497d5cde87b4c3d097d0315953521681ba2cd523ee66e5077c3711f7021e65de?s=96&d=mm&r=g","caption":"Francisco Javier Fern\u00e1ndez Chento"},"description":"Director General y cofundador de La Red de Formaci\u00f3n Vicenciana. Javier es laico vicenciano, afiliado a la Congregaci\u00f3n de la Misi\u00f3n y miembro del Equipo de Misiones Populares de la provincia can\u00f3nica de Zaragoza (Espa\u00f1a) de la Congregaci\u00f3n de la Misi\u00f3n. Graduado en la Universidad Oberta de Catalunya con cuatro grados (Asistente de direcci\u00f3n, Gesti\u00f3n Administrativa, Recursos Humanos y Contabilidad Avanzada). Bil\u00edng\u00fce Espa\u00f1ol\/Ingl\u00e9s. gestiona y mantiene varias p\u00e1ginas web cristianas y vicencianas, incluida including La Red de Formaci\u00f3n Vicenciana, de la que es cofundador. Actualmente es responsable del \u00e1rea de Espa\u00f1ol de .famvin, la Red de Noticias de la Familia Vicenciana. Tambi\u00e9n es m\u00fasico cat\u00f3lico y ha editado varios discos. Es Director General y cofundador de Trovador, una reconocida compa\u00f1\u00eda discogr\u00e1fica critiana de Espa\u00f1a. Trabaja en las Tecnolog\u00edas de la Informaci\u00f3n, ofreciendo servicios de alojamiento, dise\u00f1o y mantenimiento Web, as\u00ed como asesoramiento, formaci\u00f3n y soluciones inform\u00e1ticas, gesti\u00f3n documental y digitalizaci\u00f3n de textos, edici\u00f3n y maquetaci\u00f3n de libros, revistas, flyers, etc.","sameAs":["http:\/\/chento.org","https:\/\/www.facebook.com\/JavierChento","https:\/\/x.com\/https:\/\/twitter.com\/javierchento"],"url":"https:\/\/vincentians.com\/es\/author\/chento\/"}]}},"jetpack_publicize_connections":[],"jetpack_featured_media_url":"https:\/\/i0.wp.com\/vincentians.com\/es\/wp-content\/uploads\/sites\/11\/2016\/07\/Saint-Vincent-de-Paul-a-biography.jpg?fit=1200%2C630&ssl=1","jetpack_sharing_enabled":true,"jetpack_shortlink":"https:\/\/wp.me\/p7ETMF-dbh","jetpack-related-posts":[{"id":131345,"url":"https:\/\/vincentians.com\/es\/el-senor-vicente-evolucion-de-un-santo-ii\/","url_meta":{"origin":50671,"position":0},"title":"El se\u00f1or Vicente, evoluci\u00f3n de un santo (II)","author":"Francisco Javier Fern\u00e1ndez Chento","date":"20\/09\/2014","format":false,"excerpt":"2. LA INFANCIA. 1. La madre.- 2. Lugar y fecha de nacimiento de Vicente de Pa\u00fal.- 3. El primer bi\u00f3grafo.- 4. Las Landas.- 5. El campesino de la \u00e9poca.- 6. La familia del santo.- 7. La casa familiar actualmente.- 8- El ni\u00f1o.- 9. El hogar.- 10. La Sant\u00edsima Virgen y\u2026","rel":"","context":"En \u00abVicente de Pa\u00fal\u00bb","block_context":{"text":"Vicente de Pa\u00fal","link":"https:\/\/vincentians.com\/es\/category\/la-familia-vicenciana\/fundadores\/vicente-de-paul\/"},"img":{"alt_text":"coraz\u00f3n","src":"https:\/\/i0.wp.com\/vicencianos.org\/wp-content\/2014\/03\/coraz%C3%B3n.jpg?resize=350%2C200","width":350,"height":200},"classes":[]},{"id":387844,"url":"https:\/\/vincentians.com\/es\/san-vicente-amigo-de-los-pobres-anos-sin-historia-1581-1600\/","url_meta":{"origin":50671,"position":1},"title":"San Vicente: Amigo de los pobres: a\u00f1os sin historia (1581-1600)","author":"Mitxel Olabu\u00e9naga","date":"09\/10\/2016","format":false,"excerpt":"Los a\u00f1os de la infancia La etapa menos conocida en la vida de Vicente de Pa\u00fal es, sin duda alguna, la de su infancia. En esto, coincide con casi todos los grandes hombres. A\u00f1os de infancia. A\u00f1os sin historia. Y, en realidad, \u00bfqui\u00e9n po\u00add\u00eda estar interesado en ir consignando, d\u00eda\u2026","rel":"","context":"En \u00abFormaci\u00f3n Vicenciana\u00bb","block_context":{"text":"Formaci\u00f3n Vicenciana","link":"https:\/\/vincentians.com\/es\/category\/formacion-vicenciana\/"},"img":{"alt_text":"","src":"https:\/\/i0.wp.com\/vincentians.com\/es\/wp-content\/uploads\/sites\/11\/2016\/07\/st-vincent-de-paul.jpg?fit=1200%2C630&ssl=1&resize=350%2C200","width":350,"height":200,"srcset":"https:\/\/i0.wp.com\/vincentians.com\/es\/wp-content\/uploads\/sites\/11\/2016\/07\/st-vincent-de-paul.jpg?fit=1200%2C630&ssl=1&resize=350%2C200 1x, https:\/\/i0.wp.com\/vincentians.com\/es\/wp-content\/uploads\/sites\/11\/2016\/07\/st-vincent-de-paul.jpg?fit=1200%2C630&ssl=1&resize=525%2C300 1.5x, https:\/\/i0.wp.com\/vincentians.com\/es\/wp-content\/uploads\/sites\/11\/2016\/07\/st-vincent-de-paul.jpg?fit=1200%2C630&ssl=1&resize=700%2C400 2x, https:\/\/i0.wp.com\/vincentians.com\/es\/wp-content\/uploads\/sites\/11\/2016\/07\/st-vincent-de-paul.jpg?fit=1200%2C630&ssl=1&resize=1050%2C600 3x"},"classes":[]},{"id":121425,"url":"https:\/\/vincentians.com\/es\/san-vicente-de-paul-nacio-en-francia-iv-primera-dificultad\/","url_meta":{"origin":50671,"position":2},"title":"San Vicente de Pa\u00fal naci\u00f3 en Francia. IV. Primera dificultad","author":"Francisco Javier Fern\u00e1ndez Chento","date":"29\/04\/2015","format":false,"excerpt":"Segunda Parte: Contestaci\u00f3n a las objeciones del traductor Nos proponemos seguir paso a paso al ilustrado traduc\u00adtor en su primer ap\u00e9ndice, y contestar a todos las objecio\u00adnes que revistan alguna importancia. Primera dificultad 1\u00ba Dice el Sr. Feli\u00fa y Perez: \"Entre los pueblos del mundo, pocos hay que puedan competir\u2026","rel":"","context":"En \u00abVicente de Pa\u00fal\u00bb","block_context":{"text":"Vicente de Pa\u00fal","link":"https:\/\/vincentians.com\/es\/category\/la-familia-vicenciana\/fundadores\/vicente-de-paul\/"},"img":{"alt_text":"","src":"","width":0,"height":0},"classes":[]},{"id":119409,"url":"https:\/\/vincentians.com\/es\/historia-de-una-mirada-sobre-el-pobre\/","url_meta":{"origin":50671,"position":3},"title":"Historia de una mirada sobre el pobre","author":"Francisco Javier Fern\u00e1ndez Chento","date":"29\/11\/2021","format":false,"excerpt":"Introducci\u00f3n En algunos retratos antiguos que se han conservado de San Vicente de Pa\u00fal, como los de Simon Fran\u00e7ois de Tours, de Nicolas Pitau, de Van Schuppen, de Ren\u00e9 Lochon, sin duda, son los ojos lo que m\u00e1s impresiona. Observamos en ellos una gran calidad de atenci\u00f3n y de observaci\u00f3n;\u2026","rel":"","context":"En \u00abFormaci\u00f3n Vicenciana\u00bb","block_context":{"text":"Formaci\u00f3n Vicenciana","link":"https:\/\/vincentians.com\/es\/category\/formacion-vicenciana\/"},"img":{"alt_text":"","src":"https:\/\/i0.wp.com\/vincentians.com\/es\/wp-content\/uploads\/sites\/11\/2016\/09\/ojos-jesucristo.jpg?fit=1200%2C630&ssl=1&resize=350%2C200","width":350,"height":200,"srcset":"https:\/\/i0.wp.com\/vincentians.com\/es\/wp-content\/uploads\/sites\/11\/2016\/09\/ojos-jesucristo.jpg?fit=1200%2C630&ssl=1&resize=350%2C200 1x, https:\/\/i0.wp.com\/vincentians.com\/es\/wp-content\/uploads\/sites\/11\/2016\/09\/ojos-jesucristo.jpg?fit=1200%2C630&ssl=1&resize=525%2C300 1.5x, https:\/\/i0.wp.com\/vincentians.com\/es\/wp-content\/uploads\/sites\/11\/2016\/09\/ojos-jesucristo.jpg?fit=1200%2C630&ssl=1&resize=700%2C400 2x, https:\/\/i0.wp.com\/vincentians.com\/es\/wp-content\/uploads\/sites\/11\/2016\/09\/ojos-jesucristo.jpg?fit=1200%2C630&ssl=1&resize=1050%2C600 3x"},"classes":[]},{"id":101805,"url":"https:\/\/vincentians.com\/es\/vida-del-senor-vicente-de-paul-interludio\/","url_meta":{"origin":50671,"position":4},"title":"Vida del Se\u00f1or Vicente de Pa\u00fal: Interludio","author":"Francisco Javier Fern\u00e1ndez Chento","date":"11\/05\/2015","format":false,"excerpt":"Interludio Mientras hace su d\u00eda de retiro el se\u00f1or Vicente vamos tambi\u00e9n nosotros a hacer un alto de descanso en la narraci\u00f3n de su vida. La na\u00adrraci\u00f3n contin\u00faa en 1634. El lector apresurado puede -saltarse limpiamente este in\u00adterludio y continuar a partir de ese punto. No sufrir\u00e1 mucho con ello\u2026","rel":"","context":"En \u00abVicente de Pa\u00fal\u00bb","block_context":{"text":"Vicente de Pa\u00fal","link":"https:\/\/vincentians.com\/es\/category\/la-familia-vicenciana\/fundadores\/vicente-de-paul\/"},"img":{"alt_text":"sanvibiblia","src":"https:\/\/i0.wp.com\/vicencianos.org\/wp-content\/2012\/08\/sanvibiblia-300x300.png?resize=350%2C200","width":350,"height":200},"classes":[]},{"id":143598,"url":"https:\/\/vincentians.com\/es\/la-experiencia-espiritual-de-san-vicente\/","url_meta":{"origin":50671,"position":5},"title":"La experiencia espiritual de San Vicente","author":"Francisco Javier Fern\u00e1ndez Chento","date":"20\/04\/2015","format":false,"excerpt":"La espiritualidad vicenciana no es de ninguna manera una gram\u00e1tica de santidad para estudiar y aplicar. Es una vida, una experiencia, con la que tenemos que comulgar para favorecer el trabajo de la gracia en una vida humana. Es la experiencia espiritual de Vicente de Pa\u00fal la que vamos a\u2026","rel":"","context":"En \u00abFormaci\u00f3n Vicenciana\u00bb","block_context":{"text":"Formaci\u00f3n Vicenciana","link":"https:\/\/vincentians.com\/es\/category\/formacion-vicenciana\/"},"img":{"alt_text":"san-vicente-de-paul-y-pobres","src":"https:\/\/i0.wp.com\/vicencianos.org\/wp-content\/2015\/02\/san-vicente-de-paul-y-pobres-300x208.jpg?resize=350%2C200","width":350,"height":200},"classes":[]}],"_links":{"self":[{"href":"https:\/\/vincentians.com\/es\/wp-json\/wp\/v2\/posts\/50671","targetHints":{"allow":["GET"]}}],"collection":[{"href":"https:\/\/vincentians.com\/es\/wp-json\/wp\/v2\/posts"}],"about":[{"href":"https:\/\/vincentians.com\/es\/wp-json\/wp\/v2\/types\/post"}],"author":[{"embeddable":true,"href":"https:\/\/vincentians.com\/es\/wp-json\/wp\/v2\/users\/4"}],"replies":[{"embeddable":true,"href":"https:\/\/vincentians.com\/es\/wp-json\/wp\/v2\/comments?post=50671"}],"version-history":[{"count":0,"href":"https:\/\/vincentians.com\/es\/wp-json\/wp\/v2\/posts\/50671\/revisions"}],"wp:featuredmedia":[{"embeddable":true,"href":"https:\/\/vincentians.com\/es\/wp-json\/wp\/v2\/media\/149545"}],"wp:attachment":[{"href":"https:\/\/vincentians.com\/es\/wp-json\/wp\/v2\/media?parent=50671"}],"wp:term":[{"taxonomy":"category","embeddable":true,"href":"https:\/\/vincentians.com\/es\/wp-json\/wp\/v2\/categories?post=50671"},{"taxonomy":"post_tag","embeddable":true,"href":"https:\/\/vincentians.com\/es\/wp-json\/wp\/v2\/tags?post=50671"}],"curies":[{"name":"wp","href":"https:\/\/api.w.org\/{rel}","templated":true}]}}