{"id":50668,"date":"2012-03-11T08:00:10","date_gmt":"2012-03-11T07:00:10","guid":{"rendered":"http:\/\/somos.vicencianos.org\/blog\/2011\/09\/san-vicente-de-paul-biografia-de-roman-00-introduccion\/"},"modified":"2022-02-12T12:30:52","modified_gmt":"2022-02-12T11:30:52","slug":"san-vicente-paul-biografia-00-introduccion","status":"publish","type":"post","link":"https:\/\/vincentians.com\/es\/san-vicente-paul-biografia-00-introduccion\/","title":{"rendered":"San Vicente de Pa\u00fal, biograf\u00eda: 00 &#8211; Introducci\u00f3n"},"content":{"rendered":"<h2 align=\"center\">Presentaci\u00f3n<\/h2>\n<p><em>\u00a0Los bosques y la niebla siempre desafiar\u00e1n la naturaleza inquisitiva del hombre. De San Vicente de Pa\u00fal se ha dicho que sus obras lo rodean como un bosque y su humildad lo envuelve como una niebla.<\/em><\/p>\n<p><em>Por ese bosque y por esa niebla nos conduce valientemente el P. Jos\u00e9 Mar\u00eda Rom\u00e1n. Su obra sobre San Vicente &#8211; fruto de a\u00f1os de reflexi\u00f3n y estudio &#8211; es la m\u00e1s reciente biograf\u00eda del Santo y, muy oportunamente, sale a la luz en el cuarto centenario del nacimiento de San Vicente<\/em><\/p>\n<p><em>Como historiador profesional, el P. Rom\u00e1n est\u00e1 capacitado para aplicar los m\u00e9todos de la cr\u00edtica hist\u00f3rica a los datos de la vida y tiempo de San Vicente, mientras que como experimentado sacerdote es un competente gu\u00eda e int\u00e9rprete de la espiritualidad del gigante de la caridad; espiritualidad que, por otra parte, analiza detallada y acertadamente, en el segundo tomo de esta obra, el P. Antonino Orcajo<\/em><\/p>\n<p><em>San Vicente de Pa\u00fal fue un gigante en m\u00e1s campos que el de la caridad, que fue su misi\u00f3n. Como un gigante, su pensamiento abarcaba desde el norte de Escocia hasta Argelia y Madagascar y desde Par\u00eda a Polonia. En su edad madura, Vicente de Pa\u00fal pod\u00eda aplicar la energ\u00eda de su mente a planear el rescate del los cautivos (hacia el final de su vida se preguntaba cu\u00e1 ser\u00eda el mejor m\u00e9todo para librar al mundo de la pirater\u00eda en el mar&#8230;). De ah\u00ed pasaba a hablar al primer grupo de Hijas de la Caridad sobre la importancia de la oraci\u00f3n mental diaria y el m\u00e9todo de hacerla. M\u00e1s tarde, en el mismo d\u00eda se le pod\u00eda ver en el palacio real de Par\u00eds dando su ponderada opini\u00f3n en el Consejo de Conciencia sobre el nombramiento de dignos obispos para Francia. La noche lo encontraba planeando la sustituci\u00f3n de aquellos de sus misioneros que hab\u00edan muerto v\u00edctimas de la malaria en Madagascar. <\/em><\/p>\n<p><em>\u00bfY cu\u00e1l fue el secreto de este colosal despliegue de energ\u00eda espiritual y de caridad? \u00c9l hubiera respondido sencillamente&#8230; \u00abla gracia de nuestro Se\u00f1or Jesucristo\u00bb: aquella gracia que se concede a los sencillos y humildes de coraz\u00f3n. Como \u00e9l mismo dec\u00eda, la sencillez era su Evanglio, mientras a la humildad la consideraba como una condici\u00f3n esencial de todo el que quiere amar a Dios y a los pobres.<\/em><\/p>\n<p><em>Todo \u00e9sto &#8211; y bastante m\u00e1s &#8211; nos cuentan las p\u00e1ginas de esta biograf\u00eda. Es de esperar que sus lectores se sientan estimulados a leer las cartas y conferencias de San Vicente, o en sus obras completas (todas ellas, afortunadamente publicadas y accesibles ya en espa\u00f1ol), o en la antolog\u00eda de escritos hecha por el P. Miguel P\u00e9rez Flores y que completa el segundo tomo de esta obra.<\/em><\/p>\n<p><em>Estoy seguro de que los lectores de esta biograf\u00eda y de los escritos de San Vicente &#8211; que la Biblioteca de Autores Cristianos, esfuerzo cultural cat\u00f3lico de proyecci\u00f3n universal, ahora les ofrece &#8211; encontrar\u00e1n, en el bosque y en la niebla, mucha luz y orientaci\u00f3n para sus vidas. A los cuatrocientos a\u00f1os de su nacimiento, San Vicente de Pa\u00fal es un hombre para hoy. Para todos los lectores de esta biograf\u00eda pido con la expresi\u00f3n favorita de San Vicente para saludar a los destinatarios de sus cartas, \u00abque la gracia de nuestro Se\u00f1or Jesucristo sea siempre con nosotros\u00bb.<\/em><\/p>\n<p style=\"text-align: right\">RICHARD MCCULLEN, C.M.<br \/>\nSuperior General<br \/>\n25 de marzo de 1981<\/p>\n<h2 align=\"center\">Abreviaturas<\/h2>\n<p><span style=\"text-decoration: underline\">Anales<\/span><em>: Anales de la Congregaci\u00f3n de la Misi\u00f3n y de las Hijas de la Caridad. <\/em>(Edici\u00f3n espa\u00f1ola).<\/p>\n<p><span style=\"text-decoration: underline\">Annales<\/span><em>: Annales de la Congr\u00e9gation de la Mission et des Filles de la Charit\u00e9. <\/em>(Edici\u00f3n francesa)<\/p>\n<p><span style=\"text-decoration: underline\">Annali<\/span><em>: Annali della Missione. <\/em>(Edici\u00f3n italiana).<\/p>\n<p><span style=\"text-decoration: underline\">D.S. <\/span> <em>Dictionnaire de Spiritualit\u00e9<\/em><\/p>\n<p><span style=\"text-decoration: underline\">D.T.C<\/span><em>: Dictionnaire de Th\u00e9ologie Catholique.<\/em><\/p>\n<p><span style=\"text-decoration: underline\">E.S <\/span>Edition S\u00edgueme (of St. Vincent de Paul).<\/p>\n<p><span style=\"text-decoration: underline\">G.S<\/span><em>: Gaudium et Spes<\/em>. (Constituci\u00f3n del ConcilioVaticano II sobre la Iglesia en el mundo actual).<\/p>\n<p><span style=\"text-decoration: underline\">L.G.<\/span><em>: Lumen Gentium. <\/em>(Constituci\u00f3n dogm\u00e1tica ibid. Sobre la Iglesia)<\/p>\n<p><span style=\"text-decoration: underline\">M. et Ch<\/span><em>: Mission et Charit\u00e9.<\/em><\/p>\n<p><span style=\"text-decoration: underline\">M.V <\/span>P. COSTE. <em>\u00abMonsieur Vincent, Le grand saint du grand si\u00e8cle\u00bb.<\/em><\/p>\n<p><span style=\"text-decoration: underline\">P.C<\/span><em>: Perfectae Caritatis.<\/em> (Decreto del Concilio Vaticano II sobre la adecuada renovaci\u00f3n de la vida religiosa).<\/p>\n<p><span style=\"text-decoration: underline\">RAM<\/span><em>: Revue d&#8217;Asc\u00e9tique et de Mystique.<\/em><\/p>\n<p><span style=\"text-decoration: underline\">RHE<\/span><em>: Revue d&#8217;Histoire Eccl\u00e9siastique.<\/em><\/p>\n<p><span style=\"text-decoration: underline\">RHEF<\/span><em>: Revue d&#8217;Histoire de L&#8217;Eglise en France.<\/em><\/p>\n<p><span style=\"text-decoration: underline\">RSChI<\/span><em>: Rivista di Storia della Chiesa in Italia.<\/em><\/p>\n<p><span style=\"text-decoration: underline\">Reg. com. CM<\/span><em>: Regulae communes Congregationis Missionis. <\/em><\/p>\n<p><span style=\"text-decoration: underline\">Reg. com. H.d.I.C<\/span><em>: Reglas Comunes de las Hijas de la Caridad<\/em><\/p>\n<p><span style=\"text-decoration: underline\">S.V.P<\/span><em>: St Vincent de Paul. <\/em><em>Correspondence,entretiens, documents.<\/em>Sigue la menci\u00f3n del volumen en n\u00fameros romanos y de las p\u00e1ginas. En todos los casos se cita, adem\u00e1s de la francesa, la edici\u00f3n espa\u00f1ola con las siglas ES (Edici\u00f3n S\u00edgueme), excepto para el tomo 13, todav\u00eda no publicado en espa\u00f1ol.<\/p>\n<h2 align=\"center\">Introducci\u00f3n<\/h2>\n<p>Vicente de Pa\u00fal es uno de los santos m\u00e1s frecuentemente biografiados &#8211; hasta unas 1.500 veces &#8211; por autores diferentes. No siempre la calidad corre pareja con la cantidad. Mucha de esa literatura es producci\u00f3n ocasional, destinada a la divulgaci\u00f3n entre p\u00fablicos de muy diversas exigencias. En rigor, grandes biograf\u00edas de Vicente de Pa\u00fal ha habido cuatro &#8211; una por siglo &#8211; en los cuatrocientos a\u00f1os que nos separan de la fecha de su nacimiento.<\/p>\n<p>1. La biograf\u00eda del siglo XVIII fue publicada en 1664, a los cuatro a\u00f1os de la muerte de Vicente, por Luis Abelly, obispo de Rodez: <em>La vie du v\u00e9n\u00e9rable serviteur de Dieu Vincent de Paul, instituteur et premier sup\u00e9rieur g\u00e9n\u00e9ral de la Congr\u00e9gation de la Mission<\/em> (Par\u00eds, Florentin Lambert, 1664) 3 tomos (260, 480 y 372 p\u00e1gs.)<\/p>\n<p>Luis Abelly (1604-1691) era un \u00edntimo y viejo amigo de Vicente de Pa\u00fal, a quien conoci\u00f3 hacia 1633 y trat\u00f3 con asiduidad hasta 1660. A Vicente debi\u00f3 algunos importantes pasos de su carrera eclesi\u00e1stica: su nombramiento para el cargo de vicario general de la di\u00f3cesis de Bayona y para el de capell\u00e1n-director del Hospital General de Par\u00eds. Era escritor fecundo y muy le\u00eddo. Su <em>Sacerdos christianus<\/em> y su <em>Medulla theologica<\/em> tuvieron muchas ediciones a pesar de Boileau, que, jugando con el t\u00edtulo de su obra m\u00e1s conocida, satirizaba al autor, calific\u00e1ndolo de \u00abmoelleux\u00bb, es decir, pastoso, viscoso. Cuando, al morir Vicente de Pa\u00fal, los misioneros quisieron publicar una biograf\u00eda de su fundador, recurrieron a este escritor amigo. Pusieron a su disposici\u00f3n una impresionante masa documental: la acumulada por el secretario del difunto, el hermano Beltr\u00e1n Ducourneau, que formaba dos o tres grandes vol\u00famenes; la reunida por otros misioneros, entre los que figuraban el P. Fournier y el hermano Robineau; la conseguida por el propio Abelly, quien hizo un viaje al pueblo natal de Vicente; la enviada por otro amigo y paisano de Vicente, el can\u00f3nigo Saint Martin, y, en fin, las cartas originales del biografiado, mucho m\u00e1s numerosas que las que nosotros conservamos. Con todo ello, puesto en orden por uno de los misioneros, compuso Abelly su magna obra.<\/p>\n<p>Es \u00e9sta una biograf\u00eda edificante, de tono decididamente hagiogr\u00e1fico, pero radical y rabiosamente ver\u00eddica. Los errores descubiertos en ella por la investigaci\u00f3n posterior son fruto de lagunas o fallos en la documentaci\u00f3n, nunca de un prop\u00f3sito deliberado. En conjunto, a pesar de su estilo melifluo, sigue siendo una fuente de primer orden para el conocimiento de San Vicente, sobre todo porque muchos documentos manejados por Abelly han desaparecido, conserv\u00e1ndose s\u00f3lo las transcripciones que \u00e9l realiz\u00f3. Quiz\u00e1 su defecto m\u00e1s grave sea la carencia del sentido del desarrollo biogr\u00e1fico. Para Abelly, Vicente de Pa\u00fal es siempre el mismo desde su nacimiento hasta su muerte.<\/p>\n<p>A pesar de todo, Abelly permanece como la primera e indispensable referencia de toda nueva biograf\u00eda. Mientras no se demuestre lo contrario, sus datos ofrecen la fiabilidad debida a un testigo directo de muchos de los acontecimientos que relata. Sus primeros lectores, que hab\u00edan conocido en vida a Vicente de Pa\u00fal, la tacharon de nimia, reiterativa, empalagosa, pero no de falaz. Esto \u00faltimo s\u00f3lo se atrevi\u00f3 a hacerlo un testigo ajeno a la familia, M. Barcos, y aun \u00e9l limita la acusaci\u00f3n a un tema, el de las relaciones de Vicente de Pa\u00fal con Saint Cyran, t\u00edo de M. Barcos, y el jansenismo. Abelly le contest\u00f3, probando que su documentaci\u00f3n proced\u00eda totalmente de los archivos de la Congregaci\u00f3n de la Misi\u00f3n y no de los jesuitas, como hab\u00eda pretendido M. Barcos.<\/p>\n<p>2. En el siglo XVIII apareci\u00f3 la segunda gran biograf\u00eda de Vicente, la de Pedro Collet: <em>La vie de Saint Vincent de Paul, instituteur de la Congr\u00e9gation de la Mission et des Filles de la Charit\u00e9<\/em> (Nancy, A. Lescure, 1748) 2 vols. (XVIII + 588 y X + 616 p\u00e1gs.).<\/p>\n<p>Pedro Collet (1693-1770) era sacerdote de la Congregaci\u00f3n de la Misi\u00f3n y te\u00f3logo distinguido. Por encargo del cardenal Fleury complet\u00f3 la obra de Tournely, Institutiones theologicae: 17 vol\u00famenes, que supusieron treinta y un a\u00f1os de trabajo. Compuso tambi\u00e9n otras obras de pol\u00e9mica teol\u00f3gica y moral. Era un antijansenista apasionado.<\/p>\n<p>La biograf\u00eda de Collet se public\u00f3 poco despu\u00e9s de la canonizaci\u00f3n de San Vicente. Para eludir la oposici\u00f3n jansenista tuvo que imprimirse en Lorena, y, aun as\u00ed, el autor se vio obligado a ocultar su nombre. Collet, met\u00f3dico y sistem\u00e1tico, volvi\u00f3 a compulsar la documentaci\u00f3n manejada por Abelly, a la que se hab\u00eda agregado la reunida para los procesos de beatificaci\u00f3n y canonizaci\u00f3n. Dispuso su obra en orden rigurosamente cronol\u00f3gico y a\u00f1adi\u00f3 notas cr\u00edticas, de las que Abelly carec\u00eda.<\/p>\n<p>Se ha tachado a Collet de poco original. La acusaci\u00f3n s\u00f3lo en parte es verdadera; en general sigue bastante servilmente a Abelly, pero a\u00f1adi\u00f3 datos nuevos, critic\u00f3 numerosos documentos, polemiz\u00f3 con las versiones jansenistas de la figura de Vicente de Pa\u00fal y puso de relieve la vertiente pol\u00edtica de sus actuaciones. Es biograf\u00eda erudita y, al estilo del siglo XVIII, cient\u00edfica. Complementa, pues, a Abelly en m\u00e1s de un aspecto, aunque su lectura resulte menos f\u00e1cil, porque si el estilo de Abelly peca de dulz\u00f3n, el de Collet es seco y un poco indigesto.<\/p>\n<p>3. La gran biograf\u00eda decimon\u00f3nica fue obra del can\u00f3nigo de Poitiers Ulises Maynard (1814-1893): <em>Saint Vincent de Pa\u00fal. <\/em><em>Sa vie, son temps, ses oeuvres, son influence<\/em> (Par\u00eds, Retaux-Bray, 1860) 4 vols.<\/p>\n<p>La obra de Maynard apareci\u00f3 con motivo del segundo centenario de la muerte de San Vicente, por encargo del superior general de la Congregaci\u00f3n de la Misi\u00f3n, P. Juan Bautista \u00c9tienne, quien puso a disposici\u00f3n del autor los archivos de San L\u00e1zaro. Maynard investig\u00f3 a fondo, con el deseo de realizar una obra original. Ten\u00eda el prop\u00f3sito de presentar a Vicente de Pa\u00fal sobre el fondo de un gran fresco hist\u00f3rico de la \u00e9poca. Lo logr\u00f3 en gran parte, si bien la relaci\u00f3n entre el personaje y el mundo que lo rodea no aparece siempre con nitidez.<\/p>\n<p>La cantidad de materiales diestramente acumulados permiti\u00f3 a Maynard a\u00f1adir a la biograf\u00eda vicenciana no pocas noticias. Lastimosamente, su rigor cr\u00edtico no est\u00e1 siempre a la altura de su tenacidad investigadora. A veces modifica caprichosamente los datos o admite como verdaderas an\u00e9cdotas m\u00e1s que dudosas. El tono del libro fue muy del gusto de la ret\u00f3rica decimon\u00f3nica, todav\u00eda con resabios rom\u00e1nticos. Sigue siendo de consulta obligada, sobre todo para ciertas realizaciones vicencianas, como la asistencia a las regiones devastadas y otras.<\/p>\n<p>4. El siglo XX ofreci\u00f3 a la historiograf\u00eda vicenciana la magna obra del lazarista Pedro Coste (1873-1935): <em>Le grand saint du grand si\u00e8cle. Monsieur Vincent<\/em> (Par\u00eds, Descl\u00e9e de Brouwer, 1932) 3 vols.<\/p>\n<p>El autor, archivero y secretario general de la Congregaci\u00f3n de la Misi\u00f3n, hab\u00eda editado previamente las obras completas de Vicente de Pa\u00fal: Saint Vincent de Paul: <em>Correspondance. Entretiens. Documents<\/em> (Par\u00eds, Lecoffre-Gabalda, 1920-1925) 14 vols. Esta obra recog\u00eda la totalidad de escritos de Vicente de Pa\u00fal conocidos hasta el momento: su correspondencia activa y pasiva, sus conferencias espirituales a los misioneros e Hijas de la Caridad y una buena cantidad de documentos varios (bulas, reglamentos, contratos, declaraciones, etc.). No se trata de una edici\u00f3n cr\u00edtica en el sentido riguroso de la palabra, ya que el editor se dispens\u00f3 de ciertas formalidades, pero esto no le resta fiabilidad, dadas las precauciones tomadas por Coste para hacer llegar al lector las palabras mismas de San Vicente. M\u00e9rito sobresaliente de la edici\u00f3n es el cuidado con que se acumulan las noticias que pueden iluminar los personajes, sucesos, localidades, conceptos aludidos en los textos vicencianos. Desde la aparici\u00f3n de esta obra es impensable cualquier biograf\u00eda o estudio sobre San Vicente de Pa\u00fal que no suponga el manejo a fondo de los escritos publicados por Coste. Ellos constituyen la fuente primaria de toda investigaci\u00f3n vicenciana.<\/p>\n<p>El propio Coste fue el primero en explotar sistem\u00e1ticamente su obra. Fruto de ello fue su biograf\u00eda. Esta responde, en su concepto y desarrollo, a los postulados m\u00e1s exigentes del positivismo hist\u00f3rico. Lo que le interesa son los hechos. En ese sentido, la biograf\u00eda de Coste no deja nada que desear. Salvo descubrimientos posteriores, re\u00fane, puede decirse, todos los datos relativos a la historia de Vicente de Pa\u00fal materialmente tomada.<\/p>\n<p>Dos reparos pueden hacerse a tan meritoria realizaci\u00f3n. Por una parte, el autor incurre por convicci\u00f3n en los excesos de la cr\u00edtica positivista. Ten\u00eda el prejuicio del documento, hasta negar todo lo que no encontraba escrito. Por otra parte, carec\u00eda, si no de talento, s\u00ed de talante interpretativo. Su lectura de los textos no logra elevarse al sentido interior y profundo de los hechos o las palabras, sin lo que no es posible ninguna biograf\u00eda. Aun as\u00ed, el Monsieur Vincent del P. Coste es imprescindible para cualquier estudio m\u00ednimamente serio sobre Vicente de Pa\u00fal.<\/p>\n<p>El lector hallar\u00e1 rese\u00f1adas en las p\u00e1ginas bibliogr\u00e1ficas las biograf\u00edas menores m\u00e1s importantes. Aludir\u00e9 aqu\u00ed solamente a las cuatro o cinco de mayor inter\u00e9s u originalidad. Considero como tales las de A. Redier, P. Renaudin, J. Calvet, J. Mauduit y A. Dodin.<\/p>\n<p>Esta \u00faltima (Andr\u00e9 Dodin, <em>Saint Vincent de Paul et la Charit\u00e9<\/em> [Par\u00eds, Du Seuil, 1960] 188 p\u00e1gs.) es un librito cuyo valor sobrepasa, con mucho, la brevedad de su extensi\u00f3n. Verdadero prodigio de s\u00edntesis, penetra en el mundo interior de Vicente de Pa\u00fal y en la trascendencia de su obra y consigue devolvernos la imagen viva y sonriente del santo de la caridad y sembrar en el lector, con h\u00e1biles y sugestivos interrogantes, el deseo de adentrarse en un estudio m\u00e1s amplio y detallado.<\/p>\n<p>Las biograf\u00edas espa\u00f1olas, aunque abundantes, son, en su mayor\u00eda, traducciones o adaptaciones de obras francesas. Cabe destacar dos una del siglo XVIII y otra del XX.<\/p>\n<p>La primera, publicada en 1701, es obra de un religioso agustino, aureolado un poco por el misterioso prestigio de su nacimiento como hijo natural de Felipe IV: Fr. Juan del Sant\u00edsimo Sacramento: <em>Vida del venerable siervo de Dios Vicente de Pa\u00fal&#8230;<\/em> (N\u00e1poles, De Bonis, 1701) 12+572 p\u00e1gs. Es, de suyo, la traducci\u00f3n al castellano de una biograf\u00eda italiana, la del oratoriano Domenico Acami (Roma 1677), que, a su vez, era la traducci\u00f3n de un compendio franc\u00e9s de la biograf\u00eda de Abelly. Pero no es una traducci\u00f3n servil, sino recreadora del original, al que supera en la soltura de la frase y en la elegancia del estilo. \u00a1L\u00e1stima que editores posteriores se creyeran autorizados a modificar los floridos per\u00edodos del original, convirtiendo en ramplona y oficinesca una prosa que tiene todo el sabor de los cl\u00e1sicos espa\u00f1oles del Siglo de Oro!<\/p>\n<p>La \u00faltima gran biograf\u00eda espa\u00f1ola fue obra de los PP. Jos\u00e9 Herrera y Veremundo Pardo: <em>San Vicente de Pa\u00fal. Biograf\u00eda y selecci\u00f3n de escritos<\/em> (Madrid, BAC, 1950) X + 908 p\u00e1gs. Se trata de un intento serio por realizar una biograf\u00eda espa\u00f1ola original. Como base documental utiliza la edici\u00f3n de los escritos vicencianos y la biograf\u00eda de Coste. Meritoria por lo fundado de sus conclusiones y la amenidad de estilo, se resiente del aire triunfalista vigente en el momento de su aparici\u00f3n y extrema las vinculaciones espa\u00f1olas de la persona y la actividad de San Vicente.<\/p>\n<p>La obra que el lector tiene ahora en sus manos pretende prolongar el inacabable esfuerzo por conocer e interpretar el pasado desde el presente que es la historia en general y la historia de la Iglesia en particular. No es nada dif\u00edcil detectar los presupuestos metodol\u00f3gicos que han presidido su elaboraci\u00f3n. Quisiera, con todo, hacer declaraci\u00f3n expl\u00edcita de algunos de ellos.<\/p>\n<p>\u00abPodemos reducir los componentes de toda vida humana &#8211; ha escrito Ortega y Gasset &#8211; a tres grandes factores: vocaci\u00f3n, circunstancia y azar. Escribir la biograf\u00eda de toda vida humana es acertar a poner en ecuaci\u00f3n esos tres valores\u00bb.<\/p>\n<p>Ser fiel a esa consigna orteguiana ha sido el prop\u00f3sito inicial y constante de esta biograf\u00eda. Vistos con \u00f3ptica cristiana, los tres factores enumerados por Ortega dicen relaci\u00f3n no a un cuarto factor, sino al agente trascendental de la historia, subyacente a todas las fuerzas que la mueven: Dios. \u00c9l es quien se\u00f1ala a cada hombre su vocaci\u00f3n, \u00abese personaje ideal que cada uno de nosotros es\u00bb. \u00c9l es quien coloca al hombre en la circunstancia que delimitar\u00e1 su vida. \u00c9l o, lo que es igual, su providencia es en definitiva el verdadero nombre del azar.<\/p>\n<p>Otras dos preocupaciones, tambi\u00e9n de raigambre orteguiana, me han perseguido a lo largo de la elaboraci\u00f3n de este libro. De una parte, ver la vida de Vicente de Pa\u00fal desde su interior, es decir, como drama, o sea, acci\u00f3n, cuyo argumento consiste en la realizaci\u00f3n o no, a lo largo del tiempo y con la ayuda o el obst\u00e1culo de las circunstancias, de la vocaci\u00f3n personal. De otra, tratar de referir cada fragmento concreto de la realidad hist\u00f3rica que fue Vicente de Pa\u00fal al todo verdadero a que perteneci\u00f3. Porque no hay error m\u00e1s grave que el de aislar los hechos singulares o referirlos a un conjunto al que no corresponden. \u00abError de anatom\u00eda\u00bb, diagnosticaba Ortega.<\/p>\n<p>Organizar el inmenso y vario material que compone la biograf\u00eda de Vicente de Pa\u00fal en un todo coherente e inteligible, fiel a los tres presupuestos indicados, exige una articulaci\u00f3n de la vida humana en las cinco edades biogr\u00e1ficamente relevantes: infancia, juventud, primera y segunda madurez, ancianidad.<\/p>\n<p>Conforme a ese esquema, he aqu\u00ed el cuadro sint\u00e9tico de la biograf\u00eda de Vicente de Pa\u00fal:<\/p>\n<p>1. Infancia y adolescencia (1581-1600). Edad sin actuaci\u00f3n hist\u00f3rica.<\/p>\n<p>2. Juventud (1601-1617). Edad de aprendizaje e informaci\u00f3n, de b\u00fasqueda y descubrimiento de la vocaci\u00f3n, o, si se prefiere, de su proyecto vital, a trav\u00e9s de un proceso de conversi\u00f3n.<\/p>\n<p>3. Primera madurez (1618-1633). Edad de gestaci\u00f3n, en la que va creando los instrumentos que har\u00e1n posible el programa que considera como obra de su vida, en lucha con las fuerzas que se oponen a \u00e9l desde su instalaci\u00f3n en los centros de poder.<\/p>\n<p>4. Segunda madurez (1634-1653). Edad de predominio o gesti\u00f3n, en la que lleva a cabo las grandes realizaciones que se\u00f1alar\u00e1n su paso por la historia de la Iglesia y del mundo.<\/p>\n<p>5. Ancianidad (1653-1660). Vicente, al margen ya &#8211; y por encima &#8211; de las luchas cotidianas, se afana por legar a las generaciones siguientes los frutos de su experiencia vital e hist\u00f3rica.<\/p>\n<p>Obvio es decir que ninguna de las fechas se\u00f1aladas ha sido escogida al azar. Cualquier mediano conocedor de Vicente de Pa\u00fal sabe que 1600 es el a\u00f1o de su ordenaci\u00f3n sacerdotal; 1617, el a\u00f1o de Folleville y Chatillon, con el descubrimiento decisivo de su vocaci\u00f3n; 1632-1633 son los a\u00f1os de su instalaci\u00f3n en San L\u00e1zaro, la aprobaci\u00f3n definitiva de la Congregaci\u00f3n de la Misi\u00f3n y la fundaci\u00f3n de las conferencias de los martes y de las Hijas de la Caridad; 1652-1653 corresponde a su cese en el Consejo de Conciencia, a la aprobaci\u00f3n de las Constituciones de la Congregaci\u00f3n de la Misi\u00f3n por el arzobispo de Par\u00eds y la condenaci\u00f3n del jansenismo; 1660 es el a\u00f1o de su muerte.<\/p>\n<p>Ser\u00eda necesario tambi\u00e9n en esta introducci\u00f3n hacernos cargo de las circunstancias hist\u00f3ricas en que se desarroll\u00f3 la vida de Vicente de Pa\u00fal. Yo espero que ellas queden suficientemente explicitadas a lo largo de la obra y, lo que es m\u00e1s importante, descritas en funci\u00f3n de su influencia en las actuaciones del propio Vicente. Por eso renuncio a trazar ahora un cuadro que resultar\u00eda, contra mis convicciones, despegado del personaje al que pretender\u00eda enmarcar.<\/p>\n<p>La obra en su totalidad consta de dos vol\u00famenes: el presente, que contiene la biograf\u00eda, y un segundo, en que se incluye un estudio de la espiritualidad vicenciana y una amplia selecci\u00f3n de escritos, a cargo, respectivamente, de los PP. Antonino Orcajo y Miguel P\u00e9rez Flores. Los dos tomos son inseparables, pues se exigen y complementan mutuamente. Nuestro deseo ha sido ofrecer al p\u00fablico espa\u00f1ol e hispanoamericano una versi\u00f3n de Vicente de Pa\u00fal a la altura de 1981, cuarto centenario de su nacimiento.<\/p>\n<p>JOS\u00c9 MAR\u00cdA ROM\u00c1N, CM<\/p>\n<p>Madrid, 25 de enero de 1981.<\/p>\n<p>364 aniversario de la primera misi\u00f3n de San Vicente de Pa\u00fal.<\/p>\n<h2 align=\"center\">Fuentes y Bibliograf\u00eda<\/h2>\n<p>ABELLY, L., <em>La vie du v\u00e9n\u00e9rable serviteur de Dieu Vincent de Paul&#8230; <\/em>(Paris 1664).<br \/>\n<em>La vraie d\u00e9fense des sentiments du v\u00e9n\u00e9rable serviteur de Dieu Vincent de Paul.. contre les discours injurieux d&#8217;un libelle anonyme&#8230; <\/em>(Paris 1668).<\/p>\n<p>ACAMI, D., <em>Vita del ven. servo di Dio Vincenzo de Paoli&#8230; <\/em>(Rome 1677).<\/p>\n<p>ANSART, S. I., <em>L&#8217;esprit de saint Vincent de Paul <\/em>(Paris 1780) (Spanish translation: <em>El esp\u00edritu de San Vicente de Pa\u00fal, <\/em> Madrid, 1801).<\/p>\n<p>ARANDA, E., <em>Relation de la captivit\u00e9 du sieur Emmanuel d&#8217;Aranda<\/em> (Paris 1657).<\/p>\n<p>ARNAULD, A., <em>De la fr\u00e9quente communion, o\u00f9 les sentiments des P\u00e8res, des Papes et des Conciles touchant l&#8217;usage des sacrements sont fid\u00e8lement expos\u00e9s. <\/em>(Paris 1643).<\/p>\n<p>ARMANDI, A., <em>Une \u00e9trange co\u00efncidence: Saint Vincent de Paul \u00e0 Rome et les conf\u00e9rences dites de Saint Vincent: <\/em>M. et Ch. 10 (1963) pp.224-226.<\/p>\n<p>D&#8217;AVENEL, L. M., <em>Lettres, instructions diplomatiques et papiers d&#8217;Etat du cardinal Richelieu <\/em>(Paris 1853-1857) 8 vols.<\/p>\n<p>BARCOS, M., <em>D\u00e9fense de feu Mr. Vincent de Paul contre les faux discours du livre de sa vie publi\u00e9 par Mgr. Abelly, ancien \u00e9v\u00eaque de Rodez <\/em>(s.1. 1668)<\/p>\n<p><em>&#8211; R\u00e9plique \u00e0 l&#8217;\u00e9crit que M. Abellya publi\u00e9 pour d\u00e9fendre son livre de la vie de M. Vincent. <\/em>(s.1. 1669).<\/p>\n<p>BATIFFOL, L., <em>La journ\u00e9e des dupes <\/em>(Paris 1925).<\/p>\n<p><em>&#8211; Richelieu et le roi Louis XIII. Les v\u00e9ritables rapports du souverain et de son ministre <\/em>(Paris 1934).<\/p>\n<p>BAUNARD, L., <em>La V\u00e9n\u00e9rable Louise de Marillac, Mademoiselle Le Gras, fondatrice des Filles de la Charit\u00e9 de Saint Vincent de Paul <\/em>(Paris 1898).<\/p>\n<p>BELLESORT, A., <em>Le myst\u00e8re de Monsieur Vincent: Journal des D\u00e9bats, <\/em>22 August 1928.<\/p>\n<p>BERC\u00c9, Y.-M., <em>Histoire des croquants <\/em>(Paris 1974) 2 vols.<\/p>\n<p>BERTHELOT DU CHESNAY, Ch., <em>Les missions de saint Jean Eudes Contribution \u00e0 l&#8217;histoire des missions en France au XVII si\u00e8cle <\/em>(Paris 1967).<\/p>\n<p><em>&#8211; Saint Vincent de Paul et Saint Jean Eudes: <\/em>M. et Ch. 4 (1961) pp.469-481.<\/p>\n<p>B\u00c9RULLE, P., <em>Oeuvres compl\u00e8tes <\/em>(Paris, Migne, 1856).<\/p>\n<p>BICAIS, J., <em>Notice du g\u00e9n\u00e9ral des gal\u00e8res Philippe-Emmanuel de Gondi: Annales <\/em>(1940) pp.272-287.<\/p>\n<p>BLANCHET, A., Note sur le livre de Saint Jure <em>\u00abLa vie de Monsieur de Renty\u00bb: \u00c9tudes <\/em>(1970) pp.74-85.<\/p>\n<p>BLET, P., <em>L&#8217;\u00c9glise de Paris et les Gondi, in Recueil des travaux sur l&#8217;histoire de la cath\u00e9drale et de l&#8217;\u00c9glise de Paris (<\/em>Paris 1967) pp.345-357.<\/p>\n<p><em>L&#8217;Ordre du clerg\u00e9 au XVII si\u00e8cle: <\/em>RHEF 54 (1968) pp.5-26.<\/p>\n<p>BONO, S., <em>I corsari barbereschi <\/em>(Turin 1964).<\/p>\n<p>BORIES, M., <em>Une \u00abcharit\u00e9\u00bb dans le dioc\u00e8se d&#8217;Alet aux XVIIe et XVIIIe si\u00e8cles<\/em> en<em> M\u00e9langes d&#8217;histoire religieuse offerts \u00e0 Mgr. Elie Griffe&#8230; <\/em>(Toulouse 1972) pp.251-259.<\/p>\n<p>BOSSUET, J. B., <em>Sermons choisis <\/em>(Paris 1894).<\/p>\n<p>BOUDIGNON, J. B., <em>Saint Vincent de Paul, mod\u00e8le des hommes d&#8217;action et d&#8217;oeuvres <\/em>(Paris 1886).<\/p>\n<p>BOUGAUD, L., <em>Histoire de Saint Vincent de Paul <\/em>(Paris 1889) 2 vols. (Spanish translation by P. Nieto, Madrid 1907).<\/p>\n<p><em>Histoire de Sainte Chantal et des origines de la Visitation <\/em>(Paris 1874) 2 vols.<\/p>\n<p>BR\u00c9MOND, H., <em>Histoire litt\u00e9raire dy sentiment religieux en France depuis la fin des guerres de religion jusqu&#8217;\u00e0 nos jours <\/em>(Paris 1925-1936) 13 vols. (We used the edition of Paris 1967).<\/p>\n<p>BROUTIN, P., <em>La r\u00e9forme pastorale en France au XVII si\u00e8cle. <\/em><em>Recherche sur la tradition pastorale apr\u00e8s le concile de Trente <\/em>(Tournai 1956) 2 vols.<\/p>\n<p>BURCHARDT, C. J., <em>Richelieu <\/em>(Paris 1970-1975) 3 vols.<\/p>\n[BUYS, J.], <em>Enchiridion piarum meditationum&#8230; <\/em>(Paris 1645)<\/p>\n<p>J. BUZEE <em>Manuel de m\u00e9ditations d\u00e9votes&#8230; <\/em>Paris 1649; trad. espa\u00f1ola: <em>Manual de piadosas meditaciones&#8230; <\/em>Barcelona 1709).<\/p>\n<p>CABOURDIN, G., <em>La Lorraine entre France et l&#8217;Empire germanique de 1480 \u00e0 1648 <\/em>(Strasburg 1975).<\/p>\n<p>CALVET, J., <em>Histoire de la litt\u00e9rature fran\u00e7aise<\/em> Vol..5: La litt\u00e9rature religieuse de Fran\u00e7ois de Sales \u00e0 F\u00e9nelon (Paris 1938).<\/p>\n<p>&#8211; <em>Saint Vincent de Paul et la Compagnie du Saint Sacrement <\/em>(1636-1660): Petites Annales de Saint Vincent de Paul (1903) pp.46-43.<\/p>\n<p>&#8211; <em>Saint Vincent de Paul <\/em>(Paris 1948).<\/p>\n<p>&#8211; <em>Louise de Marillac par elle m\u00eame <\/em>(Paris 1958) (trad. espa\u00f1ola: <em>Luisa de Marillac. <\/em><em>Retrato, <\/em>Salamanca 1977).<\/p>\n<p>CAMPO, F., <em>1580-1980. IV centenario del nacimiento de San Vicente de Pa\u00fal: Anales <\/em>(1977) pp.551-555.<\/p>\n<p>CANFIELD, B., <em>R\u00e8gle de perfection, contenant un bref et lucide abr\u00e9g\u00e9 de toute la vie spirituelle r\u00e9duite \u00e0 ces seul point de la volont\u00e9 de Dieu <\/em>(Paris 1609) (Utilizammos la de. Latina: <em>Regula perfectionis continens breve et lucidum compendium totius spiritualis vitae redactae ad unicum punctum voluntatis divinae&#8230; <\/em>Paris 1610). Existe una edici\u00f3n moderna anglo-francesa:<em> La R\u00e8gle de perfection. <\/em><em>The rule of perfection.<\/em> Edition critique publi\u00e9e et annot\u00e9e par Jean Orcibal. Paris: P.U.F., 1982.<\/p>\n<p>CAPEFIGUE, J. B., <em>Vie de Saint Vincent de Paul <\/em>(Paris 1827).<\/p>\n<p>CARVEN, J., <em>The poor. An attempt to fathom the mind of St..Vincent: Vincentiana <\/em>23 (1979) pp.42-56.<\/p>\n<p>CARRE,THOMAS, <em>Pietas Parisiensis or a short description of the charities commonly exercised in Paris<\/em> (Paris: Moutier, 1666)<\/p>\n<p>CASTA\u00d1ARES, R., <em>Cartas y escritos de Santa Luisa de Marillac <\/em>(Madrid 1945) 3 vols.<\/p>\n<p>CATALOGUE <em>du personnel de la Congr\u00e9gation de la Mission depuis l&#8217;origine (1625) jusqu&#8217;\u00e0 la fin du XVIIIe si\u00e8cle <\/em>(Paris 1911)<\/p>\n<p>CERTEAU, M., <em>La r\u00e9forme dans le catholicisme, in Histoire spirituelle de la France <\/em>(Paris 1964) pp.194-216.<\/p>\n<p>&#8211; <em>Crise sociale et r\u00e9formisme spirituel au d\u00e9but du XVIIe si\u00e8cle <\/em>RAM 41 (1965) pp.339-386.<\/p>\n<p>CEYSSENS, L., <em>Sources relatives aux d\u00e9buts du jans\u00e9nisme et de l&#8217;antijans\u00e9nisme. 1640-1643. <\/em>(Leuven1957).<\/p>\n<p>&#8211; <em> La premi\u00e8re bulle contre Jans\u00e9nius. Sources relatives \u00e0 son histoire (1644-1653) <\/em>(Rome-Brussels, 1961-1962) 2 vols.<\/p>\n<p>&#8211; <em>La fin de la premi\u00e8re p\u00e9riode du jans\u00e9nisme. <\/em><em>Sources des ann\u00e9es 1654-1660 <\/em>(Brussels 1962-1963) 2 vols.<\/p>\n<p>&#8211; <em>Jansenistica minora <\/em>(Malinas 1951ss) 11 vols.<\/p>\n<p>&#8211; <em>Fran\u00e7ois Hallier: <\/em>Bulletin de l&#8217;Institut belge de Rome 40 (1969) pp.157-264.<\/p>\n<p>&#8211; <em>L&#8217;antijans\u00e9niste Isaac Habert <\/em>(1598-1668): ibid., 42 (1972) pp. 237-305.<\/p>\n<p>&#8211; <em>Nicolas Cornet (1592-1663), promoteur des cinq propositions jans\u00e9nistes: Antonianum 52 <\/em>(1977) pp.395-495.<\/p>\n<p>CHALUMEAU, R., <em>Saint Vincent de Paul et les missions en France au XVIeI si\u00e8cle: XVIIe Si\u00e8cle 41 <\/em>(1958) pp.317-327.<\/p>\n<p>&#8211; <em>La vie et l&#8217;\u00e2me de M. Vincent <\/em>(Paris 1959).<\/p>\n<p>&#8211; <em>Guide de Saint Vincet de Paul \u00e0 travers Paris <\/em>(Paris 1960).<\/p>\n<p>&#8211; <em>Saint Vincent de Paul missionnaire: <\/em>M. et Ch. 11 (1963)pp. 248-261 (pseud\u00f3nimo Jules Melot).<\/p>\n<p>&#8211; <em>Les pensionnaires de Saint Lazare au XVII et XVIII si\u00e8cles: <\/em>M. et Ch. 13-14 (1964) pp.49-55.<\/p>\n<p>&#8211; <em>Saint Vincent de Paul, p\u00e8lerin de Rome: <\/em>M. et Ch. 28 (1967) pp.322-325.<\/p>\n<p>CHANTELAUZE, R., de, <em>Saint Vincent de Paul et les Gondi <\/em>(Paris 1882).<\/p>\n<p>CHAUNU, P., <em>La civilizaci\u00f3n de la Europa cl\u00e1sica <\/em>(Barcelona 1976).<\/p>\n<p>CHEVALLIER, P., <em>Louis XIII <\/em>(Paris 1979).<\/p>\n<p>CHILL, E., <em>Religion and mendicity in seventeenth-century France: <\/em>International Review of Social History 7 (1962) pp.400-425.<\/p>\n<p>CIRCULAIRES <em>des sup\u00e9rieurs-g\u00e9n\u00e9raux et des soeurs sup\u00e9rieures aux Filles de la Charit\u00e9 et remarques ou notices sur les soeurs d\u00e9funtes <\/em>Vol.2 (Paris 1845).<\/p>\n<p>COCHOIS, P., <em>B\u00e9rulle, hi\u00e9rarque Dionysien: <\/em>RAM 147 (1961) pp.314-353.<\/p>\n<p>&#8211; <em>B\u00e9rulle et l&#8217;\u00c9cole fran\u00e7aise <\/em>(Paris 1963).<\/p>\n<p>COGNET, L., <em>Les origines de la spiritualit\u00e9 fran\u00e7aise au XVII si\u00e8cle <\/em> (Paris 1949).<\/p>\n<p>&#8211; <em>B\u00e9rulle et la th\u00e9ologie de l&#8217;Incarnation: <\/em>XVIII Si\u00e8cle 29 (1955) pp.330-352.<\/p>\n<p>&#8211; <em>De la d\u00e9votion moderne \u00e0 la spiritualit\u00e9 fran\u00e7aise <\/em>(Paris 1958).<\/p>\n<p>&#8211; <em>Histoire de la spiritualit\u00e9 chr\u00e9tienne <\/em>Vol.3: <em>La spiritualit\u00e9 moderne. <\/em><em>I. \u00abL&#8217;essor (1500-1650)\u00bb<\/em> (Paris 1966).<\/p>\n<p>&#8211; <em>La vida de la Iglesia en Francia, <\/em>in H. JEDIN, <em>Manual de historia de la Iglesia <\/em>Vol.6: <em>La Iglesia en tiempo del absolutismo y de la Ilustraci\u00f3n <\/em>(Barcelona, Herder, 1978) pp.39-181.<\/p>\n[COLLET, P.], <em>La vie de Saint Vincent de Paul&#8230; <\/em>(Nancy 1748) 2 vols.<\/p>\n[COLLOT, P.], <em>L&#8217;esprit de saint Fran\u00e7ois de Sales recueilli de divers \u00e9crits de Jean Pierre Camus&#8230; <\/em>(Paris 1727).<\/p>\n<p>COLLUCCIA, G. L., <em>Spiritualit\u00e0 vincenziana, spiritualit\u00e0 dell&#8217;azione <\/em>(Rome 1978) (trad. espa\u00f1ola: <em>Espiritualidad vicenciana, espiritualidad de la acci\u00f3n, <\/em>Salamanca 1979).<\/p>\n<p>COMBALUZIER, F., <em>L&#8217;Abbaye de Saint L\u00e9onard de Chaumes et Saint Vincent de Paul (14 mai 1610-20 octobre 1616): Annales <\/em>(1941-1942) pp.249-265.<\/p>\n<p>&#8211; <em>M. Vincent, prieur de Grosse Sauve: <\/em>ibid., pp.265-269.<\/p>\n<p>&#8211; <em>L&#8217;H\u00f4pital G\u00e9n\u00e9ral de Paris et Saint Vincent de Paul: Annales <\/em>(1949) pp.238-246.<\/p>\n<p>CONGAR, Y., <em>Vraie et fausse r\u00e9forme dans l&#8217;\u00c9glise <\/em>(Paris 1969) 2nd edition.<\/p>\n<p>CONTASSOT, F., <em>Saint Vincent de Paul et le P\u00e9rigord: Annales <\/em>(1949) pp.161-203.<\/p>\n<p>&#8211; <em>Saint Vincent de Paul, guide des sup\u00e9rieurs <\/em>(Paris 1964)<\/p>\n<p>COPPO, A., <em>La prima stesura delle Regole e Constituzioni della Congregazione della Missione in un inedito ms. del 1655: Annali <\/em>(1961) pp.206-254.<\/p>\n<p>&#8211; <em>De antiqua Domus S. Lazari forma nuperrime inventa: Vincentiana 4 <\/em>(1960) p.266.<\/p>\n<p>&#8211; <em>De antiqua S. Lazari forma iuxta casalense ms. nuper repertum: Vincentiana 5 <\/em>(1961) pp.361-366.<\/p>\n<p>&#8211; <em>Antiquissimus codex Regularum ac Constitutionum Congregationis anno 1655. <\/em><em>Manuscriptus archivo generali dono datus: Vincentiana 16 <\/em>(1972) pp.115-124.<\/p>\n<p>&#8211; <em>San Vincenzo e i suoi rapporti con la S. Congregazione \u00abde Propaganda Fide\u00bb: Vincentiana 16 <\/em>(1972) pp.173-190.<\/p>\n<p>&#8211; <em>De S. Gregorii Barbadici in vincentianos sodales benevolentia: Vincentiana 5 <\/em>(1961) pp.346-347.<\/p>\n<p>&#8211; <em>La prima approvazione pontificia della Missione nel 1627: Annali <\/em>(1972) pp.222-246.<\/p>\n<p>&#8211; <em>Le due suppliche del 1628 per l&#8217;erezione dell&#8217;Istituto in Congegazione di diritto pontificio non accolte della Sacra Congregazione: Annali <\/em>(1973) pp.37-65.<\/p>\n<p>&#8211; <em>L&#8217;\u00e9volution du voeu de pauvret\u00e9 des pr\u00eates de la Mission jusqu&#8217;en 1659: Vincentiana 16 <\/em>(1972) pp.265-272.<\/p>\n<p>CORBINELLI, J., <em>Histoire g\u00e9n\u00e9alogique de la maison de Gondi <\/em>(Paris 1705).<\/p>\n<p>CORERA, J., <em>La revoluci\u00f3n perdida. El lugar de San Vicente de Pa\u00fal en la historia de la espiritualidad: Anales <\/em>(1977) pp.1031-1081.<\/p>\n<p>&#8211; <em>Las Hijas de la Caridad no son religiosas: Anales <\/em>(1979) pp.75-86.<\/p>\n<p>&#8211; <em>La noche oscura del Se\u00f1or Vicente: Anales <\/em>(1980) pp.413-428.<\/p>\n<p>COSTE, P., <em>Histoire de la maison de Ranquine avant le XIXe si\u00e8cle: Bulletin de la Soci\u00e9t\u00e9 de Borda <\/em>(1906).<\/p>\n<p>&#8211; <em>Rapports de St. Vincent de Paul avec l&#8217;abb\u00e9 de Saint Cyran <\/em>(Toulouse 1914).<\/p>\n<p>&#8211; <em>La vraie date de la naissance de Saint Vincent de Paul. <\/em>Separata del <em>Bulletin de la Soci\u00e9t\u00e9 de Borda <\/em>(Dax 1922).<\/p>\n<p>&#8211; <em>Le grand saint du grand si\u00e8cle. Monsieur Vincent <\/em>(Paris 1932) 3 vols<\/p>\n<p>&#8211; <em>L&#8217;abjuration du 29 juin 1607 \u00e0 Saint Pierre d&#8217;Avignon. <\/em><em>Un document nouveau: Annales <\/em>(1936) pp.182-188.<\/p>\n<p>CUZACQ, R., <em>G\u00e9ographie historique des Landes, les Pays landais<\/em> (Paris 1962).<\/p>\n<p>DAGENS, J., <em>B\u00e9rulle et les origines de la restauration catholique <\/em>(1576-1611) (Paris 1952).<\/p>\n<p>DAN, P., <em>Histoire de la Barbarie et de ses corsaires <\/em>(Paris 1649).<\/p>\n<p>D&#8217;AGNEL, A., <em>Saint Vincent de Paul, directeur de conscience (Paris 1925) <\/em>(trad. espa\u00f1ola: <em>San Vicente de Pa\u00fal, director de conciencia, <\/em>Madrid 1927).<\/p>\n<p>&#8211; <em>Saint Vincent de Paul, guide du pr\u00eate <\/em>(Paris 1928).<\/p>\n<p>&#8211; <em>Saint Vincent de Paul, ma\u00eetre d&#8217;oraison <\/em>(Paris 1929).<\/p>\n<p>DANIEL-ROPS: <em>San Vicente de Pa\u00fal <\/em>(Barcelona 1960).<\/p>\n<p>DARCHE, J. F., <em>Le saint abb\u00e9 Bourdoise <\/em>(Paris 1883-1884) 2 vols.<\/p>\n<p>DARRICAU, R., <em>L&#8217;action charitable d&#8217;une reine de France: Anne d&#8217;Autriche: XVII Si\u00e8cle 90-91 <\/em>(1971) pp.111-125.<\/p>\n<p>&#8211; <em>Saint Vincent de Paul et le cardinal Durazzo arch\u00e9v\u00eaque de G\u00eanes: M. et Ch. 11 <\/em>(1963) pp.262-270.<\/p>\n<p>DEBONGNIE, P., <em>La conversion de Saint Vincent de Paul: <\/em>RHE 31 (1936) pp.. 313-339.<\/p>\n<p>&#8211; <em>Vincent de Paul a-t-il menti? <\/em>RHE 33 (1938) pp.320-331.<\/p>\n<p>&#8211; <em>Pour mieux conna\u00eetre Saint Vincent de Paul: <\/em>RHE 34 (1939) pp.774-778.<\/p>\n<p>&#8211; <em>Saint Vincent de Paul et Abelly: <\/em>RHE 45 (1950) p.688-706.<\/p>\n<p>&#8211; <em>Saint Vincent de Paul \u00e9tail-il \u00e0 Tunis en 1606-1607 et \u00e0 Rome en 1607-1608?: <\/em>RHE 58 (1963) pp.862-865.<\/p>\n<p>DEFOS DU RAU. J., <em>La date de la naissance de Saint Vincent de Paul. <\/em>Extracto del<em> Bulletin de la Soci\u00e9t\u00e9 de Borda <\/em>(Auch 958).<\/p>\n<p><em>Il a \u00e9t\u00e9 esclave&#8230;! <\/em>(Mont de Mars\u00e1n 1963).<\/p>\n<p>DEFRENN\u00c9S, P., <em>La vocation de Saint Vincent de Paul. \u00c9tude de Psychologie surnaturelle: <\/em>RAM 13 (1932) pp.60-86, 164-183, 294-321, 389-411.<\/p>\n<p>DEGERT, A., <em>Histoire des s\u00e9minaires fran\u00e7aises jusqu&#8217;\u00e0 la R\u00e9volution<\/em> (Paris 1903) 2 vols.<\/p>\n<p>DE GRAAF, H., <em>De votis quae emittuntur in Congregatione Missionis <\/em>(Rome 1955).<\/p>\n<p>DELUMEAU, J., <em>Le christianisme va-t-il mourir? <\/em>(Paris, Hachette, 1977).<\/p>\n<p>DELARUE, J., <em>L&#8217;id\u00e9al missionnaire du pr\u00eatre d&#8217;apr\u00e8s Saint Vincent de Paul <\/em>(Paris 1946).<\/p>\n<p>&#8211; <em>Saintet\u00e9 de M. Vincent <\/em>(Paris 1959).<\/p>\n<p>DENIGOT, M., <em>Au plateau de Saclay, Ile-de-France. Monsieur Vincent: sa Congr\u00e9gation \u00e0 la ferme d&#8217;Orsigny <\/em>(Paris 1978). .<\/p>\n<p>DEPLANQUE, L., <em>Saint Vincent de Paul sous l&#8217;emprise chr\u00e9tienne <\/em>(Paris 1936).<\/p>\n<p>DERR\u00c9AL, H.,<em> Un missionnaire de la Contre-R\u00e9forme, saint Pierre Fourier <\/em>(Paris 1965).<\/p>\n<p>&#8211; <em>S. Pierre Fourier et ses rapports avec la cour de Lorraine in L&#8217;Universit\u00e9 de Pont-\u00e0-Mousson et les probl\u00e8mes de son temps <\/em>(1974) pp.217-233.<\/p>\n<p>DESCOURVEAUX, Ph., <em>La vie de Monsieur Bourdoise&#8230; <\/em>(Paris 1714).<\/p>\n<p>DE VEGHEL, O., <em>Beno\u00eet de Canfield (1562-1610). <\/em><em>Sa vie, sa doctrine et son influence <\/em>(Rome 1949).<\/p>\n<p>DIEBOLD, D., <em>La premi\u00e8re messe de Saint Vincent <\/em>(1600): Annales (1957) pp.490-492.<\/p>\n<p>&#8211; <em>Saint Vincent de Paul. Sa nomination \u00e0 la cure de Tilh (dioc\u00e8se de Dax) in 1600: Annales <\/em>(1959) pp.389-397.<\/p>\n<p>&#8211; <em>Antoine Godeau et Saint Vincent de Paul: Annales <\/em>(1952) pp..232-239.<\/p>\n<p>DODIN, A., <em>Lectures de Saint Vincent&#8230;: Annales <\/em>(1941) pp..239-248; ibid. (1945) pp.447-464; ibid. (1947) pp.479-497.<\/p>\n<p>&#8211; <em>Saint Vincent de Paul et l&#8217;\u00e9vangile: La Vie Spirituelle <\/em>(1948) pp.50-59.<\/p>\n<p>&#8211; <em>Saint Vincent de Paul et les illumin\u00e9s: <\/em>RAM (1949) pp.445- 456.<\/p>\n<p>&#8211; <em>En pri\u00e8re avec M. Vincent <\/em>(Paris 1950) (trad espa\u00f1ola: <em>La oraci\u00f3n en la vida apost\u00f3lica, <\/em>Madrid-Salamanca 1966).<\/p>\n<p>&#8211; <em>Saint Vincent de Paul et la charit\u00e9 <\/em>(Paris 1960)<\/p>\n<p>&#8211; <em>Monsieur Vincent et les prisonniers: <\/em>M. et Ch. 13-14 (1964) pp.56-63.<\/p>\n<p>&#8211; <em>Critiques des missions au temps de M. Vincent: <\/em>M. et Ch. (1967) pp.281-283.<\/p>\n<p>&#8211; <em>La promotion de la femme \u00e0 l&#8217;apostolat missionnaire: <\/em>M. et Ch. 28 (1967) pp.307-321.<\/p>\n<p>&#8211; <em>Saint Vincent de Paul, mystique de l&#8217;action religieuse: <\/em>M. et Ch. 29-30 (1968) pp.26-47.<\/p>\n<p>&#8211; <em>Esprit de Saint Vincent, esprit de Mission: <\/em>M. et Ch. 31- 32 (1968) pp.135-143.<\/p>\n<p>&#8211; <em>La espiritualidad francesa en el siglo XVII, <\/em>in <em>Historia de la espiritualidad <\/em>Vol.2 (Barcelona 1969) pp.438-444.<\/p>\n<p>&#8211; <em>Les voeux dans la spiritualit\u00e9 vincentienne: <\/em>M. et Ch.35-36 (1969) pp.129-135.<\/p>\n<p>&#8211; <em>El culto a Maria y la experiencia religiosa de San Vicente de Pa\u00fal: Anales <\/em>(1975) pp.388-404.<\/p>\n<p>&#8211; <em>Th\u00e9ologie de la charit\u00e9 selon Saint Vincent de Paul: <\/em>Vincentiana 20 (1976) pp.263-284.<\/p>\n<p>&#8211; <em>Lecciones sobre vicencianismo <\/em>(Salamanca 1979).<\/p>\n<p>DUDON, P., <em>Le VII cent\u00e9naire de l&#8217;Universit\u00e9 de Toulouse:\u00c9tudes 199 <\/em>(1929), pp.724-738.<\/p>\n<p>ELLIOT, J. H., <em>Revoluciones y rebeliones de la Europa moderna <\/em>(Madrid 1978).<\/p>\n<p>EMERIT, M., <em>Une manoeuvre antijans\u00e9niste: la canonisation de Vincent de Paul, <\/em>en <em>Actes du 99 Congr\u00e8s des Soci\u00e9t\u00e9s savantes <\/em>Vol.1 pp.139-150.<\/p>\n<p>ERLANGER, Ph., <em>Richelieu <\/em>(Paris 1972).<\/p>\n<p>EARLE, P., <em>Corsairs of Malta and Barbary <\/em>(London 1970).<\/p>\n<p>\u00c9TAT SOMMAIRE <em>des mis\u00e8res de la campagne et besoins des pauvres aux environs de Paris. <\/em>22, 23, 24 and 25October 1652.<\/p>\n<p>EUSEBIO DEL SANTISIMO SACRAMENTO, <em>Compendio chronol\u00f3gico de la vida admirable y virtudes heroicas de el Beato Vicente de Paul <\/em>(Rome 1730).<\/p>\n<p>FEILLET, A., <em>La mis\u00e8re au temps de la Fronde et saint Vincent de Paul <\/em>(Paris 1868) 4th edition.<\/p>\n<p>FELIU Y PEREZ, B., <em>De la patria y estudios de San Vicente de Pa\u00fal. <\/em>Ap\u00e9ndice a la ed.. Espa\u00f1ola de A. LOTH. <em>San Vicente de Pa\u00fal y su misi\u00f3n social. <\/em>(Barcelona 1887) pp.459-480.<\/p>\n<p>FERT\u00c9, J., <em>La vie religieuse dans les campagnes parisiennes <\/em>(1622-1695). (Paris 1962).<\/p>\n<p>FILLES (LES) <em>de la Charit\u00e9 de Saint Vincent de Paul <\/em>(Paris 1923). 6th edition<\/p>\n<p>FISHER, G., <em>Barbary Legend. War, trade and piracy in North Africa, 1415-1830 <\/em>(Oxford 1957).<\/p>\n<p>FOISIL, M., <em>La r\u00e9volte des Nu-Pieds et les r\u00e9voltes normandes de 1639 <\/em>(Paris 1970).<\/p>\n<p>FOSEYEUX, M., <em>L&#8217;H\u00f4tel-Dieu de Paris au XVII si\u00e8cle et au XVIII si\u00e8cle. <\/em>(Paris 1912).<\/p>\n<p>FRAN\u00c7OIS DE SALES, S., <em>Oeuvres <\/em>(Annecy 1892-1932).<\/p>\n<p>FURETIERE, A., <em>Dictionnaire universel <\/em>(La Haya-Rotterdam 1960) 3 vols.<\/p>\n<p>GERBERON, G., <em>Histoire g\u00e9n\u00e9rale du Jans\u00e9nisme&#8230; <\/em>(Amsterdam 1700) 3 vols.<\/p>\n<p>GIELEN, C., <em>La charit\u00e9 demeure <\/em>(Paris 1960).<\/p>\n<p>GIRARD, J., <em>Saint Vincent de Paul. Son oeuvre et son influence en Lorraine: Annales <\/em>(1951) pp.321-368; ibid. (1952) pp.96-145 367-408.<\/p>\n<p>GIRAUD, Y., <em>Antoine Godeau <\/em>(1605-1672). <em>De la galanterie \u00e0 la saintet\u00e9: Actes des journ\u00e9es commemoratives; Grasse, 21-24 April 1972 <\/em>(Paris).<\/p>\n<p>GLEIZES, R., <em>Captivit\u00e9 et oeuvres de Saint Vincent de Paul en Barbarie<\/em> (Paris 1930).<\/p>\n<p>GODEAU, A., <em>Exhortation aux parisiens pour le secours des pauvres des provinces de Picardie et Champagne&#8230; <\/em>(Paris 1652).<\/p>\n<p>GOMEZ DE LOSADA, G., <em>Escuela de trabajos <\/em>(Madrid 1670).<\/p>\n<p>GOBILLON, A., <em>La vie de Mademoiselle Le Gras, fondatrice et premi\u00e8re sup\u00e9rieure de la Compagnie des Filles de la Charit\u00e9, servantes des pauvres malades <\/em>(Paris 1676).<\/p>\n<p>GOLDMANN, L., <em>Remarques sur le jans\u00e9nisme: la vision tragique du monde et la noblesse de robe: XVII Si\u00e8cle 19 <\/em>(1953) pp.177-195.<\/p>\n<p>&#8211; <em>Le Dieu cach\u00e9. \u00c9tude sur la vision tragique dans les \u00abPens\u00e9es\u00bb de Pascal et dans le th\u00e9\u00e2tre de Racine <\/em>(Paris 1955) (trad. espa\u00f1ola: <em>El hombre y lo absoluto, <\/em>Barcelona 1972).<\/p>\n<p>GONDI, J. F. P., <em>M\u00e9moires, <\/em>ed. M. ALLEN (Paris 1956).<\/p>\n<p>GRACIAN, G., <em>Tratado de la redempci\u00f3n de captivos&#8230; <\/em>(Brussels 1609).<\/p>\n<p>GRANDCHAMP, P., <em>La pr\u00e9tendue captivit\u00e9 de Saint Vincent de Paul \u00e0 Tunis <\/em>(1605-1607) Extracto of <em>La France en Tunisie au XVII si\u00e8cle (1651-1660) <\/em>Vol.6 (Tunis 1928).<\/p>\n<p>&#8211; Ibid. <em>Observations nouvelles. <\/em> Extracto de ibid., Vol.7 (Tunis 1929).<\/p>\n<p>&#8211; <em>Un document nouveau sur Saint Vincent de Paul et l&#8217;abjuration du 29 juin 1607 \u00e0 Saint Pierre d&#8217;Avignon: Revue Tunisienne <\/em>(1936, 2\u00ba trimestre) pp.80-84.<\/p>\n<p>&#8211; (Los tres art\u00edculos anteriores fueron reproducidos en <em>Les cahiers de Tunisie 49-52 <\/em>[1965] pp.51-84).<\/p>\n<p>&#8211; <em>De nouveau sur la captivit\u00e9 de Saint Vincent de Paul \u00e0 Tunis: Revue Tunisienne <\/em>(1931) pp.155-157.<\/p>\n<p>&#8211; <em>A propos de la pr\u00e9tendue captivit\u00e9 de Saint Vincent de Paul \u00e0 Tunis: <\/em>ibid., pp.294-300.<\/p>\n<p>GRAND-MESNIL, M. N., <em>Mazarin, la Fronde et la presse <\/em>(Paris 1967).<\/p>\n<p>GUICHARD, J., <em>Saint Vincent de Paul esclave \u00e0 Tunis. \u00c9tude historique et critique <\/em>(Paris 1937).<\/p>\n<p>&#8211; <em>Saint Vincent de Paul et les monast\u00e8res de Verdun: Annales <\/em>(1939) pp.689-692.<\/p>\n<p>&#8211; <em>Saint Vincent de Paul, cat\u00e9chiste: Cahiers Cat\u00e9chistiques <\/em>(1938-1939).<\/p>\n<p>GULLICK, E., <em>The life of Father Benet of Canfield: <\/em>Collectanea Franciscana 42 (1972) pp.39-67.<\/p>\n<p>GUTH, P., <em>Mazarin <\/em>(Biographie) (Paris 1972).<\/p>\n<p>GUTTON, J. P., <em>La soci\u00e9t\u00e9 et les pauvres. L&#8217;example de la g\u00e9n\u00e9ralit\u00e9 de Lyon <\/em>(1534-1789) (Paris 1971).<\/p>\n<p>&#8211; <em>La soci\u00e9t\u00e9 et les pauvres en Europe (XVI-XVII si\u00e8cles) <\/em>(Paris 1974).<\/p>\n<p>HAMSCHER, A. N., <em>The Parlement of Paris and the social interpretation of early French Jansenism: The Catholic historical Review 63 <\/em>(1977) pp.392-410.<\/p>\n<p>HAEDO, D., <em>Topographia e historia general de Argel.<\/em>(Valladolid 1612).<\/p>\n<p>HERNANDEZ Y FAJARNES, A., <em>San Vicente de Pa\u00fal. Su patria: sus estudios en la Universidad de Zaragoza <\/em>(Zaragoza 1888).<\/p>\n<p>HERRERA, J., y PARDO, V., <em>San Vicente de Pa\u00fal. Biograf\u00eda y selecci\u00f3n de escritos <\/em>(Madrid 1950).<\/p>\n<p>&#8211; <em>Historia de la Congregaci\u00f3n de la Misi\u00f3n <\/em>(Madrid 1949).<\/p>\n<p>&#8211; <em>El santo Patr\u00f3n de San Vicente: Anales <\/em>(1961) pp.220-223.<\/p>\n<p>&#8211; <em>Teolog\u00eda de la acci\u00f3n y m\u00edstica de la caridad <\/em>(Madrid 1960).<\/p>\n<p>HOUSSAYE, M., <em>Le P\u00e8re de B\u00e9rulle et l&#8217;Oratoire <\/em>(Paris 1872-1875) 3 vols.<\/p>\n<p>&#8211; <em>Le cardinal B\u00e9rulle et le cardinal Richelieu. <\/em><em>1625-1629. <\/em>(Paris 1875).<\/p>\n<p>HUBAC, P., <em>Les barbaresques et la course en M\u00e9diterran\u00e9e <\/em>(Paris 1959).<\/p>\n<p>HUIJBEN, J., <em>Aux sources de la spiritualit\u00e9 fran\u00e7aise au XVII si\u00e8cle: La Vie Spirituelle, <\/em>Suppl. 25 (1930) pp.113-139; 26 (1931) pp.17-46 , 75-111; 27 (1931) pp.20-42, 94-122.<\/p>\n<p>IBA\u00d1EZ, J. M., <em>Vicente de Pa\u00fal y los pobres de su tiempo <\/em>(Salamanca 1977).<\/p>\n<p>IGNACIO DE LOYOLA. San, <em>Obras completas <\/em>(Madrid, BAC, 1977)<\/p>\n<p>JACQUART, J., <em>La Fronde des princes dans la r\u00e9gion parisienne et ses cons\u00e9quences mat\u00e9rielles: <\/em>RHMC 7 (1960) pp.257-290.<\/p>\n<p>JANSEN, P., <em>Le cardinal Mazarin et le mouvement jans\u00e9niste fran\u00e7ais (1653-1659) d&#8217;apr\u00e8s les documents in\u00e9dits conserv\u00e9s dans le Minist\u00e8re des Affaires \u00c9trang\u00e8res <\/em>(Paris 1967).<\/p>\n<p>JIM\u00c9NEZ DUQUE, B., <em>Historia de la espiritualidad<\/em> vol. 2 (Barcelona 1969).<\/p>\n<p>JOVER, J. M., <em>Historia de una pol\u00e9mica y semblanza de una generaci\u00f3n <\/em>(Madrid 1949).<\/p>\n<p>JUAN DEL SANTISIMO SACRAMENTO, Fr., <em>Vida del Venerable Siervo de Dios Vicente de Pa\u00fal&#8230; <\/em>(N\u00e1poles 1701).<\/p>\n<p>JUVA, S., <em>Monsieur Vincent. \u00c9volution d&#8217;un Saint <\/em>(Bourges 1939).<\/p>\n<p>KAMEN, H., <em>El siglo de hierro <\/em>(Madrid 1977).<\/p>\n<p>KOSSMAN, E. H., <em>La Fronde <\/em>(Leiden 1954).<\/p>\n<p>LA BRUYERE, R., <em>La marine de Richelieu <\/em>(Paris 1960).<\/p>\n<p>LAJEUNIE, E. M., <em>St. Fran\u00e7ois de Sales et l&#8217;esprit sal\u00e9sien <\/em>(Paris 1962).<\/p>\n<p>&#8211; <em>St. Fran\u00e7ois de Sales, ma\u00eetre spirituel <\/em>(Paris 1967).<\/p>\n<p>LANCELOT, C., <em>M\u00e9moires touchant la vie de Monsieur de Saint.- <\/em><em>Cyran&#8230; <\/em>(Cologne 1738).<\/p>\n<p>LAURAIN-PORTEMER, M., <em>Le statut de Mazarin dans l&#8217;\u00c9glise. <\/em><em>Aper\u00e7us sur le haut clerg\u00e9 de la Contre-R\u00e9forme <\/em>(Paris 1970).<\/p>\n<p>LAURENTIN, R.,y ROCHE, P., <em>Catherine Labour\u00e9 et la M\u00e9daille miraculeuse <\/em>(Paris 1976-1979) 2 vols.<\/p>\n<p>LAVEDAN, H., <em>Monsieur Vincent, aum\u00f4nier des Gal\u00e8res <\/em>(Paris 1928) trad. espa\u00f1ola, Buenos Aires 1944).<\/p>\n<p>LAVISSE, E., <em>Histoire de France <\/em>Vol.6: <em>Henri IV et Louis XIII; <\/em>Vol.7: <em>Louis XIV <\/em>(Paris 1911).<\/p>\n<p>LE BRUN, J., <em>Le Grand Si\u00e8cle de la spiritualit\u00e9 fran\u00e7aise et ses lendemains, <\/em>en <em>Histoire spirituelle de la France <\/em>(Paris 1964) pp.227-285.<\/p>\n<p>LEMAISTRE, A., <em>L&#8217;aum\u00f4ne chr\u00e9tienne ou la tradition de l&#8217;\u00c9glise touchant la charit\u00e9 envers les pauvres <\/em>(Paris 1651).<\/p>\n<p>LEURET-DUPANLOUP, <em>Le coeur de saint Vincent de Paul <\/em>(Paris 1971).<\/p>\n<p>LOPEZ, A., <em>La obra catequ\u00e9tica de Santa Luisa: Anales <\/em>(1980) pp.220-230.<\/p>\n<p>LIVET, G., <em>La guerre de Trente Ans <\/em>(Paris 1963).<\/p>\n<p>LOTH, A., <em>San Vicente de Pa\u00fal y su misi\u00f3n social <\/em>(Barcelona 1887).<\/p>\n<p>LOUISE DE MARILLAC, <em>Lettres, <\/em>autobiographical edition (Paris)<\/p>\n<p>&#8211; <em>Pens\u00e9es, <\/em>ed. aut\u00f3g. (Paris).<\/p>\n<p>&#8211; <em>Sa vie, ses vertus, son esprit <\/em>(Bruges 1886) 4 vols.<\/p>\n<p>&#8211; <em>Ses \u00e9crits. Correspondance. M\u00e9ditations. Pens\u00e9es. <\/em><em>Avis <\/em>(Paris 1961).<\/p>\n<p>&#8211; <em>Cartas y escritos de Santa Luisa de Marillac <\/em>(vid. CASTA\u00d1ARES).<\/p>\n<p>MANDROU, R., <em>Francia en los siglos XVII y XVIII <\/em>(Barcelona 1973).<\/p>\n<p>MARCHETTY, F., <em>La vie de Messire Jean Baptiste Gault, \u00e9v\u00eaque de Marseille<\/em> (Paris 1650).<\/p>\n<p>MARION, M., <em>Dictionnaire des institutions de la France aux XVII et XVIII si\u00e8cles <\/em>(Paris 1969).<\/p>\n<p>MARTINEZ, B., <em>Rasgos m\u00e1s sobresalientes de la fisonom\u00eda humana y espiritual de Santa Luisa: Anales <\/em>(1977) pp.134-141.<\/p>\n<p>&#8211; <em>El nacimiento de Santa Luisa: Anales <\/em>(1978) pp.95-101.<\/p>\n<p>&#8211; <em>Sobre la fundaci\u00f3n del hospital de Nantes: Anales <\/em>(1979) p.466-483.<\/p>\n<p>&#8211; <em>Santa Luisa y las obras en Courteau Villain: Anales <\/em>(1974) pp.8-12.<\/p>\n<p>MASSAUT, J. P., <em>Thomisme et augustinisme dans l&#8217;apolog\u00e9tique du XVII si\u00e8cle: Revue des sciences philosophiques et th\u00e9ologiques 44 <\/em>(1960) pp.617-638.<\/p>\n<p>&#8211; <em>L&#8217;humanisme au d\u00e9but du si\u00e8cle (XVI si\u00e8cle), <\/em>en <em>Histoire spirituelle de la France <\/em>(Paris 1964) pp.185-193.<\/p>\n<p>MAUDUIT, J., <em>Saint Vincent de Paul <\/em>(Paris 1960) (trad. espa\u00f1ola: <em>San Vicente de Pa\u00fal, <\/em>Barcelona 1963).<\/p>\n<p>MAUPAS DU TOUR, H. de, <em>La vie du v\u00e9n\u00e9rable serviteur de Dieu ,Fran\u00e7ois de Sales <\/em>(Paris 1657).<\/p>\n<p>&#8211; <em>La vie de la V\u00e9n\u00e9rable M\u00e8re Jeanne Fran\u00e7oise Fr\u00e9miot <\/em>(Paris) (trad. espa\u00f1ola, Madrid 1681).<\/p>\n<p>&#8211; <em>Oraison fun\u00e8bre \u00e0 la m\u00e9moire de feu Messire Vincent de Paul&#8230; prononc\u00e9e le 23 novembre 1660 dans l&#8217;\u00e9glise de S. Germain l&#8217;Auxerrois <\/em>(Paris 1661).<\/p>\n<p>MAYNARD, U., <em>Saint Vincent de Paul. Sa vie, son temps, ses oeuvres, son influence <\/em>(Paris 1886) 3\u00aa edition.<\/p>\n<p>&#8211; <em>Vertus et doctrine spirituelle de Saint Vincent de Paul <\/em>(Paris 1864)<\/p>\n<p>MAZZINI, G., <em>Per l&#8217;approvazione della Congregazione della Missione. <\/em><em>Un documento dell&#8217;anno 1632: Annali <\/em>(1925) pp.174-186.<\/p>\n<p>M\u00c9MOIRES <em>de la Congr\u00e9gation de la Mission <\/em>(Paris 1863-1866) 9 vols.<\/p>\n<p>M\u00c9MOIRES DES BESOINS <em>de la campagne aux environs de Paris <\/em>(1652)<\/p>\n<p>MENABREA, A., <em>Saint Vincent de Paul, le ma\u00eetre des hommes d&#8217;\u00c9tat <\/em>(Paris 1944).<\/p>\n<p>&#8211; <em>La r\u00e9volution inaper\u00e7ue. Saint Vincent de Paul le savant <\/em>(Paris 1948).<\/p>\n<p>MEUVRET, J., <em>La situation mat\u00e9rielle des membres du clerg\u00e9 s\u00e9culier dans la France du XVII si\u00e8cle: <\/em>RAM 54 (1968) pp.47-68.<\/p>\n<p>MEYER, R., y HUERGA, L., <em>Una instituci\u00f3n singular: el superior general de la Congregaci\u00f3n de la Misi\u00f3n y de las Hijas de la Caridad <\/em>(Salamanca 1974).<\/p>\n<p>MEZZADRI, L., <em>Fra giansenisti e antigiansenisti. Vincent de Paul e la Congregazione della Missione <\/em>(1624-1737) (Florence 1977).<\/p>\n<p>&#8211; <em>De la Misi\u00f3n a la Congregaci\u00f3n de la Misi\u00f3n: Anales <\/em>(1978) pp.88-94.<\/p>\n<p>&#8211; <em>La conversi\u00f3n de San Vicente de Pa\u00fal: Anales <\/em>(1978) pp.9-15.<\/p>\n<p>&#8211; <em>Caridad y pol\u00edtica: San Vicente de Pa\u00fal y la Fronda: Anales <\/em>(1978) pp.395-412.<\/p>\n<p>&#8211; <em>Le missioni popolari della Congregazione della Missione nello Stato della Chiesa <\/em>(1642-1700): RSChI (1979) pp.12-44.<\/p>\n<p>MOMMAERS, P., <em>Beno\u00eet de Canfeld. Sa terminologie \u00abessentielle\u00bb: <\/em>RAM 47 (1971) pp.421-454; 48 (1972) pp.37-68. <em>Beno\u00eet de Canfeld et ses sources flamandes: Revue d&#8217;histoire de la spiritualit\u00e9 48 <\/em>(1972) pp.401-434; 49 (1973) pp.37-66.<\/p>\n<p>MONGR\u00c9DIEN, G., <em>10 novembre 1630. La journ\u00e9e des dupes <\/em>(Paris 1961).<\/p>\n<p>MOTT, E., <em>Saint Vincent de Paul et le sacerdoce <\/em>(Paris 1900) (trad. espa\u00f1ola, Madrid 1915).<\/p>\n<p>MOUSNIER, R., <em>La v\u00e9nalit\u00e9 des offices sous Henri IV et Louis XIII <\/em>(Ru\u00e1n 1945).<\/p>\n<p>&#8211; <em>Quelques raisons de la Fronde. Les causes des journ\u00e9es r\u00e9volutionnaires parisiennes de 1648: XVII Si\u00e8cle <\/em>(1940) pp.33-78.<\/p>\n<p>&#8211; <em>L&#8217;assassinat d&#8217;Henri IV <\/em>(Paris 1964).<\/p>\n<p>&#8211; <em>Faureurs paysannes: les paysans dans les r\u00e9voltes du XVII si\u00e8cle <\/em>(Paris 1967) (trad. espa\u00f1ola: <em>Furores campesinos, <\/em>Madrid 1976).<\/p>\n<p>&#8211; <em>Los siglos XVI y XVII <\/em>(vol. 6 de <em>Historia general de las civilizaciones) <\/em>(Barcelona 1967).<\/p>\n<p>&#8211; <em>Les institutions de la France sous la Monarchie absolue <\/em>(Paris 1974-1980) 2 vols.<\/p>\n<p>NIETO, P., <em>Historia de las Hijas de la Caridad desde sus or\u00edgenes hasta el siglo XX <\/em>(Madrid 1932) 2 vols.<\/p>\n<p>NOTICES <em>sur les pr\u00eatres, clercs et fr\u00e8res d\u00e9funts de la Congr\u00e9gations de la Mission <\/em>(Paris 1891-1893) 3 vols.<\/p>\n<p>NUALART, F., <em>Vida y martirio del siervo de Dios Pedro Borguny, martirizado en Argel a los 30 de agosto de 1654 <\/em>(Roma 1780)<\/p>\n<p>O&#8217;BOYLE, P., <em>Les relations de Saint Vincent de Paul avec l&#8217;Irlande: Annales <\/em>(1907) p.355 ff.<\/p>\n<p>ORCAJO, A., <em>La promoci\u00f3n de vocaciones a la C.M. seg\u00fan San Vicente: Anales <\/em>(1978) pp.17-32.<\/p>\n<p>ORCIBAL, J., <em>La recontre du Carmel th\u00e9resien avec la mystique du Nord <\/em>(Paris 1959).<\/p>\n<p>&#8211; <em>Les origines du jans\u00e9nisme <\/em>(Paris 1947-1962) 5 vols.<\/p>\n<p>&#8211; <em>Saint Cyran et le jans\u00e9nisme <\/em>(Paris 1961).<\/p>\n<p>&#8211; <em>Le cardinal B\u00e9rulle: \u00e9volution d&#8217;une spiritualit\u00e9 <\/em>(Paris 1965).<\/p>\n<p>&#8211; <em>Vers l&#8217;\u00e9panouissement du XVII si\u00e8cle <\/em>(1580-1600) en <em>Histoire spirituelle de la France <\/em>(Paris 1964) pp.217-226.<\/p>\n<p>&#8211; <em>Port Royal entre le miracle et l&#8217;ob\u00e9issance <\/em>(Paris 1957).<\/p>\n<p>PAGES, G., <em>Autour du \u00abGrand Orage\u00bb. <\/em><em>Richelieu et Marillac:deux politiques: Revue Historique <\/em>Vol.179 (1937) pp.63-97.<\/p>\n<p>PARDO, V., <em>Renovaci\u00f3n de la m\u00edstica de la acci\u00f3n y de la caridad seg\u00fan San Vicente <\/em>(Madrid 1960).<\/p>\n<p>&#8211; <em>Espiritualidad vicenciana y renovaci\u00f3n conciliar <\/em>(Madrid 1967).<\/p>\n<p>PARRANG, J., <em>Un m\u00e9c\u00e8ne de saint Vincent de Paul: Pierre Fran\u00e7ois Montoro (dit Montorio), vice-l\u00e9gat en Avignon (1604-1607): Annales <\/em>(1937) pp.245-259; ibid. (1938) pp.615-623; ibid. (1943-1944) pp.224-228.<\/p>\n<p>POHAR, A., <em>Octogenarius ille: Vincentiana <\/em>22 (1959) pp.153-155.<\/p>\n<p>POINSENET, M. D., <em>De la angustia a la santidad. Luisa de Marillac, fundadora de las Hijas de la Caridad <\/em>(Madrid, Studium, 1963).<\/p>\n<p>POOLE, S., <em>The Tunisian captivity of Saint Vincent de Paul. A survey of the controversy <\/em>(1978).<\/p>\n<p>&#8211; <em>A History of the Congregation of the Mission. <\/em>1625-1843 ( 1973).<\/p>\n<p>PORSCHNEV, B., <em>Les soul\u00e8vements populaires en France de 1623 \u00e0 1648 (Paris 1963) <\/em>).<\/p>\n<p>POURRAT, P., <em>La spiritualit\u00e9 chr\u00e9tienne <\/em>vol.3 (Paris 1918).<\/p>\n<p>PRAVIEL, A., <em>Monsieur Vincent chez les turcs <\/em>(Paris 1935).<\/p>\n<p>PRECLIN, E., &amp; JARRY, E., <em>Luchas doctrinales <\/em>(vol. 22 de <em>Historia de la Iglesia <\/em>por FLICHE-MARTIN, Valencia, Edicep, 1976).<\/p>\n<p>&#8211; <em>Luchas pol\u00edticas <\/em>(vol.21 de ibid., Valencia. Edicep, 1977).<\/p>\n<p>PURCELL, MARY., <em>The world of Monsieur Vincent<\/em> (Dublin, Veritas Publications, 1989)<\/p>\n<p><em>&#8211; The story of the Vincentians <\/em>(Dublin 1973)<\/p>\n<p>RECUEIL <em>des principales circulaires des sup\u00e9rieurs g\u00e9n\u00e9raux de la Congr\u00e9gation de la Mission <\/em>(Paris 1877-1880) 3 vols.<\/p>\n<p>RECUEIL <em>des relations contenant ce qui s&#8217;est pass\u00e9 pour l&#8217;assistance des pauvres, entre autres de ceux de Paris et des environs et des Provinces de Picardie et Champagne&#8230; <\/em>(1655).<\/p>\n<p>REDIER, A., <em>La vraie vie de Saint Vincent de Paul <\/em>(Paris 1947) 26t\u00aa ediici\u00f3n. (Trad. espa\u00f1ola: <em>Vicente de Pa\u00fal, todo un car\u00e1cter, <\/em>Salamanca 1977).<\/p>\n<p>&#8211; <em>P\u00e9ch\u00e9s de jeunesse de Monsieur Vincent: Revue Hebdomadaire <\/em>(1939) pp.186-215.<\/p>\n<p><em>R\u00e8gles communes des Filles de la Charit\u00e9 servantes des pauvres malades. <\/em>Ed. ms. 1792, en el Archivo Matritense de la C.M. (trad. espa\u00f1ola, Barbastro 1815 y Madrid 1831).<\/p>\n<p><em>Regulae communes, Constitutiones et regulae particulares C.M<\/em>. Ms. de Sarzana, en el Archivo de la Curia Generalicia C.M.<\/p>\n<p><em>Regulae seu Constitutiones communes Congregationis Missionis<\/em> (Paris 1658).<\/p>\n<p>REMIREZ, J., <em>La espiritualidad de San Vicente de Pa\u00fal <\/em>(Madrid 1956).<\/p>\n<p>RENAUDIN, P., <em>Saint Vincent de Paul <\/em>(Marsella 1927).<\/p>\n<p>RIQUET, M., <em>La charit\u00e9 du Christ en action des origines \u00e0 Saint Vincent de Paul <\/em>(Paris 1963).<\/p>\n<p>RISTRETTO <em>cronologico della vita, vet\u00f9 e miracoli del B. Vincenzo de Paoli <\/em>(Rome 1729).<\/p>\n[ROBINEAU, L.], <em>Remarques sur les actions et paroles de feu Monsieur Vincent. Ms. <\/em>en el Archivo de San L\u00e1zaro (Paris).<\/p>\n<p>ROCHE, M., <em>Saint Vincent de Paul and the formation of clerics <\/em>(Friburg 1964).<\/p>\n<p>RODRIGUEZ, A., <em>Ejercicio de perfecci\u00f3n y virtudes cristianas <\/em>(Barcelona Edition 1857).<\/p>\n<p>ROMAN, J. M., <em>San Vicente de Pa\u00fal y la Compa\u00f1\u00eda de Jes\u00fas: Raz\u00f3n y Fe 162 <\/em>(1960) pp.303-318; 163 (1961) pp.399-416.<\/p>\n<p>&#8211; <em>Nuevos datos para el tema de la cautividad tunecina de Vicente de Pa\u00fal:I. Corsarios berberiscos y cautivos cristianos: Anales <\/em>(1979) pp.445-465; II. <em>Las cartas de la cautividad, \u00bfnovela picaresca? Anales <\/em>(1980) pp.137-147.<\/p>\n<p>&#8211; <em>El nacimiento de San Vicente de Pa\u00fal. Preguntas en torno a una fecha.<\/em> En Semana Vicenciana de Salamanca (10\u00aa) <em>Vicente de Pa\u00fal, la inspiraci\u00f3n permanente<\/em>, Salamanca, CEME, 1981, p. 147-172.<\/p>\n[ROSSET, E.], <em>Notices bibliographiques sur les \u00e9crivains de la Congr\u00e9gation de la Mission <\/em>(Paris 1878).<\/p>\n<p>ROSSI, G.F., <em>La schiavit\u00f9 di San Vincenzo de Paoli \u00e9 un fatto storico: Divus Thomas 63 <\/em>(1960) pp.468-522.<\/p>\n<p>&#8211; <em>La storicit\u00e0 della schiavit\u00f9 tunisina di San Vincenzo de Paoli (1605-1607): Divus Thomas 48 <\/em>(1964) pp.449-458.<\/p>\n<p>ROUANET, J.B., <em>Saint Vincent de Paul, pr\u00eatre, instrument de J\u00e9sus-Christ<\/em> (Bourges 1960<\/p>\n<p>SACRA CONGREGATIO PRO CAUSIS SANCTORUM, <em>Index ac status causarum Beatificationis Servorum Dei et canonisationis Sanctorum <\/em>(Rome 1975).<\/p>\n<p>SAINT AMOUR, L.G. de, <em>Journal de ce qui s&#8217;est fait \u00e0 Rome dans l&#8217;affaire des cinq propositions&#8230; <\/em>(s.l. 1962).<\/p>\n<p>SAINT-JURE, J. B., <em>La vie de Monsieur Renty&#8230; <\/em>(Paris 1651).<\/p>\n<p>SAINT VINCENT DE PAUL, <em>Corespondance. <\/em><em>Entretiens. Documents <\/em>(Paris 1920-1925), ed. P. COSTE. 14 vols + vol.15: M. et Ch. 19-20 (1970).<\/p>\n<p>SANABRE, J., <em>La acci\u00f3n de Francia en Catalu\u00f1a (1640-1659) en la pugna por la hegemon\u00eda europea <\/em>(Barcelona 1956).<\/p>\n<p>S. R. C. PARISIENSIS, <em>Restrictus probationum circa zelum Servi Dei contra mores Sancyranii et Jansenii <\/em>(Rome 1727).<\/p>\n<p>S\u00c9ROUET, P., <em>Jean de Br\u00e9tigny (1556-1634). Aux origines du Carmel de France, de Belgique et du Congo <\/em>(Leuven1974).<\/p>\n<p>SERPETTE, S., <em>Le berceau de Saint Vincent de Paul <\/em>(Dax s.a.).<\/p>\n<p>SOULET, J.F., <em>La vie quotidienne dans les Pyr\u00e9n\u00e9es sous l&#8217;Ancien R\u00e9gime (du XVI au XVII si\u00e8cles) <\/em>(Paris 1974).<\/p>\n<p>STELLA, S., <em>La Congregazione della Missione in Italia <\/em>(Paris 1884-1889).<\/p>\n<p>SYMES, J. S., <em>The contrary estimation of Saint Vincent de Paul on the Abb\u00e9 de Saint Cyran <\/em>(New York 1972).<\/p>\n<p>TALLON, ALAIN, <em>La Compagnie du Saint Sacrement(1629-1667) Spiritualit\u00e9 et soci\u00e9t\u00e9<\/em> (Paris, 1990)<\/p>\n<p>TAPI\u00c9, V.-L., <em>La France de Louis XIII et de Richelieu <\/em>(Paris 1967).<\/p>\n<p>TAVENEAUX, R., <em>Jans\u00e9nisme et vie sociale en France au XVII si\u00e8cle: <\/em>RHEF 54 (1968) pp.27-46.<\/p>\n<p>&#8211; <em>Jans\u00e9nisme et politique <\/em>(Paris 1965).<\/p>\n<p>&#8211; <em>Port Royal, les pauvres et la pauvret\u00e9, <\/em>in <em>Actes du colloque sur le jans\u00e9nisme <\/em>(Lovaina 1977) pp.65-68.<\/p>\n<p>TRIBOULET, RAYMOND, <em>Gaston de Renty. <\/em><em>1611-1649. Un home de ce monde. <\/em><em>Un homme de Dieu.<\/em> (Paris 1991)<\/p>\n<p>TERESA DE JESUS, Santa, <em>Obras completas <\/em>(Madrid, BAC, 1976).<\/p>\n<p>T\u00dcCHLE, H., <em>Reforma y Contrarreforma <\/em>(Vol.3 of the <em>Nueva historia de la Iglesia) <\/em>(Madrid 1966).<\/p>\n<p>TURBET-DELOF, G., <em>Saint Vincent de Paul et la Barbarie en 1657-1658: Revue de l&#8217;Occident musulman et de la M\u00e9diterran\u00e9e 3 <\/em>(1967) pp.153-165.<\/p>\n<p>&#8211; <em>Saint Vincent de Paul, a-t-il \u00e9t\u00e9 esclave \u00e0 Tunis?: <\/em>RHEF 58 (1972), pp.331-340.<\/p>\n<p>&#8211; <em>L&#8217;Afrique barbaresque dans la litt\u00e9rature fran\u00e7aise aux XVI et XVII si\u00e8cles <\/em>(Geneva 1973).<\/p>\n<p>VAN DER ESSEN, A., <em>Le Cardinal-Infant et la politique internationale espagnole <\/em>(Brussels 1944).<\/p>\n<p>VAN WINSEN, G., <em>Saint Vincent et les missions \u00e9trang\u00e8res: <\/em>Vincentiana<em> 22 <\/em>(1978) pp.150-182.<\/p>\n<p>VICENTE DE PAUL, <em>Pervivencia de un fundador <\/em>(Salamanca 1972).<\/p>\n<p>&#8211; , <em>evangelizador de los pobres <\/em>(Salamanca 1973).<\/p>\n<p>&#8211; , <em>inspirador de la vida comunitaria <\/em>(Salamanca 1975).<\/p>\n<p>&#8211; <em>y la acci\u00f3n caritativo-social <\/em>(Salamanca 1976).<\/p>\n<p>&#8211; <em>y la evangelizaci\u00f3n rural <\/em>(Salamanca 1977).<\/p>\n<p>&#8211; <em>y los enfermos <\/em>(Salamaca 1978).<\/p>\n<p>&#8211; <em>y la catequesis <\/em>(Salamanca 1979).<\/p>\n<p>VIVES, J. L., <em>De subventione pauperum <\/em>(Bruges 1526).<\/p>\n<p>WILLAERT, L., <em>La restauraci\u00f3n cat\u00f3lica <\/em>(vol.20 of <em>Historia de la Iglesia<\/em> by FLICHE-MARTIN, Valencia 1976<\/p>\n","protected":false},"excerpt":{"rendered":"<p>Presentaci\u00f3n \u00a0Los bosques y la niebla siempre desafiar\u00e1n la naturaleza inquisitiva del hombre. De San Vicente de Pa\u00fal se ha dicho que sus obras lo rodean como un bosque y su humildad lo envuelve como &#8230; <a href=\"https:\/\/vincentians.com\/es\/san-vicente-paul-biografia-00-introduccion\/\" class=\"more-link\">Read More<\/a><\/p>\n","protected":false},"author":4,"featured_media":149545,"comment_status":"open","ping_status":"open","sticky":false,"template":"","format":"standard","meta":{"jetpack_post_was_ever_published":false,"_jetpack_newsletter_access":"","_jetpack_dont_email_post_to_subs":false,"_jetpack_newsletter_tier_id":0,"_jetpack_memberships_contains_paywalled_content":false,"_jetpack_memberships_contains_paid_content":false,"footnotes":"","jetpack_publicize_message":"","jetpack_publicize_feature_enabled":true,"jetpack_social_post_already_shared":true,"jetpack_social_options":{"image_generator_settings":{"template":"highway","default_image_id":0,"font":"","enabled":false},"version":2}},"categories":[5],"tags":[218,168,228,173,142,220,175,162,119,144,227,166,267,143,243],"class_list":["post-50668","post","type-post","status-publish","format-standard","has-post-thumbnail","hentry","category-vicente-de-paul","tag-abelly","tag-argel","tag-calvet","tag-chatillon-les-dombes","tag-collet","tag-ducourneau","tag-folleville","tag-gobillon","tag-gondi","tag-lambert","tag-maynard","tag-robineau","tag-saint-martin","tag-san-lazaro","tag-taveneaux"],"yoast_head":"<!-- This site is optimized with the Yoast SEO plugin v26.3 - https:\/\/yoast.com\/wordpress\/plugins\/seo\/ -->\n<title>San Vicente de Pa\u00fal, biograf\u00eda: 00 - Introducci\u00f3n - Somos Vicencianos<\/title>\n<meta name=\"robots\" content=\"index, follow, max-snippet:-1, max-image-preview:large, max-video-preview:-1\" \/>\n<link rel=\"canonical\" href=\"http:\/\/vincentians.com\/es\/san-vicente-paul-biografia-00-introduccion\/\" \/>\n<meta property=\"og:locale\" content=\"es_ES\" \/>\n<meta property=\"og:type\" content=\"article\" \/>\n<meta property=\"og:title\" content=\"San Vicente de Pa\u00fal, biograf\u00eda: 00 - Introducci\u00f3n - Somos Vicencianos\" \/>\n<meta property=\"og:description\" content=\"Presentaci\u00f3n \u00a0Los bosques y la niebla siempre desafiar\u00e1n la naturaleza inquisitiva del hombre. De San Vicente de Pa\u00fal se ha dicho que sus obras lo rodean como un bosque y su humildad lo envuelve como ... Read More\" \/>\n<meta property=\"og:url\" content=\"http:\/\/vincentians.com\/es\/san-vicente-paul-biografia-00-introduccion\/\" \/>\n<meta property=\"og:site_name\" content=\"Somos Vicencianos\" \/>\n<meta property=\"article:publisher\" content=\"https:\/\/www.facebook.com\/WeAreVincentians\/\" \/>\n<meta property=\"article:author\" content=\"https:\/\/www.facebook.com\/JavierChento\" \/>\n<meta property=\"article:published_time\" content=\"2012-03-11T07:00:10+00:00\" \/>\n<meta property=\"article:modified_time\" content=\"2022-02-12T11:30:52+00:00\" \/>\n<meta property=\"og:image\" content=\"https:\/\/i0.wp.com\/vincentians.com\/es\/wp-content\/uploads\/sites\/11\/2016\/07\/Saint-Vincent-de-Paul-a-biography.jpg?fit=1200%2C630\" \/>\n\t<meta property=\"og:image:width\" content=\"1200\" \/>\n\t<meta property=\"og:image:height\" content=\"630\" \/>\n\t<meta property=\"og:image:type\" content=\"image\/jpeg\" \/>\n<meta name=\"author\" content=\"Francisco Javier Fern\u00e1ndez Chento\" \/>\n<meta name=\"twitter:card\" content=\"summary_large_image\" \/>\n<meta name=\"twitter:creator\" content=\"@https:\/\/twitter.com\/javierchento\" \/>\n<meta name=\"twitter:site\" content=\"@WeVincentians\" \/>\n<meta name=\"twitter:label1\" content=\"Escrito por\" \/>\n\t<meta name=\"twitter:data1\" content=\"Francisco Javier Fern\u00e1ndez Chento\" \/>\n\t<meta name=\"twitter:label2\" content=\"Tiempo de lectura\" \/>\n\t<meta name=\"twitter:data2\" content=\"45 minutos\" \/>\n<script type=\"application\/ld+json\" class=\"yoast-schema-graph\">{\"@context\":\"https:\/\/schema.org\",\"@graph\":[{\"@type\":\"Article\",\"@id\":\"http:\/\/vincentians.com\/es\/san-vicente-paul-biografia-00-introduccion\/#article\",\"isPartOf\":{\"@id\":\"http:\/\/vincentians.com\/es\/san-vicente-paul-biografia-00-introduccion\/\"},\"author\":{\"name\":\"Francisco Javier Fern\u00e1ndez Chento\",\"@id\":\"http:\/\/vincentians.com\/es\/#\/schema\/person\/9623ef4d9aa3b2dfb8c061f1499288f2\"},\"headline\":\"San Vicente de Pa\u00fal, biograf\u00eda: 00 &#8211; Introducci\u00f3n\",\"datePublished\":\"2012-03-11T07:00:10+00:00\",\"dateModified\":\"2022-02-12T11:30:52+00:00\",\"mainEntityOfPage\":{\"@id\":\"http:\/\/vincentians.com\/es\/san-vicente-paul-biografia-00-introduccion\/\"},\"wordCount\":8914,\"commentCount\":0,\"publisher\":{\"@id\":\"http:\/\/vincentians.com\/es\/#organization\"},\"image\":{\"@id\":\"http:\/\/vincentians.com\/es\/san-vicente-paul-biografia-00-introduccion\/#primaryimage\"},\"thumbnailUrl\":\"https:\/\/i0.wp.com\/vincentians.com\/es\/wp-content\/uploads\/sites\/11\/2016\/07\/Saint-Vincent-de-Paul-a-biography.jpg?fit=1200%2C630&ssl=1\",\"keywords\":[\"Abelly\",\"Argel\",\"Calvet\",\"Chatillon\",\"Collet\",\"Ducourneau\",\"Folleville\",\"Gobillon\",\"Gondi\",\"Lambert\",\"Maynard\",\"Robineau\",\"Saint Martin\",\"San L\u00e1zaro\",\"Taveneaux\"],\"articleSection\":[\"Vicente de Pa\u00fal\"],\"inLanguage\":\"es\",\"potentialAction\":[{\"@type\":\"CommentAction\",\"name\":\"Comment\",\"target\":[\"http:\/\/vincentians.com\/es\/san-vicente-paul-biografia-00-introduccion\/#respond\"]}]},{\"@type\":\"WebPage\",\"@id\":\"http:\/\/vincentians.com\/es\/san-vicente-paul-biografia-00-introduccion\/\",\"url\":\"http:\/\/vincentians.com\/es\/san-vicente-paul-biografia-00-introduccion\/\",\"name\":\"San Vicente de Pa\u00fal, biograf\u00eda: 00 - Introducci\u00f3n - Somos Vicencianos\",\"isPartOf\":{\"@id\":\"http:\/\/vincentians.com\/es\/#website\"},\"primaryImageOfPage\":{\"@id\":\"http:\/\/vincentians.com\/es\/san-vicente-paul-biografia-00-introduccion\/#primaryimage\"},\"image\":{\"@id\":\"http:\/\/vincentians.com\/es\/san-vicente-paul-biografia-00-introduccion\/#primaryimage\"},\"thumbnailUrl\":\"https:\/\/i0.wp.com\/vincentians.com\/es\/wp-content\/uploads\/sites\/11\/2016\/07\/Saint-Vincent-de-Paul-a-biography.jpg?fit=1200%2C630&ssl=1\",\"datePublished\":\"2012-03-11T07:00:10+00:00\",\"dateModified\":\"2022-02-12T11:30:52+00:00\",\"breadcrumb\":{\"@id\":\"http:\/\/vincentians.com\/es\/san-vicente-paul-biografia-00-introduccion\/#breadcrumb\"},\"inLanguage\":\"es\",\"potentialAction\":[{\"@type\":\"ReadAction\",\"target\":[\"http:\/\/vincentians.com\/es\/san-vicente-paul-biografia-00-introduccion\/\"]}]},{\"@type\":\"ImageObject\",\"inLanguage\":\"es\",\"@id\":\"http:\/\/vincentians.com\/es\/san-vicente-paul-biografia-00-introduccion\/#primaryimage\",\"url\":\"https:\/\/i0.wp.com\/vincentians.com\/es\/wp-content\/uploads\/sites\/11\/2016\/07\/Saint-Vincent-de-Paul-a-biography.jpg?fit=1200%2C630&ssl=1\",\"contentUrl\":\"https:\/\/i0.wp.com\/vincentians.com\/es\/wp-content\/uploads\/sites\/11\/2016\/07\/Saint-Vincent-de-Paul-a-biography.jpg?fit=1200%2C630&ssl=1\",\"width\":1200,\"height\":630},{\"@type\":\"BreadcrumbList\",\"@id\":\"http:\/\/vincentians.com\/es\/san-vicente-paul-biografia-00-introduccion\/#breadcrumb\",\"itemListElement\":[{\"@type\":\"ListItem\",\"position\":1,\"name\":\"Portada\",\"item\":\"http:\/\/vincentians.com\/es\/\"},{\"@type\":\"ListItem\",\"position\":2,\"name\":\"San Vicente de Pa\u00fal, biograf\u00eda: 00 &#8211; Introducci\u00f3n\"}]},{\"@type\":\"WebSite\",\"@id\":\"http:\/\/vincentians.com\/es\/#website\",\"url\":\"http:\/\/vincentians.com\/es\/\",\"name\":\"Somos Vicencianos\",\"description\":\"Know more to serve more\",\"publisher\":{\"@id\":\"http:\/\/vincentians.com\/es\/#organization\"},\"potentialAction\":[{\"@type\":\"SearchAction\",\"target\":{\"@type\":\"EntryPoint\",\"urlTemplate\":\"http:\/\/vincentians.com\/es\/?s={search_term_string}\"},\"query-input\":{\"@type\":\"PropertyValueSpecification\",\"valueRequired\":true,\"valueName\":\"search_term_string\"}}],\"inLanguage\":\"es\"},{\"@type\":\"Organization\",\"@id\":\"http:\/\/vincentians.com\/es\/#organization\",\"name\":\"The Vincentian Network\",\"url\":\"http:\/\/vincentians.com\/es\/\",\"logo\":{\"@type\":\"ImageObject\",\"inLanguage\":\"es\",\"@id\":\"http:\/\/vincentians.com\/es\/#\/schema\/logo\/image\/\",\"url\":\"https:\/\/i1.wp.com\/vincentians.com\/es\/wp-content\/uploads\/sites\/11\/2016\/06\/Vincentian-Network-logo-big.png?fit=778%2C778\",\"contentUrl\":\"https:\/\/i1.wp.com\/vincentians.com\/es\/wp-content\/uploads\/sites\/11\/2016\/06\/Vincentian-Network-logo-big.png?fit=778%2C778\",\"width\":778,\"height\":778,\"caption\":\"The Vincentian Network\"},\"image\":{\"@id\":\"http:\/\/vincentians.com\/es\/#\/schema\/logo\/image\/\"},\"sameAs\":[\"https:\/\/www.facebook.com\/WeAreVincentians\/\",\"https:\/\/x.com\/WeVincentians\"]},{\"@type\":\"Person\",\"@id\":\"http:\/\/vincentians.com\/es\/#\/schema\/person\/9623ef4d9aa3b2dfb8c061f1499288f2\",\"name\":\"Francisco Javier Fern\u00e1ndez Chento\",\"image\":{\"@type\":\"ImageObject\",\"inLanguage\":\"es\",\"@id\":\"http:\/\/vincentians.com\/es\/#\/schema\/person\/image\/\",\"url\":\"https:\/\/secure.gravatar.com\/avatar\/497d5cde87b4c3d097d0315953521681ba2cd523ee66e5077c3711f7021e65de?s=96&d=mm&r=g\",\"contentUrl\":\"https:\/\/secure.gravatar.com\/avatar\/497d5cde87b4c3d097d0315953521681ba2cd523ee66e5077c3711f7021e65de?s=96&d=mm&r=g\",\"caption\":\"Francisco Javier Fern\u00e1ndez Chento\"},\"description\":\"Director General y cofundador de La Red de Formaci\u00f3n Vicenciana. Javier es laico vicenciano, afiliado a la Congregaci\u00f3n de la Misi\u00f3n y miembro del Equipo de Misiones Populares de la provincia can\u00f3nica de Zaragoza (Espa\u00f1a) de la Congregaci\u00f3n de la Misi\u00f3n. Graduado en la Universidad Oberta de Catalunya con cuatro grados (Asistente de direcci\u00f3n, Gesti\u00f3n Administrativa, Recursos Humanos y Contabilidad Avanzada). Bil\u00edng\u00fce Espa\u00f1ol\/Ingl\u00e9s. gestiona y mantiene varias p\u00e1ginas web cristianas y vicencianas, incluida including La Red de Formaci\u00f3n Vicenciana, de la que es cofundador. Actualmente es responsable del \u00e1rea de Espa\u00f1ol de .famvin, la Red de Noticias de la Familia Vicenciana. Tambi\u00e9n es m\u00fasico cat\u00f3lico y ha editado varios discos. Es Director General y cofundador de Trovador, una reconocida compa\u00f1\u00eda discogr\u00e1fica critiana de Espa\u00f1a. Trabaja en las Tecnolog\u00edas de la Informaci\u00f3n, ofreciendo servicios de alojamiento, dise\u00f1o y mantenimiento Web, as\u00ed como asesoramiento, formaci\u00f3n y soluciones inform\u00e1ticas, gesti\u00f3n documental y digitalizaci\u00f3n de textos, edici\u00f3n y maquetaci\u00f3n de libros, revistas, flyers, etc.\",\"sameAs\":[\"http:\/\/chento.org\",\"https:\/\/www.facebook.com\/JavierChento\",\"https:\/\/x.com\/https:\/\/twitter.com\/javierchento\"],\"url\":\"https:\/\/vincentians.com\/es\/author\/chento\/\"}]}<\/script>\n<!-- \/ Yoast SEO plugin. -->","yoast_head_json":{"title":"San Vicente de Pa\u00fal, biograf\u00eda: 00 - Introducci\u00f3n - Somos Vicencianos","robots":{"index":"index","follow":"follow","max-snippet":"max-snippet:-1","max-image-preview":"max-image-preview:large","max-video-preview":"max-video-preview:-1"},"canonical":"http:\/\/vincentians.com\/es\/san-vicente-paul-biografia-00-introduccion\/","og_locale":"es_ES","og_type":"article","og_title":"San Vicente de Pa\u00fal, biograf\u00eda: 00 - Introducci\u00f3n - Somos Vicencianos","og_description":"Presentaci\u00f3n \u00a0Los bosques y la niebla siempre desafiar\u00e1n la naturaleza inquisitiva del hombre. De San Vicente de Pa\u00fal se ha dicho que sus obras lo rodean como un bosque y su humildad lo envuelve como ... Read More","og_url":"http:\/\/vincentians.com\/es\/san-vicente-paul-biografia-00-introduccion\/","og_site_name":"Somos Vicencianos","article_publisher":"https:\/\/www.facebook.com\/WeAreVincentians\/","article_author":"https:\/\/www.facebook.com\/JavierChento","article_published_time":"2012-03-11T07:00:10+00:00","article_modified_time":"2022-02-12T11:30:52+00:00","og_image":[{"width":1200,"height":630,"url":"https:\/\/i0.wp.com\/vincentians.com\/es\/wp-content\/uploads\/sites\/11\/2016\/07\/Saint-Vincent-de-Paul-a-biography.jpg?fit=1200%2C630","type":"image\/jpeg"}],"author":"Francisco Javier Fern\u00e1ndez Chento","twitter_card":"summary_large_image","twitter_creator":"@https:\/\/twitter.com\/javierchento","twitter_site":"@WeVincentians","twitter_misc":{"Escrito por":"Francisco Javier Fern\u00e1ndez Chento","Tiempo de lectura":"45 minutos"},"schema":{"@context":"https:\/\/schema.org","@graph":[{"@type":"Article","@id":"http:\/\/vincentians.com\/es\/san-vicente-paul-biografia-00-introduccion\/#article","isPartOf":{"@id":"http:\/\/vincentians.com\/es\/san-vicente-paul-biografia-00-introduccion\/"},"author":{"name":"Francisco Javier Fern\u00e1ndez Chento","@id":"http:\/\/vincentians.com\/es\/#\/schema\/person\/9623ef4d9aa3b2dfb8c061f1499288f2"},"headline":"San Vicente de Pa\u00fal, biograf\u00eda: 00 &#8211; Introducci\u00f3n","datePublished":"2012-03-11T07:00:10+00:00","dateModified":"2022-02-12T11:30:52+00:00","mainEntityOfPage":{"@id":"http:\/\/vincentians.com\/es\/san-vicente-paul-biografia-00-introduccion\/"},"wordCount":8914,"commentCount":0,"publisher":{"@id":"http:\/\/vincentians.com\/es\/#organization"},"image":{"@id":"http:\/\/vincentians.com\/es\/san-vicente-paul-biografia-00-introduccion\/#primaryimage"},"thumbnailUrl":"https:\/\/i0.wp.com\/vincentians.com\/es\/wp-content\/uploads\/sites\/11\/2016\/07\/Saint-Vincent-de-Paul-a-biography.jpg?fit=1200%2C630&ssl=1","keywords":["Abelly","Argel","Calvet","Chatillon","Collet","Ducourneau","Folleville","Gobillon","Gondi","Lambert","Maynard","Robineau","Saint Martin","San L\u00e1zaro","Taveneaux"],"articleSection":["Vicente de Pa\u00fal"],"inLanguage":"es","potentialAction":[{"@type":"CommentAction","name":"Comment","target":["http:\/\/vincentians.com\/es\/san-vicente-paul-biografia-00-introduccion\/#respond"]}]},{"@type":"WebPage","@id":"http:\/\/vincentians.com\/es\/san-vicente-paul-biografia-00-introduccion\/","url":"http:\/\/vincentians.com\/es\/san-vicente-paul-biografia-00-introduccion\/","name":"San Vicente de Pa\u00fal, biograf\u00eda: 00 - Introducci\u00f3n - Somos Vicencianos","isPartOf":{"@id":"http:\/\/vincentians.com\/es\/#website"},"primaryImageOfPage":{"@id":"http:\/\/vincentians.com\/es\/san-vicente-paul-biografia-00-introduccion\/#primaryimage"},"image":{"@id":"http:\/\/vincentians.com\/es\/san-vicente-paul-biografia-00-introduccion\/#primaryimage"},"thumbnailUrl":"https:\/\/i0.wp.com\/vincentians.com\/es\/wp-content\/uploads\/sites\/11\/2016\/07\/Saint-Vincent-de-Paul-a-biography.jpg?fit=1200%2C630&ssl=1","datePublished":"2012-03-11T07:00:10+00:00","dateModified":"2022-02-12T11:30:52+00:00","breadcrumb":{"@id":"http:\/\/vincentians.com\/es\/san-vicente-paul-biografia-00-introduccion\/#breadcrumb"},"inLanguage":"es","potentialAction":[{"@type":"ReadAction","target":["http:\/\/vincentians.com\/es\/san-vicente-paul-biografia-00-introduccion\/"]}]},{"@type":"ImageObject","inLanguage":"es","@id":"http:\/\/vincentians.com\/es\/san-vicente-paul-biografia-00-introduccion\/#primaryimage","url":"https:\/\/i0.wp.com\/vincentians.com\/es\/wp-content\/uploads\/sites\/11\/2016\/07\/Saint-Vincent-de-Paul-a-biography.jpg?fit=1200%2C630&ssl=1","contentUrl":"https:\/\/i0.wp.com\/vincentians.com\/es\/wp-content\/uploads\/sites\/11\/2016\/07\/Saint-Vincent-de-Paul-a-biography.jpg?fit=1200%2C630&ssl=1","width":1200,"height":630},{"@type":"BreadcrumbList","@id":"http:\/\/vincentians.com\/es\/san-vicente-paul-biografia-00-introduccion\/#breadcrumb","itemListElement":[{"@type":"ListItem","position":1,"name":"Portada","item":"http:\/\/vincentians.com\/es\/"},{"@type":"ListItem","position":2,"name":"San Vicente de Pa\u00fal, biograf\u00eda: 00 &#8211; Introducci\u00f3n"}]},{"@type":"WebSite","@id":"http:\/\/vincentians.com\/es\/#website","url":"http:\/\/vincentians.com\/es\/","name":"Somos Vicencianos","description":"Know more to serve more","publisher":{"@id":"http:\/\/vincentians.com\/es\/#organization"},"potentialAction":[{"@type":"SearchAction","target":{"@type":"EntryPoint","urlTemplate":"http:\/\/vincentians.com\/es\/?s={search_term_string}"},"query-input":{"@type":"PropertyValueSpecification","valueRequired":true,"valueName":"search_term_string"}}],"inLanguage":"es"},{"@type":"Organization","@id":"http:\/\/vincentians.com\/es\/#organization","name":"The Vincentian Network","url":"http:\/\/vincentians.com\/es\/","logo":{"@type":"ImageObject","inLanguage":"es","@id":"http:\/\/vincentians.com\/es\/#\/schema\/logo\/image\/","url":"https:\/\/i1.wp.com\/vincentians.com\/es\/wp-content\/uploads\/sites\/11\/2016\/06\/Vincentian-Network-logo-big.png?fit=778%2C778","contentUrl":"https:\/\/i1.wp.com\/vincentians.com\/es\/wp-content\/uploads\/sites\/11\/2016\/06\/Vincentian-Network-logo-big.png?fit=778%2C778","width":778,"height":778,"caption":"The Vincentian Network"},"image":{"@id":"http:\/\/vincentians.com\/es\/#\/schema\/logo\/image\/"},"sameAs":["https:\/\/www.facebook.com\/WeAreVincentians\/","https:\/\/x.com\/WeVincentians"]},{"@type":"Person","@id":"http:\/\/vincentians.com\/es\/#\/schema\/person\/9623ef4d9aa3b2dfb8c061f1499288f2","name":"Francisco Javier Fern\u00e1ndez Chento","image":{"@type":"ImageObject","inLanguage":"es","@id":"http:\/\/vincentians.com\/es\/#\/schema\/person\/image\/","url":"https:\/\/secure.gravatar.com\/avatar\/497d5cde87b4c3d097d0315953521681ba2cd523ee66e5077c3711f7021e65de?s=96&d=mm&r=g","contentUrl":"https:\/\/secure.gravatar.com\/avatar\/497d5cde87b4c3d097d0315953521681ba2cd523ee66e5077c3711f7021e65de?s=96&d=mm&r=g","caption":"Francisco Javier Fern\u00e1ndez Chento"},"description":"Director General y cofundador de La Red de Formaci\u00f3n Vicenciana. Javier es laico vicenciano, afiliado a la Congregaci\u00f3n de la Misi\u00f3n y miembro del Equipo de Misiones Populares de la provincia can\u00f3nica de Zaragoza (Espa\u00f1a) de la Congregaci\u00f3n de la Misi\u00f3n. Graduado en la Universidad Oberta de Catalunya con cuatro grados (Asistente de direcci\u00f3n, Gesti\u00f3n Administrativa, Recursos Humanos y Contabilidad Avanzada). Bil\u00edng\u00fce Espa\u00f1ol\/Ingl\u00e9s. gestiona y mantiene varias p\u00e1ginas web cristianas y vicencianas, incluida including La Red de Formaci\u00f3n Vicenciana, de la que es cofundador. Actualmente es responsable del \u00e1rea de Espa\u00f1ol de .famvin, la Red de Noticias de la Familia Vicenciana. Tambi\u00e9n es m\u00fasico cat\u00f3lico y ha editado varios discos. Es Director General y cofundador de Trovador, una reconocida compa\u00f1\u00eda discogr\u00e1fica critiana de Espa\u00f1a. Trabaja en las Tecnolog\u00edas de la Informaci\u00f3n, ofreciendo servicios de alojamiento, dise\u00f1o y mantenimiento Web, as\u00ed como asesoramiento, formaci\u00f3n y soluciones inform\u00e1ticas, gesti\u00f3n documental y digitalizaci\u00f3n de textos, edici\u00f3n y maquetaci\u00f3n de libros, revistas, flyers, etc.","sameAs":["http:\/\/chento.org","https:\/\/www.facebook.com\/JavierChento","https:\/\/x.com\/https:\/\/twitter.com\/javierchento"],"url":"https:\/\/vincentians.com\/es\/author\/chento\/"}]}},"jetpack_publicize_connections":[],"jetpack_featured_media_url":"https:\/\/i0.wp.com\/vincentians.com\/es\/wp-content\/uploads\/sites\/11\/2016\/07\/Saint-Vincent-de-Paul-a-biography.jpg?fit=1200%2C630&ssl=1","jetpack_sharing_enabled":true,"jetpack_shortlink":"https:\/\/wp.me\/p7ETMF-dbe","jetpack-related-posts":[{"id":1253,"url":"https:\/\/vincentians.com\/es\/vicente-de-paul-biografia-roman\/","url_meta":{"origin":50668,"position":0},"title":"Vicente de Pa\u00fal, biograf\u00eda (Rom\u00e1n)","author":"Francisco Javier Fern\u00e1ndez Chento","date":"23\/11\/2013","format":false,"excerpt":"PRESENTACI\u00d3N por Richard McCullen C.M. Los bosques y la niebla siemore desafiar\u00e1n la naturaleza inquisitiva del hombre. De San Vicente de Pa\u00fal se ha dicho que sus obras lo rodean como un bosque y su humildad lo envuelve como una niebla. Por ese bosque y por esa niebla nos conduce\u2026","rel":"","context":"En \u00abVicente de Pa\u00fal\u00bb","block_context":{"text":"Vicente de Pa\u00fal","link":"https:\/\/vincentians.com\/es\/category\/la-familia-vicenciana\/fundadores\/vicente-de-paul\/"},"img":{"alt_text":"0286B","src":"https:\/\/i0.wp.com\/vicencianos.org\/vicencianos\/files\/2009\/12\/0286B-187x300.jpg?resize=350%2C200","width":350,"height":200},"classes":[]},{"id":118520,"url":"https:\/\/vincentians.com\/es\/bibliografia-basica-sobre-san-vicente-de-paul\/","url_meta":{"origin":50668,"position":1},"title":"Bibliograf\u00eda b\u00e1sica sobre san Vicente de Pa\u00fal","author":"Francisco Javier Fern\u00e1ndez Chento","date":"14\/03\/2015","format":false,"excerpt":"ABELLY Louis: Vida del Venerable Siervo de Dios Vicente de Pa\u00fal, Fundador y primer Superior General de la Congregaci\u00f3n de la Misi\u00f3n. Salamanca: CEME. 1994. 814p 25cm. Abelly public\u00f3 esta obra s\u00f3lo cuatro a\u00f1os despu\u00e9s de la muerte de San Vicente, a quien conoci\u00f3 durante m\u00e1s de veinte a\u00f1os. Ha\u2026","rel":"","context":"En \u00abVicente de Pa\u00fal\u00bb","block_context":{"text":"Vicente de Pa\u00fal","link":"https:\/\/vincentians.com\/es\/category\/la-familia-vicenciana\/fundadores\/vicente-de-paul\/"},"img":{"alt_text":"vicentepaul","src":"https:\/\/i0.wp.com\/vicencianos.org\/wp-content\/2012\/12\/vicentepaul-235x300.jpg?resize=350%2C200","width":350,"height":200},"classes":[]},{"id":101815,"url":"https:\/\/vincentians.com\/es\/vida-del-senor-vicente-de-paul-nota-bibliografica-2\/","url_meta":{"origin":50668,"position":2},"title":"Vida del Se\u00f1or Vicente de Pa\u00fal: Nota bibliogr\u00e1fica","author":"Francisco Javier Fern\u00e1ndez Chento","date":"21\/05\/2015","format":false,"excerpt":"Nota bibliogr\u00e1fica Esta biograf\u00eda de san Vicente de Pa\u00fal se dedica a la memoria de Pierre Coste, C.M. (1873-1935), sin cuyo trabajo previo no hubiera podido ser escrita. Coste recogi\u00f3 pacientemente y public\u00f3 en trece vol\u00famenes pr\u00e1cticamente todos los es\u00adcritos procedentes de Vicente de Pa\u00fal o que se refieren a\u2026","rel":"","context":"En \u00abVicente de Pa\u00fal\u00bb","block_context":{"text":"Vicente de Pa\u00fal","link":"https:\/\/vincentians.com\/es\/category\/la-familia-vicenciana\/fundadores\/vicente-de-paul\/"},"img":{"alt_text":"sanvibiblia","src":"https:\/\/i0.wp.com\/vicencianos.org\/wp-content\/2012\/08\/sanvibiblia-300x300.png?resize=350%2C200","width":350,"height":200},"classes":[]},{"id":398986,"url":"https:\/\/vincentians.com\/es\/vicente-paul-carta-1337-unos-sacerdotes-la-mision-san-vicente\/","url_meta":{"origin":50668,"position":3},"title":"Vicente de Pa\u00fal, Carta  1337: Unos Sacerdotes de la Misi\u00f3n a San Vicente","author":"Francisco Javier Fern\u00e1ndez Chento","date":"22\/09\/2016","format":false,"excerpt":"[1650] Hemos hecho la visita a los pobres de este lugar y de las dem\u00e1s aldeas de este valle, donde las calamidades que hemos visto sobrepasan a todo cuanto se le haya podido decir; pues, comenzando por las iglesias, han sido profanadas, el Sant\u00edsimo Sacramento ha sido pisoteado, los c\u00e1lices\u2026","rel":"","context":"En \u00abEscritos de Vicente de Pa\u00fal\u00bb","block_context":{"text":"Escritos de Vicente de Pa\u00fal","link":"https:\/\/vincentians.com\/es\/category\/escritos\/escritos-de-vicente-de-paul\/"},"img":{"alt_text":"","src":"https:\/\/i0.wp.com\/vincentians.com\/es\/wp-content\/uploads\/sites\/11\/2016\/07\/escritos-vicente-de-paul.jpg?fit=1200%2C630&ssl=1&resize=350%2C200","width":350,"height":200,"srcset":"https:\/\/i0.wp.com\/vincentians.com\/es\/wp-content\/uploads\/sites\/11\/2016\/07\/escritos-vicente-de-paul.jpg?fit=1200%2C630&ssl=1&resize=350%2C200 1x, https:\/\/i0.wp.com\/vincentians.com\/es\/wp-content\/uploads\/sites\/11\/2016\/07\/escritos-vicente-de-paul.jpg?fit=1200%2C630&ssl=1&resize=525%2C300 1.5x, https:\/\/i0.wp.com\/vincentians.com\/es\/wp-content\/uploads\/sites\/11\/2016\/07\/escritos-vicente-de-paul.jpg?fit=1200%2C630&ssl=1&resize=700%2C400 2x, https:\/\/i0.wp.com\/vincentians.com\/es\/wp-content\/uploads\/sites\/11\/2016\/07\/escritos-vicente-de-paul.jpg?fit=1200%2C630&ssl=1&resize=1050%2C600 3x"},"classes":[]},{"id":101413,"url":"https:\/\/vincentians.com\/es\/vida-del-senor-vicente-de-paul-panegirico\/","url_meta":{"origin":50668,"position":4},"title":"Vida del Se\u00f1or Vicente de Pa\u00fal: Paneg\u00edrico","author":"Francisco Javier Fern\u00e1ndez Chento","date":"10\/05\/2015","format":false,"excerpt":"Paneg\u00edrico El cuerpo, mediano de estatura para la \u00e9poca, alrededor de un metro sesenta y cuatro cent\u00edmetros, encontr\u00f3 suficiente acomodo en la caja de plomo. El cuerpo, pero nada m\u00e1s. No pod\u00eda caber tampoco en una placa de cobre la descripci\u00f3n de una vida como la de aquel hombre. Por\u2026","rel":"","context":"En \u00abVicente de Pa\u00fal\u00bb","block_context":{"text":"Vicente de Pa\u00fal","link":"https:\/\/vincentians.com\/es\/category\/la-familia-vicenciana\/fundadores\/vicente-de-paul\/"},"img":{"alt_text":"sanvibiblia","src":"https:\/\/i0.wp.com\/vicencianos.org\/wp-content\/2012\/08\/sanvibiblia-300x300.png?resize=350%2C200","width":350,"height":200},"classes":[]},{"id":129046,"url":"https:\/\/vincentians.com\/es\/las-fuentes-de-la-oracion-vicenciana\/","url_meta":{"origin":50668,"position":5},"title":"Las fuentes de la oraci\u00f3n vicenciana","author":"Francisco Javier Fern\u00e1ndez Chento","date":"09\/07\/2016","format":false,"excerpt":"1. Panor\u00e1mica sobre los estudios vicencianos Si confrontamos la bibliograf\u00eda vicenciana con la de otros fundadores, nos damos cuenta que nuestro fundador ha sido estudiado muy poco, y que las aportaciones sobre su pensa\u00admiento son escasas. Somos una comunidad m\u00e1s bien grande. Sin embargo, no tenemos una revista de car\u00e1cter\u2026","rel":"","context":"En \u00abEspiritualidad vicenciana\u00bb","block_context":{"text":"Espiritualidad vicenciana","link":"https:\/\/vincentians.com\/es\/category\/espiritualidad\/espiritualidad-vicenciana\/"},"img":{"alt_text":"orando","src":"https:\/\/i0.wp.com\/vicencianos.org\/wp-content\/uploads\/2016\/01\/orando.jpg?resize=350%2C200","width":350,"height":200},"classes":[]}],"_links":{"self":[{"href":"https:\/\/vincentians.com\/es\/wp-json\/wp\/v2\/posts\/50668","targetHints":{"allow":["GET"]}}],"collection":[{"href":"https:\/\/vincentians.com\/es\/wp-json\/wp\/v2\/posts"}],"about":[{"href":"https:\/\/vincentians.com\/es\/wp-json\/wp\/v2\/types\/post"}],"author":[{"embeddable":true,"href":"https:\/\/vincentians.com\/es\/wp-json\/wp\/v2\/users\/4"}],"replies":[{"embeddable":true,"href":"https:\/\/vincentians.com\/es\/wp-json\/wp\/v2\/comments?post=50668"}],"version-history":[{"count":1,"href":"https:\/\/vincentians.com\/es\/wp-json\/wp\/v2\/posts\/50668\/revisions"}],"predecessor-version":[{"id":404107,"href":"https:\/\/vincentians.com\/es\/wp-json\/wp\/v2\/posts\/50668\/revisions\/404107"}],"wp:featuredmedia":[{"embeddable":true,"href":"https:\/\/vincentians.com\/es\/wp-json\/wp\/v2\/media\/149545"}],"wp:attachment":[{"href":"https:\/\/vincentians.com\/es\/wp-json\/wp\/v2\/media?parent=50668"}],"wp:term":[{"taxonomy":"category","embeddable":true,"href":"https:\/\/vincentians.com\/es\/wp-json\/wp\/v2\/categories?post=50668"},{"taxonomy":"post_tag","embeddable":true,"href":"https:\/\/vincentians.com\/es\/wp-json\/wp\/v2\/tags?post=50668"}],"curies":[{"name":"wp","href":"https:\/\/api.w.org\/{rel}","templated":true}]}}