{"id":50273,"date":"2019-11-16T08:03:41","date_gmt":"2019-11-16T07:03:41","guid":{"rendered":"http:\/\/somos.vicencianos.org\/?p=50273"},"modified":"2019-09-09T10:33:48","modified_gmt":"2019-09-09T08:33:48","slug":"jean-couty-septimo-superior-general-1667-1746","status":"publish","type":"post","link":"https:\/\/vincentians.com\/es\/jean-couty-septimo-superior-general-1667-1746\/","title":{"rendered":"Jean Couty (S\u00e9ptimo Superior General) (1667-1746)"},"content":{"rendered":"<p>Nacido en Troyes, el 18 de febrero de 1667, el Sr.\u00a0 Couty entr\u00f3 en el seminario interno de San L\u00e1zaro. El 29 de octubre de 1684; all\u00ed hizo sus votos el 30 de octubre de 1686.<\/p>\n<p>El Sr. Couty fue, durante muchos a\u00f1os, secretario de la Congregaci\u00f3n. Cumpl\u00eda a\u00fan este oficio importante, cuando se reuni\u00f3 la Asamblea general de 1711, a la que asisti\u00f3, en calidad de deputado, y que le nombr\u00f3 tercer asistente. El Sr. Bonnet debi\u00f3 darle un sustituto en este cargo, en 1714, vista su ausencia prolongada a causa del gran asunto de la beatificaci\u00f3n de san Vicente de Pa\u00fal. Desde 1712, recib\u00eda las deposiciones de los testigos y, en 1713, escrib\u00eda de Roma que la eminencia de las virtudes del siervo de Dios y las disposiciones favorables del papa y de los cardenales acelerar\u00edan la conclusi\u00f3n de la causa. El Sr. Couty prosigui\u00f3 todos los detalles con una inteligencia notable, y un celo con el que su coraz\u00f3n inflamaba los ardores y aseguraba la constancia. Se sabe, el breve de beatificaci\u00f3n intervino en 1729, el 13 de agosto. El Sr. Couty hab\u00eda podido asistir, como segundo asistente, a la asamblea general de 1724.<\/p>\n<p>El asunto de la beatificaci\u00f3n acabado, el Sr. Bonnet pens\u00f3, poco despu\u00e9s, en el de la canonizaci\u00f3n. Daba, en 1731, las razones que justificaban la continuaci\u00f3n de esta segunda causa. Se pusieron manos a la obra. El Sr. Couty se entreg\u00f3 de lleno, y tuvo la insigne felicidad\u00a0 de verla totalmente terminada, el 16 de junio de 1737, fecha de la bula de la canonizaci\u00f3n un poca m\u00e1s de un a\u00f1o despu\u00e9s de ser elevado al generalato. Su carta que hace saber a la Compa\u00f1\u00eda la conclusi\u00f3n de una causa tan querida, desborda de alegr\u00eda y de gratitud.<\/p>\n<p>Durante todo el tiempo de su administraci\u00f3n, el Sr. Couty se dedic\u00f3 principalmente a prevenir o a desarraigar los abusos que pod\u00edan deslizarse en la Compa\u00f1\u00eda, y en desarrollar en sus miembros las virtudes de las que deben estar animados. Sus palabras con un tinte de austeridad expresan de una manera clara y precisa el deseo ardiente que ten\u00eda de ver a todos los hijos de san Vicente animados de su esp\u00edritu e imitadores de sus virtudes.<\/p>\n<p>El Sr. Couty muri\u00f3 el 4 de agosto de 1736, en los sentimientos de una eminente piedad, despu\u00e9s de una languidez de varios meses y una agon\u00eda de ocho d\u00edas. &#8211; <em>Recueil des circulaires<\/em>, t. I, p. 437.<\/p>\n","protected":false},"excerpt":{"rendered":"<p>Nacido en Troyes, el 18 de febrero de 1667, el Sr.\u00a0 Couty entr\u00f3 en el seminario interno de San L\u00e1zaro. El 29 de octubre de 1684; all\u00ed hizo sus votos el 30 de octubre de &#8230; <a href=\"https:\/\/vincentians.com\/es\/jean-couty-septimo-superior-general-1667-1746\/\" class=\"more-link\">Read More<\/a><\/p>\n","protected":false},"author":5,"featured_media":391249,"comment_status":"open","ping_status":"open","sticky":false,"template":"","format":"standard","meta":{"jetpack_post_was_ever_published":false,"_jetpack_newsletter_access":"","_jetpack_dont_email_post_to_subs":false,"_jetpack_newsletter_tier_id":0,"_jetpack_memberships_contains_paywalled_content":false,"_jetpack_memberships_contains_paid_content":false,"footnotes":"","jetpack_publicize_message":"","jetpack_publicize_feature_enabled":true,"jetpack_social_post_already_shared":true,"jetpack_social_options":{"image_generator_settings":{"template":"highway","default_image_id":0,"font":"","enabled":false},"version":2}},"categories":[19],"tags":[143],"class_list":["post-50273","post","type-post","status-publish","format-standard","has-post-thumbnail","hentry","category-biografias-de-misioneros-paules","tag-san-lazaro"],"yoast_head":"<!-- This site is optimized with the Yoast SEO plugin v26.3 - https:\/\/yoast.com\/wordpress\/plugins\/seo\/ -->\n<title>Jean Couty (S\u00e9ptimo Superior General) (1667-1746) - Somos Vicencianos<\/title>\n<meta name=\"robots\" content=\"index, follow, max-snippet:-1, max-image-preview:large, max-video-preview:-1\" \/>\n<link rel=\"canonical\" href=\"https:\/\/vincentians.com\/es\/jean-couty-septimo-superior-general-1667-1746\/\" \/>\n<meta property=\"og:locale\" content=\"es_ES\" \/>\n<meta property=\"og:type\" content=\"article\" \/>\n<meta property=\"og:title\" content=\"Jean Couty (S\u00e9ptimo Superior General) (1667-1746) - Somos Vicencianos\" \/>\n<meta property=\"og:description\" content=\"Nacido en Troyes, el 18 de febrero de 1667, el Sr.\u00a0 Couty entr\u00f3 en el seminario interno de San L\u00e1zaro. El 29 de octubre de 1684; all\u00ed hizo sus votos el 30 de octubre de ... Read More\" \/>\n<meta property=\"og:url\" content=\"https:\/\/vincentians.com\/es\/jean-couty-septimo-superior-general-1667-1746\/\" \/>\n<meta property=\"og:site_name\" content=\"Somos Vicencianos\" \/>\n<meta property=\"article:publisher\" content=\"https:\/\/www.facebook.com\/WeAreVincentians\/\" \/>\n<meta property=\"article:published_time\" content=\"2019-11-16T07:03:41+00:00\" \/>\n<meta property=\"og:image\" content=\"https:\/\/i0.wp.com\/vincentians.com\/es\/wp-content\/uploads\/sites\/11\/2016\/07\/bio-cm.jpg?fit=1200%2C630&ssl=1\" \/>\n\t<meta property=\"og:image:width\" content=\"1200\" \/>\n\t<meta property=\"og:image:height\" content=\"630\" \/>\n\t<meta property=\"og:image:type\" content=\"image\/jpeg\" \/>\n<meta name=\"author\" content=\"Mitxel Olabu\u00e9naga\" \/>\n<meta name=\"twitter:card\" content=\"summary_large_image\" \/>\n<meta name=\"twitter:creator\" content=\"@WeVincentians\" \/>\n<meta name=\"twitter:site\" content=\"@WeVincentians\" \/>\n<meta name=\"twitter:label1\" content=\"Escrito por\" \/>\n\t<meta name=\"twitter:data1\" content=\"Mitxel Olabu\u00e9naga\" \/>\n\t<meta name=\"twitter:label2\" content=\"Tiempo de lectura\" \/>\n\t<meta name=\"twitter:data2\" content=\"2 minutos\" \/>\n<script type=\"application\/ld+json\" class=\"yoast-schema-graph\">{\"@context\":\"https:\/\/schema.org\",\"@graph\":[{\"@type\":\"Article\",\"@id\":\"https:\/\/vincentians.com\/es\/jean-couty-septimo-superior-general-1667-1746\/#article\",\"isPartOf\":{\"@id\":\"https:\/\/vincentians.com\/es\/jean-couty-septimo-superior-general-1667-1746\/\"},\"author\":{\"name\":\"Mitxel Olabu\u00e9naga\",\"@id\":\"https:\/\/vincentians.com\/es\/#\/schema\/person\/7c2670b4445a7ca9d164ea6acdb31859\"},\"headline\":\"Jean Couty (S\u00e9ptimo Superior General) (1667-1746)\",\"datePublished\":\"2019-11-16T07:03:41+00:00\",\"mainEntityOfPage\":{\"@id\":\"https:\/\/vincentians.com\/es\/jean-couty-septimo-superior-general-1667-1746\/\"},\"wordCount\":431,\"commentCount\":0,\"publisher\":{\"@id\":\"https:\/\/vincentians.com\/es\/#organization\"},\"image\":{\"@id\":\"https:\/\/vincentians.com\/es\/jean-couty-septimo-superior-general-1667-1746\/#primaryimage\"},\"thumbnailUrl\":\"https:\/\/i0.wp.com\/vincentians.com\/es\/wp-content\/uploads\/sites\/11\/2016\/07\/bio-cm.jpg?fit=1200%2C630&ssl=1\",\"keywords\":[\"San L\u00e1zaro\"],\"articleSection\":[\"Biograf\u00edas de Misioneros Pa\u00fales\"],\"inLanguage\":\"es\",\"potentialAction\":[{\"@type\":\"CommentAction\",\"name\":\"Comment\",\"target\":[\"https:\/\/vincentians.com\/es\/jean-couty-septimo-superior-general-1667-1746\/#respond\"]}]},{\"@type\":\"WebPage\",\"@id\":\"https:\/\/vincentians.com\/es\/jean-couty-septimo-superior-general-1667-1746\/\",\"url\":\"https:\/\/vincentians.com\/es\/jean-couty-septimo-superior-general-1667-1746\/\",\"name\":\"Jean Couty (S\u00e9ptimo Superior General) (1667-1746) - Somos Vicencianos\",\"isPartOf\":{\"@id\":\"https:\/\/vincentians.com\/es\/#website\"},\"primaryImageOfPage\":{\"@id\":\"https:\/\/vincentians.com\/es\/jean-couty-septimo-superior-general-1667-1746\/#primaryimage\"},\"image\":{\"@id\":\"https:\/\/vincentians.com\/es\/jean-couty-septimo-superior-general-1667-1746\/#primaryimage\"},\"thumbnailUrl\":\"https:\/\/i0.wp.com\/vincentians.com\/es\/wp-content\/uploads\/sites\/11\/2016\/07\/bio-cm.jpg?fit=1200%2C630&ssl=1\",\"datePublished\":\"2019-11-16T07:03:41+00:00\",\"breadcrumb\":{\"@id\":\"https:\/\/vincentians.com\/es\/jean-couty-septimo-superior-general-1667-1746\/#breadcrumb\"},\"inLanguage\":\"es\",\"potentialAction\":[{\"@type\":\"ReadAction\",\"target\":[\"https:\/\/vincentians.com\/es\/jean-couty-septimo-superior-general-1667-1746\/\"]}]},{\"@type\":\"ImageObject\",\"inLanguage\":\"es\",\"@id\":\"https:\/\/vincentians.com\/es\/jean-couty-septimo-superior-general-1667-1746\/#primaryimage\",\"url\":\"https:\/\/i0.wp.com\/vincentians.com\/es\/wp-content\/uploads\/sites\/11\/2016\/07\/bio-cm.jpg?fit=1200%2C630&ssl=1\",\"contentUrl\":\"https:\/\/i0.wp.com\/vincentians.com\/es\/wp-content\/uploads\/sites\/11\/2016\/07\/bio-cm.jpg?fit=1200%2C630&ssl=1\",\"width\":1200,\"height\":630},{\"@type\":\"BreadcrumbList\",\"@id\":\"https:\/\/vincentians.com\/es\/jean-couty-septimo-superior-general-1667-1746\/#breadcrumb\",\"itemListElement\":[{\"@type\":\"ListItem\",\"position\":1,\"name\":\"Portada\",\"item\":\"https:\/\/vincentians.com\/es\/\"},{\"@type\":\"ListItem\",\"position\":2,\"name\":\"Jean Couty (S\u00e9ptimo Superior General) (1667-1746)\"}]},{\"@type\":\"WebSite\",\"@id\":\"https:\/\/vincentians.com\/es\/#website\",\"url\":\"https:\/\/vincentians.com\/es\/\",\"name\":\"Somos Vicencianos\",\"description\":\"Know more to serve more\",\"publisher\":{\"@id\":\"https:\/\/vincentians.com\/es\/#organization\"},\"potentialAction\":[{\"@type\":\"SearchAction\",\"target\":{\"@type\":\"EntryPoint\",\"urlTemplate\":\"https:\/\/vincentians.com\/es\/?s={search_term_string}\"},\"query-input\":{\"@type\":\"PropertyValueSpecification\",\"valueRequired\":true,\"valueName\":\"search_term_string\"}}],\"inLanguage\":\"es\"},{\"@type\":\"Organization\",\"@id\":\"https:\/\/vincentians.com\/es\/#organization\",\"name\":\"The Vincentian Network\",\"url\":\"https:\/\/vincentians.com\/es\/\",\"logo\":{\"@type\":\"ImageObject\",\"inLanguage\":\"es\",\"@id\":\"https:\/\/vincentians.com\/es\/#\/schema\/logo\/image\/\",\"url\":\"https:\/\/i1.wp.com\/vincentians.com\/es\/wp-content\/uploads\/sites\/11\/2016\/06\/Vincentian-Network-logo-big.png?fit=778%2C778\",\"contentUrl\":\"https:\/\/i1.wp.com\/vincentians.com\/es\/wp-content\/uploads\/sites\/11\/2016\/06\/Vincentian-Network-logo-big.png?fit=778%2C778\",\"width\":778,\"height\":778,\"caption\":\"The Vincentian Network\"},\"image\":{\"@id\":\"https:\/\/vincentians.com\/es\/#\/schema\/logo\/image\/\"},\"sameAs\":[\"https:\/\/www.facebook.com\/WeAreVincentians\/\",\"https:\/\/x.com\/WeVincentians\"]},{\"@type\":\"Person\",\"@id\":\"https:\/\/vincentians.com\/es\/#\/schema\/person\/7c2670b4445a7ca9d164ea6acdb31859\",\"name\":\"Mitxel Olabu\u00e9naga\",\"image\":{\"@type\":\"ImageObject\",\"inLanguage\":\"es\",\"@id\":\"https:\/\/vincentians.com\/es\/#\/schema\/person\/image\/\",\"url\":\"https:\/\/secure.gravatar.com\/avatar\/34137ec2e2b8939cbbed975731e71f3f4f1defc7266ded337a5ce0f925426877?s=96&d=mm&r=g\",\"contentUrl\":\"https:\/\/secure.gravatar.com\/avatar\/34137ec2e2b8939cbbed975731e71f3f4f1defc7266ded337a5ce0f925426877?s=96&d=mm&r=g\",\"caption\":\"Mitxel Olabu\u00e9naga\"},\"url\":\"https:\/\/vincentians.com\/es\/author\/mitxel\/\"}]}<\/script>\n<!-- \/ Yoast SEO plugin. -->","yoast_head_json":{"title":"Jean Couty (S\u00e9ptimo Superior General) (1667-1746) - Somos Vicencianos","robots":{"index":"index","follow":"follow","max-snippet":"max-snippet:-1","max-image-preview":"max-image-preview:large","max-video-preview":"max-video-preview:-1"},"canonical":"https:\/\/vincentians.com\/es\/jean-couty-septimo-superior-general-1667-1746\/","og_locale":"es_ES","og_type":"article","og_title":"Jean Couty (S\u00e9ptimo Superior General) (1667-1746) - Somos Vicencianos","og_description":"Nacido en Troyes, el 18 de febrero de 1667, el Sr.\u00a0 Couty entr\u00f3 en el seminario interno de San L\u00e1zaro. El 29 de octubre de 1684; all\u00ed hizo sus votos el 30 de octubre de ... Read More","og_url":"https:\/\/vincentians.com\/es\/jean-couty-septimo-superior-general-1667-1746\/","og_site_name":"Somos Vicencianos","article_publisher":"https:\/\/www.facebook.com\/WeAreVincentians\/","article_published_time":"2019-11-16T07:03:41+00:00","og_image":[{"width":1200,"height":630,"url":"https:\/\/i0.wp.com\/vincentians.com\/es\/wp-content\/uploads\/sites\/11\/2016\/07\/bio-cm.jpg?fit=1200%2C630&ssl=1","type":"image\/jpeg"}],"author":"Mitxel Olabu\u00e9naga","twitter_card":"summary_large_image","twitter_creator":"@WeVincentians","twitter_site":"@WeVincentians","twitter_misc":{"Escrito por":"Mitxel Olabu\u00e9naga","Tiempo de lectura":"2 minutos"},"schema":{"@context":"https:\/\/schema.org","@graph":[{"@type":"Article","@id":"https:\/\/vincentians.com\/es\/jean-couty-septimo-superior-general-1667-1746\/#article","isPartOf":{"@id":"https:\/\/vincentians.com\/es\/jean-couty-septimo-superior-general-1667-1746\/"},"author":{"name":"Mitxel Olabu\u00e9naga","@id":"https:\/\/vincentians.com\/es\/#\/schema\/person\/7c2670b4445a7ca9d164ea6acdb31859"},"headline":"Jean Couty (S\u00e9ptimo Superior General) (1667-1746)","datePublished":"2019-11-16T07:03:41+00:00","mainEntityOfPage":{"@id":"https:\/\/vincentians.com\/es\/jean-couty-septimo-superior-general-1667-1746\/"},"wordCount":431,"commentCount":0,"publisher":{"@id":"https:\/\/vincentians.com\/es\/#organization"},"image":{"@id":"https:\/\/vincentians.com\/es\/jean-couty-septimo-superior-general-1667-1746\/#primaryimage"},"thumbnailUrl":"https:\/\/i0.wp.com\/vincentians.com\/es\/wp-content\/uploads\/sites\/11\/2016\/07\/bio-cm.jpg?fit=1200%2C630&ssl=1","keywords":["San L\u00e1zaro"],"articleSection":["Biograf\u00edas de Misioneros Pa\u00fales"],"inLanguage":"es","potentialAction":[{"@type":"CommentAction","name":"Comment","target":["https:\/\/vincentians.com\/es\/jean-couty-septimo-superior-general-1667-1746\/#respond"]}]},{"@type":"WebPage","@id":"https:\/\/vincentians.com\/es\/jean-couty-septimo-superior-general-1667-1746\/","url":"https:\/\/vincentians.com\/es\/jean-couty-septimo-superior-general-1667-1746\/","name":"Jean Couty (S\u00e9ptimo Superior General) (1667-1746) - Somos Vicencianos","isPartOf":{"@id":"https:\/\/vincentians.com\/es\/#website"},"primaryImageOfPage":{"@id":"https:\/\/vincentians.com\/es\/jean-couty-septimo-superior-general-1667-1746\/#primaryimage"},"image":{"@id":"https:\/\/vincentians.com\/es\/jean-couty-septimo-superior-general-1667-1746\/#primaryimage"},"thumbnailUrl":"https:\/\/i0.wp.com\/vincentians.com\/es\/wp-content\/uploads\/sites\/11\/2016\/07\/bio-cm.jpg?fit=1200%2C630&ssl=1","datePublished":"2019-11-16T07:03:41+00:00","breadcrumb":{"@id":"https:\/\/vincentians.com\/es\/jean-couty-septimo-superior-general-1667-1746\/#breadcrumb"},"inLanguage":"es","potentialAction":[{"@type":"ReadAction","target":["https:\/\/vincentians.com\/es\/jean-couty-septimo-superior-general-1667-1746\/"]}]},{"@type":"ImageObject","inLanguage":"es","@id":"https:\/\/vincentians.com\/es\/jean-couty-septimo-superior-general-1667-1746\/#primaryimage","url":"https:\/\/i0.wp.com\/vincentians.com\/es\/wp-content\/uploads\/sites\/11\/2016\/07\/bio-cm.jpg?fit=1200%2C630&ssl=1","contentUrl":"https:\/\/i0.wp.com\/vincentians.com\/es\/wp-content\/uploads\/sites\/11\/2016\/07\/bio-cm.jpg?fit=1200%2C630&ssl=1","width":1200,"height":630},{"@type":"BreadcrumbList","@id":"https:\/\/vincentians.com\/es\/jean-couty-septimo-superior-general-1667-1746\/#breadcrumb","itemListElement":[{"@type":"ListItem","position":1,"name":"Portada","item":"https:\/\/vincentians.com\/es\/"},{"@type":"ListItem","position":2,"name":"Jean Couty (S\u00e9ptimo Superior General) (1667-1746)"}]},{"@type":"WebSite","@id":"https:\/\/vincentians.com\/es\/#website","url":"https:\/\/vincentians.com\/es\/","name":"Somos Vicencianos","description":"Know more to serve more","publisher":{"@id":"https:\/\/vincentians.com\/es\/#organization"},"potentialAction":[{"@type":"SearchAction","target":{"@type":"EntryPoint","urlTemplate":"https:\/\/vincentians.com\/es\/?s={search_term_string}"},"query-input":{"@type":"PropertyValueSpecification","valueRequired":true,"valueName":"search_term_string"}}],"inLanguage":"es"},{"@type":"Organization","@id":"https:\/\/vincentians.com\/es\/#organization","name":"The Vincentian Network","url":"https:\/\/vincentians.com\/es\/","logo":{"@type":"ImageObject","inLanguage":"es","@id":"https:\/\/vincentians.com\/es\/#\/schema\/logo\/image\/","url":"https:\/\/i1.wp.com\/vincentians.com\/es\/wp-content\/uploads\/sites\/11\/2016\/06\/Vincentian-Network-logo-big.png?fit=778%2C778","contentUrl":"https:\/\/i1.wp.com\/vincentians.com\/es\/wp-content\/uploads\/sites\/11\/2016\/06\/Vincentian-Network-logo-big.png?fit=778%2C778","width":778,"height":778,"caption":"The Vincentian Network"},"image":{"@id":"https:\/\/vincentians.com\/es\/#\/schema\/logo\/image\/"},"sameAs":["https:\/\/www.facebook.com\/WeAreVincentians\/","https:\/\/x.com\/WeVincentians"]},{"@type":"Person","@id":"https:\/\/vincentians.com\/es\/#\/schema\/person\/7c2670b4445a7ca9d164ea6acdb31859","name":"Mitxel Olabu\u00e9naga","image":{"@type":"ImageObject","inLanguage":"es","@id":"https:\/\/vincentians.com\/es\/#\/schema\/person\/image\/","url":"https:\/\/secure.gravatar.com\/avatar\/34137ec2e2b8939cbbed975731e71f3f4f1defc7266ded337a5ce0f925426877?s=96&d=mm&r=g","contentUrl":"https:\/\/secure.gravatar.com\/avatar\/34137ec2e2b8939cbbed975731e71f3f4f1defc7266ded337a5ce0f925426877?s=96&d=mm&r=g","caption":"Mitxel Olabu\u00e9naga"},"url":"https:\/\/vincentians.com\/es\/author\/mitxel\/"}]}},"jetpack_publicize_connections":[],"jetpack_featured_media_url":"https:\/\/i0.wp.com\/vincentians.com\/es\/wp-content\/uploads\/sites\/11\/2016\/07\/bio-cm.jpg?fit=1200%2C630&ssl=1","jetpack_sharing_enabled":true,"jetpack_shortlink":"https:\/\/wp.me\/p7ETMF-d4R","jetpack-related-posts":[{"id":132186,"url":"https:\/\/vincentians.com\/es\/jean-couty-c-m-1667-1746-vii-superior-general\/","url_meta":{"origin":50273,"position":0},"title":"Jean Couty, C.M. (1667-1746) (VII Superior General)","author":"Mitxel Olabu\u00e9naga","date":"27\/12\/2014","format":false,"excerpt":"Tuvo la bondad de nacer en Troyes en 1667, su a\u00f1o de vocaci\u00f3n fue el de 1684. Trabaj\u00f3 como Secretario general, como postulador de la causa de san Vicente durante diecisiete a\u00f1os (1712-1729) y como asistente general hasta que es elegido Superior general el 11 de marzo de 1735. Muere\u2026","rel":"","context":"En \u00abBiograf\u00edas de Misioneros Pa\u00fales\u00bb","block_context":{"text":"Biograf\u00edas de Misioneros Pa\u00fales","link":"https:\/\/vincentians.com\/es\/category\/la-familia-vicenciana\/biografias-vicencianas\/biografias-de-misioneros-paules\/"},"img":{"alt_text":"","src":"https:\/\/i0.wp.com\/vincentians.com\/es\/wp-content\/uploads\/sites\/11\/2016\/07\/bio-cm.jpg?fit=1200%2C630&ssl=1&resize=350%2C200","width":350,"height":200,"srcset":"https:\/\/i0.wp.com\/vincentians.com\/es\/wp-content\/uploads\/sites\/11\/2016\/07\/bio-cm.jpg?fit=1200%2C630&ssl=1&resize=350%2C200 1x, https:\/\/i0.wp.com\/vincentians.com\/es\/wp-content\/uploads\/sites\/11\/2016\/07\/bio-cm.jpg?fit=1200%2C630&ssl=1&resize=525%2C300 1.5x, https:\/\/i0.wp.com\/vincentians.com\/es\/wp-content\/uploads\/sites\/11\/2016\/07\/bio-cm.jpg?fit=1200%2C630&ssl=1&resize=700%2C400 2x, https:\/\/i0.wp.com\/vincentians.com\/es\/wp-content\/uploads\/sites\/11\/2016\/07\/bio-cm.jpg?fit=1200%2C630&ssl=1&resize=1050%2C600 3x"},"classes":[]},{"id":44986,"url":"https:\/\/vincentians.com\/es\/historia-general-de-la-c-m-hasta-el-ano-1720-69-procedimientos-para-la-beatificacion-del-sr-vicente\/","url_meta":{"origin":50273,"position":1},"title":"Historia general de la C.M., hasta el a\u00f1o 1720 (69. Procedimientos para la beatificaci\u00f3n del sr. Vicente)","author":"Mitxel Olabu\u00e9naga","date":"20\/01\/2015","format":false,"excerpt":"San Vicente de Pa\u00fal LXIX. Procedimientos para la beatificaci\u00f3n del sr. Vicente Uno de los asuntos que m\u00e1s le importaban al superior general e interesaban m\u00e1s a la CM era la empresa de la beatificaci\u00f3n del sr. Vicente de lo que ya hemos hablado. El difunto sr. W\u00e1ter hab\u00eda nombrado\u2026","rel":"","context":"En \u00abHistoria de la Congregaci\u00f3n de la Misi\u00f3n\u00bb","block_context":{"text":"Historia de la Congregaci\u00f3n de la Misi\u00f3n","link":"https:\/\/vincentians.com\/es\/category\/historia-de-la-familia-vicenciana\/historia-de-la-congregacion-de-la-mision\/"},"img":{"alt_text":"San Vicente de Pa\u00fal","src":"https:\/\/i0.wp.com\/vicencianos.org\/wp-content\/2011\/05\/vincent_de_paul-205x300.jpg?resize=350%2C200","width":350,"height":200},"classes":[]},{"id":22905,"url":"https:\/\/vincentians.com\/es\/tal-dia-como-hoy-4-de-agosto\/","url_meta":{"origin":50273,"position":2},"title":"Tal d\u00eda como hoy: 4 de agosto","author":"Francisco Javier Fern\u00e1ndez Chento","date":"04\/08\/2016","format":false,"excerpt":"1656. Conferencia de Vicente de Pa\u00fal en San L\u00e1zaro sobre la uniformidad, en la que se trata de las razones para ser uniformes, en qu\u00e9 no es uniforme la Congregaci\u00f3n y los medios para serlo. La conferencia continuar\u00e1 el 11 de agosto. 1658. Conocida la noticia de la muerte de\u2026","rel":"","context":"En \u00abEfem\u00e9rides Vicencianas\u00bb","block_context":{"text":"Efem\u00e9rides Vicencianas","link":"https:\/\/vincentians.com\/es\/category\/historia-de-la-familia-vicenciana\/efemerides-vicencianas\/"},"img":{"alt_text":"","src":"https:\/\/i0.wp.com\/vincentians.com\/es\/wp-content\/uploads\/sites\/11\/2016\/07\/ephemerides-fb.jpg?fit=1200%2C630&ssl=1&resize=350%2C200","width":350,"height":200,"srcset":"https:\/\/i0.wp.com\/vincentians.com\/es\/wp-content\/uploads\/sites\/11\/2016\/07\/ephemerides-fb.jpg?fit=1200%2C630&ssl=1&resize=350%2C200 1x, https:\/\/i0.wp.com\/vincentians.com\/es\/wp-content\/uploads\/sites\/11\/2016\/07\/ephemerides-fb.jpg?fit=1200%2C630&ssl=1&resize=525%2C300 1.5x, https:\/\/i0.wp.com\/vincentians.com\/es\/wp-content\/uploads\/sites\/11\/2016\/07\/ephemerides-fb.jpg?fit=1200%2C630&ssl=1&resize=700%2C400 2x, https:\/\/i0.wp.com\/vincentians.com\/es\/wp-content\/uploads\/sites\/11\/2016\/07\/ephemerides-fb.jpg?fit=1200%2C630&ssl=1&resize=1050%2C600 3x"},"classes":[]},{"id":55742,"url":"https:\/\/vincentians.com\/es\/jean-aumont-1683-1755\/","url_meta":{"origin":50273,"position":3},"title":"Jean Aumont (1683-1755)","author":"Mitxel Olabu\u00e9naga","date":"22\/02\/2015","format":false,"excerpt":"A la muerte del Sr. Walther, en 1730, el Sr. Bonnet nombr\u00f3 para Visitador de la Provincia de Polonia al Sr. Jean Aumont que estaba desde hac\u00eda tiempo en este pa\u00eds. El Sr. Aumont hab\u00eda nacido en Domjean, en la di\u00f3cesis de Bayeux, el 15 de marzo de 1683\u00a0: entr\u00f3\u2026","rel":"","context":"En \u00abBiograf\u00edas de Misioneros Pa\u00fales\u00bb","block_context":{"text":"Biograf\u00edas de Misioneros Pa\u00fales","link":"https:\/\/vincentians.com\/es\/category\/la-familia-vicenciana\/biografias-vicencianas\/biografias-de-misioneros-paules\/"},"img":{"alt_text":"","src":"https:\/\/i0.wp.com\/vincentians.com\/es\/wp-content\/uploads\/sites\/11\/2016\/07\/bio-cm.jpg?fit=1200%2C630&ssl=1&resize=350%2C200","width":350,"height":200,"srcset":"https:\/\/i0.wp.com\/vincentians.com\/es\/wp-content\/uploads\/sites\/11\/2016\/07\/bio-cm.jpg?fit=1200%2C630&ssl=1&resize=350%2C200 1x, https:\/\/i0.wp.com\/vincentians.com\/es\/wp-content\/uploads\/sites\/11\/2016\/07\/bio-cm.jpg?fit=1200%2C630&ssl=1&resize=525%2C300 1.5x, https:\/\/i0.wp.com\/vincentians.com\/es\/wp-content\/uploads\/sites\/11\/2016\/07\/bio-cm.jpg?fit=1200%2C630&ssl=1&resize=700%2C400 2x, https:\/\/i0.wp.com\/vincentians.com\/es\/wp-content\/uploads\/sites\/11\/2016\/07\/bio-cm.jpg?fit=1200%2C630&ssl=1&resize=1050%2C600 3x"},"classes":[]},{"id":55199,"url":"https:\/\/vincentians.com\/es\/casas-fundadas-en-el-generalato-de-jean-couty\/","url_meta":{"origin":50273,"position":4},"title":"Casas fundadas en el generalato de Jean Couty","author":"Mitxel Olabu\u00e9naga","date":"26\/10\/2016","format":false,"excerpt":"\u00a0112 bis. PESCINA, 1732. - Pescinensis. S\u00e9minaire. Mencionamos aqu\u00ed esta casa que se refiere al generalato del Sr. Bonnet, pero que se omite a menudo\u00a0 porque ha durado poco. Con ocasi\u00f3n de la misi\u00f3n dada en 1720 por los Srs. Giannini, Ferrari, Caroni et Casati en Pescina, ville de l'Abruzze\u2026","rel":"","context":"En \u00abHistoria de la Congregaci\u00f3n de la Misi\u00f3n\u00bb","block_context":{"text":"Historia de la Congregaci\u00f3n de la Misi\u00f3n","link":"https:\/\/vincentians.com\/es\/category\/historia-de-la-familia-vicenciana\/historia-de-la-congregacion-de-la-mision\/"},"img":{"alt_text":"logo-cm-ii","src":"https:\/\/i0.wp.com\/vincentians.com\/es\/wp-content\/uploads\/sites\/11\/2011\/11\/Logo-CM-II-248x300.jpg?resize=350%2C200","width":350,"height":200},"classes":[]},{"id":128112,"url":"https:\/\/vincentians.com\/es\/fundacion-de-la-congregacion-de-la-mision-en-mexico\/","url_meta":{"origin":50273,"position":5},"title":"Fundaci\u00f3n de la Congregaci\u00f3n de la Misi\u00f3n en M\u00e9xico","author":"Mitxel Olabu\u00e9naga","date":"27\/05\/2024","format":false,"excerpt":"De hecho la Congregaci\u00f3n de la Misi\u00f3n apareci\u00f3 en M\u00e9xico por causa de las Hijas de la Caridad. Por eso era obligado y agradecido comenzar por la narraci\u00f3n la fundaci\u00f3n de las Hermanas. Hasta que los Padres llegaron a la Rep\u00fablica no w ning\u00fan testimonio de que alguien hubiera pensado\u2026","rel":"","context":"En \u00abHistoria de la Congregaci\u00f3n de la Misi\u00f3n\u00bb","block_context":{"text":"Historia de la Congregaci\u00f3n de la Misi\u00f3n","link":"https:\/\/vincentians.com\/es\/category\/historia-de-la-familia-vicenciana\/historia-de-la-congregacion-de-la-mision\/"},"img":{"alt_text":"","src":"https:\/\/i0.wp.com\/vincentians.com\/es\/wp-content\/uploads\/sites\/11\/2013\/04\/f-4-scaled.jpg?fit=1200%2C570&ssl=1&resize=350%2C200","width":350,"height":200,"srcset":"https:\/\/i0.wp.com\/vincentians.com\/es\/wp-content\/uploads\/sites\/11\/2013\/04\/f-4-scaled.jpg?fit=1200%2C570&ssl=1&resize=350%2C200 1x, https:\/\/i0.wp.com\/vincentians.com\/es\/wp-content\/uploads\/sites\/11\/2013\/04\/f-4-scaled.jpg?fit=1200%2C570&ssl=1&resize=525%2C300 1.5x, https:\/\/i0.wp.com\/vincentians.com\/es\/wp-content\/uploads\/sites\/11\/2013\/04\/f-4-scaled.jpg?fit=1200%2C570&ssl=1&resize=700%2C400 2x, https:\/\/i0.wp.com\/vincentians.com\/es\/wp-content\/uploads\/sites\/11\/2013\/04\/f-4-scaled.jpg?fit=1200%2C570&ssl=1&resize=1050%2C600 3x"},"classes":[]}],"_links":{"self":[{"href":"https:\/\/vincentians.com\/es\/wp-json\/wp\/v2\/posts\/50273","targetHints":{"allow":["GET"]}}],"collection":[{"href":"https:\/\/vincentians.com\/es\/wp-json\/wp\/v2\/posts"}],"about":[{"href":"https:\/\/vincentians.com\/es\/wp-json\/wp\/v2\/types\/post"}],"author":[{"embeddable":true,"href":"https:\/\/vincentians.com\/es\/wp-json\/wp\/v2\/users\/5"}],"replies":[{"embeddable":true,"href":"https:\/\/vincentians.com\/es\/wp-json\/wp\/v2\/comments?post=50273"}],"version-history":[{"count":1,"href":"https:\/\/vincentians.com\/es\/wp-json\/wp\/v2\/posts\/50273\/revisions"}],"predecessor-version":[{"id":402674,"href":"https:\/\/vincentians.com\/es\/wp-json\/wp\/v2\/posts\/50273\/revisions\/402674"}],"wp:featuredmedia":[{"embeddable":true,"href":"https:\/\/vincentians.com\/es\/wp-json\/wp\/v2\/media\/391249"}],"wp:attachment":[{"href":"https:\/\/vincentians.com\/es\/wp-json\/wp\/v2\/media?parent=50273"}],"wp:term":[{"taxonomy":"category","embeddable":true,"href":"https:\/\/vincentians.com\/es\/wp-json\/wp\/v2\/categories?post=50273"},{"taxonomy":"post_tag","embeddable":true,"href":"https:\/\/vincentians.com\/es\/wp-json\/wp\/v2\/tags?post=50273"}],"curies":[{"name":"wp","href":"https:\/\/api.w.org\/{rel}","templated":true}]}}