{"id":49612,"date":"2019-12-27T08:40:10","date_gmt":"2019-12-27T07:40:10","guid":{"rendered":"http:\/\/somos.vicencianos.org\/?p=49612"},"modified":"2019-09-09T10:59:00","modified_gmt":"2019-09-09T08:59:00","slug":"louis-antoine-appiani-1663-1732","status":"publish","type":"post","link":"https:\/\/vincentians.com\/es\/louis-antoine-appiani-1663-1732\/","title":{"rendered":"Louis-Antoine Appiani (1663-1732)"},"content":{"rendered":"<p>El Sr. Bonnet, superior general, dio cuenta, en una circular del 9 de octubre de 1733, de la muerte del Sr. Louis Appiani y rindi\u00f3 homenaje de sus virtudes en estos t\u00e9rminos:<\/p>\n<p style=\"padding-left: 30px\">El Sr. Louis-Antoine Appiani, nuestro cohermano, acaba de morir en China donde se hallaba desde hace m\u00e1s de treinta y cinco a\u00f1os.<\/p>\n<p style=\"padding-left: 30px\">Os habr\u00e9is enterado probablemente, Se\u00f1or, por la v\u00eda p\u00fablica o por cartas particulares, que el moderno emperador, d\u00e9cimo tercer hijo del \u00faltimo muerto, habiendo tenido alg\u00fan descontento de algunos misioneros en relaci\u00f3n a la sucesi\u00f3n al imperio, aprovech\u00f3 la ocasi\u00f3n de prohibirles extenderse indiferentemente por todas las provincias de su imperio, y les orden\u00f3 que se limitaran a las de Pek\u00edn y de Cant\u00f3n, y que luego les se\u00f1alar\u00eda otras m\u00e1s. Hace algo m\u00e1s de un a\u00f1o que los mandarines de Cant\u00f3n llevaron a su majestad quejas igualmente atroces, falsas y calumniosas, contra los misioneros de todos los \u00f3rdenes indistintamente, por los cuales los exili\u00f3 de Cant\u00f3n a Macao, con \u00f3rdenes muy precisas, que fueron ejecutadas inmediatamente con el \u00faltimo rigor aunque el emperador confesara a los misioneros residentes en Pek\u00edn, los cuales se hab\u00edan reunido para la defensa y la justificaci\u00f3n\u00a0 de sus cohermanos, que estaba muy persuadido de que no eran culpables de todos los cr\u00edmenes de que se los acusaba, pero que \u00e9l ni pod\u00eda evitar que se usara de este rigor, por los avisos y las insistencias de sus mandarines , revestidos de su poder, para asegurar en todas partes la seguridad y la paz de su imperio. El Sr. Appiani, atacado como estaba de una enfermedad que degener\u00f3 al poco tiempo en una disenter\u00eda, a la que se junt\u00f3 una fiebre continua, fue llevado en unas parihuelas al barco para ser embarcado con todos sus dem\u00e1s cohermanos y coap\u00f3stoles y, apenas fue desembarcado, cuando su enfermedad agrav\u00e1ndose considerablemente, recibi\u00f3 los \u00faltimos sacramentos, de las manos de los Reverendos Padres Dominicos, con mucha fe, piedad, confianza y resignaci\u00f3n del agrado de Dios;\u00a0 y, el 29 de agosto de 1732, muri\u00f3 como verdadero santo, como fiel y valiente confesor de Jesucristo y como un verdadero m\u00e1rtir de nuestra santa fe y de la religi\u00f3n cat\u00f3lica, apost\u00f3lica y romana, nuestra Madre. Fue enterrado al d\u00eda siguiente al pie del altar de estos Reverendos Padres con la presencia de todos los misioneros, y la pompa de todas las solemnidades ordinarias.<\/p>\n<p style=\"padding-left: 30px\">El Sr. Appiani hab\u00eda nacido en Dogliani, di\u00f3cesis de Saluces, en Piamonte, el 22 de marzo de 1663; hab\u00eda sido recibido en nuestra Congregaci\u00f3n, en el seminario interno de G\u00e9nova, el 20 del mes de mayo de 1687, siendo ya sacerdote. Despu\u00e9s de ser regente de teolog\u00eda durante unos a\u00f1os, se sinti\u00f3 llamado por Dios a las misiones extranjeras, fue admitido, destinado y enviado\u00a0 por la Sagrada Congregaci\u00f3n de la fe, a China, adonde fue seguido poco despu\u00e9s, por los Srs. Mullener y Pedrini. Apenas hubo llegado al lugar de su misi\u00f3n, se entreg\u00f3 con todo el cuidado y el \u00e9xito imaginable a aprender bien la lengua china, que es muy dif\u00edcil, por no tener ninguna relaci\u00f3n con nuestras lenguas de Europa. Se devor\u00f3 tambi\u00e9n, con un entusiasmo heroico, todas las dem\u00e1s dificultades inseparables de una misi\u00f3n as\u00ed; de la misma manera se entreg\u00f3 a la formaci\u00f3n de los nuevos catequistas para ponerlo en estado de instruir, impresionar y de convertir a sus parientes, como es costumbre en aquel pa\u00eds. Pas\u00f3 la mayor parte de su vida en Cant\u00f3n, donde ha sido siempre muy estimado, querido y reverenciado como a un santo sacerdote, tanto por nuestros cristianos europeos como por los naturales del pa\u00eds.<\/p>\n<p style=\"padding-left: 30px\">Se ocup\u00f3 principalmente en tres cosas, hasta la llegada de Mons. el cardenal Tournon. 1\u00ba se dedic\u00f3\u00a0 a santificar a los cat\u00f3licos de Europa, que desembarcaban en Cant\u00f3n, d\u00e1ndoles peque\u00f1as misiones haci\u00e9ndoles acudir a retiros anuales y hacer confesiones generales o particulares, seg\u00fan sus necesidades, para disponerles a cumplir con pascua y a acercarse con dignidad a la sagrada mesa, en las principales fiestas del a\u00f1o. 2\u00ba Por un sentimiento de una profunda humildad y de una caridad universal muy perfecta y totalmente desinteresada, se hab\u00eda convertido en Cant\u00f3n como el servidor de todos los misioneros de la China, haciendo que recibieran las cartas, sus pensiones y todos los dem\u00e1s auxilios y comodidades que les ven\u00edan de Europa, priv\u00e1ndose incluso de lo necesario para no dejar que les faltara nada. 3\u00ba Por \u00faltimo, por s\u00ed mismo y por medio de j\u00f3venes catequistas, sus alumnos, trabajaba sin descanso en la conversi\u00f3n y en la santificaci\u00f3n de los infieles, y educaba poco a poco a j\u00f3venes cl\u00e9rigos, para hacer de ellos dignos instrumentos de las misericordias del Se\u00f1or para con los infieles.<\/p>\n<p style=\"padding-left: 30px\">Cuando el Sr. Em. el cardenal de Tournon le hubo entrenado bastante, y ya perfectamente conocido en China, le eligi\u00f3 para que le sirviera de secretario y de int\u00e9rprete en todos los asuntos de la religi\u00f3n y de su legaci\u00f3n, lo que le atrajo muchas complicaciones\u00a0 y persecuciones\u00a0 de todas partes, hasta la gloriosa y santa muerte de este santo y gran cardenal;\u00a0 y adem\u00e1s, varios a\u00f1os despu\u00e9s, fue acusado, calumniado y castigado\u00a0 como culpable, aunque muy inocente, de las falsedades de que se le acusaba. Fue llevado a las c\u00e1rceles p\u00fablicas, despu\u00e9s observado y seguido de cerca, paso a paso, llevando en su d\u00e9bil cuerpo, durante siete u ocho a\u00f1os, once cadenas por el amor de Nuestro Se\u00f1or Jesucristo, de quien se suscrib\u00eda, con alegr\u00eda y por honor, como el santo Ap\u00f3stol\u00a0:\u00a0\u00a0\u00a0 \u00ab<em>L.-A. Appianus vinctus Christi<\/em>: Louis-Antoine Appiani-cargado de cadenas por Jesucristo. \u00ab<\/p>\n<p style=\"padding-left: 30px\">Nuestro Santo Padre el papa Clemente XII, de gloriosa memoria, persuadido de su prudencia, de su piedad, de su virtud y de su celo y de su fidelidad en todos los deberes de su santo y sagrado ministerio, le hab\u00eda nombrado obispo de Myriophis, y su vicario apost\u00f3lico\u00a0; pero \u00e9l agradeci\u00f3 a Su Santidad por el honor que acababa de hacerle, y suplic\u00f3 muy humilde e insistentemente que le descargara de estos honores y de esta pesada carga, y que se dignara favorecer con ella al Sr. Mullener, su cohermano, aleg\u00e1ndole como razones\u00a0 s\u00f3lidas, simples y eficaces\u00a0: 1\u00ba\u00a0\u00a0\u00a0\u00a0\u00a0\u00a0\u00a0 que \u00e9l se hac\u00eda ya viejo, d\u00e9bil y caduco, y que \u00e9l no podr\u00eda servir a la Iglesia y a esta misi\u00f3n por mucho tiempo\u00a0; 2\u00ba que su cohermano era mucho m\u00e1s joven, m\u00e1s fuerte y m\u00e1s vigoroso y que ten\u00eda motivos de esperar que vivir\u00eda mucho m\u00e1s tiempo\u00a0:\u00a0 por \u00faltimo, que su cohermano estaba dotado de la dulzura, de la caridad, del socorro y de todas las dem\u00e1s virtudes de san Francisco de Sales, de lo que \u00e9l se reconoc\u00eda, dec\u00eda, totalmente destituido ante Dios y ante los hombres. El Santo Padre asinti\u00f3 a estas razones, y le otorg\u00f3 estas dos gracias que le ped\u00eda con verdad, sencillez, en una perfecta indigencia de examen de conciencia, y en una perfecta abnegaci\u00f3n y un entero desprendimiento de los oficios y dignidades de la Iglesia. La humildad, la modestia de Mons. el obispo de Myriophis (Mons. Mullner), que vive a\u00fan a la cabeza de un sabio y piadoso clero que se ha logrado de los m\u00e1s regulares y que lleva a varias iglesias que \u00e9l ha consagrado a la gloria del verdadero Dios en varios lugares desiertos en China, haciendo las visitas a pie y piernas desnudas, cargado con una peque\u00f1a maleta de mercer\u00edas al hombro, nos impiden entrar en mayores detalles\u00a0 de sus dem\u00e1s virtudes cristianas, episcopales y apost\u00f3licas\u00a0; ellas justifican la elecci\u00f3n que nuestro querido difunto hizo de su persona, para llevar con honor el peso del episcopado y del vicariato apost\u00f3lico.<\/p>\n<p style=\"padding-left: 30px\">Terminar\u00e9 dici\u00e9ndole, como os lo he indicado en varias cartas del d\u00eda primero de cada a\u00f1o, que el difunto Sr. Appiani no ha cesado, desde hace m\u00e1s de veintitr\u00e9s a\u00f1os, de solicitarnos que le enviemos, y a sus Srs. cohermanos, algunos j\u00f3venes misioneros prudentes y virtuosos, para tener el tiempo de formarlos y colocarlos en sus lugares, y dejarles herederos de los frutos de sus trabajos,\u00a0 para la gloria de Dios, para el servicio de la Iglesia y para la salud de tantos nuevos fieles, que han engendrado a Nuestro Se\u00f1or por el Evangelio, y que han incorporado feliz y santamente a su cuerpo m\u00edstico, que es la Iglesia, de la que es cabeza : <em>Ipsum dedit caput super omnem ecclesiam, qu\u00e6 est corpus ejus<\/em>. Fue para corresponder a las piadosas y santas vistas de nuestro querido difunto y de sus otros dos coap\u00f3stoles, que hace unos dos a\u00f1os, escogimos a algunos\u00a0 para unirse a estos tres hombres apost\u00f3licos\u00a0; y si el difunto Sr. Appiani no ha podido verlos, antes de entregar su esp\u00edritu a su Creador, lo ha podido saber cosa de un mes antes de su muerte, que estaban de camino, por la seguridad que nos dio el nav\u00edo que lleg\u00f3 el primero a Canton, a primeros del mes de agosto\u00a0; pero el segundo nav\u00edo\u00a0 al que se hab\u00edan subido nuestros tres j\u00f3venes misioneros, no habiendo llegado a Java hasta ocho o diez d\u00edas despu\u00e9s, se perdi\u00f3 el monz\u00f3n, es decir el tiempo propio para llegar a China sin el peligro de los huracanes, y fue obligado a retroceder 1300 o 1400 leguas, para invernar en las islas de Mascareignes y de Francia, las cuales han edificado\u00a0 mucho, y han ayudado a nuestros cohermanos que est\u00e1n dando all\u00ed peque\u00f1as misiones y retiros p\u00fablicos en sus parroquias y, llenos de edificaci\u00f3n rec\u00edproca y de gratitud por el buen trato que han recibido, han sentido pesar al separarse de ellos , y ardientes deseos de subir a bordo, para llegar por fin al lugar de su misi\u00f3n.<\/p>\n<p style=\"padding-left: 30px\">Recomiendo a las oraciones ordinarias de la Compa\u00f1\u00eda al querido difunto y a estos tres j\u00f3venes misioneros, para que quiera el Se\u00f1or llevarlos \u00e9l mismo a los lugares a los que \u00e9l mismo los ha destinado por toda la eternidad, etc &#8211;<em>Circulaires des Sup\u00e9rieurs g\u00e9n\u00e9raux<\/em>, t. I, p. 272.<\/p>\n<p>&nbsp;<\/p>\n","protected":false},"excerpt":{"rendered":"<p>El Sr. Bonnet, superior general, dio cuenta, en una circular del 9 de octubre de 1733, de la muerte del Sr. Louis Appiani y rindi\u00f3 homenaje de sus virtudes en estos t\u00e9rminos: El Sr. Louis-Antoine &#8230; <a href=\"https:\/\/vincentians.com\/es\/louis-antoine-appiani-1663-1732\/\" class=\"more-link\">Read More<\/a><\/p>\n","protected":false},"author":5,"featured_media":391249,"comment_status":"open","ping_status":"open","sticky":false,"template":"","format":"standard","meta":{"jetpack_post_was_ever_published":false,"_jetpack_newsletter_access":"","_jetpack_dont_email_post_to_subs":false,"_jetpack_newsletter_tier_id":0,"_jetpack_memberships_contains_paywalled_content":false,"_jetpack_memberships_contains_paid_content":false,"footnotes":"","jetpack_publicize_message":"","jetpack_publicize_feature_enabled":true,"jetpack_social_post_already_shared":true,"jetpack_social_options":{"image_generator_settings":{"template":"highway","default_image_id":0,"font":"","enabled":false},"version":2}},"categories":[19],"tags":[],"class_list":["post-49612","post","type-post","status-publish","format-standard","has-post-thumbnail","hentry","category-biografias-de-misioneros-paules"],"yoast_head":"<!-- This site is optimized with the Yoast SEO plugin v26.3 - https:\/\/yoast.com\/wordpress\/plugins\/seo\/ -->\n<title>Louis-Antoine Appiani (1663-1732) - Somos Vicencianos<\/title>\n<meta name=\"robots\" content=\"index, follow, max-snippet:-1, max-image-preview:large, max-video-preview:-1\" \/>\n<link rel=\"canonical\" href=\"https:\/\/vincentians.com\/es\/louis-antoine-appiani-1663-1732\/\" \/>\n<meta property=\"og:locale\" content=\"es_ES\" \/>\n<meta property=\"og:type\" content=\"article\" \/>\n<meta property=\"og:title\" content=\"Louis-Antoine Appiani (1663-1732) - Somos Vicencianos\" \/>\n<meta property=\"og:description\" content=\"El Sr. Bonnet, superior general, dio cuenta, en una circular del 9 de octubre de 1733, de la muerte del Sr. Louis Appiani y rindi\u00f3 homenaje de sus virtudes en estos t\u00e9rminos: El Sr. Louis-Antoine ... Read More\" \/>\n<meta property=\"og:url\" content=\"https:\/\/vincentians.com\/es\/louis-antoine-appiani-1663-1732\/\" \/>\n<meta property=\"og:site_name\" content=\"Somos Vicencianos\" \/>\n<meta property=\"article:publisher\" content=\"https:\/\/www.facebook.com\/WeAreVincentians\/\" \/>\n<meta property=\"article:published_time\" content=\"2019-12-27T07:40:10+00:00\" \/>\n<meta property=\"og:image\" content=\"https:\/\/i0.wp.com\/vincentians.com\/es\/wp-content\/uploads\/sites\/11\/2016\/07\/bio-cm.jpg?fit=1200%2C630&ssl=1\" \/>\n\t<meta property=\"og:image:width\" content=\"1200\" \/>\n\t<meta property=\"og:image:height\" content=\"630\" \/>\n\t<meta property=\"og:image:type\" content=\"image\/jpeg\" \/>\n<meta name=\"author\" content=\"Mitxel Olabu\u00e9naga\" \/>\n<meta name=\"twitter:card\" content=\"summary_large_image\" \/>\n<meta name=\"twitter:creator\" content=\"@WeVincentians\" \/>\n<meta name=\"twitter:site\" content=\"@WeVincentians\" \/>\n<meta name=\"twitter:label1\" content=\"Escrito por\" \/>\n\t<meta name=\"twitter:data1\" content=\"Mitxel Olabu\u00e9naga\" \/>\n\t<meta name=\"twitter:label2\" content=\"Tiempo de lectura\" \/>\n\t<meta name=\"twitter:data2\" content=\"9 minutos\" \/>\n<script type=\"application\/ld+json\" class=\"yoast-schema-graph\">{\"@context\":\"https:\/\/schema.org\",\"@graph\":[{\"@type\":\"Article\",\"@id\":\"https:\/\/vincentians.com\/es\/louis-antoine-appiani-1663-1732\/#article\",\"isPartOf\":{\"@id\":\"https:\/\/vincentians.com\/es\/louis-antoine-appiani-1663-1732\/\"},\"author\":{\"name\":\"Mitxel Olabu\u00e9naga\",\"@id\":\"https:\/\/vincentians.com\/es\/#\/schema\/person\/7c2670b4445a7ca9d164ea6acdb31859\"},\"headline\":\"Louis-Antoine Appiani (1663-1732)\",\"datePublished\":\"2019-12-27T07:40:10+00:00\",\"mainEntityOfPage\":{\"@id\":\"https:\/\/vincentians.com\/es\/louis-antoine-appiani-1663-1732\/\"},\"wordCount\":1783,\"commentCount\":0,\"publisher\":{\"@id\":\"https:\/\/vincentians.com\/es\/#organization\"},\"image\":{\"@id\":\"https:\/\/vincentians.com\/es\/louis-antoine-appiani-1663-1732\/#primaryimage\"},\"thumbnailUrl\":\"https:\/\/i0.wp.com\/vincentians.com\/es\/wp-content\/uploads\/sites\/11\/2016\/07\/bio-cm.jpg?fit=1200%2C630&ssl=1\",\"articleSection\":[\"Biograf\u00edas de Misioneros Pa\u00fales\"],\"inLanguage\":\"es\",\"potentialAction\":[{\"@type\":\"CommentAction\",\"name\":\"Comment\",\"target\":[\"https:\/\/vincentians.com\/es\/louis-antoine-appiani-1663-1732\/#respond\"]}]},{\"@type\":\"WebPage\",\"@id\":\"https:\/\/vincentians.com\/es\/louis-antoine-appiani-1663-1732\/\",\"url\":\"https:\/\/vincentians.com\/es\/louis-antoine-appiani-1663-1732\/\",\"name\":\"Louis-Antoine Appiani (1663-1732) - Somos Vicencianos\",\"isPartOf\":{\"@id\":\"https:\/\/vincentians.com\/es\/#website\"},\"primaryImageOfPage\":{\"@id\":\"https:\/\/vincentians.com\/es\/louis-antoine-appiani-1663-1732\/#primaryimage\"},\"image\":{\"@id\":\"https:\/\/vincentians.com\/es\/louis-antoine-appiani-1663-1732\/#primaryimage\"},\"thumbnailUrl\":\"https:\/\/i0.wp.com\/vincentians.com\/es\/wp-content\/uploads\/sites\/11\/2016\/07\/bio-cm.jpg?fit=1200%2C630&ssl=1\",\"datePublished\":\"2019-12-27T07:40:10+00:00\",\"breadcrumb\":{\"@id\":\"https:\/\/vincentians.com\/es\/louis-antoine-appiani-1663-1732\/#breadcrumb\"},\"inLanguage\":\"es\",\"potentialAction\":[{\"@type\":\"ReadAction\",\"target\":[\"https:\/\/vincentians.com\/es\/louis-antoine-appiani-1663-1732\/\"]}]},{\"@type\":\"ImageObject\",\"inLanguage\":\"es\",\"@id\":\"https:\/\/vincentians.com\/es\/louis-antoine-appiani-1663-1732\/#primaryimage\",\"url\":\"https:\/\/i0.wp.com\/vincentians.com\/es\/wp-content\/uploads\/sites\/11\/2016\/07\/bio-cm.jpg?fit=1200%2C630&ssl=1\",\"contentUrl\":\"https:\/\/i0.wp.com\/vincentians.com\/es\/wp-content\/uploads\/sites\/11\/2016\/07\/bio-cm.jpg?fit=1200%2C630&ssl=1\",\"width\":1200,\"height\":630},{\"@type\":\"BreadcrumbList\",\"@id\":\"https:\/\/vincentians.com\/es\/louis-antoine-appiani-1663-1732\/#breadcrumb\",\"itemListElement\":[{\"@type\":\"ListItem\",\"position\":1,\"name\":\"Portada\",\"item\":\"https:\/\/vincentians.com\/es\/\"},{\"@type\":\"ListItem\",\"position\":2,\"name\":\"Louis-Antoine Appiani (1663-1732)\"}]},{\"@type\":\"WebSite\",\"@id\":\"https:\/\/vincentians.com\/es\/#website\",\"url\":\"https:\/\/vincentians.com\/es\/\",\"name\":\"Somos Vicencianos\",\"description\":\"Know more to serve more\",\"publisher\":{\"@id\":\"https:\/\/vincentians.com\/es\/#organization\"},\"potentialAction\":[{\"@type\":\"SearchAction\",\"target\":{\"@type\":\"EntryPoint\",\"urlTemplate\":\"https:\/\/vincentians.com\/es\/?s={search_term_string}\"},\"query-input\":{\"@type\":\"PropertyValueSpecification\",\"valueRequired\":true,\"valueName\":\"search_term_string\"}}],\"inLanguage\":\"es\"},{\"@type\":\"Organization\",\"@id\":\"https:\/\/vincentians.com\/es\/#organization\",\"name\":\"The Vincentian Network\",\"url\":\"https:\/\/vincentians.com\/es\/\",\"logo\":{\"@type\":\"ImageObject\",\"inLanguage\":\"es\",\"@id\":\"https:\/\/vincentians.com\/es\/#\/schema\/logo\/image\/\",\"url\":\"https:\/\/i1.wp.com\/vincentians.com\/es\/wp-content\/uploads\/sites\/11\/2016\/06\/Vincentian-Network-logo-big.png?fit=778%2C778\",\"contentUrl\":\"https:\/\/i1.wp.com\/vincentians.com\/es\/wp-content\/uploads\/sites\/11\/2016\/06\/Vincentian-Network-logo-big.png?fit=778%2C778\",\"width\":778,\"height\":778,\"caption\":\"The Vincentian Network\"},\"image\":{\"@id\":\"https:\/\/vincentians.com\/es\/#\/schema\/logo\/image\/\"},\"sameAs\":[\"https:\/\/www.facebook.com\/WeAreVincentians\/\",\"https:\/\/x.com\/WeVincentians\"]},{\"@type\":\"Person\",\"@id\":\"https:\/\/vincentians.com\/es\/#\/schema\/person\/7c2670b4445a7ca9d164ea6acdb31859\",\"name\":\"Mitxel Olabu\u00e9naga\",\"image\":{\"@type\":\"ImageObject\",\"inLanguage\":\"es\",\"@id\":\"https:\/\/vincentians.com\/es\/#\/schema\/person\/image\/\",\"url\":\"https:\/\/secure.gravatar.com\/avatar\/34137ec2e2b8939cbbed975731e71f3f4f1defc7266ded337a5ce0f925426877?s=96&d=mm&r=g\",\"contentUrl\":\"https:\/\/secure.gravatar.com\/avatar\/34137ec2e2b8939cbbed975731e71f3f4f1defc7266ded337a5ce0f925426877?s=96&d=mm&r=g\",\"caption\":\"Mitxel Olabu\u00e9naga\"},\"url\":\"https:\/\/vincentians.com\/es\/author\/mitxel\/\"}]}<\/script>\n<!-- \/ Yoast SEO plugin. -->","yoast_head_json":{"title":"Louis-Antoine Appiani (1663-1732) - Somos Vicencianos","robots":{"index":"index","follow":"follow","max-snippet":"max-snippet:-1","max-image-preview":"max-image-preview:large","max-video-preview":"max-video-preview:-1"},"canonical":"https:\/\/vincentians.com\/es\/louis-antoine-appiani-1663-1732\/","og_locale":"es_ES","og_type":"article","og_title":"Louis-Antoine Appiani (1663-1732) - Somos Vicencianos","og_description":"El Sr. Bonnet, superior general, dio cuenta, en una circular del 9 de octubre de 1733, de la muerte del Sr. Louis Appiani y rindi\u00f3 homenaje de sus virtudes en estos t\u00e9rminos: El Sr. Louis-Antoine ... Read More","og_url":"https:\/\/vincentians.com\/es\/louis-antoine-appiani-1663-1732\/","og_site_name":"Somos Vicencianos","article_publisher":"https:\/\/www.facebook.com\/WeAreVincentians\/","article_published_time":"2019-12-27T07:40:10+00:00","og_image":[{"width":1200,"height":630,"url":"https:\/\/i0.wp.com\/vincentians.com\/es\/wp-content\/uploads\/sites\/11\/2016\/07\/bio-cm.jpg?fit=1200%2C630&ssl=1","type":"image\/jpeg"}],"author":"Mitxel Olabu\u00e9naga","twitter_card":"summary_large_image","twitter_creator":"@WeVincentians","twitter_site":"@WeVincentians","twitter_misc":{"Escrito por":"Mitxel Olabu\u00e9naga","Tiempo de lectura":"9 minutos"},"schema":{"@context":"https:\/\/schema.org","@graph":[{"@type":"Article","@id":"https:\/\/vincentians.com\/es\/louis-antoine-appiani-1663-1732\/#article","isPartOf":{"@id":"https:\/\/vincentians.com\/es\/louis-antoine-appiani-1663-1732\/"},"author":{"name":"Mitxel Olabu\u00e9naga","@id":"https:\/\/vincentians.com\/es\/#\/schema\/person\/7c2670b4445a7ca9d164ea6acdb31859"},"headline":"Louis-Antoine Appiani (1663-1732)","datePublished":"2019-12-27T07:40:10+00:00","mainEntityOfPage":{"@id":"https:\/\/vincentians.com\/es\/louis-antoine-appiani-1663-1732\/"},"wordCount":1783,"commentCount":0,"publisher":{"@id":"https:\/\/vincentians.com\/es\/#organization"},"image":{"@id":"https:\/\/vincentians.com\/es\/louis-antoine-appiani-1663-1732\/#primaryimage"},"thumbnailUrl":"https:\/\/i0.wp.com\/vincentians.com\/es\/wp-content\/uploads\/sites\/11\/2016\/07\/bio-cm.jpg?fit=1200%2C630&ssl=1","articleSection":["Biograf\u00edas de Misioneros Pa\u00fales"],"inLanguage":"es","potentialAction":[{"@type":"CommentAction","name":"Comment","target":["https:\/\/vincentians.com\/es\/louis-antoine-appiani-1663-1732\/#respond"]}]},{"@type":"WebPage","@id":"https:\/\/vincentians.com\/es\/louis-antoine-appiani-1663-1732\/","url":"https:\/\/vincentians.com\/es\/louis-antoine-appiani-1663-1732\/","name":"Louis-Antoine Appiani (1663-1732) - Somos Vicencianos","isPartOf":{"@id":"https:\/\/vincentians.com\/es\/#website"},"primaryImageOfPage":{"@id":"https:\/\/vincentians.com\/es\/louis-antoine-appiani-1663-1732\/#primaryimage"},"image":{"@id":"https:\/\/vincentians.com\/es\/louis-antoine-appiani-1663-1732\/#primaryimage"},"thumbnailUrl":"https:\/\/i0.wp.com\/vincentians.com\/es\/wp-content\/uploads\/sites\/11\/2016\/07\/bio-cm.jpg?fit=1200%2C630&ssl=1","datePublished":"2019-12-27T07:40:10+00:00","breadcrumb":{"@id":"https:\/\/vincentians.com\/es\/louis-antoine-appiani-1663-1732\/#breadcrumb"},"inLanguage":"es","potentialAction":[{"@type":"ReadAction","target":["https:\/\/vincentians.com\/es\/louis-antoine-appiani-1663-1732\/"]}]},{"@type":"ImageObject","inLanguage":"es","@id":"https:\/\/vincentians.com\/es\/louis-antoine-appiani-1663-1732\/#primaryimage","url":"https:\/\/i0.wp.com\/vincentians.com\/es\/wp-content\/uploads\/sites\/11\/2016\/07\/bio-cm.jpg?fit=1200%2C630&ssl=1","contentUrl":"https:\/\/i0.wp.com\/vincentians.com\/es\/wp-content\/uploads\/sites\/11\/2016\/07\/bio-cm.jpg?fit=1200%2C630&ssl=1","width":1200,"height":630},{"@type":"BreadcrumbList","@id":"https:\/\/vincentians.com\/es\/louis-antoine-appiani-1663-1732\/#breadcrumb","itemListElement":[{"@type":"ListItem","position":1,"name":"Portada","item":"https:\/\/vincentians.com\/es\/"},{"@type":"ListItem","position":2,"name":"Louis-Antoine Appiani (1663-1732)"}]},{"@type":"WebSite","@id":"https:\/\/vincentians.com\/es\/#website","url":"https:\/\/vincentians.com\/es\/","name":"Somos Vicencianos","description":"Know more to serve more","publisher":{"@id":"https:\/\/vincentians.com\/es\/#organization"},"potentialAction":[{"@type":"SearchAction","target":{"@type":"EntryPoint","urlTemplate":"https:\/\/vincentians.com\/es\/?s={search_term_string}"},"query-input":{"@type":"PropertyValueSpecification","valueRequired":true,"valueName":"search_term_string"}}],"inLanguage":"es"},{"@type":"Organization","@id":"https:\/\/vincentians.com\/es\/#organization","name":"The Vincentian Network","url":"https:\/\/vincentians.com\/es\/","logo":{"@type":"ImageObject","inLanguage":"es","@id":"https:\/\/vincentians.com\/es\/#\/schema\/logo\/image\/","url":"https:\/\/i1.wp.com\/vincentians.com\/es\/wp-content\/uploads\/sites\/11\/2016\/06\/Vincentian-Network-logo-big.png?fit=778%2C778","contentUrl":"https:\/\/i1.wp.com\/vincentians.com\/es\/wp-content\/uploads\/sites\/11\/2016\/06\/Vincentian-Network-logo-big.png?fit=778%2C778","width":778,"height":778,"caption":"The Vincentian Network"},"image":{"@id":"https:\/\/vincentians.com\/es\/#\/schema\/logo\/image\/"},"sameAs":["https:\/\/www.facebook.com\/WeAreVincentians\/","https:\/\/x.com\/WeVincentians"]},{"@type":"Person","@id":"https:\/\/vincentians.com\/es\/#\/schema\/person\/7c2670b4445a7ca9d164ea6acdb31859","name":"Mitxel Olabu\u00e9naga","image":{"@type":"ImageObject","inLanguage":"es","@id":"https:\/\/vincentians.com\/es\/#\/schema\/person\/image\/","url":"https:\/\/secure.gravatar.com\/avatar\/34137ec2e2b8939cbbed975731e71f3f4f1defc7266ded337a5ce0f925426877?s=96&d=mm&r=g","contentUrl":"https:\/\/secure.gravatar.com\/avatar\/34137ec2e2b8939cbbed975731e71f3f4f1defc7266ded337a5ce0f925426877?s=96&d=mm&r=g","caption":"Mitxel Olabu\u00e9naga"},"url":"https:\/\/vincentians.com\/es\/author\/mitxel\/"}]}},"jetpack_publicize_connections":[],"jetpack_featured_media_url":"https:\/\/i0.wp.com\/vincentians.com\/es\/wp-content\/uploads\/sites\/11\/2016\/07\/bio-cm.jpg?fit=1200%2C630&ssl=1","jetpack_sharing_enabled":true,"jetpack_shortlink":"https:\/\/wp.me\/p7ETMF-cUc","jetpack-related-posts":[{"id":44990,"url":"https:\/\/vincentians.com\/es\/historia-general-de-la-c-m-hasta-el-ano-1720-73-misioneros-de-china\/","url_meta":{"origin":49612,"position":0},"title":"Historia general de la C.M., hasta el a\u00f1o 1720 (73. Misioneros de China)","author":"Mitxel Olabu\u00e9naga","date":"24\/01\/2015","format":false,"excerpt":"San Vicente de Pa\u00fal LXXIII. Misioneros de China Lo que constitu\u00eda la mayor parte de las noticias contenidas en las cartas del sr. Bonnet era lo que se aprend\u00eda de algunos misioneros enviados al vasto imperio de la China, como ya se ha dicho, el difunto sr. W\u00e1ter, en su\u2026","rel":"","context":"En \u00abHistoria de la Congregaci\u00f3n de la Misi\u00f3n\u00bb","block_context":{"text":"Historia de la Congregaci\u00f3n de la Misi\u00f3n","link":"https:\/\/vincentians.com\/es\/category\/historia-de-la-familia-vicenciana\/historia-de-la-congregacion-de-la-mision\/"},"img":{"alt_text":"San Vicente de Pa\u00fal","src":"https:\/\/i0.wp.com\/vicencianos.org\/wp-content\/2011\/05\/vincent_de_paul-205x300.jpg?resize=350%2C200","width":350,"height":200},"classes":[]},{"id":54823,"url":"https:\/\/vincentians.com\/es\/jean-mullener-1673-1742\/","url_meta":{"origin":49612,"position":1},"title":"Jean Mullener (1673-1742)","author":"Mitxel Olabu\u00e9naga","date":"21\/03\/2015","format":false,"excerpt":"En 1697, entre los alumnos del colegio de la Propaganda en Roma se hallaba un joven alumno, alem\u00e1n de naci\u00f3n, de nombre Sr. Jean Mullener. Se ofrec\u00eda para la expedici\u00f3n apost\u00f3lica que el Soberano Pont\u00edfice organizaba entonces con vistas a\u00a0 extender la religi\u00f3n cristiana en China. El Sr. Mullener deb\u00eda\u2026","rel":"","context":"En \u00abBiograf\u00edas de Misioneros Pa\u00fales\u00bb","block_context":{"text":"Biograf\u00edas de Misioneros Pa\u00fales","link":"https:\/\/vincentians.com\/es\/category\/la-familia-vicenciana\/biografias-vicencianas\/biografias-de-misioneros-paules\/"},"img":{"alt_text":"","src":"https:\/\/i0.wp.com\/vincentians.com\/es\/wp-content\/uploads\/sites\/11\/2016\/07\/bio-cm.jpg?fit=1200%2C630&ssl=1&resize=350%2C200","width":350,"height":200,"srcset":"https:\/\/i0.wp.com\/vincentians.com\/es\/wp-content\/uploads\/sites\/11\/2016\/07\/bio-cm.jpg?fit=1200%2C630&ssl=1&resize=350%2C200 1x, https:\/\/i0.wp.com\/vincentians.com\/es\/wp-content\/uploads\/sites\/11\/2016\/07\/bio-cm.jpg?fit=1200%2C630&ssl=1&resize=525%2C300 1.5x, https:\/\/i0.wp.com\/vincentians.com\/es\/wp-content\/uploads\/sites\/11\/2016\/07\/bio-cm.jpg?fit=1200%2C630&ssl=1&resize=700%2C400 2x, https:\/\/i0.wp.com\/vincentians.com\/es\/wp-content\/uploads\/sites\/11\/2016\/07\/bio-cm.jpg?fit=1200%2C630&ssl=1&resize=1050%2C600 3x"},"classes":[]},{"id":21146,"url":"https:\/\/vincentians.com\/es\/los-tres-primeros-paules-en-china\/","url_meta":{"origin":49612,"position":2},"title":"Los tres primeros Pa\u00fales en China","author":"Francisco Javier Fern\u00e1ndez Chento","date":"31\/05\/2015","format":false,"excerpt":"S\u00e1bese que San Vicente de Pa\u00fal, con aquel ardor de celo y de proselitismo que abrazaba, por decirlo as\u00ed, el universo entero, y que tan perfectamente se aliaba con aquella prudente humildad que reglaba todas sus empresas, hab\u00eda concebido deseos y aun formado el proyecto de enviar sus hijos hasta\u2026","rel":"","context":"En \u00abCongregaci\u00f3n de la Misi\u00f3n\u00bb","block_context":{"text":"Congregaci\u00f3n de la Misi\u00f3n","link":"https:\/\/vincentians.com\/es\/category\/la-familia-vicenciana\/ramas\/congregacion-de-la-mision\/"},"img":{"alt_text":"","src":"https:\/\/i0.wp.com\/vicencianos.org\/vicencianos\/files\/2010\/04\/Entorno-de-San-Vicente-2-Berceau2-198x300.jpg?resize=350%2C200","width":350,"height":200},"classes":[]},{"id":44973,"url":"https:\/\/vincentians.com\/es\/historia-general-de-la-c-m-hasta-el-ano-1720-56-misioneros-enviados-a-argel-otros-a-la-china\/","url_meta":{"origin":49612,"position":3},"title":"Historia general de la C.M., hasta el a\u00f1o 1720 (56. Misioneros enviados a Argel, otros a la China)","author":"Mitxel Olabu\u00e9naga","date":"07\/01\/2015","format":false,"excerpt":"San Vicente de Pa\u00fal LVI. Misioneros enviados a Argel, otros a la China La CM no se desanim\u00f3 de enviar nuevos operarios a Argel para proporcionar los alivios acostumbrados a los pobres esclavos cristianos, aunque hubiera visto la manera salvaje como hab\u00edan quitado la vida al sr. Montmasson y a\u2026","rel":"","context":"En \u00abHistoria de la Congregaci\u00f3n de la Misi\u00f3n\u00bb","block_context":{"text":"Historia de la Congregaci\u00f3n de la Misi\u00f3n","link":"https:\/\/vincentians.com\/es\/category\/historia-de-la-familia-vicenciana\/historia-de-la-congregacion-de-la-mision\/"},"img":{"alt_text":"San Vicente de Pa\u00fal","src":"https:\/\/i0.wp.com\/vicencianos.org\/wp-content\/2011\/05\/vincent_de_paul-205x300.jpg?resize=350%2C200","width":350,"height":200},"classes":[]},{"id":59402,"url":"https:\/\/vincentians.com\/es\/antoine-louis-dos-santos-1734-1790\/","url_meta":{"origin":49612,"position":4},"title":"Antoine-Louis dos Santos (1734-1790)","author":"Mitxel Olabu\u00e9naga","date":"02\/02\/2012","format":false,"excerpt":"El Sr. Antoine-Louis dos Santos naci\u00f3 en Lisboa el 20 de junio de 1734. Fue recibido en el seminario en el seminario interno de la Misi\u00f3n en esta ciudad el 22 de septiembre de 1751 y pronunci\u00f3 los votos dos a\u00f1os despu\u00e9s en presencia del Sr. Almeida. Al anunciar la\u2026","rel":"","context":"En \u00abBiograf\u00edas de Misioneros Pa\u00fales\u00bb","block_context":{"text":"Biograf\u00edas de Misioneros Pa\u00fales","link":"https:\/\/vincentians.com\/es\/category\/la-familia-vicenciana\/biografias-vicencianas\/biografias-de-misioneros-paules\/"},"img":{"alt_text":"","src":"https:\/\/i0.wp.com\/vincentians.com\/es\/wp-content\/uploads\/sites\/11\/2016\/07\/bio-cm.jpg?fit=1200%2C630&ssl=1&resize=350%2C200","width":350,"height":200,"srcset":"https:\/\/i0.wp.com\/vincentians.com\/es\/wp-content\/uploads\/sites\/11\/2016\/07\/bio-cm.jpg?fit=1200%2C630&ssl=1&resize=350%2C200 1x, https:\/\/i0.wp.com\/vincentians.com\/es\/wp-content\/uploads\/sites\/11\/2016\/07\/bio-cm.jpg?fit=1200%2C630&ssl=1&resize=525%2C300 1.5x, https:\/\/i0.wp.com\/vincentians.com\/es\/wp-content\/uploads\/sites\/11\/2016\/07\/bio-cm.jpg?fit=1200%2C630&ssl=1&resize=700%2C400 2x, https:\/\/i0.wp.com\/vincentians.com\/es\/wp-content\/uploads\/sites\/11\/2016\/07\/bio-cm.jpg?fit=1200%2C630&ssl=1&resize=1050%2C600 3x"},"classes":[]},{"id":56407,"url":"https:\/\/vincentians.com\/es\/paul-sou-1767\/","url_meta":{"origin":49612,"position":5},"title":"Paul Sou (???-1767)","author":"Mitxel Olabu\u00e9naga","date":"07\/03\/2015","format":false,"excerpt":"A la muerte del Mons. Mullener, vicario apost\u00f3lico del Su-Tchuen que hemos contado anteriormente (p. 328), acudi\u00f3 para rendir las honras f\u00fanebres al prelado, Sr. Paul Sou, sacerdote chino, uno de sus m\u00e1s fieles disc\u00edpulos y miembro, como el piadoso obispo, de la familia de san Vicente de Pa\u00fal. Numerosos\u2026","rel":"","context":"En \u00abBiograf\u00edas de Misioneros Pa\u00fales\u00bb","block_context":{"text":"Biograf\u00edas de Misioneros Pa\u00fales","link":"https:\/\/vincentians.com\/es\/category\/la-familia-vicenciana\/biografias-vicencianas\/biografias-de-misioneros-paules\/"},"img":{"alt_text":"","src":"https:\/\/i0.wp.com\/vincentians.com\/es\/wp-content\/uploads\/sites\/11\/2016\/07\/bio-cm.jpg?fit=1200%2C630&ssl=1&resize=350%2C200","width":350,"height":200,"srcset":"https:\/\/i0.wp.com\/vincentians.com\/es\/wp-content\/uploads\/sites\/11\/2016\/07\/bio-cm.jpg?fit=1200%2C630&ssl=1&resize=350%2C200 1x, https:\/\/i0.wp.com\/vincentians.com\/es\/wp-content\/uploads\/sites\/11\/2016\/07\/bio-cm.jpg?fit=1200%2C630&ssl=1&resize=525%2C300 1.5x, https:\/\/i0.wp.com\/vincentians.com\/es\/wp-content\/uploads\/sites\/11\/2016\/07\/bio-cm.jpg?fit=1200%2C630&ssl=1&resize=700%2C400 2x, https:\/\/i0.wp.com\/vincentians.com\/es\/wp-content\/uploads\/sites\/11\/2016\/07\/bio-cm.jpg?fit=1200%2C630&ssl=1&resize=1050%2C600 3x"},"classes":[]}],"_links":{"self":[{"href":"https:\/\/vincentians.com\/es\/wp-json\/wp\/v2\/posts\/49612","targetHints":{"allow":["GET"]}}],"collection":[{"href":"https:\/\/vincentians.com\/es\/wp-json\/wp\/v2\/posts"}],"about":[{"href":"https:\/\/vincentians.com\/es\/wp-json\/wp\/v2\/types\/post"}],"author":[{"embeddable":true,"href":"https:\/\/vincentians.com\/es\/wp-json\/wp\/v2\/users\/5"}],"replies":[{"embeddable":true,"href":"https:\/\/vincentians.com\/es\/wp-json\/wp\/v2\/comments?post=49612"}],"version-history":[{"count":1,"href":"https:\/\/vincentians.com\/es\/wp-json\/wp\/v2\/posts\/49612\/revisions"}],"predecessor-version":[{"id":402694,"href":"https:\/\/vincentians.com\/es\/wp-json\/wp\/v2\/posts\/49612\/revisions\/402694"}],"wp:featuredmedia":[{"embeddable":true,"href":"https:\/\/vincentians.com\/es\/wp-json\/wp\/v2\/media\/391249"}],"wp:attachment":[{"href":"https:\/\/vincentians.com\/es\/wp-json\/wp\/v2\/media?parent=49612"}],"wp:term":[{"taxonomy":"category","embeddable":true,"href":"https:\/\/vincentians.com\/es\/wp-json\/wp\/v2\/categories?post=49612"},{"taxonomy":"post_tag","embeddable":true,"href":"https:\/\/vincentians.com\/es\/wp-json\/wp\/v2\/tags?post=49612"}],"curies":[{"name":"wp","href":"https:\/\/api.w.org\/{rel}","templated":true}]}}