{"id":48756,"date":"2011-08-27T06:32:38","date_gmt":"2011-08-27T04:32:38","guid":{"rendered":"http:\/\/somos.vicencianos.org\/?p=48756"},"modified":"2016-07-30T13:03:38","modified_gmt":"2016-07-30T11:03:38","slug":"por-que-ser-misionero-vicentino","status":"publish","type":"post","link":"https:\/\/vincentians.com\/es\/por-que-ser-misionero-vicentino\/","title":{"rendered":"\u00bfPor qu\u00e9 ser Misionero Vicentino?"},"content":{"rendered":"<p>Te invitamos a conocer nuestra Congregaci\u00f3n compuesta de Hermanos y Sacerdotes, presentes en todo el mundo y en Chile desde 1854, fundada por San Vicente de Pa\u00fal con el fin de asistir espiritualmente a los m\u00e1s pobres y desvalidos, nuestros amos y se\u00f1ores.<\/p>\n<div class=\"x-resp-embed x-is-video x-is-youtube\"><iframe loading=\"lazy\" title=\"\u00bfPor qu\u00e9 ser Misionero Vicentino?\" width=\"846\" height=\"635\" src=\"https:\/\/www.youtube.com\/embed\/KWfrq58L1Ek?feature=oembed\" frameborder=\"0\" allow=\"accelerometer; autoplay; clipboard-write; encrypted-media; gyroscope; picture-in-picture; web-share\" referrerpolicy=\"strict-origin-when-cross-origin\" allowfullscreen><\/iframe><\/div>\n","protected":false},"excerpt":{"rendered":"<p>Te invitamos a conocer nuestra Congregaci\u00f3n compuesta de Hermanos y Sacerdotes, presentes en todo el mundo y en Chile desde 1854, fundada por San Vicente de Pa\u00fal con el fin de asistir espiritualmente a los &#8230; <a href=\"https:\/\/vincentians.com\/es\/por-que-ser-misionero-vicentino\/\" class=\"more-link\">Read More<\/a><\/p>\n","protected":false},"author":4,"featured_media":37402,"comment_status":"open","ping_status":"open","sticky":false,"template":"","format":"standard","meta":{"jetpack_post_was_ever_published":false,"_jetpack_newsletter_access":"","_jetpack_dont_email_post_to_subs":false,"_jetpack_newsletter_tier_id":0,"_jetpack_memberships_contains_paywalled_content":false,"_jetpack_memberships_contains_paid_content":false,"footnotes":"","jetpack_publicize_message":"","jetpack_publicize_feature_enabled":true,"jetpack_social_post_already_shared":true,"jetpack_social_options":{"image_generator_settings":{"template":"highway","default_image_id":0,"font":"","enabled":false},"version":2}},"categories":[16,282],"tags":[],"class_list":["post-48756","post","type-post","status-publish","format-standard","has-post-thumbnail","hentry","category-congregacion-de-la-mision","category-pastoral-vocacional"],"yoast_head":"<!-- This site is optimized with the Yoast SEO plugin v26.3 - https:\/\/yoast.com\/wordpress\/plugins\/seo\/ -->\n<title>\u00bfPor qu\u00e9 ser Misionero Vicentino? - Somos Vicencianos<\/title>\n<meta name=\"robots\" content=\"index, follow, max-snippet:-1, max-image-preview:large, max-video-preview:-1\" \/>\n<link rel=\"canonical\" href=\"http:\/\/vincentians.com\/es\/por-que-ser-misionero-vicentino\/\" \/>\n<meta property=\"og:locale\" content=\"es_ES\" \/>\n<meta property=\"og:type\" content=\"article\" \/>\n<meta property=\"og:title\" content=\"\u00bfPor qu\u00e9 ser Misionero Vicentino? - Somos Vicencianos\" \/>\n<meta property=\"og:description\" content=\"Te invitamos a conocer nuestra Congregaci\u00f3n compuesta de Hermanos y Sacerdotes, presentes en todo el mundo y en Chile desde 1854, fundada por San Vicente de Pa\u00fal con el fin de asistir espiritualmente a los ... Read More\" \/>\n<meta property=\"og:url\" content=\"http:\/\/vincentians.com\/es\/por-que-ser-misionero-vicentino\/\" \/>\n<meta property=\"og:site_name\" content=\"Somos Vicencianos\" \/>\n<meta property=\"article:publisher\" content=\"https:\/\/www.facebook.com\/WeAreVincentians\/\" \/>\n<meta property=\"article:author\" content=\"https:\/\/www.facebook.com\/JavierChento\" \/>\n<meta property=\"article:published_time\" content=\"2011-08-27T04:32:38+00:00\" \/>\n<meta property=\"article:modified_time\" content=\"2016-07-30T11:03:38+00:00\" \/>\n<meta name=\"author\" content=\"Francisco Javier Fern\u00e1ndez Chento\" \/>\n<meta name=\"twitter:card\" content=\"summary_large_image\" \/>\n<meta name=\"twitter:creator\" content=\"@https:\/\/twitter.com\/javierchento\" \/>\n<meta name=\"twitter:site\" content=\"@WeVincentians\" \/>\n<meta name=\"twitter:label1\" content=\"Escrito por\" \/>\n\t<meta name=\"twitter:data1\" content=\"Francisco Javier Fern\u00e1ndez Chento\" \/>\n<script type=\"application\/ld+json\" class=\"yoast-schema-graph\">{\"@context\":\"https:\/\/schema.org\",\"@graph\":[{\"@type\":\"Article\",\"@id\":\"http:\/\/vincentians.com\/es\/por-que-ser-misionero-vicentino\/#article\",\"isPartOf\":{\"@id\":\"http:\/\/vincentians.com\/es\/por-que-ser-misionero-vicentino\/\"},\"author\":{\"name\":\"Francisco Javier Fern\u00e1ndez Chento\",\"@id\":\"http:\/\/vincentians.com\/es\/#\/schema\/person\/9623ef4d9aa3b2dfb8c061f1499288f2\"},\"headline\":\"\u00bfPor qu\u00e9 ser Misionero Vicentino?\",\"datePublished\":\"2011-08-27T04:32:38+00:00\",\"dateModified\":\"2016-07-30T11:03:38+00:00\",\"mainEntityOfPage\":{\"@id\":\"http:\/\/vincentians.com\/es\/por-que-ser-misionero-vicentino\/\"},\"wordCount\":60,\"commentCount\":1,\"publisher\":{\"@id\":\"http:\/\/vincentians.com\/es\/#organization\"},\"image\":{\"@id\":\"http:\/\/vincentians.com\/es\/por-que-ser-misionero-vicentino\/#primaryimage\"},\"thumbnailUrl\":\"\",\"articleSection\":[\"Congregaci\u00f3n de la Misi\u00f3n\",\"Pastoral Vocacional\"],\"inLanguage\":\"es\",\"potentialAction\":[{\"@type\":\"CommentAction\",\"name\":\"Comment\",\"target\":[\"http:\/\/vincentians.com\/es\/por-que-ser-misionero-vicentino\/#respond\"]}]},{\"@type\":\"WebPage\",\"@id\":\"http:\/\/vincentians.com\/es\/por-que-ser-misionero-vicentino\/\",\"url\":\"http:\/\/vincentians.com\/es\/por-que-ser-misionero-vicentino\/\",\"name\":\"\u00bfPor qu\u00e9 ser Misionero Vicentino? - Somos Vicencianos\",\"isPartOf\":{\"@id\":\"http:\/\/vincentians.com\/es\/#website\"},\"primaryImageOfPage\":{\"@id\":\"http:\/\/vincentians.com\/es\/por-que-ser-misionero-vicentino\/#primaryimage\"},\"image\":{\"@id\":\"http:\/\/vincentians.com\/es\/por-que-ser-misionero-vicentino\/#primaryimage\"},\"thumbnailUrl\":\"\",\"datePublished\":\"2011-08-27T04:32:38+00:00\",\"dateModified\":\"2016-07-30T11:03:38+00:00\",\"breadcrumb\":{\"@id\":\"http:\/\/vincentians.com\/es\/por-que-ser-misionero-vicentino\/#breadcrumb\"},\"inLanguage\":\"es\",\"potentialAction\":[{\"@type\":\"ReadAction\",\"target\":[\"http:\/\/vincentians.com\/es\/por-que-ser-misionero-vicentino\/\"]}]},{\"@type\":\"ImageObject\",\"inLanguage\":\"es\",\"@id\":\"http:\/\/vincentians.com\/es\/por-que-ser-misionero-vicentino\/#primaryimage\",\"url\":\"\",\"contentUrl\":\"\"},{\"@type\":\"BreadcrumbList\",\"@id\":\"http:\/\/vincentians.com\/es\/por-que-ser-misionero-vicentino\/#breadcrumb\",\"itemListElement\":[{\"@type\":\"ListItem\",\"position\":1,\"name\":\"Portada\",\"item\":\"http:\/\/vincentians.com\/es\/\"},{\"@type\":\"ListItem\",\"position\":2,\"name\":\"\u00bfPor qu\u00e9 ser Misionero Vicentino?\"}]},{\"@type\":\"WebSite\",\"@id\":\"http:\/\/vincentians.com\/es\/#website\",\"url\":\"http:\/\/vincentians.com\/es\/\",\"name\":\"Somos Vicencianos\",\"description\":\"Know more to serve more\",\"publisher\":{\"@id\":\"http:\/\/vincentians.com\/es\/#organization\"},\"potentialAction\":[{\"@type\":\"SearchAction\",\"target\":{\"@type\":\"EntryPoint\",\"urlTemplate\":\"http:\/\/vincentians.com\/es\/?s={search_term_string}\"},\"query-input\":{\"@type\":\"PropertyValueSpecification\",\"valueRequired\":true,\"valueName\":\"search_term_string\"}}],\"inLanguage\":\"es\"},{\"@type\":\"Organization\",\"@id\":\"http:\/\/vincentians.com\/es\/#organization\",\"name\":\"The Vincentian Network\",\"url\":\"http:\/\/vincentians.com\/es\/\",\"logo\":{\"@type\":\"ImageObject\",\"inLanguage\":\"es\",\"@id\":\"http:\/\/vincentians.com\/es\/#\/schema\/logo\/image\/\",\"url\":\"https:\/\/i1.wp.com\/vincentians.com\/es\/wp-content\/uploads\/sites\/11\/2016\/06\/Vincentian-Network-logo-big.png?fit=778%2C778\",\"contentUrl\":\"https:\/\/i1.wp.com\/vincentians.com\/es\/wp-content\/uploads\/sites\/11\/2016\/06\/Vincentian-Network-logo-big.png?fit=778%2C778\",\"width\":778,\"height\":778,\"caption\":\"The Vincentian Network\"},\"image\":{\"@id\":\"http:\/\/vincentians.com\/es\/#\/schema\/logo\/image\/\"},\"sameAs\":[\"https:\/\/www.facebook.com\/WeAreVincentians\/\",\"https:\/\/x.com\/WeVincentians\"]},{\"@type\":\"Person\",\"@id\":\"http:\/\/vincentians.com\/es\/#\/schema\/person\/9623ef4d9aa3b2dfb8c061f1499288f2\",\"name\":\"Francisco Javier Fern\u00e1ndez Chento\",\"image\":{\"@type\":\"ImageObject\",\"inLanguage\":\"es\",\"@id\":\"http:\/\/vincentians.com\/es\/#\/schema\/person\/image\/\",\"url\":\"https:\/\/secure.gravatar.com\/avatar\/497d5cde87b4c3d097d0315953521681ba2cd523ee66e5077c3711f7021e65de?s=96&d=mm&r=g\",\"contentUrl\":\"https:\/\/secure.gravatar.com\/avatar\/497d5cde87b4c3d097d0315953521681ba2cd523ee66e5077c3711f7021e65de?s=96&d=mm&r=g\",\"caption\":\"Francisco Javier Fern\u00e1ndez Chento\"},\"description\":\"Director General y cofundador de La Red de Formaci\u00f3n Vicenciana. Javier es laico vicenciano, afiliado a la Congregaci\u00f3n de la Misi\u00f3n y miembro del Equipo de Misiones Populares de la provincia can\u00f3nica de Zaragoza (Espa\u00f1a) de la Congregaci\u00f3n de la Misi\u00f3n. Graduado en la Universidad Oberta de Catalunya con cuatro grados (Asistente de direcci\u00f3n, Gesti\u00f3n Administrativa, Recursos Humanos y Contabilidad Avanzada). Bil\u00edng\u00fce Espa\u00f1ol\/Ingl\u00e9s. gestiona y mantiene varias p\u00e1ginas web cristianas y vicencianas, incluida including La Red de Formaci\u00f3n Vicenciana, de la que es cofundador. Actualmente es responsable del \u00e1rea de Espa\u00f1ol de .famvin, la Red de Noticias de la Familia Vicenciana. Tambi\u00e9n es m\u00fasico cat\u00f3lico y ha editado varios discos. Es Director General y cofundador de Trovador, una reconocida compa\u00f1\u00eda discogr\u00e1fica critiana de Espa\u00f1a. Trabaja en las Tecnolog\u00edas de la Informaci\u00f3n, ofreciendo servicios de alojamiento, dise\u00f1o y mantenimiento Web, as\u00ed como asesoramiento, formaci\u00f3n y soluciones inform\u00e1ticas, gesti\u00f3n documental y digitalizaci\u00f3n de textos, edici\u00f3n y maquetaci\u00f3n de libros, revistas, flyers, etc.\",\"sameAs\":[\"http:\/\/chento.org\",\"https:\/\/www.facebook.com\/JavierChento\",\"https:\/\/x.com\/https:\/\/twitter.com\/javierchento\"],\"url\":\"https:\/\/vincentians.com\/es\/author\/chento\/\"}]}<\/script>\n<!-- \/ Yoast SEO plugin. -->","yoast_head_json":{"title":"\u00bfPor qu\u00e9 ser Misionero Vicentino? - Somos Vicencianos","robots":{"index":"index","follow":"follow","max-snippet":"max-snippet:-1","max-image-preview":"max-image-preview:large","max-video-preview":"max-video-preview:-1"},"canonical":"http:\/\/vincentians.com\/es\/por-que-ser-misionero-vicentino\/","og_locale":"es_ES","og_type":"article","og_title":"\u00bfPor qu\u00e9 ser Misionero Vicentino? - Somos Vicencianos","og_description":"Te invitamos a conocer nuestra Congregaci\u00f3n compuesta de Hermanos y Sacerdotes, presentes en todo el mundo y en Chile desde 1854, fundada por San Vicente de Pa\u00fal con el fin de asistir espiritualmente a los ... Read More","og_url":"http:\/\/vincentians.com\/es\/por-que-ser-misionero-vicentino\/","og_site_name":"Somos Vicencianos","article_publisher":"https:\/\/www.facebook.com\/WeAreVincentians\/","article_author":"https:\/\/www.facebook.com\/JavierChento","article_published_time":"2011-08-27T04:32:38+00:00","article_modified_time":"2016-07-30T11:03:38+00:00","author":"Francisco Javier Fern\u00e1ndez Chento","twitter_card":"summary_large_image","twitter_creator":"@https:\/\/twitter.com\/javierchento","twitter_site":"@WeVincentians","twitter_misc":{"Escrito por":"Francisco Javier Fern\u00e1ndez Chento"},"schema":{"@context":"https:\/\/schema.org","@graph":[{"@type":"Article","@id":"http:\/\/vincentians.com\/es\/por-que-ser-misionero-vicentino\/#article","isPartOf":{"@id":"http:\/\/vincentians.com\/es\/por-que-ser-misionero-vicentino\/"},"author":{"name":"Francisco Javier Fern\u00e1ndez Chento","@id":"http:\/\/vincentians.com\/es\/#\/schema\/person\/9623ef4d9aa3b2dfb8c061f1499288f2"},"headline":"\u00bfPor qu\u00e9 ser Misionero Vicentino?","datePublished":"2011-08-27T04:32:38+00:00","dateModified":"2016-07-30T11:03:38+00:00","mainEntityOfPage":{"@id":"http:\/\/vincentians.com\/es\/por-que-ser-misionero-vicentino\/"},"wordCount":60,"commentCount":1,"publisher":{"@id":"http:\/\/vincentians.com\/es\/#organization"},"image":{"@id":"http:\/\/vincentians.com\/es\/por-que-ser-misionero-vicentino\/#primaryimage"},"thumbnailUrl":"","articleSection":["Congregaci\u00f3n de la Misi\u00f3n","Pastoral Vocacional"],"inLanguage":"es","potentialAction":[{"@type":"CommentAction","name":"Comment","target":["http:\/\/vincentians.com\/es\/por-que-ser-misionero-vicentino\/#respond"]}]},{"@type":"WebPage","@id":"http:\/\/vincentians.com\/es\/por-que-ser-misionero-vicentino\/","url":"http:\/\/vincentians.com\/es\/por-que-ser-misionero-vicentino\/","name":"\u00bfPor qu\u00e9 ser Misionero Vicentino? - Somos Vicencianos","isPartOf":{"@id":"http:\/\/vincentians.com\/es\/#website"},"primaryImageOfPage":{"@id":"http:\/\/vincentians.com\/es\/por-que-ser-misionero-vicentino\/#primaryimage"},"image":{"@id":"http:\/\/vincentians.com\/es\/por-que-ser-misionero-vicentino\/#primaryimage"},"thumbnailUrl":"","datePublished":"2011-08-27T04:32:38+00:00","dateModified":"2016-07-30T11:03:38+00:00","breadcrumb":{"@id":"http:\/\/vincentians.com\/es\/por-que-ser-misionero-vicentino\/#breadcrumb"},"inLanguage":"es","potentialAction":[{"@type":"ReadAction","target":["http:\/\/vincentians.com\/es\/por-que-ser-misionero-vicentino\/"]}]},{"@type":"ImageObject","inLanguage":"es","@id":"http:\/\/vincentians.com\/es\/por-que-ser-misionero-vicentino\/#primaryimage","url":"","contentUrl":""},{"@type":"BreadcrumbList","@id":"http:\/\/vincentians.com\/es\/por-que-ser-misionero-vicentino\/#breadcrumb","itemListElement":[{"@type":"ListItem","position":1,"name":"Portada","item":"http:\/\/vincentians.com\/es\/"},{"@type":"ListItem","position":2,"name":"\u00bfPor qu\u00e9 ser Misionero Vicentino?"}]},{"@type":"WebSite","@id":"http:\/\/vincentians.com\/es\/#website","url":"http:\/\/vincentians.com\/es\/","name":"Somos Vicencianos","description":"Know more to serve more","publisher":{"@id":"http:\/\/vincentians.com\/es\/#organization"},"potentialAction":[{"@type":"SearchAction","target":{"@type":"EntryPoint","urlTemplate":"http:\/\/vincentians.com\/es\/?s={search_term_string}"},"query-input":{"@type":"PropertyValueSpecification","valueRequired":true,"valueName":"search_term_string"}}],"inLanguage":"es"},{"@type":"Organization","@id":"http:\/\/vincentians.com\/es\/#organization","name":"The Vincentian Network","url":"http:\/\/vincentians.com\/es\/","logo":{"@type":"ImageObject","inLanguage":"es","@id":"http:\/\/vincentians.com\/es\/#\/schema\/logo\/image\/","url":"https:\/\/i1.wp.com\/vincentians.com\/es\/wp-content\/uploads\/sites\/11\/2016\/06\/Vincentian-Network-logo-big.png?fit=778%2C778","contentUrl":"https:\/\/i1.wp.com\/vincentians.com\/es\/wp-content\/uploads\/sites\/11\/2016\/06\/Vincentian-Network-logo-big.png?fit=778%2C778","width":778,"height":778,"caption":"The Vincentian Network"},"image":{"@id":"http:\/\/vincentians.com\/es\/#\/schema\/logo\/image\/"},"sameAs":["https:\/\/www.facebook.com\/WeAreVincentians\/","https:\/\/x.com\/WeVincentians"]},{"@type":"Person","@id":"http:\/\/vincentians.com\/es\/#\/schema\/person\/9623ef4d9aa3b2dfb8c061f1499288f2","name":"Francisco Javier Fern\u00e1ndez Chento","image":{"@type":"ImageObject","inLanguage":"es","@id":"http:\/\/vincentians.com\/es\/#\/schema\/person\/image\/","url":"https:\/\/secure.gravatar.com\/avatar\/497d5cde87b4c3d097d0315953521681ba2cd523ee66e5077c3711f7021e65de?s=96&d=mm&r=g","contentUrl":"https:\/\/secure.gravatar.com\/avatar\/497d5cde87b4c3d097d0315953521681ba2cd523ee66e5077c3711f7021e65de?s=96&d=mm&r=g","caption":"Francisco Javier Fern\u00e1ndez Chento"},"description":"Director General y cofundador de La Red de Formaci\u00f3n Vicenciana. Javier es laico vicenciano, afiliado a la Congregaci\u00f3n de la Misi\u00f3n y miembro del Equipo de Misiones Populares de la provincia can\u00f3nica de Zaragoza (Espa\u00f1a) de la Congregaci\u00f3n de la Misi\u00f3n. Graduado en la Universidad Oberta de Catalunya con cuatro grados (Asistente de direcci\u00f3n, Gesti\u00f3n Administrativa, Recursos Humanos y Contabilidad Avanzada). Bil\u00edng\u00fce Espa\u00f1ol\/Ingl\u00e9s. gestiona y mantiene varias p\u00e1ginas web cristianas y vicencianas, incluida including La Red de Formaci\u00f3n Vicenciana, de la que es cofundador. Actualmente es responsable del \u00e1rea de Espa\u00f1ol de .famvin, la Red de Noticias de la Familia Vicenciana. Tambi\u00e9n es m\u00fasico cat\u00f3lico y ha editado varios discos. Es Director General y cofundador de Trovador, una reconocida compa\u00f1\u00eda discogr\u00e1fica critiana de Espa\u00f1a. Trabaja en las Tecnolog\u00edas de la Informaci\u00f3n, ofreciendo servicios de alojamiento, dise\u00f1o y mantenimiento Web, as\u00ed como asesoramiento, formaci\u00f3n y soluciones inform\u00e1ticas, gesti\u00f3n documental y digitalizaci\u00f3n de textos, edici\u00f3n y maquetaci\u00f3n de libros, revistas, flyers, etc.","sameAs":["http:\/\/chento.org","https:\/\/www.facebook.com\/JavierChento","https:\/\/x.com\/https:\/\/twitter.com\/javierchento"],"url":"https:\/\/vincentians.com\/es\/author\/chento\/"}]}},"jetpack_publicize_connections":[],"jetpack_featured_media_url":"","jetpack_sharing_enabled":true,"jetpack_shortlink":"https:\/\/wp.me\/p7ETMF-cGo","jetpack-related-posts":[{"id":124417,"url":"https:\/\/vincentians.com\/es\/de-la-religion-de-san-pedro-ii\/","url_meta":{"origin":48756,"position":0},"title":"De la religi\u00f3n de san Pedro (II)","author":"Francisco Javier Fern\u00e1ndez Chento","date":"19\/04\/2023","format":false,"excerpt":"SECULARIDAD DE LA CONGREGACI\u00d3N DE LA MISI\u00d3N Ser\u00e1 del cuerpo del clero secular (X, 437) 14.- Son muchas las veces que san Vicente dijo que los misioneros no eran religiosos, sino del clero secular. El Breve \"Ex Commissa Nobis\" afirma que, no obstante los votos simples de pobreza, castidad, obediencia\u2026","rel":"","context":"En \u00abFormaci\u00f3n Vicenciana\u00bb","block_context":{"text":"Formaci\u00f3n Vicenciana","link":"https:\/\/vincentians.com\/es\/category\/formacion-vicenciana\/"},"img":{"alt_text":"","src":"https:\/\/i0.wp.com\/vincentians.com\/es\/wp-content\/uploads\/sites\/11\/2013\/05\/Almeria-2.jpg?fit=600%2C400&ssl=1&resize=350%2C200","width":350,"height":200,"srcset":"https:\/\/i0.wp.com\/vincentians.com\/es\/wp-content\/uploads\/sites\/11\/2013\/05\/Almeria-2.jpg?fit=600%2C400&ssl=1&resize=350%2C200 1x, https:\/\/i0.wp.com\/vincentians.com\/es\/wp-content\/uploads\/sites\/11\/2013\/05\/Almeria-2.jpg?fit=600%2C400&ssl=1&resize=525%2C300 1.5x"},"classes":[]},{"id":132576,"url":"https:\/\/vincentians.com\/es\/manual-para-afiliados-a-la-congregacion-de-la-mision-en-colombia\/","url_meta":{"origin":48756,"position":1},"title":"Manual para Afiliados a la Congregaci\u00f3n de la Misi\u00f3n en Colombia","author":"Francisco Javier Fern\u00e1ndez Chento","date":"11\/12\/2014","format":false,"excerpt":"1. Justificaci\u00f3n: La inmensa mayor\u00eda de los miembros de la Familia Vicentina en el mundo y en Colombia, son laicos Existe un grupo considerable de afiliados a la Congregaci\u00f3n de la Misi\u00f3n en Colombia Hay poco conocimiento mutuo entre la Congregaci\u00f3n y sus afiliados laicos : ni ellos saben mucho\u2026","rel":"","context":"En \u00abDocumentos de otras Ramas e Instituciones vicencianas\u00bb","block_context":{"text":"Documentos de otras Ramas e Instituciones vicencianas","link":"https:\/\/vincentians.com\/es\/category\/formacion-vicenciana\/documentos-oficiales-de-la-familia-vicenciana\/documentos-de-otras-ramas-e-instituciones-vicencianas\/"},"img":{"alt_text":"logo_afiliados","src":"https:\/\/i0.wp.com\/vicencianos.org\/wp-content\/2014\/12\/logo_afiliados-300x291.jpg?resize=350%2C200","width":350,"height":200},"classes":[]},{"id":124579,"url":"https:\/\/vincentians.com\/es\/los-miembros-de-la-congregacion-de-la-mision-emiten-votos-i\/","url_meta":{"origin":48756,"position":2},"title":"Los miembros de la Congregaci\u00f3n de la Misi\u00f3n emiten votos (I)","author":"Francisco Javier Fern\u00e1ndez Chento","date":"01\/07\/2023","format":false,"excerpt":"DE LOS VOTOS SIMPLES A LOS VOTOS \"NO RELIGIOSOS\" 1.- Votos privados - simples Confirmamos y aprobamos por la presente dicha Congregaci\u00f3n de la Misi\u00f3n,... con la emisi\u00f3n de los votos simples... no intervendr\u00e1 nadie que los acepte ni en nombre de de la Congregaci\u00f3n, ni en el Nuestro o\u2026","rel":"","context":"En \u00abFormaci\u00f3n Vicenciana\u00bb","block_context":{"text":"Formaci\u00f3n Vicenciana","link":"https:\/\/vincentians.com\/es\/category\/formacion-vicenciana\/"},"img":{"alt_text":"","src":"https:\/\/i0.wp.com\/vincentians.com\/es\/wp-content\/uploads\/sites\/11\/2016\/11\/400es-01-copy.png?fit=1200%2C936&ssl=1&resize=350%2C200","width":350,"height":200,"srcset":"https:\/\/i0.wp.com\/vincentians.com\/es\/wp-content\/uploads\/sites\/11\/2016\/11\/400es-01-copy.png?fit=1200%2C936&ssl=1&resize=350%2C200 1x, https:\/\/i0.wp.com\/vincentians.com\/es\/wp-content\/uploads\/sites\/11\/2016\/11\/400es-01-copy.png?fit=1200%2C936&ssl=1&resize=525%2C300 1.5x, https:\/\/i0.wp.com\/vincentians.com\/es\/wp-content\/uploads\/sites\/11\/2016\/11\/400es-01-copy.png?fit=1200%2C936&ssl=1&resize=700%2C400 2x, https:\/\/i0.wp.com\/vincentians.com\/es\/wp-content\/uploads\/sites\/11\/2016\/11\/400es-01-copy.png?fit=1200%2C936&ssl=1&resize=1050%2C600 3x"},"classes":[]},{"id":116845,"url":"https:\/\/vincentians.com\/es\/la-congregacion-vicenciana-del-rito-siro-malabar-india\/","url_meta":{"origin":48756,"position":3},"title":"La Congregaci\u00f3n Vicenciana del rito Siro-Malabar (India)","author":"Francisco Javier Fern\u00e1ndez Chento","date":"15\/06\/2016","format":false,"excerpt":"Historia y desarrollo La INDIA es un pa\u00eds extens\u00edsimo y sumamente variado. Hacia el sur de la misma y a lo largo de la estrecha franja de su costa occidental est\u00e1 situada la regi\u00f3n denominada Malabar y tambi\u00e9n Kerala, que, con raz\u00f3n, se considera como \"el Jard\u00edn de la India\".\u2026","rel":"","context":"En \u00abCongregaci\u00f3n Vicenciana del rito Siro-Malabar\u00bb","block_context":{"text":"Congregaci\u00f3n Vicenciana del rito Siro-Malabar","link":"https:\/\/vincentians.com\/es\/category\/la-familia-vicenciana\/ramas\/congregacion-vicenciana-del-rito-siro-malabar\/"},"img":{"alt_text":"asd","src":"https:\/\/i0.wp.com\/vicencianos.org\/wp-content\/uploads\/2013\/01\/asd-3-137x300.jpg?resize=350%2C200","width":350,"height":200},"classes":[]},{"id":386896,"url":"https:\/\/vincentians.com\/es\/saludo-del-superior-general-en-la-fiesta-de-la-congregacion-de-la-mision\/","url_meta":{"origin":48756,"position":4},"title":"Saludo del Superior General, en la fiesta de la Congregaci\u00f3n de la Misi\u00f3n","author":"Francisco Javier Fern\u00e1ndez Chento","date":"25\/01\/2016","format":"video","excerpt":"https:\/\/www.youtube.com\/watch?v=Kq5xTyJ7wPc \u00a0 Mis queridos hermanos de la Congregaci\u00f3n de la Misi\u00f3n: Con mucha alegr\u00eda tengo la oportunidad de felicitarles, en este d\u00eda en el que celebramos el aniversario de nuestra fundaci\u00f3n, en la fiesta de la conversi\u00f3n de san Pablo, un d\u00eda que marc\u00f3 la vida de san Vicente de\u2026","rel":"","context":"En \u00abCongregaci\u00f3n de la Misi\u00f3n\u00bb","block_context":{"text":"Congregaci\u00f3n de la Misi\u00f3n","link":"https:\/\/vincentians.com\/es\/category\/la-familia-vicenciana\/ramas\/congregacion-de-la-mision\/"},"img":{"alt_text":"","src":"https:\/\/i0.wp.com\/img.youtube.com\/vi\/Kq5xTyJ7wPc\/0.jpg?resize=350%2C200","width":350,"height":200},"classes":[]},{"id":142307,"url":"https:\/\/vincentians.com\/es\/vivir-y-morir-en-la-congregacion\/","url_meta":{"origin":48756,"position":5},"title":"Vivir y morir en la Congregaci\u00f3n","author":"Francisco Javier Fern\u00e1ndez Chento","date":"11\/04\/2015","format":false,"excerpt":"\u00abEl que echa la mano al ara\u00addo y sigue mirando atr\u00e1s no vale para el Reino de Dios\u00bb. (Lc 9,62). \u00abPor el voto espec\u00edfico de es\u00adtabilidad nos comprometernos a permanecer toda la vida en la Congregaci\u00f3n dedicados a conseguir su fin, realizando las obras que nos prescriban los Superiores, seg\u00fan\u2026","rel":"","context":"En \u00abEspiritualidad vicenciana\u00bb","block_context":{"text":"Espiritualidad vicenciana","link":"https:\/\/vincentians.com\/es\/category\/espiritualidad\/espiritualidad-vicenciana\/"},"img":{"alt_text":"logo-CM","src":"https:\/\/i0.wp.com\/vicencianos.org\/wp-content\/2015\/03\/logo-CM-300x300.jpg?resize=350%2C200","width":350,"height":200},"classes":[]}],"_links":{"self":[{"href":"https:\/\/vincentians.com\/es\/wp-json\/wp\/v2\/posts\/48756","targetHints":{"allow":["GET"]}}],"collection":[{"href":"https:\/\/vincentians.com\/es\/wp-json\/wp\/v2\/posts"}],"about":[{"href":"https:\/\/vincentians.com\/es\/wp-json\/wp\/v2\/types\/post"}],"author":[{"embeddable":true,"href":"https:\/\/vincentians.com\/es\/wp-json\/wp\/v2\/users\/4"}],"replies":[{"embeddable":true,"href":"https:\/\/vincentians.com\/es\/wp-json\/wp\/v2\/comments?post=48756"}],"version-history":[{"count":0,"href":"https:\/\/vincentians.com\/es\/wp-json\/wp\/v2\/posts\/48756\/revisions"}],"wp:featuredmedia":[{"embeddable":true,"href":"https:\/\/vincentians.com\/es\/wp-json\/"}],"wp:attachment":[{"href":"https:\/\/vincentians.com\/es\/wp-json\/wp\/v2\/media?parent=48756"}],"wp:term":[{"taxonomy":"category","embeddable":true,"href":"https:\/\/vincentians.com\/es\/wp-json\/wp\/v2\/categories?post=48756"},{"taxonomy":"post_tag","embeddable":true,"href":"https:\/\/vincentians.com\/es\/wp-json\/wp\/v2\/tags?post=48756"}],"curies":[{"name":"wp","href":"https:\/\/api.w.org\/{rel}","templated":true}]}}