{"id":48635,"date":"2015-02-02T09:20:36","date_gmt":"2015-02-02T08:20:36","guid":{"rendered":"http:\/\/somos.vicencianos.org\/?p=48635"},"modified":"2015-02-02T09:20:36","modified_gmt":"2015-02-02T08:20:36","slug":"desarrollo-genealogico-de-la-familia-vicenciana","status":"publish","type":"post","link":"https:\/\/vincentians.com\/es\/desarrollo-genealogico-de-la-familia-vicenciana\/","title":{"rendered":"Desarrollo geneal\u00f3gico de la Familia Vicenciana"},"content":{"rendered":"<div>\n<p><a href=\"https:\/\/i0.wp.com\/vicencianos.org\/wp-content\/2010\/03\/arbol_vicenciano_color1.jpg\"><img data-recalc-dims=\"1\" loading=\"lazy\" decoding=\"async\" class=\"alignright size-medium wp-image-25784\" title=\"arbol_vicenciano_color\" src=\"https:\/\/i0.wp.com\/vicencianos.org\/wp-content\/2010\/03\/arbol_vicenciano_color1-252x300.jpg?resize=252%2C300\" alt=\"\" width=\"252\" height=\"300\" \/><\/a>Desde 1617 la Familia Vicenciana ha ido creciendo hasta incluir varios centenares de agrupaciones femeninas y masculinas, laicas y religiosas, cat\u00f3licas y no cat\u00f3licas. Este hecho es un testimonio evidente del fuerte impacto que ha producido la vida de un hombre extraordinario, del que se celebrar\u00e1n en el a\u00f1o 2.000 los cuatrocientos a\u00f1os de ordenaci\u00f3n sacerdotal. Este aniversario nos recordar\u00e1 una vez m\u00e1s la extraordinaria herencia de caridad y evangelizaci\u00f3n que Vicente de Pa\u00fal (1581-1660) dej\u00f3 a su descendencia espiritual.<\/p>\n<p>Desde su origen en Francia en el siglo XVII el esp\u00edritu de san Vicente, su misi\u00f3n y sus Reglas, adapt\u00e1ndose a muy diversas culturas, ha venido a convertirse en un \u00e1rbol frondoso. Las ramas m\u00e1s importantes son las asociaciones con las que san Vicente tuvo relaci\u00f3n personal directa, las que le reconocen como su patr\u00f3n, y tambi\u00e9n las que han sido fundadas por miembros de las que fund\u00f3 \u00e9l mismo. Otra rama importante la forman las muchas congregaciones fundadas sobre las <em>Reglas Comunes de las Hijas de la Caridad<\/em>, reglas que son fruto de la colaboraci\u00f3n durante m\u00e1s de treinta a\u00f1os entre san Vicente y santa Luisa de Marillac (1591-1660).<span id='easy-footnote-1-48635' class='easy-footnote-margin-adjust'><\/span><span class='easy-footnote'><a href='https:\/\/vincentians.com\/es\/desarrollo-genealogico-de-la-familia-vicenciana\/#easy-footnote-bottom-1-48635' title='John Rybolt, C.M: , \u00abFrom Life to the Rules: The Genesis of the Rules of the Daughters of Charity\u00bb &lt;em&gt;Vincentian Heritage&lt;\/em&gt; 12:2 (Fall 1991: 173-99). V\u00e9ase tambi\u00e9n Miguel P\u00e9rez Flores, \u00abLas reglas comunes de las hijas de la caridad\u00bb, ed. Ceme, Salamanca, 1989.'><sup>1<\/sup><\/a><\/span> En otras ramas del \u00e1rbol vicenciano se encuentran varias instituciones que participan de la vocaci\u00f3n de san Vicente de servir a Jesucristo en los pobres con un esp\u00edritu de sencillez, humildad y caridad.<\/p>\n<h2><strong>Objetivo<\/strong><\/h2>\n<p>El Vincentian Studies Institute, dedicado a promover el inter\u00e9s por la herencia vicenciana, nos encomend\u00f3 el trabajo de investigar desde un punto de vista geneal\u00f3gico el desarrollo hist\u00f3rico de la Familia Vicenciana en todo el mundo.<span id='easy-footnote-2-48635' class='easy-footnote-margin-adjust'><\/span><span class='easy-footnote'><a href='https:\/\/vincentians.com\/es\/desarrollo-genealogico-de-la-familia-vicenciana\/#easy-footnote-bottom-2-48635' title='The Vincentian Studies Institute (Instituto de Estudios Vicencianos) es promovido por las provincias de las hijas de la caridad y de la Congregaci\u00f3n de la Misi\u00f3n de los Estados Unidos. Se puede contactar con el instituto a trav\u00e9s del padre Edward Udovic, C.M., presidente, DePaul University, 2233 North Kenmore Avenue, Chicago, IL 60614-3594 USA (Tel. 773-325- 7348, FAX 773-325-7279, E-mail: eudovic@wppost.depaul.edu).'><sup>2<\/sup><\/a><\/span> El resultado de este trabajo, bautizado como <em>Family Tree Project<\/em>, ha sido<em> The Vincentian Family Tree (El \u00e1rbol geneal\u00f3gico de la familia Vicenciana),<\/em> que puede proporcionar datos de inter\u00e9s para futuras investigaciones.<span id='easy-footnote-3-48635' class='easy-footnote-margin-adjust'><\/span><span class='easy-footnote'><a href='https:\/\/vincentians.com\/es\/desarrollo-genealogico-de-la-familia-vicenciana\/#easy-footnote-bottom-3-48635' title='Betty Ann McNeil, Hija de la Caridad, &lt;em&gt;Monograph I. The Vincentian Family Tree&lt;\/em&gt; (Vincentian Studies Institute: 1996) se puede conseguir de la DePaul University Bookstore, Vincentian Heritage Department, 2419 North Sheffield Avenue, Chicago, IL 60614 (Tel.1-800-700-8086; FAX 312-325-7701).'><sup>3<\/sup><\/a><\/span>\n<p>El<em> Family Tree Project<\/em> se ha servido de criterios diversos para delimitar grupos diferenciados dentro de la amplia Familia Vicenciana. Se han usado categor\u00edas de varios niveles para definir el grado de relaci\u00f3n con san Vicente de Pa\u00fal mismo y con las instituciones-tipo que \u00e9l mismo fund\u00f3. Este estudio geneal\u00f3gico ha tenido en cuenta agrupaciones cat\u00f3licas y no cat\u00f3licas, congregaciones religiosas, sociedades de vida apost\u00f3lica, asociaciones laicas masculinas y femeninas, como criterios para identificar los grupos que confiesan alg\u00fan tipo de parentesco con Vicente de Pa\u00fal. La clasificaci\u00f3n usada por el padre Raymond Chalumeau, C.M., nos proporcion\u00f3 el marco b\u00e1sico para desarrollar nuestros propios criterios para este estudio.<span id='easy-footnote-4-48635' class='easy-footnote-margin-adjust'><\/span><span class='easy-footnote'><a href='https:\/\/vincentians.com\/es\/desarrollo-genealogico-de-la-familia-vicenciana\/#easy-footnote-bottom-4-48635' title='Raymond Chalumeau, C.M., \u00abLa descendance spirituelle de saint Vincent de Paul\u00bb. &lt;em&gt;Bulletin des Lazaristes de France&lt;\/em&gt; 69 (1979). Chalumeau utiliz\u00f3 siete criterios.'><sup>4<\/sup><\/a><\/span> Vimos la necesidad de crear criterios nuevos, as\u00ed como tambi\u00e9n factores para delimitar el grado de afinidad y de relaci\u00f3n con san Vicente. Desde un punto de vista geneal\u00f3gico, la afiliaci\u00f3n con las fundaciones del mismo san Vicente y de sus <em>Reglas Comunes<\/em> presenta la relaci\u00f3n m\u00e1s cercana, mientras que las fundaciones hechas por miembros de las instituciones de san Vicente guardan una relaci\u00f3n m\u00e1s distante.<\/p>\n<h2><strong>Metodolog\u00eda<\/strong><\/h2>\n<p>El trabajo de investigaci\u00f3n ha procedido yendo simplemente de lo conocido a lo desconocido. En un primer momento se hizo el trabajo de localizar, organizar y tomar nota de las pocas listas de comunidades Vicencianas que se han publicado en Europa, sobre todo en Francia, Espa\u00f1a e Italia.<span id='easy-footnote-5-48635' class='easy-footnote-margin-adjust'><\/span><span class='easy-footnote'><a href='https:\/\/vincentians.com\/es\/desarrollo-genealogico-de-la-familia-vicenciana\/#easy-footnote-bottom-5-48635' title='Ibid. V\u00e9ase tambi\u00e9n: Nicol\u00e1s Mas, C.M., &lt;em&gt;Fundaci\u00f3n de las Hijas de la Caridad en Espa\u00f1a&lt;\/em&gt; (106-140); &lt;em&gt;Anales de la Congregaci\u00f3n de la Misi\u00f3n,&lt;\/em&gt; 85-86 (1979) 106-140. Luigi Mezzadri, C.M. \u00abQuando la legge libera il dono\u00bb &lt;em&gt;La Regola delle Figlie della Carita di Vincenzo de&amp;#8217; Paoli&lt;\/em&gt; (Mil\u00e1n, Jaca Book, 1986), 28-31. Miguel P. Flores, \u00abLas Reglas Comunes&amp;#8230;\u00bb, pp. 40-41.'><sup>5<\/sup><\/a><\/span> Nunca se ha publicado, sin embargo, una lista completa de alcance internacional, lo que s\u00ed se hace en <em>The Vincentian Family Tree.<\/em><\/p>\n<p>La metodolog\u00eda usada aqu\u00ed ha supuesto una investigaci\u00f3n internacional, y tambi\u00e9n consultas amplias a expertos en vicencianismo, religiosos individuales y Conferencias de Superiores Mayores. Uno de los instrumentos de investigaci\u00f3n reun\u00eda datos b\u00e1sicos de identificaci\u00f3n y aspectos hist\u00f3ricos en relaci\u00f3n a algunos criterios espec\u00edficos. Se pidi\u00f3 a los encuestados que sugirieran informaci\u00f3n sobre otros grupos que tal vez pudieran ser tambi\u00e9n incluidos en el estudio.<\/p>\n<p>La encuesta, escrita en ingl\u00e9s, conten\u00eda un cuestionario de dos p\u00e1ginas, carta explicativa, un sobre con nuestra direcci\u00f3n para su devoluci\u00f3n, y un m\u00f3dulo de referencia para identificar los posibles grupos. Se tradujo todo ello al franc\u00e9s, castellano, italiano y alem\u00e1n. Se us\u00f3 un sistema ordenado en varios niveles para recoger los datos, lo que exigi\u00f3 un trabajo de investigaci\u00f3n hist\u00f3rica y de otros tipos. Se identificaron en algunas publicaciones de car\u00e1cter general (tales como <em>National Catholic Directory, The New Catholic Encyclopedia, Annuario Pontificio<\/em> y el<em> Dizionaridegli Istituti di Perfezione) <\/em>las congregaciones que pudieran tener alg\u00fan tipo de relaci\u00f3n con la Familia Vicenciana fij\u00e1ndonos en el t\u00edtulo de la congregaci\u00f3n (por ejemplo, si inclu\u00edan en \u00e9l las palabras \u00abVicente de Pa\u00fal\u00bb o \u00abCaridad\u00bb), lugar de origen, semejanza de misi\u00f3n y\/o de esp\u00edritu. Tambi\u00e9n se us\u00f3 la informaci\u00f3n sobre otros posibles grupos proporcionada por los encuestados.<\/p>\n<p>La clasificaci\u00f3n de los datos recogidos permiti\u00f3 el an\u00e1lisis desde algunas variables-clave. Primero, se organizaron los datos por c\u00f3digo de identificaci\u00f3n para expresar criterios de afinidad, pa\u00eds de origen y a\u00f1o de fundaci\u00f3n. Una segunda clasificaci\u00f3n seg\u00fan cada uno de esos criterios tom\u00f3 la forma de una ordenaci\u00f3n alfab\u00e9tica de los nombres de las diversas instituciones. Un c\u00f3digo de identificaci\u00f3n informa sobre si una congregaci\u00f3n dada ha permanecido sin cambios esenciales desde su fundaci\u00f3n, o bien si se ha separado de la congregaci\u00f3n original, o bien si han salido de ella otras ramas que han llegado a ser aut\u00f3nomas posteriormente. El c\u00f3digo indica tambi\u00e9n si la congregaci\u00f3n original se ha unido a otra de alguna manera (incorporaci\u00f3n, uni\u00f3n, etc.). Otro c\u00f3digo se refiere a comunidades que al presente pertenecen a alguna federaci\u00f3n, tal como la Federaci\u00f3n Vicenciana (F\u00f6deration Vincentinischer Gemeinschaften) en Alemania, o la Federaci\u00f3n de Hermanas de la Caridad (Sisters of Charity Federation), conocida antes como la Federaci\u00f3n Elizabeth Seton (the Elizabeth Seton Federation) en los Estados Unidos. Para facilitar el manejo de los datos y para encontrarlos con facilidad, se dan referencias cruzadas para cada instituci\u00f3n. El informe final contiene ilustraciones y un \u00edndice amplio.<\/p>\n<h2><strong>Investigaci\u00f3n internacional<\/strong><\/h2>\n<p>Se recibieron datos hasta marzo de 1995, cuando comenz\u00f3 su an\u00e1lisis. Se consult\u00f3 sobre el proyecto a unas cincuenta personas (misioneros, expertos en vicencianismo, superiores, o que lo hab\u00edan sido, de varias congregaciones). Tambi\u00e9n se pidi\u00f3 ayuda para identificar posibles comunidades diocesanas a Visitadoras y superioras regionales de las Hijas de la Caridad, y tambi\u00e9n a unas 65 de las aproximadamente 170 Conferencias de Superiores Mayores en todo el mundo.<\/p>\n<p>En enero de 1993 se hizo en Norteam\u00e9rica un test del cuestionario en ingl\u00e9s. Seis meses despu\u00e9s se envi\u00f3 en las diversas lenguas a otros pa\u00edses a las comunidades que hab\u00edan sido descubiertas por investigaci\u00f3n hist\u00f3rica o de otros tipos. Fueron interrogadas 137 comunidades en Africa, Am\u00e9rica (del centro, norte y sur), Asia, Australasia y Europa. Respondieron alrededor del 90%. \uf028En algunos casos fue el propio fundador quien respondi\u00f3 al cuestionario!<\/p>\n<p>La Conferencia de Superioras Mayores de Religiosas en Alemania tradujo el cuestionario al alem\u00e1n; el organismo paralelo de Gran Breta\u00f1a lo distribuy\u00f3 entre sus miembros en su bolet\u00edn informativo. Esos gestos de generosidad permitieron descubrir comunidades diocesanas que no aparecen en el <em>Annuario Pontifizio,<\/em> pues \u00e9ste incluye s\u00f3lo las congregaciones de derecho pontificio. Algunos comentarios interesantes dieron ocasi\u00f3n a nuevos descubrimientos. Por ejemplo: \u00abUna vez, hablando con un cohermano en Africa, me dijo de ciertas hermanas en Tanzania que segu\u00edan la Regla de san Vicente de Pa\u00fal\u00bb; \u00abMe encontr\u00e9 un grupo de hermanas en M\u00e9xico que se llamaban &#8216;Hijas de la Caridad&#8217;, pero no creo que pertenezcan a la congregaci\u00f3n de la rue du Bac\u00bb.<\/p>\n<h2><strong>Resultados<\/strong><\/h2>\n<p>Se han identificado 268 sociedades de vida apost\u00f3lica, 239 institutos de vida consagrada, 21 asociaciones laicas y 8 congregaciones anglicanas, que presentan al menos uno de los criterios previstos en el proyecto. Casi la mitad de ellos re\u00fanen m\u00e1s de un criterio, y podr\u00edan ser clasificados en diferentes categor\u00edas. Quince instituciones tienen como propio el esp\u00edritu de sencillez, humildad y caridad, adem\u00e1s de haber tenido como fundador\/a una hija de la caridad o un sacerdote de la Congregaci\u00f3n de la Misi\u00f3n. Adem\u00e1s de esos institutos, cuya relaci\u00f3n principal es haber adaptado las <em>Reglas Comunes<\/em>, hay otros treinta que tienen las mismas Reglas. El servicio a los pobres es el carisma fundacional para otras setenta instituciones; de ellas, trece hacen referencia expl\u00edcita a los <em>enfermos<\/em> pobres; otras ocho hacen un <em>cuarto voto de servicio a los pobres<\/em>.<\/p>\n<p>Para estructurar el sistema de clasificaci\u00f3n de este estudio se escogi\u00f3 un criterio como preferente para hacer una relaci\u00f3n adecuada. El informe final resume toda la informaci\u00f3n a nuestro alcance correspondiente a cada grupo, y lo clasifica s\u00f3lo una vez seg\u00fan el grado de afinidad con san Vicente. Sin embargo, hemos creado una categor\u00eda separada para se\u00f1alar las fundaciones que tuvieron como fundador o fundadora a un miembro, o ex-miembro, de la Compa\u00f1\u00eda de las Hijas de la Caridad o de la Congregaci\u00f3n de la Misi\u00f3n.<\/p>\n<p>El informe muestra que 99 fundadores\/as escogieron a san Vicente de Pa\u00fal como patrono de su instituci\u00f3n correspondiente, y que otros 75 escogieron o adaptaron<em> las Reglas Comunes de las Hijas de la Caridad<\/em> para su propia fundaci\u00f3n. Docenas de miembros de las dos compa\u00f1\u00edas fundadas por san Vicente han sido a su vez fundadores\/as.<\/p>\n<p>He aqu\u00ed el resumen de los resultados seg\u00fan cada criterio:<\/p>\n<ul>\n<li>San Vicente mismo fund\u00f3 dos institutos y dos asociaciones laicas.<\/li>\n<li>50 institutos, siete congregaciones anglicanas y un instituto secular adoptaron las <em>Reglas Comunes<\/em> de san Vicente de Pa\u00fal, o al menos incorporaron la sustancia de ellas en sus propias reglas.<\/li>\n<li>San Vicente fue mentor, consejero, o intervino de alguna manera, en 9 instituciones.<\/li>\n<li>39 instituciones y 5 asociaciones laicas fueron fundadas por miembros, o ex-miembros, de la Congregaci\u00f3n de la Misi\u00f3n.<\/li>\n<li>19 instituciones y dos asociaciones laicas fueron fundadas por miembros, o ex-miembros, de la Compa\u00f1\u00eda de las Hijas de la Caridad.<\/li>\n<li>3 instituciones fueron fundadas por miembros laicos de la Familia Vicenciana.<\/li>\n<li>Hijas de la Caridad o miembros de la Congregaci\u00f3n de la Misi\u00f3n fueron mentores para la fundaci\u00f3n de 4 instituciones y 3 asociaciones.<\/li>\n<li>3 asociaciones laicas han recibido una gran influencia por parte de miembros de la Congregaci\u00f3n de la Misi\u00f3n o de la Compa\u00f1\u00eda de las Hijas de la Caridad.<\/li>\n<li>99 instituciones y una asociaci\u00f3n laica tienen a san Vicente de Pa\u00fal como uno de sus patronos.<\/li>\n<li>5 instituciones, una congregaci\u00f3n anglicana y dos asociaciones laicas profesan el mismo esp\u00edritu que la Congregaci\u00f3n de la Misi\u00f3n o las Hijas de la Caridad.<\/li>\n<li>6 instituciones han adoptado con un \u00e9nfasis muy particular el carisma vicenciano de evangelizaci\u00f3n y servicio de los pobres.<\/li>\n<li>7 instituciones y una asociaci\u00f3n laica est\u00e1n relacionados, pero de alguna otra manera.<\/li>\n<li>Para otras 26 instituciones har\u00eda falta un estudio posterior m\u00e1s detallado.<\/li>\n<\/ul>\n<\/div>\n<h2><strong>Reglas Comunes de las Hijas de la Caridad<\/strong><\/h2>\n<p>De las 50 comunidades que usan o que han adaptado lo que com\u00fanmente se conoce como Reglas de san Vicente de Pa\u00fal, muchas han tomado a san Vicente como patrono, y pueden adem\u00e1s haber sido fundadas por un miembro de la Congregaci\u00f3n de la Misi\u00f3n o de las Hijas de la Caridad.<span id='easy-footnote-6-48635' class='easy-footnote-margin-adjust'><\/span><span class='easy-footnote'><a href='https:\/\/vincentians.com\/es\/desarrollo-genealogico-de-la-familia-vicenciana\/#easy-footnote-bottom-6-48635' title='La expresi\u00f3n \u00abregla de san Vicente\u00bb, si no se especifica m\u00e1s, se refiere a las&lt;em&gt; Reglas Comunes de las Hijas de la Caridad&lt;\/em&gt; en relaci\u00f3n a institutos femeninos, y a las&lt;em&gt; Reglas Comunes de la Congregaci\u00f3n de la Misi\u00f3n&lt;\/em&gt; para institutos masculinos. Para las instituciones femeninas fundadas despu\u00e9s de 1672, toda referencia a la regla de san Vicente se entiende como referencia al documento promulgado el 5 de agosto de 1672 por el sucesor de san Vicente, Renato Almer\u00e1s, C.M., (1613-1672). Almer\u00e1s organiz\u00f3 la regla original de san Vicente en cap\u00edtulos e incluy\u00f3 ense\u00f1anzas orales del fundador. Este es el texto conocido com\u00fanmente como \u00abla regla de san Vicente\u00bb, que ha pasado de una generaci\u00f3n a otra, aunque es en realidad una revisi\u00f3n del texto de san Vicente y santa Luisa. Cfr. Rybolt, \u00abFrom Life to Rules\u00bb, 173-99. Flores, \u00abLas Reglas Comunes&amp;#8230;\u00bb, p.16.'><sup>6<\/sup><\/a><\/span> Estos son ejemplos del caso, bastante frecuente, de instituciones que cumplen m\u00e1s de un criterio. Seg\u00fan la informaci\u00f3n que tenemos, 80 instituciones cat\u00f3licas siguen en sustancia las <em>Reglas Comunes de las Hijas de la Caridad<\/em>; 27 de ellas fueron fundadas por una hija de la caridad o por un miembro de la Congregaci\u00f3n de la Misi\u00f3n.<\/p>\n<p>Antes del Concilio Vaticano II\uf031 y del C\u00f3digo de Derecho Can\u00f3nico de 1983, algunas instituciones se afiliaron a las Hijas de la Caridad o a la Congregaci\u00f3n de la Misi\u00f3n por medio de lazos espirituales no jur\u00eddicos. Este tipo de afiliaci\u00f3n supon\u00eda una participaci\u00f3n espiritual en los sufragios, indulgencias, oraciones y m\u00e9ritos de todos los miembros de la Congregaci\u00f3n de la Misi\u00f3n. Varias instituciones obtuvieron este privilegio: las Hijas de la Caridad del padre Filippone (1727, Italia), los Oblatos de Mar\u00eda Inmaculada (1816, Francia), el Instituto del Nazareno (1865, Italia), las Hermanas de la Eucarist\u00eda (1889, Grecia), las Hermanas de la Caridad de San Vicente de Pa\u00fal de Paderborn (1841, Alemania), las Hermanas Sirvientes de los Pobres (1880, Italia), y los Misioneros Siervos de los Pobres (1887, Italia). Las Hermanitas de la Medalla Milagrosa (1892, Francia) se afiliaron con la Asociaci\u00f3n de la Medalla Milagrosa en Par\u00eds. El ejemplo m\u00e1s reciente, de 1994, es la afiliaci\u00f3n de las comunidades que pertenecen a la Federaci\u00f3n Vicenciana en Alemania.<span id='easy-footnote-7-48635' class='easy-footnote-margin-adjust'><\/span><span class='easy-footnote'><a href='https:\/\/vincentians.com\/es\/desarrollo-genealogico-de-la-familia-vicenciana\/#easy-footnote-bottom-7-48635' title='En 1994 las comunidades que componen la federaci\u00f3n Vicenciana en Alemania fueron afiliadas a la extensa familia de san Vicente de Pa\u00fal por un acto de afiliaci\u00f3n del padre Robert P. Maloney, C.M., superior general. Cfr. Alfonsa Richartz, H.C., \u00abAfiliaci\u00f3n\u00bb&lt;em&gt;, Ecos de la Compa\u00f1ia&lt;\/em&gt;, 1 (enero de 1995). Para una exposici\u00f3n completa de lo que es la afiliaci\u00f3n, v\u00e9ase Miguel P. Flores, C.M:, \u00abLos antiguos privilegios de la Congregaci\u00f3n de la Misi\u00f3n y el nuevo ordenamiento can\u00f3nico\u00bb, &lt;em&gt;Vincentiana&lt;\/em&gt;, 1-2 (1992) 35-97.'><sup>7<\/sup><\/a><\/span>\n<h2><strong>Uni\u00f3n con Par\u00eds<\/strong><\/h2>\n<p>En 1850 no una sino dos comunidades se unieron a las Hijas de la Caridad. Estas fueron: las Hermanas de la Caridad de San Jos\u00e9, fundadas por santa Isabel Ann Seton (1774-1821; canonizada en 1975) en 1809, en Emmitsburgo, Maryland, en los Estados Unidos; las Hermanas de la Caridad de San Vicente de Pa\u00fal, fundadas en 1841 en Graz, Austria, durante el episcopado de Romanus Francis Xavier Sebastian Z\u00e4ngerle, O.S.B., obispo de Graz (1824-1848)<span id='easy-footnote-8-48635' class='easy-footnote-margin-adjust'><\/span><span class='easy-footnote'><a href='https:\/\/vincentians.com\/es\/desarrollo-genealogico-de-la-familia-vicenciana\/#easy-footnote-bottom-8-48635' title='La Madre \u00c9tienne Hall, S.C., (1806-1872), superiora de las Hermanas de la Caridad de San Jos\u00e9, Emmitsburg, recibi\u00f3 en agosto de 1849 notificaci\u00f3n de Jean Baptist \u00c9tienne, C.M., superior general de las Hijas de la Caridad, la aprobaci\u00f3n de la uni\u00f3n de la comunidad de Emmitsburgo con las Hijas de la Caridad de Par\u00eds. El primer instituto fundado en los Estados Unidos, las Hermanas de la Caridad de San Jos\u00e9 de Emmitsburgo, se uni\u00f3 oficialmente a la Compa\u00f1\u00eda de las Hijas de la Caridad de San Vicente de Pa\u00fal en marzo de 1850, cuando las hermanas hicieron los votos de la manera acostumbrada por \u00e9stas. Por entonces la provincia de los Estados Unidos ten\u00eda treinta casas con alrededor de 300 hermanas. Las Hermanas de la Caridad de San Vicente de Pa\u00fal de Graz (Austria) se unieron en noviembre de 1850. La comunidad de Graz contaba con cuatro casas y veinticuatro hermanas. A la uni\u00f3n sigui\u00f3 un crecimiento r\u00e1pido de las vocaciones lo mismo en Estados Unidos que en Austria. ASJPH, First Council Book, 4. ADCP,&lt;em&gt; Livre des conseils&lt;\/em&gt;, 18 de julio de 1849.V\u00e9ase tambi\u00e9n (John Mary Crumlish, hija de la caridad) &lt;em&gt;1809-1959&lt;\/em&gt; (Emmitsburg, 1959), 64; 68-69; 290, nota 46. Sor Leopoldine Brandis a la Madre \u00c9tienne Hall, 10 de febrero de 1852, Graz en &lt;em&gt;DeceasedSisters. &lt;\/em&gt;&lt;em&gt;1903&lt;\/em&gt;, 69-70. \u00abExtracts from M. \u00c9tienne&amp;#8217;s Journal\u00bb, &lt;em&gt;Union with France&lt;\/em&gt; 125-126. La narraci\u00f3n de las apariciones de la casa madre de las Hijas de la Caridad en la rue du Bac en 1830 escrita por santa Catalina Labour\u00e9 (1806-1876, canonizada en 1947) informa que la Virgen habl\u00f3 de comunidades que quer\u00edan unirse a las Hijas de la Caridad. \u00abUna comunidad querr\u00e1 unirse a vosotras. Eso no se acostumbra, pero yo lo apruebo. Diles que la reciban. Dios bendecir\u00e1 la uni\u00f3n; de ella resultar\u00e1 una gran paz y la comunidad crecer\u00e1 y se extender\u00e1\u00bb (Joseph Dirvin, C.M., &lt;em&gt;Saint Catherine Labour\u00e9 of the Miraculous Medal&lt;\/em&gt;, Rockford, Illinois, TAN Books, 1958, pp. 84-85).'><sup>8<\/sup><\/a><\/span> Posteriormente se han unido tambi\u00e9n a las Hijas de la Caridad de Par\u00eds: las Hermanas Enfermeras de Ch\u00e2lons-sur-Marne (1856), las Hermanas de la Caridad de Salzburgo (1882), las Hermanas de Santa Ana de Villiers-sur-Marne y Ormesson (1941), las Hermanitas de Mar\u00eda Inmaculada (1963), las Marienschwestern o Hermanitas de Mar\u00eda de la Medalla Milagrosa (1964).<\/p>\n<p>En los tiempos anteriores a la elecci\u00f3n de Jean Baptiste Etienne, C.M., como superior general (1843-1874), parece que exist\u00edan ciertas prevenciones hacia la uni\u00f3n de otras comunidades con las Hijas de la Caridad de Par\u00eds. Por ejemplo, a petici\u00f3n de la emperatriz Carolina Augusta de Austria se fund\u00f3 en Viena una comunidad de religiosas para atender a los enfermos en sus casas. Deseaba ella una fundaci\u00f3n inspirada por las<em> Reglas Comunes de las Hijas de la Caridad<\/em>. Como no pudo conseguir la colaboraci\u00f3n de las Hijas de la Caridad de Par\u00eds para la formaci\u00f3n de las candidatas de la nueva instituci\u00f3n, la emperatriz consigui\u00f3 una copia de las Reglas de san Vicente de un instituto de Hermanas de la Caridad de Galicia que hab\u00eda tenido su origen en Varsovia (1652, Polonia) de una fundaci\u00f3n hecha por san Vicente y santa Luisa.<span id='easy-footnote-9-48635' class='easy-footnote-margin-adjust'><\/span><span class='easy-footnote'><a href='https:\/\/vincentians.com\/es\/desarrollo-genealogico-de-la-familia-vicenciana\/#easy-footnote-bottom-9-48635' title='No se sabe con seguridad d\u00f3nde estaba el instituto que ten\u00eda las&lt;em&gt; Reglas Comunes de las Hijas de la Caridad&lt;\/em&gt;. Cfr. carta del 19 de agosto de 1655, a las hermanas Margarita, Magdalena y Francisca en Varsovia, &lt;em&gt;Santa Luisa de Marillac. Correspondencia y escritos&lt;\/em&gt;, Ceme, Salamanca, 1985, pp. 464-466.'><sup>9<\/sup><\/a><\/span>\n<h2><strong>Origen geogr\u00e1fico<\/strong><\/h2>\n<p>Las instituciones estudiadas en este proyecto se han esparcido por todo el mundo: 75% en Europa, sobre todo en la Europa occidental (193); 13.5% en Am\u00e9rica, sobre todo en Norteam\u00e9rica (22) y Am\u00e9rica Central (10); 9.32% en Asia; 1.8% en Africa, y 4% en Australasia.<\/p>\n<p>Aunque muchos obispos ped\u00edan hijas de la caridad para sus Di\u00f3cesis, con frecuencia la compa\u00f1\u00eda no pod\u00eda responder a la petici\u00f3n. Por ello muchos obispos colaboraban entre s\u00ed para fundar comunidades diocesanas, echando mano de o adaptando el modelo vicenciano. Corr\u00edan entre ellos muchas copias no garantizadas de la <em>regla<\/em> <em>de san Vicente<\/em>, y sobre ese modelo creaban r\u00e9plicas de la Compa\u00f1\u00eda de las Hijas de la Caridad para responder a necesidades pastorales urgentes en muchos lugares.<\/p>\n<p>Este fen\u00f3meno coincidi\u00f3 con la \u00e9poca revolucionaria de finales del siglo XVIII, que destruy\u00f3 las instituciones religiosas en la mayor parte de la Europa cat\u00f3lica. Luego hubo un renacimiento a lo largo del siglo XIX. Adem\u00e1s, los viajes de exploraci\u00f3n y de colonizaci\u00f3n europeos pusieron en marcha un amplio \u00e9xodo hacia las tierras descubiertas, fen\u00f3meno que cre\u00f3 nuevas necesidades pastorales en buena parte del mundo. Los misioneros europeos se dieron cuenta de la necesidad de vocaciones nativas para una evangelizaci\u00f3n eficaz.<\/p>\n<h2><strong>Evangelizaci\u00f3n misionera<\/strong><\/h2>\n<p>Luisa de Marillac y Vicente de Pa\u00fal enviaron a sus hijas e hijos como misioneros a Polonia, Irlanda y Madagascar, donde posteriormente estos mismos fundaron comunidades nativas. Por ejemplo, las Hermanas de la Santa Fe (Irlanda, 1867), las Hermanitas de Mar\u00eda Inmaculada (Madagascar, 1934), y otras varias. El padre Vicente Lebbe, C.M., por ejemplo, misionero belga, en China, en los comienzos del siglo XX promovi\u00f3 maneras de superar las diferencias culturales y ling\u00fc\u00edsticas. Lebbe defendi\u00f3 con constancia la necesidad de inculturaci\u00f3n del evangelio por parte de los misioneros europeos, y lo hizo sobre todo a trav\u00e9s de creaci\u00f3n de religiosos y de clero nativo. Lebbe fund\u00f3 la Congregaci\u00f3n de San Juan Bautista (1928, China), y las Hermanitas de Santa Teresa del Ni\u00f1o Jes\u00fas (1929, China). Estas congregaciones mantuvieron la fe durante los a\u00f1os de poder comunista.<\/p>\n<p>En Am\u00e9rica, las Hermanas de la Caridad de San Vicente de Pa\u00fal de Satu-Mare (1842, Ruman\u00eda) establecieron una misi\u00f3n en Estados Unidos que se dividi\u00f3 en dos congregaciones diocesanas: las Hermanas Vicencianas de Caridad (1902, Pittsburg; 1928, Bedford). El padre Jos\u00e9 Vilaseca, C.M., fund\u00f3 los Hermanos Josefinos (1872) y las Hermanas Josefinas (1877, para llenar el vac\u00edo creado en M\u00e9xico por la expulsi\u00f3n de sacerdotes y religiosos.<\/p>\n<p>Otras fundaciones de estilo vicenciano en pa\u00edses de misi\u00f3n incluyen las Hermanas de la Inmaculada Concepci\u00f3n (1901, China), las Hijas del Sagrado Coraz\u00f3n (1914, China), las Hijas de Santa Ana de Kanchow (1920, China), la Congregaci\u00f3n Vicenciana (1927, India), las Hijas de Mar\u00eda, Madre de Misericordia (1961, Nigeria), las Hermanas Misioneras de los Pobres de Cristo (1978, Filipinas), las Hermanas Misioneras de la Presentaci\u00f3n (1987, El Salvador), y otras que est\u00e1n ahora mismo trabajando con mucha valent\u00eda en la Iglesia del Silencio.<span id='easy-footnote-10-48635' class='easy-footnote-margin-adjust'><\/span><span class='easy-footnote'><a href='https:\/\/vincentians.com\/es\/desarrollo-genealogico-de-la-familia-vicenciana\/#easy-footnote-bottom-10-48635' title='Este trabajo no da informaci\u00f3n acerca de ninguna de las comunidades que trabajan en la Iglesia del Silencio para no poner en peligro la seguridad de sus miembros.'><sup>10<\/sup><\/a><\/span>\n<h2><strong>Fecha de fundaci\u00f3n<\/strong><\/h2>\n<p>Muchos factores han influido en el crecimiento y la r\u00e1pida difusi\u00f3n de las fundaciones de Vicente de Pa\u00fal. El fundamental ha sido que la originalidad de la Regla que san Vicente dio a sus hijas de la caridad ha resultado ser muy atractiva para otras muchas personas.<\/p>\n<p>En 1646 san Vicente present\u00f3 la Regla al que luego ser\u00eda arzobispo de Par\u00eds Jean Fran\u00e7ois de Gondi (16654-1662) para su aprobaci\u00f3n.<span id='easy-footnote-11-48635' class='easy-footnote-margin-adjust'><\/span><span class='easy-footnote'><a href='https:\/\/vincentians.com\/es\/desarrollo-genealogico-de-la-familia-vicenciana\/#easy-footnote-bottom-11-48635' title='Jean Fran\u00e7ois Paul de Gondi, coadjutor del arzobispo de Par\u00eds, firm\u00f3 el Acta de aprobaci\u00f3n de la Compa\u00f1\u00eda el 20 de noviembre de 1646. Era sobrino de Jean Fran\u00e7ois de Gondi, arzobispo de Par\u00eds. V\u00e9ase Coste, tomo X (obras completas de san Vicente, ed. Ceme, Salamanca), pp. 698 ss., 705 ss., 708-709, 711 ss., 714-717. Tambi\u00e9n tomo II, p.467; tomo III, pp.54 ss.'><sup>11<\/sup><\/a><\/span> Este primer documento fue el resultado de una experiencia de trece a\u00f1os del trabajo en las parroquias de las primeras hermanas de la Cofrad\u00eda de la Caridad de las Sirvientas de los Enfermos Pobres. En colaboraci\u00f3n con Luisa de Marillac, conocida como se\u00f1orita LeGras, san Vicente quiso responder a las condiciones sociales y religiosas de la Francia del siglo XVII con esta versi\u00f3n primitiva de la Regla.<\/p>\n<p>Las Hijas de la Caridad de san Vicente de Pa\u00fal nacieron por evoluci\u00f3n de las Cofrad\u00edas de la Caridad de base parroquial.<span id='easy-footnote-12-48635' class='easy-footnote-margin-adjust'><\/span><span class='easy-footnote'><a href='https:\/\/vincentians.com\/es\/desarrollo-genealogico-de-la-familia-vicenciana\/#easy-footnote-bottom-12-48635' title='Las Hijas de la Caridad de San Vicente de Pa\u00fal nacieron por evoluci\u00f3n de las primeras hermanas que trabajaban en las Cofrad\u00edas de la Caridad de las Sirvientes de los Enfermos Pobres en las parroquias y con las Damas de la Caridad del H\u00f4tel-Dieu de Par\u00eds.'><sup>12<\/sup><\/a><\/span> Como modelo prototipo de reglas para el apostolado femenino esa Regla no s\u00f3lo supuso un cambio revolucionario en el statu quo, sino que se debi\u00f3 sin duda a una inspiraci\u00f3n del Esp\u00edritu; por eso ha durado tanto.<\/p>\n<p>Aunque no fueron los primeros en intentarlo, san Vicente y santa Luisa fueron los primeros en conseguirlo en gran escala.<span id='easy-footnote-13-48635' class='easy-footnote-margin-adjust'><\/span><span class='easy-footnote'><a href='https:\/\/vincentians.com\/es\/desarrollo-genealogico-de-la-familia-vicenciana\/#easy-footnote-bottom-13-48635' title='Para un tratamiento completo del papel de las mujeres en la Iglesia de Francia durante este tiempo, v\u00e9ase Elizabeth Raple&lt;em&gt;y, The D\u00e9votes. &lt;\/em&gt;&lt;em&gt;Women and Church in Seventeenth-Century France&lt;\/em&gt; (McGill-Queen&amp;#8217;s University Press, 1993.'><sup>13<\/sup><\/a><\/span> Muchas influencias han producido la levadura de caridad que ha creado la amplia Familia Vicenciana en el mundo de hoy. Entre ellas, hay que destacar como m\u00e1s importantes las Reglas Comunes de Vicente de Pa\u00fal.<\/p>\n<p>Muchos obispos de Francia y de fuera de ella adoptaron muy pronto las Reglas y el estilo apost\u00f3lico de san Vicente, y las adaptaron para responder a las necesidades pastorales de sus Di\u00f3cesis. Se necesitaban tambi\u00e9n congregaciones de mujeres para la educaci\u00f3n en las escuelas que empezaron a aparecer entonces, sobre todo para la educaci\u00f3n de ni\u00f1as. Este fen\u00f3meno supuso un nuevo grado de promoci\u00f3n de la mujer para el apostolado.<\/p>\n<h2><strong>La misi\u00f3n Vicenciana a trav\u00e9s de los siglos<\/strong><\/h2>\n<p>El rostro de la pobreza comenz\u00f3 a cambiar en el siglo XVII, lo que exigi\u00f3 nuevas maneras de enfrentarse a ella. Creci\u00f3 la pobreza en las ciudades, mientras Francia segu\u00eda olvidando la pobreza rural. El capitalismo comenz\u00f3 a abrirse paso en unos tiempos de renacimiento cultural, reforma religiosa y crecimiento del protestantismo. Buena parte de Europa pon\u00eda sus ojos allende los mares con la esperanza de nuevas oportunidades.<\/p>\n<p>Este estudio ha identificado unas 100 comunidades que tienen a san Vicente como patrono. Solamente B\u00e9lgica ha tenido m\u00e1s de 50 comunidades diocesanas conocidas como Hermanas de la Caridad de San Vicente de Pa\u00fal. Hijos e hijas de las fundaciones del mismo san Vicente han fundado alrededor de 60 comunidades diferentes en al menos nueve pa\u00edses alrededor del mundo; la tercera parte de ellas en China. Unos cuarenta fundadores o bien adaptaron las Reglas Comunes de san Vicente, o bien las adoptaron para sus propias fundaciones desde 1660, a\u00f1o en que murieron Luisa de Marillac y Vicente de Pa\u00fal. Algunos ejemplos de estas fundaciones de siglos diferentes incluyen: las Hijas de la Caridad de la Santa Anunciaci\u00f3n de Ivrea (1774, Italia), la Sociedad Anglicana de la Sagrada Misi\u00f3n (1894, Gran Breta\u00f1a), las Hermanas de la Caridad del cardenal Sancha (1869, Cuba), las Hermanas de la Providencia de Holyoke (1892, U.S.A), el Instituto de Caridad (1924, Brasil).<\/p>\n<h2><strong>Siglo XVIII<\/strong><\/h2>\n<p>Europa se dedic\u00f3 a explorar, colonizar y conseguir riquezas en Africa, Asia y Am\u00e9rica.<\/p>\n<p>En 1743, menos de diez a\u00f1os despu\u00e9s de su canonizaci\u00f3n, se construy\u00f3 en Laval, Quebec, la iglesia de San Vicente de Pa\u00fal, primera parroquia bautizada con el nombre del gran ap\u00f3stol de la caridad.<\/p>\n<p>Con la mejora de los transportes por tierra creci\u00f3 a la vez la pobreza en las ciudades de Europa. Ya en 1727, en Palermo, Sicilia, las Hijas de la Caridad del padre Nicol\u00e1s Pl\u00e1cido Filippone tomaron a san Vicente como patrono de su instituci\u00f3n, dedicada a los enfermos, hu\u00e9rfanos y viudas. Tal vez haya sido \u00e9sta la primera instituci\u00f3n que lo hizo fuera de Francia. Ante el problema de adaptaci\u00f3n cultural del evangelio, los misioneros con frecuencia reun\u00edan grupos de mujeres nativas y las formaban siguiendo el modelo de san Vicente. En China, los misioneros de la Congregaci\u00f3n de la Misi\u00f3n fundaron varias instituciones de este estilo, comenzando ya en 1750, fecha de la fundaci\u00f3n de las Hijas de la Caridad de Tonkin. Esta instituci\u00f3n tiene la distinci\u00f3n de ser la primera comunidad fundada fuera de Europa.<span id='easy-footnote-14-48635' class='easy-footnote-margin-adjust'><\/span><span class='easy-footnote'><a href='https:\/\/vincentians.com\/es\/desarrollo-genealogico-de-la-familia-vicenciana\/#easy-footnote-bottom-14-48635' title='Una exposici\u00f3n muy completa de las comunidades nativas en China, en Fernand Combaluzier, C.M., \u00abCongr\u00e9gations chinoises indig\u00e8nes dans les vicariats lazaristes\u00bb, &lt;em&gt;Le clerg\u00e9 indig\u00e8nedans les missions de Chine confi\u00e9es aux congr\u00e9gations fran\u00e7aises&lt;\/em&gt; (Par\u00eds, Oeuvre de Saint-Pierre-Ap\u00f4tre, 1945), pp.15-25.'><sup>14<\/sup><\/a><\/span>\n<p>Una serie de factores, tales como revoluciones, \u00edndices de natalidad crecientes, emigraciones internas, y urbanizaci\u00f3n, produjeron emigraciones masivas a tierras lejanas, y a la vez nuevas carencias sociales. Muchos obispos europeos intentaron reproducir el modelo vicenciano en sus propias Di\u00f3cesis. Por ejemplo: las Hermanas de la Caridad de Trecate (1733, Italia), las Hermanas de la Caridad de Estrasburgo (1734, Francia), las Hermanas de San Vicente de Pa\u00fal de Rumbeke (1756, B\u00e9lgica), la Hermandad Hospitalaria de la Santa Cruz (1790, Espa\u00f1a), las Hermanas de la Caridad de San Vicente de Pa\u00fal de Mallorca (1798, Espa\u00f1a).<\/p>\n<h2><strong>Siglo XIX<\/strong><\/h2>\n<p>La revoluci\u00f3n francesa, que comenz\u00f3 en 1789, oblig\u00f3 a las comunidades a dispersarse, y a muchos de sus miembros a emigrar a otras naciones. Muchos de ellos mantuvieron la tradici\u00f3n Vicenciana y la incorporaron en instituciones nuevas y grupos de laicos. Ejemplos: las Hermanas de la Caridad de Santa Juana Antida (1799, Besan\u00e7on), comunidades diocesanas en Austria y en Alemania conocidas como las Hermanas de la Caridad de San Vicente de Pa\u00fal, fundadas en Zams (1823), Munich (1832), Innsbruck (1839), Mainz (1839), Graz (1841), Paderborn (1841), Friburgo (1846). As\u00ed se fue ampliando poco a poco el panorama de influencia Vicenciana.<\/p>\n<p>El \u00e9xito de las cofrad\u00edas parroquiales de caridad de san Vicente y la agilidad apost\u00f3lica de sus fundaciones no de clausura, proporcionaron modelos muy adecuados para responder a necesidades sociales urgentes de los pobres y de la emergente clase media. Sor Rosal\u00eda Rendu, hija de la caridad (1786-1856), orient\u00f3 a Federico Ozan\u00e1m (1813-1853) en el trabajo de la caridad pr\u00e1ctica, orientaci\u00f3n que fue un elemento importante en la fundaci\u00f3n de las Conferencias de San Vicente de Pa\u00fal (1833, Francia), una instituci\u00f3n que compromet\u00eda a los laicos en el trabajo por los pobres.<\/p>\n<p>La emigraci\u00f3n europea llev\u00f3 consigo las semillas del esp\u00edritu vicenciano al otro lado del Atl\u00e1ntico. Este hecho, junto con el impacto producido por la colonizaci\u00f3n de las Am\u00e9ricas, movi\u00f3 a Luis William Valentine Dubourg, S.S. (1766-1833), a invitar a la viuda Isabel Ann Bayley Seton (1774-1821) a fundar una escuela cat\u00f3lica para ni\u00f1as en Baltimore (1808), y despu\u00e9s, en 1809, a fundar una congregaci\u00f3n femenina. En 1816, siendo obispo de Luisiana (1815-1826), Dubourg invit\u00f3 al padre F\u00e9lix de Andreis, C.M. (1778-1820) y al padre Jos\u00e9 Rosati, C.M. (1789-1843) (primer obispo de San Luis, Missouri, 1827-1843) a establecer la primera misi\u00f3n Vicenciana en Norteam\u00e9rica.<span id='easy-footnote-15-48635' class='easy-footnote-margin-adjust'><\/span><span class='easy-footnote'><a href='https:\/\/vincentians.com\/es\/desarrollo-genealogico-de-la-familia-vicenciana\/#easy-footnote-bottom-15-48635' title='John Rybolt, C.M., \u00abThree Pioneer Vincentians\u00bb, &lt;em&gt;Vincentian Heritage&lt;\/em&gt;, n.1 (Fall. 1993), pp. 153-168.'><sup>15<\/sup><\/a><\/span>\n<p>Los sulpicianos franceses establecieron v\u00ednculos de amistad con Isabel Ann Seton, que lleg\u00f3 a ser la primera persona canonizada en los Estados Unidos. Los sulpicianos obtuvieron la Regla de san Vicente de Pa\u00fal para las Hermanas de la Caridad de San Jos\u00e9, la primera instituci\u00f3n religiosa femenina fundada en los Estados Unidos (Emmitsburgo, 1809).<span id='easy-footnote-16-48635' class='easy-footnote-margin-adjust'><\/span><span class='easy-footnote'><a href='https:\/\/vincentians.com\/es\/desarrollo-genealogico-de-la-familia-vicenciana\/#easy-footnote-bottom-16-48635' title='Mons. Louis William Valentine Dubourg, S.S:, superior de St. Mary&amp;#8217;s College, Baltimore, invit\u00f3 a la viuda Elizabeth Ann Bayley Seton a esa ciudad para fundar en ella una escuela cat\u00f3lica para ni\u00f1as. Un seminarista de familia rica, Samuel Cooper, financi\u00f3 el proyecto, pero se\u00f1al\u00f3 un \u00e1rea rural en el oeste de Maryland, y pag\u00f3 la compra de 212 acres que hab\u00edan hecho los sulpicianos cerca de Emmitsburgo, la cuna de la comunidad de San Jos\u00e9 en los Estados Unidos. Las actas de la asamblea de los sulpicianos de marzo de 1809 dicen as\u00ed: \u00abSe trata de comprar una plantaci\u00f3n cerca de Emmitsburgo para fundar en ella una comunidad femenina, poco m\u00e1s o menos del estilo de las hijas de la caridad de san Vicente de Pa\u00fal, para cuidar de los enfermos y para educar muchachas en todas las ramas de la educaci\u00f3n cristiana\u00bb. Seg\u00fan las reglas que aprob\u00f3 el obispo John Carroll en enero de 1812 para santa Isabel Ann Seton, sus Hermanas de la Caridad de San Jos\u00e9 quedaban bajo la jurisdicci\u00f3n del superior de los sulpicianos de Am\u00e9rica (que era tambi\u00e9n superior de St. Mary&amp;#8217;s College y del seminario de Baltimore). Por ello la Sociedad de San Sulpicio en los Estados Unidos se convirti\u00f3 en el protector can\u00f3nico de las Constituciones de las Hijas de la Caridad de San Jos\u00e9. Antes de la uni\u00f3n con las Hijas de la Caridad de Par\u00eds, la fundaci\u00f3n de Elizabeth Seton tuvo superiores sulpicianos (la mayor parte de los cuales conoc\u00edan a las Hijas de la Caridad de Francia, desde antes de la revoluci\u00f3n, que fue el hecho que ocasion\u00f3 la emigraci\u00f3n de los sulpicianos a Am\u00e9rica). Estos superiores sulpicianos inculcaron y fomentaron el carisma vicenciano en la comunidad americana. Los padres William V. Dubourg y John Baptist David consiguieron de Francia las &lt;em&gt;Reglas Comunes de las Hijas de la Caridad&lt;\/em&gt;. El padre John Dubois adapt\u00f3 las &lt;em&gt;Reglas Comunes&lt;\/em&gt; a las circunstancias de la Iglesia en Am\u00e9rica, y sugiri\u00f3 que la comunidad americana se uniera a las Hijas de la Caridad de Francia. Los padres John F. Hickey y Louis R. Deloul negociaron con \u00e9xito la uni\u00f3n con Francia en 1848-1849. Aunque nunca fue nombrado superior, el padre Simon Brut\u00e9 fue el director (de la madre Seton, 1812-1821), tradujo la regla de san Vicente y promovi\u00f3 activamente las ense\u00f1anzas y la espiritualidad de san Vicente entre las primeras hermanas. V\u00e9ase tambi\u00e9n (Sister John Mary Crumlish),&lt;em&gt; 1809-1959&lt;\/em&gt; (Emmitsburgo, 1959) y Annabelle Melville, &lt;em&gt;William Louis Dubourg&lt;\/em&gt; (dos vol\u00famenes, Chicago, 1986) p.177.'><sup>16<\/sup><\/a><\/span> De esta fundaci\u00f3n nacieron otras varias llamadas tambi\u00e9n Hermanas de la Caridad de San Vicente de Pa\u00fal. Fueron fundadas en Nueva York (1846), Cincinnati, Ohio (1852), Convent Station, New Jersey (1859), Greensburgo, Pennsilvania (1870), y Halifax en Canad\u00e1 (1856).<span id='easy-footnote-17-48635' class='easy-footnote-margin-adjust'><\/span><span class='easy-footnote'><a href='https:\/\/vincentians.com\/es\/desarrollo-genealogico-de-la-familia-vicenciana\/#easy-footnote-bottom-17-48635' title='Las Hermanas de la Caridad de San Jos\u00e9, fundadas por santa Isabel Ann Seton en Emmitsburgo, Maryland, comenzaron a trabajar en Nueva York en 1817. Entre 1817 y 1841 la comunidad de Emmitsburgo abri\u00f3 misiones en once estados, bajo la autoridad de Elizabeth Seton, Rose White, Augustine Decount, M. Xavier Clark y \u00c9tienne Hall. La comunidad de Nueva York se convirti\u00f3 en una rama aut\u00f3noma en 1846. El a\u00f1o 1817 podr\u00eda considerarse como la fecha de su fundaci\u00f3n, pero esa fecha, como otras muchas fechas que se dan en el &lt;em&gt;Family Tree Project&lt;\/em&gt;, se\u00f1ala el a\u00f1o en que comenz\u00f3 a existir la instituci\u00f3n de la que se independiz\u00f3 posteriormente. La historia de los or\u00edgenes de muchas de las instituciones estudiadas en este trabajo es muy compleja. Adem\u00e1s, algunas de las instituciones nos han proporcionado diversas fechas de fundaci\u00f3n. Por ejemplo, fecha de su fundaci\u00f3n original, fecha de declaraci\u00f3n de autonom\u00eda, de aprobaci\u00f3n episcopal o pontificia, etc. As\u00ed, las ra\u00edces en Nueva York de las Hermanas de la Caridad de San Vicente de Pa\u00fal datan de 1817; las Hermanas de la Caridad de San Jos\u00e9 de Emmitsburgo abrieron una misi\u00f3n en Cincinnati en 1829, y estuvieron bajo su jurisdicci\u00f3n entre 1829-1852. En 1852 se convirtieron en las Hermanas de la Caridad de Cincinnati, despu\u00e9s de que la comunidad de Emmitsburgo se uniera en 1850 a las Hijas de la Caridad de San Vicente de Pa\u00fal de Par\u00eds.'><sup>17<\/sup><\/a><\/span> Las religiosas de N\u00f4tre- Dame-du-Sacr\u00e9-Coeur (1924, Canad\u00e1) procedieron de las Hermanas de la Caridad de la Inmaculada Concepci\u00f3n (1854, Canad\u00e1). Todas estas instituciones forman ahora la Federaci\u00f3n de Hermanas de la Caridad, que comenz\u00f3 en 1947 como un esfuerzo de colaboraci\u00f3n para promover la canonizaci\u00f3n de la madre Seton. Estas comunidades y otras que participan del carisma vicenciano est\u00e1n hoy unidas en proyectos de acci\u00f3n que fomentan la misi\u00f3n de la Compa\u00f1\u00eda de la Caridad.<\/p>\n<h2><strong>Siglo XX<\/strong><\/h2>\n<p>Dos guerras mundiales, crisis econ\u00f3micas, comunismo, nacismo y fascismo llevaron a la humanidad a niveles m\u00e1s altos de complejidad de las necesidades sociales. El clamor de las naciones pobres de hoy sigue suscitando iniciativas nuevas en su favor. Entre las nuevas ramas de la caridad Vicenciana se encuentran los Hijos de la Caridad (1918, Francia) dedicados a servir a los pobres; los Misioneros Catequistas (1950, Panam\u00e1), que se dedican a la pastoral y a la catequesis en Panam\u00e1; las Misioneras de Mar\u00eda Inmaculada, Siervas de los Obreros (1952, Espa\u00f1a), que se dedican a evangelizar a obreros j\u00f3venes y adultos. La misi\u00f3n <em>ad gentes<\/em> ha dado un nuevo impulso a la evangelizaci\u00f3n, esparciendo a la vez semillas nuevas de vida religiosa en pa\u00edses varios como Nigeria, El Salvador y la Iglesia del Silencio. Despu\u00e9s del Concilio Vaticano II\uf031 se han creado otras diecisiete fundaciones nuevas en diversos pa\u00edses.<\/p>\n<h2><strong>Agrupaciones<\/strong><\/h2>\n<p>Dentro de la gran Familia Vicenciana en su sentido amplio son de notar varias agrupaciones o federaciones. Entre las m\u00e1s antiguas se encuentra la que procede de las Hermanas de la Caridad de Estrasburgo (1734, Francia). Su descendencia espiritual, dispersada durante la revoluci\u00f3n francesa, forma ahora la Federaci\u00f3n Vicenciana en Alemania, unida bajo el patrocinio de san Vicente de Pa\u00fal. Las Hermanas de la Caridad de Graz (1841, Austria) nacieron de la ra\u00edz de Estrasburgo a trav\u00e9s de una rama en Munich; se unieron a las Hijas de la Caridad de Par\u00eds en 1850. Sor Leopoldina Brandis, hija de la caridad (1815-1900) fue su primera Visitadora; \u00e9sta fund\u00f3 en 1878 un grupo de enfermeras seglares para asistir a los enfermos, grupo que se convirti\u00f3 en el Marienschwestern, comunidad religiosa femenina (tambi\u00e9n conocidas como Hermanas de Mar\u00eda de la Medalla Milagrosa). En 1964 sor Susana Guillemin, superiora general de las Hijas de la Caridad de Par\u00eds, recibi\u00f3 en la compa\u00f1\u00eda a setenta y nueve hermanas de ese grupo de la provincia de Austria.<\/p>\n<p>Inspirado por una biograf\u00eda de san Vicente de Pa\u00fal el obispo Clemens Droste zu Vischering fund\u00f3 las Hermanas de la Misericordia de M\u00fcnster (1808, Alemania) para servir a los pobres, los enfermos y los necesitados. El obispo incorpor\u00f3 muchas ideas de san Vicente en la regla que escribi\u00f3 \u00e9l mismo. Esa regla se convirti\u00f3 en modelo para otros fundadores, en especial para el obispo Joannes Zwijsen, quien sobre esa misma base fund\u00f3 varias comunidades en Holanda. Peter Joseph Triest quiso inspirarse en el esp\u00edritu de san Vicente y sobre el mismo esp\u00edritu fund\u00f3 tres congregaciones en B\u00e9lgica para servir a los pobres.<\/p>\n<p>Para preservar la fe entre los cat\u00f3licos a trav\u00e9s del esp\u00edritu misionero, la familia Trinitaria (U.S.A.), fundada por el padre Thomas A.Judge, C.M., incluye: el Apostolado Misionero del Cen\u00e1culo (1909, Nueva York), los Siervos Misioneros de la Sant\u00edsima Trinidad (1912, Filadelfia), y los mismos en 1929, en Mobile; hay una rama laica de reciente fundaci\u00f3n: el Instituto Misionero de la Sant\u00edsima Trinidad (1964, Nueva York).<\/p>\n<p>Otros varios fundadores tomaron elementos del carisma vicenciano para aplicarlos a institutos creados por ellos. Por ejemplo: san Luis Gri\u00f1\u00f3n de Monfort y la beata Louise Trichet, san Pablo de la Cruz, san Gaspar de Bufalo, san Carlos Jos\u00e9 Eugene Mazenod, san Juan Bosco y la madre Teresa de Calcuta.<span id='easy-footnote-18-48635' class='easy-footnote-margin-adjust'><\/span><span class='easy-footnote'><a href='https:\/\/vincentians.com\/es\/desarrollo-genealogico-de-la-familia-vicenciana\/#easy-footnote-bottom-18-48635' title='McNeil&lt;em&gt;, The Vincentian Family Tree, XXIII&lt;\/em&gt;'><sup>18<\/sup><\/a><\/span>\n<p>El carisma vicenciano ofrece tambi\u00e9n un atractivo de alcance ecum\u00e9nico que ha inspirado, por ejemplo, a Florence Nightingale (1820-1910) y a Theodore Fliedner (1800-1864). F. Nightingale aprendi\u00f3 la t\u00e9cnica de asistencia a los soldados en tiempo de guerra de las Hijas de la Caridad de Par\u00eds antes de fundar su propio grupo laico de enfermeras llamado la Asociaci\u00f3n Anglicana de Caridad. Fliedner, un pastor evang\u00e9lico protestante, inspirado por las obras de caridad vicencianas y por la organizaci\u00f3n de las hijas de la caridad en sus viajes por Europa (especialmente por Holanda e Inglaterra), fund\u00f3 un grupo de diaconisas laicas en Alemania en 1836.<span id='easy-footnote-19-48635' class='easy-footnote-margin-adjust'><\/span><span class='easy-footnote'><a href='https:\/\/vincentians.com\/es\/desarrollo-genealogico-de-la-familia-vicenciana\/#easy-footnote-bottom-19-48635' title='El movimiento de Oxford dio origen a numerosas instituciones religiosas en la iglesia anglicana formadas sobre el modelo de instituciones cat\u00f3licas. Cfr. A.M.Allchin&lt;em&gt;, The Silent Rebellion. Anglican Religious Communities&lt;\/em&gt;, 1845-1958 (Londres, 1958), 556-561. Allan T. Cameron, &lt;em&gt;Religious Communities of the Church of England&lt;\/em&gt; (Londres, 1918). Diaconisas de la iglesia protestante fueron fundadas en 1836 en Alemania cerca del Rhin en Kaiserwerth por Theodore Fliedner, un pastor evang\u00e9lico protestante inspirado por las obras vicencianas de caridad en Europa. &lt;em&gt;Dizionario degli Istituti de Perfezione&lt;\/em&gt;, edici\u00f3n 1973 (Edizioni Pauline, Roma), s.v.\u00bbFliedner, Theodor\u00bb 4:76-79; \u00abDiaconesse di Kaiserwerth\u00bb 3:477; \u00abDiaconesse de Strasburgo\u00bb 3:484-485.'><sup>19<\/sup><\/a><\/span> La Sociedad de la Santa Cruz (Inglaterra, 1855) fue fundada para el clero anglicano. Despu\u00e9s de su conversi\u00f3n al cristianismo por influencia de la Medalla Milagrosa, Alfonso de Ratisbonne fund\u00f3 dos comunidades para promover el di\u00e1logo entre cristianos y jud\u00edos: las Hermanas de Nuestra Se\u00f1ora de Si\u00f3n (1843, Par\u00eds) y los Padres de Si\u00f3n (1852, Par\u00eds).<\/p>\n<p>Un autor nos informa de que incluso los cu\u00e1queros llegaron a pensar en fundar una instituci\u00f3n religiosa de enfermeras parecida a la de las Hijas de la Caridad.<span id='easy-footnote-20-48635' class='easy-footnote-margin-adjust'><\/span><span class='easy-footnote'><a href='https:\/\/vincentians.com\/es\/desarrollo-genealogico-de-la-familia-vicenciana\/#easy-footnote-bottom-20-48635' title='Ralph W. Sockman, &lt;em&gt;The Revival of Conventual Life in the Church of England in the&lt;\/em&gt; &lt;em&gt;Ninteenth Century&lt;\/em&gt; W.D. Gray, Nueva York, 1917) p.106.'><sup>20<\/sup><\/a><\/span> A pesar de la naturaleza secular, en t\u00e9rminos can\u00f3nicos, de las Hijas de la Caridad, su llamativo uniforme religioso (en particular la gran \u00abcornette\u00bb) ejerc\u00eda un gran atractivo en algunos fundadores, entre ellos en el obispo Horace Potter y en Miss Harriet Starr Cannon (1824-1896), cuya Comunidad Anglicana de Santa Mar\u00eda (1865, Nueva York) adopt\u00f3 un h\u00e1bito y una cofia muy parecida a la \u00abcornette\u00bb de las hijas de la caridad francesas.<\/p>\n<p>En Gran Breta\u00f1a el Movimiento de Oxford fue un semillero de instituciones religiosas en la iglesia anglicana.<span id='easy-footnote-21-48635' class='easy-footnote-margin-adjust'><\/span><span class='easy-footnote'><a href='https:\/\/vincentians.com\/es\/desarrollo-genealogico-de-la-familia-vicenciana\/#easy-footnote-bottom-21-48635' title='Anson, &lt;em&gt;The Call of the Cloister&lt;\/em&gt;, 1-28. Cameron,&lt;em&gt; Religious Communities&lt;\/em&gt;, 8-13. V\u00e9ase tambi\u00e9n Kenneth Scott Latourette, &lt;em&gt;Christianity in a Revolutionary Age&lt;\/em&gt;, vol II: &lt;em&gt;The&lt;\/em&gt; Nineteenth century in Europe, The Protestant and Eastern Churches (Harper and Brothers, Nueva York, 1959) pp.276-278.'><sup>21<\/sup><\/a><\/span> Uno de sus l\u00edderes, el reverendo Edward Bouverie Pusey (1800-1882), dijo: \u00abNewman y yo hemos llegado por separado a la conclusi\u00f3n de que necesitamos<em> Hermanas de la Caridad en la iglesia anglo-cat\u00f3lica<\/em>\u00ab.<span id='easy-footnote-22-48635' class='easy-footnote-margin-adjust'><\/span><span class='easy-footnote'><a href='https:\/\/vincentians.com\/es\/desarrollo-genealogico-de-la-familia-vicenciana\/#easy-footnote-bottom-22-48635' title='Sockman,&lt;em&gt; Revival of Conventual Life&lt;\/em&gt;, p.107.'><sup>22<\/sup><\/a><\/span> Pusey consigui\u00f3 una copia de <em>las Reglas Comunes de las Hijas de la Caridad<\/em>, copia que us\u00f3 para redactar la regla de las Hermanas Anglicanas de la Santa Cruz.<\/p>\n<h2><strong>Una red mundial de caridad<\/strong><\/h2>\n<p>Los hallazgos del <em>Family Tree Project <\/em>pueden servir como referencia a responsables de comunidad, a los miembros y a los expertos. <em>The Vincentian Family Tree<\/em> (El \u00e1rbol de la familia vicenciana) es la \u00fanica compilaci\u00f3n internacional de todas las comunidades que se sabe pertenecen a la Familia Vicenciana, en su sentido amplio, del gran patriarca de la caridad, san Vicente de Pa\u00fal. Esta obra \u00fanica contiene ilustraciones e informaci\u00f3n condensada da cada una de las 268 comunidades, en la que se describe su fundaci\u00f3n (fecha, lugar, nombre del fundador), misi\u00f3n, y la direcci\u00f3n de la sede generalicia (si existe). Para facilitar investigaciones posteriores, se da informaci\u00f3n bibliogr\u00e1fica para cada caso, adem\u00e1s de un \u00edndice amplio. Los ap\u00e9ndices incluyen clasificaci\u00f3n de las comunidades estudiadas seg\u00fan los criterios usados en la investigaci\u00f3n, as\u00ed como las direcciones de los grupos organizados en diversos pa\u00edses dedicados a promover los estudios vicencianos.<\/p>\n<p>El Vincentian Studies Institute abriga la esperanza de que la publicaci\u00f3n de<em> The Vincentian Family Tree<\/em> (El \u00e1rbol de la familia Vicenciana) servir\u00e1 para alimentar nuestro aprecio por la visi\u00f3n de san Vicente. Que esa visi\u00f3n nos inspire para guardar viva la llama de su celo y para continuar hacia el futuro su legado de evangelizaci\u00f3n y de caridad, adapt\u00e1ndolo a las cambiantes necesidades sociales.<\/p>\n","protected":false},"excerpt":{"rendered":"<p>Desde 1617 la Familia Vicenciana ha ido creciendo hasta incluir varios centenares de agrupaciones femeninas y masculinas, laicas y religiosas, cat\u00f3licas y no cat\u00f3licas. Este hecho es un testimonio evidente del fuerte impacto que ha &#8230; <a href=\"https:\/\/vincentians.com\/es\/desarrollo-genealogico-de-la-familia-vicenciana\/\" class=\"more-link\">Read More<\/a><\/p>\n","protected":false},"author":4,"featured_media":137793,"comment_status":"open","ping_status":"open","sticky":false,"template":"","format":"standard","meta":{"jetpack_post_was_ever_published":false,"_jetpack_newsletter_access":"","_jetpack_dont_email_post_to_subs":false,"_jetpack_newsletter_tier_id":0,"_jetpack_memberships_contains_paywalled_content":false,"_jetpack_memberships_contains_paid_content":false,"footnotes":"","jetpack_publicize_message":"","jetpack_publicize_feature_enabled":true,"jetpack_social_post_already_shared":true,"jetpack_social_options":{"image_generator_settings":{"template":"highway","default_image_id":0,"font":"","enabled":false},"version":2}},"categories":[242],"tags":[230,161,119,172,190,140],"class_list":["post-48635","post","type-post","status-publish","format-standard","has-post-thumbnail","hentry","category-familia-vicenciana-sin-categorizar","tag-almeras","tag-etienne","tag-gondi","tag-pobreza","tag-rue-du-bac","tag-san-sulpicio"],"yoast_head":"<!-- This site is optimized with the Yoast SEO plugin v26.3 - https:\/\/yoast.com\/wordpress\/plugins\/seo\/ -->\n<title>Desarrollo geneal\u00f3gico de la Familia Vicenciana - Somos Vicencianos<\/title>\n<meta name=\"robots\" content=\"index, follow, max-snippet:-1, max-image-preview:large, max-video-preview:-1\" \/>\n<link rel=\"canonical\" href=\"https:\/\/vincentians.com\/es\/desarrollo-genealogico-de-la-familia-vicenciana\/\" \/>\n<meta property=\"og:locale\" content=\"es_ES\" \/>\n<meta property=\"og:type\" content=\"article\" \/>\n<meta property=\"og:title\" content=\"Desarrollo geneal\u00f3gico de la Familia Vicenciana - Somos Vicencianos\" \/>\n<meta property=\"og:description\" content=\"Desde 1617 la Familia Vicenciana ha ido creciendo hasta incluir varios centenares de agrupaciones femeninas y masculinas, laicas y religiosas, cat\u00f3licas y no cat\u00f3licas. Este hecho es un testimonio evidente del fuerte impacto que ha ... Read More\" \/>\n<meta property=\"og:url\" content=\"https:\/\/vincentians.com\/es\/desarrollo-genealogico-de-la-familia-vicenciana\/\" \/>\n<meta property=\"og:site_name\" content=\"Somos Vicencianos\" \/>\n<meta property=\"article:publisher\" content=\"https:\/\/www.facebook.com\/WeAreVincentians\/\" \/>\n<meta property=\"article:author\" content=\"https:\/\/www.facebook.com\/JavierChento\" \/>\n<meta property=\"article:published_time\" content=\"2015-02-02T08:20:36+00:00\" \/>\n<meta name=\"author\" content=\"Francisco Javier Fern\u00e1ndez Chento\" \/>\n<meta name=\"twitter:card\" content=\"summary_large_image\" \/>\n<meta name=\"twitter:creator\" content=\"@https:\/\/twitter.com\/javierchento\" \/>\n<meta name=\"twitter:site\" content=\"@WeVincentians\" \/>\n<meta name=\"twitter:label1\" content=\"Escrito por\" \/>\n\t<meta name=\"twitter:data1\" content=\"Francisco Javier Fern\u00e1ndez Chento\" \/>\n\t<meta name=\"twitter:label2\" content=\"Tiempo de lectura\" \/>\n\t<meta name=\"twitter:data2\" content=\"38 minutos\" \/>\n<script type=\"application\/ld+json\" class=\"yoast-schema-graph\">{\"@context\":\"https:\/\/schema.org\",\"@graph\":[{\"@type\":\"Article\",\"@id\":\"https:\/\/vincentians.com\/es\/desarrollo-genealogico-de-la-familia-vicenciana\/#article\",\"isPartOf\":{\"@id\":\"https:\/\/vincentians.com\/es\/desarrollo-genealogico-de-la-familia-vicenciana\/\"},\"author\":{\"name\":\"Francisco Javier Fern\u00e1ndez Chento\",\"@id\":\"http:\/\/vincentians.com\/es\/#\/schema\/person\/9623ef4d9aa3b2dfb8c061f1499288f2\"},\"headline\":\"Desarrollo geneal\u00f3gico de la Familia Vicenciana\",\"datePublished\":\"2015-02-02T08:20:36+00:00\",\"mainEntityOfPage\":{\"@id\":\"https:\/\/vincentians.com\/es\/desarrollo-genealogico-de-la-familia-vicenciana\/\"},\"wordCount\":7536,\"commentCount\":0,\"publisher\":{\"@id\":\"http:\/\/vincentians.com\/es\/#organization\"},\"image\":{\"@id\":\"https:\/\/vincentians.com\/es\/desarrollo-genealogico-de-la-familia-vicenciana\/#primaryimage\"},\"thumbnailUrl\":\"\",\"keywords\":[\"Almer\u00e1s\",\"Etienne\",\"Gondi\",\"Pobreza\",\"Rue du Bac\",\"San Sulpicio\"],\"articleSection\":[\"Familia Vicenciana sin categorizar\"],\"inLanguage\":\"es\",\"potentialAction\":[{\"@type\":\"CommentAction\",\"name\":\"Comment\",\"target\":[\"https:\/\/vincentians.com\/es\/desarrollo-genealogico-de-la-familia-vicenciana\/#respond\"]}]},{\"@type\":\"WebPage\",\"@id\":\"https:\/\/vincentians.com\/es\/desarrollo-genealogico-de-la-familia-vicenciana\/\",\"url\":\"https:\/\/vincentians.com\/es\/desarrollo-genealogico-de-la-familia-vicenciana\/\",\"name\":\"Desarrollo geneal\u00f3gico de la Familia Vicenciana - Somos Vicencianos\",\"isPartOf\":{\"@id\":\"http:\/\/vincentians.com\/es\/#website\"},\"primaryImageOfPage\":{\"@id\":\"https:\/\/vincentians.com\/es\/desarrollo-genealogico-de-la-familia-vicenciana\/#primaryimage\"},\"image\":{\"@id\":\"https:\/\/vincentians.com\/es\/desarrollo-genealogico-de-la-familia-vicenciana\/#primaryimage\"},\"thumbnailUrl\":\"\",\"datePublished\":\"2015-02-02T08:20:36+00:00\",\"breadcrumb\":{\"@id\":\"https:\/\/vincentians.com\/es\/desarrollo-genealogico-de-la-familia-vicenciana\/#breadcrumb\"},\"inLanguage\":\"es\",\"potentialAction\":[{\"@type\":\"ReadAction\",\"target\":[\"https:\/\/vincentians.com\/es\/desarrollo-genealogico-de-la-familia-vicenciana\/\"]}]},{\"@type\":\"ImageObject\",\"inLanguage\":\"es\",\"@id\":\"https:\/\/vincentians.com\/es\/desarrollo-genealogico-de-la-familia-vicenciana\/#primaryimage\",\"url\":\"\",\"contentUrl\":\"\"},{\"@type\":\"BreadcrumbList\",\"@id\":\"https:\/\/vincentians.com\/es\/desarrollo-genealogico-de-la-familia-vicenciana\/#breadcrumb\",\"itemListElement\":[{\"@type\":\"ListItem\",\"position\":1,\"name\":\"Portada\",\"item\":\"http:\/\/vincentians.com\/es\/\"},{\"@type\":\"ListItem\",\"position\":2,\"name\":\"Desarrollo geneal\u00f3gico de la Familia Vicenciana\"}]},{\"@type\":\"WebSite\",\"@id\":\"http:\/\/vincentians.com\/es\/#website\",\"url\":\"http:\/\/vincentians.com\/es\/\",\"name\":\"Somos Vicencianos\",\"description\":\"Know more to serve more\",\"publisher\":{\"@id\":\"http:\/\/vincentians.com\/es\/#organization\"},\"potentialAction\":[{\"@type\":\"SearchAction\",\"target\":{\"@type\":\"EntryPoint\",\"urlTemplate\":\"http:\/\/vincentians.com\/es\/?s={search_term_string}\"},\"query-input\":{\"@type\":\"PropertyValueSpecification\",\"valueRequired\":true,\"valueName\":\"search_term_string\"}}],\"inLanguage\":\"es\"},{\"@type\":\"Organization\",\"@id\":\"http:\/\/vincentians.com\/es\/#organization\",\"name\":\"The Vincentian Network\",\"url\":\"http:\/\/vincentians.com\/es\/\",\"logo\":{\"@type\":\"ImageObject\",\"inLanguage\":\"es\",\"@id\":\"http:\/\/vincentians.com\/es\/#\/schema\/logo\/image\/\",\"url\":\"https:\/\/i1.wp.com\/vincentians.com\/es\/wp-content\/uploads\/sites\/11\/2016\/06\/Vincentian-Network-logo-big.png?fit=778%2C778\",\"contentUrl\":\"https:\/\/i1.wp.com\/vincentians.com\/es\/wp-content\/uploads\/sites\/11\/2016\/06\/Vincentian-Network-logo-big.png?fit=778%2C778\",\"width\":778,\"height\":778,\"caption\":\"The Vincentian Network\"},\"image\":{\"@id\":\"http:\/\/vincentians.com\/es\/#\/schema\/logo\/image\/\"},\"sameAs\":[\"https:\/\/www.facebook.com\/WeAreVincentians\/\",\"https:\/\/x.com\/WeVincentians\"]},{\"@type\":\"Person\",\"@id\":\"http:\/\/vincentians.com\/es\/#\/schema\/person\/9623ef4d9aa3b2dfb8c061f1499288f2\",\"name\":\"Francisco Javier Fern\u00e1ndez Chento\",\"image\":{\"@type\":\"ImageObject\",\"inLanguage\":\"es\",\"@id\":\"http:\/\/vincentians.com\/es\/#\/schema\/person\/image\/\",\"url\":\"https:\/\/secure.gravatar.com\/avatar\/497d5cde87b4c3d097d0315953521681ba2cd523ee66e5077c3711f7021e65de?s=96&d=mm&r=g\",\"contentUrl\":\"https:\/\/secure.gravatar.com\/avatar\/497d5cde87b4c3d097d0315953521681ba2cd523ee66e5077c3711f7021e65de?s=96&d=mm&r=g\",\"caption\":\"Francisco Javier Fern\u00e1ndez Chento\"},\"description\":\"Director General y cofundador de La Red de Formaci\u00f3n Vicenciana. Javier es laico vicenciano, afiliado a la Congregaci\u00f3n de la Misi\u00f3n y miembro del Equipo de Misiones Populares de la provincia can\u00f3nica de Zaragoza (Espa\u00f1a) de la Congregaci\u00f3n de la Misi\u00f3n. Graduado en la Universidad Oberta de Catalunya con cuatro grados (Asistente de direcci\u00f3n, Gesti\u00f3n Administrativa, Recursos Humanos y Contabilidad Avanzada). Bil\u00edng\u00fce Espa\u00f1ol\/Ingl\u00e9s. gestiona y mantiene varias p\u00e1ginas web cristianas y vicencianas, incluida including La Red de Formaci\u00f3n Vicenciana, de la que es cofundador. Actualmente es responsable del \u00e1rea de Espa\u00f1ol de .famvin, la Red de Noticias de la Familia Vicenciana. Tambi\u00e9n es m\u00fasico cat\u00f3lico y ha editado varios discos. Es Director General y cofundador de Trovador, una reconocida compa\u00f1\u00eda discogr\u00e1fica critiana de Espa\u00f1a. Trabaja en las Tecnolog\u00edas de la Informaci\u00f3n, ofreciendo servicios de alojamiento, dise\u00f1o y mantenimiento Web, as\u00ed como asesoramiento, formaci\u00f3n y soluciones inform\u00e1ticas, gesti\u00f3n documental y digitalizaci\u00f3n de textos, edici\u00f3n y maquetaci\u00f3n de libros, revistas, flyers, etc.\",\"sameAs\":[\"http:\/\/chento.org\",\"https:\/\/www.facebook.com\/JavierChento\",\"https:\/\/x.com\/https:\/\/twitter.com\/javierchento\"],\"url\":\"https:\/\/vincentians.com\/es\/author\/chento\/\"}]}<\/script>\n<!-- \/ Yoast SEO plugin. -->","yoast_head_json":{"title":"Desarrollo geneal\u00f3gico de la Familia Vicenciana - Somos Vicencianos","robots":{"index":"index","follow":"follow","max-snippet":"max-snippet:-1","max-image-preview":"max-image-preview:large","max-video-preview":"max-video-preview:-1"},"canonical":"https:\/\/vincentians.com\/es\/desarrollo-genealogico-de-la-familia-vicenciana\/","og_locale":"es_ES","og_type":"article","og_title":"Desarrollo geneal\u00f3gico de la Familia Vicenciana - Somos Vicencianos","og_description":"Desde 1617 la Familia Vicenciana ha ido creciendo hasta incluir varios centenares de agrupaciones femeninas y masculinas, laicas y religiosas, cat\u00f3licas y no cat\u00f3licas. Este hecho es un testimonio evidente del fuerte impacto que ha ... Read More","og_url":"https:\/\/vincentians.com\/es\/desarrollo-genealogico-de-la-familia-vicenciana\/","og_site_name":"Somos Vicencianos","article_publisher":"https:\/\/www.facebook.com\/WeAreVincentians\/","article_author":"https:\/\/www.facebook.com\/JavierChento","article_published_time":"2015-02-02T08:20:36+00:00","author":"Francisco Javier Fern\u00e1ndez Chento","twitter_card":"summary_large_image","twitter_creator":"@https:\/\/twitter.com\/javierchento","twitter_site":"@WeVincentians","twitter_misc":{"Escrito por":"Francisco Javier Fern\u00e1ndez Chento","Tiempo de lectura":"38 minutos"},"schema":{"@context":"https:\/\/schema.org","@graph":[{"@type":"Article","@id":"https:\/\/vincentians.com\/es\/desarrollo-genealogico-de-la-familia-vicenciana\/#article","isPartOf":{"@id":"https:\/\/vincentians.com\/es\/desarrollo-genealogico-de-la-familia-vicenciana\/"},"author":{"name":"Francisco Javier Fern\u00e1ndez Chento","@id":"http:\/\/vincentians.com\/es\/#\/schema\/person\/9623ef4d9aa3b2dfb8c061f1499288f2"},"headline":"Desarrollo geneal\u00f3gico de la Familia Vicenciana","datePublished":"2015-02-02T08:20:36+00:00","mainEntityOfPage":{"@id":"https:\/\/vincentians.com\/es\/desarrollo-genealogico-de-la-familia-vicenciana\/"},"wordCount":7536,"commentCount":0,"publisher":{"@id":"http:\/\/vincentians.com\/es\/#organization"},"image":{"@id":"https:\/\/vincentians.com\/es\/desarrollo-genealogico-de-la-familia-vicenciana\/#primaryimage"},"thumbnailUrl":"","keywords":["Almer\u00e1s","Etienne","Gondi","Pobreza","Rue du Bac","San Sulpicio"],"articleSection":["Familia Vicenciana sin categorizar"],"inLanguage":"es","potentialAction":[{"@type":"CommentAction","name":"Comment","target":["https:\/\/vincentians.com\/es\/desarrollo-genealogico-de-la-familia-vicenciana\/#respond"]}]},{"@type":"WebPage","@id":"https:\/\/vincentians.com\/es\/desarrollo-genealogico-de-la-familia-vicenciana\/","url":"https:\/\/vincentians.com\/es\/desarrollo-genealogico-de-la-familia-vicenciana\/","name":"Desarrollo geneal\u00f3gico de la Familia Vicenciana - Somos Vicencianos","isPartOf":{"@id":"http:\/\/vincentians.com\/es\/#website"},"primaryImageOfPage":{"@id":"https:\/\/vincentians.com\/es\/desarrollo-genealogico-de-la-familia-vicenciana\/#primaryimage"},"image":{"@id":"https:\/\/vincentians.com\/es\/desarrollo-genealogico-de-la-familia-vicenciana\/#primaryimage"},"thumbnailUrl":"","datePublished":"2015-02-02T08:20:36+00:00","breadcrumb":{"@id":"https:\/\/vincentians.com\/es\/desarrollo-genealogico-de-la-familia-vicenciana\/#breadcrumb"},"inLanguage":"es","potentialAction":[{"@type":"ReadAction","target":["https:\/\/vincentians.com\/es\/desarrollo-genealogico-de-la-familia-vicenciana\/"]}]},{"@type":"ImageObject","inLanguage":"es","@id":"https:\/\/vincentians.com\/es\/desarrollo-genealogico-de-la-familia-vicenciana\/#primaryimage","url":"","contentUrl":""},{"@type":"BreadcrumbList","@id":"https:\/\/vincentians.com\/es\/desarrollo-genealogico-de-la-familia-vicenciana\/#breadcrumb","itemListElement":[{"@type":"ListItem","position":1,"name":"Portada","item":"http:\/\/vincentians.com\/es\/"},{"@type":"ListItem","position":2,"name":"Desarrollo geneal\u00f3gico de la Familia Vicenciana"}]},{"@type":"WebSite","@id":"http:\/\/vincentians.com\/es\/#website","url":"http:\/\/vincentians.com\/es\/","name":"Somos Vicencianos","description":"Know more to serve more","publisher":{"@id":"http:\/\/vincentians.com\/es\/#organization"},"potentialAction":[{"@type":"SearchAction","target":{"@type":"EntryPoint","urlTemplate":"http:\/\/vincentians.com\/es\/?s={search_term_string}"},"query-input":{"@type":"PropertyValueSpecification","valueRequired":true,"valueName":"search_term_string"}}],"inLanguage":"es"},{"@type":"Organization","@id":"http:\/\/vincentians.com\/es\/#organization","name":"The Vincentian Network","url":"http:\/\/vincentians.com\/es\/","logo":{"@type":"ImageObject","inLanguage":"es","@id":"http:\/\/vincentians.com\/es\/#\/schema\/logo\/image\/","url":"https:\/\/i1.wp.com\/vincentians.com\/es\/wp-content\/uploads\/sites\/11\/2016\/06\/Vincentian-Network-logo-big.png?fit=778%2C778","contentUrl":"https:\/\/i1.wp.com\/vincentians.com\/es\/wp-content\/uploads\/sites\/11\/2016\/06\/Vincentian-Network-logo-big.png?fit=778%2C778","width":778,"height":778,"caption":"The Vincentian Network"},"image":{"@id":"http:\/\/vincentians.com\/es\/#\/schema\/logo\/image\/"},"sameAs":["https:\/\/www.facebook.com\/WeAreVincentians\/","https:\/\/x.com\/WeVincentians"]},{"@type":"Person","@id":"http:\/\/vincentians.com\/es\/#\/schema\/person\/9623ef4d9aa3b2dfb8c061f1499288f2","name":"Francisco Javier Fern\u00e1ndez Chento","image":{"@type":"ImageObject","inLanguage":"es","@id":"http:\/\/vincentians.com\/es\/#\/schema\/person\/image\/","url":"https:\/\/secure.gravatar.com\/avatar\/497d5cde87b4c3d097d0315953521681ba2cd523ee66e5077c3711f7021e65de?s=96&d=mm&r=g","contentUrl":"https:\/\/secure.gravatar.com\/avatar\/497d5cde87b4c3d097d0315953521681ba2cd523ee66e5077c3711f7021e65de?s=96&d=mm&r=g","caption":"Francisco Javier Fern\u00e1ndez Chento"},"description":"Director General y cofundador de La Red de Formaci\u00f3n Vicenciana. Javier es laico vicenciano, afiliado a la Congregaci\u00f3n de la Misi\u00f3n y miembro del Equipo de Misiones Populares de la provincia can\u00f3nica de Zaragoza (Espa\u00f1a) de la Congregaci\u00f3n de la Misi\u00f3n. Graduado en la Universidad Oberta de Catalunya con cuatro grados (Asistente de direcci\u00f3n, Gesti\u00f3n Administrativa, Recursos Humanos y Contabilidad Avanzada). Bil\u00edng\u00fce Espa\u00f1ol\/Ingl\u00e9s. gestiona y mantiene varias p\u00e1ginas web cristianas y vicencianas, incluida including La Red de Formaci\u00f3n Vicenciana, de la que es cofundador. Actualmente es responsable del \u00e1rea de Espa\u00f1ol de .famvin, la Red de Noticias de la Familia Vicenciana. Tambi\u00e9n es m\u00fasico cat\u00f3lico y ha editado varios discos. Es Director General y cofundador de Trovador, una reconocida compa\u00f1\u00eda discogr\u00e1fica critiana de Espa\u00f1a. Trabaja en las Tecnolog\u00edas de la Informaci\u00f3n, ofreciendo servicios de alojamiento, dise\u00f1o y mantenimiento Web, as\u00ed como asesoramiento, formaci\u00f3n y soluciones inform\u00e1ticas, gesti\u00f3n documental y digitalizaci\u00f3n de textos, edici\u00f3n y maquetaci\u00f3n de libros, revistas, flyers, etc.","sameAs":["http:\/\/chento.org","https:\/\/www.facebook.com\/JavierChento","https:\/\/x.com\/https:\/\/twitter.com\/javierchento"],"url":"https:\/\/vincentians.com\/es\/author\/chento\/"}]}},"jetpack_publicize_connections":[],"jetpack_featured_media_url":"","jetpack_sharing_enabled":true,"jetpack_shortlink":"https:\/\/wp.me\/p7ETMF-cEr","jetpack-related-posts":[{"id":118009,"url":"https:\/\/vincentians.com\/es\/el-p-andre-dodin-habla-sobre-actualidad-de-los-estudios-vicencianos-1965\/","url_meta":{"origin":48635,"position":0},"title":"El P. Andr\u00e9 Dodin habla sobre \u00abactualidad de los estudios vicencianos\u00bb (1965)","author":"Francisco Javier Fern\u00e1ndez Chento","date":"23\/08\/2021","format":false,"excerpt":"Del 10 al 13 de marzo el P. A. Dodin, de nuestra Casa de Pa\u00adr\u00eds, acompa\u00f1ado del P. Buhigas, de nuestra Casa de Dax, dio en nuestro Seminario de Salamanca un cursillo de cinco conferen\u00adcias sobre la persona, obra y espiritualidad de San Vicente y so\u00adbre la imagen que de\u2026","rel":"","context":"En \u00abFormaci\u00f3n Vicenciana\u00bb","block_context":{"text":"Formaci\u00f3n Vicenciana","link":"https:\/\/vincentians.com\/es\/category\/formacion-vicenciana\/"},"img":{"alt_text":"","src":"https:\/\/i0.wp.com\/vincentians.com\/es\/wp-content\/uploads\/sites\/11\/2019\/11\/hijas-caridaqd.jpg?fit=1200%2C675&ssl=1&resize=350%2C200","width":350,"height":200,"srcset":"https:\/\/i0.wp.com\/vincentians.com\/es\/wp-content\/uploads\/sites\/11\/2019\/11\/hijas-caridaqd.jpg?fit=1200%2C675&ssl=1&resize=350%2C200 1x, https:\/\/i0.wp.com\/vincentians.com\/es\/wp-content\/uploads\/sites\/11\/2019\/11\/hijas-caridaqd.jpg?fit=1200%2C675&ssl=1&resize=525%2C300 1.5x, https:\/\/i0.wp.com\/vincentians.com\/es\/wp-content\/uploads\/sites\/11\/2019\/11\/hijas-caridaqd.jpg?fit=1200%2C675&ssl=1&resize=700%2C400 2x, https:\/\/i0.wp.com\/vincentians.com\/es\/wp-content\/uploads\/sites\/11\/2019\/11\/hijas-caridaqd.jpg?fit=1200%2C675&ssl=1&resize=1050%2C600 3x"},"classes":[]},{"id":48708,"url":"https:\/\/vincentians.com\/es\/la-familia-vicentina\/","url_meta":{"origin":48635,"position":1},"title":"La Familia Vicentina","author":"Francisco Javier Fern\u00e1ndez Chento","date":"12\/05\/2015","format":false,"excerpt":"Es importante para los miembros de una familia amarse unos a otros. Debemos tener un sano orgullo de nuestros familiares. En nuestra familia, tenemos en San Vicente y Santa Luisa maravillosos antepasados. Hemos sido testigos de una larga fila de heroicos hombres y mujeres que les han seguido, a veces\u2026","rel":"","context":"En \u00abFamilia Vicenciana sin categorizar\u00bb","block_context":{"text":"Familia Vicenciana sin categorizar","link":"https:\/\/vincentians.com\/es\/category\/la-familia-vicenciana\/familia-vicenciana-sin-categorizar\/"},"img":{"alt_text":"familia vicentina","src":"https:\/\/i0.wp.com\/vicencianos.org\/wp-content\/2015\/05\/familia-vicentina.jpg?resize=350%2C200","width":350,"height":200,"srcset":"https:\/\/i0.wp.com\/vicencianos.org\/wp-content\/2015\/05\/familia-vicentina.jpg?resize=350%2C200 1x, https:\/\/i0.wp.com\/vicencianos.org\/wp-content\/2015\/05\/familia-vicentina.jpg?resize=525%2C300 1.5x, https:\/\/i0.wp.com\/vicencianos.org\/wp-content\/2015\/05\/familia-vicentina.jpg?resize=700%2C400 2x"},"classes":[]},{"id":24242,"url":"https:\/\/vincentians.com\/es\/modos-de-vivir-el-carisma-de-san-vicente-y-santa-luisa-en-las-distintas-ramas-de-la-familia-vicenciana\/","url_meta":{"origin":48635,"position":2},"title":"Modos de vivir el carisma de San Vicente y Santa Luisa en las distintas ramas de la Familia Vicenciana","author":"Francisco Javier Fern\u00e1ndez Chento","date":"27\/10\/2022","format":false,"excerpt":"A modo de Introducci\u00f3n Un carisma est\u00e1 vivo y es relevante cuando se acepta y adopta por muchas personas a trav\u00e9s del tiempo. A los 350 a\u00f1os de la muerte de S. Vicente de Pa\u00fal y S. Luisa de Marillac, el \"carisma Vicenciano\" ha demostrado ser este tipo de carisma\u2026","rel":"","context":"En \u00abEspiritualidad vicenciana\u00bb","block_context":{"text":"Espiritualidad vicenciana","link":"https:\/\/vincentians.com\/es\/category\/espiritualidad\/espiritualidad-vicenciana\/"},"img":{"alt_text":"","src":"https:\/\/i0.wp.com\/vincentians.com\/es\/wp-content\/uploads\/sites\/11\/2016\/09\/conversion.jpg?fit=1200%2C630&ssl=1&resize=350%2C200","width":350,"height":200,"srcset":"https:\/\/i0.wp.com\/vincentians.com\/es\/wp-content\/uploads\/sites\/11\/2016\/09\/conversion.jpg?fit=1200%2C630&ssl=1&resize=350%2C200 1x, https:\/\/i0.wp.com\/vincentians.com\/es\/wp-content\/uploads\/sites\/11\/2016\/09\/conversion.jpg?fit=1200%2C630&ssl=1&resize=525%2C300 1.5x, https:\/\/i0.wp.com\/vincentians.com\/es\/wp-content\/uploads\/sites\/11\/2016\/09\/conversion.jpg?fit=1200%2C630&ssl=1&resize=700%2C400 2x, https:\/\/i0.wp.com\/vincentians.com\/es\/wp-content\/uploads\/sites\/11\/2016\/09\/conversion.jpg?fit=1200%2C630&ssl=1&resize=1050%2C600 3x"},"classes":[]},{"id":22859,"url":"https:\/\/vincentians.com\/es\/los-jovenes-de-la-familia-vicenciana-compartimos-la-mision\/","url_meta":{"origin":48635,"position":3},"title":"Los j\u00f3venes de la Familia Vicenciana compartimos la misi\u00f3n","author":"Francisco Javier Fern\u00e1ndez Chento","date":"19\/08\/2013","format":false,"excerpt":"Segunda Catequesis preparatoria del Encuentro de J\u00f3venes Vicencianos, Madrid 12-15 de agosto de 2011 I. ANALIZAMOS NUESTRA REALIDAD En las \u00faltimas d\u00e9cadas se ha afianzado la conciencia de que los que compartimos el carisma de San Vicente de Pa\u00fal formamos una familia espiritual, que llamamos Familia Vicenciana, familia misionera presente\u2026","rel":"","context":"En \u00abFormaci\u00f3n Vicenciana\u00bb","block_context":{"text":"Formaci\u00f3n Vicenciana","link":"https:\/\/vincentians.com\/es\/category\/formacion-vicenciana\/"},"img":{"alt_text":"","src":"https:\/\/i0.wp.com\/vicencianos.org\/wp-content\/2010\/12\/madrid11-195x300.jpg?resize=350%2C200","width":350,"height":200},"classes":[]},{"id":122934,"url":"https:\/\/vincentians.com\/es\/introduccion-a-la-espiritualidad-vicenciana-laical\/","url_meta":{"origin":48635,"position":4},"title":"Introducci\u00f3n a la espiritualidad vicenciana laical","author":"Francisco Javier Fern\u00e1ndez Chento","date":"24\/06\/2015","format":false,"excerpt":"1. Lo que pretendo De momento, en este trabajo, no pretendo ofre\u00adcer un tratado perfecto y acabado de la espiritua\u00adlidad vicenciana laical, sino m\u00e1s bien asentar unos principios a modo de introducci\u00f3n. El pro\u00adyecto es ofrecer algunos criterios que puedan ayudar al laico vicenciano a vivir su condici\u00f3n de cristiano,\u2026","rel":"","context":"En \u00abEspiritualidad vicenciana\u00bb","block_context":{"text":"Espiritualidad vicenciana","link":"https:\/\/vincentians.com\/es\/category\/espiritualidad\/espiritualidad-vicenciana\/"},"img":{"alt_text":"sanvi_famvi","src":"https:\/\/i0.wp.com\/vicencianos.org\/wp-content\/2010\/12\/sanvi_famvi-300x296.jpg?resize=350%2C200","width":350,"height":200},"classes":[]},{"id":49808,"url":"https:\/\/vincentians.com\/es\/san-vicente-de-paul-el-santo-de-la-caridad\/","url_meta":{"origin":48635,"position":5},"title":"San Vicente de Pa\u00fal, el Santo de la Caridad","author":"Francisco Javier Fern\u00e1ndez Chento","date":"27\/09\/2021","format":false,"excerpt":"Haz clic en PLAY y dirige el rat\u00f3n hacia la esquina inferior derecha de la pantalla del video. Haz clic sobre el icono de \"Channel\" (canal) para elegir los cap\u00edtulos. Haz clic sobre el cap\u00edtulo que deseas ver. Carta de presentaci\u00f3n Queridos amigos: Durante muchos a\u00f1os, los miembros de la\u2026","rel":"","context":"En \u00abVicente de Pa\u00fal\u00bb","block_context":{"text":"Vicente de Pa\u00fal","link":"https:\/\/vincentians.com\/es\/category\/la-familia-vicenciana\/fundadores\/vicente-de-paul\/"},"img":{"alt_text":"","src":"https:\/\/i0.wp.com\/vincentians.com\/es\/wp-content\/uploads\/sites\/11\/2015\/04\/tres-descubrimientos-de-Vicente-de-Paul.jpg?fit=1200%2C630&ssl=1&resize=350%2C200","width":350,"height":200,"srcset":"https:\/\/i0.wp.com\/vincentians.com\/es\/wp-content\/uploads\/sites\/11\/2015\/04\/tres-descubrimientos-de-Vicente-de-Paul.jpg?fit=1200%2C630&ssl=1&resize=350%2C200 1x, https:\/\/i0.wp.com\/vincentians.com\/es\/wp-content\/uploads\/sites\/11\/2015\/04\/tres-descubrimientos-de-Vicente-de-Paul.jpg?fit=1200%2C630&ssl=1&resize=525%2C300 1.5x, https:\/\/i0.wp.com\/vincentians.com\/es\/wp-content\/uploads\/sites\/11\/2015\/04\/tres-descubrimientos-de-Vicente-de-Paul.jpg?fit=1200%2C630&ssl=1&resize=700%2C400 2x, https:\/\/i0.wp.com\/vincentians.com\/es\/wp-content\/uploads\/sites\/11\/2015\/04\/tres-descubrimientos-de-Vicente-de-Paul.jpg?fit=1200%2C630&ssl=1&resize=1050%2C600 3x"},"classes":[]}],"_links":{"self":[{"href":"https:\/\/vincentians.com\/es\/wp-json\/wp\/v2\/posts\/48635","targetHints":{"allow":["GET"]}}],"collection":[{"href":"https:\/\/vincentians.com\/es\/wp-json\/wp\/v2\/posts"}],"about":[{"href":"https:\/\/vincentians.com\/es\/wp-json\/wp\/v2\/types\/post"}],"author":[{"embeddable":true,"href":"https:\/\/vincentians.com\/es\/wp-json\/wp\/v2\/users\/4"}],"replies":[{"embeddable":true,"href":"https:\/\/vincentians.com\/es\/wp-json\/wp\/v2\/comments?post=48635"}],"version-history":[{"count":0,"href":"https:\/\/vincentians.com\/es\/wp-json\/wp\/v2\/posts\/48635\/revisions"}],"wp:featuredmedia":[{"embeddable":true,"href":"https:\/\/vincentians.com\/es\/wp-json\/"}],"wp:attachment":[{"href":"https:\/\/vincentians.com\/es\/wp-json\/wp\/v2\/media?parent=48635"}],"wp:term":[{"taxonomy":"category","embeddable":true,"href":"https:\/\/vincentians.com\/es\/wp-json\/wp\/v2\/categories?post=48635"},{"taxonomy":"post_tag","embeddable":true,"href":"https:\/\/vincentians.com\/es\/wp-json\/wp\/v2\/tags?post=48635"}],"curies":[{"name":"wp","href":"https:\/\/api.w.org\/{rel}","templated":true}]}}