{"id":48447,"date":"2016-12-03T08:20:11","date_gmt":"2016-12-03T07:20:11","guid":{"rendered":"http:\/\/somos.vicencianos.org\/blog\/2011\/08\/dios-nos-sale-al-encuentro-en-jesucristo\/"},"modified":"2016-11-23T18:15:58","modified_gmt":"2016-11-23T17:15:58","slug":"dios-nos-sale-al-encuentro-en-jesucristo","status":"publish","type":"post","link":"https:\/\/vincentians.com\/es\/dios-nos-sale-al-encuentro-en-jesucristo\/","title":{"rendered":"Dios nos sale al encuentro en Jesucristo"},"content":{"rendered":"<p><strong><img data-recalc-dims=\"1\" loading=\"lazy\" decoding=\"async\" data-attachment-id=\"400011\" data-permalink=\"https:\/\/vincentians.com\/es\/sencillos-como-palomas-y-prudentes-como-serpientes\/sencillos-como-palomas\/\" data-orig-file=\"https:\/\/i0.wp.com\/vincentians.com\/es\/wp-content\/uploads\/sites\/11\/2016\/09\/sencillos-como-palomas.jpg?fit=1200%2C630&amp;ssl=1\" data-orig-size=\"1200,630\" data-comments-opened=\"1\" data-image-meta=\"{&quot;aperture&quot;:&quot;0&quot;,&quot;credit&quot;:&quot;&quot;,&quot;camera&quot;:&quot;&quot;,&quot;caption&quot;:&quot;&quot;,&quot;created_timestamp&quot;:&quot;0&quot;,&quot;copyright&quot;:&quot;&quot;,&quot;focal_length&quot;:&quot;0&quot;,&quot;iso&quot;:&quot;0&quot;,&quot;shutter_speed&quot;:&quot;0&quot;,&quot;title&quot;:&quot;&quot;,&quot;orientation&quot;:&quot;1&quot;}\" data-image-title=\"sencillos-como-palomas\" data-image-description=\"\" data-image-caption=\"\" data-medium-file=\"https:\/\/i0.wp.com\/vincentians.com\/es\/wp-content\/uploads\/sites\/11\/2016\/09\/sencillos-como-palomas.jpg?fit=300%2C158&amp;ssl=1\" data-large-file=\"https:\/\/i0.wp.com\/vincentians.com\/es\/wp-content\/uploads\/sites\/11\/2016\/09\/sencillos-como-palomas.jpg?fit=846%2C444&amp;ssl=1\" class=\"alignnone size-medium wp-image-400011 alignleft\" src=\"https:\/\/i0.wp.com\/vincentians.com\/es\/wp-content\/uploads\/sites\/11\/2016\/09\/sencillos-como-palomas.jpg?resize=300%2C158\" alt=\"sencillos-como-palomas\" width=\"300\" height=\"158\" srcset=\"https:\/\/i0.wp.com\/vincentians.com\/es\/wp-content\/uploads\/sites\/11\/2016\/09\/sencillos-como-palomas.jpg?resize=300%2C158&amp;ssl=1 300w, https:\/\/i0.wp.com\/vincentians.com\/es\/wp-content\/uploads\/sites\/11\/2016\/09\/sencillos-como-palomas.jpg?resize=768%2C403&amp;ssl=1 768w, https:\/\/i0.wp.com\/vincentians.com\/es\/wp-content\/uploads\/sites\/11\/2016\/09\/sencillos-como-palomas.jpg?resize=1024%2C538&amp;ssl=1 1024w, https:\/\/i0.wp.com\/vincentians.com\/es\/wp-content\/uploads\/sites\/11\/2016\/09\/sencillos-como-palomas.jpg?resize=100%2C53&amp;ssl=1 100w, https:\/\/i0.wp.com\/vincentians.com\/es\/wp-content\/uploads\/sites\/11\/2016\/09\/sencillos-como-palomas.jpg?resize=846%2C444&amp;ssl=1 846w, https:\/\/i0.wp.com\/vincentians.com\/es\/wp-content\/uploads\/sites\/11\/2016\/09\/sencillos-como-palomas.jpg?resize=1004%2C527&amp;ssl=1 1004w, https:\/\/i0.wp.com\/vincentians.com\/es\/wp-content\/uploads\/sites\/11\/2016\/09\/sencillos-como-palomas.jpg?w=1200&amp;ssl=1 1200w\" sizes=\"auto, (max-width: 300px) 100vw, 300px\" \/>Dios mismo, enviando a su Hijo, satisface nuestra sed.<\/strong><\/p>\n<p><strong>S\u00cdNTESIS:<\/strong><\/p>\n<p>1. El nombre propio del deseo o b\u00fasqueda del hombre es espera. Las tentaciones ante la espera: la presunci\u00f3n y el escepticismo.<\/p>\n<p>2. Dios responde a la espera del hombre: y lo hace a trav\u00e9s de la historia de los hombres (profetas, alianza con el pueblo de Israel.).<\/p>\n<p>3. La respuesta definitiva de Dios es el env\u00edo de su Hijo. En Jesucristo, verdadero Dios, es Dios mismo &#8211; el \u00fanico capaz &#8211; el que responde al hombre. Y lo hace humanamente, pues Jesucristo es hombre verdadero. La respuesta de Dios es absolutamente sobreabundante y concreta a la vez.<\/p>\n<p>4. Jesucristo revela el hombre al hombre. Por eso \u00abla cuesti\u00f3n de la vida\u00bb es encontrarse con Jes\u00fas.<\/p>\n[\/stextbox]\n<h2><strong>1. La paradoja de la espera<br \/>\n<\/strong><\/h2>\n<p>&nbsp;<\/p>\n<p>La vida, lo hemos visto en la catequesis precedente, nos urge a encontrar una respuesta al deseo de infinito que nos constituye. El hombre es capax Dei, y esto significa, ante todo, que es un ser en b\u00fasqueda. Pero la b\u00fasqueda del hombre posee un nombre m\u00e1s adecuado: es una espera. El hombre, todo hombre, independientemente de su cultura, de su raza, de sus circunstancias personales, est\u00e1 a la espera. Cu\u00e1ntas veces hemos escuchado que \u00abla esperanza es lo \u00faltimo que se pierde\u00bb. Y es verdad, no porque seamos ingenuos o ilusos, sino porque \u00abestar a la espera\u00bb es lo m\u00e1s caracter\u00edstico del hombre.<\/p>\n<p>Pero \u00bfqu\u00e9 esperamos? O mejor a\u00fan, \u00bfa qui\u00e9n esperamos?<\/p>\n<p>Ya hemos visto que las dimensiones de nuestra espera nos superan por todas partes. El hombre es un ser parad\u00f3jico, pues siendo finito y limitado piensa lo infinito y lo desea.<br \/>\nAnte esta paradoja surge una doble tentaci\u00f3n: o se niega que somos limitados o se niega nuestra apertura al infinito, nuestro ser capaces Dei. Se trata de tentaciones mucho m\u00e1s actuales de lo que se pueda pensar a primera vista.<\/p>\n<p>Respecto a la primera hay que reconocer que negar el l\u00edmite del hombre es la pretensi\u00f3n secreta que gu\u00eda, en muchos casos, la aplicaci\u00f3n de la tecnolog\u00eda y de la ciencia al inicio y al fin de la vida del hombre. Los acuciantes problemas bio\u00e9ticos de nuestros d\u00edas tienen en su base la gran pregunta sobre el hombre: \u00bfsomos capaces de dominar nuestro inicio y nuestro fin?, \u00bfpodemos considerarnos \u00abcreadores\u00bb de nosotros mismos? La tentaci\u00f3n de negar nuestro ser limitado ha acompa\u00f1ado siempre el camino del hombre: \u00abReplic\u00f3 la serpiente a la mujer: \u00abDe ninguna manera morir\u00e9is. Es que Dios sabe muy bien que el d\u00eda en que comiereis de \u00e9l, se os abrir\u00e1n los ojos y ser\u00e9is como dioses, conocedores del bien y del mal. Y como viese la mujer que el \u00e1rbol era bueno para comer, apetecible a la vista y excelente para lograr la sabidur\u00eda, tom\u00f3 de su fruto y comi\u00f3, y dio tambi\u00e9n a su marido, que igualmente comi\u00f3\u00bb (Gn 3, 4-6). El hombre no resiste en la espera de la respuesta que colme la sed infinita de su coraz\u00f3n, y cede a la tentaci\u00f3n de pensar que puede darse esa respuesta por s\u00ed mismo. Sabemos bien cu\u00e1l es el final de dicho intento: \u00abEntonces se les abrieron a entrambos los ojos, y se dieron cuenta de que estaban desnudos\u00bb (Gn 3, 7). El intento fallido de darse respuesta por s\u00ed mismo conduce al hombre a la verg\u00fcenza: su l\u00edmite deja de ser ocasi\u00f3n de apertura y espera, y se convierte en herida y condena.<\/p>\n<p>Y entonces, casi inevitablemente, hace acto de presencia la otra gran tentaci\u00f3n: pensar que el l\u00edmite es la \u00faltima palabra sobre nuestra vida, negar nuestra apertura, nuestra espera de lo infinito. Se abre paso en la vida del hombre ese terrible enemigo que se llama \u00abescepticismo\u00bb. Esta tentaci\u00f3n tambi\u00e9n ha acompa\u00f1ado a los hombres desde el inicio de la historia.<\/p>\n<p>El poeta Esquilo en su obra Los persas afirma: \u00abning\u00fan mortal debe fomentar pensamientos que sobrepasan su condici\u00f3n mortal\u00bb (v. 820). Hoy este escepticismo se manifiesta en la b\u00fasqueda fren\u00e9tica de satisfacciones y placeres limitados que se suceden unos a otros vertiginosamente. \u00a1Como si la multiplicaci\u00f3n de lo limitado pudiese tener como resultado lo infinito! No hace falta acudir a las exageraciones de las que habla la prensa, para descubrir que la tentaci\u00f3n del escepticismo se esconde en el modo con el que, en muchas ocasiones, afrontamos nuestra jornada de estudio o de descanso.<\/p>\n<p>Atenci\u00f3n: \u00a1el mundo no se divide en pretenciosos y esc\u00e9pticos! Todos somos un poco pretenciosos y un poco esc\u00e9pticos. Es m\u00e1s, normalmente pasamos a ser esc\u00e9pticos cuando nos damos cuenta de que nuestra pretensi\u00f3n no tiene fundamento, cuando nuestras fuerzas nos desilusionan. Pero apenas nos reponemos un poco, no es dif\u00edcil que al escepticismo suceda de nuevo la tentaci\u00f3n del superhombre. \u00a1Y as\u00ed pasamos el tiempo de una tentaci\u00f3n a la otra!<\/p>\n<p>El problema es que decir \u00absoy capaz por m\u00ed mismo\u00bb o, por el contrario, afirmar \u00abno es posible\u00bb, son dos formas de censurar y negar la paradoja del ser hombre. Son dos formas de abandonar la espera.<\/p>\n<h2><strong>2. Dios responde a la espera del hombre<\/strong><\/h2>\n<p>La alternativa a darse respuesta por s\u00ed mismos y a negar la posibilidad de una respuesta, consiste en la espera.<\/p>\n<p>Los profetas del Antiguo Testamento expresan con particular intensidad esta espera que es el hombre. Es la espera del Mes\u00edas, de la respuesta de Dios a su pueblo. Durante el tiempo de Adviento los profetas acompa\u00f1ar\u00e1n nuestro camino hacia la Navidad, manteniendo y educando nuestro coraz\u00f3n a la espera de Dios que viene, que responde a nuestra sed:<\/p>\n<p>\u00abDestilad, cielos, como roc\u00edo de lo alto, derramad, nubes, la victoria. \u00c1brase la tierra, produzca la salvaci\u00f3n, y germine juntamente la justicia\u00bb (Is 45, 8).<\/p>\n<p>Pero \u00bfes posible esperar? El poeta franc\u00e9s Charles P\u00e9guy, en una famosa obra sobre la esperanza llamada El p\u00f3rtico del misterio de la segunda virtud &#8211; \u00a1una \u00f3ptima lectura para el tiempo de Adviento! &#8211; afirma: \u00abPara esperar, hija m\u00eda, hace falta ser feliz de verdad, hace falta haber obtenido, recibido una gran gracia\u00bb. Porque ciertamente s\u00f3lo la respuesta de Dios que sale a nuestro encuentro salva y alimenta la espera que constituye nuestro ser hombres.<\/p>\n<p>En efecto, la espera se mantiene y crece porque la respuesta sale a nuestro encuentro. Es una respuesta que no viene de nosotros, que no es limitada como nosotros, porque tiene las dimensiones de lo infinito. No es una respuesta que me ofrece simplemente otro hombre, radicalmente sediento como yo. No es simplemente la ayuda de un \u00abgenio humano\u00bb, capaz de expresar mejor que yo cuanto vive en mi coraz\u00f3n sediento. Es una respuesta capaz de responder a mi sed de infinito porque proviene del infinito mismo que sale a mi encuentro.<\/p>\n<p>La respuesta, en efecto, es la expresi\u00f3n de la piedad de Dios por el hombre. Dios, en efecto, no abandona al hombre a la pretensi\u00f3n de dar respuesta por s\u00ed mismo a la sed que lo constituye o a una desesperaci\u00f3n esc\u00e9ptica, sino que inicia con los hombres una historia de salvaci\u00f3n. Ense\u00f1a el Concilio Vaticano II que Dios \u00abdespu\u00e9s de su ca\u00edda alent\u00f3 en ellos la esperanza de la salvaci\u00f3n con la promesa de la redenci\u00f3n, y tuvo incesante cuidado del g\u00e9nero humano, para dar vida eterna a todos los que buscan la salvaci\u00f3n con la perseverancia en las buenas obras\u00bb (Dei verbum 3). Y as\u00ed estableci\u00f3 la alianza con No\u00e9 y, sobre todo, eligi\u00f3 a Abraham, padre de todos los creyentes, del que nacer\u00e1 el pueblo de la promesa.<\/p>\n<p>Dios responde a la espera del hombre en la historia. Dios sale al encuentro del hombre all\u00ed donde el hombre vive, ama, trabaja, sufre, goza. En la historia concreta de un pueblo y a trav\u00e9s de dicha historia, Dios se hace respuesta para el hombre. As\u00ed lo encontramos expresado en las palabras que Dios dirige a Mois\u00e9s al inicio del libro del \u00c9xodo: \u00abBien vista tengo la aflicci\u00f3n de mi pueblo en Egipto, y he escuchado su clamor en presencia de sus opresores; pues ya conozco sus sufrimientos. He bajado para librarle de la mano de los egipcios y para subirle de esta tierra a una tierra buena y espaciosa; a una tierra que mana leche y miel (.) As\u00ed pues, el clamor de los israelitas ha llegado hasta m\u00ed y he visto adem\u00e1s la opresi\u00f3n con que los egipcios los oprimen. Ahora, pues, ve; yo te env\u00edo a Fara\u00f3n, para que saques a mi pueblo, los israelitas, de Egipto\u00bb (Ex 3, 7-10).<\/p>\n<p>La historia de salvaci\u00f3n que Dios obra con su pueblo encuentra en la liberaci\u00f3n de Egipto &#8211; la Pascua &#8211; y en la alianza del Sina\u00ed su momento culminante. Dios ha respondido y lo ha hecho con sobreabundancia y al alcance del hombre: el pueblo de Israel ha podido comprobar en su propia carne que Dios salva. Y sin embargo, la infidelidad &#8211; o como presunci\u00f3n o como escepticismo: \u00a1de nuevo las dos tentaciones contra la espera del hombre! &#8211; se abre paso en la vida del pueblo.<\/p>\n<p>Pero Dios no cede ante la fragilidad de su pueblo. Es m\u00e1s \u00abpor los profetas, Dios forma a su pueblo en la esperanza de la salvaci\u00f3n, en la espera de una Alianza nueva y eterna destinada a todos los hombres (cf. Is 2,2-4), y que ser\u00e1 grabada en los corazones (cf. Jr 31,31-34; Hb 10,16). Los profetas anuncian una redenci\u00f3n radical del pueblo de Dios, la purificaci\u00f3n de todas sus infidelidades (cf. Ez 36), una salvaci\u00f3n que incluir\u00e1 a todas las naciones (cf. Is 49,5-6; 53,11)\u00bb .<\/p>\n<h2><strong>3. Jesucristo: la respuesta de Dios al hombre<\/strong><\/h2>\n<p>Dios no cesa de responder, y lo hace cada vez con mayor misericordia y sobreabundancia. Ha querido responder a nuestra espera en la historia y por medio de la historia. Y ha querido llevar a plenitud su designio hist\u00f3rico de salvaci\u00f3n. San Pablo lo indica con una expresi\u00f3n eficac\u00edsima que podemos considerar una especie de s\u00edntesis del cristianismo: \u00abal llegar la plenitud de los tiempos, envi\u00f3 Dios a su Hijo, nacido de mujer, nacido bajo la ley, para rescatar a los que se hallaban bajo la ley, y para que recibi\u00e9ramos la filiaci\u00f3n adoptiva\u00bb (Gal 4,4-5). Dios envi\u00f3 a su Hijo: esta es la respuesta de Dios a la espera del hombre. Aunque podamos tener muchas im\u00e1genes o ideas de lo que es el cristianismo y la fe, fruto de la educaci\u00f3n que hemos recibido en nuestra familia o en el colegio, o fruto de lo que afirman los medios de comunicaci\u00f3n o los diversos agentes culturales, lo cierto es que, sintentizando al m\u00e1ximo, el cristianismo dice de s\u00ed mismo esto: Dios env\u00edo a su Hijo. Todo lo dem\u00e1s expresa y est\u00e1 en funci\u00f3n de este hecho que constituye el centro y el fundamento de la historia y del cosmos.<\/p>\n<p>Es importante que confrontemos la idea que tenemos de la fe, con este anuncio, sencillo y radical al mismo tiempo. Radical porque si Dios ha enviado su Hijo, entonces mi sed de infinito puede encontrar qui\u00e9n la sacie. Sencillo porque se trata simplemente de encontrar, o mejor, de ser encontrado por Aquel que Dios ha enviado: el Hijo de Dios ha sido enviado por el Padre para salir a mi encuentro.<\/p>\n<p>Durante el a\u00f1o tendremos la ocasi\u00f3n de profundizar en la pregunta \u00bfqui\u00e9n es el Hijo, qui\u00e9n es Jes\u00fas? En este momento es importante reconocer el camino que Dios, en su misericordia, ha querido recorrer para salir a nuestro encuentro y responder a nuestra sed de infinito.<br \/>\nEnviando a su Hijo, Dios ha querido responder personalmente a nuestra espera. El Hijo no es un simple enviado, no es un mero profeta. El Hijo es, como recitamos en el credo cada domingo, \u00abDios de Dios, Luz de Luz, Dios verdadero de Dios verdadero, engendrado, no creado, de la misma naturaleza del Padre\u00bb. Esto significa que el Hijo puede responder a nuestra espera: es el Infinito que sale al encuentro de nuestro coraz\u00f3n que desea todo. A la sed del hombre pod\u00eda responder s\u00f3lo Dios, y lo ha hecho personalmente. San Juan de la Cruz intuy\u00f3 esta sobreabundancia de la respuesta de Dios a nuestra sed con gran claridad: \u00abPorque en darnos, como nos dio a su Hijo, que es una Palabra suya, que no tiene otra, todo nos lo habl\u00f3 junto y de una vez en esta sola Palabra, y no tiene m\u00e1s que hablar; porque lo que hablaba antes en partes a los profetas ya lo ha hablado en el todo, d\u00e1ndonos al Todo, que es su Hijo. Por lo cual, el que ahora quisiese preguntar a Dios, o querer alguna visi\u00f3n o revelaci\u00f3n, no s\u00f3lo har\u00eda una necedad, sino har\u00eda agravio a Dios, no poniendo los ojos totalmente en Cristo, sin querer otra alguna cosa o novedad\u00bb (Subida al monte Carmelo 2,22,3-5).<\/p>\n<p>Pero Dios no s\u00f3lo ha querido responder personalmente a la sed del hombre. Ha querido responder humanamente al hombre. Y as\u00ed, en el credo, tras haber confesado que el Hijo es Dios, continuamos nuestra profesi\u00f3n de fe afirmando: \u00abque por nosotros los hombres, y por nuestra salvaci\u00f3n baj\u00f3 del cielo, y por obra del Esp\u00edritu Santo se encarn\u00f3 de Mar\u00eda la Virgen, y se hizo hombre\u00bb. El Hijo de Dios se ha hecho hombre para responder humanamente a nuestra sed, para establecer un di\u00e1logo con el hombre, pues en Jesucristo \u00abDios invisible habla a los hombres como amigos, movido por su gran amor y mora con ellos, para invitarlos a la comunicaci\u00f3n consigo y recibirlos en su compa\u00f1\u00eda\u00bb (Dei verbum 2). De este modo no hay otro camino para recibir la respuesta que Dios mismo es y que nos ofrece gratuitamente, que la humanidad de Jesucristo. Santa Teresa de Jes\u00fas nos invita a no abandonar nunca este sendero: \u00abY veo yo claro y he visto despu\u00e9s que, para contentar a Dios y que nos haga grandes mercedes, quiere que sea por manos de esta Humanidad sacrat\u00edsima, en quien dijo Su Majestad se deleita. Muy, muy muchas veces lo he visto por experiencia; h\u00e1melo dicho el Se\u00f1or; he visto claro que por esta puerta hemos de entrar, si queremos nos muestre la soberana Majestad grandes secretos. As\u00ed que no queramos otro camino, aunque estemos en la cumbre de contemplaci\u00f3n; por aqu\u00ed vamos seguros. Este Se\u00f1or nuestro es por quien nos vienen todos los bienes. El lo ense\u00f1ar\u00e1; mirando su vida es el mejor dechado. \u00bfQu\u00e9 m\u00e1s queremos de un tan buen amigo al lado?\u00bb (Libro de la Vida 22, 6-7).<\/p>\n<h2>4. Jesucristo es Dios que responde humanamente al hombre. Si nos acercamos a los encuentros de Jes\u00fas que nos narran los Evangelios, podemos verlo descrito con sencillez.<\/h2>\n<p>Jes\u00fas encuentra sus primeros disc\u00edpulos, Juan y Andr\u00e9s, mientras \u00e9stos escuchaban predicar al Bautista. Llenos de curiosidad por las palabras que el profeta del Jord\u00e1n dice sobre Jes\u00fas, le siguen y reciben una respuesta human\u00edsima a su pregunta: \u00abJes\u00fas se volvi\u00f3 y al ver que le segu\u00edan les dice: \u00ab\u00bfQu\u00e9 busc\u00e1is?\u00bb. Ellos le respondieron: \u00abRabb\u00ed &#8211; que quiere decir &#8216;Maestro&#8217; &#8211; \u00bfd\u00f3nde vives?\u00bb. Les respondi\u00f3: \u00abVenid y lo ver\u00e9is\u00bb\u00bb (Jn 1, 35-39). El Evangelio contin\u00faa narrando que le siguieron y estuvieron con \u00c9l: pasaron juntos la tarde. Y a trav\u00e9s de esa convivencia entre amigos, se revela el misterio de la persona de Cristo: \u00abHemos encontrado al Mes\u00edas\u00bb (Jn 1, 41), dir\u00e1 Andr\u00e9s a su hermano Sim\u00f3n Pedro.<\/p>\n<p>Zaqueo promete devolver lo que ha robado porque la salvaci\u00f3n ha entrado en su casa (cfr. Lc 19, 1-10), los ap\u00f3stoles se preguntan qui\u00e9n es Jes\u00fas vi\u00e9ndole calmar la tempestad (cfr. Mt 8, 23-27); la Samaritana anuncia a sus paisanos que ha encontrado uno que le ha dicho todo lo que ha hecho (Jn 4, 1-42), el ciego de nacimiento da testimonio de su curaci\u00f3n milagrosa (9, 1-41), la multitud se asombra y glorifica a Dios viendo la curaci\u00f3n del paral\u00edtico y el perd\u00f3n de sus pecados (cfr. Mc 2, 1-12), el buen ladr\u00f3n pide al Se\u00f1or participar del para\u00edso con \u00c9l (23, 39-43). Los Evangelios testimonian continuamente como en la vida, en la humanidad de Jes\u00fas se hace presente Dios mismo respondiendo a la espera del hombre. Este es el camino que la Trinidad ha querido recorrer para salir al encuentro del hombre: se llama Encarnaci\u00f3n.<\/p>\n<p>Haci\u00e9ndose hombre para encontrar a los hombres como un amigo encuentra a otro amigo, Dios ha revelado hasta el fondo el rostro del hombre. El Concilio Vaticano II lo recuerda en el n. 22 de la Constituci\u00f3n Gaudium et spes, uno de los textos claves de toda la ense\u00f1anza conciliar: \u00abEn realidad, el misterio del hombre s\u00f3lo se esclarece en el misterio del Verbo encarnado. Porque Ad\u00e1n, el primer hombre, era figura del que hab\u00eda de venir, es decir, Cristo nuestro Se\u00f1or, Cristo, el nuevo Ad\u00e1n, en la misma revelaci\u00f3n del misterio del Padre y de su amor, manifiesta plenamente el hombre al propio hombre y le descubre la sublimidad de su vocaci\u00f3n\u00bb.<\/p>\n<p>En Jesucristo, la respuesta que Dios ha ofrecido humanamente al hombre, \u00e9ste reconoce la verdadera naturaleza de su espera y recibe \u00abla gran gracia\u00bb que le permite continuar en la espera.<\/p>\n<p>Jesucristo es la respuesta sobreabundante a nuestra espera. La liturgia de la Iglesia lo expresa con particular eficacia cuando dice que las promesas del Se\u00f1or \u00absuperan todo deseo\u00bb (Oraci\u00f3n Colecta de la XX Semana del Tiempo Ordinario).<\/p>\n<p>Si el cristianismo es Dios que envi\u00f3 a su Hijo, si Jesucristo es la respuesta que Dios ha ofrecido humanamente a la espera del hombre, entonces \u00abla cuesti\u00f3n fundamental\u00bb de la vida es encontrarse con \u00c9l.<\/p>\n<h1>Oraci\u00f3n: Esc\u00fachame Se\u00f1or<\/h1>\n<p><strong>Si me conocierais a m\u00ed, conocer\u00edais tambi\u00e9n a mi Padre<\/strong><\/p>\n<p>Esc\u00fachame, Se\u00f1or, que te llamo;<br \/>\nten piedad, resp\u00f3ndeme.<br \/>\nOigo en mi coraz\u00f3n: \u00abBuscad mi rostro\u00bb.<br \/>\nTu rostro buscar\u00e9, Se\u00f1or,<br \/>\nno me escondas tu rostro.<br \/>\nSe\u00f1or, ens\u00e9\u00f1ame tu camino,<br \/>\ngu\u00edame por la senda llana.<\/p>\n<p>(Salmo 26)<\/p>\n<p>Dios y Se\u00f1or nuestro,<br \/>\nninguno te hemos visto tal como eres en ti mismo.<br \/>\nY, sin embargo, no eres del todo invisible para nosotros.<br \/>\nNo has quedado fuera de nuestro alcance.<br \/>\nT\u00fa nos has amado primero,<br \/>\ny ese amor tuyo ha aparecido entre nosotros,<br \/>\nse ha hecho visible.<br \/>\nPues T\u00fa enviaste al mundo a tu Hijo \u00fanico<br \/>\npara que vivamos por medio de \u00e9l.<br \/>\nAs\u00ed te has hecho visible:<br \/>\nen Jes\u00fas podemos ver tu rostro.<\/p>\n<p>(Seg\u00fan Deus caritas est 17)<\/p>\n<p>Te damos gracias, Padre santo, Dios todopoderoso y eterno.<br \/>\nPorque Cristo, el Se\u00f1or, sin dejar la gloria del Padre,<br \/>\nse hace presente entre nosotros de un modo nuevo:<br \/>\nel que era invisible en su naturaleza, se hace visible al adoptar la nuestra;<br \/>\nel eterno, engendrado antes del tiempo, comparte nuestra vida temporal<br \/>\npara asumir en s\u00ed todo lo creado,<br \/>\npara reconstruir lo que estaba ca\u00eddo<br \/>\ny restaurar de este modo el universo,<br \/>\npara llamar de nuevo al reino de los cielos al hombre sumergido en el pecado.<\/p>\n<p>(Seg\u00fan el Prefacio II de Navidad)<\/p>\n","protected":false},"excerpt":{"rendered":"<p>Dios mismo, enviando a su Hijo, satisface nuestra sed. S\u00cdNTESIS: 1. El nombre propio del deseo o b\u00fasqueda del hombre es espera. Las tentaciones ante la espera: la presunci\u00f3n y el escepticismo. 2. Dios responde &#8230; <a href=\"https:\/\/vincentians.com\/es\/dios-nos-sale-al-encuentro-en-jesucristo\/\" class=\"more-link\">Read More<\/a><\/p>\n","protected":false},"author":4,"featured_media":400011,"comment_status":"open","ping_status":"open","sticky":false,"template":"","format":"standard","meta":{"jetpack_post_was_ever_published":false,"_jetpack_newsletter_access":"","_jetpack_dont_email_post_to_subs":false,"_jetpack_newsletter_tier_id":0,"_jetpack_memberships_contains_paywalled_content":false,"_jetpack_memberships_contains_paid_content":false,"footnotes":"","jetpack_publicize_message":"","jetpack_publicize_feature_enabled":true,"jetpack_social_post_already_shared":true,"jetpack_social_options":{"image_generator_settings":{"template":"highway","default_image_id":0,"font":"","enabled":false},"version":2}},"categories":[29],"tags":[280],"class_list":["post-48447","post","type-post","status-publish","format-standard","has-post-thumbnail","hentry","category-formacion-cristiana","tag-san-juan-de-la-cruz"],"yoast_head":"<!-- This site is optimized with the Yoast SEO plugin v26.3 - https:\/\/yoast.com\/wordpress\/plugins\/seo\/ -->\n<title>Dios nos sale al encuentro en Jesucristo - Somos Vicencianos<\/title>\n<meta name=\"robots\" content=\"index, follow, max-snippet:-1, max-image-preview:large, max-video-preview:-1\" \/>\n<link rel=\"canonical\" href=\"https:\/\/vincentians.com\/es\/dios-nos-sale-al-encuentro-en-jesucristo\/\" \/>\n<meta property=\"og:locale\" content=\"es_ES\" \/>\n<meta property=\"og:type\" content=\"article\" \/>\n<meta property=\"og:title\" content=\"Dios nos sale al encuentro en Jesucristo - Somos Vicencianos\" \/>\n<meta property=\"og:description\" content=\"Dios mismo, enviando a su Hijo, satisface nuestra sed. S\u00cdNTESIS: 1. El nombre propio del deseo o b\u00fasqueda del hombre es espera. Las tentaciones ante la espera: la presunci\u00f3n y el escepticismo. 2. Dios responde ... Read More\" \/>\n<meta property=\"og:url\" content=\"https:\/\/vincentians.com\/es\/dios-nos-sale-al-encuentro-en-jesucristo\/\" \/>\n<meta property=\"og:site_name\" content=\"Somos Vicencianos\" \/>\n<meta property=\"article:publisher\" content=\"https:\/\/www.facebook.com\/WeAreVincentians\/\" \/>\n<meta property=\"article:author\" content=\"https:\/\/www.facebook.com\/JavierChento\" \/>\n<meta property=\"article:published_time\" content=\"2016-12-03T07:20:11+00:00\" \/>\n<meta property=\"og:image\" content=\"https:\/\/i0.wp.com\/vincentians.com\/es\/wp-content\/uploads\/sites\/11\/2016\/09\/sencillos-como-palomas.jpg?fit=1200%2C630&ssl=1\" \/>\n\t<meta property=\"og:image:width\" content=\"1200\" \/>\n\t<meta property=\"og:image:height\" content=\"630\" \/>\n\t<meta property=\"og:image:type\" content=\"image\/jpeg\" \/>\n<meta name=\"author\" content=\"Francisco Javier Fern\u00e1ndez Chento\" \/>\n<meta name=\"twitter:card\" content=\"summary_large_image\" \/>\n<meta name=\"twitter:creator\" content=\"@https:\/\/twitter.com\/javierchento\" \/>\n<meta name=\"twitter:site\" content=\"@WeVincentians\" \/>\n<meta name=\"twitter:label1\" content=\"Escrito por\" \/>\n\t<meta name=\"twitter:data1\" content=\"Francisco Javier Fern\u00e1ndez Chento\" \/>\n\t<meta name=\"twitter:label2\" content=\"Tiempo de lectura\" \/>\n\t<meta name=\"twitter:data2\" content=\"17 minutos\" \/>\n<script type=\"application\/ld+json\" class=\"yoast-schema-graph\">{\"@context\":\"https:\/\/schema.org\",\"@graph\":[{\"@type\":\"Article\",\"@id\":\"https:\/\/vincentians.com\/es\/dios-nos-sale-al-encuentro-en-jesucristo\/#article\",\"isPartOf\":{\"@id\":\"https:\/\/vincentians.com\/es\/dios-nos-sale-al-encuentro-en-jesucristo\/\"},\"author\":{\"name\":\"Francisco Javier Fern\u00e1ndez Chento\",\"@id\":\"http:\/\/vincentians.com\/es\/#\/schema\/person\/9623ef4d9aa3b2dfb8c061f1499288f2\"},\"headline\":\"Dios nos sale al encuentro en Jesucristo\",\"datePublished\":\"2016-12-03T07:20:11+00:00\",\"mainEntityOfPage\":{\"@id\":\"https:\/\/vincentians.com\/es\/dios-nos-sale-al-encuentro-en-jesucristo\/\"},\"wordCount\":3318,\"commentCount\":1,\"publisher\":{\"@id\":\"http:\/\/vincentians.com\/es\/#organization\"},\"image\":{\"@id\":\"https:\/\/vincentians.com\/es\/dios-nos-sale-al-encuentro-en-jesucristo\/#primaryimage\"},\"thumbnailUrl\":\"https:\/\/i0.wp.com\/vincentians.com\/es\/wp-content\/uploads\/sites\/11\/2016\/09\/sencillos-como-palomas.jpg?fit=1200%2C630&ssl=1\",\"keywords\":[\"San Juan de la Cruz\"],\"articleSection\":[\"Formaci\u00f3n Cristiana\"],\"inLanguage\":\"es\",\"potentialAction\":[{\"@type\":\"CommentAction\",\"name\":\"Comment\",\"target\":[\"https:\/\/vincentians.com\/es\/dios-nos-sale-al-encuentro-en-jesucristo\/#respond\"]}]},{\"@type\":\"WebPage\",\"@id\":\"https:\/\/vincentians.com\/es\/dios-nos-sale-al-encuentro-en-jesucristo\/\",\"url\":\"https:\/\/vincentians.com\/es\/dios-nos-sale-al-encuentro-en-jesucristo\/\",\"name\":\"Dios nos sale al encuentro en Jesucristo - Somos Vicencianos\",\"isPartOf\":{\"@id\":\"http:\/\/vincentians.com\/es\/#website\"},\"primaryImageOfPage\":{\"@id\":\"https:\/\/vincentians.com\/es\/dios-nos-sale-al-encuentro-en-jesucristo\/#primaryimage\"},\"image\":{\"@id\":\"https:\/\/vincentians.com\/es\/dios-nos-sale-al-encuentro-en-jesucristo\/#primaryimage\"},\"thumbnailUrl\":\"https:\/\/i0.wp.com\/vincentians.com\/es\/wp-content\/uploads\/sites\/11\/2016\/09\/sencillos-como-palomas.jpg?fit=1200%2C630&ssl=1\",\"datePublished\":\"2016-12-03T07:20:11+00:00\",\"breadcrumb\":{\"@id\":\"https:\/\/vincentians.com\/es\/dios-nos-sale-al-encuentro-en-jesucristo\/#breadcrumb\"},\"inLanguage\":\"es\",\"potentialAction\":[{\"@type\":\"ReadAction\",\"target\":[\"https:\/\/vincentians.com\/es\/dios-nos-sale-al-encuentro-en-jesucristo\/\"]}]},{\"@type\":\"ImageObject\",\"inLanguage\":\"es\",\"@id\":\"https:\/\/vincentians.com\/es\/dios-nos-sale-al-encuentro-en-jesucristo\/#primaryimage\",\"url\":\"https:\/\/i0.wp.com\/vincentians.com\/es\/wp-content\/uploads\/sites\/11\/2016\/09\/sencillos-como-palomas.jpg?fit=1200%2C630&ssl=1\",\"contentUrl\":\"https:\/\/i0.wp.com\/vincentians.com\/es\/wp-content\/uploads\/sites\/11\/2016\/09\/sencillos-como-palomas.jpg?fit=1200%2C630&ssl=1\",\"width\":1200,\"height\":630},{\"@type\":\"BreadcrumbList\",\"@id\":\"https:\/\/vincentians.com\/es\/dios-nos-sale-al-encuentro-en-jesucristo\/#breadcrumb\",\"itemListElement\":[{\"@type\":\"ListItem\",\"position\":1,\"name\":\"Portada\",\"item\":\"http:\/\/vincentians.com\/es\/\"},{\"@type\":\"ListItem\",\"position\":2,\"name\":\"Dios nos sale al encuentro en Jesucristo\"}]},{\"@type\":\"WebSite\",\"@id\":\"http:\/\/vincentians.com\/es\/#website\",\"url\":\"http:\/\/vincentians.com\/es\/\",\"name\":\"Somos Vicencianos\",\"description\":\"Know more to serve more\",\"publisher\":{\"@id\":\"http:\/\/vincentians.com\/es\/#organization\"},\"potentialAction\":[{\"@type\":\"SearchAction\",\"target\":{\"@type\":\"EntryPoint\",\"urlTemplate\":\"http:\/\/vincentians.com\/es\/?s={search_term_string}\"},\"query-input\":{\"@type\":\"PropertyValueSpecification\",\"valueRequired\":true,\"valueName\":\"search_term_string\"}}],\"inLanguage\":\"es\"},{\"@type\":\"Organization\",\"@id\":\"http:\/\/vincentians.com\/es\/#organization\",\"name\":\"The Vincentian Network\",\"url\":\"http:\/\/vincentians.com\/es\/\",\"logo\":{\"@type\":\"ImageObject\",\"inLanguage\":\"es\",\"@id\":\"http:\/\/vincentians.com\/es\/#\/schema\/logo\/image\/\",\"url\":\"https:\/\/i1.wp.com\/vincentians.com\/es\/wp-content\/uploads\/sites\/11\/2016\/06\/Vincentian-Network-logo-big.png?fit=778%2C778\",\"contentUrl\":\"https:\/\/i1.wp.com\/vincentians.com\/es\/wp-content\/uploads\/sites\/11\/2016\/06\/Vincentian-Network-logo-big.png?fit=778%2C778\",\"width\":778,\"height\":778,\"caption\":\"The Vincentian Network\"},\"image\":{\"@id\":\"http:\/\/vincentians.com\/es\/#\/schema\/logo\/image\/\"},\"sameAs\":[\"https:\/\/www.facebook.com\/WeAreVincentians\/\",\"https:\/\/x.com\/WeVincentians\"]},{\"@type\":\"Person\",\"@id\":\"http:\/\/vincentians.com\/es\/#\/schema\/person\/9623ef4d9aa3b2dfb8c061f1499288f2\",\"name\":\"Francisco Javier Fern\u00e1ndez Chento\",\"image\":{\"@type\":\"ImageObject\",\"inLanguage\":\"es\",\"@id\":\"http:\/\/vincentians.com\/es\/#\/schema\/person\/image\/\",\"url\":\"https:\/\/secure.gravatar.com\/avatar\/497d5cde87b4c3d097d0315953521681ba2cd523ee66e5077c3711f7021e65de?s=96&d=mm&r=g\",\"contentUrl\":\"https:\/\/secure.gravatar.com\/avatar\/497d5cde87b4c3d097d0315953521681ba2cd523ee66e5077c3711f7021e65de?s=96&d=mm&r=g\",\"caption\":\"Francisco Javier Fern\u00e1ndez Chento\"},\"description\":\"Director General y cofundador de La Red de Formaci\u00f3n Vicenciana. Javier es laico vicenciano, afiliado a la Congregaci\u00f3n de la Misi\u00f3n y miembro del Equipo de Misiones Populares de la provincia can\u00f3nica de Zaragoza (Espa\u00f1a) de la Congregaci\u00f3n de la Misi\u00f3n. Graduado en la Universidad Oberta de Catalunya con cuatro grados (Asistente de direcci\u00f3n, Gesti\u00f3n Administrativa, Recursos Humanos y Contabilidad Avanzada). Bil\u00edng\u00fce Espa\u00f1ol\/Ingl\u00e9s. gestiona y mantiene varias p\u00e1ginas web cristianas y vicencianas, incluida including La Red de Formaci\u00f3n Vicenciana, de la que es cofundador. Actualmente es responsable del \u00e1rea de Espa\u00f1ol de .famvin, la Red de Noticias de la Familia Vicenciana. Tambi\u00e9n es m\u00fasico cat\u00f3lico y ha editado varios discos. Es Director General y cofundador de Trovador, una reconocida compa\u00f1\u00eda discogr\u00e1fica critiana de Espa\u00f1a. Trabaja en las Tecnolog\u00edas de la Informaci\u00f3n, ofreciendo servicios de alojamiento, dise\u00f1o y mantenimiento Web, as\u00ed como asesoramiento, formaci\u00f3n y soluciones inform\u00e1ticas, gesti\u00f3n documental y digitalizaci\u00f3n de textos, edici\u00f3n y maquetaci\u00f3n de libros, revistas, flyers, etc.\",\"sameAs\":[\"http:\/\/chento.org\",\"https:\/\/www.facebook.com\/JavierChento\",\"https:\/\/x.com\/https:\/\/twitter.com\/javierchento\"],\"url\":\"https:\/\/vincentians.com\/es\/author\/chento\/\"}]}<\/script>\n<!-- \/ Yoast SEO plugin. -->","yoast_head_json":{"title":"Dios nos sale al encuentro en Jesucristo - Somos Vicencianos","robots":{"index":"index","follow":"follow","max-snippet":"max-snippet:-1","max-image-preview":"max-image-preview:large","max-video-preview":"max-video-preview:-1"},"canonical":"https:\/\/vincentians.com\/es\/dios-nos-sale-al-encuentro-en-jesucristo\/","og_locale":"es_ES","og_type":"article","og_title":"Dios nos sale al encuentro en Jesucristo - Somos Vicencianos","og_description":"Dios mismo, enviando a su Hijo, satisface nuestra sed. S\u00cdNTESIS: 1. El nombre propio del deseo o b\u00fasqueda del hombre es espera. Las tentaciones ante la espera: la presunci\u00f3n y el escepticismo. 2. Dios responde ... Read More","og_url":"https:\/\/vincentians.com\/es\/dios-nos-sale-al-encuentro-en-jesucristo\/","og_site_name":"Somos Vicencianos","article_publisher":"https:\/\/www.facebook.com\/WeAreVincentians\/","article_author":"https:\/\/www.facebook.com\/JavierChento","article_published_time":"2016-12-03T07:20:11+00:00","og_image":[{"width":1200,"height":630,"url":"https:\/\/i0.wp.com\/vincentians.com\/es\/wp-content\/uploads\/sites\/11\/2016\/09\/sencillos-como-palomas.jpg?fit=1200%2C630&ssl=1","type":"image\/jpeg"}],"author":"Francisco Javier Fern\u00e1ndez Chento","twitter_card":"summary_large_image","twitter_creator":"@https:\/\/twitter.com\/javierchento","twitter_site":"@WeVincentians","twitter_misc":{"Escrito por":"Francisco Javier Fern\u00e1ndez Chento","Tiempo de lectura":"17 minutos"},"schema":{"@context":"https:\/\/schema.org","@graph":[{"@type":"Article","@id":"https:\/\/vincentians.com\/es\/dios-nos-sale-al-encuentro-en-jesucristo\/#article","isPartOf":{"@id":"https:\/\/vincentians.com\/es\/dios-nos-sale-al-encuentro-en-jesucristo\/"},"author":{"name":"Francisco Javier Fern\u00e1ndez Chento","@id":"http:\/\/vincentians.com\/es\/#\/schema\/person\/9623ef4d9aa3b2dfb8c061f1499288f2"},"headline":"Dios nos sale al encuentro en Jesucristo","datePublished":"2016-12-03T07:20:11+00:00","mainEntityOfPage":{"@id":"https:\/\/vincentians.com\/es\/dios-nos-sale-al-encuentro-en-jesucristo\/"},"wordCount":3318,"commentCount":1,"publisher":{"@id":"http:\/\/vincentians.com\/es\/#organization"},"image":{"@id":"https:\/\/vincentians.com\/es\/dios-nos-sale-al-encuentro-en-jesucristo\/#primaryimage"},"thumbnailUrl":"https:\/\/i0.wp.com\/vincentians.com\/es\/wp-content\/uploads\/sites\/11\/2016\/09\/sencillos-como-palomas.jpg?fit=1200%2C630&ssl=1","keywords":["San Juan de la Cruz"],"articleSection":["Formaci\u00f3n Cristiana"],"inLanguage":"es","potentialAction":[{"@type":"CommentAction","name":"Comment","target":["https:\/\/vincentians.com\/es\/dios-nos-sale-al-encuentro-en-jesucristo\/#respond"]}]},{"@type":"WebPage","@id":"https:\/\/vincentians.com\/es\/dios-nos-sale-al-encuentro-en-jesucristo\/","url":"https:\/\/vincentians.com\/es\/dios-nos-sale-al-encuentro-en-jesucristo\/","name":"Dios nos sale al encuentro en Jesucristo - Somos Vicencianos","isPartOf":{"@id":"http:\/\/vincentians.com\/es\/#website"},"primaryImageOfPage":{"@id":"https:\/\/vincentians.com\/es\/dios-nos-sale-al-encuentro-en-jesucristo\/#primaryimage"},"image":{"@id":"https:\/\/vincentians.com\/es\/dios-nos-sale-al-encuentro-en-jesucristo\/#primaryimage"},"thumbnailUrl":"https:\/\/i0.wp.com\/vincentians.com\/es\/wp-content\/uploads\/sites\/11\/2016\/09\/sencillos-como-palomas.jpg?fit=1200%2C630&ssl=1","datePublished":"2016-12-03T07:20:11+00:00","breadcrumb":{"@id":"https:\/\/vincentians.com\/es\/dios-nos-sale-al-encuentro-en-jesucristo\/#breadcrumb"},"inLanguage":"es","potentialAction":[{"@type":"ReadAction","target":["https:\/\/vincentians.com\/es\/dios-nos-sale-al-encuentro-en-jesucristo\/"]}]},{"@type":"ImageObject","inLanguage":"es","@id":"https:\/\/vincentians.com\/es\/dios-nos-sale-al-encuentro-en-jesucristo\/#primaryimage","url":"https:\/\/i0.wp.com\/vincentians.com\/es\/wp-content\/uploads\/sites\/11\/2016\/09\/sencillos-como-palomas.jpg?fit=1200%2C630&ssl=1","contentUrl":"https:\/\/i0.wp.com\/vincentians.com\/es\/wp-content\/uploads\/sites\/11\/2016\/09\/sencillos-como-palomas.jpg?fit=1200%2C630&ssl=1","width":1200,"height":630},{"@type":"BreadcrumbList","@id":"https:\/\/vincentians.com\/es\/dios-nos-sale-al-encuentro-en-jesucristo\/#breadcrumb","itemListElement":[{"@type":"ListItem","position":1,"name":"Portada","item":"http:\/\/vincentians.com\/es\/"},{"@type":"ListItem","position":2,"name":"Dios nos sale al encuentro en Jesucristo"}]},{"@type":"WebSite","@id":"http:\/\/vincentians.com\/es\/#website","url":"http:\/\/vincentians.com\/es\/","name":"Somos Vicencianos","description":"Know more to serve more","publisher":{"@id":"http:\/\/vincentians.com\/es\/#organization"},"potentialAction":[{"@type":"SearchAction","target":{"@type":"EntryPoint","urlTemplate":"http:\/\/vincentians.com\/es\/?s={search_term_string}"},"query-input":{"@type":"PropertyValueSpecification","valueRequired":true,"valueName":"search_term_string"}}],"inLanguage":"es"},{"@type":"Organization","@id":"http:\/\/vincentians.com\/es\/#organization","name":"The Vincentian Network","url":"http:\/\/vincentians.com\/es\/","logo":{"@type":"ImageObject","inLanguage":"es","@id":"http:\/\/vincentians.com\/es\/#\/schema\/logo\/image\/","url":"https:\/\/i1.wp.com\/vincentians.com\/es\/wp-content\/uploads\/sites\/11\/2016\/06\/Vincentian-Network-logo-big.png?fit=778%2C778","contentUrl":"https:\/\/i1.wp.com\/vincentians.com\/es\/wp-content\/uploads\/sites\/11\/2016\/06\/Vincentian-Network-logo-big.png?fit=778%2C778","width":778,"height":778,"caption":"The Vincentian Network"},"image":{"@id":"http:\/\/vincentians.com\/es\/#\/schema\/logo\/image\/"},"sameAs":["https:\/\/www.facebook.com\/WeAreVincentians\/","https:\/\/x.com\/WeVincentians"]},{"@type":"Person","@id":"http:\/\/vincentians.com\/es\/#\/schema\/person\/9623ef4d9aa3b2dfb8c061f1499288f2","name":"Francisco Javier Fern\u00e1ndez Chento","image":{"@type":"ImageObject","inLanguage":"es","@id":"http:\/\/vincentians.com\/es\/#\/schema\/person\/image\/","url":"https:\/\/secure.gravatar.com\/avatar\/497d5cde87b4c3d097d0315953521681ba2cd523ee66e5077c3711f7021e65de?s=96&d=mm&r=g","contentUrl":"https:\/\/secure.gravatar.com\/avatar\/497d5cde87b4c3d097d0315953521681ba2cd523ee66e5077c3711f7021e65de?s=96&d=mm&r=g","caption":"Francisco Javier Fern\u00e1ndez Chento"},"description":"Director General y cofundador de La Red de Formaci\u00f3n Vicenciana. Javier es laico vicenciano, afiliado a la Congregaci\u00f3n de la Misi\u00f3n y miembro del Equipo de Misiones Populares de la provincia can\u00f3nica de Zaragoza (Espa\u00f1a) de la Congregaci\u00f3n de la Misi\u00f3n. Graduado en la Universidad Oberta de Catalunya con cuatro grados (Asistente de direcci\u00f3n, Gesti\u00f3n Administrativa, Recursos Humanos y Contabilidad Avanzada). Bil\u00edng\u00fce Espa\u00f1ol\/Ingl\u00e9s. gestiona y mantiene varias p\u00e1ginas web cristianas y vicencianas, incluida including La Red de Formaci\u00f3n Vicenciana, de la que es cofundador. Actualmente es responsable del \u00e1rea de Espa\u00f1ol de .famvin, la Red de Noticias de la Familia Vicenciana. Tambi\u00e9n es m\u00fasico cat\u00f3lico y ha editado varios discos. Es Director General y cofundador de Trovador, una reconocida compa\u00f1\u00eda discogr\u00e1fica critiana de Espa\u00f1a. Trabaja en las Tecnolog\u00edas de la Informaci\u00f3n, ofreciendo servicios de alojamiento, dise\u00f1o y mantenimiento Web, as\u00ed como asesoramiento, formaci\u00f3n y soluciones inform\u00e1ticas, gesti\u00f3n documental y digitalizaci\u00f3n de textos, edici\u00f3n y maquetaci\u00f3n de libros, revistas, flyers, etc.","sameAs":["http:\/\/chento.org","https:\/\/www.facebook.com\/JavierChento","https:\/\/x.com\/https:\/\/twitter.com\/javierchento"],"url":"https:\/\/vincentians.com\/es\/author\/chento\/"}]}},"jetpack_publicize_connections":[],"jetpack_featured_media_url":"https:\/\/i0.wp.com\/vincentians.com\/es\/wp-content\/uploads\/sites\/11\/2016\/09\/sencillos-como-palomas.jpg?fit=1200%2C630&ssl=1","jetpack_sharing_enabled":true,"jetpack_shortlink":"https:\/\/wp.me\/p7ETMF-cBp","jetpack-related-posts":[{"id":114693,"url":"https:\/\/vincentians.com\/es\/novena-a-la-virgen-milagrosa-2012-dia-1o\/","url_meta":{"origin":48447,"position":0},"title":"Novena a la Virgen Milagrosa 2012: D\u00eda 1\u00ba","author":"Francisco Javier Fern\u00e1ndez Chento","date":"19\/11\/2012","format":false,"excerpt":"Jesucristo es la puerta de Dios MONICI\u00d3N DE ENTRADA Bienvenidos a este santuario de la Virgen Milagrosa. Dicen los orientales que oyen y ven la Palabra de Dios. Tambi\u00e9n nosotros, desde el comienzo de la Novena en honor de la Virgen de la Medalla Milagrosa, vamos a escuchar y a\u2026","rel":"","context":"En \u00abVirgen Mar\u00eda\u00bb","block_context":{"text":"Virgen Mar\u00eda","link":"https:\/\/vincentians.com\/es\/category\/espiritualidad\/virgen-maria\/"},"img":{"alt_text":"","src":"https:\/\/i0.wp.com\/vicencianos.org\/wp-content\/2012\/11\/novena_milagrosa_2012_portada-211x300.jpg?resize=350%2C200","width":350,"height":200},"classes":[]},{"id":118027,"url":"https:\/\/vincentians.com\/es\/continuar-la-misma-mision-de-cristo\/","url_meta":{"origin":48447,"position":1},"title":"Continuar la misma misi\u00f3n de Cristo","author":"Francisco Javier Fern\u00e1ndez Chento","date":"25\/05\/2015","format":false,"excerpt":"I.- Si pregunt\u00e1ramos a Vicente de Paul ...c\u00f3mo nos presenta\u00adr\u00eda la vocaci\u00f3n que Dios da a sus seguidores en este siglo XX que agoniza, creo que no vacilar\u00eda en reafirmarnos la respuesta que en\u00adcontramos a trav\u00e9s de toda su vida y sus escritos: Dios los ha llama\u00addo a CUMPLIR LA\u2026","rel":"","context":"En \u00abEspiritualidad vicenciana\u00bb","block_context":{"text":"Espiritualidad vicenciana","link":"https:\/\/vincentians.com\/es\/category\/espiritualidad\/espiritualidad-vicenciana\/"},"img":{"alt_text":"Go-ye-therefore-and-teach-all-nations-Harry-Anderson","src":"https:\/\/i0.wp.com\/vicencianos.org\/wp-content\/2013\/02\/Go-ye-therefore-and-teach-all-nations-Harry-Anderson-300x189.jpg?resize=350%2C200","width":350,"height":200},"classes":[]},{"id":143203,"url":"https:\/\/vincentians.com\/es\/la-mision-segun-san-vicente-el-misionero\/","url_meta":{"origin":48447,"position":2},"title":"La Misi\u00f3n seg\u00fan san Vicente, el misionero","author":"Francisco Javier Fern\u00e1ndez Chento","date":"16\/04\/2015","format":false,"excerpt":"Introducci\u00f3n Las palabras \u201cmisi\u00f3n y misionero\u201d son ciertamente las que mejor definen a san Vicente, las que mejor unifican su personalidad y su espiritualidad. Cuando estudiamos a san Vicente, su vida, sus actividades o sus obras, se corre el riesgo de ser sorprendido o desbordado, por el lado imponente y\u2026","rel":"","context":"En \u00abFormaci\u00f3n Vicenciana\u00bb","block_context":{"text":"Formaci\u00f3n Vicenciana","link":"https:\/\/vincentians.com\/es\/category\/formacion-vicenciana\/"},"img":{"alt_text":"imagenes-vicente","src":"https:\/\/i0.wp.com\/vicencianos.org\/wp-content\/2015\/04\/imagenes-vicente-300x169.jpg?resize=350%2C200","width":350,"height":200},"classes":[]},{"id":119576,"url":"https:\/\/vincentians.com\/es\/la-fe-adhesion-personal-a-dios\/","url_meta":{"origin":48447,"position":3},"title":"La Fe, adhesi\u00f3n personal a Dios","author":"Francisco Javier Fern\u00e1ndez Chento","date":"08\/04\/2013","format":false,"excerpt":"Dice el Papa Benedicto XVI que \"la puerta de la fe est\u00e1 siempre abierta para nosotros\u2026 Atravesar esa puerta supone emprender un camino que dura toda la vida\" (P.F.1) Hace ya tiempo que todos nosotros traspasamos el umbral de esa puerta e iniciamos el camino. Pero nos llama la Iglesia\u2026","rel":"","context":"En \u00abFormaci\u00f3n Cristiana\u00bb","block_context":{"text":"Formaci\u00f3n Cristiana","link":"https:\/\/vincentians.com\/es\/category\/formacion-cristiana\/"},"img":{"alt_text":"paix","src":"https:\/\/i0.wp.com\/vicencianos.org\/wp-content\/2013\/04\/paix-300x300.jpg?resize=350%2C200","width":350,"height":200},"classes":[]},{"id":131929,"url":"https:\/\/vincentians.com\/es\/llamados-a-evangelizar-a-los-pobres\/","url_meta":{"origin":48447,"position":4},"title":"Llamados a evangelizar a los pobres","author":"Francisco Javier Fern\u00e1ndez Chento","date":"14\/12\/2014","format":false,"excerpt":"Se me ha dado plena autoridad en el cielo y en la tierra. Id y haced disc\u00edpulos de todas las naciones, bautizadlos para consagr\u00e1rselos al Padre y al Hijo y al Esp\u00edritu Santo, y ense\u00f1adles a guardar todo lo que os he mandado; mirad que yo estoy con vosotros cada\u2026","rel":"","context":"En \u00abEspiritualidad vicenciana\u00bb","block_context":{"text":"Espiritualidad vicenciana","link":"https:\/\/vincentians.com\/es\/category\/espiritualidad\/espiritualidad-vicenciana\/"},"img":{"alt_text":"evangelizacion_pobres","src":"https:\/\/i0.wp.com\/vicencianos.org\/wp-content\/2014\/12\/evangelizacion_pobres-300x225.jpg?resize=350%2C200","width":350,"height":200},"classes":[]},{"id":120299,"url":"https:\/\/vincentians.com\/es\/vicente-de-paul-la-fe-que-dio-sentido-a-su-vida-v-nuestro-senor-mismo-se-hizo-hombre-para-salvar-a-todos-los-hombres\/","url_meta":{"origin":48447,"position":5},"title":"Vicente de Pa\u00fal: la fe que dio sentido a su vida. V. Nuestro Se\u00f1or mismo se hizo hombre para salvar a todos los hombres","author":"Francisco Javier Fern\u00e1ndez Chento","date":"04\/01\/2015","format":false,"excerpt":"V. Nuestro Se\u00f1or mismo se hizo hombre para salvar a todos los hombres Hemos podido comprobar ya reiteradamente que el Se\u00ad\u00f1or Vicente parece emplear casi indistintamente unas mis\u00admas expresiones para hablar de Dios y para hablar de Je\u00adsucristo. As\u00ed es como, cuando recomienda a las Hijas de la Caridad \"dejar\u2026","rel":"","context":"En \u00abEspiritualidad vicenciana\u00bb","block_context":{"text":"Espiritualidad vicenciana","link":"https:\/\/vincentians.com\/es\/category\/espiritualidad\/espiritualidad-vicenciana\/"},"img":{"alt_text":"Vincent-de-Paul-and-bible-alternate","src":"https:\/\/i0.wp.com\/vicencianos.org\/wp-content\/2013\/04\/Vincent-de-Paul-and-bible-alternate-216x300.jpg?resize=350%2C200","width":350,"height":200},"classes":[]}],"_links":{"self":[{"href":"https:\/\/vincentians.com\/es\/wp-json\/wp\/v2\/posts\/48447","targetHints":{"allow":["GET"]}}],"collection":[{"href":"https:\/\/vincentians.com\/es\/wp-json\/wp\/v2\/posts"}],"about":[{"href":"https:\/\/vincentians.com\/es\/wp-json\/wp\/v2\/types\/post"}],"author":[{"embeddable":true,"href":"https:\/\/vincentians.com\/es\/wp-json\/wp\/v2\/users\/4"}],"replies":[{"embeddable":true,"href":"https:\/\/vincentians.com\/es\/wp-json\/wp\/v2\/comments?post=48447"}],"version-history":[{"count":2,"href":"https:\/\/vincentians.com\/es\/wp-json\/wp\/v2\/posts\/48447\/revisions"}],"predecessor-version":[{"id":400216,"href":"https:\/\/vincentians.com\/es\/wp-json\/wp\/v2\/posts\/48447\/revisions\/400216"}],"wp:featuredmedia":[{"embeddable":true,"href":"https:\/\/vincentians.com\/es\/wp-json\/wp\/v2\/media\/400011"}],"wp:attachment":[{"href":"https:\/\/vincentians.com\/es\/wp-json\/wp\/v2\/media?parent=48447"}],"wp:term":[{"taxonomy":"category","embeddable":true,"href":"https:\/\/vincentians.com\/es\/wp-json\/wp\/v2\/categories?post=48447"},{"taxonomy":"post_tag","embeddable":true,"href":"https:\/\/vincentians.com\/es\/wp-json\/wp\/v2\/tags?post=48447"}],"curies":[{"name":"wp","href":"https:\/\/api.w.org\/{rel}","templated":true}]}}