{"id":48119,"date":"2011-08-17T04:54:59","date_gmt":"2011-08-17T02:54:59","guid":{"rendered":"http:\/\/somos.vicencianos.org\/?p=48119"},"modified":"2011-08-17T04:54:59","modified_gmt":"2011-08-17T02:54:59","slug":"primera-asamblea-general-de-la-juventud-mariana-vicentina-documento-final","status":"publish","type":"post","link":"https:\/\/vincentians.com\/es\/primera-asamblea-general-de-la-juventud-mariana-vicentina-documento-final\/","title":{"rendered":"Primera asamblea general de la juventud mariana vicentina. Documento Final"},"content":{"rendered":"<p><em><a href=\"https:\/\/i0.wp.com\/vicencianos.org\/wp-content\/2011\/04\/jmv.jpg\"><img data-recalc-dims=\"1\" loading=\"lazy\" decoding=\"async\" class=\"alignright size-medium wp-image-32787\" title=\"jmv\" alt=\"\" src=\"https:\/\/i0.wp.com\/vicencianos.org\/wp-content\/2011\/04\/jmv-188x300.jpg?resize=188%2C300\" width=\"188\" height=\"300\" \/><\/a>Roma, 8-12 de agosto de 2000<\/em><\/p>\n<p><strong><em>Un sue\u00f1o que se transforma en realidad&#8230;<\/em><\/strong><\/p>\n<p>Despu\u00e9s de dos a\u00f1os de preparaci\u00f3n, de asiduo trabajo y de reflexi\u00f3n, hemos llegado a la Primera Asamblea General de JMV. Durante cinco d\u00edas pudimos compartir momentos intensos de oraci\u00f3n, de estudio, de reflexi\u00f3n y de convivencia, desde los cuales creemos haber cumplido con los objetivos planteados. Todo esto, gracias a la presencia fuerte del Esp\u00edritu, a quien invocamos una y otra vez: <em>\u00abVen Esp\u00edritu Santo\u00bb.<\/em> Bajo su acci\u00f3n, nuestra Asamblea nombr\u00f3 su primer Consejo Internacional y marc\u00f3 las L\u00edneas de Acci\u00f3n de la Asociaci\u00f3n para los pr\u00f3ximos cinco a\u00f1os. Estos acontecimientos han dejado una profunda huella en nuestra mente y en nuestro coraz\u00f3n.<\/p>\n<p>Es dif\u00edcil compartir en toda su profundidad las experiencias que juntos hemos vivido. Todas ellas nos permitieron constatar que nuestra Asociaci\u00f3n es un don para la Iglesia y para el mundo en el nuevo milenio<em>.<\/em> Pudimos conocernos y descubrir nuestros valores. La diversidad cultural que existe entre nosotros se convierte en una riqueza. Pudimos<em> <\/em>percibir<em> <\/em>particularmente esto<em> <\/em>en las celebraciones eucar\u00edsticas, en los momentos de trabajo de grupo y en nuestra convivencia.<\/p>\n<p>El mensaje de la rue du Bac, que dio origen a nuestra Asociaci\u00f3n, es siempre actual y tiene la fuerza viva que nos impulsa a ser testigos de Cristo servidor, a ejemplo de Mar\u00eda, de San Vicente de Pa\u00fal y de Santa Catalina Labour\u00e9. Este mensaje est\u00e1 en nuestras manos, y somos enviados a decirle al mundo con nuestras obras que Dios es amor y que Mar\u00eda es imagen de la ternura de Dios.<\/p>\n<p>Al final de nuestra Asamblea, regresamos a nuestros pa\u00edses con el coraz\u00f3n cargado de amor, de esperanza y de entusiasmo, para seguir recorriendo juntos este maravilloso camino de JMV, ya presente en m\u00e1s de 40 pa\u00edses. Juntamente con la alegr\u00eda de nuestro nuevo equipo coordinador internacional, volvemos a Ustedes con un mensaje de esperanza:<\/p>\n<p><em>Queridos Amigos y Hermanos, <\/em><\/p>\n<p>Les damos esta buena noticia: s\u00ed hay un camino para recorrer juntos en el nuevo milenio. Hemos so\u00f1ado la Asociaci\u00f3n para los <strong>pr\u00f3ximos cinco a\u00f1os:<\/strong><\/p>\n<p>Iluminados por el mensaje recibido en cada conferencia y animados por la reflexi\u00f3n de la Asamblea, hemos juzgado necesario fijar nuestra mirada en <strong>siete temas<\/strong> que nos parecieron los m\u00e1s importantes. Para cada uno de ellos hemos elaborado algunas <strong>L\u00edneas de Acci\u00f3n,<\/strong> sencillas y concretas que, juntamente con todos Ustedes, miembros de la Asociaci\u00f3n, queremos hacer realidad en los pr\u00f3ximos cinco a\u00f1os para ir siempre m\u00e1s all\u00e1 y ser una fuerza prof\u00e9tica que transforme al mundo.<\/p>\n<h2><strong>1. Vida espiritual<\/strong><\/h2>\n<p>Nuestra esperanza es que podamos apoyarnos unos a otros orando cada d\u00eda, y que nuestra oraci\u00f3n sea hermosa para Dios y atractiva para los j\u00f3venes.<\/p>\n<ol>\n<li>Haremos de la oraci\u00f3n parte integrante de nuestros encuentros de catequesis y de formaci\u00f3n, de apostolado, de servicio y de evangelizaci\u00f3n, de modo que logremos asumirla en nuestra vida diaria natural y espont\u00e1neamente.<\/li>\n<li>El Secretariado Internacional, en colaboraci\u00f3n con el Consejo Internacional, elaborar\u00e1 un libro de oraciones para toda la Asociaci\u00f3n que nos ayude a mantener el esp\u00edritu de oraci\u00f3n en com\u00fan y, en consecuencia, a reforzar nuestro sentido de pertenencia a la misma. Para realizar este proyecto solicitar\u00e1 a todos los pa\u00edses sus propios materiales de oraci\u00f3n.<\/li>\n<\/ol>\n<h2><strong>2. Formaci\u00f3n<\/strong><\/h2>\n<p><em>La formaci\u00f3n inicial y permanente de los miembros de la Asociaci\u00f3n<\/em> <em>es de vital importancia<strong>:<\/strong> es ella la clave del camino de nuestra fe.<\/em><\/p>\n<ol>\n<li>Desde el Consejo y Secretariado Internacionales se crear\u00e1n lineamientos generales para la formaci\u00f3n, por etapas. Cada Consejo Nacional los concretizar\u00e1 y desarrollar\u00e1, partiendo de su realidad y de sus necesidades. Este proyecto de formaci\u00f3n a nivel nacional tendr\u00e1 en cuenta, sobre todo<em>,<\/em> la dimensi\u00f3n humana, eclesial, misionera, mariana y vicentina.<\/li>\n<li>Nos comprometeremos con creatividad, tanto desde el Secretariado Internacional como desde los Consejos Nacionales, a elaborar y a compartir materiales de formaci\u00f3n que sean<em> <\/em>sencillos, concretos y atractivos, de modo que nos ayuden en la formaci\u00f3n de los miembros de la Asociaci\u00f3n.<\/li>\n<li>En nuestros programas de formaci\u00f3n tendremos muy en cuenta la dimensi\u00f3n social, de forma que desarrollemos un conocimiento cr\u00edtico y prof\u00e9tico de la realidad. Mantendremos sobre \u00e9sta nuestra \u00f3ptica mariana y vicentina y, desde<em> <\/em>ella, buscaremos acciones concretas de servicio y denuncia prof\u00e9tica.<\/li>\n<li>A todos los niveles de nuestra Asociaci\u00f3n animaremos a nuestros asesores, formadores y gu\u00edas para que se comprometan tambi\u00e9n ellos en su formaci\u00f3n continua, de manera que sean para nosotros verdaderos orientadores y profetas.<\/li>\n<\/ol>\n<h2><strong>3. Mar\u00eda y la asociaci\u00f3n<br \/>\n<\/strong><\/h2>\n<p>Mar\u00eda nos conduce hacia a Cristo. Ella nos invita a amar como \u00c9l am\u00f3, nos ense\u00f1a la humildad, la sencillez y la ternura, para llegar a ser instrumentos del amor en el servicio a los dem\u00e1s.<\/p>\n<ol>\n<li>Fundamentaremos nuestra espiritualidad mariana en el canto del <em>Magnificat,<\/em> que nos invita a vivir en actitud de alegr\u00eda y de agradecimiento a Dios por las maravillas de su salvaci\u00f3n.<\/li>\n<li>Inspirados en el Canto del <em>Magnificat,<\/em> centraremos nuestra opci\u00f3n clara por Dios como \u00fanico Absoluto, y nos colocaremos entre los pobres y los d\u00e9biles como \u00abel medio ambiente\u00bb en el cual hacemos efectiva nuestra entrega a Dios.<\/li>\n<li>Promoveremos y profundizaremos la Consagraci\u00f3n propia de la Asociaci\u00f3n como signo de pertenencia a ella, utilizando una misma f\u00f3rmula en todas las Asociaciones Nacionales.<\/li>\n<li>Elaboraremos, tanto a nivel del Consejo Internacional como de las Asociaciones Nacionales, materiales de estudio y de oraci\u00f3n que nos ayuden a profundizar y a actualizar para los j\u00f3venes de hoy el mensaje de la rue du Bac, de modo que se favorezca la devoci\u00f3n y el culto a la Sant\u00edsima Virgen, bajo la advocaci\u00f3n de la Medalla Milagrosa<em>.<\/em><\/li>\n<\/ol>\n<h2><strong>4. Testimonio de vida<\/strong><\/h2>\n<p>Nuestra misi\u00f3n hoy es ser presencia cr\u00edtica y prof\u00e9tica, agentes multiplicadores de buenas noticias, fuerza transformadora en las propias organizaciones, frente a las pobrezas y en la sociedad.<\/p>\n<ol>\n<li>En nuestra misi\u00f3n, el primer anuncio y denuncia prof\u00e9tica lo haremos desde la coherencia y el testimonio evang\u00e9lico. As\u00ed mismo, seremos fieles, con nuestra vida, al estilo mariano y vicentino que nos debe caracterizar: sencillez, humildad y caridad pr\u00e1ctica.<\/li>\n<li>Cada uno de los miembros de la Asociaci\u00f3n integrar\u00e1, en una sola experiencia de fe y de vida, la vocaci\u00f3n cristiana y el compromiso social.<\/li>\n<\/ol>\n<h2><strong>5. Servicio &#8211; Misi\u00f3n<\/strong><\/h2>\n<p>El joven profeta es un enviado a evangelizar a los pobres, ayudando a los d\u00e9biles, liberando a los oprimidos, derrocando las tiran\u00edas y defendiendo la justicia. Con esto queremos que las personas, sobre todo aquellas en situaci\u00f3n dif\u00edcil, lleguen a ser actores de su propia historia, viviendo su dignidad y sinti\u00e9ndose amadas por Dios.<\/p>\n<ol>\n<li>Animaremos a todos los miembros de la Asociaci\u00f3n para que, de una manera organizada, hagan de su apostolado un servicio con sentido de Iglesia, cooperando con otros agentes pastorales, y en contacto directo con los pobres.<\/li>\n<li>Buscaremos medios para insertar nuestra acci\u00f3n, cada vez con m\u00e1s empe\u00f1o, en el campo de lo social, siendo as\u00ed fuerza que denuncia las estructuras de injusticia presentes<em> <\/em>en nuestra sociedad.<\/li>\n<li>Crearemos proyectos de servicio y de apostolado que nos permitan llegar a los j\u00f3venes y, de manera especial, a aquellos que se encuentran en situaci\u00f3n de riesgo.<\/li>\n<\/ol>\n<h2><strong>6. Internacionalidad<\/strong><\/h2>\n<p>Es necesario abrirnos a otras realidades para enriquecernos y crear as\u00ed una sola familia humana que vive la mundializaci\u00f3n desde los aspectos positivos que \u00e9sta nos ofrece.<\/p>\n<ol>\n<li>Trabajaremos por la aprobaci\u00f3n de los Estatutos Nacionales de la Asociaci\u00f3n en aquellos pa\u00edses en donde ya est\u00e1 presente.<\/li>\n<li>Buscaremos caminos, desde el Consejo Internacional, para fundar la Asociaci\u00f3n en pa\u00edses en donde todav\u00eda no existe, apoy\u00e1ndonos en la valiosa colaboraci\u00f3n de las Hijas de la Caridad y de la Congregaci\u00f3n de la Misi\u00f3n, o en la de otras religiosas o sacerdotes que promuevan la Asociaci\u00f3n.<\/li>\n<li>Estaremos abiertos y disponibles para ir a evangelizar y a anunciar el Reino de Dios a donde \u00c9l y los pobres nos llamen, decididos a ir siempre m\u00e1s all\u00e1 de nuestras propias fronteras.<\/li>\n<li>Crearemos un fondo econ\u00f3mico de solidaridad, con aportes de instituciones de ayuda y de las Asociaciones Nacionales, seg\u00fan sus posibilidades, para colaborar en la atenci\u00f3n de emergencias de los pobres y en proyectos de ayuda a las Asociaciones que lo requieran.<\/li>\n<li>Suscitaremos el inter\u00e9s por visitar con frecuencia la p\u00e1gina Web de la JMV, as\u00ed como la de la Familia Vicentina Internacional.<\/li>\n<\/ol>\n<p><strong>7. JMV y la Familia Vicentina<\/strong><\/p>\n<p>Dios nos llama a servir y a evangelizar a los pobres con una caridad pr\u00e1ctica y eficaz, sinti\u00e9ndonos miembros de una misma Familia que comparte sus dones, y los coloca al servicio de los pobres.<\/p>\n<ol>\n<li>Las Asociaciones Nacionales formar\u00e1n con la Familia Vicentina una Comisi\u00f3n Coordinadora Nacional, de manera que puedan unir fuerzas y canalizar energ\u00edas para servir mejor a los pobres.<\/li>\n<li>Los Consejos Nacionales o regionales participar\u00e1n con otras ramas de la Familia Vicentina en la elaboraci\u00f3n, realizaci\u00f3n y evaluaci\u00f3n de proyectos de formaci\u00f3n y de servicio a los pobres.<\/li>\n<li>Todos los miembros de la Asociaci\u00f3n estar\u00e1n dispuestos a conocer las otras ramas de la Familia Vicentina y a colaborar con ellas, apoy\u00e1ndose mutuamente<em>.<\/em> Los Consejos Nacionales se interesar\u00e1n por establecer comunicaci\u00f3n peri\u00f3dica con las dem\u00e1s ramas.<\/li>\n<\/ol>\n<p><em>Confiamos la Asociaci\u00f3n a Mar\u00eda, nuestra \u00fanica Madre, y tambi\u00e9n, estas \u00abL\u00edneas de Acci\u00f3n\u00bb que, con la gracia de Dios, esperamos ver realizadas en cada uno de sus miembros de todos nuestros pa\u00edses:<\/em><\/p>\n<p align=\"center\"><strong><em>\u00abOh Mar\u00eda sin pecado concebida, ruega por nosotros que recurrimos a Ti\u00bb<\/em><\/strong><\/p>\n","protected":false},"excerpt":{"rendered":"<p>Roma, 8-12 de agosto de 2000 Un sue\u00f1o que se transforma en realidad&#8230; Despu\u00e9s de dos a\u00f1os de preparaci\u00f3n, de asiduo trabajo y de reflexi\u00f3n, hemos llegado a la Primera Asamblea General de JMV. Durante &#8230; <a href=\"https:\/\/vincentians.com\/es\/primera-asamblea-general-de-la-juventud-mariana-vicentina-documento-final\/\" class=\"more-link\">Read More<\/a><\/p>\n","protected":false},"author":4,"featured_media":32787,"comment_status":"open","ping_status":"open","sticky":false,"template":"","format":"standard","meta":{"jetpack_post_was_ever_published":false,"_jetpack_newsletter_access":"","_jetpack_dont_email_post_to_subs":false,"_jetpack_newsletter_tier_id":0,"_jetpack_memberships_contains_paywalled_content":false,"_jetpack_memberships_contains_paid_content":false,"footnotes":"","jetpack_publicize_message":"","jetpack_publicize_feature_enabled":true,"jetpack_social_post_already_shared":true,"jetpack_social_options":{"image_generator_settings":{"template":"highway","default_image_id":0,"font":"","enabled":false},"version":2}},"categories":[292],"tags":[190],"class_list":["post-48119","post","type-post","status-publish","format-standard","has-post-thumbnail","hentry","category-documentos-de-juventudes-marianas-vicencianas","tag-rue-du-bac"],"yoast_head":"<!-- This site is optimized with the Yoast SEO plugin v26.3 - https:\/\/yoast.com\/wordpress\/plugins\/seo\/ -->\n<title>Primera asamblea general de la juventud mariana vicentina. Documento Final - Somos Vicencianos<\/title>\n<meta name=\"robots\" content=\"index, follow, max-snippet:-1, max-image-preview:large, max-video-preview:-1\" \/>\n<link rel=\"canonical\" href=\"https:\/\/vincentians.com\/es\/primera-asamblea-general-de-la-juventud-mariana-vicentina-documento-final\/\" \/>\n<meta property=\"og:locale\" content=\"es_ES\" \/>\n<meta property=\"og:type\" content=\"article\" \/>\n<meta property=\"og:title\" content=\"Primera asamblea general de la juventud mariana vicentina. Documento Final - Somos Vicencianos\" \/>\n<meta property=\"og:description\" content=\"Roma, 8-12 de agosto de 2000 Un sue\u00f1o que se transforma en realidad&#8230; Despu\u00e9s de dos a\u00f1os de preparaci\u00f3n, de asiduo trabajo y de reflexi\u00f3n, hemos llegado a la Primera Asamblea General de JMV. Durante ... Read More\" \/>\n<meta property=\"og:url\" content=\"https:\/\/vincentians.com\/es\/primera-asamblea-general-de-la-juventud-mariana-vicentina-documento-final\/\" \/>\n<meta property=\"og:site_name\" content=\"Somos Vicencianos\" \/>\n<meta property=\"article:publisher\" content=\"https:\/\/www.facebook.com\/WeAreVincentians\/\" \/>\n<meta property=\"article:author\" content=\"https:\/\/www.facebook.com\/JavierChento\" \/>\n<meta property=\"article:published_time\" content=\"2011-08-17T02:54:59+00:00\" \/>\n<meta name=\"author\" content=\"Francisco Javier Fern\u00e1ndez Chento\" \/>\n<meta name=\"twitter:card\" content=\"summary_large_image\" \/>\n<meta name=\"twitter:creator\" content=\"@https:\/\/twitter.com\/javierchento\" \/>\n<meta name=\"twitter:site\" content=\"@WeVincentians\" \/>\n<meta name=\"twitter:label1\" content=\"Escrito por\" \/>\n\t<meta name=\"twitter:data1\" content=\"Francisco Javier Fern\u00e1ndez Chento\" \/>\n\t<meta name=\"twitter:label2\" content=\"Tiempo de lectura\" \/>\n\t<meta name=\"twitter:data2\" content=\"8 minutos\" \/>\n<script type=\"application\/ld+json\" class=\"yoast-schema-graph\">{\"@context\":\"https:\/\/schema.org\",\"@graph\":[{\"@type\":\"Article\",\"@id\":\"https:\/\/vincentians.com\/es\/primera-asamblea-general-de-la-juventud-mariana-vicentina-documento-final\/#article\",\"isPartOf\":{\"@id\":\"https:\/\/vincentians.com\/es\/primera-asamblea-general-de-la-juventud-mariana-vicentina-documento-final\/\"},\"author\":{\"name\":\"Francisco Javier Fern\u00e1ndez Chento\",\"@id\":\"http:\/\/vincentians.com\/es\/#\/schema\/person\/9623ef4d9aa3b2dfb8c061f1499288f2\"},\"headline\":\"Primera asamblea general de la juventud mariana vicentina. Documento Final\",\"datePublished\":\"2011-08-17T02:54:59+00:00\",\"mainEntityOfPage\":{\"@id\":\"https:\/\/vincentians.com\/es\/primera-asamblea-general-de-la-juventud-mariana-vicentina-documento-final\/\"},\"wordCount\":1695,\"commentCount\":0,\"publisher\":{\"@id\":\"http:\/\/vincentians.com\/es\/#organization\"},\"image\":{\"@id\":\"https:\/\/vincentians.com\/es\/primera-asamblea-general-de-la-juventud-mariana-vicentina-documento-final\/#primaryimage\"},\"thumbnailUrl\":\"\",\"keywords\":[\"Rue du Bac\"],\"articleSection\":[\"Documentos de Juventudes Marianas Vicencianas\"],\"inLanguage\":\"es\",\"potentialAction\":[{\"@type\":\"CommentAction\",\"name\":\"Comment\",\"target\":[\"https:\/\/vincentians.com\/es\/primera-asamblea-general-de-la-juventud-mariana-vicentina-documento-final\/#respond\"]}]},{\"@type\":\"WebPage\",\"@id\":\"https:\/\/vincentians.com\/es\/primera-asamblea-general-de-la-juventud-mariana-vicentina-documento-final\/\",\"url\":\"https:\/\/vincentians.com\/es\/primera-asamblea-general-de-la-juventud-mariana-vicentina-documento-final\/\",\"name\":\"Primera asamblea general de la juventud mariana vicentina. Documento Final - Somos Vicencianos\",\"isPartOf\":{\"@id\":\"http:\/\/vincentians.com\/es\/#website\"},\"primaryImageOfPage\":{\"@id\":\"https:\/\/vincentians.com\/es\/primera-asamblea-general-de-la-juventud-mariana-vicentina-documento-final\/#primaryimage\"},\"image\":{\"@id\":\"https:\/\/vincentians.com\/es\/primera-asamblea-general-de-la-juventud-mariana-vicentina-documento-final\/#primaryimage\"},\"thumbnailUrl\":\"\",\"datePublished\":\"2011-08-17T02:54:59+00:00\",\"breadcrumb\":{\"@id\":\"https:\/\/vincentians.com\/es\/primera-asamblea-general-de-la-juventud-mariana-vicentina-documento-final\/#breadcrumb\"},\"inLanguage\":\"es\",\"potentialAction\":[{\"@type\":\"ReadAction\",\"target\":[\"https:\/\/vincentians.com\/es\/primera-asamblea-general-de-la-juventud-mariana-vicentina-documento-final\/\"]}]},{\"@type\":\"ImageObject\",\"inLanguage\":\"es\",\"@id\":\"https:\/\/vincentians.com\/es\/primera-asamblea-general-de-la-juventud-mariana-vicentina-documento-final\/#primaryimage\",\"url\":\"\",\"contentUrl\":\"\"},{\"@type\":\"BreadcrumbList\",\"@id\":\"https:\/\/vincentians.com\/es\/primera-asamblea-general-de-la-juventud-mariana-vicentina-documento-final\/#breadcrumb\",\"itemListElement\":[{\"@type\":\"ListItem\",\"position\":1,\"name\":\"Portada\",\"item\":\"http:\/\/vincentians.com\/es\/\"},{\"@type\":\"ListItem\",\"position\":2,\"name\":\"Primera asamblea general de la juventud mariana vicentina. Documento Final\"}]},{\"@type\":\"WebSite\",\"@id\":\"http:\/\/vincentians.com\/es\/#website\",\"url\":\"http:\/\/vincentians.com\/es\/\",\"name\":\"Somos Vicencianos\",\"description\":\"Know more to serve more\",\"publisher\":{\"@id\":\"http:\/\/vincentians.com\/es\/#organization\"},\"potentialAction\":[{\"@type\":\"SearchAction\",\"target\":{\"@type\":\"EntryPoint\",\"urlTemplate\":\"http:\/\/vincentians.com\/es\/?s={search_term_string}\"},\"query-input\":{\"@type\":\"PropertyValueSpecification\",\"valueRequired\":true,\"valueName\":\"search_term_string\"}}],\"inLanguage\":\"es\"},{\"@type\":\"Organization\",\"@id\":\"http:\/\/vincentians.com\/es\/#organization\",\"name\":\"The Vincentian Network\",\"url\":\"http:\/\/vincentians.com\/es\/\",\"logo\":{\"@type\":\"ImageObject\",\"inLanguage\":\"es\",\"@id\":\"http:\/\/vincentians.com\/es\/#\/schema\/logo\/image\/\",\"url\":\"https:\/\/i1.wp.com\/vincentians.com\/es\/wp-content\/uploads\/sites\/11\/2016\/06\/Vincentian-Network-logo-big.png?fit=778%2C778\",\"contentUrl\":\"https:\/\/i1.wp.com\/vincentians.com\/es\/wp-content\/uploads\/sites\/11\/2016\/06\/Vincentian-Network-logo-big.png?fit=778%2C778\",\"width\":778,\"height\":778,\"caption\":\"The Vincentian Network\"},\"image\":{\"@id\":\"http:\/\/vincentians.com\/es\/#\/schema\/logo\/image\/\"},\"sameAs\":[\"https:\/\/www.facebook.com\/WeAreVincentians\/\",\"https:\/\/x.com\/WeVincentians\"]},{\"@type\":\"Person\",\"@id\":\"http:\/\/vincentians.com\/es\/#\/schema\/person\/9623ef4d9aa3b2dfb8c061f1499288f2\",\"name\":\"Francisco Javier Fern\u00e1ndez Chento\",\"image\":{\"@type\":\"ImageObject\",\"inLanguage\":\"es\",\"@id\":\"http:\/\/vincentians.com\/es\/#\/schema\/person\/image\/\",\"url\":\"https:\/\/secure.gravatar.com\/avatar\/497d5cde87b4c3d097d0315953521681ba2cd523ee66e5077c3711f7021e65de?s=96&d=mm&r=g\",\"contentUrl\":\"https:\/\/secure.gravatar.com\/avatar\/497d5cde87b4c3d097d0315953521681ba2cd523ee66e5077c3711f7021e65de?s=96&d=mm&r=g\",\"caption\":\"Francisco Javier Fern\u00e1ndez Chento\"},\"description\":\"Director General y cofundador de La Red de Formaci\u00f3n Vicenciana. Javier es laico vicenciano, afiliado a la Congregaci\u00f3n de la Misi\u00f3n y miembro del Equipo de Misiones Populares de la provincia can\u00f3nica de Zaragoza (Espa\u00f1a) de la Congregaci\u00f3n de la Misi\u00f3n. Graduado en la Universidad Oberta de Catalunya con cuatro grados (Asistente de direcci\u00f3n, Gesti\u00f3n Administrativa, Recursos Humanos y Contabilidad Avanzada). Bil\u00edng\u00fce Espa\u00f1ol\/Ingl\u00e9s. gestiona y mantiene varias p\u00e1ginas web cristianas y vicencianas, incluida including La Red de Formaci\u00f3n Vicenciana, de la que es cofundador. Actualmente es responsable del \u00e1rea de Espa\u00f1ol de .famvin, la Red de Noticias de la Familia Vicenciana. Tambi\u00e9n es m\u00fasico cat\u00f3lico y ha editado varios discos. Es Director General y cofundador de Trovador, una reconocida compa\u00f1\u00eda discogr\u00e1fica critiana de Espa\u00f1a. Trabaja en las Tecnolog\u00edas de la Informaci\u00f3n, ofreciendo servicios de alojamiento, dise\u00f1o y mantenimiento Web, as\u00ed como asesoramiento, formaci\u00f3n y soluciones inform\u00e1ticas, gesti\u00f3n documental y digitalizaci\u00f3n de textos, edici\u00f3n y maquetaci\u00f3n de libros, revistas, flyers, etc.\",\"sameAs\":[\"http:\/\/chento.org\",\"https:\/\/www.facebook.com\/JavierChento\",\"https:\/\/x.com\/https:\/\/twitter.com\/javierchento\"],\"url\":\"https:\/\/vincentians.com\/es\/author\/chento\/\"}]}<\/script>\n<!-- \/ Yoast SEO plugin. -->","yoast_head_json":{"title":"Primera asamblea general de la juventud mariana vicentina. Documento Final - Somos Vicencianos","robots":{"index":"index","follow":"follow","max-snippet":"max-snippet:-1","max-image-preview":"max-image-preview:large","max-video-preview":"max-video-preview:-1"},"canonical":"https:\/\/vincentians.com\/es\/primera-asamblea-general-de-la-juventud-mariana-vicentina-documento-final\/","og_locale":"es_ES","og_type":"article","og_title":"Primera asamblea general de la juventud mariana vicentina. Documento Final - Somos Vicencianos","og_description":"Roma, 8-12 de agosto de 2000 Un sue\u00f1o que se transforma en realidad&#8230; Despu\u00e9s de dos a\u00f1os de preparaci\u00f3n, de asiduo trabajo y de reflexi\u00f3n, hemos llegado a la Primera Asamblea General de JMV. Durante ... Read More","og_url":"https:\/\/vincentians.com\/es\/primera-asamblea-general-de-la-juventud-mariana-vicentina-documento-final\/","og_site_name":"Somos Vicencianos","article_publisher":"https:\/\/www.facebook.com\/WeAreVincentians\/","article_author":"https:\/\/www.facebook.com\/JavierChento","article_published_time":"2011-08-17T02:54:59+00:00","author":"Francisco Javier Fern\u00e1ndez Chento","twitter_card":"summary_large_image","twitter_creator":"@https:\/\/twitter.com\/javierchento","twitter_site":"@WeVincentians","twitter_misc":{"Escrito por":"Francisco Javier Fern\u00e1ndez Chento","Tiempo de lectura":"8 minutos"},"schema":{"@context":"https:\/\/schema.org","@graph":[{"@type":"Article","@id":"https:\/\/vincentians.com\/es\/primera-asamblea-general-de-la-juventud-mariana-vicentina-documento-final\/#article","isPartOf":{"@id":"https:\/\/vincentians.com\/es\/primera-asamblea-general-de-la-juventud-mariana-vicentina-documento-final\/"},"author":{"name":"Francisco Javier Fern\u00e1ndez Chento","@id":"http:\/\/vincentians.com\/es\/#\/schema\/person\/9623ef4d9aa3b2dfb8c061f1499288f2"},"headline":"Primera asamblea general de la juventud mariana vicentina. Documento Final","datePublished":"2011-08-17T02:54:59+00:00","mainEntityOfPage":{"@id":"https:\/\/vincentians.com\/es\/primera-asamblea-general-de-la-juventud-mariana-vicentina-documento-final\/"},"wordCount":1695,"commentCount":0,"publisher":{"@id":"http:\/\/vincentians.com\/es\/#organization"},"image":{"@id":"https:\/\/vincentians.com\/es\/primera-asamblea-general-de-la-juventud-mariana-vicentina-documento-final\/#primaryimage"},"thumbnailUrl":"","keywords":["Rue du Bac"],"articleSection":["Documentos de Juventudes Marianas Vicencianas"],"inLanguage":"es","potentialAction":[{"@type":"CommentAction","name":"Comment","target":["https:\/\/vincentians.com\/es\/primera-asamblea-general-de-la-juventud-mariana-vicentina-documento-final\/#respond"]}]},{"@type":"WebPage","@id":"https:\/\/vincentians.com\/es\/primera-asamblea-general-de-la-juventud-mariana-vicentina-documento-final\/","url":"https:\/\/vincentians.com\/es\/primera-asamblea-general-de-la-juventud-mariana-vicentina-documento-final\/","name":"Primera asamblea general de la juventud mariana vicentina. Documento Final - Somos Vicencianos","isPartOf":{"@id":"http:\/\/vincentians.com\/es\/#website"},"primaryImageOfPage":{"@id":"https:\/\/vincentians.com\/es\/primera-asamblea-general-de-la-juventud-mariana-vicentina-documento-final\/#primaryimage"},"image":{"@id":"https:\/\/vincentians.com\/es\/primera-asamblea-general-de-la-juventud-mariana-vicentina-documento-final\/#primaryimage"},"thumbnailUrl":"","datePublished":"2011-08-17T02:54:59+00:00","breadcrumb":{"@id":"https:\/\/vincentians.com\/es\/primera-asamblea-general-de-la-juventud-mariana-vicentina-documento-final\/#breadcrumb"},"inLanguage":"es","potentialAction":[{"@type":"ReadAction","target":["https:\/\/vincentians.com\/es\/primera-asamblea-general-de-la-juventud-mariana-vicentina-documento-final\/"]}]},{"@type":"ImageObject","inLanguage":"es","@id":"https:\/\/vincentians.com\/es\/primera-asamblea-general-de-la-juventud-mariana-vicentina-documento-final\/#primaryimage","url":"","contentUrl":""},{"@type":"BreadcrumbList","@id":"https:\/\/vincentians.com\/es\/primera-asamblea-general-de-la-juventud-mariana-vicentina-documento-final\/#breadcrumb","itemListElement":[{"@type":"ListItem","position":1,"name":"Portada","item":"http:\/\/vincentians.com\/es\/"},{"@type":"ListItem","position":2,"name":"Primera asamblea general de la juventud mariana vicentina. Documento Final"}]},{"@type":"WebSite","@id":"http:\/\/vincentians.com\/es\/#website","url":"http:\/\/vincentians.com\/es\/","name":"Somos Vicencianos","description":"Know more to serve more","publisher":{"@id":"http:\/\/vincentians.com\/es\/#organization"},"potentialAction":[{"@type":"SearchAction","target":{"@type":"EntryPoint","urlTemplate":"http:\/\/vincentians.com\/es\/?s={search_term_string}"},"query-input":{"@type":"PropertyValueSpecification","valueRequired":true,"valueName":"search_term_string"}}],"inLanguage":"es"},{"@type":"Organization","@id":"http:\/\/vincentians.com\/es\/#organization","name":"The Vincentian Network","url":"http:\/\/vincentians.com\/es\/","logo":{"@type":"ImageObject","inLanguage":"es","@id":"http:\/\/vincentians.com\/es\/#\/schema\/logo\/image\/","url":"https:\/\/i1.wp.com\/vincentians.com\/es\/wp-content\/uploads\/sites\/11\/2016\/06\/Vincentian-Network-logo-big.png?fit=778%2C778","contentUrl":"https:\/\/i1.wp.com\/vincentians.com\/es\/wp-content\/uploads\/sites\/11\/2016\/06\/Vincentian-Network-logo-big.png?fit=778%2C778","width":778,"height":778,"caption":"The Vincentian Network"},"image":{"@id":"http:\/\/vincentians.com\/es\/#\/schema\/logo\/image\/"},"sameAs":["https:\/\/www.facebook.com\/WeAreVincentians\/","https:\/\/x.com\/WeVincentians"]},{"@type":"Person","@id":"http:\/\/vincentians.com\/es\/#\/schema\/person\/9623ef4d9aa3b2dfb8c061f1499288f2","name":"Francisco Javier Fern\u00e1ndez Chento","image":{"@type":"ImageObject","inLanguage":"es","@id":"http:\/\/vincentians.com\/es\/#\/schema\/person\/image\/","url":"https:\/\/secure.gravatar.com\/avatar\/497d5cde87b4c3d097d0315953521681ba2cd523ee66e5077c3711f7021e65de?s=96&d=mm&r=g","contentUrl":"https:\/\/secure.gravatar.com\/avatar\/497d5cde87b4c3d097d0315953521681ba2cd523ee66e5077c3711f7021e65de?s=96&d=mm&r=g","caption":"Francisco Javier Fern\u00e1ndez Chento"},"description":"Director General y cofundador de La Red de Formaci\u00f3n Vicenciana. Javier es laico vicenciano, afiliado a la Congregaci\u00f3n de la Misi\u00f3n y miembro del Equipo de Misiones Populares de la provincia can\u00f3nica de Zaragoza (Espa\u00f1a) de la Congregaci\u00f3n de la Misi\u00f3n. Graduado en la Universidad Oberta de Catalunya con cuatro grados (Asistente de direcci\u00f3n, Gesti\u00f3n Administrativa, Recursos Humanos y Contabilidad Avanzada). Bil\u00edng\u00fce Espa\u00f1ol\/Ingl\u00e9s. gestiona y mantiene varias p\u00e1ginas web cristianas y vicencianas, incluida including La Red de Formaci\u00f3n Vicenciana, de la que es cofundador. Actualmente es responsable del \u00e1rea de Espa\u00f1ol de .famvin, la Red de Noticias de la Familia Vicenciana. Tambi\u00e9n es m\u00fasico cat\u00f3lico y ha editado varios discos. Es Director General y cofundador de Trovador, una reconocida compa\u00f1\u00eda discogr\u00e1fica critiana de Espa\u00f1a. Trabaja en las Tecnolog\u00edas de la Informaci\u00f3n, ofreciendo servicios de alojamiento, dise\u00f1o y mantenimiento Web, as\u00ed como asesoramiento, formaci\u00f3n y soluciones inform\u00e1ticas, gesti\u00f3n documental y digitalizaci\u00f3n de textos, edici\u00f3n y maquetaci\u00f3n de libros, revistas, flyers, etc.","sameAs":["http:\/\/chento.org","https:\/\/www.facebook.com\/JavierChento","https:\/\/x.com\/https:\/\/twitter.com\/javierchento"],"url":"https:\/\/vincentians.com\/es\/author\/chento\/"}]}},"jetpack_publicize_connections":[],"jetpack_featured_media_url":"","jetpack_sharing_enabled":true,"jetpack_shortlink":"https:\/\/wp.me\/p7ETMF-cw7","jetpack-related-posts":[{"id":29225,"url":"https:\/\/vincentians.com\/es\/circular-del-padre-gregory-gay-c-m-director-general-de-jmv\/","url_meta":{"origin":48119,"position":0},"title":"Circular del padre Gregory Gay, C.M., Director General de JMV","author":"Francisco Javier Fern\u00e1ndez Chento","date":"09\/02\/2011","format":false,"excerpt":"Roma, 2 de febrero 2011 Fiesta de la Presentaci\u00f3n del Se\u00f1or en el Templo Queridos hermanos y hermanas de la Familia Vicenciana, \u00a1Que la Gracia y la Paz de Nuestro Se\u00f1or Jesucristo llenen sus corazones ahora y siempre! Les escribo como Director General de la Juventud Mariana Vicenciana. La Asociaci\u00f3n\u2026","rel":"","context":"En \u00abJuventudes Marianas Vicencianas\u00bb","block_context":{"text":"Juventudes Marianas Vicencianas","link":"https:\/\/vincentians.com\/es\/category\/la-familia-vicenciana\/ramas\/juventudes-marianas-vicencianas\/"},"img":{"alt_text":"Logo JMV","src":"https:\/\/i0.wp.com\/vicencianos.org\/wp-content\/2011\/02\/JMV_logo-225x300.jpg?resize=350%2C200","width":350,"height":200},"classes":[]},{"id":53417,"url":"https:\/\/vincentians.com\/es\/estatutos-de-la-asociacion-internacional-de-la-juventud-mariana-vicenciana\/","url_meta":{"origin":48119,"position":1},"title":"Estatutos de la Asociaci\u00f3n Internacional de la Juventud Mariana Vicenciana","author":"Francisco Javier Fern\u00e1ndez Chento","date":"05\/05\/2019","format":false,"excerpt":"Identidad 1. La Asociaci\u00f3n Internacional de la Juventud Mariana Vicenciana es la renovaci\u00f3n de la Asociaci\u00f3n de Hijas e Hijos de Mar\u00eda Inmaculada que tuvo su origen en las Apariciones de la Virgen Mar\u00eda a Santa Catalina Labour\u00e9 en 1830. 2. La Asociaci\u00f3n de Hijas e Hijos de Mar\u00eda fue\u2026","rel":"","context":"En \u00abDocumentos de Juventudes Marianas Vicencianas\u00bb","block_context":{"text":"Documentos de Juventudes Marianas Vicencianas","link":"https:\/\/vincentians.com\/es\/category\/formacion-vicenciana\/documentos-oficiales-de-la-familia-vicenciana\/documentos-de-juventudes-marianas-vicencianas\/"},"img":{"alt_text":"","src":"https:\/\/i0.wp.com\/vincentians.com\/es\/wp-content\/uploads\/sites\/11\/2016\/08\/luisa-y-vicente-con-ninyos.jpg?fit=1200%2C630&ssl=1&resize=350%2C200","width":350,"height":200,"srcset":"https:\/\/i0.wp.com\/vincentians.com\/es\/wp-content\/uploads\/sites\/11\/2016\/08\/luisa-y-vicente-con-ninyos.jpg?fit=1200%2C630&ssl=1&resize=350%2C200 1x, https:\/\/i0.wp.com\/vincentians.com\/es\/wp-content\/uploads\/sites\/11\/2016\/08\/luisa-y-vicente-con-ninyos.jpg?fit=1200%2C630&ssl=1&resize=525%2C300 1.5x, https:\/\/i0.wp.com\/vincentians.com\/es\/wp-content\/uploads\/sites\/11\/2016\/08\/luisa-y-vicente-con-ninyos.jpg?fit=1200%2C630&ssl=1&resize=700%2C400 2x, https:\/\/i0.wp.com\/vincentians.com\/es\/wp-content\/uploads\/sites\/11\/2016\/08\/luisa-y-vicente-con-ninyos.jpg?fit=1200%2C630&ssl=1&resize=1050%2C600 3x"},"classes":[]},{"id":115978,"url":"https:\/\/vincentians.com\/es\/familia-vicenciana-y-medalla-milagrosa\/","url_meta":{"origin":48119,"position":2},"title":"Familia Vicenciana y Medalla Milagrosa","author":"Francisco Javier Fern\u00e1ndez Chento","date":"27\/11\/2022","format":false,"excerpt":"Lo que ha sido este legado desde 1830 El testimonio de la Historia nos dice que, si bien la Virgen se aparece a Santa Catalina Labour\u00e9, \u00e9sta, cumpliendo los deseos manifestados por la Madre de Dios, permanece oculta, desconocida, en el silencio m\u00e1s incomprensible; un silencio que a veces se\u2026","rel":"","context":"En \u00abVirgen Mar\u00eda\u00bb","block_context":{"text":"Virgen Mar\u00eda","link":"https:\/\/vincentians.com\/es\/category\/espiritualidad\/virgen-maria\/"},"img":{"alt_text":"","src":"https:\/\/i0.wp.com\/vincentians.com\/es\/wp-content\/uploads\/sites\/11\/2016\/08\/hijas-caridad.jpg?fit=1200%2C630&ssl=1&resize=350%2C200","width":350,"height":200,"srcset":"https:\/\/i0.wp.com\/vincentians.com\/es\/wp-content\/uploads\/sites\/11\/2016\/08\/hijas-caridad.jpg?fit=1200%2C630&ssl=1&resize=350%2C200 1x, https:\/\/i0.wp.com\/vincentians.com\/es\/wp-content\/uploads\/sites\/11\/2016\/08\/hijas-caridad.jpg?fit=1200%2C630&ssl=1&resize=525%2C300 1.5x, https:\/\/i0.wp.com\/vincentians.com\/es\/wp-content\/uploads\/sites\/11\/2016\/08\/hijas-caridad.jpg?fit=1200%2C630&ssl=1&resize=700%2C400 2x, https:\/\/i0.wp.com\/vincentians.com\/es\/wp-content\/uploads\/sites\/11\/2016\/08\/hijas-caridad.jpg?fit=1200%2C630&ssl=1&resize=1050%2C600 3x"},"classes":[]},{"id":140032,"url":"https:\/\/vincentians.com\/es\/las-asambleas-generales-en-la-congregacion-de-la-mision-historia-y-resultados\/","url_meta":{"origin":48119,"position":3},"title":"Las Asambleas Generales en la Congregaci\u00f3n de la Misi\u00f3n: Historia y Resultados","author":"Mitxel Olabu\u00e9naga","date":"20\/02\/2015","format":false,"excerpt":"Introducci\u00f3n La autoridad suprema en la Congregaci\u00f3n, su asamblea general, ha sido crucial para su desarrollo y direcci\u00f3n. En su casi cuatro siglos de existencia, la Congregaci\u00f3n ha celebrado cuarenta y uno de estos encuentros, el primero fue en 1661. Vicente mismo, sin embargo, celebr\u00f3 asambleas preliminares en 1642 y\u2026","rel":"","context":"En \u00abHistoria de la Congregaci\u00f3n de la Misi\u00f3n\u00bb","block_context":{"text":"Historia de la Congregaci\u00f3n de la Misi\u00f3n","link":"https:\/\/vincentians.com\/es\/category\/historia-de-la-familia-vicenciana\/historia-de-la-congregacion-de-la-mision\/"},"img":{"alt_text":"logocm","src":"https:\/\/i0.wp.com\/vicencianos.org\/wp-content\/2011\/12\/logocm-245x300.png?resize=350%2C200","width":350,"height":200},"classes":[]},{"id":33566,"url":"https:\/\/vincentians.com\/es\/nuevo-presidente-de-juventudes-marianas-vicencianas-en-espana\/","url_meta":{"origin":48119,"position":4},"title":"Nuevo presidente de Juventudes Marianas Vicencianas en Espa\u00f1a","author":"Francisco Javier Fern\u00e1ndez Chento","date":"07\/04\/2011","format":false,"excerpt":"Los d\u00edas 2 y 3 de abril JMV de Espa\u00f1a ha celebrado su V Asamblea General nacional en la Casa Provincial de las Hijas de la Caridad de Santa Luisa, con la participaci\u00f3n de unos 100 j\u00f3venes y asesores, representando a las 9 provincias can\u00f3nicas. Comenzamos en la capilla de\u2026","rel":"","context":"En \u00abJuventudes Marianas Vicencianas\u00bb","block_context":{"text":"Juventudes Marianas Vicencianas","link":"https:\/\/vincentians.com\/es\/category\/la-familia-vicenciana\/ramas\/juventudes-marianas-vicencianas\/"},"img":{"alt_text":"Irune, presidenta saliente, y Daniel, nuevo presidente de JMV","src":"https:\/\/i0.wp.com\/vicencianos.org\/wp-content\/2011\/04\/irune_y_daniel_jmv-211x300.jpg?resize=350%2C200","width":350,"height":200},"classes":[]},{"id":122918,"url":"https:\/\/vincentians.com\/es\/animacion-de-la-formacion\/","url_meta":{"origin":48119,"position":5},"title":"Animaci\u00f3n de la formaci\u00f3n","author":"Francisco Javier Fern\u00e1ndez Chento","date":"21\/09\/2022","format":false,"excerpt":"1. Introducci\u00f3n Cuando se me encomend\u00f3 presentar esta Comunicaci\u00f3n se me dijo que lo hiciera desde mi experiencia pastoral en el campo de la Familia Vicenciana. Lo voy a intentar. Quiero empezar afir\u00admando que considero una gracia muy grande el haber podido trabajar como Consiliario o Asesor o simplemente como\u2026","rel":"","context":"En \u00abFormaci\u00f3n Cristiana\u00bb","block_context":{"text":"Formaci\u00f3n Cristiana","link":"https:\/\/vincentians.com\/es\/category\/formacion-cristiana\/"},"img":{"alt_text":"","src":"https:\/\/i0.wp.com\/vincentians.com\/es\/wp-content\/uploads\/sites\/11\/2013\/04\/formacion_permanente.jpg?fit=303%2C303&ssl=1&resize=350%2C200","width":350,"height":200},"classes":[]}],"_links":{"self":[{"href":"https:\/\/vincentians.com\/es\/wp-json\/wp\/v2\/posts\/48119","targetHints":{"allow":["GET"]}}],"collection":[{"href":"https:\/\/vincentians.com\/es\/wp-json\/wp\/v2\/posts"}],"about":[{"href":"https:\/\/vincentians.com\/es\/wp-json\/wp\/v2\/types\/post"}],"author":[{"embeddable":true,"href":"https:\/\/vincentians.com\/es\/wp-json\/wp\/v2\/users\/4"}],"replies":[{"embeddable":true,"href":"https:\/\/vincentians.com\/es\/wp-json\/wp\/v2\/comments?post=48119"}],"version-history":[{"count":0,"href":"https:\/\/vincentians.com\/es\/wp-json\/wp\/v2\/posts\/48119\/revisions"}],"wp:featuredmedia":[{"embeddable":true,"href":"https:\/\/vincentians.com\/es\/wp-json\/"}],"wp:attachment":[{"href":"https:\/\/vincentians.com\/es\/wp-json\/wp\/v2\/media?parent=48119"}],"wp:term":[{"taxonomy":"category","embeddable":true,"href":"https:\/\/vincentians.com\/es\/wp-json\/wp\/v2\/categories?post=48119"},{"taxonomy":"post_tag","embeddable":true,"href":"https:\/\/vincentians.com\/es\/wp-json\/wp\/v2\/tags?post=48119"}],"curies":[{"name":"wp","href":"https:\/\/api.w.org\/{rel}","templated":true}]}}