{"id":4811,"date":"2022-09-09T08:30:34","date_gmt":"2022-09-09T06:30:34","guid":{"rendered":"http:\/\/somos.vicencianos.org\/blog\/?p=4811"},"modified":"2022-09-08T09:47:59","modified_gmt":"2022-09-08T07:47:59","slug":"federico-ozanam-apostol-de-la-caridad-y-la-reconciliacion","status":"publish","type":"post","link":"https:\/\/vincentians.com\/es\/federico-ozanam-apostol-de-la-caridad-y-la-reconciliacion\/","title":{"rendered":"Federico Ozanam, ap\u00f3stol de la caridad y la reconciliaci\u00f3n"},"content":{"rendered":"<p><img data-recalc-dims=\"1\" loading=\"lazy\" decoding=\"async\" data-attachment-id=\"401235\" data-permalink=\"https:\/\/vincentians.com\/es\/federico-ozanam-apostol-de-la-caridad-y-la-reconciliacion\/federico-ozanam-1\/\" data-orig-file=\"https:\/\/i0.wp.com\/vincentians.com\/es\/wp-content\/uploads\/sites\/11\/2016\/09\/Federico-Ozanam-1.jpg?fit=412%2C462&amp;ssl=1\" data-orig-size=\"412,462\" data-comments-opened=\"1\" data-image-meta=\"{&quot;aperture&quot;:&quot;0&quot;,&quot;credit&quot;:&quot;&quot;,&quot;camera&quot;:&quot;&quot;,&quot;caption&quot;:&quot;&quot;,&quot;created_timestamp&quot;:&quot;0&quot;,&quot;copyright&quot;:&quot;&quot;,&quot;focal_length&quot;:&quot;0&quot;,&quot;iso&quot;:&quot;0&quot;,&quot;shutter_speed&quot;:&quot;0&quot;,&quot;title&quot;:&quot;&quot;,&quot;orientation&quot;:&quot;0&quot;}\" data-image-title=\"Federico Ozanam-1\" data-image-description=\"\" data-image-caption=\"\" data-medium-file=\"https:\/\/i0.wp.com\/vincentians.com\/es\/wp-content\/uploads\/sites\/11\/2016\/09\/Federico-Ozanam-1.jpg?fit=268%2C300&amp;ssl=1\" data-large-file=\"https:\/\/i0.wp.com\/vincentians.com\/es\/wp-content\/uploads\/sites\/11\/2016\/09\/Federico-Ozanam-1.jpg?fit=412%2C462&amp;ssl=1\" class=\"alignnone size-medium wp-image-401235 alignleft\" src=\"https:\/\/i0.wp.com\/vincentians.com\/es\/wp-content\/uploads\/sites\/11\/2016\/09\/Federico-Ozanam-1.jpg?resize=268%2C300\" alt=\"\" width=\"268\" height=\"300\" srcset=\"https:\/\/i0.wp.com\/vincentians.com\/es\/wp-content\/uploads\/sites\/11\/2016\/09\/Federico-Ozanam-1.jpg?resize=268%2C300&amp;ssl=1 268w, https:\/\/i0.wp.com\/vincentians.com\/es\/wp-content\/uploads\/sites\/11\/2016\/09\/Federico-Ozanam-1.jpg?resize=89%2C100&amp;ssl=1 89w, https:\/\/i0.wp.com\/vincentians.com\/es\/wp-content\/uploads\/sites\/11\/2016\/09\/Federico-Ozanam-1.jpg?resize=100%2C112&amp;ssl=1 100w, https:\/\/i0.wp.com\/vincentians.com\/es\/wp-content\/uploads\/sites\/11\/2016\/09\/Federico-Ozanam-1.jpg?w=412&amp;ssl=1 412w\" sizes=\"auto, (max-width: 268px) 100vw, 268px\" \/>En medio de la complejidad y de las crisis del siglo XIX brillan con nitidez un conjunto de hijos de la Iglesia que manifiestan una muy clara conciencia de que la adhesi\u00f3n al Se\u00f1or Jes\u00fas tiene consecuencias sociales. Entre ellos destaca como importante pensador y hombre de acci\u00f3n, de enorme trascendencia en esos primeros tiempos de la cuesti\u00f3n social en el siglo XIX<span id='easy-footnote-1-4811' class='easy-footnote-margin-adjust'><\/span><span class='easy-footnote'><a href='https:\/\/vincentians.com\/es\/federico-ozanam-apostol-de-la-caridad-y-la-reconciliacion\/#easy-footnote-bottom-1-4811' title='Ciertamente el indujo de A.F. Ozanam va m\u00e1s all\u00e1 de su propio tiempo y llega hasta nuestros d\u00edas.'><sup>1<\/sup><\/a><\/span>, <strong>Antonio Federico Ozanam<\/strong>,<span id='easy-footnote-2-4811' class='easy-footnote-margin-adjust'><\/span><span class='easy-footnote'><a href='https:\/\/vincentians.com\/es\/federico-ozanam-apostol-de-la-caridad-y-la-reconciliacion\/#easy-footnote-bottom-2-4811' title='1813-1853.'><sup>2<\/sup><\/a><\/span> gran ap\u00f3stol de la caridad y la reconciliaci\u00f3n.<\/p>\n<p>Su profunda fe y su amor a la Iglesia lo impulsan por el camino que lleva a la perfecci\u00f3n en la caridad. Ya desde su temprana juventud, sus pasos lo encaminan por la senda que conduce al testimonio y a la santidad. Los dones del Alt\u00edsimo, su amor por la verdad y su opci\u00f3n por vivir cotidianamente la fe lo llevan por los luminosos senderos del amor al hermano, en especial al necesitado. Este impulso de vida va cuajando en el peregrinar de Antonio Federico y lo va introduciendo en el ardor fulgurante de quien asume su vida cristiana hasta las \u00faltimas consecuencias. \u00abLa caridad no puede existir en el coraz\u00f3n de muchos sin expandirse a los de fuera \u2014escribe\u2014. Es un fuego que se apaga si le falta manutenci\u00f3n, y las buenas obras son el alimento de la caridad&#8230; pero la caridad debe ser un medio, no el fin de nuestra asociaci\u00f3n<span id='easy-footnote-3-4811' class='easy-footnote-margin-adjust'><\/span><span class='easy-footnote'><a href='https:\/\/vincentians.com\/es\/federico-ozanam-apostol-de-la-caridad-y-la-reconciliacion\/#easy-footnote-bottom-3-4811' title='Se refiere a la Sociedad de San Vicente de Pa\u00fal; ver m\u00e1s adelante.'><sup>3<\/sup><\/a><\/span> que es m\u00e1s bien el de difundir en la juventud el esp\u00edritu del cristianismo, que es esp\u00edritu de amor. La verdad evang\u00e9lica debe ser difundida entre los j\u00f3venes, que son v\u00edctimas de varias y funestas doctrinas&#8230;\u00bb.<\/p>\n<p>En v\u00edsperas del Tercer Milenio de la Fe, el gran ap\u00f3stol de la caridad y de la reconciliaci\u00f3n en el siglo XIX se ver\u00e1 reconocido por la Iglesia como quien, viviendo heroicamente las virtudes cristianas, se alza como un s\u00edmbolo de coherencia y de factibilidad de la vida cristiana ante un mundo sometido al secularismo, al agnosticismo funcional y a todo tipo de rupturas. Cuando en su momento llegue el anuncio de que Antonio Federico Ozanam ha sido beatificado por el Papa <strong>Juan Pablo II<\/strong>, el mundo contemplar\u00e1 la imagen de un alentador ejemplo de seguimiento del Se\u00f1or de cara a las tan necesarias tareas de la Nueva Evangelizaci\u00f3n.<\/p>\n<h2><strong>La fe, sustento de la vida<\/strong><\/h2>\n<p>Antonio Federico Ozanam, naci\u00f3 el 23 de abril de 1813 en Mil\u00e1n,<span id='easy-footnote-4-4811' class='easy-footnote-margin-adjust'><\/span><span class='easy-footnote'><a href='https:\/\/vincentians.com\/es\/federico-ozanam-apostol-de-la-caridad-y-la-reconciliacion\/#easy-footnote-bottom-4-4811' title='La antigua Mediolanum fue conquistada por Francia en 1796. La ciudad estaba a\u00fan bajo el dominio de Francia al nacer Antonio Federico.'><sup>4<\/sup><\/a><\/span> en el norte de Italia. Y fue bautizado el 13 de mayo. Trece a\u00f1os despu\u00e9s, el 11 de mayo de 1826, en el templo San Pedro, en Lyon, recibir\u00e1 su Primera Comuni\u00f3n. Federico es el quinto hijo del matrimonio de Juan Antonio Francisco Ozanam, antiguo oficial del ej\u00e9rcito napole\u00f3nico y luego m\u00e9dico,<span id='easy-footnote-5-4811' class='easy-footnote-margin-adjust'><\/span><span class='easy-footnote'><a href='https:\/\/vincentians.com\/es\/federico-ozanam-apostol-de-la-caridad-y-la-reconciliacion\/#easy-footnote-bottom-5-4811' title='Es autor de una importante Historia m\u00e9dica general de las enfermedades epid\u00e9micas en Europa desde el siglo XIV hasta nuestros d\u00edas.'><sup>5<\/sup><\/a><\/span> y Mar\u00eda Nantas. Forman un hogar en el que la fe vivida ilumina el quehacer cotidiano, y en el que el amor no queda contenido entre los miembros de la familia sino que se despliega hacia el encuentro de los hermanos en necesidad. Ya desde ni\u00f1o Federico aprende a respetar al pobre y al desvalido, siendo instruido en la escuela de la viva caridad de su padre, quien como m\u00e9dico asiste gratuitamente a much\u00edsimos pobres;<span id='easy-footnote-6-4811' class='easy-footnote-margin-adjust'><\/span><span class='easy-footnote'><a href='https:\/\/vincentians.com\/es\/federico-ozanam-apostol-de-la-caridad-y-la-reconciliacion\/#easy-footnote-bottom-6-4811' title='Precisamente, un accidente al visitar caritativamente como m\u00e9dico a un desamparado marca el momento en el que el Dr. Ozanam es convocado por el Alt\u00edsimo. Se dice que un tercio de los pacientes que atend\u00eda eran pobres a los que serv\u00eda gratuitamente.'><sup>6<\/sup><\/a><\/span> y en la bondad y sencillez cristiana de su madre que se combina con su servicio generoso a los desvalidos<span id='easy-footnote-7-4811' class='easy-footnote-margin-adjust'><\/span><span class='easy-footnote'><a href='https:\/\/vincentians.com\/es\/federico-ozanam-apostol-de-la-caridad-y-la-reconciliacion\/#easy-footnote-bottom-7-4811' title='La madre de Antonio Federico fund\u00f3 con un grupo de otras se\u00f1oras una sociedad de caridad llamada La veilleuse, cuya meta era auxiliar a las personas en necesidad que estaban enfermas. Se trata de una cristiana ejemplar que vivi\u00f3 intensamente el sufrimiento desde la persecuci\u00f3n sangrienta de la que fue v\u00edctima su familia durante la revoluci\u00f3n francesa, el destierro amargo al que fue conducida por esos luctuosos hechos, y la p\u00e9rdida de varios de los hijos que tuvo.'><sup>7<\/sup><\/a><\/span> y con sus significativas dotes culturales, impregnando el hogar familiar de un claro y profundo esp\u00edritu cristiano. Su educaci\u00f3n formal la recibe en Francia, tanto en Lyon como en Par\u00eds, bebiendo mucho de la literatura anticristiana en boga, pero al mismo tiempo profundizando con dedicaci\u00f3n en el conocimiento de la fe.<\/p>\n<p>En Lyon, durante su temprana juventud, Federico sufre una fuerte crisis religiosa. Fueron para \u00e9l meses sumamente duros. El impacto de numerosas lecturas anticristianas hab\u00eda dejado su huella, reclamando una m\u00e1s proporcional formaci\u00f3n en la fe. \u00abDe tanto o\u00edr hablar de incr\u00e9dulos e incredulidades, me preguntaba por qu\u00e9 cre\u00eda yo. Dud\u00e9&#8230; y la duda renac\u00eda en m\u00ed&#8230; nuevas objeciones brotaban en mi esp\u00edritu y yo volv\u00eda a dudar\u00bb. Una intensa sensibilidad con claros visos existenciales hace de eco de esa crisis, y al mismo tiempo de v\u00eda de interiorizaci\u00f3n que conduce a quien la sufre a las profundidades de su ser. Su afligido ruego ante el Sant\u00edsimo: \u00abSe\u00f1or, s\u00f3lo T\u00fa puedes restaurar mi fe\u00bb, recibe respuesta. Desde entonces, con la gracia de Dios sale adelante con la convicci\u00f3n de un converso, con una fe renovada, m\u00e1s fogosa, consciente y profunda. Su gratitud se expresa en una promesa que cumplir\u00e1 a lo largo de su vida: \u00abYo he prometido a Dios dedicar mis d\u00edas al servicio de la Verdad que me ha concedido la paz\u00bb. M\u00e1s adelante explicar\u00e1 la gesta a la que planea entregarse, sin amilanarse ante sus grandes desaf\u00edos, y dir\u00e1: \u00abVencer sin riesgos es triunfar sin gloria, pero cuanto m\u00e1s dif\u00edcil es la obra tanto m\u00e1s bello es realizarla\u00bb.<\/p>\n<p>Al llegar en 1831, desde Lyon, a la llamada Ciudad Luz, en el reinado de <strong>Luis Felipe<\/strong><span id='easy-footnote-8-4811' class='easy-footnote-margin-adjust'><\/span><span class='easy-footnote'><a href='https:\/\/vincentians.com\/es\/federico-ozanam-apostol-de-la-caridad-y-la-reconciliacion\/#easy-footnote-bottom-8-4811' title='Luis Felipe, Duque de Orleans, hijo del llamado Felipe Igualdad (1747-1793), nace en 1773 y muere en 1850. Ser\u00e1 rey de Francia desde la revoluci\u00f3n de julio de 1830, impulsado por el grupo liberal orleanista de Luis Adolfo Thiers (1797-1877), hasta la revoluci\u00f3n de febrero de 1848, en que abdica. Con esta revoluci\u00f3n se inicia el corto per\u00edodo de la Segunda Rep\u00fablica.'><sup>8<\/sup><\/a><\/span> \u2014conocido como el \u00abciudadano rey\u00bb por sus ideas y perspectivas burguesas\u2014 se encuentra Ozanam con una sociedad sometida a intensas tensiones, no recuperada de la situaci\u00f3n generada por la revoluci\u00f3n francesa, las guerras napole\u00f3nicas y el fracaso de la restauraci\u00f3n borb\u00f3nica. Se trata de una sociedad signada con fuertes brotes de descristianizaci\u00f3n. Nada mejor se puede decir de la Universidad de la Sorbona a la que acud\u00eda a recibir clases. M\u00e1s bien, todo lo contrario. La Sorbona es uno de los focos de descristianizaci\u00f3n de Francia, no pocos de sus profesores hac\u00edan alarde de su oposici\u00f3n a la fe.<\/p>\n<p>Federico, aunque t\u00edmido, es una persona de fuertes y profundas ra\u00edces interiores, su adhesi\u00f3n a la fe irradia sobre todo su ser y su existir. Por ello sufre intensamente al contemplar la lamentable situaci\u00f3n de lo que hoy llamar\u00edamos secularizaci\u00f3n generalizada, y en viva nostalgia por los acogedores ambientes de Lyon, hacia 1831, escribe: \u00abLa frialdad de Par\u00eds congela mi sangre&#8230; su corrupci\u00f3n paraliza mi esp\u00edritu\u00bb. Providencialmente se encuentra con un sabio cient\u00edfico, <strong>Andr\u00e9s Mar\u00eda Amp\u00e9re<\/strong>,<span id='easy-footnote-9-4811' class='easy-footnote-margin-adjust'><\/span><span class='easy-footnote'><a href='https:\/\/vincentians.com\/es\/federico-ozanam-apostol-de-la-caridad-y-la-reconciliacion\/#easy-footnote-bottom-9-4811' title='1775-1836. Amp\u00e9re, tras quien se nombra la unidad de corriente el\u00e9ctrica, fue un muy destacado cient\u00edfico, f\u00edsico, matem\u00e1tico, qu\u00edmico, bot\u00e1nico y fil\u00f3sofo. Su casa era lugar de paso de numerosos cat\u00f3licos de destacada actuaci\u00f3n. En ella, Ozanam conocer\u00e1 a los principales propiciadores del resurgimiento cat\u00f3lico en la Francia de la primera mitad del siglo XIX.'><sup>9<\/sup><\/a><\/span> cat\u00f3lico en serio, a quien deb\u00eda hacer una visita de cortes\u00eda. Amp\u00e9re le ofrece alojamiento en su casa, recibi\u00e9ndolo como uno de su familia, lo que Federico prontamente acepta. \u00abProfundamente religioso, lo encuentro todas las ma\u00f1anas en <em>Saint-\u00c9tienne-du-Mont<\/em> \u2014escribe sobre Amp\u00e8re\u2014; y muchas veces cuando conversamos sobre las maravillas de la naturaleza, en un transporte de admiraci\u00f3n por la obra del Creador, exclama entusiasmado: \u00ab\u00a1Cuan grande es Dios, y compar\u00e1ndonos con \u00c9l qu\u00e9 ignorantes somos!\u00bb\u00bb. En unas letras a su madre, Federico a\u00f1ade sobre el sabio maestro parisino: \u00abEstudia, me dijo el otro d\u00eda, las cosas de este mundo pero mir\u00e1ndolas con un solo ojo a fin de tener el otro constantemente fijo en la luz eterna. Y nunca escuches a los eruditos sino con un o\u00eddo, as\u00ed puedes percibir con el otro los dulces acentos de la voz de tu Amigo celestial, porque sin esta preocupaci\u00f3n caer\u00e1s f\u00e1cilmente rompi\u00e9ndote la cabeza con alguna piedra\u00bb. Bajo la tutela de Amp\u00e9re se van consolidando las bases intelectuales para su vida cristiana que tan \u00fatiles le habr\u00e1n de resultar en el apostolado al que consagra su existencia. Ya antes, en Lyon, el padre <strong>Jos\u00e9 Mar\u00eda Noirot<\/strong><span id='easy-footnote-10-4811' class='easy-footnote-margin-adjust'><\/span><span class='easy-footnote'><a href='https:\/\/vincentians.com\/es\/federico-ozanam-apostol-de-la-caridad-y-la-reconciliacion\/#easy-footnote-bottom-10-4811' title='1793-1880. En algunos lugares se le llama Jos\u00e9 Mat\u00edas. Su influencia sobre Federico es muy notable, tanto en lo espiritual como en su orientaci\u00f3n intelectual. El padre Noirot fue ordenado sacerdote en 1817. Desde 1827 hasta 1852 fue profesor de filosof\u00eda en el Colegio Real de Lyon. La colecci\u00f3n de sus lecciones fue publicada en 1852.'><sup>10<\/sup><\/a><\/span> hab\u00eda contribuido notablemente a la formaci\u00f3n cristiana del joven Ozanam. Muy pronto su liderazgo se deja sentir incluso en la Sorbona, al punto que pudo escribir a su familia: \u00abCada vez que un profesor alza su voz contra la fe, se levantan muchas voces cat\u00f3licas en protesta por ello\u00bb. Al superar la crisis religiosa que lo afligi\u00f3 en Lyon hab\u00eda quedado persuadido de que: \u00abNosotros poseemos dos caminos: uno para buscar la verdad y otro para vivirla; durante toda nuestra vida hemos de vivir la verdad\u00bb. Y en el campus universitario en Par\u00eds hab\u00eda encontrado un ambiente propicio \u00abpara vivir la verdad\u00bb y para compartirla.<\/p>\n<h2><strong>Hacia una visi\u00f3n integral de la caridad solidaria<\/strong><\/h2>\n<p>De car\u00e1cter activo, se vincula con unos compa\u00f1eros de estudios de la Universidad y con un profesor de filosof\u00eda y publicista cat\u00f3lico, Manuel Jos\u00e9 Bailly,<span id='easy-footnote-11-4811' class='easy-footnote-margin-adjust'><\/span><span class='easy-footnote'><a href='https:\/\/vincentians.com\/es\/federico-ozanam-apostol-de-la-caridad-y-la-reconciliacion\/#easy-footnote-bottom-11-4811' title='1791-1861.'><sup>11<\/sup><\/a><\/span> dando origen en 1832 a las Conferencias de Historia.<span id='easy-footnote-12-4811' class='easy-footnote-margin-adjust'><\/span><span class='easy-footnote'><a href='https:\/\/vincentians.com\/es\/federico-ozanam-apostol-de-la-caridad-y-la-reconciliacion\/#easy-footnote-bottom-12-4811' title='En cierta forma \u00e9stas eran la continuaci\u00f3n de la Sociedad para los Buenos Estudios que fuera organizada en 1828 por Bailly.'><sup>12<\/sup><\/a><\/span> \u00c9stas constituyen un \u00e1mbito de apostolado intelectual para contrarrestar el volteriano y santsimoniano ambiente de la Sorbona. En ella se daban intensos debates en torno a la fe. Ser\u00e1 a partir de una de las sesiones, que reun\u00eda a decenas de j\u00f3venes e incluso profesores de la Universidad, que un grupo, con Ozanam a la cabeza, toma una decisi\u00f3n: <strong>\u00a1Ir al encuentro de los pobres!<\/strong><\/p>\n<p>Con la convicci\u00f3n de que la historia de la Iglesia ser\u00eda el ariete que arrollar\u00eda al racionalismo reinante, los j\u00f3venes auspiciadores de las <em>Conferencias de Historia<\/em> buscar\u00e1n responder as\u00ed al desaf\u00edo de las corrientes en boga en Francia y en Alemania. Es ante un argumento anticristiano \u2014hoy famoso como el gatillo humano que dispar\u00f3 el surgimiento de las famosas <em>Conferencias de la Caridad<\/em>\u2014 pronunciado en una de sus sesiones que reacciona Ozanam \u00abTienes raz\u00f3n cuando exaltas las maravillas que ha realizado el cristianismo en el pasado, pero en la actualidad est\u00e1 muerto. \u00bfD\u00f3nde se encuentran las obras que dan testimonio de vuestra fe? \u00bfQu\u00e9 hac\u00e9is los que pretend\u00e9is ser mensajeros de la Redenci\u00f3n?\u00bb.<span id='easy-footnote-13-4811' class='easy-footnote-margin-adjust'><\/span><span class='easy-footnote'><a href='https:\/\/vincentians.com\/es\/federico-ozanam-apostol-de-la-caridad-y-la-reconciliacion\/#easy-footnote-bottom-13-4811' title='El Conde Carlos Forbes de Montalembert (ver \u00abVE\u00bb n. 29, p. 20), dar\u00e1 una respuesta v\u00e1lida para cuantos se agarran de ese argumento: \u00ab\u00a1Bien! \u2014dice\u2014 nosotros no hemos hecho nada, no hacemos nada, no queremos hacer nada por los pobres. Fundaciones, hospicios, asociaciones piadosas, limosnas individuales, \u00a1todo esto es nada!&amp;#8230; Mas vosotros, doctores de la nueva ley&amp;#8230; \u00bfd\u00f3nde est\u00e1n vuestras obras? \u00bfD\u00f3nde vuestra beneficencia? \u00bfD\u00f3nde vuestros servicios?&amp;#8230; \u00bfD\u00f3nde vuestra abnegaci\u00f3n por los ni\u00f1os? \u00bfD\u00f3nde vuestras Hijas de la Caridad, vuestras Hermanitas de los pobres, vuestros Hermanos para la educaci\u00f3n del pueblo? \u00bfQu\u00e9 hab\u00e9is Inventado? \u00a1Nada!&amp;#8230; frases, frases siempre&amp;#8230; frases gruesas de discordia y de mot\u00edn, de guerra civil, de revoluci\u00f3n; es decir, de miseria&amp;#8230; El obrero pide pan y le dais escorpiones\u00bb (Citado en Van Gestel, p. 35).'><sup>13<\/sup><\/a><\/span> De la evaluaci\u00f3n de ese argumento a la luz de la oraci\u00f3n y de la convicci\u00f3n de acallar toda posible objeci\u00f3n en ese sentido surge una respuesta que por todos lados expresa tanta caridad como adhesi\u00f3n a la misi\u00f3n evangelizadora: la acci\u00f3n por amor a Dios y al pr\u00f3jimo.<\/p>\n<h2><strong>La sociedad de San Vicente<\/strong><\/h2>\n<p>As\u00ed, a los 20 a\u00f1os de edad, en 1833, sin abandonar el apostolado o \u00abcaridad intelectual\u00bb que habr\u00e1 de ejercer durante toda su vida, funda con el valioso apoyo de Baillo<span id='easy-footnote-14-4811' class='easy-footnote-margin-adjust'><\/span><span class='easy-footnote'><a href='https:\/\/vincentians.com\/es\/federico-ozanam-apostol-de-la-caridad-y-la-reconciliacion\/#easy-footnote-bottom-14-4811' title='El conocido profesor de filosof\u00eda y editor de \u00abLa Tribuna Cat\u00f3lica\u00bb fue elegido como primer presidente de la nueva obra. El acto de fundaci\u00f3n fue precedido por el rezo del Veni Sancte Spiritus, se\u00f1al\u00e1ndose con ello la ra\u00edz y orientaci\u00f3n de las Conferencias.'><sup>14<\/sup><\/a><\/span> y la participaci\u00f3n de cinco compa\u00f1eros<span id='easy-footnote-15-4811' class='easy-footnote-margin-adjust'><\/span><span class='easy-footnote'><a href='https:\/\/vincentians.com\/es\/federico-ozanam-apostol-de-la-caridad-y-la-reconciliacion\/#easy-footnote-bottom-15-4811' title='Adem\u00e1s de Bailly, junto a Ozanam est\u00e1n en la fundaci\u00f3n de las Conferencias de la Caridad: Augusto Le Taillandier, Francisco Lallier, Pablo Lamache, Julio Devaux y F\u00e9lix Clav\u00e9. Lamache ilumina los or\u00edgenes al se\u00f1alar que \u00absin Bailly la obra de la Conferencia de San Vicente de Pa\u00fal habr\u00eda sido pura veleidad, \u00abpero ciertamente sin Ozanam aquella primera Conferencia jam\u00e1s hubiera nacido\u00bb\u00bb (Ozanam &amp;#8211; Pavoni, Introduzione, p. 36).'><sup>15<\/sup><\/a><\/span> las <em>Conferencias de la Caridad (Sociedad de San Vicente de Pa\u00fal)<\/em>,<span id='easy-footnote-16-4811' class='easy-footnote-margin-adjust'><\/span><span class='easy-footnote'><a href='https:\/\/vincentians.com\/es\/federico-ozanam-apostol-de-la-caridad-y-la-reconciliacion\/#easy-footnote-bottom-16-4811' title='Originalmente se llamaron Conferencias de la Caridad en paralelo con las Conferencias de Historia, pero m\u00e1s adelante, el 8 de diciembre de 1834, una asamblea general cambi\u00f3 el nombre a Sociedad de San Vicente de Pa\u00fal \u2014conocida popularmente desde entonces como Conferencia V\u00edcentina\u2014, pues la asociaci\u00f3n fue puesta bajo el patrocinio de ese gran fundador y santo ap\u00f3stol de la caridad (c. 1580-1660). La propuesta del cambio de nombre fue realizada por Juan Le\u00f3n Le Prevost (1803-1874), quien resultar\u00e1 ser otro de los importantes protagonistas de la respuesta social cat\u00f3lica en la Francia del XIX.'><sup>16<\/sup><\/a><\/span> con el \u00e1nimo de \u00abconsolidar la fe y de reanimar la caridad en la juventud cat\u00f3lica\u00bb, proyect\u00e1ndose en el encuentro personal con los pobres y trabajando as\u00ed por la santificaci\u00f3n personal y el Reino del Se\u00f1or. A trav\u00e9s de esta obra se busca vincular, en una relaci\u00f3n personal, a indigentes, a marginados, a carentes de salud y medios para una vida digna, con quienes pudiesen aportarles alguna ayuda y apoyo humano y cristiano. Sin duda se trata de una obra de gran importancia para ayudar a los necesitados, tanto en lo material como en lo espiritual. Hasta el d\u00eda de hoy existen secciones de la Sociedad de San Vicente en much\u00edsimos pa\u00edses del mundo.<span id='easy-footnote-17-4811' class='easy-footnote-margin-adjust'><\/span><span class='easy-footnote'><a href='https:\/\/vincentians.com\/es\/federico-ozanam-apostol-de-la-caridad-y-la-reconciliacion\/#easy-footnote-bottom-17-4811' title='Seg\u00fan algunos datos, sus miembros pasan hoy de los 800,000.'><sup>17<\/sup><\/a><\/span> La cruzada de la caridad que iniciaron un grupo de j\u00f3venes estudiantes universitarios franceses encabezados por Federico Ozanam es una obra que ha sobrevivido al paso de los a\u00f1os y a las dificultades que gobiernos anticristianos le pusieron en diversas ocasiones. En aquel 1833 se encend\u00eda en el Par\u00eds indiferente y descre\u00eddo un fuego ardiente de amor que se convertir\u00eda en inmensas fogatas de candad que llenar\u00edan de luz y calor millones de casas de pobres y humildes hermanos humanos.<span id='easy-footnote-18-4811' class='easy-footnote-margin-adjust'><\/span><span class='easy-footnote'><a href='https:\/\/vincentians.com\/es\/federico-ozanam-apostol-de-la-caridad-y-la-reconciliacion\/#easy-footnote-bottom-18-4811' title='No se puede dudar de que el bondadoso ejemplo de una hermana de la Caridad, Sor Rosal\u00eda (1787-1856) \u2014Juana Mar\u00eda Rendu antes de ingresar a la fundaci\u00f3n de San Vicente de Pa\u00fal\u2014 ejerci\u00f3 una fuerte influencia sobre Ozanam. Sor Rosal\u00eda era conocida por todo Par\u00eds como benefactora de los pobres. Su modelo de apostolado social al encuentro personal con el pobre se ve reflejado en el de las Conferencias de la Caridad. Su apoyo a las Conferencias Vicentinas fue sumamente importante.'><sup>18<\/sup><\/a><\/span>\n<p>Las <em>Conferencias de la Caridad<\/em> nada ten\u00edan que hacer con la pol\u00edtica partidaria. Si bien sus integrantes eran laicos y muy conscientes de ser tales,<span id='easy-footnote-19-4811' class='easy-footnote-margin-adjust'><\/span><span class='easy-footnote'><a href='https:\/\/vincentians.com\/es\/federico-ozanam-apostol-de-la-caridad-y-la-reconciliacion\/#easy-footnote-bottom-19-4811' title='El car\u00e1cter laical de las Conferencias fue aprobado por un breve del Papa Gregorio XVI, el 10 enero de 1845.'><sup>19<\/sup><\/a><\/span> su orientaci\u00f3n estaba signada por una opci\u00f3n que se expresa bien en unas palabras de Ozanam: \u00abnuestro apostolado ser\u00e1 altamente cristiano, profundamente evang\u00e9lico\u00bb.<span id='easy-footnote-20-4811' class='easy-footnote-margin-adjust'><\/span><span class='easy-footnote'><a href='https:\/\/vincentians.com\/es\/federico-ozanam-apostol-de-la-caridad-y-la-reconciliacion\/#easy-footnote-bottom-20-4811' title='La vocaci\u00f3n eclesial del laico como la conceb\u00eda Ozanam concuerda plenamente con las ense\u00f1anzas que el Concilio Vaticano II ha puesto ante todos y que el C\u00f3digo de Derecho Can\u00f3nico expresa de manera breve y clara: \u00ab\u00a71. Puesto que, en virtud del bautismo y de la confirmaci\u00f3n, los laicos, como todos los dem\u00e1s fieles, est\u00e1n destinados por Dios al apostolado, tienen la obligaci\u00f3n general, y gozan del derecho, tanto personal como asociadamente, de trabajar para que el mensaje divino de salvaci\u00f3n sea conocido y recibido por todos los hombres en todo el mundo; obligaci\u00f3n que les apremia todav\u00eda m\u00e1s en aquellas circunstancias en las que s\u00f3lo a trav\u00e9s de ellos pueden los hombres o\u00edr el Evangelio y conocer a Jesucristo. \u00a72. Tienen tambi\u00e9n el deber peculiar, cada uno seg\u00fan su propia condici\u00f3n, de impregnar y perfeccionar el orden temporal con el esp\u00edritu evang\u00e9lico, y dar as\u00ed testimonio de Cristo, especialmente en la realizaci\u00f3n de esas mismas cosas temporales y en el ejercicio de las tareas seculares\u00bb (c. 225).'><sup>20<\/sup><\/a><\/span> Su acci\u00f3n era militante y directa en el orden de la caridad. Su programa no esperaba la llegada \u00abdel gran cambio social\u00bb, aunque muchos de sus miembros lo anhelaban de coraz\u00f3n, sino que mov\u00eda a acudir con toda sencillez y eficacia en auxilio de quienes estaban en necesidad material y espiritual \u00abahora\u00bb. Obviamente esta acci\u00f3n silenciosa, formalmente a-pol\u00edtica, tuvo grandes consecuencias sociales. No s\u00f3lo por su inmediata efectividad en auxiliar las necesidades materiales y espirituales de quienes socorr\u00edan sus miembros, sino por despertar la conciencia social de muchos. La incidencia de las <em> Conferencias<\/em> se potencia por obras de importancia que secciones concretas van asumiendo. Entre ellas se encuentran hospitales, casas de acogida para trabajadores, hospicios, sociedades de ayuda mutua y tantas obras de caridad concreta m\u00e1s. En la medida en que crece la obra se intensifica el esp\u00edritu de prudente humildad que bien se puede ver expresado en una carta de Ozanam: \u00abNo buscar hacerse ver, pero dejarse ver\u00bb. Los hechos muestran claramente una comprometida acci\u00f3n social nacida del Evangelio y nutrida por \u00e9l.<\/p>\n<h2><strong>Conferencias cuaresmales de Notre Dame<\/strong><\/h2>\n<p>Bien puede decirse que desde el fondo de su coraz\u00f3n Ozanam escuchaba un clamor que lo invitaba a la evangelizaci\u00f3n, a anunciar con palabras y hechos la Verdad. La situaci\u00f3n de la Sorbona, y en general de la juventud, le dol\u00eda intensamente. As\u00ed, guiado por la b\u00fasqueda de quien podr\u00eda participar en la misi\u00f3n que ve\u00eda ante s\u00ed frente a los desaf\u00edos de las ideolog\u00edas agn\u00f3sticas reinantes en la Universidad y en la sociedad, Federico se encamina al encuentro del padre Enrique <strong>Juan Bautista Lacordaire<\/strong>,<span id='easy-footnote-21-4811' class='easy-footnote-margin-adjust'><\/span><span class='easy-footnote'><a href='https:\/\/vincentians.com\/es\/federico-ozanam-apostol-de-la-caridad-y-la-reconciliacion\/#easy-footnote-bottom-21-4811' title='1802-1861. Ver \u00abVE\u00bb n. 29, pp. 19s.'><sup>21<\/sup><\/a><\/span> quien por su predicaci\u00f3n y sus escritos ser\u00eda una preclara figura en el renacimiento del catolicismo en la Francia del siglo XIX.<\/p>\n<p>Habiendo conversado con \u00e9l, y escuch\u00e1ndolo en sus vibrantes sermones en el Colegio Stanislas, Ozanam dialogando con sus compa\u00f1eros de inquietudes concluy\u00f3 que \u00e9sa era la voz que la juventud esperaba escuchar para conducirla al encuentro con el Se\u00f1or. As\u00ed, que no demor\u00f3 mucho en encabezar una delegaci\u00f3n e ir a visitar al Arzobispo de Par\u00eds, <strong>Jacinto Luis de Qu\u00e9len<\/strong>,<span id='easy-footnote-22-4811' class='easy-footnote-margin-adjust'><\/span><span class='easy-footnote'><a href='https:\/\/vincentians.com\/es\/federico-ozanam-apostol-de-la-caridad-y-la-reconciliacion\/#easy-footnote-bottom-22-4811' title='1778-1839. Fue Arzobispo de Par\u00eds desde 1821. Fue coadjutor de su predecesor el Cardenal P\u00e9rigord desde 1819.'><sup>22<\/sup><\/a><\/span> solicit\u00e1ndole que encargase al padre Lacordaire la pr\u00e9dica de unos sermones cuaresmales en Notre Dame. Un a\u00f1o despu\u00e9s, en enero de 1834, insiste en su petici\u00f3n, esta vez acompa\u00f1\u00e1ndola con un par de centenares de firmas y un proyecto de programa de temas a ser tratados.<\/p>\n<p>Monse\u00f1or de Qu\u00e9len, cercano a la restauraci\u00f3n borb\u00f3nica, desconfiaba del grupo que hab\u00eda venido publicando <em>L&#8217;Avenir<\/em>, el famoso peri\u00f3dico fundado en 1830 que difund\u00eda las ideas de <strong>Hugo Felicidad Roberto<\/strong> <strong>de La Menn\u00e1is<\/strong>,<span id='easy-footnote-23-4811' class='easy-footnote-margin-adjust'><\/span><span class='easy-footnote'><a href='https:\/\/vincentians.com\/es\/federico-ozanam-apostol-de-la-caridad-y-la-reconciliacion\/#easy-footnote-bottom-23-4811' title='1782-1854. Ver \u00abVE\u00bb n. 29, pp. 15ss.'><sup>23<\/sup><\/a><\/span> y al que hab\u00eda pertenecido el padre Lacordaire. El 15 de agosto de 1832, la enc\u00edclica <em>Mirari vos<\/em> del Papa <strong>Gregorio XVI <\/strong>criticando el liberalismo termina con la aventura de <em>L&#8217;Avenir<\/em>. Prontamente el padre Lacordaire se adhiere a la ense\u00f1anza pontificia e incluso llega a escribir <em>Consideraciones sobre el sistema filos\u00f3fico del Sr. de La Mennais<\/em>, tomando distancia p\u00fablica del amigo a quien tan cercanamente hab\u00eda acompa\u00f1ado. As\u00ed, pues, el Arzobispo al tiempo que acoge la idea de los j\u00f3venes universitarios encabezados por Ozanam se propone una salida encomendando a siete sacerdotes las solicitadas conferencias cuaresmales. Entre ellos no estaba Lacordaire, pues Monse\u00f1or de Qu\u00e9len lo consideraba a\u00fan cercano a La Mennais, quien reci\u00e9n pocos d\u00edas atr\u00e1s hab\u00eda escrito al Papa Gregorio someti\u00e9ndose. Claro, que como Pastor que era Monse\u00f1or de Qu\u00e9len incluso hab\u00eda visitado privadamente a La Mennais alent\u00e1ndolo a rectificarse en todo sentido, luego que \u00e9ste escribi\u00f3 al Papa. Sin embargo con precauci\u00f3n, que en el caso de La Mennais probar\u00eda ser muy v\u00e1lida, el Arzobispo optaba por la prudencia.<\/p>\n<p>Notre Dame estuvo pr\u00e1cticamente vac\u00eda durante las pr\u00e9dicas cuaresmales de 1834. A pesar de ello, la publicaci\u00f3n por La Mennais de su obra <em>Palabras de un creyente<\/em>, difundida a principios de 1834<span id='easy-footnote-24-4811' class='easy-footnote-margin-adjust'><\/span><span class='easy-footnote'><a href='https:\/\/vincentians.com\/es\/federico-ozanam-apostol-de-la-caridad-y-la-reconciliacion\/#easy-footnote-bottom-24-4811' title='Aunque escritas en secreto en 1833, fueron publicadas en abril de 1834. En julio la enc\u00edclica Singulari nos es m\u00e1s expl\u00edcita en el rechazo de los principios de la escuela menesiana. Es tambi\u00e9n a partir de 1834 que cambiar\u00e1 la graf\u00eda de su nombre a Lamennais.'><sup>24<\/sup><\/a><\/span> expresando su amargura, parec\u00eda dar la raz\u00f3n al Arzobispo de Qu\u00e9len en su prudencia ante cuanto le pareciera de la escuela menesiana, al constatar que \u00abLamennais jugaba un doble juego: sumisi\u00f3n p\u00fablica por un lado y por otro rebeli\u00f3n en su vida privada\u00bb.<span id='easy-footnote-25-4811' class='easy-footnote-margin-adjust'><\/span><span class='easy-footnote'><a href='https:\/\/vincentians.com\/es\/federico-ozanam-apostol-de-la-caridad-y-la-reconciliacion\/#easy-footnote-bottom-25-4811' title='Romero, p. 177.'><sup>25<\/sup><\/a><\/span>\n<p>Numerosas acusaciones caen sobre el padre Lacordaire, juzg\u00e1ndolo igual a La Mennais, desconfiando de su toma de distancia. El que habr\u00eda de ser el restaurador de los dominicos en Francia, calla y pacientemente soporta la mortificaci\u00f3n a la que es sometido por las injustas calumnias. El Arzobispo se informa concienzudamente de diversas fuentes y constata para su tranquilidad que Lacordaire efectivamente se hab\u00eda apartado del grupo menesiano y que su escrito de cr\u00edtica no era estrategia o pose. Estando as\u00ed las cosas, alentado por <strong> Dionisio Affre<\/strong> \u2014quien ser\u00eda m\u00e1s adelante el Arzobispo de Par\u00eds asesinado al ejercer su ministerio de reconciliaci\u00f3n entre los dos bandos en pugna en la revoluci\u00f3n de junio de 1848\u2014 el padre Lacordaire visita a su Pastor. Cu\u00e1l ser\u00eda su sorpresa cuando en aquella ocasi\u00f3n Monse\u00f1or de Qu\u00e9len le encomienda las pl\u00e1ticas cuaresmales para 1835 en la Catedral de Par\u00eds.<\/p>\n<p>Ozanam y sus amigos estallan en j\u00fabilo por tal nombramiento del Arzobispo de Par\u00eds. Llegado el momento, el 8 de marzo de 1835, unas cinco mil personas asistir\u00e1n a Notre Dame a escuchar al padre Lacordaire en su primera pr\u00e9dica desde el pulpito de la famosa bas\u00edlica parisiense. Y as\u00ed una tras otra. El Arzobispo, presente en las diversas jornadas de fe, constata personalmente la ortodoxia del predicador, as\u00ed como la fuerza de sus argumentos, y en la conferencia final toma la palabra para pedir que todos agradezcan a Dios por la bendici\u00f3n de las predicaciones cuaresmales de ese a\u00f1o.<\/p>\n<h2><strong>Esposo y padre de familia<\/strong><\/h2>\n<p>El matrimonio de Antonio Federico Ozanam es un hecho famoso en la historia de la Iglesia. Al menos dos Sumos Pont\u00edfices se han referido a \u00e9l. El primero fue el Papa <strong>P\u00edo IX<\/strong>,\u00a0<span id='easy-footnote-26-4811' class='easy-footnote-margin-adjust'><\/span><span class='easy-footnote'><a href='https:\/\/vincentians.com\/es\/federico-ozanam-apostol-de-la-caridad-y-la-reconciliacion\/#easy-footnote-bottom-26-4811' title='\u00abCu\u00e9ntase que al leer esto (lo que hab\u00eda escrito el padre Lacordaire refiri\u00e9ndose al matrimonio de Ozanam: \u00abHubo una trampa [un pi\u00e8ge] que no supo evitar\u00bb) P\u00edo IX exclam\u00f3: \u00ab\u00a1No sab\u00eda que existiese seis sacramentos y una trampa!\u00bb\u00bb (Romero, p. 265, n. 1). El Papa P\u00edo IX, que ocup\u00f3 la Sede de Pedro de 1846 a 1878, hab\u00eda nacido en Roma en 1792. Es el primer Sumo Pont\u00edfice que se conoce que visit\u00f3 Am\u00e9rica Latina. Siendo ya sacerdote, form\u00f3 parte de una misi\u00f3n pontificia que visit\u00f3 Sudam\u00e9rica austral de 1823 a 1825.'><sup>26<\/sup><\/a><\/span> a quien Federico hab\u00eda visitado pocos a\u00f1os antes de su muerte.<span id='easy-footnote-27-4811' class='easy-footnote-margin-adjust'><\/span><span class='easy-footnote'><a href='https:\/\/vincentians.com\/es\/federico-ozanam-apostol-de-la-caridad-y-la-reconciliacion\/#easy-footnote-bottom-27-4811' title='Ozanam conversa con el Pont\u00edfice durante su estad\u00eda en Roma, en 1847. Su entusiasmo por el pontificado del Papa P\u00edo IX es notorio.'><sup>27<\/sup><\/a><\/span> El segundo fue el Papa <strong>Juan Pablo I<\/strong>, quien en una de las audiencias de su breve pontificado relat\u00f3 el asunto al tratar del matrimonio: \u00abEl siglo pasado hab\u00eda en Francia un profesor insigne, Federico Ozanam; ense\u00f1aba en la Sorbona, era elocuente, estupendo. Ten\u00eda un amigo, Lacordaire, que sol\u00eda decir: \u00ab\u00a1Este hombre es tan estupendo y tan bueno que se har\u00e1 sacerdote y llegar\u00e1 a ser todo un obispo!\u00bb. Pero no. Encontr\u00f3 a una se\u00f1orita excelente y se casaron. A Lacordaire no le sent\u00f3 bien y dijo: \u00ab\u00a1Pobre Ozanam! \u00a1Tambi\u00e9n \u00e9l ha ca\u00eddo en la trampa!\u00bb. Dos a\u00f1os despu\u00e9s, Lacordaire vino a Roma y fue recibido por P\u00edo IX; \u00abVenga, venga, padre, \u2014le dijo\u2014 yo siempre hab\u00eda o\u00eddo decir que Jes\u00fas instituy\u00f3 siete sacramentos: ahora viene usted, me revuelve las cartas en la mesa, y me dice que ha instituido seis sacramentos y una trampa. No, padre, el matrimonio no es una trampa, \u00a1es un gran sacramento!\u00bb\u00bb.<span id='easy-footnote-28-4811' class='easy-footnote-margin-adjust'><\/span><span class='easy-footnote'><a href='https:\/\/vincentians.com\/es\/federico-ozanam-apostol-de-la-caridad-y-la-reconciliacion\/#easy-footnote-bottom-28-4811' title='S.S. Juan Pablo I, Catequesis del 13 de setiembre de 1978.'><sup>28<\/sup><\/a><\/span>\n<p>Ozanam ciertamente sinti\u00f3 una inclinaci\u00f3n a consagrar plenamente su vida al apostolado, y por lo tanto iba cavilando sobre cu\u00e1l ser\u00eda el designio de Dios para su vida. Reza, piensa, escribe y conversa sobre asunto tan fundamental. Al regresar de Par\u00eds a Lyon, luego de culminar sus estudios de Derecho y de Literatura, decide retomar m\u00e1s sistem\u00e1ticamente el di\u00e1logo sobre sus inquietudes vocacionales con el padre Noirot. Conocidos de largo tiempo el sacerdote y el disc\u00edpulo y aconsejado espiritual se entregan a un proceso de discernimiento que llega a la conclusi\u00f3n de que el Plan de Dios lo invita al matrimonio. El padre Noirot, conocedor de la profundidad metaf\u00edsica y de la fineza del esp\u00edritu de Federico, sin embargo es asimismo uno de aquellos convencidos de que el matrimonio es tambi\u00e9n un camino de santidad y que precisamente los tiempos requieren del ejemplo de santos matrimonios. Por ello, junto con una sana teolog\u00eda del sacramento del matrimonio, la apertura a la gracia, la oraci\u00f3n y el discernimiento, Noirot supo acompa\u00f1ar bien el proceso de esclarecimiento espiritual de Ozanam. El juicio sobre ello lo ha dado la vida misma del ejemplar ap\u00f3stol de la caridad y de la reconciliaci\u00f3n. \u00bfAcaso no viene al caso aplicar la sentencia: \u00abPor sus frutos los conocer\u00e9is\u00bb?<span id='easy-footnote-29-4811' class='easy-footnote-margin-adjust'><\/span><span class='easy-footnote'><a href='https:\/\/vincentians.com\/es\/federico-ozanam-apostol-de-la-caridad-y-la-reconciliacion\/#easy-footnote-bottom-29-4811' title='Mt 7,16.'><sup>29<\/sup><\/a><\/span>\n<p>Aspirando Ozanam a una c\u00e1tedra de literatura, el padre Noirot le ofrece presentarle al rector de la Academia de Lyon. Al visitar el hogar de la familia Soulacroix Magagnos con el objeto de dialogar con el rector Soulacroix, Federico conoce a su hija Amelia con quien comparte ideales y horizontes. La lectura de la biograf\u00eda de <strong>Santa Isabel de Hungr\u00eda<\/strong>,\u00a0<span id='easy-footnote-30-4811' class='easy-footnote-margin-adjust'><\/span><span class='easy-footnote'><a href='https:\/\/vincentians.com\/es\/federico-ozanam-apostol-de-la-caridad-y-la-reconciliacion\/#easy-footnote-bottom-30-4811' title='Santa Isabel de Hungr\u00eda naci\u00f3 en 1207 y a la edad de 14 contrajo matrimonio con Luis IV de Turingia, con quien tuvo tres hijos. Fue convocada por el Padre en 1231, a los 24 a\u00f1os de edad, luego de una vida ejemplar de penitencia y de amoroso servicio a los m\u00e1s necesitados. Es hija suya la beata Gertrudis de Altenberg o de Turingia.'><sup>30<\/sup><\/a><\/span> escrita por el conde <strong>Carlos de Montalembert<\/strong>, y el frecuente comentario sobre el ejemplo de aquella santa de ejemplar caridad con los pobres, los enfermos y los ancianos constituye un horizonte que alimentar\u00e1 la vocaci\u00f3n matrimonial de Antonio Federico y de Amelia, e incentivar\u00e1 su mutuo amor.<\/p>\n<p>El 23 de junio de 1841, ante su hermano el sacerdote Alfonso Ozanam, Federico y <strong>Amelia Soulacroix Magagnos<\/strong> contraen matrimonio en el templo de Saint Nizier, en Lyon. Como viaje de bodas realizar\u00e1n un periplo por varias ciudades de Italia. En Roma la joven pareja es recibida en audiencia por el Papa <strong>Gregorio XVI<\/strong>,<span id='easy-footnote-31-4811' class='easy-footnote-margin-adjust'><\/span><span class='easy-footnote'><a href='https:\/\/vincentians.com\/es\/federico-ozanam-apostol-de-la-caridad-y-la-reconciliacion\/#easy-footnote-bottom-31-4811' title='Fue Sumo Pont\u00edfice desde 1831 hasta 1846; hab\u00eda nacido en Venecia en 1765.'><sup>31<\/sup><\/a><\/span> con quien conversan sobre Dante, a quien Ozanam hab\u00eda reivindicado brillantemente en una tesis en la Sorbona<span id='easy-footnote-32-4811' class='easy-footnote-margin-adjust'><\/span><span class='easy-footnote'><a href='https:\/\/vincentians.com\/es\/federico-ozanam-apostol-de-la-caridad-y-la-reconciliacion\/#easy-footnote-bottom-32-4811' title='La famosa tesis sobre Dante y los fil\u00f3sofos del siglo XIII, que dedic\u00f3 a Alfonso de Lamartine (1790-1869), a Juan Jacobo Amp\u00e9re (1800-1864, hijo de Andr\u00e9s Mar\u00eda, y quien escribir\u00e1 el prefacio de sus Obras completas editadas postumamente) y al padre Jos\u00e9 Mar\u00eda Noirot, fue sustentada y obtuvo todos los honores en el ambiente hostil de la Sorbona, el 7 de enero de 1839.'><sup>32<\/sup><\/a><\/span> y proclamado poeta universal de la cristiandad, y sobre las Conferencias Vicentinas.<\/p>\n<p>Ozanam describe como una bendici\u00f3n el nacimiento de su hija Mar\u00eda, en julio de 1845. Paralelamente su salud se va debilitando. El diagn\u00f3stico de un problema respiratorio encubre la verdad de una enfermedad renal que permanece oculta. Los m\u00e9dicos le recomiendan viajar a una zona de clima m\u00e1s templado. As\u00ed, en 1846 Federico y Amelia visitar\u00e1n nuevamente Italia, aunque esta vez con su hijita Mar\u00eda. All\u00ed, junto a las visitas a los centros culturales y a las grandes bibliotecas en las que nutr\u00eda su intelecto, Federico infatigablemente tomar\u00e1 la oportunidad para introducir las Conferencias Vicentinas en Italia.<span id='easy-footnote-33-4811' class='easy-footnote-margin-adjust'><\/span><span class='easy-footnote'><a href='https:\/\/vincentians.com\/es\/federico-ozanam-apostol-de-la-caridad-y-la-reconciliacion\/#easy-footnote-bottom-33-4811' title='Pocos a\u00f1os despu\u00e9s de su tr\u00e1nsito, en 1857, hab\u00eda unas 158 Conferencias de San Vicente de Pa\u00fal, a las cuales se sumaron 36 al a\u00f1o siguiente, y 23 m\u00e1s en 1859 (Tramontin, p. 18).'><sup>33<\/sup><\/a><\/span>\n<h2><strong>Coherencia entre pensamiento y acci\u00f3n<\/strong><\/h2>\n<p>La visi\u00f3n cristiana de la vida ilumina todo el pensar y actuar de Ozanam. Aunque no cree que el problema que agitaba entonces al mundo era cuesti\u00f3n de formas pol\u00edticas, sino fundamentalmente un asunto social, respalda con franqueza la aparici\u00f3n de la Segunda Rep\u00fablica, pero con la prudencia que expresara a\u00f1os antes: \u00abYo no niego ni rechazo algunas de las varias combinaciones de gobierno, pero s\u00f3lo las acepto como instrumentos para conseguir que los hombres sean m\u00e1s felices y mejores\u00bb. Y, m\u00e1s a\u00fan, considerando que en todos esos asuntos la verdadera clave estaba en \u00abla caridad, que debe hacer aquello que la justicia por s\u00ed sola no sabr\u00e1 hacer\u00bb.<\/p>\n<p>La finalidad es lo que le preocupa. As\u00ed, reconoce la utilidad del poder en la convivencia social, pero afirma con energ\u00eda que ante \u00e9l, por el bien de las gentes, es necesario reivindicar el \u00absagrado principio de la libertad\u00bb. Ciertamente esta valoraci\u00f3n no lo lleva al liberalismo, pues por otra parte, Ozanam profesa una <strong>oposici\u00f3n doctrinal al liberalismo econ\u00f3mico<\/strong>, y se escandaliza ante las aberraciones en las relaciones entre el patrono y el obrero hechas posibles por la excesiva dependencia en la que el empleo pone al trabajador. Utilizando la expresi\u00f3n entonces novedosa de <em>justicia social<\/em>, en 1840 postula el salario familiar, censura el trabajo de los menores, aspira a la reglamentaci\u00f3n de las relaciones entre patronos y obreros, y expresamente toma partido por ese pueblo que tiene demasiadas necesidades sin atender y muy pocos derechos reconocidos, que reclama, con raz\u00f3n, una parte mayor en la gesti\u00f3n de los asuntos p\u00fablicos, garant\u00edas para el trabajo y contra la miseria, y que tiene malos jefes porque no se le ofrecen otros mejores.<\/p>\n<p>Ozanam era un convencido de la necesidad de <strong>reformas<\/strong> en\u00e9rgicas, pero pac\u00edficas, que impidiesen la esclavitud de esa creciente masa de obreros, fruto de la entonces moderna cuesti\u00f3n social. Descartando los enfoques de la antigua escuela de los economistas, as\u00ed como los planteamientos de los nacientes socialismos por infecundos, socialmente nocivos y materialistas, a los que considera simplemente <em>pseudo-socialismos<\/em>, el fundador primario de las <em>Conferencias de San Vicente<\/em> se adhiere a los principios cristianos y aboga por la formaci\u00f3n de \u00abuna escuela social\u00bb. Para el gran ap\u00f3stol y activista solidario de la Francia del siglo XIX, la doctrina social del cristianismo contiene todas las verdades que los reformadores modernos pretenden haber descubierto, pero sin sustentar ninguno de los errores y falsas ilusiones en boga. A trav\u00e9s de sus reflexiones en un op\u00fasculo titulado <em>Los or\u00edgenes del socialismo<\/em>, llega Ozanam a la convicci\u00f3n de que es el cristianismo la \u00fanica v\u00eda por medio de la cual se podr\u00e1 realizar el ideal de fraternidad entre los hombres sin inmolar su libertad ni su dignidad, y la \u00fanica capaz de buscar la dicha en la tierra sin renegar de la esperanza de alcanzar una felicidad m\u00e1s grande en el cielo.<\/p>\n<p>Entonces escribe: \u00abAl tratar de los or\u00edgenes del socialismo, reunimos bajo ese nombre las diversas escuelas que lo asumen, y que no desear\u00edamos distinguir para abrir pol\u00e9mica particular con cada una de ellas. Muchos de los socialistas no son sino los disc\u00edpulos tard\u00edos de los m\u00e1s culpables errores del paganismo, existen otros que asumen en m\u00e1s de un punto las tradiciones cristianas, y en quienes el error principal estriba en dar nuevos nombres a las antiguas virtudes, cambiar los consejos evang\u00e9licos en preceptos y querer realizar sobre la tierra el ideal del cielo. No desconocemos la generosidad de esas ilusiones, pero s\u00ed vemos el peligro que entra\u00f1an. Como todas las doctrinas que han turbado el reposo del mundo, el socialismo no tiene otra fuerza sino la de muchas verdades mezcladas con muchos errores. Esta confusi\u00f3n le aporta una apariencia de novedad que deslumbre a los esp\u00edritus d\u00e9biles: s\u00f3lo habremos descartado todo el peligro de estas ense\u00f1anzas cuando hayamos mostrado, por una parte, las verdades antiguas (cristianas) que no han esperado para realizarse el sol del siglo diecinueve, y por la otra, los errores seculares tantas veces juzgados por la conciencia de los hombres y condenados por la experiencia de los pueblos. Es tiempo de realizar la separaci\u00f3n y retomar nuestro bien, me refiero a las antiguas y populares ideas de justicia, de caridad, de fraternidad. Es tiempo de demostrar que se puede defender la causa del proletariado, consagr\u00e1ndose al alivio de las clases sufrientes, buscar la abolici\u00f3n de la pobreza, sin hacerse solidario de las pr\u00e9dicas que han desencadenado la tempestad de junio<span id='easy-footnote-34-4811' class='easy-footnote-margin-adjust'><\/span><span class='easy-footnote'><a href='https:\/\/vincentians.com\/es\/federico-ozanam-apostol-de-la-caridad-y-la-reconciliacion\/#easy-footnote-bottom-34-4811' title='Se refiere a los enfrentamientos con grave p\u00e9rdida de vidas, entre ellas la del reconciliador Arzobispo Dionisio Affre (1793-1848), que enfrentaron a los obreros de los Talleres Nacionales con las fuerzas del Gobierno de turno.'><sup>34<\/sup><\/a><\/span> y que a\u00fan mantienen sobre nosotros nubarrones\u00bb.<\/p>\n<p>A\u00f1os antes, en un curso dictado en Lyon en la c\u00e1tedra de Derecho Comercial, en 1840, Ozanam aborda sistem\u00e1ticamente el tema del proletariado y la cuesti\u00f3n social impugnando a quienes humillan a los pobres y a los obreros queriendo convertirlos en instrumentos de las fortunas de los ricos. Igualmente denuncia a quienes corrompen al proletariado al comunicarles las pasiones de los malos ricos. Revaloriza el <strong>trabajo<\/strong> a trav\u00e9s de una teor\u00eda general del mismo defini\u00e9ndolo como el medio de acci\u00f3n intelectual y material propio del ser humano, incluso antes de la ca\u00edda y la sanci\u00f3n divina. Estableciendo una teor\u00eda del salario justo y de la seguridad social, Ozanam propone un <strong>ordenamiento social<\/strong> basado en la justicia: ni individualismo explotador y ego\u00edsta, ni denigrante y embaucador colectivismo; un orden fundado en la libre asociaci\u00f3n de quienes trabajan, unas relaciones equitativas entre capital y trabajo, y una moderada intervenci\u00f3n del Estado que favorezca la justicia social sin perjudicar la libertad y la propiedad privada. Federico Ozanam, quien supo comprender la cuesti\u00f3n fundamental del trabajo, se angustiaba intensamente ante la explotaci\u00f3n de la que eran v\u00edctimas los trabajadores, y denunciaba la concepci\u00f3n del obrero-m\u00e1quina, al tiempo que escrib\u00eda y actuaba para alentar el cambio de la situaci\u00f3n, como se ve, por ejemplo, a trav\u00e9s de su campa\u00f1a de 1848 para lograr el descanso dominical del trabajador, as\u00ed como por tantos de sus escritos y acciones.<\/p>\n<h2><strong>Con el pobre por la reconciliaci\u00f3n<\/strong><\/h2>\n<p>Antonio Federico Ozanam no es un hombre que ha dejado crecer hipertr\u00f3ficamente su ciencia humana desatendiendo la profundizaci\u00f3n en la fe. Junto al manejo de lenguas vivas y cl\u00e1sicas,<span id='easy-footnote-35-4811' class='easy-footnote-margin-adjust'><\/span><span class='easy-footnote'><a href='https:\/\/vincentians.com\/es\/federico-ozanam-apostol-de-la-caridad-y-la-reconciliacion\/#easy-footnote-bottom-35-4811' title='Adem\u00e1s del franc\u00e9s domina a los diecisiete a\u00f1os el lat\u00edn y el griego, a los que suma el alem\u00e1n, el italiano, el ingl\u00e9s, un poco de castellano, el hebreo y el s\u00e1nscrito.'><sup>35<\/sup><\/a><\/span> que entre otras es una de las causas que le valen la c\u00e1tedra en la Sorbona, sus amplios conocimientos jur\u00eddicos, ling\u00fc\u00edsticos, literarios e hist\u00f3ricos, que se muestran en sus obras, tambi\u00e9n est\u00e1 presente como sustrato de todo ello una teolog\u00eda bien aprendida, interiorizada y vivida.<span id='easy-footnote-36-4811' class='easy-footnote-margin-adjust'><\/span><span class='easy-footnote'><a href='https:\/\/vincentians.com\/es\/federico-ozanam-apostol-de-la-caridad-y-la-reconciliacion\/#easy-footnote-bottom-36-4811' title='A pesar de ello, se sabe por el testimonio de su amigo Juan Jacobo Amp\u00e9re que Ozanam somet\u00eda a censura al Arzobispo de Parfs o a un experimentado te\u00f3logo todos sus trabajos que tocaban temas teol\u00f3gicos.'><sup>36<\/sup><\/a><\/span>\n<p>En ese trasfondo su hambre de anunciar la Verdad y su compromiso de hacerlo se expresan en una vida de encuentro con Dios, Comuni\u00f3n de Amor, y en la voluntad expl\u00edcita de hacer concreto ese amor entre los seres humanos. Su amigo el padre Lacordaire escribir\u00e1, que junto con su cristiana sencillez en medio de los \u00e9xitos, Antonio Federico pose\u00eda un esp\u00edritu \u00abque miraba hacia Dios constantemente\u00bb. As\u00ed, nutrido por sus convicciones y por sus experiencias religiosas, entre los objetivos que va enunciando en su vida aparece muy claro el de la reconciliaci\u00f3n. Ya el padre Noirot describ\u00eda a Federico, en su tiempo de escolar, como quien \u00aba nadie ten\u00eda odio, salvo a la mentira\u00bb. La meta de disipar el odio del pobre al rico, de combatir el mal con el bien, tan presente en el trasfondo de las Conferencias Vicentinas y del quehacer de Ozanam, muestran claramente la perspectiva reconciliativa<span id='easy-footnote-37-4811' class='easy-footnote-margin-adjust'><\/span><span class='easy-footnote'><a href='https:\/\/vincentians.com\/es\/federico-ozanam-apostol-de-la-caridad-y-la-reconciliacion\/#easy-footnote-bottom-37-4811' title='Ciertamente el principio de reconciliaci\u00f3n en Ozanam nada tiene que ver con el vocablo difundido por esos tiempos por Ludolfo Camphausen (1803-1890) y otros pensadores de Prusia. \u00c9stos se mov\u00edan en expl\u00edcitos par\u00e1metros pol\u00edtico-legales, mientras que Ozanam lo hada desde la fe, desde la caridad.'><sup>37<\/sup><\/a><\/span> en su pensamiento y en su acci\u00f3n.<\/p>\n<p>Al retornar a Par\u00eds de su viaje de salud a Italia en octubre de 1847, contempla angustiado la situaci\u00f3n de Francia. \u00abEs la lucha\u00bb, dir\u00e1. No por ello se amilana, pues sus convicciones en favor de la uni\u00f3n de todos en una sana convivencia social y la defensa de la libertad se hab\u00edan visto fortalecidas por el di\u00e1logo que tuvo con el Papa P\u00edo IX.<\/p>\n<p>La situaci\u00f3n, con lo tr\u00e1gica que se presentaba, sin embargo no era una entera novedad para Ozanam. Unos diez a\u00f1os antes hab\u00eda escrito: \u00abAqu\u00ed la gente no est\u00e1 dividida por opiniones pol\u00edticas sino por intereses. En un lado est\u00e1 el campo de los ricos, en el otro el de los pobres. En uno el ego\u00edsmo quiere conservar todo para s\u00ed mismo, en el otro el ego\u00edsmo quiere apoderarse de todo para s\u00ed mismo. Entre los dos hay un odio irreconciliable que amenaza causar una guerra que ser\u00e1 una lucha hasta el exterminio\u00bb.<\/p>\n<p>Ante el panorama de polarizaciones y ego\u00edsmos intensific\u00e1ndose, Antonio Federico se sumerge en b\u00fasqueda de soluciones en la caridad, en la conciencia y virtudes cristianas. As\u00ed, para \u00e9l, los hijos de la Iglesia \u00abdeben lanzarse entre los dos campos en nombre de la caridad, para que disminuyendo los ego\u00edsmos, destruyan los prejuicios, se desechen las armas del odio y los dos campos se encuentren, no para luchar sino para reconciliarse, y para as\u00ed todos juntos poder construir una sociedad en la cual la dignidad del hombre y sus libertades se sumen establemente con los derechos del bien com\u00fan y la justicia social\u00bb. Para \u00e9l la caridad \u2014que hab\u00eda que portar en suficiente cantidad entre los que alzaban armas de ira\u2014 era el combustible de la reconciliaci\u00f3n que conducir\u00eda a una sociedad nueva basada en el ejercicio de la soberan\u00eda popular y la democracia enmarcadas en el reconocimiento del derecho natural que proviene del designio divino.<\/p>\n<p>Su convicci\u00f3n de que el cristianismo ten\u00eda la respuesta para la edificaci\u00f3n de una sociedad justa la expresa reiteradamente, incluso antes de la primera revoluci\u00f3n de 1848<span id='easy-footnote-38-4811' class='easy-footnote-margin-adjust'><\/span><span class='easy-footnote'><a href='https:\/\/vincentians.com\/es\/federico-ozanam-apostol-de-la-caridad-y-la-reconciliacion\/#easy-footnote-bottom-38-4811' title='La del 23 de febrero. El 10 de febrero publica en Le Correspondan un discurso suyo que expone la idea de irradiar el cristianismo, anunciar la Verdad y la moralidad, ayudando a que todos puedan acceder a la libertad de los hijos de Dios.'><sup>38<\/sup><\/a><\/span> a la que sigue el advenimiento de la Segunda Rep\u00fablica francesa. As\u00ed como el apostolado intelectual ten\u00eda su lugar, y la caridad de la Sociedad Vicentina el suyo, Ozanam estaba tambi\u00e9n persuadido de la importancia fundamental de extender socialmente a todos los integrantes de la sociedad el impulso del amor y de la reconciliaci\u00f3n. Al buscar difundir estas ideas y plantearse la creaci\u00f3n de un nuevo diario cat\u00f3lico, Ozanam es enf\u00e1tico al enunciar que la nueva publicaci\u00f3n no buscar\u00e1 dividir a los cat\u00f3licos, sino alcanzar al mayor n\u00famero posible. As\u00ed, en 1848 surge <em>L&#8217;\u00c8re Nouvelle<\/em> con un ideario que reclama el respeto a la constituci\u00f3n divina de la Iglesia y el reconocimiento de la libertad de educaci\u00f3n, de ense\u00f1anza y de asociaci\u00f3n. Es un lugar com\u00fan se\u00f1alar que la nueva publicaci\u00f3n pone en su primera plana de principios tanto los ideales de Dios, la fe y la libertad, como los de la unidad, la paz y la concordia general.<\/p>\n<p>Los ideales de Ozanam se estrellan contra la hostilidad de los <em>escilas<\/em> y <em>caribdis<\/em> que desde los extremos del espectro pol\u00edtico se lanzan contra ellos. El combustible que esas incomprensiones y choques proporcionan hace percibir la magnitud del fuego que habr\u00e1 de alzarse al contacto con la llama que lo desencadenar\u00e1.<\/p>\n<p>Y cuando por fin estalla la beligerancia social, y los bandos se enfrentan en cruel pugna que arrebata millares de vidas, Antonio Federico no vacila en ir en b\u00fasqueda de su amigo Dionisio Affre, el Arzobispo de Par\u00eds, para pedirle que interceda y que se interponga entre los dos campos en pugna para evitar m\u00e1s muertes. El Arzobispo Affre, que hab\u00eda aprobado con honda complacencia la disertaci\u00f3n de Ozanam sobre \u00abLos deberes literarios de los cristianos\u00bb a ser pronunciada en el C\u00edrculo Cat\u00f3lico, hab\u00eda le\u00eddo que en momentos de pol\u00e9mica y apolog\u00e9tica no debe uno dejarse llevar por la pasi\u00f3n del momento, sino por la paciencia y la dulzura en la defensa de la verdad, asume con entusiasmo la bandera de la reconciliaci\u00f3n que el joven pensador le ofrec\u00eda y arregla una tregua para enarbolarla pac\u00edficamente en su persona procurando el cese definitivo del fuego de las armas. As\u00ed, vestido con su sotana morada y con su cruz pectoral visible, el Arzobispo de Par\u00eds, quien ser\u00e1 m\u00e1rtir de la reconciliaci\u00f3n, avanzar\u00e1 por entre los dos bandos en pugna procurando evitar las luchas fratricidas. El accidental disparo que arrebat\u00f3 su vida temporal, fue como un signo del triunfo de las pasiones desatadas. Mientras el Arzobispo Affre cumpl\u00eda as\u00ed su voto: \u00abNo vengo a gobernar ni a turbar esta ciudad sino a ofrecerme como v\u00edctima\u00bb, Ozanam comprend\u00eda lo dif\u00edcil y tr\u00e1gico de las situaciones humanas cuando en los corazones no mora el amor. Por ello habr\u00eda escrito con convicci\u00f3n, all\u00e1 por el a\u00f1o 1840, que cuando se produjera el choque que buscaba evitar entre \u00abel pauperismo\u00bb y \u00abuna aristocracia financiera de v\u00edsceras endurecidas\u00bb, habr\u00eda que llevar a todos \u00abla palabra reconciliadora del amor\u00bb. La sangre derramada en la misi\u00f3n mediadora por la paz del inolvidable Arzobispo de Par\u00eds que muri\u00f3 ejerciendo ejemplarmente su ministerio de reconciliaci\u00f3n, terminar\u00eda dando su fruto con el cese del fragor de la lucha fratricida.<span id='easy-footnote-39-4811' class='easy-footnote-margin-adjust'><\/span><span class='easy-footnote'><a href='https:\/\/vincentians.com\/es\/federico-ozanam-apostol-de-la-caridad-y-la-reconciliacion\/#easy-footnote-bottom-39-4811' title='El Arzobispo es herido el domingo 25 de junio, y su muerte ocurre al d\u00eda siguiente, en que cesan las hostilidades, dejando un saldo de cerca de cinco mil muertos. Ciertamente las tensiones y la situaci\u00f3n de pobreza lamentablemente contin\u00faan. Ozanam seguir\u00e1 fiel a su principio de seguir \u00abla poes\u00eda del amor\u00bb buscando la paz, la justicia y la reconciliaci\u00f3n de todos a trav\u00e9s de la caridad intelectual y solidaria.'><sup>39<\/sup><\/a><\/span>\n<h2><strong>Evangelizar es la gran tarea<\/strong><\/h2>\n<p>Ante todo lo que ha visto en su vida, Ozanam queda cada vez m\u00e1s convencido de la importancia fundamental del anuncio evang\u00e9lico y de la caridad. A la cr\u00edtica social de todo ego\u00edsmo individualista o colectivista, debe sumarse un ardiente amor que se exprese en el anuncio evangelizador as\u00ed como en la solidaridad concreta, llegando con su visi\u00f3n del mundo a poner el horizonte de una fraternidad social centrada en el amor que viene de Dios, manifestando una conciencia de lo que hoy se llamar\u00eda <strong>evangelizaci\u00f3n de la cultura<\/strong>. Caridad con el pr\u00f3jimo: caridad intelectual y caridad solidaria, tal era el programa de Ozanam.<\/p>\n<p>En el aspecto de la cultura, comprendiendo el valor de la historia en la forja de un pueblo, al igual que <strong>Francisco Rene de Chateaubriand<\/strong><span id='easy-footnote-40-4811' class='easy-footnote-margin-adjust'><\/span><span class='easy-footnote'><a href='https:\/\/vincentians.com\/es\/federico-ozanam-apostol-de-la-caridad-y-la-reconciliacion\/#easy-footnote-bottom-40-4811' title='1768-1848. Ver \u00abVE\u00bb n. 29, pp. 14 y 15.'><sup>40<\/sup><\/a><\/span> \u2014cuya aproximaci\u00f3n apolog\u00e9tica, recurriendo a la historia del cristianismo, mostrar\u00e1 su huella en la perspectiva y en los trabajos de Ozanam\u2014 y que su contempor\u00e1neo <strong>Felipe Benjam\u00edn Buchez<\/strong>,\u00a0<span id='easy-footnote-41-4811' class='easy-footnote-margin-adjust'><\/span><span class='easy-footnote'><a href='https:\/\/vincentians.com\/es\/federico-ozanam-apostol-de-la-caridad-y-la-reconciliacion\/#easy-footnote-bottom-41-4811' title='1796-1865. Ver \u00abVE\u00bb n. 29, pp. 34-38.'><sup>41<\/sup><\/a><\/span> se sumerge tambi\u00e9n en el estudio hist\u00f3rico para explicitar la obra civilizadora de la Iglesia. Ya desde joven interioriz\u00f3 la idea de que junto al brillo de la verdad, se debe presentar la belleza de la fe y destacar su obra civilizadora, su influjo positivo en el desarrollo de los pueblos. \u00abLa Iglesia&#8230; evangeliz\u00f3 al mundo, y por a\u00f1adidura, lo instruy\u00f3. La Cruz ha sido, es y seguir\u00e1 siendo el s\u00edmbolo m\u00e1s perfecto de civilizaci\u00f3n y de progreso social\u00bb, son palabras que sint\u00e9ticamente expresan la convicci\u00f3n que se muestra en la vida y los trabajos de Ozanam. Las <em>Conferencias de Historia<\/em> en cuya g\u00e9nesis particip\u00f3 en su juventud no eran ajenas a este dinamismo de apostolado intelectual. En esa l\u00ednea escribe <em>Los or\u00edgenes del socialismo<\/em>; <em>Los germanos antes del cristianismo<\/em>; <em>Dante y la filosof\u00eda cat\u00f3lica en el siglo XIII<\/em>; <em>Los poetas franciscanos en Italia en el siglo XIII<\/em>; <em> Dos cancilleres de Inglaterra<\/em> y su <em>La civilizaci\u00f3n cristiana entre los francos<\/em>, etc. La notable lucidez de su pensamiento se manifiesta con claridad desde obras tan tempranas como <em>Reflexiones sobre la doctrina de Saint Sim\u00f3n<\/em><span id='easy-footnote-42-4811' class='easy-footnote-margin-adjust'><\/span><span class='easy-footnote'><a href='https:\/\/vincentians.com\/es\/federico-ozanam-apostol-de-la-caridad-y-la-reconciliacion\/#easy-footnote-bottom-42-4811' title='Esta famosa obra aplaudida por Lamartine y por Chateaubriand, fue primeramente publicada por Federico en L&amp;#8217;Abeille fran\u00e7aise de Lyon, cuando ten\u00eda 18 a\u00f1os.'><sup>42<\/sup><\/a><\/span> y se deja ver en la profundidad de sus an\u00e1lisis a lo largo de tantos escritos.<\/p>\n<p>Ozanam, tanto desde su aproximaci\u00f3n hist\u00f3rica al peregrinar de la Iglesia militante como por sus estudios lexicol\u00f3gicos y docum\u00e9ntanos, va construyendo un s\u00f3lido caso para refutar la supuesta \u00aboscuridad\u00bb de los tambi\u00e9n mal llamados \u00abtiempos medievales\u00bb, as\u00ed como para cuestionar seriamente la contraposici\u00f3n entre aqu\u00e9llos y el supuesto \u00abrenacimiento\u00bb. Esta cr\u00edtica cultural muestra la coexistencia de las tendencias culturales que har\u00e1n fortuna en ciertos aspectos del siglo XVI con corrientes ya presentes desde varios siglos antes. Por otro lado, la publicaci\u00f3n de sus <em>Cartas<\/em> ofrece la ocasi\u00f3n de mirar a\u00fan m\u00e1s de cerca la vida interior de un pensador que arde intensamente en la llama de la fe, que aspira a comunicar esa experiencia y la visi\u00f3n del mundo que de ella nace, que aspira a comunicar su amor por los pobres, por los m\u00e1s necesitados, su honda rebeli\u00f3n ante la divisi\u00f3n de los seres humanos y los medios concretos que pone para que se unan desde la caridad, el perd\u00f3n, la reconciliaci\u00f3n, y finalmente su comprensi\u00f3n y amor por la cultura y por la acci\u00f3n evangelizadora de la Iglesia en ese gran campo, al servicio de la humanidad. Las <em>Cartas<\/em> constituyen un testimonio personalizado y en algunos pasajes conmovedor del peregrinar de Antonio Federico Ozanam durante tantos a\u00f1os. No pocas letras escritas entonces revelan bien la gran fineza espiritual de su autor.<\/p>\n<h2><strong>Su tr\u00e1nsito<\/strong><\/h2>\n<p>Desde la fuerte tifoidea que lo aqueja cuando tiene siete a\u00f1os de edad, Antonio Federico Ozanam mostrar\u00e1 una estructura f\u00edsica poco fuerte y propensa al agotamiento y la enfermedad.<\/p>\n<p>Como un preludio del pr\u00f3ximo final de su terreno peregrinar, en 1850 es una vez m\u00e1s fuertemente calumniado, al punto que algunos de sus amigos empiezan a dudar de \u00e9l. Dolorido escribe en una carta: \u00abEstoy siendo colocado en la triste necesidad de dar testimonio de m\u00ed mismo&#8230; Es falso que yo haya dejado de creer o renegado, disimulado o atenuado alg\u00fan art\u00edculo de Fe\u00bb. Las pol\u00e9micas en torno a \u00e9l no cesan. No se le perdona la franqueza de sus opiniones, ni la coherencia de su vida centrada en la fe y la caridad. Toda esta situaci\u00f3n va afectando su salud al punto de serle exigido un forzado descanso m\u00e9dico.<\/p>\n<p>Para finales del &#8217;50, algo recuperado est\u00e1 nuevamente en acci\u00f3n. En el verano del &#8217;51, un nuevo descanso por su salud. En tiempos de Pascua en 1852, una fuerte fiebre lo deja postrado sin poder cumplir sus deberes. Interrumpe sus cursos, una tos seca y fuerte lleva al m\u00e9dico a diagnosticar pleures\u00eda \u2014aunque como se ver\u00eda por la autopsia que para el progreso de la ciencia pide en su testamento que se le haga, en realidad estaba aquejado de un deterioro del ri\u00f1\u00f3n derecho\u2014. La familia Ozanam debe emprender un nuevo viaje de salud al sur. Es como unas vacaciones en las que no deja de visitar los lugares de devoci\u00f3n para alimentar su esp\u00edritu, las Conferencias Vicentinas para responder a lo que le pide el coraz\u00f3n, buscando suscitarlas all\u00ed donde no las hay a\u00fan, as\u00ed como pasando revista a las bibliotecas para investigar y profundizar intelectualmente. As\u00ed, va transcurriendo el a\u00f1o, pero su salud no mejoraba.<\/p>\n<p>Con un gran esp\u00edritu de mortificaci\u00f3n se pone en manos de Dios, y d\u00eda a d\u00eda refuerza su prop\u00f3sito meditando la Sagrada Escritura, que lee en griego. Tiempos jalonados de enormes sufrimientos en los que el esp\u00edritu de Antonio Federico se va forjando m\u00e1s y m\u00e1s para el gran encuentro.<\/p>\n<p>Vista la gravedad que alcanza hacia mediados de agosto en que para conmemorar la Asunci\u00f3n fue por \u00faltima vez a una iglesia, Amelia decide regresar a Francia, y as\u00ed llegan a Marsella, donde el 8 de setiembre, Natividad de la Sant\u00edsima Virgen, acompa\u00f1ado por los auxilios de la santa religi\u00f3n es convocado por el Alt\u00edsimo a su presencia.<\/p>\n<h2><strong>Breve bibliograf\u00eda general<\/strong><\/h2>\n<ul>\n<li>Fernando <strong>Bastos de \u00c1vila<\/strong>, <em>O pensamento social crist\u00e3o antes de Marx. Textos e comentarios<\/em>, Livraria Jos\u00e9 Olympio Edit\u00f4ra, R\u00edo de Janeiro 1972.<\/li>\n<li>Fernando <strong>Bastos de \u00c1vila<\/strong>, <em>Pequena enciclopedia de Doutrina Social da Igreja<\/em>, Edi\u00e7\u00f4es Loyola, Sao Paulo 1991.<\/li>\n<li>Maria Teresa <strong>Candelas Antequera<\/strong>, <em>Federico Ozanam, modelo de identidad para los j\u00f3venes<\/em>, La Milagrosa, Madrid 1990.<\/li>\n<li>L\u00e9once <strong>C\u00e9lier<\/strong>, <em> Federico Ozanam<\/em>, trad. Joan B. Xuriguera, Editorial Claret, Barcelona 1975.<\/li>\n<li>John C. <strong>Cort<\/strong>, <em>Christian Socialism. An Informal History<\/em>, Orbis Books, 1988.<\/li>\n<li>Paul <strong>Droulers<\/strong>, S.J., <em>Cattolicesimo sodale nei secoli XIX e XX: Saggi di storia e sociologia<\/em>, Edizioni di Storia e Letteratura, Roma 1982.<\/li>\n<li>Jacques <strong>Droz<\/strong> (dir), <em>Historia General del Socialismo. (I) De los or\u00edgenes a 1875<\/em>, Ediciones Destino, Barcelona 1976.<\/li>\n<li>Jean-Baptiste <strong> Duroselle<\/strong>, <em>Les debuts du Catholicisme social en France (1822-1877)<\/em>, Presses Universitaires de France, Par\u00eds 1951.<\/li>\n<li>M. <strong>Fulvi Cittadini<\/strong>, <em> Cristianesimo sociale nell&#8217;ottocento<\/em>, Libreria Editrice Vaticana, Ciudad del Vaticano 1980.<\/li>\n<li>Ceorges <strong>Goyau<\/strong>, <em>Antoine Fr\u00e9d\u00e9ric Ozanam<\/em>, Flammarion, Par\u00eds 1931.<\/li>\n<li>Serge <strong>Grandais<\/strong>, Jean-L\u00e9on <em>Le Prevost (1803-1874<\/em>). <em>A ternura de Deus junto aos pobres<\/em>, Cidade Nova, S\u00e3o Paulo 1987.<\/li>\n<li>Boniface <strong> Hanley<\/strong>, O.F.M., <em>For your Love Alone<\/em>, www.ewtn.com\/library\/Mary\/Ozanam.txt.<\/li>\n<li>Hubert <strong>Jedin<\/strong>, <em>Manual de Historia de la Iglesia. (VII) Entre la revoluci\u00f3n y la restauraci\u00f3n<\/em>, Herder, Barcelona 1978.<\/li>\n<li>Edgard <strong>Leon Newman<\/strong> y Roben <strong>Lawrence Simpson<\/strong> (ed.), <em>Historical Dictionary of trance from the 7875 Restoration to the Second Empire<\/em>, Creenwood Press, Nueva York 1987.<\/li>\n<li>Paul <strong>Misner<\/strong>, <em>Social Catholicism in Europe<\/em>, Darton, Longman and Todd, Londres 1991.<\/li>\n<li>Thomas E. <strong>Neill<\/strong>, <em>Ozanam. Un Luchador Social<\/em>, Instituto Mexicano de Doctrina Social Cristiana, M\u00e9xico 1985.<\/li>\n<li>Antoine Fr\u00e9d\u00e9ric <strong>Ozanam<\/strong>, <em>\u0152uvres completes de A.-F. Ozanam, avec une notice par le R.P Lacordaire et une pr\u00e9face par M. Amp\u00e8re<\/em>, 11 vols., J. Lecof\u00edre, Par\u00eds 1855-1865 (Dif\u00edcil de acceder salvo en bibliotecas o por fotocopias, pero muchas de las obras all\u00ed recogidas han sido editadas modernamente, y tambi\u00e9n en otras lenguas. Los escritos sociales aparecen especialmente en los tt. 7 y 8).<\/li>\n<li>Federico <strong>Ozanam<\/strong>, <em>Lettere<\/em>, (ed.) Mons. Nicola Pavoni, s\/e, Tipograf\u00eda Vaticana, Ciudad del Vaticano 1994.<\/li>\n<li>Antonio Federico <strong>Ozanam<\/strong>, <em>Los poetas franciscanos en Italia en el siglo XIII<\/em>, Austral 888, Espasa-Calpe, Buenos Aires 1949.<\/li>\n<li>Antonio E. <strong>Ozanam<\/strong>, <em>Una peregrinaci\u00f3n al pa\u00eds del Cid y otros escritos<\/em>, Austral 939, Espasa-Calpe, Buenos Aires 1950.<\/li>\n<li>Raolo <strong> Pecorari<\/strong>, <em>Ketteler e Toniolo<\/em>, Citt\u00e1 Nuova, Roma 1977.<\/li>\n<li>Madeleine des<strong> Rivi\u00e8res<\/strong><em>, Ozanam, um sabio entre os pobres<\/em>, Edi\u00e7\u00f5es Loyola, S\u00e3o Paulo 1986 (Hay ediciones en varios idiomas, entre ellas en castellano).<\/li>\n<li>Federico <strong> Rodr\u00edguez<\/strong> (ed.), <em>Doctrina Pontificia. (III) Documentos sociales<\/em>, BAC, Madrid 1964.<\/li>\n<li>Ambrosio <strong>Romero Carranza<\/strong>, <em>Ozanam y sus contempor\u00e1neos<\/em>, Difusi\u00f3n, Buenos Aires 1976.<\/li>\n<li>Daniel <strong>Rops<\/strong>, <em>La Iglesia de las revoluciones<\/em>, tt. I y II, Luis de Caralt, Barcelona 1962, 1965.<\/li>\n<li>A.R <strong> Schimberg<\/strong>, <em>The Great Friend: Frederick Ozanam<\/em>, Bruce, Milwaukee 1946.<\/li>\n<li>Lu\u00eds <strong>Sucupira<\/strong>, <em>Ozanam, a juventude em a\u00e7\u00e3o<\/em>, Conselho Superior do Brasil da S.S.VP, R\u00edo de Janeiro 1996.<\/li>\n<li>Silvio <strong>Tramontin<\/strong>, <em>Carit\u00e0 o giustizia? Idee ed esper\u00edenze dei cattolici sociali italiani dell&#8217;800<\/em>, Marietti, Tur\u00edn 1973.<\/li>\n<li>C. <strong>van Gestel<\/strong>, <em>La Doctrina Social de la Iglesia<\/em>, Herder, Barcelona 1959.<\/li>\n<\/ul>\n","protected":false},"excerpt":{"rendered":"<p>En medio de la complejidad y de las crisis del siglo XIX brillan con nitidez un conjunto de hijos de la Iglesia que manifiestan una muy clara conciencia de que la adhesi\u00f3n al Se\u00f1or Jes\u00fas &#8230; <a href=\"https:\/\/vincentians.com\/es\/federico-ozanam-apostol-de-la-caridad-y-la-reconciliacion\/\" class=\"more-link\">Read More<\/a><\/p>\n","protected":false},"author":4,"featured_media":149122,"comment_status":"open","ping_status":"open","sticky":false,"template":"","format":"standard","meta":{"jetpack_post_was_ever_published":false,"_jetpack_newsletter_access":"","_jetpack_dont_email_post_to_subs":true,"_jetpack_newsletter_tier_id":0,"_jetpack_memberships_contains_paywalled_content":false,"_jetpack_memberships_contains_paid_content":false,"footnotes":"","jetpack_publicize_message":"","jetpack_publicize_feature_enabled":true,"jetpack_social_post_already_shared":true,"jetpack_social_options":{"image_generator_settings":{"template":"highway","default_image_id":0,"font":"","enabled":false},"version":2}},"categories":[11],"tags":[164,172],"class_list":["post-4811","post","type-post","status-publish","format-standard","has-post-thumbnail","hentry","category-federico-ozanam","tag-bailly","tag-pobreza"],"yoast_head":"<!-- This site is optimized with the Yoast SEO plugin v26.3 - https:\/\/yoast.com\/wordpress\/plugins\/seo\/ -->\n<title>Federico Ozanam, ap\u00f3stol de la caridad y la reconciliaci\u00f3n - Somos Vicencianos<\/title>\n<meta name=\"robots\" content=\"index, follow, max-snippet:-1, max-image-preview:large, max-video-preview:-1\" \/>\n<link rel=\"canonical\" href=\"http:\/\/vincentians.com\/es\/federico-ozanam-apostol-de-la-caridad-y-la-reconciliacion\/\" \/>\n<meta property=\"og:locale\" content=\"es_ES\" \/>\n<meta property=\"og:type\" content=\"article\" \/>\n<meta property=\"og:title\" content=\"Federico Ozanam, ap\u00f3stol de la caridad y la reconciliaci\u00f3n - Somos Vicencianos\" \/>\n<meta property=\"og:description\" content=\"En medio de la complejidad y de las crisis del siglo XIX brillan con nitidez un conjunto de hijos de la Iglesia que manifiestan una muy clara conciencia de que la adhesi\u00f3n al Se\u00f1or Jes\u00fas ... Read More\" \/>\n<meta property=\"og:url\" content=\"http:\/\/vincentians.com\/es\/federico-ozanam-apostol-de-la-caridad-y-la-reconciliacion\/\" \/>\n<meta property=\"og:site_name\" content=\"Somos Vicencianos\" \/>\n<meta property=\"article:publisher\" content=\"https:\/\/www.facebook.com\/WeAreVincentians\/\" \/>\n<meta property=\"article:author\" content=\"https:\/\/www.facebook.com\/JavierChento\" \/>\n<meta property=\"article:published_time\" content=\"2022-09-09T06:30:34+00:00\" \/>\n<meta property=\"og:image\" content=\"https:\/\/i0.wp.com\/vincentians.com\/es\/wp-content\/uploads\/sites\/11\/2016\/06\/frederick-ozanam.jpg?fit=1200%2C630\" \/>\n\t<meta property=\"og:image:width\" content=\"1200\" \/>\n\t<meta property=\"og:image:height\" content=\"630\" \/>\n\t<meta property=\"og:image:type\" content=\"image\/jpeg\" \/>\n<meta name=\"author\" content=\"Francisco Javier Fern\u00e1ndez Chento\" \/>\n<meta name=\"twitter:card\" content=\"summary_large_image\" \/>\n<meta name=\"twitter:creator\" content=\"@https:\/\/twitter.com\/javierchento\" \/>\n<meta name=\"twitter:site\" content=\"@WeVincentians\" \/>\n<meta name=\"twitter:label1\" content=\"Escrito por\" \/>\n\t<meta name=\"twitter:data1\" content=\"Francisco Javier Fern\u00e1ndez Chento\" \/>\n\t<meta name=\"twitter:label2\" content=\"Tiempo de lectura\" \/>\n\t<meta name=\"twitter:data2\" content=\"47 minutos\" \/>\n<script type=\"application\/ld+json\" class=\"yoast-schema-graph\">{\"@context\":\"https:\/\/schema.org\",\"@graph\":[{\"@type\":\"Article\",\"@id\":\"http:\/\/vincentians.com\/es\/federico-ozanam-apostol-de-la-caridad-y-la-reconciliacion\/#article\",\"isPartOf\":{\"@id\":\"http:\/\/vincentians.com\/es\/federico-ozanam-apostol-de-la-caridad-y-la-reconciliacion\/\"},\"author\":{\"name\":\"Francisco Javier Fern\u00e1ndez Chento\",\"@id\":\"http:\/\/vincentians.com\/es\/#\/schema\/person\/9623ef4d9aa3b2dfb8c061f1499288f2\"},\"headline\":\"Federico Ozanam, ap\u00f3stol de la caridad y la reconciliaci\u00f3n\",\"datePublished\":\"2022-09-09T06:30:34+00:00\",\"mainEntityOfPage\":{\"@id\":\"http:\/\/vincentians.com\/es\/federico-ozanam-apostol-de-la-caridad-y-la-reconciliacion\/\"},\"wordCount\":9484,\"commentCount\":0,\"publisher\":{\"@id\":\"http:\/\/vincentians.com\/es\/#organization\"},\"image\":{\"@id\":\"http:\/\/vincentians.com\/es\/federico-ozanam-apostol-de-la-caridad-y-la-reconciliacion\/#primaryimage\"},\"thumbnailUrl\":\"https:\/\/i0.wp.com\/vincentians.com\/es\/wp-content\/uploads\/sites\/11\/2016\/06\/frederick-ozanam.jpg?fit=1200%2C630&ssl=1\",\"keywords\":[\"Bailly\",\"Pobreza\"],\"articleSection\":[\"Federico Ozanam\"],\"inLanguage\":\"es\",\"potentialAction\":[{\"@type\":\"CommentAction\",\"name\":\"Comment\",\"target\":[\"http:\/\/vincentians.com\/es\/federico-ozanam-apostol-de-la-caridad-y-la-reconciliacion\/#respond\"]}]},{\"@type\":\"WebPage\",\"@id\":\"http:\/\/vincentians.com\/es\/federico-ozanam-apostol-de-la-caridad-y-la-reconciliacion\/\",\"url\":\"http:\/\/vincentians.com\/es\/federico-ozanam-apostol-de-la-caridad-y-la-reconciliacion\/\",\"name\":\"Federico Ozanam, ap\u00f3stol de la caridad y la reconciliaci\u00f3n - Somos Vicencianos\",\"isPartOf\":{\"@id\":\"http:\/\/vincentians.com\/es\/#website\"},\"primaryImageOfPage\":{\"@id\":\"http:\/\/vincentians.com\/es\/federico-ozanam-apostol-de-la-caridad-y-la-reconciliacion\/#primaryimage\"},\"image\":{\"@id\":\"http:\/\/vincentians.com\/es\/federico-ozanam-apostol-de-la-caridad-y-la-reconciliacion\/#primaryimage\"},\"thumbnailUrl\":\"https:\/\/i0.wp.com\/vincentians.com\/es\/wp-content\/uploads\/sites\/11\/2016\/06\/frederick-ozanam.jpg?fit=1200%2C630&ssl=1\",\"datePublished\":\"2022-09-09T06:30:34+00:00\",\"breadcrumb\":{\"@id\":\"http:\/\/vincentians.com\/es\/federico-ozanam-apostol-de-la-caridad-y-la-reconciliacion\/#breadcrumb\"},\"inLanguage\":\"es\",\"potentialAction\":[{\"@type\":\"ReadAction\",\"target\":[\"http:\/\/vincentians.com\/es\/federico-ozanam-apostol-de-la-caridad-y-la-reconciliacion\/\"]}]},{\"@type\":\"ImageObject\",\"inLanguage\":\"es\",\"@id\":\"http:\/\/vincentians.com\/es\/federico-ozanam-apostol-de-la-caridad-y-la-reconciliacion\/#primaryimage\",\"url\":\"https:\/\/i0.wp.com\/vincentians.com\/es\/wp-content\/uploads\/sites\/11\/2016\/06\/frederick-ozanam.jpg?fit=1200%2C630&ssl=1\",\"contentUrl\":\"https:\/\/i0.wp.com\/vincentians.com\/es\/wp-content\/uploads\/sites\/11\/2016\/06\/frederick-ozanam.jpg?fit=1200%2C630&ssl=1\",\"width\":1200,\"height\":630},{\"@type\":\"BreadcrumbList\",\"@id\":\"http:\/\/vincentians.com\/es\/federico-ozanam-apostol-de-la-caridad-y-la-reconciliacion\/#breadcrumb\",\"itemListElement\":[{\"@type\":\"ListItem\",\"position\":1,\"name\":\"Portada\",\"item\":\"http:\/\/vincentians.com\/es\/\"},{\"@type\":\"ListItem\",\"position\":2,\"name\":\"Federico Ozanam, ap\u00f3stol de la caridad y la reconciliaci\u00f3n\"}]},{\"@type\":\"WebSite\",\"@id\":\"http:\/\/vincentians.com\/es\/#website\",\"url\":\"http:\/\/vincentians.com\/es\/\",\"name\":\"Somos Vicencianos\",\"description\":\"Know more to serve more\",\"publisher\":{\"@id\":\"http:\/\/vincentians.com\/es\/#organization\"},\"potentialAction\":[{\"@type\":\"SearchAction\",\"target\":{\"@type\":\"EntryPoint\",\"urlTemplate\":\"http:\/\/vincentians.com\/es\/?s={search_term_string}\"},\"query-input\":{\"@type\":\"PropertyValueSpecification\",\"valueRequired\":true,\"valueName\":\"search_term_string\"}}],\"inLanguage\":\"es\"},{\"@type\":\"Organization\",\"@id\":\"http:\/\/vincentians.com\/es\/#organization\",\"name\":\"The Vincentian Network\",\"url\":\"http:\/\/vincentians.com\/es\/\",\"logo\":{\"@type\":\"ImageObject\",\"inLanguage\":\"es\",\"@id\":\"http:\/\/vincentians.com\/es\/#\/schema\/logo\/image\/\",\"url\":\"https:\/\/i1.wp.com\/vincentians.com\/es\/wp-content\/uploads\/sites\/11\/2016\/06\/Vincentian-Network-logo-big.png?fit=778%2C778\",\"contentUrl\":\"https:\/\/i1.wp.com\/vincentians.com\/es\/wp-content\/uploads\/sites\/11\/2016\/06\/Vincentian-Network-logo-big.png?fit=778%2C778\",\"width\":778,\"height\":778,\"caption\":\"The Vincentian Network\"},\"image\":{\"@id\":\"http:\/\/vincentians.com\/es\/#\/schema\/logo\/image\/\"},\"sameAs\":[\"https:\/\/www.facebook.com\/WeAreVincentians\/\",\"https:\/\/x.com\/WeVincentians\"]},{\"@type\":\"Person\",\"@id\":\"http:\/\/vincentians.com\/es\/#\/schema\/person\/9623ef4d9aa3b2dfb8c061f1499288f2\",\"name\":\"Francisco Javier Fern\u00e1ndez Chento\",\"image\":{\"@type\":\"ImageObject\",\"inLanguage\":\"es\",\"@id\":\"http:\/\/vincentians.com\/es\/#\/schema\/person\/image\/\",\"url\":\"https:\/\/secure.gravatar.com\/avatar\/497d5cde87b4c3d097d0315953521681ba2cd523ee66e5077c3711f7021e65de?s=96&d=mm&r=g\",\"contentUrl\":\"https:\/\/secure.gravatar.com\/avatar\/497d5cde87b4c3d097d0315953521681ba2cd523ee66e5077c3711f7021e65de?s=96&d=mm&r=g\",\"caption\":\"Francisco Javier Fern\u00e1ndez Chento\"},\"description\":\"Director General y cofundador de La Red de Formaci\u00f3n Vicenciana. Javier es laico vicenciano, afiliado a la Congregaci\u00f3n de la Misi\u00f3n y miembro del Equipo de Misiones Populares de la provincia can\u00f3nica de Zaragoza (Espa\u00f1a) de la Congregaci\u00f3n de la Misi\u00f3n. Graduado en la Universidad Oberta de Catalunya con cuatro grados (Asistente de direcci\u00f3n, Gesti\u00f3n Administrativa, Recursos Humanos y Contabilidad Avanzada). Bil\u00edng\u00fce Espa\u00f1ol\/Ingl\u00e9s. gestiona y mantiene varias p\u00e1ginas web cristianas y vicencianas, incluida including La Red de Formaci\u00f3n Vicenciana, de la que es cofundador. Actualmente es responsable del \u00e1rea de Espa\u00f1ol de .famvin, la Red de Noticias de la Familia Vicenciana. Tambi\u00e9n es m\u00fasico cat\u00f3lico y ha editado varios discos. Es Director General y cofundador de Trovador, una reconocida compa\u00f1\u00eda discogr\u00e1fica critiana de Espa\u00f1a. Trabaja en las Tecnolog\u00edas de la Informaci\u00f3n, ofreciendo servicios de alojamiento, dise\u00f1o y mantenimiento Web, as\u00ed como asesoramiento, formaci\u00f3n y soluciones inform\u00e1ticas, gesti\u00f3n documental y digitalizaci\u00f3n de textos, edici\u00f3n y maquetaci\u00f3n de libros, revistas, flyers, etc.\",\"sameAs\":[\"http:\/\/chento.org\",\"https:\/\/www.facebook.com\/JavierChento\",\"https:\/\/x.com\/https:\/\/twitter.com\/javierchento\"],\"url\":\"https:\/\/vincentians.com\/es\/author\/chento\/\"}]}<\/script>\n<!-- \/ Yoast SEO plugin. -->","yoast_head_json":{"title":"Federico Ozanam, ap\u00f3stol de la caridad y la reconciliaci\u00f3n - Somos Vicencianos","robots":{"index":"index","follow":"follow","max-snippet":"max-snippet:-1","max-image-preview":"max-image-preview:large","max-video-preview":"max-video-preview:-1"},"canonical":"http:\/\/vincentians.com\/es\/federico-ozanam-apostol-de-la-caridad-y-la-reconciliacion\/","og_locale":"es_ES","og_type":"article","og_title":"Federico Ozanam, ap\u00f3stol de la caridad y la reconciliaci\u00f3n - Somos Vicencianos","og_description":"En medio de la complejidad y de las crisis del siglo XIX brillan con nitidez un conjunto de hijos de la Iglesia que manifiestan una muy clara conciencia de que la adhesi\u00f3n al Se\u00f1or Jes\u00fas ... Read More","og_url":"http:\/\/vincentians.com\/es\/federico-ozanam-apostol-de-la-caridad-y-la-reconciliacion\/","og_site_name":"Somos Vicencianos","article_publisher":"https:\/\/www.facebook.com\/WeAreVincentians\/","article_author":"https:\/\/www.facebook.com\/JavierChento","article_published_time":"2022-09-09T06:30:34+00:00","og_image":[{"width":1200,"height":630,"url":"https:\/\/i0.wp.com\/vincentians.com\/es\/wp-content\/uploads\/sites\/11\/2016\/06\/frederick-ozanam.jpg?fit=1200%2C630","type":"image\/jpeg"}],"author":"Francisco Javier Fern\u00e1ndez Chento","twitter_card":"summary_large_image","twitter_creator":"@https:\/\/twitter.com\/javierchento","twitter_site":"@WeVincentians","twitter_misc":{"Escrito por":"Francisco Javier Fern\u00e1ndez Chento","Tiempo de lectura":"47 minutos"},"schema":{"@context":"https:\/\/schema.org","@graph":[{"@type":"Article","@id":"http:\/\/vincentians.com\/es\/federico-ozanam-apostol-de-la-caridad-y-la-reconciliacion\/#article","isPartOf":{"@id":"http:\/\/vincentians.com\/es\/federico-ozanam-apostol-de-la-caridad-y-la-reconciliacion\/"},"author":{"name":"Francisco Javier Fern\u00e1ndez Chento","@id":"http:\/\/vincentians.com\/es\/#\/schema\/person\/9623ef4d9aa3b2dfb8c061f1499288f2"},"headline":"Federico Ozanam, ap\u00f3stol de la caridad y la reconciliaci\u00f3n","datePublished":"2022-09-09T06:30:34+00:00","mainEntityOfPage":{"@id":"http:\/\/vincentians.com\/es\/federico-ozanam-apostol-de-la-caridad-y-la-reconciliacion\/"},"wordCount":9484,"commentCount":0,"publisher":{"@id":"http:\/\/vincentians.com\/es\/#organization"},"image":{"@id":"http:\/\/vincentians.com\/es\/federico-ozanam-apostol-de-la-caridad-y-la-reconciliacion\/#primaryimage"},"thumbnailUrl":"https:\/\/i0.wp.com\/vincentians.com\/es\/wp-content\/uploads\/sites\/11\/2016\/06\/frederick-ozanam.jpg?fit=1200%2C630&ssl=1","keywords":["Bailly","Pobreza"],"articleSection":["Federico Ozanam"],"inLanguage":"es","potentialAction":[{"@type":"CommentAction","name":"Comment","target":["http:\/\/vincentians.com\/es\/federico-ozanam-apostol-de-la-caridad-y-la-reconciliacion\/#respond"]}]},{"@type":"WebPage","@id":"http:\/\/vincentians.com\/es\/federico-ozanam-apostol-de-la-caridad-y-la-reconciliacion\/","url":"http:\/\/vincentians.com\/es\/federico-ozanam-apostol-de-la-caridad-y-la-reconciliacion\/","name":"Federico Ozanam, ap\u00f3stol de la caridad y la reconciliaci\u00f3n - Somos Vicencianos","isPartOf":{"@id":"http:\/\/vincentians.com\/es\/#website"},"primaryImageOfPage":{"@id":"http:\/\/vincentians.com\/es\/federico-ozanam-apostol-de-la-caridad-y-la-reconciliacion\/#primaryimage"},"image":{"@id":"http:\/\/vincentians.com\/es\/federico-ozanam-apostol-de-la-caridad-y-la-reconciliacion\/#primaryimage"},"thumbnailUrl":"https:\/\/i0.wp.com\/vincentians.com\/es\/wp-content\/uploads\/sites\/11\/2016\/06\/frederick-ozanam.jpg?fit=1200%2C630&ssl=1","datePublished":"2022-09-09T06:30:34+00:00","breadcrumb":{"@id":"http:\/\/vincentians.com\/es\/federico-ozanam-apostol-de-la-caridad-y-la-reconciliacion\/#breadcrumb"},"inLanguage":"es","potentialAction":[{"@type":"ReadAction","target":["http:\/\/vincentians.com\/es\/federico-ozanam-apostol-de-la-caridad-y-la-reconciliacion\/"]}]},{"@type":"ImageObject","inLanguage":"es","@id":"http:\/\/vincentians.com\/es\/federico-ozanam-apostol-de-la-caridad-y-la-reconciliacion\/#primaryimage","url":"https:\/\/i0.wp.com\/vincentians.com\/es\/wp-content\/uploads\/sites\/11\/2016\/06\/frederick-ozanam.jpg?fit=1200%2C630&ssl=1","contentUrl":"https:\/\/i0.wp.com\/vincentians.com\/es\/wp-content\/uploads\/sites\/11\/2016\/06\/frederick-ozanam.jpg?fit=1200%2C630&ssl=1","width":1200,"height":630},{"@type":"BreadcrumbList","@id":"http:\/\/vincentians.com\/es\/federico-ozanam-apostol-de-la-caridad-y-la-reconciliacion\/#breadcrumb","itemListElement":[{"@type":"ListItem","position":1,"name":"Portada","item":"http:\/\/vincentians.com\/es\/"},{"@type":"ListItem","position":2,"name":"Federico Ozanam, ap\u00f3stol de la caridad y la reconciliaci\u00f3n"}]},{"@type":"WebSite","@id":"http:\/\/vincentians.com\/es\/#website","url":"http:\/\/vincentians.com\/es\/","name":"Somos Vicencianos","description":"Know more to serve more","publisher":{"@id":"http:\/\/vincentians.com\/es\/#organization"},"potentialAction":[{"@type":"SearchAction","target":{"@type":"EntryPoint","urlTemplate":"http:\/\/vincentians.com\/es\/?s={search_term_string}"},"query-input":{"@type":"PropertyValueSpecification","valueRequired":true,"valueName":"search_term_string"}}],"inLanguage":"es"},{"@type":"Organization","@id":"http:\/\/vincentians.com\/es\/#organization","name":"The Vincentian Network","url":"http:\/\/vincentians.com\/es\/","logo":{"@type":"ImageObject","inLanguage":"es","@id":"http:\/\/vincentians.com\/es\/#\/schema\/logo\/image\/","url":"https:\/\/i1.wp.com\/vincentians.com\/es\/wp-content\/uploads\/sites\/11\/2016\/06\/Vincentian-Network-logo-big.png?fit=778%2C778","contentUrl":"https:\/\/i1.wp.com\/vincentians.com\/es\/wp-content\/uploads\/sites\/11\/2016\/06\/Vincentian-Network-logo-big.png?fit=778%2C778","width":778,"height":778,"caption":"The Vincentian Network"},"image":{"@id":"http:\/\/vincentians.com\/es\/#\/schema\/logo\/image\/"},"sameAs":["https:\/\/www.facebook.com\/WeAreVincentians\/","https:\/\/x.com\/WeVincentians"]},{"@type":"Person","@id":"http:\/\/vincentians.com\/es\/#\/schema\/person\/9623ef4d9aa3b2dfb8c061f1499288f2","name":"Francisco Javier Fern\u00e1ndez Chento","image":{"@type":"ImageObject","inLanguage":"es","@id":"http:\/\/vincentians.com\/es\/#\/schema\/person\/image\/","url":"https:\/\/secure.gravatar.com\/avatar\/497d5cde87b4c3d097d0315953521681ba2cd523ee66e5077c3711f7021e65de?s=96&d=mm&r=g","contentUrl":"https:\/\/secure.gravatar.com\/avatar\/497d5cde87b4c3d097d0315953521681ba2cd523ee66e5077c3711f7021e65de?s=96&d=mm&r=g","caption":"Francisco Javier Fern\u00e1ndez Chento"},"description":"Director General y cofundador de La Red de Formaci\u00f3n Vicenciana. Javier es laico vicenciano, afiliado a la Congregaci\u00f3n de la Misi\u00f3n y miembro del Equipo de Misiones Populares de la provincia can\u00f3nica de Zaragoza (Espa\u00f1a) de la Congregaci\u00f3n de la Misi\u00f3n. Graduado en la Universidad Oberta de Catalunya con cuatro grados (Asistente de direcci\u00f3n, Gesti\u00f3n Administrativa, Recursos Humanos y Contabilidad Avanzada). Bil\u00edng\u00fce Espa\u00f1ol\/Ingl\u00e9s. gestiona y mantiene varias p\u00e1ginas web cristianas y vicencianas, incluida including La Red de Formaci\u00f3n Vicenciana, de la que es cofundador. Actualmente es responsable del \u00e1rea de Espa\u00f1ol de .famvin, la Red de Noticias de la Familia Vicenciana. Tambi\u00e9n es m\u00fasico cat\u00f3lico y ha editado varios discos. Es Director General y cofundador de Trovador, una reconocida compa\u00f1\u00eda discogr\u00e1fica critiana de Espa\u00f1a. Trabaja en las Tecnolog\u00edas de la Informaci\u00f3n, ofreciendo servicios de alojamiento, dise\u00f1o y mantenimiento Web, as\u00ed como asesoramiento, formaci\u00f3n y soluciones inform\u00e1ticas, gesti\u00f3n documental y digitalizaci\u00f3n de textos, edici\u00f3n y maquetaci\u00f3n de libros, revistas, flyers, etc.","sameAs":["http:\/\/chento.org","https:\/\/www.facebook.com\/JavierChento","https:\/\/x.com\/https:\/\/twitter.com\/javierchento"],"url":"https:\/\/vincentians.com\/es\/author\/chento\/"}]}},"jetpack_publicize_connections":[],"jetpack_featured_media_url":"https:\/\/i0.wp.com\/vincentians.com\/es\/wp-content\/uploads\/sites\/11\/2016\/06\/frederick-ozanam.jpg?fit=1200%2C630&ssl=1","jetpack_sharing_enabled":true,"jetpack_shortlink":"https:\/\/wp.me\/p7ETMF-1fB","jetpack-related-posts":[{"id":125712,"url":"https:\/\/vincentians.com\/es\/ocho-rasgos-sobresalientes-de-federico-ozanam\/","url_meta":{"origin":4811,"position":0},"title":"Ocho rasgos sobresalientes de Federico Ozanam","author":"Francisco Javier Fern\u00e1ndez Chento","date":"13\/06\/2015","format":false,"excerpt":"\u00bfCu\u00e1les son los rasgos m\u00e1s caracter\u00edsticos por los cuales la Iglesia le ha elevado a los altares? O, dicho de otra forma: \u00bfQu\u00e9 tiene la eterna juventud de Ozanam \u2014en \u00e9l se puede decir, sin duda, pues muri\u00f3 a los 40 a\u00f1os\u2014 que a\u00fan en el siglo veintiuno sigue atrayendo\u2026","rel":"","context":"En \u00abFederico Ozanam\u00bb","block_context":{"text":"Federico Ozanam","link":"https:\/\/vincentians.com\/es\/category\/la-familia-vicenciana\/fundadores\/federico-ozanam\/"},"img":{"alt_text":"Ozanam19","src":"https:\/\/i0.wp.com\/vicencianos.org\/wp-content\/2013\/11\/Ozanam19-244x300.jpg?resize=350%2C200","width":350,"height":200},"classes":[]},{"id":120727,"url":"https:\/\/vincentians.com\/es\/la-santidad-en-federico-ozanam\/","url_meta":{"origin":4811,"position":1},"title":"La santidad en Federico Ozanam","author":"Francisco Javier Fern\u00e1ndez Chento","date":"09\/09\/2021","format":false,"excerpt":"Introducci\u00f3n Todos sabemos que Vicente de Pa\u00fal plant\u00f3 un gran \u00e1rbol \"revolucionario\" de caridad en el siglo XVII. En este tronco se le han ido injertado otras ramas que, a pesar de tener identidad pro\u00adpia, todas ellas se alimentan de esa savia del Cristo adorador del Padre, evangelizador y servidor\u2026","rel":"","context":"En \u00abFederico Ozanam\u00bb","block_context":{"text":"Federico Ozanam","link":"https:\/\/vincentians.com\/es\/category\/la-familia-vicenciana\/fundadores\/federico-ozanam\/"},"img":{"alt_text":"","src":"https:\/\/i0.wp.com\/vincentians.com\/es\/wp-content\/uploads\/sites\/11\/2016\/10\/cara-ozanam.jpg?fit=1200%2C630&ssl=1&resize=350%2C200","width":350,"height":200,"srcset":"https:\/\/i0.wp.com\/vincentians.com\/es\/wp-content\/uploads\/sites\/11\/2016\/10\/cara-ozanam.jpg?fit=1200%2C630&ssl=1&resize=350%2C200 1x, https:\/\/i0.wp.com\/vincentians.com\/es\/wp-content\/uploads\/sites\/11\/2016\/10\/cara-ozanam.jpg?fit=1200%2C630&ssl=1&resize=525%2C300 1.5x, https:\/\/i0.wp.com\/vincentians.com\/es\/wp-content\/uploads\/sites\/11\/2016\/10\/cara-ozanam.jpg?fit=1200%2C630&ssl=1&resize=700%2C400 2x, https:\/\/i0.wp.com\/vincentians.com\/es\/wp-content\/uploads\/sites\/11\/2016\/10\/cara-ozanam.jpg?fit=1200%2C630&ssl=1&resize=1050%2C600 3x"},"classes":[]},{"id":387449,"url":"https:\/\/vincentians.com\/es\/federico-ozanam-1813-1853-i\/","url_meta":{"origin":4811,"position":2},"title":"Federico Ozanam (1813-1853) (I)","author":"Mitxel Olabu\u00e9naga","date":"03\/05\/2016","format":false,"excerpt":"PREFACIO El se\u00f1or Bertrand Cattan\u00e9o dirige con competencia un semanario cat\u00f3lico, el Courrier Franqa\u00eds. Un semanario de acercamiento. Cuando aborda el siglo XIX, su siglo predilecto, el historiador reacciona como el informador. Montalembert, un cat\u00f3lico en pol\u00edtica, Breve vida de Lacorda\u00edre, hoy Federico Ozanam, el bienaventurado nos familiarizan, nos acercan\u2026","rel":"","context":"En \u00abFederico Ozanam\u00bb","block_context":{"text":"Federico Ozanam","link":"https:\/\/vincentians.com\/es\/category\/la-familia-vicenciana\/fundadores\/federico-ozanam\/"},"img":{"alt_text":"","src":"https:\/\/i0.wp.com\/vincentians.com\/es\/wp-content\/uploads\/sites\/11\/2016\/07\/young-ozanam.jpg?fit=1200%2C630&ssl=1&resize=350%2C200","width":350,"height":200,"srcset":"https:\/\/i0.wp.com\/vincentians.com\/es\/wp-content\/uploads\/sites\/11\/2016\/07\/young-ozanam.jpg?fit=1200%2C630&ssl=1&resize=350%2C200 1x, https:\/\/i0.wp.com\/vincentians.com\/es\/wp-content\/uploads\/sites\/11\/2016\/07\/young-ozanam.jpg?fit=1200%2C630&ssl=1&resize=525%2C300 1.5x, https:\/\/i0.wp.com\/vincentians.com\/es\/wp-content\/uploads\/sites\/11\/2016\/07\/young-ozanam.jpg?fit=1200%2C630&ssl=1&resize=700%2C400 2x, https:\/\/i0.wp.com\/vincentians.com\/es\/wp-content\/uploads\/sites\/11\/2016\/07\/young-ozanam.jpg?fit=1200%2C630&ssl=1&resize=1050%2C600 3x"},"classes":[]},{"id":118226,"url":"https:\/\/vincentians.com\/es\/federico-ozanam-gran-apologeta-de-la-fe-en-el-siglo-xix\/","url_meta":{"origin":4811,"position":3},"title":"Federico Ozanam, gran apologeta de la fe en el siglo XIX","author":"Francisco Javier Fern\u00e1ndez Chento","date":"09\/09\/2020","format":false,"excerpt":"En abril de este a\u00f1o se celebrar\u00e1 el bicentenario del nacimiento de Federico Ozanam. El Consejo General de la Sociedad de San Vicente de Pa\u00fal ha organizado en Paris la celebraci\u00f3n de este acontecimiento de gran importancia para las Conferencias de Caridad y para toda la Familia Vicenciana en general.\u2026","rel":"","context":"En \u00abFederico Ozanam\u00bb","block_context":{"text":"Federico Ozanam","link":"https:\/\/vincentians.com\/es\/category\/la-familia-vicenciana\/fundadores\/federico-ozanam\/"},"img":{"alt_text":"","src":"https:\/\/i0.wp.com\/vincentians.com\/es\/wp-content\/uploads\/sites\/11\/2016\/09\/ozanam-candelas.jpg?fit=1200%2C630&ssl=1&resize=350%2C200","width":350,"height":200,"srcset":"https:\/\/i0.wp.com\/vincentians.com\/es\/wp-content\/uploads\/sites\/11\/2016\/09\/ozanam-candelas.jpg?fit=1200%2C630&ssl=1&resize=350%2C200 1x, https:\/\/i0.wp.com\/vincentians.com\/es\/wp-content\/uploads\/sites\/11\/2016\/09\/ozanam-candelas.jpg?fit=1200%2C630&ssl=1&resize=525%2C300 1.5x, https:\/\/i0.wp.com\/vincentians.com\/es\/wp-content\/uploads\/sites\/11\/2016\/09\/ozanam-candelas.jpg?fit=1200%2C630&ssl=1&resize=700%2C400 2x, https:\/\/i0.wp.com\/vincentians.com\/es\/wp-content\/uploads\/sites\/11\/2016\/09\/ozanam-candelas.jpg?fit=1200%2C630&ssl=1&resize=1050%2C600 3x"},"classes":[]},{"id":104293,"url":"https:\/\/vincentians.com\/es\/novena-biblica-en-honor-al-beato-federico-ozanam-dia-septimo\/","url_meta":{"origin":4811,"position":4},"title":"Novena b\u00edblica en honor al beato Federico Ozanam: D\u00eda s\u00e9ptimo","author":"Francisco Javier Fern\u00e1ndez Chento","date":"07\/09\/2012","format":false,"excerpt":"Oraci\u00f3n Oh Dios de Caridad infinita, que no dejas de compadecerte de nosotros y contin\u00faas la obra misericordiosa de tu Divino Hijo Jesucristo en la historia de cada hombre. Te damos infinitas gracias por el amor que se hace manifiesto por medio de la gracia bautismal en todos y cada\u2026","rel":"","context":"En \u00abFederico Ozanam\u00bb","block_context":{"text":"Federico Ozanam","link":"https:\/\/vincentians.com\/es\/category\/la-familia-vicenciana\/fundadores\/federico-ozanam\/"},"img":{"alt_text":"","src":"https:\/\/i0.wp.com\/vicencianos.org\/wp-content\/2012\/09\/beato_ozanam_pobre-225x300.jpg?resize=350%2C200","width":350,"height":200},"classes":[]},{"id":104291,"url":"https:\/\/vincentians.com\/es\/novena-biblica-en-honor-al-beato-federico-ozanam-dia-noveno\/","url_meta":{"origin":4811,"position":5},"title":"Novena b\u00edblica en honor al beato Federico Ozanam: D\u00eda noveno","author":"Francisco Javier Fern\u00e1ndez Chento","date":"09\/09\/2012","format":false,"excerpt":"Oraci\u00f3n Oh Dios de Caridad infinita, que no dejas de compadecerte de nosotros y contin\u00faas la obra misericordiosa de tu Divino Hijo Jesucristo en la historia de cada hombre. Te damos infinitas gracias por el amor que se hace manifiesto por medio de la gracia bautismal en todos y cada\u2026","rel":"","context":"En \u00abFederico Ozanam\u00bb","block_context":{"text":"Federico Ozanam","link":"https:\/\/vincentians.com\/es\/category\/la-familia-vicenciana\/fundadores\/federico-ozanam\/"},"img":{"alt_text":"","src":"https:\/\/i0.wp.com\/vicencianos.org\/wp-content\/2012\/09\/beato_ozanam_pobre-225x300.jpg?resize=350%2C200","width":350,"height":200},"classes":[]}],"_links":{"self":[{"href":"https:\/\/vincentians.com\/es\/wp-json\/wp\/v2\/posts\/4811","targetHints":{"allow":["GET"]}}],"collection":[{"href":"https:\/\/vincentians.com\/es\/wp-json\/wp\/v2\/posts"}],"about":[{"href":"https:\/\/vincentians.com\/es\/wp-json\/wp\/v2\/types\/post"}],"author":[{"embeddable":true,"href":"https:\/\/vincentians.com\/es\/wp-json\/wp\/v2\/users\/4"}],"replies":[{"embeddable":true,"href":"https:\/\/vincentians.com\/es\/wp-json\/wp\/v2\/comments?post=4811"}],"version-history":[{"count":1,"href":"https:\/\/vincentians.com\/es\/wp-json\/wp\/v2\/posts\/4811\/revisions"}],"predecessor-version":[{"id":401236,"href":"https:\/\/vincentians.com\/es\/wp-json\/wp\/v2\/posts\/4811\/revisions\/401236"}],"wp:featuredmedia":[{"embeddable":true,"href":"https:\/\/vincentians.com\/es\/wp-json\/wp\/v2\/media\/149122"}],"wp:attachment":[{"href":"https:\/\/vincentians.com\/es\/wp-json\/wp\/v2\/media?parent=4811"}],"wp:term":[{"taxonomy":"category","embeddable":true,"href":"https:\/\/vincentians.com\/es\/wp-json\/wp\/v2\/categories?post=4811"},{"taxonomy":"post_tag","embeddable":true,"href":"https:\/\/vincentians.com\/es\/wp-json\/wp\/v2\/tags?post=4811"}],"curies":[{"name":"wp","href":"https:\/\/api.w.org\/{rel}","templated":true}]}}