{"id":47503,"date":"2015-05-17T06:07:29","date_gmt":"2015-05-17T04:07:29","guid":{"rendered":"http:\/\/somos.vicencianos.org\/?p=47503"},"modified":"2016-07-26T19:17:48","modified_gmt":"2016-07-26T17:17:48","slug":"el-culto-a-maria-y-la-experiencia-de-vicente-de-paul","status":"publish","type":"post","link":"https:\/\/vincentians.com\/es\/el-culto-a-maria-y-la-experiencia-de-vicente-de-paul\/","title":{"rendered":"El culto a Mar\u00eda y la experiencia de Vicente de Pa\u00fal"},"content":{"rendered":"<p><em><a href=\"https:\/\/i0.wp.com\/vicencianos.org\/wp-content\/2011\/07\/virgen-maria.jpg\"><img data-recalc-dims=\"1\" loading=\"lazy\" decoding=\"async\" class=\"alignleft size-medium wp-image-47504\" src=\"https:\/\/i0.wp.com\/vicencianos.org\/wp-content\/2011\/07\/virgen-maria-242x300.jpg?resize=242%2C300\" alt=\"\" width=\"242\" height=\"300\" \/><\/a>\u00abEl modelo perfecto de esta espiritualidad apost\u00f3lica es la Virgen Mar\u00eda, <\/em><em>Reina de los Ap\u00f3stoles, la cual, mientras vivi\u00f3 en este mundo una vida igual <\/em><em>a la de los dem\u00e1s, llena de preocupaciones familiares y de trabajos, estaba <\/em><em>constantemente unida con su Hijo y cooper\u00f3 de modo singular\u00edsimo a la <\/em><em>obra del Salvador; y ahora, asunta a los cielos\u00bb, \u00abcuida con amor materno de <\/em><em>los hermanos de su Hijo que peregrinan todav\u00eda y se ven en peligros y <\/em><em>angustias hasta que lleguen a la patria feliz\u00bb, (Constituci\u00f3n \u00abLumen Gen\u00adtium\u00bb, cap. VIII, n.\u00b0 62.) H\u00f3nrenla todos con suma devoci\u00f3n y encomienden <\/em><em>su vida apost\u00f3lica a la solicitud materna de Mar\u00eda.\u00bb<\/em>Esta misi\u00f3n primordial de Mar\u00eda, Madre de Dios y de los hombres, tan apremiantemente recordada en el Concilio Ecum\u00e9nico Vaticano II (decreto \u00abApostolado de los Laicos\u00bb, cap. I, n.\u00b0 4), no puede dejar indiferentes a los miembros de una &#8216;Compa\u00f1\u00eda que, desde su origen, se ha colocado bajo la protecci\u00f3n de Nuestra Se\u00f1ora.\u00bb \u00a1Ciertamente, es de la familia! pod\u00edan pensar los espirituales del gran siglo XVII al ver pasar a Vicente de Pa\u00fal; \u00a1pero es un pariente pobre! \u00bb Situados a tres siglos de distancia, estamos prestos a proseguir en tono mayor esta ant\u00edfona modelada como un lamento. Es un hecho: en el mo\u00admento en que la vida religiosa francesa se afirmaba con un sorprendente florecer de la devoci\u00f3n a la Virgen Mar\u00eda, el P. Vicente caminaba sin que pa\u00adreciese prestar atenci\u00f3n especial a la primavera que todo el mundo cele\u00adbraba .En las 8.000 p\u00e1ginas de textos que nos recuerda una d\u00e9cima parte de su obra epistolar y oratoria, apenas podemos encontrar 80 pasajes rela\u00adtivos a la Virgen Mar\u00eda. Peque\u00f1o bot\u00edn para los historiadores de la espiritua\u00adlidad. \u00bfDesalentadora recolecci\u00f3n para los especialistas en Mariolog\u00eda? Vicente de Pa\u00fal no habla de la Virgen m\u00e1s que de pasada, en t\u00e9rminos cl\u00e1sicos y con tono moderado.<\/p>\n<p>Su primer bi\u00f3grafo, Luis Abelly, hombre muy devoto y notorio abogado de la Virgen, hasta el punto de hacerse notar por sus intemperancias ma\u00adrianas, hab\u00eda movilizado todos sus esfuerzos para mostrar que S. Vicente era un fiel muy devoto de la Sant\u00edsima Virgen. Despu\u00e9s de reunir cui\u00addadosamente todas las \u00abnotas\u00bb que el secretario de S. Vicente, el Her\u00admano Robineau, le hab\u00eda proporcionado, no consigue m\u00e1s que el retrato de un cristiano fervoroso que no llega a retener nuestra atenci\u00f3n.<\/p>\n<p style=\"padding-left: 30px\"><em>\u00abSan Vicente, <\/em>nos dice, <em>ayunaba la v\u00edspera de las fiestas de la Virgen, <\/em><em>en el oficio de las solemnidades, utilizaba las ant\u00edfonas de la Sant\u00edsima Vir\u00ad<\/em><em>gen, para orar en las asambleas, rezaba el Angelus de rodillas, visitaba y hac\u00eda visitar las iglesias de la Madre de Dios, y pon\u00eda las cofrad\u00edas bajo su pro\u00adtecci\u00f3n.\u00bb<\/em><\/p>\n<p>\u00bfConsistir\u00eda la originalidad de San Vicente en no <em>ser <\/em>original en un mo\u00admento en que muchos de sus contempor\u00e1neos lo eran, al parecer, sin es\u00adfuerzo?<\/p>\n<p>Esta constataci\u00f3n hace surgir m\u00faltiples preguntas que agitan e inquietan la conciencia de un historiador de la vida religiosa. \u00bfCu\u00e1l ha sido la naturaleza y la calidad de la influencia ejercida por una espiritualidad tan empobrecida y \u00abdesmarializada\u00bb? \u00bfExiste un lazo entre la piedad vicenciana y la piedad mariana suscitada por las apariciones de la calle del Bac, en 1830, estimulada peri\u00f3dicamente por el ejercicio de la \u00abnovena\u00bb?<\/p>\n<p>A estas preguntas concretas, cuya importancia no se esconde a nadie, s\u00f3lo se pueden dar respuestas v\u00e1lidas con una condici\u00f3n: tomar de nuevo en las manos, valientemente, todo el \u00abdosier\u00bb de la causa, leerlo y examinarlo con los ojos y el alma de Vicente de Pa\u00fal.<\/p>\n<h2><strong>La devoci\u00f3n mariana en tiempos de Vicente de Pa\u00fal<\/strong><\/h2>\n<p>Aunque es evidente conviene repetir para facilitar una serena compren\u00adsi\u00f3n, que las ideas y los dogmas no se transmiten por el \u00e1rido camino de las puras ideas. Su caminar y su influencia dependen fundamentalmente del ropaje de im\u00e1genes con que se las envuelve y de la afectividad que las anima.<\/p>\n<p>Al alborear el siglo XVII, es evidente que la mayor parte de las mani\u00adfestaciones del culto mariano cat\u00f3lico est\u00e1n marcadas m\u00e1s o menos por un \u00absentimiento de reacci\u00f3n\u00bb, por un deseo de afirmaci\u00f3n frente a los juicios poco ben\u00e9volos que, los seguidores de la \u00abreligi\u00f3n reformada\u00bb hab\u00edan emi\u00adtido sobre la Virgen Mar\u00eda y su culto. Desconocer esta secreta animosidad y olvidar este leg\u00edtimo deseo de justificaci\u00f3n, nos impedir\u00eda captar los resortes a veces muy poderosos de ciertas devociones marianas.<\/p>\n<p>Destaquemos, pues, cuatro notas que caracterizan la originalidad de la vida mariana de ese gran siglo.<\/p>\n<h2><strong>Devoci\u00f3n mariana, gubernamental y nacional. Disposiciones de Luis XIII<\/strong><\/h2>\n<p>En los momentos en los que Richelieu reforzaba imperiosamente la uni\u00addad del reino de Luis XIII, y en el transcurso de aquel \u00abterrible a\u00f1o\u00bb que vio a los imperiales estrellarse hasta Pontoise, el primer ministro sugiri\u00f3 al rey que hiciera un voto para obtener la protecci\u00f3n de la Virgen Mar\u00eda.<\/p>\n<p><em>En Par\u00eds se ruega a Dios, en todos los conventos, <\/em>escrib\u00eda \u00e9l, para conseguir<em> el triunfo de las armas de su Majestad. Pensamos que si, a su Majes\u00ad<\/em><em>tad, le pareciera bien hacer un voto a la Sant\u00edsima Virgen antes de que los <\/em><em>ej\u00e9rcitos entraran en batalla, ser\u00eda muy a prop\u00f3sito. No se pretende que sea <\/em><em>un voto dif\u00edcil de cumplir. Las devociones que se hacen ahora en Nuestra <\/em><em>Se\u00f1ora de Par\u00eds son muy grandes; si le parece a su Majestad, podr\u00eda ofrecer una hermosa l\u00e1mpara y hacer que la mantengan encendida perpetuamente, <\/em><em>\u00e9sto ser\u00e1 suficiente, y yo <\/em>me encargo de todo lo necesario a este respecto. Intensificar la devoci\u00f3n de la Sant\u00edsima Virgen s\u00f3lo puede producir buenos efectos.<\/p>\n<p>El proyecto se fue retrasando y s\u00f3lo a principios del a\u00f1o 1638, Luis XIII anunci\u00f3 su confirmaci\u00f3n, por unas cartas patentes con fecha de 10 de febrero. Tras hacer alusi\u00f3n a numerosas gracias recibidas en el transcurso de su reinado, el rey afirmaba:<\/p>\n<p style=\"padding-left: 30px\"><em>\u00abPor esta raz\u00f3n, hemos declarado y declaramos que, tomando a la San\u00ad<\/em><em>t\u00edsima y Gloriosa Virgen Mar\u00eda por protectora especial de nuestro Reino, le <\/em><em>consagramos de manera particular nuestra persona, nuestro Estado, nuestra <\/em><em>corona y nuestros s\u00fabditos, suplic\u00e1ndole que nos inspire una conducta tan santa y defienda con tanta solicitud el reino contra el ataque de todos los <\/em><em>enemigos, que, ya sufra el azote de la guerra, o ya goce de las dulzuras de <\/em><em>la paz \u2014que pedimos a Dios de todo coraz\u00f3n\u2014 el reino no se aparte del camino de la gracia que conduce a la gloria.\u00bb<\/em><\/p>\n<p style=\"padding-left: 30px\"><em>\u00abY a fin de que la posteridad no pueda dejar de cumplir nuestro deseo <\/em><em>referente a \u00e9sto, haremos construir nuevamente, como monumento y signo <\/em><em>inmortal de la consagraci\u00f3n presente, el gran altar de la catedral de Par\u00eds, con una imagen de la Virgen que tendr\u00e1 entre sus brazos a su Hijo bajado <\/em><em>de la Cruz; a los pies del Hijo y de la Madre estaremos representados como <\/em><em>ofreci\u00e9ndoles la corona y el cetro.\u00bb<\/em><\/p>\n<h2><strong>La piedad de Ana de Austria<\/strong><\/h2>\n<p>La reina Ana de Austria, menos comprometida en los negocios del Estado, era muy amiga de peregrinaciones que, a veces, efectuaba&#8230; por un interme\u00addiario. Hab\u00eda movilizado al Hermano Fiacre Antheaume, a quien nombr\u00f3 lugarteniente y, podr\u00edamos decir, vicario general en devoci\u00f3n mariana. Ya, el <em>7 de <\/em>febrero de 1638, Luis XIII hab\u00eda pedido al Hermano Fiacre que hicie\u00adra una peregrinaci\u00f3n a Notre-Dame de Gr\u00e1ce. En 1644, Ana <em>de <\/em>Austria hizo llamar al Hermano Fiacre y lo envi\u00f3 a Notre-Dame de Gr\u00e1ce a llevar un cuadro que representa al joven delf\u00edn, Luis Dieudonn\u00e9, ofreciendo a la Virgen su corona y su cetro. En 1647, lo llama de nuevo y le pide que vaya en pere\u00adgrinaci\u00f3n a Chartres para obtener la curaci\u00f3n del joven rey (noviembre 1647). No hab\u00eda transcurrido un mes, cuando la reina regente, delega una vez m\u00e1s en su vicario y le pide que vaya a Chartres a rogar por la paz. Nueva demanda en 1649 y m\u00e1s tarde en 1658, efectuando una doble peregrinaci\u00f3n a Chartres <em>y <\/em>a Loreto. Entre tanto, la reina regente ,en la Iglesia de los Agustinos, hab\u00eda erigido la cofrad\u00eda de Nuestra Se\u00f1ora de los Siete Dolores, el 24 de mayo de 1657.<\/p>\n<p>Por tanto, durante m\u00e1s de un cuarto de siglo, las consagraciones p\u00fablicas y las peregrinaciones pedidas o patrocinadas por la familia real, manifestaron p\u00fabicamente la confianza que los poderosos de este mundo ten\u00edan en la Virgen Mar\u00eda.<\/p>\n<h2><strong>El desarrollo teol\u00f3gico<\/strong><\/h2>\n<p>La actividad de los te\u00f3logos no descansa; es menos espectacular, pero m\u00e1s duradera. Van armonizando las l\u00edneas fundamentales de la Mariolog\u00eda. Si bien los mejores servidores de Mar\u00eda, como San Bernardo, hab\u00edan va\u00adcilado en reconocer la Inmaculada Concepci\u00f3n, la Asunci\u00f3n, la Mediaci\u00f3n universal, son numerosos los te\u00f3logos que, en el transcurso del si\u00adglo xvi, contribuir\u00e1n al progreso y a la formulaci\u00f3n de los futuros dog\u00admas. Los Padres del Concilio de Trento, al tratar del pecado original, hab\u00edan reservado expresamente la cuesti\u00f3n de la Concepci\u00f3n de la Virgen Mar\u00eda.<\/p>\n<p>Entonces es cuando los te\u00f3logos no se contentan con afirmar de paso esta opini\u00f3n teol\u00f3gica, y elaboraron un sistema coherente de explicaci\u00f3n, inten\u00adtando conciliar la universalidad de la Redenci\u00f3n con la preservaci\u00f3n de Nuestra Se\u00f1ora, gracias a un estudio profundo de la noci\u00f3n de \u00abdeuda\u00bb del pecado original en la Virgen Mar\u00eda. \u00cdndice de progreso muy claro en los esp\u00edritus es la aceptaci\u00f3n formal de la fiesta de la Inmaculada Concepci\u00f3n por la Iglesia romana, y Luis XIII incluso llega a solicitar que sea fiesta obligatoria para toda la Iglesia universal. Numerosas universidades tomaron posici\u00f3n tambi\u00e9n en favor de la Inmacu\u00adlada Concepci\u00f3n, fundadores y reformadores de Ordenes de fines del siglo XVI y principios del XVII explicitaron particularmente sus afirmaciones. Tales como Santo Tom\u00e1s de Villanueva (muerto en 1555), San Carlos Borromeo (muerto en 1584) y San Francisco de Sales (muerto en 1622). Este \u00faltimo llega a fundar en Annecy una cofrad\u00eda de la Inmaculada Concepci\u00f3n y sus bellas p\u00e1ginas del \u00abTratado de Amor de Dios\u00bb extender\u00e1n esta creencia en todos los esp\u00edritus cultivados. Isambert y el buen se\u00f1or Duval afirman, por su parte, que si la doctrina no es de fe, debe, sin embargo, ser admitida por todos.<\/p>\n<h2><strong>La literatura espiritual<\/strong><\/h2>\n<p>Pero, lo que llama m\u00e1s la atenci\u00f3n y atestigua una movilizaci\u00f3n general de la sensibilidad, es la propagaci\u00f3n de las cofrad\u00edas de la Virgen y del Rosario, por una parte, y, por otra, la sorprendente literatura religiosa cen\u00adtrada en la Virgen Mar\u00eda. Maracci Hipolyte, en su \u00abBiblioteca Mariana\u00bb, aparecida en Roma en 1648, no menciona menos de unos 3.600 autores y 6.000 obras impresas o manuscritas sobre la Virgen Mar\u00eda. Su \u00abPolyanthea Mariana\u00bb (1.a edici\u00f3n en 1683; 2.\u00bb en 1694), a\u00f1ade, en su \u00faltima edici\u00f3n de 1727, un millar de autores que no se hab\u00edan mencionado en la \u00abBiblioteca Mariana\u00bb. En esta enorme producci\u00f3n no todo es de la misma calidad y seg\u00fan las observaciones pertinentes de Charles Flachaire, hay que distinguir dos corrientes que parecen oponerse, pero que mutuamente se completan.<\/p>\n<ul>\n<li><em>Por una parte, una escuela que podr\u00edamos llamar teol\u00f3gica. <\/em>Su centro de inspiraci\u00f3n radica en el Oratorio del Padre de Berulle, cuenta con autores de primera categor\u00eda que son los formadores de la generaci\u00f3n del gran siglo: el P. Gibieuf, J. J. Olier, San Juan Eudes, este \u00faltimo destacad\u00edsimo por el culto particular al Coraz\u00f3n Inmaculada de Mar\u00eda. Esta corriente de <em>piedad <\/em><em>especulativa <\/em>sit\u00faa a la Virgen como la prolongaci\u00f3n de Jes\u00fas. <em>\u00abVe a Mar\u00eda <\/em><em>en Jes\u00fas, y busca a Jes\u00fas en Mar\u00eda\u00bb. <\/em>Incluso el P. Olier, iniciando una teor\u00eda de la mediaci\u00f3n mariana, ense\u00f1a que Jes\u00fas permanece en Mar\u00eda no s\u00f3lo para santificarla, sino tambi\u00e9n para santificar por ella a los dem\u00e1s miembros del Cuerpo m\u00edstico. La oraci\u00f3n \u00abOh Jes\u00fas, que vives en Mar\u00eda\u00bb, tan querida a la piedad de Olier, resume las doctrinas berullianas que tienden a trans\u00adformar al cristiano en Cristo.<\/li>\n<li><em>La otra corriente, <\/em>m\u00e1s antigua, puede atribuirse a San Bernardo. <em>Su <\/em><em>aire es m\u00e1s popular, su tonalidad afectiva mucho m\u00e1s intensa. <\/em>Est\u00e1 alimen\u00adtada principalmente por las obras de un grupo importante de Padres jesuitas y un peque\u00f1o n\u00famero de PP. Capuchinos. Con el fin de hacer la piedad m\u00e1s accesible a todos, estos autores no dudan en simplificar y en \u00abdetallar\u00bb la devoci\u00f3n. Digamos incluso que el lector cat\u00f3lico del siglo xx se encuentra un poco a disgusto despu\u00e9s de leer las obras de los PP. Barry, Binet, Ponr\u00e9.<\/li>\n<\/ul>\n<h2><strong>La promoci\u00f3n religiosa de la mujer<\/strong><\/h2>\n<p>Pero un hecho humano fija la atenci\u00f3n sobre la vida y prerrogativas de la Virgen Mar\u00eda: <em>es la importancia creciente que tom\u00f3 la mujer en la socie\u00ad<\/em><em>dad en la mitad del siglo <\/em>XVI. La mujer cristiana, seglar o religiosa, est\u00e1 consiguiendo sus cartas credenciales de forma regular en la organizaci\u00f3n visible de la Iglesia. Alcanza una importancia de primer orden en la reforma cat\u00f3lica y en las nuevas fundaciones. Mencionemos a Santa Teresa de Avila, Acarie, Sainte Beuve, Juana de Chantal, Luisa de Marillac, Ang\u00e9lica Arnaul, Mar\u00eda Rousseau, etc.<\/p>\n<p><em>Adem\u00e1s, el extraordinario desarrollo de los Institutos femeninos nos per\u00ad<\/em><em>mite valorar la amplitud del terreno conquistado. <\/em>En 1668, las Carmelitas llegadas a Francia el 15 de octubre de 1604, abren su 63 monasterio. Las Ursulinas contaban con 350 casas y 9.000 religiosas. La conciencia cristiana se ve\u00eda as\u00ed invitada a descubrir un tipo nuevo de mujer cristiana y a espiri\u00adtualizar las relaciones entre Ad\u00e1n y Eva, ilumin\u00e1ndolas en Cristo, nuevo Ad\u00e1n, y en Mar\u00eda, nueva Eva.<\/p>\n<h2><strong>Culto y devoci\u00f3n mariana de Vicente de Pa\u00fal<\/strong><\/h2>\n<p>Sus primeras experiencias sacerdotales nos proporcionan dos indicaciones que nos deben llevar a no fiarnos de las apariencias.<\/p>\n<p>El 23 de agosto de 1617, cuando San Vicente erige la cofrad\u00eda de la Cari\u00addad de Chatillon-les-Dombes, escribe de su pu\u00f1o y letra el borrador de regla\u00admento, indicando claramente:<\/p>\n<p style=\"padding-left: 30px\"><em>\u00abYa que a la Madre de Dios se la toma por patrona de las cosas impor\u00ad<\/em><em>tantes, no dejar\u00e1 de ir todo bien si las Damas de dicha Cofrad\u00eda toman a la <\/em><em>Sant\u00edsima Virgen por patrona y protectora de la obra y le suplican muy <\/em><em>humildemente que cuide de ella de un modo especial, para que redunde en <\/em><em>gloria de su Divino Hijo.\u00bb<\/em><\/p>\n<p>Alg\u00fan tiempo despu\u00e9s, en el mes de noviembre, indica la manera de asistir y de alimentar a los enfermos. La sierva de los Pobres, <em>\u00abhar\u00e1 que los enfer\u00ad<\/em><em>mos se laven las manos\u00bb y \u00abdir\u00e1 el Benedicite. Luego invitar\u00e1 al enfermo, con mucha caridad, a que coma, por amor a Jes\u00fas y a su Santa Madre\u00bb.<\/em><\/p>\n<p>Sin duda, San Vicente, va tambi\u00e9n de peregrinaci\u00f3n y aconseja a sus hijas esos desplazamientos religiosos, que considera unas veces como exploracio\u00adnes de la voluntad divina y otras como signos externos de un salir de s\u00ed mismos a fin de ponerse de nuevo bajo la bondad y la omnipotencia de Dios.<\/p>\n<h2><strong>Devoci\u00f3n y sensibilidad en Vicente de Pa\u00fal<\/strong><\/h2>\n<p>Sin embargo, su devoci\u00f3n mariana no se agota en fundamentos est\u00e9riles. Arraig\u00e1ndose en lo m\u00e1s profundo de su alma, orienta sus fuerzas espirituales, da un brillo particular a su sensibilidad religiosa, garantizando a su vitalidad una virtud singular de renovaci\u00f3n. Este hombre, que no aspira m\u00e1s que a consumirse trabajando por el servicio de los pobres, se siente misteriosa\u00admente atra\u00eddo por el silencio y la modestia de la Sant\u00edsima Virgen.<\/p>\n<p style=\"padding-left: 30px\"><em>\u00abLa Sant\u00edsima Virgen ten\u00eda tan gran modestia y pudor que, aunque la <\/em><em>saludaba un \u00e1ngel para ser Madre de Dios, sin embargo, su modestia fue <\/em><em>tan grande que se turb\u00f3, sin mirarlo.\u00bb<\/em><\/p>\n<p>A las Siervas de los Pobres, San Vicente no ofrece otro modelo que el de la Sant\u00edsima Virgen, con su piedad, su paz y su entrega silenciosa.<\/p>\n<p style=\"padding-left: 30px\"><em>\u00abLa Sant\u00edsima Virgen sal\u00eda por las necesidades de su familia y para aliviar <\/em><em>y consolar a su pr\u00f3jimo; pero era siempre en la presencia de Dios, y fuera <\/em><em>de eso, permanec\u00eda siempre tranquila en su casa, conversando espiritual\u00ad<\/em><em>mente con Dios y con los \u00e1ngeles\u00bb <\/em>(18-8-1647).<\/p>\n<p>Ese silencio, lo sabe muy bien, es mucho m\u00e1s elocuente que toda palabra. Mar\u00eda es <em>\u00abla que habla por aquellos que no tienen lengua y no pueden hablar\u00bb. <\/em>Dios no necesita nuestras palabras. Sin necesidad de hablar El nos comprende muy bien; ve todos los resortes de nuestro coraz\u00f3n, y conoce todos nuestros sentimientos hasta los m\u00e1s insignificantes.<\/p>\n<p>Santa Juana de Chantal, en el transcurso de su oraci\u00f3n, detallaba minu\u00adciosamente <em>la cara de la Virgen; <\/em>contemplaba \u00absus ojos puros\u00bb, \u00absu boca abierta para alabar a Dios\u00bb. Vicente de Pa\u00fal se vuelve tambi\u00e9n hacia el rostro de Mar\u00eda, pero la contempla como imagen mediadora. Por ella puede captar en las personas todo lo que no se ve, todo lo qu Dios contempla tambi\u00e9n, todo lo que un amor sobrenatural discierne y puede maternalmente hacer florecer. Y, por tres veces, San Vicente menciona que, en la visible imagen del se\u00f1or y de la se\u00f1ora de Gondi, contemplaba la invisible imagen de Jes\u00fas y de Mar\u00eda.<\/p>\n<h2><strong>San Vicente rechaza las peque\u00f1as recetas y las pr\u00e1cticas f\u00e1ciles<\/strong><\/h2>\n<p>Con aires inocentes y maniobras industriosas, el arsenal de la devoci\u00f3n puede r\u00e1pidamente enmascarar e incluso ahogar el esp\u00edritu y la vida del alma. Tan f\u00e1cilmente los peque\u00f1os medios pueden convertirse en un fin. Es curioso ver al ap\u00f3stol ,y publicista del \u00abpeque\u00f1o m\u00e9todo\u00bb, al infatigable redactor de \u00abpeque\u00f1os reglamentos\u00bb proclamar el car\u00e1cter relativo de los m\u00e9todos de oraci\u00f3n <em>y <\/em>para persuadir de ello a sus auditores y auditoras, insistir en sus diversidades. A fin de cuentas no duda en elogiar una oraci\u00f3n de simple presencia y sin m\u00e9todo alguno.<\/p>\n<p>Luisa de Marillac se propone honrar a Nuestro Se\u00f1or por medio de 33 actos en honor de la santa Humanidad del Hijo de Dios. Conf\u00eda a San Vicente su deseo de utilizar \u00abuna pr\u00e1ctica\u00bb respecto a la Virgen Mar\u00eda. Y su director de conciencia le responde:<\/p>\n<p style=\"padding-left: 30px\"><em>\u00abEn cuanto a los 33 actos en honor de la Humanidad santa del Hijo de <\/em><em>Dios y los otros de que me habl\u00e1is, no os acongoj\u00e9is cuando falt\u00e9is a ellos. <\/em><em>Dios es amor y quiere que se vaya a \u00c9l por amor. No os cre\u00e1is obligada a <\/em><em>todos esos buenos prop\u00f3sitos&#8230; La pr\u00e1ctica hacia la Virgen Mar\u00eda me com\u00adplace, con tal que proced\u00e1is en ella con suavidad.\u00bb<\/em><\/p>\n<p>Henos aqu\u00ed, seguros de nuevo: las obras de Paul de Barry, \u00abEl Para\u00edso abierto a Philagio por cien devociones a la Madre de Dios\u00bb, \u00abLas santas intenciones de Philagio\u00bb no son sus libros de cabecera. Sin decir palabra, piensa como Blas Pascal: \u00abCada una de esas devociones, \u00bfbasta para abrir el cielo? &#8230;El P. Barry responde a esto, pero \u00bfqui\u00e9n responder\u00e1 al P. Ba\u00adrry&#8230;?\u00bb<\/p>\n<p>Estamos aqu\u00ed en las fronteras de la superstici\u00f3n, y de la ilusi\u00f3n. Vicente de Pa\u00fal se preocupa por ello:<\/p>\n<p style=\"padding-left: 30px\"><em>\u00abConocer\u00e9is que en tal o cual cosa existe superstici\u00f3n, cuando hay que <\/em><em>hacerlo tantas veces, en tal y tal tiempo, que hay que decir estas palabras <\/em><em>exactas, mezclar ciertas yerbas las unas con las otras, hacer las cosas en <\/em><em>presencia de tales o cuales personas de tal edad, o de tal calidad. Concluya\u00ad<\/em><em>mos que todo esto es ilusi\u00f3n.\u00bb<\/em><\/p>\n<h2><strong>Rehusar la exteriorizaci\u00f3n<\/strong><\/h2>\n<p>Conviene velar sobre esta suerte de desviaciones que hacen olvidar a Dios. Nada m\u00e1s f\u00e1cil que contentarse con imaginaciones y sentimientos grandes. No llegar hasta los actos que autentifican el amor de Dios es desviarse peli\u00adgrosamente.<\/p>\n<p>Desde muy pronto, Vicente de Pa\u00fal desconf\u00eda de las manifestaciones de\u00admasiado llamativas de la religi\u00f3n popular. Se sabe que quiso evitar las \u00abfies\u00adtas profanas que rodean la celebraci\u00f3n de las primeras Misas\u00bb.<\/p>\n<p>Desde 1635, pide a sus Misioneros \u00abhuir la pompa y el aparato extraor\u00addinario en las procesiones y en las comuniones de la juventud\u00bb.<\/p>\n<p style=\"padding-left: 30px\"><em>\u00abTodo eso no es m\u00e1s que humo, <\/em>declara San Vicente, <em>que piensa que lo <\/em><em>sensible se encuentra por todas partes y no solamente en la b\u00fasqueda <\/em><em>de la estima del mundo, de las riquezas y placeres, sino tambi\u00e9n en las devo\u00ad<\/em><em>ciones, en las acciones m\u00e1s santas, en los libros, en las im\u00e1genes; en una <\/em><em>palabra, se introduce en todo&#8230;\u00bb<\/em><\/p>\n<p>Lo espectacular y lo teatral \u00able pon\u00edan malo\u00bb. Muchos maestros del si\u00adglo xvii multiplicaban los exorcismos. Con gran disgusto por su parte dio su consentimiento para que el P. Charpentier hiciese a Mlle. d&#8217;Atri \u00abalgunos exorcismos secretos\u00bb.<\/p>\n<p>En el p\u00falpito hay que predicar, pero no desafiar, y menos a\u00fan argumentar o batallar:<\/p>\n<p style=\"padding-left: 30px\"><em>\u00abHa sido preciso que Nuestro Se\u00f1or haya prevenido con su amor a los <\/em><em>que El quer\u00eda que creyesen en El. Hagamos lo que hagamos no se creer\u00e1 <\/em><em>jam\u00e1s en nosotros si no damos testimonio de amor y de compasi\u00f3n a los que <\/em><em>queramos que crean en nosotros&#8230; Si obr\u00e1is de esta suerte, Dios bendecir\u00e1 <\/em><em>vuestros trabajos&#8230; si no, no har\u00e9is m\u00e1s que ruido y fanfarria, y muy poco <\/em><em>fruto.\u00bb<\/em><\/p>\n<p style=\"padding-left: 30px\"><em>\u00abNada de fanfarrias, nada de bordar las cosas.\u00bb<\/em><strong><br \/>\n<\/strong><\/p>\n<h2><strong>Fuentes de una verdadera devoci\u00f3n Mariana<\/strong><\/h2>\n<p>Estas precauciones generales y constantes permiten a Vicente de Pa\u00fal mantener apaciblemente su mirada sobre lo que juzga esencial en la vida y misterios de la Virgen Mar\u00eda. Ellas tambi\u00e9n nos permiten comprobar que su devoci\u00f3n a la Sant\u00edsima Virgen no es algo accesorio y sobrea\u00f1adido al culto de la Sant\u00edsima Trinidad y al Verbo encarnado, sino que es una dis\u00adposici\u00f3n fundamental de su ser.<\/p>\n<p>Forma parte de su piedad m\u00e1s \u00edntima y armoniza y vivifica su experiencia por completo.<\/p>\n<p>Tres privilegios, tres misterios de Mar\u00eda son objeto de su meditaci\u00f3n constantemente:<\/p>\n<ul>\n<li><em>la Inmaculada Concepci\u00f3n,<\/em><\/li>\n<li><em>la Anunciaci\u00f3n,<\/em><\/li>\n<li><em>la Visitaci\u00f3n.<\/em><\/li>\n<\/ul>\n<p>Es muy revelador que estos tres misterios llegaran a ser como el tram\u00adpol\u00edn, la letra y el esp\u00edritu de las tres actitudes fundamentales que caracte\u00adrizan su marcha hacia una vida de uni\u00f3n con Dios.<\/p>\n<h2><strong>La Inmaculada Concepci\u00f3n y las exigencias divinas<\/strong><\/h2>\n<p>La Bula de erecci\u00f3n de la Congregaci\u00f3n de la Misi\u00f3n (Bula \u00abSalvatoris nostri\u00bb, con fecha 12 de enero de 1633) declaraba que<\/p>\n<p style=\"padding-left: 30px\">\u00ablos miembros de la Congregaci\u00f3n de la Misi\u00f3n deb\u00edan honrar especial\u00admente a la augusta Trinidad, el misterio de la Encarnaci\u00f3n, y venerar a la bienaventurada Virgen Mar\u00eda\u00bb.<\/p>\n<p>San Vicente, recordando estas obligaciones y este compromiso, en el cap\u00ed\u00adtulo X de la Regla de los Misioneros, indicaba la manera concreta de ser fiel a las indicaciones de la Santa Sede:<\/p>\n<ul>\n<li><em>Primeramente, hacer todos los d\u00edas, y con devoci\u00f3n particular, alg\u00fan obsequio en honor de la Madre de Dios y nuestra.<\/em><\/li>\n<li><em>En segundo lugar, imitar lo m\u00e1s posible sus virtudes, particularmente <\/em><em>su humildad y castidad.<\/em><\/li>\n<li><em>Tercer lugar, exhortar vivamente a los dem\u00e1s, todas las veces que <\/em><em>podamos, a fin de que la honren y sirvan como ella se merece.<\/em><\/li>\n<\/ul>\n<p>Presenta despu\u00e9s los misterios de la Sant\u00edsima Trinidad, Encarnaci\u00f3n, Eucarist\u00eda, como sacramento y sacrificio, y el texto que concierne a la Virgen Mar\u00eda, como ejemplo de humildad y castidad; y tambi\u00e9n alude a las dispo\u00adsiciones esenciales que permiten aceptar y recibir a Dios en s\u00ed.<\/p>\n<ul>\n<li><em>humildad,<\/em><\/li>\n<li><em>castidad.<\/em><\/li>\n<\/ul>\n<p>Para Vicente de Pa\u00fal, la humildad no consiste s\u00f3lo en palabras y actos; es m\u00e1s bien una actitud de todo el ser que se presenta ante Dios, reconoci\u00e9n\u00addose miserable y pecador, y que trata de vaciarse de s\u00ed para llenarse de Dios. Vicente de Pa\u00fal distingue en la Inmaculada Concepci\u00f3n un privilegio que expresa clara e infaliblemente eso que Dios pide a una criatura de \u00abdespren\u00addimiento\u00bb y de \u00abpureza\u00bb, de \u00abhumildad y castidad\u00bb, para que pueda recibirle y unirse a \u00c9l. Dios ha hablado con actos; basta ver y leer con los ojos de la fe.<\/p>\n<p style=\"padding-left: 30px\">\u00abDios previno, pues, que era preciso que su Hijo tomase carne humana por medio de una mujer digna de recibirle, mujer ilustre por sus gracias, <em>vac\u00eda de pecado, llena de piedad, alejada de los malos afectos. Puso ante <\/em><em>sus ojos a todas las mujeres que deb\u00edan ser y no encontr\u00f3 a otra digna de <\/em><em>tal obra sino a la muy pura y muy inmaculada Virgen Mar\u00eda. Por eso dispuso <\/em><em>desde toda la eternidad disponerle este alojamiento, adornarlo con los m\u00e1s <\/em><em>raros y m\u00e1s dignos bienes que pueda tener una criatura, a fin de que fuese templo digno de la divinidad, un palacio digno de su Hijo\u00bb.<\/em><\/p>\n<p>Y Vicente de Pa\u00fal saca inmediatamente la conclusi\u00f3n moral que se refiere al tema de su serm\u00f3n: la comuni\u00f3n sacramental exige una preparaci\u00f3n que debe inspirarse en la preparaci\u00f3n que Dios efectu\u00f3 en la Virgen que deb\u00eda recibir a su Hijo:<\/p>\n<p style=\"padding-left: 30px\">\u00abSi la previsi\u00f3n eterna lanz\u00f3 su mirada tan lejos para descubir el recep t\u00e1culo de su Hijo, y, una vez descubierto lo adorn\u00f3 con todas las gracias que pueden embellecer a una criatura, como lo declar\u00f3 por medio del \u00e1ngel al que envi\u00f3 como embajador, \u00a1con cu\u00e1nta m\u00e1s raz\u00f3n debemos prever el d\u00eda y la disposici\u00f3n que se requiere para recibirle! Por otra parte, \u00a1cu\u00e1n cuida\u00addosamente debemos adornar nuestra alma con las virtudes requeridas por este gran misterio y que la devoci\u00f3n nos pueda proporcionar!<\/p>\n<p>A prop\u00f3sito de la comuni\u00f3n sacramental que es la recepci\u00f3n fundamental, indicada por excelencia, San Vicente dice a las Hijas de la Caridad:<\/p>\n<p style=\"padding-left: 30px\">\u00abRecurrid a la Sant\u00edsima Virgen, pidi\u00e9ndole que os obtenga de su Hijo la gracia de participar de su humildad, que le hizo llamarse esclava del Se\u00f1or, cuando fue elegida para ser madre suya. \u00bfQu\u00e9 es lo que movi\u00f3 a Dios a fijarse en la Virgen? Nos lo dice ella misma: \u00abFue la humildad\u00bb (S. V. 14 de julio de 1658).<\/p>\n<p>Despu\u00e9s, prosigue en forma de oraci\u00f3n:<\/p>\n<p style=\"padding-left: 30px\">\u00abSant\u00edsima Virgen, que dijiste a todo el mundo en tu c\u00e1ntico que la humil\u00addad es precisamente la causa de tu gloria, obt\u00e9n para estas j\u00f3venes que sean como Dios les pide, ad\u00f3rnalas de tus virtudes. T\u00fa eres madre y virgen al mismo tiempo. Ellas son tambi\u00e9n v\u00edrgenes. Ruega entonces a tu Hijo, por las entra\u00f1as de tu vientre, en d\u00f3nde El estuvo alojado nueve meses, que nos conceda esta gracia\u00bb (julio 1658).<\/p>\n<p>La Virgen-Madre est\u00e1 perfectamente acordada con Jes\u00fas porque participa de su esp\u00edritu que es amor al Padre, estima, reverencia y humildad.<\/p>\n<h2><strong>La Anunciaci\u00f3n y Uni\u00f3n con Dios<\/strong><\/h2>\n<p>El segundo misterio, la Anunciaci\u00f3n, va a permitir que se manifieste un segundo aspecto de la vida religiosa. La humildad prepara y sostiene la ofrenda a Dios.<\/p>\n<p>Esa ofrenda supone un perfecto conocimiento y un exacto agradecimiento hacia Dios. Dios, por mediaci\u00f3n del Angel Gabriel, nos lo recuerda, y ser\u00eda una l\u00e1stima no retener la ense\u00f1anza que Dios nos da con la palabra y el ejemplo.<\/p>\n<p style=\"padding-left: 30px\"><em>\u00abHay que reconocer la esencia y existencia de Dios y tener alg\u00fan conoci\u00ad<\/em><em>miento de sus perfecciones antes de ofrecerle alg\u00fan sacrificio; \u00e9sto es natural, <\/em><em>porque, \u00bfa qui\u00e9n ofrec\u00e9is vuestros presentes?; a los grandes, a los pr\u00edncipes <\/em><em>y a los reyes; a esos es a quienes rend\u00eds vuestro homenaje. Tan cierto es <\/em><em>\u00e9sto que Dios observ\u00f3 este mismo orden en la encarnaci\u00f3n. Cuando el Angel <\/em><em>fu\u00e9 a saludar a la Sant\u00edsima Virgen, empez\u00f3 por reconocer que estaba llena <\/em><em>de las gracias del cielo: <\/em>Ave, gratia plena: <em>Se\u00f1ora, est\u00e1s llena y colmada de <\/em><em>los favores de Dios; <\/em>Ave, gratia plena. <em>As\u00ed lo reconoce y la alaba como llena de gracia. \u00bfY qu\u00e9 hace luego? Aquel hermoso regalo de la segunda persona <\/em><em>de la Sant\u00edsima Trinidad; el Esp\u00edritu Santo, reuniendo la sangre m\u00e1s pura <\/em><em>de la Sant\u00edsima Virgen, form\u00f3 con ella un cuerpo, luego cre\u00f3 Dios un alma <\/em><em>para informar aquel cuerpo y a continuaci\u00f3n el Verbo se uni\u00f3 a aquel alma <\/em><em>y a aquel cuerpo por una uni\u00f3n admirable, y de esta forma el Esp\u00edritu Santo <\/em><em>realiz\u00f3 el misterio inefable de la encarnaci\u00f3n. La alabanza precedi\u00f3 al sacri\u00ad<\/em><em>ficio\u00bb <\/em>(26 septiembre 1659, a los misioneros).<\/p>\n<p>S\u00f3lo los humildes y los pobres conocen a Dios. La verdadera religi\u00f3n se conserva entre los pobres. Los pobres son del orden de Cristo humilde <em>y <\/em>pobre.<\/p>\n<p>La humildad es la generadora del verdadero conocimiento de Dios y es tambi\u00e9n generadora del amor verdadero y del don de s\u00ed. Para convencerse basta mirar al Hijo de Dios:<\/p>\n<p style=\"padding-left: 30px\"><em>\u00ab\u00bfC\u00f3mo era su amor? \u00a1Oh, qu\u00e9 amor! \u00a1Oh, Salvador m\u00edo! \u00a1Qu\u00e9 amor no <\/em><em>hab\u00e9is tenido a vuestro Padre! Hijo por naturaleza, el Verbo, igual a su <\/em><em>Padre, no ten\u00eda por qu\u00e9 ofrecerse a El; pero Cristo, el Dios-hombre se ofreci\u00f3 <\/em><em>para cumplir la voluntad del Padre.\u00bb<\/em><\/p>\n<p>Cristo y la Virgen, ofreci\u00e9ndose a Dios Padre, revelan ambos el movimien\u00adto de la verdadera vida y muestran el itinerario a quienes deben continuar la misi\u00f3n de Jes\u00fas. Por eso, Vicente de Pa\u00fal, ya no podr\u00e1 realizar directa\u00admente una actividad, ni dedicarse al pr\u00f3jimo, sin intermediario. El itinerario pasa por Dios y hemos de darnos a Dios para que El nos entregue al pr\u00f3jimo. Invariable en su intenci\u00f3n, flexible y variable en sus expresiones, este dis\u00adc\u00edpulo de Pedro de Berulle no pierde de vista ese pasar por Dios, y controla escrupulosamente todas sus etapas:<\/p>\n<p style=\"padding-left: 30px\"><em>Primero hay que mirar el inter\u00e9s y la gloria de Dios, y despu\u00e9s, el <\/em><em>inter\u00e9s de la Compa\u00f1\u00eda.<\/em><\/p>\n<p style=\"padding-left: 30px\"><em>En primer lugar, busquemos el Reino de Dios y su justicia, \u00abcomo <\/em><em>declar\u00f3 el Hijo de Dios que no busc\u00f3 su gloria, sino la de su Padre\u00bb. Todo lo que hizo y dijo, fue para glorificarle, reserv\u00e1ndose \u00fanicamente para El <\/em><em>la indigencia, el sufrimiento y la ignominia.<\/em><\/p>\n<p style=\"padding-left: 30px\"><em>Es necesario santificar las ocupaciones buscando a Dios en ellas, y <\/em><em>trabajar por encontrarlo en las mismas, antes que por verlas terminadas.<\/em><\/p>\n<p>A Cristo, \u00abRegla de la Misi\u00f3n\u00bb, le pide humildemente: \u00abOh, mi buen Jes\u00fas, ens\u00e9\u00f1adme a hacerlo, y haced que lo haga.\u00bb Seguidamente, dirigi\u00e9ndose a sus oyentes, les repite incansablemente: \u00abD\u00e9monos a Dios para hacer su obra\u00bb.<\/p>\n<h2><strong>La Visitaci\u00f3n y el don de Dios a los hombres<\/strong><\/h2>\n<p>La Visitaci\u00f3n, tercera etapa, \u00bfes tambi\u00e9n la \u00faltima fase del movimiento del alma que se une a la acci\u00f3n de Dios? Su apelativo m\u00e1s com\u00fan es <em>Servicio.<\/em><\/p>\n<p>Sabemos que Vicente de Pa\u00fal fue el primero en establecer deliberada y definitivamente \u00abuna Compa\u00f1\u00eda\u00bb de almas consagradas al servicio de los Pobres a domicilio. <em>\u00abDios ha permitido, <\/em>dec\u00eda, <em>que unas pobres j\u00f3venes hayan <\/em><em>reemplazado a las Damas.\u00bb <\/em>En adelante, las Hijas de la Caridad ser\u00e1n las Visitandinas de los Pobres, las Visitandinas del mundo.<\/p>\n<p>Esta empresa, un poco espectacular, en realidad, no es m\u00e1s que una de las consecuencias de la concepci\u00f3n de la Caridad sobrenatural que \u00e9l realiza y proclama. El amor en su plenitud une a Dios y al pr\u00f3jimo, el sacrificio y la oraci\u00f3n, el servicio y la contemplaci\u00f3n. Tal vez se piense que es una paradoja verbal, un ideal m\u00e1s que una realidad. Ciertamente, no, porque no se trata de una soldadura artificial de principios, efectuada geom\u00e9tricamente por necesidad de una causa. Ni es cuesti\u00f3n tampoco de una prudente alter\u00adnancia o de una dosificaci\u00f3n minuciosa de ocupaciones. La unidad rige el principio y el fin.<\/p>\n<p>San Vicente cree profundamente y \u00abve\u00bb que Dios est\u00e1 realmente presente en los Pobres, es decir, en todo hombre que no rehusa hospitalizar en \u00e9l a Cristo pobre y agonizante. Cree tambi\u00e9n, e imperturbablemente, que el amor del Padre, expres\u00e1ndose en la misi\u00f3n del Hijo, no es solamente de ayer, sino del hoy de Dios, de siempre. Como consecuencia, a trav\u00e9s de los humanos incapaces y pecadores, en los que es dif\u00edcil reconocer a Cristo, \u00e9l entrev\u00e9 <em>a <\/em>Dios que, sin cansarse, llama a sus hijos, se ingenia para ponerse a su nivel se consume por unirse a ellos. \u00bfSe equivoca San Vicente? Despu\u00e9s de todo, \u00e9l no es m\u00e1s que una <em>Visitaci\u00f3n, <\/em>la de Dios.<\/p>\n<h2><strong>Perspectivas e ideas generales<\/strong><\/h2>\n<p>Este an\u00e1lisis esquem\u00e1tico, que ha reducido la devoci\u00f3n mariana de Vicente de Pa\u00fal a la humildad, ofrenda <em>y <\/em>servicio, no puede pretender dar mil respuesta a las cuestiones enunciadas, preliminares, de nuestro tema: \u00bfCu\u00e1l ha sido, durante tres siglos de tradici\u00f3n vicenciana, la influencia de su experiencia religiosa? Entre esa experiencia religiosa y la piedad mariana llamad de la \u00abMedalla Milagrosa\u00bb, \u00bfexiste continuidad o discontinuidad, progresi\u00f3n homog\u00e9nea o incremento paralelo?<\/p>\n<p>Por lo menos puede garantizar algunos elementos explicativos, y recordar las orientaciones originales.<\/p>\n<h2><strong>Experiencia religiosa de San Vicente y tradici\u00f3n vicenciana<\/strong><\/h2>\n<p>En la medida en que los disc\u00edpulos de Vicente de Pa\u00fal fueron atentos a su experiencia, fieles a sus ense\u00f1anzas e inspirados por la prudencia, inten\u00adtaron, m\u00e1s o menos perfectamente, cumplir un cierto ideal.<\/p>\n<p>Se trataba, en primer lugar, de mantener la uni\u00f3n con Cristo y con su Madre, es decir, de no excluir jam\u00e1s a su Madre para salvaguardar la tras\u00adcendencia del Hijo, y de no olvidar jam\u00e1s a Cristo, alej\u00e1ndose de El, para celebrar mejor a la Virgen.<\/p>\n<p>Despu\u00e9s, era conveniente mantener y fortificar la vida de piedad alimen\u00adt\u00e1ndola principalmente con las verdades de fe, en especial la de la Inmacu\u00adlada Concepci\u00f3n, la Anunciaci\u00f3n y la Visitaci\u00f3n. Por eso, instintivamente, eran inducidos a rechazar las aportaciones inciertas de la imaginaci\u00f3n o los impulsos incontrolados del coraz\u00f3n.<\/p>\n<p>Finalmente, lo que importaba era asociar la devoci\u00f3n mariana a una vida activa y caritativa, dando a toda la acci\u00f3n su inspiraci\u00f3n religiosa por una refe\u00adrencia de esp\u00edritu, oraci\u00f3n y ofrenda a la Virgen Mar\u00eda.<\/p>\n<h2><strong>Piedad vicenciana y piedad de la \u00abMedalla Milagrosa\u00bb<\/strong><\/h2>\n<p>Una discontinuidad hist\u00f3rica, una naturaleza diferente y una diversidad de estilo, separan, en el primer momento, la piedad vicenciana de la eflores\u00adcencia mariana como resultado de las apariciones de la Virgen a Santa Cata\u00adlina Labour\u00e9.<\/p>\n<p>Pero, la aproximaci\u00f3n de esos dos \u00abextremos\u00bb es, por todos conceptos, fructuosa y vitalizadora.<\/p>\n<p><em>La piedad mariana de la Medalla, en lugar de alejarse de la devoci\u00f3n <\/em><em>vicenciana, la esclarece de modo admirable. <\/em>Revela una riqueza permanente y fundamental. Despu\u00e9s, permite comprender y conservar las diversas rami\u00adficaciones de la devoci\u00f3n y vida mariana.<\/p>\n<p>En Vicente de Pa\u00fal, su piedad mariana, permite \u00abreleer\u00bb de manera cons\u00adtante el mensaje de Santa Catalina Labour\u00e9. Le da un sentido m\u00e1s profundo y le garantiza su verdad religiosa y sus mejores posibilidades futuras. Y \u00e9sto, de tres maneras:<\/p>\n<ul>\n<li>Primero, <em>uniendo m\u00e1s \u00edntimamente el Mensaje de la Medalla Mila\u00ad<\/em><em>grosa a la vida de la Virgen Mar\u00eda y a la de su mensajera <\/em>que permanecer\u00e1 silenciosa, orante y humilde sierva de los pobres.<\/li>\n<li>Despu\u00e9s, en segundo lugar, llamando la atenci\u00f3n m\u00e1s intensamente sobre la <em>presentaci\u00f3n dogm\u00e1tica inscrita en el reverso de la Medalla. <\/em>Para ver bien, dec\u00eda Vicente de Pa\u00fal, hay que dar \u00abla vuelta a la Medalla\u00bb. Santa Catalina Labour\u00e9 dec\u00eda tambi\u00e9n: <em>\u00abLa cruz y la M dicen bastante\u00bb, <\/em>y, de hecho, es, la uni\u00f3n entre Cristo y su Madre, la gracia y los intermediarios que est\u00e1n all\u00ed, humilde y definitivamente grabados.<\/li>\n<li>Finalmente, en tercer lugar, <em>recordando que la medalla es un \u00abcate\u00ad<\/em><em>cismo condensado\u00bb, <\/em>el catecismo de los peque\u00f1os, de los humildes y de los pobres, puesto entre sus manos para guardar riquezas imperecederas y siem\u00adpre amenazadas: <em>la gracia y la Cruz, la Encarnaci\u00f3n y la Redenci\u00f3n.<\/em><\/li>\n<\/ul>\n<p>Vicente de Pa\u00fal, un pariente pobre. Sin ninguna duda. Ha hecho todo lo posible por serlo, y es rico \u00fanicamente de aquello que oculta. <em>Desde hace <\/em><em>tres siglos, enriquece s\u00f3lo a sus herederos leg\u00edtimos, <\/em>quienes, ellos tambi\u00e9n, ocultos bajo dos especies subsisten con dos condiciones de vida:<\/p>\n<ul>\n<li><strong>la de los ricos que, como la Virgen, se consideran pobres; <\/strong><\/li>\n<li><strong>la de los pobres que est\u00e1n \u00e1vidos de las riquezas de Dios.<\/strong><\/li>\n<\/ul>\n","protected":false},"excerpt":{"rendered":"<p>\u00abEl modelo perfecto de esta espiritualidad apost\u00f3lica es la Virgen Mar\u00eda, Reina de los Ap\u00f3stoles, la cual, mientras vivi\u00f3 en este mundo una vida igual a la de los dem\u00e1s, llena de preocupaciones familiares y &#8230; <a href=\"https:\/\/vincentians.com\/es\/el-culto-a-maria-y-la-experiencia-de-vicente-de-paul\/\" class=\"more-link\">Read More<\/a><\/p>\n","protected":false},"author":4,"featured_media":145289,"comment_status":"open","ping_status":"open","sticky":false,"template":"","format":"standard","meta":{"jetpack_post_was_ever_published":false,"_jetpack_newsletter_access":"","_jetpack_dont_email_post_to_subs":false,"_jetpack_newsletter_tier_id":0,"_jetpack_memberships_contains_paywalled_content":false,"_jetpack_memberships_contains_paid_content":false,"footnotes":"","jetpack_publicize_message":"","jetpack_publicize_feature_enabled":true,"jetpack_social_post_already_shared":true,"jetpack_social_options":{"image_generator_settings":{"template":"highway","default_image_id":0,"font":"","enabled":false},"version":2}},"categories":[28,8],"tags":[218,224,173,119,166,120],"class_list":["post-47503","post","type-post","status-publish","format-standard","has-post-thumbnail","hentry","category-formacion-vicenciana","category-virgen-maria","tag-abelly","tag-berulle","tag-chatillon-les-dombes","tag-gondi","tag-robineau","tag-senora-de-gondi"],"yoast_head":"<!-- This site is optimized with the Yoast SEO plugin v26.3 - https:\/\/yoast.com\/wordpress\/plugins\/seo\/ -->\n<title>El culto a Mar\u00eda y la experiencia de Vicente de Pa\u00fal - Somos Vicencianos<\/title>\n<meta name=\"robots\" content=\"index, follow, max-snippet:-1, max-image-preview:large, max-video-preview:-1\" \/>\n<link rel=\"canonical\" href=\"https:\/\/vincentians.com\/es\/el-culto-a-maria-y-la-experiencia-de-vicente-de-paul\/\" \/>\n<meta property=\"og:locale\" content=\"es_ES\" \/>\n<meta property=\"og:type\" content=\"article\" \/>\n<meta property=\"og:title\" content=\"El culto a Mar\u00eda y la experiencia de Vicente de Pa\u00fal - Somos Vicencianos\" \/>\n<meta property=\"og:description\" content=\"\u00abEl modelo perfecto de esta espiritualidad apost\u00f3lica es la Virgen Mar\u00eda, Reina de los Ap\u00f3stoles, la cual, mientras vivi\u00f3 en este mundo una vida igual a la de los dem\u00e1s, llena de preocupaciones familiares y ... Read More\" \/>\n<meta property=\"og:url\" content=\"https:\/\/vincentians.com\/es\/el-culto-a-maria-y-la-experiencia-de-vicente-de-paul\/\" \/>\n<meta property=\"og:site_name\" content=\"Somos Vicencianos\" \/>\n<meta property=\"article:publisher\" content=\"https:\/\/www.facebook.com\/WeAreVincentians\/\" \/>\n<meta property=\"article:author\" content=\"https:\/\/www.facebook.com\/JavierChento\" \/>\n<meta property=\"article:published_time\" content=\"2015-05-17T04:07:29+00:00\" \/>\n<meta property=\"article:modified_time\" content=\"2016-07-26T17:17:48+00:00\" \/>\n<meta name=\"author\" content=\"Francisco Javier Fern\u00e1ndez Chento\" \/>\n<meta name=\"twitter:card\" content=\"summary_large_image\" \/>\n<meta name=\"twitter:creator\" content=\"@https:\/\/twitter.com\/javierchento\" \/>\n<meta name=\"twitter:site\" content=\"@WeVincentians\" \/>\n<meta name=\"twitter:label1\" content=\"Escrito por\" \/>\n\t<meta name=\"twitter:data1\" content=\"Francisco Javier Fern\u00e1ndez Chento\" \/>\n\t<meta name=\"twitter:label2\" content=\"Tiempo de lectura\" \/>\n\t<meta name=\"twitter:data2\" content=\"32 minutos\" \/>\n<script type=\"application\/ld+json\" class=\"yoast-schema-graph\">{\"@context\":\"https:\/\/schema.org\",\"@graph\":[{\"@type\":\"Article\",\"@id\":\"https:\/\/vincentians.com\/es\/el-culto-a-maria-y-la-experiencia-de-vicente-de-paul\/#article\",\"isPartOf\":{\"@id\":\"https:\/\/vincentians.com\/es\/el-culto-a-maria-y-la-experiencia-de-vicente-de-paul\/\"},\"author\":{\"name\":\"Francisco Javier Fern\u00e1ndez Chento\",\"@id\":\"http:\/\/vincentians.com\/es\/#\/schema\/person\/9623ef4d9aa3b2dfb8c061f1499288f2\"},\"headline\":\"El culto a Mar\u00eda y la experiencia de Vicente de Pa\u00fal\",\"datePublished\":\"2015-05-17T04:07:29+00:00\",\"dateModified\":\"2016-07-26T17:17:48+00:00\",\"mainEntityOfPage\":{\"@id\":\"https:\/\/vincentians.com\/es\/el-culto-a-maria-y-la-experiencia-de-vicente-de-paul\/\"},\"wordCount\":6348,\"commentCount\":0,\"publisher\":{\"@id\":\"http:\/\/vincentians.com\/es\/#organization\"},\"image\":{\"@id\":\"https:\/\/vincentians.com\/es\/el-culto-a-maria-y-la-experiencia-de-vicente-de-paul\/#primaryimage\"},\"thumbnailUrl\":\"\",\"keywords\":[\"Abelly\",\"Berulle\",\"Chatillon\",\"Gondi\",\"Robineau\",\"Se\u00f1ora de Gondi\"],\"articleSection\":[\"Formaci\u00f3n Vicenciana\",\"Virgen Mar\u00eda\"],\"inLanguage\":\"es\",\"potentialAction\":[{\"@type\":\"CommentAction\",\"name\":\"Comment\",\"target\":[\"https:\/\/vincentians.com\/es\/el-culto-a-maria-y-la-experiencia-de-vicente-de-paul\/#respond\"]}]},{\"@type\":\"WebPage\",\"@id\":\"https:\/\/vincentians.com\/es\/el-culto-a-maria-y-la-experiencia-de-vicente-de-paul\/\",\"url\":\"https:\/\/vincentians.com\/es\/el-culto-a-maria-y-la-experiencia-de-vicente-de-paul\/\",\"name\":\"El culto a Mar\u00eda y la experiencia de Vicente de Pa\u00fal - Somos Vicencianos\",\"isPartOf\":{\"@id\":\"http:\/\/vincentians.com\/es\/#website\"},\"primaryImageOfPage\":{\"@id\":\"https:\/\/vincentians.com\/es\/el-culto-a-maria-y-la-experiencia-de-vicente-de-paul\/#primaryimage\"},\"image\":{\"@id\":\"https:\/\/vincentians.com\/es\/el-culto-a-maria-y-la-experiencia-de-vicente-de-paul\/#primaryimage\"},\"thumbnailUrl\":\"\",\"datePublished\":\"2015-05-17T04:07:29+00:00\",\"dateModified\":\"2016-07-26T17:17:48+00:00\",\"breadcrumb\":{\"@id\":\"https:\/\/vincentians.com\/es\/el-culto-a-maria-y-la-experiencia-de-vicente-de-paul\/#breadcrumb\"},\"inLanguage\":\"es\",\"potentialAction\":[{\"@type\":\"ReadAction\",\"target\":[\"https:\/\/vincentians.com\/es\/el-culto-a-maria-y-la-experiencia-de-vicente-de-paul\/\"]}]},{\"@type\":\"ImageObject\",\"inLanguage\":\"es\",\"@id\":\"https:\/\/vincentians.com\/es\/el-culto-a-maria-y-la-experiencia-de-vicente-de-paul\/#primaryimage\",\"url\":\"\",\"contentUrl\":\"\"},{\"@type\":\"BreadcrumbList\",\"@id\":\"https:\/\/vincentians.com\/es\/el-culto-a-maria-y-la-experiencia-de-vicente-de-paul\/#breadcrumb\",\"itemListElement\":[{\"@type\":\"ListItem\",\"position\":1,\"name\":\"Portada\",\"item\":\"http:\/\/vincentians.com\/es\/\"},{\"@type\":\"ListItem\",\"position\":2,\"name\":\"El culto a Mar\u00eda y la experiencia de Vicente de Pa\u00fal\"}]},{\"@type\":\"WebSite\",\"@id\":\"http:\/\/vincentians.com\/es\/#website\",\"url\":\"http:\/\/vincentians.com\/es\/\",\"name\":\"Somos Vicencianos\",\"description\":\"Know more to serve more\",\"publisher\":{\"@id\":\"http:\/\/vincentians.com\/es\/#organization\"},\"potentialAction\":[{\"@type\":\"SearchAction\",\"target\":{\"@type\":\"EntryPoint\",\"urlTemplate\":\"http:\/\/vincentians.com\/es\/?s={search_term_string}\"},\"query-input\":{\"@type\":\"PropertyValueSpecification\",\"valueRequired\":true,\"valueName\":\"search_term_string\"}}],\"inLanguage\":\"es\"},{\"@type\":\"Organization\",\"@id\":\"http:\/\/vincentians.com\/es\/#organization\",\"name\":\"The Vincentian Network\",\"url\":\"http:\/\/vincentians.com\/es\/\",\"logo\":{\"@type\":\"ImageObject\",\"inLanguage\":\"es\",\"@id\":\"http:\/\/vincentians.com\/es\/#\/schema\/logo\/image\/\",\"url\":\"https:\/\/i1.wp.com\/vincentians.com\/es\/wp-content\/uploads\/sites\/11\/2016\/06\/Vincentian-Network-logo-big.png?fit=778%2C778\",\"contentUrl\":\"https:\/\/i1.wp.com\/vincentians.com\/es\/wp-content\/uploads\/sites\/11\/2016\/06\/Vincentian-Network-logo-big.png?fit=778%2C778\",\"width\":778,\"height\":778,\"caption\":\"The Vincentian Network\"},\"image\":{\"@id\":\"http:\/\/vincentians.com\/es\/#\/schema\/logo\/image\/\"},\"sameAs\":[\"https:\/\/www.facebook.com\/WeAreVincentians\/\",\"https:\/\/x.com\/WeVincentians\"]},{\"@type\":\"Person\",\"@id\":\"http:\/\/vincentians.com\/es\/#\/schema\/person\/9623ef4d9aa3b2dfb8c061f1499288f2\",\"name\":\"Francisco Javier Fern\u00e1ndez Chento\",\"image\":{\"@type\":\"ImageObject\",\"inLanguage\":\"es\",\"@id\":\"http:\/\/vincentians.com\/es\/#\/schema\/person\/image\/\",\"url\":\"https:\/\/secure.gravatar.com\/avatar\/497d5cde87b4c3d097d0315953521681ba2cd523ee66e5077c3711f7021e65de?s=96&d=mm&r=g\",\"contentUrl\":\"https:\/\/secure.gravatar.com\/avatar\/497d5cde87b4c3d097d0315953521681ba2cd523ee66e5077c3711f7021e65de?s=96&d=mm&r=g\",\"caption\":\"Francisco Javier Fern\u00e1ndez Chento\"},\"description\":\"Director General y cofundador de La Red de Formaci\u00f3n Vicenciana. Javier es laico vicenciano, afiliado a la Congregaci\u00f3n de la Misi\u00f3n y miembro del Equipo de Misiones Populares de la provincia can\u00f3nica de Zaragoza (Espa\u00f1a) de la Congregaci\u00f3n de la Misi\u00f3n. Graduado en la Universidad Oberta de Catalunya con cuatro grados (Asistente de direcci\u00f3n, Gesti\u00f3n Administrativa, Recursos Humanos y Contabilidad Avanzada). Bil\u00edng\u00fce Espa\u00f1ol\/Ingl\u00e9s. gestiona y mantiene varias p\u00e1ginas web cristianas y vicencianas, incluida including La Red de Formaci\u00f3n Vicenciana, de la que es cofundador. Actualmente es responsable del \u00e1rea de Espa\u00f1ol de .famvin, la Red de Noticias de la Familia Vicenciana. Tambi\u00e9n es m\u00fasico cat\u00f3lico y ha editado varios discos. Es Director General y cofundador de Trovador, una reconocida compa\u00f1\u00eda discogr\u00e1fica critiana de Espa\u00f1a. Trabaja en las Tecnolog\u00edas de la Informaci\u00f3n, ofreciendo servicios de alojamiento, dise\u00f1o y mantenimiento Web, as\u00ed como asesoramiento, formaci\u00f3n y soluciones inform\u00e1ticas, gesti\u00f3n documental y digitalizaci\u00f3n de textos, edici\u00f3n y maquetaci\u00f3n de libros, revistas, flyers, etc.\",\"sameAs\":[\"http:\/\/chento.org\",\"https:\/\/www.facebook.com\/JavierChento\",\"https:\/\/x.com\/https:\/\/twitter.com\/javierchento\"],\"url\":\"https:\/\/vincentians.com\/es\/author\/chento\/\"}]}<\/script>\n<!-- \/ Yoast SEO plugin. -->","yoast_head_json":{"title":"El culto a Mar\u00eda y la experiencia de Vicente de Pa\u00fal - Somos Vicencianos","robots":{"index":"index","follow":"follow","max-snippet":"max-snippet:-1","max-image-preview":"max-image-preview:large","max-video-preview":"max-video-preview:-1"},"canonical":"https:\/\/vincentians.com\/es\/el-culto-a-maria-y-la-experiencia-de-vicente-de-paul\/","og_locale":"es_ES","og_type":"article","og_title":"El culto a Mar\u00eda y la experiencia de Vicente de Pa\u00fal - Somos Vicencianos","og_description":"\u00abEl modelo perfecto de esta espiritualidad apost\u00f3lica es la Virgen Mar\u00eda, Reina de los Ap\u00f3stoles, la cual, mientras vivi\u00f3 en este mundo una vida igual a la de los dem\u00e1s, llena de preocupaciones familiares y ... Read More","og_url":"https:\/\/vincentians.com\/es\/el-culto-a-maria-y-la-experiencia-de-vicente-de-paul\/","og_site_name":"Somos Vicencianos","article_publisher":"https:\/\/www.facebook.com\/WeAreVincentians\/","article_author":"https:\/\/www.facebook.com\/JavierChento","article_published_time":"2015-05-17T04:07:29+00:00","article_modified_time":"2016-07-26T17:17:48+00:00","author":"Francisco Javier Fern\u00e1ndez Chento","twitter_card":"summary_large_image","twitter_creator":"@https:\/\/twitter.com\/javierchento","twitter_site":"@WeVincentians","twitter_misc":{"Escrito por":"Francisco Javier Fern\u00e1ndez Chento","Tiempo de lectura":"32 minutos"},"schema":{"@context":"https:\/\/schema.org","@graph":[{"@type":"Article","@id":"https:\/\/vincentians.com\/es\/el-culto-a-maria-y-la-experiencia-de-vicente-de-paul\/#article","isPartOf":{"@id":"https:\/\/vincentians.com\/es\/el-culto-a-maria-y-la-experiencia-de-vicente-de-paul\/"},"author":{"name":"Francisco Javier Fern\u00e1ndez Chento","@id":"http:\/\/vincentians.com\/es\/#\/schema\/person\/9623ef4d9aa3b2dfb8c061f1499288f2"},"headline":"El culto a Mar\u00eda y la experiencia de Vicente de Pa\u00fal","datePublished":"2015-05-17T04:07:29+00:00","dateModified":"2016-07-26T17:17:48+00:00","mainEntityOfPage":{"@id":"https:\/\/vincentians.com\/es\/el-culto-a-maria-y-la-experiencia-de-vicente-de-paul\/"},"wordCount":6348,"commentCount":0,"publisher":{"@id":"http:\/\/vincentians.com\/es\/#organization"},"image":{"@id":"https:\/\/vincentians.com\/es\/el-culto-a-maria-y-la-experiencia-de-vicente-de-paul\/#primaryimage"},"thumbnailUrl":"","keywords":["Abelly","Berulle","Chatillon","Gondi","Robineau","Se\u00f1ora de Gondi"],"articleSection":["Formaci\u00f3n Vicenciana","Virgen Mar\u00eda"],"inLanguage":"es","potentialAction":[{"@type":"CommentAction","name":"Comment","target":["https:\/\/vincentians.com\/es\/el-culto-a-maria-y-la-experiencia-de-vicente-de-paul\/#respond"]}]},{"@type":"WebPage","@id":"https:\/\/vincentians.com\/es\/el-culto-a-maria-y-la-experiencia-de-vicente-de-paul\/","url":"https:\/\/vincentians.com\/es\/el-culto-a-maria-y-la-experiencia-de-vicente-de-paul\/","name":"El culto a Mar\u00eda y la experiencia de Vicente de Pa\u00fal - Somos Vicencianos","isPartOf":{"@id":"http:\/\/vincentians.com\/es\/#website"},"primaryImageOfPage":{"@id":"https:\/\/vincentians.com\/es\/el-culto-a-maria-y-la-experiencia-de-vicente-de-paul\/#primaryimage"},"image":{"@id":"https:\/\/vincentians.com\/es\/el-culto-a-maria-y-la-experiencia-de-vicente-de-paul\/#primaryimage"},"thumbnailUrl":"","datePublished":"2015-05-17T04:07:29+00:00","dateModified":"2016-07-26T17:17:48+00:00","breadcrumb":{"@id":"https:\/\/vincentians.com\/es\/el-culto-a-maria-y-la-experiencia-de-vicente-de-paul\/#breadcrumb"},"inLanguage":"es","potentialAction":[{"@type":"ReadAction","target":["https:\/\/vincentians.com\/es\/el-culto-a-maria-y-la-experiencia-de-vicente-de-paul\/"]}]},{"@type":"ImageObject","inLanguage":"es","@id":"https:\/\/vincentians.com\/es\/el-culto-a-maria-y-la-experiencia-de-vicente-de-paul\/#primaryimage","url":"","contentUrl":""},{"@type":"BreadcrumbList","@id":"https:\/\/vincentians.com\/es\/el-culto-a-maria-y-la-experiencia-de-vicente-de-paul\/#breadcrumb","itemListElement":[{"@type":"ListItem","position":1,"name":"Portada","item":"http:\/\/vincentians.com\/es\/"},{"@type":"ListItem","position":2,"name":"El culto a Mar\u00eda y la experiencia de Vicente de Pa\u00fal"}]},{"@type":"WebSite","@id":"http:\/\/vincentians.com\/es\/#website","url":"http:\/\/vincentians.com\/es\/","name":"Somos Vicencianos","description":"Know more to serve more","publisher":{"@id":"http:\/\/vincentians.com\/es\/#organization"},"potentialAction":[{"@type":"SearchAction","target":{"@type":"EntryPoint","urlTemplate":"http:\/\/vincentians.com\/es\/?s={search_term_string}"},"query-input":{"@type":"PropertyValueSpecification","valueRequired":true,"valueName":"search_term_string"}}],"inLanguage":"es"},{"@type":"Organization","@id":"http:\/\/vincentians.com\/es\/#organization","name":"The Vincentian Network","url":"http:\/\/vincentians.com\/es\/","logo":{"@type":"ImageObject","inLanguage":"es","@id":"http:\/\/vincentians.com\/es\/#\/schema\/logo\/image\/","url":"https:\/\/i1.wp.com\/vincentians.com\/es\/wp-content\/uploads\/sites\/11\/2016\/06\/Vincentian-Network-logo-big.png?fit=778%2C778","contentUrl":"https:\/\/i1.wp.com\/vincentians.com\/es\/wp-content\/uploads\/sites\/11\/2016\/06\/Vincentian-Network-logo-big.png?fit=778%2C778","width":778,"height":778,"caption":"The Vincentian Network"},"image":{"@id":"http:\/\/vincentians.com\/es\/#\/schema\/logo\/image\/"},"sameAs":["https:\/\/www.facebook.com\/WeAreVincentians\/","https:\/\/x.com\/WeVincentians"]},{"@type":"Person","@id":"http:\/\/vincentians.com\/es\/#\/schema\/person\/9623ef4d9aa3b2dfb8c061f1499288f2","name":"Francisco Javier Fern\u00e1ndez Chento","image":{"@type":"ImageObject","inLanguage":"es","@id":"http:\/\/vincentians.com\/es\/#\/schema\/person\/image\/","url":"https:\/\/secure.gravatar.com\/avatar\/497d5cde87b4c3d097d0315953521681ba2cd523ee66e5077c3711f7021e65de?s=96&d=mm&r=g","contentUrl":"https:\/\/secure.gravatar.com\/avatar\/497d5cde87b4c3d097d0315953521681ba2cd523ee66e5077c3711f7021e65de?s=96&d=mm&r=g","caption":"Francisco Javier Fern\u00e1ndez Chento"},"description":"Director General y cofundador de La Red de Formaci\u00f3n Vicenciana. Javier es laico vicenciano, afiliado a la Congregaci\u00f3n de la Misi\u00f3n y miembro del Equipo de Misiones Populares de la provincia can\u00f3nica de Zaragoza (Espa\u00f1a) de la Congregaci\u00f3n de la Misi\u00f3n. Graduado en la Universidad Oberta de Catalunya con cuatro grados (Asistente de direcci\u00f3n, Gesti\u00f3n Administrativa, Recursos Humanos y Contabilidad Avanzada). Bil\u00edng\u00fce Espa\u00f1ol\/Ingl\u00e9s. gestiona y mantiene varias p\u00e1ginas web cristianas y vicencianas, incluida including La Red de Formaci\u00f3n Vicenciana, de la que es cofundador. Actualmente es responsable del \u00e1rea de Espa\u00f1ol de .famvin, la Red de Noticias de la Familia Vicenciana. Tambi\u00e9n es m\u00fasico cat\u00f3lico y ha editado varios discos. Es Director General y cofundador de Trovador, una reconocida compa\u00f1\u00eda discogr\u00e1fica critiana de Espa\u00f1a. Trabaja en las Tecnolog\u00edas de la Informaci\u00f3n, ofreciendo servicios de alojamiento, dise\u00f1o y mantenimiento Web, as\u00ed como asesoramiento, formaci\u00f3n y soluciones inform\u00e1ticas, gesti\u00f3n documental y digitalizaci\u00f3n de textos, edici\u00f3n y maquetaci\u00f3n de libros, revistas, flyers, etc.","sameAs":["http:\/\/chento.org","https:\/\/www.facebook.com\/JavierChento","https:\/\/x.com\/https:\/\/twitter.com\/javierchento"],"url":"https:\/\/vincentians.com\/es\/author\/chento\/"}]}},"jetpack_publicize_connections":[],"jetpack_featured_media_url":"","jetpack_sharing_enabled":true,"jetpack_shortlink":"https:\/\/wp.me\/p7ETMF-cmb","jetpack-related-posts":[{"id":387703,"url":"https:\/\/vincentians.com\/es\/maria-la-madre-de-jesus\/","url_meta":{"origin":47503,"position":0},"title":"Mar\u00eda, la Madre de Jes\u00fas","author":"Mitxel Olabu\u00e9naga","date":"25\/08\/2016","format":false,"excerpt":"Si tratamos aqu\u00ed y ahora el tema de Mar\u00eda, en el misterio de Cristo y de la Iglesia, se debe a que la Sant\u00edsima Virgen Mar\u00eda es la primera cristiana, la disc\u00edpula m\u00e1s aventajada del seguimiento de Jes\u00fas, la Madre de la Caridad, el tipo y modelo de la Iglesia\u2026","rel":"","context":"En \u00abEspiritualidad\u00bb","block_context":{"text":"Espiritualidad","link":"https:\/\/vincentians.com\/es\/category\/espiritualidad\/"},"img":{"alt_text":"","src":"https:\/\/i0.wp.com\/vincentians.com\/es\/wp-content\/uploads\/sites\/11\/2016\/08\/virgen-maria.jpg?fit=1200%2C630&ssl=1&resize=350%2C200","width":350,"height":200,"srcset":"https:\/\/i0.wp.com\/vincentians.com\/es\/wp-content\/uploads\/sites\/11\/2016\/08\/virgen-maria.jpg?fit=1200%2C630&ssl=1&resize=350%2C200 1x, https:\/\/i0.wp.com\/vincentians.com\/es\/wp-content\/uploads\/sites\/11\/2016\/08\/virgen-maria.jpg?fit=1200%2C630&ssl=1&resize=525%2C300 1.5x, https:\/\/i0.wp.com\/vincentians.com\/es\/wp-content\/uploads\/sites\/11\/2016\/08\/virgen-maria.jpg?fit=1200%2C630&ssl=1&resize=700%2C400 2x, https:\/\/i0.wp.com\/vincentians.com\/es\/wp-content\/uploads\/sites\/11\/2016\/08\/virgen-maria.jpg?fit=1200%2C630&ssl=1&resize=1050%2C600 3x"},"classes":[]},{"id":125542,"url":"https:\/\/vincentians.com\/es\/novena-a-la-virgen-milagrosa-2013-dia-septimo\/","url_meta":{"origin":47503,"position":1},"title":"Novena a la Virgen Milagrosa 2013: D\u00eda s\u00e9ptimo","author":"Francisco Javier Fern\u00e1ndez Chento","date":"25\/11\/2013","format":false,"excerpt":"Recu\u00e9rdanos que quien cree no est\u00e1 nunca solo. (La comunidad y la Iglesia) MONICI\u00d3N DE ENTRADA Bienvenidos a la celebraci\u00f3n de este s\u00e9ptimo d\u00eda de la novena, en el que meditaremos sobre nuestra fe en comunidad, en la Iglesia. No podemos vivir la fe en solitario, en la intimidad de\u2026","rel":"","context":"En \u00abVirgen Mar\u00eda\u00bb","block_context":{"text":"Virgen Mar\u00eda","link":"https:\/\/vincentians.com\/es\/category\/espiritualidad\/virgen-maria\/"},"img":{"alt_text":"Milagrosa_Pamplona_2013","src":"https:\/\/i0.wp.com\/vicencianos.org\/wp-content\/2012\/11\/Milagrosa_Pamplona_2013-201x300.jpg?resize=350%2C200","width":350,"height":200},"classes":[]},{"id":144780,"url":"https:\/\/vincentians.com\/es\/en-1830-la-virgen-maria-y-catalina-laboure\/","url_meta":{"origin":47503,"position":2},"title":"En 1830: la Virgen Mar\u00eda y Catalina Labour\u00e9","author":"Francisco Javier Fern\u00e1ndez Chento","date":"28\/11\/2020","format":false,"excerpt":"Introducci\u00f3n Hemos visto lo misteriosamente que necesitamos de la presencia de Mar\u00eda, no como una compensaci\u00f3n en nuestra aridez espiritual, sino porque Jes\u00fas nos la ha dado como Madre para hacernos nacer a la vida divina. En esta segunda intervenci\u00f3n, en primer lugar, seguiremos los pasos de santa Catalina para\u2026","rel":"","context":"En \u00abVirgen Mar\u00eda\u00bb","block_context":{"text":"Virgen Mar\u00eda","link":"https:\/\/vincentians.com\/es\/category\/espiritualidad\/virgen-maria\/"},"img":{"alt_text":"","src":"https:\/\/i0.wp.com\/vincentians.com\/es\/wp-content\/uploads\/sites\/11\/2015\/05\/catalina4.jpg?fit=867%2C508&ssl=1&resize=350%2C200","width":350,"height":200,"srcset":"https:\/\/i0.wp.com\/vincentians.com\/es\/wp-content\/uploads\/sites\/11\/2015\/05\/catalina4.jpg?fit=867%2C508&ssl=1&resize=350%2C200 1x, https:\/\/i0.wp.com\/vincentians.com\/es\/wp-content\/uploads\/sites\/11\/2015\/05\/catalina4.jpg?fit=867%2C508&ssl=1&resize=525%2C300 1.5x, https:\/\/i0.wp.com\/vincentians.com\/es\/wp-content\/uploads\/sites\/11\/2015\/05\/catalina4.jpg?fit=867%2C508&ssl=1&resize=700%2C400 2x"},"classes":[]},{"id":53073,"url":"https:\/\/vincentians.com\/es\/novena-a-la-medalla-milagrosa-dia-8-la-familia-de-la-medalla-milagrosa\/","url_meta":{"origin":47503,"position":3},"title":"Novena a la Medalla Milagrosa: D\u00eda 8, La familia de la Medalla Milagrosa","author":"Francisco Javier Fern\u00e1ndez Chento","date":"26\/11\/2011","format":false,"excerpt":"Introducci\u00f3n Canto: Oh Mar\u00eda, sin pecado concebida, ruega por nosotros que recurrimos a ti. Saludo: Hijos m\u00edos, mostraos celadores de la ley y dad la vida por la Alianza de vuestros mayores. Acordaos de las haza\u00f1as de vuestros padres en sus d\u00edas y alcanzar\u00e9is gran gloria y nombre eterno (1\u2026","rel":"","context":"En \u00abVirgen Mar\u00eda\u00bb","block_context":{"text":"Virgen Mar\u00eda","link":"https:\/\/vincentians.com\/es\/category\/espiritualidad\/virgen-maria\/"},"img":{"alt_text":"","src":"","width":0,"height":0},"classes":[]},{"id":114953,"url":"https:\/\/vincentians.com\/es\/como-rezar-el-rosario\/","url_meta":{"origin":47503,"position":4},"title":"C\u00f3mo rezar el Rosario","author":"Francisco Javier Fern\u00e1ndez Chento","date":"14\/02\/2019","format":false,"excerpt":"Modo de rezarlo Hacer el signo de la cruz y rezar el s\u00edmbolo de los ap\u00f3stoles o el acto de contrici\u00f3n. Rezar el Padrenuestro. Rezar 3 Avemar\u00edas y Gloria. Anunciar el primer misterio. Rezar el Padrenuestro. Rezar 10 Avemar\u00edas, Gloria y Jaculatoria. Anunciar el segundo misterio. Rezar el Padrenuestro. Rezar\u2026","rel":"","context":"En \u00abOraci\u00f3n\u00bb","block_context":{"text":"Oraci\u00f3n","link":"https:\/\/vincentians.com\/es\/category\/espiritualidad\/oracion\/"},"img":{"alt_text":"","src":"https:\/\/i0.wp.com\/vincentians.com\/es\/wp-content\/uploads\/sites\/11\/2016\/09\/ojos-jesucristo.jpg?fit=1200%2C630&ssl=1&resize=350%2C200","width":350,"height":200,"srcset":"https:\/\/i0.wp.com\/vincentians.com\/es\/wp-content\/uploads\/sites\/11\/2016\/09\/ojos-jesucristo.jpg?fit=1200%2C630&ssl=1&resize=350%2C200 1x, https:\/\/i0.wp.com\/vincentians.com\/es\/wp-content\/uploads\/sites\/11\/2016\/09\/ojos-jesucristo.jpg?fit=1200%2C630&ssl=1&resize=525%2C300 1.5x, https:\/\/i0.wp.com\/vincentians.com\/es\/wp-content\/uploads\/sites\/11\/2016\/09\/ojos-jesucristo.jpg?fit=1200%2C630&ssl=1&resize=700%2C400 2x, https:\/\/i0.wp.com\/vincentians.com\/es\/wp-content\/uploads\/sites\/11\/2016\/09\/ojos-jesucristo.jpg?fit=1200%2C630&ssl=1&resize=1050%2C600 3x"},"classes":[]},{"id":114699,"url":"https:\/\/vincentians.com\/es\/novena-a-la-virgen-milagrosa-2012-dia-5o\/","url_meta":{"origin":47503,"position":5},"title":"Novena a la Virgen Milagrosa 2012: D\u00eda 5\u00ba","author":"Francisco Javier Fern\u00e1ndez Chento","date":"23\/11\/2012","format":false,"excerpt":"Todo Concilio es una hora de Dios para el mundo MONICI\u00d3N DE ENTRADA Bienvenidos a nuestra celebraci\u00f3n convocados tambi\u00e9n hoy por la Virgen de la Medalla Milagrosa. En el Concilio Vaticano II hubo tres tendencias sobre la Virgen: como una creyente m\u00e1s del Pueblo de Dios; como una persona aut\u00f3noma\u2026","rel":"","context":"En \u00abVirgen Mar\u00eda\u00bb","block_context":{"text":"Virgen Mar\u00eda","link":"https:\/\/vincentians.com\/es\/category\/espiritualidad\/virgen-maria\/"},"img":{"alt_text":"","src":"https:\/\/i0.wp.com\/vicencianos.org\/wp-content\/2012\/11\/novena_milagrosa_2012_portada-211x300.jpg?resize=350%2C200","width":350,"height":200},"classes":[]}],"_links":{"self":[{"href":"https:\/\/vincentians.com\/es\/wp-json\/wp\/v2\/posts\/47503","targetHints":{"allow":["GET"]}}],"collection":[{"href":"https:\/\/vincentians.com\/es\/wp-json\/wp\/v2\/posts"}],"about":[{"href":"https:\/\/vincentians.com\/es\/wp-json\/wp\/v2\/types\/post"}],"author":[{"embeddable":true,"href":"https:\/\/vincentians.com\/es\/wp-json\/wp\/v2\/users\/4"}],"replies":[{"embeddable":true,"href":"https:\/\/vincentians.com\/es\/wp-json\/wp\/v2\/comments?post=47503"}],"version-history":[{"count":0,"href":"https:\/\/vincentians.com\/es\/wp-json\/wp\/v2\/posts\/47503\/revisions"}],"wp:featuredmedia":[{"embeddable":true,"href":"https:\/\/vincentians.com\/es\/wp-json\/"}],"wp:attachment":[{"href":"https:\/\/vincentians.com\/es\/wp-json\/wp\/v2\/media?parent=47503"}],"wp:term":[{"taxonomy":"category","embeddable":true,"href":"https:\/\/vincentians.com\/es\/wp-json\/wp\/v2\/categories?post=47503"},{"taxonomy":"post_tag","embeddable":true,"href":"https:\/\/vincentians.com\/es\/wp-json\/wp\/v2\/tags?post=47503"}],"curies":[{"name":"wp","href":"https:\/\/api.w.org\/{rel}","templated":true}]}}