{"id":46843,"date":"2011-08-04T08:25:30","date_gmt":"2011-08-04T06:25:30","guid":{"rendered":"http:\/\/somos.vicencianos.org\/?p=46843"},"modified":"2016-07-27T12:11:11","modified_gmt":"2016-07-27T10:11:11","slug":"el-desarrollo-de-la-compania-de-las-hijas-de-la-caridad-en-cracovia","status":"publish","type":"post","link":"https:\/\/vincentians.com\/es\/el-desarrollo-de-la-compania-de-las-hijas-de-la-caridad-en-cracovia\/","title":{"rendered":"El desarrollo de la Compa\u00f1\u00eda de las Hijas de la Caridad en Cracovia"},"content":{"rendered":"<p><a href=\"https:\/\/i0.wp.com\/vicencianos.org\/wp-content\/2011\/07\/SMarta.jpg\"><img data-recalc-dims=\"1\" loading=\"lazy\" decoding=\"async\" class=\"alignleft size-medium wp-image-46844\" src=\"https:\/\/i0.wp.com\/vicencianos.org\/wp-content\/2011\/07\/SMarta-186x300.jpg?resize=186%2C300\" alt=\"\" width=\"186\" height=\"300\" \/><\/a>Mi prop\u00f3sito es resumir muy brevemente el desarrollo de la Compa\u00f1\u00eda de las Hijas de la Caridad en el territorio de Cracovia, y precisar los dife\u00adrentes campos en que ejerci\u00f3 su acci\u00f3n. Y esto, partiendo de documentos de los archivos de la curia metropolitana de Cracovia, y de los archivos del Estado de la misma ciudad.<\/p>\n<p>San Vicente de Pa\u00fal es un santo que, tres siglos despu\u00e9s de su muerte, no ha perdido nada de su grandeza y de su gloria. \u00abNo es s\u00f3lo hombre de una naci\u00f3n, sino que es \u00abel ap\u00f3stol\u00bb\u00bb.<\/p>\n<p>Su misericordia fue inconmensurable, pero \u00e9l se quedaba en la sombra, con\u00adfiando todo a la Divina Providencia: esto es lo que la humanidad necesita. En la acci\u00f3n caritativa, San Vicente descubri\u00f3 la Verdad. Moviliz\u00f3, para esta acci\u00f3n a todas las clases de la sociedad y, al hacer esto, generaliz\u00f3 la mise\u00adricordia: es el movimiento vicenciano.<\/p>\n<p>El movimiento vicenciano, desde los comienzos, pero m\u00e1s particularmente a\u00fan en la segunda mitad del siglo XIX, llen\u00f3 su misi\u00f3n de caridad en Polonia bajo la forma <em>de <\/em>lo que hoy llamamos \u00abasistencia social\u00bb.<\/p>\n<p>Los Sacerdotes de la Misi\u00f3n, al mismo tiempo que administraban los Establecimientos de caridad y trabajaban en ellos, preparaban a los que for\u00admar\u00edan los \u00abcuadros\u00bb de la acci\u00f3n caritativa futura, ya sea entre el clero (ense\u00f1anza en los Seminarios) ya sea con los seglares. Las mismas Hijas de la Caridad no s\u00f3lo trabajan en los Establecimientos <em>y <\/em>Asociaciones de Cari\u00addad, sino que arrastran tambi\u00e9n a los seglares a la acci\u00f3n. Los seglares, Conferencias de San Vicente de Pa\u00fal y Damas de la Caridad, bajo el patro\u00adnazgo de los Misioneros y de las Hijas de la Caridad, con las que colaboran, emprenden diversas acciones caritativas, tanto a t\u00edtulo individual como en grupos organizados.<\/p>\n<p>Ya en tiempos de San Vicente, las Hijas de la Caridad llegaron desde Francia a Polonia en 1652, a petici\u00f3n de la Reina de Polonia Mar\u00eda de Gon\u00adzaga; se constituy\u00f3 pues la Provincia de Cracovia en vida del. Fundador.<\/p>\n<p>En el siglo XVll, las guerras y las plagas de hambre reclaman la acci\u00f3n caritativa de las Hermanas. Seguidamente, a estas causas vinieron a unirse los cambios pol\u00edticos, econ\u00f3micos y sociales, que hac\u00edan cada vez m\u00e1s nece\u00adsarias las obras de caridad.<\/p>\n<p>Seg\u00fan los documentos consultados, las instituciones de las Hijas de la Caridad en Cracovia, pueden dividirse en cinco grandes categor\u00edas:<\/p>\n<ul>\n<li>instituciones fundadas, financiadas y dirigidas por las Hijas de la Ca\u00adridad;<\/li>\n<li>instituciones fundadas y ayudadas ocasionalmente por personas pri\u00advadas o por asociaciones. Las Hermanas tienen la responsabilidad y la direcci\u00f3n;<\/li>\n<li>instituciones fundadas y financiadas regularmente por personas pri\u00advadas o por asociaciones;<\/li>\n<li>fundaciones;<\/li>\n<li>hospitales en los que las Hermanas cuidan a los enfermos.<\/li>\n<\/ul>\n<p><strong>1. Instituciones fundadas, financiadas y dirigidas por la Compa\u00f1\u00eda de las <\/strong><strong>Hijas de la Caridad.<\/strong><\/p>\n<ul>\n<li>Un Establecimiento situado en la calle de Varsovia, n\u00fam. 8, al lado de la Casa Provincial de las Hijas de la Caridad, comprende:\n<ul>\n<li>la cocina para los pobres, fundada en 1860, reorganizada <em>en <\/em>1906;<\/li>\n<li>la ambulancia fundada en 1861;<\/li>\n<li>la Asociaci\u00f3n de las Hijas de Mar\u00eda y de las Luisas de Marillac (1863\u00ad1918);<\/li>\n<li>un jard\u00edn de infancia, fundado en 1861, por el Comit\u00e9 Principal de asistencia;<\/li>\n<li><em>\u00a0<\/em>la visita a los Pobres.<\/li>\n<\/ul>\n<\/li>\n<\/ul>\n<p>En 1930 trabajaban en esta casa 7 Hermanas.<\/p>\n<ul>\n<li>El establecimiento educativo \u00abSan Jos\u00e9\u00bb en el n\u00fam. 11 de-la calle de Varsovia, orfanato fundado en 1908, cerca de la Casa Provincial. (En 1980 trabajaban en esta casa 7 Hermanas).<\/li>\n<li>La Casa de la Inmaculada Concepci\u00f3n en Cracovia, calle Piekarska, n\u00fam. 8, fundada en 1876 como filial de la Casa Provincial, en el barrio Kazi\u00admietz <em>y <\/em>que comprend\u00eda:<\/li>\n<li>un establecimiento de educaci\u00f3n;<\/li>\n<li>un asilo de ancianas;<\/li>\n<li>la Asociaci\u00f3n de las Hijas de Mar\u00eda:<sub>:<\/sub><\/li>\n<li>la visita a los Pobres;<\/li>\n<li>jard\u00edn de infancia con la ayuda del Comit\u00e9 principal de Asistencia.<\/li>\n<\/ul>\n<p>En 1930, trabajaban en esta Casa 22 Hermanas.<\/p>\n<ul>\n<li>El Hospital \u00abLa Providencia\u00bb, en la calle J. Lea, n\u00fam. 65, en Cracovia fundado en 1928 por la Comunidad de las Hijas de la Caridad, con do: Hermanas que vinieron de la Casa Provincial. En 1930, 14 Hermanas se ocupan en este Hospital del cuidado de los enfermos.<\/li>\n<li>La Escuela de Tenczynek, al lado de Krzeszowice, con Jard\u00edn de infancia y Visita de Pobres. Esta Escuela fue fundada en 1887 por Sor Tekla wezyk. (En 1930 trabajaban all\u00ed 14 Hermanas.)<\/li>\n<\/ul>\n<p><strong>2. Instituciones fundadas a las que ayudan (ocasionalmente) personas pri<\/strong><strong>vadas o Asociaciones.<\/strong><\/p>\n<ul>\n<li>En Cracovia, calle Krowoderska, n\u00fam. 40, el Jard\u00edn de infancia \u00abSan Jos\u00e9\u00bb, fundado y sostenido en parte por el Comit\u00e9 principal de Asistencia A partir de 1867, trabajaban en \u00e9l 3 Hermanas.<\/li>\n<li>El Jard\u00edn de Infancia de Rabka fundado en 1927 y ayudado por el Can\u00f3nigo Surowiak.<\/li>\n<\/ul>\n<p><strong>3. Instituciones fundadas (ocasionalmente) y ayudadas por personas pri<\/strong><strong>vadas o Asociaciones.<\/strong><\/p>\n<ul>\n<li>Una casa para personas mayores y un orfanato, bajo la responsabilidad de la Asociaci\u00f3n de Beneficencia en la calle Kolctek, en Cracovia. Es Casa se confi\u00f3 a las Hijas de la Caridad en 1901. Trabajan en ella 6 Hermana.<\/li>\n<li>Jard\u00edn de Infancia \u00abSan Andr\u00e9s\u00bb y una Casa para Ancianos en Krzeszwice, fundada en 1909 y financiada por la condesa Andr\u00e9e Potocka.<\/li>\n<li>La Cuna del Ni\u00f1o Jes\u00fas en la calle Krowoderska de Cracovia, tina ciada y sostenida por la Asociaci\u00f3n de Protecci\u00f3n a los Ni\u00f1os Abandonados. Trabajan en ella 4 Hermanas a partir de 1912.<\/li>\n<li>4 Hermanas trabajan en la cocina y en el lavadero del seminal diocesano, a partir de 1901, en la calle Kanoninzca, n\u00fam. 25.<\/li>\n<li>Colonia infantil de verano llamada de \u00abSan Jos\u00e9\u00bb, en Rabka, fundada y financiada por la Asociaci\u00f3n de tutela hospitalaria que acoge a los id durante el verano. 6 Hermanas trabajan en estas colonias.<\/li>\n<\/ul>\n<p><strong>4. Fundaciones<\/strong><\/p>\n<ul>\n<li>Fundaci\u00f3n \u00abLuis y Ana Helclow\u00bb, llamada \u00abLa Casa de los Pobres\u00bb, en la calle Helclow de Cracovia, a partir de 1980. 19 Hermanas cuidan all\u00ed a los enfermos.<\/li>\n<li>En Borek, cerca de Oswiecim, el orfanato del \u00abNi\u00f1o Jes\u00fas\u00bb (fundaci\u00f3n Mar\u00eda, Condesa Potulickich y Bogdah y Princesa Oginkisch) confiada a las Hermanas en 1918. Vi\u00e9ndose reducidos los medios financieros de esta fun\u00addaci\u00f3n, la Comunidad de las Hijas de la Caridad da el complemento cuando es necesario. En este establecimiento trabajan 13 Hermanas.<\/li>\n<\/ul>\n<p><strong>5. Hospitales<\/strong><\/p>\n<ul>\n<li>Hospital militar de distrito en la calle Wroclawska, n\u00fam. 5, que fun\u00adciona a partir de 1901; 16 Hermanas cuidan en \u00e9l a los enfermos.<\/li>\n<li>Hospital San L\u00e1zaro en la calle Kopernika, a partir de 1714. 62 Her\u00admanas trabajan al servicio de los enfermos.<\/li>\n<li>Hospital de San Luis, en la calle Strzelecka, a partir de 1876. (11 Her\u00admanas).<\/li>\n<li>Hospital General de Biala, a partir de 1906 (13 Hermanas).<\/li>\n<li>Hospital General de Nowy Sacz, a partir de 1895 (10 Hermanas). 6&#8243; Hospital General de Tarnow, a partir de 1897 (12 Hermanas).<\/li>\n<li>Hospital General de Zywiec, a partir de 1888 (9 Hermanas).<\/li>\n<\/ul>\n<p>Este cuadro de las diferentes obras de la Compa\u00f1\u00eda de las Hijas de la Caridad en la Provincia de Cracovia, muestra que esta acci\u00f3n caritativa se extiende a los Pobres de todas las edades y torna en consideraci\u00f3n todas las necesidades del momento. En esto reside la autenticidad del cristianismo y esta acci\u00f3n caritativa es reconocida por la teolog\u00eda pastoral contempor\u00e1nea como una de las principales funciones de la Iglesia.<\/p>\n<p>Y esto no es m\u00e1s que un ejemplo, el de la ciudad del Papa, pero, junto a otros documentos de archivo, permite suponer que el movimiento vicenciano ha formado y \u00abcristalizado\u00bb el modelo de catolicismo polaco.<\/p>\n","protected":false},"excerpt":{"rendered":"<p>Mi prop\u00f3sito es resumir muy brevemente el desarrollo de la Compa\u00f1\u00eda de las Hijas de la Caridad en el territorio de Cracovia, y precisar los dife\u00adrentes campos en que ejerci\u00f3 su acci\u00f3n. Y esto, partiendo &#8230; <a href=\"https:\/\/vincentians.com\/es\/el-desarrollo-de-la-compania-de-las-hijas-de-la-caridad-en-cracovia\/\" class=\"more-link\">Read More<\/a><\/p>\n","protected":false},"author":5,"featured_media":46844,"comment_status":"open","ping_status":"open","sticky":false,"template":"","format":"standard","meta":{"jetpack_post_was_ever_published":false,"_jetpack_newsletter_access":"","_jetpack_dont_email_post_to_subs":false,"_jetpack_newsletter_tier_id":0,"_jetpack_memberships_contains_paywalled_content":false,"_jetpack_memberships_contains_paid_content":false,"footnotes":"","jetpack_publicize_message":"","jetpack_publicize_feature_enabled":true,"jetpack_social_post_already_shared":true,"jetpack_social_options":{"image_generator_settings":{"template":"highway","default_image_id":0,"font":"","enabled":false},"version":2}},"categories":[199,237],"tags":[143],"class_list":["post-46843","post","type-post","status-publish","format-standard","has-post-thumbnail","hentry","category-hijas-de-la-caridad","category-historia-de-las-hijas-de-la-caridad","tag-san-lazaro"],"yoast_head":"<!-- This site is optimized with the Yoast SEO plugin v26.3 - https:\/\/yoast.com\/wordpress\/plugins\/seo\/ -->\n<title>El desarrollo de la Compa\u00f1\u00eda de las Hijas de la Caridad en Cracovia - Somos Vicencianos<\/title>\n<meta name=\"robots\" content=\"index, follow, max-snippet:-1, max-image-preview:large, max-video-preview:-1\" \/>\n<link rel=\"canonical\" href=\"https:\/\/vincentians.com\/es\/el-desarrollo-de-la-compania-de-las-hijas-de-la-caridad-en-cracovia\/\" \/>\n<meta property=\"og:locale\" content=\"es_ES\" \/>\n<meta property=\"og:type\" content=\"article\" \/>\n<meta property=\"og:title\" content=\"El desarrollo de la Compa\u00f1\u00eda de las Hijas de la Caridad en Cracovia - Somos Vicencianos\" \/>\n<meta property=\"og:description\" content=\"Mi prop\u00f3sito es resumir muy brevemente el desarrollo de la Compa\u00f1\u00eda de las Hijas de la Caridad en el territorio de Cracovia, y precisar los dife\u00adrentes campos en que ejerci\u00f3 su acci\u00f3n. Y esto, partiendo ... Read More\" \/>\n<meta property=\"og:url\" content=\"https:\/\/vincentians.com\/es\/el-desarrollo-de-la-compania-de-las-hijas-de-la-caridad-en-cracovia\/\" \/>\n<meta property=\"og:site_name\" content=\"Somos Vicencianos\" \/>\n<meta property=\"article:publisher\" content=\"https:\/\/www.facebook.com\/WeAreVincentians\/\" \/>\n<meta property=\"article:published_time\" content=\"2011-08-04T06:25:30+00:00\" \/>\n<meta property=\"article:modified_time\" content=\"2016-07-27T10:11:11+00:00\" \/>\n<meta name=\"author\" content=\"Mitxel Olabu\u00e9naga\" \/>\n<meta name=\"twitter:card\" content=\"summary_large_image\" \/>\n<meta name=\"twitter:creator\" content=\"@WeVincentians\" \/>\n<meta name=\"twitter:site\" content=\"@WeVincentians\" \/>\n<meta name=\"twitter:label1\" content=\"Escrito por\" \/>\n\t<meta name=\"twitter:data1\" content=\"Mitxel Olabu\u00e9naga\" \/>\n\t<meta name=\"twitter:label2\" content=\"Tiempo de lectura\" \/>\n\t<meta name=\"twitter:data2\" content=\"6 minutos\" \/>\n<script type=\"application\/ld+json\" class=\"yoast-schema-graph\">{\"@context\":\"https:\/\/schema.org\",\"@graph\":[{\"@type\":\"Article\",\"@id\":\"https:\/\/vincentians.com\/es\/el-desarrollo-de-la-compania-de-las-hijas-de-la-caridad-en-cracovia\/#article\",\"isPartOf\":{\"@id\":\"https:\/\/vincentians.com\/es\/el-desarrollo-de-la-compania-de-las-hijas-de-la-caridad-en-cracovia\/\"},\"author\":{\"name\":\"Mitxel Olabu\u00e9naga\",\"@id\":\"http:\/\/vincentians.com\/es\/#\/schema\/person\/7c2670b4445a7ca9d164ea6acdb31859\"},\"headline\":\"El desarrollo de la Compa\u00f1\u00eda de las Hijas de la Caridad en Cracovia\",\"datePublished\":\"2011-08-04T06:25:30+00:00\",\"dateModified\":\"2016-07-27T10:11:11+00:00\",\"mainEntityOfPage\":{\"@id\":\"https:\/\/vincentians.com\/es\/el-desarrollo-de-la-compania-de-las-hijas-de-la-caridad-en-cracovia\/\"},\"wordCount\":1275,\"commentCount\":0,\"publisher\":{\"@id\":\"http:\/\/vincentians.com\/es\/#organization\"},\"image\":{\"@id\":\"https:\/\/vincentians.com\/es\/el-desarrollo-de-la-compania-de-las-hijas-de-la-caridad-en-cracovia\/#primaryimage\"},\"thumbnailUrl\":\"\",\"keywords\":[\"San L\u00e1zaro\"],\"articleSection\":[\"Hijas de la Caridad\",\"Historia de las Hijas de la Caridad\"],\"inLanguage\":\"es\",\"potentialAction\":[{\"@type\":\"CommentAction\",\"name\":\"Comment\",\"target\":[\"https:\/\/vincentians.com\/es\/el-desarrollo-de-la-compania-de-las-hijas-de-la-caridad-en-cracovia\/#respond\"]}]},{\"@type\":\"WebPage\",\"@id\":\"https:\/\/vincentians.com\/es\/el-desarrollo-de-la-compania-de-las-hijas-de-la-caridad-en-cracovia\/\",\"url\":\"https:\/\/vincentians.com\/es\/el-desarrollo-de-la-compania-de-las-hijas-de-la-caridad-en-cracovia\/\",\"name\":\"El desarrollo de la Compa\u00f1\u00eda de las Hijas de la Caridad en Cracovia - Somos Vicencianos\",\"isPartOf\":{\"@id\":\"http:\/\/vincentians.com\/es\/#website\"},\"primaryImageOfPage\":{\"@id\":\"https:\/\/vincentians.com\/es\/el-desarrollo-de-la-compania-de-las-hijas-de-la-caridad-en-cracovia\/#primaryimage\"},\"image\":{\"@id\":\"https:\/\/vincentians.com\/es\/el-desarrollo-de-la-compania-de-las-hijas-de-la-caridad-en-cracovia\/#primaryimage\"},\"thumbnailUrl\":\"\",\"datePublished\":\"2011-08-04T06:25:30+00:00\",\"dateModified\":\"2016-07-27T10:11:11+00:00\",\"breadcrumb\":{\"@id\":\"https:\/\/vincentians.com\/es\/el-desarrollo-de-la-compania-de-las-hijas-de-la-caridad-en-cracovia\/#breadcrumb\"},\"inLanguage\":\"es\",\"potentialAction\":[{\"@type\":\"ReadAction\",\"target\":[\"https:\/\/vincentians.com\/es\/el-desarrollo-de-la-compania-de-las-hijas-de-la-caridad-en-cracovia\/\"]}]},{\"@type\":\"ImageObject\",\"inLanguage\":\"es\",\"@id\":\"https:\/\/vincentians.com\/es\/el-desarrollo-de-la-compania-de-las-hijas-de-la-caridad-en-cracovia\/#primaryimage\",\"url\":\"\",\"contentUrl\":\"\"},{\"@type\":\"BreadcrumbList\",\"@id\":\"https:\/\/vincentians.com\/es\/el-desarrollo-de-la-compania-de-las-hijas-de-la-caridad-en-cracovia\/#breadcrumb\",\"itemListElement\":[{\"@type\":\"ListItem\",\"position\":1,\"name\":\"Portada\",\"item\":\"http:\/\/vincentians.com\/es\/\"},{\"@type\":\"ListItem\",\"position\":2,\"name\":\"El desarrollo de la Compa\u00f1\u00eda de las Hijas de la Caridad en Cracovia\"}]},{\"@type\":\"WebSite\",\"@id\":\"http:\/\/vincentians.com\/es\/#website\",\"url\":\"http:\/\/vincentians.com\/es\/\",\"name\":\"Somos Vicencianos\",\"description\":\"Know more to serve more\",\"publisher\":{\"@id\":\"http:\/\/vincentians.com\/es\/#organization\"},\"potentialAction\":[{\"@type\":\"SearchAction\",\"target\":{\"@type\":\"EntryPoint\",\"urlTemplate\":\"http:\/\/vincentians.com\/es\/?s={search_term_string}\"},\"query-input\":{\"@type\":\"PropertyValueSpecification\",\"valueRequired\":true,\"valueName\":\"search_term_string\"}}],\"inLanguage\":\"es\"},{\"@type\":\"Organization\",\"@id\":\"http:\/\/vincentians.com\/es\/#organization\",\"name\":\"The Vincentian Network\",\"url\":\"http:\/\/vincentians.com\/es\/\",\"logo\":{\"@type\":\"ImageObject\",\"inLanguage\":\"es\",\"@id\":\"http:\/\/vincentians.com\/es\/#\/schema\/logo\/image\/\",\"url\":\"https:\/\/i1.wp.com\/vincentians.com\/es\/wp-content\/uploads\/sites\/11\/2016\/06\/Vincentian-Network-logo-big.png?fit=778%2C778\",\"contentUrl\":\"https:\/\/i1.wp.com\/vincentians.com\/es\/wp-content\/uploads\/sites\/11\/2016\/06\/Vincentian-Network-logo-big.png?fit=778%2C778\",\"width\":778,\"height\":778,\"caption\":\"The Vincentian Network\"},\"image\":{\"@id\":\"http:\/\/vincentians.com\/es\/#\/schema\/logo\/image\/\"},\"sameAs\":[\"https:\/\/www.facebook.com\/WeAreVincentians\/\",\"https:\/\/x.com\/WeVincentians\"]},{\"@type\":\"Person\",\"@id\":\"http:\/\/vincentians.com\/es\/#\/schema\/person\/7c2670b4445a7ca9d164ea6acdb31859\",\"name\":\"Mitxel Olabu\u00e9naga\",\"image\":{\"@type\":\"ImageObject\",\"inLanguage\":\"es\",\"@id\":\"http:\/\/vincentians.com\/es\/#\/schema\/person\/image\/\",\"url\":\"https:\/\/secure.gravatar.com\/avatar\/34137ec2e2b8939cbbed975731e71f3f4f1defc7266ded337a5ce0f925426877?s=96&d=mm&r=g\",\"contentUrl\":\"https:\/\/secure.gravatar.com\/avatar\/34137ec2e2b8939cbbed975731e71f3f4f1defc7266ded337a5ce0f925426877?s=96&d=mm&r=g\",\"caption\":\"Mitxel Olabu\u00e9naga\"},\"url\":\"https:\/\/vincentians.com\/es\/author\/mitxel\/\"}]}<\/script>\n<!-- \/ Yoast SEO plugin. -->","yoast_head_json":{"title":"El desarrollo de la Compa\u00f1\u00eda de las Hijas de la Caridad en Cracovia - Somos Vicencianos","robots":{"index":"index","follow":"follow","max-snippet":"max-snippet:-1","max-image-preview":"max-image-preview:large","max-video-preview":"max-video-preview:-1"},"canonical":"https:\/\/vincentians.com\/es\/el-desarrollo-de-la-compania-de-las-hijas-de-la-caridad-en-cracovia\/","og_locale":"es_ES","og_type":"article","og_title":"El desarrollo de la Compa\u00f1\u00eda de las Hijas de la Caridad en Cracovia - Somos Vicencianos","og_description":"Mi prop\u00f3sito es resumir muy brevemente el desarrollo de la Compa\u00f1\u00eda de las Hijas de la Caridad en el territorio de Cracovia, y precisar los dife\u00adrentes campos en que ejerci\u00f3 su acci\u00f3n. Y esto, partiendo ... Read More","og_url":"https:\/\/vincentians.com\/es\/el-desarrollo-de-la-compania-de-las-hijas-de-la-caridad-en-cracovia\/","og_site_name":"Somos Vicencianos","article_publisher":"https:\/\/www.facebook.com\/WeAreVincentians\/","article_published_time":"2011-08-04T06:25:30+00:00","article_modified_time":"2016-07-27T10:11:11+00:00","author":"Mitxel Olabu\u00e9naga","twitter_card":"summary_large_image","twitter_creator":"@WeVincentians","twitter_site":"@WeVincentians","twitter_misc":{"Escrito por":"Mitxel Olabu\u00e9naga","Tiempo de lectura":"6 minutos"},"schema":{"@context":"https:\/\/schema.org","@graph":[{"@type":"Article","@id":"https:\/\/vincentians.com\/es\/el-desarrollo-de-la-compania-de-las-hijas-de-la-caridad-en-cracovia\/#article","isPartOf":{"@id":"https:\/\/vincentians.com\/es\/el-desarrollo-de-la-compania-de-las-hijas-de-la-caridad-en-cracovia\/"},"author":{"name":"Mitxel Olabu\u00e9naga","@id":"http:\/\/vincentians.com\/es\/#\/schema\/person\/7c2670b4445a7ca9d164ea6acdb31859"},"headline":"El desarrollo de la Compa\u00f1\u00eda de las Hijas de la Caridad en Cracovia","datePublished":"2011-08-04T06:25:30+00:00","dateModified":"2016-07-27T10:11:11+00:00","mainEntityOfPage":{"@id":"https:\/\/vincentians.com\/es\/el-desarrollo-de-la-compania-de-las-hijas-de-la-caridad-en-cracovia\/"},"wordCount":1275,"commentCount":0,"publisher":{"@id":"http:\/\/vincentians.com\/es\/#organization"},"image":{"@id":"https:\/\/vincentians.com\/es\/el-desarrollo-de-la-compania-de-las-hijas-de-la-caridad-en-cracovia\/#primaryimage"},"thumbnailUrl":"","keywords":["San L\u00e1zaro"],"articleSection":["Hijas de la Caridad","Historia de las Hijas de la Caridad"],"inLanguage":"es","potentialAction":[{"@type":"CommentAction","name":"Comment","target":["https:\/\/vincentians.com\/es\/el-desarrollo-de-la-compania-de-las-hijas-de-la-caridad-en-cracovia\/#respond"]}]},{"@type":"WebPage","@id":"https:\/\/vincentians.com\/es\/el-desarrollo-de-la-compania-de-las-hijas-de-la-caridad-en-cracovia\/","url":"https:\/\/vincentians.com\/es\/el-desarrollo-de-la-compania-de-las-hijas-de-la-caridad-en-cracovia\/","name":"El desarrollo de la Compa\u00f1\u00eda de las Hijas de la Caridad en Cracovia - Somos Vicencianos","isPartOf":{"@id":"http:\/\/vincentians.com\/es\/#website"},"primaryImageOfPage":{"@id":"https:\/\/vincentians.com\/es\/el-desarrollo-de-la-compania-de-las-hijas-de-la-caridad-en-cracovia\/#primaryimage"},"image":{"@id":"https:\/\/vincentians.com\/es\/el-desarrollo-de-la-compania-de-las-hijas-de-la-caridad-en-cracovia\/#primaryimage"},"thumbnailUrl":"","datePublished":"2011-08-04T06:25:30+00:00","dateModified":"2016-07-27T10:11:11+00:00","breadcrumb":{"@id":"https:\/\/vincentians.com\/es\/el-desarrollo-de-la-compania-de-las-hijas-de-la-caridad-en-cracovia\/#breadcrumb"},"inLanguage":"es","potentialAction":[{"@type":"ReadAction","target":["https:\/\/vincentians.com\/es\/el-desarrollo-de-la-compania-de-las-hijas-de-la-caridad-en-cracovia\/"]}]},{"@type":"ImageObject","inLanguage":"es","@id":"https:\/\/vincentians.com\/es\/el-desarrollo-de-la-compania-de-las-hijas-de-la-caridad-en-cracovia\/#primaryimage","url":"","contentUrl":""},{"@type":"BreadcrumbList","@id":"https:\/\/vincentians.com\/es\/el-desarrollo-de-la-compania-de-las-hijas-de-la-caridad-en-cracovia\/#breadcrumb","itemListElement":[{"@type":"ListItem","position":1,"name":"Portada","item":"http:\/\/vincentians.com\/es\/"},{"@type":"ListItem","position":2,"name":"El desarrollo de la Compa\u00f1\u00eda de las Hijas de la Caridad en Cracovia"}]},{"@type":"WebSite","@id":"http:\/\/vincentians.com\/es\/#website","url":"http:\/\/vincentians.com\/es\/","name":"Somos Vicencianos","description":"Know more to serve more","publisher":{"@id":"http:\/\/vincentians.com\/es\/#organization"},"potentialAction":[{"@type":"SearchAction","target":{"@type":"EntryPoint","urlTemplate":"http:\/\/vincentians.com\/es\/?s={search_term_string}"},"query-input":{"@type":"PropertyValueSpecification","valueRequired":true,"valueName":"search_term_string"}}],"inLanguage":"es"},{"@type":"Organization","@id":"http:\/\/vincentians.com\/es\/#organization","name":"The Vincentian Network","url":"http:\/\/vincentians.com\/es\/","logo":{"@type":"ImageObject","inLanguage":"es","@id":"http:\/\/vincentians.com\/es\/#\/schema\/logo\/image\/","url":"https:\/\/i1.wp.com\/vincentians.com\/es\/wp-content\/uploads\/sites\/11\/2016\/06\/Vincentian-Network-logo-big.png?fit=778%2C778","contentUrl":"https:\/\/i1.wp.com\/vincentians.com\/es\/wp-content\/uploads\/sites\/11\/2016\/06\/Vincentian-Network-logo-big.png?fit=778%2C778","width":778,"height":778,"caption":"The Vincentian Network"},"image":{"@id":"http:\/\/vincentians.com\/es\/#\/schema\/logo\/image\/"},"sameAs":["https:\/\/www.facebook.com\/WeAreVincentians\/","https:\/\/x.com\/WeVincentians"]},{"@type":"Person","@id":"http:\/\/vincentians.com\/es\/#\/schema\/person\/7c2670b4445a7ca9d164ea6acdb31859","name":"Mitxel Olabu\u00e9naga","image":{"@type":"ImageObject","inLanguage":"es","@id":"http:\/\/vincentians.com\/es\/#\/schema\/person\/image\/","url":"https:\/\/secure.gravatar.com\/avatar\/34137ec2e2b8939cbbed975731e71f3f4f1defc7266ded337a5ce0f925426877?s=96&d=mm&r=g","contentUrl":"https:\/\/secure.gravatar.com\/avatar\/34137ec2e2b8939cbbed975731e71f3f4f1defc7266ded337a5ce0f925426877?s=96&d=mm&r=g","caption":"Mitxel Olabu\u00e9naga"},"url":"https:\/\/vincentians.com\/es\/author\/mitxel\/"}]}},"jetpack_publicize_connections":[],"jetpack_featured_media_url":"","jetpack_sharing_enabled":true,"jetpack_shortlink":"https:\/\/wp.me\/p7ETMF-cbx","jetpack-related-posts":[{"id":125989,"url":"https:\/\/vincentians.com\/es\/alekxander-usowicz-cm-1912-2002\/","url_meta":{"origin":46843,"position":0},"title":"Alekxander Usowicz","author":"Mitxel Olabu\u00e9naga","date":"03\/12\/2013","format":false,"excerpt":"En uno de sus art\u00edculos, \"Leyenda Dorada y Realidad\", el P. Aleksander Usowicz, mientras meditaba sobre la relaci\u00f3n entre la carga m\u00edtica que supone la leyenda y la realidad fundada en hechos, escribi\u00f3: \"la poes\u00eda puede resultar m\u00e1s filos\u00f3fica y mucho m\u00e1s cargada de significaci\u00f3n que el relato hist\u00f3rico\". Una\u2026","rel":"","context":"En \u00abBiograf\u00edas de Misioneros Pa\u00fales\u00bb","block_context":{"text":"Biograf\u00edas de Misioneros Pa\u00fales","link":"https:\/\/vincentians.com\/es\/category\/la-familia-vicenciana\/biografias-vicencianas\/biografias-de-misioneros-paules\/"},"img":{"alt_text":"","src":"https:\/\/i0.wp.com\/vincentians.com\/es\/wp-content\/uploads\/sites\/11\/2016\/07\/bio-cm.jpg?fit=1200%2C630&ssl=1&resize=350%2C200","width":350,"height":200,"srcset":"https:\/\/i0.wp.com\/vincentians.com\/es\/wp-content\/uploads\/sites\/11\/2016\/07\/bio-cm.jpg?fit=1200%2C630&ssl=1&resize=350%2C200 1x, https:\/\/i0.wp.com\/vincentians.com\/es\/wp-content\/uploads\/sites\/11\/2016\/07\/bio-cm.jpg?fit=1200%2C630&ssl=1&resize=525%2C300 1.5x, https:\/\/i0.wp.com\/vincentians.com\/es\/wp-content\/uploads\/sites\/11\/2016\/07\/bio-cm.jpg?fit=1200%2C630&ssl=1&resize=700%2C400 2x, https:\/\/i0.wp.com\/vincentians.com\/es\/wp-content\/uploads\/sites\/11\/2016\/07\/bio-cm.jpg?fit=1200%2C630&ssl=1&resize=1050%2C600 3x"},"classes":[]},{"id":399977,"url":"https:\/\/vincentians.com\/es\/espiritu-vicenciano-e-identidad\/","url_meta":{"origin":46843,"position":1},"title":"Esp\u00edritu vicenciano e identidad","author":"Francisco Javier Fern\u00e1ndez Chento","date":"11\/09\/2016","format":false,"excerpt":"Introducci\u00f3n Al comenzar esta reflexi\u00f3n viene a mi mente la memoria de un he\u00adcho notorio en mi vida: la expedici\u00f3n de mi carnet de identidad. Ten\u00eda 16 a\u00f1os. Mi estatura era casi la actual. Los rasgos de mi personalidad, tipo y aspecto exterior estaban ya bastante perfilados... La mayor\u00eda de\u2026","rel":"","context":"En \u00abEspiritualidad vicenciana\u00bb","block_context":{"text":"Espiritualidad vicenciana","link":"https:\/\/vincentians.com\/es\/category\/espiritualidad\/espiritualidad-vicenciana\/"},"img":{"alt_text":"","src":"https:\/\/i0.wp.com\/vincentians.com\/es\/wp-content\/uploads\/sites\/11\/2016\/09\/identidad.jpg?fit=1200%2C630&ssl=1&resize=350%2C200","width":350,"height":200,"srcset":"https:\/\/i0.wp.com\/vincentians.com\/es\/wp-content\/uploads\/sites\/11\/2016\/09\/identidad.jpg?fit=1200%2C630&ssl=1&resize=350%2C200 1x, https:\/\/i0.wp.com\/vincentians.com\/es\/wp-content\/uploads\/sites\/11\/2016\/09\/identidad.jpg?fit=1200%2C630&ssl=1&resize=525%2C300 1.5x, https:\/\/i0.wp.com\/vincentians.com\/es\/wp-content\/uploads\/sites\/11\/2016\/09\/identidad.jpg?fit=1200%2C630&ssl=1&resize=700%2C400 2x, https:\/\/i0.wp.com\/vincentians.com\/es\/wp-content\/uploads\/sites\/11\/2016\/09\/identidad.jpg?fit=1200%2C630&ssl=1&resize=1050%2C600 3x"},"classes":[]},{"id":140543,"url":"https:\/\/vincentians.com\/es\/el-hno-letus-delorme-1625-1702\/","url_meta":{"origin":46843,"position":2},"title":"El Hno. Letus Delorme (1625-1702)","author":"Mitxel Olabu\u00e9naga","date":"09\/03\/2015","format":false,"excerpt":"Inclinada la cabeza bajo el peso del dolor, qued\u00f3 ilumi\u00adnado por la tenue luz de un sencillo candelero; la t\u00edmida llama extiende sus rayos para acariciar la nieve que han ido dejan\u00addo los inviernos de las preocupaciones en la vida de este hom\u00adbre admirable, y luego baja respetuosa para mirarse\u2026","rel":"","context":"En \u00abBiograf\u00edas de Misioneros Pa\u00fales\u00bb","block_context":{"text":"Biograf\u00edas de Misioneros Pa\u00fales","link":"https:\/\/vincentians.com\/es\/category\/la-familia-vicenciana\/biografias-vicencianas\/biografias-de-misioneros-paules\/"},"img":{"alt_text":"","src":"https:\/\/i0.wp.com\/vincentians.com\/es\/wp-content\/uploads\/sites\/11\/2016\/07\/bio-cm.jpg?fit=1200%2C630&ssl=1&resize=350%2C200","width":350,"height":200,"srcset":"https:\/\/i0.wp.com\/vincentians.com\/es\/wp-content\/uploads\/sites\/11\/2016\/07\/bio-cm.jpg?fit=1200%2C630&ssl=1&resize=350%2C200 1x, https:\/\/i0.wp.com\/vincentians.com\/es\/wp-content\/uploads\/sites\/11\/2016\/07\/bio-cm.jpg?fit=1200%2C630&ssl=1&resize=525%2C300 1.5x, https:\/\/i0.wp.com\/vincentians.com\/es\/wp-content\/uploads\/sites\/11\/2016\/07\/bio-cm.jpg?fit=1200%2C630&ssl=1&resize=700%2C400 2x, https:\/\/i0.wp.com\/vincentians.com\/es\/wp-content\/uploads\/sites\/11\/2016\/07\/bio-cm.jpg?fit=1200%2C630&ssl=1&resize=1050%2C600 3x"},"classes":[]},{"id":118024,"url":"https:\/\/vincentians.com\/es\/estampa-en-el-dia-del-cambio-de-habito-1964\/","url_meta":{"origin":46843,"position":3},"title":"Estampa en el d\u00eda del cambio de h\u00e1bito (1964)","author":"Mitxel Olabu\u00e9naga","date":"28\/02\/2013","format":false,"excerpt":"El d\u00eda 20 de septiembre el M. R. P. General envi\u00f3 a todas y cada una de las Hijas de la Caridad una preciosa estampa-fotograf\u00eda de la fachada de la catedral de Estrasburgo y el lema \"Congregavit nos in unum Christi amor\", con un breve mensaje que, traducido al castellano,\u2026","rel":"","context":"En \u00abHistoria de las Hijas de la Caridad\u00bb","block_context":{"text":"Historia de las Hijas de la Caridad","link":"https:\/\/vincentians.com\/es\/category\/historia-de-la-familia-vicenciana\/historia-de-las-hijas-de-la-caridad\/"},"img":{"alt_text":"sor_lorenza_diaz_bolanos","src":"https:\/\/i0.wp.com\/vicencianos.org\/wp-content\/2013\/01\/sor_lorenza_diaz_bolanos.jpg?resize=350%2C200","width":350,"height":200},"classes":[]},{"id":119636,"url":"https:\/\/vincentians.com\/es\/identidad-de-la-compania-de-las-hijas-de-la-caridad\/","url_meta":{"origin":46843,"position":4},"title":"Identidad de la Compa\u00f1\u00eda de las Hijas de la Caridad","author":"Francisco Javier Fern\u00e1ndez Chento","date":"29\/11\/2022","format":false,"excerpt":"Introducci\u00f3n San Vicente estaba convencido de que, con la fundaci\u00f3n de la Compa\u00f1\u00eda de las Hijas de la Caridad, Dios hab\u00eda suscitado algo nuevo en la Iglesia. Y esa novedad no estaba s\u00f3lo en el fin de la Compa\u00f1\u00eda (servir a Cristo en los pobres); ni tampoco en el estilo\u2026","rel":"","context":"En \u00abHijas de la Caridad\u00bb","block_context":{"text":"Hijas de la Caridad","link":"https:\/\/vincentians.com\/es\/category\/la-familia-vicenciana\/ramas\/hijas-de-la-caridad\/"},"img":{"alt_text":"","src":"https:\/\/i0.wp.com\/vincentians.com\/es\/wp-content\/uploads\/sites\/11\/2013\/04\/Hijas-de-la-Caridad.jpg?fit=400%2C300&ssl=1&resize=350%2C200","width":350,"height":200},"classes":[]},{"id":143274,"url":"https:\/\/vincentians.com\/es\/la-hija-de-la-caridad-docente-segun-san-vicente\/","url_meta":{"origin":46843,"position":5},"title":"La Hija de la Caridad docente, seg\u00fan san Vicente","author":"Francisco Javier Fern\u00e1ndez Chento","date":"17\/04\/2015","format":false,"excerpt":"Antes de reflexionar sobre el tema \u201cLa Hija de la Caridad docente\u201d, convendr\u00eda evocar la experiencia de estudiante y de docente de san Vicente, al menos por dos razones: Vicente de Pa\u00fal siempre dio una importancia capital a la experiencia; y todo lo que vivi\u00f3 como estudiante, luego como docente,\u2026","rel":"","context":"En \u00abHijas de la Caridad\u00bb","block_context":{"text":"Hijas de la Caridad","link":"https:\/\/vincentians.com\/es\/category\/la-familia-vicenciana\/ramas\/hijas-de-la-caridad\/"},"img":{"alt_text":"cochoapa+practica+prof+108","src":"https:\/\/i0.wp.com\/vicencianos.org\/wp-content\/2015\/04\/cochoapa-practica-prof-108-300x225.jpg?resize=350%2C200","width":350,"height":200},"classes":[]}],"_links":{"self":[{"href":"https:\/\/vincentians.com\/es\/wp-json\/wp\/v2\/posts\/46843","targetHints":{"allow":["GET"]}}],"collection":[{"href":"https:\/\/vincentians.com\/es\/wp-json\/wp\/v2\/posts"}],"about":[{"href":"https:\/\/vincentians.com\/es\/wp-json\/wp\/v2\/types\/post"}],"author":[{"embeddable":true,"href":"https:\/\/vincentians.com\/es\/wp-json\/wp\/v2\/users\/5"}],"replies":[{"embeddable":true,"href":"https:\/\/vincentians.com\/es\/wp-json\/wp\/v2\/comments?post=46843"}],"version-history":[{"count":0,"href":"https:\/\/vincentians.com\/es\/wp-json\/wp\/v2\/posts\/46843\/revisions"}],"wp:featuredmedia":[{"embeddable":true,"href":"https:\/\/vincentians.com\/es\/wp-json\/"}],"wp:attachment":[{"href":"https:\/\/vincentians.com\/es\/wp-json\/wp\/v2\/media?parent=46843"}],"wp:term":[{"taxonomy":"category","embeddable":true,"href":"https:\/\/vincentians.com\/es\/wp-json\/wp\/v2\/categories?post=46843"},{"taxonomy":"post_tag","embeddable":true,"href":"https:\/\/vincentians.com\/es\/wp-json\/wp\/v2\/tags?post=46843"}],"curies":[{"name":"wp","href":"https:\/\/api.w.org\/{rel}","templated":true}]}}