{"id":46114,"date":"2011-07-17T08:17:40","date_gmt":"2011-07-17T06:17:40","guid":{"rendered":"http:\/\/somos.vicencianos.org\/blog\/2011\/07\/asamblea-general-c-m-1992-lineas-de-accion-para-la-congregacion-de-la-mision-1986-1992\/"},"modified":"2011-07-17T08:17:40","modified_gmt":"2011-07-17T06:17:40","slug":"asamblea-general-c-m-1992-lineas-de-accion","status":"publish","type":"post","link":"https:\/\/vincentians.com\/es\/asamblea-general-c-m-1992-lineas-de-accion\/","title":{"rendered":"Asamblea General C.M. (1992). L\u00edneas de acci\u00f3n"},"content":{"rendered":"<p><strong><a href=\"https:\/\/i0.wp.com\/vicencianos.org\/wp-content\/2011\/04\/logocm.jpg\"><img data-recalc-dims=\"1\" loading=\"lazy\" decoding=\"async\" class=\"alignright size-medium wp-image-34848\" title=\"logocm\" src=\"https:\/\/i0.wp.com\/vicencianos.org\/wp-content\/2011\/04\/logocm-237x300.jpg?resize=237%2C300\" alt=\"\" width=\"237\" height=\"300\" \/><\/a><\/strong><\/p>\n<p>Queridos Cohermanos:<\/p>\n<p>La gracia de Nuestro Se\u00f1or Jesucristo sea siempre con vosotros.<\/p>\n<p>En la festividad de los Ap\u00f3stoles Pedro y Pablo, concelebramos la Eucar\u00edstia en la que el R. P. McCullen Superior General, nos invit\u00f3 a asumir con fidelidad y audacia evang\u00e9licas los cambios que nos incitan a ser hombres nuevos y comunidades<\/p>\n<p>renovadas para la Nueva Evangelizaci\u00f3n de los a\u00f1os 90. Al final de esta Asamblea, nos gustar\u00eda daros a conocer lo que hemos vivido entre nosotros y haceros part\u00edcipes de nuestra esperanza y de nuestro gozo.<\/p>\n<p>Despu\u00e9s de una jornada de reflexi\u00f3n, animada por el padre Sarneel, hemos dado a la Congregaci\u00f3n un nuevo Superior General, el P. Robert Maloney, a quien acompa\u00f1ar\u00e1 un nuevo Consejo, compuesto por el P. Jos\u00e9 Ignacio Fern\u00e1ndez de Mendoza, Vicario General, y los padres Lauro Pal\u00fa, Victor Bieler e Italo Zedde.<\/p>\n<p>La Asamblea era ante todo pastoral. Su finalidad era la de promover la vida misionera de la Congregaci\u00f3n y la vocaci\u00f3n de los cohermanos. \u00abDej\u00e1os transformar por la renovaci\u00f3n de vuestro esp\u00edritu\u00bb (Rom 12, 2), nos dec\u00edan las palabras que hab\u00edan de guiar su desarrollo.<\/p>\n<p>La experiencia deb\u00eda jugar, por lo tanto, un papel clave. La participaci\u00f3n de experiencias se realiz\u00f3 de diversas formas. Se desarroll\u00f3 en una atm\u00f3sfera fraterna y c\u00e1lida desde el comienzo y produjo frutos abundantes a lo largo lelos intercambios cotidianos. Hemos escuchado con emoci\u00f3n los testimonios personales de los misioneros de Madagascar, de las Filipinas, de Filadelfia, de Colombia, del Per\u00fa, de Austria y de muchos otros, relativos a la evangelizaci\u00f3n, la conversi\u00f3n personal y la experiencia comunitaria. En algunos momentos de la Asamblea nos hemos dividido en grupos ling\u00fc\u00edsticos, regionales o por centros de inter\u00e9s. No hay duda de que ha sido en estos grupos donde hemos experimentado el sentido m\u00e1s fuerte de esta vida nueva, de su dinamismo y de su esperanza. A decir verdad, s\u00f3lo parcialmente hemos conseguido hacer de la \u00abexperiencia\u00bb la clave de la Asamblea. Porque hab\u00eda maneras diversas de entender la Asamblea entre las nuevas aspiraciones y las antiguas tradiciones.<\/p>\n<p>Tenemos que a\u00f1adir, sin embargo, que ha existido una gran fraternidad entre los misioneros, un soplo y una esperanza como congregaci\u00f3n internacional, y un gran celo para hablar de nuestra vocaci\u00f3n en el seguimiento de Cristo, evangelizador de los pobres. En la presentaci\u00f3n que nos hizo el P. Luigi Mezzadri, de la Provincia de Roma, pudimos escuchar particularmente la voz de San Vicente. Su conferencia estuvo seguida de un tiempo de oraci\u00f3n y de una invitaci\u00f3n a componer una oraci\u00f3n personal a partir de nuestra propia experiencia de San Vicente. M\u00e1s de veinte cohermanos compartieron su propia oraci\u00f3n con toda la Asamblea. Fue un momento de fe profunda y de oraci\u00f3n intensa. Ese d\u00eda San Vicente toc\u00f3 nuestro coraz\u00f3n misionero. Y tambi\u00e9n, con emoci\u00f3n, nos enteramos, como vosotros, de la enfermedad del Papa. No hemos podido tener un encuentro con \u00e9l, pero su pensamiento ha iluminado los trabajos de nuestra Nueva Evangelizaci\u00f3n.<\/p>\n<p>En nuestros trabajos hemos tomado conciencia de la nueva situaci\u00f3n del mundo, que est\u00e1 lleno de contradicciones pero tambi\u00e9n marcado por la gracia. Hemos tenido presentes las dimensiones geopol\u00edticas, econ\u00f3micas y espirituales de este mundo en trans formaci\u00f3n. Muchos de nosotros quedamos insatisfechos. No hemos llegado al fondo de estas cuestiones y puede ser, incluso, que no hayamos percibido suficientemente su importancia pr\u00e1ctica. Hemos visto y reconocido nuestras propias dificultades y l\u00edmites lo m\u00e1s sinceramente posible. Tal vez nuestro mayor dolor haya sido que, al tomar en serio nuestra renovaci\u00f3n, hayamos notado la falta de vocaciones, la edad media en aumento y el abandono de algunos misioneros, fen\u00f3meno sobre todo del hemisferio norte.<\/p>\n<p>Hemos reconocido, pues, nuestra debilidad. Pero no podemos quedamos mirando a San Vicente y decirle: \u00abMira c\u00f3mo estamos\u00bb, cuando sabemos que \u00e9l nos responde: \u00abDadme un hombre de oraci\u00f3n y ser\u00e1 capaz de todo\u00bb. Amamos ciertamente a nuestros hermanos, pero a nivel de Congregaci\u00f3n como tal, todav\u00eda no hemos llegado a ser una comunidad portadora de vida para el futuro. Sabemos que nos acercamos a los pobres. Pero es lo que decimos, no tal vez lo que los pobres dicen de nosotros, lo cual prueba que hay dificultades evidentes y que somos d\u00e9biles.<\/p>\n<p>Ahora bien, en la Asamblea ha habido esperanza. \u00bfDe d\u00f3nde nos ha venido? Del Esp\u00edritu Santo que nos da la fuerza en nuestra debilidad y una vida nueva en nuestro morir. S\u00ed, nos hemos dado cuenta de que el Esp\u00edritu Santo est\u00e1 con nosotros. Decimos esto con humildad, y no solamente para nosotros los que estamos en la Asamblea, sino tambi\u00e9n para todos vosotros que est\u00e1is presentes aqu\u00ed, a trav\u00e9s de nosotros. En efecto, en nuestra debilidad el Esp\u00edritu Santo nos infunde esperanza.<\/p>\n<p>\u00bfCu\u00e1les son los signos de esta esperanza? Primero, somos conscientes de ser una Congregaci\u00f3n misionera que desea de verdad seguir a Cristo, evangelizador de los pobres. Los polos de nuestra vocaci\u00f3n son Jesucristo y los pobres. Confiamos en que el Se\u00f1or Jes\u00fas permanezca presente y fiel a su Iglesia y a nosotros en su Iglesia (2 Cor 3\u00ad 4). En segundo lugar, reconocemos que las intuiciones y el carisma de San Vicente hoy son m\u00e1s v\u00e1lidos que nunca. Nos llama, nos interpela y nos empuja a la acci\u00f3n. En tercer lugar, tenemos conciencia de que no estamos solos en nuestra vocaci\u00f3n, sino que pertenecemos a una gran Familia Vicentina, constituida por las Hijas de la Caridad, por otras comunidades religiosas y por Laicos, igualmente marcados con el esp\u00edritu de San Vicente. En cuarto lugar, hemos percibido muy fuertemente en la Asamblea el dinamismo de las j\u00f3venes iglesias en Asia, en \u00c1frica, en Sudam\u00e9rica y la fe de las iglesias que salen del silencio en la Europa del Este, la valent\u00eda de los misioneros que viven en e mundo isl\u00e1mico y en las fronteras de la Iglesia en di\u00e1logo con los creyentes de otras religiones. Finalmente, hemos sentido la energ\u00eda, las iniciativas creadoras y la apertura a la conversi\u00f3n en las Provincias del Primer mundo.<\/p>\n<p>Ante nuestra debilidad, nuestros l\u00edmites, nuestra edad que avanza, confiamos en que el Se\u00f1or se servir\u00e1 de nosotros. San Vicente dec\u00eda: \u00abTres hacen m\u00e1s que diez, cuando Dios pone la mano\u00bb&#8230; Somos para \u00e9l y no para nosotros.<\/p>\n<p>Durante la Asamblea, una convicci\u00f3n nos llena profundamente: Las Constituciones y Estatutos nos muestran la ruta por donde debemos caminar. No podemos buscar otra alternativa. Reconocemos igualmente que la Congregaci\u00f3n se ha beneficiado con las \u00abL\u00edneas de Acci\u00f3n 1986-1992\u00bb en los \u00faltimos seis a\u00f1os y pensamos que continuar\u00e1n ayud\u00e1ndonos en nuestra vocaci\u00f3n y misi\u00f3n durante los pr\u00f3ximos seis a\u00f1os. En la misma l\u00ednea os recomendamos tambi\u00e9n la Carta de \u00abLos Visitadores al servicio de la Misi\u00f3n\u00bb (Encuentro de R\u00edo de Janeiro), y el documento de trabajo de esta Asamblea \u00abNueva Evangelizaci\u00f3n, Hombres nuevos, Comunidades renovadas\u00bb.<\/p>\n<h2><strong>Nueva evngelizaci\u00f3n<\/strong><\/h2>\n<p>Convocados para una Nueva Evangelizaci\u00f3n, renovaremos nuestras convicciones y nuestros compromisos para la misi\u00f3n.<\/p>\n<p>Ante un mundo que nos provoca y desconcierta con el progreso r\u00e1pido y profundo, pero tambi\u00e9n marcado por las injusticias, el indiferentismo religioso, el secularismo y el proselitismo de las sectas, la Iglesia convoca a la Congregaci\u00f3n de la Misi\u00f3n y a cada uno de sus miembros a participar en la tarea de la Nueva Evangelizaci\u00f3n: nuestra misi\u00f3n fundamental consistir\u00e1 en anunciar a Jesucristo, enviado al mundo por el Padre para proclamar la Buena Nueva de la salvaci\u00f3n a los pobres. Nuestra esperanza nos lleva a creer que seremos verdaderamente vicentinos en la evangelizaci\u00f3n de los pobres de hoy, si asumimos los compromisos siguientes:<\/p>\n<ol>\n<li>Recordando que el encuentro con el pobre fue un factor determinante en la vida de San Vicente, nos pondremos en contacto personal con los desheredados y abandonados de nuestra sociedad.<\/li>\n<li>En un mundo tan complejo como el nuestro, investigaremos y comprometeremos tambi\u00e9n a otros a estudiar las causas profundas de la pobreza \u00abpara promover soluciones, a corto y a largo plazo, concretas, flexibles y eficaces\u00bb.<\/li>\n<li>Privilegiaremos en nuestra formaci\u00f3n que demos al clero y a los laicos, una actitud de di\u00e1logo y colaboraci\u00f3n con los hombres de nuestro tiempo, a la luz de la doctrina social de la Iglesia, para fomentar con creatividad la solidaridad en favor de los pobres sedientos de liberaci\u00f3n y de felicidad.<\/li>\n<li>Toda nuestra acci\u00f3n pastoral tendr\u00e1 una dimensi\u00f3n claramente misionera, interes\u00e1ndonos por los m\u00e1s abandonados y alejados, animando la participaci\u00f3n efectiva de todos en la vida de la comunidad cristiana, y dispuestos a entregar a otros la obra cuando se considere cumplida nuestra misi\u00f3n.<\/li>\n<li>Impulsaremos la obra de las misiones populares y las misiones ad gentes, trabajando por la creaci\u00f3n, el crecimiento y la madurez de comunidades. cristianas, evangelizadas y evangelizadoras, que promuevan el desarrollo integral de las personas.<\/li>\n<li>Nuestra Congregaci\u00f3n se compromete a realizar por lo menos un proyecto misionero en el Este Europeo, como signo concreto de un esfuerzo comunitario aria nueva evangelizaci\u00f3n.<\/li>\n<\/ol>\n<h2><strong>Hombres nuevos<\/strong><\/h2>\n<p>Convocados para una Nueva Evangelizaci\u00f3n, queremos ser Hombres nuevos.<\/p>\n<p>Nos entregamos a Dios para evangelizar a los pobres. Tratando de identificamos con Cristo, evangelizador de los pobres, nos revestimos cada vez m\u00e1s de su Esp\u00edritu (S. V. XI, 34), y anunciamos a los pobres de hoy que el Reino de Dios est\u00e1 cerca y es para ellos (S. V. XII 80). Tenemos en la experiencia espiritual de San Vicente, en sus escritos, as\u00ed como en las Reglas comunes y en las Constituciones de la Congregaci\u00f3n, las fuentes generadoras de nuestro celo apost\u00f3lico. Estas son nuestras profundas convicciones.<\/p>\n<p>Estamos, en efecto, llenos de esperanza, porque creemos que con la gracia de Dios podemos llegar a ser hombres nuevos, frente a los retos de nuestro tiempo, influenciado por el activismo y el secularismo. Por eso nos proponemos:<\/p>\n<ol>\n<li>Que cada uno de nosotros reavive continuamente su amor y su fidelidad a la Iglesia y a la Comunidad, y se interese por la vida de la Congregaci\u00f3n.<\/li>\n<li>Que todos nosotros nos renovemos en la vida de oraci\u00f3n, alimentados con la Palabra de Dios, fieles a la hora de oraci\u00f3n diaria (Consts. 47, 1) y a la celebraci\u00f3n de la Eucarist\u00eda, culmen y fuente de nuestra actividad misionera.<\/li>\n<li>Que todos nos comprometamos a vivir, profundiz\u00e1ndolos, los consejos evang\u00e9licos y las cinco virtudes de sencillez, humildad, mansedumbre, mortificaci\u00f3n y celo. Busque cada Provincia la forma de traducir hoy d\u00eda estos consejos y virtudes, para inspirar las actitudes que exige la evangelizaci\u00f3n de los pobres.<\/li>\n<li>Que la Congregaci\u00f3n y cada Provincia se comprometan a elaborar, lo m\u00e1s pronto posible, proyectos de formaci\u00f3n permanente, que sean tambi\u00e9n caminos de conversi\u00f3n, de tal forma que ayuden a los misioneros a profundizar el carisma y la vocaci\u00f3n vicentina, y a acrecentar su nivel de competencia para la Nueva Evangelizaci\u00f3n.<\/li>\n<li>En fin, que en los retiros y encuentros comunitarios, siempre reservemos un espacio de tiempo para evaluar nuestra vida y nuestra acci\u00f3n misionera.<\/li>\n<\/ol>\n<h2><strong>Comunidades renovadas<\/strong><\/h2>\n<p>Convocados para una Nueva Evangelizaci\u00f3n, renovaremos nuestras comunidades para la Misi\u00f3n.<\/p>\n<p>La diversidad de situaciones en que viven nuestras comunidades, el car\u00e1cter internacional de algunas de ellas, en las misiones ad gentes sobre todo, la variedad de nuestras actividades misioneras, y a lo que se a\u00f1aden las diferencias de edad, de formaci\u00f3n y de mentalidad, constituyen ciertamente una riqueza, pero conlleva tambi\u00e9n la dispersi\u00f3n y el aislamiento.<\/p>\n<p>La esperanza, sin embargo, nos lleva a creer que nos renovamos en nuestro esp\u00edritu (Rom 12, 2) abriendo, como Congregaci\u00f3n y como Provincias, Caminos Nuevos que<\/p>\n<p>aviven con dinamismo, creatividad y sentido prof\u00e9tico nuestras comunidades (cf Const. 2 \u00abLos Visitadores al servicio de la misi\u00f3n\u00bb, n. 8).<\/p>\n<p>En el centro de nuestra vida espiritual misionera la Palabra de Dios nos interpela y nos anima a compartir sencilla y fraternalmente nuestras experiencias espirituales y apost\u00f3licas, como lo hizo San Vicente con los primeros misioneros (Const. 19).<\/p>\n<p>El amor del Padre por el Esp\u00edritu de su Hijo fundamenta la comunidad para la misi\u00f3n. As\u00ed pues:<\/p>\n<ol>\n<li>Viviremos como verdaderos amigos, con particular atenci\u00f3n a nuestros enfermos y ancianos, y ofreceremos generosamente hospitalidad a los pobres.<\/li>\n<li>Trataremos de inculturizarnos entre los pobres para hacer efectiva la solidaridad.<\/li>\n<li>Animados por el Superior, todos los misioneros son corresponsables del Proyecto Comunitario (Const. 27, Est. 16), que debe:<\/li>\n<ol>\n<li>equilibrar las exigencias de la vida comunitaria y del trabajo apost\u00f3lico;<\/li>\n<li>ayudar a acrecentar la conciencia de tener una misi\u00f3n com\u00fan.<\/li>\n<li>Este Proyecto ser\u00e1 elaborado, ejecutado y evaluado comunitariamente.<\/li>\n<\/ol>\n<li>La renovaci\u00f3n de las Comunidades exige tambi\u00e9n una formaci\u00f3n integral, inicial y permanente, de sus miembros, guiada por el principio de \u00abseguir a Cristo, evangelizador de los pobres\u00bb. De esta forma:<\/li>\n<ul>\n<li>Trataremos de elaborar un programa din\u00e1mico de formaci\u00f3n integral, del que ser\u00e1 responsable cada misionero.<\/li>\n<li>Se preparar\u00e1n cuidadosamente verdaderos animadores de comunidades vicentinas.<\/li>\n<\/ul>\n<li>En fin, como la Congregaci\u00f3n es universal por naturaleza y vocaci\u00f3n, la colaboraci\u00f3n interprovincial, real y estructurada, abarca todos los aspectos de su vida y debe tomar las formas siguientes:<\/li>\n<ul>\n<li>intercambios de misioneros y bienes;<\/li>\n<li>intercambios de informaciones y comunicaci\u00f3n de experiencias de la vida de las Provincias;<\/li>\n<li>formaci\u00f3n de equipos interprovinciales disponibles para misiones ocasionales o permanentes;<\/li>\n<li>casas de formaci\u00f3n o equipos de formadores nivel interprovincial;<\/li>\n<li>promoci\u00f3n de las Conferencias Regionales de Provincias, encuentros para la formaci\u00f3n y publicaciones.<\/li>\n<\/ul>\n<\/ol>\n<h2><strong>Conclusi\u00f3n<\/strong><\/h2>\n<p>Estos compromisos pueden parecer ambiciosos. Est\u00e1n hechos, a nuestro parecer, a la medida de nuestras pobrezas. Cuando somos pobres es cuando somos ricos, al amparo de la Providencia. \u00abSi Dios aumenta nuestro trabajo, \u00e9l aumentar\u00e1 tambi\u00e9n nuestra fuerza\u00bb. Esa es nuestra Esperanza.<\/p>\n<p>Nos dirigimos a Mar\u00eda \u00abEstrella de la Evangelizaci\u00f3n\u00bb, y como nos dice San Vicente. \u00abInvocando a la Virgen en las cosas importantes, es imposible que no marche todo bien y redunde para la gloria de Jes\u00fas, su Hijo\u00bb.<\/p>\n<p>San Vicente, a pesar de la edad y las enfermedades, se ofrec\u00eda voluntario para ira a las Indias. Atreveos a creer, hermanos, que la Congregaci\u00f3n de la Misi\u00f3n, a pesar de sus limitaciones, estar\u00e1 presta a compromisos renovados y audaces en la evangelizaci\u00f3n de los pobres&#8230; hasta los confines del mundo.<\/p>\n<p>En la fiesta de Santiago Ap\u00f3stol.<\/p>\n","protected":false},"excerpt":{"rendered":"<p>Queridos Cohermanos: La gracia de Nuestro Se\u00f1or Jesucristo sea siempre con vosotros. En la festividad de los Ap\u00f3stoles Pedro y Pablo, concelebramos la Eucar\u00edstia en la que el R. P. McCullen Superior General, nos invit\u00f3 &#8230; <a href=\"https:\/\/vincentians.com\/es\/asamblea-general-c-m-1992-lineas-de-accion\/\" class=\"more-link\">Read More<\/a><\/p>\n","protected":false},"author":4,"featured_media":34848,"comment_status":"open","ping_status":"open","sticky":false,"template":"","format":"standard","meta":{"jetpack_post_was_ever_published":false,"_jetpack_newsletter_access":"","_jetpack_dont_email_post_to_subs":false,"_jetpack_newsletter_tier_id":0,"_jetpack_memberships_contains_paywalled_content":false,"_jetpack_memberships_contains_paid_content":false,"footnotes":"","jetpack_publicize_message":"","jetpack_publicize_feature_enabled":true,"jetpack_social_post_already_shared":true,"jetpack_social_options":{"image_generator_settings":{"template":"highway","default_image_id":0,"font":"","enabled":false},"version":2}},"categories":[170],"tags":[176,172],"class_list":["post-46114","post","type-post","status-publish","format-standard","has-post-thumbnail","hentry","category-documentos-de-la-congregacion-de-la-mision","tag-misiones-populares","tag-pobreza"],"yoast_head":"<!-- This site is optimized with the Yoast SEO plugin v26.3 - https:\/\/yoast.com\/wordpress\/plugins\/seo\/ -->\n<title>Asamblea General C.M. (1992). L\u00edneas de acci\u00f3n - Somos Vicencianos<\/title>\n<meta name=\"robots\" content=\"index, follow, max-snippet:-1, max-image-preview:large, max-video-preview:-1\" \/>\n<link rel=\"canonical\" href=\"https:\/\/vincentians.com\/es\/asamblea-general-c-m-1992-lineas-de-accion\/\" \/>\n<meta property=\"og:locale\" content=\"es_ES\" \/>\n<meta property=\"og:type\" content=\"article\" \/>\n<meta property=\"og:title\" content=\"Asamblea General C.M. (1992). L\u00edneas de acci\u00f3n - Somos Vicencianos\" \/>\n<meta property=\"og:description\" content=\"Queridos Cohermanos: La gracia de Nuestro Se\u00f1or Jesucristo sea siempre con vosotros. En la festividad de los Ap\u00f3stoles Pedro y Pablo, concelebramos la Eucar\u00edstia en la que el R. P. McCullen Superior General, nos invit\u00f3 ... Read More\" \/>\n<meta property=\"og:url\" content=\"https:\/\/vincentians.com\/es\/asamblea-general-c-m-1992-lineas-de-accion\/\" \/>\n<meta property=\"og:site_name\" content=\"Somos Vicencianos\" \/>\n<meta property=\"article:publisher\" content=\"https:\/\/www.facebook.com\/WeAreVincentians\/\" \/>\n<meta property=\"article:author\" content=\"https:\/\/www.facebook.com\/JavierChento\" \/>\n<meta property=\"article:published_time\" content=\"2011-07-17T06:17:40+00:00\" \/>\n<meta name=\"author\" content=\"Francisco Javier Fern\u00e1ndez Chento\" \/>\n<meta name=\"twitter:card\" content=\"summary_large_image\" \/>\n<meta name=\"twitter:creator\" content=\"@https:\/\/twitter.com\/javierchento\" \/>\n<meta name=\"twitter:site\" content=\"@WeVincentians\" \/>\n<meta name=\"twitter:label1\" content=\"Escrito por\" \/>\n\t<meta name=\"twitter:data1\" content=\"Francisco Javier Fern\u00e1ndez Chento\" \/>\n\t<meta name=\"twitter:label2\" content=\"Tiempo de lectura\" \/>\n\t<meta name=\"twitter:data2\" content=\"12 minutos\" \/>\n<script type=\"application\/ld+json\" class=\"yoast-schema-graph\">{\"@context\":\"https:\/\/schema.org\",\"@graph\":[{\"@type\":\"Article\",\"@id\":\"https:\/\/vincentians.com\/es\/asamblea-general-c-m-1992-lineas-de-accion\/#article\",\"isPartOf\":{\"@id\":\"https:\/\/vincentians.com\/es\/asamblea-general-c-m-1992-lineas-de-accion\/\"},\"author\":{\"name\":\"Francisco Javier Fern\u00e1ndez Chento\",\"@id\":\"https:\/\/vincentians.com\/es\/#\/schema\/person\/9623ef4d9aa3b2dfb8c061f1499288f2\"},\"headline\":\"Asamblea General C.M. (1992). L\u00edneas de acci\u00f3n\",\"datePublished\":\"2011-07-17T06:17:40+00:00\",\"mainEntityOfPage\":{\"@id\":\"https:\/\/vincentians.com\/es\/asamblea-general-c-m-1992-lineas-de-accion\/\"},\"wordCount\":2502,\"commentCount\":0,\"publisher\":{\"@id\":\"https:\/\/vincentians.com\/es\/#organization\"},\"image\":{\"@id\":\"https:\/\/vincentians.com\/es\/asamblea-general-c-m-1992-lineas-de-accion\/#primaryimage\"},\"thumbnailUrl\":\"\",\"keywords\":[\"Misiones Populares\",\"Pobreza\"],\"articleSection\":[\"Documentos de la Congregaci\u00f3n de la Misi\u00f3n\"],\"inLanguage\":\"es\",\"potentialAction\":[{\"@type\":\"CommentAction\",\"name\":\"Comment\",\"target\":[\"https:\/\/vincentians.com\/es\/asamblea-general-c-m-1992-lineas-de-accion\/#respond\"]}]},{\"@type\":\"WebPage\",\"@id\":\"https:\/\/vincentians.com\/es\/asamblea-general-c-m-1992-lineas-de-accion\/\",\"url\":\"https:\/\/vincentians.com\/es\/asamblea-general-c-m-1992-lineas-de-accion\/\",\"name\":\"Asamblea General C.M. (1992). L\u00edneas de acci\u00f3n - Somos Vicencianos\",\"isPartOf\":{\"@id\":\"https:\/\/vincentians.com\/es\/#website\"},\"primaryImageOfPage\":{\"@id\":\"https:\/\/vincentians.com\/es\/asamblea-general-c-m-1992-lineas-de-accion\/#primaryimage\"},\"image\":{\"@id\":\"https:\/\/vincentians.com\/es\/asamblea-general-c-m-1992-lineas-de-accion\/#primaryimage\"},\"thumbnailUrl\":\"\",\"datePublished\":\"2011-07-17T06:17:40+00:00\",\"breadcrumb\":{\"@id\":\"https:\/\/vincentians.com\/es\/asamblea-general-c-m-1992-lineas-de-accion\/#breadcrumb\"},\"inLanguage\":\"es\",\"potentialAction\":[{\"@type\":\"ReadAction\",\"target\":[\"https:\/\/vincentians.com\/es\/asamblea-general-c-m-1992-lineas-de-accion\/\"]}]},{\"@type\":\"ImageObject\",\"inLanguage\":\"es\",\"@id\":\"https:\/\/vincentians.com\/es\/asamblea-general-c-m-1992-lineas-de-accion\/#primaryimage\",\"url\":\"\",\"contentUrl\":\"\"},{\"@type\":\"BreadcrumbList\",\"@id\":\"https:\/\/vincentians.com\/es\/asamblea-general-c-m-1992-lineas-de-accion\/#breadcrumb\",\"itemListElement\":[{\"@type\":\"ListItem\",\"position\":1,\"name\":\"Portada\",\"item\":\"https:\/\/vincentians.com\/es\/\"},{\"@type\":\"ListItem\",\"position\":2,\"name\":\"Asamblea General C.M. (1992). L\u00edneas de acci\u00f3n\"}]},{\"@type\":\"WebSite\",\"@id\":\"https:\/\/vincentians.com\/es\/#website\",\"url\":\"https:\/\/vincentians.com\/es\/\",\"name\":\"Somos Vicencianos\",\"description\":\"Know more to serve more\",\"publisher\":{\"@id\":\"https:\/\/vincentians.com\/es\/#organization\"},\"potentialAction\":[{\"@type\":\"SearchAction\",\"target\":{\"@type\":\"EntryPoint\",\"urlTemplate\":\"https:\/\/vincentians.com\/es\/?s={search_term_string}\"},\"query-input\":{\"@type\":\"PropertyValueSpecification\",\"valueRequired\":true,\"valueName\":\"search_term_string\"}}],\"inLanguage\":\"es\"},{\"@type\":\"Organization\",\"@id\":\"https:\/\/vincentians.com\/es\/#organization\",\"name\":\"The Vincentian Network\",\"url\":\"https:\/\/vincentians.com\/es\/\",\"logo\":{\"@type\":\"ImageObject\",\"inLanguage\":\"es\",\"@id\":\"https:\/\/vincentians.com\/es\/#\/schema\/logo\/image\/\",\"url\":\"https:\/\/i1.wp.com\/vincentians.com\/es\/wp-content\/uploads\/sites\/11\/2016\/06\/Vincentian-Network-logo-big.png?fit=778%2C778\",\"contentUrl\":\"https:\/\/i1.wp.com\/vincentians.com\/es\/wp-content\/uploads\/sites\/11\/2016\/06\/Vincentian-Network-logo-big.png?fit=778%2C778\",\"width\":778,\"height\":778,\"caption\":\"The Vincentian Network\"},\"image\":{\"@id\":\"https:\/\/vincentians.com\/es\/#\/schema\/logo\/image\/\"},\"sameAs\":[\"https:\/\/www.facebook.com\/WeAreVincentians\/\",\"https:\/\/x.com\/WeVincentians\"]},{\"@type\":\"Person\",\"@id\":\"https:\/\/vincentians.com\/es\/#\/schema\/person\/9623ef4d9aa3b2dfb8c061f1499288f2\",\"name\":\"Francisco Javier Fern\u00e1ndez Chento\",\"image\":{\"@type\":\"ImageObject\",\"inLanguage\":\"es\",\"@id\":\"https:\/\/vincentians.com\/es\/#\/schema\/person\/image\/\",\"url\":\"https:\/\/secure.gravatar.com\/avatar\/497d5cde87b4c3d097d0315953521681ba2cd523ee66e5077c3711f7021e65de?s=96&d=mm&r=g\",\"contentUrl\":\"https:\/\/secure.gravatar.com\/avatar\/497d5cde87b4c3d097d0315953521681ba2cd523ee66e5077c3711f7021e65de?s=96&d=mm&r=g\",\"caption\":\"Francisco Javier Fern\u00e1ndez Chento\"},\"description\":\"Director General y cofundador de La Red de Formaci\u00f3n Vicenciana. Javier es laico vicenciano, afiliado a la Congregaci\u00f3n de la Misi\u00f3n y miembro del Equipo de Misiones Populares de la provincia can\u00f3nica de Zaragoza (Espa\u00f1a) de la Congregaci\u00f3n de la Misi\u00f3n. Graduado en la Universidad Oberta de Catalunya con cuatro grados (Asistente de direcci\u00f3n, Gesti\u00f3n Administrativa, Recursos Humanos y Contabilidad Avanzada). Bil\u00edng\u00fce Espa\u00f1ol\/Ingl\u00e9s. gestiona y mantiene varias p\u00e1ginas web cristianas y vicencianas, incluida including La Red de Formaci\u00f3n Vicenciana, de la que es cofundador. Actualmente es responsable del \u00e1rea de Espa\u00f1ol de .famvin, la Red de Noticias de la Familia Vicenciana. Tambi\u00e9n es m\u00fasico cat\u00f3lico y ha editado varios discos. Es Director General y cofundador de Trovador, una reconocida compa\u00f1\u00eda discogr\u00e1fica critiana de Espa\u00f1a. Trabaja en las Tecnolog\u00edas de la Informaci\u00f3n, ofreciendo servicios de alojamiento, dise\u00f1o y mantenimiento Web, as\u00ed como asesoramiento, formaci\u00f3n y soluciones inform\u00e1ticas, gesti\u00f3n documental y digitalizaci\u00f3n de textos, edici\u00f3n y maquetaci\u00f3n de libros, revistas, flyers, etc.\",\"sameAs\":[\"http:\/\/chento.org\",\"https:\/\/www.facebook.com\/JavierChento\",\"https:\/\/x.com\/https:\/\/twitter.com\/javierchento\"],\"url\":\"https:\/\/vincentians.com\/es\/author\/chento\/\"}]}<\/script>\n<!-- \/ Yoast SEO plugin. -->","yoast_head_json":{"title":"Asamblea General C.M. (1992). L\u00edneas de acci\u00f3n - Somos Vicencianos","robots":{"index":"index","follow":"follow","max-snippet":"max-snippet:-1","max-image-preview":"max-image-preview:large","max-video-preview":"max-video-preview:-1"},"canonical":"https:\/\/vincentians.com\/es\/asamblea-general-c-m-1992-lineas-de-accion\/","og_locale":"es_ES","og_type":"article","og_title":"Asamblea General C.M. (1992). L\u00edneas de acci\u00f3n - Somos Vicencianos","og_description":"Queridos Cohermanos: La gracia de Nuestro Se\u00f1or Jesucristo sea siempre con vosotros. En la festividad de los Ap\u00f3stoles Pedro y Pablo, concelebramos la Eucar\u00edstia en la que el R. P. McCullen Superior General, nos invit\u00f3 ... Read More","og_url":"https:\/\/vincentians.com\/es\/asamblea-general-c-m-1992-lineas-de-accion\/","og_site_name":"Somos Vicencianos","article_publisher":"https:\/\/www.facebook.com\/WeAreVincentians\/","article_author":"https:\/\/www.facebook.com\/JavierChento","article_published_time":"2011-07-17T06:17:40+00:00","author":"Francisco Javier Fern\u00e1ndez Chento","twitter_card":"summary_large_image","twitter_creator":"@https:\/\/twitter.com\/javierchento","twitter_site":"@WeVincentians","twitter_misc":{"Escrito por":"Francisco Javier Fern\u00e1ndez Chento","Tiempo de lectura":"12 minutos"},"schema":{"@context":"https:\/\/schema.org","@graph":[{"@type":"Article","@id":"https:\/\/vincentians.com\/es\/asamblea-general-c-m-1992-lineas-de-accion\/#article","isPartOf":{"@id":"https:\/\/vincentians.com\/es\/asamblea-general-c-m-1992-lineas-de-accion\/"},"author":{"name":"Francisco Javier Fern\u00e1ndez Chento","@id":"https:\/\/vincentians.com\/es\/#\/schema\/person\/9623ef4d9aa3b2dfb8c061f1499288f2"},"headline":"Asamblea General C.M. (1992). L\u00edneas de acci\u00f3n","datePublished":"2011-07-17T06:17:40+00:00","mainEntityOfPage":{"@id":"https:\/\/vincentians.com\/es\/asamblea-general-c-m-1992-lineas-de-accion\/"},"wordCount":2502,"commentCount":0,"publisher":{"@id":"https:\/\/vincentians.com\/es\/#organization"},"image":{"@id":"https:\/\/vincentians.com\/es\/asamblea-general-c-m-1992-lineas-de-accion\/#primaryimage"},"thumbnailUrl":"","keywords":["Misiones Populares","Pobreza"],"articleSection":["Documentos de la Congregaci\u00f3n de la Misi\u00f3n"],"inLanguage":"es","potentialAction":[{"@type":"CommentAction","name":"Comment","target":["https:\/\/vincentians.com\/es\/asamblea-general-c-m-1992-lineas-de-accion\/#respond"]}]},{"@type":"WebPage","@id":"https:\/\/vincentians.com\/es\/asamblea-general-c-m-1992-lineas-de-accion\/","url":"https:\/\/vincentians.com\/es\/asamblea-general-c-m-1992-lineas-de-accion\/","name":"Asamblea General C.M. (1992). L\u00edneas de acci\u00f3n - Somos Vicencianos","isPartOf":{"@id":"https:\/\/vincentians.com\/es\/#website"},"primaryImageOfPage":{"@id":"https:\/\/vincentians.com\/es\/asamblea-general-c-m-1992-lineas-de-accion\/#primaryimage"},"image":{"@id":"https:\/\/vincentians.com\/es\/asamblea-general-c-m-1992-lineas-de-accion\/#primaryimage"},"thumbnailUrl":"","datePublished":"2011-07-17T06:17:40+00:00","breadcrumb":{"@id":"https:\/\/vincentians.com\/es\/asamblea-general-c-m-1992-lineas-de-accion\/#breadcrumb"},"inLanguage":"es","potentialAction":[{"@type":"ReadAction","target":["https:\/\/vincentians.com\/es\/asamblea-general-c-m-1992-lineas-de-accion\/"]}]},{"@type":"ImageObject","inLanguage":"es","@id":"https:\/\/vincentians.com\/es\/asamblea-general-c-m-1992-lineas-de-accion\/#primaryimage","url":"","contentUrl":""},{"@type":"BreadcrumbList","@id":"https:\/\/vincentians.com\/es\/asamblea-general-c-m-1992-lineas-de-accion\/#breadcrumb","itemListElement":[{"@type":"ListItem","position":1,"name":"Portada","item":"https:\/\/vincentians.com\/es\/"},{"@type":"ListItem","position":2,"name":"Asamblea General C.M. (1992). L\u00edneas de acci\u00f3n"}]},{"@type":"WebSite","@id":"https:\/\/vincentians.com\/es\/#website","url":"https:\/\/vincentians.com\/es\/","name":"Somos Vicencianos","description":"Know more to serve more","publisher":{"@id":"https:\/\/vincentians.com\/es\/#organization"},"potentialAction":[{"@type":"SearchAction","target":{"@type":"EntryPoint","urlTemplate":"https:\/\/vincentians.com\/es\/?s={search_term_string}"},"query-input":{"@type":"PropertyValueSpecification","valueRequired":true,"valueName":"search_term_string"}}],"inLanguage":"es"},{"@type":"Organization","@id":"https:\/\/vincentians.com\/es\/#organization","name":"The Vincentian Network","url":"https:\/\/vincentians.com\/es\/","logo":{"@type":"ImageObject","inLanguage":"es","@id":"https:\/\/vincentians.com\/es\/#\/schema\/logo\/image\/","url":"https:\/\/i1.wp.com\/vincentians.com\/es\/wp-content\/uploads\/sites\/11\/2016\/06\/Vincentian-Network-logo-big.png?fit=778%2C778","contentUrl":"https:\/\/i1.wp.com\/vincentians.com\/es\/wp-content\/uploads\/sites\/11\/2016\/06\/Vincentian-Network-logo-big.png?fit=778%2C778","width":778,"height":778,"caption":"The Vincentian Network"},"image":{"@id":"https:\/\/vincentians.com\/es\/#\/schema\/logo\/image\/"},"sameAs":["https:\/\/www.facebook.com\/WeAreVincentians\/","https:\/\/x.com\/WeVincentians"]},{"@type":"Person","@id":"https:\/\/vincentians.com\/es\/#\/schema\/person\/9623ef4d9aa3b2dfb8c061f1499288f2","name":"Francisco Javier Fern\u00e1ndez Chento","image":{"@type":"ImageObject","inLanguage":"es","@id":"https:\/\/vincentians.com\/es\/#\/schema\/person\/image\/","url":"https:\/\/secure.gravatar.com\/avatar\/497d5cde87b4c3d097d0315953521681ba2cd523ee66e5077c3711f7021e65de?s=96&d=mm&r=g","contentUrl":"https:\/\/secure.gravatar.com\/avatar\/497d5cde87b4c3d097d0315953521681ba2cd523ee66e5077c3711f7021e65de?s=96&d=mm&r=g","caption":"Francisco Javier Fern\u00e1ndez Chento"},"description":"Director General y cofundador de La Red de Formaci\u00f3n Vicenciana. Javier es laico vicenciano, afiliado a la Congregaci\u00f3n de la Misi\u00f3n y miembro del Equipo de Misiones Populares de la provincia can\u00f3nica de Zaragoza (Espa\u00f1a) de la Congregaci\u00f3n de la Misi\u00f3n. Graduado en la Universidad Oberta de Catalunya con cuatro grados (Asistente de direcci\u00f3n, Gesti\u00f3n Administrativa, Recursos Humanos y Contabilidad Avanzada). Bil\u00edng\u00fce Espa\u00f1ol\/Ingl\u00e9s. gestiona y mantiene varias p\u00e1ginas web cristianas y vicencianas, incluida including La Red de Formaci\u00f3n Vicenciana, de la que es cofundador. Actualmente es responsable del \u00e1rea de Espa\u00f1ol de .famvin, la Red de Noticias de la Familia Vicenciana. Tambi\u00e9n es m\u00fasico cat\u00f3lico y ha editado varios discos. Es Director General y cofundador de Trovador, una reconocida compa\u00f1\u00eda discogr\u00e1fica critiana de Espa\u00f1a. Trabaja en las Tecnolog\u00edas de la Informaci\u00f3n, ofreciendo servicios de alojamiento, dise\u00f1o y mantenimiento Web, as\u00ed como asesoramiento, formaci\u00f3n y soluciones inform\u00e1ticas, gesti\u00f3n documental y digitalizaci\u00f3n de textos, edici\u00f3n y maquetaci\u00f3n de libros, revistas, flyers, etc.","sameAs":["http:\/\/chento.org","https:\/\/www.facebook.com\/JavierChento","https:\/\/x.com\/https:\/\/twitter.com\/javierchento"],"url":"https:\/\/vincentians.com\/es\/author\/chento\/"}]}},"jetpack_publicize_connections":[],"jetpack_featured_media_url":"","jetpack_sharing_enabled":true,"jetpack_shortlink":"https:\/\/wp.me\/p7ETMF-bZM","jetpack-related-posts":[{"id":140032,"url":"https:\/\/vincentians.com\/es\/las-asambleas-generales-en-la-congregacion-de-la-mision-historia-y-resultados\/","url_meta":{"origin":46114,"position":0},"title":"Las Asambleas Generales en la Congregaci\u00f3n de la Misi\u00f3n: Historia y Resultados","author":"Mitxel Olabu\u00e9naga","date":"20\/02\/2015","format":false,"excerpt":"Introducci\u00f3n La autoridad suprema en la Congregaci\u00f3n, su asamblea general, ha sido crucial para su desarrollo y direcci\u00f3n. En su casi cuatro siglos de existencia, la Congregaci\u00f3n ha celebrado cuarenta y uno de estos encuentros, el primero fue en 1661. Vicente mismo, sin embargo, celebr\u00f3 asambleas preliminares en 1642 y\u2026","rel":"","context":"En \u00abHistoria de la Congregaci\u00f3n de la Misi\u00f3n\u00bb","block_context":{"text":"Historia de la Congregaci\u00f3n de la Misi\u00f3n","link":"https:\/\/vincentians.com\/es\/category\/historia-de-la-familia-vicenciana\/historia-de-la-congregacion-de-la-mision\/"},"img":{"alt_text":"logocm","src":"https:\/\/i0.wp.com\/vicencianos.org\/wp-content\/2011\/12\/logocm-245x300.png?resize=350%2C200","width":350,"height":200},"classes":[]},{"id":131836,"url":"https:\/\/vincentians.com\/es\/nicolas-pierron-c-m-1635-1704-superior-general\/","url_meta":{"origin":46114,"position":1},"title":"Nicol\u00e1s Pierron, C.M. (1635-1704) (Superior General)","author":"Mitxel Olabu\u00e9naga","date":"10\/12\/2014","format":false,"excerpt":"El P. Nicol\u00e1s Pierron nace en 1635. Fue el \u00faltimo superior general que conoci\u00f3 al fundador. Entr\u00f3 en la Congregaci\u00f3n con 20 a\u00f1os de edad. Era muy devoto de Vicente por lo que da el permiso para el comienzo del proceso de beatificaci\u00f3n. Entre los varios servicios que desempe\u00f1o destacan\u2026","rel":"","context":"En \u00abBiograf\u00edas de Misioneros Pa\u00fales\u00bb","block_context":{"text":"Biograf\u00edas de Misioneros Pa\u00fales","link":"https:\/\/vincentians.com\/es\/category\/la-familia-vicenciana\/biografias-vicencianas\/biografias-de-misioneros-paules\/"},"img":{"alt_text":"","src":"https:\/\/i0.wp.com\/vincentians.com\/es\/wp-content\/uploads\/sites\/11\/2016\/07\/bio-cm.jpg?fit=1200%2C630&ssl=1&resize=350%2C200","width":350,"height":200,"srcset":"https:\/\/i0.wp.com\/vincentians.com\/es\/wp-content\/uploads\/sites\/11\/2016\/07\/bio-cm.jpg?fit=1200%2C630&ssl=1&resize=350%2C200 1x, https:\/\/i0.wp.com\/vincentians.com\/es\/wp-content\/uploads\/sites\/11\/2016\/07\/bio-cm.jpg?fit=1200%2C630&ssl=1&resize=525%2C300 1.5x, https:\/\/i0.wp.com\/vincentians.com\/es\/wp-content\/uploads\/sites\/11\/2016\/07\/bio-cm.jpg?fit=1200%2C630&ssl=1&resize=700%2C400 2x, https:\/\/i0.wp.com\/vincentians.com\/es\/wp-content\/uploads\/sites\/11\/2016\/07\/bio-cm.jpg?fit=1200%2C630&ssl=1&resize=1050%2C600 3x"},"classes":[]},{"id":124579,"url":"https:\/\/vincentians.com\/es\/los-miembros-de-la-congregacion-de-la-mision-emiten-votos-i\/","url_meta":{"origin":46114,"position":2},"title":"Los miembros de la Congregaci\u00f3n de la Misi\u00f3n emiten votos (I)","author":"Francisco Javier Fern\u00e1ndez Chento","date":"01\/07\/2023","format":false,"excerpt":"DE LOS VOTOS SIMPLES A LOS VOTOS \"NO RELIGIOSOS\" 1.- Votos privados - simples Confirmamos y aprobamos por la presente dicha Congregaci\u00f3n de la Misi\u00f3n,... con la emisi\u00f3n de los votos simples... no intervendr\u00e1 nadie que los acepte ni en nombre de de la Congregaci\u00f3n, ni en el Nuestro o\u2026","rel":"","context":"En \u00abFormaci\u00f3n Vicenciana\u00bb","block_context":{"text":"Formaci\u00f3n Vicenciana","link":"https:\/\/vincentians.com\/es\/category\/formacion-vicenciana\/"},"img":{"alt_text":"","src":"https:\/\/i0.wp.com\/vincentians.com\/es\/wp-content\/uploads\/sites\/11\/2016\/11\/400es-01-copy.png?fit=1200%2C936&ssl=1&resize=350%2C200","width":350,"height":200,"srcset":"https:\/\/i0.wp.com\/vincentians.com\/es\/wp-content\/uploads\/sites\/11\/2016\/11\/400es-01-copy.png?fit=1200%2C936&ssl=1&resize=350%2C200 1x, https:\/\/i0.wp.com\/vincentians.com\/es\/wp-content\/uploads\/sites\/11\/2016\/11\/400es-01-copy.png?fit=1200%2C936&ssl=1&resize=525%2C300 1.5x, https:\/\/i0.wp.com\/vincentians.com\/es\/wp-content\/uploads\/sites\/11\/2016\/11\/400es-01-copy.png?fit=1200%2C936&ssl=1&resize=700%2C400 2x, https:\/\/i0.wp.com\/vincentians.com\/es\/wp-content\/uploads\/sites\/11\/2016\/11\/400es-01-copy.png?fit=1200%2C936&ssl=1&resize=1050%2C600 3x"},"classes":[]},{"id":387079,"url":"https:\/\/vincentians.com\/es\/el-caso-armengol\/","url_meta":{"origin":46114,"position":3},"title":"EL \u201cCASO ARMENGOL\u201d","author":"Mitxel Olabu\u00e9naga","date":"25\/02\/2016","format":false,"excerpt":"Es muy posible que los misioneros veteranos recuerden a qu\u00e9 hace referencia el entrecomillado t\u00edtulo. Evidentemente no por haber sido testigos de ello sino porque en \u201ctiempos de exaltaci\u00f3n patria\u201d de mediados del siglo XX fue publicitado en varias ocasiones, especialmente para \u201cponer en su sitio\u201d al P. \u00c9tienne[1] y,\u2026","rel":"","context":"En \u00abHistoria de la Congregaci\u00f3n de la Misi\u00f3n en Espa\u00f1a\u00bb","block_context":{"text":"Historia de la Congregaci\u00f3n de la Misi\u00f3n en Espa\u00f1a","link":"https:\/\/vincentians.com\/es\/category\/historia-de-la-familia-vicenciana\/historia-de-la-congregacion-de-la-mision-en-espana\/"},"img":{"alt_text":"LOGO SEMINARIO HISTORIA 2 color","src":"https:\/\/i0.wp.com\/vicencianos.org\/wp-content\/uploads\/2016\/02\/LOGO-SEMINARIO-HISTORIA-2-color-300x300.jpg?resize=350%2C200","width":350,"height":200},"classes":[]},{"id":131838,"url":"https:\/\/vincentians.com\/es\/francois-watel-c-m-1651-1710-superior-general\/","url_meta":{"origin":46114,"position":4},"title":"Fran\u00e7ois Watel, C.M. (1651-1710) (Superior General)","author":"Mitxel Olabu\u00e9naga","date":"14\/12\/2014","format":false,"excerpt":"Fran\u00e7ois Watel sucedi\u00f3 al P. Nicolas Pierron en el gobierno de la CM despu\u00e9s de una asamblea general que sufri\u00f3 un retraso de tres d\u00edas debido a las tensiones nacionalistas entre italianos y franceses. Watel sali\u00f3 elegido a pesar de no estar entre la lista de los favoritos. Nace en\u2026","rel":"","context":"En \u00abBiograf\u00edas de Misioneros Pa\u00fales\u00bb","block_context":{"text":"Biograf\u00edas de Misioneros Pa\u00fales","link":"https:\/\/vincentians.com\/es\/category\/la-familia-vicenciana\/biografias-vicencianas\/biografias-de-misioneros-paules\/"},"img":{"alt_text":"","src":"https:\/\/i0.wp.com\/vincentians.com\/es\/wp-content\/uploads\/sites\/11\/2016\/07\/bio-cm.jpg?fit=1200%2C630&ssl=1&resize=350%2C200","width":350,"height":200,"srcset":"https:\/\/i0.wp.com\/vincentians.com\/es\/wp-content\/uploads\/sites\/11\/2016\/07\/bio-cm.jpg?fit=1200%2C630&ssl=1&resize=350%2C200 1x, https:\/\/i0.wp.com\/vincentians.com\/es\/wp-content\/uploads\/sites\/11\/2016\/07\/bio-cm.jpg?fit=1200%2C630&ssl=1&resize=525%2C300 1.5x, https:\/\/i0.wp.com\/vincentians.com\/es\/wp-content\/uploads\/sites\/11\/2016\/07\/bio-cm.jpg?fit=1200%2C630&ssl=1&resize=700%2C400 2x, https:\/\/i0.wp.com\/vincentians.com\/es\/wp-content\/uploads\/sites\/11\/2016\/07\/bio-cm.jpg?fit=1200%2C630&ssl=1&resize=1050%2C600 3x"},"classes":[]},{"id":109351,"url":"https:\/\/vincentians.com\/es\/origenes-italianos-de-la-consagracion-de-la-mision-en-espana\/","url_meta":{"origin":46114,"position":5},"title":"Or\u00edgenes italianos de la Congregaci\u00f3n de la Misi\u00f3n en Espa\u00f1a","author":"Mitxel Olabu\u00e9naga","date":"10\/06\/2021","format":false,"excerpt":"En una PRIMERA PARTE del presente estudio es nuestro deber se\u00f1alar con toda claridad las diversas etapas que integran el primer per\u00edodo de la historia vicenciana de Espa\u00f1a, el per\u00edodo de la fundaci\u00f3n y de sus primeros setenta a\u00f1os, en que dependi\u00f3 del tronco vicenciano italiano, del cual proced\u00eda. ETAPA\u2026","rel":"","context":"En \u00abHistoria de la Congregaci\u00f3n de la Misi\u00f3n\u00bb","block_context":{"text":"Historia de la Congregaci\u00f3n de la Misi\u00f3n","link":"https:\/\/vincentians.com\/es\/category\/historia-de-la-familia-vicenciana\/historia-de-la-congregacion-de-la-mision\/"},"img":{"alt_text":"","src":"https:\/\/i0.wp.com\/vincentians.com\/es\/wp-content\/uploads\/sites\/11\/2016\/09\/espiritu-de-jesus.jpg?fit=1200%2C630&ssl=1&resize=350%2C200","width":350,"height":200,"srcset":"https:\/\/i0.wp.com\/vincentians.com\/es\/wp-content\/uploads\/sites\/11\/2016\/09\/espiritu-de-jesus.jpg?fit=1200%2C630&ssl=1&resize=350%2C200 1x, https:\/\/i0.wp.com\/vincentians.com\/es\/wp-content\/uploads\/sites\/11\/2016\/09\/espiritu-de-jesus.jpg?fit=1200%2C630&ssl=1&resize=525%2C300 1.5x, https:\/\/i0.wp.com\/vincentians.com\/es\/wp-content\/uploads\/sites\/11\/2016\/09\/espiritu-de-jesus.jpg?fit=1200%2C630&ssl=1&resize=700%2C400 2x, https:\/\/i0.wp.com\/vincentians.com\/es\/wp-content\/uploads\/sites\/11\/2016\/09\/espiritu-de-jesus.jpg?fit=1200%2C630&ssl=1&resize=1050%2C600 3x"},"classes":[]}],"_links":{"self":[{"href":"https:\/\/vincentians.com\/es\/wp-json\/wp\/v2\/posts\/46114","targetHints":{"allow":["GET"]}}],"collection":[{"href":"https:\/\/vincentians.com\/es\/wp-json\/wp\/v2\/posts"}],"about":[{"href":"https:\/\/vincentians.com\/es\/wp-json\/wp\/v2\/types\/post"}],"author":[{"embeddable":true,"href":"https:\/\/vincentians.com\/es\/wp-json\/wp\/v2\/users\/4"}],"replies":[{"embeddable":true,"href":"https:\/\/vincentians.com\/es\/wp-json\/wp\/v2\/comments?post=46114"}],"version-history":[{"count":0,"href":"https:\/\/vincentians.com\/es\/wp-json\/wp\/v2\/posts\/46114\/revisions"}],"wp:featuredmedia":[{"embeddable":true,"href":"https:\/\/vincentians.com\/es\/wp-json\/"}],"wp:attachment":[{"href":"https:\/\/vincentians.com\/es\/wp-json\/wp\/v2\/media?parent=46114"}],"wp:term":[{"taxonomy":"category","embeddable":true,"href":"https:\/\/vincentians.com\/es\/wp-json\/wp\/v2\/categories?post=46114"},{"taxonomy":"post_tag","embeddable":true,"href":"https:\/\/vincentians.com\/es\/wp-json\/wp\/v2\/tags?post=46114"}],"curies":[{"name":"wp","href":"https:\/\/api.w.org\/{rel}","templated":true}]}}