{"id":45661,"date":"2015-06-08T12:30:11","date_gmt":"2015-06-08T10:30:11","guid":{"rendered":"http:\/\/somos.vicencianos.org\/blog\/2011\/07\/san-vicente-de-paul-8-id-por-todo-el-mundo\/"},"modified":"2016-07-26T17:21:18","modified_gmt":"2016-07-26T15:21:18","slug":"san-vicente-de-paul-8-id-por-todo-el-mundo","status":"publish","type":"post","link":"https:\/\/vincentians.com\/es\/san-vicente-de-paul-8-id-por-todo-el-mundo\/","title":{"rendered":"San Vicente de Pa\u00fal: 8. Id por todo el mundo"},"content":{"rendered":"<p><a href=\"https:\/\/i0.wp.com\/vicencianos.org\/wp-content\/2011\/07\/id_por_todo_el_mundo.jpg\"><img data-recalc-dims=\"1\" loading=\"lazy\" decoding=\"async\" class=\"alignright wp-image-45663 size-medium\" title=\"id_por_todo_el_mundo\" src=\"https:\/\/i0.wp.com\/vicencianos.org\/wp-content\/2011\/07\/id_por_todo_el_mundo-264x300.jpg?resize=264%2C300\" alt=\"\" width=\"264\" height=\"300\" \/><\/a>El gran ideal del P. Vicente de Pa\u00fal era la renovaci\u00f3n de la Iglesia cat\u00f3lica de Francia. Pero sab\u00eda que la Iglesia es una instituci\u00f3n universal enviada por el Se\u00f1or al mundo entero. Por ello valoraba en gran manera la posici\u00f3n del Santo Padre dentro del sistema eclesial y sosten\u00eda que el Papa era el primer responsable de enviar a los misioneros. Tambi\u00e9n ten\u00eda admiraci\u00f3n por San Francisco Javier, enviado por el Pont\u00edfice a los lugares remotos del Oriente. As\u00ed, como Superior responsable de su Congregaci\u00f3n, estaba dispuesto a enviar misioneros a pa\u00edses lejanos, si se lo mandaba el Santo Padre, los obispos o los prelados. Con esta actitud los envi\u00f3 a Italia, Polonia, Escocia, Argel y Madagascar y estaba pensando en las misiones de la China, Arabia y la India. Exceptuando el caso de Italia, Polonia y Madagascar, esto qued\u00f3 para que sus sucesores lo cumplieran en el futuro.<\/p>\n<h2><strong>Italia<\/strong><\/h2>\n<p>La Italia del tiempo de Vicente de Pa\u00fal no era un pa\u00eds unificado. Los misioneros que \u00e9l envi\u00f3 fueron a las tres regiones de Roma, de G\u00e9nova y de Tur\u00edn. Los misioneros fueron enviados primero a Roma para agilizar la aprobaci\u00f3n de la Congregaci\u00f3n y all\u00ed comenzaron, desde la ciudad, su trabajo propio de las misiones. As\u00ed, el P. Lebret\u00f3n, del 1639\u00ad-41, se dedic\u00f3 a trabajar con los pobres de las colinas cercanas a Roma. Por esa raz\u00f3n, el Vicario de Roma autoriz\u00f3 a los misioneros para llevar a cabo todas las obras propias en el territorio, es decir, ejercicios de ordenandos y misiones en las parroquias. Sin embargo no se establecieron en una casa de su propiedad en Roma hasta 1659.<\/p>\n<p>El Cardenal Durazzo, obispo de G\u00e9nova, ciudad portuaria y libre del norte de Italia, hab\u00eda conocido a los misioneros del P. Vicente en un viaje entre G\u00e9nova y Roma. Les construy\u00f3 una casa para seminario en las cercan\u00edas del puerto de G\u00e9nova y el Cardenal participaba personalmente en las misiones parroquiales junto con los misioneros y hac\u00eda sus ejercicios espirituales con ellos. All\u00ed mismo la Congregaci\u00f3n empez\u00f3 un noviciado.<\/p>\n<p>Tur\u00edn se hallaba en el reino de Piamonte &#8211; Saboya, la tierra de San Francisco de Sales. La casa de la Congregaci\u00f3n se origin\u00f3 de la de G\u00e9nova. Su primer Superior, el P. Juan Martin, se hizo un renombrado y fogoso misionero que predic\u00f3 incluso a los bandoleros y sobresali\u00f3 por el carisma de reconciliar enemigos. El P. Vicente se alegr\u00f3 mucho al recibir noticias de estas misiones y ver el progreso de su Congregaci\u00f3n en Italia.<\/p>\n<h2><strong>Polonia<\/strong><\/h2>\n<p>La misi\u00f3n de Polonia se fund\u00f3 a petici\u00f3n de la Reina Mar\u00eda Luisa, francesa, esposa del Rey. Tanto ella como el P. Vicente quer\u00edan extender las misiones parroquiales y los ejercicios de los ordenandos en el reino. Cinco misioneros y tres hermanas fueron enviados. Fue mala suerte que el clero y los religiosos polacos sospecharan que los misioneros se inclinaban al jansenismo y por ello se les impidi\u00f3 trabajar en los seminarios. No obstante se les encarg\u00f3 la direcci\u00f3n de una parroquia y se distinguieron mucho cuando la ciudad de Varsovia fue v\u00edctima de la peste. Ayudados por la Reina, atendieron con medicinas a una multitud de pobres y hospitalizados. El P. Superior de la misi\u00f3n muri\u00f3 al poco tiempo de contagiarse y el P. Vicente hubo de mandar otros misioneros. La Congregaci\u00f3n recibi\u00f3 la iglesia parroquial de la Santa Cruz en Varsovia, que ha sido regida por ellos desde el tiempo del P. Vicente hasta nuestros d\u00edas. Los misioneros aprendieron el polaco y comenzaron las misiones por su propia parroquia.<\/p>\n<p>M\u00e1s tarde sobrevino la gran calamidad de las hostilidades entre Polonia, cat\u00f3lica, contra los rusos, ortodoxos, y contra los suecos que eran protestantes. El ej\u00e9rcito protestante quem\u00f3 la ciudad y la iglesia de la Santa Cruz y caus\u00f3 gran mortandad. Los misioneros y las hermanas lograron escapar y tuvieron luego la oportunidad de volver a Varsovia y de ser socorridos por el P. Vicente, que les mand\u00f3 nuevos sacerdotes. Les dio una gran satisfacci\u00f3n a los misioneros de Polonia al decirles que era bueno que estuvieran preparados a correr la misma suerte de todos los ciudadanos.<\/p>\n<h2><strong>Irlanda y Escocia<\/strong><\/h2>\n<p>La misi\u00f3n de Irlanda y Escocia se emprendi\u00f3 para confortar a los cat\u00f3licos perseguidos por el gobierno protestante de Inglaterra. No fue una misi\u00f3n permanente al estilo de Polonia. Todos los sacerdotes enviados eran irlandeses que hab\u00edan entrado a la comunidad estando en Francia. Las dos misiones dadas por ellos se hicieron en ciudades devastadas por los ej\u00e9rcitos protestantes y muchos de los ciudadanos murieron poco despu\u00e9s de la misi\u00f3n: los pobres por la peste y la hoguera, los ciudadanos distinguidos por la espada. Uno de los misioneros, Tadeo Lee, fue capturado y degollado frente a su misma madre. \u00c9ste fue el primer m\u00e1rtir entre los seguidores del P. Vicente.<\/p>\n<p>Los misioneros enviados a Escocia, donde se hablaba el mismo lenguaje de los irlandeses, hicieron su trabajo en las islas del norte y oeste del pa\u00eds. S\u00f3lo quedaban unos cuantos cat\u00f3licos y el cometido de los misioneros era consolarles y confirmarles en la fe. A\u00fan hoy d\u00eda quedan cat\u00f3licos en esas islas que recuerdan aquellos a misioneros como los guardianes de su fe.<\/p>\n<h2><strong>\u00c1frica del Norte<\/strong><\/h2>\n<p>Los \u00e1rabes de la Pen\u00ednsula ar\u00e1biga apresaban multitud de esclavos en \u00c1frica oriental; los \u00e1rabes del norte de \u00c1frica hac\u00edan otro tanto apresando navegantes europeos en el mar Mediterr\u00e1neo. Muchos bi\u00f3grafos de San Vicente incluyen una narraci\u00f3n en la que el mismo Vicente es presa de los esclavistas y vendido en T\u00fanez. Hoy d\u00eda casi todos descartan esa narraci\u00f3n. Pero lo cierto es que \u00e9l envi\u00f3 sus misioneros a T\u00fanez y Argelia para atender a los esclavos que sumaban entre veinte y treinta mil. Se hizo a petici\u00f3n del Rey de Francia. Los misioneros enviados recib\u00edan un cargo oficial de capellanes de la embajada francesa en esos pa\u00edses. Incluso un Hermano fungi\u00f3 como C\u00f3nsul de Francia.<\/p>\n<p>Estos misioneros empezaron tanteando la situaci\u00f3n y, despu\u00e9s consiguieron se les permitiera hacer varias obras pastorales. Su parcela de trabajo eran los esclavos a quienes transmit\u00edan cartas y limosnas mandadas de sus casas y, alguna vez, consegu\u00edan que algunos fueran redimidos con los rescates enviados por sus familias. Pero lo m\u00e1s importante de su pastoral misionera era instruir a los esclavos y proporcionarles los sacramentos. Esto ten\u00eda sus peligros y, despu\u00e9s de muerto el P. Vicente, un hermano y un sacerdote fueron despedazados, atados a la boca de un ca\u00f1\u00f3n. De todos modos, este ministerio se hac\u00eda a favor de los esclavos franceses, estando prohibido hacerlo para otros que no lo fueran.<\/p>\n<p>Ahora vamos a volver los ojos y ver la misi\u00f3n, a favor de los paganos ind\u00edgenas de Madagascar, empezada por el P. Vicente.<\/p>\n<h2><strong>Madagascar<\/strong><\/h2>\n<p>El P. Vicente ten\u00eda el deseo de que la Congregaci\u00f3n evangelizara tambi\u00e9n a los paganos. Por ello se alegr\u00f3 cuando la reciente sociedad comercial, Compa\u00f1\u00eda de la Isla de Madagascar, le pidi\u00f3 misioneros para acompa\u00f1ar a sus colonos. La petici\u00f3n le fue cursada por el Nuncio del Santo Padre en Par\u00eds, que se encarg\u00f3 de conseguir todos los permisos eclesi\u00e1sticos.<\/p>\n<p>De hecho, esta misi\u00f3n fue una ocasi\u00f3n de m\u00e1s fracasos que victorias. El P. Vicente envi\u00f3 no menos de veinte misioneros a Madagascar y s\u00f3lo nueve llegaron a la isla. S\u00f3lo uno de los nueve sobrevivi\u00f3 all\u00ed unos tres a\u00f1os. Los otros murieron pronto: uno dur\u00f3 unos quince meses, los dem\u00e1s dos o tres nada m\u00e1s. Tres grupos de misioneros sufrieron naufragios y nunca llegaron all\u00e1. Para colmo, muchos colonos franceses no viv\u00edan su fe cristiana satisfactoriamente. Adem\u00e1s hab\u00eda entre ellos muchos protestantes, que no se complac\u00edan viendo all\u00ed misioneros cat\u00f3licos y esta divisi\u00f3n escandalizaba a los ind\u00edgenas. Sin embargo el P. Vicente, y muchos de sus hermanos de la Congregaci\u00f3n, deseaban perseverar con esta misi\u00f3n. M\u00e1s bien parece un reto para probar su fe, su esperanza y su valor.<\/p>\n<p>Uno de los misioneros, con un buen plan para llevar a cabo la misi\u00f3n de Madagascar, fue el P. Carlos Nacquart. Observ\u00f3 que los nativos recib\u00edan el cristianismo con alegr\u00eda. No bautiz\u00f3 a muchos ind\u00edgenas, prefiriendo que recibieran antes una buena instrucci\u00f3n y reformaran primero sus costumbres. Planific\u00f3 levantar una escuela de artes y oficios, llevar las Hijas de la Caridad para educar a las j\u00f3venes y empez\u00f3 por escribir un catecismo en la lengua local. Sin embargo, muri\u00f3 el a\u00f1o 1650, despu\u00e9s de un a\u00f1o y cinco meses de su llegada. No tuvo un sucesor hasta cuatro a\u00f1os m\u00e1s tarde cuando arrib\u00f3 el P. Toussaint Bourdaise. Tambi\u00e9n \u00e9ste era un misionero eficiente, que viaj\u00f3 por muchas partes de la isla durante casi tres a\u00f1os. Consigui\u00f3 impartir seiscientos bautismos. Despu\u00e9s de dos a\u00f1os recibi\u00f3 dos compa\u00f1eros m\u00e1s, pero ambos murieron despu\u00e9s de poco tiempo. Los misioneros continuaron llegando hasta que el gobierno franc\u00e9s abandon\u00f3 la empresa colonial en la isla unos cuatro a\u00f1os despu\u00e9s de la muerte del P. Vicente. Esta misi\u00f3n demostr\u00f3 claramente hasta qu\u00e9 punto las misiones en \u00c1frica eran peligrosas para los aclimatados a las condiciones de salud de Europa.<\/p>\n","protected":false},"excerpt":{"rendered":"<p>El gran ideal del P. Vicente de Pa\u00fal era la renovaci\u00f3n de la Iglesia cat\u00f3lica de Francia. Pero sab\u00eda que la Iglesia es una instituci\u00f3n universal enviada por el Se\u00f1or al mundo entero. Por ello &#8230; <a href=\"https:\/\/vincentians.com\/es\/san-vicente-de-paul-8-id-por-todo-el-mundo\/\" class=\"more-link\">Read More<\/a><\/p>\n","protected":false},"author":4,"featured_media":45663,"comment_status":"open","ping_status":"open","sticky":false,"template":"","format":"standard","meta":{"jetpack_post_was_ever_published":false,"_jetpack_newsletter_access":"","_jetpack_dont_email_post_to_subs":false,"_jetpack_newsletter_tier_id":0,"_jetpack_memberships_contains_paywalled_content":false,"_jetpack_memberships_contains_paid_content":false,"footnotes":"","jetpack_publicize_message":"","jetpack_publicize_feature_enabled":true,"jetpack_social_post_already_shared":true,"jetpack_social_options":{"image_generator_settings":{"template":"highway","default_image_id":0,"font":"","enabled":false},"version":2}},"categories":[5],"tags":[168,148,149,143,116],"class_list":["post-45661","post","type-post","status-publish","format-standard","has-post-thumbnail","hentry","category-vicente-de-paul","tag-argel","tag-clichy","tag-san-francisco-javier","tag-san-lazaro","tag-tunez"],"yoast_head":"<!-- This site is optimized with the Yoast SEO plugin v26.3 - https:\/\/yoast.com\/wordpress\/plugins\/seo\/ -->\n<title>San Vicente de Pa\u00fal: 8. Id por todo el mundo - Somos Vicencianos<\/title>\n<meta name=\"robots\" content=\"index, follow, max-snippet:-1, max-image-preview:large, max-video-preview:-1\" \/>\n<link rel=\"canonical\" href=\"https:\/\/vincentians.com\/es\/san-vicente-de-paul-8-id-por-todo-el-mundo\/\" \/>\n<meta property=\"og:locale\" content=\"es_ES\" \/>\n<meta property=\"og:type\" content=\"article\" \/>\n<meta property=\"og:title\" content=\"San Vicente de Pa\u00fal: 8. Id por todo el mundo - Somos Vicencianos\" \/>\n<meta property=\"og:description\" content=\"El gran ideal del P. Vicente de Pa\u00fal era la renovaci\u00f3n de la Iglesia cat\u00f3lica de Francia. Pero sab\u00eda que la Iglesia es una instituci\u00f3n universal enviada por el Se\u00f1or al mundo entero. Por ello ... Read More\" \/>\n<meta property=\"og:url\" content=\"https:\/\/vincentians.com\/es\/san-vicente-de-paul-8-id-por-todo-el-mundo\/\" \/>\n<meta property=\"og:site_name\" content=\"Somos Vicencianos\" \/>\n<meta property=\"article:publisher\" content=\"https:\/\/www.facebook.com\/WeAreVincentians\/\" \/>\n<meta property=\"article:author\" content=\"https:\/\/www.facebook.com\/JavierChento\" \/>\n<meta property=\"article:published_time\" content=\"2015-06-08T10:30:11+00:00\" \/>\n<meta property=\"article:modified_time\" content=\"2016-07-26T15:21:18+00:00\" \/>\n<meta name=\"author\" content=\"Francisco Javier Fern\u00e1ndez Chento\" \/>\n<meta name=\"twitter:card\" content=\"summary_large_image\" \/>\n<meta name=\"twitter:creator\" content=\"@https:\/\/twitter.com\/javierchento\" \/>\n<meta name=\"twitter:site\" content=\"@WeVincentians\" \/>\n<meta name=\"twitter:label1\" content=\"Escrito por\" \/>\n\t<meta name=\"twitter:data1\" content=\"Francisco Javier Fern\u00e1ndez Chento\" \/>\n\t<meta name=\"twitter:label2\" content=\"Tiempo de lectura\" \/>\n\t<meta name=\"twitter:data2\" content=\"8 minutos\" \/>\n<script type=\"application\/ld+json\" class=\"yoast-schema-graph\">{\"@context\":\"https:\/\/schema.org\",\"@graph\":[{\"@type\":\"Article\",\"@id\":\"https:\/\/vincentians.com\/es\/san-vicente-de-paul-8-id-por-todo-el-mundo\/#article\",\"isPartOf\":{\"@id\":\"https:\/\/vincentians.com\/es\/san-vicente-de-paul-8-id-por-todo-el-mundo\/\"},\"author\":{\"name\":\"Francisco Javier Fern\u00e1ndez Chento\",\"@id\":\"http:\/\/vincentians.com\/es\/#\/schema\/person\/9623ef4d9aa3b2dfb8c061f1499288f2\"},\"headline\":\"San Vicente de Pa\u00fal: 8. Id por todo el mundo\",\"datePublished\":\"2015-06-08T10:30:11+00:00\",\"dateModified\":\"2016-07-26T15:21:18+00:00\",\"mainEntityOfPage\":{\"@id\":\"https:\/\/vincentians.com\/es\/san-vicente-de-paul-8-id-por-todo-el-mundo\/\"},\"wordCount\":1642,\"commentCount\":0,\"publisher\":{\"@id\":\"http:\/\/vincentians.com\/es\/#organization\"},\"image\":{\"@id\":\"https:\/\/vincentians.com\/es\/san-vicente-de-paul-8-id-por-todo-el-mundo\/#primaryimage\"},\"thumbnailUrl\":\"\",\"keywords\":[\"Argel\",\"Clichy\",\"San Francisco Javier\",\"San L\u00e1zaro\",\"T\u00fanez\"],\"articleSection\":[\"Vicente de Pa\u00fal\"],\"inLanguage\":\"es\",\"potentialAction\":[{\"@type\":\"CommentAction\",\"name\":\"Comment\",\"target\":[\"https:\/\/vincentians.com\/es\/san-vicente-de-paul-8-id-por-todo-el-mundo\/#respond\"]}]},{\"@type\":\"WebPage\",\"@id\":\"https:\/\/vincentians.com\/es\/san-vicente-de-paul-8-id-por-todo-el-mundo\/\",\"url\":\"https:\/\/vincentians.com\/es\/san-vicente-de-paul-8-id-por-todo-el-mundo\/\",\"name\":\"San Vicente de Pa\u00fal: 8. Id por todo el mundo - Somos Vicencianos\",\"isPartOf\":{\"@id\":\"http:\/\/vincentians.com\/es\/#website\"},\"primaryImageOfPage\":{\"@id\":\"https:\/\/vincentians.com\/es\/san-vicente-de-paul-8-id-por-todo-el-mundo\/#primaryimage\"},\"image\":{\"@id\":\"https:\/\/vincentians.com\/es\/san-vicente-de-paul-8-id-por-todo-el-mundo\/#primaryimage\"},\"thumbnailUrl\":\"\",\"datePublished\":\"2015-06-08T10:30:11+00:00\",\"dateModified\":\"2016-07-26T15:21:18+00:00\",\"breadcrumb\":{\"@id\":\"https:\/\/vincentians.com\/es\/san-vicente-de-paul-8-id-por-todo-el-mundo\/#breadcrumb\"},\"inLanguage\":\"es\",\"potentialAction\":[{\"@type\":\"ReadAction\",\"target\":[\"https:\/\/vincentians.com\/es\/san-vicente-de-paul-8-id-por-todo-el-mundo\/\"]}]},{\"@type\":\"ImageObject\",\"inLanguage\":\"es\",\"@id\":\"https:\/\/vincentians.com\/es\/san-vicente-de-paul-8-id-por-todo-el-mundo\/#primaryimage\",\"url\":\"\",\"contentUrl\":\"\"},{\"@type\":\"BreadcrumbList\",\"@id\":\"https:\/\/vincentians.com\/es\/san-vicente-de-paul-8-id-por-todo-el-mundo\/#breadcrumb\",\"itemListElement\":[{\"@type\":\"ListItem\",\"position\":1,\"name\":\"Portada\",\"item\":\"http:\/\/vincentians.com\/es\/\"},{\"@type\":\"ListItem\",\"position\":2,\"name\":\"San Vicente de Pa\u00fal: 8. Id por todo el mundo\"}]},{\"@type\":\"WebSite\",\"@id\":\"http:\/\/vincentians.com\/es\/#website\",\"url\":\"http:\/\/vincentians.com\/es\/\",\"name\":\"Somos Vicencianos\",\"description\":\"Know more to serve more\",\"publisher\":{\"@id\":\"http:\/\/vincentians.com\/es\/#organization\"},\"potentialAction\":[{\"@type\":\"SearchAction\",\"target\":{\"@type\":\"EntryPoint\",\"urlTemplate\":\"http:\/\/vincentians.com\/es\/?s={search_term_string}\"},\"query-input\":{\"@type\":\"PropertyValueSpecification\",\"valueRequired\":true,\"valueName\":\"search_term_string\"}}],\"inLanguage\":\"es\"},{\"@type\":\"Organization\",\"@id\":\"http:\/\/vincentians.com\/es\/#organization\",\"name\":\"The Vincentian Network\",\"url\":\"http:\/\/vincentians.com\/es\/\",\"logo\":{\"@type\":\"ImageObject\",\"inLanguage\":\"es\",\"@id\":\"http:\/\/vincentians.com\/es\/#\/schema\/logo\/image\/\",\"url\":\"https:\/\/i1.wp.com\/vincentians.com\/es\/wp-content\/uploads\/sites\/11\/2016\/06\/Vincentian-Network-logo-big.png?fit=778%2C778\",\"contentUrl\":\"https:\/\/i1.wp.com\/vincentians.com\/es\/wp-content\/uploads\/sites\/11\/2016\/06\/Vincentian-Network-logo-big.png?fit=778%2C778\",\"width\":778,\"height\":778,\"caption\":\"The Vincentian Network\"},\"image\":{\"@id\":\"http:\/\/vincentians.com\/es\/#\/schema\/logo\/image\/\"},\"sameAs\":[\"https:\/\/www.facebook.com\/WeAreVincentians\/\",\"https:\/\/x.com\/WeVincentians\"]},{\"@type\":\"Person\",\"@id\":\"http:\/\/vincentians.com\/es\/#\/schema\/person\/9623ef4d9aa3b2dfb8c061f1499288f2\",\"name\":\"Francisco Javier Fern\u00e1ndez Chento\",\"image\":{\"@type\":\"ImageObject\",\"inLanguage\":\"es\",\"@id\":\"http:\/\/vincentians.com\/es\/#\/schema\/person\/image\/\",\"url\":\"https:\/\/secure.gravatar.com\/avatar\/497d5cde87b4c3d097d0315953521681ba2cd523ee66e5077c3711f7021e65de?s=96&d=mm&r=g\",\"contentUrl\":\"https:\/\/secure.gravatar.com\/avatar\/497d5cde87b4c3d097d0315953521681ba2cd523ee66e5077c3711f7021e65de?s=96&d=mm&r=g\",\"caption\":\"Francisco Javier Fern\u00e1ndez Chento\"},\"description\":\"Director General y cofundador de La Red de Formaci\u00f3n Vicenciana. Javier es laico vicenciano, afiliado a la Congregaci\u00f3n de la Misi\u00f3n y miembro del Equipo de Misiones Populares de la provincia can\u00f3nica de Zaragoza (Espa\u00f1a) de la Congregaci\u00f3n de la Misi\u00f3n. Graduado en la Universidad Oberta de Catalunya con cuatro grados (Asistente de direcci\u00f3n, Gesti\u00f3n Administrativa, Recursos Humanos y Contabilidad Avanzada). Bil\u00edng\u00fce Espa\u00f1ol\/Ingl\u00e9s. gestiona y mantiene varias p\u00e1ginas web cristianas y vicencianas, incluida including La Red de Formaci\u00f3n Vicenciana, de la que es cofundador. Actualmente es responsable del \u00e1rea de Espa\u00f1ol de .famvin, la Red de Noticias de la Familia Vicenciana. Tambi\u00e9n es m\u00fasico cat\u00f3lico y ha editado varios discos. Es Director General y cofundador de Trovador, una reconocida compa\u00f1\u00eda discogr\u00e1fica critiana de Espa\u00f1a. Trabaja en las Tecnolog\u00edas de la Informaci\u00f3n, ofreciendo servicios de alojamiento, dise\u00f1o y mantenimiento Web, as\u00ed como asesoramiento, formaci\u00f3n y soluciones inform\u00e1ticas, gesti\u00f3n documental y digitalizaci\u00f3n de textos, edici\u00f3n y maquetaci\u00f3n de libros, revistas, flyers, etc.\",\"sameAs\":[\"http:\/\/chento.org\",\"https:\/\/www.facebook.com\/JavierChento\",\"https:\/\/x.com\/https:\/\/twitter.com\/javierchento\"],\"url\":\"https:\/\/vincentians.com\/es\/author\/chento\/\"}]}<\/script>\n<!-- \/ Yoast SEO plugin. -->","yoast_head_json":{"title":"San Vicente de Pa\u00fal: 8. Id por todo el mundo - Somos Vicencianos","robots":{"index":"index","follow":"follow","max-snippet":"max-snippet:-1","max-image-preview":"max-image-preview:large","max-video-preview":"max-video-preview:-1"},"canonical":"https:\/\/vincentians.com\/es\/san-vicente-de-paul-8-id-por-todo-el-mundo\/","og_locale":"es_ES","og_type":"article","og_title":"San Vicente de Pa\u00fal: 8. Id por todo el mundo - Somos Vicencianos","og_description":"El gran ideal del P. Vicente de Pa\u00fal era la renovaci\u00f3n de la Iglesia cat\u00f3lica de Francia. Pero sab\u00eda que la Iglesia es una instituci\u00f3n universal enviada por el Se\u00f1or al mundo entero. Por ello ... Read More","og_url":"https:\/\/vincentians.com\/es\/san-vicente-de-paul-8-id-por-todo-el-mundo\/","og_site_name":"Somos Vicencianos","article_publisher":"https:\/\/www.facebook.com\/WeAreVincentians\/","article_author":"https:\/\/www.facebook.com\/JavierChento","article_published_time":"2015-06-08T10:30:11+00:00","article_modified_time":"2016-07-26T15:21:18+00:00","author":"Francisco Javier Fern\u00e1ndez Chento","twitter_card":"summary_large_image","twitter_creator":"@https:\/\/twitter.com\/javierchento","twitter_site":"@WeVincentians","twitter_misc":{"Escrito por":"Francisco Javier Fern\u00e1ndez Chento","Tiempo de lectura":"8 minutos"},"schema":{"@context":"https:\/\/schema.org","@graph":[{"@type":"Article","@id":"https:\/\/vincentians.com\/es\/san-vicente-de-paul-8-id-por-todo-el-mundo\/#article","isPartOf":{"@id":"https:\/\/vincentians.com\/es\/san-vicente-de-paul-8-id-por-todo-el-mundo\/"},"author":{"name":"Francisco Javier Fern\u00e1ndez Chento","@id":"http:\/\/vincentians.com\/es\/#\/schema\/person\/9623ef4d9aa3b2dfb8c061f1499288f2"},"headline":"San Vicente de Pa\u00fal: 8. Id por todo el mundo","datePublished":"2015-06-08T10:30:11+00:00","dateModified":"2016-07-26T15:21:18+00:00","mainEntityOfPage":{"@id":"https:\/\/vincentians.com\/es\/san-vicente-de-paul-8-id-por-todo-el-mundo\/"},"wordCount":1642,"commentCount":0,"publisher":{"@id":"http:\/\/vincentians.com\/es\/#organization"},"image":{"@id":"https:\/\/vincentians.com\/es\/san-vicente-de-paul-8-id-por-todo-el-mundo\/#primaryimage"},"thumbnailUrl":"","keywords":["Argel","Clichy","San Francisco Javier","San L\u00e1zaro","T\u00fanez"],"articleSection":["Vicente de Pa\u00fal"],"inLanguage":"es","potentialAction":[{"@type":"CommentAction","name":"Comment","target":["https:\/\/vincentians.com\/es\/san-vicente-de-paul-8-id-por-todo-el-mundo\/#respond"]}]},{"@type":"WebPage","@id":"https:\/\/vincentians.com\/es\/san-vicente-de-paul-8-id-por-todo-el-mundo\/","url":"https:\/\/vincentians.com\/es\/san-vicente-de-paul-8-id-por-todo-el-mundo\/","name":"San Vicente de Pa\u00fal: 8. Id por todo el mundo - Somos Vicencianos","isPartOf":{"@id":"http:\/\/vincentians.com\/es\/#website"},"primaryImageOfPage":{"@id":"https:\/\/vincentians.com\/es\/san-vicente-de-paul-8-id-por-todo-el-mundo\/#primaryimage"},"image":{"@id":"https:\/\/vincentians.com\/es\/san-vicente-de-paul-8-id-por-todo-el-mundo\/#primaryimage"},"thumbnailUrl":"","datePublished":"2015-06-08T10:30:11+00:00","dateModified":"2016-07-26T15:21:18+00:00","breadcrumb":{"@id":"https:\/\/vincentians.com\/es\/san-vicente-de-paul-8-id-por-todo-el-mundo\/#breadcrumb"},"inLanguage":"es","potentialAction":[{"@type":"ReadAction","target":["https:\/\/vincentians.com\/es\/san-vicente-de-paul-8-id-por-todo-el-mundo\/"]}]},{"@type":"ImageObject","inLanguage":"es","@id":"https:\/\/vincentians.com\/es\/san-vicente-de-paul-8-id-por-todo-el-mundo\/#primaryimage","url":"","contentUrl":""},{"@type":"BreadcrumbList","@id":"https:\/\/vincentians.com\/es\/san-vicente-de-paul-8-id-por-todo-el-mundo\/#breadcrumb","itemListElement":[{"@type":"ListItem","position":1,"name":"Portada","item":"http:\/\/vincentians.com\/es\/"},{"@type":"ListItem","position":2,"name":"San Vicente de Pa\u00fal: 8. Id por todo el mundo"}]},{"@type":"WebSite","@id":"http:\/\/vincentians.com\/es\/#website","url":"http:\/\/vincentians.com\/es\/","name":"Somos Vicencianos","description":"Know more to serve more","publisher":{"@id":"http:\/\/vincentians.com\/es\/#organization"},"potentialAction":[{"@type":"SearchAction","target":{"@type":"EntryPoint","urlTemplate":"http:\/\/vincentians.com\/es\/?s={search_term_string}"},"query-input":{"@type":"PropertyValueSpecification","valueRequired":true,"valueName":"search_term_string"}}],"inLanguage":"es"},{"@type":"Organization","@id":"http:\/\/vincentians.com\/es\/#organization","name":"The Vincentian Network","url":"http:\/\/vincentians.com\/es\/","logo":{"@type":"ImageObject","inLanguage":"es","@id":"http:\/\/vincentians.com\/es\/#\/schema\/logo\/image\/","url":"https:\/\/i1.wp.com\/vincentians.com\/es\/wp-content\/uploads\/sites\/11\/2016\/06\/Vincentian-Network-logo-big.png?fit=778%2C778","contentUrl":"https:\/\/i1.wp.com\/vincentians.com\/es\/wp-content\/uploads\/sites\/11\/2016\/06\/Vincentian-Network-logo-big.png?fit=778%2C778","width":778,"height":778,"caption":"The Vincentian Network"},"image":{"@id":"http:\/\/vincentians.com\/es\/#\/schema\/logo\/image\/"},"sameAs":["https:\/\/www.facebook.com\/WeAreVincentians\/","https:\/\/x.com\/WeVincentians"]},{"@type":"Person","@id":"http:\/\/vincentians.com\/es\/#\/schema\/person\/9623ef4d9aa3b2dfb8c061f1499288f2","name":"Francisco Javier Fern\u00e1ndez Chento","image":{"@type":"ImageObject","inLanguage":"es","@id":"http:\/\/vincentians.com\/es\/#\/schema\/person\/image\/","url":"https:\/\/secure.gravatar.com\/avatar\/497d5cde87b4c3d097d0315953521681ba2cd523ee66e5077c3711f7021e65de?s=96&d=mm&r=g","contentUrl":"https:\/\/secure.gravatar.com\/avatar\/497d5cde87b4c3d097d0315953521681ba2cd523ee66e5077c3711f7021e65de?s=96&d=mm&r=g","caption":"Francisco Javier Fern\u00e1ndez Chento"},"description":"Director General y cofundador de La Red de Formaci\u00f3n Vicenciana. Javier es laico vicenciano, afiliado a la Congregaci\u00f3n de la Misi\u00f3n y miembro del Equipo de Misiones Populares de la provincia can\u00f3nica de Zaragoza (Espa\u00f1a) de la Congregaci\u00f3n de la Misi\u00f3n. Graduado en la Universidad Oberta de Catalunya con cuatro grados (Asistente de direcci\u00f3n, Gesti\u00f3n Administrativa, Recursos Humanos y Contabilidad Avanzada). Bil\u00edng\u00fce Espa\u00f1ol\/Ingl\u00e9s. gestiona y mantiene varias p\u00e1ginas web cristianas y vicencianas, incluida including La Red de Formaci\u00f3n Vicenciana, de la que es cofundador. Actualmente es responsable del \u00e1rea de Espa\u00f1ol de .famvin, la Red de Noticias de la Familia Vicenciana. Tambi\u00e9n es m\u00fasico cat\u00f3lico y ha editado varios discos. Es Director General y cofundador de Trovador, una reconocida compa\u00f1\u00eda discogr\u00e1fica critiana de Espa\u00f1a. Trabaja en las Tecnolog\u00edas de la Informaci\u00f3n, ofreciendo servicios de alojamiento, dise\u00f1o y mantenimiento Web, as\u00ed como asesoramiento, formaci\u00f3n y soluciones inform\u00e1ticas, gesti\u00f3n documental y digitalizaci\u00f3n de textos, edici\u00f3n y maquetaci\u00f3n de libros, revistas, flyers, etc.","sameAs":["http:\/\/chento.org","https:\/\/www.facebook.com\/JavierChento","https:\/\/x.com\/https:\/\/twitter.com\/javierchento"],"url":"https:\/\/vincentians.com\/es\/author\/chento\/"}]}},"jetpack_publicize_connections":[],"jetpack_featured_media_url":"","jetpack_sharing_enabled":true,"jetpack_shortlink":"https:\/\/wp.me\/p7ETMF-bSt","jetpack-related-posts":[{"id":124206,"url":"https:\/\/vincentians.com\/es\/vicente-de-paul-id-por-todo-el-mundo\/","url_meta":{"origin":45661,"position":0},"title":"Vicente de Pa\u00fal: Id por todo el mundo","author":"Francisco Javier Fern\u00e1ndez Chento","date":"23\/03\/2023","format":false,"excerpt":"El gran ideal del P. Vicente de Pa\u00fal era la renovaci\u00f3n de la Iglesia cat\u00f3lica de Francia. Pero sab\u00eda que la Iglesia es una instituci\u00f3n universal enviada por el Se\u00f1or al mundo entero. Por ello valoraba en gran manera la posici\u00f3n del Santo Padre dentro del sistema eclesial y sosten\u00eda\u2026","rel":"","context":"En \u00abVicente de Pa\u00fal\u00bb","block_context":{"text":"Vicente de Pa\u00fal","link":"https:\/\/vincentians.com\/es\/category\/la-familia-vicenciana\/fundadores\/vicente-de-paul\/"},"img":{"alt_text":"","src":"https:\/\/i0.wp.com\/vincentians.com\/es\/wp-content\/uploads\/sites\/11\/2013\/05\/d.jpg?fit=1200%2C799&ssl=1&resize=350%2C200","width":350,"height":200,"srcset":"https:\/\/i0.wp.com\/vincentians.com\/es\/wp-content\/uploads\/sites\/11\/2013\/05\/d.jpg?fit=1200%2C799&ssl=1&resize=350%2C200 1x, https:\/\/i0.wp.com\/vincentians.com\/es\/wp-content\/uploads\/sites\/11\/2013\/05\/d.jpg?fit=1200%2C799&ssl=1&resize=525%2C300 1.5x, https:\/\/i0.wp.com\/vincentians.com\/es\/wp-content\/uploads\/sites\/11\/2013\/05\/d.jpg?fit=1200%2C799&ssl=1&resize=700%2C400 2x, https:\/\/i0.wp.com\/vincentians.com\/es\/wp-content\/uploads\/sites\/11\/2013\/05\/d.jpg?fit=1200%2C799&ssl=1&resize=1050%2C600 3x"},"classes":[]},{"id":387345,"url":"https:\/\/vincentians.com\/es\/fechas-en-la-vida-de-san-vicente\/","url_meta":{"origin":45661,"position":1},"title":"Fechas en la vida de San Vicente","author":"Francisco Javier Fern\u00e1ndez Chento","date":"21\/12\/2017","format":false,"excerpt":"1581: En Pouy (Landas) nace Vicente de Pa\u00fal, tercer hijo de la familia de Pa\u00fal. 1595: Vicente sale de Pouy para ir a Dax, donde vivir\u00e1 en casa del Se\u00f1or de Comet, abogado en Dax y juez en Pouy. Cursa estudios en el colegio de los Franciscanos. 1596: Vicente inicia\u2026","rel":"","context":"En \u00abVicente de Pa\u00fal\u00bb","block_context":{"text":"Vicente de Pa\u00fal","link":"https:\/\/vincentians.com\/es\/category\/la-familia-vicenciana\/fundadores\/vicente-de-paul\/"},"img":{"alt_text":"","src":"https:\/\/i0.wp.com\/vincentians.com\/es\/wp-content\/uploads\/sites\/11\/2016\/08\/con-damas-de-la-caridad.jpg?fit=1200%2C630&ssl=1&resize=350%2C200","width":350,"height":200,"srcset":"https:\/\/i0.wp.com\/vincentians.com\/es\/wp-content\/uploads\/sites\/11\/2016\/08\/con-damas-de-la-caridad.jpg?fit=1200%2C630&ssl=1&resize=350%2C200 1x, https:\/\/i0.wp.com\/vincentians.com\/es\/wp-content\/uploads\/sites\/11\/2016\/08\/con-damas-de-la-caridad.jpg?fit=1200%2C630&ssl=1&resize=525%2C300 1.5x, https:\/\/i0.wp.com\/vincentians.com\/es\/wp-content\/uploads\/sites\/11\/2016\/08\/con-damas-de-la-caridad.jpg?fit=1200%2C630&ssl=1&resize=700%2C400 2x, https:\/\/i0.wp.com\/vincentians.com\/es\/wp-content\/uploads\/sites\/11\/2016\/08\/con-damas-de-la-caridad.jpg?fit=1200%2C630&ssl=1&resize=1050%2C600 3x"},"classes":[]},{"id":143203,"url":"https:\/\/vincentians.com\/es\/la-mision-segun-san-vicente-el-misionero\/","url_meta":{"origin":45661,"position":2},"title":"La Misi\u00f3n seg\u00fan san Vicente, el misionero","author":"Francisco Javier Fern\u00e1ndez Chento","date":"16\/04\/2015","format":false,"excerpt":"Introducci\u00f3n Las palabras \u201cmisi\u00f3n y misionero\u201d son ciertamente las que mejor definen a san Vicente, las que mejor unifican su personalidad y su espiritualidad. Cuando estudiamos a san Vicente, su vida, sus actividades o sus obras, se corre el riesgo de ser sorprendido o desbordado, por el lado imponente y\u2026","rel":"","context":"En \u00abFormaci\u00f3n Vicenciana\u00bb","block_context":{"text":"Formaci\u00f3n Vicenciana","link":"https:\/\/vincentians.com\/es\/category\/formacion-vicenciana\/"},"img":{"alt_text":"imagenes-vicente","src":"https:\/\/i0.wp.com\/vicencianos.org\/wp-content\/2015\/04\/imagenes-vicente-300x169.jpg?resize=350%2C200","width":350,"height":200},"classes":[]},{"id":119558,"url":"https:\/\/vincentians.com\/es\/san-vicente-de-paul-y-su-entronque-hispanico-vii\/","url_meta":{"origin":45661,"position":3},"title":"San Vicente de Pa\u00fal y su entronque hisp\u00e1nico (VII)","author":"Francisco Javier Fern\u00e1ndez Chento","date":"21\/08\/2022","format":false,"excerpt":"Art\u00edculo II: Emparentamiento teol\u00f3gico y asc\u00e9tico. No s\u00f3lo depende su formaci\u00f3n teol\u00f3gica, en gran parte, de la Universidad de Zaragoza, en la que bebi\u00f3 aquella doctrina 's\u00f3lida y sana\", que no s\u00f3lo le dio el sentido de la ortodoxia cat\u00f3lica, que le libr\u00f3 y con la que combati\u00f3 victoriosamente las\u2026","rel":"","context":"En \u00abVicente de Pa\u00fal\u00bb","block_context":{"text":"Vicente de Pa\u00fal","link":"https:\/\/vincentians.com\/es\/category\/la-familia-vicenciana\/fundadores\/vicente-de-paul\/"},"img":{"alt_text":"","src":"https:\/\/i0.wp.com\/vincentians.com\/es\/wp-content\/uploads\/sites\/11\/2013\/04\/msoF811D.jpg?fit=612%2C490&ssl=1&resize=350%2C200","width":350,"height":200,"srcset":"https:\/\/i0.wp.com\/vincentians.com\/es\/wp-content\/uploads\/sites\/11\/2013\/04\/msoF811D.jpg?fit=612%2C490&ssl=1&resize=350%2C200 1x, https:\/\/i0.wp.com\/vincentians.com\/es\/wp-content\/uploads\/sites\/11\/2013\/04\/msoF811D.jpg?fit=612%2C490&ssl=1&resize=525%2C300 1.5x"},"classes":[]},{"id":125151,"url":"https:\/\/vincentians.com\/es\/servir-a-los-pobres\/","url_meta":{"origin":45661,"position":4},"title":"Servir a los pobres","author":"Francisco Javier Fern\u00e1ndez Chento","date":"30\/11\/2013","format":false,"excerpt":"Es el comienzo del siglo XVII en Francia, donde ha de actuar Vicente de Pa\u00fal, un hervidero de ideas, de pasiones religiosas y pol\u00edticas, de ensayos doctrinales y organizados. El cardenal B\u00e9rulle introduce en Francia las carmelitas, funda la Congregaci\u00f3n del Oratorio para formar una selecci\u00f3n de sacerdotes, y \"naturaliza\"\u2026","rel":"","context":"En \u00abFormaci\u00f3n Vicenciana\u00bb","block_context":{"text":"Formaci\u00f3n Vicenciana","link":"https:\/\/vincentians.com\/es\/category\/formacion-vicenciana\/"},"img":{"alt_text":"SANV","src":"https:\/\/i0.wp.com\/vicencianos.org\/wp-content\/2013\/11\/SANV.jpg?resize=350%2C200","width":350,"height":200},"classes":[]},{"id":120719,"url":"https:\/\/vincentians.com\/es\/mision-ad-gentes-en-la-familia-vicenciana\/","url_meta":{"origin":45661,"position":5},"title":"Misi\u00f3n Ad Gentes en la Familia Vicenciana","author":"Francisco Javier Fern\u00e1ndez Chento","date":"19\/10\/2022","format":false,"excerpt":"Propuesta Mi propuesta para el tema de la misi\u00f3n ad gentes es muy sencilla. El compromiso con \"misiones ad gentes\", est\u00e1 en los funda\u00admentos de nuestra propia espiritualidad y carisma. Forma parte de nuestro ser. Una caracter\u00edstica a la que no hemos prestado excesiva atenci\u00f3n. Pero aunque no la hemos\u2026","rel":"","context":"En \u00abMisiones \u00abAd gentes\u00bb\u00bb","block_context":{"text":"Misiones \u00abAd gentes\u00bb","link":"https:\/\/vincentians.com\/es\/category\/servicios-y-ministerios\/misiones-ad-gentes\/"},"img":{"alt_text":"","src":"https:\/\/i0.wp.com\/vincentians.com\/es\/wp-content\/uploads\/sites\/11\/2015\/02\/St_Vincent_De_Paul_-bible-1.jpg?fit=1200%2C630&ssl=1&resize=350%2C200","width":350,"height":200,"srcset":"https:\/\/i0.wp.com\/vincentians.com\/es\/wp-content\/uploads\/sites\/11\/2015\/02\/St_Vincent_De_Paul_-bible-1.jpg?fit=1200%2C630&ssl=1&resize=350%2C200 1x, https:\/\/i0.wp.com\/vincentians.com\/es\/wp-content\/uploads\/sites\/11\/2015\/02\/St_Vincent_De_Paul_-bible-1.jpg?fit=1200%2C630&ssl=1&resize=525%2C300 1.5x, https:\/\/i0.wp.com\/vincentians.com\/es\/wp-content\/uploads\/sites\/11\/2015\/02\/St_Vincent_De_Paul_-bible-1.jpg?fit=1200%2C630&ssl=1&resize=700%2C400 2x, https:\/\/i0.wp.com\/vincentians.com\/es\/wp-content\/uploads\/sites\/11\/2015\/02\/St_Vincent_De_Paul_-bible-1.jpg?fit=1200%2C630&ssl=1&resize=1050%2C600 3x"},"classes":[]}],"_links":{"self":[{"href":"https:\/\/vincentians.com\/es\/wp-json\/wp\/v2\/posts\/45661","targetHints":{"allow":["GET"]}}],"collection":[{"href":"https:\/\/vincentians.com\/es\/wp-json\/wp\/v2\/posts"}],"about":[{"href":"https:\/\/vincentians.com\/es\/wp-json\/wp\/v2\/types\/post"}],"author":[{"embeddable":true,"href":"https:\/\/vincentians.com\/es\/wp-json\/wp\/v2\/users\/4"}],"replies":[{"embeddable":true,"href":"https:\/\/vincentians.com\/es\/wp-json\/wp\/v2\/comments?post=45661"}],"version-history":[{"count":0,"href":"https:\/\/vincentians.com\/es\/wp-json\/wp\/v2\/posts\/45661\/revisions"}],"wp:featuredmedia":[{"embeddable":true,"href":"https:\/\/vincentians.com\/es\/wp-json\/"}],"wp:attachment":[{"href":"https:\/\/vincentians.com\/es\/wp-json\/wp\/v2\/media?parent=45661"}],"wp:term":[{"taxonomy":"category","embeddable":true,"href":"https:\/\/vincentians.com\/es\/wp-json\/wp\/v2\/categories?post=45661"},{"taxonomy":"post_tag","embeddable":true,"href":"https:\/\/vincentians.com\/es\/wp-json\/wp\/v2\/tags?post=45661"}],"curies":[{"name":"wp","href":"https:\/\/api.w.org\/{rel}","templated":true}]}}