{"id":45631,"date":"2015-02-04T07:10:43","date_gmt":"2015-02-04T06:10:43","guid":{"rendered":"http:\/\/somos.vicencianos.org\/?p=45631"},"modified":"2016-07-26T19:17:59","modified_gmt":"2016-07-26T17:17:59","slug":"el-amor-es-creativo-hasta-el-infinito-sobre-la-eucaristia-en-la-tradicion-vicenciana","status":"publish","type":"post","link":"https:\/\/vincentians.com\/es\/el-amor-es-creativo-hasta-el-infinito-sobre-la-eucaristia-en-la-tradicion-vicenciana\/","title":{"rendered":"El amor es creativo hasta el infinito: Sobre la Eucarist\u00eda en la tradici\u00f3n vicenciana"},"content":{"rendered":"<p><a href=\"https:\/\/i0.wp.com\/vicencianos.org\/wp-content\/2011\/07\/eucaristia.jpg\"><img data-recalc-dims=\"1\" loading=\"lazy\" decoding=\"async\" class=\"size-medium wp-image-45636 alignright\" title=\"eucaristia\" src=\"https:\/\/i0.wp.com\/vicencianos.org\/wp-content\/2011\/07\/eucaristia-225x300.jpg?resize=225%2C300\" alt=\"\" width=\"225\" height=\"300\" \/><\/a>Dentro de nuestra Familia, citamos a menudo el dicho de San Vicente: \u00abEl amor es creativo hasta el infinito\u00bb.<span id='easy-footnote-1-45631' class='easy-footnote-margin-adjust'><\/span><span class='easy-footnote'><a href='https:\/\/vincentians.com\/es\/el-amor-es-creativo-hasta-el-infinito-sobre-la-eucaristia-en-la-tradicion-vicenciana\/#easy-footnote-bottom-1-45631' title='SV XI, 146 \/ ES XI, 65.'><sup>1<\/sup><\/a><\/span> Ordinariamente, usamos esta cita para motivar a otros a ser creativos pastoralmente, a responder a las nuevas formas de pobreza, a ser inventivos en nuevos programas de formaci\u00f3n para l\u00edderes laicos o para el clero, a encontrar caminos de erradicar las causas de la pobreza. Pero por conveniente que pueda ser este uso ret\u00f3rico de las palabras de San Vicente, su contexto concreto fue muy diferente. Se refieren a la instituci\u00f3n de la Eucarist\u00eda. San Vicente, hablando a un hermano moribundo en 1645, le exhortaba a pensar en la misericordia de Dios. Despu\u00e9s de describir muchas manifestaciones del tierno amor de Dios, San Vicente dijo al hermano que Jes\u00fas previendo su muerte, no quiso dejar a sus seguidores solos. Tem\u00eda que en su ausencia sus corazones se enfriaran. Y as\u00ed, San Vicente dice al hermano, \u00abcomo el amor es inventivo hasta el infinito&#8230; instituy\u00f3 este venerable sacramento que nos sirviera de alimento y de bebida&#8230; Como el amor lo puede y lo quiere todo, \u00e9l lo quiso as\u00ed\u00bb.<span id='easy-footnote-2-45631' class='easy-footnote-margin-adjust'><\/span><span class='easy-footnote'><a href='https:\/\/vincentians.com\/es\/el-amor-es-creativo-hasta-el-infinito-sobre-la-eucaristia-en-la-tradicion-vicenciana\/#easy-footnote-bottom-2-45631' title='SV XI, 146 \/ ES XI, 146-147.'><sup>2<\/sup><\/a><\/span>\n<p title=\"\">En este art\u00edculo trato de ofrecer algunas reflexiones sobre la Eucarist\u00eda en la tradici\u00f3n vicenciana.<span id='easy-footnote-3-45631' class='easy-footnote-margin-adjust'><\/span><span class='easy-footnote'><a href='https:\/\/vincentians.com\/es\/el-amor-es-creativo-hasta-el-infinito-sobre-la-eucaristia-en-la-tradicion-vicenciana\/#easy-footnote-bottom-3-45631' title='Un tanto sorprendentemente, la bibliograf\u00eda sobre San Vicente y la Eucarist\u00eda no es abundante. He encontrado los siguientes trabajos particularmente provechosos: Rafael S\u00e1inz, \u00abEucarist\u00eda\u00bb en &lt;em&gt;Diccionario&lt;\/em&gt; de &lt;em&gt;Espiritualidad Vicenciana &lt;\/em&gt;(Salamanca: CEME, 1995) 227-232; Jean-Pierre Renouard, \u00abL\u2019Eucaristie \u00e0 la lumi\u00e8re de la spiritualit\u00e9 de Saint Vincent\u00bb en &lt;em&gt;Bulletin des Lazaristes de France &lt;\/em&gt;(N\u00ba 178, julio 2001), 16-23; Etienne Diebold, \u00abNotre \u2018h\u00e9ritage eucharistique\u2019 selon Saint Vincent en &lt;em&gt;Bulletin des Lazaristes de France &lt;\/em&gt;(N\u00ba 79, abril 1981) 1-10. En las biograf\u00edas de San Vicente y en otros libros sobre su espiritualidad, hay muchos pasajes que tratan de este asunto brevemente.'><sup>3<\/sup><\/a><\/span> Siguiendo el m\u00e9todo que he usado en otras muchas ocasiones, dividir\u00e9 estas reflexiones en tres partes:<\/p>\n<ol>\n<li>La Eucarist\u00eda en la vida y escritos de San Vicente<\/li>\n<li>Algunos cambios de horizonte entre los siglos XVII y XX<\/li>\n<li>Algunas reflexiones, en el contexto vicenciano, sobre la Eucarist\u00eda hoy<\/li>\n<\/ol>\n<h2 align=\"center\"><strong>I. La Eucarist\u00eda en la vida y escritos de San Vicente<\/strong><\/h2>\n<p>Vicente no fue un te\u00f3logo sistem\u00e1tico. Sus escritos raramente estructuran un ordenado y bien desarrollado an\u00e1lisis teol\u00f3gico de las cuestiones que afronta. La mayor\u00eda de las cartas y conferencias intentan motivar a su audiencia y sugerir medios de llevar a la pr\u00e1ctica el tema del que est\u00e1 hablando o escribiendo. S\u00f3lo ocasionalmente, como cuando se dirige a las Hijas de la Caridad sobre la mortificaci\u00f3n y sobre la oraci\u00f3n, ofrece explicaciones detalladas sobre el sujeto, pero a\u00fan esas presentaciones no son originales; siguen sencillamente a los autores al uso entonces.<\/p>\n<p>Mientras desde un punto de vista te\u00f3rico, Vicente rara vez es innovador, sus charlas y escritos manifiestan sorprendente sentido com\u00fan, profunda convicci\u00f3n, perspicaz conocimiento de la naturaleza humana, y gran insistencia en llevar las cosas a la pr\u00e1ctica. Las reflexiones de San Vicente sobre la Eucarist\u00eda ilustran bien esto. A continuaci\u00f3n presento ocho de los principales puntos que \u00e9l toca, aqu\u00ed y all\u00ed, hablando de la Eucarist\u00eda. Al hacerlo, no me esforzar\u00e9 en sistematizar lo que San Vicente, seg\u00fan sospecho, nunca intent\u00f3 hacer.<\/p>\n<h3><strong>1. <\/strong><strong>La Eucarist\u00eda es el centro de la \u00abreligi\u00f3n\u00bb y de la \u00abdevoci\u00f3n\u00bb<\/strong><\/h3>\n<p title=\"\">Para San Vicente, la Eucarist\u00eda es el testamento del Se\u00f1or a su Iglesia. Es el \u00faltimo signo de su amor, la fuente de donde brota la perenne vida de la Iglesia. Es tambi\u00e9n el centro de la \u00abreligi\u00f3n\u00bb<span id='easy-footnote-4-45631' class='easy-footnote-margin-adjust'><\/span><span class='easy-footnote'><a href='https:\/\/vincentians.com\/es\/el-amor-es-creativo-hasta-el-infinito-sobre-la-eucaristia-en-la-tradicion-vicenciana\/#easy-footnote-bottom-4-45631' title='SV XIII, 32 \/ ES X, 40.'><sup>4<\/sup><\/a><\/span> y el fundamento de la \u00abdevoci\u00f3n\u00bb<span id='easy-footnote-5-45631' class='easy-footnote-margin-adjust'><\/span><span class='easy-footnote'><a href='https:\/\/vincentians.com\/es\/el-amor-es-creativo-hasta-el-infinito-sobre-la-eucaristia-en-la-tradicion-vicenciana\/#easy-footnote-bottom-5-45631' title='SV IX, 5 \/ ES IX, 25.'><sup>5<\/sup><\/a><\/span> uni\u00e9ndonos al amor de Cristo a Dios su padre.<\/p>\n<p title=\"\">\u00abReligi\u00f3n\u00bb y \u00abdevoci\u00f3n\u00bb tienen un especial significado en los escritos de San Vicente como tambi\u00e9n en los de muchos de sus contempor\u00e1neos. Con notable precisi\u00f3n San Vicente indica en una de sus cartas que la psicolog\u00eda de Jes\u00fas se encierra en dos completivas direcciones, \u00absu filial relaci\u00f3n (<em>religi\u00f3n,<\/em> en franc\u00e9s) para con su Padre y la caridad para con los hombres\u00bb.<span id='easy-footnote-6-45631' class='easy-footnote-margin-adjust'><\/span><span class='easy-footnote'><a href='https:\/\/vincentians.com\/es\/el-amor-es-creativo-hasta-el-infinito-sobre-la-eucaristia-en-la-tradicion-vicenciana\/#easy-footnote-bottom-6-45631' title='SV VI, 393 \/ ES VI, 370.'><sup>6<\/sup><\/a><\/span> B\u00e9rulle, Olier y otros miembros de la Escuela francesa hablan de \u00abla religi\u00f3n\u00bb como de la respuesta b\u00e1sica de la persona humana respecto a Dios, una actitud de adoraci\u00f3n, de plena consagraci\u00f3n de uno mismo a Dios.<span id='easy-footnote-7-45631' class='easy-footnote-margin-adjust'><\/span><span class='easy-footnote'><a href='https:\/\/vincentians.com\/es\/el-amor-es-creativo-hasta-el-infinito-sobre-la-eucaristia-en-la-tradicion-vicenciana\/#easy-footnote-bottom-7-45631' title='Raymond Deville, &lt;em&gt;L\u2019\u00cbcole fran\u00e7aise de spiritualite &lt;\/em&gt;(Par\u00eds, descl\u00e9e, 1987) 103-104.'><sup>7<\/sup><\/a><\/span> De igual manera San Vicente, en uno de sus primeros sermones sobre la Comuni\u00f3n, habla de la Eucarist\u00eda como \u00abel verdadero fundamento y centro de la religi\u00f3n\u00bb.<span id='easy-footnote-8-45631' class='easy-footnote-margin-adjust'><\/span><span class='easy-footnote'><a href='https:\/\/vincentians.com\/es\/el-amor-es-creativo-hasta-el-infinito-sobre-la-eucaristia-en-la-tradicion-vicenciana\/#easy-footnote-bottom-8-45631' title='SV XIII, 32 \/ ES X, 40.'><sup>8<\/sup><\/a><\/span>\n<p title=\"\">Hablando a las Hijas de la Caridad, el santo llama a la Eucarist\u00eda \u00abel centro de la devoci\u00f3n\u00bb.<span id='easy-footnote-9-45631' class='easy-footnote-margin-adjust'><\/span><span class='easy-footnote'><a href='https:\/\/vincentians.com\/es\/el-amor-es-creativo-hasta-el-infinito-sobre-la-eucaristia-en-la-tradicion-vicenciana\/#easy-footnote-bottom-9-45631' title='SV IX, 5 \/ ES IX, 25.'><sup>9<\/sup><\/a><\/span> Aqu\u00ed, la influencia de Francisco de Sales en San Vicente parece evidente. Francisco pone el acento en el coraz\u00f3n, describiendo la devoci\u00f3n como amor pronto, vivo y activo,<span id='easy-footnote-10-45631' class='easy-footnote-margin-adjust'><\/span><span class='easy-footnote'><a href='https:\/\/vincentians.com\/es\/el-amor-es-creativo-hasta-el-infinito-sobre-la-eucaristia-en-la-tradicion-vicenciana\/#easy-footnote-bottom-10-45631' title='Andr\u00e9 Dodin, &lt;em&gt;Fran\u00e7ois de Sales &amp;#8211; Vincent de Paul, les deux amis &lt;\/em&gt;(Paris, O.E.I.L., 1984) 18.'><sup>10<\/sup><\/a><\/span> un tanto en contraste con B\u00e9rulle, que usa m\u00e1s sobriamente el t\u00e9rmino \u00abreligi\u00f3n\u00bb.<span id='easy-footnote-11-45631' class='easy-footnote-margin-adjust'><\/span><span class='easy-footnote'><a href='https:\/\/vincentians.com\/es\/el-amor-es-creativo-hasta-el-infinito-sobre-la-eucaristia-en-la-tradicion-vicenciana\/#easy-footnote-bottom-11-45631' title='Uno encuentra parecido \u00e9nfasis sobre el t\u00e9rmino \u00abdevoci\u00f3n\u00bb en los escritos de Juan Eudes. Cf., &lt;em&gt;B\u00e9rulle and the French School, selected Writings, &lt;\/em&gt;publicados con una introducci\u00f3n por William M. Thompson (New York, Paulist Press, 1989) 39.'><sup>11<\/sup><\/a><\/span> Al hablar de la Eucarist\u00eda, San Vicente asimil\u00f3 el pensamiento y vocabulario de B\u00e9rulle y de Francisco.<\/p>\n<h3><strong>2. <\/strong><strong>La Eucarist\u00eda es semilla de<\/strong> <strong>la resurrecci\u00f3n<span id='easy-footnote-12-45631' class='easy-footnote-margin-adjust'><\/span><span class='easy-footnote'><a href='https:\/\/vincentians.com\/es\/el-amor-es-creativo-hasta-el-infinito-sobre-la-eucaristia-en-la-tradicion-vicenciana\/#easy-footnote-bottom-12-45631' title='SV XIII, 34 \/ ES X, 42.'><sup>12<\/sup><\/a><\/span><\/strong><\/h3>\n<p>Recordando el cap\u00edtulo sexto del evangelio de Juan, Vicente afirma que resucitaremos a una vida nueva y eterna si nos alimentamos del cuerpo y sangre del Se\u00f1or. El santo recuerda a sus oyentes, sin embargo, que no basta con recibir simplemente la Eucarist\u00eda, sino que hay que recibirla bien. Citando las palabras de San Pablo,<span id='easy-footnote-13-45631' class='easy-footnote-margin-adjust'><\/span><span class='easy-footnote'><a href='https:\/\/vincentians.com\/es\/el-amor-es-creativo-hasta-el-infinito-sobre-la-eucaristia-en-la-tradicion-vicenciana\/#easy-footnote-bottom-13-45631' title='1Cor 11, 27-29.'><sup>13<\/sup><\/a><\/span> indica que quienes reciben la Eucarist\u00eda indignamente son reos de la muerte del Se\u00f1or.<\/p>\n<p title=\"\">Su \u00e9nfasis en la Eucarist\u00eda como participaci\u00f3n en la vida de Jes\u00fas resucitado es m\u00e1s bien sorprendente pues, mientras Vicente se refiere, a menudo, en sus escritos a la cruz,<span id='easy-footnote-14-45631' class='easy-footnote-margin-adjust'><\/span><span class='easy-footnote'><a href='https:\/\/vincentians.com\/es\/el-amor-es-creativo-hasta-el-infinito-sobre-la-eucaristia-en-la-tradicion-vicenciana\/#easy-footnote-bottom-14-45631' title='Cf. Robert P. Maloney, &lt;em&gt;Escucha el clamor de los pob&lt;\/em&gt;&lt;em&gt;res &lt;\/em&gt;(Ceme, Salamanca, 1996) 39-67.'><sup>14<\/sup><\/a><\/span> las referencias a la resurrecci\u00f3n son relativamente raras en sus obras. En el segundo de sus dos iniciales sermones sobre la Comuni\u00f3n hablando de la ultima Cena y aludiendo asimismo al cap\u00edtulo sexto del evangelio de Juan, afirma, \u00abde esto hemos de concluir que resucitaremos y tendremos la vida eterna\u00bb, si participamos de la carne del Se\u00f1or.<span id='easy-footnote-15-45631' class='easy-footnote-margin-adjust'><\/span><span class='easy-footnote'><a href='https:\/\/vincentians.com\/es\/el-amor-es-creativo-hasta-el-infinito-sobre-la-eucaristia-en-la-tradicion-vicenciana\/#easy-footnote-bottom-15-45631' title='SV XIII, 34 \/ ES X, 42.'><sup>15<\/sup><\/a><\/span>\n<h3><strong>3. No es s\u00f3lo el sacerdote quien ofrece el sacrificio de la Eucarist\u00eda, sino que lo mismo hacen todos los que participan en \u00e9l<\/strong><span id='easy-footnote-16-45631' class='easy-footnote-margin-adjust'><\/span><span class='easy-footnote'><a href='https:\/\/vincentians.com\/es\/el-amor-es-creativo-hasta-el-infinito-sobre-la-eucaristia-en-la-tradicion-vicenciana\/#easy-footnote-bottom-16-45631' title='SV IX,5 \/ ES IX, 24-25.'><sup>16<\/sup><\/a><\/span><\/h3>\n<p>Vicente pone gran \u00e9nfasis en las disposiciones de quienes se acercan a la Eucarist\u00eda. Dice a las Hijas de la Caridad que vayan a Misa todos los d\u00edas, pero que lo hagan con gran devoci\u00f3n. Les pone el ejemplo de Madame Pavillon, cuya devoci\u00f3n admiraban todos en su parroquia. Caminaba ella en la presencia de Dios, dice el santo. Durante la Misa, parec\u00eda casi insensible a cualquier otra cosa.<span id='easy-footnote-17-45631' class='easy-footnote-margin-adjust'><\/span><span class='easy-footnote'><a href='https:\/\/vincentians.com\/es\/el-amor-es-creativo-hasta-el-infinito-sobre-la-eucaristia-en-la-tradicion-vicenciana\/#easy-footnote-bottom-17-45631' title='&lt;em&gt;Ibid.&lt;\/em&gt;'><sup>17<\/sup><\/a><\/span>\n<p>En este contexto, Vicente expresa su deseo de que las Hermanas est\u00e9n bien instruidas acerca del significado de la Eucarist\u00eda. En un lenguaje que suena a pos-Vaticano II, insiste en una participaci\u00f3n activa, indicando que todos los que toman parte en la Eucarist\u00eda ofrecen el sacrificio del Se\u00f1or, y no solamente el sacerdote.<span id='easy-footnote-18-45631' class='easy-footnote-margin-adjust'><\/span><span class='easy-footnote'><a href='https:\/\/vincentians.com\/es\/el-amor-es-creativo-hasta-el-infinito-sobre-la-eucaristia-en-la-tradicion-vicenciana\/#easy-footnote-bottom-18-45631' title='&lt;em&gt;Ibid.&lt;\/em&gt;'><sup>18<\/sup><\/a><\/span>\n<p>Para animar a los dem\u00e1s a participar bien en la Eucarist\u00eda, Vicente pone gran \u00e9nfasis en la preparaci\u00f3n. Con encantadora imagen, indica en uno de los pocos sermones que de \u00e9l se conservan:<\/p>\n<p style=\"padding-left: 30px\"><em>El que tiene que recibir a otra persona m\u00e1s digna se esfuerza y se preocupa mucho por recibirlo dignamente. Arregla su hogar, lo limpia, lo alfombra, lo adorna, procura que no haya en \u00e9l nada desagradable. Env\u00eda a la carnicer\u00eda a comprar la mejor carne, caza alg\u00fan venado, y se cuida de otros mil detalles. Pero para Nuestro Se\u00f1or no hay necesidad de nada de esto; no hay que emprender ning\u00fan trabajo ni afanarse en mil ocupaciones; sin moverse, todos pueden disponerse, pensando solamente dentro de su coraz\u00f3n en limpiar las suciedades de su alma mediante la contrici\u00f3n y hacer un firme prop\u00f3sito de no ofender m\u00e1s a Dios.<\/em><span id='easy-footnote-19-45631' class='easy-footnote-margin-adjust'><\/span><span class='easy-footnote'><a href='https:\/\/vincentians.com\/es\/el-amor-es-creativo-hasta-el-infinito-sobre-la-eucaristia-en-la-tradicion-vicenciana\/#easy-footnote-bottom-19-45631' title='SV XIII, 37 \/ ES X, 44-45.'><sup>19<\/sup><\/a><\/span>\n<h3><strong>4. La Eucarist\u00eda es alabanza y acci\u00f3n de gracias<\/strong><span id='easy-footnote-20-45631' class='easy-footnote-margin-adjust'><\/span><span class='easy-footnote'><a href='https:\/\/vincentians.com\/es\/el-amor-es-creativo-hasta-el-infinito-sobre-la-eucaristia-en-la-tradicion-vicenciana\/#easy-footnote-bottom-20-45631' title='SV XI, 165 \/ ES XI, 91.'><sup>20<\/sup><\/a><\/span><\/h3>\n<p>Vicente anima a los sacerdotes y hermanos de la Congregaci\u00f3n a celebrar la Eucarist\u00eda como acci\u00f3n de gracias a Dios por los dones que cotidianamente \u00e9l derrama sobre la Congregaci\u00f3n, y habla de la Eucarist\u00eda como fuente de \u00abalabanza y gloria\u00bb.<span id='easy-footnote-21-45631' class='easy-footnote-margin-adjust'><\/span><span class='easy-footnote'><a href='https:\/\/vincentians.com\/es\/el-amor-es-creativo-hasta-el-infinito-sobre-la-eucaristia-en-la-tradicion-vicenciana\/#easy-footnote-bottom-21-45631' title='SV III, 371\/ ES III, 340.'><sup>21<\/sup><\/a><\/span>\n<p>Dice a las Hijas de la Caridad que, si participamos dignamente en la Eucarist\u00eda, seremos muy cuidadosos en dar gracias a Dios. Y a\u00f1ade que, si somos fieles en dar gracias en la Eucarist\u00eda, haremos descender sobre nosotros continuamente nuevas gracias y alcanzaremos un m\u00e1s alto grado de perfecci\u00f3n y amor.<span id='easy-footnote-22-45631' class='easy-footnote-margin-adjust'><\/span><span class='easy-footnote'><a href='https:\/\/vincentians.com\/es\/el-amor-es-creativo-hasta-el-infinito-sobre-la-eucaristia-en-la-tradicion-vicenciana\/#easy-footnote-bottom-22-45631' title='SV IX, 339 \/ ES IX, 315.'><sup>22<\/sup><\/a><\/span>\n<h3><strong>5. La Eucarist\u00eda es alimento<\/strong><span id='easy-footnote-23-45631' class='easy-footnote-margin-adjust'><\/span><span class='easy-footnote'><a href='https:\/\/vincentians.com\/es\/el-amor-es-creativo-hasta-el-infinito-sobre-la-eucaristia-en-la-tradicion-vicenciana\/#easy-footnote-bottom-23-45631' title='SV XIII, 34 \/ ES X, 42.'><sup>23<\/sup><\/a><\/span> <strong title=\"\">y medicina<\/strong><strong>,<\/strong><span id='easy-footnote-24-45631' class='easy-footnote-margin-adjust'><\/span><span class='easy-footnote'><a href='https:\/\/vincentians.com\/es\/el-amor-es-creativo-hasta-el-infinito-sobre-la-eucaristia-en-la-tradicion-vicenciana\/#easy-footnote-bottom-24-45631' title='SV III, 731; XIII, 34 \/ ES III, 340; X, 40.'><sup>24<\/sup><\/a><\/span> <strong>escuela de amor y fuente de paz<\/strong><\/h3>\n<p>Vicente frecuentemente emplea la palabra \u00abalimento\u00bb<span id='easy-footnote-25-45631' class='easy-footnote-margin-adjust'><\/span><span class='easy-footnote'><a href='https:\/\/vincentians.com\/es\/el-amor-es-creativo-hasta-el-infinito-sobre-la-eucaristia-en-la-tradicion-vicenciana\/#easy-footnote-bottom-25-45631' title='SV XIII, 34 \/ ES X, 42.'><sup>25<\/sup><\/a><\/span> al hablar de la Eucarist\u00eda. Como el pan y el vino nutren al cuerpo, as\u00ed tambi\u00e9n los dones consagrados alimentan el alma.<\/p>\n<p title=\"\">La Eucarist\u00eda asimismo es para Vicente un ant\u00eddoto, una medicina, un remedio<span id='easy-footnote-26-45631' class='easy-footnote-margin-adjust'><\/span><span class='easy-footnote'><a href='https:\/\/vincentians.com\/es\/el-amor-es-creativo-hasta-el-infinito-sobre-la-eucaristia-en-la-tradicion-vicenciana\/#easy-footnote-bottom-26-45631' title='SV III, 371 \/ ES III, 340.'><sup>26<\/sup><\/a><\/span> para nuestras debilidades del esp\u00edritu. Tambi\u00e9n describe a la Eucarist\u00eda como fuente de perd\u00f3n para los pecadores.<span id='easy-footnote-27-45631' class='easy-footnote-margin-adjust'><\/span><span class='easy-footnote'><a href='https:\/\/vincentians.com\/es\/el-amor-es-creativo-hasta-el-infinito-sobre-la-eucaristia-en-la-tradicion-vicenciana\/#easy-footnote-bottom-27-45631' title='SV III, 371 \/ ES III, 340.'><sup>27<\/sup><\/a><\/span> Vicente indica que la Eucarist\u00eda es el \u00abremedio m\u00e1s eficaz\u00bb contra las enfermedades espirituales.<span id='easy-footnote-28-45631' class='easy-footnote-margin-adjust'><\/span><span class='easy-footnote'><a href='https:\/\/vincentians.com\/es\/el-amor-es-creativo-hasta-el-infinito-sobre-la-eucaristia-en-la-tradicion-vicenciana\/#easy-footnote-bottom-28-45631' title='SV IX, 298 \/ ES IX, 280.'><sup>28<\/sup><\/a><\/span>\n<p>De igual manera dice a las Hijas de la Caridad que deben acercarse a la Eucarist\u00eda para estudiar \u00abel amor, la paciencia, la cordialidad\u00bb.<span id='easy-footnote-29-45631' class='easy-footnote-margin-adjust'><\/span><span class='easy-footnote'><a href='https:\/\/vincentians.com\/es\/el-amor-es-creativo-hasta-el-infinito-sobre-la-eucaristia-en-la-tradicion-vicenciana\/#easy-footnote-bottom-29-45631' title='&lt;em&gt;Ibid.&lt;\/em&gt;'><sup>29<\/sup><\/a><\/span> En la escuela de la Eucarist\u00eda aprender\u00e1n todas las virtudes que son necesarias para ayudar a los pobres.<\/p>\n<p>Hablando de la Eucarist\u00eda, San Vicente dice a las Hijas de la Caridad: \u00ab\u00a1Qu\u00e9 gracia, Hijas m\u00edas! \u00a1Estar segura de que Dios las ve, de que Dios las considera, de que Dios las ama!\u00bb.<span id='easy-footnote-30-45631' class='easy-footnote-margin-adjust'><\/span><span class='easy-footnote'><a href='https:\/\/vincentians.com\/es\/el-amor-es-creativo-hasta-el-infinito-sobre-la-eucaristia-en-la-tradicion-vicenciana\/#easy-footnote-bottom-30-45631' title='SV IX, 333 \/ ES IX, 309.'><sup>30<\/sup><\/a><\/span>\n<p title=\"\">La Eucarist\u00eda ser\u00e1, dice tambi\u00e9n a las Hijas de la Caridad, una fuente de paz y tranquilidad de coraz\u00f3n para ellas. Les dar\u00e1 la confianza de que est\u00e1n verdaderamente unidas a Dios.<span id='easy-footnote-31-45631' class='easy-footnote-margin-adjust'><\/span><span class='easy-footnote'><a href='https:\/\/vincentians.com\/es\/el-amor-es-creativo-hasta-el-infinito-sobre-la-eucaristia-en-la-tradicion-vicenciana\/#easy-footnote-bottom-31-45631' title='SV IX, 237 \/ ES IX, 227.'><sup>31<\/sup><\/a><\/span> Por el contrario, Vicente amonesta muchas veces contra la recepci\u00f3n de la Comuni\u00f3n cuando las Hermanas viven en discordia,<span id='easy-footnote-32-45631' class='easy-footnote-margin-adjust'><\/span><span class='easy-footnote'><a href='https:\/\/vincentians.com\/es\/el-amor-es-creativo-hasta-el-infinito-sobre-la-eucaristia-en-la-tradicion-vicenciana\/#easy-footnote-bottom-32-45631' title='SV IX, 101 \/ ES IX, 109-110.'><sup>32<\/sup><\/a><\/span> citando a Mateo 5, 23-24: \u00abSi, pues, al presentar tu ofrenda en el altar te acuerdas entonces de que un hermano tuyo o hermana tiene algo contra ti, deja tu ofrenda all\u00ed, delante del altar, y vete primero a reconciliarte con tu hermano; luego vuelves y presentas tu ofrenda\u00bb.<\/p>\n<h3><strong>6. La Eucarist\u00eda nos hace uno con Dios<\/strong><span id='easy-footnote-33-45631' class='easy-footnote-margin-adjust'><\/span><span class='easy-footnote'><a href='https:\/\/vincentians.com\/es\/el-amor-es-creativo-hasta-el-infinito-sobre-la-eucaristia-en-la-tradicion-vicenciana\/#easy-footnote-bottom-33-45631' title='SV IX, 237 \/ ES IX, 227.'><sup>33<\/sup><\/a><\/span><\/h3>\n<p title=\"\">Vicente dice a las Hijas de la Caridad que, si comulgamos bien nos hacemos una misma cosa <em>une m\u00eame chose <\/em>con Dios. Y lo dice muy elocuentemente: \u00abUno de los bienes que se obtienen como consecuencia de una comuni\u00f3n bien hecha es, Hijas m\u00edas, que nos convertimos en una misma cosa con Dios. \u00a1Oh! \u00a1que una pobre Hija de la Caridad, que antes de la comuni\u00f3n era lo que es, esto es, muy poquita cosa, se convierta en una misma cosa con Dios! Hijas m\u00edas, \u00bfqui\u00e9n querr\u00eda prescindir de ese gran bien? \u00a1Qu\u00e9 gracia tan maravillosa! \u00bfQu\u00e9 cre\u00e9is que es esto, Hijas m\u00edas, si no las arras de una eternidad bienaventurada? \u00bfPodr\u00edamos imaginarnos, mis queridas Hermanas, algo m\u00e1s grande? No, no puede ser que una pobre y desdichada criatura sea una cosa con Dios. \u00a1Que \u00e9l sea bendito por siempre!<span id='easy-footnote-34-45631' class='easy-footnote-margin-adjust'><\/span><span class='easy-footnote'><a href='https:\/\/vincentians.com\/es\/el-amor-es-creativo-hasta-el-infinito-sobre-la-eucaristia-en-la-tradicion-vicenciana\/#easy-footnote-bottom-34-45631' title='&lt;em&gt;Ibid.&lt;\/em&gt;'><sup>34<\/sup><\/a><\/span>\n<h3><strong>7. La Eucarist\u00eda es la fuente de una eficaz evangelizaci\u00f3n<\/strong><span id='easy-footnote-35-45631' class='easy-footnote-margin-adjust'><\/span><span class='easy-footnote'><a href='https:\/\/vincentians.com\/es\/el-amor-es-creativo-hasta-el-infinito-sobre-la-eucaristia-en-la-tradicion-vicenciana\/#easy-footnote-bottom-35-45631' title='SV IX, 239 \/ ES IX, 229; Cf. tambi\u00e9n IX, 339 \/ ES IX, 315.'><sup>35<\/sup><\/a><\/span><\/h3>\n<p>Vicente dice a las Hijas de la Caridad que es en la Eucarist\u00eda donde ellas aprender\u00e1n realmente c\u00f3mo amar: &#8230;\u00bbacudid siempre a la santa comuni\u00f3n\u00bb&#8230; \u00aball\u00ed es donde hay que a estudiar el amor\u00bb&#8230;<span id='easy-footnote-36-45631' class='easy-footnote-margin-adjust'><\/span><span class='easy-footnote'><a href='https:\/\/vincentians.com\/es\/el-amor-es-creativo-hasta-el-infinito-sobre-la-eucaristia-en-la-tradicion-vicenciana\/#easy-footnote-bottom-36-45631' title='SV III, 298 \/ ES III, 280.'><sup>36<\/sup><\/a><\/span> Les dice tambi\u00e9n: \u00abCuando ve\u00e1is a una Hermana de la Caridad servir a los enfermos con amor, con mansedumbre, con gran desvelo, pod\u00e9is decir sin reparo alguno:\u00bbEsta Hermana ha comulgado bien\u00bb.<span id='easy-footnote-37-45631' class='easy-footnote-margin-adjust'><\/span><span class='easy-footnote'><a href='https:\/\/vincentians.com\/es\/el-amor-es-creativo-hasta-el-infinito-sobre-la-eucaristia-en-la-tradicion-vicenciana\/#easy-footnote-bottom-37-45631' title='SV IX, 333 \/ ES IX, 309.'><sup>37<\/sup><\/a><\/span> De igual manera dice a los miembros de la Congregaci\u00f3n: \u00ab\u00bfNo sent\u00eds, hermanos m\u00edos, c\u00f3mo arde en vuestros pechos este fuego divino, cuando recib\u00eds el cuerpo adorable de Jesucristo en la comuni\u00f3n?\u00bb.<span id='easy-footnote-38-45631' class='easy-footnote-margin-adjust'><\/span><span class='easy-footnote'><a href='https:\/\/vincentians.com\/es\/el-amor-es-creativo-hasta-el-infinito-sobre-la-eucaristia-en-la-tradicion-vicenciana\/#easy-footnote-bottom-38-45631' title='Abelly III, 77 \/ ES XI, 807'><sup>38<\/sup><\/a><\/span>\n<p>Vicente dice a menudo a las Hijas de la Caridad que deben servir a los pobres no s\u00f3lo corporalmente sino espiritualmente tambi\u00e9n. La Eucarist\u00eda les proveer\u00e1 con la prudencia y coraje que necesitan para llevar a los abandonados palabras de fe, esperanza y consuelo. En la conferencia del 22 de enero de 1646, San Vicente indica: \u00bfCre\u00e9is, Hijas m\u00edas, que Dios espera de vosotras solamente que les llev\u00e9is a sus pobres un trozo de pan, un poco de carne y de sopa y algunos remedios? Ni mucho menos, no ha sido ese su designio al escogeros para el servicio que le rend\u00eds en la persona de los pobres; \u00e9l espera de vosotras que mir\u00e9is por sus necesidades espirituales, tanto como por las corporales. Necesitan el man\u00e1 espiritual, necesitan el esp\u00edritu de Dios; \u00bfy d\u00f3nde lo tomar\u00e9is vosotras para comunic\u00e1rselo a ellos? Hijas m\u00edas, en la santa comuni\u00f3n\u00bb.<span id='easy-footnote-39-45631' class='easy-footnote-margin-adjust'><\/span><span class='easy-footnote'><a href='https:\/\/vincentians.com\/es\/el-amor-es-creativo-hasta-el-infinito-sobre-la-eucaristia-en-la-tradicion-vicenciana\/#easy-footnote-bottom-39-45631' title='SV IX, 239 \/ ES IX, 229.'><sup>39<\/sup><\/a><\/span>\n<h3><strong>8. La disposici\u00f3n fundamental para celebrar la Eucarist\u00eda es \u00abuna viva comprensi\u00f3n del gran amor que Dios nos ha demostrado en este sacramento y una correspondencia de amor por nuestra parte\u00bb<\/strong><span id='easy-footnote-40-45631' class='easy-footnote-margin-adjust'><\/span><span class='easy-footnote'><a href='https:\/\/vincentians.com\/es\/el-amor-es-creativo-hasta-el-infinito-sobre-la-eucaristia-en-la-tradicion-vicenciana\/#easy-footnote-bottom-40-45631' title='SV XIII, 31 \/ ES X, 40.'><sup>40<\/sup><\/a><\/span><\/h3>\n<p>B\u00e1sicamente lo que San Vicente encarece a quienes celebran la Eucarist\u00eda es tener el esp\u00edritu de Cristo, afirmando que debemos conformarnos, en cuanto posible, a Jes\u00fas que se ofrece en sacrificio a su eterno Padre.<span id='easy-footnote-41-45631' class='easy-footnote-margin-adjust'><\/span><span class='easy-footnote'><a href='https:\/\/vincentians.com\/es\/el-amor-es-creativo-hasta-el-infinito-sobre-la-eucaristia-en-la-tradicion-vicenciana\/#easy-footnote-bottom-41-45631' title='SV XI, 93 \/ ES XI, 786-787.'><sup>41<\/sup><\/a><\/span>\n<p>Acentuando este punto al final de una conferencia a las Hijas de la Caridad el 22 de octubre San Vicente ora en voz alta:<\/p>\n<p><em>Se\u00f1or m\u00edo y Dios m\u00edo, Jesucristo, Salvador m\u00edo, el m\u00e1s amable y amoroso de todos los hombres, que has practicado incomparablemente m\u00e1s que todos juntos la caridad y la paciencia, que has recibido m\u00e1s injusticias y afrentas que todos, y que has tenido por ellas menos resentimiento que nadie, escucha, por favor, la humild\u00edsima oraci\u00f3n que te dirigimos, para que te plazca derramar sobre la Compa\u00f1\u00eda el esp\u00edritu de la caridad que t\u00fa tuviste y el esp\u00edritu de mansedumbre y de paciencia que demostraste con tus enemigos, a fin de que, por la pr\u00e1ctica de estas virtudes, se cumplan en ella los designios eternos de la adorable voluntad de Dios, para que pueda glorificar a Dios imit\u00e1ndote y ganar con su ejemplo las almas para tu servicio, y sobre todo<\/em>, <em>Dios m\u00edo, para que por la paciencia mutua, te sea agradable esta Compa\u00f1\u00eda.<\/em><span id='easy-footnote-42-45631' class='easy-footnote-margin-adjust'><\/span><span class='easy-footnote'><a href='https:\/\/vincentians.com\/es\/el-amor-es-creativo-hasta-el-infinito-sobre-la-eucaristia-en-la-tradicion-vicenciana\/#easy-footnote-bottom-42-45631' title='SV IX, 298-299 \/ ES IX, 280.'><sup>42<\/sup><\/a><\/span>\n<p title=\"\">La Eucarist\u00eda debe ser ofrecida, pone de relieve San Vicente, con el mismo esp\u00edritu con que Jes\u00fas se ofreci\u00f3 a s\u00ed mismo a su Padre.<span id='easy-footnote-43-45631' class='easy-footnote-margin-adjust'><\/span><span class='easy-footnote'><a href='https:\/\/vincentians.com\/es\/el-amor-es-creativo-hasta-el-infinito-sobre-la-eucaristia-en-la-tradicion-vicenciana\/#easy-footnote-bottom-43-45631' title='SV XI, 93 \/ ES XI, 786-787.'><sup>43<\/sup><\/a><\/span> En una conferencia a los sacerdotes y hermanos de la Misi\u00f3n, Vicente afirma que, al celebrar la Eucarist\u00eda, debemos tener, en cuanto nos sea posible, las disposiciones que Jes\u00fas mismo tuvo al ofrecer su sacrificio.<span id='easy-footnote-44-45631' class='easy-footnote-margin-adjust'><\/span><span class='easy-footnote'><a href='https:\/\/vincentians.com\/es\/el-amor-es-creativo-hasta-el-infinito-sobre-la-eucaristia-en-la-tradicion-vicenciana\/#easy-footnote-bottom-44-45631' title='&lt;em&gt;Ibid.&lt;\/em&gt;'><sup>44<\/sup><\/a><\/span> Aqu\u00ed vuelve, de nuevo, al tema de la devoci\u00f3n, indicando que no s\u00f3lo debemos celebrar la Eucarist\u00eda, sino que debemos celebrarla con la mayor devoci\u00f3n posible.<span id='easy-footnote-45-45631' class='easy-footnote-margin-adjust'><\/span><span class='easy-footnote'><a href='https:\/\/vincentians.com\/es\/el-amor-es-creativo-hasta-el-infinito-sobre-la-eucaristia-en-la-tradicion-vicenciana\/#easy-footnote-bottom-45-45631' title='SVIX, 5 \/ ES IX, 24-25.'><sup>45<\/sup><\/a><\/span>\n<h2 align=\"center\"><strong>II. Algunos cambios de horizonte entre los siglos XVII y XX<\/strong><\/h2>\n<p>Muy importantes cambios han acaecido respecto a la teolog\u00eda de la Eucarist\u00eda desde el tiempo de San Vicente. Vivi\u00f3 \u00e9l en una \u00e9poca pos-tridentina cuando la mayor\u00eda de la teolog\u00eda, tanto en el campo cat\u00f3lico como en el protestante, ten\u00eda un tono decididamente pol\u00e9mico. Vivimos ahora en una \u00e9poca de ecumenismo en la que los implicados en el di\u00e1logo est\u00e1n comprometidos en un mayor entendimiento mutuo.<\/p>\n<p title=\"\">Durante la vida de Vicente tuvo lugar una acalorada disputa sobre la comuni\u00f3n frecuente, cuesti\u00f3n que s\u00f3lo se resolvi\u00f3 definitivamente iniciado el siglo XX. El amigo de Vicente, el Abad de Saint-Cyran, ganado por el atractivo del Jansenismo, fue uno de los principales defensores de la necesidad de muy exigentes disposiciones para recibir la comuni\u00f3n y consiguientemente de la necesidad de posponerla. Vicente fue llamado a testificar contra \u00e9l<span id='easy-footnote-46-45631' class='easy-footnote-margin-adjust'><\/span><span class='easy-footnote'><a href='https:\/\/vincentians.com\/es\/el-amor-es-creativo-hasta-el-infinito-sobre-la-eucaristia-en-la-tradicion-vicenciana\/#easy-footnote-bottom-46-45631' title='SV XIII, 86ss .\/ ES X, 107ss.'><sup>46<\/sup><\/a><\/span> en 1639. En 1648 Vicente escribi\u00f3 una larga carta a Jean Dehorgny en la que refuta minuciosamente la doctrina presentada por otro defensor del Jansenismo, Antoine Arnauld, en su libro <em>Sobre la Comuni\u00f3n Frecuente,<\/em><span id='easy-footnote-47-45631' class='easy-footnote-margin-adjust'><\/span><span class='easy-footnote'><a href='https:\/\/vincentians.com\/es\/el-amor-es-creativo-hasta-el-infinito-sobre-la-eucaristia-en-la-tradicion-vicenciana\/#easy-footnote-bottom-47-45631' title='SV III, 362ss .\/ ES III, 333ss.'><sup>47<\/sup><\/a><\/span> en el que el autor repite muchas de las ideas de Saint-Cyran. Es interesante hacer notar que Vicente, contrariamente a la corriente de su tiempo, recomendaba la comuni\u00f3n frecuente y aun diaria.<\/p>\n<p>En gracia de la brevedad, s\u00e9ame permitido mencionar aqu\u00ed \u00fanicamente tres de los cambios de horizonte m\u00e1s significativos en esta cuesti\u00f3n, que han tenido lugar entre los siglos XVII y XX.<\/p>\n<h3><strong>1. Estudios escritur\u00edsticos modernos<\/strong><\/h3>\n<p>Desde el tiempo de Vicente, la metodolog\u00eda en la interpretaci\u00f3n b\u00edblica ha cambiado notablemente. Unos cuantos factores han contribuido a este cambio: el descubrimiento de antiguos textos pre-b\u00edblicos, b\u00edblicos, y pos-b\u00edblicos; el desarrollo de una metodolog\u00eda hist\u00f3rico-cr\u00edtica; la investigaci\u00f3n arqueol\u00f3gica; y el di\u00e1logo ecum\u00e9nico respecto a cuestiones b\u00edblicas, especialmente con las principales Iglesias Protestantes. Estos avances han conducido a una m\u00e1s profunda comprensi\u00f3n de muchos textos b\u00edblicos, incluidos los relativos a la tradici\u00f3n hebrea sobre las comidas de acci\u00f3n de gracias y los relativos a las narraciones eucar\u00edsticas del Nuevo Testamento.<\/p>\n<p>Recogemos nosotros los beneficios de estos cambios, principalmente en la parte final del siglo XX. En la Iglesia cat\u00f3lica, la enc\u00edclica <em>Divino Afflante Spiritu <\/em>(1943) abri\u00f3 la puerta a una m\u00e1s rica y renovada ciencia b\u00edblica que, a su vez, influy\u00f3 significativamente en la Constituci\u00f3n Dogm\u00e1tica del Vaticano II sobre la Divina Revelaci\u00f3n (<em>Dei Verbum), <\/em>en la Constituci\u00f3n sobre la Sagrada Liturgia <em>(Sacrosanctum Concilium) <\/em>y en la Constituci\u00f3n Dogm\u00e1tica sobre la Iglesia <em>(Lumen Gentium). <\/em>Estos documentos ponen el acento fuertemente sobre la palabra revelada, sobre la unidad entre la palabra y el sacramento, sobre la relaci\u00f3n entre la Iglesia y el sacramento, y sobre la Eucarist\u00eda como una activa y participativa celebraci\u00f3n de la muerte y resurrecci\u00f3n del Se\u00f1or.<span id='easy-footnote-48-45631' class='easy-footnote-margin-adjust'><\/span><span class='easy-footnote'><a href='https:\/\/vincentians.com\/es\/el-amor-es-creativo-hasta-el-infinito-sobre-la-eucaristia-en-la-tradicion-vicenciana\/#easy-footnote-bottom-48-45631' title='Algunos de los m\u00e1s importantes trabajos sobre los fundamentos escritur\u00edsticos de la teolog\u00eda de la Eucarist\u00eda son: Xavier L\u00e9on-Dufour, &lt;em&gt;Sharing the Eucharist Bread, &lt;\/em&gt;trad. de Matthew O\u2019Connell (New York, Paulist Press, 1987); Jean Delorme et al., &lt;em&gt;The Eucharist in the New Testament: A Symposium, &lt;\/em&gt;trad. de E.M. Stewart (Baltimore, Helicon, 1964); Joachim Jeremias, &lt;em&gt;The Eucharist Words of Jesus, &lt;\/em&gt;trad. de Norman Perrin (Philadelphia, Fortress Press, 1978); Edward J. Kilmartin, &lt;em&gt;The Eucharist in the Primitive Church&lt;\/em&gt; (Englewood Cliffs, New Jersey, Prentice Hall, 1965); Edward Schweizer, &lt;em&gt;The Lord\u2019s Supper according to the New Testament, &lt;\/em&gt;trad. de James Davis (Philadelphia, Fortress Press, 1968).'><sup>48<\/sup><\/a><\/span>\n<h3><strong>2. El movimiento lit\u00fargico<\/strong><\/h3>\n<p>San Vicente se preocup\u00f3 mucho por la liturgia. Advirti\u00f3 que en su tiempo muchos sacerdotes celebraban mal la misa y que apenas sab\u00edan c\u00f3mo o\u00edr confesiones. Como parte de los retiros a los ordenandos, estableci\u00f3 que se les ense\u00f1ara a celebrar bien la liturgia. Pero, dentro de este contexto positivo, fue plenamente un hombre de su tiempo. Se pon\u00eda entonces el acento en la exacta observancia de las r\u00fabricas. Poca era la consideraci\u00f3n de la liturgia como \u00abcelebraci\u00f3n comunitaria\u00bb. Gran parte de la liturgia era privada; en las casas de comunidades, los sacerdotes celebraban la misa individualmente, a lo m\u00e1s con un ac\u00f3lito. Las celebraciones lit\u00fargicas eran consideradas frecuentemente m\u00e1s como parte de la \u00abpiedad personal\u00bb del sacerdote que como servicio sacerdotal de presidencia y animaci\u00f3n de una comunidad local en oraci\u00f3n.<\/p>\n<p>El movimiento lit\u00fargico, iniciado en la \u00faltima parte del siglo XIX, aspir\u00f3 a promover la plena y activa participaci\u00f3n de todos los miembros de la asamblea cristiana, cada uno seg\u00fan su propio cometido. A trav\u00e9s de perseverantes esfuerzos, expertos y pastores como Pr\u00f3spero Gu\u00e9ranguer, Lamberto Beaudoin, Virgilio Michel, Jos\u00e9 Jungmann, Baltasar Fischer, H.A. Reinhold, Martin Hellriegel, Godofredo Diekmann, Federico McManus, Anibal Bugnini, Carlo Braga, y muchos m\u00e1s renovaron la educaci\u00f3n y pr\u00e1ctica lit\u00fargicas. Las reformas que ellos promovieron fueron adoptadas en la <em>Constituci\u00f3n sobre la Sagrada Liturgia <\/em>del Vaticano II.<\/p>\n<p title=\"\">El movimiento lit\u00fargico<span id='easy-footnote-49-45631' class='easy-footnote-margin-adjust'><\/span><span class='easy-footnote'><a href='https:\/\/vincentians.com\/es\/el-amor-es-creativo-hasta-el-infinito-sobre-la-eucaristia-en-la-tradicion-vicenciana\/#easy-footnote-bottom-49-45631' title='Para una muy completa y detallada relaci\u00f3n de la etapa del movimiento lit\u00fargico anterior al Vaticano II, as\u00ed como de las etapas conciliar y pos-conciliar, Cf. An\u00edbal Bugnini, &lt;em&gt;La Riforma Liturgica &lt;\/em&gt;(Roma, Edizioni Liturgiche, 1983).'><sup>49<\/sup><\/a><\/span> y la puesta en pr\u00e1ctica de la Constituci\u00f3n sobre la Liturgia han cambiado radicalmente las actitudes y las pr\u00e1cticas. La Constituci\u00f3n sobre la Liturgia proclama que la liturgia es la cumbre hacia la cual tiende la actividad de la Iglesia y, al mismo tiempo, la fuente de donde mana toda su fuerza.<span id='easy-footnote-50-45631' class='easy-footnote-margin-adjust'><\/span><span class='easy-footnote'><a href='https:\/\/vincentians.com\/es\/el-amor-es-creativo-hasta-el-infinito-sobre-la-eucaristia-en-la-tradicion-vicenciana\/#easy-footnote-bottom-50-45631' title='Sacrosanctum Concilium, 10.'><sup>50<\/sup><\/a><\/span> La enorme energ\u00eda que la Iglesia ha puesto en la reforma lit\u00fargica durante la segunda mitad del siglo pasado pone de manifiesto cu\u00e1n sumamente importante es el papel que ella tiene en la vida de la comunidad cristiana.<span id='easy-footnote-51-45631' class='easy-footnote-margin-adjust'><\/span><span class='easy-footnote'><a href='https:\/\/vincentians.com\/es\/el-amor-es-creativo-hasta-el-infinito-sobre-la-eucaristia-en-la-tradicion-vicenciana\/#easy-footnote-bottom-51-45631' title='Los muchos documentos oficiales sobre esta materia se pueden encontrar f\u00e1cilmente en: Carlo Braga y Anibal Bugnini, &lt;em&gt;Documenta ad Instaurationem Liturgicam Spectancia 1903-1963 &lt;\/em&gt;(Roma, CLV- Edizoni Liturgiche, 2000).'><sup>51<\/sup><\/a><\/span>\n<p>En la pr\u00e1ctica, la \u00faltima parte del siglo XX ha contemplado cambios notables respecto a la celebraci\u00f3n de la Eucarist\u00eda: el nuevo rito de la Misa, el uso de la lengua vern\u00e1cula, la concelebraci\u00f3n, la comuni\u00f3n bajo las dos especies, una variedad de plegarias eucar\u00edsticas, una m\u00e1s rica selecci\u00f3n de las lecturas de la Escritura, y muchos otros.<\/p>\n<h3><strong>3. El di\u00e1logo ecum\u00e9nico<\/strong><\/h3>\n<p title=\"\">En los \u00faltimos 25 a\u00f1os se han dado importantes pasos hacia el establecimiento de puentes y en el enriquecimiento mutuo entre los puntos de vista teol\u00f3gicos de las Iglesias Cat\u00f3lica Romana, Luterana y Metodista respecto a la Eucarist\u00eda.<span id='easy-footnote-52-45631' class='easy-footnote-margin-adjust'><\/span><span class='easy-footnote'><a href='https:\/\/vincentians.com\/es\/el-amor-es-creativo-hasta-el-infinito-sobre-la-eucaristia-en-la-tradicion-vicenciana\/#easy-footnote-bottom-52-45631' title='Cf. \u00abThe Eucharist: Final Report of Joint Roman Catholic-Lutheran Commission, 1978\u00bb en &lt;em&gt;Growth in Agreement &lt;\/em&gt;190-214; Joint Lutheran-Roman Catolic International Study Commission, \u00abChurch and Justification: Understanding the Church in the Light of the Doctrine of Justification\u00bb n\u00ba3, 3, &lt;em&gt;Information Service of the Secretariat for Promoting of Christian Unity &lt;\/em&gt;86 (1994) 128-8, at 142-43.'><sup>52<\/sup><\/a><\/span> La teolog\u00eda sobre la Eucarist\u00eda de la Iglesia Ortodoxa, con su \u00e9nfasis en la comuni\u00f3n (koinonia) ha ayudado much\u00edsimo en este di\u00e1logo.<span id='easy-footnote-53-45631' class='easy-footnote-margin-adjust'><\/span><span class='easy-footnote'><a href='https:\/\/vincentians.com\/es\/el-amor-es-creativo-hasta-el-infinito-sobre-la-eucaristia-en-la-tradicion-vicenciana\/#easy-footnote-bottom-53-45631' title='Cf. Joint International Commission for Roman Catholic \/Orthodox Theological Dialogue, \u00abThe Church, the Eucharist and the Trinity\u00bb, en &lt;em&gt;Origins &lt;\/em&gt;12 (1982)157-160.'><sup>53<\/sup><\/a><\/span> Desde esta perspectiva teol\u00f3gica la Iglesia celebra y hace real, a trav\u00e9s de la Eucarist\u00eda, su comuni\u00f3n con el Padre, en el Hijo, mediante la fuerza del Esp\u00edritu Santo. Por el don del amor eucar\u00edstico de Cristo, la Iglesia es liberada del pecado y sus miembros se unen mutuamente y con Dios. La comunidad, convocada por el Esp\u00edritu Santo, se re\u00fane a la mesa de la Eucarist\u00eda para celebrar el sacramento memorial de la muerte y resurrecci\u00f3n salvadoras de Cristo.<\/p>\n<p>A trav\u00e9s del di\u00e1logo ecum\u00e9nico se han superado muchas viejas divergencias entre las Iglesias respecto a la teolog\u00eda de la Eucarist\u00eda y una antigua atm\u00f3sfera pol\u00e9mica se ha disipado ampliamente, al menos entre los Cat\u00f3licos, Ortodoxos, y muchas de la principales Iglesias Protestantes.<\/p>\n<h2 style=\"text-align: center\"><strong>III. <\/strong><strong>Algunas reflexiones, en el contexto vicenciano, sobre la Eucarist\u00eda hoy<\/strong><\/h2>\n<p>Las nuevas Constituciones, tanto las de la Congregaci\u00f3n de la Misi\u00f3n como las de las Hijas Caridad, presentan un breve y bien estructurado compendio de la teolog\u00eda de la Eucarist\u00eda del Vaticano II.<\/p>\n<p>El texto para la Congregaci\u00f3n de la Misi\u00f3n dice:<\/p>\n<p style=\"padding-left: 30px\"><em>Nuestra vida debe tender a la celebraci\u00f3n diaria de la Cena del Se\u00f1or como a su culmen: de ella dimana, en efecto, como de su fuente, la fuerza de nuestra actividad y de la comuni\u00f3n fraterna. Por la Eucarist\u00eda se hacen presentes de nuevo la muerte y resurrecci\u00f3n de Cristo, nos hacemos en Cristo oblaci\u00f3n viva, se significa y realiza la comuni\u00f3n del pueblo de Dios.<\/em><span id='easy-footnote-54-45631' class='easy-footnote-margin-adjust'><\/span><span class='easy-footnote'><a href='https:\/\/vincentians.com\/es\/el-amor-es-creativo-hasta-el-infinito-sobre-la-eucaristia-en-la-tradicion-vicenciana\/#easy-footnote-bottom-54-45631' title='Cf. Joint International Commission for Roman Catholic \/Orthodox Theological Dialogue, \u00abThe Church, the Eucharist and the Trinity\u00bb, en &lt;em&gt;Origins &lt;\/em&gt;12 (1982)157-160.'><sup>54<\/sup><\/a><\/span>\n<p>Las Constituciones de las Hijas de la Caridad indican:<\/p>\n<p style=\"padding-left: 30px\"><em>Conscientes de la vital importancia de la Eucarist\u00eda como centro de su vida y misi\u00f3n, las Hermanas se re\u00fanen en torno a ella de una manera especial todos los d\u00edas. En ella, los cristianos son \u00abinstruidos por la Palabra de Dios, se fortalecen en la mesa del Cuerpo del Se\u00f1or, dan gracias a Dios\u00bb <\/em>(Sacrosanctum Concilium, 48). <em>En la alabanza a Dios, en la atenci\u00f3n a su Palabra, en la s\u00faplica, no obran s\u00f3lo en su nombre propio, sino que son portadoras de los gozos y esperanzas, de las tristezas y angustias de toda la humanidad <\/em>(Gaudium et Spes, 1). <em>Se ofrecen as\u00ed mismas con Jesucristo en el misterio de su sacrificio Pascual, para que finalmente Dios lo sea todo en todos.<\/em><span id='easy-footnote-55-45631' class='easy-footnote-margin-adjust'><\/span><span class='easy-footnote'><a href='https:\/\/vincentians.com\/es\/el-amor-es-creativo-hasta-el-infinito-sobre-la-eucaristia-en-la-tradicion-vicenciana\/#easy-footnote-bottom-55-45631' title='Cf. Joint International Commission for Roman Catholic \/Orthodox Theological Dialogue, \u00abThe Church, the Eucharist and the Trinity\u00bb, en &lt;em&gt;Origins &lt;\/em&gt;12 (1982)157-160.'><sup>55<\/sup><\/a><\/span>\n<p title=\"\">Como un suplemento a estos textos, presento a continuaci\u00f3n para los miembros de la Familia Vicenciana algunas reflexiones actuales sobre la Eucarist\u00eda.<span id='easy-footnote-56-45631' class='easy-footnote-margin-adjust'><\/span><span class='easy-footnote'><a href='https:\/\/vincentians.com\/es\/el-amor-es-creativo-hasta-el-infinito-sobre-la-eucaristia-en-la-tradicion-vicenciana\/#easy-footnote-bottom-56-45631' title='El lector podr\u00eda encontrar de utilidad los siguientes trabajos contempor\u00e1neos sobre la teolog\u00eda de la Eucarist\u00eda: Louis Bouyer, &lt;em&gt;Eucharist: The Theology and Spirituality of the Eucharistic Prayer, &lt;\/em&gt;trad. de Charles Underhill Quinn (Notre Dame, Indiana: University of Notre Dame Press, 1968); Xavier L\u00e9on-Dufour, &lt;em&gt;Sharing the Eucharist Bread: The Witness of the New Testament,&lt;\/em&gt; trad. de Matthew O\u2019Connell (New York, Paulist Press, 1987); Enrico Mazza, &lt;em&gt;The Eucharist Prayes of the Roman Rite, &lt;\/em&gt;trad. de Matthew O\u2019Connell (New York, Pueblo Publishing Co., 1986); Nathan Mitchell, &lt;em&gt;Cult and Controversy: The Worship of the Eucharist outside Mass &lt;\/em&gt;(New York, Pueblo Publishing Co., 1982); David N. Power, &lt;em&gt;The Sacrifice We Offer: The Tridentine Dogma and Its Reinterpretation &lt;\/em&gt;(Edinburg, T. and T Clark; New York, Crossroad, 1987); Willy Rordorf et al., &lt;em&gt;The Eucharist of Early Christians, &lt;\/em&gt;trad. de Matthew O\u2019Connell (New York, Pueblo Publishing Co., 1978); Edward Schillebeeckx, The Eucharist, rev. ed. (New York, Pueblo Publishing Co., 1987). Muchas bibliograf\u00edas sobre la teolog\u00eda de la Eucarist\u00eda se pueden encontrar en Internet. Cf.: &lt;a href=&quot;http:\/\/camellia.shc.edu\/theology\/TheologyEucharist.htm&quot; target=&quot;_blank&quot;&gt;http:\/\/camellia.shc.edu\/theology\/TheologyEucharist.htm&lt;\/a&gt;'><sup>56<\/sup><\/a><\/span> Lo hago bajo seis encabezamientos:<\/p>\n<h3><strong>1. Reunidos en el Esp\u00edritu<\/strong><\/h3>\n<p title=\"\">Es esencial que la teolog\u00eda de la Eucarist\u00eda est\u00e9 firmemente enraizada en las Escrituras, en las grandes Plegarias eucar\u00edsticas,<span id='easy-footnote-57-45631' class='easy-footnote-margin-adjust'><\/span><span class='easy-footnote'><a href='https:\/\/vincentians.com\/es\/el-amor-es-creativo-hasta-el-infinito-sobre-la-eucaristia-en-la-tradicion-vicenciana\/#easy-footnote-bottom-57-45631' title='David N. Power, \u00abEucharist\u00bb, en &lt;em&gt;Systematic Theology, Roman Catholic Perspectives, &lt;\/em&gt;publicado por Francis Sch\u00fcssler Fiorenza and John P. Galvin (Minneapolis, Fortress Press, 1991) II, 261 ss.'><sup>57<\/sup><\/a><\/span> y en las acciones simb\u00f3licas que acompa\u00f1an, y que la Iglesia ha celebrado y nos ha entregado durante casi dos milenios.<\/p>\n<p>Por estas fuentes, somos realmente conscientes hoy de que la Cena del Se\u00f1or es el sacramento de la Iglesia reunida en el Esp\u00edritu para proclamar la muerte y resurrecci\u00f3n del Se\u00f1or hasta que \u00e9l vuelva.<\/p>\n<p title=\"\">Las primitivas Plegarias eucar\u00edsticas, lo mismo en las Iglesias de Oriente como en las de Occidente, tienen en com\u00fan, con algunas variaciones, id\u00e9ntica estructura: el recuerdo del Se\u00f1or (<em>anamnesis<\/em>) y la invocaci\u00f3n del Esp\u00edritu Santo (<em>epiclesis<\/em>).<span id='easy-footnote-58-45631' class='easy-footnote-margin-adjust'><\/span><span class='easy-footnote'><a href='https:\/\/vincentians.com\/es\/el-amor-es-creativo-hasta-el-infinito-sobre-la-eucaristia-en-la-tradicion-vicenciana\/#easy-footnote-bottom-58-45631' title='Cf. Una muy interesante tabla o cuadro gr\u00e1fico en John H. McKenna, &lt;em&gt;Eucharist and the Holy Spirit &lt;\/em&gt;(London, Alcuin Club Collections n\u00ba 57, 1975) 46-47.'><sup>58<\/sup><\/a><\/span> La narraci\u00f3n de la instituci\u00f3n por Jes\u00fas de la Eucarist\u00eda est\u00e1 en el centro teol\u00f3gico de las grandes Preces eucar\u00edsticas: \u00abEn la noche en que \u00e9l fue entregado, tom\u00f3 pan, lo bendijo, lo parti\u00f3&#8230;.\u00bb. Este relato refiere la raz\u00f3n por la que recordamos (<em>anamnesis<\/em>): El mandato de Jes\u00fas de \u00abhacer esto en memoria m\u00eda\u00bb; hace presente tambi\u00e9n lo que recordamos: la cena de despedida de Jes\u00fas con aquellos a los que \u00abamo hasta el extremo\u00bb.<span id='easy-footnote-59-45631' class='easy-footnote-margin-adjust'><\/span><span class='easy-footnote'><a href='https:\/\/vincentians.com\/es\/el-amor-es-creativo-hasta-el-infinito-sobre-la-eucaristia-en-la-tradicion-vicenciana\/#easy-footnote-bottom-59-45631' title='Jn 13, 1.'><sup>59<\/sup><\/a><\/span> Juntamente con este relato (algunas veces antes y otras despu\u00e9s), la comunidad orante pide (<em>epiclesis<\/em>) al Padre que env\u00ede su Santo Esp\u00edritu que santifique los dones eucar\u00edsticos y a todos cuantos los reciban.<\/p>\n<p>Las Plegarias eucar\u00edsticas tradicionales tienen asimismo en com\u00fan la forma literaria de invocaci\u00f3n: se dirigen al Padre como origen de todos los dones. Con gratitud, los reunidos en comuni\u00f3n dan gracias al Padre por todo lo que \u00e9l nos ha dado en Cristo (recuerdo), mientras le piden (invocaci\u00f3n) la efusi\u00f3n de su Esp\u00edritu por la que santifique los dones de pan y vino, a los que los reciban y a toda la humanidad.<span id='easy-footnote-60-45631' class='easy-footnote-margin-adjust'><\/span><span class='easy-footnote'><a href='https:\/\/vincentians.com\/es\/el-amor-es-creativo-hasta-el-infinito-sobre-la-eucaristia-en-la-tradicion-vicenciana\/#easy-footnote-bottom-60-45631' title='Edward Kilmartin, \u00abCatholic Eucharistic Theology\u00bb, en &lt;em&gt;Theological Studies, &lt;\/em&gt;Vol. 55, n\u00ba 3, Septiembre 1994, 444.'><sup>60<\/sup><\/a><\/span>\n<p>Una de las m\u00e1s recientes Plegarias eucar\u00edsticas<span id='easy-footnote-61-45631' class='easy-footnote-margin-adjust'><\/span><span class='easy-footnote'><a href='https:\/\/vincentians.com\/es\/el-amor-es-creativo-hasta-el-infinito-sobre-la-eucaristia-en-la-tradicion-vicenciana\/#easy-footnote-bottom-61-45631' title='Plegarias Eucar\u00edsticas para diversas necesidades y ocasiones 4: Jes\u00fas la Compasi\u00f3n de Dios.'><sup>61<\/sup><\/a><\/span> ilustra claramente los fundamentales elementos estructurales de las primeras Plegarias (recuerdo e invocaci\u00f3n), as\u00ed como su forma literaria com\u00fan de dirigirse al Padre.<\/p>\n<p style=\"padding-left: 30px\"><em>Padre fiel y lleno de ternura, te pedimos,<br \/>\nque santifiques estos dones de pan y vino<br \/>\ncon la efusi\u00f3n de tu Santo Esp\u00edritu<br \/>\nde manera que sean para nosotros<br \/>\ncuerpo y sangre de Jesucristo, nuestro Se\u00f1or.<br \/>\nEl cual la v\u00edspera de su pasi\u00f3n y muerte,<br \/>\nmientras cenaba con sus disc\u00edpulos,<br \/>\ntom\u00f3 pan&#8230;<\/em><\/p>\n<p>Mientras la liturgia y teolog\u00eda actuales ponen gran \u00e9nfasis en el Esp\u00edritu Santo, San Vicente, que, como otros muchos de su tiempo, fue profundamente cristol\u00f3gico se fija muy poco en la \u00abpneumatolog\u00eda\u00bb. Los escritos que de \u00e9l poseemos raramente se refieren al Esp\u00edritu Santo, y cuando lo hacen es de paso y sin particular elaboraci\u00f3n.<span id='easy-footnote-62-45631' class='easy-footnote-margin-adjust'><\/span><span class='easy-footnote'><a href='https:\/\/vincentians.com\/es\/el-amor-es-creativo-hasta-el-infinito-sobre-la-eucaristia-en-la-tradicion-vicenciana\/#easy-footnote-bottom-62-45631' title='Un interesante art\u00edculo sobre esta materia, \u00abEsp\u00edritu Santo\u00bb, del P. Benito Mart\u00ednez, puede verse en &lt;em&gt;Diccionario de Espiritualidad Vicenciana &lt;\/em&gt;(Salamanca, CEME, 1995) 213-219.'><sup>62<\/sup><\/a><\/span>\n<p>Los escritos de Santa Luisa, por el contrario, ponen de relieve con frecuencia el papel del Esp\u00edritu Santo, cosa extraordinaria en el contexto de su tiempo. Su experiencia de Pentecost\u00e9s en 1623 fue un momento decisivo en su vida y es parte de la herencia espiritual que ella ha trasmitido a las Hijas de la Caridad.<span id='easy-footnote-63-45631' class='easy-footnote-margin-adjust'><\/span><span class='easy-footnote'><a href='https:\/\/vincentians.com\/es\/el-amor-es-creativo-hasta-el-infinito-sobre-la-eucaristia-en-la-tradicion-vicenciana\/#easy-footnote-bottom-63-45631' title='\u00abEl d\u00eda de Pentecost\u00e9s, oyendo la Santa Misa o haciendo oraci\u00f3n en la iglesia, en un instante, mi esp\u00edritu qued\u00f3 iluminado acerca de sus dudas. Y se me advirti\u00f3&amp;#8230; que llegar\u00eda un tiempo en que estar\u00eda en condiciones de hacer voto de pobreza, de castidad y obediencia, y que estar\u00eda en una peque\u00f1a comunidad en las que algunas har\u00edan lo mismo. Entend\u00ed que ser\u00eda esto en un lugar dedicado a servir al pr\u00f3jimo; pero no pod\u00eda comprender c\u00f3mo podr\u00eda ser, porque deb\u00eda haber &lt;em&gt;(movimiento de) &lt;\/em&gt;idas y venidas. Se me asegur\u00f3 tambi\u00e9n que deb\u00eda permanecer en paz en cuanto a mi Director, y que Dios me dar\u00eda otro, que me hizo ver &lt;em&gt;(entonces) &lt;\/em&gt;seg\u00fan me parece\u00bb (&lt;em&gt;\u00c9crits Spirituel, &lt;\/em&gt;3, [A.2] \/ &lt;em&gt;Santa Luisa de Marillac, Correspondencia y Escritos, &lt;\/em&gt;CEME, Salamanca, 1985) p. 667, n\u00ba 6.'><sup>63<\/sup><\/a><\/span>\n<p>Tan sorprendente es este centrarse de Luisa en el Esp\u00edritu Santo que Calvet escribe: \u00abMe atrevo a arriesgar la palabra \u2018pneumo-centrismo\u2019 para caracterizar la espiritualidad de Luisa de Marillac. Se ha entregado plenamente al Esp\u00edritu. Es una m\u00edstica del Esp\u00edritu. Cito simplemente para el lector \u2013a\u00f1ade Calvet\u2013 estas palabras: \u00abEl Esp\u00edritu nos llena con el amor puro de Dios \u2013 el Esp\u00edritu nos hace d\u00f3ciles a Dios y nos coloca en el estado de vivir la vida divina\u00bb.<span id='easy-footnote-64-45631' class='easy-footnote-margin-adjust'><\/span><span class='easy-footnote'><a href='https:\/\/vincentians.com\/es\/el-amor-es-creativo-hasta-el-infinito-sobre-la-eucaristia-en-la-tradicion-vicenciana\/#easy-footnote-bottom-64-45631' title='Jean Calvet, &lt;em&gt;Saint Louise de Marillac par elle-m\u00eame &lt;\/em&gt;(Par\u00eds, Aubier, 1958) 204-205.'><sup>64<\/sup><\/a><\/span>\n<p>Sin embargo, el \u00abpneumo-centrismo\u00bb de Luisa no est\u00e1 referido de modo especial a la Eucarist\u00eda, es m\u00e1s bien una faceta de su propia espiritualidad personal.<\/p>\n<h3><strong>2. Recordamos por la palabra y el sacramento los actos salv\u00edficos de Dios<\/strong><\/h3>\n<p>Sabemos por la antropolog\u00eda que la identidad de un pueblo descansa en su historia. Las naciones relatan las historias de sus fundadores o de una lucha revolucionaria que les trajo la libertad. Tales historias se conmemoran en d\u00edas de fiesta y se cuentan en los hogares y en las escuelas y en los libros de historia. Con frecuencia una constituci\u00f3n establece los principios-gu\u00eda que dieron lugar al nacimiento de una naci\u00f3n y que asegurar\u00e1n su pervivencia. Respecto a las religiones, las historias fundacionales se cuentan una y otra vez por los creyentes en casa, en las iglesias, en las escuelas y en libros como la Biblia o el Cor\u00e1n.<\/p>\n<p>La Iglesia descansa sobre el relato de la muerte y resurrecci\u00f3n del Se\u00f1or que la Eucarist\u00eda renueva. Relaciona con este relato otras muchas historias: del Antiguo Testamento, de la vida de Jes\u00fas, de la primitiva comunidad cristiana, de los primeros viajes misioneros de los ap\u00f3stoles. Otra clase de textos acompa\u00f1a asimismo al relato: literatura sapiencial, par\u00e1bolas, himnos de alabanza y las historias de los relevantes testigos de la fe. La celebraci\u00f3n de la Eucarist\u00eda, consiguientemente, recuerda los hechos salvadores de Dios mediante la palabra y los ritos sacramentales. La palabra y el sacramento est\u00e1n unidos esencialmente; de hecho todos los sacramentos emplean palabras para acompa\u00f1ar y expresar el significado de los signos sacramentales. Por esa raz\u00f3n, la comida ritual de la Eucarist\u00eda se acompa\u00f1a siempre por historia y oraci\u00f3n vocal.<\/p>\n<p title=\"\">Para los miembros de la Familia Vicenciana es importante advertir el tremendo \u00e9nfasis que puso San Vicente en la Palabra de Dios. Estaba convencido de que la Palabra de Dios nunca falla. Es como una \u00abcasa construida sobre roca\u00bb.<span id='easy-footnote-65-45631' class='easy-footnote-margin-adjust'><\/span><span class='easy-footnote'><a href='https:\/\/vincentians.com\/es\/el-amor-es-creativo-hasta-el-infinito-sobre-la-eucaristia-en-la-tradicion-vicenciana\/#easy-footnote-bottom-65-45631' title='RC II, 1.'><sup>65<\/sup><\/a><\/span> Comienza todos los cap\u00edtulos de las reglas que \u00e9l escribi\u00f3 y, a menudo, otros muchos p\u00e1rrafos particulares, con una cita de la Escritura. Establece que los miembros de sus comunidades lean cada d\u00eda un cap\u00edtulo del Nuevo Testamento. En un pasaje lleno de colorido Abelly, su primer bi\u00f3grafo, hace notar con qu\u00e9 devoci\u00f3n San Vicente escuchaba la Palabra de Dios: \u00abParec\u00eda que mamaba el sentido de los pasajes de la Escritura como un ni\u00f1o la leche de su madre, y sacaba de ellos el meollo y la sustancia para nutrirse de ella y alimentar su alma. Eso hac\u00eda que en todas sus acciones y palabras apareciera lleno del Esp\u00edritu de Jesucristo\u00bb.<span id='easy-footnote-66-45631' class='easy-footnote-margin-adjust'><\/span><span class='easy-footnote'><a href='https:\/\/vincentians.com\/es\/el-amor-es-creativo-hasta-el-infinito-sobre-la-eucaristia-en-la-tradicion-vicenciana\/#easy-footnote-bottom-66-45631' title='Abelly libro III, 72-72 \/ Abelly-CEME, libro III, 600.'><sup>66<\/sup><\/a><\/span> En una conferencia a los miembros de la Congregaci\u00f3n de la Misi\u00f3n sobre las m\u00e1ximas evang\u00e9licas el 14 de febrero de 1659, Vicente presenta a Mar\u00eda como el modelo ideal del que escucha la Palabra de Dios, pues \u00abmejor que ning\u00fan otro, penetr\u00f3 su sentido y la llev\u00f3 a la pr\u00e1ctica\u00bb.<span id='easy-footnote-67-45631' class='easy-footnote-margin-adjust'><\/span><span class='easy-footnote'><a href='https:\/\/vincentians.com\/es\/el-amor-es-creativo-hasta-el-infinito-sobre-la-eucaristia-en-la-tradicion-vicenciana\/#easy-footnote-bottom-67-45631' title='SV XII, 129 \/ ES XI, 428.'><sup>67<\/sup><\/a><\/span>\n<p>Una vez m\u00e1s, sin embargo, hay que decir que el contexto para la atenci\u00f3n dada a la Palabra no es precisamente la Eucarist\u00eda; m\u00e1s bien es la lectura privada de la Escritura.<\/p>\n<h3><strong>3. La gran plegaria conmemorativa de acci\u00f3n de gracias e intercesi\u00f3n<\/strong><\/h3>\n<p>Fundamentalmente, la palabra Eucarist\u00eda significa \u00abacci\u00f3n de gracias\u00bb. El Nuevo Testamento repite la palabra frecuentemente con ese preciso significado.<span id='easy-footnote-68-45631' class='easy-footnote-margin-adjust'><\/span><span class='easy-footnote'><a href='https:\/\/vincentians.com\/es\/el-amor-es-creativo-hasta-el-infinito-sobre-la-eucaristia-en-la-tradicion-vicenciana\/#easy-footnote-bottom-68-45631' title='Cf. 1Cor 11, 24; Mc 8, 6; Mt 15, 36; 26, 27; Lc 22, 17; 24, 30; Jn 6, 11; Mc 6, 41; 14, 22; Mt 14, 19; 26, 26; Lc 9, 15; 22, 19.'><sup>68<\/sup><\/a><\/span>\n<p>De hecho, el primer nombre en el Nuevo Testamento para designar la Eucarist\u00eda es la Cena del Se\u00f1or.<span id='easy-footnote-69-45631' class='easy-footnote-margin-adjust'><\/span><span class='easy-footnote'><a href='https:\/\/vincentians.com\/es\/el-amor-es-creativo-hasta-el-infinito-sobre-la-eucaristia-en-la-tradicion-vicenciana\/#easy-footnote-bottom-69-45631' title='1Cor 11, 20.'><sup>69<\/sup><\/a><\/span> Un posterior, segundo nombre en el Nuevo Testamento es la \u00abfracci\u00f3n del pan\u00bb.<span id='easy-footnote-70-45631' class='easy-footnote-margin-adjust'><\/span><span class='easy-footnote'><a href='https:\/\/vincentians.com\/es\/el-amor-es-creativo-hasta-el-infinito-sobre-la-eucaristia-en-la-tradicion-vicenciana\/#easy-footnote-bottom-70-45631' title='Lc 24, 35; Hch 2, 42.'><sup>70<\/sup><\/a><\/span> Al igual que el nombre <em>Eucarist\u00eda, <\/em>estos otros manifiestan aspectos importantes de la espiritualidad expresada por los ritos. El nombre Cena del Se\u00f1or identifica el s\u00edmbolo fundamental de la celebraci\u00f3n de la Eucarist\u00eda: es una comida-memorial en la que el Se\u00f1or mismo est\u00e1 presente en medio de su pueblo. El nombre \u00abfracci\u00f3n del pan\u00bb pone de relieve que la Eucarist\u00eda es una participaci\u00f3n en la que el Se\u00f1or comunica su vida a sus disc\u00edpulos y en la que ellos est\u00e1n unidos mutuamente en \u00e9l.<\/p>\n<p>Pero desde el principio los cristianos consideraron la Eucarist\u00eda como una comida de acci\u00f3n de gracias en continuidad con parecidas comidas y oraciones jud\u00edas. El celebrante empieza toda Plegaria eucar\u00edstica proclamando:<\/p>\n<p style=\"padding-left: 30px\">Celebrante: <em>Demos gracias al Se\u00f1or nuestro Dios.<\/em><br \/>\nAsamblea: <em>Es justo y necesario.<\/em><br \/>\nCelebrante: <em>En verdad es justo y necesario,<br \/>\nes nuestro deber y salvaci\u00f3n<br \/>\ndarte gracias siempre y en todo lugar,<br \/>\nSe\u00f1or, Padre santo, Dios todopoderoso y eterno&#8230; <\/em><\/p>\n<p>Todas las Plegarias eucar\u00edsticas cl\u00e1sicas expresan palabras de gratitud a Dios Padre, con referencia especial a los dones de la creaci\u00f3n y redenci\u00f3n. Se centran en el don de su Hijo que dio su vida por todos aquellos a quienes amaba.<\/p>\n<p>Como se ha mencionado en la primera parte de este art\u00edculo (I, 4), la gratitud es uno de los temas que San Vicente toca al hablar o escribir sobre la Eucarist\u00eda, pero no pone \u00e9l el acento precisamente en la Plegaria eucar\u00edstica como oraci\u00f3n de acci\u00f3n de gracias por el amor fiel de Dios en la creaci\u00f3n y redenci\u00f3n. M\u00e1s bien, anima a los cohermanos y a las hermanas a dar gracias a Dios, mientras celebran la Eucarist\u00eda o asisten a ella, por los dones que ellos y sus comunidades han recibido. A\u00fan as\u00ed, el agradecimiento es un tema muy importante en la vida y oraci\u00f3n de San Vicente. Con sorprendente fuerza, afirma que la ingratitud es el \u00abcrimen de los cr\u00edmenes\u00bb.<span id='easy-footnote-71-45631' class='easy-footnote-margin-adjust'><\/span><span class='easy-footnote'><a href='https:\/\/vincentians.com\/es\/el-amor-es-creativo-hasta-el-infinito-sobre-la-eucaristia-en-la-tradicion-vicenciana\/#easy-footnote-bottom-71-45631' title='SV III, 37 \/ ES III, 38.'><sup>71<\/sup><\/a><\/span>\n<h3><strong>4. Memorial de la muerte sacrificial de Jes\u00fas<\/strong><\/h3>\n<p>En las Plegarias eucar\u00edsticas el celebrante proclama las palabras del Se\u00f1or: &#8230;\u00bbesto es mi Cuerpo, que ser\u00e1 <em>entregado <\/em>por vosotros\u00bb y &#8230;\u00bb\u00e9ste es el c\u00e1liz de mi Sangre\u00bb &#8230; \u00abque ser\u00e1 <em>derramada <\/em>por vosotros y por todos los hombres para el perd\u00f3n de los pecados\u00bb.<\/p>\n<p>La Eucarist\u00eda proclama un cuerpo entregado y una sangre derramada. Renueva la entrega del mismo Se\u00f1or por nosotros. La celebraci\u00f3n de la Eucarist\u00eda nos introduce en el misterio de la fe seg\u00fan el cual Cristo ha muerto, Cristo ha resucitado y Cristo vendr\u00e1 de nuevo. Proclama la muerte del Se\u00f1or hasta que vuelva, al mismo tiempo que nos lleva al amor de Jes\u00fas que se entrega a s\u00ed mismo.<\/p>\n<p>Creemos que en la Eucarist\u00eda el Se\u00f1or se nos da en toda su persona, cuerpo y sangre, porque nos ama. Se nos da a s\u00ed mismo en la intimidad de la m\u00e1s profunda amistad, entreg\u00e1ndonos su vida, su mente, su coraz\u00f3n. Se hace real y plenamente presente a nosotros y en nosotros en un amor que se da.<\/p>\n<p>Es claro que San Vicente pone gran \u00e9nfasis en la Eucarist\u00eda como sacrificio. Escribe en las <em>Reglas Comunes de la Congregaci\u00f3n de la Misi\u00f3n: <\/em>\u00abEl mejor medio para honrar esos misterios (de la Trinidad y Encarnaci\u00f3n) es el culto debido y la recepci\u00f3n digna de la Sagrada Eucarist\u00eda, como sacramento y como sacrificio. Pues ella encierra en s\u00ed un resumen de los otros misterios de la fe, y adem\u00e1s santifica y glorifica a las almas de los que la reciben bien y la celebran dignamente, con lo cual se da la gloria suprema al Dios uno y trino y al Verbo encarnado.<span id='easy-footnote-72-45631' class='easy-footnote-margin-adjust'><\/span><span class='easy-footnote'><a href='https:\/\/vincentians.com\/es\/el-amor-es-creativo-hasta-el-infinito-sobre-la-eucaristia-en-la-tradicion-vicenciana\/#easy-footnote-bottom-72-45631' title='RC X, 3.'><sup>72<\/sup><\/a><\/span> Vicente est\u00e1 tan convencido de la eficacia de este \u00absacramento y sacrifico\u00bb en hacernos conformes a Cristo que constantemente recomienda a los sacerdotes y hermanos de la Misi\u00f3n y a las Hijas de la Caridad que celebren la Eucarist\u00eda diariamente.<span id='easy-footnote-73-45631' class='easy-footnote-margin-adjust'><\/span><span class='easy-footnote'><a href='https:\/\/vincentians.com\/es\/el-amor-es-creativo-hasta-el-infinito-sobre-la-eucaristia-en-la-tradicion-vicenciana\/#easy-footnote-bottom-73-45631' title='RC X, 6; Cf. SV IX, 5 \/ ES IX, 24.'><sup>73<\/sup><\/a><\/span> Eso mismo prescriben las actuales Constituciones de la Congregaci\u00f3n y las de las Hijas de la Caridad.<span id='easy-footnote-74-45631' class='easy-footnote-margin-adjust'><\/span><span class='easy-footnote'><a href='https:\/\/vincentians.com\/es\/el-amor-es-creativo-hasta-el-infinito-sobre-la-eucaristia-en-la-tradicion-vicenciana\/#easy-footnote-bottom-74-45631' title='RC X, 6; Cf. SV IX, 5 \/ ES IX, 24.'><sup>74<\/sup><\/a><\/span>\n<p>Como se ha indicado en la primera secci\u00f3n de este art\u00edculo, Vicente pone de relieve con fuerza que no es solamente el sacerdote quien ofrece el sacrificio de la Eucarist\u00eda, sino tambi\u00e9n todos los que en \u00e9l participan.<\/p>\n<h3><strong>5. La comuni\u00f3n en el cuerpo y sangre de Cristo<\/strong><\/h3>\n<p title=\"\">Los s\u00edmbolos fundamentales de los elementos de la Eucarist\u00eda son la comida y la bebida. Como lo dice el evangelio de Juan: \u00abMi carne es verdadera comida y mi sangre verdadera bebida. El que come mi carne y bebe mi sangre permanece en m\u00ed y yo en \u00e9l.<span id='easy-footnote-75-45631' class='easy-footnote-margin-adjust'><\/span><span class='easy-footnote'><a href='https:\/\/vincentians.com\/es\/el-amor-es-creativo-hasta-el-infinito-sobre-la-eucaristia-en-la-tradicion-vicenciana\/#easy-footnote-bottom-75-45631' title='Jn 6, 55-56. Aun cuando los especialistas discuten los or\u00edgenes, y a veces el significado de algunos vers\u00edculos en Juan 6, 22-59, no hay duda de que la versi\u00f3n final del evangelio de Juan contiene claras referencias a la Eucarist\u00eda, especialmente en Juan 6, 51c-58: Cf. Francis J. Moloney, \u00abJohannine Theology\u00bb en &lt;em&gt;The New Jerome Biblical Commentary, &lt;\/em&gt;editado por Raymond E. Brown, Joseph A. Fitzmyer, y Roland E. Murphy (Englewood Cliffs, New Jersey, Prentice Hall, 1990) 1426.'><sup>75<\/sup><\/a><\/span> La Eucarist\u00eda es una comida en la que Jes\u00fas nos ofrece nutrimento para el camino de la vida. Es el pan de los caminantes, la fuente de la energ\u00eda para el Pueblo de Dios, mientras caminamos como peregrinos hacia el Reino.<\/p>\n<p>La estructura de la celebraci\u00f3n y las palabras de las Plegarias eucar\u00edsticas tradicionales hacen patente que esta acci\u00f3n sacramental, una comida-memorial, culmina con el acto de comer y beber: \u00abTomad y comed\u00bb, \u00abTomad y bebed\u00bb. Al hacerlo entramos en una profunda comuni\u00f3n con el Se\u00f1or y, en \u00e9l, unos con otros como pueblo suyo.<\/p>\n<p>Los escritos que de San Vicente tenemos ponen un poderoso acento en la comuni\u00f3n con el Se\u00f1or en la Eucarist\u00eda, en la comuni\u00f3n de unos con otros en la comunidad, en la comuni\u00f3n con los pobres. Al contrario de los jansenistas, impulsa \u00e9l a la comuni\u00f3n frecuente, afirmando que la Eucarist\u00eda nos hace \u00absemejantes a Jesucristo\u00bb<span id='easy-footnote-76-45631' class='easy-footnote-margin-adjust'><\/span><span class='easy-footnote'><a href='https:\/\/vincentians.com\/es\/el-amor-es-creativo-hasta-el-infinito-sobre-la-eucaristia-en-la-tradicion-vicenciana\/#easy-footnote-bottom-76-45631' title='SV IX, 238 \/ ES IX, 228.'><sup>76<\/sup><\/a><\/span> y nos une unos a otros en su amor.<\/p>\n<p>Pr\u00e1cticas recomendadas por San Vicente, como las visitas<span id='easy-footnote-77-45631' class='easy-footnote-margin-adjust'><\/span><span class='easy-footnote'><a href='https:\/\/vincentians.com\/es\/el-amor-es-creativo-hasta-el-infinito-sobre-la-eucaristia-en-la-tradicion-vicenciana\/#easy-footnote-bottom-77-45631' title='RC X, 3.'><sup>77<\/sup><\/a><\/span> al Sant\u00edsimo Sacramento y la adoraci\u00f3n del Sant\u00edsimo expuesto (una representaci\u00f3n de esta adoraci\u00f3n aparece en la primera edici\u00f3n de 1658 de las <em>Reglas Comunes de la Congregaci\u00f3n, <\/em>acompa\u00f1ada de las palabras \u00abO Salutaris Hostia\u00bb), son medios de volver a centrarnos en la comuni\u00f3n con el Se\u00f1or en otros momentos del d\u00eda, aparte de la celebraci\u00f3n de la Eucarist\u00eda. Las actuales <em>Constituciones de la Congregaci\u00f3n de la Misi\u00f3n <\/em>recomiendan estas y otras formas de devoci\u00f3n a la Eucarist\u00eda como una prolongaci\u00f3n de nuestra piedad hacia la misma.<span id='easy-footnote-78-45631' class='easy-footnote-margin-adjust'><\/span><span class='easy-footnote'><a href='https:\/\/vincentians.com\/es\/el-amor-es-creativo-hasta-el-infinito-sobre-la-eucaristia-en-la-tradicion-vicenciana\/#easy-footnote-bottom-78-45631' title='Estatutos C.M., n\u00ba 19.'><sup>78<\/sup><\/a><\/span>\n<h3><strong>6. Una comunidad enviada especialmente a los pobres<\/strong><\/h3>\n<p>Si los s\u00edmbolos son la comida y la bebida dentro del contexto de un banquete sacrificial, que es el memorial de la muerte de Jes\u00fas hasta que vuelva, entonces el fin es la uni\u00f3n en la vida y en la misi\u00f3n del Se\u00f1or. Pablo escribe a los Corintios: \u00abUno es el pan y uno es el cuerpo que formamos muchos; pues todos compartimos el \u00fanico pan\u00bb.<span id='easy-footnote-79-45631' class='easy-footnote-margin-adjust'><\/span><span class='easy-footnote'><a href='https:\/\/vincentians.com\/es\/el-amor-es-creativo-hasta-el-infinito-sobre-la-eucaristia-en-la-tradicion-vicenciana\/#easy-footnote-bottom-79-45631' title='1Co 10, 17.'><sup>79<\/sup><\/a><\/span> La <em>Didaj\u00e9, <\/em>escrita hacia el 107, afirma: \u00abJustamente como este pan esparcido antes sobre las colinas, ha sido reunido y hecho uno, que tu Iglesia igualmente sea congregada desde los confines de la tierra en tu Reino.<span id='easy-footnote-80-45631' class='easy-footnote-margin-adjust'><\/span><span class='easy-footnote'><a href='https:\/\/vincentians.com\/es\/el-amor-es-creativo-hasta-el-infinito-sobre-la-eucaristia-en-la-tradicion-vicenciana\/#easy-footnote-bottom-80-45631' title='Didaj\u00e9 9, 4.'><sup>80<\/sup><\/a><\/span>\n<p>La vida del Se\u00f1or nos lanza a la misi\u00f3n, especialmente hacia los m\u00e1s pobres entre los pobres. El prefacio de una de las m\u00e1s recientes Plegarias eucar\u00edsticas (V\/c) lo expresa elocuentemente:<\/p>\n<p style=\"padding-left: 30px\"><em>Te damos gracias,<br \/>\nPadre fiel y lleno de ternura,<br \/>\nporque tanto amaste al mundo<br \/>\nque le has entregado a tu Hijo,<br \/>\npara que fuera nuestro Se\u00f1or y nuestro hermano.<br \/>\n\u00c9l manifiesta su amor para con los pobres y los enfermos,<br \/>\npara con los peque\u00f1os y los pecadores.<br \/>\n\u00c9l nunca permaneci\u00f3 indiferente<br \/>\nante el sufrimiento humano;<br \/>\nsu vida y su palabra son para nosotros<br \/>\nla prueba de tu amor;<br \/>\ncomo un padre siente ternura por sus hijos,<br \/>\nas\u00ed t\u00fa sientes ternura por tus fieles.<\/em><\/p>\n<p title=\"\">Es en extremo importante no separar el relato de la Eucarist\u00eda de los otros discursos del Nuevo Testamento acerca de la participaci\u00f3n en las comidas cristianas.<span id='easy-footnote-81-45631' class='easy-footnote-margin-adjust'><\/span><span class='easy-footnote'><a href='https:\/\/vincentians.com\/es\/el-amor-es-creativo-hasta-el-infinito-sobre-la-eucaristia-en-la-tradicion-vicenciana\/#easy-footnote-bottom-81-45631' title='Hay mucha literartura interesante sobre la relaci\u00f3n entre la Eucarist\u00eda y la misi\u00f3n de la Iglesia para con los pobres: Tissa Balasuriya, &lt;em&gt;The Eucharist and Human Liberation &lt;\/em&gt;(Maryknoll, New York, Orbis Book, 1997); William T. Cavanaugh, &lt;em&gt;Torture and Eucharist: Theology, Politics and the Body of Christ, &lt;\/em&gt;Challenges in Contmporary Thelogy (New York, Blackwell, 1998); James Dallen, \u00abLiturgy and Justice for All\u00bb en &lt;em&gt;Worship &lt;\/em&gt;65 (1991) 290-306; James L. Empereur and Christopher G. Kiesling, &lt;em&gt;Liturgy That Does Justice, &lt;\/em&gt;Theology and Life Series 33 (Collegeville, Minnesota: The Liturgical Press [A Michel Glazier Book] 1990); Peter E. Fink, \u00abThe Challenge of God\u2019s Koinonia\u00bb en &lt;em&gt;Worship &lt;\/em&gt;59 (1985) 386-404; John C. Haughey, ed. &lt;em&gt;The Faith that Does Justice: Examining the Christian Sources for Social Change &lt;\/em&gt;(New York, Paulist Press, 1977); Monica K. Hellwig, &lt;em&gt;The Eucharist and the Hunger of the World &lt;\/em&gt;(New York, Paulist Press, 1976); David N. Power, \u00abWorship after the Holocaust\u00bb en &lt;em&gt;Worship &lt;\/em&gt;49 (1985) 447-455; Gail Ramshaw, \u00abThe Place of Lament Within Praise: Theses for Discussion\u00bb en &lt;em&gt;Worship &lt;\/em&gt;61 (1987) 317-322; Herman Schmidt and David Power, eds., &lt;em&gt;Politics and Liturgy, &lt;\/em&gt;Concilium: Religion in the Seventies (New York, Herder and Herder, (1974); Catherine Vincie, \u00abThe Cry for Justice and the Eucharist\u00bb en &lt;em&gt;Worship &lt;\/em&gt;68 (1994) 194-210; Goeffrey Wainwright, \u00abEucharist and\/as Ethics\u00bb en &lt;em&gt;Worship &lt;\/em&gt;62 (1988) 123-138; Nicholas Wolterstorff, \u00abLiturgy, Justice, and Tears\u00bb en &lt;em&gt;ibid. &lt;\/em&gt;386-403.'><sup>81<\/sup><\/a><\/span> El evangelio de Lucas y los Hechos de los Ap\u00f3stoles nos ayudan a situar la Eucarist\u00eda en el contexto de una reuni\u00f3n en que la Palabra, la oraci\u00f3n, la comida, y los bienes eran compartidos.<span id='easy-footnote-82-45631' class='easy-footnote-margin-adjust'><\/span><span class='easy-footnote'><a href='https:\/\/vincentians.com\/es\/el-amor-es-creativo-hasta-el-infinito-sobre-la-eucaristia-en-la-tradicion-vicenciana\/#easy-footnote-bottom-82-45631' title='Cf. Jerome Murphy-O\u2019Connor, \u00abEucharist end Community in First Corinthians\u00bb en &lt;em&gt;Worship &lt;\/em&gt;50 (1976) 370-385; 51 (1977) 56-69; Gerd Theissen, \u00abSocial Integration and Sacramental Activity: An Analysis of 1 Corinthians 11, 17-34\u00bb, en su &lt;em&gt;The Social Setting of Pauline Christianity: Essays on Corinth,&lt;\/em&gt; trad. de J.H. Schuz (Philadelphia, Fortess Press, 1982), 145-174.'><sup>82<\/sup><\/a><\/span> Lucas nos dice en su evangelio:<span id='easy-footnote-83-45631' class='easy-footnote-margin-adjust'><\/span><span class='easy-footnote'><a href='https:\/\/vincentians.com\/es\/el-amor-es-creativo-hasta-el-infinito-sobre-la-eucaristia-en-la-tradicion-vicenciana\/#easy-footnote-bottom-83-45631' title='Lc 14, 12-14.'><sup>83<\/sup><\/a><\/span> \u00abCuando ofrezcas una comida o una cena&#8230; invita a pobres, lisiados, cojos y ciegos. Dichoso t\u00fa, porque no pueden pagarte, pues te pagar\u00e1n cuando resuciten los justos\u00bb. Y en los Hechos de los Ap\u00f3stoles escribe: \u00abEran asiduos en escuchar la ense\u00f1anza de los ap\u00f3stoles, en la solidaridad, la fracci\u00f3n del pan y las oraciones&#8230; Los creyentes estaban todos unidos y pose\u00edan todo en com\u00fan; vend\u00edan bienes y posesiones y todo lo recabado lo repart\u00edan seg\u00fan las necesidades de cada uno. A diario acud\u00edan fielmente y un\u00e1nimes al templo; en sus casas part\u00edan el pan, compart\u00edan la comida con alegr\u00eda y sencillez sincera. Alababan a Dios y todo el mundo los estimaba\u00bb.<span id='easy-footnote-84-45631' class='easy-footnote-margin-adjust'><\/span><span class='easy-footnote'><a href='https:\/\/vincentians.com\/es\/el-amor-es-creativo-hasta-el-infinito-sobre-la-eucaristia-en-la-tradicion-vicenciana\/#easy-footnote-bottom-84-45631' title='Hch 2, 42-47; Cf. tambi\u00e9n Hch 4, 32ss.'><sup>84<\/sup><\/a><\/span>\n<p>San Juan Cris\u00f3stomo fija su atenci\u00f3n en la relaci\u00f3n entre la Eucarist\u00eda y los pobres con palabras que constituyen un reto:<\/p>\n<p style=\"padding-left: 30px\"><em>\u00bfDeseas honrar el cuerpo de Cristo? Entonces no lo desprecies cuando lo ves desnudo entre los pobres; ni trates de honrarlo aqu\u00ed, en el templo, con ofrendas caprichosas, si al mimo tiempo, cuando sales del templo, lo dejas abandonado en su fr\u00edo y desnudez. Porque el mismo que dijo, \u00abEsto es mi cuerpo\u00bb y con su palabra hizo verdad todo lo que dijo, afirm\u00f3 tambi\u00e9n \u00abTuve hambre y me disteis de comer\u00bb, y m\u00e1s adelante, \u00ablo que no hicisteis a uno de estos m\u00e1s peque\u00f1os, no me lo hicisteis a m\u00ed\u00bb.<\/em><span id='easy-footnote-85-45631' class='easy-footnote-margin-adjust'><\/span><span class='easy-footnote'><a href='https:\/\/vincentians.com\/es\/el-amor-es-creativo-hasta-el-infinito-sobre-la-eucaristia-en-la-tradicion-vicenciana\/#easy-footnote-bottom-85-45631' title='San Juan Cris\u00f3stomo en sus homil\u00edas, pone de relieve a menudo la \u00edntima conexi\u00f3n entre la participaci\u00f3n en la Eucarist\u00eda y el cuidado de los pobres. Cf. Homil\u00edas sobre el Evangelio de San Mateo, XLIX.'><sup>85<\/sup><\/a><\/span>\n<p>En estos tiempos en que la Iglesia se empe\u00f1a de manera renovada en su opci\u00f3n preferencial por los pobres, la Eucarist\u00eda deber\u00eda reforzar los v\u00ednculos con los pobres de nuestra propia comunidad eclesial como tambi\u00e9n con los de lejanas tierras. Pablo habiendo sido enviado como misionero por el Concilio de Jerusal\u00e9n a predicar a los Gentiles, afirma:<span id='easy-footnote-86-45631' class='easy-footnote-margin-adjust'><\/span><span class='easy-footnote'><a href='https:\/\/vincentians.com\/es\/el-amor-es-creativo-hasta-el-infinito-sobre-la-eucaristia-en-la-tradicion-vicenciana\/#easy-footnote-bottom-86-45631' title='Gal 2, 10.'><sup>86<\/sup><\/a><\/span> \u00abS\u00f3lo pidieron que nos acod\u00e1ramos de los pobres, cosa que me esforzado por cumplir\u00bb.<\/p>\n<p>Como se ha mencionado en la primera parte de este art\u00edculo (I, 7), Vicente vio la Eucarist\u00eda como la fuente de una evangelizaci\u00f3n efectiva. En otras palabras, la Eucarist\u00eda, para \u00e9l, est\u00e1 vinculada a la vida y a la misi\u00f3n. Es la fuente de la energ\u00eda y de las virtudes misioneras que sus seguidores tienen que llevar al servicio de los pobres.<\/p>\n<p>Al mismo tiempo que es claro que la perspectiva teol\u00f3gica de Vicente sobre la Eucarist\u00eda depend\u00eda, como era de esperar, de su \u00e9poca, sin embargo, hay en ella tonos muy acordes con los de un ense\u00f1ante o predicador actuales. Insiste, en efecto, en la necesidad de que todos participen activamente. Pone de relieve no solamente la muerte del Se\u00f1or sino su resurrecci\u00f3n tambi\u00e9n. Subraya la importancia de la alabanza y de la acci\u00f3n de gracias en la Eucarist\u00eda. Ve la Eucarist\u00eda como alimento y medicina para nuestro camino de peregrinos. Invita encarecidamente a la frecuente comuni\u00f3n, recalcando que la recepci\u00f3n del cuerpo y sangre del Se\u00f1or es la fuente de uni\u00f3n con \u00e9l y mutua de unos con otros, y el manantial de nuestra misi\u00f3n, especialmente para con los pobres.<\/p>\n<p title=\"\">Con su acostumbrada claridad pr\u00e1ctica de visi\u00f3n, Vicente reconoci\u00f3 y repiti\u00f3 una y otra vez que las buenas disposiciones son de suma importancia para los participantes en la Eucarist\u00eda. Quienes participan mal no ganan nada;<span id='easy-footnote-87-45631' class='easy-footnote-margin-adjust'><\/span><span class='easy-footnote'><a href='https:\/\/vincentians.com\/es\/el-amor-es-creativo-hasta-el-infinito-sobre-la-eucaristia-en-la-tradicion-vicenciana\/#easy-footnote-bottom-87-45631' title='IX, 331 \/ ES IX, 308.'><sup>87<\/sup><\/a><\/span> quienes lo hacen bien son transformados.<\/p>\n<p>Hablando elocuentemente en el curso de la conferencia del 18 de agosto de 1647, San Vicente exclama en respuesta a un comentario de una Hija de la Caridad:<\/p>\n<p style=\"padding-left: 30px\"><em>\u00a1Oh! \u00a1qu\u00e9 buena observaci\u00f3n, la de que la persona que ha comulgado bien lo hace todo bien! Si El\u00edas con su doble esp\u00edritu, hac\u00eda tantas maravillas, \u00bfqu\u00e9 no har\u00e1 una persona que tiene a Dios en s\u00ed, que est\u00e1 llena de Dios? No har\u00e1 ya ciertamente sus acciones, sino que har\u00e1 las acciones de Jesucristo; servir\u00e1 a los enfermos con la caridad de Jesucristo; tendr\u00e1 en su conversaci\u00f3n la mansedumbre de Jesucristo; tendr\u00e1 en sus contradicciones la paciencia de Jesucristo; tendr\u00e1 la obediencia de Jesucristo. En una palabra<\/em>,<em> Hijas m\u00edas, todas sus acciones no ser\u00e1n ya de una mera criatura; ser\u00e1n acciones de Jesucristo.<\/em><span id='easy-footnote-88-45631' class='easy-footnote-margin-adjust'><\/span><span class='easy-footnote'><a href='https:\/\/vincentians.com\/es\/el-amor-es-creativo-hasta-el-infinito-sobre-la-eucaristia-en-la-tradicion-vicenciana\/#easy-footnote-bottom-88-45631' title='SV IX, 332-333 \/ ES IX, 309.'><sup>88<\/sup><\/a><\/span>\n","protected":false},"excerpt":{"rendered":"<p>Dentro de nuestra Familia, citamos a menudo el dicho de San Vicente: \u00abEl amor es creativo hasta el infinito\u00bb. Ordinariamente, usamos esta cita para motivar a otros a ser creativos pastoralmente, a responder a las &#8230; <a href=\"https:\/\/vincentians.com\/es\/el-amor-es-creativo-hasta-el-infinito-sobre-la-eucaristia-en-la-tradicion-vicenciana\/\" class=\"more-link\">Read More<\/a><\/p>\n","protected":false},"author":4,"featured_media":45636,"comment_status":"open","ping_status":"open","sticky":false,"template":"","format":"standard","meta":{"jetpack_post_was_ever_published":false,"_jetpack_newsletter_access":"","_jetpack_dont_email_post_to_subs":false,"_jetpack_newsletter_tier_id":0,"_jetpack_memberships_contains_paywalled_content":false,"_jetpack_memberships_contains_paid_content":false,"footnotes":"","jetpack_publicize_message":"","jetpack_publicize_feature_enabled":true,"jetpack_social_post_already_shared":true,"jetpack_social_options":{"image_generator_settings":{"template":"highway","default_image_id":0,"font":"","enabled":false},"version":2}},"categories":[28],"tags":[218,228,126,161,172],"class_list":["post-45631","post","type-post","status-publish","format-standard","has-post-thumbnail","hentry","category-formacion-vicenciana","tag-abelly","tag-calvet","tag-dehorgny","tag-etienne","tag-pobreza"],"yoast_head":"<!-- This site is optimized with the Yoast SEO plugin v26.3 - https:\/\/yoast.com\/wordpress\/plugins\/seo\/ -->\n<title>El amor es creativo hasta el infinito: Sobre la Eucarist\u00eda en la tradici\u00f3n vicenciana - Somos Vicencianos<\/title>\n<meta name=\"robots\" content=\"index, follow, max-snippet:-1, max-image-preview:large, max-video-preview:-1\" \/>\n<link rel=\"canonical\" href=\"http:\/\/vincentians.com\/es\/el-amor-es-creativo-hasta-el-infinito-sobre-la-eucaristia-en-la-tradicion-vicenciana\/\" \/>\n<meta property=\"og:locale\" content=\"es_ES\" \/>\n<meta property=\"og:type\" content=\"article\" \/>\n<meta property=\"og:title\" content=\"El amor es creativo hasta el infinito: Sobre la Eucarist\u00eda en la tradici\u00f3n vicenciana - Somos Vicencianos\" \/>\n<meta property=\"og:description\" content=\"Dentro de nuestra Familia, citamos a menudo el dicho de San Vicente: \u00abEl amor es creativo hasta el infinito\u00bb. Ordinariamente, usamos esta cita para motivar a otros a ser creativos pastoralmente, a responder a las ... Read More\" \/>\n<meta property=\"og:url\" content=\"http:\/\/vincentians.com\/es\/el-amor-es-creativo-hasta-el-infinito-sobre-la-eucaristia-en-la-tradicion-vicenciana\/\" \/>\n<meta property=\"og:site_name\" content=\"Somos Vicencianos\" \/>\n<meta property=\"article:publisher\" content=\"https:\/\/www.facebook.com\/WeAreVincentians\/\" \/>\n<meta property=\"article:author\" content=\"https:\/\/www.facebook.com\/JavierChento\" \/>\n<meta property=\"article:published_time\" content=\"2015-02-04T06:10:43+00:00\" \/>\n<meta property=\"article:modified_time\" content=\"2016-07-26T17:17:59+00:00\" \/>\n<meta name=\"author\" content=\"Francisco Javier Fern\u00e1ndez Chento\" \/>\n<meta name=\"twitter:card\" content=\"summary_large_image\" \/>\n<meta name=\"twitter:creator\" content=\"@https:\/\/twitter.com\/javierchento\" \/>\n<meta name=\"twitter:site\" content=\"@WeVincentians\" \/>\n<meta name=\"twitter:label1\" content=\"Escrito por\" \/>\n\t<meta name=\"twitter:data1\" content=\"Francisco Javier Fern\u00e1ndez Chento\" \/>\n\t<meta name=\"twitter:label2\" content=\"Tiempo de lectura\" \/>\n\t<meta name=\"twitter:data2\" content=\"45 minutos\" \/>\n<script type=\"application\/ld+json\" class=\"yoast-schema-graph\">{\"@context\":\"https:\/\/schema.org\",\"@graph\":[{\"@type\":\"Article\",\"@id\":\"http:\/\/vincentians.com\/es\/el-amor-es-creativo-hasta-el-infinito-sobre-la-eucaristia-en-la-tradicion-vicenciana\/#article\",\"isPartOf\":{\"@id\":\"http:\/\/vincentians.com\/es\/el-amor-es-creativo-hasta-el-infinito-sobre-la-eucaristia-en-la-tradicion-vicenciana\/\"},\"author\":{\"name\":\"Francisco Javier Fern\u00e1ndez Chento\",\"@id\":\"http:\/\/vincentians.com\/es\/#\/schema\/person\/9623ef4d9aa3b2dfb8c061f1499288f2\"},\"headline\":\"El amor es creativo hasta el infinito: Sobre la Eucarist\u00eda en la tradici\u00f3n vicenciana\",\"datePublished\":\"2015-02-04T06:10:43+00:00\",\"dateModified\":\"2016-07-26T17:17:59+00:00\",\"mainEntityOfPage\":{\"@id\":\"http:\/\/vincentians.com\/es\/el-amor-es-creativo-hasta-el-infinito-sobre-la-eucaristia-en-la-tradicion-vicenciana\/\"},\"wordCount\":8973,\"commentCount\":1,\"publisher\":{\"@id\":\"http:\/\/vincentians.com\/es\/#organization\"},\"image\":{\"@id\":\"http:\/\/vincentians.com\/es\/el-amor-es-creativo-hasta-el-infinito-sobre-la-eucaristia-en-la-tradicion-vicenciana\/#primaryimage\"},\"thumbnailUrl\":\"\",\"keywords\":[\"Abelly\",\"Calvet\",\"Dehorgny\",\"Etienne\",\"Pobreza\"],\"articleSection\":[\"Formaci\u00f3n Vicenciana\"],\"inLanguage\":\"es\",\"potentialAction\":[{\"@type\":\"CommentAction\",\"name\":\"Comment\",\"target\":[\"http:\/\/vincentians.com\/es\/el-amor-es-creativo-hasta-el-infinito-sobre-la-eucaristia-en-la-tradicion-vicenciana\/#respond\"]}]},{\"@type\":\"WebPage\",\"@id\":\"http:\/\/vincentians.com\/es\/el-amor-es-creativo-hasta-el-infinito-sobre-la-eucaristia-en-la-tradicion-vicenciana\/\",\"url\":\"http:\/\/vincentians.com\/es\/el-amor-es-creativo-hasta-el-infinito-sobre-la-eucaristia-en-la-tradicion-vicenciana\/\",\"name\":\"El amor es creativo hasta el infinito: Sobre la Eucarist\u00eda en la tradici\u00f3n vicenciana - Somos Vicencianos\",\"isPartOf\":{\"@id\":\"http:\/\/vincentians.com\/es\/#website\"},\"primaryImageOfPage\":{\"@id\":\"http:\/\/vincentians.com\/es\/el-amor-es-creativo-hasta-el-infinito-sobre-la-eucaristia-en-la-tradicion-vicenciana\/#primaryimage\"},\"image\":{\"@id\":\"http:\/\/vincentians.com\/es\/el-amor-es-creativo-hasta-el-infinito-sobre-la-eucaristia-en-la-tradicion-vicenciana\/#primaryimage\"},\"thumbnailUrl\":\"\",\"datePublished\":\"2015-02-04T06:10:43+00:00\",\"dateModified\":\"2016-07-26T17:17:59+00:00\",\"breadcrumb\":{\"@id\":\"http:\/\/vincentians.com\/es\/el-amor-es-creativo-hasta-el-infinito-sobre-la-eucaristia-en-la-tradicion-vicenciana\/#breadcrumb\"},\"inLanguage\":\"es\",\"potentialAction\":[{\"@type\":\"ReadAction\",\"target\":[\"http:\/\/vincentians.com\/es\/el-amor-es-creativo-hasta-el-infinito-sobre-la-eucaristia-en-la-tradicion-vicenciana\/\"]}]},{\"@type\":\"ImageObject\",\"inLanguage\":\"es\",\"@id\":\"http:\/\/vincentians.com\/es\/el-amor-es-creativo-hasta-el-infinito-sobre-la-eucaristia-en-la-tradicion-vicenciana\/#primaryimage\",\"url\":\"\",\"contentUrl\":\"\"},{\"@type\":\"BreadcrumbList\",\"@id\":\"http:\/\/vincentians.com\/es\/el-amor-es-creativo-hasta-el-infinito-sobre-la-eucaristia-en-la-tradicion-vicenciana\/#breadcrumb\",\"itemListElement\":[{\"@type\":\"ListItem\",\"position\":1,\"name\":\"Portada\",\"item\":\"http:\/\/vincentians.com\/es\/\"},{\"@type\":\"ListItem\",\"position\":2,\"name\":\"El amor es creativo hasta el infinito: Sobre la Eucarist\u00eda en la tradici\u00f3n vicenciana\"}]},{\"@type\":\"WebSite\",\"@id\":\"http:\/\/vincentians.com\/es\/#website\",\"url\":\"http:\/\/vincentians.com\/es\/\",\"name\":\"Somos Vicencianos\",\"description\":\"Know more to serve more\",\"publisher\":{\"@id\":\"http:\/\/vincentians.com\/es\/#organization\"},\"potentialAction\":[{\"@type\":\"SearchAction\",\"target\":{\"@type\":\"EntryPoint\",\"urlTemplate\":\"http:\/\/vincentians.com\/es\/?s={search_term_string}\"},\"query-input\":{\"@type\":\"PropertyValueSpecification\",\"valueRequired\":true,\"valueName\":\"search_term_string\"}}],\"inLanguage\":\"es\"},{\"@type\":\"Organization\",\"@id\":\"http:\/\/vincentians.com\/es\/#organization\",\"name\":\"The Vincentian Network\",\"url\":\"http:\/\/vincentians.com\/es\/\",\"logo\":{\"@type\":\"ImageObject\",\"inLanguage\":\"es\",\"@id\":\"http:\/\/vincentians.com\/es\/#\/schema\/logo\/image\/\",\"url\":\"https:\/\/i1.wp.com\/vincentians.com\/es\/wp-content\/uploads\/sites\/11\/2016\/06\/Vincentian-Network-logo-big.png?fit=778%2C778\",\"contentUrl\":\"https:\/\/i1.wp.com\/vincentians.com\/es\/wp-content\/uploads\/sites\/11\/2016\/06\/Vincentian-Network-logo-big.png?fit=778%2C778\",\"width\":778,\"height\":778,\"caption\":\"The Vincentian Network\"},\"image\":{\"@id\":\"http:\/\/vincentians.com\/es\/#\/schema\/logo\/image\/\"},\"sameAs\":[\"https:\/\/www.facebook.com\/WeAreVincentians\/\",\"https:\/\/x.com\/WeVincentians\"]},{\"@type\":\"Person\",\"@id\":\"http:\/\/vincentians.com\/es\/#\/schema\/person\/9623ef4d9aa3b2dfb8c061f1499288f2\",\"name\":\"Francisco Javier Fern\u00e1ndez Chento\",\"image\":{\"@type\":\"ImageObject\",\"inLanguage\":\"es\",\"@id\":\"http:\/\/vincentians.com\/es\/#\/schema\/person\/image\/\",\"url\":\"https:\/\/secure.gravatar.com\/avatar\/497d5cde87b4c3d097d0315953521681ba2cd523ee66e5077c3711f7021e65de?s=96&d=mm&r=g\",\"contentUrl\":\"https:\/\/secure.gravatar.com\/avatar\/497d5cde87b4c3d097d0315953521681ba2cd523ee66e5077c3711f7021e65de?s=96&d=mm&r=g\",\"caption\":\"Francisco Javier Fern\u00e1ndez Chento\"},\"description\":\"Director General y cofundador de La Red de Formaci\u00f3n Vicenciana. Javier es laico vicenciano, afiliado a la Congregaci\u00f3n de la Misi\u00f3n y miembro del Equipo de Misiones Populares de la provincia can\u00f3nica de Zaragoza (Espa\u00f1a) de la Congregaci\u00f3n de la Misi\u00f3n. Graduado en la Universidad Oberta de Catalunya con cuatro grados (Asistente de direcci\u00f3n, Gesti\u00f3n Administrativa, Recursos Humanos y Contabilidad Avanzada). Bil\u00edng\u00fce Espa\u00f1ol\/Ingl\u00e9s. gestiona y mantiene varias p\u00e1ginas web cristianas y vicencianas, incluida including La Red de Formaci\u00f3n Vicenciana, de la que es cofundador. Actualmente es responsable del \u00e1rea de Espa\u00f1ol de .famvin, la Red de Noticias de la Familia Vicenciana. Tambi\u00e9n es m\u00fasico cat\u00f3lico y ha editado varios discos. Es Director General y cofundador de Trovador, una reconocida compa\u00f1\u00eda discogr\u00e1fica critiana de Espa\u00f1a. Trabaja en las Tecnolog\u00edas de la Informaci\u00f3n, ofreciendo servicios de alojamiento, dise\u00f1o y mantenimiento Web, as\u00ed como asesoramiento, formaci\u00f3n y soluciones inform\u00e1ticas, gesti\u00f3n documental y digitalizaci\u00f3n de textos, edici\u00f3n y maquetaci\u00f3n de libros, revistas, flyers, etc.\",\"sameAs\":[\"http:\/\/chento.org\",\"https:\/\/www.facebook.com\/JavierChento\",\"https:\/\/x.com\/https:\/\/twitter.com\/javierchento\"],\"url\":\"https:\/\/vincentians.com\/es\/author\/chento\/\"}]}<\/script>\n<!-- \/ Yoast SEO plugin. -->","yoast_head_json":{"title":"El amor es creativo hasta el infinito: Sobre la Eucarist\u00eda en la tradici\u00f3n vicenciana - Somos Vicencianos","robots":{"index":"index","follow":"follow","max-snippet":"max-snippet:-1","max-image-preview":"max-image-preview:large","max-video-preview":"max-video-preview:-1"},"canonical":"http:\/\/vincentians.com\/es\/el-amor-es-creativo-hasta-el-infinito-sobre-la-eucaristia-en-la-tradicion-vicenciana\/","og_locale":"es_ES","og_type":"article","og_title":"El amor es creativo hasta el infinito: Sobre la Eucarist\u00eda en la tradici\u00f3n vicenciana - Somos Vicencianos","og_description":"Dentro de nuestra Familia, citamos a menudo el dicho de San Vicente: \u00abEl amor es creativo hasta el infinito\u00bb. Ordinariamente, usamos esta cita para motivar a otros a ser creativos pastoralmente, a responder a las ... Read More","og_url":"http:\/\/vincentians.com\/es\/el-amor-es-creativo-hasta-el-infinito-sobre-la-eucaristia-en-la-tradicion-vicenciana\/","og_site_name":"Somos Vicencianos","article_publisher":"https:\/\/www.facebook.com\/WeAreVincentians\/","article_author":"https:\/\/www.facebook.com\/JavierChento","article_published_time":"2015-02-04T06:10:43+00:00","article_modified_time":"2016-07-26T17:17:59+00:00","author":"Francisco Javier Fern\u00e1ndez Chento","twitter_card":"summary_large_image","twitter_creator":"@https:\/\/twitter.com\/javierchento","twitter_site":"@WeVincentians","twitter_misc":{"Escrito por":"Francisco Javier Fern\u00e1ndez Chento","Tiempo de lectura":"45 minutos"},"schema":{"@context":"https:\/\/schema.org","@graph":[{"@type":"Article","@id":"http:\/\/vincentians.com\/es\/el-amor-es-creativo-hasta-el-infinito-sobre-la-eucaristia-en-la-tradicion-vicenciana\/#article","isPartOf":{"@id":"http:\/\/vincentians.com\/es\/el-amor-es-creativo-hasta-el-infinito-sobre-la-eucaristia-en-la-tradicion-vicenciana\/"},"author":{"name":"Francisco Javier Fern\u00e1ndez Chento","@id":"http:\/\/vincentians.com\/es\/#\/schema\/person\/9623ef4d9aa3b2dfb8c061f1499288f2"},"headline":"El amor es creativo hasta el infinito: Sobre la Eucarist\u00eda en la tradici\u00f3n vicenciana","datePublished":"2015-02-04T06:10:43+00:00","dateModified":"2016-07-26T17:17:59+00:00","mainEntityOfPage":{"@id":"http:\/\/vincentians.com\/es\/el-amor-es-creativo-hasta-el-infinito-sobre-la-eucaristia-en-la-tradicion-vicenciana\/"},"wordCount":8973,"commentCount":1,"publisher":{"@id":"http:\/\/vincentians.com\/es\/#organization"},"image":{"@id":"http:\/\/vincentians.com\/es\/el-amor-es-creativo-hasta-el-infinito-sobre-la-eucaristia-en-la-tradicion-vicenciana\/#primaryimage"},"thumbnailUrl":"","keywords":["Abelly","Calvet","Dehorgny","Etienne","Pobreza"],"articleSection":["Formaci\u00f3n Vicenciana"],"inLanguage":"es","potentialAction":[{"@type":"CommentAction","name":"Comment","target":["http:\/\/vincentians.com\/es\/el-amor-es-creativo-hasta-el-infinito-sobre-la-eucaristia-en-la-tradicion-vicenciana\/#respond"]}]},{"@type":"WebPage","@id":"http:\/\/vincentians.com\/es\/el-amor-es-creativo-hasta-el-infinito-sobre-la-eucaristia-en-la-tradicion-vicenciana\/","url":"http:\/\/vincentians.com\/es\/el-amor-es-creativo-hasta-el-infinito-sobre-la-eucaristia-en-la-tradicion-vicenciana\/","name":"El amor es creativo hasta el infinito: Sobre la Eucarist\u00eda en la tradici\u00f3n vicenciana - Somos Vicencianos","isPartOf":{"@id":"http:\/\/vincentians.com\/es\/#website"},"primaryImageOfPage":{"@id":"http:\/\/vincentians.com\/es\/el-amor-es-creativo-hasta-el-infinito-sobre-la-eucaristia-en-la-tradicion-vicenciana\/#primaryimage"},"image":{"@id":"http:\/\/vincentians.com\/es\/el-amor-es-creativo-hasta-el-infinito-sobre-la-eucaristia-en-la-tradicion-vicenciana\/#primaryimage"},"thumbnailUrl":"","datePublished":"2015-02-04T06:10:43+00:00","dateModified":"2016-07-26T17:17:59+00:00","breadcrumb":{"@id":"http:\/\/vincentians.com\/es\/el-amor-es-creativo-hasta-el-infinito-sobre-la-eucaristia-en-la-tradicion-vicenciana\/#breadcrumb"},"inLanguage":"es","potentialAction":[{"@type":"ReadAction","target":["http:\/\/vincentians.com\/es\/el-amor-es-creativo-hasta-el-infinito-sobre-la-eucaristia-en-la-tradicion-vicenciana\/"]}]},{"@type":"ImageObject","inLanguage":"es","@id":"http:\/\/vincentians.com\/es\/el-amor-es-creativo-hasta-el-infinito-sobre-la-eucaristia-en-la-tradicion-vicenciana\/#primaryimage","url":"","contentUrl":""},{"@type":"BreadcrumbList","@id":"http:\/\/vincentians.com\/es\/el-amor-es-creativo-hasta-el-infinito-sobre-la-eucaristia-en-la-tradicion-vicenciana\/#breadcrumb","itemListElement":[{"@type":"ListItem","position":1,"name":"Portada","item":"http:\/\/vincentians.com\/es\/"},{"@type":"ListItem","position":2,"name":"El amor es creativo hasta el infinito: Sobre la Eucarist\u00eda en la tradici\u00f3n vicenciana"}]},{"@type":"WebSite","@id":"http:\/\/vincentians.com\/es\/#website","url":"http:\/\/vincentians.com\/es\/","name":"Somos Vicencianos","description":"Know more to serve more","publisher":{"@id":"http:\/\/vincentians.com\/es\/#organization"},"potentialAction":[{"@type":"SearchAction","target":{"@type":"EntryPoint","urlTemplate":"http:\/\/vincentians.com\/es\/?s={search_term_string}"},"query-input":{"@type":"PropertyValueSpecification","valueRequired":true,"valueName":"search_term_string"}}],"inLanguage":"es"},{"@type":"Organization","@id":"http:\/\/vincentians.com\/es\/#organization","name":"The Vincentian Network","url":"http:\/\/vincentians.com\/es\/","logo":{"@type":"ImageObject","inLanguage":"es","@id":"http:\/\/vincentians.com\/es\/#\/schema\/logo\/image\/","url":"https:\/\/i1.wp.com\/vincentians.com\/es\/wp-content\/uploads\/sites\/11\/2016\/06\/Vincentian-Network-logo-big.png?fit=778%2C778","contentUrl":"https:\/\/i1.wp.com\/vincentians.com\/es\/wp-content\/uploads\/sites\/11\/2016\/06\/Vincentian-Network-logo-big.png?fit=778%2C778","width":778,"height":778,"caption":"The Vincentian Network"},"image":{"@id":"http:\/\/vincentians.com\/es\/#\/schema\/logo\/image\/"},"sameAs":["https:\/\/www.facebook.com\/WeAreVincentians\/","https:\/\/x.com\/WeVincentians"]},{"@type":"Person","@id":"http:\/\/vincentians.com\/es\/#\/schema\/person\/9623ef4d9aa3b2dfb8c061f1499288f2","name":"Francisco Javier Fern\u00e1ndez Chento","image":{"@type":"ImageObject","inLanguage":"es","@id":"http:\/\/vincentians.com\/es\/#\/schema\/person\/image\/","url":"https:\/\/secure.gravatar.com\/avatar\/497d5cde87b4c3d097d0315953521681ba2cd523ee66e5077c3711f7021e65de?s=96&d=mm&r=g","contentUrl":"https:\/\/secure.gravatar.com\/avatar\/497d5cde87b4c3d097d0315953521681ba2cd523ee66e5077c3711f7021e65de?s=96&d=mm&r=g","caption":"Francisco Javier Fern\u00e1ndez Chento"},"description":"Director General y cofundador de La Red de Formaci\u00f3n Vicenciana. Javier es laico vicenciano, afiliado a la Congregaci\u00f3n de la Misi\u00f3n y miembro del Equipo de Misiones Populares de la provincia can\u00f3nica de Zaragoza (Espa\u00f1a) de la Congregaci\u00f3n de la Misi\u00f3n. Graduado en la Universidad Oberta de Catalunya con cuatro grados (Asistente de direcci\u00f3n, Gesti\u00f3n Administrativa, Recursos Humanos y Contabilidad Avanzada). Bil\u00edng\u00fce Espa\u00f1ol\/Ingl\u00e9s. gestiona y mantiene varias p\u00e1ginas web cristianas y vicencianas, incluida including La Red de Formaci\u00f3n Vicenciana, de la que es cofundador. Actualmente es responsable del \u00e1rea de Espa\u00f1ol de .famvin, la Red de Noticias de la Familia Vicenciana. Tambi\u00e9n es m\u00fasico cat\u00f3lico y ha editado varios discos. Es Director General y cofundador de Trovador, una reconocida compa\u00f1\u00eda discogr\u00e1fica critiana de Espa\u00f1a. Trabaja en las Tecnolog\u00edas de la Informaci\u00f3n, ofreciendo servicios de alojamiento, dise\u00f1o y mantenimiento Web, as\u00ed como asesoramiento, formaci\u00f3n y soluciones inform\u00e1ticas, gesti\u00f3n documental y digitalizaci\u00f3n de textos, edici\u00f3n y maquetaci\u00f3n de libros, revistas, flyers, etc.","sameAs":["http:\/\/chento.org","https:\/\/www.facebook.com\/JavierChento","https:\/\/x.com\/https:\/\/twitter.com\/javierchento"],"url":"https:\/\/vincentians.com\/es\/author\/chento\/"}]}},"jetpack_publicize_connections":[],"jetpack_featured_media_url":"","jetpack_sharing_enabled":true,"jetpack_shortlink":"https:\/\/wp.me\/p7ETMF-bRZ","jetpack-related-posts":[{"id":131328,"url":"https:\/\/vincentians.com\/es\/descubridores-de-nuevos-caminos\/","url_meta":{"origin":45631,"position":0},"title":"Descubridores de nuevos caminos","author":"Francisco Javier Fern\u00e1ndez Chento","date":"06\/02\/2015","format":false,"excerpt":"\"No apagu\u00e9is el esp\u00edritu, no teng\u00e1is en poco los mensajes inspirados; pero examinadlo todo, retener lo que haya de bueno y manteneos lejos de toda clase de mal\". (II Tes 5,19-22). \"Supuesto este fin, la Congregaci\u00f3n de la Misi\u00f3n, atendiendo siempre al Evangelio, a los signos de los tiempos y\u2026","rel":"","context":"En \u00abEspiritualidad vicenciana\u00bb","block_context":{"text":"Espiritualidad vicenciana","link":"https:\/\/vincentians.com\/es\/category\/espiritualidad\/espiritualidad-vicenciana\/"},"img":{"alt_text":"nuevos caminos","src":"https:\/\/i0.wp.com\/vicencianos.org\/wp-content\/2014\/09\/nuevos-caminos-300x223.jpg?resize=350%2C200","width":350,"height":200},"classes":[]},{"id":398644,"url":"https:\/\/vincentians.com\/es\/aportacion-del-carisma-vicenciano-la-mision-la-iglesia-8\/","url_meta":{"origin":45631,"position":1},"title":"Aportaci\u00f3n del carisma vicenciano a la Misi\u00f3n de la Iglesia (8)","author":"Francisco Javier Fern\u00e1ndez Chento","date":"11\/08\/2016","format":false,"excerpt":"8.- La Caridad, que anima la Misi\u00f3n. La Misi\u00f3n que se hace Caridad. En la sinagoga de Nazaret y a partir de un texto del profeta Isa\u00edas (El Esp\u00edritu del Se\u00f1or est\u00e1 sobre m\u00ed, porque \u00e9l me ha ungido; me ha enviado para dar la buena noticia a los pobres\u2026),\u2026","rel":"","context":"En \u00abFormaci\u00f3n Vicenciana\u00bb","block_context":{"text":"Formaci\u00f3n Vicenciana","link":"https:\/\/vincentians.com\/es\/category\/formacion-vicenciana\/"},"img":{"alt_text":"","src":"https:\/\/i0.wp.com\/vincentians.com\/es\/wp-content\/uploads\/sites\/11\/2016\/06\/contributions-charism.jpg?fit=1200%2C630&ssl=1&resize=350%2C200","width":350,"height":200,"srcset":"https:\/\/i0.wp.com\/vincentians.com\/es\/wp-content\/uploads\/sites\/11\/2016\/06\/contributions-charism.jpg?fit=1200%2C630&ssl=1&resize=350%2C200 1x, https:\/\/i0.wp.com\/vincentians.com\/es\/wp-content\/uploads\/sites\/11\/2016\/06\/contributions-charism.jpg?fit=1200%2C630&ssl=1&resize=525%2C300 1.5x, https:\/\/i0.wp.com\/vincentians.com\/es\/wp-content\/uploads\/sites\/11\/2016\/06\/contributions-charism.jpg?fit=1200%2C630&ssl=1&resize=700%2C400 2x, https:\/\/i0.wp.com\/vincentians.com\/es\/wp-content\/uploads\/sites\/11\/2016\/06\/contributions-charism.jpg?fit=1200%2C630&ssl=1&resize=1050%2C600 3x"},"classes":[]},{"id":117581,"url":"https:\/\/vincentians.com\/es\/he-sido-enviado-a-evangelizar-a-los-pobres\/","url_meta":{"origin":45631,"position":2},"title":"He sido enviado a evangelizar a los pobres","author":"Francisco Javier Fern\u00e1ndez Chento","date":"27\/05\/2015","format":false,"excerpt":"1.- Continuadores de la misi\u00f3n de Cristo S\u00ed, nuestro Se\u00f1or pide de nosotros que evangelicemos a los pobres: es lo que \u00e9l hizo y lo que quiere seguir haciendo por medio de nosotros (XI, 386). 1) El seguimiento de Cristo evangelizador de los pobres, fin de la Congre\u00adgaci\u00f3n (cf. C\u2026","rel":"","context":"En \u00abFormaci\u00f3n Vicenciana\u00bb","block_context":{"text":"Formaci\u00f3n Vicenciana","link":"https:\/\/vincentians.com\/es\/category\/formacion-vicenciana\/"},"img":{"alt_text":"St Vincent et Ste Louise recueillent des enfants","src":"https:\/\/i0.wp.com\/vicencianos.org\/wp-content\/2013\/02\/evangelizar_pobres-300x268.jpg?resize=350%2C200","width":350,"height":200},"classes":[]},{"id":116700,"url":"https:\/\/vincentians.com\/es\/caridad-en-san-vicente-de-paul\/","url_meta":{"origin":45631,"position":3},"title":"Caridad en San Vicente de Pa\u00fal","author":"Francisco Javier Fern\u00e1ndez Chento","date":"26\/10\/2018","format":false,"excerpt":"Introducci\u00f3n Hablar de la caridad en Vicente de Pa\u00fal en esta semana de Estudios Vicencianos significa hacer una \"relectura\" de la misma. Esta relectura implica no una simple exposici\u00f3n de lo que dijo e hizo Vicente de Pa\u00fal referente a la caridad, sino un volver a leer su ense\u00f1anza y\u2026","rel":"","context":"En \u00abFormaci\u00f3n Vicenciana\u00bb","block_context":{"text":"Formaci\u00f3n Vicenciana","link":"https:\/\/vincentians.com\/es\/category\/formacion-vicenciana\/"},"img":{"alt_text":"","src":"https:\/\/i0.wp.com\/vincentians.com\/es\/wp-content\/uploads\/sites\/11\/2017\/07\/San-Vicente-7.jpg?fit=600%2C416&ssl=1&resize=350%2C200","width":350,"height":200,"srcset":"https:\/\/i0.wp.com\/vincentians.com\/es\/wp-content\/uploads\/sites\/11\/2017\/07\/San-Vicente-7.jpg?fit=600%2C416&ssl=1&resize=350%2C200 1x, https:\/\/i0.wp.com\/vincentians.com\/es\/wp-content\/uploads\/sites\/11\/2017\/07\/San-Vicente-7.jpg?fit=600%2C416&ssl=1&resize=525%2C300 1.5x"},"classes":[]},{"id":398645,"url":"https:\/\/vincentians.com\/es\/aportacion-del-carisma-vicenciano-la-mision-la-iglesia-9\/","url_meta":{"origin":45631,"position":4},"title":"Aportaci\u00f3n del carisma vicenciano a la Misi\u00f3n de la Iglesia (9)","author":"Francisco Javier Fern\u00e1ndez Chento","date":"12\/08\/2016","format":false,"excerpt":"9.- La creatividad Hemos recordado m\u00e1s arriba que para San Vicente de Pa\u00fal \u201cel acontecimiento es el signo de Dios y, de manera privilegiada, cuando concierne directamente a los pobres. El acontecimiento le indica la voluntad de Dios\u201d. La creatividad, aportaci\u00f3n del carisma vicenciano a la Misi\u00f3n de la Iglesia,\u2026","rel":"","context":"En \u00abFormaci\u00f3n Vicenciana\u00bb","block_context":{"text":"Formaci\u00f3n Vicenciana","link":"https:\/\/vincentians.com\/es\/category\/formacion-vicenciana\/"},"img":{"alt_text":"","src":"https:\/\/i0.wp.com\/vincentians.com\/es\/wp-content\/uploads\/sites\/11\/2016\/06\/contributions-charism.jpg?fit=1200%2C630&ssl=1&resize=350%2C200","width":350,"height":200,"srcset":"https:\/\/i0.wp.com\/vincentians.com\/es\/wp-content\/uploads\/sites\/11\/2016\/06\/contributions-charism.jpg?fit=1200%2C630&ssl=1&resize=350%2C200 1x, https:\/\/i0.wp.com\/vincentians.com\/es\/wp-content\/uploads\/sites\/11\/2016\/06\/contributions-charism.jpg?fit=1200%2C630&ssl=1&resize=525%2C300 1.5x, https:\/\/i0.wp.com\/vincentians.com\/es\/wp-content\/uploads\/sites\/11\/2016\/06\/contributions-charism.jpg?fit=1200%2C630&ssl=1&resize=700%2C400 2x, https:\/\/i0.wp.com\/vincentians.com\/es\/wp-content\/uploads\/sites\/11\/2016\/06\/contributions-charism.jpg?fit=1200%2C630&ssl=1&resize=1050%2C600 3x"},"classes":[]},{"id":130695,"url":"https:\/\/vincentians.com\/es\/las-cinco-virtudes-caracteristicas-ayer-y-hoy-celo-por-las-almas-vii\/","url_meta":{"origin":45631,"position":5},"title":"Las cinco virtudes caracter\u00edsticas ayer y hoy: celo por las almas (VII)","author":"Francisco Javier Fern\u00e1ndez Chento","date":"23\/06\/2014","format":false,"excerpt":"5. Celo por las almas Como los tiempos modernos demandan la promoci\u00f3n integral de la persona y tienden a evitar la dicotom\u00eda alma\/cuerpo, la expresi\u00f3n de san Vicente \"celo por las almas\" no suena muy bien. Pero el celo es tan importante hoy como lo fue en el tiempo de\u2026","rel":"","context":"En \u00abFormaci\u00f3n Vicenciana\u00bb","block_context":{"text":"Formaci\u00f3n Vicenciana","link":"https:\/\/vincentians.com\/es\/category\/formacion-vicenciana\/"},"img":{"alt_text":"29PRT","src":"https:\/\/i0.wp.com\/vicencianos.org\/wp-content\/2014\/01\/29PRT.jpg?resize=350%2C200","width":350,"height":200},"classes":[]}],"_links":{"self":[{"href":"https:\/\/vincentians.com\/es\/wp-json\/wp\/v2\/posts\/45631","targetHints":{"allow":["GET"]}}],"collection":[{"href":"https:\/\/vincentians.com\/es\/wp-json\/wp\/v2\/posts"}],"about":[{"href":"https:\/\/vincentians.com\/es\/wp-json\/wp\/v2\/types\/post"}],"author":[{"embeddable":true,"href":"https:\/\/vincentians.com\/es\/wp-json\/wp\/v2\/users\/4"}],"replies":[{"embeddable":true,"href":"https:\/\/vincentians.com\/es\/wp-json\/wp\/v2\/comments?post=45631"}],"version-history":[{"count":0,"href":"https:\/\/vincentians.com\/es\/wp-json\/wp\/v2\/posts\/45631\/revisions"}],"wp:featuredmedia":[{"embeddable":true,"href":"https:\/\/vincentians.com\/es\/wp-json\/"}],"wp:attachment":[{"href":"https:\/\/vincentians.com\/es\/wp-json\/wp\/v2\/media?parent=45631"}],"wp:term":[{"taxonomy":"category","embeddable":true,"href":"https:\/\/vincentians.com\/es\/wp-json\/wp\/v2\/categories?post=45631"},{"taxonomy":"post_tag","embeddable":true,"href":"https:\/\/vincentians.com\/es\/wp-json\/wp\/v2\/tags?post=45631"}],"curies":[{"name":"wp","href":"https:\/\/api.w.org\/{rel}","templated":true}]}}