{"id":45460,"date":"2015-02-04T04:15:54","date_gmt":"2015-02-04T03:15:54","guid":{"rendered":"http:\/\/somos.vicencianos.org\/blog\/2011\/10\/voluntad-de-dios-y-%c2%abpraxis%c2%bb-vicenciana\/"},"modified":"2016-07-26T19:18:00","modified_gmt":"2016-07-26T17:18:00","slug":"voluntad-de-dios-y-praxis-vicenciana","status":"publish","type":"post","link":"https:\/\/vincentians.com\/es\/voluntad-de-dios-y-praxis-vicenciana\/","title":{"rendered":"Voluntad de Dios y \u00abpraxis\u00bb vicenciana"},"content":{"rendered":"<div id=\"attachment_31209\" style=\"width: 222px\" class=\"wp-caption alignright\"><a href=\"https:\/\/i0.wp.com\/vicencianos.org\/wp-content\/2011\/03\/vicente_hcc_pobres.png\"><img data-recalc-dims=\"1\" loading=\"lazy\" decoding=\"async\" aria-describedby=\"caption-attachment-31209\" class=\"size-medium wp-image-31209\" title=\"Servicio a los pobres\" src=\"https:\/\/i0.wp.com\/vicencianos.org\/wp-content\/2011\/03\/vicente_hcc_pobres-212x300.png?resize=212%2C300\" alt=\"Servicio a los pobres\" width=\"212\" height=\"300\" \/><\/a><p id=\"caption-attachment-31209\" class=\"wp-caption-text\">Servicio a los pobres<\/p><\/div>\n<p><em>Discernir <\/em>significa analizar y juzgar los motivos, los fines y los medios de la acci\u00f3n, en la que el hombre ejercita su inteli\u00adgencia, su juicio y su libertad. En el lenguaje de la fe cristiana, <em>discernir <\/em>significa qu\u00e9 desea Dios de nosotros y en qu\u00e9 direcci\u00f3n nos indica que caminemos. Es una actitud clave de la conciencia iluminada por las m\u00e1ximas evang\u00e9licas, por la persona de Cris\u00adto.<span id='easy-footnote-1-45460' class='easy-footnote-margin-adjust'><\/span><span class='easy-footnote'><a href='https:\/\/vincentians.com\/es\/voluntad-de-dios-y-praxis-vicenciana\/#easy-footnote-bottom-1-45460' title='Cf. S. V. XII, 178, 214-215, 154-155, 157, 164-165&amp;#8230;'><sup>1<\/sup><\/a><\/span> Es el camino de toda sabidur\u00eda cristiana.<span id='easy-footnote-2-45460' class='easy-footnote-margin-adjust'><\/span><span class='easy-footnote'><a href='https:\/\/vincentians.com\/es\/voluntad-de-dios-y-praxis-vicenciana\/#easy-footnote-bottom-2-45460' title='Cf. S. V. XII, 159; XI, 52-53; XII, 178, 179; XI, 31; XII, 122, 123, 124, 125, 126, 128, 129; VII, 388.'><sup>2<\/sup><\/a><\/span> El fundamento de esta b\u00fasqueda, de esta abertura, de este discernimiento es el esquema de un <em>desprendimiento y se apoya <\/em>en un postulado de la fe cristiana: discernir y realizar la voluntad de Dios.<\/p>\n<p>El cristianismo no es simplemente una religi\u00f3n del culto o, incluso, de la ley. Es ante todo una experiencia, que vac\u00eda al hombre de s\u00ed mismo para llenarle de Dios,<span id='easy-footnote-3-45460' class='easy-footnote-margin-adjust'><\/span><span class='easy-footnote'><a href='https:\/\/vincentians.com\/es\/voluntad-de-dios-y-praxis-vicenciana\/#easy-footnote-bottom-3-45460' title='Cf. S. V. XII, 159; XI, 52-53; XII, 178, 179; XI, 31; XII, 122, 123, 124, 125, 126, 128, 129; VII, 388.'><sup>3<\/sup><\/a><\/span> al mismo tiempo que abre su esp\u00edritu al esp\u00edritu de Cristo para realizar como \u00e9l la voluntad del Padre y llegar a tener un mismo esp\u00edritu con \u00e9l. Jes\u00fas centra su vida en el cumplimiento de la voluntad del Padrea y hace girar el mensaje evang\u00e9lico en torno a la b\u00fasqueda <em>y <\/em>a la realizaci\u00f3n del \u00abreino de Dios y su justicia\u00bb (cf. Mt 5, 20; Rom 10, 3; Flp 3, 90), es decir, en torno a discernir y a realizar el buen agrado de Dios, los planes de Dios sobre el hombre, sobre el mundo, sobre los pobres.<span id='easy-footnote-4-45460' class='easy-footnote-margin-adjust'><\/span><span class='easy-footnote'><a href='https:\/\/vincentians.com\/es\/voluntad-de-dios-y-praxis-vicenciana\/#easy-footnote-bottom-4-45460' title='Cf. Jn 6, 38; Heb 10, 7-9; S. V. XII, 108-109, 144-145, 154-155, 213-214, 215, 224, 225, 226, 381.'><sup>4<\/sup><\/a><\/span>\n<p>Vicente de Pa\u00fal sabe por experiencia que s\u00f3lo la adaptaci\u00f3n flexible a las manifestaciones de la voluntad de Dios y la reali\u00adzaci\u00f3n de sus exigencias son la \u00fanica se\u00f1al cierta de la autenti\u00adcidad del amor.<span id='easy-footnote-5-45460' class='easy-footnote-margin-adjust'><\/span><span class='easy-footnote'><a href='https:\/\/vincentians.com\/es\/voluntad-de-dios-y-praxis-vicenciana\/#easy-footnote-bottom-5-45460' title='Cf. Mt 7, 21; Lc 6, 46; J. Dupont, &lt;em&gt;Les b\u00e9atitudes, &lt;\/em&gt;Paris 1973, III, 245-305, especialmente 272-305; S. V. XII, 132, 133-134, 135-136, 138, 139, 144-145, 146, 147-148, 154-155, 156, 157, 164-165; XI, 313, 315.'><sup>5<\/sup><\/a><\/span> Para discernir estas manifestaciones y realizar estas exigencias en la historia, \u00e9l, Vicente de Pa\u00fal, conjuga alter\u00adnativa y arm\u00f3nicamente el sentido de la <em>creaci\u00f3n, <\/em>el movimiento de la <em>encarnaci\u00f3n, <\/em>las condiciones en las que Cristo ha realizado la obra de la <em>redenci\u00f3n, <\/em>la actuaci\u00f3n misteriosa de la <em>providencia <\/em>divina.<\/p>\n<p>En el modo de obrar de Dios, Vicente distingue un doble aspecto: el <em>aspecto transcendental <\/em>-hoy dir\u00edamos la <em>transcen\u00addencia inmanente-: <\/em>Dios obra en el mundo y organiza todo para conseguir lo mejor, pero el hombre no siempre percibe este me\u00adjor.<span id='easy-footnote-6-45460' class='easy-footnote-margin-adjust'><\/span><span class='easy-footnote'><a href='https:\/\/vincentians.com\/es\/voluntad-de-dios-y-praxis-vicenciana\/#easy-footnote-bottom-6-45460' title='Cf. L. Abelly, &lt;em&gt;1, &lt;\/em&gt;I, 81-82; S. V. XI, 40-41, 45-46, 46-47, 47-48. Cf. S. V. XI, 414-417; III, 158, 183; VII, 251-252, 252-253, 406; VIII, 376; IX, 488; XII, 121, 122, 123-124'><sup>6<\/sup><\/a><\/span> El otro aspecto es el <em>inmanente <\/em>-hoy dir\u00edamos la <em>inma\u00adnencia transcendente-: <\/em>\u00e9ste manifiesta la estrategia, el modo de obrar de Dios. Vicente descubre que Dios utiliza medios humil\u00addes, act\u00faa lentamente y su obra es compleja, multiforme, a veces, desconcertante en su desarrollo.<span id='easy-footnote-7-45460' class='easy-footnote-margin-adjust'><\/span><span class='easy-footnote'><a href='https:\/\/vincentians.com\/es\/voluntad-de-dios-y-praxis-vicenciana\/#easy-footnote-bottom-7-45460' title='Cf. S. V. I, 125, 128, 134-135, 142, 144, 146, 155, 162-165; III, 183, 205; VII, 253; IX, 9-10, 113-114, 242-245, 489-490; XI, 300, 308-309, 350, 351-356; XII, 6-9, 13, 83-84, 139-141.'><sup>7<\/sup><\/a><\/span> En raz\u00f3n de esta percepci\u00f3n, todo el esfuerzo de la organizaci\u00f3n de la vida interior y de la acci\u00f3n vicencianas se encuentra sostenido por el sentido de Dios y el amor al pr\u00f3jimo. Sentido de Dios y amor al pr\u00f3jimo le im\u00adpiden separar en ning\u00fan momento la acci\u00f3n evangelizadora del conjunto de la vida espiritual.<\/p>\n<p>Si Vicente de Pa\u00fal intenta denodada y reflexivamente con\u00adcertar todas las variantes del dinamismo vital para \u00abbuscar siempre y preferentemente a cualquier otra cosa\u00bb realizar primero en \u00e9l y luego en los dem\u00e1s el \u00abreino de Dios y su justicia\u00bb,<span id='easy-footnote-8-45460' class='easy-footnote-margin-adjust'><\/span><span class='easy-footnote'><a href='https:\/\/vincentians.com\/es\/voluntad-de-dios-y-praxis-vicenciana\/#easy-footnote-bottom-8-45460' title='\u00abHa establecido como primera m\u00e1xima, buscar siempre la gloria de Dios y su justicia, siempre y ante cualquier otra cosa. &amp;#8216;Ah, \u00a1qu\u00e9 maravilloso buscar primero el reino de Dios, primero en nosotros, y procur\u00e1rselo a otro! Una Compa\u00f1\u00eda que se mantuviera en este m\u00e1xima de hacer avanzar cada vez m\u00e1s la gloria de Dios \u00bfcu\u00e1nto no avanzar\u00eda tambi\u00e9n ella en su propia dicha? \u00bfC\u00f3mo podr\u00eda no esperar que toda empresa se realizara para su bien? Si le agradara a Dios concedernos esta gracia, nuestra dicha ser\u00eda incomparable&amp;#8230; Quienes declaran seguir a Jesucristo por la pr\u00e1ctica de las m\u00e1ximas evang\u00e9licas (particularmente de esta, por la que nos manda buscar la gloria de Dios en todas las cosas) deben estar atentos a lo que realizan y preguntarse el motivo por el que hacen esto o aquello: \u00bfes por satisfacci\u00f3n propia? \u00bfes por aversi\u00f3n a otras cosas? \u00bfes por agradar a cual\u00adquier insignificante criatura? O por el contrario, \u00bfes por realizar el buen agrado de Dios y buscar su justicia? \u00a1Qu\u00e9 vida, qu\u00e9 vida esta! \u00bfSer\u00eda una vida humana? No; ser\u00eda totalmente ang\u00e9lica, porque es exclusivamente por amor a Dios por lo que har\u00e9 todo lo que realice y por lo que evitar\u00e9 hacer todo lo que no haga\u00bb: L. Abelly, &lt;em&gt;1, &lt;\/em&gt;I, 79-80; S. V. XII, 183.'><sup>8<\/sup><\/a><\/span> es para \u00abrealizar en todo la voluntad de Dios\u00bb.<span id='easy-footnote-9-45460' class='easy-footnote-margin-adjust'><\/span><span class='easy-footnote'><a href='https:\/\/vincentians.com\/es\/voluntad-de-dios-y-praxis-vicenciana\/#easy-footnote-bottom-9-45460' title='Cf. S. V. XII, 130-150 (conferencia a los Misioneros sobre la b\u00fasqueda del reino de Dios, 21 de febrero de 1659); S. V. XII, 150-165 (conferencia sobre la conformidad con la voluntad de Dios, 7 de marzo de 1659).'><sup>9<\/sup><\/a><\/span> La articulaci\u00f3n viva, que \u00e9l establece entre <em>\u00abreino de Dios\u00bb y \u00abvoluntad de Dios\u00bb, <\/em>es una de las caracter\u00edsticas propias y originales de la espiritualidad vicenciana. La juntura, que realiza con precisi\u00f3n y dinamismo esta articulaci\u00f3n, es la <em>acci\u00f3n. <\/em>S\u00f3lo en esta perspectiva se puede comprender perfectamente el origen y el t\u00e9rmino del dinamismo espiritual y de la acci\u00f3n vicencianas, el caminar concreto del santo y prudente Vicente de Pa\u00fal.<\/p>\n<p>Lo que caracteriza la evoluci\u00f3n de la experiencia humano-cristiana de Vicente de Pa\u00fal, es haber transformado a este cape\u00adll\u00e1n de los Gondi y misionero de sus tierras<span id='easy-footnote-10-45460' class='easy-footnote-margin-adjust'><\/span><span class='easy-footnote'><a href='https:\/\/vincentians.com\/es\/voluntad-de-dios-y-praxis-vicenciana\/#easy-footnote-bottom-10-45460' title='Cf. contrato de fundaci\u00f3n de la Congregaci\u00f3n de la Misi\u00f3n: S. V. XIII, 197-202.'><sup>10<\/sup><\/a><\/span> en un hom\u00adbre de iglesia que responde a las necesidades de la sociedad de su tiempo. Esta evoluci\u00f3n se realiza en \u00e9l, sin duda alguna, por el movimiento de la gracia.<span id='easy-footnote-11-45460' class='easy-footnote-margin-adjust'><\/span><span class='easy-footnote'><a href='https:\/\/vincentians.com\/es\/voluntad-de-dios-y-praxis-vicenciana\/#easy-footnote-bottom-11-45460' title='\u00abHay que pensar que es la obra de las obras, mayor que la (de la creaci\u00f3n) del mundo, porque se trata de hacer de un pecador, un justo, de un vicioso, un perfecto. La creaci\u00f3n del mundo no es tan dif\u00edcil, por\u00adque dijo y se hicieron todas las cosas, dice Dios. Pero, en este ejercicio, la voluntad del pecador, sus inclinaciones, sus pasiones, sus tentaciones, todo esto se opone al designio de Dios. Vean, padres, la grandeza de esta obra. Es tan dif\u00edcil que un pecador se aparte de su pecado como hacer que la piedra suba y que la pluma y el fuego bajen. Y sin embargo, el designio de Dios, su voluntad, es que hagamos de un pecador, un justo, &lt;em&gt;y &lt;\/em&gt;que hagamos reinar a Dios en su alma, para ganarle lo m\u00e1s perfecta\u00admente para \u00e9l\u00bb: S. V. XII, 438-439.'><sup>11<\/sup><\/a><\/span> Pero su gracia particular le impulsa a estar atento a las manifestaciones de la voluntad de Dios, que se expresa a trav\u00e9s de los acontecimientos, y cuyas exigencias se realizan en el quehacer de cada d\u00eda. Es menester a\u00f1adir, parad\u00f3\u00adjicamente, que la pertenencia \u2014en profundidad y en extensi\u00f3n\u2014de Vicente de Pa\u00fal a la iglesia est\u00e1 sostenida y se nos revela por su referencia constante al mundo tal y como es y como evolu\u00adciona. Esta referencia constante y l\u00facida le hace penetrar cada d\u00eda m\u00e1s en la historia viva de su tiempo, al mismo tiempo que le invita a ponerse de manera definitiva y sin condiciones al servicio de Dios en este mundo. Si se quiere una fecha para confirmar estas afirmaciones, se puede recordar 1643, a\u00f1o en que Vicente de Pa\u00fal entra a formar parte del Consejo de Conciencia durante la regencia de Ana de Austria.<\/p>\n<p>Hombre de acci\u00f3n, Vicente de Pa\u00fal experimenta que la <em>\u00abrea\u00adlidad\u00bb, <\/em>sea cual sea la manera de comprenderla, de abordarla, de querer transformarla compromete y confronta, prueba y comprue\u00adba al disc\u00edpulo de Cristo. A causa de los gemidos de la \u00abnueva creaci\u00f3n\u00bb que rodean e invaden a las cosas y a los hombres, \u00e9l afronta una realidad que no se transforma m\u00e1gicamente ni con hisopos en \u00abreino de D\u00edos\u00bb. \u00abSe dice que se busca el reino de Dios, declara Vicente el 21 de febrero de 1659. Que se busca, no es m\u00e1s que una palabra, pero me parece que dice muchas cosas&#8230; Buscad, buscad&#8230; quiere decir preocupaci\u00f3n, quiere decir acci\u00f3n&#8230;\u00bb<span id='easy-footnote-12-45460' class='easy-footnote-margin-adjust'><\/span><span class='easy-footnote'><a href='https:\/\/vincentians.com\/es\/voluntad-de-dios-y-praxis-vicenciana\/#easy-footnote-bottom-12-45460' title='S. V. XII, 131.'><sup>12<\/sup><\/a><\/span>\n<p><em>Preocupaci\u00f3n, <\/em>es decir, <em>rigor <\/em>valeroso para constatar la rea\u00adlidad, <em>vigor <\/em>inquebrantable para intentar transformarla, <em>valor <\/em>in\u00addefectible para asumirla cuando, despu\u00e9s de haber empleado todo el esfuerzo humano, este empe\u00f1o limitado se revela incapaz de cambiarla. La b\u00fasqueda y la realizaci\u00f3n del \u00abreino de Dios\u00bb es un quehacer <em>esclarecedor de verdad <\/em>y, en el siglo XVII, Vi\u00adcente de Pa\u00fal realiza un \u00abdescubrimiento de lo oculto\u00bb extrema\u00addamente temible. Pero esta franqueza le da la <em>posibilidad de <\/em>comprender y de asumir la situaci\u00f3n hist\u00f3rica de su tiempo.<\/p>\n<p>Afrontar esta situaci\u00f3n, que obsesiona m\u00e1s o menos a la con\u00adciencia de sus contempor\u00e1neos, es, dig\u00e1moslo claramente, tener el valor del radicalismo evang\u00e9lico.<\/p>\n<p>Para llegar a este radicalismo, que nace en \u00e9l de las exigen\u00adcias de la creaci\u00f3n y de las condiciones en las que se ha realizado la redenci\u00f3n del hombre, le ha sido necesario anteriormente un <em>desprendimiento, <\/em>una <em>ruptura. <\/em>En este desprendimiento, en esta ruptura, se origina su <em>re-creaci\u00f3n. <\/em>Entonces germinan en \u00e9l el humilde deseo de arraigarse en la vida y de cambiar el mundo, el amor real a los dem\u00e1s. Simult\u00e1neamente se abre ante \u00e9l un camino que le impide instalarse all\u00ed donde est\u00e1 y programar, cal\u00adcular, incluso sospechar su futuro. Vicente, como todo hombre, no sabe, cuando se compromete en su interior a darse totalmente a Dios para servirle en la persona de los pobres,<span id='easy-footnote-13-45460' class='easy-footnote-margin-adjust'><\/span><span class='easy-footnote'><a href='https:\/\/vincentians.com\/es\/voluntad-de-dios-y-praxis-vicenciana\/#easy-footnote-bottom-13-45460' title='Cf. L. Abelly, 1, III, 117-119.'><sup>13<\/sup><\/a><\/span> a qu\u00e9 se com\u00adpromete exactamente y hasta d\u00f3nde le conducir\u00e1 este compromi\u00adso. Sin embargo, a trav\u00e9s de este compromiso, <em>esclarecedor y rea\u00adlizador de verdad, <\/em>llegar\u00e1 a conseguir m\u00e1s lucidez, mayor estabi\u00adlidad, mejor equilibrio. Lucidez, estabilidad, equilibrio hacen de \u00e9l un <em>hombre tenaz <\/em>que goza, al mismo tiempo, de una libertad interior. Tenacidad y libertad, sostenidas por las exigencias del amor a Dios y orientadas por la miseria de los pobres, le condu\u00adcen a comprometerse cada d\u00eda m\u00e1s en la historia incierta de su tiempo. Este compromiso le permite descifrar desde el interior y no desde el exterior el sentido de Dios y del hombre en los acontecimientos y en las necesidades que surgen <em>y <\/em>se desarrollan en la coyuntura hist\u00f3rica de su tiempo.<\/p>\n<p>En verdad, al decirlo tan r\u00e1pidamente, se podr\u00eda hacer pen\u00adsar que las cosas se han realizado en un zig-zag fulgurante y f\u00e1cilmente, cuando, en realidad, s\u00f3lo a trav\u00e9s de una atenci\u00f3n paciente y apasionada, flexible, pero sostenida simult\u00e1neamente por la b\u00fasqueda de verdad y de vida,<span id='easy-footnote-14-45460' class='easy-footnote-margin-adjust'><\/span><span class='easy-footnote'><a href='https:\/\/vincentians.com\/es\/voluntad-de-dios-y-praxis-vicenciana\/#easy-footnote-bottom-14-45460' title='\u00abLas obras de Dios se hacen lentamente\u00bb, susurra el alma de Vicente el 26 de diciembre de 1659 (S. V. VIII, 208). \u00abLas obras de Dios s\u00f3lo se hacen a la larga\u00bb, comenta el 1 de septiembre de 1656 (S. V. VI, 75). Acerca de la experiencia humano-cristiana y la evoluci\u00f3n espi\u00adritual de Vicente de Pa\u00fal, cf. J. M.&amp;#8217; Ib\u00e1\u00f1ez, &lt;em&gt;86, &lt;\/em&gt;207-228.'><sup>14<\/sup><\/a><\/span> Vicente ha llegado a ser lo que es y lo que debe permanecer para nosotros: <em>el buscador incansable de la voluntad de D\u00edos.<\/em><\/p>\n<p><em>Acci\u00f3n: <\/em>la fe exige la obra, y la obra com\u00fan, en la que cada hombre no es m\u00e1s que un modesto participante. No obstante esta participaci\u00f3n limitada, la obra com\u00fan atraviesa la conciencia indi\u00advidual y colectiva, personal <em>y <\/em>social, al mismo tiempo suscita <em>y <\/em>anima en ellas un gran deseo de esperanza, alentado y alimentado por una \u00abeterna promesa\u00bb.<\/p>\n<p>La obra de la fe impulsa a Vicente de Pa\u00fal a volver a em\u00adprender, sin disminuir en nada y sin \u00abdejar caer\u00bb nada, la inmen\u00adsa tarea encomendada a la iglesia en beneficio de los hombres, de los pobres y en orden a establecer en medio de ellos el \u00abreino de D\u00edos\u00bb.<\/p>\n<p>La insistencia de Vicente de Pa\u00fal sobre la necesidad del tra\u00adbajo,<span id='easy-footnote-15-45460' class='easy-footnote-margin-adjust'><\/span><span class='easy-footnote'><a href='https:\/\/vincentians.com\/es\/voluntad-de-dios-y-praxis-vicenciana\/#easy-footnote-bottom-15-45460' title='Cf, S. V. IX, 483-498; J. M Ib\u00e1\u00f1ez, &lt;em&gt;86, &lt;\/em&gt;262-269.'><sup>15<\/sup><\/a><\/span> sobre la necesidad de la acci\u00f3n,<span id='easy-footnote-16-45460' class='easy-footnote-margin-adjust'><\/span><span class='easy-footnote'><a href='https:\/\/vincentians.com\/es\/voluntad-de-dios-y-praxis-vicenciana\/#easy-footnote-bottom-16-45460' title='Cf. L Abelly, 1, I, 81-82; S V. XI, 40-41; XII, 131-132, 138, 139, 179, 261; IX, 592-593.'><sup>16<\/sup><\/a><\/span> como pruebas irrefu\u00adtables y verificadoras de la realizaci\u00f3n de la vocaci\u00f3n del hombre son, en realidad, reveladoras de una intenci\u00f3n m\u00e1s profunda. Para \u00e9l, acci\u00f3n y trabajo permiten acceder a la vida verdadera, a esa vida que realiza al mismo tiempo la imagen de Dios en el hombre <em>y <\/em>el plan de Dios en el mundo. Conoce experimentalmen\u00adte que \u00abla acci\u00f3n buena y perfecta es la prueba verdadera del amor a Dios\u00bb.<span id='easy-footnote-17-45460' class='easy-footnote-margin-adjust'><\/span><span class='easy-footnote'><a href='https:\/\/vincentians.com\/es\/voluntad-de-dios-y-praxis-vicenciana\/#easy-footnote-bottom-17-45460' title='L. Abelly, &lt;em&gt;1, &lt;\/em&gt;I, 83, S. V. XI, 40-41.'><sup>17<\/sup><\/a><\/span> Por eso no duda en escribir el 15 de junio de 1647 a un misionero, acosado por la tentaci\u00f3n de entrar en la Cartuja: \u00abLa iglesia tiene demasiadas personas solitarias, y de\u00admasiadas in\u00fatiles, y muchas m\u00e1s a\u00fan que la desgarran; su gran necesidad es tener hombres evang\u00e9licos, que trabajen en purifi\u00adcarla, iluminarla y unirla a su divino esposo\u00bb.<span id='easy-footnote-18-45460' class='easy-footnote-margin-adjust'><\/span><span class='easy-footnote'><a href='https:\/\/vincentians.com\/es\/voluntad-de-dios-y-praxis-vicenciana\/#easy-footnote-bottom-18-45460' title='S. V. III, 202; cf. S. V. III, 346-347; XI, 40.41, 43-45, 76, 77; XII, 127, 261-262; IX, 592.593'><sup>18<\/sup><\/a><\/span>\n<p>La experiencia vicenciana constata y verifica que la fe es una manera de existir en Dios, en el hombre, en el mundo. Para caminar hacia Dios, no se trata para \u00e9l de abandonar el mundo, sino, por el contrario, de asumir plenamente su responsabilidad. Vicente nos revela, a trav\u00e9s de la vivencia de su fe, una exigen\u00adcia de la vida misionera: la decisi\u00f3n inquebrantable de jam\u00e1s abandonar el mundo. Todo descubrimiento de Dios es para \u00e9l una exigencia de su acci\u00f3n en el mundo; todo encuentro con los hombres es para \u00e9l una nueva b\u00fasqueda de Dios. El resultado duradero de esta actitud, es mostrar que se requiere un esfuerzo permanente para integrar en la fe las dimensiones hist\u00f3ricas, so\u00adciales. En raz\u00f3n de esta convicci\u00f3n, Vicente no desvaloriza, como subalternos, los problemas de esta vida y los combates de esta historia.<span id='easy-footnote-19-45460' class='easy-footnote-margin-adjust'><\/span><span class='easy-footnote'><a href='https:\/\/vincentians.com\/es\/voluntad-de-dios-y-praxis-vicenciana\/#easy-footnote-bottom-19-45460' title='Para comprender hasta d\u00f3nde Vicente de Pa\u00fal participa en la historia viva e incierta de su tiempo y hasta d\u00f3nde se compromete en los conflictos y desgarraduras provocados en ella, nos limitaremos a evocar cuatro aspectos distintos de las intervenciones vicencianas. La diversidad de campos, en los que compromete su pensamiento y su acci\u00f3n, no puede hacernos olvidar la motivaci\u00f3n profunda que amalgama y da sentido a sus intervenciones: &lt;em&gt;la realizaci\u00f3n de los designios de Dios en la continuaci\u00f3n de la misi\u00f3n amorosa y compasiva de Cristo, evangelizador de los pobres:&lt;\/em&gt;&lt;\/p&gt;\n&lt;p&gt;\u2014 Actitud de Vicente de Pa\u00fal frente a Mazarino, cardenal y primer ministro durante la regencia de Ana de Austria. Esta actitud est\u00e1 moti\u00advada, principalmente, por su deseo de llegar a implantar la paz en la naci\u00f3n y por llegar a reducir la miseria de los pobdes, cf. S. V. IV, 423, 473-478; XIII, 136-138.&lt;\/p&gt;\n&lt;p&gt;\u2014 La ayuda socio-econ\u00f3mica-religiosa aportada por Vicente de Pa\u00fal a las provincias devastadas de Lorena, Champa\u00f1a, Picard\u00eda y a la Regi\u00f3n Pari\u00adsina. La realidad socio-econ\u00f3mica es para \u00e9l \u00ablugar teol\u00f3gico\u00bb donde se le revelan los planes de Dios y el lugar donde realiza las exigencias de la providencia continuando la misi\u00f3n&amp;#8217; de Cristo en beneficio de los pobres, cf. J. M&amp;#8217; Ib\u00e1\u00f1ez, &lt;em&gt;86, &lt;\/em&gt;156-205.&lt;\/p&gt;\n&lt;p&gt;\u2014 Durante \u00abla Fronda\u00bb (1649-1653), la miseria abunda. Vicente de Pa\u00fal lanza entonces una campa\u00f1a de informaci\u00f3n, de exhortaci\u00f3n y de organiza\u00adci\u00f3n para luchar contra ella. En medio de esta miseria \u00abque hace estre\u00admecer\u00bb, intenta, a trav\u00e9s de su sentido extraordinario de las coordinaciones, una &lt;em&gt;organizaci\u00f3n de la sociedad m\u00e1s justa y m\u00e1s fraternal, &lt;\/em&gt;cf. J. M. Ib\u00e1\u00ad\u00f1ez, &lt;em&gt;86, &lt;\/em&gt;198-199, 326-329, 410413, 417-429.&lt;\/p&gt;\n&lt;p&gt;\u2014Intervenci\u00f3n de Vicente de Pa\u00fal en Argelia para liberar a los cauti\u00advos cristianos: la situaci\u00f3n desdichada de estos hiere sus sensibilidad cris\u00adtiana y le hace da\u00f1o en lo m\u00e1s \u00edntimo de \u00e9l mismo. Para \u00abasistirlos en la enfermedad y fortificarlos continuamente en la fe\u00bb (S. V. VII, 177) y, en lo posible, rescatarlos, env\u00eda a sus misioneros a T\u00fanez, en 1645, y a Argelia, en 1646. Seg\u00fan Abelly, el n\u00famero de cautivos liberados por los misioneros de Vicente de Pa\u00fal, entre 1646 y 1661, super\u00f3 la cifra de 1.200 y el coste de estos rescates se acerc\u00f3 a 1.200.000 libras (cf. L. Abelly, 1, II, 143).&lt;\/p&gt;\n&lt;p&gt;Desde abril de 1658 (cf. S. V. VII, 130), Vicente intenta rescatarlos por la fuerza y llega a preparar lo que hoy se dir\u00eda \u00abun golpe de estado\u00bb en Argelia. Para llevarlo a cabo, compromete en la empresa a la duquesa de Aiguillon (cf. S. V. VII, 130, 181, 278, 504; VIII, 25), a las Damas de la Caridad (cf. S. V. VII, 160; VIII, 325), consulta sobre el asunto a \u00ablas dos mejores cabezas de Par\u00eds\u00bb (S. V. VII, 165), a quienes la em\u00adpresa les parece posible, en todo caso, negociable y siempre deseable (cf. S. V. VII, 212). En el intervalo se asegura de conseguir el consentimiento del Rey y de Mazarino, quienes, por estar ocupados en el sitio de Dunkerque y de otra plaza, no participar\u00e1n econ\u00f3micamente en la expedici\u00f3n (cf. S. V. VII, 171-172), que dirigir\u00e1 el capit\u00e1n Paul (cf. S. V. VII, 130, 139, 166, 171, 211, 249; VIII, 125).'><sup>19<\/sup><\/a><\/span> Por el contrario cobra conciencia de que en y a trav\u00e9s de ellos est\u00e1 en proceso el \u00abreino de Dios\u00bb, est\u00e1 en juego el plan de Dios, se ve comprometido el sentido del hombre, est\u00e1 en liti\u00adgio la dignidad del pobre.<\/p>\n<p>La fe para Vicente de Pa\u00fal no es, pues, una ideolog\u00eda, una metaf\u00edsica, sino una actitud que le induce a referirse constante\u00admente a la estrategia de Dios, una opci\u00f3n que le impulsa a intro\u00adducirse en el movimiento de la encarnaci\u00f3n de Cristo, una deci\u00adsi\u00f3n que le conduce continuamente a la acci\u00f3n, como forma <em>crea\u00addora de vida. <\/em>Para \u00e9l esta fe es el acto de participar en la trans\u00adformaci\u00f3n del hombre, del mundo. La fe <em>y <\/em>la experiencia vicen\u00adcianas nos recuerdan que la obra de la fe es un fermento de la transformaci\u00f3n del mundo y de la re-creaci\u00f3n de la conciencia del hombre, de la conciencia de la sociedad. Esta transformaci\u00f3n <em>y <\/em>esta re-creaci\u00f3n son posibles en Vicente de Pa\u00fal porque la <em>obra de fe se le revela <\/em>en su fuerza original y en su densa originalidad: <em>la caridad de Dios en el hombre, <\/em>es decir, el amor divino, depo\u00adsitado por Dios en lo m\u00e1s profundo del hombre, que le libera, le transforma y le salva, al mismo tiempo que \u00e9ste transforma la realidad seg\u00fan el plan creador y salvador de Dios tal y como ha sido realizado en y por Jesucristo.<\/p>\n<p>Para financiar los gastos de conducir los barcos contra Argel (cf. S. V. VII, 130; VIII, 25), Vicente env\u00eda 30.000 libras al padre Get, superior de la casa de Marsella (cf. S. V. VII, 197, 211, 349). Este ser\u00e1, desde el 12 de abril de 1658 al 17 de septiembre de 1660, el intermediario fiel, el confidente seguro del superior de Saint-Lazare en las gestiones de la preparaci\u00f3n de la expedici\u00f3n. Por eso en todo esto deber\u00e1 \u00abhonrar el silencio de nuestro Se\u00f1or\u00bb (S. V. VII, 180; cf. S. V. VII, 211). No se puede dudar, Vicente entra a fondo en este asunto, que llega a invadir su pensamiento (cf. S. V. VII, 130, 219, 249, 265-266, 388).<\/p>\n<p>El 17 de septiembre de 1660, diez d\u00edas antes de su muerte, Vicente manifiesta su impaciencia ante la incertidumbre de los resultados de esta empresa, que llega a ser \u00abnacional\u00bb y \u00absecretamente oficial\u00bb, llevada a cabo con una tenacidad inquebrantable y con una precisi\u00f3n y estrategia admira\u00adbles econ\u00f3mica y diplom\u00e1ticamente hablando: \u00abMe encuentro en una in\u00adquietud que me causa una pena indecible. Por aqu\u00ed corre el rumor de que el capit\u00e1n Paul ha hecho sitiar Argel, pero se ignora el resultado; y usted me dice que se comience a salir para Argelia, sin decirme nada de nuestros pobres misioneros. En nombre de Dios, d\u00edgame lo que hay sobre esto\u00bb (S. V. VIII, 449). Muere sin saberlo.<\/p>\n<p>\u00abLa perfecci\u00f3n, confiesa Vicente de Pa\u00fal, no consiste en el \u00e9xtasis sino en realizar perfectamente la voluntad de Dios\u00bb,<span id='easy-footnote-20-45460' class='easy-footnote-margin-adjust'><\/span><span class='easy-footnote'><a href='https:\/\/vincentians.com\/es\/voluntad-de-dios-y-praxis-vicenciana\/#easy-footnote-bottom-20-45460' title='S. V. XI, 317.'><sup>20<\/sup><\/a><\/span> es decir, en un brazo vigoroso que trata de poner un poco m\u00e1s de justicia en el mundo y un poco m\u00e1s de amor en el hombre. \u00abLa santidad, nos declara, es la uni\u00f3n con la voluntad divina\u00bb.<span id='easy-footnote-21-45460' class='easy-footnote-margin-adjust'><\/span><span class='easy-footnote'><a href='https:\/\/vincentians.com\/es\/voluntad-de-dios-y-praxis-vicenciana\/#easy-footnote-bottom-21-45460' title='S. V. XII, 300.'><sup>21<\/sup><\/a><\/span>\n<p>No es, en consecuencia, para \u00e9l contemplaci\u00f3n, sino llamada, pro\u00admesa, b\u00fasqueda, acci\u00f3n. Sin embargo, y es necesario proclamarlo claramente, irrefutable y lac\u00f3nicamente hay con mucha frecuencia contradicci\u00f3n entre la voluntad de Dios \u2014expresada a trav\u00e9s de su Palabra, a trav\u00e9s de la encarnaci\u00f3n de Cristo\u2014 y la realidad.<\/p>\n<p>La fe en esta Palabra \u2014la b\u00fasqueda de la voluntad de Dios, la imitaci\u00f3n creadora de Cristo\u2014 no engendra la resignaci\u00f3n, sino el conflicto con el mundo. La fe no puede ser, en consecuencia, justificaci\u00f3n de la historia, sino \u00ababertura de la historia\u00bb, ya que la persona de Cristo, centro de esta fe vicenciana, llama e inter\u00adpela al hombre revel\u00e1ndole al mismo tiempo a Dios y su obra.<\/p>\n<p>El, Cristo, y s\u00f3lo \u00e9l, es el centro de esta \u00abeconom\u00eda de la salvaci\u00f3n\u00bb, de la construcci\u00f3n del \u00abreino de Dios\u00bb, de la realizaci\u00f3n de la voluntad del Padre. No hay, pues, por qu\u00e9 extra\u00f1arse que Vicente de Pa\u00fal centre toda su pretensi\u00f3n en introducirse en el movimiento de la encarnaci\u00f3n de Cristo. En este movimiento de la encarnaci\u00f3n, \u00e9l, Vicente, descubre el centro que orienta <em>y <\/em>dirige toda la actividad de Cristo \u2014y en consecuencia de la actividad vicenciana\u2014 cuyo objetivo no es otro que realizar la voluntad del Padre en todas las cosas.<span id='easy-footnote-22-45460' class='easy-footnote-margin-adjust'><\/span><span class='easy-footnote'><a href='https:\/\/vincentians.com\/es\/voluntad-de-dios-y-praxis-vicenciana\/#easy-footnote-bottom-22-45460' title='Cf. S. V. XII, 144, 147-148, 154-155, 157, 164, 179.'><sup>22<\/sup><\/a><\/span>\n<p>Si la voluntad de Dios se expresa a trav\u00e9s de los aconteci\u00admientos y de las necesidades, si \u00abla necesidad es extrema\u00bb y \u00abDios cuenta con nosotros\u00bb, seg\u00fan las expresiones vicencianas, esto exige \u00abpreocupaci\u00f3n\u00bb y \u00abacci\u00f3n\u00bb por parte del hombre para rea\u00adlizar el plan creador y salvador de Dios en la historia. Esta referencia de la acci\u00f3n y del trabajo al plan creador y salvador de Dios en la espirtualidad vicenciana adquiere el sentido de una crea\u00adci\u00f3n continua. Al mismo tiempo implica una dependencia del hombre a Dios, que se manifiesta en una actitud de <em>adoraci\u00f3n, <\/em>de <em>glorificaci\u00f3n, <\/em>de <em>alabanza, <\/em>de <em>humildad, <\/em>de <em>anonadamiento.<\/em><\/p>\n<p>En consecuencia, Dios es para el hombre alguien a quien \u2014y por quien\u2014 quiere comunicar su amor, es decir, el deseo de tener colaboradores que contin\u00faen en la historia su plan de la creaci\u00f3n salvadora \u2014que en Cristo llega a su plenitud\u2014 en beneficio de todo hombre, de todo pobre.<\/p>\n<p><em>Sentido y contenido de la \u00abpraxis\u00bb vicenciana<\/em><\/p>\n<p>El sentido y contenido de la ense\u00f1anza vicenciana referente a la acci\u00f3n est\u00e1n sostenidos <em>y <\/em>orientados por la providencia o la voluntad de Dios y el esp\u00edritu de Jesucristo, por una visi\u00f3n del mundo, impregnada de la presencia de Dios, y la inmanencia transcendente de una antropolog\u00eda cristiana. S\u00f3lo la relaci\u00f3n cons\u00adtante y mutua de estos cuatro puntos de referencia permite captar el <em>movimiento <\/em>y la <em>direcci\u00f3n, el sentido y <\/em>el <em>contenido <\/em>de la praxis vicenciana. Una vez m\u00e1s se requiere se\u00f1alar la unidad en la diversidad al hablar de Vicente de Pa\u00fal. Y en este aspecto concreto del quehacer vicenciano no s\u00f3lo en raz\u00f3n de la variedad de obras suscitadas, organizadas y alentadas por \u00e9l, sino tambi\u00e9n, y sobre todo, para descubrir el diferente bobinaje del motor que dinamiza y unifica la praxis vicenciana.<\/p>\n<p>Hombre de una <em>inteligencia maravillosamente realista, <\/em>hasta <em>llegar a comprometer su pensamiento en la acci\u00f3n, <\/em>Vicente se esclarece en la constataci\u00f3n de la realidad para as\u00ed poder acom\u00adpasar el movimiento de su vida y de su esp\u00edritu al ritmo de Dios. Pero el Dios vicenciano, como el Dios b\u00edblico, el Dios de Jesu\u00adcristo, no es un ser lejano y extra\u00f1o a las fluctuaciones del mun\u00addo, ausente <em>y <\/em>desentendido de las situaciones concretas de los hombres, de los pobres. Dios, lo mismo que el hombre, est\u00e1 comprometido en el desarrollo de este mundo, querido por \u00e9l <em>y <\/em>rescatado por Cristo. La presencia activa de Dios atraviesa la historia y la impregna de esta presencia. Los planes de Dios (la estrategia de Dios, el \u00abmisterio\u00bb de Dios), trazados desde antes de comenzar el primer d\u00eda de los d\u00edas, se realizan en la historia concreta de cada d\u00eda. En ella y a trav\u00e9s de ella, Dios se revela al hombre y se hace presente en el mundo. Lo interesante para el hombre es saber descubrir esta presencia en el mundo <em>y <\/em>en \u00e9l mismo <em>y <\/em>llegar a actuar en conformidad con el dinamismo divino \u2014el amor divino\u2014 que Dios ha depositado en \u00e9l.<\/p>\n<p>En el lenguaje vicenciano, deudor en parte de los acreedores de su tiempo -los maestros de la vida espiritual-, la vida acti\u00adva de Dios en el hombre y en el mundo se expresa en las f\u00f3rmu\u00adlas de la \u00abmisteriosa providencia de Dios\u00bb o de la \u00abadmirable voluntad de Dios\u00bb, del \u00abquerer y no querer de Dios\u00bb.<span id='easy-footnote-23-45460' class='easy-footnote-margin-adjust'><\/span><span class='easy-footnote'><a href='https:\/\/vincentians.com\/es\/voluntad-de-dios-y-praxis-vicenciana\/#easy-footnote-bottom-23-45460' title='Cf. S. V. I, 26, &lt;em&gt;37, &lt;\/em&gt;39, 40, 62, 68, 87, 128, 150, 173; II, 4, 208, 226, 276, 419, 428, 453, 456, 466, 472-473; III, 188-189; IV, 122\u00ad123, 347-348; XI, 45-48.'><sup>23<\/sup><\/a><\/span> Y el obrar del hombre, en virtud de la fuerza divina que act\u00faa en \u00e9l, se formula en las expresiones de actuar \u00aben el nombre del Se\u00f1or\u00bb, de \u00abdejar obrar a Dios en nosotros y con nosotros\u00bb, de \u00abobrar en Cristo y por \u00e9l\u00bb.<span id='easy-footnote-24-45460' class='easy-footnote-margin-adjust'><\/span><span class='easy-footnote'><a href='https:\/\/vincentians.com\/es\/voluntad-de-dios-y-praxis-vicenciana\/#easy-footnote-bottom-24-45460' title='Cf. S. V. XI, 343, 350; XII, 154, 179; V, 484; VIII, 231.'><sup>24<\/sup><\/a><\/span>\n<p>Este <em>realista, <\/em>Vicente de Pa\u00fal, que no se deja fascinar por las apariencias, sino que las traspasa hasta llegar al fondo de la rea\u00adlidad,<span id='easy-footnote-25-45460' class='easy-footnote-margin-adjust'><\/span><span class='easy-footnote'><a href='https:\/\/vincentians.com\/es\/voluntad-de-dios-y-praxis-vicenciana\/#easy-footnote-bottom-25-45460' title='Este hombre, \u00abde mirada penetrante&amp;#8230; de esp\u00edritu amplio&amp;#8230; y dif\u00edcil de dejarse sorprender&amp;#8230; penetraba los asuntos hasta la m\u00e9dula, descubr\u00eda siempre las circunstancias peque\u00f1as y grandes, preve\u00eda los incon\u00advenientes y las consecuencias. Con una atenci\u00f3n y una fuerza de esp\u00edritu incansable, abordaba los asuntos y se aplicaba a ellos con orden y clarivi\u00addencia, sobrellevaba su peso y sus dificultades con ah\u00ednco y tranquilidad&amp;#8230; No se paraba en la apariencia de las cosas, sino que consideraba su naturaleza y su fin, y, en raz\u00f3n de su sentido com\u00fan, que era extraordina\u00adrio, sab\u00eda distinguir con exactitud lo verdadero de lo falso, lo bueno de lo malo, aunque se le presentaran con id\u00e9ntico rostro\u00bb: L. Abelly, &lt;em&gt;1, &lt;\/em&gt;I, 73, 74, 75.'><sup>25<\/sup><\/a><\/span> nos permite acceder a la verdadera visi\u00f3n de las personas y de las cosas. Acontecimientos, necesidades y personas transcri\u00adben para \u00e9l -y para todos aquellos que adoptan su misma clave de interpretaci\u00f3n- la realidad tal y como es en Dios. Para des\u00adcifrar este lenguaje, inscrito en la historia, y llegar a transcribirlo en la conciencia humana, se requiere que la fe ilumine la mirada miope del hombre.<span id='easy-footnote-26-45460' class='easy-footnote-margin-adjust'><\/span><span class='easy-footnote'><a href='https:\/\/vincentians.com\/es\/voluntad-de-dios-y-praxis-vicenciana\/#easy-footnote-bottom-26-45460' title='Cf. S. V. XI, 31, 32, 116; VII, 388; 115-116, 120, 121, 122, 123, 124; XI, 52-53; XII, 178-179.'><sup>26<\/sup><\/a><\/span>\n<p>Este <em>activo, <\/em>Vicente de Pa\u00fal, que no pasa el tiempo en con\u00adcebir grandes planes ni tiene la ambici\u00f3n de ponerse a pensar c\u00f3mo cambiar las estructuras socio-econ\u00f3mico-pol\u00edticas, sino que trata de afrontar la realidad d\u00eda a d\u00eda y de realizar un cambio radical de actitud en la conciencia de los hombres, en la con\u00adciencia de la sociedad, capaz de transformar el orden establecido y de hacer aparecer nuevas formas de vida y de acci\u00f3n en la sociedad y en la iglesia, nos hace entrar en el verdadero sentido y contenido de la acci\u00f3n humana cuando declara: \u00abRuego a nues\u00adtro Se\u00f1or Jesucristo que nos conceda la gracia&#8230; de ver las cosas como son en Dios y no como aparecen fuera de \u00e9l, porque, de otra manera, podr\u00edamos enga\u00f1arnos y obrar de manera distinta de la que quiere\u00bb.<span id='easy-footnote-27-45460' class='easy-footnote-margin-adjust'><\/span><span class='easy-footnote'><a href='https:\/\/vincentians.com\/es\/voluntad-de-dios-y-praxis-vicenciana\/#easy-footnote-bottom-27-45460' title='S. V. VII, 388; cf. S. V. XI, 32; L. Abelly, &lt;em&gt;1, &lt;\/em&gt;III, 9.'><sup>27<\/sup><\/a><\/span>\n<p>La vida y el esp\u00edritu de Vicente de Pa\u00fal se encuentran atra\u00advesados, lo hemos se\u00f1alado, por dos preocupaciones mayores: ajustar lo m\u00e1s exactamente posible su \u00abprudencia\u00bb a la \u00abmiste\u00adriosa voluntad de Dios\u00bb y vivir en Cristo, obrar en \u00e9l y por \u00e9l. Esta doble preocupaci\u00f3n le hace cobrar conciencia de una doble certeza, que desencadena en \u00e9l un doble dinamismo:<\/p>\n<p>La primera de esta doble certeza declara que el hombre s\u00f3lo se realiza <em>d\u00e1ndose a Dios <\/em>para servirle en la persona de los po\u00adbres.<span id='easy-footnote-28-45460' class='easy-footnote-margin-adjust'><\/span><span class='easy-footnote'><a href='https:\/\/vincentians.com\/es\/voluntad-de-dios-y-praxis-vicenciana\/#easy-footnote-bottom-28-45460' title='Cf. S. V. IX, 592; XI, 50, 74, 100; XII, 56, 78, 134, 146, 166, 322, 354, 389, 403, 409, 433.'><sup>28<\/sup><\/a><\/span> La segunda, proclama que el hombre contin\u00faa en el tiem\u00adpo la obra creadora de Dios por el trabajo y transforma la rea\u00adlidad por medio de la acci\u00f3n.<span id='easy-footnote-29-45460' class='easy-footnote-margin-adjust'><\/span><span class='easy-footnote'><a href='https:\/\/vincentians.com\/es\/voluntad-de-dios-y-praxis-vicenciana\/#easy-footnote-bottom-29-45460' title='Cf. S. V. IX, 483-498; XI, 40-41, 342-351; XII, 132, 138, 139; XI, 74, 77; IX, 592-593, 594, 113, 243-247, 475-478, 601-602.'><sup>29<\/sup><\/a><\/span>\n<p>El primero de este doble dinamismo, que surge de esta doble certeza, le introduce en el movimiento del \u00abesp\u00edritu de Jesucris\u00adto\u00bb y le permite unirse simult\u00e1neamente a Dios y a los hombres a trav\u00e9s de la acci\u00f3n realizada en conformidad con este esp\u00edritu de Cristo.<span id='easy-footnote-30-45460' class='easy-footnote-margin-adjust'><\/span><span class='easy-footnote'><a href='https:\/\/vincentians.com\/es\/voluntad-de-dios-y-praxis-vicenciana\/#easy-footnote-bottom-30-45460' title='Cf. S. V. VI, 393; XII, 108-110, 112-113; XI, 343-344; XII, 179; XI, 49, 74, 76-77; XII, 262-263, 264-265, 271-272, 274, 121; XI, 40-41, 313-315.'><sup>30<\/sup><\/a><\/span> El segundo le impulsa a <em>no pararse jam\u00e1s <\/em>mientras la necesidad aparezca en el mundo y la miseria invada el ser de los pobres hasta llegar a apoderarse de sus rostros.<span id='easy-footnote-31-45460' class='easy-footnote-margin-adjust'><\/span><span class='easy-footnote'><a href='https:\/\/vincentians.com\/es\/voluntad-de-dios-y-praxis-vicenciana\/#easy-footnote-bottom-31-45460' title='Cf. S. V. XIII, 179; VIII, 230; XI, 49, 31, 367; XIII, 798; XI, 40-41; XII, 87, 262, 264, 270-272.'><sup>31<\/sup><\/a><\/span>\n<p>Despu\u00e9s de haber percibido esta doble certeza y este doble dinamismo, se puede vislumbrar el sentido de los palabras y la originalidad de su contenido cuando o\u00edmos a Vicente de Pa\u00fal hablar de la providencia o de la voluntad de Dios, de las acti\u00adtudes del hombre ante las manifestaciones y exigencias de esta providencia o voluntad de Dios, de la acci\u00f3n del hombre.<span id='easy-footnote-32-45460' class='easy-footnote-margin-adjust'><\/span><span class='easy-footnote'><a href='https:\/\/vincentians.com\/es\/voluntad-de-dios-y-praxis-vicenciana\/#easy-footnote-bottom-32-45460' title='La pedagog\u00eda vicenciana, cuando habla de estas realidades, utiliza diversos registros de expresi\u00f3n. Es menester descubrir en esta variedad de registros, la divisa del autor, si no queremos dejarnos enga\u00f1ar al inter\u00adpretar el sentido de sus palabras. Para conseguirlo, se requiere adoptar cuatro criterios diferentes.&lt;\/p&gt;\n&lt;p&gt;El primero de estos criterios debe tener en cuenta la estructura perso\u00adnal del destinatario de la carta, la situaci\u00f3n concreta que atraviesa, su manera constante de actuar. Las cartas escritas a Luisa de Marillac y al padre Bernardo Codoing son una muestra esclarecedora del valor de esta norma de interpretaci\u00f3n.&lt;\/p&gt;\n&lt;p&gt;El segundo criterio debe intentar reconstruir y tratar de introducirse en el ambiente del auditorio vicenciano. Las conferencias-catequesis dadas a las Hijas de la Caridad difieren en forma y contenido de las alocuciones, m\u00e1s teol\u00f3gicas y mejor estructuradas intelectualmente, pronunciadas ante los sacerdotes de la Congregaci\u00f3n de la Misi\u00f3n. Si en ambas ocasiones centra su objetivo en transmitir su experiencia humano-cristiana y orientar a los oyentes hacia un esp\u00edritu, creador y animador de comunidad, no olvida hacer referencia a las necesidades y acontecimientos del momento hist\u00f3rico. Conectados con su esp\u00edritu, Vicente intenta esclarecerlos y abor\u00addarlos a la luz de los designios de Dios y de la continuaci\u00f3n de la misi\u00f3n de Cristo.&lt;\/p&gt;\n&lt;p&gt;El tercer criterio no puede prescindir de la fecha en que est\u00e1n escritas las cartas y pronunciadas las conferencias. La referencia a estas fechas nos permiten descubrir los or\u00edgenes del pensamiento y de la evoluci\u00f3n humana y doctrinal de Vicente de Pa\u00fal.&lt;\/p&gt;\n&lt;p&gt;El cuarto criterio nos indica la manera vicenciana de abordar los temas. Vicente no procede en el desarrollo de sus alocuciones o conferencias por divisiones l\u00f3gicas, como adora el esp\u00edritu cartesiano, sino m\u00e1s bien por olas sucesivas volviendo sobre el tema varias veces y abord\u00e1ndolo bajo nuevos aspectos. Por esta raz\u00f3n se encuentran ideas importantes emitidas, a veces, en contextos donde no se esperaba. La \u00abmarca\u00bb vicenciana no aparece en la forma de un razonamiento lineal. sio espiral. De ah\u00ed la casi, por no decir la total, imposibilidad de apoderarse del \u00abesp\u00edritu\u00bb de Vicente de Pa\u00fal y la dificultad de pretender encerrar su doctrina teol\u00f3gico-espiritual en un sistema de arquitecturas conceptuales. El dinamismo de la vida y del pensamiento vicenciano no se dejan encerrar en la rigidez de un sistema.'><sup>32<\/sup><\/a><\/span>\n<p>La preocupaci\u00f3n de Vicente de Pa\u00fal de realizar lo m\u00e1s exacta y perfectamente posible los designios o planes de Dios le lleva a adquirir cuatro convicciones. Estas convicciones esclarecen su esp\u00edritu y dinamizan su acci\u00f3n:<\/p>\n<ul>\n<li>La historia \u2014el mundo, la realidad\u2014 es el \u00ablugar\u00bb donde se revela la voluntad de Dios y donde se realiza \u00abel querer y no querer de Dios\u00bb. En este lugar, de revelaci\u00f3n y de realizaci\u00f3n, los pobres tienen un <em>espacio privilegiado<\/em>.<span id='easy-footnote-33-45460' class='easy-footnote-margin-adjust'><\/span><span class='easy-footnote'><a href='https:\/\/vincentians.com\/es\/voluntad-de-dios-y-praxis-vicenciana\/#easy-footnote-bottom-33-45460' title='Cf. S. V. XI, 342-351: avisos dados al padre Durand; S. V. XII, 130-150: conferencia a los misioneros sobre la b\u00fasqueda del reino de Dios; S. V. XII, 150-165: conferencia a los misioneros sobre la conformidad con la voluntad de Dios; S. V. XII, 73-94: conferencia a los misioneros sobre el fin de la Congregaci\u00f3n de la Misi\u00f3n.'><sup>33<\/sup><\/a><\/span><\/li>\n<li>La inserci\u00f3n en el movimiento del \u00abesp\u00edritu de nuestro Se\u00ad\u00f1or\u00bb conduce al hombre a establecer la relaci\u00f3n viva entre Dios y el hombre y le permite acceder a la uni\u00f3n con la voluntad del Padre,<span id='easy-footnote-34-45460' class='easy-footnote-margin-adjust'><\/span><span class='easy-footnote'><a href='https:\/\/vincentians.com\/es\/voluntad-de-dios-y-praxis-vicenciana\/#easy-footnote-bottom-34-45460' title='Cf. S. V. VI, 393; XII, 108-110, 112-113'><sup>34<\/sup><\/a><\/span> al realizar la misi\u00f3n de Cristo, evangelizador de los pobres \u00ab.<\/li>\n<li>El hombre se realiza en tanto en cuanto contin\u00faa encarnando la presencia activa del Dios de Jesucristo en la historia en bene\u00adficio de los dem\u00e1s hombres.<span id='easy-footnote-35-45460' class='easy-footnote-margin-adjust'><\/span><span class='easy-footnote'><a href='https:\/\/vincentians.com\/es\/voluntad-de-dios-y-praxis-vicenciana\/#easy-footnote-bottom-35-45460' title='Cf. S. V. XI, 313, 315; XII, 3-4, 4-5, 79-80, 83, 87-88; IX, 127, 534, 583, 592, 594; X. 124, 126, 144.'><sup>35<\/sup><\/a><\/span><\/li>\n<li>La acci\u00f3n del hombre adquiere sentido y valor en tanto en cuanto realiza el designio divino.<span id='easy-footnote-36-45460' class='easy-footnote-margin-adjust'><\/span><span class='easy-footnote'><a href='https:\/\/vincentians.com\/es\/voluntad-de-dios-y-praxis-vicenciana\/#easy-footnote-bottom-36-45460' title='Cf. S. V. XII, 107-110, 154, 178-179, 183, 214-215; XI, 342-344, 348. 40-41, 44, 49, 74, 74-75, 76-77; V, 5, 84, 484; VIII, 333, 424.'><sup>36<\/sup><\/a><\/span><\/li>\n<\/ul>\n<p>La intenci\u00f3n de Vicente de Pa\u00fal es declararnos que la cons\u00adtrucci\u00f3n del \u00abreino de Dios y su justicia\u00bb, la ejecuci\u00f3n de la voluntad divina,<span id='easy-footnote-37-45460' class='easy-footnote-margin-adjust'><\/span><span class='easy-footnote'><a href='https:\/\/vincentians.com\/es\/voluntad-de-dios-y-praxis-vicenciana\/#easy-footnote-bottom-37-45460' title='\u00abSabemos que nuestras acciones no tienen ning\u00fan valor, si no est\u00e1n vitalizadas y animadas por la intenci\u00f3n de Dios. Este es el consejo del evangelio que nos orienta a hacer todo para agradarle\u00bb (S. V. XII, 154; cf. S. V. XII, 132). \u00abNuestras acciones ya no son acciones humanas&amp;#8230; sino de Dios, puesto que se hacen en \u00e9l y por \u00e9l\u00bb: S. V. XII, 183; cf. S. V. XII, 214-215; XI, 344.'><sup>37<\/sup><\/a><\/span> se realizan en el quehacer de cada d\u00eda. Esta cons\u00adtrucci\u00f3n y. esta realizaci\u00f3n exigen constantemente la conjugaci\u00f3n perfecta y la convergencia exacta de la iniciativa de la fuerza de Dios y de la respuesta de la humilde docilidad humana. De ah\u00ed la insistencia de Vicente de Pa\u00fal, su devoci\u00f3n especial de \u00abseguir la adorable providencia de Dios paso a paso\u00bb,<span id='easy-footnote-38-45460' class='easy-footnote-margin-adjust'><\/span><span class='easy-footnote'><a href='https:\/\/vincentians.com\/es\/voluntad-de-dios-y-praxis-vicenciana\/#easy-footnote-bottom-38-45460' title='S. V. II, 208, 419.'><sup>38<\/sup><\/a><\/span> y de no \u00abcabal\u00adgar sobre ella\u00bb,<span id='easy-footnote-39-45460' class='easy-footnote-margin-adjust'><\/span><span class='easy-footnote'><a href='https:\/\/vincentians.com\/es\/voluntad-de-dios-y-praxis-vicenciana\/#easy-footnote-bottom-39-45460' title='S. V. I, 68, 69.'><sup>39<\/sup><\/a><\/span> es decir, de no imponer el ritmo a Dios, sino de ajustar todo el dinamismo vital del hombre al comp\u00e1s del movimiento del \u00abbuen agrado de Dios\u00bb sin intentar \u00abadelantarse a a\u00bb y sin pretender \u00abprevenirle\u00bb.<span id='easy-footnote-40-45460' class='easy-footnote-margin-adjust'><\/span><span class='easy-footnote'><a href='https:\/\/vincentians.com\/es\/voluntad-de-dios-y-praxis-vicenciana\/#easy-footnote-bottom-40-45460' title='S. V. II, 453, 456.'><sup>40<\/sup><\/a><\/span> No es Dios quien est\u00e1 lla\u00admado a ser creado a imagen y semejanza del hombre, sino el hom\u00adbre quien est\u00e1 llamado a ser creado a imagen y semejanza de Dios.<\/p>\n<p>\u00abLa gracia imita a la naturaleza en muchas cosas, la cual las hace nacer bruscas y desagradables, pero con el tiempo las per\u00adfecciona\u00bb,<span id='easy-footnote-41-45460' class='easy-footnote-margin-adjust'><\/span><span class='easy-footnote'><a href='https:\/\/vincentians.com\/es\/voluntad-de-dios-y-praxis-vicenciana\/#easy-footnote-bottom-41-45460' title='S. V. III, 187.'><sup>41<\/sup><\/a><\/span> constata la sensibilidad observadora de Vicente de Pa\u00fal. El hombre, ese ser constituido de naturaleza y de gracia, est\u00e1 pro-yectado por Dios en la historia para irse realizando a trav\u00e9s de la gran marcha hacia la libertad en virtud del dina\u00admismo creador que Dios ha depositado en \u00e9l. Su vocaci\u00f3n es una tarea lenta y evolutiva, orientada hacia la realizaci\u00f3n con\u00adcreta de la imagen de Dios creador \u2014imagen que Cristo encarna perfectamente\u2014 del \u00abbuen agrado de Dios\u00bb. Se requiere, en con\u00adsecuencia, que el hombre <em>descubra <\/em>este \u00abbuen agrado de Dios\u00bb, lo <em>acoja, <\/em>lo <em>haga vida <\/em>de su vida y esp\u00edritu de su esp\u00edritu, lo <em>encarne <\/em>en la trayectoria de la historia.<\/p>\n<p>Para llegar a <em>discernir, a descubrir <\/em>\u00abel querer y no querer de D\u00edos\u00bb,<span id='easy-footnote-42-45460' class='easy-footnote-margin-adjust'><\/span><span class='easy-footnote'><a href='https:\/\/vincentians.com\/es\/voluntad-de-dios-y-praxis-vicenciana\/#easy-footnote-bottom-42-45460' title='S. V. I, 37, 70.'><sup>42<\/sup><\/a><\/span> es menester, al mismo tiempo, que el hombre <em>cobre conciencia <\/em>de su limitaci\u00f3n o de su pobreza radical, es decir, \u00absea todo humildad, todo sumisi\u00f3n, todo confianza, todo paciencia\u00bb <span id='easy-footnote-43-45460' class='easy-footnote-margin-adjust'><\/span><span class='easy-footnote'><a href='https:\/\/vincentians.com\/es\/voluntad-de-dios-y-praxis-vicenciana\/#easy-footnote-bottom-43-45460' title='S. V. I, 26.'><sup>43<\/sup><\/a><\/span> en la espera de descubrir \u00abla evidencia de la santa y adorable voluntad de Dios\u00bb, <em>descubra <\/em>\u00abque hay grandes tesoros escondi\u00addos en la santa providencia\u00bb y <em>acepte <\/em>que \u00abquienes la siguen y no cabalgan sobre ella honran soberanamente a nuestro Se\u00f1or\u00bb.<span id='easy-footnote-44-45460' class='easy-footnote-margin-adjust'><\/span><span class='easy-footnote'><a href='https:\/\/vincentians.com\/es\/voluntad-de-dios-y-praxis-vicenciana\/#easy-footnote-bottom-44-45460' title='S. V. I, 68; cf. S. V, I, 76.'><sup>44<\/sup><\/a><\/span> El hombre s\u00f3lo podr\u00e1 adoptar esta triple actitud cuando experi\u00admente, como Vicente de Pa\u00fal, \u00abel consuelo que nuestro Se\u00f1or da\u00bb a quienes \u00abpiensan que han tratado siempre de seguir y no de prevenir a la providencia, que sabe tan sabiamente conducir todas las cosas al fin que nuestro Se\u00f1or las destina\u00bb.<span id='easy-footnote-45-45460' class='easy-footnote-margin-adjust'><\/span><span class='easy-footnote'><a href='https:\/\/vincentians.com\/es\/voluntad-de-dios-y-praxis-vicenciana\/#easy-footnote-bottom-45-45460' title='S. V. II, 456; cf. S. V. II, 208, 453, 466; III, 188.'><sup>45<\/sup><\/a><\/span> Esta expe\u00adriencia, encarnaci\u00f3n en el hombre de fe y de vida, se <em>origina <\/em>cuando \u00e9ste se \u00ababandona a la providencia de Dios\u00bb y se <em>clarifica <\/em>cuando se descubre que \u00abla gracia tiene sus momentos\u00bb.<span id='easy-footnote-46-45460' class='easy-footnote-margin-adjust'><\/span><span class='easy-footnote'><a href='https:\/\/vincentians.com\/es\/voluntad-de-dios-y-praxis-vicenciana\/#easy-footnote-bottom-46-45460' title='S. V. II, 453; cf. S. V. II, 456.'><sup>46<\/sup><\/a><\/span>\n<p>Si \u00abla gracia tiene sus momentos\u00bb, el hombre debe estar su\u00admamente atento, vigilante para <em>acogerla <\/em>en las situaciones con\u00adcretas de su vida, de la vida de los dem\u00e1s, de la historia. Esta acogida requiere una abertura y una docilidad del esp\u00edritu del hombre \u00abal buen agrado de Dios que consiste en acomodarnos a las disposiciones de las personas, a los lugares, a los tiempos\u00bb.<span id='easy-footnote-47-45460' class='easy-footnote-margin-adjust'><\/span><span class='easy-footnote'><a href='https:\/\/vincentians.com\/es\/voluntad-de-dios-y-praxis-vicenciana\/#easy-footnote-bottom-47-45460' title='S. V. I, 228. \u00abEs menester considerar atentamente esto. Porque Dios nos ha destinado en tal tiempo, para tales personas y no para otras; encontramos lo mismo en la Escritura, donde leemos que Dios destinaba a los profetas a tales personas y no quer\u00eda que se dirigieran a otras\u00bb: S. V. XI, 134.'><sup>47<\/sup><\/a><\/span> La intenci\u00f3n de Vicente de Pa\u00fal, al pedir esta adaptaci\u00f3n vital, es hacer del hombre una \u00abpura receptividad\u00bb \u2014la expresi\u00f3n es de Schillebeeckx\u2014 capaz de acoger en \u00e9l \u00abla luz que le haga conocer y aficionarse a lo que Dios desea de \u00e9l\u00bb;<span id='easy-footnote-48-45460' class='easy-footnote-margin-adjust'><\/span><span class='easy-footnote'><a href='https:\/\/vincentians.com\/es\/voluntad-de-dios-y-praxis-vicenciana\/#easy-footnote-bottom-48-45460' title='S. V. I, 173.'><sup>48<\/sup><\/a><\/span> capaz de aceptar \u00abdejarse conducir por la amable providencia de Dios\u00bb.<span id='easy-footnote-49-45460' class='easy-footnote-margin-adjust'><\/span><span class='easy-footnote'><a href='https:\/\/vincentians.com\/es\/voluntad-de-dios-y-praxis-vicenciana\/#easy-footnote-bottom-49-45460' title='S. V. II, 469.'><sup>49<\/sup><\/a><\/span> Esta providencia de Dios le permitir\u00e1 introducirse \u00aben la santa dilecci\u00f3n que efect\u00faa la confianza en Dios y la desconfianza en s\u00ed mismo\u00bb.<span id='easy-footnote-50-45460' class='easy-footnote-margin-adjust'><\/span><span class='easy-footnote'><a href='https:\/\/vincentians.com\/es\/voluntad-de-dios-y-praxis-vicenciana\/#easy-footnote-bottom-50-45460' title='S. V. I, 150.'><sup>50<\/sup><\/a><\/span> Entonces, s\u00f3lo entonces, podr\u00e1 \u00abadorar a la provi\u00addencia y trabajar por conformarse en todo a su santo querer\u00bb sa \u00abque es el fin al que tendemos y al que han tendido todos los santos y sin el cual nadie puede llegar a ser bienaventurado\u00bb.<span id='easy-footnote-51-45460' class='easy-footnote-margin-adjust'><\/span><span class='easy-footnote'><a href='https:\/\/vincentians.com\/es\/voluntad-de-dios-y-praxis-vicenciana\/#easy-footnote-bottom-51-45460' title='S. V. I, 128.'><sup>51<\/sup><\/a><\/span>\n<p>A trav\u00e9s de esta abertura y de esta docilidad de esp\u00edritu, que engendran en el hombre una disponibilidad penetrante y una flexibilidad vital, Vicente de Pa\u00fal no solo intenta evitar que el hombre se encierre en la angustia, en las obsesiones, en las in\u00adquietudes traum\u00e1ticas y demoledoras de la condici\u00f3n humana, sino ante todo busca centrarle en el dinamismo del esp\u00edritu de Dios y abrirle al movimiento de la vida para llegar a \u00abtener un mismo querer y no querer\u00bb con Dios.<span id='easy-footnote-52-45460' class='easy-footnote-margin-adjust'><\/span><span class='easy-footnote'><a href='https:\/\/vincentians.com\/es\/voluntad-de-dios-y-praxis-vicenciana\/#easy-footnote-bottom-52-45460' title='S. V. I, 87.'><sup>52<\/sup><\/a><\/span> S\u00f3lo penetrando en el centro de este \u00abquerer y no querer de Dios\u00bb,<span id='easy-footnote-53-45460' class='easy-footnote-margin-adjust'><\/span><span class='easy-footnote'><a href='https:\/\/vincentians.com\/es\/voluntad-de-dios-y-praxis-vicenciana\/#easy-footnote-bottom-53-45460' title='S. V. I, 70; cf. S. V. I, 62.'><sup>53<\/sup><\/a><\/span> el hombre descu\u00adbrir\u00e1 que \u00abDios es amor y quiere que se vaya a \u00e9l por amor\u00bb;<span id='easy-footnote-54-45460' class='easy-footnote-margin-adjust'><\/span><span class='easy-footnote'><a href='https:\/\/vincentians.com\/es\/voluntad-de-dios-y-praxis-vicenciana\/#easy-footnote-bottom-54-45460' title='S. V. I, 86. La lectura, que Vicente de Pa\u00fal recomienda hacer a Luisa de Marillac referente a la doctrina de la voluntad de Dios, se encuentra en el &lt;em&gt;Tratado del amor de Dios &lt;\/em&gt;de Francisco de Sales, &lt;em&gt;131, &lt;\/em&gt;V, vol. II, 109-163.'><sup>54<\/sup><\/a><\/span> encontrar\u00e1 la liberaci\u00f3n de la inquietud \u2014de \u00ablas pulsiones de muerte\u00bb\u2014, que le invaden continuamente; caminar\u00e1 en la \u00abtran\u00adquilidad y alegr\u00eda\u00bb<span id='easy-footnote-55-45460' class='easy-footnote-margin-adjust'><\/span><span class='easy-footnote'><a href='https:\/\/vincentians.com\/es\/voluntad-de-dios-y-praxis-vicenciana\/#easy-footnote-bottom-55-45460' title='S. V. I, 40, 39, 77.'><sup>55<\/sup><\/a><\/span> de esp\u00edritu al estar todo \u00e9l disponible \u00aba querer todo lo que Dios quiere&#8230; para llegar a ser un d\u00eda una misma cosa con \u00e9l\u00bb<span id='easy-footnote-56-45460' class='easy-footnote-margin-adjust'><\/span><span class='easy-footnote'><a href='https:\/\/vincentians.com\/es\/voluntad-de-dios-y-praxis-vicenciana\/#easy-footnote-bottom-56-45460' title='S. V. I, 37.'><sup>56<\/sup><\/a><\/span> y \u00abhacerse conforme a nuestro Se\u00f1or\u00bb.<span id='easy-footnote-57-45460' class='easy-footnote-margin-adjust'><\/span><span class='easy-footnote'><a href='https:\/\/vincentians.com\/es\/voluntad-de-dios-y-praxis-vicenciana\/#easy-footnote-bottom-57-45460' title='S. V. I, 77.'><sup>57<\/sup><\/a><\/span> En un clima de semejante diafanidad el hombre estar\u00e1 seguro de haber \u00abtratado de no poner el pie m\u00e1s que all\u00ed donde le ha se\u00f1alado la providencia\u00bb<span id='easy-footnote-58-45460' class='easy-footnote-margin-adjust'><\/span><span class='easy-footnote'><a href='https:\/\/vincentians.com\/es\/voluntad-de-dios-y-praxis-vicenciana\/#easy-footnote-bottom-58-45460' title='S. V. I, 453.'><sup>58<\/sup><\/a><\/span> y jam\u00e1s pretender\u00e1 intentar confundir ni justificar el <em>miedo instintivo de fracasar en su existencia, <\/em>que invade a toda existencia humana, con la <em>preocupaci\u00f3n, <\/em>m\u00e1s bien la <em>inquietud, <\/em>por intentar \u00abconformarse en todo al buen querer de Dios\u00bb:<span id='easy-footnote-59-45460' class='easy-footnote-margin-adjust'><\/span><span class='easy-footnote'><a href='https:\/\/vincentians.com\/es\/voluntad-de-dios-y-praxis-vicenciana\/#easy-footnote-bottom-59-45460' title='S. V. I, 128.'><sup>59<\/sup><\/a><\/span> \u00abExisten grandes tesoros ocultos en la santa provi\u00addencia, escribe Vicente a Luisa de Marillac, y quienes la siguen y no cabalgan sobre ella honran soberanamente a nuestro Se\u00f1or. S\u00ed, me dir\u00e1, pero es por Dios por quien me inquieto. Si se inquieta en su servicio, ya no es por Dios por quien se pre\u00adocupa\u00bb.<span id='easy-footnote-60-45460' class='easy-footnote-margin-adjust'><\/span><span class='easy-footnote'><a href='https:\/\/vincentians.com\/es\/voluntad-de-dios-y-praxis-vicenciana\/#easy-footnote-bottom-60-45460' title='S. V. I, 68; cf. S. V. I, 69.'><sup>60<\/sup><\/a><\/span> Dios no es un \u00abesp\u00edritu violento ni intempestivo\u00bb<span id='easy-footnote-61-45460' class='easy-footnote-margin-adjust'><\/span><span class='easy-footnote'><a href='https:\/\/vincentians.com\/es\/voluntad-de-dios-y-praxis-vicenciana\/#easy-footnote-bottom-61-45460' title='S. V. II, 226.'><sup>61<\/sup><\/a><\/span> y el hombre, al \u00abobrar seg\u00fan el querer de nuestro Se\u00f1or, que consiste en mantenerse siempre en la dependencia de su provi\u00addencia, ya que \u00e9ste es su agrado y sabe cual es lo mejor para el hombre\u00bb,<span id='easy-footnote-62-45460' class='easy-footnote-margin-adjust'><\/span><span class='easy-footnote'><a href='https:\/\/vincentians.com\/es\/voluntad-de-dios-y-praxis-vicenciana\/#easy-footnote-bottom-62-45460' title='S. V. II, 469.'><sup>62<\/sup><\/a><\/span> \u00abparticipa de la tranquilidad del esp\u00edritu\u00bb de Dios.<span id='easy-footnote-63-45460' class='easy-footnote-margin-adjust'><\/span><span class='easy-footnote'><a href='https:\/\/vincentians.com\/es\/voluntad-de-dios-y-praxis-vicenciana\/#easy-footnote-bottom-63-45460' title='S. V. I, 40.'><sup>63<\/sup><\/a><\/span>\n<p>El esp\u00edritu del hombre tiende instintivamente a querer elimi\u00adnar los conflictos, que la realidad hace surgir, evadi\u00e9ndolos, en lugar de abord\u00e1ndolos. Y la inestabilidad de la condici\u00f3n humana, que soporta dif\u00edcilmente las dificultades, busca instintivamente cambiar de situaci\u00f3n para, si fuera posible, hacerlas desaparecer, en lugar de afrontarlas.<span id='easy-footnote-64-45460' class='easy-footnote-margin-adjust'><\/span><span class='easy-footnote'><a href='https:\/\/vincentians.com\/es\/voluntad-de-dios-y-praxis-vicenciana\/#easy-footnote-bottom-64-45460' title='Cf. S. V. II, 472-473.'><sup>64<\/sup><\/a><\/span> De ah\u00ed la insistencia de Vicente de Pa\u00fal en la \u00abpaciencia\u00bb y en la \u00abvigilancia\u00bb para llegar a discernir, acoger, hacer vida de su vida y esp\u00edritu de su esp\u00edritu \u00abel querer y no querer de Dios\u00bb. Si puede conciliar estas dos cualidades, aparentemente tan contradictorias, es porque se apoya en Dios, que es el mismo y siempre nuevo, fiel e imprevisible, paciente y r\u00e1pido. La paciencia es la condici\u00f3n de la aceptaci\u00f3n duradera de la voluntad de Dios que quiere durar. <em>Durar, <\/em>es ser capaz de resistir; no es dejarse rechazar; es dejarse probar. Y la prueba principal es precisamente la duraci\u00f3n: las dilaciones de Dios en la realidad social y personal. Pero el <em>resistir, <\/em>por s\u00ed solo, no es cristiano, y puede, desdichadamente, convertirse en un aguante so\u00f1oliento de quien se habit\u00faa al tiempo que le pasa y le sobre\u00adpasa,<span id='easy-footnote-65-45460' class='easy-footnote-margin-adjust'><\/span><span class='easy-footnote'><a href='https:\/\/vincentians.com\/es\/voluntad-de-dios-y-praxis-vicenciana\/#easy-footnote-bottom-65-45460' title='Estas personas, seg\u00fan la expresi\u00f3n de Vicente, \u00abno tendr\u00e1n m\u00e1s que el nombre y la apariencia de lo que han sido; no ser\u00e1n m\u00e1s que cad\u00e1veres y no verdaderos misioneros\u00bb: S. V. XI, 17; cf. S. V. XII, 92\u00ad93, 91.'><sup>65<\/sup><\/a><\/span> en un aguante repulsivo de quien siente que el tiempo le va replegando en s\u00ed mismo. Para que el hombre renueve en el tiempo la <em>confianza <\/em>que ha puesto en Dios en la duraci\u00f3n paciente de su fidelidad y en la vigilancia de su fe,<span id='easy-footnote-66-45460' class='easy-footnote-margin-adjust'><\/span><span class='easy-footnote'><a href='https:\/\/vincentians.com\/es\/voluntad-de-dios-y-praxis-vicenciana\/#easy-footnote-bottom-66-45460' title='Cf. S. V. II, 208; I, 26, 77, 150; II, 428, 466, 469-470, 472-473; IV, 122.'><sup>66<\/sup><\/a><\/span> Este dejar hacer a Dios en el esp\u00edritu y en la vida del hombre, es para que \u00e9ste llegue \u00aba querer invariablemente lo que Dios quiere\u00bb,<span id='easy-footnote-67-45460' class='easy-footnote-margin-adjust'><\/span><span class='easy-footnote'><a href='https:\/\/vincentians.com\/es\/voluntad-de-dios-y-praxis-vicenciana\/#easy-footnote-bottom-67-45460' title='S. V. I, 70; IV, 123.'><sup>67<\/sup><\/a><\/span> es preciso \u00abdejar actuar a Dios\u00bb en \u00e9l.<span id='easy-footnote-68-45460' class='easy-footnote-margin-adjust'><\/span><span class='easy-footnote'><a href='https:\/\/vincentians.com\/es\/voluntad-de-dios-y-praxis-vicenciana\/#easy-footnote-bottom-68-45460' title='S. V. III, 205.'><sup>68<\/sup><\/a><\/span> para llegar a \u00abtener un mismo esp\u00edritu\u00bb con \u00e9l. \u00abDejar hacer a Dios\u00bb, equi\u00advale a \u00abseguir la providencia de Dios paso a paso\u00bb en la con\u00adflictividad de la historia y en la inquietud existencial de la con\u00addici\u00f3n humana;<span id='easy-footnote-69-45460' class='easy-footnote-margin-adjust'><\/span><span class='easy-footnote'><a href='https:\/\/vincentians.com\/es\/voluntad-de-dios-y-praxis-vicenciana\/#easy-footnote-bottom-69-45460' title='Cf. S. V. II, 472-473; III, 205; IV, 122-123; IX, 527, 645; XII, 235, 240, 242; IV, 340.'><sup>69<\/sup><\/a><\/span> es hacer caminar \u00aben la verdadera sabidur\u00eda\u00bb<span id='easy-footnote-70-45460' class='easy-footnote-margin-adjust'><\/span><span class='easy-footnote'><a href='https:\/\/vincentians.com\/es\/voluntad-de-dios-y-praxis-vicenciana\/#easy-footnote-bottom-70-45460' title='S.V. II, 473; cf. S. V. II, 419, 456.'><sup>70<\/sup><\/a><\/span> al esp\u00edritu del hombre y confrontarle continuamente con el \u00abesp\u00ed\u00adritu de Jesucristo\u00bb y con \u00abel querer de Dios\u00bb, que potencian el dinamismo de la vida del hombre y crean en \u00e9l el clima propicio para la acci\u00f3n.<span id='easy-footnote-71-45460' class='easy-footnote-margin-adjust'><\/span><span class='easy-footnote'><a href='https:\/\/vincentians.com\/es\/voluntad-de-dios-y-praxis-vicenciana\/#easy-footnote-bottom-71-45460' title='Cf. S. V. XI, 343, 344, 345, 348, 46, 46-47; II, 472-473; III, 205, 188-189; IV, 122-123.'><sup>71<\/sup><\/a><\/span>\n<p>El sentido y el contenido de la \u00abpraxis\u00bb vicenciana adquieren toda su densidad y originalidad en la ense\u00f1anza de Vicente de Pa\u00fal referente a la voluntad de Dios. Realizar activa y\/o pasiva\u00admente la voluntad de Dios,<span id='easy-footnote-72-45460' class='easy-footnote-margin-adjust'><\/span><span class='easy-footnote'><a href='https:\/\/vincentians.com\/es\/voluntad-de-dios-y-praxis-vicenciana\/#easy-footnote-bottom-72-45460' title='Cf. S. V. XII, 160, 161; XI, 45-46, 47-48; I, 39, 68, 82, 291; II, 36; IV, 476; VII, 489.'><sup>72<\/sup><\/a><\/span> equivale en la mentalidad vicenciana a introducir al hombre en el movimiento del \u00abesp\u00edritu de Cristo\u00bb, en el movimiento del esp\u00edritu de Dios, que atraviesa el mundo para re-crearlo, para transformarlo.<\/p>\n<p>Si <em>psicol\u00f3gicamente <\/em>hablando, el discernimiento de la volun\u00adtad de Dios clarifica, apacigua, libera y dinamiza el esp\u00edritu del hombre;<span id='easy-footnote-73-45460' class='easy-footnote-margin-adjust'><\/span><span class='easy-footnote'><a href='https:\/\/vincentians.com\/es\/voluntad-de-dios-y-praxis-vicenciana\/#easy-footnote-bottom-73-45460' title='Cf. S. V. I, 26, 37, 39, 40, 68, 77, 86, 128, 150; II, 208, 472-473; IV. 122-123, 340; IX, 527, 645; XII, 235, 240, 242.'><sup>73<\/sup><\/a><\/span> si <em>teol\u00f3gicamente <\/em>hablando, la realizaci\u00f3n de la volun\u00adtad de Dios transforma la acci\u00f3n del hombre en acci\u00f3n de Dios, le da una consistencia inquebrantable y la hace duradera en el tiempo y en la eternidad;<span id='easy-footnote-74-45460' class='easy-footnote-margin-adjust'><\/span><span class='easy-footnote'><a href='https:\/\/vincentians.com\/es\/voluntad-de-dios-y-praxis-vicenciana\/#easy-footnote-bottom-74-45460' title='Cf. S. V. XII, 154; 132, 183, 214-215; XI, 343, 344, 41; XII, 136; II, 208, 453, 456, 466; III, 188-189; IV, 122-123, 347-349.'><sup>74<\/sup><\/a><\/span> <em> sociol\u00f3gicamente <\/em>hablando, la reali\u00adzaci\u00f3n del \u00abbuen agrado de Dios\u00bb, de los planes de Dios, trans\u00adforma la realidad social en la realizaci\u00f3n del \u00abreino de Dios y su justicia\u00bb<span id='easy-footnote-75-45460' class='easy-footnote-margin-adjust'><\/span><span class='easy-footnote'><a href='https:\/\/vincentians.com\/es\/voluntad-de-dios-y-praxis-vicenciana\/#easy-footnote-bottom-75-45460' title='\u00abSe dice que hay que buscar el reino de Dios. &lt;em&gt;Buscad, &lt;\/em&gt;no es m\u00e1s que una palabra, mas creo que dice muchas cosas. Quiere decir que hemos de obrar de tal manera que aspiremos siempre a aquello que se nos recomienda, que trabajemos incesantemente por el reino de Dios, sin per\u00admanecer en un estado de inercia y de indolencia, a reflexionar sobre la propia vida interior para ordenarla, y no sobre las cosas externas para hallar deleite en ellas. &lt;em&gt;Buscad, buscad: &lt;\/em&gt;significa &lt;em&gt;preocupaci\u00f3n, &lt;\/em&gt;significa &lt;em&gt;ac\u00adci\u00f3n&amp;#8230; &lt;\/em&gt;Buscad a Dios en vosotros, pues san Agust\u00edn confiesa que, mientras lo busc\u00f3 fuera de s\u00ed, no lo encontr\u00f3; buscadle en lo \u00edntimo de vuestra alma como en agradable morada suya: \u00e9ste es el lugar donde lo establecen sus servidores, los que procuran poner en pr\u00e1ctica todas las virtudes. Es necesaria la vida interior, hay que tender a ella; si se falla en eso, se falla en todo&amp;#8230;'><sup>75<\/sup><\/a><\/span> en beneficio de todo hombre, de todo pobre.<\/p>\n<p>\u00abDespu\u00e9s de la palabra <em>buscad <\/em>viene la palabra <em>primero; <\/em>esto es, buscad el reino de Dios antes que todo lo dem\u00e1s. Pero, padre, hay tantas cosas que hacer, tantas tareas en la casa, tantas ocupaciones en la ciudad, en el campo; trabajo por todas partes; \u00bfhabr\u00e1 que dejarlo todo para no pensar m\u00e1s que en Dios? No, pero hay que santificar estas ocupaciones buscando a Dios en ellas y hacerlas m\u00e1s para encontrarle en ellas que para verlas hechas. Nuestro Se\u00f1or quiere que ante todo busquemos su gloria, su reino y su justicia&#8230;\u00bb: S. V. XII, 131-132; cf. S. V. XII, 133, 136, 138, 139, 144, 145-146, 147; XII, 153-155, 156-157, 162, 164, 165; XII, 108-110, 112-113; XI, 32; XII, 3-4, 4-5, 79, 84, 87, 90.<\/p>\n","protected":false},"excerpt":{"rendered":"<p>Discernir significa analizar y juzgar los motivos, los fines y los medios de la acci\u00f3n, en la que el hombre ejercita su inteli\u00adgencia, su juicio y su libertad. En el lenguaje de la fe cristiana, &#8230; <a href=\"https:\/\/vincentians.com\/es\/voluntad-de-dios-y-praxis-vicenciana\/\" class=\"more-link\">Read More<\/a><\/p>\n","protected":false},"author":4,"featured_media":31209,"comment_status":"open","ping_status":"open","sticky":false,"template":"","format":"standard","meta":{"jetpack_post_was_ever_published":false,"_jetpack_newsletter_access":"","_jetpack_dont_email_post_to_subs":false,"_jetpack_newsletter_tier_id":0,"_jetpack_memberships_contains_paywalled_content":false,"_jetpack_memberships_contains_paid_content":false,"footnotes":"","jetpack_publicize_message":"","jetpack_publicize_feature_enabled":true,"jetpack_social_post_already_shared":true,"jetpack_social_options":{"image_generator_settings":{"template":"highway","default_image_id":0,"font":"","enabled":false},"version":2}},"categories":[28],"tags":[218,168,152,119,172,116],"class_list":["post-45460","post","type-post","status-publish","format-standard","has-post-thumbnail","hentry","category-formacion-vicenciana","tag-abelly","tag-argel","tag-duquesa-de-aiguillon","tag-gondi","tag-pobreza","tag-tunez"],"yoast_head":"<!-- This site is optimized with the Yoast SEO plugin v26.3 - https:\/\/yoast.com\/wordpress\/plugins\/seo\/ -->\n<title>Voluntad de Dios y \u00abpraxis\u00bb vicenciana - Somos Vicencianos<\/title>\n<meta name=\"robots\" content=\"index, follow, max-snippet:-1, max-image-preview:large, max-video-preview:-1\" \/>\n<link rel=\"canonical\" href=\"http:\/\/vincentians.com\/es\/voluntad-de-dios-y-praxis-vicenciana\/\" \/>\n<meta property=\"og:locale\" content=\"es_ES\" \/>\n<meta property=\"og:type\" content=\"article\" \/>\n<meta property=\"og:title\" content=\"Voluntad de Dios y \u00abpraxis\u00bb vicenciana - Somos Vicencianos\" \/>\n<meta property=\"og:description\" content=\"Discernir significa analizar y juzgar los motivos, los fines y los medios de la acci\u00f3n, en la que el hombre ejercita su inteli\u00adgencia, su juicio y su libertad. En el lenguaje de la fe cristiana, ... Read More\" \/>\n<meta property=\"og:url\" content=\"http:\/\/vincentians.com\/es\/voluntad-de-dios-y-praxis-vicenciana\/\" \/>\n<meta property=\"og:site_name\" content=\"Somos Vicencianos\" \/>\n<meta property=\"article:publisher\" content=\"https:\/\/www.facebook.com\/WeAreVincentians\/\" \/>\n<meta property=\"article:author\" content=\"https:\/\/www.facebook.com\/JavierChento\" \/>\n<meta property=\"article:published_time\" content=\"2015-02-04T03:15:54+00:00\" \/>\n<meta property=\"article:modified_time\" content=\"2016-07-26T17:18:00+00:00\" \/>\n<meta name=\"author\" content=\"Francisco Javier Fern\u00e1ndez Chento\" \/>\n<meta name=\"twitter:card\" content=\"summary_large_image\" \/>\n<meta name=\"twitter:creator\" content=\"@https:\/\/twitter.com\/javierchento\" \/>\n<meta name=\"twitter:site\" content=\"@WeVincentians\" \/>\n<meta name=\"twitter:label1\" content=\"Escrito por\" \/>\n\t<meta name=\"twitter:data1\" content=\"Francisco Javier Fern\u00e1ndez Chento\" \/>\n\t<meta name=\"twitter:label2\" content=\"Tiempo de lectura\" \/>\n\t<meta name=\"twitter:data2\" content=\"42 minutos\" \/>\n<script type=\"application\/ld+json\" class=\"yoast-schema-graph\">{\"@context\":\"https:\/\/schema.org\",\"@graph\":[{\"@type\":\"Article\",\"@id\":\"http:\/\/vincentians.com\/es\/voluntad-de-dios-y-praxis-vicenciana\/#article\",\"isPartOf\":{\"@id\":\"http:\/\/vincentians.com\/es\/voluntad-de-dios-y-praxis-vicenciana\/\"},\"author\":{\"name\":\"Francisco Javier Fern\u00e1ndez Chento\",\"@id\":\"http:\/\/vincentians.com\/es\/#\/schema\/person\/9623ef4d9aa3b2dfb8c061f1499288f2\"},\"headline\":\"Voluntad de Dios y \u00abpraxis\u00bb vicenciana\",\"datePublished\":\"2015-02-04T03:15:54+00:00\",\"dateModified\":\"2016-07-26T17:18:00+00:00\",\"mainEntityOfPage\":{\"@id\":\"http:\/\/vincentians.com\/es\/voluntad-de-dios-y-praxis-vicenciana\/\"},\"wordCount\":8372,\"commentCount\":0,\"publisher\":{\"@id\":\"http:\/\/vincentians.com\/es\/#organization\"},\"image\":{\"@id\":\"http:\/\/vincentians.com\/es\/voluntad-de-dios-y-praxis-vicenciana\/#primaryimage\"},\"thumbnailUrl\":\"\",\"keywords\":[\"Abelly\",\"Argel\",\"Duquesa de Aiguillon\",\"Gondi\",\"Pobreza\",\"T\u00fanez\"],\"articleSection\":[\"Formaci\u00f3n Vicenciana\"],\"inLanguage\":\"es\",\"potentialAction\":[{\"@type\":\"CommentAction\",\"name\":\"Comment\",\"target\":[\"http:\/\/vincentians.com\/es\/voluntad-de-dios-y-praxis-vicenciana\/#respond\"]}]},{\"@type\":\"WebPage\",\"@id\":\"http:\/\/vincentians.com\/es\/voluntad-de-dios-y-praxis-vicenciana\/\",\"url\":\"http:\/\/vincentians.com\/es\/voluntad-de-dios-y-praxis-vicenciana\/\",\"name\":\"Voluntad de Dios y \u00abpraxis\u00bb vicenciana - Somos Vicencianos\",\"isPartOf\":{\"@id\":\"http:\/\/vincentians.com\/es\/#website\"},\"primaryImageOfPage\":{\"@id\":\"http:\/\/vincentians.com\/es\/voluntad-de-dios-y-praxis-vicenciana\/#primaryimage\"},\"image\":{\"@id\":\"http:\/\/vincentians.com\/es\/voluntad-de-dios-y-praxis-vicenciana\/#primaryimage\"},\"thumbnailUrl\":\"\",\"datePublished\":\"2015-02-04T03:15:54+00:00\",\"dateModified\":\"2016-07-26T17:18:00+00:00\",\"breadcrumb\":{\"@id\":\"http:\/\/vincentians.com\/es\/voluntad-de-dios-y-praxis-vicenciana\/#breadcrumb\"},\"inLanguage\":\"es\",\"potentialAction\":[{\"@type\":\"ReadAction\",\"target\":[\"http:\/\/vincentians.com\/es\/voluntad-de-dios-y-praxis-vicenciana\/\"]}]},{\"@type\":\"ImageObject\",\"inLanguage\":\"es\",\"@id\":\"http:\/\/vincentians.com\/es\/voluntad-de-dios-y-praxis-vicenciana\/#primaryimage\",\"url\":\"\",\"contentUrl\":\"\"},{\"@type\":\"BreadcrumbList\",\"@id\":\"http:\/\/vincentians.com\/es\/voluntad-de-dios-y-praxis-vicenciana\/#breadcrumb\",\"itemListElement\":[{\"@type\":\"ListItem\",\"position\":1,\"name\":\"Portada\",\"item\":\"http:\/\/vincentians.com\/es\/\"},{\"@type\":\"ListItem\",\"position\":2,\"name\":\"Voluntad de Dios y \u00abpraxis\u00bb vicenciana\"}]},{\"@type\":\"WebSite\",\"@id\":\"http:\/\/vincentians.com\/es\/#website\",\"url\":\"http:\/\/vincentians.com\/es\/\",\"name\":\"Somos Vicencianos\",\"description\":\"Know more to serve more\",\"publisher\":{\"@id\":\"http:\/\/vincentians.com\/es\/#organization\"},\"potentialAction\":[{\"@type\":\"SearchAction\",\"target\":{\"@type\":\"EntryPoint\",\"urlTemplate\":\"http:\/\/vincentians.com\/es\/?s={search_term_string}\"},\"query-input\":{\"@type\":\"PropertyValueSpecification\",\"valueRequired\":true,\"valueName\":\"search_term_string\"}}],\"inLanguage\":\"es\"},{\"@type\":\"Organization\",\"@id\":\"http:\/\/vincentians.com\/es\/#organization\",\"name\":\"The Vincentian Network\",\"url\":\"http:\/\/vincentians.com\/es\/\",\"logo\":{\"@type\":\"ImageObject\",\"inLanguage\":\"es\",\"@id\":\"http:\/\/vincentians.com\/es\/#\/schema\/logo\/image\/\",\"url\":\"https:\/\/i1.wp.com\/vincentians.com\/es\/wp-content\/uploads\/sites\/11\/2016\/06\/Vincentian-Network-logo-big.png?fit=778%2C778\",\"contentUrl\":\"https:\/\/i1.wp.com\/vincentians.com\/es\/wp-content\/uploads\/sites\/11\/2016\/06\/Vincentian-Network-logo-big.png?fit=778%2C778\",\"width\":778,\"height\":778,\"caption\":\"The Vincentian Network\"},\"image\":{\"@id\":\"http:\/\/vincentians.com\/es\/#\/schema\/logo\/image\/\"},\"sameAs\":[\"https:\/\/www.facebook.com\/WeAreVincentians\/\",\"https:\/\/x.com\/WeVincentians\"]},{\"@type\":\"Person\",\"@id\":\"http:\/\/vincentians.com\/es\/#\/schema\/person\/9623ef4d9aa3b2dfb8c061f1499288f2\",\"name\":\"Francisco Javier Fern\u00e1ndez Chento\",\"image\":{\"@type\":\"ImageObject\",\"inLanguage\":\"es\",\"@id\":\"http:\/\/vincentians.com\/es\/#\/schema\/person\/image\/\",\"url\":\"https:\/\/secure.gravatar.com\/avatar\/497d5cde87b4c3d097d0315953521681ba2cd523ee66e5077c3711f7021e65de?s=96&d=mm&r=g\",\"contentUrl\":\"https:\/\/secure.gravatar.com\/avatar\/497d5cde87b4c3d097d0315953521681ba2cd523ee66e5077c3711f7021e65de?s=96&d=mm&r=g\",\"caption\":\"Francisco Javier Fern\u00e1ndez Chento\"},\"description\":\"Director General y cofundador de La Red de Formaci\u00f3n Vicenciana. Javier es laico vicenciano, afiliado a la Congregaci\u00f3n de la Misi\u00f3n y miembro del Equipo de Misiones Populares de la provincia can\u00f3nica de Zaragoza (Espa\u00f1a) de la Congregaci\u00f3n de la Misi\u00f3n. Graduado en la Universidad Oberta de Catalunya con cuatro grados (Asistente de direcci\u00f3n, Gesti\u00f3n Administrativa, Recursos Humanos y Contabilidad Avanzada). Bil\u00edng\u00fce Espa\u00f1ol\/Ingl\u00e9s. gestiona y mantiene varias p\u00e1ginas web cristianas y vicencianas, incluida including La Red de Formaci\u00f3n Vicenciana, de la que es cofundador. Actualmente es responsable del \u00e1rea de Espa\u00f1ol de .famvin, la Red de Noticias de la Familia Vicenciana. Tambi\u00e9n es m\u00fasico cat\u00f3lico y ha editado varios discos. Es Director General y cofundador de Trovador, una reconocida compa\u00f1\u00eda discogr\u00e1fica critiana de Espa\u00f1a. Trabaja en las Tecnolog\u00edas de la Informaci\u00f3n, ofreciendo servicios de alojamiento, dise\u00f1o y mantenimiento Web, as\u00ed como asesoramiento, formaci\u00f3n y soluciones inform\u00e1ticas, gesti\u00f3n documental y digitalizaci\u00f3n de textos, edici\u00f3n y maquetaci\u00f3n de libros, revistas, flyers, etc.\",\"sameAs\":[\"http:\/\/chento.org\",\"https:\/\/www.facebook.com\/JavierChento\",\"https:\/\/x.com\/https:\/\/twitter.com\/javierchento\"],\"url\":\"https:\/\/vincentians.com\/es\/author\/chento\/\"}]}<\/script>\n<!-- \/ Yoast SEO plugin. -->","yoast_head_json":{"title":"Voluntad de Dios y \u00abpraxis\u00bb vicenciana - Somos Vicencianos","robots":{"index":"index","follow":"follow","max-snippet":"max-snippet:-1","max-image-preview":"max-image-preview:large","max-video-preview":"max-video-preview:-1"},"canonical":"http:\/\/vincentians.com\/es\/voluntad-de-dios-y-praxis-vicenciana\/","og_locale":"es_ES","og_type":"article","og_title":"Voluntad de Dios y \u00abpraxis\u00bb vicenciana - Somos Vicencianos","og_description":"Discernir significa analizar y juzgar los motivos, los fines y los medios de la acci\u00f3n, en la que el hombre ejercita su inteli\u00adgencia, su juicio y su libertad. En el lenguaje de la fe cristiana, ... Read More","og_url":"http:\/\/vincentians.com\/es\/voluntad-de-dios-y-praxis-vicenciana\/","og_site_name":"Somos Vicencianos","article_publisher":"https:\/\/www.facebook.com\/WeAreVincentians\/","article_author":"https:\/\/www.facebook.com\/JavierChento","article_published_time":"2015-02-04T03:15:54+00:00","article_modified_time":"2016-07-26T17:18:00+00:00","author":"Francisco Javier Fern\u00e1ndez Chento","twitter_card":"summary_large_image","twitter_creator":"@https:\/\/twitter.com\/javierchento","twitter_site":"@WeVincentians","twitter_misc":{"Escrito por":"Francisco Javier Fern\u00e1ndez Chento","Tiempo de lectura":"42 minutos"},"schema":{"@context":"https:\/\/schema.org","@graph":[{"@type":"Article","@id":"http:\/\/vincentians.com\/es\/voluntad-de-dios-y-praxis-vicenciana\/#article","isPartOf":{"@id":"http:\/\/vincentians.com\/es\/voluntad-de-dios-y-praxis-vicenciana\/"},"author":{"name":"Francisco Javier Fern\u00e1ndez Chento","@id":"http:\/\/vincentians.com\/es\/#\/schema\/person\/9623ef4d9aa3b2dfb8c061f1499288f2"},"headline":"Voluntad de Dios y \u00abpraxis\u00bb vicenciana","datePublished":"2015-02-04T03:15:54+00:00","dateModified":"2016-07-26T17:18:00+00:00","mainEntityOfPage":{"@id":"http:\/\/vincentians.com\/es\/voluntad-de-dios-y-praxis-vicenciana\/"},"wordCount":8372,"commentCount":0,"publisher":{"@id":"http:\/\/vincentians.com\/es\/#organization"},"image":{"@id":"http:\/\/vincentians.com\/es\/voluntad-de-dios-y-praxis-vicenciana\/#primaryimage"},"thumbnailUrl":"","keywords":["Abelly","Argel","Duquesa de Aiguillon","Gondi","Pobreza","T\u00fanez"],"articleSection":["Formaci\u00f3n Vicenciana"],"inLanguage":"es","potentialAction":[{"@type":"CommentAction","name":"Comment","target":["http:\/\/vincentians.com\/es\/voluntad-de-dios-y-praxis-vicenciana\/#respond"]}]},{"@type":"WebPage","@id":"http:\/\/vincentians.com\/es\/voluntad-de-dios-y-praxis-vicenciana\/","url":"http:\/\/vincentians.com\/es\/voluntad-de-dios-y-praxis-vicenciana\/","name":"Voluntad de Dios y \u00abpraxis\u00bb vicenciana - Somos Vicencianos","isPartOf":{"@id":"http:\/\/vincentians.com\/es\/#website"},"primaryImageOfPage":{"@id":"http:\/\/vincentians.com\/es\/voluntad-de-dios-y-praxis-vicenciana\/#primaryimage"},"image":{"@id":"http:\/\/vincentians.com\/es\/voluntad-de-dios-y-praxis-vicenciana\/#primaryimage"},"thumbnailUrl":"","datePublished":"2015-02-04T03:15:54+00:00","dateModified":"2016-07-26T17:18:00+00:00","breadcrumb":{"@id":"http:\/\/vincentians.com\/es\/voluntad-de-dios-y-praxis-vicenciana\/#breadcrumb"},"inLanguage":"es","potentialAction":[{"@type":"ReadAction","target":["http:\/\/vincentians.com\/es\/voluntad-de-dios-y-praxis-vicenciana\/"]}]},{"@type":"ImageObject","inLanguage":"es","@id":"http:\/\/vincentians.com\/es\/voluntad-de-dios-y-praxis-vicenciana\/#primaryimage","url":"","contentUrl":""},{"@type":"BreadcrumbList","@id":"http:\/\/vincentians.com\/es\/voluntad-de-dios-y-praxis-vicenciana\/#breadcrumb","itemListElement":[{"@type":"ListItem","position":1,"name":"Portada","item":"http:\/\/vincentians.com\/es\/"},{"@type":"ListItem","position":2,"name":"Voluntad de Dios y \u00abpraxis\u00bb vicenciana"}]},{"@type":"WebSite","@id":"http:\/\/vincentians.com\/es\/#website","url":"http:\/\/vincentians.com\/es\/","name":"Somos Vicencianos","description":"Know more to serve more","publisher":{"@id":"http:\/\/vincentians.com\/es\/#organization"},"potentialAction":[{"@type":"SearchAction","target":{"@type":"EntryPoint","urlTemplate":"http:\/\/vincentians.com\/es\/?s={search_term_string}"},"query-input":{"@type":"PropertyValueSpecification","valueRequired":true,"valueName":"search_term_string"}}],"inLanguage":"es"},{"@type":"Organization","@id":"http:\/\/vincentians.com\/es\/#organization","name":"The Vincentian Network","url":"http:\/\/vincentians.com\/es\/","logo":{"@type":"ImageObject","inLanguage":"es","@id":"http:\/\/vincentians.com\/es\/#\/schema\/logo\/image\/","url":"https:\/\/i1.wp.com\/vincentians.com\/es\/wp-content\/uploads\/sites\/11\/2016\/06\/Vincentian-Network-logo-big.png?fit=778%2C778","contentUrl":"https:\/\/i1.wp.com\/vincentians.com\/es\/wp-content\/uploads\/sites\/11\/2016\/06\/Vincentian-Network-logo-big.png?fit=778%2C778","width":778,"height":778,"caption":"The Vincentian Network"},"image":{"@id":"http:\/\/vincentians.com\/es\/#\/schema\/logo\/image\/"},"sameAs":["https:\/\/www.facebook.com\/WeAreVincentians\/","https:\/\/x.com\/WeVincentians"]},{"@type":"Person","@id":"http:\/\/vincentians.com\/es\/#\/schema\/person\/9623ef4d9aa3b2dfb8c061f1499288f2","name":"Francisco Javier Fern\u00e1ndez Chento","image":{"@type":"ImageObject","inLanguage":"es","@id":"http:\/\/vincentians.com\/es\/#\/schema\/person\/image\/","url":"https:\/\/secure.gravatar.com\/avatar\/497d5cde87b4c3d097d0315953521681ba2cd523ee66e5077c3711f7021e65de?s=96&d=mm&r=g","contentUrl":"https:\/\/secure.gravatar.com\/avatar\/497d5cde87b4c3d097d0315953521681ba2cd523ee66e5077c3711f7021e65de?s=96&d=mm&r=g","caption":"Francisco Javier Fern\u00e1ndez Chento"},"description":"Director General y cofundador de La Red de Formaci\u00f3n Vicenciana. Javier es laico vicenciano, afiliado a la Congregaci\u00f3n de la Misi\u00f3n y miembro del Equipo de Misiones Populares de la provincia can\u00f3nica de Zaragoza (Espa\u00f1a) de la Congregaci\u00f3n de la Misi\u00f3n. Graduado en la Universidad Oberta de Catalunya con cuatro grados (Asistente de direcci\u00f3n, Gesti\u00f3n Administrativa, Recursos Humanos y Contabilidad Avanzada). Bil\u00edng\u00fce Espa\u00f1ol\/Ingl\u00e9s. gestiona y mantiene varias p\u00e1ginas web cristianas y vicencianas, incluida including La Red de Formaci\u00f3n Vicenciana, de la que es cofundador. Actualmente es responsable del \u00e1rea de Espa\u00f1ol de .famvin, la Red de Noticias de la Familia Vicenciana. Tambi\u00e9n es m\u00fasico cat\u00f3lico y ha editado varios discos. Es Director General y cofundador de Trovador, una reconocida compa\u00f1\u00eda discogr\u00e1fica critiana de Espa\u00f1a. Trabaja en las Tecnolog\u00edas de la Informaci\u00f3n, ofreciendo servicios de alojamiento, dise\u00f1o y mantenimiento Web, as\u00ed como asesoramiento, formaci\u00f3n y soluciones inform\u00e1ticas, gesti\u00f3n documental y digitalizaci\u00f3n de textos, edici\u00f3n y maquetaci\u00f3n de libros, revistas, flyers, etc.","sameAs":["http:\/\/chento.org","https:\/\/www.facebook.com\/JavierChento","https:\/\/x.com\/https:\/\/twitter.com\/javierchento"],"url":"https:\/\/vincentians.com\/es\/author\/chento\/"}]}},"jetpack_publicize_connections":[],"jetpack_featured_media_url":"","jetpack_sharing_enabled":true,"jetpack_shortlink":"https:\/\/wp.me\/p7ETMF-bPe","jetpack-related-posts":[{"id":116700,"url":"https:\/\/vincentians.com\/es\/caridad-en-san-vicente-de-paul\/","url_meta":{"origin":45460,"position":0},"title":"Caridad en San Vicente de Pa\u00fal","author":"Francisco Javier Fern\u00e1ndez Chento","date":"26\/10\/2018","format":false,"excerpt":"Introducci\u00f3n Hablar de la caridad en Vicente de Pa\u00fal en esta semana de Estudios Vicencianos significa hacer una \"relectura\" de la misma. Esta relectura implica no una simple exposici\u00f3n de lo que dijo e hizo Vicente de Pa\u00fal referente a la caridad, sino un volver a leer su ense\u00f1anza y\u2026","rel":"","context":"En \u00abFormaci\u00f3n Vicenciana\u00bb","block_context":{"text":"Formaci\u00f3n Vicenciana","link":"https:\/\/vincentians.com\/es\/category\/formacion-vicenciana\/"},"img":{"alt_text":"","src":"https:\/\/i0.wp.com\/vincentians.com\/es\/wp-content\/uploads\/sites\/11\/2017\/07\/San-Vicente-7.jpg?fit=600%2C416&ssl=1&resize=350%2C200","width":350,"height":200,"srcset":"https:\/\/i0.wp.com\/vincentians.com\/es\/wp-content\/uploads\/sites\/11\/2017\/07\/San-Vicente-7.jpg?fit=600%2C416&ssl=1&resize=350%2C200 1x, https:\/\/i0.wp.com\/vincentians.com\/es\/wp-content\/uploads\/sites\/11\/2017\/07\/San-Vicente-7.jpg?fit=600%2C416&ssl=1&resize=525%2C300 1.5x"},"classes":[]},{"id":119708,"url":"https:\/\/vincentians.com\/es\/el-senor-vicente-relee-su-vida-todo-entregado-a-dios\/","url_meta":{"origin":45460,"position":1},"title":"El Se\u00f1or Vicente relee su vida: \u201cTodo entregado a Dios\u201d","author":"Francisco Javier Fern\u00e1ndez Chento","date":"29\/03\/2022","format":false,"excerpt":"1618: se pasa una p\u00e1gina grande\u2026 Despu\u00e9s de una larga preparaci\u00f3n, hab\u00eda encontrado confirmaci\u00f3n de mi camino: \"entregado a Dios tras los pasos de Jesucristo, para el servicio de los pobres\". Este movimiento de entrega, prometido en 1615 o 1616, hab\u00eda coincidido con la desaparici\u00f3n de las tentaciones contra la\u2026","rel":"","context":"En \u00abVicente de Pa\u00fal\u00bb","block_context":{"text":"Vicente de Pa\u00fal","link":"https:\/\/vincentians.com\/es\/category\/la-familia-vicenciana\/fundadores\/vicente-de-paul\/"},"img":{"alt_text":"","src":"https:\/\/i0.wp.com\/vincentians.com\/es\/wp-content\/uploads\/sites\/11\/2013\/04\/f-7-scaled.jpg?fit=1200%2C570&ssl=1&resize=350%2C200","width":350,"height":200,"srcset":"https:\/\/i0.wp.com\/vincentians.com\/es\/wp-content\/uploads\/sites\/11\/2013\/04\/f-7-scaled.jpg?fit=1200%2C570&ssl=1&resize=350%2C200 1x, https:\/\/i0.wp.com\/vincentians.com\/es\/wp-content\/uploads\/sites\/11\/2013\/04\/f-7-scaled.jpg?fit=1200%2C570&ssl=1&resize=525%2C300 1.5x, https:\/\/i0.wp.com\/vincentians.com\/es\/wp-content\/uploads\/sites\/11\/2013\/04\/f-7-scaled.jpg?fit=1200%2C570&ssl=1&resize=700%2C400 2x, https:\/\/i0.wp.com\/vincentians.com\/es\/wp-content\/uploads\/sites\/11\/2013\/04\/f-7-scaled.jpg?fit=1200%2C570&ssl=1&resize=1050%2C600 3x"},"classes":[]},{"id":386892,"url":"https:\/\/vincentians.com\/es\/volver-a-jesus-para-evangelizar\/","url_meta":{"origin":45460,"position":2},"title":"Volver a Jes\u00fas para evangelizar","author":"Francisco Javier Fern\u00e1ndez Chento","date":"25\/01\/2016","format":false,"excerpt":"Me alegra inmensamente que la pr\u00f3xima Asamblea de la Congregaci\u00f3n de la Misi\u00f3n tenga como tema de reflexi\u00f3n y motivaci\u00f3n un asunto que tiene que ver con su identidad apost\u00f3lica: la Nueva Evangelizaci\u00f3n. Conviene, sin embargo, recordar que la evangelizaci\u00f3n tiene un gran supuesto: la contemplaci\u00f3n de Cristo enviado por\u2026","rel":"","context":"En \u00abFormaci\u00f3n Vicenciana\u00bb","block_context":{"text":"Formaci\u00f3n Vicenciana","link":"https:\/\/vincentians.com\/es\/category\/formacion-vicenciana\/"},"img":{"alt_text":"hora de evangelizar","src":"https:\/\/i0.wp.com\/vicencianos.org\/wp-content\/uploads\/2016\/01\/hora-de-evangelizar-300x283.jpg?resize=350%2C200","width":350,"height":200},"classes":[]},{"id":119750,"url":"https:\/\/vincentians.com\/es\/el-senor-vicente-relee-su-vida-hombres-de-oracion\/","url_meta":{"origin":45460,"position":3},"title":"El Se\u00f1or Vicente relee su vida: Hombres de oraci\u00f3n","author":"Francisco Javier Fern\u00e1ndez Chento","date":"06\/05\/2013","format":false,"excerpt":"En medio de tantas ocupaciones, he puesto todo el inter\u00e9s en seguir fiel al estudio, especialmente en teolog\u00eda. Hubo en particular que hacer frente a las teor\u00edas de Ba\u00efus despu\u00e9s de Jansenio y Arnaud. En efecto, en 1637 yo hab\u00eda tenido que adoptar postura, pero fue sobre todo a partir\u2026","rel":"","context":"En \u00abVicente de Pa\u00fal\u00bb","block_context":{"text":"Vicente de Pa\u00fal","link":"https:\/\/vincentians.com\/es\/category\/la-familia-vicenciana\/fundadores\/vicente-de-paul\/"},"img":{"alt_text":"","src":"","width":0,"height":0},"classes":[]},{"id":117335,"url":"https:\/\/vincentians.com\/es\/evangelizar-siguiendo-a-san-vicente\/","url_meta":{"origin":45460,"position":4},"title":"Evangelizar siguiendo a san Vicente","author":"Francisco Javier Fern\u00e1ndez Chento","date":"14\/11\/2018","format":false,"excerpt":"Una de las opciones en Misiones Populares, tal y como lo hacemos los vicencianos, es el trabajo en equipo, que se compone de Consagrados (Pa\u00fales, Hijas de la Caridad, sacerdotes diocesanos\u2026) y Seglares Vicencianos. No lo hacemos as\u00ed por \"moda\", sino que es una de las urgencias en nuestra sociedad\u2026","rel":"","context":"En \u00abFormaci\u00f3n Vicenciana\u00bb","block_context":{"text":"Formaci\u00f3n Vicenciana","link":"https:\/\/vincentians.com\/es\/category\/formacion-vicenciana\/"},"img":{"alt_text":"","src":"https:\/\/i0.wp.com\/vincentians.com\/es\/wp-content\/uploads\/sites\/11\/2016\/09\/sencillos-como-palomas.jpg?fit=1200%2C630&ssl=1&resize=350%2C200","width":350,"height":200,"srcset":"https:\/\/i0.wp.com\/vincentians.com\/es\/wp-content\/uploads\/sites\/11\/2016\/09\/sencillos-como-palomas.jpg?fit=1200%2C630&ssl=1&resize=350%2C200 1x, https:\/\/i0.wp.com\/vincentians.com\/es\/wp-content\/uploads\/sites\/11\/2016\/09\/sencillos-como-palomas.jpg?fit=1200%2C630&ssl=1&resize=525%2C300 1.5x, https:\/\/i0.wp.com\/vincentians.com\/es\/wp-content\/uploads\/sites\/11\/2016\/09\/sencillos-como-palomas.jpg?fit=1200%2C630&ssl=1&resize=700%2C400 2x, https:\/\/i0.wp.com\/vincentians.com\/es\/wp-content\/uploads\/sites\/11\/2016\/09\/sencillos-como-palomas.jpg?fit=1200%2C630&ssl=1&resize=1050%2C600 3x"},"classes":[]},{"id":119753,"url":"https:\/\/vincentians.com\/es\/el-senor-vicente-relee-su-vida-calderon-y-epilogo\/","url_meta":{"origin":45460,"position":5},"title":"El Se\u00f1or Vicente relee su vida: Calder\u00f3n y Ep\u00edlogo","author":"Francisco Javier Fern\u00e1ndez Chento","date":"10\/05\/2013","format":false,"excerpt":"Fue en estos d\u00edas cuando se operaba en m\u00ed los que es tal vez la m\u00e1s profunda acci\u00f3n de la gracia\u2026 el mayor desprendimiento\u2026Me daba cuenta que la cruz marca inevitablemente y la vida de quien se da a Jesucristo, y la historia de su Iglesia. Y no obstante, al\u2026","rel":"","context":"En \u00abVicente de Pa\u00fal\u00bb","block_context":{"text":"Vicente de Pa\u00fal","link":"https:\/\/vincentians.com\/es\/category\/la-familia-vicenciana\/fundadores\/vicente-de-paul\/"},"img":{"alt_text":"","src":"","width":0,"height":0},"classes":[]}],"_links":{"self":[{"href":"https:\/\/vincentians.com\/es\/wp-json\/wp\/v2\/posts\/45460","targetHints":{"allow":["GET"]}}],"collection":[{"href":"https:\/\/vincentians.com\/es\/wp-json\/wp\/v2\/posts"}],"about":[{"href":"https:\/\/vincentians.com\/es\/wp-json\/wp\/v2\/types\/post"}],"author":[{"embeddable":true,"href":"https:\/\/vincentians.com\/es\/wp-json\/wp\/v2\/users\/4"}],"replies":[{"embeddable":true,"href":"https:\/\/vincentians.com\/es\/wp-json\/wp\/v2\/comments?post=45460"}],"version-history":[{"count":0,"href":"https:\/\/vincentians.com\/es\/wp-json\/wp\/v2\/posts\/45460\/revisions"}],"wp:featuredmedia":[{"embeddable":true,"href":"https:\/\/vincentians.com\/es\/wp-json\/"}],"wp:attachment":[{"href":"https:\/\/vincentians.com\/es\/wp-json\/wp\/v2\/media?parent=45460"}],"wp:term":[{"taxonomy":"category","embeddable":true,"href":"https:\/\/vincentians.com\/es\/wp-json\/wp\/v2\/categories?post=45460"},{"taxonomy":"post_tag","embeddable":true,"href":"https:\/\/vincentians.com\/es\/wp-json\/wp\/v2\/tags?post=45460"}],"curies":[{"name":"wp","href":"https:\/\/api.w.org\/{rel}","templated":true}]}}