{"id":45310,"date":"2011-07-05T05:46:29","date_gmt":"2011-07-05T03:46:29","guid":{"rendered":"http:\/\/somos.vicencianos.org\/?p=45310"},"modified":"2016-07-26T18:55:25","modified_gmt":"2016-07-26T16:55:25","slug":"la-carta-enciclica-de-benedicto-xvi-deus-caritas-est-y-su-recepcion-en-africa","status":"publish","type":"post","link":"https:\/\/vincentians.com\/es\/la-carta-enciclica-de-benedicto-xvi-deus-caritas-est-y-su-recepcion-en-africa\/","title":{"rendered":"La carta Enc\u00edclica de Benedicto XVI \u201cDeus Caritas Est\u201d y su recepci\u00f3n en \u00c1frica"},"content":{"rendered":"<h2><strong>Premisa<\/strong><\/h2>\n<p><a href=\"https:\/\/i0.wp.com\/vicencianos.org\/wp-content\/2011\/07\/Africa.jpg\"><img data-recalc-dims=\"1\" loading=\"lazy\" decoding=\"async\" class=\"alignright size-medium wp-image-45311\" title=\"Africa\" src=\"https:\/\/i0.wp.com\/vicencianos.org\/wp-content\/2011\/07\/Africa-273x300.jpg?resize=273%2C300\" alt=\"\" width=\"273\" height=\"300\" \/><\/a>Todos sabemos qui\u00e9n era Juan Pablo II y conocemos su impacto e influencia sobre el camino de la fe de mucha gente: laicos y religio\u00adsos, creyentes y no creyentes. \u00c9l era una figura sorprendente, un padre atractivo y amable. Un padre para todos los hombres y muje\u00adres, y especialmente, un padre y l\u00edder para la juventud.<\/p>\n<p>Desde la elecci\u00f3n del Papa Benedicto XVI, el 19 de abril de 2005, muchos individuos y grupos se han estado cuestionando \u00bfqu\u00e9 va a pasar y c\u00f3mo va a ser su papado? \u00bfQu\u00e9 va a significar para nosotros, como individuos y grupos? \u00bfQu\u00e9 influencia e impacto tendr\u00e1 este reconocido y brillante te\u00f3logo, t\u00edmido, humilde hombre de Dios J\u00f3zef Ratzinger, ahora Papa Benedicto XVI en nuestra Iglesia y en la socie\u00addad del mundo entero? Estas eran las inquietudes de muchas perso\u00adnas, al menos eso creo. La mayor\u00eda de estas inquietudes destacan sobre el tel\u00f3n de fondo del legado que dej\u00f3 el Papa Juan Pablo II. Interpretando el sentir de muchos africanos, cuando todas las cere\u00admonias hab\u00edan terminado, millones de ellos estaban esperando que un Papa de raza negra apareciera por el balc\u00f3n de la Bas\u00edlica de San Pedro. Pero simplemente no pas\u00f3 porque el tiempo todav\u00eda no lo permite o no es la voluntad de Dios, cabe mencionar que los africa\u00adnos no est\u00e1n descontentos por la elecci\u00f3n de Benedicto XVI, al con\u00adtrario consideran que \u00c9l es el designado (Providencia de Dios). Lo que viene del Se\u00f1or siempre es bueno para la Iglesia y para nuestra sociedad.<\/p>\n<h2><strong>I. Esperanzas y deseos de los africanos hacia el Papado de Benedicto XVI<\/strong><\/h2>\n<p>\u00bfCu\u00e1les son las esperanzas de nosotros los africanos en referen\u00adcia al papado de Benedicto XVI?<span id='easy-footnote-1-45310' class='easy-footnote-margin-adjust'><\/span><span class='easy-footnote'><a href='https:\/\/vincentians.com\/es\/la-carta-enciclica-de-benedicto-xvi-deus-caritas-est-y-su-recepcion-en-africa\/#easy-footnote-bottom-1-45310' title='Recapacitando yo mismo como africano, ser\u00e1 dif\u00edcil hablar por  todos  ellos. Despu\u00e9s de todo, \u00c1frica no es un pueblito, tampoco un  pa\u00eds, sino  un extenso continente con variedad de esperanzas y  expectativas. Por  eso, el lector de este art\u00edculo debe estar advertido  de sus  limitaciones. Yo soy un vicentino eritreo y, hablando de mis   compatriotas africanos, no tengo nin\u00adguna pretensi\u00f3n, sino simplemente   pongo mis pensamientos personales aqu\u00ed y no represento a ninguno de mis   compatriotas africanos.'><sup>1<\/sup><\/a><\/span> \u00bfY qu\u00e9 relaci\u00f3n tiene la primera carta Enc\u00edclica de Benedicto XVI con nuestras esperanzas y deseos? \u00bfC\u00f3mo comprender esta carta Enc\u00edclica, sencilla y teol\u00f3gicamente profunda?<\/p>\n<p>Primero que nada, d\u00e9jenme clarificar que la verdadera preocupa\u00adci\u00f3n o el reto, no es lo que el papado de Benedicto har\u00e1 en favor de nuestro continente, sino qu\u00e9 forma va a tomar la gu\u00eda de la Iglesia Cat\u00f3lica en \u00c1frica para crear las condiciones necesarias para un cam\u00adbio mod\u00e9lico en todos los frentes. Todos recordamos que cuando el Papa Juan Pablo II lleg\u00f3 a la sede de San Pedro, Roma simb\u00f3lica\u00admente derrumb\u00f3 el muro de Berl\u00edn. Despu\u00e9s de tanto tiempo de con\u00adflictos y divisiones, el comunismo y el apartheid, gracias a Dios, se acabaron.<\/p>\n<p>El com\u00fan de los ciudadanos africanos y buenos cristianos sue\u00ad\u00f1an, a\u00fan con ojos abiertos, en ver erradicadas de su continente amado todas estas desgracias: la pobreza causada principalmente por el hombre a causa de la guerra, la parcial o totalidad dependencia de otros (o tambi\u00e9n los problemas de la auto-dependencia), la dictadura, la corrupci\u00f3n, las deudas inacabables, los conflictos entre tribus, la falta de respeto por la vida humana y la discriminaci\u00f3n sexual (espe\u00adcialmente contra las mujeres), etc. \u00c1frica necesita asimilar los valores cristianos para as\u00ed poder transformar los suyos propios. Para poder hacer esto, necesita la voz moral de sus hijos e hijas unida a la del Papa Benedicto XVI.<\/p>\n<p>Por otra parte, la Iglesia Cat\u00f3lica africana necesita de la voz pro\u00advocadora y fuerte del Papa, de su apoyo y de su inspiraci\u00f3n para lograr: fortaleza y una cultura integrada a la fe en Cristo; modificar la cultura africana a trav\u00e9s de la persona de Cristo; tener un clero muy bien formado, con un comportamiento moral s\u00f3lido, unido a un firme testimonio de vida. Lo que necesita nuestra Iglesia, creo yo, es tener una clara conciencia de Cristo y una aceptaci\u00f3n radical de sus ense\u00f1anzas. En muchos de los casos nos damos cuenta de que no es fe cat\u00f3lica la que gu\u00eda nuestro comportamiento moral sino la tradi\u00adci\u00f3n y costumbres de nuestros ancestros. Por eso, la Iglesia de \u00c1frica y especialmente su clero, necesitan definir claramente su vocaci\u00f3n, su identidad cristiana y sus formas de vida como cristianos. La amistad radical con Jes\u00fas, por tanto, es necesaria para la Iglesia de \u00c1frica, sin ninguna sombra de duda, en cuanto a su vida de fe, celi\u00adbato o tribalismo (\u00e9sta \u00faltima, una estrecha y muy limitada manera de ver las cosas). La Iglesia africana y su clero necesitan luchar con\u00adtra estas limitaciones, tratando de superarlas, con la ayuda de Dios, y el apoyo expl\u00edcito del Vicario de Cristo, Benedicto XVI.<\/p>\n<h2><strong>II. \u00bfResponde la \u00abDeus Caritas est\u00bb a las expectativas y los retos de la Iglesia en \u00c1frica?<\/strong><\/h2>\n<p>El Papa Benedicto XVI quiere recordarnos que Dios es Amor, as\u00ed como Juan el evangelista lo hizo. Juan presenta a Dios como amor en un mundo lleno de conflictos; esto mismo hace el Santo Padre. Yo dir\u00eda que el Papa ha elegido un titulo significativo en el coraz\u00f3n de la fe cat\u00f3lica: <em>Dios es Amor. <\/em>\u00c9l cree que la revoluci\u00f3n m\u00e1s poderosa es creer en el Amor-Poder de Dios, como los ap\u00f3stoles hicieron. Si noso\u00adtros creemos en el Amor, \u00e9sta es la respuesta a nuestros interrogantes y, definitivamente podremos enfrentar los retos. Como resultado, yo personalmente tengo una clara impresi\u00f3n de que la carta Enc\u00edclica es la respuesta perfecta a todas nuestras expectativas. La segunda parte de esta Enc\u00edclica se refiere al <em>amor efectivo. <\/em>Es un recordatorio y una clara indicaci\u00f3n del camino que la Iglesia Cat\u00f3lica debe tomar. <em>\u00abDios es Amor\u00bb, <\/em>la Iglesia es la familia de Dios, y por esa raz\u00f3n, comuni\u00f3n en el Amor. San Agust\u00edn lo expres\u00f3 claramente: \u00abSi ves la caridad, entonces ves a la Trinidad\u00bb (cf., DCE, 19). Amor y caridad hacia todos como en la par\u00e1bola del Buen Samaritano, dice el Papa, pero tambi\u00e9n a nuestros hermanos en la fe (Gal 6,10). Cada uno de los fieles y la comunidad eclesial en su totalidad, cada cual a su nivel, tiene la responsabilidad de amar a su pr\u00f3jimo. Siguiendo las huellas de San Vicente, el Santo Padre nos recuerda que el <em>amor debe de ser organizado si ha de ser un servicio a la comunidad. <\/em>El Papa justa\u00admente nos recuerda que la naturaleza de la iglesia se expresa en el hecho de ser <em>koinonia, kerigma\/liturgia y diaconia.<\/em><\/p>\n<p style=\"padding-left: 30px\"><em>La Iglesia es la familia de Dios en la tierra. Y esta familia no debe haber nadie que sufra por falta de lo necesario. Pero, al mismo tiempo, la caritas-\u00e1gape supera los confines de la Igle\u00adsia; la par\u00e1bola del Buen Samaritano sigue siendo el criterio de comportamiento y muestra la universalidad del amor que se di\u00adrige hacia el necesitado encontrado \u00abcasualmente\u00bb (Lc. 10,31), quienquiera que sea&#8230; <\/em>(DCE, 25).<em><\/em><\/p>\n<p>Esta carta Enc\u00edclica nos exhorta, como lo hace la Iglesia Cat\u00f3lica universal, a estar comprometidos y trabajar por la justicia:<\/p>\n<p style=\"padding-left: 30px\"><em>\u00ab&#8230; el empe\u00f1o por el orden justo del Estado y la sociedad, por un lado, y, por otro, la actividad caritativa organizada. Ya se ha dicho que el establecimiento de estructuras justas no es un cometido inmediato de la Iglesia, sino que pertenece a la esfera de la pol\u00edtica, es decir, de la raz\u00f3n auto responsable. En esto, la tarea de la Iglesia es mediata, ya que le corresponde contri\u00adbuir a la purificaci\u00f3n de la raz\u00f3n y reavivar las fuerzas mora\u00adles, sin lo cual no se instauran estructuras justas, ni \u00e9stas pueden ser operativas a largo plazo\u00bb <\/em>(DCE, 29).<em><\/em><\/p>\n<p>El Papa nos advierte que la actividad caritativa debe ser indepen\u00addiente de partidos e ideolog\u00edas. La segunda parte de la carta Enc\u00ed\u00adclica trata de diversos aspectos que yo considero retos para nuestro modo de llevar a cabo la acci\u00f3n caritativa. Es obvio que esto no est\u00e1 dirigido directa o particularmente a la Iglesia africana, pero s\u00ed es un reto mayor para nosotros que para todas las dem\u00e1s. Para el Santo Padre, <em>el amor verdadero, <\/em>basado en el himno de Pablo a la Caridad\/ Amor en 1 Corintios 13, el cual \u00e9l mismo considera una s\u00edntesis de su Enc\u00edclica, transforma igualmente a los individuos y a la sociedad. Si los africanos creyeran en un Dios-Amor y actuaran en conformidad con esto, no habr\u00eda:<\/p>\n<ul>\n<li>pobreza causada por la guerra, o un orden social injusto y falta de respeto a la vida;<\/li>\n<li>abusos o el uso indebido de la autoridad o dictaduras, gran enfermedad de tantas naciones africanas, a cuyos gobernantes los ciega el dinero y el poder;<\/li>\n<li>corrupci\u00f3n, bajo amor propio <em>(amor propre); <\/em>\u2212 conflictos entre tribus y discriminaci\u00f3n;<\/li>\n<li>abusos sexuales o discriminaci\u00f3n, especialmente contra la mujer, y muchos temas m\u00e1s.<\/li>\n<\/ul>\n<p><em>\u00abDeus Caritase est\u00bb <\/em>es tambi\u00e9n un reto a la Iglesia africana a ser:<em><\/em><\/p>\n<ul>\n<li>eficiente y transparente: el Papa aboga por transparencia y efectividad en las actividades de caridad. \u00c9l nos recuer\u00adda servir a los pobres fielmente, as\u00ed como Vicente nos hubiera dicho hoy en d\u00eda, como la Familia Vicentina;<\/li>\n<li>Motivado por un amor y servicio cristianos para enfrentar al paganismo: el Santo Padre menciona a Juliano el ap\u00f3s\u00adtata para decirnos una simple pero gran verdad: el amor y el servicio cristiano verdaderos son siempre desaf\u00edos a un mundo secular o pagano y son las mejores formas de evangelizar. La Iglesia africana, como la universal, est\u00e1 llamada a mantener un equilibrio entre el activismo y des\u00adaliento ante las dif\u00edciles tareas que tiene que desempe\u00f1ar, y la vida de oraci\u00f3n. El mensaje m\u00e1s importante del Santo Padre parece ser: <strong>\u00a1Queridos fieles y clero de \u00c1frica, per\u00admanezcan en al amor, porque el amor y el servicio a Cristo es su verdadera vocaci\u00f3n!<\/strong><\/li>\n<\/ul>\n<p>Todo el mundo sabe que \u00c1frica est\u00e1 llena de tantos y enormes problemas que ser\u00eda dif\u00edcil enumerarlos todos. Pero el Papa nos ofrece una clave a nuestros desaf\u00edos: <strong><em>Amor. <\/em><\/strong><em>\u00abEl amor de Cristo nos apremia\u00bb <\/em>(2 Cor 5,14). Todos sabemos que el amor nunca falla. Por tanto, como nos dice el Papa, tenemos que creer seriamente y estar siempre unidos al Dios-Amor, orar fervientemente como Mar\u00eda la Madre de Dios lo hizo.<\/p>\n","protected":false},"excerpt":{"rendered":"<p>Premisa Todos sabemos qui\u00e9n era Juan Pablo II y conocemos su impacto e influencia sobre el camino de la fe de mucha gente: laicos y religio\u00adsos, creyentes y no creyentes. \u00c9l era una figura sorprendente, &#8230; <a href=\"https:\/\/vincentians.com\/es\/la-carta-enciclica-de-benedicto-xvi-deus-caritas-est-y-su-recepcion-en-africa\/\" class=\"more-link\">Read More<\/a><\/p>\n","protected":false},"author":4,"featured_media":45311,"comment_status":"open","ping_status":"open","sticky":false,"template":"","format":"standard","meta":{"jetpack_post_was_ever_published":false,"_jetpack_newsletter_access":"","_jetpack_dont_email_post_to_subs":false,"_jetpack_newsletter_tier_id":0,"_jetpack_memberships_contains_paywalled_content":false,"_jetpack_memberships_contains_paid_content":false,"footnotes":"","jetpack_publicize_message":"","jetpack_publicize_feature_enabled":true,"jetpack_social_post_already_shared":true,"jetpack_social_options":{"image_generator_settings":{"template":"highway","default_image_id":0,"font":"","enabled":false},"version":2}},"categories":[29],"tags":[],"class_list":["post-45310","post","type-post","status-publish","format-standard","has-post-thumbnail","hentry","category-formacion-cristiana"],"yoast_head":"<!-- This site is optimized with the Yoast SEO plugin v26.3 - https:\/\/yoast.com\/wordpress\/plugins\/seo\/ -->\n<title>La carta Enc\u00edclica de Benedicto XVI \u201cDeus Caritas Est\u201d y su recepci\u00f3n en \u00c1frica - Somos Vicencianos<\/title>\n<meta name=\"robots\" content=\"index, follow, max-snippet:-1, max-image-preview:large, max-video-preview:-1\" \/>\n<link rel=\"canonical\" href=\"https:\/\/vincentians.com\/es\/la-carta-enciclica-de-benedicto-xvi-deus-caritas-est-y-su-recepcion-en-africa\/\" \/>\n<meta property=\"og:locale\" content=\"es_ES\" \/>\n<meta property=\"og:type\" content=\"article\" \/>\n<meta property=\"og:title\" content=\"La carta Enc\u00edclica de Benedicto XVI \u201cDeus Caritas Est\u201d y su recepci\u00f3n en \u00c1frica - Somos Vicencianos\" \/>\n<meta property=\"og:description\" content=\"Premisa Todos sabemos qui\u00e9n era Juan Pablo II y conocemos su impacto e influencia sobre el camino de la fe de mucha gente: laicos y religio\u00adsos, creyentes y no creyentes. \u00c9l era una figura sorprendente, ... Read More\" \/>\n<meta property=\"og:url\" content=\"https:\/\/vincentians.com\/es\/la-carta-enciclica-de-benedicto-xvi-deus-caritas-est-y-su-recepcion-en-africa\/\" \/>\n<meta property=\"og:site_name\" content=\"Somos Vicencianos\" \/>\n<meta property=\"article:publisher\" content=\"https:\/\/www.facebook.com\/WeAreVincentians\/\" \/>\n<meta property=\"article:author\" content=\"https:\/\/www.facebook.com\/JavierChento\" \/>\n<meta property=\"article:published_time\" content=\"2011-07-05T03:46:29+00:00\" \/>\n<meta property=\"article:modified_time\" content=\"2016-07-26T16:55:25+00:00\" \/>\n<meta name=\"author\" content=\"Francisco Javier Fern\u00e1ndez Chento\" \/>\n<meta name=\"twitter:card\" content=\"summary_large_image\" \/>\n<meta name=\"twitter:creator\" content=\"@https:\/\/twitter.com\/javierchento\" \/>\n<meta name=\"twitter:site\" content=\"@WeVincentians\" \/>\n<meta name=\"twitter:label1\" content=\"Escrito por\" \/>\n\t<meta name=\"twitter:data1\" content=\"Francisco Javier Fern\u00e1ndez Chento\" \/>\n\t<meta name=\"twitter:label2\" content=\"Tiempo de lectura\" \/>\n\t<meta name=\"twitter:data2\" content=\"9 minutos\" \/>\n<script type=\"application\/ld+json\" class=\"yoast-schema-graph\">{\"@context\":\"https:\/\/schema.org\",\"@graph\":[{\"@type\":\"Article\",\"@id\":\"https:\/\/vincentians.com\/es\/la-carta-enciclica-de-benedicto-xvi-deus-caritas-est-y-su-recepcion-en-africa\/#article\",\"isPartOf\":{\"@id\":\"https:\/\/vincentians.com\/es\/la-carta-enciclica-de-benedicto-xvi-deus-caritas-est-y-su-recepcion-en-africa\/\"},\"author\":{\"name\":\"Francisco Javier Fern\u00e1ndez Chento\",\"@id\":\"http:\/\/vincentians.com\/es\/#\/schema\/person\/9623ef4d9aa3b2dfb8c061f1499288f2\"},\"headline\":\"La carta Enc\u00edclica de Benedicto XVI \u201cDeus Caritas Est\u201d y su recepci\u00f3n en \u00c1frica\",\"datePublished\":\"2011-07-05T03:46:29+00:00\",\"dateModified\":\"2016-07-26T16:55:25+00:00\",\"mainEntityOfPage\":{\"@id\":\"https:\/\/vincentians.com\/es\/la-carta-enciclica-de-benedicto-xvi-deus-caritas-est-y-su-recepcion-en-africa\/\"},\"wordCount\":1829,\"commentCount\":0,\"publisher\":{\"@id\":\"http:\/\/vincentians.com\/es\/#organization\"},\"image\":{\"@id\":\"https:\/\/vincentians.com\/es\/la-carta-enciclica-de-benedicto-xvi-deus-caritas-est-y-su-recepcion-en-africa\/#primaryimage\"},\"thumbnailUrl\":\"\",\"articleSection\":[\"Formaci\u00f3n Cristiana\"],\"inLanguage\":\"es\",\"potentialAction\":[{\"@type\":\"CommentAction\",\"name\":\"Comment\",\"target\":[\"https:\/\/vincentians.com\/es\/la-carta-enciclica-de-benedicto-xvi-deus-caritas-est-y-su-recepcion-en-africa\/#respond\"]}]},{\"@type\":\"WebPage\",\"@id\":\"https:\/\/vincentians.com\/es\/la-carta-enciclica-de-benedicto-xvi-deus-caritas-est-y-su-recepcion-en-africa\/\",\"url\":\"https:\/\/vincentians.com\/es\/la-carta-enciclica-de-benedicto-xvi-deus-caritas-est-y-su-recepcion-en-africa\/\",\"name\":\"La carta Enc\u00edclica de Benedicto XVI \u201cDeus Caritas Est\u201d y su recepci\u00f3n en \u00c1frica - Somos Vicencianos\",\"isPartOf\":{\"@id\":\"http:\/\/vincentians.com\/es\/#website\"},\"primaryImageOfPage\":{\"@id\":\"https:\/\/vincentians.com\/es\/la-carta-enciclica-de-benedicto-xvi-deus-caritas-est-y-su-recepcion-en-africa\/#primaryimage\"},\"image\":{\"@id\":\"https:\/\/vincentians.com\/es\/la-carta-enciclica-de-benedicto-xvi-deus-caritas-est-y-su-recepcion-en-africa\/#primaryimage\"},\"thumbnailUrl\":\"\",\"datePublished\":\"2011-07-05T03:46:29+00:00\",\"dateModified\":\"2016-07-26T16:55:25+00:00\",\"breadcrumb\":{\"@id\":\"https:\/\/vincentians.com\/es\/la-carta-enciclica-de-benedicto-xvi-deus-caritas-est-y-su-recepcion-en-africa\/#breadcrumb\"},\"inLanguage\":\"es\",\"potentialAction\":[{\"@type\":\"ReadAction\",\"target\":[\"https:\/\/vincentians.com\/es\/la-carta-enciclica-de-benedicto-xvi-deus-caritas-est-y-su-recepcion-en-africa\/\"]}]},{\"@type\":\"ImageObject\",\"inLanguage\":\"es\",\"@id\":\"https:\/\/vincentians.com\/es\/la-carta-enciclica-de-benedicto-xvi-deus-caritas-est-y-su-recepcion-en-africa\/#primaryimage\",\"url\":\"\",\"contentUrl\":\"\"},{\"@type\":\"BreadcrumbList\",\"@id\":\"https:\/\/vincentians.com\/es\/la-carta-enciclica-de-benedicto-xvi-deus-caritas-est-y-su-recepcion-en-africa\/#breadcrumb\",\"itemListElement\":[{\"@type\":\"ListItem\",\"position\":1,\"name\":\"Portada\",\"item\":\"http:\/\/vincentians.com\/es\/\"},{\"@type\":\"ListItem\",\"position\":2,\"name\":\"La carta Enc\u00edclica de Benedicto XVI \u201cDeus Caritas Est\u201d y su recepci\u00f3n en \u00c1frica\"}]},{\"@type\":\"WebSite\",\"@id\":\"http:\/\/vincentians.com\/es\/#website\",\"url\":\"http:\/\/vincentians.com\/es\/\",\"name\":\"Somos Vicencianos\",\"description\":\"Know more to serve more\",\"publisher\":{\"@id\":\"http:\/\/vincentians.com\/es\/#organization\"},\"potentialAction\":[{\"@type\":\"SearchAction\",\"target\":{\"@type\":\"EntryPoint\",\"urlTemplate\":\"http:\/\/vincentians.com\/es\/?s={search_term_string}\"},\"query-input\":{\"@type\":\"PropertyValueSpecification\",\"valueRequired\":true,\"valueName\":\"search_term_string\"}}],\"inLanguage\":\"es\"},{\"@type\":\"Organization\",\"@id\":\"http:\/\/vincentians.com\/es\/#organization\",\"name\":\"The Vincentian Network\",\"url\":\"http:\/\/vincentians.com\/es\/\",\"logo\":{\"@type\":\"ImageObject\",\"inLanguage\":\"es\",\"@id\":\"http:\/\/vincentians.com\/es\/#\/schema\/logo\/image\/\",\"url\":\"https:\/\/i1.wp.com\/vincentians.com\/es\/wp-content\/uploads\/sites\/11\/2016\/06\/Vincentian-Network-logo-big.png?fit=778%2C778\",\"contentUrl\":\"https:\/\/i1.wp.com\/vincentians.com\/es\/wp-content\/uploads\/sites\/11\/2016\/06\/Vincentian-Network-logo-big.png?fit=778%2C778\",\"width\":778,\"height\":778,\"caption\":\"The Vincentian Network\"},\"image\":{\"@id\":\"http:\/\/vincentians.com\/es\/#\/schema\/logo\/image\/\"},\"sameAs\":[\"https:\/\/www.facebook.com\/WeAreVincentians\/\",\"https:\/\/x.com\/WeVincentians\"]},{\"@type\":\"Person\",\"@id\":\"http:\/\/vincentians.com\/es\/#\/schema\/person\/9623ef4d9aa3b2dfb8c061f1499288f2\",\"name\":\"Francisco Javier Fern\u00e1ndez Chento\",\"image\":{\"@type\":\"ImageObject\",\"inLanguage\":\"es\",\"@id\":\"http:\/\/vincentians.com\/es\/#\/schema\/person\/image\/\",\"url\":\"https:\/\/secure.gravatar.com\/avatar\/497d5cde87b4c3d097d0315953521681ba2cd523ee66e5077c3711f7021e65de?s=96&d=mm&r=g\",\"contentUrl\":\"https:\/\/secure.gravatar.com\/avatar\/497d5cde87b4c3d097d0315953521681ba2cd523ee66e5077c3711f7021e65de?s=96&d=mm&r=g\",\"caption\":\"Francisco Javier Fern\u00e1ndez Chento\"},\"description\":\"Director General y cofundador de La Red de Formaci\u00f3n Vicenciana. Javier es laico vicenciano, afiliado a la Congregaci\u00f3n de la Misi\u00f3n y miembro del Equipo de Misiones Populares de la provincia can\u00f3nica de Zaragoza (Espa\u00f1a) de la Congregaci\u00f3n de la Misi\u00f3n. Graduado en la Universidad Oberta de Catalunya con cuatro grados (Asistente de direcci\u00f3n, Gesti\u00f3n Administrativa, Recursos Humanos y Contabilidad Avanzada). Bil\u00edng\u00fce Espa\u00f1ol\/Ingl\u00e9s. gestiona y mantiene varias p\u00e1ginas web cristianas y vicencianas, incluida including La Red de Formaci\u00f3n Vicenciana, de la que es cofundador. Actualmente es responsable del \u00e1rea de Espa\u00f1ol de .famvin, la Red de Noticias de la Familia Vicenciana. Tambi\u00e9n es m\u00fasico cat\u00f3lico y ha editado varios discos. Es Director General y cofundador de Trovador, una reconocida compa\u00f1\u00eda discogr\u00e1fica critiana de Espa\u00f1a. Trabaja en las Tecnolog\u00edas de la Informaci\u00f3n, ofreciendo servicios de alojamiento, dise\u00f1o y mantenimiento Web, as\u00ed como asesoramiento, formaci\u00f3n y soluciones inform\u00e1ticas, gesti\u00f3n documental y digitalizaci\u00f3n de textos, edici\u00f3n y maquetaci\u00f3n de libros, revistas, flyers, etc.\",\"sameAs\":[\"http:\/\/chento.org\",\"https:\/\/www.facebook.com\/JavierChento\",\"https:\/\/x.com\/https:\/\/twitter.com\/javierchento\"],\"url\":\"https:\/\/vincentians.com\/es\/author\/chento\/\"}]}<\/script>\n<!-- \/ Yoast SEO plugin. -->","yoast_head_json":{"title":"La carta Enc\u00edclica de Benedicto XVI \u201cDeus Caritas Est\u201d y su recepci\u00f3n en \u00c1frica - Somos Vicencianos","robots":{"index":"index","follow":"follow","max-snippet":"max-snippet:-1","max-image-preview":"max-image-preview:large","max-video-preview":"max-video-preview:-1"},"canonical":"https:\/\/vincentians.com\/es\/la-carta-enciclica-de-benedicto-xvi-deus-caritas-est-y-su-recepcion-en-africa\/","og_locale":"es_ES","og_type":"article","og_title":"La carta Enc\u00edclica de Benedicto XVI \u201cDeus Caritas Est\u201d y su recepci\u00f3n en \u00c1frica - Somos Vicencianos","og_description":"Premisa Todos sabemos qui\u00e9n era Juan Pablo II y conocemos su impacto e influencia sobre el camino de la fe de mucha gente: laicos y religio\u00adsos, creyentes y no creyentes. \u00c9l era una figura sorprendente, ... Read More","og_url":"https:\/\/vincentians.com\/es\/la-carta-enciclica-de-benedicto-xvi-deus-caritas-est-y-su-recepcion-en-africa\/","og_site_name":"Somos Vicencianos","article_publisher":"https:\/\/www.facebook.com\/WeAreVincentians\/","article_author":"https:\/\/www.facebook.com\/JavierChento","article_published_time":"2011-07-05T03:46:29+00:00","article_modified_time":"2016-07-26T16:55:25+00:00","author":"Francisco Javier Fern\u00e1ndez Chento","twitter_card":"summary_large_image","twitter_creator":"@https:\/\/twitter.com\/javierchento","twitter_site":"@WeVincentians","twitter_misc":{"Escrito por":"Francisco Javier Fern\u00e1ndez Chento","Tiempo de lectura":"9 minutos"},"schema":{"@context":"https:\/\/schema.org","@graph":[{"@type":"Article","@id":"https:\/\/vincentians.com\/es\/la-carta-enciclica-de-benedicto-xvi-deus-caritas-est-y-su-recepcion-en-africa\/#article","isPartOf":{"@id":"https:\/\/vincentians.com\/es\/la-carta-enciclica-de-benedicto-xvi-deus-caritas-est-y-su-recepcion-en-africa\/"},"author":{"name":"Francisco Javier Fern\u00e1ndez Chento","@id":"http:\/\/vincentians.com\/es\/#\/schema\/person\/9623ef4d9aa3b2dfb8c061f1499288f2"},"headline":"La carta Enc\u00edclica de Benedicto XVI \u201cDeus Caritas Est\u201d y su recepci\u00f3n en \u00c1frica","datePublished":"2011-07-05T03:46:29+00:00","dateModified":"2016-07-26T16:55:25+00:00","mainEntityOfPage":{"@id":"https:\/\/vincentians.com\/es\/la-carta-enciclica-de-benedicto-xvi-deus-caritas-est-y-su-recepcion-en-africa\/"},"wordCount":1829,"commentCount":0,"publisher":{"@id":"http:\/\/vincentians.com\/es\/#organization"},"image":{"@id":"https:\/\/vincentians.com\/es\/la-carta-enciclica-de-benedicto-xvi-deus-caritas-est-y-su-recepcion-en-africa\/#primaryimage"},"thumbnailUrl":"","articleSection":["Formaci\u00f3n Cristiana"],"inLanguage":"es","potentialAction":[{"@type":"CommentAction","name":"Comment","target":["https:\/\/vincentians.com\/es\/la-carta-enciclica-de-benedicto-xvi-deus-caritas-est-y-su-recepcion-en-africa\/#respond"]}]},{"@type":"WebPage","@id":"https:\/\/vincentians.com\/es\/la-carta-enciclica-de-benedicto-xvi-deus-caritas-est-y-su-recepcion-en-africa\/","url":"https:\/\/vincentians.com\/es\/la-carta-enciclica-de-benedicto-xvi-deus-caritas-est-y-su-recepcion-en-africa\/","name":"La carta Enc\u00edclica de Benedicto XVI \u201cDeus Caritas Est\u201d y su recepci\u00f3n en \u00c1frica - Somos Vicencianos","isPartOf":{"@id":"http:\/\/vincentians.com\/es\/#website"},"primaryImageOfPage":{"@id":"https:\/\/vincentians.com\/es\/la-carta-enciclica-de-benedicto-xvi-deus-caritas-est-y-su-recepcion-en-africa\/#primaryimage"},"image":{"@id":"https:\/\/vincentians.com\/es\/la-carta-enciclica-de-benedicto-xvi-deus-caritas-est-y-su-recepcion-en-africa\/#primaryimage"},"thumbnailUrl":"","datePublished":"2011-07-05T03:46:29+00:00","dateModified":"2016-07-26T16:55:25+00:00","breadcrumb":{"@id":"https:\/\/vincentians.com\/es\/la-carta-enciclica-de-benedicto-xvi-deus-caritas-est-y-su-recepcion-en-africa\/#breadcrumb"},"inLanguage":"es","potentialAction":[{"@type":"ReadAction","target":["https:\/\/vincentians.com\/es\/la-carta-enciclica-de-benedicto-xvi-deus-caritas-est-y-su-recepcion-en-africa\/"]}]},{"@type":"ImageObject","inLanguage":"es","@id":"https:\/\/vincentians.com\/es\/la-carta-enciclica-de-benedicto-xvi-deus-caritas-est-y-su-recepcion-en-africa\/#primaryimage","url":"","contentUrl":""},{"@type":"BreadcrumbList","@id":"https:\/\/vincentians.com\/es\/la-carta-enciclica-de-benedicto-xvi-deus-caritas-est-y-su-recepcion-en-africa\/#breadcrumb","itemListElement":[{"@type":"ListItem","position":1,"name":"Portada","item":"http:\/\/vincentians.com\/es\/"},{"@type":"ListItem","position":2,"name":"La carta Enc\u00edclica de Benedicto XVI \u201cDeus Caritas Est\u201d y su recepci\u00f3n en \u00c1frica"}]},{"@type":"WebSite","@id":"http:\/\/vincentians.com\/es\/#website","url":"http:\/\/vincentians.com\/es\/","name":"Somos Vicencianos","description":"Know more to serve more","publisher":{"@id":"http:\/\/vincentians.com\/es\/#organization"},"potentialAction":[{"@type":"SearchAction","target":{"@type":"EntryPoint","urlTemplate":"http:\/\/vincentians.com\/es\/?s={search_term_string}"},"query-input":{"@type":"PropertyValueSpecification","valueRequired":true,"valueName":"search_term_string"}}],"inLanguage":"es"},{"@type":"Organization","@id":"http:\/\/vincentians.com\/es\/#organization","name":"The Vincentian Network","url":"http:\/\/vincentians.com\/es\/","logo":{"@type":"ImageObject","inLanguage":"es","@id":"http:\/\/vincentians.com\/es\/#\/schema\/logo\/image\/","url":"https:\/\/i1.wp.com\/vincentians.com\/es\/wp-content\/uploads\/sites\/11\/2016\/06\/Vincentian-Network-logo-big.png?fit=778%2C778","contentUrl":"https:\/\/i1.wp.com\/vincentians.com\/es\/wp-content\/uploads\/sites\/11\/2016\/06\/Vincentian-Network-logo-big.png?fit=778%2C778","width":778,"height":778,"caption":"The Vincentian Network"},"image":{"@id":"http:\/\/vincentians.com\/es\/#\/schema\/logo\/image\/"},"sameAs":["https:\/\/www.facebook.com\/WeAreVincentians\/","https:\/\/x.com\/WeVincentians"]},{"@type":"Person","@id":"http:\/\/vincentians.com\/es\/#\/schema\/person\/9623ef4d9aa3b2dfb8c061f1499288f2","name":"Francisco Javier Fern\u00e1ndez Chento","image":{"@type":"ImageObject","inLanguage":"es","@id":"http:\/\/vincentians.com\/es\/#\/schema\/person\/image\/","url":"https:\/\/secure.gravatar.com\/avatar\/497d5cde87b4c3d097d0315953521681ba2cd523ee66e5077c3711f7021e65de?s=96&d=mm&r=g","contentUrl":"https:\/\/secure.gravatar.com\/avatar\/497d5cde87b4c3d097d0315953521681ba2cd523ee66e5077c3711f7021e65de?s=96&d=mm&r=g","caption":"Francisco Javier Fern\u00e1ndez Chento"},"description":"Director General y cofundador de La Red de Formaci\u00f3n Vicenciana. Javier es laico vicenciano, afiliado a la Congregaci\u00f3n de la Misi\u00f3n y miembro del Equipo de Misiones Populares de la provincia can\u00f3nica de Zaragoza (Espa\u00f1a) de la Congregaci\u00f3n de la Misi\u00f3n. Graduado en la Universidad Oberta de Catalunya con cuatro grados (Asistente de direcci\u00f3n, Gesti\u00f3n Administrativa, Recursos Humanos y Contabilidad Avanzada). Bil\u00edng\u00fce Espa\u00f1ol\/Ingl\u00e9s. gestiona y mantiene varias p\u00e1ginas web cristianas y vicencianas, incluida including La Red de Formaci\u00f3n Vicenciana, de la que es cofundador. Actualmente es responsable del \u00e1rea de Espa\u00f1ol de .famvin, la Red de Noticias de la Familia Vicenciana. Tambi\u00e9n es m\u00fasico cat\u00f3lico y ha editado varios discos. Es Director General y cofundador de Trovador, una reconocida compa\u00f1\u00eda discogr\u00e1fica critiana de Espa\u00f1a. Trabaja en las Tecnolog\u00edas de la Informaci\u00f3n, ofreciendo servicios de alojamiento, dise\u00f1o y mantenimiento Web, as\u00ed como asesoramiento, formaci\u00f3n y soluciones inform\u00e1ticas, gesti\u00f3n documental y digitalizaci\u00f3n de textos, edici\u00f3n y maquetaci\u00f3n de libros, revistas, flyers, etc.","sameAs":["http:\/\/chento.org","https:\/\/www.facebook.com\/JavierChento","https:\/\/x.com\/https:\/\/twitter.com\/javierchento"],"url":"https:\/\/vincentians.com\/es\/author\/chento\/"}]}},"jetpack_publicize_connections":[],"jetpack_featured_media_url":"","jetpack_sharing_enabled":true,"jetpack_shortlink":"https:\/\/wp.me\/p7ETMF-bMO","jetpack-related-posts":[{"id":143412,"url":"https:\/\/vincentians.com\/es\/la-fe-don-y-respuesta-libre-en-lo-cotidiano-en-la-oracion-la-vida-comunitaria-y-el-servicio-de-los-pobres\/","url_meta":{"origin":45310,"position":0},"title":"La fe, don y respuesta libre en lo cotidiano: en la oraci\u00f3n, la vida comunitaria y el servicio de los pobres","author":"Francisco Javier Fern\u00e1ndez Chento","date":"19\/04\/2015","format":false,"excerpt":"\u201cEn verdad, en verdad te digo: el que no nazca de nuevo, no puede ver el reino de Dios\u201d (Jn 3,3) Se me ha pedido que les hable de la fe en el centro de nuestra experiencia como personas consagradas que creen, oran, aman y sirven. Pueden imaginar que no\u2026","rel":"","context":"En \u00abFormaci\u00f3n Vicenciana\u00bb","block_context":{"text":"Formaci\u00f3n Vicenciana","link":"https:\/\/vincentians.com\/es\/category\/formacion-vicenciana\/"},"img":{"alt_text":"un paso de fe","src":"https:\/\/i0.wp.com\/vicencianos.org\/wp-content\/2015\/04\/un-paso-de-fe-300x221.jpg?resize=350%2C200","width":350,"height":200},"classes":[]},{"id":116327,"url":"https:\/\/vincentians.com\/es\/el-concilio-vaticano-ii-y-el-ano-de-la-fe-catequesis-1\/","url_meta":{"origin":45310,"position":1},"title":"El Concilio Vaticano II y el A\u00f1o de la Fe (Catequesis 1)","author":"Francisco Javier Fern\u00e1ndez Chento","date":"16\/12\/2012","format":false,"excerpt":"Introducci\u00f3n: Discurso de Antonio Maria Rouco Varela, presidente de la CEE, en la apertura de la 99\u00aa Asamblea Plenaria de la CEE (Madrid, 23\/28-4-2012), y cuyo t\u00edtulo es \"salir de la crisis precisa de la caridad\". Dos son las partes que comprende este \"discurso\": El plan pastoral, la nueva evangelizaci\u00f3n\u2026","rel":"","context":"En \u00abFormaci\u00f3n Cristiana\u00bb","block_context":{"text":"Formaci\u00f3n Cristiana","link":"https:\/\/vincentians.com\/es\/category\/formacion-cristiana\/"},"img":{"alt_text":"logoanodelafe2","src":"https:\/\/i0.wp.com\/vicencianos.org\/wp-content\/2012\/12\/logoanodelafe2-296x300.jpg?resize=350%2C200","width":350,"height":200},"classes":[]},{"id":120720,"url":"https:\/\/vincentians.com\/es\/la-enciclica-dios-es-amor-mirada-de-conjunto-dios-es-amor-el-corazon-de-la-fe-cristiana\/","url_meta":{"origin":45310,"position":2},"title":"La enc\u00edclica Dios es amor; mirada de conjunto; el coraz\u00f3n de la fe cristiana","author":"Francisco Javier Fern\u00e1ndez Chento","date":"21\/02\/2022","format":false,"excerpt":"Los n\u00fameros entre corchetes hacen referencia a los n\u00fameros de la misma Enc\u00edclica. 1. Una enc\u00edclica Mucho se ha hablado sobre la \"primera\" enc\u00edclica de este Papa. Los medios de comunicaci\u00f3n se encargaron de crear un ambien\u00adte de expectaci\u00f3n en torno a ella. En realidad, \u00bfes algo nuevo? Habr\u00eda que\u2026","rel":"","context":"En \u00abFormaci\u00f3n Vicenciana\u00bb","block_context":{"text":"Formaci\u00f3n Vicenciana","link":"https:\/\/vincentians.com\/es\/category\/formacion-vicenciana\/"},"img":{"alt_text":"","src":"https:\/\/i0.wp.com\/vincentians.com\/es\/wp-content\/uploads\/sites\/11\/2013\/04\/formacion_permanente.jpg?fit=303%2C303&ssl=1&resize=350%2C200","width":350,"height":200},"classes":[]},{"id":133462,"url":"https:\/\/vincentians.com\/es\/la-navidad-y-sus-tradiciones-el-origen-del-belen\/","url_meta":{"origin":45310,"position":3},"title":"La Navidad y sus tradiciones: El origen del Bel\u00e9n","author":"Francisco Javier Fern\u00e1ndez Chento","date":"25\/12\/2014","format":false,"excerpt":"Con el Nacimiento de Jes\u00fas se cumple la promesa de Dios al mundo de enviar a un Salvador. Jesucristo es Dios hecho hombre. Un poco de historia Las tradiciones y costumbres son una manera de hacer presente lo que ocurri\u00f3, o lo que se acostumbraba hacer, en tiempos pasados. Son\u2026","rel":"","context":"En \u00abFormaci\u00f3n Cristiana\u00bb","block_context":{"text":"Formaci\u00f3n Cristiana","link":"https:\/\/vincentians.com\/es\/category\/formacion-cristiana\/"},"img":{"alt_text":"nacimientos2","src":"https:\/\/i0.wp.com\/vicencianos.org\/wp-content\/2014\/12\/nacimientos2-300x215.jpg?resize=350%2C200","width":350,"height":200},"classes":[]},{"id":116549,"url":"https:\/\/vincentians.com\/es\/porta-fidei-la-puerta-de-la-fe-catequesis-2\/","url_meta":{"origin":45310,"position":4},"title":"Porta Fidei (La puerta de la fe) (Catequesis 2)","author":"Francisco Javier Fern\u00e1ndez Chento","date":"17\/12\/2012","format":false,"excerpt":"Carta Apost\u00f3lica de S.S. Benedicto XVI. n\u00ba 1. \u00bfQu\u00e9 es eso de la \"puerta de la fe\"? El Papa Benedicto nos dice textualmente que \" la puerta de la fe\",(cf He 14,27): que introducen en la vida de comuni\u00f3n con Dios y permite la entrada en su Iglesia, est\u00e1 siempre\u2026","rel":"","context":"En \u00abFormaci\u00f3n Cristiana\u00bb","block_context":{"text":"Formaci\u00f3n Cristiana","link":"https:\/\/vincentians.com\/es\/category\/formacion-cristiana\/"},"img":{"alt_text":"","src":"","width":0,"height":0},"classes":[]},{"id":124912,"url":"https:\/\/vincentians.com\/es\/novena-a-la-virgen-milagrosa-2013\/","url_meta":{"origin":45310,"position":5},"title":"Novena a la Virgen Milagrosa 2013","author":"Francisco Javier Fern\u00e1ndez Chento","date":"09\/11\/2013","format":false,"excerpt":"Seguimos la entra\u00f1able y participativa tradici\u00f3n de honrar a la Virgen Mar\u00eda, la Inmaculada de la Medalla Milagrosa, con la celebraci\u00f3n de la novena en la iglesia a ella dedicada y conocida en Pamplona como \"iglesia de La Milagrosa\". Seguimos la arraigada tradici\u00f3n de preparar con esmero, y con la\u2026","rel":"","context":"En \u00abVirgen Mar\u00eda\u00bb","block_context":{"text":"Virgen Mar\u00eda","link":"https:\/\/vincentians.com\/es\/category\/espiritualidad\/virgen-maria\/"},"img":{"alt_text":"","src":"https:\/\/i0.wp.com\/vicencianos.org\/wp-content\/2012\/11\/Milagrosa_Pamplona_2013-201x300.jpg?resize=350%2C200","width":350,"height":200},"classes":[]}],"_links":{"self":[{"href":"https:\/\/vincentians.com\/es\/wp-json\/wp\/v2\/posts\/45310","targetHints":{"allow":["GET"]}}],"collection":[{"href":"https:\/\/vincentians.com\/es\/wp-json\/wp\/v2\/posts"}],"about":[{"href":"https:\/\/vincentians.com\/es\/wp-json\/wp\/v2\/types\/post"}],"author":[{"embeddable":true,"href":"https:\/\/vincentians.com\/es\/wp-json\/wp\/v2\/users\/4"}],"replies":[{"embeddable":true,"href":"https:\/\/vincentians.com\/es\/wp-json\/wp\/v2\/comments?post=45310"}],"version-history":[{"count":0,"href":"https:\/\/vincentians.com\/es\/wp-json\/wp\/v2\/posts\/45310\/revisions"}],"wp:featuredmedia":[{"embeddable":true,"href":"https:\/\/vincentians.com\/es\/wp-json\/"}],"wp:attachment":[{"href":"https:\/\/vincentians.com\/es\/wp-json\/wp\/v2\/media?parent=45310"}],"wp:term":[{"taxonomy":"category","embeddable":true,"href":"https:\/\/vincentians.com\/es\/wp-json\/wp\/v2\/categories?post=45310"},{"taxonomy":"post_tag","embeddable":true,"href":"https:\/\/vincentians.com\/es\/wp-json\/wp\/v2\/tags?post=45310"}],"curies":[{"name":"wp","href":"https:\/\/api.w.org\/{rel}","templated":true}]}}