{"id":45274,"date":"2011-07-05T06:59:05","date_gmt":"2011-07-05T04:59:05","guid":{"rendered":"http:\/\/somos.vicencianos.org\/?p=45274"},"modified":"2016-07-26T18:55:25","modified_gmt":"2016-07-26T16:55:25","slug":"la-formacion-permanente-integral","status":"publish","type":"post","link":"https:\/\/vincentians.com\/es\/la-formacion-permanente-integral\/","title":{"rendered":"La formaci\u00f3n permanente integral"},"content":{"rendered":"<p><a href=\"https:\/\/i0.wp.com\/vicencianos.org\/wp-content\/2011\/07\/formacion_permanente.jpg\"><img data-recalc-dims=\"1\" loading=\"lazy\" decoding=\"async\" class=\"alignright size-medium wp-image-45275\" title=\"formacion_permanente\" src=\"https:\/\/i0.wp.com\/vicencianos.org\/wp-content\/2011\/07\/formacion_permanente-197x300.jpg?resize=197%2C300\" alt=\"\" width=\"197\" height=\"300\" \/><\/a>La formaci\u00f3n permanente (desde ahora: FP) no es un fin en s\u00ed mismo, es un medio. Mantiene una estrecha relaci\u00f3n con la pastoral, los diversos apostolados y ministerios de los vicentinos. La FP alimenta y sustenta la globalidad de la misi\u00f3n. M\u00e1s a\u00fan, proporciona consistencia y seguridad al misionero en cuento cristiano y vicentino, en orden al servicio. La FP es un conveniencia, una urgencia, mejor, una necesidad. No es una moda que en un momento determinado se lleva todo por delante, para pocos a\u00f1os despu\u00e9s caer en el olvido. Diversos factores llaman hoy a la puerta de la FP. Lejos de m\u00ed enumerarlos todos. Se\u00f1alo algunos: los sucesivos e imparables cambios sociales, el avance global de las ciencias y las t\u00e9cnicas, el repunte de una nueva sensibilidad religiosa y humanista en el caso de los fieles a los que atendemos y la evoluci\u00f3n de la ciencia teol\u00f3gico-pastoral que se lleva a cabo en el seno de la Iglesia. Otros factores nos piden formaci\u00f3n permanente: la necesidad de ponernos al d\u00eda y de ser m\u00e1s eficaces en nuestras empresas apost\u00f3licas. Pero el motivo primero para dar cabida a la FP lo encontramos en la necesidad de crecer vocacionalmente en cuanto cristianos y vicentinos. En otros t\u00e9rminos, la FP viene exigida por la fidelidad a la vocaci\u00f3n. Tan interesante cometido se logra a base de sucesivos \u00e9xodos y de un proceso ininterrumpido de conversi\u00f3n.<\/p>\n<p>En la XXXII Semana de estudios vicentinos escuch\u00e1bamos las siguientes proposiciones: \u00abYa <em>no se trata tanto de estar actualizado, cuanto de capacitarse para responder adecuadamente a la gracia de la vocaci\u00f3n. La FP aparece as\u00ed como una continuaci\u00f3n natural y necesaria de aquel proceso de de estructuraci\u00f3n de una personalidad cristiana que se inici\u00f3 en el bautismo y se concret\u00f3 en nuestra vocaci\u00f3n. Tiende, por lo tanto, la FP a mantener vivo un proceso general e integral de constante maduraci\u00f3n mediante la profundizaci\u00f3n tanto de los diversos aspectos de la formaci\u00f3n (humana, espiritual, apost\u00f3lica, profesional y vicentina) como de su espec\u00edfica orientaci\u00f3n vital e \u00edntima a partir de la vocaci\u00f3n de evangelizar y servir a los pobres y en relaci\u00f3n con ella\u00bb.<\/em><\/p>\n<p>Seg\u00fan esto, la FP sirve para actualizarnos y responder a la gracia de la vocaci\u00f3n, en continuaci\u00f3n con la vida cristiana, iniciada en el bautismo y corroborada en nuestra vocaci\u00f3n particular. Pretende la FP animar de continuo un proceso integral de crecimiento a base de cultivar las diversas dimensiones: humana, espiritual, intelectual-profesional y apost\u00f3lica, sin olvidar el eje vicentino. espec\u00edfico nuestro.<\/p>\n<p>La FP se lleva a cabo a trav\u00e9s de ciertos medios ordinarios o extraordinarios. Lo que sucede es que la FP por su propia din\u00e1mica resulta compleja: se adquiere al ritmo de los d\u00edas y de las ocupaciones ordinarias, de los meses y de los a\u00f1os. La FP es a la vez intervenci\u00f3n de Dios en nosotros y tarea humana. Pide que nos dejemos moldear por el Se\u00f1or a fin de nacer nosotros a una vida nueva. Es, como queda dicho, cosa de todos los d\u00edas, sin interrupciones ni saltos en el vac\u00edo.<\/p>\n<h2>El Magisterio se pronuncia<\/h2>\n<p>En muy diversas circunstancias y momentos el magisterio eclesial nos ha ofrecido sabias orientaciones sobre este particular. En un punto coinciden las diversas intervenciones: en la necesidad y la urgencia de dar cabida a la FP. Veamos algunos pasajes que testimonian el inter\u00e9s de los papas y obispos sobre este asunto.<\/p>\n<p>Exhortaci\u00f3n Apost\u00f3lica: \u00abPastores dabo vobis\u00bb. Juan Pablo II firm\u00f3 este documento el 25 de marzo de 1992, solemnidad de la Anunciaci\u00f3n del Se\u00f1or. Son sus destinatarios los obispos, el clero y los fieles. Trata de la formaci\u00f3n de los sacerdotes. Los contenidos de la exhortaci\u00f3n se encuentran distribuidos en la introducci\u00f3n, seis cap\u00edtulos y la conclusi\u00f3n. Las indicaciones a la FP quedan recogidas en el cap\u00edtulo VI, n. 70, que lleva el siguiente t\u00edtulo: Te recomiendo que reavives el carisma de Dios que est\u00e1 en ti. A partir de estas palabras de Pablo a Timoteo encontramos no pocas y atinadas indicaciones sobre el tema que nos interesa. Los sacerdotes se forman de continuo <em>\u00aben raz\u00f3n del don de Dios que han recibido con la ordenaci\u00f3n sagrada\u00bb. <\/em>Con la ordenaci\u00f3n sacerdotal se confia al presb\u00edtero <em>\u00abun ministerio pastoral que&#8230; es tambi\u00e9n permanente\u00bb. \u00abDe esta manera la FP encuentra su propio fundamento en&#8230; el dinamismo del sacramento del orden\u00bb.<\/em><\/p>\n<p>A continuaci\u00f3n la Exhortaci\u00f3n Apost\u00f3lica nos ofrece otros motivos para cuidar la FP: <em>\u00abes una exigencia de la realizaci\u00f3n personal progresiva, pues toda la vida es un camino incesante hacia la madurez\u00bb; <\/em>es tambi\u00e9n una exigencia del ministerio sacerdotal ya que no hay <em>\u00abcargo o trabajo que no nos exija una continua actualizaci\u00f3n, si se quiere estar al d\u00eda y ser eficaz\u00bb. <\/em>Por otra parte, con el sacramento del orden el nuevo presb\u00edtero comienza a dar una respuesta que <em>\u00abdeber\u00e1 renovarse y reafirmarse continuamente durante los a\u00f1os del sacerdocio\u00bb. <\/em>El documento que comentamos sigue proponiendo nuevas razones, unas teol\u00f3gicas y otras pr\u00e1cticas, para valorar al FP. La hemos de considerar como un acto de <em>\u00abfidelidad al ministerio sacerdotal y como un proceso de continua conversi\u00f3n\u00bb. <\/em>Tambi\u00e9n es <em>\u00abun acto de amor al pueblo de Dios, a cuyo servicio est\u00e1 puesto el sacerdote\u00bb. <\/em>M\u00e1s a\u00fan, es un acto de justicia, pues el pueblo de Dios tiene derecho a que el sacerdote le sirva con acierto la palabra de Dios. Termina el n. 70 de la Exhortaci\u00f3n diciendo que \u00abla <em>FP es una exigencia intr\u00ednseca del don del ministerio sacerdotal recibido\u00bb.<\/em><\/p>\n<p>Otros documentos posteriores del Magisterio eclesial se han pronunciado en t\u00e9rminos parecidos. Nos limitamos a recordar el autor, el t\u00edtulo y la fecha. La Congregaci\u00f3n para los Institutos de Vida Consagrada y Sociedades de Vida Apost\u00f3lica, 2 de febrero de 1994, ofrec\u00eda al p\u00fablico un documento con el t\u00edtulo siguiente: La Vida fraterna en comunidad. Los n\u00fameros 43-46 atribuyen a la FP no pocos frutos: en general la renovaci\u00f3n de la vida comunitaria y m\u00e1s en concreto la formaci\u00f3n de <em>\u00abcomunidades maduras, evang\u00e9licas, fraternas, capaces de continuar la FP en la vida diaria\u00bb. <\/em>El encuentro con el carisma del Fundador se debe tambi\u00e9n en buena medida a la FP.<\/p>\n<p>La Exhortaci\u00f3n Apost\u00f3lica: Vita Consecrata, de Juan Pablo II, dada a conocer el 25 de marzo de 1996, tambi\u00e9n incluye en sus p\u00e1ginas sabias orientaciones sobre la FP. Comienza diciendo que <em>\u00abel objeto central del proceso de FP es la preparaci\u00f3n de la persona para la consagraci\u00f3n total de s\u00ed misma a Dios en el seguimiento de Cristo, al servicio de la misi\u00f3n\u00bb <\/em>(n. 65). La FP afecta a la totalidad de la persona en todo su\u00a0<strong>proceso vital. Se ha de proporcionar a cada sujeto: <\/strong><em>\u00abuna preparaci\u00f3n humana, cultural, espiritual, pastoral, poniendo sumo cuidado en facilitar la integraci\u00f3n arm\u00f3nica de los diferentes aspectos\u00bb <\/em><strong>(n. 65). El proceso de formaci\u00f3n <\/strong><em>\u00abno se reduce a la fase inicial&#8230; que debe engarzarse con la FP\u00bb. <\/em><strong>Refiri\u00e9ndose a las diversas agrupaciones este documento pide que <\/strong><em>\u00abcada Instituto incluya, como parte de de la Ratio Institutionis, la definici\u00f3n de un proyecto de formaci\u00f3n permanente lo m\u00e1s preciso y sistem\u00e1tico posible\u00bb <\/em><strong>(n. 69). A continuaci\u00f3n la Exhortaci\u00f3n nos recuerda la conveniencia de una buena FP en las diversas fases de la vida: en los primeros a\u00f1os de apostolado, durante la edad madura e incluso avanzada. Termina la Exhortaci\u00f3n con una consideraci\u00f3n sobre las dimensiones de la FP: espiritual, humana y fraterna, apost\u00f3lica, cultural, profesional y carism\u00e1tica propia (n. 71).<\/strong><\/p>\n<p><strong>Otra Exhortaci\u00f3n Apost\u00f3lica, dada a conocer por Juan Pablo II el 30 de diciembre de 1988, la Christifideles Laici, contiene alusiones a la FP de los laicos. Las di\u00f3cesis se emplear\u00e1n a fondo en la formaci\u00f3n de los laicos, considerando este menester como una prioridad (n. 57). La FP intelectual, en sus diversas dimensiones: humana, espiritual, doctrinal, a tono siempre con la propia condici\u00f3n laical, es responsabilidad de la Iglesia universal y local.<\/strong><\/p>\n<p><strong>Las Asamblea Generales de la Congregaci\u00f3n de la Misi\u00f3n<\/strong><strong> tambi\u00e9n han insistido sobre este particular. La AG de 1986 suscribi\u00f3 estas afirmaciones: <\/strong><em>\u00abLa FP es absolutamente necesaria en un mundo y en una Iglesia que camina constantemente. Nos capacita para estar presentes como sacerdotes y hermanos en la misi\u00f3n de este mundo e Iglesia de hoy. Es, adem\u00e1s, indispensable para conservar nuestra identidad vicentina y para hacer eficaz la proclamaci\u00f3n del evangelio\u00bb <\/em><strong>(n. 29).<\/strong><\/p>\n<p><strong>La AG de 1992<\/strong><strong> incluy\u00f3 entre las diversas conclusiones la siguiente: <\/strong><em>\u00abQue la C. M y cada provincia se comprometan a elaborar, lo m\u00e1s pronto posible, proyectos de FP, que sean tambi\u00e9n caminos de conversi\u00f3n, de tal forma que ayuden a los misioneros a profundizar el carisma y la vocaci\u00f3n vicentina y a acrecentar su nivel de competencia para la Nueva Evangelizaci\u00f3n\u00bb <\/em><strong>(Hombres nuevos, n. 4).<\/strong><\/p>\n<p><strong>Por su parte la AG de 1998 en muy diversos lugares del documento final trae a colaci\u00f3n la FP de los misioneros y de los diversos colectivos de la Familia Vicentina, tarea \u00e9sta que exigir\u00e1 de nosotros una pronta y sistem\u00e1tica colaboraci\u00f3n. Finalmente, la AG de 2004 en grado menor afirma que los misioneros de la C. M. estamos llamados a <\/strong><em>\u00abpromover los grupos de la Familia Vicentina en nuestra obras, ofreci\u00e9ndoles una s\u00f3lida formaci\u00f3n vicentina\u00bb <\/em><strong>(Fieles a nuestra vocaci\u00f3n, p. 10).<\/strong><\/p>\n<p><strong>De la documentaci\u00f3n eclesial y congregacional invocada anteriormente se deducen algunas conclusiones:<\/strong><\/p>\n<p><strong>La FP es abarcante, m\u00e1s amplia que la simple adquisici\u00f3n de conocimientos durante un tiempo dedicado al estudio.<\/strong><\/p>\n<p><strong>Se forja viviendo con intensidad y coherencia el <\/strong>d\u00eda al d\u00eda de nuestra vida <strong>cristiana y vicentina.<\/strong><\/p>\n<p><strong>No se circunscribe a un per\u00edodo de la vida, sino a todo el proceso vital.<\/strong><\/p>\n<p>La FP pretende alcanzar una meta: que los misioneros sean decididos seguidores de Cristo, pasen a ser hombres nuevos, en orden a la misi\u00f3n.<\/p>\n<p>La FP viene exigida por la necesidad de conservar viva la identidad vicentina.<\/p>\n<h2>Algunas puntualizaciones<\/h2>\n<p>Las proclamas, a veces un tanto voluntaristas, y las buenas intenciones no bastan. A pesar de todo lo anteriormente dicho, la FP en no pocas ocasiones se asume con poco entusiasmo. A veces entramos en ese territorio buscando \u00fanicamente resultados pr\u00e1cticos de car\u00e1cter puramente funcional. En ocasiones la FP es urgida desde arriba y no tanto por los miembros de pie. En otras ocasiones es vista no como una oportunidad, sino como una carga. Todas estas corruptelas habr\u00eda que superarlas.<\/p>\n<h2>La formaci\u00f3n dura toda la vida<\/h2>\n<p>La formaci\u00f3n inicial es para nosotros fundamental. Nos marca para el resto de nuestra vida. Pero la formaci\u00f3n inicial no basta. No vale vivir de rentas. Los huertos si nos se cultivan a diario producen espinas. El adelgazamiento de la FP nos conducir\u00eda sin duda al campo de la inercia, a la jubilaci\u00f3n anticipada y al repliegue personal. La FP trata de invertir esa din\u00e1mica y as\u00ed superar una visi\u00f3n reductiva de la persona, en este caso del misionero. Sin FP nos quedar\u00edamos cortos y amedrentados ante el curso que toma la vida de la calle.<\/p>\n<h2>La vocaci\u00f3n cristiana exige formaci\u00f3n permanente<\/h2>\n<p>La respuesta de fe a la llamada de Dios no es cosa de un d\u00eda. Es m\u00e1s bien un proceso, un seguimiento continuado de Jesucristo. Requiere sucesivas adhesiones al Se\u00f1or. S\u00f3lo as\u00ed se llega al final del camino. El ascenso hacia la cumbre de la identificaci\u00f3n con Cristo viene exigido por el dinamismo inherente a la vida cristiana. La fe en nada se parece al agua estancada, es agua viva. De ah\u00ed la necesidad de una formaci\u00f3n permanente ininterrumpida y gradual, en orden a lograr una meta en lo concerniente al seguimiento de Jesucristo. El que no avanza retrocede.<\/p>\n<h2>La formaci\u00f3n permanente se fragua en la vida diaria<\/h2>\n<p>No pod\u00eda ser de otra manera. La vida diaria es un libro abierto en el que un d\u00eda y otro tambi\u00e9n escribimos nuevas p\u00e1ginas. En sus p\u00e1ginas blancas consignamos las sucesivas y heterog\u00e9neas respuestas que vamos dando al Se\u00f1or en lo concerniente a la oraci\u00f3n, celebraci\u00f3n de la fe, trabajo, estudio, convivencia fraterna, anuncio de la palabra de Dios, y servicio. La vida diaria es el hogar de la formaci\u00f3n. En su \u00e1mbito crecemos y nos realizamos. No se vislumbra otra posible alternativa.<\/p>\n<h2>La formaci\u00f3n permanente proporciona vida nueva<\/h2>\n<p>Todo ser humano experimenta en s\u00ed mismo una tensi\u00f3n entre las tendencias al bien y a al mal, entre las aspiraciones a la santidad y la inclinaci\u00f3n al pecado. Somos, de hecho, santos y pecadores. La FP no se contenta con detectar y presenciar esa confrontaci\u00f3n que nos afecta y esa ambig\u00fcedad que nos envuelve. La FP pone en pie las condiciones adecuadas para descubrir las opciones falsas, las desviaciones y las parcialidades. Y, esto supuesto, para aplicar con paciencia y perseverancia los remedios adecuados en orden al crecimiento y la preponderancia de la vocaci\u00f3n cristiana. Es por eso que la FP alcanza el rango de mediaci\u00f3n imprescindible para dar el paso a una vida nueva.<\/p>\n<h2>Algunos ingredientes y disposiciones requeridas para la formaci\u00f3n permanente<\/h2>\n<p>Puestos a definir la FP dir\u00edamos que es un proceso de conversi\u00f3n y crecimiento integral que, una vez concluida la formaci\u00f3n b\u00e1sica, se prolonga de por vida.<\/p>\n<p>Enumeremos algunas disposiciones personales que la hacen posible:<\/p>\n<ul>\n<li>En primer lugar la disponibilidad para recibir orientaciones y lecciones provenientes de los dem\u00e1s y del mundo que nos rodea.<\/li>\n<li>Es necesaria, adem\u00e1s, no poca apertura para dejarse remodelar por la vida. Aqu\u00ed entra en juego la libertad interior de cada persona..<\/li>\n<li>Percatarse de que cada uno es responsable primero de la propia formaci\u00f3n permanente.<\/li>\n<li>Aprovechar los medios y las oportunidades al alcance de cada cual. Vivir de continuo en estado de formaci\u00f3n.<\/li>\n<li>Ver con realismo las carencias y flaquezas personales a este respecto e intentar superar de buen grado las inercias que tal vez nos afectan.<\/li>\n<li>Asumir alg\u00fan m\u00e9todo en ayuda de las etapas sucesivas de la vida.<\/li>\n<li>Elaborar, ya sea la comunidad provincial ya sea la comunidad local, un proyecto de FP que ampare a la persona particular en tan notable tarea, como es el viaje hacia la madurez cristiana.<\/li>\n<li>Avanzar y avanzar el la FP, teniendo en cuenta la etapa de la vida en la que cada uno se encuentra, lejos lo mismo de la nostalgia del pasado que de un futuro ilusorio.<\/li>\n<\/ul>\n<h2>Dimensiones de la formaci\u00f3n permanente<\/h2>\n<p>La FP, v\u00e1lida y eficaz, ha de afectar a la globalidad de la vida del misionero, en equilibrio y en armon\u00eda. Los humanos somos una entidad \u00fanica y unida. Sin embargo, al dise\u00f1ar los caminos adecuados para avanzar por ellos hacia la formaci\u00f3n, aun respetando la unidad de la persona, nos vemos obligados a se\u00f1alar diversas dimensiones de la formaci\u00f3n. La Ratio Formationis Vincentianae para el Seminario Mayor de la Congregaci\u00f3n de la Misi\u00f3n, publicada en 1988, da nombre a seis dimensiones. El apartado II lleva este t\u00edtulo: El eje vicentino de las cinco dimensiones de nuestra formaci\u00f3n. Trat\u00e1ndose en nuestro caso, no de la formaci\u00f3n inicial, sino de la formaci\u00f3n continua, el reparto en dimensiones permanece invariable. Hoy los tratadistas e incluso el Magisterio eclesial siguen refiri\u00e9ndose a las cinco consabidas dimensiones; en nuestro caso tambi\u00e9n a la dimensi\u00f3n vicentina.<\/p>\n<h3>Formaci\u00f3n vicentina<\/h3>\n<p>Nos corresponde impregnarnos d\u00eda a d\u00eda del carisma de san Vicente, echando mano de los diversos instrumentos, ordinarios o extraordinarios, que tenemos al alcance de la mano: la consulta frecuente de los escritos del Fundador y el aprecio positivo a la tradici\u00f3n vicentina. Hoy disponemos de medios adecuados en orden a la FP vicentina: cursos, jornadas, retiros, semanas vicentinas, celebraciones de las fiestas propias y e incluso de una vida comunitaria inspirada por un mismo ideal vicentino. Por otra parte, contamos con bibliograf\u00eda abundante y de calidad. La lectura orante de las conferencias de san Vicente y de las Constituciones produce en nosotros efectos muy positivos. Estos medios, bien aprovechados nos ayudan a ir perfilando nuestra propia identidad vicentina dentro de la Iglesia.<\/p>\n<h3>Formaci\u00f3n humana<\/h3>\n<p>Se ha dicho que el hombre cuando nace es un diamante en bruto, pero diamante. Esa materia prima, bien remodelada, dar\u00e1 lugar a una obra de arte de valor incalculable. Algo parecido sucede con el hombre. Bien orientado, alcanza un alto grado de madurez y libertad. A este fin conviene comenzar reconociendo los propios dones y carencias, las cualidades y las deficiencias personales. Es de sabios conocerse con libertad en lo positivo y en lo negativo. Se han de sopesar las aptitudes corporales, espirituales e intelectuales. Tambi\u00e9n las limitaciones: temores, reacciones defensivas, cerraz\u00f3n, capacidad o no de escucha, amor o no a la verdad y capacidad o no de iniciativa. Supuesto este primer paso, la formaci\u00f3n humana intentar\u00e1 por un parte impulsar el desarrollo de los dones recibidos de Dios y por otra ayudar a la persona a superar las limitaciones propias. La formaci\u00f3n humana permanente pone y refuerza los fundamentos sobre los que se asentar\u00e1n las dem\u00e1s dimensiones de la persona y de la formaci\u00f3n.<\/p>\n<h3>Formaci\u00f3n espiritual<\/h3>\n<p>La vida espiritual intenta alcanzar una meta: revestirse de Jesucristo. Toca a cada uno poner en pr\u00e1ctica los medios adecuados. Entre estos se encuentra la apertura a las inspiraciones el Esp\u00edritu Santo, profundizar en la consagraci\u00f3n bautismal, asimilar el misterio de la muerte y resurrecci\u00f3n de Cristo y participar en las pr\u00e1cticas espirituales: oraci\u00f3n personal y comunitaria, liturgia de las horas, lectura orante de la palabra de Dios, eucarist\u00eda y b\u00fasqueda del perd\u00f3n de Dios, honrar e imitar a la Madre de Dios.. Por otra parte, la contemplaci\u00f3n de Jesucristo evangelizador de los pobres es pieza fundamental de la espiritualidad de un vicentino.<\/p>\n<h3>Formaci\u00f3n apost\u00f3lica<\/h3>\n<p>El fin de la Congregaci\u00f3n de la Misi\u00f3n es seguir a Jesucristo evangelizador de los pobres. Las energ\u00edas del misionero vicentino se orientan en esta direcci\u00f3n. De ah\u00ed que hayamos de estar siempre en disposici\u00f3n de aceptar la misi\u00f3n pastoral de la Congregaci\u00f3n. En la pr\u00e1ctica, habr\u00e1 que servirse de los medios aptos para alcanzar este fin: amor desinteresado a los humildes, preferencia clara por el apostolado entre los pobres, sentido comunitario de las obras, cierta participaci\u00f3n en la condici\u00f3n de los pobres, conciencia cr\u00edtica de las causas de la pobreza, actualizaci\u00f3n de los m\u00e9todos pastorales y colaboraci\u00f3n con los laicos, e sinton\u00eda siempre con la iglesia local. En la actualidad son notorios los cambios r\u00e1pidos experimentados por la sociedad en sus diversas vertientes: cultural, social y de costumbres. El misionero vicentino procurar\u00e1 con toda diligencia examinar esa realidad cambiante. Su apostolado depender\u00e1 en buena medida de la aplicaci\u00f3n de m\u00e9todos adecuados a la nueva situaci\u00f3n. La FP en lo concerniente al apostolado afecta a los misioneros de todas las edades, j\u00f3venes, adultos y entrados en a\u00f1os.<\/p>\n<h3>Formaci\u00f3n intelectual<\/h3>\n<p>La formaci\u00f3n inicial nos marca para siempre. Pero no basta. No podemos vivir de las rentas. Necesitamos de continuo un suplemento de FP en el campo de los saberes teol\u00f3gicos y pastorales. De ah\u00ed la conveniencia de incidir en la parcela de la formaci\u00f3n intelectual y profesional. Un ejemplo aclara lo que decimos. Hoy no nos es permitido hablar a los fieles acerca de Dios y de las anta\u00f1o llamadas verdades eternas en los t\u00e9rminos y con los tonos que lo hac\u00edan nuestros misioneros y formadores del Seminario Interno. Podr\u00edamos aducir otros ejemplos. Tengamos en cuenta, por otra parte, que la conceptualizaci\u00f3n de la teolog\u00eda y la nomenclatura en uso han experimentado cambios significativos. Puestos a concretar me aventuro a sugerir un esfuerzo suplementario de formaci\u00f3n en los siguientes bloques: la asimilaci\u00f3n con mayor claridad del misterio de Cristo, la comprensi\u00f3n actualizada de la palabra de Dios, un conocimiento global y renovado de la doctrina cat\u00f3lica, m\u00e1s y mejor conocimiento te\u00f3rico y pr\u00e1ctico de la liturgia y una ulterior reflexi\u00f3n sobre la doctrina social de la Iglesia. Sin olvidar, por supuesto, las nuevas metodolog\u00edas pastorales y las t\u00e9cnicas al servicio de la evangelizaci\u00f3n. En la actualidad contamos con medios para efectuar una formaci\u00f3n continua eficiente: el estudio personal, la asistencia a cursos de muy variada \u00edndole, el intercambio con otros presb\u00edteros y la lectura de libros y revistas bien seleccionados. Hoy se nos pide una sensibilidad abierta para percibir las nuevas situaciones en lo referente a los avances en la ciencia teol\u00f3gica y a la espiritualidad. No quepa la menor duda que sin suficiente formaci\u00f3n permanente nos sentir\u00edamos relegados y distantes de los foros en los que se fraguan las sucesivas innovaciones<\/p>\n<h2>Conclusi\u00f3n<\/h2>\n<p>De lo dicho hasta ahora se deduce que la FP no es algo puntual, espor\u00e1dico, extraordinario. Se trata de un proceso de crecimiento continuado que nos acompa\u00f1a de por vida. Tampoco tiene como fin \u00fanico acumular conocimientos, dejando al margen el desenvolvimiento de otras vertientes de nuestro ser. El crecimiento, y la FP que lo apoya y hace posible, viene exigido por la vocaci\u00f3n cristiana y vicentina que pide respuestas en fidelidad. Viene requerido incluso por la condici\u00f3n propia de todo ser vivo. Quien no avanza retrocede. En la actualidad calificamos a la escuela de la vida diaria, con sus proyectos, actividades, situaciones y vivencias, de lugar apropiado para la formaci\u00f3n permanente. En ese \u00e1mbito se fragua el recorrido hacia la madurez vocacional. Hablamos, por supuesto, de la vida del misionero en sus diversas fases: joven, adulto, anciano. Todo momento es apto para crecer en cuanto cristianos y vicentinos a base de una formaci\u00f3n permanente de calidad.<\/p>\n","protected":false},"excerpt":{"rendered":"<p>La formaci\u00f3n permanente (desde ahora: FP) no es un fin en s\u00ed mismo, es un medio. Mantiene una estrecha relaci\u00f3n con la pastoral, los diversos apostolados y ministerios de los vicentinos. La FP alimenta y &#8230; <a href=\"https:\/\/vincentians.com\/es\/la-formacion-permanente-integral\/\" class=\"more-link\">Read More<\/a><\/p>\n","protected":false},"author":4,"featured_media":45275,"comment_status":"open","ping_status":"open","sticky":false,"template":"","format":"standard","meta":{"jetpack_post_was_ever_published":false,"_jetpack_newsletter_access":"","_jetpack_dont_email_post_to_subs":false,"_jetpack_newsletter_tier_id":0,"_jetpack_memberships_contains_paywalled_content":false,"_jetpack_memberships_contains_paid_content":false,"footnotes":"","jetpack_publicize_message":"","jetpack_publicize_feature_enabled":true,"jetpack_social_post_already_shared":true,"jetpack_social_options":{"image_generator_settings":{"template":"highway","default_image_id":0,"font":"","enabled":false},"version":2}},"categories":[29],"tags":[],"class_list":["post-45274","post","type-post","status-publish","format-standard","has-post-thumbnail","hentry","category-formacion-cristiana"],"yoast_head":"<!-- This site is optimized with the Yoast SEO plugin v26.3 - https:\/\/yoast.com\/wordpress\/plugins\/seo\/ -->\n<title>La formaci\u00f3n permanente integral - Somos Vicencianos<\/title>\n<meta name=\"robots\" content=\"index, follow, max-snippet:-1, max-image-preview:large, max-video-preview:-1\" \/>\n<link rel=\"canonical\" href=\"https:\/\/vincentians.com\/es\/la-formacion-permanente-integral\/\" \/>\n<meta property=\"og:locale\" content=\"es_ES\" \/>\n<meta property=\"og:type\" content=\"article\" \/>\n<meta property=\"og:title\" content=\"La formaci\u00f3n permanente integral - Somos Vicencianos\" \/>\n<meta property=\"og:description\" content=\"La formaci\u00f3n permanente (desde ahora: FP) no es un fin en s\u00ed mismo, es un medio. Mantiene una estrecha relaci\u00f3n con la pastoral, los diversos apostolados y ministerios de los vicentinos. La FP alimenta y ... Read More\" \/>\n<meta property=\"og:url\" content=\"https:\/\/vincentians.com\/es\/la-formacion-permanente-integral\/\" \/>\n<meta property=\"og:site_name\" content=\"Somos Vicencianos\" \/>\n<meta property=\"article:publisher\" content=\"https:\/\/www.facebook.com\/WeAreVincentians\/\" \/>\n<meta property=\"article:author\" content=\"https:\/\/www.facebook.com\/JavierChento\" \/>\n<meta property=\"article:published_time\" content=\"2011-07-05T04:59:05+00:00\" \/>\n<meta property=\"article:modified_time\" content=\"2016-07-26T16:55:25+00:00\" \/>\n<meta name=\"author\" content=\"Francisco Javier Fern\u00e1ndez Chento\" \/>\n<meta name=\"twitter:card\" content=\"summary_large_image\" \/>\n<meta name=\"twitter:creator\" content=\"@https:\/\/twitter.com\/javierchento\" \/>\n<meta name=\"twitter:site\" content=\"@WeVincentians\" \/>\n<meta name=\"twitter:label1\" content=\"Escrito por\" \/>\n\t<meta name=\"twitter:data1\" content=\"Francisco Javier Fern\u00e1ndez Chento\" \/>\n\t<meta name=\"twitter:label2\" content=\"Tiempo de lectura\" \/>\n\t<meta name=\"twitter:data2\" content=\"19 minutos\" \/>\n<script type=\"application\/ld+json\" class=\"yoast-schema-graph\">{\"@context\":\"https:\/\/schema.org\",\"@graph\":[{\"@type\":\"Article\",\"@id\":\"https:\/\/vincentians.com\/es\/la-formacion-permanente-integral\/#article\",\"isPartOf\":{\"@id\":\"https:\/\/vincentians.com\/es\/la-formacion-permanente-integral\/\"},\"author\":{\"name\":\"Francisco Javier Fern\u00e1ndez Chento\",\"@id\":\"http:\/\/vincentians.com\/es\/#\/schema\/person\/9623ef4d9aa3b2dfb8c061f1499288f2\"},\"headline\":\"La formaci\u00f3n permanente integral\",\"datePublished\":\"2011-07-05T04:59:05+00:00\",\"dateModified\":\"2016-07-26T16:55:25+00:00\",\"mainEntityOfPage\":{\"@id\":\"https:\/\/vincentians.com\/es\/la-formacion-permanente-integral\/\"},\"wordCount\":3788,\"commentCount\":0,\"publisher\":{\"@id\":\"http:\/\/vincentians.com\/es\/#organization\"},\"image\":{\"@id\":\"https:\/\/vincentians.com\/es\/la-formacion-permanente-integral\/#primaryimage\"},\"thumbnailUrl\":\"\",\"articleSection\":[\"Formaci\u00f3n Cristiana\"],\"inLanguage\":\"es\",\"potentialAction\":[{\"@type\":\"CommentAction\",\"name\":\"Comment\",\"target\":[\"https:\/\/vincentians.com\/es\/la-formacion-permanente-integral\/#respond\"]}]},{\"@type\":\"WebPage\",\"@id\":\"https:\/\/vincentians.com\/es\/la-formacion-permanente-integral\/\",\"url\":\"https:\/\/vincentians.com\/es\/la-formacion-permanente-integral\/\",\"name\":\"La formaci\u00f3n permanente integral - Somos Vicencianos\",\"isPartOf\":{\"@id\":\"http:\/\/vincentians.com\/es\/#website\"},\"primaryImageOfPage\":{\"@id\":\"https:\/\/vincentians.com\/es\/la-formacion-permanente-integral\/#primaryimage\"},\"image\":{\"@id\":\"https:\/\/vincentians.com\/es\/la-formacion-permanente-integral\/#primaryimage\"},\"thumbnailUrl\":\"\",\"datePublished\":\"2011-07-05T04:59:05+00:00\",\"dateModified\":\"2016-07-26T16:55:25+00:00\",\"breadcrumb\":{\"@id\":\"https:\/\/vincentians.com\/es\/la-formacion-permanente-integral\/#breadcrumb\"},\"inLanguage\":\"es\",\"potentialAction\":[{\"@type\":\"ReadAction\",\"target\":[\"https:\/\/vincentians.com\/es\/la-formacion-permanente-integral\/\"]}]},{\"@type\":\"ImageObject\",\"inLanguage\":\"es\",\"@id\":\"https:\/\/vincentians.com\/es\/la-formacion-permanente-integral\/#primaryimage\",\"url\":\"\",\"contentUrl\":\"\"},{\"@type\":\"BreadcrumbList\",\"@id\":\"https:\/\/vincentians.com\/es\/la-formacion-permanente-integral\/#breadcrumb\",\"itemListElement\":[{\"@type\":\"ListItem\",\"position\":1,\"name\":\"Portada\",\"item\":\"http:\/\/vincentians.com\/es\/\"},{\"@type\":\"ListItem\",\"position\":2,\"name\":\"La formaci\u00f3n permanente integral\"}]},{\"@type\":\"WebSite\",\"@id\":\"http:\/\/vincentians.com\/es\/#website\",\"url\":\"http:\/\/vincentians.com\/es\/\",\"name\":\"Somos Vicencianos\",\"description\":\"Know more to serve more\",\"publisher\":{\"@id\":\"http:\/\/vincentians.com\/es\/#organization\"},\"potentialAction\":[{\"@type\":\"SearchAction\",\"target\":{\"@type\":\"EntryPoint\",\"urlTemplate\":\"http:\/\/vincentians.com\/es\/?s={search_term_string}\"},\"query-input\":{\"@type\":\"PropertyValueSpecification\",\"valueRequired\":true,\"valueName\":\"search_term_string\"}}],\"inLanguage\":\"es\"},{\"@type\":\"Organization\",\"@id\":\"http:\/\/vincentians.com\/es\/#organization\",\"name\":\"The Vincentian Network\",\"url\":\"http:\/\/vincentians.com\/es\/\",\"logo\":{\"@type\":\"ImageObject\",\"inLanguage\":\"es\",\"@id\":\"http:\/\/vincentians.com\/es\/#\/schema\/logo\/image\/\",\"url\":\"https:\/\/i1.wp.com\/vincentians.com\/es\/wp-content\/uploads\/sites\/11\/2016\/06\/Vincentian-Network-logo-big.png?fit=778%2C778\",\"contentUrl\":\"https:\/\/i1.wp.com\/vincentians.com\/es\/wp-content\/uploads\/sites\/11\/2016\/06\/Vincentian-Network-logo-big.png?fit=778%2C778\",\"width\":778,\"height\":778,\"caption\":\"The Vincentian Network\"},\"image\":{\"@id\":\"http:\/\/vincentians.com\/es\/#\/schema\/logo\/image\/\"},\"sameAs\":[\"https:\/\/www.facebook.com\/WeAreVincentians\/\",\"https:\/\/x.com\/WeVincentians\"]},{\"@type\":\"Person\",\"@id\":\"http:\/\/vincentians.com\/es\/#\/schema\/person\/9623ef4d9aa3b2dfb8c061f1499288f2\",\"name\":\"Francisco Javier Fern\u00e1ndez Chento\",\"image\":{\"@type\":\"ImageObject\",\"inLanguage\":\"es\",\"@id\":\"http:\/\/vincentians.com\/es\/#\/schema\/person\/image\/\",\"url\":\"https:\/\/secure.gravatar.com\/avatar\/497d5cde87b4c3d097d0315953521681ba2cd523ee66e5077c3711f7021e65de?s=96&d=mm&r=g\",\"contentUrl\":\"https:\/\/secure.gravatar.com\/avatar\/497d5cde87b4c3d097d0315953521681ba2cd523ee66e5077c3711f7021e65de?s=96&d=mm&r=g\",\"caption\":\"Francisco Javier Fern\u00e1ndez Chento\"},\"description\":\"Director General y cofundador de La Red de Formaci\u00f3n Vicenciana. Javier es laico vicenciano, afiliado a la Congregaci\u00f3n de la Misi\u00f3n y miembro del Equipo de Misiones Populares de la provincia can\u00f3nica de Zaragoza (Espa\u00f1a) de la Congregaci\u00f3n de la Misi\u00f3n. Graduado en la Universidad Oberta de Catalunya con cuatro grados (Asistente de direcci\u00f3n, Gesti\u00f3n Administrativa, Recursos Humanos y Contabilidad Avanzada). Bil\u00edng\u00fce Espa\u00f1ol\/Ingl\u00e9s. gestiona y mantiene varias p\u00e1ginas web cristianas y vicencianas, incluida including La Red de Formaci\u00f3n Vicenciana, de la que es cofundador. Actualmente es responsable del \u00e1rea de Espa\u00f1ol de .famvin, la Red de Noticias de la Familia Vicenciana. Tambi\u00e9n es m\u00fasico cat\u00f3lico y ha editado varios discos. Es Director General y cofundador de Trovador, una reconocida compa\u00f1\u00eda discogr\u00e1fica critiana de Espa\u00f1a. Trabaja en las Tecnolog\u00edas de la Informaci\u00f3n, ofreciendo servicios de alojamiento, dise\u00f1o y mantenimiento Web, as\u00ed como asesoramiento, formaci\u00f3n y soluciones inform\u00e1ticas, gesti\u00f3n documental y digitalizaci\u00f3n de textos, edici\u00f3n y maquetaci\u00f3n de libros, revistas, flyers, etc.\",\"sameAs\":[\"http:\/\/chento.org\",\"https:\/\/www.facebook.com\/JavierChento\",\"https:\/\/x.com\/https:\/\/twitter.com\/javierchento\"],\"url\":\"https:\/\/vincentians.com\/es\/author\/chento\/\"}]}<\/script>\n<!-- \/ Yoast SEO plugin. -->","yoast_head_json":{"title":"La formaci\u00f3n permanente integral - Somos Vicencianos","robots":{"index":"index","follow":"follow","max-snippet":"max-snippet:-1","max-image-preview":"max-image-preview:large","max-video-preview":"max-video-preview:-1"},"canonical":"https:\/\/vincentians.com\/es\/la-formacion-permanente-integral\/","og_locale":"es_ES","og_type":"article","og_title":"La formaci\u00f3n permanente integral - Somos Vicencianos","og_description":"La formaci\u00f3n permanente (desde ahora: FP) no es un fin en s\u00ed mismo, es un medio. Mantiene una estrecha relaci\u00f3n con la pastoral, los diversos apostolados y ministerios de los vicentinos. La FP alimenta y ... Read More","og_url":"https:\/\/vincentians.com\/es\/la-formacion-permanente-integral\/","og_site_name":"Somos Vicencianos","article_publisher":"https:\/\/www.facebook.com\/WeAreVincentians\/","article_author":"https:\/\/www.facebook.com\/JavierChento","article_published_time":"2011-07-05T04:59:05+00:00","article_modified_time":"2016-07-26T16:55:25+00:00","author":"Francisco Javier Fern\u00e1ndez Chento","twitter_card":"summary_large_image","twitter_creator":"@https:\/\/twitter.com\/javierchento","twitter_site":"@WeVincentians","twitter_misc":{"Escrito por":"Francisco Javier Fern\u00e1ndez Chento","Tiempo de lectura":"19 minutos"},"schema":{"@context":"https:\/\/schema.org","@graph":[{"@type":"Article","@id":"https:\/\/vincentians.com\/es\/la-formacion-permanente-integral\/#article","isPartOf":{"@id":"https:\/\/vincentians.com\/es\/la-formacion-permanente-integral\/"},"author":{"name":"Francisco Javier Fern\u00e1ndez Chento","@id":"http:\/\/vincentians.com\/es\/#\/schema\/person\/9623ef4d9aa3b2dfb8c061f1499288f2"},"headline":"La formaci\u00f3n permanente integral","datePublished":"2011-07-05T04:59:05+00:00","dateModified":"2016-07-26T16:55:25+00:00","mainEntityOfPage":{"@id":"https:\/\/vincentians.com\/es\/la-formacion-permanente-integral\/"},"wordCount":3788,"commentCount":0,"publisher":{"@id":"http:\/\/vincentians.com\/es\/#organization"},"image":{"@id":"https:\/\/vincentians.com\/es\/la-formacion-permanente-integral\/#primaryimage"},"thumbnailUrl":"","articleSection":["Formaci\u00f3n Cristiana"],"inLanguage":"es","potentialAction":[{"@type":"CommentAction","name":"Comment","target":["https:\/\/vincentians.com\/es\/la-formacion-permanente-integral\/#respond"]}]},{"@type":"WebPage","@id":"https:\/\/vincentians.com\/es\/la-formacion-permanente-integral\/","url":"https:\/\/vincentians.com\/es\/la-formacion-permanente-integral\/","name":"La formaci\u00f3n permanente integral - Somos Vicencianos","isPartOf":{"@id":"http:\/\/vincentians.com\/es\/#website"},"primaryImageOfPage":{"@id":"https:\/\/vincentians.com\/es\/la-formacion-permanente-integral\/#primaryimage"},"image":{"@id":"https:\/\/vincentians.com\/es\/la-formacion-permanente-integral\/#primaryimage"},"thumbnailUrl":"","datePublished":"2011-07-05T04:59:05+00:00","dateModified":"2016-07-26T16:55:25+00:00","breadcrumb":{"@id":"https:\/\/vincentians.com\/es\/la-formacion-permanente-integral\/#breadcrumb"},"inLanguage":"es","potentialAction":[{"@type":"ReadAction","target":["https:\/\/vincentians.com\/es\/la-formacion-permanente-integral\/"]}]},{"@type":"ImageObject","inLanguage":"es","@id":"https:\/\/vincentians.com\/es\/la-formacion-permanente-integral\/#primaryimage","url":"","contentUrl":""},{"@type":"BreadcrumbList","@id":"https:\/\/vincentians.com\/es\/la-formacion-permanente-integral\/#breadcrumb","itemListElement":[{"@type":"ListItem","position":1,"name":"Portada","item":"http:\/\/vincentians.com\/es\/"},{"@type":"ListItem","position":2,"name":"La formaci\u00f3n permanente integral"}]},{"@type":"WebSite","@id":"http:\/\/vincentians.com\/es\/#website","url":"http:\/\/vincentians.com\/es\/","name":"Somos Vicencianos","description":"Know more to serve more","publisher":{"@id":"http:\/\/vincentians.com\/es\/#organization"},"potentialAction":[{"@type":"SearchAction","target":{"@type":"EntryPoint","urlTemplate":"http:\/\/vincentians.com\/es\/?s={search_term_string}"},"query-input":{"@type":"PropertyValueSpecification","valueRequired":true,"valueName":"search_term_string"}}],"inLanguage":"es"},{"@type":"Organization","@id":"http:\/\/vincentians.com\/es\/#organization","name":"The Vincentian Network","url":"http:\/\/vincentians.com\/es\/","logo":{"@type":"ImageObject","inLanguage":"es","@id":"http:\/\/vincentians.com\/es\/#\/schema\/logo\/image\/","url":"https:\/\/i1.wp.com\/vincentians.com\/es\/wp-content\/uploads\/sites\/11\/2016\/06\/Vincentian-Network-logo-big.png?fit=778%2C778","contentUrl":"https:\/\/i1.wp.com\/vincentians.com\/es\/wp-content\/uploads\/sites\/11\/2016\/06\/Vincentian-Network-logo-big.png?fit=778%2C778","width":778,"height":778,"caption":"The Vincentian Network"},"image":{"@id":"http:\/\/vincentians.com\/es\/#\/schema\/logo\/image\/"},"sameAs":["https:\/\/www.facebook.com\/WeAreVincentians\/","https:\/\/x.com\/WeVincentians"]},{"@type":"Person","@id":"http:\/\/vincentians.com\/es\/#\/schema\/person\/9623ef4d9aa3b2dfb8c061f1499288f2","name":"Francisco Javier Fern\u00e1ndez Chento","image":{"@type":"ImageObject","inLanguage":"es","@id":"http:\/\/vincentians.com\/es\/#\/schema\/person\/image\/","url":"https:\/\/secure.gravatar.com\/avatar\/497d5cde87b4c3d097d0315953521681ba2cd523ee66e5077c3711f7021e65de?s=96&d=mm&r=g","contentUrl":"https:\/\/secure.gravatar.com\/avatar\/497d5cde87b4c3d097d0315953521681ba2cd523ee66e5077c3711f7021e65de?s=96&d=mm&r=g","caption":"Francisco Javier Fern\u00e1ndez Chento"},"description":"Director General y cofundador de La Red de Formaci\u00f3n Vicenciana. Javier es laico vicenciano, afiliado a la Congregaci\u00f3n de la Misi\u00f3n y miembro del Equipo de Misiones Populares de la provincia can\u00f3nica de Zaragoza (Espa\u00f1a) de la Congregaci\u00f3n de la Misi\u00f3n. Graduado en la Universidad Oberta de Catalunya con cuatro grados (Asistente de direcci\u00f3n, Gesti\u00f3n Administrativa, Recursos Humanos y Contabilidad Avanzada). Bil\u00edng\u00fce Espa\u00f1ol\/Ingl\u00e9s. gestiona y mantiene varias p\u00e1ginas web cristianas y vicencianas, incluida including La Red de Formaci\u00f3n Vicenciana, de la que es cofundador. Actualmente es responsable del \u00e1rea de Espa\u00f1ol de .famvin, la Red de Noticias de la Familia Vicenciana. Tambi\u00e9n es m\u00fasico cat\u00f3lico y ha editado varios discos. Es Director General y cofundador de Trovador, una reconocida compa\u00f1\u00eda discogr\u00e1fica critiana de Espa\u00f1a. Trabaja en las Tecnolog\u00edas de la Informaci\u00f3n, ofreciendo servicios de alojamiento, dise\u00f1o y mantenimiento Web, as\u00ed como asesoramiento, formaci\u00f3n y soluciones inform\u00e1ticas, gesti\u00f3n documental y digitalizaci\u00f3n de textos, edici\u00f3n y maquetaci\u00f3n de libros, revistas, flyers, etc.","sameAs":["http:\/\/chento.org","https:\/\/www.facebook.com\/JavierChento","https:\/\/x.com\/https:\/\/twitter.com\/javierchento"],"url":"https:\/\/vincentians.com\/es\/author\/chento\/"}]}},"jetpack_publicize_connections":[],"jetpack_featured_media_url":"","jetpack_sharing_enabled":true,"jetpack_shortlink":"https:\/\/wp.me\/p7ETMF-bMe","jetpack-related-posts":[{"id":38552,"url":"https:\/\/vincentians.com\/es\/formacion-permanente-como-fidelidad-creativa\/","url_meta":{"origin":45274,"position":0},"title":"Formaci\u00f3n Permanente como fidelidad creativa","author":"Francisco Javier Fern\u00e1ndez Chento","date":"10\/02\/2015","format":false,"excerpt":"1. Introducci\u00f3n La Formaci\u00f3n Permanente (FP) y la fidelidad al carisma vicen\u00adtino constituyen \"los pilares\" de la renovaci\u00f3n espiritual y apost\u00f3lica de la Congregaci\u00f3n. Nuestras Constituciones hablan al respecto: \"... Presten, adem\u00e1s, los misioneros ayuda espiritual a los sacerdotes, favoreciendo su for\u00admaci\u00f3n continua y fomentando el estudio pastoral. Susciten en\u2026","rel":"","context":"En \u00abFormaci\u00f3n Vicenciana\u00bb","block_context":{"text":"Formaci\u00f3n Vicenciana","link":"https:\/\/vincentians.com\/es\/category\/formacion-vicenciana\/"},"img":{"alt_text":"","src":"https:\/\/i0.wp.com\/vicencianos.org\/wp-content\/2011\/05\/formacion_permanente-300x298.jpg?resize=350%2C200","width":350,"height":200},"classes":[]},{"id":132576,"url":"https:\/\/vincentians.com\/es\/manual-para-afiliados-a-la-congregacion-de-la-mision-en-colombia\/","url_meta":{"origin":45274,"position":1},"title":"Manual para Afiliados a la Congregaci\u00f3n de la Misi\u00f3n en Colombia","author":"Francisco Javier Fern\u00e1ndez Chento","date":"11\/12\/2014","format":false,"excerpt":"1. Justificaci\u00f3n: La inmensa mayor\u00eda de los miembros de la Familia Vicentina en el mundo y en Colombia, son laicos Existe un grupo considerable de afiliados a la Congregaci\u00f3n de la Misi\u00f3n en Colombia Hay poco conocimiento mutuo entre la Congregaci\u00f3n y sus afiliados laicos : ni ellos saben mucho\u2026","rel":"","context":"En \u00abDocumentos de otras Ramas e Instituciones vicencianas\u00bb","block_context":{"text":"Documentos de otras Ramas e Instituciones vicencianas","link":"https:\/\/vincentians.com\/es\/category\/formacion-vicenciana\/documentos-oficiales-de-la-familia-vicenciana\/documentos-de-otras-ramas-e-instituciones-vicencianas\/"},"img":{"alt_text":"logo_afiliados","src":"https:\/\/i0.wp.com\/vicencianos.org\/wp-content\/2014\/12\/logo_afiliados-300x291.jpg?resize=350%2C200","width":350,"height":200},"classes":[]},{"id":137106,"url":"https:\/\/vincentians.com\/es\/estatutos-de-misevi-en-colombia-2\/","url_meta":{"origin":45274,"position":2},"title":"Estatutos de Fundaci\u00f3n Vicentina Luisa de Marillac en Colombia","author":"Francisco Javier Fern\u00e1ndez Chento","date":"31\/01\/2015","format":false,"excerpt":"Introducci\u00f3n hist\u00f3rica La historia providencial de la Fundaci\u00f3n Vicentina Luisa de Marillac se inicia en la cuna del carisma vicentino, Francia, con la afiliaci\u00f3n de la conocida en ese momento como \u201cobra de la venerable Luisa de Marillac\u201d a la familia de las Damas de la Caridad. Este hecho fundacional\u2026","rel":"","context":"En \u00abDocumentos de otras Ramas e Instituciones vicencianas\u00bb","block_context":{"text":"Documentos de otras Ramas e Instituciones vicencianas","link":"https:\/\/vincentians.com\/es\/category\/formacion-vicenciana\/documentos-oficiales-de-la-familia-vicenciana\/documentos-de-otras-ramas-e-instituciones-vicencianas\/"},"img":{"alt_text":"fvlm","src":"https:\/\/i0.wp.com\/vicencianos.org\/wp-content\/2014\/12\/fvlm-300x300.jpg?resize=350%2C200","width":350,"height":200},"classes":[]},{"id":137107,"url":"https:\/\/vincentians.com\/es\/estatutos-de-aic-en-colombia\/","url_meta":{"origin":45274,"position":3},"title":"Estatutos de AIC en Colombia","author":"Francisco Javier Fern\u00e1ndez Chento","date":"01\/02\/2015","format":false,"excerpt":"CAPITULO I: NOMBRE, NATURALEZA, OBJETO, PATRIMONIO, DURACI\u00d3N Y DOMICILIO Art\u00edculo 1: NOMBRE. Organismo Nacional de Asociaciones Voluntarias Vicentinas de la Caridad que en adelante llevar\u00e1 el nombre de: FEDERACI\u00d3N NACIONAL DE VOLUNTARIADOS VICENTINOS DE LA CARIDAD A.I.C. COLOMBIA, se regir\u00e1 por estos estatutos y en lo no dispuesto en \u00e9l,\u2026","rel":"","context":"En \u00abDocumentos de Asociaci\u00f3n Internacional de Caridades\u00bb","block_context":{"text":"Documentos de Asociaci\u00f3n Internacional de Caridades","link":"https:\/\/vincentians.com\/es\/category\/formacion-vicenciana\/documentos-oficiales-de-la-familia-vicenciana\/documentos-de-asociacion-internacional-de-caridades\/"},"img":{"alt_text":"aic_colombia","src":"https:\/\/i0.wp.com\/vicencianos.org\/wp-content\/2014\/12\/aic_colombia-300x300.jpg?resize=350%2C200","width":350,"height":200},"classes":[]},{"id":134512,"url":"https:\/\/vincentians.com\/es\/dos-papas-santos-simpatizantes-del-carisma-vicentino\/","url_meta":{"origin":45274,"position":4},"title":"Dos papas santos simpatizantes del carisma vicentino","author":"Francisco Javier Fern\u00e1ndez Chento","date":"31\/12\/2014","format":false,"excerpt":"El Papa Francisco canoniz\u00f3 a los papas Juan XXIII (1881\u20131963) y Juan Pablo II (1929\u20132005) el 27 de abril de 2014 en Roma, en el contexto del 50 aniversario de la apertura del Concilio Vaticano II convocado por el papa Roncalli, convirti\u00e9ndose as\u00ed en los otros pont\u00edfices proclamados santos en\u2026","rel":"","context":"En \u00abFormaci\u00f3n Vicenciana\u00bb","block_context":{"text":"Formaci\u00f3n Vicenciana","link":"https:\/\/vincentians.com\/es\/category\/formacion-vicenciana\/"},"img":{"alt_text":"juan23_y_juanpablo2","src":"https:\/\/i0.wp.com\/vicencianos.org\/wp-content\/2014\/12\/juan23_y_juanpablo2.jpg?resize=350%2C200","width":350,"height":200},"classes":[]},{"id":132875,"url":"https:\/\/vincentians.com\/es\/estatutos-de-misevi-en-colombia\/","url_meta":{"origin":45274,"position":5},"title":"Estatutos de MISEVI en Colombia","author":"Francisco Javier Fern\u00e1ndez Chento","date":"17\/12\/2014","format":false,"excerpt":"CONREGAZIONE DELLA MISSIONE Cuna Generaiizia Roma 27 de abril 2005 Padre Gabriel NARANJO SALAZAR, CM Visitador Bogot\u00e1 Querido Gabriel: \u00a1Que la gracia y la paz del Se\u00f1or Jesucristo llenen tu coraz\u00f3n ahora y siempre! Por medio de la presente quiero felicitarte a Ti y en tu nombre, a los miembros\u2026","rel":"","context":"En \u00abDocumentos de Misioneros Seglares Vicencianos\u00bb","block_context":{"text":"Documentos de Misioneros Seglares Vicencianos","link":"https:\/\/vincentians.com\/es\/category\/formacion-vicenciana\/documentos-oficiales-de-la-familia-vicenciana\/documentos-de-misioneros-seglares-vicencianos\/"},"img":{"alt_text":"misevi_colombia","src":"https:\/\/i0.wp.com\/vicencianos.org\/wp-content\/2014\/12\/misevi_colombia-175x300.jpg?resize=350%2C200","width":350,"height":200},"classes":[]}],"_links":{"self":[{"href":"https:\/\/vincentians.com\/es\/wp-json\/wp\/v2\/posts\/45274","targetHints":{"allow":["GET"]}}],"collection":[{"href":"https:\/\/vincentians.com\/es\/wp-json\/wp\/v2\/posts"}],"about":[{"href":"https:\/\/vincentians.com\/es\/wp-json\/wp\/v2\/types\/post"}],"author":[{"embeddable":true,"href":"https:\/\/vincentians.com\/es\/wp-json\/wp\/v2\/users\/4"}],"replies":[{"embeddable":true,"href":"https:\/\/vincentians.com\/es\/wp-json\/wp\/v2\/comments?post=45274"}],"version-history":[{"count":0,"href":"https:\/\/vincentians.com\/es\/wp-json\/wp\/v2\/posts\/45274\/revisions"}],"wp:featuredmedia":[{"embeddable":true,"href":"https:\/\/vincentians.com\/es\/wp-json\/"}],"wp:attachment":[{"href":"https:\/\/vincentians.com\/es\/wp-json\/wp\/v2\/media?parent=45274"}],"wp:term":[{"taxonomy":"category","embeddable":true,"href":"https:\/\/vincentians.com\/es\/wp-json\/wp\/v2\/categories?post=45274"},{"taxonomy":"post_tag","embeddable":true,"href":"https:\/\/vincentians.com\/es\/wp-json\/wp\/v2\/tags?post=45274"}],"curies":[{"name":"wp","href":"https:\/\/api.w.org\/{rel}","templated":true}]}}