{"id":45155,"date":"2011-07-29T00:50:29","date_gmt":"2011-07-28T22:50:29","guid":{"rendered":"http:\/\/somos.vicencianos.org\/blog\/2011\/07\/luisa-de-marillac-carta-0369-al-senor-vicente\/"},"modified":"2016-07-26T11:06:20","modified_gmt":"2016-07-26T09:06:20","slug":"luisa-de-marillac-carta-0369-al-senor-vicente","status":"publish","type":"post","link":"https:\/\/vincentians.com\/es\/luisa-de-marillac-carta-0369-al-senor-vicente\/","title":{"rendered":"Luisa de Marillac, Carta 0369: Al se\u00f1or Vicente"},"content":{"rendered":"<p>Hoy, lunes al anochecer [junio 1651]<span id='easy-footnote-1-45155' class='easy-footnote-margin-adjust'><\/span><span class='easy-footnote'><a href='https:\/\/vincentians.com\/es\/luisa-de-marillac-carta-0369-al-senor-vicente\/#easy-footnote-bottom-1-45155' title='C. 369 Rc 2 It 307.. Carta aut\u00f3grafa. Dorso: junio 1657 (o.l.).'><sup>1<\/sup><\/a><\/span>\n<p>Suplico muy humildemente a su caridad se tome la molestia de ver si esta carta puede enviarse a Montmirail;<span id='easy-footnote-2-45155' class='easy-footnote-margin-adjust'><\/span><span class='easy-footnote'><a href='https:\/\/vincentians.com\/es\/luisa-de-marillac-carta-0369-al-senor-vicente\/#easy-footnote-bottom-2-45155' title='El establecimiento de las Hijas de la Caridad en Montmirail se hizo en 1647.'><sup>2<\/sup><\/a><\/span> el Se\u00f1or Georget y la se\u00f1orita Amaury<span id='easy-footnote-3-45155' class='easy-footnote-margin-adjust'><\/span><span class='easy-footnote'><a href='https:\/\/vincentians.com\/es\/luisa-de-marillac-carta-0369-al-senor-vicente\/#easy-footnote-bottom-3-45155' title='El se\u00f1or Georget y la se\u00f1orita Amaury eran feligreses de San Juan \u00aben Greves\u00bb, de Par\u00eds.'><sup>3<\/sup><\/a><\/span> han venido aqu\u00ed para pedirnos les dejemos a Sor Juana Bautista<span id='easy-footnote-4-45155' class='easy-footnote-margin-adjust'><\/span><span class='easy-footnote'><a href='https:\/\/vincentians.com\/es\/luisa-de-marillac-carta-0369-al-senor-vicente\/#easy-footnote-bottom-4-45155' title='Juana Bautista, la joven (ver C. 271 n. 5), estaba en la Parroquia de   San Juan en Greves antes de ser enviada a Montmirail En su contestaci\u00f3n a   Luisa de Marillac (SVP, IV, 213; S\u00edg. IV, 207), Vicente inquiere qui\u00e9n   pide en realidad a Juana Bautista: los se\u00f1ores feligreses de San Juan o   un joven que la pretende. Juana Bautista, fiel a su vocaci\u00f3n, permanece en Montmirail.'><sup>4<\/sup><\/a><\/span> siquiera otros cuatro meses, y parecen estar muy descontentos con Sor Nicolasa,<span id='easy-footnote-5-45155' class='easy-footnote-margin-adjust'><\/span><span class='easy-footnote'><a href='https:\/\/vincentians.com\/es\/luisa-de-marillac-carta-0369-al-senor-vicente\/#easy-footnote-bottom-5-45155' title='Nicolasa Haran (ver C. 528), lleg\u00f3 a Montmirail en octubre de 1650 (SVP, IX, 531, Conf. esp. p. 398 nota).'><sup>5<\/sup><\/a><\/span> aunque no supieron decirme el motivo. Estaba presente la se\u00f1ora Fouquet, quien sin duda habr\u00e1 advertido que hab\u00eda en ellos un poco de pasi\u00f3n. He procurado hablarles con el debido respeto y les he dicho que la cosa no depend\u00eda de mi en absoluto. He intentado hacerles comprender todo lo que su caridad me hab\u00eda ordenado a prop\u00f3sito de las parroquias de San Esteban y de San Roque.<span id='easy-footnote-6-45155' class='easy-footnote-margin-adjust'><\/span><span class='easy-footnote'><a href='https:\/\/vincentians.com\/es\/luisa-de-marillac-carta-0369-al-senor-vicente\/#easy-footnote-bottom-6-45155' title='Parroquias de Par\u00eds.'><sup>6<\/sup><\/a><\/span> Y al manifestarme que pensaban que usted no les atender\u00eda, les contest\u00e9 que si le expon\u00edan la gran necesidad que de ello dec\u00edan tener, adem\u00e1s de las faltas notables que cre\u00edan ver en Sor Nicolasa, no sab\u00eda yo, al expon\u00e9rselo con toda claridad, cu\u00e1l podr\u00eda ser la decisi\u00f3n de usted en este asunto. Entonces \u00e9l me dijo francamente que ella quer\u00eda salirse de la Compa\u00f1\u00eda y que hac\u00eda todo esto para que la pudi\u00e9semos conservar y tambi\u00e9n otras cosas que apenas tienen fundamento.<\/p>\n<p>Ser\u00eda muy necesario que fuera a hablar con usted la se\u00f1ora Fouquet<span id='easy-footnote-7-45155' class='easy-footnote-margin-adjust'><\/span><span class='easy-footnote'><a href='https:\/\/vincentians.com\/es\/luisa-de-marillac-carta-0369-al-senor-vicente\/#easy-footnote-bottom-7-45155' title='Se\u00f1ora Fouquet, de soltera, Mar\u00eda Maup\u00e9ou, era madre de ocho hijos. Uno  de ellos lleg\u00f3 a ser superintendente de Hacienda, otro Obispo de  Narbona. Una de sus hijas, superiora de la visitaci\u00f3n en Toulouse. La  se\u00f1ora, Fouquet, persona de gran caridad y piedad eminente, muri\u00f3 a los  91 a\u00f1os.'><sup>7<\/sup><\/a><\/span> para decirle lo que piensa el se\u00f1or P\u00e1rroco, pues me parece no sabe nada m\u00e1s que lo que esas dos personas le han hecho creer que necesita aquella Caridad. Si le parece a usted oportuno que yo tenga el honor de ir a verle a usted para decirle todo m\u00e1s ampliamente, le ruego me haga la caridad de mandarme aviso y de creer sigo siendo, mi muy Honorable Padre, su muy humilde&#8230;<\/p>\n","protected":false},"excerpt":{"rendered":"<p>Hoy, lunes al anochecer [junio 1651] Suplico muy humildemente a su caridad se tome la molestia de ver si esta carta puede enviarse a Montmirail; el Se\u00f1or Georget y la se\u00f1orita Amaury han venido aqu\u00ed &#8230; <a href=\"https:\/\/vincentians.com\/es\/luisa-de-marillac-carta-0369-al-senor-vicente\/\" class=\"more-link\">Read More<\/a><\/p>\n","protected":false},"author":4,"featured_media":393751,"comment_status":"open","ping_status":"open","sticky":false,"template":"","format":"standard","meta":{"jetpack_post_was_ever_published":false,"_jetpack_newsletter_access":"","_jetpack_dont_email_post_to_subs":false,"_jetpack_newsletter_tier_id":0,"_jetpack_memberships_contains_paywalled_content":false,"_jetpack_memberships_contains_paid_content":false,"footnotes":"","jetpack_publicize_message":"","jetpack_publicize_feature_enabled":true,"jetpack_social_post_already_shared":true,"jetpack_social_options":{"image_generator_settings":{"template":"highway","default_image_id":0,"font":"","enabled":false},"version":2}},"categories":[67],"tags":[131,137],"class_list":["post-45155","post","type-post","status-publish","format-standard","has-post-thumbnail","hentry","category-escritos-de-luisa-de-marillac","tag-montmirail","tag-san-esteban"],"yoast_head":"<!-- This site is optimized with the Yoast SEO plugin v26.3 - https:\/\/yoast.com\/wordpress\/plugins\/seo\/ -->\n<title>Luisa de Marillac, Carta 0369: Al se\u00f1or Vicente - Somos Vicencianos<\/title>\n<meta name=\"robots\" content=\"index, follow, max-snippet:-1, max-image-preview:large, max-video-preview:-1\" \/>\n<link rel=\"canonical\" href=\"https:\/\/vincentians.com\/es\/luisa-de-marillac-carta-0369-al-senor-vicente\/\" \/>\n<meta property=\"og:locale\" content=\"es_ES\" \/>\n<meta property=\"og:type\" content=\"article\" \/>\n<meta property=\"og:title\" content=\"Luisa de Marillac, Carta 0369: Al se\u00f1or Vicente - Somos Vicencianos\" \/>\n<meta property=\"og:description\" content=\"Hoy, lunes al anochecer [junio 1651] Suplico muy humildemente a su caridad se tome la molestia de ver si esta carta puede enviarse a Montmirail; el Se\u00f1or Georget y la se\u00f1orita Amaury han venido aqu\u00ed ... Read More\" \/>\n<meta property=\"og:url\" content=\"https:\/\/vincentians.com\/es\/luisa-de-marillac-carta-0369-al-senor-vicente\/\" \/>\n<meta property=\"og:site_name\" content=\"Somos Vicencianos\" \/>\n<meta property=\"article:publisher\" content=\"https:\/\/www.facebook.com\/WeAreVincentians\/\" \/>\n<meta property=\"article:author\" content=\"https:\/\/www.facebook.com\/JavierChento\" \/>\n<meta property=\"article:published_time\" content=\"2011-07-28T22:50:29+00:00\" \/>\n<meta property=\"article:modified_time\" content=\"2016-07-26T09:06:20+00:00\" \/>\n<meta property=\"og:image\" content=\"https:\/\/i0.wp.com\/vincentians.com\/es\/wp-content\/uploads\/sites\/11\/2016\/07\/escritos-luisa-de-marillac.jpg?fit=1200%2C630&ssl=1\" \/>\n\t<meta property=\"og:image:width\" content=\"1200\" \/>\n\t<meta property=\"og:image:height\" content=\"630\" \/>\n\t<meta property=\"og:image:type\" content=\"image\/jpeg\" \/>\n<meta name=\"author\" content=\"Francisco Javier Fern\u00e1ndez Chento\" \/>\n<meta name=\"twitter:card\" content=\"summary_large_image\" \/>\n<meta name=\"twitter:creator\" content=\"@https:\/\/twitter.com\/javierchento\" \/>\n<meta name=\"twitter:site\" content=\"@WeVincentians\" \/>\n<meta name=\"twitter:label1\" content=\"Escrito por\" \/>\n\t<meta name=\"twitter:data1\" content=\"Francisco Javier Fern\u00e1ndez Chento\" \/>\n\t<meta name=\"twitter:label2\" content=\"Tiempo de lectura\" \/>\n\t<meta name=\"twitter:data2\" content=\"3 minutos\" \/>\n<script type=\"application\/ld+json\" class=\"yoast-schema-graph\">{\"@context\":\"https:\/\/schema.org\",\"@graph\":[{\"@type\":\"Article\",\"@id\":\"https:\/\/vincentians.com\/es\/luisa-de-marillac-carta-0369-al-senor-vicente\/#article\",\"isPartOf\":{\"@id\":\"https:\/\/vincentians.com\/es\/luisa-de-marillac-carta-0369-al-senor-vicente\/\"},\"author\":{\"name\":\"Francisco Javier Fern\u00e1ndez Chento\",\"@id\":\"http:\/\/vincentians.com\/es\/#\/schema\/person\/9623ef4d9aa3b2dfb8c061f1499288f2\"},\"headline\":\"Luisa de Marillac, Carta 0369: Al se\u00f1or Vicente\",\"datePublished\":\"2011-07-28T22:50:29+00:00\",\"dateModified\":\"2016-07-26T09:06:20+00:00\",\"mainEntityOfPage\":{\"@id\":\"https:\/\/vincentians.com\/es\/luisa-de-marillac-carta-0369-al-senor-vicente\/\"},\"wordCount\":524,\"commentCount\":0,\"publisher\":{\"@id\":\"http:\/\/vincentians.com\/es\/#organization\"},\"image\":{\"@id\":\"https:\/\/vincentians.com\/es\/luisa-de-marillac-carta-0369-al-senor-vicente\/#primaryimage\"},\"thumbnailUrl\":\"https:\/\/i0.wp.com\/vincentians.com\/es\/wp-content\/uploads\/sites\/11\/2016\/07\/escritos-luisa-de-marillac.jpg?fit=1200%2C630&ssl=1\",\"keywords\":[\"Montmirail\",\"San Esteban\"],\"articleSection\":[\"Escritos de Luisa de Marillac\"],\"inLanguage\":\"es\",\"potentialAction\":[{\"@type\":\"CommentAction\",\"name\":\"Comment\",\"target\":[\"https:\/\/vincentians.com\/es\/luisa-de-marillac-carta-0369-al-senor-vicente\/#respond\"]}]},{\"@type\":\"WebPage\",\"@id\":\"https:\/\/vincentians.com\/es\/luisa-de-marillac-carta-0369-al-senor-vicente\/\",\"url\":\"https:\/\/vincentians.com\/es\/luisa-de-marillac-carta-0369-al-senor-vicente\/\",\"name\":\"Luisa de Marillac, Carta 0369: Al se\u00f1or Vicente - Somos Vicencianos\",\"isPartOf\":{\"@id\":\"http:\/\/vincentians.com\/es\/#website\"},\"primaryImageOfPage\":{\"@id\":\"https:\/\/vincentians.com\/es\/luisa-de-marillac-carta-0369-al-senor-vicente\/#primaryimage\"},\"image\":{\"@id\":\"https:\/\/vincentians.com\/es\/luisa-de-marillac-carta-0369-al-senor-vicente\/#primaryimage\"},\"thumbnailUrl\":\"https:\/\/i0.wp.com\/vincentians.com\/es\/wp-content\/uploads\/sites\/11\/2016\/07\/escritos-luisa-de-marillac.jpg?fit=1200%2C630&ssl=1\",\"datePublished\":\"2011-07-28T22:50:29+00:00\",\"dateModified\":\"2016-07-26T09:06:20+00:00\",\"breadcrumb\":{\"@id\":\"https:\/\/vincentians.com\/es\/luisa-de-marillac-carta-0369-al-senor-vicente\/#breadcrumb\"},\"inLanguage\":\"es\",\"potentialAction\":[{\"@type\":\"ReadAction\",\"target\":[\"https:\/\/vincentians.com\/es\/luisa-de-marillac-carta-0369-al-senor-vicente\/\"]}]},{\"@type\":\"ImageObject\",\"inLanguage\":\"es\",\"@id\":\"https:\/\/vincentians.com\/es\/luisa-de-marillac-carta-0369-al-senor-vicente\/#primaryimage\",\"url\":\"https:\/\/i0.wp.com\/vincentians.com\/es\/wp-content\/uploads\/sites\/11\/2016\/07\/escritos-luisa-de-marillac.jpg?fit=1200%2C630&ssl=1\",\"contentUrl\":\"https:\/\/i0.wp.com\/vincentians.com\/es\/wp-content\/uploads\/sites\/11\/2016\/07\/escritos-luisa-de-marillac.jpg?fit=1200%2C630&ssl=1\",\"width\":1200,\"height\":630},{\"@type\":\"BreadcrumbList\",\"@id\":\"https:\/\/vincentians.com\/es\/luisa-de-marillac-carta-0369-al-senor-vicente\/#breadcrumb\",\"itemListElement\":[{\"@type\":\"ListItem\",\"position\":1,\"name\":\"Portada\",\"item\":\"http:\/\/vincentians.com\/es\/\"},{\"@type\":\"ListItem\",\"position\":2,\"name\":\"Luisa de Marillac, Carta 0369: Al se\u00f1or Vicente\"}]},{\"@type\":\"WebSite\",\"@id\":\"http:\/\/vincentians.com\/es\/#website\",\"url\":\"http:\/\/vincentians.com\/es\/\",\"name\":\"Somos Vicencianos\",\"description\":\"Know more to serve more\",\"publisher\":{\"@id\":\"http:\/\/vincentians.com\/es\/#organization\"},\"potentialAction\":[{\"@type\":\"SearchAction\",\"target\":{\"@type\":\"EntryPoint\",\"urlTemplate\":\"http:\/\/vincentians.com\/es\/?s={search_term_string}\"},\"query-input\":{\"@type\":\"PropertyValueSpecification\",\"valueRequired\":true,\"valueName\":\"search_term_string\"}}],\"inLanguage\":\"es\"},{\"@type\":\"Organization\",\"@id\":\"http:\/\/vincentians.com\/es\/#organization\",\"name\":\"The Vincentian Network\",\"url\":\"http:\/\/vincentians.com\/es\/\",\"logo\":{\"@type\":\"ImageObject\",\"inLanguage\":\"es\",\"@id\":\"http:\/\/vincentians.com\/es\/#\/schema\/logo\/image\/\",\"url\":\"https:\/\/i1.wp.com\/vincentians.com\/es\/wp-content\/uploads\/sites\/11\/2016\/06\/Vincentian-Network-logo-big.png?fit=778%2C778\",\"contentUrl\":\"https:\/\/i1.wp.com\/vincentians.com\/es\/wp-content\/uploads\/sites\/11\/2016\/06\/Vincentian-Network-logo-big.png?fit=778%2C778\",\"width\":778,\"height\":778,\"caption\":\"The Vincentian Network\"},\"image\":{\"@id\":\"http:\/\/vincentians.com\/es\/#\/schema\/logo\/image\/\"},\"sameAs\":[\"https:\/\/www.facebook.com\/WeAreVincentians\/\",\"https:\/\/x.com\/WeVincentians\"]},{\"@type\":\"Person\",\"@id\":\"http:\/\/vincentians.com\/es\/#\/schema\/person\/9623ef4d9aa3b2dfb8c061f1499288f2\",\"name\":\"Francisco Javier Fern\u00e1ndez Chento\",\"image\":{\"@type\":\"ImageObject\",\"inLanguage\":\"es\",\"@id\":\"http:\/\/vincentians.com\/es\/#\/schema\/person\/image\/\",\"url\":\"https:\/\/secure.gravatar.com\/avatar\/497d5cde87b4c3d097d0315953521681ba2cd523ee66e5077c3711f7021e65de?s=96&d=mm&r=g\",\"contentUrl\":\"https:\/\/secure.gravatar.com\/avatar\/497d5cde87b4c3d097d0315953521681ba2cd523ee66e5077c3711f7021e65de?s=96&d=mm&r=g\",\"caption\":\"Francisco Javier Fern\u00e1ndez Chento\"},\"description\":\"Director General y cofundador de La Red de Formaci\u00f3n Vicenciana. Javier es laico vicenciano, afiliado a la Congregaci\u00f3n de la Misi\u00f3n y miembro del Equipo de Misiones Populares de la provincia can\u00f3nica de Zaragoza (Espa\u00f1a) de la Congregaci\u00f3n de la Misi\u00f3n. Graduado en la Universidad Oberta de Catalunya con cuatro grados (Asistente de direcci\u00f3n, Gesti\u00f3n Administrativa, Recursos Humanos y Contabilidad Avanzada). Bil\u00edng\u00fce Espa\u00f1ol\/Ingl\u00e9s. gestiona y mantiene varias p\u00e1ginas web cristianas y vicencianas, incluida including La Red de Formaci\u00f3n Vicenciana, de la que es cofundador. Actualmente es responsable del \u00e1rea de Espa\u00f1ol de .famvin, la Red de Noticias de la Familia Vicenciana. Tambi\u00e9n es m\u00fasico cat\u00f3lico y ha editado varios discos. Es Director General y cofundador de Trovador, una reconocida compa\u00f1\u00eda discogr\u00e1fica critiana de Espa\u00f1a. Trabaja en las Tecnolog\u00edas de la Informaci\u00f3n, ofreciendo servicios de alojamiento, dise\u00f1o y mantenimiento Web, as\u00ed como asesoramiento, formaci\u00f3n y soluciones inform\u00e1ticas, gesti\u00f3n documental y digitalizaci\u00f3n de textos, edici\u00f3n y maquetaci\u00f3n de libros, revistas, flyers, etc.\",\"sameAs\":[\"http:\/\/chento.org\",\"https:\/\/www.facebook.com\/JavierChento\",\"https:\/\/x.com\/https:\/\/twitter.com\/javierchento\"],\"url\":\"https:\/\/vincentians.com\/es\/author\/chento\/\"}]}<\/script>\n<!-- \/ Yoast SEO plugin. -->","yoast_head_json":{"title":"Luisa de Marillac, Carta 0369: Al se\u00f1or Vicente - Somos Vicencianos","robots":{"index":"index","follow":"follow","max-snippet":"max-snippet:-1","max-image-preview":"max-image-preview:large","max-video-preview":"max-video-preview:-1"},"canonical":"https:\/\/vincentians.com\/es\/luisa-de-marillac-carta-0369-al-senor-vicente\/","og_locale":"es_ES","og_type":"article","og_title":"Luisa de Marillac, Carta 0369: Al se\u00f1or Vicente - Somos Vicencianos","og_description":"Hoy, lunes al anochecer [junio 1651] Suplico muy humildemente a su caridad se tome la molestia de ver si esta carta puede enviarse a Montmirail; el Se\u00f1or Georget y la se\u00f1orita Amaury han venido aqu\u00ed ... Read More","og_url":"https:\/\/vincentians.com\/es\/luisa-de-marillac-carta-0369-al-senor-vicente\/","og_site_name":"Somos Vicencianos","article_publisher":"https:\/\/www.facebook.com\/WeAreVincentians\/","article_author":"https:\/\/www.facebook.com\/JavierChento","article_published_time":"2011-07-28T22:50:29+00:00","article_modified_time":"2016-07-26T09:06:20+00:00","og_image":[{"width":1200,"height":630,"url":"https:\/\/i0.wp.com\/vincentians.com\/es\/wp-content\/uploads\/sites\/11\/2016\/07\/escritos-luisa-de-marillac.jpg?fit=1200%2C630&ssl=1","type":"image\/jpeg"}],"author":"Francisco Javier Fern\u00e1ndez Chento","twitter_card":"summary_large_image","twitter_creator":"@https:\/\/twitter.com\/javierchento","twitter_site":"@WeVincentians","twitter_misc":{"Escrito por":"Francisco Javier Fern\u00e1ndez Chento","Tiempo de lectura":"3 minutos"},"schema":{"@context":"https:\/\/schema.org","@graph":[{"@type":"Article","@id":"https:\/\/vincentians.com\/es\/luisa-de-marillac-carta-0369-al-senor-vicente\/#article","isPartOf":{"@id":"https:\/\/vincentians.com\/es\/luisa-de-marillac-carta-0369-al-senor-vicente\/"},"author":{"name":"Francisco Javier Fern\u00e1ndez Chento","@id":"http:\/\/vincentians.com\/es\/#\/schema\/person\/9623ef4d9aa3b2dfb8c061f1499288f2"},"headline":"Luisa de Marillac, Carta 0369: Al se\u00f1or Vicente","datePublished":"2011-07-28T22:50:29+00:00","dateModified":"2016-07-26T09:06:20+00:00","mainEntityOfPage":{"@id":"https:\/\/vincentians.com\/es\/luisa-de-marillac-carta-0369-al-senor-vicente\/"},"wordCount":524,"commentCount":0,"publisher":{"@id":"http:\/\/vincentians.com\/es\/#organization"},"image":{"@id":"https:\/\/vincentians.com\/es\/luisa-de-marillac-carta-0369-al-senor-vicente\/#primaryimage"},"thumbnailUrl":"https:\/\/i0.wp.com\/vincentians.com\/es\/wp-content\/uploads\/sites\/11\/2016\/07\/escritos-luisa-de-marillac.jpg?fit=1200%2C630&ssl=1","keywords":["Montmirail","San Esteban"],"articleSection":["Escritos de Luisa de Marillac"],"inLanguage":"es","potentialAction":[{"@type":"CommentAction","name":"Comment","target":["https:\/\/vincentians.com\/es\/luisa-de-marillac-carta-0369-al-senor-vicente\/#respond"]}]},{"@type":"WebPage","@id":"https:\/\/vincentians.com\/es\/luisa-de-marillac-carta-0369-al-senor-vicente\/","url":"https:\/\/vincentians.com\/es\/luisa-de-marillac-carta-0369-al-senor-vicente\/","name":"Luisa de Marillac, Carta 0369: Al se\u00f1or Vicente - Somos Vicencianos","isPartOf":{"@id":"http:\/\/vincentians.com\/es\/#website"},"primaryImageOfPage":{"@id":"https:\/\/vincentians.com\/es\/luisa-de-marillac-carta-0369-al-senor-vicente\/#primaryimage"},"image":{"@id":"https:\/\/vincentians.com\/es\/luisa-de-marillac-carta-0369-al-senor-vicente\/#primaryimage"},"thumbnailUrl":"https:\/\/i0.wp.com\/vincentians.com\/es\/wp-content\/uploads\/sites\/11\/2016\/07\/escritos-luisa-de-marillac.jpg?fit=1200%2C630&ssl=1","datePublished":"2011-07-28T22:50:29+00:00","dateModified":"2016-07-26T09:06:20+00:00","breadcrumb":{"@id":"https:\/\/vincentians.com\/es\/luisa-de-marillac-carta-0369-al-senor-vicente\/#breadcrumb"},"inLanguage":"es","potentialAction":[{"@type":"ReadAction","target":["https:\/\/vincentians.com\/es\/luisa-de-marillac-carta-0369-al-senor-vicente\/"]}]},{"@type":"ImageObject","inLanguage":"es","@id":"https:\/\/vincentians.com\/es\/luisa-de-marillac-carta-0369-al-senor-vicente\/#primaryimage","url":"https:\/\/i0.wp.com\/vincentians.com\/es\/wp-content\/uploads\/sites\/11\/2016\/07\/escritos-luisa-de-marillac.jpg?fit=1200%2C630&ssl=1","contentUrl":"https:\/\/i0.wp.com\/vincentians.com\/es\/wp-content\/uploads\/sites\/11\/2016\/07\/escritos-luisa-de-marillac.jpg?fit=1200%2C630&ssl=1","width":1200,"height":630},{"@type":"BreadcrumbList","@id":"https:\/\/vincentians.com\/es\/luisa-de-marillac-carta-0369-al-senor-vicente\/#breadcrumb","itemListElement":[{"@type":"ListItem","position":1,"name":"Portada","item":"http:\/\/vincentians.com\/es\/"},{"@type":"ListItem","position":2,"name":"Luisa de Marillac, Carta 0369: Al se\u00f1or Vicente"}]},{"@type":"WebSite","@id":"http:\/\/vincentians.com\/es\/#website","url":"http:\/\/vincentians.com\/es\/","name":"Somos Vicencianos","description":"Know more to serve more","publisher":{"@id":"http:\/\/vincentians.com\/es\/#organization"},"potentialAction":[{"@type":"SearchAction","target":{"@type":"EntryPoint","urlTemplate":"http:\/\/vincentians.com\/es\/?s={search_term_string}"},"query-input":{"@type":"PropertyValueSpecification","valueRequired":true,"valueName":"search_term_string"}}],"inLanguage":"es"},{"@type":"Organization","@id":"http:\/\/vincentians.com\/es\/#organization","name":"The Vincentian Network","url":"http:\/\/vincentians.com\/es\/","logo":{"@type":"ImageObject","inLanguage":"es","@id":"http:\/\/vincentians.com\/es\/#\/schema\/logo\/image\/","url":"https:\/\/i1.wp.com\/vincentians.com\/es\/wp-content\/uploads\/sites\/11\/2016\/06\/Vincentian-Network-logo-big.png?fit=778%2C778","contentUrl":"https:\/\/i1.wp.com\/vincentians.com\/es\/wp-content\/uploads\/sites\/11\/2016\/06\/Vincentian-Network-logo-big.png?fit=778%2C778","width":778,"height":778,"caption":"The Vincentian Network"},"image":{"@id":"http:\/\/vincentians.com\/es\/#\/schema\/logo\/image\/"},"sameAs":["https:\/\/www.facebook.com\/WeAreVincentians\/","https:\/\/x.com\/WeVincentians"]},{"@type":"Person","@id":"http:\/\/vincentians.com\/es\/#\/schema\/person\/9623ef4d9aa3b2dfb8c061f1499288f2","name":"Francisco Javier Fern\u00e1ndez Chento","image":{"@type":"ImageObject","inLanguage":"es","@id":"http:\/\/vincentians.com\/es\/#\/schema\/person\/image\/","url":"https:\/\/secure.gravatar.com\/avatar\/497d5cde87b4c3d097d0315953521681ba2cd523ee66e5077c3711f7021e65de?s=96&d=mm&r=g","contentUrl":"https:\/\/secure.gravatar.com\/avatar\/497d5cde87b4c3d097d0315953521681ba2cd523ee66e5077c3711f7021e65de?s=96&d=mm&r=g","caption":"Francisco Javier Fern\u00e1ndez Chento"},"description":"Director General y cofundador de La Red de Formaci\u00f3n Vicenciana. Javier es laico vicenciano, afiliado a la Congregaci\u00f3n de la Misi\u00f3n y miembro del Equipo de Misiones Populares de la provincia can\u00f3nica de Zaragoza (Espa\u00f1a) de la Congregaci\u00f3n de la Misi\u00f3n. Graduado en la Universidad Oberta de Catalunya con cuatro grados (Asistente de direcci\u00f3n, Gesti\u00f3n Administrativa, Recursos Humanos y Contabilidad Avanzada). Bil\u00edng\u00fce Espa\u00f1ol\/Ingl\u00e9s. gestiona y mantiene varias p\u00e1ginas web cristianas y vicencianas, incluida including La Red de Formaci\u00f3n Vicenciana, de la que es cofundador. Actualmente es responsable del \u00e1rea de Espa\u00f1ol de .famvin, la Red de Noticias de la Familia Vicenciana. Tambi\u00e9n es m\u00fasico cat\u00f3lico y ha editado varios discos. Es Director General y cofundador de Trovador, una reconocida compa\u00f1\u00eda discogr\u00e1fica critiana de Espa\u00f1a. Trabaja en las Tecnolog\u00edas de la Informaci\u00f3n, ofreciendo servicios de alojamiento, dise\u00f1o y mantenimiento Web, as\u00ed como asesoramiento, formaci\u00f3n y soluciones inform\u00e1ticas, gesti\u00f3n documental y digitalizaci\u00f3n de textos, edici\u00f3n y maquetaci\u00f3n de libros, revistas, flyers, etc.","sameAs":["http:\/\/chento.org","https:\/\/www.facebook.com\/JavierChento","https:\/\/x.com\/https:\/\/twitter.com\/javierchento"],"url":"https:\/\/vincentians.com\/es\/author\/chento\/"}]}},"jetpack_publicize_connections":[],"jetpack_featured_media_url":"https:\/\/i0.wp.com\/vincentians.com\/es\/wp-content\/uploads\/sites\/11\/2016\/07\/escritos-luisa-de-marillac.jpg?fit=1200%2C630&ssl=1","jetpack_sharing_enabled":true,"jetpack_shortlink":"https:\/\/wp.me\/p7ETMF-bKj","jetpack-related-posts":[{"id":119451,"url":"https:\/\/vincentians.com\/es\/luisa-de-marillac-carta-0687-al-senor-vicente\/","url_meta":{"origin":45155,"position":0},"title":"Luisa de Marillac, Carta 0687: Al se\u00f1or Vicente","author":"Francisco Javier Fern\u00e1ndez Chento","date":"12\/04\/2013","format":false,"excerpt":"Hoy, 2 de agosto [1659] Aqu\u00ed tiene la carta de la se\u00f1ora de Bouillon que he recibido esta ma\u00f1ana, y me ha parecido que ten\u00eda que contestarle con rapidez; se la env\u00edo para saber si su caridad encuentra bien lo haga en esa forma. La Sor Renata de quien habla\u2026","rel":"","context":"En \u00abEscritos de Luisa de Marillac\u00bb","block_context":{"text":"Escritos de Luisa de Marillac","link":"https:\/\/vincentians.com\/es\/category\/escritos\/escritos-de-luisa-de-marillac\/"},"img":{"alt_text":"","src":"https:\/\/i0.wp.com\/vincentians.com\/es\/wp-content\/uploads\/sites\/11\/2016\/07\/escritos-luisa-de-marillac.jpg?fit=1200%2C630&ssl=1&resize=350%2C200","width":350,"height":200,"srcset":"https:\/\/i0.wp.com\/vincentians.com\/es\/wp-content\/uploads\/sites\/11\/2016\/07\/escritos-luisa-de-marillac.jpg?fit=1200%2C630&ssl=1&resize=350%2C200 1x, https:\/\/i0.wp.com\/vincentians.com\/es\/wp-content\/uploads\/sites\/11\/2016\/07\/escritos-luisa-de-marillac.jpg?fit=1200%2C630&ssl=1&resize=525%2C300 1.5x, https:\/\/i0.wp.com\/vincentians.com\/es\/wp-content\/uploads\/sites\/11\/2016\/07\/escritos-luisa-de-marillac.jpg?fit=1200%2C630&ssl=1&resize=700%2C400 2x, https:\/\/i0.wp.com\/vincentians.com\/es\/wp-content\/uploads\/sites\/11\/2016\/07\/escritos-luisa-de-marillac.jpg?fit=1200%2C630&ssl=1&resize=1050%2C600 3x"},"classes":[]},{"id":121669,"url":"https:\/\/vincentians.com\/es\/san-vicente-de-paul-y-los-gondi-capitulo-10\/","url_meta":{"origin":45155,"position":1},"title":"San Vicente de Pa\u00fal y los Gondi: Cap\u00edtulo 10","author":"Francisco Javier Fern\u00e1ndez Chento","date":"11\/07\/2024","format":false,"excerpt":"Cap\u00edtulo X Nuevas misiones en las tierras de los Gondi. - Vicente de Pa\u00fal, Retz y Bossuet en San L\u00e1zaro. Un a\u00f1o despu\u00e9s de la entrada de Vicente de Pa\u00fal en los Bons-Enfants, el arzobispo de Par\u00eds, Juan Francisco de Gondi, aprob\u00f3 la obra de las Misiones; el 24 de\u2026","rel":"","context":"En \u00abVicente de Pa\u00fal\u00bb","block_context":{"text":"Vicente de Pa\u00fal","link":"https:\/\/vincentians.com\/es\/category\/la-familia-vicenciana\/fundadores\/vicente-de-paul\/"},"img":{"alt_text":"","src":"https:\/\/i0.wp.com\/vincentians.com\/es\/wp-content\/uploads\/sites\/11\/2023\/08\/aaaf.jpg?fit=1200%2C827&ssl=1&resize=350%2C200","width":350,"height":200,"srcset":"https:\/\/i0.wp.com\/vincentians.com\/es\/wp-content\/uploads\/sites\/11\/2023\/08\/aaaf.jpg?fit=1200%2C827&ssl=1&resize=350%2C200 1x, https:\/\/i0.wp.com\/vincentians.com\/es\/wp-content\/uploads\/sites\/11\/2023\/08\/aaaf.jpg?fit=1200%2C827&ssl=1&resize=525%2C300 1.5x, https:\/\/i0.wp.com\/vincentians.com\/es\/wp-content\/uploads\/sites\/11\/2023\/08\/aaaf.jpg?fit=1200%2C827&ssl=1&resize=700%2C400 2x, https:\/\/i0.wp.com\/vincentians.com\/es\/wp-content\/uploads\/sites\/11\/2023\/08\/aaaf.jpg?fit=1200%2C827&ssl=1&resize=1050%2C600 3x"},"classes":[]},{"id":103909,"url":"https:\/\/vincentians.com\/es\/luisa-de-marillac-carta-0643-al-senor-vicente\/","url_meta":{"origin":45155,"position":2},"title":"Luisa de Marillac, Carta 0643: Al se\u00f1or Vicente","author":"Francisco Javier Fern\u00e1ndez Chento","date":"19\/09\/2012","format":false,"excerpt":"[septiembre 1658] Necesito consolarme con su caridad, mi muy Honorable Padre, de la p\u00e9rdida de nuestra pobre Sor Juana Bautista, por mi culpa, al no haberme atrevido a hablarle claro de la mala conducta en lo que ha pasado en el nombre de Jes\u00fas, de lo que ella ha sufrido\u2026","rel":"","context":"En \u00abEscritos de Luisa de Marillac\u00bb","block_context":{"text":"Escritos de Luisa de Marillac","link":"https:\/\/vincentians.com\/es\/category\/escritos\/escritos-de-luisa-de-marillac\/"},"img":{"alt_text":"","src":"https:\/\/i0.wp.com\/vincentians.com\/es\/wp-content\/uploads\/sites\/11\/2016\/07\/escritos-luisa-de-marillac.jpg?fit=1200%2C630&ssl=1&resize=350%2C200","width":350,"height":200,"srcset":"https:\/\/i0.wp.com\/vincentians.com\/es\/wp-content\/uploads\/sites\/11\/2016\/07\/escritos-luisa-de-marillac.jpg?fit=1200%2C630&ssl=1&resize=350%2C200 1x, https:\/\/i0.wp.com\/vincentians.com\/es\/wp-content\/uploads\/sites\/11\/2016\/07\/escritos-luisa-de-marillac.jpg?fit=1200%2C630&ssl=1&resize=525%2C300 1.5x, https:\/\/i0.wp.com\/vincentians.com\/es\/wp-content\/uploads\/sites\/11\/2016\/07\/escritos-luisa-de-marillac.jpg?fit=1200%2C630&ssl=1&resize=700%2C400 2x, https:\/\/i0.wp.com\/vincentians.com\/es\/wp-content\/uploads\/sites\/11\/2016\/07\/escritos-luisa-de-marillac.jpg?fit=1200%2C630&ssl=1&resize=1050%2C600 3x"},"classes":[]},{"id":126976,"url":"https:\/\/vincentians.com\/es\/luisa-de-marillac-carta-0731-al-senor-vicente\/","url_meta":{"origin":45155,"position":3},"title":"Luisa de Marillac, Carta 0731: Al se\u00f1or Vicente","author":"Francisco Javier Fern\u00e1ndez Chento","date":"03\/01\/2014","format":false,"excerpt":"(despu\u00e9s de 1650) Mi muy Honorable Padre: La pobre Sor Nicolasa, de Montmirail, ha dicho a nuestras Hermanas que la se\u00f1orita de Montdesir, madre de la se\u00f1ora Tuboeuf, la hab\u00eda recibido para que fuera a servir a los pobres enfermos del pueblo de Issy, en lugar de las Hermanas a\u2026","rel":"","context":"En \u00abEscritos de Luisa de Marillac\u00bb","block_context":{"text":"Escritos de Luisa de Marillac","link":"https:\/\/vincentians.com\/es\/category\/escritos\/escritos-de-luisa-de-marillac\/"},"img":{"alt_text":"","src":"https:\/\/i0.wp.com\/vincentians.com\/es\/wp-content\/uploads\/sites\/11\/2016\/07\/escritos-luisa-de-marillac.jpg?fit=1200%2C630&ssl=1&resize=350%2C200","width":350,"height":200,"srcset":"https:\/\/i0.wp.com\/vincentians.com\/es\/wp-content\/uploads\/sites\/11\/2016\/07\/escritos-luisa-de-marillac.jpg?fit=1200%2C630&ssl=1&resize=350%2C200 1x, https:\/\/i0.wp.com\/vincentians.com\/es\/wp-content\/uploads\/sites\/11\/2016\/07\/escritos-luisa-de-marillac.jpg?fit=1200%2C630&ssl=1&resize=525%2C300 1.5x, https:\/\/i0.wp.com\/vincentians.com\/es\/wp-content\/uploads\/sites\/11\/2016\/07\/escritos-luisa-de-marillac.jpg?fit=1200%2C630&ssl=1&resize=700%2C400 2x, https:\/\/i0.wp.com\/vincentians.com\/es\/wp-content\/uploads\/sites\/11\/2016\/07\/escritos-luisa-de-marillac.jpg?fit=1200%2C630&ssl=1&resize=1050%2C600 3x"},"classes":[]},{"id":114873,"url":"https:\/\/vincentians.com\/es\/luisa-de-marillac-carta-0663-a-mi-querida-sor-barbara-angiboust\/","url_meta":{"origin":45155,"position":4},"title":"Luisa de Marillac, Carta 0663: A mi querida Sor B\u00e1rbara Angiboust","author":"Francisco Javier Fern\u00e1ndez Chento","date":"05\/12\/2012","format":false,"excerpt":"Hija de la Caridad Sierva de los Pobres Enfermos Ch\u00e2teaudun Hoy, 8 de diciembre de 1658 Mi querida Hermana: Me alegro mucho de que haya recibido tan pronto mis cartas, pero le ruego considere detenidamente si el car\u00e1cter de Sor Marta se acomodar\u00e1 bien con el de Sor Claudia. Con\u2026","rel":"","context":"En \u00abEscritos de Luisa de Marillac\u00bb","block_context":{"text":"Escritos de Luisa de Marillac","link":"https:\/\/vincentians.com\/es\/category\/escritos\/escritos-de-luisa-de-marillac\/"},"img":{"alt_text":"","src":"https:\/\/i0.wp.com\/vincentians.com\/es\/wp-content\/uploads\/sites\/11\/2016\/07\/escritos-luisa-de-marillac.jpg?fit=1200%2C630&ssl=1&resize=350%2C200","width":350,"height":200,"srcset":"https:\/\/i0.wp.com\/vincentians.com\/es\/wp-content\/uploads\/sites\/11\/2016\/07\/escritos-luisa-de-marillac.jpg?fit=1200%2C630&ssl=1&resize=350%2C200 1x, https:\/\/i0.wp.com\/vincentians.com\/es\/wp-content\/uploads\/sites\/11\/2016\/07\/escritos-luisa-de-marillac.jpg?fit=1200%2C630&ssl=1&resize=525%2C300 1.5x, https:\/\/i0.wp.com\/vincentians.com\/es\/wp-content\/uploads\/sites\/11\/2016\/07\/escritos-luisa-de-marillac.jpg?fit=1200%2C630&ssl=1&resize=700%2C400 2x, https:\/\/i0.wp.com\/vincentians.com\/es\/wp-content\/uploads\/sites\/11\/2016\/07\/escritos-luisa-de-marillac.jpg?fit=1200%2C630&ssl=1&resize=1050%2C600 3x"},"classes":[]},{"id":102587,"url":"https:\/\/vincentians.com\/es\/luisa-de-marillac-carta-0631-al-senor-vicente\/","url_meta":{"origin":45155,"position":5},"title":"Luisa de Marillac, Carta 0631: Al se\u00f1or Vicente","author":"Francisco Javier Fern\u00e1ndez Chento","date":"07\/09\/2012","format":false,"excerpt":"[mayo 1658] No sab\u00eda yo, mi muy Honorable Padre, que estuviera usted enfermo; por amor de Dios, \u00a1cu\u00eddese! Lo que me urge saber de su caridad es si le parecer\u00eda bien que di\u00e9ramos a Sor Ana, para hacer el viaje con la se\u00f1ora Duquesa de Ventadour, a la Hermanita que\u2026","rel":"","context":"En \u00abEscritos de Luisa de Marillac\u00bb","block_context":{"text":"Escritos de Luisa de Marillac","link":"https:\/\/vincentians.com\/es\/category\/escritos\/escritos-de-luisa-de-marillac\/"},"img":{"alt_text":"","src":"https:\/\/i0.wp.com\/vincentians.com\/es\/wp-content\/uploads\/sites\/11\/2016\/07\/escritos-luisa-de-marillac.jpg?fit=1200%2C630&ssl=1&resize=350%2C200","width":350,"height":200,"srcset":"https:\/\/i0.wp.com\/vincentians.com\/es\/wp-content\/uploads\/sites\/11\/2016\/07\/escritos-luisa-de-marillac.jpg?fit=1200%2C630&ssl=1&resize=350%2C200 1x, https:\/\/i0.wp.com\/vincentians.com\/es\/wp-content\/uploads\/sites\/11\/2016\/07\/escritos-luisa-de-marillac.jpg?fit=1200%2C630&ssl=1&resize=525%2C300 1.5x, https:\/\/i0.wp.com\/vincentians.com\/es\/wp-content\/uploads\/sites\/11\/2016\/07\/escritos-luisa-de-marillac.jpg?fit=1200%2C630&ssl=1&resize=700%2C400 2x, https:\/\/i0.wp.com\/vincentians.com\/es\/wp-content\/uploads\/sites\/11\/2016\/07\/escritos-luisa-de-marillac.jpg?fit=1200%2C630&ssl=1&resize=1050%2C600 3x"},"classes":[]}],"_links":{"self":[{"href":"https:\/\/vincentians.com\/es\/wp-json\/wp\/v2\/posts\/45155","targetHints":{"allow":["GET"]}}],"collection":[{"href":"https:\/\/vincentians.com\/es\/wp-json\/wp\/v2\/posts"}],"about":[{"href":"https:\/\/vincentians.com\/es\/wp-json\/wp\/v2\/types\/post"}],"author":[{"embeddable":true,"href":"https:\/\/vincentians.com\/es\/wp-json\/wp\/v2\/users\/4"}],"replies":[{"embeddable":true,"href":"https:\/\/vincentians.com\/es\/wp-json\/wp\/v2\/comments?post=45155"}],"version-history":[{"count":0,"href":"https:\/\/vincentians.com\/es\/wp-json\/wp\/v2\/posts\/45155\/revisions"}],"wp:featuredmedia":[{"embeddable":true,"href":"https:\/\/vincentians.com\/es\/wp-json\/wp\/v2\/media\/393751"}],"wp:attachment":[{"href":"https:\/\/vincentians.com\/es\/wp-json\/wp\/v2\/media?parent=45155"}],"wp:term":[{"taxonomy":"category","embeddable":true,"href":"https:\/\/vincentians.com\/es\/wp-json\/wp\/v2\/categories?post=45155"},{"taxonomy":"post_tag","embeddable":true,"href":"https:\/\/vincentians.com\/es\/wp-json\/wp\/v2\/tags?post=45155"}],"curies":[{"name":"wp","href":"https:\/\/api.w.org\/{rel}","templated":true}]}}