{"id":4504,"date":"2021-03-04T08:11:42","date_gmt":"2021-03-04T07:11:42","guid":{"rendered":"http:\/\/somos.vicencianos.org\/blog\/?p=4504"},"modified":"2021-03-14T10:51:36","modified_gmt":"2021-03-14T09:51:36","slug":"argel-y-el-cautiverio-de-san-vicente","status":"publish","type":"post","link":"https:\/\/vincentians.com\/es\/argel-y-el-cautiverio-de-san-vicente\/","title":{"rendered":"Argel y el cautiverio de San Vicente"},"content":{"rendered":"<p><em>Carta del Sr. R. GLEICES, sacerdote de la misi\u00f3n, al <\/em><em>Sr. <\/em>FIAT, <em>Superior general.<\/em><\/p>\n<p><em>Archivos del consulado de Juan Le-Vacher, encontrados en T\u00fanez. \u2014Aras con\u00adsagradas por el Sr. Le-Vacher. \u2014 Lugar del cautiverio de San Vicente en T\u00fanez.<\/em><\/p>\n<p>REVEREND\u00cdSIMO PADRE:<\/p>\n<p>En el \u00faltimo mes de Agosto fui a T\u00fanez por no haber podido hacer este viaje durante el curso escolar. El resulta\u00addo de mis investigaciones, y sobre las cuales vos mismo os interes\u00e1is, me ha parecido providencial. Ah\u00ed van algunos pormenores.<\/p>\n<p>Mis deseos eran encontrar los archivos referentes al con\u00adsulado de nuestro hermano de Congregaci\u00f3n, el Sr. Le\u00adVacher. Es verdad que hac\u00eda ya dos a\u00f1os se me ven\u00eda di\u00adciendo que todos los papeles de aquel tiempo se hab\u00edan per\u00addido; pero yo respond\u00eda \u00e1 esto que el autor de los <em>Anales <\/em><em>tunecinos, <\/em>impresos en 1864, consignaba los t\u00edtulos que el<\/p>\n<p>Le-Vacher tomaba en los actos oficiales; se\u00f1al, pues, de que \u00e9l hab\u00eda visto estos papeles en alguna parte.<\/p>\n<p>Me present\u00e9 en el palacio de la Residencia en T\u00fanez, autorizado, al cabo de un a\u00f1o, por un permiso del ministro de Negocios Extranjeros. All\u00ed se me dijo que por estar ausen\u00adte el Sr. Residente (o encargado del Gobierno), Sr. Massi\u00adcault, era menester entenderse con el encargado de negocios, que se encontraba en su casa de campo en Marsa. Monse\u00f1or Gazaniol, a cuya casa hab\u00eda yo ido, tuvo la cortes\u00eda de avisar a dicho se\u00f1or por tel\u00e9fono.<\/p>\n<p>Al d\u00eda siguiente, el archivero, despu\u00e9s de haberme casi disuadido de emprender todo trabajo, consinti\u00f3 \u00e1 fuerza de instancias en ense\u00f1arme los archivos, asegur\u00e1ndome que los m\u00e1s antiguos documentos databan del a\u00f1o 1681, mien\u00adtras que el Sr. Le Vacher hab\u00eda ejercido su consulado en T\u00fanez desde el a\u00f1o 1648 al 1666. Recorr\u00ed los libros de re\u00adgistro, aunque eran posteriores al tiempo de dicho se\u00f1or, y a pesar de esto encontr\u00e9 algunas piezas interesantes. Con\u00adclu\u00ed mi trabajo a los cuatro d\u00edas, por lo cual ya ten\u00eda resuelto volver a Argel. Sin embargo, en el momento de abandonar definitivamente la sala de los archivos, como faltaba a\u00fan media hora para cerrar las oficinas, tuve la idea de abrir de nuevo un mazo de papeles, donde se encontraban dos o tres inventarios de diversas piezas <em>y <\/em>registros, y top\u00e9 con uno que hasta entonces no hab\u00eda encontrado. Ten\u00eda la data en 1840, y dec\u00eda en su primera l\u00ednea:<\/p>\n<p>\u00ab1\u00ba\u2014Catorce antiguos registros que comienzan en el a\u00f1o 1588\u00bb.<\/p>\n<p>Sent\u00ed como una especie de alegr\u00eda, y me dec\u00eda a m\u00ed mis\u00admo: \u00ab\u00a1Pues no habr\u00e1n sido quemados estos antiguos docu\u00admentos!\u00bb; y por la d\u00e9cima vez volv\u00ed a registrar atentamente todos los armarios.<\/p>\n<p>Llegu\u00e9 al \u00faltimo sin haber encontrado nada. Los bajos de este armario estaban llenos de papeles viejos; mas estos papeles databan solamente desde principios de este siglo, y parec\u00edan antiguos s\u00f3lo por estar h\u00famedos.<\/p>\n<p>En lo alto del armario, gruesos legajos envueltos con cu\u00adbiertas rojas no conten\u00edan, seg\u00fan mis anteriores investigacio\u00adnes, m\u00e1s que documentos de cuentas. Por otra parte, esta etiqueta estaba puesta al margen: \u00abNegocios de Krumirs\u00bb; no era, pues, para dar muchas esperanzas.<\/p>\n<p>Sin embargo, uno de estos legajos llam\u00f3 esta vez mi atenci\u00f3n; le tom\u00e9, y era uno que conten\u00eda los registros de las actas notariadas (autorizadas por escribano p\u00fablico) del Sr. Le Vacher. En seguida encontr\u00e9 f\u00e1cilmente los otros vie\u00adjos registros notados en el inventario. Esto se celebr\u00f3 como un acontecimiento en la Residencia.<\/p>\n<p>El archivero, un poco sorprendido (es conveniente decir\u00adlo), me dio las gracias excus\u00e1ndose con que sus ocupaciones ordinarias no le dejaban m\u00e1s que un poco de tiempo para consagrarlo al archivo, y me rogaba le diera algunas indica\u00adciones para hacer una clasificaci\u00f3n. Sobre todo, el encarga\u00addo de negocios, el director del gabinete y el vicec\u00f3nsul, se mostraron contentos y dec\u00edan: \u00abUsted acaba de encontrar un tesoro, cuya existencia nosotros ignor\u00e1bamos.\u00bb Trataron entre s\u00ed de llamar \u00e1 un escribiente para hacer inventario de cada uno de los registros y hacerle imprimir.<\/p>\n<p>A contar desde este d\u00eda, durante otros veinte recorr\u00ed hoja por hoja ambos documentos, cada uno de cerca de mil p\u00e1\u00adginas, y que conten\u00edan el consulado del Sr. Le-Vacher. Hab\u00eda que descifrar algunos cap\u00edtulos que algunas veces eran ilegibles, escritos unos en franc\u00e9s, otros en italiano, y co\u00adpiaba aquellos que presentaban alg\u00fan inter\u00e9s particular. Para hacer esto fui ayudado de uno de nuestros seminaristas que pasaba las vacaciones en T\u00fanez.<\/p>\n<p>Transcrib\u00ed as\u00ed 160 p\u00e1ginas en folio, las cuales procurar\u00e9 arreglar, para que se conserven en los archivos de la ca\u00adsa-madre, luego que haya podido copiarlas en limpio, y ser\u00e1n muy \u00fatiles para la primera parte de la vida de Juan Le-Vacher. F\u00e1ltame a\u00fan referir otro encuentro providencial.<\/p>\n<p>La v\u00edspera de mi partida de T\u00fanez fui \u00e1 despedirme del se\u00f1or cura de la parroquia de Santa Cruz. Tard\u00f3se algo en abrirme, y yo me entreten\u00eda mirando unas antiguas l\u00e1pidas de m\u00e1rmol que estaban arrinconadas en el patio de la casa del se\u00f1or cura. Vi una piedra de altar; y como no viese yo el sepulcro de las reliquias, la tom\u00e9 en mis manos para mi\u00adrarla con m\u00e1s atenci\u00f3n. Considerad cu\u00e1l ser\u00eda mi sorpre\u00adsa cuando, al volverla, vi que era una ara consagrada por Juan Le-Vacher, que sirvi\u00f3 en la capilla consular dedicada \u00e1 San Luis. En efecto, ten\u00eda la fecha de 1655; alrededor del sepulcro, que estaba colocado en la parte superior, se en\u00adcontraban grabadas estas cuatro letras: S. L. R. <em>F. (Sanctus <\/em><em>Ludovicus rex francorum). <\/em>En este momento se me abri\u00f3 la puerta, mostr\u00e9 dicha l\u00e1pida al se\u00f1or cura y le rogu\u00e9 me permitiera llev\u00e1rmela, lo que me concedi\u00f3 de buen grado.<\/p>\n<p>Esta es la tercera ara que poseemos de nuestro santo her\u00admano de Congregaci\u00f3n. La segunda tiene la misma fecha de 1655, y las letras S. A. <em>(Sanctus Antonius), <\/em>pues fue de la capilla de San Antonio, y se encontr\u00f3 en el palacio de Su Eminencia el cardenal Lavigerie en Marsa, cerca de Cartago. La primera es la que \u00e1 vos mismo os regala Su Eminencia, y que hab\u00e9is hecho colocar en el relicario de la casa-madre. La encontr\u00f3 en Sfax , el ;a\u00f1o 1886, Monse\u00f1or Polonn\u00e9ni, actualmente obispo titular de Ruspe, y tiene esta inscripci\u00f3n : <em>MDCLXXIII Juni <\/em>13 <em>a Dno Joanne le <\/em><em>Vache consecrata.<\/em><\/p>\n<p>He tra\u00eddo adem\u00e1s de T\u00fanez el plano del antiguo Fon\u00addouck franc\u00e9s (consulado y residencia de los mercaderes) edificado por el Sr. Le-Vacher, y fotograf\u00edas de algunos mo\u00adnumentos que pueden recordar la memoria de nuestro san\u00adto misionero.<\/p>\n<p>Adem\u00e1s de estos trabajos me he ocupado en investigar el lugar donde nuestro santo fundador fue vendido.<\/p>\n<p>Es, en efecto, \u00e9sta una cuesti\u00f3n que he intentado dilu\u00adcidar cien veces. \u00bfSe sabe en qu\u00e9 plaza fue expuesto \u00e1 la venta San Vicente de Pa\u00fal, y d\u00f3nde se encuentra la hacien\u00adda del renegado convertido por el Santo?<\/p>\n<p>Sobre el primer punto no me queda ya resto de duda. El examen de los lugares y los pormenores que el mismo Santo nos dej\u00f3, manifiestan que fue vendido junto a la puerta de la Marina, hoy puerta de Francia.<\/p>\n<p>El Santo, en efecto, dice en la carta en que cuenta su cautividad: \u00abNos hicieron dar cinco o seis vueltas por la ciu\u00addad de T\u00fanez con la cadena al cuello; nos volvieron a la barca para que los mercaderes nos viesen comer, y conocie\u00adsen que no eran mortales nuestras heridas. Hecho esto, nos volvieron a la plaza, donde fueron los marcaderes para examinarnos del modo que se hace cuando se compra un caballo\u00a0 buey\u00bb.<\/p>\n<p>Tr\u00e1tase, pues, de saber si el bajel en cuesti\u00f3n qued\u00f3 en la Goleta donde anelaban las grandes naves, a 16 kil\u00f3metros de T\u00fanez, o bien si estaba en la bah\u00eda, que dista sola\u00admente unos cuantos centenares de metros de la ciudad. En el primer caso, San Vicente ser\u00eda expuesto, seg\u00fan yo pien\u00adso, en la plaza de Cartagena, la m\u00e1s cercana en l\u00ednea recta de la Goleta. Mas del contexto de la carta se deduce que la barca se encontraba muy cerca de la ciudad, puesto que no es probable que los mercaderes tunecinos anduvieran 16 kilometros s\u00f3lo por ver comer a los esclavos.<\/p>\n<p>Por otra parte, la bah\u00eda de T\u00fanez ten\u00eda entonces bastan\u00adte profundidad, de modo que las grandes embarcaciones pod\u00edan venir desde la Goleta a la ciudad. Los ancianos habitantes de este pa\u00eds me han dicho que recuerdan haber visto alguna vez llegar grandes barcos con cargamentos muy pesados. As\u00ed, pues, la barca de los piratas se hallaba en el peque\u00f1o puerto situado en el lago.<\/p>\n<p>A la entrada del puerto, y fuera de la puerta de la Mari\u00adna, se encuentra un gran espacio de terreno llamado sim\u00adplemente \u00abla plaza\u00bb, y que sola ella merec\u00eda este nombre com\u00adparada con las otras plazas de la ciudad, de las cuales muchas han sido agrandadas y regularizadas, seg\u00fan testifican los ancianos de T\u00fanez.<\/p>\n<p>Este es, sin duda ninguna, el lugar donde fue vuelto San Vicente de Pa\u00fal desde la nave. Aqu\u00ed es donde le hicieron caminar, trotar, levantar pesos y luchar; aqu\u00ed es, en fin, donde fue vendido.<\/p>\n<p>Esta plaza, comprendida en el barrio europeo, existe a\u00fan en gran parte y forma la mitad de la calle de Francia. El centro est\u00e1 un poco m\u00e1s elevado, y servir\u00eda perfectamen\u00adte para la erecci\u00f3n de una estatua \u00e1 San Vicente de Pa\u00fal.<\/p>\n<p>M\u00e1s dif\u00edcil es determinar el lugar del campo donde San Vicente fue dedicado a las faenas agr\u00edcolas. \u00c9l nos dice sim\u00adplemente que estaba en la monta\u00f1a, donde el pa\u00eds es extre\u00admadamente caliente y erial. Por otra parte, deb\u00eda estar bastante lejos de T\u00fanez, puesto que se quer\u00eda sustraerle a las investigaciones del C\u00f3nsul, que ven\u00eda a rescatar a los escla\u00advos franceses.<\/p>\n<p>Todo induce a creer que la hacienda del renegado de Niza estaba en el promontorio del cabo Bueno, m\u00e1s all\u00e1 del golfo de la Goleta. All\u00ed termina la cadena de monta\u00f1as propiamente dicha que dividen a T\u00fanez de sudoeste a nordeste. El pa\u00eds es desierto, y apenas se encuentran haciendas sino de trecho en trecho bastante separadas. Por otra parte, este terreno se encuentra muy cerca del mar y a una grande distancia de T\u00fanez, y fue f\u00e1cil al renegado convertido preparar una embarcaci\u00f3n y fugarse con su esclavo sin ser descubierto.<\/p>\n<p>Estando a\u00fan en T\u00fanez, he visto comenzar los trabajos de la catedral dedicada a San Vicente de Pa\u00fal. La edifican en la calle de la Marina, la cual el Santo anduvo con una cadena al cuello, y muy cerca del lugar donde fue puesto en venta. El empresario se ha obligado a terminarla en dos a\u00f1os.<\/p>\n<p>Monse\u00f1or Gazaniol, encargado por Su Eminencia el car\u00addenal Lavigerie de esta construcci\u00f3n, desear\u00eda ver a los hijos de San Vicente contribuir a la erecci\u00f3n de este monumento destinado a glorificar a su Padre en el lugar de sus padecimientos; pero yo no ten\u00eda misi\u00f3n vuestra para hablar. Se ha adoptado para este edificio el estilo romano de los mejores tiempos. Encima de la puerta, un gran bajo relieve represen\u00adtar\u00e1 a un lado al cardenal Lavigerie, y al otro a San Vicente present\u00e1ndole esclavos. He rogado al arquitecto ponga detr\u00e1s del Santo a los misioneros que \u00e9l envi\u00f3 \u00e1 T\u00fanez: Juli\u00e1n Guerin, Juan Le-Vacher y el hermano Francisco Franci\u00adll\u00f3n. Este pensamiento ha sido acogido.<\/p>\n<p>Soy, Reverend\u00edsimo Padre, en el amor de Nuestro Se\u00f1or y de su inmaculada Madre, vuestro afect\u00edsimo y respetuoso hijo. R.Gleices.<\/p>\n","protected":false},"excerpt":{"rendered":"<p>Carta del Sr. R. GLEICES, sacerdote de la misi\u00f3n, al Sr. FIAT, Superior general. Archivos del consulado de Juan Le-Vacher, encontrados en T\u00fanez. \u2014Aras con\u00adsagradas por el Sr. Le-Vacher. \u2014 Lugar del cautiverio de San &#8230; <a href=\"https:\/\/vincentians.com\/es\/argel-y-el-cautiverio-de-san-vicente\/\" class=\"more-link\">Read More<\/a><\/p>\n","protected":false},"author":4,"featured_media":400152,"comment_status":"open","ping_status":"open","sticky":false,"template":"","format":"standard","meta":{"jetpack_post_was_ever_published":false,"_jetpack_newsletter_access":"","_jetpack_dont_email_post_to_subs":false,"_jetpack_newsletter_tier_id":0,"_jetpack_memberships_contains_paywalled_content":false,"_jetpack_memberships_contains_paid_content":false,"footnotes":"","jetpack_publicize_message":"","jetpack_publicize_feature_enabled":true,"jetpack_social_post_already_shared":true,"jetpack_social_options":{"image_generator_settings":{"template":"highway","default_image_id":0,"font":"","enabled":false},"version":2}},"categories":[5],"tags":[168,116],"class_list":["post-4504","post","type-post","status-publish","format-standard","has-post-thumbnail","hentry","category-vicente-de-paul","tag-argel","tag-tunez"],"yoast_head":"<!-- This site is optimized with the Yoast SEO plugin v26.3 - https:\/\/yoast.com\/wordpress\/plugins\/seo\/ -->\n<title>Argel y el cautiverio de San Vicente - Somos Vicencianos<\/title>\n<meta name=\"robots\" content=\"index, follow, max-snippet:-1, max-image-preview:large, max-video-preview:-1\" \/>\n<link rel=\"canonical\" href=\"https:\/\/vincentians.com\/es\/argel-y-el-cautiverio-de-san-vicente\/\" \/>\n<meta property=\"og:locale\" content=\"es_ES\" \/>\n<meta property=\"og:type\" content=\"article\" \/>\n<meta property=\"og:title\" content=\"Argel y el cautiverio de San Vicente - Somos Vicencianos\" \/>\n<meta property=\"og:description\" content=\"Carta del Sr. R. GLEICES, sacerdote de la misi\u00f3n, al Sr. FIAT, Superior general. Archivos del consulado de Juan Le-Vacher, encontrados en T\u00fanez. \u2014Aras con\u00adsagradas por el Sr. Le-Vacher. \u2014 Lugar del cautiverio de San ... Read More\" \/>\n<meta property=\"og:url\" content=\"https:\/\/vincentians.com\/es\/argel-y-el-cautiverio-de-san-vicente\/\" \/>\n<meta property=\"og:site_name\" content=\"Somos Vicencianos\" \/>\n<meta property=\"article:publisher\" content=\"https:\/\/www.facebook.com\/WeAreVincentians\/\" \/>\n<meta property=\"article:author\" content=\"https:\/\/www.facebook.com\/JavierChento\" \/>\n<meta property=\"article:published_time\" content=\"2021-03-04T07:11:42+00:00\" \/>\n<meta property=\"article:modified_time\" content=\"2021-03-14T09:51:36+00:00\" \/>\n<meta property=\"og:image\" content=\"https:\/\/i0.wp.com\/vincentians.com\/es\/wp-content\/uploads\/sites\/11\/2016\/10\/ranquines.jpg?fit=1200%2C630&ssl=1\" \/>\n\t<meta property=\"og:image:width\" content=\"1200\" \/>\n\t<meta property=\"og:image:height\" content=\"630\" \/>\n\t<meta property=\"og:image:type\" content=\"image\/jpeg\" \/>\n<meta name=\"author\" content=\"Francisco Javier Fern\u00e1ndez Chento\" \/>\n<meta name=\"twitter:card\" content=\"summary_large_image\" \/>\n<meta name=\"twitter:creator\" content=\"@https:\/\/twitter.com\/javierchento\" \/>\n<meta name=\"twitter:site\" content=\"@WeVincentians\" \/>\n<meta name=\"twitter:label1\" content=\"Escrito por\" \/>\n\t<meta name=\"twitter:data1\" content=\"Francisco Javier Fern\u00e1ndez Chento\" \/>\n\t<meta name=\"twitter:label2\" content=\"Tiempo de lectura\" \/>\n\t<meta name=\"twitter:data2\" content=\"10 minutos\" \/>\n<script type=\"application\/ld+json\" class=\"yoast-schema-graph\">{\"@context\":\"https:\/\/schema.org\",\"@graph\":[{\"@type\":\"Article\",\"@id\":\"https:\/\/vincentians.com\/es\/argel-y-el-cautiverio-de-san-vicente\/#article\",\"isPartOf\":{\"@id\":\"https:\/\/vincentians.com\/es\/argel-y-el-cautiverio-de-san-vicente\/\"},\"author\":{\"name\":\"Francisco Javier Fern\u00e1ndez Chento\",\"@id\":\"http:\/\/vincentians.com\/es\/#\/schema\/person\/9623ef4d9aa3b2dfb8c061f1499288f2\"},\"headline\":\"Argel y el cautiverio de San Vicente\",\"datePublished\":\"2021-03-04T07:11:42+00:00\",\"dateModified\":\"2021-03-14T09:51:36+00:00\",\"mainEntityOfPage\":{\"@id\":\"https:\/\/vincentians.com\/es\/argel-y-el-cautiverio-de-san-vicente\/\"},\"wordCount\":2063,\"commentCount\":0,\"publisher\":{\"@id\":\"http:\/\/vincentians.com\/es\/#organization\"},\"image\":{\"@id\":\"https:\/\/vincentians.com\/es\/argel-y-el-cautiverio-de-san-vicente\/#primaryimage\"},\"thumbnailUrl\":\"https:\/\/i0.wp.com\/vincentians.com\/es\/wp-content\/uploads\/sites\/11\/2016\/10\/ranquines.jpg?fit=1200%2C630&ssl=1\",\"keywords\":[\"Argel\",\"T\u00fanez\"],\"articleSection\":[\"Vicente de Pa\u00fal\"],\"inLanguage\":\"es\",\"potentialAction\":[{\"@type\":\"CommentAction\",\"name\":\"Comment\",\"target\":[\"https:\/\/vincentians.com\/es\/argel-y-el-cautiverio-de-san-vicente\/#respond\"]}]},{\"@type\":\"WebPage\",\"@id\":\"https:\/\/vincentians.com\/es\/argel-y-el-cautiverio-de-san-vicente\/\",\"url\":\"https:\/\/vincentians.com\/es\/argel-y-el-cautiverio-de-san-vicente\/\",\"name\":\"Argel y el cautiverio de San Vicente - Somos Vicencianos\",\"isPartOf\":{\"@id\":\"http:\/\/vincentians.com\/es\/#website\"},\"primaryImageOfPage\":{\"@id\":\"https:\/\/vincentians.com\/es\/argel-y-el-cautiverio-de-san-vicente\/#primaryimage\"},\"image\":{\"@id\":\"https:\/\/vincentians.com\/es\/argel-y-el-cautiverio-de-san-vicente\/#primaryimage\"},\"thumbnailUrl\":\"https:\/\/i0.wp.com\/vincentians.com\/es\/wp-content\/uploads\/sites\/11\/2016\/10\/ranquines.jpg?fit=1200%2C630&ssl=1\",\"datePublished\":\"2021-03-04T07:11:42+00:00\",\"dateModified\":\"2021-03-14T09:51:36+00:00\",\"breadcrumb\":{\"@id\":\"https:\/\/vincentians.com\/es\/argel-y-el-cautiverio-de-san-vicente\/#breadcrumb\"},\"inLanguage\":\"es\",\"potentialAction\":[{\"@type\":\"ReadAction\",\"target\":[\"https:\/\/vincentians.com\/es\/argel-y-el-cautiverio-de-san-vicente\/\"]}]},{\"@type\":\"ImageObject\",\"inLanguage\":\"es\",\"@id\":\"https:\/\/vincentians.com\/es\/argel-y-el-cautiverio-de-san-vicente\/#primaryimage\",\"url\":\"https:\/\/i0.wp.com\/vincentians.com\/es\/wp-content\/uploads\/sites\/11\/2016\/10\/ranquines.jpg?fit=1200%2C630&ssl=1\",\"contentUrl\":\"https:\/\/i0.wp.com\/vincentians.com\/es\/wp-content\/uploads\/sites\/11\/2016\/10\/ranquines.jpg?fit=1200%2C630&ssl=1\",\"width\":1200,\"height\":630},{\"@type\":\"BreadcrumbList\",\"@id\":\"https:\/\/vincentians.com\/es\/argel-y-el-cautiverio-de-san-vicente\/#breadcrumb\",\"itemListElement\":[{\"@type\":\"ListItem\",\"position\":1,\"name\":\"Portada\",\"item\":\"http:\/\/vincentians.com\/es\/\"},{\"@type\":\"ListItem\",\"position\":2,\"name\":\"Argel y el cautiverio de San Vicente\"}]},{\"@type\":\"WebSite\",\"@id\":\"http:\/\/vincentians.com\/es\/#website\",\"url\":\"http:\/\/vincentians.com\/es\/\",\"name\":\"Somos Vicencianos\",\"description\":\"Know more to serve more\",\"publisher\":{\"@id\":\"http:\/\/vincentians.com\/es\/#organization\"},\"potentialAction\":[{\"@type\":\"SearchAction\",\"target\":{\"@type\":\"EntryPoint\",\"urlTemplate\":\"http:\/\/vincentians.com\/es\/?s={search_term_string}\"},\"query-input\":{\"@type\":\"PropertyValueSpecification\",\"valueRequired\":true,\"valueName\":\"search_term_string\"}}],\"inLanguage\":\"es\"},{\"@type\":\"Organization\",\"@id\":\"http:\/\/vincentians.com\/es\/#organization\",\"name\":\"The Vincentian Network\",\"url\":\"http:\/\/vincentians.com\/es\/\",\"logo\":{\"@type\":\"ImageObject\",\"inLanguage\":\"es\",\"@id\":\"http:\/\/vincentians.com\/es\/#\/schema\/logo\/image\/\",\"url\":\"https:\/\/i1.wp.com\/vincentians.com\/es\/wp-content\/uploads\/sites\/11\/2016\/06\/Vincentian-Network-logo-big.png?fit=778%2C778\",\"contentUrl\":\"https:\/\/i1.wp.com\/vincentians.com\/es\/wp-content\/uploads\/sites\/11\/2016\/06\/Vincentian-Network-logo-big.png?fit=778%2C778\",\"width\":778,\"height\":778,\"caption\":\"The Vincentian Network\"},\"image\":{\"@id\":\"http:\/\/vincentians.com\/es\/#\/schema\/logo\/image\/\"},\"sameAs\":[\"https:\/\/www.facebook.com\/WeAreVincentians\/\",\"https:\/\/x.com\/WeVincentians\"]},{\"@type\":\"Person\",\"@id\":\"http:\/\/vincentians.com\/es\/#\/schema\/person\/9623ef4d9aa3b2dfb8c061f1499288f2\",\"name\":\"Francisco Javier Fern\u00e1ndez Chento\",\"image\":{\"@type\":\"ImageObject\",\"inLanguage\":\"es\",\"@id\":\"http:\/\/vincentians.com\/es\/#\/schema\/person\/image\/\",\"url\":\"https:\/\/secure.gravatar.com\/avatar\/497d5cde87b4c3d097d0315953521681ba2cd523ee66e5077c3711f7021e65de?s=96&d=mm&r=g\",\"contentUrl\":\"https:\/\/secure.gravatar.com\/avatar\/497d5cde87b4c3d097d0315953521681ba2cd523ee66e5077c3711f7021e65de?s=96&d=mm&r=g\",\"caption\":\"Francisco Javier Fern\u00e1ndez Chento\"},\"description\":\"Director General y cofundador de La Red de Formaci\u00f3n Vicenciana. Javier es laico vicenciano, afiliado a la Congregaci\u00f3n de la Misi\u00f3n y miembro del Equipo de Misiones Populares de la provincia can\u00f3nica de Zaragoza (Espa\u00f1a) de la Congregaci\u00f3n de la Misi\u00f3n. Graduado en la Universidad Oberta de Catalunya con cuatro grados (Asistente de direcci\u00f3n, Gesti\u00f3n Administrativa, Recursos Humanos y Contabilidad Avanzada). Bil\u00edng\u00fce Espa\u00f1ol\/Ingl\u00e9s. gestiona y mantiene varias p\u00e1ginas web cristianas y vicencianas, incluida including La Red de Formaci\u00f3n Vicenciana, de la que es cofundador. Actualmente es responsable del \u00e1rea de Espa\u00f1ol de .famvin, la Red de Noticias de la Familia Vicenciana. Tambi\u00e9n es m\u00fasico cat\u00f3lico y ha editado varios discos. Es Director General y cofundador de Trovador, una reconocida compa\u00f1\u00eda discogr\u00e1fica critiana de Espa\u00f1a. Trabaja en las Tecnolog\u00edas de la Informaci\u00f3n, ofreciendo servicios de alojamiento, dise\u00f1o y mantenimiento Web, as\u00ed como asesoramiento, formaci\u00f3n y soluciones inform\u00e1ticas, gesti\u00f3n documental y digitalizaci\u00f3n de textos, edici\u00f3n y maquetaci\u00f3n de libros, revistas, flyers, etc.\",\"sameAs\":[\"http:\/\/chento.org\",\"https:\/\/www.facebook.com\/JavierChento\",\"https:\/\/x.com\/https:\/\/twitter.com\/javierchento\"],\"url\":\"https:\/\/vincentians.com\/es\/author\/chento\/\"}]}<\/script>\n<!-- \/ Yoast SEO plugin. -->","yoast_head_json":{"title":"Argel y el cautiverio de San Vicente - Somos Vicencianos","robots":{"index":"index","follow":"follow","max-snippet":"max-snippet:-1","max-image-preview":"max-image-preview:large","max-video-preview":"max-video-preview:-1"},"canonical":"https:\/\/vincentians.com\/es\/argel-y-el-cautiverio-de-san-vicente\/","og_locale":"es_ES","og_type":"article","og_title":"Argel y el cautiverio de San Vicente - Somos Vicencianos","og_description":"Carta del Sr. R. GLEICES, sacerdote de la misi\u00f3n, al Sr. FIAT, Superior general. Archivos del consulado de Juan Le-Vacher, encontrados en T\u00fanez. \u2014Aras con\u00adsagradas por el Sr. Le-Vacher. \u2014 Lugar del cautiverio de San ... Read More","og_url":"https:\/\/vincentians.com\/es\/argel-y-el-cautiverio-de-san-vicente\/","og_site_name":"Somos Vicencianos","article_publisher":"https:\/\/www.facebook.com\/WeAreVincentians\/","article_author":"https:\/\/www.facebook.com\/JavierChento","article_published_time":"2021-03-04T07:11:42+00:00","article_modified_time":"2021-03-14T09:51:36+00:00","og_image":[{"width":1200,"height":630,"url":"https:\/\/i0.wp.com\/vincentians.com\/es\/wp-content\/uploads\/sites\/11\/2016\/10\/ranquines.jpg?fit=1200%2C630&ssl=1","type":"image\/jpeg"}],"author":"Francisco Javier Fern\u00e1ndez Chento","twitter_card":"summary_large_image","twitter_creator":"@https:\/\/twitter.com\/javierchento","twitter_site":"@WeVincentians","twitter_misc":{"Escrito por":"Francisco Javier Fern\u00e1ndez Chento","Tiempo de lectura":"10 minutos"},"schema":{"@context":"https:\/\/schema.org","@graph":[{"@type":"Article","@id":"https:\/\/vincentians.com\/es\/argel-y-el-cautiverio-de-san-vicente\/#article","isPartOf":{"@id":"https:\/\/vincentians.com\/es\/argel-y-el-cautiverio-de-san-vicente\/"},"author":{"name":"Francisco Javier Fern\u00e1ndez Chento","@id":"http:\/\/vincentians.com\/es\/#\/schema\/person\/9623ef4d9aa3b2dfb8c061f1499288f2"},"headline":"Argel y el cautiverio de San Vicente","datePublished":"2021-03-04T07:11:42+00:00","dateModified":"2021-03-14T09:51:36+00:00","mainEntityOfPage":{"@id":"https:\/\/vincentians.com\/es\/argel-y-el-cautiverio-de-san-vicente\/"},"wordCount":2063,"commentCount":0,"publisher":{"@id":"http:\/\/vincentians.com\/es\/#organization"},"image":{"@id":"https:\/\/vincentians.com\/es\/argel-y-el-cautiverio-de-san-vicente\/#primaryimage"},"thumbnailUrl":"https:\/\/i0.wp.com\/vincentians.com\/es\/wp-content\/uploads\/sites\/11\/2016\/10\/ranquines.jpg?fit=1200%2C630&ssl=1","keywords":["Argel","T\u00fanez"],"articleSection":["Vicente de Pa\u00fal"],"inLanguage":"es","potentialAction":[{"@type":"CommentAction","name":"Comment","target":["https:\/\/vincentians.com\/es\/argel-y-el-cautiverio-de-san-vicente\/#respond"]}]},{"@type":"WebPage","@id":"https:\/\/vincentians.com\/es\/argel-y-el-cautiverio-de-san-vicente\/","url":"https:\/\/vincentians.com\/es\/argel-y-el-cautiverio-de-san-vicente\/","name":"Argel y el cautiverio de San Vicente - Somos Vicencianos","isPartOf":{"@id":"http:\/\/vincentians.com\/es\/#website"},"primaryImageOfPage":{"@id":"https:\/\/vincentians.com\/es\/argel-y-el-cautiverio-de-san-vicente\/#primaryimage"},"image":{"@id":"https:\/\/vincentians.com\/es\/argel-y-el-cautiverio-de-san-vicente\/#primaryimage"},"thumbnailUrl":"https:\/\/i0.wp.com\/vincentians.com\/es\/wp-content\/uploads\/sites\/11\/2016\/10\/ranquines.jpg?fit=1200%2C630&ssl=1","datePublished":"2021-03-04T07:11:42+00:00","dateModified":"2021-03-14T09:51:36+00:00","breadcrumb":{"@id":"https:\/\/vincentians.com\/es\/argel-y-el-cautiverio-de-san-vicente\/#breadcrumb"},"inLanguage":"es","potentialAction":[{"@type":"ReadAction","target":["https:\/\/vincentians.com\/es\/argel-y-el-cautiverio-de-san-vicente\/"]}]},{"@type":"ImageObject","inLanguage":"es","@id":"https:\/\/vincentians.com\/es\/argel-y-el-cautiverio-de-san-vicente\/#primaryimage","url":"https:\/\/i0.wp.com\/vincentians.com\/es\/wp-content\/uploads\/sites\/11\/2016\/10\/ranquines.jpg?fit=1200%2C630&ssl=1","contentUrl":"https:\/\/i0.wp.com\/vincentians.com\/es\/wp-content\/uploads\/sites\/11\/2016\/10\/ranquines.jpg?fit=1200%2C630&ssl=1","width":1200,"height":630},{"@type":"BreadcrumbList","@id":"https:\/\/vincentians.com\/es\/argel-y-el-cautiverio-de-san-vicente\/#breadcrumb","itemListElement":[{"@type":"ListItem","position":1,"name":"Portada","item":"http:\/\/vincentians.com\/es\/"},{"@type":"ListItem","position":2,"name":"Argel y el cautiverio de San Vicente"}]},{"@type":"WebSite","@id":"http:\/\/vincentians.com\/es\/#website","url":"http:\/\/vincentians.com\/es\/","name":"Somos Vicencianos","description":"Know more to serve more","publisher":{"@id":"http:\/\/vincentians.com\/es\/#organization"},"potentialAction":[{"@type":"SearchAction","target":{"@type":"EntryPoint","urlTemplate":"http:\/\/vincentians.com\/es\/?s={search_term_string}"},"query-input":{"@type":"PropertyValueSpecification","valueRequired":true,"valueName":"search_term_string"}}],"inLanguage":"es"},{"@type":"Organization","@id":"http:\/\/vincentians.com\/es\/#organization","name":"The Vincentian Network","url":"http:\/\/vincentians.com\/es\/","logo":{"@type":"ImageObject","inLanguage":"es","@id":"http:\/\/vincentians.com\/es\/#\/schema\/logo\/image\/","url":"https:\/\/i1.wp.com\/vincentians.com\/es\/wp-content\/uploads\/sites\/11\/2016\/06\/Vincentian-Network-logo-big.png?fit=778%2C778","contentUrl":"https:\/\/i1.wp.com\/vincentians.com\/es\/wp-content\/uploads\/sites\/11\/2016\/06\/Vincentian-Network-logo-big.png?fit=778%2C778","width":778,"height":778,"caption":"The Vincentian Network"},"image":{"@id":"http:\/\/vincentians.com\/es\/#\/schema\/logo\/image\/"},"sameAs":["https:\/\/www.facebook.com\/WeAreVincentians\/","https:\/\/x.com\/WeVincentians"]},{"@type":"Person","@id":"http:\/\/vincentians.com\/es\/#\/schema\/person\/9623ef4d9aa3b2dfb8c061f1499288f2","name":"Francisco Javier Fern\u00e1ndez Chento","image":{"@type":"ImageObject","inLanguage":"es","@id":"http:\/\/vincentians.com\/es\/#\/schema\/person\/image\/","url":"https:\/\/secure.gravatar.com\/avatar\/497d5cde87b4c3d097d0315953521681ba2cd523ee66e5077c3711f7021e65de?s=96&d=mm&r=g","contentUrl":"https:\/\/secure.gravatar.com\/avatar\/497d5cde87b4c3d097d0315953521681ba2cd523ee66e5077c3711f7021e65de?s=96&d=mm&r=g","caption":"Francisco Javier Fern\u00e1ndez Chento"},"description":"Director General y cofundador de La Red de Formaci\u00f3n Vicenciana. Javier es laico vicenciano, afiliado a la Congregaci\u00f3n de la Misi\u00f3n y miembro del Equipo de Misiones Populares de la provincia can\u00f3nica de Zaragoza (Espa\u00f1a) de la Congregaci\u00f3n de la Misi\u00f3n. Graduado en la Universidad Oberta de Catalunya con cuatro grados (Asistente de direcci\u00f3n, Gesti\u00f3n Administrativa, Recursos Humanos y Contabilidad Avanzada). Bil\u00edng\u00fce Espa\u00f1ol\/Ingl\u00e9s. gestiona y mantiene varias p\u00e1ginas web cristianas y vicencianas, incluida including La Red de Formaci\u00f3n Vicenciana, de la que es cofundador. Actualmente es responsable del \u00e1rea de Espa\u00f1ol de .famvin, la Red de Noticias de la Familia Vicenciana. Tambi\u00e9n es m\u00fasico cat\u00f3lico y ha editado varios discos. Es Director General y cofundador de Trovador, una reconocida compa\u00f1\u00eda discogr\u00e1fica critiana de Espa\u00f1a. Trabaja en las Tecnolog\u00edas de la Informaci\u00f3n, ofreciendo servicios de alojamiento, dise\u00f1o y mantenimiento Web, as\u00ed como asesoramiento, formaci\u00f3n y soluciones inform\u00e1ticas, gesti\u00f3n documental y digitalizaci\u00f3n de textos, edici\u00f3n y maquetaci\u00f3n de libros, revistas, flyers, etc.","sameAs":["http:\/\/chento.org","https:\/\/www.facebook.com\/JavierChento","https:\/\/x.com\/https:\/\/twitter.com\/javierchento"],"url":"https:\/\/vincentians.com\/es\/author\/chento\/"}]}},"jetpack_publicize_connections":[],"jetpack_featured_media_url":"https:\/\/i0.wp.com\/vincentians.com\/es\/wp-content\/uploads\/sites\/11\/2016\/10\/ranquines.jpg?fit=1200%2C630&ssl=1","jetpack_sharing_enabled":true,"jetpack_shortlink":"https:\/\/wp.me\/p7ETMF-1aE","jetpack-related-posts":[{"id":129651,"url":"https:\/\/vincentians.com\/es\/san-vicente-de-paul-su-vida-su-tiempo-sus-obras-su-influencia-libro-3-capitulo-2-c\/","url_meta":{"origin":4504,"position":0},"title":"San Vicente de Pa\u00fal. Su vida, su tiempo; sus obras, su influencia. Libro 3, cap\u00edtulo 2 (c)","author":"Francisco Javier Fern\u00e1ndez Chento","date":"08\/01\/2015","format":false,"excerpt":"Cap\u00edtulo II: Berber\u00eda (cont.) Art\u00edculo III. Misi\u00f3n de Argel desde la muerte de san Vicente de Pa\u00fal. I. Expedici\u00f3n del duque de Beaufort. \u2013Juan Le Vacher en Argel. Vicente muri\u00f3 con el dolor de no haber visto castigada la pirater\u00eda, vengados la sangre de los m\u00e1rtires y el honor franc\u00e9s,\u2026","rel":"","context":"En \u00abVicente de Pa\u00fal\u00bb","block_context":{"text":"Vicente de Pa\u00fal","link":"https:\/\/vincentians.com\/es\/category\/la-familia-vicenciana\/fundadores\/vicente-de-paul\/"},"img":{"alt_text":"","src":"","width":0,"height":0},"classes":[]},{"id":119345,"url":"https:\/\/vincentians.com\/es\/vicente-de-paul-carta-1111-juan-le-vacher-sacerdote-de-la-mision-a-san-vicente\/","url_meta":{"origin":4504,"position":1},"title":"Vicente de Pa\u00fal, Carta 1111: Juan Le Vacher, Sacerdote De La Misi\u00f3n, A San Vicente","author":"Francisco Javier Fern\u00e1ndez Chento","date":"07\/04\/2013","format":false,"excerpt":"[T\u00fanez, 1648] Gracias a un poco de dinero que les he entregado a los amos o a los guardianes de estos pobres esclavos, los he podido reunir en varios lugares y les he instruido, consolado, confesado y confirmado en la fe, por la gracia de Dios. Y tras preparar los\u2026","rel":"","context":"En \u00abEscritos de Vicente de Pa\u00fal\u00bb","block_context":{"text":"Escritos de Vicente de Pa\u00fal","link":"https:\/\/vincentians.com\/es\/category\/escritos\/escritos-de-vicente-de-paul\/"},"img":{"alt_text":"","src":"https:\/\/i0.wp.com\/vincentians.com\/es\/wp-content\/uploads\/sites\/11\/2016\/07\/escritos-vicente-de-paul.jpg?fit=1200%2C630&ssl=1&resize=350%2C200","width":350,"height":200,"srcset":"https:\/\/i0.wp.com\/vincentians.com\/es\/wp-content\/uploads\/sites\/11\/2016\/07\/escritos-vicente-de-paul.jpg?fit=1200%2C630&ssl=1&resize=350%2C200 1x, https:\/\/i0.wp.com\/vincentians.com\/es\/wp-content\/uploads\/sites\/11\/2016\/07\/escritos-vicente-de-paul.jpg?fit=1200%2C630&ssl=1&resize=525%2C300 1.5x, https:\/\/i0.wp.com\/vincentians.com\/es\/wp-content\/uploads\/sites\/11\/2016\/07\/escritos-vicente-de-paul.jpg?fit=1200%2C630&ssl=1&resize=700%2C400 2x, https:\/\/i0.wp.com\/vincentians.com\/es\/wp-content\/uploads\/sites\/11\/2016\/07\/escritos-vicente-de-paul.jpg?fit=1200%2C630&ssl=1&resize=1050%2C600 3x"},"classes":[]},{"id":46867,"url":"https:\/\/vincentians.com\/es\/jean-le-vacher-1619-1683-parte-segunda\/","url_meta":{"origin":4504,"position":2},"title":"Jean Le Vacher (1619-1683) (Parte segunda)","author":"Mitxel Olabu\u00e9naga","date":"09\/08\/2011","format":false,"excerpt":"XIV. \u2014 El Sr. Le Vacher vuelve al consulado Antes de su partida, el C\u00f3nsul devolvi\u00f3 los sellos al Sr. Le Vacher. \u00c9ste los rechaz\u00f3 en primer lugar, esperando ser expulsado a su vez; pero el bey no odiaba por el momento m\u00e1s que al Sr. Husson y, solicitado adem\u00e1s\u2026","rel":"","context":"En \u00abBiograf\u00edas de Misioneros Pa\u00fales\u00bb","block_context":{"text":"Biograf\u00edas de Misioneros Pa\u00fales","link":"https:\/\/vincentians.com\/es\/category\/la-familia-vicenciana\/biografias-vicencianas\/biografias-de-misioneros-paules\/"},"img":{"alt_text":"","src":"https:\/\/i0.wp.com\/vincentians.com\/es\/wp-content\/uploads\/sites\/11\/2016\/07\/bio-cm.jpg?fit=1200%2C630&ssl=1&resize=350%2C200","width":350,"height":200,"srcset":"https:\/\/i0.wp.com\/vincentians.com\/es\/wp-content\/uploads\/sites\/11\/2016\/07\/bio-cm.jpg?fit=1200%2C630&ssl=1&resize=350%2C200 1x, https:\/\/i0.wp.com\/vincentians.com\/es\/wp-content\/uploads\/sites\/11\/2016\/07\/bio-cm.jpg?fit=1200%2C630&ssl=1&resize=525%2C300 1.5x, https:\/\/i0.wp.com\/vincentians.com\/es\/wp-content\/uploads\/sites\/11\/2016\/07\/bio-cm.jpg?fit=1200%2C630&ssl=1&resize=700%2C400 2x, https:\/\/i0.wp.com\/vincentians.com\/es\/wp-content\/uploads\/sites\/11\/2016\/07\/bio-cm.jpg?fit=1200%2C630&ssl=1&resize=1050%2C600 3x"},"classes":[]},{"id":46864,"url":"https:\/\/vincentians.com\/es\/jean-le-vacher-1619-1683-primera-parte\/","url_meta":{"origin":4504,"position":3},"title":"Jean Le Vacher (1619-1683) (Primera parte)","author":"Mitxel Olabu\u00e9naga","date":"08\/08\/2011","format":false,"excerpt":"I.\u2014 Nacimiento Como un mes despu\u00e9s del nombramiento de san Vicente de Pa\u00fal para el cargo de\u00a0 capell\u00e1n real de todas las galeras de Francia (8 de febrero de 1619), ven\u00eda al mundo un ni\u00f1o a quien la Providencia le reservaba para la realizaci\u00f3n\u00a0 de sus intenciones caritativas para con\u2026","rel":"","context":"En \u00abBiograf\u00edas de Misioneros Pa\u00fales\u00bb","block_context":{"text":"Biograf\u00edas de Misioneros Pa\u00fales","link":"https:\/\/vincentians.com\/es\/category\/la-familia-vicenciana\/biografias-vicencianas\/biografias-de-misioneros-paules\/"},"img":{"alt_text":"","src":"https:\/\/i0.wp.com\/vincentians.com\/es\/wp-content\/uploads\/sites\/11\/2016\/07\/bio-cm.jpg?fit=1200%2C630&ssl=1&resize=350%2C200","width":350,"height":200,"srcset":"https:\/\/i0.wp.com\/vincentians.com\/es\/wp-content\/uploads\/sites\/11\/2016\/07\/bio-cm.jpg?fit=1200%2C630&ssl=1&resize=350%2C200 1x, https:\/\/i0.wp.com\/vincentians.com\/es\/wp-content\/uploads\/sites\/11\/2016\/07\/bio-cm.jpg?fit=1200%2C630&ssl=1&resize=525%2C300 1.5x, https:\/\/i0.wp.com\/vincentians.com\/es\/wp-content\/uploads\/sites\/11\/2016\/07\/bio-cm.jpg?fit=1200%2C630&ssl=1&resize=700%2C400 2x, https:\/\/i0.wp.com\/vincentians.com\/es\/wp-content\/uploads\/sites\/11\/2016\/07\/bio-cm.jpg?fit=1200%2C630&ssl=1&resize=1050%2C600 3x"},"classes":[]},{"id":129647,"url":"https:\/\/vincentians.com\/es\/san-vicente-de-paul-su-vida-su-tiempo-sus-obras-su-influencia-libro-3-capitulo-2-b\/","url_meta":{"origin":4504,"position":4},"title":"San Vicente de Pa\u00fal. Su vida, su tiempo; sus obras, su influencia. Libro 3, cap\u00edtulo 2 (b)","author":"Francisco Javier Fern\u00e1ndez Chento","date":"07\/01\/2015","format":false,"excerpt":"Cap\u00edtulo II: Berber\u00eda (cont.) Art\u00edculo II. La Obra de san Vicente de Pa\u00fal I.Misi\u00f3n de T\u00fanez. \u2013C\u00f3nsules y Misioneros. \u2013Luis Gu\u00e9rin. \u00c9se era el pasado de Berber\u00eda, \u00e9sa su constituci\u00f3n presente, en su doble punto de vista pol\u00edtico y religioso, y en sus relaciones con la Iglesia y los gobiernos,\u2026","rel":"","context":"En \u00abVicente de Pa\u00fal\u00bb","block_context":{"text":"Vicente de Pa\u00fal","link":"https:\/\/vincentians.com\/es\/category\/la-familia-vicenciana\/fundadores\/vicente-de-paul\/"},"img":{"alt_text":"","src":"","width":0,"height":0},"classes":[]},{"id":46858,"url":"https:\/\/vincentians.com\/es\/philippe-le-vacher-1662-1679\/","url_meta":{"origin":4504,"position":5},"title":"Philippe Le Vacher (1662-1679)","author":"Mitxel Olabu\u00e9naga","date":"07\/08\/2011","format":false,"excerpt":"\u00a0\u00a0 El Sr. Philippe Le Vacher naci\u00f3 el 23 de marzo de 1662, en \u00c9couen, di\u00f3cesis de Par\u00edos, de padres muy cristianos que se entregaron desde un principio a formar su coraz\u00f3n en la virtud. El joven Philippe respondi\u00f3 perfectamente a los cuidados de que era objeto. Disposiciones tan felices\u2026","rel":"","context":"En \u00abBiograf\u00edas de Misioneros Pa\u00fales\u00bb","block_context":{"text":"Biograf\u00edas de Misioneros Pa\u00fales","link":"https:\/\/vincentians.com\/es\/category\/la-familia-vicenciana\/biografias-vicencianas\/biografias-de-misioneros-paules\/"},"img":{"alt_text":"","src":"https:\/\/i0.wp.com\/vincentians.com\/es\/wp-content\/uploads\/sites\/11\/2016\/07\/bio-cm.jpg?fit=1200%2C630&ssl=1&resize=350%2C200","width":350,"height":200,"srcset":"https:\/\/i0.wp.com\/vincentians.com\/es\/wp-content\/uploads\/sites\/11\/2016\/07\/bio-cm.jpg?fit=1200%2C630&ssl=1&resize=350%2C200 1x, https:\/\/i0.wp.com\/vincentians.com\/es\/wp-content\/uploads\/sites\/11\/2016\/07\/bio-cm.jpg?fit=1200%2C630&ssl=1&resize=525%2C300 1.5x, https:\/\/i0.wp.com\/vincentians.com\/es\/wp-content\/uploads\/sites\/11\/2016\/07\/bio-cm.jpg?fit=1200%2C630&ssl=1&resize=700%2C400 2x, https:\/\/i0.wp.com\/vincentians.com\/es\/wp-content\/uploads\/sites\/11\/2016\/07\/bio-cm.jpg?fit=1200%2C630&ssl=1&resize=1050%2C600 3x"},"classes":[]}],"_links":{"self":[{"href":"https:\/\/vincentians.com\/es\/wp-json\/wp\/v2\/posts\/4504","targetHints":{"allow":["GET"]}}],"collection":[{"href":"https:\/\/vincentians.com\/es\/wp-json\/wp\/v2\/posts"}],"about":[{"href":"https:\/\/vincentians.com\/es\/wp-json\/wp\/v2\/types\/post"}],"author":[{"embeddable":true,"href":"https:\/\/vincentians.com\/es\/wp-json\/wp\/v2\/users\/4"}],"replies":[{"embeddable":true,"href":"https:\/\/vincentians.com\/es\/wp-json\/wp\/v2\/comments?post=4504"}],"version-history":[{"count":1,"href":"https:\/\/vincentians.com\/es\/wp-json\/wp\/v2\/posts\/4504\/revisions"}],"predecessor-version":[{"id":403499,"href":"https:\/\/vincentians.com\/es\/wp-json\/wp\/v2\/posts\/4504\/revisions\/403499"}],"wp:featuredmedia":[{"embeddable":true,"href":"https:\/\/vincentians.com\/es\/wp-json\/wp\/v2\/media\/400152"}],"wp:attachment":[{"href":"https:\/\/vincentians.com\/es\/wp-json\/wp\/v2\/media?parent=4504"}],"wp:term":[{"taxonomy":"category","embeddable":true,"href":"https:\/\/vincentians.com\/es\/wp-json\/wp\/v2\/categories?post=4504"},{"taxonomy":"post_tag","embeddable":true,"href":"https:\/\/vincentians.com\/es\/wp-json\/wp\/v2\/tags?post=4504"}],"curies":[{"name":"wp","href":"https:\/\/api.w.org\/{rel}","templated":true}]}}