{"id":45,"date":"2022-11-28T08:35:23","date_gmt":"2022-11-28T07:35:23","guid":{"rendered":"http:\/\/www.vicencianos.org\/?p=45"},"modified":"2022-11-27T11:54:42","modified_gmt":"2022-11-27T10:54:42","slug":"resena-biografica-de-santa-catalina-laboure","status":"publish","type":"post","link":"https:\/\/vincentians.com\/es\/resena-biografica-de-santa-catalina-laboure\/","title":{"rendered":"Rese\u00f1a biogr\u00e1fica de Santa Catalina Labour\u00e9"},"content":{"rendered":"<h2><strong><img data-recalc-dims=\"1\" loading=\"lazy\" decoding=\"async\" data-attachment-id=\"398801\" data-permalink=\"https:\/\/vincentians.com\/es\/resena-biografica-de-santa-catalina-laboure\/vincent-de-paul-jean-leon-gerome\/\" data-orig-file=\"https:\/\/i0.wp.com\/vincentians.com\/es\/wp-content\/uploads\/sites\/11\/2016\/08\/vincent-de-paul-Jean-Leon-Gerome.jpg?fit=1200%2C630&amp;ssl=1\" data-orig-size=\"1200,630\" data-comments-opened=\"1\" data-image-meta=\"{&quot;aperture&quot;:&quot;0&quot;,&quot;credit&quot;:&quot;&quot;,&quot;camera&quot;:&quot;&quot;,&quot;caption&quot;:&quot;&quot;,&quot;created_timestamp&quot;:&quot;0&quot;,&quot;copyright&quot;:&quot;&quot;,&quot;focal_length&quot;:&quot;0&quot;,&quot;iso&quot;:&quot;0&quot;,&quot;shutter_speed&quot;:&quot;0&quot;,&quot;title&quot;:&quot;&quot;,&quot;orientation&quot;:&quot;1&quot;}\" data-image-title=\"vincent de paul Jean-Leon-Gerome\" data-image-description=\"\" data-image-caption=\"\" data-medium-file=\"https:\/\/i0.wp.com\/vincentians.com\/es\/wp-content\/uploads\/sites\/11\/2016\/08\/vincent-de-paul-Jean-Leon-Gerome.jpg?fit=300%2C158&amp;ssl=1\" data-large-file=\"https:\/\/i0.wp.com\/vincentians.com\/es\/wp-content\/uploads\/sites\/11\/2016\/08\/vincent-de-paul-Jean-Leon-Gerome.jpg?fit=846%2C444&amp;ssl=1\" class=\"alignnone size-medium wp-image-398801 alignleft\" src=\"https:\/\/i0.wp.com\/vincentians.com\/es\/wp-content\/uploads\/sites\/11\/2016\/08\/vincent-de-paul-Jean-Leon-Gerome.jpg?resize=300%2C158\" alt=\"vincent de paul Jean-Leon-Gerome\" width=\"300\" height=\"158\" srcset=\"https:\/\/i0.wp.com\/vincentians.com\/es\/wp-content\/uploads\/sites\/11\/2016\/08\/vincent-de-paul-Jean-Leon-Gerome.jpg?resize=300%2C158&amp;ssl=1 300w, https:\/\/i0.wp.com\/vincentians.com\/es\/wp-content\/uploads\/sites\/11\/2016\/08\/vincent-de-paul-Jean-Leon-Gerome.jpg?resize=768%2C403&amp;ssl=1 768w, https:\/\/i0.wp.com\/vincentians.com\/es\/wp-content\/uploads\/sites\/11\/2016\/08\/vincent-de-paul-Jean-Leon-Gerome.jpg?resize=1024%2C538&amp;ssl=1 1024w, https:\/\/i0.wp.com\/vincentians.com\/es\/wp-content\/uploads\/sites\/11\/2016\/08\/vincent-de-paul-Jean-Leon-Gerome.jpg?resize=100%2C53&amp;ssl=1 100w, https:\/\/i0.wp.com\/vincentians.com\/es\/wp-content\/uploads\/sites\/11\/2016\/08\/vincent-de-paul-Jean-Leon-Gerome.jpg?resize=846%2C444&amp;ssl=1 846w, https:\/\/i0.wp.com\/vincentians.com\/es\/wp-content\/uploads\/sites\/11\/2016\/08\/vincent-de-paul-Jean-Leon-Gerome.jpg?resize=1004%2C527&amp;ssl=1 1004w, https:\/\/i0.wp.com\/vincentians.com\/es\/wp-content\/uploads\/sites\/11\/2016\/08\/vincent-de-paul-Jean-Leon-Gerome.jpg?w=1200&amp;ssl=1 1200w\" sizes=\"auto, (max-width: 300px) 100vw, 300px\" \/>En la casa paterna:<\/strong><\/h2>\n<p>Fain-les-Moutiers es una peque\u00f1a aldea no lejos de Dijon, con m\u00e1s vacas que habitantes.<\/p>\n<p>Apenas se entra en la aldea, atrae la mirada una alta torre: es el palomar de la alquer\u00eda Labour\u00e9, con sus 600 palomas. Entrando por el porche se ve el establo, los pajares y, a la izquierda, la vivienda.<\/p>\n<p>El 2 de mayo de 1806, el Sr. Labour\u00e9 abre la puerta de la estancia com\u00fan y llama a sus siete hijos:<\/p>\n<p>\u00ab\u00a1Oid la noticia! \u00a1Ten\u00e9is una hermanita!\u00bb<\/p>\n<p>\u00ab\u00a1Magn\u00edfico! \u00bfC\u00f3mo se va a llamar?\u00bb pregunta Mar\u00eda Luisa.<\/p>\n<p>\u00ab\u00a1Catalina!\u00bb \u00ab\u00bfY cuando se bautiza?\u00bb, quiere saber Huberto, el mayor.<\/p>\n<p>\u00abMa\u00f1ana que es s\u00e1bado\u00bb<\/p>\n<p>Padre trabaja en el campo, madre atiende al corral y a las vacas, tareas que ense\u00f1a a las hijas. Va tambi\u00e9n regularmente al lavadero. Pese a tantas ocupaciones, halla tiempo para instruir a los hijos y les da una educaci\u00f3n cristiana.<\/p>\n<p>Toda la familia se alegr\u00f3 al nacer los dos \u00faltimos ni\u00f1os, Tonina y Augusto. Pero la vida fue m\u00e1s dif\u00edcil, cuando Augusto se accident\u00f3: cay\u00f3 de un carro y qued\u00f3 lisiado.<\/p>\n<p>La preocupaci\u00f3n por el futuro de este ni\u00f1o y un trabajo muy duro da\u00f1an la salud de la se\u00f1ora Labour\u00e9, que fallece el 9 de octubre de 1815.<\/p>\n<p>Catalina, de nueve a\u00f1os, est\u00e1 muy conmovida. Entre l\u00e1grimas, recuerda una oraci\u00f3n que su madre le hac\u00eda recitar fielmente cada noche. En un impulso de confianza, toma la imagen de la Sant\u00edsima Virgen, que est\u00e1 puesta en la repisa de la chimenea, y le dice: \u00abAhora ser\u00e1s T\u00fa mi madre\u00bb.<\/p>\n<p>Tres a\u00f1os despu\u00e9s, Mar\u00eda Luisa, a los 23 a\u00f1os, desea responder a la llamada de Jes\u00fas y hacerse religiosa. Anuncia a su padre que va a ser Hermana de San Vicente de Pa\u00fal.<\/p>\n<p>\u00ab\u00bfY qui\u00e9n cuida a Augusto y atiende al corral?\u00bb, pregunta inquieto el se\u00f1or Labour\u00e9.<\/p>\n<p>Levant\u00e1ndose muy de madrugada, las dos muchachas van del palomar al establo, del huerto a la cocina. A su hora, est\u00e1n listas las comidas y Augusto recibe la debida atenci\u00f3n. El se\u00f1or Labour\u00e9 est\u00e1 contento.<\/p>\n<p>Afectuosamente la familia llama a Catalina Zo\u00e9 a quien gusta, como a todos los ni\u00f1os, jugar o ir de paseo en su tiempo libre&#8230;<\/p>\n<p>Antes de marchar Mar\u00eda Luisa, Catalina tuvo la alegr\u00eda de hacer la primera comuni\u00f3n en la vecina aldea, Moutiers-Saint-Jean, pues en Fain-les-Moutiers no hab\u00eda sacerdote desde la Revoluci\u00f3n.<\/p>\n<p>Catalina reza siempre a Jes\u00fas por la ma\u00f1ana, antes de ponerse a trabajar, y durante el d\u00eda. Tan pronto como puede, va a la Iglesia, cercana a la alquer\u00eda.<\/p>\n<h2><strong>Quiero ser Hija de la Caridad:<\/strong><\/h2>\n<p>Una noche, Catalina tiene un sue\u00f1o cuyo recuerdo la persigue. \u00abEstaba rezando en la iglesia de Fain. Dec\u00eda la misa un sacerdote anciano, el cual me mir\u00f3. Yo quer\u00eda huir. Entonces me dijo: &#8211; Me encontrar\u00e1s de nuevo un d\u00eda. Dios tiene un proyecto para ti&#8230;\u00bb<\/p>\n<p>\u00ab\u00a1Quiero ser Hija de la Caridad!\u00bb, dice un d\u00eda Catalina. \u00ab\u00a1Ah, no! \u00a1 Di ya una hija a Dios, es bastante! No te ir\u00e1s\u00bb, responde el se\u00f1or Labour\u00e9. Catalina se siente violenta.. \u00ab\u00bfQu\u00e9 debe hacer? \u00bfObedecer a su padre o a Jes\u00fas?\u00bb Contin\u00faa trabajando en la alquer\u00eda, pero su coraz\u00f3n guarda el proyecto.<\/p>\n<p>Algunos meses despu\u00e9s vuelve a la carga: \u00abQuisiera ser Hija de la Caridad\u00bb. \u00ab\u00a1Eso nunca!\u00bb, responde el padre fuera de s\u00ed. \u00abPara quitarte esa idea, te mando a Par\u00eds, con tu hermano Carlos. Le ayudar\u00e1s en el restaurante\u00bb.<\/p>\n<p>Pesarosa, Catalina deja Fain-les-Moutiers; la alquer\u00eda queda a cargo de Tonina. Carlos es dichoso teniendo consigo a su hermana; pero muy pronto descubre su sufrimiento. Lo comunica a su padre, el cual no quiere saber nada.<\/p>\n<p>Los hermanos de Catalina se ponen de acuerdo, y Huberto tiene la idea de ponerla en el pensionado que ha abierto su mujer, no lejos de Fain-lesMoutiers. All\u00ed, en Ch\u00e1tillon-sur-Seine, aprende a leer y escribir, lo que no pudo en la alquer\u00eda, debido a la enfermedad y muerte de su madre.<\/p>\n<p>Catalina se alegra de saber que hay Hijas de la Caridad en Ch\u00e1tillon y, tan pronto como puede, va a verlas. A la entrada de la casa, atrae su mirada un cuadro: \u00ab\u00bfQuien es ese sacerdote?\u00bb pregunta. \u00ab\u00a1San Vicente de Pa\u00fal, nuestro fundador!\u00bb \u00ab\u00a1Es el que vi en un sue\u00f1o!\u00bb<\/p>\n<p>Viendo a Catalina tan dichosa, cuando est\u00e1 con las Hermanas de Ch\u00e1tillon, Huberto resuelve hablar de nuevo con su padre. Este se deja convencer, y termina por aceptar la vocaci\u00f3n de su hija y su adi\u00f3s final a Fain-les-Moutiers.<\/p>\n<h2><strong>En el Seminario de las Hijas de la Caridad:<\/strong><\/h2>\n<p>El mi\u00e9rcoles 21 de abril de 1830, Catalina Labour\u00e9 es admitida en el seminario de las Hijas de la Caridad, calle del Bac, 140, en Par\u00eds.<\/p>\n<p>El domingo siguiente, 25 de abril, la capital est\u00e1 de fiesta. El cuerpo de san Vicente, escondido durante la Revoluci\u00f3n Francesa, es llevado triunfalmente de la catedral de Nuestra Se\u00f1ora de Par\u00eds a la capilla de los Sacerdotes de la Misi\u00f3n, Padres Pa\u00fales. Lo acompa\u00f1a una gran multitud. Con las Hermanas, Catalina asiste a esta procesi\u00f3n: es la fiesta, de la caridad.<\/p>\n<p>Por la noche, durante el gran silencio, ve otra vez en sue\u00f1os a san Vicente. Este le inspira el presentimiento de los dolorosos sucesos que acaecer\u00e1n en Francia, y la invita aque encienda la caridad en los corazones.<\/p>\n<p>En el seminario la jornada transcurre entre el trabajo, la oraci\u00f3n y el estudio. Durante diez o doce meses, las Hermanas se preparan para ser Hijas de la Caridad&#8230; Nada distingue de las dem\u00e1s a Catalina.<\/p>\n<p>Sin embargo &#8230; el 18 de julio&#8230; un poco antes de medianoche, Catalina oye una voz: \u00ab\u00a1Hermana! \u00a1Lev\u00e1ntese de prisa! \u00a1Venga a la capilla \u00a1La espera la Sant\u00edsima Virgen\u00bb . \u00ab\u00a1Pero me van a o\u00edr!\u00bb \u00ab\u00a1No tenga miedo, todas duermen!\u00bb Catalina se levanta y descubre junto a su lecho un ni\u00f1o resplandeciente de luz. Le sigue hasta. la capilla, que est\u00e1 iluminada&#8230; All\u00ed espera, algo inquieta.<\/p>\n<p>Catalina refiere: \u00abDe repente oigo ruido&#8230; Alguien viene a sentarse en el sill\u00f3n&#8230; pero yo dudaba. \u00abEs la Sant\u00edsima Virgen\u00bb, dijo el ni\u00f1o. Entonces me acerqu\u00e9 a ella de un salto, arrodillada en las gradas del altar. Apoy\u00e9 las manos en sus rodillas. Pas\u00f3 un largo rato&#8230; el m\u00e1s dulce de mi vida\u00bb.<\/p>\n<p>En este primer encuentro, Mar\u00eda habla prolongadamente con Catalina. Le anuncia que le confiar\u00e1 una misi\u00f3n; le advierte que no debe dejarse detener por las dificultades, sino que ha de venir a orar a Jes\u00fas en la Eucarist\u00eda.<\/p>\n<p>\u00abCuando volv\u00ed a la cama, eran las dos de la ma\u00f1ana; o\u00ed c\u00f3mo sonaba el reloj; pero no me pude dormir\u00bb.<\/p>\n<p>27 de noviembre de 1830, segunda visita, de Mar\u00eda a Catalina:<\/p>\n<p>\u00abEra la hora de la oraci\u00f3n de la tarde; yo estaba en la capilla con todas las Hermanas; vi a la Sant\u00edsima Virgen, de pie, ofreciendo a Dios el globo terr\u00e1queo, que sosten\u00eda en las manos. De sus dedos sal\u00edan rayos de luz, s\u00edmbolo de las gracias que da a todos los que se las piden\u00bb.<\/p>\n<p>\u00abLuego, vi formarse un \u00f3valo en torno a la Sant\u00edsima Virgen, con esta oraci\u00f3n: \u00abOh Mar\u00eda, sin pecado concebida: ruega por nosotros que recurrimos a ti\u00bb. El \u00f3valo se dio la vuelta, y vi la letra M, con una cruz encima, y debajo dos corazones: el de Jes\u00fas, coronado de espinas; el de Mar\u00eda, atravesado por una espada; y me dijo una voz: \u00abhaz que acu\u00f1en una medalla seg\u00fan este modelo; quienes la lleven con confianza, recibir\u00e1n muchas gracias\u00bb.<\/p>\n<h2><strong>En el Asilo de Reuilly:<\/strong><\/h2>\n<p>El 5 de febrero de 1831, Sor Catalina deja es seminario. Va destina a un asilo de ancianos, en la calle de Reuilly, Par\u00eds. Esta situado en una gran propiedad, y alberga a una cincuentena de personas de edad con escasos medios, a las que sirven siete Hermanas.<\/p>\n<p>Por ser la m\u00e1s joven, se encomiendan a Catalina los trabajos m\u00e1s duros: la cocina, atender al corral y a la granja. El buen sentido y la competencia de la campesina de Fain-les-Moutiers hacen maravillas. Pese a los escasos recursos de la casa, se las ingenia y adereza platos apetitosos, para el bien de todos.<\/p>\n<p>Pese a sus m\u00faltiples ocupaciones, Catalina no cesa de pensar en la misi\u00f3n que le ha sido confiada. \u00bfC\u00f3mo realizarla sin llamar la atenci\u00f3n? Comprende que ha de seguir ignorada y encontrar un medio por el que difundir su mensaje.<\/p>\n<p>Por consejo de la Sant\u00edsima Virgen, ha hablado con el Padre Aladel, que la conoce bien. \u00c9ste, al principio, no la cree, pero poco a poco se deja vencer por la sencilla tenacidad de Catalina.<\/p>\n<p>En 1832, con licencia del arzobispo de Par\u00eds, se acu\u00f1an las primeras medallas. El Padre Aladel mismo acaba de dar una a cada Hermana del asilo. Le admiran la discreci\u00f3n y fortaleza de Sor Catalina, quien recibe la suya sin transparentar nada.<\/p>\n<p>Una terrible epidemia de c\u00f3lera se ceba en Par\u00eds. En todos los distritos se cuentan los muertos por millares; una Hermana de la comunidad de Catalina est\u00e1 entre las primeras v\u00edctimas. Para hacer frente a esta plaga, que nadie puede detener, los cristianos oran.<\/p>\n<p>Las Hijas de la Caridad distribuyen la medalla, y hacen que los enfermos reciten la oraci\u00f3n que dej\u00f3 a Catalina la Virgen Mar\u00eda: \u00abOh Mar\u00eda, sin pecado concebida: ruega por nosotros que recurrimos a ti\u00bb. \u00ab\u00a1Qu\u00e9 sorpresa!\u00bb Se ven curaciones inesperadas y extraordinarias conversiones.<\/p>\n<p>Esta. medallita, que los enfermos consienten en llevar, muy pronto es llamada por el pueblo medalla milagrosa&#8230;\u00a1nombre que le quedar\u00e1! Tres a\u00f1os despu\u00e9s&#8230; en 1835&#8230; se acu\u00f1an mill\u00f3n y medio de medallas, que son distribuidas por toda Europa.<\/p>\n<p>Sor Catalina es ahora responsable del gran dormitorio en que est\u00e1n los ancianos. Los ama a todos. Si tiene alguna preferencia, es hacia los m\u00e1s desgraciados y los m\u00e1s desagradables. Cuando se la reprocha que no castiga a los que vuelven ebrios, responde: \u00abEs que, aun as\u00ed, veo a Jes\u00fas en ellos\u00bb.<\/p>\n<p>Defiende con valor el huerto de hortalizas contra los muchachos del barrio, siempre prontos a la rebati\u00f1a, como los p\u00e1jaros. Los mejores productos son para los ancianos de la casa.<\/p>\n<p>Al mismo tiempo que el servicio a los ancianos, Catalina asume el cuidado de la peque\u00f1a granja del asilo. A\u00f1ade, a las gallinas y a los conejos, vacas que den buena leche, y palomas que le recuerdan la granja familiar.<\/p>\n<p>Aun con toda su actividad, Catalina, ora mucho. Ella misma refiere c\u00f3mo:<\/p>\n<p>\u00abCuando voy a la capilla, me pongo delante del Buen Dios y le digo: \u00abSe\u00f1or, heme aqu\u00ed, dadme lo que quer\u00e1is\u00bb. Si me da algo, quedo muy contenta, y se lo agradezco; si no me da nada, se lo agradezco tambi\u00e9n, porque no merezco m\u00e1s. Luego le digo todo lo que me viene a la mente. Le cuento mis penas y mis gozos, y escucho. Si vosotros le escuch\u00e1is, os hablar\u00e1, pues con el Buen Dios hay que decir, y despu\u00e9s o\u00edr. Habla siempre, si se acude a \u00c9l con sencillez\u00bb.<\/p>\n<h2><strong>La Asociaci\u00f3n de J\u00f3venes:<\/strong><\/h2>\n<p>Los obreros viv\u00edan por entonces en condiciones deplorables. En Francia, y particularmente en las grandes ciudades, se deja sentir con dureza la crisis econ\u00f3mica. En el barrio de Reuilly, los ni\u00f1os trabajan en las f\u00e1bricas de papel desde los seis a\u00f1os. Estos ni\u00f1os explotados son tambi\u00e9n v\u00edctimas del alcoholismo y de la violencia.<\/p>\n<p>Sol\u00edcita, por el futuro de estos adolescentes, la comunidad de Sor Catalina abre una escuela para menores e inicia clases nocturnas para los que trabajan.<\/p>\n<p>Esta iniciativa cumple con el ruego de la Virgen Mar\u00eda a Catalina en favor de la juventud: \u00abque las Hermanas se ocupen de su formaci\u00f3n humana y cristiana, y a este objeto creen una asociaci\u00f3n\u00bb. La asociaci\u00f3n fue establecida en Reuilly el a\u00f1o 1851, y estaba en ella una sobrina de Catalina.<\/p>\n<p>Mientras Sor Catalina trabaja y ora en el asilo, la medalla se esparce por toda Francia y Europa. \u00ab\u00bfDe d\u00f3nde viene esta, medalla?\u00bb pregunta todo el mundo.<\/p>\n<p>Tambi\u00e9n en Reuilly hablan las Hermanas:<\/p>\n<p>\u00abDicen que es Sor Catalina la que vio a la Sant\u00edsima Virgen\u00bb.<\/p>\n<p>\u00ab\u00a1Imposible! \u00a1Es como todo el mundo!\u00bb<\/p>\n<p>Sor Catalina guarda el secreto, y aun rega\u00f1a a las Hermanas que hablan demasiado. Pero a la que lo duda, no vacila en asegurar: \u00abMi querida Hermana, la que vio a la Sant\u00edsima Virgen, la vio &#8216;de carne y hueso&#8217;, como usted y yo\u00bb.<\/p>\n<h2><strong>La Inmaculada Concepci\u00f3n:<\/strong><\/h2>\n<p>\u00abOh Mar\u00eda, sin pecado concebida: ruega por nosotros que recurrimos a ti\u00bb. Esta oraci\u00f3n, inscrita en la medalla, repetida por millones de cristianos, prepara un acontecimiento importante en la Iglesia&#8230;<\/p>\n<p>El 8 de diciembre de 1854, el papa P\u00edo IX proclama el dogma de la Inmaculada Concepci\u00f3n. Cuatro a\u00f1os despu\u00e9s, en Lourdes, Bernadette recibe la visita, de una &#8216;hermosa se\u00f1ora&#8217;: dice llamarse &#8216;Inmaculada Concepci\u00f3n&#8217;. En Lourdes se conoce a Bernadette desde el comienzo de las apariciones; en Reuilly Catalina guarda silencio&#8230; un silencio que durar\u00e1 46 a\u00f1os.<\/p>\n<h2><strong>La defensa de los pobres:<\/strong><\/h2>\n<p>En julio de 1870, Napole\u00f3n III declara la guerra a Prusia. El aplastamiento de Francia es r\u00e1pido, y el pueblo se subleva contra el emperador. Un gran movimiento popular, llamado La Comuna, s\u00e9 apodera de Par\u00eds. El barrio de Reuilly est\u00e1 en el centro del conflicto.<\/p>\n<p>Las Hermanas curan a los heridos de ambos campos. Los combatientes invaden el convento.<\/p>\n<p>Catalina es detenida y conducida al puesto de la polic\u00eda. Piden que declare contra La Valentin, una asilada fan\u00e1tica, que la ha hecho sufrir mucho. \u00a1Asombro en los jueces! Catalina no dice nada, pues para las Hijas de la Caridad todo ser humano merece respeto, aun el peor de todos.<\/p>\n<h2><strong>La Virgen del globo:<\/strong><\/h2>\n<p>Catalina siente menguar sus fuerzas, y que la muerte se acerca. La atormenta, un ruego de la Virgen que no se ha cumplido. \u00bfQui\u00e9n dar\u00e1 autorizaci\u00f3n para esculpir una imagen de Mar\u00eda, con el globo terr\u00e1queo en las manos? El Padre Aladel, depositario de sus confidencias, ha muerto.<\/p>\n<p>Habla con su superiora, Sor Juana Duf\u00e9s, y le refiere sus conversaciones con la Virgen Mar\u00eda. \u00abHa sido usted muy favorecida\u00bb, dice Sor Juana, conmovida. \u00abNo he sido m\u00e1s que un instrumento. Si me eligi\u00f3 a m\u00ed, una ignorante, es para que no se dudara de ella\u00bb.<\/p>\n<p>\u00abSor Juana, hay que hacer una estatua de Mar\u00eda, con el globo de la tierra en sus manos. Como una madre lleva al ni\u00f1o en brazos, Mar\u00eda presenta a Dios toda la vida del mundo. Nos invita a amar el mundo como lo am\u00f3 Jes\u00fas, y a que construyamos un mundo nuevo\u00bb. Ante la imagen, que por fin se hace, Catalina queda decepcionada: \u00ab\u00a1La Sant\u00edsima Virgen es mucho m\u00e1s bella!\u00bb<\/p>\n<h2><strong>Muerte y glorificaci\u00f3n:<\/strong><\/h2>\n<p>Diciembre de 1876.. Catalina, cada vez m\u00e1s postrada, ya no sale. Asegura con calma: \u00abNo ver\u00e9 el final del a\u00f1o\u00bb&#8230; El 30 de diciembre se agrava su estado. \u00abSor Catalina, \u00bfno teme morir?\u00bb, pregunta Sor Juana. \u00ab\u00bfA qu\u00e9 temer? Voy ver a Nuestro Se\u00f1or, a la Virgen Mar\u00eda y a san Vicente\u00bb.<\/p>\n<p>A la ma\u00f1ana siguiente, Catalina recibe la comuni\u00f3n. Las Hermanas recitan con ella el rosario. Suavemente, la sonrisa en los labios, expira. Entonces dice Sor Juana:<\/p>\n<p>\u00abNo hay que ocultar ya nada. Catalina fue la que vio a la Sant\u00edsima Virgen y recibi\u00f3 el encargo de que hiciese acu\u00f1ar la medalla milagrosa\u00bb.<\/p>\n<p>\u00abEn la capilla, sor Catalina permanec\u00eda inm\u00f3vil, los ojos fijos en la imagen de la Sant\u00edsima Virgen\u00bb, dice sor Filomena. \u00abLo pienso cada vez que miro el puesto que ocupaba\u00bb. \u00abA m\u00ed me gustaba recitar con ella el rosario\u00bb, a\u00f1ade Sor Ana Mar\u00eda; \u00abme ense\u00f1aba a rezar\u00bb.<\/p>\n<p>El 3 de enero de 1877, una larga procesi\u00f3n recorre los tres jardines de Reuilly. Ha acudido una numerosa multitud. El entierro es un verdadero triunfo para la que siempre quiso permanecer desconocida.<\/p>\n<p>Catalina es declarada santa por P\u00edo XII el 21 de julio de 1947. Hoy, su cuerpo reposa en la capilla de la Medalla Milagrosa, Par\u00eds, calle del Bac, 140. Esta capilla se ha convertido en lugar de peregrinaciones. Como en Lourdes, las muchedumbres responden a la invitaci\u00f3n de la Virgen Mar\u00eda:<\/p>\n<p>\u00abVenid al pie del altar: all\u00ed se derramar\u00e1n las gracias sobre cuantos las pidan con fervor\u00bb.<\/p>\n","protected":false},"excerpt":{"rendered":"<p>En la casa paterna: Fain-les-Moutiers es una peque\u00f1a aldea no lejos de Dijon, con m\u00e1s vacas que habitantes. Apenas se entra en la aldea, atrae la mirada una alta torre: es el palomar de la &#8230; <a href=\"https:\/\/vincentians.com\/es\/resena-biografica-de-santa-catalina-laboure\/\" class=\"more-link\">Read More<\/a><\/p>\n","protected":false},"author":4,"featured_media":398801,"comment_status":"open","ping_status":"open","sticky":false,"template":"","format":"standard","meta":{"jetpack_post_was_ever_published":false,"_jetpack_newsletter_access":"","_jetpack_dont_email_post_to_subs":true,"_jetpack_newsletter_tier_id":0,"_jetpack_memberships_contains_paywalled_content":false,"_jetpack_memberships_contains_paid_content":false,"footnotes":"","jetpack_publicize_message":"","jetpack_publicize_feature_enabled":true,"jetpack_social_post_already_shared":true,"jetpack_social_options":{"image_generator_settings":{"template":"highway","default_image_id":0,"font":"","enabled":false},"version":2}},"categories":[20],"tags":[246,173],"class_list":["post-45","post","type-post","status-publish","format-standard","has-post-thumbnail","hentry","category-catalina-laboure","tag-charpy","tag-chatillon-les-dombes"],"yoast_head":"<!-- This site is optimized with the Yoast SEO plugin v26.3 - https:\/\/yoast.com\/wordpress\/plugins\/seo\/ -->\n<title>Rese\u00f1a biogr\u00e1fica de Santa Catalina Labour\u00e9 - Somos Vicencianos<\/title>\n<meta name=\"robots\" content=\"index, follow, max-snippet:-1, max-image-preview:large, max-video-preview:-1\" \/>\n<link rel=\"canonical\" href=\"https:\/\/vincentians.com\/es\/resena-biografica-de-santa-catalina-laboure\/\" \/>\n<meta property=\"og:locale\" content=\"es_ES\" \/>\n<meta property=\"og:type\" content=\"article\" \/>\n<meta property=\"og:title\" content=\"Rese\u00f1a biogr\u00e1fica de Santa Catalina Labour\u00e9 - Somos Vicencianos\" \/>\n<meta property=\"og:description\" content=\"En la casa paterna: Fain-les-Moutiers es una peque\u00f1a aldea no lejos de Dijon, con m\u00e1s vacas que habitantes. Apenas se entra en la aldea, atrae la mirada una alta torre: es el palomar de la ... Read More\" \/>\n<meta property=\"og:url\" content=\"https:\/\/vincentians.com\/es\/resena-biografica-de-santa-catalina-laboure\/\" \/>\n<meta property=\"og:site_name\" content=\"Somos Vicencianos\" \/>\n<meta property=\"article:publisher\" content=\"https:\/\/www.facebook.com\/WeAreVincentians\/\" \/>\n<meta property=\"article:author\" content=\"https:\/\/www.facebook.com\/JavierChento\" \/>\n<meta property=\"article:published_time\" content=\"2022-11-28T07:35:23+00:00\" \/>\n<meta property=\"og:image\" content=\"https:\/\/i0.wp.com\/vincentians.com\/es\/wp-content\/uploads\/sites\/11\/2016\/08\/vincent-de-paul-Jean-Leon-Gerome.jpg?fit=1200%2C630&ssl=1\" \/>\n\t<meta property=\"og:image:width\" content=\"1200\" \/>\n\t<meta property=\"og:image:height\" content=\"630\" \/>\n\t<meta property=\"og:image:type\" content=\"image\/jpeg\" \/>\n<meta name=\"author\" content=\"Francisco Javier Fern\u00e1ndez Chento\" \/>\n<meta name=\"twitter:card\" content=\"summary_large_image\" \/>\n<meta name=\"twitter:creator\" content=\"@https:\/\/twitter.com\/javierchento\" \/>\n<meta name=\"twitter:site\" content=\"@WeVincentians\" \/>\n<meta name=\"twitter:label1\" content=\"Escrito por\" \/>\n\t<meta name=\"twitter:data1\" content=\"Francisco Javier Fern\u00e1ndez Chento\" \/>\n\t<meta name=\"twitter:label2\" content=\"Tiempo de lectura\" \/>\n\t<meta name=\"twitter:data2\" content=\"13 minutos\" \/>\n<script type=\"application\/ld+json\" class=\"yoast-schema-graph\">{\"@context\":\"https:\/\/schema.org\",\"@graph\":[{\"@type\":\"Article\",\"@id\":\"https:\/\/vincentians.com\/es\/resena-biografica-de-santa-catalina-laboure\/#article\",\"isPartOf\":{\"@id\":\"https:\/\/vincentians.com\/es\/resena-biografica-de-santa-catalina-laboure\/\"},\"author\":{\"name\":\"Francisco Javier Fern\u00e1ndez Chento\",\"@id\":\"http:\/\/vincentians.com\/es\/#\/schema\/person\/9623ef4d9aa3b2dfb8c061f1499288f2\"},\"headline\":\"Rese\u00f1a biogr\u00e1fica de Santa Catalina Labour\u00e9\",\"datePublished\":\"2022-11-28T07:35:23+00:00\",\"mainEntityOfPage\":{\"@id\":\"https:\/\/vincentians.com\/es\/resena-biografica-de-santa-catalina-laboure\/\"},\"wordCount\":2866,\"commentCount\":0,\"publisher\":{\"@id\":\"http:\/\/vincentians.com\/es\/#organization\"},\"image\":{\"@id\":\"https:\/\/vincentians.com\/es\/resena-biografica-de-santa-catalina-laboure\/#primaryimage\"},\"thumbnailUrl\":\"https:\/\/i0.wp.com\/vincentians.com\/es\/wp-content\/uploads\/sites\/11\/2016\/08\/vincent-de-paul-Jean-Leon-Gerome.jpg?fit=1200%2C630&ssl=1\",\"keywords\":[\"Charpy\",\"Chatillon\"],\"articleSection\":[\"Catalina Labour\u00e9\"],\"inLanguage\":\"es\",\"potentialAction\":[{\"@type\":\"CommentAction\",\"name\":\"Comment\",\"target\":[\"https:\/\/vincentians.com\/es\/resena-biografica-de-santa-catalina-laboure\/#respond\"]}]},{\"@type\":\"WebPage\",\"@id\":\"https:\/\/vincentians.com\/es\/resena-biografica-de-santa-catalina-laboure\/\",\"url\":\"https:\/\/vincentians.com\/es\/resena-biografica-de-santa-catalina-laboure\/\",\"name\":\"Rese\u00f1a biogr\u00e1fica de Santa Catalina Labour\u00e9 - Somos Vicencianos\",\"isPartOf\":{\"@id\":\"http:\/\/vincentians.com\/es\/#website\"},\"primaryImageOfPage\":{\"@id\":\"https:\/\/vincentians.com\/es\/resena-biografica-de-santa-catalina-laboure\/#primaryimage\"},\"image\":{\"@id\":\"https:\/\/vincentians.com\/es\/resena-biografica-de-santa-catalina-laboure\/#primaryimage\"},\"thumbnailUrl\":\"https:\/\/i0.wp.com\/vincentians.com\/es\/wp-content\/uploads\/sites\/11\/2016\/08\/vincent-de-paul-Jean-Leon-Gerome.jpg?fit=1200%2C630&ssl=1\",\"datePublished\":\"2022-11-28T07:35:23+00:00\",\"breadcrumb\":{\"@id\":\"https:\/\/vincentians.com\/es\/resena-biografica-de-santa-catalina-laboure\/#breadcrumb\"},\"inLanguage\":\"es\",\"potentialAction\":[{\"@type\":\"ReadAction\",\"target\":[\"https:\/\/vincentians.com\/es\/resena-biografica-de-santa-catalina-laboure\/\"]}]},{\"@type\":\"ImageObject\",\"inLanguage\":\"es\",\"@id\":\"https:\/\/vincentians.com\/es\/resena-biografica-de-santa-catalina-laboure\/#primaryimage\",\"url\":\"https:\/\/i0.wp.com\/vincentians.com\/es\/wp-content\/uploads\/sites\/11\/2016\/08\/vincent-de-paul-Jean-Leon-Gerome.jpg?fit=1200%2C630&ssl=1\",\"contentUrl\":\"https:\/\/i0.wp.com\/vincentians.com\/es\/wp-content\/uploads\/sites\/11\/2016\/08\/vincent-de-paul-Jean-Leon-Gerome.jpg?fit=1200%2C630&ssl=1\",\"width\":1200,\"height\":630},{\"@type\":\"BreadcrumbList\",\"@id\":\"https:\/\/vincentians.com\/es\/resena-biografica-de-santa-catalina-laboure\/#breadcrumb\",\"itemListElement\":[{\"@type\":\"ListItem\",\"position\":1,\"name\":\"Portada\",\"item\":\"http:\/\/vincentians.com\/es\/\"},{\"@type\":\"ListItem\",\"position\":2,\"name\":\"Rese\u00f1a biogr\u00e1fica de Santa Catalina Labour\u00e9\"}]},{\"@type\":\"WebSite\",\"@id\":\"http:\/\/vincentians.com\/es\/#website\",\"url\":\"http:\/\/vincentians.com\/es\/\",\"name\":\"Somos Vicencianos\",\"description\":\"Know more to serve more\",\"publisher\":{\"@id\":\"http:\/\/vincentians.com\/es\/#organization\"},\"potentialAction\":[{\"@type\":\"SearchAction\",\"target\":{\"@type\":\"EntryPoint\",\"urlTemplate\":\"http:\/\/vincentians.com\/es\/?s={search_term_string}\"},\"query-input\":{\"@type\":\"PropertyValueSpecification\",\"valueRequired\":true,\"valueName\":\"search_term_string\"}}],\"inLanguage\":\"es\"},{\"@type\":\"Organization\",\"@id\":\"http:\/\/vincentians.com\/es\/#organization\",\"name\":\"The Vincentian Network\",\"url\":\"http:\/\/vincentians.com\/es\/\",\"logo\":{\"@type\":\"ImageObject\",\"inLanguage\":\"es\",\"@id\":\"http:\/\/vincentians.com\/es\/#\/schema\/logo\/image\/\",\"url\":\"https:\/\/i1.wp.com\/vincentians.com\/es\/wp-content\/uploads\/sites\/11\/2016\/06\/Vincentian-Network-logo-big.png?fit=778%2C778\",\"contentUrl\":\"https:\/\/i1.wp.com\/vincentians.com\/es\/wp-content\/uploads\/sites\/11\/2016\/06\/Vincentian-Network-logo-big.png?fit=778%2C778\",\"width\":778,\"height\":778,\"caption\":\"The Vincentian Network\"},\"image\":{\"@id\":\"http:\/\/vincentians.com\/es\/#\/schema\/logo\/image\/\"},\"sameAs\":[\"https:\/\/www.facebook.com\/WeAreVincentians\/\",\"https:\/\/x.com\/WeVincentians\"]},{\"@type\":\"Person\",\"@id\":\"http:\/\/vincentians.com\/es\/#\/schema\/person\/9623ef4d9aa3b2dfb8c061f1499288f2\",\"name\":\"Francisco Javier Fern\u00e1ndez Chento\",\"image\":{\"@type\":\"ImageObject\",\"inLanguage\":\"es\",\"@id\":\"http:\/\/vincentians.com\/es\/#\/schema\/person\/image\/\",\"url\":\"https:\/\/secure.gravatar.com\/avatar\/497d5cde87b4c3d097d0315953521681ba2cd523ee66e5077c3711f7021e65de?s=96&d=mm&r=g\",\"contentUrl\":\"https:\/\/secure.gravatar.com\/avatar\/497d5cde87b4c3d097d0315953521681ba2cd523ee66e5077c3711f7021e65de?s=96&d=mm&r=g\",\"caption\":\"Francisco Javier Fern\u00e1ndez Chento\"},\"description\":\"Director General y cofundador de La Red de Formaci\u00f3n Vicenciana. Javier es laico vicenciano, afiliado a la Congregaci\u00f3n de la Misi\u00f3n y miembro del Equipo de Misiones Populares de la provincia can\u00f3nica de Zaragoza (Espa\u00f1a) de la Congregaci\u00f3n de la Misi\u00f3n. Graduado en la Universidad Oberta de Catalunya con cuatro grados (Asistente de direcci\u00f3n, Gesti\u00f3n Administrativa, Recursos Humanos y Contabilidad Avanzada). Bil\u00edng\u00fce Espa\u00f1ol\/Ingl\u00e9s. gestiona y mantiene varias p\u00e1ginas web cristianas y vicencianas, incluida including La Red de Formaci\u00f3n Vicenciana, de la que es cofundador. Actualmente es responsable del \u00e1rea de Espa\u00f1ol de .famvin, la Red de Noticias de la Familia Vicenciana. Tambi\u00e9n es m\u00fasico cat\u00f3lico y ha editado varios discos. Es Director General y cofundador de Trovador, una reconocida compa\u00f1\u00eda discogr\u00e1fica critiana de Espa\u00f1a. Trabaja en las Tecnolog\u00edas de la Informaci\u00f3n, ofreciendo servicios de alojamiento, dise\u00f1o y mantenimiento Web, as\u00ed como asesoramiento, formaci\u00f3n y soluciones inform\u00e1ticas, gesti\u00f3n documental y digitalizaci\u00f3n de textos, edici\u00f3n y maquetaci\u00f3n de libros, revistas, flyers, etc.\",\"sameAs\":[\"http:\/\/chento.org\",\"https:\/\/www.facebook.com\/JavierChento\",\"https:\/\/x.com\/https:\/\/twitter.com\/javierchento\"],\"url\":\"https:\/\/vincentians.com\/es\/author\/chento\/\"}]}<\/script>\n<!-- \/ Yoast SEO plugin. -->","yoast_head_json":{"title":"Rese\u00f1a biogr\u00e1fica de Santa Catalina Labour\u00e9 - Somos Vicencianos","robots":{"index":"index","follow":"follow","max-snippet":"max-snippet:-1","max-image-preview":"max-image-preview:large","max-video-preview":"max-video-preview:-1"},"canonical":"https:\/\/vincentians.com\/es\/resena-biografica-de-santa-catalina-laboure\/","og_locale":"es_ES","og_type":"article","og_title":"Rese\u00f1a biogr\u00e1fica de Santa Catalina Labour\u00e9 - Somos Vicencianos","og_description":"En la casa paterna: Fain-les-Moutiers es una peque\u00f1a aldea no lejos de Dijon, con m\u00e1s vacas que habitantes. Apenas se entra en la aldea, atrae la mirada una alta torre: es el palomar de la ... Read More","og_url":"https:\/\/vincentians.com\/es\/resena-biografica-de-santa-catalina-laboure\/","og_site_name":"Somos Vicencianos","article_publisher":"https:\/\/www.facebook.com\/WeAreVincentians\/","article_author":"https:\/\/www.facebook.com\/JavierChento","article_published_time":"2022-11-28T07:35:23+00:00","og_image":[{"width":1200,"height":630,"url":"https:\/\/i0.wp.com\/vincentians.com\/es\/wp-content\/uploads\/sites\/11\/2016\/08\/vincent-de-paul-Jean-Leon-Gerome.jpg?fit=1200%2C630&ssl=1","type":"image\/jpeg"}],"author":"Francisco Javier Fern\u00e1ndez Chento","twitter_card":"summary_large_image","twitter_creator":"@https:\/\/twitter.com\/javierchento","twitter_site":"@WeVincentians","twitter_misc":{"Escrito por":"Francisco Javier Fern\u00e1ndez Chento","Tiempo de lectura":"13 minutos"},"schema":{"@context":"https:\/\/schema.org","@graph":[{"@type":"Article","@id":"https:\/\/vincentians.com\/es\/resena-biografica-de-santa-catalina-laboure\/#article","isPartOf":{"@id":"https:\/\/vincentians.com\/es\/resena-biografica-de-santa-catalina-laboure\/"},"author":{"name":"Francisco Javier Fern\u00e1ndez Chento","@id":"http:\/\/vincentians.com\/es\/#\/schema\/person\/9623ef4d9aa3b2dfb8c061f1499288f2"},"headline":"Rese\u00f1a biogr\u00e1fica de Santa Catalina Labour\u00e9","datePublished":"2022-11-28T07:35:23+00:00","mainEntityOfPage":{"@id":"https:\/\/vincentians.com\/es\/resena-biografica-de-santa-catalina-laboure\/"},"wordCount":2866,"commentCount":0,"publisher":{"@id":"http:\/\/vincentians.com\/es\/#organization"},"image":{"@id":"https:\/\/vincentians.com\/es\/resena-biografica-de-santa-catalina-laboure\/#primaryimage"},"thumbnailUrl":"https:\/\/i0.wp.com\/vincentians.com\/es\/wp-content\/uploads\/sites\/11\/2016\/08\/vincent-de-paul-Jean-Leon-Gerome.jpg?fit=1200%2C630&ssl=1","keywords":["Charpy","Chatillon"],"articleSection":["Catalina Labour\u00e9"],"inLanguage":"es","potentialAction":[{"@type":"CommentAction","name":"Comment","target":["https:\/\/vincentians.com\/es\/resena-biografica-de-santa-catalina-laboure\/#respond"]}]},{"@type":"WebPage","@id":"https:\/\/vincentians.com\/es\/resena-biografica-de-santa-catalina-laboure\/","url":"https:\/\/vincentians.com\/es\/resena-biografica-de-santa-catalina-laboure\/","name":"Rese\u00f1a biogr\u00e1fica de Santa Catalina Labour\u00e9 - Somos Vicencianos","isPartOf":{"@id":"http:\/\/vincentians.com\/es\/#website"},"primaryImageOfPage":{"@id":"https:\/\/vincentians.com\/es\/resena-biografica-de-santa-catalina-laboure\/#primaryimage"},"image":{"@id":"https:\/\/vincentians.com\/es\/resena-biografica-de-santa-catalina-laboure\/#primaryimage"},"thumbnailUrl":"https:\/\/i0.wp.com\/vincentians.com\/es\/wp-content\/uploads\/sites\/11\/2016\/08\/vincent-de-paul-Jean-Leon-Gerome.jpg?fit=1200%2C630&ssl=1","datePublished":"2022-11-28T07:35:23+00:00","breadcrumb":{"@id":"https:\/\/vincentians.com\/es\/resena-biografica-de-santa-catalina-laboure\/#breadcrumb"},"inLanguage":"es","potentialAction":[{"@type":"ReadAction","target":["https:\/\/vincentians.com\/es\/resena-biografica-de-santa-catalina-laboure\/"]}]},{"@type":"ImageObject","inLanguage":"es","@id":"https:\/\/vincentians.com\/es\/resena-biografica-de-santa-catalina-laboure\/#primaryimage","url":"https:\/\/i0.wp.com\/vincentians.com\/es\/wp-content\/uploads\/sites\/11\/2016\/08\/vincent-de-paul-Jean-Leon-Gerome.jpg?fit=1200%2C630&ssl=1","contentUrl":"https:\/\/i0.wp.com\/vincentians.com\/es\/wp-content\/uploads\/sites\/11\/2016\/08\/vincent-de-paul-Jean-Leon-Gerome.jpg?fit=1200%2C630&ssl=1","width":1200,"height":630},{"@type":"BreadcrumbList","@id":"https:\/\/vincentians.com\/es\/resena-biografica-de-santa-catalina-laboure\/#breadcrumb","itemListElement":[{"@type":"ListItem","position":1,"name":"Portada","item":"http:\/\/vincentians.com\/es\/"},{"@type":"ListItem","position":2,"name":"Rese\u00f1a biogr\u00e1fica de Santa Catalina Labour\u00e9"}]},{"@type":"WebSite","@id":"http:\/\/vincentians.com\/es\/#website","url":"http:\/\/vincentians.com\/es\/","name":"Somos Vicencianos","description":"Know more to serve more","publisher":{"@id":"http:\/\/vincentians.com\/es\/#organization"},"potentialAction":[{"@type":"SearchAction","target":{"@type":"EntryPoint","urlTemplate":"http:\/\/vincentians.com\/es\/?s={search_term_string}"},"query-input":{"@type":"PropertyValueSpecification","valueRequired":true,"valueName":"search_term_string"}}],"inLanguage":"es"},{"@type":"Organization","@id":"http:\/\/vincentians.com\/es\/#organization","name":"The Vincentian Network","url":"http:\/\/vincentians.com\/es\/","logo":{"@type":"ImageObject","inLanguage":"es","@id":"http:\/\/vincentians.com\/es\/#\/schema\/logo\/image\/","url":"https:\/\/i1.wp.com\/vincentians.com\/es\/wp-content\/uploads\/sites\/11\/2016\/06\/Vincentian-Network-logo-big.png?fit=778%2C778","contentUrl":"https:\/\/i1.wp.com\/vincentians.com\/es\/wp-content\/uploads\/sites\/11\/2016\/06\/Vincentian-Network-logo-big.png?fit=778%2C778","width":778,"height":778,"caption":"The Vincentian Network"},"image":{"@id":"http:\/\/vincentians.com\/es\/#\/schema\/logo\/image\/"},"sameAs":["https:\/\/www.facebook.com\/WeAreVincentians\/","https:\/\/x.com\/WeVincentians"]},{"@type":"Person","@id":"http:\/\/vincentians.com\/es\/#\/schema\/person\/9623ef4d9aa3b2dfb8c061f1499288f2","name":"Francisco Javier Fern\u00e1ndez Chento","image":{"@type":"ImageObject","inLanguage":"es","@id":"http:\/\/vincentians.com\/es\/#\/schema\/person\/image\/","url":"https:\/\/secure.gravatar.com\/avatar\/497d5cde87b4c3d097d0315953521681ba2cd523ee66e5077c3711f7021e65de?s=96&d=mm&r=g","contentUrl":"https:\/\/secure.gravatar.com\/avatar\/497d5cde87b4c3d097d0315953521681ba2cd523ee66e5077c3711f7021e65de?s=96&d=mm&r=g","caption":"Francisco Javier Fern\u00e1ndez Chento"},"description":"Director General y cofundador de La Red de Formaci\u00f3n Vicenciana. Javier es laico vicenciano, afiliado a la Congregaci\u00f3n de la Misi\u00f3n y miembro del Equipo de Misiones Populares de la provincia can\u00f3nica de Zaragoza (Espa\u00f1a) de la Congregaci\u00f3n de la Misi\u00f3n. Graduado en la Universidad Oberta de Catalunya con cuatro grados (Asistente de direcci\u00f3n, Gesti\u00f3n Administrativa, Recursos Humanos y Contabilidad Avanzada). Bil\u00edng\u00fce Espa\u00f1ol\/Ingl\u00e9s. gestiona y mantiene varias p\u00e1ginas web cristianas y vicencianas, incluida including La Red de Formaci\u00f3n Vicenciana, de la que es cofundador. Actualmente es responsable del \u00e1rea de Espa\u00f1ol de .famvin, la Red de Noticias de la Familia Vicenciana. Tambi\u00e9n es m\u00fasico cat\u00f3lico y ha editado varios discos. Es Director General y cofundador de Trovador, una reconocida compa\u00f1\u00eda discogr\u00e1fica critiana de Espa\u00f1a. Trabaja en las Tecnolog\u00edas de la Informaci\u00f3n, ofreciendo servicios de alojamiento, dise\u00f1o y mantenimiento Web, as\u00ed como asesoramiento, formaci\u00f3n y soluciones inform\u00e1ticas, gesti\u00f3n documental y digitalizaci\u00f3n de textos, edici\u00f3n y maquetaci\u00f3n de libros, revistas, flyers, etc.","sameAs":["http:\/\/chento.org","https:\/\/www.facebook.com\/JavierChento","https:\/\/x.com\/https:\/\/twitter.com\/javierchento"],"url":"https:\/\/vincentians.com\/es\/author\/chento\/"}]}},"jetpack_publicize_connections":[],"jetpack_featured_media_url":"https:\/\/i0.wp.com\/vincentians.com\/es\/wp-content\/uploads\/sites\/11\/2016\/08\/vincent-de-paul-Jean-Leon-Gerome.jpg?fit=1200%2C630&ssl=1","jetpack_sharing_enabled":true,"jetpack_shortlink":"https:\/\/wp.me\/p7ETMF-J","jetpack-related-posts":[{"id":131115,"url":"https:\/\/vincentians.com\/es\/discurso-de-s-s-pio-xii-con-motivo-de-la-canonizacion-de-sta-catalina-laboure\/","url_meta":{"origin":45,"position":0},"title":"Discurso de S. S. Pio XII con motivo de la Canonizaci\u00f3n de Sta. Catalina Labour\u00e9","author":"Mitxel Olabu\u00e9naga","date":"15\/08\/2014","format":false,"excerpt":"En la audiencia concedida por el Padre Santo el 28 de agosto a los peregrinos que llegaron a Roma para asistir a la Canonizaci\u00f3n de la Beata Catalina Labour\u00e9 Su Santidad pronunci\u00f3 el siguiente discurso (texto publicado por el n\u00famero 319 de \"Ecclesia\"): Desde las primeras p\u00e1ginas de su incomparable\u2026","rel":"","context":"En \u00abHistoria de las Hijas de la Caridad\u00bb","block_context":{"text":"Historia de las Hijas de la Caridad","link":"https:\/\/vincentians.com\/es\/category\/historia-de-la-familia-vicenciana\/historia-de-las-hijas-de-la-caridad\/"},"img":{"alt_text":"louise_filles_charite","src":"https:\/\/i0.wp.com\/vicencianos.org\/wp-content\/2014\/02\/louise_filles_charite.jpg?resize=350%2C200","width":350,"height":200},"classes":[]},{"id":115432,"url":"https:\/\/vincentians.com\/es\/visperas-en-la-fiesta-de-santa-catalina-laboure\/","url_meta":{"origin":45,"position":1},"title":"V\u00edsperas en la fiesta de santa Catalina Labour\u00e9","author":"Francisco Javier Fern\u00e1ndez Chento","date":"28\/11\/2012","format":false,"excerpt":"HIMNO: A LA HUMILDE HIJA DE VICENTE, CON JUBILO ARDIENTE DEMOS GLORIA Y PREZ, CELEBRANDO TODOS A POR FIA SU AMOR A MAR\u00cdA, SU FE Y SENCILLEZ 1.- Sinti\u00f3 en su pecho inocente tales efluvios e amor que mereci\u00f3 ser vidente, ap\u00f3stol y confidente de la Madre del Se\u00f1or. 2.-\u2026","rel":"","context":"En \u00abCatalina Labour\u00e9\u00bb","block_context":{"text":"Catalina Labour\u00e9","link":"https:\/\/vincentians.com\/es\/category\/la-familia-vicenciana\/la-familia-vicenciana-en-los-altares\/santos\/catalina-laboure\/"},"img":{"alt_text":"","src":"https:\/\/i0.wp.com\/vicencianos.org\/wp-content\/2010\/05\/catalina-laboure-214x300.jpg?resize=350%2C200","width":350,"height":200},"classes":[]},{"id":119618,"url":"https:\/\/vincentians.com\/es\/relectura-de-los-acontecimientos-desde-la-fe-para-reconocer-en-ellos-la-presencia-de-dios\/","url_meta":{"origin":45,"position":2},"title":"Relectura de los acontecimientos desde la Fe para reconocer en ellos la presencia de Dios","author":"Francisco Javier Fern\u00e1ndez Chento","date":"20\/06\/2015","format":false,"excerpt":"Introducci\u00f3n En su carta de Adviento 2010, nuestro Superior general, el Padre Gregory nos invit\u00f3 a reconocer y dejarnos interpelar por la presencia activa de Dios en el coraz\u00f3n y en la vida de los pobres. Nos dice: \"\u2026 han acabado por reconocer que Dios es el don de la\u2026","rel":"","context":"En \u00abFormaci\u00f3n Vicenciana\u00bb","block_context":{"text":"Formaci\u00f3n Vicenciana","link":"https:\/\/vincentians.com\/es\/category\/formacion-vicenciana\/"},"img":{"alt_text":"manos","src":"https:\/\/i0.wp.com\/vicencianos.org\/wp-content\/2013\/04\/manos-300x284.jpg?resize=350%2C200","width":350,"height":200},"classes":[]},{"id":125814,"url":"https:\/\/vincentians.com\/es\/power-point-maria-camino-de-luz-en-la-fiesta-de-la-virgen-milagrosa\/","url_meta":{"origin":45,"position":3},"title":"Power Point &quot;Mar\u00eda, camino de luz&quot;, en la fiesta de la Virgen Milagrosa","author":"Francisco Javier Fern\u00e1ndez Chento","date":"25\/11\/2013","format":false,"excerpt":"Sor Mar\u00eda Vicenta nos vuelve a escribir, y nos env\u00eda un nuevo Power Point dedicado a la Virgen Milagrosa y santa Catalina Labour\u00e9: \"\u00a0Feliz d\u00eda de la Milagrosa y felices fiestas de familia Con motivo de las fiestas de La Milagrosa y de Santa Catalina, comparto con toda la \"familia\u2026","rel":"","context":"En \u00abCatalina Labour\u00e9\u00bb","block_context":{"text":"Catalina Labour\u00e9","link":"https:\/\/vincentians.com\/es\/category\/la-familia-vicenciana\/la-familia-vicenciana-en-los-altares\/santos\/catalina-laboure\/"},"img":{"alt_text":"Santa_Catalina","src":"https:\/\/i0.wp.com\/vicencianos.org\/wp-content\/2011\/11\/Santa_Catalina-200x300.jpg?resize=350%2C200","width":350,"height":200},"classes":[]},{"id":1255,"url":"https:\/\/vincentians.com\/es\/vida-de-catalina-laboure-laurentin\/","url_meta":{"origin":45,"position":4},"title":"Vida de Catalina Labour\u00e9 (Laurentin)","author":"Francisco Javier Fern\u00e1ndez Chento","date":"28\/11\/2019","format":false,"excerpt":"En Fain-les-Moutiers, una aldea borgo\u00f1ona de apenas doscientos habitantes, llora una peque\u00f1a. Se llama Catalina Labour\u00e9, pero suelen llamarla Zo\u00e9, el nombre de la santa del d\u00eda en que naci\u00f3. No es la \u00fanica que llora; es la octava de los diez ni\u00f1os que acaban de perder a su madre,\u2026","rel":"","context":"En \u00abCatalina Labour\u00e9\u00bb","block_context":{"text":"Catalina Labour\u00e9","link":"https:\/\/vincentians.com\/es\/category\/la-familia-vicenciana\/la-familia-vicenciana-en-los-altares\/santos\/catalina-laboure\/"},"img":{"alt_text":"","src":"https:\/\/i0.wp.com\/vincentians.com\/es\/wp-content\/uploads\/sites\/11\/2016\/11\/Catal%C3%B1ina3.jpg?fit=609%2C320&ssl=1&resize=350%2C200","width":350,"height":200,"srcset":"https:\/\/i0.wp.com\/vincentians.com\/es\/wp-content\/uploads\/sites\/11\/2016\/11\/Catal%C3%B1ina3.jpg?fit=609%2C320&ssl=1&resize=350%2C200 1x, https:\/\/i0.wp.com\/vincentians.com\/es\/wp-content\/uploads\/sites\/11\/2016\/11\/Catal%C3%B1ina3.jpg?fit=609%2C320&ssl=1&resize=525%2C300 1.5x"},"classes":[]},{"id":120717,"url":"https:\/\/vincentians.com\/es\/santidad-en-catalina-laboure\/","url_meta":{"origin":45,"position":5},"title":"Santidad en Catalina Labour\u00e9","author":"Francisco Javier Fern\u00e1ndez Chento","date":"19\/05\/2013","format":false,"excerpt":"Los Santos son los verdaderos portadores de luz en la historia, porque son hombres y mujeres de fe, esperanza y amor. Los Santos no nacen se hacen. Catalina se va haciendo Santa, ya desde ni\u00f1a vamos viendo rasgos de esa santidad que luego desarrollara. Catalina nace en Fain-les-Moutier, una aldea\u2026","rel":"","context":"En \u00abCatalina Labour\u00e9\u00bb","block_context":{"text":"Catalina Labour\u00e9","link":"https:\/\/vincentians.com\/es\/category\/la-familia-vicenciana\/la-familia-vicenciana-en-los-altares\/santos\/catalina-laboure\/"},"img":{"alt_text":"CLaboure","src":"https:\/\/i0.wp.com\/vicencianos.org\/wp-content\/2013\/05\/CLaboure-300x225.jpg?resize=350%2C200","width":350,"height":200},"classes":[]}],"_links":{"self":[{"href":"https:\/\/vincentians.com\/es\/wp-json\/wp\/v2\/posts\/45","targetHints":{"allow":["GET"]}}],"collection":[{"href":"https:\/\/vincentians.com\/es\/wp-json\/wp\/v2\/posts"}],"about":[{"href":"https:\/\/vincentians.com\/es\/wp-json\/wp\/v2\/types\/post"}],"author":[{"embeddable":true,"href":"https:\/\/vincentians.com\/es\/wp-json\/wp\/v2\/users\/4"}],"replies":[{"embeddable":true,"href":"https:\/\/vincentians.com\/es\/wp-json\/wp\/v2\/comments?post=45"}],"version-history":[{"count":1,"href":"https:\/\/vincentians.com\/es\/wp-json\/wp\/v2\/posts\/45\/revisions"}],"predecessor-version":[{"id":400240,"href":"https:\/\/vincentians.com\/es\/wp-json\/wp\/v2\/posts\/45\/revisions\/400240"}],"wp:featuredmedia":[{"embeddable":true,"href":"https:\/\/vincentians.com\/es\/wp-json\/wp\/v2\/media\/398801"}],"wp:attachment":[{"href":"https:\/\/vincentians.com\/es\/wp-json\/wp\/v2\/media?parent=45"}],"wp:term":[{"taxonomy":"category","embeddable":true,"href":"https:\/\/vincentians.com\/es\/wp-json\/wp\/v2\/categories?post=45"},{"taxonomy":"post_tag","embeddable":true,"href":"https:\/\/vincentians.com\/es\/wp-json\/wp\/v2\/tags?post=45"}],"curies":[{"name":"wp","href":"https:\/\/api.w.org\/{rel}","templated":true}]}}