{"id":44978,"date":"2015-01-12T04:07:19","date_gmt":"2015-01-12T03:07:19","guid":{"rendered":"http:\/\/somos.vicencianos.org\/blog\/2011\/07\/historia-general-de-la-c-m-hasta-el-ano-1720-61-nuevas-fundaciones-en-francia-y-otros-lugares\/"},"modified":"2016-07-27T12:12:51","modified_gmt":"2016-07-27T10:12:51","slug":"historia-general-de-la-c-m-hasta-el-ano-1720-61-nuevas-fundaciones-en-francia-y-otros-lugares","status":"publish","type":"post","link":"https:\/\/vincentians.com\/es\/historia-general-de-la-c-m-hasta-el-ano-1720-61-nuevas-fundaciones-en-francia-y-otros-lugares\/","title":{"rendered":"Historia general de la C.M., hasta el a\u00f1o 1720 (61. Nuevas fundaciones en Francia y otros lugares)"},"content":{"rendered":"<dl id=\"attachment_38132\" class=\"wp-caption alignright\" style=\"width: 215px\">\n<dt class=\"wp-caption-dt\"><a href=\"https:\/\/i0.wp.com\/vicencianos.org\/wp-content\/2011\/05\/vincent_de_paul.jpg\"><img data-recalc-dims=\"1\" loading=\"lazy\" decoding=\"async\" class=\"size-medium wp-image-38132\" title=\"San Vicente de Pa\u00fal\" src=\"https:\/\/i0.wp.com\/vicencianos.org\/wp-content\/2011\/05\/vincent_de_paul-205x300.jpg?resize=205%2C300\" alt=\"San Vicente de Pa\u00fal\" width=\"205\" height=\"300\" \/><\/a><\/dt>\n<dd class=\"wp-caption-dd\">San Vicente de Pa\u00fal<\/dd>\n<\/dl>\n<p><strong>LXI. Nuevas fundaciones en Francia y otros lugares<\/strong><\/p>\n<p><strong> <\/strong><\/p>\n<p>La CM creci\u00f3 en n\u00famero de casas bajo el gobierno del sr. W\u00e1ter tanto en Francia como en los pa\u00edses extranjeros. Una de las fundaciones que le dio mayor consuelo fue el de Nuestra Se\u00f1ora de Buglose, en el pueblo de Pouy que era la patria del sr. Vicente. Era un lugar de devoci\u00f3n adonde un gran concurso de gente llegaba a honrar a la sant\u00edsima Virgen. Desde que la CM se estableci\u00f3 all\u00ed y se vio venir a la Seren\u00edsima reina de Espa\u00f1a, viuda de Su Majestad Carlos II, que en las guerras acaecidas para mantener en el trono a Felipe V, de la casa de Francia, sospechosa de ser demasiado afecta al Emperador de quien era t\u00eda se vio obligada a retirarse a Bayona para disfrutar de su estancia ordinaria; y, desde la paz, Su Majestad no quiso salir de esta ciudad. Ella vino un d\u00eda a entregar sus devociones a Notre-Dame de Buglose, donde el sr. Vicente, en su juventud, se hab\u00eda puesto igualmente bajo la protecci\u00f3n de la santa Virgen. Fue un abate de distinci\u00f3n de esta regi\u00f3n quien trabaj\u00f3 esta fundaci\u00f3n con el consentimiento del se\u00f1or Bernard d\u2019Abadie, obispo de Dax, en cuya di\u00f3cesis est\u00e1 esta capilla. Este prelado env\u00eda all\u00ed a los seminaristas; y hay tres sacerdotes en esta nueva casa que comenz\u00f3 en 1704.<\/p>\n<p>El se\u00f1or Cyprien Bernard de Rezay, obispo de Angoul\u00eame, sinti\u00e9ndose satisfecho por los trabajos de los Misioneros de Saintonge, que iban cada seis a\u00f1os a cumplir con una fundaci\u00f3n de misi\u00f3n en las tierras del Se\u00f1or de La Marguerie, hasta ahora presidente escribano en jefe en el parlamento de Par\u00eds, durante cuatro meses al a\u00f1o, encargado de la casa de San L\u00e1zaro, resolvi\u00f3 dar a la CM la direcci\u00f3n de su seminario ya construido y dotado de rentas, que hab\u00eda sido dirigido durante alg\u00fan tiempo por ciertos eclesi\u00e1sticos externos. Este prelado enviaba varios seminaristas al seminario de P\u00e9rigueux, gobernado por una comunidad eclesi\u00e1stica que realiza sus servicios en \u00e9l con bendici\u00f3n. Uni\u00f3 a su seminario la capilla de Notre-Dame d\u2019Obesine, fuera de las puertas de Angoul\u00eame, donde acude la gente con devoci\u00f3n, y uno de los sacerdotes de la Misi\u00f3n, debe realizar en ella como las funciones de Penitenciario de la di\u00f3cesis, para las personas que tuvieran necesidad de hacer confesiones generales, o se hallaren preocupadas por algunas dificultades de conciencia. Se enviaron all\u00ed cuatro padres y dos hermanos, y el sr. Desortiaulx fue el primer superior.<\/p>\n<p>Se hab\u00eda deseado hac\u00eda tiempo una fundaci\u00f3n de la CM en Toulouse, ciudad capital del Languedoc. El sr. Rabi, vicario general del se\u00f1or \u00c9douard Colbert de Villacerf, arzobispo de esta ciudad, \u00edntimo amigo de la CM, trabaj\u00f3 tan bien con el prelado quien por cierto le honraba con su estima; y le inclin\u00f3 a establecerla en el seminario de Carman, en otros tiempos dirigido por el sr. Bonnal, que hab\u00eda reunido a unos eclesi\u00e1sticos que viv\u00edan en comunidad; pero, el R. P. de la Chaise, confesor de Su Majestad, a instancia de sus cohermanos, que se ocupan del seminario mayor de la di\u00f3cesis de Toulouse, suscit\u00f3 obst\u00e1culos en el parlamento de Par\u00eds, que hicieron que esta buena voluntad se quedara sin efecto. La misma influencia hab\u00eda impedido de igual manera hasta ahora que los Misioneros se introdujeran en el priorato de Saint-Ir\u00e9n\u00e9e Extramuros de Lyon, donde los antiguos can\u00f3nigos regulares de San Agust\u00edn, que all\u00ed estaban, hab\u00edan querido sustituirlos en su lugar; se expres\u00f3 a Su Majestad que era mejor dar esta mesa prioral a religiosos de la misma orden, y los can\u00f3nigos regulares Sainte-Genevi\u00e8ve tienen all\u00ed hoy una buena casa.<\/p>\n<p>El sr. Rabi no perdi\u00f3 la resoluci\u00f3n de establecer la Misi\u00f3n en Toulouse; dio sus bienes para ello. Mons. Arzobispo contribuy\u00f3 a ello con una suma de dinero e hizo un legado (sic) importante en su muerte. Esta fundaci\u00f3n se concluy\u00f3 en 1704. El sr. Thibaud fue enviado como primer superior. Se dieron misiones en la di\u00f3cesis que tuvieron gran \u00e9xito al principio, seg\u00fan las referencias que envi\u00f3 el nuevo superior. Los Se\u00f1ores de la ciudad dieron una buena acogida a los nuevos Misioneros; posteriormente los Capitouls que son los asesores de la ciudad, ennoblecieron su casa y sus bienes. Se ha comenzado a tener all\u00ed los retiros para los seglares, Se\u00f1ores del Parlamente han venido a ellos con satisfacci\u00f3n, dejando la casa de los RR. PP. Jesuitas donde iban anteriormente.<\/p>\n<p>El mismo a\u00f1o 1704, los cardenales directores de la Congregaci\u00f3n de Propaganda Fide a la que est\u00e1 sometido el colegio fundado en Avi\u00f1\u00f3n por el cardenal de Brogny, saboyano, en favor de los j\u00f3venes de esta naci\u00f3n para estudiar sobre todo las leyes, y en particular en favor de la juventud de la ciudad de Annecy, de cuyos alrededores hab\u00eda salido el cardenal, poderoso en la curia de Roma bajo el pontificado de Clemente VII, de la familia de los condes de Ginebra, desde los tiempos del gran cisma. Estos cardenales, digamos que enterados, de que a falta de buenos directores que usen la autoridad para contener a los j\u00f3venes dentro del deber, hab\u00eda mucho desorden entre los escolares, quisieron ponerle remedio. Para ello creyeron poder obligar a los que fueran recibidos en este colegio a recibir el h\u00e1bito eclesi\u00e1stico, y a pensar en ir a trabajar <strong>(25\u00ba cuaderno) <\/strong>un d\u00eda en las misiones extranjeras. Pensaron tambi\u00e9n que hab\u00eda que dar la direcci\u00f3n del colegio a alguna comunidad eclesi\u00e1stica. Hasta entonces se la hab\u00edan confiado a Se\u00f1ores de la congregaci\u00f3n del Sant\u00edsimo Sacramento, fundada por el sr. Authier; tambi\u00e9n se hab\u00eda pensado en d\u00e1rsela a los Srs. de Saint-Sulpice. Pero no se arregl\u00f3. El Papa pens\u00f3 en la CM de la Misi\u00f3n y dio orden al sr. Viganego, que era el 4\u00ba asistente del general para que fuera a ocuparse de este colegio. El sr. W\u00e1ter no autoriz\u00f3 esta fundaci\u00f3n, sabiendo que Su Alteza Real de Saboya se interesar\u00eda por sus s\u00fabditos, que tienen all\u00ed sitios, y los de la ciudad de Annecy no quisieron enviar all\u00e1 de los suyos para no contravenir a la fundaci\u00f3n del cardenal de Brogny, que hab\u00eda pretendido educar all\u00ed a la juventud, no para prepares al estado eclesi\u00e1stico, lo que se deb\u00eda hacer en Annecy, incluso en el seminario, seg\u00fan las ordenanzas del obispo de Ginebra, sino para formarse en las leyes y prestar despu\u00e9s servicio a su patria en la jurisprudencia. El sr. Viganego no dej\u00f3 ir all\u00e1, y se le reunieron algunos sacerdotes italianos con algunos hermanos de la provincia de Lyon, siendo la voluntad del Papa que la casa dependiera de la provincia romana. Hasta hoy el superior general no lo ha autorizado. Solamente el sr. Bonnet, sucesor del sr. W\u00e1ter, nombr\u00f3 al sr. Viganego como superior de los sacerdotes de all\u00ed cuando pas\u00f3 por all\u00ed haciendo sus visitas. Este superior ha reparado y acomodado muy bien todos los edificios, con el apoyo del vice-legado. Se ha hecho respetar para mantener el buen orden.<\/p>\n<p>El Se\u00f1or Jean-Claude de la Poipe, obispo de Poitiers, dio, en 1705, un nuevo seminario de j\u00f3venes cl\u00e9rigos en la ciudad de Poitiers para la direcci\u00f3n de los Misioneros. El seminario estaba ya fundado en esta ciudad y fue una nueva casa distinta del seminario ordinario, donde se disponen los eclesi\u00e1sticos para recibir las \u00d3rdenes bajo la direcci\u00f3n de los Misioneros. Esta nueva casa comenz\u00f3 en 1706.<\/p>\n<p>Las dos capillas dedicadas al sant\u00edsima Virgen y servidas por los Misioneros, una en Valfleury, di\u00f3cesis de Lyon, la otra en Montuzet, di\u00f3cesis de Burdeos, fueron erigidas en nuevas casas, donde el general nombr\u00f3 superiores, para tener la direcci\u00f3n inmediata de los s\u00fabditos de la CM que residen en esos lugares. La primera es una dependencia del priorato de Savigneux-l\u00e8s-Montbrizon, que el sr. Manis, \u00faltimo prior, can\u00f3nigo de St.-Paul de Lyon, hab\u00eda comenzado por encarg\u00e1rselo a unos sacerdotes para satisfacer al gran n\u00famero de peregrinos que llegan, obteniendo para ello un permiso del vicario general de Lyon para poner las misas a 20 sueldos, con el fin de contribuir a la subsistencia de los sacerdotes que confesar\u00edan en ella, pero en vista de la dificultad en hallar sacerdotes propios a este efecto, entreg\u00f3 esta capilla para ser atendida por los Misioneros que est\u00e1n all\u00ed desde 1688.<\/p>\n<p>El sr. Jolly tuvo alguna dificultad para consentir en el env\u00edo de Misioneros y dio orden al visitador de que se informara bien si este puesto conven\u00eda al Instituto. Se habl\u00f3 despu\u00e9s de unirlo a la CM separando hasta el priorato e Savigneux, adonde dicho prior hab\u00eda llamado a religiosos Benedictinos de St.-Maur; no se ha podido concluir todav\u00eda. La otra capilla estaba ya unida al seminario de Burdeos cuando \u00e9ste fue entregado a la CM.<\/p>\n<p>En Italia, Su Alteza Real C\u00f4me III, gran duque de Toscana, habi\u00e9ndole tomado afecto a la Co, quiso tener una fundaci\u00f3n de ella en la ciudad de Florencia. Llam\u00f3 a los Misioneros en 1703 y les dio un terreno, mandando comenzar un edificio magn\u00edfico en \u00e9l, que no se quiso continuar luego con el mismo plan que era demasiado soberbio. El sr. Scaramelli , que hab\u00eda sucedido al sr. Terrarossas, fallecido en San L\u00e1zaro, en su oficio de asistente general, se volvi\u00f3 a Roma, bajo el sr. Pierron y que, despu\u00e9s de la muerte de este general, se volvi\u00f3 a Roma, de donde era, fue elegido para ser el primer superior de este establecimiento, importante y con doce sacerdotes. El sr. W\u00e1ter comunic\u00f3 por su carta del 1\u00ba de enero de 1705: La nueva casa de Florencia ha aumentado por la erecci\u00f3n, que se ha hecho, de un seminario externo, en primer lugar no se cambi\u00f3 m\u00e1s que misiones; comienza bien, con 16 seminaristas ya desde el primer a\u00f1o, se esperaba que el n\u00famero ir\u00eda en aumento.<\/p>\n<p>Adem\u00e1s, a\u00f1ade el sr. W\u00e1ter, N. S. P. el Papa ha querido que tres de nuestros sacerdotes tuvieran la direcci\u00f3n de una nueva casa en Roma, llamada la Academia de los nobles eclesi\u00e1sticos, que es como una especie de seminario externo de gentileshombres, destinados a ocupar despu\u00e9s puestos de distinci\u00f3n y hasta prelaturas; es una tercera casa en Roma, en un nuevo barrio, pero esta fundaci\u00f3n no ha tenido todav\u00eda el \u00faltimo toque; el papa Clemente XI habiendo muerto despu\u00e9s de un largo pontificado, sin darle la \u00faltima mano, no se sabe qu\u00e9 har\u00e1n los sucesores.<\/p>\n<p>En el Estado eclesi\u00e1stico, Mons. cardenal Balthazard Cenci, obispo de Fermo, en la Marca de Ancona, pidi\u00f3 a los Misioneros que dieran misiones en su di\u00f3cesis y dirigieran un seminario al estilo de Francia durante un cierto tiempo a los eclesi\u00e1sticos que aspiran a las \u00f3rdenes, y no como se hac\u00eda en algunas ciudades de Italia, sobre todo en Roma, donde se contentan con los ejercicios de la ordenaci\u00f3n. Este ilustre cardenal hizo la fundaci\u00f3n, y se le enviaron obreros en 1703. Al a\u00f1o siguiente se hizo lo mismo en Barcelona, en Catalu\u00f1a, y es la primera fundaci\u00f3n hecha en Espa\u00f1a, donde todav\u00eda es \u00fanica. Esto es lo que escribi\u00f3 el sr. W\u00e1ter. El se\u00f1or obispo de Barcelona, su nombre era Salaz, hasta entonces religioso benedictino y luego cardenal, nombrado por el emperador Carlos VI, habiendo abrazado su partido con calor, en el tiempo que disputaba la corona de Espa\u00f1a, a instancias de dos de los m\u00e1s ilustres de su clero, uno era el sr. de Pages, can\u00f3nigo de la catedral, que se muri\u00f3 despu\u00e9s, habiendo pedido a Su Santidad sacerdotes de nuestra CM. Ella les envi\u00f3 tres con dos hermanos; hemos hecho superior de esta nueva casa al sr. Orsese, que es genov\u00e9s. Tienen ya un peque\u00f1o seminario interno compuesto de dos o tres eclesi\u00e1sticos de buena esperanza y de dos laicos; el sr. Balcone, milan\u00e9s es su director, y el procurador es el sr. Navarese, espa\u00f1ol, que hab\u00eda entrado hac\u00eda unos diez a\u00f1os en la CM, en el seminario de Roma. Ellos se ejercitan ya en las funciones para los retiros, el seminario, y las ordenaciones. Se alojaban en una casa bastante cerca del palacio donde Carlos III ten\u00eda su corte; este pr\u00edncipe acud\u00eda a menudo a su iglesia, y all\u00ed tuvo la ocasi\u00f3n de conocer la Misi\u00f3n, durante su estancia en Barcelona.<\/p>\n","protected":false},"excerpt":{"rendered":"<p>San Vicente de Pa\u00fal LXI. Nuevas fundaciones en Francia y otros lugares La CM creci\u00f3 en n\u00famero de casas bajo el gobierno del sr. W\u00e1ter tanto en Francia como en los pa\u00edses extranjeros. Una de &#8230; <a href=\"https:\/\/vincentians.com\/es\/historia-general-de-la-c-m-hasta-el-ano-1720-61-nuevas-fundaciones-en-francia-y-otros-lugares\/\" class=\"more-link\">Read More<\/a><\/p>\n","protected":false},"author":5,"featured_media":38132,"comment_status":"open","ping_status":"open","sticky":false,"template":"","format":"standard","meta":{"jetpack_post_was_ever_published":false,"_jetpack_newsletter_access":"","_jetpack_dont_email_post_to_subs":false,"_jetpack_newsletter_tier_id":0,"_jetpack_memberships_contains_paywalled_content":false,"_jetpack_memberships_contains_paid_content":false,"footnotes":"","jetpack_publicize_message":"","jetpack_publicize_feature_enabled":true,"jetpack_social_post_already_shared":true,"jetpack_social_options":{"image_generator_settings":{"template":"highway","default_image_id":0,"font":"","enabled":false},"version":2}},"categories":[214],"tags":[177,117,143],"class_list":["post-44978","post","type-post","status-publish","format-standard","has-post-thumbnail","hentry","category-historia-de-la-congregacion-de-la-mision","tag-jolly","tag-pouy","tag-san-lazaro"],"yoast_head":"<!-- This site is optimized with the Yoast SEO plugin v26.3 - https:\/\/yoast.com\/wordpress\/plugins\/seo\/ -->\n<title>Historia general de la C.M., hasta el a\u00f1o 1720 (61. Nuevas fundaciones en Francia y otros lugares) - Somos Vicencianos<\/title>\n<meta name=\"robots\" content=\"index, follow, max-snippet:-1, max-image-preview:large, max-video-preview:-1\" \/>\n<link rel=\"canonical\" href=\"https:\/\/vincentians.com\/es\/historia-general-de-la-c-m-hasta-el-ano-1720-61-nuevas-fundaciones-en-francia-y-otros-lugares\/\" \/>\n<meta property=\"og:locale\" content=\"es_ES\" \/>\n<meta property=\"og:type\" content=\"article\" \/>\n<meta property=\"og:title\" content=\"Historia general de la C.M., hasta el a\u00f1o 1720 (61. Nuevas fundaciones en Francia y otros lugares) - Somos Vicencianos\" \/>\n<meta property=\"og:description\" content=\"San Vicente de Pa\u00fal LXI. Nuevas fundaciones en Francia y otros lugares La CM creci\u00f3 en n\u00famero de casas bajo el gobierno del sr. W\u00e1ter tanto en Francia como en los pa\u00edses extranjeros. Una de ... Read More\" \/>\n<meta property=\"og:url\" content=\"https:\/\/vincentians.com\/es\/historia-general-de-la-c-m-hasta-el-ano-1720-61-nuevas-fundaciones-en-francia-y-otros-lugares\/\" \/>\n<meta property=\"og:site_name\" content=\"Somos Vicencianos\" \/>\n<meta property=\"article:publisher\" content=\"https:\/\/www.facebook.com\/WeAreVincentians\/\" \/>\n<meta property=\"article:published_time\" content=\"2015-01-12T03:07:19+00:00\" \/>\n<meta property=\"article:modified_time\" content=\"2016-07-27T10:12:51+00:00\" \/>\n<meta name=\"author\" content=\"Mitxel Olabu\u00e9naga\" \/>\n<meta name=\"twitter:card\" content=\"summary_large_image\" \/>\n<meta name=\"twitter:creator\" content=\"@WeVincentians\" \/>\n<meta name=\"twitter:site\" content=\"@WeVincentians\" \/>\n<meta name=\"twitter:label1\" content=\"Escrito por\" \/>\n\t<meta name=\"twitter:data1\" content=\"Mitxel Olabu\u00e9naga\" \/>\n\t<meta name=\"twitter:label2\" content=\"Tiempo de lectura\" \/>\n\t<meta name=\"twitter:data2\" content=\"11 minutos\" \/>\n<script type=\"application\/ld+json\" class=\"yoast-schema-graph\">{\"@context\":\"https:\/\/schema.org\",\"@graph\":[{\"@type\":\"Article\",\"@id\":\"https:\/\/vincentians.com\/es\/historia-general-de-la-c-m-hasta-el-ano-1720-61-nuevas-fundaciones-en-francia-y-otros-lugares\/#article\",\"isPartOf\":{\"@id\":\"https:\/\/vincentians.com\/es\/historia-general-de-la-c-m-hasta-el-ano-1720-61-nuevas-fundaciones-en-francia-y-otros-lugares\/\"},\"author\":{\"name\":\"Mitxel Olabu\u00e9naga\",\"@id\":\"http:\/\/vincentians.com\/es\/#\/schema\/person\/7c2670b4445a7ca9d164ea6acdb31859\"},\"headline\":\"Historia general de la C.M., hasta el a\u00f1o 1720 (61. Nuevas fundaciones en Francia y otros lugares)\",\"datePublished\":\"2015-01-12T03:07:19+00:00\",\"dateModified\":\"2016-07-27T10:12:51+00:00\",\"mainEntityOfPage\":{\"@id\":\"https:\/\/vincentians.com\/es\/historia-general-de-la-c-m-hasta-el-ano-1720-61-nuevas-fundaciones-en-francia-y-otros-lugares\/\"},\"wordCount\":2215,\"commentCount\":0,\"publisher\":{\"@id\":\"http:\/\/vincentians.com\/es\/#organization\"},\"image\":{\"@id\":\"https:\/\/vincentians.com\/es\/historia-general-de-la-c-m-hasta-el-ano-1720-61-nuevas-fundaciones-en-francia-y-otros-lugares\/#primaryimage\"},\"thumbnailUrl\":\"\",\"keywords\":[\"Jolly\",\"Pouy\",\"San L\u00e1zaro\"],\"articleSection\":[\"Historia de la Congregaci\u00f3n de la Misi\u00f3n\"],\"inLanguage\":\"es\",\"potentialAction\":[{\"@type\":\"CommentAction\",\"name\":\"Comment\",\"target\":[\"https:\/\/vincentians.com\/es\/historia-general-de-la-c-m-hasta-el-ano-1720-61-nuevas-fundaciones-en-francia-y-otros-lugares\/#respond\"]}]},{\"@type\":\"WebPage\",\"@id\":\"https:\/\/vincentians.com\/es\/historia-general-de-la-c-m-hasta-el-ano-1720-61-nuevas-fundaciones-en-francia-y-otros-lugares\/\",\"url\":\"https:\/\/vincentians.com\/es\/historia-general-de-la-c-m-hasta-el-ano-1720-61-nuevas-fundaciones-en-francia-y-otros-lugares\/\",\"name\":\"Historia general de la C.M., hasta el a\u00f1o 1720 (61. Nuevas fundaciones en Francia y otros lugares) - Somos Vicencianos\",\"isPartOf\":{\"@id\":\"http:\/\/vincentians.com\/es\/#website\"},\"primaryImageOfPage\":{\"@id\":\"https:\/\/vincentians.com\/es\/historia-general-de-la-c-m-hasta-el-ano-1720-61-nuevas-fundaciones-en-francia-y-otros-lugares\/#primaryimage\"},\"image\":{\"@id\":\"https:\/\/vincentians.com\/es\/historia-general-de-la-c-m-hasta-el-ano-1720-61-nuevas-fundaciones-en-francia-y-otros-lugares\/#primaryimage\"},\"thumbnailUrl\":\"\",\"datePublished\":\"2015-01-12T03:07:19+00:00\",\"dateModified\":\"2016-07-27T10:12:51+00:00\",\"breadcrumb\":{\"@id\":\"https:\/\/vincentians.com\/es\/historia-general-de-la-c-m-hasta-el-ano-1720-61-nuevas-fundaciones-en-francia-y-otros-lugares\/#breadcrumb\"},\"inLanguage\":\"es\",\"potentialAction\":[{\"@type\":\"ReadAction\",\"target\":[\"https:\/\/vincentians.com\/es\/historia-general-de-la-c-m-hasta-el-ano-1720-61-nuevas-fundaciones-en-francia-y-otros-lugares\/\"]}]},{\"@type\":\"ImageObject\",\"inLanguage\":\"es\",\"@id\":\"https:\/\/vincentians.com\/es\/historia-general-de-la-c-m-hasta-el-ano-1720-61-nuevas-fundaciones-en-francia-y-otros-lugares\/#primaryimage\",\"url\":\"\",\"contentUrl\":\"\"},{\"@type\":\"BreadcrumbList\",\"@id\":\"https:\/\/vincentians.com\/es\/historia-general-de-la-c-m-hasta-el-ano-1720-61-nuevas-fundaciones-en-francia-y-otros-lugares\/#breadcrumb\",\"itemListElement\":[{\"@type\":\"ListItem\",\"position\":1,\"name\":\"Portada\",\"item\":\"http:\/\/vincentians.com\/es\/\"},{\"@type\":\"ListItem\",\"position\":2,\"name\":\"Historia general de la C.M., hasta el a\u00f1o 1720 (61. Nuevas fundaciones en Francia y otros lugares)\"}]},{\"@type\":\"WebSite\",\"@id\":\"http:\/\/vincentians.com\/es\/#website\",\"url\":\"http:\/\/vincentians.com\/es\/\",\"name\":\"Somos Vicencianos\",\"description\":\"Know more to serve more\",\"publisher\":{\"@id\":\"http:\/\/vincentians.com\/es\/#organization\"},\"potentialAction\":[{\"@type\":\"SearchAction\",\"target\":{\"@type\":\"EntryPoint\",\"urlTemplate\":\"http:\/\/vincentians.com\/es\/?s={search_term_string}\"},\"query-input\":{\"@type\":\"PropertyValueSpecification\",\"valueRequired\":true,\"valueName\":\"search_term_string\"}}],\"inLanguage\":\"es\"},{\"@type\":\"Organization\",\"@id\":\"http:\/\/vincentians.com\/es\/#organization\",\"name\":\"The Vincentian Network\",\"url\":\"http:\/\/vincentians.com\/es\/\",\"logo\":{\"@type\":\"ImageObject\",\"inLanguage\":\"es\",\"@id\":\"http:\/\/vincentians.com\/es\/#\/schema\/logo\/image\/\",\"url\":\"https:\/\/i1.wp.com\/vincentians.com\/es\/wp-content\/uploads\/sites\/11\/2016\/06\/Vincentian-Network-logo-big.png?fit=778%2C778\",\"contentUrl\":\"https:\/\/i1.wp.com\/vincentians.com\/es\/wp-content\/uploads\/sites\/11\/2016\/06\/Vincentian-Network-logo-big.png?fit=778%2C778\",\"width\":778,\"height\":778,\"caption\":\"The Vincentian Network\"},\"image\":{\"@id\":\"http:\/\/vincentians.com\/es\/#\/schema\/logo\/image\/\"},\"sameAs\":[\"https:\/\/www.facebook.com\/WeAreVincentians\/\",\"https:\/\/x.com\/WeVincentians\"]},{\"@type\":\"Person\",\"@id\":\"http:\/\/vincentians.com\/es\/#\/schema\/person\/7c2670b4445a7ca9d164ea6acdb31859\",\"name\":\"Mitxel Olabu\u00e9naga\",\"image\":{\"@type\":\"ImageObject\",\"inLanguage\":\"es\",\"@id\":\"http:\/\/vincentians.com\/es\/#\/schema\/person\/image\/\",\"url\":\"https:\/\/secure.gravatar.com\/avatar\/34137ec2e2b8939cbbed975731e71f3f4f1defc7266ded337a5ce0f925426877?s=96&d=mm&r=g\",\"contentUrl\":\"https:\/\/secure.gravatar.com\/avatar\/34137ec2e2b8939cbbed975731e71f3f4f1defc7266ded337a5ce0f925426877?s=96&d=mm&r=g\",\"caption\":\"Mitxel Olabu\u00e9naga\"},\"url\":\"https:\/\/vincentians.com\/es\/author\/mitxel\/\"}]}<\/script>\n<!-- \/ Yoast SEO plugin. -->","yoast_head_json":{"title":"Historia general de la C.M., hasta el a\u00f1o 1720 (61. Nuevas fundaciones en Francia y otros lugares) - Somos Vicencianos","robots":{"index":"index","follow":"follow","max-snippet":"max-snippet:-1","max-image-preview":"max-image-preview:large","max-video-preview":"max-video-preview:-1"},"canonical":"https:\/\/vincentians.com\/es\/historia-general-de-la-c-m-hasta-el-ano-1720-61-nuevas-fundaciones-en-francia-y-otros-lugares\/","og_locale":"es_ES","og_type":"article","og_title":"Historia general de la C.M., hasta el a\u00f1o 1720 (61. Nuevas fundaciones en Francia y otros lugares) - Somos Vicencianos","og_description":"San Vicente de Pa\u00fal LXI. Nuevas fundaciones en Francia y otros lugares La CM creci\u00f3 en n\u00famero de casas bajo el gobierno del sr. W\u00e1ter tanto en Francia como en los pa\u00edses extranjeros. Una de ... Read More","og_url":"https:\/\/vincentians.com\/es\/historia-general-de-la-c-m-hasta-el-ano-1720-61-nuevas-fundaciones-en-francia-y-otros-lugares\/","og_site_name":"Somos Vicencianos","article_publisher":"https:\/\/www.facebook.com\/WeAreVincentians\/","article_published_time":"2015-01-12T03:07:19+00:00","article_modified_time":"2016-07-27T10:12:51+00:00","author":"Mitxel Olabu\u00e9naga","twitter_card":"summary_large_image","twitter_creator":"@WeVincentians","twitter_site":"@WeVincentians","twitter_misc":{"Escrito por":"Mitxel Olabu\u00e9naga","Tiempo de lectura":"11 minutos"},"schema":{"@context":"https:\/\/schema.org","@graph":[{"@type":"Article","@id":"https:\/\/vincentians.com\/es\/historia-general-de-la-c-m-hasta-el-ano-1720-61-nuevas-fundaciones-en-francia-y-otros-lugares\/#article","isPartOf":{"@id":"https:\/\/vincentians.com\/es\/historia-general-de-la-c-m-hasta-el-ano-1720-61-nuevas-fundaciones-en-francia-y-otros-lugares\/"},"author":{"name":"Mitxel Olabu\u00e9naga","@id":"http:\/\/vincentians.com\/es\/#\/schema\/person\/7c2670b4445a7ca9d164ea6acdb31859"},"headline":"Historia general de la C.M., hasta el a\u00f1o 1720 (61. Nuevas fundaciones en Francia y otros lugares)","datePublished":"2015-01-12T03:07:19+00:00","dateModified":"2016-07-27T10:12:51+00:00","mainEntityOfPage":{"@id":"https:\/\/vincentians.com\/es\/historia-general-de-la-c-m-hasta-el-ano-1720-61-nuevas-fundaciones-en-francia-y-otros-lugares\/"},"wordCount":2215,"commentCount":0,"publisher":{"@id":"http:\/\/vincentians.com\/es\/#organization"},"image":{"@id":"https:\/\/vincentians.com\/es\/historia-general-de-la-c-m-hasta-el-ano-1720-61-nuevas-fundaciones-en-francia-y-otros-lugares\/#primaryimage"},"thumbnailUrl":"","keywords":["Jolly","Pouy","San L\u00e1zaro"],"articleSection":["Historia de la Congregaci\u00f3n de la Misi\u00f3n"],"inLanguage":"es","potentialAction":[{"@type":"CommentAction","name":"Comment","target":["https:\/\/vincentians.com\/es\/historia-general-de-la-c-m-hasta-el-ano-1720-61-nuevas-fundaciones-en-francia-y-otros-lugares\/#respond"]}]},{"@type":"WebPage","@id":"https:\/\/vincentians.com\/es\/historia-general-de-la-c-m-hasta-el-ano-1720-61-nuevas-fundaciones-en-francia-y-otros-lugares\/","url":"https:\/\/vincentians.com\/es\/historia-general-de-la-c-m-hasta-el-ano-1720-61-nuevas-fundaciones-en-francia-y-otros-lugares\/","name":"Historia general de la C.M., hasta el a\u00f1o 1720 (61. Nuevas fundaciones en Francia y otros lugares) - Somos Vicencianos","isPartOf":{"@id":"http:\/\/vincentians.com\/es\/#website"},"primaryImageOfPage":{"@id":"https:\/\/vincentians.com\/es\/historia-general-de-la-c-m-hasta-el-ano-1720-61-nuevas-fundaciones-en-francia-y-otros-lugares\/#primaryimage"},"image":{"@id":"https:\/\/vincentians.com\/es\/historia-general-de-la-c-m-hasta-el-ano-1720-61-nuevas-fundaciones-en-francia-y-otros-lugares\/#primaryimage"},"thumbnailUrl":"","datePublished":"2015-01-12T03:07:19+00:00","dateModified":"2016-07-27T10:12:51+00:00","breadcrumb":{"@id":"https:\/\/vincentians.com\/es\/historia-general-de-la-c-m-hasta-el-ano-1720-61-nuevas-fundaciones-en-francia-y-otros-lugares\/#breadcrumb"},"inLanguage":"es","potentialAction":[{"@type":"ReadAction","target":["https:\/\/vincentians.com\/es\/historia-general-de-la-c-m-hasta-el-ano-1720-61-nuevas-fundaciones-en-francia-y-otros-lugares\/"]}]},{"@type":"ImageObject","inLanguage":"es","@id":"https:\/\/vincentians.com\/es\/historia-general-de-la-c-m-hasta-el-ano-1720-61-nuevas-fundaciones-en-francia-y-otros-lugares\/#primaryimage","url":"","contentUrl":""},{"@type":"BreadcrumbList","@id":"https:\/\/vincentians.com\/es\/historia-general-de-la-c-m-hasta-el-ano-1720-61-nuevas-fundaciones-en-francia-y-otros-lugares\/#breadcrumb","itemListElement":[{"@type":"ListItem","position":1,"name":"Portada","item":"http:\/\/vincentians.com\/es\/"},{"@type":"ListItem","position":2,"name":"Historia general de la C.M., hasta el a\u00f1o 1720 (61. Nuevas fundaciones en Francia y otros lugares)"}]},{"@type":"WebSite","@id":"http:\/\/vincentians.com\/es\/#website","url":"http:\/\/vincentians.com\/es\/","name":"Somos Vicencianos","description":"Know more to serve more","publisher":{"@id":"http:\/\/vincentians.com\/es\/#organization"},"potentialAction":[{"@type":"SearchAction","target":{"@type":"EntryPoint","urlTemplate":"http:\/\/vincentians.com\/es\/?s={search_term_string}"},"query-input":{"@type":"PropertyValueSpecification","valueRequired":true,"valueName":"search_term_string"}}],"inLanguage":"es"},{"@type":"Organization","@id":"http:\/\/vincentians.com\/es\/#organization","name":"The Vincentian Network","url":"http:\/\/vincentians.com\/es\/","logo":{"@type":"ImageObject","inLanguage":"es","@id":"http:\/\/vincentians.com\/es\/#\/schema\/logo\/image\/","url":"https:\/\/i1.wp.com\/vincentians.com\/es\/wp-content\/uploads\/sites\/11\/2016\/06\/Vincentian-Network-logo-big.png?fit=778%2C778","contentUrl":"https:\/\/i1.wp.com\/vincentians.com\/es\/wp-content\/uploads\/sites\/11\/2016\/06\/Vincentian-Network-logo-big.png?fit=778%2C778","width":778,"height":778,"caption":"The Vincentian Network"},"image":{"@id":"http:\/\/vincentians.com\/es\/#\/schema\/logo\/image\/"},"sameAs":["https:\/\/www.facebook.com\/WeAreVincentians\/","https:\/\/x.com\/WeVincentians"]},{"@type":"Person","@id":"http:\/\/vincentians.com\/es\/#\/schema\/person\/7c2670b4445a7ca9d164ea6acdb31859","name":"Mitxel Olabu\u00e9naga","image":{"@type":"ImageObject","inLanguage":"es","@id":"http:\/\/vincentians.com\/es\/#\/schema\/person\/image\/","url":"https:\/\/secure.gravatar.com\/avatar\/34137ec2e2b8939cbbed975731e71f3f4f1defc7266ded337a5ce0f925426877?s=96&d=mm&r=g","contentUrl":"https:\/\/secure.gravatar.com\/avatar\/34137ec2e2b8939cbbed975731e71f3f4f1defc7266ded337a5ce0f925426877?s=96&d=mm&r=g","caption":"Mitxel Olabu\u00e9naga"},"url":"https:\/\/vincentians.com\/es\/author\/mitxel\/"}]}},"jetpack_publicize_connections":[],"jetpack_featured_media_url":"","jetpack_sharing_enabled":true,"jetpack_shortlink":"https:\/\/wp.me\/p7ETMF-bHs","jetpack-related-posts":[{"id":121433,"url":"https:\/\/vincentians.com\/es\/san-vicente-de-paul-nacio-en-francia-vi-tercera-dificultad\/","url_meta":{"origin":44978,"position":0},"title":"San Vicente de Pa\u00fal naci\u00f3 en Francia. VI. Tercera dificultad","author":"Francisco Javier Fern\u00e1ndez Chento","date":"01\/05\/2015","format":false,"excerpt":"Tercera dificultad Es Tamarite de Litera, en la provincia de Huesca, un pa\u00eds seco, y s\u00f3lo f\u00e9rtil cuando, por excepci\u00f3n, vienen a\u00f1os lluviosos. All\u00ed naci\u00f3 el \u00ednclito S. Vicente de Pa\u00fal por los a\u00f1os de 1576, de padres humildes y cristianos. Los habi\u00adtantes de Tamarite, en su mayor parte sencillos\u2026","rel":"","context":"En \u00abVicente de Pa\u00fal\u00bb","block_context":{"text":"Vicente de Pa\u00fal","link":"https:\/\/vincentians.com\/es\/category\/la-familia-vicenciana\/fundadores\/vicente-de-paul\/"},"img":{"alt_text":"","src":"","width":0,"height":0},"classes":[]},{"id":121437,"url":"https:\/\/vincentians.com\/es\/san-vicente-de-paul-nacio-en-francia-ix-la-prensa-periodica\/","url_meta":{"origin":44978,"position":1},"title":"San Vicente de Pa\u00fal naci\u00f3 en Francia. IX. La prensa peri\u00f3dica","author":"Francisco Javier Fern\u00e1ndez Chento","date":"04\/05\/2015","format":false,"excerpt":"La prensa peri\u00f3dica El traductor de Arturo Loth, nos ha dicho contar con el concurso de la prensa peri\u00f3dica, y nosotros hemos ofrecido examinar el apoyo que prestan al Sr Feli\u00fa, los peri\u00f3dicos El Correo Catal\u00e1n de Barcelona, La Controversia de Ma\u00addrid, y El Pilar de Zaragoza. Tenemos tres n\u00fameros\u2026","rel":"","context":"En \u00abVicente de Pa\u00fal\u00bb","block_context":{"text":"Vicente de Pa\u00fal","link":"https:\/\/vincentians.com\/es\/category\/la-familia-vicenciana\/fundadores\/vicente-de-paul\/"},"img":{"alt_text":"","src":"","width":0,"height":0},"classes":[]},{"id":121252,"url":"https:\/\/vincentians.com\/es\/san-vicente-de-paul-nacio-en-francia-i-nacimiento\/","url_meta":{"origin":44978,"position":2},"title":"San Vicente de Pa\u00fal naci\u00f3 en Francia. I. Nacimiento","author":"Francisco Javier Fern\u00e1ndez Chento","date":"26\/04\/2015","format":false,"excerpt":"Vincentius a Pa\u00falo, natione Gallus, Podii non procul ab Aquis Tarbellis in Aquitania natus. (Breviario romano, 19 julio.) Primera parte Se public\u00f3 en Barcelona (Espa\u00f1a), como ap\u00e9ndice a la traducci\u00f3n de la obra del Sr. Arturo Loth: San Vicente de Pa\u00fal y su misi\u00f3n social, una tesis hist\u00f3rica en extremo\u2026","rel":"","context":"En \u00abVicente de Pa\u00fal\u00bb","block_context":{"text":"Vicente de Pa\u00fal","link":"https:\/\/vincentians.com\/es\/category\/la-familia-vicenciana\/fundadores\/vicente-de-paul\/"},"img":{"alt_text":"pemartin","src":"https:\/\/i0.wp.com\/vicencianos.org\/wp-content\/2013\/04\/pemartin-189x300.jpg?resize=350%2C200","width":350,"height":200},"classes":[]},{"id":121436,"url":"https:\/\/vincentians.com\/es\/san-vicente-de-paul-nacio-en-francia-viii-quinta-dificultad\/","url_meta":{"origin":44978,"position":3},"title":"San Vicente de Pa\u00fal naci\u00f3 en Francia. VIII. Quinta dificultad","author":"Francisco Javier Fern\u00e1ndez Chento","date":"03\/05\/2015","format":false,"excerpt":"Quinta dificultad Las personas que figuran en el relato, y las circunstan\u00adcias que las rodean dan a sus palabras un car\u00e1cter de seriedad y verosimilitud tales, que inclinan el \u00e1nimo a suponer est\u00e1n en posesi\u00f3n de la verdad. \u00bfQu\u00e9 otra casa sino la verdad pod\u00eda mantener tan vivo convencimiento en\u2026","rel":"","context":"En \u00abVicente de Pa\u00fal\u00bb","block_context":{"text":"Vicente de Pa\u00fal","link":"https:\/\/vincentians.com\/es\/category\/la-familia-vicenciana\/fundadores\/vicente-de-paul\/"},"img":{"alt_text":"","src":"","width":0,"height":0},"classes":[]},{"id":121434,"url":"https:\/\/vincentians.com\/es\/san-vicente-de-paul-nacio-en-francia-v-segunda-dificultad\/","url_meta":{"origin":44978,"position":4},"title":"San Vicente de Pa\u00fal naci\u00f3 en Francia. V. Segunda dificultad","author":"Francisco Javier Fern\u00e1ndez Chento","date":"30\/04\/2015","format":false,"excerpt":"Segunda dificultad En el cap\u00edtulo titulado la vocaci\u00f3n, contin\u00faa el traduc\u00adtor: Arturo Loth afirma que el Santo naci\u00f3 en Pouy, el 24 de Abril de 1576. Afirmaci\u00f3n tan categ\u00f3rica parece que ha de tener por base el \u00fanico documento irrefragable: la partida de bautismo; pero \u00e9sta no existe en los\u2026","rel":"","context":"En \u00abVicente de Pa\u00fal\u00bb","block_context":{"text":"Vicente de Pa\u00fal","link":"https:\/\/vincentians.com\/es\/category\/la-familia-vicenciana\/fundadores\/vicente-de-paul\/"},"img":{"alt_text":"","src":"","width":0,"height":0},"classes":[]},{"id":387345,"url":"https:\/\/vincentians.com\/es\/fechas-en-la-vida-de-san-vicente\/","url_meta":{"origin":44978,"position":5},"title":"Fechas en la vida de San Vicente","author":"Francisco Javier Fern\u00e1ndez Chento","date":"21\/12\/2017","format":false,"excerpt":"1581: En Pouy (Landas) nace Vicente de Pa\u00fal, tercer hijo de la familia de Pa\u00fal. 1595: Vicente sale de Pouy para ir a Dax, donde vivir\u00e1 en casa del Se\u00f1or de Comet, abogado en Dax y juez en Pouy. Cursa estudios en el colegio de los Franciscanos. 1596: Vicente inicia\u2026","rel":"","context":"En \u00abVicente de Pa\u00fal\u00bb","block_context":{"text":"Vicente de Pa\u00fal","link":"https:\/\/vincentians.com\/es\/category\/la-familia-vicenciana\/fundadores\/vicente-de-paul\/"},"img":{"alt_text":"","src":"https:\/\/i0.wp.com\/vincentians.com\/es\/wp-content\/uploads\/sites\/11\/2016\/08\/con-damas-de-la-caridad.jpg?fit=1200%2C630&ssl=1&resize=350%2C200","width":350,"height":200,"srcset":"https:\/\/i0.wp.com\/vincentians.com\/es\/wp-content\/uploads\/sites\/11\/2016\/08\/con-damas-de-la-caridad.jpg?fit=1200%2C630&ssl=1&resize=350%2C200 1x, https:\/\/i0.wp.com\/vincentians.com\/es\/wp-content\/uploads\/sites\/11\/2016\/08\/con-damas-de-la-caridad.jpg?fit=1200%2C630&ssl=1&resize=525%2C300 1.5x, https:\/\/i0.wp.com\/vincentians.com\/es\/wp-content\/uploads\/sites\/11\/2016\/08\/con-damas-de-la-caridad.jpg?fit=1200%2C630&ssl=1&resize=700%2C400 2x, https:\/\/i0.wp.com\/vincentians.com\/es\/wp-content\/uploads\/sites\/11\/2016\/08\/con-damas-de-la-caridad.jpg?fit=1200%2C630&ssl=1&resize=1050%2C600 3x"},"classes":[]}],"_links":{"self":[{"href":"https:\/\/vincentians.com\/es\/wp-json\/wp\/v2\/posts\/44978","targetHints":{"allow":["GET"]}}],"collection":[{"href":"https:\/\/vincentians.com\/es\/wp-json\/wp\/v2\/posts"}],"about":[{"href":"https:\/\/vincentians.com\/es\/wp-json\/wp\/v2\/types\/post"}],"author":[{"embeddable":true,"href":"https:\/\/vincentians.com\/es\/wp-json\/wp\/v2\/users\/5"}],"replies":[{"embeddable":true,"href":"https:\/\/vincentians.com\/es\/wp-json\/wp\/v2\/comments?post=44978"}],"version-history":[{"count":0,"href":"https:\/\/vincentians.com\/es\/wp-json\/wp\/v2\/posts\/44978\/revisions"}],"wp:featuredmedia":[{"embeddable":true,"href":"https:\/\/vincentians.com\/es\/wp-json\/"}],"wp:attachment":[{"href":"https:\/\/vincentians.com\/es\/wp-json\/wp\/v2\/media?parent=44978"}],"wp:term":[{"taxonomy":"category","embeddable":true,"href":"https:\/\/vincentians.com\/es\/wp-json\/wp\/v2\/categories?post=44978"},{"taxonomy":"post_tag","embeddable":true,"href":"https:\/\/vincentians.com\/es\/wp-json\/wp\/v2\/tags?post=44978"}],"curies":[{"name":"wp","href":"https:\/\/api.w.org\/{rel}","templated":true}]}}