{"id":44109,"date":"2011-07-20T01:00:24","date_gmt":"2011-07-19T23:00:24","guid":{"rendered":"http:\/\/somos.vicencianos.org\/blog\/2011\/07\/vicente-de-paul-carta-0659-a-bernardo-codoing\/"},"modified":"2016-07-26T11:18:48","modified_gmt":"2016-07-26T09:18:48","slug":"vicente-de-paul-carta-0659-a-bernardo-codoing","status":"publish","type":"post","link":"https:\/\/vincentians.com\/es\/vicente-de-paul-carta-0659-a-bernardo-codoing\/","title":{"rendered":"Vicente de Pa\u00fal, Carta 0659: A Bernardo Codoing"},"content":{"rendered":"<p>Par\u00eds, 25 de diciembre de 1642.<\/p>\n<p>Padre:<\/p>\n<p>\u00a1La gracia de nuestro Se\u00f1or sea siempre con nosotros!<\/p>\n<p>Recib\u00ed anteayer su carta sobre la tercera misi\u00f3n que han dado, as\u00ed como las disposiciones del se\u00f1or vicegerente a prop\u00f3sito de los ordenandos; voy a contestarle en general, ya que no puedo hacerlo detalladamente, pues aquel mismo d\u00eda se la entregu\u00e9 a la se\u00f1ora duquesa de Aiguillon, junto con la que usted le escribi\u00f3.<\/p>\n<p>Empezar\u00e9, pues, dici\u00e9ndole que me he visto m\u00e1s impresionado de lo que puedo expresarle ante el peligro que ha corrido su vida y el da\u00f1o que le han hecho esos bandidos. \u00a1Cu\u00e1nto le agradezco a Dios que le haya conservado! En nombre de Dios, padre, cuide de su salud. Lo que usted me dice de su indisposici\u00f3n me aflige tambi\u00e9n mucho.<\/p>\n<p>Le doy tambi\u00e9n gracias a Dios por haberle puesto ya del todo en el asunto de los ordenandos. Por aqu\u00ed no disponemos de fondos. Har\u00e9 todo lo que me sea posible; pero la miseria de la guerra ha enfriado los corazones de los que podr\u00edan contribuir. La Providencia ha permitido que no se haya llevado a cabo la fundaci\u00f3n de Richelieu. El difunto se\u00f1or cardenal hab\u00eda vendido las secretar\u00edas de Loudun, con el plan de poner su precio en fincas rurales, como lo hizo; pero ha muerto antes de entreg\u00e1rnoslas, a pesar de que y me hab\u00eda enviado el proyecto para ello, sin firmar, dos o tres d\u00edas antes de su muerte. Hay que alabar a Dios. Ya veremos qu\u00e9 es lo que querr\u00e1n hacer sus herederos.<\/p>\n<p>Tampoco est\u00e1 segura la fundaci\u00f3n de Cr\u00e9cy, que carece de lo indispensable para el mantenimiento de las dos personas que all\u00ed deber\u00edamos tener; y esto nos obliga a prescindir de ella, al no tener socorros por all\u00ed ni por aqu\u00ed, ya que el rey se quedar\u00e1 este a\u00f1o y un trimestre del a\u00f1o que viene con nuestras rentas de Angers, con las de Ponts-de-C\u00e9 que pertenecen a la casa de Troyes, y que suman en total unas veinte mil libras; y no sabemos quid futurum sit para los a\u00f1os siguientes. \u00a1Bendito sea Dios!<\/p>\n<p>Todav\u00eda no nos han pagado los coches de Soissons, que les pertenecen a ustedes, a pesar de que se lo pedimos todos los d\u00edas; y esto por ciertas dificultades que han surgido en el negocio. Nos hemos quedado con el dinero de ustedes por ciertas dificultades que se han presentado. Hemos entregado mil cinco libras para pagar una letra de cambio del se\u00f1or Boice, seg\u00fan \u00f3rdenes del se\u00f1or Marchand y la carta de usted del mes de junio. Haga el favor de decirme cu\u00e1nto dinero ha tomado usted de ah\u00ed sobre la suma que la se\u00f1ora duquesa hab\u00eda enviado y que nosotros le mandamos anteriormente, y cu\u00e1nto le queda a\u00fan por aqu\u00ed.<\/p>\n<p>Le he hecho algunas insinuaciones sobre la importancia de esa obra a cierta persona; me refiero a la obra de Roma; ya veremos si esto surte efecto; ha sido a la misma duquesa de Aiguillon. Ya veremos c\u00f3mo responde y se lo indicar\u00e9 en el pr\u00f3ximo correo; y si Dios quiere que esto salga bien o provea desde ah\u00ed, enviaremos al padre Brunet y al padre Blatiron. Hab\u00eda destinado a este \u00faltimo a Saintes, pero lo retendr\u00e9 aqu\u00ed hasta que hayamos visto lo que se puede hacer. Dentro de dos d\u00edas entrar\u00e1 en el seminario. Tenemos otros dos eclesi\u00e1sticos muy sabios, que se acomodan muy bien a los ejercicios interiores y exteriores, incluso a nuestra forma de predicar, seg\u00fan me dice el padre Alm\u00e9ras de la misi\u00f3n que han tenido en Clichy. Uno era profesor de filosof\u00eda bastante importante de Lisieux Si estuviesen un poco m\u00e1s hechos, se los mandar\u00eda, o a uno de ellos por lo menos.<\/p>\n<p>Tenemos doce o catorce alumnos, parte en filosof\u00eda y parte en teolog\u00eda, estudiando aqu\u00ed. No puede usted creer, padre, la bendici\u00f3n que les da nuestro Se\u00f1or por el m\u00e9todo que sigue la compa\u00f1\u00eda Cuando est\u00e9n ya bien preparados, tendremos con la ayuda de Dios medios para poder ayudarle. Todos ellos han pasado muy bien su tiempo de seminario, gracias a Dios. Sin embargo, vamos a despedir a uno de ellos, porque tiene un esp\u00edritu poco indicado para las letras y le cuesta mucho comprender las cosas.<\/p>\n<p>Nuestro seminario est\u00e1 bastante lleno, por la misericordia de Dios; hay 36 o 38. Hemos recibido a 7 el mes \u00faltimo; todos ellos ofrecen esperanzas, por la misericordia de Dios. Creo que nuestro Se\u00f1or nos concede este favor al ver la fidelidad que tiene la compa\u00f1\u00eda en purgarse de los incorregibles. Estos d\u00edas pasados me dec\u00eda a este prop\u00f3sito uno de los de aqu\u00ed que seis de los mejores no hac\u00edan tanto bien en la compa\u00f1\u00eda como da\u00f1o uno solo incorregible. Uno de los que despedimos me escribi\u00f3 hace cuatro o cinco d\u00edas que, .i no lo recibimos, nos matar\u00eda a m\u00ed y a algunos otros de la compa\u00f1\u00eda, o nos pegar\u00eda fuego y se colgar\u00eda a la puerta. Nuestro Se\u00f1or me da la voluntad de correr este riesgo antes de recibir en la compa\u00f1\u00eda a una persona que ha vivido como \u00e9l.<\/p>\n<p>Se nos amenaza tambi\u00e9n con que el padre N., al que por dos veces le escrib\u00ed que se saliera de la compa\u00f1\u00eda, se pondr\u00e1 a escribir en contra nuestra. In nomine Domini, m\u00e1s vale ofrecerse a las maledicencias de un hombre que tener a uno de ese estilo. \uf028Ay, padre! \uf029Qu\u00e9 el lo que hemos dejado de hacer por ponerle en el buen camino de los dem\u00e1s? El mismo le dec\u00eda a una se\u00f1ora de insigne piedad que me hab\u00eda hecho m\u00e1s da\u00f1o que todos los dem\u00e1s juntos. No me importa lo que me haya hecho a m\u00ed; pero la verdad es que ha hecho mucho da\u00f1o a la compa\u00f1\u00eda. Diez que sean como deben ser valen como ciento; y ciento que no hayan sido llamados, o que no respondan 3 los designios de Dios, no valen ni como diez. Dios mismo nos lo indic\u00f3 cuando, antes de darse una batalla, mand\u00f3 publicar que se retirasen todos los perezosos y los que se hubiesen casado, o plantado una vi\u00f1a, o construido una casa aquel a\u00f1o, sabiendo que esos ser\u00edan de m\u00e1s da\u00f1o que provecho en el combate.<\/p>\n<p>Me indica usted que ser\u00eda de desear que estuviera en Roma la residencia del superior general; es una cuesti\u00f3n importante. Si nuestro Se\u00f1or me diese fuerzas para ir a visitarle (quede esto entre nosotros), in nomine Domini, ya ver\u00edamos. Encomiende este asunto a Dios; no es preciso que yo piense en m\u00ed mismo; el deseo que tengo de verle a usted y a toda esa compa\u00f1\u00eda podr\u00eda provenir de la naturaleza.<\/p>\n<p>El se\u00f1or mariscal de la Meilleraye ha sido nombrado gobernador de Breta\u00f1a y se va dentro de diez d\u00edas para reunir a los Estados. La se\u00f1ora duquesa le hablar\u00e1 de San Ivo y le entregar\u00e1 la memoria que usted le envi\u00f3. Ella me dijo que el se\u00f1or cardenal estaba lleno de ilusi\u00f3n por&#8230; \u00a1Bendito sea Dios de que la Providencia haya dispuesto las cosas de otro modo! Hemos celebrado dos oficios solemnes y hemos dicho varias misas por \u00e9l. Haga el favor de celebrar tambi\u00e9n usted algunas por ah\u00ed. Encomiendo tambi\u00e9n a sus oraciones al se\u00f1or cardenal de Gondy. \u00a1Cu\u00e1nto hemos perdido tambi\u00e9n con \u00e9l!<\/p>\n<p>Tengo miedo de olvidarme de un aviso que he de repetirle, esto es, recomendarle que nunca escriba sobre los asuntos de Estado, ya que puedo asegurarle que, aparte de ser esto contrario a nuestro esp\u00edritu y, seg\u00fan creo, al de nuestro Se\u00f1or, todas las cartas corren el peligro de ser le\u00eddas. Adem\u00e1s, hemos de ser fieles a la pr\u00e1ctica que tenemos de no meternos en esas cosas ni en las noticias del mundo.<\/p>\n<p>Esto es, padre, poco m\u00e1s o menos, lo que he de decirle por ahora. Abrazo a usted y a sus compa\u00f1eros, postrado en esp\u00edritu a los pies de todos ustedes, y soy en el amor de nuestro Se\u00f1or&#8230;<\/p>\n<p>Me olvidaba de decirle que es conveniente y conforme con el uso de todas las comunidades bien reguladas, que los superiores particulares dejen a sus inferiores la libertad de escribir al superior general, sin ver sus cartas, ni las respuestas del superior general a los mismos. Le ruego, padre, que se lo diga a la comunidad, como yo se lo digo tambi\u00e9n al padre Germ\u00e1n, que me ha dicho cosas muy buenas de usted, que de otra manera yo no hubiera podido<\/p>\n<p>Direcci\u00f3n: Al padre Codoing, superior de los sacerdotes de la congregaci\u00f3n de la Misi\u00f3n de Roma, en Roma.<\/p>\n","protected":false},"excerpt":{"rendered":"<p>Par\u00eds, 25 de diciembre de 1642. Padre: \u00a1La gracia de nuestro Se\u00f1or sea siempre con nosotros! Recib\u00ed anteayer su carta sobre la tercera misi\u00f3n que han dado, as\u00ed como las disposiciones del se\u00f1or vicegerente a &#8230; <a href=\"https:\/\/vincentians.com\/es\/vicente-de-paul-carta-0659-a-bernardo-codoing\/\" class=\"more-link\">Read More<\/a><\/p>\n","protected":false},"author":4,"featured_media":393753,"comment_status":"open","ping_status":"open","sticky":false,"template":"","format":"standard","meta":{"jetpack_post_was_ever_published":false,"_jetpack_newsletter_access":"","_jetpack_dont_email_post_to_subs":false,"_jetpack_newsletter_tier_id":0,"_jetpack_memberships_contains_paywalled_content":false,"_jetpack_memberships_contains_paid_content":false,"footnotes":"","jetpack_publicize_message":"","jetpack_publicize_feature_enabled":true,"jetpack_social_post_already_shared":true,"jetpack_social_options":{"image_generator_settings":{"template":"highway","default_image_id":0,"font":"","enabled":false},"version":2}},"categories":[65],"tags":[156,148,152],"class_list":["post-44109","post","type-post","status-publish","format-standard","has-post-thumbnail","hentry","category-escritos-de-vicente-de-paul","tag-blatiron","tag-clichy","tag-duquesa-de-aiguillon"],"yoast_head":"<!-- This site is optimized with the Yoast SEO plugin v26.3 - https:\/\/yoast.com\/wordpress\/plugins\/seo\/ -->\n<title>Vicente de Pa\u00fal, Carta 0659: A Bernardo Codoing - Somos Vicencianos<\/title>\n<meta name=\"robots\" content=\"index, follow, max-snippet:-1, max-image-preview:large, max-video-preview:-1\" \/>\n<link rel=\"canonical\" href=\"https:\/\/vincentians.com\/es\/vicente-de-paul-carta-0659-a-bernardo-codoing\/\" \/>\n<meta property=\"og:locale\" content=\"es_ES\" \/>\n<meta property=\"og:type\" content=\"article\" \/>\n<meta property=\"og:title\" content=\"Vicente de Pa\u00fal, Carta 0659: A Bernardo Codoing - Somos Vicencianos\" \/>\n<meta property=\"og:description\" content=\"Par\u00eds, 25 de diciembre de 1642. Padre: \u00a1La gracia de nuestro Se\u00f1or sea siempre con nosotros! Recib\u00ed anteayer su carta sobre la tercera misi\u00f3n que han dado, as\u00ed como las disposiciones del se\u00f1or vicegerente a ... Read More\" \/>\n<meta property=\"og:url\" content=\"https:\/\/vincentians.com\/es\/vicente-de-paul-carta-0659-a-bernardo-codoing\/\" \/>\n<meta property=\"og:site_name\" content=\"Somos Vicencianos\" \/>\n<meta property=\"article:publisher\" content=\"https:\/\/www.facebook.com\/WeAreVincentians\/\" \/>\n<meta property=\"article:author\" content=\"https:\/\/www.facebook.com\/JavierChento\" \/>\n<meta property=\"article:published_time\" content=\"2011-07-19T23:00:24+00:00\" \/>\n<meta property=\"article:modified_time\" content=\"2016-07-26T09:18:48+00:00\" \/>\n<meta property=\"og:image\" content=\"https:\/\/i0.wp.com\/vincentians.com\/es\/wp-content\/uploads\/sites\/11\/2016\/07\/escritos-vicente-de-paul.jpg?fit=1200%2C630&ssl=1\" \/>\n\t<meta property=\"og:image:width\" content=\"1200\" \/>\n\t<meta property=\"og:image:height\" content=\"630\" \/>\n\t<meta property=\"og:image:type\" content=\"image\/jpeg\" \/>\n<meta name=\"author\" content=\"Francisco Javier Fern\u00e1ndez Chento\" \/>\n<meta name=\"twitter:card\" content=\"summary_large_image\" \/>\n<meta name=\"twitter:creator\" content=\"@https:\/\/twitter.com\/javierchento\" \/>\n<meta name=\"twitter:site\" content=\"@WeVincentians\" \/>\n<meta name=\"twitter:label1\" content=\"Escrito por\" \/>\n\t<meta name=\"twitter:data1\" content=\"Francisco Javier Fern\u00e1ndez Chento\" \/>\n\t<meta name=\"twitter:label2\" content=\"Tiempo de lectura\" \/>\n\t<meta name=\"twitter:data2\" content=\"8 minutos\" \/>\n<script type=\"application\/ld+json\" class=\"yoast-schema-graph\">{\"@context\":\"https:\/\/schema.org\",\"@graph\":[{\"@type\":\"Article\",\"@id\":\"https:\/\/vincentians.com\/es\/vicente-de-paul-carta-0659-a-bernardo-codoing\/#article\",\"isPartOf\":{\"@id\":\"https:\/\/vincentians.com\/es\/vicente-de-paul-carta-0659-a-bernardo-codoing\/\"},\"author\":{\"name\":\"Francisco Javier Fern\u00e1ndez Chento\",\"@id\":\"http:\/\/vincentians.com\/es\/#\/schema\/person\/9623ef4d9aa3b2dfb8c061f1499288f2\"},\"headline\":\"Vicente de Pa\u00fal, Carta 0659: A Bernardo Codoing\",\"datePublished\":\"2011-07-19T23:00:24+00:00\",\"dateModified\":\"2016-07-26T09:18:48+00:00\",\"mainEntityOfPage\":{\"@id\":\"https:\/\/vincentians.com\/es\/vicente-de-paul-carta-0659-a-bernardo-codoing\/\"},\"wordCount\":1548,\"commentCount\":0,\"publisher\":{\"@id\":\"http:\/\/vincentians.com\/es\/#organization\"},\"image\":{\"@id\":\"https:\/\/vincentians.com\/es\/vicente-de-paul-carta-0659-a-bernardo-codoing\/#primaryimage\"},\"thumbnailUrl\":\"https:\/\/i0.wp.com\/vincentians.com\/es\/wp-content\/uploads\/sites\/11\/2016\/07\/escritos-vicente-de-paul.jpg?fit=1200%2C630&ssl=1\",\"keywords\":[\"Blatiron\",\"Clichy\",\"Duquesa de Aiguillon\"],\"articleSection\":[\"Escritos de Vicente de Pa\u00fal\"],\"inLanguage\":\"es\",\"potentialAction\":[{\"@type\":\"CommentAction\",\"name\":\"Comment\",\"target\":[\"https:\/\/vincentians.com\/es\/vicente-de-paul-carta-0659-a-bernardo-codoing\/#respond\"]}]},{\"@type\":\"WebPage\",\"@id\":\"https:\/\/vincentians.com\/es\/vicente-de-paul-carta-0659-a-bernardo-codoing\/\",\"url\":\"https:\/\/vincentians.com\/es\/vicente-de-paul-carta-0659-a-bernardo-codoing\/\",\"name\":\"Vicente de Pa\u00fal, Carta 0659: A Bernardo Codoing - Somos Vicencianos\",\"isPartOf\":{\"@id\":\"http:\/\/vincentians.com\/es\/#website\"},\"primaryImageOfPage\":{\"@id\":\"https:\/\/vincentians.com\/es\/vicente-de-paul-carta-0659-a-bernardo-codoing\/#primaryimage\"},\"image\":{\"@id\":\"https:\/\/vincentians.com\/es\/vicente-de-paul-carta-0659-a-bernardo-codoing\/#primaryimage\"},\"thumbnailUrl\":\"https:\/\/i0.wp.com\/vincentians.com\/es\/wp-content\/uploads\/sites\/11\/2016\/07\/escritos-vicente-de-paul.jpg?fit=1200%2C630&ssl=1\",\"datePublished\":\"2011-07-19T23:00:24+00:00\",\"dateModified\":\"2016-07-26T09:18:48+00:00\",\"breadcrumb\":{\"@id\":\"https:\/\/vincentians.com\/es\/vicente-de-paul-carta-0659-a-bernardo-codoing\/#breadcrumb\"},\"inLanguage\":\"es\",\"potentialAction\":[{\"@type\":\"ReadAction\",\"target\":[\"https:\/\/vincentians.com\/es\/vicente-de-paul-carta-0659-a-bernardo-codoing\/\"]}]},{\"@type\":\"ImageObject\",\"inLanguage\":\"es\",\"@id\":\"https:\/\/vincentians.com\/es\/vicente-de-paul-carta-0659-a-bernardo-codoing\/#primaryimage\",\"url\":\"https:\/\/i0.wp.com\/vincentians.com\/es\/wp-content\/uploads\/sites\/11\/2016\/07\/escritos-vicente-de-paul.jpg?fit=1200%2C630&ssl=1\",\"contentUrl\":\"https:\/\/i0.wp.com\/vincentians.com\/es\/wp-content\/uploads\/sites\/11\/2016\/07\/escritos-vicente-de-paul.jpg?fit=1200%2C630&ssl=1\",\"width\":1200,\"height\":630},{\"@type\":\"BreadcrumbList\",\"@id\":\"https:\/\/vincentians.com\/es\/vicente-de-paul-carta-0659-a-bernardo-codoing\/#breadcrumb\",\"itemListElement\":[{\"@type\":\"ListItem\",\"position\":1,\"name\":\"Portada\",\"item\":\"http:\/\/vincentians.com\/es\/\"},{\"@type\":\"ListItem\",\"position\":2,\"name\":\"Vicente de Pa\u00fal, Carta 0659: A Bernardo Codoing\"}]},{\"@type\":\"WebSite\",\"@id\":\"http:\/\/vincentians.com\/es\/#website\",\"url\":\"http:\/\/vincentians.com\/es\/\",\"name\":\"Somos Vicencianos\",\"description\":\"Know more to serve more\",\"publisher\":{\"@id\":\"http:\/\/vincentians.com\/es\/#organization\"},\"potentialAction\":[{\"@type\":\"SearchAction\",\"target\":{\"@type\":\"EntryPoint\",\"urlTemplate\":\"http:\/\/vincentians.com\/es\/?s={search_term_string}\"},\"query-input\":{\"@type\":\"PropertyValueSpecification\",\"valueRequired\":true,\"valueName\":\"search_term_string\"}}],\"inLanguage\":\"es\"},{\"@type\":\"Organization\",\"@id\":\"http:\/\/vincentians.com\/es\/#organization\",\"name\":\"The Vincentian Network\",\"url\":\"http:\/\/vincentians.com\/es\/\",\"logo\":{\"@type\":\"ImageObject\",\"inLanguage\":\"es\",\"@id\":\"http:\/\/vincentians.com\/es\/#\/schema\/logo\/image\/\",\"url\":\"https:\/\/i1.wp.com\/vincentians.com\/es\/wp-content\/uploads\/sites\/11\/2016\/06\/Vincentian-Network-logo-big.png?fit=778%2C778\",\"contentUrl\":\"https:\/\/i1.wp.com\/vincentians.com\/es\/wp-content\/uploads\/sites\/11\/2016\/06\/Vincentian-Network-logo-big.png?fit=778%2C778\",\"width\":778,\"height\":778,\"caption\":\"The Vincentian Network\"},\"image\":{\"@id\":\"http:\/\/vincentians.com\/es\/#\/schema\/logo\/image\/\"},\"sameAs\":[\"https:\/\/www.facebook.com\/WeAreVincentians\/\",\"https:\/\/x.com\/WeVincentians\"]},{\"@type\":\"Person\",\"@id\":\"http:\/\/vincentians.com\/es\/#\/schema\/person\/9623ef4d9aa3b2dfb8c061f1499288f2\",\"name\":\"Francisco Javier Fern\u00e1ndez Chento\",\"image\":{\"@type\":\"ImageObject\",\"inLanguage\":\"es\",\"@id\":\"http:\/\/vincentians.com\/es\/#\/schema\/person\/image\/\",\"url\":\"https:\/\/secure.gravatar.com\/avatar\/497d5cde87b4c3d097d0315953521681ba2cd523ee66e5077c3711f7021e65de?s=96&d=mm&r=g\",\"contentUrl\":\"https:\/\/secure.gravatar.com\/avatar\/497d5cde87b4c3d097d0315953521681ba2cd523ee66e5077c3711f7021e65de?s=96&d=mm&r=g\",\"caption\":\"Francisco Javier Fern\u00e1ndez Chento\"},\"description\":\"Director General y cofundador de La Red de Formaci\u00f3n Vicenciana. Javier es laico vicenciano, afiliado a la Congregaci\u00f3n de la Misi\u00f3n y miembro del Equipo de Misiones Populares de la provincia can\u00f3nica de Zaragoza (Espa\u00f1a) de la Congregaci\u00f3n de la Misi\u00f3n. Graduado en la Universidad Oberta de Catalunya con cuatro grados (Asistente de direcci\u00f3n, Gesti\u00f3n Administrativa, Recursos Humanos y Contabilidad Avanzada). Bil\u00edng\u00fce Espa\u00f1ol\/Ingl\u00e9s. gestiona y mantiene varias p\u00e1ginas web cristianas y vicencianas, incluida including La Red de Formaci\u00f3n Vicenciana, de la que es cofundador. Actualmente es responsable del \u00e1rea de Espa\u00f1ol de .famvin, la Red de Noticias de la Familia Vicenciana. Tambi\u00e9n es m\u00fasico cat\u00f3lico y ha editado varios discos. Es Director General y cofundador de Trovador, una reconocida compa\u00f1\u00eda discogr\u00e1fica critiana de Espa\u00f1a. Trabaja en las Tecnolog\u00edas de la Informaci\u00f3n, ofreciendo servicios de alojamiento, dise\u00f1o y mantenimiento Web, as\u00ed como asesoramiento, formaci\u00f3n y soluciones inform\u00e1ticas, gesti\u00f3n documental y digitalizaci\u00f3n de textos, edici\u00f3n y maquetaci\u00f3n de libros, revistas, flyers, etc.\",\"sameAs\":[\"http:\/\/chento.org\",\"https:\/\/www.facebook.com\/JavierChento\",\"https:\/\/x.com\/https:\/\/twitter.com\/javierchento\"],\"url\":\"https:\/\/vincentians.com\/es\/author\/chento\/\"}]}<\/script>\n<!-- \/ Yoast SEO plugin. -->","yoast_head_json":{"title":"Vicente de Pa\u00fal, Carta 0659: A Bernardo Codoing - Somos Vicencianos","robots":{"index":"index","follow":"follow","max-snippet":"max-snippet:-1","max-image-preview":"max-image-preview:large","max-video-preview":"max-video-preview:-1"},"canonical":"https:\/\/vincentians.com\/es\/vicente-de-paul-carta-0659-a-bernardo-codoing\/","og_locale":"es_ES","og_type":"article","og_title":"Vicente de Pa\u00fal, Carta 0659: A Bernardo Codoing - Somos Vicencianos","og_description":"Par\u00eds, 25 de diciembre de 1642. Padre: \u00a1La gracia de nuestro Se\u00f1or sea siempre con nosotros! Recib\u00ed anteayer su carta sobre la tercera misi\u00f3n que han dado, as\u00ed como las disposiciones del se\u00f1or vicegerente a ... Read More","og_url":"https:\/\/vincentians.com\/es\/vicente-de-paul-carta-0659-a-bernardo-codoing\/","og_site_name":"Somos Vicencianos","article_publisher":"https:\/\/www.facebook.com\/WeAreVincentians\/","article_author":"https:\/\/www.facebook.com\/JavierChento","article_published_time":"2011-07-19T23:00:24+00:00","article_modified_time":"2016-07-26T09:18:48+00:00","og_image":[{"width":1200,"height":630,"url":"https:\/\/i0.wp.com\/vincentians.com\/es\/wp-content\/uploads\/sites\/11\/2016\/07\/escritos-vicente-de-paul.jpg?fit=1200%2C630&ssl=1","type":"image\/jpeg"}],"author":"Francisco Javier Fern\u00e1ndez Chento","twitter_card":"summary_large_image","twitter_creator":"@https:\/\/twitter.com\/javierchento","twitter_site":"@WeVincentians","twitter_misc":{"Escrito por":"Francisco Javier Fern\u00e1ndez Chento","Tiempo de lectura":"8 minutos"},"schema":{"@context":"https:\/\/schema.org","@graph":[{"@type":"Article","@id":"https:\/\/vincentians.com\/es\/vicente-de-paul-carta-0659-a-bernardo-codoing\/#article","isPartOf":{"@id":"https:\/\/vincentians.com\/es\/vicente-de-paul-carta-0659-a-bernardo-codoing\/"},"author":{"name":"Francisco Javier Fern\u00e1ndez Chento","@id":"http:\/\/vincentians.com\/es\/#\/schema\/person\/9623ef4d9aa3b2dfb8c061f1499288f2"},"headline":"Vicente de Pa\u00fal, Carta 0659: A Bernardo Codoing","datePublished":"2011-07-19T23:00:24+00:00","dateModified":"2016-07-26T09:18:48+00:00","mainEntityOfPage":{"@id":"https:\/\/vincentians.com\/es\/vicente-de-paul-carta-0659-a-bernardo-codoing\/"},"wordCount":1548,"commentCount":0,"publisher":{"@id":"http:\/\/vincentians.com\/es\/#organization"},"image":{"@id":"https:\/\/vincentians.com\/es\/vicente-de-paul-carta-0659-a-bernardo-codoing\/#primaryimage"},"thumbnailUrl":"https:\/\/i0.wp.com\/vincentians.com\/es\/wp-content\/uploads\/sites\/11\/2016\/07\/escritos-vicente-de-paul.jpg?fit=1200%2C630&ssl=1","keywords":["Blatiron","Clichy","Duquesa de Aiguillon"],"articleSection":["Escritos de Vicente de Pa\u00fal"],"inLanguage":"es","potentialAction":[{"@type":"CommentAction","name":"Comment","target":["https:\/\/vincentians.com\/es\/vicente-de-paul-carta-0659-a-bernardo-codoing\/#respond"]}]},{"@type":"WebPage","@id":"https:\/\/vincentians.com\/es\/vicente-de-paul-carta-0659-a-bernardo-codoing\/","url":"https:\/\/vincentians.com\/es\/vicente-de-paul-carta-0659-a-bernardo-codoing\/","name":"Vicente de Pa\u00fal, Carta 0659: A Bernardo Codoing - Somos Vicencianos","isPartOf":{"@id":"http:\/\/vincentians.com\/es\/#website"},"primaryImageOfPage":{"@id":"https:\/\/vincentians.com\/es\/vicente-de-paul-carta-0659-a-bernardo-codoing\/#primaryimage"},"image":{"@id":"https:\/\/vincentians.com\/es\/vicente-de-paul-carta-0659-a-bernardo-codoing\/#primaryimage"},"thumbnailUrl":"https:\/\/i0.wp.com\/vincentians.com\/es\/wp-content\/uploads\/sites\/11\/2016\/07\/escritos-vicente-de-paul.jpg?fit=1200%2C630&ssl=1","datePublished":"2011-07-19T23:00:24+00:00","dateModified":"2016-07-26T09:18:48+00:00","breadcrumb":{"@id":"https:\/\/vincentians.com\/es\/vicente-de-paul-carta-0659-a-bernardo-codoing\/#breadcrumb"},"inLanguage":"es","potentialAction":[{"@type":"ReadAction","target":["https:\/\/vincentians.com\/es\/vicente-de-paul-carta-0659-a-bernardo-codoing\/"]}]},{"@type":"ImageObject","inLanguage":"es","@id":"https:\/\/vincentians.com\/es\/vicente-de-paul-carta-0659-a-bernardo-codoing\/#primaryimage","url":"https:\/\/i0.wp.com\/vincentians.com\/es\/wp-content\/uploads\/sites\/11\/2016\/07\/escritos-vicente-de-paul.jpg?fit=1200%2C630&ssl=1","contentUrl":"https:\/\/i0.wp.com\/vincentians.com\/es\/wp-content\/uploads\/sites\/11\/2016\/07\/escritos-vicente-de-paul.jpg?fit=1200%2C630&ssl=1","width":1200,"height":630},{"@type":"BreadcrumbList","@id":"https:\/\/vincentians.com\/es\/vicente-de-paul-carta-0659-a-bernardo-codoing\/#breadcrumb","itemListElement":[{"@type":"ListItem","position":1,"name":"Portada","item":"http:\/\/vincentians.com\/es\/"},{"@type":"ListItem","position":2,"name":"Vicente de Pa\u00fal, Carta 0659: A Bernardo Codoing"}]},{"@type":"WebSite","@id":"http:\/\/vincentians.com\/es\/#website","url":"http:\/\/vincentians.com\/es\/","name":"Somos Vicencianos","description":"Know more to serve more","publisher":{"@id":"http:\/\/vincentians.com\/es\/#organization"},"potentialAction":[{"@type":"SearchAction","target":{"@type":"EntryPoint","urlTemplate":"http:\/\/vincentians.com\/es\/?s={search_term_string}"},"query-input":{"@type":"PropertyValueSpecification","valueRequired":true,"valueName":"search_term_string"}}],"inLanguage":"es"},{"@type":"Organization","@id":"http:\/\/vincentians.com\/es\/#organization","name":"The Vincentian Network","url":"http:\/\/vincentians.com\/es\/","logo":{"@type":"ImageObject","inLanguage":"es","@id":"http:\/\/vincentians.com\/es\/#\/schema\/logo\/image\/","url":"https:\/\/i1.wp.com\/vincentians.com\/es\/wp-content\/uploads\/sites\/11\/2016\/06\/Vincentian-Network-logo-big.png?fit=778%2C778","contentUrl":"https:\/\/i1.wp.com\/vincentians.com\/es\/wp-content\/uploads\/sites\/11\/2016\/06\/Vincentian-Network-logo-big.png?fit=778%2C778","width":778,"height":778,"caption":"The Vincentian Network"},"image":{"@id":"http:\/\/vincentians.com\/es\/#\/schema\/logo\/image\/"},"sameAs":["https:\/\/www.facebook.com\/WeAreVincentians\/","https:\/\/x.com\/WeVincentians"]},{"@type":"Person","@id":"http:\/\/vincentians.com\/es\/#\/schema\/person\/9623ef4d9aa3b2dfb8c061f1499288f2","name":"Francisco Javier Fern\u00e1ndez Chento","image":{"@type":"ImageObject","inLanguage":"es","@id":"http:\/\/vincentians.com\/es\/#\/schema\/person\/image\/","url":"https:\/\/secure.gravatar.com\/avatar\/497d5cde87b4c3d097d0315953521681ba2cd523ee66e5077c3711f7021e65de?s=96&d=mm&r=g","contentUrl":"https:\/\/secure.gravatar.com\/avatar\/497d5cde87b4c3d097d0315953521681ba2cd523ee66e5077c3711f7021e65de?s=96&d=mm&r=g","caption":"Francisco Javier Fern\u00e1ndez Chento"},"description":"Director General y cofundador de La Red de Formaci\u00f3n Vicenciana. Javier es laico vicenciano, afiliado a la Congregaci\u00f3n de la Misi\u00f3n y miembro del Equipo de Misiones Populares de la provincia can\u00f3nica de Zaragoza (Espa\u00f1a) de la Congregaci\u00f3n de la Misi\u00f3n. Graduado en la Universidad Oberta de Catalunya con cuatro grados (Asistente de direcci\u00f3n, Gesti\u00f3n Administrativa, Recursos Humanos y Contabilidad Avanzada). Bil\u00edng\u00fce Espa\u00f1ol\/Ingl\u00e9s. gestiona y mantiene varias p\u00e1ginas web cristianas y vicencianas, incluida including La Red de Formaci\u00f3n Vicenciana, de la que es cofundador. Actualmente es responsable del \u00e1rea de Espa\u00f1ol de .famvin, la Red de Noticias de la Familia Vicenciana. Tambi\u00e9n es m\u00fasico cat\u00f3lico y ha editado varios discos. Es Director General y cofundador de Trovador, una reconocida compa\u00f1\u00eda discogr\u00e1fica critiana de Espa\u00f1a. Trabaja en las Tecnolog\u00edas de la Informaci\u00f3n, ofreciendo servicios de alojamiento, dise\u00f1o y mantenimiento Web, as\u00ed como asesoramiento, formaci\u00f3n y soluciones inform\u00e1ticas, gesti\u00f3n documental y digitalizaci\u00f3n de textos, edici\u00f3n y maquetaci\u00f3n de libros, revistas, flyers, etc.","sameAs":["http:\/\/chento.org","https:\/\/www.facebook.com\/JavierChento","https:\/\/x.com\/https:\/\/twitter.com\/javierchento"],"url":"https:\/\/vincentians.com\/es\/author\/chento\/"}]}},"jetpack_publicize_connections":[],"jetpack_featured_media_url":"https:\/\/i0.wp.com\/vincentians.com\/es\/wp-content\/uploads\/sites\/11\/2016\/07\/escritos-vicente-de-paul.jpg?fit=1200%2C630&ssl=1","jetpack_sharing_enabled":true,"jetpack_shortlink":"https:\/\/wp.me\/p7ETMF-btr","jetpack-related-posts":[{"id":117486,"url":"https:\/\/vincentians.com\/es\/vicente-de-paul-carta-1054-a-la-duquesa-de-aiguillon\/","url_meta":{"origin":44109,"position":0},"title":"Vicente de Pa\u00fal, Carta 1054: A La Duquesa De Aiguillon","author":"Francisco Javier Fern\u00e1ndez Chento","date":"17\/01\/2013","format":false,"excerpt":"24 enero 1648. Se\u00f1ora: S\u00f3lo Nuestro Se\u00f1or podr\u00eda darle a conocer el consuelo que he recibido con la bendici\u00f3n que Dios ha dado a las armas del se\u00f1or duque de Richelieu, y el cari\u00f1o con que le pido la conservaci\u00f3n y la santificaci\u00f3n hasta el infinito de su querida alma.\u2026","rel":"","context":"En \u00abEscritos de Vicente de Pa\u00fal\u00bb","block_context":{"text":"Escritos de Vicente de Pa\u00fal","link":"https:\/\/vincentians.com\/es\/category\/escritos\/escritos-de-vicente-de-paul\/"},"img":{"alt_text":"","src":"https:\/\/i0.wp.com\/vincentians.com\/es\/wp-content\/uploads\/sites\/11\/2016\/07\/escritos-vicente-de-paul.jpg?fit=1200%2C630&ssl=1&resize=350%2C200","width":350,"height":200,"srcset":"https:\/\/i0.wp.com\/vincentians.com\/es\/wp-content\/uploads\/sites\/11\/2016\/07\/escritos-vicente-de-paul.jpg?fit=1200%2C630&ssl=1&resize=350%2C200 1x, https:\/\/i0.wp.com\/vincentians.com\/es\/wp-content\/uploads\/sites\/11\/2016\/07\/escritos-vicente-de-paul.jpg?fit=1200%2C630&ssl=1&resize=525%2C300 1.5x, https:\/\/i0.wp.com\/vincentians.com\/es\/wp-content\/uploads\/sites\/11\/2016\/07\/escritos-vicente-de-paul.jpg?fit=1200%2C630&ssl=1&resize=700%2C400 2x, https:\/\/i0.wp.com\/vincentians.com\/es\/wp-content\/uploads\/sites\/11\/2016\/07\/escritos-vicente-de-paul.jpg?fit=1200%2C630&ssl=1&resize=1050%2C600 3x"},"classes":[]},{"id":122035,"url":"https:\/\/vincentians.com\/es\/vicente-de-paul-carta-1138-a-antonio-portail\/","url_meta":{"origin":44109,"position":1},"title":"Vicente de Pa\u00fal, Carta 1138: A Antonio Portail","author":"Francisco Javier Fern\u00e1ndez Chento","date":"05\/05\/2013","format":false,"excerpt":"Villepreux, 22 enero 1649. Padre: La gracia de Nuestro Se\u00f1or sea siempre con nosotros. No s\u00e9 si me escribi\u00f3 usted en el \u00faltimo correo que lleg\u00f3 la semana pasada; lo cierto es que no he recibido carta suya, aunque s\u00ed del padre Chr\u00e9tien y de T\u00fanez. No le escrib\u00ed la\u2026","rel":"","context":"En \u00abEscritos de Vicente de Pa\u00fal\u00bb","block_context":{"text":"Escritos de Vicente de Pa\u00fal","link":"https:\/\/vincentians.com\/es\/category\/escritos\/escritos-de-vicente-de-paul\/"},"img":{"alt_text":"","src":"https:\/\/i0.wp.com\/vincentians.com\/es\/wp-content\/uploads\/sites\/11\/2016\/07\/escritos-vicente-de-paul.jpg?fit=1200%2C630&ssl=1&resize=350%2C200","width":350,"height":200,"srcset":"https:\/\/i0.wp.com\/vincentians.com\/es\/wp-content\/uploads\/sites\/11\/2016\/07\/escritos-vicente-de-paul.jpg?fit=1200%2C630&ssl=1&resize=350%2C200 1x, https:\/\/i0.wp.com\/vincentians.com\/es\/wp-content\/uploads\/sites\/11\/2016\/07\/escritos-vicente-de-paul.jpg?fit=1200%2C630&ssl=1&resize=525%2C300 1.5x, https:\/\/i0.wp.com\/vincentians.com\/es\/wp-content\/uploads\/sites\/11\/2016\/07\/escritos-vicente-de-paul.jpg?fit=1200%2C630&ssl=1&resize=700%2C400 2x, https:\/\/i0.wp.com\/vincentians.com\/es\/wp-content\/uploads\/sites\/11\/2016\/07\/escritos-vicente-de-paul.jpg?fit=1200%2C630&ssl=1&resize=1050%2C600 3x"},"classes":[]},{"id":126121,"url":"https:\/\/vincentians.com\/es\/vicente-de-paul-carta-1178-a-antonio-portail\/","url_meta":{"origin":44109,"position":2},"title":"Vicente de Pa\u00fal, Carta 1178: A Antonio Portail","author":"Francisco Javier Fern\u00e1ndez Chento","date":"18\/12\/2013","format":false,"excerpt":"Par\u00eds, 6 agosto 1649. Padre: La gracia de Nuestro Se\u00f1or sea siempre con nosotros. Le escribo con una pena muy grande y muy sensible como ya hace tiempo que no ten\u00eda. Acabo de saber la p\u00e9rdida que hemos sufrido del buen padre Brunet, tan buen obrero del Se\u00f1or, tan gran\u2026","rel":"","context":"En \u00abEscritos de Vicente de Pa\u00fal\u00bb","block_context":{"text":"Escritos de Vicente de Pa\u00fal","link":"https:\/\/vincentians.com\/es\/category\/escritos\/escritos-de-vicente-de-paul\/"},"img":{"alt_text":"","src":"https:\/\/i0.wp.com\/vincentians.com\/es\/wp-content\/uploads\/sites\/11\/2016\/07\/escritos-vicente-de-paul.jpg?fit=1200%2C630&ssl=1&resize=350%2C200","width":350,"height":200,"srcset":"https:\/\/i0.wp.com\/vincentians.com\/es\/wp-content\/uploads\/sites\/11\/2016\/07\/escritos-vicente-de-paul.jpg?fit=1200%2C630&ssl=1&resize=350%2C200 1x, https:\/\/i0.wp.com\/vincentians.com\/es\/wp-content\/uploads\/sites\/11\/2016\/07\/escritos-vicente-de-paul.jpg?fit=1200%2C630&ssl=1&resize=525%2C300 1.5x, https:\/\/i0.wp.com\/vincentians.com\/es\/wp-content\/uploads\/sites\/11\/2016\/07\/escritos-vicente-de-paul.jpg?fit=1200%2C630&ssl=1&resize=700%2C400 2x, https:\/\/i0.wp.com\/vincentians.com\/es\/wp-content\/uploads\/sites\/11\/2016\/07\/escritos-vicente-de-paul.jpg?fit=1200%2C630&ssl=1&resize=1050%2C600 3x"},"classes":[]},{"id":137543,"url":"https:\/\/vincentians.com\/es\/vicente-de-paul-carta-1280-a-juan-midot-vicario-general-de-toul\/","url_meta":{"origin":44109,"position":3},"title":"Vicente de Pa\u00fal, Carta 1280: A Juan Midot, Vicario General De Toul","author":"Francisco Javier Fern\u00e1ndez Chento","date":"15\/02\/2015","format":false,"excerpt":"8 de junio de 1650 Se\u00f1or: La gracia de Nuestro Se\u00f1or sea siempre con nosotros. Recib\u00ed su carta con un nuevo sentimiento de gratitud por los favores que le debemos y con nuevos deseos de que quiera Dios conservarle largos a\u00f1os para bien de su iglesia, en la cual me\u2026","rel":"","context":"En \u00abEscritos de Vicente de Pa\u00fal\u00bb","block_context":{"text":"Escritos de Vicente de Pa\u00fal","link":"https:\/\/vincentians.com\/es\/category\/escritos\/escritos-de-vicente-de-paul\/"},"img":{"alt_text":"","src":"https:\/\/i0.wp.com\/vincentians.com\/es\/wp-content\/uploads\/sites\/11\/2016\/07\/escritos-vicente-de-paul.jpg?fit=1200%2C630&ssl=1&resize=350%2C200","width":350,"height":200,"srcset":"https:\/\/i0.wp.com\/vincentians.com\/es\/wp-content\/uploads\/sites\/11\/2016\/07\/escritos-vicente-de-paul.jpg?fit=1200%2C630&ssl=1&resize=350%2C200 1x, https:\/\/i0.wp.com\/vincentians.com\/es\/wp-content\/uploads\/sites\/11\/2016\/07\/escritos-vicente-de-paul.jpg?fit=1200%2C630&ssl=1&resize=525%2C300 1.5x, https:\/\/i0.wp.com\/vincentians.com\/es\/wp-content\/uploads\/sites\/11\/2016\/07\/escritos-vicente-de-paul.jpg?fit=1200%2C630&ssl=1&resize=700%2C400 2x, https:\/\/i0.wp.com\/vincentians.com\/es\/wp-content\/uploads\/sites\/11\/2016\/07\/escritos-vicente-de-paul.jpg?fit=1200%2C630&ssl=1&resize=1050%2C600 3x"},"classes":[]},{"id":119385,"url":"https:\/\/vincentians.com\/es\/vicente-de-paul-carta-1130-luisa-de-marillac-a-san-vicente\/","url_meta":{"origin":44109,"position":4},"title":"Vicente de Pa\u00fal, Carta 1130: Luisa De Marillac A San Vicente","author":"Francisco Javier Fern\u00e1ndez Chento","date":"26\/04\/2013","format":false,"excerpt":"[Diciembre 1648] Padre: Nos encontramos muy apuradas para nombrar a una persona que vaya a la reuni\u00f3n en casa de la se\u00f1ora duquesa de Aiguillon, y no podemos hacer otra cosa para informarle que poner nuestros papeles en sus manos. Como creo que todos tienen el mismo inter\u00e9s que nosotras,\u2026","rel":"","context":"En \u00abEscritos de Vicente de Pa\u00fal\u00bb","block_context":{"text":"Escritos de Vicente de Pa\u00fal","link":"https:\/\/vincentians.com\/es\/category\/escritos\/escritos-de-vicente-de-paul\/"},"img":{"alt_text":"","src":"https:\/\/i0.wp.com\/vincentians.com\/es\/wp-content\/uploads\/sites\/11\/2016\/07\/escritos-vicente-de-paul.jpg?fit=1200%2C630&ssl=1&resize=350%2C200","width":350,"height":200,"srcset":"https:\/\/i0.wp.com\/vincentians.com\/es\/wp-content\/uploads\/sites\/11\/2016\/07\/escritos-vicente-de-paul.jpg?fit=1200%2C630&ssl=1&resize=350%2C200 1x, https:\/\/i0.wp.com\/vincentians.com\/es\/wp-content\/uploads\/sites\/11\/2016\/07\/escritos-vicente-de-paul.jpg?fit=1200%2C630&ssl=1&resize=525%2C300 1.5x, https:\/\/i0.wp.com\/vincentians.com\/es\/wp-content\/uploads\/sites\/11\/2016\/07\/escritos-vicente-de-paul.jpg?fit=1200%2C630&ssl=1&resize=700%2C400 2x, https:\/\/i0.wp.com\/vincentians.com\/es\/wp-content\/uploads\/sites\/11\/2016\/07\/escritos-vicente-de-paul.jpg?fit=1200%2C630&ssl=1&resize=1050%2C600 3x"},"classes":[]},{"id":116634,"url":"https:\/\/vincentians.com\/es\/vicente-de-paul-carta-1040-luisa-de-marillac-a-san-vicente\/","url_meta":{"origin":44109,"position":5},"title":"Vicente de Pa\u00fal, Carta 1040: Luisa de Marillac a San Vicente","author":"Francisco Javier Fern\u00e1ndez Chento","date":"31\/12\/2012","format":false,"excerpt":"19 octubre [1647] Padre: Siento mucho que no le comunicaran que, gracias a Dios, me encontraba mejor que cuando me dej\u00f3 usted y que sigo cada d\u00eda mejor; por ello pude ir a misa el d\u00eda de san Lucas. Las se\u00f1oras de Herse, Traversay, de St.-Mand\u00e9 y Viola se reunieron\u2026","rel":"","context":"En \u00abEscritos de Vicente de Pa\u00fal\u00bb","block_context":{"text":"Escritos de Vicente de Pa\u00fal","link":"https:\/\/vincentians.com\/es\/category\/escritos\/escritos-de-vicente-de-paul\/"},"img":{"alt_text":"","src":"https:\/\/i0.wp.com\/vincentians.com\/es\/wp-content\/uploads\/sites\/11\/2016\/07\/escritos-vicente-de-paul.jpg?fit=1200%2C630&ssl=1&resize=350%2C200","width":350,"height":200,"srcset":"https:\/\/i0.wp.com\/vincentians.com\/es\/wp-content\/uploads\/sites\/11\/2016\/07\/escritos-vicente-de-paul.jpg?fit=1200%2C630&ssl=1&resize=350%2C200 1x, https:\/\/i0.wp.com\/vincentians.com\/es\/wp-content\/uploads\/sites\/11\/2016\/07\/escritos-vicente-de-paul.jpg?fit=1200%2C630&ssl=1&resize=525%2C300 1.5x, https:\/\/i0.wp.com\/vincentians.com\/es\/wp-content\/uploads\/sites\/11\/2016\/07\/escritos-vicente-de-paul.jpg?fit=1200%2C630&ssl=1&resize=700%2C400 2x, https:\/\/i0.wp.com\/vincentians.com\/es\/wp-content\/uploads\/sites\/11\/2016\/07\/escritos-vicente-de-paul.jpg?fit=1200%2C630&ssl=1&resize=1050%2C600 3x"},"classes":[]}],"_links":{"self":[{"href":"https:\/\/vincentians.com\/es\/wp-json\/wp\/v2\/posts\/44109","targetHints":{"allow":["GET"]}}],"collection":[{"href":"https:\/\/vincentians.com\/es\/wp-json\/wp\/v2\/posts"}],"about":[{"href":"https:\/\/vincentians.com\/es\/wp-json\/wp\/v2\/types\/post"}],"author":[{"embeddable":true,"href":"https:\/\/vincentians.com\/es\/wp-json\/wp\/v2\/users\/4"}],"replies":[{"embeddable":true,"href":"https:\/\/vincentians.com\/es\/wp-json\/wp\/v2\/comments?post=44109"}],"version-history":[{"count":0,"href":"https:\/\/vincentians.com\/es\/wp-json\/wp\/v2\/posts\/44109\/revisions"}],"wp:featuredmedia":[{"embeddable":true,"href":"https:\/\/vincentians.com\/es\/wp-json\/wp\/v2\/media\/393753"}],"wp:attachment":[{"href":"https:\/\/vincentians.com\/es\/wp-json\/wp\/v2\/media?parent=44109"}],"wp:term":[{"taxonomy":"category","embeddable":true,"href":"https:\/\/vincentians.com\/es\/wp-json\/wp\/v2\/categories?post=44109"},{"taxonomy":"post_tag","embeddable":true,"href":"https:\/\/vincentians.com\/es\/wp-json\/wp\/v2\/tags?post=44109"}],"curies":[{"name":"wp","href":"https:\/\/api.w.org\/{rel}","templated":true}]}}