{"id":44097,"date":"2011-07-09T01:00:24","date_gmt":"2011-07-08T23:00:24","guid":{"rendered":"http:\/\/somos.vicencianos.org\/blog\/2011\/07\/vicente-de-paul-carta-0648-a-juan-brunet-y-esteban-blatiron-sacerdotes-de-la-mision-en-alet\/"},"modified":"2016-07-26T11:18:50","modified_gmt":"2016-07-26T09:18:50","slug":"vicente-de-paul-carta-0648-a-juan-brunet-y-esteban-blatiron-sacerdotes-de-la-mision-en-alet","status":"publish","type":"post","link":"https:\/\/vincentians.com\/es\/vicente-de-paul-carta-0648-a-juan-brunet-y-esteban-blatiron-sacerdotes-de-la-mision-en-alet\/","title":{"rendered":"Vicente de Pa\u00fal, Carta 0648: A Juan Brunet Y Esteban Blatiron, Sacerdotes De La Misi\u00f3n, En Alet"},"content":{"rendered":"<p>Par\u00eds, 8 de octubre de 1642.<\/p>\n<p>Padres:<\/p>\n<p>\u00a1La gracia de nuestro Se\u00f1or sea siempre con nosotros!<\/p>\n<p>Ya les escrib\u00ed que la providencia de Dios les llama a Roma para una nueva fundaci\u00f3n que all\u00ed se hace de una casa de la compa\u00f1\u00eda, rog\u00e1ndoles que salgan para all\u00e1 al d\u00eda siguiente de recibir esta carta; al se\u00f1or obispo de Alet le he escrito tambi\u00e9n para suplicarle humildemente que lo acepte y que les preste veinte escudos para el viaje.<\/p>\n<p>Ir\u00e1n directamente a Marsella, donde encontrar\u00e1n ustedes al padre Rose y al hermano Pascual, de la compa\u00f1\u00eda, que saldr\u00e1n pasado ma\u00f1ana y estar\u00e1n en Marsella alrededor del d\u00eda 26. Les presentar\u00e9 al se\u00f1or comendador de Forbin, que manda las galeras, y le pedir\u00e9 que les haga subir a una o dos galeras de las que lleva a Roma, ya que se presenta esta ocasi\u00f3n tan ventajosa en todos los sentidos. Dir\u00edjanse tambi\u00e9n ustedes a dicho se\u00f1or comendador. Me parece que me han dicho que las dos galeras est\u00e1n en el puerto de Toulon, a diez leguas m\u00e1s all\u00e1 de Marsella. Le ordenar\u00e9 al padre Rose que se dirija all\u00e1, si no las encuentra en Marsella. Hagan ustedes lo mismo, despu\u00e9s de haber hablado con el se\u00f1or comendador, que les entregar\u00e1 dinero, si lo necesitasen por cualquier cosa, si no es que \u00e9l mismo, como le he rogado muy humildemente, no manda que les entreguen cien libras.<\/p>\n<p>Les escribir\u00e9 por medio del padre Rose, ya que no puedo hacerlo por ahora. pues me est\u00e1n dando prisas para ir al entierro del buen padre Pill\u00e9, que ha vivido santamente y ha muerto lo mismo, con una gran estima de nuestra vocaci\u00f3n por encima de todo lo que podr\u00eda decirse. Le ped\u00ed varias veces la bendici\u00f3n para ustedes y para m\u00ed. Les enviaremos una comunicaci\u00f3n m\u00e1s amplia despu\u00e9s de la conferencia que tengamos [sobre] ese [tema]\u00a0 Lo encomiendo a sus oraciones y soy, en el amor de nuestro Se\u00f1or, su muy humilde servidor.<\/p>\n<p>VICENTE DEPAUL<\/p>\n<p>Indigno sacerdote de la Misi\u00f3n<\/p>\n","protected":false},"excerpt":{"rendered":"<p>Par\u00eds, 8 de octubre de 1642. Padres: \u00a1La gracia de nuestro Se\u00f1or sea siempre con nosotros! Ya les escrib\u00ed que la providencia de Dios les llama a Roma para una nueva fundaci\u00f3n que all\u00ed se &#8230; <a href=\"https:\/\/vincentians.com\/es\/vicente-de-paul-carta-0648-a-juan-brunet-y-esteban-blatiron-sacerdotes-de-la-mision-en-alet\/\" class=\"more-link\">Read More<\/a><\/p>\n","protected":false},"author":4,"featured_media":393753,"comment_status":"open","ping_status":"open","sticky":false,"template":"","format":"standard","meta":{"jetpack_post_was_ever_published":false,"_jetpack_newsletter_access":"","_jetpack_dont_email_post_to_subs":false,"_jetpack_newsletter_tier_id":0,"_jetpack_memberships_contains_paywalled_content":false,"_jetpack_memberships_contains_paid_content":false,"footnotes":"","jetpack_publicize_message":"","jetpack_publicize_feature_enabled":true,"jetpack_social_post_already_shared":true,"jetpack_social_options":{"image_generator_settings":{"template":"highway","default_image_id":0,"font":"","enabled":false},"version":2}},"categories":[65],"tags":[156],"class_list":["post-44097","post","type-post","status-publish","format-standard","has-post-thumbnail","hentry","category-escritos-de-vicente-de-paul","tag-blatiron"],"yoast_head":"<!-- This site is optimized with the Yoast SEO plugin v26.3 - https:\/\/yoast.com\/wordpress\/plugins\/seo\/ -->\n<title>Vicente de Pa\u00fal, Carta 0648: A Juan Brunet Y Esteban Blatiron, Sacerdotes De La Misi\u00f3n, En Alet - Somos Vicencianos<\/title>\n<meta name=\"robots\" content=\"index, follow, max-snippet:-1, max-image-preview:large, max-video-preview:-1\" \/>\n<link rel=\"canonical\" href=\"https:\/\/vincentians.com\/es\/vicente-de-paul-carta-0648-a-juan-brunet-y-esteban-blatiron-sacerdotes-de-la-mision-en-alet\/\" \/>\n<meta property=\"og:locale\" content=\"es_ES\" \/>\n<meta property=\"og:type\" content=\"article\" \/>\n<meta property=\"og:title\" content=\"Vicente de Pa\u00fal, Carta 0648: A Juan Brunet Y Esteban Blatiron, Sacerdotes De La Misi\u00f3n, En Alet - Somos Vicencianos\" \/>\n<meta property=\"og:description\" content=\"Par\u00eds, 8 de octubre de 1642. Padres: \u00a1La gracia de nuestro Se\u00f1or sea siempre con nosotros! Ya les escrib\u00ed que la providencia de Dios les llama a Roma para una nueva fundaci\u00f3n que all\u00ed se ... Read More\" \/>\n<meta property=\"og:url\" content=\"https:\/\/vincentians.com\/es\/vicente-de-paul-carta-0648-a-juan-brunet-y-esteban-blatiron-sacerdotes-de-la-mision-en-alet\/\" \/>\n<meta property=\"og:site_name\" content=\"Somos Vicencianos\" \/>\n<meta property=\"article:publisher\" content=\"https:\/\/www.facebook.com\/WeAreVincentians\/\" \/>\n<meta property=\"article:author\" content=\"https:\/\/www.facebook.com\/JavierChento\" \/>\n<meta property=\"article:published_time\" content=\"2011-07-08T23:00:24+00:00\" \/>\n<meta property=\"article:modified_time\" content=\"2016-07-26T09:18:50+00:00\" \/>\n<meta property=\"og:image\" content=\"https:\/\/i0.wp.com\/vincentians.com\/es\/wp-content\/uploads\/sites\/11\/2016\/07\/escritos-vicente-de-paul.jpg?fit=1200%2C630&ssl=1\" \/>\n\t<meta property=\"og:image:width\" content=\"1200\" \/>\n\t<meta property=\"og:image:height\" content=\"630\" \/>\n\t<meta property=\"og:image:type\" content=\"image\/jpeg\" \/>\n<meta name=\"author\" content=\"Francisco Javier Fern\u00e1ndez Chento\" \/>\n<meta name=\"twitter:card\" content=\"summary_large_image\" \/>\n<meta name=\"twitter:creator\" content=\"@https:\/\/twitter.com\/javierchento\" \/>\n<meta name=\"twitter:site\" content=\"@WeVincentians\" \/>\n<meta name=\"twitter:label1\" content=\"Escrito por\" \/>\n\t<meta name=\"twitter:data1\" content=\"Francisco Javier Fern\u00e1ndez Chento\" \/>\n\t<meta name=\"twitter:label2\" content=\"Tiempo de lectura\" \/>\n\t<meta name=\"twitter:data2\" content=\"2 minutos\" \/>\n<script type=\"application\/ld+json\" class=\"yoast-schema-graph\">{\"@context\":\"https:\/\/schema.org\",\"@graph\":[{\"@type\":\"Article\",\"@id\":\"https:\/\/vincentians.com\/es\/vicente-de-paul-carta-0648-a-juan-brunet-y-esteban-blatiron-sacerdotes-de-la-mision-en-alet\/#article\",\"isPartOf\":{\"@id\":\"https:\/\/vincentians.com\/es\/vicente-de-paul-carta-0648-a-juan-brunet-y-esteban-blatiron-sacerdotes-de-la-mision-en-alet\/\"},\"author\":{\"name\":\"Francisco Javier Fern\u00e1ndez Chento\",\"@id\":\"https:\/\/vincentians.com\/es\/#\/schema\/person\/9623ef4d9aa3b2dfb8c061f1499288f2\"},\"headline\":\"Vicente de Pa\u00fal, Carta 0648: A Juan Brunet Y Esteban Blatiron, Sacerdotes De La Misi\u00f3n, En Alet\",\"datePublished\":\"2011-07-08T23:00:24+00:00\",\"dateModified\":\"2016-07-26T09:18:50+00:00\",\"mainEntityOfPage\":{\"@id\":\"https:\/\/vincentians.com\/es\/vicente-de-paul-carta-0648-a-juan-brunet-y-esteban-blatiron-sacerdotes-de-la-mision-en-alet\/\"},\"wordCount\":383,\"commentCount\":0,\"publisher\":{\"@id\":\"https:\/\/vincentians.com\/es\/#organization\"},\"image\":{\"@id\":\"https:\/\/vincentians.com\/es\/vicente-de-paul-carta-0648-a-juan-brunet-y-esteban-blatiron-sacerdotes-de-la-mision-en-alet\/#primaryimage\"},\"thumbnailUrl\":\"https:\/\/i0.wp.com\/vincentians.com\/es\/wp-content\/uploads\/sites\/11\/2016\/07\/escritos-vicente-de-paul.jpg?fit=1200%2C630&ssl=1\",\"keywords\":[\"Blatiron\"],\"articleSection\":[\"Escritos de Vicente de Pa\u00fal\"],\"inLanguage\":\"es\",\"potentialAction\":[{\"@type\":\"CommentAction\",\"name\":\"Comment\",\"target\":[\"https:\/\/vincentians.com\/es\/vicente-de-paul-carta-0648-a-juan-brunet-y-esteban-blatiron-sacerdotes-de-la-mision-en-alet\/#respond\"]}]},{\"@type\":\"WebPage\",\"@id\":\"https:\/\/vincentians.com\/es\/vicente-de-paul-carta-0648-a-juan-brunet-y-esteban-blatiron-sacerdotes-de-la-mision-en-alet\/\",\"url\":\"https:\/\/vincentians.com\/es\/vicente-de-paul-carta-0648-a-juan-brunet-y-esteban-blatiron-sacerdotes-de-la-mision-en-alet\/\",\"name\":\"Vicente de Pa\u00fal, Carta 0648: A Juan Brunet Y Esteban Blatiron, Sacerdotes De La Misi\u00f3n, En Alet - Somos Vicencianos\",\"isPartOf\":{\"@id\":\"https:\/\/vincentians.com\/es\/#website\"},\"primaryImageOfPage\":{\"@id\":\"https:\/\/vincentians.com\/es\/vicente-de-paul-carta-0648-a-juan-brunet-y-esteban-blatiron-sacerdotes-de-la-mision-en-alet\/#primaryimage\"},\"image\":{\"@id\":\"https:\/\/vincentians.com\/es\/vicente-de-paul-carta-0648-a-juan-brunet-y-esteban-blatiron-sacerdotes-de-la-mision-en-alet\/#primaryimage\"},\"thumbnailUrl\":\"https:\/\/i0.wp.com\/vincentians.com\/es\/wp-content\/uploads\/sites\/11\/2016\/07\/escritos-vicente-de-paul.jpg?fit=1200%2C630&ssl=1\",\"datePublished\":\"2011-07-08T23:00:24+00:00\",\"dateModified\":\"2016-07-26T09:18:50+00:00\",\"breadcrumb\":{\"@id\":\"https:\/\/vincentians.com\/es\/vicente-de-paul-carta-0648-a-juan-brunet-y-esteban-blatiron-sacerdotes-de-la-mision-en-alet\/#breadcrumb\"},\"inLanguage\":\"es\",\"potentialAction\":[{\"@type\":\"ReadAction\",\"target\":[\"https:\/\/vincentians.com\/es\/vicente-de-paul-carta-0648-a-juan-brunet-y-esteban-blatiron-sacerdotes-de-la-mision-en-alet\/\"]}]},{\"@type\":\"ImageObject\",\"inLanguage\":\"es\",\"@id\":\"https:\/\/vincentians.com\/es\/vicente-de-paul-carta-0648-a-juan-brunet-y-esteban-blatiron-sacerdotes-de-la-mision-en-alet\/#primaryimage\",\"url\":\"https:\/\/i0.wp.com\/vincentians.com\/es\/wp-content\/uploads\/sites\/11\/2016\/07\/escritos-vicente-de-paul.jpg?fit=1200%2C630&ssl=1\",\"contentUrl\":\"https:\/\/i0.wp.com\/vincentians.com\/es\/wp-content\/uploads\/sites\/11\/2016\/07\/escritos-vicente-de-paul.jpg?fit=1200%2C630&ssl=1\",\"width\":1200,\"height\":630},{\"@type\":\"BreadcrumbList\",\"@id\":\"https:\/\/vincentians.com\/es\/vicente-de-paul-carta-0648-a-juan-brunet-y-esteban-blatiron-sacerdotes-de-la-mision-en-alet\/#breadcrumb\",\"itemListElement\":[{\"@type\":\"ListItem\",\"position\":1,\"name\":\"Portada\",\"item\":\"https:\/\/vincentians.com\/es\/\"},{\"@type\":\"ListItem\",\"position\":2,\"name\":\"Vicente de Pa\u00fal, Carta 0648: A Juan Brunet Y Esteban Blatiron, Sacerdotes De La Misi\u00f3n, En Alet\"}]},{\"@type\":\"WebSite\",\"@id\":\"https:\/\/vincentians.com\/es\/#website\",\"url\":\"https:\/\/vincentians.com\/es\/\",\"name\":\"Somos Vicencianos\",\"description\":\"Know more to serve more\",\"publisher\":{\"@id\":\"https:\/\/vincentians.com\/es\/#organization\"},\"potentialAction\":[{\"@type\":\"SearchAction\",\"target\":{\"@type\":\"EntryPoint\",\"urlTemplate\":\"https:\/\/vincentians.com\/es\/?s={search_term_string}\"},\"query-input\":{\"@type\":\"PropertyValueSpecification\",\"valueRequired\":true,\"valueName\":\"search_term_string\"}}],\"inLanguage\":\"es\"},{\"@type\":\"Organization\",\"@id\":\"https:\/\/vincentians.com\/es\/#organization\",\"name\":\"The Vincentian Network\",\"url\":\"https:\/\/vincentians.com\/es\/\",\"logo\":{\"@type\":\"ImageObject\",\"inLanguage\":\"es\",\"@id\":\"https:\/\/vincentians.com\/es\/#\/schema\/logo\/image\/\",\"url\":\"https:\/\/i1.wp.com\/vincentians.com\/es\/wp-content\/uploads\/sites\/11\/2016\/06\/Vincentian-Network-logo-big.png?fit=778%2C778\",\"contentUrl\":\"https:\/\/i1.wp.com\/vincentians.com\/es\/wp-content\/uploads\/sites\/11\/2016\/06\/Vincentian-Network-logo-big.png?fit=778%2C778\",\"width\":778,\"height\":778,\"caption\":\"The Vincentian Network\"},\"image\":{\"@id\":\"https:\/\/vincentians.com\/es\/#\/schema\/logo\/image\/\"},\"sameAs\":[\"https:\/\/www.facebook.com\/WeAreVincentians\/\",\"https:\/\/x.com\/WeVincentians\"]},{\"@type\":\"Person\",\"@id\":\"https:\/\/vincentians.com\/es\/#\/schema\/person\/9623ef4d9aa3b2dfb8c061f1499288f2\",\"name\":\"Francisco Javier Fern\u00e1ndez Chento\",\"image\":{\"@type\":\"ImageObject\",\"inLanguage\":\"es\",\"@id\":\"https:\/\/vincentians.com\/es\/#\/schema\/person\/image\/\",\"url\":\"https:\/\/secure.gravatar.com\/avatar\/497d5cde87b4c3d097d0315953521681ba2cd523ee66e5077c3711f7021e65de?s=96&d=mm&r=g\",\"contentUrl\":\"https:\/\/secure.gravatar.com\/avatar\/497d5cde87b4c3d097d0315953521681ba2cd523ee66e5077c3711f7021e65de?s=96&d=mm&r=g\",\"caption\":\"Francisco Javier Fern\u00e1ndez Chento\"},\"description\":\"Director General y cofundador de La Red de Formaci\u00f3n Vicenciana. Javier es laico vicenciano, afiliado a la Congregaci\u00f3n de la Misi\u00f3n y miembro del Equipo de Misiones Populares de la provincia can\u00f3nica de Zaragoza (Espa\u00f1a) de la Congregaci\u00f3n de la Misi\u00f3n. Graduado en la Universidad Oberta de Catalunya con cuatro grados (Asistente de direcci\u00f3n, Gesti\u00f3n Administrativa, Recursos Humanos y Contabilidad Avanzada). Bil\u00edng\u00fce Espa\u00f1ol\/Ingl\u00e9s. gestiona y mantiene varias p\u00e1ginas web cristianas y vicencianas, incluida including La Red de Formaci\u00f3n Vicenciana, de la que es cofundador. Actualmente es responsable del \u00e1rea de Espa\u00f1ol de .famvin, la Red de Noticias de la Familia Vicenciana. Tambi\u00e9n es m\u00fasico cat\u00f3lico y ha editado varios discos. Es Director General y cofundador de Trovador, una reconocida compa\u00f1\u00eda discogr\u00e1fica critiana de Espa\u00f1a. Trabaja en las Tecnolog\u00edas de la Informaci\u00f3n, ofreciendo servicios de alojamiento, dise\u00f1o y mantenimiento Web, as\u00ed como asesoramiento, formaci\u00f3n y soluciones inform\u00e1ticas, gesti\u00f3n documental y digitalizaci\u00f3n de textos, edici\u00f3n y maquetaci\u00f3n de libros, revistas, flyers, etc.\",\"sameAs\":[\"http:\/\/chento.org\",\"https:\/\/www.facebook.com\/JavierChento\",\"https:\/\/x.com\/https:\/\/twitter.com\/javierchento\"],\"url\":\"https:\/\/vincentians.com\/es\/author\/chento\/\"}]}<\/script>\n<!-- \/ Yoast SEO plugin. -->","yoast_head_json":{"title":"Vicente de Pa\u00fal, Carta 0648: A Juan Brunet Y Esteban Blatiron, Sacerdotes De La Misi\u00f3n, En Alet - Somos Vicencianos","robots":{"index":"index","follow":"follow","max-snippet":"max-snippet:-1","max-image-preview":"max-image-preview:large","max-video-preview":"max-video-preview:-1"},"canonical":"https:\/\/vincentians.com\/es\/vicente-de-paul-carta-0648-a-juan-brunet-y-esteban-blatiron-sacerdotes-de-la-mision-en-alet\/","og_locale":"es_ES","og_type":"article","og_title":"Vicente de Pa\u00fal, Carta 0648: A Juan Brunet Y Esteban Blatiron, Sacerdotes De La Misi\u00f3n, En Alet - Somos Vicencianos","og_description":"Par\u00eds, 8 de octubre de 1642. Padres: \u00a1La gracia de nuestro Se\u00f1or sea siempre con nosotros! Ya les escrib\u00ed que la providencia de Dios les llama a Roma para una nueva fundaci\u00f3n que all\u00ed se ... Read More","og_url":"https:\/\/vincentians.com\/es\/vicente-de-paul-carta-0648-a-juan-brunet-y-esteban-blatiron-sacerdotes-de-la-mision-en-alet\/","og_site_name":"Somos Vicencianos","article_publisher":"https:\/\/www.facebook.com\/WeAreVincentians\/","article_author":"https:\/\/www.facebook.com\/JavierChento","article_published_time":"2011-07-08T23:00:24+00:00","article_modified_time":"2016-07-26T09:18:50+00:00","og_image":[{"width":1200,"height":630,"url":"https:\/\/i0.wp.com\/vincentians.com\/es\/wp-content\/uploads\/sites\/11\/2016\/07\/escritos-vicente-de-paul.jpg?fit=1200%2C630&ssl=1","type":"image\/jpeg"}],"author":"Francisco Javier Fern\u00e1ndez Chento","twitter_card":"summary_large_image","twitter_creator":"@https:\/\/twitter.com\/javierchento","twitter_site":"@WeVincentians","twitter_misc":{"Escrito por":"Francisco Javier Fern\u00e1ndez Chento","Tiempo de lectura":"2 minutos"},"schema":{"@context":"https:\/\/schema.org","@graph":[{"@type":"Article","@id":"https:\/\/vincentians.com\/es\/vicente-de-paul-carta-0648-a-juan-brunet-y-esteban-blatiron-sacerdotes-de-la-mision-en-alet\/#article","isPartOf":{"@id":"https:\/\/vincentians.com\/es\/vicente-de-paul-carta-0648-a-juan-brunet-y-esteban-blatiron-sacerdotes-de-la-mision-en-alet\/"},"author":{"name":"Francisco Javier Fern\u00e1ndez Chento","@id":"https:\/\/vincentians.com\/es\/#\/schema\/person\/9623ef4d9aa3b2dfb8c061f1499288f2"},"headline":"Vicente de Pa\u00fal, Carta 0648: A Juan Brunet Y Esteban Blatiron, Sacerdotes De La Misi\u00f3n, En Alet","datePublished":"2011-07-08T23:00:24+00:00","dateModified":"2016-07-26T09:18:50+00:00","mainEntityOfPage":{"@id":"https:\/\/vincentians.com\/es\/vicente-de-paul-carta-0648-a-juan-brunet-y-esteban-blatiron-sacerdotes-de-la-mision-en-alet\/"},"wordCount":383,"commentCount":0,"publisher":{"@id":"https:\/\/vincentians.com\/es\/#organization"},"image":{"@id":"https:\/\/vincentians.com\/es\/vicente-de-paul-carta-0648-a-juan-brunet-y-esteban-blatiron-sacerdotes-de-la-mision-en-alet\/#primaryimage"},"thumbnailUrl":"https:\/\/i0.wp.com\/vincentians.com\/es\/wp-content\/uploads\/sites\/11\/2016\/07\/escritos-vicente-de-paul.jpg?fit=1200%2C630&ssl=1","keywords":["Blatiron"],"articleSection":["Escritos de Vicente de Pa\u00fal"],"inLanguage":"es","potentialAction":[{"@type":"CommentAction","name":"Comment","target":["https:\/\/vincentians.com\/es\/vicente-de-paul-carta-0648-a-juan-brunet-y-esteban-blatiron-sacerdotes-de-la-mision-en-alet\/#respond"]}]},{"@type":"WebPage","@id":"https:\/\/vincentians.com\/es\/vicente-de-paul-carta-0648-a-juan-brunet-y-esteban-blatiron-sacerdotes-de-la-mision-en-alet\/","url":"https:\/\/vincentians.com\/es\/vicente-de-paul-carta-0648-a-juan-brunet-y-esteban-blatiron-sacerdotes-de-la-mision-en-alet\/","name":"Vicente de Pa\u00fal, Carta 0648: A Juan Brunet Y Esteban Blatiron, Sacerdotes De La Misi\u00f3n, En Alet - Somos Vicencianos","isPartOf":{"@id":"https:\/\/vincentians.com\/es\/#website"},"primaryImageOfPage":{"@id":"https:\/\/vincentians.com\/es\/vicente-de-paul-carta-0648-a-juan-brunet-y-esteban-blatiron-sacerdotes-de-la-mision-en-alet\/#primaryimage"},"image":{"@id":"https:\/\/vincentians.com\/es\/vicente-de-paul-carta-0648-a-juan-brunet-y-esteban-blatiron-sacerdotes-de-la-mision-en-alet\/#primaryimage"},"thumbnailUrl":"https:\/\/i0.wp.com\/vincentians.com\/es\/wp-content\/uploads\/sites\/11\/2016\/07\/escritos-vicente-de-paul.jpg?fit=1200%2C630&ssl=1","datePublished":"2011-07-08T23:00:24+00:00","dateModified":"2016-07-26T09:18:50+00:00","breadcrumb":{"@id":"https:\/\/vincentians.com\/es\/vicente-de-paul-carta-0648-a-juan-brunet-y-esteban-blatiron-sacerdotes-de-la-mision-en-alet\/#breadcrumb"},"inLanguage":"es","potentialAction":[{"@type":"ReadAction","target":["https:\/\/vincentians.com\/es\/vicente-de-paul-carta-0648-a-juan-brunet-y-esteban-blatiron-sacerdotes-de-la-mision-en-alet\/"]}]},{"@type":"ImageObject","inLanguage":"es","@id":"https:\/\/vincentians.com\/es\/vicente-de-paul-carta-0648-a-juan-brunet-y-esteban-blatiron-sacerdotes-de-la-mision-en-alet\/#primaryimage","url":"https:\/\/i0.wp.com\/vincentians.com\/es\/wp-content\/uploads\/sites\/11\/2016\/07\/escritos-vicente-de-paul.jpg?fit=1200%2C630&ssl=1","contentUrl":"https:\/\/i0.wp.com\/vincentians.com\/es\/wp-content\/uploads\/sites\/11\/2016\/07\/escritos-vicente-de-paul.jpg?fit=1200%2C630&ssl=1","width":1200,"height":630},{"@type":"BreadcrumbList","@id":"https:\/\/vincentians.com\/es\/vicente-de-paul-carta-0648-a-juan-brunet-y-esteban-blatiron-sacerdotes-de-la-mision-en-alet\/#breadcrumb","itemListElement":[{"@type":"ListItem","position":1,"name":"Portada","item":"https:\/\/vincentians.com\/es\/"},{"@type":"ListItem","position":2,"name":"Vicente de Pa\u00fal, Carta 0648: A Juan Brunet Y Esteban Blatiron, Sacerdotes De La Misi\u00f3n, En Alet"}]},{"@type":"WebSite","@id":"https:\/\/vincentians.com\/es\/#website","url":"https:\/\/vincentians.com\/es\/","name":"Somos Vicencianos","description":"Know more to serve more","publisher":{"@id":"https:\/\/vincentians.com\/es\/#organization"},"potentialAction":[{"@type":"SearchAction","target":{"@type":"EntryPoint","urlTemplate":"https:\/\/vincentians.com\/es\/?s={search_term_string}"},"query-input":{"@type":"PropertyValueSpecification","valueRequired":true,"valueName":"search_term_string"}}],"inLanguage":"es"},{"@type":"Organization","@id":"https:\/\/vincentians.com\/es\/#organization","name":"The Vincentian Network","url":"https:\/\/vincentians.com\/es\/","logo":{"@type":"ImageObject","inLanguage":"es","@id":"https:\/\/vincentians.com\/es\/#\/schema\/logo\/image\/","url":"https:\/\/i1.wp.com\/vincentians.com\/es\/wp-content\/uploads\/sites\/11\/2016\/06\/Vincentian-Network-logo-big.png?fit=778%2C778","contentUrl":"https:\/\/i1.wp.com\/vincentians.com\/es\/wp-content\/uploads\/sites\/11\/2016\/06\/Vincentian-Network-logo-big.png?fit=778%2C778","width":778,"height":778,"caption":"The Vincentian Network"},"image":{"@id":"https:\/\/vincentians.com\/es\/#\/schema\/logo\/image\/"},"sameAs":["https:\/\/www.facebook.com\/WeAreVincentians\/","https:\/\/x.com\/WeVincentians"]},{"@type":"Person","@id":"https:\/\/vincentians.com\/es\/#\/schema\/person\/9623ef4d9aa3b2dfb8c061f1499288f2","name":"Francisco Javier Fern\u00e1ndez Chento","image":{"@type":"ImageObject","inLanguage":"es","@id":"https:\/\/vincentians.com\/es\/#\/schema\/person\/image\/","url":"https:\/\/secure.gravatar.com\/avatar\/497d5cde87b4c3d097d0315953521681ba2cd523ee66e5077c3711f7021e65de?s=96&d=mm&r=g","contentUrl":"https:\/\/secure.gravatar.com\/avatar\/497d5cde87b4c3d097d0315953521681ba2cd523ee66e5077c3711f7021e65de?s=96&d=mm&r=g","caption":"Francisco Javier Fern\u00e1ndez Chento"},"description":"Director General y cofundador de La Red de Formaci\u00f3n Vicenciana. Javier es laico vicenciano, afiliado a la Congregaci\u00f3n de la Misi\u00f3n y miembro del Equipo de Misiones Populares de la provincia can\u00f3nica de Zaragoza (Espa\u00f1a) de la Congregaci\u00f3n de la Misi\u00f3n. Graduado en la Universidad Oberta de Catalunya con cuatro grados (Asistente de direcci\u00f3n, Gesti\u00f3n Administrativa, Recursos Humanos y Contabilidad Avanzada). Bil\u00edng\u00fce Espa\u00f1ol\/Ingl\u00e9s. gestiona y mantiene varias p\u00e1ginas web cristianas y vicencianas, incluida including La Red de Formaci\u00f3n Vicenciana, de la que es cofundador. Actualmente es responsable del \u00e1rea de Espa\u00f1ol de .famvin, la Red de Noticias de la Familia Vicenciana. Tambi\u00e9n es m\u00fasico cat\u00f3lico y ha editado varios discos. Es Director General y cofundador de Trovador, una reconocida compa\u00f1\u00eda discogr\u00e1fica critiana de Espa\u00f1a. Trabaja en las Tecnolog\u00edas de la Informaci\u00f3n, ofreciendo servicios de alojamiento, dise\u00f1o y mantenimiento Web, as\u00ed como asesoramiento, formaci\u00f3n y soluciones inform\u00e1ticas, gesti\u00f3n documental y digitalizaci\u00f3n de textos, edici\u00f3n y maquetaci\u00f3n de libros, revistas, flyers, etc.","sameAs":["http:\/\/chento.org","https:\/\/www.facebook.com\/JavierChento","https:\/\/x.com\/https:\/\/twitter.com\/javierchento"],"url":"https:\/\/vincentians.com\/es\/author\/chento\/"}]}},"jetpack_publicize_connections":[],"jetpack_featured_media_url":"https:\/\/i0.wp.com\/vincentians.com\/es\/wp-content\/uploads\/sites\/11\/2016\/07\/escritos-vicente-de-paul.jpg?fit=1200%2C630&ssl=1","jetpack_sharing_enabled":true,"jetpack_shortlink":"https:\/\/wp.me\/p7ETMF-btf","jetpack-related-posts":[{"id":117490,"url":"https:\/\/vincentians.com\/es\/vicente-de-paul-carta-1060-a-antonio-portail-sacerdote-de-la-mision-en-marsella\/","url_meta":{"origin":44097,"position":0},"title":"Vicente de Pa\u00fal, Carta 1060: A Antonio Portail, Sacerdote De La Misi\u00f3n, En Marsella","author":"Francisco Javier Fern\u00e1ndez Chento","date":"23\/01\/2013","format":false,"excerpt":"Par\u00eds. 7 febrero 1648. Padre: La gracia de Nuestro Se\u00f1or sea siempre con nosotros. \u00a1Dios m\u00edo! \u00a1Cu\u00e1nto me consuela la conferencia que ha tenido usted sobre los defectos de las misiones en las galeras! El fruto que se ha sacado es una se\u00f1al de que Dios ha visto con agrado\u2026","rel":"","context":"En \u00abEscritos de Vicente de Pa\u00fal\u00bb","block_context":{"text":"Escritos de Vicente de Pa\u00fal","link":"https:\/\/vincentians.com\/es\/category\/escritos\/escritos-de-vicente-de-paul\/"},"img":{"alt_text":"","src":"https:\/\/i0.wp.com\/vincentians.com\/es\/wp-content\/uploads\/sites\/11\/2016\/07\/escritos-vicente-de-paul.jpg?fit=1200%2C630&ssl=1&resize=350%2C200","width":350,"height":200,"srcset":"https:\/\/i0.wp.com\/vincentians.com\/es\/wp-content\/uploads\/sites\/11\/2016\/07\/escritos-vicente-de-paul.jpg?fit=1200%2C630&ssl=1&resize=350%2C200 1x, https:\/\/i0.wp.com\/vincentians.com\/es\/wp-content\/uploads\/sites\/11\/2016\/07\/escritos-vicente-de-paul.jpg?fit=1200%2C630&ssl=1&resize=525%2C300 1.5x, https:\/\/i0.wp.com\/vincentians.com\/es\/wp-content\/uploads\/sites\/11\/2016\/07\/escritos-vicente-de-paul.jpg?fit=1200%2C630&ssl=1&resize=700%2C400 2x, https:\/\/i0.wp.com\/vincentians.com\/es\/wp-content\/uploads\/sites\/11\/2016\/07\/escritos-vicente-de-paul.jpg?fit=1200%2C630&ssl=1&resize=1050%2C600 3x"},"classes":[]},{"id":126123,"url":"https:\/\/vincentians.com\/es\/vicente-de-paul-carta-1179-a-esteban-blatiron-superior-en-genova\/","url_meta":{"origin":44097,"position":1},"title":"Vicente de Pa\u00fal, Carta 1179: A Esteban Blatiron, Superior En G\u00e9nova","author":"Francisco Javier Fern\u00e1ndez Chento","date":"19\/12\/2013","format":false,"excerpt":"[Por el 6 de agosto de 1649] Nos encontramos en medio de una gran pena por una p\u00e9rdida importante que acaba de sufrir la Compa\u00f1\u00eda en la persona del buen padre Brunet, del que me ha escrito usted tantas cosas buenas y de quien realmente nunca acabar\u00edamos de hablar bien.\u2026","rel":"","context":"En \u00abEscritos de Vicente de Pa\u00fal\u00bb","block_context":{"text":"Escritos de Vicente de Pa\u00fal","link":"https:\/\/vincentians.com\/es\/category\/escritos\/escritos-de-vicente-de-paul\/"},"img":{"alt_text":"","src":"https:\/\/i0.wp.com\/vincentians.com\/es\/wp-content\/uploads\/sites\/11\/2016\/07\/escritos-vicente-de-paul.jpg?fit=1200%2C630&ssl=1&resize=350%2C200","width":350,"height":200,"srcset":"https:\/\/i0.wp.com\/vincentians.com\/es\/wp-content\/uploads\/sites\/11\/2016\/07\/escritos-vicente-de-paul.jpg?fit=1200%2C630&ssl=1&resize=350%2C200 1x, https:\/\/i0.wp.com\/vincentians.com\/es\/wp-content\/uploads\/sites\/11\/2016\/07\/escritos-vicente-de-paul.jpg?fit=1200%2C630&ssl=1&resize=525%2C300 1.5x, https:\/\/i0.wp.com\/vincentians.com\/es\/wp-content\/uploads\/sites\/11\/2016\/07\/escritos-vicente-de-paul.jpg?fit=1200%2C630&ssl=1&resize=700%2C400 2x, https:\/\/i0.wp.com\/vincentians.com\/es\/wp-content\/uploads\/sites\/11\/2016\/07\/escritos-vicente-de-paul.jpg?fit=1200%2C630&ssl=1&resize=1050%2C600 3x"},"classes":[]},{"id":102600,"url":"https:\/\/vincentians.com\/es\/vicente-de-paul-carta-0959-a-juan-martin\/","url_meta":{"origin":44097,"position":2},"title":"Vicente de Pa\u00fal, Carta 0959: A Juan Martin","author":"Francisco Javier Fern\u00e1ndez Chento","date":"06\/09\/2012","format":false,"excerpt":"Par\u00eds, 18 febrero 1647. Padre: La gracia de Nuestro Se\u00f1or sea siempre con nosotros. \u00a1C\u00f3mo me consuelan siempre sus cartas! La verdad es que no sabr\u00eda expresarlo debidamente. \u00a1Cu\u00e1nta raz\u00f3n tiene usted en la descripci\u00f3n que me hace del estado de su alma! \u00a1Pero bendito sea Dios por el buen\u2026","rel":"","context":"En \u00abEscritos de Vicente de Pa\u00fal\u00bb","block_context":{"text":"Escritos de Vicente de Pa\u00fal","link":"https:\/\/vincentians.com\/es\/category\/escritos\/escritos-de-vicente-de-paul\/"},"img":{"alt_text":"","src":"https:\/\/i0.wp.com\/vincentians.com\/es\/wp-content\/uploads\/sites\/11\/2016\/07\/escritos-vicente-de-paul.jpg?fit=1200%2C630&ssl=1&resize=350%2C200","width":350,"height":200,"srcset":"https:\/\/i0.wp.com\/vincentians.com\/es\/wp-content\/uploads\/sites\/11\/2016\/07\/escritos-vicente-de-paul.jpg?fit=1200%2C630&ssl=1&resize=350%2C200 1x, https:\/\/i0.wp.com\/vincentians.com\/es\/wp-content\/uploads\/sites\/11\/2016\/07\/escritos-vicente-de-paul.jpg?fit=1200%2C630&ssl=1&resize=525%2C300 1.5x, https:\/\/i0.wp.com\/vincentians.com\/es\/wp-content\/uploads\/sites\/11\/2016\/07\/escritos-vicente-de-paul.jpg?fit=1200%2C630&ssl=1&resize=700%2C400 2x, https:\/\/i0.wp.com\/vincentians.com\/es\/wp-content\/uploads\/sites\/11\/2016\/07\/escritos-vicente-de-paul.jpg?fit=1200%2C630&ssl=1&resize=1050%2C600 3x"},"classes":[]},{"id":126854,"url":"https:\/\/vincentians.com\/es\/vicente-de-paul-carta-1200-esteban-blatiron-superior-de-genova-a-san-vicente\/","url_meta":{"origin":44097,"position":3},"title":"Vicente de Pa\u00fal, Carta 1200: Esteban Blatiron, Superior De Genova, A San Vicente","author":"Francisco Javier Fern\u00e1ndez Chento","date":"10\/01\/2014","format":false,"excerpt":"19 octubre 1649. Padre: Hace alg\u00fan tiempo que le escrib\u00ed unas cuantas cosas sobre la virtud que hab\u00eda observado en el padre Brunet durante su vida, y quisiera ahora recordar algo m\u00e1s junto con una gran multitud [de actos virtuosos] que le vi practicar y que hubiera anotado y procurado\u2026","rel":"","context":"En \u00abEscritos de Vicente de Pa\u00fal\u00bb","block_context":{"text":"Escritos de Vicente de Pa\u00fal","link":"https:\/\/vincentians.com\/es\/category\/escritos\/escritos-de-vicente-de-paul\/"},"img":{"alt_text":"","src":"https:\/\/i0.wp.com\/vincentians.com\/es\/wp-content\/uploads\/sites\/11\/2016\/07\/escritos-vicente-de-paul.jpg?fit=1200%2C630&ssl=1&resize=350%2C200","width":350,"height":200,"srcset":"https:\/\/i0.wp.com\/vincentians.com\/es\/wp-content\/uploads\/sites\/11\/2016\/07\/escritos-vicente-de-paul.jpg?fit=1200%2C630&ssl=1&resize=350%2C200 1x, https:\/\/i0.wp.com\/vincentians.com\/es\/wp-content\/uploads\/sites\/11\/2016\/07\/escritos-vicente-de-paul.jpg?fit=1200%2C630&ssl=1&resize=525%2C300 1.5x, https:\/\/i0.wp.com\/vincentians.com\/es\/wp-content\/uploads\/sites\/11\/2016\/07\/escritos-vicente-de-paul.jpg?fit=1200%2C630&ssl=1&resize=700%2C400 2x, https:\/\/i0.wp.com\/vincentians.com\/es\/wp-content\/uploads\/sites\/11\/2016\/07\/escritos-vicente-de-paul.jpg?fit=1200%2C630&ssl=1&resize=1050%2C600 3x"},"classes":[]},{"id":114810,"url":"https:\/\/vincentians.com\/es\/vicente-de-paul-carta-0993-a-juan-martin\/","url_meta":{"origin":44097,"position":4},"title":"Vicente de Pa\u00fal, Carta 0993: A Juan Martin","author":"Francisco Javier Fern\u00e1ndez Chento","date":"04\/11\/2012","format":false,"excerpt":"Par\u00eds, \u00faltimo de mayo de 1647. Padre: La gracia de Nuestro Se\u00f1or sea siempre con nosotros. Su carta ha producido en m\u00ed dos efectos contrarios: me alegr\u00f3, por venir de usted, a quien quiero con tanto afecto; pero me entristeci\u00f3, al ver que tiene usted enfermo al pobre padre Blatiron.\u2026","rel":"","context":"En \u00abEscritos de Vicente de Pa\u00fal\u00bb","block_context":{"text":"Escritos de Vicente de Pa\u00fal","link":"https:\/\/vincentians.com\/es\/category\/escritos\/escritos-de-vicente-de-paul\/"},"img":{"alt_text":"","src":"https:\/\/i0.wp.com\/vincentians.com\/es\/wp-content\/uploads\/sites\/11\/2016\/07\/escritos-vicente-de-paul.jpg?fit=1200%2C630&ssl=1&resize=350%2C200","width":350,"height":200,"srcset":"https:\/\/i0.wp.com\/vincentians.com\/es\/wp-content\/uploads\/sites\/11\/2016\/07\/escritos-vicente-de-paul.jpg?fit=1200%2C630&ssl=1&resize=350%2C200 1x, https:\/\/i0.wp.com\/vincentians.com\/es\/wp-content\/uploads\/sites\/11\/2016\/07\/escritos-vicente-de-paul.jpg?fit=1200%2C630&ssl=1&resize=525%2C300 1.5x, https:\/\/i0.wp.com\/vincentians.com\/es\/wp-content\/uploads\/sites\/11\/2016\/07\/escritos-vicente-de-paul.jpg?fit=1200%2C630&ssl=1&resize=700%2C400 2x, https:\/\/i0.wp.com\/vincentians.com\/es\/wp-content\/uploads\/sites\/11\/2016\/07\/escritos-vicente-de-paul.jpg?fit=1200%2C630&ssl=1&resize=1050%2C600 3x"},"classes":[]},{"id":119356,"url":"https:\/\/vincentians.com\/es\/vicente-de-paul-carta-1116-a-esteban-blatiron\/","url_meta":{"origin":44097,"position":5},"title":"Vicente de Pa\u00fal, Carta 1116: A Esteban Blatiron","author":"Francisco Javier Fern\u00e1ndez Chento","date":"12\/04\/2013","format":false,"excerpt":"Par\u00eds, 25 septiembre 1648. Padre: La gracia de Nuestro Se\u00f1or sea siempre con nosotros. Perd\u00f3neme si le escribo por medio de un secretario, ya que estoy muy ocupado. Alabo a Dios por los sentimientos del se\u00f1or cardenal, por el que siento un gran respeto y reverencia y me gustar\u00eda que\u2026","rel":"","context":"En \u00abEscritos de Vicente de Pa\u00fal\u00bb","block_context":{"text":"Escritos de Vicente de Pa\u00fal","link":"https:\/\/vincentians.com\/es\/category\/escritos\/escritos-de-vicente-de-paul\/"},"img":{"alt_text":"","src":"https:\/\/i0.wp.com\/vincentians.com\/es\/wp-content\/uploads\/sites\/11\/2016\/07\/escritos-vicente-de-paul.jpg?fit=1200%2C630&ssl=1&resize=350%2C200","width":350,"height":200,"srcset":"https:\/\/i0.wp.com\/vincentians.com\/es\/wp-content\/uploads\/sites\/11\/2016\/07\/escritos-vicente-de-paul.jpg?fit=1200%2C630&ssl=1&resize=350%2C200 1x, https:\/\/i0.wp.com\/vincentians.com\/es\/wp-content\/uploads\/sites\/11\/2016\/07\/escritos-vicente-de-paul.jpg?fit=1200%2C630&ssl=1&resize=525%2C300 1.5x, https:\/\/i0.wp.com\/vincentians.com\/es\/wp-content\/uploads\/sites\/11\/2016\/07\/escritos-vicente-de-paul.jpg?fit=1200%2C630&ssl=1&resize=700%2C400 2x, https:\/\/i0.wp.com\/vincentians.com\/es\/wp-content\/uploads\/sites\/11\/2016\/07\/escritos-vicente-de-paul.jpg?fit=1200%2C630&ssl=1&resize=1050%2C600 3x"},"classes":[]}],"_links":{"self":[{"href":"https:\/\/vincentians.com\/es\/wp-json\/wp\/v2\/posts\/44097","targetHints":{"allow":["GET"]}}],"collection":[{"href":"https:\/\/vincentians.com\/es\/wp-json\/wp\/v2\/posts"}],"about":[{"href":"https:\/\/vincentians.com\/es\/wp-json\/wp\/v2\/types\/post"}],"author":[{"embeddable":true,"href":"https:\/\/vincentians.com\/es\/wp-json\/wp\/v2\/users\/4"}],"replies":[{"embeddable":true,"href":"https:\/\/vincentians.com\/es\/wp-json\/wp\/v2\/comments?post=44097"}],"version-history":[{"count":0,"href":"https:\/\/vincentians.com\/es\/wp-json\/wp\/v2\/posts\/44097\/revisions"}],"wp:featuredmedia":[{"embeddable":true,"href":"https:\/\/vincentians.com\/es\/wp-json\/wp\/v2\/media\/393753"}],"wp:attachment":[{"href":"https:\/\/vincentians.com\/es\/wp-json\/wp\/v2\/media?parent=44097"}],"wp:term":[{"taxonomy":"category","embeddable":true,"href":"https:\/\/vincentians.com\/es\/wp-json\/wp\/v2\/categories?post=44097"},{"taxonomy":"post_tag","embeddable":true,"href":"https:\/\/vincentians.com\/es\/wp-json\/wp\/v2\/tags?post=44097"}],"curies":[{"name":"wp","href":"https:\/\/api.w.org\/{rel}","templated":true}]}}