{"id":43402,"date":"2011-06-25T07:20:07","date_gmt":"2011-06-25T05:20:07","guid":{"rendered":"http:\/\/somos.vicencianos.org\/blog\/2011\/06\/espiritualidad-vicenciana-politica\/"},"modified":"2011-06-25T07:20:07","modified_gmt":"2011-06-25T05:20:07","slug":"espiritualidad-vicenciana-politica","status":"publish","type":"post","link":"https:\/\/vincentians.com\/es\/espiritualidad-vicenciana-politica\/","title":{"rendered":"Espiritualidad vicenciana: Pol\u00edtica"},"content":{"rendered":"<p><em><a href=\"https:\/\/i0.wp.com\/vicencianos.org\/wp-content\/2011\/06\/pol%C3%ADtica.jpg\"><img data-recalc-dims=\"1\" loading=\"lazy\" decoding=\"async\" class=\"alignright size-medium wp-image-43403\" title=\"pol\u00edtica\" src=\"https:\/\/i0.wp.com\/vicencianos.org\/wp-content\/2011\/06\/pol%C3%ADtica-274x300.jpg?resize=274%2C300\" alt=\"\" width=\"274\" height=\"300\" \/><\/a>\u00abDios no ha constituido a los se\u00f1ores s\u00f3lo para percibir rentas y censos de sus s\u00fabditos, si\u00adno para administrarles justicia, mantener la religi\u00f3n y hacerles amar, servir y honrar a Dios\u00bb. <\/em>Eso de\u00adj\u00f3 escrito Vicente de Pa\u00fal de su pu\u00f1o y letra en el manuscrito de un serm\u00f3n suyo que ha llegado hasta nosotros (X, 34). Ten\u00eda a la saz\u00f3n unos 35 a\u00f1os; viv\u00eda por entonces en la mansi\u00f3n del ma\u00adtrimonio Gondi como preceptor de los hijos y capell\u00e1n de la casa; a\u00fan no hab\u00eda pasado por las experiencias de Folleville y Ch\u00e2tillon que cam\u00adbiar\u00edan tan radicalmente el ritmo de su vida. Vi\u00adcente de Pa\u00fal resume en ese texto lo que desde hac\u00eda m\u00e1s de seiscientos a\u00f1os hab\u00eda llegado a ser la visi\u00f3n te\u00f3rica de la organizaci\u00f3n feudal ins\u00adpirada por el cristianismo, visi\u00f3n que era tambi\u00e9n sin duda la suya propia.<\/p>\n<p>La organizaci\u00f3n feudal de la sociedad euro\u00adpea hab\u00eda comenzado en los siglos V-VI por las conquistas de los caudillos b\u00e1rbaros y el frac\u00adcionamiento posterior en peque\u00f1as unidades territoriales bajo la autoridad de alg\u00fan \u00abse\u00f1or\u00bb, au\u00adtoridad inicialmente impuesta por la fuerza y con\u00adsolidada posteriormente en no pocos casos por una especie de pacto o \u00abcontrato social\u00bb entre se\u00ad\u00f1ores y vasallos (M. Bloch). Los elementos b\u00e1si\u00adcos de la visi\u00f3n legitimadora de una tal organiza\u00adci\u00f3n social, visi\u00f3n que lleg\u00f3 a ser aceptada como \u00abnormal\u00bb en el mundo cristiano, se encuentran escuetamente mencionados en el escrito de san Vicente citado arriba: a) esa organizaci\u00f3n es que\u00adrida por Dios, quien ha puesto al frente de ella a los \u00abse\u00f1ores\u00bb; b) \u00e9stos tienen derecho a percibir de sus vasallos \u00abcensos y rentas\u00bb; c) tienen, a cambio, una obligaci\u00f3n de tipo social hacia sus s\u00fabditos, \u00abadministrarles justicia\u00bb, y otra de ti\u00adpo religioso hacia Dios, \u00abmantener la religi\u00f3n\u00bb.<\/p>\n<p>La visi\u00f3n misma era ideol\u00f3gicamente com\u00adpacta y sin fisuras, y sin duda contribuy\u00f3 pode\u00adrosamente a que el feudalismo haya resultado ser la organizaci\u00f3n social con m\u00e1s larga vida en la historia de Europa. En su comparaci\u00f3n, sis\u00adtemas sociales anteriores, como el esclavista del Imperio Romano, o posteriores, como el capita\u00adlismo burgu\u00e9s, presentan numerosos fallos ide\u00adol\u00f3gicos de bulto.<\/p>\n<p>Presentaba tambi\u00e9n fallos el feudalismo de\u00adcadente que le toc\u00f3 vivir a Vicente de Pa\u00fal; en aquel momento no tanto <em>ideol\u00f3gicos <\/em>(estos los pondr\u00edan de relieve en el siglo siguiente los ide\u00ad\u00f3logos franceses e ingleses de la Ilustraci\u00f3n) cuan\u00adto pr\u00e1cticos y de funcionamiento. El feudalismo en el siglo XVII, y aun mucho antes, era una or\u00adganizaci\u00f3n social ya claramente en descomposi\u00adci\u00f3n ante el doble embate de la monarqu\u00eda ab\u00adsoluta y el creciente poder econ\u00f3mico y pol\u00edtico de la burgues\u00eda. Ni Vicente de Pa\u00fal ni nadie en aquel tiempo pod\u00eda ser consciente de los fallos ideol\u00f3gicos del sistema. A nadie se le pod\u00eda ha\u00adber ocurrido pensar que la organizaci\u00f3n feudal no fuera querida por Dios ni que pudiera ser leg\u00edti\u00admamente sustituida por alg\u00fan otro sistema de organizaci\u00f3n social. Pero muchas mentes s\u00ed eran conscientes de los fallos pr\u00e1cticos. Desde arriba, la misma monarqu\u00eda, sus paniaguados y sus te\u00ad\u00f3ricos se embarcaron durante todo el siglo en un largo proceso de destrucci\u00f3n sistem\u00e1tica del po\u00adder local de los \u00abse\u00f1ores\u00bb, mientras que los bur\u00adgueses, desde abajo, iban consiguiendo a costa de los se\u00f1ores feudales un creciente poder eco\u00adn\u00f3mico y pol\u00edtico que los llev\u00f3 con la Revoluci\u00f3n Francesa a la cima de la pir\u00e1mide social que has\u00adta entonces hab\u00edan detentado la monarqu\u00eda y la nobleza feudal.<\/p>\n<p>Tambi\u00e9n Vicente de Pa\u00fal era consciente de los fallos pr\u00e1cticos del sistema. Una larga experien\u00adcia del contacto con las altas capas sociales diri\u00adgentes le hac\u00eda comentar amargamente en a\u00f1os posteriores que <em>\u00ablos grandes no respiran de or\u00addinario m\u00e1s que honores y riquezas\u00bb <\/em>(XI, 718), ob\u00adservaci\u00f3n que por otro lado estaba al alcance de cualquiera en aquellos tiempos. Dec\u00eda Robert Mi-ron ante los Estados Generales de 1614: \u00abVues\u00adtra vida, se\u00f1ores nobles, se gasta en juegos de aventura, en la abundancia y el despilfarro, en violencias p\u00fablicas y privadas. El antiguo brillo de vuestro estado est\u00e1 apagado\u00bb. A trav\u00e9s de una larga evoluci\u00f3n comenzada en los tiempos de la dinast\u00eda carolingia se hab\u00eda ido minando la auto\u00adridad local de los nobles ante la presi\u00f3n de la autoridad mon\u00e1rquica central. Este proceso se aceler\u00f3 y consolid\u00f3 precisamente en vida de Vi\u00adcente de Pa\u00fal, durante el reinado de Luis XIII, por obra de sus dos ministros-cardenales, Richelieu y Mazarino. \u00c9stos prepararon con su acci\u00f3n el te\u00adrreno para el monarca m\u00e1s absoluto de la histo\u00adria de Francia, Luis XIV. Muerto Mazarino en 1661, unos meses despu\u00e9s que el mismo Vicente, Luis XIV decidi\u00f3 ser \u00e9l mismo su propio primer mi\u00adnistro y no aceptar en su consejo real a ning\u00fan personaje eclesi\u00e1stico.<\/p>\n<p>Pero los aires del absolutismo eran patentes ya a\u00f1os antes, incluso en el siglo anterior en los escritos de Jean Bodin (1530-1596). Dec\u00eda Flori\u00admond Rapine en la asamblea general de los Es\u00adtados en 1614: \u00abEl rey recibe su corona de Dios solo; no depende inmediatamente m\u00e1s que de Dios\u00bb. El mismo Vicente pod\u00eda notar con cierto aire cr\u00edtico en 1655: <em>\u00abJam\u00e1s ha sido el rey tan ab\u00adsoluto como ahora\u00bb <\/em>(V, 421). Luis XIV ten\u00eda a la sa\u00adz\u00f3n s\u00f3lo 17 a\u00f1os y estaba sometido a\u00fan al tute\u00adlaje de Mazarino. A\u00f1os despu\u00e9s escribir\u00eda Bossuet <em>ad usum delphini: \u00abLos <\/em>pr\u00edncipes son dioses, se\u00adg\u00fan el testimonio de la Escritura, y participan en alguna manera de la independencia divina\u2026 El trono real no es el trono de un hombre sino el de Dios mismo\u00bb.<\/p>\n<p>El terreno para que se pudiera pensar as\u00ed es\u00adtaba bien preparado ideol\u00f3gicamente desde los tiempos mismos de Constantino por la visi\u00f3n que se ten\u00eda del emperador, aceptada universalmen\u00adte en la Europa cristiana, como figura cuasi-sacral e incluso cuasi-sacerdotal: el gobernante es mi\u00adnistro de Dios para el gobierno temporal de la sociedad cristiana. Vicente de Pa\u00fal es tambi\u00e9n testigo de esta visi\u00f3n: <em>\u00abEl rey es una persona sa\u00adgrada\u00bb <\/em>(IX, 1005). En una ocasi\u00f3n, hablando a sus misioneros, mencion\u00f3 apreciativamente el ejem\u00adplo de san Francisco de Sales quien <em>\u00abdespu\u00e9s de haber celebrado la misa en presencia de un gran se\u00f1or, le hizo una gran reverencia\u00bb, <\/em>mostrando con ello que <em>\u00ab\u00e9l adoraba el se\u00f1or\u00edo de Dios que hay en tales personas\u00bb <\/em>(XI, 719-720).<\/p>\n<p>Aunque con ojo cr\u00edtico, Vicente acepta a la vez la estructura feudal de la sociedad y el poder absoluto del rey, aunque tambi\u00e9n en cuanto al rey con cierto aire cr\u00edtico: <em>\u00abDios permite a veces gran\u00addes agitaciones que sacuden los estados m\u00e1s fir\u00admes para que los soberanos de la tierra recuer\u00adden que reciben de \u00c9l la realeza y que dependen de El no menos que sus mismos s\u00fabditos\u00bb <\/em>(V, 421). Ni \u00e9l ni nadie en Francia vio en su tiem\u00adpo que una y otro eran creaciones contingentes de la historia, sustituibles por tanto por otras formas de organizaci\u00f3n social y de gobierno; a\u00fan me\u00adnos vio \u00e9l, ni nadie pod\u00eda ver, que fue precisamente el conflicto entre ambos, que acab\u00f3 en la victoria del absolutismo y la destrucci\u00f3n casi total de la or\u00adganizaci\u00f3n feudal, lo que hizo posible la Revoluci\u00f3n Francesa. \u00c9sta se deshizo de ambos a la vez de un solo golpe. Le result\u00f3 la empresa relativamen\u00adte f\u00e1cil, pues la monarqu\u00eda absoluta se hab\u00eda que\u00addado sin apoyo social, casi sola. Bast\u00f3 para acabar con ella, seg\u00fan la aguda observaci\u00f3n de Paul Va\u00adl\u00e9ry, un golpe de guillotina.<\/p>\n<p>Tambi\u00e9n proced\u00eda del fondo de la historia la alianza entre la esfera religiosa y la autoridad ci\u00advil, lo que se ha venido a calificar como alianza \u00bb entre el Trono y el Altar, tan caracter\u00edstica del An\u00adtiguo R\u00e9gimen. Vicente de Pa\u00fal no s\u00f3lo no fue aje\u00adno a ella, sino que particip\u00f3 activamente en sus instituciones y en particular en la m\u00e1s importan\u00adte de ellas, el Consejo Real de Conciencia, especie de Ministerio de Culto, que ten\u00eda variadas com\u00adpetencias en asuntos eclesi\u00e1sticos, por ejemplo, en el nombramiento de obispos. No hay mues\u00adtras de que Vicente considerara esta alianza con ojo cr\u00edtico. Parecer\u00eda m\u00e1s bien que la aceptaba, igual que todo el mundo, como instituci\u00f3n normal en una sociedad cristiana. Pero s\u00ed hay muestras claras y variadas de que se encontraba inc\u00f3mo\u00addo dentro de ellas, en particular en el Consejo de Conciencia, del que fue miembro durante unos a\u00f1os por nombramiento directo de la reina re\u00adgente, Ana de Austria. A que se encontrara inc\u00f3modo contribuir\u00eda sin duda la profunda dife\u00adrencia de criterios entre san Vicente y el presi\u00addente del Consejo y primer ministro, el cardenal Mazarino. Pero m\u00e1s a\u00fan contribuy\u00f3 su aversi\u00f3n a mezclarse en asuntos de car\u00e1cter netamente po\u00adl\u00edtico, esfera que a \u00e9l le parec\u00eda no ser de su com\u00adpetencia como hombre que era de Iglesia: <em>\u00abEn el cargo que la reina ha querido darme en el Con\u00adsejo de los asuntos eclesi\u00e1sticos no intervengo m\u00e1s que en las cosas que miran al estado religioso y al de los pobres, por mucha apariencia de pie\u00addad y de caridad que tengan otros asuntos que se me proponen\u00bb <\/em>(II, 377-378).<\/p>\n<p>Por lo dem\u00e1s esta cuidadosa postura de no in\u00adgerencia en asuntos pol\u00edticos la esperaba y la exi\u00adg\u00eda de sus propios misioneros, a quienes prescrib\u00eda en las Reglas de su congregaci\u00f3n: <em>\u00abEn las dis\u00adcordias p\u00fablicas y guerras que pueden suceder entre los pr\u00edncipes cristianos, ninguno se inclina\u00adr\u00e1 hacia ninguno de los dos bandos\u2026 Todos se abstendr\u00e1n de hablar de las cosas que pertene\u00adcen a los asuntos del estado o a los negocios del reino\u00bb <\/em>(Reglas o Constituciones Comunes de la Congregaci\u00f3n de la Misi\u00f3n, cap. 8, nn. 15-16, en X, 501). En carta a uno de sus misioneros expre\u00adsa Vicente la raz\u00f3n para esta norma: <em>\u00abNo es co\u00adsa de pobres sacerdotes como somos nosotros entrometernos y ni siquiera el hablar m\u00e1s que de las cosas que se refieren a nuestra vocaci\u00f3n. Los asuntos de los grandes son misterios que debe\u00admos respetar. El Hijo de Dios, que es el modelo sobre el que debemos formar nuestra vida, nun\u00adca habl\u00f3 del gobierno de los principes\u00bb <\/em>(II, 29).<\/p>\n<p>Poco peligro hab\u00eda de que sus hombres se codearan con personajes pol\u00edticos de importancia, pues su vocaci\u00f3n propia les deb\u00eda llevar a todos ellos a gastar sus energ\u00edas humanas y sacerdo\u00adtales entre gente de baja posici\u00f3n social, a \u00abevan\u00adgelizar a los pobres, sobre todo a los del cam\u00adpo\u00bb (X, 464). Pero no faltar\u00edan ocasiones, y, para cuando surgieran, san Vicente les prove\u00eda de con\u00adsejos adecuados de comportamiento inspirados en su propio estilo, como cuando a un grupo de misioneros enviados a asistir como capellanes a los ej\u00e9rcitos del rey les se\u00f1ala expresamente que no hablen <em>\u00abde lo que se refiere a asuntos de es\u00adtado\u00bb <\/em>(X, 334). A sus misioneros que trabajaban en Argel les advierte que no escriban de <em>\u00ablos asuntos pol\u00edticos del pa\u00eds\u00bb <\/em>(X, 373). Parece que en general los hombres de su congregaci\u00f3n se atu\u00advieron a las normas de su fundador, pues no se encuentran en su voluminosa correspondencia y en sus muchas charlas a sus misioneros casos de reprensi\u00f3n o de correcci\u00f3n dirigida a quienes se pod\u00edan haber salido del comportamiento de no ingerencia en asuntos pol\u00edticos se\u00f1alado por \u00e9l con tanta claridad.<\/p>\n<p>Pero \u00e9l mismo no se atuvo a esa norma; sus intervenciones en asuntos de car\u00e1cter pol\u00edtico no son nada excepcionales; algunas de ellas son in\u00adtervenciones en asuntos pol\u00edticos de primera im\u00adportancia, incluso en asuntos de pol\u00edtica interna\u00adcional. El que as\u00ed sucediera le result\u00f3 inevitable por las muchas relaciones personales que tuvo que mantener con gente noble y de gobierno des\u00adde su primera entrada en casa de los Gondi en 1613. Es imposible escribir una biograf\u00eda de san Vicente, por muy condensada que sea, sin que desfilen por ella reyes, reinas, ministros y prime\u00adros ministros, gobernantes y nobles de diversos grados, altos personajes eclesi\u00e1sticos, incluso el mismo papa, y no s\u00f3lo en relaci\u00f3n a asuntos pro\u00adpiamente eclesi\u00e1sticos sino tambi\u00e9n en asuntos de pol\u00edtica nacional e internacional.<\/p>\n<p>Pero m\u00e1s inevitable le result\u00f3 a\u00fan por las ra\u00admificaciones de sus obras y de su preocupaci\u00f3n por el bien de \u00abla pobre gente\u00bb, como \u00e9l sol\u00eda de\u00adcir. Fue \u00e9sta, y no otra raz\u00f3n, la que le hizo in\u00adtervenir en asuntos pol\u00edticos de diversa \u00edndole, ateni\u00e9ndose estrictamente, al hacerlo, al criterio que se impuso a s\u00ed mismo en sus actuaciones en el Consejo de Conciencia. Vicente de Pa\u00fal inter\u00adviene en pol\u00edtica, efectivamente, en numerosas ocasiones, pero nunca lo hace por razones de or\u00adden pol\u00edtico sino s\u00f3lo por las repercusiones que pudieran tener las decisiones de los pol\u00edticos en la vida del pueblo llano.<\/p>\n<p>Eso motiv\u00f3, por ejemplo, su primera inter\u00advenci\u00f3n de que se tiene noticia. Tuvo lugar alrededor de 1638 en favor de la Lorena, v\u00edctima de devastaciones sistem\u00e1ticas por parte de los ej\u00e9r\u00adcitos de Francia y del Imperio, en pugna declara\u00adda desde hac\u00eda unos a\u00f1os. Vicente acude a Ri\u00adchelieu a pedirle que declare la paz; se lo pide de rodillas, dice el primer bi\u00f3grafo de san Vicente (Abelly I, c. 35, p. 169-170), en t\u00e9rminos pat\u00e9ticos: <em>\u00abDadnos la paz, monse\u00f1or; apiadaos de noso\u00adtros; dad la paz a Francia\u00bb. <\/em>Intervenci\u00f3n que no tuvo resultado alguno, cual fue el caso de casi to\u00addas sus intervenciones en pol\u00edtica. Richelieu eva\u00addi\u00f3 diplom\u00e1ticamente el comprometerse alegan\u00addo que, aunque tambi\u00e9n \u00e9l quer\u00eda la paz, \u00e9sta de\u00adpend\u00eda \u00abde otras muchas personas en Francia y en el extranjero\u00bb. Lo cual, aunque en s\u00ed mismo era verdad, era una falsa excusa, pues la inva\u00adsi\u00f3n de la Lorena no fue m\u00e1s que el primer paso de un plan sistem\u00e1tico en que Richelieu embar\u00adc\u00f3 a Francia, y luego continu\u00f3 Mazarino, para so\u00adcavar el poder del Imperio y afirmar de rechazo el poder y la hegemon\u00eda de Francia, objetivo que Luis XIV llev\u00f3 a buen t\u00e9rmino. No es que la paz entre las dos grandes potencias fuera imposible, o que Francia no tuviera otra alternativa ante el Imperio que la guerra declarada. Muchas e im\u00adportantes figuras del tiempo propugnaban otro curso pol\u00edtico que consist\u00eda b\u00e1sicamente en bus\u00adcar alguna f\u00f3rmula de acomodo con Espa\u00f1a y de\u00addicar las energ\u00edas, no a la guerra internacional, si\u00adno a la reconstrucci\u00f3n del pa\u00eds, muy da\u00f1ado por las largas luchas internas de religi\u00f3n entre cat\u00f3li\u00adcos y hugonotes. \u00c9sta era la postura mantenida con mucha fuerza por el llamado Partido Devoto, en el que se encontraban figuras de alto presti\u00adgio, tal un B\u00e9rulle, tal un Miguel de Marillac, que estuvo a punto de ser nombrado primer ministro por Luis XIII en lugar de Richelieu. Vicente de Pa\u00fal simpatizaba con las miras de este \u00abpartido\u00bb, y no s\u00f3lo porque contara entre sus miembros con grandes amigos suyos sino porque sab\u00eda de las desastrosas consecuencias que para el pue\u00adblo llano ten\u00eda que producir la pol\u00edtica internacio\u00adnal elegida por Richelieu.<\/p>\n<p>Una segunda intervenci\u00f3n tuvo Vicente de Pa\u00fal ante Richelieu unos pocos a\u00f1os despu\u00e9s, tambi\u00e9n en el terreno de la pol\u00edtica internacional, cuando se present\u00f3 ante \u00e9l ofreci\u00e9ndole en nom\u00adbre del papa 300. 000 libras para ayudar a finan\u00adciar un ej\u00e9rcito de ayuda a Irlanda para defender a la poblaci\u00f3n cat\u00f3lica oprimida por las tropas in\u00adglesas invasoras. Intervenci\u00f3n que tampoco tuvo ning\u00fan \u00e9xito y que Richelieu despach\u00f3 con un cierto deje de iron\u00eda ante la aparente candidez de san Vicente, a quien Richelieu advirti\u00f3 que con ese dinero no ten\u00eda ni para empezar, pues \u00abel ej\u00e9rci\u00adto es como una gran m\u00e1quina que cuesta mucho mover\u00bb (ib. p. 170). La verdadera raz\u00f3n para no aceptar la ofrenda era sin duda otra: no pod\u00eda Ri\u00adchelieu embarcarse en m\u00e1s guerras que las que ya ten\u00eda entre manos, y menos a\u00fan contra una po\u00ad tencia como Inglaterra. La defensa de cat\u00f3licos oprimidos por protestantes pod\u00eda motivar al pa\u00adpa y a Vicente de Pa\u00fal, pero no a Richelieu, quien nunca tuvo escr\u00fapulos para aliarse con protes\u00adtantes de varias clases cuando lo crey\u00f3 conve\u00adniente para conseguir los objetivos de su pol\u00edtica internacional.<\/p>\n<p>La intervenci\u00f3n m\u00e1s desconcertante de Vi\u00adcente de Pa\u00fal en la enmara\u00f1ada pol\u00edtica interna\u00adcional de su tiempo tuvo adem\u00e1s, por a\u00f1adidura, el car\u00e1cter de colaboraci\u00f3n en una invasi\u00f3n ar\u00admada del norte de \u00c1frica, invasi\u00f3n organizada por un caballero Paul, de la orden de Malta, lugarte\u00adniente general de la marina francesa. Vicente de Pa\u00fal ofreci\u00f3 su colaboraci\u00f3n en la forma de una importante ayuda econ\u00f3mica, 20. 000 libras que ten\u00eda en dep\u00f3sito destinadas a la liberaci\u00f3n de esclavos por compra de su libertad. Se pretend\u00eda con tal invasi\u00f3n liberar por un golpe de fuerza a buena parte de los esclavos cristianos detenidos en Argel, en particular a los esclavos de nacio\u00adnalidad francesa. Francia y Constantinopla, de cu\u00adya soberan\u00eda depend\u00eda Argel, ten\u00edan firmados di\u00adversos tratados con el compromiso de no tomarse como esclavos a los s\u00fabditos respectivos. De manera que si toda captura de esclavos, fuera del caso de guerra declarada, era un acto de es\u00adtricta pirater\u00eda, el que una de las dos potencias fir\u00admantes se la infligiera a los s\u00fabditos de la otra in\u00adclu\u00eda, adem\u00e1s, el aspecto de violaci\u00f3n flagrante de compromisos escritos y firmados. San Vicen\u00adte hab\u00eda dedicado durante a\u00f1os muchas energ\u00edas y mucho dinero a lo que desde siglos antes, por obra sobre todo de los trinitarios y mercedarios, hab\u00eda sido el medio tradicional de liberaci\u00f3n de es\u00adclavos cristianos: la compra de su libertad a cam\u00adbio de dinero contante y sonante. Este proceder, inspirado sin duda por la m\u00e1s pura caridad, ten\u00eda un efecto imprevisto que empeoraba el mal que quer\u00eda remediar. En efecto, la captura de escla\u00advos se convert\u00eda por ello en asunto muy atracti\u00advo y lucrativo para el capturador. De un militar como el caballero Paul no se pod\u00eda esperar sim\u00adpat\u00eda por una soluci\u00f3n para el problema de la li\u00adberaci\u00f3n de esclavos como el de la compra de la libertad, sino s\u00f3lo la soluci\u00f3n que se le ocurri\u00f3: la liberaci\u00f3n por la fuerza. Vicente de Pa\u00fal, hombre \u00abespiritual\u00bb por los cuatro costados, no crey\u00f3 que su participaci\u00f3n en tal empresa atentara contra su naturaleza de hombre espiritual. La liberaci\u00f3n por la fuerza le pareci\u00f3 leg\u00edtima como medida extre\u00adma para intentar resolver una situaci\u00f3n de injus\u00adticia extrema a la que no se le ve\u00eda otra soluci\u00f3n. Por lo dem\u00e1s, la expedici\u00f3n result\u00f3 ser un fraca\u00adso. S\u00f3lo unos cuarenta esclavos consiguieron la libertad a nado, pues los barcos del caballero Pa\u00fal no pudieron ni acercarse a la costa africana de\u00adbido al mal tiempo.<\/p>\n<p>La intervenci\u00f3n m\u00e1s neta y directa en la pol\u00ed\u00adtica de su tiempo fue de car\u00e1cter nacional y tuvo que ver con los personajes m\u00e1s altos en la escala social, la reina Ana de Austria y su primer minis\u00adtro, el cardenal Mazarino. Sitiada Par\u00eds por las tro\u00adpas reales en los comienzos de la llamada Fron\u00adda Parlamentaria, Vicente crey\u00f3 su deber acudir en persona al mismo primer ministro para pedir\u00adle su dimisi\u00f3n y retirada del gobierno. No fue nin\u00adg\u00fan tipo de animosidad o diferencia de visi\u00f3n o de intereses pol\u00edticos con Mazarino lo que le lle\u00adv\u00f3 a dar un paso tan netamente pol\u00edtico y tan arriesgado, sino la compasi\u00f3n por el \u00abpobre pue\u00adblo\u00bb de Par\u00eds, que sufr\u00eda una aguda escasez de alimentos causada por el cerco militar. Pero tam\u00adpoco en esta ocasi\u00f3n obtuvo ning\u00fan resultado con su intervenci\u00f3n, excepto el excitar la ira de Ana de Austria (quien, aparte de razones pol\u00edticas, ten\u00eda una raz\u00f3n muy personal de relaci\u00f3n afecti\u00adva con su primer ministro), y el desd\u00e9n de \u00e9ste ante la sugerencia de san Vicente.<\/p>\n<p>Algo m\u00e1s que desd\u00e9n le mostr\u00f3 Mazarino ante una segunda intervenci\u00f3n unos a\u00f1os des\u00adpu\u00e9s, en la llamada Fronda de los Principes, en que Vicente volvi\u00f3 a sugerir a Mazarino, esta vez por carta, que por el bien de la paz dimitie\u00adra de su cargo y se ausentara por lo menos tem\u00adporalmente del reino. Posiblemente en repre\u00adsalia por el atrevimiento que supon\u00eda una tal sugerencia, Mazarino dej\u00f3 de convocar a Vicente a las reuniones del Consejo del Reino. Pero es\u00adta vez s\u00ed hizo lo que Vicente le aconsejaba. Si lo hizo por influencia de la carta o por otras razo\u00adnes no se sabe con seguridad. Como lo hab\u00eda an\u00adticipado san Vicente en su carta, el alejamiento de Mazarino hizo posible la vuelta de los reyes a Par\u00eds, pues contra Mazarino y no contra los re\u00adyes se dirig\u00edan las iras populares. Fueron recibi\u00addos la reina y su hijo Luis XIV con un gran en\u00adtusiasmo. En cuanto a Mazarino, fue reinstaurado en su cargo unos meses despu\u00e9s ante la lla\u00admada de Luis XIV una vez restablecido firme\u00admente en su autoridad real. \u00c9se hab\u00eda sido exac\u00adtamente el curso de los acontecimientos que Vicente hab\u00eda pronosticado a Mazarino en la car\u00adta en cuesti\u00f3n (IV, 443).<\/p>\n<p>Con lo cual san Vicente demostr\u00f3 una vez m\u00e1s lo que m\u00e1s de un bi\u00f3grafo suyo ha se\u00f1ala\u00addo oportunamente: Vicente de Pa\u00fal no era en modo alguno un pol\u00edtico, ni jam\u00e1s se dej\u00f3 llevar por motivaciones pol\u00edticas; eso hay que decirlo cla\u00adramente a pesar de sus muchas intervenciones directas e indirectas en pol\u00edtica. Su vocaci\u00f3n per\u00adsonal de evangelizador de los pobres, y no otra cosa, le lleva a intervenciones en asuntos de ca\u00adr\u00e1cter pol\u00edtico. Pero s\u00ed era Vicente de Pa\u00fal un hombre con cualidades destacadas que pod\u00edan ha\u00adber hecho de \u00e9l un verdadero hombre de Estado, entre las que habr\u00eda que destacar: visi\u00f3n certera de las soluciones en problemas complicados, pru\u00addencia, coraje, y una preocupaci\u00f3n constante y de\u00ad sinteresada por lo que \u00e9l sol\u00eda calificar como \u00abel bien del p\u00fablico\u00bb, que para \u00e9l quer\u00eda decir, sobre todo, el bien del \u00abpobre pueblo que se condena y se muere de hambre\u00bb.<\/p>\n<p><strong>Bibliograf\u00eda<\/strong><\/p>\n<p>A. Menabrea Saint Vincent de Paul, le maitre des hommes d&#8217;Etat, Paris 1944; A. Ziegler, Saint Vincent de Paul at the roya! court of France, en Saint Vincent de Paul, a tercentenary com\u00admemoration, Saint John&#8217;s University Press, Nueva York 1959, pp. 75-98; Y. Salem, Saint Vincent de Paul et l&#8217;arm\u00e9e, Ed. du Cedre, Pa\u00adris 1975; J. Corera, San Vicente de Pa\u00fal y la pol\u00edtica, en Diez estudios vicencianos, CEM E, Salamanca 1983, pp. 41-61.<\/p>\n","protected":false},"excerpt":{"rendered":"<p>\u00abDios no ha constituido a los se\u00f1ores s\u00f3lo para percibir rentas y censos de sus s\u00fabditos, si\u00adno para administrarles justicia, mantener la religi\u00f3n y hacerles amar, servir y honrar a Dios\u00bb. Eso de\u00adj\u00f3 escrito Vicente &#8230; <a href=\"https:\/\/vincentians.com\/es\/espiritualidad-vicenciana-politica\/\" class=\"more-link\">Read More<\/a><\/p>\n","protected":false},"author":4,"featured_media":388395,"comment_status":"open","ping_status":"open","sticky":false,"template":"","format":"standard","meta":{"jetpack_post_was_ever_published":false,"_jetpack_newsletter_access":"","_jetpack_dont_email_post_to_subs":false,"_jetpack_newsletter_tier_id":0,"_jetpack_memberships_contains_paywalled_content":false,"_jetpack_memberships_contains_paid_content":false,"footnotes":"","jetpack_publicize_message":"","jetpack_publicize_feature_enabled":true,"jetpack_social_post_already_shared":true,"jetpack_social_options":{"image_generator_settings":{"template":"highway","default_image_id":0,"font":"","enabled":false},"version":2}},"categories":[226],"tags":[218,168,175,119],"class_list":["post-43402","post","type-post","status-publish","format-standard","has-post-thumbnail","hentry","category-espiritualidad-vicenciana","tag-abelly","tag-argel","tag-folleville","tag-gondi"],"yoast_head":"<!-- This site is optimized with the Yoast SEO plugin v26.3 - https:\/\/yoast.com\/wordpress\/plugins\/seo\/ -->\n<title>Espiritualidad vicenciana: Pol\u00edtica - Somos Vicencianos<\/title>\n<meta name=\"robots\" content=\"index, follow, max-snippet:-1, max-image-preview:large, max-video-preview:-1\" \/>\n<link rel=\"canonical\" href=\"https:\/\/vincentians.com\/es\/espiritualidad-vicenciana-politica\/\" \/>\n<meta property=\"og:locale\" content=\"es_ES\" \/>\n<meta property=\"og:type\" content=\"article\" \/>\n<meta property=\"og:title\" content=\"Espiritualidad vicenciana: Pol\u00edtica - Somos Vicencianos\" \/>\n<meta property=\"og:description\" content=\"\u00abDios no ha constituido a los se\u00f1ores s\u00f3lo para percibir rentas y censos de sus s\u00fabditos, si\u00adno para administrarles justicia, mantener la religi\u00f3n y hacerles amar, servir y honrar a Dios\u00bb. Eso de\u00adj\u00f3 escrito Vicente ... Read More\" \/>\n<meta property=\"og:url\" content=\"https:\/\/vincentians.com\/es\/espiritualidad-vicenciana-politica\/\" \/>\n<meta property=\"og:site_name\" content=\"Somos Vicencianos\" \/>\n<meta property=\"article:publisher\" content=\"https:\/\/www.facebook.com\/WeAreVincentians\/\" \/>\n<meta property=\"article:author\" content=\"https:\/\/www.facebook.com\/JavierChento\" \/>\n<meta property=\"article:published_time\" content=\"2011-06-25T05:20:07+00:00\" \/>\n<meta property=\"og:image\" content=\"https:\/\/i0.wp.com\/vincentians.com\/es\/wp-content\/uploads\/sites\/11\/2016\/07\/espiritualidad-vicenciana.jpg?fit=1200%2C630&ssl=1\" \/>\n\t<meta property=\"og:image:width\" content=\"1200\" \/>\n\t<meta property=\"og:image:height\" content=\"630\" \/>\n\t<meta property=\"og:image:type\" content=\"image\/jpeg\" \/>\n<meta name=\"author\" content=\"Francisco Javier Fern\u00e1ndez Chento\" \/>\n<meta name=\"twitter:card\" content=\"summary_large_image\" \/>\n<meta name=\"twitter:creator\" content=\"@https:\/\/twitter.com\/javierchento\" \/>\n<meta name=\"twitter:site\" content=\"@WeVincentians\" \/>\n<meta name=\"twitter:label1\" content=\"Escrito por\" \/>\n\t<meta name=\"twitter:data1\" content=\"Francisco Javier Fern\u00e1ndez Chento\" \/>\n\t<meta name=\"twitter:label2\" content=\"Tiempo de lectura\" \/>\n\t<meta name=\"twitter:data2\" content=\"21 minutos\" \/>\n<script type=\"application\/ld+json\" class=\"yoast-schema-graph\">{\"@context\":\"https:\/\/schema.org\",\"@graph\":[{\"@type\":\"Article\",\"@id\":\"https:\/\/vincentians.com\/es\/espiritualidad-vicenciana-politica\/#article\",\"isPartOf\":{\"@id\":\"https:\/\/vincentians.com\/es\/espiritualidad-vicenciana-politica\/\"},\"author\":{\"name\":\"Francisco Javier Fern\u00e1ndez Chento\",\"@id\":\"https:\/\/vincentians.com\/es\/#\/schema\/person\/9623ef4d9aa3b2dfb8c061f1499288f2\"},\"headline\":\"Espiritualidad vicenciana: Pol\u00edtica\",\"datePublished\":\"2011-06-25T05:20:07+00:00\",\"mainEntityOfPage\":{\"@id\":\"https:\/\/vincentians.com\/es\/espiritualidad-vicenciana-politica\/\"},\"wordCount\":4144,\"commentCount\":0,\"publisher\":{\"@id\":\"https:\/\/vincentians.com\/es\/#organization\"},\"image\":{\"@id\":\"https:\/\/vincentians.com\/es\/espiritualidad-vicenciana-politica\/#primaryimage\"},\"thumbnailUrl\":\"https:\/\/i0.wp.com\/vincentians.com\/es\/wp-content\/uploads\/sites\/11\/2016\/07\/espiritualidad-vicenciana.jpg?fit=1200%2C630&ssl=1\",\"keywords\":[\"Abelly\",\"Argel\",\"Folleville\",\"Gondi\"],\"articleSection\":[\"Espiritualidad vicenciana\"],\"inLanguage\":\"es\",\"potentialAction\":[{\"@type\":\"CommentAction\",\"name\":\"Comment\",\"target\":[\"https:\/\/vincentians.com\/es\/espiritualidad-vicenciana-politica\/#respond\"]}]},{\"@type\":\"WebPage\",\"@id\":\"https:\/\/vincentians.com\/es\/espiritualidad-vicenciana-politica\/\",\"url\":\"https:\/\/vincentians.com\/es\/espiritualidad-vicenciana-politica\/\",\"name\":\"Espiritualidad vicenciana: Pol\u00edtica - Somos Vicencianos\",\"isPartOf\":{\"@id\":\"https:\/\/vincentians.com\/es\/#website\"},\"primaryImageOfPage\":{\"@id\":\"https:\/\/vincentians.com\/es\/espiritualidad-vicenciana-politica\/#primaryimage\"},\"image\":{\"@id\":\"https:\/\/vincentians.com\/es\/espiritualidad-vicenciana-politica\/#primaryimage\"},\"thumbnailUrl\":\"https:\/\/i0.wp.com\/vincentians.com\/es\/wp-content\/uploads\/sites\/11\/2016\/07\/espiritualidad-vicenciana.jpg?fit=1200%2C630&ssl=1\",\"datePublished\":\"2011-06-25T05:20:07+00:00\",\"breadcrumb\":{\"@id\":\"https:\/\/vincentians.com\/es\/espiritualidad-vicenciana-politica\/#breadcrumb\"},\"inLanguage\":\"es\",\"potentialAction\":[{\"@type\":\"ReadAction\",\"target\":[\"https:\/\/vincentians.com\/es\/espiritualidad-vicenciana-politica\/\"]}]},{\"@type\":\"ImageObject\",\"inLanguage\":\"es\",\"@id\":\"https:\/\/vincentians.com\/es\/espiritualidad-vicenciana-politica\/#primaryimage\",\"url\":\"https:\/\/i0.wp.com\/vincentians.com\/es\/wp-content\/uploads\/sites\/11\/2016\/07\/espiritualidad-vicenciana.jpg?fit=1200%2C630&ssl=1\",\"contentUrl\":\"https:\/\/i0.wp.com\/vincentians.com\/es\/wp-content\/uploads\/sites\/11\/2016\/07\/espiritualidad-vicenciana.jpg?fit=1200%2C630&ssl=1\",\"width\":1200,\"height\":630},{\"@type\":\"BreadcrumbList\",\"@id\":\"https:\/\/vincentians.com\/es\/espiritualidad-vicenciana-politica\/#breadcrumb\",\"itemListElement\":[{\"@type\":\"ListItem\",\"position\":1,\"name\":\"Portada\",\"item\":\"https:\/\/vincentians.com\/es\/\"},{\"@type\":\"ListItem\",\"position\":2,\"name\":\"Espiritualidad vicenciana: Pol\u00edtica\"}]},{\"@type\":\"WebSite\",\"@id\":\"https:\/\/vincentians.com\/es\/#website\",\"url\":\"https:\/\/vincentians.com\/es\/\",\"name\":\"Somos Vicencianos\",\"description\":\"Know more to serve more\",\"publisher\":{\"@id\":\"https:\/\/vincentians.com\/es\/#organization\"},\"potentialAction\":[{\"@type\":\"SearchAction\",\"target\":{\"@type\":\"EntryPoint\",\"urlTemplate\":\"https:\/\/vincentians.com\/es\/?s={search_term_string}\"},\"query-input\":{\"@type\":\"PropertyValueSpecification\",\"valueRequired\":true,\"valueName\":\"search_term_string\"}}],\"inLanguage\":\"es\"},{\"@type\":\"Organization\",\"@id\":\"https:\/\/vincentians.com\/es\/#organization\",\"name\":\"The Vincentian Network\",\"url\":\"https:\/\/vincentians.com\/es\/\",\"logo\":{\"@type\":\"ImageObject\",\"inLanguage\":\"es\",\"@id\":\"https:\/\/vincentians.com\/es\/#\/schema\/logo\/image\/\",\"url\":\"https:\/\/i1.wp.com\/vincentians.com\/es\/wp-content\/uploads\/sites\/11\/2016\/06\/Vincentian-Network-logo-big.png?fit=778%2C778\",\"contentUrl\":\"https:\/\/i1.wp.com\/vincentians.com\/es\/wp-content\/uploads\/sites\/11\/2016\/06\/Vincentian-Network-logo-big.png?fit=778%2C778\",\"width\":778,\"height\":778,\"caption\":\"The Vincentian Network\"},\"image\":{\"@id\":\"https:\/\/vincentians.com\/es\/#\/schema\/logo\/image\/\"},\"sameAs\":[\"https:\/\/www.facebook.com\/WeAreVincentians\/\",\"https:\/\/x.com\/WeVincentians\"]},{\"@type\":\"Person\",\"@id\":\"https:\/\/vincentians.com\/es\/#\/schema\/person\/9623ef4d9aa3b2dfb8c061f1499288f2\",\"name\":\"Francisco Javier Fern\u00e1ndez Chento\",\"image\":{\"@type\":\"ImageObject\",\"inLanguage\":\"es\",\"@id\":\"https:\/\/vincentians.com\/es\/#\/schema\/person\/image\/\",\"url\":\"https:\/\/secure.gravatar.com\/avatar\/497d5cde87b4c3d097d0315953521681ba2cd523ee66e5077c3711f7021e65de?s=96&d=mm&r=g\",\"contentUrl\":\"https:\/\/secure.gravatar.com\/avatar\/497d5cde87b4c3d097d0315953521681ba2cd523ee66e5077c3711f7021e65de?s=96&d=mm&r=g\",\"caption\":\"Francisco Javier Fern\u00e1ndez Chento\"},\"description\":\"Director General y cofundador de La Red de Formaci\u00f3n Vicenciana. Javier es laico vicenciano, afiliado a la Congregaci\u00f3n de la Misi\u00f3n y miembro del Equipo de Misiones Populares de la provincia can\u00f3nica de Zaragoza (Espa\u00f1a) de la Congregaci\u00f3n de la Misi\u00f3n. Graduado en la Universidad Oberta de Catalunya con cuatro grados (Asistente de direcci\u00f3n, Gesti\u00f3n Administrativa, Recursos Humanos y Contabilidad Avanzada). Bil\u00edng\u00fce Espa\u00f1ol\/Ingl\u00e9s. gestiona y mantiene varias p\u00e1ginas web cristianas y vicencianas, incluida including La Red de Formaci\u00f3n Vicenciana, de la que es cofundador. Actualmente es responsable del \u00e1rea de Espa\u00f1ol de .famvin, la Red de Noticias de la Familia Vicenciana. Tambi\u00e9n es m\u00fasico cat\u00f3lico y ha editado varios discos. Es Director General y cofundador de Trovador, una reconocida compa\u00f1\u00eda discogr\u00e1fica critiana de Espa\u00f1a. Trabaja en las Tecnolog\u00edas de la Informaci\u00f3n, ofreciendo servicios de alojamiento, dise\u00f1o y mantenimiento Web, as\u00ed como asesoramiento, formaci\u00f3n y soluciones inform\u00e1ticas, gesti\u00f3n documental y digitalizaci\u00f3n de textos, edici\u00f3n y maquetaci\u00f3n de libros, revistas, flyers, etc.\",\"sameAs\":[\"http:\/\/chento.org\",\"https:\/\/www.facebook.com\/JavierChento\",\"https:\/\/x.com\/https:\/\/twitter.com\/javierchento\"],\"url\":\"https:\/\/vincentians.com\/es\/author\/chento\/\"}]}<\/script>\n<!-- \/ Yoast SEO plugin. -->","yoast_head_json":{"title":"Espiritualidad vicenciana: Pol\u00edtica - Somos Vicencianos","robots":{"index":"index","follow":"follow","max-snippet":"max-snippet:-1","max-image-preview":"max-image-preview:large","max-video-preview":"max-video-preview:-1"},"canonical":"https:\/\/vincentians.com\/es\/espiritualidad-vicenciana-politica\/","og_locale":"es_ES","og_type":"article","og_title":"Espiritualidad vicenciana: Pol\u00edtica - Somos Vicencianos","og_description":"\u00abDios no ha constituido a los se\u00f1ores s\u00f3lo para percibir rentas y censos de sus s\u00fabditos, si\u00adno para administrarles justicia, mantener la religi\u00f3n y hacerles amar, servir y honrar a Dios\u00bb. Eso de\u00adj\u00f3 escrito Vicente ... Read More","og_url":"https:\/\/vincentians.com\/es\/espiritualidad-vicenciana-politica\/","og_site_name":"Somos Vicencianos","article_publisher":"https:\/\/www.facebook.com\/WeAreVincentians\/","article_author":"https:\/\/www.facebook.com\/JavierChento","article_published_time":"2011-06-25T05:20:07+00:00","og_image":[{"width":1200,"height":630,"url":"https:\/\/i0.wp.com\/vincentians.com\/es\/wp-content\/uploads\/sites\/11\/2016\/07\/espiritualidad-vicenciana.jpg?fit=1200%2C630&ssl=1","type":"image\/jpeg"}],"author":"Francisco Javier Fern\u00e1ndez Chento","twitter_card":"summary_large_image","twitter_creator":"@https:\/\/twitter.com\/javierchento","twitter_site":"@WeVincentians","twitter_misc":{"Escrito por":"Francisco Javier Fern\u00e1ndez Chento","Tiempo de lectura":"21 minutos"},"schema":{"@context":"https:\/\/schema.org","@graph":[{"@type":"Article","@id":"https:\/\/vincentians.com\/es\/espiritualidad-vicenciana-politica\/#article","isPartOf":{"@id":"https:\/\/vincentians.com\/es\/espiritualidad-vicenciana-politica\/"},"author":{"name":"Francisco Javier Fern\u00e1ndez Chento","@id":"https:\/\/vincentians.com\/es\/#\/schema\/person\/9623ef4d9aa3b2dfb8c061f1499288f2"},"headline":"Espiritualidad vicenciana: Pol\u00edtica","datePublished":"2011-06-25T05:20:07+00:00","mainEntityOfPage":{"@id":"https:\/\/vincentians.com\/es\/espiritualidad-vicenciana-politica\/"},"wordCount":4144,"commentCount":0,"publisher":{"@id":"https:\/\/vincentians.com\/es\/#organization"},"image":{"@id":"https:\/\/vincentians.com\/es\/espiritualidad-vicenciana-politica\/#primaryimage"},"thumbnailUrl":"https:\/\/i0.wp.com\/vincentians.com\/es\/wp-content\/uploads\/sites\/11\/2016\/07\/espiritualidad-vicenciana.jpg?fit=1200%2C630&ssl=1","keywords":["Abelly","Argel","Folleville","Gondi"],"articleSection":["Espiritualidad vicenciana"],"inLanguage":"es","potentialAction":[{"@type":"CommentAction","name":"Comment","target":["https:\/\/vincentians.com\/es\/espiritualidad-vicenciana-politica\/#respond"]}]},{"@type":"WebPage","@id":"https:\/\/vincentians.com\/es\/espiritualidad-vicenciana-politica\/","url":"https:\/\/vincentians.com\/es\/espiritualidad-vicenciana-politica\/","name":"Espiritualidad vicenciana: Pol\u00edtica - Somos Vicencianos","isPartOf":{"@id":"https:\/\/vincentians.com\/es\/#website"},"primaryImageOfPage":{"@id":"https:\/\/vincentians.com\/es\/espiritualidad-vicenciana-politica\/#primaryimage"},"image":{"@id":"https:\/\/vincentians.com\/es\/espiritualidad-vicenciana-politica\/#primaryimage"},"thumbnailUrl":"https:\/\/i0.wp.com\/vincentians.com\/es\/wp-content\/uploads\/sites\/11\/2016\/07\/espiritualidad-vicenciana.jpg?fit=1200%2C630&ssl=1","datePublished":"2011-06-25T05:20:07+00:00","breadcrumb":{"@id":"https:\/\/vincentians.com\/es\/espiritualidad-vicenciana-politica\/#breadcrumb"},"inLanguage":"es","potentialAction":[{"@type":"ReadAction","target":["https:\/\/vincentians.com\/es\/espiritualidad-vicenciana-politica\/"]}]},{"@type":"ImageObject","inLanguage":"es","@id":"https:\/\/vincentians.com\/es\/espiritualidad-vicenciana-politica\/#primaryimage","url":"https:\/\/i0.wp.com\/vincentians.com\/es\/wp-content\/uploads\/sites\/11\/2016\/07\/espiritualidad-vicenciana.jpg?fit=1200%2C630&ssl=1","contentUrl":"https:\/\/i0.wp.com\/vincentians.com\/es\/wp-content\/uploads\/sites\/11\/2016\/07\/espiritualidad-vicenciana.jpg?fit=1200%2C630&ssl=1","width":1200,"height":630},{"@type":"BreadcrumbList","@id":"https:\/\/vincentians.com\/es\/espiritualidad-vicenciana-politica\/#breadcrumb","itemListElement":[{"@type":"ListItem","position":1,"name":"Portada","item":"https:\/\/vincentians.com\/es\/"},{"@type":"ListItem","position":2,"name":"Espiritualidad vicenciana: Pol\u00edtica"}]},{"@type":"WebSite","@id":"https:\/\/vincentians.com\/es\/#website","url":"https:\/\/vincentians.com\/es\/","name":"Somos Vicencianos","description":"Know more to serve more","publisher":{"@id":"https:\/\/vincentians.com\/es\/#organization"},"potentialAction":[{"@type":"SearchAction","target":{"@type":"EntryPoint","urlTemplate":"https:\/\/vincentians.com\/es\/?s={search_term_string}"},"query-input":{"@type":"PropertyValueSpecification","valueRequired":true,"valueName":"search_term_string"}}],"inLanguage":"es"},{"@type":"Organization","@id":"https:\/\/vincentians.com\/es\/#organization","name":"The Vincentian Network","url":"https:\/\/vincentians.com\/es\/","logo":{"@type":"ImageObject","inLanguage":"es","@id":"https:\/\/vincentians.com\/es\/#\/schema\/logo\/image\/","url":"https:\/\/i1.wp.com\/vincentians.com\/es\/wp-content\/uploads\/sites\/11\/2016\/06\/Vincentian-Network-logo-big.png?fit=778%2C778","contentUrl":"https:\/\/i1.wp.com\/vincentians.com\/es\/wp-content\/uploads\/sites\/11\/2016\/06\/Vincentian-Network-logo-big.png?fit=778%2C778","width":778,"height":778,"caption":"The Vincentian Network"},"image":{"@id":"https:\/\/vincentians.com\/es\/#\/schema\/logo\/image\/"},"sameAs":["https:\/\/www.facebook.com\/WeAreVincentians\/","https:\/\/x.com\/WeVincentians"]},{"@type":"Person","@id":"https:\/\/vincentians.com\/es\/#\/schema\/person\/9623ef4d9aa3b2dfb8c061f1499288f2","name":"Francisco Javier Fern\u00e1ndez Chento","image":{"@type":"ImageObject","inLanguage":"es","@id":"https:\/\/vincentians.com\/es\/#\/schema\/person\/image\/","url":"https:\/\/secure.gravatar.com\/avatar\/497d5cde87b4c3d097d0315953521681ba2cd523ee66e5077c3711f7021e65de?s=96&d=mm&r=g","contentUrl":"https:\/\/secure.gravatar.com\/avatar\/497d5cde87b4c3d097d0315953521681ba2cd523ee66e5077c3711f7021e65de?s=96&d=mm&r=g","caption":"Francisco Javier Fern\u00e1ndez Chento"},"description":"Director General y cofundador de La Red de Formaci\u00f3n Vicenciana. Javier es laico vicenciano, afiliado a la Congregaci\u00f3n de la Misi\u00f3n y miembro del Equipo de Misiones Populares de la provincia can\u00f3nica de Zaragoza (Espa\u00f1a) de la Congregaci\u00f3n de la Misi\u00f3n. Graduado en la Universidad Oberta de Catalunya con cuatro grados (Asistente de direcci\u00f3n, Gesti\u00f3n Administrativa, Recursos Humanos y Contabilidad Avanzada). Bil\u00edng\u00fce Espa\u00f1ol\/Ingl\u00e9s. gestiona y mantiene varias p\u00e1ginas web cristianas y vicencianas, incluida including La Red de Formaci\u00f3n Vicenciana, de la que es cofundador. Actualmente es responsable del \u00e1rea de Espa\u00f1ol de .famvin, la Red de Noticias de la Familia Vicenciana. Tambi\u00e9n es m\u00fasico cat\u00f3lico y ha editado varios discos. Es Director General y cofundador de Trovador, una reconocida compa\u00f1\u00eda discogr\u00e1fica critiana de Espa\u00f1a. Trabaja en las Tecnolog\u00edas de la Informaci\u00f3n, ofreciendo servicios de alojamiento, dise\u00f1o y mantenimiento Web, as\u00ed como asesoramiento, formaci\u00f3n y soluciones inform\u00e1ticas, gesti\u00f3n documental y digitalizaci\u00f3n de textos, edici\u00f3n y maquetaci\u00f3n de libros, revistas, flyers, etc.","sameAs":["http:\/\/chento.org","https:\/\/www.facebook.com\/JavierChento","https:\/\/x.com\/https:\/\/twitter.com\/javierchento"],"url":"https:\/\/vincentians.com\/es\/author\/chento\/"}]}},"jetpack_publicize_connections":[],"jetpack_featured_media_url":"https:\/\/i0.wp.com\/vincentians.com\/es\/wp-content\/uploads\/sites\/11\/2016\/07\/espiritualidad-vicenciana.jpg?fit=1200%2C630&ssl=1","jetpack_sharing_enabled":true,"jetpack_shortlink":"https:\/\/wp.me\/p7ETMF-bi2","jetpack-related-posts":[{"id":387854,"url":"https:\/\/vincentians.com\/es\/san-vicente-amigo-de-los-pobres-anos-de-busqueda-1613-1617\/","url_meta":{"origin":43402,"position":0},"title":"San Vicente: Amigo de los pobres: a\u00f1os de b\u00fasqueda (1613-1617)","author":"Mitxel Olabu\u00e9naga","date":"12\/10\/2016","format":false,"excerpt":"El se\u00f1or Vicente abandona Clichy El pueblo de Clichy guard\u00f3 siempre un grato recuerdo del mejor de sus p\u00e1rrocos. Pero, cuando m\u00e1s entusiasmado estaba \u00e9ste en sus proyectos, le lleg\u00f3 una carta de Berulle: Deb\u00eda cam\u00adbiar sus actividades. El director espiritual le ped\u00eda que volviera a Par\u00eds. Argumenta\u00adba que ser\u00eda\u2026","rel":"","context":"En \u00abFormaci\u00f3n Vicenciana\u00bb","block_context":{"text":"Formaci\u00f3n Vicenciana","link":"https:\/\/vincentians.com\/es\/category\/formacion-vicenciana\/"},"img":{"alt_text":"","src":"https:\/\/i0.wp.com\/vincentians.com\/es\/wp-content\/uploads\/sites\/11\/2016\/07\/st-vincent-de-paul.jpg?fit=1200%2C630&ssl=1&resize=350%2C200","width":350,"height":200,"srcset":"https:\/\/i0.wp.com\/vincentians.com\/es\/wp-content\/uploads\/sites\/11\/2016\/07\/st-vincent-de-paul.jpg?fit=1200%2C630&ssl=1&resize=350%2C200 1x, https:\/\/i0.wp.com\/vincentians.com\/es\/wp-content\/uploads\/sites\/11\/2016\/07\/st-vincent-de-paul.jpg?fit=1200%2C630&ssl=1&resize=525%2C300 1.5x, https:\/\/i0.wp.com\/vincentians.com\/es\/wp-content\/uploads\/sites\/11\/2016\/07\/st-vincent-de-paul.jpg?fit=1200%2C630&ssl=1&resize=700%2C400 2x, https:\/\/i0.wp.com\/vincentians.com\/es\/wp-content\/uploads\/sites\/11\/2016\/07\/st-vincent-de-paul.jpg?fit=1200%2C630&ssl=1&resize=1050%2C600 3x"},"classes":[]},{"id":116232,"url":"https:\/\/vincentians.com\/es\/la-fe-de-san-vicente\/","url_meta":{"origin":43402,"position":1},"title":"La Fe de san Vicente","author":"Francisco Javier Fern\u00e1ndez Chento","date":"14\/10\/2018","format":false,"excerpt":"I. San Vicente: un creyente Para abordar cualquier tema referente a San Vicente, el m\u00e9todo m\u00e1s seguro siempre es el de volver a la experiencia y al recorrido del Fundador. Por temperamento y por formaci\u00f3n, Vicente de Pa\u00fal fue siem\u00adpre un hombre que concedi\u00f3 gran importancia a la vida, al\u2026","rel":"","context":"En \u00abFormaci\u00f3n Vicenciana\u00bb","block_context":{"text":"Formaci\u00f3n Vicenciana","link":"https:\/\/vincentians.com\/es\/category\/formacion-vicenciana\/"},"img":{"alt_text":"","src":"","width":0,"height":0},"classes":[]},{"id":134886,"url":"https:\/\/vincentians.com\/es\/de-las-caridades-a-las-hijas-de-la-caridad\/","url_meta":{"origin":43402,"position":2},"title":"De las \u00abCaridades\u00bb a las \u00abHijas de la Caridad\u00bb","author":"Francisco Javier Fern\u00e1ndez Chento","date":"27\/08\/2016","format":false,"excerpt":"Estamos en 1617. Dos experiencias particularmente significativas marcan la vida de Vicente de Pa\u00fal, y est\u00e1n en el origen de sus dos realizaciones revolucionarias: la experiencia de Gannes Folleville y la de Ch\u00e1tillon-les-Dombes. Nacido el 24 de abril de 1581 en Pouy (hoy San Vicente de Pa\u00fal) en las cercan\u00edas\u2026","rel":"","context":"En \u00abHijas de la Caridad\u00bb","block_context":{"text":"Hijas de la Caridad","link":"https:\/\/vincentians.com\/es\/category\/la-familia-vicenciana\/ramas\/hijas-de-la-caridad\/"},"img":{"alt_text":"","src":"https:\/\/i0.wp.com\/vincentians.com\/es\/wp-content\/uploads\/sites\/11\/2016\/08\/hijas-caridad.jpg?fit=1200%2C630&ssl=1&resize=350%2C200","width":350,"height":200,"srcset":"https:\/\/i0.wp.com\/vincentians.com\/es\/wp-content\/uploads\/sites\/11\/2016\/08\/hijas-caridad.jpg?fit=1200%2C630&ssl=1&resize=350%2C200 1x, https:\/\/i0.wp.com\/vincentians.com\/es\/wp-content\/uploads\/sites\/11\/2016\/08\/hijas-caridad.jpg?fit=1200%2C630&ssl=1&resize=525%2C300 1.5x, https:\/\/i0.wp.com\/vincentians.com\/es\/wp-content\/uploads\/sites\/11\/2016\/08\/hijas-caridad.jpg?fit=1200%2C630&ssl=1&resize=700%2C400 2x, https:\/\/i0.wp.com\/vincentians.com\/es\/wp-content\/uploads\/sites\/11\/2016\/08\/hijas-caridad.jpg?fit=1200%2C630&ssl=1&resize=1050%2C600 3x"},"classes":[]},{"id":387857,"url":"https:\/\/vincentians.com\/es\/san-vicente-amigo-de-los-pobres-anos-de-prueba-y-ensayo-1617-1625\/","url_meta":{"origin":43402,"position":3},"title":"San Vicente: Amigo de los pobres: a\u00f1os de prueba y ensayo (1617-1625)","author":"Mitxel Olabu\u00e9naga","date":"13\/10\/2016","format":false,"excerpt":"Por segunda vez, en casa de los Gondi En el palacio, suced\u00edan cosas extra\u00f1as. \u00abLa princesa estaba triste.\u00bb Muy triste. Margarita no conciliaba el sue\u00f1o por las noches. Todo era un continuo insomnio. Cuando se levantaba, cada ma\u00f1ana, abrigaba una leve esperanza: \u00bfSer\u00e1 hoy? Pero, se desvanec\u00eda seg\u00fan iba avanzando\u2026","rel":"","context":"En \u00abFormaci\u00f3n Vicenciana\u00bb","block_context":{"text":"Formaci\u00f3n Vicenciana","link":"https:\/\/vincentians.com\/es\/category\/formacion-vicenciana\/"},"img":{"alt_text":"","src":"https:\/\/i0.wp.com\/vincentians.com\/es\/wp-content\/uploads\/sites\/11\/2016\/07\/st-vincent-de-paul.jpg?fit=1200%2C630&ssl=1&resize=350%2C200","width":350,"height":200,"srcset":"https:\/\/i0.wp.com\/vincentians.com\/es\/wp-content\/uploads\/sites\/11\/2016\/07\/st-vincent-de-paul.jpg?fit=1200%2C630&ssl=1&resize=350%2C200 1x, https:\/\/i0.wp.com\/vincentians.com\/es\/wp-content\/uploads\/sites\/11\/2016\/07\/st-vincent-de-paul.jpg?fit=1200%2C630&ssl=1&resize=525%2C300 1.5x, https:\/\/i0.wp.com\/vincentians.com\/es\/wp-content\/uploads\/sites\/11\/2016\/07\/st-vincent-de-paul.jpg?fit=1200%2C630&ssl=1&resize=700%2C400 2x, https:\/\/i0.wp.com\/vincentians.com\/es\/wp-content\/uploads\/sites\/11\/2016\/07\/st-vincent-de-paul.jpg?fit=1200%2C630&ssl=1&resize=1050%2C600 3x"},"classes":[]},{"id":124193,"url":"https:\/\/vincentians.com\/es\/vicente-de-paul-la-fe-del-hombre-maduro\/","url_meta":{"origin":43402,"position":4},"title":"Vicente de Pa\u00fal: La Fe de un hombre maduro","author":"Francisco Javier Fern\u00e1ndez Chento","date":"23\/02\/2023","format":false,"excerpt":"UN NOVICIADO Cuando Vicente lleg\u00f3 a Par\u00eds empez\u00f3 a ocuparse de su vida espiritual. Comprendi\u00f3 que aunque no hab\u00eda sido malo, hab\u00eda v\u00edvido su vida a lo mundano prestando poca atenci\u00f3n a su fe. Al iniciar su peregrinaci\u00f3n a Roma, un a\u00f1o despu\u00e9s de su ordenaci\u00f3n, se hab\u00eda dado cuenta\u2026","rel":"","context":"En \u00abVicente de Pa\u00fal\u00bb","block_context":{"text":"Vicente de Pa\u00fal","link":"https:\/\/vincentians.com\/es\/category\/la-familia-vicenciana\/fundadores\/vicente-de-paul\/"},"img":{"alt_text":"","src":"https:\/\/i0.wp.com\/vincentians.com\/es\/wp-content\/uploads\/sites\/11\/2015\/02\/St_Vincent_De_Paul_-bible-1.jpg?fit=1200%2C630&ssl=1&resize=350%2C200","width":350,"height":200,"srcset":"https:\/\/i0.wp.com\/vincentians.com\/es\/wp-content\/uploads\/sites\/11\/2015\/02\/St_Vincent_De_Paul_-bible-1.jpg?fit=1200%2C630&ssl=1&resize=350%2C200 1x, https:\/\/i0.wp.com\/vincentians.com\/es\/wp-content\/uploads\/sites\/11\/2015\/02\/St_Vincent_De_Paul_-bible-1.jpg?fit=1200%2C630&ssl=1&resize=525%2C300 1.5x, https:\/\/i0.wp.com\/vincentians.com\/es\/wp-content\/uploads\/sites\/11\/2015\/02\/St_Vincent_De_Paul_-bible-1.jpg?fit=1200%2C630&ssl=1&resize=700%2C400 2x, https:\/\/i0.wp.com\/vincentians.com\/es\/wp-content\/uploads\/sites\/11\/2015\/02\/St_Vincent_De_Paul_-bible-1.jpg?fit=1200%2C630&ssl=1&resize=1050%2C600 3x"},"classes":[]},{"id":119698,"url":"https:\/\/vincentians.com\/es\/el-senor-vicente-relee-su-vida-preceptor\/","url_meta":{"origin":43402,"position":5},"title":"El Se\u00f1or Vicente relee su vida: Preceptor","author":"Francisco Javier Fern\u00e1ndez Chento","date":"11\/02\/2022","format":false,"excerpt":"Fue en la segunda mitad de 1613 cuando concluy\u00f3 mi b\u00fasqueda que tanto dur\u00f3. Recib\u00eda en efecto \"el cargo de preceptor de los hijos del Se\u00f1or Philippe-Emmanuel de Gondi, Conde de Joigny, General de las Galeras de Francia\". El mayor de los hijos, Pierre, ten\u00eda 11 a\u00f1os, el segundo, Henri,\u2026","rel":"","context":"En \u00abVicente de Pa\u00fal\u00bb","block_context":{"text":"Vicente de Pa\u00fal","link":"https:\/\/vincentians.com\/es\/category\/la-familia-vicenciana\/fundadores\/vicente-de-paul\/"},"img":{"alt_text":"","src":"https:\/\/i0.wp.com\/vincentians.com\/es\/wp-content\/uploads\/sites\/11\/2013\/04\/f-3-scaled.jpg?fit=1200%2C570&ssl=1&resize=350%2C200","width":350,"height":200,"srcset":"https:\/\/i0.wp.com\/vincentians.com\/es\/wp-content\/uploads\/sites\/11\/2013\/04\/f-3-scaled.jpg?fit=1200%2C570&ssl=1&resize=350%2C200 1x, https:\/\/i0.wp.com\/vincentians.com\/es\/wp-content\/uploads\/sites\/11\/2013\/04\/f-3-scaled.jpg?fit=1200%2C570&ssl=1&resize=525%2C300 1.5x, https:\/\/i0.wp.com\/vincentians.com\/es\/wp-content\/uploads\/sites\/11\/2013\/04\/f-3-scaled.jpg?fit=1200%2C570&ssl=1&resize=700%2C400 2x, https:\/\/i0.wp.com\/vincentians.com\/es\/wp-content\/uploads\/sites\/11\/2013\/04\/f-3-scaled.jpg?fit=1200%2C570&ssl=1&resize=1050%2C600 3x"},"classes":[]}],"_links":{"self":[{"href":"https:\/\/vincentians.com\/es\/wp-json\/wp\/v2\/posts\/43402","targetHints":{"allow":["GET"]}}],"collection":[{"href":"https:\/\/vincentians.com\/es\/wp-json\/wp\/v2\/posts"}],"about":[{"href":"https:\/\/vincentians.com\/es\/wp-json\/wp\/v2\/types\/post"}],"author":[{"embeddable":true,"href":"https:\/\/vincentians.com\/es\/wp-json\/wp\/v2\/users\/4"}],"replies":[{"embeddable":true,"href":"https:\/\/vincentians.com\/es\/wp-json\/wp\/v2\/comments?post=43402"}],"version-history":[{"count":0,"href":"https:\/\/vincentians.com\/es\/wp-json\/wp\/v2\/posts\/43402\/revisions"}],"wp:featuredmedia":[{"embeddable":true,"href":"https:\/\/vincentians.com\/es\/wp-json\/wp\/v2\/media\/388395"}],"wp:attachment":[{"href":"https:\/\/vincentians.com\/es\/wp-json\/wp\/v2\/media?parent=43402"}],"wp:term":[{"taxonomy":"category","embeddable":true,"href":"https:\/\/vincentians.com\/es\/wp-json\/wp\/v2\/categories?post=43402"},{"taxonomy":"post_tag","embeddable":true,"href":"https:\/\/vincentians.com\/es\/wp-json\/wp\/v2\/tags?post=43402"}],"curies":[{"name":"wp","href":"https:\/\/api.w.org\/{rel}","templated":true}]}}