{"id":43137,"date":"2015-03-14T06:10:05","date_gmt":"2015-03-14T05:10:05","guid":{"rendered":"http:\/\/somos.vicencianos.org\/blog\/2011\/06\/el-espiritu-de-luisa-de-marillac-2\/"},"modified":"2016-07-26T17:27:18","modified_gmt":"2016-07-26T15:27:18","slug":"el-espiritu-de-luisa-de-marillac-2","status":"publish","type":"post","link":"https:\/\/vincentians.com\/es\/el-espiritu-de-luisa-de-marillac-2\/","title":{"rendered":"El esp\u00edritu de Luisa de Marillac"},"content":{"rendered":"<p><a href=\"https:\/\/i0.wp.com\/vicencianos.org\/wp-content\/2015\/03\/marillac.jpg\"><img data-recalc-dims=\"1\" loading=\"lazy\" decoding=\"async\" class=\"alignright size-medium wp-image-141587\" src=\"https:\/\/i0.wp.com\/vicencianos.org\/wp-content\/2015\/03\/marillac-300x272.jpg?resize=300%2C272\" alt=\"marillac\" width=\"300\" height=\"272\" \/><\/a>El a\u00f1o 1660 fue un a\u00f1o de grandes p\u00e9rdidas para la familia vicen\u00adciana. Antonio Portail, primer compa\u00f1ero de Vicente de Pa\u00fal y pri\u00admer Director de las Hijas de la Caridad muere en febrero. Luisa de Marillac, su colaboradora y amiga, muere en marzo y \u00e9l mismo fallece en septiembre. Aunque el nombre y la imagen de Vicente fuesen universalmente reconocidas desde el siglo XVII, las de Luisa de Marillac parecen borrarse completamente. No ser\u00e1 hasta 1983, que ella saldr\u00e1 definitivamente de la sombra de Monsieur Vincent para recuperar su lugar, a igual paso, no solamente como Fundadora de las Hijas de la Caridad sino como una mujer actual. Por sus accio\u00adnes y por sus palabras, Luisa ha sido capaz de despertar en cada uno y cada una el conocimiento de su propio valor.<\/p>\n<h2><strong>\u00bfQui\u00e9n era Luisa de Marillac en el siglo XVII?<\/strong><\/h2>\n<p>En mayo de 1629, Vicente de Pa\u00fal env\u00eda a la joven viuda que el hab\u00eda conocido unos a\u00f1os antes a visitar las Cofrad\u00edas de Caridad que hab\u00edan comenzado tan bien pero que, desde hac\u00eda alg\u00fan tiempo perd\u00edan su fervor primitivo. Ten\u00edan necesidad de encontrar de nuevo el entusiasmo de su origen. Para Vicente nadie estaba mejor cualifi\u00adcada que Luisa de Marillac. Luisa lo conseguir\u00eda sumamente y Vicente se alegrar\u00eda de su \u00e9xito.<\/p>\n<p>Cuando Luisa encuentra a Vicente al final de 1625 comienzos de 1626, acababa de perder a su marido despu\u00e9s de una larga y dolorosa enfermedad. Luisa se encuentra sola con un hijo dif\u00edcil de 12 a\u00f1os y con angustias financieras Era una mujer fr\u00e1gil que buscaba su camino. Vicente la ha acompa\u00f1ado. Poco a poco Vicente discierne detr\u00e1s de la apariencia de duda, indecisi\u00f3n y ansiedad, una mujer fuerte, dotada de dones excepcionales aptos para hacer de ella el \u00abl\u00edder\u00bb que \u00e9l busca para colaborar con \u00e9l en sus obras de caridad.<\/p>\n<p>El env\u00edo a misi\u00f3n de mayo de 1629 no era m\u00e1s que el comienzo de una amistad y de una colaboraci\u00f3n que transformar\u00e1 la vida consa\u00adgrada femenina y el servicio de los m\u00e1s despose\u00eddos en Francia y m\u00e1s all\u00e1, y que contin\u00faa hasta nuestros d\u00edas en todo el mundo. Y en medio de todas estas transformaciones radicales se encuentra la figura de Luisa de Marillac. Ella ha visto enseguida la necesidad de reunir en comunidad esas j\u00f3venes campesinas que ella formaba, a petici\u00f3n de Vicente de Pa\u00fal, para trabajar con las Damas de la Caridad en el servicio de los pobres enfermos a domicilio. En un mismo impulso, fund\u00f3 las Hijas de la caridad, construy\u00f3 un puente por encima del abismo que separaba los ricos y los poderosos de los campesinos y los pobres, lo mismo que los hombres de las mujeres. Con Vicente de Pa\u00fal y las primeras Hijas de la Caridad, crea una amplia red de caridad que no excluye a nadie.<\/p>\n<p>Vicente de Pa\u00fal ten\u00eda una visi\u00f3n grande de las necesidades de los pobres. Luisa ten\u00eda la capacidad de la organizaci\u00f3n, la atenci\u00f3n a los detalles, la audacia y la creatividad para transformar esta visi\u00f3n en realidad. Es suficiente mirar la obra de los Ni\u00f1os Exp\u00f3sitos por la que ella sent\u00eda pasi\u00f3n \u2014 sin duda a causa de su nacimiento como \u00abhija natural\u00bb \u2014 y la del Hospicio del Santo Nombre de Jes\u00fas para las personas mayores para demostrar la verdad de esta afirmaci\u00f3n.<\/p>\n<h2><strong>\u00bfPor qu\u00e9 desaparece ella?<\/strong><\/h2>\n<p>Dado todo lo que se acaba de referir sobre la colaboraci\u00f3n estre\u00adcha y fruct\u00edfera entre Vicente y Luisa, tanto para la fundaci\u00f3n de las Hijas de la Caridad como para el desarrollo de las obras de caridad que respond\u00edan a toda una gama de necesidades de los m\u00e1s pobres, queda uno un poco asombrado ante la desaparici\u00f3n casi total de Luisa de Marillac. Incluso despu\u00e9s de su canonizaci\u00f3n en marzo de 1934 (dos siglos despu\u00e9s de la canonizaci\u00f3n de Vicente de Pa\u00fal), y durante la celebraci\u00f3n en 1960 del tercer centenario de su muerte, apenas se hablaba de ella.<\/p>\n<p>La respuesta a esta desaparici\u00f3n es doble. Por una parte, estaba el esfuerzo de glorificar a Vicente de Pa\u00fal y de darle a conocer tan pronto como fuese posible, despu\u00e9s de su muerte, como el gran ap\u00f3s\u00adtol de la caridad. En este proyecto, hab\u00eda un lugar para las Hijas de la Caridad pero como hijas de Vicente de Pa\u00fal. Pero no exist\u00eda lugar para una colaboradora que hab\u00eda dado carne y hueso a sus ideas. Por consiguiente no se hablaba de ella y menos a\u00fan de sus aporta\u00adciones. Sin embargo es preciso reconocer que, en vida, Luisa de Ma\u00adrillac no ha buscado jam\u00e1s ponerse por delante. Ella misma nos dice:<\/p>\n<p style=\"padding-left: 30px\"><em>\u00abNuestro Se\u00f1or naciendo en la pobreza y el abandono de las cria\u00adturas, me ense\u00f1a la pureza de su amor [&#8230;]. As\u00ed yo debo aprender<\/em><em>a mantenerme escondida en Dios, con el deseo de servirle sin bus\u00adcar el testimonio de las criaturas y la satisfacci\u00f3n en su comuni\u00ad<\/em><em>caci\u00f3n. Debo contentarme con que Dios vea lo que quiero ser.<\/em><em>Quiere que yo me entregue a \u00c9l a fin de que obre en m\u00ed esta dis\u00adposici\u00f3n, y yo lo he hecho por su gracia\u00bb<\/em> (Escritos 714).<\/p>\n<p>La segunda raz\u00f3n es m\u00e1s compleja. Dentro de la Compa\u00f1\u00eda de las Hijas de la Caridad, se encuentra aparentemente una reticencia, incluso un rechazo, a hacer avanzar la causa de canonizaci\u00f3n de una fundadora \u00abhija natural\u00bb. El proceso ha concluido despu\u00e9s de las ges-tiones necesarias pero sin mucho entusiasmo. Si es verdad que los santos tienen sus momentos, el de Santa Luisa no hab\u00eda llegado toda-v\u00eda. Para ello, es necesario esperar los ochenta a\u00f1os.<\/p>\n<h2><strong>\u00bfPor qu\u00e9 vuelve ella?<\/strong><\/h2>\n<p>Si en 1983, Luisa de Marillac sale finalmente de la sombra, es por-que el terreno se hab\u00eda preparado desde 1958 por la publicaci\u00f3n de la biograf\u00eda de Jean Calvet, titulada SANTA LUISA DE MARIL-LAC por ella misma, Retrato. En este libro, el autor habla p\u00fablica-mente y por primera vez de las circunstancias de su nacimiento, de los acontecimientos dram\u00e1ticos, a veces traum\u00e1ticas, de su infancia y de su juventud, y de una vida marcada por la dicha moment\u00e1nea y el sufrimiento nunca muy distante. Su meta era la \u00abverdad, compa\u00f1era de la santidad\u00bb. Reconoce la tendencia de Luisa, caminar en la \u00abestela\u00bb de Vicente de Pa\u00fal y \u00abcomo su sombra\u00bb. Hubiese querido haber realizado su originalidad y puesto de relieve su propia gran-deza \u00abcomo una de las glorias m\u00e1s puras de las mujeres francesas\u00bb (Calvet 8-9).<\/p>\n<p>Era necesaria tambi\u00e9n la convergencia de otros dos elementos sig-nificativos: el movimiento de la promoci\u00f3n de la Mujer y la reflexi\u00f3n del Concilio Vaticano II sobre la dignidad de la persona humana (Constituci\u00f3n Gaudium et Spes) para que la verdadera Luisa reapa-reciese. El momento propicio no llegar\u00e1 hasta 1983. Durante este a\u00f1o aparece la nueva edici\u00f3n de los ESCRITOS ESPIRITUALES DE LUISA DE MARILLAC. Gracias a una presentaci\u00f3n m\u00e1s asequi-ble, una nueva clasificaci\u00f3n, numerosas notas y un \u00edndice detalla-do, se descubre, sobre todo a trav\u00e9s de sus cartas a las hermanas, una mujer atractiva, llena de humanidad, atenta a cada ser humano en todas sus dimensiones.<\/p>\n<h2><strong>\u00bfQu\u00e9 aporta ella al mundo actual?<\/strong><\/h2>\n<p>La publicaci\u00f3n de los Escritos ha presentado la \u00abverdadera\u00bb Luisa al mundo franc\u00f3fono. Las traducciones que han seguido en m\u00faltiples lenguas han extendido su fama en todo el mundo. Pero \u00bfqu\u00e9 sem-blanza se desprende? Esta mujer fuerte y libre de su tiempo \u00bfqu\u00e9 aporta precisamente a los hombres y mujeres del siglo XXI?<\/p>\n<p>El mundo ha cambiado desde la \u00e9poca de Luisa de Marillac pero, a trav\u00e9s de los siglos, ella aporta a este mundo dominado por la tecnolog\u00eda los valores universales y permanentes y el calor en las relaciones humanas. Trescientos cincuenta a\u00f1os despu\u00e9s de su muerte, algunos de esos valores adquieren una importancia particu\u00adlar para la familia vicenciana, a saber:<\/p>\n<p><strong>El papel de la mujer<\/strong><\/p>\n<p><strong><em>Mujeres Campesinas<\/em><\/strong><strong>:<\/strong> Mucho antes de la Carta, Luisa ha buscado mejorar la situaci\u00f3n de la mujer campesina: Posibilidad de vivir una nueva forma de vida consagrada; formaci\u00f3n humana, espiritual y profesional; preparaci\u00f3n para asumir la responsabilidad como educa\u00addoras de los Ni\u00f1os Exp\u00f3sitos; maestra de escuela para las ni\u00f1as pobres; cuidadoras de enfermos pobres y abandonados.<\/p>\n<p><em>\u00abDeb\u00e9is estar agradecidas a las gracias que Dios os ha hecho al po\u00ad<\/em><em>neros en estado de ofrecerle tan grandes servicios<\/em> (Escritos 270). <em>No os asust\u00e9is&#8230;<\/em> (Escritos 816).<\/p>\n<p><strong><em>Mujeres de la Burgues\u00eda y de la Nobleza<\/em><\/strong><strong>:<\/strong> Luisa de Marillac estaba bien situada para establecer el enlace entre las campesinas, que eran las Hijas de la Caridad y las Damas de la Caridad que eran de la alta sociedad. Eso porque, como una Marillac, ten\u00eda su lugar en este medio, pero ella hab\u00eda elegido vivir en comunidad con las cam\u00adpesinas. Mientras que formaba a las primeras Hijas de la Caridad para el servicio de los pobres, con frecuencia en colaboraci\u00f3n con las Damas de la Caridad, su papel al lado de las Damas era, la mayor parte del tiempo, el de la animaci\u00f3n. Con sus palabras y sobre todo por su forma de actuar intentaba abrirles al respeto de cada persona, ayud\u00e1ndoles a descubrir bajo las apariencias la dignidad de los pobres, respetando y trabajando con las Hijas de la Caridad en pi\u00e9 de igualdad.<\/p>\n<p><em>&#8230;las Damas de la (Caridad) han reconocido las necesidades de<\/em><em>los pobres y&#8230; Dios les ha hecho la gracia de socorrerles de forma<\/em><em>tan caritativa y magn\u00edfica&#8230; Los medios que estas Damas carita\u00ad<\/em><em>tivas utilizan para el orden de sus distribuciones, han sido sus<\/em><em>santas Asambleas&#8230; suministrando&#8230; personas fieles y caritativas<\/em><em>para reconocer las verdaderas necesidades y suministrarles, pru\u00ad<\/em><em>dentemente, lo que ha servido no solamente para lo corporal,<\/em><em>sino tambi\u00e9n para lo espiritual<\/em> (Reflexiones de Luisa de Mari\u00adllac, Documentos 788).<\/p>\n<h2><strong>Red de Caridad<\/strong><\/h2>\n<p>Luisa de Marillac jam\u00e1s ha concebido el servicio de los pobres como algo reservado a un grupo particular. Para ella, la diversi\u00addad y la amplitud de las necesidades requer\u00edan una red enorme de colaboraci\u00f3n: mujeres y hombres; Damas de la Caridad, Sacerdotes y Hermanos de la Misi\u00f3n, Hijas de la Caridad, Padre de los Pobres (Administraci\u00f3n Municipal).<\/p>\n<p>Para asegurar un servicio eficaz, \u00e9sta colaboraci\u00f3n ten\u00eda sus exi\u00adgencias. Para comenzar, una obra de colaboraci\u00f3n vicenciana exige de cada uno la voluntad de reconocer y aceptar la personalidad del otro con sus cualidades y sus defectos.<\/p>\n<p style=\"padding-left: 30px\"><em>Renovaos en el esp\u00edritu de la uni\u00f3n y la cordialidad&#8230; El ejercicio<\/em><em>de la caridad&#8230; nos lleva siempre a no ver los defectos del otro con <\/em><em>acritud, sino a excusarles siempre humill\u00e1ndonos<\/em> (Escritos 312).<\/p>\n<p>En segundo lugar, una colaboraci\u00f3n as\u00ed exige de todos el re\u00adspeto mutuo, la capacidad de acoger la palabra del otro intentando expresarse.<\/p>\n<p style=\"padding-left: 30px\"><em>\u00abPresentad humildemente vuestras razones con fuerza, dulzura y<\/em><em>concisi\u00f3n\u00bb<\/em> (Escritos 141).<\/p>\n<p>Finalmente, el servicio de los pobres no ser\u00e1 jam\u00e1s vicenciano si no se caracteriza por el calor humano, por las calidades femeninas de las que Luisa de Marillac habla tan frecuentemente y realiza en su propia vida: compasi\u00f3n, ternura, dulzura, en una palabra AMOR.<\/p>\n<p style=\"padding-left: 30px\"><em>\u00abSed muy afables y dulces con vuestros pobres; sab\u00e9is que son<\/em><em>nuestros maestros y que es necesario amarles con ternura y res\u00ad<\/em><em>petarlos grandemente. No es suficiente que estas m\u00e1ximas est\u00e9n<\/em><em>en nuestro esp\u00edritu, es preciso que nosotros lo testimoniemos con<\/em><em>nuestros cuidados caritativos y dulces\u00bb<\/em> (Escritos 319).<\/p>\n<h2><strong>Preguntas para la reflexi\u00f3n personal y en grupo<\/strong><\/h2>\n<ol>\n<li>\u00bfQu\u00e9 encontr\u00e1is en las palabras y el ejemplo de Luisa de Marillac que os toca personalmente, que viene a ser para vosotros como un desaf\u00edo?<\/li>\n<li>\u00bfPens\u00e1is que es \u00fatil desarrollar la colaboraci\u00f3n vivida por Luisa de Marillac entre los diferentes grupos de la Familia Vicenciana? \u00bfQu\u00e9 inconvenientes veis? \u00bfQu\u00e9 ventajas? \u00bfC\u00f3mo pens\u00e1is vivir actualmente esta colaboraci\u00f3n?<\/li>\n<\/ol>\n<h2>Power Point:<\/h2>\n<p>Realizado por Sor Mar\u00eda Vicenta D\u00edaz, Hija de la Caridad, de la Provincia de Madrid-Santa Luisa.<\/p>\n<table border=\"0\" width=\"256\" align=\"center\">\n<tbody>\n<tr>\n<td>\n<div>Formato PPT <em>(Power Point):<\/em><\/div>\n<\/td>\n<\/tr>\n<tr>\n<td>\n<div><a href=\"http:\/\/vicencianos.org\/?dl_id=60\" target=\"_blank\"><img data-recalc-dims=\"1\" loading=\"lazy\" decoding=\"async\" src=\"https:\/\/i0.wp.com\/vicencianos.org\/vicencianos\/files\/ppt.png?resize=256%2C256\" alt=\"PDF\" width=\"256\" height=\"256\" \/><\/a><\/div>\n<\/td>\n<\/tr>\n<\/tbody>\n<\/table>\n","protected":false},"excerpt":{"rendered":"<p>El a\u00f1o 1660 fue un a\u00f1o de grandes p\u00e9rdidas para la familia vicen\u00adciana. Antonio Portail, primer compa\u00f1ero de Vicente de Pa\u00fal y pri\u00admer Director de las Hijas de la Caridad muere en febrero. Luisa de &#8230; <a href=\"https:\/\/vincentians.com\/es\/el-espiritu-de-luisa-de-marillac-2\/\" class=\"more-link\">Read More<\/a><\/p>\n","protected":false},"author":4,"featured_media":141587,"comment_status":"open","ping_status":"open","sticky":false,"template":"","format":"standard","meta":{"jetpack_post_was_ever_published":false,"_jetpack_newsletter_access":"","_jetpack_dont_email_post_to_subs":false,"_jetpack_newsletter_tier_id":0,"_jetpack_memberships_contains_paywalled_content":false,"_jetpack_memberships_contains_paid_content":false,"footnotes":"","jetpack_publicize_message":"","jetpack_publicize_feature_enabled":true,"jetpack_social_post_already_shared":true,"jetpack_social_options":{"image_generator_settings":{"template":"highway","default_image_id":0,"font":"","enabled":false},"version":2}},"categories":[226,18],"tags":[228,172,127],"class_list":["post-43137","post","type-post","status-publish","format-standard","has-post-thumbnail","hentry","category-espiritualidad-vicenciana","category-luisa-de-marillac","tag-calvet","tag-pobreza","tag-portail"],"yoast_head":"<!-- This site is optimized with the Yoast SEO plugin v26.3 - https:\/\/yoast.com\/wordpress\/plugins\/seo\/ -->\n<title>El esp\u00edritu de Luisa de Marillac - Somos Vicencianos<\/title>\n<meta name=\"robots\" content=\"index, follow, max-snippet:-1, max-image-preview:large, max-video-preview:-1\" \/>\n<link rel=\"canonical\" href=\"https:\/\/vincentians.com\/es\/el-espiritu-de-luisa-de-marillac-2\/\" \/>\n<meta property=\"og:locale\" content=\"es_ES\" \/>\n<meta property=\"og:type\" content=\"article\" \/>\n<meta property=\"og:title\" content=\"El esp\u00edritu de Luisa de Marillac - Somos Vicencianos\" \/>\n<meta property=\"og:description\" content=\"El a\u00f1o 1660 fue un a\u00f1o de grandes p\u00e9rdidas para la familia vicen\u00adciana. Antonio Portail, primer compa\u00f1ero de Vicente de Pa\u00fal y pri\u00admer Director de las Hijas de la Caridad muere en febrero. Luisa de ... Read More\" \/>\n<meta property=\"og:url\" content=\"https:\/\/vincentians.com\/es\/el-espiritu-de-luisa-de-marillac-2\/\" \/>\n<meta property=\"og:site_name\" content=\"Somos Vicencianos\" \/>\n<meta property=\"article:publisher\" content=\"https:\/\/www.facebook.com\/WeAreVincentians\/\" \/>\n<meta property=\"article:author\" content=\"https:\/\/www.facebook.com\/JavierChento\" \/>\n<meta property=\"article:published_time\" content=\"2015-03-14T05:10:05+00:00\" \/>\n<meta property=\"article:modified_time\" content=\"2016-07-26T15:27:18+00:00\" \/>\n<meta name=\"author\" content=\"Francisco Javier Fern\u00e1ndez Chento\" \/>\n<meta name=\"twitter:card\" content=\"summary_large_image\" \/>\n<meta name=\"twitter:creator\" content=\"@https:\/\/twitter.com\/javierchento\" \/>\n<meta name=\"twitter:site\" content=\"@WeVincentians\" \/>\n<meta name=\"twitter:label1\" content=\"Escrito por\" \/>\n\t<meta name=\"twitter:data1\" content=\"Francisco Javier Fern\u00e1ndez Chento\" \/>\n\t<meta name=\"twitter:label2\" content=\"Tiempo de lectura\" \/>\n\t<meta name=\"twitter:data2\" content=\"10 minutos\" \/>\n<script type=\"application\/ld+json\" class=\"yoast-schema-graph\">{\"@context\":\"https:\/\/schema.org\",\"@graph\":[{\"@type\":\"Article\",\"@id\":\"https:\/\/vincentians.com\/es\/el-espiritu-de-luisa-de-marillac-2\/#article\",\"isPartOf\":{\"@id\":\"https:\/\/vincentians.com\/es\/el-espiritu-de-luisa-de-marillac-2\/\"},\"author\":{\"name\":\"Francisco Javier Fern\u00e1ndez Chento\",\"@id\":\"http:\/\/vincentians.com\/es\/#\/schema\/person\/9623ef4d9aa3b2dfb8c061f1499288f2\"},\"headline\":\"El esp\u00edritu de Luisa de Marillac\",\"datePublished\":\"2015-03-14T05:10:05+00:00\",\"dateModified\":\"2016-07-26T15:27:18+00:00\",\"mainEntityOfPage\":{\"@id\":\"https:\/\/vincentians.com\/es\/el-espiritu-de-luisa-de-marillac-2\/\"},\"wordCount\":2108,\"commentCount\":0,\"publisher\":{\"@id\":\"http:\/\/vincentians.com\/es\/#organization\"},\"image\":{\"@id\":\"https:\/\/vincentians.com\/es\/el-espiritu-de-luisa-de-marillac-2\/#primaryimage\"},\"thumbnailUrl\":\"\",\"keywords\":[\"Calvet\",\"Pobreza\",\"Portail\"],\"articleSection\":[\"Espiritualidad vicenciana\",\"Luisa de Marillac\"],\"inLanguage\":\"es\",\"potentialAction\":[{\"@type\":\"CommentAction\",\"name\":\"Comment\",\"target\":[\"https:\/\/vincentians.com\/es\/el-espiritu-de-luisa-de-marillac-2\/#respond\"]}]},{\"@type\":\"WebPage\",\"@id\":\"https:\/\/vincentians.com\/es\/el-espiritu-de-luisa-de-marillac-2\/\",\"url\":\"https:\/\/vincentians.com\/es\/el-espiritu-de-luisa-de-marillac-2\/\",\"name\":\"El esp\u00edritu de Luisa de Marillac - Somos Vicencianos\",\"isPartOf\":{\"@id\":\"http:\/\/vincentians.com\/es\/#website\"},\"primaryImageOfPage\":{\"@id\":\"https:\/\/vincentians.com\/es\/el-espiritu-de-luisa-de-marillac-2\/#primaryimage\"},\"image\":{\"@id\":\"https:\/\/vincentians.com\/es\/el-espiritu-de-luisa-de-marillac-2\/#primaryimage\"},\"thumbnailUrl\":\"\",\"datePublished\":\"2015-03-14T05:10:05+00:00\",\"dateModified\":\"2016-07-26T15:27:18+00:00\",\"breadcrumb\":{\"@id\":\"https:\/\/vincentians.com\/es\/el-espiritu-de-luisa-de-marillac-2\/#breadcrumb\"},\"inLanguage\":\"es\",\"potentialAction\":[{\"@type\":\"ReadAction\",\"target\":[\"https:\/\/vincentians.com\/es\/el-espiritu-de-luisa-de-marillac-2\/\"]}]},{\"@type\":\"ImageObject\",\"inLanguage\":\"es\",\"@id\":\"https:\/\/vincentians.com\/es\/el-espiritu-de-luisa-de-marillac-2\/#primaryimage\",\"url\":\"\",\"contentUrl\":\"\"},{\"@type\":\"BreadcrumbList\",\"@id\":\"https:\/\/vincentians.com\/es\/el-espiritu-de-luisa-de-marillac-2\/#breadcrumb\",\"itemListElement\":[{\"@type\":\"ListItem\",\"position\":1,\"name\":\"Portada\",\"item\":\"http:\/\/vincentians.com\/es\/\"},{\"@type\":\"ListItem\",\"position\":2,\"name\":\"El esp\u00edritu de Luisa de Marillac\"}]},{\"@type\":\"WebSite\",\"@id\":\"http:\/\/vincentians.com\/es\/#website\",\"url\":\"http:\/\/vincentians.com\/es\/\",\"name\":\"Somos Vicencianos\",\"description\":\"Know more to serve more\",\"publisher\":{\"@id\":\"http:\/\/vincentians.com\/es\/#organization\"},\"potentialAction\":[{\"@type\":\"SearchAction\",\"target\":{\"@type\":\"EntryPoint\",\"urlTemplate\":\"http:\/\/vincentians.com\/es\/?s={search_term_string}\"},\"query-input\":{\"@type\":\"PropertyValueSpecification\",\"valueRequired\":true,\"valueName\":\"search_term_string\"}}],\"inLanguage\":\"es\"},{\"@type\":\"Organization\",\"@id\":\"http:\/\/vincentians.com\/es\/#organization\",\"name\":\"The Vincentian Network\",\"url\":\"http:\/\/vincentians.com\/es\/\",\"logo\":{\"@type\":\"ImageObject\",\"inLanguage\":\"es\",\"@id\":\"http:\/\/vincentians.com\/es\/#\/schema\/logo\/image\/\",\"url\":\"https:\/\/i1.wp.com\/vincentians.com\/es\/wp-content\/uploads\/sites\/11\/2016\/06\/Vincentian-Network-logo-big.png?fit=778%2C778\",\"contentUrl\":\"https:\/\/i1.wp.com\/vincentians.com\/es\/wp-content\/uploads\/sites\/11\/2016\/06\/Vincentian-Network-logo-big.png?fit=778%2C778\",\"width\":778,\"height\":778,\"caption\":\"The Vincentian Network\"},\"image\":{\"@id\":\"http:\/\/vincentians.com\/es\/#\/schema\/logo\/image\/\"},\"sameAs\":[\"https:\/\/www.facebook.com\/WeAreVincentians\/\",\"https:\/\/x.com\/WeVincentians\"]},{\"@type\":\"Person\",\"@id\":\"http:\/\/vincentians.com\/es\/#\/schema\/person\/9623ef4d9aa3b2dfb8c061f1499288f2\",\"name\":\"Francisco Javier Fern\u00e1ndez Chento\",\"image\":{\"@type\":\"ImageObject\",\"inLanguage\":\"es\",\"@id\":\"http:\/\/vincentians.com\/es\/#\/schema\/person\/image\/\",\"url\":\"https:\/\/secure.gravatar.com\/avatar\/497d5cde87b4c3d097d0315953521681ba2cd523ee66e5077c3711f7021e65de?s=96&d=mm&r=g\",\"contentUrl\":\"https:\/\/secure.gravatar.com\/avatar\/497d5cde87b4c3d097d0315953521681ba2cd523ee66e5077c3711f7021e65de?s=96&d=mm&r=g\",\"caption\":\"Francisco Javier Fern\u00e1ndez Chento\"},\"description\":\"Director General y cofundador de La Red de Formaci\u00f3n Vicenciana. Javier es laico vicenciano, afiliado a la Congregaci\u00f3n de la Misi\u00f3n y miembro del Equipo de Misiones Populares de la provincia can\u00f3nica de Zaragoza (Espa\u00f1a) de la Congregaci\u00f3n de la Misi\u00f3n. Graduado en la Universidad Oberta de Catalunya con cuatro grados (Asistente de direcci\u00f3n, Gesti\u00f3n Administrativa, Recursos Humanos y Contabilidad Avanzada). Bil\u00edng\u00fce Espa\u00f1ol\/Ingl\u00e9s. gestiona y mantiene varias p\u00e1ginas web cristianas y vicencianas, incluida including La Red de Formaci\u00f3n Vicenciana, de la que es cofundador. Actualmente es responsable del \u00e1rea de Espa\u00f1ol de .famvin, la Red de Noticias de la Familia Vicenciana. Tambi\u00e9n es m\u00fasico cat\u00f3lico y ha editado varios discos. Es Director General y cofundador de Trovador, una reconocida compa\u00f1\u00eda discogr\u00e1fica critiana de Espa\u00f1a. Trabaja en las Tecnolog\u00edas de la Informaci\u00f3n, ofreciendo servicios de alojamiento, dise\u00f1o y mantenimiento Web, as\u00ed como asesoramiento, formaci\u00f3n y soluciones inform\u00e1ticas, gesti\u00f3n documental y digitalizaci\u00f3n de textos, edici\u00f3n y maquetaci\u00f3n de libros, revistas, flyers, etc.\",\"sameAs\":[\"http:\/\/chento.org\",\"https:\/\/www.facebook.com\/JavierChento\",\"https:\/\/x.com\/https:\/\/twitter.com\/javierchento\"],\"url\":\"https:\/\/vincentians.com\/es\/author\/chento\/\"}]}<\/script>\n<!-- \/ Yoast SEO plugin. -->","yoast_head_json":{"title":"El esp\u00edritu de Luisa de Marillac - Somos Vicencianos","robots":{"index":"index","follow":"follow","max-snippet":"max-snippet:-1","max-image-preview":"max-image-preview:large","max-video-preview":"max-video-preview:-1"},"canonical":"https:\/\/vincentians.com\/es\/el-espiritu-de-luisa-de-marillac-2\/","og_locale":"es_ES","og_type":"article","og_title":"El esp\u00edritu de Luisa de Marillac - Somos Vicencianos","og_description":"El a\u00f1o 1660 fue un a\u00f1o de grandes p\u00e9rdidas para la familia vicen\u00adciana. Antonio Portail, primer compa\u00f1ero de Vicente de Pa\u00fal y pri\u00admer Director de las Hijas de la Caridad muere en febrero. Luisa de ... Read More","og_url":"https:\/\/vincentians.com\/es\/el-espiritu-de-luisa-de-marillac-2\/","og_site_name":"Somos Vicencianos","article_publisher":"https:\/\/www.facebook.com\/WeAreVincentians\/","article_author":"https:\/\/www.facebook.com\/JavierChento","article_published_time":"2015-03-14T05:10:05+00:00","article_modified_time":"2016-07-26T15:27:18+00:00","author":"Francisco Javier Fern\u00e1ndez Chento","twitter_card":"summary_large_image","twitter_creator":"@https:\/\/twitter.com\/javierchento","twitter_site":"@WeVincentians","twitter_misc":{"Escrito por":"Francisco Javier Fern\u00e1ndez Chento","Tiempo de lectura":"10 minutos"},"schema":{"@context":"https:\/\/schema.org","@graph":[{"@type":"Article","@id":"https:\/\/vincentians.com\/es\/el-espiritu-de-luisa-de-marillac-2\/#article","isPartOf":{"@id":"https:\/\/vincentians.com\/es\/el-espiritu-de-luisa-de-marillac-2\/"},"author":{"name":"Francisco Javier Fern\u00e1ndez Chento","@id":"http:\/\/vincentians.com\/es\/#\/schema\/person\/9623ef4d9aa3b2dfb8c061f1499288f2"},"headline":"El esp\u00edritu de Luisa de Marillac","datePublished":"2015-03-14T05:10:05+00:00","dateModified":"2016-07-26T15:27:18+00:00","mainEntityOfPage":{"@id":"https:\/\/vincentians.com\/es\/el-espiritu-de-luisa-de-marillac-2\/"},"wordCount":2108,"commentCount":0,"publisher":{"@id":"http:\/\/vincentians.com\/es\/#organization"},"image":{"@id":"https:\/\/vincentians.com\/es\/el-espiritu-de-luisa-de-marillac-2\/#primaryimage"},"thumbnailUrl":"","keywords":["Calvet","Pobreza","Portail"],"articleSection":["Espiritualidad vicenciana","Luisa de Marillac"],"inLanguage":"es","potentialAction":[{"@type":"CommentAction","name":"Comment","target":["https:\/\/vincentians.com\/es\/el-espiritu-de-luisa-de-marillac-2\/#respond"]}]},{"@type":"WebPage","@id":"https:\/\/vincentians.com\/es\/el-espiritu-de-luisa-de-marillac-2\/","url":"https:\/\/vincentians.com\/es\/el-espiritu-de-luisa-de-marillac-2\/","name":"El esp\u00edritu de Luisa de Marillac - Somos Vicencianos","isPartOf":{"@id":"http:\/\/vincentians.com\/es\/#website"},"primaryImageOfPage":{"@id":"https:\/\/vincentians.com\/es\/el-espiritu-de-luisa-de-marillac-2\/#primaryimage"},"image":{"@id":"https:\/\/vincentians.com\/es\/el-espiritu-de-luisa-de-marillac-2\/#primaryimage"},"thumbnailUrl":"","datePublished":"2015-03-14T05:10:05+00:00","dateModified":"2016-07-26T15:27:18+00:00","breadcrumb":{"@id":"https:\/\/vincentians.com\/es\/el-espiritu-de-luisa-de-marillac-2\/#breadcrumb"},"inLanguage":"es","potentialAction":[{"@type":"ReadAction","target":["https:\/\/vincentians.com\/es\/el-espiritu-de-luisa-de-marillac-2\/"]}]},{"@type":"ImageObject","inLanguage":"es","@id":"https:\/\/vincentians.com\/es\/el-espiritu-de-luisa-de-marillac-2\/#primaryimage","url":"","contentUrl":""},{"@type":"BreadcrumbList","@id":"https:\/\/vincentians.com\/es\/el-espiritu-de-luisa-de-marillac-2\/#breadcrumb","itemListElement":[{"@type":"ListItem","position":1,"name":"Portada","item":"http:\/\/vincentians.com\/es\/"},{"@type":"ListItem","position":2,"name":"El esp\u00edritu de Luisa de Marillac"}]},{"@type":"WebSite","@id":"http:\/\/vincentians.com\/es\/#website","url":"http:\/\/vincentians.com\/es\/","name":"Somos Vicencianos","description":"Know more to serve more","publisher":{"@id":"http:\/\/vincentians.com\/es\/#organization"},"potentialAction":[{"@type":"SearchAction","target":{"@type":"EntryPoint","urlTemplate":"http:\/\/vincentians.com\/es\/?s={search_term_string}"},"query-input":{"@type":"PropertyValueSpecification","valueRequired":true,"valueName":"search_term_string"}}],"inLanguage":"es"},{"@type":"Organization","@id":"http:\/\/vincentians.com\/es\/#organization","name":"The Vincentian Network","url":"http:\/\/vincentians.com\/es\/","logo":{"@type":"ImageObject","inLanguage":"es","@id":"http:\/\/vincentians.com\/es\/#\/schema\/logo\/image\/","url":"https:\/\/i1.wp.com\/vincentians.com\/es\/wp-content\/uploads\/sites\/11\/2016\/06\/Vincentian-Network-logo-big.png?fit=778%2C778","contentUrl":"https:\/\/i1.wp.com\/vincentians.com\/es\/wp-content\/uploads\/sites\/11\/2016\/06\/Vincentian-Network-logo-big.png?fit=778%2C778","width":778,"height":778,"caption":"The Vincentian Network"},"image":{"@id":"http:\/\/vincentians.com\/es\/#\/schema\/logo\/image\/"},"sameAs":["https:\/\/www.facebook.com\/WeAreVincentians\/","https:\/\/x.com\/WeVincentians"]},{"@type":"Person","@id":"http:\/\/vincentians.com\/es\/#\/schema\/person\/9623ef4d9aa3b2dfb8c061f1499288f2","name":"Francisco Javier Fern\u00e1ndez Chento","image":{"@type":"ImageObject","inLanguage":"es","@id":"http:\/\/vincentians.com\/es\/#\/schema\/person\/image\/","url":"https:\/\/secure.gravatar.com\/avatar\/497d5cde87b4c3d097d0315953521681ba2cd523ee66e5077c3711f7021e65de?s=96&d=mm&r=g","contentUrl":"https:\/\/secure.gravatar.com\/avatar\/497d5cde87b4c3d097d0315953521681ba2cd523ee66e5077c3711f7021e65de?s=96&d=mm&r=g","caption":"Francisco Javier Fern\u00e1ndez Chento"},"description":"Director General y cofundador de La Red de Formaci\u00f3n Vicenciana. Javier es laico vicenciano, afiliado a la Congregaci\u00f3n de la Misi\u00f3n y miembro del Equipo de Misiones Populares de la provincia can\u00f3nica de Zaragoza (Espa\u00f1a) de la Congregaci\u00f3n de la Misi\u00f3n. Graduado en la Universidad Oberta de Catalunya con cuatro grados (Asistente de direcci\u00f3n, Gesti\u00f3n Administrativa, Recursos Humanos y Contabilidad Avanzada). Bil\u00edng\u00fce Espa\u00f1ol\/Ingl\u00e9s. gestiona y mantiene varias p\u00e1ginas web cristianas y vicencianas, incluida including La Red de Formaci\u00f3n Vicenciana, de la que es cofundador. Actualmente es responsable del \u00e1rea de Espa\u00f1ol de .famvin, la Red de Noticias de la Familia Vicenciana. Tambi\u00e9n es m\u00fasico cat\u00f3lico y ha editado varios discos. Es Director General y cofundador de Trovador, una reconocida compa\u00f1\u00eda discogr\u00e1fica critiana de Espa\u00f1a. Trabaja en las Tecnolog\u00edas de la Informaci\u00f3n, ofreciendo servicios de alojamiento, dise\u00f1o y mantenimiento Web, as\u00ed como asesoramiento, formaci\u00f3n y soluciones inform\u00e1ticas, gesti\u00f3n documental y digitalizaci\u00f3n de textos, edici\u00f3n y maquetaci\u00f3n de libros, revistas, flyers, etc.","sameAs":["http:\/\/chento.org","https:\/\/www.facebook.com\/JavierChento","https:\/\/x.com\/https:\/\/twitter.com\/javierchento"],"url":"https:\/\/vincentians.com\/es\/author\/chento\/"}]}},"jetpack_publicize_connections":[],"jetpack_featured_media_url":"","jetpack_sharing_enabled":true,"jetpack_shortlink":"https:\/\/wp.me\/p7ETMF-bdL","jetpack-related-posts":[{"id":101771,"url":"https:\/\/vincentians.com\/es\/orando-con-luisa-de-marillac\/","url_meta":{"origin":43137,"position":0},"title":"Orando con Luisa de Marillac","author":"Francisco Javier Fern\u00e1ndez Chento","date":"07\/04\/2015","format":false,"excerpt":"Las primeras Hijas de la Caridad quedaron impresiona\u00addos por la actitud orante de Luisa de Marillac. En las conferencias celebradas sobre las virtudes de la Srta. Le Gras, varias Hermanas pusieron de relieve su pro\u00adfunda uni\u00f3n con Dios: \"Siempre ten\u00eda su esp\u00edritu ocupado en Dios.\" \"Ten\u00eda mucha vida Interior y\u2026","rel":"","context":"En \u00abEspiritualidad vicenciana\u00bb","block_context":{"text":"Espiritualidad vicenciana","link":"https:\/\/vincentians.com\/es\/category\/espiritualidad\/espiritualidad-vicenciana\/"},"img":{"alt_text":"","src":"https:\/\/i0.wp.com\/vicencianos.org\/wp-content\/2011\/09\/rostros_luisa_09-225x300.jpg?resize=350%2C200","width":350,"height":200},"classes":[]},{"id":119449,"url":"https:\/\/vincentians.com\/es\/luisa-de-marillac-carta-0689-al-senor-vicente\/","url_meta":{"origin":43137,"position":1},"title":"Luisa de Marillac, Carta 0689: Al se\u00f1or Vicente","author":"Francisco Javier Fern\u00e1ndez Chento","date":"14\/04\/2013","format":false,"excerpt":"Hoy, 24 de agosto [1659] Nuestras dos Hermanas, mi muy Honorable Padre, que le han pedido permiso a su caridad para hacer los votos, est\u00e1n en el quinto a\u00f1o de su entrado en la Compa\u00f1\u00eda. Una se llama Petronila y no ignora el aprecio que debe hacer de tal acto\u2026","rel":"","context":"En \u00abEscritos de Luisa de Marillac\u00bb","block_context":{"text":"Escritos de Luisa de Marillac","link":"https:\/\/vincentians.com\/es\/category\/escritos\/escritos-de-luisa-de-marillac\/"},"img":{"alt_text":"","src":"https:\/\/i0.wp.com\/vincentians.com\/es\/wp-content\/uploads\/sites\/11\/2016\/07\/escritos-luisa-de-marillac.jpg?fit=1200%2C630&ssl=1&resize=350%2C200","width":350,"height":200,"srcset":"https:\/\/i0.wp.com\/vincentians.com\/es\/wp-content\/uploads\/sites\/11\/2016\/07\/escritos-luisa-de-marillac.jpg?fit=1200%2C630&ssl=1&resize=350%2C200 1x, https:\/\/i0.wp.com\/vincentians.com\/es\/wp-content\/uploads\/sites\/11\/2016\/07\/escritos-luisa-de-marillac.jpg?fit=1200%2C630&ssl=1&resize=525%2C300 1.5x, https:\/\/i0.wp.com\/vincentians.com\/es\/wp-content\/uploads\/sites\/11\/2016\/07\/escritos-luisa-de-marillac.jpg?fit=1200%2C630&ssl=1&resize=700%2C400 2x, https:\/\/i0.wp.com\/vincentians.com\/es\/wp-content\/uploads\/sites\/11\/2016\/07\/escritos-luisa-de-marillac.jpg?fit=1200%2C630&ssl=1&resize=1050%2C600 3x"},"classes":[]},{"id":115700,"url":"https:\/\/vincentians.com\/es\/luisa-de-marillac-carta-0666-al-senor-vicente\/","url_meta":{"origin":43137,"position":2},"title":"Luisa de Marillac, Carta 0666: Al se\u00f1or Vicente","author":"Francisco Javier Fern\u00e1ndez Chento","date":"08\/12\/2012","format":false,"excerpt":"(31 de diciembre de 1658) Mi muy Honorable Padre: Alabo a Dios con todo mi coraz\u00f3n porque su caridad se adelanta a que le manifestemos nuestras necesidades y por ello le doy humildemente las gracias; da esto una seguridad tan grande a mi coraz\u00f3n que, de no ser as\u00ed tendr\u00eda\u2026","rel":"","context":"En \u00abEscritos de Luisa de Marillac\u00bb","block_context":{"text":"Escritos de Luisa de Marillac","link":"https:\/\/vincentians.com\/es\/category\/escritos\/escritos-de-luisa-de-marillac\/"},"img":{"alt_text":"","src":"https:\/\/i0.wp.com\/vincentians.com\/es\/wp-content\/uploads\/sites\/11\/2016\/07\/escritos-luisa-de-marillac.jpg?fit=1200%2C630&ssl=1&resize=350%2C200","width":350,"height":200,"srcset":"https:\/\/i0.wp.com\/vincentians.com\/es\/wp-content\/uploads\/sites\/11\/2016\/07\/escritos-luisa-de-marillac.jpg?fit=1200%2C630&ssl=1&resize=350%2C200 1x, https:\/\/i0.wp.com\/vincentians.com\/es\/wp-content\/uploads\/sites\/11\/2016\/07\/escritos-luisa-de-marillac.jpg?fit=1200%2C630&ssl=1&resize=525%2C300 1.5x, https:\/\/i0.wp.com\/vincentians.com\/es\/wp-content\/uploads\/sites\/11\/2016\/07\/escritos-luisa-de-marillac.jpg?fit=1200%2C630&ssl=1&resize=700%2C400 2x, https:\/\/i0.wp.com\/vincentians.com\/es\/wp-content\/uploads\/sites\/11\/2016\/07\/escritos-luisa-de-marillac.jpg?fit=1200%2C630&ssl=1&resize=1050%2C600 3x"},"classes":[]},{"id":120086,"url":"https:\/\/vincentians.com\/es\/luisa-de-marillac-carta-0697-al-senor-vicente\/","url_meta":{"origin":43137,"position":3},"title":"Luisa de Marillac, Carta 0697: Al se\u00f1or Vicente","author":"Francisco Javier Fern\u00e1ndez Chento","date":"24\/04\/2013","format":false,"excerpt":"Hoy, 12 de noviembre [1659] Mi muy Honorable Padre: Sor Natividad, que lleva en la Compa\u00f1\u00eda nueve a\u00f1os y se ha portado todo lo bien que su cortedad le ha permitido, siendo temerosa de Dios, suplica humildemente a su caridad, mi muy Honorable Padre, la ofrezca a Nuestro Se\u00f1or y\u2026","rel":"","context":"En \u00abEscritos de Luisa de Marillac\u00bb","block_context":{"text":"Escritos de Luisa de Marillac","link":"https:\/\/vincentians.com\/es\/category\/escritos\/escritos-de-luisa-de-marillac\/"},"img":{"alt_text":"","src":"https:\/\/i0.wp.com\/vincentians.com\/es\/wp-content\/uploads\/sites\/11\/2016\/07\/escritos-luisa-de-marillac.jpg?fit=1200%2C630&ssl=1&resize=350%2C200","width":350,"height":200,"srcset":"https:\/\/i0.wp.com\/vincentians.com\/es\/wp-content\/uploads\/sites\/11\/2016\/07\/escritos-luisa-de-marillac.jpg?fit=1200%2C630&ssl=1&resize=350%2C200 1x, https:\/\/i0.wp.com\/vincentians.com\/es\/wp-content\/uploads\/sites\/11\/2016\/07\/escritos-luisa-de-marillac.jpg?fit=1200%2C630&ssl=1&resize=525%2C300 1.5x, https:\/\/i0.wp.com\/vincentians.com\/es\/wp-content\/uploads\/sites\/11\/2016\/07\/escritos-luisa-de-marillac.jpg?fit=1200%2C630&ssl=1&resize=700%2C400 2x, https:\/\/i0.wp.com\/vincentians.com\/es\/wp-content\/uploads\/sites\/11\/2016\/07\/escritos-luisa-de-marillac.jpg?fit=1200%2C630&ssl=1&resize=1050%2C600 3x"},"classes":[]},{"id":103919,"url":"https:\/\/vincentians.com\/es\/luisa-de-marillac-carta-0653-al-senor-vicente\/","url_meta":{"origin":43137,"position":4},"title":"Luisa de Marillac, Carta 0653: Al Se\u00f1or Vicente","author":"Francisco Javier Fern\u00e1ndez Chento","date":"29\/09\/2012","format":false,"excerpt":"[Octubre 1658] Muy Honorable Padre: Nuestra Hermana Sor Francisca Fanchon ha pedido hoy consejo al se\u00f1or Portail acerca de su deseo de hacer ma\u00f1ana, d\u00eda de San Francisco su renovaci\u00f3n anual, y \u00e9l no ha encontrado dificultad alguna en ello. La Hermana suplica a su Caridad, si lo tiene a\u2026","rel":"","context":"En \u00abEscritos de Luisa de Marillac\u00bb","block_context":{"text":"Escritos de Luisa de Marillac","link":"https:\/\/vincentians.com\/es\/category\/escritos\/escritos-de-luisa-de-marillac\/"},"img":{"alt_text":"","src":"https:\/\/i0.wp.com\/vincentians.com\/es\/wp-content\/uploads\/sites\/11\/2016\/07\/escritos-luisa-de-marillac.jpg?fit=1200%2C630&ssl=1&resize=350%2C200","width":350,"height":200,"srcset":"https:\/\/i0.wp.com\/vincentians.com\/es\/wp-content\/uploads\/sites\/11\/2016\/07\/escritos-luisa-de-marillac.jpg?fit=1200%2C630&ssl=1&resize=350%2C200 1x, https:\/\/i0.wp.com\/vincentians.com\/es\/wp-content\/uploads\/sites\/11\/2016\/07\/escritos-luisa-de-marillac.jpg?fit=1200%2C630&ssl=1&resize=525%2C300 1.5x, https:\/\/i0.wp.com\/vincentians.com\/es\/wp-content\/uploads\/sites\/11\/2016\/07\/escritos-luisa-de-marillac.jpg?fit=1200%2C630&ssl=1&resize=700%2C400 2x, https:\/\/i0.wp.com\/vincentians.com\/es\/wp-content\/uploads\/sites\/11\/2016\/07\/escritos-luisa-de-marillac.jpg?fit=1200%2C630&ssl=1&resize=1050%2C600 3x"},"classes":[]},{"id":114874,"url":"https:\/\/vincentians.com\/es\/luisa-de-marillac-carta-0662-al-senor-vicente\/","url_meta":{"origin":43137,"position":5},"title":"Luisa de Marillac, Carta 0662: Al se\u00f1or Vicente","author":"Francisco Javier Fern\u00e1ndez Chento","date":"04\/12\/2012","format":false,"excerpt":"Hoy, domingo [diciembre 1658] Mi muy Honorable Padre: No me he atrevido a manifestar a su caridad, en nombre de toda la Compa\u00f1\u00eda de nuestras Hermanas, que nos considerar\u00edamos muy dichosas de que nos pusiera ma\u00f1ana en el santo altar bajo la protecci\u00f3n de la Sant\u00edsima Virgen, ni a suplicarle\u2026","rel":"","context":"En \u00abEscritos de Luisa de Marillac\u00bb","block_context":{"text":"Escritos de Luisa de Marillac","link":"https:\/\/vincentians.com\/es\/category\/escritos\/escritos-de-luisa-de-marillac\/"},"img":{"alt_text":"","src":"https:\/\/i0.wp.com\/vincentians.com\/es\/wp-content\/uploads\/sites\/11\/2016\/07\/escritos-luisa-de-marillac.jpg?fit=1200%2C630&ssl=1&resize=350%2C200","width":350,"height":200,"srcset":"https:\/\/i0.wp.com\/vincentians.com\/es\/wp-content\/uploads\/sites\/11\/2016\/07\/escritos-luisa-de-marillac.jpg?fit=1200%2C630&ssl=1&resize=350%2C200 1x, https:\/\/i0.wp.com\/vincentians.com\/es\/wp-content\/uploads\/sites\/11\/2016\/07\/escritos-luisa-de-marillac.jpg?fit=1200%2C630&ssl=1&resize=525%2C300 1.5x, https:\/\/i0.wp.com\/vincentians.com\/es\/wp-content\/uploads\/sites\/11\/2016\/07\/escritos-luisa-de-marillac.jpg?fit=1200%2C630&ssl=1&resize=700%2C400 2x, https:\/\/i0.wp.com\/vincentians.com\/es\/wp-content\/uploads\/sites\/11\/2016\/07\/escritos-luisa-de-marillac.jpg?fit=1200%2C630&ssl=1&resize=1050%2C600 3x"},"classes":[]}],"_links":{"self":[{"href":"https:\/\/vincentians.com\/es\/wp-json\/wp\/v2\/posts\/43137","targetHints":{"allow":["GET"]}}],"collection":[{"href":"https:\/\/vincentians.com\/es\/wp-json\/wp\/v2\/posts"}],"about":[{"href":"https:\/\/vincentians.com\/es\/wp-json\/wp\/v2\/types\/post"}],"author":[{"embeddable":true,"href":"https:\/\/vincentians.com\/es\/wp-json\/wp\/v2\/users\/4"}],"replies":[{"embeddable":true,"href":"https:\/\/vincentians.com\/es\/wp-json\/wp\/v2\/comments?post=43137"}],"version-history":[{"count":0,"href":"https:\/\/vincentians.com\/es\/wp-json\/wp\/v2\/posts\/43137\/revisions"}],"wp:featuredmedia":[{"embeddable":true,"href":"https:\/\/vincentians.com\/es\/wp-json\/"}],"wp:attachment":[{"href":"https:\/\/vincentians.com\/es\/wp-json\/wp\/v2\/media?parent=43137"}],"wp:term":[{"taxonomy":"category","embeddable":true,"href":"https:\/\/vincentians.com\/es\/wp-json\/wp\/v2\/categories?post=43137"},{"taxonomy":"post_tag","embeddable":true,"href":"https:\/\/vincentians.com\/es\/wp-json\/wp\/v2\/tags?post=43137"}],"curies":[{"name":"wp","href":"https:\/\/api.w.org\/{rel}","templated":true}]}}